{"id":1018,"date":"2026-02-11T12:12:13","date_gmt":"2026-02-11T11:12:13","guid":{"rendered":"https:\/\/www.malagacar.com\/fr\/blog\/?p=1018"},"modified":"2026-02-11T12:12:46","modified_gmt":"2026-02-11T11:12:46","slug":"concerts-marenostrum-fuengirola","status":"publish","type":"post","link":"https:\/\/www.malagacar.com\/fr\/blog\/loisirs\/concerts-marenostrum-fuengirola\/","title":{"rendered":"Concerts Marenostrum Fuengirola 2026"},"content":{"rendered":"<p>D\u00e9couvrez la programmation de cette saison qui d\u00e9bute en mai, les <em><strong>concerts, festivals et \u00e9v\u00e9nements du Marenostrum Fuengirola 2026<\/strong><\/em>.<br \/>\n<!--more--><\/p>\n\n            <div class=\"banner\">\n                <div class=\"row\">\n                    <div class=\"col-sm-4\">\n                        <a href=\"\/fr\/location-de-voitures\/quote.php\" data-wpel-link=\"internal\"><img decoding=\"async\" src=\"\/images\/banner-img.jpg\" alt=\"malagacar.com\"><\/a>\n                    <\/div>\n                    <div class=\"col-sm-8\">\n                      <a href=\"\/fr\/location-de-voitures\/quote.php\" class=\"banner-title\" data-wpel-link=\"internal\">Meilleure location de voitures <div>\u00e0 l'a\u00e9roport de Malaga<\/div><\/a>   \n                        <div class=\"row\">\n                            <div class=\"col-sm-7\">\n                                <ul>\n                                    <li>Pas de frais de ravitaillement<\/li>\n                                    <li>Annulation gratuite<\/li>\n                                    <li>Location sans interm\u00e9diaire<\/li>\n                                    <li>Payez lorsque vous prenez la voiture<\/li>\n                                    <li><\/li>\n                                <\/ul>\n                            <\/div>\n                            <div class=\"col-sm-5\">\n                                <a class=\"btn-banner\" href=\"\/fr\/location-de-voitures\/quote.php\" data-wpel-link=\"internal\">Consultez les prix<\/a>\n                                <img decoding=\"async\" class=\"zonturent\" src=\"\/images\/zontu-banner.png\" alt=\"\">\n                            <\/div>\n                        <\/div>\n                    <\/div>\n                 <\/div>  \n            <\/div>\n            \n<p>Marenostrum Fuengirola c\u00e9l\u00e8bre cette ann\u00e9e son 11e anniversaire.<\/p>\n<p><em><strong>Situ\u00e9 \u00e0 c\u00f4t\u00e9 de l&rsquo;ancienne forteresse maure Sohail et au bord de la mer<\/strong><\/em>, le Marenostrum Fuengirola est devenu, en 11 ans d&rsquo;existence, l&rsquo;<em><strong>un des lieux de musique en plein air les plus spectaculaires de la Costa del Sol<\/strong><\/em>.<\/p>\n<div style=\"width: 720px;\" class=\"wp-video\"><video class=\"wp-video-shortcode\" id=\"video-1018-1\" width=\"720\" height=\"720\" preload=\"metadata\" controls=\"controls\"><source type=\"video\/mp4\" src=\"https:\/\/www.malagacar.com\/sp\/blog\/wp-content\/uploads\/2023\/04\/video-promo-Marenostrum.mp4?_=1\" \/><a href=\"https:\/\/www.malagacar.com\/sp\/blog\/wp-content\/uploads\/2023\/04\/video-promo-Marenostrum.mp4\" data-wpel-link=\"internal\">https:\/\/www.malagacar.com\/sp\/blog\/wp-content\/uploads\/2023\/04\/video-promo-Marenostrum.mp4<\/a><\/video><\/div>\n<p>&nbsp;<\/p>\n<p>Au cours de ces ann\u00e9es, plus de 500 artistes se sont produits sur sc\u00e8ne \u00e0 quelques m\u00e8tres de la mer. Certains d&rsquo;entre eux sont : Jennifer L\u00f3pez, Alejandro Sanz, Manuel Carrasco, Ricky Martin, Juan Luis Guerra, Bob Dylan, Robbie Williams, Rod Stewart, Santana, Ozuna, Feid, Nicky Jam, Bizarrap.<\/p>\n<p>Les billets sont d\u00e9sormais en vente pour assister \u00e0 une <em><strong>vari\u00e9t\u00e9 de spectacles comprenant du flamenco, de la pop, du rock, de la musique latine et du m\u00e9tal<\/strong><\/em>.<\/p>\n<div id=\"ez-toc-container\" class=\"ez-toc-v2_0_87 counter-hierarchy ez-toc-counter ez-toc-light-blue ez-toc-container-direction\">\n<p class=\"ez-toc-title\" style=\"cursor:inherit\">Table des mati\u00e8res<\/p>\n<label for=\"ez-toc-cssicon-toggle-item-6a9a3e252d09e\" class=\"ez-toc-cssicon-toggle-label\"><span class=\"\"><span class=\"eztoc-hide\" style=\"display:none;\">Toggle<\/span><span class=\"ez-toc-icon-toggle-span\"><svg style=\"fill: #999;color:#999\" xmlns=\"http:\/\/www.w3.org\/2000\/svg\" class=\"list-377408\" width=\"20px\" height=\"20px\" viewBox=\"0 0 24 24\" fill=\"none\"><path d=\"M6 6H4v2h2V6zm14 0H8v2h12V6zM4 11h2v2H4v-2zm16 0H8v2h12v-2zM4 16h2v2H4v-2zm16 0H8v2h12v-2z\" fill=\"currentColor\"><\/path><\/svg><svg style=\"fill: #999;color:#999\" class=\"arrow-unsorted-368013\" xmlns=\"http:\/\/www.w3.org\/2000\/svg\" width=\"10px\" height=\"10px\" viewBox=\"0 0 24 24\" version=\"1.2\" baseProfile=\"tiny\"><path d=\"M18.2 9.3l-6.2-6.3-6.2 6.3c-.2.2-.3.4-.3.7s.1.5.3.7c.2.2.4.3.7.3h11c.3 0 .5-.1.7-.3.2-.2.3-.5.3-.7s-.1-.5-.3-.7zM5.8 14.7l6.2 6.3 6.2-6.3c.2-.2.3-.5.3-.7s-.1-.5-.3-.7c-.2-.2-.4-.3-.7-.3h-11c-.3 0-.5.1-.7.3-.2.2-.3.5-.3.7s.1.5.3.7z\"\/><\/svg><\/span><\/span><\/label><input type=\"checkbox\"  id=\"ez-toc-cssicon-toggle-item-6a9a3e252d09e\"  aria-label=\"Toggle\" \/><nav><ul class='ez-toc-list ez-toc-list-level-1 ' ><li class='ez-toc-page-1 ez-toc-heading-level-2'><a class=\"ez-toc-link ez-toc-heading-1\" href=\"https:\/\/www.malagacar.com\/fr\/blog\/loisirs\/concerts-marenostrum-fuengirola\/#Concerts_Marenostrum_Fuengirola_2026\" data-wpel-link=\"internal\">Concerts Marenostrum Fuengirola 2026<\/a><ul class='ez-toc-list-level-3' ><li class='ez-toc-heading-level-3'><a class=\"ez-toc-link ez-toc-heading-2\" href=\"https:\/\/www.malagacar.com\/fr\/blog\/loisirs\/concerts-marenostrum-fuengirola\/#Artistes_confirmes_2026\" data-wpel-link=\"internal\">Artistes confirm\u00e9s 2026<\/a><\/li><li class='ez-toc-page-1 ez-toc-heading-level-3'><a class=\"ez-toc-link ez-toc-heading-3\" href=\"https:\/\/www.malagacar.com\/fr\/blog\/loisirs\/concerts-marenostrum-fuengirola\/#Avril\" data-wpel-link=\"internal\">Avril<\/a><\/li><li class='ez-toc-page-1 ez-toc-heading-level-3'><a class=\"ez-toc-link ez-toc-heading-4\" href=\"https:\/\/www.malagacar.com\/fr\/blog\/loisirs\/concerts-marenostrum-fuengirola\/#Mai\" data-wpel-link=\"internal\">Mai<\/a><\/li><li class='ez-toc-page-1 ez-toc-heading-level-3'><a class=\"ez-toc-link ez-toc-heading-5\" href=\"https:\/\/www.malagacar.com\/fr\/blog\/loisirs\/concerts-marenostrum-fuengirola\/#Juin\" data-wpel-link=\"internal\">Juin<\/a><\/li><li class='ez-toc-page-1 ez-toc-heading-level-3'><a class=\"ez-toc-link ez-toc-heading-6\" href=\"https:\/\/www.malagacar.com\/fr\/blog\/loisirs\/concerts-marenostrum-fuengirola\/#Juillet\" data-wpel-link=\"internal\">Juillet<\/a><\/li><li class='ez-toc-page-1 ez-toc-heading-level-3'><a class=\"ez-toc-link ez-toc-heading-7\" href=\"https:\/\/www.malagacar.com\/fr\/blog\/loisirs\/concerts-marenostrum-fuengirola\/#Aout\" data-wpel-link=\"internal\">Ao\u00fbt<\/a><\/li><\/ul><\/li><li class='ez-toc-page-1 ez-toc-heading-level-2'><a class=\"ez-toc-link ez-toc-heading-8\" href=\"https:\/\/www.malagacar.com\/fr\/blog\/loisirs\/concerts-marenostrum-fuengirola\/#Marenostrum_Fuengirola_Festivals_2026\" data-wpel-link=\"internal\">Marenostrum Fuengirola Festivals 2026<\/a><ul class='ez-toc-list-level-3' ><li class='ez-toc-heading-level-3'><a class=\"ez-toc-link ez-toc-heading-9\" href=\"https:\/\/www.malagacar.com\/fr\/blog\/loisirs\/concerts-marenostrum-fuengirola\/#FULANITA_FEST_%C2%B7_30_mai\" data-wpel-link=\"internal\">FULANITA FEST \u00b7 30 mai<\/a><\/li><li class='ez-toc-page-1 ez-toc-heading-level-3'><a class=\"ez-toc-link ez-toc-heading-10\" href=\"https:\/\/www.malagacar.com\/fr\/blog\/loisirs\/concerts-marenostrum-fuengirola\/#SUN_THUNDER_%C2%B7_27-29_aout\" data-wpel-link=\"internal\">SUN &amp; THUNDER \u00b7 27-29 ao\u00fbt<\/a><\/li><li class='ez-toc-page-1 ez-toc-heading-level-3'><a class=\"ez-toc-link ez-toc-heading-11\" href=\"https:\/\/www.malagacar.com\/fr\/blog\/loisirs\/concerts-marenostrum-fuengirola\/#Luna_Sur_%C2%B7_18_aout\" data-wpel-link=\"internal\">Luna Sur \u00b7 18 ao\u00fbt<\/a><\/li><\/ul><\/li><li class='ez-toc-page-1 ez-toc-heading-level-2'><a class=\"ez-toc-link ez-toc-heading-12\" href=\"https:\/\/www.malagacar.com\/fr\/blog\/loisirs\/concerts-marenostrum-fuengirola\/#Tout_ce_quil_faut_savoir\" data-wpel-link=\"internal\">Tout ce qu&rsquo;il faut savoir<\/a><ul class='ez-toc-list-level-3' ><li class='ez-toc-heading-level-3'><a class=\"ez-toc-link ez-toc-heading-13\" href=\"https:\/\/www.malagacar.com\/fr\/blog\/loisirs\/concerts-marenostrum-fuengirola\/#Services_disponibles_sur_le_site\" data-wpel-link=\"internal\">Services disponibles sur le site<\/a><\/li><li class='ez-toc-page-1 ez-toc-heading-level-3'><a class=\"ez-toc-link ez-toc-heading-14\" href=\"https:\/\/www.malagacar.com\/fr\/blog\/loisirs\/concerts-marenostrum-fuengirola\/#Acheter_des_billets\" data-wpel-link=\"internal\">Acheter des billets<\/a><\/li><li class='ez-toc-page-1 ez-toc-heading-level-3'><a class=\"ez-toc-link ez-toc-heading-15\" href=\"https:\/\/www.malagacar.com\/fr\/blog\/loisirs\/concerts-marenostrum-fuengirola\/#Boites_VIP\" data-wpel-link=\"internal\">Bo\u00eetes VIP<\/a><\/li><\/ul><\/li><li class='ez-toc-page-1 ez-toc-heading-level-2'><a class=\"ez-toc-link ez-toc-heading-16\" href=\"https:\/\/www.malagacar.com\/fr\/blog\/loisirs\/concerts-marenostrum-fuengirola\/#Comment_se_rendre_a_Marenostrum_Fuengirola\" data-wpel-link=\"internal\">Comment se rendre \u00e0 Marenostrum Fuengirola<\/a><ul class='ez-toc-list-level-3' ><li class='ez-toc-heading-level-3'><a class=\"ez-toc-link ez-toc-heading-17\" href=\"https:\/\/www.malagacar.com\/fr\/blog\/loisirs\/concerts-marenostrum-fuengirola\/#En_voiture\" data-wpel-link=\"internal\">En voiture<\/a><\/li><li class='ez-toc-page-1 ez-toc-heading-level-3'><a class=\"ez-toc-link ez-toc-heading-18\" href=\"https:\/\/www.malagacar.com\/fr\/blog\/loisirs\/concerts-marenostrum-fuengirola\/#Par_les_transports_publics\" data-wpel-link=\"internal\">Par les transports publics<\/a><\/li><li class='ez-toc-page-1 ez-toc-heading-level-3'><a class=\"ez-toc-link ez-toc-heading-19\" href=\"https:\/\/www.malagacar.com\/fr\/blog\/loisirs\/concerts-marenostrum-fuengirola\/#Avez-vous_besoin_dune_voiture_ou_dun_transfert\" data-wpel-link=\"internal\">Avez-vous besoin d&rsquo;une voiture ou d&rsquo;un transfert ?<\/a><\/li><\/ul><\/li><li class='ez-toc-page-1 ez-toc-heading-level-2'><a class=\"ez-toc-link ez-toc-heading-20\" href=\"https:\/\/www.malagacar.com\/fr\/blog\/loisirs\/concerts-marenostrum-fuengirola\/#Je_veux_danser_Festivals_sur_la_Costa_del_Sol_2026\" data-wpel-link=\"internal\">Je veux danser ! Festivals sur la Costa del Sol 2026<\/a><\/li><\/ul><\/nav><\/div>\n<h2><span class=\"ez-toc-section\" id=\"Concerts_Marenostrum_Fuengirola_2026\"><\/span>Concerts Marenostrum Fuengirola 2026<span class=\"ez-toc-section-end\"><\/span><\/h2>\n<p><img loading=\"lazy\" decoding=\"async\" class=\"alignnone wp-image-15318\" src=\"https:\/\/www.malagacar.com\/sp\/blog\/wp-content\/uploads\/2023\/04\/Marenostrum-recinto-de-dia-819x1024.jpg\" alt=\"Marenostrum recinto de d\u00eda\" width=\"599\" height=\"749\" \/><\/p>\n<h3><span class=\"ez-toc-section\" id=\"Artistes_confirmes_2026\"><\/span>Artistes confirm\u00e9s 2026<span class=\"ez-toc-section-end\"><\/span><\/h3>\n<p>Pr\u00e9parez-vous \u00e0 un programme exceptionnel cet \u00e9t\u00e9 avec des artistes nationaux et internationaux tels que : El \u00daltimo de la Fila, Medina Azahara, Dani Martin, Romeo Santos, Sting, Alejandro Sanz, Sven V\u00e4th, pour n&rsquo;en citer que quelques-uns, et il y a encore d&rsquo;autres artistes \u00e0 confirmer !<\/p>\n<h3><span class=\"ez-toc-section\" id=\"Avril\"><\/span>Avril<span class=\"ez-toc-section-end\"><\/span><\/h3>\n<p>25 avril 2026\u00a0&#8211; EL \u00daLTIMO DE LA FILA<\/p>\n<h3><span class=\"ez-toc-section\" id=\"Mai\"><\/span>Mai<span class=\"ez-toc-section-end\"><\/span><\/h3>\n<p>2 mai 2026 &#8211; Fito &amp; Fitipaldis<br \/>\n9 mai 2026 &#8211; Camela<br \/>\n15 mai 2026 &#8211; Paco Candela<br \/>\n22 mai 2026 \u2013 M\u00e9dina Azahara<br \/>\n23 mai 2026 &#8211; Raule<\/p>\n<h3><span class=\"ez-toc-section\" id=\"Juin\"><\/span>Juin<span class=\"ez-toc-section-end\"><\/span><\/h3>\n<p>5 juin 2026 &#8211; SIEMPRE AS\u00cd<br \/>\n6 juin 2026 &#8211; PABLO ALBOR\u00c1N<br \/>\n7, 14, 21 et 28 juin 2026 \u2013 LA COCHERA COMEDY SOHAIL<\/p>\n<p><img loading=\"lazy\" decoding=\"async\" class=\"alignnone wp-image-19022\" src=\"https:\/\/www.malagacar.com\/sp\/blog\/wp-content\/uploads\/2025\/03\/dani-Martin-819x1024.jpeg\" alt=\"Dani Martin\" width=\"588\" height=\"736\" \/><\/p>\n<p>13 juin 2026 &#8211; Dani Mart\u00edn<br \/>\n19 juin 2026 &#8211; Aitana<br \/>\n26 juin 2026 \u2013 Rom\u00e9o Santos et Prince Royce<\/p>\n<p><img loading=\"lazy\" decoding=\"async\" class=\"alignnone wp-image-18871\" src=\"https:\/\/www.malagacar.com\/sp\/blog\/wp-content\/uploads\/2025\/04\/Romeo-Santos-y-Prince-Royce.jpg\" alt=\"Romeo Santos y Prince Royce\" width=\"597\" height=\"594\" \/><\/p>\n<p>27 juin 2026 &#8211; LA OREJA DE VAN GOGH<\/p>\n<h3><span class=\"ez-toc-section\" id=\"Juillet\"><\/span>Juillet<span class=\"ez-toc-section-end\"><\/span><\/h3>\n<p>3 juillet 2026 &#8211; PABLO L\u00d3PEZ<br \/>\n4 juillet 2026 &#8211; DANI FERN\u00c1NDEZ &#8211; TOURN\u00c9E LA INSURRECCI\u00d3N<br \/>\n5 juillet 2026 &#8211; LA REINA DEL FLOW<\/p>\n<div style=\"width: 720px;\" class=\"wp-video\"><video class=\"wp-video-shortcode\" id=\"video-1018-2\" width=\"720\" height=\"1280\" preload=\"metadata\" controls=\"controls\"><source type=\"video\/mp4\" src=\"https:\/\/www.malagacar.com\/sp\/blog\/wp-content\/uploads\/2025\/03\/Sting.mp4?_=2\" \/><a href=\"https:\/\/www.malagacar.com\/sp\/blog\/wp-content\/uploads\/2025\/03\/Sting.mp4\" data-wpel-link=\"internal\">https:\/\/www.malagacar.com\/sp\/blog\/wp-content\/uploads\/2025\/03\/Sting.mp4<\/a><\/video><\/div>\n<p>&nbsp;<\/p>\n<p>13 juillet 2026 &#8211; STING<br \/>\n24 juillet 2026 &#8211; ALEJANDRO SANZ<br \/>\n25 juillet 2026 &#8211; LOS DELIQUENTES<br \/>\n31 juillet 2026 &#8211; OP\u00c9RACI\u00d3N TRIUNFO<\/p>\n<h3><span class=\"ez-toc-section\" id=\"Aout\"><\/span>Ao\u00fbt<span class=\"ez-toc-section-end\"><\/span><\/h3>\n<p>1er ao\u00fbt 2026 &#8211; HOMBRES G<br \/>\n2 ao\u00fbt 2026 &#8211; VIBRAS<br \/>\n8 ao\u00fbt 2026 \u2013 UNDERWORLD (LIVE) + SVEN V\u00c4TH \u2013 SATISFAXION 30 + 3<\/p>\n<div style=\"width: 720px;\" class=\"wp-video\"><video class=\"wp-video-shortcode\" id=\"video-1018-3\" width=\"720\" height=\"1280\" preload=\"metadata\" controls=\"controls\"><source type=\"video\/mp4\" src=\"https:\/\/www.malagacar.com\/sp\/blog\/wp-content\/uploads\/2025\/03\/Sven-Vath.mp4?_=3\" \/><a href=\"https:\/\/www.malagacar.com\/sp\/blog\/wp-content\/uploads\/2025\/03\/Sven-Vath.mp4\" data-wpel-link=\"internal\">https:\/\/www.malagacar.com\/sp\/blog\/wp-content\/uploads\/2025\/03\/Sven-Vath.mp4<\/a><\/video><\/div>\n<p>Sven V\u00e4th sera pr\u00e9sent en ao\u00fbt au Marenostrum Fuengirola pour une exp\u00e9rience estivale inoubliable avec vue sur la M\u00e9diterran\u00e9e. Un \u00e9v\u00e9nement incontournable pour les amateurs de musique \u00e9lectronique de haut niveau.<\/p>\n<p>9 ao\u00fbt 2026 &#8211; ROIS GIPSY<br \/>\n14 ao\u00fbt 2026 &#8211; LOLA INDIGO<br \/>\n15 ao\u00fbt 2026 &#8211; ANTONIO OROZCO<br \/>\n16 ao\u00fbt 2026 &#8211; MAGO ORBIT PR\u00c9SENTE ACERO 2.0 &#8211; SOHAIL M\u00c1GICO<\/p>\n<p>21 ao\u00fbt 2026 \u2013 GALVAN REAL \u2013 TOURN\u00c9E 10\u00e8me ANNIVERSAIRE<br \/>\n22 ao\u00fbt 2026 &#8211; LA PLAZUELA<br \/>\n23 ao\u00fbt 2026 &#8211; CANTAJUEGO &#8211; LE CLOWN DE TALLARIN<\/p>\n<h2><span class=\"ez-toc-section\" id=\"Marenostrum_Fuengirola_Festivals_2026\"><\/span>Marenostrum Fuengirola Festivals 2026<span class=\"ez-toc-section-end\"><\/span><\/h2>\n<p>Les festivals suivants sont actuellement confirm\u00e9s pour la saison 2026 :<\/p>\n<h3><span class=\"ez-toc-section\" id=\"FULANITA_FEST_%C2%B7_30_mai\"><\/span>FULANITA FEST \u00b7 30 mai<span class=\"ez-toc-section-end\"><\/span><\/h3>\n<p><img loading=\"lazy\" decoding=\"async\" class=\"alignnone wp-image-18873\" src=\"https:\/\/www.malagacar.com\/sp\/blog\/wp-content\/uploads\/2025\/04\/fulanita-fest.jpg\" alt=\"Fulanita Fest - Fuengirola\" width=\"592\" height=\"745\" \/><\/p>\n<p>Fuengirola accueille pour la cinqui\u00e8me ann\u00e9e cons\u00e9cutive ce festival de musique f\u00e9minine, un \u00e9v\u00e9nement destin\u00e9 \u00e0 c\u00e9l\u00e9brer le pouvoir de la musique cr\u00e9\u00e9e par les femmes.<\/p>\n<p>Avec de la musique en direct, une f\u00eate de bienvenue, un tournoi de football f\u00e9minin, des performances de DJ et de la gastronomie (avec des options v\u00e9g\u00e9taliennes et sans gluten), dans l&rsquo;une des meilleures sc\u00e8nes en plein air au bord de la mer.<\/p>\n<h3><span class=\"ez-toc-section\" id=\"SUN_THUNDER_%C2%B7_27-29_aout\"><\/span>SUN &amp; THUNDER \u00b7 27-29 ao\u00fbt<span class=\"ez-toc-section-end\"><\/span><\/h3>\n<p><img loading=\"lazy\" decoding=\"async\" class=\"alignnone wp-image-19020\" src=\"https:\/\/www.malagacar.com\/sp\/blog\/wp-content\/uploads\/2025\/03\/sun-thunder-819x1024.jpeg\" alt=\"SUN &amp; THUNDER\" width=\"597\" height=\"747\" \/><\/p>\n<p>Pr\u00e9parez-vous \u00e0 3 jours de Heavy Metal sur la plage. La programmation de plus de 40 groupes promet de la bonne musique et beaucoup de plaisir ! Sur deux sc\u00e8nes, vous pourrez appr\u00e9cier des artistes tels que Twisted Sister, Avantasia, Lordi, Eivor ou Primal Fear, parmi tant d&rsquo;autres.<\/p>\n<h3><span class=\"ez-toc-section\" id=\"Luna_Sur_%C2%B7_18_aout\"><\/span>Luna Sur \u00b7 18 ao\u00fbt<span class=\"ez-toc-section-end\"><\/span><\/h3>\n<p><img loading=\"lazy\" decoding=\"async\" class=\"alignnone wp-image-19019\" src=\"https:\/\/www.malagacar.com\/sp\/blog\/wp-content\/uploads\/2025\/03\/LUNASUR-819x1024.jpg\" alt=\"Luna Sur\" width=\"589\" height=\"737\" \/><\/p>\n<p>Le festival de musique ind\u00e9pendante Luna Sur est de retour avec son \u00e9dition de l&rsquo;apr\u00e8s-midi, annon\u00e7ant Ultraligera et les DJ Juanca et Pope Supersub comme premiers artistes confirm\u00e9s.<\/p>\n<h2><span class=\"ez-toc-section\" id=\"Tout_ce_quil_faut_savoir\"><\/span>Tout ce qu&rsquo;il faut savoir<span class=\"ez-toc-section-end\"><\/span><\/h2>\n<h3><span class=\"ez-toc-section\" id=\"Services_disponibles_sur_le_site\"><\/span>Services disponibles sur le site<span class=\"ez-toc-section-end\"><\/span><\/h3>\n<figure id=\"attachment_9264\" aria-describedby=\"caption-attachment-9264\" style=\"width: 620px\" class=\"wp-caption alignnone\"><img loading=\"lazy\" decoding=\"async\" class=\" wp-image-9264\" src=\"https:\/\/www.malagacar.com\/blog\/wp-content\/uploads\/2022\/04\/mapa-1024x780.jpg\" alt=\"\" width=\"620\" height=\"472\" \/><figcaption id=\"caption-attachment-9264\" class=\"wp-caption-text\">Plan du lieu<\/figcaption><\/figure>\n<p>Le site est accessible aux personnes \u00e0 mobilit\u00e9 r\u00e9duite.<\/p>\n<p>De plus, il y a plusieurs espaces de restauration avec des food trucks, des bars, 18 loges VIP et des toilettes.<\/p>\n<h3><span class=\"ez-toc-section\" id=\"Acheter_des_billets\"><\/span>Acheter des billets<span class=\"ez-toc-section-end\"><\/span><\/h3>\n<ul>\n<li>Les billets peuvent \u00eatre achet\u00e9s sur le site officiel <a href=\"https:\/\/marenostrumfuengirola.com\/\" data-wpel-link=\"external\" rel=\"external noopener noreferrer\"><strong>www.marenostrumfuengirola.com<\/strong><\/a>.<\/li>\n<\/ul>\n<h3><span class=\"ez-toc-section\" id=\"Boites_VIP\"><\/span>Bo\u00eetes VIP<span class=\"ez-toc-section-end\"><\/span><\/h3>\n<p>Le Marenostrum propose des espaces ind\u00e9pendants pouvant accueillir jusqu&rsquo;\u00e0 6 personnes chacun. Ils sont situ\u00e9s sur un balcon sur\u00e9lev\u00e9 devant la sc\u00e8ne.<\/p>\n<p>Ils b\u00e9n\u00e9ficient d&rsquo;un service personnalis\u00e9 exclusif : Acc\u00e8s VIP, 2 places de parking, bouteille de champagne de bienvenue. En outre, ils b\u00e9n\u00e9ficient d&rsquo;un service de bar avec une grande vari\u00e9t\u00e9 de marques de premier choix, d&rsquo;un acc\u00e8s aux coulisses, d&rsquo;h\u00f4tesses et de toilettes VIP.<\/p>\n<ul>\n<li>Les bo\u00eetes peuvent \u00eatre r\u00e9serv\u00e9es de mani\u00e8re saisonni\u00e8re ou pour un \u00e9v\u00e9nement particulier. <a href=\"mailto:vip@marenostrumfuengirola.es\"><strong>vip@marenostrumfuengirola.es<\/strong><\/a>.<\/li>\n<\/ul>\n<h2><span class=\"ez-toc-section\" id=\"Comment_se_rendre_a_Marenostrum_Fuengirola\"><\/span>Comment se rendre \u00e0 Marenostrum Fuengirola<span class=\"ez-toc-section-end\"><\/span><\/h2>\n<h3><span class=\"ez-toc-section\" id=\"En_voiture\"><\/span>En voiture<span class=\"ez-toc-section-end\"><\/span><\/h3>\n<p>Le stationnement autour du ch\u00e2teau de Sohail est assez limit\u00e9. Il l&rsquo;est d&rsquo;autant plus en \u00e9t\u00e9, car il s&rsquo;agit d&rsquo;une zone o\u00f9 l&rsquo;afflux de vacanciers est important (n&rsquo;oubliez pas que la sc\u00e8ne est directement adjacente \u00e0 la plage).<\/p>\n<p>Nous vous conseillons donc de vous garer sur le parking public du centre commercial Miramar. Il se situe \u00e0 environ 500 m\u00e8tres du lieu de l&rsquo;\u00e9v\u00e9nement.<\/p>\n<p><iframe loading=\"lazy\" style=\"border: 0;\" src=\"https:\/\/www.google.com\/maps\/embed?pb=!1m27!1m12!1m3!1d7347.462540369527!2d-4.632671066245908!3d36.52600210551633!2m3!1f0!2f0!3f0!3m2!1i1024!2i768!4f13.1!4m12!3e2!4m5!1s0xd72e219fecc0013%3A0xda7d9db264de0d8!2sCentro%20Comercial%20Miramar%2C%20Avenida%20de%20la%20Encarnaci%C3%B3n%2C%20Fuengirola!3m2!1d36.529064!2d-4.632325!4m4!1s0xd72e31cf8a1bed1%3A0x2215b393e23b70af!3m2!1d36.5228414!2d-4.6286621!5e1!3m2!1ses!2ses!4v1649061684022!5m2!1ses!2ses\" width=\"600\" height=\"450\" allowfullscreen=\"allowfullscreen\"><\/iframe><\/p>\n<p><strong>Les personnes handicap\u00e9es peuvent acc\u00e9der en voiture jusqu&rsquo;\u00e0 l&rsquo;entr\u00e9e<\/strong>.<\/p>\n<p>Une fois descendu du v\u00e9hicule, le conducteur doit quitter les lieux et se garer aux endroits pr\u00e9vus \u00e0 cet effet \u00e0 l&rsquo;ext\u00e9rieur de la salle. Toutefois, si vous avez besoin d&rsquo;aide \u00e0 l&rsquo;arriv\u00e9e, vous pouvez contacter l&rsquo;\u00e9quipe d&rsquo;h\u00f4tesses.<\/p>\n<h3><span class=\"ez-toc-section\" id=\"Par_les_transports_publics\"><\/span>Par les transports publics<span class=\"ez-toc-section-end\"><\/span><\/h3>\n<p>Le train de banlieue C-1 circule entre <a href=\"https:\/\/www.malagacar.com\/fr\/villages\/fuengirola.htm\" data-wpel-link=\"internal\">Fuengirola,<\/a> <a href=\"https:\/\/www.malagacar.com\/fr\/villages\/benalmadena.htm\" data-wpel-link=\"internal\">Benalm\u00e1dena<\/a>, <a href=\"https:\/\/www.malagacar.com\/fr\/villages\/torremolinos.htm\" data-wpel-link=\"internal\">Torremolinos<\/a> et <a href=\"https:\/\/www.malagacar.com\/fr\/villages\/malaga.htm\" data-wpel-link=\"internal\">Malaga<\/a>. Toutes les 20 minutes dans les deux sens. Veuillez noter que le dernier train pour Malaga quitte Fuengirola \u00e0 23h20.<\/p>\n<h3><span class=\"ez-toc-section\" id=\"Avez-vous_besoin_dune_voiture_ou_dun_transfert\"><\/span>Avez-vous besoin d&rsquo;une voiture ou d&rsquo;un transfert ?<span class=\"ez-toc-section-end\"><\/span><\/h3>\n<p>\u00c0 <a href=\"https:\/\/www.malagacar.com\/fr\/\" data-wpel-link=\"internal\"><strong>MalagaCar.com<\/strong><\/a>, \u00e0 c\u00f4t\u00e9 de l&rsquo;a\u00e9roport de Malaga, nous avons ce que vous cherchez : Des voitures \u00e9conomiques aux mod\u00e8les haut de gamme, en passant par les voitures spacieuses de 7 ou 9 places. Vous ne voulez pas conduire ? Pas de probl\u00e8me, <a href=\"https:\/\/www.malagacar.com\/fr\/information\/malaga\/malaga-aeroport-transferts.html\" data-wpel-link=\"internal\"><strong>r\u00e9servez notre transfert<\/strong><\/a> !<\/p>\n<h2><span class=\"ez-toc-section\" id=\"Je_veux_danser_Festivals_sur_la_Costa_del_Sol_2026\"><\/span>Je veux danser ! Festivals sur la Costa del Sol 2026<span class=\"ez-toc-section-end\"><\/span><\/h2>\n<p><img loading=\"lazy\" decoding=\"async\" class=\"alignnone size-full wp-image-9713\" src=\"https:\/\/www.malagacar.com\/blog\/wp-content\/uploads\/2021\/12\/music-festivals-en.jpg\" alt=\"\" width=\"1200\" height=\"716\" \/><br \/>\nCet \u00e9t\u00e9, c&rsquo;est l&rsquo;effervescence !<\/p>\n<p>Par exemple Reggaeton ? Latin ? \u00c9lectronique ? Hip-Hop ? Pop ? Rock ? Flamenco ? En r\u00e9sum\u00e9, nous avons tout ce qu&rsquo;il faut !<\/p>\n<p>D\u00e9couvrez l&rsquo;affiche spectaculaire des meilleurs <a href=\"https:\/\/www.malagacar.com\/fr\/blog\/loisirs\/music-festivals-costa-del-sol\/\" data-wpel-link=\"internal\"><strong>festivals de musique de la Costa del Sol 2026<\/strong><\/a>. Si vous ne dansez pas cet \u00e9t\u00e9, c&rsquo;est que vous n&rsquo;en avez pas envie !<\/p>\n","protected":false},"excerpt":{"rendered":"<p>D\u00e9couvrez la programmation de cette saison qui d\u00e9bute en mai, les concerts, festivals et \u00e9v\u00e9nements du Marenostrum Fuengirola 2026.<\/p>\n","protected":false},"author":1,"featured_media":1019,"comment_status":"open","ping_status":"open","sticky":false,"template":"","format":"standard","meta":{"footnotes":""},"categories":[2],"tags":[59],"class_list":["post-1018","post","type-post","status-publish","format-standard","has-post-thumbnail","hentry","category-loisirs","tag-activites"],"yoast_head":"<!-- This site is optimized with the Yoast SEO plugin v28.4 - https:\/\/yoast.com\/product\/yoast-seo-wordpress\/ -->\n<title>Concerts Marenostrum Fuengirola 2026 - Blog de MalagaCar.com<\/title>\n<meta name=\"description\" content=\"D\u00e9couvrez la programmation de cette saison riche en concerts, festivals et \u00e9v\u00e9nements au Marenostrum Fuengirola.\" \/>\n<meta name=\"robots\" content=\"index, follow, max-snippet:-1, max-image-preview:large, max-video-preview:-1\" \/>\n<link rel=\"canonical\" href=\"https:\/\/www.malagacar.com\/fr\/blog\/loisirs\/concerts-marenostrum-fuengirola\/\" \/>\n<meta property=\"og:locale\" content=\"fr_FR\" \/>\n<meta property=\"og:type\" content=\"article\" \/>\n<meta property=\"og:title\" content=\"Concerts Marenostrum Fuengirola 2026 - Blog de MalagaCar.com\" \/>\n<meta property=\"og:description\" content=\"D\u00e9couvrez la programmation de cette saison riche en concerts, festivals et \u00e9v\u00e9nements au Marenostrum Fuengirola.\" \/>\n<meta property=\"og:url\" content=\"https:\/\/www.malagacar.com\/fr\/blog\/loisirs\/concerts-marenostrum-fuengirola\/\" \/>\n<meta property=\"og:site_name\" content=\"Blog de MalagaCar.com\" \/>\n<meta property=\"article:publisher\" content=\"https:\/\/www.facebook.com\/malagacar\" \/>\n<meta property=\"article:published_time\" content=\"2026-02-11T11:12:13+00:00\" \/>\n<meta property=\"article:modified_time\" content=\"2026-02-11T11:12:46+00:00\" \/>\n<meta property=\"og:image\" content=\"https:\/\/www.malagacar.com\/fr\/blog\/wp-content\/uploads\/2024\/03\/cartel.jpeg\" \/>\n\t<meta property=\"og:image:width\" content=\"600\" \/>\n\t<meta property=\"og:image:height\" content=\"347\" \/>\n\t<meta property=\"og:image:type\" content=\"image\/jpeg\" \/>\n<meta name=\"author\" content=\"MalagaCar.com\" \/>\n<meta name=\"twitter:card\" content=\"summary_large_image\" \/>\n<meta name=\"twitter:creator\" content=\"@malagacarcom\" \/>\n<meta name=\"twitter:site\" content=\"@malagacarcom\" \/>\n<meta name=\"twitter:label1\" content=\"\u00c9crit par\" \/>\n\t<meta name=\"twitter:data1\" content=\"MalagaCar.com\" \/>\n\t<meta name=\"twitter:label2\" content=\"Dur\u00e9e de lecture estim\u00e9e\" \/>\n\t<meta name=\"twitter:data2\" content=\"7 minutes\" \/>\n<script type=\"application\/ld+json\" class=\"yoast-schema-graph\">{\"@context\":\"https:\\\/\\\/schema.org\",\"@graph\":[{\"@type\":\"Article\",\"@id\":\"https:\\\/\\\/www.malagacar.com\\\/fr\\\/blog\\\/loisirs\\\/concerts-marenostrum-fuengirola\\\/#article\",\"isPartOf\":{\"@id\":\"https:\\\/\\\/www.malagacar.com\\\/fr\\\/blog\\\/loisirs\\\/concerts-marenostrum-fuengirola\\\/\"},\"author\":{\"name\":\"MalagaCar.com\",\"@id\":\"https:\\\/\\\/www.malagacar.com\\\/fr\\\/blog\\\/#\\\/schema\\\/person\\\/ffb97005d02bcc7d0bb59f5409635691\"},\"headline\":\"Concerts Marenostrum Fuengirola 2026\",\"datePublished\":\"2026-02-11T11:12:13+00:00\",\"dateModified\":\"2026-02-11T11:12:46+00:00\",\"mainEntityOfPage\":{\"@id\":\"https:\\\/\\\/www.malagacar.com\\\/fr\\\/blog\\\/loisirs\\\/concerts-marenostrum-fuengirola\\\/\"},\"wordCount\":1089,\"commentCount\":0,\"publisher\":{\"@id\":\"https:\\\/\\\/www.malagacar.com\\\/fr\\\/blog\\\/#organization\"},\"image\":{\"@id\":\"https:\\\/\\\/www.malagacar.com\\\/fr\\\/blog\\\/loisirs\\\/concerts-marenostrum-fuengirola\\\/#primaryimage\"},\"thumbnailUrl\":\"https:\\\/\\\/www.malagacar.com\\\/fr\\\/blog\\\/wp-content\\\/uploads\\\/2024\\\/03\\\/cartel.jpeg\",\"keywords\":[\"activit\u00e9s\"],\"articleSection\":[\"Loisirs\"],\"inLanguage\":\"fr-FR\",\"potentialAction\":[{\"@type\":\"CommentAction\",\"name\":\"Comment\",\"target\":[\"https:\\\/\\\/www.malagacar.com\\\/fr\\\/blog\\\/loisirs\\\/concerts-marenostrum-fuengirola\\\/#respond\"]}]},{\"@type\":\"WebPage\",\"@id\":\"https:\\\/\\\/www.malagacar.com\\\/fr\\\/blog\\\/loisirs\\\/concerts-marenostrum-fuengirola\\\/\",\"url\":\"https:\\\/\\\/www.malagacar.com\\\/fr\\\/blog\\\/loisirs\\\/concerts-marenostrum-fuengirola\\\/\",\"name\":\"Concerts Marenostrum Fuengirola 2026 - Blog de MalagaCar.com\",\"isPartOf\":{\"@id\":\"https:\\\/\\\/www.malagacar.com\\\/fr\\\/blog\\\/#website\"},\"primaryImageOfPage\":{\"@id\":\"https:\\\/\\\/www.malagacar.com\\\/fr\\\/blog\\\/loisirs\\\/concerts-marenostrum-fuengirola\\\/#primaryimage\"},\"image\":{\"@id\":\"https:\\\/\\\/www.malagacar.com\\\/fr\\\/blog\\\/loisirs\\\/concerts-marenostrum-fuengirola\\\/#primaryimage\"},\"thumbnailUrl\":\"https:\\\/\\\/www.malagacar.com\\\/fr\\\/blog\\\/wp-content\\\/uploads\\\/2024\\\/03\\\/cartel.jpeg\",\"datePublished\":\"2026-02-11T11:12:13+00:00\",\"dateModified\":\"2026-02-11T11:12:46+00:00\",\"description\":\"D\u00e9couvrez la programmation de cette saison riche en concerts, festivals et \u00e9v\u00e9nements au Marenostrum Fuengirola.\",\"breadcrumb\":{\"@id\":\"https:\\\/\\\/www.malagacar.com\\\/fr\\\/blog\\\/loisirs\\\/concerts-marenostrum-fuengirola\\\/#breadcrumb\"},\"inLanguage\":\"fr-FR\",\"potentialAction\":[{\"@type\":\"ReadAction\",\"target\":[\"https:\\\/\\\/www.malagacar.com\\\/fr\\\/blog\\\/loisirs\\\/concerts-marenostrum-fuengirola\\\/\"]}]},{\"@type\":\"ImageObject\",\"inLanguage\":\"fr-FR\",\"@id\":\"https:\\\/\\\/www.malagacar.com\\\/fr\\\/blog\\\/loisirs\\\/concerts-marenostrum-fuengirola\\\/#primaryimage\",\"url\":\"https:\\\/\\\/www.malagacar.com\\\/fr\\\/blog\\\/wp-content\\\/uploads\\\/2024\\\/03\\\/cartel.jpeg\",\"contentUrl\":\"https:\\\/\\\/www.malagacar.com\\\/fr\\\/blog\\\/wp-content\\\/uploads\\\/2024\\\/03\\\/cartel.jpeg\",\"width\":600,\"height\":347,\"caption\":\"Concerts Marenostrum Fuengirola\"},{\"@type\":\"BreadcrumbList\",\"@id\":\"https:\\\/\\\/www.malagacar.com\\\/fr\\\/blog\\\/loisirs\\\/concerts-marenostrum-fuengirola\\\/#breadcrumb\",\"itemListElement\":[{\"@type\":\"ListItem\",\"position\":1,\"name\":\"Accueil\",\"item\":\"https:\\\/\\\/www.malagacar.com\\\/fr\\\/blog\\\/\"},{\"@type\":\"ListItem\",\"position\":2,\"name\":\"Concerts Marenostrum Fuengirola 2026\"}]},{\"@type\":\"WebSite\",\"@id\":\"https:\\\/\\\/www.malagacar.com\\\/fr\\\/blog\\\/#website\",\"url\":\"https:\\\/\\\/www.malagacar.com\\\/fr\\\/blog\\\/\",\"name\":\"Blog de MalagaCar.com\",\"description\":\"Nouvelles et informations int\u00e9ressantes sur la location de voitures \u00e0 l&#039;a\u00e9roport de Malaga.\",\"publisher\":{\"@id\":\"https:\\\/\\\/www.malagacar.com\\\/fr\\\/blog\\\/#organization\"},\"potentialAction\":[{\"@type\":\"SearchAction\",\"target\":{\"@type\":\"EntryPoint\",\"urlTemplate\":\"https:\\\/\\\/www.malagacar.com\\\/fr\\\/blog\\\/?s={search_term_string}\"},\"query-input\":{\"@type\":\"PropertyValueSpecification\",\"valueRequired\":true,\"valueName\":\"search_term_string\"}}],\"inLanguage\":\"fr-FR\"},{\"@type\":\"Organization\",\"@id\":\"https:\\\/\\\/www.malagacar.com\\\/fr\\\/blog\\\/#organization\",\"name\":\"MalagaCar.com\",\"url\":\"https:\\\/\\\/www.malagacar.com\\\/fr\\\/blog\\\/\",\"logo\":{\"@type\":\"ImageObject\",\"inLanguage\":\"fr-FR\",\"@id\":\"https:\\\/\\\/www.malagacar.com\\\/fr\\\/blog\\\/#\\\/schema\\\/logo\\\/image\\\/\",\"url\":\"https:\\\/\\\/www.malagacar.com\\\/fr\\\/blog\\\/wp-content\\\/uploads\\\/2021\\\/06\\\/logo-malagacar-social.png\",\"contentUrl\":\"https:\\\/\\\/www.malagacar.com\\\/fr\\\/blog\\\/wp-content\\\/uploads\\\/2021\\\/06\\\/logo-malagacar-social.png\",\"width\":900,\"height\":900,\"caption\":\"MalagaCar.com\"},\"image\":{\"@id\":\"https:\\\/\\\/www.malagacar.com\\\/fr\\\/blog\\\/#\\\/schema\\\/logo\\\/image\\\/\"},\"sameAs\":[\"https:\\\/\\\/www.facebook.com\\\/malagacar\",\"https:\\\/\\\/x.com\\\/malagacarcom\",\"https:\\\/\\\/www.instagram.com\\\/malagacar\\\/\",\"https:\\\/\\\/www.linkedin.com\\\/company\\\/malagacar.com\",\"https:\\\/\\\/www.youtube.com\\\/c\\\/MalagacarAirport\"]},{\"@type\":\"Person\",\"@id\":\"https:\\\/\\\/www.malagacar.com\\\/fr\\\/blog\\\/#\\\/schema\\\/person\\\/ffb97005d02bcc7d0bb59f5409635691\",\"name\":\"MalagaCar.com\",\"image\":{\"@type\":\"ImageObject\",\"inLanguage\":\"fr-FR\",\"@id\":\"https:\\\/\\\/secure.gravatar.com\\\/avatar\\\/296ebc31026e7be05868369e4c596b3239b1582b2fcf8a45de57333e2e82bb82?s=96&d=mm&r=g\",\"url\":\"https:\\\/\\\/secure.gravatar.com\\\/avatar\\\/296ebc31026e7be05868369e4c596b3239b1582b2fcf8a45de57333e2e82bb82?s=96&d=mm&r=g\",\"contentUrl\":\"https:\\\/\\\/secure.gravatar.com\\\/avatar\\\/296ebc31026e7be05868369e4c596b3239b1582b2fcf8a45de57333e2e82bb82?s=96&d=mm&r=g\",\"caption\":\"MalagaCar.com\"},\"sameAs\":[\"https:\\\/\\\/www.malagacar.com\\\/fr\\\/blog\"]}]}<\/script>\n<!-- \/ Yoast SEO plugin. -->","yoast_head_json":{"title":"Concerts Marenostrum Fuengirola 2026 - Blog de MalagaCar.com","description":"D\u00e9couvrez la programmation de cette saison riche en concerts, festivals et \u00e9v\u00e9nements au Marenostrum Fuengirola.","robots":{"index":"index","follow":"follow","max-snippet":"max-snippet:-1","max-image-preview":"max-image-preview:large","max-video-preview":"max-video-preview:-1"},"canonical":"https:\/\/www.malagacar.com\/fr\/blog\/loisirs\/concerts-marenostrum-fuengirola\/","og_locale":"fr_FR","og_type":"article","og_title":"Concerts Marenostrum Fuengirola 2026 - Blog de MalagaCar.com","og_description":"D\u00e9couvrez la programmation de cette saison riche en concerts, festivals et \u00e9v\u00e9nements au Marenostrum Fuengirola.","og_url":"https:\/\/www.malagacar.com\/fr\/blog\/loisirs\/concerts-marenostrum-fuengirola\/","og_site_name":"Blog de MalagaCar.com","article_publisher":"https:\/\/www.facebook.com\/malagacar","article_published_time":"2026-02-11T11:12:13+00:00","article_modified_time":"2026-02-11T11:12:46+00:00","og_image":[{"width":600,"height":347,"url":"https:\/\/www.malagacar.com\/fr\/blog\/wp-content\/uploads\/2024\/03\/cartel.jpeg","type":"image\/jpeg"}],"author":"MalagaCar.com","twitter_card":"summary_large_image","twitter_creator":"@malagacarcom","twitter_site":"@malagacarcom","twitter_misc":{"\u00c9crit par":"MalagaCar.com","Dur\u00e9e de lecture estim\u00e9e":"7 minutes"},"schema":{"@context":"https:\/\/schema.org","@graph":[{"@type":"Article","@id":"https:\/\/www.malagacar.com\/fr\/blog\/loisirs\/concerts-marenostrum-fuengirola\/#article","isPartOf":{"@id":"https:\/\/www.malagacar.com\/fr\/blog\/loisirs\/concerts-marenostrum-fuengirola\/"},"author":{"name":"MalagaCar.com","@id":"https:\/\/www.malagacar.com\/fr\/blog\/#\/schema\/person\/ffb97005d02bcc7d0bb59f5409635691"},"headline":"Concerts Marenostrum Fuengirola 2026","datePublished":"2026-02-11T11:12:13+00:00","dateModified":"2026-02-11T11:12:46+00:00","mainEntityOfPage":{"@id":"https:\/\/www.malagacar.com\/fr\/blog\/loisirs\/concerts-marenostrum-fuengirola\/"},"wordCount":1089,"commentCount":0,"publisher":{"@id":"https:\/\/www.malagacar.com\/fr\/blog\/#organization"},"image":{"@id":"https:\/\/www.malagacar.com\/fr\/blog\/loisirs\/concerts-marenostrum-fuengirola\/#primaryimage"},"thumbnailUrl":"https:\/\/www.malagacar.com\/fr\/blog\/wp-content\/uploads\/2024\/03\/cartel.jpeg","keywords":["activit\u00e9s"],"articleSection":["Loisirs"],"inLanguage":"fr-FR","potentialAction":[{"@type":"CommentAction","name":"Comment","target":["https:\/\/www.malagacar.com\/fr\/blog\/loisirs\/concerts-marenostrum-fuengirola\/#respond"]}]},{"@type":"WebPage","@id":"https:\/\/www.malagacar.com\/fr\/blog\/loisirs\/concerts-marenostrum-fuengirola\/","url":"https:\/\/www.malagacar.com\/fr\/blog\/loisirs\/concerts-marenostrum-fuengirola\/","name":"Concerts Marenostrum Fuengirola 2026 - Blog de MalagaCar.com","isPartOf":{"@id":"https:\/\/www.malagacar.com\/fr\/blog\/#website"},"primaryImageOfPage":{"@id":"https:\/\/www.malagacar.com\/fr\/blog\/loisirs\/concerts-marenostrum-fuengirola\/#primaryimage"},"image":{"@id":"https:\/\/www.malagacar.com\/fr\/blog\/loisirs\/concerts-marenostrum-fuengirola\/#primaryimage"},"thumbnailUrl":"https:\/\/www.malagacar.com\/fr\/blog\/wp-content\/uploads\/2024\/03\/cartel.jpeg","datePublished":"2026-02-11T11:12:13+00:00","dateModified":"2026-02-11T11:12:46+00:00","description":"D\u00e9couvrez la programmation de cette saison riche en concerts, festivals et \u00e9v\u00e9nements au Marenostrum Fuengirola.","breadcrumb":{"@id":"https:\/\/www.malagacar.com\/fr\/blog\/loisirs\/concerts-marenostrum-fuengirola\/#breadcrumb"},"inLanguage":"fr-FR","potentialAction":[{"@type":"ReadAction","target":["https:\/\/www.malagacar.com\/fr\/blog\/loisirs\/concerts-marenostrum-fuengirola\/"]}]},{"@type":"ImageObject","inLanguage":"fr-FR","@id":"https:\/\/www.malagacar.com\/fr\/blog\/loisirs\/concerts-marenostrum-fuengirola\/#primaryimage","url":"https:\/\/www.malagacar.com\/fr\/blog\/wp-content\/uploads\/2024\/03\/cartel.jpeg","contentUrl":"https:\/\/www.malagacar.com\/fr\/blog\/wp-content\/uploads\/2024\/03\/cartel.jpeg","width":600,"height":347,"caption":"Concerts Marenostrum Fuengirola"},{"@type":"BreadcrumbList","@id":"https:\/\/www.malagacar.com\/fr\/blog\/loisirs\/concerts-marenostrum-fuengirola\/#breadcrumb","itemListElement":[{"@type":"ListItem","position":1,"name":"Accueil","item":"https:\/\/www.malagacar.com\/fr\/blog\/"},{"@type":"ListItem","position":2,"name":"Concerts Marenostrum Fuengirola 2026"}]},{"@type":"WebSite","@id":"https:\/\/www.malagacar.com\/fr\/blog\/#website","url":"https:\/\/www.malagacar.com\/fr\/blog\/","name":"Blog de MalagaCar.com","description":"Nouvelles et informations int\u00e9ressantes sur la location de voitures \u00e0 l&#039;a\u00e9roport de Malaga.","publisher":{"@id":"https:\/\/www.malagacar.com\/fr\/blog\/#organization"},"potentialAction":[{"@type":"SearchAction","target":{"@type":"EntryPoint","urlTemplate":"https:\/\/www.malagacar.com\/fr\/blog\/?s={search_term_string}"},"query-input":{"@type":"PropertyValueSpecification","valueRequired":true,"valueName":"search_term_string"}}],"inLanguage":"fr-FR"},{"@type":"Organization","@id":"https:\/\/www.malagacar.com\/fr\/blog\/#organization","name":"MalagaCar.com","url":"https:\/\/www.malagacar.com\/fr\/blog\/","logo":{"@type":"ImageObject","inLanguage":"fr-FR","@id":"https:\/\/www.malagacar.com\/fr\/blog\/#\/schema\/logo\/image\/","url":"https:\/\/www.malagacar.com\/fr\/blog\/wp-content\/uploads\/2021\/06\/logo-malagacar-social.png","contentUrl":"https:\/\/www.malagacar.com\/fr\/blog\/wp-content\/uploads\/2021\/06\/logo-malagacar-social.png","width":900,"height":900,"caption":"MalagaCar.com"},"image":{"@id":"https:\/\/www.malagacar.com\/fr\/blog\/#\/schema\/logo\/image\/"},"sameAs":["https:\/\/www.facebook.com\/malagacar","https:\/\/x.com\/malagacarcom","https:\/\/www.instagram.com\/malagacar\/","https:\/\/www.linkedin.com\/company\/malagacar.com","https:\/\/www.youtube.com\/c\/MalagacarAirport"]},{"@type":"Person","@id":"https:\/\/www.malagacar.com\/fr\/blog\/#\/schema\/person\/ffb97005d02bcc7d0bb59f5409635691","name":"MalagaCar.com","image":{"@type":"ImageObject","inLanguage":"fr-FR","@id":"https:\/\/secure.gravatar.com\/avatar\/296ebc31026e7be05868369e4c596b3239b1582b2fcf8a45de57333e2e82bb82?s=96&d=mm&r=g","url":"https:\/\/secure.gravatar.com\/avatar\/296ebc31026e7be05868369e4c596b3239b1582b2fcf8a45de57333e2e82bb82?s=96&d=mm&r=g","contentUrl":"https:\/\/secure.gravatar.com\/avatar\/296ebc31026e7be05868369e4c596b3239b1582b2fcf8a45de57333e2e82bb82?s=96&d=mm&r=g","caption":"MalagaCar.com"},"sameAs":["https:\/\/www.malagacar.com\/fr\/blog"]}]}},"_links":{"self":[{"href":"https:\/\/www.malagacar.com\/fr\/blog\/wp-json\/wp\/v2\/posts\/1018","targetHints":{"allow":["GET"]}}],"collection":[{"href":"https:\/\/www.malagacar.com\/fr\/blog\/wp-json\/wp\/v2\/posts"}],"about":[{"href":"https:\/\/www.malagacar.com\/fr\/blog\/wp-json\/wp\/v2\/types\/post"}],"author":[{"embeddable":true,"href":"https:\/\/www.malagacar.com\/fr\/blog\/wp-json\/wp\/v2\/users\/1"}],"replies":[{"embeddable":true,"href":"https:\/\/www.malagacar.com\/fr\/blog\/wp-json\/wp\/v2\/comments?post=1018"}],"version-history":[{"count":13,"href":"https:\/\/www.malagacar.com\/fr\/blog\/wp-json\/wp\/v2\/posts\/1018\/revisions"}],"predecessor-version":[{"id":3184,"href":"https:\/\/www.malagacar.com\/fr\/blog\/wp-json\/wp\/v2\/posts\/1018\/revisions\/3184"}],"wp:featuredmedia":[{"embeddable":true,"href":"https:\/\/www.malagacar.com\/fr\/blog\/wp-json\/wp\/v2\/media\/1019"}],"wp:attachment":[{"href":"https:\/\/www.malagacar.com\/fr\/blog\/wp-json\/wp\/v2\/media?parent=1018"}],"wp:term":[{"taxonomy":"category","embeddable":true,"href":"https:\/\/www.malagacar.com\/fr\/blog\/wp-json\/wp\/v2\/categories?post=1018"},{"taxonomy":"post_tag","embeddable":true,"href":"https:\/\/www.malagacar.com\/fr\/blog\/wp-json\/wp\/v2\/tags?post=1018"}],"curies":[{"name":"wp","href":"https:\/\/api.w.org\/{rel}","templated":true}]}}