{"id":1022,"date":"2026-04-30T08:39:38","date_gmt":"2026-04-30T06:39:38","guid":{"rendered":"https:\/\/www.malagacar.com\/fr\/blog\/?p=1022"},"modified":"2026-04-30T08:39:31","modified_gmt":"2026-04-30T06:39:31","slug":"malaga-cet-ete","status":"publish","type":"post","link":"https:\/\/www.malagacar.com\/fr\/blog\/location-de-voitures-a-malaga\/malaga-cet-ete\/","title":{"rendered":"Ne restez pas sans voiture de location \u00e0 Malaga cet \u00e9t\u00e9 2026"},"content":{"rendered":"<p>Pour l&rsquo;\u00e9t\u00e9 2026, on attend plus de touristes que jamais. Si vous ne voulez pas rester sans voiture de location \u00e0 Malaga, <em><strong>n&rsquo;attendez plus !<\/strong><\/em><br \/>\n<!--more--><\/p>\n<p>En effet, les pr\u00e9visions indiquent que <em><strong>cet \u00e9t\u00e9 sera historique<\/strong><\/em>. Il d\u00e9passera m\u00eame les chiffres de 2025, qui fut le meilleur \u00e9t\u00e9 de la Costa del Sol, avec pr\u00e8s de 8 millions de visiteurs entre juin et ao\u00fbt.<\/p>\n<p>Cet \u00e9t\u00e9, des <a href=\"https:\/\/www.malagacar.com\/fr\/blog\/actualites\/vols-vers-malaga\/\" data-wpel-link=\"internal\"><strong>vols pour Malaga<\/strong><\/a> sont propos\u00e9s depuis pr\u00e8s de 150 destinations internationales , y compris la liaison estivale New York &#8211; Malaga.<\/p>\n<p>Et comme pour tout, <em><strong>la forte demande fait grimper les prix<\/strong><\/em>.<\/p>\n\n            <div class=\"banner\">\n                <div class=\"row\">\n                    <div class=\"col-sm-4\">\n                        <a href=\"\/fr\/location-de-voitures\/quote.php\" data-wpel-link=\"internal\"><img decoding=\"async\" src=\"\/images\/banner-img.jpg\" alt=\"malagacar.com\"><\/a>\n                    <\/div>\n                    <div class=\"col-sm-8\">\n                      <a href=\"\/fr\/location-de-voitures\/quote.php\" class=\"banner-title\" data-wpel-link=\"internal\">Meilleure location de voitures <div>\u00e0 l'a\u00e9roport de Malaga<\/div><\/a>   \n                        <div class=\"row\">\n                            <div class=\"col-sm-7\">\n                                <ul>\n                                    <li>Pas de frais de ravitaillement<\/li>\n                                    <li>Annulation gratuite<\/li>\n                                    <li>Location sans interm\u00e9diaire<\/li>\n                                    <li>Payez lorsque vous prenez la voiture<\/li>\n                                    <li><\/li>\n                                <\/ul>\n                            <\/div>\n                            <div class=\"col-sm-5\">\n                                <a class=\"btn-banner\" href=\"\/fr\/location-de-voitures\/quote.php\" data-wpel-link=\"internal\">Consultez les prix<\/a>\n                                <img decoding=\"async\" class=\"zonturent\" src=\"\/images\/zontu-banner.png\" alt=\"\">\n                            <\/div>\n                        <\/div>\n                    <\/div>\n                 <\/div>  \n            <\/div>\n            \n<div id=\"ez-toc-container\" class=\"ez-toc-v2_0_87 counter-hierarchy ez-toc-counter ez-toc-light-blue ez-toc-container-direction\">\n<p class=\"ez-toc-title\" style=\"cursor:inherit\">Table des mati\u00e8res<\/p>\n<label for=\"ez-toc-cssicon-toggle-item-6a9a3173de8dc\" class=\"ez-toc-cssicon-toggle-label\"><span class=\"\"><span class=\"eztoc-hide\" style=\"display:none;\">Toggle<\/span><span class=\"ez-toc-icon-toggle-span\"><svg style=\"fill: #999;color:#999\" xmlns=\"http:\/\/www.w3.org\/2000\/svg\" class=\"list-377408\" width=\"20px\" height=\"20px\" viewBox=\"0 0 24 24\" fill=\"none\"><path d=\"M6 6H4v2h2V6zm14 0H8v2h12V6zM4 11h2v2H4v-2zm16 0H8v2h12v-2zM4 16h2v2H4v-2zm16 0H8v2h12v-2z\" fill=\"currentColor\"><\/path><\/svg><svg style=\"fill: #999;color:#999\" class=\"arrow-unsorted-368013\" xmlns=\"http:\/\/www.w3.org\/2000\/svg\" width=\"10px\" height=\"10px\" viewBox=\"0 0 24 24\" version=\"1.2\" baseProfile=\"tiny\"><path d=\"M18.2 9.3l-6.2-6.3-6.2 6.3c-.2.2-.3.4-.3.7s.1.5.3.7c.2.2.4.3.7.3h11c.3 0 .5-.1.7-.3.2-.2.3-.5.3-.7s-.1-.5-.3-.7zM5.8 14.7l6.2 6.3 6.2-6.3c.2-.2.3-.5.3-.7s-.1-.5-.3-.7c-.2-.2-.4-.3-.7-.3h-11c-.3 0-.5.1-.7.3-.2.2-.3.5-.3.7s.1.5.3.7z\"\/><\/svg><\/span><\/span><\/label><input type=\"checkbox\"  id=\"ez-toc-cssicon-toggle-item-6a9a3173de8dc\"  aria-label=\"Toggle\" \/><nav><ul class='ez-toc-list ez-toc-list-level-1 ' ><li class='ez-toc-page-1 ez-toc-heading-level-2'><a class=\"ez-toc-link ez-toc-heading-1\" href=\"https:\/\/www.malagacar.com\/fr\/blog\/location-de-voitures-a-malaga\/malaga-cet-ete\/#Votre_location_de_voiture_a_Malaga\" data-wpel-link=\"internal\">Votre location de voiture \u00e0 Malaga<\/a><\/li><li class='ez-toc-page-1 ez-toc-heading-level-2'><a class=\"ez-toc-link ez-toc-heading-2\" href=\"https:\/\/www.malagacar.com\/fr\/blog\/location-de-voitures-a-malaga\/malaga-cet-ete\/#Location_de_voiture_pas_cher_a_Malaga\" data-wpel-link=\"internal\">Location de voiture pas cher \u00e0 Malaga<\/a><\/li><li class='ez-toc-page-1 ez-toc-heading-level-2'><a class=\"ez-toc-link ez-toc-heading-3\" href=\"https:\/\/www.malagacar.com\/fr\/blog\/location-de-voitures-a-malaga\/malaga-cet-ete\/#Voitures_economiques_a_5_portes\" data-wpel-link=\"internal\">Voitures \u00e9conomiques \u00e0 5 portes<\/a><\/li><li class='ez-toc-page-1 ez-toc-heading-level-2'><a class=\"ez-toc-link ez-toc-heading-4\" href=\"https:\/\/www.malagacar.com\/fr\/blog\/location-de-voitures-a-malaga\/malaga-cet-ete\/#Voitures_plus_spacieuses\" data-wpel-link=\"internal\">Voitures plus spacieuses<\/a><\/li><li class='ez-toc-page-1 ez-toc-heading-level-2'><a class=\"ez-toc-link ez-toc-heading-5\" href=\"https:\/\/www.malagacar.com\/fr\/blog\/location-de-voitures-a-malaga\/malaga-cet-ete\/#Voitures_automatiques\" data-wpel-link=\"internal\">Voitures automatiques<\/a><\/li><li class='ez-toc-page-1 ez-toc-heading-level-2'><a class=\"ez-toc-link ez-toc-heading-6\" href=\"https:\/\/www.malagacar.com\/fr\/blog\/location-de-voitures-a-malaga\/malaga-cet-ete\/#Lete_Lheure_du_cabriolet\" data-wpel-link=\"internal\">L&rsquo;\u00e9t\u00e9 ? L&rsquo;heure du cabriolet!<\/a><\/li><li class='ez-toc-page-1 ez-toc-heading-level-2'><a class=\"ez-toc-link ez-toc-heading-7\" href=\"https:\/\/www.malagacar.com\/fr\/blog\/location-de-voitures-a-malaga\/malaga-cet-ete\/#Petits_SUV\" data-wpel-link=\"internal\">Petits SUV<\/a><\/li><li class='ez-toc-page-1 ez-toc-heading-level-2'><a class=\"ez-toc-link ez-toc-heading-8\" href=\"https:\/\/www.malagacar.com\/fr\/blog\/location-de-voitures-a-malaga\/malaga-cet-ete\/#Location_de_SUV_et_de_voitures_de_luxe_a_Malaga\" data-wpel-link=\"internal\">Location de SUV et de voitures de luxe \u00e0 Malaga<\/a><ul class='ez-toc-list-level-3' ><li class='ez-toc-heading-level-3'><a class=\"ez-toc-link ez-toc-heading-9\" href=\"https:\/\/www.malagacar.com\/fr\/blog\/location-de-voitures-a-malaga\/malaga-cet-ete\/#Bonne_performance\" data-wpel-link=\"internal\">Bonne performance<\/a><\/li><li class='ez-toc-page-1 ez-toc-heading-level-3'><a class=\"ez-toc-link ez-toc-heading-10\" href=\"https:\/\/www.malagacar.com\/fr\/blog\/location-de-voitures-a-malaga\/malaga-cet-ete\/#Conduite_agreable_et_de_classe\" data-wpel-link=\"internal\">Conduite agr\u00e9able et de classe<\/a><\/li><li class='ez-toc-page-1 ez-toc-heading-level-3'><a class=\"ez-toc-link ez-toc-heading-11\" href=\"https:\/\/www.malagacar.com\/fr\/blog\/location-de-voitures-a-malaga\/malaga-cet-ete\/#Voitures_sportives_et_elegantes\" data-wpel-link=\"internal\">Voitures sportives et \u00e9l\u00e9gantes<\/a><\/li><li class='ez-toc-page-1 ez-toc-heading-level-3'><a class=\"ez-toc-link ez-toc-heading-12\" href=\"https:\/\/www.malagacar.com\/fr\/blog\/location-de-voitures-a-malaga\/malaga-cet-ete\/#SUV_puissants_et_polyvalents\" data-wpel-link=\"internal\">SUV puissants et polyvalents<\/a><\/li><\/ul><\/li><li class='ez-toc-page-1 ez-toc-heading-level-2'><a class=\"ez-toc-link ez-toc-heading-13\" href=\"https:\/\/www.malagacar.com\/fr\/blog\/location-de-voitures-a-malaga\/malaga-cet-ete\/#Minibus\" data-wpel-link=\"internal\">Minibus<\/a><ul class='ez-toc-list-level-3' ><li class='ez-toc-heading-level-3'><a class=\"ez-toc-link ez-toc-heading-14\" href=\"https:\/\/www.malagacar.com\/fr\/blog\/location-de-voitures-a-malaga\/malaga-cet-ete\/#7_et_8_places\" data-wpel-link=\"internal\">7 et 8 places<\/a><\/li><li class='ez-toc-page-1 ez-toc-heading-level-3'><a class=\"ez-toc-link ez-toc-heading-15\" href=\"https:\/\/www.malagacar.com\/fr\/blog\/location-de-voitures-a-malaga\/malaga-cet-ete\/#9_places\" data-wpel-link=\"internal\">9 places<\/a><\/li><\/ul><\/li><\/ul><\/nav><\/div>\n<h2><span class=\"ez-toc-section\" id=\"Votre_location_de_voiture_a_Malaga\"><\/span>Votre location de voiture \u00e0 Malaga<span class=\"ez-toc-section-end\"><\/span><\/h2>\n<p>Si vous \u00eates de ceux qui prennent leur temps pour organiser leurs vacances et ne r\u00e9servent pas des mois \u00e0 l&rsquo;avance, vous risquez d&rsquo;avoir une surprise cet \u00e9t\u00e9 : vos vols, h\u00f4tels et locations de voitures pr\u00e9f\u00e9r\u00e9s \u00e0 Malaga ne sont plus disponibles.<\/p>\n<p>Les vacances commencent par l&rsquo;organisation. <em><strong>Faire une r\u00e9servation sans stress, en s&rsquo;assurant de la cat\u00e9gorie de voiture pr\u00e9f\u00e9r\u00e9e \u00e0 un prix raisonnable<\/strong><\/em>, n&rsquo;est pas une mauvaise id\u00e9e, ne pensez-vous pas ?<\/p>\n<ul>\n<li>Louer avec nous, <a href=\"https:\/\/www.malagacar.com\/fr\/\" data-wpel-link=\"internal\"><strong>MalagaCar.com<\/strong><\/a>, est <em><strong>tr\u00e8s facile, vous r\u00e9servez et payez lorsque vous prenez votre voiture<\/strong><\/em>.<\/li>\n<\/ul>\n<ul>\n<li>De plus, <em><strong>nous ne facturons pas de frais d&rsquo;annulation.<\/strong><\/em><\/li>\n<\/ul>\n<p><img loading=\"lazy\" decoding=\"async\" class=\"alignnone wp-image-9612 size-large\" src=\"https:\/\/www.malagacar.com\/blog\/wp-content\/uploads\/2022\/05\/minimaxi-1024x768.jpg\" alt=\"location de voiture Malaga\" width=\"750\" height=\"563\" \/><\/p>\n<h2><span class=\"ez-toc-section\" id=\"Location_de_voiture_pas_cher_a_Malaga\"><\/span>Location de voiture pas cher \u00e0 Malaga<span class=\"ez-toc-section-end\"><\/span><\/h2>\n<ul>\n<li>Dans notre groupe le plus \u00e9conomique, nous avons des mod\u00e8les tels que <a href=\"https:\/\/www.malagacar.com\/fr\/location-de-voitures\/16\/Fiat-500.html\" data-wpel-link=\"internal\"><strong>Kia Picanto<\/strong><\/a>, <a href=\"https:\/\/www.malagacar.com\/fr\/location-de-voitures\/16\/Fiat-500.html\" data-wpel-link=\"internal\"><strong>Peugeot 108<\/strong><\/a>, <a href=\"https:\/\/www.malagacar.com\/fr\/location-de-voitures\/16\/Fiat-500.html\" data-wpel-link=\"internal\"><strong>Fiat 500<\/strong><\/a> et <a href=\"https:\/\/www.malagacar.com\/fr\/location-de-voitures\/16\/Fiat-500.html\" data-wpel-link=\"internal\"><strong>Fiat Panda<\/strong><\/a>.<\/li>\n<\/ul>\n<ul>\n<li>Petites voitures \u00e0 3 portes avec tout le confort, y compris la climatisation.<\/li>\n<\/ul>\n<ul>\n<li>Ce sont des voitures polyvalentes lorsqu&rsquo;il s&rsquo;agit de trouver un parking ou de se faufiler dans des rues \u00e9troites, et elles vous emm\u00e8nent l\u00e0 o\u00f9 vous voulez aller.<\/li>\n<\/ul>\n<figure id=\"attachment_6654\" aria-describedby=\"caption-attachment-6654\" style=\"width: 750px\" class=\"wp-caption alignnone\"><img loading=\"lazy\" decoding=\"async\" class=\"wp-image-6654 size-large\" src=\"https:\/\/www.malagacar.com\/blog\/wp-content\/uploads\/2020\/01\/frigiliana-John-Sanders-1024x768.jpg\" alt=\"fiat from malagacar.com\" width=\"750\" height=\"563\" \/><figcaption id=\"caption-attachment-6654\" class=\"wp-caption-text\">Une de nos Fiat 500, en route pour Frigiliana. Photo courtoisie de notre client<\/figcaption><\/figure>\n<h2><span class=\"ez-toc-section\" id=\"Voitures_economiques_a_5_portes\"><\/span>Voitures \u00e9conomiques \u00e0 5 portes<span class=\"ez-toc-section-end\"><\/span><\/h2>\n<p>L&rsquo;un des groupes les plus recherch\u00e9s est le groupe C, qui comprend les voitures compactes \u00e0 5 portes. Elles constituent une excellente alternative si vous recherchez une voiture compacte, bien \u00e9quip\u00e9e et spacieuse \u00e0 un bon prix.<\/p>\n<figure id=\"attachment_17220\" aria-describedby=\"caption-attachment-17220\" style=\"width: 1000px\" class=\"wp-caption alignnone\"><img loading=\"lazy\" decoding=\"async\" class=\"size-full wp-image-17220\" src=\"https:\/\/www.malagacar.com\/sp\/blog\/wp-content\/uploads\/2024\/03\/clio.jpg\" alt=\"malagacar.com\" width=\"1000\" height=\"750\" \/><figcaption id=\"caption-attachment-17220\" class=\"wp-caption-text\">Photo avec l&rsquo;aimable autorisation de notre client<\/figcaption><\/figure>\n<ul>\n<li>Des voitures un peu plus spacieuses<\/li>\n<\/ul>\n<ul>\n<li>Mais qui restent recommand\u00e9es pour un maximum de 4 personnes avec des bagages de taille petite \u00e0 moyenne, si vous voulez profiter d&rsquo;un voyage confortable et s\u00fbr.<\/li>\n<\/ul>\n<ul>\n<li>Ce groupe comprend notamment <a href=\"https:\/\/www.malagacar.com\/fr\/location-de-voitures\/18\/Renault-Clio.html\" data-wpel-link=\"internal\"><strong>Citr\u00f6en C3<\/strong><\/a>, <a href=\"https:\/\/www.malagacar.com\/fr\/location-de-voitures\/18\/Renault-Clio.html\" data-wpel-link=\"internal\"><strong>Seat Ibiza<\/strong><\/a>, <a href=\"https:\/\/www.malagacar.com\/fr\/location-de-voitures\/18\/Renault-Clio.html\" data-wpel-link=\"internal\"><strong>Renault Clio<\/strong><\/a>, <a href=\"https:\/\/www.malagacar.com\/fr\/location-de-voitures\/18\/Renault-Clio.html\" data-wpel-link=\"internal\"><strong>Nissan Micra<\/strong><\/a>, <a href=\"https:\/\/www.malagacar.com\/fr\/location-de-voitures\/18\/Renault-Clio.html\" data-wpel-link=\"internal\"><strong>Suzuki Swift<\/strong><\/a> et<a href=\"https:\/\/www.malagacar.com\/fr\/location-de-voitures\/18\/Renault-Clio.html\" data-wpel-link=\"internal\"><strong> Ford Fiesta<\/strong><\/a>.<\/li>\n<\/ul>\n<h2><span class=\"ez-toc-section\" id=\"Voitures_plus_spacieuses\"><\/span>Voitures plus spacieuses<span class=\"ez-toc-section-end\"><\/span><\/h2>\n<figure id=\"attachment_19337\" aria-describedby=\"caption-attachment-19337\" style=\"width: 750px\" class=\"wp-caption alignnone\"><img loading=\"lazy\" decoding=\"async\" class=\"wp-image-19337 size-large\" src=\"https:\/\/www.malagacar.com\/sp\/blog\/wp-content\/uploads\/2025\/04\/dacia-stepway-1024x768.jpg\" alt=\"Dacia Stepway Malagacar.com\" width=\"750\" height=\"563\" \/><figcaption id=\"caption-attachment-19337\" class=\"wp-caption-text\">Dacia Stepway<\/figcaption><\/figure>\n<ul>\n<li>Nous proposons des mod\u00e8les tels que <a href=\"https:\/\/www.malagacar.com\/fr\/location-de-voitures\/20\/Kia-Stonic.html\" data-wpel-link=\"internal\"><strong>Kia Stonic<\/strong><\/a>, <a href=\"https:\/\/www.malagacar.com\/fr\/location-de-voitures\/20\/Kia-Stonic.html\" data-wpel-link=\"internal\"><strong>Fiat Tipo<\/strong><\/a>, <a href=\"https:\/\/www.malagacar.com\/fr\/location-de-voitures\/20\/Kia-Stonic.html\" data-wpel-link=\"internal\"><strong>Dacia Sandero Stepway<\/strong><\/a> et <a href=\"https:\/\/www.malagacar.com\/fr\/location-de-voitures\/20\/Kia-Stonic.html\" data-wpel-link=\"internal\"><strong>Audi A1<\/strong><\/a>.<\/li>\n<\/ul>\n<ul>\n<li>Les mod\u00e8les de ce groupe de location de voitures \u00e0 Malaga sont un peu plus grands que les pr\u00e9c\u00e9dents, surtout au niveau du coffre, pour un maximum de quatre personnes si elles voyagent avec de grosses valises.<\/li>\n<\/ul>\n<ul>\n<li>En revanche, il y a suffisamment d&rsquo;espace pour quatre personnes et un si\u00e8ge b\u00e9b\u00e9, voire deux si\u00e8ges b\u00e9b\u00e9 et trois passagers (voyageant avec peu de bagages).<\/li>\n<\/ul>\n<figure id=\"attachment_19350\" aria-describedby=\"caption-attachment-19350\" style=\"width: 750px\" class=\"wp-caption alignnone\"><img loading=\"lazy\" decoding=\"async\" class=\"size-large wp-image-19350\" src=\"https:\/\/www.malagacar.com\/sp\/blog\/wp-content\/uploads\/2026\/04\/fiat-tipo-1024x576.jpg\" alt=\"Fiat Tipo. Malagacar.com\" width=\"750\" height=\"422\" \/><figcaption id=\"caption-attachment-19350\" class=\"wp-caption-text\">Fiat Tipo<\/figcaption><\/figure>\n<h2><span class=\"ez-toc-section\" id=\"Voitures_automatiques\"><\/span>Voitures automatiques<span class=\"ez-toc-section-end\"><\/span><\/h2>\n<figure id=\"attachment_15342\" aria-describedby=\"caption-attachment-15342\" style=\"width: 750px\" class=\"wp-caption alignnone\"><img loading=\"lazy\" decoding=\"async\" class=\"size-large wp-image-15342\" src=\"https:\/\/www.malagacar.com\/sp\/blog\/wp-content\/uploads\/2024\/03\/brenda-newsam-sedella-toyota-corolla-877x1024.jpg\" alt=\"alquiler coches Malaga\" width=\"750\" height=\"876\" \/><figcaption id=\"caption-attachment-15342\" class=\"wp-caption-text\">Une Toyota Corolla \u00e0 Sedella. Photo avec l&rsquo;aimable autorisation de notre client<\/figcaption><\/figure>\n<p>Ce groupe est id\u00e9al pour ceux qui pr\u00e9f\u00e8rent utiliser les vitesses automatiques, et reste confortable pour 5 personnes si vous ne voyagez pas avec beaucoup de bagages.<\/p>\n<p>Nous avons plusieurs groupes de voitures, choisissez celui qui correspond le mieux \u00e0 vos besoins.<\/p>\n<ul>\n<li><a href=\"https:\/\/www.malagacar.com\/fr\/location-de-voitures\/26\/Toyota-Yaris-Auto.html\" data-wpel-link=\"internal\"><strong>Mazda2 automatique<\/strong><\/a>, <a href=\"https:\/\/www.malagacar.com\/fr\/location-de-voitures\/26\/Toyota-Yaris-Auto.html\" data-wpel-link=\"internal\"><strong>Toyota Yaris automatique<\/strong><\/a>, <a href=\"https:\/\/www.malagacar.com\/fr\/location-de-voitures\/26\/Toyota-Yaris-Auto.html\" data-wpel-link=\"internal\"><strong>Volkswagen Polo automatique<\/strong><\/a>, <a href=\"https:\/\/www.malagacar.com\/fr\/location-de-voitures\/26\/Toyota-Yaris-Auto.html\" data-wpel-link=\"internal\"><strong>Suzuki Swift automatique <\/strong><\/a>et <a href=\"https:\/\/www.malagacar.com\/fr\/location-de-voitures\/26\/Toyota-Yaris-Auto.html\" data-wpel-link=\"internal\"><strong>Nissan Micra automatique<\/strong><\/a>.<\/li>\n<\/ul>\n<ul>\n<li><a href=\"https:\/\/www.malagacar.com\/fr\/location-de-voitures\/27\/Toyota-Corolla-Auto.html\" data-wpel-link=\"internal\"><strong>Toyota Corolla automatique<\/strong><\/a>, <a href=\"https:\/\/www.malagacar.com\/fr\/location-de-voitures\/27\/Toyota-Corolla-Auto.html\" data-wpel-link=\"internal\"><strong>Renault Megane automatique<\/strong><\/a>\u00a0et <a href=\"https:\/\/www.malagacar.com\/fr\/location-de-voitures\/27\/Toyota-Corolla-Auto.html\" data-wpel-link=\"internal\"><strong>Audi A1 automatique<\/strong><\/a>.<\/li>\n<\/ul>\n<h2><span class=\"ez-toc-section\" id=\"Lete_Lheure_du_cabriolet\"><\/span>L&rsquo;\u00e9t\u00e9 ? L&rsquo;heure du cabriolet!<span class=\"ez-toc-section-end\"><\/span><\/h2>\n<p>Ce n&rsquo;est pas seulement en \u00e9t\u00e9 qu&rsquo;il est agr\u00e9able de conduire une Mini \u00e0 Malaga !<\/p>\n<p><img loading=\"lazy\" decoding=\"async\" class=\"alignnone wp-image-13720 size-full\" src=\"https:\/\/www.malagacar.com\/sp\/blog\/wp-content\/uploads\/2022\/05\/Mini.jpg\" alt=\"Mini Cabrio Malagacar.com, location de voiture Malaga\" width=\"1200\" height=\"900\" \/><\/p>\n<p>Sentez la brise m\u00e9diterran\u00e9enne, nous attendons de nouveaux mod\u00e8les cet \u00e9t\u00e9, alors restez \u00e0 l&rsquo;\u00e9coute et consultez r\u00e9guli\u00e8rement notre <a href=\"https:\/\/www.malagacar.com\/fr\/lux\/location-voiture-luxe-malaga.html\" data-wpel-link=\"internal\"><strong>s\u00e9lection de cabriolets haut de gamme<\/strong><\/a>.<\/p>\n<ul>\n<li>Cet \u00e9t\u00e9, nous vous proposons la <a href=\"https:\/\/www.malagacar.com\/fr\/location-de-voitures\/61\/Mini-Cabrio-Auto.html\" data-wpel-link=\"internal\"><strong>Mini Cabriolet Automatique<\/strong><\/a> et le <a href=\"https:\/\/www.malagacar.com\/fr\/location-de-voitures\/61\/Mini-Cabrio-Auto.html\" data-wpel-link=\"internal\"><strong>Volkswagen T-Roc Cabriolet Automatique<\/strong><\/a>. Ou peut-\u00eatre pr\u00e9f\u00e9rez-vous une <a href=\"https:\/\/www.malagacar.com\/fr\/location-de-voitures\/192\/BMW-4-Series-Cabrio-Auto.html\" data-wpel-link=\"internal\"><strong>BMW S\u00e9rie 4 Cabriolet Automatique<\/strong><\/a>\u00a0?<\/li>\n<\/ul>\n<p>\u00c0 vous de choisir\u00a0!<\/p>\n<p><img loading=\"lazy\" decoding=\"async\" class=\"alignnone wp-image-13722 size-full\" src=\"https:\/\/www.malagacar.com\/sp\/blog\/wp-content\/uploads\/2022\/05\/vw-t-roc-cabrio.jpg\" alt=\"VW T-Roc Cabrio Malagacar.com, location de voiture Malaga\" width=\"1200\" height=\"874\" \/><\/p>\n<h2><span class=\"ez-toc-section\" id=\"Petits_SUV\"><\/span>Petits SUV<span class=\"ez-toc-section-end\"><\/span><\/h2>\n<p>Nous avons une large gamme de petits SUV avec d&rsquo;excellentes performances.<\/p>\n<figure id=\"attachment_19341\" aria-describedby=\"caption-attachment-19341\" style=\"width: 750px\" class=\"wp-caption alignnone\"><img loading=\"lazy\" decoding=\"async\" class=\"size-large wp-image-19341\" src=\"https:\/\/www.malagacar.com\/sp\/blog\/wp-content\/uploads\/2025\/04\/seat-arona-1024x768.jpg\" alt=\"Seat Arona Malagacar.com\" width=\"750\" height=\"563\" \/><figcaption id=\"caption-attachment-19341\" class=\"wp-caption-text\">Une Seat Arona pr\u00eate \u00e0 \u00eatre livr\u00e9e au prochain client<\/figcaption><\/figure>\n<ul>\n<li>Id\u00e9al si vous souhaitez voyager avec plus d&rsquo;espace pour les passagers et un coffre plus grand\u00a0: <a href=\"https:\/\/www.malagacar.com\/fr\/location-de-voitures\/154\/Nissan-Juke.html\" data-wpel-link=\"internal\"><strong>Nissan Juke<\/strong><\/a>, <a href=\"https:\/\/www.malagacar.com\/fr\/location-de-voitures\/154\/Nissan-Juke.html\" data-wpel-link=\"internal\"><strong>Fiat Tipo Cross<\/strong><\/a>, <a href=\"https:\/\/www.malagacar.com\/fr\/location-de-voitures\/154\/Nissan-Juke.html\" data-wpel-link=\"internal\"><strong>Suzuki S-Cross<\/strong><\/a>, <a href=\"https:\/\/www.malagacar.com\/fr\/location-de-voitures\/154\/Nissan-Juke.html\" data-wpel-link=\"internal\"><strong>Renault Captur<\/strong><\/a>, <a href=\"https:\/\/www.malagacar.com\/fr\/location-de-voitures\/154\/Nissan-Juke.html\" data-wpel-link=\"internal\"><strong>Seat Arona<\/strong><\/a>, <a href=\"https:\/\/www.malagacar.com\/fr\/location-de-voitures\/154\/Nissan-Juke.html\" data-wpel-link=\"internal\"><strong>Suzuki Vitara<\/strong><\/a>, <a href=\"https:\/\/www.malagacar.com\/fr\/location-de-voitures\/154\/Nissan-Juke.html\" data-wpel-link=\"internal\"><strong>Volkswagen Taigo<\/strong><\/a>, <a href=\"https:\/\/www.malagacar.com\/fr\/location-de-voitures\/154\/Nissan-Juke.html\" data-wpel-link=\"internal\"><strong>Volkswagen T-Cross<\/strong><\/a> et <a href=\"https:\/\/www.malagacar.com\/fr\/location-de-voitures\/154\/Nissan-Juke.html\" data-wpel-link=\"internal\"><strong>Ford Puma<\/strong><\/a>.<\/li>\n<\/ul>\n<figure id=\"attachment_19340\" aria-describedby=\"caption-attachment-19340\" style=\"width: 750px\" class=\"wp-caption alignnone\"><img loading=\"lazy\" decoding=\"async\" class=\"size-large wp-image-19340\" src=\"https:\/\/www.malagacar.com\/sp\/blog\/wp-content\/uploads\/2025\/04\/renault-captur-1024x473.jpg\" alt=\"Renault Captur Malagacar.com\" width=\"750\" height=\"346\" \/><figcaption id=\"caption-attachment-19340\" class=\"wp-caption-text\">L&rsquo;un de nos Renault Captur dans le d\u00e9troit de Gibraltar<\/figcaption><\/figure>\n<ul>\n<li>En versions automatiques, nous vous proposons les <a href=\"https:\/\/www.malagacar.com\/fr\/location-de-voitures\/155\/Volkswagen-T-Cross-Auto.html\" data-wpel-link=\"internal\"><strong>Volkswagen T-Cross Automatique<\/strong><\/a>,<a href=\"https:\/\/www.malagacar.com\/fr\/location-de-voitures\/155\/Volkswagen-T-Cross-Auto.html\" data-wpel-link=\"internal\"><strong> Volkswagen Taigo Automatique<\/strong><\/a>, <a href=\"https:\/\/www.malagacar.com\/fr\/location-de-voitures\/155\/Volkswagen-T-Cross-Auto.html\" data-wpel-link=\"internal\"><strong>Seat Arona Automatique<\/strong><\/a>, <a href=\"https:\/\/www.malagacar.com\/fr\/location-de-voitures\/155\/Volkswagen-T-Cross-Auto.html\" data-wpel-link=\"internal\"><strong>Jeep Renegade Automatique<\/strong><\/a>, <a href=\"https:\/\/www.malagacar.com\/fr\/location-de-voitures\/155\/Volkswagen-T-Cross-Auto.html\" data-wpel-link=\"internal\"><strong>Kia XCeed Automatique<\/strong><\/a>, <a href=\"https:\/\/www.malagacar.com\/fr\/location-de-voitures\/155\/Volkswagen-T-Cross-Auto.html\" data-wpel-link=\"internal\"><strong>Ford Puma Automatique<\/strong><\/a>, <a href=\"https:\/\/www.malagacar.com\/fr\/location-de-voitures\/155\/Volkswagen-T-Cross-Auto.html\" data-wpel-link=\"internal\"><strong>Nissan Juke Automatique<\/strong><\/a> et <a href=\"https:\/\/www.malagacar.com\/fr\/location-de-voitures\/155\/Volkswagen-T-Cross-Auto.html\" data-wpel-link=\"internal\"><strong>Fiat 500X Automatique<\/strong><\/a>.<\/li>\n<\/ul>\n<h2><span class=\"ez-toc-section\" id=\"Location_de_SUV_et_de_voitures_de_luxe_a_Malaga\"><\/span>Location de SUV et de voitures de luxe \u00e0 Malaga<span class=\"ez-toc-section-end\"><\/span><\/h2>\n<p><img loading=\"lazy\" decoding=\"async\" class=\"alignnone wp-image-9617 size-large\" src=\"https:\/\/www.malagacar.com\/blog\/wp-content\/uploads\/2022\/05\/bmw-malagacar-4-1024x768.jpg\" alt=\"car hire in malaga\" width=\"750\" height=\"563\" \/><\/p>\n<h3><span class=\"ez-toc-section\" id=\"Bonne_performance\"><\/span>Bonne performance<span class=\"ez-toc-section-end\"><\/span><\/h3>\n<p>Vous souhaitez conduire une voiture performante ?<\/p>\n<figure id=\"attachment_19338\" aria-describedby=\"caption-attachment-19338\" style=\"width: 750px\" class=\"wp-caption alignnone\"><img loading=\"lazy\" decoding=\"async\" class=\"size-large wp-image-19338\" src=\"https:\/\/www.malagacar.com\/sp\/blog\/wp-content\/uploads\/2025\/04\/Audi-A3-1024x768.jpg\" alt=\"Audi A3 Malagacar.com\" width=\"750\" height=\"563\" \/><figcaption id=\"caption-attachment-19338\" class=\"wp-caption-text\">Audi A3<\/figcaption><\/figure>\n<ul>\n<li>Pour une client\u00e8le plus exigeante, nous proposons le <a href=\"https:\/\/www.malagacar.com\/fr\/location-de-voitures\/73\/Volkswagen-T-Roc.html\" data-wpel-link=\"internal\"><strong>Volkswagen T-Roc<\/strong><\/a>. En version automatique, vous avez le choix entre <a href=\"https:\/\/www.malagacar.com\/fr\/location-de-voitures\/64\/Toyota-C-HR-Auto.html\" data-wpel-link=\"internal\"><strong>Toyota C-HR<\/strong><\/a>, <a href=\"https:\/\/www.malagacar.com\/fr\/location-de-voitures\/64\/Toyota-C-HR-Auto.html\" data-wpel-link=\"internal\"><strong>Lexus UX 250h<\/strong><\/a>, <a href=\"https:\/\/www.malagacar.com\/fr\/location-de-voitures\/64\/Toyota-C-HR-Auto.html\" data-wpel-link=\"internal\"><strong>BMW S\u00e9rie 1<\/strong><\/a>, <a href=\"https:\/\/www.malagacar.com\/fr\/location-de-voitures\/64\/Toyota-C-HR-Auto.html\" data-wpel-link=\"internal\"><strong>Audi A3 <\/strong><\/a>et <a href=\"https:\/\/www.malagacar.com\/fr\/location-de-voitures\/64\/Toyota-C-HR-Auto.html\" data-wpel-link=\"internal\"><strong>Volkswagen T-Roc<\/strong><\/a>.<\/li>\n<\/ul>\n<ul>\n<li>Ou pr\u00e9f\u00e9rez-vous un <a href=\"https:\/\/www.malagacar.com\/fr\/location-de-voitures\/105\/Nissan-Qashqai-Auto.html\" data-wpel-link=\"internal\"><strong>Nissan Qashqai<\/strong><\/a>, un <a href=\"https:\/\/www.malagacar.com\/fr\/location-de-voitures\/105\/Nissan-Qashqai-Auto.html\" data-wpel-link=\"internal\"><strong>Renault Arkana<\/strong><\/a> ou un <a href=\"https:\/\/www.malagacar.com\/fr\/location-de-voitures\/105\/Nissan-Qashqai-Auto.html\" data-wpel-link=\"internal\"><strong>Seat Ateca<\/strong><\/a>\u00a0? Ils sont \u00e9galement disponibles en bo\u00eete manuelle\u00a0!<\/li>\n<\/ul>\n<h3><span class=\"ez-toc-section\" id=\"Conduite_agreable_et_de_classe\"><\/span>Conduite agr\u00e9able et de classe<span class=\"ez-toc-section-end\"><\/span><\/h3>\n<ul>\n<li>Envie d&rsquo;une exp\u00e9rience de conduite confortable et \u00e9l\u00e9gante\u00a0? Optez pour une <a href=\"https:\/\/www.malagacar.com\/fr\/location-de-voitures\/194\/Mercedes-Benz-GLA-Auto.html\" data-wpel-link=\"internal\"><strong>Mercedes-Benz CLA automatique<\/strong><\/a>, une <a href=\"https:\/\/www.malagacar.com\/fr\/location-de-voitures\/194\/Mercedes-Benz-GLA-Auto.html\" data-wpel-link=\"internal\"><strong>Mercedes-Benz Classe B automatique<\/strong><\/a> ou une <a href=\"https:\/\/www.malagacar.com\/fr\/location-de-voitures\/186\/Lexus-ES-300h-Auto.html\" data-wpel-link=\"internal\"><strong>Lexus ES 300h automatique<\/strong><\/a>.<\/li>\n<\/ul>\n<ul>\n<li>Ou peut-\u00eatre pr\u00e9f\u00e9rez-vous un <a href=\"https:\/\/www.malagacar.com\/fr\/location-de-voitures\/89\/Nissan-Qashqai.html\" data-wpel-link=\"internal\"><strong>Hyundai Tucson<\/strong><\/a>, un <a href=\"https:\/\/www.malagacar.com\/fr\/location-de-voitures\/89\/Nissan-Qashqai.html\" data-wpel-link=\"internal\"><strong>Seat Ateca<\/strong><\/a> ou un <a href=\"https:\/\/www.malagacar.com\/fr\/location-de-voitures\/89\/Nissan-Qashqai.html\" data-wpel-link=\"internal\"><strong>Nissan Qashqai<\/strong><\/a>\u00a0? Aucun probl\u00e8me, jetez un \u0153il\u00a0!<\/li>\n<\/ul>\n<figure id=\"attachment_19343\" aria-describedby=\"caption-attachment-19343\" style=\"width: 750px\" class=\"wp-caption alignnone\"><img loading=\"lazy\" decoding=\"async\" class=\"wp-image-19343 size-large\" src=\"https:\/\/www.malagacar.com\/sp\/blog\/wp-content\/uploads\/2025\/04\/nissan-qashqai-1024x576.jpg\" alt=\"nissan qashqai. Malagacar.com\" width=\"750\" height=\"422\" \/><figcaption id=\"caption-attachment-19343\" class=\"wp-caption-text\">Nissan Qashqai<\/figcaption><\/figure>\n<h3><span class=\"ez-toc-section\" id=\"Voitures_sportives_et_elegantes\"><\/span>Voitures sportives et \u00e9l\u00e9gantes<span class=\"ez-toc-section-end\"><\/span><\/h3>\n<p>Vous souhaitez montrer une voiture sportive, styl\u00e9e et \u00e9l\u00e9gante pendant vos vacances sur la Costa del Sol ?<\/p>\n<ul>\n<li>Vous recherchez peut-\u00eatre une <a href=\"https:\/\/www.malagacar.com\/fr\/location-de-voitures\/45\/Mercedes-Benz-C-Class-Auto.html\" data-wpel-link=\"internal\"><strong>Mercedes-Benz Classe C automatique<\/strong><\/a>, une <a href=\"https:\/\/www.malagacar.com\/fr\/location-de-voitures\/193\/BMW-3-Series-Auto.html\" data-wpel-link=\"internal\"><strong>BMW S\u00e9rie 3 automatique<\/strong><\/a> ou une <a href=\"https:\/\/www.malagacar.com\/fr\/location-de-voitures\/195\/BMW-i4-Electric.html\" data-wpel-link=\"internal\"><strong>BMW i4 \u00e9lectrique<\/strong><\/a>.<\/li>\n<\/ul>\n<h3><span class=\"ez-toc-section\" id=\"SUV_puissants_et_polyvalents\"><\/span>SUV puissants et polyvalents<span class=\"ez-toc-section-end\"><\/span><\/h3>\n<figure id=\"attachment_17208\" aria-describedby=\"caption-attachment-17208\" style=\"width: 1000px\" class=\"wp-caption alignnone\"><img loading=\"lazy\" decoding=\"async\" class=\"wp-image-17208 size-full\" src=\"https:\/\/www.malagacar.com\/sp\/blog\/wp-content\/uploads\/2024\/03\/Volvo-XC40.jpg\" alt=\"Volvo XC40. Malagacar.com\" width=\"1000\" height=\"575\" \/><figcaption id=\"caption-attachment-17208\" class=\"wp-caption-text\">D\u00e9couvrir l&rsquo;int\u00e9rieur des terres avec nos SUV est un pur plaisir. Photo avec l&rsquo;aimable autorisation de notre client.<\/figcaption><\/figure>\n<ul>\n<li>Des SUV puissants et polyvalents, leaders dans leur segment\u00a0: <a href=\"https:\/\/www.malagacar.com\/fr\/location-de-voitures\/151\/BMW-X1-Auto.html\" data-wpel-link=\"internal\"><strong>BMW X1 Automatique<\/strong><\/a>, <a href=\"https:\/\/www.malagacar.com\/fr\/location-de-voitures\/151\/BMW-X1-Auto.html\" data-wpel-link=\"internal\"><strong>Volvo XC40 Automatique<\/strong><\/a>, <a href=\"https:\/\/www.malagacar.com\/fr\/location-de-voitures\/151\/BMW-X1-Auto.html\" data-wpel-link=\"internal\"><strong>Lynk &amp; Co 01 Automatique<\/strong><\/a> et <a href=\"https:\/\/www.malagacar.com\/fr\/location-de-voitures\/151\/BMW-X1-Auto.html\" data-wpel-link=\"internal\"><strong>Cupra Formentor Automatique<\/strong><\/a>.<\/li>\n<\/ul>\n<figure id=\"attachment_19346\" aria-describedby=\"caption-attachment-19346\" style=\"width: 750px\" class=\"wp-caption alignnone\"><img loading=\"lazy\" decoding=\"async\" class=\"wp-image-19346 size-large\" src=\"https:\/\/www.malagacar.com\/sp\/blog\/wp-content\/uploads\/2025\/04\/lynk-co-1024x577.jpg\" alt=\"Lynk &amp; Co 01. Malagacar.com\" width=\"750\" height=\"423\" \/><figcaption id=\"caption-attachment-19346\" class=\"wp-caption-text\">Lynk &amp; Co 01<\/figcaption><\/figure>\n<ul>\n<li>Notre flotte comprend des voitures de location de grandes marques telles que <a href=\"https:\/\/www.malagacar.com\/fr\/location-de-voitures\/71\/BMW-X3-Auto.html\" data-wpel-link=\"internal\"><strong>Volvo XC60 Automatique<\/strong><\/a>,\u00a0 <a href=\"https:\/\/www.malagacar.com\/fr\/location-de-voitures\/71\/BMW-X3-Auto.html\" data-wpel-link=\"internal\"><strong>BMW X3 Automatique<\/strong><\/a> ou <a href=\"https:\/\/www.malagacar.com\/fr\/location-de-voitures\/49\/BMW-X4-Auto.html\" data-wpel-link=\"internal\"><strong>BMW X4 Automatique<\/strong><\/a>.<\/li>\n<\/ul>\n<figure id=\"attachment_19344\" aria-describedby=\"caption-attachment-19344\" style=\"width: 750px\" class=\"wp-caption alignnone\"><img loading=\"lazy\" decoding=\"async\" class=\"size-large wp-image-19344\" src=\"https:\/\/www.malagacar.com\/sp\/blog\/wp-content\/uploads\/2025\/04\/bmw-x3-1024x576.jpg\" alt=\"BMW X3. Malagacar.com\" width=\"750\" height=\"422\" \/><figcaption id=\"caption-attachment-19344\" class=\"wp-caption-text\">Une BMW X3 de Malagacar.com<\/figcaption><\/figure>\n<h2><span class=\"ez-toc-section\" id=\"Minibus\"><\/span>Minibus<span class=\"ez-toc-section-end\"><\/span><\/h2>\n<h3><span class=\"ez-toc-section\" id=\"7_et_8_places\"><\/span>7 et 8 places<span class=\"ez-toc-section-end\"><\/span><\/h3>\n<p>Vous voyagez \u00e0 plusieurs ?<\/p>\n<figure id=\"attachment_19345\" aria-describedby=\"caption-attachment-19345\" style=\"width: 750px\" class=\"wp-caption alignnone\"><img loading=\"lazy\" decoding=\"async\" class=\"wp-image-19345 size-large\" src=\"https:\/\/www.malagacar.com\/sp\/blog\/wp-content\/uploads\/2025\/04\/vw-caddy-1024x768.jpg\" alt=\"Volkswagen Caddy. Malagacar.com\" width=\"750\" height=\"563\" \/><figcaption id=\"caption-attachment-19345\" class=\"wp-caption-text\">Une Volkswagen Caddy devant la porte de notre bureau<\/figcaption><\/figure>\n<ul>\n<li>Le <a href=\"https:\/\/www.malagacar.com\/fr\/location-de-voitures\/58\/Peugeot-5008-Auto-7-pax.html\" data-wpel-link=\"internal\"><strong>Volkswagen Caddy Maxi Automatique<\/strong><\/a> 7 places est tr\u00e8s spacieux et confortable, et son coffre est de bonne taille.<\/li>\n<\/ul>\n<ul>\n<li>Nous proposons \u00e9galement des versions manuelles <a href=\"https:\/\/www.malagacar.com\/fr\/location-de-voitures\/33\/Volkswagen-Caddy.html\" data-wpel-link=\"internal\"><strong>Volkswagen Caddy<\/strong><\/a>, <a href=\"https:\/\/www.malagacar.com\/fr\/location-de-voitures\/33\/Volkswagen-Caddy.html\" data-wpel-link=\"internal\"><strong>Ford Tourneo Courier<\/strong><\/a> et <a href=\"https:\/\/www.malagacar.com\/fr\/location-de-voitures\/33\/Volkswagen-Caddy.html\" data-wpel-link=\"internal\"><strong>Nissan Townstar<\/strong><\/a>.<\/li>\n<\/ul>\n<ul>\n<li>Si vous avez besoin de plus d&rsquo;espace, jetez un \u0153il aux <a href=\"https:\/\/www.malagacar.com\/fr\/location-de-voitures\/159\/Ford-Transit-Auto-8-pax.html\" data-wpel-link=\"internal\"><strong>Ford Transit<\/strong><\/a> et <a href=\"https:\/\/www.malagacar.com\/fr\/location-de-voitures\/103\/Mercedes-V-Class-Auto-8-pax.html\" data-wpel-link=\"internal\"><strong>Mercedes Classe V automatiques<\/strong><\/a> 8 places.<\/li>\n<\/ul>\n<h3><span class=\"ez-toc-section\" id=\"9_places\"><\/span>9 places<span class=\"ez-toc-section-end\"><\/span><\/h3>\n<p>Voyagez dans votre minibus priv\u00e9 et oubliez les probl\u00e8mes d&rsquo;exc\u00e9dent de bagages.<\/p>\n<ul>\n<li>Nous avons des <a href=\"https:\/\/www.malagacar.com\/fr\/location-de-voitures\/101\/Mercedes-Vito-Auto-9-pax.html\" data-wpel-link=\"internal\"><strong>Mercedes Vito<\/strong><\/a> et des <a href=\"https:\/\/www.malagacar.com\/fr\/location-de-voitures\/101\/Mercedes-Vito-Auto-9-pax.html\" data-wpel-link=\"internal\"><strong>Volkswagen Caravelle<\/strong><\/a>.<\/li>\n<\/ul>\n<p><img loading=\"lazy\" decoding=\"async\" class=\"alignnone wp-image-9620 size-large\" src=\"https:\/\/www.malagacar.com\/blog\/wp-content\/uploads\/2022\/05\/mercedes-vito-1024x688.jpg\" alt=\"car hire in malaga\" width=\"750\" height=\"504\" \/><\/p>\n<p>Vous avez trouv\u00e9 un groupe de voitures que vous voulez conduire ? <a href=\"https:\/\/www.malagacar.com\/fr\/car\/car-hire-malaga-airport-rates.htm\" data-wpel-link=\"internal\"><strong>R\u00e9servez d\u00e8s maintenant !<\/strong><\/a><\/p>\n<p>N&rsquo;oubliez pas qu&rsquo;il est tr\u00e8s facile de louer avec nous : vous r\u00e9servez et vous payez au moment o\u00f9 vous r\u00e9cup\u00e9rez votre voiture. De plus, nous ne facturons pas de frais d&rsquo;annulation.<\/p>\n\t\t\t\t\n\t\t\t\t<div id=\"search-form2\" class=\"big-quote index-mobile\">\n\t\t\t\t<form id=\"frmSearch\" name=\"frmSearch\" action=\"\/fr\/location-de-voitures\/quote.php\" method=\"post\" name=\"quote\" class=\"container-fluid\">\n\t\t\t\t\t\t\t\t\t<div class=\"row\">\n\t\t\t\t\t\t<div class=\"col-sm-6\">\n\n\t\t\t\t\t\t\t<div class=\"form-group\">\n\t\t\t\t\t\t\t\t<label for=\"entrega\"><h4>Collecte<\/h4><\/label>\n\t\t\t\t\t\t\t\t<select name=\"entrega\" id=\"entrega\" class=\"custom-select\">\n\t\t\t\t\t\t\t\t\t<option value=\"airport\"  selected>Malaga A\u00e9roport<\/option>\n\t\t\t\t\t\t\t\t\t\t\t\t\t\t\t\t<\/select>\n\t\t\t\t\t\t\t\t<div class=\"form-inline my-2\">\n\t\t\t\t\t\t\t\t\t<input id=\"pDate\" class=\"form-control\" value=\"07\/09\/2026\" name=\"pDate\" readonly onchange=\"return uppdate()\">\n\t\t\t\t\t\t\t\t\t<select class=\"custom-select\" id=\"phorasminutos\" name=\"phorasminutos\" oninvalid=\"setCustomValidity('Faites-nous conna\u00eetre votre heure d\u00b4arriv\u00e9e')\" onchange=\"setCustomValidity('');\">\n\t\t\t\t\t\t\t\t\t\t<option value=\"-\" selected>--:--<\/option>\n\t\t\t\t\t\t\t\t\t\t\t\t\t\t\t\t\t\t\t\t<option value=\"00:00\">\n\t\t\t\t\t\t\t\t\t\t\t00:00<\/option>\n\t\t\t\t\t\t\t\t\t\t<option value=\"00:15\">\n\t\t\t\t\t\t\t\t\t\t\t00:15<\/option>\n\t\t\t\t\t\t\t\t\t\t<option value=\"00:30\">\n\t\t\t\t\t\t\t\t\t\t\t00:30<\/option>\n\t\t\t\t\t\t\t\t\t\t<option value=\"00:45\">\n\t\t\t\t\t\t\t\t\t\t\t00:45<\/option>\n\t\t\t\t\t\t\t\t\t\t\t\t\t\t\t\t\t\t\t\t<option value=\"01:00\">\n\t\t\t\t\t\t\t\t\t\t\t01:00<\/option>\n\t\t\t\t\t\t\t\t\t\t<option value=\"01:15\">\n\t\t\t\t\t\t\t\t\t\t\t01:15<\/option>\n\t\t\t\t\t\t\t\t\t\t<option value=\"01:30\">\n\t\t\t\t\t\t\t\t\t\t\t01:30<\/option>\n\t\t\t\t\t\t\t\t\t\t<option value=\"01:45\">\n\t\t\t\t\t\t\t\t\t\t\t01:45<\/option>\n\t\t\t\t\t\t\t\t\t\t\t\t\t\t\t\t\t\t\t\t<option value=\"02:00\">\n\t\t\t\t\t\t\t\t\t\t\t02:00<\/option>\n\t\t\t\t\t\t\t\t\t\t<option value=\"02:15\">\n\t\t\t\t\t\t\t\t\t\t\t02:15<\/option>\n\t\t\t\t\t\t\t\t\t\t<option value=\"02:30\">\n\t\t\t\t\t\t\t\t\t\t\t02:30<\/option>\n\t\t\t\t\t\t\t\t\t\t<option value=\"02:45\">\n\t\t\t\t\t\t\t\t\t\t\t02:45<\/option>\n\t\t\t\t\t\t\t\t\t\t\t\t\t\t\t\t\t\t\t\t<option value=\"03:00\">\n\t\t\t\t\t\t\t\t\t\t\t03:00<\/option>\n\t\t\t\t\t\t\t\t\t\t<option value=\"03:15\">\n\t\t\t\t\t\t\t\t\t\t\t03:15<\/option>\n\t\t\t\t\t\t\t\t\t\t<option value=\"03:30\">\n\t\t\t\t\t\t\t\t\t\t\t03:30<\/option>\n\t\t\t\t\t\t\t\t\t\t<option value=\"03:45\">\n\t\t\t\t\t\t\t\t\t\t\t03:45<\/option>\n\t\t\t\t\t\t\t\t\t\t\t\t\t\t\t\t\t\t\t\t<option value=\"04:00\">\n\t\t\t\t\t\t\t\t\t\t\t04:00<\/option>\n\t\t\t\t\t\t\t\t\t\t<option value=\"04:15\">\n\t\t\t\t\t\t\t\t\t\t\t04:15<\/option>\n\t\t\t\t\t\t\t\t\t\t<option value=\"04:30\">\n\t\t\t\t\t\t\t\t\t\t\t04:30<\/option>\n\t\t\t\t\t\t\t\t\t\t<option value=\"04:45\">\n\t\t\t\t\t\t\t\t\t\t\t04:45<\/option>\n\t\t\t\t\t\t\t\t\t\t\t\t\t\t\t\t\t\t\t\t<option value=\"05:00\">\n\t\t\t\t\t\t\t\t\t\t\t05:00<\/option>\n\t\t\t\t\t\t\t\t\t\t<option value=\"05:15\">\n\t\t\t\t\t\t\t\t\t\t\t05:15<\/option>\n\t\t\t\t\t\t\t\t\t\t<option value=\"05:30\">\n\t\t\t\t\t\t\t\t\t\t\t05:30<\/option>\n\t\t\t\t\t\t\t\t\t\t<option value=\"05:45\">\n\t\t\t\t\t\t\t\t\t\t\t05:45<\/option>\n\t\t\t\t\t\t\t\t\t\t\t\t\t\t\t\t\t\t\t\t<option value=\"06:00\">\n\t\t\t\t\t\t\t\t\t\t\t06:00<\/option>\n\t\t\t\t\t\t\t\t\t\t<option value=\"06:15\">\n\t\t\t\t\t\t\t\t\t\t\t06:15<\/option>\n\t\t\t\t\t\t\t\t\t\t<option value=\"06:30\">\n\t\t\t\t\t\t\t\t\t\t\t06:30<\/option>\n\t\t\t\t\t\t\t\t\t\t<option value=\"06:45\">\n\t\t\t\t\t\t\t\t\t\t\t06:45<\/option>\n\t\t\t\t\t\t\t\t\t\t\t\t\t\t\t\t\t\t\t\t<option value=\"07:00\">\n\t\t\t\t\t\t\t\t\t\t\t07:00<\/option>\n\t\t\t\t\t\t\t\t\t\t<option value=\"07:15\">\n\t\t\t\t\t\t\t\t\t\t\t07:15<\/option>\n\t\t\t\t\t\t\t\t\t\t<option value=\"07:30\">\n\t\t\t\t\t\t\t\t\t\t\t07:30<\/option>\n\t\t\t\t\t\t\t\t\t\t<option value=\"07:45\">\n\t\t\t\t\t\t\t\t\t\t\t07:45<\/option>\n\t\t\t\t\t\t\t\t\t\t\t\t\t\t\t\t\t\t\t\t<option value=\"08:00\">\n\t\t\t\t\t\t\t\t\t\t\t08:00<\/option>\n\t\t\t\t\t\t\t\t\t\t<option value=\"08:15\">\n\t\t\t\t\t\t\t\t\t\t\t08:15<\/option>\n\t\t\t\t\t\t\t\t\t\t<option value=\"08:30\">\n\t\t\t\t\t\t\t\t\t\t\t08:30<\/option>\n\t\t\t\t\t\t\t\t\t\t<option value=\"08:45\">\n\t\t\t\t\t\t\t\t\t\t\t08:45<\/option>\n\t\t\t\t\t\t\t\t\t\t\t\t\t\t\t\t\t\t\t\t<option value=\"09:00\">\n\t\t\t\t\t\t\t\t\t\t\t09:00<\/option>\n\t\t\t\t\t\t\t\t\t\t<option value=\"09:15\">\n\t\t\t\t\t\t\t\t\t\t\t09:15<\/option>\n\t\t\t\t\t\t\t\t\t\t<option value=\"09:30\">\n\t\t\t\t\t\t\t\t\t\t\t09:30<\/option>\n\t\t\t\t\t\t\t\t\t\t<option value=\"09:45\">\n\t\t\t\t\t\t\t\t\t\t\t09:45<\/option>\n\t\t\t\t\t\t\t\t\t\t\t\t\t\t\t\t\t\t\t\t<option value=\"10:00\">\n\t\t\t\t\t\t\t\t\t\t\t10:00<\/option>\n\t\t\t\t\t\t\t\t\t\t<option value=\"10:15\">\n\t\t\t\t\t\t\t\t\t\t\t10:15<\/option>\n\t\t\t\t\t\t\t\t\t\t<option value=\"10:30\">\n\t\t\t\t\t\t\t\t\t\t\t10:30<\/option>\n\t\t\t\t\t\t\t\t\t\t<option value=\"10:45\">\n\t\t\t\t\t\t\t\t\t\t\t10:45<\/option>\n\t\t\t\t\t\t\t\t\t\t\t\t\t\t\t\t\t\t\t\t<option value=\"11:00\">\n\t\t\t\t\t\t\t\t\t\t\t11:00<\/option>\n\t\t\t\t\t\t\t\t\t\t<option value=\"11:15\">\n\t\t\t\t\t\t\t\t\t\t\t11:15<\/option>\n\t\t\t\t\t\t\t\t\t\t<option value=\"11:30\">\n\t\t\t\t\t\t\t\t\t\t\t11:30<\/option>\n\t\t\t\t\t\t\t\t\t\t<option value=\"11:45\">\n\t\t\t\t\t\t\t\t\t\t\t11:45<\/option>\n\t\t\t\t\t\t\t\t\t\t\t\t\t\t\t\t\t\t\t\t<option value=\"12:00\">\n\t\t\t\t\t\t\t\t\t\t\t12:00<\/option>\n\t\t\t\t\t\t\t\t\t\t<option value=\"12:15\">\n\t\t\t\t\t\t\t\t\t\t\t12:15<\/option>\n\t\t\t\t\t\t\t\t\t\t<option value=\"12:30\">\n\t\t\t\t\t\t\t\t\t\t\t12:30<\/option>\n\t\t\t\t\t\t\t\t\t\t<option value=\"12:45\">\n\t\t\t\t\t\t\t\t\t\t\t12:45<\/option>\n\t\t\t\t\t\t\t\t\t\t\t\t\t\t\t\t\t\t\t\t<option value=\"13:00\">\n\t\t\t\t\t\t\t\t\t\t\t13:00<\/option>\n\t\t\t\t\t\t\t\t\t\t<option value=\"13:15\">\n\t\t\t\t\t\t\t\t\t\t\t13:15<\/option>\n\t\t\t\t\t\t\t\t\t\t<option value=\"13:30\">\n\t\t\t\t\t\t\t\t\t\t\t13:30<\/option>\n\t\t\t\t\t\t\t\t\t\t<option value=\"13:45\">\n\t\t\t\t\t\t\t\t\t\t\t13:45<\/option>\n\t\t\t\t\t\t\t\t\t\t\t\t\t\t\t\t\t\t\t\t<option value=\"14:00\">\n\t\t\t\t\t\t\t\t\t\t\t14:00<\/option>\n\t\t\t\t\t\t\t\t\t\t<option value=\"14:15\">\n\t\t\t\t\t\t\t\t\t\t\t14:15<\/option>\n\t\t\t\t\t\t\t\t\t\t<option value=\"14:30\">\n\t\t\t\t\t\t\t\t\t\t\t14:30<\/option>\n\t\t\t\t\t\t\t\t\t\t<option value=\"14:45\">\n\t\t\t\t\t\t\t\t\t\t\t14:45<\/option>\n\t\t\t\t\t\t\t\t\t\t\t\t\t\t\t\t\t\t\t\t<option value=\"15:00\">\n\t\t\t\t\t\t\t\t\t\t\t15:00<\/option>\n\t\t\t\t\t\t\t\t\t\t<option value=\"15:15\">\n\t\t\t\t\t\t\t\t\t\t\t15:15<\/option>\n\t\t\t\t\t\t\t\t\t\t<option value=\"15:30\">\n\t\t\t\t\t\t\t\t\t\t\t15:30<\/option>\n\t\t\t\t\t\t\t\t\t\t<option value=\"15:45\">\n\t\t\t\t\t\t\t\t\t\t\t15:45<\/option>\n\t\t\t\t\t\t\t\t\t\t\t\t\t\t\t\t\t\t\t\t<option value=\"16:00\">\n\t\t\t\t\t\t\t\t\t\t\t16:00<\/option>\n\t\t\t\t\t\t\t\t\t\t<option value=\"16:15\">\n\t\t\t\t\t\t\t\t\t\t\t16:15<\/option>\n\t\t\t\t\t\t\t\t\t\t<option value=\"16:30\">\n\t\t\t\t\t\t\t\t\t\t\t16:30<\/option>\n\t\t\t\t\t\t\t\t\t\t<option value=\"16:45\">\n\t\t\t\t\t\t\t\t\t\t\t16:45<\/option>\n\t\t\t\t\t\t\t\t\t\t\t\t\t\t\t\t\t\t\t\t<option value=\"17:00\">\n\t\t\t\t\t\t\t\t\t\t\t17:00<\/option>\n\t\t\t\t\t\t\t\t\t\t<option value=\"17:15\">\n\t\t\t\t\t\t\t\t\t\t\t17:15<\/option>\n\t\t\t\t\t\t\t\t\t\t<option value=\"17:30\">\n\t\t\t\t\t\t\t\t\t\t\t17:30<\/option>\n\t\t\t\t\t\t\t\t\t\t<option value=\"17:45\">\n\t\t\t\t\t\t\t\t\t\t\t17:45<\/option>\n\t\t\t\t\t\t\t\t\t\t\t\t\t\t\t\t\t\t\t\t<option value=\"18:00\">\n\t\t\t\t\t\t\t\t\t\t\t18:00<\/option>\n\t\t\t\t\t\t\t\t\t\t<option value=\"18:15\">\n\t\t\t\t\t\t\t\t\t\t\t18:15<\/option>\n\t\t\t\t\t\t\t\t\t\t<option value=\"18:30\">\n\t\t\t\t\t\t\t\t\t\t\t18:30<\/option>\n\t\t\t\t\t\t\t\t\t\t<option value=\"18:45\">\n\t\t\t\t\t\t\t\t\t\t\t18:45<\/option>\n\t\t\t\t\t\t\t\t\t\t\t\t\t\t\t\t\t\t\t\t<option value=\"19:00\">\n\t\t\t\t\t\t\t\t\t\t\t19:00<\/option>\n\t\t\t\t\t\t\t\t\t\t<option value=\"19:15\">\n\t\t\t\t\t\t\t\t\t\t\t19:15<\/option>\n\t\t\t\t\t\t\t\t\t\t<option value=\"19:30\">\n\t\t\t\t\t\t\t\t\t\t\t19:30<\/option>\n\t\t\t\t\t\t\t\t\t\t<option value=\"19:45\">\n\t\t\t\t\t\t\t\t\t\t\t19:45<\/option>\n\t\t\t\t\t\t\t\t\t\t\t\t\t\t\t\t\t\t\t\t<option value=\"20:00\">\n\t\t\t\t\t\t\t\t\t\t\t20:00<\/option>\n\t\t\t\t\t\t\t\t\t\t<option value=\"20:15\">\n\t\t\t\t\t\t\t\t\t\t\t20:15<\/option>\n\t\t\t\t\t\t\t\t\t\t<option value=\"20:30\">\n\t\t\t\t\t\t\t\t\t\t\t20:30<\/option>\n\t\t\t\t\t\t\t\t\t\t<option value=\"20:45\">\n\t\t\t\t\t\t\t\t\t\t\t20:45<\/option>\n\t\t\t\t\t\t\t\t\t\t\t\t\t\t\t\t\t\t\t\t<option value=\"21:00\">\n\t\t\t\t\t\t\t\t\t\t\t21:00<\/option>\n\t\t\t\t\t\t\t\t\t\t<option value=\"21:15\">\n\t\t\t\t\t\t\t\t\t\t\t21:15<\/option>\n\t\t\t\t\t\t\t\t\t\t<option value=\"21:30\">\n\t\t\t\t\t\t\t\t\t\t\t21:30<\/option>\n\t\t\t\t\t\t\t\t\t\t<option value=\"21:45\">\n\t\t\t\t\t\t\t\t\t\t\t21:45<\/option>\n\t\t\t\t\t\t\t\t\t\t\t\t\t\t\t\t\t\t\t\t<option value=\"22:00\">\n\t\t\t\t\t\t\t\t\t\t\t22:00<\/option>\n\t\t\t\t\t\t\t\t\t\t<option value=\"22:15\">\n\t\t\t\t\t\t\t\t\t\t\t22:15<\/option>\n\t\t\t\t\t\t\t\t\t\t<option value=\"22:30\">\n\t\t\t\t\t\t\t\t\t\t\t22:30<\/option>\n\t\t\t\t\t\t\t\t\t\t<option value=\"22:45\">\n\t\t\t\t\t\t\t\t\t\t\t22:45<\/option>\n\t\t\t\t\t\t\t\t\t\t\t\t\t\t\t\t\t\t\t\t<option value=\"23:00\">\n\t\t\t\t\t\t\t\t\t\t\t23:00<\/option>\n\t\t\t\t\t\t\t\t\t\t<option value=\"23:15\">\n\t\t\t\t\t\t\t\t\t\t\t23:15<\/option>\n\t\t\t\t\t\t\t\t\t\t<option value=\"23:30\">\n\t\t\t\t\t\t\t\t\t\t\t23:30<\/option>\n\t\t\t\t\t\t\t\t\t\t<option value=\"23:45\">\n\t\t\t\t\t\t\t\t\t\t\t23:45<\/option>\n\t\t\t\t\t\t\t\t\t\t\t\t\t\t\t\t\t\t\t<\/select>\n\t\t\t\t\t\t\t\t<\/div>\n\t\t\t\t\t\t\t<\/div>\n\t\t\t\t\t\t<\/div>\n\t\t\t\t\t\t<div class=\"col-sm-6\">\n\t\t\t\t\t\t\t<div class=\"form-group\">\n\t\t\t\t\t\t\t\t<div id=\"bookingBox\"><\/div>\n\n\t\t\t\t\t\t\t\t<label for=\"devuelta\"><h4>D\u00e9p\u00f4t<\/h4><\/label>\n\t\t\t\t\t\t\t\t<select name=\"devuelta\" id=\"devuelta\" class=\"custom-select\">\n\t\t\t\t\t\t\t\t\t<option value=\"airport\"  selected>Malaga A\u00e9roport<\/option>\n\t\t\t\t\t\t\t\t\t\t\t\t\t\t\t\t<\/select>\n\n\t\t\t\t\t\t\t\t<div class=\"form-inline my-2\">\n\t\t\t\t\t\t\t\t\t<input id=\"dDate\" class=\"form-control\" value=\"14\/09\/2026\" name=\"dDate\" readonly>\n\t\t\t\t\t\t\t\t\t<select class=\"custom-select\" id=\"dhorasminutos\" name=\"dhorasminutos\" oninvalid=\"setCustomValidity('Faites-nous savoir votre heure de retour')\" onchange=\"setCustomValidity('')\">\n\t\t\t\t\t\t\t\t\t\t<option value=\"-\" selected>--:--<\/option>\n\t\t\t\t\t\t\t\t\t\t\t\t\t\t\t\t\t\t\t\t<option value=\"00:00\">\n\t\t\t\t\t\t\t\t\t\t\t00:00<\/option>\n\t\t\t\t\t\t\t\t\t\t<option value=\"00:15\">\n\t\t\t\t\t\t\t\t\t\t\t00:15<\/option>\n\t\t\t\t\t\t\t\t\t\t<option value=\"00:30\">\n\t\t\t\t\t\t\t\t\t\t\t00:30<\/option>\n\t\t\t\t\t\t\t\t\t\t<option value=\"00:45\">\n\t\t\t\t\t\t\t\t\t\t\t00:45<\/option>\n\t\t\t\t\t\t\t\t\t\t\t\t\t\t\t\t\t\t\t\t<option value=\"01:00\">\n\t\t\t\t\t\t\t\t\t\t\t01:00<\/option>\n\t\t\t\t\t\t\t\t\t\t<option value=\"01:15\">\n\t\t\t\t\t\t\t\t\t\t\t01:15<\/option>\n\t\t\t\t\t\t\t\t\t\t<option value=\"01:30\">\n\t\t\t\t\t\t\t\t\t\t\t01:30<\/option>\n\t\t\t\t\t\t\t\t\t\t<option value=\"01:45\">\n\t\t\t\t\t\t\t\t\t\t\t01:45<\/option>\n\t\t\t\t\t\t\t\t\t\t\t\t\t\t\t\t\t\t\t\t<option value=\"02:00\">\n\t\t\t\t\t\t\t\t\t\t\t02:00<\/option>\n\t\t\t\t\t\t\t\t\t\t<option value=\"02:15\">\n\t\t\t\t\t\t\t\t\t\t\t02:15<\/option>\n\t\t\t\t\t\t\t\t\t\t<option value=\"02:30\">\n\t\t\t\t\t\t\t\t\t\t\t02:30<\/option>\n\t\t\t\t\t\t\t\t\t\t<option value=\"02:45\">\n\t\t\t\t\t\t\t\t\t\t\t02:45<\/option>\n\t\t\t\t\t\t\t\t\t\t\t\t\t\t\t\t\t\t\t\t<option value=\"03:00\">\n\t\t\t\t\t\t\t\t\t\t\t03:00<\/option>\n\t\t\t\t\t\t\t\t\t\t<option value=\"03:15\">\n\t\t\t\t\t\t\t\t\t\t\t03:15<\/option>\n\t\t\t\t\t\t\t\t\t\t<option value=\"03:30\">\n\t\t\t\t\t\t\t\t\t\t\t03:30<\/option>\n\t\t\t\t\t\t\t\t\t\t<option value=\"03:45\">\n\t\t\t\t\t\t\t\t\t\t\t03:45<\/option>\n\t\t\t\t\t\t\t\t\t\t\t\t\t\t\t\t\t\t\t\t<option value=\"04:00\">\n\t\t\t\t\t\t\t\t\t\t\t04:00<\/option>\n\t\t\t\t\t\t\t\t\t\t<option value=\"04:15\">\n\t\t\t\t\t\t\t\t\t\t\t04:15<\/option>\n\t\t\t\t\t\t\t\t\t\t<option value=\"04:30\">\n\t\t\t\t\t\t\t\t\t\t\t04:30<\/option>\n\t\t\t\t\t\t\t\t\t\t<option value=\"04:45\">\n\t\t\t\t\t\t\t\t\t\t\t04:45<\/option>\n\t\t\t\t\t\t\t\t\t\t\t\t\t\t\t\t\t\t\t\t<option value=\"05:00\">\n\t\t\t\t\t\t\t\t\t\t\t05:00<\/option>\n\t\t\t\t\t\t\t\t\t\t<option value=\"05:15\">\n\t\t\t\t\t\t\t\t\t\t\t05:15<\/option>\n\t\t\t\t\t\t\t\t\t\t<option value=\"05:30\">\n\t\t\t\t\t\t\t\t\t\t\t05:30<\/option>\n\t\t\t\t\t\t\t\t\t\t<option value=\"05:45\">\n\t\t\t\t\t\t\t\t\t\t\t05:45<\/option>\n\t\t\t\t\t\t\t\t\t\t\t\t\t\t\t\t\t\t\t\t<option value=\"06:00\">\n\t\t\t\t\t\t\t\t\t\t\t06:00<\/option>\n\t\t\t\t\t\t\t\t\t\t<option value=\"06:15\">\n\t\t\t\t\t\t\t\t\t\t\t06:15<\/option>\n\t\t\t\t\t\t\t\t\t\t<option value=\"06:30\">\n\t\t\t\t\t\t\t\t\t\t\t06:30<\/option>\n\t\t\t\t\t\t\t\t\t\t<option value=\"06:45\">\n\t\t\t\t\t\t\t\t\t\t\t06:45<\/option>\n\t\t\t\t\t\t\t\t\t\t\t\t\t\t\t\t\t\t\t\t<option value=\"07:00\">\n\t\t\t\t\t\t\t\t\t\t\t07:00<\/option>\n\t\t\t\t\t\t\t\t\t\t<option value=\"07:15\">\n\t\t\t\t\t\t\t\t\t\t\t07:15<\/option>\n\t\t\t\t\t\t\t\t\t\t<option value=\"07:30\">\n\t\t\t\t\t\t\t\t\t\t\t07:30<\/option>\n\t\t\t\t\t\t\t\t\t\t<option value=\"07:45\">\n\t\t\t\t\t\t\t\t\t\t\t07:45<\/option>\n\t\t\t\t\t\t\t\t\t\t\t\t\t\t\t\t\t\t\t\t<option value=\"08:00\">\n\t\t\t\t\t\t\t\t\t\t\t08:00<\/option>\n\t\t\t\t\t\t\t\t\t\t<option value=\"08:15\">\n\t\t\t\t\t\t\t\t\t\t\t08:15<\/option>\n\t\t\t\t\t\t\t\t\t\t<option value=\"08:30\">\n\t\t\t\t\t\t\t\t\t\t\t08:30<\/option>\n\t\t\t\t\t\t\t\t\t\t<option value=\"08:45\">\n\t\t\t\t\t\t\t\t\t\t\t08:45<\/option>\n\t\t\t\t\t\t\t\t\t\t\t\t\t\t\t\t\t\t\t\t<option value=\"09:00\">\n\t\t\t\t\t\t\t\t\t\t\t09:00<\/option>\n\t\t\t\t\t\t\t\t\t\t<option value=\"09:15\">\n\t\t\t\t\t\t\t\t\t\t\t09:15<\/option>\n\t\t\t\t\t\t\t\t\t\t<option value=\"09:30\">\n\t\t\t\t\t\t\t\t\t\t\t09:30<\/option>\n\t\t\t\t\t\t\t\t\t\t<option value=\"09:45\">\n\t\t\t\t\t\t\t\t\t\t\t09:45<\/option>\n\t\t\t\t\t\t\t\t\t\t\t\t\t\t\t\t\t\t\t\t<option value=\"10:00\">\n\t\t\t\t\t\t\t\t\t\t\t10:00<\/option>\n\t\t\t\t\t\t\t\t\t\t<option value=\"10:15\">\n\t\t\t\t\t\t\t\t\t\t\t10:15<\/option>\n\t\t\t\t\t\t\t\t\t\t<option value=\"10:30\">\n\t\t\t\t\t\t\t\t\t\t\t10:30<\/option>\n\t\t\t\t\t\t\t\t\t\t<option value=\"10:45\">\n\t\t\t\t\t\t\t\t\t\t\t10:45<\/option>\n\t\t\t\t\t\t\t\t\t\t\t\t\t\t\t\t\t\t\t\t<option value=\"11:00\">\n\t\t\t\t\t\t\t\t\t\t\t11:00<\/option>\n\t\t\t\t\t\t\t\t\t\t<option value=\"11:15\">\n\t\t\t\t\t\t\t\t\t\t\t11:15<\/option>\n\t\t\t\t\t\t\t\t\t\t<option value=\"11:30\">\n\t\t\t\t\t\t\t\t\t\t\t11:30<\/option>\n\t\t\t\t\t\t\t\t\t\t<option value=\"11:45\">\n\t\t\t\t\t\t\t\t\t\t\t11:45<\/option>\n\t\t\t\t\t\t\t\t\t\t\t\t\t\t\t\t\t\t\t\t<option value=\"12:00\">\n\t\t\t\t\t\t\t\t\t\t\t12:00<\/option>\n\t\t\t\t\t\t\t\t\t\t<option value=\"12:15\">\n\t\t\t\t\t\t\t\t\t\t\t12:15<\/option>\n\t\t\t\t\t\t\t\t\t\t<option value=\"12:30\">\n\t\t\t\t\t\t\t\t\t\t\t12:30<\/option>\n\t\t\t\t\t\t\t\t\t\t<option value=\"12:45\">\n\t\t\t\t\t\t\t\t\t\t\t12:45<\/option>\n\t\t\t\t\t\t\t\t\t\t\t\t\t\t\t\t\t\t\t\t<option value=\"13:00\">\n\t\t\t\t\t\t\t\t\t\t\t13:00<\/option>\n\t\t\t\t\t\t\t\t\t\t<option value=\"13:15\">\n\t\t\t\t\t\t\t\t\t\t\t13:15<\/option>\n\t\t\t\t\t\t\t\t\t\t<option value=\"13:30\">\n\t\t\t\t\t\t\t\t\t\t\t13:30<\/option>\n\t\t\t\t\t\t\t\t\t\t<option value=\"13:45\">\n\t\t\t\t\t\t\t\t\t\t\t13:45<\/option>\n\t\t\t\t\t\t\t\t\t\t\t\t\t\t\t\t\t\t\t\t<option value=\"14:00\">\n\t\t\t\t\t\t\t\t\t\t\t14:00<\/option>\n\t\t\t\t\t\t\t\t\t\t<option value=\"14:15\">\n\t\t\t\t\t\t\t\t\t\t\t14:15<\/option>\n\t\t\t\t\t\t\t\t\t\t<option value=\"14:30\">\n\t\t\t\t\t\t\t\t\t\t\t14:30<\/option>\n\t\t\t\t\t\t\t\t\t\t<option value=\"14:45\">\n\t\t\t\t\t\t\t\t\t\t\t14:45<\/option>\n\t\t\t\t\t\t\t\t\t\t\t\t\t\t\t\t\t\t\t\t<option value=\"15:00\">\n\t\t\t\t\t\t\t\t\t\t\t15:00<\/option>\n\t\t\t\t\t\t\t\t\t\t<option value=\"15:15\">\n\t\t\t\t\t\t\t\t\t\t\t15:15<\/option>\n\t\t\t\t\t\t\t\t\t\t<option value=\"15:30\">\n\t\t\t\t\t\t\t\t\t\t\t15:30<\/option>\n\t\t\t\t\t\t\t\t\t\t<option value=\"15:45\">\n\t\t\t\t\t\t\t\t\t\t\t15:45<\/option>\n\t\t\t\t\t\t\t\t\t\t\t\t\t\t\t\t\t\t\t\t<option value=\"16:00\">\n\t\t\t\t\t\t\t\t\t\t\t16:00<\/option>\n\t\t\t\t\t\t\t\t\t\t<option value=\"16:15\">\n\t\t\t\t\t\t\t\t\t\t\t16:15<\/option>\n\t\t\t\t\t\t\t\t\t\t<option value=\"16:30\">\n\t\t\t\t\t\t\t\t\t\t\t16:30<\/option>\n\t\t\t\t\t\t\t\t\t\t<option value=\"16:45\">\n\t\t\t\t\t\t\t\t\t\t\t16:45<\/option>\n\t\t\t\t\t\t\t\t\t\t\t\t\t\t\t\t\t\t\t\t<option value=\"17:00\">\n\t\t\t\t\t\t\t\t\t\t\t17:00<\/option>\n\t\t\t\t\t\t\t\t\t\t<option value=\"17:15\">\n\t\t\t\t\t\t\t\t\t\t\t17:15<\/option>\n\t\t\t\t\t\t\t\t\t\t<option value=\"17:30\">\n\t\t\t\t\t\t\t\t\t\t\t17:30<\/option>\n\t\t\t\t\t\t\t\t\t\t<option value=\"17:45\">\n\t\t\t\t\t\t\t\t\t\t\t17:45<\/option>\n\t\t\t\t\t\t\t\t\t\t\t\t\t\t\t\t\t\t\t\t<option value=\"18:00\">\n\t\t\t\t\t\t\t\t\t\t\t18:00<\/option>\n\t\t\t\t\t\t\t\t\t\t<option value=\"18:15\">\n\t\t\t\t\t\t\t\t\t\t\t18:15<\/option>\n\t\t\t\t\t\t\t\t\t\t<option value=\"18:30\">\n\t\t\t\t\t\t\t\t\t\t\t18:30<\/option>\n\t\t\t\t\t\t\t\t\t\t<option value=\"18:45\">\n\t\t\t\t\t\t\t\t\t\t\t18:45<\/option>\n\t\t\t\t\t\t\t\t\t\t\t\t\t\t\t\t\t\t\t\t<option value=\"19:00\">\n\t\t\t\t\t\t\t\t\t\t\t19:00<\/option>\n\t\t\t\t\t\t\t\t\t\t<option value=\"19:15\">\n\t\t\t\t\t\t\t\t\t\t\t19:15<\/option>\n\t\t\t\t\t\t\t\t\t\t<option value=\"19:30\">\n\t\t\t\t\t\t\t\t\t\t\t19:30<\/option>\n\t\t\t\t\t\t\t\t\t\t<option value=\"19:45\">\n\t\t\t\t\t\t\t\t\t\t\t19:45<\/option>\n\t\t\t\t\t\t\t\t\t\t\t\t\t\t\t\t\t\t\t\t<option value=\"20:00\">\n\t\t\t\t\t\t\t\t\t\t\t20:00<\/option>\n\t\t\t\t\t\t\t\t\t\t<option value=\"20:15\">\n\t\t\t\t\t\t\t\t\t\t\t20:15<\/option>\n\t\t\t\t\t\t\t\t\t\t<option value=\"20:30\">\n\t\t\t\t\t\t\t\t\t\t\t20:30<\/option>\n\t\t\t\t\t\t\t\t\t\t<option value=\"20:45\">\n\t\t\t\t\t\t\t\t\t\t\t20:45<\/option>\n\t\t\t\t\t\t\t\t\t\t\t\t\t\t\t\t\t\t\t\t<option value=\"21:00\">\n\t\t\t\t\t\t\t\t\t\t\t21:00<\/option>\n\t\t\t\t\t\t\t\t\t\t<option value=\"21:15\">\n\t\t\t\t\t\t\t\t\t\t\t21:15<\/option>\n\t\t\t\t\t\t\t\t\t\t<option value=\"21:30\">\n\t\t\t\t\t\t\t\t\t\t\t21:30<\/option>\n\t\t\t\t\t\t\t\t\t\t<option value=\"21:45\">\n\t\t\t\t\t\t\t\t\t\t\t21:45<\/option>\n\t\t\t\t\t\t\t\t\t\t\t\t\t\t\t\t\t\t\t\t<option value=\"22:00\">\n\t\t\t\t\t\t\t\t\t\t\t22:00<\/option>\n\t\t\t\t\t\t\t\t\t\t<option value=\"22:15\">\n\t\t\t\t\t\t\t\t\t\t\t22:15<\/option>\n\t\t\t\t\t\t\t\t\t\t<option value=\"22:30\">\n\t\t\t\t\t\t\t\t\t\t\t22:30<\/option>\n\t\t\t\t\t\t\t\t\t\t<option value=\"22:45\">\n\t\t\t\t\t\t\t\t\t\t\t22:45<\/option>\n\t\t\t\t\t\t\t\t\t\t\t\t\t\t\t\t\t\t\t\t<option value=\"23:00\">\n\t\t\t\t\t\t\t\t\t\t\t23:00<\/option>\n\t\t\t\t\t\t\t\t\t\t<option value=\"23:15\">\n\t\t\t\t\t\t\t\t\t\t\t23:15<\/option>\n\t\t\t\t\t\t\t\t\t\t<option value=\"23:30\">\n\t\t\t\t\t\t\t\t\t\t\t23:30<\/option>\n\t\t\t\t\t\t\t\t\t\t<option value=\"23:45\">\n\t\t\t\t\t\t\t\t\t\t\t23:45<\/option>\n\t\t\t\t\t\t\t\t\t\t\t\t\t\t\t\t\t\t\t<\/select>\n\t\t\t\t\t\t\t\t<\/div>\n\t\t\t\t\t\t\t<\/div>\n\t\t\t\t\t\t<\/div>\n\n\t\t\t\t\t<\/div>\n\t\t\t\t\n\n\t\t\t\t\t\t<div class=\"row\">\n                               <div class=\"col-sm-6\">\n\t\t\t\t\t\t\t\t<div class=\"form-group promo-code\">\n\t\t\t\t\t\t\t\t\t\t\t\t\t\t\t\t\t<label for=\"tipogrupo\" class=\"w-50 text-right pr-3 pt-1\">Group<\/label>\n\t\t\t\t\t\t\t\t\t<select name=\"tipogrupo\" id=\"tipogrupo\" class=\"form-control w-50\">\n\t\t\t\t\t\t\t\t\t<option value=\"0\">Voir tous<\/option>\n\t\t\t                        <option value=\"1\">Standard<\/option> \n\t\t\t\t\t\t\t\t\t<option value=\"2\">Automatique<\/option>  \n\t\t\t\t\t\t\t\t\t<option value=\"4\">Transporteurs<\/option>  \n\t\t\t\t\t\t\t\t\t<option value=\"5\">Cabriolet et Sport<\/option>  \n\t\t\t\t\t\t\t\t\t<option value=\"6\">Prestige<\/option>  \n\t\t\t\t\t\t\t\t\t<option value=\"8\">SUV<\/option>  \n\t\t\t\t\t\t\t\t\t<option value=\"10\">Camping car et Autocaravane<\/option>  \t\t\t\t\t\t\t\n\t\t\t\t\t\t\t\t<\/select>\t\n\t\t\t\t\t\t\t\t\t\n\t\t\t\t\t\t\t<\/div>\n\t\t\t\t\t\t\t<\/div>\n\t\t\t\t\t\t<div class=\"col-sm-6 align-self-end\">\n\t\t\t\t\t\t\t<div class=\"form-group\">\n\t\t\t\t\t\t\t\t<input type=\"submit\" class=\"btn-quote\" value=\"Voir les prix\" onclick=\"return msgAlert()\">\n\t\t\t\t\t\t\t<\/div>\n\t\t\t\t\t\t<\/div>\n\t\t\t\t\t<\/div>\n\t\t\t\t<\/form>\n\t\t\t\t<div class=\"row hide-mini-tablet advantages\">\n\t\t\t\t\t\t<div class=\"col-12\">\n\t\t\t\t\t\t\t<h4 class=\"text-center text-white\">TARIFS IMBATTABLES<\/h4>\n\t\t\t\t\t\t\t<ul>\n\t\t\t\t\t\t\t\t<li><strong>Grande flotte<\/strong> de voitures neuves.<\/li>\n\t\t\t\t\t\t\t\t<li><strong>Payez \u00e0 l'arriv\u00e9e<\/strong>.<\/li>\n\t\t\t\t\t\t\t\t<li>Ce que vous voyez est ce que vous payez.<\/li>\n\t\t\t\t\t\t\t\t<li><strong>Pas difficile \u00e0 vendre au bureau<\/strong>.<\/li>\n\t\t\t\t\t\t\t\t<li>Service de livraison VIP gratuit.<\/li>\n\t\t\t\t\t\t\t\t<li><strong class='redpassion-alt'>PAS DE FRAIS SUPPL\u00c9MENTAIRES<\/strong>, pour le service de ravitaillement.<\/li>\n\t\t\t\t\t\t\t<\/ul>\n\t\t\t\t\t\t<\/div>\n\t\t\t\t\t<\/div>\n\t\t\t\t<\/div>\n\t\t\t<br clear=\"all\">\n\n","protected":false},"excerpt":{"rendered":"<p>Pour l&rsquo;\u00e9t\u00e9 2026, on attend plus de touristes que jamais. Si vous ne voulez pas rester sans voiture de location \u00e0 Malaga, n&rsquo;attendez plus !<\/p>\n","protected":false},"author":1,"featured_media":1024,"comment_status":"open","ping_status":"open","sticky":false,"template":"","format":"standard","meta":{"footnotes":""},"categories":[12],"tags":[],"class_list":["post-1022","post","type-post","status-publish","format-standard","has-post-thumbnail","hentry","category-location-de-voitures-a-malaga"],"yoast_head":"<!-- This site is optimized with the Yoast SEO plugin v28.4 - https:\/\/yoast.com\/product\/yoast-seo-wordpress\/ -->\n<title>Ne restez pas sans voiture de location \u00e0 Malaga cet \u00e9t\u00e9 2026 - Blog de MalagaCar.com<\/title>\n<meta name=\"description\" content=\"Nous pr\u00e9voyons un \u00e9t\u00e9 2026 historique sur la Costa del Sol. Si vous voulez assurer votre location de voiture \u00e0 Malaga, n&#039;attendez plus !\" \/>\n<meta name=\"robots\" content=\"index, follow, max-snippet:-1, max-image-preview:large, max-video-preview:-1\" \/>\n<link rel=\"canonical\" href=\"https:\/\/www.malagacar.com\/fr\/blog\/location-de-voitures-a-malaga\/malaga-cet-ete\/\" \/>\n<meta property=\"og:locale\" content=\"fr_FR\" \/>\n<meta property=\"og:type\" content=\"article\" \/>\n<meta property=\"og:title\" content=\"Ne restez pas sans voiture de location \u00e0 Malaga cet \u00e9t\u00e9 2026 - Blog de MalagaCar.com\" \/>\n<meta property=\"og:description\" content=\"Nous pr\u00e9voyons un \u00e9t\u00e9 2026 historique sur la Costa del Sol. Si vous voulez assurer votre location de voiture \u00e0 Malaga, n&#039;attendez plus !\" \/>\n<meta property=\"og:url\" content=\"https:\/\/www.malagacar.com\/fr\/blog\/location-de-voitures-a-malaga\/malaga-cet-ete\/\" \/>\n<meta property=\"og:site_name\" content=\"Blog de MalagaCar.com\" \/>\n<meta property=\"article:publisher\" content=\"https:\/\/www.facebook.com\/malagacar\" \/>\n<meta property=\"article:published_time\" content=\"2026-04-30T06:39:38+00:00\" \/>\n<meta property=\"og:image\" content=\"https:\/\/www.malagacar.com\/fr\/blog\/wp-content\/uploads\/2024\/03\/DJI_0558.jpg\" \/>\n\t<meta property=\"og:image:width\" content=\"1200\" \/>\n\t<meta property=\"og:image:height\" content=\"799\" \/>\n\t<meta property=\"og:image:type\" content=\"image\/jpeg\" \/>\n<meta name=\"author\" content=\"MalagaCar.com\" \/>\n<meta name=\"twitter:card\" content=\"summary_large_image\" \/>\n<meta name=\"twitter:creator\" content=\"@malagacarcom\" \/>\n<meta name=\"twitter:site\" content=\"@malagacarcom\" \/>\n<meta name=\"twitter:label1\" content=\"\u00c9crit par\" \/>\n\t<meta name=\"twitter:data1\" content=\"MalagaCar.com\" \/>\n\t<meta name=\"twitter:label2\" content=\"Dur\u00e9e de lecture estim\u00e9e\" \/>\n\t<meta name=\"twitter:data2\" content=\"10 minutes\" \/>\n<script type=\"application\/ld+json\" class=\"yoast-schema-graph\">{\"@context\":\"https:\\\/\\\/schema.org\",\"@graph\":[{\"@type\":\"Article\",\"@id\":\"https:\\\/\\\/www.malagacar.com\\\/fr\\\/blog\\\/location-de-voitures-a-malaga\\\/malaga-cet-ete\\\/#article\",\"isPartOf\":{\"@id\":\"https:\\\/\\\/www.malagacar.com\\\/fr\\\/blog\\\/location-de-voitures-a-malaga\\\/malaga-cet-ete\\\/\"},\"author\":{\"name\":\"MalagaCar.com\",\"@id\":\"https:\\\/\\\/www.malagacar.com\\\/fr\\\/blog\\\/#\\\/schema\\\/person\\\/ffb97005d02bcc7d0bb59f5409635691\"},\"headline\":\"Ne restez pas sans voiture de location \u00e0 Malaga cet \u00e9t\u00e9 2026\",\"datePublished\":\"2026-04-30T06:39:38+00:00\",\"mainEntityOfPage\":{\"@id\":\"https:\\\/\\\/www.malagacar.com\\\/fr\\\/blog\\\/location-de-voitures-a-malaga\\\/malaga-cet-ete\\\/\"},\"wordCount\":1243,\"commentCount\":0,\"publisher\":{\"@id\":\"https:\\\/\\\/www.malagacar.com\\\/fr\\\/blog\\\/#organization\"},\"image\":{\"@id\":\"https:\\\/\\\/www.malagacar.com\\\/fr\\\/blog\\\/location-de-voitures-a-malaga\\\/malaga-cet-ete\\\/#primaryimage\"},\"thumbnailUrl\":\"https:\\\/\\\/www.malagacar.com\\\/fr\\\/blog\\\/wp-content\\\/uploads\\\/2024\\\/03\\\/DJI_0558.jpg\",\"articleSection\":[\"location de voitures \u00e0 Malaga\"],\"inLanguage\":\"fr-FR\",\"potentialAction\":[{\"@type\":\"CommentAction\",\"name\":\"Comment\",\"target\":[\"https:\\\/\\\/www.malagacar.com\\\/fr\\\/blog\\\/location-de-voitures-a-malaga\\\/malaga-cet-ete\\\/#respond\"]}]},{\"@type\":\"WebPage\",\"@id\":\"https:\\\/\\\/www.malagacar.com\\\/fr\\\/blog\\\/location-de-voitures-a-malaga\\\/malaga-cet-ete\\\/\",\"url\":\"https:\\\/\\\/www.malagacar.com\\\/fr\\\/blog\\\/location-de-voitures-a-malaga\\\/malaga-cet-ete\\\/\",\"name\":\"Ne restez pas sans voiture de location \u00e0 Malaga cet \u00e9t\u00e9 2026 - Blog de MalagaCar.com\",\"isPartOf\":{\"@id\":\"https:\\\/\\\/www.malagacar.com\\\/fr\\\/blog\\\/#website\"},\"primaryImageOfPage\":{\"@id\":\"https:\\\/\\\/www.malagacar.com\\\/fr\\\/blog\\\/location-de-voitures-a-malaga\\\/malaga-cet-ete\\\/#primaryimage\"},\"image\":{\"@id\":\"https:\\\/\\\/www.malagacar.com\\\/fr\\\/blog\\\/location-de-voitures-a-malaga\\\/malaga-cet-ete\\\/#primaryimage\"},\"thumbnailUrl\":\"https:\\\/\\\/www.malagacar.com\\\/fr\\\/blog\\\/wp-content\\\/uploads\\\/2024\\\/03\\\/DJI_0558.jpg\",\"datePublished\":\"2026-04-30T06:39:38+00:00\",\"description\":\"Nous pr\u00e9voyons un \u00e9t\u00e9 2026 historique sur la Costa del Sol. Si vous voulez assurer votre location de voiture \u00e0 Malaga, n'attendez plus !\",\"breadcrumb\":{\"@id\":\"https:\\\/\\\/www.malagacar.com\\\/fr\\\/blog\\\/location-de-voitures-a-malaga\\\/malaga-cet-ete\\\/#breadcrumb\"},\"inLanguage\":\"fr-FR\",\"potentialAction\":[{\"@type\":\"ReadAction\",\"target\":[\"https:\\\/\\\/www.malagacar.com\\\/fr\\\/blog\\\/location-de-voitures-a-malaga\\\/malaga-cet-ete\\\/\"]}]},{\"@type\":\"ImageObject\",\"inLanguage\":\"fr-FR\",\"@id\":\"https:\\\/\\\/www.malagacar.com\\\/fr\\\/blog\\\/location-de-voitures-a-malaga\\\/malaga-cet-ete\\\/#primaryimage\",\"url\":\"https:\\\/\\\/www.malagacar.com\\\/fr\\\/blog\\\/wp-content\\\/uploads\\\/2024\\\/03\\\/DJI_0558.jpg\",\"contentUrl\":\"https:\\\/\\\/www.malagacar.com\\\/fr\\\/blog\\\/wp-content\\\/uploads\\\/2024\\\/03\\\/DJI_0558.jpg\",\"width\":1200,\"height\":799,\"caption\":\"voiture de location \u00e0 Malaga\"},{\"@type\":\"BreadcrumbList\",\"@id\":\"https:\\\/\\\/www.malagacar.com\\\/fr\\\/blog\\\/location-de-voitures-a-malaga\\\/malaga-cet-ete\\\/#breadcrumb\",\"itemListElement\":[{\"@type\":\"ListItem\",\"position\":1,\"name\":\"Accueil\",\"item\":\"https:\\\/\\\/www.malagacar.com\\\/fr\\\/blog\\\/\"},{\"@type\":\"ListItem\",\"position\":2,\"name\":\"Ne restez pas sans voiture de location \u00e0 Malaga cet \u00e9t\u00e9 2026\"}]},{\"@type\":\"WebSite\",\"@id\":\"https:\\\/\\\/www.malagacar.com\\\/fr\\\/blog\\\/#website\",\"url\":\"https:\\\/\\\/www.malagacar.com\\\/fr\\\/blog\\\/\",\"name\":\"Blog de MalagaCar.com\",\"description\":\"Nouvelles et informations int\u00e9ressantes sur la location de voitures \u00e0 l&#039;a\u00e9roport de Malaga.\",\"publisher\":{\"@id\":\"https:\\\/\\\/www.malagacar.com\\\/fr\\\/blog\\\/#organization\"},\"potentialAction\":[{\"@type\":\"SearchAction\",\"target\":{\"@type\":\"EntryPoint\",\"urlTemplate\":\"https:\\\/\\\/www.malagacar.com\\\/fr\\\/blog\\\/?s={search_term_string}\"},\"query-input\":{\"@type\":\"PropertyValueSpecification\",\"valueRequired\":true,\"valueName\":\"search_term_string\"}}],\"inLanguage\":\"fr-FR\"},{\"@type\":\"Organization\",\"@id\":\"https:\\\/\\\/www.malagacar.com\\\/fr\\\/blog\\\/#organization\",\"name\":\"MalagaCar.com\",\"url\":\"https:\\\/\\\/www.malagacar.com\\\/fr\\\/blog\\\/\",\"logo\":{\"@type\":\"ImageObject\",\"inLanguage\":\"fr-FR\",\"@id\":\"https:\\\/\\\/www.malagacar.com\\\/fr\\\/blog\\\/#\\\/schema\\\/logo\\\/image\\\/\",\"url\":\"https:\\\/\\\/www.malagacar.com\\\/fr\\\/blog\\\/wp-content\\\/uploads\\\/2021\\\/06\\\/logo-malagacar-social.png\",\"contentUrl\":\"https:\\\/\\\/www.malagacar.com\\\/fr\\\/blog\\\/wp-content\\\/uploads\\\/2021\\\/06\\\/logo-malagacar-social.png\",\"width\":900,\"height\":900,\"caption\":\"MalagaCar.com\"},\"image\":{\"@id\":\"https:\\\/\\\/www.malagacar.com\\\/fr\\\/blog\\\/#\\\/schema\\\/logo\\\/image\\\/\"},\"sameAs\":[\"https:\\\/\\\/www.facebook.com\\\/malagacar\",\"https:\\\/\\\/x.com\\\/malagacarcom\",\"https:\\\/\\\/www.instagram.com\\\/malagacar\\\/\",\"https:\\\/\\\/www.linkedin.com\\\/company\\\/malagacar.com\",\"https:\\\/\\\/www.youtube.com\\\/c\\\/MalagacarAirport\"]},{\"@type\":\"Person\",\"@id\":\"https:\\\/\\\/www.malagacar.com\\\/fr\\\/blog\\\/#\\\/schema\\\/person\\\/ffb97005d02bcc7d0bb59f5409635691\",\"name\":\"MalagaCar.com\",\"image\":{\"@type\":\"ImageObject\",\"inLanguage\":\"fr-FR\",\"@id\":\"https:\\\/\\\/secure.gravatar.com\\\/avatar\\\/296ebc31026e7be05868369e4c596b3239b1582b2fcf8a45de57333e2e82bb82?s=96&d=mm&r=g\",\"url\":\"https:\\\/\\\/secure.gravatar.com\\\/avatar\\\/296ebc31026e7be05868369e4c596b3239b1582b2fcf8a45de57333e2e82bb82?s=96&d=mm&r=g\",\"contentUrl\":\"https:\\\/\\\/secure.gravatar.com\\\/avatar\\\/296ebc31026e7be05868369e4c596b3239b1582b2fcf8a45de57333e2e82bb82?s=96&d=mm&r=g\",\"caption\":\"MalagaCar.com\"},\"sameAs\":[\"https:\\\/\\\/www.malagacar.com\\\/fr\\\/blog\"]}]}<\/script>\n<!-- \/ Yoast SEO plugin. -->","yoast_head_json":{"title":"Ne restez pas sans voiture de location \u00e0 Malaga cet \u00e9t\u00e9 2026 - Blog de MalagaCar.com","description":"Nous pr\u00e9voyons un \u00e9t\u00e9 2026 historique sur la Costa del Sol. Si vous voulez assurer votre location de voiture \u00e0 Malaga, n'attendez plus !","robots":{"index":"index","follow":"follow","max-snippet":"max-snippet:-1","max-image-preview":"max-image-preview:large","max-video-preview":"max-video-preview:-1"},"canonical":"https:\/\/www.malagacar.com\/fr\/blog\/location-de-voitures-a-malaga\/malaga-cet-ete\/","og_locale":"fr_FR","og_type":"article","og_title":"Ne restez pas sans voiture de location \u00e0 Malaga cet \u00e9t\u00e9 2026 - Blog de MalagaCar.com","og_description":"Nous pr\u00e9voyons un \u00e9t\u00e9 2026 historique sur la Costa del Sol. Si vous voulez assurer votre location de voiture \u00e0 Malaga, n'attendez plus !","og_url":"https:\/\/www.malagacar.com\/fr\/blog\/location-de-voitures-a-malaga\/malaga-cet-ete\/","og_site_name":"Blog de MalagaCar.com","article_publisher":"https:\/\/www.facebook.com\/malagacar","article_published_time":"2026-04-30T06:39:38+00:00","og_image":[{"width":1200,"height":799,"url":"https:\/\/www.malagacar.com\/fr\/blog\/wp-content\/uploads\/2024\/03\/DJI_0558.jpg","type":"image\/jpeg"}],"author":"MalagaCar.com","twitter_card":"summary_large_image","twitter_creator":"@malagacarcom","twitter_site":"@malagacarcom","twitter_misc":{"\u00c9crit par":"MalagaCar.com","Dur\u00e9e de lecture estim\u00e9e":"10 minutes"},"schema":{"@context":"https:\/\/schema.org","@graph":[{"@type":"Article","@id":"https:\/\/www.malagacar.com\/fr\/blog\/location-de-voitures-a-malaga\/malaga-cet-ete\/#article","isPartOf":{"@id":"https:\/\/www.malagacar.com\/fr\/blog\/location-de-voitures-a-malaga\/malaga-cet-ete\/"},"author":{"name":"MalagaCar.com","@id":"https:\/\/www.malagacar.com\/fr\/blog\/#\/schema\/person\/ffb97005d02bcc7d0bb59f5409635691"},"headline":"Ne restez pas sans voiture de location \u00e0 Malaga cet \u00e9t\u00e9 2026","datePublished":"2026-04-30T06:39:38+00:00","mainEntityOfPage":{"@id":"https:\/\/www.malagacar.com\/fr\/blog\/location-de-voitures-a-malaga\/malaga-cet-ete\/"},"wordCount":1243,"commentCount":0,"publisher":{"@id":"https:\/\/www.malagacar.com\/fr\/blog\/#organization"},"image":{"@id":"https:\/\/www.malagacar.com\/fr\/blog\/location-de-voitures-a-malaga\/malaga-cet-ete\/#primaryimage"},"thumbnailUrl":"https:\/\/www.malagacar.com\/fr\/blog\/wp-content\/uploads\/2024\/03\/DJI_0558.jpg","articleSection":["location de voitures \u00e0 Malaga"],"inLanguage":"fr-FR","potentialAction":[{"@type":"CommentAction","name":"Comment","target":["https:\/\/www.malagacar.com\/fr\/blog\/location-de-voitures-a-malaga\/malaga-cet-ete\/#respond"]}]},{"@type":"WebPage","@id":"https:\/\/www.malagacar.com\/fr\/blog\/location-de-voitures-a-malaga\/malaga-cet-ete\/","url":"https:\/\/www.malagacar.com\/fr\/blog\/location-de-voitures-a-malaga\/malaga-cet-ete\/","name":"Ne restez pas sans voiture de location \u00e0 Malaga cet \u00e9t\u00e9 2026 - Blog de MalagaCar.com","isPartOf":{"@id":"https:\/\/www.malagacar.com\/fr\/blog\/#website"},"primaryImageOfPage":{"@id":"https:\/\/www.malagacar.com\/fr\/blog\/location-de-voitures-a-malaga\/malaga-cet-ete\/#primaryimage"},"image":{"@id":"https:\/\/www.malagacar.com\/fr\/blog\/location-de-voitures-a-malaga\/malaga-cet-ete\/#primaryimage"},"thumbnailUrl":"https:\/\/www.malagacar.com\/fr\/blog\/wp-content\/uploads\/2024\/03\/DJI_0558.jpg","datePublished":"2026-04-30T06:39:38+00:00","description":"Nous pr\u00e9voyons un \u00e9t\u00e9 2026 historique sur la Costa del Sol. Si vous voulez assurer votre location de voiture \u00e0 Malaga, n'attendez plus !","breadcrumb":{"@id":"https:\/\/www.malagacar.com\/fr\/blog\/location-de-voitures-a-malaga\/malaga-cet-ete\/#breadcrumb"},"inLanguage":"fr-FR","potentialAction":[{"@type":"ReadAction","target":["https:\/\/www.malagacar.com\/fr\/blog\/location-de-voitures-a-malaga\/malaga-cet-ete\/"]}]},{"@type":"ImageObject","inLanguage":"fr-FR","@id":"https:\/\/www.malagacar.com\/fr\/blog\/location-de-voitures-a-malaga\/malaga-cet-ete\/#primaryimage","url":"https:\/\/www.malagacar.com\/fr\/blog\/wp-content\/uploads\/2024\/03\/DJI_0558.jpg","contentUrl":"https:\/\/www.malagacar.com\/fr\/blog\/wp-content\/uploads\/2024\/03\/DJI_0558.jpg","width":1200,"height":799,"caption":"voiture de location \u00e0 Malaga"},{"@type":"BreadcrumbList","@id":"https:\/\/www.malagacar.com\/fr\/blog\/location-de-voitures-a-malaga\/malaga-cet-ete\/#breadcrumb","itemListElement":[{"@type":"ListItem","position":1,"name":"Accueil","item":"https:\/\/www.malagacar.com\/fr\/blog\/"},{"@type":"ListItem","position":2,"name":"Ne restez pas sans voiture de location \u00e0 Malaga cet \u00e9t\u00e9 2026"}]},{"@type":"WebSite","@id":"https:\/\/www.malagacar.com\/fr\/blog\/#website","url":"https:\/\/www.malagacar.com\/fr\/blog\/","name":"Blog de MalagaCar.com","description":"Nouvelles et informations int\u00e9ressantes sur la location de voitures \u00e0 l&#039;a\u00e9roport de Malaga.","publisher":{"@id":"https:\/\/www.malagacar.com\/fr\/blog\/#organization"},"potentialAction":[{"@type":"SearchAction","target":{"@type":"EntryPoint","urlTemplate":"https:\/\/www.malagacar.com\/fr\/blog\/?s={search_term_string}"},"query-input":{"@type":"PropertyValueSpecification","valueRequired":true,"valueName":"search_term_string"}}],"inLanguage":"fr-FR"},{"@type":"Organization","@id":"https:\/\/www.malagacar.com\/fr\/blog\/#organization","name":"MalagaCar.com","url":"https:\/\/www.malagacar.com\/fr\/blog\/","logo":{"@type":"ImageObject","inLanguage":"fr-FR","@id":"https:\/\/www.malagacar.com\/fr\/blog\/#\/schema\/logo\/image\/","url":"https:\/\/www.malagacar.com\/fr\/blog\/wp-content\/uploads\/2021\/06\/logo-malagacar-social.png","contentUrl":"https:\/\/www.malagacar.com\/fr\/blog\/wp-content\/uploads\/2021\/06\/logo-malagacar-social.png","width":900,"height":900,"caption":"MalagaCar.com"},"image":{"@id":"https:\/\/www.malagacar.com\/fr\/blog\/#\/schema\/logo\/image\/"},"sameAs":["https:\/\/www.facebook.com\/malagacar","https:\/\/x.com\/malagacarcom","https:\/\/www.instagram.com\/malagacar\/","https:\/\/www.linkedin.com\/company\/malagacar.com","https:\/\/www.youtube.com\/c\/MalagacarAirport"]},{"@type":"Person","@id":"https:\/\/www.malagacar.com\/fr\/blog\/#\/schema\/person\/ffb97005d02bcc7d0bb59f5409635691","name":"MalagaCar.com","image":{"@type":"ImageObject","inLanguage":"fr-FR","@id":"https:\/\/secure.gravatar.com\/avatar\/296ebc31026e7be05868369e4c596b3239b1582b2fcf8a45de57333e2e82bb82?s=96&d=mm&r=g","url":"https:\/\/secure.gravatar.com\/avatar\/296ebc31026e7be05868369e4c596b3239b1582b2fcf8a45de57333e2e82bb82?s=96&d=mm&r=g","contentUrl":"https:\/\/secure.gravatar.com\/avatar\/296ebc31026e7be05868369e4c596b3239b1582b2fcf8a45de57333e2e82bb82?s=96&d=mm&r=g","caption":"MalagaCar.com"},"sameAs":["https:\/\/www.malagacar.com\/fr\/blog"]}]}},"_links":{"self":[{"href":"https:\/\/www.malagacar.com\/fr\/blog\/wp-json\/wp\/v2\/posts\/1022","targetHints":{"allow":["GET"]}}],"collection":[{"href":"https:\/\/www.malagacar.com\/fr\/blog\/wp-json\/wp\/v2\/posts"}],"about":[{"href":"https:\/\/www.malagacar.com\/fr\/blog\/wp-json\/wp\/v2\/types\/post"}],"author":[{"embeddable":true,"href":"https:\/\/www.malagacar.com\/fr\/blog\/wp-json\/wp\/v2\/users\/1"}],"replies":[{"embeddable":true,"href":"https:\/\/www.malagacar.com\/fr\/blog\/wp-json\/wp\/v2\/comments?post=1022"}],"version-history":[{"count":31,"href":"https:\/\/www.malagacar.com\/fr\/blog\/wp-json\/wp\/v2\/posts\/1022\/revisions"}],"predecessor-version":[{"id":3348,"href":"https:\/\/www.malagacar.com\/fr\/blog\/wp-json\/wp\/v2\/posts\/1022\/revisions\/3348"}],"wp:featuredmedia":[{"embeddable":true,"href":"https:\/\/www.malagacar.com\/fr\/blog\/wp-json\/wp\/v2\/media\/1024"}],"wp:attachment":[{"href":"https:\/\/www.malagacar.com\/fr\/blog\/wp-json\/wp\/v2\/media?parent=1022"}],"wp:term":[{"taxonomy":"category","embeddable":true,"href":"https:\/\/www.malagacar.com\/fr\/blog\/wp-json\/wp\/v2\/categories?post=1022"},{"taxonomy":"post_tag","embeddable":true,"href":"https:\/\/www.malagacar.com\/fr\/blog\/wp-json\/wp\/v2\/tags?post=1022"}],"curies":[{"name":"wp","href":"https:\/\/api.w.org\/{rel}","templated":true}]}}