{"id":107,"date":"2025-09-29T10:24:08","date_gmt":"2025-09-29T08:24:08","guid":{"rendered":"https:\/\/www.malagacar.com\/fr\/blog\/?p=107"},"modified":"2025-09-29T10:24:51","modified_gmt":"2025-09-29T08:24:51","slug":"choses-a-faire-a-malaga-en-octobre","status":"publish","type":"post","link":"https:\/\/www.malagacar.com\/fr\/blog\/loisirs\/choses-a-faire-a-malaga-en-octobre\/","title":{"rendered":"Choses \u00e0 faire \u00e0 Malaga en Octobre 2025"},"content":{"rendered":"<p>Le mois ensoleill\u00e9 d&rsquo;octobre se pr\u00e9sente dans la province de Malaga non seulement avec d&rsquo;excellentes temp\u00e9ratures mais aussi avec de nombreuses activit\u00e9s telles que Ferias et fiestas traditionnelles, une rencontre internationale de randonneurs, beaucoup de musique et la c\u00e9l\u00e9bration particuli\u00e8re d&rsquo;Halloween \u00e0 la mani\u00e8re andalouse.<\/p>\n<p><!--more--><\/p>\n\n            <div class=\"banner\">\n                <div class=\"row\">\n                    <div class=\"col-sm-4\">\n                        <a href=\"\/fr\/location-de-voitures\/quote.php\" data-wpel-link=\"internal\"><img decoding=\"async\" src=\"\/images\/banner-img.jpg\" alt=\"malagacar.com\"><\/a>\n                    <\/div>\n                    <div class=\"col-sm-8\">\n                      <a href=\"\/fr\/location-de-voitures\/quote.php\" class=\"banner-title\" data-wpel-link=\"internal\">Meilleure location de voitures <div>\u00e0 l'a\u00e9roport de Malaga<\/div><\/a>   \n                        <div class=\"row\">\n                            <div class=\"col-sm-7\">\n                                <ul>\n                                    <li>Pas de frais de ravitaillement<\/li>\n                                    <li>Annulation gratuite<\/li>\n                                    <li>Location sans interm\u00e9diaire<\/li>\n                                    <li>Payez lorsque vous prenez la voiture<\/li>\n                                    <li><\/li>\n                                <\/ul>\n                            <\/div>\n                            <div class=\"col-sm-5\">\n                                <a class=\"btn-banner\" href=\"\/fr\/location-de-voitures\/quote.php\" data-wpel-link=\"internal\">Consultez les prix<\/a>\n                                <img decoding=\"async\" class=\"zonturent\" src=\"\/images\/zontu-banner.png\" alt=\"\">\n                            <\/div>\n                        <\/div>\n                    <\/div>\n                 <\/div>  \n            <\/div>\n            \n<div id=\"ez-toc-container\" class=\"ez-toc-v2_0_87 counter-hierarchy ez-toc-counter ez-toc-light-blue ez-toc-container-direction\">\n<p class=\"ez-toc-title\" style=\"cursor:inherit\">Table des mati\u00e8res<\/p>\n<label for=\"ez-toc-cssicon-toggle-item-6a9a4d448cfd5\" class=\"ez-toc-cssicon-toggle-label\"><span class=\"\"><span class=\"eztoc-hide\" style=\"display:none;\">Toggle<\/span><span class=\"ez-toc-icon-toggle-span\"><svg style=\"fill: #999;color:#999\" xmlns=\"http:\/\/www.w3.org\/2000\/svg\" class=\"list-377408\" width=\"20px\" height=\"20px\" viewBox=\"0 0 24 24\" fill=\"none\"><path d=\"M6 6H4v2h2V6zm14 0H8v2h12V6zM4 11h2v2H4v-2zm16 0H8v2h12v-2zM4 16h2v2H4v-2zm16 0H8v2h12v-2z\" fill=\"currentColor\"><\/path><\/svg><svg style=\"fill: #999;color:#999\" class=\"arrow-unsorted-368013\" xmlns=\"http:\/\/www.w3.org\/2000\/svg\" width=\"10px\" height=\"10px\" viewBox=\"0 0 24 24\" version=\"1.2\" baseProfile=\"tiny\"><path d=\"M18.2 9.3l-6.2-6.3-6.2 6.3c-.2.2-.3.4-.3.7s.1.5.3.7c.2.2.4.3.7.3h11c.3 0 .5-.1.7-.3.2-.2.3-.5.3-.7s-.1-.5-.3-.7zM5.8 14.7l6.2 6.3 6.2-6.3c.2-.2.3-.5.3-.7s-.1-.5-.3-.7c-.2-.2-.4-.3-.7-.3h-11c-.3 0-.5.1-.7.3-.2.2-.3.5-.3.7s.1.5.3.7z\"\/><\/svg><\/span><\/span><\/label><input type=\"checkbox\"  id=\"ez-toc-cssicon-toggle-item-6a9a4d448cfd5\"  aria-label=\"Toggle\" \/><nav><ul class='ez-toc-list ez-toc-list-level-1 ' ><li class='ez-toc-page-1 ez-toc-heading-level-2'><a class=\"ez-toc-link ez-toc-heading-1\" href=\"https:\/\/www.malagacar.com\/fr\/blog\/loisirs\/choses-a-faire-a-malaga-en-octobre\/#Malaga_en_octobre_2025\" data-wpel-link=\"internal\">Malaga en octobre 2025<\/a><ul class='ez-toc-list-level-3' ><li class='ez-toc-heading-level-3'><a class=\"ez-toc-link ez-toc-heading-2\" href=\"https:\/\/www.malagacar.com\/fr\/blog\/loisirs\/choses-a-faire-a-malaga-en-octobre\/#ToutDanse_%E2%80%93_Marbella\" data-wpel-link=\"internal\">ToutDanse \u2013 Marbella<\/a><\/li><li class='ez-toc-page-1 ez-toc-heading-level-3'><a class=\"ez-toc-link ez-toc-heading-3\" href=\"https:\/\/www.malagacar.com\/fr\/blog\/loisirs\/choses-a-faire-a-malaga-en-octobre\/#Estepona_vit_ses_rues_%E2%80%93_Estepona\" data-wpel-link=\"internal\">Estepona vit ses rues \u2013 Estepona<\/a><\/li><li class='ez-toc-page-1 ez-toc-heading-level-3'><a class=\"ez-toc-link ez-toc-heading-4\" href=\"https:\/\/www.malagacar.com\/fr\/blog\/loisirs\/choses-a-faire-a-malaga-en-octobre\/#Hommage_Michael_Jackson_%E2%80%93_Malaga\" data-wpel-link=\"internal\">Hommage Michael Jackson \u2013 Malaga<\/a><\/li><li class='ez-toc-page-1 ez-toc-heading-level-3'><a class=\"ez-toc-link ez-toc-heading-5\" href=\"https:\/\/www.malagacar.com\/fr\/blog\/loisirs\/choses-a-faire-a-malaga-en-octobre\/#Ballet_Belle_au_bois_dormant_avec_lumieres_%E2%80%93_Malaga\" data-wpel-link=\"internal\">Ballet Belle au bois dormant avec lumi\u00e8res \u2013 Malaga<\/a><\/li><li class='ez-toc-page-1 ez-toc-heading-level-3'><a class=\"ez-toc-link ez-toc-heading-6\" href=\"https:\/\/www.malagacar.com\/fr\/blog\/loisirs\/choses-a-faire-a-malaga-en-octobre\/#Moments_Festival_%E2%80%93_Malaga\" data-wpel-link=\"internal\">Moments Festival \u2013 Malaga<\/a><\/li><li class='ez-toc-page-1 ez-toc-heading-level-3'><a class=\"ez-toc-link ez-toc-heading-7\" href=\"https:\/\/www.malagacar.com\/fr\/blog\/loisirs\/choses-a-faire-a-malaga-en-octobre\/#Visite_theatrale_de_la_grotte_aux_tresors_%E2%80%93_Rincon_de_la_Victoria\" data-wpel-link=\"internal\">Visite th\u00e9\u00e2trale de la grotte aux tr\u00e9sors &#8211; Rinc\u00f3n de la Victoria<\/a><\/li><li class='ez-toc-page-1 ez-toc-heading-level-3'><a class=\"ez-toc-link ez-toc-heading-8\" href=\"https:\/\/www.malagacar.com\/fr\/blog\/loisirs\/choses-a-faire-a-malaga-en-octobre\/#Un_festival_dans_lair_%E2%80%93_Arriate\" data-wpel-link=\"internal\">Un festival dans l&rsquo;air\u00a0&#8211; Arriate<\/a><\/li><li class='ez-toc-page-1 ez-toc-heading-level-3'><a class=\"ez-toc-link ez-toc-heading-9\" href=\"https:\/\/www.malagacar.com\/fr\/blog\/loisirs\/choses-a-faire-a-malaga-en-octobre\/#Visites_guidees_gratuites_%E2%80%93_Musee_de_Malaga\" data-wpel-link=\"internal\">Visites guid\u00e9es gratuites &#8211; Mus\u00e9e de Malaga<\/a><\/li><li class='ez-toc-page-1 ez-toc-heading-level-3'><a class=\"ez-toc-link ez-toc-heading-10\" href=\"https:\/\/www.malagacar.com\/fr\/blog\/loisirs\/choses-a-faire-a-malaga-en-octobre\/#Degustations_de_vins_au_Musee_du_Vin_%E2%80%93_Malaga\" data-wpel-link=\"internal\">D\u00e9gustations de vins au Mus\u00e9e du Vin\u00a0&#8211; Malaga<\/a><\/li><li class='ez-toc-page-1 ez-toc-heading-level-3'><a class=\"ez-toc-link ez-toc-heading-11\" href=\"https:\/\/www.malagacar.com\/fr\/blog\/loisirs\/choses-a-faire-a-malaga-en-octobre\/#Foire_de_Nerja_%E2%80%93_Nerja\" data-wpel-link=\"internal\">Foire de Nerja &#8211; Nerja<\/a><\/li><li class='ez-toc-page-1 ez-toc-heading-level-3'><a class=\"ez-toc-link ez-toc-heading-12\" href=\"https:\/\/www.malagacar.com\/fr\/blog\/loisirs\/choses-a-faire-a-malaga-en-octobre\/#Foire_de_Torrox_%E2%80%93_Torrox\" data-wpel-link=\"internal\">Foire de\u00a0 Torrox \u2013 Torrox<\/a><\/li><li class='ez-toc-page-1 ez-toc-heading-level-3'><a class=\"ez-toc-link ez-toc-heading-13\" href=\"https:\/\/www.malagacar.com\/fr\/blog\/loisirs\/choses-a-faire-a-malaga-en-octobre\/#Marbepop_Festival_%E2%80%93_Marbella\" data-wpel-link=\"internal\">Marbepop Festival &#8211; Marbella<\/a><\/li><li class='ez-toc-page-1 ez-toc-heading-level-3'><a class=\"ez-toc-link ez-toc-heading-14\" href=\"https:\/\/www.malagacar.com\/fr\/blog\/loisirs\/choses-a-faire-a-malaga-en-octobre\/#Les_Nuits_de_Bella_Jarifa_%E2%80%93_Cartama\" data-wpel-link=\"internal\">Les Nuits de \u00a0Bella Jarifa &#8211; C\u00e1rtama<\/a><\/li><li class='ez-toc-page-1 ez-toc-heading-level-3'><a class=\"ez-toc-link ez-toc-heading-15\" href=\"https:\/\/www.malagacar.com\/fr\/blog\/loisirs\/choses-a-faire-a-malaga-en-octobre\/#MOSMA_Movie_Score_%E2%80%93_Malaga\" data-wpel-link=\"internal\">MOSMA Movie Score \u2013 Malaga<\/a><\/li><li class='ez-toc-page-1 ez-toc-heading-level-3'><a class=\"ez-toc-link ez-toc-heading-16\" href=\"https:\/\/www.malagacar.com\/fr\/blog\/loisirs\/choses-a-faire-a-malaga-en-octobre\/#Monfi_Festival_%E2%80%93_Cutar\" data-wpel-link=\"internal\">Monf\u00ed Festival &#8211; C\u00fatar<\/a><\/li><li class='ez-toc-page-1 ez-toc-heading-level-3'><a class=\"ez-toc-link ez-toc-heading-17\" href=\"https:\/\/www.malagacar.com\/fr\/blog\/loisirs\/choses-a-faire-a-malaga-en-octobre\/#Festival_de_la_moto_%E2%80%93_Torremolinos\" data-wpel-link=\"internal\">Festival de la moto &#8211; Torremolinos<\/a><\/li><li class='ez-toc-page-1 ez-toc-heading-level-3'><a class=\"ez-toc-link ez-toc-heading-18\" href=\"https:\/\/www.malagacar.com\/fr\/blog\/loisirs\/choses-a-faire-a-malaga-en-octobre\/#Concerts_Candelight_%E2%80%93_Malaga\" data-wpel-link=\"internal\">Concerts Candelight &#8211; Malaga<\/a><\/li><li class='ez-toc-page-1 ez-toc-heading-level-3'><a class=\"ez-toc-link ez-toc-heading-19\" href=\"https:\/\/www.malagacar.com\/fr\/blog\/loisirs\/choses-a-faire-a-malaga-en-octobre\/#Concerts_Candelight_%E2%80%93_Marbella\" data-wpel-link=\"internal\">Concerts Candelight &#8211; Marbella<\/a><\/li><li class='ez-toc-page-1 ez-toc-heading-level-3'><a class=\"ez-toc-link ez-toc-heading-20\" href=\"https:\/\/www.malagacar.com\/fr\/blog\/loisirs\/choses-a-faire-a-malaga-en-octobre\/#Rosario_Foire_%E2%80%93_Fuengirola\" data-wpel-link=\"internal\">Rosario Foire &#8211; Fuengirola<\/a><\/li><li class='ez-toc-page-1 ez-toc-heading-level-3'><a class=\"ez-toc-link ez-toc-heading-21\" href=\"https:\/\/www.malagacar.com\/fr\/blog\/loisirs\/choses-a-faire-a-malaga-en-octobre\/#Marbella_4_Days_walking_%E2%80%93_Marbella\" data-wpel-link=\"internal\">Marbella 4 Days walking &#8211; Marbella<\/a><\/li><li class='ez-toc-page-1 ez-toc-heading-level-3'><a class=\"ez-toc-link ez-toc-heading-22\" href=\"https:\/\/www.malagacar.com\/fr\/blog\/loisirs\/choses-a-faire-a-malaga-en-octobre\/#Danse_Malaga_%E2%80%93_Malaga\" data-wpel-link=\"internal\">Danse Malaga &#8211; Malaga<\/a><\/li><li class='ez-toc-page-1 ez-toc-heading-level-3'><a class=\"ez-toc-link ez-toc-heading-23\" href=\"https:\/\/www.malagacar.com\/fr\/blog\/loisirs\/choses-a-faire-a-malaga-en-octobre\/#Pleine_lune_a_Hydros_Spa_%E2%80%93_Benalmadena\" data-wpel-link=\"internal\">Pleine lune \u00e0 Hydros Spa &#8211; Benalmadena<\/a><\/li><li class='ez-toc-page-1 ez-toc-heading-level-3'><a class=\"ez-toc-link ez-toc-heading-24\" href=\"https:\/\/www.malagacar.com\/fr\/blog\/loisirs\/choses-a-faire-a-malaga-en-octobre\/#Brunch_Electronic_%E2%80%93_Malaga\" data-wpel-link=\"internal\">Brunch Electronic \u2013 Malaga<\/a><\/li><li class='ez-toc-page-1 ez-toc-heading-level-3'><a class=\"ez-toc-link ez-toc-heading-25\" href=\"https:\/\/www.malagacar.com\/fr\/blog\/loisirs\/choses-a-faire-a-malaga-en-octobre\/#Festival_Manga_%E2%80%93_Estepona\" data-wpel-link=\"internal\">Festival Manga &#8211; Estepona<\/a><\/li><\/ul><\/li><li class='ez-toc-page-1 ez-toc-heading-level-2'><a class=\"ez-toc-link ez-toc-heading-26\" href=\"https:\/\/www.malagacar.com\/fr\/blog\/loisirs\/choses-a-faire-a-malaga-en-octobre\/#Marches_de_rue_a_Malaga_en_octobre\" data-wpel-link=\"internal\">March\u00e9s de rue \u00e0 Malaga en octobre<\/a><ul class='ez-toc-list-level-3' ><li class='ez-toc-heading-level-3'><a class=\"ez-toc-link ez-toc-heading-27\" href=\"https:\/\/www.malagacar.com\/fr\/blog\/loisirs\/choses-a-faire-a-malaga-en-octobre\/#Marche_aux_fromages_%E2%80%93_Coin\" data-wpel-link=\"internal\">March\u00e9 aux fromages\u00a0 &#8211; Co\u00edn<\/a><\/li><li class='ez-toc-page-1 ez-toc-heading-level-3'><a class=\"ez-toc-link ez-toc-heading-28\" href=\"https:\/\/www.malagacar.com\/fr\/blog\/loisirs\/choses-a-faire-a-malaga-en-octobre\/#Poderio_Market_%E2%80%93_Malaga\" data-wpel-link=\"internal\">Poder\u00edo Market &#8211; Malaga<\/a><\/li><li class='ez-toc-page-1 ez-toc-heading-level-3'><a class=\"ez-toc-link ez-toc-heading-29\" href=\"https:\/\/www.malagacar.com\/fr\/blog\/loisirs\/choses-a-faire-a-malaga-en-octobre\/#Marche_de_lartisanat_La_Merced_%E2%80%93_Malaga\" data-wpel-link=\"internal\">March\u00e9 de l&rsquo;artisanat La Merced &#8211; Malaga<\/a><\/li><li class='ez-toc-page-1 ez-toc-heading-level-3'><a class=\"ez-toc-link ez-toc-heading-30\" href=\"https:\/\/www.malagacar.com\/fr\/blog\/loisirs\/choses-a-faire-a-malaga-en-octobre\/#Le_marche_des_cimetieres_anglais_%E2%80%93_Malaga\" data-wpel-link=\"internal\">Le march\u00e9 des cimeti\u00e8res anglais \u2013 Malaga<\/a><\/li><li class='ez-toc-page-1 ez-toc-heading-level-3'><a class=\"ez-toc-link ez-toc-heading-31\" href=\"https:\/\/www.malagacar.com\/fr\/blog\/loisirs\/choses-a-faire-a-malaga-en-octobre\/#Marches_aux_puces_et_marches_de_rue_dans_la_province\" data-wpel-link=\"internal\">March\u00e9s aux puces et march\u00e9s de rue dans la province<\/a><\/li><\/ul><\/li><li class='ez-toc-page-1 ez-toc-heading-level-2'><a class=\"ez-toc-link ez-toc-heading-32\" href=\"https:\/\/www.malagacar.com\/fr\/blog\/loisirs\/choses-a-faire-a-malaga-en-octobre\/#Visite_des_musees_de_Malaga\" data-wpel-link=\"internal\">Visite des mus\u00e9es de Malaga<\/a><ul class='ez-toc-list-level-3' ><li class='ez-toc-heading-level-3'><a class=\"ez-toc-link ez-toc-heading-33\" href=\"https:\/\/www.malagacar.com\/fr\/blog\/loisirs\/choses-a-faire-a-malaga-en-octobre\/#Visites_guidees_jardin_botanique_historique_de_La_Concepcion_%E2%80%93_Malaga\" data-wpel-link=\"internal\">Visites guid\u00e9es jardin botanique historique de La Concepci\u00f3n &#8211; Malaga<\/a><\/li><li class='ez-toc-page-1 ez-toc-heading-level-3'><a class=\"ez-toc-link ez-toc-heading-34\" href=\"https:\/\/www.malagacar.com\/fr\/blog\/loisirs\/choses-a-faire-a-malaga-en-octobre\/#Visite_de_la_Brasserie_Victoria_%E2%80%93_Malaga\" data-wpel-link=\"internal\">Visite de la Brasserie Victoria &#8211; Malaga<\/a><\/li><li class='ez-toc-page-1 ez-toc-heading-level-3'><a class=\"ez-toc-link ez-toc-heading-35\" href=\"https:\/\/www.malagacar.com\/fr\/blog\/loisirs\/choses-a-faire-a-malaga-en-octobre\/#Visites_nocturnes_theatralisees_musee_de_lautomobile_%E2%80%93_Malaga\" data-wpel-link=\"internal\">Visites nocturnes th\u00e9\u00e2tralis\u00e9es mus\u00e9e de l&rsquo;automobile &#8211; Malaga<\/a><\/li><\/ul><\/li><li class='ez-toc-page-1 ez-toc-heading-level-2'><a class=\"ez-toc-link ez-toc-heading-36\" href=\"https:\/\/www.malagacar.com\/fr\/blog\/loisirs\/choses-a-faire-a-malaga-en-octobre\/#Festivals_gastronomiques_a_Malaga_en_octobre\" data-wpel-link=\"internal\">Festivals gastronomiques \u00e0 Malaga en octobre<\/a><ul class='ez-toc-list-level-3' ><li class='ez-toc-heading-level-3'><a class=\"ez-toc-link ez-toc-heading-37\" href=\"https:\/\/www.malagacar.com\/fr\/blog\/loisirs\/choses-a-faire-a-malaga-en-octobre\/#Journee_des_Sopas_Perotas_%E2%80%93_Alora\" data-wpel-link=\"internal\">Journ\u00e9e des Sopas Perotas &#8211; \u00c1lora<\/a><\/li><li class='ez-toc-page-1 ez-toc-heading-level-3'><a class=\"ez-toc-link ez-toc-heading-38\" href=\"https:\/\/www.malagacar.com\/fr\/blog\/loisirs\/choses-a-faire-a-malaga-en-octobre\/#Foire_au_fromage_%E2%80%93_Teba\" data-wpel-link=\"internal\">Foire au fromage &#8211; Teba<\/a><\/li><li class='ez-toc-page-1 ez-toc-heading-level-3'><a class=\"ez-toc-link ez-toc-heading-39\" href=\"https:\/\/www.malagacar.com\/fr\/blog\/loisirs\/choses-a-faire-a-malaga-en-octobre\/#Fete_de_la_chataigne_et_du_vin_%E2%80%93_Yunquera\" data-wpel-link=\"internal\">F\u00eate de la ch\u00e2taigne et du vin &#8211; Yunquera<\/a><\/li><\/ul><\/li><li class='ez-toc-page-1 ez-toc-heading-level-2'><a class=\"ez-toc-link ez-toc-heading-40\" href=\"https:\/\/www.malagacar.com\/fr\/blog\/loisirs\/choses-a-faire-a-malaga-en-octobre\/#Halloween_a_Malaga_%F0%9F%8E%83\" data-wpel-link=\"internal\">Halloween \u00e0 Malaga \ud83c\udf83<\/a><\/li><li class='ez-toc-page-1 ez-toc-heading-level-2'><a class=\"ez-toc-link ez-toc-heading-41\" href=\"https:\/\/www.malagacar.com\/fr\/blog\/loisirs\/choses-a-faire-a-malaga-en-octobre\/#Meteo_a_Malaga_en_octobre\" data-wpel-link=\"internal\">M\u00e9t\u00e9o \u00e0 M\u00e1laga en octobre<\/a><\/li><\/ul><\/nav><\/div>\n<h2><span class=\"ez-toc-section\" id=\"Malaga_en_octobre_2025\"><\/span>Malaga en octobre 2025<span class=\"ez-toc-section-end\"><\/span><\/h2>\n<h3><span class=\"ez-toc-section\" id=\"ToutDanse_%E2%80%93_Marbella\"><\/span>ToutDanse \u2013 Marbella<span class=\"ez-toc-section-end\"><\/span><\/h3>\n<p><img loading=\"lazy\" decoding=\"async\" class=\"alignnone size-full wp-image-18233\" src=\"https:\/\/www.malagacar.com\/sp\/blog\/wp-content\/uploads\/2025\/09\/Marbella-todo-danza.jpg\" alt=\"Marbella TodoDanza \" width=\"473\" height=\"816\" \/><\/p>\n<p>La 16e \u00e9dition du Festival TodoDanza de Marbella se tiendra du 4 octobre au 8 novembre.<br \/>\nIl s&rsquo;agit d&rsquo;un \u00e9v\u00e9nement incontournable du calendrier culturel de Marbella, proposant des spectacles de danse contemporaine et de flamenco avec la participation de 13 compagnies et de plus de 40 artistes.<\/p>\n<p>L&rsquo;\u00e9v\u00e9nement aura lieu dans diff\u00e9rents lieux de la ville, notamment au Th\u00e9\u00e2tre Ciudad de Marbella, au Mus\u00e9e de la Gravure Espagnole Contemporaine, \u00e0 la Biblioth\u00e8que Centrale Fernando Alcal\u00e1 Mar\u00edn, \u00e0 l&rsquo;H\u00f4pital Royal de la Misericordia, au Cortijo Miraflores et dans des espaces publics en plein air.<\/p>\n<ul>\n<li><a href=\"https:\/\/www.marbella.es\/agenda\/cultura-y-ensenanza\/16o-festival-marbella-tododanza-2025.html\" data-wpel-link=\"external\" rel=\"external noopener noreferrer\"><strong>Programme complet<\/strong><\/a><\/li>\n<li>Quand : Du 4 octobre au 8 novembre<\/li>\n<li>O\u00f9 : Marbella<\/li>\n<li><a href=\"https:\/\/maps.app.goo.gl\/bzerG7tnDRHYfZ289\" data-wpel-link=\"external\" rel=\"external noopener noreferrer\"><strong>Comment s&rsquo;y rendre<\/strong><\/a><\/li>\n<\/ul>\n<h3><span class=\"ez-toc-section\" id=\"Estepona_vit_ses_rues_%E2%80%93_Estepona\"><\/span>Estepona vit ses rues \u2013 Estepona<span class=\"ez-toc-section-end\"><\/span><\/h3>\n<p><img loading=\"lazy\" decoding=\"async\" class=\"alignnone wp-image-13455\" src=\"https:\/\/www.malagacar.com\/sp\/blog\/wp-content\/uploads\/2022\/04\/Plaza-de-las-Fores-Estepona-Depositphotos.jpg\" alt=\"Plaza de las Flores en Estepona Credit: depositfotos https:\/\/sp.depositphotos.com\/\" width=\"737\" height=\"553\" \/><\/p>\n<p>Cet \u00e9v\u00e9nement culturel annuel animera \u00e0 nouveau les rues d&rsquo;Estepona du 10 au 12 octobre avec plus d&rsquo;une douzaine d&rsquo;activit\u00e9s, dont des concerts, des \u00e9v\u00e9nements gastronomiques et des rencontres interculturelles.<\/p>\n<h4>Programme<\/h4>\n<p>La Foire du Poulpe se tiendra sur la Calle Real de 12h \u00e0 22h, o\u00f9 les \u00e9tablissements locaux pr\u00e9senteront leurs meilleurs poissons, mollusques et crustac\u00e9s.<\/p>\n<p><strong>10 octobre<\/strong><br \/>\nConcert de la chorale \u00ab\u00a0Love to Sing\u00a0\u00bb, \u00e0 18h au Mirador del Carmen<br \/>\nConcert de swing-jazz de \u00ab\u00a0La Insostenible Big Band\u00a0\u00bb, \u00e0 20h au parc El Calvario<br \/>\nSpectacle \u00ab\u00a0Locura PARAPA\u00a0\u00bb, \u00e0 21h au Mirador del Carmen<\/p>\n<p><strong>11 octobre<\/strong><br \/>\nF\u00eate des enfants sur la Plaza Garc\u00eda Caparr\u00f3s de 12h \u00e0 18h<br \/>\nPartage des cultures : Les r\u00e9sidents \u00e9trangers partageront leurs coutumes, leurs f\u00eates traditionnelles et leur culture culinaire, \u00e0 partir de 12h au Mirador del Carmen<br \/>\nSpectacle de danse sur la rue Terraza \u00e0 18h<br \/>\nSpectacle d&rsquo;humour sur la Plaza del Reloj \u00e0 20h<br \/>\nConcert de Los Secretos \u00e0 partir de 22h sur la Plaza del Ajedrez<\/p>\n<p><strong>12 octobre<\/strong><br \/>\nConcert de Pasodobles \u00e0 partir de 12h sur la Plaza Antonia Guerrero<br \/>\nConcert de quatuor \u00e0 cordes sur la Plaza Manilva \u00e0 13h<br \/>\nConcert de Copla \u00e0 19h sur la Plaza del Reloj<\/p>\n<ul>\n<li><a href=\"https:\/\/maps.app.goo.gl\/hP5UG99GB1RMJyMf8\" data-wpel-link=\"external\" rel=\"external noopener noreferrer\"><strong>Comment s&rsquo;y rendre<\/strong><\/a><strong>\u00a0<\/strong><\/li>\n<\/ul>\n<h3><span class=\"ez-toc-section\" id=\"Hommage_Michael_Jackson_%E2%80%93_Malaga\"><\/span>Hommage Michael Jackson \u2013 Malaga<span class=\"ez-toc-section-end\"><\/span><\/h3>\n<p><img loading=\"lazy\" decoding=\"async\" class=\"alignnone wp-image-18222\" src=\"https:\/\/www.malagacar.com\/sp\/blog\/wp-content\/uploads\/2025\/09\/tributo-michael-jackson-847x1024.jpg\" alt=\"Tributo Michael Jackson \u2013 M\u00e1laga\" width=\"557\" height=\"674\" \/><\/p>\n<p>Profitez de ce concert hommage mettant en vedette l&rsquo;un des meilleurs imitateurs et danseurs du roi de la pop, avec un spectacle visuel fabuleux et une magnifique chor\u00e9graphie qui accompagne les plus grands classiques de Michael Jackson.<\/p>\n<ul>\n<li><a href=\"https:\/\/www.giglon.com\/todos?idEvent=tributo-a-michael-jackson-esad-2025&amp;fbclid=IwY2xjawM_P0pleHRuA2FlbQIxMAABHgZdN_Q7sjrcmDI1PH7UWtLjKAxumgRA4IvYvAEnkwYnobcixHLT8g05hufF_aem_PoJFHqXNjfy1MyjhHVDibA\" data-wpel-link=\"external\" rel=\"external noopener noreferrer\"><strong>Billets<\/strong><\/a><\/li>\n<li>Quand : 26 octobre, 18 h 30<\/li>\n<li>O\u00f9 : ESAD M\u00e1laga<\/li>\n<li><a href=\"https:\/\/maps.app.goo.gl\/WXB3tgkw7K4KoEXQ7\" data-wpel-link=\"external\" rel=\"external noopener noreferrer\"><strong>Comment s\u2019y rendre<\/strong><\/a><\/li>\n<\/ul>\n<h3><span class=\"ez-toc-section\" id=\"Ballet_Belle_au_bois_dormant_avec_lumieres_%E2%80%93_Malaga\"><\/span>Ballet Belle au bois dormant avec lumi\u00e8res \u2013 Malaga<span class=\"ez-toc-section-end\"><\/span><\/h3>\n<p><img loading=\"lazy\" decoding=\"async\" class=\"alignnone wp-image-18223\" src=\"https:\/\/www.malagacar.com\/sp\/blog\/wp-content\/uploads\/2025\/09\/ballet.jpg\" alt=\"we call it ballet\" width=\"597\" height=\"748\" \/><\/p>\n<p>Vivez ce ballet classique d&rsquo;une mani\u00e8re tr\u00e8s diff\u00e9rente : les danseurs se produiront sur sc\u00e8ne dans des costumes fluorescents, fusionnant ainsi art traditionnel et technologie moderne.<\/p>\n<ul>\n<li><a href=\"https:\/\/www.myguidemalaga.com\/es\/eventos\/we-call-it-ballet-espectaculo-de-danza-y-luces-de-la-bella-durmiente?date=2025-10-04\" data-wpel-link=\"external\" rel=\"external noopener noreferrer\"><strong>Billets<\/strong><\/a><\/li>\n<li>Quand : 4 octobre \u00e0 18 h et 20 h<\/li>\n<li>O\u00f9 : Conservatoire de musique de Malaga<\/li>\n<li><a href=\"https:\/\/maps.app.goo.gl\/Y9YdUFLVcYbiE3za6\" data-wpel-link=\"external\" rel=\"external noopener noreferrer\"><strong>Comment s\u2019y rendre<\/strong><\/a><\/li>\n<\/ul>\n<h3><span class=\"ez-toc-section\" id=\"Moments_Festival_%E2%80%93_Malaga\"><\/span>Moments Festival \u2013 Malaga<span class=\"ez-toc-section-end\"><\/span><\/h3>\n<p><img loading=\"lazy\" decoding=\"async\" class=\"alignnone size-large wp-image-18224\" src=\"https:\/\/www.malagacar.com\/sp\/blog\/wp-content\/uploads\/2025\/09\/moments-festival-1024x535.jpg\" alt=\"Moments Festival \u2013 M\u00e1laga\" width=\"750\" height=\"392\" \/><\/p>\n<p>Ce festival, d\u00e9di\u00e9 aux cultures et arts contemporains, en est \u00e0 sa 12e \u00e9dition. Il se d\u00e9roulera dans diff\u00e9rents lieux de Malaga et proposera pr\u00e8s de 200 activit\u00e9s, dont des ateliers, des rencontres, des expositions, des concerts, des \u00e9v\u00e9nements caritatifs, des remises de prix, des performances, des fresques murales et d&rsquo;autres \u00e9v\u00e9nements.<\/p>\n<ul>\n<li>Programme sur le <a href=\"https:\/\/www.momentsfestival.org\/calendario\/calendario-moments-malaga\/\" data-wpel-link=\"external\" rel=\"external noopener noreferrer\"><strong>site officiel<\/strong><\/a><\/li>\n<li>Quand : Du 21 octobre au 15 novembre<\/li>\n<li>O\u00f9\u00a0: Malaga<\/li>\n<\/ul>\n<h3><span class=\"ez-toc-section\" id=\"Visite_theatrale_de_la_grotte_aux_tresors_%E2%80%93_Rincon_de_la_Victoria\"><\/span>Visite th\u00e9\u00e2trale de la grotte aux tr\u00e9sors &#8211; Rinc\u00f3n de la Victoria<span class=\"ez-toc-section-end\"><\/span><\/h3>\n<p><img loading=\"lazy\" decoding=\"async\" class=\"size-large wp-image-7849\" src=\"https:\/\/www.malagacar.com\/sp\/blog\/wp-content\/uploads\/2020\/03\/cueva-del-tesoro-1024x625.jpg\" alt=\"cueva del tesoro\" width=\"750\" height=\"458\" \/><\/p>\n<p>Remontez le temps et d\u00e9couvrez l&rsquo;histoire et les myst\u00e8res de la d\u00e9couverte de la Grotte au Tr\u00e9sor. Visites th\u00e9\u00e2tralis\u00e9es d&rsquo;une heure \u00e0 travers les diff\u00e9rentes galeries de la grotte.<\/p>\n<p>R\u00e9servation obligatoire pour cette activit\u00e9 via <a href=\"https:\/\/entradas.turismoenrincon.es\/\" data-wpel-link=\"external\" rel=\"external noopener noreferrer\"><strong>ce lien<\/strong><\/a>.<\/p>\n<ul>\n<li>Prochaines dates : 26 octobre, 30 novembre et 28 d\u00e9cembre<\/li>\n<li>O\u00f9 : Grotte au tr\u00e9sor &#8211; Rinc\u00f3n de la Victoria<\/li>\n<li><a href=\"https:\/\/maps.app.goo.gl\/3sX5qj8EcDRxP7R37\" data-wpel-link=\"external\" rel=\"external noopener noreferrer\"><strong>Comment s&rsquo;y rendre<\/strong><\/a><\/li>\n<\/ul>\n<h3><span class=\"ez-toc-section\" id=\"Un_festival_dans_lair_%E2%80%93_Arriate\"><\/span>Un festival dans l&rsquo;air\u00a0&#8211; Arriate<span class=\"ez-toc-section-end\"><\/span><\/h3>\n<p><img loading=\"lazy\" decoding=\"async\" class=\"alignnone size-full wp-image-18225\" src=\"https:\/\/www.malagacar.com\/sp\/blog\/wp-content\/uploads\/2025\/09\/Arriate-Fiesta-en-el-Aire-2025.jpg\" alt=\"Fiesta en el aire - Arriate\" width=\"266\" height=\"400\" \/><\/p>\n<p>Arriate, situ\u00e9e dans la Serran\u00eda de Ronda, c\u00e9l\u00e8bre une nouvelle \u00e9dition de son Festival \u00ab\u00a0en el aire\u00a0\u00bb. Pendant trois jours, Arriate se transforme en sc\u00e8ne ouverte avec plus de 20 concerts, des activit\u00e9s artistiques, gastronomiques, des ateliers et des concours.<\/p>\n<p>De nombreux spectacles et \u00e9v\u00e9nements se d\u00e9roulent sur la Plaza de Antonio Mara\u00f1\u00f3n, la Plaza D\u00edaz Mena et la Calle La Fuente.<\/p>\n<ul>\n<li>Quand : 10, 11 et 12 octobre<\/li>\n<li>O\u00f9 : Arriate<\/li>\n<li><a href=\"https:\/\/maps.app.goo.gl\/CVQ2ep773S9NoeBg6\" data-wpel-link=\"external\" rel=\"external noopener noreferrer\"><strong>Comment s\u2019y rendre<\/strong><\/a><\/li>\n<\/ul>\n<h3><span class=\"ez-toc-section\" id=\"Visites_guidees_gratuites_%E2%80%93_Musee_de_Malaga\"><\/span>Visites guid\u00e9es gratuites &#8211; Mus\u00e9e de Malaga<span class=\"ez-toc-section-end\"><\/span><\/h3>\n<p><img loading=\"lazy\" decoding=\"async\" class=\"alignnone wp-image-14397\" src=\"https:\/\/www.malagacar.com\/sp\/blog\/wp-content\/uploads\/2021\/07\/Museo-de-Malaga-819x1024.jpg\" alt=\"Museo de M\u00e1laga\" width=\"550\" height=\"688\" \/><\/p>\n<p>Profitez du samedi pour fl\u00e2ner parmi les collections d&rsquo;art et d&rsquo;arch\u00e9ologie. Le <a href=\"https:\/\/www.malagacar.com\/fr\/blog\/loisirs\/meilleurs-musees-malaga\/#Musee_de_Malaga\" data-wpel-link=\"internal\"><strong>Mus\u00e9e de Malaga<\/strong><\/a> propose des visites guid\u00e9es gratuites tous les samedis \u00e0 midi, chacune sur un th\u00e8me diff\u00e9rent.<\/p>\n<p>Les inscriptions se font \u00e0 l&rsquo;accueil le jour de l&rsquo;activit\u00e9, d\u00e8s l&rsquo;ouverture du mus\u00e9e. Consultez <a href=\"https:\/\/www.museosdeandalucia.es\/web\/museodemalaga\" data-wpel-link=\"external\" rel=\"external noopener noreferrer\"><strong>leur site web<\/strong><\/a> pour conna\u00eetre les activit\u00e9s propos\u00e9es chaque semaine.<\/p>\n<ul>\n<li>Quand : Le samedi \u00e0 12h<\/li>\n<li>O\u00f9 : Mus\u00e9e de Malaga<\/li>\n<li><a href=\"https:\/\/maps.app.goo.gl\/ZRb4BVzcJ2ToyXaH8\" data-wpel-link=\"external\" rel=\"external noopener noreferrer\"><strong>Comment s&rsquo;y rendre<\/strong><\/a><\/li>\n<\/ul>\n<h3><span class=\"ez-toc-section\" id=\"Degustations_de_vins_au_Musee_du_Vin_%E2%80%93_Malaga\"><\/span>D\u00e9gustations de vins au Mus\u00e9e du Vin\u00a0&#8211; Malaga<span class=\"ez-toc-section-end\"><\/span><\/h3>\n<p><img loading=\"lazy\" decoding=\"async\" class=\"alignnone size-large wp-image-18214\" src=\"https:\/\/www.malagacar.com\/sp\/blog\/wp-content\/uploads\/2025\/09\/cursos-y-catas-en-el-museo-del-vino-malaga-1024x545.jpg\" alt=\"Catas de vino en el Museo del Vino - M\u00e1laga\" width=\"750\" height=\"399\" \/><\/p>\n<p>Profitez des samedis pour vous plonger dans l&rsquo;univers des vins de l&rsquo;appellation d&rsquo;origine contr\u00f4l\u00e9e Malaga et Sierras de Malaga.<\/p>\n<p>Le <a href=\"https:\/\/www.malagacar.com\/fr\/blog\/loisirs\/meilleurs-musees-malaga\/\" data-wpel-link=\"internal\"><strong>Mus\u00e9e du Vin de Malaga<\/strong><\/a> vous invite \u00e0 des d\u00e9gustations th\u00e9matiques guid\u00e9es et \u00e0 des ateliers d&rsquo;initiation \u00e0 la d\u00e9gustation anim\u00e9s par des vignerons et des \u0153nologues.<\/p>\n<p>Chaque samedi, une nouvelle offre vous attend de 12h30 \u00e0 14h.<\/p>\n<h4>Prochaines dates<\/h4>\n<p>4.10. I 18.10. I 8.11. I 22.11. I 29.11. I 13.12.<\/p>\n<ul>\n<li>Plus d&rsquo;<a href=\"https:\/\/museovinomalaga.com\/categoria-producto\/oferta-formativa\/\" data-wpel-link=\"external\" rel=\"external noopener noreferrer\"><strong>informations et r\u00e9servations<\/strong><\/a><\/li>\n<li>O\u00f9 : Mus\u00e9e du Vin, Malaga<\/li>\n<li><a href=\"https:\/\/maps.app.goo.gl\/54w3aLeq5xhNtS6H9\" data-wpel-link=\"external\" rel=\"external noopener noreferrer\"><strong>Comment s&rsquo;y rendre<\/strong><\/a><\/li>\n<\/ul>\n<h3><span class=\"ez-toc-section\" id=\"Foire_de_Nerja_%E2%80%93_Nerja\"><\/span>Foire de Nerja &#8211; Nerja<span class=\"ez-toc-section-end\"><\/span><\/h3>\n<figure id=\"attachment_9428\" aria-describedby=\"caption-attachment-9428\" style=\"width: 1024px\" class=\"wp-caption alignnone\"><a href=\"https:\/\/www.malagacar.com\/sp\/blog\/wp-content\/uploads\/2019\/09\/Feria-nerja-Foto-Absolute-Axarquia.jpg\" data-wpel-link=\"internal\"><img loading=\"lazy\" decoding=\"async\" class=\"wp-image-9428 size-full\" src=\"https:\/\/www.malagacar.com\/sp\/blog\/wp-content\/uploads\/2019\/09\/Feria-nerja-Foto-Absolute-Axarquia.jpg\" alt=\"Feria de Nerja\" width=\"1024\" height=\"768\" \/><\/a><figcaption id=\"caption-attachment-9428\" class=\"wp-caption-text\">Photo Absolute Axarquia<\/figcaption><\/figure>\n<p>F\u00eate en l&rsquo;honneur de la patronne de la ville, la Virgen de las Angustias, qui a lieu la deuxi\u00e8me semaine d&rsquo;octobre. Processions, flamenco, spectacles folkloriques et bien plus encore, allient culture, gastronomie, religion, musique et folklore.<\/p>\n<ul>\n<li>Quand : Du 8 au 13 octobre<\/li>\n<li>O\u00f9 : Nerja<\/li>\n<li><a href=\"https:\/\/maps.app.goo.gl\/SqiPLaq6iDhSNQtX6\" data-wpel-link=\"external\" rel=\"external noopener noreferrer\"><strong>Comment s&rsquo;y rendre<\/strong><\/a><\/li>\n<\/ul>\n<h3><span class=\"ez-toc-section\" id=\"Foire_de_Torrox_%E2%80%93_Torrox\"><\/span>Foire de\u00a0 Torrox \u2013 Torrox<span class=\"ez-toc-section-end\"><\/span><\/h3>\n<p><img loading=\"lazy\" decoding=\"async\" class=\"alignnone size-full wp-image-18235\" src=\"https:\/\/www.malagacar.com\/sp\/blog\/wp-content\/uploads\/2025\/09\/feria-de-Torrox-2025.jpg\" alt=\"Feria de Torrox \" width=\"417\" height=\"594\" \/><\/p>\n<p>Torrox c\u00e9l\u00e8bre la foire en l&rsquo;honneur de ses saints patrons, la Vierge de las Nieves et San Roque.<\/p>\n<p>Parmi les nombreuses activit\u00e9s propos\u00e9es durant ces journ\u00e9es, on compte plusieurs concerts gratuits sur la Plaza de la Constituci\u00f3n.<\/p>\n<p>La foire se d\u00e9roulera dans plusieurs lieux de la ville\u00a0:<br \/>\nPlaza de la Constituci\u00f3n\u00a0: Repr\u00e9sentations sur la sc\u00e8ne principale et \u00e9v\u00e9nements officiels<br \/>\nCaseta del Mayor (Jardins Picasso)\u00a0: Spectacles familiaux, chocolat chaud et paella<br \/>\nCaseta Taytantos\u00a0: Vie nocturne<br \/>\nEspace Jeunes\u00a0: Activit\u00e9s pour les jeunes l&rsquo;apr\u00e8s-midi et t\u00f4t le matin<\/p>\n<h4>Programme<\/h4>\n<p><strong>Mercredi 1er<\/strong><br \/>\nLa foire d\u00e9butera le mercredi 1er octobre avec la traditionnelle \u00ab\u00a0Noche de la V\u00edspera\u00a0\u00bb (Nuit de la Veille) sur la place de la Constitution. Au programme\u00a0: la Journ\u00e9e des Enfants avec des activit\u00e9s pour enfants, l&rsquo;inauguration des illuminations festives, un feu d&rsquo;artifice et un concert de Tamara Jerez.<\/p>\n<p><strong>Jeudi 2<\/strong><br \/>\nD\u00e8s le jeudi 2, la Caseta del Mayor (cabine du maire) des Jardins Picasso ouvrira ses portes avec la traditionnelle soir\u00e9e chocolat chaud et de nombreux spectacles tout au long de la journ\u00e9e. Des animations auront \u00e9galement lieu sur la Plaza de la Constituci\u00f3n l&rsquo;apr\u00e8s-midi, et en soir\u00e9e, un concert du groupe Morochos.<\/p>\n<p><strong>Vendredi 3<\/strong><br \/>\nL&rsquo;apr\u00e8s-midi, carrousel et concert d&rsquo;OBK sur la Plaza de la Constituci\u00f3n. Une paella populaire sera servie \u00e0 la Caseta del Mayor, suivie de performances d&rsquo;artistes et de chorales locales.<\/p>\n<p><strong>Samedi 4<\/strong><br \/>\nSpectacle \u00e9questre l&rsquo;apr\u00e8s-midi et concert de Demarco le soir.<\/p>\n<p><strong>Dimanche 5<\/strong><br \/>\nDJ et traditionnelle course de rubans, ainsi que le transfert processionnel des saints patrons de l&rsquo;\u00e9glise paroissiale \u00e0 leur sanctuaire. La foire se conclut par un grand feu d&rsquo;artifice suivi d&rsquo;un spectacle sur la Plaza de la Constituci\u00f3n.<\/p>\n<ul>\n<li>Quand : Du 1er au 5 octobre<\/li>\n<li><a href=\"https:\/\/maps.app.goo.gl\/zELxs72tpUTRkWa99\" data-wpel-link=\"external\" rel=\"external noopener noreferrer\"><strong>Comment s&rsquo;y rendre<\/strong><\/a><\/li>\n<\/ul>\n<h3><span class=\"ez-toc-section\" id=\"Marbepop_Festival_%E2%80%93_Marbella\"><\/span>Marbepop Festival &#8211; Marbella<span class=\"ez-toc-section-end\"><\/span><\/h3>\n<p><img loading=\"lazy\" decoding=\"async\" class=\"alignnone wp-image-18168\" src=\"https:\/\/www.malagacar.com\/sp\/blog\/wp-content\/uploads\/2024\/09\/cartel_marbepop-725x1024.jpg\" alt=\"Marbepop Festival - Marbella\" width=\"598\" height=\"845\" \/><\/p>\n<p>Le festival Marbepop revient le 25 octobre avec neuf heures de musique live non-stop, interpr\u00e9t\u00e9es par six groupes nationaux et locaux.<\/p>\n<p>L&rsquo;\u00e9v\u00e9nement, qui se tient chaque ann\u00e9e au Parque de la Represa, est l&rsquo;un des principaux lieux culturels et musicaux de la ville.<\/p>\n<p>L&rsquo;entr\u00e9e au festival est gratuite et un bar \u00e0 prix abordables sera disponible.<\/p>\n<ul>\n<li>Quand : 25 octobre, \u00e0 partir de 16 h<\/li>\n<li>O\u00f9 : Parque de la Represa, Marbella<\/li>\n<li><a href=\"https:\/\/maps.app.goo.gl\/Tx2fksPbtVNnucEt8\" data-wpel-link=\"external\" rel=\"external noopener noreferrer\"><strong>Comment s&rsquo;y rendre<\/strong><\/a><\/li>\n<\/ul>\n<h3><span class=\"ez-toc-section\" id=\"Les_Nuits_de_Bella_Jarifa_%E2%80%93_Cartama\"><\/span>Les Nuits de \u00a0Bella Jarifa &#8211; C\u00e1rtama<span class=\"ez-toc-section-end\"><\/span><\/h3>\n<p><iframe loading=\"lazy\" title=\"Las Noches de la bella Jarifa. C\u00e1rtama. Septiembre. Fiesta Singular\" src=\"https:\/\/www.youtube.com\/embed\/TYiyB1izY6c\" width=\"640\" height=\"360\" frameborder=\"0\" allowfullscreen=\"allowfullscreen\"><\/iframe><\/p>\n<p>Les rues centrales de C\u00e1rtama Pueblo vous feront voyager dans le temps pour rendre hommage au patrimoine andalou. Les Nuits de la Belle Jarifa recr\u00e9ent les aventures et m\u00e9saventures de deux amoureux, Abindarr\u00e1ez et Jarifa.<\/p>\n<p>La vieille ville sera illumin\u00e9e de bougies et abritera un grand souk proposant artisanat, produits locaux et cuisine traditionnelle. Au programme \u00e9galement\u00a0: une aire de jeux, des ateliers pour enfants, une chasse aux tr\u00e9sors culturelle, des d\u00e9fil\u00e9s, du micro-th\u00e9\u00e2tre, des spectacles de danse du ventre, des performances musicales, des d\u00e9gustations, des contes et des spectacles de marionnettes.<\/p>\n<ul>\n<li>Quand : Du 3 au 5 octobre<\/li>\n<li>O\u00f9 : C\u00e1rtama<\/li>\n<li><a href=\"https:\/\/maps.app.goo.gl\/Pbs2ywzG4fucUyWZ8\" data-wpel-link=\"external\" rel=\"external noopener noreferrer\"><strong>Comment s\u2019y rendre<\/strong><\/a><\/li>\n<\/ul>\n<h3><span class=\"ez-toc-section\" id=\"MOSMA_Movie_Score_%E2%80%93_Malaga\"><\/span>MOSMA Movie Score \u2013 Malaga<span class=\"ez-toc-section-end\"><\/span><\/h3>\n<p><img loading=\"lazy\" decoding=\"async\" class=\"alignnone size-full wp-image-18116\" src=\"https:\/\/www.malagacar.com\/sp\/blog\/wp-content\/uploads\/2024\/09\/Mosma.jpg\" alt=\"MOSMA Movie Score \u2013 M\u00e1laga\" width=\"526\" height=\"526\" \/><\/p>\n<p>Le Festival international de musique de film MOSMA c\u00e9l\u00e8bre sa dixi\u00e8me \u00e9dition \u00e0 Malaga avec le meilleur de la musique de film et de l&rsquo;audiovisuel. Concerts, rencontres, d\u00e9dicaces et bien plus encore seront propos\u00e9s aux amateurs de musique de film.<\/p>\n<p>Cette \u00e9dition anniversaire sera \u00e9galement marqu\u00e9e par la remise des Jerry Goldsmith Awards, des prix de renomm\u00e9e internationale qui r\u00e9compensent le talent des compositeurs audiovisuels.<\/p>\n<ul>\n<li>Plus d&rsquo;<a href=\"https:\/\/mosma.es\/\" data-wpel-link=\"external\" rel=\"external noopener noreferrer\"><strong>informations et billets<\/strong><\/a><\/li>\n<li>Quand : Du 23 au 26 octobre<\/li>\n<li>O\u00f9 : Th\u00e9\u00e2tre Cervantes, Malaga<\/li>\n<li><a href=\"https:\/\/maps.app.goo.gl\/3VkHW4WiHq4MJy397\" data-wpel-link=\"external\" rel=\"external noopener noreferrer\"><strong>Comment s&rsquo;y rendre<\/strong><\/a><\/li>\n<\/ul>\n<h3><span class=\"ez-toc-section\" id=\"Monfi_Festival_%E2%80%93_Cutar\"><\/span>Monf\u00ed Festival &#8211; C\u00fatar<span class=\"ez-toc-section-end\"><\/span><\/h3>\n<p><img loading=\"lazy\" decoding=\"async\" class=\"alignnone size-full wp-image-18119\" src=\"https:\/\/www.malagacar.com\/sp\/blog\/wp-content\/uploads\/2024\/09\/Fiesta-del-Monfi.jpg\" alt=\"Fiesta del Monf\u00ed - C\u00fatar\" width=\"320\" height=\"320\" \/><\/p>\n<p>C\u00fatar, petit village de moins de 600 habitants situ\u00e9 dans la haute Axarqu\u00eda, rend hommage chaque ann\u00e9e \u00e0 son pass\u00e9 arabe et \u00e0 sa culture andalouse.<\/p>\n<p>La F\u00eate de Monf\u00ed rend hommage aux Maures rebelles, connus sous le nom de Monf\u00eds, qui ont habit\u00e9 la r\u00e9gion de l&rsquo;Axarqu\u00eda pendant plus de six si\u00e8cles.<\/p>\n<p><iframe loading=\"lazy\" title=\"Fiesta del Monf\u00ed. C\u00fatar. Octubre. Fiesta Singular\" src=\"https:\/\/www.youtube.com\/embed\/4nIZNAxvUs8\" width=\"640\" height=\"360\" frameborder=\"0\" allowfullscreen=\"allowfullscreen\"><\/iframe><\/p>\n<p>Les rues de la vieille ville regorgent d&rsquo;activit\u00e9s pour tous les \u00e2ges, notamment des d\u00e9fil\u00e9s, des ateliers, de la musique, du tir \u00e0 l&rsquo;arc, des expositions d&rsquo;oiseaux de proie et de fauconnerie.<\/p>\n<p>Un souk m\u00e9di\u00e9val, avec ses expositions d&rsquo;artisanat et de produits alimentaires, est un \u00e9l\u00e9ment central de la ville.<\/p>\n<ul>\n<li>Quand : 4 et 5 octobre<\/li>\n<li><a href=\"https:\/\/maps.app.goo.gl\/ufn5EfQdZPiDPfjt7\" data-wpel-link=\"external\" rel=\"external noopener noreferrer\"><strong>Comment s&rsquo;y rendre<\/strong><\/a><\/li>\n<\/ul>\n<h3><span class=\"ez-toc-section\" id=\"Festival_de_la_moto_%E2%80%93_Torremolinos\"><\/span>Festival de la moto &#8211; Torremolinos<span class=\"ez-toc-section-end\"><\/span><\/h3>\n<p><img loading=\"lazy\" decoding=\"async\" class=\"alignnone size-large wp-image-18122\" src=\"https:\/\/www.malagacar.com\/sp\/blog\/wp-content\/uploads\/2024\/09\/Komando-Bike-festival-1024x536.jpg\" alt=\"Bike Festival - Torremolinos\" width=\"750\" height=\"393\" \/><\/p>\n<p>Une journ\u00e9e compl\u00e8te avec de nombreuses activit\u00e9s\u00a0: balade \u00e0 moto dans les rues et le front de mer de Torremolinos, spectacle de cascades et concerts dans les ar\u00e8nes.<\/p>\n<p>Entr\u00e9e gratuite, service de bar et food trucks.<\/p>\n<ul>\n<li>Informations compl\u00e8tes sur le <a href=\"https:\/\/www.komandobikefestival.com\/\" data-wpel-link=\"external\" rel=\"external noopener noreferrer\"><strong>site officiel<\/strong><\/a><\/li>\n<li>Quand : 11 octobre<\/li>\n<li>O\u00f9 : Parc des expositions de Torremolinos<\/li>\n<li><a href=\"https:\/\/maps.app.goo.gl\/7SopEdCVytZLVH9GA\" data-wpel-link=\"external\" rel=\"external noopener noreferrer\"><strong>Comment s&rsquo;y rendre<\/strong><\/a><\/li>\n<\/ul>\n<h3><span class=\"ez-toc-section\" id=\"Concerts_Candelight_%E2%80%93_Malaga\"><\/span>Concerts Candelight &#8211; Malaga<span class=\"ez-toc-section-end\"><\/span><\/h3>\n<p><a href=\"https:\/\/www.malagacar.com\/sp\/blog\/wp-content\/uploads\/2020\/01\/IMG_20211122_083656_009.jpg\" data-wpel-link=\"internal\"><img loading=\"lazy\" decoding=\"async\" class=\"alignnone wp-image-10160\" src=\"https:\/\/www.malagacar.com\/sp\/blog\/wp-content\/uploads\/2020\/01\/IMG_20211122_083656_009-768x1024.jpg\" alt=\"\" width=\"452\" height=\"602\" \/><\/a><\/p>\n<p>Dans la salle de concert Mar\u00eda Cristina, un monast\u00e8re franciscain du XVe si\u00e8cle situ\u00e9 au c\u0153ur de Malaga, \u00e0 l&rsquo;acoustique exceptionnelle et \u00e0 la beaut\u00e9 unique.<\/p>\n<p>R\u00e9cemment, de plus en plus de lieux uniques de Malaga se sont joints \u00e0 cette exp\u00e9rience, comme le mus\u00e9e Carmen Thyssen et maintenant le Gran Hotel Miramar.<\/p>\n<p>Nous vous recommandons personnellement cette exp\u00e9rience de concerts classiques et d&rsquo;hommages \u00e0 la lumi\u00e8re des bougies.<\/p>\n<h4>Programme Octobre<\/h4>\n<p><strong>Hommage \u00e0 ABBA<\/strong> au Mus\u00e9e Carmen Thyssen, le 10 octobre<br \/>\n<strong>Tcha\u00efkovski, Casse-Noisette et bien d&rsquo;autres<\/strong> (le concert comprend plusieurs repr\u00e9sentations de ballet avec une ballerine) \u00e0 la Sala M\u00aa Cristina, le 11 octobre<br \/>\n<strong>Le meilleur d&rsquo;Ennio Morricone<\/strong> au Gran Hotel Miramar, le 12 octobre<br \/>\n<strong>Hommage \u00e0 Hans Zimmer<\/strong> au Gran Hotel Miramar, le 12 octobre<br \/>\n<strong>Hommage \u00e0 Queen<\/strong> au Mus\u00e9e Carmen Thyssen, le 18 octobre<br \/>\n<strong>Anneaux et Dragons<\/strong> au Mus\u00e9e Carmen Thyssen, le 19 octobre<br \/>\n<strong>Coldplay vs. Imagine Dragons<\/strong> au Mus\u00e9e Carmen Thyssen, le 25 octobre<br \/>\n<strong>Classiques d&rsquo;Halloween<\/strong> au Gran Hotel Miramar, le 26 octobre<\/p>\n<ul>\n<li>Billets \u00e0 <a href=\"https:\/\/feverup.com\/malaga\/candlelight?utm_content=candlelight&amp;utm_source=malagasecreta&amp;utm_medium=post&amp;utm_term=cta3\" data-wpel-link=\"external\" rel=\"external noopener noreferrer\"><strong>Feverup<\/strong><\/a><\/li>\n<li>O\u00f9 : <a href=\"https:\/\/maps.app.goo.gl\/BACwA2S7rGRWoCWWA\" data-wpel-link=\"external\" rel=\"external noopener noreferrer\"><strong>Sala de Conciertos Mar\u00eda Cristina<\/strong><\/a>, <a href=\"https:\/\/maps.app.goo.gl\/fL8iZoUwDAsAEMzL8\" data-wpel-link=\"external\" rel=\"external noopener noreferrer\"><strong>Museo Carmen Thyssen,<\/strong><\/a> <a href=\"https:\/\/maps.app.goo.gl\/72v8MZ3kaGEw7Kc17\" data-wpel-link=\"external\" rel=\"external noopener noreferrer\"><strong>Gran Hotel Miramar<\/strong><\/a>, <a href=\"https:\/\/maps.app.goo.gl\/kyQacJ5dPcu33NXZ6\" data-wpel-link=\"external\" rel=\"external noopener noreferrer\"><strong>Automobile Museum<\/strong><\/a> et <a href=\"https:\/\/www.malagacar.com\/fr\/blog\/loisirs\/jardin-botanique-historique-malaga\/\" data-wpel-link=\"internal\"><strong>Jardin Botanique historique<\/strong><\/a>, Malaga<\/li>\n<\/ul>\n<h3><span class=\"ez-toc-section\" id=\"Concerts_Candelight_%E2%80%93_Marbella\"><\/span>Concerts Candelight &#8211; Marbella<span class=\"ez-toc-section-end\"><\/span><\/h3>\n<p><img loading=\"lazy\" decoding=\"async\" class=\"size-full wp-image-14240\" src=\"https:\/\/www.malagacar.com\/sp\/blog\/wp-content\/uploads\/2022\/08\/CandleLight_VillaPadierna-Foto-Malagasecreta.jpg\" alt=\"Candlelight Conciertos Marbella\" width=\"1024\" height=\"684\" \/><\/p>\n<p>\u00c0 l&rsquo;h\u00f4tel 5 \u00e9toiles Anantara Villa Padierna Palace.<\/p>\n<h4>Programme Octobre<\/h4>\n<p><strong>Hommage \u00e0 Hans Zimmer<\/strong>, 10 octobre<br \/>\n<strong>Les Quatre Saisons de Vivaldi<\/strong>, 10 octobre<br \/>\n<strong>Hommage \u00e0 Queen<\/strong>, 19 octobre<br \/>\n<strong>Hommage \u00e0 Coldplay<\/strong>, 19 octobre<br \/>\n<strong>Hommage \u00e0 Ludovico Einaudi<\/strong>, 24 octobre<\/p>\n<ul>\n<li>Billets sur le site officiel de <a href=\"https:\/\/feverup.com\/malaga\/candlelight?utm_content=candlelight&amp;utm_source=malagasecreta&amp;utm_medium=post&amp;utm_term=cta3\" data-wpel-link=\"external\" rel=\"external noopener noreferrer\"><strong>Feverup<\/strong><\/a><\/li>\n<li><a href=\"https:\/\/maps.app.goo.gl\/eEjC7paTFxs7jW1K9\" data-wpel-link=\"external\" rel=\"external noopener noreferrer\"><strong>Comment s&rsquo;y rendre<\/strong><\/a><\/li>\n<\/ul>\n<h3><span class=\"ez-toc-section\" id=\"Rosario_Foire_%E2%80%93_Fuengirola\"><\/span>Rosario Foire &#8211; Fuengirola<span class=\"ez-toc-section-end\"><\/span><\/h3>\n<p><a href=\"https:\/\/www.malagacar.com\/sp\/blog\/wp-content\/uploads\/2017\/09\/FERIA_FUENGIROLA.jpg\" data-wpel-link=\"internal\"><img loading=\"lazy\" decoding=\"async\" class=\"alignnone wp-image-6379 size-full\" src=\"https:\/\/www.malagacar.com\/sp\/blog\/wp-content\/uploads\/2017\/09\/FERIA_FUENGIROLA.jpg\" alt=\"Feria del Rosario Fuengirola\" width=\"1023\" height=\"680\" \/><\/a><\/p>\n<p>La Foire du Rosaire, c\u00e9l\u00e9br\u00e9e en l&rsquo;honneur du saint patron de Fuengirola, est l&rsquo;une des plus c\u00e9l\u00e8bres d&rsquo;Andalousie gr\u00e2ce \u00e0 son caract\u00e8re unique, ses costumes traditionnels et, surtout, le r\u00f4le pr\u00e9pond\u00e9rant jou\u00e9 par les chevaux et les magnifiques carrosses d\u00e9cor\u00e9s.<\/p>\n<p>La foire se d\u00e9roule sur le parc des expositions du centre-ville, o\u00f9 sont \u00e9galement propos\u00e9es diverses repr\u00e9sentations artistiques. Tout au long de la semaine, une ambiance anim\u00e9e r\u00e8gne dans les rues du centre-ville.<\/p>\n<figure id=\"attachment_18125\" aria-describedby=\"caption-attachment-18125\" style=\"width: 750px\" class=\"wp-caption alignnone\"><img loading=\"lazy\" decoding=\"async\" class=\"size-large wp-image-18125\" src=\"https:\/\/www.malagacar.com\/sp\/blog\/wp-content\/uploads\/2024\/09\/Feria-fuengirola-Foto-Ayuntamiento-Fuengirola-1024x759.jpg\" alt=\"Feria Fuengirola \" width=\"750\" height=\"556\" \/><figcaption id=\"caption-attachment-18125\" class=\"wp-caption-text\">Ambiance anim\u00e9e \u00e0 la foire nocturne du parc des expositions de Fuengirola. Photo : Mairie de Fuengirola<\/figcaption><\/figure>\n<p>Le 7 octobre est la f\u00eate de la Vierge du Rosaire, patronne de la ville. La c\u00e9l\u00e9bration commence par une messe flamenco (10 h), suivie d&rsquo;une procession dans le centre-ville. Les festivit\u00e9s se poursuivent ensuite dans les pe\u00f1as (clubs) et les stands de la foire.<\/p>\n<ul>\n<li>Quand : Du 6 au 12 octobre<\/li>\n<li>O\u00f9 : Parc des expositions et centre-ville<\/li>\n<li><a href=\"https:\/\/maps.app.goo.gl\/b7qE9DfeLJmWNE4S8\" data-wpel-link=\"external\" rel=\"external noopener noreferrer\"><strong>Comment s&rsquo;y rendre<\/strong><\/a><\/li>\n<\/ul>\n<h3><span class=\"ez-toc-section\" id=\"Marbella_4_Days_walking_%E2%80%93_Marbella\"><\/span>Marbella 4 Days walking &#8211; Marbella<span class=\"ez-toc-section-end\"><\/span><\/h3>\n<p><img loading=\"lazy\" decoding=\"async\" class=\"alignnone size-full wp-image-14480\" src=\"https:\/\/www.malagacar.com\/sp\/blog\/wp-content\/uploads\/2022\/09\/marbella-4-days-walking.jpg\" alt=\"Marbella 4 D\u00edas caminando\" width=\"400\" height=\"600\" \/><\/p>\n<p>Cet automne, Marbella accueillera des randonneurs du monde entier pour sa 14e \u00e9dition. Chaque ann\u00e9e, \u00e0 la mi-octobre, se d\u00e9roule l&rsquo;\u00e9v\u00e9nement \u00ab\u00a0Marbella 4 Days Walking\u00a0\u00bb, qui rassemble des milliers de personnes pour parcourir chaque jour un parcours de 10, 20 ou 30\u00a0kilom\u00e8tres.<\/p>\n<p><iframe loading=\"lazy\" title=\"M4DW 2024\" src=\"https:\/\/www.youtube.com\/embed\/wYl-_Xioj-s\" width=\"1245\" height=\"700\" frameborder=\"0\" allowfullscreen=\"allowfullscreen\"><\/iframe><\/p>\n<p>Si vous aimez la randonn\u00e9e et r\u00eavez de journ\u00e9es ensoleill\u00e9es, de sport, de convivialit\u00e9 et de plaisir, il est encore temps de vous inscrire. Vous pouvez \u00e9galement vous inscrire pour des journ\u00e9es individuelles.<\/p>\n<p>L&rsquo;\u00e9v\u00e9nement, tr\u00e8s populaire \u00e0 l&rsquo;international, b\u00e9n\u00e9ficie d&rsquo;une excellente organisation\u00a0: point d&rsquo;eau, ambulances et toilettes sont disponibles le long des parcours, et une f\u00eate est organis\u00e9e pour tous les participants qui r\u00e9ussissent le d\u00e9fi.<\/p>\n<ul>\n<li>Quand : Du 2 au 5 octobre<\/li>\n<li>O\u00f9 : Marbella et ses environs<\/li>\n<li>Informations compl\u00e8tes et inscriptions disponibles sur le <a href=\"https:\/\/marbella4dayswalking.com\/es\/\" data-wpel-link=\"external\" rel=\"external noopener noreferrer\"><strong>site officiel<\/strong><\/a><\/li>\n<\/ul>\n<h3><span class=\"ez-toc-section\" id=\"Danse_Malaga_%E2%80%93_Malaga\"><\/span>Danse Malaga &#8211; Malaga<span class=\"ez-toc-section-end\"><\/span><\/h3>\n<p><img loading=\"lazy\" decoding=\"async\" class=\"alignnone wp-image-18128\" src=\"https:\/\/www.malagacar.com\/sp\/blog\/wp-content\/uploads\/2024\/09\/danza-malaga-1024x1024.jpg\" alt=\"Danza M\u00e1laga\" width=\"600\" height=\"600\" \/><\/p>\n<p>Danza Malaga se d\u00e9roulera d&rsquo;octobre 2025 \u00e0 janvier 2026 et proposera 12 repr\u00e9sentations au Th\u00e9\u00e2tre Cervantes de Malaga.<\/p>\n<p>Le Th\u00e9\u00e2tre Cervantes de Malaga accueillera des danseurs et des compagnies de renom tels que Nacho Duato, Eva Yerbabuena, Mar\u00eda Pag\u00e9s et Olga Pericet, pr\u00e9sentant des chor\u00e9graphies nouvelles et classiques, ainsi que des spectacles pour enfants.<\/p>\n<ul>\n<li><a href=\"https:\/\/teatrocervantes.es\/?fbclid=IwY2xjawMk48BleHRuA2FlbQIxMAABHjdKZVLWmJ1KQmgrw4cgMldd2oCkGC3vdvanDejSaeSSlVGpQOm5wxZcI1-h_aem_9KwostkICqDeL9z4qYdfhg\/ciclos-y-festivales\/danza-malaga-2025\/\" data-wpel-link=\"external\" rel=\"external noopener noreferrer\"><strong>Programme et billets<\/strong><\/a><\/li>\n<\/ul>\n<h3><span class=\"ez-toc-section\" id=\"Pleine_lune_a_Hydros_Spa_%E2%80%93_Benalmadena\"><\/span>Pleine lune \u00e0 Hydros Spa &#8211; Benalmadena<span class=\"ez-toc-section-end\"><\/span><\/h3>\n<p><img loading=\"lazy\" decoding=\"async\" class=\"alignnone size-full wp-image-15528\" src=\"https:\/\/www.malagacar.com\/sp\/blog\/wp-content\/uploads\/2023\/05\/Noche-spa-hydros.jpg\" alt=\"Hydros Spa Benalm\u00e1dena\" width=\"900\" height=\"471\" \/><\/p>\n<p>Nous incluons \u00e9galement une proposition diff\u00e9rente de l&rsquo;h\u00f4tel Holiday World de Benalm\u00e1dena : Profitez du spa pendant la nuit de la pleine lune.<\/p>\n<p>Profitez de la magie d&rsquo;une s\u00e9ance de spa nocturne de 60 minutes avec une vue spectaculaire sur la baie de Benalmadena et Fuengirola, co\u00efncidant avec la pleine lune.<\/p>\n<p>Avec une boisson de bienvenue et des fruits, des attentions particuli\u00e8res. Parfait pour un couple ou des amis.<\/p>\n<ul>\n<li><a href=\"https:\/\/pwa.holidayworld.es\/?hotel=experiencias\" data-wpel-link=\"external\" rel=\"external noopener noreferrer\"><strong> R\u00e9servations <\/strong><\/a><\/li>\n<li>Quand : 4 octobre<\/li>\n<li><a href=\"https:\/\/maps.app.goo.gl\/8SV8SuFTrbvrLTgt8\" data-wpel-link=\"external\" rel=\"external noopener noreferrer\"><strong> Comment s&rsquo;y rendre<\/strong><\/a><\/li>\n<\/ul>\n<h3><span class=\"ez-toc-section\" id=\"Brunch_Electronic_%E2%80%93_Malaga\"><\/span>Brunch Electronic \u2013 Malaga<span class=\"ez-toc-section-end\"><\/span><\/h3>\n<p><img loading=\"lazy\" decoding=\"async\" class=\"alignnone wp-image-18130\" src=\"https:\/\/www.malagacar.com\/sp\/blog\/wp-content\/uploads\/2024\/09\/Brunch-Electronic.jpg\" alt=\"Brunch Electronic \u2013 M\u00e1laga\" width=\"737\" height=\"742\" \/><\/p>\n<p>Brunch Electronic est un festival nomade en plein air proposant une programmation m\u00ealant house, techno, progressive et exp\u00e9rimentale.<\/p>\n<p>Du 10 au 12 octobre, l&rsquo;auditorium Cortijo de Torres sera l&rsquo;\u00e9picentre du premier week-end de Brunch! Electronik sur la Costa del Sol. Trois jours, trois sc\u00e8nes et une constellation d&rsquo;artistes de haut niveau tels que The Martinez Brothers, Eric Prydz, Loco Dice, Deborah de Luca, Mochakk et Enrico Sangiuliano, entre autres.<\/p>\n<p>L&rsquo;\u00e9v\u00e9nement, qui commence pendant la journ\u00e9e, comprend une piste de danse anim\u00e9e, des zones de si\u00e8ges ombrag\u00e9es avec des tables pour les boissons et des food trucks avec des options v\u00e9g\u00e9taliennes et v\u00e9g\u00e9tariennes.<\/p>\n<ul>\n<li><a href=\"https:\/\/malaga.brunchelectronik.com\/\" data-wpel-link=\"external\" rel=\"external noopener noreferrer\"><strong>Billets<\/strong><\/a><\/li>\n<li>Quand : Du 10 au 12 octobre, de 18 h \u00e0 2 h<\/li>\n<li>O\u00f9 : Auditorium Cortijo de Torres<\/li>\n<li><a href=\"https:\/\/maps.app.goo.gl\/MhK9VzrhxqpiGXFQ7\" data-wpel-link=\"external\" rel=\"external noopener noreferrer\"><strong>Comment s&rsquo;y rendre<\/strong><\/a><\/li>\n<\/ul>\n<h3><span class=\"ez-toc-section\" id=\"Festival_Manga_%E2%80%93_Estepona\"><\/span>Festival Manga &#8211; Estepona<span class=\"ez-toc-section-end\"><\/span><\/h3>\n<p><img loading=\"lazy\" decoding=\"async\" class=\"alignnone wp-image-18132\" src=\"https:\/\/www.malagacar.com\/sp\/blog\/wp-content\/uploads\/2024\/09\/festival-manga-estepona-819x1024.jpg\" alt=\"Festival Manga - Estepona\" width=\"588\" height=\"736\" \/><\/p>\n<p>Le Festival Manga de la Costa del Sol tiendra sa troisi\u00e8me \u00e9dition \u00e0 Estepona les 24, 25 et 26 octobre 2025, au Palais des Congr\u00e8s d&rsquo;Estepona.<\/p>\n<p>Plongez dans l&rsquo;univers des animes, des mangas, des jeux vid\u00e9o et de la culture japonaise. Profitez d&rsquo;invit\u00e9s sp\u00e9ciaux, de concours, d&rsquo;ateliers et, nouveaut\u00e9 cette ann\u00e9e\u00a0: un Halloween effrayant et amusant\u00a0!<\/p>\n<ul>\n<li>O\u00f9 : Palais des expositions et des congr\u00e8s d&rsquo;Estepona<\/li>\n<li>Quand : 24, 25 et 26 octobre<\/li>\n<li><a href=\"https:\/\/maps.app.goo.gl\/FtAtzazKhRPSRNvD9\" data-wpel-link=\"external\" rel=\"external noopener noreferrer\"><strong>Comment s&rsquo;y rendre<\/strong><\/a><\/li>\n<\/ul>\n<h2><span class=\"ez-toc-section\" id=\"Marches_de_rue_a_Malaga_en_octobre\"><\/span>March\u00e9s de rue \u00e0 Malaga en octobre<span class=\"ez-toc-section-end\"><\/span><\/h2>\n<h3><span class=\"ez-toc-section\" id=\"Marche_aux_fromages_%E2%80%93_Coin\"><\/span>March\u00e9 aux fromages\u00a0 &#8211; Co\u00edn<span class=\"ez-toc-section-end\"><\/span><\/h3>\n<p><img loading=\"lazy\" decoding=\"async\" class=\"alignnone wp-image-18219\" src=\"https:\/\/www.malagacar.com\/sp\/blog\/wp-content\/uploads\/2025\/09\/mercado-quesos-coin-724x1024.jpg\" alt=\"Mercado de Quesos - Co\u00edn\" width=\"499\" height=\"706\" \/><\/p>\n<p>Au cas o\u00f9 vous ne le sauriez pas, le fromage de Malaga est fabriqu\u00e9 exclusivement \u00e0 partir de lait de ch\u00e8vre, selon la m\u00e9thode traditionnelle.<\/p>\n<p>Les March\u00e9s aux Fromages de Malaga se tiennent chaque mois et proposent plus de cinquante fromages de ch\u00e8vre diff\u00e9rents.<\/p>\n<p>Cet \u00e9v\u00e9nement se tiendra au March\u00e9 Agroalimentaire Guadalhorce de Co\u00edn, de 9h \u00e0 14h30.<\/p>\n<ul>\n<li>Prochaines dates : 19 octobre &#8211; 16 novembre &#8211; 21 d\u00e9cembre<\/li>\n<li>O\u00f9 : Co\u00edn<\/li>\n<li><a href=\"https:\/\/maps.app.goo.gl\/EPpKnLXCHGaU6o799\" data-wpel-link=\"external\" rel=\"external noopener noreferrer\"><strong>Comment s&rsquo;y rendre<\/strong><\/a><\/li>\n<\/ul>\n<h3><span class=\"ez-toc-section\" id=\"Poderio_Market_%E2%80%93_Malaga\"><\/span>Poder\u00edo Market &#8211; Malaga<span class=\"ez-toc-section-end\"><\/span><\/h3>\n<p><img loading=\"lazy\" decoding=\"async\" class=\"alignnone size-large wp-image-4586\" src=\"https:\/\/www.malagacar.com\/sp\/blog\/wp-content\/uploads\/2015\/05\/Piscina-Lounge-Hotel-Molina-Lario-2-1024x718.jpg\" alt=\"Piscina Lounge Hotel Molina Lario \" width=\"750\" height=\"526\" \/><\/p>\n<p>Le March\u00e9 Poder\u00edo est un \u00e9v\u00e9nement itin\u00e9rant qui r\u00e9unit des cr\u00e9ateurs de mode, d&rsquo;accessoires, de d\u00e9coration int\u00e9rieure et d&rsquo;artisanat de haute qualit\u00e9.<\/p>\n<p>Les 18 et 19 octobre, il d\u00e9barquera \u00e0 Malaga \u00e0 l&rsquo;H\u00f4tel Molina Lario, un h\u00f4tel-boutique install\u00e9 dans un b\u00e2timent du XIXe si\u00e8cle surplombant le centre historique et le port.<\/p>\n<p>Un espace restauration et bar sera \u00e9galement disponible. Entr\u00e9e gratuite.<\/p>\n<ul>\n<li>Quand : 18 octobre (de 12 h \u00e0 22 h) et 19 octobre (de 11 h \u00e0 20 h)<\/li>\n<li>O\u00f9 : H\u00f4tel Molina Lario, Malaga<\/li>\n<li><a href=\"https:\/\/maps.app.goo.gl\/VjcHNh8Tj9jjNyC79\" data-wpel-link=\"external\" rel=\"external noopener noreferrer\"><strong>Comment s\u2019y rendre<\/strong><\/a><\/li>\n<\/ul>\n<h3><span class=\"ez-toc-section\" id=\"Marche_de_lartisanat_La_Merced_%E2%80%93_Malaga\"><\/span>March\u00e9 de l&rsquo;artisanat La Merced &#8211; Malaga<span class=\"ez-toc-section-end\"><\/span><\/h3>\n<p><img loading=\"lazy\" decoding=\"async\" class=\"alignnone size-full wp-image-9843\" src=\"https:\/\/www.malagacar.com\/sp\/blog\/wp-content\/uploads\/2020\/11\/Plaza-Merced-Foto-VisitaCostadelSol.webp\" alt=\"\" width=\"750\" height=\"430\" \/><\/p>\n<p>Chaque premier dimanche du mois, ce march\u00e9 artisanal color\u00e9 se tient au c\u0153ur de la vieille ville, sur la Plaza de la Merced.<\/p>\n<p>Une id\u00e9e id\u00e9al si vous \u00eates un citadin et que vous aimez vous promener le dimanche sous les jacarandas en fleurs, puis prendre un verre aux nombreuses terrasses et restaurants qui entourent la place.<\/p>\n<ul>\n<li>Prochaine \u00e9dition : 5 octobre<\/li>\n<li><a href=\"https:\/\/goo.gl\/maps\/w3kV85d5km7FYWFFA\" data-wpel-link=\"external\" rel=\"external noopener noreferrer\"><strong> Comment s&rsquo;y rendre<\/strong><\/a><\/li>\n<\/ul>\n<h3><span class=\"ez-toc-section\" id=\"Le_marche_des_cimetieres_anglais_%E2%80%93_Malaga\"><\/span>Le march\u00e9 des cimeti\u00e8res anglais \u2013 Malaga<span class=\"ez-toc-section-end\"><\/span><\/h3>\n<p><img loading=\"lazy\" decoding=\"async\" class=\"alignnone size-full wp-image-16454\" src=\"https:\/\/www.malagacar.com\/sp\/blog\/wp-content\/uploads\/2024\/11\/Mercadillo-del-Ingles-1024x683-1.jpg\" alt=\"Mercadillo del Ingl\u00e9s \u2013 M\u00e1laga\" width=\"1024\" height=\"683\" \/><\/p>\n<p>Un nouveau format de march\u00e9 aux puces sp\u00e9cial vient s&rsquo;ajouter \u00e0 l&rsquo;offre culturelle de la ville.<\/p>\n<p>Une fois par mois, le <a href=\"https:\/\/www.malagacar.com\/fr\/blog\/loisirs\/curieux-cimetieres-malaga\/#Cimetiere_anglais_Malaga\" data-wpel-link=\"internal\"><strong>cimeti\u00e8re anglais<\/strong><\/a> du centre-ville accueille un march\u00e9 aux puces proposant de l&rsquo;artisanat, de la d\u00e9coration vintage, des livres d&rsquo;occasion, des c\u00e9ramiques et des produits uniques. L&rsquo;\u00e9v\u00e9nement propose \u00e9galement de la musique live et des food trucks.<\/p>\n<p>Ce qui est sp\u00e9cial, c&rsquo;est l&rsquo;endroit lui-m\u00eame, un lieu embl\u00e9matique plein de charme : le cimeti\u00e8re anglais, la plus ancienne n\u00e9cropole non catholique de la p\u00e9ninsule ib\u00e9rique. En vous promenant dans le magnifique jardin, vous pourrez d\u00e9couvrir les tombes des personnalit\u00e9s internationales de l&rsquo;\u00e9poque qui y ont \u00e9t\u00e9 enterr\u00e9es.<\/p>\n<p>Entr\u00e9e gratuite.<\/p>\n<ul>\n<li>Prochaine \u00e9dition sur le <a href=\"https:\/\/cementerioinglesmalaga.org\/\" data-wpel-link=\"external\" rel=\"external noopener noreferrer\"><strong>site officiel<\/strong><\/a><\/li>\n<li><a href=\"https:\/\/maps.app.goo.gl\/ibfgQuF52hBNZoD86\" data-wpel-link=\"external\" rel=\"external noopener noreferrer\"><strong>Comment s&rsquo;y rendre<\/strong><\/a><\/li>\n<\/ul>\n<h3><span class=\"ez-toc-section\" id=\"Marches_aux_puces_et_marches_de_rue_dans_la_province\"><\/span>March\u00e9s aux puces et march\u00e9s de rue dans la province<span class=\"ez-toc-section-end\"><\/span><\/h3>\n<p><a href=\"https:\/\/www.malagacar.com\/fr\/blog\/loisirs\/marches-de-rue-malaga\/\" data-wpel-link=\"internal\"><img loading=\"lazy\" decoding=\"async\" class=\"alignnone size-full wp-image-1208\" src=\"https:\/\/www.malagacar.com\/fr\/blog\/wp-content\/uploads\/2024\/05\/mercadillos-fr.jpg\" alt=\"march\u00e9s de rue \u00e0 M\u00e1laga\" width=\"1200\" height=\"691\" srcset=\"https:\/\/www.malagacar.com\/fr\/blog\/wp-content\/uploads\/2024\/05\/mercadillos-fr.jpg 1200w, https:\/\/www.malagacar.com\/fr\/blog\/wp-content\/uploads\/2024\/05\/mercadillos-fr-300x173.jpg 300w, https:\/\/www.malagacar.com\/fr\/blog\/wp-content\/uploads\/2024\/05\/mercadillos-fr-1024x590.jpg 1024w, https:\/\/www.malagacar.com\/fr\/blog\/wp-content\/uploads\/2024\/05\/mercadillos-fr-768x442.jpg 768w\" sizes=\"auto, (max-width: 1200px) 100vw, 1200px\" \/><\/a><\/p>\n<p>Les municipalit\u00e9s de la Costa del Sol proposent un large \u00e9ventail de march\u00e9s de rue et de march\u00e9s aux puces hebdomadaires.<\/p>\n<p>On y trouve de tout : fruits et l\u00e9gumes frais, fruits secs et noix, olives et \u00e9pices, jouets, poterie et artisanat typique, v\u00eatements, chaussures, fleurs et pots, faux articles de marque et bien d&rsquo;autres choses encore.<\/p>\n<ul>\n<li>Voici tous les <a href=\"https:\/\/www.malagacar.com\/fr\/blog\/loisirs\/marches-de-rue-malaga\/\" data-wpel-link=\"internal\"><strong>March\u00e9s aux puces &amp; March\u00e9s de rue \u00e0 Malaga et sur la Costa del Sol<\/strong><\/a><\/li>\n<\/ul>\n<h2><span class=\"ez-toc-section\" id=\"Visite_des_musees_de_Malaga\"><\/span>Visite des mus\u00e9es de Malaga<span class=\"ez-toc-section-end\"><\/span><\/h2>\n<figure id=\"attachment_6633\" aria-describedby=\"caption-attachment-6633\" style=\"width: 700px\" class=\"wp-caption alignnone\"><img loading=\"lazy\" decoding=\"async\" class=\"wp-image-6633 size-full\" src=\"https:\/\/www.malagacar.com\/blog\/wp-content\/uploads\/2020\/01\/museo-picasso-vista-nocturna.jpg\" alt=\"\" width=\"700\" height=\"450\" \/><figcaption id=\"caption-attachment-6633\" class=\"wp-caption-text\">Vue nocturne du Mus\u00e9e Picasso<\/figcaption><\/figure>\n<ul>\n<li>Beaucoup de <a href=\"https:\/\/www.malagacar.com\/fr\/blog\/loisirs\/meilleurs-musees-malaga\/\" data-wpel-link=\"internal\"><strong>mus\u00e9es de M\u00e1laga<\/strong><\/a> en plus de leurs installations fixes offrent souvent des expositions temporaires.<\/li>\n<li>Emplacement de tous les <strong><a href=\"https:\/\/goo.gl\/maps\/xLvkHvv8x5NJm199A\" data-wpel-link=\"external\" rel=\"external noopener noreferrer\">Mus\u00e9es de M\u00e1laga en un coup d&rsquo;\u0153il<\/a>.<\/strong><\/li>\n<\/ul>\n<h3><span class=\"ez-toc-section\" id=\"Visites_guidees_jardin_botanique_historique_de_La_Concepcion_%E2%80%93_Malaga\"><\/span>Visites guid\u00e9es jardin botanique historique de La Concepci\u00f3n &#8211; Malaga<span class=\"ez-toc-section-end\"><\/span><\/h3>\n<p><img loading=\"lazy\" decoding=\"async\" class=\"alignnone wp-image-15201\" src=\"https:\/\/www.malagacar.com\/sp\/blog\/wp-content\/uploads\/2023\/02\/Botanico.jpg\" alt=\"Visitas guiadas en el Jard\u00edn Bot\u00e1nico Hist\u00f3rico La Concepci\u00f3n\" width=\"594\" height=\"833\" \/><\/p>\n<p>Les visites guid\u00e9es du jardin de La Concepci\u00f3n sont de retour. Profitez d&rsquo;une visite guid\u00e9e du magnifique historique <a href=\"https:\/\/www.malagacar.com\/fr\/blog\/loisirs\/jardin-botanique-historique-malaga\/\" data-wpel-link=\"internal\"><strong>jardin botanique La Concepci\u00f3n<\/strong><\/a> les week-ends, de jour comme de nuit.<\/p>\n<p>\u00ab\u00a0Promenades de charme\u00a0\u00bb auront lieu les samedis et dimanches \u00e0 midi. Les vendredis \u00e0 la tomb\u00e9e de la nuit, il y aura des \u00ab\u00a0Nuits avec l&rsquo;histoire\u00a0\u00bb (d&rsquo;octobre \u00e0 mars \u00e0 20 heures, d&rsquo;avril \u00e0 septembre \u00e0 21 heures). Les visites guid\u00e9es durent environ 1 heure et demie.<\/p>\n<ul>\n<li>Information et r\u00e9servations: <a href=\"mailto:infojbotanicomalaga@gmail.com\">infojbotanicomalaga@gmail.com<\/a> ou les t\u00e9l\u00e9phones +34 951926180 \/ +34 639914055.<\/li>\n<li><a href=\"https:\/\/maps.app.goo.gl\/yE9TdeVfEzp1q8nF7\" data-wpel-link=\"external\" rel=\"external noopener noreferrer\"><strong> Comment s&rsquo;y rendre <\/strong><\/a><\/li>\n<\/ul>\n<h3><span class=\"ez-toc-section\" id=\"Visite_de_la_Brasserie_Victoria_%E2%80%93_Malaga\"><\/span>Visite de la Brasserie Victoria &#8211; Malaga<span class=\"ez-toc-section-end\"><\/span><\/h3>\n<p><img loading=\"lazy\" decoding=\"async\" class=\"alignnone size-full wp-image-16182\" src=\"https:\/\/www.malagacar.com\/sp\/blog\/wp-content\/uploads\/2023\/10\/cerveza-victoria.jpg\" alt=\"F\u00e1brica de cerveza Victoria - M\u00e1laga\" width=\"900\" height=\"471\" \/><\/p>\n<p>Saviez-vous que Cervezas Victoria propose des visites guid\u00e9es pour d\u00e9couvrir son processus de production et son histoire ?<\/p>\n<p>Si vous aimez la bi\u00e8re, vous pourriez \u00eatre int\u00e9ress\u00e9 par la visite de cette brasserie 100% Malague\u00f1a.<\/p>\n<p>C&rsquo;est une visite de 90 minutes au cours de laquelle vous d\u00e9couvrirez de premi\u00e8re main les secrets de la bi\u00e8re Victoria \u00ab\u00a0Malague\u00f1a y exquisita\u00a0\u00bb et bien s\u00fbr, vous les go\u00fbterez !<\/p>\n<ul>\n<li>Visites guid\u00e9es disponibles en espagnol et en anglais sur <a href=\"https:\/\/visitas.cervezavictoria.es\/muslinkIII_vic_nofr\/venda\/index.jsp?lang=1&amp;nom_cache=VICTORIA&amp;property=VICTORIA#close\" target=\"_blank\" rel=\"nofollow noopener external noreferrer\" data-wpel-link=\"external\"><strong>ce lien<\/strong><\/a>.<\/li>\n<li><a href=\"https:\/\/www.cervezavictoria.es\/es\" target=\"_blank\" rel=\"nofollow noopener external noreferrer\" data-wpel-link=\"external\"><strong>Site web<\/strong><\/a><\/li>\n<li><a href=\"https:\/\/goo.gl\/maps\/xkcUqWb22oHAaqFc6\" target=\"_blank\" rel=\"nofollow noopener external noreferrer\" data-wpel-link=\"external\"><strong>Comment s&rsquo;y rendre<\/strong><\/a><\/li>\n<\/ul>\n<h3><span class=\"ez-toc-section\" id=\"Visites_nocturnes_theatralisees_musee_de_lautomobile_%E2%80%93_Malaga\"><\/span>Visites nocturnes th\u00e9\u00e2tralis\u00e9es mus\u00e9e de l&rsquo;automobile &#8211; Malaga<span class=\"ez-toc-section-end\"><\/span><\/h3>\n<p><img loading=\"lazy\" decoding=\"async\" class=\" wp-image-9447\" src=\"https:\/\/www.malagacar.com\/sp\/blog\/wp-content\/uploads\/2021\/09\/museo-automovilistico2.jpg\" alt=\"Museo Automovil\u00edstico\" width=\"925\" height=\"618\" \/><\/p>\n<p>Profitez d&rsquo;une visite nocturne th\u00e9\u00e2tralis\u00e9e au mus\u00e9e de l&rsquo;automobile et de la mode de Malaga. Les visiteurs peuvent d\u00e9couvrir l&rsquo;histoire des voitures historiques \u00e0 travers des personnages pertinents.<\/p>\n<p>Parmi ces personnages, on trouve l&rsquo;agent 007, qui renouvelle son permis de tuer, ou Amelia Earhart, la premi\u00e8re femme aviatrice \u00e0 avoir travers\u00e9 l&rsquo;Atlantique, Coco Chanel ou Salvador Dal\u00ed. La visite dure une heure et demie.<\/p>\n<ul>\n<li>Billets au <a href=\"https:\/\/historiavivamalaga.es\/visitas-teatralizadas-en-malaga\/museo-automovilistico-y-de-la-moda-en-malaga\/\" data-wpel-link=\"external\" rel=\"external noopener noreferrer\"><strong> Site web<\/strong><\/a><\/li>\n<li>Quand : Le premier vendredi de chaque mois (dans la mesure o\u00f9 le calendrier des \u00e9v\u00e9nements du mus\u00e9e le permet)<\/li>\n<li>O\u00f9 : Museo Automovil\u00edstico y de la Moda M\u00e1laga<\/li>\n<li><a href=\"https:\/\/maps.app.goo.gl\/G5hqDkF77EADCBBg8\" data-wpel-link=\"external\" rel=\"external noopener noreferrer\"><strong> Comment s&rsquo;y rendre<\/strong><\/a><\/li>\n<\/ul>\n<h2><span class=\"ez-toc-section\" id=\"Festivals_gastronomiques_a_Malaga_en_octobre\"><\/span>Festivals gastronomiques \u00e0 Malaga en octobre<span class=\"ez-toc-section-end\"><\/span><\/h2>\n<h3><span class=\"ez-toc-section\" id=\"Journee_des_Sopas_Perotas_%E2%80%93_Alora\"><\/span>Journ\u00e9e des Sopas Perotas &#8211; \u00c1lora<span class=\"ez-toc-section-end\"><\/span><\/h3>\n<p><img loading=\"lazy\" decoding=\"async\" class=\"alignnone size-full wp-image-14473\" src=\"https:\/\/www.malagacar.com\/sp\/blog\/wp-content\/uploads\/2022\/09\/sopas-perotas.jpg\" alt=\"Journ\u00e9e des Sopas Perotas \u00e0 \u00c1lora\" width=\"550\" height=\"367\" \/><\/p>\n<p>Dans le village d&rsquo;\u00c1lora, chaque ann\u00e9e, le premier samedi d&rsquo;octobre, a lieu la Journ\u00e9e des Sopas Perotas (une soupe typique de la municipalit\u00e9). Cet \u00e9v\u00e9nement gastronomique attire des milliers de visiteurs et est l&rsquo;un des jours les plus importants du calendrier gastronomique et culturel de la province de Malaga.<\/p>\n<p>Des portions de ce plat typique de la localit\u00e9 sont distribu\u00e9es gratuitement, accompagn\u00e9es d&rsquo;olives de Manzanilla d&rsquo;\u00c1lora.<\/p>\n<p>Toute la journ\u00e9e, vous pourrez \u00e9galement profiter d&rsquo;un march\u00e9 avec plus de 50 exposants de produits gastronomiques et d&rsquo;artisanat traditionnel de la r\u00e9gion. De plus, il y a une large offre d&rsquo;activit\u00e9s ludiques et culturelles : spectacles de Verdiales, Flamenco, activit\u00e9s pour les enfants, ateliers et concerts.<\/p>\n<p>Dans cette vid\u00e9o, vous pouvez voir ce qui vous attend si vous d\u00e9cidez de visiter \u00c1lora ce jour-l\u00e0.<\/p>\n<p><iframe loading=\"lazy\" title=\"XV D\u00eda De Las Sopas Perotas En \u00c1lora M\u00e1laga 2018\" src=\"https:\/\/www.youtube.com\/embed\/tz0IRB1zbdc\" width=\"640\" height=\"360\" frameborder=\"0\" allowfullscreen=\"allowfullscreen\"><\/iframe><\/p>\n<ul>\n<li>Quand : 4 octobre<\/li>\n<li>O\u00f9 : Place basse de la Desped\u00eda, \u00c1lora<\/li>\n<li><strong><a href=\"https:\/\/maps.app.goo.gl\/Xp9Eg2wMvpqCsF4k7\" data-wpel-link=\"external\" rel=\"external noopener noreferrer\">Comment s&rsquo;y rendre<\/a><\/strong><\/li>\n<\/ul>\n<h3><span class=\"ez-toc-section\" id=\"Foire_au_fromage_%E2%80%93_Teba\"><\/span>Foire au fromage &#8211; Teba<span class=\"ez-toc-section-end\"><\/span><\/h3>\n<p><img loading=\"lazy\" decoding=\"async\" class=\"\" src=\"https:\/\/www.malagacar.com\/sp\/blog\/wp-content\/uploads\/2023\/09\/feria-queso-Teba.jpg\" alt=\"feria queso Teba\" width=\"686\" height=\"695\" \/><\/p>\n<p>Un rendez-vous incontournable pour les amateurs de fromages artisanaux : Plus de 50 fromageries offrent leurs meilleurs produits au public. Un week-end pour acheter et d\u00e9guster les meilleurs fromages andalous et les appellations d&rsquo;origine les plus importantes de la p\u00e9ninsule ib\u00e9rique.<\/p>\n<p>En outre, des ateliers pour apprendre \u00e0 faire du fromage, des activit\u00e9s sp\u00e9ciales pour les enfants, des itin\u00e9raires touristiques dans la ville, de la musique et des animations. Ainsi qu&rsquo;un concours de photographie sont organis\u00e9s.<\/p>\n<ul>\n<li>Programme sur le <a href=\"https:\/\/www.feriadelquesoteba.com\/\" data-wpel-link=\"external\" rel=\"external noopener noreferrer\"><strong> site officiel <\/strong><\/a><\/li>\n<li>Quand : 4 et 5 octobre<\/li>\n<li>O\u00f9 : Teba<\/li>\n<li><a href=\"https:\/\/maps.app.goo.gl\/T4dQ5Ta9VqQ3boq69\" data-wpel-link=\"external\" rel=\"external noopener noreferrer\"><strong>Comment s&rsquo;y rendre<\/strong><\/a><\/li>\n<\/ul>\n<h3><span class=\"ez-toc-section\" id=\"Fete_de_la_chataigne_et_du_vin_%E2%80%93_Yunquera\"><\/span>F\u00eate de la ch\u00e2taigne et du vin &#8211; Yunquera<span class=\"ez-toc-section-end\"><\/span><\/h3>\n<p><img loading=\"lazy\" decoding=\"async\" class=\"alignnone size-large wp-image-18135\" src=\"https:\/\/www.malagacar.com\/sp\/blog\/wp-content\/uploads\/2024\/09\/Feria-vino-y-castana-yunquera-1024x679.jpg\" alt=\"Fiesta de la Casta\u00f1a y el Vino - Yunquera\" width=\"750\" height=\"497\" \/><\/p>\n<p>Ce village est l&rsquo;un des plus connus de la Serran\u00eda de Ronda et se consacre \u00e0 la culture de la ch\u00e2taigne. Yunquera c\u00e9l\u00e8bre la f\u00eate de la ch\u00e2taigne et du vin ou du mo\u00fbt le dernier week-end d&rsquo;octobre.<\/p>\n<p>Au c\u0153ur du parc national de la Sierra de las Nieves, ce festival a \u00e9t\u00e9 d\u00e9clar\u00e9 \u00e9v\u00e9nement touristique provincial unique et continue de se d\u00e9velopper \u00e0 chaque \u00e9dition. Il offre aux visiteurs un large \u00e9ventail d&rsquo;activit\u00e9s pour d\u00e9couvrir la culture, la gastronomie, les routes, les paysages et les traditions de Yunquera et de ses environs.<\/p>\n<p>Pendant la f\u00eate de la ch\u00e2taigne, vous pourrez d\u00e9guster ce d\u00e9licieux fruit r\u00f4ti, au sirop, bouilli, confit ou simplement cueilli directement sur l&rsquo;arbre. Accompagn\u00e9 d&rsquo;un vin \u00e9labor\u00e9 \u00e0 partir des excellents raisins cultiv\u00e9s dans la r\u00e9gion. De nombreuses activit\u00e9s parall\u00e8les sont \u00e9galement organis\u00e9es.<\/p>\n<ul>\n<li>Quand : 25 et 26 octobre<\/li>\n<li>O\u00f9 : Yunquera, Serran\u00eda de Ronda<\/li>\n<li><a href=\"https:\/\/maps.app.goo.gl\/G8Lex5sahStZdRp3A\" data-wpel-link=\"external\" rel=\"external noopener noreferrer\"><strong>Comment s&rsquo;y rendre<\/strong><\/a><\/li>\n<\/ul>\n<h2><span class=\"ez-toc-section\" id=\"Halloween_a_Malaga_%F0%9F%8E%83\"><\/span>Halloween \u00e0 Malaga \ud83c\udf83<span class=\"ez-toc-section-end\"><\/span><\/h2>\n<p><img loading=\"lazy\" decoding=\"async\" class=\"alignnone wp-image-5845 \" src=\"https:\/\/www.malagacar.com\/blog\/wp-content\/uploads\/2018\/09\/halloween-Malaga-2.jpg\" alt=\"Halloween Malaga \" width=\"1201\" height=\"650\" \/><\/p>\n<p>Pratiquement toutes les villes c\u00f4ti\u00e8res organisent une sorte de f\u00eate de l&rsquo;horreur. Tandis que dans les villages de l&rsquo;int\u00e9rieur de la province, on c\u00e9l\u00e8bre g\u00e9n\u00e9ralement les traditionnelles \u00ab tostones \u00bb (ch\u00e2taignes grill\u00e9es).<\/p>\n<ul>\n<li>D\u00e9couvrez notre \u00e9dition sp\u00e9ciale <a href=\"https:\/\/www.malagacar.com\/fr\/blog\/loisirs\/halloween-a-malaga\/\" data-wpel-link=\"internal\"><strong>Halloween \u00e0 Malaga<\/strong><\/a>.<\/li>\n<\/ul>\n<h2><span class=\"ez-toc-section\" id=\"Meteo_a_Malaga_en_octobre\"><\/span>M\u00e9t\u00e9o \u00e0 M\u00e1laga en octobre<span class=\"ez-toc-section-end\"><\/span><\/h2>\n<p>Le mois d&rsquo;octobre \u00e0 Malaga est litt\u00e9ralement un <em><strong>mois d&rsquo;or<\/strong><\/em>. Nous continuons \u00e0 b\u00e9n\u00e9ficier d&rsquo;<em><strong>excellentes temp\u00e9ratures diurnes<\/strong><\/em> d&rsquo;environ 25\u00baC, mais les nuits commencent enfin \u00e0 se rafra\u00eechir.<\/p>\n<p>N&rsquo;oubliez donc pas les v\u00eatements l\u00e9gers pour la journ\u00e9e et quelque chose de chaud (une veste l\u00e9g\u00e8re) pour le soir.<\/p>\n<p>C&rsquo;est le mois par excellence qui permet non seulement de passer d&rsquo;agr\u00e9ables <em><strong>journ\u00e9es \u00e0 la plage. <\/strong><\/em>Mais aussi de profiter de la nature.<\/p>\n<p>En raison des temp\u00e9ratures douces, elle est \u00e9galement id\u00e9ale pour les <em><strong>randonn\u00e9es<\/strong><\/em>, la <em><strong>d\u00e9couverte des villages blancs<\/strong><\/em>. Ou une <em><strong>escapade d&rsquo;un week-end<\/strong><\/em>.<\/p>\n<p>Les possibilit\u00e9s sont presque infinies, comme vous pouvez le d\u00e9couvrir dans notre <a href=\"https:\/\/www.malagacar.com\/fr\/blog\/astuces-de-voyage\/guide-costa-del-sol\/\" data-wpel-link=\"internal\"><strong>guide de la Costa del Sol<\/strong><\/a>.<\/p>\n<p><a href=\"https:\/\/www.malagacar.com\/fr\/blog\/astuces-de-voyage\/guide-costa-del-sol\/\" data-wpel-link=\"internal\"><img loading=\"lazy\" decoding=\"async\" class=\"alignnone size-full wp-image-1235\" src=\"https:\/\/www.malagacar.com\/fr\/blog\/wp-content\/uploads\/2024\/05\/costa-del-sol-guide-fr.jpg\" alt=\"costa del sol guide\" width=\"1000\" height=\"667\" srcset=\"https:\/\/www.malagacar.com\/fr\/blog\/wp-content\/uploads\/2024\/05\/costa-del-sol-guide-fr.jpg 1000w, https:\/\/www.malagacar.com\/fr\/blog\/wp-content\/uploads\/2024\/05\/costa-del-sol-guide-fr-300x200.jpg 300w, https:\/\/www.malagacar.com\/fr\/blog\/wp-content\/uploads\/2024\/05\/costa-del-sol-guide-fr-768x512.jpg 768w\" sizes=\"auto, (max-width: 1000px) 100vw, 1000px\" \/><\/a><\/p>\n\t\t\t\t\n\t\t\t\t<div id=\"search-form2\" class=\"big-quote index-mobile\">\n\t\t\t\t<form id=\"frmSearch\" name=\"frmSearch\" action=\"\/fr\/location-de-voitures\/quote.php\" method=\"post\" name=\"quote\" class=\"container-fluid\">\n\t\t\t\t\t\t\t\t\t<div class=\"row\">\n\t\t\t\t\t\t<div class=\"col-sm-6\">\n\n\t\t\t\t\t\t\t<div class=\"form-group\">\n\t\t\t\t\t\t\t\t<label for=\"entrega\"><h4>Collecte<\/h4><\/label>\n\t\t\t\t\t\t\t\t<select name=\"entrega\" id=\"entrega\" class=\"custom-select\">\n\t\t\t\t\t\t\t\t\t<option value=\"airport\"  selected>Malaga A\u00e9roport<\/option>\n\t\t\t\t\t\t\t\t\t\t\t\t\t\t\t\t<\/select>\n\t\t\t\t\t\t\t\t<div class=\"form-inline my-2\">\n\t\t\t\t\t\t\t\t\t<input id=\"pDate\" class=\"form-control\" value=\"07\/09\/2026\" name=\"pDate\" readonly onchange=\"return uppdate()\">\n\t\t\t\t\t\t\t\t\t<select class=\"custom-select\" id=\"phorasminutos\" name=\"phorasminutos\" oninvalid=\"setCustomValidity('Faites-nous conna\u00eetre votre heure d\u00b4arriv\u00e9e')\" onchange=\"setCustomValidity('');\">\n\t\t\t\t\t\t\t\t\t\t<option value=\"-\" selected>--:--<\/option>\n\t\t\t\t\t\t\t\t\t\t\t\t\t\t\t\t\t\t\t\t<option value=\"00:00\">\n\t\t\t\t\t\t\t\t\t\t\t00:00<\/option>\n\t\t\t\t\t\t\t\t\t\t<option value=\"00:15\">\n\t\t\t\t\t\t\t\t\t\t\t00:15<\/option>\n\t\t\t\t\t\t\t\t\t\t<option value=\"00:30\">\n\t\t\t\t\t\t\t\t\t\t\t00:30<\/option>\n\t\t\t\t\t\t\t\t\t\t<option value=\"00:45\">\n\t\t\t\t\t\t\t\t\t\t\t00:45<\/option>\n\t\t\t\t\t\t\t\t\t\t\t\t\t\t\t\t\t\t\t\t<option value=\"01:00\">\n\t\t\t\t\t\t\t\t\t\t\t01:00<\/option>\n\t\t\t\t\t\t\t\t\t\t<option value=\"01:15\">\n\t\t\t\t\t\t\t\t\t\t\t01:15<\/option>\n\t\t\t\t\t\t\t\t\t\t<option value=\"01:30\">\n\t\t\t\t\t\t\t\t\t\t\t01:30<\/option>\n\t\t\t\t\t\t\t\t\t\t<option value=\"01:45\">\n\t\t\t\t\t\t\t\t\t\t\t01:45<\/option>\n\t\t\t\t\t\t\t\t\t\t\t\t\t\t\t\t\t\t\t\t<option value=\"02:00\">\n\t\t\t\t\t\t\t\t\t\t\t02:00<\/option>\n\t\t\t\t\t\t\t\t\t\t<option value=\"02:15\">\n\t\t\t\t\t\t\t\t\t\t\t02:15<\/option>\n\t\t\t\t\t\t\t\t\t\t<option value=\"02:30\">\n\t\t\t\t\t\t\t\t\t\t\t02:30<\/option>\n\t\t\t\t\t\t\t\t\t\t<option value=\"02:45\">\n\t\t\t\t\t\t\t\t\t\t\t02:45<\/option>\n\t\t\t\t\t\t\t\t\t\t\t\t\t\t\t\t\t\t\t\t<option value=\"03:00\">\n\t\t\t\t\t\t\t\t\t\t\t03:00<\/option>\n\t\t\t\t\t\t\t\t\t\t<option value=\"03:15\">\n\t\t\t\t\t\t\t\t\t\t\t03:15<\/option>\n\t\t\t\t\t\t\t\t\t\t<option value=\"03:30\">\n\t\t\t\t\t\t\t\t\t\t\t03:30<\/option>\n\t\t\t\t\t\t\t\t\t\t<option value=\"03:45\">\n\t\t\t\t\t\t\t\t\t\t\t03:45<\/option>\n\t\t\t\t\t\t\t\t\t\t\t\t\t\t\t\t\t\t\t\t<option value=\"04:00\">\n\t\t\t\t\t\t\t\t\t\t\t04:00<\/option>\n\t\t\t\t\t\t\t\t\t\t<option value=\"04:15\">\n\t\t\t\t\t\t\t\t\t\t\t04:15<\/option>\n\t\t\t\t\t\t\t\t\t\t<option value=\"04:30\">\n\t\t\t\t\t\t\t\t\t\t\t04:30<\/option>\n\t\t\t\t\t\t\t\t\t\t<option value=\"04:45\">\n\t\t\t\t\t\t\t\t\t\t\t04:45<\/option>\n\t\t\t\t\t\t\t\t\t\t\t\t\t\t\t\t\t\t\t\t<option value=\"05:00\">\n\t\t\t\t\t\t\t\t\t\t\t05:00<\/option>\n\t\t\t\t\t\t\t\t\t\t<option value=\"05:15\">\n\t\t\t\t\t\t\t\t\t\t\t05:15<\/option>\n\t\t\t\t\t\t\t\t\t\t<option value=\"05:30\">\n\t\t\t\t\t\t\t\t\t\t\t05:30<\/option>\n\t\t\t\t\t\t\t\t\t\t<option value=\"05:45\">\n\t\t\t\t\t\t\t\t\t\t\t05:45<\/option>\n\t\t\t\t\t\t\t\t\t\t\t\t\t\t\t\t\t\t\t\t<option value=\"06:00\">\n\t\t\t\t\t\t\t\t\t\t\t06:00<\/option>\n\t\t\t\t\t\t\t\t\t\t<option value=\"06:15\">\n\t\t\t\t\t\t\t\t\t\t\t06:15<\/option>\n\t\t\t\t\t\t\t\t\t\t<option value=\"06:30\">\n\t\t\t\t\t\t\t\t\t\t\t06:30<\/option>\n\t\t\t\t\t\t\t\t\t\t<option value=\"06:45\">\n\t\t\t\t\t\t\t\t\t\t\t06:45<\/option>\n\t\t\t\t\t\t\t\t\t\t\t\t\t\t\t\t\t\t\t\t<option value=\"07:00\">\n\t\t\t\t\t\t\t\t\t\t\t07:00<\/option>\n\t\t\t\t\t\t\t\t\t\t<option value=\"07:15\">\n\t\t\t\t\t\t\t\t\t\t\t07:15<\/option>\n\t\t\t\t\t\t\t\t\t\t<option value=\"07:30\">\n\t\t\t\t\t\t\t\t\t\t\t07:30<\/option>\n\t\t\t\t\t\t\t\t\t\t<option value=\"07:45\">\n\t\t\t\t\t\t\t\t\t\t\t07:45<\/option>\n\t\t\t\t\t\t\t\t\t\t\t\t\t\t\t\t\t\t\t\t<option value=\"08:00\">\n\t\t\t\t\t\t\t\t\t\t\t08:00<\/option>\n\t\t\t\t\t\t\t\t\t\t<option value=\"08:15\">\n\t\t\t\t\t\t\t\t\t\t\t08:15<\/option>\n\t\t\t\t\t\t\t\t\t\t<option value=\"08:30\">\n\t\t\t\t\t\t\t\t\t\t\t08:30<\/option>\n\t\t\t\t\t\t\t\t\t\t<option value=\"08:45\">\n\t\t\t\t\t\t\t\t\t\t\t08:45<\/option>\n\t\t\t\t\t\t\t\t\t\t\t\t\t\t\t\t\t\t\t\t<option value=\"09:00\">\n\t\t\t\t\t\t\t\t\t\t\t09:00<\/option>\n\t\t\t\t\t\t\t\t\t\t<option value=\"09:15\">\n\t\t\t\t\t\t\t\t\t\t\t09:15<\/option>\n\t\t\t\t\t\t\t\t\t\t<option value=\"09:30\">\n\t\t\t\t\t\t\t\t\t\t\t09:30<\/option>\n\t\t\t\t\t\t\t\t\t\t<option value=\"09:45\">\n\t\t\t\t\t\t\t\t\t\t\t09:45<\/option>\n\t\t\t\t\t\t\t\t\t\t\t\t\t\t\t\t\t\t\t\t<option value=\"10:00\">\n\t\t\t\t\t\t\t\t\t\t\t10:00<\/option>\n\t\t\t\t\t\t\t\t\t\t<option value=\"10:15\">\n\t\t\t\t\t\t\t\t\t\t\t10:15<\/option>\n\t\t\t\t\t\t\t\t\t\t<option value=\"10:30\">\n\t\t\t\t\t\t\t\t\t\t\t10:30<\/option>\n\t\t\t\t\t\t\t\t\t\t<option value=\"10:45\">\n\t\t\t\t\t\t\t\t\t\t\t10:45<\/option>\n\t\t\t\t\t\t\t\t\t\t\t\t\t\t\t\t\t\t\t\t<option value=\"11:00\">\n\t\t\t\t\t\t\t\t\t\t\t11:00<\/option>\n\t\t\t\t\t\t\t\t\t\t<option value=\"11:15\">\n\t\t\t\t\t\t\t\t\t\t\t11:15<\/option>\n\t\t\t\t\t\t\t\t\t\t<option value=\"11:30\">\n\t\t\t\t\t\t\t\t\t\t\t11:30<\/option>\n\t\t\t\t\t\t\t\t\t\t<option value=\"11:45\">\n\t\t\t\t\t\t\t\t\t\t\t11:45<\/option>\n\t\t\t\t\t\t\t\t\t\t\t\t\t\t\t\t\t\t\t\t<option value=\"12:00\">\n\t\t\t\t\t\t\t\t\t\t\t12:00<\/option>\n\t\t\t\t\t\t\t\t\t\t<option value=\"12:15\">\n\t\t\t\t\t\t\t\t\t\t\t12:15<\/option>\n\t\t\t\t\t\t\t\t\t\t<option value=\"12:30\">\n\t\t\t\t\t\t\t\t\t\t\t12:30<\/option>\n\t\t\t\t\t\t\t\t\t\t<option value=\"12:45\">\n\t\t\t\t\t\t\t\t\t\t\t12:45<\/option>\n\t\t\t\t\t\t\t\t\t\t\t\t\t\t\t\t\t\t\t\t<option value=\"13:00\">\n\t\t\t\t\t\t\t\t\t\t\t13:00<\/option>\n\t\t\t\t\t\t\t\t\t\t<option value=\"13:15\">\n\t\t\t\t\t\t\t\t\t\t\t13:15<\/option>\n\t\t\t\t\t\t\t\t\t\t<option value=\"13:30\">\n\t\t\t\t\t\t\t\t\t\t\t13:30<\/option>\n\t\t\t\t\t\t\t\t\t\t<option value=\"13:45\">\n\t\t\t\t\t\t\t\t\t\t\t13:45<\/option>\n\t\t\t\t\t\t\t\t\t\t\t\t\t\t\t\t\t\t\t\t<option value=\"14:00\">\n\t\t\t\t\t\t\t\t\t\t\t14:00<\/option>\n\t\t\t\t\t\t\t\t\t\t<option value=\"14:15\">\n\t\t\t\t\t\t\t\t\t\t\t14:15<\/option>\n\t\t\t\t\t\t\t\t\t\t<option value=\"14:30\">\n\t\t\t\t\t\t\t\t\t\t\t14:30<\/option>\n\t\t\t\t\t\t\t\t\t\t<option value=\"14:45\">\n\t\t\t\t\t\t\t\t\t\t\t14:45<\/option>\n\t\t\t\t\t\t\t\t\t\t\t\t\t\t\t\t\t\t\t\t<option value=\"15:00\">\n\t\t\t\t\t\t\t\t\t\t\t15:00<\/option>\n\t\t\t\t\t\t\t\t\t\t<option value=\"15:15\">\n\t\t\t\t\t\t\t\t\t\t\t15:15<\/option>\n\t\t\t\t\t\t\t\t\t\t<option value=\"15:30\">\n\t\t\t\t\t\t\t\t\t\t\t15:30<\/option>\n\t\t\t\t\t\t\t\t\t\t<option value=\"15:45\">\n\t\t\t\t\t\t\t\t\t\t\t15:45<\/option>\n\t\t\t\t\t\t\t\t\t\t\t\t\t\t\t\t\t\t\t\t<option value=\"16:00\">\n\t\t\t\t\t\t\t\t\t\t\t16:00<\/option>\n\t\t\t\t\t\t\t\t\t\t<option value=\"16:15\">\n\t\t\t\t\t\t\t\t\t\t\t16:15<\/option>\n\t\t\t\t\t\t\t\t\t\t<option value=\"16:30\">\n\t\t\t\t\t\t\t\t\t\t\t16:30<\/option>\n\t\t\t\t\t\t\t\t\t\t<option value=\"16:45\">\n\t\t\t\t\t\t\t\t\t\t\t16:45<\/option>\n\t\t\t\t\t\t\t\t\t\t\t\t\t\t\t\t\t\t\t\t<option value=\"17:00\">\n\t\t\t\t\t\t\t\t\t\t\t17:00<\/option>\n\t\t\t\t\t\t\t\t\t\t<option value=\"17:15\">\n\t\t\t\t\t\t\t\t\t\t\t17:15<\/option>\n\t\t\t\t\t\t\t\t\t\t<option value=\"17:30\">\n\t\t\t\t\t\t\t\t\t\t\t17:30<\/option>\n\t\t\t\t\t\t\t\t\t\t<option value=\"17:45\">\n\t\t\t\t\t\t\t\t\t\t\t17:45<\/option>\n\t\t\t\t\t\t\t\t\t\t\t\t\t\t\t\t\t\t\t\t<option value=\"18:00\">\n\t\t\t\t\t\t\t\t\t\t\t18:00<\/option>\n\t\t\t\t\t\t\t\t\t\t<option value=\"18:15\">\n\t\t\t\t\t\t\t\t\t\t\t18:15<\/option>\n\t\t\t\t\t\t\t\t\t\t<option value=\"18:30\">\n\t\t\t\t\t\t\t\t\t\t\t18:30<\/option>\n\t\t\t\t\t\t\t\t\t\t<option value=\"18:45\">\n\t\t\t\t\t\t\t\t\t\t\t18:45<\/option>\n\t\t\t\t\t\t\t\t\t\t\t\t\t\t\t\t\t\t\t\t<option value=\"19:00\">\n\t\t\t\t\t\t\t\t\t\t\t19:00<\/option>\n\t\t\t\t\t\t\t\t\t\t<option value=\"19:15\">\n\t\t\t\t\t\t\t\t\t\t\t19:15<\/option>\n\t\t\t\t\t\t\t\t\t\t<option value=\"19:30\">\n\t\t\t\t\t\t\t\t\t\t\t19:30<\/option>\n\t\t\t\t\t\t\t\t\t\t<option value=\"19:45\">\n\t\t\t\t\t\t\t\t\t\t\t19:45<\/option>\n\t\t\t\t\t\t\t\t\t\t\t\t\t\t\t\t\t\t\t\t<option value=\"20:00\">\n\t\t\t\t\t\t\t\t\t\t\t20:00<\/option>\n\t\t\t\t\t\t\t\t\t\t<option value=\"20:15\">\n\t\t\t\t\t\t\t\t\t\t\t20:15<\/option>\n\t\t\t\t\t\t\t\t\t\t<option value=\"20:30\">\n\t\t\t\t\t\t\t\t\t\t\t20:30<\/option>\n\t\t\t\t\t\t\t\t\t\t<option value=\"20:45\">\n\t\t\t\t\t\t\t\t\t\t\t20:45<\/option>\n\t\t\t\t\t\t\t\t\t\t\t\t\t\t\t\t\t\t\t\t<option value=\"21:00\">\n\t\t\t\t\t\t\t\t\t\t\t21:00<\/option>\n\t\t\t\t\t\t\t\t\t\t<option value=\"21:15\">\n\t\t\t\t\t\t\t\t\t\t\t21:15<\/option>\n\t\t\t\t\t\t\t\t\t\t<option value=\"21:30\">\n\t\t\t\t\t\t\t\t\t\t\t21:30<\/option>\n\t\t\t\t\t\t\t\t\t\t<option value=\"21:45\">\n\t\t\t\t\t\t\t\t\t\t\t21:45<\/option>\n\t\t\t\t\t\t\t\t\t\t\t\t\t\t\t\t\t\t\t\t<option value=\"22:00\">\n\t\t\t\t\t\t\t\t\t\t\t22:00<\/option>\n\t\t\t\t\t\t\t\t\t\t<option value=\"22:15\">\n\t\t\t\t\t\t\t\t\t\t\t22:15<\/option>\n\t\t\t\t\t\t\t\t\t\t<option value=\"22:30\">\n\t\t\t\t\t\t\t\t\t\t\t22:30<\/option>\n\t\t\t\t\t\t\t\t\t\t<option value=\"22:45\">\n\t\t\t\t\t\t\t\t\t\t\t22:45<\/option>\n\t\t\t\t\t\t\t\t\t\t\t\t\t\t\t\t\t\t\t\t<option value=\"23:00\">\n\t\t\t\t\t\t\t\t\t\t\t23:00<\/option>\n\t\t\t\t\t\t\t\t\t\t<option value=\"23:15\">\n\t\t\t\t\t\t\t\t\t\t\t23:15<\/option>\n\t\t\t\t\t\t\t\t\t\t<option value=\"23:30\">\n\t\t\t\t\t\t\t\t\t\t\t23:30<\/option>\n\t\t\t\t\t\t\t\t\t\t<option value=\"23:45\">\n\t\t\t\t\t\t\t\t\t\t\t23:45<\/option>\n\t\t\t\t\t\t\t\t\t\t\t\t\t\t\t\t\t\t\t<\/select>\n\t\t\t\t\t\t\t\t<\/div>\n\t\t\t\t\t\t\t<\/div>\n\t\t\t\t\t\t<\/div>\n\t\t\t\t\t\t<div class=\"col-sm-6\">\n\t\t\t\t\t\t\t<div class=\"form-group\">\n\t\t\t\t\t\t\t\t<div id=\"bookingBox\"><\/div>\n\n\t\t\t\t\t\t\t\t<label for=\"devuelta\"><h4>D\u00e9p\u00f4t<\/h4><\/label>\n\t\t\t\t\t\t\t\t<select name=\"devuelta\" id=\"devuelta\" class=\"custom-select\">\n\t\t\t\t\t\t\t\t\t<option value=\"airport\"  selected>Malaga A\u00e9roport<\/option>\n\t\t\t\t\t\t\t\t\t\t\t\t\t\t\t\t<\/select>\n\n\t\t\t\t\t\t\t\t<div class=\"form-inline my-2\">\n\t\t\t\t\t\t\t\t\t<input id=\"dDate\" class=\"form-control\" value=\"14\/09\/2026\" name=\"dDate\" readonly>\n\t\t\t\t\t\t\t\t\t<select class=\"custom-select\" id=\"dhorasminutos\" name=\"dhorasminutos\" oninvalid=\"setCustomValidity('Faites-nous savoir votre heure de retour')\" onchange=\"setCustomValidity('')\">\n\t\t\t\t\t\t\t\t\t\t<option value=\"-\" selected>--:--<\/option>\n\t\t\t\t\t\t\t\t\t\t\t\t\t\t\t\t\t\t\t\t<option value=\"00:00\">\n\t\t\t\t\t\t\t\t\t\t\t00:00<\/option>\n\t\t\t\t\t\t\t\t\t\t<option value=\"00:15\">\n\t\t\t\t\t\t\t\t\t\t\t00:15<\/option>\n\t\t\t\t\t\t\t\t\t\t<option value=\"00:30\">\n\t\t\t\t\t\t\t\t\t\t\t00:30<\/option>\n\t\t\t\t\t\t\t\t\t\t<option value=\"00:45\">\n\t\t\t\t\t\t\t\t\t\t\t00:45<\/option>\n\t\t\t\t\t\t\t\t\t\t\t\t\t\t\t\t\t\t\t\t<option value=\"01:00\">\n\t\t\t\t\t\t\t\t\t\t\t01:00<\/option>\n\t\t\t\t\t\t\t\t\t\t<option value=\"01:15\">\n\t\t\t\t\t\t\t\t\t\t\t01:15<\/option>\n\t\t\t\t\t\t\t\t\t\t<option value=\"01:30\">\n\t\t\t\t\t\t\t\t\t\t\t01:30<\/option>\n\t\t\t\t\t\t\t\t\t\t<option value=\"01:45\">\n\t\t\t\t\t\t\t\t\t\t\t01:45<\/option>\n\t\t\t\t\t\t\t\t\t\t\t\t\t\t\t\t\t\t\t\t<option value=\"02:00\">\n\t\t\t\t\t\t\t\t\t\t\t02:00<\/option>\n\t\t\t\t\t\t\t\t\t\t<option value=\"02:15\">\n\t\t\t\t\t\t\t\t\t\t\t02:15<\/option>\n\t\t\t\t\t\t\t\t\t\t<option value=\"02:30\">\n\t\t\t\t\t\t\t\t\t\t\t02:30<\/option>\n\t\t\t\t\t\t\t\t\t\t<option value=\"02:45\">\n\t\t\t\t\t\t\t\t\t\t\t02:45<\/option>\n\t\t\t\t\t\t\t\t\t\t\t\t\t\t\t\t\t\t\t\t<option value=\"03:00\">\n\t\t\t\t\t\t\t\t\t\t\t03:00<\/option>\n\t\t\t\t\t\t\t\t\t\t<option value=\"03:15\">\n\t\t\t\t\t\t\t\t\t\t\t03:15<\/option>\n\t\t\t\t\t\t\t\t\t\t<option value=\"03:30\">\n\t\t\t\t\t\t\t\t\t\t\t03:30<\/option>\n\t\t\t\t\t\t\t\t\t\t<option value=\"03:45\">\n\t\t\t\t\t\t\t\t\t\t\t03:45<\/option>\n\t\t\t\t\t\t\t\t\t\t\t\t\t\t\t\t\t\t\t\t<option value=\"04:00\">\n\t\t\t\t\t\t\t\t\t\t\t04:00<\/option>\n\t\t\t\t\t\t\t\t\t\t<option value=\"04:15\">\n\t\t\t\t\t\t\t\t\t\t\t04:15<\/option>\n\t\t\t\t\t\t\t\t\t\t<option value=\"04:30\">\n\t\t\t\t\t\t\t\t\t\t\t04:30<\/option>\n\t\t\t\t\t\t\t\t\t\t<option value=\"04:45\">\n\t\t\t\t\t\t\t\t\t\t\t04:45<\/option>\n\t\t\t\t\t\t\t\t\t\t\t\t\t\t\t\t\t\t\t\t<option value=\"05:00\">\n\t\t\t\t\t\t\t\t\t\t\t05:00<\/option>\n\t\t\t\t\t\t\t\t\t\t<option value=\"05:15\">\n\t\t\t\t\t\t\t\t\t\t\t05:15<\/option>\n\t\t\t\t\t\t\t\t\t\t<option value=\"05:30\">\n\t\t\t\t\t\t\t\t\t\t\t05:30<\/option>\n\t\t\t\t\t\t\t\t\t\t<option value=\"05:45\">\n\t\t\t\t\t\t\t\t\t\t\t05:45<\/option>\n\t\t\t\t\t\t\t\t\t\t\t\t\t\t\t\t\t\t\t\t<option value=\"06:00\">\n\t\t\t\t\t\t\t\t\t\t\t06:00<\/option>\n\t\t\t\t\t\t\t\t\t\t<option value=\"06:15\">\n\t\t\t\t\t\t\t\t\t\t\t06:15<\/option>\n\t\t\t\t\t\t\t\t\t\t<option value=\"06:30\">\n\t\t\t\t\t\t\t\t\t\t\t06:30<\/option>\n\t\t\t\t\t\t\t\t\t\t<option value=\"06:45\">\n\t\t\t\t\t\t\t\t\t\t\t06:45<\/option>\n\t\t\t\t\t\t\t\t\t\t\t\t\t\t\t\t\t\t\t\t<option value=\"07:00\">\n\t\t\t\t\t\t\t\t\t\t\t07:00<\/option>\n\t\t\t\t\t\t\t\t\t\t<option value=\"07:15\">\n\t\t\t\t\t\t\t\t\t\t\t07:15<\/option>\n\t\t\t\t\t\t\t\t\t\t<option value=\"07:30\">\n\t\t\t\t\t\t\t\t\t\t\t07:30<\/option>\n\t\t\t\t\t\t\t\t\t\t<option value=\"07:45\">\n\t\t\t\t\t\t\t\t\t\t\t07:45<\/option>\n\t\t\t\t\t\t\t\t\t\t\t\t\t\t\t\t\t\t\t\t<option value=\"08:00\">\n\t\t\t\t\t\t\t\t\t\t\t08:00<\/option>\n\t\t\t\t\t\t\t\t\t\t<option value=\"08:15\">\n\t\t\t\t\t\t\t\t\t\t\t08:15<\/option>\n\t\t\t\t\t\t\t\t\t\t<option value=\"08:30\">\n\t\t\t\t\t\t\t\t\t\t\t08:30<\/option>\n\t\t\t\t\t\t\t\t\t\t<option value=\"08:45\">\n\t\t\t\t\t\t\t\t\t\t\t08:45<\/option>\n\t\t\t\t\t\t\t\t\t\t\t\t\t\t\t\t\t\t\t\t<option value=\"09:00\">\n\t\t\t\t\t\t\t\t\t\t\t09:00<\/option>\n\t\t\t\t\t\t\t\t\t\t<option value=\"09:15\">\n\t\t\t\t\t\t\t\t\t\t\t09:15<\/option>\n\t\t\t\t\t\t\t\t\t\t<option value=\"09:30\">\n\t\t\t\t\t\t\t\t\t\t\t09:30<\/option>\n\t\t\t\t\t\t\t\t\t\t<option value=\"09:45\">\n\t\t\t\t\t\t\t\t\t\t\t09:45<\/option>\n\t\t\t\t\t\t\t\t\t\t\t\t\t\t\t\t\t\t\t\t<option value=\"10:00\">\n\t\t\t\t\t\t\t\t\t\t\t10:00<\/option>\n\t\t\t\t\t\t\t\t\t\t<option value=\"10:15\">\n\t\t\t\t\t\t\t\t\t\t\t10:15<\/option>\n\t\t\t\t\t\t\t\t\t\t<option value=\"10:30\">\n\t\t\t\t\t\t\t\t\t\t\t10:30<\/option>\n\t\t\t\t\t\t\t\t\t\t<option value=\"10:45\">\n\t\t\t\t\t\t\t\t\t\t\t10:45<\/option>\n\t\t\t\t\t\t\t\t\t\t\t\t\t\t\t\t\t\t\t\t<option value=\"11:00\">\n\t\t\t\t\t\t\t\t\t\t\t11:00<\/option>\n\t\t\t\t\t\t\t\t\t\t<option value=\"11:15\">\n\t\t\t\t\t\t\t\t\t\t\t11:15<\/option>\n\t\t\t\t\t\t\t\t\t\t<option value=\"11:30\">\n\t\t\t\t\t\t\t\t\t\t\t11:30<\/option>\n\t\t\t\t\t\t\t\t\t\t<option value=\"11:45\">\n\t\t\t\t\t\t\t\t\t\t\t11:45<\/option>\n\t\t\t\t\t\t\t\t\t\t\t\t\t\t\t\t\t\t\t\t<option value=\"12:00\">\n\t\t\t\t\t\t\t\t\t\t\t12:00<\/option>\n\t\t\t\t\t\t\t\t\t\t<option value=\"12:15\">\n\t\t\t\t\t\t\t\t\t\t\t12:15<\/option>\n\t\t\t\t\t\t\t\t\t\t<option value=\"12:30\">\n\t\t\t\t\t\t\t\t\t\t\t12:30<\/option>\n\t\t\t\t\t\t\t\t\t\t<option value=\"12:45\">\n\t\t\t\t\t\t\t\t\t\t\t12:45<\/option>\n\t\t\t\t\t\t\t\t\t\t\t\t\t\t\t\t\t\t\t\t<option value=\"13:00\">\n\t\t\t\t\t\t\t\t\t\t\t13:00<\/option>\n\t\t\t\t\t\t\t\t\t\t<option value=\"13:15\">\n\t\t\t\t\t\t\t\t\t\t\t13:15<\/option>\n\t\t\t\t\t\t\t\t\t\t<option value=\"13:30\">\n\t\t\t\t\t\t\t\t\t\t\t13:30<\/option>\n\t\t\t\t\t\t\t\t\t\t<option value=\"13:45\">\n\t\t\t\t\t\t\t\t\t\t\t13:45<\/option>\n\t\t\t\t\t\t\t\t\t\t\t\t\t\t\t\t\t\t\t\t<option value=\"14:00\">\n\t\t\t\t\t\t\t\t\t\t\t14:00<\/option>\n\t\t\t\t\t\t\t\t\t\t<option value=\"14:15\">\n\t\t\t\t\t\t\t\t\t\t\t14:15<\/option>\n\t\t\t\t\t\t\t\t\t\t<option value=\"14:30\">\n\t\t\t\t\t\t\t\t\t\t\t14:30<\/option>\n\t\t\t\t\t\t\t\t\t\t<option value=\"14:45\">\n\t\t\t\t\t\t\t\t\t\t\t14:45<\/option>\n\t\t\t\t\t\t\t\t\t\t\t\t\t\t\t\t\t\t\t\t<option value=\"15:00\">\n\t\t\t\t\t\t\t\t\t\t\t15:00<\/option>\n\t\t\t\t\t\t\t\t\t\t<option value=\"15:15\">\n\t\t\t\t\t\t\t\t\t\t\t15:15<\/option>\n\t\t\t\t\t\t\t\t\t\t<option value=\"15:30\">\n\t\t\t\t\t\t\t\t\t\t\t15:30<\/option>\n\t\t\t\t\t\t\t\t\t\t<option value=\"15:45\">\n\t\t\t\t\t\t\t\t\t\t\t15:45<\/option>\n\t\t\t\t\t\t\t\t\t\t\t\t\t\t\t\t\t\t\t\t<option value=\"16:00\">\n\t\t\t\t\t\t\t\t\t\t\t16:00<\/option>\n\t\t\t\t\t\t\t\t\t\t<option value=\"16:15\">\n\t\t\t\t\t\t\t\t\t\t\t16:15<\/option>\n\t\t\t\t\t\t\t\t\t\t<option value=\"16:30\">\n\t\t\t\t\t\t\t\t\t\t\t16:30<\/option>\n\t\t\t\t\t\t\t\t\t\t<option value=\"16:45\">\n\t\t\t\t\t\t\t\t\t\t\t16:45<\/option>\n\t\t\t\t\t\t\t\t\t\t\t\t\t\t\t\t\t\t\t\t<option value=\"17:00\">\n\t\t\t\t\t\t\t\t\t\t\t17:00<\/option>\n\t\t\t\t\t\t\t\t\t\t<option value=\"17:15\">\n\t\t\t\t\t\t\t\t\t\t\t17:15<\/option>\n\t\t\t\t\t\t\t\t\t\t<option value=\"17:30\">\n\t\t\t\t\t\t\t\t\t\t\t17:30<\/option>\n\t\t\t\t\t\t\t\t\t\t<option value=\"17:45\">\n\t\t\t\t\t\t\t\t\t\t\t17:45<\/option>\n\t\t\t\t\t\t\t\t\t\t\t\t\t\t\t\t\t\t\t\t<option value=\"18:00\">\n\t\t\t\t\t\t\t\t\t\t\t18:00<\/option>\n\t\t\t\t\t\t\t\t\t\t<option value=\"18:15\">\n\t\t\t\t\t\t\t\t\t\t\t18:15<\/option>\n\t\t\t\t\t\t\t\t\t\t<option value=\"18:30\">\n\t\t\t\t\t\t\t\t\t\t\t18:30<\/option>\n\t\t\t\t\t\t\t\t\t\t<option value=\"18:45\">\n\t\t\t\t\t\t\t\t\t\t\t18:45<\/option>\n\t\t\t\t\t\t\t\t\t\t\t\t\t\t\t\t\t\t\t\t<option value=\"19:00\">\n\t\t\t\t\t\t\t\t\t\t\t19:00<\/option>\n\t\t\t\t\t\t\t\t\t\t<option value=\"19:15\">\n\t\t\t\t\t\t\t\t\t\t\t19:15<\/option>\n\t\t\t\t\t\t\t\t\t\t<option value=\"19:30\">\n\t\t\t\t\t\t\t\t\t\t\t19:30<\/option>\n\t\t\t\t\t\t\t\t\t\t<option value=\"19:45\">\n\t\t\t\t\t\t\t\t\t\t\t19:45<\/option>\n\t\t\t\t\t\t\t\t\t\t\t\t\t\t\t\t\t\t\t\t<option value=\"20:00\">\n\t\t\t\t\t\t\t\t\t\t\t20:00<\/option>\n\t\t\t\t\t\t\t\t\t\t<option value=\"20:15\">\n\t\t\t\t\t\t\t\t\t\t\t20:15<\/option>\n\t\t\t\t\t\t\t\t\t\t<option value=\"20:30\">\n\t\t\t\t\t\t\t\t\t\t\t20:30<\/option>\n\t\t\t\t\t\t\t\t\t\t<option value=\"20:45\">\n\t\t\t\t\t\t\t\t\t\t\t20:45<\/option>\n\t\t\t\t\t\t\t\t\t\t\t\t\t\t\t\t\t\t\t\t<option value=\"21:00\">\n\t\t\t\t\t\t\t\t\t\t\t21:00<\/option>\n\t\t\t\t\t\t\t\t\t\t<option value=\"21:15\">\n\t\t\t\t\t\t\t\t\t\t\t21:15<\/option>\n\t\t\t\t\t\t\t\t\t\t<option value=\"21:30\">\n\t\t\t\t\t\t\t\t\t\t\t21:30<\/option>\n\t\t\t\t\t\t\t\t\t\t<option value=\"21:45\">\n\t\t\t\t\t\t\t\t\t\t\t21:45<\/option>\n\t\t\t\t\t\t\t\t\t\t\t\t\t\t\t\t\t\t\t\t<option value=\"22:00\">\n\t\t\t\t\t\t\t\t\t\t\t22:00<\/option>\n\t\t\t\t\t\t\t\t\t\t<option value=\"22:15\">\n\t\t\t\t\t\t\t\t\t\t\t22:15<\/option>\n\t\t\t\t\t\t\t\t\t\t<option value=\"22:30\">\n\t\t\t\t\t\t\t\t\t\t\t22:30<\/option>\n\t\t\t\t\t\t\t\t\t\t<option value=\"22:45\">\n\t\t\t\t\t\t\t\t\t\t\t22:45<\/option>\n\t\t\t\t\t\t\t\t\t\t\t\t\t\t\t\t\t\t\t\t<option value=\"23:00\">\n\t\t\t\t\t\t\t\t\t\t\t23:00<\/option>\n\t\t\t\t\t\t\t\t\t\t<option value=\"23:15\">\n\t\t\t\t\t\t\t\t\t\t\t23:15<\/option>\n\t\t\t\t\t\t\t\t\t\t<option value=\"23:30\">\n\t\t\t\t\t\t\t\t\t\t\t23:30<\/option>\n\t\t\t\t\t\t\t\t\t\t<option value=\"23:45\">\n\t\t\t\t\t\t\t\t\t\t\t23:45<\/option>\n\t\t\t\t\t\t\t\t\t\t\t\t\t\t\t\t\t\t\t<\/select>\n\t\t\t\t\t\t\t\t<\/div>\n\t\t\t\t\t\t\t<\/div>\n\t\t\t\t\t\t<\/div>\n\n\t\t\t\t\t<\/div>\n\t\t\t\t\n\n\t\t\t\t\t\t<div class=\"row\">\n                               <div class=\"col-sm-6\">\n\t\t\t\t\t\t\t\t<div class=\"form-group promo-code\">\n\t\t\t\t\t\t\t\t\t\t\t\t\t\t\t\t\t<label for=\"tipogrupo\" class=\"w-50 text-right pr-3 pt-1\">Group<\/label>\n\t\t\t\t\t\t\t\t\t<select name=\"tipogrupo\" id=\"tipogrupo\" class=\"form-control w-50\">\n\t\t\t\t\t\t\t\t\t<option value=\"0\">Voir tous<\/option>\n\t\t\t                        <option value=\"1\">Standard<\/option> \n\t\t\t\t\t\t\t\t\t<option value=\"2\">Automatique<\/option>  \n\t\t\t\t\t\t\t\t\t<option value=\"4\">Transporteurs<\/option>  \n\t\t\t\t\t\t\t\t\t<option value=\"5\">Cabriolet et Sport<\/option>  \n\t\t\t\t\t\t\t\t\t<option value=\"6\">Prestige<\/option>  \n\t\t\t\t\t\t\t\t\t<option value=\"8\">SUV<\/option>  \n\t\t\t\t\t\t\t\t\t<option value=\"10\">Camping car et Autocaravane<\/option>  \t\t\t\t\t\t\t\n\t\t\t\t\t\t\t\t<\/select>\t\n\t\t\t\t\t\t\t\t\t\n\t\t\t\t\t\t\t<\/div>\n\t\t\t\t\t\t\t<\/div>\n\t\t\t\t\t\t<div class=\"col-sm-6 align-self-end\">\n\t\t\t\t\t\t\t<div class=\"form-group\">\n\t\t\t\t\t\t\t\t<input type=\"submit\" class=\"btn-quote\" value=\"Voir les prix\" onclick=\"return msgAlert()\">\n\t\t\t\t\t\t\t<\/div>\n\t\t\t\t\t\t<\/div>\n\t\t\t\t\t<\/div>\n\t\t\t\t<\/form>\n\t\t\t\t<div class=\"row hide-mini-tablet advantages\">\n\t\t\t\t\t\t<div class=\"col-12\">\n\t\t\t\t\t\t\t<h4 class=\"text-center text-white\">TARIFS IMBATTABLES<\/h4>\n\t\t\t\t\t\t\t<ul>\n\t\t\t\t\t\t\t\t<li><strong>Grande flotte<\/strong> de voitures neuves.<\/li>\n\t\t\t\t\t\t\t\t<li><strong>Payez \u00e0 l'arriv\u00e9e<\/strong>.<\/li>\n\t\t\t\t\t\t\t\t<li>Ce que vous voyez est ce que vous payez.<\/li>\n\t\t\t\t\t\t\t\t<li><strong>Pas difficile \u00e0 vendre au bureau<\/strong>.<\/li>\n\t\t\t\t\t\t\t\t<li>Service de livraison VIP gratuit.<\/li>\n\t\t\t\t\t\t\t\t<li><strong class='redpassion-alt'>PAS DE FRAIS SUPPL\u00c9MENTAIRES<\/strong>, pour le service de ravitaillement.<\/li>\n\t\t\t\t\t\t\t<\/ul>\n\t\t\t\t\t\t<\/div>\n\t\t\t\t\t<\/div>\n\t\t\t\t<\/div>\n\t\t\t<br clear=\"all\">\n\n","protected":false},"excerpt":{"rendered":"<p>Le mois ensoleill\u00e9 d&rsquo;octobre se pr\u00e9sente dans la province de Malaga non seulement avec d&rsquo;excellentes temp\u00e9ratures mais aussi avec de nombreuses activit\u00e9s telles que Ferias et fiestas traditionnelles, une rencontre internationale de randonneurs, beaucoup de musique et la c\u00e9l\u00e9bration particuli\u00e8re d&rsquo;Halloween \u00e0 la mani\u00e8re andalouse.<\/p>\n","protected":false},"author":1,"featured_media":422,"comment_status":"open","ping_status":"open","sticky":false,"template":"","format":"standard","meta":{"footnotes":""},"categories":[2],"tags":[5,4,22,6],"class_list":["post-107","post","type-post","status-publish","format-standard","has-post-thumbnail","hentry","category-loisirs","tag-choses-a-faire","tag-malaga","tag-octobre","tag-quoi-faire"],"yoast_head":"<!-- This site is optimized with the Yoast SEO plugin v28.4 - https:\/\/yoast.com\/product\/yoast-seo-wordpress\/ -->\n<title>Choses \u00e0 faire \u00e0 Malaga en Octobre<\/title>\n<meta name=\"description\" content=\"Malaga en octobre est un mois o\u00f9 les temp\u00e9ratures sont excellentes et o\u00f9 il y a beaucoup d&#039;activit\u00e9s pour tous les go\u00fbts.\" \/>\n<meta name=\"robots\" content=\"index, follow, max-snippet:-1, max-image-preview:large, max-video-preview:-1\" \/>\n<link rel=\"canonical\" href=\"https:\/\/www.malagacar.com\/fr\/blog\/loisirs\/choses-a-faire-a-malaga-en-octobre\/\" \/>\n<meta property=\"og:locale\" content=\"fr_FR\" \/>\n<meta property=\"og:type\" content=\"article\" \/>\n<meta property=\"og:title\" content=\"Choses \u00e0 faire \u00e0 Malaga en Octobre\" \/>\n<meta property=\"og:description\" content=\"Malaga en octobre est un mois o\u00f9 les temp\u00e9ratures sont excellentes et o\u00f9 il y a beaucoup d&#039;activit\u00e9s pour tous les go\u00fbts.\" \/>\n<meta property=\"og:url\" content=\"https:\/\/www.malagacar.com\/fr\/blog\/loisirs\/choses-a-faire-a-malaga-en-octobre\/\" \/>\n<meta property=\"og:site_name\" content=\"Blog de MalagaCar.com\" \/>\n<meta property=\"article:publisher\" content=\"https:\/\/www.facebook.com\/malagacar\" \/>\n<meta property=\"article:published_time\" content=\"2025-09-29T08:24:08+00:00\" \/>\n<meta property=\"article:modified_time\" content=\"2025-09-29T08:24:51+00:00\" \/>\n<meta property=\"og:image\" content=\"https:\/\/www.malagacar.com\/fr\/blog\/wp-content\/uploads\/2021\/09\/octobre.jpg\" \/>\n\t<meta property=\"og:image:width\" content=\"1000\" \/>\n\t<meta property=\"og:image:height\" content=\"896\" \/>\n\t<meta property=\"og:image:type\" content=\"image\/jpeg\" \/>\n<meta name=\"author\" content=\"MalagaCar.com\" \/>\n<meta name=\"twitter:card\" content=\"summary_large_image\" \/>\n<meta name=\"twitter:creator\" content=\"@malagacarcom\" \/>\n<meta name=\"twitter:site\" content=\"@malagacarcom\" \/>\n<meta name=\"twitter:label1\" content=\"\u00c9crit par\" \/>\n\t<meta name=\"twitter:data1\" content=\"MalagaCar.com\" \/>\n\t<meta name=\"twitter:label2\" content=\"Dur\u00e9e de lecture estim\u00e9e\" \/>\n\t<meta name=\"twitter:data2\" content=\"28 minutes\" \/>\n<script type=\"application\/ld+json\" class=\"yoast-schema-graph\">{\"@context\":\"https:\\\/\\\/schema.org\",\"@graph\":[{\"@type\":\"Article\",\"@id\":\"https:\\\/\\\/www.malagacar.com\\\/fr\\\/blog\\\/loisirs\\\/choses-a-faire-a-malaga-en-octobre\\\/#article\",\"isPartOf\":{\"@id\":\"https:\\\/\\\/www.malagacar.com\\\/fr\\\/blog\\\/loisirs\\\/choses-a-faire-a-malaga-en-octobre\\\/\"},\"author\":{\"name\":\"MalagaCar.com\",\"@id\":\"https:\\\/\\\/www.malagacar.com\\\/fr\\\/blog\\\/#\\\/schema\\\/person\\\/ffb97005d02bcc7d0bb59f5409635691\"},\"headline\":\"Choses \u00e0 faire \u00e0 Malaga en Octobre 2025\",\"datePublished\":\"2025-09-29T08:24:08+00:00\",\"dateModified\":\"2025-09-29T08:24:51+00:00\",\"mainEntityOfPage\":{\"@id\":\"https:\\\/\\\/www.malagacar.com\\\/fr\\\/blog\\\/loisirs\\\/choses-a-faire-a-malaga-en-octobre\\\/\"},\"wordCount\":4139,\"commentCount\":0,\"publisher\":{\"@id\":\"https:\\\/\\\/www.malagacar.com\\\/fr\\\/blog\\\/#organization\"},\"image\":{\"@id\":\"https:\\\/\\\/www.malagacar.com\\\/fr\\\/blog\\\/loisirs\\\/choses-a-faire-a-malaga-en-octobre\\\/#primaryimage\"},\"thumbnailUrl\":\"https:\\\/\\\/www.malagacar.com\\\/fr\\\/blog\\\/wp-content\\\/uploads\\\/2021\\\/09\\\/octobre.jpg\",\"keywords\":[\"choses \u00e0 faire\",\"malaga\",\"octobre\",\"quoi faire\"],\"articleSection\":[\"Loisirs\"],\"inLanguage\":\"fr-FR\",\"potentialAction\":[{\"@type\":\"CommentAction\",\"name\":\"Comment\",\"target\":[\"https:\\\/\\\/www.malagacar.com\\\/fr\\\/blog\\\/loisirs\\\/choses-a-faire-a-malaga-en-octobre\\\/#respond\"]}]},{\"@type\":\"WebPage\",\"@id\":\"https:\\\/\\\/www.malagacar.com\\\/fr\\\/blog\\\/loisirs\\\/choses-a-faire-a-malaga-en-octobre\\\/\",\"url\":\"https:\\\/\\\/www.malagacar.com\\\/fr\\\/blog\\\/loisirs\\\/choses-a-faire-a-malaga-en-octobre\\\/\",\"name\":\"Choses \u00e0 faire \u00e0 Malaga en Octobre\",\"isPartOf\":{\"@id\":\"https:\\\/\\\/www.malagacar.com\\\/fr\\\/blog\\\/#website\"},\"primaryImageOfPage\":{\"@id\":\"https:\\\/\\\/www.malagacar.com\\\/fr\\\/blog\\\/loisirs\\\/choses-a-faire-a-malaga-en-octobre\\\/#primaryimage\"},\"image\":{\"@id\":\"https:\\\/\\\/www.malagacar.com\\\/fr\\\/blog\\\/loisirs\\\/choses-a-faire-a-malaga-en-octobre\\\/#primaryimage\"},\"thumbnailUrl\":\"https:\\\/\\\/www.malagacar.com\\\/fr\\\/blog\\\/wp-content\\\/uploads\\\/2021\\\/09\\\/octobre.jpg\",\"datePublished\":\"2025-09-29T08:24:08+00:00\",\"dateModified\":\"2025-09-29T08:24:51+00:00\",\"description\":\"Malaga en octobre est un mois o\u00f9 les temp\u00e9ratures sont excellentes et o\u00f9 il y a beaucoup d'activit\u00e9s pour tous les go\u00fbts.\",\"breadcrumb\":{\"@id\":\"https:\\\/\\\/www.malagacar.com\\\/fr\\\/blog\\\/loisirs\\\/choses-a-faire-a-malaga-en-octobre\\\/#breadcrumb\"},\"inLanguage\":\"fr-FR\",\"potentialAction\":[{\"@type\":\"ReadAction\",\"target\":[\"https:\\\/\\\/www.malagacar.com\\\/fr\\\/blog\\\/loisirs\\\/choses-a-faire-a-malaga-en-octobre\\\/\"]}]},{\"@type\":\"ImageObject\",\"inLanguage\":\"fr-FR\",\"@id\":\"https:\\\/\\\/www.malagacar.com\\\/fr\\\/blog\\\/loisirs\\\/choses-a-faire-a-malaga-en-octobre\\\/#primaryimage\",\"url\":\"https:\\\/\\\/www.malagacar.com\\\/fr\\\/blog\\\/wp-content\\\/uploads\\\/2021\\\/09\\\/octobre.jpg\",\"contentUrl\":\"https:\\\/\\\/www.malagacar.com\\\/fr\\\/blog\\\/wp-content\\\/uploads\\\/2021\\\/09\\\/octobre.jpg\",\"width\":1000,\"height\":896,\"caption\":\"octobre\"},{\"@type\":\"BreadcrumbList\",\"@id\":\"https:\\\/\\\/www.malagacar.com\\\/fr\\\/blog\\\/loisirs\\\/choses-a-faire-a-malaga-en-octobre\\\/#breadcrumb\",\"itemListElement\":[{\"@type\":\"ListItem\",\"position\":1,\"name\":\"Accueil\",\"item\":\"https:\\\/\\\/www.malagacar.com\\\/fr\\\/blog\\\/\"},{\"@type\":\"ListItem\",\"position\":2,\"name\":\"Choses \u00e0 faire \u00e0 Malaga en Octobre 2025\"}]},{\"@type\":\"WebSite\",\"@id\":\"https:\\\/\\\/www.malagacar.com\\\/fr\\\/blog\\\/#website\",\"url\":\"https:\\\/\\\/www.malagacar.com\\\/fr\\\/blog\\\/\",\"name\":\"Blog de MalagaCar.com\",\"description\":\"Nouvelles et informations int\u00e9ressantes sur la location de voitures \u00e0 l&#039;a\u00e9roport de Malaga.\",\"publisher\":{\"@id\":\"https:\\\/\\\/www.malagacar.com\\\/fr\\\/blog\\\/#organization\"},\"potentialAction\":[{\"@type\":\"SearchAction\",\"target\":{\"@type\":\"EntryPoint\",\"urlTemplate\":\"https:\\\/\\\/www.malagacar.com\\\/fr\\\/blog\\\/?s={search_term_string}\"},\"query-input\":{\"@type\":\"PropertyValueSpecification\",\"valueRequired\":true,\"valueName\":\"search_term_string\"}}],\"inLanguage\":\"fr-FR\"},{\"@type\":\"Organization\",\"@id\":\"https:\\\/\\\/www.malagacar.com\\\/fr\\\/blog\\\/#organization\",\"name\":\"MalagaCar.com\",\"url\":\"https:\\\/\\\/www.malagacar.com\\\/fr\\\/blog\\\/\",\"logo\":{\"@type\":\"ImageObject\",\"inLanguage\":\"fr-FR\",\"@id\":\"https:\\\/\\\/www.malagacar.com\\\/fr\\\/blog\\\/#\\\/schema\\\/logo\\\/image\\\/\",\"url\":\"https:\\\/\\\/www.malagacar.com\\\/fr\\\/blog\\\/wp-content\\\/uploads\\\/2021\\\/06\\\/logo-malagacar-social.png\",\"contentUrl\":\"https:\\\/\\\/www.malagacar.com\\\/fr\\\/blog\\\/wp-content\\\/uploads\\\/2021\\\/06\\\/logo-malagacar-social.png\",\"width\":900,\"height\":900,\"caption\":\"MalagaCar.com\"},\"image\":{\"@id\":\"https:\\\/\\\/www.malagacar.com\\\/fr\\\/blog\\\/#\\\/schema\\\/logo\\\/image\\\/\"},\"sameAs\":[\"https:\\\/\\\/www.facebook.com\\\/malagacar\",\"https:\\\/\\\/x.com\\\/malagacarcom\",\"https:\\\/\\\/www.instagram.com\\\/malagacar\\\/\",\"https:\\\/\\\/www.linkedin.com\\\/company\\\/malagacar.com\",\"https:\\\/\\\/www.youtube.com\\\/c\\\/MalagacarAirport\"]},{\"@type\":\"Person\",\"@id\":\"https:\\\/\\\/www.malagacar.com\\\/fr\\\/blog\\\/#\\\/schema\\\/person\\\/ffb97005d02bcc7d0bb59f5409635691\",\"name\":\"MalagaCar.com\",\"image\":{\"@type\":\"ImageObject\",\"inLanguage\":\"fr-FR\",\"@id\":\"https:\\\/\\\/secure.gravatar.com\\\/avatar\\\/296ebc31026e7be05868369e4c596b3239b1582b2fcf8a45de57333e2e82bb82?s=96&d=mm&r=g\",\"url\":\"https:\\\/\\\/secure.gravatar.com\\\/avatar\\\/296ebc31026e7be05868369e4c596b3239b1582b2fcf8a45de57333e2e82bb82?s=96&d=mm&r=g\",\"contentUrl\":\"https:\\\/\\\/secure.gravatar.com\\\/avatar\\\/296ebc31026e7be05868369e4c596b3239b1582b2fcf8a45de57333e2e82bb82?s=96&d=mm&r=g\",\"caption\":\"MalagaCar.com\"},\"sameAs\":[\"https:\\\/\\\/www.malagacar.com\\\/fr\\\/blog\"]}]}<\/script>\n<!-- \/ Yoast SEO plugin. -->","yoast_head_json":{"title":"Choses \u00e0 faire \u00e0 Malaga en Octobre","description":"Malaga en octobre est un mois o\u00f9 les temp\u00e9ratures sont excellentes et o\u00f9 il y a beaucoup d'activit\u00e9s pour tous les go\u00fbts.","robots":{"index":"index","follow":"follow","max-snippet":"max-snippet:-1","max-image-preview":"max-image-preview:large","max-video-preview":"max-video-preview:-1"},"canonical":"https:\/\/www.malagacar.com\/fr\/blog\/loisirs\/choses-a-faire-a-malaga-en-octobre\/","og_locale":"fr_FR","og_type":"article","og_title":"Choses \u00e0 faire \u00e0 Malaga en Octobre","og_description":"Malaga en octobre est un mois o\u00f9 les temp\u00e9ratures sont excellentes et o\u00f9 il y a beaucoup d'activit\u00e9s pour tous les go\u00fbts.","og_url":"https:\/\/www.malagacar.com\/fr\/blog\/loisirs\/choses-a-faire-a-malaga-en-octobre\/","og_site_name":"Blog de MalagaCar.com","article_publisher":"https:\/\/www.facebook.com\/malagacar","article_published_time":"2025-09-29T08:24:08+00:00","article_modified_time":"2025-09-29T08:24:51+00:00","og_image":[{"width":1000,"height":896,"url":"https:\/\/www.malagacar.com\/fr\/blog\/wp-content\/uploads\/2021\/09\/octobre.jpg","type":"image\/jpeg"}],"author":"MalagaCar.com","twitter_card":"summary_large_image","twitter_creator":"@malagacarcom","twitter_site":"@malagacarcom","twitter_misc":{"\u00c9crit par":"MalagaCar.com","Dur\u00e9e de lecture estim\u00e9e":"28 minutes"},"schema":{"@context":"https:\/\/schema.org","@graph":[{"@type":"Article","@id":"https:\/\/www.malagacar.com\/fr\/blog\/loisirs\/choses-a-faire-a-malaga-en-octobre\/#article","isPartOf":{"@id":"https:\/\/www.malagacar.com\/fr\/blog\/loisirs\/choses-a-faire-a-malaga-en-octobre\/"},"author":{"name":"MalagaCar.com","@id":"https:\/\/www.malagacar.com\/fr\/blog\/#\/schema\/person\/ffb97005d02bcc7d0bb59f5409635691"},"headline":"Choses \u00e0 faire \u00e0 Malaga en Octobre 2025","datePublished":"2025-09-29T08:24:08+00:00","dateModified":"2025-09-29T08:24:51+00:00","mainEntityOfPage":{"@id":"https:\/\/www.malagacar.com\/fr\/blog\/loisirs\/choses-a-faire-a-malaga-en-octobre\/"},"wordCount":4139,"commentCount":0,"publisher":{"@id":"https:\/\/www.malagacar.com\/fr\/blog\/#organization"},"image":{"@id":"https:\/\/www.malagacar.com\/fr\/blog\/loisirs\/choses-a-faire-a-malaga-en-octobre\/#primaryimage"},"thumbnailUrl":"https:\/\/www.malagacar.com\/fr\/blog\/wp-content\/uploads\/2021\/09\/octobre.jpg","keywords":["choses \u00e0 faire","malaga","octobre","quoi faire"],"articleSection":["Loisirs"],"inLanguage":"fr-FR","potentialAction":[{"@type":"CommentAction","name":"Comment","target":["https:\/\/www.malagacar.com\/fr\/blog\/loisirs\/choses-a-faire-a-malaga-en-octobre\/#respond"]}]},{"@type":"WebPage","@id":"https:\/\/www.malagacar.com\/fr\/blog\/loisirs\/choses-a-faire-a-malaga-en-octobre\/","url":"https:\/\/www.malagacar.com\/fr\/blog\/loisirs\/choses-a-faire-a-malaga-en-octobre\/","name":"Choses \u00e0 faire \u00e0 Malaga en Octobre","isPartOf":{"@id":"https:\/\/www.malagacar.com\/fr\/blog\/#website"},"primaryImageOfPage":{"@id":"https:\/\/www.malagacar.com\/fr\/blog\/loisirs\/choses-a-faire-a-malaga-en-octobre\/#primaryimage"},"image":{"@id":"https:\/\/www.malagacar.com\/fr\/blog\/loisirs\/choses-a-faire-a-malaga-en-octobre\/#primaryimage"},"thumbnailUrl":"https:\/\/www.malagacar.com\/fr\/blog\/wp-content\/uploads\/2021\/09\/octobre.jpg","datePublished":"2025-09-29T08:24:08+00:00","dateModified":"2025-09-29T08:24:51+00:00","description":"Malaga en octobre est un mois o\u00f9 les temp\u00e9ratures sont excellentes et o\u00f9 il y a beaucoup d'activit\u00e9s pour tous les go\u00fbts.","breadcrumb":{"@id":"https:\/\/www.malagacar.com\/fr\/blog\/loisirs\/choses-a-faire-a-malaga-en-octobre\/#breadcrumb"},"inLanguage":"fr-FR","potentialAction":[{"@type":"ReadAction","target":["https:\/\/www.malagacar.com\/fr\/blog\/loisirs\/choses-a-faire-a-malaga-en-octobre\/"]}]},{"@type":"ImageObject","inLanguage":"fr-FR","@id":"https:\/\/www.malagacar.com\/fr\/blog\/loisirs\/choses-a-faire-a-malaga-en-octobre\/#primaryimage","url":"https:\/\/www.malagacar.com\/fr\/blog\/wp-content\/uploads\/2021\/09\/octobre.jpg","contentUrl":"https:\/\/www.malagacar.com\/fr\/blog\/wp-content\/uploads\/2021\/09\/octobre.jpg","width":1000,"height":896,"caption":"octobre"},{"@type":"BreadcrumbList","@id":"https:\/\/www.malagacar.com\/fr\/blog\/loisirs\/choses-a-faire-a-malaga-en-octobre\/#breadcrumb","itemListElement":[{"@type":"ListItem","position":1,"name":"Accueil","item":"https:\/\/www.malagacar.com\/fr\/blog\/"},{"@type":"ListItem","position":2,"name":"Choses \u00e0 faire \u00e0 Malaga en Octobre 2025"}]},{"@type":"WebSite","@id":"https:\/\/www.malagacar.com\/fr\/blog\/#website","url":"https:\/\/www.malagacar.com\/fr\/blog\/","name":"Blog de MalagaCar.com","description":"Nouvelles et informations int\u00e9ressantes sur la location de voitures \u00e0 l&#039;a\u00e9roport de Malaga.","publisher":{"@id":"https:\/\/www.malagacar.com\/fr\/blog\/#organization"},"potentialAction":[{"@type":"SearchAction","target":{"@type":"EntryPoint","urlTemplate":"https:\/\/www.malagacar.com\/fr\/blog\/?s={search_term_string}"},"query-input":{"@type":"PropertyValueSpecification","valueRequired":true,"valueName":"search_term_string"}}],"inLanguage":"fr-FR"},{"@type":"Organization","@id":"https:\/\/www.malagacar.com\/fr\/blog\/#organization","name":"MalagaCar.com","url":"https:\/\/www.malagacar.com\/fr\/blog\/","logo":{"@type":"ImageObject","inLanguage":"fr-FR","@id":"https:\/\/www.malagacar.com\/fr\/blog\/#\/schema\/logo\/image\/","url":"https:\/\/www.malagacar.com\/fr\/blog\/wp-content\/uploads\/2021\/06\/logo-malagacar-social.png","contentUrl":"https:\/\/www.malagacar.com\/fr\/blog\/wp-content\/uploads\/2021\/06\/logo-malagacar-social.png","width":900,"height":900,"caption":"MalagaCar.com"},"image":{"@id":"https:\/\/www.malagacar.com\/fr\/blog\/#\/schema\/logo\/image\/"},"sameAs":["https:\/\/www.facebook.com\/malagacar","https:\/\/x.com\/malagacarcom","https:\/\/www.instagram.com\/malagacar\/","https:\/\/www.linkedin.com\/company\/malagacar.com","https:\/\/www.youtube.com\/c\/MalagacarAirport"]},{"@type":"Person","@id":"https:\/\/www.malagacar.com\/fr\/blog\/#\/schema\/person\/ffb97005d02bcc7d0bb59f5409635691","name":"MalagaCar.com","image":{"@type":"ImageObject","inLanguage":"fr-FR","@id":"https:\/\/secure.gravatar.com\/avatar\/296ebc31026e7be05868369e4c596b3239b1582b2fcf8a45de57333e2e82bb82?s=96&d=mm&r=g","url":"https:\/\/secure.gravatar.com\/avatar\/296ebc31026e7be05868369e4c596b3239b1582b2fcf8a45de57333e2e82bb82?s=96&d=mm&r=g","contentUrl":"https:\/\/secure.gravatar.com\/avatar\/296ebc31026e7be05868369e4c596b3239b1582b2fcf8a45de57333e2e82bb82?s=96&d=mm&r=g","caption":"MalagaCar.com"},"sameAs":["https:\/\/www.malagacar.com\/fr\/blog"]}]}},"_links":{"self":[{"href":"https:\/\/www.malagacar.com\/fr\/blog\/wp-json\/wp\/v2\/posts\/107","targetHints":{"allow":["GET"]}}],"collection":[{"href":"https:\/\/www.malagacar.com\/fr\/blog\/wp-json\/wp\/v2\/posts"}],"about":[{"href":"https:\/\/www.malagacar.com\/fr\/blog\/wp-json\/wp\/v2\/types\/post"}],"author":[{"embeddable":true,"href":"https:\/\/www.malagacar.com\/fr\/blog\/wp-json\/wp\/v2\/users\/1"}],"replies":[{"embeddable":true,"href":"https:\/\/www.malagacar.com\/fr\/blog\/wp-json\/wp\/v2\/comments?post=107"}],"version-history":[{"count":46,"href":"https:\/\/www.malagacar.com\/fr\/blog\/wp-json\/wp\/v2\/posts\/107\/revisions"}],"predecessor-version":[{"id":2848,"href":"https:\/\/www.malagacar.com\/fr\/blog\/wp-json\/wp\/v2\/posts\/107\/revisions\/2848"}],"wp:featuredmedia":[{"embeddable":true,"href":"https:\/\/www.malagacar.com\/fr\/blog\/wp-json\/wp\/v2\/media\/422"}],"wp:attachment":[{"href":"https:\/\/www.malagacar.com\/fr\/blog\/wp-json\/wp\/v2\/media?parent=107"}],"wp:term":[{"taxonomy":"category","embeddable":true,"href":"https:\/\/www.malagacar.com\/fr\/blog\/wp-json\/wp\/v2\/categories?post=107"},{"taxonomy":"post_tag","embeddable":true,"href":"https:\/\/www.malagacar.com\/fr\/blog\/wp-json\/wp\/v2\/tags?post=107"}],"curies":[{"name":"wp","href":"https:\/\/api.w.org\/{rel}","templated":true}]}}