{"id":1234,"date":"2026-08-24T10:16:57","date_gmt":"2026-08-24T08:16:57","guid":{"rendered":"https:\/\/www.malagacar.com\/fr\/blog\/?p=1234"},"modified":"2026-08-27T12:02:21","modified_gmt":"2026-08-27T10:02:21","slug":"guide-costa-del-sol","status":"publish","type":"post","link":"https:\/\/www.malagacar.com\/fr\/blog\/astuces-de-voyage\/guide-costa-del-sol\/","title":{"rendered":"Le guide ultime de la Costa del Sol"},"content":{"rendered":"<p>Que vous recherchiez le soleil et les plaisirs de la plage, que vous aimiez les escapades en ville \u00e0 Malaga, que vous d\u00e9couvriez les beaux coins de la province, que vous aimiez les sports d&rsquo;aventure&#8230; C&rsquo;est tout cela et bien plus encore que nous avons pr\u00e9par\u00e9 pour vous dans <em><strong>votre d\u00e9finitif guide de la Costa del So<\/strong><strong>l<\/strong><\/em>.<\/p>\n<p>Chez <a href=\"https:\/\/www.malagacar.com\/fr\/\" data-wpel-link=\"internal\"><strong>MalagaCar.com<\/strong><\/a>, nous sommes fiers de pouvoir offrir l&rsquo;<em><strong>un des guides les plus complets de la Costa del Sol<\/strong><\/em>.<\/p>\n<p>Nous ajoutons chaque semaine \u00e0 notre vaste biblioth\u00e8que de <em><strong>nouveaux articles d&rsquo;int\u00e9r\u00eat<\/strong><\/em> pour profiter au maximum de votre s\u00e9jour sur la Costa del Sol, avec un large \u00e9ventail d&rsquo;id\u00e9es, de suggestions et de propositions.<\/p>\n<p>Commencez \u00e0 planifier votre visite \u00e0 Malaga avec nous et n&rsquo;oubliez pas de louer une voiture. La plupart des activit\u00e9s peuvent n\u00e9cessiter votre propre moyen de transport.<\/p>\n<p><!--more--><\/p>\n\n            <div class=\"banner\">\n                <div class=\"row\">\n                    <div class=\"col-sm-4\">\n                        <a href=\"\/fr\/location-de-voitures\/quote.php\" data-wpel-link=\"internal\"><img decoding=\"async\" src=\"\/images\/banner-img.jpg\" alt=\"malagacar.com\"><\/a>\n                    <\/div>\n                    <div class=\"col-sm-8\">\n                      <a href=\"\/fr\/location-de-voitures\/quote.php\" class=\"banner-title\" data-wpel-link=\"internal\">Meilleure location de voitures <div>\u00e0 l'a\u00e9roport de Malaga<\/div><\/a>   \n                        <div class=\"row\">\n                            <div class=\"col-sm-7\">\n                                <ul>\n                                    <li>Pas de frais de ravitaillement<\/li>\n                                    <li>Annulation gratuite<\/li>\n                                    <li>Location sans interm\u00e9diaire<\/li>\n                                    <li>Payez lorsque vous prenez la voiture<\/li>\n                                    <li><\/li>\n                                <\/ul>\n                            <\/div>\n                            <div class=\"col-sm-5\">\n                                <a class=\"btn-banner\" href=\"\/fr\/location-de-voitures\/quote.php\" data-wpel-link=\"internal\">Consultez les prix<\/a>\n                                <img decoding=\"async\" class=\"zonturent\" src=\"\/images\/zontu-banner.png\" alt=\"\">\n                            <\/div>\n                        <\/div>\n                    <\/div>\n                 <\/div>  \n            <\/div>\n            \n<div id=\"ez-toc-container\" class=\"ez-toc-v2_0_87 counter-hierarchy ez-toc-counter ez-toc-light-blue ez-toc-container-direction\">\n<p class=\"ez-toc-title\" style=\"cursor:inherit\">Table des mati\u00e8res<\/p>\n<label for=\"ez-toc-cssicon-toggle-item-6a9a2e05a36c4\" class=\"ez-toc-cssicon-toggle-label\"><span class=\"\"><span class=\"eztoc-hide\" style=\"display:none;\">Toggle<\/span><span class=\"ez-toc-icon-toggle-span\"><svg style=\"fill: #999;color:#999\" xmlns=\"http:\/\/www.w3.org\/2000\/svg\" class=\"list-377408\" width=\"20px\" height=\"20px\" viewBox=\"0 0 24 24\" fill=\"none\"><path d=\"M6 6H4v2h2V6zm14 0H8v2h12V6zM4 11h2v2H4v-2zm16 0H8v2h12v-2zM4 16h2v2H4v-2zm16 0H8v2h12v-2z\" fill=\"currentColor\"><\/path><\/svg><svg style=\"fill: #999;color:#999\" class=\"arrow-unsorted-368013\" xmlns=\"http:\/\/www.w3.org\/2000\/svg\" width=\"10px\" height=\"10px\" viewBox=\"0 0 24 24\" version=\"1.2\" baseProfile=\"tiny\"><path d=\"M18.2 9.3l-6.2-6.3-6.2 6.3c-.2.2-.3.4-.3.7s.1.5.3.7c.2.2.4.3.7.3h11c.3 0 .5-.1.7-.3.2-.2.3-.5.3-.7s-.1-.5-.3-.7zM5.8 14.7l6.2 6.3 6.2-6.3c.2-.2.3-.5.3-.7s-.1-.5-.3-.7c-.2-.2-.4-.3-.7-.3h-11c-.3 0-.5.1-.7.3-.2.2-.3.5-.3.7s.1.5.3.7z\"\/><\/svg><\/span><\/span><\/label><input type=\"checkbox\"  id=\"ez-toc-cssicon-toggle-item-6a9a2e05a36c4\"  aria-label=\"Toggle\" \/><nav><ul class='ez-toc-list ez-toc-list-level-1 ' ><li class='ez-toc-page-1 ez-toc-heading-level-2'><a class=\"ez-toc-link ez-toc-heading-1\" href=\"https:\/\/www.malagacar.com\/fr\/blog\/astuces-de-voyage\/guide-costa-del-sol\/#Clubs_et_bars_de_plage\" data-wpel-link=\"internal\">Clubs et bars de plage<\/a><ul class='ez-toc-list-level-3' ><li class='ez-toc-heading-level-3'><a class=\"ez-toc-link ez-toc-heading-2\" href=\"https:\/\/www.malagacar.com\/fr\/blog\/astuces-de-voyage\/guide-costa-del-sol\/#Les_50_meilleurs_bars_de_plage_de_la_Costa_del_Sol\" data-wpel-link=\"internal\">Les 50 meilleurs bars de plage de la Costa del Sol<\/a><\/li><li class='ez-toc-page-1 ez-toc-heading-level-3'><a class=\"ez-toc-link ez-toc-heading-3\" href=\"https:\/\/www.malagacar.com\/fr\/blog\/astuces-de-voyage\/guide-costa-del-sol\/#Meilleurs_clubs_de_plage_a_Marbella\" data-wpel-link=\"internal\">Meilleurs clubs de plage \u00e0 Marbella<\/a><\/li><li class='ez-toc-page-1 ez-toc-heading-level-3'><a class=\"ez-toc-link ez-toc-heading-4\" href=\"https:\/\/www.malagacar.com\/fr\/blog\/astuces-de-voyage\/guide-costa-del-sol\/#Les_meilleurs_clubs_de_plage_de_la_Costa_del_Sol\" data-wpel-link=\"internal\">Les meilleurs clubs de plage de la Costa del Sol<\/a><\/li><\/ul><\/li><li class='ez-toc-page-1 ez-toc-heading-level-2'><a class=\"ez-toc-link ez-toc-heading-5\" href=\"https:\/\/www.malagacar.com\/fr\/blog\/astuces-de-voyage\/guide-costa-del-sol\/#Plages\" data-wpel-link=\"internal\">Plages<\/a><ul class='ez-toc-list-level-3' ><li class='ez-toc-heading-level-3'><a class=\"ez-toc-link ez-toc-heading-6\" href=\"https:\/\/www.malagacar.com\/fr\/blog\/astuces-de-voyage\/guide-costa-del-sol\/#Les_meilleures_plages_de_la_Costa_del_Sol_occidentale\" data-wpel-link=\"internal\">Les meilleures plages de la Costa del Sol occidentale<\/a><\/li><li class='ez-toc-page-1 ez-toc-heading-level-3'><a class=\"ez-toc-link ez-toc-heading-7\" href=\"https:\/\/www.malagacar.com\/fr\/blog\/astuces-de-voyage\/guide-costa-del-sol\/#Les_meilleures_plages_de_la_Costa_del_Sol_orientale\" data-wpel-link=\"internal\">Les meilleures plages de la Costa del Sol orientale<\/a><\/li><li class='ez-toc-page-1 ez-toc-heading-level-3'><a class=\"ez-toc-link ez-toc-heading-8\" href=\"https:\/\/www.malagacar.com\/fr\/blog\/astuces-de-voyage\/guide-costa-del-sol\/#Les_11_criques_cachees_les_plus_spectaculaires_de_la_Costa_del_Sol\" data-wpel-link=\"internal\">Les 11 criques cach\u00e9es les plus spectaculaires de la Costa del Sol<\/a><\/li><li class='ez-toc-page-1 ez-toc-heading-level-3'><a class=\"ez-toc-link ez-toc-heading-9\" href=\"https:\/\/www.malagacar.com\/fr\/blog\/astuces-de-voyage\/guide-costa-del-sol\/#Plages_de_la_Costa_del_Sol_arborant_le_Pavillon_bleu\" data-wpel-link=\"internal\">Plages de la Costa del Sol arborant le Pavillon bleu<\/a><\/li><li class='ez-toc-page-1 ez-toc-heading-level-3'><a class=\"ez-toc-link ez-toc-heading-10\" href=\"https:\/\/www.malagacar.com\/fr\/blog\/astuces-de-voyage\/guide-costa-del-sol\/#Les_meilleures_plages_nudistes_de_Malaga\" data-wpel-link=\"internal\">Les meilleures plages nudistes de Malaga<\/a><\/li><li class='ez-toc-page-1 ez-toc-heading-level-3'><a class=\"ez-toc-link ez-toc-heading-11\" href=\"https:\/\/www.malagacar.com\/fr\/blog\/astuces-de-voyage\/guide-costa-del-sol\/#Plages_pour_chiens_a_Malaga\" data-wpel-link=\"internal\">Plages pour chiens \u00e0 Malaga<\/a><\/li><\/ul><\/li><li class='ez-toc-page-1 ez-toc-heading-level-2'><a class=\"ez-toc-link ez-toc-heading-12\" href=\"https:\/\/www.malagacar.com\/fr\/blog\/astuces-de-voyage\/guide-costa-del-sol\/#Hotels\" data-wpel-link=\"internal\">H\u00f4tels<\/a><ul class='ez-toc-list-level-3' ><li class='ez-toc-heading-level-3'><a class=\"ez-toc-link ez-toc-heading-13\" href=\"https:\/\/www.malagacar.com\/fr\/blog\/astuces-de-voyage\/guide-costa-del-sol\/#Hotels_5_etoiles_a_Marbella\" data-wpel-link=\"internal\">H\u00f4tels 5 \u00e9toiles \u00e0 Marbella<\/a><\/li><li class='ez-toc-page-1 ez-toc-heading-level-3'><a class=\"ez-toc-link ez-toc-heading-14\" href=\"https:\/\/www.malagacar.com\/fr\/blog\/astuces-de-voyage\/guide-costa-del-sol\/#Hotels_reserves_aux_adultes_sur_la_Costa_del_Sol\" data-wpel-link=\"internal\">H\u00f4tels r\u00e9serv\u00e9s aux adultes sur la Costa del Sol<\/a><\/li><li class='ez-toc-page-1 ez-toc-heading-level-3'><a class=\"ez-toc-link ez-toc-heading-15\" href=\"https:\/\/www.malagacar.com\/fr\/blog\/astuces-de-voyage\/guide-costa-del-sol\/#Les_meilleurs_hotels_familiaux_de_la_Costa_del_Sol\" data-wpel-link=\"internal\">Les meilleurs h\u00f4tels familiaux de la Costa del Sol<\/a><\/li><li class='ez-toc-page-1 ez-toc-heading-level-3'><a class=\"ez-toc-link ez-toc-heading-16\" href=\"https:\/\/www.malagacar.com\/fr\/blog\/astuces-de-voyage\/guide-costa-del-sol\/#Les_meilleurs_hotels_de_charme_du_centre_de_Malaga\" data-wpel-link=\"internal\">Les meilleurs h\u00f4tels de charme du centre de Malaga<\/a><\/li><li class='ez-toc-page-1 ez-toc-heading-level-3'><a class=\"ez-toc-link ez-toc-heading-17\" href=\"https:\/\/www.malagacar.com\/fr\/blog\/astuces-de-voyage\/guide-costa-del-sol\/#Hotels_Halal_Friendly_a_Malaga\" data-wpel-link=\"internal\">H\u00f4tels Halal Friendly \u00e0 Malaga<\/a><\/li><\/ul><\/li><li class='ez-toc-page-1 ez-toc-heading-level-2'><a class=\"ez-toc-link ez-toc-heading-18\" href=\"https:\/\/www.malagacar.com\/fr\/blog\/astuces-de-voyage\/guide-costa-del-sol\/#Festivals_et_concerts\" data-wpel-link=\"internal\">Festivals et concerts<\/a><ul class='ez-toc-list-level-3' ><li class='ez-toc-heading-level-3'><a class=\"ez-toc-link ez-toc-heading-19\" href=\"https:\/\/www.malagacar.com\/fr\/blog\/astuces-de-voyage\/guide-costa-del-sol\/#Festivals_de_musique_de_la_Costa_del_Sol\" data-wpel-link=\"internal\">Festivals de musique de la Costa del Sol<\/a><\/li><li class='ez-toc-page-1 ez-toc-heading-level-3'><a class=\"ez-toc-link ez-toc-heading-20\" href=\"https:\/\/www.malagacar.com\/fr\/blog\/astuces-de-voyage\/guide-costa-del-sol\/#Concerts_Marenostrum_Fuengirola\" data-wpel-link=\"internal\">Concerts Marenostrum Fuengirola<\/a><\/li><li class='ez-toc-page-1 ez-toc-heading-level-3'><a class=\"ez-toc-link ez-toc-heading-21\" href=\"https:\/\/www.malagacar.com\/fr\/blog\/astuces-de-voyage\/guide-costa-del-sol\/#Starlite_Marbella_%E2%80%93_Le_meilleur_festival_de_boutiques\" data-wpel-link=\"internal\">Starlite Marbella &#8211; Le meilleur festival de boutiques<\/a><\/li><\/ul><\/li><li class='ez-toc-page-1 ez-toc-heading-level-2'><a class=\"ez-toc-link ez-toc-heading-22\" href=\"https:\/\/www.malagacar.com\/fr\/blog\/astuces-de-voyage\/guide-costa-del-sol\/#Achats\" data-wpel-link=\"internal\">Achats<\/a><ul class='ez-toc-list-level-3' ><li class='ez-toc-heading-level-3'><a class=\"ez-toc-link ez-toc-heading-23\" href=\"https:\/\/www.malagacar.com\/fr\/blog\/astuces-de-voyage\/guide-costa-del-sol\/#Plaza_Mayor_%E2%80%93_Centre_commercial_a_proximite_de_laeroport_de_Malaga\" data-wpel-link=\"internal\">Plaza Mayor &#8211; Centre commercial \u00e0 proximit\u00e9 de l&rsquo;a\u00e9roport de Malaga<\/a><\/li><li class='ez-toc-page-1 ez-toc-heading-level-3'><a class=\"ez-toc-link ez-toc-heading-24\" href=\"https:\/\/www.malagacar.com\/fr\/blog\/astuces-de-voyage\/guide-costa-del-sol\/#Centres_commerciaux_a_Malaga_Heures_douverture_et_jours_feries_2026\" data-wpel-link=\"internal\">Centres commerciaux \u00e0 Malaga : Heures d&rsquo;ouverture et jours f\u00e9ri\u00e9s 2026<\/a><\/li><li class='ez-toc-page-1 ez-toc-heading-level-3'><a class=\"ez-toc-link ez-toc-heading-25\" href=\"https:\/\/www.malagacar.com\/fr\/blog\/astuces-de-voyage\/guide-costa-del-sol\/#Marches_aux_puces_et_marches_de_rue_a_Malaga_et_sur_la_Costa_del_Sol\" data-wpel-link=\"internal\">March\u00e9s aux puces et march\u00e9s de rue \u00e0 Malaga et sur la Costa del Sol<\/a><\/li><\/ul><\/li><li class='ez-toc-page-1 ez-toc-heading-level-2'><a class=\"ez-toc-link ez-toc-heading-26\" href=\"https:\/\/www.malagacar.com\/fr\/blog\/astuces-de-voyage\/guide-costa-del-sol\/#Gastronomie_a_Malaga\" data-wpel-link=\"internal\">Gastronomie \u00e0 Malaga<\/a><ul class='ez-toc-list-level-3' ><li class='ez-toc-heading-level-3'><a class=\"ez-toc-link ez-toc-heading-27\" href=\"https:\/\/www.malagacar.com\/fr\/blog\/astuces-de-voyage\/guide-costa-del-sol\/#Itineraire_des_plats_typiques_de_Malaga_Careme_Paques\" data-wpel-link=\"internal\">Itin\u00e9raire des plats typiques de Malaga Car\u00eame &amp; P\u00e2ques<\/a><\/li><li class='ez-toc-page-1 ez-toc-heading-level-3'><a class=\"ez-toc-link ez-toc-heading-28\" href=\"https:\/\/www.malagacar.com\/fr\/blog\/astuces-de-voyage\/guide-costa-del-sol\/#Musees_de_Malaga_pour_evenements_prives\" data-wpel-link=\"internal\">Mus\u00e9es de Malaga pour \u00e9v\u00e9nements priv\u00e9s<\/a><\/li><li class='ez-toc-page-1 ez-toc-heading-level-3'><a class=\"ez-toc-link ez-toc-heading-29\" href=\"https:\/\/www.malagacar.com\/fr\/blog\/astuces-de-voyage\/guide-costa-del-sol\/#Decouvrez_les_Restaurants_Musees_a_Malaga\" data-wpel-link=\"internal\">D\u00e9couvrez les Restaurants Mus\u00e9es \u00e0 Malaga<\/a><\/li><li class='ez-toc-page-1 ez-toc-heading-level-3'><a class=\"ez-toc-link ez-toc-heading-30\" href=\"https:\/\/www.malagacar.com\/fr\/blog\/astuces-de-voyage\/guide-costa-del-sol\/#Lart_de_savourer_le_cafe_a_Malaga\" data-wpel-link=\"internal\">L&rsquo;art de savourer le caf\u00e9 \u00e0 Malaga<\/a><\/li><li class='ez-toc-page-1 ez-toc-heading-level-3'><a class=\"ez-toc-link ez-toc-heading-31\" href=\"https:\/\/www.malagacar.com\/fr\/blog\/astuces-de-voyage\/guide-costa-del-sol\/#Les_meilleurs_restaurants_sans_gluten_a_Malaga\" data-wpel-link=\"internal\">Les meilleurs restaurants sans gluten \u00e0 Malaga<\/a><\/li><li class='ez-toc-page-1 ez-toc-heading-level-3'><a class=\"ez-toc-link ez-toc-heading-32\" href=\"https:\/\/www.malagacar.com\/fr\/blog\/astuces-de-voyage\/guide-costa-del-sol\/#Fetes_gastronomiques_a_Malaga_en_aout\" data-wpel-link=\"internal\">F\u00eates gastronomiques \u00e0 Malaga en ao\u00fbt<\/a><\/li><li class='ez-toc-page-1 ez-toc-heading-level-3'><a class=\"ez-toc-link ez-toc-heading-33\" href=\"https:\/\/www.malagacar.com\/fr\/blog\/astuces-de-voyage\/guide-costa-del-sol\/#Tomate_Huevo_de_Toro_la_plus_chere_dEspagne\" data-wpel-link=\"internal\">Tomate Huevo de Toro, la plus ch\u00e8re d&rsquo;Espagne<\/a><\/li><li class='ez-toc-page-1 ez-toc-heading-level-3'><a class=\"ez-toc-link ez-toc-heading-34\" href=\"https:\/\/www.malagacar.com\/fr\/blog\/astuces-de-voyage\/guide-costa-del-sol\/#Restaurants_etoiles_Michelin_a_Malaga\" data-wpel-link=\"internal\">Restaurants \u00e9toil\u00e9s Michelin \u00e0 Malaga<\/a><\/li><li class='ez-toc-page-1 ez-toc-heading-level-3'><a class=\"ez-toc-link ez-toc-heading-35\" href=\"https:\/\/www.malagacar.com\/fr\/blog\/astuces-de-voyage\/guide-costa-del-sol\/#Restaurants_de_Malaga_recompenses_par_le_Guide_Repsol\" data-wpel-link=\"internal\">Restaurants de Malaga r\u00e9compens\u00e9s par le Guide Repsol<\/a><\/li><li class='ez-toc-page-1 ez-toc-heading-level-3'><a class=\"ez-toc-link ez-toc-heading-36\" href=\"https:\/\/www.malagacar.com\/fr\/blog\/astuces-de-voyage\/guide-costa-del-sol\/#Diner_de_reveillon_dans_les_meilleurs_restaurants_de_Malaga\" data-wpel-link=\"internal\">D\u00eener de r\u00e9veillon dans les meilleurs restaurants de M\u00e1laga<\/a><\/li><li class='ez-toc-page-1 ez-toc-heading-level-3'><a class=\"ez-toc-link ez-toc-heading-37\" href=\"https:\/\/www.malagacar.com\/fr\/blog\/astuces-de-voyage\/guide-costa-del-sol\/#Les_meilleurs_restaurants_vegetariens_et_vegetaliens_de_Malaga\" data-wpel-link=\"internal\">Les meilleurs restaurants v\u00e9g\u00e9tariens et v\u00e9g\u00e9taliens de Malaga<\/a><\/li><li class='ez-toc-page-1 ez-toc-heading-level-3'><a class=\"ez-toc-link ez-toc-heading-38\" href=\"https:\/\/www.malagacar.com\/fr\/blog\/astuces-de-voyage\/guide-costa-del-sol\/#Les_meilleures_auberges_des_montagnes_de_Malaga\" data-wpel-link=\"internal\">Les meilleures auberges des montagnes de Malaga<\/a><\/li><\/ul><\/li><li class='ez-toc-page-1 ez-toc-heading-level-2'><a class=\"ez-toc-link ez-toc-heading-39\" href=\"https:\/\/www.malagacar.com\/fr\/blog\/astuces-de-voyage\/guide-costa-del-sol\/#Calendrier_des_evenements\" data-wpel-link=\"internal\">Calendrier des \u00e9v\u00e9nements<\/a><ul class='ez-toc-list-level-3' ><li class='ez-toc-heading-level-3'><a class=\"ez-toc-link ez-toc-heading-40\" href=\"https:\/\/www.malagacar.com\/fr\/blog\/astuces-de-voyage\/guide-costa-del-sol\/#Calendrier_des_evenements_a_Malaga\" data-wpel-link=\"internal\">Calendrier des \u00e9v\u00e9nements \u00e0 Malaga<\/a><\/li><li class='ez-toc-page-1 ez-toc-heading-level-3'><a class=\"ez-toc-link ez-toc-heading-41\" href=\"https:\/\/www.malagacar.com\/fr\/blog\/astuces-de-voyage\/guide-costa-del-sol\/#Evenements_a_Malaga_en_2026\" data-wpel-link=\"internal\">\u00c9v\u00e9nements \u00e0 Malaga en 2026<\/a><\/li><li class='ez-toc-page-1 ez-toc-heading-level-3'><a class=\"ez-toc-link ez-toc-heading-42\" href=\"https:\/\/www.malagacar.com\/fr\/blog\/astuces-de-voyage\/guide-costa-del-sol\/#Festivals_gastronomiques_et_foires_les_plus_importants_a_Malaga\" data-wpel-link=\"internal\">Festivals gastronomiques et foires les plus importants \u00e0 Malaga<\/a><\/li><li class='ez-toc-page-1 ez-toc-heading-level-3'><a class=\"ez-toc-link ez-toc-heading-43\" href=\"https:\/\/www.malagacar.com\/fr\/blog\/astuces-de-voyage\/guide-costa-del-sol\/#Carnaval_de_Malaga_2026_%E2%80%93_Tout_ce_que_vous_devez_savoir\" data-wpel-link=\"internal\">Carnaval de Malaga 2026 &#8211; Tout ce que vous devez savoir<\/a><\/li><li class='ez-toc-page-1 ez-toc-heading-level-3'><a class=\"ez-toc-link ez-toc-heading-44\" href=\"https:\/\/www.malagacar.com\/fr\/blog\/astuces-de-voyage\/guide-costa-del-sol\/#Paques_a_Malaga\" data-wpel-link=\"internal\">P\u00e2ques \u00e0 Malaga<\/a><\/li><li class='ez-toc-page-1 ez-toc-heading-level-3'><a class=\"ez-toc-link ez-toc-heading-45\" href=\"https:\/\/www.malagacar.com\/fr\/blog\/astuces-de-voyage\/guide-costa-del-sol\/#Festival_International_des_Peuples_Fuengirola\" data-wpel-link=\"internal\">Festival International des Peuples Fuengirola<\/a><\/li><li class='ez-toc-page-1 ez-toc-heading-level-3'><a class=\"ez-toc-link ez-toc-heading-46\" href=\"https:\/\/www.malagacar.com\/fr\/blog\/astuces-de-voyage\/guide-costa-del-sol\/#Solstice_dete_a_Malaga_tout_ce_quil_faut_savoir\" data-wpel-link=\"internal\">Solstice d&rsquo;\u00e9t\u00e9 \u00e0 Malaga : tout ce qu&rsquo;il faut savoir<\/a><\/li><li class='ez-toc-page-1 ez-toc-heading-level-3'><a class=\"ez-toc-link ez-toc-heading-47\" href=\"https:\/\/www.malagacar.com\/fr\/blog\/astuces-de-voyage\/guide-costa-del-sol\/#Foire_de_Malaga_%E2%80%93_Tout_savoir\" data-wpel-link=\"internal\">Foire de Malaga &#8211; Tout savoir<\/a><\/li><li class='ez-toc-page-1 ez-toc-heading-level-3'><a class=\"ez-toc-link ez-toc-heading-48\" href=\"https:\/\/www.malagacar.com\/fr\/blog\/astuces-de-voyage\/guide-costa-del-sol\/#Foire_de_Fuengirola_en_octobre\" data-wpel-link=\"internal\">Foire de Fuengirola en octobre<\/a><\/li><li class='ez-toc-page-1 ez-toc-heading-level-3'><a class=\"ez-toc-link ez-toc-heading-49\" href=\"https:\/\/www.malagacar.com\/fr\/blog\/astuces-de-voyage\/guide-costa-del-sol\/#Halloween_a_Malaga\" data-wpel-link=\"internal\">Halloween \u00e0 Malaga<\/a><\/li><li class='ez-toc-page-1 ez-toc-heading-level-3'><a class=\"ez-toc-link ez-toc-heading-50\" href=\"https:\/\/www.malagacar.com\/fr\/blog\/astuces-de-voyage\/guide-costa-del-sol\/#Black_Friday_a_Malaga\" data-wpel-link=\"internal\">Black Friday \u00e0 Malaga<\/a><\/li><li class='ez-toc-page-1 ez-toc-heading-level-3'><a class=\"ez-toc-link ez-toc-heading-51\" href=\"https:\/\/www.malagacar.com\/fr\/blog\/astuces-de-voyage\/guide-costa-del-sol\/#Lumieres_de_Noel_a_Malaga\" data-wpel-link=\"internal\">Lumi\u00e8res de No\u00ebl \u00e0 Malaga<\/a><\/li><li class='ez-toc-page-1 ez-toc-heading-level-3'><a class=\"ez-toc-link ez-toc-heading-52\" href=\"https:\/\/www.malagacar.com\/fr\/blog\/astuces-de-voyage\/guide-costa-del-sol\/#Marches_de_Noel_a_Malaga\" data-wpel-link=\"internal\">March\u00e9s de No\u00ebl \u00e0 Malaga<\/a><\/li><li class='ez-toc-page-1 ez-toc-heading-level-3'><a class=\"ez-toc-link ez-toc-heading-53\" href=\"https:\/\/www.malagacar.com\/fr\/blog\/astuces-de-voyage\/guide-costa-del-sol\/#Lumieres_de_Noel_du_Jardin_Botanique_de_Malaga_%E2%80%93_La_Concepcion\" data-wpel-link=\"internal\">Lumi\u00e8res de No\u00ebl du Jardin Botanique de Malaga \u2013 La Concepcion<\/a><\/li><li class='ez-toc-page-1 ez-toc-heading-level-3'><a class=\"ez-toc-link ez-toc-heading-54\" href=\"https:\/\/www.malagacar.com\/fr\/blog\/astuces-de-voyage\/guide-costa-del-sol\/#Defiles_Rois_mages_Malaga_Costa_del_Sol_2026\" data-wpel-link=\"internal\">D\u00e9fil\u00e9s Rois mages Malaga &amp; Costa del Sol 2026<\/a><\/li><li class='ez-toc-page-1 ez-toc-heading-level-3'><a class=\"ez-toc-link ez-toc-heading-55\" href=\"https:\/\/www.malagacar.com\/fr\/blog\/astuces-de-voyage\/guide-costa-del-sol\/#Une_experience_unique_Eclipse_solaire_a_Malaga_20262728\" data-wpel-link=\"internal\">Une exp\u00e9rience unique : \u00c9clipse solaire \u00e0 Malaga 2026\/27\/28<\/a><\/li><li class='ez-toc-page-1 ez-toc-heading-level-3'><a class=\"ez-toc-link ez-toc-heading-56\" href=\"https:\/\/www.malagacar.com\/fr\/blog\/astuces-de-voyage\/guide-costa-del-sol\/#San_Diego_Comic-Con_Malaga_2026\" data-wpel-link=\"internal\">San Diego Comic-Con Malaga 2026<\/a><\/li><\/ul><\/li><li class='ez-toc-page-1 ez-toc-heading-level-2'><a class=\"ez-toc-link ez-toc-heading-57\" href=\"https:\/\/www.malagacar.com\/fr\/blog\/astuces-de-voyage\/guide-costa-del-sol\/#Voyager_autrement\" data-wpel-link=\"internal\">Voyager autrement<\/a><ul class='ez-toc-list-level-3' ><li class='ez-toc-heading-level-3'><a class=\"ez-toc-link ez-toc-heading-58\" href=\"https:\/\/www.malagacar.com\/fr\/blog\/astuces-de-voyage\/guide-costa-del-sol\/#La_Costa_del_Sol_cest_le_luxe_a_letat_pur\" data-wpel-link=\"internal\">La Costa del Sol, c&rsquo;est le luxe \u00e0 l&rsquo;\u00e9tat pur !<\/a><\/li><li class='ez-toc-page-1 ez-toc-heading-level-3'><a class=\"ez-toc-link ez-toc-heading-59\" href=\"https:\/\/www.malagacar.com\/fr\/blog\/astuces-de-voyage\/guide-costa-del-sol\/#Les_12_meilleurs_campings_de_luxe_a_Malaga\" data-wpel-link=\"internal\">Les 12 meilleurs campings de luxe \u00e0 Malaga<\/a><\/li><li class='ez-toc-page-1 ez-toc-heading-level-3'><a class=\"ez-toc-link ez-toc-heading-60\" href=\"https:\/\/www.malagacar.com\/fr\/blog\/astuces-de-voyage\/guide-costa-del-sol\/#Excursion_en_camping-car_a_Malaga_Costa_del_Sol\" data-wpel-link=\"internal\">Excursion en camping-car \u00e0 M\u00e1laga &amp; Costa del Sol<\/a><\/li><li class='ez-toc-page-1 ez-toc-heading-level-3'><a class=\"ez-toc-link ez-toc-heading-61\" href=\"https:\/\/www.malagacar.com\/fr\/blog\/astuces-de-voyage\/guide-costa-del-sol\/#Train_Al_Andalus_%E2%80%93_Voyage_de_reve_dans_un_hotel_5_sur_rails\" data-wpel-link=\"internal\">Train Al \u00c1ndalus &#8211; Voyage de r\u00eave dans un h\u00f4tel 5* sur rails<\/a><\/li><\/ul><\/li><li class='ez-toc-page-1 ez-toc-heading-level-2'><a class=\"ez-toc-link ez-toc-heading-62\" href=\"https:\/\/www.malagacar.com\/fr\/blog\/astuces-de-voyage\/guide-costa-del-sol\/#Villes\" data-wpel-link=\"internal\">Villes<\/a><ul class='ez-toc-list-level-3' ><li class='ez-toc-heading-level-3'><a class=\"ez-toc-link ez-toc-heading-63\" href=\"https:\/\/www.malagacar.com\/fr\/blog\/astuces-de-voyage\/guide-costa-del-sol\/#Escapade_urbaine_Malaga_Meilleure_ville_alternative_selon_Forbes\" data-wpel-link=\"internal\">Escapade urbaine Malaga : Meilleure ville alternative selon Forbes<\/a><\/li><li class='ez-toc-page-1 ez-toc-heading-level-3'><a class=\"ez-toc-link ez-toc-heading-64\" href=\"https:\/\/www.malagacar.com\/fr\/blog\/astuces-de-voyage\/guide-costa-del-sol\/#Fuengirola_%E2%80%93_Ville_multiculturelle_au_bord_de_mer\" data-wpel-link=\"internal\">Fuengirola &#8211; Ville multiculturelle au bord de mer<\/a><\/li><li class='ez-toc-page-1 ez-toc-heading-level-3'><a class=\"ez-toc-link ez-toc-heading-65\" href=\"https:\/\/www.malagacar.com\/fr\/blog\/astuces-de-voyage\/guide-costa-del-sol\/#Marbella_%E2%80%93_Le_joyau_de_la_couronne\" data-wpel-link=\"internal\">Marbella &#8211; Le joyau de la couronne<\/a><\/li><li class='ez-toc-page-1 ez-toc-heading-level-3'><a class=\"ez-toc-link ez-toc-heading-66\" href=\"https:\/\/www.malagacar.com\/fr\/blog\/astuces-de-voyage\/guide-costa-del-sol\/#Estepona_%E2%80%93_Le_jardin_de_la_Costa_del_Sol\" data-wpel-link=\"internal\">Estepona \u2013 Le jardin de la Costa del Sol<\/a><\/li><li class='ez-toc-page-1 ez-toc-heading-level-3'><a class=\"ez-toc-link ez-toc-heading-67\" href=\"https:\/\/www.malagacar.com\/fr\/blog\/astuces-de-voyage\/guide-costa-del-sol\/#Benalmadena_%E2%80%93_Une_destination_familiale_ideale_sur_la_Costa_del_Sol\" data-wpel-link=\"internal\">Benalm\u00e1dena \u2013 Une destination familiale id\u00e9ale sur la Costa del Sol<\/a><\/li><li class='ez-toc-page-1 ez-toc-heading-level-3'><a class=\"ez-toc-link ez-toc-heading-68\" href=\"https:\/\/www.malagacar.com\/fr\/blog\/astuces-de-voyage\/guide-costa-del-sol\/#Nerja_%E2%80%93_Un_joyau_de_la_Costa_del_Sol\" data-wpel-link=\"internal\">Nerja \u2013 Un joyau de la Costa del Sol<\/a><\/li><li class='ez-toc-page-1 ez-toc-heading-level-3'><a class=\"ez-toc-link ez-toc-heading-69\" href=\"https:\/\/www.malagacar.com\/fr\/blog\/astuces-de-voyage\/guide-costa-del-sol\/#Torremolinos_%E2%80%93_Le_berceau_du_tourisme_sur_la_Costa_del_Sol\" data-wpel-link=\"internal\">Torremolinos \u2013 Le berceau du tourisme sur la Costa del Sol<\/a><\/li><li class='ez-toc-page-1 ez-toc-heading-level-3'><a class=\"ez-toc-link ez-toc-heading-70\" href=\"https:\/\/www.malagacar.com\/fr\/blog\/astuces-de-voyage\/guide-costa-del-sol\/#Mijas_%E2%80%93_Village_blanc_plages_et_golf\" data-wpel-link=\"internal\">Mijas &#8211; Village blanc, plages et golf<\/a><\/li><\/ul><\/li><li class='ez-toc-page-1 ez-toc-heading-level-2'><a class=\"ez-toc-link ez-toc-heading-71\" href=\"https:\/\/www.malagacar.com\/fr\/blog\/astuces-de-voyage\/guide-costa-del-sol\/#Visiter_des_villes_dautres_provinces\" data-wpel-link=\"internal\">Visiter des villes d&rsquo;autres provinces<\/a><ul class='ez-toc-list-level-3' ><li class='ez-toc-heading-level-3'><a class=\"ez-toc-link ez-toc-heading-72\" href=\"https:\/\/www.malagacar.com\/fr\/blog\/astuces-de-voyage\/guide-costa-del-sol\/#De_Malaga_a_Seville_%E2%80%93_Capitale_de_lAndalousie_et_ville_du_patrimoine\" data-wpel-link=\"internal\">De Malaga \u00e0 S\u00e9ville &#8211; Capitale de l&rsquo;Andalousie et ville du patrimoine<\/a><\/li><li class='ez-toc-page-1 ez-toc-heading-level-3'><a class=\"ez-toc-link ez-toc-heading-73\" href=\"https:\/\/www.malagacar.com\/fr\/blog\/astuces-de-voyage\/guide-costa-del-sol\/#Road_trip_de_Malaga_a_Cadiz_%E2%80%93_La_Cote_Lumiere\" data-wpel-link=\"internal\">Road trip de Malaga \u00e0 Cadiz \u2013 La C\u00f4te Lumi\u00e8re<\/a><\/li><li class='ez-toc-page-1 ez-toc-heading-level-3'><a class=\"ez-toc-link ez-toc-heading-74\" href=\"https:\/\/www.malagacar.com\/fr\/blog\/astuces-de-voyage\/guide-costa-del-sol\/#En_voiture_a_Gibraltar_Comment_ne_pas_desesperer_en_essayant\" data-wpel-link=\"internal\">En voiture \u00e0 Gibraltar? Comment ne pas d\u00e9sesp\u00e9rer en essayant<\/a><\/li><li class='ez-toc-page-1 ez-toc-heading-level-3'><a class=\"ez-toc-link ez-toc-heading-75\" href=\"https:\/\/www.malagacar.com\/fr\/blog\/astuces-de-voyage\/guide-costa-del-sol\/#Granada_la_ville_ensorcelee_depuis_Malaga\" data-wpel-link=\"internal\">Granada, la ville ensorcel\u00e9e, depuis M\u00e1laga<\/a><\/li><li class='ez-toc-page-1 ez-toc-heading-level-3'><a class=\"ez-toc-link ez-toc-heading-76\" href=\"https:\/\/www.malagacar.com\/fr\/blog\/astuces-de-voyage\/guide-costa-del-sol\/#Decouvrir_Cordoba_en_voiture\" data-wpel-link=\"internal\">D\u00e9couvrir C\u00f3rdoba en voiture<\/a><\/li><\/ul><\/li><li class='ez-toc-page-1 ez-toc-heading-level-2'><a class=\"ez-toc-link ez-toc-heading-77\" href=\"https:\/\/www.malagacar.com\/fr\/blog\/astuces-de-voyage\/guide-costa-del-sol\/#Malaga_Toute_lannee\" data-wpel-link=\"internal\">Malaga ? Toute l&rsquo;ann\u00e9e !<\/a><ul class='ez-toc-list-level-3' ><li class='ez-toc-heading-level-3'><a class=\"ez-toc-link ez-toc-heading-78\" href=\"https:\/\/www.malagacar.com\/fr\/blog\/astuces-de-voyage\/guide-costa-del-sol\/#Urgence_medicale_a_Malaga_tout_ce_que_vous_devez_savoir\" data-wpel-link=\"internal\">Urgence m\u00e9dicale \u00e0 Malaga\u00a0: tout ce que vous devez savoir<\/a><\/li><li class='ez-toc-page-1 ez-toc-heading-level-3'><a class=\"ez-toc-link ez-toc-heading-79\" href=\"https:\/\/www.malagacar.com\/fr\/blog\/astuces-de-voyage\/guide-costa-del-sol\/#Visites_guidees_a_Malaga\" data-wpel-link=\"internal\">Visites guid\u00e9es \u00e0 Malaga<\/a><\/li><li class='ez-toc-page-1 ez-toc-heading-level-3'><a class=\"ez-toc-link ez-toc-heading-80\" href=\"https:\/\/www.malagacar.com\/fr\/blog\/astuces-de-voyage\/guide-costa-del-sol\/#Budget_logements_de_vacances_a_Malaga_cet_ete\" data-wpel-link=\"internal\">Budget logements de vacances \u00e0 Malaga cet \u00e9t\u00e9<\/a><\/li><li class='ez-toc-page-1 ez-toc-heading-level-3'><a class=\"ez-toc-link ez-toc-heading-81\" href=\"https:\/\/www.malagacar.com\/fr\/blog\/astuces-de-voyage\/guide-costa-del-sol\/#Apps_indispensables_pour_visiter_Malaga\" data-wpel-link=\"internal\">Apps indispensables pour visiter Malaga<\/a><\/li><li class='ez-toc-page-1 ez-toc-heading-level-3'><a class=\"ez-toc-link ez-toc-heading-82\" href=\"https:\/\/www.malagacar.com\/fr\/blog\/astuces-de-voyage\/guide-costa-del-sol\/#Vacances_saines_a_Malaga\" data-wpel-link=\"internal\">Vacances saines \u00e0 Malaga<\/a><\/li><li class='ez-toc-page-1 ez-toc-heading-level-3'><a class=\"ez-toc-link ez-toc-heading-83\" href=\"https:\/\/www.malagacar.com\/fr\/blog\/astuces-de-voyage\/guide-costa-del-sol\/#Passer_lhiver_a_Malaga_%E2%80%93_Soleil_garanti\" data-wpel-link=\"internal\">Passer l\u2019hiver \u00e0 Malaga \u2013 Soleil garanti !<\/a><\/li><li class='ez-toc-page-1 ez-toc-heading-level-3'><a class=\"ez-toc-link ez-toc-heading-84\" href=\"https:\/\/www.malagacar.com\/fr\/blog\/astuces-de-voyage\/guide-costa-del-sol\/#Malaga_pour_les_nomades_numeriques\" data-wpel-link=\"internal\">Malaga pour les nomades num\u00e9riques<\/a><\/li><li class='ez-toc-page-1 ez-toc-heading-level-3'><a class=\"ez-toc-link ez-toc-heading-85\" href=\"https:\/\/www.malagacar.com\/fr\/blog\/astuces-de-voyage\/guide-costa-del-sol\/#Voyager_a_Malaga_en_mai-juin\" data-wpel-link=\"internal\">Voyager \u00e0 Malaga en mai-juin<\/a><\/li><li class='ez-toc-page-1 ez-toc-heading-level-3'><a class=\"ez-toc-link ez-toc-heading-86\" href=\"https:\/\/www.malagacar.com\/fr\/blog\/astuces-de-voyage\/guide-costa-del-sol\/#Quelle_est_la_meilleure_periode_pour_voyager_a_Malaga\" data-wpel-link=\"internal\">Quelle est la meilleure p\u00e9riode pour voyager \u00e0 Malaga ?<\/a><\/li><li class='ez-toc-page-1 ez-toc-heading-level-3'><a class=\"ez-toc-link ez-toc-heading-87\" href=\"https:\/\/www.malagacar.com\/fr\/blog\/astuces-de-voyage\/guide-costa-del-sol\/#Que_faut-il_emporter_pour_voyager_a_Malaga_Les_indispensables_pour_les_4_saisons\" data-wpel-link=\"internal\">Que faut-il emporter pour voyager \u00e0 Malaga ? Les indispensables pour les 4 saisons<\/a><\/li><li class='ez-toc-page-1 ez-toc-heading-level-3'><a class=\"ez-toc-link ez-toc-heading-88\" href=\"https:\/\/www.malagacar.com\/fr\/blog\/astuces-de-voyage\/guide-costa-del-sol\/#Malaga_en_ete_%E2%80%93_Sensation_estivale\" data-wpel-link=\"internal\">M\u00e1laga en \u00e9t\u00e9 &#8211; Sensation estivale<\/a><\/li><\/ul><\/li><li class='ez-toc-page-1 ez-toc-heading-level-2'><a class=\"ez-toc-link ez-toc-heading-89\" href=\"https:\/\/www.malagacar.com\/fr\/blog\/astuces-de-voyage\/guide-costa-del-sol\/#Conseils_pour_lavion_les_croisieres_et_les_excursions_en_bateau\" data-wpel-link=\"internal\">Conseils pour l&rsquo;avion, les croisi\u00e8res et les excursions en bateau<\/a><ul class='ez-toc-list-level-3' ><li class='ez-toc-heading-level-3'><a class=\"ez-toc-link ez-toc-heading-90\" href=\"https:\/\/www.malagacar.com\/fr\/blog\/astuces-de-voyage\/guide-costa-del-sol\/#Vols_vers_Malaga_hiver_202526\" data-wpel-link=\"internal\">Vols vers Malaga hiver 2025\/26<\/a><\/li><li class='ez-toc-page-1 ez-toc-heading-level-3'><a class=\"ez-toc-link ez-toc-heading-91\" href=\"https:\/\/www.malagacar.com\/fr\/blog\/astuces-de-voyage\/guide-costa-del-sol\/#Villes_avec_vols_vers_Malaga_ete_2026\" data-wpel-link=\"internal\">Villes avec vols vers Malaga \u00e9t\u00e9 2026<\/a><\/li><li class='ez-toc-page-1 ez-toc-heading-level-3'><a class=\"ez-toc-link ez-toc-heading-92\" href=\"https:\/\/www.malagacar.com\/fr\/blog\/astuces-de-voyage\/guide-costa-del-sol\/#ETIAS_et_ETA_autorisation_electronique_de_voyage_obligatoire\" data-wpel-link=\"internal\">ETIAS et ETA : autorisation \u00e9lectronique de voyage obligatoire<\/a><\/li><li class='ez-toc-page-1 ez-toc-heading-level-3'><a class=\"ez-toc-link ez-toc-heading-93\" href=\"https:\/\/www.malagacar.com\/fr\/blog\/astuces-de-voyage\/guide-costa-del-sol\/#Croisieres_a_Malaga_et_excursions_en_bateau\" data-wpel-link=\"internal\">Croisi\u00e8res \u00e0 Malaga et excursions en bateau<\/a><\/li><li class='ez-toc-page-1 ez-toc-heading-level-3'><a class=\"ez-toc-link ez-toc-heading-94\" href=\"https:\/\/www.malagacar.com\/fr\/blog\/astuces-de-voyage\/guide-costa-del-sol\/#Arrivees_a_laeroport_de_Malaga_en_haute_saison\" data-wpel-link=\"internal\">Arriv\u00e9es \u00e0 l&rsquo;a\u00e9roport de Malaga en haute saison<\/a><\/li><li class='ez-toc-page-1 ez-toc-heading-level-3'><a class=\"ez-toc-link ez-toc-heading-95\" href=\"https:\/\/www.malagacar.com\/fr\/blog\/astuces-de-voyage\/guide-costa-del-sol\/#Location_de_bateaux_a_Malaga_%E2%80%93_Une_journee_inoubliable_au_large\" data-wpel-link=\"internal\">Location de bateaux \u00e0 Malaga &#8211; Une journ\u00e9e inoubliable au large !<\/a><\/li><\/ul><\/li><li class='ez-toc-page-1 ez-toc-heading-level-2'><a class=\"ez-toc-link ez-toc-heading-96\" href=\"https:\/\/www.malagacar.com\/fr\/blog\/astuces-de-voyage\/guide-costa-del-sol\/#Voyager_en_famille_ou_avec_un_chien\" data-wpel-link=\"internal\">Voyager en famille ou avec un chien<\/a><ul class='ez-toc-list-level-3' ><li class='ez-toc-heading-level-3'><a class=\"ez-toc-link ez-toc-heading-97\" href=\"https:\/\/www.malagacar.com\/fr\/blog\/astuces-de-voyage\/guide-costa-del-sol\/#Voyager_avec_des_enfants_sur_la_Costa_del_Sol\" data-wpel-link=\"internal\">Voyager avec des enfants sur la Costa del Sol<\/a><\/li><li class='ez-toc-page-1 ez-toc-heading-level-3'><a class=\"ez-toc-link ez-toc-heading-98\" href=\"https:\/\/www.malagacar.com\/fr\/blog\/astuces-de-voyage\/guide-costa-del-sol\/#Visiter_Malaga_Costa_del_Sol_avec_son_chien\" data-wpel-link=\"internal\">Visiter Malaga &amp; Costa del Sol avec son chien<\/a><\/li><\/ul><\/li><li class='ez-toc-page-1 ez-toc-heading-level-2'><a class=\"ez-toc-link ez-toc-heading-99\" href=\"https:\/\/www.malagacar.com\/fr\/blog\/astuces-de-voyage\/guide-costa-del-sol\/#Conseils_pour_lete\" data-wpel-link=\"internal\">Conseils pour l&rsquo;\u00e9t\u00e9<\/a><ul class='ez-toc-list-level-3' ><li class='ez-toc-heading-level-3'><a class=\"ez-toc-link ez-toc-heading-100\" href=\"https:\/\/www.malagacar.com\/fr\/blog\/astuces-de-voyage\/guide-costa-del-sol\/#Ce_que_vous_ne_devriez_jamais_laisser_dans_votre_voiture_en_ete\" data-wpel-link=\"internal\">Ce que vous ne devriez jamais laisser dans votre voiture en \u00e9t\u00e9<\/a><\/li><li class='ez-toc-page-1 ez-toc-heading-level-3'><a class=\"ez-toc-link ez-toc-heading-101\" href=\"https:\/\/www.malagacar.com\/fr\/blog\/astuces-de-voyage\/guide-costa-del-sol\/#Regles_de_securite_en_mer_Malaga_2026\" data-wpel-link=\"internal\">R\u00e8gles de s\u00e9curit\u00e9 en mer M\u00e1laga 2026<\/a><\/li><li class='ez-toc-page-1 ez-toc-heading-level-3'><a class=\"ez-toc-link ez-toc-heading-102\" href=\"https:\/\/www.malagacar.com\/fr\/blog\/astuces-de-voyage\/guide-costa-del-sol\/#Conseils_pour_des_Vacances_Securisees_a_Malaga\" data-wpel-link=\"internal\">Conseils pour des Vacances S\u00e9curis\u00e9es \u00e0 Malaga<\/a><\/li><li class='ez-toc-page-1 ez-toc-heading-level-3'><a class=\"ez-toc-link ez-toc-heading-103\" href=\"https:\/\/www.malagacar.com\/fr\/blog\/astuces-de-voyage\/guide-costa-del-sol\/#Meduses_sur_les_plages_de_Malaga_Conseils_pratiques\" data-wpel-link=\"internal\">M\u00e9duses sur les plages de Malaga ? Conseils pratiques<\/a><\/li><li class='ez-toc-page-1 ez-toc-heading-level-3'><a class=\"ez-toc-link ez-toc-heading-104\" href=\"https:\/\/www.malagacar.com\/fr\/blog\/astuces-de-voyage\/guide-costa-del-sol\/#Courant_de_retour_%E2%80%93_un_danger_inconnu_pour_les_baigneurs\" data-wpel-link=\"internal\">Courant de retour &#8211; un danger inconnu pour les baigneurs<\/a><\/li><li class='ez-toc-page-1 ez-toc-heading-level-3'><a class=\"ez-toc-link ez-toc-heading-105\" href=\"https:\/\/www.malagacar.com\/fr\/blog\/astuces-de-voyage\/guide-costa-del-sol\/#Idees_rafraichissantes_contre_la_chaleur_estivale_et_le_Terral_a_Malaga\" data-wpel-link=\"internal\">Id\u00e9es rafra\u00eechissantes contre la chaleur estivale et le Terral \u00e0 Malaga<\/a><\/li><li class='ez-toc-page-1 ez-toc-heading-level-3'><a class=\"ez-toc-link ez-toc-heading-106\" href=\"https:\/\/www.malagacar.com\/fr\/blog\/astuces-de-voyage\/guide-costa-del-sol\/#Interdictions_dans_les_plages_de_Malaga_%E2%80%93_Ce_quil_faut_savoir\" data-wpel-link=\"internal\">Interdictions dans les plages de Malaga &#8211; Ce qu&rsquo;il faut savoir<\/a><\/li><\/ul><\/li><li class='ez-toc-page-1 ez-toc-heading-level-2'><a class=\"ez-toc-link ez-toc-heading-107\" href=\"https:\/\/www.malagacar.com\/fr\/blog\/astuces-de-voyage\/guide-costa-del-sol\/#Tourisme_accessible_a_Malaga\" data-wpel-link=\"internal\">Tourisme accessible \u00e0 Malaga<\/a><ul class='ez-toc-list-level-3' ><li class='ez-toc-heading-level-3'><a class=\"ez-toc-link ez-toc-heading-108\" href=\"https:\/\/www.malagacar.com\/fr\/blog\/astuces-de-voyage\/guide-costa-del-sol\/#Comment_voyager_en_avion_avec_un_fauteuil_roulant\" data-wpel-link=\"internal\">Comment voyager en avion avec un fauteuil roulant<\/a><\/li><li class='ez-toc-page-1 ez-toc-heading-level-3'><a class=\"ez-toc-link ez-toc-heading-109\" href=\"https:\/\/www.malagacar.com\/fr\/blog\/astuces-de-voyage\/guide-costa-del-sol\/#Tourisme_accessible_a_Malaga_Costa_del_Sol\" data-wpel-link=\"internal\">Tourisme accessible \u00e0 Malaga &amp; Costa del Sol<\/a><\/li><\/ul><\/li><li class='ez-toc-page-1 ez-toc-heading-level-2'><a class=\"ez-toc-link ez-toc-heading-110\" href=\"https:\/\/www.malagacar.com\/fr\/blog\/astuces-de-voyage\/guide-costa-del-sol\/#Lieux_dinteret_dans_la_province_de_Malaga\" data-wpel-link=\"internal\">Lieux d&rsquo;int\u00e9r\u00eat dans la province de Malaga<\/a><ul class='ez-toc-list-level-3' ><li class='ez-toc-heading-level-3'><a class=\"ez-toc-link ez-toc-heading-111\" href=\"https:\/\/www.malagacar.com\/fr\/blog\/astuces-de-voyage\/guide-costa-del-sol\/#Les_Dolmens_dAntequera_%E2%80%93_Voyage_au_Stonehenge_andalou\" data-wpel-link=\"internal\">Les Dolmens d&rsquo;Antequera &#8211; Voyage au Stonehenge andalou<\/a><\/li><li class='ez-toc-page-1 ez-toc-heading-level-3'><a class=\"ez-toc-link ez-toc-heading-112\" href=\"https:\/\/www.malagacar.com\/fr\/blog\/astuces-de-voyage\/guide-costa-del-sol\/#Oenotourisme_a_Malaga_%E2%80%93_Savourez_les_vins_de_Malaga\" data-wpel-link=\"internal\">Oenotourisme \u00e0 M\u00e1laga &#8211; Savourez les vins de Malaga<\/a><\/li><li class='ez-toc-page-1 ez-toc-heading-level-3'><a class=\"ez-toc-link ez-toc-heading-113\" href=\"https:\/\/www.malagacar.com\/fr\/blog\/astuces-de-voyage\/guide-costa-del-sol\/#Points_de_vue_sur_la_Costa_del_Sol\" data-wpel-link=\"internal\">Points de vue sur la Costa del Sol<\/a><\/li><li class='ez-toc-page-1 ez-toc-heading-level-3'><a class=\"ez-toc-link ez-toc-heading-114\" href=\"https:\/\/www.malagacar.com\/fr\/blog\/astuces-de-voyage\/guide-costa-del-sol\/#Genalguacil_le_village_musee_dart_en_plein_air\" data-wpel-link=\"internal\">Genalguacil, le village mus\u00e9e d&rsquo;art en plein air<\/a><\/li><li class='ez-toc-page-1 ez-toc-heading-level-3'><a class=\"ez-toc-link ez-toc-heading-115\" href=\"https:\/\/www.malagacar.com\/fr\/blog\/astuces-de-voyage\/guide-costa-del-sol\/#Les_10_meilleurs_sites_archeologiques_de_Malaga\" data-wpel-link=\"internal\">Les 10 meilleurs sites arch\u00e9ologiques de Malaga<\/a><\/li><li class='ez-toc-page-1 ez-toc-heading-level-3'><a class=\"ez-toc-link ez-toc-heading-116\" href=\"https:\/\/www.malagacar.com\/fr\/blog\/astuces-de-voyage\/guide-costa-del-sol\/#Route_des_temples_bouddhistes_de_Malaga\" data-wpel-link=\"internal\">Route des temples bouddhistes de Malaga<\/a><\/li><li class='ez-toc-page-1 ez-toc-heading-level-3'><a class=\"ez-toc-link ez-toc-heading-117\" href=\"https:\/\/www.malagacar.com\/fr\/blog\/astuces-de-voyage\/guide-costa-del-sol\/#Tout_ce_quil_faut_savoir_sur_la_visite_de_la_grotte_de_Nerja\" data-wpel-link=\"internal\">Tout ce qu&rsquo;il faut savoir sur la visite de la grotte de Nerja<\/a><\/li><li class='ez-toc-page-1 ez-toc-heading-level-3'><a class=\"ez-toc-link ez-toc-heading-118\" href=\"https:\/\/www.malagacar.com\/fr\/blog\/astuces-de-voyage\/guide-costa-del-sol\/#Jardin_botanique_historique_de_La_Concepcion_a_Malaga\" data-wpel-link=\"internal\">Jardin botanique historique de La Concepci\u00f3n \u00e0 Malaga<\/a><\/li><li class='ez-toc-page-1 ez-toc-heading-level-3'><a class=\"ez-toc-link ez-toc-heading-119\" href=\"https:\/\/www.malagacar.com\/fr\/blog\/astuces-de-voyage\/guide-costa-del-sol\/#Visiter_les_plus_curieux_cimetieres_de_Malaga\" data-wpel-link=\"internal\">Visiter les plus curieux cimeti\u00e8res de Malaga<\/a><\/li><\/ul><\/li><li class='ez-toc-page-1 ez-toc-heading-level-2'><a class=\"ez-toc-link ez-toc-heading-120\" href=\"https:\/\/www.malagacar.com\/fr\/blog\/astuces-de-voyage\/guide-costa-del-sol\/#Voyager_en_couple_Saint-Valentin_mariage\" data-wpel-link=\"internal\">Voyager en couple, Saint-Valentin &amp; mariage<\/a><ul class='ez-toc-list-level-3' ><li class='ez-toc-heading-level-3'><a class=\"ez-toc-link ez-toc-heading-121\" href=\"https:\/\/www.malagacar.com\/fr\/blog\/astuces-de-voyage\/guide-costa-del-sol\/#Choses_a_faire_le_jour_de_la_Saint-Valentin_a_Malaga\" data-wpel-link=\"internal\">Choses \u00e0 faire le jour de la Saint-Valentin \u00e0 Malaga<\/a><\/li><li class='ez-toc-page-1 ez-toc-heading-level-3'><a class=\"ez-toc-link ez-toc-heading-122\" href=\"https:\/\/www.malagacar.com\/fr\/blog\/astuces-de-voyage\/guide-costa-del-sol\/#La_Costa_del_Sol_pour_le_mariage_de_vos_reves\" data-wpel-link=\"internal\">La Costa del Sol pour le mariage de vos r\u00eaves<\/a><\/li><\/ul><\/li><li class='ez-toc-page-1 ez-toc-heading-level-2'><a class=\"ez-toc-link ez-toc-heading-123\" href=\"https:\/\/www.malagacar.com\/fr\/blog\/astuces-de-voyage\/guide-costa-del-sol\/#Loisirs\" data-wpel-link=\"internal\">Loisirs<\/a><ul class='ez-toc-list-level-3' ><li class='ez-toc-heading-level-3'><a class=\"ez-toc-link ez-toc-heading-124\" href=\"https:\/\/www.malagacar.com\/fr\/blog\/astuces-de-voyage\/guide-costa-del-sol\/#Billard_flechettes_bowling_karaoke_et_football_sur_la_Costa_del_Sol\" data-wpel-link=\"internal\">Billard, fl\u00e9chettes, bowling, karaok\u00e9 et football sur la Costa del Sol<\/a><\/li><li class='ez-toc-page-1 ez-toc-heading-level-3'><a class=\"ez-toc-link ez-toc-heading-125\" href=\"https:\/\/www.malagacar.com\/fr\/blog\/astuces-de-voyage\/guide-costa-del-sol\/#Parc_de_Mijas_%E2%80%93_Le_grand_poumon_vert_de_la_Costa_del_Sol\" data-wpel-link=\"internal\">Parc de Mijas &#8211; Le grand poumon vert de la Costa del Sol<\/a><\/li><li class='ez-toc-page-1 ez-toc-heading-level-3'><a class=\"ez-toc-link ez-toc-heading-126\" href=\"https:\/\/www.malagacar.com\/fr\/blog\/astuces-de-voyage\/guide-costa-del-sol\/#Routes_deau_sur_la_Costa_del_Sol_pour_Paddle_Surf_Kayak\" data-wpel-link=\"internal\">Routes d&rsquo;eau sur la Costa del Sol pour Paddle Surf &amp; Kayak<\/a><\/li><li class='ez-toc-page-1 ez-toc-heading-level-3'><a class=\"ez-toc-link ez-toc-heading-127\" href=\"https:\/\/www.malagacar.com\/fr\/blog\/astuces-de-voyage\/guide-costa-del-sol\/#%C2%BFCosta_del_Sol_%E2%80%93_%C2%A1Costa_del_Golf\" data-wpel-link=\"internal\">\u00bfCosta del Sol? &#8211; \u00a1Costa del Golf!<\/a><\/li><li class='ez-toc-page-1 ez-toc-heading-level-3'><a class=\"ez-toc-link ez-toc-heading-128\" href=\"https:\/\/www.malagacar.com\/fr\/blog\/astuces-de-voyage\/guide-costa-del-sol\/#Les_meilleurs_parcs_a_Benalmadena_et_Torremolinos\" data-wpel-link=\"internal\">Les meilleurs parcs \u00e0 Benalm\u00e1dena et Torremolinos<\/a><\/li><li class='ez-toc-page-1 ez-toc-heading-level-3'><a class=\"ez-toc-link ez-toc-heading-129\" href=\"https:\/\/www.malagacar.com\/fr\/blog\/astuces-de-voyage\/guide-costa-del-sol\/#Les_meilleurs_circuits_de_karting_a_Malaga\" data-wpel-link=\"internal\">Les meilleurs circuits de karting \u00e0 Malaga<\/a><\/li><li class='ez-toc-page-1 ez-toc-heading-level-3'><a class=\"ez-toc-link ez-toc-heading-130\" href=\"https:\/\/www.malagacar.com\/fr\/blog\/astuces-de-voyage\/guide-costa-del-sol\/#Le_plaisir_de_se_promener_%E2%80%93_Promenades_maritimes_de_Malaga\" data-wpel-link=\"internal\">Le plaisir de se promener \u2013 Promenades maritimes de M\u00e1laga<\/a><\/li><li class='ez-toc-page-1 ez-toc-heading-level-3'><a class=\"ez-toc-link ez-toc-heading-131\" href=\"https:\/\/www.malagacar.com\/fr\/blog\/astuces-de-voyage\/guide-costa-del-sol\/#Les_meilleurs_spas_de_la_Costa_del_Sol\" data-wpel-link=\"internal\">Les meilleurs spas de la Costa del Sol<\/a><\/li><li class='ez-toc-page-1 ez-toc-heading-level-3'><a class=\"ez-toc-link ez-toc-heading-132\" href=\"https:\/\/www.malagacar.com\/fr\/blog\/astuces-de-voyage\/guide-costa-del-sol\/#Activites_a_Marbella\" data-wpel-link=\"internal\">Activit\u00e9s \u00e0 Marbella<\/a><\/li><li class='ez-toc-page-1 ez-toc-heading-level-3'><a class=\"ez-toc-link ez-toc-heading-133\" href=\"https:\/\/www.malagacar.com\/fr\/blog\/astuces-de-voyage\/guide-costa-del-sol\/#12_raisons_de_tomber_amoureux_de_Marbella\" data-wpel-link=\"internal\">12 raisons de tomber amoureux de Marbella<\/a><\/li><li class='ez-toc-page-1 ez-toc-heading-level-3'><a class=\"ez-toc-link ez-toc-heading-134\" href=\"https:\/\/www.malagacar.com\/fr\/blog\/astuces-de-voyage\/guide-costa-del-sol\/#Choses_a_faire_a_Puerto_Banus\" data-wpel-link=\"internal\">Choses \u00e0 faire \u00e0 Puerto Ban\u00fas<\/a><\/li><li class='ez-toc-page-1 ez-toc-heading-level-3'><a class=\"ez-toc-link ez-toc-heading-135\" href=\"https:\/\/www.malagacar.com\/fr\/blog\/astuces-de-voyage\/guide-costa-del-sol\/#Les_meilleures_terrasses_avec_vue_a_Malaga\" data-wpel-link=\"internal\">Les meilleures terrasses avec vue \u00e0 M\u00e1laga<\/a><\/li><li class='ez-toc-page-1 ez-toc-heading-level-3'><a class=\"ez-toc-link ez-toc-heading-136\" href=\"https:\/\/www.malagacar.com\/fr\/blog\/astuces-de-voyage\/guide-costa-del-sol\/#A_voir_absolument_a_Malaga_La_bodega_El_Pimpi\" data-wpel-link=\"internal\">\u00c0 voir absolument \u00e0 M\u00e1laga : La bodega El Pimpi<\/a><\/li><li class='ez-toc-page-1 ez-toc-heading-level-3'><a class=\"ez-toc-link ez-toc-heading-137\" href=\"https:\/\/www.malagacar.com\/fr\/blog\/astuces-de-voyage\/guide-costa-del-sol\/#Les_coins_les_plus_charmants_de_Malaga\" data-wpel-link=\"internal\">Les coins les plus charmants de M\u00e1laga<\/a><\/li><li class='ez-toc-page-1 ez-toc-heading-level-3'><a class=\"ez-toc-link ez-toc-heading-138\" href=\"https:\/\/www.malagacar.com\/fr\/blog\/astuces-de-voyage\/guide-costa-del-sol\/#Meilleures_attractions_pour_enfants_sur_la_Costa_del_Sol\" data-wpel-link=\"internal\">Meilleures attractions pour enfants sur la Costa del Sol<\/a><\/li><li class='ez-toc-page-1 ez-toc-heading-level-3'><a class=\"ez-toc-link ez-toc-heading-139\" href=\"https:\/\/www.malagacar.com\/fr\/blog\/astuces-de-voyage\/guide-costa-del-sol\/#Parcs_aquatiques_sur_la_Costa_del_Sol\" data-wpel-link=\"internal\">Parcs aquatiques sur la Costa del Sol<\/a><\/li><li class='ez-toc-page-1 ez-toc-heading-level-3'><a class=\"ez-toc-link ez-toc-heading-140\" href=\"https:\/\/www.malagacar.com\/fr\/blog\/astuces-de-voyage\/guide-costa-del-sol\/#Oasis_deau_turquoise_Alcazaba_Lagoon_unique_en_Europe\" data-wpel-link=\"internal\">Oasis d&rsquo;eau turquoise : Alcazaba Lagoon, unique en Europe<\/a><\/li><li class='ez-toc-page-1 ez-toc-heading-level-3'><a class=\"ez-toc-link ez-toc-heading-141\" href=\"https:\/\/www.malagacar.com\/fr\/blog\/astuces-de-voyage\/guide-costa-del-sol\/#Les_meilleures_activites_gratuites_a_Malaga\" data-wpel-link=\"internal\">Les meilleures activit\u00e9s gratuites \u00e0 Malaga<\/a><\/li><li class='ez-toc-page-1 ez-toc-heading-level-3'><a class=\"ez-toc-link ez-toc-heading-142\" href=\"https:\/\/www.malagacar.com\/fr\/blog\/astuces-de-voyage\/guide-costa-del-sol\/#Parcs_Selwo_Malaga_Costa_del_Sol\" data-wpel-link=\"internal\">Parcs Selwo Malaga Costa del Sol<\/a><\/li><li class='ez-toc-page-1 ez-toc-heading-level-3'><a class=\"ez-toc-link ez-toc-heading-143\" href=\"https:\/\/www.malagacar.com\/fr\/blog\/astuces-de-voyage\/guide-costa-del-sol\/#Les_meilleures_Escape_Rooms_de_Malaga\" data-wpel-link=\"internal\">Les meilleures Escape Rooms de Malaga<\/a><\/li><li class='ez-toc-page-1 ez-toc-heading-level-3'><a class=\"ez-toc-link ez-toc-heading-144\" href=\"https:\/\/www.malagacar.com\/fr\/blog\/astuces-de-voyage\/guide-costa-del-sol\/#Journee_mondiale_du_tourisme_a_Malaga_le_27_septembre\" data-wpel-link=\"internal\">Journ\u00e9e mondiale du tourisme \u00e0 Malaga le 27 septembre<\/a><\/li><li class='ez-toc-page-1 ez-toc-heading-level-3'><a class=\"ez-toc-link ez-toc-heading-145\" href=\"https:\/\/www.malagacar.com\/fr\/blog\/astuces-de-voyage\/guide-costa-del-sol\/#Quai_Un_du_port_de_Malaga\" data-wpel-link=\"internal\">Quai Un du port de Malaga<\/a><\/li><li class='ez-toc-page-1 ez-toc-heading-level-3'><a class=\"ez-toc-link ez-toc-heading-146\" href=\"https:\/\/www.malagacar.com\/fr\/blog\/astuces-de-voyage\/guide-costa-del-sol\/#Les_meilleurs_musees_de_Malaga\" data-wpel-link=\"internal\">Les meilleurs mus\u00e9es de Malaga<\/a><\/li><li class='ez-toc-page-1 ez-toc-heading-level-3'><a class=\"ez-toc-link ez-toc-heading-147\" href=\"https:\/\/www.malagacar.com\/fr\/blog\/astuces-de-voyage\/guide-costa-del-sol\/#Que_voir_a_Malaga_en_une_journee_%E2%80%93_Nos_meilleurs_conseils\" data-wpel-link=\"internal\">Que voir \u00e0 Malaga en une journ\u00e9e &#8211; Nos meilleurs conseils<\/a><\/li><li class='ez-toc-page-1 ez-toc-heading-level-3'><a class=\"ez-toc-link ez-toc-heading-148\" href=\"https:\/\/www.malagacar.com\/fr\/blog\/astuces-de-voyage\/guide-costa-del-sol\/#Itineraire_gastronomique_dans_la_vieille_ville_de_Malaga\" data-wpel-link=\"internal\">Itin\u00e9raire gastronomique dans la vieille ville de M\u00e1laga<\/a><\/li><li class='ez-toc-page-1 ez-toc-heading-level-3'><a class=\"ez-toc-link ez-toc-heading-149\" href=\"https:\/\/www.malagacar.com\/fr\/blog\/astuces-de-voyage\/guide-costa-del-sol\/#Les_vues_les_plus_impressionnantes_de_Malaga\" data-wpel-link=\"internal\">Les vues les plus impressionnantes de Malaga<\/a><\/li><\/ul><\/li><li class='ez-toc-page-1 ez-toc-heading-level-2'><a class=\"ez-toc-link ez-toc-heading-150\" href=\"https:\/\/www.malagacar.com\/fr\/blog\/astuces-de-voyage\/guide-costa-del-sol\/#Villages_blancs\" data-wpel-link=\"internal\">Villages blancs<\/a><ul class='ez-toc-list-level-3' ><li class='ez-toc-heading-level-3'><a class=\"ez-toc-link ez-toc-heading-151\" href=\"https:\/\/www.malagacar.com\/fr\/blog\/astuces-de-voyage\/guide-costa-del-sol\/#Costa_del_Sol_orientale_itineraires_dans_lAxarquia\" data-wpel-link=\"internal\">Costa del Sol orientale : itin\u00e9raires dans l&rsquo;Axarquia<\/a><\/li><li class='ez-toc-page-1 ez-toc-heading-level-3'><a class=\"ez-toc-link ez-toc-heading-152\" href=\"https:\/\/www.malagacar.com\/fr\/blog\/astuces-de-voyage\/guide-costa-del-sol\/#Decouvrez_les_11_plus_beaux_villages_de_lAxarquia\" data-wpel-link=\"internal\">D\u00e9couvrez les 11 plus beaux villages de l&rsquo;Axarqu\u00eda<\/a><\/li><li class='ez-toc-page-1 ez-toc-heading-level-3'><a class=\"ez-toc-link ez-toc-heading-153\" href=\"https:\/\/www.malagacar.com\/fr\/blog\/astuces-de-voyage\/guide-costa-del-sol\/#Escapade_dans_les_8_%C2%AB_villages_magiques_%C2%BB_de_Malaga\" data-wpel-link=\"internal\">Escapade dans les 8 \u00ab\u00a0villages magiques\u00a0\u00bb de Malaga<\/a><\/li><li class='ez-toc-page-1 ez-toc-heading-level-3'><a class=\"ez-toc-link ez-toc-heading-154\" href=\"https:\/\/www.malagacar.com\/fr\/blog\/astuces-de-voyage\/guide-costa-del-sol\/#Les_villages_blancs_de_la_vallee_du_Genal\" data-wpel-link=\"internal\">Les villages blancs de la vall\u00e9e du Genal<\/a><\/li><li class='ez-toc-page-1 ez-toc-heading-level-3'><a class=\"ez-toc-link ez-toc-heading-155\" href=\"https:\/\/www.malagacar.com\/fr\/blog\/astuces-de-voyage\/guide-costa-del-sol\/#Les_meilleures_routes_panoramiques_de_Malaga\" data-wpel-link=\"internal\">Les meilleures routes panoramiques de Malaga<\/a><\/li><li class='ez-toc-page-1 ez-toc-heading-level-3'><a class=\"ez-toc-link ez-toc-heading-156\" href=\"https:\/\/www.malagacar.com\/fr\/blog\/astuces-de-voyage\/guide-costa-del-sol\/#Les_plus_beaux_villages_blancs_de_lAlpujarra_a_Granada\" data-wpel-link=\"internal\">Les plus beaux villages blancs de l&rsquo;Alpujarra \u00e0 Granada<\/a><\/li><\/ul><\/li><li class='ez-toc-page-1 ez-toc-heading-level-2'><a class=\"ez-toc-link ez-toc-heading-157\" href=\"https:\/\/www.malagacar.com\/fr\/blog\/astuces-de-voyage\/guide-costa-del-sol\/#Tourisme_actif_sports_daventure\" data-wpel-link=\"internal\">Tourisme actif &amp; sports d&rsquo;aventure<\/a><ul class='ez-toc-list-level-3' ><li class='ez-toc-heading-level-3'><a class=\"ez-toc-link ez-toc-heading-158\" href=\"https:\/\/www.malagacar.com\/fr\/blog\/astuces-de-voyage\/guide-costa-del-sol\/#Piscines_naturelles_medicinales_a_Malaga\" data-wpel-link=\"internal\">Piscines naturelles &amp; m\u00e9dicinales \u00e0 Malaga<\/a><\/li><li class='ez-toc-page-1 ez-toc-heading-level-3'><a class=\"ez-toc-link ez-toc-heading-159\" href=\"https:\/\/www.malagacar.com\/fr\/blog\/astuces-de-voyage\/guide-costa-del-sol\/#Visiter_le_Caminito_del_Rey_%E2%80%93_Tout_ce_quil_faut_savoir\" data-wpel-link=\"internal\">Visiter le Caminito del Rey &#8211; Tout ce qu&rsquo;il faut savoir<\/a><\/li><li class='ez-toc-page-1 ez-toc-heading-level-3'><a class=\"ez-toc-link ez-toc-heading-160\" href=\"https:\/\/www.malagacar.com\/fr\/blog\/astuces-de-voyage\/guide-costa-del-sol\/#Recommandations_pour_le_Caminito_del_Rey_en_automne_et_hiver\" data-wpel-link=\"internal\">Recommandations pour le Caminito del Rey en automne et hiver<\/a><\/li><li class='ez-toc-page-1 ez-toc-heading-level-3'><a class=\"ez-toc-link ez-toc-heading-161\" href=\"https:\/\/www.malagacar.com\/fr\/blog\/astuces-de-voyage\/guide-costa-del-sol\/#El_Chorro_%E2%80%93_Un_paradis_naturel_a_Malaga\" data-wpel-link=\"internal\">El Chorro &#8211; Un paradis naturel \u00e0 Malaga<\/a><\/li><li class='ez-toc-page-1 ez-toc-heading-level-3'><a class=\"ez-toc-link ez-toc-heading-162\" href=\"https:\/\/www.malagacar.com\/fr\/blog\/astuces-de-voyage\/guide-costa-del-sol\/#Observation_des_oiseaux_a_Malaga\" data-wpel-link=\"internal\">Observation des oiseaux \u00e0 Malaga<\/a><\/li><li class='ez-toc-page-1 ez-toc-heading-level-3'><a class=\"ez-toc-link ez-toc-heading-163\" href=\"https:\/\/www.malagacar.com\/fr\/blog\/astuces-de-voyage\/guide-costa-del-sol\/#Parapente_Biplace_Malaga_%E2%80%93_Profitez_de_Malaga_depuis_le_ciel\" data-wpel-link=\"internal\">Parapente Biplace Malaga \u2013 Profitez de Malaga depuis le ciel<\/a><\/li><li class='ez-toc-page-1 ez-toc-heading-level-3'><a class=\"ez-toc-link ez-toc-heading-164\" href=\"https:\/\/www.malagacar.com\/fr\/blog\/astuces-de-voyage\/guide-costa-del-sol\/#Le_sentier_cotier_de_la_Costa_del_Sol\" data-wpel-link=\"internal\">Le sentier c\u00f4tier de la Costa del Sol<\/a><\/li><li class='ez-toc-page-1 ez-toc-heading-level-3'><a class=\"ez-toc-link ez-toc-heading-165\" href=\"https:\/\/www.malagacar.com\/fr\/blog\/astuces-de-voyage\/guide-costa-del-sol\/#El_Saltillo_%E2%80%93_Le_Caminito_del_Rey_inconnu_de_Malaga\" data-wpel-link=\"internal\">El Saltillo &#8211; Le Caminito del Rey inconnu de Malaga<\/a><\/li><li class='ez-toc-page-1 ez-toc-heading-level-3'><a class=\"ez-toc-link ez-toc-heading-166\" href=\"https:\/\/www.malagacar.com\/fr\/blog\/astuces-de-voyage\/guide-costa-del-sol\/#Surf_a_Malaga\" data-wpel-link=\"internal\">Surf \u00e0 Malaga<\/a><\/li><li class='ez-toc-page-1 ez-toc-heading-level-3'><a class=\"ez-toc-link ez-toc-heading-167\" href=\"https:\/\/www.malagacar.com\/fr\/blog\/astuces-de-voyage\/guide-costa-del-sol\/#Tourisme_actif_et_sports_daventure_a_Malaga\" data-wpel-link=\"internal\">Tourisme actif et sports d&rsquo;aventure \u00e0 Malaga<\/a><\/li><\/ul><\/li><li class='ez-toc-page-1 ez-toc-heading-level-2'><a class=\"ez-toc-link ez-toc-heading-168\" href=\"https:\/\/www.malagacar.com\/fr\/blog\/astuces-de-voyage\/guide-costa-del-sol\/#Tourisme_interieur\" data-wpel-link=\"internal\">Tourisme int\u00e9rieur<\/a><ul class='ez-toc-list-level-3' ><li class='ez-toc-heading-level-3'><a class=\"ez-toc-link ez-toc-heading-169\" href=\"https:\/\/www.malagacar.com\/fr\/blog\/astuces-de-voyage\/guide-costa-del-sol\/#Vacances_rurales_a_Malaga\" data-wpel-link=\"internal\">Vacances rurales \u00e0 Malaga<\/a><\/li><li class='ez-toc-page-1 ez-toc-heading-level-3'><a class=\"ez-toc-link ez-toc-heading-170\" href=\"https:\/\/www.malagacar.com\/fr\/blog\/astuces-de-voyage\/guide-costa-del-sol\/#Route_des_grottes_les_plus_spectaculaires_de_Malaga\" data-wpel-link=\"internal\">Route des grottes les plus spectaculaires de Malaga<\/a><\/li><li class='ez-toc-page-1 ez-toc-heading-level-3'><a class=\"ez-toc-link ez-toc-heading-171\" href=\"https:\/\/www.malagacar.com\/fr\/blog\/astuces-de-voyage\/guide-costa-del-sol\/#Routes_de_sapins_espagnols_a_Malaga\" data-wpel-link=\"internal\">Routes de sapins espagnols \u00e0 Malaga<\/a><\/li><li class='ez-toc-page-1 ez-toc-heading-level-3'><a class=\"ez-toc-link ez-toc-heading-172\" href=\"https:\/\/www.malagacar.com\/fr\/blog\/astuces-de-voyage\/guide-costa-del-sol\/#Decouvrez_Ronda_en_voiture\" data-wpel-link=\"internal\">D\u00e9couvrez Ronda en voiture<\/a><\/li><li class='ez-toc-page-1 ez-toc-heading-level-3'><a class=\"ez-toc-link ez-toc-heading-173\" href=\"https:\/\/www.malagacar.com\/fr\/blog\/astuces-de-voyage\/guide-costa-del-sol\/#Parc_national_de_la_Sierra_de_las_Nieves_de_Malaga\" data-wpel-link=\"internal\">Parc national de la Sierra de las Nieves de Malaga<\/a><\/li><li class='ez-toc-page-1 ez-toc-heading-level-3'><a class=\"ez-toc-link ez-toc-heading-174\" href=\"https:\/\/www.malagacar.com\/fr\/blog\/astuces-de-voyage\/guide-costa-del-sol\/#Visite_du_spectaculaire_Torcal_de_Antequera\" data-wpel-link=\"internal\">Visite du spectaculaire Torcal de Antequera<\/a><\/li><li class='ez-toc-page-1 ez-toc-heading-level-3'><a class=\"ez-toc-link ez-toc-heading-175\" href=\"https:\/\/www.malagacar.com\/fr\/blog\/astuces-de-voyage\/guide-costa-del-sol\/#Les_meilleurs_reservoirs_de_Malaga\" data-wpel-link=\"internal\">Les meilleurs r\u00e9servoirs de Malaga<\/a><\/li><li class='ez-toc-page-1 ez-toc-heading-level-3'><a class=\"ez-toc-link ez-toc-heading-176\" href=\"https:\/\/www.malagacar.com\/fr\/blog\/astuces-de-voyage\/guide-costa-del-sol\/#Choses_a_faire_a_Malaga_en_automne\" data-wpel-link=\"internal\">Choses \u00e0 faire \u00e0 Malaga en automne<\/a><\/li><li class='ez-toc-page-1 ez-toc-heading-level-3'><a class=\"ez-toc-link ez-toc-heading-177\" href=\"https:\/\/www.malagacar.com\/fr\/blog\/astuces-de-voyage\/guide-costa-del-sol\/#Les_meilleurs_itineraires_a_moto_a_Malaga_et_sur_la_Costa_del_Sol\" data-wpel-link=\"internal\">Les meilleurs itin\u00e9raires \u00e0 moto \u00e0 Malaga et sur la Costa del Sol<\/a><\/li><li class='ez-toc-page-1 ez-toc-heading-level-3'><a class=\"ez-toc-link ez-toc-heading-178\" href=\"https:\/\/www.malagacar.com\/fr\/blog\/astuces-de-voyage\/guide-costa-del-sol\/#Decouvrez_Sierra_Nevada_en_voiture\" data-wpel-link=\"internal\">D\u00e9couvrez Sierra Nevada en voiture<\/a><\/li><\/ul><\/li><li class='ez-toc-page-1 ez-toc-heading-level-2'><a class=\"ez-toc-link ez-toc-heading-179\" href=\"https:\/\/www.malagacar.com\/fr\/blog\/astuces-de-voyage\/guide-costa-del-sol\/#Location_de_voitures_a_laeroport_de_Malaga\" data-wpel-link=\"internal\">Location de voitures \u00e0 l&rsquo;a\u00e9roport de Malaga<\/a><ul class='ez-toc-list-level-3' ><li class='ez-toc-heading-level-3'><a class=\"ez-toc-link ez-toc-heading-180\" href=\"https:\/\/www.malagacar.com\/fr\/blog\/astuces-de-voyage\/guide-costa-del-sol\/#Top_20_des_questions_les_plus_frequemment_posees_sur_la_location_de_voiture_a_laeroport_de_Malaga\" data-wpel-link=\"internal\">Top 20 des questions les plus fr\u00e9quemment pos\u00e9es sur la location de voiture \u00e0 l&rsquo;a\u00e9roport de Malaga<\/a><\/li><li class='ez-toc-page-1 ez-toc-heading-level-3'><a class=\"ez-toc-link ez-toc-heading-181\" href=\"https:\/\/www.malagacar.com\/fr\/blog\/astuces-de-voyage\/guide-costa-del-sol\/#Louer_une_voiture_a_laeroport_de_Malaga_%E2%80%93_Evitez_les_supplements_caches\" data-wpel-link=\"internal\">Louer une voiture \u00e0 l&rsquo;a\u00e9roport de Malaga &#8211; \u00c9vitez les suppl\u00e9ments cach\u00e9s !<\/a><\/li><li class='ez-toc-page-1 ez-toc-heading-level-3'><a class=\"ez-toc-link ez-toc-heading-182\" href=\"https:\/\/www.malagacar.com\/fr\/blog\/astuces-de-voyage\/guide-costa-del-sol\/#Location_de_camping-cars_a_laeroport_de_Malaga\" data-wpel-link=\"internal\">Location de camping-cars \u00e0 l\u2019a\u00e9roport de Malaga<\/a><\/li><li class='ez-toc-page-1 ez-toc-heading-level-3'><a class=\"ez-toc-link ez-toc-heading-183\" href=\"https:\/\/www.malagacar.com\/fr\/blog\/astuces-de-voyage\/guide-costa-del-sol\/#Location_de_voitures_de_luxe_a_laeroport_de_Malaga\" data-wpel-link=\"internal\">Location de voitures de luxe \u00e0 l\u2019a\u00e9roport de Malaga<\/a><\/li><li class='ez-toc-page-1 ez-toc-heading-level-3'><a class=\"ez-toc-link ez-toc-heading-184\" href=\"https:\/\/www.malagacar.com\/fr\/blog\/astuces-de-voyage\/guide-costa-del-sol\/#De_quels_documents_ai-je_besoin_pour_louer_une_voiture_a_Malaga\" data-wpel-link=\"internal\">De quels documents ai-je besoin pour louer une voiture \u00e0 Malaga ?<\/a><\/li><li class='ez-toc-page-1 ez-toc-heading-level-3'><a class=\"ez-toc-link ez-toc-heading-185\" href=\"https:\/\/www.malagacar.com\/fr\/blog\/astuces-de-voyage\/guide-costa-del-sol\/#3_Conseils_faciles_pour_votre_assistance_routiere_avec_Malagacarcom\" data-wpel-link=\"internal\">3 Conseils faciles pour votre assistance routi\u00e8re avec Malagacar.com<\/a><\/li><li class='ez-toc-page-1 ez-toc-heading-level-3'><a class=\"ez-toc-link ez-toc-heading-186\" href=\"https:\/\/www.malagacar.com\/fr\/blog\/astuces-de-voyage\/guide-costa-del-sol\/#Pourquoi_notre_FULL_Pack_noffre_que_des_avantages\" data-wpel-link=\"internal\">Pourquoi notre FULL Pack n\u2019offre que des avantages<\/a><\/li><li class='ez-toc-page-1 ez-toc-heading-level-3'><a class=\"ez-toc-link ez-toc-heading-187\" href=\"https:\/\/www.malagacar.com\/fr\/blog\/astuces-de-voyage\/guide-costa-del-sol\/#Reduction_MalagaCarcom_Programme_de_fidelite_client\" data-wpel-link=\"internal\">R\u00e9duction MalagaCar.com\u00a0: Programme de fid\u00e9lit\u00e9 client<\/a><\/li><\/ul><\/li><li class='ez-toc-page-1 ez-toc-heading-level-2'><a class=\"ez-toc-link ez-toc-heading-188\" href=\"https:\/\/www.malagacar.com\/fr\/blog\/astuces-de-voyage\/guide-costa-del-sol\/#Conseils_pour_conduire_a_Malaga\" data-wpel-link=\"internal\">Conseils pour conduire \u00e0 Malaga<\/a><ul class='ez-toc-list-level-3' ><li class='ez-toc-heading-level-3'><a class=\"ez-toc-link ez-toc-heading-189\" href=\"https:\/\/www.malagacar.com\/fr\/blog\/astuces-de-voyage\/guide-costa-del-sol\/#Se_rendre_a_Marbella_depuis_laeroport_de_Malaga\" data-wpel-link=\"internal\">Se rendre \u00e0 Marbella depuis l&rsquo;a\u00e9roport de Malaga<\/a><\/li><li class='ez-toc-page-1 ez-toc-heading-level-3'><a class=\"ez-toc-link ez-toc-heading-190\" href=\"https:\/\/www.malagacar.com\/fr\/blog\/astuces-de-voyage\/guide-costa-del-sol\/#Proteger_voiture_en_inondation_tempete_Conseils_importants\" data-wpel-link=\"internal\">Prot\u00e9ger voiture en inondation &amp; temp\u00eate. Conseils importants<\/a><\/li><li class='ez-toc-page-1 ez-toc-heading-level-3'><a class=\"ez-toc-link ez-toc-heading-191\" href=\"https:\/\/www.malagacar.com\/fr\/blog\/astuces-de-voyage\/guide-costa-del-sol\/#Conduire_a_Malaga_est-il_difficile_Suivre_ces_conseils_simples\" data-wpel-link=\"internal\">Conduire \u00e0 Malaga est-il difficile ? Suivre ces conseils simples<\/a><\/li><li class='ez-toc-page-1 ez-toc-heading-level-3'><a class=\"ez-toc-link ez-toc-heading-192\" href=\"https:\/\/www.malagacar.com\/fr\/blog\/astuces-de-voyage\/guide-costa-del-sol\/#Conseils_pour_conduire_en_ete_a_Malaga\" data-wpel-link=\"internal\">Conseils pour conduire en \u00e9t\u00e9 \u00e0 Malaga<\/a><\/li><li class='ez-toc-page-1 ez-toc-heading-level-3'><a class=\"ez-toc-link ez-toc-heading-193\" href=\"https:\/\/www.malagacar.com\/fr\/blog\/astuces-de-voyage\/guide-costa-del-sol\/#Autoroute_de_la_Mediterranee_a_Malaga_A-7_versus_AP-7\" data-wpel-link=\"internal\">Autoroute de la M\u00e9diterran\u00e9e \u00e0 Malaga : A-7 versus AP-7<\/a><\/li><li class='ez-toc-page-1 ez-toc-heading-level-3'><a class=\"ez-toc-link ez-toc-heading-194\" href=\"https:\/\/www.malagacar.com\/fr\/blog\/astuces-de-voyage\/guide-costa-del-sol\/#Radars_a_Malaga\" data-wpel-link=\"internal\">Radars \u00e0 Malaga<\/a><\/li><li class='ez-toc-page-1 ez-toc-heading-level-3'><a class=\"ez-toc-link ez-toc-heading-195\" href=\"https:\/\/www.malagacar.com\/fr\/blog\/astuces-de-voyage\/guide-costa-del-sol\/#Amendes_de_circulation_a_Malaga\" data-wpel-link=\"internal\">Amendes de circulation \u00e0 Malaga<\/a><\/li><li class='ez-toc-page-1 ez-toc-heading-level-3'><a class=\"ez-toc-link ez-toc-heading-196\" href=\"https:\/\/www.malagacar.com\/fr\/blog\/astuces-de-voyage\/guide-costa-del-sol\/#Les_amendes_dete_typiques_au_volant_en_Espagne_%E2%80%93_Mythes_et_faits\" data-wpel-link=\"internal\">Les amendes d&rsquo;\u00e9t\u00e9 typiques au volant en Espagne &#8211; Mythes et faits<\/a><\/li><li class='ez-toc-page-1 ez-toc-heading-level-3'><a class=\"ez-toc-link ez-toc-heading-197\" href=\"https:\/\/www.malagacar.com\/fr\/blog\/astuces-de-voyage\/guide-costa-del-sol\/#Amendes_hivernales_a_Malaga\" data-wpel-link=\"internal\">Amendes hivernales \u00e0 Malaga<\/a><\/li><li class='ez-toc-page-1 ez-toc-heading-level-3'><a class=\"ez-toc-link ez-toc-heading-198\" href=\"https:\/\/www.malagacar.com\/fr\/blog\/astuces-de-voyage\/guide-costa-del-sol\/#Zone_a_faibles_emissions_de_Malaga_%E2%80%93_Tout_ce_que_vous_devez_savoir\" data-wpel-link=\"internal\">Zone \u00e0 faibles \u00e9missions de Malaga \u2013 Tout ce que vous devez savoir<\/a><\/li><li class='ez-toc-page-1 ez-toc-heading-level-3'><a class=\"ez-toc-link ez-toc-heading-199\" href=\"https:\/\/www.malagacar.com\/fr\/blog\/astuces-de-voyage\/guide-costa-del-sol\/#Nouvelles_regles_de_circulation_Espagne_2025\" data-wpel-link=\"internal\">Nouvelles r\u00e8gles de circulation Espagne 2025<\/a><\/li><\/ul><\/li><li class='ez-toc-page-1 ez-toc-heading-level-2'><a class=\"ez-toc-link ez-toc-heading-200\" href=\"https:\/\/www.malagacar.com\/fr\/blog\/astuces-de-voyage\/guide-costa-del-sol\/#Curiosites_de_Malaga\" data-wpel-link=\"internal\">Curiosit\u00e9s de Malaga<\/a><ul class='ez-toc-list-level-3' ><li class='ez-toc-heading-level-3'><a class=\"ez-toc-link ez-toc-heading-201\" href=\"https:\/\/www.malagacar.com\/fr\/blog\/astuces-de-voyage\/guide-costa-del-sol\/#Promenade_historique_dans_la_rue_Larios_a_Noel\" data-wpel-link=\"internal\">Promenade historique dans la rue Larios \u00e0 No\u00ebl<\/a><\/li><\/ul><\/li><\/ul><\/nav><\/div>\n<h2><span class=\"ez-toc-section\" id=\"Clubs_et_bars_de_plage\"><\/span>Clubs et bars de plage<span class=\"ez-toc-section-end\"><\/span><\/h2>\n<p>\u00bfQu&rsquo;est-ce que les clubs et les bars de plage ? Ceux d&rsquo;entre vous qui ont d\u00e9j\u00e0 visit\u00e9 la Costa del Sol le savent.<\/p>\n<p>Les <strong>clubs de plage<\/strong> sont des lieux exclusifs situ\u00e9s en bord de mer, avec leur propre piscine et leur propre aire de repos, o\u00f9 l&rsquo;on peut manger ou boire un verre. Certains des meilleurs clubs de plage se trouvent \u00e0 Marbella, mais on en trouve tout au long de la Costa del Sol. Il n&rsquo;est pas difficile d&rsquo;apercevoir des personnes riches et c\u00e9l\u00e8bres se rendant dans l&rsquo;un de ces clubs exclusifs o\u00f9 une grande bouteille de cava peut co\u00fbter environ 3 000 euros. Ne vous inqui\u00e9tez pas, il existe des prix pour les budgets plus modestes, mais sachez que le prix de tout est plus \u00e9lev\u00e9 que dans un bar de plage.<\/p>\n<p>Les <strong>bars de plage<\/strong> se trouvent \u00e9galement en face de la plage, mais ils n&rsquo;ont pas de piscine. Vous pouvez y manger ou boire un verre, mais le prix est plus \u00e9lev\u00e9 que dans un restaurant. Ils proposent des places assises ou des lits, selon le bar de plage, et le menu est bas\u00e9 sur le poisson et les fruits de mer, bien que leur carte soit plus \u00e9tendue.<\/p>\n<h3><span class=\"ez-toc-section\" id=\"Les_50_meilleurs_bars_de_plage_de_la_Costa_del_Sol\"><\/span>Les 50 meilleurs bars de plage de la Costa del Sol<span class=\"ez-toc-section-end\"><\/span><\/h3>\n<p>Sur les 160 km de la Costa del Sol \u00e0 Malaga, de Manilva \u00e0 Nerja, il y a environ 300 <a href=\"https:\/\/www.malagacar.com\/fr\/blog\/loisirs\/bars-de-plage-malaga\/\" data-wpel-link=\"internal\"><strong>bars de plage<\/strong><\/a>. Profitez de l&rsquo;excellente gastronomie locale au bord de la mer M\u00e9diterran\u00e9e.<\/p>\n<h3><span class=\"ez-toc-section\" id=\"Meilleurs_clubs_de_plage_a_Marbella\"><\/span>Meilleurs clubs de plage \u00e0 Marbella<span class=\"ez-toc-section-end\"><\/span><\/h3>\n<p><a href=\"https:\/\/www.malagacar.com\/fr\/blog\/astuces-de-voyage\/meilleurs-clubs-de-plage-marbella\/\" data-wpel-link=\"internal\"><img loading=\"lazy\" decoding=\"async\" class=\"alignnone wp-image-1095\" src=\"https:\/\/www.malagacar.com\/fr\/blog\/wp-content\/uploads\/2024\/04\/marbella-beach-clubs-fr.jpg\" alt=\"meilleurs clubs de plage de Marbella. guide Costa del Sol\" width=\"903\" height=\"602\" srcset=\"https:\/\/www.malagacar.com\/fr\/blog\/wp-content\/uploads\/2024\/04\/marbella-beach-clubs-fr.jpg 1280w, https:\/\/www.malagacar.com\/fr\/blog\/wp-content\/uploads\/2024\/04\/marbella-beach-clubs-fr-300x200.jpg 300w, https:\/\/www.malagacar.com\/fr\/blog\/wp-content\/uploads\/2024\/04\/marbella-beach-clubs-fr-1024x682.jpg 1024w, https:\/\/www.malagacar.com\/fr\/blog\/wp-content\/uploads\/2024\/04\/marbella-beach-clubs-fr-768x512.jpg 768w\" sizes=\"auto, (max-width: 903px) 100vw, 903px\" \/><\/a><\/p>\n<p>C&rsquo;est sans aucun doute \u00e0 Marbella que l&rsquo;on trouve les clubs de plage les meilleurs et les plus sophistiqu\u00e9s de la Costa del Sol.<\/p>\n<p>Vous aimez les f\u00eates nocturnes luxuriantes ou la d\u00e9tente raffin\u00e9e dans un cadre exclusif en bord de mer ? Les clubs de plage de Marbella vous offrent tout cela et bien plus encore.<\/p>\n<h3><span class=\"ez-toc-section\" id=\"Les_meilleurs_clubs_de_plage_de_la_Costa_del_Sol\"><\/span>Les meilleurs clubs de plage de la Costa del Sol<span class=\"ez-toc-section-end\"><\/span><\/h3>\n<figure id=\"attachment_9281\" aria-describedby=\"caption-attachment-9281\" style=\"width: 503px\" class=\"wp-caption alignnone\"><img loading=\"lazy\" decoding=\"async\" class=\"wp-image-9281\" src=\"https:\/\/www.malagacar.com\/blog\/wp-content\/uploads\/2022\/04\/marbs-Foto-Living-Marbella.jpg\" alt=\"guide Costa del Sol\" width=\"503\" height=\"602\" \/><figcaption id=\"caption-attachment-9281\" class=\"wp-caption-text\">Photo Living Marbella<\/figcaption><\/figure>\n<p>Nombreux sont ceux qui aiment poser une serviette sur le sable n&rsquo;importe o\u00f9. D&rsquo;autres s&rsquo;adonnent aux plaisirs plus sophistiqu\u00e9s de l&rsquo;\u00e9t\u00e9 dans les clubs de plage les plus raffin\u00e9s de Malaga.<\/p>\n<p>Rejoignez-nous dans ce voyage sybaritique \u00e0 travers les <a href=\"https:\/\/www.malagacar.com\/fr\/blog\/loisirs\/meilleurs-beach-clubs-costa-del-sol\/\" data-wpel-link=\"internal\"><strong>meilleurs clubs de plage de la Costa del Sol<\/strong><\/a> !<\/p>\n<h2><span class=\"ez-toc-section\" id=\"Plages\"><\/span>Plages<span class=\"ez-toc-section-end\"><\/span><\/h2>\n<p>Notre guide de la Costa del Sol doit avoir une id\u00e9e de nos meilleures plages, voulez-vous les d\u00e9couvrir ?<\/p>\n<h3><span class=\"ez-toc-section\" id=\"Les_meilleures_plages_de_la_Costa_del_Sol_occidentale\"><\/span>Les meilleures plages de la Costa del Sol occidentale<span class=\"ez-toc-section-end\"><\/span><\/h3>\n<p>La <a href=\"https:\/\/www.malagacar.com\/fr\/blog\/astuces-de-voyage\/meilleures-plages-costa-del-sol-occidentale\/\" data-wpel-link=\"internal\"><strong>c\u00f4te ouest de Malaga<\/strong><\/a>, qui s&rsquo;\u00e9tend de Malaga \u00e0 Manilva, a perfectionn\u00e9 le concept du tourisme au fil des d\u00e9cennies :<\/p>\n<p>Vous avez envie de poser vos valises dans votre chambre d&rsquo;h\u00f4tel et de vous installer directement sur une chaise longue sur la plage ? De savourer des cocktails, de la bonne nourriture et de profiter de la vie nocturne ? C&rsquo;est l&rsquo;endroit id\u00e9al !<\/p>\n<h3><span class=\"ez-toc-section\" id=\"Les_meilleures_plages_de_la_Costa_del_Sol_orientale\"><\/span>Les meilleures plages de la Costa del Sol orientale<span class=\"ez-toc-section-end\"><\/span><\/h3>\n<figure id=\"attachment_9282\" aria-describedby=\"caption-attachment-9282\" style=\"width: 621px\" class=\"wp-caption alignnone\"><img loading=\"lazy\" decoding=\"async\" class=\"wp-image-9282\" src=\"https:\/\/www.malagacar.com\/blog\/wp-content\/uploads\/2022\/04\/cala-de-la-doncella-768x422-1.jpg\" alt=\"Costa del Sol Guide\" width=\"621\" height=\"341\" \/><figcaption id=\"caption-attachment-9282\" class=\"wp-caption-text\">Cala de la Doncella<\/figcaption><\/figure>\n<p>Rejoignez-nous pour d\u00e9couvrir la beaut\u00e9 de la <a href=\"https:\/\/www.malagacar.com\/fr\/blog\/astuces-de-voyage\/meilleures-plages-de-la-costa-del-sol-orientale\/\" data-wpel-link=\"internal\"><strong>Costa del Sol orientale<\/strong><\/a>, avec certaines des plus belles criques de la province.<\/p>\n<h3><span class=\"ez-toc-section\" id=\"Les_11_criques_cachees_les_plus_spectaculaires_de_la_Costa_del_Sol\"><\/span>Les 11 criques cach\u00e9es les plus spectaculaires de la Costa del Sol<span class=\"ez-toc-section-end\"><\/span><\/h3>\n<p>Nous vous pr\u00e9sentons les criques les <a href=\"https:\/\/www.malagacar.com\/fr\/blog\/loisirs\/criques-cachees-costa-del-sol\/\" data-wpel-link=\"internal\"><strong>plus cach\u00e9es et les plus belles de la Costa del Sol<\/strong><\/a>, accessibles \u00e0 pied, en bateau, en paddle surf ou en kayak.<\/p>\n<h3><span class=\"ez-toc-section\" id=\"Plages_de_la_Costa_del_Sol_arborant_le_Pavillon_bleu\"><\/span>Plages de la Costa del Sol arborant le Pavillon bleu<span class=\"ez-toc-section-end\"><\/span><\/h3>\n<p>Le littoral de Malaga s&rsquo;enorgueillit chaque ann\u00e9e de nombreuses plages <a href=\"https:\/\/www.malagacar.com\/fr\/blog\/astuces-de-voyage\/plages-pavillon-bleu-costa-del-sol\/\" data-wpel-link=\"internal\"><strong>Pavillon bleu<\/strong><\/a><strong>.<\/strong> Plages avec une excellente qualit\u00e9 de l&rsquo;eau, ramassage des d\u00e9chets et nettoyage, ainsi que des sauveteurs qualifi\u00e9s. En outre, des postes de premiers secours, des rampes d&rsquo;acc\u00e8s \u00e0 la plage et des toilettes pour les personnes handicap\u00e9es, ainsi qu&rsquo;un tr\u00e8s bon entretien en g\u00e9n\u00e9ral.<\/p>\n<h3><span class=\"ez-toc-section\" id=\"Les_meilleures_plages_nudistes_de_Malaga\"><\/span>Les meilleures plages nudistes de Malaga<span class=\"ez-toc-section-end\"><\/span><\/h3>\n<p>La province de Malaga compte d\u00e9j\u00e0 8 fantastiques <a href=\"https:\/\/www.malagacar.com\/fr\/blog\/loisirs\/plages-naturistes-malaga\/\" data-wpel-link=\"internal\"><strong>plages nudistes<\/strong><\/a> que nous allons vous pr\u00e9senter ci-dessous.<\/p>\n<h3><span class=\"ez-toc-section\" id=\"Plages_pour_chiens_a_Malaga\"><\/span>Plages pour chiens \u00e0 Malaga<span class=\"ez-toc-section-end\"><\/span><\/h3>\n<figure id=\"attachment_8928\" aria-describedby=\"caption-attachment-8928\" style=\"width: 502px\" class=\"wp-caption alignnone\"><img loading=\"lazy\" decoding=\"async\" class=\" wp-image-8928\" src=\"https:\/\/www.malagacar.com\/blog\/wp-content\/uploads\/2022\/02\/Playa-perruna-Torre-del-Mar-Foto-Luis-Miguel-Novalbos-Mozos.jpg\" alt=\"\" width=\"502\" height=\"597\" \/><figcaption id=\"caption-attachment-8928\" class=\"wp-caption-text\">Plage pour chiens Torre del Mar Photo Luis Miguel Novalbos Mozos<\/figcaption><\/figure>\n<p>D\u00e9couvrez o\u00f9 vous pouvez emmener votre compagnon \u00e0 quatre pattes pour un bain rafra\u00eechissant sur les <a href=\"https:\/\/www.malagacar.com\/fr\/blog\/astuces-de-voyage\/costa-del-sol-avec-chien\/\" data-wpel-link=\"internal\"><strong>plages de la Costa del Sol adapt\u00e9es aux chiens<\/strong><\/a>.<\/p>\n<h2><span class=\"ez-toc-section\" id=\"Hotels\"><\/span>H\u00f4tels<span class=\"ez-toc-section-end\"><\/span><\/h2>\n<p>Trouvez les meilleurs h\u00f4tels de Malaga gr\u00e2ce \u00e0 notre guide Costa del Sol :<\/p>\n<h3><span class=\"ez-toc-section\" id=\"Hotels_5_etoiles_a_Marbella\"><\/span>H\u00f4tels 5 \u00e9toiles \u00e0 Marbella<span class=\"ez-toc-section-end\"><\/span><\/h3>\n<p>Saviez-vous qu&rsquo;\u00e0 Marbella il y a plus d&rsquo;une douzaine d&rsquo;<a href=\"https:\/\/www.malagacar.com\/fr\/blog\/astuces-de-voyage\/hotels-5-etoiles-marbella\/\" data-wpel-link=\"internal\"><strong>h\u00f4tels cinq \u00e9toiles<\/strong><\/a>, offrant les meilleurs services et garantissant \u00e0 leurs clients un plaisir sans souci ?<\/p>\n<p>Nous vous invitons \u00e0 d\u00e9couvrir quelques-uns des \u00e9tablissements les plus beaux et les plus sophistiqu\u00e9s de la Costa del Sol !<\/p>\n<h3><span class=\"ez-toc-section\" id=\"Hotels_reserves_aux_adultes_sur_la_Costa_del_Sol\"><\/span>H\u00f4tels r\u00e9serv\u00e9s aux adultes sur la Costa del Sol<span class=\"ez-toc-section-end\"><\/span><\/h3>\n<p><img loading=\"lazy\" decoding=\"async\" class=\"alignnone wp-image-9239\" src=\"https:\/\/www.malagacar.com\/blog\/wp-content\/uploads\/2022\/03\/adults.jpg\" alt=\"\" width=\"621\" height=\"466\" \/><\/p>\n<p>De nombreuses raisons peuvent nous inciter \u00e0 r\u00e9server une chambre dans un h\u00f4tel r\u00e9serv\u00e9 aux adultes.<\/p>\n<p>Nous vous pr\u00e9sentons plus d&rsquo;une douzaine des <a href=\"https:\/\/www.malagacar.com\/fr\/blog\/astuces-de-voyage\/hotels-reserves-aux-adultes-costa-del-sol\/\" data-wpel-link=\"internal\"><strong>meilleurs h\u00f4tels r\u00e9serv\u00e9s aux adultes sur la Costa del Sol<\/strong><\/a>. D\u00e9couvrez-les avec nous !<\/p>\n<h3><span class=\"ez-toc-section\" id=\"Les_meilleurs_hotels_familiaux_de_la_Costa_del_Sol\"><\/span>Les meilleurs h\u00f4tels familiaux de la Costa del Sol<span class=\"ez-toc-section-end\"><\/span><\/h3>\n<p><a href=\"https:\/\/www.malagacar.com\/fr\/blog\/astuces-de-voyage\/hotels-familiaux-costa-del-sol\/\" data-wpel-link=\"internal\"><img loading=\"lazy\" decoding=\"async\" class=\"alignnone wp-image-2631 size-full\" src=\"https:\/\/www.malagacar.com\/fr\/blog\/wp-content\/uploads\/2024\/03\/family-hotels-fr.jpg\" alt=\"h\u00f4tels familiaux de la Costa del Sol\" width=\"1215\" height=\"822\" srcset=\"https:\/\/www.malagacar.com\/fr\/blog\/wp-content\/uploads\/2024\/03\/family-hotels-fr.jpg 1215w, https:\/\/www.malagacar.com\/fr\/blog\/wp-content\/uploads\/2024\/03\/family-hotels-fr-300x203.jpg 300w, https:\/\/www.malagacar.com\/fr\/blog\/wp-content\/uploads\/2024\/03\/family-hotels-fr-1024x693.jpg 1024w, https:\/\/www.malagacar.com\/fr\/blog\/wp-content\/uploads\/2024\/03\/family-hotels-fr-768x520.jpg 768w\" sizes=\"auto, (max-width: 1215px) 100vw, 1215px\" \/><\/a><\/p>\n<p>&nbsp;<\/p>\n<p>La Costa del Sol ensoleill\u00e9e est, pour de nombreuses raisons, probablement la meilleure destination europ\u00e9enne pour des vacances en famille. D\u00e9couvrez avec nous les <a href=\"https:\/\/www.malagacar.com\/fr\/blog\/astuces-de-voyage\/hotels-familiaux-costa-del-sol\/\" data-wpel-link=\"internal\"><strong>meilleurs h\u00f4tels familiaux de la Costa del Sol<\/strong><\/a>.<\/p>\n<h3><span class=\"ez-toc-section\" id=\"Les_meilleurs_hotels_de_charme_du_centre_de_Malaga\"><\/span>Les meilleurs h\u00f4tels de charme du centre de Malaga<span class=\"ez-toc-section-end\"><\/span><\/h3>\n<p><img loading=\"lazy\" decoding=\"async\" class=\"alignnone wp-image-10000\" src=\"https:\/\/www.malagacar.com\/blog\/wp-content\/uploads\/2022\/06\/only-you-view.jpg\" alt=\"charming hotels centre Malaga. guide Costa del Sol\" width=\"620\" height=\"354\" \/><\/p>\n<p>Vous venez passer quelques jours \u00e0 Malaga pour une <a href=\"https:\/\/www.malagacar.com\/fr\/blog\/loisirs\/quoi-voir-a-malaga-en-une-journee\/\" data-wpel-link=\"internal\"><strong>escapade citadine<\/strong><\/a> ? Vous avez envie de s\u00e9journer au c\u0153ur de la ville dans un h\u00f4tel de charme ?<\/p>\n<p>Nous avons pour vous les <a href=\"https:\/\/www.malagacar.com\/fr\/blog\/astuces-de-voyage\/meilleurs-hotels-centre-malaga\/\" data-wpel-link=\"internal\"><strong>meilleurs h\u00f4tels de charme au c\u0153ur de la ville<\/strong><\/a><strong>.<\/strong> \u00c0 quelques m\u00e8tres de la rue principale Calle Larios, \u00e0 proximit\u00e9 des mus\u00e9es et du port de Malaga.<\/p>\n<h3><span class=\"ez-toc-section\" id=\"Hotels_Halal_Friendly_a_Malaga\"><\/span>H\u00f4tels Halal Friendly \u00e0 Malaga<span class=\"ez-toc-section-end\"><\/span><\/h3>\n<p><a href=\"https:\/\/www.malagacar.com\/fr\/blog\/astuces-de-voyage\/tourisme-halal-a-malaga\/\" data-wpel-link=\"internal\"><img loading=\"lazy\" decoding=\"async\" class=\"alignnone wp-image-957 size-full\" src=\"https:\/\/www.malagacar.com\/fr\/blog\/wp-content\/uploads\/2024\/02\/halal-turismo-malaga-fr.jpg\" alt=\"Tourisme halal \u00e0 Malaga. guide Costa del Sol\" width=\"1000\" height=\"667\" srcset=\"https:\/\/www.malagacar.com\/fr\/blog\/wp-content\/uploads\/2024\/02\/halal-turismo-malaga-fr.jpg 1000w, https:\/\/www.malagacar.com\/fr\/blog\/wp-content\/uploads\/2024\/02\/halal-turismo-malaga-fr-300x200.jpg 300w, https:\/\/www.malagacar.com\/fr\/blog\/wp-content\/uploads\/2024\/02\/halal-turismo-malaga-fr-768x512.jpg 768w\" sizes=\"auto, (max-width: 1000px) 100vw, 1000px\" \/><\/a><\/p>\n<p>Chaque \u00e9t\u00e9, Malaga et surtout Marbella attirent un nombre consid\u00e9rable de visiteurs en provenance des pays arabes.<\/p>\n<p>D\u00e9couvrez les <a href=\"https:\/\/www.malagacar.com\/fr\/blog\/astuces-de-voyage\/tourisme-halal-a-malaga\/\" data-wpel-link=\"internal\"><strong>h\u00f4tels Halal Friendly et plus d&rsquo;informations<\/strong><\/a> pour votre voyage sur la Costa del Sol.<\/p>\n<h2><span class=\"ez-toc-section\" id=\"Festivals_et_concerts\"><\/span>Festivals et concerts<span class=\"ez-toc-section-end\"><\/span><\/h2>\n<h3><span class=\"ez-toc-section\" id=\"Festivals_de_musique_de_la_Costa_del_Sol\"><\/span>Festivals de musique de la Costa del Sol<span class=\"ez-toc-section-end\"><\/span><\/h3>\n<p><img loading=\"lazy\" decoding=\"async\" class=\"alignnone wp-image-9713\" src=\"https:\/\/www.malagacar.com\/blog\/wp-content\/uploads\/2021\/12\/music-festivals-en.jpg\" alt=\"\" width=\"618\" height=\"369\" \/><\/p>\n<p>Un climat doux et bienveillant, la brise marine, des sc\u00e8nes impressionnantes et une programmation riche en artistes.<\/p>\n<p>La Costa el Sol dispose \u00e9galement de toutes les infrastructures n\u00e9cessaires, de logements et d&rsquo;h\u00f4tels. Et l&rsquo;a\u00e9roport international de Malaga n&rsquo;est qu&rsquo;\u00e0 quelques kilom\u00e8tres.<\/p>\n<p>Il ne nous reste plus qu&rsquo;\u00e0 choisir les <a href=\"https:\/\/www.malagacar.com\/fr\/blog\/loisirs\/festivals-musique-costa-del-sol\/\" data-wpel-link=\"internal\"><strong>festivals de musique<\/strong><\/a> que nous allons visiter.<\/p>\n<h3><span class=\"ez-toc-section\" id=\"Concerts_Marenostrum_Fuengirola\"><\/span>Concerts Marenostrum Fuengirola<span class=\"ez-toc-section-end\"><\/span><\/h3>\n<p><a href=\"https:\/\/www.malagacar.com\/fr\/blog\/loisirs\/concerts-marenostrum-fuengirola\/\" data-wpel-link=\"internal\"><img loading=\"lazy\" decoding=\"async\" class=\"alignnone size-full wp-image-1019\" src=\"https:\/\/www.malagacar.com\/fr\/blog\/wp-content\/uploads\/2024\/03\/cartel.jpeg\" alt=\"Concerts Marenostrum Fuengirola\" width=\"600\" height=\"347\" srcset=\"https:\/\/www.malagacar.com\/fr\/blog\/wp-content\/uploads\/2024\/03\/cartel.jpeg 600w, https:\/\/www.malagacar.com\/fr\/blog\/wp-content\/uploads\/2024\/03\/cartel-300x174.jpeg 300w\" sizes=\"auto, (max-width: 600px) 100vw, 600px\" \/><\/a><\/p>\n<p>D\u00e9couvrez la programmation de cette saison, avec des concerts, des festivals et des \u00e9v\u00e9nements au <a href=\"https:\/\/www.malagacar.com\/fr\/blog\/loisirs\/concerts-marenostrum-fuengirola\/\" data-wpel-link=\"internal\"><strong>Marenostrum Fuengirola<\/strong><\/a>. L&rsquo;un des lieux de musique en plein air les plus spectaculaires.<\/p>\n<h3><span class=\"ez-toc-section\" id=\"Starlite_Marbella_%E2%80%93_Le_meilleur_festival_de_boutiques\"><\/span>Starlite Marbella &#8211; Le meilleur festival de boutiques<span class=\"ez-toc-section-end\"><\/span><\/h3>\n<p><img loading=\"lazy\" decoding=\"async\" class=\"alignnone\" src=\"https:\/\/www.malagacar.com\/blog\/wp-content\/uploads\/2022\/04\/starlight-full-1024x608.jpg\" alt=\"Starlite Marbella. guide Costa del Sol\" width=\"1024\" height=\"608\" \/><\/p>\n<p><a href=\"https:\/\/www.malagacar.com\/fr\/blog\/loisirs\/starlite-marbella\/\" data-wpel-link=\"internal\"><strong>Starlite Marbella<\/strong><\/a> est sans aucun doute l&rsquo;une des meilleures salles de concert. Des artistes prestigieux se produisent dans des concerts de petite taille, dans un cadre imbattable de la Cantera de Nag\u00fceles.<\/p>\n<p>Le festival des boutiques de Marbella propose pr\u00e8s de 50 jours de concerts. En juin, juillet, ao\u00fbt et septembre, nous pouvons profiter d&rsquo;une programmation qui r\u00e9unit les artistes les plus importants de la sc\u00e8ne musicale.<\/p>\n<h2><span class=\"ez-toc-section\" id=\"Achats\"><\/span>Achats<span class=\"ez-toc-section-end\"><\/span><\/h2>\n<h3><span class=\"ez-toc-section\" id=\"Plaza_Mayor_%E2%80%93_Centre_commercial_a_proximite_de_laeroport_de_Malaga\"><\/span>Plaza Mayor &#8211; Centre commercial \u00e0 proximit\u00e9 de l&rsquo;a\u00e9roport de Malaga<span class=\"ez-toc-section-end\"><\/span><\/h3>\n<p><a href=\"https:\/\/www.malagacar.com\/fr\/blog\/aeroport-de-malaga\/centre-commercial-malaga-aeroport\/\" data-wpel-link=\"internal\"><img loading=\"lazy\" decoding=\"async\" class=\"alignnone wp-image-286 size-full\" src=\"https:\/\/www.malagacar.com\/fr\/blog\/wp-content\/uploads\/2022\/04\/plaza-mayor-enjpg-768x576-1.jpg\" alt=\"Plaza Mayor. guide Costa del Sol\" width=\"768\" height=\"576\" srcset=\"https:\/\/www.malagacar.com\/fr\/blog\/wp-content\/uploads\/2022\/04\/plaza-mayor-enjpg-768x576-1.jpg 768w, https:\/\/www.malagacar.com\/fr\/blog\/wp-content\/uploads\/2022\/04\/plaza-mayor-enjpg-768x576-1-300x225.jpg 300w\" sizes=\"auto, (max-width: 768px) 100vw, 768px\" \/><\/a><\/p>\n<p>Le <a href=\"https:\/\/www.malagacar.com\/fr\/blog\/aeroport-de-malaga\/centre-commercial-malaga-aeroport\/\" data-wpel-link=\"internal\"><strong>centre commercial Plaza Mayor<\/strong><\/a> se trouve \u00e0 seulement 2 km de l&rsquo;a\u00e9roport de Malaga.<\/p>\n<p>Ce grand complexe de boutiques et de restaurants pr\u00e9sente un design unique. Il recr\u00e9e un village andalou typique en plein air, avec des maisons, des places et des rues magnifiquement d\u00e9cor\u00e9es.<\/p>\n<h3><span class=\"ez-toc-section\" id=\"Centres_commerciaux_a_Malaga_Heures_douverture_et_jours_feries_2026\"><\/span>Centres commerciaux \u00e0 Malaga : Heures d&rsquo;ouverture et jours f\u00e9ri\u00e9s 2026<span class=\"ez-toc-section-end\"><\/span><\/h3>\n<p><a href=\"https:\/\/www.malagacar.com\/fr\/blog\/loisirs\/centres-commerciaux-a-malaga\/\" data-wpel-link=\"internal\"><img loading=\"lazy\" decoding=\"async\" class=\"alignnone wp-image-601\" src=\"https:\/\/www.malagacar.com\/fr\/blog\/wp-content\/uploads\/2023\/08\/centres-commerciaux-malaga.jpg\" alt=\"Centres commerciaux \u00e0 Malaga. guide Costa del Sol\" width=\"870\" height=\"579\" srcset=\"https:\/\/www.malagacar.com\/fr\/blog\/wp-content\/uploads\/2023\/08\/centres-commerciaux-malaga.jpg 1200w, https:\/\/www.malagacar.com\/fr\/blog\/wp-content\/uploads\/2023\/08\/centres-commerciaux-malaga-300x200.jpg 300w, https:\/\/www.malagacar.com\/fr\/blog\/wp-content\/uploads\/2023\/08\/centres-commerciaux-malaga-1024x682.jpg 1024w, https:\/\/www.malagacar.com\/fr\/blog\/wp-content\/uploads\/2023\/08\/centres-commerciaux-malaga-768x511.jpg 768w\" sizes=\"auto, (max-width: 870px) 100vw, 870px\" \/><\/a><\/p>\n<p>Il existe un grand nombre de <a href=\"https:\/\/www.malagacar.com\/fr\/blog\/loisirs\/centres-commerciaux-a-malaga\/\" data-wpel-link=\"internal\"><strong>centres commerciaux \u00e0 Malaga<\/strong><\/a> et sur la Costa del Sol.<\/p>\n<p>D\u00e9couvrez ce que vous pouvez y faire en plus du shopping. Les horaires d&rsquo;ouverture et les jours f\u00e9ri\u00e9s.<\/p>\n<h3><span class=\"ez-toc-section\" id=\"Marches_aux_puces_et_marches_de_rue_a_Malaga_et_sur_la_Costa_del_Sol\"><\/span>March\u00e9s aux puces et march\u00e9s de rue \u00e0 Malaga et sur la Costa del Sol<span class=\"ez-toc-section-end\"><\/span><\/h3>\n<p><a href=\"https:\/\/www.malagacar.com\/fr\/blog\/loisirs\/marches-de-rue-malaga\/\" data-wpel-link=\"internal\"><img loading=\"lazy\" decoding=\"async\" class=\"alignnone wp-image-1208\" src=\"https:\/\/www.malagacar.com\/fr\/blog\/wp-content\/uploads\/2024\/05\/mercadillos-fr.jpg\" alt=\"march\u00e9s de rue \u00e0 M\u00e1laga\" width=\"979\" height=\"564\" srcset=\"https:\/\/www.malagacar.com\/fr\/blog\/wp-content\/uploads\/2024\/05\/mercadillos-fr.jpg 1200w, https:\/\/www.malagacar.com\/fr\/blog\/wp-content\/uploads\/2024\/05\/mercadillos-fr-300x173.jpg 300w, https:\/\/www.malagacar.com\/fr\/blog\/wp-content\/uploads\/2024\/05\/mercadillos-fr-1024x590.jpg 1024w, https:\/\/www.malagacar.com\/fr\/blog\/wp-content\/uploads\/2024\/05\/mercadillos-fr-768x442.jpg 768w\" sizes=\"auto, (max-width: 979px) 100vw, 979px\" \/><\/a><\/p>\n<p>Envie de vous promener dans l&rsquo;un des march\u00e9s aux puces et des<a href=\"https:\/\/www.malagacar.com\/fr\/blog\/loisirs\/marches-de-rue-malaga\/\" data-wpel-link=\"internal\"><strong> march\u00e9s de rue de Malaga<\/strong><\/a> ? Plongez dans la vie de la rue.<\/p>\n<p>Achetez des fruits, des l\u00e9gumes, des accessoires et bien d&rsquo;autres choses encore \u00e0 des prix populaires, trouvez une bonne affaire ou m\u00eame une antiquit\u00e9, dans notre Guide Costa del Sol.<\/p>\n<h2><span class=\"ez-toc-section\" id=\"Gastronomie_a_Malaga\"><\/span>Gastronomie \u00e0 Malaga<span class=\"ez-toc-section-end\"><\/span><\/h2>\n<h3><span class=\"ez-toc-section\" id=\"Itineraire_des_plats_typiques_de_Malaga_Careme_Paques\"><\/span>Itin\u00e9raire des plats typiques de Malaga Car\u00eame &amp; P\u00e2ques<span class=\"ez-toc-section-end\"><\/span><\/h3>\n<p><a href=\"https:\/\/www.malagacar.com\/fr\/blog\/loisirs\/plats-typiques-malaga-careme-paques\/%20\" data-wpel-link=\"internal\"><img loading=\"lazy\" decoding=\"async\" class=\"alignnone size-full wp-image-3167\" src=\"https:\/\/www.malagacar.com\/fr\/blog\/wp-content\/uploads\/2026\/02\/gastro-cuaresma.jpg\" alt=\"plats typiques de Malaga Car\u00eame &amp; P\u00e2ques\" width=\"1000\" height=\"730\" srcset=\"https:\/\/www.malagacar.com\/fr\/blog\/wp-content\/uploads\/2026\/02\/gastro-cuaresma.jpg 1000w, https:\/\/www.malagacar.com\/fr\/blog\/wp-content\/uploads\/2026\/02\/gastro-cuaresma-300x219.jpg 300w, https:\/\/www.malagacar.com\/fr\/blog\/wp-content\/uploads\/2026\/02\/gastro-cuaresma-768x561.jpg 768w\" sizes=\"auto, (max-width: 1000px) 100vw, 1000px\" \/><\/a><\/p>\n<p>Vous aimez go\u00fbter aux sp\u00e9cialit\u00e9s locales en voyage ? Si vous pr\u00e9voyez de venir sur la Costa del Sol dans les prochaines semaines et que vous aimez fl\u00e2ner dans la vieille ville et d\u00e9couvrir des saveurs uniques, voici un itin\u00e9raire des <a href=\"https:\/\/www.malagacar.com\/fr\/blog\/loisirs\/plats-typiques-malaga-careme-paques\/\" data-wpel-link=\"internal\"><strong>plats typiques de Malaga pendant le Car\u00eame et P\u00e2ques<\/strong><\/a>.<\/p>\n<h3><span class=\"ez-toc-section\" id=\"Musees_de_Malaga_pour_evenements_prives\"><\/span>Mus\u00e9es de Malaga pour \u00e9v\u00e9nements priv\u00e9s<span class=\"ez-toc-section-end\"><\/span><\/h3>\n<p><a href=\"https:\/\/www.malagacar.com\/fr\/blog\/malaga\/musees-pour-evenements-prives\/%20\" data-wpel-link=\"internal\"><img loading=\"lazy\" decoding=\"async\" class=\"alignnone wp-image-3002\" src=\"https:\/\/www.malagacar.com\/fr\/blog\/wp-content\/uploads\/2025\/11\/museos-para-eventos.jpg\" alt=\"Mus\u00e9es de Malaga pour \u00e9v\u00e9nements priv\u00e9s\" width=\"610\" height=\"610\" srcset=\"https:\/\/www.malagacar.com\/fr\/blog\/wp-content\/uploads\/2025\/11\/museos-para-eventos.jpg 1200w, https:\/\/www.malagacar.com\/fr\/blog\/wp-content\/uploads\/2025\/11\/museos-para-eventos-300x300.jpg 300w, https:\/\/www.malagacar.com\/fr\/blog\/wp-content\/uploads\/2025\/11\/museos-para-eventos-1024x1024.jpg 1024w, https:\/\/www.malagacar.com\/fr\/blog\/wp-content\/uploads\/2025\/11\/museos-para-eventos-150x150.jpg 150w, https:\/\/www.malagacar.com\/fr\/blog\/wp-content\/uploads\/2025\/11\/museos-para-eventos-768x768.jpg 768w, https:\/\/www.malagacar.com\/fr\/blog\/wp-content\/uploads\/2025\/11\/museos-para-eventos-125x125.jpg 125w\" sizes=\"auto, (max-width: 610px) 100vw, 610px\" \/><\/a><\/p>\n<p>Saviez-vous que plusieurs <a href=\"https:\/\/www.malagacar.com\/fr\/blog\/malaga\/musees-pour-evenements-prives\/\" data-wpel-link=\"internal\"><strong>mus\u00e9es de Malaga sont disponibles pour vos \u00e9v\u00e9nements<\/strong><\/a> ?\u00a0Qu&rsquo;il s&rsquo;agisse d&rsquo;un \u00e9v\u00e9nement d&rsquo;entreprise, d&rsquo;un anniversaire ou m\u00eame d&rsquo;un mariage, pour ne citer que quelques exemples, nous vous d\u00e9voilons tout !<\/p>\n<h3><span class=\"ez-toc-section\" id=\"Decouvrez_les_Restaurants_Musees_a_Malaga\"><\/span>D\u00e9couvrez les Restaurants Mus\u00e9es \u00e0 Malaga<span class=\"ez-toc-section-end\"><\/span><\/h3>\n<p><a href=\"https:\/\/www.malagacar.com\/fr\/blog\/loisirs\/restaurant-musees-malaga\/\" data-wpel-link=\"internal\"><img loading=\"lazy\" decoding=\"async\" class=\"alignnone size-full wp-image-2002\" src=\"https:\/\/www.malagacar.com\/fr\/blog\/wp-content\/uploads\/2025\/01\/antigua-venta-alfarnate4.jpeg\" alt=\"Restaurant Mus\u00e9es \u00e0 Malaga\" width=\"800\" height=\"600\" srcset=\"https:\/\/www.malagacar.com\/fr\/blog\/wp-content\/uploads\/2025\/01\/antigua-venta-alfarnate4.jpeg 800w, https:\/\/www.malagacar.com\/fr\/blog\/wp-content\/uploads\/2025\/01\/antigua-venta-alfarnate4-300x225.jpeg 300w, https:\/\/www.malagacar.com\/fr\/blog\/wp-content\/uploads\/2025\/01\/antigua-venta-alfarnate4-768x576.jpeg 768w\" sizes=\"auto, (max-width: 800px) 100vw, 800px\" \/><\/a><\/p>\n<p>Cet article ravira les voyageurs actifs qui aiment d\u00e9couvrir des coins charmants et de d\u00e9licieux plats locaux. Nous vous pr\u00e9sentons les <a href=\"https:\/\/www.malagacar.com\/fr\/blog\/loisirs\/restaurant-musees-malaga\/\" data-wpel-link=\"internal\"><strong>restaurants mus\u00e9es \u00e1 Malaga<\/strong><\/a> : Restaurants et auberges qui ne se contentent pas de proposer une cuisine d\u00e9licieuse. Ils accueillent ou exposent \u00e9galement des collections historiques et ethnographiques int\u00e9ressantes.<\/p>\n<h3><span class=\"ez-toc-section\" id=\"Lart_de_savourer_le_cafe_a_Malaga\"><\/span>L&rsquo;art de savourer le caf\u00e9 \u00e0 Malaga<span class=\"ez-toc-section-end\"><\/span><\/h3>\n<p><a href=\"https:\/\/www.malagacar.com\/fr\/blog\/loisirs\/cafe-a-malaga\/\" data-wpel-link=\"internal\"><img loading=\"lazy\" decoding=\"async\" class=\"alignnone size-full wp-image-1814\" src=\"https:\/\/www.malagacar.com\/fr\/blog\/wp-content\/uploads\/2024\/11\/coffee-time-fr.jpg\" alt=\"caf\u00e9 \u00e0 Malaga\" width=\"1000\" height=\"667\" srcset=\"https:\/\/www.malagacar.com\/fr\/blog\/wp-content\/uploads\/2024\/11\/coffee-time-fr.jpg 1000w, https:\/\/www.malagacar.com\/fr\/blog\/wp-content\/uploads\/2024\/11\/coffee-time-fr-300x200.jpg 300w, https:\/\/www.malagacar.com\/fr\/blog\/wp-content\/uploads\/2024\/11\/coffee-time-fr-768x512.jpg 768w\" sizes=\"auto, (max-width: 1000px) 100vw, 1000px\" \/><\/a><\/p>\n<p><a href=\"https:\/\/www.malagacar.com\/fr\/blog\/loisirs\/cafe-a-malaga\/\" data-wpel-link=\"internal\"><strong>Boire un caf\u00e9 \u00e0 Malaga<\/strong><\/a> est un \u00e9l\u00e9ment essentiel de la vie locale. Et c&rsquo;est aussi une activit\u00e9 originale, comme vous le d\u00e9couvrirez ci-dessous ! Rejoignez-nous dans ce voyage de saveurs et d&rsquo;ar\u00f4mes, si intimement li\u00e9 \u00e0 Malaga, \u00e0 son histoire et \u00e0 ses habitants.<\/p>\n<h3><span class=\"ez-toc-section\" id=\"Les_meilleurs_restaurants_sans_gluten_a_Malaga\"><\/span>Les meilleurs restaurants sans gluten \u00e0 Malaga<span class=\"ez-toc-section-end\"><\/span><\/h3>\n<p><a href=\"https:\/\/www.malagacar.com\/fr\/blog\/loisirs\/restaurants-sans-gluten-a-malaga\/\" data-wpel-link=\"internal\"><img loading=\"lazy\" decoding=\"async\" class=\"alignnone size-full wp-image-1645\" src=\"https:\/\/www.malagacar.com\/fr\/blog\/wp-content\/uploads\/2024\/09\/gluten-free-fr.jpg\" alt=\"restaurants sans gluten \u00e0 Malaga\" width=\"1000\" height=\"662\" srcset=\"https:\/\/www.malagacar.com\/fr\/blog\/wp-content\/uploads\/2024\/09\/gluten-free-fr.jpg 1000w, https:\/\/www.malagacar.com\/fr\/blog\/wp-content\/uploads\/2024\/09\/gluten-free-fr-300x199.jpg 300w, https:\/\/www.malagacar.com\/fr\/blog\/wp-content\/uploads\/2024\/09\/gluten-free-fr-768x508.jpg 768w\" sizes=\"auto, (max-width: 1000px) 100vw, 1000px\" \/><\/a><\/p>\n<p>Vous allez voyager sur la Costa del Sol et vous faites partie de la communaut\u00e9 c\u0153liaque ? Nous passons en revue quelques-uns des meilleurs <a href=\"https:\/\/www.malagacar.com\/fr\/blog\/loisirs\/restaurants-sans-gluten-a-malaga\/\" data-wpel-link=\"internal\"><strong>restaurants sans gluten \u00e0 Malaga<\/strong><\/a>, afin que vous puissiez profiter de votre s\u00e9jour en toute tranquillit\u00e9 !<\/p>\n<h3><span class=\"ez-toc-section\" id=\"Fetes_gastronomiques_a_Malaga_en_aout\"><\/span>F\u00eates gastronomiques \u00e0 Malaga en ao\u00fbt<span class=\"ez-toc-section-end\"><\/span><\/h3>\n<p><a href=\"https:\/\/www.malagacar.com\/fr\/blog\/malaga\/fetes-gastronomiques-aout\/\" data-wpel-link=\"internal\"><img loading=\"lazy\" decoding=\"async\" class=\"alignnone size-full wp-image-1572\" src=\"https:\/\/www.malagacar.com\/fr\/blog\/wp-content\/uploads\/2024\/08\/Gazpacho-D.jpg\" alt=\"F\u00eates gastronomiques \u00e0 Malaga en ao\u00fbt. Credit Depositphotos\" width=\"1000\" height=\"563\" srcset=\"https:\/\/www.malagacar.com\/fr\/blog\/wp-content\/uploads\/2024\/08\/Gazpacho-D.jpg 1000w, https:\/\/www.malagacar.com\/fr\/blog\/wp-content\/uploads\/2024\/08\/Gazpacho-D-300x169.jpg 300w, https:\/\/www.malagacar.com\/fr\/blog\/wp-content\/uploads\/2024\/08\/Gazpacho-D-768x432.jpg 768w\" sizes=\"auto, (max-width: 1000px) 100vw, 1000px\" \/><\/a><\/p>\n<p>Tout au long de la Costa del Sol, les options ne manquent pas pour profiter du style de vie sybaritique.<\/p>\n<p>Voici plusieurs <a href=\"https:\/\/www.malagacar.com\/fr\/blog\/malaga\/fetes-gastronomiques-aout\/\" data-wpel-link=\"internal\"><strong>festivals gastronomiques \u00e0 Malaga<\/strong><\/a> au mois d&rsquo;ao\u00fbt dont vous pouvez profiter pour d\u00e9couvrir la gastronomie locale.<\/p>\n<h3><span class=\"ez-toc-section\" id=\"Tomate_Huevo_de_Toro_la_plus_chere_dEspagne\"><\/span>Tomate Huevo de Toro, la plus ch\u00e8re d&rsquo;Espagne<span class=\"ez-toc-section-end\"><\/span><\/h3>\n<p><a href=\"https:\/\/www.malagacar.com\/fr\/blog\/malaga\/gastronomie-tomate-huevo-de-toro\/\" data-wpel-link=\"internal\"><img loading=\"lazy\" decoding=\"async\" class=\"alignnone size-full wp-image-1556\" src=\"https:\/\/www.malagacar.com\/fr\/blog\/wp-content\/uploads\/2024\/07\/TOMATES-Huevo-de-Toro-del-Valle-del-Guadalhorce.jpg\" alt=\"Gastronomie - Tomate Huevo de Toro\" width=\"1080\" height=\"675\" srcset=\"https:\/\/www.malagacar.com\/fr\/blog\/wp-content\/uploads\/2024\/07\/TOMATES-Huevo-de-Toro-del-Valle-del-Guadalhorce.jpg 1080w, https:\/\/www.malagacar.com\/fr\/blog\/wp-content\/uploads\/2024\/07\/TOMATES-Huevo-de-Toro-del-Valle-del-Guadalhorce-300x188.jpg 300w, https:\/\/www.malagacar.com\/fr\/blog\/wp-content\/uploads\/2024\/07\/TOMATES-Huevo-de-Toro-del-Valle-del-Guadalhorce-1024x640.jpg 1024w, https:\/\/www.malagacar.com\/fr\/blog\/wp-content\/uploads\/2024\/07\/TOMATES-Huevo-de-Toro-del-Valle-del-Guadalhorce-768x480.jpg 768w\" sizes=\"auto, (max-width: 1080px) 100vw, 1080px\" \/><\/a><\/p>\n<p>La <a href=\"https:\/\/www.malagacar.com\/fr\/blog\/malaga\/gastronomie-tomate-huevo-de-toro\/\" data-wpel-link=\"internal\"><strong>tomate Huevo de Toro<\/strong><\/a> est l&rsquo;une des sp\u00e9cialit\u00e9s de Malaga qui n&rsquo;est disponible qu&rsquo;en saison. D\u00e9couvrez o\u00f9 vous pouvez l&rsquo;acheter et les \u00e9v\u00e9nements gastronomiques de l&rsquo;\u00e9t\u00e9 pour la d\u00e9guster!<\/p>\n<h3><span class=\"ez-toc-section\" id=\"Restaurants_etoiles_Michelin_a_Malaga\"><\/span>Restaurants \u00e9toil\u00e9s Michelin \u00e0 Malaga<span class=\"ez-toc-section-end\"><\/span><\/h3>\n<p><a href=\"https:\/\/www.malagacar.com\/fr\/blog\/loisirs\/restaurants-etoile-michelin-malaga\/\" data-wpel-link=\"internal\"><img loading=\"lazy\" decoding=\"async\" class=\"alignnone wp-image-4901 size-full\" src=\"https:\/\/www.malagacar.com\/nl\/blog\/wp-content\/uploads\/2023\/12\/restaurants-michelin-malaga.jpg\" alt=\"restaurants-michelin-malaga\" width=\"1000\" height=\"668\" \/><\/a><\/p>\n<p>M\u00e1laga combine le meilleur du r\u00e9gime m\u00e9diterran\u00e9en, avec les produits frais de ses jardins et les poissons et fruits de mer de la mer d&rsquo;Alboran.<\/p>\n<p>Si vous souhaitez d\u00eener divinement, consultez les adresses suivantes de <a href=\"https:\/\/www.malagacar.com\/fr\/blog\/loisirs\/restaurants-etoile-michelin-malaga\/\" data-wpel-link=\"internal\"><strong>Restaurants \u00e9toil\u00e9s Michelin \u00e0 M\u00e1laga<\/strong><\/a>.<\/p>\n<h3><span class=\"ez-toc-section\" id=\"Restaurants_de_Malaga_recompenses_par_le_Guide_Repsol\"><\/span>Restaurants de Malaga r\u00e9compens\u00e9s par le Guide Repsol<span class=\"ez-toc-section-end\"><\/span><\/h3>\n<p><a href=\"https:\/\/www.malagacar.com\/fr\/blog\/loisirs\/restaurants-malaga-guide-repsol\/\" data-wpel-link=\"internal\"><img loading=\"lazy\" decoding=\"async\" class=\"alignnone wp-image-1325\" src=\"https:\/\/www.malagacar.com\/fr\/blog\/wp-content\/uploads\/2024\/05\/restaurantes-guia-repsol-fr.jpg\" alt=\"restaurants malaga repsol guide\" width=\"999\" height=\"666\" srcset=\"https:\/\/www.malagacar.com\/fr\/blog\/wp-content\/uploads\/2024\/05\/restaurantes-guia-repsol-fr.jpg 1200w, https:\/\/www.malagacar.com\/fr\/blog\/wp-content\/uploads\/2024\/05\/restaurantes-guia-repsol-fr-300x200.jpg 300w, https:\/\/www.malagacar.com\/fr\/blog\/wp-content\/uploads\/2024\/05\/restaurantes-guia-repsol-fr-1024x683.jpg 1024w, https:\/\/www.malagacar.com\/fr\/blog\/wp-content\/uploads\/2024\/05\/restaurantes-guia-repsol-fr-768x512.jpg 768w\" sizes=\"auto, (max-width: 999px) 100vw, 999px\" \/><\/a><\/p>\n<p>L&rsquo;offre gastronomique \u00e0 Malaga est \u00e9norme. D\u00e9couvrez plus de 120 <a href=\"https:\/\/www.malagacar.com\/fr\/blog\/loisirs\/restaurants-malaga-guide-repsol\/\" data-wpel-link=\"internal\"><strong>restaurants de Malaga recommand\u00e9s par le Guide Repsol<\/strong><\/a> pour leur qualit\u00e9 et leur popularit\u00e9 :<\/p>\n<p>Non seulement les meilleurs restaurants de haute cuisine, mais aussi des endroits que nous aimons tous, pour tous les budgets, avec toute une gamme de lieux. Vous trouverez certainement quelque chose de savoureux pour vous !<\/p>\n<h3><span class=\"ez-toc-section\" id=\"Diner_de_reveillon_dans_les_meilleurs_restaurants_de_Malaga\"><\/span>D\u00eener de r\u00e9veillon dans les meilleurs restaurants de M\u00e1laga<span class=\"ez-toc-section-end\"><\/span><\/h3>\n<p><a href=\"https:\/\/www.malagacar.com\/fr\/blog\/loisirs\/nouvel-an-meilleurs-restaurants-malaga\/\" data-wpel-link=\"internal\"><img loading=\"lazy\" decoding=\"async\" class=\"alignnone size-full wp-image-894\" src=\"https:\/\/www.malagacar.com\/fr\/blog\/wp-content\/uploads\/2023\/12\/nouvel-an-meilleurs-restaurants-malaga.jpg\" alt=\"Restaurants Malaga Nouvel An\" width=\"626\" height=\"417\" srcset=\"https:\/\/www.malagacar.com\/fr\/blog\/wp-content\/uploads\/2023\/12\/nouvel-an-meilleurs-restaurants-malaga.jpg 626w, https:\/\/www.malagacar.com\/fr\/blog\/wp-content\/uploads\/2023\/12\/nouvel-an-meilleurs-restaurants-malaga-300x200.jpg 300w\" sizes=\"auto, (max-width: 626px) 100vw, 626px\" \/><\/a><\/p>\n<p>Beaucoup de nos clients viennent sp\u00e9cialement pour passer le r\u00e9veillon du Nouvel An \u00e0 Malaga et sur la Costa del Sol. Pour eux, nous avons rassembl\u00e9 quelques-uns des <a href=\"https:\/\/www.malagacar.com\/fr\/blog\/loisirs\/nouvel-an-meilleurs-restaurants-malaga\/\" data-wpel-link=\"internal\"><strong>meilleurs restaurants de Malaga ouverts le jour du r\u00e9veillon<\/strong><\/a>.<\/p>\n<p>Il y a un large choix pour tous les go\u00fbts, y compris des options v\u00e9g\u00e9tariennes et sans gluten dans certains restaurants.<\/p>\n<h3><span class=\"ez-toc-section\" id=\"Les_meilleurs_restaurants_vegetariens_et_vegetaliens_de_Malaga\"><\/span>Les meilleurs restaurants v\u00e9g\u00e9tariens et v\u00e9g\u00e9taliens de Malaga<span class=\"ez-toc-section-end\"><\/span><\/h3>\n<p><a href=\"https:\/\/www.malagacar.com\/fr\/blog\/loisirs\/restaurants-vegetariens-vegetaliens-malaga\/\" data-wpel-link=\"internal\"><img loading=\"lazy\" decoding=\"async\" class=\"alignnone wp-image-1551\" src=\"https:\/\/www.malagacar.com\/fr\/blog\/wp-content\/uploads\/2024\/07\/restaurantes-vegetarianos-veganos-fr.jpg\" alt=\"restaurants v\u00e9g\u00e9tariens et v\u00e9g\u00e9taliens de Malaga\" width=\"705\" height=\"746\" srcset=\"https:\/\/www.malagacar.com\/fr\/blog\/wp-content\/uploads\/2024\/07\/restaurantes-vegetarianos-veganos-fr.jpg 1079w, https:\/\/www.malagacar.com\/fr\/blog\/wp-content\/uploads\/2024\/07\/restaurantes-vegetarianos-veganos-fr-283x300.jpg 283w, https:\/\/www.malagacar.com\/fr\/blog\/wp-content\/uploads\/2024\/07\/restaurantes-vegetarianos-veganos-fr-968x1024.jpg 968w, https:\/\/www.malagacar.com\/fr\/blog\/wp-content\/uploads\/2024\/07\/restaurantes-vegetarianos-veganos-fr-768x813.jpg 768w\" sizes=\"auto, (max-width: 705px) 100vw, 705px\" \/><\/a><\/p>\n<p>Contrairement \u00e0 ce que beaucoup pensent, la cuisine v\u00e9g\u00e9tarienne et v\u00e9g\u00e9talienne offre de nombreuses possibilit\u00e9s qui peuvent satisfaire toutes les attentes.<\/p>\n<p>Voici les meilleurs <a href=\"https:\/\/www.malagacar.com\/fr\/blog\/loisirs\/restaurants-vegetariens-vegetaliens-malaga\/\" data-wpel-link=\"internal\"><strong>restaurants v\u00e9g\u00e9tariens et v\u00e9g\u00e9taliens de Malaga<\/strong><\/a>.<\/p>\n<h3><span class=\"ez-toc-section\" id=\"Les_meilleures_auberges_des_montagnes_de_Malaga\"><\/span>Les meilleures auberges des montagnes de Malaga<span class=\"ez-toc-section-end\"><\/span><\/h3>\n<p><img decoding=\"async\" src=\"https:\/\/www.malagacar.com\/blog\/wp-content\/uploads\/2023\/11\/Estofado-carne-Credit-Depositphotos.jpg\" alt=\"Inns Mountains of Malaga. Costa del Sol Guide. Credit Depositphotos\" \/><\/p>\n<p>Nous ne vous proposons pas seulement un guide de la Costa del Sol : \u00c0 quelques kilom\u00e8tres de l&rsquo;effervescente Costa del Sol, vous trouverez d&rsquo;authentiques tr\u00e9sors de la cuisine traditionnelle andalouse, les auberges de la montagne de Malaga.<\/p>\n<p>Si vous avez envie d&rsquo;une excursion dans les montagnes de Malaga combin\u00e9e \u00e0 une halte gastronomique savoureuse, ne manquez pas les <a href=\"https:\/\/www.malagacar.com\/fr\/blog\/loisirs\/meilleures-auberges-montagnes-de-malaga\/\" data-wpel-link=\"internal\"><strong>meilleures auberges des montagnes de M\u00e1laga<\/strong><\/a> !<\/p>\n<h2><span class=\"ez-toc-section\" id=\"Calendrier_des_evenements\"><\/span>Calendrier des \u00e9v\u00e9nements<span class=\"ez-toc-section-end\"><\/span><\/h2>\n<h3><span class=\"ez-toc-section\" id=\"Calendrier_des_evenements_a_Malaga\"><\/span>Calendrier des \u00e9v\u00e9nements \u00e0 Malaga<span class=\"ez-toc-section-end\"><\/span><\/h3>\n<p><img decoding=\"async\" src=\"https:\/\/www.malagacar.com\/blog\/wp-content\/uploads\/2016\/10\/malaga-events-calendar-en-1024x768.jpg\" alt=\"Malaga events\" \/><\/p>\n<p>Agenda des grandes dates du calendrier des <a href=\"https:\/\/www.malagacar.com\/fr\/blog\/loisirs\/evenements-malaga\/\" data-wpel-link=\"internal\"><strong>\u00e9v\u00e9nements de Malaga<\/strong><\/a> pour ceux qui souhaitent planifier leur prochain voyage sur la Costa del Sol en tenant compte des dates de ces \u00e9v\u00e9nements.<\/p>\n<h3><span class=\"ez-toc-section\" id=\"Evenements_a_Malaga_en_2026\"><\/span>\u00c9v\u00e9nements \u00e0 Malaga en 2026<span class=\"ez-toc-section-end\"><\/span><\/h3>\n<p>Choses \u00e0 faire et \u00e9v\u00e9nements : D\u00e9couvrez tout ce que vous pouvez faire \u00e0 Malaga en<\/p>\n<ul>\n<li><a href=\"https:\/\/www.malagacar.com\/fr\/blog\/loisirs\/choses-a-faire-a-malaga-en-janvier\/\" data-wpel-link=\"internal\"><strong>Janvier 2026<\/strong><\/a><\/li>\n<li><a href=\"https:\/\/www.malagacar.com\/fr\/blog\/loisirs\/choses-a-faire-en-malaga-en-fevrier\/\" data-wpel-link=\"internal\"><strong>F\u00e9vrier 2026<\/strong><\/a><\/li>\n<li><a href=\"https:\/\/www.malagacar.com\/fr\/blog\/loisirs\/choses-a-faire-en-malaga-en-mars\/\" data-wpel-link=\"internal\"><strong>Mars 2026<\/strong><\/a><\/li>\n<li><a href=\"https:\/\/www.malagacar.com\/fr\/blog\/loisirs\/choses-a-faire-en-malaga-en-avril\/\" data-wpel-link=\"internal\"><strong>Avril 2026<\/strong><\/a><\/li>\n<li><a href=\"https:\/\/www.malagacar.com\/fr\/blog\/loisirs\/choses-a-faire-en-malaga-en-mai\/\" data-wpel-link=\"internal\"><strong>Mai 2026<\/strong><\/a><\/li>\n<li><a href=\"https:\/\/www.malagacar.com\/fr\/blog\/loisirs\/choses-a-faire-a-malaga-en-juin\/\" data-wpel-link=\"internal\"><strong>Juin 2026<\/strong><\/a><\/li>\n<li><a href=\"https:\/\/www.malagacar.com\/fr\/blog\/loisirs\/choses-a-faire-a-malaga-en-juillet\/\" data-wpel-link=\"internal\"><strong>Juillet 2026<\/strong><\/a><\/li>\n<li><a href=\"https:\/\/www.malagacar.com\/fr\/blog\/loisirs\/choses-a-faire-a-malaga-en-aout\/\" data-wpel-link=\"internal\"><strong> Ao\u00fbt 2026<\/strong><\/a><\/li>\n<li><a href=\"https:\/\/www.malagacar.com\/fr\/blog\/loisirs\/choses-a-faire-dans-malaga-en-septembre\/\" data-wpel-link=\"internal\"><strong>Septembre 2026<\/strong><\/a><\/li>\n<\/ul>\n<h3><span class=\"ez-toc-section\" id=\"Festivals_gastronomiques_et_foires_les_plus_importants_a_Malaga\"><\/span>Festivals gastronomiques et foires les plus importants \u00e0 Malaga<span class=\"ez-toc-section-end\"><\/span><\/h3>\n<p><a href=\"https:\/\/www.malagacar.com\/fr\/blog\/loisirs\/festivals-et-foires-malaga\/\" data-wpel-link=\"internal\"><img loading=\"lazy\" decoding=\"async\" class=\"alignnone wp-image-1998 size-full\" src=\"https:\/\/www.malagacar.com\/fr\/blog\/wp-content\/uploads\/2024\/12\/ferias_fr.jpg\" alt=\"festivals gastronomiques et foires de Malaga\" width=\"1280\" height=\"853\" srcset=\"https:\/\/www.malagacar.com\/fr\/blog\/wp-content\/uploads\/2024\/12\/ferias_fr.jpg 1280w, https:\/\/www.malagacar.com\/fr\/blog\/wp-content\/uploads\/2024\/12\/ferias_fr-300x200.jpg 300w, https:\/\/www.malagacar.com\/fr\/blog\/wp-content\/uploads\/2024\/12\/ferias_fr-1024x682.jpg 1024w, https:\/\/www.malagacar.com\/fr\/blog\/wp-content\/uploads\/2024\/12\/ferias_fr-768x512.jpg 768w\" sizes=\"auto, (max-width: 1280px) 100vw, 1280px\" \/><\/a><\/p>\n<p>D\u00e9couvrez dans notre guide Costa del Sol les <a href=\"https:\/\/www.malagacar.com\/fr\/blog\/loisirs\/festivals-et-foires-malaga\/\" data-wpel-link=\"internal\"><strong>foires les plus populaires de Malaga<\/strong><\/a>. Des grandes foires aux festivals gastronomiques uniques des villages de l&rsquo;int\u00e9rieur.<\/p>\n<h3><span class=\"ez-toc-section\" id=\"Carnaval_de_Malaga_2026_%E2%80%93_Tout_ce_que_vous_devez_savoir\"><\/span>Carnaval de Malaga 2026 &#8211; Tout ce que vous devez savoir<span class=\"ez-toc-section-end\"><\/span><\/h3>\n<p><a href=\"https:\/\/www.malagacar.com\/fr\/blog\/loisirs\/carnaval-malaga\/%20\" data-wpel-link=\"internal\"><img loading=\"lazy\" decoding=\"async\" class=\"alignnone size-full wp-image-3135\" src=\"https:\/\/www.malagacar.com\/fr\/blog\/wp-content\/uploads\/2026\/01\/malaga-carnival-fr-nl.jpg\" alt=\"Carnaval de Malaga\" width=\"1000\" height=\"667\" srcset=\"https:\/\/www.malagacar.com\/fr\/blog\/wp-content\/uploads\/2026\/01\/malaga-carnival-fr-nl.jpg 1000w, https:\/\/www.malagacar.com\/fr\/blog\/wp-content\/uploads\/2026\/01\/malaga-carnival-fr-nl-300x200.jpg 300w, https:\/\/www.malagacar.com\/fr\/blog\/wp-content\/uploads\/2026\/01\/malaga-carnival-fr-nl-768x512.jpg 768w\" sizes=\"auto, (max-width: 1000px) 100vw, 1000px\" \/><\/a><\/p>\n<p>C\u00e9l\u00e9brez le <a href=\"https:\/\/www.malagacar.com\/fr\/blog\/loisirs\/carnaval-malaga\/\" data-wpel-link=\"internal\"><strong>Carnaval de Malaga<\/strong><\/a> ! Les rues s&rsquo;animent de couleurs, de costumes, de d\u00e9fil\u00e9s et de musique, notamment dans le centre historique et sur la Plaza de la Constituci\u00f3n. Voici tout ce qu&rsquo;il faut savoir !<\/p>\n<h3><span class=\"ez-toc-section\" id=\"Paques_a_Malaga\"><\/span>P\u00e2ques \u00e0 Malaga<span class=\"ez-toc-section-end\"><\/span><\/h3>\n<p><a href=\"https:\/\/www.malagacar.com\/fr\/blog\/loisirs\/paques-malaga\/\" data-wpel-link=\"internal\"><img loading=\"lazy\" decoding=\"async\" class=\"alignnone wp-image-519\" src=\"https:\/\/www.malagacar.com\/fr\/blog\/wp-content\/uploads\/2023\/03\/semana-santa-malaga-fr.jpg\" alt=\"\" width=\"1001\" height=\"664\" srcset=\"https:\/\/www.malagacar.com\/fr\/blog\/wp-content\/uploads\/2023\/03\/semana-santa-malaga-fr.jpg 1200w, https:\/\/www.malagacar.com\/fr\/blog\/wp-content\/uploads\/2023\/03\/semana-santa-malaga-fr-300x199.jpg 300w, https:\/\/www.malagacar.com\/fr\/blog\/wp-content\/uploads\/2023\/03\/semana-santa-malaga-fr-1024x679.jpg 1024w, https:\/\/www.malagacar.com\/fr\/blog\/wp-content\/uploads\/2023\/03\/semana-santa-malaga-fr-768x509.jpg 768w\" sizes=\"auto, (max-width: 1001px) 100vw, 1001px\" \/><\/a><\/p>\n<p>La <a href=\"https:\/\/www.malagacar.com\/fr\/blog\/loisirs\/paques-malaga\/\" data-wpel-link=\"internal\"><strong>Semaine sainte de Malaga<\/strong><\/a> est consid\u00e9r\u00e9e comme l&rsquo;une des plus importantes d&rsquo;Espagne. Chaque ann\u00e9e, elle attire des milliers de fid\u00e8les et de touristes dans un spectacle profond\u00e9ment \u00e9mouvant.<\/p>\n<p>Que vous souhaitiez venir \u00e0 Malaga \u00e0 P\u00e2ques pour profiter du beau temps et peut-\u00eatre faire votre premi\u00e8re baignade, ou que vous soyez attir\u00e9 par les magnifiques processions dans le centre de Malaga, la semaine sainte est l&rsquo;une des plus importantes en Espagne. Ou que vous soyez attir\u00e9 par les magnifiques processions dans le centre de Malaga, vous trouverez ici tout ce qu&rsquo;il faut savoir.<\/p>\n<h3><span class=\"ez-toc-section\" id=\"Festival_International_des_Peuples_Fuengirola\"><\/span>Festival International des Peuples Fuengirola<span class=\"ez-toc-section-end\"><\/span><\/h3>\n<p><a href=\"https:\/\/www.malagacar.com\/fr\/blog\/loisirs\/festival-international-des-peuples-fuengirola\/\" data-wpel-link=\"internal\"><img loading=\"lazy\" decoding=\"async\" class=\"alignnone wp-image-2276\" src=\"https:\/\/www.malagacar.com\/fr\/blog\/wp-content\/uploads\/2025\/03\/feria-paises-fr.jpg\" alt=\"Festival International des Peuples Fuengirola\" width=\"606\" height=\"606\" srcset=\"https:\/\/www.malagacar.com\/fr\/blog\/wp-content\/uploads\/2025\/03\/feria-paises-fr.jpg 1200w, https:\/\/www.malagacar.com\/fr\/blog\/wp-content\/uploads\/2025\/03\/feria-paises-fr-300x300.jpg 300w, https:\/\/www.malagacar.com\/fr\/blog\/wp-content\/uploads\/2025\/03\/feria-paises-fr-1024x1024.jpg 1024w, https:\/\/www.malagacar.com\/fr\/blog\/wp-content\/uploads\/2025\/03\/feria-paises-fr-150x150.jpg 150w, https:\/\/www.malagacar.com\/fr\/blog\/wp-content\/uploads\/2025\/03\/feria-paises-fr-768x768.jpg 768w, https:\/\/www.malagacar.com\/fr\/blog\/wp-content\/uploads\/2025\/03\/feria-paises-fr-125x125.jpg 125w\" sizes=\"auto, (max-width: 606px) 100vw, 606px\" \/><\/a><\/p>\n<p>L&rsquo;un des grands \u00e9v\u00e9nements culturels de la Costa del Sol est le <a href=\"https:\/\/www.malagacar.com\/fr\/blog\/loisirs\/festival-international-des-peuples-fuengirola\/\" data-wpel-link=\"internal\"><strong>Festival international des Peuples de Fuengirola<\/strong><\/a>, qui a lieu chaque ann\u00e9e pendant cinq jours \u00e0 la fin du mois d&rsquo;avril et au d\u00e9but du mois de mai.<\/p>\n<p>Nous vous disons tout ce qu&rsquo;il faut savoir pour profiter de ce grand festival multiculturel et color\u00e9 !<\/p>\n<h3><span class=\"ez-toc-section\" id=\"Solstice_dete_a_Malaga_tout_ce_quil_faut_savoir\"><\/span>Solstice d&rsquo;\u00e9t\u00e9 \u00e0 Malaga : tout ce qu&rsquo;il faut savoir<span class=\"ez-toc-section-end\"><\/span><\/h3>\n<p><a href=\"https:\/\/www.malagacar.com\/fr\/blog\/loisirs\/nuit-dete-a-malaga\/%20\" data-wpel-link=\"internal\"><img loading=\"lazy\" decoding=\"async\" class=\"alignnone size-full wp-image-2569\" src=\"https:\/\/www.malagacar.com\/fr\/blog\/wp-content\/uploads\/2025\/06\/Hoguera-playa-fr.jpg\" alt=\"Solstice d'\u00e9t\u00e9 \u00e0 Malaga\" width=\"1000\" height=\"667\" srcset=\"https:\/\/www.malagacar.com\/fr\/blog\/wp-content\/uploads\/2025\/06\/Hoguera-playa-fr.jpg 1000w, https:\/\/www.malagacar.com\/fr\/blog\/wp-content\/uploads\/2025\/06\/Hoguera-playa-fr-300x200.jpg 300w, https:\/\/www.malagacar.com\/fr\/blog\/wp-content\/uploads\/2025\/06\/Hoguera-playa-fr-768x512.jpg 768w\" sizes=\"auto, (max-width: 1000px) 100vw, 1000px\" \/><\/a><\/p>\n<p>Vous \u00eates \u00e0 Malaga le 23 juin ? Ne manquez pas l&rsquo;ancienne <a href=\"https:\/\/www.malagacar.com\/fr\/blog\/loisirs\/nuit-dete-a-malaga\/\" data-wpel-link=\"internal\"><strong>f\u00eate de San Juan<\/strong><\/a>, qui se d\u00e9roule sur les plages de tout le littoral, avec des milliers de personnes qui c\u00e9l\u00e8brent le d\u00e9but de l&rsquo;\u00e9t\u00e9 !<\/p>\n<h3><span class=\"ez-toc-section\" id=\"Foire_de_Malaga_%E2%80%93_Tout_savoir\"><\/span>Foire de Malaga &#8211; Tout savoir<span class=\"ez-toc-section-end\"><\/span><\/h3>\n<p><a href=\"https:\/\/www.malagacar.com\/fr\/blog\/loisirs\/foire-de-malaga\/\" data-wpel-link=\"internal\"><img loading=\"lazy\" decoding=\"async\" class=\"alignnone size-full wp-image-929\" src=\"https:\/\/www.malagacar.com\/fr\/blog\/wp-content\/uploads\/2024\/01\/foire-de-malaga.jpg\" alt=\"Foire de Malaga\" width=\"900\" height=\"900\" srcset=\"https:\/\/www.malagacar.com\/fr\/blog\/wp-content\/uploads\/2024\/01\/foire-de-malaga.jpg 900w, https:\/\/www.malagacar.com\/fr\/blog\/wp-content\/uploads\/2024\/01\/foire-de-malaga-300x300.jpg 300w, https:\/\/www.malagacar.com\/fr\/blog\/wp-content\/uploads\/2024\/01\/foire-de-malaga-150x150.jpg 150w, https:\/\/www.malagacar.com\/fr\/blog\/wp-content\/uploads\/2024\/01\/foire-de-malaga-768x768.jpg 768w, https:\/\/www.malagacar.com\/fr\/blog\/wp-content\/uploads\/2024\/01\/foire-de-malaga-125x125.jpg 125w\" sizes=\"auto, (max-width: 900px) 100vw, 900px\" \/><\/a><\/p>\n<p>La <a href=\"https:\/\/www.malagacar.com\/fr\/blog\/loisirs\/foire-de-malaga\/\" data-wpel-link=\"internal\"><strong>foire de Malaga<\/strong><\/a> est l&rsquo;une des foires les plus anim\u00e9es et les plus populaires d&rsquo;Andalousie. Elle attire chaque ann\u00e9e un grand nombre de visiteurs locaux et \u00e9trangers qui profitent de la musique, de la danse et du Cartojal froid pour lutter contre les temp\u00e9ratures \u00e9lev\u00e9es.<\/p>\n<p>Tout ce qu&rsquo;il faut savoir pour profiter au maximum de la foire de Malaga au mois d&rsquo;ao\u00fbt.<\/p>\n<h3><span class=\"ez-toc-section\" id=\"Foire_de_Fuengirola_en_octobre\"><\/span>Foire de Fuengirola en octobre<span class=\"ez-toc-section-end\"><\/span><\/h3>\n<p><a href=\"https:\/\/www.malagacar.com\/fr\/blog\/loisirs\/foire-de-fuengirola\/ \" data-wpel-link=\"internal\"><img loading=\"lazy\" decoding=\"async\" class=\"alignnone wp-image-18206 size-full\" src=\"https:\/\/www.malagacar.com\/sp\/blog\/wp-content\/uploads\/2025\/09\/Feria-Fuengi-D.jpg\" alt=\"Feria Fuengirola\" width=\"1000\" height=\"667\" \/><\/a><\/p>\n<p>Vous \u00eates \u00e0 Fuengirola ou dans les environs pendant la deuxi\u00e8me semaine d&rsquo;octobre ? Ne manquez pas sa <a href=\"https:\/\/www.malagacar.com\/fr\/blog\/loisirs\/foire-de-fuengirola\/\" data-wpel-link=\"internal\"><strong>foire<\/strong><\/a> color\u00e9e, l&rsquo;une des plus remarquables d&rsquo;Andalousie.<\/p>\n<h3><span class=\"ez-toc-section\" id=\"Halloween_a_Malaga\"><\/span>Halloween \u00e0 Malaga<span class=\"ez-toc-section-end\"><\/span><\/h3>\n<p><img decoding=\"async\" src=\"https:\/\/www.malagacar.com\/blog\/wp-content\/uploads\/2016\/09\/halloween-amalaga.jpg\" alt=\"Halloween M\u00e1laga\" \/><\/p>\n<p>Si vous \u00eates dans la province et que vous voulez f\u00eater <a href=\"https:\/\/www.malagacar.com\/fr\/blog\/loisirs\/halloween-a-malaga\/\" data-wpel-link=\"internal\"><strong>Halloween \u00e0 Malaga<\/strong><\/a>, mais que vous ne savez pas o\u00f9 ni quoi porter, voici un guide rapide des \u00e9v\u00e9nements et des magasins o\u00f9 vous pourrez acheter un costume effrayant.<\/p>\n<h3><span class=\"ez-toc-section\" id=\"Black_Friday_a_Malaga\"><\/span>Black Friday \u00e0 Malaga<span class=\"ez-toc-section-end\"><\/span><\/h3>\n<p>Profitez du <a href=\"https:\/\/www.malagacar.com\/fr\/blog\/loisirs\/black-friday-malaga\/\" data-wpel-link=\"internal\"><strong>Black Friday \u00e0 Malaga<\/strong><\/a> pour faire vos achats de No\u00ebl d\u00e8s maintenant.<\/p>\n<h3><span class=\"ez-toc-section\" id=\"Lumieres_de_Noel_a_Malaga\"><\/span>Lumi\u00e8res de No\u00ebl \u00e0 Malaga<span class=\"ez-toc-section-end\"><\/span><\/h3>\n<p><a href=\"https:\/\/www.malagacar.com\/fr\/blog\/loisirs\/illuminations-de-noel-malaga\/\" data-wpel-link=\"internal\"><img loading=\"lazy\" decoding=\"async\" class=\"alignnone size-full wp-image-808\" src=\"https:\/\/www.malagacar.com\/fr\/blog\/wp-content\/uploads\/2023\/11\/illuminations-de-noel-malaga.jpg\" alt=\"illuminations de No\u00ebl \u00e0 Malaga\" width=\"1011\" height=\"569\" srcset=\"https:\/\/www.malagacar.com\/fr\/blog\/wp-content\/uploads\/2023\/11\/illuminations-de-noel-malaga.jpg 1011w, https:\/\/www.malagacar.com\/fr\/blog\/wp-content\/uploads\/2023\/11\/illuminations-de-noel-malaga-300x169.jpg 300w, https:\/\/www.malagacar.com\/fr\/blog\/wp-content\/uploads\/2023\/11\/illuminations-de-noel-malaga-768x432.jpg 768w\" sizes=\"auto, (max-width: 1011px) 100vw, 1011px\" \/><\/a><\/p>\n<p>Chaque ann\u00e9e \u00e0 No\u00ebl, M\u00e1laga se transforme en un<a href=\"https:\/\/www.malagacar.com\/fr\/blog\/loisirs\/illuminations-de-noel-malaga\/\" data-wpel-link=\"internal\"><strong> spectacle de lumi\u00e8re<\/strong><\/a>, de couleur et de musique pendant 40 nuits dans ses rues centrales, attirant des milliers de visiteurs.<\/p>\n<h3><span class=\"ez-toc-section\" id=\"Marches_de_Noel_a_Malaga\"><\/span>March\u00e9s de No\u00ebl \u00e0 Malaga<span class=\"ez-toc-section-end\"><\/span><\/h3>\n<p><a href=\"https:\/\/www.malagacar.com\/fr\/blog\/loisirs\/marches-de-noel-malaga\/\" data-wpel-link=\"internal\"><img loading=\"lazy\" decoding=\"async\" class=\"alignnone size-full wp-image-899\" src=\"https:\/\/www.malagacar.com\/fr\/blog\/wp-content\/uploads\/2023\/12\/marches-de-noel-malaga.jpg\" alt=\"marches-de-noel-malaga\" width=\"640\" height=\"359\" srcset=\"https:\/\/www.malagacar.com\/fr\/blog\/wp-content\/uploads\/2023\/12\/marches-de-noel-malaga.jpg 640w, https:\/\/www.malagacar.com\/fr\/blog\/wp-content\/uploads\/2023\/12\/marches-de-noel-malaga-300x168.jpg 300w\" sizes=\"auto, (max-width: 640px) 100vw, 640px\" \/><\/a><\/p>\n<p>Les <a href=\"https:\/\/www.malagacar.com\/fr\/blog\/loisirs\/marches-de-noel-malaga\/\" data-wpel-link=\"internal\"><strong>march\u00e9s de No\u00ebl<\/strong> <\/a>sont de plus en plus populaires dans la province, d\u00e9couvrez les dates et les lieux.<\/p>\n<h3><span class=\"ez-toc-section\" id=\"Lumieres_de_Noel_du_Jardin_Botanique_de_Malaga_%E2%80%93_La_Concepcion\"><\/span>Lumi\u00e8res de No\u00ebl du Jardin Botanique de Malaga \u2013 La Concepcion<span class=\"ez-toc-section-end\"><\/span><\/h3>\n<p><a href=\"https:\/\/www.malagacar.com\/fr\/blog\/loisirs\/jardin-de-noel-malaga\/\" data-wpel-link=\"internal\"><img loading=\"lazy\" decoding=\"async\" class=\"alignnone wp-image-719\" src=\"https:\/\/www.malagacar.com\/fr\/blog\/wp-content\/uploads\/2023\/10\/jardin-de-noel-malaga.jpg\" alt=\"JArdin de No\u00ebl M\u00e1laga\" width=\"1003\" height=\"752\" srcset=\"https:\/\/www.malagacar.com\/fr\/blog\/wp-content\/uploads\/2023\/10\/jardin-de-noel-malaga.jpg 1200w, https:\/\/www.malagacar.com\/fr\/blog\/wp-content\/uploads\/2023\/10\/jardin-de-noel-malaga-300x225.jpg 300w, https:\/\/www.malagacar.com\/fr\/blog\/wp-content\/uploads\/2023\/10\/jardin-de-noel-malaga-1024x768.jpg 1024w, https:\/\/www.malagacar.com\/fr\/blog\/wp-content\/uploads\/2023\/10\/jardin-de-noel-malaga-768x576.jpg 768w\" sizes=\"auto, (max-width: 1003px) 100vw, 1003px\" \/><\/a><\/p>\n<p>Si vous voulez faire plaisir \u00e0 l&rsquo;enfant qui est en vous, <a href=\"https:\/\/www.malagacar.com\/fr\/blog\/loisirs\/jardin-de-noel-malaga\/\" data-wpel-link=\"internal\"><strong>vous ne pouvez pas manquer cet \u00e9v\u00e9nement<\/strong><\/a> qui a lieu dans le magnifique jardin botanique historique de La Concepci\u00f3n.<\/p>\n<h3><span class=\"ez-toc-section\" id=\"Defiles_Rois_mages_Malaga_Costa_del_Sol_2026\"><\/span>D\u00e9fil\u00e9s Rois mages Malaga &amp; Costa del Sol 2026<span class=\"ez-toc-section-end\"><\/span><\/h3>\n<p><img loading=\"lazy\" decoding=\"async\" class=\"alignnone size-full wp-image-3087\" src=\"https:\/\/www.malagacar.com\/fr\/blog\/wp-content\/uploads\/2025\/12\/malagacar2026.jpg\" alt=\"D\u00e9fil\u00e9s Rois mages Malaga\" width=\"1000\" height=\"673\" srcset=\"https:\/\/www.malagacar.com\/fr\/blog\/wp-content\/uploads\/2025\/12\/malagacar2026.jpg 1000w, https:\/\/www.malagacar.com\/fr\/blog\/wp-content\/uploads\/2025\/12\/malagacar2026-300x202.jpg 300w, https:\/\/www.malagacar.com\/fr\/blog\/wp-content\/uploads\/2025\/12\/malagacar2026-768x517.jpg 768w\" sizes=\"auto, (max-width: 1000px) 100vw, 1000px\" \/><\/p>\n<p>Horaires et itin\u00e9raires des <a href=\"https:\/\/www.malagacar.com\/fr\/blog\/loisirs\/defiles-rois-mages-malaga\/\" data-wpel-link=\"internal\"><strong>d\u00e9fil\u00e9s des Rois mages<\/strong><\/a> le 5 janvier \u00e0 Malaga et dans les principales communes de la Costa del Sol, ainsi que de pr\u00e9cieux conseils pour profiter au maximum de cet \u00e9v\u00e9nement populaire.<\/p>\n<h3><span class=\"ez-toc-section\" id=\"Une_experience_unique_Eclipse_solaire_a_Malaga_20262728\"><\/span>Une exp\u00e9rience unique : \u00c9clipse solaire \u00e0 Malaga 2026\/27\/28<span class=\"ez-toc-section-end\"><\/span><\/h3>\n<p><a href=\"https:\/\/www.malagacar.com\/fr\/blog\/loisirs\/eclipse-solaire-a-malaga\/%20\" data-wpel-link=\"internal\"><img loading=\"lazy\" decoding=\"async\" class=\"alignnone size-full wp-image-2101\" src=\"https:\/\/www.malagacar.com\/fr\/blog\/wp-content\/uploads\/2025\/01\/eclipse-fr.jpg\" alt=\"Eclipse solaire \u00e0 Malaga\" width=\"1000\" height=\"625\" srcset=\"https:\/\/www.malagacar.com\/fr\/blog\/wp-content\/uploads\/2025\/01\/eclipse-fr.jpg 1000w, https:\/\/www.malagacar.com\/fr\/blog\/wp-content\/uploads\/2025\/01\/eclipse-fr-300x188.jpg 300w, https:\/\/www.malagacar.com\/fr\/blog\/wp-content\/uploads\/2025\/01\/eclipse-fr-768x480.jpg 768w\" sizes=\"auto, (max-width: 1000px) 100vw, 1000px\" \/><\/a><\/p>\n<p>Pr\u00e9parez-vous \u00e0 assister \u00e0 un ph\u00e9nom\u00e8ne spectaculaire et inoubliable : une <a href=\"https:\/\/www.malagacar.com\/fr\/blog\/loisirs\/eclipse-solaire-a-malaga\/\" data-wpel-link=\"internal\"><strong>\u00e9clipse solaire \u00e0 Malaga<\/strong><\/a>.<\/p>\n<p>Malaga sera l&rsquo;une des provinces \u00e0 partir desquelles vous pourrez voir deux des trois \u00e9clipses qui se produiront en Espagne entre 2026 et 2028. Nous vous disons tout ce que vous devez savoir !<\/p>\n<h3><span class=\"ez-toc-section\" id=\"San_Diego_Comic-Con_Malaga_2026\"><\/span>San Diego Comic-Con Malaga 2026<span class=\"ez-toc-section-end\"><\/span><\/h3>\n<p><a href=\"https:\/\/www.malagacar.com\/fr\/blog\/loisirs\/san-diego-comiccon-malaga\/%20\" data-wpel-link=\"internal\"><img loading=\"lazy\" decoding=\"async\" class=\"alignnone size-full wp-image-3262\" src=\"https:\/\/www.malagacar.com\/fr\/blog\/wp-content\/uploads\/2026\/03\/comicconmalagacar.jpg\" alt=\"San Diego ComiCon Malaga\" width=\"1000\" height=\"667\" srcset=\"https:\/\/www.malagacar.com\/fr\/blog\/wp-content\/uploads\/2026\/03\/comicconmalagacar.jpg 1000w, https:\/\/www.malagacar.com\/fr\/blog\/wp-content\/uploads\/2026\/03\/comicconmalagacar-300x200.jpg 300w, https:\/\/www.malagacar.com\/fr\/blog\/wp-content\/uploads\/2026\/03\/comicconmalagacar-768x512.jpg 768w\" sizes=\"auto, (max-width: 1000px) 100vw, 1000px\" \/><\/a><\/p>\n<p>Tout ce que vous devez savoir sur le <a href=\"https:\/\/www.malagacar.com\/fr\/blog\/loisirs\/san-diego-comiccon-malaga\/\" data-wpel-link=\"internal\"><strong>San Diego Comic-Con Malaga<\/strong><\/a>, le rendez-vous mondial du cin\u00e9ma, de la t\u00e9l\u00e9vision, des jeux vid\u00e9o, de la litt\u00e9rature fantastique et de la culture pop, qui aura lieu en octobre.<\/p>\n<h2><span class=\"ez-toc-section\" id=\"Voyager_autrement\"><\/span>Voyager autrement<span class=\"ez-toc-section-end\"><\/span><\/h2>\n<p>Nous vous proposons quelques id\u00e9es int\u00e9ressantes dans notre guide de la Costa del Sol, pour tous ceux qui veulent faire quelque chose de diff\u00e9rent cette fois-ci.<\/p>\n<h3><span class=\"ez-toc-section\" id=\"La_Costa_del_Sol_cest_le_luxe_a_letat_pur\"><\/span>La Costa del Sol, c&rsquo;est le luxe \u00e0 l&rsquo;\u00e9tat pur !<span class=\"ez-toc-section-end\"><\/span><\/h3>\n<p><a href=\"https:\/\/www.malagacar.com\/fr\/blog\/astuces-de-voyage\/costa-del-sol-luxe\/\" data-wpel-link=\"internal\"><img loading=\"lazy\" decoding=\"async\" class=\"alignnone size-full wp-image-1080\" src=\"https:\/\/www.malagacar.com\/fr\/blog\/wp-content\/uploads\/2024\/03\/costa-del-sol-luxury-fr.jpg\" alt=\"costa del sol luxe\" width=\"1200\" height=\"800\" srcset=\"https:\/\/www.malagacar.com\/fr\/blog\/wp-content\/uploads\/2024\/03\/costa-del-sol-luxury-fr.jpg 1200w, https:\/\/www.malagacar.com\/fr\/blog\/wp-content\/uploads\/2024\/03\/costa-del-sol-luxury-fr-300x200.jpg 300w, https:\/\/www.malagacar.com\/fr\/blog\/wp-content\/uploads\/2024\/03\/costa-del-sol-luxury-fr-1024x683.jpg 1024w, https:\/\/www.malagacar.com\/fr\/blog\/wp-content\/uploads\/2024\/03\/costa-del-sol-luxury-fr-768x512.jpg 768w\" sizes=\"auto, (max-width: 1200px) 100vw, 1200px\" \/><\/a><\/p>\n<p>Marbella, Estepona et Malaga sont d&rsquo;excellentes options pour les clients \u00e0 fort pouvoir d&rsquo;achat qui souhaitent profiter de vacances exclusives au soleil et \u00e0 la plage. Ces destinations s&rsquo;accompagnent d&rsquo;un large \u00e9ventail de services de qualit\u00e9 tels que le golf, la gastronomie, les mus\u00e9es et la culture.<\/p>\n<p>D\u00e9couvrez pourquoi la <a href=\"https:\/\/www.malagacar.com\/fr\/blog\/astuces-de-voyage\/costa-del-sol-luxe\/\" data-wpel-link=\"internal\"><strong>Costa del Sol est votre premier choix<\/strong><\/a> si vous souhaitez passer quelques jours de repos, sans avoir \u00e0 vous priver de quoi que ce soit !<\/p>\n<h3><span class=\"ez-toc-section\" id=\"Les_12_meilleurs_campings_de_luxe_a_Malaga\"><\/span>Les 12 meilleurs campings de luxe \u00e0 Malaga<span class=\"ez-toc-section-end\"><\/span><\/h3>\n<p><a href=\"https:\/\/www.malagacar.com\/fr\/blog\/astuces-de-voyage\/campings-de-luxe-a-malaga\/\" data-wpel-link=\"internal\"><img loading=\"lazy\" decoding=\"async\" class=\"alignnone size-full wp-image-995\" src=\"https:\/\/www.malagacar.com\/fr\/blog\/wp-content\/uploads\/2024\/03\/glamping-fr.jpg\" alt=\"campings de luxe \u00e0 Malaga\" width=\"1024\" height=\"768\" srcset=\"https:\/\/www.malagacar.com\/fr\/blog\/wp-content\/uploads\/2024\/03\/glamping-fr.jpg 1024w, https:\/\/www.malagacar.com\/fr\/blog\/wp-content\/uploads\/2024\/03\/glamping-fr-300x225.jpg 300w, https:\/\/www.malagacar.com\/fr\/blog\/wp-content\/uploads\/2024\/03\/glamping-fr-768x576.jpg 768w\" sizes=\"auto, (max-width: 1024px) 100vw, 1024px\" \/><\/a><\/p>\n<p>Vous aimez pratiquer des activit\u00e9s de plein air et s\u00e9journer dans un endroit idyllique et isol\u00e9 dans la nature, tout en appr\u00e9ciant un bon confort ? Le <a href=\"https:\/\/www.malagacar.com\/fr\/blog\/astuces-de-voyage\/campings-de-luxe-a-malaga\/\" data-wpel-link=\"internal\"><strong>glamping \u00e0 Malaga<\/strong><\/a> est une alternative id\u00e9ale.<\/p>\n<h3><span class=\"ez-toc-section\" id=\"Excursion_en_camping-car_a_Malaga_Costa_del_Sol\"><\/span>Excursion en camping-car \u00e0 M\u00e1laga &amp; Costa del Sol<span class=\"ez-toc-section-end\"><\/span><\/h3>\n<p><a href=\"https:\/\/www.malagacar.com\/fr\/blog\/astuces-de-voyage\/campertour-malaga-costa-del-sol\/\" data-wpel-link=\"internal\"><img loading=\"lazy\" decoding=\"async\" class=\"alignnone wp-image-982\" src=\"https:\/\/www.malagacar.com\/fr\/blog\/wp-content\/uploads\/2024\/02\/camper-fr.jpg\" alt=\"Campertour Malaga et la Costa del Sol\" width=\"1000\" height=\"486\" srcset=\"https:\/\/www.malagacar.com\/fr\/blog\/wp-content\/uploads\/2024\/02\/camper-fr.jpg 2016w, https:\/\/www.malagacar.com\/fr\/blog\/wp-content\/uploads\/2024\/02\/camper-fr-300x146.jpg 300w, https:\/\/www.malagacar.com\/fr\/blog\/wp-content\/uploads\/2024\/02\/camper-fr-1024x498.jpg 1024w, https:\/\/www.malagacar.com\/fr\/blog\/wp-content\/uploads\/2024\/02\/camper-fr-768x373.jpg 768w, https:\/\/www.malagacar.com\/fr\/blog\/wp-content\/uploads\/2024\/02\/camper-fr-1536x747.jpg 1536w\" sizes=\"auto, (max-width: 1000px) 100vw, 1000px\" \/><\/a><\/p>\n<p>La province de Malaga m\u00e9rite d&rsquo;\u00eatre visit\u00e9e non seulement en \u00e9t\u00e9, mais aussi en hiver. La Costa del Sol est une <a href=\"https:\/\/www.malagacar.com\/fr\/blog\/astuces-de-voyage\/campertour-malaga-costa-del-sol\/\" data-wpel-link=\"internal\"><strong>destination id\u00e9ale pour passer l&rsquo;hiver<\/strong><\/a>.<\/p>\n<h3><span class=\"ez-toc-section\" id=\"Train_Al_Andalus_%E2%80%93_Voyage_de_reve_dans_un_hotel_5_sur_rails\"><\/span>Train Al \u00c1ndalus &#8211; Voyage de r\u00eave dans un h\u00f4tel 5* sur rails<span class=\"ez-toc-section-end\"><\/span><\/h3>\n<p><a href=\"https:\/\/www.malagacar.com\/fr\/blog\/loisirs\/train-al-andalus\/\" data-wpel-link=\"internal\"><img loading=\"lazy\" decoding=\"async\" class=\"alignnone size-full wp-image-1364\" src=\"https:\/\/www.malagacar.com\/fr\/blog\/wp-content\/uploads\/2024\/06\/tren-al-andalus-fr.jpg\" alt=\"Train Al \u00c1ndalus\" width=\"1200\" height=\"797\" srcset=\"https:\/\/www.malagacar.com\/fr\/blog\/wp-content\/uploads\/2024\/06\/tren-al-andalus-fr.jpg 1200w, https:\/\/www.malagacar.com\/fr\/blog\/wp-content\/uploads\/2024\/06\/tren-al-andalus-fr-300x199.jpg 300w, https:\/\/www.malagacar.com\/fr\/blog\/wp-content\/uploads\/2024\/06\/tren-al-andalus-fr-1024x680.jpg 1024w, https:\/\/www.malagacar.com\/fr\/blog\/wp-content\/uploads\/2024\/06\/tren-al-andalus-fr-768x510.jpg 768w\" sizes=\"auto, (max-width: 1200px) 100vw, 1200px\" \/><\/a><\/p>\n<p>Vous avez toujours aim\u00e9 l&rsquo;id\u00e9e de voyager dans le mythique train Orient Express ? \u00c0 bord du <a href=\"https:\/\/www.malagacar.com\/fr\/blog\/loisirs\/train-al-andalus\/\" data-wpel-link=\"internal\"><strong>train Al \u00c1ndalus<\/strong><\/a>, un h\u00f4tel 5* sur rails, vous ferez un voyage de r\u00eave et d\u00e9couvrirez les plus belles villes du patrimoine mondial de l&rsquo;Andalousie, dans une exp\u00e9rience totalement exclusive.<\/p>\n<h2><span class=\"ez-toc-section\" id=\"Villes\"><\/span>Villes<span class=\"ez-toc-section-end\"><\/span><\/h2>\n<h3><span class=\"ez-toc-section\" id=\"Escapade_urbaine_Malaga_Meilleure_ville_alternative_selon_Forbes\"><\/span>Escapade urbaine Malaga : Meilleure ville alternative selon Forbes<span class=\"ez-toc-section-end\"><\/span><\/h3>\n<p><a href=\"https:\/\/www.malagacar.com\/fr\/blog\/astuces-de-voyage\/escapade-urbaine-malaga\/\" data-wpel-link=\"internal\"><img loading=\"lazy\" decoding=\"async\" class=\"alignnone wp-image-1485\" src=\"https:\/\/www.malagacar.com\/fr\/blog\/wp-content\/uploads\/2024\/07\/malaga-mejor-ciudad-fr.jpg\" alt=\"Escapade urbaine Malaga\" width=\"990\" height=\"660\" srcset=\"https:\/\/www.malagacar.com\/fr\/blog\/wp-content\/uploads\/2024\/07\/malaga-mejor-ciudad-fr.jpg 1200w, https:\/\/www.malagacar.com\/fr\/blog\/wp-content\/uploads\/2024\/07\/malaga-mejor-ciudad-fr-300x200.jpg 300w, https:\/\/www.malagacar.com\/fr\/blog\/wp-content\/uploads\/2024\/07\/malaga-mejor-ciudad-fr-1024x683.jpg 1024w, https:\/\/www.malagacar.com\/fr\/blog\/wp-content\/uploads\/2024\/07\/malaga-mejor-ciudad-fr-768x512.jpg 768w\" sizes=\"auto, (max-width: 990px) 100vw, 990px\" \/><\/a><\/p>\n<p>Ce que beaucoup de nos amis savent depuis des ann\u00e9es : Selon Forbes, Malaga est la meilleure ville \u00ab\u00a0alternative\u00a0\u00bb du monde pour une escapade urbaine. <a href=\"https:\/\/www.malagacar.com\/fr\/blog\/astuces-de-voyage\/escapade-urbaine-malaga\/\" data-wpel-link=\"internal\"><strong>Nous vous expliquons pourquoi<\/strong><\/a>.<\/p>\n<h3><span class=\"ez-toc-section\" id=\"Fuengirola_%E2%80%93_Ville_multiculturelle_au_bord_de_mer\"><\/span>Fuengirola &#8211; Ville multiculturelle au bord de mer<span class=\"ez-toc-section-end\"><\/span><\/h3>\n<p><a href=\"https:\/\/www.malagacar.com\/fr\/blog\/astuces-de-voyage\/fuengirola\/%20\" data-wpel-link=\"internal\"><img loading=\"lazy\" decoding=\"async\" class=\"alignnone size-full wp-image-1618\" src=\"https:\/\/www.malagacar.com\/fr\/blog\/wp-content\/uploads\/2024\/08\/collage-fungirola.jpg\" alt=\"Fuengirola\" width=\"1200\" height=\"900\" srcset=\"https:\/\/www.malagacar.com\/fr\/blog\/wp-content\/uploads\/2024\/08\/collage-fungirola.jpg 1200w, https:\/\/www.malagacar.com\/fr\/blog\/wp-content\/uploads\/2024\/08\/collage-fungirola-300x225.jpg 300w, https:\/\/www.malagacar.com\/fr\/blog\/wp-content\/uploads\/2024\/08\/collage-fungirola-1024x768.jpg 1024w, https:\/\/www.malagacar.com\/fr\/blog\/wp-content\/uploads\/2024\/08\/collage-fungirola-768x576.jpg 768w\" sizes=\"auto, (max-width: 1200px) 100vw, 1200px\" \/><\/a><\/p>\n<p>D\u00e9couvrez pourquoi <a href=\"https:\/\/www.malagacar.com\/fr\/blog\/astuces-de-voyage\/fuengirola\/\" data-wpel-link=\"internal\"><strong>Fuengirola<\/strong><\/a>, situ\u00e9e \u00e0 seulement 20 km de l&rsquo;a\u00e9roport de Malaga, pourrait \u00eatre votre destination de choix pour vos prochaines vacances !<\/p>\n<h3><span class=\"ez-toc-section\" id=\"Marbella_%E2%80%93_Le_joyau_de_la_couronne\"><\/span>Marbella &#8211; Le joyau de la couronne<span class=\"ez-toc-section-end\"><\/span><\/h3>\n<p><a href=\"https:\/\/www.malagacar.com\/fr\/blog\/loisirs\/12-raisons-amoureux-marbella\/\" data-wpel-link=\"internal\"><img loading=\"lazy\" decoding=\"async\" class=\"alignnone\" src=\"https:\/\/www.malagacar.com\/sp\/blog\/wp-content\/uploads\/2021\/06\/marbs.jpg\" alt=\"Marbella\" width=\"535\" height=\"640\" \/><\/a><\/p>\n<p>Nous n&rsquo;avons pas besoin de vous convaincre. Marbella a tout pour plaire &#8211; <a href=\"https:\/\/www.malagacar.com\/fr\/blog\/loisirs\/raisons-amoureux-marbella\/\" data-wpel-link=\"internal\"><strong>d\u00e9couvrez-le par vous-m\u00eame<\/strong><\/a> !<\/p>\n<h3><span class=\"ez-toc-section\" id=\"Estepona_%E2%80%93_Le_jardin_de_la_Costa_del_Sol\"><\/span>Estepona \u2013 Le jardin de la Costa del Sol<span class=\"ez-toc-section-end\"><\/span><\/h3>\n<p><a href=\"https:\/\/www.malagacar.com\/fr\/blog\/astuces-de-voyage\/estepona\/\" data-wpel-link=\"internal\"><img loading=\"lazy\" decoding=\"async\" class=\"alignnone wp-image-1041\" src=\"https:\/\/www.malagacar.com\/fr\/blog\/wp-content\/uploads\/2024\/03\/estepona-fr.jpg\" alt=\"Estepona\" width=\"1004\" height=\"669\" srcset=\"https:\/\/www.malagacar.com\/fr\/blog\/wp-content\/uploads\/2024\/03\/estepona-fr.jpg 1200w, https:\/\/www.malagacar.com\/fr\/blog\/wp-content\/uploads\/2024\/03\/estepona-fr-300x200.jpg 300w, https:\/\/www.malagacar.com\/fr\/blog\/wp-content\/uploads\/2024\/03\/estepona-fr-1024x683.jpg 1024w, https:\/\/www.malagacar.com\/fr\/blog\/wp-content\/uploads\/2024\/03\/estepona-fr-768x512.jpg 768w\" sizes=\"auto, (max-width: 1004px) 100vw, 1004px\" \/><\/a><\/p>\n<p>Estepona est l&rsquo;une des destinations les plus exclusives de la Costa del Sol.<\/p>\n<p>Si vous pr\u00e9voyez de passer vos vacances \u00e0 Estepona ou dans les environs, vous trouverez ici <a href=\"https:\/\/www.malagacar.com\/fr\/blog\/astuces-de-voyage\/estepona\/\" data-wpel-link=\"internal\"><strong>tout ce que vous devez savoir<\/strong><\/a>.<\/p>\n<h3><span class=\"ez-toc-section\" id=\"Benalmadena_%E2%80%93_Une_destination_familiale_ideale_sur_la_Costa_del_Sol\"><\/span>Benalm\u00e1dena \u2013 Une destination familiale id\u00e9ale sur la Costa del Sol<span class=\"ez-toc-section-end\"><\/span><\/h3>\n<p><a href=\"https:\/\/www.malagacar.com\/fr\/blog\/astuces-de-voyage\/benalmadena-destination-familiale\/\" data-wpel-link=\"internal\"><img loading=\"lazy\" decoding=\"async\" class=\"alignnone wp-image-1200\" src=\"https:\/\/www.malagacar.com\/fr\/blog\/wp-content\/uploads\/2024\/05\/benalmadena-destino-familiar-fr.jpg\" alt=\"Benalm\u00e1dena destination familiale\" width=\"1005\" height=\"430\" srcset=\"https:\/\/www.malagacar.com\/fr\/blog\/wp-content\/uploads\/2024\/05\/benalmadena-destino-familiar-fr.jpg 1140w, https:\/\/www.malagacar.com\/fr\/blog\/wp-content\/uploads\/2024\/05\/benalmadena-destino-familiar-fr-300x128.jpg 300w, https:\/\/www.malagacar.com\/fr\/blog\/wp-content\/uploads\/2024\/05\/benalmadena-destino-familiar-fr-1024x438.jpg 1024w, https:\/\/www.malagacar.com\/fr\/blog\/wp-content\/uploads\/2024\/05\/benalmadena-destino-familiar-fr-768x329.jpg 768w\" sizes=\"auto, (max-width: 1005px) 100vw, 1005px\" \/><\/a><\/p>\n<p>Avec 320 jours de soleil par an et 8 km de littoral, <a href=\"https:\/\/www.malagacar.com\/fr\/blog\/astuces-de-voyage\/benalmadena-destination-familiale\/\" data-wpel-link=\"internal\"><strong>Benalm\u00e1dena est une destination familiale id\u00e9ale<\/strong><\/a> qui offre une grande vari\u00e9t\u00e9 de propositions pour profiter des loisirs et des vacances en famille.<\/p>\n<h3><span class=\"ez-toc-section\" id=\"Nerja_%E2%80%93_Un_joyau_de_la_Costa_del_Sol\"><\/span>Nerja \u2013 Un joyau de la Costa del Sol<span class=\"ez-toc-section-end\"><\/span><\/h3>\n<p><a href=\"https:\/\/www.malagacar.com\/fr\/blog\/astuces-de-voyage\/visiter-nerja\/\" data-wpel-link=\"internal\"><img loading=\"lazy\" decoding=\"async\" class=\"alignnone wp-image-768\" src=\"https:\/\/www.malagacar.com\/fr\/blog\/wp-content\/uploads\/2023\/01\/nerja-cartel.jpg\" alt=\"Nerja\" width=\"531\" height=\"650\" srcset=\"https:\/\/www.malagacar.com\/fr\/blog\/wp-content\/uploads\/2023\/01\/nerja-cartel.jpg 1046w, https:\/\/www.malagacar.com\/fr\/blog\/wp-content\/uploads\/2023\/01\/nerja-cartel-245x300.jpg 245w, https:\/\/www.malagacar.com\/fr\/blog\/wp-content\/uploads\/2023\/01\/nerja-cartel-837x1024.jpg 837w, https:\/\/www.malagacar.com\/fr\/blog\/wp-content\/uploads\/2023\/01\/nerja-cartel-768x940.jpg 768w\" sizes=\"auto, (max-width: 531px) 100vw, 531px\" \/><\/a><\/p>\n<p>Nous vous emmenons <a href=\"https:\/\/www.malagacar.com\/fr\/blog\/astuces-de-voyage\/visiter-nerja\/\" data-wpel-link=\"internal\"><strong>visiter Nerja<\/strong><\/a>, l&rsquo;une des plus belles villes c\u00f4ti\u00e8res de la Costa del Sol. D\u00e9couvrez pourquoi vous ne devriez pas manquer de vous y rendre.<\/p>\n<h3><span class=\"ez-toc-section\" id=\"Torremolinos_%E2%80%93_Le_berceau_du_tourisme_sur_la_Costa_del_Sol\"><\/span>Torremolinos \u2013 Le berceau du tourisme sur la Costa del Sol<span class=\"ez-toc-section-end\"><\/span><\/h3>\n<p><a href=\"https:\/\/www.malagacar.com\/fr\/blog\/astuces-de-voyage\/torremolinos\/\" data-wpel-link=\"internal\"><img loading=\"lazy\" decoding=\"async\" class=\"alignnone wp-image-1213\" src=\"https:\/\/www.malagacar.com\/fr\/blog\/wp-content\/uploads\/2024\/05\/torremolinos-fr.jpg\" alt=\"Torremolinos\" width=\"1001\" height=\"725\" srcset=\"https:\/\/www.malagacar.com\/fr\/blog\/wp-content\/uploads\/2024\/05\/torremolinos-fr.jpg 1200w, https:\/\/www.malagacar.com\/fr\/blog\/wp-content\/uploads\/2024\/05\/torremolinos-fr-300x217.jpg 300w, https:\/\/www.malagacar.com\/fr\/blog\/wp-content\/uploads\/2024\/05\/torremolinos-fr-1024x742.jpg 1024w, https:\/\/www.malagacar.com\/fr\/blog\/wp-content\/uploads\/2024\/05\/torremolinos-fr-768x556.jpg 768w\" sizes=\"auto, (max-width: 1001px) 100vw, 1001px\" \/><\/a><\/p>\n<p>Avec certaines des plus belles plages de la c\u00f4te et une proximit\u00e9 imbattable avec l&rsquo;a\u00e9roport de M\u00e1laga, <a href=\"https:\/\/www.malagacar.com\/fr\/blog\/astuces-de-voyage\/torremolinos\/\" data-wpel-link=\"internal\"><strong>Torremolinos<\/strong><\/a> reste l&rsquo;un des bastions du soleil et du tourisme baln\u00e9aire. Mais vous serez surpris de d\u00e9couvrir bien d&rsquo;autres choses !<\/p>\n<h3><span class=\"ez-toc-section\" id=\"Mijas_%E2%80%93_Village_blanc_plages_et_golf\"><\/span>Mijas &#8211; Village blanc, plages et golf<span class=\"ez-toc-section-end\"><\/span><\/h3>\n<p><a href=\"https:\/\/www.malagacar.com\/fr\/blog\/astuces-de-voyage\/mijas\/\" data-wpel-link=\"internal\"><img loading=\"lazy\" decoding=\"async\" class=\"alignnone size-full wp-image-1746\" src=\"https:\/\/www.malagacar.com\/fr\/blog\/wp-content\/uploads\/2024\/10\/mijas-cartel.jpg\" alt=\"Mijas\" width=\"998\" height=\"670\" srcset=\"https:\/\/www.malagacar.com\/fr\/blog\/wp-content\/uploads\/2024\/10\/mijas-cartel.jpg 998w, https:\/\/www.malagacar.com\/fr\/blog\/wp-content\/uploads\/2024\/10\/mijas-cartel-300x201.jpg 300w, https:\/\/www.malagacar.com\/fr\/blog\/wp-content\/uploads\/2024\/10\/mijas-cartel-768x516.jpg 768w\" sizes=\"auto, (max-width: 998px) 100vw, 998px\" \/><\/a><\/p>\n<p>D\u00e9couvrez <a href=\"https:\/\/www.malagacar.com\/fr\/blog\/astuces-de-voyage\/mijas\/\" data-wpel-link=\"internal\"><strong>Mijas<\/strong><\/a>, \u00e0 seulement 20 minutes de l&rsquo;a\u00e9roport de Malaga, l&rsquo;une des plus grandes municipalit\u00e9s de la province, qui s&rsquo;\u00e9tend entre mer et montagne : avec de belles criques, quelques-uns des meilleurs terrains de golf et un beau village blanc.<\/p>\n<h2><span class=\"ez-toc-section\" id=\"Visiter_des_villes_dautres_provinces\"><\/span>Visiter des villes d&rsquo;autres provinces<span class=\"ez-toc-section-end\"><\/span><\/h2>\n<h3><span class=\"ez-toc-section\" id=\"De_Malaga_a_Seville_%E2%80%93_Capitale_de_lAndalousie_et_ville_du_patrimoine\"><\/span>De Malaga \u00e0 S\u00e9ville &#8211; Capitale de l&rsquo;Andalousie et ville du patrimoine<span class=\"ez-toc-section-end\"><\/span><\/h3>\n<p><a href=\"https:\/\/www.malagacar.com\/fr\/blog\/conseils\/de-malaga-a-seville\/\" data-wpel-link=\"internal\"><img loading=\"lazy\" decoding=\"async\" class=\"alignnone size-full wp-image-2470\" src=\"https:\/\/www.malagacar.com\/fr\/blog\/wp-content\/uploads\/2025\/05\/sevilla-cartel1.jpg\" alt=\"De Malaga \u00e0 S\u00e9ville\" width=\"1000\" height=\"667\" srcset=\"https:\/\/www.malagacar.com\/fr\/blog\/wp-content\/uploads\/2025\/05\/sevilla-cartel1.jpg 1000w, https:\/\/www.malagacar.com\/fr\/blog\/wp-content\/uploads\/2025\/05\/sevilla-cartel1-300x200.jpg 300w, https:\/\/www.malagacar.com\/fr\/blog\/wp-content\/uploads\/2025\/05\/sevilla-cartel1-768x512.jpg 768w\" sizes=\"auto, (max-width: 1000px) 100vw, 1000px\" \/><\/a><\/p>\n<p>\u00c0 deux heures et demie de route de Malaga se trouve S\u00e9ville, la magnifique capitale de l&rsquo;Andalousie. Si vous visitez la Costa del Sol, vous pouvez pr\u00e9voir par exemple quelques jours pour d\u00e9couvrir l&rsquo;\u00e9norme patrimoine historique.<\/p>\n<p>Si votre point de d\u00e9part est la Costa del Sol, vous avez plusieurs possibilit\u00e9s pour vous rendre <a href=\"https:\/\/www.malagacar.com\/fr\/blog\/conseils\/de-malaga-a-seville\/\" data-wpel-link=\"internal\"><strong>de Malaga \u00e0 S\u00e9ville<\/strong><\/a>. Ces itin\u00e9raires vous permettront de profiter des magnifiques paysages andalous.<\/p>\n<h3><span class=\"ez-toc-section\" id=\"Road_trip_de_Malaga_a_Cadiz_%E2%80%93_La_Cote_Lumiere\"><\/span>Road trip de Malaga \u00e0 Cadiz \u2013 La C\u00f4te Lumi\u00e8re<span class=\"ez-toc-section-end\"><\/span><\/h3>\n<p><a href=\"https:\/\/www.malagacar.com\/blog\/travel-tips\/road-trip-malaga-to-cadiz\/\" data-wpel-link=\"internal\"><img loading=\"lazy\" decoding=\"async\" class=\"alignnone size-full wp-image-12672\" src=\"https:\/\/www.malagacar.com\/blog\/wp-content\/uploads\/2024\/07\/cadiz-ing.jpg\" alt=\"Cadiz\" width=\"1000\" height=\"667\" \/><\/a><\/p>\n<p>Profitez de votre s\u00e9jour pour d\u00e9couvrir la grande et belle vari\u00e9t\u00e9 qu&rsquo;offre l&rsquo;Andalousie, \u00e0 quelques heures de Malaga ! Aujourd&rsquo;hui, nous vous emmenons le long de la <a href=\"https:\/\/www.malagacar.com\/fr\/blog\/astuces-de-voyage\/road-trip-malaga-cadiz\/\" data-wpel-link=\"internal\"><strong>route c\u00f4ti\u00e8re jusqu&rsquo;\u00e0 notre province voisine de Cadiz<\/strong><\/a>.<\/p>\n<h3><span class=\"ez-toc-section\" id=\"En_voiture_a_Gibraltar_Comment_ne_pas_desesperer_en_essayant\"><\/span>En voiture \u00e0 Gibraltar? Comment ne pas d\u00e9sesp\u00e9rer en essayant<span class=\"ez-toc-section-end\"><\/span><\/h3>\n<p><a href=\"https:\/\/www.malagacar.com\/fr\/blog\/astuces-de-voyage\/en-voiture-a-gibraltar\/\" data-wpel-link=\"internal\"><img loading=\"lazy\" decoding=\"async\" class=\"alignnone wp-image-523\" src=\"https:\/\/www.malagacar.com\/fr\/blog\/wp-content\/uploads\/2023\/04\/gibraltar-by-car.jpg\" alt=\"Gibraltar en voiture\" width=\"1001\" height=\"613\" srcset=\"https:\/\/www.malagacar.com\/fr\/blog\/wp-content\/uploads\/2023\/04\/gibraltar-by-car.jpg 1200w, https:\/\/www.malagacar.com\/fr\/blog\/wp-content\/uploads\/2023\/04\/gibraltar-by-car-300x184.jpg 300w, https:\/\/www.malagacar.com\/fr\/blog\/wp-content\/uploads\/2023\/04\/gibraltar-by-car-1024x627.jpg 1024w, https:\/\/www.malagacar.com\/fr\/blog\/wp-content\/uploads\/2023\/04\/gibraltar-by-car-768x470.jpg 768w\" sizes=\"auto, (max-width: 1001px) 100vw, 1001px\" \/><\/a><\/p>\n<p>Supposons que vous profitiez de l&rsquo;un de nos Malagacars pendant vos vacances et que vous ayez envie de faire une excursion d&rsquo;une journ\u00e9e au Rocher pour y faire du shopping et\/ou visiter la ville. Pour des raisons de commodit\u00e9, vous souhaitez vous y rendre par vos propres moyens.<\/p>\n<p>Jusqu&rsquo;\u00e0 pr\u00e9sent, tout va bien. Mais si vous ne voulez pas vous ennuyer dans un \u00e9tat semi-cataleptique \u00e0 l&rsquo;int\u00e9rieur de votre voiture pendant trop longtemps, vous pouvez <a href=\"https:\/\/www.malagacar.com\/fr\/blog\/astuces-de-voyage\/en-voiture-a-gibraltar\/\" data-wpel-link=\"internal\"><strong>envisager les options suivantes<\/strong><\/a>.<\/p>\n<h3><span class=\"ez-toc-section\" id=\"Granada_la_ville_ensorcelee_depuis_Malaga\"><\/span>Granada, la ville ensorcel\u00e9e, depuis M\u00e1laga<span class=\"ez-toc-section-end\"><\/span><\/h3>\n<p><img loading=\"lazy\" decoding=\"async\" class=\"\" src=\"https:\/\/www.malagacar.com\/blog\/wp-content\/uploads\/2022\/12\/granada-cartel.jpg\" alt=\"Granada\" width=\"1002\" height=\"619\" \/><\/p>\n<p>Avec sa situation incomparable, son h\u00e9ritage mauresque, ses quartiers charmants, son \u00e9norme patrimoine culturel et monumental et sa ville universitaire anim\u00e9e avec beaucoup de culture et de vie nocturne, il est difficile de ne pas tomber sous le charme de <a href=\"https:\/\/www.malagacar.com\/fr\/blog\/astuces-de-voyage\/granada-depuis-malaga\/\" data-wpel-link=\"internal\"><strong>Granada<\/strong><\/a> !<\/p>\n<h3><span class=\"ez-toc-section\" id=\"Decouvrir_Cordoba_en_voiture\"><\/span>D\u00e9couvrir C\u00f3rdoba en voiture<span class=\"ez-toc-section-end\"><\/span><\/h3>\n<p><a href=\"https:\/\/www.malagacar.com\/fr\/blog\/astuces-de-voyage\/cordoba-en-voiture\/\" data-wpel-link=\"internal\"><img loading=\"lazy\" decoding=\"async\" class=\"alignnone wp-image-1259\" src=\"https:\/\/www.malagacar.com\/fr\/blog\/wp-content\/uploads\/2024\/05\/cordoba-fr.jpg\" alt=\"C\u00f3rdoba\" width=\"1004\" height=\"669\" srcset=\"https:\/\/www.malagacar.com\/fr\/blog\/wp-content\/uploads\/2024\/05\/cordoba-fr.jpg 1280w, https:\/\/www.malagacar.com\/fr\/blog\/wp-content\/uploads\/2024\/05\/cordoba-fr-300x200.jpg 300w, https:\/\/www.malagacar.com\/fr\/blog\/wp-content\/uploads\/2024\/05\/cordoba-fr-1024x682.jpg 1024w, https:\/\/www.malagacar.com\/fr\/blog\/wp-content\/uploads\/2024\/05\/cordoba-fr-768x512.jpg 768w\" sizes=\"auto, (max-width: 1004px) 100vw, 1004px\" \/><\/a><\/p>\n<p>Promenez-vous dans les rues complexes de sa vieille ville et sentez la magie qui persiste \u00e0 chaque coin de rue. Visiter ses grands monuments ou les c\u00e9l\u00e8bres cours de C\u00f3rdoba est tr\u00e8s facile, \u00e0 moins de 2 heures de l&rsquo;a\u00e9roport de Malaga.<\/p>\n<p><a href=\"https:\/\/www.malagacar.com\/fr\/blog\/astuces-de-voyage\/cordoba-en-voiture\/\" data-wpel-link=\"internal\"><strong>D\u00e9couvrez C\u00f3rdoba<\/strong><\/a> avec nous, vous ne pourrez pas r\u00e9sister \u00e0 l&rsquo;envie de planifier une visite !<\/p>\n<h2><span class=\"ez-toc-section\" id=\"Malaga_Toute_lannee\"><\/span>Malaga ? Toute l&rsquo;ann\u00e9e !<span class=\"ez-toc-section-end\"><\/span><\/h2>\n<h3><span class=\"ez-toc-section\" id=\"Urgence_medicale_a_Malaga_tout_ce_que_vous_devez_savoir\"><\/span>Urgence m\u00e9dicale \u00e0 Malaga\u00a0: tout ce que vous devez savoir<span class=\"ez-toc-section-end\"><\/span><\/h3>\n<p><a href=\"https:\/\/www.malagacar.com\/fr\/blog\/actualites\/urgence-medicale-a-malaga\/\" data-wpel-link=\"internal\"><img loading=\"lazy\" decoding=\"async\" class=\"alignnone size-full wp-image-2543\" src=\"https:\/\/www.malagacar.com\/fr\/blog\/wp-content\/uploads\/2025\/06\/medical-emergency-fr.jpg\" alt=\"Urgence m\u00e9dicale \u00e0 Malaga\" width=\"1000\" height=\"667\" srcset=\"https:\/\/www.malagacar.com\/fr\/blog\/wp-content\/uploads\/2025\/06\/medical-emergency-fr.jpg 1000w, https:\/\/www.malagacar.com\/fr\/blog\/wp-content\/uploads\/2025\/06\/medical-emergency-fr-300x200.jpg 300w, https:\/\/www.malagacar.com\/fr\/blog\/wp-content\/uploads\/2025\/06\/medical-emergency-fr-768x512.jpg 768w\" sizes=\"auto, (max-width: 1000px) 100vw, 1000px\" \/><\/a><\/p>\n<p>Lorsque nous pr\u00e9parons nos vacances bien m\u00e9rit\u00e9es \u00e0 Malaga, nous ne devons pas seulement penser \u00e0 la cr\u00e8me solaire et aux guides de voyage, mais aussi savoir <a href=\"https:\/\/www.malagacar.com\/fr\/blog\/actualites\/urgence-medicale-a-malaga\/\" data-wpel-link=\"internal\"><strong>quoi faire en cas d&rsquo;urgence m\u00e9dicale<\/strong><\/a>.<\/p>\n<h3><span class=\"ez-toc-section\" id=\"Visites_guidees_a_Malaga\"><\/span>Visites guid\u00e9es \u00e0 Malaga<span class=\"ez-toc-section-end\"><\/span><\/h3>\n<p><a href=\"https:\/\/www.malagacar.com\/fr\/blog\/loisirs\/visites-guidees-a-malaga\/%20\" data-wpel-link=\"internal\"><img loading=\"lazy\" decoding=\"async\" class=\"alignnone size-full wp-image-1763\" src=\"https:\/\/www.malagacar.com\/fr\/blog\/wp-content\/uploads\/2024\/11\/malaga-guided-tours-fr.jpg\" alt=\"Visites guid\u00e9es \u00e0 Malaga\" width=\"1000\" height=\"667\" srcset=\"https:\/\/www.malagacar.com\/fr\/blog\/wp-content\/uploads\/2024\/11\/malaga-guided-tours-fr.jpg 1000w, https:\/\/www.malagacar.com\/fr\/blog\/wp-content\/uploads\/2024\/11\/malaga-guided-tours-fr-300x200.jpg 300w, https:\/\/www.malagacar.com\/fr\/blog\/wp-content\/uploads\/2024\/11\/malaga-guided-tours-fr-768x512.jpg 768w\" sizes=\"auto, (max-width: 1000px) 100vw, 1000px\" \/><\/a><\/p>\n<p>Que vous souhaitiez profiter au maximum de votre visite ou approfondir votre connaissance de cette ancienne ville situ\u00e9e sur les rives de la M\u00e9diterran\u00e9e, les <a href=\"https:\/\/www.malagacar.com\/fr\/blog\/loisirs\/visites-guidees-a-malaga\/\" data-wpel-link=\"internal\"><strong>visites guid\u00e9es \u00e0 Malaga<\/strong><\/a> peuvent \u00eatre une exp\u00e9rience tr\u00e8s agr\u00e9able et int\u00e9ressante que vous pouvez tenter. Nous vous en dirons plus ci-dessous !<\/p>\n<h3><span class=\"ez-toc-section\" id=\"Budget_logements_de_vacances_a_Malaga_cet_ete\"><\/span>Budget logements de vacances \u00e0 Malaga cet \u00e9t\u00e9<span class=\"ez-toc-section-end\"><\/span><\/h3>\n<p><a href=\"https:\/\/www.malagacar.com\/fr\/blog\/malaga\/budget-logements-vacances\/\" data-wpel-link=\"internal\"><img loading=\"lazy\" decoding=\"async\" class=\"alignnone size-full wp-image-1494\" src=\"https:\/\/www.malagacar.com\/fr\/blog\/wp-content\/uploads\/2024\/07\/Marbella-Credit-Depositphotos.jpg\" alt=\"Budget logements de vacances Malaga\" width=\"1000\" height=\"667\" srcset=\"https:\/\/www.malagacar.com\/fr\/blog\/wp-content\/uploads\/2024\/07\/Marbella-Credit-Depositphotos.jpg 1000w, https:\/\/www.malagacar.com\/fr\/blog\/wp-content\/uploads\/2024\/07\/Marbella-Credit-Depositphotos-300x200.jpg 300w, https:\/\/www.malagacar.com\/fr\/blog\/wp-content\/uploads\/2024\/07\/Marbella-Credit-Depositphotos-768x512.jpg 768w\" sizes=\"auto, (max-width: 1000px) 100vw, 1000px\" \/><\/a><\/p>\n<p>Les appartements de vacances sont tr\u00e8s populaires et il en existe une grande vari\u00e9t\u00e9, tant en termes de prix que d&#8217;emplacement, tout au long de la c\u00f4te.<\/p>\n<p>Il ne fait aucun doute que la location d&rsquo;une maison ou m\u00eame d&rsquo;une villa ajoute une saveur particuli\u00e8re \u00e0 vos vacances, qui peut le nier ? D\u00e9couvrez-<a href=\"https:\/\/www.malagacar.com\/fr\/blog\/malaga\/budget-logements-vacances\/\" data-wpel-link=\"internal\"><strong>en plus dans notre article<\/strong><\/a> !<\/p>\n<h3><span class=\"ez-toc-section\" id=\"Apps_indispensables_pour_visiter_Malaga\"><\/span>Apps indispensables pour visiter Malaga<span class=\"ez-toc-section-end\"><\/span><\/h3>\n<p><a href=\"https:\/\/www.malagacar.com\/fr\/blog\/astuces-de-voyage\/apps-indispensables-malaga\/\" data-wpel-link=\"internal\"><img loading=\"lazy\" decoding=\"async\" class=\"alignnone wp-image-1403\" src=\"https:\/\/www.malagacar.com\/fr\/blog\/wp-content\/uploads\/2024\/06\/malaga-essential-apps-fr.jpg\" alt=\"apps Malaga\" width=\"1001\" height=\"701\" srcset=\"https:\/\/www.malagacar.com\/fr\/blog\/wp-content\/uploads\/2024\/06\/malaga-essential-apps-fr.jpg 1200w, https:\/\/www.malagacar.com\/fr\/blog\/wp-content\/uploads\/2024\/06\/malaga-essential-apps-fr-300x210.jpg 300w, https:\/\/www.malagacar.com\/fr\/blog\/wp-content\/uploads\/2024\/06\/malaga-essential-apps-fr-1024x717.jpg 1024w, https:\/\/www.malagacar.com\/fr\/blog\/wp-content\/uploads\/2024\/06\/malaga-essential-apps-fr-768x538.jpg 768w\" sizes=\"auto, (max-width: 1001px) 100vw, 1001px\" \/><\/a><\/p>\n<p>Que vous veniez en vacances ou que vous viviez ici, voici une liste des <a href=\"https:\/\/www.malagacar.com\/fr\/blog\/astuces-de-voyage\/apps-indispensables-malaga\/\" data-wpel-link=\"internal\"><strong>apps indispensables pour Malaga<\/strong><\/a>. En un coup d&rsquo;\u0153il, tout ce qu&rsquo;il faut savoir sur le tourisme, les transports, les plages et bien plus encore !<\/p>\n<h3><span class=\"ez-toc-section\" id=\"Vacances_saines_a_Malaga\"><\/span>Vacances saines \u00e0 Malaga<span class=\"ez-toc-section-end\"><\/span><\/h3>\n<p><a href=\"https:\/\/www.malagacar.com\/fr\/blog\/astuces-de-voyage\/vacances-saines-malaga\/\" data-wpel-link=\"internal\"><img loading=\"lazy\" decoding=\"async\" class=\"alignnone wp-image-840\" src=\"https:\/\/www.malagacar.com\/fr\/blog\/wp-content\/uploads\/2023\/11\/vacances-saines-malaga.jpg\" alt=\"vacances-saines-malaga\" width=\"1001\" height=\"667\" srcset=\"https:\/\/www.malagacar.com\/fr\/blog\/wp-content\/uploads\/2023\/11\/vacances-saines-malaga.jpg 1280w, https:\/\/www.malagacar.com\/fr\/blog\/wp-content\/uploads\/2023\/11\/vacances-saines-malaga-300x200.jpg 300w, https:\/\/www.malagacar.com\/fr\/blog\/wp-content\/uploads\/2023\/11\/vacances-saines-malaga-1024x682.jpg 1024w, https:\/\/www.malagacar.com\/fr\/blog\/wp-content\/uploads\/2023\/11\/vacances-saines-malaga-768x512.jpg 768w\" sizes=\"auto, (max-width: 1001px) 100vw, 1001px\" \/><\/a><\/p>\n<p>Le climat de Malaga est le meilleur d&rsquo;Europe. Combin\u00e9 \u00e0 l&rsquo;offre consid\u00e9rable pour tous les go\u00fbts en mati\u00e8re de sant\u00e9 et de bien-\u00eatre, c&rsquo;est la destination id\u00e9ale pour des <a href=\"https:\/\/www.malagacar.com\/fr\/blog\/astuces-de-voyage\/vacances-saines-malaga\/\" data-wpel-link=\"internal\"><strong>vacances saines sur la Costa del Sol<\/strong><\/a>.<\/p>\n<p>Et ce, tout au long de l&rsquo;ann\u00e9e !<\/p>\n<h3><span class=\"ez-toc-section\" id=\"Passer_lhiver_a_Malaga_%E2%80%93_Soleil_garanti\"><\/span>Passer l\u2019hiver \u00e0 Malaga \u2013 Soleil garanti !<span class=\"ez-toc-section-end\"><\/span><\/h3>\n<p><a href=\"https:\/\/www.malagacar.com\/fr\/blog\/astuces-de-voyage\/hiver-a-malaga\/\" data-wpel-link=\"internal\"><img loading=\"lazy\" decoding=\"async\" class=\"alignnone wp-image-835\" src=\"https:\/\/www.malagacar.com\/fr\/blog\/wp-content\/uploads\/2022\/09\/hiver-malaga_fr.jpg\" alt=\"Hiver a Malaga\" width=\"1000\" height=\"500\" srcset=\"https:\/\/www.malagacar.com\/fr\/blog\/wp-content\/uploads\/2022\/09\/hiver-malaga_fr.jpg 1200w, https:\/\/www.malagacar.com\/fr\/blog\/wp-content\/uploads\/2022\/09\/hiver-malaga_fr-300x150.jpg 300w, https:\/\/www.malagacar.com\/fr\/blog\/wp-content\/uploads\/2022\/09\/hiver-malaga_fr-1024x512.jpg 1024w, https:\/\/www.malagacar.com\/fr\/blog\/wp-content\/uploads\/2022\/09\/hiver-malaga_fr-768x384.jpg 768w\" sizes=\"auto, (max-width: 1000px) 100vw, 1000px\" \/><\/a><\/p>\n<p>Il y a de nombreuses bonnes raisons de <a href=\"https:\/\/www.malagacar.com\/fr\/blog\/astuces-de-voyage\/hiver-a-malaga\/\" data-wpel-link=\"internal\"><strong>passer l&rsquo;hiver \u00e0 Malaga<\/strong><\/a>. Un grand nombre de nos visiteurs associent la Costa del Sol aux mois d&rsquo;\u00e9t\u00e9, au soleil et \u00e0 la plage.<\/p>\n<p>Cependant, gr\u00e2ce \u00e0 son climat doux tout au long de l&rsquo;ann\u00e9e, Malaga est l&rsquo;une des meilleures destinations d&rsquo;Europe pour \u00e9chapper au froid.<\/p>\n<h3><span class=\"ez-toc-section\" id=\"Malaga_pour_les_nomades_numeriques\"><\/span>Malaga pour les nomades num\u00e9riques<span class=\"ez-toc-section-end\"><\/span><\/h3>\n<p><img loading=\"lazy\" decoding=\"async\" class=\"alignnone wp-image-9112 size-full\" src=\"https:\/\/www.malagacar.com\/blog\/wp-content\/uploads\/2022\/03\/nomadas-digitales-en.jpg\" alt=\"Malaga Digital Nomads, costa del sol guide\" width=\"1000\" height=\"667\" \/><\/p>\n<p>Dans un monde de plus en plus num\u00e9ris\u00e9 et avec une \u00e9norme libert\u00e9 de choisir l&rsquo;endroit d&rsquo;o\u00f9 l&rsquo;on veut t\u00e9l\u00e9travailler. La Costa del Sol est une destination parfaite pour les nomades num\u00e9riques.<\/p>\n<p>Comme nous le verrons ci-dessous, la province de Malaga offre une grande vari\u00e9t\u00e9 d&rsquo;avantages \u00e0 ceux qui choisissent la <a href=\"https:\/\/www.malagacar.com\/fr\/blog\/loisirs\/malaga-pour-nomades-numeriques\/\" data-wpel-link=\"internal\"><strong>Costa del Sol pour t\u00e9l\u00e9travailler<\/strong><\/a>.<\/p>\n<h3><span class=\"ez-toc-section\" id=\"Voyager_a_Malaga_en_mai-juin\"><\/span>Voyager \u00e0 Malaga en mai-juin<span class=\"ez-toc-section-end\"><\/span><\/h3>\n<p><a href=\"https:\/\/www.malagacar.com\/fr\/blog\/astuces-de-voyage\/voyager-a-malaga-en-mai-juin\/\" data-wpel-link=\"internal\"><img loading=\"lazy\" decoding=\"async\" class=\"alignnone wp-image-1087\" src=\"https:\/\/www.malagacar.com\/fr\/blog\/wp-content\/uploads\/2024\/04\/viajar-a-malaga-en-mayo-junio-fr.jpg\" alt=\"Malaga en mai-juin\" width=\"1001\" height=\"1001\" srcset=\"https:\/\/www.malagacar.com\/fr\/blog\/wp-content\/uploads\/2024\/04\/viajar-a-malaga-en-mayo-junio-fr.jpg 1200w, https:\/\/www.malagacar.com\/fr\/blog\/wp-content\/uploads\/2024\/04\/viajar-a-malaga-en-mayo-junio-fr-300x300.jpg 300w, https:\/\/www.malagacar.com\/fr\/blog\/wp-content\/uploads\/2024\/04\/viajar-a-malaga-en-mayo-junio-fr-1024x1024.jpg 1024w, https:\/\/www.malagacar.com\/fr\/blog\/wp-content\/uploads\/2024\/04\/viajar-a-malaga-en-mayo-junio-fr-150x150.jpg 150w, https:\/\/www.malagacar.com\/fr\/blog\/wp-content\/uploads\/2024\/04\/viajar-a-malaga-en-mayo-junio-fr-768x768.jpg 768w, https:\/\/www.malagacar.com\/fr\/blog\/wp-content\/uploads\/2024\/04\/viajar-a-malaga-en-mayo-junio-fr-125x125.jpg 125w\" sizes=\"auto, (max-width: 1001px) 100vw, 1001px\" \/><\/a><\/p>\n<p>Vous pr\u00e9voyez de vous rendre sur la Costa del Sol cette ann\u00e9e ? Nous vous expliquons pourquoi <a href=\"https:\/\/www.malagacar.com\/fr\/blog\/astuces-de-voyage\/voyager-a-malaga-en-mai-juin\/\" data-wpel-link=\"internal\"><strong>voyager \u00e0 Malaga en mai-juin<\/strong><\/a> est une excellente id\u00e9e !<\/p>\n<h3><span class=\"ez-toc-section\" id=\"Quelle_est_la_meilleure_periode_pour_voyager_a_Malaga\"><\/span>Quelle est la meilleure p\u00e9riode pour voyager \u00e0 Malaga ?<span class=\"ez-toc-section-end\"><\/span><\/h3>\n<p><a href=\"https:\/\/www.malagacar.com\/fr\/blog\/astuces-de-voyage\/meilleure-periode-pour-voyager-a-malaga\/\" data-wpel-link=\"internal\"><img loading=\"lazy\" decoding=\"async\" class=\"alignnone wp-image-9283 size-full\" src=\"https:\/\/www.malagacar.com\/blog\/wp-content\/uploads\/2022\/04\/viajar-malaga.jpg\" alt=\"Costa del Sol guide\" width=\"533\" height=\"398\" \/><\/a><\/p>\n<p>Nous, qui vivons ici, pensons que Malaga est presque un paradis sur terre et qu&rsquo;elle est tr\u00e8s attrayante pendant les 12 mois de l&rsquo;ann\u00e9e. Votre choix sera plus sp\u00e9cifique en fonction de <a href=\"https:\/\/www.malagacar.com\/fr\/blog\/astuces-de-voyage\/meilleure-periode-pour-voyager-a-malaga\/\" data-wpel-link=\"internal\"><strong>ce que vous recherchez<\/strong><\/a>.<\/p>\n<h3><span class=\"ez-toc-section\" id=\"Que_faut-il_emporter_pour_voyager_a_Malaga_Les_indispensables_pour_les_4_saisons\"><\/span>Que faut-il emporter pour voyager \u00e0 Malaga ? Les indispensables pour les 4 saisons<span class=\"ez-toc-section-end\"><\/span><\/h3>\n<p><a href=\"https:\/\/www.malagacar.com\/fr\/blog\/astuces-de-voyage\/emporter-malaga-indispensables\/\" data-wpel-link=\"internal\"><img loading=\"lazy\" decoding=\"async\" class=\"alignnone wp-image-536\" src=\"https:\/\/www.malagacar.com\/fr\/blog\/wp-content\/uploads\/2023\/04\/hacer-maleta-malaga-fr.jpg\" alt=\"\" width=\"800\" height=\"812\" srcset=\"https:\/\/www.malagacar.com\/fr\/blog\/wp-content\/uploads\/2023\/04\/hacer-maleta-malaga-fr.jpg 1200w, https:\/\/www.malagacar.com\/fr\/blog\/wp-content\/uploads\/2023\/04\/hacer-maleta-malaga-fr-296x300.jpg 296w, https:\/\/www.malagacar.com\/fr\/blog\/wp-content\/uploads\/2023\/04\/hacer-maleta-malaga-fr-1009x1024.jpg 1009w, https:\/\/www.malagacar.com\/fr\/blog\/wp-content\/uploads\/2023\/04\/hacer-maleta-malaga-fr-768x780.jpg 768w\" sizes=\"auto, (max-width: 800px) 100vw, 800px\" \/><\/a><\/p>\n<p>Dans cet article, nous vous indiquons les choses \u00e0 ne pas manquer dans <a href=\"https:\/\/www.malagacar.com\/fr\/blog\/astuces-de-voyage\/emporter-malaga-indispensables\/\" data-wpel-link=\"internal\"><strong>votre valise pour votre voyage \u00e0 Malaga<\/strong><\/a>, en fonction de chaque saison. Et nous vous racontons aussi d&rsquo;autres choses int\u00e9ressantes !<\/p>\n<h3><span class=\"ez-toc-section\" id=\"Malaga_en_ete_%E2%80%93_Sensation_estivale\"><\/span>M\u00e1laga en \u00e9t\u00e9 &#8211; Sensation estivale<span class=\"ez-toc-section-end\"><\/span><\/h3>\n<p><img loading=\"lazy\" decoding=\"async\" class=\"alignnone size-full wp-image-700\" src=\"https:\/\/www.malagacar.com\/fr\/blog\/wp-content\/uploads\/2023\/07\/malaga-estivale.jpg\" alt=\"Malaga estivale\" width=\"1200\" height=\"1201\" srcset=\"https:\/\/www.malagacar.com\/fr\/blog\/wp-content\/uploads\/2023\/07\/malaga-estivale.jpg 1200w, https:\/\/www.malagacar.com\/fr\/blog\/wp-content\/uploads\/2023\/07\/malaga-estivale-300x300.jpg 300w, https:\/\/www.malagacar.com\/fr\/blog\/wp-content\/uploads\/2023\/07\/malaga-estivale-1024x1024.jpg 1024w, https:\/\/www.malagacar.com\/fr\/blog\/wp-content\/uploads\/2023\/07\/malaga-estivale-150x150.jpg 150w, https:\/\/www.malagacar.com\/fr\/blog\/wp-content\/uploads\/2023\/07\/malaga-estivale-768x769.jpg 768w, https:\/\/www.malagacar.com\/fr\/blog\/wp-content\/uploads\/2023\/07\/malaga-estivale-125x125.jpg 125w\" sizes=\"auto, (max-width: 1200px) 100vw, 1200px\" \/><\/p>\n<p>M\u00e1laga en \u00e9t\u00e9 : Oui, nous adorons vous montrer le meilleur de M\u00e1laga et de la Costa del Sol, et quoi de mieux que de le faire \u00e0 travers quelques clich\u00e9s Instagram.<\/p>\n<p>Vous cherchez encore de <a href=\"https:\/\/www.malagacar.com\/fr\/blog\/loisirs\/malaga-ete\/\" data-wpel-link=\"internal\"><strong>bonnes raisons de venir \u00e0 Malaga en \u00e9t\u00e9<\/strong><\/a> ? Aujourd&rsquo;hui, nous vous emmenons \u00e0 la plage.<\/p>\n<h2><span class=\"ez-toc-section\" id=\"Conseils_pour_lavion_les_croisieres_et_les_excursions_en_bateau\"><\/span>Conseils pour l&rsquo;avion, les croisi\u00e8res et les excursions en bateau<span class=\"ez-toc-section-end\"><\/span><\/h2>\n<h3><span class=\"ez-toc-section\" id=\"Vols_vers_Malaga_hiver_202526\"><\/span>Vols vers Malaga hiver 2025\/26<span class=\"ez-toc-section-end\"><\/span><\/h3>\n<p><a href=\"https:\/\/www.malagacar.com\/fr\/blog\/conseils\/vols-vers-malaga-hiver\/\" data-wpel-link=\"internal\"><img loading=\"lazy\" decoding=\"async\" class=\"alignnone size-full wp-image-2852\" src=\"https:\/\/www.malagacar.com\/fr\/blog\/wp-content\/uploads\/2025\/10\/flying-to-malaga-this-winter-fr.jpg\" alt=\"Vols vers Malaga hiver\" width=\"1000\" height=\"666\" srcset=\"https:\/\/www.malagacar.com\/fr\/blog\/wp-content\/uploads\/2025\/10\/flying-to-malaga-this-winter-fr.jpg 1000w, https:\/\/www.malagacar.com\/fr\/blog\/wp-content\/uploads\/2025\/10\/flying-to-malaga-this-winter-fr-300x200.jpg 300w, https:\/\/www.malagacar.com\/fr\/blog\/wp-content\/uploads\/2025\/10\/flying-to-malaga-this-winter-fr-768x511.jpg 768w\" sizes=\"auto, (max-width: 1000px) 100vw, 1000px\" \/><\/a><\/p>\n<p>Si vous envisagez de vous <a href=\"https:\/\/www.malagacar.com\/fr\/blog\/conseils\/vols-vers-malaga-hiver\/\" data-wpel-link=\"internal\"><strong>rendre \u00e0 Malaga cet hiver<\/strong><\/a>, vous serez surpris par le vaste choix de vols directs nationaux et internationaux vers l&rsquo;extr\u00e9mit\u00e9 sud de l&rsquo;Europe, notre Costa del Sol baign\u00e9e de soleil.<\/p>\n<h3><span class=\"ez-toc-section\" id=\"Villes_avec_vols_vers_Malaga_ete_2026\"><\/span>Villes avec vols vers Malaga \u00e9t\u00e9 2026<span class=\"ez-toc-section-end\"><\/span><\/h3>\n<p><a href=\"https:\/\/www.malagacar.com\/fr\/blog\/actualites\/vols-vers-malaga\/\" data-wpel-link=\"internal\"><img loading=\"lazy\" decoding=\"async\" class=\"alignnone wp-image-526\" src=\"https:\/\/www.malagacar.com\/fr\/blog\/wp-content\/uploads\/2023\/04\/volar-a-malaga-fr.jpg\" alt=\"vols \u00e0 Malaga\" width=\"1001\" height=\"751\" srcset=\"https:\/\/www.malagacar.com\/fr\/blog\/wp-content\/uploads\/2023\/04\/volar-a-malaga-fr.jpg 1200w, https:\/\/www.malagacar.com\/fr\/blog\/wp-content\/uploads\/2023\/04\/volar-a-malaga-fr-300x225.jpg 300w, https:\/\/www.malagacar.com\/fr\/blog\/wp-content\/uploads\/2023\/04\/volar-a-malaga-fr-1024x768.jpg 1024w, https:\/\/www.malagacar.com\/fr\/blog\/wp-content\/uploads\/2023\/04\/volar-a-malaga-fr-768x576.jpg 768w\" sizes=\"auto, (max-width: 1001px) 100vw, 1001px\" \/><\/a><\/p>\n<p>Cet \u00e9t\u00e9, l&rsquo;a\u00e9roport de M\u00e1laga propose des vols vers M\u00e1laga depuis 156 destinations. D\u00e9couvrez <a href=\"https:\/\/www.malagacar.com\/fr\/blog\/actualites\/vols-vers-malaga\/\" data-wpel-link=\"internal\"><strong>d&rsquo;o\u00f9 vous pouvez voler vers Malaga<\/strong><\/a>.<\/p>\n<h3><span class=\"ez-toc-section\" id=\"ETIAS_et_ETA_autorisation_electronique_de_voyage_obligatoire\"><\/span>ETIAS et ETA : autorisation \u00e9lectronique de voyage obligatoire<span class=\"ez-toc-section-end\"><\/span><\/h3>\n<p><a href=\"https:\/\/www.malagacar.com\/fr\/blog\/actualites\/etias-autorisation-de-voyage\/\" data-wpel-link=\"internal\"><img loading=\"lazy\" decoding=\"async\" class=\"alignnone size-full wp-image-2301\" src=\"https:\/\/www.malagacar.com\/fr\/blog\/wp-content\/uploads\/2025\/03\/etias.jpg\" alt=\"ETIAS\" width=\"1000\" height=\"667\" srcset=\"https:\/\/www.malagacar.com\/fr\/blog\/wp-content\/uploads\/2025\/03\/etias.jpg 1000w, https:\/\/www.malagacar.com\/fr\/blog\/wp-content\/uploads\/2025\/03\/etias-300x200.jpg 300w, https:\/\/www.malagacar.com\/fr\/blog\/wp-content\/uploads\/2025\/03\/etias-768x512.jpg 768w\" sizes=\"auto, (max-width: 1000px) 100vw, 1000px\" \/><\/a><\/p>\n<p>Vous trouverez ici tout ce que vous devez savoir sur les nouveaux documents \u00e9lectroniques <a href=\"https:\/\/www.malagacar.com\/fr\/blog\/actualites\/etias-autorisation-de-voyage\/\" data-wpel-link=\"internal\"><strong>ETIAS et ETA<\/strong><\/a> pour voyager en Europe ou au Royaume-Uni.<\/p>\n<h3><span class=\"ez-toc-section\" id=\"Croisieres_a_Malaga_et_excursions_en_bateau\"><\/span>Croisi\u00e8res \u00e0 Malaga et excursions en bateau<span class=\"ez-toc-section-end\"><\/span><\/h3>\n<p><a href=\"https:\/\/www.malagacar.com\/fr\/blog\/astuces-de-voyage\/croisieres-malaga\/\" data-wpel-link=\"internal\"><img loading=\"lazy\" decoding=\"async\" class=\"alignnone size-full wp-image-1670\" src=\"https:\/\/www.malagacar.com\/fr\/blog\/wp-content\/uploads\/2023\/10\/malaga-cruceros-fr-1.jpg\" alt=\"croisi\u00e8res \u00e0 Malaga\" width=\"1024\" height=\"768\" srcset=\"https:\/\/www.malagacar.com\/fr\/blog\/wp-content\/uploads\/2023\/10\/malaga-cruceros-fr-1.jpg 1024w, https:\/\/www.malagacar.com\/fr\/blog\/wp-content\/uploads\/2023\/10\/malaga-cruceros-fr-1-300x225.jpg 300w, https:\/\/www.malagacar.com\/fr\/blog\/wp-content\/uploads\/2023\/10\/malaga-cruceros-fr-1-768x576.jpg 768w\" sizes=\"auto, (max-width: 1024px) 100vw, 1024px\" \/><\/a><\/p>\n<p>Vous allez faire une croisi\u00e8re \u00e0 Malaga ? Ou vous avez envie d&rsquo;une balade en catamaran ?<\/p>\n<p>Ce n&rsquo;est pas forc\u00e9ment un grand voyage, il y a des id\u00e9es tr\u00e8s sympas \u00e0 des prix abordables dans le port de Malaga, <a href=\"https:\/\/www.malagacar.com\/fr\/blog\/astuces-de-voyage\/croisieres-malaga\/\" data-wpel-link=\"internal\"><strong>d\u00e9couvrez-les<\/strong><\/a> !<\/p>\n<h3><span class=\"ez-toc-section\" id=\"Arrivees_a_laeroport_de_Malaga_en_haute_saison\"><\/span>Arriv\u00e9es \u00e0 l&rsquo;a\u00e9roport de Malaga en haute saison<span class=\"ez-toc-section-end\"><\/span><\/h3>\n<p><a href=\"https:\/\/www.malagacar.com\/fr\/blog\/aeroport-de-malaga\/arrivees-haute-saison\/\" data-wpel-link=\"internal\"><img loading=\"lazy\" decoding=\"async\" class=\"alignnone wp-image-1393\" src=\"https:\/\/www.malagacar.com\/fr\/blog\/wp-content\/uploads\/2024\/06\/VERANO-MALAGA.jpg\" alt=\"Arriv\u00e9es \u00e0 l'a\u00e9roport de Malaga. guide Costa del Sol\" width=\"875\" height=\"583\" srcset=\"https:\/\/www.malagacar.com\/fr\/blog\/wp-content\/uploads\/2024\/06\/VERANO-MALAGA.jpg 2041w, https:\/\/www.malagacar.com\/fr\/blog\/wp-content\/uploads\/2024\/06\/VERANO-MALAGA-300x200.jpg 300w, https:\/\/www.malagacar.com\/fr\/blog\/wp-content\/uploads\/2024\/06\/VERANO-MALAGA-1024x683.jpg 1024w, https:\/\/www.malagacar.com\/fr\/blog\/wp-content\/uploads\/2024\/06\/VERANO-MALAGA-768x512.jpg 768w, https:\/\/www.malagacar.com\/fr\/blog\/wp-content\/uploads\/2024\/06\/VERANO-MALAGA-1536x1024.jpg 1536w\" sizes=\"auto, (max-width: 875px) 100vw, 875px\" \/><\/a><\/p>\n<p>Vous pr\u00e9voyez de prendre un vol pour Malaga pendant la haute saison ? Conseils utiles pour votre <a href=\"https:\/\/www.malagacar.com\/fr\/blog\/aeroport-de-malaga\/arrivees-haute-saison\/\" data-wpel-link=\"internal\"><strong>arriv\u00e9e \u00e0 l&rsquo;a\u00e9roport de Malaga en haute saison<\/strong><\/a>, location de voiture \u00e0 l&rsquo;a\u00e9roport de Malaga et plus encore.<\/p>\n<h3><span class=\"ez-toc-section\" id=\"Location_de_bateaux_a_Malaga_%E2%80%93_Une_journee_inoubliable_au_large\"><\/span>Location de bateaux \u00e0 Malaga &#8211; Une journ\u00e9e inoubliable au large !<span class=\"ez-toc-section-end\"><\/span><\/h3>\n<p><a href=\"https:\/\/www.malagacar.com\/fr\/blog\/loisirs\/location-de-bateaux-malaga\/\" data-wpel-link=\"internal\"><img loading=\"lazy\" decoding=\"async\" class=\"alignnone wp-image-1449\" src=\"https:\/\/www.malagacar.com\/fr\/blog\/wp-content\/uploads\/2024\/06\/rent-a-boat-in-malaga-fr.jpg\" alt=\"Location de bateaux \u00e0 Malaga\" width=\"1008\" height=\"756\" srcset=\"https:\/\/www.malagacar.com\/fr\/blog\/wp-content\/uploads\/2024\/06\/rent-a-boat-in-malaga-fr.jpg 1200w, https:\/\/www.malagacar.com\/fr\/blog\/wp-content\/uploads\/2024\/06\/rent-a-boat-in-malaga-fr-300x225.jpg 300w, https:\/\/www.malagacar.com\/fr\/blog\/wp-content\/uploads\/2024\/06\/rent-a-boat-in-malaga-fr-1024x768.jpg 1024w, https:\/\/www.malagacar.com\/fr\/blog\/wp-content\/uploads\/2024\/06\/rent-a-boat-in-malaga-fr-768x576.jpg 768w\" sizes=\"auto, (max-width: 1008px) 100vw, 1008px\" \/><\/a><\/p>\n<p>Avez-vous d\u00e9j\u00e0 pens\u00e9 \u00e0 location de bateaux \u00e0 Malaga ? Vivez une sortie sp\u00e9ciale et passez une journ\u00e9e inoubliable en mer !<\/p>\n<p>Nous vous pr\u00e9sentons quelques bonnes id\u00e9es qui font de la <a href=\"https:\/\/www.malagacar.com\/fr\/blog\/loisirs\/location-de-bateaux-malaga\/\" data-wpel-link=\"internal\"><strong>location de bateaux \u00e0 Malaga<\/strong><\/a> une option tr\u00e8s int\u00e9ressante et nous vous disons tout ce que vous devez savoir !<\/p>\n<h2><span class=\"ez-toc-section\" id=\"Voyager_en_famille_ou_avec_un_chien\"><\/span>Voyager en famille ou avec un chien<span class=\"ez-toc-section-end\"><\/span><\/h2>\n<h3><span class=\"ez-toc-section\" id=\"Voyager_avec_des_enfants_sur_la_Costa_del_Sol\"><\/span>Voyager avec des enfants sur la Costa del Sol<span class=\"ez-toc-section-end\"><\/span><\/h3>\n<p><a href=\"https:\/\/www.malagacar.com\/fr\/blog\/astuces-de-voyage\/voyager-avec-des-enfants-a-malaga\/\" data-wpel-link=\"internal\"><img loading=\"lazy\" decoding=\"async\" class=\"alignnone size-full wp-image-1400\" src=\"https:\/\/www.malagacar.com\/fr\/blog\/wp-content\/uploads\/2024\/03\/travelling-children-fr.jpg\" alt=\"Voyager avec des enfants \u00e0 Malaga\" width=\"1000\" height=\"664\" srcset=\"https:\/\/www.malagacar.com\/fr\/blog\/wp-content\/uploads\/2024\/03\/travelling-children-fr.jpg 1000w, https:\/\/www.malagacar.com\/fr\/blog\/wp-content\/uploads\/2024\/03\/travelling-children-fr-300x199.jpg 300w, https:\/\/www.malagacar.com\/fr\/blog\/wp-content\/uploads\/2024\/03\/travelling-children-fr-768x510.jpg 768w\" sizes=\"auto, (max-width: 1000px) 100vw, 1000px\" \/><\/a><\/p>\n<p>La Costa del Sol est l&rsquo;une des destinations touristiques les plus populaires au monde <a href=\"https:\/\/www.malagacar.com\/fr\/blog\/astuces-de-voyage\/voyager-avec-des-enfants-a-malaga\/\" data-wpel-link=\"internal\"><strong>pour les familles<\/strong><\/a>, et elle est id\u00e9ale pour les parents de jeunes enfants et de b\u00e9b\u00e9s.<\/p>\n<h3><span class=\"ez-toc-section\" id=\"Visiter_Malaga_Costa_del_Sol_avec_son_chien\"><\/span>Visiter Malaga &amp; Costa del Sol avec son chien<span class=\"ez-toc-section-end\"><\/span><\/h3>\n<p><a href=\"https:\/\/www.malagacar.com\/fr\/blog\/astuces-de-voyage\/costa-del-sol-avec-chien\/\" data-wpel-link=\"internal\"><img loading=\"lazy\" decoding=\"async\" class=\"alignnone wp-image-1230\" src=\"https:\/\/www.malagacar.com\/fr\/blog\/wp-content\/uploads\/2024\/05\/costa-del-sol-with-your-dog-fr.jpg\" alt=\"Costa del Sol avec chien\" width=\"971\" height=\"806\" srcset=\"https:\/\/www.malagacar.com\/fr\/blog\/wp-content\/uploads\/2024\/05\/costa-del-sol-with-your-dog-fr.jpg 1280w, https:\/\/www.malagacar.com\/fr\/blog\/wp-content\/uploads\/2024\/05\/costa-del-sol-with-your-dog-fr-300x249.jpg 300w, https:\/\/www.malagacar.com\/fr\/blog\/wp-content\/uploads\/2024\/05\/costa-del-sol-with-your-dog-fr-1024x850.jpg 1024w, https:\/\/www.malagacar.com\/fr\/blog\/wp-content\/uploads\/2024\/05\/costa-del-sol-with-your-dog-fr-768x638.jpg 768w\" sizes=\"auto, (max-width: 971px) 100vw, 971px\" \/><\/a><\/p>\n<p>Si vous envisagez d&#8217;emmener votre compagnon \u00e0 quatre pattes avec vous \u00e0 Malaga pour des vacances inoubliables, vous trouverez dans ce guide <a href=\"https:\/\/www.malagacar.com\/fr\/blog\/astuces-de-voyage\/costa-del-sol-avec-chien\/\" data-wpel-link=\"internal\"><strong>tout ce qu&rsquo;il faut savoir pour pr\u00e9parer votre voyage<\/strong><\/a> sur la Costa del Sol.<\/p>\n<h2><span class=\"ez-toc-section\" id=\"Conseils_pour_lete\"><\/span>Conseils pour l&rsquo;\u00e9t\u00e9<span class=\"ez-toc-section-end\"><\/span><\/h2>\n<h3><span class=\"ez-toc-section\" id=\"Ce_que_vous_ne_devriez_jamais_laisser_dans_votre_voiture_en_ete\"><\/span>Ce que vous ne devriez jamais laisser dans votre voiture en \u00e9t\u00e9<span class=\"ez-toc-section-end\"><\/span><\/h3>\n<p><a href=\"https:\/\/www.malagacar.com\/fr\/blog\/actualites\/ne-jamais-laisser-dans-voiture-ete\/\" data-wpel-link=\"internal\"><img loading=\"lazy\" decoding=\"async\" class=\"alignnone size-full wp-image-3415\" src=\"https:\/\/www.malagacar.com\/fr\/blog\/wp-content\/uploads\/2026\/05\/things_in_car_malagacar.jpg\" alt=\"Ne jamais laisser dans la voiture en \u00e9t\u00e9.\" width=\"1000\" height=\"750\" srcset=\"https:\/\/www.malagacar.com\/fr\/blog\/wp-content\/uploads\/2026\/05\/things_in_car_malagacar.jpg 1000w, https:\/\/www.malagacar.com\/fr\/blog\/wp-content\/uploads\/2026\/05\/things_in_car_malagacar-300x225.jpg 300w, https:\/\/www.malagacar.com\/fr\/blog\/wp-content\/uploads\/2026\/05\/things_in_car_malagacar-768x576.jpg 768w\" sizes=\"auto, (max-width: 1000px) 100vw, 1000px\" \/><\/a><\/p>\n<p>Beaucoup de nos visiteurs sous-estiment les fortes chaleurs de la Costa del Sol en haute saison. Prenez quelques minutes pour lire nos conseils sur ce <a href=\"https:\/\/www.malagacar.com\/fr\/blog\/actualites\/ne-jamais-laisser-dans-voiture-ete\/\" data-wpel-link=\"internal\"><strong>qu&rsquo;il ne faut pas laisser dans votre voiture en \u00e9t\u00e9<\/strong><\/a>.<\/p>\n<h3><span class=\"ez-toc-section\" id=\"Regles_de_securite_en_mer_Malaga_2026\"><\/span>R\u00e8gles de s\u00e9curit\u00e9 en mer M\u00e1laga 2026<span class=\"ez-toc-section-end\"><\/span><\/h3>\n<p><a href=\"https:\/\/www.malagacar.com\/fr\/blog\/loisirs\/regles-securite-mer-malaga\/\" data-wpel-link=\"internal\"><img loading=\"lazy\" decoding=\"async\" class=\"alignnone size-full wp-image-2207\" src=\"https:\/\/www.malagacar.com\/fr\/blog\/wp-content\/uploads\/2025\/03\/buceonatura.jpg\" alt=\"R\u00e8gles de s\u00e9curit\u00e9 mer M\u00e1laga\" width=\"1024\" height=\"685\" srcset=\"https:\/\/www.malagacar.com\/fr\/blog\/wp-content\/uploads\/2025\/03\/buceonatura.jpg 1024w, https:\/\/www.malagacar.com\/fr\/blog\/wp-content\/uploads\/2025\/03\/buceonatura-300x201.jpg 300w, https:\/\/www.malagacar.com\/fr\/blog\/wp-content\/uploads\/2025\/03\/buceonatura-768x514.jpg 768w\" sizes=\"auto, (max-width: 1024px) 100vw, 1024px\" \/><\/a><\/p>\n<p>Chaque saison, les <a href=\"https:\/\/www.malagacar.com\/fr\/blog\/loisirs\/regles-securite-mer-malaga\/\" data-wpel-link=\"internal\"><strong>r\u00e8gles de s\u00e9curit\u00e9 pour la mer \u00e0 Malaga<\/strong><\/a> sont mises \u00e0 jour pour les nageurs, les jet-skis, les surfeurs, les flotteurs ou les kayaks etc.<\/p>\n<p>Dans cet article, nous vous disons tout ce que vous devez savoir pour vous amuser dans les eaux de notre littoral !<\/p>\n<h3><span class=\"ez-toc-section\" id=\"Conseils_pour_des_Vacances_Securisees_a_Malaga\"><\/span>Conseils pour des Vacances S\u00e9curis\u00e9es \u00e0 Malaga<span class=\"ez-toc-section-end\"><\/span><\/h3>\n<p><img loading=\"lazy\" decoding=\"async\" class=\"\" src=\"https:\/\/www.malagacar.com\/sp\/blog\/wp-content\/uploads\/2014\/07\/Beach-theft-Credit-Depositphotos.jpg\" alt=\"vacaciones seguras M\u00e1laga\" width=\"802\" height=\"525\" \/><\/p>\n<p>L&rsquo;Espagne est l&rsquo;un des pays d&rsquo;Europe les plus s\u00fbrs pour voyager, et Malaga l&rsquo;est encore plus. Cependant, nous vous donnons quelques conseils pour passer des <a href=\"https:\/\/www.malagacar.com\/fr\/blog\/astuces-de-voyage\/vacances-securisees\/\" data-wpel-link=\"internal\"><strong>vacances en toute s\u00e9curit\u00e9 \u00e0 Malaga<\/strong><\/a> et \u00e9viter les vols pendant votre s\u00e9jour sur la Costa del Sol.<\/p>\n<h3><span class=\"ez-toc-section\" id=\"Meduses_sur_les_plages_de_Malaga_Conseils_pratiques\"><\/span>M\u00e9duses sur les plages de Malaga ? Conseils pratiques<span class=\"ez-toc-section-end\"><\/span><\/h3>\n<figure style=\"width: 667px\" class=\"wp-caption alignnone\"><a href=\"https:\/\/www.malagacar.com\/fr\/blog\/actualites\/meduses-plages-malaga\/\" data-wpel-link=\"internal\"><img loading=\"lazy\" decoding=\"async\" src=\"https:\/\/www.malagacar.com\/sp\/blog\/wp-content\/uploads\/2013\/07\/medusa-2.jpg\" alt=\"M\u00e9duses sur les plages de Malaga, costa del sol guide\" width=\"667\" height=\"375\" \/><\/a><figcaption class=\"wp-caption-text\">Pelagia noctiluca<\/figcaption><\/figure>\n<p>Conseils utiles si cet \u00e9t\u00e9 il y a des m\u00e9duses sur la plage. Vous trouverez ici <a href=\"https:\/\/www.malagacar.com\/fr\/blog\/actualites\/meduses-plages-malaga\/\" data-wpel-link=\"internal\"><strong>tout ce qu&rsquo;il faut savoir<\/strong><\/a> pour faire face \u00e0 ces visiteurs peu appr\u00e9ci\u00e9s sur la Costa del Sol.<\/p>\n<h3><span class=\"ez-toc-section\" id=\"Courant_de_retour_%E2%80%93_un_danger_inconnu_pour_les_baigneurs\"><\/span>Courant de retour &#8211; un danger inconnu pour les baigneurs<span class=\"ez-toc-section-end\"><\/span><\/h3>\n<p><img loading=\"lazy\" decoding=\"async\" class=\"size-full wp-image-12112\" src=\"https:\/\/www.malagacar.com\/sp\/blog\/wp-content\/uploads\/2018\/08\/oleaje.jpg\" alt=\"corriente resca\" width=\"940\" height=\"400\" \/><\/p>\n<p>Les courants de retour peuvent \u00eatre tr\u00e8s dangereux. Surtout lorsqu&rsquo;il s&rsquo;agit de nageurs inexp\u00e9riment\u00e9s et qu&rsquo;ils paniquent. Malheureusement, il ne se passe pas un \u00e9t\u00e9 sur la Costa del Sol sans qu&rsquo;il y ait des d\u00e9c\u00e8s. Si nous <a href=\"https:\/\/www.malagacar.com\/fr\/blog\/actualites\/courant-de-retour-malaga\/\" data-wpel-link=\"internal\"><strong>savons comment agir<\/strong><\/a> lorsque nous sommes pris dans un courant d&rsquo;arrachement, cela peut litt\u00e9ralement nous sauver la vie.<\/p>\n<h3><span class=\"ez-toc-section\" id=\"Idees_rafraichissantes_contre_la_chaleur_estivale_et_le_Terral_a_Malaga\"><\/span>Id\u00e9es rafra\u00eechissantes contre la chaleur estivale et le Terral \u00e0 Malaga<span class=\"ez-toc-section-end\"><\/span><\/h3>\n<p><a href=\"https:\/\/www.malagacar.com\/fr\/blog\/malaga\/chaleur-terral\/\" data-wpel-link=\"internal\"><img loading=\"lazy\" decoding=\"async\" class=\"alignnone wp-image-579\" src=\"https:\/\/www.malagacar.com\/fr\/blog\/wp-content\/uploads\/2023\/08\/terral-fr.jpg\" alt=\"chaleur et terral \u00e0 Malaga\" width=\"1008\" height=\"567\" srcset=\"https:\/\/www.malagacar.com\/fr\/blog\/wp-content\/uploads\/2023\/08\/terral-fr.jpg 1200w, https:\/\/www.malagacar.com\/fr\/blog\/wp-content\/uploads\/2023\/08\/terral-fr-300x169.jpg 300w, https:\/\/www.malagacar.com\/fr\/blog\/wp-content\/uploads\/2023\/08\/terral-fr-1024x576.jpg 1024w, https:\/\/www.malagacar.com\/fr\/blog\/wp-content\/uploads\/2023\/08\/terral-fr-768x432.jpg 768w\" sizes=\"auto, (max-width: 1008px) 100vw, 1008px\" \/><\/a><\/p>\n<p>Un article plein d&rsquo;i<a href=\"https:\/\/www.malagacar.com\/fr\/blog\/malaga\/chaleur-terral\/\" data-wpel-link=\"internal\"><strong>d\u00e9es rafra\u00eechissantes pour lutter efficacement contre la chaleur estivale<\/strong><\/a> et le Terral \u00e0 Malaga : comment bien dormir pendant les nuits tropicales, comment \u00e9viter les coups de chaleur et bien plus encore !<\/p>\n<h3><span class=\"ez-toc-section\" id=\"Interdictions_dans_les_plages_de_Malaga_%E2%80%93_Ce_quil_faut_savoir\"><\/span>Interdictions dans les plages de Malaga &#8211; Ce qu&rsquo;il faut savoir<span class=\"ez-toc-section-end\"><\/span><\/h3>\n<figure id=\"attachment_1471\" aria-describedby=\"caption-attachment-1471\" style=\"width: 1000px\" class=\"wp-caption alignnone\"><a href=\"https:\/\/www.malagacar.com\/fr\/blog\/astuces-de-voyage\/interdictions-plages-de-malaga\/\" data-wpel-link=\"internal\"><img loading=\"lazy\" decoding=\"async\" class=\"size-full wp-image-1471\" src=\"https:\/\/www.malagacar.com\/fr\/blog\/wp-content\/uploads\/2024\/06\/Playa-Torremolinos-Credit-Depositphotos.jpg\" alt=\"Interdictions dans les plages de Malaga\" width=\"1000\" height=\"667\" srcset=\"https:\/\/www.malagacar.com\/fr\/blog\/wp-content\/uploads\/2024\/06\/Playa-Torremolinos-Credit-Depositphotos.jpg 1000w, https:\/\/www.malagacar.com\/fr\/blog\/wp-content\/uploads\/2024\/06\/Playa-Torremolinos-Credit-Depositphotos-300x200.jpg 300w, https:\/\/www.malagacar.com\/fr\/blog\/wp-content\/uploads\/2024\/06\/Playa-Torremolinos-Credit-Depositphotos-768x512.jpg 768w\" sizes=\"auto, (max-width: 1000px) 100vw, 1000px\" \/><\/a><figcaption id=\"caption-attachment-1471\" class=\"wp-caption-text\">Torremolinos beach. Malaga province, Costa del Sol, Andalusia, Spain<\/figcaption><\/figure>\n<p>Aujourd&rsquo;hui, nous vous informons de toutes les <a href=\"https:\/\/www.malagacar.com\/fr\/blog\/astuces-de-voyage\/interdictions-plages-de-malaga\/\" data-wpel-link=\"internal\"><strong>interdictions sur les plages de Malaga<\/strong><\/a> et d&rsquo;autres informations qui pourraient vous \u00eatre utiles.<\/p>\n<h2><span class=\"ez-toc-section\" id=\"Tourisme_accessible_a_Malaga\"><\/span>Tourisme accessible \u00e0 Malaga<span class=\"ez-toc-section-end\"><\/span><\/h2>\n<h3><span class=\"ez-toc-section\" id=\"Comment_voyager_en_avion_avec_un_fauteuil_roulant\"><\/span>Comment voyager en avion avec un fauteuil roulant<span class=\"ez-toc-section-end\"><\/span><\/h3>\n<p><img loading=\"lazy\" decoding=\"async\" class=\"wp-image-12133 size-full\" src=\"https:\/\/www.malagacar.com\/sp\/blog\/wp-content\/uploads\/2022\/08\/info-point-agp.jpg\" alt=\"Personalised service point at Malaga airport\" width=\"768\" height=\"512\" \/><\/p>\n<p>Tout ce qu&rsquo;il faut savoir sur <a href=\"https:\/\/www.malagacar.com\/fr\/blog\/astuces-de-voyage\/voyager-avion-fauteuil-roulant\/\" data-wpel-link=\"internal\"><strong>voyager en avion avec un fauteuil roulant<\/strong><\/a>. L&rsquo;assistance aux passagers \u00e0 mobilit\u00e9 r\u00e9duite est d\u00e9sormais propos\u00e9e dans tous les a\u00e9roports espagnols d&rsquo;AENA.<\/p>\n<p>Tout le monde peut ainsi profiter des voyages a\u00e9riens, quel que soit son handicap ou son probl\u00e8me de mobilit\u00e9.<\/p>\n<h3><span class=\"ez-toc-section\" id=\"Tourisme_accessible_a_Malaga_Costa_del_Sol\"><\/span>Tourisme accessible \u00e0 Malaga &amp; Costa del Sol<span class=\"ez-toc-section-end\"><\/span><\/h3>\n<p><a href=\"https:\/\/www.malagacar.com\/fr\/blog\/astuces-de-voyage\/accessible-tourisme-malaga\/\" data-wpel-link=\"internal\"><img loading=\"lazy\" decoding=\"async\" class=\"alignnone wp-image-465\" src=\"https:\/\/www.malagacar.com\/fr\/blog\/wp-content\/uploads\/2023\/02\/turismo-accesible-fr.jpg\" alt=\"Tourisme accessible a Malaga. Guide Costa del Sol\" width=\"1001\" height=\"613\" srcset=\"https:\/\/www.malagacar.com\/fr\/blog\/wp-content\/uploads\/2023\/02\/turismo-accesible-fr.jpg 1200w, https:\/\/www.malagacar.com\/fr\/blog\/wp-content\/uploads\/2023\/02\/turismo-accesible-fr-300x184.jpg 300w, https:\/\/www.malagacar.com\/fr\/blog\/wp-content\/uploads\/2023\/02\/turismo-accesible-fr-1024x627.jpg 1024w, https:\/\/www.malagacar.com\/fr\/blog\/wp-content\/uploads\/2023\/02\/turismo-accesible-fr-768x470.jpg 768w\" sizes=\"auto, (max-width: 1001px) 100vw, 1001px\" \/><\/a><\/p>\n<p>\u00c0 M\u00e1laga, ces derni\u00e8res ann\u00e9es, de grands efforts ont \u00e9t\u00e9 faits pour adapter l&rsquo;espace public aux personnes handicap\u00e9es, tant au niveau urbain qu&rsquo;au niveau culturel, des transports et, enfin, des loisirs et des plages.<\/p>\n<p>Actuellement, la plupart des monuments, mus\u00e9es, rues et plages sont adapt\u00e9s aux <a href=\"https:\/\/www.malagacar.com\/fr\/blog\/astuces-de-voyage\/accessible-tourisme-malaga\/\" data-wpel-link=\"internal\"><strong>personnes handicap\u00e9es qui se rendent \u00e0 M\u00e1laga<\/strong><\/a>.<\/p>\n<h2><span class=\"ez-toc-section\" id=\"Lieux_dinteret_dans_la_province_de_Malaga\"><\/span>Lieux d&rsquo;int\u00e9r\u00eat dans la province de Malaga<span class=\"ez-toc-section-end\"><\/span><\/h2>\n<p>Dans notre guide Costa del Sol, nous vous pr\u00e9sentons quelques-uns des meilleurs endroits \u00e0 visiter \u00e0 Malaga. Il y a de nombreux endroits \u00e0 ne pas manquer.<\/p>\n<h3><span class=\"ez-toc-section\" id=\"Les_Dolmens_dAntequera_%E2%80%93_Voyage_au_Stonehenge_andalou\"><\/span>Les Dolmens d&rsquo;Antequera &#8211; Voyage au Stonehenge andalou<span class=\"ez-toc-section-end\"><\/span><\/h3>\n<p><a href=\"https:\/\/www.malagacar.com\/fr\/blog\/loisirs\/dolmens-antequera\/\" data-wpel-link=\"internal\"><img loading=\"lazy\" decoding=\"async\" class=\"alignnone wp-image-702\" src=\"https:\/\/www.malagacar.com\/fr\/blog\/wp-content\/uploads\/2023\/10\/dolmenes-antequera-fr.jpg\" alt=\"Dolmens d'Antequera\" width=\"999\" height=\"652\" srcset=\"https:\/\/www.malagacar.com\/fr\/blog\/wp-content\/uploads\/2023\/10\/dolmenes-antequera-fr.jpg 1200w, https:\/\/www.malagacar.com\/fr\/blog\/wp-content\/uploads\/2023\/10\/dolmenes-antequera-fr-300x196.jpg 300w, https:\/\/www.malagacar.com\/fr\/blog\/wp-content\/uploads\/2023\/10\/dolmenes-antequera-fr-1024x668.jpg 1024w, https:\/\/www.malagacar.com\/fr\/blog\/wp-content\/uploads\/2023\/10\/dolmenes-antequera-fr-768x501.jpg 768w\" sizes=\"auto, (max-width: 999px) 100vw, 999px\" \/><\/a><\/p>\n<p>Ces immenses pierres m\u00e9galithiques vous surprendront pour de nombreuses raisons ! Tout ce qu&rsquo;il faut savoir pour <a href=\"https:\/\/www.malagacar.com\/fr\/blog\/loisirs\/dolmens-antequera\/\" data-wpel-link=\"internal\"><strong>visiter les dolmens d&rsquo;Antequera<\/strong><\/a>, \u00e0 une heure de Malaga.<\/p>\n<h3><span class=\"ez-toc-section\" id=\"Oenotourisme_a_Malaga_%E2%80%93_Savourez_les_vins_de_Malaga\"><\/span>Oenotourisme \u00e0 M\u00e1laga &#8211; Savourez les vins de Malaga<span class=\"ez-toc-section-end\"><\/span><\/h3>\n<figure id=\"attachment_7629\" aria-describedby=\"caption-attachment-7629\" style=\"width: 621px\" class=\"wp-caption alignnone\"><a href=\"https:\/\/www.malagacar.com\/blog\/leisure\/visit-a-winery-in-malaga\/\" data-wpel-link=\"internal\"><img loading=\"lazy\" decoding=\"async\" class=\"wp-image-7629\" src=\"https:\/\/www.malagacar.com\/blog\/wp-content\/uploads\/2020\/11\/picnic-ronda-opinion-de-malaga.jpg\" alt=\"costa del sol guide\" width=\"621\" height=\"414\" \/><\/a><figcaption id=\"caption-attachment-7629\" class=\"wp-caption-text\">Pique-nique au pied du Tajo de Ronda. Opinion de Malaga<\/figcaption><\/figure>\n<p>Les terres fertiles de Malaga ont une longue histoire de culture de la vigne qui remonte \u00e0 des centaines d&rsquo;ann\u00e9es. La province de Malaga compte actuellement 45 caves et deux appellations d&rsquo;origine.<\/p>\n<p>D\u00e9couvrez <a href=\"https:\/\/www.malagacar.com\/fr\/blog\/loisirs\/oenotourisme-a-malaga\/\" data-wpel-link=\"internal\"><strong>les meilleures bodegas et les f\u00eates des vendanges<\/strong><\/a> qui ont lieu dans la province de Malaga.<\/p>\n<h3><span class=\"ez-toc-section\" id=\"Points_de_vue_sur_la_Costa_del_Sol\"><\/span>Points de vue sur la Costa del Sol<span class=\"ez-toc-section-end\"><\/span><\/h3>\n<figure id=\"attachment_7328\" aria-describedby=\"caption-attachment-7328\" style=\"width: 619px\" class=\"wp-caption alignnone\"><img loading=\"lazy\" decoding=\"async\" class=\"wp-image-7328\" src=\"https:\/\/www.malagacar.com\/blog\/wp-content\/uploads\/2020\/08\/Malaga-mirador-del-gibralfaro-diputacion-de-Malaga.jpg\" alt=\"Costa del Sol Guide\" width=\"619\" height=\"348\" \/><figcaption id=\"caption-attachment-7328\" class=\"wp-caption-text\">Mirador de Gibralfaro Photo Diputaci\u00f3n de M\u00e1laga<\/figcaption><\/figure>\n<p>Nous vous pr\u00e9sentons les points de vue qui jalonnent les plus de 160 km de notre Costa del Sol. Des endroits charmants d&rsquo;o\u00f9 vous pourrez <a href=\"https:\/\/www.malagacar.com\/fr\/blog\/loisirs\/points-de-vue-costa-del-sol\/\" data-wpel-link=\"internal\"><strong>profiter de vues uniques<\/strong><\/a>, de grands espaces et de nouveaux horizons, venez nous rejoindre !<\/p>\n<h3><span class=\"ez-toc-section\" id=\"Genalguacil_le_village_musee_dart_en_plein_air\"><\/span>Genalguacil, le village mus\u00e9e d&rsquo;art en plein air<span class=\"ez-toc-section-end\"><\/span><\/h3>\n<figure id=\"attachment_8339\" aria-describedby=\"caption-attachment-8339\" style=\"width: 500px\" class=\"wp-caption alignnone\"><img loading=\"lazy\" decoding=\"async\" class=\" wp-image-8339\" src=\"https:\/\/www.malagacar.com\/blog\/wp-content\/uploads\/2021\/10\/Genalguacil-arte-768x1024.jpg\" alt=\"\" width=\"500\" height=\"667\" \/><figcaption id=\"caption-attachment-8339\" class=\"wp-caption-text\">Art dans les rues de Genalguacil<\/figcaption><\/figure>\n<p>Ce petit village blanc se distingue par ses rencontres artistiques qui ont lieu tous les deux ans et au cours desquelles des peintres, sculpteurs, photographes ou c\u00e9ramistes internationaux cohabitent avec les habitants du village.<\/p>\n<p>Les \u0153uvres d&rsquo;art cr\u00e9\u00e9es pendant cette p\u00e9riode sont expos\u00e9es en permanence dans tout le village, qui devient ainsi un <a href=\"https:\/\/www.malagacar.com\/fr\/blog\/actualites\/genalguacil-le-village-musee\/\" data-wpel-link=\"internal\"><strong>mus\u00e9e d&rsquo;art en plein air<\/strong><\/a>.<\/p>\n<h3><span class=\"ez-toc-section\" id=\"Les_10_meilleurs_sites_archeologiques_de_Malaga\"><\/span>Les 10 meilleurs sites arch\u00e9ologiques de Malaga<span class=\"ez-toc-section-end\"><\/span><\/h3>\n<figure id=\"attachment_9284\" aria-describedby=\"caption-attachment-9284\" style=\"width: 621px\" class=\"wp-caption alignnone\"><img loading=\"lazy\" decoding=\"async\" class=\" wp-image-9284\" src=\"https:\/\/www.malagacar.com\/blog\/wp-content\/uploads\/2022\/04\/Acinipo-Ronda-Foto-Juanlu-Ep.jpg\" alt=\"\" width=\"621\" height=\"313\" \/><figcaption id=\"caption-attachment-9284\" class=\"wp-caption-text\">Acinipo, Ronda Photo Juanlu Ep<\/figcaption><\/figure>\n<p>La province de Malaga poss\u00e8de un riche patrimoine historique gr\u00e2ce \u00e0 son vaste pass\u00e9 ; nous ne les oublions pas dans notre guide de la Costa del Sol, continuez \u00e0 lire nos autres articles pour en savoir plus sur eux et sur la fa\u00e7on de s&rsquo;y rendre.<\/p>\n<p>La plupart des<a href=\"https:\/\/www.malagacar.com\/fr\/blog\/loisirs\/sites-archeologiques-malaga\/\" data-wpel-link=\"internal\"><strong> sites arch\u00e9ologiques<\/strong><\/a> de notre Top 10 ont \u00e9t\u00e9 d\u00e9couverts par hasard ces derni\u00e8res ann\u00e9es \u00e0 l&rsquo;occasion de travaux d&rsquo;excavation et de construction et ont retrouv\u00e9 la lumi\u00e8re du jour apr\u00e8s avoir \u00e9t\u00e9 enfouis et oubli\u00e9s pendant des centaines d&rsquo;ann\u00e9es.<\/p>\n<h3><span class=\"ez-toc-section\" id=\"Route_des_temples_bouddhistes_de_Malaga\"><\/span>Route des temples bouddhistes de Malaga<span class=\"ez-toc-section-end\"><\/span><\/h3>\n<p><a href=\"https:\/\/www.malagacar.com\/fr\/blog\/loisirs\/temples-bouddhistes-malaga\/\" data-wpel-link=\"internal\"><img loading=\"lazy\" decoding=\"async\" class=\"alignnone wp-image-811\" src=\"https:\/\/www.malagacar.com\/fr\/blog\/wp-content\/uploads\/2023\/11\/temples-bouddhistes-malaga.jpg\" alt=\"temples bouddhistes \u00e0 Malaga\" width=\"899\" height=\"899\" srcset=\"https:\/\/www.malagacar.com\/fr\/blog\/wp-content\/uploads\/2023\/11\/temples-bouddhistes-malaga.jpg 960w, https:\/\/www.malagacar.com\/fr\/blog\/wp-content\/uploads\/2023\/11\/temples-bouddhistes-malaga-300x300.jpg 300w, https:\/\/www.malagacar.com\/fr\/blog\/wp-content\/uploads\/2023\/11\/temples-bouddhistes-malaga-150x150.jpg 150w, https:\/\/www.malagacar.com\/fr\/blog\/wp-content\/uploads\/2023\/11\/temples-bouddhistes-malaga-768x768.jpg 768w, https:\/\/www.malagacar.com\/fr\/blog\/wp-content\/uploads\/2023\/11\/temples-bouddhistes-malaga-125x125.jpg 125w\" sizes=\"auto, (max-width: 899px) 100vw, 899px\" \/><\/a><\/p>\n<p>Il n&rsquo;est pas n\u00e9cessaire d&rsquo;\u00eatre bouddhiste pour s&rsquo;inspirer de cette ancienne culture bas\u00e9e sur la compassion et s&rsquo;\u00e9merveiller devant les structures uniques, la paix et la magie qui les entourent.<\/p>\n<p>Il existe plusieurs<a href=\"https:\/\/www.malagacar.com\/fr\/blog\/loisirs\/temples-bouddhistes-malaga\/\" data-wpel-link=\"internal\"><strong> temples bouddhistes dans la province de Malaga<\/strong><\/a>, certains plus \u00e9loign\u00e9s et d&rsquo;autres sur la c\u00f4te, que l&rsquo;on peut visiter gratuitement, car tout le monde est le bienvenu.<\/p>\n<h3><span class=\"ez-toc-section\" id=\"Tout_ce_quil_faut_savoir_sur_la_visite_de_la_grotte_de_Nerja\"><\/span>Tout ce qu&rsquo;il faut savoir sur la visite de la grotte de Nerja<span class=\"ez-toc-section-end\"><\/span><\/h3>\n<p><a href=\"https:\/\/www.malagacar.com\/fr\/blog\/loisirs\/grotte-de-nerja\/\" data-wpel-link=\"internal\"><img loading=\"lazy\" decoding=\"async\" class=\"alignnone size-full wp-image-585\" src=\"https:\/\/www.malagacar.com\/fr\/blog\/wp-content\/uploads\/2023\/08\/nerja-grotte.jpg\" alt=\"grotte de Nerja\" width=\"1024\" height=\"681\" srcset=\"https:\/\/www.malagacar.com\/fr\/blog\/wp-content\/uploads\/2023\/08\/nerja-grotte.jpg 1024w, https:\/\/www.malagacar.com\/fr\/blog\/wp-content\/uploads\/2023\/08\/nerja-grotte-300x200.jpg 300w, https:\/\/www.malagacar.com\/fr\/blog\/wp-content\/uploads\/2023\/08\/nerja-grotte-768x511.jpg 768w\" sizes=\"auto, (max-width: 1024px) 100vw, 1024px\" \/><\/a><\/p>\n<p>La <a href=\"https:\/\/www.malagacar.com\/fr\/blog\/loisirs\/grotte-de-nerja\/\" data-wpel-link=\"internal\"><strong>grotte de Nerja<\/strong><\/a> n&rsquo;est pas seulement c\u00e9l\u00e8bre pour ses formations rocheuses spectaculaires, ses sites arch\u00e9ologiques et ses peintures rupestres.<\/p>\n<p>On peut \u00e9galement profiter de son festival international de musique et de danse, qui a lieu chaque ann\u00e9e en juillet et en ao\u00fbt.<\/p>\n<h3><span class=\"ez-toc-section\" id=\"Jardin_botanique_historique_de_La_Concepcion_a_Malaga\"><\/span>Jardin botanique historique de La Concepci\u00f3n \u00e0 Malaga<span class=\"ez-toc-section-end\"><\/span><\/h3>\n<p><a href=\"https:\/\/www.malagacar.com\/fr\/blog\/loisirs\/jardin-botanique-historique-malaga\/\" data-wpel-link=\"internal\"><img loading=\"lazy\" decoding=\"async\" class=\"alignnone wp-image-752\" src=\"https:\/\/www.malagacar.com\/fr\/blog\/wp-content\/uploads\/2023\/10\/jardin-botanique-malaga.jpg\" alt=\"Jardin Botanique historique Malaga\" width=\"1001\" height=\"751\" srcset=\"https:\/\/www.malagacar.com\/fr\/blog\/wp-content\/uploads\/2023\/10\/jardin-botanique-malaga.jpg 1200w, https:\/\/www.malagacar.com\/fr\/blog\/wp-content\/uploads\/2023\/10\/jardin-botanique-malaga-300x225.jpg 300w, https:\/\/www.malagacar.com\/fr\/blog\/wp-content\/uploads\/2023\/10\/jardin-botanique-malaga-1024x768.jpg 1024w, https:\/\/www.malagacar.com\/fr\/blog\/wp-content\/uploads\/2023\/10\/jardin-botanique-malaga-768x576.jpg 768w\" sizes=\"auto, (max-width: 1001px) 100vw, 1001px\" \/><\/a><\/p>\n<p>Le domaine historique de La Concepci\u00f3n, situ\u00e9 \u00e0 5 km au nord de Malaga, est le plus beau et le plus important jardin tropical et subtropical d&rsquo;Espagne et l&rsquo;un des meilleurs d&rsquo;Europe.<\/p>\n<p>Personne ne se doute que, entour\u00e9 de montagnes arides, se cache un immense domaine de 23 hectares o\u00f9 a \u00e9t\u00e9 cr\u00e9\u00e9 un <a href=\"https:\/\/www.malagacar.com\/fr\/blog\/loisirs\/jardin-botanique-historique-malaga\/\" data-wpel-link=\"internal\"><strong>jardin exub\u00e9rant et exquis<\/strong><\/a>. Nous recommandons vivement une visite \u00e0 n&rsquo;importe quelle saison de l&rsquo;ann\u00e9e.<\/p>\n<h3><span class=\"ez-toc-section\" id=\"Visiter_les_plus_curieux_cimetieres_de_Malaga\"><\/span>Visiter les plus curieux cimeti\u00e8res de Malaga<span class=\"ez-toc-section-end\"><\/span><\/h3>\n<p><a href=\"https:\/\/www.malagacar.com\/fr\/blog\/loisirs\/curieux-cimetieres-malaga\/\" data-wpel-link=\"internal\"><img loading=\"lazy\" decoding=\"async\" class=\"alignnone wp-image-1563\" src=\"https:\/\/www.malagacar.com\/fr\/blog\/wp-content\/uploads\/2024\/07\/cementerios-curiosos-fr.jpg\" alt=\"curieux cimeti\u00e8res de Malaga\" width=\"827\" height=\"653\" srcset=\"https:\/\/www.malagacar.com\/fr\/blog\/wp-content\/uploads\/2024\/07\/cementerios-curiosos-fr.jpg 1200w, https:\/\/www.malagacar.com\/fr\/blog\/wp-content\/uploads\/2024\/07\/cementerios-curiosos-fr-300x237.jpg 300w, https:\/\/www.malagacar.com\/fr\/blog\/wp-content\/uploads\/2024\/07\/cementerios-curiosos-fr-1024x809.jpg 1024w, https:\/\/www.malagacar.com\/fr\/blog\/wp-content\/uploads\/2024\/07\/cementerios-curiosos-fr-768x607.jpg 768w\" sizes=\"auto, (max-width: 827px) 100vw, 827px\" \/><\/a><\/p>\n<p>Envie d&rsquo;une visite touristique diff\u00e9rente ? Visitez les <a href=\"https:\/\/www.malagacar.com\/fr\/blog\/loisirs\/curieux-cimetieres-malaga\/\" data-wpel-link=\"internal\"><strong>cimeti\u00e8res les plus curieux de Malaga<\/strong><\/a>, avec l&rsquo;un des patrimoines fun\u00e9raires les plus importants du pays en raison de sa grande diversit\u00e9.<\/p>\n<h2><span class=\"ez-toc-section\" id=\"Voyager_en_couple_Saint-Valentin_mariage\"><\/span>Voyager en couple, Saint-Valentin &amp; mariage<span class=\"ez-toc-section-end\"><\/span><\/h2>\n<h3><span class=\"ez-toc-section\" id=\"Choses_a_faire_le_jour_de_la_Saint-Valentin_a_Malaga\"><\/span>Choses \u00e0 faire le jour de la Saint-Valentin \u00e0 Malaga<span class=\"ez-toc-section-end\"><\/span><\/h3>\n<p><a href=\"https:\/\/www.malagacar.com\/fr\/blog\/loisirs\/saint-valentin-malaga\/\" data-wpel-link=\"internal\"><img loading=\"lazy\" decoding=\"async\" class=\"alignnone size-full wp-image-220\" src=\"https:\/\/www.malagacar.com\/fr\/blog\/wp-content\/uploads\/2022\/01\/san-valentin-malaga-en-1.jpg\" alt=\"Saint-Valentin \u00e0 Malaga\" width=\"640\" height=\"440\" srcset=\"https:\/\/www.malagacar.com\/fr\/blog\/wp-content\/uploads\/2022\/01\/san-valentin-malaga-en-1.jpg 640w, https:\/\/www.malagacar.com\/fr\/blog\/wp-content\/uploads\/2022\/01\/san-valentin-malaga-en-1-300x206.jpg 300w\" sizes=\"auto, (max-width: 640px) 100vw, 640px\" \/><\/a><\/p>\n<p>La Costa del Sol est une destination de choix pour passer des journ\u00e9es romantiques avec votre partenaire. Nous vous pr\u00e9sentons quelques id\u00e9es attrayantes pour passer la <a href=\"https:\/\/www.malagacar.com\/fr\/blog\/loisirs\/saint-valentin-malaga\/\" data-wpel-link=\"internal\"><strong>Saint-Valentin \u00e0 Malaga<\/strong><\/a>.<\/p>\n<h3><span class=\"ez-toc-section\" id=\"La_Costa_del_Sol_pour_le_mariage_de_vos_reves\"><\/span>La Costa del Sol pour le mariage de vos r\u00eaves<span class=\"ez-toc-section-end\"><\/span><\/h3>\n<p><a href=\"https:\/\/www.malagacar.com\/fr\/blog\/astuces-de-voyage\/costa-del-sol-mariage\/\" data-wpel-link=\"internal\"><img loading=\"lazy\" decoding=\"async\" class=\"alignnone size-full wp-image-1344\" src=\"https:\/\/www.malagacar.com\/fr\/blog\/wp-content\/uploads\/2024\/05\/costa-del-sol-wedding-fr.jpg\" alt=\"Costa del Sol mariage\" width=\"960\" height=\"639\" srcset=\"https:\/\/www.malagacar.com\/fr\/blog\/wp-content\/uploads\/2024\/05\/costa-del-sol-wedding-fr.jpg 960w, https:\/\/www.malagacar.com\/fr\/blog\/wp-content\/uploads\/2024\/05\/costa-del-sol-wedding-fr-300x200.jpg 300w, https:\/\/www.malagacar.com\/fr\/blog\/wp-content\/uploads\/2024\/05\/costa-del-sol-wedding-fr-768x511.jpg 768w\" sizes=\"auto, (max-width: 960px) 100vw, 960px\" \/><\/a><\/p>\n<p>La Costa del Sol ensoleill\u00e9e n&rsquo;est pas seulement une destination populaire pendant les mois d&rsquo;\u00e9t\u00e9.<\/p>\n<p>Avec plus de 300 jours de soleil, elle offre un climat doux toute l&rsquo;ann\u00e9e, ce qui en fait une destination tr\u00e8s attractive pour <a href=\"https:\/\/www.malagacar.com\/fr\/blog\/astuces-de-voyage\/costa-del-sol-mariage\/\" data-wpel-link=\"internal\"><strong>votre mariage de r\u00eave en bord de mer<\/strong><\/a>.<\/p>\n<h2><span class=\"ez-toc-section\" id=\"Loisirs\"><\/span>Loisirs<span class=\"ez-toc-section-end\"><\/span><\/h2>\n<h3><span class=\"ez-toc-section\" id=\"Billard_flechettes_bowling_karaoke_et_football_sur_la_Costa_del_Sol\"><\/span>Billard, fl\u00e9chettes, bowling, karaok\u00e9 et football sur la Costa del Sol<span class=\"ez-toc-section-end\"><\/span><\/h3>\n<p><a href=\"https:\/\/www.malagacar.com\/fr\/blog\/costa-del-sol\/billard-flechettes-bowling-karaoke-football\/%20\" data-wpel-link=\"internal\"><img loading=\"lazy\" decoding=\"async\" class=\"alignnone size-full wp-image-2961\" src=\"https:\/\/www.malagacar.com\/fr\/blog\/wp-content\/uploads\/2025\/10\/indoor-leisure.jpg\" alt=\"Billard, fl\u00e9chettes, bowling, karaok\u00e9 et football sur la Costa del Sol\" width=\"1000\" height=\"750\" srcset=\"https:\/\/www.malagacar.com\/fr\/blog\/wp-content\/uploads\/2025\/10\/indoor-leisure.jpg 1000w, https:\/\/www.malagacar.com\/fr\/blog\/wp-content\/uploads\/2025\/10\/indoor-leisure-300x225.jpg 300w, https:\/\/www.malagacar.com\/fr\/blog\/wp-content\/uploads\/2025\/10\/indoor-leisure-768x576.jpg 768w\" sizes=\"auto, (max-width: 1000px) 100vw, 1000px\" \/><\/a><\/p>\n<p>Nombre de nos visiteurs aiment jouer au billard, aux fl\u00e9chettes avec une bi\u00e8re fra\u00eeche, ou profiter d&rsquo;une soir\u00e9e karaok\u00e9 ou bowling entre amis. Vous <a href=\"https:\/\/www.malagacar.com\/fr\/blog\/costa-del-sol\/billard-flechettes-bowling-karaoke-football\/\" data-wpel-link=\"internal\"><strong>trouverez ici quelques-uns des meilleurs endroits<\/strong><\/a>, ville par ville.<\/p>\n<h3><span class=\"ez-toc-section\" id=\"Parc_de_Mijas_%E2%80%93_Le_grand_poumon_vert_de_la_Costa_del_Sol\"><\/span>Parc de Mijas &#8211; Le grand poumon vert de la Costa del Sol<span class=\"ez-toc-section-end\"><\/span><\/h3>\n<p><a href=\"https:\/\/www.malagacar.com\/fr\/blog\/loisirs\/parc-de-mijas\/\" data-wpel-link=\"internal\"><img loading=\"lazy\" decoding=\"async\" class=\"alignnone size-full wp-image-3289\" src=\"https:\/\/www.malagacar.com\/fr\/blog\/wp-content\/uploads\/2026\/04\/vistas-parque-mijas-scaled.jpg\" alt=\"Parc de Mijas\" width=\"2560\" height=\"1928\" srcset=\"https:\/\/www.malagacar.com\/fr\/blog\/wp-content\/uploads\/2026\/04\/vistas-parque-mijas-scaled.jpg 2560w, https:\/\/www.malagacar.com\/fr\/blog\/wp-content\/uploads\/2026\/04\/vistas-parque-mijas-300x226.jpg 300w, https:\/\/www.malagacar.com\/fr\/blog\/wp-content\/uploads\/2026\/04\/vistas-parque-mijas-1024x771.jpg 1024w, https:\/\/www.malagacar.com\/fr\/blog\/wp-content\/uploads\/2026\/04\/vistas-parque-mijas-768x578.jpg 768w, https:\/\/www.malagacar.com\/fr\/blog\/wp-content\/uploads\/2026\/04\/vistas-parque-mijas-1536x1157.jpg 1536w, https:\/\/www.malagacar.com\/fr\/blog\/wp-content\/uploads\/2026\/04\/vistas-parque-mijas-2048x1542.jpg 2048w\" sizes=\"auto, (max-width: 2560px) 100vw, 2560px\" \/><\/a><\/p>\n<p>Vous aimez les activit\u00e9s de plein air sans avoir \u00e0 vous \u00e9loigner beaucoup de la Costa del Sol ?<\/p>\n<p>D\u00e9couvrez le <a href=\"https:\/\/www.malagacar.com\/fr\/blog\/loisirs\/parc-de-mijas\/\" data-wpel-link=\"internal\"><strong>parc de Mijas<\/strong><\/a>, un nouvel espace vert id\u00e9al pour passer la journ\u00e9e \u00e0 seulement 4 km de la plage de Fuengirola.<\/p>\n<h3><span class=\"ez-toc-section\" id=\"Routes_deau_sur_la_Costa_del_Sol_pour_Paddle_Surf_Kayak\"><\/span>Routes d&rsquo;eau sur la Costa del Sol pour Paddle Surf &amp; Kayak<span class=\"ez-toc-section-end\"><\/span><\/h3>\n<p><a href=\"https:\/\/www.malagacar.com\/fr\/blog\/loisirs\/routes-deau-costa-del-sol\/\" data-wpel-link=\"internal\"><img loading=\"lazy\" decoding=\"async\" class=\"alignnone size-full wp-image-2409\" src=\"https:\/\/www.malagacar.com\/fr\/blog\/wp-content\/uploads\/2025\/05\/coastal-water-routes-fr.jpg\" alt=\"Routes d'eau sur la Costa del Sol\" width=\"1000\" height=\"667\" srcset=\"https:\/\/www.malagacar.com\/fr\/blog\/wp-content\/uploads\/2025\/05\/coastal-water-routes-fr.jpg 1000w, https:\/\/www.malagacar.com\/fr\/blog\/wp-content\/uploads\/2025\/05\/coastal-water-routes-fr-300x200.jpg 300w, https:\/\/www.malagacar.com\/fr\/blog\/wp-content\/uploads\/2025\/05\/coastal-water-routes-fr-768x512.jpg 768w\" sizes=\"auto, (max-width: 1000px) 100vw, 1000px\" \/><\/a><\/p>\n<p>Profitez d&rsquo;un point de vue diff\u00e9rent et privil\u00e9gi\u00e9 en pratiquant le paddle surf et le kayak le long de ces <a href=\"https:\/\/www.malagacar.com\/fr\/blog\/loisirs\/routes-deau-costa-del-sol\/\" data-wpel-link=\"internal\"><strong>routes d&rsquo;eau de la Costa del Sol<\/strong><\/a>.<\/p>\n<h3><span class=\"ez-toc-section\" id=\"%C2%BFCosta_del_Sol_%E2%80%93_%C2%A1Costa_del_Golf\"><\/span>\u00bfCosta del Sol? &#8211; \u00a1Costa del Golf!<span class=\"ez-toc-section-end\"><\/span><\/h3>\n<p><a href=\"https:\/\/www.malagacar.com\/fr\/blog\/loisirs\/golf-costa-del-sol\/\" data-wpel-link=\"internal\"><img loading=\"lazy\" decoding=\"async\" class=\"alignnone size-full wp-image-1686\" src=\"https:\/\/www.malagacar.com\/fr\/blog\/wp-content\/uploads\/2024\/10\/costa-del-golf.jpg\" alt=\"golf costa del sol\" width=\"1000\" height=\"667\" srcset=\"https:\/\/www.malagacar.com\/fr\/blog\/wp-content\/uploads\/2024\/10\/costa-del-golf.jpg 1000w, https:\/\/www.malagacar.com\/fr\/blog\/wp-content\/uploads\/2024\/10\/costa-del-golf-300x200.jpg 300w, https:\/\/www.malagacar.com\/fr\/blog\/wp-content\/uploads\/2024\/10\/costa-del-golf-768x512.jpg 768w\" sizes=\"auto, (max-width: 1000px) 100vw, 1000px\" \/><\/a><\/p>\n<p>\u00c9galement connue sous le nom de Costa del Golf, la bande m\u00e9diterran\u00e9enne occidentale de la province de Malaga dispose d&rsquo;une offre consid\u00e9rable de parcours de grande qualit\u00e9.<\/p>\n<p>Avec un climat imbattable et plus de 320 jours de soleil par an, la Costa del Sol est une <a href=\"https:\/\/www.malagacar.com\/fr\/blog\/loisirs\/golf-costa-del-sol\/\" data-wpel-link=\"internal\"><strong>destination id\u00e9ale pour jouer au golf<\/strong><\/a> tout au long de l&rsquo;ann\u00e9e.<\/p>\n<h3><span class=\"ez-toc-section\" id=\"Les_meilleurs_parcs_a_Benalmadena_et_Torremolinos\"><\/span>Les meilleurs parcs \u00e0 Benalm\u00e1dena et Torremolinos<span class=\"ez-toc-section-end\"><\/span><\/h3>\n<p><a href=\"https:\/\/www.malagacar.com\/fr\/blog\/loisirs\/parcs-benalmadena-torremolinos\/\" data-wpel-link=\"internal\"><img loading=\"lazy\" decoding=\"async\" class=\"alignnone size-full wp-image-2186\" src=\"https:\/\/www.malagacar.com\/fr\/blog\/wp-content\/uploads\/2025\/02\/Paloma-Park2-D.jpg\" alt=\"parcs \u00e0 Benalm\u00e1dena et Torremolinos\" width=\"1000\" height=\"672\" srcset=\"https:\/\/www.malagacar.com\/fr\/blog\/wp-content\/uploads\/2025\/02\/Paloma-Park2-D.jpg 1000w, https:\/\/www.malagacar.com\/fr\/blog\/wp-content\/uploads\/2025\/02\/Paloma-Park2-D-300x202.jpg 300w, https:\/\/www.malagacar.com\/fr\/blog\/wp-content\/uploads\/2025\/02\/Paloma-Park2-D-768x516.jpg 768w\" sizes=\"auto, (max-width: 1000px) 100vw, 1000px\" \/><\/a><\/p>\n<p>Rejoignez-nous pour une promenade dans les parcs de Malaga ! Cette fois-ci, nous allons visiter les magnifiques espaces verts urbains : Les <a href=\"https:\/\/www.malagacar.com\/fr\/blog\/loisirs\/parcs-benalmadena-torremolinos\/\" data-wpel-link=\"internal\"><strong>parcs de Benalmadena et Torremolinos<\/strong><\/a>.<\/p>\n<h3><span class=\"ez-toc-section\" id=\"Les_meilleurs_circuits_de_karting_a_Malaga\"><\/span>Les meilleurs circuits de karting \u00e0 Malaga<span class=\"ez-toc-section-end\"><\/span><\/h3>\n<p><a href=\"https:\/\/www.malagacar.com\/fr\/blog\/loisirs\/karting-a-malaga\/\" data-wpel-link=\"internal\"><img loading=\"lazy\" decoding=\"async\" class=\"alignnone size-full wp-image-1164\" src=\"https:\/\/www.malagacar.com\/fr\/blog\/wp-content\/uploads\/2024\/04\/circuitos-karting-malaga-fr.jpg\" alt=\"Karting \u00e0 Malaga\" width=\"1000\" height=\"711\" srcset=\"https:\/\/www.malagacar.com\/fr\/blog\/wp-content\/uploads\/2024\/04\/circuitos-karting-malaga-fr.jpg 1000w, https:\/\/www.malagacar.com\/fr\/blog\/wp-content\/uploads\/2024\/04\/circuitos-karting-malaga-fr-300x213.jpg 300w, https:\/\/www.malagacar.com\/fr\/blog\/wp-content\/uploads\/2024\/04\/circuitos-karting-malaga-fr-768x546.jpg 768w\" sizes=\"auto, (max-width: 1000px) 100vw, 1000px\" \/><\/a><\/p>\n<p>Les divertissements sur la Costa del Sol n&rsquo;ont pratiquement pas de limites. Voici les meilleurs <a href=\"https:\/\/www.malagacar.com\/fr\/blog\/loisirs\/karting-a-malaga\/\" data-wpel-link=\"internal\"><strong>circuits de karting de Malaga<\/strong><\/a> !<\/p>\n<p>Si vous voulez vous sentir comme un pilote de Formule 1 et passer une journ\u00e9e pleine de plaisir et d&rsquo;adr\u00e9naline, ne ratez pas l&rsquo;occasion.<\/p>\n<h3><span class=\"ez-toc-section\" id=\"Le_plaisir_de_se_promener_%E2%80%93_Promenades_maritimes_de_Malaga\"><\/span>Le plaisir de se promener \u2013 Promenades maritimes de M\u00e1laga<span class=\"ez-toc-section-end\"><\/span><\/h3>\n<figure id=\"attachment_10558\" aria-describedby=\"caption-attachment-10558\" style=\"width: 800px\" class=\"wp-caption alignnone\"><img loading=\"lazy\" decoding=\"async\" class=\"wp-image-10558 size-full\" src=\"https:\/\/www.malagacar.com\/blog\/wp-content\/uploads\/2015\/09\/Nerja-Balcon.jpg\" alt=\"guide Costa de Sol. Balcon de Europa, Nerja\" width=\"800\" height=\"600\" \/><figcaption id=\"caption-attachment-10558\" class=\"wp-caption-text\">Balc\u00f3n de Europa, Nerja<\/figcaption><\/figure>\n<p>Il y a probablement peu de choses que l&rsquo;on associe autant \u00e0 des vacances \u00e0 la mer que les <a href=\"https:\/\/www.malagacar.com\/fr\/blog\/loisirs\/promenades-maritimes-malaga\/\" data-wpel-link=\"internal\"><strong>promenades maritimes de M\u00e1laga<\/strong><\/a>. On peut en profiter \u00e0 toute heure du jour et \u00e0 toute saison de l&rsquo;ann\u00e9e.<\/p>\n<h3><span class=\"ez-toc-section\" id=\"Les_meilleurs_spas_de_la_Costa_del_Sol\"><\/span>Les meilleurs spas de la Costa del Sol<span class=\"ez-toc-section-end\"><\/span><\/h3>\n<figure id=\"attachment_3947\" aria-describedby=\"caption-attachment-3947\" style=\"width: 691px\" class=\"wp-caption alignnone\"><a href=\"https:\/\/www.malagacar.com\/fr\/blog\/loisirs\/meilleurs-spas-costa-del-sol\/\" data-wpel-link=\"internal\"><img loading=\"lazy\" decoding=\"async\" class=\"wp-image-3947\" src=\"https:\/\/www.malagacar.com\/blog\/wp-content\/uploads\/2015\/03\/reserva-higueron.jpg\" alt=\"Costa del Sol Guide, Spa Hotel Resvera Higueron\" width=\"691\" height=\"288\" \/><\/a><figcaption id=\"caption-attachment-3947\" class=\"wp-caption-text\">Spa de l&rsquo;h\u00f4tel Reserva Higueron \u00e0 Fuengirola<\/figcaption><\/figure>\n<p>La Costa del Sol est synonyme de repos, de bien-\u00eatre et de d\u00e9tente, et d&rsquo;un climat doux \u00e0 proximit\u00e9 de la mer. Cette culture du bien-\u00eatre inclut \u00e9galement les spas.<\/p>\n<p>Nous passons en revue non seulement les <a href=\"https:\/\/www.malagacar.com\/fr\/blog\/loisirs\/meilleurs-spas-costa-del-sol\/\" data-wpel-link=\"internal\"><strong>meilleurs spas de la Costa del Sol<\/strong><\/a>, mais aussi certains spas plus accessibles qui valent vraiment la peine d&rsquo;\u00eatre visit\u00e9s pour leurs installations bien entretenues.<\/p>\n<h3><span class=\"ez-toc-section\" id=\"Activites_a_Marbella\"><\/span>Activit\u00e9s \u00e0 Marbella<span class=\"ez-toc-section-end\"><\/span><\/h3>\n<figure id=\"attachment_17726\" aria-describedby=\"caption-attachment-17726\" style=\"width: 1000px\" class=\"wp-caption alignnone\"><img loading=\"lazy\" decoding=\"async\" class=\"size-full wp-image-17726\" src=\"https:\/\/www.malagacar.com\/sp\/blog\/wp-content\/uploads\/2020\/02\/casco-antiguo-Marbella-D.jpg\" alt=\"casco antiguo Marbella D\" width=\"1000\" height=\"652\" \/><figcaption id=\"caption-attachment-17726\" class=\"wp-caption-text\">Un callej\u00f3n en el casco antiguo de Marbella. Credit Depositphotos<\/figcaption><\/figure>\n<p>Marbella est sans aucun doute l&rsquo;un des joyaux de la M\u00e9diterran\u00e9e. Une ville magnifique situ\u00e9e dans un cadre spectaculaire et dot\u00e9e de son propre microclimat.<\/p>\n<p>D\u00e9couvrez ici excellentes <a href=\"https:\/\/www.malagacar.com\/fr\/blog\/loisirs\/activites-a-marbella\/\" data-wpel-link=\"internal\"><strong>activit\u00e9s \u00e0 Marbella<\/strong><\/a>, sans quitter la ville.<\/p>\n<h3><span class=\"ez-toc-section\" id=\"12_raisons_de_tomber_amoureux_de_Marbella\"><\/span>12 raisons de tomber amoureux de Marbella<span class=\"ez-toc-section-end\"><\/span><\/h3>\n<figure id=\"attachment_9236\" aria-describedby=\"caption-attachment-9236\" style=\"width: 500px\" class=\"wp-caption alignnone\"><img loading=\"lazy\" decoding=\"async\" class=\"wp-image-9236\" src=\"https:\/\/www.malagacar.com\/blog\/wp-content\/uploads\/2022\/03\/marbs-old-town.jpg\" alt=\"Costa del Sol Guide Marbella old town\" width=\"500\" height=\"629\" \/><figcaption id=\"caption-attachment-9236\" class=\"wp-caption-text\">Vieille ville de Marbella<\/figcaption><\/figure>\n<p>Nous n&rsquo;avons pas besoin de vous convaincre. <a href=\"https:\/\/www.malagacar.com\/fr\/blog\/loisirs\/12-raisons-amoureux-marbella\/\" data-wpel-link=\"internal\"><strong>Marbella a tout pour plaire<\/strong><\/a> &#8211; d\u00e9couvrez-le par vous-m\u00eame !<\/p>\n<h3><span class=\"ez-toc-section\" id=\"Choses_a_faire_a_Puerto_Banus\"><\/span>Choses \u00e0 faire \u00e0 Puerto Ban\u00fas<span class=\"ez-toc-section-end\"><\/span><\/h3>\n<p><img decoding=\"async\" src=\"https:\/\/www.malagacar.com\/blog\/wp-content\/uploads\/2022\/04\/be-rich-2.jpg\" \/><\/p>\n<p>Puerto Ban\u00fas \u00e0 Marbella est l&rsquo;un des principaux points de rencontre de la jet set internationale. D\u00e9couvrez la vaste gamme d&rsquo;<a href=\"https:\/\/www.malagacar.com\/fr\/blog\/astuces-de-voyage\/choses-a-faire-a-puerto-banus\/\" data-wpel-link=\"internal\"><strong>activit\u00e9s et de divertissements<\/strong><\/a> disponibles.<\/p>\n<h3><span class=\"ez-toc-section\" id=\"Les_meilleures_terrasses_avec_vue_a_Malaga\"><\/span>Les meilleures terrasses avec vue \u00e0 M\u00e1laga<span class=\"ez-toc-section-end\"><\/span><\/h3>\n<figure id=\"attachment_8257\" aria-describedby=\"caption-attachment-8257\" style=\"width: 505px\" class=\"wp-caption alignnone\"><img loading=\"lazy\" decoding=\"async\" class=\"wp-image-8257\" src=\"https:\/\/www.malagacar.com\/blog\/wp-content\/uploads\/2021\/09\/Terrazas-con-vistas-La-Aduana.png\" alt=\"Costa del Sol Guide Roof Top Terrace La Aduana\" width=\"505\" height=\"631\" \/><figcaption id=\"caption-attachment-8257\" class=\"wp-caption-text\">Terrasse de toit La Aduana<\/figcaption><\/figure>\n<p>Siroter un verre au coucher du soleil sur un toit-terrasse avec vue sur la ville est un autre des nombreux plaisirs qu&rsquo;offre M\u00e1laga.<\/p>\n<p>Nous vous invitons \u00e0 d\u00e9couvrir les <a href=\"https:\/\/www.malagacar.com\/fr\/blog\/loisirs\/terrasses-avec-vue-malaga\/\" data-wpel-link=\"internal\"><strong>meilleures terrasses sur les toits avec vue \u00e0 M\u00e1laga<\/strong><\/a>.<\/p>\n<h3><span class=\"ez-toc-section\" id=\"A_voir_absolument_a_Malaga_La_bodega_El_Pimpi\"><\/span>\u00c0 voir absolument \u00e0 M\u00e1laga : La bodega El Pimpi<span class=\"ez-toc-section-end\"><\/span><\/h3>\n<figure id=\"attachment_8234\" aria-describedby=\"caption-attachment-8234\" style=\"width: 623px\" class=\"wp-caption alignnone\"><img loading=\"lazy\" decoding=\"async\" class=\" wp-image-8234\" src=\"https:\/\/www.malagacar.com\/blog\/wp-content\/uploads\/2021\/09\/Anos-de-historia-en-El-Pimpi-1024x683.jpg\" alt=\"\" width=\"623\" height=\"415\" \/><figcaption id=\"caption-attachment-8234\" class=\"wp-caption-text\">Des ann\u00e9es d&rsquo;histoire chez El Pimpi<\/figcaption><\/figure>\n<p>Il n&rsquo;est pas n\u00e9cessaire d&rsquo;\u00eatre un amateur de vin d\u00e9sireux de go\u00fbter aux riches vins de M\u00e1laga avec appellation d&rsquo;origine pour s&rsquo;arr\u00eater \u00e0 <a href=\"https:\/\/www.malagacar.com\/fr\/blog\/loisirs\/el-pimpi\/\" data-wpel-link=\"internal\"><strong>El Pimpi<\/strong><\/a>.<\/p>\n<p>Cet endroit unique situ\u00e9 au c\u0153ur du centre historique de M\u00e1laga vaut \u00e9galement le d\u00e9tour si vous pr\u00e9f\u00e9rez boire un coca ou si vous \u00eates v\u00e9g\u00e9tarien et bio. Mais attention, ses plats principaux sont ses jambons et ses vins.<\/p>\n<h3><span class=\"ez-toc-section\" id=\"Les_coins_les_plus_charmants_de_Malaga\"><\/span>Les coins les plus charmants de M\u00e1laga<span class=\"ez-toc-section-end\"><\/span><\/h3>\n<figure id=\"attachment_9286\" aria-describedby=\"caption-attachment-9286\" style=\"width: 535px\" class=\"wp-caption alignnone\"><img loading=\"lazy\" decoding=\"async\" class=\"wp-image-9286 size-full\" src=\"https:\/\/www.malagacar.com\/blog\/wp-content\/uploads\/2022\/04\/rincones-foto-beleefmalaga.jpg\" alt=\"Costa del Sol Guide \" width=\"535\" height=\"533\" \/><figcaption id=\"caption-attachment-9286\" class=\"wp-caption-text\">Photo Beleefmalaga<\/figcaption><\/figure>\n<p>Nous allons vous mettre l&rsquo;eau \u00e0 la bouche avec cette visite alternative Insider.<\/p>\n<p>Des photographes locaux et de passage vous feront d\u00e9couvrir de <a href=\"https:\/\/www.malagacar.com\/fr\/blog\/loisirs\/recoins-enchanteurs-de-malaga\/\" data-wpel-link=\"internal\"><strong>v\u00e9ritables joyaux de M\u00e1laga<\/strong><\/a> que vous ne connaissiez probablement pas.<\/p>\n<h3><span class=\"ez-toc-section\" id=\"Meilleures_attractions_pour_enfants_sur_la_Costa_del_Sol\"><\/span>Meilleures attractions pour enfants sur la Costa del Sol<span class=\"ez-toc-section-end\"><\/span><\/h3>\n<p><a href=\"https:\/\/www.malagacar.com\/fr\/blog\/loisirs\/attractions-enfants-costa-del-sol\/\" data-wpel-link=\"internal\"><img loading=\"lazy\" decoding=\"async\" class=\"alignnone wp-image-1190\" src=\"https:\/\/www.malagacar.com\/fr\/blog\/wp-content\/uploads\/2024\/04\/atracciones-ninos-fr.jpg\" alt=\"attractions pour enfants Costa del Sol\" width=\"891\" height=\"594\" srcset=\"https:\/\/www.malagacar.com\/fr\/blog\/wp-content\/uploads\/2024\/04\/atracciones-ninos-fr.jpg 1000w, https:\/\/www.malagacar.com\/fr\/blog\/wp-content\/uploads\/2024\/04\/atracciones-ninos-fr-300x200.jpg 300w, https:\/\/www.malagacar.com\/fr\/blog\/wp-content\/uploads\/2024\/04\/atracciones-ninos-fr-768x512.jpg 768w\" sizes=\"auto, (max-width: 891px) 100vw, 891px\" \/><\/a><\/p>\n<p>M\u00e1laga, en tant que destination mature, offre une vaste gamme de loisirs et de divertissements.<\/p>\n<p>D\u00e9couvrez avec nous les <a href=\"https:\/\/www.malagacar.com\/fr\/blog\/loisirs\/attractions-enfants-costa-del-sol\/\" data-wpel-link=\"internal\"><strong>meilleures attractions pour enfants sur la Costa del Sol<\/strong><\/a>.<\/p>\n<h3><span class=\"ez-toc-section\" id=\"Parcs_aquatiques_sur_la_Costa_del_Sol\"><\/span>Parcs aquatiques sur la Costa del Sol<span class=\"ez-toc-section-end\"><\/span><\/h3>\n<figure id=\"attachment_8100\" aria-describedby=\"caption-attachment-8100\" style=\"width: 620px\" class=\"wp-caption alignnone\"><a href=\"https:\/\/www.malagacar.com\/fr\/blog\/astuces-de-voyage\/parcs-aquatiques-costa-del-sol\/\" data-wpel-link=\"internal\"><img loading=\"lazy\" decoding=\"async\" class=\"wp-image-8100\" src=\"https:\/\/www.malagacar.com\/blog\/wp-content\/uploads\/2021\/07\/aquavelis-1024x576.jpg\" alt=\"Costa del Sol Guide Aquavelis in Torre del Mar\" width=\"620\" height=\"349\" \/><\/a><figcaption id=\"caption-attachment-8100\" class=\"wp-caption-text\">Aquavelis \u00e0 Torre del Mar<\/figcaption><\/figure>\n<p>Passez une journ\u00e9e rafra\u00eechissante dans de grandes piscines d&rsquo;eau douce, avec de nombreuses <a href=\"https:\/\/www.malagacar.com\/fr\/blog\/astuces-de-voyage\/parcs-aquatiques-costa-del-sol\/\" data-wpel-link=\"internal\"><strong>attractions aquatiques pour toute la famille<\/strong><\/a>.<\/p>\n<h3><span class=\"ez-toc-section\" id=\"Oasis_deau_turquoise_Alcazaba_Lagoon_unique_en_Europe\"><\/span>Oasis d&rsquo;eau turquoise : Alcazaba Lagoon, unique en Europe<span class=\"ez-toc-section-end\"><\/span><\/h3>\n<p><a href=\"https:\/\/www.malagacar.com\/fr\/blog\/loisirs\/alcazaba-lagoon-casares\/\" data-wpel-link=\"internal\"><img loading=\"lazy\" decoding=\"async\" class=\"alignnone wp-image-1357\" src=\"https:\/\/www.malagacar.com\/fr\/blog\/wp-content\/uploads\/2024\/05\/caribe-Foto-Angel-Martin.jpg\" alt=\"Alcazaba Lagoon\" width=\"999\" height=\"453\" srcset=\"https:\/\/www.malagacar.com\/fr\/blog\/wp-content\/uploads\/2024\/05\/caribe-Foto-Angel-Martin.jpg 1481w, https:\/\/www.malagacar.com\/fr\/blog\/wp-content\/uploads\/2024\/05\/caribe-Foto-Angel-Martin-300x136.jpg 300w, https:\/\/www.malagacar.com\/fr\/blog\/wp-content\/uploads\/2024\/05\/caribe-Foto-Angel-Martin-1024x464.jpg 1024w, https:\/\/www.malagacar.com\/fr\/blog\/wp-content\/uploads\/2024\/05\/caribe-Foto-Angel-Martin-768x348.jpg 768w\" sizes=\"auto, (max-width: 999px) 100vw, 999px\" \/><\/a><\/p>\n<p>Vous pensez avoir tout vu sur la Costa del Sol ? Alors laissez-vous surprendre par ce concept unique en Europe : eaux turquoises, criques de sable, sports nautiques, cuisine fusion et jardins tropicaux.<\/p>\n<p>D\u00e9couvrez <a href=\"https:\/\/www.malagacar.com\/fr\/blog\/loisirs\/alcazaba-lagoon-casares\/\" data-wpel-link=\"internal\"><strong>tout ce qu&rsquo;il faut savoir<\/strong><\/a>, vous aurez l&rsquo;eau \u00e0 la bouche !<\/p>\n<h3><span class=\"ez-toc-section\" id=\"Les_meilleures_activites_gratuites_a_Malaga\"><\/span>Les meilleures activit\u00e9s gratuites \u00e0 Malaga<span class=\"ez-toc-section-end\"><\/span><\/h3>\n<p>Pour beaucoup d&rsquo;entre nous, profiter de vacances bien m\u00e9rit\u00e9es implique un certain budget.<\/p>\n<p>Entre le vol, l&rsquo;h\u00f4tel ou l&rsquo;appartement de vacances et votre location de voiture \u00e0 l&rsquo;a\u00e9roport de Malaga, ce budget grimpe vite et encore plus si vous voyagez en famille. Alors, pr\u00e9voir quelques <a href=\"https:\/\/www.malagacar.com\/fr\/blog\/loisirs\/activites-gratuites-malaga\/\" data-wpel-link=\"internal\"><strong>activit\u00e9s gratuites<\/strong><\/a> n&rsquo;est pas une mauvaise id\u00e9e, n&rsquo;est-ce pas ?<\/p>\n<h3><span class=\"ez-toc-section\" id=\"Parcs_Selwo_Malaga_Costa_del_Sol\"><\/span>Parcs Selwo Malaga Costa del Sol<span class=\"ez-toc-section-end\"><\/span><\/h3>\n<figure id=\"attachment_7817\" aria-describedby=\"caption-attachment-7817\" style=\"width: 622px\" class=\"wp-caption alignnone\"><a href=\"https:\/\/www.malagacar.com\/fr\/blog\/loisirs\/parcs-selwo-malaga-costa-del-sol\/\" data-wpel-link=\"internal\"><img loading=\"lazy\" decoding=\"async\" class=\"wp-image-7817\" src=\"https:\/\/www.malagacar.com\/blog\/wp-content\/uploads\/2021\/03\/puente_colgante_selwo_aventura_estepona.jpg\" alt=\"Costa del Sol Guide. Selwo Aventura Estepona\" width=\"622\" height=\"412\" \/><\/a><figcaption id=\"caption-attachment-7817\" class=\"wp-caption-text\">Pont suspendu \u00e0 Selwo Aventura Estepona<\/figcaption><\/figure>\n<p>Nous vous pr\u00e9sentons les trois <a href=\"https:\/\/www.malagacar.com\/fr\/blog\/loisirs\/parcs-selwo-malaga-costa-del-sol\/\" data-wpel-link=\"internal\"><strong>parcs Selwo sur la Costa del Sol<\/strong><\/a>. Deux d&rsquo;entre eux sont situ\u00e9s \u00e0 Benalm\u00e1dena et le troisi\u00e8me est situ\u00e9 \u00e0 Estepona, venez nous rejoindre !<\/p>\n<h3><span class=\"ez-toc-section\" id=\"Les_meilleures_Escape_Rooms_de_Malaga\"><\/span>Les meilleures Escape Rooms de Malaga<span class=\"ez-toc-section-end\"><\/span><\/h3>\n<p>Nous vous proposons quelque chose de tr\u00e8s diff\u00e9rent et de tr\u00e8s amusant : Saviez-vous que dans la province de Malaga et le long de la Costa del Sol, il y a de magnifiques Escape Rooms ?<\/p>\n<p>Et le meilleur : il y en a m\u00eame en plein air, o\u00f9 pendant le jeu vous pouvez d\u00e9couvrir des endroits magnifiques. D\u00e9couvrez-les dans notre article sur les meilleures <a href=\"https:\/\/www.malagacar.com\/fr\/blog\/loisirs\/escape-rooms-malaga\/\" data-wpel-link=\"internal\"><strong>Escape Rooms de Malaga<\/strong><\/a> !<\/p>\n<h3><span class=\"ez-toc-section\" id=\"Journee_mondiale_du_tourisme_a_Malaga_le_27_septembre\"><\/span>Journ\u00e9e mondiale du tourisme \u00e0 Malaga le 27 septembre<span class=\"ez-toc-section-end\"><\/span><\/h3>\n<p>Chaque ann\u00e9e \u00e0 la m\u00eame date, le 27 septembre, Malaga c\u00e9l\u00e8bre la Journ\u00e9e internationale du tourisme.<\/p>\n<p>Ce jour-l\u00e0, la ville c\u00e9l\u00e8bre les portes ouvertes et les visites guid\u00e9es gratuites dans ses mus\u00e9es et ses monuments. <a href=\"https:\/\/www.malagacar.com\/fr\/blog\/loisirs\/journee-mondiale-tourisme-malaga\/\" data-wpel-link=\"internal\"><strong>En savoir plus<\/strong><\/a> !<\/p>\n<h3><span class=\"ez-toc-section\" id=\"Quai_Un_du_port_de_Malaga\"><\/span>Quai Un du port de Malaga<span class=\"ez-toc-section-end\"><\/span><\/h3>\n<p><a href=\"https:\/\/www.malagacar.com\/fr\/blog\/loisirs\/quai-un-malaga\/\" data-wpel-link=\"internal\"><img loading=\"lazy\" decoding=\"async\" class=\"alignnone wp-image-606\" src=\"https:\/\/www.malagacar.com\/fr\/blog\/wp-content\/uploads\/2023\/08\/quai-un.jpg\" alt=\"Quai Un \u00e1 M\u00e1laga\" width=\"1001\" height=\"667\" srcset=\"https:\/\/www.malagacar.com\/fr\/blog\/wp-content\/uploads\/2023\/08\/quai-un.jpg 1200w, https:\/\/www.malagacar.com\/fr\/blog\/wp-content\/uploads\/2023\/08\/quai-un-300x200.jpg 300w, https:\/\/www.malagacar.com\/fr\/blog\/wp-content\/uploads\/2023\/08\/quai-un-1024x683.jpg 1024w, https:\/\/www.malagacar.com\/fr\/blog\/wp-content\/uploads\/2023\/08\/quai-un-768x512.jpg 768w\" sizes=\"auto, (max-width: 1001px) 100vw, 1001px\" \/><\/a><\/p>\n<p>Situ\u00e9e \u00e0 quelques m\u00e8tres du centre historique de Malaga, la <a href=\"https:\/\/www.malagacar.com\/fr\/blog\/loisirs\/quai-un-malaga\/\" data-wpel-link=\"internal\"><strong>Quai Un<\/strong><\/a> (Muelle Uno) est id\u00e9ale pour se promener.<\/p>\n<p>Vous y trouverez une grande vari\u00e9t\u00e9 de bars et de restaurants, ainsi que des magasins et des boutiques. En outre, de nombreux \u00e9v\u00e9nements, concerts et march\u00e9s de rue sont organis\u00e9s tout au long de l&rsquo;ann\u00e9e.<\/p>\n<h3><span class=\"ez-toc-section\" id=\"Les_meilleurs_musees_de_Malaga\"><\/span>Les meilleurs mus\u00e9es de Malaga<span class=\"ez-toc-section-end\"><\/span><\/h3>\n<figure id=\"attachment_6827\" aria-describedby=\"caption-attachment-6827\" style=\"width: 620px\" class=\"wp-caption alignnone\"><img loading=\"lazy\" decoding=\"async\" class=\"wp-image-6827\" src=\"https:\/\/www.malagacar.com\/blog\/wp-content\/uploads\/2020\/03\/Carmen-Thyssen-1024x576.jpg\" alt=\"Costa del Sol Guide, Museum Carmen Thyssen\" width=\"620\" height=\"349\" \/><figcaption id=\"caption-attachment-6827\" class=\"wp-caption-text\">Le mus\u00e9e Carmen Thyssen<\/figcaption><\/figure>\n<p>Au cours de la derni\u00e8re d\u00e9cennie, Malaga a connu une croissance culturelle ininterrompue et est devenue la ville espagnole qui compte le plus grand nombre de mus\u00e9es dans sa vieille ville.<\/p>\n<p>C&rsquo;est donc un plaisir de se promener dans les rues et de d\u00e9couvrir la culture et le patrimoine que la ville a \u00e0 offrir dans ses <a href=\"https:\/\/www.malagacar.com\/fr\/blog\/loisirs\/meilleurs-musees-malaga\/\" data-wpel-link=\"internal\"><strong>meilleurs mus\u00e9es de Malaga<\/strong><\/a>. D\u00e9couvrez-les avec nous !<\/p>\n<h3><span class=\"ez-toc-section\" id=\"Que_voir_a_Malaga_en_une_journee_%E2%80%93_Nos_meilleurs_conseils\"><\/span>Que voir \u00e0 Malaga en une journ\u00e9e &#8211; Nos meilleurs conseils<span class=\"ez-toc-section-end\"><\/span><\/h3>\n<p>Quelle que soit la raison pour laquelle vous venez \u00e0 <a href=\"https:\/\/www.malagacar.com\/fr\/blog\/loisirs\/quoi-voir-a-malaga-en-une-journee\/\" data-wpel-link=\"internal\"><strong>Malaga<\/strong><\/a> avec peu de temps, nous vous aidons \u00e0 tirer le meilleur parti de votre s\u00e9jour parmi nous.<\/p>\n<h3><span class=\"ez-toc-section\" id=\"Itineraire_gastronomique_dans_la_vieille_ville_de_Malaga\"><\/span>Itin\u00e9raire gastronomique dans la vieille ville de M\u00e1laga<span class=\"ez-toc-section-end\"><\/span><\/h3>\n<p>\u00c0 M\u00e1laga, comme dans toute bonne ville m\u00e9diterran\u00e9enne, la vie se d\u00e9roule dans les rues et l&rsquo;un des passe-temps pr\u00e9f\u00e9r\u00e9s des Malagu\u00e8nes est sans aucun doute d&rsquo;aller \u00ab\u00a0prendre un verre\u00a0\u00bb : prendre un caf\u00e9, boire un verre dans un bar \u00e0 tapas, aller d\u00e9jeuner, aller d\u00eener&#8230;.<\/p>\n<p>Il n&rsquo;est donc pas surprenant que la ville dispose d&rsquo;une <a href=\"https:\/\/www.malagacar.com\/fr\/blog\/loisirs\/gastronomie-malaga\/\" data-wpel-link=\"internal\"><strong>immense offre gastronomique<\/strong><\/a>, de la cuisine andalouse la plus traditionnelle \u00e0 la cuisine fusion internationale.<\/p>\n<h3><span class=\"ez-toc-section\" id=\"Les_vues_les_plus_impressionnantes_de_Malaga\"><\/span>Les vues les plus impressionnantes de Malaga<span class=\"ez-toc-section-end\"><\/span><\/h3>\n<p>Il n&rsquo;est pas \u00e9tonnant que le tourisme int\u00e9rieur \u00e0 M\u00e1laga ait connu un tel essor, m\u00eame pendant les mois d&rsquo;hiver, car la province de M\u00e1laga offre certains des plus beaux panoramas d&rsquo;Espagne.<\/p>\n<p>Voici quelques-unes des <a href=\"https:\/\/www.malagacar.com\/fr\/blog\/loisirs\/vues-imprenantes-malaga\/\" data-wpel-link=\"internal\"><strong>plus belles vues de Malaga<\/strong><\/a>.<\/p>\n<h2><span class=\"ez-toc-section\" id=\"Villages_blancs\"><\/span>Villages blancs<span class=\"ez-toc-section-end\"><\/span><\/h2>\n<p>Notre guide de la Costa del Sol ne se limite pas \u00e0 la Costa del Sol ! Nous vous invitons \u00e0 d\u00e9couvrir notre int\u00e9rieur des terres, qui est vraiment magnifique !<\/p>\n<h3><span class=\"ez-toc-section\" id=\"Costa_del_Sol_orientale_itineraires_dans_lAxarquia\"><\/span>Costa del Sol orientale : itin\u00e9raires dans l&rsquo;Axarquia<span class=\"ez-toc-section-end\"><\/span><\/h3>\n<figure id=\"attachment_12408\" aria-describedby=\"caption-attachment-12408\" style=\"width: 605px\" class=\"wp-caption alignnone\"><img loading=\"lazy\" decoding=\"async\" class=\" wp-image-12408\" src=\"https:\/\/www.malagacar.com\/sp\/blog\/wp-content\/uploads\/2014\/01\/brenda-yaris-maroma-768x1024.jpg\" alt=\"conducir en M\u00e1laga. malagacar.com\" width=\"605\" height=\"807\" \/><figcaption id=\"caption-attachment-12408\" class=\"wp-caption-text\">Une MalagaCar en direction de La Maroma. Photo : gracieuset\u00e9 de notre client.<\/figcaption><\/figure>\n<p>\u00c0 quelques kilom\u00e8tres de la c\u00f4te, vous pourrez d\u00e9couvrir des parcs naturels, des paysages pr\u00e9serv\u00e9s et des villages blancs pittoresques de la r\u00e9gion de l&rsquo;<a href=\"https:\/\/www.malagacar.com\/fr\/blog\/loisirs\/itineraires-dans-laxarquia\/\" data-wpel-link=\"internal\"><strong>Axarqu\u00eda<\/strong><\/a>, situ\u00e9e \u00e0 l&rsquo;est de la Costa del Sol.<\/p>\n<h3><span class=\"ez-toc-section\" id=\"Decouvrez_les_11_plus_beaux_villages_de_lAxarquia\"><\/span>D\u00e9couvrez les 11 plus beaux villages de l&rsquo;Axarqu\u00eda<span class=\"ez-toc-section-end\"><\/span><\/h3>\n<figure id=\"attachment_3673\" aria-describedby=\"caption-attachment-3673\" style=\"width: 618px\" class=\"wp-caption alignnone\"><img loading=\"lazy\" decoding=\"async\" class=\"wp-image-3673\" src=\"https:\/\/www.malagacar.com\/blog\/wp-content\/uploads\/2014\/09\/sedella_axarquia.jpg\" alt=\"guide Costa del Sol\" width=\"618\" height=\"463\" \/><figcaption id=\"caption-attachment-3673\" class=\"wp-caption-text\">Sedella<\/figcaption><\/figure>\n<p>L&rsquo;Axarquia, la r\u00e9gion la plus orientale de la province de Malaga, reste l&rsquo;un des grands secrets de polichinelle, avec de nombreux recoins, une nature spectaculaire et des <a href=\"https:\/\/www.malagacar.com\/fr\/blog\/astuces-de-voyage\/villages-beaux-axarquia\/\" data-wpel-link=\"internal\"><strong>villages blancs<\/strong> <\/a>\u00e0 d\u00e9couvrir. Nous vous pr\u00e9sentons quelques-uns des plus beaux.<\/p>\n<h3><span class=\"ez-toc-section\" id=\"Escapade_dans_les_8_%C2%AB_villages_magiques_%C2%BB_de_Malaga\"><\/span>Escapade dans les 8 \u00ab\u00a0villages magiques\u00a0\u00bb de Malaga<span class=\"ez-toc-section-end\"><\/span><\/h3>\n<p>Une id\u00e9e id\u00e9ale pour une <a href=\"https:\/\/www.malagacar.com\/fr\/blog\/astuces-de-voyage\/villages-magiques-de-malaga\/\" data-wpel-link=\"internal\"><strong>escapade \u00e0 M\u00e1laga<\/strong><\/a> ! Poursuivez votre lecture pour d\u00e9couvrir quelques-unes des meilleures destinations gr\u00e2ce \u00e0 notre guide de la Costa del Sol.<\/p>\n<h3><span class=\"ez-toc-section\" id=\"Les_villages_blancs_de_la_vallee_du_Genal\"><\/span>Les villages blancs de la vall\u00e9e du Genal<span class=\"ez-toc-section-end\"><\/span><\/h3>\n<figure id=\"attachment_9288\" aria-describedby=\"caption-attachment-9288\" style=\"width: 622px\" class=\"wp-caption alignnone\"><img loading=\"lazy\" decoding=\"async\" class=\" wp-image-9288\" src=\"https:\/\/www.malagacar.com\/blog\/wp-content\/uploads\/2022\/04\/Alpandeire-desde-el-Mirador-del-Cuervo-Foto-Xerxi-del-Rio.jpg\" alt=\"\" width=\"622\" height=\"425\" \/><figcaption id=\"caption-attachment-9288\" class=\"wp-caption-text\">Alpandeire depuis le Mirador del Cuervo Photo Xerxi del Rio<\/figcaption><\/figure>\n<p>Dans la Serran\u00eda de Ronda se trouve un autre joyau de la province de Malaga, la belle vall\u00e9e du Genal.<\/p>\n<p>C&rsquo;est l&rsquo;un des rares endroits presque vierges de la province o\u00f9 l&rsquo;on trouve de grandes for\u00eats centenaires. Ce joyau de couleur \u00e9meraude abrite un total de 16 <a href=\"https:\/\/www.malagacar.com\/fr\/blog\/loisirs\/les-villages-blancs-vallee-du-genal\/\" data-wpel-link=\"internal\"><strong>villages blancs d&rsquo;origine maure<\/strong><\/a>.<\/p>\n<h3><span class=\"ez-toc-section\" id=\"Les_meilleures_routes_panoramiques_de_Malaga\"><\/span>Les meilleures routes panoramiques de Malaga<span class=\"ez-toc-section-end\"><\/span><\/h3>\n<figure id=\"attachment_9630\" aria-describedby=\"caption-attachment-9630\" style=\"width: 622px\" class=\"wp-caption alignnone\"><img loading=\"lazy\" decoding=\"async\" class=\" wp-image-9630\" src=\"https:\/\/www.malagacar.com\/blog\/wp-content\/uploads\/2011\/06\/axarquia-Foto-lavanguardia.jpeg\" alt=\"scenic routes in M\u00e1laga\" width=\"622\" height=\"350\" \/><figcaption id=\"caption-attachment-9630\" class=\"wp-caption-text\">Axarquia Photo lavanguardia<\/figcaption><\/figure>\n<p>D\u00e9couvrez quelques-unes des <a href=\"https:\/\/www.malagacar.com\/fr\/blog\/loisirs\/routes-panoramiques-malaga\/\" data-wpel-link=\"internal\"><strong>meilleures routes panoramiques de Malaga<\/strong><\/a> pour profiter de votre voiture de location pendant vos vacances : des paysages magnifiques, des villages blancs, des gens sympathiques et des auberges proposant une cuisine traditionnelle \u00e0 des prix abordables.<\/p>\n<h3><span class=\"ez-toc-section\" id=\"Les_plus_beaux_villages_blancs_de_lAlpujarra_a_Granada\"><\/span>Les plus beaux villages blancs de l&rsquo;Alpujarra \u00e0 Granada<span class=\"ez-toc-section-end\"><\/span><\/h3>\n<p>Comme vous le d\u00e9couvrirez, notre guide de la Costa del Sol ne se limite pas \u00e0 notre belle province !<\/p>\n<p><a href=\"https:\/\/www.malagacar.com\/fr\/blog\/loisirs\/villages-blancs-alpujarra\/\" data-wpel-link=\"internal\"><img loading=\"lazy\" decoding=\"async\" class=\"alignnone wp-image-1331\" src=\"https:\/\/www.malagacar.com\/fr\/blog\/wp-content\/uploads\/2024\/05\/pueblos-blancos-alpujarra-fr.jpg\" alt=\"villages blancs Alpujarra\" width=\"1004\" height=\"753\" srcset=\"https:\/\/www.malagacar.com\/fr\/blog\/wp-content\/uploads\/2024\/05\/pueblos-blancos-alpujarra-fr.jpg 1280w, https:\/\/www.malagacar.com\/fr\/blog\/wp-content\/uploads\/2024\/05\/pueblos-blancos-alpujarra-fr-300x225.jpg 300w, https:\/\/www.malagacar.com\/fr\/blog\/wp-content\/uploads\/2024\/05\/pueblos-blancos-alpujarra-fr-1024x768.jpg 1024w, https:\/\/www.malagacar.com\/fr\/blog\/wp-content\/uploads\/2024\/05\/pueblos-blancos-alpujarra-fr-768x576.jpg 768w\" sizes=\"auto, (max-width: 1004px) 100vw, 1004px\" \/><\/a><\/p>\n<p>Plongez dans des paysages de haute montagne \u00e0 couper le souffle et des vall\u00e9es au microclimat exceptionnel. De l&rsquo;air pur et de l&rsquo;eau cristalline provenant de la Sierra Nevada. L&rsquo;h\u00e9ritage mauresque est palpable \u00e0 chaque coin de rue. Excellente gastronomie. Beaucoup d&rsquo;artisanat. Un endroit o\u00f9 le temps s&rsquo;est arr\u00eat\u00e9.<\/p>\n<p>Les plus beaux <a href=\"https:\/\/www.malagacar.com\/fr\/blog\/loisirs\/villages-blancs-alpujarra\/\" data-wpel-link=\"internal\"><strong>villages blancs de l&rsquo;Alpujarra<\/strong><\/a> \u00e0 Granada.<\/p>\n<h2><span class=\"ez-toc-section\" id=\"Tourisme_actif_sports_daventure\"><\/span>Tourisme actif &amp; sports d&rsquo;aventure<span class=\"ez-toc-section-end\"><\/span><\/h2>\n<p>Notre guide Costa del Sol ne serait pas complet sans quelques conseils et recommandations en mati\u00e8re de tourisme actif.<\/p>\n<p>Maintenant que vous envisagez de visiter la r\u00e9gion et que vous disposez d&rsquo;une voiture, pourquoi ne pas partir \u00e0 la d\u00e9couverte de quelques-uns des meilleurs sites naturels de notre province ?<\/p>\n<h3><span class=\"ez-toc-section\" id=\"Piscines_naturelles_medicinales_a_Malaga\"><\/span>Piscines naturelles &amp; m\u00e9dicinales \u00e0 Malaga<span class=\"ez-toc-section-end\"><\/span><\/h3>\n<p><a href=\"https:\/\/www.malagacar.com\/fr\/blog\/loisirs\/piscines-naturelles-a-malaga\/\" data-wpel-link=\"internal\"><img loading=\"lazy\" decoding=\"async\" class=\"alignnone size-full wp-image-1385\" src=\"https:\/\/www.malagacar.com\/fr\/blog\/wp-content\/uploads\/2024\/06\/pools__thermal_baths_malaga_fr.jpg\" alt=\"Piscines naturelles Malaga\" width=\"1000\" height=\"667\" srcset=\"https:\/\/www.malagacar.com\/fr\/blog\/wp-content\/uploads\/2024\/06\/pools__thermal_baths_malaga_fr.jpg 1000w, https:\/\/www.malagacar.com\/fr\/blog\/wp-content\/uploads\/2024\/06\/pools__thermal_baths_malaga_fr-300x200.jpg 300w, https:\/\/www.malagacar.com\/fr\/blog\/wp-content\/uploads\/2024\/06\/pools__thermal_baths_malaga_fr-768x512.jpg 768w\" sizes=\"auto, (max-width: 1000px) 100vw, 1000px\" \/><\/a><\/p>\n<p>Quand les grandes chaleurs \u00e0 Malaga commencent, nous cherchons \u00e0 nous rafra\u00eechir par tous les moyens possibles. La plupart optent pour la plage et la piscine, mais il existe d&rsquo;autres options tr\u00e8s agr\u00e9ables cach\u00e9es \u00e0 l&rsquo;int\u00e9rieur de la province : les piscines naturelles de M\u00e1laga.<\/p>\n<p>Dans notre guide Costa del Sol, nous vous pr\u00e9sentons quelques-unes des plus belles <a href=\"https:\/\/www.malagacar.com\/fr\/blog\/loisirs\/piscines-naturelles-a-malaga\/\" data-wpel-link=\"internal\"><strong>piscines naturelles de Malaga<\/strong><\/a> ainsi que deux sources d&rsquo;eau m\u00e9dicinale.<\/p>\n<h3><span class=\"ez-toc-section\" id=\"Visiter_le_Caminito_del_Rey_%E2%80%93_Tout_ce_quil_faut_savoir\"><\/span>Visiter le Caminito del Rey &#8211; Tout ce qu&rsquo;il faut savoir<span class=\"ez-toc-section-end\"><\/span><\/h3>\n<p><img loading=\"lazy\" decoding=\"async\" class=\"alignnone wp-image-6635\" src=\"https:\/\/www.malagacar.com\/blog\/wp-content\/uploads\/2020\/01\/caminito-del-rey.jpg\" alt=\"\" width=\"502\" height=\"753\" \/><\/p>\n<p>Le Caminito del Rey est l&rsquo;un des sites naturels les plus spectaculaires de Malaga et d&rsquo;Espagne.<\/p>\n<p>Ce magnifique site naturel, apr\u00e8s une ann\u00e9e de r\u00e9novation, est devenu l&rsquo;un des espaces naturels les plus visit\u00e9s de la province de Malaga. <a href=\"https:\/\/www.malagacar.com\/fr\/blog\/loisirs\/caminito-del-rey\/\" data-wpel-link=\"internal\"><strong>Tout ce qu&rsquo;il faut savoir<\/strong><\/a> pour le visiter.<\/p>\n<h3><span class=\"ez-toc-section\" id=\"Recommandations_pour_le_Caminito_del_Rey_en_automne_et_hiver\"><\/span>Recommandations pour le Caminito del Rey en automne et hiver<span class=\"ez-toc-section-end\"><\/span><\/h3>\n<p>Visitez le spectaculaire<a href=\"https:\/\/www.malagacar.com\/fr\/blog\/loisirs\/caminito-del-rey-automne-hiver\/\" data-wpel-link=\"internal\"><strong> Caminito del Rey en automne et en hiver<\/strong><\/a>, la saison la plus id\u00e9ale \u00e0 Malaga pour faire de belles promenades dans la nature.<\/p>\n<h3><span class=\"ez-toc-section\" id=\"El_Chorro_%E2%80%93_Un_paradis_naturel_a_Malaga\"><\/span>El Chorro &#8211; Un paradis naturel \u00e0 Malaga<span class=\"ez-toc-section-end\"><\/span><\/h3>\n<p><img decoding=\"async\" src=\"https:\/\/www.malagacar.com\/blog\/wp-content\/uploads\/2014\/10\/verde-y-turquesa-Credit-Depositphotos.jpg\" alt=\"el chorro, guadalhorce reservoir, malaga\" \/><\/p>\n<p>L&rsquo;un des joyaux naturels de Malaga, o\u00f9 se trouve \u00e9galement le c\u00e9l\u00e8bre Caminito del Rey et dont le r\u00e9servoir a \u00e9t\u00e9 r\u00e9compens\u00e9 l&rsquo;ann\u00e9e derni\u00e8re par le Pavillon bleu pour sa belle plage int\u00e9rieure.<\/p>\n<p>Dans cette zone naturelle, vous pouvez pratiquer un large \u00e9ventail d&rsquo;activit\u00e9s, car c&rsquo;est un endroit id\u00e9al pour profiter de la nature, qu&rsquo;il s&rsquo;agisse de randonn\u00e9e, d&rsquo;observation des oiseaux, de cyclisme, de sp\u00e9l\u00e9ologie, d&rsquo;escalade, de natation ou de cano\u00eb-kayak, d\u00e9couvrez <a href=\"https:\/\/www.malagacar.com\/fr\/blog\/loisirs\/el-chorro\/\" data-wpel-link=\"internal\"><strong>El Chorro<\/strong><\/a> !<\/p>\n<h3><span class=\"ez-toc-section\" id=\"Observation_des_oiseaux_a_Malaga\"><\/span>Observation des oiseaux \u00e0 Malaga<span class=\"ez-toc-section-end\"><\/span><\/h3>\n<p><a href=\"https:\/\/www.malagacar.com\/fr\/blog\/loisirs\/observation-des-oiseaux-a-malaga\/\" data-wpel-link=\"internal\"><img loading=\"lazy\" decoding=\"async\" class=\"alignnone size-full wp-image-1109\" src=\"https:\/\/www.malagacar.com\/fr\/blog\/wp-content\/uploads\/2024\/04\/birdwatching-malaga-fr.jpg\" alt=\"Observation des oiseaux \u00e0 Malaga\" width=\"1000\" height=\"667\" srcset=\"https:\/\/www.malagacar.com\/fr\/blog\/wp-content\/uploads\/2024\/04\/birdwatching-malaga-fr.jpg 1000w, https:\/\/www.malagacar.com\/fr\/blog\/wp-content\/uploads\/2024\/04\/birdwatching-malaga-fr-300x200.jpg 300w, https:\/\/www.malagacar.com\/fr\/blog\/wp-content\/uploads\/2024\/04\/birdwatching-malaga-fr-768x512.jpg 768w\" sizes=\"auto, (max-width: 1000px) 100vw, 1000px\" \/><\/a><\/p>\n<p>Cette proposition de notre guide de la Costa del Sol ne plaira peut-\u00eatre pas qu&rsquo;aux ornithologues : L&rsquo;<a href=\"https:\/\/www.malagacar.com\/fr\/blog\/loisirs\/observation-des-oiseaux-a-malaga\/\" data-wpel-link=\"internal\"><strong>observation des oiseaux \u00e0 Malaga<\/strong><\/a>.<\/p>\n<p>Comme certains d&rsquo;entre vous le savent peut-\u00eatre d\u00e9j\u00e0, Malaga est une halte importante pour des millions d&rsquo;oiseaux migrateurs qui se d\u00e9placent deux fois par an entre l&rsquo;Europe et l&rsquo;Afrique en passant par le d\u00e9troit de Gibraltar.<\/p>\n<h3><span class=\"ez-toc-section\" id=\"Parapente_Biplace_Malaga_%E2%80%93_Profitez_de_Malaga_depuis_le_ciel\"><\/span>Parapente Biplace Malaga \u2013 Profitez de Malaga depuis le ciel<span class=\"ez-toc-section-end\"><\/span><\/h3>\n<figure id=\"attachment_7348\" aria-describedby=\"caption-attachment-7348\" style=\"width: 499px\" class=\"wp-caption alignnone\"><a href=\"https:\/\/www.malagacar.com\/fr\/blog\/loisirs\/parapente-biplace-malaga\/\" data-wpel-link=\"internal\"><img loading=\"lazy\" decoding=\"async\" class=\"wp-image-7348\" src=\"https:\/\/www.malagacar.com\/blog\/wp-content\/uploads\/2020\/09\/volando-887x1024.jpg\" alt=\"Tandem Paragliding Malaga\" width=\"499\" height=\"576\" \/><\/a><figcaption id=\"caption-attachment-7348\" class=\"wp-caption-text\">Malaga vue du ciel &#8211; Profitez de la vue d&rsquo;aigle avec le parapente en tandem<\/figcaption><\/figure>\n<p>Vous pensez que le parapente est r\u00e9serv\u00e9 aux courageux, aux sportifs, aux aventuriers ? Et bien non !<\/p>\n<p>Rejoignez-nous et d\u00e9couvrez <a href=\"https:\/\/www.malagacar.com\/fr\/blog\/loisirs\/parapente-biplace-malaga\/\" data-wpel-link=\"internal\"><strong>tout ce qu&rsquo;il faut savoir<\/strong> <\/a>pour vivre cette merveilleuse exp\u00e9rience.<\/p>\n<h3><span class=\"ez-toc-section\" id=\"Le_sentier_cotier_de_la_Costa_del_Sol\"><\/span>Le sentier c\u00f4tier de la Costa del Sol<span class=\"ez-toc-section-end\"><\/span><\/h3>\n<p><img loading=\"lazy\" decoding=\"async\" class=\"\" src=\"https:\/\/www.malagacar.com\/blog\/wp-content\/uploads\/2020\/08\/senda-litoral.jpg\" alt=\"Costa del Sol guide\" width=\"678\" height=\"678\" \/><\/p>\n<p>D\u00e9couvrez le <a href=\"https:\/\/www.malagacar.com\/fr\/blog\/loisirs\/sentier-littoral-costa-del-sol\/\" data-wpel-link=\"internal\"><strong>sentier c\u00f4tier<\/strong><\/a>. Le long de 14 municipalit\u00e9s de Malaga, vous pouvez marcher le long de la mer M\u00e9diterran\u00e9e sur plus de 160 km de c\u00f4te.<\/p>\n<h3><span class=\"ez-toc-section\" id=\"El_Saltillo_%E2%80%93_Le_Caminito_del_Rey_inconnu_de_Malaga\"><\/span>El Saltillo &#8211; Le Caminito del Rey inconnu de Malaga<span class=\"ez-toc-section-end\"><\/span><\/h3>\n<figure id=\"attachment_7587\" aria-describedby=\"caption-attachment-7587\" style=\"width: 621px\" class=\"wp-caption alignnone\"><img loading=\"lazy\" decoding=\"async\" class=\"wp-image-7587\" src=\"https:\/\/www.malagacar.com\/blog\/wp-content\/uploads\/2020\/11\/saltillo-el-sur-1024x652.jpg\" alt=\"El Saltillo.\" width=\"621\" height=\"396\" \/><figcaption id=\"caption-attachment-7587\" class=\"wp-caption-text\">Photo: El Sur<\/figcaption><\/figure>\n<p>La r\u00e9gion Axarquia de Malaga poss\u00e8de une zone naturelle attrayante : <a href=\"https:\/\/www.malagacar.com\/fr\/blog\/loisirs\/el-saltillo-malaga\/\" data-wpel-link=\"internal\"><strong>El Saltillo<\/strong><\/a>, avec une passerelle en bois de 50 m\u00e8tres de long et 50 m\u00e8tres de haut sur le lit de la rivi\u00e8re Almanchares.<\/p>\n<h3><span class=\"ez-toc-section\" id=\"Surf_a_Malaga\"><\/span>Surf \u00e0 Malaga<span class=\"ez-toc-section-end\"><\/span><\/h3>\n<p><img loading=\"lazy\" decoding=\"async\" class=\"alignnone wp-image-7621\" src=\"https:\/\/www.malagacar.com\/blog\/wp-content\/uploads\/2020\/11\/surf-navidad-2016-2-1024x642.jpg\" alt=\"surf malaga. guide Costa del Sol\" width=\"621\" height=\"389\" \/><\/p>\n<p>Il n&rsquo;est pas n\u00e9cessaire d&rsquo;aller jusqu&rsquo;\u00e0 Hawa\u00ef pour surfer. Le long des 160 km de la Costa del Sol, vous trouverez de magnifiques plages pour pratiquer ce sport de plus en plus populaire. Aussi bien pour les d\u00e9butants que pour les plus exp\u00e9riment\u00e9s. Bref, il y a des vagues pour tout le monde !<\/p>\n<p>Et au cas o\u00f9 vous ne le sauriez pas, Malaga accueille \u00e9galement de nombreux adeptes du kitesurf. Bien que la Mecque du kitesurf se trouve \u00e0 Tarifa, la capitale europ\u00e9enne du vent, il existe \u00e9galement \u00e0 Malaga une zone de pr\u00e9dilection pour les vents. <a href=\"https:\/\/www.malagacar.com\/fr\/blog\/loisirs\/surf-a-malaga\/\" data-wpel-link=\"internal\"><strong>D\u00e9couvrez tout cela<\/strong><\/a> dans notre blog !<\/p>\n<figure id=\"attachment_7618\" aria-describedby=\"caption-attachment-7618\" style=\"width: 500px\" class=\"wp-caption alignnone\"><img loading=\"lazy\" decoding=\"async\" class=\" wp-image-7618\" src=\"https:\/\/www.malagacar.com\/blog\/wp-content\/uploads\/2020\/11\/kite-en-Cadiz-los-barrios.jpg\" alt=\"\" width=\"500\" height=\"667\" \/><figcaption id=\"caption-attachment-7618\" class=\"wp-caption-text\">Avec l&rsquo;aimable autorisation de notre client. Malagacar.com<\/figcaption><\/figure>\n<h3><span class=\"ez-toc-section\" id=\"Tourisme_actif_et_sports_daventure_a_Malaga\"><\/span>Tourisme actif et sports d&rsquo;aventure \u00e0 Malaga<span class=\"ez-toc-section-end\"><\/span><\/h3>\n<figure id=\"attachment_8214\" aria-describedby=\"caption-attachment-8214\" style=\"width: 621px\" class=\"wp-caption alignnone\"><img loading=\"lazy\" decoding=\"async\" class=\" wp-image-8214\" src=\"https:\/\/www.malagacar.com\/blog\/wp-content\/uploads\/2021\/08\/tirolina-comares.jpg\" alt=\"\" width=\"621\" height=\"466\" \/><figcaption id=\"caption-attachment-8214\" class=\"wp-caption-text\">Tyrolienne \u00e0 Comares<\/figcaption><\/figure>\n<p>La province de Malaga offre tout au long de l&rsquo;ann\u00e9e un large \u00e9ventail de possibilit\u00e9s pour le <a href=\"https:\/\/www.malagacar.com\/fr\/blog\/loisirs\/tourisme-actif-sports-daventure-malaga\/\" data-wpel-link=\"internal\"><strong>tourisme actif et les sports d&rsquo;aventure<\/strong><\/a>. Vous serez certainement surpris de ce que vous pouvez faire.<\/p>\n<h2><span class=\"ez-toc-section\" id=\"Tourisme_interieur\"><\/span>Tourisme int\u00e9rieur<span class=\"ez-toc-section-end\"><\/span><\/h2>\n<p>Dans notre guide de la Costa del Sol, nous ne pouvons pas oublier les endroits spectaculaires de l&rsquo;int\u00e9rieur de la province de Malaga. D\u00e9couvrez-les !<\/p>\n<h3><span class=\"ez-toc-section\" id=\"Vacances_rurales_a_Malaga\"><\/span>Vacances rurales \u00e0 Malaga<span class=\"ez-toc-section-end\"><\/span><\/h3>\n<p><a href=\"https:\/\/www.malagacar.com\/fr\/blog\/astuces-de-voyage\/vacances-rurales-malaga\/\" data-wpel-link=\"internal\"><img loading=\"lazy\" decoding=\"async\" class=\"alignnone size-full wp-image-962\" src=\"https:\/\/www.malagacar.com\/fr\/blog\/wp-content\/uploads\/2024\/02\/vacances-rurales-malaga.jpg\" alt=\"Vacances rurales Malaga\" width=\"999\" height=\"608\" srcset=\"https:\/\/www.malagacar.com\/fr\/blog\/wp-content\/uploads\/2024\/02\/vacances-rurales-malaga.jpg 999w, https:\/\/www.malagacar.com\/fr\/blog\/wp-content\/uploads\/2024\/02\/vacances-rurales-malaga-300x183.jpg 300w, https:\/\/www.malagacar.com\/fr\/blog\/wp-content\/uploads\/2024\/02\/vacances-rurales-malaga-768x467.jpg 768w\" sizes=\"auto, (max-width: 999px) 100vw, 999px\" \/><\/a><\/p>\n<p>Bien que la principale attraction de la Costa del Sol soit ses plages, un nombre croissant de visiteurs optent pour des \u00ab\u00a0<a href=\"https:\/\/www.malagacar.com\/fr\/blog\/astuces-de-voyage\/vacances-rurales-malaga\/\" data-wpel-link=\"internal\"><strong>Vacances rurales \u00e0 Malaga<\/strong><\/a>\u00ab\u00a0, loin de la c\u00f4te anim\u00e9e.<\/p>\n<h3><span class=\"ez-toc-section\" id=\"Route_des_grottes_les_plus_spectaculaires_de_Malaga\"><\/span>Route des grottes les plus spectaculaires de Malaga<span class=\"ez-toc-section-end\"><\/span><\/h3>\n<p><a href=\"https:\/\/www.malagacar.com\/fr\/blog\/loisirs\/grottes-de-malaga\/\" data-wpel-link=\"internal\"><img loading=\"lazy\" decoding=\"async\" class=\"alignnone wp-image-874\" src=\"https:\/\/www.malagacar.com\/fr\/blog\/wp-content\/uploads\/2023\/11\/grottes-de-malaga.jpg\" alt=\"grottes-de-malaga\" width=\"1004\" height=\"490\" srcset=\"https:\/\/www.malagacar.com\/fr\/blog\/wp-content\/uploads\/2023\/11\/grottes-de-malaga.jpg 1276w, https:\/\/www.malagacar.com\/fr\/blog\/wp-content\/uploads\/2023\/11\/grottes-de-malaga-300x146.jpg 300w, https:\/\/www.malagacar.com\/fr\/blog\/wp-content\/uploads\/2023\/11\/grottes-de-malaga-1024x500.jpg 1024w, https:\/\/www.malagacar.com\/fr\/blog\/wp-content\/uploads\/2023\/11\/grottes-de-malaga-768x375.jpg 768w\" sizes=\"auto, (max-width: 1004px) 100vw, 1004px\" \/><\/a><\/p>\n<p>Il n&rsquo;est pas n\u00e9cessaire d&rsquo;\u00eatre un alpiniste ou un sp\u00e9l\u00e9ologue chevronn\u00e9 pour plonger dans les profondeurs de la terre.<\/p>\n<p>Nous allons tout d&rsquo;abord vous pr\u00e9senter les <a href=\"https:\/\/www.malagacar.com\/fr\/blog\/loisirs\/grottes-de-malaga\/\" data-wpel-link=\"internal\"><strong>grottes de Malaga<\/strong><\/a> touristiques, toutes situ\u00e9es \u00e0 deux pas de la c\u00f4te et faciles d&rsquo;acc\u00e8s. Vous ne devez pas les manquer si vous vous trouvez sur la Costa del Sol.<\/p>\n<p>D&rsquo;autre part, il existe une section pour les amateurs de tourisme actif \u00e0 Malaga, qui souhaitent d\u00e9couvrir ces merveilles cach\u00e9es dans les entrailles de la terre.<\/p>\n<h3><span class=\"ez-toc-section\" id=\"Routes_de_sapins_espagnols_a_Malaga\"><\/span>Routes de sapins espagnols \u00e0 Malaga<span class=\"ez-toc-section-end\"><\/span><\/h3>\n<p><a href=\"https:\/\/www.malagacar.com\/fr\/blog\/loisirs\/sapins-espagnols-a-malaga\/\" data-wpel-link=\"internal\"><img loading=\"lazy\" decoding=\"async\" class=\"alignnone wp-image-1002\" src=\"https:\/\/www.malagacar.com\/fr\/blog\/wp-content\/uploads\/2024\/03\/pinsapo-fr.jpg\" alt=\"Routes de sapins espagnols \u00e0 Malaga\" width=\"1003\" height=\"542\" srcset=\"https:\/\/www.malagacar.com\/fr\/blog\/wp-content\/uploads\/2024\/03\/pinsapo-fr.jpg 1345w, https:\/\/www.malagacar.com\/fr\/blog\/wp-content\/uploads\/2024\/03\/pinsapo-fr-300x162.jpg 300w, https:\/\/www.malagacar.com\/fr\/blog\/wp-content\/uploads\/2024\/03\/pinsapo-fr-1024x553.jpg 1024w, https:\/\/www.malagacar.com\/fr\/blog\/wp-content\/uploads\/2024\/03\/pinsapo-fr-768x415.jpg 768w\" sizes=\"auto, (max-width: 1003px) 100vw, 1003px\" \/><\/a><\/p>\n<p>Nous avons pr\u00e9par\u00e9 cet article d&rsquo;Itin\u00e9raires \u00e0 travers les for\u00eats de <a href=\"https:\/\/www.malagacar.com\/fr\/blog\/loisirs\/sapins-espagnols-a-malaga\/\" data-wpel-link=\"internal\"><strong>sapins espagnols de Malaga<\/strong><\/a>, les for\u00eats les plus anciennes de la province.<\/p>\n<p>Il est certain que vous ne pourrez pas r\u00e9sister \u00e0 sa magie, comme si vous sortiez d&rsquo;un conte d&rsquo;une saga nordique ou d&rsquo;un livre de Tolkien. Venez avec nous !<\/p>\n<h3><span class=\"ez-toc-section\" id=\"Decouvrez_Ronda_en_voiture\"><\/span>D\u00e9couvrez Ronda en voiture<span class=\"ez-toc-section-end\"><\/span><\/h3>\n<p><a href=\"https:\/\/www.malagacar.com\/fr\/blog\/loisirs\/decouvrez-ronda-en-voiture\/\" data-wpel-link=\"internal\"><img loading=\"lazy\" decoding=\"async\" class=\"alignnone size-full wp-image-783\" src=\"https:\/\/www.malagacar.com\/fr\/blog\/wp-content\/uploads\/2023\/11\/ronda-fr.jpg\" alt=\"Ronda en voiture\" width=\"950\" height=\"516\" srcset=\"https:\/\/www.malagacar.com\/fr\/blog\/wp-content\/uploads\/2023\/11\/ronda-fr.jpg 950w, https:\/\/www.malagacar.com\/fr\/blog\/wp-content\/uploads\/2023\/11\/ronda-fr-300x163.jpg 300w, https:\/\/www.malagacar.com\/fr\/blog\/wp-content\/uploads\/2023\/11\/ronda-fr-768x417.jpg 768w\" sizes=\"auto, (max-width: 950px) 100vw, 950px\" \/><\/a><\/p>\n<p>Depuis la Costa del Sol, on peut choisir entre plusieurs options d&rsquo;itin\u00e9raires en voiture pour se rendre \u00e0 Ronda. <a href=\"https:\/\/www.malagacar.com\/fr\/blog\/loisirs\/decouvrez-ronda-en-voiture\/\" data-wpel-link=\"internal\"><strong>Traversez les magnifiques paysages de l&rsquo;int\u00e9rieur<\/strong><\/a> de la province de Malaga.<\/p>\n<h3><span class=\"ez-toc-section\" id=\"Parc_national_de_la_Sierra_de_las_Nieves_de_Malaga\"><\/span>Parc national de la Sierra de las Nieves de Malaga<span class=\"ez-toc-section-end\"><\/span><\/h3>\n<figure id=\"attachment_8263\" aria-describedby=\"caption-attachment-8263\" style=\"width: 618px\" class=\"wp-caption alignnone\"><img loading=\"lazy\" decoding=\"async\" class=\" wp-image-8263\" src=\"https:\/\/www.malagacar.com\/blog\/wp-content\/uploads\/2021\/09\/Sierra-de-las-Nieves-Foto-David-Garcia-Rogriguez.jpg\" alt=\"\" width=\"618\" height=\"411\" \/><figcaption id=\"caption-attachment-8263\" class=\"wp-caption-text\">Photo David Garc\u00eda Rogriguez<\/figcaption><\/figure>\n<p>La <a href=\"https:\/\/www.malagacar.com\/fr\/blog\/loisirs\/parc-national-sierra-de-las-nieves\/\" data-wpel-link=\"internal\"><strong>Sierra de las Nieves<\/strong><\/a> est la partie la plus \u00e9lev\u00e9e de la Serran\u00eda de Ronda. Elle abrite les plus hautes montagnes de l&rsquo;Andalousie occidentale, le pic Torrecilla, qui culmine \u00e0 1 919 m\u00e8tres au-dessus du niveau de la mer et o\u00f9 il neige g\u00e9n\u00e9ralement en hiver, d&rsquo;o\u00f9 son nom.<\/p>\n<h3><span class=\"ez-toc-section\" id=\"Visite_du_spectaculaire_Torcal_de_Antequera\"><\/span>Visite du spectaculaire Torcal de Antequera<span class=\"ez-toc-section-end\"><\/span><\/h3>\n<figure id=\"attachment_8506\" aria-describedby=\"caption-attachment-8506\" style=\"width: 620px\" class=\"wp-caption alignnone\"><img loading=\"lazy\" decoding=\"async\" class=\" wp-image-8506\" src=\"https:\/\/www.malagacar.com\/blog\/wp-content\/uploads\/2020\/01\/Pauline-Majury-Torcal-1024x576-1.jpg\" alt=\"\" width=\"620\" height=\"349\" \/><figcaption id=\"caption-attachment-8506\" class=\"wp-caption-text\">Photo courtoisie de notre client<\/figcaption><\/figure>\n<p>Si vous \u00eates un amoureux de la nature, vous ne devez absolument pas manquer cette visite : Les spectaculaires formations rocheuses d&rsquo;<a href=\"https:\/\/www.malagacar.com\/fr\/blog\/loisirs\/torcal-de-antequera\/\" data-wpel-link=\"internal\"><strong>El Torcal \u00e0 Antequera<\/strong><\/a>, un paysage fantastique \u00e0 1 200 m\u00e8tres au-dessus du niveau de la mer.<\/p>\n<h3><span class=\"ez-toc-section\" id=\"Les_meilleurs_reservoirs_de_Malaga\"><\/span>Les meilleurs r\u00e9servoirs de Malaga<span class=\"ez-toc-section-end\"><\/span><\/h3>\n<figure id=\"attachment_7947\" aria-describedby=\"caption-attachment-7947\" style=\"width: 622px\" class=\"wp-caption alignnone\"><img loading=\"lazy\" decoding=\"async\" class=\"wp-image-7947\" src=\"https:\/\/www.malagacar.com\/blog\/wp-content\/uploads\/2021\/06\/Istan-costadelsol-eco-medioambiente-1024x663.jpg\" alt=\"R\u00e9servoir de La Concepci\u00f3n. Guide Costa del Sol\" width=\"622\" height=\"403\" \/><figcaption id=\"caption-attachment-7947\" class=\"wp-caption-text\">R\u00e9servoir de La Concepci\u00f3n<\/figcaption><\/figure>\n<p>Les r\u00e9servoirs de Malaga sont id\u00e9aux \u00e0 n&rsquo;importe quelle saison de l&rsquo;ann\u00e9e.<\/p>\n<p>On peut y pratiquer de multiples activit\u00e9s telles que la randonn\u00e9e, le cyclisme. Ou se rafra\u00eechir pendant l&rsquo;\u00e9t\u00e9 et pratiquer des sports nautiques, loin des foules de la c\u00f4te, dans un environnement privil\u00e9gi\u00e9.<\/p>\n<p>D\u00e9couvrez avec nous les <a href=\"https:\/\/www.malagacar.com\/fr\/blog\/loisirs\/reservoirs-de-malaga\/\" data-wpel-link=\"internal\"><strong>meilleures r\u00e9servoirs de Malaga<\/strong><\/a> !<\/p>\n<h3><span class=\"ez-toc-section\" id=\"Choses_a_faire_a_Malaga_en_automne\"><\/span>Choses \u00e0 faire \u00e0 Malaga en automne<span class=\"ez-toc-section-end\"><\/span><\/h3>\n<p><a href=\"https:\/\/www.malagacar.com\/fr\/blog\/loisirs\/escapades-a-malaga\/\" data-wpel-link=\"internal\"><img loading=\"lazy\" decoding=\"async\" class=\"alignnone wp-image-709\" src=\"https:\/\/www.malagacar.com\/fr\/blog\/wp-content\/uploads\/2023\/10\/escapades-a-malaga.jpg\" alt=\"escapades \u00e0 Malaga\" width=\"999\" height=\"749\" srcset=\"https:\/\/www.malagacar.com\/fr\/blog\/wp-content\/uploads\/2023\/10\/escapades-a-malaga.jpg 1440w, https:\/\/www.malagacar.com\/fr\/blog\/wp-content\/uploads\/2023\/10\/escapades-a-malaga-300x225.jpg 300w, https:\/\/www.malagacar.com\/fr\/blog\/wp-content\/uploads\/2023\/10\/escapades-a-malaga-1024x768.jpg 1024w, https:\/\/www.malagacar.com\/fr\/blog\/wp-content\/uploads\/2023\/10\/escapades-a-malaga-768x576.jpg 768w\" sizes=\"auto, (max-width: 999px) 100vw, 999px\" \/><\/a><\/p>\n<p>Malaga en automne n&rsquo;a rien \u00e0 voir avec les automnes du nord de l&rsquo;Europe.<\/p>\n<p>Ici, les temp\u00e9ratures restent excellentes, m\u00eame au \u00ab milieu de l&rsquo;hiver \u00bb. C&rsquo;est le moment id\u00e9al pour pratiquer un tourisme actif et d&rsquo;aventure, d\u00e9couvrir Malaga ou les villages blancs d&rsquo;origine arabe&#8230; <a href=\"https:\/\/www.malagacar.com\/fr\/blog\/loisirs\/escapades-a-malaga\/\" data-wpel-link=\"internal\"><strong>\u00c0 vous de choisir<\/strong><\/a> !<\/p>\n<h3><span class=\"ez-toc-section\" id=\"Les_meilleurs_itineraires_a_moto_a_Malaga_et_sur_la_Costa_del_Sol\"><\/span>Les meilleurs itin\u00e9raires \u00e0 moto \u00e0 Malaga et sur la Costa del Sol<span class=\"ez-toc-section-end\"><\/span><\/h3>\n<p><a href=\"https:\/\/www.malagacar.com\/fr\/blog\/loisirs\/itineraires-moto-malaga\/\" data-wpel-link=\"internal\"><img loading=\"lazy\" decoding=\"async\" class=\"alignnone size-full wp-image-554\" src=\"https:\/\/www.malagacar.com\/fr\/blog\/wp-content\/uploads\/2023\/05\/moto-routes-malaga-fr.jpg\" alt=\"Les meilleures routes \u00e0 moto en M\u00e1laga\" width=\"1200\" height=\"676\" srcset=\"https:\/\/www.malagacar.com\/fr\/blog\/wp-content\/uploads\/2023\/05\/moto-routes-malaga-fr.jpg 1200w, https:\/\/www.malagacar.com\/fr\/blog\/wp-content\/uploads\/2023\/05\/moto-routes-malaga-fr-300x169.jpg 300w, https:\/\/www.malagacar.com\/fr\/blog\/wp-content\/uploads\/2023\/05\/moto-routes-malaga-fr-1024x577.jpg 1024w, https:\/\/www.malagacar.com\/fr\/blog\/wp-content\/uploads\/2023\/05\/moto-routes-malaga-fr-768x433.jpg 768w\" sizes=\"auto, (max-width: 1200px) 100vw, 1200px\" \/><\/a><\/p>\n<p>Saviez-vous que Malagacar.com vous permet de louer des motos ? Sentez la libert\u00e9 et d\u00e9couvrez la province avec les<a href=\"https:\/\/www.malagacar.com\/fr\/blog\/loisirs\/itineraires-moto-malaga\/\" data-wpel-link=\"internal\"><strong> meilleurs itin\u00e9raires pour motos<\/strong> <\/a>!<\/p>\n<h3><span class=\"ez-toc-section\" id=\"Decouvrez_Sierra_Nevada_en_voiture\"><\/span>D\u00e9couvrez Sierra Nevada en voiture<span class=\"ez-toc-section-end\"><\/span><\/h3>\n<p><a href=\"https:\/\/www.malagacar.com\/fr\/blog\/loisirs\/decouvrez-sierra-nevada-en-voiture\/\" data-wpel-link=\"internal\"><img loading=\"lazy\" decoding=\"async\" class=\"alignnone size-full wp-image-743\" src=\"https:\/\/www.malagacar.com\/fr\/blog\/wp-content\/uploads\/2023\/10\/sierranevada-fr.jpg\" alt=\"Sierra Nevada\" width=\"1000\" height=\"563\" srcset=\"https:\/\/www.malagacar.com\/fr\/blog\/wp-content\/uploads\/2023\/10\/sierranevada-fr.jpg 1000w, https:\/\/www.malagacar.com\/fr\/blog\/wp-content\/uploads\/2023\/10\/sierranevada-fr-300x169.jpg 300w, https:\/\/www.malagacar.com\/fr\/blog\/wp-content\/uploads\/2023\/10\/sierranevada-fr-768x432.jpg 768w\" sizes=\"auto, (max-width: 1000px) 100vw, 1000px\" \/><\/a><\/p>\n<p>Dans notre guide de la Costa del Sol, nous pr\u00e9sentons \u00e9galement des lieux int\u00e9ressants en dehors de la province de Malaga. \u00c0 moins de deux heures de route de Malaga et de la mer M\u00e9diterran\u00e9e se trouvent les plus hauts sommets de la p\u00e9ninsule, la majestueuse <a href=\"https:\/\/www.malagacar.com\/fr\/blog\/loisirs\/decouvrez-sierra-nevada-en-voiture\/\" data-wpel-link=\"internal\"><strong>Sierra Nevada<\/strong><\/a>.<\/p>\n<p>Elle abrite non seulement la station de ski la plus m\u00e9ridionale d&rsquo;Europe, mais le parc national de la Sierra Nevada est \u00e9galement une destination id\u00e9ale tout au long de l&rsquo;ann\u00e9e. D\u00e9couvrez-le en lisant notre article !<\/p>\n<h2><span class=\"ez-toc-section\" id=\"Location_de_voitures_a_laeroport_de_Malaga\"><\/span>Location de voitures \u00e0 l&rsquo;a\u00e9roport de Malaga<span class=\"ez-toc-section-end\"><\/span><\/h2>\n<p>Maintenant que vous savez quoi faire et o\u00f9 aller gr\u00e2ce \u00e0 notre guide de la Costa del Sol, vous aurez peut-\u00eatre besoin d&rsquo;une voiture. Nous pouvons vous aider !<\/p>\n<h3><span class=\"ez-toc-section\" id=\"Top_20_des_questions_les_plus_frequemment_posees_sur_la_location_de_voiture_a_laeroport_de_Malaga\"><\/span>Top 20 des questions les plus fr\u00e9quemment pos\u00e9es sur la location de voiture \u00e0 l&rsquo;a\u00e9roport de Malaga<span class=\"ez-toc-section-end\"><\/span><\/h3>\n<p><a href=\"https:\/\/www.malagacar.com\/fr\/blog\/location-de-voitures-a-malaga\/frequemment-posees-questions\/\" data-wpel-link=\"internal\"><img loading=\"lazy\" decoding=\"async\" class=\"alignnone wp-image-497\" src=\"https:\/\/www.malagacar.com\/fr\/blog\/wp-content\/uploads\/2023\/02\/preguntas-fr.jpg\" alt=\"malagacar.com. guide costa del sol\" width=\"1000\" height=\"750\" srcset=\"https:\/\/www.malagacar.com\/fr\/blog\/wp-content\/uploads\/2023\/02\/preguntas-fr.jpg 1280w, https:\/\/www.malagacar.com\/fr\/blog\/wp-content\/uploads\/2023\/02\/preguntas-fr-300x225.jpg 300w, https:\/\/www.malagacar.com\/fr\/blog\/wp-content\/uploads\/2023\/02\/preguntas-fr-1024x768.jpg 1024w, https:\/\/www.malagacar.com\/fr\/blog\/wp-content\/uploads\/2023\/02\/preguntas-fr-768x576.jpg 768w\" sizes=\"auto, (max-width: 1000px) 100vw, 1000px\" \/><\/a><\/p>\n<p>De nombreux visiteurs ont d\u00e9j\u00e0 lou\u00e9 une voiture avec nous. D&rsquo;autres ont encore des doutes sur la location de voiture \u00e0 Malaga.<\/p>\n<p>Dans notre article, nous r\u00e9pondons aux <a href=\"https:\/\/www.malagacar.com\/fr\/blog\/location-de-voitures-a-malaga\/frequemment-posees-questions\/\" data-wpel-link=\"internal\"><strong>questions les plus importantes<\/strong><\/a> en vous donnant tout ce que vous devez savoir pour profiter de votre voiture de location pendant vos vacances sur la Costa del Sol.<\/p>\n<h3><span class=\"ez-toc-section\" id=\"Louer_une_voiture_a_laeroport_de_Malaga_%E2%80%93_Evitez_les_supplements_caches\"><\/span>Louer une voiture \u00e0 l&rsquo;a\u00e9roport de Malaga &#8211; \u00c9vitez les suppl\u00e9ments cach\u00e9s !<span class=\"ez-toc-section-end\"><\/span><\/h3>\n<p>Personne ne veut payer un suppl\u00e9ment pour un service donn\u00e9. La location d&rsquo;une voiture \u00e0 l&rsquo;a\u00e9roport de Malaga a surtout acquis une mauvaise r\u00e9putation.<\/p>\n<p>Les clients sont souvent surpris par des frais qui ne sont pas clairement sp\u00e9cifi\u00e9s \u00e0 l&rsquo;avance ou qui ne sont pas d\u00e9taill\u00e9s dans le prix final suppos\u00e9.<\/p>\n<p><img loading=\"lazy\" decoding=\"async\" class=\"alignnone wp-image-9747\" src=\"https:\/\/www.malagacar.com\/blog\/wp-content\/uploads\/2022\/05\/fran.jpg\" alt=\"Malagacar.com\" width=\"620\" height=\"465\" \/><\/p>\n<p>Chez <a href=\"https:\/\/www.malagacar.com\/fr\/\" data-wpel-link=\"internal\"><strong>MalagaCar.com<\/strong><\/a>, nous aimons que les choses soient claires. Dans cet article, nous expliquons <a href=\"https:\/\/www.malagacar.com\/fr\/blog\/actualites\/eviter-couts-caches-location-de-voiture\/\" data-wpel-link=\"internal\"><strong>tout ce que vous devez savoir<\/strong><\/a> sur la location de voitures \u00e0 l&rsquo;a\u00e9roport de Malaga.<\/p>\n<h3><span class=\"ez-toc-section\" id=\"Location_de_camping-cars_a_laeroport_de_Malaga\"><\/span>Location de camping-cars \u00e0 l\u2019a\u00e9roport de Malaga<span class=\"ez-toc-section-end\"><\/span><\/h3>\n<p><a href=\"https:\/\/www.malagacar.com\/fr\/blog\/location-de-voitures-a-malaga\/location-campingcar-aeroport-malaga\/\" data-wpel-link=\"internal\"><img loading=\"lazy\" decoding=\"async\" class=\"alignnone\" src=\"https:\/\/www.malagacar.com\/blog\/wp-content\/uploads\/2020\/07\/malagacar-motorhome-vw-grand-california-600.jpg\" alt=\" Malagacar.com, guide Costa del Sol\" width=\"800\" height=\"450\" \/><\/a><\/p>\n<p>Choisir l&rsquo;endroit et la vue sur lesquels vous souhaitez vous r\u00e9veiller le lendemain matin n&rsquo;a pas de prix.<\/p>\n<p>En outre, son espace de rangement vous permet de transporter tout ce que vous voulez, tout en conservant la libert\u00e9 de mouvement maximale caract\u00e9ristique d&rsquo;un <a href=\"https:\/\/www.malagacar.com\/fr\/blog\/location-de-voitures-a-malaga\/location-campingcar-aeroport-malaga\/\" data-wpel-link=\"internal\"><strong>camping-car<\/strong><\/a>.<\/p>\n<h3><span class=\"ez-toc-section\" id=\"Location_de_voitures_de_luxe_a_laeroport_de_Malaga\"><\/span>Location de voitures de luxe \u00e0 l\u2019a\u00e9roport de Malaga<span class=\"ez-toc-section-end\"><\/span><\/h3>\n<figure id=\"attachment_7976\" aria-describedby=\"caption-attachment-7976\" style=\"width: 750px\" class=\"wp-caption alignnone\"><img loading=\"lazy\" decoding=\"async\" class=\"wp-image-7976 size-large\" src=\"https:\/\/www.malagacar.com\/blog\/wp-content\/uploads\/2021\/07\/cabrio-1024x405.jpg\" alt=\"luxury car hire Mlaga\" width=\"750\" height=\"297\" \/><figcaption id=\"caption-attachment-7976\" class=\"wp-caption-text\">La Cabrio est le bon choix tout au long de l&rsquo;ann\u00e9e sur la Costa del Sol<\/figcaption><\/figure>\n<p>Vous voulez profiter de vos vacances sur la Costa del Sol avec style, ou montrer une belle voiture, profiter de la meilleure qualit\u00e9 avec votre famille, votre partenaire ou vos amis ?<\/p>\n<p>\u00c0 MalagaCar.com, nous sommes ravis de vous offrir une excellente <a href=\"https:\/\/www.malagacar.com\/fr\/blog\/location-de-voitures-a-malaga\/luxe\/\" data-wpel-link=\"internal\"><strong>location de voitures de luxe \u00e0 l&rsquo;a\u00e9roport de Malaga<\/strong><\/a>.<\/p>\n<h3><span class=\"ez-toc-section\" id=\"De_quels_documents_ai-je_besoin_pour_louer_une_voiture_a_Malaga\"><\/span>De quels documents ai-je besoin pour louer une voiture \u00e0 Malaga ?<span class=\"ez-toc-section-end\"><\/span><\/h3>\n<p><a href=\"https:\/\/www.malagacar.com\/fr\/blog\/location-de-voitures-a-malaga\/documents-location-voiture\/\" data-wpel-link=\"internal\"><img loading=\"lazy\" decoding=\"async\" class=\"alignnone wp-image-1182\" src=\"https:\/\/www.malagacar.com\/fr\/blog\/wp-content\/uploads\/2024\/04\/Gibraltar-at-El-Velerin-Estepona-Penny-Proger-scaled.jpg\" alt=\"documents location voiture malaga, guide Costa del Sol\" width=\"951\" height=\"713\" srcset=\"https:\/\/www.malagacar.com\/fr\/blog\/wp-content\/uploads\/2024\/04\/Gibraltar-at-El-Velerin-Estepona-Penny-Proger-scaled.jpg 2560w, https:\/\/www.malagacar.com\/fr\/blog\/wp-content\/uploads\/2024\/04\/Gibraltar-at-El-Velerin-Estepona-Penny-Proger-300x225.jpg 300w, https:\/\/www.malagacar.com\/fr\/blog\/wp-content\/uploads\/2024\/04\/Gibraltar-at-El-Velerin-Estepona-Penny-Proger-1024x768.jpg 1024w, https:\/\/www.malagacar.com\/fr\/blog\/wp-content\/uploads\/2024\/04\/Gibraltar-at-El-Velerin-Estepona-Penny-Proger-768x576.jpg 768w, https:\/\/www.malagacar.com\/fr\/blog\/wp-content\/uploads\/2024\/04\/Gibraltar-at-El-Velerin-Estepona-Penny-Proger-1536x1152.jpg 1536w, https:\/\/www.malagacar.com\/fr\/blog\/wp-content\/uploads\/2024\/04\/Gibraltar-at-El-Velerin-Estepona-Penny-Proger-2048x1536.jpg 2048w\" sizes=\"auto, (max-width: 951px) 100vw, 951px\" \/><\/a><\/p>\n<p>Si vous envisagez de louer une voiture \u00e0 l&rsquo;a\u00e9roport de Malaga, c&rsquo;est probablement l&rsquo;une des questions que vous vous posez.<\/p>\n<p>Chez MalagaCar.com, nous sommes heureux de vous r\u00e9pondre en d\u00e9tail avec <a href=\"https:\/\/www.malagacar.com\/fr\/blog\/location-de-voitures-a-malaga\/documents-location-voiture\/\" data-wpel-link=\"internal\"><strong>tout ce que vous avez besoin de savoir<\/strong><\/a> !<\/p>\n<h3><span class=\"ez-toc-section\" id=\"3_Conseils_faciles_pour_votre_assistance_routiere_avec_Malagacarcom\"><\/span>3 Conseils faciles pour votre assistance routi\u00e8re avec Malagacar.com<span class=\"ez-toc-section-end\"><\/span><\/h3>\n<p><a href=\"https:\/\/www.malagacar.com\/fr\/blog\/location-de-voitures-a-malaga\/assistance-en-route\/\" data-wpel-link=\"internal\"><img loading=\"lazy\" decoding=\"async\" class=\"alignnone\" src=\"https:\/\/www.malagacar.com\/blog\/wp-content\/uploads\/2022\/04\/bono-codigo-qr-768x608-1.jpg\" alt=\"Malagacar.com\" width=\"768\" height=\"608\" \/><\/a><\/p>\n<p>Il arrive parfois que des incidents surviennent et n\u00e9cessitent une assistance routi\u00e8re.<\/p>\n<p>Il peut s&rsquo;agir de choses aussi simples qu&rsquo;une batterie d\u00e9charg\u00e9e ou une crevaison, qui peuvent soudainement vous placer dans une situation stressante. D&rsquo;autant plus si vous \u00eates \u00e0 l&rsquo;\u00e9tranger ou dans une ville inconnue.<\/p>\n<p>Nous avons pens\u00e9 \u00e0 vous, pour vous <a href=\"https:\/\/www.malagacar.com\/fr\/blog\/location-de-voitures-a-malaga\/assistance-en-route\/\" data-wpel-link=\"internal\"><strong>offrir la solution la meilleure et la plus rapide<\/strong><\/a> dans un tel cas !<\/p>\n<h3><span class=\"ez-toc-section\" id=\"Pourquoi_notre_FULL_Pack_noffre_que_des_avantages\"><\/span>Pourquoi notre FULL Pack n\u2019offre que des avantages<span class=\"ez-toc-section-end\"><\/span><\/h3>\n<p><img loading=\"lazy\" decoding=\"async\" class=\"alignnone\" src=\"https:\/\/www.malagacar.com\/sp\/blog\/wp-content\/uploads\/2020\/01\/Towards-nerja-Rebecca-cooper.jpg\" alt=\" malagacar.com, guide Costa del Sol\" width=\"666\" height=\"888\" \/><\/p>\n<p>Dans cet article, nous vous fournissons toutes les informations sur notre service lorsque vous <a href=\"https:\/\/www.malagacar.com\/fr\/blog\/location-de-voitures-a-malaga\/tout-sur-notre-full-pack\/\" data-wpel-link=\"internal\"><strong>r\u00e9servez un Full pack<\/strong><\/a>\u00a0 : Combien de temps prend la paperasserie et tout ce que vous voulez savoir, surtout si c&rsquo;est la premi\u00e8re fois que vous louez votre MalagaCar avec nous !<\/p>\n<h3><span class=\"ez-toc-section\" id=\"Reduction_MalagaCarcom_Programme_de_fidelite_client\"><\/span>R\u00e9duction MalagaCar.com\u00a0: Programme de fid\u00e9lit\u00e9 client<span class=\"ez-toc-section-end\"><\/span><\/h3>\n<p><img loading=\"lazy\" decoding=\"async\" class=\"alignnone size-full wp-image-3148\" src=\"https:\/\/www.malagacar.com\/fr\/blog\/wp-content\/uploads\/2026\/01\/discount-vouchers.jpg\" alt=\"malagacar.com\" width=\"1200\" height=\"611\" srcset=\"https:\/\/www.malagacar.com\/fr\/blog\/wp-content\/uploads\/2026\/01\/discount-vouchers.jpg 1200w, https:\/\/www.malagacar.com\/fr\/blog\/wp-content\/uploads\/2026\/01\/discount-vouchers-300x153.jpg 300w, https:\/\/www.malagacar.com\/fr\/blog\/wp-content\/uploads\/2026\/01\/discount-vouchers-1024x521.jpg 1024w, https:\/\/www.malagacar.com\/fr\/blog\/wp-content\/uploads\/2026\/01\/discount-vouchers-768x391.jpg 768w\" sizes=\"auto, (max-width: 1200px) 100vw, 1200px\" \/><\/p>\n<p>Saviez-vous qu&rsquo;\u00eatre client de Malagacar.com vous offre des avantages ? D\u00e9couvrez comment \u00e9conomiser gr\u00e2ce \u00e0 notre <a href=\"https:\/\/www.malagacar.com\/fr\/blog\/location-de-voitures-a-malaga\/reduction-redevance-malagacar\/\" data-wpel-link=\"internal\"><strong>programme de fid\u00e9lit\u00e9<\/strong><\/a> !<\/p>\n<h2><span class=\"ez-toc-section\" id=\"Conseils_pour_conduire_a_Malaga\"><\/span>Conseils pour conduire \u00e0 Malaga<span class=\"ez-toc-section-end\"><\/span><\/h2>\n<h3><span class=\"ez-toc-section\" id=\"Se_rendre_a_Marbella_depuis_laeroport_de_Malaga\"><\/span>Se rendre \u00e0 Marbella depuis l&rsquo;a\u00e9roport de Malaga<span class=\"ez-toc-section-end\"><\/span><\/h3>\n<p><a href=\"https:\/\/www.malagacar.com\/fr\/blog\/conseils\/a-marbella-depuis-laeroport-de-malaga\/\" data-wpel-link=\"internal\"><img loading=\"lazy\" decoding=\"async\" class=\"alignnone size-full wp-image-2163\" src=\"https:\/\/www.malagacar.com\/fr\/blog\/wp-content\/uploads\/2025\/02\/marbella-gps.jpg\" alt=\"Se rendre \u00e0 Marbella depuis l'a\u00e9roport de Malaga\" width=\"640\" height=\"340\" srcset=\"https:\/\/www.malagacar.com\/fr\/blog\/wp-content\/uploads\/2025\/02\/marbella-gps.jpg 640w, https:\/\/www.malagacar.com\/fr\/blog\/wp-content\/uploads\/2025\/02\/marbella-gps-300x159.jpg 300w\" sizes=\"auto, (max-width: 640px) 100vw, 640px\" \/><\/a><\/p>\n<p>Vous partez en vacances \u00e0 Marbella cette ann\u00e9e ? Renseignez-vous sur les routes et le trafic pour <a href=\"https:\/\/www.malagacar.com\/fr\/blog\/conseils\/a-marbella-depuis-laeroport-de-malaga\/\" data-wpel-link=\"internal\"><strong>arriver \u00e0 destination le plus confortablement possible<\/strong><\/a>.<\/p>\n<h3><span class=\"ez-toc-section\" id=\"Proteger_voiture_en_inondation_tempete_Conseils_importants\"><\/span>Prot\u00e9ger voiture en inondation &amp; temp\u00eate. Conseils importants<span class=\"ez-toc-section-end\"><\/span><\/h3>\n<p><a href=\"https:\/\/www.malagacar.com\/fr\/blog\/malaga\/proteger-voiture-tempete\/%20\" data-wpel-link=\"internal\"><img loading=\"lazy\" decoding=\"async\" class=\"alignnone size-full wp-image-2129\" src=\"https:\/\/www.malagacar.com\/fr\/blog\/wp-content\/uploads\/2025\/01\/tormenta-coche.jpg\" alt=\"Prot\u00e9ger voiture\" width=\"1000\" height=\"569\" srcset=\"https:\/\/www.malagacar.com\/fr\/blog\/wp-content\/uploads\/2025\/01\/tormenta-coche.jpg 1000w, https:\/\/www.malagacar.com\/fr\/blog\/wp-content\/uploads\/2025\/01\/tormenta-coche-300x171.jpg 300w, https:\/\/www.malagacar.com\/fr\/blog\/wp-content\/uploads\/2025\/01\/tormenta-coche-768x437.jpg 768w\" sizes=\"auto, (max-width: 1000px) 100vw, 1000px\" \/><\/a><\/p>\n<p>Aujourd&rsquo;hui, il pleut rarement \u00e0 Malaga. Cependant, lorsqu&rsquo;il pleut enfin, ce n&rsquo;est pas de la pluie qu&rsquo;il s&rsquo;agit. Il pleut \u00e0 verse. C&rsquo;est pourquoi, chaque ann\u00e9e, des pluies torrentielles se produisent \u00e0 Malaga.<\/p>\n<p>Dans cet article, nous vous donnons de pr\u00e9cieux conseils sur la fa\u00e7on de <a href=\"https:\/\/www.malagacar.com\/fr\/blog\/malaga\/proteger-voiture-tempete\/\" data-wpel-link=\"internal\"><strong>prot\u00e9ger votre voiture en cas de mauvais temps<\/strong><\/a>.<\/p>\n<h3><span class=\"ez-toc-section\" id=\"Conduire_a_Malaga_est-il_difficile_Suivre_ces_conseils_simples\"><\/span>Conduire \u00e0 Malaga est-il difficile ? Suivre ces conseils simples<span class=\"ez-toc-section-end\"><\/span><\/h3>\n<p><a href=\"conduire\" data-wpel-link=\"internal\"><img loading=\"lazy\" decoding=\"async\" class=\"alignnone wp-image-12412 size-full\" src=\"https:\/\/www.malagacar.com\/sp\/blog\/wp-content\/uploads\/2014\/01\/Barranco-del-Sol-Amanda-Britton.jpg\" alt=\"malagacar.com, guide Costa del Sol\" width=\"1200\" height=\"584\" \/><\/a><\/p>\n<p>Est-il dangereux de <a href=\"https:\/\/www.malagacar.com\/fr\/blog\/astuces-de-voyage\/conduire-a-malaga-conseils\/\" data-wpel-link=\"internal\"><strong>conduire \u00e0 Malaga<\/strong><\/a>, les routes sont-elles s\u00fbres et comment les habitants conduisent-ils ?<\/p>\n<p>Ce sont des questions que l&rsquo;on se pose souvent lorsqu&rsquo;on loue une voiture \u00e0 Malaga. Surtout si vous n&rsquo;avez jamais visit\u00e9 la Costa del Sol auparavant.<\/p>\n<h3><span class=\"ez-toc-section\" id=\"Conseils_pour_conduire_en_ete_a_Malaga\"><\/span>Conseils pour conduire en \u00e9t\u00e9 \u00e0 Malaga<span class=\"ez-toc-section-end\"><\/span><\/h3>\n<p><a href=\"https:\/\/www.malagacar.com\/fr\/blog\/astuces-de-voyage\/conduire-en-ete\/\" data-wpel-link=\"internal\"><img loading=\"lazy\" decoding=\"async\" class=\"alignnone wp-image-10159\" src=\"https:\/\/www.malagacar.com\/blog\/wp-content\/uploads\/2016\/04\/Playa-el-alicate-Line-de-Baerdemaecker.jpg\" alt=\"Malagacar.com, guide Costa del Sol\" width=\"531\" height=\"783\" \/><\/a><\/p>\n<p>Avec les temp\u00e9ratures \u00e9lev\u00e9es qui r\u00e8gnent dans le sud de l&rsquo;Espagne, il convient de se m\u00e9nager et de faire preuve d&rsquo;une bonne dose d&rsquo;humour. En outre, nous avons pr\u00e9par\u00e9 une s\u00e9rie de <a href=\"https:\/\/www.malagacar.com\/fr\/blog\/astuces-de-voyage\/conduire-en-ete\/\" data-wpel-link=\"internal\"><strong>conseils utiles<\/strong><\/a> pour une conduite agr\u00e9able et s\u00fbre.<\/p>\n<h3><span class=\"ez-toc-section\" id=\"Autoroute_de_la_Mediterranee_a_Malaga_A-7_versus_AP-7\"><\/span>Autoroute de la M\u00e9diterran\u00e9e \u00e0 Malaga : A-7 versus AP-7<span class=\"ez-toc-section-end\"><\/span><\/h3>\n<p><a href=\"https:\/\/www.malagacar.com\/fr\/blog\/astuces-de-voyage\/autoroute-de-la-mediterranee-a-malaga-a-7-versus-ap-7\/\" data-wpel-link=\"internal\"><img loading=\"lazy\" decoding=\"async\" class=\"alignnone wp-image-913\" src=\"https:\/\/www.malagacar.com\/fr\/blog\/wp-content\/uploads\/2024\/01\/autovia-mediterraneo-fr.jpg\" alt=\"Autoroute de la M\u00e9diterran\u00e9e, guide Costa del Sol\" width=\"1001\" height=\"488\" srcset=\"https:\/\/www.malagacar.com\/fr\/blog\/wp-content\/uploads\/2024\/01\/autovia-mediterraneo-fr.jpg 1280w, https:\/\/www.malagacar.com\/fr\/blog\/wp-content\/uploads\/2024\/01\/autovia-mediterraneo-fr-300x146.jpg 300w, https:\/\/www.malagacar.com\/fr\/blog\/wp-content\/uploads\/2024\/01\/autovia-mediterraneo-fr-1024x499.jpg 1024w, https:\/\/www.malagacar.com\/fr\/blog\/wp-content\/uploads\/2024\/01\/autovia-mediterraneo-fr-768x374.jpg 768w\" sizes=\"auto, (max-width: 1001px) 100vw, 1001px\" \/><\/a><\/p>\n<p>Pour se rendre en voiture de l&rsquo;a\u00e9roport de Malaga \u00e0 l&rsquo;une des stations baln\u00e9aires de la Costa del Sol occidentale, il existe essentiellement deux fa\u00e7ons d&#8217;emprunter l&rsquo;Autov\u00eda del Mediterr\u00e1neo : soit l&rsquo;autoroute gratuite (A-7), soit l&rsquo;autoroute \u00e0 p\u00e9age (AP-7).<\/p>\n<p>Nous examinerons les <a href=\"https:\/\/www.malagacar.com\/fr\/blog\/astuces-de-voyage\/autoroute-de-la-mediterranee-a-malaga-a-7-versus-ap-7\/\" data-wpel-link=\"internal\"><strong>avantages, les inconv\u00e9nients et les prix<\/strong><\/a> en fonction de la saison.<\/p>\n<h3><span class=\"ez-toc-section\" id=\"Radars_a_Malaga\"><\/span>Radars \u00e0 Malaga<span class=\"ez-toc-section-end\"><\/span><\/h3>\n<p><a href=\"https:\/\/www.malagacar.com\/fr\/blog\/actualites\/carte-radars-malaga\/\" data-wpel-link=\"internal\"><img loading=\"lazy\" decoding=\"async\" class=\"alignnone size-full wp-image-634\" src=\"https:\/\/www.malagacar.com\/fr\/blog\/wp-content\/uploads\/2023\/08\/carte-radars-malaga.jpg\" alt=\"Carte Radars \u00e0 Malaga\" width=\"1200\" height=\"801\" srcset=\"https:\/\/www.malagacar.com\/fr\/blog\/wp-content\/uploads\/2023\/08\/carte-radars-malaga.jpg 1200w, https:\/\/www.malagacar.com\/fr\/blog\/wp-content\/uploads\/2023\/08\/carte-radars-malaga-300x200.jpg 300w, https:\/\/www.malagacar.com\/fr\/blog\/wp-content\/uploads\/2023\/08\/carte-radars-malaga-1024x684.jpg 1024w, https:\/\/www.malagacar.com\/fr\/blog\/wp-content\/uploads\/2023\/08\/carte-radars-malaga-768x513.jpg 768w\" sizes=\"auto, (max-width: 1200px) 100vw, 1200px\" \/><\/a><\/p>\n<p>Il convient de tenir compte de l&#8217;emplacement des radars fixes, des radars extensibles et des radars mobiles cach\u00e9s. <a href=\"https:\/\/www.malagacar.com\/fr\/blog\/actualites\/carte-radars-malaga\/\" data-wpel-link=\"internal\"><strong>Radars dans la province de Malaga<\/strong><\/a>.<\/p>\n<h3><span class=\"ez-toc-section\" id=\"Amendes_de_circulation_a_Malaga\"><\/span>Amendes de circulation \u00e0 Malaga<span class=\"ez-toc-section-end\"><\/span><\/h3>\n<p><a href=\"https:\/\/www.malagacar.com\/fr\/blog\/actualites\/amendes-circulation-malaga\/\" data-wpel-link=\"internal\"><img loading=\"lazy\" decoding=\"async\" class=\"alignnone wp-image-9154\" src=\"https:\/\/www.malagacar.com\/blog\/wp-content\/uploads\/2022\/03\/radar-marbs.jpg\" alt=\"\" width=\"623\" height=\"350\" \/><\/a><\/p>\n<p>Nous vous proposons ici un petit rappel des <a href=\"https:\/\/www.malagacar.com\/fr\/blog\/actualites\/amendes-circulation-malaga\/\" data-wpel-link=\"internal\"><strong>amendes sur les routes espagnoles<\/strong><\/a>, en plus de l&rsquo;\u00e9vidence : ne pas enfreindre la loi co\u00fbte moins cher !<\/p>\n<p>D\u00e9couvrons les amendes les plus courantes \u00e0 Malaga et les p\u00e9nalit\u00e9s. Et comment payer une amende avec une voiture de location.<\/p>\n<h3><span class=\"ez-toc-section\" id=\"Les_amendes_dete_typiques_au_volant_en_Espagne_%E2%80%93_Mythes_et_faits\"><\/span>Les amendes d&rsquo;\u00e9t\u00e9 typiques au volant en Espagne &#8211; Mythes et faits<span class=\"ez-toc-section-end\"><\/span><\/h3>\n<p><a href=\"https:\/\/www.malagacar.com\/fr\/blog\/astuces-de-voyage\/amendes-ete-typiques\/\" data-wpel-link=\"internal\"><img loading=\"lazy\" decoding=\"async\" class=\"alignnone wp-image-1414 size-full\" src=\"https:\/\/www.malagacar.com\/fr\/blog\/wp-content\/uploads\/2024\/06\/multas-fr.jpg\" alt=\"Amendes les plus fr\u00e9quentes en \u00e9t\u00e9, guide Costa del Sol\" width=\"1050\" height=\"700\" srcset=\"https:\/\/www.malagacar.com\/fr\/blog\/wp-content\/uploads\/2024\/06\/multas-fr.jpg 1050w, https:\/\/www.malagacar.com\/fr\/blog\/wp-content\/uploads\/2024\/06\/multas-fr-300x200.jpg 300w, https:\/\/www.malagacar.com\/fr\/blog\/wp-content\/uploads\/2024\/06\/multas-fr-1024x683.jpg 1024w, https:\/\/www.malagacar.com\/fr\/blog\/wp-content\/uploads\/2024\/06\/multas-fr-768x512.jpg 768w\" sizes=\"auto, (max-width: 1050px) 100vw, 1050px\" \/><\/a><\/p>\n<p>Chaque \u00e9t\u00e9, lorsque la chaleur monte \u00e0 Malaga, nous nous posons toujours les m\u00eames questions : Puis-je conduire en tongs ? Torse nu ? En bikini ? Puis-je boire de l&rsquo;eau en conduisant ? Ou d\u00e9guster une glace rafra\u00eechissante au volant ?<\/p>\n<p><a href=\"https:\/\/www.malagacar.com\/fr\/blog\/astuces-de-voyage\/amendes-ete-typiques\/\" data-wpel-link=\"internal\"><strong>D\u00e9couvrez ce qu&rsquo;il ne faut pas faire<\/strong><\/a> si vous pr\u00e9f\u00e9rez d\u00e9penser votre argent dans un bar de plage plut\u00f4t que de payer une amende.<\/p>\n<h3><span class=\"ez-toc-section\" id=\"Amendes_hivernales_a_Malaga\"><\/span>Amendes hivernales \u00e0 Malaga<span class=\"ez-toc-section-end\"><\/span><\/h3>\n<p><a href=\"https:\/\/www.malagacar.com\/fr\/blog\/conseils\/amendes-hivernales-malaga\/ \" data-wpel-link=\"internal\"><img loading=\"lazy\" decoding=\"async\" class=\"alignnone wp-image-3098 size-full\" src=\"https:\/\/www.malagacar.com\/fr\/blog\/wp-content\/uploads\/2025\/12\/multas-invierno-fr.jpg\" alt=\"Amendes hivernales \u00e0 Malaga\" width=\"1000\" height=\"685\" srcset=\"https:\/\/www.malagacar.com\/fr\/blog\/wp-content\/uploads\/2025\/12\/multas-invierno-fr.jpg 1000w, https:\/\/www.malagacar.com\/fr\/blog\/wp-content\/uploads\/2025\/12\/multas-invierno-fr-300x206.jpg 300w, https:\/\/www.malagacar.com\/fr\/blog\/wp-content\/uploads\/2025\/12\/multas-invierno-fr-768x526.jpg 768w\" sizes=\"auto, (max-width: 1000px) 100vw, 1000px\" \/><\/a><\/p>\n<p>Sachant que la Costa del Sol est l&rsquo;endroit le plus chaud et le plus ensoleill\u00e9 d&rsquo;Europe, cet article sur les amendes pour <a href=\"https:\/\/www.malagacar.com\/fr\/blog\/conseils\/amendes-hivernales-malaga\/\" data-wpel-link=\"internal\"><strong>amendes hivernales \u00e0 Malaga<\/strong><\/a> pourrait vous surprendre.<\/p>\n<h3><span class=\"ez-toc-section\" id=\"Zone_a_faibles_emissions_de_Malaga_%E2%80%93_Tout_ce_que_vous_devez_savoir\"><\/span>Zone \u00e0 faibles \u00e9missions de Malaga \u2013 Tout ce que vous devez savoir<span class=\"ez-toc-section-end\"><\/span><\/h3>\n<p><a href=\"https:\/\/www.malagacar.com\/fr\/blog\/astuces-de-voyage\/zone-a-faible-emission-malaga\/\" data-wpel-link=\"internal\"><img loading=\"lazy\" decoding=\"async\" class=\"alignnone wp-image-469\" src=\"https:\/\/www.malagacar.com\/fr\/blog\/wp-content\/uploads\/2023\/02\/zbe-fr.jpg\" alt=\"\" width=\"1026\" height=\"684\" srcset=\"https:\/\/www.malagacar.com\/fr\/blog\/wp-content\/uploads\/2023\/02\/zbe-fr.jpg 1280w, https:\/\/www.malagacar.com\/fr\/blog\/wp-content\/uploads\/2023\/02\/zbe-fr-300x200.jpg 300w, https:\/\/www.malagacar.com\/fr\/blog\/wp-content\/uploads\/2023\/02\/zbe-fr-1024x682.jpg 1024w, https:\/\/www.malagacar.com\/fr\/blog\/wp-content\/uploads\/2023\/02\/zbe-fr-768x512.jpg 768w\" sizes=\"auto, (max-width: 1026px) 100vw, 1026px\" \/><\/a><\/p>\n<p>\u00c0 partir de cette ann\u00e9e, la loi sur le changement climatique et la transition \u00e9nerg\u00e9tique sera mise en \u0153uvre dans les villes espagnoles de plus de 50 000 habitants. En quoi cette nouvelle loi vous concerne-t-elle lorsque vous vous d\u00e9placez dans votre commune ? <a href=\"https:\/\/www.malagacar.com\/fr\/blog\/astuces-de-voyage\/zone-a-faible-emission-malaga\/\" data-wpel-link=\"internal\"><strong>Tout ce qu&rsquo;il faut savoir<\/strong><\/a> dans notre article !<\/p>\n<h3><span class=\"ez-toc-section\" id=\"Nouvelles_regles_de_circulation_Espagne_2025\"><\/span>Nouvelles r\u00e8gles de circulation Espagne 2025<span class=\"ez-toc-section-end\"><\/span><\/h3>\n<p><a href=\"https:\/\/www.malagacar.com\/fr\/blog\/actualites\/regles-circulation-espagne\/\" data-wpel-link=\"internal\"><img loading=\"lazy\" decoding=\"async\" class=\"alignnone size-full wp-image-1921\" src=\"https:\/\/www.malagacar.com\/fr\/blog\/wp-content\/uploads\/2024\/12\/Limite-velocidad-D.jpg\" alt=\"r\u00e8gles de circulation Espagne\" width=\"1000\" height=\"666\" srcset=\"https:\/\/www.malagacar.com\/fr\/blog\/wp-content\/uploads\/2024\/12\/Limite-velocidad-D.jpg 1000w, https:\/\/www.malagacar.com\/fr\/blog\/wp-content\/uploads\/2024\/12\/Limite-velocidad-D-300x200.jpg 300w, https:\/\/www.malagacar.com\/fr\/blog\/wp-content\/uploads\/2024\/12\/Limite-velocidad-D-768x511.jpg 768w\" sizes=\"auto, (max-width: 1000px) 100vw, 1000px\" \/><\/a><\/p>\n<p>Tout ce que vous devez savoir sur les <a href=\"https:\/\/www.malagacar.com\/fr\/blog\/actualites\/regles-circulation-espagne\/\" data-wpel-link=\"internal\"><strong>nouvelles r\u00e8gles de circulation en Espagne<\/strong><\/a> qui entreront en vigueur le 1er janvier 2025. Tenez-vous inform\u00e9 en un coup d&rsquo;\u0153il de ce que vous devez savoir si vous conduisez en Espagne ou si vous visitez notre belle province de Malaga et la Costa del Sol.<\/p>\n<h2><span class=\"ez-toc-section\" id=\"Curiosites_de_Malaga\"><\/span>Curiosit\u00e9s de Malaga<span class=\"ez-toc-section-end\"><\/span><\/h2>\n<p>Il y a beaucoup de choses \u00e0 Malaga que m\u00eame les locaux ne connaissent pas. D\u00e9couvrez quelques-unes des curiosit\u00e9s de Malaga avec notre guide de la Costa del Sol.<\/p>\n<h3><span class=\"ez-toc-section\" id=\"Promenade_historique_dans_la_rue_Larios_a_Noel\"><\/span>Promenade historique dans la rue Larios \u00e0 No\u00ebl<span class=\"ez-toc-section-end\"><\/span><\/h3>\n<p><a href=\"https:\/\/www.malagacar.com\/fr\/blog\/malaga\/rue-larios-a-noel\/%20\" data-wpel-link=\"internal\"><img loading=\"lazy\" decoding=\"async\" class=\"alignnone size-full wp-image-1963\" src=\"https:\/\/www.malagacar.com\/fr\/blog\/wp-content\/uploads\/2024\/12\/calle-larios-sin-fecha.jpg\" alt=\"calle larios no\u00ebl\" width=\"620\" height=\"349\" srcset=\"https:\/\/www.malagacar.com\/fr\/blog\/wp-content\/uploads\/2024\/12\/calle-larios-sin-fecha.jpg 620w, https:\/\/www.malagacar.com\/fr\/blog\/wp-content\/uploads\/2024\/12\/calle-larios-sin-fecha-300x169.jpg 300w\" sizes=\"auto, (max-width: 620px) 100vw, 620px\" \/><\/a><\/p>\n<p>Faites-vous plaisir en vous promenant dans la rue <a href=\"https:\/\/www.malagacar.com\/fr\/blog\/malaga\/rue-larios-a-noel\/\" data-wpel-link=\"internal\"><strong>la plus c\u00e9l\u00e8bre de Malaga pendant la p\u00e9riode de No\u00ebl<\/strong><\/a>.<\/p>\n<p>&nbsp;<\/p>\n","protected":false},"excerpt":{"rendered":"<p>Que vous recherchiez le soleil et les plaisirs de la plage, que vous aimiez les escapades en ville \u00e0 Malaga, que vous d\u00e9couvriez les beaux coins de la province, que vous aimiez les sports d&rsquo;aventure&#8230; C&rsquo;est tout cela et bien plus encore que nous avons pr\u00e9par\u00e9 pour vous dans votre d\u00e9finitif guide de la Costa [&hellip;]<\/p>\n","protected":false},"author":1,"featured_media":1235,"comment_status":"open","ping_status":"open","sticky":false,"template":"","format":"standard","meta":{"footnotes":""},"categories":[43],"tags":[5,10],"class_list":["post-1234","post","type-post","status-publish","format-standard","has-post-thumbnail","hentry","category-astuces-de-voyage","tag-choses-a-faire","tag-costa-del-sol"],"yoast_head":"<!-- This site is optimized with the Yoast SEO plugin v28.4 - https:\/\/yoast.com\/product\/yoast-seo-wordpress\/ -->\n<title>Le guide ultime de la Costa del Sol - Blog de MalagaCar.com<\/title>\n<meta name=\"description\" content=\"Tout ce que vous devez savoir pour votre voyage \u00e0 Malaga dans notre guide Costa del Sol, avec oisirs, plages, excursions et plus encore.\" \/>\n<meta name=\"robots\" content=\"index, follow, max-snippet:-1, max-image-preview:large, max-video-preview:-1\" \/>\n<link rel=\"canonical\" href=\"https:\/\/www.malagacar.com\/fr\/blog\/astuces-de-voyage\/guide-costa-del-sol\/\" \/>\n<meta property=\"og:locale\" content=\"fr_FR\" \/>\n<meta property=\"og:type\" content=\"article\" \/>\n<meta property=\"og:title\" content=\"Le guide ultime de la Costa del Sol - Blog de MalagaCar.com\" \/>\n<meta property=\"og:description\" content=\"Tout ce que vous devez savoir pour votre voyage \u00e0 Malaga dans notre guide Costa del Sol, avec oisirs, plages, excursions et plus encore.\" \/>\n<meta property=\"og:url\" content=\"https:\/\/www.malagacar.com\/fr\/blog\/astuces-de-voyage\/guide-costa-del-sol\/\" \/>\n<meta property=\"og:site_name\" content=\"Blog de MalagaCar.com\" \/>\n<meta property=\"article:publisher\" content=\"https:\/\/www.facebook.com\/malagacar\" \/>\n<meta property=\"article:published_time\" content=\"2026-08-24T08:16:57+00:00\" \/>\n<meta property=\"article:modified_time\" content=\"2026-08-27T10:02:21+00:00\" \/>\n<meta property=\"og:image\" content=\"https:\/\/www.malagacar.com\/fr\/blog\/wp-content\/uploads\/2024\/05\/costa-del-sol-guide-fr.jpg\" \/>\n\t<meta property=\"og:image:width\" content=\"1000\" \/>\n\t<meta property=\"og:image:height\" content=\"667\" \/>\n\t<meta property=\"og:image:type\" content=\"image\/jpeg\" \/>\n<meta name=\"author\" content=\"MalagaCar.com\" \/>\n<meta name=\"twitter:card\" content=\"summary_large_image\" \/>\n<meta name=\"twitter:creator\" content=\"@malagacarcom\" \/>\n<meta name=\"twitter:site\" content=\"@malagacarcom\" \/>\n<meta name=\"twitter:label1\" content=\"\u00c9crit par\" \/>\n\t<meta name=\"twitter:data1\" content=\"MalagaCar.com\" \/>\n\t<meta name=\"twitter:label2\" content=\"Dur\u00e9e de lecture estim\u00e9e\" \/>\n\t<meta name=\"twitter:data2\" content=\"83 minutes\" \/>\n<script type=\"application\/ld+json\" class=\"yoast-schema-graph\">{\"@context\":\"https:\\\/\\\/schema.org\",\"@graph\":[{\"@type\":\"Article\",\"@id\":\"https:\\\/\\\/www.malagacar.com\\\/fr\\\/blog\\\/astuces-de-voyage\\\/guide-costa-del-sol\\\/#article\",\"isPartOf\":{\"@id\":\"https:\\\/\\\/www.malagacar.com\\\/fr\\\/blog\\\/astuces-de-voyage\\\/guide-costa-del-sol\\\/\"},\"author\":{\"name\":\"MalagaCar.com\",\"@id\":\"https:\\\/\\\/www.malagacar.com\\\/fr\\\/blog\\\/#\\\/schema\\\/person\\\/ffb97005d02bcc7d0bb59f5409635691\"},\"headline\":\"Le guide ultime de la Costa del Sol\",\"datePublished\":\"2026-08-24T08:16:57+00:00\",\"dateModified\":\"2026-08-27T10:02:21+00:00\",\"mainEntityOfPage\":{\"@id\":\"https:\\\/\\\/www.malagacar.com\\\/fr\\\/blog\\\/astuces-de-voyage\\\/guide-costa-del-sol\\\/\"},\"wordCount\":10617,\"commentCount\":0,\"publisher\":{\"@id\":\"https:\\\/\\\/www.malagacar.com\\\/fr\\\/blog\\\/#organization\"},\"image\":{\"@id\":\"https:\\\/\\\/www.malagacar.com\\\/fr\\\/blog\\\/astuces-de-voyage\\\/guide-costa-del-sol\\\/#primaryimage\"},\"thumbnailUrl\":\"https:\\\/\\\/www.malagacar.com\\\/fr\\\/blog\\\/wp-content\\\/uploads\\\/2024\\\/05\\\/costa-del-sol-guide-fr.jpg\",\"keywords\":[\"choses \u00e0 faire\",\"costa del sol\"],\"articleSection\":[\"Astuces de voyage\"],\"inLanguage\":\"fr-FR\",\"potentialAction\":[{\"@type\":\"CommentAction\",\"name\":\"Comment\",\"target\":[\"https:\\\/\\\/www.malagacar.com\\\/fr\\\/blog\\\/astuces-de-voyage\\\/guide-costa-del-sol\\\/#respond\"]}]},{\"@type\":\"WebPage\",\"@id\":\"https:\\\/\\\/www.malagacar.com\\\/fr\\\/blog\\\/astuces-de-voyage\\\/guide-costa-del-sol\\\/\",\"url\":\"https:\\\/\\\/www.malagacar.com\\\/fr\\\/blog\\\/astuces-de-voyage\\\/guide-costa-del-sol\\\/\",\"name\":\"Le guide ultime de la Costa del Sol - Blog de MalagaCar.com\",\"isPartOf\":{\"@id\":\"https:\\\/\\\/www.malagacar.com\\\/fr\\\/blog\\\/#website\"},\"primaryImageOfPage\":{\"@id\":\"https:\\\/\\\/www.malagacar.com\\\/fr\\\/blog\\\/astuces-de-voyage\\\/guide-costa-del-sol\\\/#primaryimage\"},\"image\":{\"@id\":\"https:\\\/\\\/www.malagacar.com\\\/fr\\\/blog\\\/astuces-de-voyage\\\/guide-costa-del-sol\\\/#primaryimage\"},\"thumbnailUrl\":\"https:\\\/\\\/www.malagacar.com\\\/fr\\\/blog\\\/wp-content\\\/uploads\\\/2024\\\/05\\\/costa-del-sol-guide-fr.jpg\",\"datePublished\":\"2026-08-24T08:16:57+00:00\",\"dateModified\":\"2026-08-27T10:02:21+00:00\",\"description\":\"Tout ce que vous devez savoir pour votre voyage \u00e0 Malaga dans notre guide Costa del Sol, avec oisirs, plages, excursions et plus encore.\",\"breadcrumb\":{\"@id\":\"https:\\\/\\\/www.malagacar.com\\\/fr\\\/blog\\\/astuces-de-voyage\\\/guide-costa-del-sol\\\/#breadcrumb\"},\"inLanguage\":\"fr-FR\",\"potentialAction\":[{\"@type\":\"ReadAction\",\"target\":[\"https:\\\/\\\/www.malagacar.com\\\/fr\\\/blog\\\/astuces-de-voyage\\\/guide-costa-del-sol\\\/\"]}]},{\"@type\":\"ImageObject\",\"inLanguage\":\"fr-FR\",\"@id\":\"https:\\\/\\\/www.malagacar.com\\\/fr\\\/blog\\\/astuces-de-voyage\\\/guide-costa-del-sol\\\/#primaryimage\",\"url\":\"https:\\\/\\\/www.malagacar.com\\\/fr\\\/blog\\\/wp-content\\\/uploads\\\/2024\\\/05\\\/costa-del-sol-guide-fr.jpg\",\"contentUrl\":\"https:\\\/\\\/www.malagacar.com\\\/fr\\\/blog\\\/wp-content\\\/uploads\\\/2024\\\/05\\\/costa-del-sol-guide-fr.jpg\",\"width\":1000,\"height\":667,\"caption\":\"costa del sol guide\"},{\"@type\":\"BreadcrumbList\",\"@id\":\"https:\\\/\\\/www.malagacar.com\\\/fr\\\/blog\\\/astuces-de-voyage\\\/guide-costa-del-sol\\\/#breadcrumb\",\"itemListElement\":[{\"@type\":\"ListItem\",\"position\":1,\"name\":\"Accueil\",\"item\":\"https:\\\/\\\/www.malagacar.com\\\/fr\\\/blog\\\/\"},{\"@type\":\"ListItem\",\"position\":2,\"name\":\"Le guide ultime de la Costa del Sol\"}]},{\"@type\":\"WebSite\",\"@id\":\"https:\\\/\\\/www.malagacar.com\\\/fr\\\/blog\\\/#website\",\"url\":\"https:\\\/\\\/www.malagacar.com\\\/fr\\\/blog\\\/\",\"name\":\"Blog de MalagaCar.com\",\"description\":\"Nouvelles et informations int\u00e9ressantes sur la location de voitures \u00e0 l&#039;a\u00e9roport de Malaga.\",\"publisher\":{\"@id\":\"https:\\\/\\\/www.malagacar.com\\\/fr\\\/blog\\\/#organization\"},\"potentialAction\":[{\"@type\":\"SearchAction\",\"target\":{\"@type\":\"EntryPoint\",\"urlTemplate\":\"https:\\\/\\\/www.malagacar.com\\\/fr\\\/blog\\\/?s={search_term_string}\"},\"query-input\":{\"@type\":\"PropertyValueSpecification\",\"valueRequired\":true,\"valueName\":\"search_term_string\"}}],\"inLanguage\":\"fr-FR\"},{\"@type\":\"Organization\",\"@id\":\"https:\\\/\\\/www.malagacar.com\\\/fr\\\/blog\\\/#organization\",\"name\":\"MalagaCar.com\",\"url\":\"https:\\\/\\\/www.malagacar.com\\\/fr\\\/blog\\\/\",\"logo\":{\"@type\":\"ImageObject\",\"inLanguage\":\"fr-FR\",\"@id\":\"https:\\\/\\\/www.malagacar.com\\\/fr\\\/blog\\\/#\\\/schema\\\/logo\\\/image\\\/\",\"url\":\"https:\\\/\\\/www.malagacar.com\\\/fr\\\/blog\\\/wp-content\\\/uploads\\\/2021\\\/06\\\/logo-malagacar-social.png\",\"contentUrl\":\"https:\\\/\\\/www.malagacar.com\\\/fr\\\/blog\\\/wp-content\\\/uploads\\\/2021\\\/06\\\/logo-malagacar-social.png\",\"width\":900,\"height\":900,\"caption\":\"MalagaCar.com\"},\"image\":{\"@id\":\"https:\\\/\\\/www.malagacar.com\\\/fr\\\/blog\\\/#\\\/schema\\\/logo\\\/image\\\/\"},\"sameAs\":[\"https:\\\/\\\/www.facebook.com\\\/malagacar\",\"https:\\\/\\\/x.com\\\/malagacarcom\",\"https:\\\/\\\/www.instagram.com\\\/malagacar\\\/\",\"https:\\\/\\\/www.linkedin.com\\\/company\\\/malagacar.com\",\"https:\\\/\\\/www.youtube.com\\\/c\\\/MalagacarAirport\"]},{\"@type\":\"Person\",\"@id\":\"https:\\\/\\\/www.malagacar.com\\\/fr\\\/blog\\\/#\\\/schema\\\/person\\\/ffb97005d02bcc7d0bb59f5409635691\",\"name\":\"MalagaCar.com\",\"image\":{\"@type\":\"ImageObject\",\"inLanguage\":\"fr-FR\",\"@id\":\"https:\\\/\\\/secure.gravatar.com\\\/avatar\\\/296ebc31026e7be05868369e4c596b3239b1582b2fcf8a45de57333e2e82bb82?s=96&d=mm&r=g\",\"url\":\"https:\\\/\\\/secure.gravatar.com\\\/avatar\\\/296ebc31026e7be05868369e4c596b3239b1582b2fcf8a45de57333e2e82bb82?s=96&d=mm&r=g\",\"contentUrl\":\"https:\\\/\\\/secure.gravatar.com\\\/avatar\\\/296ebc31026e7be05868369e4c596b3239b1582b2fcf8a45de57333e2e82bb82?s=96&d=mm&r=g\",\"caption\":\"MalagaCar.com\"},\"sameAs\":[\"https:\\\/\\\/www.malagacar.com\\\/fr\\\/blog\"]}]}<\/script>\n<!-- \/ Yoast SEO plugin. -->","yoast_head_json":{"title":"Le guide ultime de la Costa del Sol - Blog de MalagaCar.com","description":"Tout ce que vous devez savoir pour votre voyage \u00e0 Malaga dans notre guide Costa del Sol, avec oisirs, plages, excursions et plus encore.","robots":{"index":"index","follow":"follow","max-snippet":"max-snippet:-1","max-image-preview":"max-image-preview:large","max-video-preview":"max-video-preview:-1"},"canonical":"https:\/\/www.malagacar.com\/fr\/blog\/astuces-de-voyage\/guide-costa-del-sol\/","og_locale":"fr_FR","og_type":"article","og_title":"Le guide ultime de la Costa del Sol - Blog de MalagaCar.com","og_description":"Tout ce que vous devez savoir pour votre voyage \u00e0 Malaga dans notre guide Costa del Sol, avec oisirs, plages, excursions et plus encore.","og_url":"https:\/\/www.malagacar.com\/fr\/blog\/astuces-de-voyage\/guide-costa-del-sol\/","og_site_name":"Blog de MalagaCar.com","article_publisher":"https:\/\/www.facebook.com\/malagacar","article_published_time":"2026-08-24T08:16:57+00:00","article_modified_time":"2026-08-27T10:02:21+00:00","og_image":[{"width":1000,"height":667,"url":"https:\/\/www.malagacar.com\/fr\/blog\/wp-content\/uploads\/2024\/05\/costa-del-sol-guide-fr.jpg","type":"image\/jpeg"}],"author":"MalagaCar.com","twitter_card":"summary_large_image","twitter_creator":"@malagacarcom","twitter_site":"@malagacarcom","twitter_misc":{"\u00c9crit par":"MalagaCar.com","Dur\u00e9e de lecture estim\u00e9e":"83 minutes"},"schema":{"@context":"https:\/\/schema.org","@graph":[{"@type":"Article","@id":"https:\/\/www.malagacar.com\/fr\/blog\/astuces-de-voyage\/guide-costa-del-sol\/#article","isPartOf":{"@id":"https:\/\/www.malagacar.com\/fr\/blog\/astuces-de-voyage\/guide-costa-del-sol\/"},"author":{"name":"MalagaCar.com","@id":"https:\/\/www.malagacar.com\/fr\/blog\/#\/schema\/person\/ffb97005d02bcc7d0bb59f5409635691"},"headline":"Le guide ultime de la Costa del Sol","datePublished":"2026-08-24T08:16:57+00:00","dateModified":"2026-08-27T10:02:21+00:00","mainEntityOfPage":{"@id":"https:\/\/www.malagacar.com\/fr\/blog\/astuces-de-voyage\/guide-costa-del-sol\/"},"wordCount":10617,"commentCount":0,"publisher":{"@id":"https:\/\/www.malagacar.com\/fr\/blog\/#organization"},"image":{"@id":"https:\/\/www.malagacar.com\/fr\/blog\/astuces-de-voyage\/guide-costa-del-sol\/#primaryimage"},"thumbnailUrl":"https:\/\/www.malagacar.com\/fr\/blog\/wp-content\/uploads\/2024\/05\/costa-del-sol-guide-fr.jpg","keywords":["choses \u00e0 faire","costa del sol"],"articleSection":["Astuces de voyage"],"inLanguage":"fr-FR","potentialAction":[{"@type":"CommentAction","name":"Comment","target":["https:\/\/www.malagacar.com\/fr\/blog\/astuces-de-voyage\/guide-costa-del-sol\/#respond"]}]},{"@type":"WebPage","@id":"https:\/\/www.malagacar.com\/fr\/blog\/astuces-de-voyage\/guide-costa-del-sol\/","url":"https:\/\/www.malagacar.com\/fr\/blog\/astuces-de-voyage\/guide-costa-del-sol\/","name":"Le guide ultime de la Costa del Sol - Blog de MalagaCar.com","isPartOf":{"@id":"https:\/\/www.malagacar.com\/fr\/blog\/#website"},"primaryImageOfPage":{"@id":"https:\/\/www.malagacar.com\/fr\/blog\/astuces-de-voyage\/guide-costa-del-sol\/#primaryimage"},"image":{"@id":"https:\/\/www.malagacar.com\/fr\/blog\/astuces-de-voyage\/guide-costa-del-sol\/#primaryimage"},"thumbnailUrl":"https:\/\/www.malagacar.com\/fr\/blog\/wp-content\/uploads\/2024\/05\/costa-del-sol-guide-fr.jpg","datePublished":"2026-08-24T08:16:57+00:00","dateModified":"2026-08-27T10:02:21+00:00","description":"Tout ce que vous devez savoir pour votre voyage \u00e0 Malaga dans notre guide Costa del Sol, avec oisirs, plages, excursions et plus encore.","breadcrumb":{"@id":"https:\/\/www.malagacar.com\/fr\/blog\/astuces-de-voyage\/guide-costa-del-sol\/#breadcrumb"},"inLanguage":"fr-FR","potentialAction":[{"@type":"ReadAction","target":["https:\/\/www.malagacar.com\/fr\/blog\/astuces-de-voyage\/guide-costa-del-sol\/"]}]},{"@type":"ImageObject","inLanguage":"fr-FR","@id":"https:\/\/www.malagacar.com\/fr\/blog\/astuces-de-voyage\/guide-costa-del-sol\/#primaryimage","url":"https:\/\/www.malagacar.com\/fr\/blog\/wp-content\/uploads\/2024\/05\/costa-del-sol-guide-fr.jpg","contentUrl":"https:\/\/www.malagacar.com\/fr\/blog\/wp-content\/uploads\/2024\/05\/costa-del-sol-guide-fr.jpg","width":1000,"height":667,"caption":"costa del sol guide"},{"@type":"BreadcrumbList","@id":"https:\/\/www.malagacar.com\/fr\/blog\/astuces-de-voyage\/guide-costa-del-sol\/#breadcrumb","itemListElement":[{"@type":"ListItem","position":1,"name":"Accueil","item":"https:\/\/www.malagacar.com\/fr\/blog\/"},{"@type":"ListItem","position":2,"name":"Le guide ultime de la Costa del Sol"}]},{"@type":"WebSite","@id":"https:\/\/www.malagacar.com\/fr\/blog\/#website","url":"https:\/\/www.malagacar.com\/fr\/blog\/","name":"Blog de MalagaCar.com","description":"Nouvelles et informations int\u00e9ressantes sur la location de voitures \u00e0 l&#039;a\u00e9roport de Malaga.","publisher":{"@id":"https:\/\/www.malagacar.com\/fr\/blog\/#organization"},"potentialAction":[{"@type":"SearchAction","target":{"@type":"EntryPoint","urlTemplate":"https:\/\/www.malagacar.com\/fr\/blog\/?s={search_term_string}"},"query-input":{"@type":"PropertyValueSpecification","valueRequired":true,"valueName":"search_term_string"}}],"inLanguage":"fr-FR"},{"@type":"Organization","@id":"https:\/\/www.malagacar.com\/fr\/blog\/#organization","name":"MalagaCar.com","url":"https:\/\/www.malagacar.com\/fr\/blog\/","logo":{"@type":"ImageObject","inLanguage":"fr-FR","@id":"https:\/\/www.malagacar.com\/fr\/blog\/#\/schema\/logo\/image\/","url":"https:\/\/www.malagacar.com\/fr\/blog\/wp-content\/uploads\/2021\/06\/logo-malagacar-social.png","contentUrl":"https:\/\/www.malagacar.com\/fr\/blog\/wp-content\/uploads\/2021\/06\/logo-malagacar-social.png","width":900,"height":900,"caption":"MalagaCar.com"},"image":{"@id":"https:\/\/www.malagacar.com\/fr\/blog\/#\/schema\/logo\/image\/"},"sameAs":["https:\/\/www.facebook.com\/malagacar","https:\/\/x.com\/malagacarcom","https:\/\/www.instagram.com\/malagacar\/","https:\/\/www.linkedin.com\/company\/malagacar.com","https:\/\/www.youtube.com\/c\/MalagacarAirport"]},{"@type":"Person","@id":"https:\/\/www.malagacar.com\/fr\/blog\/#\/schema\/person\/ffb97005d02bcc7d0bb59f5409635691","name":"MalagaCar.com","image":{"@type":"ImageObject","inLanguage":"fr-FR","@id":"https:\/\/secure.gravatar.com\/avatar\/296ebc31026e7be05868369e4c596b3239b1582b2fcf8a45de57333e2e82bb82?s=96&d=mm&r=g","url":"https:\/\/secure.gravatar.com\/avatar\/296ebc31026e7be05868369e4c596b3239b1582b2fcf8a45de57333e2e82bb82?s=96&d=mm&r=g","contentUrl":"https:\/\/secure.gravatar.com\/avatar\/296ebc31026e7be05868369e4c596b3239b1582b2fcf8a45de57333e2e82bb82?s=96&d=mm&r=g","caption":"MalagaCar.com"},"sameAs":["https:\/\/www.malagacar.com\/fr\/blog"]}]}},"_links":{"self":[{"href":"https:\/\/www.malagacar.com\/fr\/blog\/wp-json\/wp\/v2\/posts\/1234","targetHints":{"allow":["GET"]}}],"collection":[{"href":"https:\/\/www.malagacar.com\/fr\/blog\/wp-json\/wp\/v2\/posts"}],"about":[{"href":"https:\/\/www.malagacar.com\/fr\/blog\/wp-json\/wp\/v2\/types\/post"}],"author":[{"embeddable":true,"href":"https:\/\/www.malagacar.com\/fr\/blog\/wp-json\/wp\/v2\/users\/1"}],"replies":[{"embeddable":true,"href":"https:\/\/www.malagacar.com\/fr\/blog\/wp-json\/wp\/v2\/comments?post=1234"}],"version-history":[{"count":174,"href":"https:\/\/www.malagacar.com\/fr\/blog\/wp-json\/wp\/v2\/posts\/1234\/revisions"}],"predecessor-version":[{"id":3627,"href":"https:\/\/www.malagacar.com\/fr\/blog\/wp-json\/wp\/v2\/posts\/1234\/revisions\/3627"}],"wp:featuredmedia":[{"embeddable":true,"href":"https:\/\/www.malagacar.com\/fr\/blog\/wp-json\/wp\/v2\/media\/1235"}],"wp:attachment":[{"href":"https:\/\/www.malagacar.com\/fr\/blog\/wp-json\/wp\/v2\/media?parent=1234"}],"wp:term":[{"taxonomy":"category","embeddable":true,"href":"https:\/\/www.malagacar.com\/fr\/blog\/wp-json\/wp\/v2\/categories?post=1234"},{"taxonomy":"post_tag","embeddable":true,"href":"https:\/\/www.malagacar.com\/fr\/blog\/wp-json\/wp\/v2\/tags?post=1234"}],"curies":[{"name":"wp","href":"https:\/\/api.w.org\/{rel}","templated":true}]}}