{"id":125,"date":"2025-11-01T10:44:34","date_gmt":"2025-11-01T09:44:34","guid":{"rendered":"https:\/\/www.malagacar.com\/fr\/blog\/?p=125"},"modified":"2025-11-24T11:27:09","modified_gmt":"2025-11-24T10:27:09","slug":"choses-a-faire-a-malaga-en-novembre","status":"publish","type":"post","link":"https:\/\/www.malagacar.com\/fr\/blog\/loisirs\/choses-a-faire-a-malaga-en-novembre\/","title":{"rendered":"Choses \u00e0 faire \u00e0 Malaga en Novembre 2025"},"content":{"rendered":"<p>Novembre \u00e0 Malaga n&rsquo;est ni gris, ni froid, ni sombre, mais offre de nombreuses opportunit\u00e9s !<\/p>\n<p>Ce mois de novembre \u00e0 Malaga nous offre une vari\u00e9t\u00e9 de festivals, ainsi que l&rsquo;attendu allumage des illuminations de No\u00ebl. Toutes les informations se trouvent dans notre calendrier d&rsquo;\u00e9v\u00e9nements ci-dessous.<!--more--><br \/>\n\n            <div class=\"banner\">\n                <div class=\"row\">\n                    <div class=\"col-sm-4\">\n                        <a href=\"\/fr\/location-de-voitures\/quote.php\" data-wpel-link=\"internal\"><img decoding=\"async\" src=\"\/images\/banner-img.jpg\" alt=\"malagacar.com\"><\/a>\n                    <\/div>\n                    <div class=\"col-sm-8\">\n                      <a href=\"\/fr\/location-de-voitures\/quote.php\" class=\"banner-title\" data-wpel-link=\"internal\">Meilleure location de voitures <div>\u00e0 l'a\u00e9roport de Malaga<\/div><\/a>   \n                        <div class=\"row\">\n                            <div class=\"col-sm-7\">\n                                <ul>\n                                    <li>Pas de frais de ravitaillement<\/li>\n                                    <li>Annulation gratuite<\/li>\n                                    <li>Location sans interm\u00e9diaire<\/li>\n                                    <li>Payez lorsque vous prenez la voiture<\/li>\n                                    <li><\/li>\n                                <\/ul>\n                            <\/div>\n                            <div class=\"col-sm-5\">\n                                <a class=\"btn-banner\" href=\"\/fr\/location-de-voitures\/quote.php\" data-wpel-link=\"internal\">Consultez les prix<\/a>\n                                <img decoding=\"async\" class=\"zonturent\" src=\"\/images\/zontu-banner.png\" alt=\"\">\n                            <\/div>\n                        <\/div>\n                    <\/div>\n                 <\/div>  \n            <\/div>\n            <\/p>\n<div id=\"ez-toc-container\" class=\"ez-toc-v2_0_87 counter-hierarchy ez-toc-counter ez-toc-light-blue ez-toc-container-direction\">\n<p class=\"ez-toc-title\" style=\"cursor:inherit\">Table des mati\u00e8res<\/p>\n<label for=\"ez-toc-cssicon-toggle-item-6a9a3ef40c375\" class=\"ez-toc-cssicon-toggle-label\"><span class=\"\"><span class=\"eztoc-hide\" style=\"display:none;\">Toggle<\/span><span class=\"ez-toc-icon-toggle-span\"><svg style=\"fill: #999;color:#999\" xmlns=\"http:\/\/www.w3.org\/2000\/svg\" class=\"list-377408\" width=\"20px\" height=\"20px\" viewBox=\"0 0 24 24\" fill=\"none\"><path d=\"M6 6H4v2h2V6zm14 0H8v2h12V6zM4 11h2v2H4v-2zm16 0H8v2h12v-2zM4 16h2v2H4v-2zm16 0H8v2h12v-2z\" fill=\"currentColor\"><\/path><\/svg><svg style=\"fill: #999;color:#999\" class=\"arrow-unsorted-368013\" xmlns=\"http:\/\/www.w3.org\/2000\/svg\" width=\"10px\" height=\"10px\" viewBox=\"0 0 24 24\" version=\"1.2\" baseProfile=\"tiny\"><path d=\"M18.2 9.3l-6.2-6.3-6.2 6.3c-.2.2-.3.4-.3.7s.1.5.3.7c.2.2.4.3.7.3h11c.3 0 .5-.1.7-.3.2-.2.3-.5.3-.7s-.1-.5-.3-.7zM5.8 14.7l6.2 6.3 6.2-6.3c.2-.2.3-.5.3-.7s-.1-.5-.3-.7c-.2-.2-.4-.3-.7-.3h-11c-.3 0-.5.1-.7.3-.2.2-.3.5-.3.7s.1.5.3.7z\"\/><\/svg><\/span><\/span><\/label><input type=\"checkbox\"  id=\"ez-toc-cssicon-toggle-item-6a9a3ef40c375\"  aria-label=\"Toggle\" \/><nav><ul class='ez-toc-list ez-toc-list-level-1 ' ><li class='ez-toc-page-1 ez-toc-heading-level-2'><a class=\"ez-toc-link ez-toc-heading-1\" href=\"https:\/\/www.malagacar.com\/fr\/blog\/loisirs\/choses-a-faire-a-malaga-en-novembre\/#Que_voir_a_Malaga_en_novembre\" data-wpel-link=\"internal\">Que voir \u00e0 Malaga en novembre<\/a><ul class='ez-toc-list-level-3' ><li class='ez-toc-heading-level-3'><a class=\"ez-toc-link ez-toc-heading-2\" href=\"https:\/\/www.malagacar.com\/fr\/blog\/loisirs\/choses-a-faire-a-malaga-en-novembre\/#Festival_international_de_Noel_%E2%80%93_Benalmadena\" data-wpel-link=\"internal\">Festival international de No\u00ebl\u00a0&#8211; Benalmadena<\/a><\/li><li class='ez-toc-page-1 ez-toc-heading-level-3'><a class=\"ez-toc-link ez-toc-heading-3\" href=\"https:\/\/www.malagacar.com\/fr\/blog\/loisirs\/choses-a-faire-a-malaga-en-novembre\/#Fete_creole_%E2%80%93_Torremolinos\" data-wpel-link=\"internal\">F\u00eate cr\u00e9ole &#8211; Torremolinos<\/a><\/li><li class='ez-toc-page-1 ez-toc-heading-level-3'><a class=\"ez-toc-link ez-toc-heading-4\" href=\"https:\/\/www.malagacar.com\/fr\/blog\/loisirs\/choses-a-faire-a-malaga-en-novembre\/#Visites_guidees_gratuites_%E2%80%93_Musee_de_Malaga\" data-wpel-link=\"internal\">Visites guid\u00e9es gratuites &#8211; Mus\u00e9e de Malaga<\/a><\/li><li class='ez-toc-page-1 ez-toc-heading-level-3'><a class=\"ez-toc-link ez-toc-heading-5\" href=\"https:\/\/www.malagacar.com\/fr\/blog\/loisirs\/choses-a-faire-a-malaga-en-novembre\/#Degustations_de_vins_au_Musee_du_Vin_%E2%80%93_Malaga\" data-wpel-link=\"internal\">D\u00e9gustations de vins au Mus\u00e9e du Vin\u00a0&#8211; Malaga<\/a><\/li><li class='ez-toc-page-1 ez-toc-heading-level-3'><a class=\"ez-toc-link ez-toc-heading-6\" href=\"https:\/\/www.malagacar.com\/fr\/blog\/loisirs\/choses-a-faire-a-malaga-en-novembre\/#Visite_nocturne_du_cimetiere_anglais_%E2%80%93_Malaga\" data-wpel-link=\"internal\">Visite nocturne du cimeti\u00e8re anglais &#8211; Malaga<\/a><\/li><li class='ez-toc-page-1 ez-toc-heading-level-3'><a class=\"ez-toc-link ez-toc-heading-7\" href=\"https:\/\/www.malagacar.com\/fr\/blog\/loisirs\/choses-a-faire-a-malaga-en-novembre\/#Fitness_Walk_%E2%80%93_Malaga\" data-wpel-link=\"internal\">Fitness Walk &#8211; Malaga<\/a><\/li><li class='ez-toc-page-1 ez-toc-heading-level-3'><a class=\"ez-toc-link ez-toc-heading-8\" href=\"https:\/\/www.malagacar.com\/fr\/blog\/loisirs\/choses-a-faire-a-malaga-en-novembre\/#Festival_international_de_jazz_%E2%80%93_Malaga\" data-wpel-link=\"internal\">Festival international de jazz\u00a0&#8211; Malaga<\/a><\/li><li class='ez-toc-page-1 ez-toc-heading-level-3'><a class=\"ez-toc-link ez-toc-heading-9\" href=\"https:\/\/www.malagacar.com\/fr\/blog\/loisirs\/choses-a-faire-a-malaga-en-novembre\/#Blues_at_Moonlight_%E2%80%93_Benalmadena\" data-wpel-link=\"internal\">Blues at Moonlight &#8211; Benalmadena<\/a><\/li><li class='ez-toc-page-1 ez-toc-heading-level-3'><a class=\"ez-toc-link ez-toc-heading-10\" href=\"https:\/\/www.malagacar.com\/fr\/blog\/loisirs\/choses-a-faire-a-malaga-en-novembre\/#Visite_theatrale_de_la_grotte_aux_tresors_%E2%80%93_Rincon_de_la_Victoria\" data-wpel-link=\"internal\">Visite th\u00e9\u00e2trale de la grotte aux tr\u00e9sors &#8211; Rinc\u00f3n de la Victoria<\/a><\/li><li class='ez-toc-page-1 ez-toc-heading-level-3'><a class=\"ez-toc-link ez-toc-heading-11\" href=\"https:\/\/www.malagacar.com\/fr\/blog\/loisirs\/choses-a-faire-a-malaga-en-novembre\/#Concerts_Candelight_%E2%80%93_Malaga\" data-wpel-link=\"internal\">Concerts Candelight &#8211; Malaga<\/a><\/li><li class='ez-toc-page-1 ez-toc-heading-level-3'><a class=\"ez-toc-link ez-toc-heading-12\" href=\"https:\/\/www.malagacar.com\/fr\/blog\/loisirs\/choses-a-faire-a-malaga-en-novembre\/#Concerts_Candelight_%E2%80%93_Marbella\" data-wpel-link=\"internal\">Concerts Candelight &#8211; Marbella<\/a><\/li><li class='ez-toc-page-1 ez-toc-heading-level-3'><a class=\"ez-toc-link ez-toc-heading-13\" href=\"https:\/\/www.malagacar.com\/fr\/blog\/loisirs\/choses-a-faire-a-malaga-en-novembre\/#ToutDanse_%E2%80%93_Marbella\" data-wpel-link=\"internal\">ToutDanse \u2013 Marbella<\/a><\/li><li class='ez-toc-page-1 ez-toc-heading-level-3'><a class=\"ez-toc-link ez-toc-heading-14\" href=\"https:\/\/www.malagacar.com\/fr\/blog\/loisirs\/choses-a-faire-a-malaga-en-novembre\/#Moments_Festival_%E2%80%93_Malaga\" data-wpel-link=\"internal\">Moments Festival \u2013 Malaga<\/a><\/li><li class='ez-toc-page-1 ez-toc-heading-level-3'><a class=\"ez-toc-link ez-toc-heading-15\" href=\"https:\/\/www.malagacar.com\/fr\/blog\/loisirs\/choses-a-faire-a-malaga-en-novembre\/#Danse_Malaga_%E2%80%93_Malaga\" data-wpel-link=\"internal\">Danse Malaga &#8211; Malaga<\/a><\/li><li class='ez-toc-page-1 ez-toc-heading-level-3'><a class=\"ez-toc-link ez-toc-heading-16\" href=\"https:\/\/www.malagacar.com\/fr\/blog\/loisirs\/choses-a-faire-a-malaga-en-novembre\/#Pleine_lune_a_Hydros_Spa_%E2%80%93_Benalmadena\" data-wpel-link=\"internal\">Pleine lune \u00e0 Hydros Spa &#8211; Benalmadena<\/a><\/li><li class='ez-toc-page-1 ez-toc-heading-level-3'><a class=\"ez-toc-link ez-toc-heading-17\" href=\"https:\/\/www.malagacar.com\/fr\/blog\/loisirs\/choses-a-faire-a-malaga-en-novembre\/#Semi-marathon_%E2%80%93_Fuengirola\" data-wpel-link=\"internal\">Semi-marathon\u00a0&#8211; Fuengirola<\/a><\/li><li class='ez-toc-page-1 ez-toc-heading-level-3'><a class=\"ez-toc-link ez-toc-heading-18\" href=\"https:\/\/www.malagacar.com\/fr\/blog\/loisirs\/choses-a-faire-a-malaga-en-novembre\/#FanCine_%E2%80%93_Malaga\" data-wpel-link=\"internal\">FanCine &#8211; Malaga<\/a><\/li><li class='ez-toc-page-1 ez-toc-heading-level-3'><a class=\"ez-toc-link ez-toc-heading-19\" href=\"https:\/\/www.malagacar.com\/fr\/blog\/loisirs\/choses-a-faire-a-malaga-en-novembre\/#Black_Friday_%E2%80%93_Malaga\" data-wpel-link=\"internal\">Black Friday &#8211; Malaga<\/a><\/li><li class='ez-toc-page-1 ez-toc-heading-level-3'><a class=\"ez-toc-link ez-toc-heading-20\" href=\"https:\/\/www.malagacar.com\/fr\/blog\/loisirs\/choses-a-faire-a-malaga-en-novembre\/#Illumination_de_Noel_%E2%80%93_Malaga\" data-wpel-link=\"internal\">Illumination de No\u00ebl &#8211; Malaga<\/a><\/li><li class='ez-toc-page-1 ez-toc-heading-level-3'><a class=\"ez-toc-link ez-toc-heading-21\" href=\"https:\/\/www.malagacar.com\/fr\/blog\/loisirs\/choses-a-faire-a-malaga-en-novembre\/#Les_Lumieres_du_Jardin_Botanique\" data-wpel-link=\"internal\">Les Lumi\u00e8res du Jardin Botanique<\/a><\/li><li class='ez-toc-page-1 ez-toc-heading-level-3'><a class=\"ez-toc-link ez-toc-heading-22\" href=\"https:\/\/www.malagacar.com\/fr\/blog\/loisirs\/choses-a-faire-a-malaga-en-novembre\/#Illumination_de_Noel_%E2%80%93_Fuengirola\" data-wpel-link=\"internal\">Illumination de No\u00ebl &#8211; Fuengirola<\/a><\/li><\/ul><\/li><li class='ez-toc-page-1 ez-toc-heading-level-2'><a class=\"ez-toc-link ez-toc-heading-23\" href=\"https:\/\/www.malagacar.com\/fr\/blog\/loisirs\/choses-a-faire-a-malaga-en-novembre\/#Marches_de_rue_a_Malaga_en_novembre\" data-wpel-link=\"internal\">March\u00e9s de rue \u00e0 Malaga en novembre<\/a><ul class='ez-toc-list-level-3' ><li class='ez-toc-heading-level-3'><a class=\"ez-toc-link ez-toc-heading-24\" href=\"https:\/\/www.malagacar.com\/fr\/blog\/loisirs\/choses-a-faire-a-malaga-en-novembre\/#Marche_urbain_de_SOHO\" data-wpel-link=\"internal\">March\u00e9 urbain de SOHO<\/a><\/li><li class='ez-toc-page-1 ez-toc-heading-level-3'><a class=\"ez-toc-link ez-toc-heading-25\" href=\"https:\/\/www.malagacar.com\/fr\/blog\/loisirs\/choses-a-faire-a-malaga-en-novembre\/#Marche_aux_fromages_%E2%80%93_Coin\" data-wpel-link=\"internal\">March\u00e9 aux fromages\u00a0 &#8211; Co\u00edn<\/a><\/li><li class='ez-toc-page-1 ez-toc-heading-level-3'><a class=\"ez-toc-link ez-toc-heading-26\" href=\"https:\/\/www.malagacar.com\/fr\/blog\/loisirs\/choses-a-faire-a-malaga-en-novembre\/#Marche_de_lartisanat_La_Merced_%E2%80%93_Malaga\" data-wpel-link=\"internal\">March\u00e9 de l&rsquo;artisanat La Merced &#8211; Malaga<\/a><\/li><li class='ez-toc-page-1 ez-toc-heading-level-3'><a class=\"ez-toc-link ez-toc-heading-27\" href=\"https:\/\/www.malagacar.com\/fr\/blog\/loisirs\/choses-a-faire-a-malaga-en-novembre\/#Le_marche_des_cimetieres_anglais_%E2%80%93_Malaga\" data-wpel-link=\"internal\">Le march\u00e9 des cimeti\u00e8res anglais \u2013 Malaga<\/a><\/li><li class='ez-toc-page-1 ez-toc-heading-level-3'><a class=\"ez-toc-link ez-toc-heading-28\" href=\"https:\/\/www.malagacar.com\/fr\/blog\/loisirs\/choses-a-faire-a-malaga-en-novembre\/#Marches_aux_puces_et_marches_de_rue_dans_la_province\" data-wpel-link=\"internal\">March\u00e9s aux puces et march\u00e9s de rue dans la province<\/a><\/li><\/ul><\/li><li class='ez-toc-page-1 ez-toc-heading-level-2'><a class=\"ez-toc-link ez-toc-heading-29\" href=\"https:\/\/www.malagacar.com\/fr\/blog\/loisirs\/choses-a-faire-a-malaga-en-novembre\/#Visite_des_musees_de_Malaga\" data-wpel-link=\"internal\">Visite des mus\u00e9es de Malaga<\/a><ul class='ez-toc-list-level-3' ><li class='ez-toc-heading-level-3'><a class=\"ez-toc-link ez-toc-heading-30\" href=\"https:\/\/www.malagacar.com\/fr\/blog\/loisirs\/choses-a-faire-a-malaga-en-novembre\/#Visites_guidees_jardin_botanique_historique_de_La_Concepcion_%E2%80%93_Malaga\" data-wpel-link=\"internal\">Visites guid\u00e9es jardin botanique historique de La Concepci\u00f3n &#8211; Malaga<\/a><\/li><li class='ez-toc-page-1 ez-toc-heading-level-3'><a class=\"ez-toc-link ez-toc-heading-31\" href=\"https:\/\/www.malagacar.com\/fr\/blog\/loisirs\/choses-a-faire-a-malaga-en-novembre\/#Visite_de_la_Brasserie_Victoria_%E2%80%93_Malaga\" data-wpel-link=\"internal\">Visite de la Brasserie Victoria &#8211; Malaga<\/a><\/li><li class='ez-toc-page-1 ez-toc-heading-level-3'><a class=\"ez-toc-link ez-toc-heading-32\" href=\"https:\/\/www.malagacar.com\/fr\/blog\/loisirs\/choses-a-faire-a-malaga-en-novembre\/#Visites_nocturnes_theatralisees_musee_de_lautomobile_%E2%80%93_Malaga\" data-wpel-link=\"internal\">Visites nocturnes th\u00e9\u00e2tralis\u00e9es mus\u00e9e de l&rsquo;automobile &#8211; Malaga<\/a><\/li><\/ul><\/li><li class='ez-toc-page-1 ez-toc-heading-level-2'><a class=\"ez-toc-link ez-toc-heading-33\" href=\"https:\/\/www.malagacar.com\/fr\/blog\/loisirs\/choses-a-faire-a-malaga-en-novembre\/#Fetes_gastronomiques_a_Malaga_en_novembre\" data-wpel-link=\"internal\">F\u00eates gastronomiques \u00e0 Malaga en novembre<\/a><ul class='ez-toc-list-level-3' ><li class='ez-toc-heading-level-3'><a class=\"ez-toc-link ez-toc-heading-34\" href=\"https:\/\/www.malagacar.com\/fr\/blog\/loisirs\/choses-a-faire-a-malaga-en-novembre\/#Fete_de_la_chataigne_%E2%80%93_Alcaucin\" data-wpel-link=\"internal\">F\u00eate de la ch\u00e2taigne &#8211; Alcauc\u00edn<\/a><\/li><li class='ez-toc-page-1 ez-toc-heading-level-3'><a class=\"ez-toc-link ez-toc-heading-35\" href=\"https:\/\/www.malagacar.com\/fr\/blog\/loisirs\/choses-a-faire-a-malaga-en-novembre\/#Festival_du_lapin_%E2%80%93_Parauta\" data-wpel-link=\"internal\">Festival du lapin &#8211; Parauta<\/a><\/li><li class='ez-toc-page-1 ez-toc-heading-level-3'><a class=\"ez-toc-link ez-toc-heading-36\" href=\"https:\/\/www.malagacar.com\/fr\/blog\/loisirs\/choses-a-faire-a-malaga-en-novembre\/#Toston_populaire_%E2%80%93_Ojen\" data-wpel-link=\"internal\">Tost\u00f3n populaire &#8211; Oj\u00e9n<\/a><\/li><li class='ez-toc-page-1 ez-toc-heading-level-3'><a class=\"ez-toc-link ez-toc-heading-37\" href=\"https:\/\/www.malagacar.com\/fr\/blog\/loisirs\/choses-a-faire-a-malaga-en-novembre\/#Torrefaction_de_chataignes_%E2%80%93_Marbella\" data-wpel-link=\"internal\">Torr\u00e9faction de ch\u00e2taignes &#8211; Marbella<\/a><\/li><li class='ez-toc-page-1 ez-toc-heading-level-3'><a class=\"ez-toc-link ez-toc-heading-38\" href=\"https:\/\/www.malagacar.com\/fr\/blog\/loisirs\/choses-a-faire-a-malaga-en-novembre\/#Fete_du_mout_%E2%80%93_Atajate\" data-wpel-link=\"internal\">F\u00eate du mo\u00fbt &#8211; Atajate<\/a><\/li><li class='ez-toc-page-1 ez-toc-heading-level-3'><a class=\"ez-toc-link ez-toc-heading-39\" href=\"https:\/\/www.malagacar.com\/fr\/blog\/loisirs\/choses-a-faire-a-malaga-en-novembre\/#Journee_de_la_chanfaina_%E2%80%93_Totalan\" data-wpel-link=\"internal\">Journ\u00e9e de la chanfaina &#8211; Total\u00e1n<\/a><\/li><\/ul><\/li><li class='ez-toc-page-1 ez-toc-heading-level-2'><a class=\"ez-toc-link ez-toc-heading-40\" href=\"https:\/\/www.malagacar.com\/fr\/blog\/loisirs\/choses-a-faire-a-malaga-en-novembre\/#La_meteo_a_Malaga_en_Novembre\" data-wpel-link=\"internal\">La m\u00e9t\u00e9o \u00e0 Malaga en Novembre<\/a><ul class='ez-toc-list-level-3' ><li class='ez-toc-heading-level-3'><a class=\"ez-toc-link ez-toc-heading-41\" href=\"https:\/\/www.malagacar.com\/fr\/blog\/loisirs\/choses-a-faire-a-malaga-en-novembre\/#Quels_vetements_apporter_en_novembre_a_Malaga\" data-wpel-link=\"internal\">Quels v\u00eatements apporter en novembre \u00e0 Malaga ?<\/a><\/li><\/ul><\/li><\/ul><\/nav><\/div>\n<h2><span class=\"ez-toc-section\" id=\"Que_voir_a_Malaga_en_novembre\"><\/span>Que voir \u00e0 Malaga en novembre<span class=\"ez-toc-section-end\"><\/span><\/h2>\n<h3><span class=\"ez-toc-section\" id=\"Festival_international_de_Noel_%E2%80%93_Benalmadena\"><\/span>Festival international de No\u00ebl\u00a0&#8211; Benalmadena<span class=\"ez-toc-section-end\"><\/span><\/h3>\n<p><img loading=\"lazy\" decoding=\"async\" class=\"alignnone size-full wp-image-18655\" src=\"https:\/\/www.malagacar.com\/sp\/blog\/wp-content\/uploads\/2024\/11\/festivan-internat-Benalmadena.jpg\" alt=\"Festival Internacional de la Navidad - Benalm\u00e1dena\" width=\"459\" height=\"661\" \/><\/p>\n<p>D\u00e9couvrez comment No\u00ebl est c\u00e9l\u00e9br\u00e9 dans plus de 15 pays sans quitter Benalm\u00e1dena. Du 28 au 30 novembre, place de la Mezquita \u00e0 Arroyo de la Miel, de midi \u00e0 minuit.<\/p>\n<ul>\n<li>Dates : du 28 au 30 novembre, de midi \u00e0 minuit<\/li>\n<li><a href=\"https:\/\/maps.app.goo.gl\/sCbdJuTVH4GEt8Zu7\" data-wpel-link=\"external\" rel=\"external noopener noreferrer\"><strong>Comment s&rsquo;y rendre<\/strong><\/a><\/li>\n<\/ul>\n<h3><span class=\"ez-toc-section\" id=\"Fete_creole_%E2%80%93_Torremolinos\"><\/span>F\u00eate cr\u00e9ole &#8211; Torremolinos<span class=\"ez-toc-section-end\"><\/span><\/h3>\n<p><img loading=\"lazy\" decoding=\"async\" class=\"alignnone wp-image-18400\" src=\"https:\/\/www.malagacar.com\/sp\/blog\/wp-content\/uploads\/2025\/10\/Fiesta-criolla-Torremolinos.jpg\" alt=\"Fiesta Criolla - Torremolinos\" width=\"563\" height=\"555\" \/><\/p>\n<p>Torremolinos organise sa 4e <em>Fiesta Criolla<\/em> (F\u00eate Criolla) sur la Plaza de Toros, o\u00f9 les visiteurs pourront profiter des festivit\u00e9s de midi \u00e0 minuit.<\/p>\n<p>L&rsquo;entr\u00e9e est gratuite et propose des stands de cuisine traditionnelle argentine, de barbecues argentins, de boissons, de confiseries et d&rsquo;autres produits. Des spectacles folkloriques traditionnels et des spectacles de tango, de cumbia et de rock argentin sont \u00e9galement au programme.<\/p>\n<ul>\n<li>Quand : Du 30 octobre au 2 novembre<\/li>\n<li>O\u00f9 : Ar\u00e8nes de Torremolinos<\/li>\n<li><a href=\"https:\/\/maps.app.goo.gl\/8VRB9LR2JdED6qLG7\" data-wpel-link=\"external\" rel=\"external noopener noreferrer\"><strong>Comment s&rsquo;y rendre<\/strong><\/a><\/li>\n<\/ul>\n<h3><span class=\"ez-toc-section\" id=\"Visites_guidees_gratuites_%E2%80%93_Musee_de_Malaga\"><\/span>Visites guid\u00e9es gratuites &#8211; Mus\u00e9e de Malaga<span class=\"ez-toc-section-end\"><\/span><\/h3>\n<p><img loading=\"lazy\" decoding=\"async\" class=\"alignnone wp-image-14397\" src=\"https:\/\/www.malagacar.com\/sp\/blog\/wp-content\/uploads\/2021\/07\/Museo-de-Malaga-819x1024.jpg\" alt=\"Museo de M\u00e1laga\" width=\"550\" height=\"688\" \/><\/p>\n<p>Profitez du samedi pour fl\u00e2ner parmi les collections d&rsquo;art et d&rsquo;arch\u00e9ologie. Le <a href=\"https:\/\/www.malagacar.com\/fr\/blog\/loisirs\/meilleurs-musees-malaga\/#Musee_de_Malaga\" data-wpel-link=\"internal\"><strong>Mus\u00e9e de Malaga<\/strong><\/a> propose des visites guid\u00e9es gratuites tous les samedis \u00e0 midi, chacune sur un th\u00e8me diff\u00e9rent.<\/p>\n<p>Les inscriptions se font \u00e0 l&rsquo;accueil le jour de l&rsquo;activit\u00e9, d\u00e8s l&rsquo;ouverture du mus\u00e9e. Consultez <a href=\"https:\/\/www.museosdeandalucia.es\/web\/museodemalaga\" data-wpel-link=\"external\" rel=\"external noopener noreferrer\"><strong>leur site web<\/strong><\/a> pour conna\u00eetre les activit\u00e9s propos\u00e9es chaque semaine.<\/p>\n<ul>\n<li>Quand : Le samedi \u00e0 12h<\/li>\n<li>O\u00f9 : Mus\u00e9e de Malaga<\/li>\n<li><a href=\"https:\/\/maps.app.goo.gl\/ZRb4BVzcJ2ToyXaH8\" data-wpel-link=\"external\" rel=\"external noopener noreferrer\"><strong>Comment s&rsquo;y rendre<\/strong><\/a><\/li>\n<\/ul>\n<h3><span class=\"ez-toc-section\" id=\"Degustations_de_vins_au_Musee_du_Vin_%E2%80%93_Malaga\"><\/span>D\u00e9gustations de vins au Mus\u00e9e du Vin\u00a0&#8211; Malaga<span class=\"ez-toc-section-end\"><\/span><\/h3>\n<p><img loading=\"lazy\" decoding=\"async\" class=\"alignnone size-large wp-image-18214\" src=\"https:\/\/www.malagacar.com\/sp\/blog\/wp-content\/uploads\/2025\/09\/cursos-y-catas-en-el-museo-del-vino-malaga-1024x545.jpg\" alt=\"Catas de vino en el Museo del Vino - M\u00e1laga\" width=\"750\" height=\"399\" \/><\/p>\n<p>Profitez des samedis pour vous plonger dans l&rsquo;univers des vins de l&rsquo;appellation d&rsquo;origine contr\u00f4l\u00e9e Malaga et Sierras de Malaga.<\/p>\n<p>Le <a href=\"https:\/\/www.malagacar.com\/fr\/blog\/loisirs\/meilleurs-musees-malaga\/\" data-wpel-link=\"internal\"><strong>Mus\u00e9e du Vin de Malaga<\/strong><\/a> vous invite \u00e0 des d\u00e9gustations th\u00e9matiques guid\u00e9es et \u00e0 des ateliers d&rsquo;initiation \u00e0 la d\u00e9gustation anim\u00e9s par des vignerons et des \u0153nologues.<\/p>\n<p>Chaque samedi, une nouvelle offre vous attend de 12h30 \u00e0 14h.<\/p>\n<h4>Prochaines dates<\/h4>\n<p>8.11. I 22.11. I 29.11. I 13.12.<\/p>\n<ul>\n<li>Plus d&rsquo;<a href=\"https:\/\/museovinomalaga.com\/categoria-producto\/oferta-formativa\/\" data-wpel-link=\"external\" rel=\"external noopener noreferrer\"><strong>informations et r\u00e9servations<\/strong><\/a><\/li>\n<li>O\u00f9 : Mus\u00e9e du Vin, Malaga<\/li>\n<li><a href=\"https:\/\/maps.app.goo.gl\/54w3aLeq5xhNtS6H9\" data-wpel-link=\"external\" rel=\"external noopener noreferrer\"><strong>Comment s&rsquo;y rendre<\/strong><\/a><\/li>\n<\/ul>\n<h3><span class=\"ez-toc-section\" id=\"Visite_nocturne_du_cimetiere_anglais_%E2%80%93_Malaga\"><\/span>Visite nocturne du cimeti\u00e8re anglais &#8211; Malaga<span class=\"ez-toc-section-end\"><\/span><\/h3>\n<p><img loading=\"lazy\" decoding=\"async\" class=\"alignnone wp-image-16313\" src=\"https:\/\/www.malagacar.com\/sp\/blog\/wp-content\/uploads\/2024\/10\/Visita-nocturna-cementerio-ingles-1024x966.jpg\" alt=\"Visita nocturna al Cementerio Ingl\u00e9s - M\u00e1laga\" width=\"734\" height=\"692\" \/><\/p>\n<p>Osez d\u00e9couvrir tous les secrets cach\u00e9s dans cette visite nocturne th\u00e9\u00e2tralis\u00e9e du cimeti\u00e8re anglais historique. Les personnalit\u00e9s qui y reposent prennent vie et vous racontent leurs histoires int\u00e9ressantes.<\/p>\n<p>La visite dure 1 heure et demie. Nombre de places limit\u00e9 jusqu&rsquo;\u00e0 \u00e9puisement de la capacit\u00e9.<\/p>\n<ul>\n<li><a href=\"https:\/\/historiavivamalaga.es\/visitas-teatralizadas-en-malaga\/cementerio-ingles-en-malaga\/?_gl=1*1qg529*_up*MQ..*_ga*NzIzNDMzNDQ4LjE3NTk3MzgwNTg.*_ga_YKXC5BWRQG*czE3NTk3MzgwNTckbzEkZzAkdDE3NTk3MzgwNTckajYwJGwwJGgw*_ga_MZ8MMM82Y1*czE3NTk3MzgwNTgkbzEkZzAkdDE3NTk3MzgwNTgkajYwJGwwJGgw\" data-wpel-link=\"external\" rel=\"external noopener noreferrer\"><strong>Plus d&rsquo;informations et billets<\/strong><\/a><\/li>\n<li>O\u00f9 : Cementerio Ingl\u00e9s, M\u00e1laga<\/li>\n<li><a href=\"https:\/\/maps.app.goo.gl\/vKia4xamSXpDjeyf6\" data-wpel-link=\"external\" rel=\"external noopener noreferrer\"><strong>Comment s&rsquo;y rendre<\/strong><\/a><\/li>\n<\/ul>\n<h3><span class=\"ez-toc-section\" id=\"Fitness_Walk_%E2%80%93_Malaga\"><\/span>Fitness Walk &#8211; Malaga<span class=\"ez-toc-section-end\"><\/span><\/h3>\n<p><img loading=\"lazy\" decoding=\"async\" class=\"alignnone wp-image-14254\" src=\"https:\/\/www.malagacar.com\/sp\/blog\/wp-content\/uploads\/2022\/08\/fitness-walk-.jpg\" alt=\"Fitness Walk M\u00e1laga\" width=\"994\" height=\"549\" \/><\/p>\n<p>Une nouvelle \u00e9dition de la Marche Fitness se d\u00e9roule sur la promenade maritime de Malaga, alliant sport et divertissement, accessible \u00e0 tous et encadr\u00e9e par des coachs professionnels.<\/p>\n<p>Une excellente fa\u00e7on de rester en forme et de profiter de la ville, avec des ateliers, de la musique et de la danse.<\/p>\n<ul>\n<li><a href=\"https:\/\/fitnesswalk.eu\/es\/prodotto\/2-noviembre-malaga-paseo-maritimo-del-muelle-uno\/\" data-wpel-link=\"external\" rel=\"external noopener noreferrer\"><strong>Programme et inscription<\/strong><\/a><\/li>\n<li>Quand : 2 novembre \u00e0 9h30<\/li>\n<li>O\u00f9\u00a0: Promenade maritime de Malaga<\/li>\n<\/ul>\n<h3><span class=\"ez-toc-section\" id=\"Festival_international_de_jazz_%E2%80%93_Malaga\"><\/span>Festival international de jazz\u00a0&#8211; Malaga<span class=\"ez-toc-section-end\"><\/span><\/h3>\n<p><img loading=\"lazy\" decoding=\"async\" class=\"alignnone size-full wp-image-18298\" src=\"https:\/\/www.malagacar.com\/sp\/blog\/wp-content\/uploads\/2024\/11\/festival-jazz.jpg\" alt=\"Festival Internacional de Jazz - M\u00e1laga\" width=\"812\" height=\"815\" \/><\/p>\n<p>Les amateurs de jazz ont rendez-vous \u00e0 Malaga pour la 39e \u00e9dition du Festival International de Jazz.<\/p>\n<p>Comme chaque ann\u00e9e, le festival se d\u00e9roule au Th\u00e9\u00e2tre Cervantes, du 3 au 10 novembre.<\/p>\n<p>Au programme\u00a0: des l\u00e9gendes et figures du jazz contemporain comme Al Di Meola, Gustavo Santaolalla et C\u00e9cile McLorin Salvant.<\/p>\n<ul>\n<li><a href=\"https:\/\/www.teatrocervantes.com\/es\/ciclos-y-festivales\/39-festival-internacional-de-jazz\/\" data-wpel-link=\"external\" rel=\"external noopener noreferrer\"><strong>Programme et billets<\/strong><\/a><\/li>\n<li>Quand : Du 3 au 10 novembre<\/li>\n<li>O\u00f9 : Th\u00e9\u00e2tre Cervantes, Malaga<\/li>\n<li><a href=\"https:\/\/maps.app.goo.gl\/uNgydL6SDEn8dUbn7\" data-wpel-link=\"external\" rel=\"external noopener noreferrer\"><strong>Comment s&rsquo;y rendre<\/strong><\/a><\/li>\n<\/ul>\n<h3><span class=\"ez-toc-section\" id=\"Blues_at_Moonlight_%E2%80%93_Benalmadena\"><\/span>Blues at Moonlight &#8211; Benalmadena<span class=\"ez-toc-section-end\"><\/span><\/h3>\n<p><img loading=\"lazy\" decoding=\"async\" class=\"alignnone wp-image-18299\" src=\"https:\/\/www.malagacar.com\/sp\/blog\/wp-content\/uploads\/2024\/11\/f_bluesatmoonlight2025-724x1024.jpg\" alt=\"Blues at Moonlight - Benalm\u00e1dena\" width=\"567\" height=\"802\" \/><\/p>\n<p>Chaque mois de novembre, le Rock &lsquo;n&rsquo; Roll Weekender, festival international de rockabilly et de musique roots am\u00e9ricaine, se d\u00e9roule au Sunset Hotel Beach de Benalm\u00e1dena, avec des performances live et des DJ l&rsquo;apr\u00e8s-midi et le soir.<\/p>\n<ul>\n<li><a href=\"https:\/\/bluesatmoonlight.com\/es\/\" data-wpel-link=\"external\" rel=\"external noopener noreferrer\"><strong>Site web et billetterie du festival<\/strong><\/a><\/li>\n<li>Quand : Du 20 au 23 novembr<\/li>\n<li>O\u00f9 : H\u00f4tel Sunset Beach, Benalm\u00e1dena<\/li>\n<li><a href=\"https:\/\/maps.app.goo.gl\/BWucpdUzquYXZKR18\" data-wpel-link=\"external\" rel=\"external noopener noreferrer\"><strong>Comment s&rsquo;y rendre<\/strong><\/a><\/li>\n<\/ul>\n<h3><span class=\"ez-toc-section\" id=\"Visite_theatrale_de_la_grotte_aux_tresors_%E2%80%93_Rincon_de_la_Victoria\"><\/span>Visite th\u00e9\u00e2trale de la grotte aux tr\u00e9sors &#8211; Rinc\u00f3n de la Victoria<span class=\"ez-toc-section-end\"><\/span><\/h3>\n<p><img loading=\"lazy\" decoding=\"async\" class=\"size-large wp-image-7849\" src=\"https:\/\/www.malagacar.com\/sp\/blog\/wp-content\/uploads\/2020\/03\/cueva-del-tesoro-1024x625.jpg\" alt=\"cueva del tesoro\" width=\"750\" height=\"458\" \/><\/p>\n<p>Remontez le temps et d\u00e9couvrez l&rsquo;histoire et les myst\u00e8res de la d\u00e9couverte de la Grotte au Tr\u00e9sor. Visites th\u00e9\u00e2tralis\u00e9es d&rsquo;une heure \u00e0 travers les diff\u00e9rentes galeries de la grotte.<\/p>\n<p>R\u00e9servation obligatoire pour cette activit\u00e9 via <a href=\"https:\/\/entradas.turismoenrincon.es\/\" data-wpel-link=\"external\" rel=\"external noopener noreferrer\"><strong>ce lien<\/strong><\/a>.<\/p>\n<ul>\n<li>Prochaines dates : 30 novembre I 28 d\u00e9cembre<\/li>\n<li>O\u00f9 : Grotte au tr\u00e9sor &#8211; Rinc\u00f3n de la Victoria<\/li>\n<li><a href=\"https:\/\/maps.app.goo.gl\/3sX5qj8EcDRxP7R37\" data-wpel-link=\"external\" rel=\"external noopener noreferrer\"><strong>Comment s&rsquo;y rendre<\/strong><\/a><\/li>\n<\/ul>\n<h3><span class=\"ez-toc-section\" id=\"Concerts_Candelight_%E2%80%93_Malaga\"><\/span>Concerts Candelight &#8211; Malaga<span class=\"ez-toc-section-end\"><\/span><\/h3>\n<p><a href=\"https:\/\/www.malagacar.com\/sp\/blog\/wp-content\/uploads\/2020\/01\/IMG_20211122_083656_009.jpg\" data-wpel-link=\"internal\"><img loading=\"lazy\" decoding=\"async\" class=\"alignnone wp-image-10160\" src=\"https:\/\/www.malagacar.com\/sp\/blog\/wp-content\/uploads\/2020\/01\/IMG_20211122_083656_009-768x1024.jpg\" alt=\"\" width=\"452\" height=\"602\" \/><\/a><\/p>\n<p>Dans la salle de concert Mar\u00eda Cristina, un monast\u00e8re franciscain du XVe si\u00e8cle situ\u00e9 au c\u0153ur de Malaga, \u00e0 l&rsquo;acoustique exceptionnelle et \u00e0 la beaut\u00e9 unique.<\/p>\n<p>R\u00e9cemment, de plus en plus de lieux uniques de Malaga se sont joints \u00e0 cette exp\u00e9rience, comme le mus\u00e9e Carmen Thyssen et maintenant le Gran Hotel Miramar.<\/p>\n<p>Nous vous recommandons personnellement cette exp\u00e9rience de concerts classiques et d&rsquo;hommages \u00e0 la lumi\u00e8re des bougies.<\/p>\n<h4>Programme Novembre<\/h4>\n<p><strong>Les Quatre Saisons de Vivaldi<\/strong>, au Gran Hotel Miramar, le 2 novembre<br \/>\n<strong>Hommage \u00e0 ABBA<\/strong>, au Gran Hotel Miramar, le 2 novembre<br \/>\n<strong>Coldplay vs. Ed Sheeran<\/strong>, au Mus\u00e9e Carmen Thyssen, le 8 novembre<br \/>\n<strong>Hommage \u00e0 Hans Zimmer<\/strong>, au Gran Hotel Miramar, les 9 et 30 novembre<br \/>\n<strong>Hommage \u00e0 Queen &amp; The Beatles<\/strong>, au Gran Hotel Miramar, les 9 et 23 novembre<br \/>\n<strong>Bandes sonores magiques<\/strong>, \u00e0 la Sala Mar\u00eda Cristina, le 14 novembre<br \/>\n<strong>Hommage \u00e0 Ludovico Einaudi<\/strong>, \u00e0 la Sala Mar\u00eda Cristina, le 14 novembre<br \/>\n<strong>Anneaux et Dragons<\/strong>, au Mus\u00e9e Carmen Thyssen, le 16 novembre<br \/>\n<strong>Hommage \u00e0 ABBA<\/strong>, au Gran Hotel Miramar, les 2 et 23 novembre<br \/>\n<strong>Coldplay vs. Imagine Dragons<\/strong>, au Mus\u00e9e Carmen Thyssen, le 29 novembre<br \/>\n<strong>Le meilleur d&rsquo;Ennio Morricone<\/strong>, au Gran Hotel Miramar, le 30 novembre<\/p>\n<ul>\n<li>Billets \u00e0 <a href=\"https:\/\/feverup.com\/malaga\/candlelight?utm_content=candlelight&amp;utm_source=malagasecreta&amp;utm_medium=post&amp;utm_term=cta3\" data-wpel-link=\"external\" rel=\"external noopener noreferrer\"><strong>Feverup<\/strong><\/a><\/li>\n<li>O\u00f9 : <a href=\"https:\/\/maps.app.goo.gl\/BACwA2S7rGRWoCWWA\" data-wpel-link=\"external\" rel=\"external noopener noreferrer\"><strong>Sala de Conciertos Mar\u00eda Cristina<\/strong><\/a>, <a href=\"https:\/\/maps.app.goo.gl\/fL8iZoUwDAsAEMzL8\" data-wpel-link=\"external\" rel=\"external noopener noreferrer\"><strong>Museo Carmen Thyssen,<\/strong><\/a> <a href=\"https:\/\/maps.app.goo.gl\/72v8MZ3kaGEw7Kc17\" data-wpel-link=\"external\" rel=\"external noopener noreferrer\"><strong>Gran Hotel Miramar<\/strong><\/a>, <a href=\"https:\/\/maps.app.goo.gl\/kyQacJ5dPcu33NXZ6\" data-wpel-link=\"external\" rel=\"external noopener noreferrer\"><strong>Automobile Museum<\/strong><\/a> et <a href=\"https:\/\/www.malagacar.com\/fr\/blog\/loisirs\/jardin-botanique-historique-malaga\/\" data-wpel-link=\"internal\"><strong>Jardin Botanique historique<\/strong><\/a>, Malaga<\/li>\n<\/ul>\n<h3><span class=\"ez-toc-section\" id=\"Concerts_Candelight_%E2%80%93_Marbella\"><\/span>Concerts Candelight &#8211; Marbella<span class=\"ez-toc-section-end\"><\/span><\/h3>\n<p><img loading=\"lazy\" decoding=\"async\" class=\"size-full wp-image-14240\" src=\"https:\/\/www.malagacar.com\/sp\/blog\/wp-content\/uploads\/2022\/08\/CandleLight_VillaPadierna-Foto-Malagasecreta.jpg\" alt=\"Candlelight Conciertos Marbella\" width=\"1024\" height=\"684\" \/><\/p>\n<p>\u00c0 l&rsquo;h\u00f4tel 5 \u00e9toiles Anantara Villa Padierna Palace.<\/p>\n<h4>Programme Novembre<\/h4>\n<p><strong>Hommage \u00e0 Coldplay<\/strong>, 1er novembre<br \/>\n<strong>Queen vs ABBA<\/strong>, 1er novembre<br \/>\n<strong>Hommage \u00e0 Hans Zimmer<\/strong>, 15 novembre<br \/>\n<strong>Les Quatre Saisons de Vivaldi<\/strong>, 15 novembre<br \/>\n<strong>Coldplay vs Imagine Dragons<\/strong>, 29 novembre<br \/>\n<strong>Hommage \u00e0 Queen<\/strong>, 29 novembre<\/p>\n<ul>\n<li>Billets sur le site officiel de <a href=\"https:\/\/feverup.com\/malaga\/candlelight?utm_content=candlelight&amp;utm_source=malagasecreta&amp;utm_medium=post&amp;utm_term=cta3\" data-wpel-link=\"external\" rel=\"external noopener noreferrer\"><strong>Feverup<\/strong><\/a><\/li>\n<li><a href=\"https:\/\/maps.app.goo.gl\/eEjC7paTFxs7jW1K9\" data-wpel-link=\"external\" rel=\"external noopener noreferrer\"><strong>Comment s&rsquo;y rendre<\/strong><\/a><\/li>\n<\/ul>\n<h3><span class=\"ez-toc-section\" id=\"ToutDanse_%E2%80%93_Marbella\"><\/span>ToutDanse \u2013 Marbella<span class=\"ez-toc-section-end\"><\/span><\/h3>\n<p><img loading=\"lazy\" decoding=\"async\" class=\"alignnone size-full wp-image-18233\" src=\"https:\/\/www.malagacar.com\/sp\/blog\/wp-content\/uploads\/2025\/09\/Marbella-todo-danza.jpg\" alt=\"Marbella TodoDanza \" width=\"473\" height=\"816\" \/><\/p>\n<p>La 16e \u00e9dition du Festival TodoDanza de Marbella se tiendra du 4 octobre au 8 novembre.<br \/>\nIl s&rsquo;agit d&rsquo;un \u00e9v\u00e9nement incontournable du calendrier culturel de Marbella, proposant des spectacles de danse contemporaine et de flamenco avec la participation de 13 compagnies et de plus de 40 artistes.<\/p>\n<p>L&rsquo;\u00e9v\u00e9nement aura lieu dans diff\u00e9rents lieux de la ville, notamment au Th\u00e9\u00e2tre Ciudad de Marbella, au Mus\u00e9e de la Gravure Espagnole Contemporaine, \u00e0 la Biblioth\u00e8que Centrale Fernando Alcal\u00e1 Mar\u00edn, \u00e0 l&rsquo;H\u00f4pital Royal de la Misericordia, au Cortijo Miraflores et dans des espaces publics en plein air.<\/p>\n<ul>\n<li><a href=\"https:\/\/www.marbella.es\/agenda\/cultura-y-ensenanza\/16o-festival-marbella-tododanza-2025.html\" data-wpel-link=\"external\" rel=\"external noopener noreferrer\"><strong>Programme complet<\/strong><\/a><\/li>\n<li>Quand : Du 4 octobre au 8 novembre<\/li>\n<li>O\u00f9 : Marbella<\/li>\n<li><a href=\"https:\/\/maps.app.goo.gl\/bzerG7tnDRHYfZ289\" data-wpel-link=\"external\" rel=\"external noopener noreferrer\"><strong>Comment s&rsquo;y rendre<\/strong><\/a><\/li>\n<\/ul>\n<h3><span class=\"ez-toc-section\" id=\"Moments_Festival_%E2%80%93_Malaga\"><\/span>Moments Festival \u2013 Malaga<span class=\"ez-toc-section-end\"><\/span><\/h3>\n<p><img loading=\"lazy\" decoding=\"async\" class=\"alignnone size-large wp-image-18224\" src=\"https:\/\/www.malagacar.com\/sp\/blog\/wp-content\/uploads\/2025\/09\/moments-festival-1024x535.jpg\" alt=\"Moments Festival \u2013 M\u00e1laga\" width=\"750\" height=\"392\" \/><\/p>\n<p>Ce festival, d\u00e9di\u00e9 aux cultures et arts contemporains, en est \u00e0 sa 12e \u00e9dition. Il se d\u00e9roulera dans diff\u00e9rents lieux de Malaga et proposera pr\u00e8s de 200 activit\u00e9s, dont des ateliers, des rencontres, des expositions, des concerts, des \u00e9v\u00e9nements caritatifs, des remises de prix, des performances, des fresques murales et d&rsquo;autres \u00e9v\u00e9nements.<\/p>\n<ul>\n<li>Programme sur le <a href=\"https:\/\/www.momentsfestival.org\/calendario\/calendario-moments-malaga\/\" data-wpel-link=\"external\" rel=\"external noopener noreferrer\"><strong>site officiel<\/strong><\/a><\/li>\n<li>Quand : Du 21 octobre au 15 novembre<\/li>\n<li>O\u00f9\u00a0: Malaga<\/li>\n<\/ul>\n<h3><span class=\"ez-toc-section\" id=\"Danse_Malaga_%E2%80%93_Malaga\"><\/span>Danse Malaga &#8211; Malaga<span class=\"ez-toc-section-end\"><\/span><\/h3>\n<p><img loading=\"lazy\" decoding=\"async\" class=\"alignnone wp-image-18128\" src=\"https:\/\/www.malagacar.com\/sp\/blog\/wp-content\/uploads\/2024\/09\/danza-malaga-1024x1024.jpg\" alt=\"Danza M\u00e1laga\" width=\"600\" height=\"600\" \/><\/p>\n<p>Danza Malaga se d\u00e9roulera d&rsquo;octobre 2025 \u00e0 janvier 2026 et proposera 12 repr\u00e9sentations au Th\u00e9\u00e2tre Cervantes de Malaga.<\/p>\n<p>Le Th\u00e9\u00e2tre Cervantes de Malaga accueillera des danseurs et des compagnies de renom tels que Nacho Duato, Eva Yerbabuena, Mar\u00eda Pag\u00e9s et Olga Pericet, pr\u00e9sentant des chor\u00e9graphies nouvelles et classiques, ainsi que des spectacles pour enfants.<\/p>\n<ul>\n<li><a href=\"https:\/\/teatrocervantes.es\/?fbclid=IwY2xjawMk48BleHRuA2FlbQIxMAABHjdKZVLWmJ1KQmgrw4cgMldd2oCkGC3vdvanDejSaeSSlVGpQOm5wxZcI1-h_aem_9KwostkICqDeL9z4qYdfhg\/ciclos-y-festivales\/danza-malaga-2025\/\" data-wpel-link=\"external\" rel=\"external noopener noreferrer\"><strong>Programme et billets<\/strong><\/a><\/li>\n<\/ul>\n<h3><span class=\"ez-toc-section\" id=\"Pleine_lune_a_Hydros_Spa_%E2%80%93_Benalmadena\"><\/span>Pleine lune \u00e0 Hydros Spa &#8211; Benalmadena<span class=\"ez-toc-section-end\"><\/span><\/h3>\n<p><img loading=\"lazy\" decoding=\"async\" class=\"alignnone size-full wp-image-15528\" src=\"https:\/\/www.malagacar.com\/sp\/blog\/wp-content\/uploads\/2023\/05\/Noche-spa-hydros.jpg\" alt=\"Hydros Spa Benalm\u00e1dena\" width=\"900\" height=\"471\" \/><\/p>\n<p>Nous incluons \u00e9galement une proposition diff\u00e9rente de l&rsquo;h\u00f4tel Holiday World de Benalm\u00e1dena : Profitez du spa pendant la nuit de la pleine lune.<\/p>\n<p>Profitez de la magie d&rsquo;une s\u00e9ance de spa nocturne de 60 minutes avec une vue spectaculaire sur la baie de Benalmadena et Fuengirola, co\u00efncidant avec la pleine lune.<\/p>\n<p>Avec une boisson de bienvenue et des fruits, des attentions particuli\u00e8res. Parfait pour un couple ou des amis.<\/p>\n<ul>\n<li><a href=\"https:\/\/pwa.holidayworld.es\/?hotel=experiencias\" data-wpel-link=\"external\" rel=\"external noopener noreferrer\"><strong> R\u00e9servations <\/strong><\/a><\/li>\n<li>Quand : 8 novembre<\/li>\n<li><a href=\"https:\/\/maps.app.goo.gl\/8SV8SuFTrbvrLTgt8\" data-wpel-link=\"external\" rel=\"external noopener noreferrer\"><strong> Comment s&rsquo;y rendre<\/strong><\/a><\/li>\n<\/ul>\n<h3><span class=\"ez-toc-section\" id=\"Semi-marathon_%E2%80%93_Fuengirola\"><\/span>Semi-marathon\u00a0&#8211; Fuengirola<span class=\"ez-toc-section-end\"><\/span><\/h3>\n<p><img loading=\"lazy\" decoding=\"async\" class=\"alignnone wp-image-18305\" src=\"https:\/\/www.malagacar.com\/sp\/blog\/wp-content\/uploads\/2024\/11\/maraton-fuengirola-724x1024.jpeg\" alt=\"Media Marat\u00f3n - Fuengirola\" width=\"550\" height=\"778\" \/><\/p>\n<p>Le 8e semi-marathon de Fuengirola aura lieu le 9 novembre. Cette course homologu\u00e9e se d\u00e9roulera enti\u00e8rement sur asphalte, avec un parcours enti\u00e8rement plat et une distance de 21,097 kilom\u00e8tres.<\/p>\n<p>Le d\u00e9part sera donn\u00e9 \u00e0 9h30 au parc des expositions de Fuengirola.<\/p>\n<ul>\n<li><a href=\"https:\/\/www.dorsalchip.es\/carrera\/2025\/11\/9\/VIII_Media_Maraton_de_Fuengirola.aspx\" data-wpel-link=\"external\" rel=\"external noopener noreferrer\"><strong>Informations compl\u00e9mentaires et inscription<\/strong><\/a><strong>\u00a0<\/strong><\/li>\n<\/ul>\n<h3><span class=\"ez-toc-section\" id=\"FanCine_%E2%80%93_Malaga\"><\/span>FanCine &#8211; Malaga<span class=\"ez-toc-section-end\"><\/span><\/h3>\n<p><img loading=\"lazy\" decoding=\"async\" class=\"alignnone size-full wp-image-18307\" src=\"https:\/\/www.malagacar.com\/sp\/blog\/wp-content\/uploads\/2024\/11\/cartel-Fancine-2025.jpg\" alt=\"FanCine - M\u00e1laga\" width=\"750\" height=\"500\" \/><\/p>\n<p>La 35e \u00e9dition du Festival du Film Fantastique de l&rsquo;Universit\u00e9 de Malaga se tiendra du 12 au 18 novembre.<\/p>\n<p>De nombreuses activit\u00e9s seront propos\u00e9es, notamment des expositions, des conf\u00e9rences, des concours et des ateliers pour enfants, un concert de musique de film et, bien s\u00fbr, des projections au cin\u00e9ma Alb\u00e9niz, en plein c\u0153ur historique de Malaga.<\/p>\n<p>La grande majorit\u00e9 des activit\u00e9s parall\u00e8les se d\u00e9rouleront dans le nouveau Centre Culturel du campus de Teatinos.<\/p>\n<ul>\n<li>Informations et programme sur le site officiel de <a href=\"https:\/\/fancine.org\/\" data-wpel-link=\"external\" rel=\"external noopener noreferrer\"><strong>Fancine<\/strong><\/a><\/li>\n<li>Quand : Du 12 au 18 novembre<\/li>\n<li>Comment s&rsquo;y rendre\u00a0: <a href=\"https:\/\/maps.app.goo.gl\/L3CnifE4erqpUJt6A\" data-wpel-link=\"external\" rel=\"external noopener noreferrer\"><strong>Campus Contenedor Cultural Teatinos<\/strong><\/a> et <a href=\"https:\/\/maps.app.goo.gl\/KGAGryuBpiuK57Fe7\" data-wpel-link=\"external\" rel=\"external noopener noreferrer\"><strong>Cine Alb\u00e9niz<\/strong><\/a><\/li>\n<\/ul>\n<h3><span class=\"ez-toc-section\" id=\"Black_Friday_%E2%80%93_Malaga\"><\/span>Black Friday &#8211; Malaga<span class=\"ez-toc-section-end\"><\/span><\/h3>\n<p><img loading=\"lazy\" decoding=\"async\" class=\"alignnone size-large wp-image-18308\" src=\"https:\/\/www.malagacar.com\/sp\/blog\/wp-content\/uploads\/2024\/11\/malaga-black-friday-2025-1024x683.jpg\" alt=\"Black Friday - M\u00e1laga\" width=\"750\" height=\"500\" \/><\/p>\n<p>Si <a href=\"https:\/\/www.malagacar.com\/fr\/blog\/loisirs\/halloween-a-malaga\/\" data-wpel-link=\"internal\"><strong>Halloween \u00e0 Malaga<\/strong><\/a> existe depuis quelques ann\u00e9es d\u00e9j\u00e0, le Black Friday est \u00e9galement un \u00e9v\u00e9nement \u00e0 succ\u00e8s import\u00e9 des \u00c9tats-Unis. \u00c0 Malaga, il n&rsquo;existe que depuis une dizaine d&rsquo;ann\u00e9es, mais chaque ann\u00e9e, il fait de plus en plus d&rsquo;adeptes parmi les amateurs de shopping.<\/p>\n<p>Dans le centre historique de Malaga, le Black Friday peut \u00eatre une excellente occasion si vous souhaitez revenir de Malaga avec un petit cadeau.<\/p>\n<p>Voici quelques conseils pr\u00e9cieux pour faire de votre <a href=\"https:\/\/www.malagacar.com\/fr\/blog\/loisirs\/black-friday-malaga\/\" data-wpel-link=\"internal\"><strong>Black Friday \u00e0 Malaga<\/strong><\/a> une exp\u00e9rience agr\u00e9able.<\/p>\n<ul>\n<li>Quand : 28 novembre<\/li>\n<li>O\u00f9 : Malaga, centre ville<\/li>\n<li><a href=\"https:\/\/maps.app.goo.gl\/diQZurgnsj7K8Eaq9\" data-wpel-link=\"external\" rel=\"external noopener noreferrer\"><strong> Comment s&rsquo;y rendre <\/strong><\/a><\/li>\n<\/ul>\n<h3><span class=\"ez-toc-section\" id=\"Illumination_de_Noel_%E2%80%93_Malaga\"><\/span>Illumination de No\u00ebl &#8211; Malaga<span class=\"ez-toc-section-end\"><\/span><\/h3>\n<p>Cette ann\u00e9e, l&rsquo;illumination de No\u00ebl \u00e0 Malaga a lieu le <em><strong>28<\/strong><\/em> <em><strong>novembre<\/strong><\/em>.<\/p>\n<p>L&rsquo;\u00e9clairage sera allum\u00e9 en semaine de 18h30 \u00e0 minuit, et les week-ends et la veille des jours f\u00e9ri\u00e9s, jusqu&rsquo;\u00e0 deux heures du matin.<\/p>\n<p>Si vous \u00eates dans la ville ou dans une ville voisine, ne manquez pas les spectaculaires <a href=\"https:\/\/www.malagacar.com\/fr\/blog\/loisirs\/illuminations-de-noel-malaga\/\" data-wpel-link=\"internal\"><strong>illuminations de No\u00ebl \u00e0 Malaga<\/strong><\/a>, en particulier dans la rue Larios, la principale art\u00e8re commerciale de la ville, et la Plaza de la Constituci\u00f3n. Regardez la vid\u00e9o pour avoir une id\u00e9e !<\/p>\n<p><iframe loading=\"lazy\" title=\"Lecteur vid\u00e9o YouTube\" src=\"https:\/\/www.youtube.com\/embed\/IiRGmQjbeqw\" width=\"1280\" height=\"720\" frameborder=\"0\" allowfullscreen=\"allowfullscreen\"><\/iframe><\/p>\n<p>Cette ann\u00e9e, l&rsquo;allumage des lumi\u00e8res de No\u00ebl co\u00efncide avec\u00a0le <a href=\"https:\/\/www.malagacar.com\/fr\/blog\/loisirs\/black-friday-malaga\/\" data-wpel-link=\"internal\"><strong>Black Friday<\/strong><\/a>, le vendredi des r\u00e9ductions, une initiative import\u00e9e des \u00c9tats-Unis pour encourager la consommation, marquant le coup d&rsquo;envoi des achats de No\u00ebl.<\/p>\n<ul>\n<li>Quand : du\u00a0 28 novembre aux Rois<\/li>\n<li>O\u00f9 : Rue Larios et Plaza de la Constituci\u00f3n<\/li>\n<li><a href=\"https:\/\/maps.app.goo.gl\/diQZurgnsj7K8Eaq9\" data-wpel-link=\"external\" rel=\"external noopener noreferrer\"><strong>Comment s&rsquo;y rendre<\/strong><\/a><\/li>\n<\/ul>\n<h3><span class=\"ez-toc-section\" id=\"Les_Lumieres_du_Jardin_Botanique\"><\/span>Les Lumi\u00e8res du Jardin Botanique<span class=\"ez-toc-section-end\"><\/span><\/h3>\n<p><img loading=\"lazy\" decoding=\"async\" class=\"alignnone size-full wp-image-719\" src=\"https:\/\/www.malagacar.com\/fr\/blog\/wp-content\/uploads\/2023\/10\/jardin-de-noel-malaga.jpg\" alt=\"Jardin de No\u00ebl M\u00e1laga\" width=\"1200\" height=\"900\" srcset=\"https:\/\/www.malagacar.com\/fr\/blog\/wp-content\/uploads\/2023\/10\/jardin-de-noel-malaga.jpg 1200w, https:\/\/www.malagacar.com\/fr\/blog\/wp-content\/uploads\/2023\/10\/jardin-de-noel-malaga-300x225.jpg 300w, https:\/\/www.malagacar.com\/fr\/blog\/wp-content\/uploads\/2023\/10\/jardin-de-noel-malaga-1024x768.jpg 1024w, https:\/\/www.malagacar.com\/fr\/blog\/wp-content\/uploads\/2023\/10\/jardin-de-noel-malaga-768x576.jpg 768w\" sizes=\"auto, (max-width: 1200px) 100vw, 1200px\" \/><\/p>\n<p>Nous sommes ravis de vous annoncer que cette ann\u00e9e, Les Lumi\u00e8res du Botanique sont de retour.<\/p>\n<p>Du <strong>28 novembre au 6 janvier 2026<\/strong> vous pourrez profiter de ce magnifique spectacle nocturne o\u00f9 le Jardin Botanique de la Concepci\u00f3n se transforme en une for\u00eat enchant\u00e9e de lumi\u00e8res et de sons.<\/p>\n<p>Des millions de points lumineux \u00e9claireront un parcours circulaire d&rsquo;environ 2,2 kilom\u00e8tres de long, <em><strong>transformant l&rsquo;un des jardins tropicaux les plus beaux et les plus importants d&rsquo;Espagne en un oc\u00e9an magique de splendeur<\/strong><\/em>.<\/p>\n<p>Nous avons assist\u00e9 aux \u00e9ditions qui ont eu lieu jusqu\u2019\u00e0 pr\u00e9sent, chacune ayant une th\u00e9matique tr\u00e8s diff\u00e9rente. L\u2019exp\u00e9rience nous a enchant\u00e9s et l\u2019anticipation de la surprise de cette ann\u00e9e est grande !<\/p>\n<p>Il est recommand\u00e9 de consulter notre article <a href=\"https:\/\/www.malagacar.com\/fr\/blog\/loisirs\/jardin-de-noel-malaga\/\" data-wpel-link=\"internal\"><strong>Les Lumi\u00e8res du Botanique<\/strong><\/a> pour tout ce que vous devez savoir. De premi\u00e8re main, ne le manquez pas !<\/p>\n<p><iframe loading=\"lazy\" title=\"YouTube video player\" src=\"https:\/\/www.youtube.com\/embed\/vn08cA7qgGE\" width=\"1280\" height=\"721\" frameborder=\"0\" allowfullscreen=\"allowfullscreen\"><\/iframe><\/p>\n<h3><span class=\"ez-toc-section\" id=\"Illumination_de_Noel_%E2%80%93_Fuengirola\"><\/span>Illumination de No\u00ebl &#8211; Fuengirola<span class=\"ez-toc-section-end\"><\/span><\/h3>\n<p><iframe loading=\"lazy\" title=\"Fuengirola Christmas Lights (Luces de Navidad) 2018 - VLOG106 [4K]\" src=\"https:\/\/www.youtube.com\/embed\/euSmK5hgZwI\" width=\"640\" height=\"360\" frameborder=\"0\" allowfullscreen=\"allowfullscreen\"><\/iframe><\/p>\n<p>Fuengirola c\u00e9l\u00e9brera No\u00ebl en illuminant la Plaza de Espa\u00f1a de ses feux d&rsquo;artifice le vendredi 28 novembre \u00e0 19h30, avec la participation de la chorale d&rsquo;enfants de l&rsquo;Hermandad del Roc\u00edo de Fuengirola et de l&rsquo;\u00e9cole de danse Chass\u00e9.<\/p>\n<p>Nouveaut\u00e9 cette ann\u00e9e\u00a0: un tunnel de lumi\u00e8re de 36 m\u00e8tres de long, une for\u00eat f\u00e9erique \u00e0 traverser, o\u00f9 des spectacles lumineux seront propos\u00e9s toutes les demi-heures, de 19h \u00e0 21h.<\/p>\n<p>Fuengirola est l&rsquo;une des villes de la Costa del Sol qui rivalise de cr\u00e9ativit\u00e9 pour ses illuminations de No\u00ebl. C&rsquo;est un v\u00e9ritable plaisir de fl\u00e2ner dans les rues et sur les places du centre historique et d&rsquo;admirer les moindres d\u00e9tails.<\/p>\n<p>L&rsquo;ambiance y est \u00e9galement tr\u00e8s anim\u00e9e, avec de nombreux bars ouverts et un march\u00e9 de No\u00ebl sur la Plaza de la Constituci\u00f3n durant tout le mois de d\u00e9cembre.<\/p>\n<ul>\n<li>Quand : 28 novembre \u00e0 19h30<\/li>\n<li>O\u00f9 : Plaza de Espa\u00f1a, Plaza de la Constituci\u00f3n et centre-ville de Fuengirola<\/li>\n<li><a href=\"https:\/\/maps.app.goo.gl\/x4qnqPMLcDWGh1y77\" data-wpel-link=\"external\" rel=\"external noopener noreferrer\"><strong>Comment s&rsquo;y rendre<\/strong><\/a><\/li>\n<\/ul>\n<h2><span class=\"ez-toc-section\" id=\"Marches_de_rue_a_Malaga_en_novembre\"><\/span>March\u00e9s de rue \u00e0 Malaga en novembre<span class=\"ez-toc-section-end\"><\/span><\/h2>\n<h3><span class=\"ez-toc-section\" id=\"Marche_urbain_de_SOHO\"><\/span>March\u00e9 urbain de SOHO<span class=\"ez-toc-section-end\"><\/span><\/h3>\n<p><img loading=\"lazy\" decoding=\"async\" class=\"alignnone size-large wp-image-18570\" src=\"https:\/\/www.malagacar.com\/sp\/blog\/wp-content\/uploads\/2025\/10\/mercadillo-soho-1024x540.jpg\" alt=\"Mercado urbano del SOHO\" width=\"750\" height=\"396\" \/><\/p>\n<p>Les rues de Soho, le quartier artistique de Malaga, accueillent ce march\u00e9 artisanal local chaque quatri\u00e8me dimanche du mois. C&rsquo;est le march\u00e9 id\u00e9al si vous recherchez des produits uniques. Vous y trouverez de l&rsquo;artisanat, de la mode \u00e9coresponsable, des bijoux de cr\u00e9ateurs, des cosm\u00e9tiques naturels et bien plus encore.<\/p>\n<p>L&rsquo;ambiance y est \u00e9galement tr\u00e8s agr\u00e9able, avec de nombreux bars \u00e0 proximit\u00e9, dont un restaurant v\u00e9g\u00e9tarien et un restaurant v\u00e9gan.<\/p>\n<ul>\n<li>Quand : 23 novembre, de 11h \u00e0 19h<\/li>\n<li>O\u00f9 : Calle Tom\u00e1s Heredia, M\u00e1laga<\/li>\n<li><a href=\"https:\/\/maps.app.goo.gl\/HPSuZ3ViQzq1EtXv6\" data-wpel-link=\"external\" rel=\"external noopener noreferrer\"><strong>Comment s&rsquo;y rendre<\/strong><\/a><\/li>\n<\/ul>\n<h3><span class=\"ez-toc-section\" id=\"Marche_aux_fromages_%E2%80%93_Coin\"><\/span>March\u00e9 aux fromages\u00a0 &#8211; Co\u00edn<span class=\"ez-toc-section-end\"><\/span><\/h3>\n<p><img loading=\"lazy\" decoding=\"async\" class=\"alignnone wp-image-18219\" src=\"https:\/\/www.malagacar.com\/sp\/blog\/wp-content\/uploads\/2025\/09\/mercado-quesos-coin-724x1024.jpg\" alt=\"Mercado de Quesos - Co\u00edn\" width=\"499\" height=\"706\" \/><\/p>\n<p>Au cas o\u00f9 vous ne le sauriez pas, le fromage de Malaga est fabriqu\u00e9 exclusivement \u00e0 partir de lait de ch\u00e8vre, selon la m\u00e9thode traditionnelle.<\/p>\n<p>Les March\u00e9s aux Fromages de Malaga se tiennent chaque mois et proposent plus de cinquante fromages de ch\u00e8vre diff\u00e9rents.<\/p>\n<p>Cet \u00e9v\u00e9nement se tiendra au March\u00e9 Agroalimentaire Guadalhorce de Co\u00edn, de 9h \u00e0 14h30.<\/p>\n<ul>\n<li>Prochaines dates : 16 novembre I 21 d\u00e9cembre<\/li>\n<li>O\u00f9 : Co\u00edn<\/li>\n<li><a href=\"https:\/\/maps.app.goo.gl\/EPpKnLXCHGaU6o799\" data-wpel-link=\"external\" rel=\"external noopener noreferrer\"><strong>Comment s&rsquo;y rendre<\/strong><\/a><\/li>\n<\/ul>\n<h3><span class=\"ez-toc-section\" id=\"Marche_de_lartisanat_La_Merced_%E2%80%93_Malaga\"><\/span>March\u00e9 de l&rsquo;artisanat La Merced &#8211; Malaga<span class=\"ez-toc-section-end\"><\/span><\/h3>\n<p><img loading=\"lazy\" decoding=\"async\" class=\"alignnone size-full wp-image-9843\" src=\"https:\/\/www.malagacar.com\/sp\/blog\/wp-content\/uploads\/2020\/11\/Plaza-Merced-Foto-VisitaCostadelSol.webp\" alt=\"\" width=\"750\" height=\"430\" \/><\/p>\n<p>Chaque premier dimanche du mois, ce march\u00e9 artisanal color\u00e9 se tient au c\u0153ur de la vieille ville, sur la Plaza de la Merced.<\/p>\n<p>Une id\u00e9e id\u00e9al si vous \u00eates un citadin et que vous aimez vous promener le dimanche sous les jacarandas en fleurs, puis prendre un verre aux nombreuses terrasses et restaurants qui entourent la place.<\/p>\n<ul>\n<li>Prochaine \u00e9dition : 2 novembre<\/li>\n<li><a href=\"https:\/\/goo.gl\/maps\/w3kV85d5km7FYWFFA\" data-wpel-link=\"external\" rel=\"external noopener noreferrer\"><strong> Comment s&rsquo;y rendre<\/strong><\/a><\/li>\n<\/ul>\n<h3><span class=\"ez-toc-section\" id=\"Le_marche_des_cimetieres_anglais_%E2%80%93_Malaga\"><\/span>Le march\u00e9 des cimeti\u00e8res anglais \u2013 Malaga<span class=\"ez-toc-section-end\"><\/span><\/h3>\n<p><img loading=\"lazy\" decoding=\"async\" class=\"alignnone size-full wp-image-16454\" src=\"https:\/\/www.malagacar.com\/sp\/blog\/wp-content\/uploads\/2024\/11\/Mercadillo-del-Ingles-1024x683-1.jpg\" alt=\"Mercadillo del Ingl\u00e9s \u2013 M\u00e1laga\" width=\"1024\" height=\"683\" \/><\/p>\n<p>Un nouveau format de march\u00e9 aux puces sp\u00e9cial vient s&rsquo;ajouter \u00e0 l&rsquo;offre culturelle de la ville.<\/p>\n<p>Une fois par mois, le <a href=\"https:\/\/www.malagacar.com\/fr\/blog\/loisirs\/curieux-cimetieres-malaga\/#Cimetiere_anglais_Malaga\" data-wpel-link=\"internal\"><strong>cimeti\u00e8re anglais<\/strong><\/a> du centre-ville accueille un march\u00e9 aux puces proposant de l&rsquo;artisanat, de la d\u00e9coration vintage, des livres d&rsquo;occasion, des c\u00e9ramiques et des produits uniques. L&rsquo;\u00e9v\u00e9nement propose \u00e9galement de la musique live et des food trucks.<\/p>\n<p>Ce qui est sp\u00e9cial, c&rsquo;est l&rsquo;endroit lui-m\u00eame, un lieu embl\u00e9matique plein de charme : le cimeti\u00e8re anglais, la plus ancienne n\u00e9cropole non catholique de la p\u00e9ninsule ib\u00e9rique. En vous promenant dans le magnifique jardin, vous pourrez d\u00e9couvrir les tombes des personnalit\u00e9s internationales de l&rsquo;\u00e9poque qui y ont \u00e9t\u00e9 enterr\u00e9es.<\/p>\n<p>Entr\u00e9e gratuite.<\/p>\n<ul>\n<li>Prochaine \u00e9dition sur le <a href=\"https:\/\/cementerioinglesmalaga.org\/\" data-wpel-link=\"external\" rel=\"external noopener noreferrer\"><strong>site officiel<\/strong><\/a><\/li>\n<li><a href=\"https:\/\/maps.app.goo.gl\/ibfgQuF52hBNZoD86\" data-wpel-link=\"external\" rel=\"external noopener noreferrer\"><strong>Comment s&rsquo;y rendre<\/strong><\/a><\/li>\n<\/ul>\n<h3><span class=\"ez-toc-section\" id=\"Marches_aux_puces_et_marches_de_rue_dans_la_province\"><\/span>March\u00e9s aux puces et march\u00e9s de rue dans la province<span class=\"ez-toc-section-end\"><\/span><\/h3>\n<p><a href=\"https:\/\/www.malagacar.com\/fr\/blog\/loisirs\/marches-de-rue-malaga\/\" data-wpel-link=\"internal\"><img loading=\"lazy\" decoding=\"async\" class=\"alignnone size-full wp-image-1208\" src=\"https:\/\/www.malagacar.com\/fr\/blog\/wp-content\/uploads\/2024\/05\/mercadillos-fr.jpg\" alt=\"march\u00e9s de rue \u00e0 M\u00e1laga\" width=\"1200\" height=\"691\" srcset=\"https:\/\/www.malagacar.com\/fr\/blog\/wp-content\/uploads\/2024\/05\/mercadillos-fr.jpg 1200w, https:\/\/www.malagacar.com\/fr\/blog\/wp-content\/uploads\/2024\/05\/mercadillos-fr-300x173.jpg 300w, https:\/\/www.malagacar.com\/fr\/blog\/wp-content\/uploads\/2024\/05\/mercadillos-fr-1024x590.jpg 1024w, https:\/\/www.malagacar.com\/fr\/blog\/wp-content\/uploads\/2024\/05\/mercadillos-fr-768x442.jpg 768w\" sizes=\"auto, (max-width: 1200px) 100vw, 1200px\" \/><\/a><\/p>\n<p>Les municipalit\u00e9s de la Costa del Sol proposent un large \u00e9ventail de march\u00e9s de rue et de march\u00e9s aux puces hebdomadaires.<\/p>\n<p>On y trouve de tout : fruits et l\u00e9gumes frais, fruits secs et noix, olives et \u00e9pices, jouets, poterie et artisanat typique, v\u00eatements, chaussures, fleurs et pots, faux articles de marque et bien d&rsquo;autres choses encore.<\/p>\n<ul>\n<li>Voici tous les <a href=\"https:\/\/www.malagacar.com\/fr\/blog\/loisirs\/marches-de-rue-malaga\/\" data-wpel-link=\"internal\"><strong>March\u00e9s aux puces &amp; March\u00e9s de rue \u00e0 Malaga et sur la Costa del Sol<\/strong><\/a><\/li>\n<\/ul>\n<h2><span class=\"ez-toc-section\" id=\"Visite_des_musees_de_Malaga\"><\/span>Visite des mus\u00e9es de Malaga<span class=\"ez-toc-section-end\"><\/span><\/h2>\n<figure id=\"attachment_6633\" aria-describedby=\"caption-attachment-6633\" style=\"width: 700px\" class=\"wp-caption alignnone\"><img loading=\"lazy\" decoding=\"async\" class=\"wp-image-6633 size-full\" src=\"https:\/\/www.malagacar.com\/blog\/wp-content\/uploads\/2020\/01\/museo-picasso-vista-nocturna.jpg\" alt=\"\" width=\"700\" height=\"450\" \/><figcaption id=\"caption-attachment-6633\" class=\"wp-caption-text\">Vue nocturne du Mus\u00e9e Picasso<\/figcaption><\/figure>\n<ul>\n<li>Beaucoup de <a href=\"https:\/\/www.malagacar.com\/fr\/blog\/loisirs\/meilleurs-musees-malaga\/\" data-wpel-link=\"internal\"><strong>mus\u00e9es de M\u00e1laga<\/strong><\/a> en plus de leurs installations fixes offrent souvent des expositions temporaires.<\/li>\n<li>Emplacement de tous les <strong><a href=\"https:\/\/goo.gl\/maps\/xLvkHvv8x5NJm199A\" data-wpel-link=\"external\" rel=\"external noopener noreferrer\">Mus\u00e9es de M\u00e1laga en un coup d&rsquo;\u0153il<\/a>.<\/strong><\/li>\n<\/ul>\n<h3><span class=\"ez-toc-section\" id=\"Visites_guidees_jardin_botanique_historique_de_La_Concepcion_%E2%80%93_Malaga\"><\/span>Visites guid\u00e9es jardin botanique historique de La Concepci\u00f3n &#8211; Malaga<span class=\"ez-toc-section-end\"><\/span><\/h3>\n<p><img loading=\"lazy\" decoding=\"async\" class=\"alignnone wp-image-15201\" src=\"https:\/\/www.malagacar.com\/sp\/blog\/wp-content\/uploads\/2023\/02\/Botanico.jpg\" alt=\"Visitas guiadas en el Jard\u00edn Bot\u00e1nico Hist\u00f3rico La Concepci\u00f3n\" width=\"594\" height=\"833\" \/><\/p>\n<p>Les visites guid\u00e9es du jardin de La Concepci\u00f3n sont de retour. Profitez d&rsquo;une visite guid\u00e9e du magnifique historique <a href=\"https:\/\/www.malagacar.com\/fr\/blog\/loisirs\/jardin-botanique-historique-malaga\/\" data-wpel-link=\"internal\"><strong>jardin botanique La Concepci\u00f3n<\/strong><\/a> les week-ends, de jour comme de nuit.<\/p>\n<p>\u00ab\u00a0Promenades de charme\u00a0\u00bb auront lieu les samedis et dimanches \u00e0 midi. Les vendredis \u00e0 la tomb\u00e9e de la nuit, il y aura des \u00ab\u00a0Nuits avec l&rsquo;histoire\u00a0\u00bb (d&rsquo;octobre \u00e0 mars \u00e0 20 heures, d&rsquo;avril \u00e0 septembre \u00e0 21 heures). Les visites guid\u00e9es durent environ 1 heure et demie.<\/p>\n<ul>\n<li>Information et r\u00e9servations: <a href=\"mailto:infojbotanicomalaga@gmail.com\">infojbotanicomalaga@gmail.com<\/a> ou les t\u00e9l\u00e9phones +34 951926180 \/ +34 639914055.<\/li>\n<li><a href=\"https:\/\/maps.app.goo.gl\/yE9TdeVfEzp1q8nF7\" data-wpel-link=\"external\" rel=\"external noopener noreferrer\"><strong> Comment s&rsquo;y rendre <\/strong><\/a><\/li>\n<\/ul>\n<h3><span class=\"ez-toc-section\" id=\"Visite_de_la_Brasserie_Victoria_%E2%80%93_Malaga\"><\/span>Visite de la Brasserie Victoria &#8211; Malaga<span class=\"ez-toc-section-end\"><\/span><\/h3>\n<p><img loading=\"lazy\" decoding=\"async\" class=\"alignnone size-full wp-image-16182\" src=\"https:\/\/www.malagacar.com\/sp\/blog\/wp-content\/uploads\/2023\/10\/cerveza-victoria.jpg\" alt=\"F\u00e1brica de cerveza Victoria - M\u00e1laga\" width=\"900\" height=\"471\" \/><\/p>\n<p>Saviez-vous que Cervezas Victoria propose des visites guid\u00e9es pour d\u00e9couvrir son processus de production et son histoire ?<\/p>\n<p>Si vous aimez la bi\u00e8re, vous pourriez \u00eatre int\u00e9ress\u00e9 par la visite de cette brasserie 100% Malague\u00f1a.<\/p>\n<p>C&rsquo;est une visite de 90 minutes au cours de laquelle vous d\u00e9couvrirez de premi\u00e8re main les secrets de la bi\u00e8re Victoria \u00ab\u00a0Malague\u00f1a y exquisita\u00a0\u00bb et bien s\u00fbr, vous les go\u00fbterez !<\/p>\n<ul>\n<li>Visites guid\u00e9es disponibles en espagnol et en anglais sur <a href=\"https:\/\/visitas.cervezavictoria.es\/muslinkIII_vic_nofr\/venda\/index.jsp?lang=1&amp;nom_cache=VICTORIA&amp;property=VICTORIA#close\" target=\"_blank\" rel=\"nofollow noopener external noreferrer\" data-wpel-link=\"external\"><strong>ce lien<\/strong><\/a>.<\/li>\n<li><a href=\"https:\/\/www.cervezavictoria.es\/es\" target=\"_blank\" rel=\"nofollow noopener external noreferrer\" data-wpel-link=\"external\"><strong>Site web<\/strong><\/a><\/li>\n<li><a href=\"https:\/\/goo.gl\/maps\/xkcUqWb22oHAaqFc6\" target=\"_blank\" rel=\"nofollow noopener external noreferrer\" data-wpel-link=\"external\"><strong>Comment s&rsquo;y rendre<\/strong><\/a><\/li>\n<\/ul>\n<h3><span class=\"ez-toc-section\" id=\"Visites_nocturnes_theatralisees_musee_de_lautomobile_%E2%80%93_Malaga\"><\/span>Visites nocturnes th\u00e9\u00e2tralis\u00e9es mus\u00e9e de l&rsquo;automobile &#8211; Malaga<span class=\"ez-toc-section-end\"><\/span><\/h3>\n<p><img loading=\"lazy\" decoding=\"async\" class=\" wp-image-9447\" src=\"https:\/\/www.malagacar.com\/sp\/blog\/wp-content\/uploads\/2021\/09\/museo-automovilistico2.jpg\" alt=\"Museo Automovil\u00edstico\" width=\"925\" height=\"618\" \/><\/p>\n<p>Profitez d&rsquo;une visite nocturne th\u00e9\u00e2tralis\u00e9e au mus\u00e9e de l&rsquo;automobile et de la mode de Malaga. Les visiteurs peuvent d\u00e9couvrir l&rsquo;histoire des voitures historiques \u00e0 travers des personnages pertinents.<\/p>\n<p>Parmi ces personnages, on trouve l&rsquo;agent 007, qui renouvelle son permis de tuer, ou Amelia Earhart, la premi\u00e8re femme aviatrice \u00e0 avoir travers\u00e9 l&rsquo;Atlantique, Coco Chanel ou Salvador Dal\u00ed. La visite dure une heure et demie.<\/p>\n<ul>\n<li>Billets au <a href=\"https:\/\/historiavivamalaga.es\/visitas-teatralizadas-en-malaga\/museo-automovilistico-y-de-la-moda-en-malaga\/\" data-wpel-link=\"external\" rel=\"external noopener noreferrer\"><strong> Site web<\/strong><\/a><\/li>\n<li>Quand : Le premier vendredi de chaque mois (dans la mesure o\u00f9 le calendrier des \u00e9v\u00e9nements du mus\u00e9e le permet)<\/li>\n<li>O\u00f9 : Museo Automovil\u00edstico y de la Moda M\u00e1laga<\/li>\n<li><a href=\"https:\/\/maps.app.goo.gl\/G5hqDkF77EADCBBg8\" data-wpel-link=\"external\" rel=\"external noopener noreferrer\"><strong> Comment s&rsquo;y rendre<\/strong><\/a><\/li>\n<\/ul>\n<h2><span class=\"ez-toc-section\" id=\"Fetes_gastronomiques_a_Malaga_en_novembre\"><\/span>F\u00eates gastronomiques \u00e0 Malaga en novembre<span class=\"ez-toc-section-end\"><\/span><\/h2>\n<h3><span class=\"ez-toc-section\" id=\"Fete_de_la_chataigne_%E2%80%93_Alcaucin\"><\/span>F\u00eate de la ch\u00e2taigne &#8211; Alcauc\u00edn<span class=\"ez-toc-section-end\"><\/span><\/h3>\n<p><img loading=\"lazy\" decoding=\"async\" class=\"alignnone size-large wp-image-18351\" src=\"https:\/\/www.malagacar.com\/sp\/blog\/wp-content\/uploads\/2024\/11\/fiesta-castana-alcaucin-1024x534.jpg\" alt=\"Fiesta de la Casta\u00f1a - Alcauc\u00edn\" width=\"750\" height=\"391\" \/><\/p>\n<p>Visitez le beau village blanc d&rsquo;Alcauc\u00edn pendant sa f\u00eate de la ch\u00e2taigne.<\/p>\n<p>Situ\u00e9 dans la r\u00e9gion de l&rsquo;Axarquia, \u00e0 l&rsquo;est de la Costa del Sol, Alcaucin se trouve sur les contreforts de la Sierra Tejeda.<\/p>\n<p>Le 8 novembre, les villageois vous invitent \u00e0 leur f\u00eate de la ch\u00e2taigne, qui commence \u00e0 midi sur la place principale. Les visiteurs pourront d\u00e9guster gratuitement des ch\u00e2taignes, des patates douces, des mantecados et un verre d&rsquo;anisette. Le tout sera accompagn\u00e9 d&rsquo;un march\u00e9 de rue et de musique en direct.<\/p>\n<p>Au total, plus de 300 kilos de ch\u00e2taignes et 200 kilos de patates douces seront distribu\u00e9s, ainsi que de l&rsquo;anis et environ 50 kilos du traditionnel mantecado (biscuit typique) \u00e0 la double cannelle.<\/p>\n<ul>\n<li>Quand : le 8 novembre \u00e0 partir de 12 heures<\/li>\n<li>O\u00f9 : Alcauc\u00edn<\/li>\n<li><a href=\"https:\/\/maps.app.goo.gl\/wAJLwcmvzjMTtucm7\" data-wpel-link=\"external\" rel=\"external noopener noreferrer\"><strong>Comment s&rsquo;y rendre<\/strong><\/a><\/li>\n<\/ul>\n<h3><span class=\"ez-toc-section\" id=\"Festival_du_lapin_%E2%80%93_Parauta\"><\/span>Festival du lapin &#8211; Parauta<span class=\"ez-toc-section-end\"><\/span><\/h3>\n<p><img loading=\"lazy\" decoding=\"async\" class=\"alignnone size-full wp-image-16260\" src=\"https:\/\/www.malagacar.com\/sp\/blog\/wp-content\/uploads\/2024\/10\/parauta-fiesta-coneji-Foto-Diputacion-de-Malaga.jpg\" alt=\"parauta fiesta conejo\" width=\"897\" height=\"632\" \/><\/p>\n<p>Le village blanc de Parauta, dans la vall\u00e9e du Genal, vous invite \u00e0 d\u00e9guster son plat traditionnel pr\u00e9par\u00e9 par les agriculteurs lors de la f\u00eate du lapin.<\/p>\n<p>\u00c0 partir de 12h30, les visiteurs pourront profiter de la gastronomie de montagne, avec des d\u00e9gustations gratuites de ce plat traditionnel \u00e0 base de riz, de lapin et de l\u00e9gumes, ainsi que de p\u00e2tisseries typiques de la r\u00e9gion.<\/p>\n<p>Un vaste programme de musique traditionnelle sera propos\u00e9 par des orchestres verdiales dans les rues du village.<\/p>\n<ul>\n<li>Quand : 10 novembre \u00e0 partir de 12h30<\/li>\n<li>O\u00f9 : Parauta<\/li>\n<li><a href=\"https:\/\/maps.app.goo.gl\/sBfHT2Thcektqf6w5\" data-wpel-link=\"external\" rel=\"external noopener noreferrer\"><strong>Comment s&rsquo;y rendre<\/strong><\/a><\/li>\n<\/ul>\n<h3><span class=\"ez-toc-section\" id=\"Toston_populaire_%E2%80%93_Ojen\"><\/span>Tost\u00f3n populaire &#8211; Oj\u00e9n<span class=\"ez-toc-section-end\"><\/span><\/h3>\n<figure id=\"attachment_18321\" aria-describedby=\"caption-attachment-18321\" style=\"width: 750px\" class=\"wp-caption alignnone\"><img loading=\"lazy\" decoding=\"async\" class=\"size-large wp-image-18321\" src=\"https:\/\/www.malagacar.com\/sp\/blog\/wp-content\/uploads\/2024\/11\/toston-ojen-foto-Diputacion-Malaga-1024x761.jpg\" alt=\"toston ojen \" width=\"750\" height=\"557\" \/><figcaption id=\"caption-attachment-18321\" class=\"wp-caption-text\">Photographie du Conseil provincial de Malaga<\/figcaption><\/figure>\n<p>Le Tost\u00f3n Populaire a lieu le premier dimanche apr\u00e8s la Toussaint, une tradition tr\u00e8s populaire dans le village d&rsquo;Oj\u00e9n (Marbella), une journ\u00e9e de <em><strong>gastronomie traditionnelle et de jeux populaires avec des ch\u00e2taignes grill\u00e9es, de l&rsquo;eau-de-vie, du lard et du chorizo frais grill\u00e9<\/strong><\/em>. Une f\u00eate d&rsquo;importance touristique.<\/p>\n<ul>\n<li>Quand : 2 novembre, \u00e0 partir de 10 heures<\/li>\n<li>O\u00f9 : Oj\u00e9n<\/li>\n<li><a href=\"https:\/\/maps.app.goo.gl\/w9jUJ15HRfeHhd8Q7\" data-wpel-link=\"external\" rel=\"external noopener noreferrer\"><strong>Comment s&rsquo;y rendre<\/strong><\/a><\/li>\n<\/ul>\n<h3><span class=\"ez-toc-section\" id=\"Torrefaction_de_chataignes_%E2%80%93_Marbella\"><\/span>Torr\u00e9faction de ch\u00e2taignes &#8211; Marbella<span class=\"ez-toc-section-end\"><\/span><\/h3>\n<p>\u00c0 Marbella, la Journ\u00e9e du <em>Tost\u00f3n<\/em> a lieu\u00a0: habitants et visiteurs se r\u00e9unissent \u00e0 la campagne pour griller des ch\u00e2taignes et les partager avec de l&rsquo;anis ou de l&rsquo;eau-de-vie. Des jeux pour enfants sont \u00e9galement propos\u00e9s.<\/p>\n<ul>\n<li>Quand : 1er novembre<\/li>\n<li>O\u00f9 : Parc Nag\u00fceles, Marbella<\/li>\n<li><a href=\"https:\/\/maps.app.goo.gl\/xeRoLxH7bZqvmWFq6\" data-wpel-link=\"external\" rel=\"external noopener noreferrer\"><strong>Comment s&rsquo;y rendre<\/strong><\/a><\/li>\n<\/ul>\n<h3><span class=\"ez-toc-section\" id=\"Fete_du_mout_%E2%80%93_Atajate\"><\/span>F\u00eate du mo\u00fbt &#8211; Atajate<span class=\"ez-toc-section-end\"><\/span><\/h3>\n<p><img loading=\"lazy\" decoding=\"async\" class=\"alignnone size-full wp-image-9359\" src=\"https:\/\/www.malagacar.com\/sp\/blog\/wp-content\/uploads\/2021\/08\/atajate.jpg\" alt=\"atajate\" width=\"620\" height=\"400\" \/><\/p>\n<p>La F\u00eate du Mo\u00fbt se c\u00e9l\u00e8bre le dernier samedi de novembre. Sur la place du village, vous pouvez d\u00e9guster gratuitement les diff\u00e9rentes vari\u00e9t\u00e9s de mo\u00fbt produites par chaque famille.<\/p>\n<ul>\n<li>Quand : 29 novembre<\/li>\n<li>O\u00f9 : Atajate<\/li>\n<li><a href=\"https:\/\/maps.app.goo.gl\/Wk93XQCL8tyd7e6J7\" data-wpel-link=\"external\" rel=\"external noopener noreferrer\"><strong>Comment s&rsquo;y rendre<\/strong><\/a><\/li>\n<\/ul>\n<h3><span class=\"ez-toc-section\" id=\"Journee_de_la_chanfaina_%E2%80%93_Totalan\"><\/span>Journ\u00e9e de la chanfaina &#8211; Total\u00e1n<span class=\"ez-toc-section-end\"><\/span><\/h3>\n<figure id=\"attachment_16164\" aria-describedby=\"caption-attachment-16164\" style=\"width: 954px\" class=\"wp-caption alignnone\"><img loading=\"lazy\" decoding=\"async\" class=\"size-full wp-image-16164\" src=\"https:\/\/www.malagacar.com\/sp\/blog\/wp-content\/uploads\/2023\/10\/chanfaina.jpg\" alt=\"D\u00eda de la Chanfaina Total\u00e1n\" width=\"954\" height=\"630\" \/><figcaption id=\"caption-attachment-16164\" class=\"wp-caption-text\">Photo de la mairie Total\u00e1n<\/figcaption><\/figure>\n<p>Ce village situ\u00e9 dans l&rsquo;Axarqu\u00eda c\u00e9l\u00e8bre, pendant le dernier dimanche de novembre, le plat typique par excellence de la localit\u00e9. Des milliers de portions de ce plat sont distribu\u00e9es gratuitement.<\/p>\n<p>Il y a aussi un march\u00e9 o\u00f9 vous pouvez acheter des produits locaux tels que de l&rsquo;huile d&rsquo;olive vierge extra, des fruits, du pain, de la viande ou de l&rsquo;artisanat.<\/p>\n<ul>\n<li>Quand : 23 novembre<\/li>\n<li>O\u00f9 : Total\u00e1n<\/li>\n<li><a href=\"https:\/\/maps.app.goo.gl\/AaSAPn9wCPZXrGSy6\" data-wpel-link=\"external\" rel=\"external noopener noreferrer\"><strong>Comment s&rsquo;y rendre<\/strong><\/a><\/li>\n<\/ul>\n<h2><span class=\"ez-toc-section\" id=\"La_meteo_a_Malaga_en_Novembre\"><\/span>La m\u00e9t\u00e9o \u00e0 Malaga en Novembre<span class=\"ez-toc-section-end\"><\/span><\/h2>\n<p>Comme nous l&rsquo;avons dit au d\u00e9but de cet article, novembre \u00e0 Malaga n&rsquo;est ni gris ni froid ni sombre.<\/p>\n<p>Novembre dans ces latitudes n&rsquo;a rien \u00e0 voir avec le temps typique du centre ou du nord de l&rsquo;Europe \u00e0 cette \u00e9poque.<\/p>\n<p>Bien que statistiquement novembre et f\u00e9vrier soient les mois les plus pluvieux, cette affirmation est tr\u00e8s relative et de plus en plus, nous avons un automne tr\u00e8s sec. Le climat \u00e0 Malaga est g\u00e9n\u00e9ralement tr\u00e8s doux. En novembre, les temp\u00e9ratures descendent rarement en dessous de 15\u00b0C ou d\u00e9passent 25\u00b0C.<\/p>\n<h3><span class=\"ez-toc-section\" id=\"Quels_vetements_apporter_en_novembre_a_Malaga\"><\/span>Quels v\u00eatements apporter en novembre \u00e0 Malaga ?<span class=\"ez-toc-section-end\"><\/span><\/h3>\n<ul>\n<li>Sandales<\/li>\n<li>Maillot de bain si vous voulez vous baigner<\/li>\n<li>V\u00eatements l\u00e9gers \u00e0 porter pendant la journ\u00e9e et un T-shirt \u00e0 manches longues<\/li>\n<li>Baskets confortables pour marcher si vous pr\u00e9voyez de faire une randonn\u00e9e<\/li>\n<li>Un peu de v\u00eatements plus chauds, car le matin et le soir, il commence \u00e0 faire frais<\/li>\n<li>Lunettes de soleil<\/li>\n<\/ul>\n\t\t\t\t\n\t\t\t\t<div id=\"search-form2\" class=\"big-quote index-mobile\">\n\t\t\t\t<form id=\"frmSearch\" name=\"frmSearch\" action=\"\/fr\/location-de-voitures\/quote.php\" method=\"post\" name=\"quote\" class=\"container-fluid\">\n\t\t\t\t\t\t\t\t\t<div class=\"row\">\n\t\t\t\t\t\t<div class=\"col-sm-6\">\n\n\t\t\t\t\t\t\t<div class=\"form-group\">\n\t\t\t\t\t\t\t\t<label for=\"entrega\"><h4>Collecte<\/h4><\/label>\n\t\t\t\t\t\t\t\t<select name=\"entrega\" id=\"entrega\" class=\"custom-select\">\n\t\t\t\t\t\t\t\t\t<option value=\"airport\"  selected>Malaga A\u00e9roport<\/option>\n\t\t\t\t\t\t\t\t\t\t\t\t\t\t\t\t<\/select>\n\t\t\t\t\t\t\t\t<div class=\"form-inline my-2\">\n\t\t\t\t\t\t\t\t\t<input id=\"pDate\" class=\"form-control\" value=\"07\/09\/2026\" name=\"pDate\" readonly onchange=\"return uppdate()\">\n\t\t\t\t\t\t\t\t\t<select class=\"custom-select\" id=\"phorasminutos\" name=\"phorasminutos\" oninvalid=\"setCustomValidity('Faites-nous conna\u00eetre votre heure d\u00b4arriv\u00e9e')\" onchange=\"setCustomValidity('');\">\n\t\t\t\t\t\t\t\t\t\t<option value=\"-\" selected>--:--<\/option>\n\t\t\t\t\t\t\t\t\t\t\t\t\t\t\t\t\t\t\t\t<option value=\"00:00\">\n\t\t\t\t\t\t\t\t\t\t\t00:00<\/option>\n\t\t\t\t\t\t\t\t\t\t<option value=\"00:15\">\n\t\t\t\t\t\t\t\t\t\t\t00:15<\/option>\n\t\t\t\t\t\t\t\t\t\t<option value=\"00:30\">\n\t\t\t\t\t\t\t\t\t\t\t00:30<\/option>\n\t\t\t\t\t\t\t\t\t\t<option value=\"00:45\">\n\t\t\t\t\t\t\t\t\t\t\t00:45<\/option>\n\t\t\t\t\t\t\t\t\t\t\t\t\t\t\t\t\t\t\t\t<option value=\"01:00\">\n\t\t\t\t\t\t\t\t\t\t\t01:00<\/option>\n\t\t\t\t\t\t\t\t\t\t<option value=\"01:15\">\n\t\t\t\t\t\t\t\t\t\t\t01:15<\/option>\n\t\t\t\t\t\t\t\t\t\t<option value=\"01:30\">\n\t\t\t\t\t\t\t\t\t\t\t01:30<\/option>\n\t\t\t\t\t\t\t\t\t\t<option value=\"01:45\">\n\t\t\t\t\t\t\t\t\t\t\t01:45<\/option>\n\t\t\t\t\t\t\t\t\t\t\t\t\t\t\t\t\t\t\t\t<option value=\"02:00\">\n\t\t\t\t\t\t\t\t\t\t\t02:00<\/option>\n\t\t\t\t\t\t\t\t\t\t<option value=\"02:15\">\n\t\t\t\t\t\t\t\t\t\t\t02:15<\/option>\n\t\t\t\t\t\t\t\t\t\t<option value=\"02:30\">\n\t\t\t\t\t\t\t\t\t\t\t02:30<\/option>\n\t\t\t\t\t\t\t\t\t\t<option value=\"02:45\">\n\t\t\t\t\t\t\t\t\t\t\t02:45<\/option>\n\t\t\t\t\t\t\t\t\t\t\t\t\t\t\t\t\t\t\t\t<option value=\"03:00\">\n\t\t\t\t\t\t\t\t\t\t\t03:00<\/option>\n\t\t\t\t\t\t\t\t\t\t<option value=\"03:15\">\n\t\t\t\t\t\t\t\t\t\t\t03:15<\/option>\n\t\t\t\t\t\t\t\t\t\t<option value=\"03:30\">\n\t\t\t\t\t\t\t\t\t\t\t03:30<\/option>\n\t\t\t\t\t\t\t\t\t\t<option value=\"03:45\">\n\t\t\t\t\t\t\t\t\t\t\t03:45<\/option>\n\t\t\t\t\t\t\t\t\t\t\t\t\t\t\t\t\t\t\t\t<option value=\"04:00\">\n\t\t\t\t\t\t\t\t\t\t\t04:00<\/option>\n\t\t\t\t\t\t\t\t\t\t<option value=\"04:15\">\n\t\t\t\t\t\t\t\t\t\t\t04:15<\/option>\n\t\t\t\t\t\t\t\t\t\t<option value=\"04:30\">\n\t\t\t\t\t\t\t\t\t\t\t04:30<\/option>\n\t\t\t\t\t\t\t\t\t\t<option value=\"04:45\">\n\t\t\t\t\t\t\t\t\t\t\t04:45<\/option>\n\t\t\t\t\t\t\t\t\t\t\t\t\t\t\t\t\t\t\t\t<option value=\"05:00\">\n\t\t\t\t\t\t\t\t\t\t\t05:00<\/option>\n\t\t\t\t\t\t\t\t\t\t<option value=\"05:15\">\n\t\t\t\t\t\t\t\t\t\t\t05:15<\/option>\n\t\t\t\t\t\t\t\t\t\t<option value=\"05:30\">\n\t\t\t\t\t\t\t\t\t\t\t05:30<\/option>\n\t\t\t\t\t\t\t\t\t\t<option value=\"05:45\">\n\t\t\t\t\t\t\t\t\t\t\t05:45<\/option>\n\t\t\t\t\t\t\t\t\t\t\t\t\t\t\t\t\t\t\t\t<option value=\"06:00\">\n\t\t\t\t\t\t\t\t\t\t\t06:00<\/option>\n\t\t\t\t\t\t\t\t\t\t<option value=\"06:15\">\n\t\t\t\t\t\t\t\t\t\t\t06:15<\/option>\n\t\t\t\t\t\t\t\t\t\t<option value=\"06:30\">\n\t\t\t\t\t\t\t\t\t\t\t06:30<\/option>\n\t\t\t\t\t\t\t\t\t\t<option value=\"06:45\">\n\t\t\t\t\t\t\t\t\t\t\t06:45<\/option>\n\t\t\t\t\t\t\t\t\t\t\t\t\t\t\t\t\t\t\t\t<option value=\"07:00\">\n\t\t\t\t\t\t\t\t\t\t\t07:00<\/option>\n\t\t\t\t\t\t\t\t\t\t<option value=\"07:15\">\n\t\t\t\t\t\t\t\t\t\t\t07:15<\/option>\n\t\t\t\t\t\t\t\t\t\t<option value=\"07:30\">\n\t\t\t\t\t\t\t\t\t\t\t07:30<\/option>\n\t\t\t\t\t\t\t\t\t\t<option value=\"07:45\">\n\t\t\t\t\t\t\t\t\t\t\t07:45<\/option>\n\t\t\t\t\t\t\t\t\t\t\t\t\t\t\t\t\t\t\t\t<option value=\"08:00\">\n\t\t\t\t\t\t\t\t\t\t\t08:00<\/option>\n\t\t\t\t\t\t\t\t\t\t<option value=\"08:15\">\n\t\t\t\t\t\t\t\t\t\t\t08:15<\/option>\n\t\t\t\t\t\t\t\t\t\t<option value=\"08:30\">\n\t\t\t\t\t\t\t\t\t\t\t08:30<\/option>\n\t\t\t\t\t\t\t\t\t\t<option value=\"08:45\">\n\t\t\t\t\t\t\t\t\t\t\t08:45<\/option>\n\t\t\t\t\t\t\t\t\t\t\t\t\t\t\t\t\t\t\t\t<option value=\"09:00\">\n\t\t\t\t\t\t\t\t\t\t\t09:00<\/option>\n\t\t\t\t\t\t\t\t\t\t<option value=\"09:15\">\n\t\t\t\t\t\t\t\t\t\t\t09:15<\/option>\n\t\t\t\t\t\t\t\t\t\t<option value=\"09:30\">\n\t\t\t\t\t\t\t\t\t\t\t09:30<\/option>\n\t\t\t\t\t\t\t\t\t\t<option value=\"09:45\">\n\t\t\t\t\t\t\t\t\t\t\t09:45<\/option>\n\t\t\t\t\t\t\t\t\t\t\t\t\t\t\t\t\t\t\t\t<option value=\"10:00\">\n\t\t\t\t\t\t\t\t\t\t\t10:00<\/option>\n\t\t\t\t\t\t\t\t\t\t<option value=\"10:15\">\n\t\t\t\t\t\t\t\t\t\t\t10:15<\/option>\n\t\t\t\t\t\t\t\t\t\t<option value=\"10:30\">\n\t\t\t\t\t\t\t\t\t\t\t10:30<\/option>\n\t\t\t\t\t\t\t\t\t\t<option value=\"10:45\">\n\t\t\t\t\t\t\t\t\t\t\t10:45<\/option>\n\t\t\t\t\t\t\t\t\t\t\t\t\t\t\t\t\t\t\t\t<option value=\"11:00\">\n\t\t\t\t\t\t\t\t\t\t\t11:00<\/option>\n\t\t\t\t\t\t\t\t\t\t<option value=\"11:15\">\n\t\t\t\t\t\t\t\t\t\t\t11:15<\/option>\n\t\t\t\t\t\t\t\t\t\t<option value=\"11:30\">\n\t\t\t\t\t\t\t\t\t\t\t11:30<\/option>\n\t\t\t\t\t\t\t\t\t\t<option value=\"11:45\">\n\t\t\t\t\t\t\t\t\t\t\t11:45<\/option>\n\t\t\t\t\t\t\t\t\t\t\t\t\t\t\t\t\t\t\t\t<option value=\"12:00\">\n\t\t\t\t\t\t\t\t\t\t\t12:00<\/option>\n\t\t\t\t\t\t\t\t\t\t<option value=\"12:15\">\n\t\t\t\t\t\t\t\t\t\t\t12:15<\/option>\n\t\t\t\t\t\t\t\t\t\t<option value=\"12:30\">\n\t\t\t\t\t\t\t\t\t\t\t12:30<\/option>\n\t\t\t\t\t\t\t\t\t\t<option value=\"12:45\">\n\t\t\t\t\t\t\t\t\t\t\t12:45<\/option>\n\t\t\t\t\t\t\t\t\t\t\t\t\t\t\t\t\t\t\t\t<option value=\"13:00\">\n\t\t\t\t\t\t\t\t\t\t\t13:00<\/option>\n\t\t\t\t\t\t\t\t\t\t<option value=\"13:15\">\n\t\t\t\t\t\t\t\t\t\t\t13:15<\/option>\n\t\t\t\t\t\t\t\t\t\t<option value=\"13:30\">\n\t\t\t\t\t\t\t\t\t\t\t13:30<\/option>\n\t\t\t\t\t\t\t\t\t\t<option value=\"13:45\">\n\t\t\t\t\t\t\t\t\t\t\t13:45<\/option>\n\t\t\t\t\t\t\t\t\t\t\t\t\t\t\t\t\t\t\t\t<option value=\"14:00\">\n\t\t\t\t\t\t\t\t\t\t\t14:00<\/option>\n\t\t\t\t\t\t\t\t\t\t<option value=\"14:15\">\n\t\t\t\t\t\t\t\t\t\t\t14:15<\/option>\n\t\t\t\t\t\t\t\t\t\t<option value=\"14:30\">\n\t\t\t\t\t\t\t\t\t\t\t14:30<\/option>\n\t\t\t\t\t\t\t\t\t\t<option value=\"14:45\">\n\t\t\t\t\t\t\t\t\t\t\t14:45<\/option>\n\t\t\t\t\t\t\t\t\t\t\t\t\t\t\t\t\t\t\t\t<option value=\"15:00\">\n\t\t\t\t\t\t\t\t\t\t\t15:00<\/option>\n\t\t\t\t\t\t\t\t\t\t<option value=\"15:15\">\n\t\t\t\t\t\t\t\t\t\t\t15:15<\/option>\n\t\t\t\t\t\t\t\t\t\t<option value=\"15:30\">\n\t\t\t\t\t\t\t\t\t\t\t15:30<\/option>\n\t\t\t\t\t\t\t\t\t\t<option value=\"15:45\">\n\t\t\t\t\t\t\t\t\t\t\t15:45<\/option>\n\t\t\t\t\t\t\t\t\t\t\t\t\t\t\t\t\t\t\t\t<option value=\"16:00\">\n\t\t\t\t\t\t\t\t\t\t\t16:00<\/option>\n\t\t\t\t\t\t\t\t\t\t<option value=\"16:15\">\n\t\t\t\t\t\t\t\t\t\t\t16:15<\/option>\n\t\t\t\t\t\t\t\t\t\t<option value=\"16:30\">\n\t\t\t\t\t\t\t\t\t\t\t16:30<\/option>\n\t\t\t\t\t\t\t\t\t\t<option value=\"16:45\">\n\t\t\t\t\t\t\t\t\t\t\t16:45<\/option>\n\t\t\t\t\t\t\t\t\t\t\t\t\t\t\t\t\t\t\t\t<option value=\"17:00\">\n\t\t\t\t\t\t\t\t\t\t\t17:00<\/option>\n\t\t\t\t\t\t\t\t\t\t<option value=\"17:15\">\n\t\t\t\t\t\t\t\t\t\t\t17:15<\/option>\n\t\t\t\t\t\t\t\t\t\t<option value=\"17:30\">\n\t\t\t\t\t\t\t\t\t\t\t17:30<\/option>\n\t\t\t\t\t\t\t\t\t\t<option value=\"17:45\">\n\t\t\t\t\t\t\t\t\t\t\t17:45<\/option>\n\t\t\t\t\t\t\t\t\t\t\t\t\t\t\t\t\t\t\t\t<option value=\"18:00\">\n\t\t\t\t\t\t\t\t\t\t\t18:00<\/option>\n\t\t\t\t\t\t\t\t\t\t<option value=\"18:15\">\n\t\t\t\t\t\t\t\t\t\t\t18:15<\/option>\n\t\t\t\t\t\t\t\t\t\t<option value=\"18:30\">\n\t\t\t\t\t\t\t\t\t\t\t18:30<\/option>\n\t\t\t\t\t\t\t\t\t\t<option value=\"18:45\">\n\t\t\t\t\t\t\t\t\t\t\t18:45<\/option>\n\t\t\t\t\t\t\t\t\t\t\t\t\t\t\t\t\t\t\t\t<option value=\"19:00\">\n\t\t\t\t\t\t\t\t\t\t\t19:00<\/option>\n\t\t\t\t\t\t\t\t\t\t<option value=\"19:15\">\n\t\t\t\t\t\t\t\t\t\t\t19:15<\/option>\n\t\t\t\t\t\t\t\t\t\t<option value=\"19:30\">\n\t\t\t\t\t\t\t\t\t\t\t19:30<\/option>\n\t\t\t\t\t\t\t\t\t\t<option value=\"19:45\">\n\t\t\t\t\t\t\t\t\t\t\t19:45<\/option>\n\t\t\t\t\t\t\t\t\t\t\t\t\t\t\t\t\t\t\t\t<option value=\"20:00\">\n\t\t\t\t\t\t\t\t\t\t\t20:00<\/option>\n\t\t\t\t\t\t\t\t\t\t<option value=\"20:15\">\n\t\t\t\t\t\t\t\t\t\t\t20:15<\/option>\n\t\t\t\t\t\t\t\t\t\t<option value=\"20:30\">\n\t\t\t\t\t\t\t\t\t\t\t20:30<\/option>\n\t\t\t\t\t\t\t\t\t\t<option value=\"20:45\">\n\t\t\t\t\t\t\t\t\t\t\t20:45<\/option>\n\t\t\t\t\t\t\t\t\t\t\t\t\t\t\t\t\t\t\t\t<option value=\"21:00\">\n\t\t\t\t\t\t\t\t\t\t\t21:00<\/option>\n\t\t\t\t\t\t\t\t\t\t<option value=\"21:15\">\n\t\t\t\t\t\t\t\t\t\t\t21:15<\/option>\n\t\t\t\t\t\t\t\t\t\t<option value=\"21:30\">\n\t\t\t\t\t\t\t\t\t\t\t21:30<\/option>\n\t\t\t\t\t\t\t\t\t\t<option value=\"21:45\">\n\t\t\t\t\t\t\t\t\t\t\t21:45<\/option>\n\t\t\t\t\t\t\t\t\t\t\t\t\t\t\t\t\t\t\t\t<option value=\"22:00\">\n\t\t\t\t\t\t\t\t\t\t\t22:00<\/option>\n\t\t\t\t\t\t\t\t\t\t<option value=\"22:15\">\n\t\t\t\t\t\t\t\t\t\t\t22:15<\/option>\n\t\t\t\t\t\t\t\t\t\t<option value=\"22:30\">\n\t\t\t\t\t\t\t\t\t\t\t22:30<\/option>\n\t\t\t\t\t\t\t\t\t\t<option value=\"22:45\">\n\t\t\t\t\t\t\t\t\t\t\t22:45<\/option>\n\t\t\t\t\t\t\t\t\t\t\t\t\t\t\t\t\t\t\t\t<option value=\"23:00\">\n\t\t\t\t\t\t\t\t\t\t\t23:00<\/option>\n\t\t\t\t\t\t\t\t\t\t<option value=\"23:15\">\n\t\t\t\t\t\t\t\t\t\t\t23:15<\/option>\n\t\t\t\t\t\t\t\t\t\t<option value=\"23:30\">\n\t\t\t\t\t\t\t\t\t\t\t23:30<\/option>\n\t\t\t\t\t\t\t\t\t\t<option value=\"23:45\">\n\t\t\t\t\t\t\t\t\t\t\t23:45<\/option>\n\t\t\t\t\t\t\t\t\t\t\t\t\t\t\t\t\t\t\t<\/select>\n\t\t\t\t\t\t\t\t<\/div>\n\t\t\t\t\t\t\t<\/div>\n\t\t\t\t\t\t<\/div>\n\t\t\t\t\t\t<div class=\"col-sm-6\">\n\t\t\t\t\t\t\t<div class=\"form-group\">\n\t\t\t\t\t\t\t\t<div id=\"bookingBox\"><\/div>\n\n\t\t\t\t\t\t\t\t<label for=\"devuelta\"><h4>D\u00e9p\u00f4t<\/h4><\/label>\n\t\t\t\t\t\t\t\t<select name=\"devuelta\" id=\"devuelta\" class=\"custom-select\">\n\t\t\t\t\t\t\t\t\t<option value=\"airport\"  selected>Malaga A\u00e9roport<\/option>\n\t\t\t\t\t\t\t\t\t\t\t\t\t\t\t\t<\/select>\n\n\t\t\t\t\t\t\t\t<div class=\"form-inline my-2\">\n\t\t\t\t\t\t\t\t\t<input id=\"dDate\" class=\"form-control\" value=\"14\/09\/2026\" name=\"dDate\" readonly>\n\t\t\t\t\t\t\t\t\t<select class=\"custom-select\" id=\"dhorasminutos\" name=\"dhorasminutos\" oninvalid=\"setCustomValidity('Faites-nous savoir votre heure de retour')\" onchange=\"setCustomValidity('')\">\n\t\t\t\t\t\t\t\t\t\t<option value=\"-\" selected>--:--<\/option>\n\t\t\t\t\t\t\t\t\t\t\t\t\t\t\t\t\t\t\t\t<option value=\"00:00\">\n\t\t\t\t\t\t\t\t\t\t\t00:00<\/option>\n\t\t\t\t\t\t\t\t\t\t<option value=\"00:15\">\n\t\t\t\t\t\t\t\t\t\t\t00:15<\/option>\n\t\t\t\t\t\t\t\t\t\t<option value=\"00:30\">\n\t\t\t\t\t\t\t\t\t\t\t00:30<\/option>\n\t\t\t\t\t\t\t\t\t\t<option value=\"00:45\">\n\t\t\t\t\t\t\t\t\t\t\t00:45<\/option>\n\t\t\t\t\t\t\t\t\t\t\t\t\t\t\t\t\t\t\t\t<option value=\"01:00\">\n\t\t\t\t\t\t\t\t\t\t\t01:00<\/option>\n\t\t\t\t\t\t\t\t\t\t<option value=\"01:15\">\n\t\t\t\t\t\t\t\t\t\t\t01:15<\/option>\n\t\t\t\t\t\t\t\t\t\t<option value=\"01:30\">\n\t\t\t\t\t\t\t\t\t\t\t01:30<\/option>\n\t\t\t\t\t\t\t\t\t\t<option value=\"01:45\">\n\t\t\t\t\t\t\t\t\t\t\t01:45<\/option>\n\t\t\t\t\t\t\t\t\t\t\t\t\t\t\t\t\t\t\t\t<option value=\"02:00\">\n\t\t\t\t\t\t\t\t\t\t\t02:00<\/option>\n\t\t\t\t\t\t\t\t\t\t<option value=\"02:15\">\n\t\t\t\t\t\t\t\t\t\t\t02:15<\/option>\n\t\t\t\t\t\t\t\t\t\t<option value=\"02:30\">\n\t\t\t\t\t\t\t\t\t\t\t02:30<\/option>\n\t\t\t\t\t\t\t\t\t\t<option value=\"02:45\">\n\t\t\t\t\t\t\t\t\t\t\t02:45<\/option>\n\t\t\t\t\t\t\t\t\t\t\t\t\t\t\t\t\t\t\t\t<option value=\"03:00\">\n\t\t\t\t\t\t\t\t\t\t\t03:00<\/option>\n\t\t\t\t\t\t\t\t\t\t<option value=\"03:15\">\n\t\t\t\t\t\t\t\t\t\t\t03:15<\/option>\n\t\t\t\t\t\t\t\t\t\t<option value=\"03:30\">\n\t\t\t\t\t\t\t\t\t\t\t03:30<\/option>\n\t\t\t\t\t\t\t\t\t\t<option value=\"03:45\">\n\t\t\t\t\t\t\t\t\t\t\t03:45<\/option>\n\t\t\t\t\t\t\t\t\t\t\t\t\t\t\t\t\t\t\t\t<option value=\"04:00\">\n\t\t\t\t\t\t\t\t\t\t\t04:00<\/option>\n\t\t\t\t\t\t\t\t\t\t<option value=\"04:15\">\n\t\t\t\t\t\t\t\t\t\t\t04:15<\/option>\n\t\t\t\t\t\t\t\t\t\t<option value=\"04:30\">\n\t\t\t\t\t\t\t\t\t\t\t04:30<\/option>\n\t\t\t\t\t\t\t\t\t\t<option value=\"04:45\">\n\t\t\t\t\t\t\t\t\t\t\t04:45<\/option>\n\t\t\t\t\t\t\t\t\t\t\t\t\t\t\t\t\t\t\t\t<option value=\"05:00\">\n\t\t\t\t\t\t\t\t\t\t\t05:00<\/option>\n\t\t\t\t\t\t\t\t\t\t<option value=\"05:15\">\n\t\t\t\t\t\t\t\t\t\t\t05:15<\/option>\n\t\t\t\t\t\t\t\t\t\t<option value=\"05:30\">\n\t\t\t\t\t\t\t\t\t\t\t05:30<\/option>\n\t\t\t\t\t\t\t\t\t\t<option value=\"05:45\">\n\t\t\t\t\t\t\t\t\t\t\t05:45<\/option>\n\t\t\t\t\t\t\t\t\t\t\t\t\t\t\t\t\t\t\t\t<option value=\"06:00\">\n\t\t\t\t\t\t\t\t\t\t\t06:00<\/option>\n\t\t\t\t\t\t\t\t\t\t<option value=\"06:15\">\n\t\t\t\t\t\t\t\t\t\t\t06:15<\/option>\n\t\t\t\t\t\t\t\t\t\t<option value=\"06:30\">\n\t\t\t\t\t\t\t\t\t\t\t06:30<\/option>\n\t\t\t\t\t\t\t\t\t\t<option value=\"06:45\">\n\t\t\t\t\t\t\t\t\t\t\t06:45<\/option>\n\t\t\t\t\t\t\t\t\t\t\t\t\t\t\t\t\t\t\t\t<option value=\"07:00\">\n\t\t\t\t\t\t\t\t\t\t\t07:00<\/option>\n\t\t\t\t\t\t\t\t\t\t<option value=\"07:15\">\n\t\t\t\t\t\t\t\t\t\t\t07:15<\/option>\n\t\t\t\t\t\t\t\t\t\t<option value=\"07:30\">\n\t\t\t\t\t\t\t\t\t\t\t07:30<\/option>\n\t\t\t\t\t\t\t\t\t\t<option value=\"07:45\">\n\t\t\t\t\t\t\t\t\t\t\t07:45<\/option>\n\t\t\t\t\t\t\t\t\t\t\t\t\t\t\t\t\t\t\t\t<option value=\"08:00\">\n\t\t\t\t\t\t\t\t\t\t\t08:00<\/option>\n\t\t\t\t\t\t\t\t\t\t<option value=\"08:15\">\n\t\t\t\t\t\t\t\t\t\t\t08:15<\/option>\n\t\t\t\t\t\t\t\t\t\t<option value=\"08:30\">\n\t\t\t\t\t\t\t\t\t\t\t08:30<\/option>\n\t\t\t\t\t\t\t\t\t\t<option value=\"08:45\">\n\t\t\t\t\t\t\t\t\t\t\t08:45<\/option>\n\t\t\t\t\t\t\t\t\t\t\t\t\t\t\t\t\t\t\t\t<option value=\"09:00\">\n\t\t\t\t\t\t\t\t\t\t\t09:00<\/option>\n\t\t\t\t\t\t\t\t\t\t<option value=\"09:15\">\n\t\t\t\t\t\t\t\t\t\t\t09:15<\/option>\n\t\t\t\t\t\t\t\t\t\t<option value=\"09:30\">\n\t\t\t\t\t\t\t\t\t\t\t09:30<\/option>\n\t\t\t\t\t\t\t\t\t\t<option value=\"09:45\">\n\t\t\t\t\t\t\t\t\t\t\t09:45<\/option>\n\t\t\t\t\t\t\t\t\t\t\t\t\t\t\t\t\t\t\t\t<option value=\"10:00\">\n\t\t\t\t\t\t\t\t\t\t\t10:00<\/option>\n\t\t\t\t\t\t\t\t\t\t<option value=\"10:15\">\n\t\t\t\t\t\t\t\t\t\t\t10:15<\/option>\n\t\t\t\t\t\t\t\t\t\t<option value=\"10:30\">\n\t\t\t\t\t\t\t\t\t\t\t10:30<\/option>\n\t\t\t\t\t\t\t\t\t\t<option value=\"10:45\">\n\t\t\t\t\t\t\t\t\t\t\t10:45<\/option>\n\t\t\t\t\t\t\t\t\t\t\t\t\t\t\t\t\t\t\t\t<option value=\"11:00\">\n\t\t\t\t\t\t\t\t\t\t\t11:00<\/option>\n\t\t\t\t\t\t\t\t\t\t<option value=\"11:15\">\n\t\t\t\t\t\t\t\t\t\t\t11:15<\/option>\n\t\t\t\t\t\t\t\t\t\t<option value=\"11:30\">\n\t\t\t\t\t\t\t\t\t\t\t11:30<\/option>\n\t\t\t\t\t\t\t\t\t\t<option value=\"11:45\">\n\t\t\t\t\t\t\t\t\t\t\t11:45<\/option>\n\t\t\t\t\t\t\t\t\t\t\t\t\t\t\t\t\t\t\t\t<option value=\"12:00\">\n\t\t\t\t\t\t\t\t\t\t\t12:00<\/option>\n\t\t\t\t\t\t\t\t\t\t<option value=\"12:15\">\n\t\t\t\t\t\t\t\t\t\t\t12:15<\/option>\n\t\t\t\t\t\t\t\t\t\t<option value=\"12:30\">\n\t\t\t\t\t\t\t\t\t\t\t12:30<\/option>\n\t\t\t\t\t\t\t\t\t\t<option value=\"12:45\">\n\t\t\t\t\t\t\t\t\t\t\t12:45<\/option>\n\t\t\t\t\t\t\t\t\t\t\t\t\t\t\t\t\t\t\t\t<option value=\"13:00\">\n\t\t\t\t\t\t\t\t\t\t\t13:00<\/option>\n\t\t\t\t\t\t\t\t\t\t<option value=\"13:15\">\n\t\t\t\t\t\t\t\t\t\t\t13:15<\/option>\n\t\t\t\t\t\t\t\t\t\t<option value=\"13:30\">\n\t\t\t\t\t\t\t\t\t\t\t13:30<\/option>\n\t\t\t\t\t\t\t\t\t\t<option value=\"13:45\">\n\t\t\t\t\t\t\t\t\t\t\t13:45<\/option>\n\t\t\t\t\t\t\t\t\t\t\t\t\t\t\t\t\t\t\t\t<option value=\"14:00\">\n\t\t\t\t\t\t\t\t\t\t\t14:00<\/option>\n\t\t\t\t\t\t\t\t\t\t<option value=\"14:15\">\n\t\t\t\t\t\t\t\t\t\t\t14:15<\/option>\n\t\t\t\t\t\t\t\t\t\t<option value=\"14:30\">\n\t\t\t\t\t\t\t\t\t\t\t14:30<\/option>\n\t\t\t\t\t\t\t\t\t\t<option value=\"14:45\">\n\t\t\t\t\t\t\t\t\t\t\t14:45<\/option>\n\t\t\t\t\t\t\t\t\t\t\t\t\t\t\t\t\t\t\t\t<option value=\"15:00\">\n\t\t\t\t\t\t\t\t\t\t\t15:00<\/option>\n\t\t\t\t\t\t\t\t\t\t<option value=\"15:15\">\n\t\t\t\t\t\t\t\t\t\t\t15:15<\/option>\n\t\t\t\t\t\t\t\t\t\t<option value=\"15:30\">\n\t\t\t\t\t\t\t\t\t\t\t15:30<\/option>\n\t\t\t\t\t\t\t\t\t\t<option value=\"15:45\">\n\t\t\t\t\t\t\t\t\t\t\t15:45<\/option>\n\t\t\t\t\t\t\t\t\t\t\t\t\t\t\t\t\t\t\t\t<option value=\"16:00\">\n\t\t\t\t\t\t\t\t\t\t\t16:00<\/option>\n\t\t\t\t\t\t\t\t\t\t<option value=\"16:15\">\n\t\t\t\t\t\t\t\t\t\t\t16:15<\/option>\n\t\t\t\t\t\t\t\t\t\t<option value=\"16:30\">\n\t\t\t\t\t\t\t\t\t\t\t16:30<\/option>\n\t\t\t\t\t\t\t\t\t\t<option value=\"16:45\">\n\t\t\t\t\t\t\t\t\t\t\t16:45<\/option>\n\t\t\t\t\t\t\t\t\t\t\t\t\t\t\t\t\t\t\t\t<option value=\"17:00\">\n\t\t\t\t\t\t\t\t\t\t\t17:00<\/option>\n\t\t\t\t\t\t\t\t\t\t<option value=\"17:15\">\n\t\t\t\t\t\t\t\t\t\t\t17:15<\/option>\n\t\t\t\t\t\t\t\t\t\t<option value=\"17:30\">\n\t\t\t\t\t\t\t\t\t\t\t17:30<\/option>\n\t\t\t\t\t\t\t\t\t\t<option value=\"17:45\">\n\t\t\t\t\t\t\t\t\t\t\t17:45<\/option>\n\t\t\t\t\t\t\t\t\t\t\t\t\t\t\t\t\t\t\t\t<option value=\"18:00\">\n\t\t\t\t\t\t\t\t\t\t\t18:00<\/option>\n\t\t\t\t\t\t\t\t\t\t<option value=\"18:15\">\n\t\t\t\t\t\t\t\t\t\t\t18:15<\/option>\n\t\t\t\t\t\t\t\t\t\t<option value=\"18:30\">\n\t\t\t\t\t\t\t\t\t\t\t18:30<\/option>\n\t\t\t\t\t\t\t\t\t\t<option value=\"18:45\">\n\t\t\t\t\t\t\t\t\t\t\t18:45<\/option>\n\t\t\t\t\t\t\t\t\t\t\t\t\t\t\t\t\t\t\t\t<option value=\"19:00\">\n\t\t\t\t\t\t\t\t\t\t\t19:00<\/option>\n\t\t\t\t\t\t\t\t\t\t<option value=\"19:15\">\n\t\t\t\t\t\t\t\t\t\t\t19:15<\/option>\n\t\t\t\t\t\t\t\t\t\t<option value=\"19:30\">\n\t\t\t\t\t\t\t\t\t\t\t19:30<\/option>\n\t\t\t\t\t\t\t\t\t\t<option value=\"19:45\">\n\t\t\t\t\t\t\t\t\t\t\t19:45<\/option>\n\t\t\t\t\t\t\t\t\t\t\t\t\t\t\t\t\t\t\t\t<option value=\"20:00\">\n\t\t\t\t\t\t\t\t\t\t\t20:00<\/option>\n\t\t\t\t\t\t\t\t\t\t<option value=\"20:15\">\n\t\t\t\t\t\t\t\t\t\t\t20:15<\/option>\n\t\t\t\t\t\t\t\t\t\t<option value=\"20:30\">\n\t\t\t\t\t\t\t\t\t\t\t20:30<\/option>\n\t\t\t\t\t\t\t\t\t\t<option value=\"20:45\">\n\t\t\t\t\t\t\t\t\t\t\t20:45<\/option>\n\t\t\t\t\t\t\t\t\t\t\t\t\t\t\t\t\t\t\t\t<option value=\"21:00\">\n\t\t\t\t\t\t\t\t\t\t\t21:00<\/option>\n\t\t\t\t\t\t\t\t\t\t<option value=\"21:15\">\n\t\t\t\t\t\t\t\t\t\t\t21:15<\/option>\n\t\t\t\t\t\t\t\t\t\t<option value=\"21:30\">\n\t\t\t\t\t\t\t\t\t\t\t21:30<\/option>\n\t\t\t\t\t\t\t\t\t\t<option value=\"21:45\">\n\t\t\t\t\t\t\t\t\t\t\t21:45<\/option>\n\t\t\t\t\t\t\t\t\t\t\t\t\t\t\t\t\t\t\t\t<option value=\"22:00\">\n\t\t\t\t\t\t\t\t\t\t\t22:00<\/option>\n\t\t\t\t\t\t\t\t\t\t<option value=\"22:15\">\n\t\t\t\t\t\t\t\t\t\t\t22:15<\/option>\n\t\t\t\t\t\t\t\t\t\t<option value=\"22:30\">\n\t\t\t\t\t\t\t\t\t\t\t22:30<\/option>\n\t\t\t\t\t\t\t\t\t\t<option value=\"22:45\">\n\t\t\t\t\t\t\t\t\t\t\t22:45<\/option>\n\t\t\t\t\t\t\t\t\t\t\t\t\t\t\t\t\t\t\t\t<option value=\"23:00\">\n\t\t\t\t\t\t\t\t\t\t\t23:00<\/option>\n\t\t\t\t\t\t\t\t\t\t<option value=\"23:15\">\n\t\t\t\t\t\t\t\t\t\t\t23:15<\/option>\n\t\t\t\t\t\t\t\t\t\t<option value=\"23:30\">\n\t\t\t\t\t\t\t\t\t\t\t23:30<\/option>\n\t\t\t\t\t\t\t\t\t\t<option value=\"23:45\">\n\t\t\t\t\t\t\t\t\t\t\t23:45<\/option>\n\t\t\t\t\t\t\t\t\t\t\t\t\t\t\t\t\t\t\t<\/select>\n\t\t\t\t\t\t\t\t<\/div>\n\t\t\t\t\t\t\t<\/div>\n\t\t\t\t\t\t<\/div>\n\n\t\t\t\t\t<\/div>\n\t\t\t\t\n\n\t\t\t\t\t\t<div class=\"row\">\n                               <div class=\"col-sm-6\">\n\t\t\t\t\t\t\t\t<div class=\"form-group promo-code\">\n\t\t\t\t\t\t\t\t\t\t\t\t\t\t\t\t\t<label for=\"tipogrupo\" class=\"w-50 text-right pr-3 pt-1\">Group<\/label>\n\t\t\t\t\t\t\t\t\t<select name=\"tipogrupo\" id=\"tipogrupo\" class=\"form-control w-50\">\n\t\t\t\t\t\t\t\t\t<option value=\"0\">Voir tous<\/option>\n\t\t\t                        <option value=\"1\">Standard<\/option> \n\t\t\t\t\t\t\t\t\t<option value=\"2\">Automatique<\/option>  \n\t\t\t\t\t\t\t\t\t<option value=\"4\">Transporteurs<\/option>  \n\t\t\t\t\t\t\t\t\t<option value=\"5\">Cabriolet et Sport<\/option>  \n\t\t\t\t\t\t\t\t\t<option value=\"6\">Prestige<\/option>  \n\t\t\t\t\t\t\t\t\t<option value=\"8\">SUV<\/option>  \n\t\t\t\t\t\t\t\t\t<option value=\"10\">Camping car et Autocaravane<\/option>  \t\t\t\t\t\t\t\n\t\t\t\t\t\t\t\t<\/select>\t\n\t\t\t\t\t\t\t\t\t\n\t\t\t\t\t\t\t<\/div>\n\t\t\t\t\t\t\t<\/div>\n\t\t\t\t\t\t<div class=\"col-sm-6 align-self-end\">\n\t\t\t\t\t\t\t<div class=\"form-group\">\n\t\t\t\t\t\t\t\t<input type=\"submit\" class=\"btn-quote\" value=\"Voir les prix\" onclick=\"return msgAlert()\">\n\t\t\t\t\t\t\t<\/div>\n\t\t\t\t\t\t<\/div>\n\t\t\t\t\t<\/div>\n\t\t\t\t<\/form>\n\t\t\t\t<div class=\"row hide-mini-tablet advantages\">\n\t\t\t\t\t\t<div class=\"col-12\">\n\t\t\t\t\t\t\t<h4 class=\"text-center text-white\">TARIFS IMBATTABLES<\/h4>\n\t\t\t\t\t\t\t<ul>\n\t\t\t\t\t\t\t\t<li><strong>Grande flotte<\/strong> de voitures neuves.<\/li>\n\t\t\t\t\t\t\t\t<li><strong>Payez \u00e0 l'arriv\u00e9e<\/strong>.<\/li>\n\t\t\t\t\t\t\t\t<li>Ce que vous voyez est ce que vous payez.<\/li>\n\t\t\t\t\t\t\t\t<li><strong>Pas difficile \u00e0 vendre au bureau<\/strong>.<\/li>\n\t\t\t\t\t\t\t\t<li>Service de livraison VIP gratuit.<\/li>\n\t\t\t\t\t\t\t\t<li><strong class='redpassion-alt'>PAS DE FRAIS SUPPL\u00c9MENTAIRES<\/strong>, pour le service de ravitaillement.<\/li>\n\t\t\t\t\t\t\t<\/ul>\n\t\t\t\t\t\t<\/div>\n\t\t\t\t\t<\/div>\n\t\t\t\t<\/div>\n\t\t\t<br clear=\"all\">\n\n","protected":false},"excerpt":{"rendered":"<p>Novembre \u00e0 Malaga n&rsquo;est ni gris, ni froid, ni sombre, mais offre de nombreuses opportunit\u00e9s ! Ce mois de novembre \u00e0 Malaga nous offre une vari\u00e9t\u00e9 de festivals, ainsi que l&rsquo;attendu allumage des illuminations de No\u00ebl. Toutes les informations se trouvent dans notre calendrier d&rsquo;\u00e9v\u00e9nements ci-dessous.<\/p>\n","protected":false},"author":1,"featured_media":438,"comment_status":"open","ping_status":"open","sticky":false,"template":"","format":"standard","meta":{"footnotes":""},"categories":[2],"tags":[5,4,24,6],"class_list":["post-125","post","type-post","status-publish","format-standard","has-post-thumbnail","hentry","category-loisirs","tag-choses-a-faire","tag-malaga","tag-november","tag-quoi-faire"],"yoast_head":"<!-- This site is optimized with the Yoast SEO plugin v28.4 - https:\/\/yoast.com\/product\/yoast-seo-wordpress\/ -->\n<title>Choses \u00e0 faire \u00e0 Malaga en Novembre 2025 - Blog de MalagaCar.com<\/title>\n<meta name=\"description\" content=\"En novembre, \u00e0 Malaga, nous pouvons assister \u00e0 plusieurs festivals de musique et \u00e0 l&#039;allumage tr\u00e8s attendu des illuminations de No\u00ebl.\" \/>\n<meta name=\"robots\" content=\"index, follow, max-snippet:-1, max-image-preview:large, max-video-preview:-1\" \/>\n<link rel=\"canonical\" href=\"https:\/\/www.malagacar.com\/fr\/blog\/loisirs\/choses-a-faire-a-malaga-en-novembre\/\" \/>\n<meta property=\"og:locale\" content=\"fr_FR\" \/>\n<meta property=\"og:type\" content=\"article\" \/>\n<meta property=\"og:title\" content=\"Choses \u00e0 faire \u00e0 Malaga en Novembre 2025 - Blog de MalagaCar.com\" \/>\n<meta property=\"og:description\" content=\"En novembre, \u00e0 Malaga, nous pouvons assister \u00e0 plusieurs festivals de musique et \u00e0 l&#039;allumage tr\u00e8s attendu des illuminations de No\u00ebl.\" \/>\n<meta property=\"og:url\" content=\"https:\/\/www.malagacar.com\/fr\/blog\/loisirs\/choses-a-faire-a-malaga-en-novembre\/\" \/>\n<meta property=\"og:site_name\" content=\"Blog de MalagaCar.com\" \/>\n<meta property=\"article:publisher\" content=\"https:\/\/www.facebook.com\/malagacar\" \/>\n<meta property=\"article:published_time\" content=\"2025-11-01T09:44:34+00:00\" \/>\n<meta property=\"article:modified_time\" content=\"2025-11-24T10:27:09+00:00\" \/>\n<meta property=\"og:image\" content=\"https:\/\/www.malagacar.com\/fr\/blog\/wp-content\/uploads\/2021\/11\/11-fr.jpg\" \/>\n\t<meta property=\"og:image:width\" content=\"1000\" \/>\n\t<meta property=\"og:image:height\" content=\"896\" \/>\n\t<meta property=\"og:image:type\" content=\"image\/jpeg\" \/>\n<meta name=\"author\" content=\"MalagaCar.com\" \/>\n<meta name=\"twitter:card\" content=\"summary_large_image\" \/>\n<meta name=\"twitter:creator\" content=\"@malagacarcom\" \/>\n<meta name=\"twitter:site\" content=\"@malagacarcom\" \/>\n<meta name=\"twitter:label1\" content=\"\u00c9crit par\" \/>\n\t<meta name=\"twitter:data1\" content=\"MalagaCar.com\" \/>\n\t<meta name=\"twitter:label2\" content=\"Dur\u00e9e de lecture estim\u00e9e\" \/>\n\t<meta name=\"twitter:data2\" content=\"25 minutes\" \/>\n<script type=\"application\/ld+json\" class=\"yoast-schema-graph\">{\"@context\":\"https:\\\/\\\/schema.org\",\"@graph\":[{\"@type\":\"Article\",\"@id\":\"https:\\\/\\\/www.malagacar.com\\\/fr\\\/blog\\\/loisirs\\\/choses-a-faire-a-malaga-en-novembre\\\/#article\",\"isPartOf\":{\"@id\":\"https:\\\/\\\/www.malagacar.com\\\/fr\\\/blog\\\/loisirs\\\/choses-a-faire-a-malaga-en-novembre\\\/\"},\"author\":{\"name\":\"MalagaCar.com\",\"@id\":\"https:\\\/\\\/www.malagacar.com\\\/fr\\\/blog\\\/#\\\/schema\\\/person\\\/ffb97005d02bcc7d0bb59f5409635691\"},\"headline\":\"Choses \u00e0 faire \u00e0 Malaga en Novembre 2025\",\"datePublished\":\"2025-11-01T09:44:34+00:00\",\"dateModified\":\"2025-11-24T10:27:09+00:00\",\"mainEntityOfPage\":{\"@id\":\"https:\\\/\\\/www.malagacar.com\\\/fr\\\/blog\\\/loisirs\\\/choses-a-faire-a-malaga-en-novembre\\\/\"},\"wordCount\":3629,\"commentCount\":0,\"publisher\":{\"@id\":\"https:\\\/\\\/www.malagacar.com\\\/fr\\\/blog\\\/#organization\"},\"image\":{\"@id\":\"https:\\\/\\\/www.malagacar.com\\\/fr\\\/blog\\\/loisirs\\\/choses-a-faire-a-malaga-en-novembre\\\/#primaryimage\"},\"thumbnailUrl\":\"https:\\\/\\\/www.malagacar.com\\\/fr\\\/blog\\\/wp-content\\\/uploads\\\/2021\\\/11\\\/11-fr.jpg\",\"keywords\":[\"choses \u00e0 faire\",\"malaga\",\"november\",\"quoi faire\"],\"articleSection\":[\"Loisirs\"],\"inLanguage\":\"fr-FR\",\"potentialAction\":[{\"@type\":\"CommentAction\",\"name\":\"Comment\",\"target\":[\"https:\\\/\\\/www.malagacar.com\\\/fr\\\/blog\\\/loisirs\\\/choses-a-faire-a-malaga-en-novembre\\\/#respond\"]}]},{\"@type\":\"WebPage\",\"@id\":\"https:\\\/\\\/www.malagacar.com\\\/fr\\\/blog\\\/loisirs\\\/choses-a-faire-a-malaga-en-novembre\\\/\",\"url\":\"https:\\\/\\\/www.malagacar.com\\\/fr\\\/blog\\\/loisirs\\\/choses-a-faire-a-malaga-en-novembre\\\/\",\"name\":\"Choses \u00e0 faire \u00e0 Malaga en Novembre 2025 - Blog de MalagaCar.com\",\"isPartOf\":{\"@id\":\"https:\\\/\\\/www.malagacar.com\\\/fr\\\/blog\\\/#website\"},\"primaryImageOfPage\":{\"@id\":\"https:\\\/\\\/www.malagacar.com\\\/fr\\\/blog\\\/loisirs\\\/choses-a-faire-a-malaga-en-novembre\\\/#primaryimage\"},\"image\":{\"@id\":\"https:\\\/\\\/www.malagacar.com\\\/fr\\\/blog\\\/loisirs\\\/choses-a-faire-a-malaga-en-novembre\\\/#primaryimage\"},\"thumbnailUrl\":\"https:\\\/\\\/www.malagacar.com\\\/fr\\\/blog\\\/wp-content\\\/uploads\\\/2021\\\/11\\\/11-fr.jpg\",\"datePublished\":\"2025-11-01T09:44:34+00:00\",\"dateModified\":\"2025-11-24T10:27:09+00:00\",\"description\":\"En novembre, \u00e0 Malaga, nous pouvons assister \u00e0 plusieurs festivals de musique et \u00e0 l'allumage tr\u00e8s attendu des illuminations de No\u00ebl.\",\"breadcrumb\":{\"@id\":\"https:\\\/\\\/www.malagacar.com\\\/fr\\\/blog\\\/loisirs\\\/choses-a-faire-a-malaga-en-novembre\\\/#breadcrumb\"},\"inLanguage\":\"fr-FR\",\"potentialAction\":[{\"@type\":\"ReadAction\",\"target\":[\"https:\\\/\\\/www.malagacar.com\\\/fr\\\/blog\\\/loisirs\\\/choses-a-faire-a-malaga-en-novembre\\\/\"]}]},{\"@type\":\"ImageObject\",\"inLanguage\":\"fr-FR\",\"@id\":\"https:\\\/\\\/www.malagacar.com\\\/fr\\\/blog\\\/loisirs\\\/choses-a-faire-a-malaga-en-novembre\\\/#primaryimage\",\"url\":\"https:\\\/\\\/www.malagacar.com\\\/fr\\\/blog\\\/wp-content\\\/uploads\\\/2021\\\/11\\\/11-fr.jpg\",\"contentUrl\":\"https:\\\/\\\/www.malagacar.com\\\/fr\\\/blog\\\/wp-content\\\/uploads\\\/2021\\\/11\\\/11-fr.jpg\",\"width\":1000,\"height\":896},{\"@type\":\"BreadcrumbList\",\"@id\":\"https:\\\/\\\/www.malagacar.com\\\/fr\\\/blog\\\/loisirs\\\/choses-a-faire-a-malaga-en-novembre\\\/#breadcrumb\",\"itemListElement\":[{\"@type\":\"ListItem\",\"position\":1,\"name\":\"Accueil\",\"item\":\"https:\\\/\\\/www.malagacar.com\\\/fr\\\/blog\\\/\"},{\"@type\":\"ListItem\",\"position\":2,\"name\":\"Choses \u00e0 faire \u00e0 Malaga en Novembre 2025\"}]},{\"@type\":\"WebSite\",\"@id\":\"https:\\\/\\\/www.malagacar.com\\\/fr\\\/blog\\\/#website\",\"url\":\"https:\\\/\\\/www.malagacar.com\\\/fr\\\/blog\\\/\",\"name\":\"Blog de MalagaCar.com\",\"description\":\"Nouvelles et informations int\u00e9ressantes sur la location de voitures \u00e0 l&#039;a\u00e9roport de Malaga.\",\"publisher\":{\"@id\":\"https:\\\/\\\/www.malagacar.com\\\/fr\\\/blog\\\/#organization\"},\"potentialAction\":[{\"@type\":\"SearchAction\",\"target\":{\"@type\":\"EntryPoint\",\"urlTemplate\":\"https:\\\/\\\/www.malagacar.com\\\/fr\\\/blog\\\/?s={search_term_string}\"},\"query-input\":{\"@type\":\"PropertyValueSpecification\",\"valueRequired\":true,\"valueName\":\"search_term_string\"}}],\"inLanguage\":\"fr-FR\"},{\"@type\":\"Organization\",\"@id\":\"https:\\\/\\\/www.malagacar.com\\\/fr\\\/blog\\\/#organization\",\"name\":\"MalagaCar.com\",\"url\":\"https:\\\/\\\/www.malagacar.com\\\/fr\\\/blog\\\/\",\"logo\":{\"@type\":\"ImageObject\",\"inLanguage\":\"fr-FR\",\"@id\":\"https:\\\/\\\/www.malagacar.com\\\/fr\\\/blog\\\/#\\\/schema\\\/logo\\\/image\\\/\",\"url\":\"https:\\\/\\\/www.malagacar.com\\\/fr\\\/blog\\\/wp-content\\\/uploads\\\/2021\\\/06\\\/logo-malagacar-social.png\",\"contentUrl\":\"https:\\\/\\\/www.malagacar.com\\\/fr\\\/blog\\\/wp-content\\\/uploads\\\/2021\\\/06\\\/logo-malagacar-social.png\",\"width\":900,\"height\":900,\"caption\":\"MalagaCar.com\"},\"image\":{\"@id\":\"https:\\\/\\\/www.malagacar.com\\\/fr\\\/blog\\\/#\\\/schema\\\/logo\\\/image\\\/\"},\"sameAs\":[\"https:\\\/\\\/www.facebook.com\\\/malagacar\",\"https:\\\/\\\/x.com\\\/malagacarcom\",\"https:\\\/\\\/www.instagram.com\\\/malagacar\\\/\",\"https:\\\/\\\/www.linkedin.com\\\/company\\\/malagacar.com\",\"https:\\\/\\\/www.youtube.com\\\/c\\\/MalagacarAirport\"]},{\"@type\":\"Person\",\"@id\":\"https:\\\/\\\/www.malagacar.com\\\/fr\\\/blog\\\/#\\\/schema\\\/person\\\/ffb97005d02bcc7d0bb59f5409635691\",\"name\":\"MalagaCar.com\",\"image\":{\"@type\":\"ImageObject\",\"inLanguage\":\"fr-FR\",\"@id\":\"https:\\\/\\\/secure.gravatar.com\\\/avatar\\\/296ebc31026e7be05868369e4c596b3239b1582b2fcf8a45de57333e2e82bb82?s=96&d=mm&r=g\",\"url\":\"https:\\\/\\\/secure.gravatar.com\\\/avatar\\\/296ebc31026e7be05868369e4c596b3239b1582b2fcf8a45de57333e2e82bb82?s=96&d=mm&r=g\",\"contentUrl\":\"https:\\\/\\\/secure.gravatar.com\\\/avatar\\\/296ebc31026e7be05868369e4c596b3239b1582b2fcf8a45de57333e2e82bb82?s=96&d=mm&r=g\",\"caption\":\"MalagaCar.com\"},\"sameAs\":[\"https:\\\/\\\/www.malagacar.com\\\/fr\\\/blog\"]}]}<\/script>\n<!-- \/ Yoast SEO plugin. -->","yoast_head_json":{"title":"Choses \u00e0 faire \u00e0 Malaga en Novembre 2025 - Blog de MalagaCar.com","description":"En novembre, \u00e0 Malaga, nous pouvons assister \u00e0 plusieurs festivals de musique et \u00e0 l'allumage tr\u00e8s attendu des illuminations de No\u00ebl.","robots":{"index":"index","follow":"follow","max-snippet":"max-snippet:-1","max-image-preview":"max-image-preview:large","max-video-preview":"max-video-preview:-1"},"canonical":"https:\/\/www.malagacar.com\/fr\/blog\/loisirs\/choses-a-faire-a-malaga-en-novembre\/","og_locale":"fr_FR","og_type":"article","og_title":"Choses \u00e0 faire \u00e0 Malaga en Novembre 2025 - Blog de MalagaCar.com","og_description":"En novembre, \u00e0 Malaga, nous pouvons assister \u00e0 plusieurs festivals de musique et \u00e0 l'allumage tr\u00e8s attendu des illuminations de No\u00ebl.","og_url":"https:\/\/www.malagacar.com\/fr\/blog\/loisirs\/choses-a-faire-a-malaga-en-novembre\/","og_site_name":"Blog de MalagaCar.com","article_publisher":"https:\/\/www.facebook.com\/malagacar","article_published_time":"2025-11-01T09:44:34+00:00","article_modified_time":"2025-11-24T10:27:09+00:00","og_image":[{"width":1000,"height":896,"url":"https:\/\/www.malagacar.com\/fr\/blog\/wp-content\/uploads\/2021\/11\/11-fr.jpg","type":"image\/jpeg"}],"author":"MalagaCar.com","twitter_card":"summary_large_image","twitter_creator":"@malagacarcom","twitter_site":"@malagacarcom","twitter_misc":{"\u00c9crit par":"MalagaCar.com","Dur\u00e9e de lecture estim\u00e9e":"25 minutes"},"schema":{"@context":"https:\/\/schema.org","@graph":[{"@type":"Article","@id":"https:\/\/www.malagacar.com\/fr\/blog\/loisirs\/choses-a-faire-a-malaga-en-novembre\/#article","isPartOf":{"@id":"https:\/\/www.malagacar.com\/fr\/blog\/loisirs\/choses-a-faire-a-malaga-en-novembre\/"},"author":{"name":"MalagaCar.com","@id":"https:\/\/www.malagacar.com\/fr\/blog\/#\/schema\/person\/ffb97005d02bcc7d0bb59f5409635691"},"headline":"Choses \u00e0 faire \u00e0 Malaga en Novembre 2025","datePublished":"2025-11-01T09:44:34+00:00","dateModified":"2025-11-24T10:27:09+00:00","mainEntityOfPage":{"@id":"https:\/\/www.malagacar.com\/fr\/blog\/loisirs\/choses-a-faire-a-malaga-en-novembre\/"},"wordCount":3629,"commentCount":0,"publisher":{"@id":"https:\/\/www.malagacar.com\/fr\/blog\/#organization"},"image":{"@id":"https:\/\/www.malagacar.com\/fr\/blog\/loisirs\/choses-a-faire-a-malaga-en-novembre\/#primaryimage"},"thumbnailUrl":"https:\/\/www.malagacar.com\/fr\/blog\/wp-content\/uploads\/2021\/11\/11-fr.jpg","keywords":["choses \u00e0 faire","malaga","november","quoi faire"],"articleSection":["Loisirs"],"inLanguage":"fr-FR","potentialAction":[{"@type":"CommentAction","name":"Comment","target":["https:\/\/www.malagacar.com\/fr\/blog\/loisirs\/choses-a-faire-a-malaga-en-novembre\/#respond"]}]},{"@type":"WebPage","@id":"https:\/\/www.malagacar.com\/fr\/blog\/loisirs\/choses-a-faire-a-malaga-en-novembre\/","url":"https:\/\/www.malagacar.com\/fr\/blog\/loisirs\/choses-a-faire-a-malaga-en-novembre\/","name":"Choses \u00e0 faire \u00e0 Malaga en Novembre 2025 - Blog de MalagaCar.com","isPartOf":{"@id":"https:\/\/www.malagacar.com\/fr\/blog\/#website"},"primaryImageOfPage":{"@id":"https:\/\/www.malagacar.com\/fr\/blog\/loisirs\/choses-a-faire-a-malaga-en-novembre\/#primaryimage"},"image":{"@id":"https:\/\/www.malagacar.com\/fr\/blog\/loisirs\/choses-a-faire-a-malaga-en-novembre\/#primaryimage"},"thumbnailUrl":"https:\/\/www.malagacar.com\/fr\/blog\/wp-content\/uploads\/2021\/11\/11-fr.jpg","datePublished":"2025-11-01T09:44:34+00:00","dateModified":"2025-11-24T10:27:09+00:00","description":"En novembre, \u00e0 Malaga, nous pouvons assister \u00e0 plusieurs festivals de musique et \u00e0 l'allumage tr\u00e8s attendu des illuminations de No\u00ebl.","breadcrumb":{"@id":"https:\/\/www.malagacar.com\/fr\/blog\/loisirs\/choses-a-faire-a-malaga-en-novembre\/#breadcrumb"},"inLanguage":"fr-FR","potentialAction":[{"@type":"ReadAction","target":["https:\/\/www.malagacar.com\/fr\/blog\/loisirs\/choses-a-faire-a-malaga-en-novembre\/"]}]},{"@type":"ImageObject","inLanguage":"fr-FR","@id":"https:\/\/www.malagacar.com\/fr\/blog\/loisirs\/choses-a-faire-a-malaga-en-novembre\/#primaryimage","url":"https:\/\/www.malagacar.com\/fr\/blog\/wp-content\/uploads\/2021\/11\/11-fr.jpg","contentUrl":"https:\/\/www.malagacar.com\/fr\/blog\/wp-content\/uploads\/2021\/11\/11-fr.jpg","width":1000,"height":896},{"@type":"BreadcrumbList","@id":"https:\/\/www.malagacar.com\/fr\/blog\/loisirs\/choses-a-faire-a-malaga-en-novembre\/#breadcrumb","itemListElement":[{"@type":"ListItem","position":1,"name":"Accueil","item":"https:\/\/www.malagacar.com\/fr\/blog\/"},{"@type":"ListItem","position":2,"name":"Choses \u00e0 faire \u00e0 Malaga en Novembre 2025"}]},{"@type":"WebSite","@id":"https:\/\/www.malagacar.com\/fr\/blog\/#website","url":"https:\/\/www.malagacar.com\/fr\/blog\/","name":"Blog de MalagaCar.com","description":"Nouvelles et informations int\u00e9ressantes sur la location de voitures \u00e0 l&#039;a\u00e9roport de Malaga.","publisher":{"@id":"https:\/\/www.malagacar.com\/fr\/blog\/#organization"},"potentialAction":[{"@type":"SearchAction","target":{"@type":"EntryPoint","urlTemplate":"https:\/\/www.malagacar.com\/fr\/blog\/?s={search_term_string}"},"query-input":{"@type":"PropertyValueSpecification","valueRequired":true,"valueName":"search_term_string"}}],"inLanguage":"fr-FR"},{"@type":"Organization","@id":"https:\/\/www.malagacar.com\/fr\/blog\/#organization","name":"MalagaCar.com","url":"https:\/\/www.malagacar.com\/fr\/blog\/","logo":{"@type":"ImageObject","inLanguage":"fr-FR","@id":"https:\/\/www.malagacar.com\/fr\/blog\/#\/schema\/logo\/image\/","url":"https:\/\/www.malagacar.com\/fr\/blog\/wp-content\/uploads\/2021\/06\/logo-malagacar-social.png","contentUrl":"https:\/\/www.malagacar.com\/fr\/blog\/wp-content\/uploads\/2021\/06\/logo-malagacar-social.png","width":900,"height":900,"caption":"MalagaCar.com"},"image":{"@id":"https:\/\/www.malagacar.com\/fr\/blog\/#\/schema\/logo\/image\/"},"sameAs":["https:\/\/www.facebook.com\/malagacar","https:\/\/x.com\/malagacarcom","https:\/\/www.instagram.com\/malagacar\/","https:\/\/www.linkedin.com\/company\/malagacar.com","https:\/\/www.youtube.com\/c\/MalagacarAirport"]},{"@type":"Person","@id":"https:\/\/www.malagacar.com\/fr\/blog\/#\/schema\/person\/ffb97005d02bcc7d0bb59f5409635691","name":"MalagaCar.com","image":{"@type":"ImageObject","inLanguage":"fr-FR","@id":"https:\/\/secure.gravatar.com\/avatar\/296ebc31026e7be05868369e4c596b3239b1582b2fcf8a45de57333e2e82bb82?s=96&d=mm&r=g","url":"https:\/\/secure.gravatar.com\/avatar\/296ebc31026e7be05868369e4c596b3239b1582b2fcf8a45de57333e2e82bb82?s=96&d=mm&r=g","contentUrl":"https:\/\/secure.gravatar.com\/avatar\/296ebc31026e7be05868369e4c596b3239b1582b2fcf8a45de57333e2e82bb82?s=96&d=mm&r=g","caption":"MalagaCar.com"},"sameAs":["https:\/\/www.malagacar.com\/fr\/blog"]}]}},"_links":{"self":[{"href":"https:\/\/www.malagacar.com\/fr\/blog\/wp-json\/wp\/v2\/posts\/125","targetHints":{"allow":["GET"]}}],"collection":[{"href":"https:\/\/www.malagacar.com\/fr\/blog\/wp-json\/wp\/v2\/posts"}],"about":[{"href":"https:\/\/www.malagacar.com\/fr\/blog\/wp-json\/wp\/v2\/types\/post"}],"author":[{"embeddable":true,"href":"https:\/\/www.malagacar.com\/fr\/blog\/wp-json\/wp\/v2\/users\/1"}],"replies":[{"embeddable":true,"href":"https:\/\/www.malagacar.com\/fr\/blog\/wp-json\/wp\/v2\/comments?post=125"}],"version-history":[{"count":40,"href":"https:\/\/www.malagacar.com\/fr\/blog\/wp-json\/wp\/v2\/posts\/125\/revisions"}],"predecessor-version":[{"id":3050,"href":"https:\/\/www.malagacar.com\/fr\/blog\/wp-json\/wp\/v2\/posts\/125\/revisions\/3050"}],"wp:featuredmedia":[{"embeddable":true,"href":"https:\/\/www.malagacar.com\/fr\/blog\/wp-json\/wp\/v2\/media\/438"}],"wp:attachment":[{"href":"https:\/\/www.malagacar.com\/fr\/blog\/wp-json\/wp\/v2\/media?parent=125"}],"wp:term":[{"taxonomy":"category","embeddable":true,"href":"https:\/\/www.malagacar.com\/fr\/blog\/wp-json\/wp\/v2\/categories?post=125"},{"taxonomy":"post_tag","embeddable":true,"href":"https:\/\/www.malagacar.com\/fr\/blog\/wp-json\/wp\/v2\/tags?post=125"}],"curies":[{"name":"wp","href":"https:\/\/api.w.org\/{rel}","templated":true}]}}