{"id":1362,"date":"2024-06-04T12:49:42","date_gmt":"2024-06-04T10:49:42","guid":{"rendered":"https:\/\/www.malagacar.com\/fr\/blog\/?p=1362"},"modified":"2024-06-04T13:14:01","modified_gmt":"2024-06-04T11:14:01","slug":"train-al-andalus","status":"publish","type":"post","link":"https:\/\/www.malagacar.com\/fr\/blog\/loisirs\/train-al-andalus\/","title":{"rendered":"Train Al \u00c1ndalus &#8211; Voyage de r\u00eave dans un h\u00f4tel 5* sur rails"},"content":{"rendered":"<p>Vous avez toujours aim\u00e9 l&rsquo;id\u00e9e de voyager \u00e0 bord du l\u00e9gendaire train Orient Express ?<\/p>\n<p>\u00c0 bord du train Al \u00c1ndalus, un h\u00f4tel 5* sur rails, vous pouvez faire <em><strong>un voyage de r\u00eave<\/strong><\/em>. <em><strong>D\u00e9couvrez les plus belles villes d&rsquo;Andalousie class\u00e9es au patrimoine mondial de l&rsquo;humanit\u00e9<\/strong><\/em>, dans une exp\u00e9rience tout compris.<\/p>\n<p>Votre Orient Express tr\u00e8s sp\u00e9cial et exclusif au d\u00e9part de Malaga.<br \/>\n<!--more--><\/p>\n\n            <div class=\"banner\">\n                <div class=\"row\">\n                    <div class=\"col-sm-4\">\n                        <a href=\"\/fr\/location-de-voitures\/quote.php\" data-wpel-link=\"internal\"><img decoding=\"async\" src=\"\/images\/banner-img.jpg\" alt=\"malagacar.com\"><\/a>\n                    <\/div>\n                    <div class=\"col-sm-8\">\n                      <a href=\"\/fr\/location-de-voitures\/quote.php\" class=\"banner-title\" data-wpel-link=\"internal\">Meilleure location de voitures <div>\u00e0 l'a\u00e9roport de Malaga<\/div><\/a>   \n                        <div class=\"row\">\n                            <div class=\"col-sm-7\">\n                                <ul>\n                                    <li>Pas de frais de ravitaillement<\/li>\n                                    <li>Annulation gratuite<\/li>\n                                    <li>Location sans interm\u00e9diaire<\/li>\n                                    <li>Payez lorsque vous prenez la voiture<\/li>\n                                    <li><\/li>\n                                <\/ul>\n                            <\/div>\n                            <div class=\"col-sm-5\">\n                                <a class=\"btn-banner\" href=\"\/fr\/location-de-voitures\/quote.php\" data-wpel-link=\"internal\">Consultez les prix<\/a>\n                                <img decoding=\"async\" class=\"zonturent\" src=\"\/images\/zontu-banner.png\" alt=\"\">\n                            <\/div>\n                        <\/div>\n                    <\/div>\n                 <\/div>  \n            <\/div>\n            \n<div id=\"ez-toc-container\" class=\"ez-toc-v2_0_87 counter-hierarchy ez-toc-counter ez-toc-light-blue ez-toc-container-direction\">\n<p class=\"ez-toc-title\" style=\"cursor:inherit\">Table des mati\u00e8res<\/p>\n<label for=\"ez-toc-cssicon-toggle-item-6a9a3e293016d\" class=\"ez-toc-cssicon-toggle-label\"><span class=\"\"><span class=\"eztoc-hide\" style=\"display:none;\">Toggle<\/span><span class=\"ez-toc-icon-toggle-span\"><svg style=\"fill: #999;color:#999\" xmlns=\"http:\/\/www.w3.org\/2000\/svg\" class=\"list-377408\" width=\"20px\" height=\"20px\" viewBox=\"0 0 24 24\" fill=\"none\"><path d=\"M6 6H4v2h2V6zm14 0H8v2h12V6zM4 11h2v2H4v-2zm16 0H8v2h12v-2zM4 16h2v2H4v-2zm16 0H8v2h12v-2z\" fill=\"currentColor\"><\/path><\/svg><svg style=\"fill: #999;color:#999\" class=\"arrow-unsorted-368013\" xmlns=\"http:\/\/www.w3.org\/2000\/svg\" width=\"10px\" height=\"10px\" viewBox=\"0 0 24 24\" version=\"1.2\" baseProfile=\"tiny\"><path d=\"M18.2 9.3l-6.2-6.3-6.2 6.3c-.2.2-.3.4-.3.7s.1.5.3.7c.2.2.4.3.7.3h11c.3 0 .5-.1.7-.3.2-.2.3-.5.3-.7s-.1-.5-.3-.7zM5.8 14.7l6.2 6.3 6.2-6.3c.2-.2.3-.5.3-.7s-.1-.5-.3-.7c-.2-.2-.4-.3-.7-.3h-11c-.3 0-.5.1-.7.3-.2.2-.3.5-.3.7s.1.5.3.7z\"\/><\/svg><\/span><\/span><\/label><input type=\"checkbox\"  id=\"ez-toc-cssicon-toggle-item-6a9a3e293016d\"  aria-label=\"Toggle\" \/><nav><ul class='ez-toc-list ez-toc-list-level-1 ' ><li class='ez-toc-page-1 ez-toc-heading-level-2'><a class=\"ez-toc-link ez-toc-heading-1\" href=\"https:\/\/www.malagacar.com\/fr\/blog\/loisirs\/train-al-andalus\/#Quest-ce_que_le_train_Al_Andalus\" data-wpel-link=\"internal\">Qu&rsquo;est-ce que le train Al \u00c1ndalus ?<\/a><\/li><li class='ez-toc-page-1 ez-toc-heading-level-2'><a class=\"ez-toc-link ez-toc-heading-2\" href=\"https:\/\/www.malagacar.com\/fr\/blog\/loisirs\/train-al-andalus\/#A_quoi_ressemble_le_train_Al_Andalus\" data-wpel-link=\"internal\">\u00c0 quoi ressemble le train Al \u00c1ndalus ?<\/a><ul class='ez-toc-list-level-3' ><li class='ez-toc-heading-level-3'><a class=\"ez-toc-link ez-toc-heading-3\" href=\"https:\/\/www.malagacar.com\/fr\/blog\/loisirs\/train-al-andalus\/#Voitures-lits\" data-wpel-link=\"internal\">Voitures-lits<\/a><\/li><li class='ez-toc-page-1 ez-toc-heading-level-3'><a class=\"ez-toc-link ez-toc-heading-4\" href=\"https:\/\/www.malagacar.com\/fr\/blog\/loisirs\/train-al-andalus\/#Voitures-restaurants_et_voitures-salons\" data-wpel-link=\"internal\">Voitures-restaurants et voitures-salons<\/a><\/li><\/ul><\/li><li class='ez-toc-page-1 ez-toc-heading-level-2'><a class=\"ez-toc-link ez-toc-heading-5\" href=\"https:\/\/www.malagacar.com\/fr\/blog\/loisirs\/train-al-andalus\/#Itineraire_du_train_Al_Andalus\" data-wpel-link=\"internal\">Itin\u00e9raire du train Al \u00c1ndalus<\/a><\/li><li class='ez-toc-page-1 ez-toc-heading-level-2'><a class=\"ez-toc-link ez-toc-heading-6\" href=\"https:\/\/www.malagacar.com\/fr\/blog\/loisirs\/train-al-andalus\/#Que_comprend_le_voyage_a_bord_du_train_de_luxe_Al_Andalus\" data-wpel-link=\"internal\">Que comprend le voyage \u00e0 bord du train de luxe Al \u00c1ndalus ?<\/a><\/li><li class='ez-toc-page-1 ez-toc-heading-level-2'><a class=\"ez-toc-link ez-toc-heading-7\" href=\"https:\/\/www.malagacar.com\/fr\/blog\/loisirs\/train-al-andalus\/#Prix_reservations_et_frequence_du_train_Al_Andalus\" data-wpel-link=\"internal\">Prix, r\u00e9servations et fr\u00e9quence du train Al \u00c1ndalus<\/a><\/li><li class='ez-toc-page-1 ez-toc-heading-level-2'><a class=\"ez-toc-link ez-toc-heading-8\" href=\"https:\/\/www.malagacar.com\/fr\/blog\/loisirs\/train-al-andalus\/#Comment_se_rendre_au_point_de_depart_du_voyage\" data-wpel-link=\"internal\">Comment se rendre au point de d\u00e9part du voyage ?<\/a><\/li><\/ul><\/nav><\/div>\n<h2><span class=\"ez-toc-section\" id=\"Quest-ce_que_le_train_Al_Andalus\"><\/span>Qu&rsquo;est-ce que le train Al \u00c1ndalus ?<span class=\"ez-toc-section-end\"><\/span><\/h2>\n<p>C&rsquo;est l&rsquo;<em><strong>un des trains les plus luxueux d&rsquo;Espagne, mais aussi de toute l&rsquo;Europe<\/strong><\/em>. On se croirait dans un h\u00f4tel 5 \u00e9toiles, mais sur rails, et tout est compris.<\/p>\n<p>Le train se compose exclusivement de <em><strong>voitures de premi\u00e8re classe qui nous ram\u00e8nent \u00e0 la Belle \u00c9poque<\/strong><\/em>.<\/p>\n<p>Sur les 7 wagons-lits, 5 ont \u00e9t\u00e9 construits en France en 1929 et \u00e9taient \u00e0 la disposition de la monarchie britannique pour ses vacances sur la C\u00f4te d&rsquo;Azur.<\/p>\n<p>Elles ont \u00e9t\u00e9 soigneusement restaur\u00e9es \u00e0 l&rsquo;image du l\u00e9gendaire Orient Express et du Transsib\u00e9rien et ont \u00e9t\u00e9 modernis\u00e9es avec tout le confort n\u00e9cessaire.<\/p>\n<h2><span class=\"ez-toc-section\" id=\"A_quoi_ressemble_le_train_Al_Andalus\"><\/span>\u00c0 quoi ressemble le train Al \u00c1ndalus ?<span class=\"ez-toc-section-end\"><\/span><\/h2>\n<p>Le train Al \u00c1ndalus est<em><strong> le plus long train qui circule sur les voies ferr\u00e9es en Espagne<\/strong><\/em>. Il mesure 450 m\u00e8tres de long.<\/p>\n<p>Il compte 14 voitures pour un total de 64 passagers, avec sept voitures-lits, deux voitures-restaurants, une voiture-cuisine, une voiture-bar, une voiture-salle de jeux, une voiture-\u00e9quipe et une voiture-g\u00e9n\u00e9rateur.<\/p>\n<p><img loading=\"lazy\" decoding=\"async\" class=\"alignnone wp-image-13155\" src=\"https:\/\/www.malagacar.com\/sp\/blog\/wp-content\/uploads\/2023\/02\/cartelito.jpg\" alt=\"Al \u00c1ndalus Train\" width=\"1026\" height=\"681\" \/><\/p>\n<p>Le train ne dispose que de<em><strong> chambres exclusives<\/strong><\/em> (Grand Class Room et Deluxe Suite), rappelant l&rsquo;<em><strong>\u00e9l\u00e9gance des ann\u00e9es 1920<\/strong><\/em> et \u00e9quip\u00e9es de tout le confort.<\/p>\n<p>Elles disposent d&rsquo;une salle de bain compl\u00e8te, d&rsquo;une connexion WIFI et d&rsquo;une vue panoramique. Toutes les installations ont \u00e9t\u00e9 <em><strong>soigneusement con\u00e7ues dans les moindres d\u00e9tails<\/strong><\/em>.<\/p>\n<h3><span class=\"ez-toc-section\" id=\"Voitures-lits\"><\/span>Voitures-lits<span class=\"ez-toc-section-end\"><\/span><\/h3>\n<figure id=\"attachment_13158\" aria-describedby=\"caption-attachment-13158\" style=\"width: 900px\" class=\"wp-caption alignnone\"><img loading=\"lazy\" decoding=\"async\" class=\"wp-image-13158 size-full\" src=\"https:\/\/www.malagacar.com\/sp\/blog\/wp-content\/uploads\/2023\/02\/suite-deluxe-dia-1.jpg\" alt=\"Al \u00c1ndalus Train\" width=\"900\" height=\"600\" \/><figcaption id=\"caption-attachment-13158\" class=\"wp-caption-text\">Suites<\/figcaption><\/figure>\n<p>Il y a 7 wagons-lits, qui sont tous des suites avec armoire, coffre-fort, minibar, climatisation et salle de bains avec douche hydromassante ou sauna \u00e0 vapeur.<\/p>\n<p>Le service d&rsquo;\u00e9tage est disponible 24 heures par jour.<\/p>\n<figure id=\"attachment_13159\" aria-describedby=\"caption-attachment-13159\" style=\"width: 903px\" class=\"wp-caption alignnone\"><img loading=\"lazy\" decoding=\"async\" class=\"size-full wp-image-13159\" src=\"https:\/\/www.malagacar.com\/sp\/blog\/wp-content\/uploads\/2023\/02\/suite-deluxe-dia-2.jpg\" alt=\"Al \u00c1ndalus Train\" width=\"903\" height=\"600\" \/><figcaption id=\"caption-attachment-13159\" class=\"wp-caption-text\">Suites<\/figcaption><\/figure>\n<h3><span class=\"ez-toc-section\" id=\"Voitures-restaurants_et_voitures-salons\"><\/span>Voitures-restaurants et voitures-salons<span class=\"ez-toc-section-end\"><\/span><\/h3>\n<figure id=\"attachment_13156\" aria-describedby=\"caption-attachment-13156\" style=\"width: 900px\" class=\"wp-caption alignnone\"><img loading=\"lazy\" decoding=\"async\" class=\"size-full wp-image-13156\" src=\"https:\/\/www.malagacar.com\/sp\/blog\/wp-content\/uploads\/2023\/02\/restaurante-tren-al-andalus-EL.jpg\" alt=\"Al \u00c1ndalus train\" width=\"900\" height=\"475\" \/><figcaption id=\"caption-attachment-13156\" class=\"wp-caption-text\">Restaurant<\/figcaption><\/figure>\n<p>Le train Al \u00c1ndalus dispose \u00e9galement de deux salles de jeux et de deux wagons-restaurants, dans un style vintage des ann\u00e9es 1920.<\/p>\n<p>Les \u00e9l\u00e9gants restaurants proposent le petit-d\u00e9jeuner, le d\u00e9jeuner et le d\u00eener, \u00e0 la carte ou sous forme de buffet, toujours avec une excellente cuisine andalouse et les meilleurs vins de Jerez.<\/p>\n<figure id=\"attachment_13157\" aria-describedby=\"caption-attachment-13157\" style=\"width: 700px\" class=\"wp-caption alignnone\"><img loading=\"lazy\" decoding=\"async\" class=\"wp-image-13157 size-full\" src=\"https:\/\/www.malagacar.com\/sp\/blog\/wp-content\/uploads\/2023\/02\/salones-tren-al-andalus-2.jpg\" alt=\"Al \u00c1ndalus Train\" width=\"700\" height=\"500\" \/><figcaption id=\"caption-attachment-13157\" class=\"wp-caption-text\">Salon<\/figcaption><\/figure>\n<h2><span class=\"ez-toc-section\" id=\"Itineraire_du_train_Al_Andalus\"><\/span>Itin\u00e9raire du train Al \u00c1ndalus<span class=\"ez-toc-section-end\"><\/span><\/h2>\n<p>Cet h\u00f4tel 5* sur rails offrant un service exclusif et personnalis\u00e9 propose un <em><strong>circuit de luxe de 7 jours et 6 nuits en Andalousie avec des arr\u00eats \u00e0 S\u00e9ville, Cordoue, Cadix, Ronda et Granada<\/strong><\/em>.<\/p>\n<p>Le circuit peut commencer \u00e0 Malaga et se terminer \u00e0 S\u00e9ville. Ou avec S\u00e9ville comme point de d\u00e9part et Malaga comme point d&rsquo;arriv\u00e9e.<\/p>\n<h4>D\u00e9couvrez ce merveilleux voyage avec nous<\/h4>\n<p>Cette exp\u00e9rience unique commence \u00e0 <a href=\"https:\/\/www.malagacar.com\/fr\/villages\/malaga.htm\" data-wpel-link=\"internal\"><strong>Malaga<\/strong><\/a>. Avant de monter dans le train, nous visiterons l&rsquo;<em><strong>Alcazaba<\/strong><\/em>. D\u00e9jeuner au restaurant du Parador Castillo de Gibralfaro, o\u00f9 nous d\u00e9gusterons les plats les plus c\u00e9l\u00e8bres de la gastronomie locale.<\/p>\n<p>Dans l&rsquo;apr\u00e8s-midi, nous nous rendons en autocar \u00e0 <a href=\"https:\/\/www.malagacar.com\/fr\/blog\/astuces-de-voyage\/granada-depuis-malaga\/\" data-wpel-link=\"internal\"><strong>Granada<\/strong><\/a>, o\u00f9 notre train nous attend. L&rsquo;\u00e9quipage nous accueillera avec un toast.<\/p>\n<figure id=\"attachment_13152\" aria-describedby=\"caption-attachment-13152\" style=\"width: 880px\" class=\"wp-caption alignnone\"><img loading=\"lazy\" decoding=\"async\" class=\"size-full wp-image-13152\" src=\"https:\/\/www.malagacar.com\/sp\/blog\/wp-content\/uploads\/2023\/02\/en-granada-Foto-El-Diario-1.jpg\" alt=\"Al \u00c1ndalus Train in Granada\" width=\"880\" height=\"495\" \/><figcaption id=\"caption-attachment-13152\" class=\"wp-caption-text\">Arr\u00eat du train Al \u00c1ndalus \u00e0 Granada. Photo El Diario<\/figcaption><\/figure>\n<p>Le lendemain, le voyage de luxe sur rails commence par une visite de l&rsquo;<em><strong>Alhambra<\/strong><\/em>, site class\u00e9 au patrimoine mondial de l&rsquo;humanit\u00e9. Apr\u00e8s le d\u00e9jeuner, nous aurons du temps libre pour explorer le centre de Granada \u00e0 notre guise. L&rsquo;apr\u00e8s-midi, le train continue jusqu&rsquo;\u00e0 Baeza.<\/p>\n<p>Apr\u00e8s le petit-d\u00e9jeuner, nous aurons l&rsquo;occasion de visiter <strong>\u00dabeda<\/strong> et <strong>Baeza<\/strong>, deux villes class\u00e9es au patrimoine mondial. Dans l&rsquo;apr\u00e8s-midi, le voyage se poursuit vers Cordoba.<\/p>\n<p>\u00c0 <a href=\"https:\/\/www.malagacar.com\/fr\/blog\/astuces-de-voyage\/cordoba-en-voiture\/\" data-wpel-link=\"internal\"><strong>Cordoba<\/strong><\/a>, capitale du califat d&rsquo;Al-Andalus, nous visiterons l&rsquo;impressionnante <em><strong>mosqu\u00e9e de Cordoba<\/strong><\/em>, class\u00e9e au patrimoine mondial de l&rsquo;humanit\u00e9.<\/p>\n<h4>Le voyage continue&#8230;<\/h4>\n<p>De retour \u00e0 bord du train Al \u00c1ndalus, nous continuons vers <a href=\"https:\/\/www.malagacar.com\/fr\/blog\/loisirs\/decouvrez-ronda-en-voiture\/\" data-wpel-link=\"internal\"><strong>Ronda<\/strong><\/a> et d\u00e9couvrons son impressionnant pont sur le Tajo, entre autres sites embl\u00e9matiques. Nous aurons \u00e9galement du temps libre pour explorer la ville \u00e0 notre guise. Plus tard, nous d\u00eenerons dans un restaurant local, o\u00f9 nous d\u00e9gusterons les meilleurs plats de la cuisine de Ronda.<\/p>\n<p>Le lendemain, notre voyage \u00e0 bord du train Al \u00c1ndalus nous emm\u00e8ne \u00e0 <strong>Jerez de la Frontera<\/strong>, \u00e0 Cadiz. Nous visiterons une cave \u00e0 vin avec appellation d&rsquo;origine et nous pourrons assister \u00e0 un spectacle \u00e9questre.<\/p>\n<p>Le sixi\u00e8me jour du voyage, nous nous rendons \u00e0 <strong>Cadiz<\/strong> en autocar de luxe. Nous visiterons le centre historique de cette ville ancienne, la plus ancienne du monde occidental. Nous aurons ensuite du temps libre pour explorer la ville \u00e0 notre guise.<\/p>\n<p>Le dernier jour sera consacr\u00e9 \u00e0 <strong>S\u00e9ville<\/strong>, avec une visite compl\u00e8te de la ville, des joyaux monumentaux tels que la <em><strong>cath\u00e9drale<\/strong><\/em> et la <em><strong>Giralda<\/strong><\/em>. Nous nous prom\u00e8nerons \u00e9galement dans le <em><strong>quartier de Santa Cruz<\/strong><\/em>, o\u00f9 s&rsquo;est install\u00e9e la communaut\u00e9 juive. Ce jour-l\u00e0, nous prendrons un magnifique d\u00e9jeuner \u00e0 l&rsquo;h\u00f4tel Alfonso XIII.<\/p>\n<p>Dans l&rsquo;apr\u00e8s-midi, notre passionnant voyage \u00e0 travers le sud de l&rsquo;Espagne s&rsquo;ach\u00e8vera.<\/p>\n<p><iframe loading=\"lazy\" title=\"Tren Al Andalus\" src=\"https:\/\/www.youtube.com\/embed\/ZDcKfjxAFec\" width=\"1080\" height=\"608\" frameborder=\"0\" allowfullscreen=\"allowfullscreen\"><\/iframe><\/p>\n<h2><span class=\"ez-toc-section\" id=\"Que_comprend_le_voyage_a_bord_du_train_de_luxe_Al_Andalus\"><\/span>Que comprend le voyage \u00e0 bord du train de luxe Al \u00c1ndalus ?<span class=\"ez-toc-section-end\"><\/span><\/h2>\n<p>Il comprend le petit-d\u00e9jeuner buffet et \u00e0 la carte, le d\u00e9jeuner et le d\u00eener dans les meilleurs restaurants locaux ou \u00e0 bord du train. Une s\u00e9lection de cuisine de qualit\u00e9 et de plats typiques des r\u00e9gions travers\u00e9es par le train est propos\u00e9e.<\/p>\n<p>Il comprend \u00e9galement le vin, le caf\u00e9 et les spiritueux, le minibar, l&rsquo;air conditionn\u00e9 et le wifi. En outre, excursions et billets pour les lieux les plus embl\u00e9matiques, service d&rsquo;autocars de luxe pour les transferts vers les villes. En outre, un guide accompagnateur et du personnel \u00e0 notre disposition pendant tout le voyage, des divertissements \u00e0 bord, etc.<\/p>\n<h2><span class=\"ez-toc-section\" id=\"Prix_reservations_et_frequence_du_train_Al_Andalus\"><\/span>Prix, r\u00e9servations et fr\u00e9quence du train Al \u00c1ndalus<span class=\"ez-toc-section-end\"><\/span><\/h2>\n<p>Le prix du train Al Andalus d\u00e9pend du type de chambre. Vous pouvez choisir entre une chambre de grande classe et une suite de luxe.<\/p>\n<ul>\n<li>Vous pouvez consulter les tarifs des trains Al \u00c1ndalus <a href=\"https:\/\/eltrenalandalus.com\/precios\" data-wpel-link=\"external\" rel=\"external noopener noreferrer\"><strong> ici<\/strong><\/a>.<\/li>\n<\/ul>\n<p>Les d\u00e9parts du train Al \u00c1ndalus ont lieu \u00e0 la gare Santa Justa de S\u00e9ville ou \u00e0 la <a href=\"https:\/\/www.malagacar.com\/fr\/location-de-voitures\/gare-malaga.php\" data-wpel-link=\"internal\"><strong>gare Mar\u00eda Zambrano de Malaga<\/strong><\/a>.<\/p>\n<p>Chaque ann\u00e9e, les d\u00e9parts commencent au printemps, d\u00e9but avril, et se terminent en octobre, avant l&rsquo;hiver. Les voyageurs peuvent ainsi profiter du beau temps et des temp\u00e9ratures agr\u00e9ables qui leur permettent de profiter au maximum de l&rsquo;ensemble du programme.<\/p>\n<ul>\n<li>Voici les <a href=\"https:\/\/eltrenalandalus.com\/fechas-2024\" data-wpel-link=\"external\" rel=\"external noopener noreferrer\"><strong>dates disponibles<\/strong><\/a> cette ann\u00e9e.<\/li>\n<\/ul>\n<h2><span class=\"ez-toc-section\" id=\"Comment_se_rendre_au_point_de_depart_du_voyage\"><\/span>Comment se rendre au point de d\u00e9part du voyage ?<span class=\"ez-toc-section-end\"><\/span><\/h2>\n<p>Le transfert est \u00e0 nos frais. Toutefois, lors de la r\u00e9servation, nous b\u00e9n\u00e9ficierons d&rsquo;une r\u00e9duction de 50 % sur deux trajets en train Renfe. L&rsquo;un pour se rendre au point de d\u00e9part et l&rsquo;autre pour revenir au point d&rsquo;arriv\u00e9e du voyage.<\/p>\n<ul>\n<li>En option, nous pouvons <a href=\"https:\/\/www.malagacar.com\/fr\/information\/malaga\/malaga-aeroport-transferts.html\" data-wpel-link=\"internal\"><strong>r\u00e9server un transfert<\/strong><\/a> qui nous conduira \u00e0 l&rsquo;endroit et \u00e0 l&rsquo;heure indiqu\u00e9s avec un maximum de confort.<\/li>\n<\/ul>\n<figure id=\"attachment_11412\" aria-describedby=\"caption-attachment-11412\" style=\"width: 768px\" class=\"wp-caption alignnone\"><img loading=\"lazy\" decoding=\"async\" class=\"size-full wp-image-11412\" src=\"https:\/\/www.malagacar.com\/sp\/blog\/wp-content\/uploads\/2021\/07\/Transfers-La-cala-mijas-768x451-1.jpg\" alt=\"\" width=\"768\" height=\"451\" \/><figcaption id=\"caption-attachment-11412\" class=\"wp-caption-text\">Une de <a href=\"https:\/\/www.malagacar.com\/fr\/information\/malaga\/malaga-aeroport-transferts.html\" data-wpel-link=\"internal\"><strong>nos voitures de transfert<\/strong><\/a> \u00e0 Cala de Mijas Resort<\/figcaption><\/figure>\n","protected":false},"excerpt":{"rendered":"<p>Vous avez toujours aim\u00e9 l&rsquo;id\u00e9e de voyager \u00e0 bord du l\u00e9gendaire train Orient Express ? \u00c0 bord du train Al \u00c1ndalus, un h\u00f4tel 5* sur rails, vous pouvez faire un voyage de r\u00eave. D\u00e9couvrez les plus belles villes d&rsquo;Andalousie class\u00e9es au patrimoine mondial de l&rsquo;humanit\u00e9, dans une exp\u00e9rience tout compris. Votre Orient Express tr\u00e8s sp\u00e9cial [&hellip;]<\/p>\n","protected":false},"author":1,"featured_media":1364,"comment_status":"open","ping_status":"open","sticky":false,"template":"","format":"standard","meta":{"footnotes":""},"categories":[2],"tags":[5,10,75,4],"class_list":["post-1362","post","type-post","status-publish","format-standard","has-post-thumbnail","hentry","category-loisirs","tag-choses-a-faire","tag-costa-del-sol","tag-luxe","tag-malaga"],"yoast_head":"<!-- This site is optimized with the Yoast SEO plugin v28.4 - https:\/\/yoast.com\/product\/yoast-seo-wordpress\/ -->\n<title>Train Al \u00c1ndalus - Voyage de r\u00eave dans un h\u00f4tel 5* sur rails<\/title>\n<meta name=\"description\" content=\"D\u00e9couvrez magnifiques villes andalouses class\u00e9es au patrimoine mondial \u00e0 bord de l&#039;Orient Express, le train Al Andalus, qui part de Malaga.\" \/>\n<meta name=\"robots\" content=\"index, follow, max-snippet:-1, max-image-preview:large, max-video-preview:-1\" \/>\n<link rel=\"canonical\" href=\"https:\/\/www.malagacar.com\/fr\/blog\/loisirs\/train-al-andalus\/\" \/>\n<meta property=\"og:locale\" content=\"fr_FR\" \/>\n<meta property=\"og:type\" content=\"article\" \/>\n<meta property=\"og:title\" content=\"Train Al \u00c1ndalus - Voyage de r\u00eave dans un h\u00f4tel 5* sur rails\" \/>\n<meta property=\"og:description\" content=\"D\u00e9couvrez magnifiques villes andalouses class\u00e9es au patrimoine mondial \u00e0 bord de l&#039;Orient Express, le train Al Andalus, qui part de Malaga.\" \/>\n<meta property=\"og:url\" content=\"https:\/\/www.malagacar.com\/fr\/blog\/loisirs\/train-al-andalus\/\" \/>\n<meta property=\"og:site_name\" content=\"Blog de MalagaCar.com\" \/>\n<meta property=\"article:publisher\" content=\"https:\/\/www.facebook.com\/malagacar\" \/>\n<meta property=\"article:published_time\" content=\"2024-06-04T10:49:42+00:00\" \/>\n<meta property=\"article:modified_time\" content=\"2024-06-04T11:14:01+00:00\" \/>\n<meta property=\"og:image\" content=\"https:\/\/www.malagacar.com\/fr\/blog\/wp-content\/uploads\/2024\/06\/tren-al-andalus-fr.jpg\" \/>\n\t<meta property=\"og:image:width\" content=\"1200\" \/>\n\t<meta property=\"og:image:height\" content=\"797\" \/>\n\t<meta property=\"og:image:type\" content=\"image\/jpeg\" \/>\n<meta name=\"author\" content=\"MalagaCar.com\" \/>\n<meta name=\"twitter:card\" content=\"summary_large_image\" \/>\n<meta name=\"twitter:creator\" content=\"@malagacarcom\" \/>\n<meta name=\"twitter:site\" content=\"@malagacarcom\" \/>\n<meta name=\"twitter:label1\" content=\"\u00c9crit par\" \/>\n\t<meta name=\"twitter:data1\" content=\"MalagaCar.com\" \/>\n\t<meta name=\"twitter:label2\" content=\"Dur\u00e9e de lecture estim\u00e9e\" \/>\n\t<meta name=\"twitter:data2\" content=\"8 minutes\" \/>\n<script type=\"application\/ld+json\" class=\"yoast-schema-graph\">{\"@context\":\"https:\\\/\\\/schema.org\",\"@graph\":[{\"@type\":\"Article\",\"@id\":\"https:\\\/\\\/www.malagacar.com\\\/fr\\\/blog\\\/loisirs\\\/train-al-andalus\\\/#article\",\"isPartOf\":{\"@id\":\"https:\\\/\\\/www.malagacar.com\\\/fr\\\/blog\\\/loisirs\\\/train-al-andalus\\\/\"},\"author\":{\"name\":\"MalagaCar.com\",\"@id\":\"https:\\\/\\\/www.malagacar.com\\\/fr\\\/blog\\\/#\\\/schema\\\/person\\\/ffb97005d02bcc7d0bb59f5409635691\"},\"headline\":\"Train Al \u00c1ndalus &#8211; Voyage de r\u00eave dans un h\u00f4tel 5* sur rails\",\"datePublished\":\"2024-06-04T10:49:42+00:00\",\"dateModified\":\"2024-06-04T11:14:01+00:00\",\"mainEntityOfPage\":{\"@id\":\"https:\\\/\\\/www.malagacar.com\\\/fr\\\/blog\\\/loisirs\\\/train-al-andalus\\\/\"},\"wordCount\":1202,\"commentCount\":0,\"publisher\":{\"@id\":\"https:\\\/\\\/www.malagacar.com\\\/fr\\\/blog\\\/#organization\"},\"image\":{\"@id\":\"https:\\\/\\\/www.malagacar.com\\\/fr\\\/blog\\\/loisirs\\\/train-al-andalus\\\/#primaryimage\"},\"thumbnailUrl\":\"https:\\\/\\\/www.malagacar.com\\\/fr\\\/blog\\\/wp-content\\\/uploads\\\/2024\\\/06\\\/tren-al-andalus-fr.jpg\",\"keywords\":[\"choses \u00e0 faire\",\"costa del sol\",\"Luxe\",\"malaga\"],\"articleSection\":[\"Loisirs\"],\"inLanguage\":\"fr-FR\",\"potentialAction\":[{\"@type\":\"CommentAction\",\"name\":\"Comment\",\"target\":[\"https:\\\/\\\/www.malagacar.com\\\/fr\\\/blog\\\/loisirs\\\/train-al-andalus\\\/#respond\"]}]},{\"@type\":\"WebPage\",\"@id\":\"https:\\\/\\\/www.malagacar.com\\\/fr\\\/blog\\\/loisirs\\\/train-al-andalus\\\/\",\"url\":\"https:\\\/\\\/www.malagacar.com\\\/fr\\\/blog\\\/loisirs\\\/train-al-andalus\\\/\",\"name\":\"Train Al \u00c1ndalus - Voyage de r\u00eave dans un h\u00f4tel 5* sur rails\",\"isPartOf\":{\"@id\":\"https:\\\/\\\/www.malagacar.com\\\/fr\\\/blog\\\/#website\"},\"primaryImageOfPage\":{\"@id\":\"https:\\\/\\\/www.malagacar.com\\\/fr\\\/blog\\\/loisirs\\\/train-al-andalus\\\/#primaryimage\"},\"image\":{\"@id\":\"https:\\\/\\\/www.malagacar.com\\\/fr\\\/blog\\\/loisirs\\\/train-al-andalus\\\/#primaryimage\"},\"thumbnailUrl\":\"https:\\\/\\\/www.malagacar.com\\\/fr\\\/blog\\\/wp-content\\\/uploads\\\/2024\\\/06\\\/tren-al-andalus-fr.jpg\",\"datePublished\":\"2024-06-04T10:49:42+00:00\",\"dateModified\":\"2024-06-04T11:14:01+00:00\",\"description\":\"D\u00e9couvrez magnifiques villes andalouses class\u00e9es au patrimoine mondial \u00e0 bord de l'Orient Express, le train Al Andalus, qui part de Malaga.\",\"breadcrumb\":{\"@id\":\"https:\\\/\\\/www.malagacar.com\\\/fr\\\/blog\\\/loisirs\\\/train-al-andalus\\\/#breadcrumb\"},\"inLanguage\":\"fr-FR\",\"potentialAction\":[{\"@type\":\"ReadAction\",\"target\":[\"https:\\\/\\\/www.malagacar.com\\\/fr\\\/blog\\\/loisirs\\\/train-al-andalus\\\/\"]}]},{\"@type\":\"ImageObject\",\"inLanguage\":\"fr-FR\",\"@id\":\"https:\\\/\\\/www.malagacar.com\\\/fr\\\/blog\\\/loisirs\\\/train-al-andalus\\\/#primaryimage\",\"url\":\"https:\\\/\\\/www.malagacar.com\\\/fr\\\/blog\\\/wp-content\\\/uploads\\\/2024\\\/06\\\/tren-al-andalus-fr.jpg\",\"contentUrl\":\"https:\\\/\\\/www.malagacar.com\\\/fr\\\/blog\\\/wp-content\\\/uploads\\\/2024\\\/06\\\/tren-al-andalus-fr.jpg\",\"width\":1200,\"height\":797,\"caption\":\"Train Al \u00c1ndalus\"},{\"@type\":\"BreadcrumbList\",\"@id\":\"https:\\\/\\\/www.malagacar.com\\\/fr\\\/blog\\\/loisirs\\\/train-al-andalus\\\/#breadcrumb\",\"itemListElement\":[{\"@type\":\"ListItem\",\"position\":1,\"name\":\"Accueil\",\"item\":\"https:\\\/\\\/www.malagacar.com\\\/fr\\\/blog\\\/\"},{\"@type\":\"ListItem\",\"position\":2,\"name\":\"Train Al \u00c1ndalus &#8211; Voyage de r\u00eave dans un h\u00f4tel 5* sur rails\"}]},{\"@type\":\"WebSite\",\"@id\":\"https:\\\/\\\/www.malagacar.com\\\/fr\\\/blog\\\/#website\",\"url\":\"https:\\\/\\\/www.malagacar.com\\\/fr\\\/blog\\\/\",\"name\":\"Blog de MalagaCar.com\",\"description\":\"Nouvelles et informations int\u00e9ressantes sur la location de voitures \u00e0 l&#039;a\u00e9roport de Malaga.\",\"publisher\":{\"@id\":\"https:\\\/\\\/www.malagacar.com\\\/fr\\\/blog\\\/#organization\"},\"potentialAction\":[{\"@type\":\"SearchAction\",\"target\":{\"@type\":\"EntryPoint\",\"urlTemplate\":\"https:\\\/\\\/www.malagacar.com\\\/fr\\\/blog\\\/?s={search_term_string}\"},\"query-input\":{\"@type\":\"PropertyValueSpecification\",\"valueRequired\":true,\"valueName\":\"search_term_string\"}}],\"inLanguage\":\"fr-FR\"},{\"@type\":\"Organization\",\"@id\":\"https:\\\/\\\/www.malagacar.com\\\/fr\\\/blog\\\/#organization\",\"name\":\"MalagaCar.com\",\"url\":\"https:\\\/\\\/www.malagacar.com\\\/fr\\\/blog\\\/\",\"logo\":{\"@type\":\"ImageObject\",\"inLanguage\":\"fr-FR\",\"@id\":\"https:\\\/\\\/www.malagacar.com\\\/fr\\\/blog\\\/#\\\/schema\\\/logo\\\/image\\\/\",\"url\":\"https:\\\/\\\/www.malagacar.com\\\/fr\\\/blog\\\/wp-content\\\/uploads\\\/2021\\\/06\\\/logo-malagacar-social.png\",\"contentUrl\":\"https:\\\/\\\/www.malagacar.com\\\/fr\\\/blog\\\/wp-content\\\/uploads\\\/2021\\\/06\\\/logo-malagacar-social.png\",\"width\":900,\"height\":900,\"caption\":\"MalagaCar.com\"},\"image\":{\"@id\":\"https:\\\/\\\/www.malagacar.com\\\/fr\\\/blog\\\/#\\\/schema\\\/logo\\\/image\\\/\"},\"sameAs\":[\"https:\\\/\\\/www.facebook.com\\\/malagacar\",\"https:\\\/\\\/x.com\\\/malagacarcom\",\"https:\\\/\\\/www.instagram.com\\\/malagacar\\\/\",\"https:\\\/\\\/www.linkedin.com\\\/company\\\/malagacar.com\",\"https:\\\/\\\/www.youtube.com\\\/c\\\/MalagacarAirport\"]},{\"@type\":\"Person\",\"@id\":\"https:\\\/\\\/www.malagacar.com\\\/fr\\\/blog\\\/#\\\/schema\\\/person\\\/ffb97005d02bcc7d0bb59f5409635691\",\"name\":\"MalagaCar.com\",\"image\":{\"@type\":\"ImageObject\",\"inLanguage\":\"fr-FR\",\"@id\":\"https:\\\/\\\/secure.gravatar.com\\\/avatar\\\/296ebc31026e7be05868369e4c596b3239b1582b2fcf8a45de57333e2e82bb82?s=96&d=mm&r=g\",\"url\":\"https:\\\/\\\/secure.gravatar.com\\\/avatar\\\/296ebc31026e7be05868369e4c596b3239b1582b2fcf8a45de57333e2e82bb82?s=96&d=mm&r=g\",\"contentUrl\":\"https:\\\/\\\/secure.gravatar.com\\\/avatar\\\/296ebc31026e7be05868369e4c596b3239b1582b2fcf8a45de57333e2e82bb82?s=96&d=mm&r=g\",\"caption\":\"MalagaCar.com\"},\"sameAs\":[\"https:\\\/\\\/www.malagacar.com\\\/fr\\\/blog\"]}]}<\/script>\n<!-- \/ Yoast SEO plugin. -->","yoast_head_json":{"title":"Train Al \u00c1ndalus - Voyage de r\u00eave dans un h\u00f4tel 5* sur rails","description":"D\u00e9couvrez magnifiques villes andalouses class\u00e9es au patrimoine mondial \u00e0 bord de l'Orient Express, le train Al Andalus, qui part de Malaga.","robots":{"index":"index","follow":"follow","max-snippet":"max-snippet:-1","max-image-preview":"max-image-preview:large","max-video-preview":"max-video-preview:-1"},"canonical":"https:\/\/www.malagacar.com\/fr\/blog\/loisirs\/train-al-andalus\/","og_locale":"fr_FR","og_type":"article","og_title":"Train Al \u00c1ndalus - Voyage de r\u00eave dans un h\u00f4tel 5* sur rails","og_description":"D\u00e9couvrez magnifiques villes andalouses class\u00e9es au patrimoine mondial \u00e0 bord de l'Orient Express, le train Al Andalus, qui part de Malaga.","og_url":"https:\/\/www.malagacar.com\/fr\/blog\/loisirs\/train-al-andalus\/","og_site_name":"Blog de MalagaCar.com","article_publisher":"https:\/\/www.facebook.com\/malagacar","article_published_time":"2024-06-04T10:49:42+00:00","article_modified_time":"2024-06-04T11:14:01+00:00","og_image":[{"width":1200,"height":797,"url":"https:\/\/www.malagacar.com\/fr\/blog\/wp-content\/uploads\/2024\/06\/tren-al-andalus-fr.jpg","type":"image\/jpeg"}],"author":"MalagaCar.com","twitter_card":"summary_large_image","twitter_creator":"@malagacarcom","twitter_site":"@malagacarcom","twitter_misc":{"\u00c9crit par":"MalagaCar.com","Dur\u00e9e de lecture estim\u00e9e":"8 minutes"},"schema":{"@context":"https:\/\/schema.org","@graph":[{"@type":"Article","@id":"https:\/\/www.malagacar.com\/fr\/blog\/loisirs\/train-al-andalus\/#article","isPartOf":{"@id":"https:\/\/www.malagacar.com\/fr\/blog\/loisirs\/train-al-andalus\/"},"author":{"name":"MalagaCar.com","@id":"https:\/\/www.malagacar.com\/fr\/blog\/#\/schema\/person\/ffb97005d02bcc7d0bb59f5409635691"},"headline":"Train Al \u00c1ndalus &#8211; Voyage de r\u00eave dans un h\u00f4tel 5* sur rails","datePublished":"2024-06-04T10:49:42+00:00","dateModified":"2024-06-04T11:14:01+00:00","mainEntityOfPage":{"@id":"https:\/\/www.malagacar.com\/fr\/blog\/loisirs\/train-al-andalus\/"},"wordCount":1202,"commentCount":0,"publisher":{"@id":"https:\/\/www.malagacar.com\/fr\/blog\/#organization"},"image":{"@id":"https:\/\/www.malagacar.com\/fr\/blog\/loisirs\/train-al-andalus\/#primaryimage"},"thumbnailUrl":"https:\/\/www.malagacar.com\/fr\/blog\/wp-content\/uploads\/2024\/06\/tren-al-andalus-fr.jpg","keywords":["choses \u00e0 faire","costa del sol","Luxe","malaga"],"articleSection":["Loisirs"],"inLanguage":"fr-FR","potentialAction":[{"@type":"CommentAction","name":"Comment","target":["https:\/\/www.malagacar.com\/fr\/blog\/loisirs\/train-al-andalus\/#respond"]}]},{"@type":"WebPage","@id":"https:\/\/www.malagacar.com\/fr\/blog\/loisirs\/train-al-andalus\/","url":"https:\/\/www.malagacar.com\/fr\/blog\/loisirs\/train-al-andalus\/","name":"Train Al \u00c1ndalus - Voyage de r\u00eave dans un h\u00f4tel 5* sur rails","isPartOf":{"@id":"https:\/\/www.malagacar.com\/fr\/blog\/#website"},"primaryImageOfPage":{"@id":"https:\/\/www.malagacar.com\/fr\/blog\/loisirs\/train-al-andalus\/#primaryimage"},"image":{"@id":"https:\/\/www.malagacar.com\/fr\/blog\/loisirs\/train-al-andalus\/#primaryimage"},"thumbnailUrl":"https:\/\/www.malagacar.com\/fr\/blog\/wp-content\/uploads\/2024\/06\/tren-al-andalus-fr.jpg","datePublished":"2024-06-04T10:49:42+00:00","dateModified":"2024-06-04T11:14:01+00:00","description":"D\u00e9couvrez magnifiques villes andalouses class\u00e9es au patrimoine mondial \u00e0 bord de l'Orient Express, le train Al Andalus, qui part de Malaga.","breadcrumb":{"@id":"https:\/\/www.malagacar.com\/fr\/blog\/loisirs\/train-al-andalus\/#breadcrumb"},"inLanguage":"fr-FR","potentialAction":[{"@type":"ReadAction","target":["https:\/\/www.malagacar.com\/fr\/blog\/loisirs\/train-al-andalus\/"]}]},{"@type":"ImageObject","inLanguage":"fr-FR","@id":"https:\/\/www.malagacar.com\/fr\/blog\/loisirs\/train-al-andalus\/#primaryimage","url":"https:\/\/www.malagacar.com\/fr\/blog\/wp-content\/uploads\/2024\/06\/tren-al-andalus-fr.jpg","contentUrl":"https:\/\/www.malagacar.com\/fr\/blog\/wp-content\/uploads\/2024\/06\/tren-al-andalus-fr.jpg","width":1200,"height":797,"caption":"Train Al \u00c1ndalus"},{"@type":"BreadcrumbList","@id":"https:\/\/www.malagacar.com\/fr\/blog\/loisirs\/train-al-andalus\/#breadcrumb","itemListElement":[{"@type":"ListItem","position":1,"name":"Accueil","item":"https:\/\/www.malagacar.com\/fr\/blog\/"},{"@type":"ListItem","position":2,"name":"Train Al \u00c1ndalus &#8211; Voyage de r\u00eave dans un h\u00f4tel 5* sur rails"}]},{"@type":"WebSite","@id":"https:\/\/www.malagacar.com\/fr\/blog\/#website","url":"https:\/\/www.malagacar.com\/fr\/blog\/","name":"Blog de MalagaCar.com","description":"Nouvelles et informations int\u00e9ressantes sur la location de voitures \u00e0 l&#039;a\u00e9roport de Malaga.","publisher":{"@id":"https:\/\/www.malagacar.com\/fr\/blog\/#organization"},"potentialAction":[{"@type":"SearchAction","target":{"@type":"EntryPoint","urlTemplate":"https:\/\/www.malagacar.com\/fr\/blog\/?s={search_term_string}"},"query-input":{"@type":"PropertyValueSpecification","valueRequired":true,"valueName":"search_term_string"}}],"inLanguage":"fr-FR"},{"@type":"Organization","@id":"https:\/\/www.malagacar.com\/fr\/blog\/#organization","name":"MalagaCar.com","url":"https:\/\/www.malagacar.com\/fr\/blog\/","logo":{"@type":"ImageObject","inLanguage":"fr-FR","@id":"https:\/\/www.malagacar.com\/fr\/blog\/#\/schema\/logo\/image\/","url":"https:\/\/www.malagacar.com\/fr\/blog\/wp-content\/uploads\/2021\/06\/logo-malagacar-social.png","contentUrl":"https:\/\/www.malagacar.com\/fr\/blog\/wp-content\/uploads\/2021\/06\/logo-malagacar-social.png","width":900,"height":900,"caption":"MalagaCar.com"},"image":{"@id":"https:\/\/www.malagacar.com\/fr\/blog\/#\/schema\/logo\/image\/"},"sameAs":["https:\/\/www.facebook.com\/malagacar","https:\/\/x.com\/malagacarcom","https:\/\/www.instagram.com\/malagacar\/","https:\/\/www.linkedin.com\/company\/malagacar.com","https:\/\/www.youtube.com\/c\/MalagacarAirport"]},{"@type":"Person","@id":"https:\/\/www.malagacar.com\/fr\/blog\/#\/schema\/person\/ffb97005d02bcc7d0bb59f5409635691","name":"MalagaCar.com","image":{"@type":"ImageObject","inLanguage":"fr-FR","@id":"https:\/\/secure.gravatar.com\/avatar\/296ebc31026e7be05868369e4c596b3239b1582b2fcf8a45de57333e2e82bb82?s=96&d=mm&r=g","url":"https:\/\/secure.gravatar.com\/avatar\/296ebc31026e7be05868369e4c596b3239b1582b2fcf8a45de57333e2e82bb82?s=96&d=mm&r=g","contentUrl":"https:\/\/secure.gravatar.com\/avatar\/296ebc31026e7be05868369e4c596b3239b1582b2fcf8a45de57333e2e82bb82?s=96&d=mm&r=g","caption":"MalagaCar.com"},"sameAs":["https:\/\/www.malagacar.com\/fr\/blog"]}]}},"_links":{"self":[{"href":"https:\/\/www.malagacar.com\/fr\/blog\/wp-json\/wp\/v2\/posts\/1362","targetHints":{"allow":["GET"]}}],"collection":[{"href":"https:\/\/www.malagacar.com\/fr\/blog\/wp-json\/wp\/v2\/posts"}],"about":[{"href":"https:\/\/www.malagacar.com\/fr\/blog\/wp-json\/wp\/v2\/types\/post"}],"author":[{"embeddable":true,"href":"https:\/\/www.malagacar.com\/fr\/blog\/wp-json\/wp\/v2\/users\/1"}],"replies":[{"embeddable":true,"href":"https:\/\/www.malagacar.com\/fr\/blog\/wp-json\/wp\/v2\/comments?post=1362"}],"version-history":[{"count":4,"href":"https:\/\/www.malagacar.com\/fr\/blog\/wp-json\/wp\/v2\/posts\/1362\/revisions"}],"predecessor-version":[{"id":1367,"href":"https:\/\/www.malagacar.com\/fr\/blog\/wp-json\/wp\/v2\/posts\/1362\/revisions\/1367"}],"wp:featuredmedia":[{"embeddable":true,"href":"https:\/\/www.malagacar.com\/fr\/blog\/wp-json\/wp\/v2\/media\/1364"}],"wp:attachment":[{"href":"https:\/\/www.malagacar.com\/fr\/blog\/wp-json\/wp\/v2\/media?parent=1362"}],"wp:term":[{"taxonomy":"category","embeddable":true,"href":"https:\/\/www.malagacar.com\/fr\/blog\/wp-json\/wp\/v2\/categories?post=1362"},{"taxonomy":"post_tag","embeddable":true,"href":"https:\/\/www.malagacar.com\/fr\/blog\/wp-json\/wp\/v2\/tags?post=1362"}],"curies":[{"name":"wp","href":"https:\/\/api.w.org\/{rel}","templated":true}]}}