{"id":1549,"date":"2024-07-25T09:51:34","date_gmt":"2024-07-25T07:51:34","guid":{"rendered":"https:\/\/www.malagacar.com\/fr\/blog\/?p=1549"},"modified":"2025-10-28T14:40:54","modified_gmt":"2025-10-28T13:40:54","slug":"restaurants-vegetariens-vegetaliens-malaga","status":"publish","type":"post","link":"https:\/\/www.malagacar.com\/fr\/blog\/loisirs\/restaurants-vegetariens-vegetaliens-malaga\/","title":{"rendered":"Les meilleurs restaurants v\u00e9g\u00e9tariens et v\u00e9g\u00e9taliens de Malaga"},"content":{"rendered":"<p>D\u00e9couvrez avec nous les meilleurs restaurants v\u00e9g\u00e9tariens et v\u00e9g\u00e9taliens de Malaga !<\/p>\n<p>De plus en plus de personnes demandent \u00e0 manger diff\u00e9remment, avec des produits frais, v\u00e9g\u00e9taux et innovants.<\/p>\n<p>Que vous soyez omnivore, v\u00e9g\u00e9tarien ou v\u00e9g\u00e9talien, laissez-vous surprendre. Il n&rsquo;est pas n\u00e9cessaire de se priver ou de renoncer \u00e0 ce que l&rsquo;on aime. Au contraire, il y a tant de produits d\u00e9licieux \u00e0 d\u00e9couvrir !<\/p>\n<p>Et contrairement \u00e0 ce que beaucoup peuvent penser, la cuisine v\u00e9g\u00e9talienne n&rsquo;est pas insipide : vari\u00e9e et diversifi\u00e9e, elle offre de nombreuses possibilit\u00e9s qui peuvent satisfaire toutes les attentes.<\/p>\n<p>En fait, en voici quelques-uns qui m\u00e9riteraient une \u00e9toile Michelin v\u00e9g\u00e9talienne\/v\u00e9g\u00e9tarienne, s&rsquo;il y en avait !<br \/>\n<!--more--><br \/>\n\n            <div class=\"banner\">\n                <div class=\"row\">\n                    <div class=\"col-sm-4\">\n                        <a href=\"\/fr\/location-de-voitures\/quote.php\" data-wpel-link=\"internal\"><img decoding=\"async\" src=\"\/images\/banner-img.jpg\" alt=\"malagacar.com\"><\/a>\n                    <\/div>\n                    <div class=\"col-sm-8\">\n                      <a href=\"\/fr\/location-de-voitures\/quote.php\" class=\"banner-title\" data-wpel-link=\"internal\">Meilleure location de voitures <div>\u00e0 l'a\u00e9roport de Malaga<\/div><\/a>   \n                        <div class=\"row\">\n                            <div class=\"col-sm-7\">\n                                <ul>\n                                    <li>Pas de frais de ravitaillement<\/li>\n                                    <li>Annulation gratuite<\/li>\n                                    <li>Location sans interm\u00e9diaire<\/li>\n                                    <li>Payez lorsque vous prenez la voiture<\/li>\n                                    <li><\/li>\n                                <\/ul>\n                            <\/div>\n                            <div class=\"col-sm-5\">\n                                <a class=\"btn-banner\" href=\"\/fr\/location-de-voitures\/quote.php\" data-wpel-link=\"internal\">Consultez les prix<\/a>\n                                <img decoding=\"async\" class=\"zonturent\" src=\"\/images\/zontu-banner.png\" alt=\"\">\n                            <\/div>\n                        <\/div>\n                    <\/div>\n                 <\/div>  \n            <\/div>\n            <\/p>\n<div id=\"ez-toc-container\" class=\"ez-toc-v2_0_87 counter-hierarchy ez-toc-counter ez-toc-light-blue ez-toc-container-direction\">\n<p class=\"ez-toc-title\" style=\"cursor:inherit\">Table des mati\u00e8res<\/p>\n<label for=\"ez-toc-cssicon-toggle-item-6a9a3e56a705a\" class=\"ez-toc-cssicon-toggle-label\"><span class=\"\"><span class=\"eztoc-hide\" style=\"display:none;\">Toggle<\/span><span class=\"ez-toc-icon-toggle-span\"><svg style=\"fill: #999;color:#999\" xmlns=\"http:\/\/www.w3.org\/2000\/svg\" class=\"list-377408\" width=\"20px\" height=\"20px\" viewBox=\"0 0 24 24\" fill=\"none\"><path d=\"M6 6H4v2h2V6zm14 0H8v2h12V6zM4 11h2v2H4v-2zm16 0H8v2h12v-2zM4 16h2v2H4v-2zm16 0H8v2h12v-2z\" fill=\"currentColor\"><\/path><\/svg><svg style=\"fill: #999;color:#999\" class=\"arrow-unsorted-368013\" xmlns=\"http:\/\/www.w3.org\/2000\/svg\" width=\"10px\" height=\"10px\" viewBox=\"0 0 24 24\" version=\"1.2\" baseProfile=\"tiny\"><path d=\"M18.2 9.3l-6.2-6.3-6.2 6.3c-.2.2-.3.4-.3.7s.1.5.3.7c.2.2.4.3.7.3h11c.3 0 .5-.1.7-.3.2-.2.3-.5.3-.7s-.1-.5-.3-.7zM5.8 14.7l6.2 6.3 6.2-6.3c.2-.2.3-.5.3-.7s-.1-.5-.3-.7c-.2-.2-.4-.3-.7-.3h-11c-.3 0-.5.1-.7.3-.2.2-.3.5-.3.7s.1.5.3.7z\"\/><\/svg><\/span><\/span><\/label><input type=\"checkbox\"  id=\"ez-toc-cssicon-toggle-item-6a9a3e56a705a\"  aria-label=\"Toggle\" \/><nav><ul class='ez-toc-list ez-toc-list-level-1 ' ><li class='ez-toc-page-1 ez-toc-heading-level-2'><a class=\"ez-toc-link ez-toc-heading-1\" href=\"https:\/\/www.malagacar.com\/fr\/blog\/loisirs\/restaurants-vegetariens-vegetaliens-malaga\/#Restaurants_vegetariens_a_Malaga\" data-wpel-link=\"internal\">Restaurants v\u00e9g\u00e9tariens \u00e0 Malaga<\/a><ul class='ez-toc-list-level-3' ><li class='ez-toc-heading-level-3'><a class=\"ez-toc-link ez-toc-heading-2\" href=\"https:\/\/www.malagacar.com\/fr\/blog\/loisirs\/restaurants-vegetariens-vegetaliens-malaga\/#El_Vegetariano_de_la_Alcazabilla\" data-wpel-link=\"internal\">El Vegetariano de la Alcazabilla<\/a><\/li><li class='ez-toc-page-1 ez-toc-heading-level-3'><a class=\"ez-toc-link ez-toc-heading-3\" href=\"https:\/\/www.malagacar.com\/fr\/blog\/loisirs\/restaurants-vegetariens-vegetaliens-malaga\/#Canadu\" data-wpel-link=\"internal\">Ca\u00f1ad\u00fa<\/a><\/li><li class='ez-toc-page-1 ez-toc-heading-level-3'><a class=\"ez-toc-link ez-toc-heading-4\" href=\"https:\/\/www.malagacar.com\/fr\/blog\/loisirs\/restaurants-vegetariens-vegetaliens-malaga\/#Sala\" data-wpel-link=\"internal\">Sala<\/a><\/li><\/ul><\/li><li class='ez-toc-page-1 ez-toc-heading-level-2'><a class=\"ez-toc-link ez-toc-heading-5\" href=\"https:\/\/www.malagacar.com\/fr\/blog\/loisirs\/restaurants-vegetariens-vegetaliens-malaga\/#Restaurants_vegetaliens_a_Malaga\" data-wpel-link=\"internal\">Restaurants v\u00e9g\u00e9taliens \u00e0 Malaga<\/a><ul class='ez-toc-list-level-3' ><li class='ez-toc-heading-level-3'><a class=\"ez-toc-link ez-toc-heading-6\" href=\"https:\/\/www.malagacar.com\/fr\/blog\/loisirs\/restaurants-vegetariens-vegetaliens-malaga\/#La_Vegana_Taperia\" data-wpel-link=\"internal\">La Vegana Taperia<\/a><\/li><li class='ez-toc-page-1 ez-toc-heading-level-3'><a class=\"ez-toc-link ez-toc-heading-7\" href=\"https:\/\/www.malagacar.com\/fr\/blog\/loisirs\/restaurants-vegetariens-vegetaliens-malaga\/#MIMO_Vegan\" data-wpel-link=\"internal\">MIMO Vegan<\/a><\/li><li class='ez-toc-page-1 ez-toc-heading-level-3'><a class=\"ez-toc-link ez-toc-heading-8\" href=\"https:\/\/www.malagacar.com\/fr\/blog\/loisirs\/restaurants-vegetariens-vegetaliens-malaga\/#ReViv_Cafe\" data-wpel-link=\"internal\">ReViv Caf\u00e9<\/a><\/li><li class='ez-toc-page-1 ez-toc-heading-level-3'><a class=\"ez-toc-link ez-toc-heading-9\" href=\"https:\/\/www.malagacar.com\/fr\/blog\/loisirs\/restaurants-vegetariens-vegetaliens-malaga\/#Vegan-te_La_Siria\" data-wpel-link=\"internal\">Vegan-t\u00e9 La Siria<\/a><\/li><li class='ez-toc-page-1 ez-toc-heading-level-3'><a class=\"ez-toc-link ez-toc-heading-10\" href=\"https:\/\/www.malagacar.com\/fr\/blog\/loisirs\/restaurants-vegetariens-vegetaliens-malaga\/#Meet_vegano\" data-wpel-link=\"internal\">Meet vegano<\/a><\/li><li class='ez-toc-page-1 ez-toc-heading-level-3'><a class=\"ez-toc-link ez-toc-heading-11\" href=\"https:\/\/www.malagacar.com\/fr\/blog\/loisirs\/restaurants-vegetariens-vegetaliens-malaga\/#Kinoa\" data-wpel-link=\"internal\">Kinoa<\/a><\/li><li class='ez-toc-page-1 ez-toc-heading-level-3'><a class=\"ez-toc-link ez-toc-heading-12\" href=\"https:\/\/www.malagacar.com\/fr\/blog\/loisirs\/restaurants-vegetariens-vegetaliens-malaga\/#Veganeria_del_Sur\" data-wpel-link=\"internal\">Veganeria del Sur<\/a><\/li><\/ul><\/li><li class='ez-toc-page-1 ez-toc-heading-level-2'><a class=\"ez-toc-link ez-toc-heading-13\" href=\"https:\/\/www.malagacar.com\/fr\/blog\/loisirs\/restaurants-vegetariens-vegetaliens-malaga\/#Restaurants_vegetariens_et_vegetaliens_a_Fuengirola\" data-wpel-link=\"internal\">Restaurants v\u00e9g\u00e9tariens et v\u00e9g\u00e9taliens \u00e0 Fuengirola<\/a><ul class='ez-toc-list-level-3' ><li class='ez-toc-heading-level-3'><a class=\"ez-toc-link ez-toc-heading-14\" href=\"https:\/\/www.malagacar.com\/fr\/blog\/loisirs\/restaurants-vegetariens-vegetaliens-malaga\/#Vegetalia\" data-wpel-link=\"internal\">Vegetalia<\/a><\/li><li class='ez-toc-page-1 ez-toc-heading-level-3'><a class=\"ez-toc-link ez-toc-heading-15\" href=\"https:\/\/www.malagacar.com\/fr\/blog\/loisirs\/restaurants-vegetariens-vegetaliens-malaga\/#El_Cuenco\" data-wpel-link=\"internal\">El Cuenco<\/a><\/li><\/ul><\/li><li class='ez-toc-page-1 ez-toc-heading-level-2'><a class=\"ez-toc-link ez-toc-heading-16\" href=\"https:\/\/www.malagacar.com\/fr\/blog\/loisirs\/restaurants-vegetariens-vegetaliens-malaga\/#Restaurants_vegetariens_et_vegetaliens_a_Marbella\" data-wpel-link=\"internal\">Restaurants v\u00e9g\u00e9tariens et v\u00e9g\u00e9taliens \u00e0 Marbella<\/a><ul class='ez-toc-list-level-3' ><li class='ez-toc-heading-level-3'><a class=\"ez-toc-link ez-toc-heading-17\" href=\"https:\/\/www.malagacar.com\/fr\/blog\/loisirs\/restaurants-vegetariens-vegetaliens-malaga\/#Organic_Market_Food\" data-wpel-link=\"internal\">Organic Market &amp; Food<\/a><\/li><li class='ez-toc-page-1 ez-toc-heading-level-3'><a class=\"ez-toc-link ez-toc-heading-18\" href=\"https:\/\/www.malagacar.com\/fr\/blog\/loisirs\/restaurants-vegetariens-vegetaliens-malaga\/#AguaViento_WaterWind\" data-wpel-link=\"internal\">AguaViento WaterWind<\/a><\/li><\/ul><\/li><li class='ez-toc-page-1 ez-toc-heading-level-2'><a class=\"ez-toc-link ez-toc-heading-19\" href=\"https:\/\/www.malagacar.com\/fr\/blog\/loisirs\/restaurants-vegetariens-vegetaliens-malaga\/#Pour_les_amateurs_de_sucreries\" data-wpel-link=\"internal\">Pour les amateurs de sucreries<\/a><ul class='ez-toc-list-level-3' ><li class='ez-toc-heading-level-3'><a class=\"ez-toc-link ez-toc-heading-20\" href=\"https:\/\/www.malagacar.com\/fr\/blog\/loisirs\/restaurants-vegetariens-vegetaliens-malaga\/#Boulangerie_artisanale_et_vegetalienne_Tara_%E2%80%93_Malaga\" data-wpel-link=\"internal\">Boulangerie artisanale et v\u00e9g\u00e9talienne Tara &#8211; Malaga<\/a><\/li><li class='ez-toc-page-1 ez-toc-heading-level-3'><a class=\"ez-toc-link ez-toc-heading-21\" href=\"https:\/\/www.malagacar.com\/fr\/blog\/loisirs\/restaurants-vegetariens-vegetaliens-malaga\/#YUMMY_glacier_Sans_gluten_et_vegetalien_%E2%80%93_Malaga\" data-wpel-link=\"internal\">YUMMY glacier Sans gluten et v\u00e9g\u00e9talien &#8211; Malaga<\/a><\/li><li class='ez-toc-page-1 ez-toc-heading-level-3'><a class=\"ez-toc-link ez-toc-heading-22\" href=\"https:\/\/www.malagacar.com\/fr\/blog\/loisirs\/restaurants-vegetariens-vegetaliens-malaga\/#Vegabonty_%E2%80%93_Fuengirola\" data-wpel-link=\"internal\">Vegabonty &#8211; Fuengirola<\/a><\/li><\/ul><\/li><li class='ez-toc-page-1 ez-toc-heading-level-2'><a class=\"ez-toc-link ez-toc-heading-23\" href=\"https:\/\/www.malagacar.com\/fr\/blog\/loisirs\/restaurants-vegetariens-vegetaliens-malaga\/#Vous_voulez_rencontrer_dautres_vegetaliens_a_Malaga\" data-wpel-link=\"internal\">Vous voulez rencontrer d&rsquo;autres v\u00e9g\u00e9taliens \u00e0 Malaga ?<\/a><\/li><\/ul><\/nav><\/div>\n<h2><span class=\"ez-toc-section\" id=\"Restaurants_vegetariens_a_Malaga\"><\/span>Restaurants v\u00e9g\u00e9tariens \u00e0 Malaga<span class=\"ez-toc-section-end\"><\/span><\/h2>\n<h3><span class=\"ez-toc-section\" id=\"El_Vegetariano_de_la_Alcazabilla\"><\/span>El Vegetariano de la Alcazabilla<span class=\"ez-toc-section-end\"><\/span><\/h3>\n<p><img loading=\"lazy\" decoding=\"async\" class=\"alignnone size-full wp-image-12688\" src=\"https:\/\/www.malagacar.com\/sp\/blog\/wp-content\/uploads\/2022\/11\/Vegetariano-de-la-Alcazabilla.jpg\" alt=\" Vegetarian restaurants in Malaga, Vegetariano de la Alcazabilla\" width=\"1117\" height=\"817\" \/><\/p>\n<p>Ce restaurant a \u00e9t\u00e9, avec Ca\u00f1adu, l&rsquo;un des premiers restaurants v\u00e9g\u00e9tariens de Malaga.<\/p>\n<p>Il propose plusieurs options v\u00e9g\u00e9taliennes. L&#8217;emplacement est parfait si vous vous promenez dans le centre.<\/p>\n<ul>\n<li><strong> Site web <\/strong><\/li>\n<li><a href=\"https:\/\/goo.gl\/maps\/XtkUcXWDZXiCqFkZ7\" data-wpel-link=\"external\" rel=\"external noopener noreferrer\"><strong> Comment s&rsquo;y rendre <\/strong><\/a><\/li>\n<\/ul>\n<h3><span class=\"ez-toc-section\" id=\"Canadu\"><\/span>Ca\u00f1ad\u00fa<span class=\"ez-toc-section-end\"><\/span><\/h3>\n<p><img loading=\"lazy\" decoding=\"async\" class=\"alignnone size-full wp-image-12696\" src=\"https:\/\/www.malagacar.com\/sp\/blog\/wp-content\/uploads\/2022\/11\/canadu.jpg\" alt=\" Vegetarian restaurants in Malaga, ca\u00f1adu\" width=\"958\" height=\"714\" \/><\/p>\n<p>L&rsquo;un des premiers restaurants v\u00e9g\u00e9tariens de Malaga situ\u00e9 sur la Plaza de la Merced.<\/p>\n<p>Il propose un bon menu v\u00e9g\u00e9talien et v\u00e9g\u00e9tarien, avec de nombreuses options sans gluten. Il propose des menus hebdomadaires.<\/p>\n<ul>\n<li><a href=\"https:\/\/www.facebook.com\/profile.php?id=100060895135361\" data-wpel-link=\"external\" rel=\"external noopener noreferrer\"><strong>Facebook<\/strong><\/a><\/li>\n<li><a href=\"http:\/\/www.canadu.es\/\" data-wpel-link=\"external\" rel=\"external noopener noreferrer\"><strong> Site web <\/strong><\/a><\/li>\n<li><a href=\"https:\/\/g.page\/canadu?share\" data-wpel-link=\"external\" rel=\"external noopener noreferrer\"><strong> Comment s&rsquo;y rendre <\/strong><\/a><\/li>\n<\/ul>\n<h3><span class=\"ez-toc-section\" id=\"Sala\"><\/span>Sala<span class=\"ez-toc-section-end\"><\/span><\/h3>\n<p><img loading=\"lazy\" decoding=\"async\" class=\"alignnone wp-image-12697\" src=\"https:\/\/www.malagacar.com\/sp\/blog\/wp-content\/uploads\/2022\/11\/Sala.jpg\" alt=\" Vegetarian restaurants in Malaga, sala\" width=\"987\" height=\"692\" \/><\/p>\n<p>Pr\u00e8s de la rivi\u00e8re et \u00e0 quelques m\u00e8tres du centre historique se trouve ce petit restaurant avec une cuisine ouverte o\u00f9 vous pouvez observer le chef pr\u00e9parer les plats.<\/p>\n<p>Il propose des menus hebdomadaires vari\u00e9s. Il est \u00e9galement possible d&rsquo;adapter le menu aux r\u00e9gimes v\u00e9g\u00e9taliens ou sans gluten.<\/p>\n<ul>\n<li><a href=\"https:\/\/www.instagram.com\/espaciosala\/\" data-wpel-link=\"external\" rel=\"external noopener noreferrer\"><strong>Instagram<\/strong><\/a><\/li>\n<li><a href=\"https:\/\/www.saladentro.com\/\" data-wpel-link=\"external\" rel=\"external noopener noreferrer\"><strong> Site web <\/strong><\/a><\/li>\n<li><a href=\"https:\/\/goo.gl\/maps\/VPvPqJgu9Mt4PZP17\" data-wpel-link=\"external\" rel=\"external noopener noreferrer\"><strong> Comment s&rsquo;y rendre <\/strong><\/a><\/li>\n<\/ul>\n<h2><span class=\"ez-toc-section\" id=\"Restaurants_vegetaliens_a_Malaga\"><\/span>Restaurants v\u00e9g\u00e9taliens \u00e0 Malaga<span class=\"ez-toc-section-end\"><\/span><\/h2>\n<h3><span class=\"ez-toc-section\" id=\"La_Vegana_Taperia\"><\/span>La Vegana Taperia<span class=\"ez-toc-section-end\"><\/span><\/h3>\n<p><img loading=\"lazy\" decoding=\"async\" class=\"alignnone size-full wp-image-12698\" src=\"https:\/\/www.malagacar.com\/sp\/blog\/wp-content\/uploads\/2022\/11\/la-vegana.jpg\" alt=\" Vegan restaurants in Malaga, la vegana\" width=\"513\" height=\"640\" \/><\/p>\n<p>Tout pr\u00e8s de la Plaza de la Merced, cach\u00e9 dans une ruelle, se trouve ce petit restaurant de tapas 100% v\u00e9g\u00e9taliennes. Il y a des tables \u00e0 l&rsquo;int\u00e9rieur et \u00e0 l&rsquo;ext\u00e9rieur.<\/p>\n<p>C&rsquo;est le prochain endroit que nous allons essayer, il a l&rsquo;air super !<\/p>\n<ul>\n<li><a href=\"https:\/\/www.facebook.com\/taperialavegana\/\" data-wpel-link=\"external\" rel=\"external noopener noreferrer\"><strong>Facebook<\/strong><\/a><\/li>\n<li><a href=\"https:\/\/g.page\/taperialavegana?share\" data-wpel-link=\"external\" rel=\"external noopener noreferrer\"><strong> Comment s&rsquo;y rendre <\/strong><\/a><\/li>\n<\/ul>\n<h3><span class=\"ez-toc-section\" id=\"MIMO_Vegan\"><\/span>MIMO Vegan<span class=\"ez-toc-section-end\"><\/span><\/h3>\n<p><img loading=\"lazy\" decoding=\"async\" class=\"alignnone wp-image-12699\" src=\"https:\/\/www.malagacar.com\/sp\/blog\/wp-content\/uploads\/2022\/11\/mimo5.jpg\" alt=\" Vegan restaurants in Malaga, mimo vegan\" width=\"994\" height=\"748\" \/><\/p>\n<p>Notre coup de c\u0153ur. S&rsquo;il y avait des \u00e9toiles Michelin pour les v\u00e9g\u00e9taliens, MIMO en aurait 3.<\/p>\n<p>Situ\u00e9 dans le quartier central de Soho, ce restaurant propose une cuisine v\u00e9g\u00e9talienne spectaculaire et tr\u00e8s \u00e9labor\u00e9e, avec beaucoup de \u00ab mimo \u00bb (chouchoutage). Un endroit \u00e0 appr\u00e9cier avec les 5 sens.<\/p>\n<ul>\n<li><a href=\"https:\/\/www.facebook.com\/mimovegan\" data-wpel-link=\"external\" rel=\"external noopener noreferrer\"><strong>Facebook<\/strong><\/a><\/li>\n<li><a href=\"https:\/\/g.page\/mimovegan?share\" data-wpel-link=\"external\" rel=\"external noopener noreferrer\"><strong> Comment s&rsquo;y rendre <\/strong><\/a><\/li>\n<\/ul>\n<h3><span class=\"ez-toc-section\" id=\"ReViv_Cafe\"><\/span>ReViv Caf\u00e9<span class=\"ez-toc-section-end\"><\/span><\/h3>\n<p><img loading=\"lazy\" decoding=\"async\" class=\"alignnone size-full wp-image-12700\" src=\"https:\/\/www.malagacar.com\/sp\/blog\/wp-content\/uploads\/2022\/11\/Reviv.jpg\" alt=\" Vegan restaurants in Malaga, reviv\" width=\"901\" height=\"820\" \/><\/p>\n<p>Un nouveau caf\u00e9 v\u00e9g\u00e9talien dans le centre-ville. Sain, v\u00e9g\u00e9talien, sans gluten, sans sucre.<\/p>\n<p>Outre de d\u00e9licieux g\u00e2teaux, ils proposent le petit-d\u00e9jeuner, le brunch et le d\u00e9jeuner.<\/p>\n<ul>\n<li><a href=\"https:\/\/revivcafe.com\/\" data-wpel-link=\"external\" rel=\"external noopener noreferrer\"><strong> Site web <\/strong><\/a><\/li>\n<li><a href=\"https:\/\/goo.gl\/maps\/Cm7hmC3bX4bX4pEA9\" data-wpel-link=\"external\" rel=\"external noopener noreferrer\"><strong> Comment s&rsquo;y rendre <\/strong><\/a><\/li>\n<\/ul>\n<h3><span class=\"ez-toc-section\" id=\"Vegan-te_La_Siria\"><\/span>Vegan-t\u00e9 La Siria<span class=\"ez-toc-section-end\"><\/span><\/h3>\n<p><img loading=\"lazy\" decoding=\"async\" class=\"alignnone wp-image-12701\" src=\"https:\/\/www.malagacar.com\/sp\/blog\/wp-content\/uploads\/2022\/11\/la-siria.jpg\" alt=\" Vegan restaurants in Malaga, la siria\" width=\"971\" height=\"971\" \/><\/p>\n<p>Ce petit restaurant est situ\u00e9 tout pr\u00e8s de la gare de banlieue du centre-ville de Malaga et sert des plats v\u00e9g\u00e9taliens pr\u00e9par\u00e9s sur place.<\/p>\n<p>G\u00e2teaux v\u00e9g\u00e9taliens \u00e0 emporter.<\/p>\n<ul>\n<li><a href=\"https:\/\/www.facebook.com\/LaSiria\" data-wpel-link=\"external\" rel=\"external noopener noreferrer\"><strong>Facebook<\/strong><\/a><\/li>\n<li><a href=\"https:\/\/goo.gl\/maps\/k2DCZvQoMBNNeAsp7\" data-wpel-link=\"external\" rel=\"external noopener noreferrer\"><strong> Comment s&rsquo;y rendre <\/strong><\/a><\/li>\n<\/ul>\n<h3><span class=\"ez-toc-section\" id=\"Meet_vegano\"><\/span>Meet vegano<span class=\"ez-toc-section-end\"><\/span><\/h3>\n<p><img loading=\"lazy\" decoding=\"async\" class=\"alignnone wp-image-12702\" src=\"https:\/\/www.malagacar.com\/sp\/blog\/wp-content\/uploads\/2022\/11\/Meet-vegano.jpg\" alt=\" Vegan restaurants in Malaga, meet vegano\" width=\"623\" height=\"779\" \/><\/p>\n<p>Un autre nouvel endroit dans la vieille ville de Malaga est ce restaurant v\u00e9g\u00e9talien. C&rsquo;est un petit endroit avec seulement quelques tables, nous vous recommandons donc de r\u00e9server longtemps \u00e0 l&rsquo;avance.<\/p>\n<p>Tous les plats sont 100 % v\u00e9g\u00e9taliens et tr\u00e8s diff\u00e9rents de ce que l&rsquo;on trouve habituellement dans les autres restaurants v\u00e9g\u00e9taliens. Il s&rsquo;agit d&rsquo;une version plus moderne de la restauration rapide.<\/p>\n<ul>\n<li><a href=\"https:\/\/www.facebook.com\/meetvegano\" data-wpel-link=\"external\" rel=\"external noopener noreferrer\"><strong>Facebook<\/strong><\/a><\/li>\n<li><a href=\"https:\/\/goo.gl\/maps\/1FKACZnwjqmTY5L19\" data-wpel-link=\"external\" rel=\"external noopener noreferrer\"><strong> Comment s&rsquo;y rendre <\/strong><\/a><\/li>\n<\/ul>\n<h3><span class=\"ez-toc-section\" id=\"Kinoa\"><\/span>Kinoa<span class=\"ez-toc-section-end\"><\/span><\/h3>\n<p><img loading=\"lazy\" decoding=\"async\" class=\"alignnone size-full wp-image-12703\" src=\"https:\/\/www.malagacar.com\/sp\/blog\/wp-content\/uploads\/2022\/11\/Kinoa.jpg\" alt=\" Vegan restaurants in Malaga, kinoa\" width=\"948\" height=\"620\" \/><\/p>\n<p>Il s&rsquo;agit d&rsquo;un restaurant v\u00e9g\u00e9talien (pizzas, hamburgers, etc.) situ\u00e9 dans le centre moderne de Malaga, \u00e0 commander ou \u00e0 emporter.<\/p>\n<ul>\n<li><a href=\"https:\/\/www.facebook.com\/kinoa.es\" data-wpel-link=\"external\" rel=\"external noopener noreferrer\"><strong>Facebook<\/strong><\/a><\/li>\n<li><a href=\"https:\/\/kinoa.es\/\" data-wpel-link=\"external\" rel=\"external noopener noreferrer\"><strong> Site web <\/strong><\/a><\/li>\n<li><a href=\"https:\/\/g.page\/kinoa-es?share\" data-wpel-link=\"external\" rel=\"external noopener noreferrer\"><strong> Comment s&rsquo;y rendre <\/strong><\/a><\/li>\n<\/ul>\n<h3><span class=\"ez-toc-section\" id=\"Veganeria_del_Sur\"><\/span>Veganeria del Sur<span class=\"ez-toc-section-end\"><\/span><\/h3>\n<p><img loading=\"lazy\" decoding=\"async\" class=\"alignnone wp-image-15843\" src=\"https:\/\/www.malagacar.com\/sp\/blog\/wp-content\/uploads\/2022\/11\/Veganeria-del-sur-819x1024.jpg\" alt=\"Veganeria del sur\" width=\"693\" height=\"867\" \/><\/p>\n<p>Sp\u00e9cialis\u00e9 dans la restauration v\u00e9g\u00e9talienne. Surprenez vos invit\u00e9s avec une restauration originale, saine et \u00e9thique.<\/p>\n<ul>\n<li><a href=\"https:\/\/www.facebook.com\/veganeriadelsur\" data-wpel-link=\"external\" rel=\"external noopener noreferrer\"><strong>Facebook<\/strong><\/a><\/li>\n<li><a href=\"https:\/\/veganeriadelsur.com\/\" data-wpel-link=\"external\" rel=\"external noopener noreferrer\"><strong>Web site<\/strong><\/a><\/li>\n<\/ul>\n<h2><span class=\"ez-toc-section\" id=\"Restaurants_vegetariens_et_vegetaliens_a_Fuengirola\"><\/span>Restaurants v\u00e9g\u00e9tariens et v\u00e9g\u00e9taliens \u00e0 Fuengirola<span class=\"ez-toc-section-end\"><\/span><\/h2>\n<h3><span class=\"ez-toc-section\" id=\"Vegetalia\"><\/span>Vegetalia<span class=\"ez-toc-section-end\"><\/span><\/h3>\n<p><img loading=\"lazy\" decoding=\"async\" class=\"alignnone wp-image-12705\" src=\"https:\/\/www.malagacar.com\/sp\/blog\/wp-content\/uploads\/2022\/11\/Vegetalia.jpg\" alt=\" Vegetarian &amp; vegan restaurants Fuengirola, vegetalia\" width=\"1002\" height=\"455\" \/><\/p>\n<p>Restaurant v\u00e9g\u00e9tarien pionnier \u00e0 Fuengirola, avec buffet de d\u00e9jeuner, d\u00eeners \u00e0 la carte, jus de fruits frais et desserts maison, dans une atmosph\u00e8re familiale et informelle. Egalement \u00e0 emporter.<\/p>\n<ul>\n<li><a href=\"https:\/\/www.facebook.com\/vegetaliafuengirola\" data-wpel-link=\"external\" rel=\"external noopener noreferrer\"><strong>Facebook<\/strong><\/a><\/li>\n<li><a href=\"http:\/\/restaurantevegetalia.com\" data-wpel-link=\"external\" rel=\"external noopener noreferrer\"><strong> Site web <\/strong><\/a><\/li>\n<li><a href=\"https:\/\/goo.gl\/maps\/BBPRwsNXhCVk3wMm8\" data-wpel-link=\"external\" rel=\"external noopener noreferrer\"><strong> Comment s&rsquo;y rendre <\/strong><\/a><\/li>\n<\/ul>\n<h3><span class=\"ez-toc-section\" id=\"El_Cuenco\"><\/span>El Cuenco<span class=\"ez-toc-section-end\"><\/span><\/h3>\n<p><img loading=\"lazy\" decoding=\"async\" class=\"alignnone size-full wp-image-12708\" src=\"https:\/\/www.malagacar.com\/sp\/blog\/wp-content\/uploads\/2022\/11\/el-cuenco.jpg\" alt=\" vegan in fuengirola, el cuenco\" width=\"610\" height=\"798\" \/><\/p>\n<p>L&rsquo;un de nos pr\u00e9f\u00e9r\u00e9s pour son service excellent et amical et ses d\u00e9licieux plats \u00e0 emporter v\u00e9g\u00e9taliens faits maison, situ\u00e9 \u00e0 quelques m\u00e8tres de la gare de banlieue, au centre de la ville.<\/p>\n<ul>\n<li>They publish their daily menus in <a href=\"https:\/\/www.facebook.com\/Veganestile\/\" data-wpel-link=\"external\" rel=\"external noopener noreferrer\"><strong>Facebook<\/strong><\/a>.<\/li>\n<li><a href=\"https:\/\/g.page\/elcuencosalud?share\" data-wpel-link=\"external\" rel=\"external noopener noreferrer\"><strong> Comment s&rsquo;y rendre <\/strong><\/a><\/li>\n<\/ul>\n<h2><span class=\"ez-toc-section\" id=\"Restaurants_vegetariens_et_vegetaliens_a_Marbella\"><\/span>Restaurants v\u00e9g\u00e9tariens et v\u00e9g\u00e9taliens \u00e0 Marbella<span class=\"ez-toc-section-end\"><\/span><\/h2>\n<h3><span class=\"ez-toc-section\" id=\"Organic_Market_Food\"><\/span>Organic Market &amp; Food<span class=\"ez-toc-section-end\"><\/span><\/h3>\n<figure id=\"attachment_12710\" aria-describedby=\"caption-attachment-12710\" style=\"width: 987px\" class=\"wp-caption alignnone\"><img loading=\"lazy\" decoding=\"async\" class=\" wp-image-12710\" src=\"https:\/\/www.malagacar.com\/sp\/blog\/wp-content\/uploads\/2022\/11\/Organic-market-and-Foof-Foto-Lisa-Mayer.jpg\" alt=\" Vegetarian &amp; vegan restaurants Marbella, organic market\" width=\"987\" height=\"677\" \/><figcaption id=\"caption-attachment-12710\" class=\"wp-caption-text\">Photo Lisa Mayer<\/figcaption><\/figure>\n<p>Restaurant v\u00e9g\u00e9tarien et march\u00e9 avec petit-d\u00e9jeuner, glaces sans lactose, service de livraison \u00e0 domicile et \u00e0 emporter et service de traiteur.<\/p>\n<ul>\n<li><a href=\"https:\/\/organicmarketfood.com\/\" data-wpel-link=\"external\" rel=\"external noopener noreferrer\"><strong> Site web <\/strong><\/a><\/li>\n<li><a href=\"https:\/\/g.page\/Organic-Market-Food-Marbella?share\" data-wpel-link=\"external\" rel=\"external noopener noreferrer\"><strong> Comment s&rsquo;y rendre <\/strong><\/a><\/li>\n<\/ul>\n<h3><span class=\"ez-toc-section\" id=\"AguaViento_WaterWind\"><\/span>AguaViento WaterWind<span class=\"ez-toc-section-end\"><\/span><\/h3>\n<p><img loading=\"lazy\" decoding=\"async\" class=\"alignnone wp-image-12711\" src=\"https:\/\/www.malagacar.com\/sp\/blog\/wp-content\/uploads\/2022\/11\/aguaviento.jpg\" alt=\"vegan in Marbella, aguaviento foodtruck\" width=\"707\" height=\"884\" \/><\/p>\n<p>Le Vegan Food Truck, qui propose des aliments certifi\u00e9s biologiques, se trouve tous les premiers et troisi\u00e8mes samedis du mois sur l&rsquo;Avenida Valeriano Rodr\u00edguez, 29, \u00e0 l&rsquo;\u00e9co-march\u00e9 d&rsquo;Elviria.<\/p>\n<ul>\n<li><a href=\"https:\/\/www.facebook.com\/aguavientowaterwind\/\" data-wpel-link=\"external\" rel=\"external noopener noreferrer\"><strong>Facebook<\/strong><\/a><\/li>\n<li><a href=\"https:\/\/aguavientowaterwind.wordpress.com\/\" data-wpel-link=\"external\" rel=\"external noopener noreferrer\"><strong> Site web <\/strong><\/a><\/li>\n<li><a href=\"https:\/\/goo.gl\/maps\/88hK3tCzTBrMptDG8\" data-wpel-link=\"external\" rel=\"external noopener noreferrer\"><strong> Comment s&rsquo;y rendre <\/strong><\/a><\/li>\n<\/ul>\n<h2><span class=\"ez-toc-section\" id=\"Pour_les_amateurs_de_sucreries\"><\/span>Pour les amateurs de sucreries<span class=\"ez-toc-section-end\"><\/span><\/h2>\n<h3><span class=\"ez-toc-section\" id=\"Boulangerie_artisanale_et_vegetalienne_Tara_%E2%80%93_Malaga\"><\/span>Boulangerie artisanale et v\u00e9g\u00e9talienne Tara &#8211; Malaga<span class=\"ez-toc-section-end\"><\/span><\/h3>\n<p><img loading=\"lazy\" decoding=\"async\" class=\"alignnone wp-image-12712\" src=\"https:\/\/www.malagacar.com\/sp\/blog\/wp-content\/uploads\/2022\/11\/Pasteleria-Tara-Artesana-y-Vegana.jpg\" alt=\"Pasteler\u00eda Tara Artesana y Vegana, M\u00e1laga\" width=\"701\" height=\"701\" \/><\/p>\n<p>G\u00e2teaux v\u00e9g\u00e9taliens sur commande, g\u00e2teaux, p\u00e2tisseries faits avec art et amour, \u00e0 bon prix, v\u00e9g\u00e9taliens, sans gluten.<\/p>\n<ul>\n<li><a href=\"https:\/\/www.facebook.com\/people\/Pasteler%C3%ADa-Tara-Artesana-y-Vegana\/100063520210324\/\" data-wpel-link=\"external\" rel=\"external noopener noreferrer\"><strong>Facebook<\/strong><\/a><\/li>\n<li><a href=\"https:\/\/goo.gl\/maps\/ptUgTSh4zLB9kisN8\" data-wpel-link=\"external\" rel=\"external noopener noreferrer\"><strong> Comment s&rsquo;y rendre <\/strong><\/a><\/li>\n<\/ul>\n<h3><span class=\"ez-toc-section\" id=\"YUMMY_glacier_Sans_gluten_et_vegetalien_%E2%80%93_Malaga\"><\/span>YUMMY glacier Sans gluten et v\u00e9g\u00e9talien &#8211; Malaga<span class=\"ez-toc-section-end\"><\/span><\/h3>\n<p><img loading=\"lazy\" decoding=\"async\" class=\"alignnone wp-image-12713\" src=\"https:\/\/www.malagacar.com\/sp\/blog\/wp-content\/uploads\/2022\/11\/yummy.jpg\" alt=\"YUMMY helader\u00eda Gluten free &amp; vegan, M\u00e1laga\" width=\"697\" height=\"650\" \/><\/p>\n<p>Au c\u0153ur de Malaga, \u00e0 quelques pas de la cath\u00e9drale, se trouve ce glacier v\u00e9g\u00e9talien.<\/p>\n<p>Si vous \u00eates dans le coin, vous ne pouvez pas manquer l&rsquo;occasion ! Smoothies aux fruits, gaufres, glaces, cr\u00eapes et autres.<\/p>\n<ul>\n<li><a href=\"https:\/\/g.page\/yummymalaga?share\" data-wpel-link=\"external\" rel=\"external noopener noreferrer\"><strong> Comment s&rsquo;y rendre <\/strong><\/a><\/li>\n<\/ul>\n<h3><span class=\"ez-toc-section\" id=\"Vegabonty_%E2%80%93_Fuengirola\"><\/span>Vegabonty &#8211; Fuengirola<span class=\"ez-toc-section-end\"><\/span><\/h3>\n<p><img loading=\"lazy\" decoding=\"async\" class=\"alignnone wp-image-12714\" src=\"https:\/\/www.malagacar.com\/sp\/blog\/wp-content\/uploads\/2022\/11\/Vegabonty.jpg\" alt=\"Vegabonty, Fuengirola\" width=\"697\" height=\"697\" \/><\/p>\n<p>Confiseries, glaces, milkshakes, beignets, brownies et petits d\u00e9jeuners v\u00e9g\u00e9taliens, sans lactose et sans \u0153uf. Avec terrasse.<\/p>\n<ul>\n<li><a href=\"https:\/\/www.facebook.com\/vegabonty\" data-wpel-link=\"external\" rel=\"external noopener noreferrer\"><strong>Facebook<\/strong><\/a><\/li>\n<li><a href=\"http:\/\/www.vegabonty.com\/\" data-wpel-link=\"external\" rel=\"external noopener noreferrer\"><strong> Site web <\/strong><\/a><\/li>\n<li><a href=\"https:\/\/g.page\/Vegabonty?share\" data-wpel-link=\"external\" rel=\"external noopener noreferrer\"><strong> Comment s&rsquo;y rendre <\/strong><\/a><\/li>\n<\/ul>\n<h2><span class=\"ez-toc-section\" id=\"Vous_voulez_rencontrer_dautres_vegetaliens_a_Malaga\"><\/span>Vous voulez rencontrer d&rsquo;autres v\u00e9g\u00e9taliens \u00e0 Malaga ?<span class=\"ez-toc-section-end\"><\/span><\/h2>\n<p>Sur Meetup, il existe un groupe pour se retrouver dans des restaurants v\u00e9g\u00e9taliens et faire connaissance avec des personnes ayant ce mode de vie.<\/p>\n<ul>\n<li>Cliquez <a href=\"https:\/\/www.meetup.com\/malaga-vegan-foodies\/\" data-wpel-link=\"external\" rel=\"external noopener noreferrer\"><strong> ici<\/strong><\/a>\u00a0pour en savoir plus.<\/li>\n<\/ul>\n\n            <div class=\"banner\">\n                <div class=\"row\">\n                    <div class=\"col-sm-4\">\n                        <a href=\"\/fr\/location-de-voitures\/quote.php\" data-wpel-link=\"internal\"><img decoding=\"async\" src=\"\/images\/banner-img.jpg\" alt=\"malagacar.com\"><\/a>\n                    <\/div>\n                    <div class=\"col-sm-8\">\n                      <a href=\"\/fr\/location-de-voitures\/quote.php\" class=\"banner-title\" data-wpel-link=\"internal\">Meilleure location de voitures <div>\u00e0 l'a\u00e9roport de Malaga<\/div><\/a>   \n                        <div class=\"row\">\n                            <div class=\"col-sm-7\">\n                                <ul>\n                                    <li>Pas de frais de ravitaillement<\/li>\n                                    <li>Annulation gratuite<\/li>\n                                    <li>Location sans interm\u00e9diaire<\/li>\n                                    <li>Payez lorsque vous prenez la voiture<\/li>\n                                    <li><\/li>\n                                <\/ul>\n                            <\/div>\n                            <div class=\"col-sm-5\">\n                                <a class=\"btn-banner\" href=\"\/fr\/location-de-voitures\/quote.php\" data-wpel-link=\"internal\">Consultez les prix<\/a>\n                                <img decoding=\"async\" class=\"zonturent\" src=\"\/images\/zontu-banner.png\" alt=\"\">\n                            <\/div>\n                        <\/div>\n                    <\/div>\n                 <\/div>  \n            <\/div>\n            \n","protected":false},"excerpt":{"rendered":"<p>D\u00e9couvrez avec nous les meilleurs restaurants v\u00e9g\u00e9tariens et v\u00e9g\u00e9taliens de Malaga ! De plus en plus de personnes demandent \u00e0 manger diff\u00e9remment, avec des produits frais, v\u00e9g\u00e9taux et innovants. Que vous soyez omnivore, v\u00e9g\u00e9tarien ou v\u00e9g\u00e9talien, laissez-vous surprendre. Il n&rsquo;est pas n\u00e9cessaire de se priver ou de renoncer \u00e0 ce que l&rsquo;on aime. Au contraire, [&hellip;]<\/p>\n","protected":false},"author":1,"featured_media":1551,"comment_status":"open","ping_status":"closed","sticky":false,"template":"","format":"standard","meta":{"footnotes":""},"categories":[2],"tags":[10,65],"class_list":["post-1549","post","type-post","status-publish","format-standard","has-post-thumbnail","hentry","category-loisirs","tag-costa-del-sol","tag-gastronomie"],"yoast_head":"<!-- This site is optimized with the Yoast SEO plugin v28.4 - https:\/\/yoast.com\/product\/yoast-seo-wordpress\/ -->\n<title>Les meilleurs restaurants v\u00e9g\u00e9tariens et v\u00e9g\u00e9taliens de Malaga - Blog de MalagaCar.com<\/title>\n<meta name=\"description\" content=\"Omnivore, v\u00e9g\u00e9tarien ou v\u00e9g\u00e9talien ? Laissez-vous surprendre par les meilleurs restaurants v\u00e9g\u00e9tariens et v\u00e9g\u00e9taliens de Malaga !\" \/>\n<meta name=\"robots\" content=\"index, follow, max-snippet:-1, max-image-preview:large, max-video-preview:-1\" \/>\n<link rel=\"canonical\" href=\"https:\/\/www.malagacar.com\/fr\/blog\/loisirs\/restaurants-vegetariens-vegetaliens-malaga\/\" \/>\n<meta property=\"og:locale\" content=\"fr_FR\" \/>\n<meta property=\"og:type\" content=\"article\" \/>\n<meta property=\"og:title\" content=\"Les meilleurs restaurants v\u00e9g\u00e9tariens et v\u00e9g\u00e9taliens de Malaga - Blog de MalagaCar.com\" \/>\n<meta property=\"og:description\" content=\"Omnivore, v\u00e9g\u00e9tarien ou v\u00e9g\u00e9talien ? Laissez-vous surprendre par les meilleurs restaurants v\u00e9g\u00e9tariens et v\u00e9g\u00e9taliens de Malaga !\" \/>\n<meta property=\"og:url\" content=\"https:\/\/www.malagacar.com\/fr\/blog\/loisirs\/restaurants-vegetariens-vegetaliens-malaga\/\" \/>\n<meta property=\"og:site_name\" content=\"Blog de MalagaCar.com\" \/>\n<meta property=\"article:publisher\" content=\"https:\/\/www.facebook.com\/malagacar\" \/>\n<meta property=\"article:published_time\" content=\"2024-07-25T07:51:34+00:00\" \/>\n<meta property=\"article:modified_time\" content=\"2025-10-28T13:40:54+00:00\" \/>\n<meta property=\"og:image\" content=\"https:\/\/www.malagacar.com\/fr\/blog\/wp-content\/uploads\/2024\/07\/restaurantes-vegetarianos-veganos-fr.jpg\" \/>\n\t<meta property=\"og:image:width\" content=\"1079\" \/>\n\t<meta property=\"og:image:height\" content=\"1142\" \/>\n\t<meta property=\"og:image:type\" content=\"image\/jpeg\" \/>\n<meta name=\"author\" content=\"MalagaCar.com\" \/>\n<meta name=\"twitter:card\" content=\"summary_large_image\" \/>\n<meta name=\"twitter:creator\" content=\"@malagacarcom\" \/>\n<meta name=\"twitter:site\" content=\"@malagacarcom\" \/>\n<meta name=\"twitter:label1\" content=\"\u00c9crit par\" \/>\n\t<meta name=\"twitter:data1\" content=\"MalagaCar.com\" \/>\n\t<meta name=\"twitter:label2\" content=\"Dur\u00e9e de lecture estim\u00e9e\" \/>\n\t<meta name=\"twitter:data2\" content=\"8 minutes\" \/>\n<script type=\"application\/ld+json\" class=\"yoast-schema-graph\">{\"@context\":\"https:\\\/\\\/schema.org\",\"@graph\":[{\"@type\":\"Article\",\"@id\":\"https:\\\/\\\/www.malagacar.com\\\/fr\\\/blog\\\/loisirs\\\/restaurants-vegetariens-vegetaliens-malaga\\\/#article\",\"isPartOf\":{\"@id\":\"https:\\\/\\\/www.malagacar.com\\\/fr\\\/blog\\\/loisirs\\\/restaurants-vegetariens-vegetaliens-malaga\\\/\"},\"author\":{\"name\":\"MalagaCar.com\",\"@id\":\"https:\\\/\\\/www.malagacar.com\\\/fr\\\/blog\\\/#\\\/schema\\\/person\\\/ffb97005d02bcc7d0bb59f5409635691\"},\"headline\":\"Les meilleurs restaurants v\u00e9g\u00e9tariens et v\u00e9g\u00e9taliens de Malaga\",\"datePublished\":\"2024-07-25T07:51:34+00:00\",\"dateModified\":\"2025-10-28T13:40:54+00:00\",\"mainEntityOfPage\":{\"@id\":\"https:\\\/\\\/www.malagacar.com\\\/fr\\\/blog\\\/loisirs\\\/restaurants-vegetariens-vegetaliens-malaga\\\/\"},\"wordCount\":969,\"commentCount\":0,\"publisher\":{\"@id\":\"https:\\\/\\\/www.malagacar.com\\\/fr\\\/blog\\\/#organization\"},\"image\":{\"@id\":\"https:\\\/\\\/www.malagacar.com\\\/fr\\\/blog\\\/loisirs\\\/restaurants-vegetariens-vegetaliens-malaga\\\/#primaryimage\"},\"thumbnailUrl\":\"https:\\\/\\\/www.malagacar.com\\\/fr\\\/blog\\\/wp-content\\\/uploads\\\/2024\\\/07\\\/restaurantes-vegetarianos-veganos-fr.jpg\",\"keywords\":[\"costa del sol\",\"Gastronomie\"],\"articleSection\":[\"Loisirs\"],\"inLanguage\":\"fr-FR\",\"potentialAction\":[{\"@type\":\"CommentAction\",\"name\":\"Comment\",\"target\":[\"https:\\\/\\\/www.malagacar.com\\\/fr\\\/blog\\\/loisirs\\\/restaurants-vegetariens-vegetaliens-malaga\\\/#respond\"]}]},{\"@type\":\"WebPage\",\"@id\":\"https:\\\/\\\/www.malagacar.com\\\/fr\\\/blog\\\/loisirs\\\/restaurants-vegetariens-vegetaliens-malaga\\\/\",\"url\":\"https:\\\/\\\/www.malagacar.com\\\/fr\\\/blog\\\/loisirs\\\/restaurants-vegetariens-vegetaliens-malaga\\\/\",\"name\":\"Les meilleurs restaurants v\u00e9g\u00e9tariens et v\u00e9g\u00e9taliens de Malaga - Blog de MalagaCar.com\",\"isPartOf\":{\"@id\":\"https:\\\/\\\/www.malagacar.com\\\/fr\\\/blog\\\/#website\"},\"primaryImageOfPage\":{\"@id\":\"https:\\\/\\\/www.malagacar.com\\\/fr\\\/blog\\\/loisirs\\\/restaurants-vegetariens-vegetaliens-malaga\\\/#primaryimage\"},\"image\":{\"@id\":\"https:\\\/\\\/www.malagacar.com\\\/fr\\\/blog\\\/loisirs\\\/restaurants-vegetariens-vegetaliens-malaga\\\/#primaryimage\"},\"thumbnailUrl\":\"https:\\\/\\\/www.malagacar.com\\\/fr\\\/blog\\\/wp-content\\\/uploads\\\/2024\\\/07\\\/restaurantes-vegetarianos-veganos-fr.jpg\",\"datePublished\":\"2024-07-25T07:51:34+00:00\",\"dateModified\":\"2025-10-28T13:40:54+00:00\",\"description\":\"Omnivore, v\u00e9g\u00e9tarien ou v\u00e9g\u00e9talien ? Laissez-vous surprendre par les meilleurs restaurants v\u00e9g\u00e9tariens et v\u00e9g\u00e9taliens de Malaga !\",\"breadcrumb\":{\"@id\":\"https:\\\/\\\/www.malagacar.com\\\/fr\\\/blog\\\/loisirs\\\/restaurants-vegetariens-vegetaliens-malaga\\\/#breadcrumb\"},\"inLanguage\":\"fr-FR\",\"potentialAction\":[{\"@type\":\"ReadAction\",\"target\":[\"https:\\\/\\\/www.malagacar.com\\\/fr\\\/blog\\\/loisirs\\\/restaurants-vegetariens-vegetaliens-malaga\\\/\"]}]},{\"@type\":\"ImageObject\",\"inLanguage\":\"fr-FR\",\"@id\":\"https:\\\/\\\/www.malagacar.com\\\/fr\\\/blog\\\/loisirs\\\/restaurants-vegetariens-vegetaliens-malaga\\\/#primaryimage\",\"url\":\"https:\\\/\\\/www.malagacar.com\\\/fr\\\/blog\\\/wp-content\\\/uploads\\\/2024\\\/07\\\/restaurantes-vegetarianos-veganos-fr.jpg\",\"contentUrl\":\"https:\\\/\\\/www.malagacar.com\\\/fr\\\/blog\\\/wp-content\\\/uploads\\\/2024\\\/07\\\/restaurantes-vegetarianos-veganos-fr.jpg\",\"width\":1079,\"height\":1142,\"caption\":\"restaurants v\u00e9g\u00e9tariens et v\u00e9g\u00e9taliens de Malaga\"},{\"@type\":\"BreadcrumbList\",\"@id\":\"https:\\\/\\\/www.malagacar.com\\\/fr\\\/blog\\\/loisirs\\\/restaurants-vegetariens-vegetaliens-malaga\\\/#breadcrumb\",\"itemListElement\":[{\"@type\":\"ListItem\",\"position\":1,\"name\":\"Accueil\",\"item\":\"https:\\\/\\\/www.malagacar.com\\\/fr\\\/blog\\\/\"},{\"@type\":\"ListItem\",\"position\":2,\"name\":\"Les meilleurs restaurants v\u00e9g\u00e9tariens et v\u00e9g\u00e9taliens de Malaga\"}]},{\"@type\":\"WebSite\",\"@id\":\"https:\\\/\\\/www.malagacar.com\\\/fr\\\/blog\\\/#website\",\"url\":\"https:\\\/\\\/www.malagacar.com\\\/fr\\\/blog\\\/\",\"name\":\"Blog de MalagaCar.com\",\"description\":\"Nouvelles et informations int\u00e9ressantes sur la location de voitures \u00e0 l&#039;a\u00e9roport de Malaga.\",\"publisher\":{\"@id\":\"https:\\\/\\\/www.malagacar.com\\\/fr\\\/blog\\\/#organization\"},\"potentialAction\":[{\"@type\":\"SearchAction\",\"target\":{\"@type\":\"EntryPoint\",\"urlTemplate\":\"https:\\\/\\\/www.malagacar.com\\\/fr\\\/blog\\\/?s={search_term_string}\"},\"query-input\":{\"@type\":\"PropertyValueSpecification\",\"valueRequired\":true,\"valueName\":\"search_term_string\"}}],\"inLanguage\":\"fr-FR\"},{\"@type\":\"Organization\",\"@id\":\"https:\\\/\\\/www.malagacar.com\\\/fr\\\/blog\\\/#organization\",\"name\":\"MalagaCar.com\",\"url\":\"https:\\\/\\\/www.malagacar.com\\\/fr\\\/blog\\\/\",\"logo\":{\"@type\":\"ImageObject\",\"inLanguage\":\"fr-FR\",\"@id\":\"https:\\\/\\\/www.malagacar.com\\\/fr\\\/blog\\\/#\\\/schema\\\/logo\\\/image\\\/\",\"url\":\"https:\\\/\\\/www.malagacar.com\\\/fr\\\/blog\\\/wp-content\\\/uploads\\\/2021\\\/06\\\/logo-malagacar-social.png\",\"contentUrl\":\"https:\\\/\\\/www.malagacar.com\\\/fr\\\/blog\\\/wp-content\\\/uploads\\\/2021\\\/06\\\/logo-malagacar-social.png\",\"width\":900,\"height\":900,\"caption\":\"MalagaCar.com\"},\"image\":{\"@id\":\"https:\\\/\\\/www.malagacar.com\\\/fr\\\/blog\\\/#\\\/schema\\\/logo\\\/image\\\/\"},\"sameAs\":[\"https:\\\/\\\/www.facebook.com\\\/malagacar\",\"https:\\\/\\\/x.com\\\/malagacarcom\",\"https:\\\/\\\/www.instagram.com\\\/malagacar\\\/\",\"https:\\\/\\\/www.linkedin.com\\\/company\\\/malagacar.com\",\"https:\\\/\\\/www.youtube.com\\\/c\\\/MalagacarAirport\"]},{\"@type\":\"Person\",\"@id\":\"https:\\\/\\\/www.malagacar.com\\\/fr\\\/blog\\\/#\\\/schema\\\/person\\\/ffb97005d02bcc7d0bb59f5409635691\",\"name\":\"MalagaCar.com\",\"image\":{\"@type\":\"ImageObject\",\"inLanguage\":\"fr-FR\",\"@id\":\"https:\\\/\\\/secure.gravatar.com\\\/avatar\\\/296ebc31026e7be05868369e4c596b3239b1582b2fcf8a45de57333e2e82bb82?s=96&d=mm&r=g\",\"url\":\"https:\\\/\\\/secure.gravatar.com\\\/avatar\\\/296ebc31026e7be05868369e4c596b3239b1582b2fcf8a45de57333e2e82bb82?s=96&d=mm&r=g\",\"contentUrl\":\"https:\\\/\\\/secure.gravatar.com\\\/avatar\\\/296ebc31026e7be05868369e4c596b3239b1582b2fcf8a45de57333e2e82bb82?s=96&d=mm&r=g\",\"caption\":\"MalagaCar.com\"},\"sameAs\":[\"https:\\\/\\\/www.malagacar.com\\\/fr\\\/blog\"]}]}<\/script>\n<!-- \/ Yoast SEO plugin. -->","yoast_head_json":{"title":"Les meilleurs restaurants v\u00e9g\u00e9tariens et v\u00e9g\u00e9taliens de Malaga - Blog de MalagaCar.com","description":"Omnivore, v\u00e9g\u00e9tarien ou v\u00e9g\u00e9talien ? Laissez-vous surprendre par les meilleurs restaurants v\u00e9g\u00e9tariens et v\u00e9g\u00e9taliens de Malaga !","robots":{"index":"index","follow":"follow","max-snippet":"max-snippet:-1","max-image-preview":"max-image-preview:large","max-video-preview":"max-video-preview:-1"},"canonical":"https:\/\/www.malagacar.com\/fr\/blog\/loisirs\/restaurants-vegetariens-vegetaliens-malaga\/","og_locale":"fr_FR","og_type":"article","og_title":"Les meilleurs restaurants v\u00e9g\u00e9tariens et v\u00e9g\u00e9taliens de Malaga - Blog de MalagaCar.com","og_description":"Omnivore, v\u00e9g\u00e9tarien ou v\u00e9g\u00e9talien ? Laissez-vous surprendre par les meilleurs restaurants v\u00e9g\u00e9tariens et v\u00e9g\u00e9taliens de Malaga !","og_url":"https:\/\/www.malagacar.com\/fr\/blog\/loisirs\/restaurants-vegetariens-vegetaliens-malaga\/","og_site_name":"Blog de MalagaCar.com","article_publisher":"https:\/\/www.facebook.com\/malagacar","article_published_time":"2024-07-25T07:51:34+00:00","article_modified_time":"2025-10-28T13:40:54+00:00","og_image":[{"width":1079,"height":1142,"url":"https:\/\/www.malagacar.com\/fr\/blog\/wp-content\/uploads\/2024\/07\/restaurantes-vegetarianos-veganos-fr.jpg","type":"image\/jpeg"}],"author":"MalagaCar.com","twitter_card":"summary_large_image","twitter_creator":"@malagacarcom","twitter_site":"@malagacarcom","twitter_misc":{"\u00c9crit par":"MalagaCar.com","Dur\u00e9e de lecture estim\u00e9e":"8 minutes"},"schema":{"@context":"https:\/\/schema.org","@graph":[{"@type":"Article","@id":"https:\/\/www.malagacar.com\/fr\/blog\/loisirs\/restaurants-vegetariens-vegetaliens-malaga\/#article","isPartOf":{"@id":"https:\/\/www.malagacar.com\/fr\/blog\/loisirs\/restaurants-vegetariens-vegetaliens-malaga\/"},"author":{"name":"MalagaCar.com","@id":"https:\/\/www.malagacar.com\/fr\/blog\/#\/schema\/person\/ffb97005d02bcc7d0bb59f5409635691"},"headline":"Les meilleurs restaurants v\u00e9g\u00e9tariens et v\u00e9g\u00e9taliens de Malaga","datePublished":"2024-07-25T07:51:34+00:00","dateModified":"2025-10-28T13:40:54+00:00","mainEntityOfPage":{"@id":"https:\/\/www.malagacar.com\/fr\/blog\/loisirs\/restaurants-vegetariens-vegetaliens-malaga\/"},"wordCount":969,"commentCount":0,"publisher":{"@id":"https:\/\/www.malagacar.com\/fr\/blog\/#organization"},"image":{"@id":"https:\/\/www.malagacar.com\/fr\/blog\/loisirs\/restaurants-vegetariens-vegetaliens-malaga\/#primaryimage"},"thumbnailUrl":"https:\/\/www.malagacar.com\/fr\/blog\/wp-content\/uploads\/2024\/07\/restaurantes-vegetarianos-veganos-fr.jpg","keywords":["costa del sol","Gastronomie"],"articleSection":["Loisirs"],"inLanguage":"fr-FR","potentialAction":[{"@type":"CommentAction","name":"Comment","target":["https:\/\/www.malagacar.com\/fr\/blog\/loisirs\/restaurants-vegetariens-vegetaliens-malaga\/#respond"]}]},{"@type":"WebPage","@id":"https:\/\/www.malagacar.com\/fr\/blog\/loisirs\/restaurants-vegetariens-vegetaliens-malaga\/","url":"https:\/\/www.malagacar.com\/fr\/blog\/loisirs\/restaurants-vegetariens-vegetaliens-malaga\/","name":"Les meilleurs restaurants v\u00e9g\u00e9tariens et v\u00e9g\u00e9taliens de Malaga - Blog de MalagaCar.com","isPartOf":{"@id":"https:\/\/www.malagacar.com\/fr\/blog\/#website"},"primaryImageOfPage":{"@id":"https:\/\/www.malagacar.com\/fr\/blog\/loisirs\/restaurants-vegetariens-vegetaliens-malaga\/#primaryimage"},"image":{"@id":"https:\/\/www.malagacar.com\/fr\/blog\/loisirs\/restaurants-vegetariens-vegetaliens-malaga\/#primaryimage"},"thumbnailUrl":"https:\/\/www.malagacar.com\/fr\/blog\/wp-content\/uploads\/2024\/07\/restaurantes-vegetarianos-veganos-fr.jpg","datePublished":"2024-07-25T07:51:34+00:00","dateModified":"2025-10-28T13:40:54+00:00","description":"Omnivore, v\u00e9g\u00e9tarien ou v\u00e9g\u00e9talien ? Laissez-vous surprendre par les meilleurs restaurants v\u00e9g\u00e9tariens et v\u00e9g\u00e9taliens de Malaga !","breadcrumb":{"@id":"https:\/\/www.malagacar.com\/fr\/blog\/loisirs\/restaurants-vegetariens-vegetaliens-malaga\/#breadcrumb"},"inLanguage":"fr-FR","potentialAction":[{"@type":"ReadAction","target":["https:\/\/www.malagacar.com\/fr\/blog\/loisirs\/restaurants-vegetariens-vegetaliens-malaga\/"]}]},{"@type":"ImageObject","inLanguage":"fr-FR","@id":"https:\/\/www.malagacar.com\/fr\/blog\/loisirs\/restaurants-vegetariens-vegetaliens-malaga\/#primaryimage","url":"https:\/\/www.malagacar.com\/fr\/blog\/wp-content\/uploads\/2024\/07\/restaurantes-vegetarianos-veganos-fr.jpg","contentUrl":"https:\/\/www.malagacar.com\/fr\/blog\/wp-content\/uploads\/2024\/07\/restaurantes-vegetarianos-veganos-fr.jpg","width":1079,"height":1142,"caption":"restaurants v\u00e9g\u00e9tariens et v\u00e9g\u00e9taliens de Malaga"},{"@type":"BreadcrumbList","@id":"https:\/\/www.malagacar.com\/fr\/blog\/loisirs\/restaurants-vegetariens-vegetaliens-malaga\/#breadcrumb","itemListElement":[{"@type":"ListItem","position":1,"name":"Accueil","item":"https:\/\/www.malagacar.com\/fr\/blog\/"},{"@type":"ListItem","position":2,"name":"Les meilleurs restaurants v\u00e9g\u00e9tariens et v\u00e9g\u00e9taliens de Malaga"}]},{"@type":"WebSite","@id":"https:\/\/www.malagacar.com\/fr\/blog\/#website","url":"https:\/\/www.malagacar.com\/fr\/blog\/","name":"Blog de MalagaCar.com","description":"Nouvelles et informations int\u00e9ressantes sur la location de voitures \u00e0 l&#039;a\u00e9roport de Malaga.","publisher":{"@id":"https:\/\/www.malagacar.com\/fr\/blog\/#organization"},"potentialAction":[{"@type":"SearchAction","target":{"@type":"EntryPoint","urlTemplate":"https:\/\/www.malagacar.com\/fr\/blog\/?s={search_term_string}"},"query-input":{"@type":"PropertyValueSpecification","valueRequired":true,"valueName":"search_term_string"}}],"inLanguage":"fr-FR"},{"@type":"Organization","@id":"https:\/\/www.malagacar.com\/fr\/blog\/#organization","name":"MalagaCar.com","url":"https:\/\/www.malagacar.com\/fr\/blog\/","logo":{"@type":"ImageObject","inLanguage":"fr-FR","@id":"https:\/\/www.malagacar.com\/fr\/blog\/#\/schema\/logo\/image\/","url":"https:\/\/www.malagacar.com\/fr\/blog\/wp-content\/uploads\/2021\/06\/logo-malagacar-social.png","contentUrl":"https:\/\/www.malagacar.com\/fr\/blog\/wp-content\/uploads\/2021\/06\/logo-malagacar-social.png","width":900,"height":900,"caption":"MalagaCar.com"},"image":{"@id":"https:\/\/www.malagacar.com\/fr\/blog\/#\/schema\/logo\/image\/"},"sameAs":["https:\/\/www.facebook.com\/malagacar","https:\/\/x.com\/malagacarcom","https:\/\/www.instagram.com\/malagacar\/","https:\/\/www.linkedin.com\/company\/malagacar.com","https:\/\/www.youtube.com\/c\/MalagacarAirport"]},{"@type":"Person","@id":"https:\/\/www.malagacar.com\/fr\/blog\/#\/schema\/person\/ffb97005d02bcc7d0bb59f5409635691","name":"MalagaCar.com","image":{"@type":"ImageObject","inLanguage":"fr-FR","@id":"https:\/\/secure.gravatar.com\/avatar\/296ebc31026e7be05868369e4c596b3239b1582b2fcf8a45de57333e2e82bb82?s=96&d=mm&r=g","url":"https:\/\/secure.gravatar.com\/avatar\/296ebc31026e7be05868369e4c596b3239b1582b2fcf8a45de57333e2e82bb82?s=96&d=mm&r=g","contentUrl":"https:\/\/secure.gravatar.com\/avatar\/296ebc31026e7be05868369e4c596b3239b1582b2fcf8a45de57333e2e82bb82?s=96&d=mm&r=g","caption":"MalagaCar.com"},"sameAs":["https:\/\/www.malagacar.com\/fr\/blog"]}]}},"_links":{"self":[{"href":"https:\/\/www.malagacar.com\/fr\/blog\/wp-json\/wp\/v2\/posts\/1549","targetHints":{"allow":["GET"]}}],"collection":[{"href":"https:\/\/www.malagacar.com\/fr\/blog\/wp-json\/wp\/v2\/posts"}],"about":[{"href":"https:\/\/www.malagacar.com\/fr\/blog\/wp-json\/wp\/v2\/types\/post"}],"author":[{"embeddable":true,"href":"https:\/\/www.malagacar.com\/fr\/blog\/wp-json\/wp\/v2\/users\/1"}],"replies":[{"embeddable":true,"href":"https:\/\/www.malagacar.com\/fr\/blog\/wp-json\/wp\/v2\/comments?post=1549"}],"version-history":[{"count":5,"href":"https:\/\/www.malagacar.com\/fr\/blog\/wp-json\/wp\/v2\/posts\/1549\/revisions"}],"predecessor-version":[{"id":2980,"href":"https:\/\/www.malagacar.com\/fr\/blog\/wp-json\/wp\/v2\/posts\/1549\/revisions\/2980"}],"wp:featuredmedia":[{"embeddable":true,"href":"https:\/\/www.malagacar.com\/fr\/blog\/wp-json\/wp\/v2\/media\/1551"}],"wp:attachment":[{"href":"https:\/\/www.malagacar.com\/fr\/blog\/wp-json\/wp\/v2\/media?parent=1549"}],"wp:term":[{"taxonomy":"category","embeddable":true,"href":"https:\/\/www.malagacar.com\/fr\/blog\/wp-json\/wp\/v2\/categories?post=1549"},{"taxonomy":"post_tag","embeddable":true,"href":"https:\/\/www.malagacar.com\/fr\/blog\/wp-json\/wp\/v2\/tags?post=1549"}],"curies":[{"name":"wp","href":"https:\/\/api.w.org\/{rel}","templated":true}]}}