{"id":159,"date":"2022-01-05T15:15:13","date_gmt":"2022-01-05T14:15:13","guid":{"rendered":"https:\/\/www.malagacar.com\/fr\/blog\/?p=159"},"modified":"2024-03-07T09:26:54","modified_gmt":"2024-03-07T08:26:54","slug":"evenements-malaga","status":"publish","type":"post","link":"https:\/\/www.malagacar.com\/fr\/blog\/loisirs\/evenements-malaga\/","title":{"rendered":"\u00c9v\u00e9nements \u00e0 Malaga 2024"},"content":{"rendered":"<p>Nous avons cr\u00e9\u00e9 un agenda avec les dates importantes du <strong>calendrier des \u00e9v\u00e9nements Malaga 2024 <\/strong><em>\u00e0 la demande de nos clients <\/em>qui aiment planifier leur prochain voyage sur la Costa del Sol en tenant compte des dates de ces \u00e9v\u00e9nements.<\/p>\n<p><!--more--><\/p>\n\n            <div class=\"banner\">\n                <div class=\"row\">\n                    <div class=\"col-sm-4\">\n                        <a href=\"\/fr\/location-de-voitures\/quote.php\" data-wpel-link=\"internal\"><img decoding=\"async\" src=\"\/images\/banner-img.jpg\" alt=\"malagacar.com\"><\/a>\n                    <\/div>\n                    <div class=\"col-sm-8\">\n                      <a href=\"\/fr\/location-de-voitures\/quote.php\" class=\"banner-title\" data-wpel-link=\"internal\">Meilleure location de voitures <div>\u00e0 l'a\u00e9roport de Malaga<\/div><\/a>   \n                        <div class=\"row\">\n                            <div class=\"col-sm-7\">\n                                <ul>\n                                    <li>Pas de frais de ravitaillement<\/li>\n                                    <li>Annulation gratuite<\/li>\n                                    <li>Location sans interm\u00e9diaire<\/li>\n                                    <li>Payez lorsque vous prenez la voiture<\/li>\n                                    <li><\/li>\n                                <\/ul>\n                            <\/div>\n                            <div class=\"col-sm-5\">\n                                <a class=\"btn-banner\" href=\"\/fr\/location-de-voitures\/quote.php\" data-wpel-link=\"internal\">Consultez les prix<\/a>\n                                <img decoding=\"async\" class=\"zonturent\" src=\"\/images\/zontu-banner.png\" alt=\"\">\n                            <\/div>\n                        <\/div>\n                    <\/div>\n                 <\/div>  \n            <\/div>\n            \n<div id=\"ez-toc-container\" class=\"ez-toc-v2_0_87 counter-hierarchy ez-toc-counter ez-toc-light-blue ez-toc-container-direction\">\n<p class=\"ez-toc-title\" style=\"cursor:inherit\">Table des mati\u00e8res<\/p>\n<label for=\"ez-toc-cssicon-toggle-item-6a9a2d191f388\" class=\"ez-toc-cssicon-toggle-label\"><span class=\"\"><span class=\"eztoc-hide\" style=\"display:none;\">Toggle<\/span><span class=\"ez-toc-icon-toggle-span\"><svg style=\"fill: #999;color:#999\" xmlns=\"http:\/\/www.w3.org\/2000\/svg\" class=\"list-377408\" width=\"20px\" height=\"20px\" viewBox=\"0 0 24 24\" fill=\"none\"><path d=\"M6 6H4v2h2V6zm14 0H8v2h12V6zM4 11h2v2H4v-2zm16 0H8v2h12v-2zM4 16h2v2H4v-2zm16 0H8v2h12v-2z\" fill=\"currentColor\"><\/path><\/svg><svg style=\"fill: #999;color:#999\" class=\"arrow-unsorted-368013\" xmlns=\"http:\/\/www.w3.org\/2000\/svg\" width=\"10px\" height=\"10px\" viewBox=\"0 0 24 24\" version=\"1.2\" baseProfile=\"tiny\"><path d=\"M18.2 9.3l-6.2-6.3-6.2 6.3c-.2.2-.3.4-.3.7s.1.5.3.7c.2.2.4.3.7.3h11c.3 0 .5-.1.7-.3.2-.2.3-.5.3-.7s-.1-.5-.3-.7zM5.8 14.7l6.2 6.3 6.2-6.3c.2-.2.3-.5.3-.7s-.1-.5-.3-.7c-.2-.2-.4-.3-.7-.3h-11c-.3 0-.5.1-.7.3-.2.2-.3.5-.3.7s.1.5.3.7z\"\/><\/svg><\/span><\/span><\/label><input type=\"checkbox\"  id=\"ez-toc-cssicon-toggle-item-6a9a2d191f388\"  aria-label=\"Toggle\" \/><nav><ul class='ez-toc-list ez-toc-list-level-1 ' ><li class='ez-toc-page-1 ez-toc-heading-level-2'><a class=\"ez-toc-link ez-toc-heading-1\" href=\"https:\/\/www.malagacar.com\/fr\/blog\/loisirs\/evenements-malaga\/#Evenements_a_Malaga_2024\" data-wpel-link=\"internal\">\u00c9v\u00e9nements \u00e0 Malaga 2024<\/a><ul class='ez-toc-list-level-3' ><li class='ez-toc-heading-level-3'><a class=\"ez-toc-link ez-toc-heading-2\" href=\"https:\/\/www.malagacar.com\/fr\/blog\/loisirs\/evenements-malaga\/#Janvier_a_Malaga\" data-wpel-link=\"internal\">Janvier \u00e0 Malaga<\/a><\/li><li class='ez-toc-page-1 ez-toc-heading-level-3'><a class=\"ez-toc-link ez-toc-heading-3\" href=\"https:\/\/www.malagacar.com\/fr\/blog\/loisirs\/evenements-malaga\/#Fevrier_a_Malaga\" data-wpel-link=\"internal\">F\u00e9vrier \u00e0 Malaga<\/a><\/li><li class='ez-toc-page-1 ez-toc-heading-level-3'><a class=\"ez-toc-link ez-toc-heading-4\" href=\"https:\/\/www.malagacar.com\/fr\/blog\/loisirs\/evenements-malaga\/#Mars_a_Malaga\" data-wpel-link=\"internal\">Mars \u00e0 Malaga<\/a><\/li><li class='ez-toc-page-1 ez-toc-heading-level-3'><a class=\"ez-toc-link ez-toc-heading-5\" href=\"https:\/\/www.malagacar.com\/fr\/blog\/loisirs\/evenements-malaga\/#Avril_a_Malaga\" data-wpel-link=\"internal\">Avril \u00e0 Malaga<\/a><\/li><li class='ez-toc-page-1 ez-toc-heading-level-3'><a class=\"ez-toc-link ez-toc-heading-6\" href=\"https:\/\/www.malagacar.com\/fr\/blog\/loisirs\/evenements-malaga\/#Mai_a_Malaga\" data-wpel-link=\"internal\">Mai \u00e0 Malaga<\/a><\/li><li class='ez-toc-page-1 ez-toc-heading-level-3'><a class=\"ez-toc-link ez-toc-heading-7\" href=\"https:\/\/www.malagacar.com\/fr\/blog\/loisirs\/evenements-malaga\/#Juin_a_Malaga\" data-wpel-link=\"internal\">Juin \u00e0 Malaga<\/a><\/li><li class='ez-toc-page-1 ez-toc-heading-level-3'><a class=\"ez-toc-link ez-toc-heading-8\" href=\"https:\/\/www.malagacar.com\/fr\/blog\/loisirs\/evenements-malaga\/#Juillet_a_Malaga\" data-wpel-link=\"internal\">Juillet \u00e0 Malaga<\/a><\/li><li class='ez-toc-page-1 ez-toc-heading-level-3'><a class=\"ez-toc-link ez-toc-heading-9\" href=\"https:\/\/www.malagacar.com\/fr\/blog\/loisirs\/evenements-malaga\/#Aout_a_Malaga\" data-wpel-link=\"internal\">Ao\u00fbt \u00e0 Malaga<\/a><\/li><li class='ez-toc-page-1 ez-toc-heading-level-3'><a class=\"ez-toc-link ez-toc-heading-10\" href=\"https:\/\/www.malagacar.com\/fr\/blog\/loisirs\/evenements-malaga\/#Septembre_a_Malaga\" data-wpel-link=\"internal\">Septembre \u00e0 Malaga<\/a><\/li><li class='ez-toc-page-1 ez-toc-heading-level-3'><a class=\"ez-toc-link ez-toc-heading-11\" href=\"https:\/\/www.malagacar.com\/fr\/blog\/loisirs\/evenements-malaga\/#Octobre_a_Malaga\" data-wpel-link=\"internal\">Octobre \u00e0 Malaga<\/a><\/li><li class='ez-toc-page-1 ez-toc-heading-level-3'><a class=\"ez-toc-link ez-toc-heading-12\" href=\"https:\/\/www.malagacar.com\/fr\/blog\/loisirs\/evenements-malaga\/#Novembre_a_Malaga\" data-wpel-link=\"internal\">Novembre \u00e0 Malaga<\/a><\/li><li class='ez-toc-page-1 ez-toc-heading-level-3'><a class=\"ez-toc-link ez-toc-heading-13\" href=\"https:\/\/www.malagacar.com\/fr\/blog\/loisirs\/evenements-malaga\/#Decembre_a_Malaga\" data-wpel-link=\"internal\">D\u00e9cembre \u00e0 Malaga<\/a><\/li><\/ul><\/li><li class='ez-toc-page-1 ez-toc-heading-level-2'><a class=\"ez-toc-link ez-toc-heading-14\" href=\"https:\/\/www.malagacar.com\/fr\/blog\/loisirs\/evenements-malaga\/#Festivals_de_musique_de_la_Costa_del_Sol_2022\" data-wpel-link=\"internal\">Festivals de musique de la Costa del Sol 2022<\/a><\/li><\/ul><\/nav><\/div>\n<h2><span class=\"ez-toc-section\" id=\"Evenements_a_Malaga_2024\"><\/span>\u00c9v\u00e9nements \u00e0 Malaga 2024<span class=\"ez-toc-section-end\"><\/span><\/h2>\n<p>En plus des \u00e9v\u00e9nements majeurs qui se d\u00e9roulent tout au long de l&rsquo;ann\u00e9e, il existe de nombreux autres \u00e9v\u00e9nements qui n&rsquo;ont pas de date exacte mais qui sont plut\u00f4t sujets \u00e0 \u00eatre cycliques ou qui d\u00e9pendent d&rsquo;autres dates importantes comme la date variable de P\u00e2ques. D&rsquo;autres dates ont \u00e9t\u00e9 prises en r\u00e9f\u00e9rence aux ann\u00e9es pr\u00e9c\u00e9dentes. Mais au moins, \u00e0 grande \u00e9chelle, vous pouvez vous faire une id\u00e9e!<\/p>\n<h3><span class=\"ez-toc-section\" id=\"Janvier_a_Malaga\"><\/span>Janvier \u00e0 Malaga<span class=\"ez-toc-section-end\"><\/span><\/h3>\n<p><img loading=\"lazy\" decoding=\"async\" class=\"size-full wp-image-189 alignnone\" src=\"https:\/\/www.malagacar.com\/fr\/blog\/wp-content\/uploads\/2022\/01\/fr-january.jpg\" alt=\"\" width=\"611\" height=\"54\" srcset=\"https:\/\/www.malagacar.com\/fr\/blog\/wp-content\/uploads\/2022\/01\/fr-january.jpg 611w, https:\/\/www.malagacar.com\/fr\/blog\/wp-content\/uploads\/2022\/01\/fr-january-300x27.jpg 300w\" sizes=\"auto, (max-width: 611px) 100vw, 611px\" \/><br \/>\n<strong>Cavalcades des Rois Mages <\/strong>dans toutes les municipalit\u00e9s de la Costa del Sol, le 5 janvier.<\/p>\n<p><strong>Journ\u00e9e de l&rsquo;amandier \u00e0 Guaro <\/strong>&#8211; Sierra de la Nieves, fin janvier.<\/p>\n<p>Venez voir les spectaculaires amandiers en fleurs lors de plusieurs visites guid\u00e9es gratuites et profitez ensuite d&rsquo;une d\u00e9gustation populaire sur la place du village.<\/p>\n<p><strong>Costa del Rock Fest Torremolinos<\/strong>, 8 janvier. Festival de rock dans l&rsquo;auditorium municipal.<\/p>\n<h3><span class=\"ez-toc-section\" id=\"Fevrier_a_Malaga\"><\/span>F\u00e9vrier \u00e0 Malaga<span class=\"ez-toc-section-end\"><\/span><\/h3>\n<p><img loading=\"lazy\" decoding=\"async\" class=\"size-full wp-image-188 alignnone\" src=\"https:\/\/www.malagacar.com\/fr\/blog\/wp-content\/uploads\/2022\/01\/fr-february.jpg\" alt=\"\" width=\"611\" height=\"54\" srcset=\"https:\/\/www.malagacar.com\/fr\/blog\/wp-content\/uploads\/2022\/01\/fr-february.jpg 611w, https:\/\/www.malagacar.com\/fr\/blog\/wp-content\/uploads\/2022\/01\/fr-february-300x27.jpg 300w\" sizes=\"auto, (max-width: 611px) 100vw, 611px\" \/><br \/>\n<strong>Rockin&rsquo;Race Jamboree \u00e0 Torremolinos<\/strong>, premi\u00e8re semaine de f\u00e9vrier. Festival d\u00e9di\u00e9 \u00e0 la musique Root avec un large \u00e9ventail de styles des ann\u00e9es 40, 50 et du d\u00e9but des ann\u00e9es 60. Site web de l&rsquo;\u00e9v\u00e9nement: <a href=\"https:\/\/www.rockinrace.com\/\" data-wpel-link=\"external\" rel=\"external noopener noreferrer\">https:\/\/www.rockinrace.com\/<\/a><\/p>\n<p><strong>Saint-Valentin \u00e0 Malaga<\/strong>. Passer la <strong>Saint-Valentin \u00e0 Malaga <\/strong>est un pari s\u00fbr. Malaga et la Costa del Sol sont une destination de premier ordre pour passer quelques jours romantiques avec votre partenaire.<\/p>\n<p><a href=\"https:\/\/www.malagacar.com\/blog\/wp-content\/uploads\/2020\/02\/san-valentin-malaga-en.jpg\" data-wpel-link=\"internal\"><img loading=\"lazy\" decoding=\"async\" class=\"alignnone wp-image-8574\" src=\"https:\/\/www.malagacar.com\/blog\/wp-content\/uploads\/2020\/02\/san-valentin-malaga-en.jpg\" alt=\"Valentine's Day Malaga\" width=\"621\" height=\"427\" \/><\/a><\/p>\n<p><strong>Carnaval de la farine \u00e0 Alozaina<\/strong>, du 19 au 21 f\u00e9vrier.<\/p>\n<p><strong>Sopa de los Siete Ramales \u00e0 El Burgo<\/strong>, le 28 f\u00e9vrier. F\u00eate de la gastronomie. La municipalit\u00e9 d&rsquo;El Burgo, situ\u00e9e dans la Sierra de las Nieves, une r\u00e9serve de biosph\u00e8re, c\u00e9l\u00e8bre pendant la Journ\u00e9e de l&rsquo;Andalousie la f\u00eate d\u00e9di\u00e9e \u00e0 la \u00ab\u00a0soupe des sept branches\u00a0\u00bb, un plat embl\u00e9matique du village.<\/p>\n<p><strong>D\u00eda de los Polvos \u00e0 Tolox<\/strong>. Date variable. Cette f\u00eate a traditionnellement lieu la nuit pr\u00e9c\u00e9dant le mercredi des Cendres. Selon la coutume, les villageois se lancent du talc jusqu&rsquo;\u00e0 ce qu&rsquo;ils soient compl\u00e8tement enfarin\u00e9s.<\/p>\n<figure id=\"attachment_8719\" aria-describedby=\"caption-attachment-8719\" style=\"width: 619px\" class=\"wp-caption alignnone\"><a href=\"https:\/\/www.malagacar.com\/blog\/wp-content\/uploads\/2016\/10\/polvos-toloz-Foto-DiarioSur.jpg\" data-wpel-link=\"internal\"><img loading=\"lazy\" decoding=\"async\" class=\"wp-image-8719\" src=\"https:\/\/www.malagacar.com\/blog\/wp-content\/uploads\/2016\/10\/polvos-toloz-Foto-DiarioSur.jpg\" alt=\"Popular festivity\" width=\"619\" height=\"413\" \/><\/a><figcaption id=\"caption-attachment-8719\" class=\"wp-caption-text\">Photo DiarioSur<\/figcaption><\/figure>\n<p><strong>Journ\u00e9e de l&rsquo;Andalousie<\/strong>, le 28 f\u00e9vrier. Le jour de l&rsquo;Andalousie est un jour f\u00e9ri\u00e9 dans toute la communaut\u00e9 autonome avec de nombreux \u00e9v\u00e9nements festifs.<\/p>\n<h3><span class=\"ez-toc-section\" id=\"Mars_a_Malaga\"><\/span>Mars \u00e0 Malaga<span class=\"ez-toc-section-end\"><\/span><\/h3>\n<p><img loading=\"lazy\" decoding=\"async\" class=\"size-full wp-image-192 alignnone\" src=\"https:\/\/www.malagacar.com\/fr\/blog\/wp-content\/uploads\/2022\/01\/fr-march.jpg\" alt=\"\" width=\"611\" height=\"54\" srcset=\"https:\/\/www.malagacar.com\/fr\/blog\/wp-content\/uploads\/2022\/01\/fr-march.jpg 611w, https:\/\/www.malagacar.com\/fr\/blog\/wp-content\/uploads\/2022\/01\/fr-march-300x27.jpg 300w\" sizes=\"auto, (max-width: 611px) 100vw, 611px\" \/><br \/>\n<strong>Journ\u00e9e de la soupe Monde\u00f1a<\/strong>, derni\u00e8re semaine de mars ou premi\u00e8re semaine d&rsquo;avril \u00e0 Monda. F\u00eate gastronomique de l&rsquo;un des plats les plus typiques de la r\u00e9gion. Pendant la journ\u00e9e, les habitants cuisinent ce plat dans tous les coins du village, qui peut \u00eatre d\u00e9gust\u00e9 gratuitement par les visiteurs, ainsi que d&rsquo;autres produits typiques de la r\u00e9gion.<\/p>\n<p><a href=\"https:\/\/www.malagacar.com\/blog\/wp-content\/uploads\/2016\/10\/sopa-mondena.jpg\" data-wpel-link=\"internal\"><img loading=\"lazy\" decoding=\"async\" class=\"alignnone wp-image-8720\" src=\"https:\/\/www.malagacar.com\/blog\/wp-content\/uploads\/2016\/10\/sopa-mondena.jpg\" alt=\"eating paella for free\" width=\"451\" height=\"671\" \/><\/a><\/p>\n<p>La <strong>Saint-Patrick<\/strong>, le 17 mars. Bien qu&rsquo;il s&rsquo;agisse d&rsquo;une f\u00eate irlandaise, gr\u00e2ce au grand nombre d&rsquo;expatri\u00e9s et de visiteurs irlandais, les habitants de Malaga ont adopt\u00e9 cette f\u00eate, qui est c\u00e9l\u00e9br\u00e9e notamment \u00e0 Benalm\u00e1dena sur la Plaza de la Mezquita et \u00e0 Marbella, dans le Parque de la Constituci\u00f3n, avec de la musique live, de la bi\u00e8re, de la nourriture et de nombreuses activit\u00e9s.<\/p>\n<figure id=\"attachment_8721\" aria-describedby=\"caption-attachment-8721\" style=\"width: 620px\" class=\"wp-caption alignnone\"><a href=\"https:\/\/www.malagacar.com\/blog\/wp-content\/uploads\/2016\/10\/icono-marbs-green-1024x651-1.jpg\" data-wpel-link=\"internal\"><img loading=\"lazy\" decoding=\"async\" class=\"wp-image-8721\" src=\"https:\/\/www.malagacar.com\/blog\/wp-content\/uploads\/2016\/10\/icono-marbs-green-1024x651-1.jpg\" alt=\"St. Patricks Day in Marbella\" width=\"620\" height=\"394\" \/><\/a><figcaption id=\"caption-attachment-8721\" class=\"wp-caption-text\">Marbella s&rsquo;habille en vert pour la Saint-Patrick<\/figcaption><\/figure>\n<h3><span class=\"ez-toc-section\" id=\"Avril_a_Malaga\"><\/span>Avril \u00e0 Malaga<span class=\"ez-toc-section-end\"><\/span><\/h3>\n<p><img loading=\"lazy\" decoding=\"async\" class=\"size-full wp-image-185 alignnone\" src=\"https:\/\/www.malagacar.com\/fr\/blog\/wp-content\/uploads\/2022\/01\/fr-april.jpg\" alt=\"\" width=\"611\" height=\"54\" srcset=\"https:\/\/www.malagacar.com\/fr\/blog\/wp-content\/uploads\/2022\/01\/fr-april.jpg 611w, https:\/\/www.malagacar.com\/fr\/blog\/wp-content\/uploads\/2022\/01\/fr-april-300x27.jpg 300w\" sizes=\"auto, (max-width: 611px) 100vw, 611px\" \/><\/p>\n<p><strong>Natura Malaga<\/strong>, d\u00e9but mai. Salon de la vie saine, qui s&rsquo;est impos\u00e9 comme l&rsquo;un des principaux \u00e9v\u00e9nements li\u00e9s \u00e0 la promotion de modes de vie sains et durables.<\/p>\n<p><strong>Journ\u00e9e de l&rsquo;huile d&rsquo;olive \u00e0 Periana<\/strong>, premi\u00e8re semaine d&rsquo;avril<\/p>\n<p><strong>Semana Santa <\/strong>(semaine sainte). La Semana Santa de Malaga est l&rsquo;un des plus grands \u00e9v\u00e9nements de la ville, attirant des milliers de personnes chaque ann\u00e9e.<\/p>\n<p><a href=\"https:\/\/www.malagacar.com\/blog\/wp-content\/uploads\/2016\/03\/Semana-santa-2016.jpg\" data-wpel-link=\"internal\"><img loading=\"lazy\" decoding=\"async\" class=\"alignnone wp-image-4584\" src=\"https:\/\/www.malagacar.com\/blog\/wp-content\/uploads\/2016\/03\/Semana-santa-2016.jpg\" alt=\"Holy week\" width=\"621\" height=\"440\" \/><\/a><\/p>\n<p><strong>Journ\u00e9e de l&rsquo;orange et foire gastronomique \u00e0 Ist\u00e1n<\/strong>, derni\u00e8re semaine d&rsquo;avril.<\/p>\n<p><strong>Journ\u00e9e de l&rsquo;asperge \u00e0 Sierra de Yeguas<\/strong>, Antequera, derni\u00e8re semaine d&rsquo;avril.<\/p>\n<p><strong>Foire internationale des peuples \u00e0 Fuengirola<\/strong>, fin avril et 1er mai. Il s&rsquo;agit de l&rsquo;une des foires locales les plus populaires, qui pr\u00e9sente les traditions, la nourriture, la musique, la culture et les v\u00eatements de plus de 30 pays diff\u00e9rents.<\/p>\n<p><a href=\"https:\/\/www.malagacar.com\/blog\/wp-content\/uploads\/2016\/10\/feria-de-los-pueblos.jpg\" data-wpel-link=\"internal\"><img loading=\"lazy\" decoding=\"async\" class=\"alignnone wp-image-8722\" src=\"https:\/\/www.malagacar.com\/blog\/wp-content\/uploads\/2016\/10\/feria-de-los-pueblos.jpg\" alt=\"People\u00b4s Fair in Fuengirola\" width=\"621\" height=\"330\" \/><\/a><\/p>\n<p><strong>Inauguration des clubs de plage <\/strong>\u00e0 Marbella<\/p>\n<p><strong>Cruces de Mayo Benalm\u00e1dena <\/strong>29 avril au 1er maiDes rues<br \/>\nfleuries, une gastronomie typique, de la musique et des danses accompagnent cette f\u00eate traditionnelle dans les rues du centre-ville.<\/p>\n<p><a href=\"https:\/\/www.malagacar.com\/blog\/wp-content\/uploads\/2016\/10\/cruces-banelmadena.jpg\" data-wpel-link=\"internal\"><img loading=\"lazy\" decoding=\"async\" class=\"alignnone wp-image-8724\" src=\"https:\/\/www.malagacar.com\/blog\/wp-content\/uploads\/2016\/10\/cruces-banelmadena.jpg\" alt=\"Cruces de Mayo Benalm\u00e1dena\" width=\"620\" height=\"413\" \/><\/a><\/p>\n<h3><span class=\"ez-toc-section\" id=\"Mai_a_Malaga\"><\/span>Mai \u00e0 Malaga<span class=\"ez-toc-section-end\"><\/span><\/h3>\n<p><img loading=\"lazy\" decoding=\"async\" class=\"size-full wp-image-193 alignnone\" src=\"https:\/\/www.malagacar.com\/fr\/blog\/wp-content\/uploads\/2022\/01\/fr-may.jpg\" alt=\"\" width=\"611\" height=\"54\" srcset=\"https:\/\/www.malagacar.com\/fr\/blog\/wp-content\/uploads\/2022\/01\/fr-may.jpg 611w, https:\/\/www.malagacar.com\/fr\/blog\/wp-content\/uploads\/2022\/01\/fr-may-300x27.jpg 300w\" sizes=\"auto, (max-width: 611px) 100vw, 611px\" \/><\/p>\n<p><strong>Journ\u00e9e du loquat \u00e0 Sayalonga<\/strong>, d\u00e9but mai.<\/p>\n<p><strong>F\u00eate de l&rsquo;orange \u00e0 Co\u00edn<\/strong>, deuxi\u00e8me semaine de mai.<\/p>\n<p><a href=\"https:\/\/www.malagacar.com\/blog\/wp-content\/uploads\/2016\/10\/Fiesta-naranja-Coin.jpg\" data-wpel-link=\"internal\"><img loading=\"lazy\" decoding=\"async\" class=\"alignnone wp-image-8726\" src=\"https:\/\/www.malagacar.com\/blog\/wp-content\/uploads\/2016\/10\/Fiesta-naranja-Coin.jpg\" alt=\"Orange Festival in Co\u00edn\" width=\"621\" height=\"413\" \/><\/a><\/p>\n<p><strong>F\u00eate de San Isidro \u00e0 Estepona<\/strong>, le 15 mai. L&rsquo;une des grandes f\u00eates d&rsquo;Estepona est celle qui est c\u00e9l\u00e9br\u00e9e en l&rsquo;honneur de son saint patron, San Isidro Labrador.<\/p>\n<p><a href=\"https:\/\/www.malagacar.com\/blog\/wp-content\/uploads\/2019\/04\/san-isidro-estepona.jpg\" data-wpel-link=\"internal\"><img loading=\"lazy\" decoding=\"async\" class=\"alignnone wp-image-6185\" src=\"https:\/\/www.malagacar.com\/blog\/wp-content\/uploads\/2019\/04\/san-isidro-estepona.jpg\" alt=\"San Isidro Day in Estepona\" width=\"620\" height=\"413\" \/><\/a><\/p>\n<p><strong>Nuit blanche \u00e0 Malaga<\/strong>. Nuit th\u00e9matique dans les espaces publics, les mus\u00e9es et les monuments de la ville avec entr\u00e9e gratuite entre 19 h et 2 h du matin et un total de 250 activit\u00e9s dans les rues et sur les places de Malaga.<\/p>\n<p><a href=\"https:\/\/www.malagacar.com\/blog\/wp-content\/uploads\/2014\/04\/noche-en-blanco.jpg\" data-wpel-link=\"internal\"><img loading=\"lazy\" decoding=\"async\" class=\"alignnone wp-image-3391\" src=\"https:\/\/www.malagacar.com\/blog\/wp-content\/uploads\/2014\/04\/noche-en-blanco.jpg\" alt=\"White Night in Malaga\" width=\"623\" height=\"331\" \/><\/a><\/p>\n<p><strong>Journ\u00e9e des r\u00e9sidents \u00e9trangers \u00e0 Torremolinos<\/strong><\/p>\n<p><strong>Ronda romantique<\/strong><\/p>\n<p><a href=\"https:\/\/www.malagacar.com\/blog\/wp-content\/uploads\/2016\/10\/ronda-.jpg\" data-wpel-link=\"internal\"><img loading=\"lazy\" decoding=\"async\" class=\"alignnone wp-image-8730\" src=\"https:\/\/www.malagacar.com\/blog\/wp-content\/uploads\/2016\/10\/ronda-.jpg\" alt=\"Romantic Ronda\" width=\"623\" height=\"337\" \/><\/a><\/p>\n<p>Chaque ann\u00e9e, Ronda fait un voyage dans le temps au XIXe si\u00e8cle, \u00e0 l&rsquo;\u00e9poque du banditisme, des voyageurs romantiques o\u00f9 toute la ville se d\u00e9guise. Un voyage dans le pass\u00e9 de cette terre l\u00e9gendaire et ses signes d&rsquo;identit\u00e9, avec des march\u00e9s de rue, des d\u00e9fil\u00e9s, de la musique et de nombreuses activit\u00e9s pour toute la famille.<\/p>\n<h3><span class=\"ez-toc-section\" id=\"Juin_a_Malaga\"><\/span>Juin \u00e0 Malaga<span class=\"ez-toc-section-end\"><\/span><\/h3>\n<p><img loading=\"lazy\" decoding=\"async\" class=\"size-full wp-image-191 alignnone\" src=\"https:\/\/www.malagacar.com\/fr\/blog\/wp-content\/uploads\/2022\/01\/fr-june.jpg\" alt=\"\" width=\"611\" height=\"54\" srcset=\"https:\/\/www.malagacar.com\/fr\/blog\/wp-content\/uploads\/2022\/01\/fr-june.jpg 611w, https:\/\/www.malagacar.com\/fr\/blog\/wp-content\/uploads\/2022\/01\/fr-june-300x27.jpg 300w\" sizes=\"auto, (max-width: 611px) 100vw, 611px\" \/><\/p>\n<p><strong>Foire internationale des peuples de Mijas<\/strong>, premi\u00e8re semaine de juin.<\/p>\n<p><strong>Feria de San Bernab\u00e9 Marbella <\/strong>du 8 au 14 juin. La Feria de San Bernab\u00e9 est l&rsquo;une des plus grandes f\u00eates de Marbella. Elle se divise en deux parties: la foire de jour, dans la vieille ville, et la foire de nuit, dans le parc de La Ca\u00f1ada.<\/p>\n<p><strong>Nuit de la Saint Jean<\/strong>, 23 juin. La veille de la Saint-Jean, le 23 juin, les feux de joie traditionnels prennent place sur les plages de la Costa del Sol o\u00f9 des milliers de personnes, familles et amis, se r\u00e9unissent pour c\u00e9l\u00e9brer le d\u00e9but de l&rsquo;\u00e9t\u00e9 et la nuit la plus courte de l&rsquo;ann\u00e9e jusqu&rsquo;aux premi\u00e8res heures de la nuit.<\/p>\n<p><a href=\"https:\/\/www.malagacar.com\/blog\/wp-content\/uploads\/2014\/05\/san-juan.jpg\" data-wpel-link=\"internal\"><img loading=\"lazy\" decoding=\"async\" class=\"alignnone wp-image-3421\" src=\"https:\/\/www.malagacar.com\/blog\/wp-content\/uploads\/2014\/05\/san-juan.jpg\" alt=\"Night of San Juan\" width=\"603\" height=\"309\" \/><\/a><\/p>\n<h3><span class=\"ez-toc-section\" id=\"Juillet_a_Malaga\"><\/span>Juillet \u00e0 Malaga<span class=\"ez-toc-section-end\"><\/span><\/h3>\n<p><img loading=\"lazy\" decoding=\"async\" class=\"size-full wp-image-190 alignnone\" src=\"https:\/\/www.malagacar.com\/fr\/blog\/wp-content\/uploads\/2022\/01\/fr-july.jpg\" alt=\"\" width=\"611\" height=\"54\" srcset=\"https:\/\/www.malagacar.com\/fr\/blog\/wp-content\/uploads\/2022\/01\/fr-july.jpg 611w, https:\/\/www.malagacar.com\/fr\/blog\/wp-content\/uploads\/2022\/01\/fr-july-300x27.jpg 300w\" sizes=\"auto, (max-width: 611px) 100vw, 611px\" \/><\/p>\n<p><strong>Foire d&rsquo;Estepona<\/strong>, premi\u00e8re semaine de juillet.<\/p>\n<p><strong>Festival international de musique et de danse Cueva de Nerja<\/strong>, les deux premi\u00e8res semaines de juillet et d&rsquo;ao\u00fbt. Pendant quatre jours, les grottes et le c\u00e9l\u00e8bre Balc\u00f3n de Europa seront remplis de musique et de danse de grands artistes.<\/p>\n<p><a href=\"https:\/\/www.malagacar.com\/blog\/wp-content\/uploads\/2014\/06\/cuevas-nerja.jpg\" data-wpel-link=\"internal\"><img loading=\"lazy\" decoding=\"async\" class=\"alignnone wp-image-3496\" src=\"https:\/\/www.malagacar.com\/blog\/wp-content\/uploads\/2014\/06\/cuevas-nerja.jpg\" alt=\"Music and Dance Festival in Cueva de Nerja\" width=\"622\" height=\"389\" \/><\/a><\/p>\n<p><strong>Processions maritimes de la Virgen del Carmen <\/strong>16 juillet. Les processions de la Virgen del Carmen sont une tradition maritime qui est v\u00e9cue avec ferveur et grande d\u00e9votion dans la province de Malaga, de Nerja \u00e0 Manilva, dans de nombreuses villes c\u00f4ti\u00e8res qui c\u00e9l\u00e8brent de grandes processions maritimes \u00e0 l&rsquo;occasion des f\u00eates du Carmen.<\/p>\n<p><a href=\"https:\/\/www.malagacar.com\/blog\/wp-content\/uploads\/2019\/06\/virgen-del-carmen.jpg\" data-wpel-link=\"internal\"><img loading=\"lazy\" decoding=\"async\" class=\"alignnone wp-image-6241\" src=\"https:\/\/www.malagacar.com\/blog\/wp-content\/uploads\/2019\/06\/virgen-del-carmen.jpg\" alt=\"Virgen del Carmen\" width=\"619\" height=\"390\" \/><\/a><\/p>\n<p><strong>Starlite Festival Marbella <\/strong>de juillet \u00e0 ao\u00fbt.<\/p>\n<p><a href=\"https:\/\/www.malagacar.com\/blog\/wp-content\/uploads\/2020\/03\/starlite-1.jpg\" data-wpel-link=\"internal\"><img loading=\"lazy\" decoding=\"async\" class=\"alignnone wp-image-8592\" src=\"https:\/\/www.malagacar.com\/blog\/wp-content\/uploads\/2020\/03\/starlite-1-1024x612.jpg\" alt=\"Starlite Festival in Marbella\" width=\"619\" height=\"370\" \/><\/a><\/p>\n<p>Grand gala avec des concerts de nombreux artistes nationaux et internationaux dans un amphith\u00e9\u00e2tre naturel entour\u00e9 par la nature.<\/p>\n<p><strong>Festival Arte Sano Marbella<\/strong>, fin juillet.<\/p>\n<h3><span class=\"ez-toc-section\" id=\"Aout_a_Malaga\"><\/span>Ao\u00fbt \u00e0 Malaga<span class=\"ez-toc-section-end\"><\/span><\/h3>\n<p><img loading=\"lazy\" decoding=\"async\" class=\"size-full wp-image-186 alignnone\" src=\"https:\/\/www.malagacar.com\/fr\/blog\/wp-content\/uploads\/2022\/01\/fr-august.jpg\" alt=\"\" width=\"611\" height=\"54\" srcset=\"https:\/\/www.malagacar.com\/fr\/blog\/wp-content\/uploads\/2022\/01\/fr-august.jpg 611w, https:\/\/www.malagacar.com\/fr\/blog\/wp-content\/uploads\/2022\/01\/fr-august-300x27.jpg 300w\" sizes=\"auto, (max-width: 611px) 100vw, 611px\" \/><\/p>\n<p><strong>Festival international de musique et de danse de Cueva de Nerja<\/strong>, deux premi\u00e8res semaines d&rsquo;ao\u00fbt.<\/p>\n<p><strong>Starlite Festival Marbella <\/strong>de juillet \u00e0 ao\u00fbt<\/p>\n<p><strong>Foire de Malaga <\/strong>du 15 au 22 ao\u00fbt.<\/p>\n<p><a href=\"https:\/\/www.malagacar.com\/blog\/wp-content\/uploads\/2015\/08\/feria-de-dia-malaga.jpg\" data-wpel-link=\"internal\"><img loading=\"lazy\" decoding=\"async\" class=\"alignnone wp-image-4249\" src=\"https:\/\/www.malagacar.com\/blog\/wp-content\/uploads\/2015\/08\/feria-de-dia-malaga.jpg\" alt=\"Malaga Fair\" width=\"620\" height=\"413\" \/><\/a><\/p>\n<p>La Foire de Malaga est l&rsquo;une des foires les plus anim\u00e9es et les plus populaires et attire chaque ann\u00e9e un grand nombre de visiteurs locaux et \u00e9trangers qui profitent de la musique, de la danse et du vin froid Cartojal pour combattre les temp\u00e9ratures \u00e9lev\u00e9es. La foire se d\u00e9roule pendant la journ\u00e9e dans les rues du centre historique, puis se d\u00e9place la nuit vers les champs de foire o\u00f9 les gens continuent \u00e0 faire la f\u00eate jusqu&rsquo;\u00e0 l&rsquo;aube.<\/p>\n<p><strong>Festival des trois cultures Frigiliana<\/strong><\/p>\n<figure id=\"attachment_7810\" aria-describedby=\"caption-attachment-7810\" style=\"width: 449px\" class=\"wp-caption alignnone\"><a href=\"https:\/\/www.malagacar.com\/blog\/wp-content\/uploads\/2021\/03\/frigiliana.jpg\" data-wpel-link=\"internal\"><img loading=\"lazy\" decoding=\"async\" class=\"wp-image-7810\" src=\"https:\/\/www.malagacar.com\/blog\/wp-content\/uploads\/2021\/03\/frigiliana-1024x1024.jpg\" alt=\"Typical andalusian street in Frigiliana\" width=\"449\" height=\"449\" \/><\/a><figcaption id=\"caption-attachment-7810\" class=\"wp-caption-text\">Frigiliana, un village blanc \u00e0 quelques kilom\u00e8tres de la c\u00f4te<\/figcaption><\/figure>\n<p>Le c\u00e9l\u00e8bre village blanc de Frigiliana accueille pendant trois jours le festival des trois cultures. Pendant ces jours, le village se transforme pour \u00eatre un exemple de coexistence pacifique au-del\u00e0 des croyances et des religions. Ce village de la r\u00e9gion de l&rsquo;Axarquia est connu sous le nom de \u00ab\u00a0Villa de las tres Culturas\u00a0\u00bb en raison des diff\u00e9rentes civilisations qui ont travers\u00e9 ses rues: arabe, juive et chr\u00e9tienne.<\/p>\n<h3><span class=\"ez-toc-section\" id=\"Septembre_a_Malaga\"><\/span>Septembre \u00e0 Malaga<span class=\"ez-toc-section-end\"><\/span><\/h3>\n<p><img loading=\"lazy\" decoding=\"async\" class=\"size-full wp-image-196 alignnone\" src=\"https:\/\/www.malagacar.com\/fr\/blog\/wp-content\/uploads\/2022\/01\/fr-september.jpg\" alt=\"\" width=\"611\" height=\"54\" srcset=\"https:\/\/www.malagacar.com\/fr\/blog\/wp-content\/uploads\/2022\/01\/fr-september.jpg 611w, https:\/\/www.malagacar.com\/fr\/blog\/wp-content\/uploads\/2022\/01\/fr-september-300x27.jpg 300w\" sizes=\"auto, (max-width: 611px) 100vw, 611px\" \/><\/p>\n<p><strong>Foire de Mijas Pueblo <\/strong>du 7 au 12 septembre<\/p>\n<p><strong>Festival de la Luna Mora \u00e0 Guaro<\/strong>, deuxi\u00e8me week-end de septembre.<\/p>\n<p><a href=\"https:\/\/www.malagacar.com\/blog\/wp-content\/uploads\/2015\/08\/Luna-Mora-Guaro.jpg\" data-wpel-link=\"internal\"><img loading=\"lazy\" decoding=\"async\" class=\"alignnone wp-image-4273 size-full\" src=\"https:\/\/www.malagacar.com\/blog\/wp-content\/uploads\/2015\/08\/Luna-Mora-Guaro.jpg\" alt=\"Luna Mora in Guaro\" width=\"500\" height=\"377\" \/><\/a><\/p>\n<p>Chaque ann\u00e9e, diff\u00e9rents artistes proposent de la musique et de la danse aux influences arabes, andalouses, s\u00e9farades, europ\u00e9ennes et m\u00e9diterran\u00e9ennes. Touristes et habitants profitent de cette grande f\u00eate dans les rues et sur les places illumin\u00e9es par 20 000 bougies, sous les \u00e9toiles d&rsquo;une chaude nuit d&rsquo;\u00e9t\u00e9. Un large \u00e9ventail d&rsquo;artisanat et de gastronomie est propos\u00e9 et vous pouvez assister \u00e0 des concerts \u00e0 l&rsquo;auditorium Luna Mora, \u00e0 des ateliers, \u00e0 des contes, \u00e0 des d\u00e9fil\u00e9s et bien plus encore.<\/p>\n<p><strong>Pasarela Larios \/ Fashion Week Malaga<\/strong>.<\/p>\n<p><a href=\"https:\/\/www.malagacar.com\/blog\/wp-content\/uploads\/2016\/08\/pasarela-larios.jpg\" data-wpel-link=\"internal\"><img loading=\"lazy\" decoding=\"async\" class=\"alignnone wp-image-4865\" src=\"https:\/\/www.malagacar.com\/blog\/wp-content\/uploads\/2016\/08\/pasarela-larios.jpg\" alt=\"Fashion Week Malaga\" width=\"604\" height=\"340\" \/><\/a><\/p>\n<p>Pasarela Larios, la plus longue passerelle de haute couture d&rsquo;Europe dans la Calle Larios \u00e0 Malaga.<\/p>\n<p><strong>Journ\u00e9e touristique \u00e0 Mijas Pueblo<\/strong>, le 16 septembre.<\/p>\n<p><strong>P\u00e8lerinage et foire de San Miguel \u00e0 Torremolinos<\/strong>.<\/p>\n<p><a href=\"https:\/\/www.malagacar.com\/blog\/wp-content\/uploads\/2016\/10\/romeria-san-miguel.jpg\" data-wpel-link=\"internal\"><img loading=\"lazy\" decoding=\"async\" class=\"alignnone wp-image-8727\" src=\"https:\/\/www.malagacar.com\/blog\/wp-content\/uploads\/2016\/10\/romeria-san-miguel.jpg\" alt=\"San Miguel in Torremolinos\" width=\"622\" height=\"413\" \/><\/a><\/p>\n<p>Pendant la derni\u00e8re semaine du mois. Consid\u00e9r\u00e9e comme l&rsquo;un des plus grands p\u00e8lerinages urbains, la Romeria de Torremolinos rassemble des milliers de personnes. De nombreuses charrettes richement d\u00e9cor\u00e9es sont tir\u00e9es par des b\u0153ufs, on y trouve des costumes andalous typiques, des chevaux d\u00e9cor\u00e9s, de la bonne nourriture et des danses.<\/p>\n<p><strong>D\u00eda del Boquer\u00f3n Victoriano <\/strong>&#8211; Rinc\u00f3n de la Victoria, foire gastronomique de ce poisson typique qui a lieu la derni\u00e8re semaine de septembre.<\/p>\n<p><strong>Festival des r\u00e9coltes de Manilva<\/strong><\/p>\n<p><a href=\"https:\/\/www.malagacar.com\/blog\/wp-content\/uploads\/2019\/08\/Manilva-Vendimina.jpg\" data-wpel-link=\"internal\"><img loading=\"lazy\" decoding=\"async\" class=\"alignnone wp-image-6326\" src=\"https:\/\/www.malagacar.com\/blog\/wp-content\/uploads\/2019\/08\/Manilva-Vendimina.jpg\" alt=\"Manilva Harvest Festival\" width=\"553\" height=\"368\" \/><\/a><\/p>\n<p>Le premier week-end de septembre, la fin des vendanges est c\u00e9l\u00e9br\u00e9e dans les rues de Manilva avec la Fiesta de la Vendimia. Cette f\u00eate se distingue par son caract\u00e8re unique et le foulage des raisins pour extraire le premier jus de raisin de l&rsquo;ann\u00e9e, qui est ensuite distribu\u00e9 aux visiteurs.<\/p>\n<p><strong>Journ\u00e9e mondiale du tourisme \u00e0 Malaga le <\/strong>27 septembre.<\/p>\n<p><a href=\"https:\/\/www.malagacar.com\/blog\/wp-content\/uploads\/2021\/09\/world-tourism-day-en.jpg\" data-wpel-link=\"internal\"><img loading=\"lazy\" decoding=\"async\" class=\"alignnone wp-image-8285\" src=\"https:\/\/www.malagacar.com\/blog\/wp-content\/uploads\/2021\/09\/world-tourism-day-en.jpg\" alt=\"World Tourism Day in Malaga\" width=\"621\" height=\"457\" \/><\/a><\/p>\n<p>La <strong>Journ\u00e9e mondiale du tourisme \u00e0 Malaga sera <\/strong>marqu\u00e9e par une journ\u00e9e portes ouvertes, o\u00f9 les monuments et les mus\u00e9es offriront une entr\u00e9e gratuite. En outre, certains d&rsquo;entre eux proposeront \u00e9galement des visites guid\u00e9es.<\/p>\n<h3><span class=\"ez-toc-section\" id=\"Octobre_a_Malaga\"><\/span>Octobre \u00e0 Malaga<span class=\"ez-toc-section-end\"><\/span><\/h3>\n<p><img loading=\"lazy\" decoding=\"async\" class=\"size-full wp-image-195 alignnone\" src=\"https:\/\/www.malagacar.com\/fr\/blog\/wp-content\/uploads\/2022\/01\/fr-october.jpg\" alt=\"\" width=\"611\" height=\"54\" srcset=\"https:\/\/www.malagacar.com\/fr\/blog\/wp-content\/uploads\/2022\/01\/fr-october.jpg 611w, https:\/\/www.malagacar.com\/fr\/blog\/wp-content\/uploads\/2022\/01\/fr-october-300x27.jpg 300w\" sizes=\"auto, (max-width: 611px) 100vw, 611px\" \/><\/p>\n<p><strong>Journ\u00e9e des Sopas Perotas \u00e0 \u00c1lora<\/strong>, festival gastronomique o\u00f9 tout tourne autour de cette soupe typique, qui a lieu le premier samedi d&rsquo;octobre.<\/p>\n<p><strong>Feria Virgen del Rosario Fuengirola<\/strong>, du 6 au 12 octobre.<\/p>\n<p><a href=\"https:\/\/www.malagacar.com\/blog\/wp-content\/uploads\/2015\/09\/feria-Rosario-Fuengirola.jpg\" data-wpel-link=\"internal\"><img loading=\"lazy\" decoding=\"async\" class=\"alignnone wp-image-4356\" src=\"https:\/\/www.malagacar.com\/blog\/wp-content\/uploads\/2015\/09\/feria-Rosario-Fuengirola.jpg\" alt=\"Virgen del Rosario in Fuengirola\" width=\"598\" height=\"398\" \/><\/a><\/p>\n<p>La Feria del Rosario, organis\u00e9e en l&rsquo;honneur du saint patron de Fuengirola, est l&rsquo;une des plus remarquables d&rsquo;Andalousie en raison de sa typicit\u00e9, des costumes traditionnels, mais surtout de la grande importance accord\u00e9e aux chevaux et aux belles cal\u00e8ches d\u00e9cor\u00e9es.<\/p>\n<p><strong>Feria de Nerja<\/strong>, du 8 au 12 octobre Fiesta en l&rsquo;honneur de la patronne de la ville, la Virgen de las Angustias, avec des processions, du flamenco, des spectacles folkloriques et bien plus encore, m\u00ealant culture, gastronomie, religion, musique et folklore.<\/p>\n<p><strong>Marbella 4 jours de marche<\/strong><\/p>\n<p><a href=\"https:\/\/www.malagacar.com\/blog\/wp-content\/uploads\/2015\/09\/cartel-marbella-4-days-walking.jpg\" data-wpel-link=\"internal\"><img loading=\"lazy\" decoding=\"async\" class=\"alignnone wp-image-4359 size-full\" src=\"https:\/\/www.malagacar.com\/blog\/wp-content\/uploads\/2015\/09\/cartel-marbella-4-days-walking.jpg\" alt=\"Marbella 4 Days walking\" width=\"278\" height=\"395\" \/><\/a><\/p>\n<p>En automne, Marbella accueillera \u00e0 nouveau des randonneurs du monde entier. Chaque ann\u00e9e, \u00e0 la mi-octobre, ont lieu les 4 jours de marche de Marbella, un \u00e9v\u00e9nement au cours duquel des milliers de personnes se r\u00e9unissent pour parcourir chaque jour un itin\u00e9raire de 20 ou 30 kilom\u00e8tres. Informations compl\u00e8tes et inscription sur: <a href=\"http:\/\/www.marbella4dayswalking.com\" target=\"_blank\" rel=\"noopener external noreferrer\" data-wpel-link=\"external\">http:\/\/www.marbella4dayswalking.com<\/a><\/p>\n<p><strong>F\u00eate de la ch\u00e2taigne \u00e0 Pujerra<\/strong>, 31 octobre<\/p>\n<p><a href=\"https:\/\/www.malagacar.com\/blog\/wp-content\/uploads\/2019\/09\/feria-castana-pujerra-scaled.jpg\" data-wpel-link=\"internal\"><img loading=\"lazy\" decoding=\"async\" class=\"alignnone wp-image-8279\" src=\"https:\/\/www.malagacar.com\/blog\/wp-content\/uploads\/2019\/09\/feria-castana-pujerra-1024x683.jpg\" alt=\"Chestnut Festival in Pujerra\" width=\"620\" height=\"413\" \/><\/a><\/p>\n<p>Pendant cette journ\u00e9e de f\u00eate, vous pourrez profiter de la musique et de la danse dans les rues de la commune, ainsi que de la d\u00e9gustation de plus de 50 plats \u00e0 base de ch\u00e2taignes et accompagn\u00e9s d&rsquo;anis ou d&rsquo;eau-de-vie. Vous pourrez \u00e9galement visiter de nombreux stands pr\u00e9sentant des v\u00eatements et des outils typiques de la r\u00e9colte des ch\u00e2taignes.<\/p>\n<p><strong>F\u00eate de la ch\u00e2taigne et du vin \u00e0 YunqueraCe <\/strong><br \/>\nvillage, l&rsquo;un des plus connus de la Serran\u00eda de Ronda, est consacr\u00e9 \u00e0 la culture de la ch\u00e2taigne. \u00c0 la fin du mois d&rsquo;octobre, il c\u00e9l\u00e8bre sa f\u00eate autour de ce fruit d\u00e9licieux, que l&rsquo;on peut d\u00e9guster r\u00f4ti, au sirop, bouilli, confit ou simplement cueilli directement sur l&rsquo;arbre, accompagn\u00e9 du vin \u00e9labor\u00e9 \u00e0 partir des raisins exquis cultiv\u00e9s dans la r\u00e9gion. De nombreuses activit\u00e9s parall\u00e8les sont \u00e9galement organis\u00e9es.<\/p>\n<p><strong>Halloween \u00e0 Malaga<\/strong><\/p>\n<p><a href=\"https:\/\/www.malagacar.com\/blog\/wp-content\/uploads\/2016\/09\/halloween-amalaga.jpg\" data-wpel-link=\"internal\"><img loading=\"lazy\" decoding=\"async\" class=\"alignnone wp-image-5486\" src=\"https:\/\/www.malagacar.com\/blog\/wp-content\/uploads\/2016\/09\/halloween-amalaga.jpg\" alt=\"Halloween in Malaga\" width=\"623\" height=\"409\" \/><\/a><\/p>\n<p>Presque toutes les villes c\u00f4ti\u00e8res ont une sorte de c\u00e9l\u00e9bration effrayante, tandis que dans les villages de montagne, on c\u00e9l\u00e8bre g\u00e9n\u00e9ralement les traditionnels \u00ab\u00a0tostones\u00a0\u00bb (r\u00f4tis de ch\u00e2taignes). Jetez un coup d&rsquo;\u0153il \u00e0 notre \u00e9dition sp\u00e9ciale <strong>Halloween Malaga 2022<\/strong>.<\/p>\n<h3><span class=\"ez-toc-section\" id=\"Novembre_a_Malaga\"><\/span>Novembre \u00e0 Malaga<span class=\"ez-toc-section-end\"><\/span><\/h3>\n<p><img loading=\"lazy\" decoding=\"async\" class=\"size-full wp-image-194 alignnone\" src=\"https:\/\/www.malagacar.com\/fr\/blog\/wp-content\/uploads\/2022\/01\/fr-november.jpg\" alt=\"\" width=\"611\" height=\"54\" srcset=\"https:\/\/www.malagacar.com\/fr\/blog\/wp-content\/uploads\/2022\/01\/fr-november.jpg 611w, https:\/\/www.malagacar.com\/fr\/blog\/wp-content\/uploads\/2022\/01\/fr-november-300x27.jpg 300w\" sizes=\"auto, (max-width: 611px) 100vw, 611px\" \/><br \/>\n<strong>Tost\u00f3n Popular Oj\u00e9n<\/strong><\/p>\n<p><a href=\"https:\/\/www.malagacar.com\/blog\/wp-content\/uploads\/2019\/10\/toston-ojen.jpg\" data-wpel-link=\"internal\"><img loading=\"lazy\" decoding=\"async\" class=\"alignnone wp-image-6361\" src=\"https:\/\/www.malagacar.com\/blog\/wp-content\/uploads\/2019\/10\/toston-ojen.jpg\" alt=\"Chestnut Feast Toston Ojen 2019\" width=\"602\" height=\"301\" \/><\/a><\/p>\n<p>Le Tost\u00f3n Popular a lieu le premier dimanche apr\u00e8s la Toussaint, une tradition tr\u00e8s populaire dans le village d&rsquo;Oj\u00e9n (Marbella), une journ\u00e9e de gastronomie traditionnelle et de jeux populaires accompagn\u00e9e de ch\u00e2taignes grill\u00e9es, d&rsquo;eau-de-vie et de jambon.<\/p>\n<p><strong>Blues at Moonlight Benalm\u00e1dena<\/strong>, premi\u00e8re semaine de novembre, le festival international de musique Rockabilly et American Roots a lieu chaque ann\u00e9e et se tient traditionnellement \u00e0 l&rsquo;h\u00f4tel Sunset Beach de Benalm\u00e1dena. Il y a un \u00e9norme programme de musique live et de DJs.<br \/>\nSite web du festival: <a href=\"https:\/\/www.bluesatmoonlight.com\/\" data-wpel-link=\"external\" rel=\"external noopener noreferrer\">www.bluesatmoonlight.com<\/a><\/p>\n<p><strong>Festival international de jazz de Malaga<\/strong>, deuxi\u00e8me semaine de novembre.<\/p>\n<p><strong>Allumage des lumi\u00e8res de No\u00ebl dans la ville de Malaga<\/strong><\/p>\n<p><a href=\"https:\/\/www.malagacar.com\/blog\/wp-content\/uploads\/2019\/11\/luces-navidad-malaga-en.jpg\" data-wpel-link=\"internal\"><img loading=\"lazy\" decoding=\"async\" class=\"alignnone wp-image-8431\" src=\"https:\/\/www.malagacar.com\/blog\/wp-content\/uploads\/2019\/11\/luces-navidad-malaga-en.jpg\" alt=\"Christmas lights in Malaga city\" width=\"620\" height=\"349\" \/><\/a><\/p>\n<p>L&rsquo;allumage des <strong>lumi\u00e8res de No\u00ebl \u00e0 M\u00e1laga <\/strong>co\u00efncide avec le <strong>Black Friday<\/strong>, qui est le signal de d\u00e9part des achats de No\u00ebl.<\/p>\n<h3><span class=\"ez-toc-section\" id=\"Decembre_a_Malaga\"><\/span>D\u00e9cembre \u00e0 Malaga<span class=\"ez-toc-section-end\"><\/span><\/h3>\n<p><img loading=\"lazy\" decoding=\"async\" class=\"size-full wp-image-187 alignnone\" src=\"https:\/\/www.malagacar.com\/fr\/blog\/wp-content\/uploads\/2022\/01\/fr-december.jpg\" alt=\"\" width=\"611\" height=\"54\" srcset=\"https:\/\/www.malagacar.com\/fr\/blog\/wp-content\/uploads\/2022\/01\/fr-december.jpg 611w, https:\/\/www.malagacar.com\/fr\/blog\/wp-content\/uploads\/2022\/01\/fr-december-300x27.jpg 300w\" sizes=\"auto, (max-width: 611px) 100vw, 611px\" \/><br \/>\n<strong>Festival de Rondeles Casarabonela<\/strong><\/p>\n<p><a href=\"https:\/\/www.malagacar.com\/blog\/wp-content\/uploads\/2016\/10\/Fiesta-rondeles-Casrabonela.jpg\" data-wpel-link=\"internal\"><img loading=\"lazy\" decoding=\"async\" class=\"alignnone wp-image-8728\" src=\"https:\/\/www.malagacar.com\/blog\/wp-content\/uploads\/2016\/10\/Fiesta-rondeles-Casrabonela.jpg\" alt=\"\" width=\"619\" height=\"348\" \/><\/a><\/p>\n<p>Chaque 12 d\u00e9cembre, la nuit, il y a une procession de feu dans les rues du village jusqu&rsquo;\u00e0 la place de l&rsquo;\u00e9glise.<\/p>\n<p><strong>Journ\u00e9e des Migas \u00e0 TorroxLe <\/strong><br \/>\ndimanche pr\u00e9c\u00e9dant le jour de No\u00ebl a lieu cette f\u00eate gastronomique anim\u00e9e par de nombreux \u00ab\u00a0pandas de verdiales\u00a0\u00bb qui d\u00e9ambulent dans les rues de Torrox.<\/p>\n<p><strong>Foire Sabor a M\u00e1laga <\/strong>du 4 au 8 d\u00e9cembre. Une grande foire gastronomique dans le centre de Malaga avec les meilleurs produits locaux.<\/p>\n<p><a href=\"https:\/\/www.malagacar.com\/blog\/wp-content\/uploads\/2017\/11\/feriasabormalaga.jpg\" data-wpel-link=\"internal\"><img loading=\"lazy\" decoding=\"async\" class=\"alignnone wp-image-5521\" src=\"https:\/\/www.malagacar.com\/blog\/wp-content\/uploads\/2017\/11\/feriasabormalaga.jpg\" alt=\"Sabor a M\u00e1laga Fair\" width=\"622\" height=\"311\" \/><\/a><\/p>\n<p><strong>March\u00e9 de No\u00ebl dans le centre de Malaga<\/strong><\/p>\n<p>Avec g\u00e9n\u00e9ralement plus de 70 \u00e9tals, c&rsquo;est un endroit fantastique o\u00f9 passer un apr\u00e8s-midi entre amis ou en famille. Vous pouvez le trouver pr\u00e8s de la place Plaza de la Marina.<\/p>\n<p><strong>March\u00e9 de No\u00ebl \u00e0 Torremolinos<\/strong><\/p>\n<p><a href=\"https:\/\/www.malagacar.com\/blog\/wp-content\/uploads\/2020\/12\/Mercadillo-navideno-torremolinos-1024x683-1.jpg\" data-wpel-link=\"internal\"><img loading=\"lazy\" decoding=\"async\" class=\"alignnone wp-image-8637\" src=\"https:\/\/www.malagacar.com\/blog\/wp-content\/uploads\/2020\/12\/Mercadillo-navideno-torremolinos-1024x683-1.jpg\" alt=\"Christmas market in Torremolinos\" width=\"621\" height=\"414\" \/><\/a><\/p>\n<p>Des stands o\u00f9 l&rsquo;on peut acheter des articles de No\u00ebl typiques et o\u00f9 les enfants peuvent \u00e9galement rendre visite au P\u00e8re No\u00ebl.<\/p>\n<p><strong>March\u00e9 de No\u00ebl \u00e0 Nerja<\/strong><\/p>\n<p><strong>March\u00e9 de No\u00ebl \u00e0 Muelle Uno (Pier One)<\/strong>. Le <strong>Pier One <\/strong>est une ruche d&rsquo;activit\u00e9 toute l&rsquo;ann\u00e9e avec de la musique live, des \u00e9v\u00e9nements de toutes sortes et de nombreux march\u00e9s pour toutes les occasions.<\/p>\n<p><a href=\"https:\/\/www.malagacar.com\/blog\/wp-content\/uploads\/2017\/11\/mercadillo-navidad-muelle-uno.jpg\" data-wpel-link=\"internal\"><img loading=\"lazy\" decoding=\"async\" class=\"alignnone wp-image-5544 size-full\" src=\"https:\/\/www.malagacar.com\/blog\/wp-content\/uploads\/2017\/11\/mercadillo-navidad-muelle-uno.jpg\" alt=\"Pier One in Christmas\" width=\"575\" height=\"323\" \/><\/a><\/p>\n<p><strong>Rassemblement international de No\u00ebl de Benalm\u00e1dena<\/strong><\/p>\n<p><strong>March\u00e9 de No\u00ebl \u00e0 Arroyo de la Miel \/ Benalm\u00e1dena<\/strong><\/p>\n<p><strong>Carillons de la Saint-Sylvestre \u00e0 Malaga<\/strong><\/p>\n<p><a href=\"https:\/\/www.malagacar.com\/blog\/wp-content\/uploads\/2020\/11\/fin-de-ano.jpg\" data-wpel-link=\"internal\"><img loading=\"lazy\" decoding=\"async\" class=\"alignnone wp-image-8558\" src=\"https:\/\/www.malagacar.com\/blog\/wp-content\/uploads\/2020\/11\/fin-de-ano.jpg\" alt=\"New Year's Eve Chimes in Malaga\" width=\"620\" height=\"349\" \/><\/a><\/p>\n<h2><span class=\"ez-toc-section\" id=\"Festivals_de_musique_de_la_Costa_del_Sol_2022\"><\/span>Festivals de musique de la Costa del Sol 2022<span class=\"ez-toc-section-end\"><\/span><\/h2>\n<p>Si vous aimez les festivals de musique, vous allez \u00eatre g\u00e2t\u00e9s cet \u00e9t\u00e9 2022!<\/p>\n<p><a href=\"https:\/\/www.malagacar.com\/blog\/wp-content\/uploads\/2020\/03\/music-festivals-en.jpg\" data-wpel-link=\"internal\"><img loading=\"lazy\" decoding=\"async\" class=\"alignnone wp-image-8584\" src=\"https:\/\/www.malagacar.com\/blog\/wp-content\/uploads\/2020\/03\/music-festivals-en.jpg\" alt=\"Music Festivals in Malaga\" width=\"621\" height=\"414\" \/><\/a><\/p>\n<p>Nous avons consacr\u00e9 un article entier aux <a href=\"https:\/\/www.malagacar.com\/fr\/blog\/loisirs\/music-festivals-costa-del-sol\/\" data-wpel-link=\"internal\"><strong>festivals de musique de la Costa del Sol <\/strong><\/a>qui nous attendent, de tous les genres, il y en a s\u00fbrement un pour vous!<\/p>\n","protected":false},"excerpt":{"rendered":"<p>Nous avons cr\u00e9\u00e9 un agenda avec les dates importantes du calendrier des \u00e9v\u00e9nements Malaga 2024 \u00e0 la demande de nos clients qui aiment planifier leur prochain voyage sur la Costa del Sol en tenant compte des dates de ces \u00e9v\u00e9nements.<\/p>\n","protected":false},"author":1,"featured_media":164,"comment_status":"open","ping_status":"open","sticky":false,"template":"","format":"standard","meta":{"footnotes":""},"categories":[2],"tags":[26,4],"class_list":["post-159","post","type-post","status-publish","format-standard","has-post-thumbnail","hentry","category-loisirs","tag-evenements","tag-malaga"],"yoast_head":"<!-- This site is optimized with the Yoast SEO plugin v28.4 - https:\/\/yoast.com\/product\/yoast-seo-wordpress\/ -->\n<title>\u00c9v\u00e9nements \u00e0 Malaga 2024 - Blog de MalagaCar.com<\/title>\n<meta name=\"description\" content=\"Si vous aimez planifier votre voyage \u00e0 l&#039;avance, en tenant compte des \u00e9v\u00e9nements qui se d\u00e9roulent \u00e0 Malaga, vous trouverez ici toutes les dates pour 2022.\" \/>\n<meta name=\"robots\" content=\"index, follow, max-snippet:-1, max-image-preview:large, max-video-preview:-1\" \/>\n<link rel=\"canonical\" href=\"https:\/\/www.malagacar.com\/fr\/blog\/loisirs\/evenements-malaga\/\" \/>\n<meta property=\"og:locale\" content=\"fr_FR\" \/>\n<meta property=\"og:type\" content=\"article\" \/>\n<meta property=\"og:title\" content=\"\u00c9v\u00e9nements \u00e0 Malaga 2024 - Blog de MalagaCar.com\" \/>\n<meta property=\"og:description\" content=\"Si vous aimez planifier votre voyage \u00e0 l&#039;avance, en tenant compte des \u00e9v\u00e9nements qui se d\u00e9roulent \u00e0 Malaga, vous trouverez ici toutes les dates pour 2022.\" \/>\n<meta property=\"og:url\" content=\"https:\/\/www.malagacar.com\/fr\/blog\/loisirs\/evenements-malaga\/\" \/>\n<meta property=\"og:site_name\" content=\"Blog de MalagaCar.com\" \/>\n<meta property=\"article:publisher\" content=\"https:\/\/www.facebook.com\/malagacar\" \/>\n<meta property=\"article:published_time\" content=\"2022-01-05T14:15:13+00:00\" \/>\n<meta property=\"article:modified_time\" content=\"2024-03-07T08:26:54+00:00\" \/>\n<meta property=\"og:image\" content=\"https:\/\/www.malagacar.com\/fr\/blog\/wp-content\/uploads\/2022\/01\/malaga-events-calendar-en.jpg\" \/>\n\t<meta property=\"og:image:width\" content=\"1280\" \/>\n\t<meta property=\"og:image:height\" content=\"960\" \/>\n\t<meta property=\"og:image:type\" content=\"image\/jpeg\" \/>\n<meta name=\"author\" content=\"MalagaCar.com\" \/>\n<meta name=\"twitter:card\" content=\"summary_large_image\" \/>\n<meta name=\"twitter:creator\" content=\"@malagacarcom\" \/>\n<meta name=\"twitter:site\" content=\"@malagacarcom\" \/>\n<meta name=\"twitter:label1\" content=\"\u00c9crit par\" \/>\n\t<meta name=\"twitter:data1\" content=\"MalagaCar.com\" \/>\n\t<meta name=\"twitter:label2\" content=\"Dur\u00e9e de lecture estim\u00e9e\" \/>\n\t<meta name=\"twitter:data2\" content=\"22 minutes\" \/>\n<script type=\"application\/ld+json\" class=\"yoast-schema-graph\">{\"@context\":\"https:\\\/\\\/schema.org\",\"@graph\":[{\"@type\":\"Article\",\"@id\":\"https:\\\/\\\/www.malagacar.com\\\/fr\\\/blog\\\/loisirs\\\/evenements-malaga\\\/#article\",\"isPartOf\":{\"@id\":\"https:\\\/\\\/www.malagacar.com\\\/fr\\\/blog\\\/loisirs\\\/evenements-malaga\\\/\"},\"author\":{\"name\":\"MalagaCar.com\",\"@id\":\"https:\\\/\\\/www.malagacar.com\\\/fr\\\/blog\\\/#\\\/schema\\\/person\\\/ffb97005d02bcc7d0bb59f5409635691\"},\"headline\":\"\u00c9v\u00e9nements \u00e0 Malaga 2024\",\"datePublished\":\"2022-01-05T14:15:13+00:00\",\"dateModified\":\"2024-03-07T08:26:54+00:00\",\"mainEntityOfPage\":{\"@id\":\"https:\\\/\\\/www.malagacar.com\\\/fr\\\/blog\\\/loisirs\\\/evenements-malaga\\\/\"},\"wordCount\":2554,\"commentCount\":0,\"publisher\":{\"@id\":\"https:\\\/\\\/www.malagacar.com\\\/fr\\\/blog\\\/#organization\"},\"image\":{\"@id\":\"https:\\\/\\\/www.malagacar.com\\\/fr\\\/blog\\\/loisirs\\\/evenements-malaga\\\/#primaryimage\"},\"thumbnailUrl\":\"https:\\\/\\\/www.malagacar.com\\\/fr\\\/blog\\\/wp-content\\\/uploads\\\/2022\\\/01\\\/malaga-events-calendar-en.jpg\",\"keywords\":[\"evenements\",\"malaga\"],\"articleSection\":[\"Loisirs\"],\"inLanguage\":\"fr-FR\",\"potentialAction\":[{\"@type\":\"CommentAction\",\"name\":\"Comment\",\"target\":[\"https:\\\/\\\/www.malagacar.com\\\/fr\\\/blog\\\/loisirs\\\/evenements-malaga\\\/#respond\"]}]},{\"@type\":\"WebPage\",\"@id\":\"https:\\\/\\\/www.malagacar.com\\\/fr\\\/blog\\\/loisirs\\\/evenements-malaga\\\/\",\"url\":\"https:\\\/\\\/www.malagacar.com\\\/fr\\\/blog\\\/loisirs\\\/evenements-malaga\\\/\",\"name\":\"\u00c9v\u00e9nements \u00e0 Malaga 2024 - Blog de MalagaCar.com\",\"isPartOf\":{\"@id\":\"https:\\\/\\\/www.malagacar.com\\\/fr\\\/blog\\\/#website\"},\"primaryImageOfPage\":{\"@id\":\"https:\\\/\\\/www.malagacar.com\\\/fr\\\/blog\\\/loisirs\\\/evenements-malaga\\\/#primaryimage\"},\"image\":{\"@id\":\"https:\\\/\\\/www.malagacar.com\\\/fr\\\/blog\\\/loisirs\\\/evenements-malaga\\\/#primaryimage\"},\"thumbnailUrl\":\"https:\\\/\\\/www.malagacar.com\\\/fr\\\/blog\\\/wp-content\\\/uploads\\\/2022\\\/01\\\/malaga-events-calendar-en.jpg\",\"datePublished\":\"2022-01-05T14:15:13+00:00\",\"dateModified\":\"2024-03-07T08:26:54+00:00\",\"description\":\"Si vous aimez planifier votre voyage \u00e0 l'avance, en tenant compte des \u00e9v\u00e9nements qui se d\u00e9roulent \u00e0 Malaga, vous trouverez ici toutes les dates pour 2022.\",\"breadcrumb\":{\"@id\":\"https:\\\/\\\/www.malagacar.com\\\/fr\\\/blog\\\/loisirs\\\/evenements-malaga\\\/#breadcrumb\"},\"inLanguage\":\"fr-FR\",\"potentialAction\":[{\"@type\":\"ReadAction\",\"target\":[\"https:\\\/\\\/www.malagacar.com\\\/fr\\\/blog\\\/loisirs\\\/evenements-malaga\\\/\"]}]},{\"@type\":\"ImageObject\",\"inLanguage\":\"fr-FR\",\"@id\":\"https:\\\/\\\/www.malagacar.com\\\/fr\\\/blog\\\/loisirs\\\/evenements-malaga\\\/#primaryimage\",\"url\":\"https:\\\/\\\/www.malagacar.com\\\/fr\\\/blog\\\/wp-content\\\/uploads\\\/2022\\\/01\\\/malaga-events-calendar-en.jpg\",\"contentUrl\":\"https:\\\/\\\/www.malagacar.com\\\/fr\\\/blog\\\/wp-content\\\/uploads\\\/2022\\\/01\\\/malaga-events-calendar-en.jpg\",\"width\":1280,\"height\":960,\"caption\":\"\u00c9v\u00e9nements \u00e0 Malaga\"},{\"@type\":\"BreadcrumbList\",\"@id\":\"https:\\\/\\\/www.malagacar.com\\\/fr\\\/blog\\\/loisirs\\\/evenements-malaga\\\/#breadcrumb\",\"itemListElement\":[{\"@type\":\"ListItem\",\"position\":1,\"name\":\"Accueil\",\"item\":\"https:\\\/\\\/www.malagacar.com\\\/fr\\\/blog\\\/\"},{\"@type\":\"ListItem\",\"position\":2,\"name\":\"\u00c9v\u00e9nements \u00e0 Malaga 2024\"}]},{\"@type\":\"WebSite\",\"@id\":\"https:\\\/\\\/www.malagacar.com\\\/fr\\\/blog\\\/#website\",\"url\":\"https:\\\/\\\/www.malagacar.com\\\/fr\\\/blog\\\/\",\"name\":\"Blog de MalagaCar.com\",\"description\":\"Nouvelles et informations int\u00e9ressantes sur la location de voitures \u00e0 l&#039;a\u00e9roport de Malaga.\",\"publisher\":{\"@id\":\"https:\\\/\\\/www.malagacar.com\\\/fr\\\/blog\\\/#organization\"},\"potentialAction\":[{\"@type\":\"SearchAction\",\"target\":{\"@type\":\"EntryPoint\",\"urlTemplate\":\"https:\\\/\\\/www.malagacar.com\\\/fr\\\/blog\\\/?s={search_term_string}\"},\"query-input\":{\"@type\":\"PropertyValueSpecification\",\"valueRequired\":true,\"valueName\":\"search_term_string\"}}],\"inLanguage\":\"fr-FR\"},{\"@type\":\"Organization\",\"@id\":\"https:\\\/\\\/www.malagacar.com\\\/fr\\\/blog\\\/#organization\",\"name\":\"MalagaCar.com\",\"url\":\"https:\\\/\\\/www.malagacar.com\\\/fr\\\/blog\\\/\",\"logo\":{\"@type\":\"ImageObject\",\"inLanguage\":\"fr-FR\",\"@id\":\"https:\\\/\\\/www.malagacar.com\\\/fr\\\/blog\\\/#\\\/schema\\\/logo\\\/image\\\/\",\"url\":\"https:\\\/\\\/www.malagacar.com\\\/fr\\\/blog\\\/wp-content\\\/uploads\\\/2021\\\/06\\\/logo-malagacar-social.png\",\"contentUrl\":\"https:\\\/\\\/www.malagacar.com\\\/fr\\\/blog\\\/wp-content\\\/uploads\\\/2021\\\/06\\\/logo-malagacar-social.png\",\"width\":900,\"height\":900,\"caption\":\"MalagaCar.com\"},\"image\":{\"@id\":\"https:\\\/\\\/www.malagacar.com\\\/fr\\\/blog\\\/#\\\/schema\\\/logo\\\/image\\\/\"},\"sameAs\":[\"https:\\\/\\\/www.facebook.com\\\/malagacar\",\"https:\\\/\\\/x.com\\\/malagacarcom\",\"https:\\\/\\\/www.instagram.com\\\/malagacar\\\/\",\"https:\\\/\\\/www.linkedin.com\\\/company\\\/malagacar.com\",\"https:\\\/\\\/www.youtube.com\\\/c\\\/MalagacarAirport\"]},{\"@type\":\"Person\",\"@id\":\"https:\\\/\\\/www.malagacar.com\\\/fr\\\/blog\\\/#\\\/schema\\\/person\\\/ffb97005d02bcc7d0bb59f5409635691\",\"name\":\"MalagaCar.com\",\"image\":{\"@type\":\"ImageObject\",\"inLanguage\":\"fr-FR\",\"@id\":\"https:\\\/\\\/secure.gravatar.com\\\/avatar\\\/296ebc31026e7be05868369e4c596b3239b1582b2fcf8a45de57333e2e82bb82?s=96&d=mm&r=g\",\"url\":\"https:\\\/\\\/secure.gravatar.com\\\/avatar\\\/296ebc31026e7be05868369e4c596b3239b1582b2fcf8a45de57333e2e82bb82?s=96&d=mm&r=g\",\"contentUrl\":\"https:\\\/\\\/secure.gravatar.com\\\/avatar\\\/296ebc31026e7be05868369e4c596b3239b1582b2fcf8a45de57333e2e82bb82?s=96&d=mm&r=g\",\"caption\":\"MalagaCar.com\"},\"sameAs\":[\"https:\\\/\\\/www.malagacar.com\\\/fr\\\/blog\"]}]}<\/script>\n<!-- \/ Yoast SEO plugin. -->","yoast_head_json":{"title":"\u00c9v\u00e9nements \u00e0 Malaga 2024 - Blog de MalagaCar.com","description":"Si vous aimez planifier votre voyage \u00e0 l'avance, en tenant compte des \u00e9v\u00e9nements qui se d\u00e9roulent \u00e0 Malaga, vous trouverez ici toutes les dates pour 2022.","robots":{"index":"index","follow":"follow","max-snippet":"max-snippet:-1","max-image-preview":"max-image-preview:large","max-video-preview":"max-video-preview:-1"},"canonical":"https:\/\/www.malagacar.com\/fr\/blog\/loisirs\/evenements-malaga\/","og_locale":"fr_FR","og_type":"article","og_title":"\u00c9v\u00e9nements \u00e0 Malaga 2024 - Blog de MalagaCar.com","og_description":"Si vous aimez planifier votre voyage \u00e0 l'avance, en tenant compte des \u00e9v\u00e9nements qui se d\u00e9roulent \u00e0 Malaga, vous trouverez ici toutes les dates pour 2022.","og_url":"https:\/\/www.malagacar.com\/fr\/blog\/loisirs\/evenements-malaga\/","og_site_name":"Blog de MalagaCar.com","article_publisher":"https:\/\/www.facebook.com\/malagacar","article_published_time":"2022-01-05T14:15:13+00:00","article_modified_time":"2024-03-07T08:26:54+00:00","og_image":[{"width":1280,"height":960,"url":"https:\/\/www.malagacar.com\/fr\/blog\/wp-content\/uploads\/2022\/01\/malaga-events-calendar-en.jpg","type":"image\/jpeg"}],"author":"MalagaCar.com","twitter_card":"summary_large_image","twitter_creator":"@malagacarcom","twitter_site":"@malagacarcom","twitter_misc":{"\u00c9crit par":"MalagaCar.com","Dur\u00e9e de lecture estim\u00e9e":"22 minutes"},"schema":{"@context":"https:\/\/schema.org","@graph":[{"@type":"Article","@id":"https:\/\/www.malagacar.com\/fr\/blog\/loisirs\/evenements-malaga\/#article","isPartOf":{"@id":"https:\/\/www.malagacar.com\/fr\/blog\/loisirs\/evenements-malaga\/"},"author":{"name":"MalagaCar.com","@id":"https:\/\/www.malagacar.com\/fr\/blog\/#\/schema\/person\/ffb97005d02bcc7d0bb59f5409635691"},"headline":"\u00c9v\u00e9nements \u00e0 Malaga 2024","datePublished":"2022-01-05T14:15:13+00:00","dateModified":"2024-03-07T08:26:54+00:00","mainEntityOfPage":{"@id":"https:\/\/www.malagacar.com\/fr\/blog\/loisirs\/evenements-malaga\/"},"wordCount":2554,"commentCount":0,"publisher":{"@id":"https:\/\/www.malagacar.com\/fr\/blog\/#organization"},"image":{"@id":"https:\/\/www.malagacar.com\/fr\/blog\/loisirs\/evenements-malaga\/#primaryimage"},"thumbnailUrl":"https:\/\/www.malagacar.com\/fr\/blog\/wp-content\/uploads\/2022\/01\/malaga-events-calendar-en.jpg","keywords":["evenements","malaga"],"articleSection":["Loisirs"],"inLanguage":"fr-FR","potentialAction":[{"@type":"CommentAction","name":"Comment","target":["https:\/\/www.malagacar.com\/fr\/blog\/loisirs\/evenements-malaga\/#respond"]}]},{"@type":"WebPage","@id":"https:\/\/www.malagacar.com\/fr\/blog\/loisirs\/evenements-malaga\/","url":"https:\/\/www.malagacar.com\/fr\/blog\/loisirs\/evenements-malaga\/","name":"\u00c9v\u00e9nements \u00e0 Malaga 2024 - Blog de MalagaCar.com","isPartOf":{"@id":"https:\/\/www.malagacar.com\/fr\/blog\/#website"},"primaryImageOfPage":{"@id":"https:\/\/www.malagacar.com\/fr\/blog\/loisirs\/evenements-malaga\/#primaryimage"},"image":{"@id":"https:\/\/www.malagacar.com\/fr\/blog\/loisirs\/evenements-malaga\/#primaryimage"},"thumbnailUrl":"https:\/\/www.malagacar.com\/fr\/blog\/wp-content\/uploads\/2022\/01\/malaga-events-calendar-en.jpg","datePublished":"2022-01-05T14:15:13+00:00","dateModified":"2024-03-07T08:26:54+00:00","description":"Si vous aimez planifier votre voyage \u00e0 l'avance, en tenant compte des \u00e9v\u00e9nements qui se d\u00e9roulent \u00e0 Malaga, vous trouverez ici toutes les dates pour 2022.","breadcrumb":{"@id":"https:\/\/www.malagacar.com\/fr\/blog\/loisirs\/evenements-malaga\/#breadcrumb"},"inLanguage":"fr-FR","potentialAction":[{"@type":"ReadAction","target":["https:\/\/www.malagacar.com\/fr\/blog\/loisirs\/evenements-malaga\/"]}]},{"@type":"ImageObject","inLanguage":"fr-FR","@id":"https:\/\/www.malagacar.com\/fr\/blog\/loisirs\/evenements-malaga\/#primaryimage","url":"https:\/\/www.malagacar.com\/fr\/blog\/wp-content\/uploads\/2022\/01\/malaga-events-calendar-en.jpg","contentUrl":"https:\/\/www.malagacar.com\/fr\/blog\/wp-content\/uploads\/2022\/01\/malaga-events-calendar-en.jpg","width":1280,"height":960,"caption":"\u00c9v\u00e9nements \u00e0 Malaga"},{"@type":"BreadcrumbList","@id":"https:\/\/www.malagacar.com\/fr\/blog\/loisirs\/evenements-malaga\/#breadcrumb","itemListElement":[{"@type":"ListItem","position":1,"name":"Accueil","item":"https:\/\/www.malagacar.com\/fr\/blog\/"},{"@type":"ListItem","position":2,"name":"\u00c9v\u00e9nements \u00e0 Malaga 2024"}]},{"@type":"WebSite","@id":"https:\/\/www.malagacar.com\/fr\/blog\/#website","url":"https:\/\/www.malagacar.com\/fr\/blog\/","name":"Blog de MalagaCar.com","description":"Nouvelles et informations int\u00e9ressantes sur la location de voitures \u00e0 l&#039;a\u00e9roport de Malaga.","publisher":{"@id":"https:\/\/www.malagacar.com\/fr\/blog\/#organization"},"potentialAction":[{"@type":"SearchAction","target":{"@type":"EntryPoint","urlTemplate":"https:\/\/www.malagacar.com\/fr\/blog\/?s={search_term_string}"},"query-input":{"@type":"PropertyValueSpecification","valueRequired":true,"valueName":"search_term_string"}}],"inLanguage":"fr-FR"},{"@type":"Organization","@id":"https:\/\/www.malagacar.com\/fr\/blog\/#organization","name":"MalagaCar.com","url":"https:\/\/www.malagacar.com\/fr\/blog\/","logo":{"@type":"ImageObject","inLanguage":"fr-FR","@id":"https:\/\/www.malagacar.com\/fr\/blog\/#\/schema\/logo\/image\/","url":"https:\/\/www.malagacar.com\/fr\/blog\/wp-content\/uploads\/2021\/06\/logo-malagacar-social.png","contentUrl":"https:\/\/www.malagacar.com\/fr\/blog\/wp-content\/uploads\/2021\/06\/logo-malagacar-social.png","width":900,"height":900,"caption":"MalagaCar.com"},"image":{"@id":"https:\/\/www.malagacar.com\/fr\/blog\/#\/schema\/logo\/image\/"},"sameAs":["https:\/\/www.facebook.com\/malagacar","https:\/\/x.com\/malagacarcom","https:\/\/www.instagram.com\/malagacar\/","https:\/\/www.linkedin.com\/company\/malagacar.com","https:\/\/www.youtube.com\/c\/MalagacarAirport"]},{"@type":"Person","@id":"https:\/\/www.malagacar.com\/fr\/blog\/#\/schema\/person\/ffb97005d02bcc7d0bb59f5409635691","name":"MalagaCar.com","image":{"@type":"ImageObject","inLanguage":"fr-FR","@id":"https:\/\/secure.gravatar.com\/avatar\/296ebc31026e7be05868369e4c596b3239b1582b2fcf8a45de57333e2e82bb82?s=96&d=mm&r=g","url":"https:\/\/secure.gravatar.com\/avatar\/296ebc31026e7be05868369e4c596b3239b1582b2fcf8a45de57333e2e82bb82?s=96&d=mm&r=g","contentUrl":"https:\/\/secure.gravatar.com\/avatar\/296ebc31026e7be05868369e4c596b3239b1582b2fcf8a45de57333e2e82bb82?s=96&d=mm&r=g","caption":"MalagaCar.com"},"sameAs":["https:\/\/www.malagacar.com\/fr\/blog"]}]}},"_links":{"self":[{"href":"https:\/\/www.malagacar.com\/fr\/blog\/wp-json\/wp\/v2\/posts\/159","targetHints":{"allow":["GET"]}}],"collection":[{"href":"https:\/\/www.malagacar.com\/fr\/blog\/wp-json\/wp\/v2\/posts"}],"about":[{"href":"https:\/\/www.malagacar.com\/fr\/blog\/wp-json\/wp\/v2\/types\/post"}],"author":[{"embeddable":true,"href":"https:\/\/www.malagacar.com\/fr\/blog\/wp-json\/wp\/v2\/users\/1"}],"replies":[{"embeddable":true,"href":"https:\/\/www.malagacar.com\/fr\/blog\/wp-json\/wp\/v2\/comments?post=159"}],"version-history":[{"count":12,"href":"https:\/\/www.malagacar.com\/fr\/blog\/wp-json\/wp\/v2\/posts\/159\/revisions"}],"predecessor-version":[{"id":1011,"href":"https:\/\/www.malagacar.com\/fr\/blog\/wp-json\/wp\/v2\/posts\/159\/revisions\/1011"}],"wp:featuredmedia":[{"embeddable":true,"href":"https:\/\/www.malagacar.com\/fr\/blog\/wp-json\/wp\/v2\/media\/164"}],"wp:attachment":[{"href":"https:\/\/www.malagacar.com\/fr\/blog\/wp-json\/wp\/v2\/media?parent=159"}],"wp:term":[{"taxonomy":"category","embeddable":true,"href":"https:\/\/www.malagacar.com\/fr\/blog\/wp-json\/wp\/v2\/categories?post=159"},{"taxonomy":"post_tag","embeddable":true,"href":"https:\/\/www.malagacar.com\/fr\/blog\/wp-json\/wp\/v2\/tags?post=159"}],"curies":[{"name":"wp","href":"https:\/\/api.w.org\/{rel}","templated":true}]}}