{"id":170,"date":"2026-05-18T06:42:33","date_gmt":"2026-05-18T04:42:33","guid":{"rendered":"https:\/\/www.malagacar.com\/fr\/blog\/?p=170"},"modified":"2026-06-15T07:33:55","modified_gmt":"2026-06-15T05:33:55","slug":"festivals-musique-costa-del-sol","status":"publish","type":"post","link":"https:\/\/www.malagacar.com\/fr\/blog\/loisirs\/festivals-musique-costa-del-sol\/","title":{"rendered":"Festivals de musique Costa del Sol 2026"},"content":{"rendered":"<p>La Costa del Sol est tr\u00e8s populaire pour de nombreuses raisons, l&rsquo;une d&rsquo;entre elles \u00e9tant sans aucun doute les festivals de musique qui ont lieu chaque ann\u00e9e pendant les mois d&rsquo;\u00e9t\u00e9.<\/p>\n<p>Avec un climat doux et bienveillant, la brise marine, quelques <em><strong>sc\u00e8nes vraiment impressionnantes et une programmation d&rsquo;artistes compl\u00e8te<\/strong><\/em>, la Costa del Sol dispose \u00e9galement de toute l&rsquo;infrastructure n\u00e9cessaire, d&rsquo;h\u00e9bergements et d&rsquo;h\u00f4tels, et avec l&rsquo;<a href=\"https:\/\/www.malagacar.com\/fr\/information\/informations-aeroport-malaga.php\" data-wpel-link=\"internal\"><strong>a\u00e9roport international de Malaga<\/strong><\/a> \u00e0 seulement quelques kilom\u00e8tres.<\/p>\n<p>Il suffira de d\u00e9cider quels festivals nous allons visiter. Cette ann\u00e9e, au Marenostrum Fuengirola et au Starlite Marbella, des artistes tels que <em>Romeo Santos, Prince Royce, Sting, Alejandro Sanz, Underworld, Lenny Kravitz, Maroon, Deep Purple, Carlos Rivera ou Sergio Dalma.<\/em><\/p>\n<p>Nous voil\u00e0 avec les Festivals de Musique Costa del Sol 2026!<\/p>\n<p><!--more--><\/p>\n\n            <div class=\"banner\">\n                <div class=\"row\">\n                    <div class=\"col-sm-4\">\n                        <a href=\"\/fr\/location-de-voitures\/quote.php\" data-wpel-link=\"internal\"><img decoding=\"async\" src=\"\/images\/banner-img.jpg\" alt=\"malagacar.com\"><\/a>\n                    <\/div>\n                    <div class=\"col-sm-8\">\n                      <a href=\"\/fr\/location-de-voitures\/quote.php\" class=\"banner-title\" data-wpel-link=\"internal\">Meilleure location de voitures <div>\u00e0 l'a\u00e9roport de Malaga<\/div><\/a>   \n                        <div class=\"row\">\n                            <div class=\"col-sm-7\">\n                                <ul>\n                                    <li>Pas de frais de ravitaillement<\/li>\n                                    <li>Annulation gratuite<\/li>\n                                    <li>Location sans interm\u00e9diaire<\/li>\n                                    <li>Payez lorsque vous prenez la voiture<\/li>\n                                    <li><\/li>\n                                <\/ul>\n                            <\/div>\n                            <div class=\"col-sm-5\">\n                                <a class=\"btn-banner\" href=\"\/fr\/location-de-voitures\/quote.php\" data-wpel-link=\"internal\">Consultez les prix<\/a>\n                                <img decoding=\"async\" class=\"zonturent\" src=\"\/images\/zontu-banner.png\" alt=\"\">\n                            <\/div>\n                        <\/div>\n                    <\/div>\n                 <\/div>  \n            <\/div>\n            \n<div id=\"ez-toc-container\" class=\"ez-toc-v2_0_87 counter-hierarchy ez-toc-counter ez-toc-light-blue ez-toc-container-direction\">\n<p class=\"ez-toc-title\" style=\"cursor:inherit\">Table des mati\u00e8res<\/p>\n<label for=\"ez-toc-cssicon-toggle-item-6a9a3ed95215c\" class=\"ez-toc-cssicon-toggle-label\"><span class=\"\"><span class=\"eztoc-hide\" style=\"display:none;\">Toggle<\/span><span class=\"ez-toc-icon-toggle-span\"><svg style=\"fill: #999;color:#999\" xmlns=\"http:\/\/www.w3.org\/2000\/svg\" class=\"list-377408\" width=\"20px\" height=\"20px\" viewBox=\"0 0 24 24\" fill=\"none\"><path d=\"M6 6H4v2h2V6zm14 0H8v2h12V6zM4 11h2v2H4v-2zm16 0H8v2h12v-2zM4 16h2v2H4v-2zm16 0H8v2h12v-2z\" fill=\"currentColor\"><\/path><\/svg><svg style=\"fill: #999;color:#999\" class=\"arrow-unsorted-368013\" xmlns=\"http:\/\/www.w3.org\/2000\/svg\" width=\"10px\" height=\"10px\" viewBox=\"0 0 24 24\" version=\"1.2\" baseProfile=\"tiny\"><path d=\"M18.2 9.3l-6.2-6.3-6.2 6.3c-.2.2-.3.4-.3.7s.1.5.3.7c.2.2.4.3.7.3h11c.3 0 .5-.1.7-.3.2-.2.3-.5.3-.7s-.1-.5-.3-.7zM5.8 14.7l6.2 6.3 6.2-6.3c.2-.2.3-.5.3-.7s-.1-.5-.3-.7c-.2-.2-.4-.3-.7-.3h-11c-.3 0-.5.1-.7.3-.2.2-.3.5-.3.7s.1.5.3.7z\"\/><\/svg><\/span><\/span><\/label><input type=\"checkbox\"  id=\"ez-toc-cssicon-toggle-item-6a9a3ed95215c\"  aria-label=\"Toggle\" \/><nav><ul class='ez-toc-list ez-toc-list-level-1 ' ><li class='ez-toc-page-1 ez-toc-heading-level-2'><a class=\"ez-toc-link ez-toc-heading-1\" href=\"https:\/\/www.malagacar.com\/fr\/blog\/loisirs\/festivals-musique-costa-del-sol\/#Marenostrum_Fuengirola\" data-wpel-link=\"internal\">Marenostrum Fuengirola<\/a><\/li><li class='ez-toc-page-1 ez-toc-heading-level-2'><a class=\"ez-toc-link ez-toc-heading-2\" href=\"https:\/\/www.malagacar.com\/fr\/blog\/loisirs\/festivals-musique-costa-del-sol\/#Starlite_Marbella\" data-wpel-link=\"internal\">Starlite Marbella<\/a><\/li><li class='ez-toc-page-1 ez-toc-heading-level-2'><a class=\"ez-toc-link ez-toc-heading-3\" href=\"https:\/\/www.malagacar.com\/fr\/blog\/loisirs\/festivals-musique-costa-del-sol\/#Festivals_sur_la_Costa_del_Sol\" data-wpel-link=\"internal\">Festivals sur la Costa del Sol<\/a><ul class='ez-toc-list-level-3' ><li class='ez-toc-heading-level-3'><a class=\"ez-toc-link ez-toc-heading-4\" href=\"https:\/\/www.malagacar.com\/fr\/blog\/loisirs\/festivals-musique-costa-del-sol\/#Elrow_%E2%80%93_Malaga\" data-wpel-link=\"internal\">Elrow &#8211; Malaga<\/a><\/li><li class='ez-toc-page-1 ez-toc-heading-level-3'><a class=\"ez-toc-link ez-toc-heading-5\" href=\"https:\/\/www.malagacar.com\/fr\/blog\/loisirs\/festivals-musique-costa-del-sol\/#Brunch_Electronic_%E2%80%93_Malaga\" data-wpel-link=\"internal\">Brunch Electronic \u2013 Malaga<\/a><\/li><li class='ez-toc-page-1 ez-toc-heading-level-3'><a class=\"ez-toc-link ez-toc-heading-6\" href=\"https:\/\/www.malagacar.com\/fr\/blog\/loisirs\/festivals-musique-costa-del-sol\/#Urban_Paradise_%E2%80%93_Fuengirola\" data-wpel-link=\"internal\">Urban Paradise \u2013 Fuengirola<\/a><\/li><li class='ez-toc-page-1 ez-toc-heading-level-3'><a class=\"ez-toc-link ez-toc-heading-7\" href=\"https:\/\/www.malagacar.com\/fr\/blog\/loisirs\/festivals-musique-costa-del-sol\/#OMA_Sound_%E2%80%93_Marbella\" data-wpel-link=\"internal\">OMA Sound &#8211; Marbella<\/a><\/li><li class='ez-toc-page-1 ez-toc-heading-level-3'><a class=\"ez-toc-link ez-toc-heading-8\" href=\"https:\/\/www.malagacar.com\/fr\/blog\/loisirs\/festivals-musique-costa-del-sol\/#Brisa_Festival_%E2%80%93_Malaga\" data-wpel-link=\"internal\">Brisa Festival &#8211; Malaga<\/a><\/li><li class='ez-toc-page-1 ez-toc-heading-level-3'><a class=\"ez-toc-link ez-toc-heading-9\" href=\"https:\/\/www.malagacar.com\/fr\/blog\/loisirs\/festivals-musique-costa-del-sol\/#Puro_Latino_Fest_%E2%80%93_Torremolinos\" data-wpel-link=\"internal\">Puro Latino Fest &#8211; Torremolinos<\/a><\/li><li class='ez-toc-page-1 ez-toc-heading-level-3'><a class=\"ez-toc-link ez-toc-heading-10\" href=\"https:\/\/www.malagacar.com\/fr\/blog\/loisirs\/festivals-musique-costa-del-sol\/#Bella_Festival_%E2%80%93_Marbella\" data-wpel-link=\"internal\">Bella Festival &#8211; Marbella<\/a><\/li><li class='ez-toc-page-1 ez-toc-heading-level-3'><a class=\"ez-toc-link ez-toc-heading-11\" href=\"https:\/\/www.malagacar.com\/fr\/blog\/loisirs\/festivals-musique-costa-del-sol\/#101_Music_Festival_%E2%80%93_Malaga\" data-wpel-link=\"internal\">101 Music Festival &#8211; Malaga<\/a><\/li><li class='ez-toc-page-1 ez-toc-heading-level-3'><a class=\"ez-toc-link ez-toc-heading-12\" href=\"https:\/\/www.malagacar.com\/fr\/blog\/loisirs\/festivals-musique-costa-del-sol\/#Weekend_Beach_%E2%80%93_Torre_del_Mar\" data-wpel-link=\"internal\">Weekend Beach &#8211; Torre del Mar<\/a><\/li><li class='ez-toc-page-1 ez-toc-heading-level-3'><a class=\"ez-toc-link ez-toc-heading-13\" href=\"https:\/\/www.malagacar.com\/fr\/blog\/loisirs\/festivals-musique-costa-del-sol\/#Oh_See_%E2%80%93_Malaga\" data-wpel-link=\"internal\">Oh, See! &#8211; Malaga<\/a><\/li><li class='ez-toc-page-1 ez-toc-heading-level-3'><a class=\"ez-toc-link ez-toc-heading-14\" href=\"https:\/\/www.malagacar.com\/fr\/blog\/loisirs\/festivals-musique-costa-del-sol\/#Canela_Party_%E2%80%93_Torremolinos\" data-wpel-link=\"internal\">Canela Party &#8211; Torremolinos<\/a><\/li><li class='ez-toc-page-1 ez-toc-heading-level-3'><a class=\"ez-toc-link ez-toc-heading-15\" href=\"https:\/\/www.malagacar.com\/fr\/blog\/loisirs\/festivals-musique-costa-del-sol\/#Fulanita_Fest_%E2%80%93_Fuengirola\" data-wpel-link=\"internal\">Fulanita Fest &#8211; Fuengirola<\/a><\/li><li class='ez-toc-page-1 ez-toc-heading-level-3'><a class=\"ez-toc-link ez-toc-heading-16\" href=\"https:\/\/www.malagacar.com\/fr\/blog\/loisirs\/festivals-musique-costa-del-sol\/#Sun_Thunder_%E2%80%93_Fuengirola\" data-wpel-link=\"internal\">Sun &amp; Thunder &#8211; Fuengirola<\/a><\/li><li class='ez-toc-page-1 ez-toc-heading-level-3'><a class=\"ez-toc-link ez-toc-heading-17\" href=\"https:\/\/www.malagacar.com\/fr\/blog\/loisirs\/festivals-musique-costa-del-sol\/#Brunch_Electronic_%E2%80%93_Malaga-2\" data-wpel-link=\"internal\">Brunch Electronic &#8211; Malaga<\/a><\/li><li class='ez-toc-page-1 ez-toc-heading-level-3'><a class=\"ez-toc-link ez-toc-heading-18\" href=\"https:\/\/www.malagacar.com\/fr\/blog\/loisirs\/festivals-musique-costa-del-sol\/#Ojeando_Festival_%E2%80%93_Ojen\" data-wpel-link=\"internal\">Ojeando Festival &#8211; Oj\u00e9n<\/a><\/li><li class='ez-toc-page-1 ez-toc-heading-level-3'><a class=\"ez-toc-link ez-toc-heading-19\" href=\"https:\/\/www.malagacar.com\/fr\/blog\/loisirs\/festivals-musique-costa-del-sol\/#Defected_%E2%80%93_Marbella\" data-wpel-link=\"internal\">Defected &#8211; Marbella<\/a><\/li><li class='ez-toc-page-1 ez-toc-heading-level-3'><a class=\"ez-toc-link ez-toc-heading-20\" href=\"https:\/\/www.malagacar.com\/fr\/blog\/loisirs\/festivals-musique-costa-del-sol\/#Faithless_%E2%80%93_Marbella\" data-wpel-link=\"internal\">Faithless &#8211; Marbella<\/a><\/li><li class='ez-toc-page-1 ez-toc-heading-level-3'><a class=\"ez-toc-link ez-toc-heading-21\" href=\"https:\/\/www.malagacar.com\/fr\/blog\/loisirs\/festivals-musique-costa-del-sol\/#Satisfaxion_%E2%80%93_Fuengirola\" data-wpel-link=\"internal\">Satisfaxion \u2013 Fuengirola<\/a><\/li><li class='ez-toc-page-1 ez-toc-heading-level-3'><a class=\"ez-toc-link ez-toc-heading-22\" href=\"https:\/\/www.malagacar.com\/fr\/blog\/loisirs\/festivals-musique-costa-del-sol\/#Alameda_Festival_%E2%80%93_Alameda\" data-wpel-link=\"internal\">Alameda Festival \u2013 Alameda<\/a><\/li><li class='ez-toc-page-1 ez-toc-heading-level-3'><a class=\"ez-toc-link ez-toc-heading-23\" href=\"https:\/\/www.malagacar.com\/fr\/blog\/loisirs\/festivals-musique-costa-del-sol\/#Dreambeach_%E2%80%93_Velez-Malaga\" data-wpel-link=\"internal\">Dreambeach &#8211; V\u00e9lez-M\u00e1laga<\/a><\/li><\/ul><\/li><\/ul><\/nav><\/div>\n<h2><span class=\"ez-toc-section\" id=\"Marenostrum_Fuengirola\"><\/span>Marenostrum Fuengirola<span class=\"ez-toc-section-end\"><\/span><\/h2>\n<p><a href=\"https:\/\/www.malagacar.com\/blog\/leisure\/marenostrum-fuengirola-concerts\/\" data-wpel-link=\"internal\"><img loading=\"lazy\" decoding=\"async\" class=\"alignnone size-full wp-image-9255\" src=\"https:\/\/www.malagacar.com\/blog\/wp-content\/uploads\/2022\/04\/marenostrum-en.jpg\" alt=\"Concerts Marenostrum Fuengirola\" width=\"1024\" height=\"593\" \/><\/a><\/p>\n<p>Le Festival Marenostrum, cr\u00e9\u00e9 en 2016, s&rsquo;affirme comme <em><strong>l&rsquo;un des meilleurs festivals de la c\u00f4te<\/strong><\/em>, tant pour sa programmation d&rsquo;artistes que pour son emplacement in\u00e9gal\u00e9 \u00e0 quelques m\u00e8tres du bord de la mer, \u00e0 c\u00f4t\u00e9 de la forteresse arabe de Sohail.<\/p>\n<p>Il a \u00e9t\u00e9 choisi comme lieu unique pour la seule \u00e9tape de la tourn\u00e9e de Jennifer L\u00f3pez dans l&rsquo;UE. De plus, des personnalit\u00e9s de renom telles que Ricky Martin, Bob Dylan, Sting, Alejandro Fern\u00e1ndez, Santana ou Manuel Carrasco y ont particip\u00e9.<\/p>\n<p><strong>Artistes confirm\u00e9s 2026<\/strong> : Romeo Santos, Prince Royce, Sting, Alejandro Sanz, Underworld, Sven V\u00e4th, El \u00faltimo de la Fila, Camela, Medina Zahara, Pablo Albor\u00e1n, Raule, La Oreja de Van Gogh.<\/p>\n<p><img loading=\"lazy\" decoding=\"async\" class=\"alignnone size-large wp-image-19012\" src=\"https:\/\/www.malagacar.com\/sp\/blog\/wp-content\/uploads\/2025\/04\/marenostrum-cartel-1024x576.jpg\" alt=\"marenostrum fuengirola 2026\" width=\"750\" height=\"422\" \/><\/p>\n<ul>\n<li>Tout ce qu&rsquo;il faut savoir sur <a href=\"https:\/\/www.malagacar.com\/fr\/blog\/loisirs\/concerts-marenostrum-fuengirola\/\" data-wpel-link=\"internal\"><strong>Marenostrum Fuengirola<\/strong><\/a><\/li>\n<li>Quand : De mai \u00e0 septembre<\/li>\n<li><a href=\"https:\/\/marenostrumfuengirola.com\/\" data-wpel-link=\"external\" rel=\"external noopener noreferrer\"><strong>Programme et billets<\/strong><\/a><\/li>\n<\/ul>\n<h2><span class=\"ez-toc-section\" id=\"Starlite_Marbella\"><\/span>Starlite Marbella<span class=\"ez-toc-section-end\"><\/span><\/h2>\n<p><img loading=\"lazy\" decoding=\"async\" class=\"alignnone wp-image-10888\" src=\"https:\/\/www.malagacar.com\/sp\/blog\/wp-content\/uploads\/2022\/04\/starlight-full.jpg\" alt=\"starlite Marbella\" width=\"1201\" height=\"713\" \/><\/p>\n<p>L&rsquo;un <em><strong>des meilleurs festivals Boutique d&rsquo;Europe<\/strong><\/em>, qui se d\u00e9roule chaque ann\u00e9e \u00e0 la Carri\u00e8re de Nag\u00fceles, un amphith\u00e9\u00e2tre naturel entour\u00e9 d&rsquo;un paysage impressionnant.<\/p>\n<p>La <em>caract\u00e9ristique unique de Starlite est la<\/em><em><strong> proximit\u00e9 entre le public et les artistes<\/strong><\/em>, avec plus de 50 jours de concerts.<\/p>\n<p>Le festival dispose d&rsquo;un deuxi\u00e8me espace plus d\u00e9contract\u00e9, Sessions, o\u00f9 vous pouvez profiter des spectacles en dansant et en prenant un verre en plein air sous les \u00e9toiles.<\/p>\n<p><strong>Artistes confirm\u00e9s 2026<\/strong> : Lenny Kravitz, Maroon, Deep Purple, Carlos Rivera, Sergio Dalma.<\/p>\n<ul>\n<li>Tout ce que vous devez savoir sur <a href=\"https:\/\/www.malagacar.com\/blog\/leisure\/starlite-marbella\/\" data-wpel-link=\"internal\"><strong>Starlite Marbella<\/strong><\/a>.<\/li>\n<li>Quand : En juillet, ao\u00fbt et septembre<\/li>\n<li><a href=\"https:\/\/starlitemarbella.com\/es\/\" data-wpel-link=\"external\" rel=\"external noopener noreferrer\"><strong>Programme et billets<\/strong><\/a><\/li>\n<\/ul>\n<h2><span class=\"ez-toc-section\" id=\"Festivals_sur_la_Costa_del_Sol\"><\/span>Festivals sur la Costa del Sol<span class=\"ez-toc-section-end\"><\/span><\/h2>\n<h3><span class=\"ez-toc-section\" id=\"Elrow_%E2%80%93_Malaga\"><\/span>Elrow &#8211; Malaga<span class=\"ez-toc-section-end\"><\/span><\/h3>\n<p><img loading=\"lazy\" decoding=\"async\" class=\"alignnone size-large wp-image-19492\" src=\"https:\/\/www.malagacar.com\/sp\/blog\/wp-content\/uploads\/2026\/04\/Elrow-malaga-1024x576.jpg\" alt=\"Elrow - M\u00e1laga\" width=\"750\" height=\"422\" \/><\/p>\n<p>Le 22 ao\u00fbt, le Malaga Forum accueillera l&rsquo;une des soir\u00e9es les plus h\u00e9donistes et spectaculaires de la sc\u00e8ne musicale alternative, destin\u00e9e aux amateurs de musique \u00e9lectronique et de techno house.<\/p>\n<p>La marque Elrow est mondialement r\u00e9put\u00e9e pour ses soir\u00e9es, caract\u00e9ris\u00e9es par une atmosph\u00e8re \u00e9l\u00e9gante, une ambiance positive et des d\u00e9cors extraordinaires.<\/p>\n<ul>\n<li><a href=\"https:\/\/www.taquilla.com\/entradas\/elrow?t10tid=33870617&amp;t10eid=31155625&amp;t10event=31155625&amp;t10id=6008#tickets-list\" data-wpel-link=\"external\" rel=\"external noopener noreferrer\"><strong>Billets<\/strong><\/a><\/li>\n<li>Lieu : M\u00e1laga Forum, M\u00e1laga<\/li>\n<li>Date : 22 ao\u00fbt, \u00e0 partir de 17 h 00<\/li>\n<li><a href=\"https:\/\/maps.app.goo.gl\/Q24R6h8pxUvcJ8t78\" data-wpel-link=\"external\" rel=\"external noopener noreferrer\"><strong>Comment s&rsquo;y rendre<\/strong><\/a><\/li>\n<\/ul>\n<h3><span class=\"ez-toc-section\" id=\"Brunch_Electronic_%E2%80%93_Malaga\"><\/span>Brunch Electronic \u2013 Malaga<span class=\"ez-toc-section-end\"><\/span><\/h3>\n<p><img loading=\"lazy\" decoding=\"async\" class=\"alignnone size-large wp-image-19309\" src=\"https:\/\/www.malagacar.com\/sp\/blog\/wp-content\/uploads\/2025\/04\/brunch-electronic-1024x544.jpg\" alt=\"Brunch Electronic \u2013 M\u00e1laga\" width=\"750\" height=\"398\" \/><\/p>\n<p>Les amateurs de musique \u00e9lectronique internationale ne manqueront pas cet \u00e9v\u00e9nement incontournable. Brunch Electronic s&rsquo;installe chaque printemps et automne \u00e0 l&rsquo;Auditorium Cortijo de Torres de Malaga, en plein air.<\/p>\n<p>Sa particularit\u00e9\u00a0? Se d\u00e9rouler le samedi apr\u00e8s-midi, de 18h \u00e0 2h du matin, dans une ambiance festive et d\u00e9contract\u00e9e. Le festival est \u00e9galement r\u00e9put\u00e9 pour son atmosph\u00e8re positive, son engagement \u00e9coresponsable, son esprit communautaire et son ouverture \u00e0 tous. Si vous aimez danser sur de la techno et de la house, venez nous rejoindre\u00a0! Vous allez adorer. Des espaces de d\u00e9tente et de restauration sont \u00e9galement disponibles sur place.<\/p>\n<ul>\n<li><a href=\"https:\/\/malaga.brunchelectronik.com\/\" data-wpel-link=\"external\" rel=\"external noopener noreferrer\"><strong>Billets<\/strong><\/a><\/li>\n<li>Dates : 18 et 25 avril, 2 mai<\/li>\n<li>Lieu : Auditorium municipal Cortijo de Torres, Malaga<\/li>\n<li><a href=\"https:\/\/maps.app.goo.gl\/6cLKeUZQH9GwtxeUA\" data-wpel-link=\"external\" rel=\"external noopener noreferrer\"><strong>Comment s&rsquo;y rendre<\/strong><\/a><\/li>\n<\/ul>\n<h3><span class=\"ez-toc-section\" id=\"Urban_Paradise_%E2%80%93_Fuengirola\"><\/span>Urban Paradise \u2013 Fuengirola<span class=\"ez-toc-section-end\"><\/span><\/h3>\n<p><img loading=\"lazy\" decoding=\"async\" class=\"alignnone wp-image-19295\" src=\"https:\/\/www.malagacar.com\/sp\/blog\/wp-content\/uploads\/2026\/03\/Urbano-Paradise-576x1024.jpeg\" alt=\"Urban Paradise \u2013 Fuengirola\" width=\"500\" height=\"889\" \/><\/p>\n<p>Le magnifique Marenostrum Fuengirola, \u00e0 deux pas de la mer, accueillera ce festival de musique urbaine d&rsquo;une journ\u00e9e.<\/p>\n<p>Avec quatre artistes internationaux qui enflammeront la piste de danse, venez vivre une soir\u00e9e inoubliable au son du meilleur du reggaeton, de la trap et du hip-hop. Parmi les artistes confirm\u00e9s figurent Omar Courtz, Kris R et Yan Block, ainsi qu&rsquo;un quatri\u00e8me artiste dont le nom sera annonc\u00e9 prochainement.<\/p>\n<ul>\n<li><a href=\"https:\/\/urbanparadisefestival.com\/\" data-wpel-link=\"external\" rel=\"external noopener noreferrer\"><strong>Billets<\/strong><\/a><\/li>\n<li>Quand : 11 juillet<\/li>\n<li>O\u00f9 : Marenostrum Fuengirola<\/li>\n<li><a href=\"https:\/\/maps.app.goo.gl\/8fsByvEhb5wER73H9\" data-wpel-link=\"external\" rel=\"external noopener noreferrer\"><strong>Comment s&rsquo;y rendre<\/strong><\/a><\/li>\n<\/ul>\n<h3><span class=\"ez-toc-section\" id=\"OMA_Sound_%E2%80%93_Marbella\"><\/span>OMA Sound &#8211; Marbella<span class=\"ez-toc-section-end\"><\/span><\/h3>\n<p><img loading=\"lazy\" decoding=\"async\" class=\"alignnone size-full wp-image-19204\" src=\"https:\/\/www.malagacar.com\/sp\/blog\/wp-content\/uploads\/2026\/03\/OMA.jpg\" alt=\"OMA Sound - Marbella\" width=\"960\" height=\"315\" \/><\/p>\n<p>Le festival OMA Sound se d\u00e9roule tout au long de l&rsquo;\u00e9t\u00e9 et propose une programmation indie, \u00e9lectro, reggaeton et pop.<\/p>\n<p>Anciennement connu sous le nom d&rsquo;<em>Oasisss Marbella Fest<\/em>, il change de nom pour devenir OMA Sound pour sa quatri\u00e8me \u00e9dition cet \u00e9t\u00e9. L&rsquo;\u00e9v\u00e9nement se tient toujours \u00e0 Finca Caridad, un site en plein air de plus de 80\u00a0000 m\u00e8tres carr\u00e9s, comprenant un espace restauration, une zone de d\u00e9tente, des attractions et des espaces VIP.<\/p>\n<h4>Programme<\/h4>\n<p><img loading=\"lazy\" decoding=\"async\" class=\"alignnone wp-image-19206\" src=\"https:\/\/www.malagacar.com\/sp\/blog\/wp-content\/uploads\/2026\/03\/Reve-Marbella-818x1024.jpg\" alt=\"Reve Festival\" width=\"462\" height=\"579\" \/><\/p>\n<p>21 mai : <strong>Festival Reve<\/strong>, avec en t\u00eate d&rsquo;affiche le DJ fran\u00e7ais Hugel.<br \/>\n1er ao\u00fbt : <strong>Festival Bella<\/strong>, pour sa quatri\u00e8me \u00e9dition, avec des ic\u00f4nes de la musique indie comme Lori Meyers.<br \/>\n2 ao\u00fbt : <strong>Techno Flamenco<\/strong> par Marsal Ventura.<br \/>\n8 ao\u00fbt : <strong>Modo Perreo<\/strong>, avec du reggaeton et de l&rsquo;\u00e9lectrolatino.<br \/>\n13 ao\u00fbt : <strong>Jard\u00edn de las Delicias<\/strong>, d\u00e9di\u00e9 \u00e0 la musique indie.<br \/>\n15 ao\u00fbt : <strong>Festival Aquellos A\u00f1os Locos<\/strong>, avec les plus grands tubes des ann\u00e9es 2000.<\/p>\n<ul>\n<li><a href=\"https:\/\/bellafestival.es\/oma-sound\/\" data-wpel-link=\"external\" rel=\"external noopener noreferrer\"><strong>Billets<\/strong><\/a><\/li>\n<li>O\u00f9 : Finca La Caridad, Marbella<\/li>\n<li><a href=\"https:\/\/maps.app.goo.gl\/2BBquTzvyKUHLzqa6\" data-wpel-link=\"external\" rel=\"external noopener noreferrer\"><strong>Comment s&rsquo;y rendre<\/strong><\/a><\/li>\n<\/ul>\n<h3><span class=\"ez-toc-section\" id=\"Brisa_Festival_%E2%80%93_Malaga\"><\/span>Brisa Festival &#8211; Malaga<span class=\"ez-toc-section-end\"><\/span><\/h3>\n<p><img loading=\"lazy\" decoding=\"async\" class=\"alignnone wp-image-14545\" src=\"https:\/\/www.malagacar.com\/blog\/wp-content\/uploads\/2025\/04\/Brisa.jpg\" alt=\"brisa festival\" width=\"501\" height=\"626\" \/><\/p>\n<p>Le plus grand festival de la capitale malagu\u00e8ne revient cet \u00e9t\u00e9 au Dique de Levante, dans le port de Malaga. La zone du terminal de croisi\u00e8re se transformera une fois de plus en une grande sc\u00e8ne au bord de la mer pendant 3 jours.<\/p>\n<p>Vous pourrez appr\u00e9cier les meilleurs artistes et groupes de la sc\u00e8ne nationale sur deux sc\u00e8nes, une grande pelouse artificielle, une zone de gastro et une zone de chill-out \u00e0 seulement 2 km du centre historique de Malaga.<\/p>\n<p><iframe loading=\"lazy\" title=\"Brisa 2023\" src=\"https:\/\/www.youtube.com\/embed\/ZdeKHw0003c\" width=\"591\" height=\"332\" frameborder=\"0\" allowfullscreen=\"allowfullscreen\"><\/iframe><\/p>\n<ul>\n<li><a href=\"https:\/\/www.brisafestival.com\/\" data-wpel-link=\"external\" rel=\"external noopener noreferrer\"><strong>Billets<\/strong><\/a><\/li>\n<li>Quand :\u00a023, 24 et 25 juillet<\/li>\n<li>O\u00f9 : Dique de Levante, Port de Malaga<\/li>\n<li><a href=\"https:\/\/maps.app.goo.gl\/2LADCfCQRXBEhnhU9\" data-wpel-link=\"external\" rel=\"external noopener noreferrer\"><strong>Comment s&rsquo;y rendre<\/strong><\/a><\/li>\n<\/ul>\n<h3><span class=\"ez-toc-section\" id=\"Puro_Latino_Fest_%E2%80%93_Torremolinos\"><\/span>Puro Latino Fest &#8211; Torremolinos<span class=\"ez-toc-section-end\"><\/span><\/h3>\n<p><img loading=\"lazy\" decoding=\"async\" class=\"alignnone wp-image-18882\" src=\"https:\/\/www.malagacar.com\/sp\/blog\/wp-content\/uploads\/2025\/04\/puro-latino-fest-torremolinos-1024x312.jpg\" alt=\"Puro Latino Fest - Torremolinos\" width=\"734\" height=\"224\" \/><\/p>\n<p>Vous aimez le Reggaeton ? Alors vous ne pouvez pas manquer ce macro-festival \u00e0 Torremolinos.<\/p>\n<p>Si vous aimez la musique latine, le reggaeton, le trap et le hip-hop, vous avez rendez-vous avec les DJ nationaux et internationaux du moment et bien d&rsquo;autres encore.<\/p>\n<p><iframe loading=\"lazy\" title=\"Puro Latino Torremolinos 2023 | Official Aftermovie\" src=\"https:\/\/www.youtube.com\/embed\/OpdifJB6Ssk\" width=\"1587\" height=\"550\" frameborder=\"0\" allowfullscreen=\"allowfullscreen\"><\/iframe><\/p>\n<ul>\n<li>Quand : 17 et 18 juillet<\/li>\n<li>O\u00f9 : Parc des expositions de Torremolinos<\/li>\n<li>Plus d&rsquo;<a href=\"https:\/\/purolatino.es\/torremolinos\/\" data-wpel-link=\"external\" rel=\"external noopener noreferrer\"><strong>informations et billets<\/strong><\/a><\/li>\n<\/ul>\n<h3><span class=\"ez-toc-section\" id=\"Bella_Festival_%E2%80%93_Marbella\"><\/span>Bella Festival &#8211; Marbella<span class=\"ez-toc-section-end\"><\/span><\/h3>\n<p><img loading=\"lazy\" decoding=\"async\" class=\"alignnone wp-image-18884\" src=\"https:\/\/www.malagacar.com\/sp\/blog\/wp-content\/uploads\/2025\/04\/Bella-819x1024.jpg\" alt=\"Bella Festival - Marbella\" width=\"507\" height=\"634\" \/><\/p>\n<p>Dans le cadre de l&rsquo;Oasis Marbella Fest, une nouvelle \u00e9dition aura lieu avec la meilleure musique indie, des sessions de DJ, de l&rsquo;art, de la gastronomie et des zones de d\u00e9tente.<\/p>\n<p>La programmation comprend des artistes de renomm\u00e9e nationale ainsi que de nouveaux talents prometteurs. Le m\u00e9lange d&rsquo;indie et de pop cr\u00e9e une ambiance vibrante qui a attir\u00e9 plus de 10\u00a0000 personnes en 2025.<\/p>\n<p><img loading=\"lazy\" decoding=\"async\" class=\"alignnone size-large wp-image-15029\" src=\"https:\/\/www.malagacar.com\/sp\/blog\/wp-content\/uploads\/2023\/05\/bella-festival-2023-publico-_ESP8774-1024x683.jpg\" alt=\"bella festival marbella\" width=\"750\" height=\"500\" \/><\/p>\n<ul>\n<li>Quand : 1 ao\u00fbt<\/li>\n<li>O\u00f9 : San Pedro de Alc\u00e1ntara, Marbella<\/li>\n<li>Plus d&rsquo;<a href=\"https:\/\/bellafestival.es\/\" data-wpel-link=\"external\" rel=\"external noopener noreferrer\"><strong>informations et billets<\/strong><\/a><\/li>\n<\/ul>\n<h3><span class=\"ez-toc-section\" id=\"101_Music_Festival_%E2%80%93_Malaga\"><\/span>101 Music Festival &#8211; Malaga<span class=\"ez-toc-section-end\"><\/span><\/h3>\n<p><img loading=\"lazy\" decoding=\"async\" class=\"alignnone wp-image-18869\" src=\"https:\/\/www.malagacar.com\/sp\/blog\/wp-content\/uploads\/2025\/04\/101-music-festival-1024x540.jpg\" alt=\"101 Music Festival - M\u00e1laga\" width=\"737\" height=\"389\" \/><\/p>\n<p>La 6. \u00e9dition du festival de musique 101 de Malaga pr\u00e9sentera une s\u00e9lection de grands artistes de la sc\u00e8ne nationale de diff\u00e9rents genres pour tous les publics. Le festival se d\u00e9roule sur la Plaza de Toros de la Malagueta.<\/p>\n<ul>\n<li>Quand : Juin et juillet<\/li>\n<li>O\u00f9 : Malaga<\/li>\n<li>Plus d&rsquo;<a href=\"https:\/\/101musicfestival.es\/\" data-wpel-link=\"external\" rel=\"external noopener noreferrer\"><strong>informations et billets<\/strong><\/a><\/li>\n<\/ul>\n<h3><span class=\"ez-toc-section\" id=\"Weekend_Beach_%E2%80%93_Torre_del_Mar\"><\/span>Weekend Beach &#8211; Torre del Mar<span class=\"ez-toc-section-end\"><\/span><\/h3>\n<p><img loading=\"lazy\" decoding=\"async\" class=\"alignnone wp-image-18886\" src=\"https:\/\/www.malagacar.com\/sp\/blog\/wp-content\/uploads\/2025\/04\/Weekend-Beach.jpg\" alt=\"weekend beach\" width=\"508\" height=\"505\" \/><\/p>\n<p>Weekend Beach, le festival de musique national de r\u00e9f\u00e9rence, sera de retour \u00e0 Torre del Mar les 9, 10 et 11 juillet.<\/p>\n<p>Ce festival populaire en bord de mer c\u00e9l\u00e8bre \u00e9galement cette ann\u00e9e son 12e anniversaire.<\/p>\n<p><iframe loading=\"lazy\" title=\"AFTERMOVIE OFICIAL | WEEKEND BEACH FESTIVAL 2025\" src=\"https:\/\/www.youtube.com\/embed\/w4zogq0NOZ4\" width=\"696\" height=\"391\" frameborder=\"0\" allowfullscreen=\"allowfullscreen\"><\/iframe><\/p>\n<ul>\n<li>Quand : 9, 10 et 11 juillet<\/li>\n<li>O\u00f9 : Torre del Mar<\/li>\n<li>Plus d&rsquo;<a href=\"https:\/\/www.weekendbeach.es\/\" data-wpel-link=\"external\" rel=\"external noopener noreferrer\"><strong>informations et billets<\/strong><\/a><\/li>\n<\/ul>\n<h3><span class=\"ez-toc-section\" id=\"Oh_See_%E2%80%93_Malaga\"><\/span>Oh, See! &#8211; Malaga<span class=\"ez-toc-section-end\"><\/span><\/h3>\n<p><img loading=\"lazy\" decoding=\"async\" class=\"alignnone wp-image-18888\" src=\"https:\/\/www.malagacar.com\/sp\/blog\/wp-content\/uploads\/2025\/04\/oh-see.jpg\" alt=\"Oh, See! - M\u00e1laga\" width=\"504\" height=\"896\" \/><\/p>\n<p>Le festival Oh, See! revient \u00e0 Malaga les 22 et 23 mai avec 20 heures de musique. Il se d\u00e9roulera pendant la journ\u00e9e \u00e0 l&rsquo;auditorium municipal de Cortijo de Torres, d&rsquo;une capacit\u00e9 r\u00e9duite \u00e0 7 000 personnes.<\/p>\n<p><a href=\"https:\/\/www.malagacar.com\/sp\/blog\/wp-content\/uploads\/2020\/03\/Sidonie-actuacion-Oh-See-Malaga.jpg\" data-wpel-link=\"internal\"><img loading=\"lazy\" decoding=\"async\" class=\"alignnone wp-image-9890\" src=\"https:\/\/www.malagacar.com\/sp\/blog\/wp-content\/uploads\/2020\/03\/Sidonie-actuacion-Oh-See-Malaga.jpg\" alt=\"concierto en directo\" width=\"623\" height=\"350\" \/><\/a><\/p>\n<p>Il convient de souligner le format unique du festival, avec un programme enti\u00e8rement diurne, des spectacles qui ne se chevauchent pas et des activit\u00e9s parall\u00e8les pour tous les publics :<\/p>\n<p>Dans le cadre du festival Oh, Kids !, des ateliers seront organis\u00e9s pour permettre aux enfants de devenir des reporters, des illustrateurs ou des danseurs experts et de rencontrer certains artistes en personne. Il y aura \u00e9galement une Gastro Zone avec des food trucks et le Club Oh, See ! Club, qui accueillera les meilleurs DJ nationaux.<\/p>\n<ul>\n<li>Quand : 22 et 23 mai<\/li>\n<li>O\u00f9 : Cortijo de Torres, Malaga<\/li>\n<li>Plus d&rsquo;<a href=\"https:\/\/ohseemalaga.com\/\" data-wpel-link=\"external\" rel=\"external noopener noreferrer\"><strong>informations et billets<\/strong><\/a><\/li>\n<\/ul>\n<h3><span class=\"ez-toc-section\" id=\"Canela_Party_%E2%80%93_Torremolinos\"><\/span>Canela Party &#8211; Torremolinos<span class=\"ez-toc-section-end\"><\/span><\/h3>\n<p><img loading=\"lazy\" decoding=\"async\" class=\"alignnone wp-image-18889\" src=\"https:\/\/www.malagacar.com\/sp\/blog\/wp-content\/uploads\/2025\/04\/Canela-Party.jpg\" alt=\"Canela Party - Torremolinos\" width=\"501\" height=\"624\" \/><\/p>\n<p>Vous aurez tout le temps de danser lors de ce festival d&rsquo;\u00e9t\u00e9 de trois jours.<\/p>\n<p>Toujours \u00e0 Torremolinos, ce festival populaire propose une programmation impressionnante.<\/p>\n<p>Ce qui n&rsquo;\u00e9tait au d\u00e9part qu&rsquo;un petit festival organis\u00e9 entre amis est devenu l&rsquo;un des meilleurs festivals alternatifs \u2013 du flamenco avant-gardiste au punk, en passant par l&rsquo;indie et le rock \u2013 et a attir\u00e9 pr\u00e8s de 19\u00a0000 personnes en 2025.<\/p>\n<ul>\n<li>Quand : 27, 28 et 29 ao\u00fbt<\/li>\n<li>O\u00f9 : Champs de foire de Torremolinos<\/li>\n<li>Plus d&rsquo;<a href=\"https:\/\/canelaparty.com\/\" data-wpel-link=\"external\" rel=\"external noopener noreferrer\"><strong>informations et billets<\/strong><\/a><\/li>\n<\/ul>\n<h3><span class=\"ez-toc-section\" id=\"Fulanita_Fest_%E2%80%93_Fuengirola\"><\/span>Fulanita Fest &#8211; Fuengirola<span class=\"ez-toc-section-end\"><\/span><\/h3>\n<p><img loading=\"lazy\" decoding=\"async\" class=\"alignnone wp-image-18873\" src=\"https:\/\/www.malagacar.com\/sp\/blog\/wp-content\/uploads\/2025\/04\/fulanita-fest.jpg\" alt=\"Fulanita Fest - Fuengirola\" width=\"507\" height=\"638\" \/><\/p>\n<p>Fuengirola accueille pour la sixi\u00e8me ann\u00e9e cons\u00e9cutive ce festival de musique f\u00e9minine, un \u00e9v\u00e9nement qui c\u00e9l\u00e8bre la puissance de la musique cr\u00e9\u00e9e par des femmes et qui a attir\u00e9 plus de 8\u00a0500 personnes l&rsquo;an dernier.<\/p>\n<p>Avec en t\u00eate d&rsquo;affiche Chanel, Ana Mena et Sof\u00eda Reyes, le festival conserve son esprit indie, pop et urbain tout en mettant l&rsquo;accent sur une programmation 100\u00a0% f\u00e9minine et LGBTIQ+. Un espace restauration (avec des options v\u00e9g\u00e9taliennes et sans gluten) est \u00e9galement propos\u00e9 dans l&rsquo;un des plus beaux espaces en plein air du bord de mer, le Marenostrum Fuengirola.<\/p>\n<ul>\n<li>Quand : 30 mai<\/li>\n<li>O\u00f9 : Marenostrum, Fuengirola<\/li>\n<li>Plus d&rsquo;<a href=\"https:\/\/fulanitafest.com\/\" data-wpel-link=\"external\" rel=\"external noopener noreferrer\"><strong>informations et tickets<\/strong><\/a><\/li>\n<\/ul>\n<h3><span class=\"ez-toc-section\" id=\"Sun_Thunder_%E2%80%93_Fuengirola\"><\/span>Sun &amp; Thunder &#8211; Fuengirola<span class=\"ez-toc-section-end\"><\/span><\/h3>\n<p><img loading=\"lazy\" decoding=\"async\" class=\"alignnone wp-image-18891\" src=\"https:\/\/www.malagacar.com\/sp\/blog\/wp-content\/uploads\/2025\/04\/sun-thunder-819x1024.jpeg\" alt=\"Sun &amp; Thunder - Fuengirola\" width=\"497\" height=\"622\" \/><\/p>\n<p>Pr\u00e9parez-vous \u00e0 3 jours de Heavy Metal sur la plage au Marenostrum, une salle en plein air. Avec plus de 40 des meilleurs groupes de m\u00e9tal nationaux et internationaux du moment.<\/p>\n<ul>\n<li>Quand : 27, 28 et 29 ao\u00fbt<\/li>\n<li>O\u00f9 : Marenostrum Fuengirola<\/li>\n<li>Plus d&rsquo;<a href=\"https:\/\/marenostrumfuengirola.com\/eventos\/sun-thunder-26\/\" data-wpel-link=\"external\" rel=\"external noopener noreferrer\"><strong>informations et billets<\/strong><\/a><\/li>\n<\/ul>\n<h3><span class=\"ez-toc-section\" id=\"Brunch_Electronic_%E2%80%93_Malaga-2\"><\/span>Brunch Electronic &#8211; Malaga<span class=\"ez-toc-section-end\"><\/span><\/h3>\n<p><img loading=\"lazy\" decoding=\"async\" class=\"alignnone size-large wp-image-19013\" src=\"https:\/\/www.malagacar.com\/sp\/blog\/wp-content\/uploads\/2025\/04\/Brunch-electronic-malaga-1024x373.jpg\" alt=\"Brunch Electronic - M\u00e1laga\" width=\"750\" height=\"273\" \/><\/p>\n<p>Brunch Electronic, sans doute le plus grand festival de musique \u00e9lectronique de Malaga, accueillera plus de 40 artistes diff\u00e9rents au printemps et \u00e0 l&rsquo;automne 2026.<\/p>\n<p>Les \u00e9v\u00e9nements printaniers se d\u00e9rouleront les samedis \u00e0 l&rsquo;Auditorium Municipal Cortijo de Torres pendant cinq samedis cons\u00e9cutifs (4, 11, 18 et 25 avril, et 2 mai). L&rsquo;ouverture de la saison, le 4 avril, mettra en vedette Paco Osuna, Franky Rizardo, Manda Moor et Martimoon. Au programme\u00a0: huit heures de musique, ainsi que des bars et des food trucks.<\/p>\n<ul>\n<li>Prochaines \u00e9ditions : Les 4, 11, 18 et 25 avril et le 2 mai, de 18h \u00e0 2h du matin.<\/li>\n<li>O\u00f9 : Cortijo de Torres, Malaga<\/li>\n<li>Plus d&rsquo;<a href=\"https:\/\/malaga.brunchelectronik.com\/\" data-wpel-link=\"external\" rel=\"external noopener noreferrer\"><strong>informations et billets<\/strong><\/a><\/li>\n<\/ul>\n<h3><span class=\"ez-toc-section\" id=\"Ojeando_Festival_%E2%80%93_Ojen\"><\/span>Ojeando Festival &#8211; Oj\u00e9n<span class=\"ez-toc-section-end\"><\/span><\/h3>\n<p><img loading=\"lazy\" decoding=\"async\" class=\"alignnone wp-image-19014\" src=\"https:\/\/www.malagacar.com\/sp\/blog\/wp-content\/uploads\/2025\/04\/ojeando-819x1024.jpg\" alt=\"Ojeando Festival\" width=\"599\" height=\"749\" \/><\/p>\n<p>Nouvelle \u00e9dition de l&rsquo;un des festivals de musique indie les plus embl\u00e9matiques d&rsquo;Andalousie, qui se tient chaque ann\u00e9e dans le village d&rsquo;Oj\u00e9n, \u00e0 quelques kilom\u00e8tres de Marbella.<\/p>\n<p>Le festival Ojeando rassemble en deux jours plus de 30 spectacles. L&rsquo;ann\u00e9e derni\u00e8re, cinq sc\u00e8nes \u00e9taient r\u00e9parties dans des lieux embl\u00e9matiques d&rsquo;Oj\u00e9n, un village andalou typique aux murs blanchis \u00e0 la chaux et aux rues \u00e9troites.<\/p>\n<ul>\n<li>Quand : 26 et 27 juin<\/li>\n<li>O\u00f9 : Oj\u00e9n<\/li>\n<li>Plus d&rsquo;<a href=\"https:\/\/ojeandofestival.com\/\" data-wpel-link=\"external\" rel=\"external noopener noreferrer\"><strong>informations et billets<\/strong><\/a><\/li>\n<\/ul>\n<h3><span class=\"ez-toc-section\" id=\"Defected_%E2%80%93_Marbella\"><\/span>Defected &#8211; Marbella<span class=\"ez-toc-section-end\"><\/span><\/h3>\n<p><img loading=\"lazy\" decoding=\"async\" class=\"alignnone size-full wp-image-19009\" src=\"https:\/\/www.malagacar.com\/sp\/blog\/wp-content\/uploads\/2025\/04\/defected-marbella.jpeg\" alt=\"Defected - Marbella\" width=\"420\" height=\"420\" \/><\/p>\n<p>Defected, le c\u00e9l\u00e8bre label de musique house, apporte une nouvelle \u00e9dition \u00e0 Marbella Arena, la salle situ\u00e9e dans les anciennes ar\u00e8nes de Puerto Banus.<\/p>\n<p><img loading=\"lazy\" decoding=\"async\" class=\"alignnone size-full wp-image-17180\" src=\"https:\/\/www.malagacar.com\/sp\/blog\/wp-content\/uploads\/2024\/12\/Defected2.jpg\" alt=\"Defected - Marbella\" width=\"1000\" height=\"667\" \/><\/p>\n<p>L&#8217;embl\u00e9matique Marbella Arena (d&rsquo;une capacit\u00e9 de 1 900 personnes) proposera une soir\u00e9e de musique house avec de grands noms tels que DJ EZ, Eliza Rose et Mel\u00e9, confirmant ainsi l&rsquo;\u00e9v\u00e9nement comme un incontournable de l&rsquo;\u00e9t\u00e9 sur la Costa del Sol.<\/p>\n<ul>\n<li>Quand : 26 juin<\/li>\n<li>O\u00f9 : Marbella Arena, Marbella<\/li>\n<li>Plus d&rsquo;<a href=\"https:\/\/defected.com\/events\" data-wpel-link=\"external\" rel=\"external noopener noreferrer\"><strong>informations et billets<\/strong><\/a><\/li>\n<\/ul>\n<h3><span class=\"ez-toc-section\" id=\"Faithless_%E2%80%93_Marbella\"><\/span>Faithless &#8211; Marbella<span class=\"ez-toc-section-end\"><\/span><\/h3>\n<p><img loading=\"lazy\" decoding=\"async\" class=\"alignnone wp-image-18878\" src=\"https:\/\/www.malagacar.com\/sp\/blog\/wp-content\/uploads\/2025\/04\/faithless-1024x1024.jpg\" alt=\"Faithless - Marbella\" width=\"608\" height=\"608\" \/><\/p>\n<p>L&rsquo;Arena de Marbella accueillera des l\u00e9gendes de l&rsquo;EDM avec des titres qui ont marqu\u00e9 leur \u00e9poque, le jeudi 9 juillet.<\/p>\n<ul>\n<li>Quand : 9 juillet<\/li>\n<li>O\u00f9 : Marbella Arena, Marbella<\/li>\n<li><a href=\"https:\/\/www.ticketmaster.es\/event\/faithless-entradas\/1555783165\" data-wpel-link=\"external\" rel=\"external noopener noreferrer\"><strong>Billets<\/strong><\/a><\/li>\n<\/ul>\n<h3><span class=\"ez-toc-section\" id=\"Satisfaxion_%E2%80%93_Fuengirola\"><\/span>Satisfaxion \u2013 Fuengirola<span class=\"ez-toc-section-end\"><\/span><\/h3>\n<p><img loading=\"lazy\" decoding=\"async\" class=\"alignnone wp-image-18875\" src=\"https:\/\/www.malagacar.com\/sp\/blog\/wp-content\/uploads\/2025\/04\/satisfaxion-819x1024.jpg\" alt=\"Satisfaxion \u2013 Fuengirola\" width=\"503\" height=\"629\" \/><\/p>\n<p>Les amateurs de musique \u00e9lectronique ne manqueront pas un \u00e9v\u00e9nement \u00e0 Fuengirola le 8 ao\u00fbt, avec Underworld et Sven V\u00e4th en t\u00eates d&rsquo;affiche. Pr\u00e9parez-vous \u00e0 danser sur des rythmes techno sur l&rsquo;une des meilleures sc\u00e8nes de la Costa del Sol, \u00e0 deux pas de la mer.<\/p>\n<ul>\n<li>Quand : 8 ao\u00fbt<\/li>\n<li>O\u00f9 : Marenostrum Fuengirola<\/li>\n<li>Plus d&rsquo;<a href=\"https:\/\/marenostrumfuengirola.com\/eventos\/underworld-live-satisfaxion-303\/\" data-wpel-link=\"external\" rel=\"external noopener noreferrer\"><strong>informations et billets<\/strong><\/a><\/li>\n<\/ul>\n<h3><span class=\"ez-toc-section\" id=\"Alameda_Festival_%E2%80%93_Alameda\"><\/span>Alameda Festival \u2013 Alameda<span class=\"ez-toc-section-end\"><\/span><\/h3>\n<p><img loading=\"lazy\" decoding=\"async\" class=\"alignnone wp-image-18867\" src=\"https:\/\/www.malagacar.com\/sp\/blog\/wp-content\/uploads\/2025\/04\/alameda-fest.jpg\" alt=\"Alameda Festival \u2013 Alameda\" width=\"507\" height=\"573\" \/><\/p>\n<p>Le festival Alameda tire son nom de la ville d&rsquo;Alameda, situ\u00e9e au nord de la province de Malaga.<\/p>\n<p>Ce festival, qui f\u00eatera son cinqui\u00e8me anniversaire en 2026, r\u00e9unit quelques-uns des artistes les plus embl\u00e9matiques de la sc\u00e8ne musicale italienne, tels que Miguel Campello, Mojinos Escoz\u00edos, Benito Kamelas, Las Rodes, Poncho K et La Gore, ainsi que d&rsquo;autres artistes dont la programmation sera annonc\u00e9e prochainement.<\/p>\n<ul>\n<li>Dates : 5 et 6 juin<\/li>\n<li>O\u00f9 : Alameda<\/li>\n<li>Plus d&rsquo;<a href=\"https:\/\/alamedafestival.com\/\" data-wpel-link=\"external\" rel=\"external noopener noreferrer\"><strong>informations et billets<\/strong><\/a><\/li>\n<\/ul>\n<h3><span class=\"ez-toc-section\" id=\"Dreambeach_%E2%80%93_Velez-Malaga\"><\/span>Dreambeach &#8211; V\u00e9lez-M\u00e1laga<span class=\"ez-toc-section-end\"><\/span><\/h3>\n<p><img loading=\"lazy\" decoding=\"async\" class=\"alignnone wp-image-18865\" src=\"https:\/\/www.malagacar.com\/sp\/blog\/wp-content\/uploads\/2025\/04\/dreambeach-1024x685.jpg\" alt=\"Dreambeach - V\u00e9lez-M\u00e1laga\" width=\"623\" height=\"417\" \/><\/p>\n<p>Ce festival de musique \u00e9lectronique s&rsquo;installe cette ann\u00e9e sur la Costa del Sol pour c\u00e9l\u00e9brer sa 12e \u00e9dition les 31 juillet et 1er ao\u00fbt. Il se d\u00e9roulera au parc des expositions de V\u00e9lez-M\u00e1laga et proposera quatre sc\u00e8nes.<\/p>\n<p>Dreambeach Costa del Sol confirme la pr\u00e9sence de David Guetta pour sa premi\u00e8re \u00e0 V\u00e9lez-M\u00e1laga, qui pr\u00e9sentera le spectacle exclusif \u00ab Monolith Show \u00bb de l&rsquo;artiste fran\u00e7ais.<\/p>\n<p>L&rsquo;\u00e9dition 2025 avait attir\u00e9 plus de 90\u00a0000 festivaliers et accueilli des artistes de renom tels que Will Smith, Nathy Peluso, Steve Angello, Steve Aoki, Am\u00e9lie Lens et Indira Paganotto, parmi tant d&rsquo;autres.<\/p>\n<ul>\n<li>Dates : 31 juillet et 1er ao\u00fbt<\/li>\n<li>Lieu : Parc des expositions de V\u00e9lez-M\u00e1laga<\/li>\n<li>Plus d&rsquo;<a href=\"https:\/\/www.dreambeach.es\/\" data-wpel-link=\"external\" rel=\"external noopener noreferrer\"><strong>informations et billets<\/strong><\/a><\/li>\n<\/ul>\n\t\t\t\t\n\t\t\t\t<div id=\"search-form2\" class=\"big-quote index-mobile\">\n\t\t\t\t<form id=\"frmSearch\" name=\"frmSearch\" action=\"\/fr\/location-de-voitures\/quote.php\" method=\"post\" name=\"quote\" class=\"container-fluid\">\n\t\t\t\t\t\t\t\t\t<div class=\"row\">\n\t\t\t\t\t\t<div class=\"col-sm-6\">\n\n\t\t\t\t\t\t\t<div class=\"form-group\">\n\t\t\t\t\t\t\t\t<label for=\"entrega\"><h4>Collecte<\/h4><\/label>\n\t\t\t\t\t\t\t\t<select name=\"entrega\" id=\"entrega\" class=\"custom-select\">\n\t\t\t\t\t\t\t\t\t<option value=\"airport\"  selected>Malaga A\u00e9roport<\/option>\n\t\t\t\t\t\t\t\t\t\t\t\t\t\t\t\t<\/select>\n\t\t\t\t\t\t\t\t<div class=\"form-inline my-2\">\n\t\t\t\t\t\t\t\t\t<input id=\"pDate\" class=\"form-control\" value=\"07\/09\/2026\" name=\"pDate\" readonly onchange=\"return uppdate()\">\n\t\t\t\t\t\t\t\t\t<select class=\"custom-select\" id=\"phorasminutos\" name=\"phorasminutos\" oninvalid=\"setCustomValidity('Faites-nous conna\u00eetre votre heure d\u00b4arriv\u00e9e')\" onchange=\"setCustomValidity('');\">\n\t\t\t\t\t\t\t\t\t\t<option value=\"-\" selected>--:--<\/option>\n\t\t\t\t\t\t\t\t\t\t\t\t\t\t\t\t\t\t\t\t<option value=\"00:00\">\n\t\t\t\t\t\t\t\t\t\t\t00:00<\/option>\n\t\t\t\t\t\t\t\t\t\t<option value=\"00:15\">\n\t\t\t\t\t\t\t\t\t\t\t00:15<\/option>\n\t\t\t\t\t\t\t\t\t\t<option value=\"00:30\">\n\t\t\t\t\t\t\t\t\t\t\t00:30<\/option>\n\t\t\t\t\t\t\t\t\t\t<option value=\"00:45\">\n\t\t\t\t\t\t\t\t\t\t\t00:45<\/option>\n\t\t\t\t\t\t\t\t\t\t\t\t\t\t\t\t\t\t\t\t<option value=\"01:00\">\n\t\t\t\t\t\t\t\t\t\t\t01:00<\/option>\n\t\t\t\t\t\t\t\t\t\t<option value=\"01:15\">\n\t\t\t\t\t\t\t\t\t\t\t01:15<\/option>\n\t\t\t\t\t\t\t\t\t\t<option value=\"01:30\">\n\t\t\t\t\t\t\t\t\t\t\t01:30<\/option>\n\t\t\t\t\t\t\t\t\t\t<option value=\"01:45\">\n\t\t\t\t\t\t\t\t\t\t\t01:45<\/option>\n\t\t\t\t\t\t\t\t\t\t\t\t\t\t\t\t\t\t\t\t<option value=\"02:00\">\n\t\t\t\t\t\t\t\t\t\t\t02:00<\/option>\n\t\t\t\t\t\t\t\t\t\t<option value=\"02:15\">\n\t\t\t\t\t\t\t\t\t\t\t02:15<\/option>\n\t\t\t\t\t\t\t\t\t\t<option value=\"02:30\">\n\t\t\t\t\t\t\t\t\t\t\t02:30<\/option>\n\t\t\t\t\t\t\t\t\t\t<option value=\"02:45\">\n\t\t\t\t\t\t\t\t\t\t\t02:45<\/option>\n\t\t\t\t\t\t\t\t\t\t\t\t\t\t\t\t\t\t\t\t<option value=\"03:00\">\n\t\t\t\t\t\t\t\t\t\t\t03:00<\/option>\n\t\t\t\t\t\t\t\t\t\t<option value=\"03:15\">\n\t\t\t\t\t\t\t\t\t\t\t03:15<\/option>\n\t\t\t\t\t\t\t\t\t\t<option value=\"03:30\">\n\t\t\t\t\t\t\t\t\t\t\t03:30<\/option>\n\t\t\t\t\t\t\t\t\t\t<option value=\"03:45\">\n\t\t\t\t\t\t\t\t\t\t\t03:45<\/option>\n\t\t\t\t\t\t\t\t\t\t\t\t\t\t\t\t\t\t\t\t<option value=\"04:00\">\n\t\t\t\t\t\t\t\t\t\t\t04:00<\/option>\n\t\t\t\t\t\t\t\t\t\t<option value=\"04:15\">\n\t\t\t\t\t\t\t\t\t\t\t04:15<\/option>\n\t\t\t\t\t\t\t\t\t\t<option value=\"04:30\">\n\t\t\t\t\t\t\t\t\t\t\t04:30<\/option>\n\t\t\t\t\t\t\t\t\t\t<option value=\"04:45\">\n\t\t\t\t\t\t\t\t\t\t\t04:45<\/option>\n\t\t\t\t\t\t\t\t\t\t\t\t\t\t\t\t\t\t\t\t<option value=\"05:00\">\n\t\t\t\t\t\t\t\t\t\t\t05:00<\/option>\n\t\t\t\t\t\t\t\t\t\t<option value=\"05:15\">\n\t\t\t\t\t\t\t\t\t\t\t05:15<\/option>\n\t\t\t\t\t\t\t\t\t\t<option value=\"05:30\">\n\t\t\t\t\t\t\t\t\t\t\t05:30<\/option>\n\t\t\t\t\t\t\t\t\t\t<option value=\"05:45\">\n\t\t\t\t\t\t\t\t\t\t\t05:45<\/option>\n\t\t\t\t\t\t\t\t\t\t\t\t\t\t\t\t\t\t\t\t<option value=\"06:00\">\n\t\t\t\t\t\t\t\t\t\t\t06:00<\/option>\n\t\t\t\t\t\t\t\t\t\t<option value=\"06:15\">\n\t\t\t\t\t\t\t\t\t\t\t06:15<\/option>\n\t\t\t\t\t\t\t\t\t\t<option value=\"06:30\">\n\t\t\t\t\t\t\t\t\t\t\t06:30<\/option>\n\t\t\t\t\t\t\t\t\t\t<option value=\"06:45\">\n\t\t\t\t\t\t\t\t\t\t\t06:45<\/option>\n\t\t\t\t\t\t\t\t\t\t\t\t\t\t\t\t\t\t\t\t<option value=\"07:00\">\n\t\t\t\t\t\t\t\t\t\t\t07:00<\/option>\n\t\t\t\t\t\t\t\t\t\t<option value=\"07:15\">\n\t\t\t\t\t\t\t\t\t\t\t07:15<\/option>\n\t\t\t\t\t\t\t\t\t\t<option value=\"07:30\">\n\t\t\t\t\t\t\t\t\t\t\t07:30<\/option>\n\t\t\t\t\t\t\t\t\t\t<option value=\"07:45\">\n\t\t\t\t\t\t\t\t\t\t\t07:45<\/option>\n\t\t\t\t\t\t\t\t\t\t\t\t\t\t\t\t\t\t\t\t<option value=\"08:00\">\n\t\t\t\t\t\t\t\t\t\t\t08:00<\/option>\n\t\t\t\t\t\t\t\t\t\t<option value=\"08:15\">\n\t\t\t\t\t\t\t\t\t\t\t08:15<\/option>\n\t\t\t\t\t\t\t\t\t\t<option value=\"08:30\">\n\t\t\t\t\t\t\t\t\t\t\t08:30<\/option>\n\t\t\t\t\t\t\t\t\t\t<option value=\"08:45\">\n\t\t\t\t\t\t\t\t\t\t\t08:45<\/option>\n\t\t\t\t\t\t\t\t\t\t\t\t\t\t\t\t\t\t\t\t<option value=\"09:00\">\n\t\t\t\t\t\t\t\t\t\t\t09:00<\/option>\n\t\t\t\t\t\t\t\t\t\t<option value=\"09:15\">\n\t\t\t\t\t\t\t\t\t\t\t09:15<\/option>\n\t\t\t\t\t\t\t\t\t\t<option value=\"09:30\">\n\t\t\t\t\t\t\t\t\t\t\t09:30<\/option>\n\t\t\t\t\t\t\t\t\t\t<option value=\"09:45\">\n\t\t\t\t\t\t\t\t\t\t\t09:45<\/option>\n\t\t\t\t\t\t\t\t\t\t\t\t\t\t\t\t\t\t\t\t<option value=\"10:00\">\n\t\t\t\t\t\t\t\t\t\t\t10:00<\/option>\n\t\t\t\t\t\t\t\t\t\t<option value=\"10:15\">\n\t\t\t\t\t\t\t\t\t\t\t10:15<\/option>\n\t\t\t\t\t\t\t\t\t\t<option value=\"10:30\">\n\t\t\t\t\t\t\t\t\t\t\t10:30<\/option>\n\t\t\t\t\t\t\t\t\t\t<option value=\"10:45\">\n\t\t\t\t\t\t\t\t\t\t\t10:45<\/option>\n\t\t\t\t\t\t\t\t\t\t\t\t\t\t\t\t\t\t\t\t<option value=\"11:00\">\n\t\t\t\t\t\t\t\t\t\t\t11:00<\/option>\n\t\t\t\t\t\t\t\t\t\t<option value=\"11:15\">\n\t\t\t\t\t\t\t\t\t\t\t11:15<\/option>\n\t\t\t\t\t\t\t\t\t\t<option value=\"11:30\">\n\t\t\t\t\t\t\t\t\t\t\t11:30<\/option>\n\t\t\t\t\t\t\t\t\t\t<option value=\"11:45\">\n\t\t\t\t\t\t\t\t\t\t\t11:45<\/option>\n\t\t\t\t\t\t\t\t\t\t\t\t\t\t\t\t\t\t\t\t<option value=\"12:00\">\n\t\t\t\t\t\t\t\t\t\t\t12:00<\/option>\n\t\t\t\t\t\t\t\t\t\t<option value=\"12:15\">\n\t\t\t\t\t\t\t\t\t\t\t12:15<\/option>\n\t\t\t\t\t\t\t\t\t\t<option value=\"12:30\">\n\t\t\t\t\t\t\t\t\t\t\t12:30<\/option>\n\t\t\t\t\t\t\t\t\t\t<option value=\"12:45\">\n\t\t\t\t\t\t\t\t\t\t\t12:45<\/option>\n\t\t\t\t\t\t\t\t\t\t\t\t\t\t\t\t\t\t\t\t<option value=\"13:00\">\n\t\t\t\t\t\t\t\t\t\t\t13:00<\/option>\n\t\t\t\t\t\t\t\t\t\t<option value=\"13:15\">\n\t\t\t\t\t\t\t\t\t\t\t13:15<\/option>\n\t\t\t\t\t\t\t\t\t\t<option value=\"13:30\">\n\t\t\t\t\t\t\t\t\t\t\t13:30<\/option>\n\t\t\t\t\t\t\t\t\t\t<option value=\"13:45\">\n\t\t\t\t\t\t\t\t\t\t\t13:45<\/option>\n\t\t\t\t\t\t\t\t\t\t\t\t\t\t\t\t\t\t\t\t<option value=\"14:00\">\n\t\t\t\t\t\t\t\t\t\t\t14:00<\/option>\n\t\t\t\t\t\t\t\t\t\t<option value=\"14:15\">\n\t\t\t\t\t\t\t\t\t\t\t14:15<\/option>\n\t\t\t\t\t\t\t\t\t\t<option value=\"14:30\">\n\t\t\t\t\t\t\t\t\t\t\t14:30<\/option>\n\t\t\t\t\t\t\t\t\t\t<option value=\"14:45\">\n\t\t\t\t\t\t\t\t\t\t\t14:45<\/option>\n\t\t\t\t\t\t\t\t\t\t\t\t\t\t\t\t\t\t\t\t<option value=\"15:00\">\n\t\t\t\t\t\t\t\t\t\t\t15:00<\/option>\n\t\t\t\t\t\t\t\t\t\t<option value=\"15:15\">\n\t\t\t\t\t\t\t\t\t\t\t15:15<\/option>\n\t\t\t\t\t\t\t\t\t\t<option value=\"15:30\">\n\t\t\t\t\t\t\t\t\t\t\t15:30<\/option>\n\t\t\t\t\t\t\t\t\t\t<option value=\"15:45\">\n\t\t\t\t\t\t\t\t\t\t\t15:45<\/option>\n\t\t\t\t\t\t\t\t\t\t\t\t\t\t\t\t\t\t\t\t<option value=\"16:00\">\n\t\t\t\t\t\t\t\t\t\t\t16:00<\/option>\n\t\t\t\t\t\t\t\t\t\t<option value=\"16:15\">\n\t\t\t\t\t\t\t\t\t\t\t16:15<\/option>\n\t\t\t\t\t\t\t\t\t\t<option value=\"16:30\">\n\t\t\t\t\t\t\t\t\t\t\t16:30<\/option>\n\t\t\t\t\t\t\t\t\t\t<option value=\"16:45\">\n\t\t\t\t\t\t\t\t\t\t\t16:45<\/option>\n\t\t\t\t\t\t\t\t\t\t\t\t\t\t\t\t\t\t\t\t<option value=\"17:00\">\n\t\t\t\t\t\t\t\t\t\t\t17:00<\/option>\n\t\t\t\t\t\t\t\t\t\t<option value=\"17:15\">\n\t\t\t\t\t\t\t\t\t\t\t17:15<\/option>\n\t\t\t\t\t\t\t\t\t\t<option value=\"17:30\">\n\t\t\t\t\t\t\t\t\t\t\t17:30<\/option>\n\t\t\t\t\t\t\t\t\t\t<option value=\"17:45\">\n\t\t\t\t\t\t\t\t\t\t\t17:45<\/option>\n\t\t\t\t\t\t\t\t\t\t\t\t\t\t\t\t\t\t\t\t<option value=\"18:00\">\n\t\t\t\t\t\t\t\t\t\t\t18:00<\/option>\n\t\t\t\t\t\t\t\t\t\t<option value=\"18:15\">\n\t\t\t\t\t\t\t\t\t\t\t18:15<\/option>\n\t\t\t\t\t\t\t\t\t\t<option value=\"18:30\">\n\t\t\t\t\t\t\t\t\t\t\t18:30<\/option>\n\t\t\t\t\t\t\t\t\t\t<option value=\"18:45\">\n\t\t\t\t\t\t\t\t\t\t\t18:45<\/option>\n\t\t\t\t\t\t\t\t\t\t\t\t\t\t\t\t\t\t\t\t<option value=\"19:00\">\n\t\t\t\t\t\t\t\t\t\t\t19:00<\/option>\n\t\t\t\t\t\t\t\t\t\t<option value=\"19:15\">\n\t\t\t\t\t\t\t\t\t\t\t19:15<\/option>\n\t\t\t\t\t\t\t\t\t\t<option value=\"19:30\">\n\t\t\t\t\t\t\t\t\t\t\t19:30<\/option>\n\t\t\t\t\t\t\t\t\t\t<option value=\"19:45\">\n\t\t\t\t\t\t\t\t\t\t\t19:45<\/option>\n\t\t\t\t\t\t\t\t\t\t\t\t\t\t\t\t\t\t\t\t<option value=\"20:00\">\n\t\t\t\t\t\t\t\t\t\t\t20:00<\/option>\n\t\t\t\t\t\t\t\t\t\t<option value=\"20:15\">\n\t\t\t\t\t\t\t\t\t\t\t20:15<\/option>\n\t\t\t\t\t\t\t\t\t\t<option value=\"20:30\">\n\t\t\t\t\t\t\t\t\t\t\t20:30<\/option>\n\t\t\t\t\t\t\t\t\t\t<option value=\"20:45\">\n\t\t\t\t\t\t\t\t\t\t\t20:45<\/option>\n\t\t\t\t\t\t\t\t\t\t\t\t\t\t\t\t\t\t\t\t<option value=\"21:00\">\n\t\t\t\t\t\t\t\t\t\t\t21:00<\/option>\n\t\t\t\t\t\t\t\t\t\t<option value=\"21:15\">\n\t\t\t\t\t\t\t\t\t\t\t21:15<\/option>\n\t\t\t\t\t\t\t\t\t\t<option value=\"21:30\">\n\t\t\t\t\t\t\t\t\t\t\t21:30<\/option>\n\t\t\t\t\t\t\t\t\t\t<option value=\"21:45\">\n\t\t\t\t\t\t\t\t\t\t\t21:45<\/option>\n\t\t\t\t\t\t\t\t\t\t\t\t\t\t\t\t\t\t\t\t<option value=\"22:00\">\n\t\t\t\t\t\t\t\t\t\t\t22:00<\/option>\n\t\t\t\t\t\t\t\t\t\t<option value=\"22:15\">\n\t\t\t\t\t\t\t\t\t\t\t22:15<\/option>\n\t\t\t\t\t\t\t\t\t\t<option value=\"22:30\">\n\t\t\t\t\t\t\t\t\t\t\t22:30<\/option>\n\t\t\t\t\t\t\t\t\t\t<option value=\"22:45\">\n\t\t\t\t\t\t\t\t\t\t\t22:45<\/option>\n\t\t\t\t\t\t\t\t\t\t\t\t\t\t\t\t\t\t\t\t<option value=\"23:00\">\n\t\t\t\t\t\t\t\t\t\t\t23:00<\/option>\n\t\t\t\t\t\t\t\t\t\t<option value=\"23:15\">\n\t\t\t\t\t\t\t\t\t\t\t23:15<\/option>\n\t\t\t\t\t\t\t\t\t\t<option value=\"23:30\">\n\t\t\t\t\t\t\t\t\t\t\t23:30<\/option>\n\t\t\t\t\t\t\t\t\t\t<option value=\"23:45\">\n\t\t\t\t\t\t\t\t\t\t\t23:45<\/option>\n\t\t\t\t\t\t\t\t\t\t\t\t\t\t\t\t\t\t\t<\/select>\n\t\t\t\t\t\t\t\t<\/div>\n\t\t\t\t\t\t\t<\/div>\n\t\t\t\t\t\t<\/div>\n\t\t\t\t\t\t<div class=\"col-sm-6\">\n\t\t\t\t\t\t\t<div class=\"form-group\">\n\t\t\t\t\t\t\t\t<div id=\"bookingBox\"><\/div>\n\n\t\t\t\t\t\t\t\t<label for=\"devuelta\"><h4>D\u00e9p\u00f4t<\/h4><\/label>\n\t\t\t\t\t\t\t\t<select name=\"devuelta\" id=\"devuelta\" class=\"custom-select\">\n\t\t\t\t\t\t\t\t\t<option value=\"airport\"  selected>Malaga A\u00e9roport<\/option>\n\t\t\t\t\t\t\t\t\t\t\t\t\t\t\t\t<\/select>\n\n\t\t\t\t\t\t\t\t<div class=\"form-inline my-2\">\n\t\t\t\t\t\t\t\t\t<input id=\"dDate\" class=\"form-control\" value=\"14\/09\/2026\" name=\"dDate\" readonly>\n\t\t\t\t\t\t\t\t\t<select class=\"custom-select\" id=\"dhorasminutos\" name=\"dhorasminutos\" oninvalid=\"setCustomValidity('Faites-nous savoir votre heure de retour')\" onchange=\"setCustomValidity('')\">\n\t\t\t\t\t\t\t\t\t\t<option value=\"-\" selected>--:--<\/option>\n\t\t\t\t\t\t\t\t\t\t\t\t\t\t\t\t\t\t\t\t<option value=\"00:00\">\n\t\t\t\t\t\t\t\t\t\t\t00:00<\/option>\n\t\t\t\t\t\t\t\t\t\t<option value=\"00:15\">\n\t\t\t\t\t\t\t\t\t\t\t00:15<\/option>\n\t\t\t\t\t\t\t\t\t\t<option value=\"00:30\">\n\t\t\t\t\t\t\t\t\t\t\t00:30<\/option>\n\t\t\t\t\t\t\t\t\t\t<option value=\"00:45\">\n\t\t\t\t\t\t\t\t\t\t\t00:45<\/option>\n\t\t\t\t\t\t\t\t\t\t\t\t\t\t\t\t\t\t\t\t<option value=\"01:00\">\n\t\t\t\t\t\t\t\t\t\t\t01:00<\/option>\n\t\t\t\t\t\t\t\t\t\t<option value=\"01:15\">\n\t\t\t\t\t\t\t\t\t\t\t01:15<\/option>\n\t\t\t\t\t\t\t\t\t\t<option value=\"01:30\">\n\t\t\t\t\t\t\t\t\t\t\t01:30<\/option>\n\t\t\t\t\t\t\t\t\t\t<option value=\"01:45\">\n\t\t\t\t\t\t\t\t\t\t\t01:45<\/option>\n\t\t\t\t\t\t\t\t\t\t\t\t\t\t\t\t\t\t\t\t<option value=\"02:00\">\n\t\t\t\t\t\t\t\t\t\t\t02:00<\/option>\n\t\t\t\t\t\t\t\t\t\t<option value=\"02:15\">\n\t\t\t\t\t\t\t\t\t\t\t02:15<\/option>\n\t\t\t\t\t\t\t\t\t\t<option value=\"02:30\">\n\t\t\t\t\t\t\t\t\t\t\t02:30<\/option>\n\t\t\t\t\t\t\t\t\t\t<option value=\"02:45\">\n\t\t\t\t\t\t\t\t\t\t\t02:45<\/option>\n\t\t\t\t\t\t\t\t\t\t\t\t\t\t\t\t\t\t\t\t<option value=\"03:00\">\n\t\t\t\t\t\t\t\t\t\t\t03:00<\/option>\n\t\t\t\t\t\t\t\t\t\t<option value=\"03:15\">\n\t\t\t\t\t\t\t\t\t\t\t03:15<\/option>\n\t\t\t\t\t\t\t\t\t\t<option value=\"03:30\">\n\t\t\t\t\t\t\t\t\t\t\t03:30<\/option>\n\t\t\t\t\t\t\t\t\t\t<option value=\"03:45\">\n\t\t\t\t\t\t\t\t\t\t\t03:45<\/option>\n\t\t\t\t\t\t\t\t\t\t\t\t\t\t\t\t\t\t\t\t<option value=\"04:00\">\n\t\t\t\t\t\t\t\t\t\t\t04:00<\/option>\n\t\t\t\t\t\t\t\t\t\t<option value=\"04:15\">\n\t\t\t\t\t\t\t\t\t\t\t04:15<\/option>\n\t\t\t\t\t\t\t\t\t\t<option value=\"04:30\">\n\t\t\t\t\t\t\t\t\t\t\t04:30<\/option>\n\t\t\t\t\t\t\t\t\t\t<option value=\"04:45\">\n\t\t\t\t\t\t\t\t\t\t\t04:45<\/option>\n\t\t\t\t\t\t\t\t\t\t\t\t\t\t\t\t\t\t\t\t<option value=\"05:00\">\n\t\t\t\t\t\t\t\t\t\t\t05:00<\/option>\n\t\t\t\t\t\t\t\t\t\t<option value=\"05:15\">\n\t\t\t\t\t\t\t\t\t\t\t05:15<\/option>\n\t\t\t\t\t\t\t\t\t\t<option value=\"05:30\">\n\t\t\t\t\t\t\t\t\t\t\t05:30<\/option>\n\t\t\t\t\t\t\t\t\t\t<option value=\"05:45\">\n\t\t\t\t\t\t\t\t\t\t\t05:45<\/option>\n\t\t\t\t\t\t\t\t\t\t\t\t\t\t\t\t\t\t\t\t<option value=\"06:00\">\n\t\t\t\t\t\t\t\t\t\t\t06:00<\/option>\n\t\t\t\t\t\t\t\t\t\t<option value=\"06:15\">\n\t\t\t\t\t\t\t\t\t\t\t06:15<\/option>\n\t\t\t\t\t\t\t\t\t\t<option value=\"06:30\">\n\t\t\t\t\t\t\t\t\t\t\t06:30<\/option>\n\t\t\t\t\t\t\t\t\t\t<option value=\"06:45\">\n\t\t\t\t\t\t\t\t\t\t\t06:45<\/option>\n\t\t\t\t\t\t\t\t\t\t\t\t\t\t\t\t\t\t\t\t<option value=\"07:00\">\n\t\t\t\t\t\t\t\t\t\t\t07:00<\/option>\n\t\t\t\t\t\t\t\t\t\t<option value=\"07:15\">\n\t\t\t\t\t\t\t\t\t\t\t07:15<\/option>\n\t\t\t\t\t\t\t\t\t\t<option value=\"07:30\">\n\t\t\t\t\t\t\t\t\t\t\t07:30<\/option>\n\t\t\t\t\t\t\t\t\t\t<option value=\"07:45\">\n\t\t\t\t\t\t\t\t\t\t\t07:45<\/option>\n\t\t\t\t\t\t\t\t\t\t\t\t\t\t\t\t\t\t\t\t<option value=\"08:00\">\n\t\t\t\t\t\t\t\t\t\t\t08:00<\/option>\n\t\t\t\t\t\t\t\t\t\t<option value=\"08:15\">\n\t\t\t\t\t\t\t\t\t\t\t08:15<\/option>\n\t\t\t\t\t\t\t\t\t\t<option value=\"08:30\">\n\t\t\t\t\t\t\t\t\t\t\t08:30<\/option>\n\t\t\t\t\t\t\t\t\t\t<option value=\"08:45\">\n\t\t\t\t\t\t\t\t\t\t\t08:45<\/option>\n\t\t\t\t\t\t\t\t\t\t\t\t\t\t\t\t\t\t\t\t<option value=\"09:00\">\n\t\t\t\t\t\t\t\t\t\t\t09:00<\/option>\n\t\t\t\t\t\t\t\t\t\t<option value=\"09:15\">\n\t\t\t\t\t\t\t\t\t\t\t09:15<\/option>\n\t\t\t\t\t\t\t\t\t\t<option value=\"09:30\">\n\t\t\t\t\t\t\t\t\t\t\t09:30<\/option>\n\t\t\t\t\t\t\t\t\t\t<option value=\"09:45\">\n\t\t\t\t\t\t\t\t\t\t\t09:45<\/option>\n\t\t\t\t\t\t\t\t\t\t\t\t\t\t\t\t\t\t\t\t<option value=\"10:00\">\n\t\t\t\t\t\t\t\t\t\t\t10:00<\/option>\n\t\t\t\t\t\t\t\t\t\t<option value=\"10:15\">\n\t\t\t\t\t\t\t\t\t\t\t10:15<\/option>\n\t\t\t\t\t\t\t\t\t\t<option value=\"10:30\">\n\t\t\t\t\t\t\t\t\t\t\t10:30<\/option>\n\t\t\t\t\t\t\t\t\t\t<option value=\"10:45\">\n\t\t\t\t\t\t\t\t\t\t\t10:45<\/option>\n\t\t\t\t\t\t\t\t\t\t\t\t\t\t\t\t\t\t\t\t<option value=\"11:00\">\n\t\t\t\t\t\t\t\t\t\t\t11:00<\/option>\n\t\t\t\t\t\t\t\t\t\t<option value=\"11:15\">\n\t\t\t\t\t\t\t\t\t\t\t11:15<\/option>\n\t\t\t\t\t\t\t\t\t\t<option value=\"11:30\">\n\t\t\t\t\t\t\t\t\t\t\t11:30<\/option>\n\t\t\t\t\t\t\t\t\t\t<option value=\"11:45\">\n\t\t\t\t\t\t\t\t\t\t\t11:45<\/option>\n\t\t\t\t\t\t\t\t\t\t\t\t\t\t\t\t\t\t\t\t<option value=\"12:00\">\n\t\t\t\t\t\t\t\t\t\t\t12:00<\/option>\n\t\t\t\t\t\t\t\t\t\t<option value=\"12:15\">\n\t\t\t\t\t\t\t\t\t\t\t12:15<\/option>\n\t\t\t\t\t\t\t\t\t\t<option value=\"12:30\">\n\t\t\t\t\t\t\t\t\t\t\t12:30<\/option>\n\t\t\t\t\t\t\t\t\t\t<option value=\"12:45\">\n\t\t\t\t\t\t\t\t\t\t\t12:45<\/option>\n\t\t\t\t\t\t\t\t\t\t\t\t\t\t\t\t\t\t\t\t<option value=\"13:00\">\n\t\t\t\t\t\t\t\t\t\t\t13:00<\/option>\n\t\t\t\t\t\t\t\t\t\t<option value=\"13:15\">\n\t\t\t\t\t\t\t\t\t\t\t13:15<\/option>\n\t\t\t\t\t\t\t\t\t\t<option value=\"13:30\">\n\t\t\t\t\t\t\t\t\t\t\t13:30<\/option>\n\t\t\t\t\t\t\t\t\t\t<option value=\"13:45\">\n\t\t\t\t\t\t\t\t\t\t\t13:45<\/option>\n\t\t\t\t\t\t\t\t\t\t\t\t\t\t\t\t\t\t\t\t<option value=\"14:00\">\n\t\t\t\t\t\t\t\t\t\t\t14:00<\/option>\n\t\t\t\t\t\t\t\t\t\t<option value=\"14:15\">\n\t\t\t\t\t\t\t\t\t\t\t14:15<\/option>\n\t\t\t\t\t\t\t\t\t\t<option value=\"14:30\">\n\t\t\t\t\t\t\t\t\t\t\t14:30<\/option>\n\t\t\t\t\t\t\t\t\t\t<option value=\"14:45\">\n\t\t\t\t\t\t\t\t\t\t\t14:45<\/option>\n\t\t\t\t\t\t\t\t\t\t\t\t\t\t\t\t\t\t\t\t<option value=\"15:00\">\n\t\t\t\t\t\t\t\t\t\t\t15:00<\/option>\n\t\t\t\t\t\t\t\t\t\t<option value=\"15:15\">\n\t\t\t\t\t\t\t\t\t\t\t15:15<\/option>\n\t\t\t\t\t\t\t\t\t\t<option value=\"15:30\">\n\t\t\t\t\t\t\t\t\t\t\t15:30<\/option>\n\t\t\t\t\t\t\t\t\t\t<option value=\"15:45\">\n\t\t\t\t\t\t\t\t\t\t\t15:45<\/option>\n\t\t\t\t\t\t\t\t\t\t\t\t\t\t\t\t\t\t\t\t<option value=\"16:00\">\n\t\t\t\t\t\t\t\t\t\t\t16:00<\/option>\n\t\t\t\t\t\t\t\t\t\t<option value=\"16:15\">\n\t\t\t\t\t\t\t\t\t\t\t16:15<\/option>\n\t\t\t\t\t\t\t\t\t\t<option value=\"16:30\">\n\t\t\t\t\t\t\t\t\t\t\t16:30<\/option>\n\t\t\t\t\t\t\t\t\t\t<option value=\"16:45\">\n\t\t\t\t\t\t\t\t\t\t\t16:45<\/option>\n\t\t\t\t\t\t\t\t\t\t\t\t\t\t\t\t\t\t\t\t<option value=\"17:00\">\n\t\t\t\t\t\t\t\t\t\t\t17:00<\/option>\n\t\t\t\t\t\t\t\t\t\t<option value=\"17:15\">\n\t\t\t\t\t\t\t\t\t\t\t17:15<\/option>\n\t\t\t\t\t\t\t\t\t\t<option value=\"17:30\">\n\t\t\t\t\t\t\t\t\t\t\t17:30<\/option>\n\t\t\t\t\t\t\t\t\t\t<option value=\"17:45\">\n\t\t\t\t\t\t\t\t\t\t\t17:45<\/option>\n\t\t\t\t\t\t\t\t\t\t\t\t\t\t\t\t\t\t\t\t<option value=\"18:00\">\n\t\t\t\t\t\t\t\t\t\t\t18:00<\/option>\n\t\t\t\t\t\t\t\t\t\t<option value=\"18:15\">\n\t\t\t\t\t\t\t\t\t\t\t18:15<\/option>\n\t\t\t\t\t\t\t\t\t\t<option value=\"18:30\">\n\t\t\t\t\t\t\t\t\t\t\t18:30<\/option>\n\t\t\t\t\t\t\t\t\t\t<option value=\"18:45\">\n\t\t\t\t\t\t\t\t\t\t\t18:45<\/option>\n\t\t\t\t\t\t\t\t\t\t\t\t\t\t\t\t\t\t\t\t<option value=\"19:00\">\n\t\t\t\t\t\t\t\t\t\t\t19:00<\/option>\n\t\t\t\t\t\t\t\t\t\t<option value=\"19:15\">\n\t\t\t\t\t\t\t\t\t\t\t19:15<\/option>\n\t\t\t\t\t\t\t\t\t\t<option value=\"19:30\">\n\t\t\t\t\t\t\t\t\t\t\t19:30<\/option>\n\t\t\t\t\t\t\t\t\t\t<option value=\"19:45\">\n\t\t\t\t\t\t\t\t\t\t\t19:45<\/option>\n\t\t\t\t\t\t\t\t\t\t\t\t\t\t\t\t\t\t\t\t<option value=\"20:00\">\n\t\t\t\t\t\t\t\t\t\t\t20:00<\/option>\n\t\t\t\t\t\t\t\t\t\t<option value=\"20:15\">\n\t\t\t\t\t\t\t\t\t\t\t20:15<\/option>\n\t\t\t\t\t\t\t\t\t\t<option value=\"20:30\">\n\t\t\t\t\t\t\t\t\t\t\t20:30<\/option>\n\t\t\t\t\t\t\t\t\t\t<option value=\"20:45\">\n\t\t\t\t\t\t\t\t\t\t\t20:45<\/option>\n\t\t\t\t\t\t\t\t\t\t\t\t\t\t\t\t\t\t\t\t<option value=\"21:00\">\n\t\t\t\t\t\t\t\t\t\t\t21:00<\/option>\n\t\t\t\t\t\t\t\t\t\t<option value=\"21:15\">\n\t\t\t\t\t\t\t\t\t\t\t21:15<\/option>\n\t\t\t\t\t\t\t\t\t\t<option value=\"21:30\">\n\t\t\t\t\t\t\t\t\t\t\t21:30<\/option>\n\t\t\t\t\t\t\t\t\t\t<option value=\"21:45\">\n\t\t\t\t\t\t\t\t\t\t\t21:45<\/option>\n\t\t\t\t\t\t\t\t\t\t\t\t\t\t\t\t\t\t\t\t<option value=\"22:00\">\n\t\t\t\t\t\t\t\t\t\t\t22:00<\/option>\n\t\t\t\t\t\t\t\t\t\t<option value=\"22:15\">\n\t\t\t\t\t\t\t\t\t\t\t22:15<\/option>\n\t\t\t\t\t\t\t\t\t\t<option value=\"22:30\">\n\t\t\t\t\t\t\t\t\t\t\t22:30<\/option>\n\t\t\t\t\t\t\t\t\t\t<option value=\"22:45\">\n\t\t\t\t\t\t\t\t\t\t\t22:45<\/option>\n\t\t\t\t\t\t\t\t\t\t\t\t\t\t\t\t\t\t\t\t<option value=\"23:00\">\n\t\t\t\t\t\t\t\t\t\t\t23:00<\/option>\n\t\t\t\t\t\t\t\t\t\t<option value=\"23:15\">\n\t\t\t\t\t\t\t\t\t\t\t23:15<\/option>\n\t\t\t\t\t\t\t\t\t\t<option value=\"23:30\">\n\t\t\t\t\t\t\t\t\t\t\t23:30<\/option>\n\t\t\t\t\t\t\t\t\t\t<option value=\"23:45\">\n\t\t\t\t\t\t\t\t\t\t\t23:45<\/option>\n\t\t\t\t\t\t\t\t\t\t\t\t\t\t\t\t\t\t\t<\/select>\n\t\t\t\t\t\t\t\t<\/div>\n\t\t\t\t\t\t\t<\/div>\n\t\t\t\t\t\t<\/div>\n\n\t\t\t\t\t<\/div>\n\t\t\t\t\n\n\t\t\t\t\t\t<div class=\"row\">\n                               <div class=\"col-sm-6\">\n\t\t\t\t\t\t\t\t<div class=\"form-group promo-code\">\n\t\t\t\t\t\t\t\t\t\t\t\t\t\t\t\t\t<label for=\"tipogrupo\" class=\"w-50 text-right pr-3 pt-1\">Group<\/label>\n\t\t\t\t\t\t\t\t\t<select name=\"tipogrupo\" id=\"tipogrupo\" class=\"form-control w-50\">\n\t\t\t\t\t\t\t\t\t<option value=\"0\">Voir tous<\/option>\n\t\t\t                        <option value=\"1\">Standard<\/option> \n\t\t\t\t\t\t\t\t\t<option value=\"2\">Automatique<\/option>  \n\t\t\t\t\t\t\t\t\t<option value=\"4\">Transporteurs<\/option>  \n\t\t\t\t\t\t\t\t\t<option value=\"5\">Cabriolet et Sport<\/option>  \n\t\t\t\t\t\t\t\t\t<option value=\"6\">Prestige<\/option>  \n\t\t\t\t\t\t\t\t\t<option value=\"8\">SUV<\/option>  \n\t\t\t\t\t\t\t\t\t<option value=\"10\">Camping car et Autocaravane<\/option>  \t\t\t\t\t\t\t\n\t\t\t\t\t\t\t\t<\/select>\t\n\t\t\t\t\t\t\t\t\t\n\t\t\t\t\t\t\t<\/div>\n\t\t\t\t\t\t\t<\/div>\n\t\t\t\t\t\t<div class=\"col-sm-6 align-self-end\">\n\t\t\t\t\t\t\t<div class=\"form-group\">\n\t\t\t\t\t\t\t\t<input type=\"submit\" class=\"btn-quote\" value=\"Voir les prix\" onclick=\"return msgAlert()\">\n\t\t\t\t\t\t\t<\/div>\n\t\t\t\t\t\t<\/div>\n\t\t\t\t\t<\/div>\n\t\t\t\t<\/form>\n\t\t\t\t<div class=\"row hide-mini-tablet advantages\">\n\t\t\t\t\t\t<div class=\"col-12\">\n\t\t\t\t\t\t\t<h4 class=\"text-center text-white\">TARIFS IMBATTABLES<\/h4>\n\t\t\t\t\t\t\t<ul>\n\t\t\t\t\t\t\t\t<li><strong>Grande flotte<\/strong> de voitures neuves.<\/li>\n\t\t\t\t\t\t\t\t<li><strong>Payez \u00e0 l'arriv\u00e9e<\/strong>.<\/li>\n\t\t\t\t\t\t\t\t<li>Ce que vous voyez est ce que vous payez.<\/li>\n\t\t\t\t\t\t\t\t<li><strong>Pas difficile \u00e0 vendre au bureau<\/strong>.<\/li>\n\t\t\t\t\t\t\t\t<li>Service de livraison VIP gratuit.<\/li>\n\t\t\t\t\t\t\t\t<li><strong class='redpassion-alt'>PAS DE FRAIS SUPPL\u00c9MENTAIRES<\/strong>, pour le service de ravitaillement.<\/li>\n\t\t\t\t\t\t\t<\/ul>\n\t\t\t\t\t\t<\/div>\n\t\t\t\t\t<\/div>\n\t\t\t\t<\/div>\n\t\t\t<br clear=\"all\">\n\n","protected":false},"excerpt":{"rendered":"<p>La Costa del Sol est tr\u00e8s populaire pour de nombreuses raisons, l&rsquo;une d&rsquo;entre elles \u00e9tant sans aucun doute les festivals de musique qui ont lieu chaque ann\u00e9e pendant les mois d&rsquo;\u00e9t\u00e9. Avec un climat doux et bienveillant, la brise marine, quelques sc\u00e8nes vraiment impressionnantes et une programmation d&rsquo;artistes compl\u00e8te, la Costa del Sol dispose \u00e9galement [&hellip;]<\/p>\n","protected":false},"author":1,"featured_media":335,"comment_status":"open","ping_status":"open","sticky":false,"template":"","format":"standard","meta":{"footnotes":""},"categories":[2],"tags":[10,27],"class_list":["post-170","post","type-post","status-publish","format-standard","has-post-thumbnail","hentry","category-loisirs","tag-costa-del-sol","tag-festivals-de-musique"],"yoast_head":"<!-- This site is optimized with the Yoast SEO plugin v28.4 - https:\/\/yoast.com\/product\/yoast-seo-wordpress\/ -->\n<title>Festivals de musique Costa del Sol 2026 - Blog de MalagaCar.com<\/title>\n<meta name=\"description\" content=\"Cet \u00e9t\u00e9, la Costa del Sol regorge de festivals et de concerts. D\u00e9couvrez tous les festivals de musique de la Costa del Sol en 2026 !\" \/>\n<meta name=\"robots\" content=\"index, follow, max-snippet:-1, max-image-preview:large, max-video-preview:-1\" \/>\n<link rel=\"canonical\" href=\"https:\/\/www.malagacar.com\/fr\/blog\/loisirs\/festivals-musique-costa-del-sol\/\" \/>\n<meta property=\"og:locale\" content=\"fr_FR\" \/>\n<meta property=\"og:type\" content=\"article\" \/>\n<meta property=\"og:title\" content=\"Festivals de musique Costa del Sol 2026 - Blog de MalagaCar.com\" \/>\n<meta property=\"og:description\" content=\"Cet \u00e9t\u00e9, la Costa del Sol regorge de festivals et de concerts. D\u00e9couvrez tous les festivals de musique de la Costa del Sol en 2026 !\" \/>\n<meta property=\"og:url\" content=\"https:\/\/www.malagacar.com\/fr\/blog\/loisirs\/festivals-musique-costa-del-sol\/\" \/>\n<meta property=\"og:site_name\" content=\"Blog de MalagaCar.com\" \/>\n<meta property=\"article:publisher\" content=\"https:\/\/www.facebook.com\/malagacar\" \/>\n<meta property=\"article:published_time\" content=\"2026-05-18T04:42:33+00:00\" \/>\n<meta property=\"article:modified_time\" content=\"2026-06-15T05:33:55+00:00\" \/>\n<meta property=\"og:image\" content=\"https:\/\/www.malagacar.com\/fr\/blog\/wp-content\/uploads\/2022\/01\/music-festivals-en.jpg\" \/>\n\t<meta property=\"og:image:width\" content=\"1200\" \/>\n\t<meta property=\"og:image:height\" content=\"716\" \/>\n\t<meta property=\"og:image:type\" content=\"image\/jpeg\" \/>\n<meta name=\"author\" content=\"MalagaCar.com\" \/>\n<meta name=\"twitter:card\" content=\"summary_large_image\" \/>\n<meta name=\"twitter:creator\" content=\"@malagacarcom\" \/>\n<meta name=\"twitter:site\" content=\"@malagacarcom\" \/>\n<meta name=\"twitter:label1\" content=\"\u00c9crit par\" \/>\n\t<meta name=\"twitter:data1\" content=\"MalagaCar.com\" \/>\n\t<meta name=\"twitter:label2\" content=\"Dur\u00e9e de lecture estim\u00e9e\" \/>\n\t<meta name=\"twitter:data2\" content=\"17 minutes\" \/>\n<script type=\"application\/ld+json\" class=\"yoast-schema-graph\">{\"@context\":\"https:\\\/\\\/schema.org\",\"@graph\":[{\"@type\":\"Article\",\"@id\":\"https:\\\/\\\/www.malagacar.com\\\/fr\\\/blog\\\/loisirs\\\/festivals-musique-costa-del-sol\\\/#article\",\"isPartOf\":{\"@id\":\"https:\\\/\\\/www.malagacar.com\\\/fr\\\/blog\\\/loisirs\\\/festivals-musique-costa-del-sol\\\/\"},\"author\":{\"name\":\"MalagaCar.com\",\"@id\":\"https:\\\/\\\/www.malagacar.com\\\/fr\\\/blog\\\/#\\\/schema\\\/person\\\/ffb97005d02bcc7d0bb59f5409635691\"},\"headline\":\"Festivals de musique Costa del Sol 2026\",\"datePublished\":\"2026-05-18T04:42:33+00:00\",\"dateModified\":\"2026-06-15T05:33:55+00:00\",\"mainEntityOfPage\":{\"@id\":\"https:\\\/\\\/www.malagacar.com\\\/fr\\\/blog\\\/loisirs\\\/festivals-musique-costa-del-sol\\\/\"},\"wordCount\":2177,\"commentCount\":0,\"publisher\":{\"@id\":\"https:\\\/\\\/www.malagacar.com\\\/fr\\\/blog\\\/#organization\"},\"image\":{\"@id\":\"https:\\\/\\\/www.malagacar.com\\\/fr\\\/blog\\\/loisirs\\\/festivals-musique-costa-del-sol\\\/#primaryimage\"},\"thumbnailUrl\":\"https:\\\/\\\/www.malagacar.com\\\/fr\\\/blog\\\/wp-content\\\/uploads\\\/2022\\\/01\\\/music-festivals-en.jpg\",\"keywords\":[\"costa del sol\",\"Festivals de musique\"],\"articleSection\":[\"Loisirs\"],\"inLanguage\":\"fr-FR\",\"potentialAction\":[{\"@type\":\"CommentAction\",\"name\":\"Comment\",\"target\":[\"https:\\\/\\\/www.malagacar.com\\\/fr\\\/blog\\\/loisirs\\\/festivals-musique-costa-del-sol\\\/#respond\"]}]},{\"@type\":\"WebPage\",\"@id\":\"https:\\\/\\\/www.malagacar.com\\\/fr\\\/blog\\\/loisirs\\\/festivals-musique-costa-del-sol\\\/\",\"url\":\"https:\\\/\\\/www.malagacar.com\\\/fr\\\/blog\\\/loisirs\\\/festivals-musique-costa-del-sol\\\/\",\"name\":\"Festivals de musique Costa del Sol 2026 - Blog de MalagaCar.com\",\"isPartOf\":{\"@id\":\"https:\\\/\\\/www.malagacar.com\\\/fr\\\/blog\\\/#website\"},\"primaryImageOfPage\":{\"@id\":\"https:\\\/\\\/www.malagacar.com\\\/fr\\\/blog\\\/loisirs\\\/festivals-musique-costa-del-sol\\\/#primaryimage\"},\"image\":{\"@id\":\"https:\\\/\\\/www.malagacar.com\\\/fr\\\/blog\\\/loisirs\\\/festivals-musique-costa-del-sol\\\/#primaryimage\"},\"thumbnailUrl\":\"https:\\\/\\\/www.malagacar.com\\\/fr\\\/blog\\\/wp-content\\\/uploads\\\/2022\\\/01\\\/music-festivals-en.jpg\",\"datePublished\":\"2026-05-18T04:42:33+00:00\",\"dateModified\":\"2026-06-15T05:33:55+00:00\",\"description\":\"Cet \u00e9t\u00e9, la Costa del Sol regorge de festivals et de concerts. D\u00e9couvrez tous les festivals de musique de la Costa del Sol en 2026 !\",\"breadcrumb\":{\"@id\":\"https:\\\/\\\/www.malagacar.com\\\/fr\\\/blog\\\/loisirs\\\/festivals-musique-costa-del-sol\\\/#breadcrumb\"},\"inLanguage\":\"fr-FR\",\"potentialAction\":[{\"@type\":\"ReadAction\",\"target\":[\"https:\\\/\\\/www.malagacar.com\\\/fr\\\/blog\\\/loisirs\\\/festivals-musique-costa-del-sol\\\/\"]}]},{\"@type\":\"ImageObject\",\"inLanguage\":\"fr-FR\",\"@id\":\"https:\\\/\\\/www.malagacar.com\\\/fr\\\/blog\\\/loisirs\\\/festivals-musique-costa-del-sol\\\/#primaryimage\",\"url\":\"https:\\\/\\\/www.malagacar.com\\\/fr\\\/blog\\\/wp-content\\\/uploads\\\/2022\\\/01\\\/music-festivals-en.jpg\",\"contentUrl\":\"https:\\\/\\\/www.malagacar.com\\\/fr\\\/blog\\\/wp-content\\\/uploads\\\/2022\\\/01\\\/music-festivals-en.jpg\",\"width\":1200,\"height\":716,\"caption\":\"Festivals de Musique Costa del Sol\"},{\"@type\":\"BreadcrumbList\",\"@id\":\"https:\\\/\\\/www.malagacar.com\\\/fr\\\/blog\\\/loisirs\\\/festivals-musique-costa-del-sol\\\/#breadcrumb\",\"itemListElement\":[{\"@type\":\"ListItem\",\"position\":1,\"name\":\"Accueil\",\"item\":\"https:\\\/\\\/www.malagacar.com\\\/fr\\\/blog\\\/\"},{\"@type\":\"ListItem\",\"position\":2,\"name\":\"Festivals de musique Costa del Sol 2026\"}]},{\"@type\":\"WebSite\",\"@id\":\"https:\\\/\\\/www.malagacar.com\\\/fr\\\/blog\\\/#website\",\"url\":\"https:\\\/\\\/www.malagacar.com\\\/fr\\\/blog\\\/\",\"name\":\"Blog de MalagaCar.com\",\"description\":\"Nouvelles et informations int\u00e9ressantes sur la location de voitures \u00e0 l&#039;a\u00e9roport de Malaga.\",\"publisher\":{\"@id\":\"https:\\\/\\\/www.malagacar.com\\\/fr\\\/blog\\\/#organization\"},\"potentialAction\":[{\"@type\":\"SearchAction\",\"target\":{\"@type\":\"EntryPoint\",\"urlTemplate\":\"https:\\\/\\\/www.malagacar.com\\\/fr\\\/blog\\\/?s={search_term_string}\"},\"query-input\":{\"@type\":\"PropertyValueSpecification\",\"valueRequired\":true,\"valueName\":\"search_term_string\"}}],\"inLanguage\":\"fr-FR\"},{\"@type\":\"Organization\",\"@id\":\"https:\\\/\\\/www.malagacar.com\\\/fr\\\/blog\\\/#organization\",\"name\":\"MalagaCar.com\",\"url\":\"https:\\\/\\\/www.malagacar.com\\\/fr\\\/blog\\\/\",\"logo\":{\"@type\":\"ImageObject\",\"inLanguage\":\"fr-FR\",\"@id\":\"https:\\\/\\\/www.malagacar.com\\\/fr\\\/blog\\\/#\\\/schema\\\/logo\\\/image\\\/\",\"url\":\"https:\\\/\\\/www.malagacar.com\\\/fr\\\/blog\\\/wp-content\\\/uploads\\\/2021\\\/06\\\/logo-malagacar-social.png\",\"contentUrl\":\"https:\\\/\\\/www.malagacar.com\\\/fr\\\/blog\\\/wp-content\\\/uploads\\\/2021\\\/06\\\/logo-malagacar-social.png\",\"width\":900,\"height\":900,\"caption\":\"MalagaCar.com\"},\"image\":{\"@id\":\"https:\\\/\\\/www.malagacar.com\\\/fr\\\/blog\\\/#\\\/schema\\\/logo\\\/image\\\/\"},\"sameAs\":[\"https:\\\/\\\/www.facebook.com\\\/malagacar\",\"https:\\\/\\\/x.com\\\/malagacarcom\",\"https:\\\/\\\/www.instagram.com\\\/malagacar\\\/\",\"https:\\\/\\\/www.linkedin.com\\\/company\\\/malagacar.com\",\"https:\\\/\\\/www.youtube.com\\\/c\\\/MalagacarAirport\"]},{\"@type\":\"Person\",\"@id\":\"https:\\\/\\\/www.malagacar.com\\\/fr\\\/blog\\\/#\\\/schema\\\/person\\\/ffb97005d02bcc7d0bb59f5409635691\",\"name\":\"MalagaCar.com\",\"image\":{\"@type\":\"ImageObject\",\"inLanguage\":\"fr-FR\",\"@id\":\"https:\\\/\\\/secure.gravatar.com\\\/avatar\\\/296ebc31026e7be05868369e4c596b3239b1582b2fcf8a45de57333e2e82bb82?s=96&d=mm&r=g\",\"url\":\"https:\\\/\\\/secure.gravatar.com\\\/avatar\\\/296ebc31026e7be05868369e4c596b3239b1582b2fcf8a45de57333e2e82bb82?s=96&d=mm&r=g\",\"contentUrl\":\"https:\\\/\\\/secure.gravatar.com\\\/avatar\\\/296ebc31026e7be05868369e4c596b3239b1582b2fcf8a45de57333e2e82bb82?s=96&d=mm&r=g\",\"caption\":\"MalagaCar.com\"},\"sameAs\":[\"https:\\\/\\\/www.malagacar.com\\\/fr\\\/blog\"]}]}<\/script>\n<!-- \/ Yoast SEO plugin. -->","yoast_head_json":{"title":"Festivals de musique Costa del Sol 2026 - Blog de MalagaCar.com","description":"Cet \u00e9t\u00e9, la Costa del Sol regorge de festivals et de concerts. D\u00e9couvrez tous les festivals de musique de la Costa del Sol en 2026 !","robots":{"index":"index","follow":"follow","max-snippet":"max-snippet:-1","max-image-preview":"max-image-preview:large","max-video-preview":"max-video-preview:-1"},"canonical":"https:\/\/www.malagacar.com\/fr\/blog\/loisirs\/festivals-musique-costa-del-sol\/","og_locale":"fr_FR","og_type":"article","og_title":"Festivals de musique Costa del Sol 2026 - Blog de MalagaCar.com","og_description":"Cet \u00e9t\u00e9, la Costa del Sol regorge de festivals et de concerts. D\u00e9couvrez tous les festivals de musique de la Costa del Sol en 2026 !","og_url":"https:\/\/www.malagacar.com\/fr\/blog\/loisirs\/festivals-musique-costa-del-sol\/","og_site_name":"Blog de MalagaCar.com","article_publisher":"https:\/\/www.facebook.com\/malagacar","article_published_time":"2026-05-18T04:42:33+00:00","article_modified_time":"2026-06-15T05:33:55+00:00","og_image":[{"width":1200,"height":716,"url":"https:\/\/www.malagacar.com\/fr\/blog\/wp-content\/uploads\/2022\/01\/music-festivals-en.jpg","type":"image\/jpeg"}],"author":"MalagaCar.com","twitter_card":"summary_large_image","twitter_creator":"@malagacarcom","twitter_site":"@malagacarcom","twitter_misc":{"\u00c9crit par":"MalagaCar.com","Dur\u00e9e de lecture estim\u00e9e":"17 minutes"},"schema":{"@context":"https:\/\/schema.org","@graph":[{"@type":"Article","@id":"https:\/\/www.malagacar.com\/fr\/blog\/loisirs\/festivals-musique-costa-del-sol\/#article","isPartOf":{"@id":"https:\/\/www.malagacar.com\/fr\/blog\/loisirs\/festivals-musique-costa-del-sol\/"},"author":{"name":"MalagaCar.com","@id":"https:\/\/www.malagacar.com\/fr\/blog\/#\/schema\/person\/ffb97005d02bcc7d0bb59f5409635691"},"headline":"Festivals de musique Costa del Sol 2026","datePublished":"2026-05-18T04:42:33+00:00","dateModified":"2026-06-15T05:33:55+00:00","mainEntityOfPage":{"@id":"https:\/\/www.malagacar.com\/fr\/blog\/loisirs\/festivals-musique-costa-del-sol\/"},"wordCount":2177,"commentCount":0,"publisher":{"@id":"https:\/\/www.malagacar.com\/fr\/blog\/#organization"},"image":{"@id":"https:\/\/www.malagacar.com\/fr\/blog\/loisirs\/festivals-musique-costa-del-sol\/#primaryimage"},"thumbnailUrl":"https:\/\/www.malagacar.com\/fr\/blog\/wp-content\/uploads\/2022\/01\/music-festivals-en.jpg","keywords":["costa del sol","Festivals de musique"],"articleSection":["Loisirs"],"inLanguage":"fr-FR","potentialAction":[{"@type":"CommentAction","name":"Comment","target":["https:\/\/www.malagacar.com\/fr\/blog\/loisirs\/festivals-musique-costa-del-sol\/#respond"]}]},{"@type":"WebPage","@id":"https:\/\/www.malagacar.com\/fr\/blog\/loisirs\/festivals-musique-costa-del-sol\/","url":"https:\/\/www.malagacar.com\/fr\/blog\/loisirs\/festivals-musique-costa-del-sol\/","name":"Festivals de musique Costa del Sol 2026 - Blog de MalagaCar.com","isPartOf":{"@id":"https:\/\/www.malagacar.com\/fr\/blog\/#website"},"primaryImageOfPage":{"@id":"https:\/\/www.malagacar.com\/fr\/blog\/loisirs\/festivals-musique-costa-del-sol\/#primaryimage"},"image":{"@id":"https:\/\/www.malagacar.com\/fr\/blog\/loisirs\/festivals-musique-costa-del-sol\/#primaryimage"},"thumbnailUrl":"https:\/\/www.malagacar.com\/fr\/blog\/wp-content\/uploads\/2022\/01\/music-festivals-en.jpg","datePublished":"2026-05-18T04:42:33+00:00","dateModified":"2026-06-15T05:33:55+00:00","description":"Cet \u00e9t\u00e9, la Costa del Sol regorge de festivals et de concerts. D\u00e9couvrez tous les festivals de musique de la Costa del Sol en 2026 !","breadcrumb":{"@id":"https:\/\/www.malagacar.com\/fr\/blog\/loisirs\/festivals-musique-costa-del-sol\/#breadcrumb"},"inLanguage":"fr-FR","potentialAction":[{"@type":"ReadAction","target":["https:\/\/www.malagacar.com\/fr\/blog\/loisirs\/festivals-musique-costa-del-sol\/"]}]},{"@type":"ImageObject","inLanguage":"fr-FR","@id":"https:\/\/www.malagacar.com\/fr\/blog\/loisirs\/festivals-musique-costa-del-sol\/#primaryimage","url":"https:\/\/www.malagacar.com\/fr\/blog\/wp-content\/uploads\/2022\/01\/music-festivals-en.jpg","contentUrl":"https:\/\/www.malagacar.com\/fr\/blog\/wp-content\/uploads\/2022\/01\/music-festivals-en.jpg","width":1200,"height":716,"caption":"Festivals de Musique Costa del Sol"},{"@type":"BreadcrumbList","@id":"https:\/\/www.malagacar.com\/fr\/blog\/loisirs\/festivals-musique-costa-del-sol\/#breadcrumb","itemListElement":[{"@type":"ListItem","position":1,"name":"Accueil","item":"https:\/\/www.malagacar.com\/fr\/blog\/"},{"@type":"ListItem","position":2,"name":"Festivals de musique Costa del Sol 2026"}]},{"@type":"WebSite","@id":"https:\/\/www.malagacar.com\/fr\/blog\/#website","url":"https:\/\/www.malagacar.com\/fr\/blog\/","name":"Blog de MalagaCar.com","description":"Nouvelles et informations int\u00e9ressantes sur la location de voitures \u00e0 l&#039;a\u00e9roport de Malaga.","publisher":{"@id":"https:\/\/www.malagacar.com\/fr\/blog\/#organization"},"potentialAction":[{"@type":"SearchAction","target":{"@type":"EntryPoint","urlTemplate":"https:\/\/www.malagacar.com\/fr\/blog\/?s={search_term_string}"},"query-input":{"@type":"PropertyValueSpecification","valueRequired":true,"valueName":"search_term_string"}}],"inLanguage":"fr-FR"},{"@type":"Organization","@id":"https:\/\/www.malagacar.com\/fr\/blog\/#organization","name":"MalagaCar.com","url":"https:\/\/www.malagacar.com\/fr\/blog\/","logo":{"@type":"ImageObject","inLanguage":"fr-FR","@id":"https:\/\/www.malagacar.com\/fr\/blog\/#\/schema\/logo\/image\/","url":"https:\/\/www.malagacar.com\/fr\/blog\/wp-content\/uploads\/2021\/06\/logo-malagacar-social.png","contentUrl":"https:\/\/www.malagacar.com\/fr\/blog\/wp-content\/uploads\/2021\/06\/logo-malagacar-social.png","width":900,"height":900,"caption":"MalagaCar.com"},"image":{"@id":"https:\/\/www.malagacar.com\/fr\/blog\/#\/schema\/logo\/image\/"},"sameAs":["https:\/\/www.facebook.com\/malagacar","https:\/\/x.com\/malagacarcom","https:\/\/www.instagram.com\/malagacar\/","https:\/\/www.linkedin.com\/company\/malagacar.com","https:\/\/www.youtube.com\/c\/MalagacarAirport"]},{"@type":"Person","@id":"https:\/\/www.malagacar.com\/fr\/blog\/#\/schema\/person\/ffb97005d02bcc7d0bb59f5409635691","name":"MalagaCar.com","image":{"@type":"ImageObject","inLanguage":"fr-FR","@id":"https:\/\/secure.gravatar.com\/avatar\/296ebc31026e7be05868369e4c596b3239b1582b2fcf8a45de57333e2e82bb82?s=96&d=mm&r=g","url":"https:\/\/secure.gravatar.com\/avatar\/296ebc31026e7be05868369e4c596b3239b1582b2fcf8a45de57333e2e82bb82?s=96&d=mm&r=g","contentUrl":"https:\/\/secure.gravatar.com\/avatar\/296ebc31026e7be05868369e4c596b3239b1582b2fcf8a45de57333e2e82bb82?s=96&d=mm&r=g","caption":"MalagaCar.com"},"sameAs":["https:\/\/www.malagacar.com\/fr\/blog"]}]}},"_links":{"self":[{"href":"https:\/\/www.malagacar.com\/fr\/blog\/wp-json\/wp\/v2\/posts\/170","targetHints":{"allow":["GET"]}}],"collection":[{"href":"https:\/\/www.malagacar.com\/fr\/blog\/wp-json\/wp\/v2\/posts"}],"about":[{"href":"https:\/\/www.malagacar.com\/fr\/blog\/wp-json\/wp\/v2\/types\/post"}],"author":[{"embeddable":true,"href":"https:\/\/www.malagacar.com\/fr\/blog\/wp-json\/wp\/v2\/users\/1"}],"replies":[{"embeddable":true,"href":"https:\/\/www.malagacar.com\/fr\/blog\/wp-json\/wp\/v2\/comments?post=170"}],"version-history":[{"count":47,"href":"https:\/\/www.malagacar.com\/fr\/blog\/wp-json\/wp\/v2\/posts\/170\/revisions"}],"predecessor-version":[{"id":3476,"href":"https:\/\/www.malagacar.com\/fr\/blog\/wp-json\/wp\/v2\/posts\/170\/revisions\/3476"}],"wp:featuredmedia":[{"embeddable":true,"href":"https:\/\/www.malagacar.com\/fr\/blog\/wp-json\/wp\/v2\/media\/335"}],"wp:attachment":[{"href":"https:\/\/www.malagacar.com\/fr\/blog\/wp-json\/wp\/v2\/media?parent=170"}],"wp:term":[{"taxonomy":"category","embeddable":true,"href":"https:\/\/www.malagacar.com\/fr\/blog\/wp-json\/wp\/v2\/categories?post=170"},{"taxonomy":"post_tag","embeddable":true,"href":"https:\/\/www.malagacar.com\/fr\/blog\/wp-json\/wp\/v2\/tags?post=170"}],"curies":[{"name":"wp","href":"https:\/\/api.w.org\/{rel}","templated":true}]}}