{"id":1967,"date":"2024-12-31T11:06:12","date_gmt":"2024-12-31T10:06:12","guid":{"rendered":"https:\/\/www.malagacar.com\/fr\/blog\/?p=1967"},"modified":"2025-10-28T10:39:44","modified_gmt":"2025-10-28T09:39:44","slug":"festivals-et-foires-malaga","status":"publish","type":"post","link":"https:\/\/www.malagacar.com\/fr\/blog\/loisirs\/festivals-et-foires-malaga\/","title":{"rendered":"Les principaux festivals gastronomiques et foires de Malaga"},"content":{"rendered":"<p>\u00c0 Malaga, l&rsquo;envie de faire la f\u00eate ne manque jamais. Tout au long de l&rsquo;ann\u00e9e, les occasions sont nombreuses de se plonger dans les activit\u00e9s festives populaires lors des f\u00eates et foires les plus importantes de Malaga.<\/p>\n<p>Ci-dessous, vous d\u00e9couvrirez non seulement les grandes et multiples foires. Nous avons \u00e9galement pr\u00e9par\u00e9 une section avec les f\u00eates uniques des municipalit\u00e9s de la province qui offrent une \u00e9norme richesse gastronomique.<!--more--><\/p>\n\n            <div class=\"banner\">\n                <div class=\"row\">\n                    <div class=\"col-sm-4\">\n                        <a href=\"\/fr\/location-de-voitures\/quote.php\" data-wpel-link=\"internal\"><img decoding=\"async\" src=\"\/images\/banner-img.jpg\" alt=\"malagacar.com\"><\/a>\n                    <\/div>\n                    <div class=\"col-sm-8\">\n                      <a href=\"\/fr\/location-de-voitures\/quote.php\" class=\"banner-title\" data-wpel-link=\"internal\">Meilleure location de voitures <div>\u00e0 l'a\u00e9roport de Malaga<\/div><\/a>   \n                        <div class=\"row\">\n                            <div class=\"col-sm-7\">\n                                <ul>\n                                    <li>Pas de frais de ravitaillement<\/li>\n                                    <li>Annulation gratuite<\/li>\n                                    <li>Location sans interm\u00e9diaire<\/li>\n                                    <li>Payez lorsque vous prenez la voiture<\/li>\n                                    <li><\/li>\n                                <\/ul>\n                            <\/div>\n                            <div class=\"col-sm-5\">\n                                <a class=\"btn-banner\" href=\"\/fr\/location-de-voitures\/quote.php\" data-wpel-link=\"internal\">Consultez les prix<\/a>\n                                <img decoding=\"async\" class=\"zonturent\" src=\"\/images\/zontu-banner.png\" alt=\"\">\n                            <\/div>\n                        <\/div>\n                    <\/div>\n                 <\/div>  \n            <\/div>\n            \n<div id=\"ez-toc-container\" class=\"ez-toc-v2_0_87 counter-hierarchy ez-toc-counter ez-toc-light-blue ez-toc-container-direction\">\n<p class=\"ez-toc-title\" style=\"cursor:inherit\">Table des mati\u00e8res<\/p>\n<label for=\"ez-toc-cssicon-toggle-item-6a9a3e2678f29\" class=\"ez-toc-cssicon-toggle-label\"><span class=\"\"><span class=\"eztoc-hide\" style=\"display:none;\">Toggle<\/span><span class=\"ez-toc-icon-toggle-span\"><svg style=\"fill: #999;color:#999\" xmlns=\"http:\/\/www.w3.org\/2000\/svg\" class=\"list-377408\" width=\"20px\" height=\"20px\" viewBox=\"0 0 24 24\" fill=\"none\"><path d=\"M6 6H4v2h2V6zm14 0H8v2h12V6zM4 11h2v2H4v-2zm16 0H8v2h12v-2zM4 16h2v2H4v-2zm16 0H8v2h12v-2z\" fill=\"currentColor\"><\/path><\/svg><svg style=\"fill: #999;color:#999\" class=\"arrow-unsorted-368013\" xmlns=\"http:\/\/www.w3.org\/2000\/svg\" width=\"10px\" height=\"10px\" viewBox=\"0 0 24 24\" version=\"1.2\" baseProfile=\"tiny\"><path d=\"M18.2 9.3l-6.2-6.3-6.2 6.3c-.2.2-.3.4-.3.7s.1.5.3.7c.2.2.4.3.7.3h11c.3 0 .5-.1.7-.3.2-.2.3-.5.3-.7s-.1-.5-.3-.7zM5.8 14.7l6.2 6.3 6.2-6.3c.2-.2.3-.5.3-.7s-.1-.5-.3-.7c-.2-.2-.4-.3-.7-.3h-11c-.3 0-.5.1-.7.3-.2.2-.3.5-.3.7s.1.5.3.7z\"\/><\/svg><\/span><\/span><\/label><input type=\"checkbox\"  id=\"ez-toc-cssicon-toggle-item-6a9a3e2678f29\"  aria-label=\"Toggle\" \/><nav><ul class='ez-toc-list ez-toc-list-level-1 ' ><li class='ez-toc-page-1 ez-toc-heading-level-2'><a class=\"ez-toc-link ez-toc-heading-1\" href=\"https:\/\/www.malagacar.com\/fr\/blog\/loisirs\/festivals-et-foires-malaga\/#Calendrier_des_foires_les_plus_importantes_de_Malaga\" data-wpel-link=\"internal\">Calendrier des foires les plus importantes de Malaga<\/a><ul class='ez-toc-list-level-3' ><li class='ez-toc-heading-level-3'><a class=\"ez-toc-link ez-toc-heading-2\" href=\"https:\/\/www.malagacar.com\/fr\/blog\/loisirs\/festivals-et-foires-malaga\/#Semaine_de_Paques_Malaga_%E2%80%93_MarsAvril\" data-wpel-link=\"internal\">Semaine de P\u00e2ques Malaga &#8211; Mars\/Avril<\/a><\/li><li class='ez-toc-page-1 ez-toc-heading-level-3'><a class=\"ez-toc-link ez-toc-heading-3\" href=\"https:\/\/www.malagacar.com\/fr\/blog\/loisirs\/festivals-et-foires-malaga\/#Foire_internationale_des_peuples_%E2%80%93_Fuengirola_AvrilMai\" data-wpel-link=\"internal\">Foire internationale des peuples &#8211; Fuengirola Avril\/Mai<\/a><\/li><li class='ez-toc-page-1 ez-toc-heading-level-3'><a class=\"ez-toc-link ez-toc-heading-4\" href=\"https:\/\/www.malagacar.com\/fr\/blog\/loisirs\/festivals-et-foires-malaga\/#Romantique_Ronda_%E2%80%93_Mai\" data-wpel-link=\"internal\">Romantique Ronda &#8211; Mai<\/a><\/li><li class='ez-toc-page-1 ez-toc-heading-level-3'><a class=\"ez-toc-link ez-toc-heading-5\" href=\"https:\/\/www.malagacar.com\/fr\/blog\/loisirs\/festivals-et-foires-malaga\/#Fete_de_la_Saint_Jean_%E2%80%93_23_Juin\" data-wpel-link=\"internal\">F\u00eate de la Saint Jean &#8211; 23 Juin<\/a><\/li><li class='ez-toc-page-1 ez-toc-heading-level-3'><a class=\"ez-toc-link ez-toc-heading-6\" href=\"https:\/\/www.malagacar.com\/fr\/blog\/loisirs\/festivals-et-foires-malaga\/#Foire_dEstepona_%E2%80%93_Juillet\" data-wpel-link=\"internal\">Foire d&rsquo;Estepona &#8211; Juillet<\/a><\/li><li class='ez-toc-page-1 ez-toc-heading-level-3'><a class=\"ez-toc-link ez-toc-heading-7\" href=\"https:\/\/www.malagacar.com\/fr\/blog\/loisirs\/festivals-et-foires-malaga\/#Foire_de_Malaga_%E2%80%93_Aout\" data-wpel-link=\"internal\">Foire de Malaga &#8211; Ao\u00fbt<\/a><\/li><li class='ez-toc-page-1 ez-toc-heading-level-3'><a class=\"ez-toc-link ez-toc-heading-8\" href=\"https:\/\/www.malagacar.com\/fr\/blog\/loisirs\/festivals-et-foires-malaga\/#Pelerinage_et_foire_de_San_Miguel_Torremolinos_%E2%80%93_Septembre\" data-wpel-link=\"internal\">P\u00e8lerinage et foire de San Miguel Torremolinos &#8211; Septembre<\/a><\/li><li class='ez-toc-page-1 ez-toc-heading-level-3'><a class=\"ez-toc-link ez-toc-heading-9\" href=\"https:\/\/www.malagacar.com\/fr\/blog\/loisirs\/festivals-et-foires-malaga\/#Foire_de_Rosario_Fuengirola_%E2%80%93_Octobre\" data-wpel-link=\"internal\">Foire de Rosario Fuengirola &#8211; Octobre<\/a><\/li><\/ul><\/li><li class='ez-toc-page-1 ez-toc-heading-level-2'><a class=\"ez-toc-link ez-toc-heading-10\" href=\"https:\/\/www.malagacar.com\/fr\/blog\/loisirs\/festivals-et-foires-malaga\/#Halloween_a_Malaga\" data-wpel-link=\"internal\">Halloween \u00e0 Malaga<\/a><\/li><li class='ez-toc-page-1 ez-toc-heading-level-2'><a class=\"ez-toc-link ez-toc-heading-11\" href=\"https:\/\/www.malagacar.com\/fr\/blog\/loisirs\/festivals-et-foires-malaga\/#Noel_a_Malaga\" data-wpel-link=\"internal\">No\u00ebl \u00e0 Malaga<\/a><\/li><li class='ez-toc-page-1 ez-toc-heading-level-2'><a class=\"ez-toc-link ez-toc-heading-12\" href=\"https:\/\/www.malagacar.com\/fr\/blog\/loisirs\/festivals-et-foires-malaga\/#Calendrier_des_fetes_populaires_a_Malaga\" data-wpel-link=\"internal\">Calendrier des f\u00eates populaires \u00e0 Malaga<\/a><ul class='ez-toc-list-level-3' ><li class='ez-toc-heading-level-3'><a class=\"ez-toc-link ez-toc-heading-13\" href=\"https:\/\/www.malagacar.com\/fr\/blog\/loisirs\/festivals-et-foires-malaga\/#Janvier\" data-wpel-link=\"internal\">Janvier<\/a><\/li><li class='ez-toc-page-1 ez-toc-heading-level-3'><a class=\"ez-toc-link ez-toc-heading-14\" href=\"https:\/\/www.malagacar.com\/fr\/blog\/loisirs\/festivals-et-foires-malaga\/#Fevrier\" data-wpel-link=\"internal\">F\u00e9vrier<\/a><\/li><li class='ez-toc-page-1 ez-toc-heading-level-3'><a class=\"ez-toc-link ez-toc-heading-15\" href=\"https:\/\/www.malagacar.com\/fr\/blog\/loisirs\/festivals-et-foires-malaga\/#Mars\" data-wpel-link=\"internal\">Mars<\/a><\/li><li class='ez-toc-page-1 ez-toc-heading-level-3'><a class=\"ez-toc-link ez-toc-heading-16\" href=\"https:\/\/www.malagacar.com\/fr\/blog\/loisirs\/festivals-et-foires-malaga\/#Avril\" data-wpel-link=\"internal\">Avril<\/a><\/li><li class='ez-toc-page-1 ez-toc-heading-level-3'><a class=\"ez-toc-link ez-toc-heading-17\" href=\"https:\/\/www.malagacar.com\/fr\/blog\/loisirs\/festivals-et-foires-malaga\/#Juin\" data-wpel-link=\"internal\">Juin<\/a><\/li><li class='ez-toc-page-1 ez-toc-heading-level-3'><a class=\"ez-toc-link ez-toc-heading-18\" href=\"https:\/\/www.malagacar.com\/fr\/blog\/loisirs\/festivals-et-foires-malaga\/#Juillet\" data-wpel-link=\"internal\">Juillet<\/a><\/li><li class='ez-toc-page-1 ez-toc-heading-level-3'><a class=\"ez-toc-link ez-toc-heading-19\" href=\"https:\/\/www.malagacar.com\/fr\/blog\/loisirs\/festivals-et-foires-malaga\/#Aout\" data-wpel-link=\"internal\">Ao\u00fbt<\/a><\/li><li class='ez-toc-page-1 ez-toc-heading-level-3'><a class=\"ez-toc-link ez-toc-heading-20\" href=\"https:\/\/www.malagacar.com\/fr\/blog\/loisirs\/festivals-et-foires-malaga\/#Septembre\" data-wpel-link=\"internal\">Septembre<\/a><\/li><li class='ez-toc-page-1 ez-toc-heading-level-3'><a class=\"ez-toc-link ez-toc-heading-21\" href=\"https:\/\/www.malagacar.com\/fr\/blog\/loisirs\/festivals-et-foires-malaga\/#Octobre\" data-wpel-link=\"internal\">Octobre<\/a><\/li><li class='ez-toc-page-1 ez-toc-heading-level-3'><a class=\"ez-toc-link ez-toc-heading-22\" href=\"https:\/\/www.malagacar.com\/fr\/blog\/loisirs\/festivals-et-foires-malaga\/#Novembre\" data-wpel-link=\"internal\">Novembre<\/a><\/li><li class='ez-toc-page-1 ez-toc-heading-level-3'><a class=\"ez-toc-link ez-toc-heading-23\" href=\"https:\/\/www.malagacar.com\/fr\/blog\/loisirs\/festivals-et-foires-malaga\/#Decembre\" data-wpel-link=\"internal\">D\u00e9cembre<\/a><\/li><\/ul><\/li><\/ul><\/nav><\/div>\n<h2><span class=\"ez-toc-section\" id=\"Calendrier_des_foires_les_plus_importantes_de_Malaga\"><\/span>Calendrier des foires les plus importantes de Malaga<span class=\"ez-toc-section-end\"><\/span><\/h2>\n<p>Les foires de Malaga sont synonymes de joie de vivre, de folklore, de couleurs, de musique, de nourriture et de boissons. Si vous aimez faire la f\u00eate autant que possible, les foires de Malaga sont incontournables.<\/p>\n<h3><span class=\"ez-toc-section\" id=\"Semaine_de_Paques_Malaga_%E2%80%93_MarsAvril\"><\/span>Semaine de P\u00e2ques Malaga &#8211; Mars\/Avril<span class=\"ez-toc-section-end\"><\/span><\/h3>\n<p><a href=\"https:\/\/www.malagacar.com\/fr\/blog\/loisirs\/paques-malaga\/\" data-wpel-link=\"internal\"><img loading=\"lazy\" decoding=\"async\" class=\"alignnone size-full wp-image-519\" src=\"https:\/\/www.malagacar.com\/fr\/blog\/wp-content\/uploads\/2023\/03\/semana-santa-malaga-fr.jpg\" alt=\"paques a malaga\" width=\"1200\" height=\"796\" srcset=\"https:\/\/www.malagacar.com\/fr\/blog\/wp-content\/uploads\/2023\/03\/semana-santa-malaga-fr.jpg 1200w, https:\/\/www.malagacar.com\/fr\/blog\/wp-content\/uploads\/2023\/03\/semana-santa-malaga-fr-300x199.jpg 300w, https:\/\/www.malagacar.com\/fr\/blog\/wp-content\/uploads\/2023\/03\/semana-santa-malaga-fr-1024x679.jpg 1024w, https:\/\/www.malagacar.com\/fr\/blog\/wp-content\/uploads\/2023\/03\/semana-santa-malaga-fr-768x509.jpg 768w\" sizes=\"auto, (max-width: 1200px) 100vw, 1200px\" \/><\/a><\/p>\n<p>La date de P\u00e2ques varie en fonction du car\u00eame et a lieu en mars ou en avril.<\/p>\n<p>Bien qu&rsquo;elle n&rsquo;ait rien \u00e0 voir avec une foire, c&rsquo;est l&rsquo;un des \u00e9v\u00e9nements les plus importants de l&rsquo;ann\u00e9e \u00e0 Malaga, qui attire chaque ann\u00e9e des milliers de fid\u00e8les et de visiteurs.<\/p>\n<p>Nous avons pr\u00e9par\u00e9 une \u00e9dition sp\u00e9ciale sur la <a href=\"https:\/\/www.malagacar.com\/fr\/blog\/loisirs\/paques-malaga\/\" data-wpel-link=\"internal\"><strong>Semaine Sainte \u00e0 Malaga<\/strong><\/a> avec tout ce qu&rsquo;il faut savoir si vous avez l&rsquo;intention de vous y rendre.<\/p>\n<h3><span class=\"ez-toc-section\" id=\"Foire_internationale_des_peuples_%E2%80%93_Fuengirola_AvrilMai\"><\/span>Foire internationale des peuples &#8211; Fuengirola Avril\/Mai<span class=\"ez-toc-section-end\"><\/span><\/h3>\n<p><img loading=\"lazy\" decoding=\"async\" class=\"alignnone wp-image-3577 size-full\" src=\"https:\/\/www.malagacar.com\/sp\/blog\/wp-content\/uploads\/2014\/04\/feria-de-los-pueblos.jpg\" alt=\"International Peoples Fair, Fuengirola\" width=\"640\" height=\"340\" \/><\/p>\n<p>Il s&rsquo;agit de la foire la plus color\u00e9e et la plus internationale de la c\u00f4te, qui attire chaque ann\u00e9e un million de visiteurs.<\/p>\n<p>Plus de 30 nationalit\u00e9s y exposent leur culture, leur danse et leur gastronomie. Les dates sont g\u00e9n\u00e9ralement les derniers jours d&rsquo;avril jusqu&rsquo;au 1er mai.<\/p>\n<h3><span class=\"ez-toc-section\" id=\"Romantique_Ronda_%E2%80%93_Mai\"><\/span>Romantique Ronda &#8211; Mai<span class=\"ez-toc-section-end\"><\/span><\/h3>\n<p><img loading=\"lazy\" decoding=\"async\" class=\"alignnone wp-image-10189 size-full\" src=\"https:\/\/www.malagacar.com\/sp\/blog\/wp-content\/uploads\/2022\/01\/ronda-romantica.jpg\" alt=\"Romantic Ronda \" width=\"640\" height=\"346\" \/><\/p>\n<p>Cet \u00e9v\u00e9nement a lieu \u00e0 Ronda et nous ram\u00e8ne \u00e0 l&rsquo;\u00e9poque des bandoleros (bandits de grand chemin).<\/p>\n<p>Les habitants participent \u00e0 ce festival en costumes d&rsquo;\u00e9poque, il y a des repr\u00e9sentations historiques dans les rues et sur les places pendant un week-end dans une ambiance tr\u00e8s anim\u00e9e, o\u00f9 la gastronomie ne manque pas et o\u00f9 il y a aussi un march\u00e9 m\u00e9di\u00e9val.<\/p>\n<h3><span class=\"ez-toc-section\" id=\"Fete_de_la_Saint_Jean_%E2%80%93_23_Juin\"><\/span>F\u00eate de la Saint Jean &#8211; 23 Juin<span class=\"ez-toc-section-end\"><\/span><\/h3>\n<p><img loading=\"lazy\" decoding=\"async\" class=\"alignnone wp-image-4724 size-full\" src=\"https:\/\/www.malagacar.com\/sp\/blog\/wp-content\/uploads\/2015\/05\/san-juan.jpg\" alt=\"Feast of St. John\" width=\"605\" height=\"310\" \/><\/p>\n<p>Dans toutes les villes c\u00f4ti\u00e8res, des milliers de personnes se r\u00e9unissent en famille et entre amis sur la plage pour c\u00e9l\u00e9brer le d\u00e9but de l&rsquo;\u00e9t\u00e9. La nourriture, les boissons, la danse et les feux de joie traditionnels sont les vedettes de la nuit.<\/p>\n<p>Il y a aussi les rituels traditionnels de San Juan, comme le fait de se mouiller les pieds \u00e0 minuit pour porter chance. La f\u00eate dure pratiquement toute la nuit et de nombreuses personnes restent sur la plage jusqu&rsquo;\u00e0 l&rsquo;aube.<\/p>\n<h3><span class=\"ez-toc-section\" id=\"Foire_dEstepona_%E2%80%93_Juillet\"><\/span>Foire d&rsquo;Estepona &#8211; Juillet<span class=\"ez-toc-section-end\"><\/span><\/h3>\n<p><img loading=\"lazy\" decoding=\"async\" class=\"alignnone wp-image-12459 size-full\" src=\"https:\/\/www.malagacar.com\/sp\/blog\/wp-content\/uploads\/2022\/10\/Estepona.jpg\" alt=\"Estepona Fair\" width=\"1200\" height=\"900\" \/><\/p>\n<p>La foire d&rsquo;Estepona est \u00e9galement l&rsquo;une des plus populaires et des plus ferventes. Pendant six jours et six nuits, pratiquement toute la ville fait la f\u00eate dans les rues, sur les places et sur le champ de foire.<\/p>\n<h3><span class=\"ez-toc-section\" id=\"Foire_de_Malaga_%E2%80%93_Aout\"><\/span>Foire de Malaga &#8211; Ao\u00fbt<span class=\"ez-toc-section-end\"><\/span><\/h3>\n<p><img loading=\"lazy\" decoding=\"async\" class=\"alignnone size-full wp-image-929\" src=\"https:\/\/www.malagacar.com\/fr\/blog\/wp-content\/uploads\/2024\/01\/foire-de-malaga.jpg\" alt=\"Foire de Malaga\" width=\"900\" height=\"900\" srcset=\"https:\/\/www.malagacar.com\/fr\/blog\/wp-content\/uploads\/2024\/01\/foire-de-malaga.jpg 900w, https:\/\/www.malagacar.com\/fr\/blog\/wp-content\/uploads\/2024\/01\/foire-de-malaga-300x300.jpg 300w, https:\/\/www.malagacar.com\/fr\/blog\/wp-content\/uploads\/2024\/01\/foire-de-malaga-150x150.jpg 150w, https:\/\/www.malagacar.com\/fr\/blog\/wp-content\/uploads\/2024\/01\/foire-de-malaga-768x768.jpg 768w, https:\/\/www.malagacar.com\/fr\/blog\/wp-content\/uploads\/2024\/01\/foire-de-malaga-125x125.jpg 125w\" sizes=\"auto, (max-width: 900px) 100vw, 900px\" \/><br \/>\nL&rsquo;une des foires les plus anim\u00e9es et les plus vari\u00e9es d&rsquo;Andalousie, avec celle de S\u00e9ville. Nous vous proposons une \u00e9dition sp\u00e9ciale de la Feria de Malaga, avec tout ce qu&rsquo;il faut savoir.<\/p>\n<h3><span class=\"ez-toc-section\" id=\"Pelerinage_et_foire_de_San_Miguel_Torremolinos_%E2%80%93_Septembre\"><\/span>P\u00e8lerinage et foire de San Miguel Torremolinos &#8211; Septembre<span class=\"ez-toc-section-end\"><\/span><\/h3>\n<p><img loading=\"lazy\" decoding=\"async\" class=\"alignnone wp-image-4923 size-full\" src=\"https:\/\/www.malagacar.com\/sp\/blog\/wp-content\/uploads\/2015\/08\/romeria-san-miguel.jpg\" alt=\"Pilgrimage of San Miguel, Torremolinos\" width=\"640\" height=\"425\" \/><\/p>\n<p>Le p\u00e8lerinage de San Miguel est le p\u00e8lerinage urbain le plus vari\u00e9 d&rsquo;Espagne. Chaque ann\u00e9e, il attire quelque 200 000 personnes qui accompagnent la procession jusqu&rsquo;aux pin\u00e8des de la ville, o\u00f9 se d\u00e9roule une grande f\u00eate champ\u00eatre.<\/p>\n<p>Apr\u00e8s la procession commence la foire de San Miguel, qui dure une semaine : Avec de nombreuses activit\u00e9s et de la musique en direct dans les rues et sur les places, ainsi que dans le parc d&rsquo;exposition.<\/p>\n<h3><span class=\"ez-toc-section\" id=\"Foire_de_Rosario_Fuengirola_%E2%80%93_Octobre\"><\/span>Foire de Rosario Fuengirola &#8211; Octobre<span class=\"ez-toc-section-end\"><\/span><\/h3>\n<p><img loading=\"lazy\" decoding=\"async\" class=\"alignnone wp-image-6379 size-full\" src=\"https:\/\/www.malagacar.com\/sp\/blog\/wp-content\/uploads\/2017\/09\/FERIA_FUENGIROLA.jpg\" alt=\"Rosario Fair Fuengirola\" width=\"1023\" height=\"680\" \/><\/p>\n<p>L&rsquo;une des foires les plus classiques d&rsquo;Andalousie, o\u00f9 pr\u00e9dominent les cal\u00e8ches dans les rues de la ville, les chants et les danses flamenco ou les corridas.<\/p>\n<p>Les champs de foire sont pleins de vie, de couleurs et de joie, avec de nombreux stands pour tous les go\u00fbts o\u00f9 l&rsquo;on peut manger, boire et danser.<\/p>\n<h2><span class=\"ez-toc-section\" id=\"Halloween_a_Malaga\"><\/span>Halloween \u00e0 Malaga<span class=\"ez-toc-section-end\"><\/span><\/h2>\n<p><a href=\"https:\/\/www.malagacar.com\/blog\/leisure\/halloween-in-malaga\/\" data-wpel-link=\"internal\"><img loading=\"lazy\" decoding=\"async\" class=\"alignnone wp-image-8467\" src=\"https:\/\/www.malagacar.com\/blog\/wp-content\/uploads\/2021\/10\/halloween-malaga-en.jpg\" alt=\"halloween malaga\" width=\"999\" height=\"941\" \/><\/a><\/p>\n<p>Les habitants de Malaga aiment faire la f\u00eate, c&rsquo;est pourquoi ils n&rsquo;ont pas tard\u00e9 \u00e0 adopter cette c\u00e9l\u00e9bration celtique.<\/p>\n<p>Si vous souhaitez participer \u00e0 la f\u00eate dans les rues et sur les places de la ville ou de toute autre commune de la Costa del Sol, vous trouverez dans notre \u00e9dition sp\u00e9ciale consacr\u00e9e \u00e0 <a href=\"https:\/\/www.malagacar.com\/fr\/blog\/loisirs\/halloween-a-malaga\/\" data-wpel-link=\"internal\"><strong>Halloween \u00e0 Malaga<\/strong><\/a> tout ce qu&rsquo;il faut savoir.<\/p>\n<h2><span class=\"ez-toc-section\" id=\"Noel_a_Malaga\"><\/span>No\u00ebl \u00e0 Malaga<span class=\"ez-toc-section-end\"><\/span><\/h2>\n<p>Le mois de d\u00e9cembre est le mois de No\u00ebl par excellence \u00e0 Malaga. Dans de nombreuses municipalit\u00e9s, des <a href=\"https:\/\/www.malagacar.com\/fr\/blog\/loisirs\/marches-de-noel-malaga\/\" data-wpel-link=\"internal\"><strong>march\u00e9s de No\u00ebl<\/strong><\/a> sont organis\u00e9s.<\/p>\n<p>La Calle Larios \u00e0 Malaga \u00e9blouit par ses magnifiques <a href=\"https:\/\/www.malagacar.com\/fr\/blog\/loisirs\/illuminations-de-noel-malaga\/\" data-wpel-link=\"internal\"><strong>lumi\u00e8res de No\u00ebl<\/strong><\/a>, qui sont parmi les meilleures au monde.<\/p>\n<p><img loading=\"lazy\" decoding=\"async\" class=\"alignnone size-full wp-image-808\" src=\"https:\/\/www.malagacar.com\/fr\/blog\/wp-content\/uploads\/2023\/11\/illuminations-de-noel-malaga.jpg\" alt=\"illuminations de No\u00ebl \u00e0 Malaga\" width=\"1011\" height=\"569\" srcset=\"https:\/\/www.malagacar.com\/fr\/blog\/wp-content\/uploads\/2023\/11\/illuminations-de-noel-malaga.jpg 1011w, https:\/\/www.malagacar.com\/fr\/blog\/wp-content\/uploads\/2023\/11\/illuminations-de-noel-malaga-300x169.jpg 300w, https:\/\/www.malagacar.com\/fr\/blog\/wp-content\/uploads\/2023\/11\/illuminations-de-noel-malaga-768x432.jpg 768w\" sizes=\"auto, (max-width: 1011px) 100vw, 1011px\" \/><\/p>\n<p>Si vous \u00eates \u00e0 Malaga \u00e0 cette \u00e9poque de l&rsquo;ann\u00e9e, vous serez peut-\u00eatre int\u00e9ress\u00e9 de savoir quels sont les <a href=\"https:\/\/www.malagacar.com\/fr\/blog\/loisirs\/nouvel-an-meilleurs-restaurants-malaga\/\" data-wpel-link=\"internal\"><strong>restaurants ouverts pendant la saison des f\u00eates<\/strong><\/a>.<\/p>\n<h2><span class=\"ez-toc-section\" id=\"Calendrier_des_fetes_populaires_a_Malaga\"><\/span>Calendrier des f\u00eates populaires \u00e0 Malaga<span class=\"ez-toc-section-end\"><\/span><\/h2>\n<p>D\u00e9couvrez le meilleur des comt\u00e9s de Malaga \u00e0 travers leur folklore et leur gastronomie. Cela vaut la peine de prendre la voiture et d&rsquo;explorer l&rsquo;int\u00e9rieur de la province.<\/p>\n<h3><span class=\"ez-toc-section\" id=\"Janvier\"><\/span>Janvier<span class=\"ez-toc-section-end\"><\/span><\/h3>\n<h4>F\u00eates patronales &#8211; Canillas de Albaida<\/h4>\n<figure id=\"attachment_12461\" aria-describedby=\"caption-attachment-12461\" style=\"width: 1080px\" class=\"wp-caption alignnone\"><img loading=\"lazy\" decoding=\"async\" class=\"wp-image-12461 size-full\" src=\"https:\/\/www.malagacar.com\/sp\/blog\/wp-content\/uploads\/2022\/10\/canillas-albaida-Foto-Cadenaser.jpg\" alt=\"Patron saint festivities, Canillas de Albaida\" width=\"1080\" height=\"660\" \/><figcaption id=\"caption-attachment-12461\" class=\"wp-caption-text\">Photo Cadenaser<\/figcaption><\/figure>\n<p>Le week-end le plus proche du 27 janvier, cette f\u00eate a lieu en l&rsquo;honneur de son saint patron, San Anton.<\/p>\n<p>La particularit\u00e9 de cette f\u00eate est que ce saint est le protecteur des animaux domestiques, c&rsquo;est pourquoi de nombreux villageois viennent avec leurs animaux, qui sont b\u00e9nis sur la place du village. Il y a une procession, des feux d&rsquo;artifice et une verveine en l&rsquo;honneur de San Anton, avec des danses et de la gastronomie.<\/p>\n<h3><span class=\"ez-toc-section\" id=\"Fevrier\"><\/span>F\u00e9vrier<span class=\"ez-toc-section-end\"><\/span><\/h3>\n<h4>Journ\u00e9e de la soupe des 7 branches &#8211; El Burgo<\/h4>\n<p><img loading=\"lazy\" decoding=\"async\" class=\"alignnone wp-image-12462 size-full\" src=\"https:\/\/www.malagacar.com\/sp\/blog\/wp-content\/uploads\/2022\/10\/El-Burgo.jpg\" alt=\"7 Branches Soup day, El Burgo\" width=\"600\" height=\"431\" \/><\/p>\n<p>Cette f\u00eate gastronomique a lieu pendant la Journ\u00e9e de l&rsquo;Andalousie, le 28 f\u00e9vrier.<\/p>\n<p>La sopa de los siete ramales (du nom de ses ingr\u00e9dients) est un plat embl\u00e9matique du village. Elle est \u00e9labor\u00e9e de mani\u00e8re traditionnelle et distribu\u00e9e gratuitement aux milliers de visiteurs.<\/p>\n<h4>Journ\u00e9e des amandiers en fleurs &#8211; Guaro<\/h4>\n<p><img loading=\"lazy\" decoding=\"async\" class=\"alignnone wp-image-7503\" src=\"https:\/\/www.malagacar.com\/sp\/blog\/wp-content\/uploads\/2020\/01\/Guaro-celebra-el-d\u00eda-28-de-enero-el-D\u00eda-del-Almendro.jpg\" alt=\"Almond Blossom Day, Guaro\" width=\"1018\" height=\"509\" \/><\/p>\n<p>Cet \u00e9v\u00e9nement a lieu chaque ann\u00e9e \u00e0 des dates diff\u00e9rentes dans ce village blanc de la Serran\u00eda de las Nieves.<\/p>\n<p>Deux parcours de difficult\u00e9 variable sont propos\u00e9s gratuitement \u00e0 travers la belle campagne aux amandiers en fleurs. Vous pouvez vous <a href=\"http:\/\/guaro.es\/\" data-wpel-link=\"external\" rel=\"external noopener noreferrer\"><strong>inscrire aux parcours ici<\/strong><\/a>.<\/p>\n<h4>F\u00eate de l&rsquo;abattage &#8211; Ardales<\/h4>\n<p><a href=\"https:\/\/www.ardales.es\/15032\/fiesta-de-la-matanza\" data-wpel-link=\"external\" rel=\"external noopener noreferrer\"><strong>Dates variables<\/strong><\/a>, de f\u00e9vrier \u00e0 mars.<\/p>\n<p>Pendant ce festival gastronomique, les visiteurs peuvent d\u00e9guster plus de mille kilos de produits d\u00e9riv\u00e9s du porc.<\/p>\n<h4>Carnaval de Malaga<\/h4>\n<figure id=\"attachment_7553\" aria-describedby=\"caption-attachment-7553\" style=\"width: 624px\" class=\"wp-caption alignnone\"><img loading=\"lazy\" decoding=\"async\" class=\"wp-image-7553 size-full\" src=\"https:\/\/www.malagacar.com\/sp\/blog\/wp-content\/uploads\/2020\/01\/carnaval.jpg\" alt=\"Carnival of Malaga\" width=\"624\" height=\"385\" \/><figcaption id=\"caption-attachment-7553\" class=\"wp-caption-text\">Bataille de fleurs dans la rue Larios<\/figcaption><\/figure>\n<p>Avec une date variable, en fonction du Car\u00eame. Concr\u00e8tement, elle se d\u00e9roule de dimanche en dimanche, dans la semaine qui pr\u00e9c\u00e8de le d\u00e9but du Car\u00eame.<\/p>\n<p>De nombreuses activit\u00e9s de loisirs sont organis\u00e9es dans les rues et sur les places du centre historique. Les habitants de Malaga aiment se d\u00e9guiser et f\u00eater ces journ\u00e9es.<\/p>\n<p>Il convient de mentionner tout particuli\u00e8rement la bataille de fleurs du vendredi et l&rsquo;enterrement du Boqueron (anchois). Il s&rsquo;agit d&rsquo;un d\u00e9fil\u00e9 dans les rues jusqu&rsquo;\u00e0 la plage de la Malagueta. Elle a lieu le dimanche pr\u00e9c\u00e9dant le mercredi des Cendres.<\/p>\n<p>Le dimanche pr\u00e9c\u00e9dant le mercredi des Cendres, c&rsquo;est la grande finale du carnaval de Malaga.<\/p>\n<h3><span class=\"ez-toc-section\" id=\"Mars\"><\/span>Mars<span class=\"ez-toc-section-end\"><\/span><\/h3>\n<h4>Journ\u00e9e de Tagarnina &#8211; Villanueva del Rosario<\/h4>\n<figure id=\"attachment_12463\" aria-describedby=\"caption-attachment-12463\" style=\"width: 1200px\" class=\"wp-caption alignnone\"><img loading=\"lazy\" decoding=\"async\" class=\"wp-image-12463 size-full\" src=\"https:\/\/www.malagacar.com\/sp\/blog\/wp-content\/uploads\/2022\/10\/Villanueva-del-Rosario-Foto-Diariosur.jpg\" alt=\"Tagarnina Day, Villanueva del Rosario\" width=\"1200\" height=\"800\" \/><figcaption id=\"caption-attachment-12463\" class=\"wp-caption-text\">Photo Diariosur<\/figcaption><\/figure>\n<p>Ce festival gastronomique a lieu le dernier week-end de mars.<\/p>\n<p>Les visiteurs peuvent d\u00e9guster gratuitement la soupe typique du village, le \u00ab Guiso de tagarnina \u00bb.<\/p>\n<p>Il y a \u00e9galement des activit\u00e9s de randonn\u00e9e, une course populaire \u00ab subida a Hondonero \u00bb, de la musique en direct, des activit\u00e9s pour les enfants et des stands avec des produits gastronomiques et artisanaux typiques.<\/p>\n<h4>Journ\u00e9e du fenouil &#8211; Algatocin<\/h4>\n<figure id=\"attachment_12464\" aria-describedby=\"caption-attachment-12464\" style=\"width: 1000px\" class=\"wp-caption alignnone\"><img loading=\"lazy\" decoding=\"async\" class=\"wp-image-12464 size-full\" src=\"https:\/\/www.malagacar.com\/sp\/blog\/wp-content\/uploads\/2022\/10\/algatocin-Foto-Diario-de-Ronda.jpg\" alt=\"Fennel Day, Algatocin\" width=\"1000\" height=\"667\" \/><figcaption id=\"caption-attachment-12464\" class=\"wp-caption-text\">Photo Diario de Ronda<\/figcaption><\/figure>\n<p>Foire gastronomique consacr\u00e9e au fenouil. Elle a g\u00e9n\u00e9ralement lieu le dernier week-end de mars.<\/p>\n<p>Les villageois pr\u00e9parent ce rago\u00fbt traditionnel \u00e0 base de petits pois, de chorizo et de boudin noir, qui est ensuite distribu\u00e9 gratuitement aux visiteurs.<\/p>\n<p>En outre, des ateliers de cuisine en direct, de la musique live, des ateliers pour enfants et une grande verveine le samedi soir sont organis\u00e9s.<\/p>\n<h3><span class=\"ez-toc-section\" id=\"Avril\"><\/span>Avril<span class=\"ez-toc-section-end\"><\/span><\/h3>\n<h4>F\u00eate de la campagne &#8211; Benamargosa<\/h4>\n<figure id=\"attachment_12465\" aria-describedby=\"caption-attachment-12465\" style=\"width: 990px\" class=\"wp-caption alignnone\"><img loading=\"lazy\" decoding=\"async\" class=\"wp-image-12465 size-full\" src=\"https:\/\/www.malagacar.com\/sp\/blog\/wp-content\/uploads\/2022\/10\/benamargosa-Foto-Cimarca31.jpg\" alt=\"Countryside Festival, Benamargosa\" width=\"990\" height=\"560\" \/><figcaption id=\"caption-attachment-12465\" class=\"wp-caption-text\">Photo Comarca31<\/figcaption><\/figure>\n<p>Un festival culinaire dans ce village blanc de la r\u00e9gion d&rsquo;Axarquia, o\u00f9 les habitants offrent le meilleur de leur r\u00e9colte.<\/p>\n<p>Une grande paella populaire est propos\u00e9e gratuitement et les visiteurs peuvent go\u00fbter la boisson locale, le Baticate (un milk-shake \u00e0 l&rsquo;avocat et \u00e0 la cannelle). Il y a aussi de la musique en direct.<\/p>\n<ul>\n<li>Date variable, plus d&rsquo;<a href=\"https:\/\/www.benamargosa.es\/\" data-wpel-link=\"external\" rel=\"external noopener noreferrer\"><strong>informations ici<\/strong><\/a>.<\/li>\n<\/ul>\n<h4>Journ\u00e9e de l&rsquo;huile d&rsquo;olive &#8211; Periana<\/h4>\n<figure id=\"attachment_12467\" aria-describedby=\"caption-attachment-12467\" style=\"width: 643px\" class=\"wp-caption alignnone\"><img loading=\"lazy\" decoding=\"async\" class=\"wp-image-12467 size-full\" src=\"https:\/\/www.malagacar.com\/sp\/blog\/wp-content\/uploads\/2022\/10\/periana-Foto-Axarquia-Costa-del-Sol.jpg\" alt=\"Verdial Olive oil Day, Periana\" width=\"643\" height=\"494\" \/><figcaption id=\"caption-attachment-12467\" class=\"wp-caption-text\">Photo Axarquia Costa del Sol<\/figcaption><\/figure>\n<p>Festival gastronomique consacr\u00e9 \u00e0 \u00ab l&rsquo;or liquide \u00bb de la vari\u00e9t\u00e9 Verdial, produit dans ce village et caract\u00e9ris\u00e9 par sa saveur fruit\u00e9e.<\/p>\n<p>Les visiteurs peuvent d\u00e9guster cette huile lors de l&rsquo;un des \u00e9v\u00e9nements gastronomiques les plus importants de la province de Malaga.<\/p>\n<p>La f\u00eate commence le matin \u00e0 10 heures avec le petit-d\u00e9jeuner typique du meunier, compos\u00e9 de pain, de morue, de haricots verts et d&rsquo;huile d&rsquo;olive vierge. De plus, il y a des groupes de musique verdiale.<\/p>\n<ul>\n<li>Date variable, <a href=\"https:\/\/www.periana.es\/\" data-wpel-link=\"external\" rel=\"external noopener noreferrer\"><strong>plus d&rsquo;informations<\/strong><\/a>.<\/li>\n<\/ul>\n<h4>Journ\u00e9e du boudin noir &#8211; Canillas de Aceituno<\/h4>\n<p><img loading=\"lazy\" decoding=\"async\" class=\"alignnone wp-image-12468 size-full\" src=\"https:\/\/www.malagacar.com\/sp\/blog\/wp-content\/uploads\/2022\/10\/canillas-de-aceituno.jpg\" alt=\"Black pudding day, Canillas de Aceituno\" width=\"880\" height=\"495\" \/><\/p>\n<p>Cette f\u00eate gastronomique a lieu le dernier dimanche d&rsquo;avril et co\u00efncide avec les f\u00eates patronales.<\/p>\n<p>Les habitants distribuent plusieurs centaines de kilos de boudin noir aux visiteurs, accompagn\u00e9s de vin et de musique live.<\/p>\n<h4>Passion du Christ &#8211; Istan<\/h4>\n<figure id=\"attachment_12469\" aria-describedby=\"caption-attachment-12469\" style=\"width: 490px\" class=\"wp-caption alignnone\"><img loading=\"lazy\" decoding=\"async\" class=\"wp-image-12469 size-full\" src=\"https:\/\/www.malagacar.com\/sp\/blog\/wp-content\/uploads\/2022\/10\/Istan-Foto-DiarioSur.jpg\" alt=\"Passion of Christ, Istan\" width=\"490\" height=\"578\" \/><figcaption id=\"caption-attachment-12469\" class=\"wp-caption-text\">Photo DiarioSur<\/figcaption><\/figure>\n<p>Dans le village d&rsquo;Istan, un spectacle sp\u00e9cial a lieu chaque jeudi saint.<\/p>\n<p>Des centaines d&rsquo;habitants participent \u00e0 la reconstitution de la Passion du Christ dans le cadre naturel de la Sierra.<\/p>\n<h4>Festival Sakura &#8211; Alfarnate<\/h4>\n<p>Un nouvel \u00e9v\u00e9nement inspir\u00e9 par le sakura japonais, la fleur de cerisier.<\/p>\n<p>Les cerises d&rsquo;Alfarnate sont c\u00e9l\u00e8bres et le village propose de nombreuses \u00ab activit\u00e9s de fusion \u00bb telles que le march\u00e9 du sakura, des d\u00e9fil\u00e9s fantastiques, la mode japonaise, des ateliers, des promenades au sakura (cerisier en fleur), des ateliers d&rsquo;origami, d&rsquo;\u00e9criture japonaise, d&rsquo;hanami, de v\u00eatements japonais ou des expositions d&rsquo;a\u00efkido.<\/p>\n<h4>Journ\u00e9e de l&rsquo;escargot &#8211; Riogordo<\/h4>\n<p>F\u00eate gastronomique de ce plat typique, des escargots en rago\u00fbt, pr\u00e9par\u00e9s localement, servis avec des olives et du vin local. Une grande f\u00eate est \u00e9galement organis\u00e9e avec un d\u00e9fil\u00e9, des chorales, des danses et une foire au b\u00e9tail.<\/p>\n<h4>Journ\u00e9e de l&rsquo;orange &#8211; Istan<\/h4>\n<figure id=\"attachment_12471\" aria-describedby=\"caption-attachment-12471\" style=\"width: 1200px\" class=\"wp-caption alignnone\"><img loading=\"lazy\" decoding=\"async\" class=\"wp-image-12471 size-full\" src=\"https:\/\/www.malagacar.com\/sp\/blog\/wp-content\/uploads\/2022\/10\/istan-Foto-Diputacion-de-Malaga-1.jpg\" alt=\"Orange Day, Istan\" width=\"1200\" height=\"900\" \/><figcaption id=\"caption-attachment-12471\" class=\"wp-caption-text\">Photo Diputaci\u00f3n de M\u00e1laga<\/figcaption><\/figure>\n<p>Festival gastronomique dans ce village situ\u00e9 dans la Sierra de las Nieves.<\/p>\n<p>Les visiteurs peuvent non seulement d\u00e9guster de nombreuses recettes \u00e0 base d&rsquo;oranges, mais aussi d&rsquo;anciennes recettes culinaires telles que le rago\u00fbt de fenouil, le potiron frit avec de la morue et des palourdes, les migas et des desserts tels que les zah\u00ednas, la bouillie frite ou le riz au lait.<\/p>\n<p>Des danses et de la musique sont \u00e9galement propos\u00e9es par diff\u00e9rents \u00ab pandas de verdiales \u00bb.<\/p>\n<h4>Journ\u00e9e de la soupe &#8211; Monda<\/h4>\n<p><img loading=\"lazy\" decoding=\"async\" class=\"alignnone wp-image-10822\" src=\"https:\/\/www.malagacar.com\/sp\/blog\/wp-content\/uploads\/2021\/04\/sopa-mondena.jpg\" alt=\"Monda Soup Day, Monda\" width=\"983\" height=\"462\" \/><\/p>\n<p>Monda, un autre village de la Sierra de las Nieves, c\u00e9l\u00e8bre son fameux \u00ab D\u00eda de la Sopa Monde\u00f1a \u00bb, un plat typique des ouvriers agricoles, pr\u00e9par\u00e9 de mani\u00e8re traditionnelle.<\/p>\n<p>Il y a \u00e9galement des spectacles musicaux et un march\u00e9 de rue avec des produits artisanaux et alimentaires typiques de la r\u00e9gion.<\/p>\n<h4>Journ\u00e9e du Loquat &#8211; Sayalonga<\/h4>\n<figure id=\"attachment_11099\" aria-describedby=\"caption-attachment-11099\" style=\"width: 1202px\" class=\"wp-caption alignnone\"><img loading=\"lazy\" decoding=\"async\" class=\"wp-image-11099\" src=\"https:\/\/www.malagacar.com\/sp\/blog\/wp-content\/uploads\/2022\/05\/nisperos-de-sayalonga-foto-laalacenademalaga-scaled.jpg\" alt=\"Loquat Day, Sayalonga\" width=\"1202\" height=\"562\" \/><figcaption id=\"caption-attachment-11099\" class=\"wp-caption-text\">Photo Laalacenademalaga<\/figcaption><\/figure>\n<p>Un festival culinaire dans ce village situ\u00e9 dans la r\u00e9gion de l&rsquo;Axarquia. Les visiteurs peuvent d\u00e9guster les produits typiques de la commune, tels que les c\u00e9l\u00e8bres liqueurs et confitures de n\u00e8fles. Il y a aussi du th\u00e9\u00e2tre, des expositions et un march\u00e9 artisanal.<\/p>\n<h4>Journ\u00e9e de l&rsquo;asperge &#8211; Sierra de Yeguas<\/h4>\n<p>Ce village d\u00e9di\u00e9 \u00e0 la culture de l&rsquo;asperge invite les visiteurs \u00e0 d\u00e9guster des asperges cuisin\u00e9es de mani\u00e8re traditionnelle, en omelette, brouill\u00e9es et grill\u00e9es, ainsi qu&rsquo;une grande paella de plus de mille portions.<\/p>\n<h4>P\u00e8lerinage de San Isidro &#8211; 15 Mai<\/h4>\n<p><img loading=\"lazy\" decoding=\"async\" class=\"alignnone wp-image-7078 size-full\" src=\"https:\/\/www.malagacar.com\/sp\/blog\/wp-content\/uploads\/2019\/04\/san-isidro-estepona.jpg\" alt=\"San Isidro Estepona\" width=\"960\" height=\"639\" \/><\/p>\n<p>Une f\u00eate color\u00e9e d\u00e9di\u00e9e \u00e0 San Isidro, le patron des agriculteurs, avec des rues d\u00e9cor\u00e9es, beaucoup de gastronomie et des danses traditionnelles.<\/p>\n<p>Les villages les plus impliqu\u00e9s dans ces festivit\u00e9s sont Estepona, Periana, Alcauc\u00edn, Churriana, Alfarnate, Ardales, Nerja, C\u00e1rtama.<\/p>\n<h3><span class=\"ez-toc-section\" id=\"Juin\"><\/span>Juin<span class=\"ez-toc-section-end\"><\/span><\/h3>\n<h4>Journ\u00e9e des cerises &#8211; Alfarnate<\/h4>\n<p><img loading=\"lazy\" decoding=\"async\" class=\"alignnone wp-image-9261 size-full\" src=\"https:\/\/www.malagacar.com\/sp\/blog\/wp-content\/uploads\/2021\/08\/cerezas-alfarnate.jpg\" alt=\"cherries alfarnate\" width=\"798\" height=\"405\" \/><\/p>\n<p>Ce village produit probablement les meilleures cerises de toute la province de Malaga.<\/p>\n<p>Ce jour-l\u00e0, vous pourrez d\u00e9guster et acheter plus de 600 kg de cerises.<\/p>\n<p>Des stands proposent \u00e9galement d&rsquo;autres produits locaux, tels que du pain, des confiseries, des l\u00e9gumes et de l&rsquo;huile d&rsquo;olive. Le tout dans une ambiance festive avec du fandango et des danses traditionnelles.<\/p>\n<h3><span class=\"ez-toc-section\" id=\"Juillet\"><\/span>Juillet<span class=\"ez-toc-section-end\"><\/span><\/h3>\n<h4>F\u00eates maritimes de la Virgen del Carmen &#8211; 15 juillet<\/h4>\n<p><img loading=\"lazy\" decoding=\"async\" class=\"alignnone size-full wp-image-11237\" src=\"https:\/\/www.malagacar.com\/sp\/blog\/wp-content\/uploads\/2022\/05\/virgen-del-carmen.jpg\" alt=\"virgen del carmen\" width=\"624\" height=\"385\" \/><\/p>\n<p>L&rsquo;une des processions les plus \u00e9mouvantes de l&rsquo;ann\u00e9e. La Virgen del Carmen est la patronne des p\u00eacheurs.<\/p>\n<p>La procession passe par les rues et s&#8217;embarque finalement dans la mer, accompagn\u00e9e de centaines de fid\u00e8les.<\/p>\n<p>Les municipalit\u00e9s les plus impliqu\u00e9es dans cette tradition sont Estepona, Torremolinos, La Carihuela et Malaga \u00e0 El Palo.<\/p>\n<h3><span class=\"ez-toc-section\" id=\"Aout\"><\/span>Ao\u00fbt<span class=\"ez-toc-section-end\"><\/span><\/h3>\n<h4>F\u00eate du gazpacho &#8211; Alfarnatejo<\/h4>\n<figure id=\"attachment_12472\" aria-describedby=\"caption-attachment-12472\" style=\"width: 1200px\" class=\"wp-caption alignnone\"><img loading=\"lazy\" decoding=\"async\" class=\"wp-image-12472 size-full\" src=\"https:\/\/www.malagacar.com\/sp\/blog\/wp-content\/uploads\/2022\/10\/Alfarnatejo-Foto-Axarquia-Costa-del-Sol.jpg\" alt=\"Gazpacho festival, Alfarnatejo\" width=\"1200\" height=\"755\" \/><figcaption id=\"caption-attachment-12472\" class=\"wp-caption-text\">Photo Axarquia Costa del Sol<\/figcaption><\/figure>\n<p>Lorsque la chaleur du mois d&rsquo;ao\u00fbt devient insupportable, nous pouvons nous rendre \u00e0 Alfarnatejo et go\u00fbter \u00e0 la traditionnelle soupe froide andalouse pour lutter contre la chaleur.<\/p>\n<p>Ce village, situ\u00e9 \u00e0 plus de 700 m d&rsquo;altitude, a une fa\u00e7on particuli\u00e8re de pr\u00e9parer le Gazpacho, dont les ingr\u00e9dients sont enti\u00e8rement hach\u00e9s \u00e0 la main, que les visiteurs peuvent essayer gratuitement.<\/p>\n<p>Des verbenas et des spectacles de flamenco compl\u00e8tent le programme.<\/p>\n<h4>Journ\u00e9e du raisin muscat &#8211; Iznate<\/h4>\n<p>Ce village, situ\u00e9 dans la r\u00e9gion de l&rsquo;Axarquia, se consacre \u00e0 la culture de ce c\u00e9page particulier. La f\u00eate est organis\u00e9e en guise de remerciement pour la r\u00e9colte qui est sur le point d&rsquo;avoir lieu.<\/p>\n<h4>Nuit du vin &#8211; Competa<\/h4>\n<figure id=\"attachment_12473\" aria-describedby=\"caption-attachment-12473\" style=\"width: 984px\" class=\"wp-caption alignnone\"><img loading=\"lazy\" decoding=\"async\" class=\"wp-image-12473 size-full\" src=\"https:\/\/www.malagacar.com\/sp\/blog\/wp-content\/uploads\/2022\/10\/competa-Foto-DiarioSur.jpg\" alt=\"Wine night, Competa\" width=\"984\" height=\"468\" \/><figcaption id=\"caption-attachment-12473\" class=\"wp-caption-text\">Photo DiarioSur<\/figcaption><\/figure>\n<p>Competa est \u00e9galement d\u00e9di\u00e9e \u00e0 la culture du raisin. Tous les 15 ao\u00fbt, la f\u00eate commence par le traditionnel foulage du raisin.<\/p>\n<p>Il y a beaucoup de musique traditionnelle, un pique-nique \u00e0 midi et la f\u00eate se poursuit jusqu&rsquo;au soir avec du vin et la distribution de migas, de salades et de morue aux visiteurs. Le tout est anim\u00e9 par des chants flamenco et un march\u00e9 artisanal.<\/p>\n<h4>Festival des trois cultures &#8211; Frigiliana<\/h4>\n<p><img loading=\"lazy\" decoding=\"async\" class=\"alignnone wp-image-12474 size-full\" src=\"https:\/\/www.malagacar.com\/sp\/blog\/wp-content\/uploads\/2022\/10\/Frigiliana.jpg\" alt=\"Three cultures Festival, Frigiliana\" width=\"1200\" height=\"801\" \/><\/p>\n<p>L&rsquo;un des plus beaux \u00e9v\u00e9nements de l&rsquo;Axarquia est ce festival qui se d\u00e9roule chaque ann\u00e9e dans ce c\u00e9l\u00e8bre village blanc situ\u00e9 \u00e0 deux pas de Nerja.<\/p>\n<p>Le festival rend hommage \u00e0 la coexistence pacifique des trois grandes religions pendant la domination musulmane au Moyen \u00c2ge.<\/p>\n<p>Il y a beaucoup de musique, de jonglerie, de fakir, de danse du ventre et aussi des activit\u00e9s pour les enfants avec des jeux traditionnels, des contes, du th\u00e9\u00e2tre pour enfants et des marionnettes. La gastronomie n&rsquo;est pas en reste.<\/p>\n<ul>\n<li>Plus d&rsquo;<a href=\"https:\/\/www.festivalfrigiliana3culturas.com\/\" data-wpel-link=\"external\" rel=\"external noopener noreferrer\"><strong>informations ici<\/strong><\/a><\/li>\n<\/ul>\n<h4>Festival des Maures et des Chr\u00e9tiens &#8211; Benadalid<\/h4>\n<p>Cette repr\u00e9sentation th\u00e9\u00e2trale a lieu dans les rues et sur les places de la partie orientale de la Serran\u00eda de Ronda.<\/p>\n<p>Pendant deux jours, les habitants recr\u00e9ent la bataille de l&rsquo;historique soul\u00e8vement mud\u00e9jar qui eut lieu dans la Sierra Bermeja en 1501.<\/p>\n<h3><span class=\"ez-toc-section\" id=\"Septembre\"><\/span>Septembre<span class=\"ez-toc-section-end\"><\/span><\/h3>\n<h4>Festival Ajoblanco &#8211; Almachar<\/h4>\n<figure id=\"attachment_12475\" aria-describedby=\"caption-attachment-12475\" style=\"width: 1200px\" class=\"wp-caption alignnone\"><img loading=\"lazy\" decoding=\"async\" class=\"wp-image-12475 size-full\" src=\"https:\/\/www.malagacar.com\/sp\/blog\/wp-content\/uploads\/2022\/10\/almachar-Foto-MalagaHoy.jpg\" alt=\"Ajoblanco Festival, Almachar\" width=\"1200\" height=\"675\" \/><figcaption id=\"caption-attachment-12475\" class=\"wp-caption-text\">Photo MalagaHoy<\/figcaption><\/figure>\n<p>Un festival gastronomique qui a lieu tous les premiers samedis de septembre. Cette soupe froide d&rsquo;origine arabe, \u00e0 base d&rsquo;amandes et d&rsquo;ail, est id\u00e9ale pour les mois chauds de l&rsquo;\u00e9t\u00e9.<\/p>\n<p>Les visiteurs peuvent se d\u00e9salt\u00e9rer gr\u00e2ce \u00e0 des d\u00e9gustations gratuites. Tout le village est d\u00e9cor\u00e9 et il y a aussi des \u00ab Pandas de verdiales \u00bb. Le soir, la f\u00eate se poursuit avec un grand moraga et de la sangria gratuite.<\/p>\n<h4>F\u00eate des vendanges &#8211; Manilva<\/h4>\n<p><img loading=\"lazy\" decoding=\"async\" class=\"alignnone wp-image-7182 size-full\" src=\"https:\/\/www.malagacar.com\/sp\/blog\/wp-content\/uploads\/2019\/08\/Manilva-Vendimina.jpg\" alt=\"Grape harvest festival, Manilva\" width=\"550\" height=\"366\" \/><\/p>\n<p>Manilva \u00e9tait autrefois consacr\u00e9e \u00e0 la culture de la vigne. Cette tradition se perp\u00e9tue \u00e0 l&rsquo;occasion de la f\u00eate des vendanges, avec le traditionnel foulage du raisin.<\/p>\n<p>Le jus de raisin issu du premier foulage (mosto) est ensuite distribu\u00e9 aux visiteurs, et la gastronomie et la musique ne manquent pas pour animer l&rsquo;\u00e9v\u00e9nement.<\/p>\n<h4>F\u00eate de l&rsquo;anchois de Victoria &#8211; Rincon de la Victoria<\/h4>\n<p><img loading=\"lazy\" decoding=\"async\" class=\"alignnone wp-image-12476 size-full\" src=\"https:\/\/www.malagacar.com\/sp\/blog\/wp-content\/uploads\/2022\/10\/Rincon.jpg\" alt=\"Victorian Anchovy Festival, Rincon de la Victoria\" width=\"960\" height=\"341\" \/><\/p>\n<p>L&rsquo;un des plus grands \u00e9v\u00e9nements gastronomiques de la province. Pendant plusieurs jours, de nombreuses activit\u00e9s sont organis\u00e9es autour du c\u00e9l\u00e8bre produit victorien qu&rsquo;est l&rsquo;anchois :<\/p>\n<p>Showcookings, musique live, ateliers et stands de produits agroalimentaires. Et bien s\u00fbr, plusieurs milliers de kilos de ce mets tr\u00e8s pris\u00e9 sont distribu\u00e9s sous toutes ses formes de pr\u00e9paration.<\/p>\n<h4>Foire de Maravillas &#8211; Maro<\/h4>\n<p>Ce petit village tr\u00e8s proche de Nerja c\u00e9l\u00e8bre chaque ann\u00e9e les f\u00eates en l&rsquo;honneur de sa patronne, la Virgen de las Maravillas, du 6 au 10 septembre.<\/p>\n<h4>F\u00eate de la lune mauresque &#8211; Guaro<\/h4>\n<p><img loading=\"lazy\" decoding=\"async\" class=\"alignnone wp-image-4917 size-full\" src=\"https:\/\/www.malagacar.com\/sp\/blog\/wp-content\/uploads\/2015\/08\/Luna-Mora-Guaro.jpg\" alt=\"Moorish Moon Festival, Guaro\" width=\"500\" height=\"377\" \/><\/p>\n<p>Cet \u00e9v\u00e9nement populaire et multitudinaire se d\u00e9roule pendant tout un week-end.<\/p>\n<p>Dans ce village de la Sierra de las Nieves, la musique et la culture andalouses sont c\u00e9l\u00e9br\u00e9es \u00e0 la lumi\u00e8re de milliers de bougies. On y trouve de la gastronomie, de la musique, des ateliers et un grand souk avec des produits artisanaux.<\/p>\n<h4>Enchantement d&rsquo;Al Andalus &#8211; Carratraca<\/h4>\n<p>Cet \u00e9v\u00e9nement a \u00e9galement lieu \u00e0 Carratraca pour c\u00e9l\u00e9brer la culture andalouse. Avec plus de 20 000 bougies, les visiteurs peuvent profiter d&rsquo;un march\u00e9 artisanal, de musique live et de nombreux plats gastronomiques.<\/p>\n<h4>Festival de la ch\u00e8vre de Malaga &#8211; Casabermeja<\/h4>\n<p>Un festival gastronomique autour du fromage de ch\u00e8vre. Musique en direct, march\u00e9 artisanal, d\u00e9gustation de fromages et bien plus encore.<\/p>\n<h4>Journ\u00e9e du raisin sec &#8211; El Borge<\/h4>\n<figure id=\"attachment_12477\" aria-describedby=\"caption-attachment-12477\" style=\"width: 1200px\" class=\"wp-caption alignnone\"><img loading=\"lazy\" decoding=\"async\" class=\"wp-image-12477 size-full\" src=\"https:\/\/www.malagacar.com\/sp\/blog\/wp-content\/uploads\/2022\/10\/El-Borge-Foto-Visita-Costa-del-Sol.jpg\" alt=\"Raisin Day, El Borge\" width=\"1200\" height=\"611\" \/><figcaption id=\"caption-attachment-12477\" class=\"wp-caption-text\">Photo Visita Costa del Sol<\/figcaption><\/figure>\n<p>El Borge est un village producteur de raisins secs par excellence.<\/p>\n<p>Des milliers de visiteurs s&rsquo;y retrouvent chaque ann\u00e9e pour cet \u00e9v\u00e9nement gastronomique avec des d\u00e9gustations de raisins secs, de gaspacho, de vin de muscat, de charcuterie et d&rsquo;autres produits typiques de la gastronomie de la r\u00e9gion de l&rsquo;Axarquia. Et bien s\u00fbr, la musique ne manque pas.<\/p>\n<h4>Journ\u00e9e de l&rsquo;amande &#8211; Almog\u00eda<\/h4>\n<p>Cet \u00e9v\u00e9nement gastronomique a lieu tous les derniers dimanches de septembre dans ce village de la r\u00e9gion du Guadalhorce.<\/p>\n<p>Il y a des expositions d&rsquo;artisanat, de la musique en direct et des d\u00e9gustations de chanfaina, de fromage, d&rsquo;almendrado, de desserts et de vins locaux.<\/p>\n<h3><span class=\"ez-toc-section\" id=\"Octobre\"><\/span>Octobre<span class=\"ez-toc-section-end\"><\/span><\/h3>\n<h4>Journ\u00e9e de la soupe de Perota &#8211; Alora<\/h4>\n<p><img loading=\"lazy\" decoding=\"async\" class=\"alignnone wp-image-12478 size-full\" src=\"https:\/\/www.malagacar.com\/sp\/blog\/wp-content\/uploads\/2022\/10\/alora.jpg\" alt=\"Perota Soup Day, Alora\" width=\"550\" height=\"367\" \/><\/p>\n<p>Un festival gastronomique autour du plat traditionnel le plus important de cette ville, accompagn\u00e9 des c\u00e9l\u00e8bres olives Alore\u00f1a, du pain et du vin locaux, ainsi que de nombreuses activit\u00e9s parall\u00e8les.<\/p>\n<h4>Foire aux fromages artisanaux &#8211; Teba<\/h4>\n<figure id=\"attachment_12479\" aria-describedby=\"caption-attachment-12479\" style=\"width: 1200px\" class=\"wp-caption alignnone\"><img loading=\"lazy\" decoding=\"async\" class=\"wp-image-12479 size-full\" src=\"https:\/\/www.malagacar.com\/sp\/blog\/wp-content\/uploads\/2022\/10\/teba-Foto-Visita-Costa-del-Sol.jpg\" alt=\"Artisan Cheese Fair, Teba\" width=\"1200\" height=\"611\" \/><figcaption id=\"caption-attachment-12479\" class=\"wp-caption-text\">Photo Visita Costa del Sol<\/figcaption><\/figure>\n<p>Les amateurs de fromages artisanaux trouveront \u00e0 cette foire les meilleurs fromages andalous et les appellations d&rsquo;origine les plus importantes de la p\u00e9ninsule ib\u00e9rique.<\/p>\n<p>Des d\u00e9gustations et des ventes de fromages sont organis\u00e9es, ainsi que des produits typiques de la gastronomie locale tels que des saucisses, du miel, des vins et des p\u00e2tisseries.<\/p>\n<ul>\n<li><a href=\"https:\/\/www.feriadelquesoteba.com\/\" data-wpel-link=\"external\" rel=\"external noopener noreferrer\"><strong>Plus d&rsquo;informations<\/strong><\/a><\/li>\n<\/ul>\n<h4>Monf\u00ed Festival &#8211; Cutar<\/h4>\n<figure id=\"attachment_10481\" aria-describedby=\"caption-attachment-10481\" style=\"width: 604px\" class=\"wp-caption alignnone\"><img loading=\"lazy\" decoding=\"async\" class=\"wp-image-10481 \" src=\"https:\/\/www.malagacar.com\/sp\/blog\/wp-content\/uploads\/2021\/03\/Cutar-768x1024.jpg\" alt=\"C\u00fatar\" width=\"604\" height=\"806\" \/><figcaption id=\"caption-attachment-10481\" class=\"wp-caption-text\">C\u00fatar<\/figcaption><\/figure>\n<p>Ce village d&rsquo;origine arabe rend hommage \u00e0 son pass\u00e9 avec un march\u00e9 color\u00e9, des d\u00e9gustations gastronomiques et un vaste programme d&rsquo;activit\u00e9s telles que des d\u00e9fil\u00e9s, des ateliers, de la musique, du tir \u00e0 l&rsquo;arc et des expositions d&rsquo;oiseaux de proie et de l&rsquo;art de la fauconnerie.<\/p>\n<h4>F\u00eate de la ch\u00e2taigne et du vin &#8211; Yunquera<\/h4>\n<p><img loading=\"lazy\" decoding=\"async\" class=\"alignnone wp-image-9430\" src=\"https:\/\/www.malagacar.com\/sp\/blog\/wp-content\/uploads\/2019\/09\/feria-del-vino-y-la-castana-yunquera-scaled.jpg\" alt=\"Chestnut and wine festival, Yunquera\" width=\"606\" height=\"909\" \/><\/p>\n<p>Les grandes for\u00eats de ch\u00e2taigniers de la Sierra de las Nieves produisent d&rsquo;excellents fruits.<\/p>\n<p>Cette f\u00eate a lieu au moment de la r\u00e9colte des ch\u00e2taignes. Le programme est vaste et comprend des itin\u00e9raires touristiques, des d\u00e9gustations, des concours, des concerts et des d\u00e9fil\u00e9s.<\/p>\n<h3><span class=\"ez-toc-section\" id=\"Novembre\"><\/span>Novembre<span class=\"ez-toc-section-end\"><\/span><\/h3>\n<h4>F\u00eate de la ch\u00e2taigne &#8211; Pujerra<\/h4>\n<p><img loading=\"lazy\" decoding=\"async\" class=\"alignnone wp-image-9431\" src=\"https:\/\/www.malagacar.com\/sp\/blog\/wp-content\/uploads\/2019\/09\/feria-castana-pujerra-scaled.jpg\" alt=\"Chestut Festival, Pujerra\" width=\"608\" height=\"405\" \/><\/p>\n<p>Ce village de la Serran\u00eda de Ronda est un autre village qui c\u00e9l\u00e8bre \u00e0 la Toussaint son produit par excellence, la ch\u00e2taigne.<\/p>\n<p>Il y a non seulement une torr\u00e9faction de ch\u00e2taignes, mais aussi une d\u00e9gustation de produits \u00e0 base de ch\u00e2taignes et beaucoup de musique. Si vous arrivez t\u00f4t, vers 9 h 30, vous pouvez vous inscrire pour recevoir gratuitement des churros au chocolat pour tout le village.<\/p>\n<h4>F\u00eate du Tost\u00f3n &#8211; Ojen<\/h4>\n<p><img loading=\"lazy\" decoding=\"async\" class=\"alignnone size-full wp-image-7234\" src=\"https:\/\/www.malagacar.com\/sp\/blog\/wp-content\/uploads\/2019\/10\/toston-ojen.jpg\" alt=\"tost\u00f3n oj\u00e9n\" width=\"600\" height=\"300\" \/><\/p>\n<p>La f\u00eate du Tost\u00f3n d&rsquo;Ojen est l&rsquo;une de ses c\u00e9l\u00e9brations les plus traditionnelles.<\/p>\n<p>Elle a lieu le premier dimanche apr\u00e8s la Toussaint. On y d\u00e9guste des ch\u00e2taignes grill\u00e9es, des raisins secs \u00e0 l&rsquo;eau-de-vie, du chorizo et du lard fra\u00eechement grill\u00e9.<\/p>\n<p>Un march\u00e9 d&rsquo;artisanat et de produits locaux est \u00e9galement organis\u00e9.<\/p>\n<h4>F\u00eate du mo\u00fbt de raisin &#8211; Atajate<\/h4>\n<p>La Fiesta del Mosto a lieu le dernier samedi de novembre. Sur la place du village, on peut d\u00e9guster gratuitement les diff\u00e9rentes vari\u00e9t\u00e9s de mo\u00fbt produites par chaque famille.<\/p>\n<h4>F\u00eate du mo\u00fbt et de la charcuterie &#8211; Colmenar<\/h4>\n<figure id=\"attachment_12480\" aria-describedby=\"caption-attachment-12480\" style=\"width: 629px\" class=\"wp-caption alignnone\"><img loading=\"lazy\" decoding=\"async\" class=\"wp-image-12480 size-full\" src=\"https:\/\/www.malagacar.com\/sp\/blog\/wp-content\/uploads\/2022\/10\/colmenar-Foto-Axarquia-plus.jpg\" alt=\"Grape must and cured meat festival, Colmenar\" width=\"629\" height=\"414\" \/><figcaption id=\"caption-attachment-12480\" class=\"wp-caption-text\">Photo Axarquia plus<\/figcaption><\/figure>\n<p>Un festival gastronomique qui tourne autour des produits carn\u00e9s de la municipalit\u00e9, accompagn\u00e9s du c\u00e9l\u00e8bre mo\u00fbt local.<\/p>\n<h4>Foire de Chacina &#8211; Benaojan<\/h4>\n<p>Ce village de la Serran\u00eda de Ronda c\u00e9l\u00e8bre cette journ\u00e9e gastronomique avec des stands de produits artisanaux de la r\u00e9gion, comme la charcuterie et les saucisses, les sucreries, les pains, les conserves, le miel et les desserts.<br \/>\nEt bien s\u00fbr, la musique live ne manque pas.<\/p>\n<h4>Journ\u00e9e de la Chanfaina &#8211; Totalan<\/h4>\n<p>Ce village situ\u00e9 dans la r\u00e9gion de l&rsquo;Axarquia c\u00e9l\u00e8bre ce jour-l\u00e0 le plat typique par excellence de la localit\u00e9. Le dernier dimanche de novembre, des milliers de portions de ce plat sont distribu\u00e9es gratuitement.<\/p>\n<p>Il y a \u00e9galement un march\u00e9 de rue o\u00f9 l&rsquo;on peut acheter des produits locaux tels que de l&rsquo;huile d&rsquo;olive extra vierge, des fruits, du pain, de la viande et de l&rsquo;artisanat.<\/p>\n<h3><span class=\"ez-toc-section\" id=\"Decembre\"><\/span>D\u00e9cembre<span class=\"ez-toc-section-end\"><\/span><\/h3>\n<h4>F\u00eate de la carotte pourpre &#8211; Cuevas Bajas<\/h4>\n<figure id=\"attachment_12481\" aria-describedby=\"caption-attachment-12481\" style=\"width: 575px\" class=\"wp-caption alignnone\"><img loading=\"lazy\" decoding=\"async\" class=\"wp-image-12481 size-full\" src=\"https:\/\/www.malagacar.com\/sp\/blog\/wp-content\/uploads\/2022\/10\/cuevas-bajas-Foto-DiarioSur.jpg\" alt=\"Purple carrot festival, Cuevas Bajas\" width=\"575\" height=\"323\" \/><figcaption id=\"caption-attachment-12481\" class=\"wp-caption-text\">Photo DiarioSur<\/figcaption><\/figure>\n<p>Ce village est sp\u00e9cialis\u00e9 dans la culture d&rsquo;une carotte de couleur violette assez particuli\u00e8re. Chaque premier dimanche de d\u00e9cembre, il rend hommage \u00e0 ce l\u00e9gume et propose une d\u00e9gustation de migas.<\/p>\n<p>Il y a \u00e9galement un march\u00e9 de produits locaux, des activit\u00e9s pour les enfants et de la musique en direct.<\/p>\n<h4>F\u00eate de la Virgen de los Rondeles &#8211; Casarabonela<\/h4>\n<p><img loading=\"lazy\" decoding=\"async\" class=\"alignnone wp-image-10075 size-full\" src=\"https:\/\/www.malagacar.com\/sp\/blog\/wp-content\/uploads\/2016\/10\/Fiesta-rondeles-Casrabonela.jpg\" alt=\"Virgen de los Rondeles, Casarabonela\" width=\"864\" height=\"486\" \/><\/p>\n<p>Cette tradition s\u00e9culaire se d\u00e9roule dans ce village de la Sierra de las Nieves la nuit, \u00e0 partir de 22h30.<\/p>\n<p>Le 12 d\u00e9cembre, \u00e0 la veille de Santa Lucia, le village de Casarabonela c\u00e9l\u00e8bre la Fiesta de los Rondeles.<\/p>\n<p>Il s&rsquo;agit d&rsquo;un parcours \u00e9mouvant \u00e0 travers le village, \u00e0 la lumi\u00e8re de torches artisanales, accompagn\u00e9 par les chants des groupes pastoraux.<\/p>\n<p>La procession se termine au petit matin, avec des d\u00e9gustations de toasts \u00e0 l&rsquo;huile, de beignets et de chocolat chaud.<\/p>\n\t\t\t\t\n\t\t\t\t<div id=\"search-form2\" class=\"big-quote index-mobile\">\n\t\t\t\t<form id=\"frmSearch\" name=\"frmSearch\" action=\"\/fr\/location-de-voitures\/quote.php\" method=\"post\" name=\"quote\" class=\"container-fluid\">\n\t\t\t\t\t\t\t\t\t<div class=\"row\">\n\t\t\t\t\t\t<div class=\"col-sm-6\">\n\n\t\t\t\t\t\t\t<div class=\"form-group\">\n\t\t\t\t\t\t\t\t<label for=\"entrega\"><h4>Collecte<\/h4><\/label>\n\t\t\t\t\t\t\t\t<select name=\"entrega\" id=\"entrega\" class=\"custom-select\">\n\t\t\t\t\t\t\t\t\t<option value=\"airport\"  selected>Malaga A\u00e9roport<\/option>\n\t\t\t\t\t\t\t\t\t\t\t\t\t\t\t\t<\/select>\n\t\t\t\t\t\t\t\t<div class=\"form-inline my-2\">\n\t\t\t\t\t\t\t\t\t<input id=\"pDate\" class=\"form-control\" value=\"07\/09\/2026\" name=\"pDate\" readonly onchange=\"return uppdate()\">\n\t\t\t\t\t\t\t\t\t<select class=\"custom-select\" id=\"phorasminutos\" name=\"phorasminutos\" oninvalid=\"setCustomValidity('Faites-nous conna\u00eetre votre heure d\u00b4arriv\u00e9e')\" onchange=\"setCustomValidity('');\">\n\t\t\t\t\t\t\t\t\t\t<option value=\"-\" selected>--:--<\/option>\n\t\t\t\t\t\t\t\t\t\t\t\t\t\t\t\t\t\t\t\t<option value=\"00:00\">\n\t\t\t\t\t\t\t\t\t\t\t00:00<\/option>\n\t\t\t\t\t\t\t\t\t\t<option value=\"00:15\">\n\t\t\t\t\t\t\t\t\t\t\t00:15<\/option>\n\t\t\t\t\t\t\t\t\t\t<option value=\"00:30\">\n\t\t\t\t\t\t\t\t\t\t\t00:30<\/option>\n\t\t\t\t\t\t\t\t\t\t<option value=\"00:45\">\n\t\t\t\t\t\t\t\t\t\t\t00:45<\/option>\n\t\t\t\t\t\t\t\t\t\t\t\t\t\t\t\t\t\t\t\t<option value=\"01:00\">\n\t\t\t\t\t\t\t\t\t\t\t01:00<\/option>\n\t\t\t\t\t\t\t\t\t\t<option value=\"01:15\">\n\t\t\t\t\t\t\t\t\t\t\t01:15<\/option>\n\t\t\t\t\t\t\t\t\t\t<option value=\"01:30\">\n\t\t\t\t\t\t\t\t\t\t\t01:30<\/option>\n\t\t\t\t\t\t\t\t\t\t<option value=\"01:45\">\n\t\t\t\t\t\t\t\t\t\t\t01:45<\/option>\n\t\t\t\t\t\t\t\t\t\t\t\t\t\t\t\t\t\t\t\t<option value=\"02:00\">\n\t\t\t\t\t\t\t\t\t\t\t02:00<\/option>\n\t\t\t\t\t\t\t\t\t\t<option value=\"02:15\">\n\t\t\t\t\t\t\t\t\t\t\t02:15<\/option>\n\t\t\t\t\t\t\t\t\t\t<option value=\"02:30\">\n\t\t\t\t\t\t\t\t\t\t\t02:30<\/option>\n\t\t\t\t\t\t\t\t\t\t<option value=\"02:45\">\n\t\t\t\t\t\t\t\t\t\t\t02:45<\/option>\n\t\t\t\t\t\t\t\t\t\t\t\t\t\t\t\t\t\t\t\t<option value=\"03:00\">\n\t\t\t\t\t\t\t\t\t\t\t03:00<\/option>\n\t\t\t\t\t\t\t\t\t\t<option value=\"03:15\">\n\t\t\t\t\t\t\t\t\t\t\t03:15<\/option>\n\t\t\t\t\t\t\t\t\t\t<option value=\"03:30\">\n\t\t\t\t\t\t\t\t\t\t\t03:30<\/option>\n\t\t\t\t\t\t\t\t\t\t<option value=\"03:45\">\n\t\t\t\t\t\t\t\t\t\t\t03:45<\/option>\n\t\t\t\t\t\t\t\t\t\t\t\t\t\t\t\t\t\t\t\t<option value=\"04:00\">\n\t\t\t\t\t\t\t\t\t\t\t04:00<\/option>\n\t\t\t\t\t\t\t\t\t\t<option value=\"04:15\">\n\t\t\t\t\t\t\t\t\t\t\t04:15<\/option>\n\t\t\t\t\t\t\t\t\t\t<option value=\"04:30\">\n\t\t\t\t\t\t\t\t\t\t\t04:30<\/option>\n\t\t\t\t\t\t\t\t\t\t<option value=\"04:45\">\n\t\t\t\t\t\t\t\t\t\t\t04:45<\/option>\n\t\t\t\t\t\t\t\t\t\t\t\t\t\t\t\t\t\t\t\t<option value=\"05:00\">\n\t\t\t\t\t\t\t\t\t\t\t05:00<\/option>\n\t\t\t\t\t\t\t\t\t\t<option value=\"05:15\">\n\t\t\t\t\t\t\t\t\t\t\t05:15<\/option>\n\t\t\t\t\t\t\t\t\t\t<option value=\"05:30\">\n\t\t\t\t\t\t\t\t\t\t\t05:30<\/option>\n\t\t\t\t\t\t\t\t\t\t<option value=\"05:45\">\n\t\t\t\t\t\t\t\t\t\t\t05:45<\/option>\n\t\t\t\t\t\t\t\t\t\t\t\t\t\t\t\t\t\t\t\t<option value=\"06:00\">\n\t\t\t\t\t\t\t\t\t\t\t06:00<\/option>\n\t\t\t\t\t\t\t\t\t\t<option value=\"06:15\">\n\t\t\t\t\t\t\t\t\t\t\t06:15<\/option>\n\t\t\t\t\t\t\t\t\t\t<option value=\"06:30\">\n\t\t\t\t\t\t\t\t\t\t\t06:30<\/option>\n\t\t\t\t\t\t\t\t\t\t<option value=\"06:45\">\n\t\t\t\t\t\t\t\t\t\t\t06:45<\/option>\n\t\t\t\t\t\t\t\t\t\t\t\t\t\t\t\t\t\t\t\t<option value=\"07:00\">\n\t\t\t\t\t\t\t\t\t\t\t07:00<\/option>\n\t\t\t\t\t\t\t\t\t\t<option value=\"07:15\">\n\t\t\t\t\t\t\t\t\t\t\t07:15<\/option>\n\t\t\t\t\t\t\t\t\t\t<option value=\"07:30\">\n\t\t\t\t\t\t\t\t\t\t\t07:30<\/option>\n\t\t\t\t\t\t\t\t\t\t<option value=\"07:45\">\n\t\t\t\t\t\t\t\t\t\t\t07:45<\/option>\n\t\t\t\t\t\t\t\t\t\t\t\t\t\t\t\t\t\t\t\t<option value=\"08:00\">\n\t\t\t\t\t\t\t\t\t\t\t08:00<\/option>\n\t\t\t\t\t\t\t\t\t\t<option value=\"08:15\">\n\t\t\t\t\t\t\t\t\t\t\t08:15<\/option>\n\t\t\t\t\t\t\t\t\t\t<option value=\"08:30\">\n\t\t\t\t\t\t\t\t\t\t\t08:30<\/option>\n\t\t\t\t\t\t\t\t\t\t<option value=\"08:45\">\n\t\t\t\t\t\t\t\t\t\t\t08:45<\/option>\n\t\t\t\t\t\t\t\t\t\t\t\t\t\t\t\t\t\t\t\t<option value=\"09:00\">\n\t\t\t\t\t\t\t\t\t\t\t09:00<\/option>\n\t\t\t\t\t\t\t\t\t\t<option value=\"09:15\">\n\t\t\t\t\t\t\t\t\t\t\t09:15<\/option>\n\t\t\t\t\t\t\t\t\t\t<option value=\"09:30\">\n\t\t\t\t\t\t\t\t\t\t\t09:30<\/option>\n\t\t\t\t\t\t\t\t\t\t<option value=\"09:45\">\n\t\t\t\t\t\t\t\t\t\t\t09:45<\/option>\n\t\t\t\t\t\t\t\t\t\t\t\t\t\t\t\t\t\t\t\t<option value=\"10:00\">\n\t\t\t\t\t\t\t\t\t\t\t10:00<\/option>\n\t\t\t\t\t\t\t\t\t\t<option value=\"10:15\">\n\t\t\t\t\t\t\t\t\t\t\t10:15<\/option>\n\t\t\t\t\t\t\t\t\t\t<option value=\"10:30\">\n\t\t\t\t\t\t\t\t\t\t\t10:30<\/option>\n\t\t\t\t\t\t\t\t\t\t<option value=\"10:45\">\n\t\t\t\t\t\t\t\t\t\t\t10:45<\/option>\n\t\t\t\t\t\t\t\t\t\t\t\t\t\t\t\t\t\t\t\t<option value=\"11:00\">\n\t\t\t\t\t\t\t\t\t\t\t11:00<\/option>\n\t\t\t\t\t\t\t\t\t\t<option value=\"11:15\">\n\t\t\t\t\t\t\t\t\t\t\t11:15<\/option>\n\t\t\t\t\t\t\t\t\t\t<option value=\"11:30\">\n\t\t\t\t\t\t\t\t\t\t\t11:30<\/option>\n\t\t\t\t\t\t\t\t\t\t<option value=\"11:45\">\n\t\t\t\t\t\t\t\t\t\t\t11:45<\/option>\n\t\t\t\t\t\t\t\t\t\t\t\t\t\t\t\t\t\t\t\t<option value=\"12:00\">\n\t\t\t\t\t\t\t\t\t\t\t12:00<\/option>\n\t\t\t\t\t\t\t\t\t\t<option value=\"12:15\">\n\t\t\t\t\t\t\t\t\t\t\t12:15<\/option>\n\t\t\t\t\t\t\t\t\t\t<option value=\"12:30\">\n\t\t\t\t\t\t\t\t\t\t\t12:30<\/option>\n\t\t\t\t\t\t\t\t\t\t<option value=\"12:45\">\n\t\t\t\t\t\t\t\t\t\t\t12:45<\/option>\n\t\t\t\t\t\t\t\t\t\t\t\t\t\t\t\t\t\t\t\t<option value=\"13:00\">\n\t\t\t\t\t\t\t\t\t\t\t13:00<\/option>\n\t\t\t\t\t\t\t\t\t\t<option value=\"13:15\">\n\t\t\t\t\t\t\t\t\t\t\t13:15<\/option>\n\t\t\t\t\t\t\t\t\t\t<option value=\"13:30\">\n\t\t\t\t\t\t\t\t\t\t\t13:30<\/option>\n\t\t\t\t\t\t\t\t\t\t<option value=\"13:45\">\n\t\t\t\t\t\t\t\t\t\t\t13:45<\/option>\n\t\t\t\t\t\t\t\t\t\t\t\t\t\t\t\t\t\t\t\t<option value=\"14:00\">\n\t\t\t\t\t\t\t\t\t\t\t14:00<\/option>\n\t\t\t\t\t\t\t\t\t\t<option value=\"14:15\">\n\t\t\t\t\t\t\t\t\t\t\t14:15<\/option>\n\t\t\t\t\t\t\t\t\t\t<option value=\"14:30\">\n\t\t\t\t\t\t\t\t\t\t\t14:30<\/option>\n\t\t\t\t\t\t\t\t\t\t<option value=\"14:45\">\n\t\t\t\t\t\t\t\t\t\t\t14:45<\/option>\n\t\t\t\t\t\t\t\t\t\t\t\t\t\t\t\t\t\t\t\t<option value=\"15:00\">\n\t\t\t\t\t\t\t\t\t\t\t15:00<\/option>\n\t\t\t\t\t\t\t\t\t\t<option value=\"15:15\">\n\t\t\t\t\t\t\t\t\t\t\t15:15<\/option>\n\t\t\t\t\t\t\t\t\t\t<option value=\"15:30\">\n\t\t\t\t\t\t\t\t\t\t\t15:30<\/option>\n\t\t\t\t\t\t\t\t\t\t<option value=\"15:45\">\n\t\t\t\t\t\t\t\t\t\t\t15:45<\/option>\n\t\t\t\t\t\t\t\t\t\t\t\t\t\t\t\t\t\t\t\t<option value=\"16:00\">\n\t\t\t\t\t\t\t\t\t\t\t16:00<\/option>\n\t\t\t\t\t\t\t\t\t\t<option value=\"16:15\">\n\t\t\t\t\t\t\t\t\t\t\t16:15<\/option>\n\t\t\t\t\t\t\t\t\t\t<option value=\"16:30\">\n\t\t\t\t\t\t\t\t\t\t\t16:30<\/option>\n\t\t\t\t\t\t\t\t\t\t<option value=\"16:45\">\n\t\t\t\t\t\t\t\t\t\t\t16:45<\/option>\n\t\t\t\t\t\t\t\t\t\t\t\t\t\t\t\t\t\t\t\t<option value=\"17:00\">\n\t\t\t\t\t\t\t\t\t\t\t17:00<\/option>\n\t\t\t\t\t\t\t\t\t\t<option value=\"17:15\">\n\t\t\t\t\t\t\t\t\t\t\t17:15<\/option>\n\t\t\t\t\t\t\t\t\t\t<option value=\"17:30\">\n\t\t\t\t\t\t\t\t\t\t\t17:30<\/option>\n\t\t\t\t\t\t\t\t\t\t<option value=\"17:45\">\n\t\t\t\t\t\t\t\t\t\t\t17:45<\/option>\n\t\t\t\t\t\t\t\t\t\t\t\t\t\t\t\t\t\t\t\t<option value=\"18:00\">\n\t\t\t\t\t\t\t\t\t\t\t18:00<\/option>\n\t\t\t\t\t\t\t\t\t\t<option value=\"18:15\">\n\t\t\t\t\t\t\t\t\t\t\t18:15<\/option>\n\t\t\t\t\t\t\t\t\t\t<option value=\"18:30\">\n\t\t\t\t\t\t\t\t\t\t\t18:30<\/option>\n\t\t\t\t\t\t\t\t\t\t<option value=\"18:45\">\n\t\t\t\t\t\t\t\t\t\t\t18:45<\/option>\n\t\t\t\t\t\t\t\t\t\t\t\t\t\t\t\t\t\t\t\t<option value=\"19:00\">\n\t\t\t\t\t\t\t\t\t\t\t19:00<\/option>\n\t\t\t\t\t\t\t\t\t\t<option value=\"19:15\">\n\t\t\t\t\t\t\t\t\t\t\t19:15<\/option>\n\t\t\t\t\t\t\t\t\t\t<option value=\"19:30\">\n\t\t\t\t\t\t\t\t\t\t\t19:30<\/option>\n\t\t\t\t\t\t\t\t\t\t<option value=\"19:45\">\n\t\t\t\t\t\t\t\t\t\t\t19:45<\/option>\n\t\t\t\t\t\t\t\t\t\t\t\t\t\t\t\t\t\t\t\t<option value=\"20:00\">\n\t\t\t\t\t\t\t\t\t\t\t20:00<\/option>\n\t\t\t\t\t\t\t\t\t\t<option value=\"20:15\">\n\t\t\t\t\t\t\t\t\t\t\t20:15<\/option>\n\t\t\t\t\t\t\t\t\t\t<option value=\"20:30\">\n\t\t\t\t\t\t\t\t\t\t\t20:30<\/option>\n\t\t\t\t\t\t\t\t\t\t<option value=\"20:45\">\n\t\t\t\t\t\t\t\t\t\t\t20:45<\/option>\n\t\t\t\t\t\t\t\t\t\t\t\t\t\t\t\t\t\t\t\t<option value=\"21:00\">\n\t\t\t\t\t\t\t\t\t\t\t21:00<\/option>\n\t\t\t\t\t\t\t\t\t\t<option value=\"21:15\">\n\t\t\t\t\t\t\t\t\t\t\t21:15<\/option>\n\t\t\t\t\t\t\t\t\t\t<option value=\"21:30\">\n\t\t\t\t\t\t\t\t\t\t\t21:30<\/option>\n\t\t\t\t\t\t\t\t\t\t<option value=\"21:45\">\n\t\t\t\t\t\t\t\t\t\t\t21:45<\/option>\n\t\t\t\t\t\t\t\t\t\t\t\t\t\t\t\t\t\t\t\t<option value=\"22:00\">\n\t\t\t\t\t\t\t\t\t\t\t22:00<\/option>\n\t\t\t\t\t\t\t\t\t\t<option value=\"22:15\">\n\t\t\t\t\t\t\t\t\t\t\t22:15<\/option>\n\t\t\t\t\t\t\t\t\t\t<option value=\"22:30\">\n\t\t\t\t\t\t\t\t\t\t\t22:30<\/option>\n\t\t\t\t\t\t\t\t\t\t<option value=\"22:45\">\n\t\t\t\t\t\t\t\t\t\t\t22:45<\/option>\n\t\t\t\t\t\t\t\t\t\t\t\t\t\t\t\t\t\t\t\t<option value=\"23:00\">\n\t\t\t\t\t\t\t\t\t\t\t23:00<\/option>\n\t\t\t\t\t\t\t\t\t\t<option value=\"23:15\">\n\t\t\t\t\t\t\t\t\t\t\t23:15<\/option>\n\t\t\t\t\t\t\t\t\t\t<option value=\"23:30\">\n\t\t\t\t\t\t\t\t\t\t\t23:30<\/option>\n\t\t\t\t\t\t\t\t\t\t<option value=\"23:45\">\n\t\t\t\t\t\t\t\t\t\t\t23:45<\/option>\n\t\t\t\t\t\t\t\t\t\t\t\t\t\t\t\t\t\t\t<\/select>\n\t\t\t\t\t\t\t\t<\/div>\n\t\t\t\t\t\t\t<\/div>\n\t\t\t\t\t\t<\/div>\n\t\t\t\t\t\t<div class=\"col-sm-6\">\n\t\t\t\t\t\t\t<div class=\"form-group\">\n\t\t\t\t\t\t\t\t<div id=\"bookingBox\"><\/div>\n\n\t\t\t\t\t\t\t\t<label for=\"devuelta\"><h4>D\u00e9p\u00f4t<\/h4><\/label>\n\t\t\t\t\t\t\t\t<select name=\"devuelta\" id=\"devuelta\" class=\"custom-select\">\n\t\t\t\t\t\t\t\t\t<option value=\"airport\"  selected>Malaga A\u00e9roport<\/option>\n\t\t\t\t\t\t\t\t\t\t\t\t\t\t\t\t<\/select>\n\n\t\t\t\t\t\t\t\t<div class=\"form-inline my-2\">\n\t\t\t\t\t\t\t\t\t<input id=\"dDate\" class=\"form-control\" value=\"14\/09\/2026\" name=\"dDate\" readonly>\n\t\t\t\t\t\t\t\t\t<select class=\"custom-select\" id=\"dhorasminutos\" name=\"dhorasminutos\" oninvalid=\"setCustomValidity('Faites-nous savoir votre heure de retour')\" onchange=\"setCustomValidity('')\">\n\t\t\t\t\t\t\t\t\t\t<option value=\"-\" selected>--:--<\/option>\n\t\t\t\t\t\t\t\t\t\t\t\t\t\t\t\t\t\t\t\t<option value=\"00:00\">\n\t\t\t\t\t\t\t\t\t\t\t00:00<\/option>\n\t\t\t\t\t\t\t\t\t\t<option value=\"00:15\">\n\t\t\t\t\t\t\t\t\t\t\t00:15<\/option>\n\t\t\t\t\t\t\t\t\t\t<option value=\"00:30\">\n\t\t\t\t\t\t\t\t\t\t\t00:30<\/option>\n\t\t\t\t\t\t\t\t\t\t<option value=\"00:45\">\n\t\t\t\t\t\t\t\t\t\t\t00:45<\/option>\n\t\t\t\t\t\t\t\t\t\t\t\t\t\t\t\t\t\t\t\t<option value=\"01:00\">\n\t\t\t\t\t\t\t\t\t\t\t01:00<\/option>\n\t\t\t\t\t\t\t\t\t\t<option value=\"01:15\">\n\t\t\t\t\t\t\t\t\t\t\t01:15<\/option>\n\t\t\t\t\t\t\t\t\t\t<option value=\"01:30\">\n\t\t\t\t\t\t\t\t\t\t\t01:30<\/option>\n\t\t\t\t\t\t\t\t\t\t<option value=\"01:45\">\n\t\t\t\t\t\t\t\t\t\t\t01:45<\/option>\n\t\t\t\t\t\t\t\t\t\t\t\t\t\t\t\t\t\t\t\t<option value=\"02:00\">\n\t\t\t\t\t\t\t\t\t\t\t02:00<\/option>\n\t\t\t\t\t\t\t\t\t\t<option value=\"02:15\">\n\t\t\t\t\t\t\t\t\t\t\t02:15<\/option>\n\t\t\t\t\t\t\t\t\t\t<option value=\"02:30\">\n\t\t\t\t\t\t\t\t\t\t\t02:30<\/option>\n\t\t\t\t\t\t\t\t\t\t<option value=\"02:45\">\n\t\t\t\t\t\t\t\t\t\t\t02:45<\/option>\n\t\t\t\t\t\t\t\t\t\t\t\t\t\t\t\t\t\t\t\t<option value=\"03:00\">\n\t\t\t\t\t\t\t\t\t\t\t03:00<\/option>\n\t\t\t\t\t\t\t\t\t\t<option value=\"03:15\">\n\t\t\t\t\t\t\t\t\t\t\t03:15<\/option>\n\t\t\t\t\t\t\t\t\t\t<option value=\"03:30\">\n\t\t\t\t\t\t\t\t\t\t\t03:30<\/option>\n\t\t\t\t\t\t\t\t\t\t<option value=\"03:45\">\n\t\t\t\t\t\t\t\t\t\t\t03:45<\/option>\n\t\t\t\t\t\t\t\t\t\t\t\t\t\t\t\t\t\t\t\t<option value=\"04:00\">\n\t\t\t\t\t\t\t\t\t\t\t04:00<\/option>\n\t\t\t\t\t\t\t\t\t\t<option value=\"04:15\">\n\t\t\t\t\t\t\t\t\t\t\t04:15<\/option>\n\t\t\t\t\t\t\t\t\t\t<option value=\"04:30\">\n\t\t\t\t\t\t\t\t\t\t\t04:30<\/option>\n\t\t\t\t\t\t\t\t\t\t<option value=\"04:45\">\n\t\t\t\t\t\t\t\t\t\t\t04:45<\/option>\n\t\t\t\t\t\t\t\t\t\t\t\t\t\t\t\t\t\t\t\t<option value=\"05:00\">\n\t\t\t\t\t\t\t\t\t\t\t05:00<\/option>\n\t\t\t\t\t\t\t\t\t\t<option value=\"05:15\">\n\t\t\t\t\t\t\t\t\t\t\t05:15<\/option>\n\t\t\t\t\t\t\t\t\t\t<option value=\"05:30\">\n\t\t\t\t\t\t\t\t\t\t\t05:30<\/option>\n\t\t\t\t\t\t\t\t\t\t<option value=\"05:45\">\n\t\t\t\t\t\t\t\t\t\t\t05:45<\/option>\n\t\t\t\t\t\t\t\t\t\t\t\t\t\t\t\t\t\t\t\t<option value=\"06:00\">\n\t\t\t\t\t\t\t\t\t\t\t06:00<\/option>\n\t\t\t\t\t\t\t\t\t\t<option value=\"06:15\">\n\t\t\t\t\t\t\t\t\t\t\t06:15<\/option>\n\t\t\t\t\t\t\t\t\t\t<option value=\"06:30\">\n\t\t\t\t\t\t\t\t\t\t\t06:30<\/option>\n\t\t\t\t\t\t\t\t\t\t<option value=\"06:45\">\n\t\t\t\t\t\t\t\t\t\t\t06:45<\/option>\n\t\t\t\t\t\t\t\t\t\t\t\t\t\t\t\t\t\t\t\t<option value=\"07:00\">\n\t\t\t\t\t\t\t\t\t\t\t07:00<\/option>\n\t\t\t\t\t\t\t\t\t\t<option value=\"07:15\">\n\t\t\t\t\t\t\t\t\t\t\t07:15<\/option>\n\t\t\t\t\t\t\t\t\t\t<option value=\"07:30\">\n\t\t\t\t\t\t\t\t\t\t\t07:30<\/option>\n\t\t\t\t\t\t\t\t\t\t<option value=\"07:45\">\n\t\t\t\t\t\t\t\t\t\t\t07:45<\/option>\n\t\t\t\t\t\t\t\t\t\t\t\t\t\t\t\t\t\t\t\t<option value=\"08:00\">\n\t\t\t\t\t\t\t\t\t\t\t08:00<\/option>\n\t\t\t\t\t\t\t\t\t\t<option value=\"08:15\">\n\t\t\t\t\t\t\t\t\t\t\t08:15<\/option>\n\t\t\t\t\t\t\t\t\t\t<option value=\"08:30\">\n\t\t\t\t\t\t\t\t\t\t\t08:30<\/option>\n\t\t\t\t\t\t\t\t\t\t<option value=\"08:45\">\n\t\t\t\t\t\t\t\t\t\t\t08:45<\/option>\n\t\t\t\t\t\t\t\t\t\t\t\t\t\t\t\t\t\t\t\t<option value=\"09:00\">\n\t\t\t\t\t\t\t\t\t\t\t09:00<\/option>\n\t\t\t\t\t\t\t\t\t\t<option value=\"09:15\">\n\t\t\t\t\t\t\t\t\t\t\t09:15<\/option>\n\t\t\t\t\t\t\t\t\t\t<option value=\"09:30\">\n\t\t\t\t\t\t\t\t\t\t\t09:30<\/option>\n\t\t\t\t\t\t\t\t\t\t<option value=\"09:45\">\n\t\t\t\t\t\t\t\t\t\t\t09:45<\/option>\n\t\t\t\t\t\t\t\t\t\t\t\t\t\t\t\t\t\t\t\t<option value=\"10:00\">\n\t\t\t\t\t\t\t\t\t\t\t10:00<\/option>\n\t\t\t\t\t\t\t\t\t\t<option value=\"10:15\">\n\t\t\t\t\t\t\t\t\t\t\t10:15<\/option>\n\t\t\t\t\t\t\t\t\t\t<option value=\"10:30\">\n\t\t\t\t\t\t\t\t\t\t\t10:30<\/option>\n\t\t\t\t\t\t\t\t\t\t<option value=\"10:45\">\n\t\t\t\t\t\t\t\t\t\t\t10:45<\/option>\n\t\t\t\t\t\t\t\t\t\t\t\t\t\t\t\t\t\t\t\t<option value=\"11:00\">\n\t\t\t\t\t\t\t\t\t\t\t11:00<\/option>\n\t\t\t\t\t\t\t\t\t\t<option value=\"11:15\">\n\t\t\t\t\t\t\t\t\t\t\t11:15<\/option>\n\t\t\t\t\t\t\t\t\t\t<option value=\"11:30\">\n\t\t\t\t\t\t\t\t\t\t\t11:30<\/option>\n\t\t\t\t\t\t\t\t\t\t<option value=\"11:45\">\n\t\t\t\t\t\t\t\t\t\t\t11:45<\/option>\n\t\t\t\t\t\t\t\t\t\t\t\t\t\t\t\t\t\t\t\t<option value=\"12:00\">\n\t\t\t\t\t\t\t\t\t\t\t12:00<\/option>\n\t\t\t\t\t\t\t\t\t\t<option value=\"12:15\">\n\t\t\t\t\t\t\t\t\t\t\t12:15<\/option>\n\t\t\t\t\t\t\t\t\t\t<option value=\"12:30\">\n\t\t\t\t\t\t\t\t\t\t\t12:30<\/option>\n\t\t\t\t\t\t\t\t\t\t<option value=\"12:45\">\n\t\t\t\t\t\t\t\t\t\t\t12:45<\/option>\n\t\t\t\t\t\t\t\t\t\t\t\t\t\t\t\t\t\t\t\t<option value=\"13:00\">\n\t\t\t\t\t\t\t\t\t\t\t13:00<\/option>\n\t\t\t\t\t\t\t\t\t\t<option value=\"13:15\">\n\t\t\t\t\t\t\t\t\t\t\t13:15<\/option>\n\t\t\t\t\t\t\t\t\t\t<option value=\"13:30\">\n\t\t\t\t\t\t\t\t\t\t\t13:30<\/option>\n\t\t\t\t\t\t\t\t\t\t<option value=\"13:45\">\n\t\t\t\t\t\t\t\t\t\t\t13:45<\/option>\n\t\t\t\t\t\t\t\t\t\t\t\t\t\t\t\t\t\t\t\t<option value=\"14:00\">\n\t\t\t\t\t\t\t\t\t\t\t14:00<\/option>\n\t\t\t\t\t\t\t\t\t\t<option value=\"14:15\">\n\t\t\t\t\t\t\t\t\t\t\t14:15<\/option>\n\t\t\t\t\t\t\t\t\t\t<option value=\"14:30\">\n\t\t\t\t\t\t\t\t\t\t\t14:30<\/option>\n\t\t\t\t\t\t\t\t\t\t<option value=\"14:45\">\n\t\t\t\t\t\t\t\t\t\t\t14:45<\/option>\n\t\t\t\t\t\t\t\t\t\t\t\t\t\t\t\t\t\t\t\t<option value=\"15:00\">\n\t\t\t\t\t\t\t\t\t\t\t15:00<\/option>\n\t\t\t\t\t\t\t\t\t\t<option value=\"15:15\">\n\t\t\t\t\t\t\t\t\t\t\t15:15<\/option>\n\t\t\t\t\t\t\t\t\t\t<option value=\"15:30\">\n\t\t\t\t\t\t\t\t\t\t\t15:30<\/option>\n\t\t\t\t\t\t\t\t\t\t<option value=\"15:45\">\n\t\t\t\t\t\t\t\t\t\t\t15:45<\/option>\n\t\t\t\t\t\t\t\t\t\t\t\t\t\t\t\t\t\t\t\t<option value=\"16:00\">\n\t\t\t\t\t\t\t\t\t\t\t16:00<\/option>\n\t\t\t\t\t\t\t\t\t\t<option value=\"16:15\">\n\t\t\t\t\t\t\t\t\t\t\t16:15<\/option>\n\t\t\t\t\t\t\t\t\t\t<option value=\"16:30\">\n\t\t\t\t\t\t\t\t\t\t\t16:30<\/option>\n\t\t\t\t\t\t\t\t\t\t<option value=\"16:45\">\n\t\t\t\t\t\t\t\t\t\t\t16:45<\/option>\n\t\t\t\t\t\t\t\t\t\t\t\t\t\t\t\t\t\t\t\t<option value=\"17:00\">\n\t\t\t\t\t\t\t\t\t\t\t17:00<\/option>\n\t\t\t\t\t\t\t\t\t\t<option value=\"17:15\">\n\t\t\t\t\t\t\t\t\t\t\t17:15<\/option>\n\t\t\t\t\t\t\t\t\t\t<option value=\"17:30\">\n\t\t\t\t\t\t\t\t\t\t\t17:30<\/option>\n\t\t\t\t\t\t\t\t\t\t<option value=\"17:45\">\n\t\t\t\t\t\t\t\t\t\t\t17:45<\/option>\n\t\t\t\t\t\t\t\t\t\t\t\t\t\t\t\t\t\t\t\t<option value=\"18:00\">\n\t\t\t\t\t\t\t\t\t\t\t18:00<\/option>\n\t\t\t\t\t\t\t\t\t\t<option value=\"18:15\">\n\t\t\t\t\t\t\t\t\t\t\t18:15<\/option>\n\t\t\t\t\t\t\t\t\t\t<option value=\"18:30\">\n\t\t\t\t\t\t\t\t\t\t\t18:30<\/option>\n\t\t\t\t\t\t\t\t\t\t<option value=\"18:45\">\n\t\t\t\t\t\t\t\t\t\t\t18:45<\/option>\n\t\t\t\t\t\t\t\t\t\t\t\t\t\t\t\t\t\t\t\t<option value=\"19:00\">\n\t\t\t\t\t\t\t\t\t\t\t19:00<\/option>\n\t\t\t\t\t\t\t\t\t\t<option value=\"19:15\">\n\t\t\t\t\t\t\t\t\t\t\t19:15<\/option>\n\t\t\t\t\t\t\t\t\t\t<option value=\"19:30\">\n\t\t\t\t\t\t\t\t\t\t\t19:30<\/option>\n\t\t\t\t\t\t\t\t\t\t<option value=\"19:45\">\n\t\t\t\t\t\t\t\t\t\t\t19:45<\/option>\n\t\t\t\t\t\t\t\t\t\t\t\t\t\t\t\t\t\t\t\t<option value=\"20:00\">\n\t\t\t\t\t\t\t\t\t\t\t20:00<\/option>\n\t\t\t\t\t\t\t\t\t\t<option value=\"20:15\">\n\t\t\t\t\t\t\t\t\t\t\t20:15<\/option>\n\t\t\t\t\t\t\t\t\t\t<option value=\"20:30\">\n\t\t\t\t\t\t\t\t\t\t\t20:30<\/option>\n\t\t\t\t\t\t\t\t\t\t<option value=\"20:45\">\n\t\t\t\t\t\t\t\t\t\t\t20:45<\/option>\n\t\t\t\t\t\t\t\t\t\t\t\t\t\t\t\t\t\t\t\t<option value=\"21:00\">\n\t\t\t\t\t\t\t\t\t\t\t21:00<\/option>\n\t\t\t\t\t\t\t\t\t\t<option value=\"21:15\">\n\t\t\t\t\t\t\t\t\t\t\t21:15<\/option>\n\t\t\t\t\t\t\t\t\t\t<option value=\"21:30\">\n\t\t\t\t\t\t\t\t\t\t\t21:30<\/option>\n\t\t\t\t\t\t\t\t\t\t<option value=\"21:45\">\n\t\t\t\t\t\t\t\t\t\t\t21:45<\/option>\n\t\t\t\t\t\t\t\t\t\t\t\t\t\t\t\t\t\t\t\t<option value=\"22:00\">\n\t\t\t\t\t\t\t\t\t\t\t22:00<\/option>\n\t\t\t\t\t\t\t\t\t\t<option value=\"22:15\">\n\t\t\t\t\t\t\t\t\t\t\t22:15<\/option>\n\t\t\t\t\t\t\t\t\t\t<option value=\"22:30\">\n\t\t\t\t\t\t\t\t\t\t\t22:30<\/option>\n\t\t\t\t\t\t\t\t\t\t<option value=\"22:45\">\n\t\t\t\t\t\t\t\t\t\t\t22:45<\/option>\n\t\t\t\t\t\t\t\t\t\t\t\t\t\t\t\t\t\t\t\t<option value=\"23:00\">\n\t\t\t\t\t\t\t\t\t\t\t23:00<\/option>\n\t\t\t\t\t\t\t\t\t\t<option value=\"23:15\">\n\t\t\t\t\t\t\t\t\t\t\t23:15<\/option>\n\t\t\t\t\t\t\t\t\t\t<option value=\"23:30\">\n\t\t\t\t\t\t\t\t\t\t\t23:30<\/option>\n\t\t\t\t\t\t\t\t\t\t<option value=\"23:45\">\n\t\t\t\t\t\t\t\t\t\t\t23:45<\/option>\n\t\t\t\t\t\t\t\t\t\t\t\t\t\t\t\t\t\t\t<\/select>\n\t\t\t\t\t\t\t\t<\/div>\n\t\t\t\t\t\t\t<\/div>\n\t\t\t\t\t\t<\/div>\n\n\t\t\t\t\t<\/div>\n\t\t\t\t\n\n\t\t\t\t\t\t<div class=\"row\">\n                               <div class=\"col-sm-6\">\n\t\t\t\t\t\t\t\t<div class=\"form-group promo-code\">\n\t\t\t\t\t\t\t\t\t\t\t\t\t\t\t\t\t<label for=\"tipogrupo\" class=\"w-50 text-right pr-3 pt-1\">Group<\/label>\n\t\t\t\t\t\t\t\t\t<select name=\"tipogrupo\" id=\"tipogrupo\" class=\"form-control w-50\">\n\t\t\t\t\t\t\t\t\t<option value=\"0\">Voir tous<\/option>\n\t\t\t                        <option value=\"1\">Standard<\/option> \n\t\t\t\t\t\t\t\t\t<option value=\"2\">Automatique<\/option>  \n\t\t\t\t\t\t\t\t\t<option value=\"4\">Transporteurs<\/option>  \n\t\t\t\t\t\t\t\t\t<option value=\"5\">Cabriolet et Sport<\/option>  \n\t\t\t\t\t\t\t\t\t<option value=\"6\">Prestige<\/option>  \n\t\t\t\t\t\t\t\t\t<option value=\"8\">SUV<\/option>  \n\t\t\t\t\t\t\t\t\t<option value=\"10\">Camping car et Autocaravane<\/option>  \t\t\t\t\t\t\t\n\t\t\t\t\t\t\t\t<\/select>\t\n\t\t\t\t\t\t\t\t\t\n\t\t\t\t\t\t\t<\/div>\n\t\t\t\t\t\t\t<\/div>\n\t\t\t\t\t\t<div class=\"col-sm-6 align-self-end\">\n\t\t\t\t\t\t\t<div class=\"form-group\">\n\t\t\t\t\t\t\t\t<input type=\"submit\" class=\"btn-quote\" value=\"Voir les prix\" onclick=\"return msgAlert()\">\n\t\t\t\t\t\t\t<\/div>\n\t\t\t\t\t\t<\/div>\n\t\t\t\t\t<\/div>\n\t\t\t\t<\/form>\n\t\t\t\t<div class=\"row hide-mini-tablet advantages\">\n\t\t\t\t\t\t<div class=\"col-12\">\n\t\t\t\t\t\t\t<h4 class=\"text-center text-white\">TARIFS IMBATTABLES<\/h4>\n\t\t\t\t\t\t\t<ul>\n\t\t\t\t\t\t\t\t<li><strong>Grande flotte<\/strong> de voitures neuves.<\/li>\n\t\t\t\t\t\t\t\t<li><strong>Payez \u00e0 l'arriv\u00e9e<\/strong>.<\/li>\n\t\t\t\t\t\t\t\t<li>Ce que vous voyez est ce que vous payez.<\/li>\n\t\t\t\t\t\t\t\t<li><strong>Pas difficile \u00e0 vendre au bureau<\/strong>.<\/li>\n\t\t\t\t\t\t\t\t<li>Service de livraison VIP gratuit.<\/li>\n\t\t\t\t\t\t\t\t<li><strong class='redpassion-alt'>PAS DE FRAIS SUPPL\u00c9MENTAIRES<\/strong>, pour le service de ravitaillement.<\/li>\n\t\t\t\t\t\t\t<\/ul>\n\t\t\t\t\t\t<\/div>\n\t\t\t\t\t<\/div>\n\t\t\t\t<\/div>\n\t\t\t<br clear=\"all\">\n\n","protected":false},"excerpt":{"rendered":"<p>\u00c0 Malaga, l&rsquo;envie de faire la f\u00eate ne manque jamais. Tout au long de l&rsquo;ann\u00e9e, les occasions sont nombreuses de se plonger dans les activit\u00e9s festives populaires lors des f\u00eates et foires les plus importantes de Malaga. Ci-dessous, vous d\u00e9couvrirez non seulement les grandes et multiples foires. Nous avons \u00e9galement pr\u00e9par\u00e9 une section avec les [&hellip;]<\/p>\n","protected":false},"author":1,"featured_media":1998,"comment_status":"open","ping_status":"closed","sticky":false,"template":"","format":"standard","meta":{"footnotes":""},"categories":[2],"tags":[84,85,65,4],"class_list":["post-1967","post","type-post","status-publish","format-standard","has-post-thumbnail","hentry","category-loisirs","tag-culture","tag-folklore","tag-gastronomie","tag-malaga"],"yoast_head":"<!-- This site is optimized with the Yoast SEO plugin v28.4 - https:\/\/yoast.com\/product\/yoast-seo-wordpress\/ -->\n<title>Les principaux festivals gastronomiques et foires de Malaga - Blog de MalagaCar.com<\/title>\n<meta name=\"description\" content=\"Les foires de Malaga sont synonymes de joie de vivre, de folklore, de couleurs, de musique, de nourriture et de boissons.\" \/>\n<meta name=\"robots\" content=\"index, follow, max-snippet:-1, max-image-preview:large, max-video-preview:-1\" \/>\n<link rel=\"canonical\" href=\"https:\/\/www.malagacar.com\/fr\/blog\/loisirs\/festivals-et-foires-malaga\/\" \/>\n<meta property=\"og:locale\" content=\"fr_FR\" \/>\n<meta property=\"og:type\" content=\"article\" \/>\n<meta property=\"og:title\" content=\"Les principaux festivals gastronomiques et foires de Malaga - Blog de MalagaCar.com\" \/>\n<meta property=\"og:description\" content=\"Les foires de Malaga sont synonymes de joie de vivre, de folklore, de couleurs, de musique, de nourriture et de boissons.\" \/>\n<meta property=\"og:url\" content=\"https:\/\/www.malagacar.com\/fr\/blog\/loisirs\/festivals-et-foires-malaga\/\" \/>\n<meta property=\"og:site_name\" content=\"Blog de MalagaCar.com\" \/>\n<meta property=\"article:publisher\" content=\"https:\/\/www.facebook.com\/malagacar\" \/>\n<meta property=\"article:published_time\" content=\"2024-12-31T10:06:12+00:00\" \/>\n<meta property=\"article:modified_time\" content=\"2025-10-28T09:39:44+00:00\" \/>\n<meta property=\"og:image\" content=\"https:\/\/www.malagacar.com\/fr\/blog\/wp-content\/uploads\/2024\/12\/ferias_fr.jpg\" \/>\n\t<meta property=\"og:image:width\" content=\"1280\" \/>\n\t<meta property=\"og:image:height\" content=\"853\" \/>\n\t<meta property=\"og:image:type\" content=\"image\/jpeg\" \/>\n<meta name=\"author\" content=\"MalagaCar.com\" \/>\n<meta name=\"twitter:card\" content=\"summary_large_image\" \/>\n<meta name=\"twitter:creator\" content=\"@malagacarcom\" \/>\n<meta name=\"twitter:site\" content=\"@malagacarcom\" \/>\n<meta name=\"twitter:label1\" content=\"\u00c9crit par\" \/>\n\t<meta name=\"twitter:data1\" content=\"MalagaCar.com\" \/>\n\t<meta name=\"twitter:label2\" content=\"Dur\u00e9e de lecture estim\u00e9e\" \/>\n\t<meta name=\"twitter:data2\" content=\"27 minutes\" \/>\n<script type=\"application\/ld+json\" class=\"yoast-schema-graph\">{\"@context\":\"https:\\\/\\\/schema.org\",\"@graph\":[{\"@type\":\"Article\",\"@id\":\"https:\\\/\\\/www.malagacar.com\\\/fr\\\/blog\\\/loisirs\\\/festivals-et-foires-malaga\\\/#article\",\"isPartOf\":{\"@id\":\"https:\\\/\\\/www.malagacar.com\\\/fr\\\/blog\\\/loisirs\\\/festivals-et-foires-malaga\\\/\"},\"author\":{\"name\":\"MalagaCar.com\",\"@id\":\"https:\\\/\\\/www.malagacar.com\\\/fr\\\/blog\\\/#\\\/schema\\\/person\\\/ffb97005d02bcc7d0bb59f5409635691\"},\"headline\":\"Les principaux festivals gastronomiques et foires de Malaga\",\"datePublished\":\"2024-12-31T10:06:12+00:00\",\"dateModified\":\"2025-10-28T09:39:44+00:00\",\"mainEntityOfPage\":{\"@id\":\"https:\\\/\\\/www.malagacar.com\\\/fr\\\/blog\\\/loisirs\\\/festivals-et-foires-malaga\\\/\"},\"wordCount\":3967,\"commentCount\":0,\"publisher\":{\"@id\":\"https:\\\/\\\/www.malagacar.com\\\/fr\\\/blog\\\/#organization\"},\"image\":{\"@id\":\"https:\\\/\\\/www.malagacar.com\\\/fr\\\/blog\\\/loisirs\\\/festivals-et-foires-malaga\\\/#primaryimage\"},\"thumbnailUrl\":\"https:\\\/\\\/www.malagacar.com\\\/fr\\\/blog\\\/wp-content\\\/uploads\\\/2024\\\/12\\\/ferias_fr.jpg\",\"keywords\":[\"culture\",\"folklore\",\"Gastronomie\",\"malaga\"],\"articleSection\":[\"Loisirs\"],\"inLanguage\":\"fr-FR\",\"potentialAction\":[{\"@type\":\"CommentAction\",\"name\":\"Comment\",\"target\":[\"https:\\\/\\\/www.malagacar.com\\\/fr\\\/blog\\\/loisirs\\\/festivals-et-foires-malaga\\\/#respond\"]}]},{\"@type\":\"WebPage\",\"@id\":\"https:\\\/\\\/www.malagacar.com\\\/fr\\\/blog\\\/loisirs\\\/festivals-et-foires-malaga\\\/\",\"url\":\"https:\\\/\\\/www.malagacar.com\\\/fr\\\/blog\\\/loisirs\\\/festivals-et-foires-malaga\\\/\",\"name\":\"Les principaux festivals gastronomiques et foires de Malaga - Blog de MalagaCar.com\",\"isPartOf\":{\"@id\":\"https:\\\/\\\/www.malagacar.com\\\/fr\\\/blog\\\/#website\"},\"primaryImageOfPage\":{\"@id\":\"https:\\\/\\\/www.malagacar.com\\\/fr\\\/blog\\\/loisirs\\\/festivals-et-foires-malaga\\\/#primaryimage\"},\"image\":{\"@id\":\"https:\\\/\\\/www.malagacar.com\\\/fr\\\/blog\\\/loisirs\\\/festivals-et-foires-malaga\\\/#primaryimage\"},\"thumbnailUrl\":\"https:\\\/\\\/www.malagacar.com\\\/fr\\\/blog\\\/wp-content\\\/uploads\\\/2024\\\/12\\\/ferias_fr.jpg\",\"datePublished\":\"2024-12-31T10:06:12+00:00\",\"dateModified\":\"2025-10-28T09:39:44+00:00\",\"description\":\"Les foires de Malaga sont synonymes de joie de vivre, de folklore, de couleurs, de musique, de nourriture et de boissons.\",\"breadcrumb\":{\"@id\":\"https:\\\/\\\/www.malagacar.com\\\/fr\\\/blog\\\/loisirs\\\/festivals-et-foires-malaga\\\/#breadcrumb\"},\"inLanguage\":\"fr-FR\",\"potentialAction\":[{\"@type\":\"ReadAction\",\"target\":[\"https:\\\/\\\/www.malagacar.com\\\/fr\\\/blog\\\/loisirs\\\/festivals-et-foires-malaga\\\/\"]}]},{\"@type\":\"ImageObject\",\"inLanguage\":\"fr-FR\",\"@id\":\"https:\\\/\\\/www.malagacar.com\\\/fr\\\/blog\\\/loisirs\\\/festivals-et-foires-malaga\\\/#primaryimage\",\"url\":\"https:\\\/\\\/www.malagacar.com\\\/fr\\\/blog\\\/wp-content\\\/uploads\\\/2024\\\/12\\\/ferias_fr.jpg\",\"contentUrl\":\"https:\\\/\\\/www.malagacar.com\\\/fr\\\/blog\\\/wp-content\\\/uploads\\\/2024\\\/12\\\/ferias_fr.jpg\",\"width\":1280,\"height\":853,\"caption\":\"festivals gastronomiques et foires de Malaga\"},{\"@type\":\"BreadcrumbList\",\"@id\":\"https:\\\/\\\/www.malagacar.com\\\/fr\\\/blog\\\/loisirs\\\/festivals-et-foires-malaga\\\/#breadcrumb\",\"itemListElement\":[{\"@type\":\"ListItem\",\"position\":1,\"name\":\"Accueil\",\"item\":\"https:\\\/\\\/www.malagacar.com\\\/fr\\\/blog\\\/\"},{\"@type\":\"ListItem\",\"position\":2,\"name\":\"Les principaux festivals gastronomiques et foires de Malaga\"}]},{\"@type\":\"WebSite\",\"@id\":\"https:\\\/\\\/www.malagacar.com\\\/fr\\\/blog\\\/#website\",\"url\":\"https:\\\/\\\/www.malagacar.com\\\/fr\\\/blog\\\/\",\"name\":\"Blog de MalagaCar.com\",\"description\":\"Nouvelles et informations int\u00e9ressantes sur la location de voitures \u00e0 l&#039;a\u00e9roport de Malaga.\",\"publisher\":{\"@id\":\"https:\\\/\\\/www.malagacar.com\\\/fr\\\/blog\\\/#organization\"},\"potentialAction\":[{\"@type\":\"SearchAction\",\"target\":{\"@type\":\"EntryPoint\",\"urlTemplate\":\"https:\\\/\\\/www.malagacar.com\\\/fr\\\/blog\\\/?s={search_term_string}\"},\"query-input\":{\"@type\":\"PropertyValueSpecification\",\"valueRequired\":true,\"valueName\":\"search_term_string\"}}],\"inLanguage\":\"fr-FR\"},{\"@type\":\"Organization\",\"@id\":\"https:\\\/\\\/www.malagacar.com\\\/fr\\\/blog\\\/#organization\",\"name\":\"MalagaCar.com\",\"url\":\"https:\\\/\\\/www.malagacar.com\\\/fr\\\/blog\\\/\",\"logo\":{\"@type\":\"ImageObject\",\"inLanguage\":\"fr-FR\",\"@id\":\"https:\\\/\\\/www.malagacar.com\\\/fr\\\/blog\\\/#\\\/schema\\\/logo\\\/image\\\/\",\"url\":\"https:\\\/\\\/www.malagacar.com\\\/fr\\\/blog\\\/wp-content\\\/uploads\\\/2021\\\/06\\\/logo-malagacar-social.png\",\"contentUrl\":\"https:\\\/\\\/www.malagacar.com\\\/fr\\\/blog\\\/wp-content\\\/uploads\\\/2021\\\/06\\\/logo-malagacar-social.png\",\"width\":900,\"height\":900,\"caption\":\"MalagaCar.com\"},\"image\":{\"@id\":\"https:\\\/\\\/www.malagacar.com\\\/fr\\\/blog\\\/#\\\/schema\\\/logo\\\/image\\\/\"},\"sameAs\":[\"https:\\\/\\\/www.facebook.com\\\/malagacar\",\"https:\\\/\\\/x.com\\\/malagacarcom\",\"https:\\\/\\\/www.instagram.com\\\/malagacar\\\/\",\"https:\\\/\\\/www.linkedin.com\\\/company\\\/malagacar.com\",\"https:\\\/\\\/www.youtube.com\\\/c\\\/MalagacarAirport\"]},{\"@type\":\"Person\",\"@id\":\"https:\\\/\\\/www.malagacar.com\\\/fr\\\/blog\\\/#\\\/schema\\\/person\\\/ffb97005d02bcc7d0bb59f5409635691\",\"name\":\"MalagaCar.com\",\"image\":{\"@type\":\"ImageObject\",\"inLanguage\":\"fr-FR\",\"@id\":\"https:\\\/\\\/secure.gravatar.com\\\/avatar\\\/296ebc31026e7be05868369e4c596b3239b1582b2fcf8a45de57333e2e82bb82?s=96&d=mm&r=g\",\"url\":\"https:\\\/\\\/secure.gravatar.com\\\/avatar\\\/296ebc31026e7be05868369e4c596b3239b1582b2fcf8a45de57333e2e82bb82?s=96&d=mm&r=g\",\"contentUrl\":\"https:\\\/\\\/secure.gravatar.com\\\/avatar\\\/296ebc31026e7be05868369e4c596b3239b1582b2fcf8a45de57333e2e82bb82?s=96&d=mm&r=g\",\"caption\":\"MalagaCar.com\"},\"sameAs\":[\"https:\\\/\\\/www.malagacar.com\\\/fr\\\/blog\"]}]}<\/script>\n<!-- \/ Yoast SEO plugin. -->","yoast_head_json":{"title":"Les principaux festivals gastronomiques et foires de Malaga - Blog de MalagaCar.com","description":"Les foires de Malaga sont synonymes de joie de vivre, de folklore, de couleurs, de musique, de nourriture et de boissons.","robots":{"index":"index","follow":"follow","max-snippet":"max-snippet:-1","max-image-preview":"max-image-preview:large","max-video-preview":"max-video-preview:-1"},"canonical":"https:\/\/www.malagacar.com\/fr\/blog\/loisirs\/festivals-et-foires-malaga\/","og_locale":"fr_FR","og_type":"article","og_title":"Les principaux festivals gastronomiques et foires de Malaga - Blog de MalagaCar.com","og_description":"Les foires de Malaga sont synonymes de joie de vivre, de folklore, de couleurs, de musique, de nourriture et de boissons.","og_url":"https:\/\/www.malagacar.com\/fr\/blog\/loisirs\/festivals-et-foires-malaga\/","og_site_name":"Blog de MalagaCar.com","article_publisher":"https:\/\/www.facebook.com\/malagacar","article_published_time":"2024-12-31T10:06:12+00:00","article_modified_time":"2025-10-28T09:39:44+00:00","og_image":[{"width":1280,"height":853,"url":"https:\/\/www.malagacar.com\/fr\/blog\/wp-content\/uploads\/2024\/12\/ferias_fr.jpg","type":"image\/jpeg"}],"author":"MalagaCar.com","twitter_card":"summary_large_image","twitter_creator":"@malagacarcom","twitter_site":"@malagacarcom","twitter_misc":{"\u00c9crit par":"MalagaCar.com","Dur\u00e9e de lecture estim\u00e9e":"27 minutes"},"schema":{"@context":"https:\/\/schema.org","@graph":[{"@type":"Article","@id":"https:\/\/www.malagacar.com\/fr\/blog\/loisirs\/festivals-et-foires-malaga\/#article","isPartOf":{"@id":"https:\/\/www.malagacar.com\/fr\/blog\/loisirs\/festivals-et-foires-malaga\/"},"author":{"name":"MalagaCar.com","@id":"https:\/\/www.malagacar.com\/fr\/blog\/#\/schema\/person\/ffb97005d02bcc7d0bb59f5409635691"},"headline":"Les principaux festivals gastronomiques et foires de Malaga","datePublished":"2024-12-31T10:06:12+00:00","dateModified":"2025-10-28T09:39:44+00:00","mainEntityOfPage":{"@id":"https:\/\/www.malagacar.com\/fr\/blog\/loisirs\/festivals-et-foires-malaga\/"},"wordCount":3967,"commentCount":0,"publisher":{"@id":"https:\/\/www.malagacar.com\/fr\/blog\/#organization"},"image":{"@id":"https:\/\/www.malagacar.com\/fr\/blog\/loisirs\/festivals-et-foires-malaga\/#primaryimage"},"thumbnailUrl":"https:\/\/www.malagacar.com\/fr\/blog\/wp-content\/uploads\/2024\/12\/ferias_fr.jpg","keywords":["culture","folklore","Gastronomie","malaga"],"articleSection":["Loisirs"],"inLanguage":"fr-FR","potentialAction":[{"@type":"CommentAction","name":"Comment","target":["https:\/\/www.malagacar.com\/fr\/blog\/loisirs\/festivals-et-foires-malaga\/#respond"]}]},{"@type":"WebPage","@id":"https:\/\/www.malagacar.com\/fr\/blog\/loisirs\/festivals-et-foires-malaga\/","url":"https:\/\/www.malagacar.com\/fr\/blog\/loisirs\/festivals-et-foires-malaga\/","name":"Les principaux festivals gastronomiques et foires de Malaga - Blog de MalagaCar.com","isPartOf":{"@id":"https:\/\/www.malagacar.com\/fr\/blog\/#website"},"primaryImageOfPage":{"@id":"https:\/\/www.malagacar.com\/fr\/blog\/loisirs\/festivals-et-foires-malaga\/#primaryimage"},"image":{"@id":"https:\/\/www.malagacar.com\/fr\/blog\/loisirs\/festivals-et-foires-malaga\/#primaryimage"},"thumbnailUrl":"https:\/\/www.malagacar.com\/fr\/blog\/wp-content\/uploads\/2024\/12\/ferias_fr.jpg","datePublished":"2024-12-31T10:06:12+00:00","dateModified":"2025-10-28T09:39:44+00:00","description":"Les foires de Malaga sont synonymes de joie de vivre, de folklore, de couleurs, de musique, de nourriture et de boissons.","breadcrumb":{"@id":"https:\/\/www.malagacar.com\/fr\/blog\/loisirs\/festivals-et-foires-malaga\/#breadcrumb"},"inLanguage":"fr-FR","potentialAction":[{"@type":"ReadAction","target":["https:\/\/www.malagacar.com\/fr\/blog\/loisirs\/festivals-et-foires-malaga\/"]}]},{"@type":"ImageObject","inLanguage":"fr-FR","@id":"https:\/\/www.malagacar.com\/fr\/blog\/loisirs\/festivals-et-foires-malaga\/#primaryimage","url":"https:\/\/www.malagacar.com\/fr\/blog\/wp-content\/uploads\/2024\/12\/ferias_fr.jpg","contentUrl":"https:\/\/www.malagacar.com\/fr\/blog\/wp-content\/uploads\/2024\/12\/ferias_fr.jpg","width":1280,"height":853,"caption":"festivals gastronomiques et foires de Malaga"},{"@type":"BreadcrumbList","@id":"https:\/\/www.malagacar.com\/fr\/blog\/loisirs\/festivals-et-foires-malaga\/#breadcrumb","itemListElement":[{"@type":"ListItem","position":1,"name":"Accueil","item":"https:\/\/www.malagacar.com\/fr\/blog\/"},{"@type":"ListItem","position":2,"name":"Les principaux festivals gastronomiques et foires de Malaga"}]},{"@type":"WebSite","@id":"https:\/\/www.malagacar.com\/fr\/blog\/#website","url":"https:\/\/www.malagacar.com\/fr\/blog\/","name":"Blog de MalagaCar.com","description":"Nouvelles et informations int\u00e9ressantes sur la location de voitures \u00e0 l&#039;a\u00e9roport de Malaga.","publisher":{"@id":"https:\/\/www.malagacar.com\/fr\/blog\/#organization"},"potentialAction":[{"@type":"SearchAction","target":{"@type":"EntryPoint","urlTemplate":"https:\/\/www.malagacar.com\/fr\/blog\/?s={search_term_string}"},"query-input":{"@type":"PropertyValueSpecification","valueRequired":true,"valueName":"search_term_string"}}],"inLanguage":"fr-FR"},{"@type":"Organization","@id":"https:\/\/www.malagacar.com\/fr\/blog\/#organization","name":"MalagaCar.com","url":"https:\/\/www.malagacar.com\/fr\/blog\/","logo":{"@type":"ImageObject","inLanguage":"fr-FR","@id":"https:\/\/www.malagacar.com\/fr\/blog\/#\/schema\/logo\/image\/","url":"https:\/\/www.malagacar.com\/fr\/blog\/wp-content\/uploads\/2021\/06\/logo-malagacar-social.png","contentUrl":"https:\/\/www.malagacar.com\/fr\/blog\/wp-content\/uploads\/2021\/06\/logo-malagacar-social.png","width":900,"height":900,"caption":"MalagaCar.com"},"image":{"@id":"https:\/\/www.malagacar.com\/fr\/blog\/#\/schema\/logo\/image\/"},"sameAs":["https:\/\/www.facebook.com\/malagacar","https:\/\/x.com\/malagacarcom","https:\/\/www.instagram.com\/malagacar\/","https:\/\/www.linkedin.com\/company\/malagacar.com","https:\/\/www.youtube.com\/c\/MalagacarAirport"]},{"@type":"Person","@id":"https:\/\/www.malagacar.com\/fr\/blog\/#\/schema\/person\/ffb97005d02bcc7d0bb59f5409635691","name":"MalagaCar.com","image":{"@type":"ImageObject","inLanguage":"fr-FR","@id":"https:\/\/secure.gravatar.com\/avatar\/296ebc31026e7be05868369e4c596b3239b1582b2fcf8a45de57333e2e82bb82?s=96&d=mm&r=g","url":"https:\/\/secure.gravatar.com\/avatar\/296ebc31026e7be05868369e4c596b3239b1582b2fcf8a45de57333e2e82bb82?s=96&d=mm&r=g","contentUrl":"https:\/\/secure.gravatar.com\/avatar\/296ebc31026e7be05868369e4c596b3239b1582b2fcf8a45de57333e2e82bb82?s=96&d=mm&r=g","caption":"MalagaCar.com"},"sameAs":["https:\/\/www.malagacar.com\/fr\/blog"]}]}},"_links":{"self":[{"href":"https:\/\/www.malagacar.com\/fr\/blog\/wp-json\/wp\/v2\/posts\/1967","targetHints":{"allow":["GET"]}}],"collection":[{"href":"https:\/\/www.malagacar.com\/fr\/blog\/wp-json\/wp\/v2\/posts"}],"about":[{"href":"https:\/\/www.malagacar.com\/fr\/blog\/wp-json\/wp\/v2\/types\/post"}],"author":[{"embeddable":true,"href":"https:\/\/www.malagacar.com\/fr\/blog\/wp-json\/wp\/v2\/users\/1"}],"replies":[{"embeddable":true,"href":"https:\/\/www.malagacar.com\/fr\/blog\/wp-json\/wp\/v2\/comments?post=1967"}],"version-history":[{"count":30,"href":"https:\/\/www.malagacar.com\/fr\/blog\/wp-json\/wp\/v2\/posts\/1967\/revisions"}],"predecessor-version":[{"id":2958,"href":"https:\/\/www.malagacar.com\/fr\/blog\/wp-json\/wp\/v2\/posts\/1967\/revisions\/2958"}],"wp:featuredmedia":[{"embeddable":true,"href":"https:\/\/www.malagacar.com\/fr\/blog\/wp-json\/wp\/v2\/media\/1998"}],"wp:attachment":[{"href":"https:\/\/www.malagacar.com\/fr\/blog\/wp-json\/wp\/v2\/media?parent=1967"}],"wp:term":[{"taxonomy":"category","embeddable":true,"href":"https:\/\/www.malagacar.com\/fr\/blog\/wp-json\/wp\/v2\/categories?post=1967"},{"taxonomy":"post_tag","embeddable":true,"href":"https:\/\/www.malagacar.com\/fr\/blog\/wp-json\/wp\/v2\/tags?post=1967"}],"curies":[{"name":"wp","href":"https:\/\/api.w.org\/{rel}","templated":true}]}}