{"id":201,"date":"2026-02-02T09:10:23","date_gmt":"2026-02-02T08:10:23","guid":{"rendered":"https:\/\/www.malagacar.com\/fr\/blog\/?p=201"},"modified":"2026-03-09T08:28:10","modified_gmt":"2026-03-09T07:28:10","slug":"choses-a-faire-en-malaga-en-fevrier","status":"publish","type":"post","link":"https:\/\/www.malagacar.com\/fr\/blog\/loisirs\/choses-a-faire-en-malaga-en-fevrier\/","title":{"rendered":"Choses \u00e0 faire \u00e0 Malaga en F\u00e9vrier 2026"},"content":{"rendered":"<p>Alors que l&rsquo;hiver maintient encore son emprise froide sur presque toute l&rsquo;Europe, ici \u00e0 Malaga, les amandiers commencent d\u00e9j\u00e0 \u00e0 fleurir. Si vous venez\u00a0 \u00e0 <a href=\"https:\/\/www.malagacar.com\/fr\/villages\/malaga.htm\" data-wpel-link=\"internal\">M\u00e1laga<\/a>\u00a0en F\u00e9vrier, un coup d&rsquo;\u0153il \u00e0 notre calendrier des \u00e9v\u00e9nements et d\u00e9couvrez tout ce que vous pouvez faire.<\/p>\n<p><!--more--><\/p>\n\n            <div class=\"banner\">\n                <div class=\"row\">\n                    <div class=\"col-sm-4\">\n                        <a href=\"\/fr\/location-de-voitures\/quote.php\" data-wpel-link=\"internal\"><img decoding=\"async\" src=\"\/images\/banner-img.jpg\" alt=\"malagacar.com\"><\/a>\n                    <\/div>\n                    <div class=\"col-sm-8\">\n                      <a href=\"\/fr\/location-de-voitures\/quote.php\" class=\"banner-title\" data-wpel-link=\"internal\">Meilleure location de voitures <div>\u00e0 l'a\u00e9roport de Malaga<\/div><\/a>   \n                        <div class=\"row\">\n                            <div class=\"col-sm-7\">\n                                <ul>\n                                    <li>Pas de frais de ravitaillement<\/li>\n                                    <li>Annulation gratuite<\/li>\n                                    <li>Location sans interm\u00e9diaire<\/li>\n                                    <li>Payez lorsque vous prenez la voiture<\/li>\n                                    <li><\/li>\n                                <\/ul>\n                            <\/div>\n                            <div class=\"col-sm-5\">\n                                <a class=\"btn-banner\" href=\"\/fr\/location-de-voitures\/quote.php\" data-wpel-link=\"internal\">Consultez les prix<\/a>\n                                <img decoding=\"async\" class=\"zonturent\" src=\"\/images\/zontu-banner.png\" alt=\"\">\n                            <\/div>\n                        <\/div>\n                    <\/div>\n                 <\/div>  \n            <\/div>\n            \n<div id=\"ez-toc-container\" class=\"ez-toc-v2_0_87 counter-hierarchy ez-toc-counter ez-toc-light-blue ez-toc-container-direction\">\n<p class=\"ez-toc-title\" style=\"cursor:inherit\">Table des mati\u00e8res<\/p>\n<label for=\"ez-toc-cssicon-toggle-item-6a9a2d18539e3\" class=\"ez-toc-cssicon-toggle-label\"><span class=\"\"><span class=\"eztoc-hide\" style=\"display:none;\">Toggle<\/span><span class=\"ez-toc-icon-toggle-span\"><svg style=\"fill: #999;color:#999\" xmlns=\"http:\/\/www.w3.org\/2000\/svg\" class=\"list-377408\" width=\"20px\" height=\"20px\" viewBox=\"0 0 24 24\" fill=\"none\"><path d=\"M6 6H4v2h2V6zm14 0H8v2h12V6zM4 11h2v2H4v-2zm16 0H8v2h12v-2zM4 16h2v2H4v-2zm16 0H8v2h12v-2z\" fill=\"currentColor\"><\/path><\/svg><svg style=\"fill: #999;color:#999\" class=\"arrow-unsorted-368013\" xmlns=\"http:\/\/www.w3.org\/2000\/svg\" width=\"10px\" height=\"10px\" viewBox=\"0 0 24 24\" version=\"1.2\" baseProfile=\"tiny\"><path d=\"M18.2 9.3l-6.2-6.3-6.2 6.3c-.2.2-.3.4-.3.7s.1.5.3.7c.2.2.4.3.7.3h11c.3 0 .5-.1.7-.3.2-.2.3-.5.3-.7s-.1-.5-.3-.7zM5.8 14.7l6.2 6.3 6.2-6.3c.2-.2.3-.5.3-.7s-.1-.5-.3-.7c-.2-.2-.4-.3-.7-.3h-11c-.3 0-.5.1-.7.3-.2.2-.3.5-.3.7s.1.5.3.7z\"\/><\/svg><\/span><\/span><\/label><input type=\"checkbox\"  id=\"ez-toc-cssicon-toggle-item-6a9a2d18539e3\"  aria-label=\"Toggle\" \/><nav><ul class='ez-toc-list ez-toc-list-level-1 ' ><li class='ez-toc-page-1 ez-toc-heading-level-2'><a class=\"ez-toc-link ez-toc-heading-1\" href=\"https:\/\/www.malagacar.com\/fr\/blog\/loisirs\/choses-a-faire-en-malaga-en-fevrier\/#Choses_a_faire_a_Malaga_en_Fevrier_2026\" data-wpel-link=\"internal\">Choses \u00e0 faire \u00e0 Malaga en F\u00e9vrier 2026<\/a><ul class='ez-toc-list-level-3' ><li class='ez-toc-heading-level-3'><a class=\"ez-toc-link ez-toc-heading-2\" href=\"https:\/\/www.malagacar.com\/fr\/blog\/loisirs\/choses-a-faire-en-malaga-en-fevrier\/#Saint-Valentin_a_Malaga\" data-wpel-link=\"internal\">Saint-Valentin \u00e0 Malaga<\/a><\/li><li class='ez-toc-page-1 ez-toc-heading-level-3'><a class=\"ez-toc-link ez-toc-heading-3\" href=\"https:\/\/www.malagacar.com\/fr\/blog\/loisirs\/choses-a-faire-en-malaga-en-fevrier\/#BREIKI_Electronic_Festival_%E2%80%93_Malaga\" data-wpel-link=\"internal\">BREIKI Electronic Festival \u2013 Malaga<\/a><\/li><li class='ez-toc-page-1 ez-toc-heading-level-3'><a class=\"ez-toc-link ez-toc-heading-4\" href=\"https:\/\/www.malagacar.com\/fr\/blog\/loisirs\/choses-a-faire-en-malaga-en-fevrier\/#Le_Cirque_Maudit_%E2%80%93_Malaga\" data-wpel-link=\"internal\">Le Cirque Maudit &#8211; Malaga<\/a><\/li><li class='ez-toc-page-1 ez-toc-heading-level-3'><a class=\"ez-toc-link ez-toc-heading-5\" href=\"https:\/\/www.malagacar.com\/fr\/blog\/loisirs\/choses-a-faire-en-malaga-en-fevrier\/#Cirque_des_Lumieres_%E2%80%93_Malaga\" data-wpel-link=\"internal\">Cirque des Lumi\u00e8res \u2013 Malaga<\/a><\/li><li class='ez-toc-page-1 ez-toc-heading-level-3'><a class=\"ez-toc-link ez-toc-heading-6\" href=\"https:\/\/www.malagacar.com\/fr\/blog\/loisirs\/choses-a-faire-en-malaga-en-fevrier\/#Gala_Drag_Queen_%E2%80%93_Benalmadena\" data-wpel-link=\"internal\">Gala Drag Queen &#8211; Benalmadena<\/a><\/li><li class='ez-toc-page-1 ez-toc-heading-level-3'><a class=\"ez-toc-link ez-toc-heading-7\" href=\"https:\/\/www.malagacar.com\/fr\/blog\/loisirs\/choses-a-faire-en-malaga-en-fevrier\/#Visite_nocturne_du_cimetiere_anglais_%E2%80%93_Malaga\" data-wpel-link=\"internal\">Visite nocturne du cimeti\u00e8re anglais &#8211; Malaga<\/a><\/li><li class='ez-toc-page-1 ez-toc-heading-level-3'><a class=\"ez-toc-link ez-toc-heading-8\" href=\"https:\/\/www.malagacar.com\/fr\/blog\/loisirs\/choses-a-faire-en-malaga-en-fevrier\/#Seminaire_international_de_jazz_%E2%80%93_Fuengirola\" data-wpel-link=\"internal\">S\u00e9minaire international de jazz &#8211; Fuengirola<\/a><\/li><li class='ez-toc-page-1 ez-toc-heading-level-3'><a class=\"ez-toc-link ez-toc-heading-9\" href=\"https:\/\/www.malagacar.com\/fr\/blog\/loisirs\/choses-a-faire-en-malaga-en-fevrier\/#Festival_RockinRace_Jamboree_%E2%80%93_Torremolinos\" data-wpel-link=\"internal\">Festival Rockin\u2019Race Jamboree &#8211; Torremolinos<\/a><\/li><li class='ez-toc-page-1 ez-toc-heading-level-3'><a class=\"ez-toc-link ez-toc-heading-10\" href=\"https:\/\/www.malagacar.com\/fr\/blog\/loisirs\/choses-a-faire-en-malaga-en-fevrier\/#Semi-marathon_%E2%80%93_Torremolinos\" data-wpel-link=\"internal\">Semi-marathon &#8211; Torremolinos<\/a><\/li><li class='ez-toc-page-1 ez-toc-heading-level-3'><a class=\"ez-toc-link ez-toc-heading-11\" href=\"https:\/\/www.malagacar.com\/fr\/blog\/loisirs\/choses-a-faire-en-malaga-en-fevrier\/#Concerts_Candelight_%E2%80%93_Malaga\" data-wpel-link=\"internal\">Concerts Candelight &#8211; Malaga<\/a><\/li><li class='ez-toc-page-1 ez-toc-heading-level-3'><a class=\"ez-toc-link ez-toc-heading-12\" href=\"https:\/\/www.malagacar.com\/fr\/blog\/loisirs\/choses-a-faire-en-malaga-en-fevrier\/#Concerts_Candelight_%E2%80%93_Marbella\" data-wpel-link=\"internal\">Concerts Candelight &#8211; Marbella<\/a><\/li><li class='ez-toc-page-1 ez-toc-heading-level-3'><a class=\"ez-toc-link ez-toc-heading-13\" href=\"https:\/\/www.malagacar.com\/fr\/blog\/loisirs\/choses-a-faire-en-malaga-en-fevrier\/#Pleine_lune_a_Hydros_Spa_%E2%80%93_Benalmadena\" data-wpel-link=\"internal\">Pleine lune \u00e0 Hydros Spa &#8211; Benalmadena<\/a><\/li><li class='ez-toc-page-1 ez-toc-heading-level-3'><a class=\"ez-toc-link ez-toc-heading-14\" href=\"https:\/\/www.malagacar.com\/fr\/blog\/loisirs\/choses-a-faire-en-malaga-en-fevrier\/#Jeux_interactifs_dans_les_rues_de_Malaga_et_Marbella\" data-wpel-link=\"internal\">Jeux interactifs dans les rues de Malaga et Marbella<\/a><\/li><li class='ez-toc-page-1 ez-toc-heading-level-3'><a class=\"ez-toc-link ez-toc-heading-15\" href=\"https:\/\/www.malagacar.com\/fr\/blog\/loisirs\/choses-a-faire-en-malaga-en-fevrier\/#Visites_guidees_gratuites_%E2%80%93_Musee_de_Malaga\" data-wpel-link=\"internal\">Visites guid\u00e9es gratuites &#8211; Mus\u00e9e de Malaga<\/a><\/li><li class='ez-toc-page-1 ez-toc-heading-level-3'><a class=\"ez-toc-link ez-toc-heading-16\" href=\"https:\/\/www.malagacar.com\/fr\/blog\/loisirs\/choses-a-faire-en-malaga-en-fevrier\/#Visite_theatrale_de_la_grotte_aux_tresors_%E2%80%93_Rincon_de_la_Victoria\" data-wpel-link=\"internal\">Visite th\u00e9\u00e2trale de la grotte aux tr\u00e9sors &#8211; Rinc\u00f3n de la Victoria<\/a><\/li><li class='ez-toc-page-1 ez-toc-heading-level-3'><a class=\"ez-toc-link ez-toc-heading-17\" href=\"https:\/\/www.malagacar.com\/fr\/blog\/loisirs\/choses-a-faire-en-malaga-en-fevrier\/#Degustation_de_bieres_artisanales_%E2%80%93_Malaga\" data-wpel-link=\"internal\">D\u00e9gustation de bi\u00e8res artisanales &#8211; Malaga<\/a><\/li><\/ul><\/li><li class='ez-toc-page-1 ez-toc-heading-level-2'><a class=\"ez-toc-link ez-toc-heading-18\" href=\"https:\/\/www.malagacar.com\/fr\/blog\/loisirs\/choses-a-faire-en-malaga-en-fevrier\/#Marches_de_rue_a_Malaga_en_fevrier\" data-wpel-link=\"internal\">March\u00e9s de rue \u00e0 Malaga en f\u00e9vrier<\/a><ul class='ez-toc-list-level-3' ><li class='ez-toc-heading-level-3'><a class=\"ez-toc-link ez-toc-heading-19\" href=\"https:\/\/www.malagacar.com\/fr\/blog\/loisirs\/choses-a-faire-en-malaga-en-fevrier\/#Marche_dhiver_au_Quai_Un\" data-wpel-link=\"internal\">March\u00e9 d&rsquo;hiver au Quai Un<\/a><\/li><li class='ez-toc-page-1 ez-toc-heading-level-3'><a class=\"ez-toc-link ez-toc-heading-20\" href=\"https:\/\/www.malagacar.com\/fr\/blog\/loisirs\/choses-a-faire-en-malaga-en-fevrier\/#Marche_de_lartisanat_La_Merced_%E2%80%93_Malaga\" data-wpel-link=\"internal\">March\u00e9 de l&rsquo;artisanat La Merced &#8211; Malaga<\/a><\/li><li class='ez-toc-page-1 ez-toc-heading-level-3'><a class=\"ez-toc-link ez-toc-heading-21\" href=\"https:\/\/www.malagacar.com\/fr\/blog\/loisirs\/choses-a-faire-en-malaga-en-fevrier\/#Le_marche_des_cimetieres_anglais_%E2%80%93_Malaga\" data-wpel-link=\"internal\">Le march\u00e9 des cimeti\u00e8res anglais \u2013 Malaga<\/a><\/li><li class='ez-toc-page-1 ez-toc-heading-level-3'><a class=\"ez-toc-link ez-toc-heading-22\" href=\"https:\/\/www.malagacar.com\/fr\/blog\/loisirs\/choses-a-faire-en-malaga-en-fevrier\/#Marche_artisanal_de_Cartama\" data-wpel-link=\"internal\">March\u00e9 artisanal de C\u00e1rtama<\/a><\/li><li class='ez-toc-page-1 ez-toc-heading-level-3'><a class=\"ez-toc-link ez-toc-heading-23\" href=\"https:\/\/www.malagacar.com\/fr\/blog\/loisirs\/choses-a-faire-en-malaga-en-fevrier\/#Marche_%C2%AB_Saveurs_de_Malaga_%C2%BB_%E2%80%93_Torremolinos\" data-wpel-link=\"internal\">March\u00e9 \u00ab Saveurs de Malaga \u00bb &#8211; Torremolinos<\/a><\/li><li class='ez-toc-page-1 ez-toc-heading-level-3'><a class=\"ez-toc-link ez-toc-heading-24\" href=\"https:\/\/www.malagacar.com\/fr\/blog\/loisirs\/choses-a-faire-en-malaga-en-fevrier\/#Marches_aux_puces_et_marches_de_rue_dans_la_province\" data-wpel-link=\"internal\">March\u00e9s aux puces et march\u00e9s de rue dans la province<\/a><\/li><\/ul><\/li><li class='ez-toc-page-1 ez-toc-heading-level-2'><a class=\"ez-toc-link ez-toc-heading-25\" href=\"https:\/\/www.malagacar.com\/fr\/blog\/loisirs\/choses-a-faire-en-malaga-en-fevrier\/#Visite_des_musees_de_Malaga\" data-wpel-link=\"internal\">Visite des mus\u00e9es de Malaga<\/a><ul class='ez-toc-list-level-3' ><li class='ez-toc-heading-level-3'><a class=\"ez-toc-link ez-toc-heading-26\" href=\"https:\/\/www.malagacar.com\/fr\/blog\/loisirs\/choses-a-faire-en-malaga-en-fevrier\/#Visite_de_la_Brasserie_Victoria_%E2%80%93_Malaga\" data-wpel-link=\"internal\">Visite de la Brasserie Victoria &#8211; Malaga<\/a><\/li><li class='ez-toc-page-1 ez-toc-heading-level-3'><a class=\"ez-toc-link ez-toc-heading-27\" href=\"https:\/\/www.malagacar.com\/fr\/blog\/loisirs\/choses-a-faire-en-malaga-en-fevrier\/#Visites_nocturnes_theatralisees_musee_de_lautomobile_%E2%80%93_Malaga\" data-wpel-link=\"internal\">Visites nocturnes th\u00e9\u00e2tralis\u00e9es mus\u00e9e de l&rsquo;automobile &#8211; Malaga<\/a><\/li><\/ul><\/li><li class='ez-toc-page-1 ez-toc-heading-level-2'><a class=\"ez-toc-link ez-toc-heading-28\" href=\"https:\/\/www.malagacar.com\/fr\/blog\/loisirs\/choses-a-faire-en-malaga-en-fevrier\/#Festivites_populaires_a_Malaga_en_fevrier\" data-wpel-link=\"internal\">Festivit\u00e9s populaires \u00e0 Malaga en f\u00e9vrier<\/a><ul class='ez-toc-list-level-3' ><li class='ez-toc-heading-level-3'><a class=\"ez-toc-link ez-toc-heading-29\" href=\"https:\/\/www.malagacar.com\/fr\/blog\/loisirs\/choses-a-faire-en-malaga-en-fevrier\/#Foire_a_lhuile_et_aux_produits_locaux_%E2%80%93_Archidona\" data-wpel-link=\"internal\">Foire \u00e0 l&rsquo;huile et aux produits locaux &#8211; Archidona<\/a><\/li><li class='ez-toc-page-1 ez-toc-heading-level-3'><a class=\"ez-toc-link ez-toc-heading-30\" href=\"https:\/\/www.malagacar.com\/fr\/blog\/loisirs\/choses-a-faire-en-malaga-en-fevrier\/#Carnaval_de_la_farine_%E2%80%93_Alozaina\" data-wpel-link=\"internal\">Carnaval de la farine &#8211; Alozaina<\/a><\/li><li class='ez-toc-page-1 ez-toc-heading-level-3'><a class=\"ez-toc-link ez-toc-heading-31\" href=\"https:\/\/www.malagacar.com\/fr\/blog\/loisirs\/choses-a-faire-en-malaga-en-fevrier\/#Journee_de_la_poudreuse_%E2%80%93_Tolox\" data-wpel-link=\"internal\">Journ\u00e9e de la poudreuse &#8211; Tolox<\/a><\/li><li class='ez-toc-page-1 ez-toc-heading-level-3'><a class=\"ez-toc-link ez-toc-heading-32\" href=\"https:\/\/www.malagacar.com\/fr\/blog\/loisirs\/choses-a-faire-en-malaga-en-fevrier\/#Soupe_des_sept_succursales_%E2%80%93_El_Burgo\" data-wpel-link=\"internal\">Soupe des sept succursales &#8211; El Burgo<\/a><\/li><li class='ez-toc-page-1 ez-toc-heading-level-3'><a class=\"ez-toc-link ez-toc-heading-33\" href=\"https:\/\/www.malagacar.com\/fr\/blog\/loisirs\/choses-a-faire-en-malaga-en-fevrier\/#Journee_de_lAndalousie\" data-wpel-link=\"internal\">Journ\u00e9e de l&rsquo;Andalousie<\/a><\/li><li class='ez-toc-page-1 ez-toc-heading-level-3'><a class=\"ez-toc-link ez-toc-heading-34\" href=\"https:\/\/www.malagacar.com\/fr\/blog\/loisirs\/choses-a-faire-en-malaga-en-fevrier\/#Carnaval_%E2%80%93_Malaga\" data-wpel-link=\"internal\">Carnaval &#8211; Malaga<\/a><\/li><li class='ez-toc-page-1 ez-toc-heading-level-3'><a class=\"ez-toc-link ez-toc-heading-35\" href=\"https:\/\/www.malagacar.com\/fr\/blog\/loisirs\/choses-a-faire-en-malaga-en-fevrier\/#Festival_du_moulin_%E2%80%93_Riogordo\" data-wpel-link=\"internal\">Festival du moulin &#8211; Riogordo<\/a><\/li><li class='ez-toc-page-1 ez-toc-heading-level-3'><a class=\"ez-toc-link ez-toc-heading-36\" href=\"https:\/\/www.malagacar.com\/fr\/blog\/loisirs\/choses-a-faire-en-malaga-en-fevrier\/#Festival_de_labattage_%E2%80%93_Ardales\" data-wpel-link=\"internal\">Festival de l&rsquo;abattage &#8211; Ardales<\/a><\/li><li class='ez-toc-page-1 ez-toc-heading-level-3'><a class=\"ez-toc-link ez-toc-heading-37\" href=\"https:\/\/www.malagacar.com\/fr\/blog\/loisirs\/choses-a-faire-en-malaga-en-fevrier\/#Foire_Gastrononic_%E2%80%93_Benarraba\" data-wpel-link=\"internal\">Foire Gastrononic \u2013 Benarrab\u00e1<\/a><\/li><\/ul><\/li><li class='ez-toc-page-1 ez-toc-heading-level-2'><a class=\"ez-toc-link ez-toc-heading-38\" href=\"https:\/\/www.malagacar.com\/fr\/blog\/loisirs\/choses-a-faire-en-malaga-en-fevrier\/#Itineraires_de_randonnee_pour_voir_la_fleur_damandier_a_Malaga\" data-wpel-link=\"internal\">Itin\u00e9raires de randonn\u00e9e pour voir la fleur d&rsquo;amandier \u00e0 Malaga<\/a><ul class='ez-toc-list-level-3' ><li class='ez-toc-heading-level-3'><a class=\"ez-toc-link ez-toc-heading-39\" href=\"https:\/\/www.malagacar.com\/fr\/blog\/loisirs\/choses-a-faire-en-malaga-en-fevrier\/#Journee_de_la_fleur_damandier_%E2%80%93_Guaro\" data-wpel-link=\"internal\">Journ\u00e9e de la fleur d&rsquo;amandier\u00a0&#8211; Guaro<\/a><\/li><li class='ez-toc-page-1 ez-toc-heading-level-3'><a class=\"ez-toc-link ez-toc-heading-40\" href=\"https:\/\/www.malagacar.com\/fr\/blog\/loisirs\/choses-a-faire-en-malaga-en-fevrier\/#Sierra_de_las_Nieves\" data-wpel-link=\"internal\">Sierra de las Nieves<\/a><\/li><li class='ez-toc-page-1 ez-toc-heading-level-3'><a class=\"ez-toc-link ez-toc-heading-41\" href=\"https:\/\/www.malagacar.com\/fr\/blog\/loisirs\/choses-a-faire-en-malaga-en-fevrier\/#Vallee_du_Guadalhorce\" data-wpel-link=\"internal\">Vall\u00e9e du Guadalhorce<\/a><\/li><li class='ez-toc-page-1 ez-toc-heading-level-3'><a class=\"ez-toc-link ez-toc-heading-42\" href=\"https:\/\/www.malagacar.com\/fr\/blog\/loisirs\/choses-a-faire-en-malaga-en-fevrier\/#Axarquia\" data-wpel-link=\"internal\">Axarquia<\/a><\/li><\/ul><\/li><li class='ez-toc-page-1 ez-toc-heading-level-2'><a class=\"ez-toc-link ez-toc-heading-43\" href=\"https:\/\/www.malagacar.com\/fr\/blog\/loisirs\/choses-a-faire-en-malaga-en-fevrier\/#Randonnee_dans_la_province\" data-wpel-link=\"internal\">Randonn\u00e9e dans la province<\/a><ul class='ez-toc-list-level-3' ><li class='ez-toc-heading-level-3'><a class=\"ez-toc-link ez-toc-heading-44\" href=\"https:\/\/www.malagacar.com\/fr\/blog\/loisirs\/choses-a-faire-en-malaga-en-fevrier\/#Le_Caminito_del_Rey\" data-wpel-link=\"internal\">Le Caminito del Rey<\/a><\/li><li class='ez-toc-page-1 ez-toc-heading-level-3'><a class=\"ez-toc-link ez-toc-heading-45\" href=\"https:\/\/www.malagacar.com\/fr\/blog\/loisirs\/choses-a-faire-en-malaga-en-fevrier\/#Plus_dinformations_sur_le_tourisme_actif_a_Malaga\" data-wpel-link=\"internal\">Plus d&rsquo;informations sur le tourisme actif \u00e0 Malaga<\/a><\/li><\/ul><\/li><li class='ez-toc-page-1 ez-toc-heading-level-2'><a class=\"ez-toc-link ez-toc-heading-46\" href=\"https:\/\/www.malagacar.com\/fr\/blog\/loisirs\/choses-a-faire-en-malaga-en-fevrier\/#Saviez-vous_que%E2%80%A6\" data-wpel-link=\"internal\">Saviez-vous que&#8230; ?<\/a><\/li><li class='ez-toc-page-1 ez-toc-heading-level-2'><a class=\"ez-toc-link ez-toc-heading-47\" href=\"https:\/\/www.malagacar.com\/fr\/blog\/loisirs\/choses-a-faire-en-malaga-en-fevrier\/#Le_temps_a_Malaga_en_Fevrier\" data-wpel-link=\"internal\">Le temps \u00e0 Malaga en F\u00e9vrier<\/a><\/li><\/ul><\/nav><\/div>\n<h2><span class=\"ez-toc-section\" id=\"Choses_a_faire_a_Malaga_en_Fevrier_2026\"><\/span>Choses \u00e0 faire \u00e0 Malaga en F\u00e9vrier 2026<span class=\"ez-toc-section-end\"><\/span><\/h2>\n<h3><span class=\"ez-toc-section\" id=\"Saint-Valentin_a_Malaga\"><\/span>Saint-Valentin \u00e0 Malaga<span class=\"ez-toc-section-end\"><\/span><\/h3>\n<p><img loading=\"lazy\" decoding=\"async\" class=\"alignnone wp-image-9869\" src=\"https:\/\/www.malagacar.com\/sp\/blog\/wp-content\/uploads\/2016\/02\/san-valentin-malaga-es.jpg\" alt=\"San Valentin Malaga\" width=\"623\" height=\"428\" \/><\/p>\n<p>Passer la Saint-Valentin \u00e0 Malaga est un pari s\u00fbr. Malaga et la Costa del Sol sont une destination de qualit\u00e9 pour passer quelques jours romantiques avec votre partenaire.<\/p>\n<p>Si l&rsquo;id\u00e9e vous s\u00e9duit, jetez un coup d&rsquo;\u0153il \u00e0 notre article consacr\u00e9 \u00e0 la <a href=\"https:\/\/www.malagacar.com\/fr\/blog\/loisirs\/saint-valentin-malaga\/\" data-wpel-link=\"internal\"><strong>San Valent\u00edn \u00e1 M\u00e1laga<\/strong><\/a> et laissez-vous inspirer par les nombreuses choses dont vous pourrez profiter avec votre partenaire.<\/p>\n<h3><span class=\"ez-toc-section\" id=\"BREIKI_Electronic_Festival_%E2%80%93_Malaga\"><\/span>BREIKI Electronic Festival \u2013 Malaga<span class=\"ez-toc-section-end\"><\/span><\/h3>\n<p><img loading=\"lazy\" decoding=\"async\" class=\"alignnone wp-image-19032\" src=\"https:\/\/www.malagacar.com\/sp\/blog\/wp-content\/uploads\/2026\/02\/Breiki.jpg\" alt=\"BREIKI Electronic Festival \u2013 M\u00e1laga\" width=\"585\" height=\"579\" \/><\/p>\n<p>Breiki est un festival d&rsquo;apr\u00e8s-midi qui met \u00e0 l&rsquo;honneur la musique \u00e9lectronique dans un cadre s\u00e9curis\u00e9, con\u00e7u exclusivement pour les familles avec enfants.<\/p>\n<p>Adultes et enfants peuvent appr\u00e9cier ensemble des styles comme le garage, la drum &amp; bass et le breakbeat. L&rsquo;entr\u00e9e est r\u00e9serv\u00e9e aux familles (les adultes sans enfants ne seront pas admis). L&rsquo;entr\u00e9e est gratuite pour les enfants de moins de deux ans, et des activit\u00e9s sont propos\u00e9es pour tous les \u00e2ges, y compris les adolescents.<\/p>\n<p>Le lieu comprendra trois espaces distincts\u00a0: une salle de danse pour les spectacles, une salle de d\u00e9tente et d\u2019activit\u00e9s manuelles avec des activit\u00e9s inclusives, et une terrasse ext\u00e9rieure couverte avec service de restauration.<\/p>\n<ul>\n<li><a href=\"https:\/\/www.monsterticket.com\/evento\/breiki-electronic-festival-1-aniversario\" data-wpel-link=\"external\" rel=\"external noopener noreferrer\"><strong>Billets<\/strong><\/a><\/li>\n<li>Quand : 22 f\u00e9vrier, de 13h \u00e0 18h<\/li>\n<li>O\u00f9 : Sala Santa Rita, M\u00e1laga<\/li>\n<li><a href=\"https:\/\/maps.app.goo.gl\/nfY6sHkMKFrsxHEZ9\" data-wpel-link=\"external\" rel=\"external noopener noreferrer\"><strong>Comment s&rsquo;y rendre<\/strong><\/a><\/li>\n<\/ul>\n<h3><span class=\"ez-toc-section\" id=\"Le_Cirque_Maudit_%E2%80%93_Malaga\"><\/span>Le Cirque Maudit &#8211; Malaga<span class=\"ez-toc-section-end\"><\/span><\/h3>\n<p><img loading=\"lazy\" decoding=\"async\" class=\"alignnone wp-image-19033\" src=\"https:\/\/www.malagacar.com\/sp\/blog\/wp-content\/uploads\/2026\/02\/circo-maldito-819x1024.jpg\" alt=\"El Circo Maldito - M\u00e1laga\" width=\"584\" height=\"731\" \/><\/p>\n<p>Pr\u00e9parez-vous \u00e0 une exp\u00e9rience hors du commun au Cirque Maudit, le spectacle le plus terrifiant, sexy et divertissant de l&rsquo;ann\u00e9e. Ce spectacle, pr\u00e9sent\u00e9 sous un immense chapiteau, est strictement interdit aux moins de 16 ans et recommand\u00e9 aux plus de 18 ans. Oserez-vous ?<\/p>\n<ul>\n<li><a href=\"https:\/\/circomaldito.show\/\" data-wpel-link=\"external\" rel=\"external noopener noreferrer\"><strong>Informations et billets<\/strong><\/a><\/li>\n<li>Dates : du 21 f\u00e9vrier au 7 mars<\/li>\n<li>O\u00f9 : Parc des expositions de Malaga<\/li>\n<li><a href=\"https:\/\/maps.app.goo.gl\/fCkvbAD1o4XahXxBA\" data-wpel-link=\"external\" rel=\"external noopener noreferrer\"><strong>Comment s\u2019y rendre<\/strong><\/a><\/li>\n<\/ul>\n<h3><span class=\"ez-toc-section\" id=\"Cirque_des_Lumieres_%E2%80%93_Malaga\"><\/span>Cirque des Lumi\u00e8res \u2013 Malaga<span class=\"ez-toc-section-end\"><\/span><\/h3>\n<p><img loading=\"lazy\" decoding=\"async\" class=\"alignnone size-large wp-image-18941\" src=\"https:\/\/www.malagacar.com\/sp\/blog\/wp-content\/uploads\/2026\/01\/circo-de-la-luz-malaga-1024x531.jpg\" alt=\"Circo de la Luz \u2013 M\u00e1laga\" width=\"750\" height=\"389\" \/><\/p>\n<p>Vivez une exp\u00e9rience de cirque unique en son genre avec ce spectacle. Le Cirque des Lumi\u00e8res s&rsquo;inspire des plus beaux spectacles de lumi\u00e8re au monde et m\u00eale cirque, magie et technologie.<\/p>\n<p>Au programme\u00a0: acrobates de haut niveau, animaux lumineux biom\u00e9caniques, effets technologiques immersifs et chor\u00e9graphies laser.<\/p>\n<p>Visitez leur site officiel pour d\u00e9couvrir ce qui vous attend dans ce spectacle exceptionnel.<\/p>\n<ul>\n<li><a href=\"https:\/\/circoalegria.es\/\" data-wpel-link=\"external\" rel=\"external noopener noreferrer\"><strong>Billets<\/strong><\/a><\/li>\n<li>Dates : du 20 f\u00e9vrier au 8 mars 2026<\/li>\n<li>O\u00f9\u00a0: Parc des expositions Cortijo de Torres, Malaga<\/li>\n<li><a href=\"https:\/\/maps.app.goo.gl\/v29XKcG1W794JgJZ6\" data-wpel-link=\"external\" rel=\"external noopener noreferrer\"><strong>Comment s&rsquo;y rendre<\/strong><\/a><\/li>\n<\/ul>\n<h3><span class=\"ez-toc-section\" id=\"Gala_Drag_Queen_%E2%80%93_Benalmadena\"><\/span>Gala Drag Queen &#8211; Benalmadena<span class=\"ez-toc-section-end\"><\/span><\/h3>\n<p><img loading=\"lazy\" decoding=\"async\" class=\"alignnone wp-image-18939\" src=\"https:\/\/www.malagacar.com\/sp\/blog\/wp-content\/uploads\/2026\/01\/gala-drag-queen-benalmadena.jpg\" alt=\"Gala Drag Queen - Benalm\u00e1dena\" width=\"507\" height=\"724\" \/><\/p>\n<p>Benalm\u00e1dena c\u00e9l\u00e9brera le 25e anniversaire de son Gala des Drag Queens avec une \u00e9dition historique mettant en comp\u00e9tition 18 candidates pour le titre de \u00ab\u00a0Drag Queen de l&rsquo;Ann\u00e9e\u00a0\u00bb.<\/p>\n<p>Le gala aura lieu sur la Plaza de la Mezquita, dans le quartier d&rsquo;Arroyo de la Miel, le 6 f\u00e9vrier \u00e0 partir de 21h30.<\/p>\n<ul>\n<li><a href=\"https:\/\/maps.app.goo.gl\/sxHP9qXYGhuHYFZDA\" data-wpel-link=\"external\" rel=\"external noopener noreferrer\"><strong>Comment s&rsquo;y rendre<\/strong><\/a><\/li>\n<\/ul>\n<h3><span class=\"ez-toc-section\" id=\"Visite_nocturne_du_cimetiere_anglais_%E2%80%93_Malaga\"><\/span>Visite nocturne du cimeti\u00e8re anglais &#8211; Malaga<span class=\"ez-toc-section-end\"><\/span><\/h3>\n<p><img loading=\"lazy\" decoding=\"async\" class=\"alignnone wp-image-16313\" src=\"https:\/\/www.malagacar.com\/sp\/blog\/wp-content\/uploads\/2024\/10\/Visita-nocturna-cementerio-ingles-1024x966.jpg\" alt=\"Visita nocturna al Cementerio Ingl\u00e9s - M\u00e1laga\" width=\"734\" height=\"692\" \/><\/p>\n<p>Osez d\u00e9couvrir tous les secrets cach\u00e9s dans cette visite nocturne th\u00e9\u00e2tralis\u00e9e du cimeti\u00e8re anglais historique. Les personnalit\u00e9s qui y reposent prennent vie et vous racontent leurs histoires int\u00e9ressantes.<\/p>\n<p>La visite dure 1 heure et demie. Nombre de places limit\u00e9 jusqu&rsquo;\u00e0 \u00e9puisement de la capacit\u00e9.<\/p>\n<ul>\n<li><a href=\"https:\/\/historiavivamalaga.es\/visitas-teatralizadas-en-malaga\/cementerio-ingles-en-malaga\/?_gl=1*1qg529*_up*MQ..*_ga*NzIzNDMzNDQ4LjE3NTk3MzgwNTg.*_ga_YKXC5BWRQG*czE3NTk3MzgwNTckbzEkZzAkdDE3NTk3MzgwNTckajYwJGwwJGgw*_ga_MZ8MMM82Y1*czE3NTk3MzgwNTgkbzEkZzAkdDE3NTk3MzgwNTgkajYwJGwwJGgw\" data-wpel-link=\"external\" rel=\"external noopener noreferrer\"><strong>Plus d&rsquo;informations et billets<\/strong><\/a><\/li>\n<li>O\u00f9 : Cementerio Ingl\u00e9s, M\u00e1laga<\/li>\n<li><a href=\"https:\/\/maps.app.goo.gl\/vKia4xamSXpDjeyf6\" data-wpel-link=\"external\" rel=\"external noopener noreferrer\"><strong>Comment s&rsquo;y rendre<\/strong><\/a><\/li>\n<\/ul>\n<h3><span class=\"ez-toc-section\" id=\"Seminaire_international_de_jazz_%E2%80%93_Fuengirola\"><\/span>S\u00e9minaire international de jazz &#8211; Fuengirola<span class=\"ez-toc-section-end\"><\/span><\/h3>\n<p><img loading=\"lazy\" decoding=\"async\" class=\"alignnone size-full wp-image-18827\" src=\"https:\/\/www.malagacar.com\/sp\/blog\/wp-content\/uploads\/2025\/01\/jazzworkshop-Fuengirols.jpg\" alt=\"Seminario Internacional de Jazz - Fuengirola\" width=\"575\" height=\"819\" \/><\/p>\n<p>Le S\u00e9minaire international de jazz de Fuengirola est un \u00e9v\u00e9nement culturel qui se d\u00e9roulera du 26 f\u00e9vrier au 1er mars et r\u00e9unira des artistes, des \u00e9tudiants et des passionn\u00e9s de jazz du monde entier.<\/p>\n<p>L&rsquo;\u00e9cole de musique municipale accueillera cet \u00e9v\u00e9nement, qui propose plus de 30 activit\u00e9s\u00a0: ateliers, masterclasses, concerts et jam sessions. Les participants pourront appr\u00e9cier les performances de musiciens internationaux, des ma\u00eetres du jazz confirm\u00e9s aux jeunes talents prometteurs.<\/p>\n<p>L&rsquo;\u00e9v\u00e9nement se tiendra dans diff\u00e9rents lieux de Fuengirola, tels que la Casa de la Cultura (Centre culturel), le Speakeasy Jazz Club, la discoth\u00e8que Maxy et la Plaza Reyes Cat\u00f3licos.<\/p>\n<ul>\n<li><a href=\"https:\/\/my.weezevent.com\/internationalfuengirola-jazzworkshop\" data-wpel-link=\"external\" rel=\"external noopener noreferrer\"><strong>Billets<\/strong><\/a><\/li>\n<li>O\u00f9\u00a0: \u00c9cole de musique de Fuengirola, Avenida Juan G\u00f3mez Juanito 12<\/li>\n<li>Dates : Du 26 f\u00e9vrier au 1er mars<\/li>\n<li><a href=\"https:\/\/maps.app.goo.gl\/geM4TNaZDCuvkHmE6\" data-wpel-link=\"external\" rel=\"external noopener noreferrer\"><strong>Comment s\u2019y rendre<\/strong><\/a><\/li>\n<\/ul>\n<h3><span class=\"ez-toc-section\" id=\"Festival_RockinRace_Jamboree_%E2%80%93_Torremolinos\"><\/span>Festival Rockin\u2019Race Jamboree &#8211; Torremolinos<span class=\"ez-toc-section-end\"><\/span><\/h3>\n<p><img loading=\"lazy\" decoding=\"async\" class=\"alignnone size-full wp-image-18828\" src=\"https:\/\/www.malagacar.com\/sp\/blog\/wp-content\/uploads\/2025\/01\/Rocking-Race-Torremolinos.jpg\" alt=\"Festival Rockin\u2019Race Jamboree - Torremolinos\" width=\"566\" height=\"817\" \/><\/p>\n<p>La 32e \u00e9dition du festival Rockin\u2019 Race Jamboree se d\u00e9roule \u00e0 Torremolinos durant la premi\u00e8re semaine de f\u00e9vrier. Ce festival, d\u00e9di\u00e9 aux musiques traditionnelles des ann\u00e9es 40, 50 et d\u00e9but 60, propose pr\u00e8s de quatre jours de concerts dans diff\u00e9rents lieux de cette ville pris\u00e9e de la Costa del Sol.<\/p>\n<p>Parmi les salles de concert de cette ann\u00e9e figurent l\u2019H\u00f4tel La Barracuda, l\u2019Auditorium Municipal de Torremolinos, la Salle de Danse Paradiso et la Plaza del Remo, o\u00f9 vous trouverez \u00e9galement des food trucks et des voitures de collection\u00a0: une ambiance fantastique est garantie\u00a0!<\/p>\n<ul>\n<li><a href=\"https:\/\/www.rockinrace.com\/\" data-wpel-link=\"external\" rel=\"external noopener noreferrer\"><strong>Site web de l&rsquo;\u00e9v\u00e9nement<\/strong><\/a><\/li>\n<li>Dates : du 4 au 8 f\u00e9vrier<\/li>\n<li><a href=\"https:\/\/maps.app.goo.gl\/NDWmgRFX3nyQWNLZ6\" data-wpel-link=\"external\" rel=\"external noopener noreferrer\"><strong>Comment s&rsquo;y rendre<\/strong><\/a><\/li>\n<\/ul>\n<h3><span class=\"ez-toc-section\" id=\"Semi-marathon_%E2%80%93_Torremolinos\"><\/span>Semi-marathon &#8211; Torremolinos<span class=\"ez-toc-section-end\"><\/span><\/h3>\n<p><img loading=\"lazy\" decoding=\"async\" class=\"alignnone wp-image-18830\" src=\"https:\/\/www.malagacar.com\/sp\/blog\/wp-content\/uploads\/2025\/01\/media-maraton-Torremolinos-819x1024.jpeg\" alt=\"media maraton Torremolinos\" width=\"504\" height=\"631\" \/><\/p>\n<p>Ce marathon populaire se d\u00e9roule sur un circuit urbain d&rsquo;environ 21 km \u00e0 travers les rues et avenues principales de Malaga, sur la Costa del Sol.<\/p>\n<p>Cette course est l&rsquo;une des plus anciennes de la province de Malaga et rassemble environ 2\u00a0000 participants, dont de nombreux coureurs internationaux.<\/p>\n<ul>\n<li>Date : 1er f\u00e9vrier<\/li>\n<li><a href=\"https:\/\/www.dorsalchip.es\/carrera\/2026\/2\/1\/XXXVI_MEDIA_MARATON_INTERNACIONAL_DE_TORREMOLINOS.aspx\" data-wpel-link=\"external\" rel=\"external noopener noreferrer\"><strong>Informations et inscription<\/strong><\/a><\/li>\n<\/ul>\n<p><iframe loading=\"lazy\" title=\"Video Half Marathon Torremolinos 2025\" src=\"https:\/\/www.youtube.com\/embed\/NqB8yej7Jdk\" width=\"1110\" height=\"625\" frameborder=\"0\" allowfullscreen=\"allowfullscreen\"><\/iframe><\/p>\n<h3><span class=\"ez-toc-section\" id=\"Concerts_Candelight_%E2%80%93_Malaga\"><\/span>Concerts Candelight &#8211; Malaga<span class=\"ez-toc-section-end\"><\/span><\/h3>\n<p><a href=\"https:\/\/www.malagacar.com\/sp\/blog\/wp-content\/uploads\/2020\/01\/IMG_20211122_083656_009.jpg\" data-wpel-link=\"internal\"><img loading=\"lazy\" decoding=\"async\" class=\"alignnone wp-image-10160\" src=\"https:\/\/www.malagacar.com\/sp\/blog\/wp-content\/uploads\/2020\/01\/IMG_20211122_083656_009-768x1024.jpg\" alt=\"\" width=\"452\" height=\"602\" \/><\/a><\/p>\n<p>Dans la salle de concert Mar\u00eda Cristina, un monast\u00e8re franciscain du XVe si\u00e8cle situ\u00e9 au c\u0153ur de Malaga, \u00e0 l&rsquo;acoustique exceptionnelle et \u00e0 la beaut\u00e9 unique.<\/p>\n<p>R\u00e9cemment, de plus en plus de lieux uniques de Malaga se sont joints \u00e0 cette exp\u00e9rience, comme le mus\u00e9e Carmen Thyssen et maintenant le Gran Hotel Miramar.<\/p>\n<p>Nous vous recommandons personnellement cette exp\u00e9rience de concerts classiques et d&rsquo;hommages \u00e0 la lumi\u00e8re des bougies.<\/p>\n<h4>Programme de f\u00e9vrier<\/h4>\n<p><strong>Hans Zimmer Hommage au<\/strong> Gran Hotel Miramar, les 1er et 8 f\u00e9vrier<br \/>\n<strong>ABBA Hommage<\/strong> au Gran Hotel Miramar, les 1er et 7 f\u00e9vrier<br \/>\n<strong>Adele Hommage<\/strong> au Gran Hotel Miramar, le 7 f\u00e9vrier<br \/>\n<strong>Coldplay Hommage<\/strong> au Gran Hotel Miramar, les 8 et 28 f\u00e9vrier<br \/>\n<strong>Ed Sheeran contre Coldplay<\/strong> \u00e0 la Sala Mar\u00eda Cristina, le 13 f\u00e9vrier<br \/>\n<strong>Sp\u00e9cial Saint-Valentin<\/strong> \u00e0 la Sala Mar\u00eda Cristina, le 13 f\u00e9vrier<br \/>\n<strong>Le meilleur d&rsquo;Ennio Morricone<\/strong> au Gran Hotel Miramar, le 14 f\u00e9vrier<br \/>\n<strong>Coldplay contre Imagine Dragons<\/strong> au Mus\u00e9e Carmen Thyssen, le 14 f\u00e9vrier<br \/>\n<strong>Musiques de films romantiques<\/strong> au Gran Hotel Miramar, le 14 f\u00e9vrier<br \/>\n<strong>Les Quatre Saisons de Vivaldi<\/strong> au Gran Hotel Miramar, le 15 f\u00e9vrier<br \/>\n<strong>Queen Hommage et aux Beatles<\/strong> au Gran Hotel Miramar, les 15 et 28 f\u00e9vrier<br \/>\n<strong>Hans Zimmer Hommage<\/strong> \u00e0 la Sala Mar\u00eda Cristina, le 15 f\u00e9vrier 20<br \/>\n<strong>ABBA Hommage<\/strong> \u00e0 la Sala Mar\u00eda Cristina, le 20 f\u00e9vrier<\/p>\n<ul>\n<li>Billets \u00e0 <a href=\"https:\/\/feverup.com\/malaga\/candlelight?utm_content=candlelight&amp;utm_source=malagasecreta&amp;utm_medium=post&amp;utm_term=cta3\" data-wpel-link=\"external\" rel=\"external noopener noreferrer\"><strong>Feverup<\/strong><\/a><\/li>\n<li>O\u00f9 : <a href=\"https:\/\/maps.app.goo.gl\/BACwA2S7rGRWoCWWA\" data-wpel-link=\"external\" rel=\"external noopener noreferrer\"><strong>Sala de Conciertos Mar\u00eda Cristina<\/strong><\/a>, <a href=\"https:\/\/maps.app.goo.gl\/fL8iZoUwDAsAEMzL8\" data-wpel-link=\"external\" rel=\"external noopener noreferrer\"><strong>Museo Carmen Thyssen,<\/strong><\/a> <a href=\"https:\/\/maps.app.goo.gl\/72v8MZ3kaGEw7Kc17\" data-wpel-link=\"external\" rel=\"external noopener noreferrer\"><strong>Gran Hotel Miramar<\/strong><\/a>, <a href=\"https:\/\/maps.app.goo.gl\/kyQacJ5dPcu33NXZ6\" data-wpel-link=\"external\" rel=\"external noopener noreferrer\"><strong>Automobile Museum<\/strong><\/a> et <a href=\"https:\/\/www.malagacar.com\/fr\/blog\/loisirs\/jardin-botanique-historique-malaga\/\" data-wpel-link=\"internal\"><strong>Jardin Botanique historique<\/strong><\/a>, Malaga<\/li>\n<\/ul>\n<h3><span class=\"ez-toc-section\" id=\"Concerts_Candelight_%E2%80%93_Marbella\"><\/span>Concerts Candelight &#8211; Marbella<span class=\"ez-toc-section-end\"><\/span><\/h3>\n<p><img loading=\"lazy\" decoding=\"async\" class=\"size-full wp-image-14240\" src=\"https:\/\/www.malagacar.com\/sp\/blog\/wp-content\/uploads\/2022\/08\/CandleLight_VillaPadierna-Foto-Malagasecreta.jpg\" alt=\"Candlelight Conciertos Marbella\" width=\"1024\" height=\"684\" \/><\/p>\n<p>\u00c0 l&rsquo;h\u00f4tel 5 \u00e9toiles Anantara Villa Padierna Palace.<\/p>\n<h4>Programme de f\u00e9vrier<\/h4>\n<p><strong>Coldplay contre Imagine Dragons<\/strong>, le 7 f\u00e9vrier<br \/>\n<strong>Ludovico Einaudi Hommage<\/strong>, le 7 f\u00e9vrier<br \/>\n<strong>Hans Zimmer Hommage<\/strong>, le 21 f\u00e9vrier<br \/>\n<strong>Queen Hommage<\/strong>, le 21 f\u00e9vrier<\/p>\n<ul>\n<li>Billets sur le site officiel de <a href=\"https:\/\/feverup.com\/malaga\/candlelight?utm_content=candlelight&amp;utm_source=malagasecreta&amp;utm_medium=post&amp;utm_term=cta3\" data-wpel-link=\"external\" rel=\"external noopener noreferrer\"><strong>Feverup<\/strong><\/a><\/li>\n<li><a href=\"https:\/\/maps.app.goo.gl\/eEjC7paTFxs7jW1K9\" data-wpel-link=\"external\" rel=\"external noopener noreferrer\"><strong>Comment s&rsquo;y rendre<\/strong><\/a><\/li>\n<\/ul>\n<h3><span class=\"ez-toc-section\" id=\"Pleine_lune_a_Hydros_Spa_%E2%80%93_Benalmadena\"><\/span>Pleine lune \u00e0 Hydros Spa &#8211; Benalmadena<span class=\"ez-toc-section-end\"><\/span><\/h3>\n<p><img loading=\"lazy\" decoding=\"async\" class=\"alignnone size-full wp-image-15528\" src=\"https:\/\/www.malagacar.com\/sp\/blog\/wp-content\/uploads\/2023\/05\/Noche-spa-hydros.jpg\" alt=\"Hydros Spa Benalm\u00e1dena\" width=\"900\" height=\"471\" \/><\/p>\n<p>Nous incluons \u00e9galement une proposition diff\u00e9rente de l&rsquo;h\u00f4tel Holiday World de Benalm\u00e1dena : Profitez du spa pendant la nuit de la pleine lune.<\/p>\n<p>Profitez de la magie d&rsquo;une s\u00e9ance de spa nocturne de 60 minutes avec une vue spectaculaire sur la baie de Benalmadena et Fuengirola, co\u00efncidant avec la pleine lune.<\/p>\n<p>Avec une boisson de bienvenue et des fruits, des attentions particuli\u00e8res. Parfait pour un couple ou des amis.<\/p>\n<ul>\n<li><a href=\"https:\/\/pwa.holidayworld.es\/?hotel=experiencias\" data-wpel-link=\"external\" rel=\"external noopener noreferrer\"><strong> R\u00e9servations <\/strong><\/a><\/li>\n<li>Quand : 28 f\u00e9vrier<\/li>\n<li><a href=\"https:\/\/maps.app.goo.gl\/8SV8SuFTrbvrLTgt8\" data-wpel-link=\"external\" rel=\"external noopener noreferrer\"><strong> Comment s&rsquo;y rendre<\/strong><\/a><\/li>\n<\/ul>\n<h3><span class=\"ez-toc-section\" id=\"Jeux_interactifs_dans_les_rues_de_Malaga_et_Marbella\"><\/span>Jeux interactifs dans les rues de Malaga et Marbella<span class=\"ez-toc-section-end\"><\/span><\/h3>\n<p><img loading=\"lazy\" decoding=\"async\" class=\"alignnone size-full wp-image-13012\" src=\"https:\/\/www.malagacar.com\/sp\/blog\/wp-content\/uploads\/2022\/01\/escape.jpg\" alt=\"escape room urbano m\u00e1laga\" width=\"545\" height=\"581\" \/><\/p>\n<p>Envie de jouer \u00e0 un escape game en ext\u00e9rieur en \u00e9quipe tout en d\u00e9couvrant le centre historique de Malaga de fa\u00e7on ludique\u00a0?<\/p>\n<p>Voici des liens vers des <a href=\"https:\/\/escapecitybox.com\/escape-room-city-malaga\" data-wpel-link=\"external\" rel=\"external noopener noreferrer\"><strong>escape games \u00e0 Malaga<\/strong><\/a> et <a href=\"https:\/\/escapecitybox.com\/escape-city-room-marbella\/\" data-wpel-link=\"external\" rel=\"external noopener noreferrer\"><strong>Marbella<\/strong><\/a>, pouvant accueillir jusqu&rsquo;\u00e0 5 personnes.<\/p>\n<h3><span class=\"ez-toc-section\" id=\"Visites_guidees_gratuites_%E2%80%93_Musee_de_Malaga\"><\/span>Visites guid\u00e9es gratuites &#8211; Mus\u00e9e de Malaga<span class=\"ez-toc-section-end\"><\/span><\/h3>\n<p><img loading=\"lazy\" decoding=\"async\" class=\"alignnone wp-image-14397\" src=\"https:\/\/www.malagacar.com\/sp\/blog\/wp-content\/uploads\/2021\/07\/Museo-de-Malaga-819x1024.jpg\" alt=\"Museo de M\u00e1laga\" width=\"550\" height=\"688\" \/><\/p>\n<p>Profitez du samedi pour fl\u00e2ner parmi les collections d&rsquo;art et d&rsquo;arch\u00e9ologie. Le <a href=\"https:\/\/www.malagacar.com\/fr\/blog\/loisirs\/meilleurs-musees-malaga\/#Musee_de_Malaga\" data-wpel-link=\"internal\"><strong>Mus\u00e9e de Malaga<\/strong><\/a> propose des visites guid\u00e9es gratuites tous les samedis \u00e0 midi, chacune sur un th\u00e8me diff\u00e9rent.<\/p>\n<p>Les inscriptions se font \u00e0 l&rsquo;accueil le jour de l&rsquo;activit\u00e9, d\u00e8s l&rsquo;ouverture du mus\u00e9e. Consultez <a href=\"https:\/\/www.museosdeandalucia.es\/web\/museodemalaga\" data-wpel-link=\"external\" rel=\"external noopener noreferrer\"><strong>leur site web<\/strong><\/a> pour conna\u00eetre les activit\u00e9s propos\u00e9es chaque semaine.<\/p>\n<ul>\n<li>Quand : Le samedi \u00e0 12h<\/li>\n<li>O\u00f9 : Mus\u00e9e de Malaga<\/li>\n<li><a href=\"https:\/\/maps.app.goo.gl\/ZRb4BVzcJ2ToyXaH8\" data-wpel-link=\"external\" rel=\"external noopener noreferrer\"><strong>Comment s&rsquo;y rendre<\/strong><\/a><\/li>\n<\/ul>\n<h3><span class=\"ez-toc-section\" id=\"Visite_theatrale_de_la_grotte_aux_tresors_%E2%80%93_Rincon_de_la_Victoria\"><\/span>Visite th\u00e9\u00e2trale de la grotte aux tr\u00e9sors &#8211; Rinc\u00f3n de la Victoria<span class=\"ez-toc-section-end\"><\/span><\/h3>\n<p><img loading=\"lazy\" decoding=\"async\" class=\"size-large wp-image-7849\" src=\"https:\/\/www.malagacar.com\/sp\/blog\/wp-content\/uploads\/2020\/03\/cueva-del-tesoro-1024x625.jpg\" alt=\"cueva del tesoro\" width=\"750\" height=\"458\" \/><\/p>\n<p>Remontez le temps et d\u00e9couvrez l&rsquo;histoire et les myst\u00e8res de la d\u00e9couverte de la Grotte au Tr\u00e9sor. Visites th\u00e9\u00e2tralis\u00e9es d&rsquo;une heure \u00e0 travers les diff\u00e9rentes galeries de la grotte.<\/p>\n<p>R\u00e9servation obligatoire pour cette activit\u00e9 via <a href=\"https:\/\/entradas.turismoenrincon.es\/\" data-wpel-link=\"external\" rel=\"external noopener noreferrer\"><strong>ce lien<\/strong><\/a>.<\/p>\n<ul>\n<li>Prochaines dates : 30 novembre I 28 d\u00e9cembre<\/li>\n<li>O\u00f9 : Grotte au tr\u00e9sor &#8211; Rinc\u00f3n de la Victoria<\/li>\n<li><a href=\"https:\/\/maps.app.goo.gl\/3sX5qj8EcDRxP7R37\" data-wpel-link=\"external\" rel=\"external noopener noreferrer\"><strong>Comment s&rsquo;y rendre<\/strong><\/a><\/li>\n<\/ul>\n<h3><span class=\"ez-toc-section\" id=\"Degustation_de_bieres_artisanales_%E2%80%93_Malaga\"><\/span>D\u00e9gustation de bi\u00e8res artisanales &#8211; Malaga<span class=\"ez-toc-section-end\"><\/span><\/h3>\n<p><img loading=\"lazy\" decoding=\"async\" class=\"alignnone size-large wp-image-18579\" src=\"https:\/\/www.malagacar.com\/sp\/blog\/wp-content\/uploads\/2024\/11\/Cata-de-cervezas-artesanas-1024x541.jpg\" alt=\"Cata de cervezas artesanas - M\u00e1laga\" width=\"750\" height=\"396\" \/><\/p>\n<p>Dans le \u00ab\u00a0quartier artistique\u00a0\u00bb branch\u00e9 de Soho, au c\u0153ur de Malaga, vous pouvez vous inscrire \u00e0 une d\u00e9gustation de bi\u00e8res artisanales. Plus pr\u00e9cis\u00e9ment \u00e0 La F\u00e1brica de Cerveza Cruzcampo, qui allie production de bi\u00e8res artisanales, bar, gastronomie et musique live.<\/p>\n<ul>\n<li>Plus d\u2019<a href=\"https:\/\/lafabricadecerveza.com\/experiencias-malaga\/\" data-wpel-link=\"external\" rel=\"external noopener noreferrer\"><strong>informations et r\u00e9servations<\/strong><\/a><\/li>\n<li>O\u00f9\u00a0: La F\u00e1brica, Malaga<\/li>\n<li><a href=\"https:\/\/maps.app.goo.gl\/D5DHHYApRd3cjeW37\" data-wpel-link=\"external\" rel=\"external noopener noreferrer\"><strong>Comment s\u2019y rendre<\/strong><\/a><\/li>\n<\/ul>\n<h2><span class=\"ez-toc-section\" id=\"Marches_de_rue_a_Malaga_en_fevrier\"><\/span>March\u00e9s de rue \u00e0 Malaga en f\u00e9vrier<span class=\"ez-toc-section-end\"><\/span><\/h2>\n<h3><span class=\"ez-toc-section\" id=\"Marche_dhiver_au_Quai_Un\"><\/span>March\u00e9 d&rsquo;hiver au Quai Un<span class=\"ez-toc-section-end\"><\/span><\/h3>\n<p><img loading=\"lazy\" decoding=\"async\" class=\"alignnone size-large wp-image-18927\" src=\"https:\/\/www.malagacar.com\/sp\/blog\/wp-content\/uploads\/2026\/01\/mercado-de-invierno-muelle-uno-1024x184.jpg\" alt=\"Mercado de Invierno en Muelle Uno\" width=\"750\" height=\"135\" \/><\/p>\n<p>Profitez d&rsquo;une agr\u00e9able promenade le long du front de mer \u00e0 <a href=\"https:\/\/www.malagacar.com\/fr\/blog\/loisirs\/quai-un-malaga\/\" data-wpel-link=\"internal\"><strong>Quai Un<\/strong><\/a> et d\u00e9couvrez le march\u00e9 d&rsquo;hiver qui s&rsquo;y trouve, avec ses stands vendant de l&rsquo;artisanat, de la mode, de la nourriture et des produits locaux.<\/p>\n<ul>\n<li>Quand\u00a0: Du 23 janvier au 15 mars 2026, de 10 h \u00e0 22 h.<\/li>\n<li><a href=\"https:\/\/maps.app.goo.gl\/1qECKghePF9PWgYv5\" data-wpel-link=\"external\" rel=\"external noopener noreferrer\"><strong>Comment s\u2019y rendre<\/strong><\/a><\/li>\n<\/ul>\n<h3><span class=\"ez-toc-section\" id=\"Marche_de_lartisanat_La_Merced_%E2%80%93_Malaga\"><\/span>March\u00e9 de l&rsquo;artisanat La Merced &#8211; Malaga<span class=\"ez-toc-section-end\"><\/span><\/h3>\n<p><img loading=\"lazy\" decoding=\"async\" class=\"alignnone size-full wp-image-9843\" src=\"https:\/\/www.malagacar.com\/sp\/blog\/wp-content\/uploads\/2020\/11\/Plaza-Merced-Foto-VisitaCostadelSol.webp\" alt=\"\" width=\"750\" height=\"430\" \/><\/p>\n<p>Chaque premier dimanche du mois, ce march\u00e9 artisanal color\u00e9 se tient au c\u0153ur de la vieille ville, sur la Plaza de la Merced.<\/p>\n<p>Une id\u00e9e id\u00e9al si vous \u00eates un citadin et que vous aimez vous promener le dimanche sous les jacarandas en fleurs, puis prendre un verre aux nombreuses terrasses et restaurants qui entourent la place.<\/p>\n<ul>\n<li>Prochaine \u00e9dition : 1 f\u00e9vrier<\/li>\n<li><a href=\"https:\/\/goo.gl\/maps\/w3kV85d5km7FYWFFA\" data-wpel-link=\"external\" rel=\"external noopener noreferrer\"><strong> Comment s&rsquo;y rendre<\/strong><\/a><\/li>\n<\/ul>\n<h3><span class=\"ez-toc-section\" id=\"Le_marche_des_cimetieres_anglais_%E2%80%93_Malaga\"><\/span>Le march\u00e9 des cimeti\u00e8res anglais \u2013 Malaga<span class=\"ez-toc-section-end\"><\/span><\/h3>\n<p><img loading=\"lazy\" decoding=\"async\" class=\"alignnone size-full wp-image-16454\" src=\"https:\/\/www.malagacar.com\/sp\/blog\/wp-content\/uploads\/2024\/11\/Mercadillo-del-Ingles-1024x683-1.jpg\" alt=\"Mercadillo del Ingl\u00e9s \u2013 M\u00e1laga\" width=\"1024\" height=\"683\" \/><\/p>\n<p>Un nouveau format de march\u00e9 aux puces sp\u00e9cial vient s&rsquo;ajouter \u00e0 l&rsquo;offre culturelle de la ville.<\/p>\n<p>Une fois par mois, le <a href=\"https:\/\/www.malagacar.com\/fr\/blog\/loisirs\/curieux-cimetieres-malaga\/#Cimetiere_anglais_Malaga\" data-wpel-link=\"internal\"><strong>cimeti\u00e8re anglais<\/strong><\/a> du centre-ville accueille un march\u00e9 aux puces proposant de l&rsquo;artisanat, de la d\u00e9coration vintage, des livres d&rsquo;occasion, des c\u00e9ramiques et des produits uniques. L&rsquo;\u00e9v\u00e9nement propose \u00e9galement de la musique live et des food trucks.<\/p>\n<p>Ce qui est sp\u00e9cial, c&rsquo;est l&rsquo;endroit lui-m\u00eame, un lieu embl\u00e9matique plein de charme : le cimeti\u00e8re anglais, la plus ancienne n\u00e9cropole non catholique de la p\u00e9ninsule ib\u00e9rique. En vous promenant dans le magnifique jardin, vous pourrez d\u00e9couvrir les tombes des personnalit\u00e9s internationales de l&rsquo;\u00e9poque qui y ont \u00e9t\u00e9 enterr\u00e9es.<\/p>\n<p>Entr\u00e9e gratuite.<\/p>\n<ul>\n<li>Prochaine \u00e9dition sur le <a href=\"https:\/\/cementerioinglesmalaga.org\/\" data-wpel-link=\"external\" rel=\"external noopener noreferrer\"><strong>site officiel<\/strong><\/a><\/li>\n<li><a href=\"https:\/\/maps.app.goo.gl\/ibfgQuF52hBNZoD86\" data-wpel-link=\"external\" rel=\"external noopener noreferrer\"><strong>Comment s&rsquo;y rendre<\/strong><\/a><\/li>\n<\/ul>\n<h3><span class=\"ez-toc-section\" id=\"Marche_artisanal_de_Cartama\"><\/span>March\u00e9 artisanal de C\u00e1rtama<span class=\"ez-toc-section-end\"><\/span><\/h3>\n<p><img loading=\"lazy\" decoding=\"async\" class=\"alignnone wp-image-18937\" src=\"https:\/\/www.malagacar.com\/sp\/blog\/wp-content\/uploads\/2026\/01\/mercado-artesanal-cartama.jpg\" alt=\"Mercado Artesanal de C\u00e1rtama\" width=\"501\" height=\"706\" \/><\/p>\n<p>Le premier dimanche de chaque mois, un march\u00e9 artisanal se tient \u00e0 C\u00e1rtama, proposant une grande vari\u00e9t\u00e9 d&rsquo;articles uniques faits main, ainsi que des produits alimentaires locaux.<\/p>\n<p>Le march\u00e9 est situ\u00e9 dans le parc du quartier r\u00e9sidentiel de Los Naranjos, \u00e0 proximit\u00e9 du march\u00e9 de la gare de C\u00e1rtama, et est ouvert de 9h00 \u00e0 14h00.<\/p>\n<ul>\n<li><a href=\"https:\/\/maps.app.goo.gl\/sFxk8nydT4Pyx8CY6\" data-wpel-link=\"external\" rel=\"external noopener noreferrer\"><strong>Comment s&rsquo;y rendre<\/strong><\/a><\/li>\n<\/ul>\n<h3><span class=\"ez-toc-section\" id=\"Marche_%C2%AB_Saveurs_de_Malaga_%C2%BB_%E2%80%93_Torremolinos\"><\/span>March\u00e9 \u00ab Saveurs de Malaga \u00bb &#8211; Torremolinos<span class=\"ez-toc-section-end\"><\/span><\/h3>\n<p><img loading=\"lazy\" decoding=\"async\" class=\"alignnone wp-image-19030\" src=\"https:\/\/www.malagacar.com\/sp\/blog\/wp-content\/uploads\/2026\/02\/sabor-a-malaga-Torremolinos.jpg\" alt=\"Mercado Sabor a M\u00e1laga - Torremolinos\" width=\"528\" height=\"529\" \/><\/p>\n<p>Le centre de Torremolinos accueille une nouvelle \u00e9dition du c\u00e9l\u00e8bre march\u00e9 \u00ab\u00a0Sabor a M\u00e1laga\u00a0\u00bb, mettant \u00e0 l&rsquo;honneur les produits agricoles locaux de la province.<\/p>\n<p>D\u00e9couvrez les saveurs les plus savoureuses de Malaga\u00a0: fromages, huiles, caf\u00e9s, conserves, fruits secs, confitures, \u0153ufs et miels. Au programme \u00e9galement\u00a0: ateliers, d\u00e9gustations, d\u00e9monstrations culinaires et concerts.<\/p>\n<ul>\n<li>Quand : Du 26 f\u00e9vrier au 1er mars, de midi \u00e0 22h<\/li>\n<li>O\u00f9 : Avenida Palma de Mallorca, Torremolinos<\/li>\n<li><a href=\"https:\/\/maps.app.goo.gl\/fADBSRCLXy1EAfGv8\" data-wpel-link=\"external\" rel=\"external noopener noreferrer\"><strong>Comment s&rsquo;y rendre<\/strong><\/a><\/li>\n<\/ul>\n<h3><span class=\"ez-toc-section\" id=\"Marches_aux_puces_et_marches_de_rue_dans_la_province\"><\/span>March\u00e9s aux puces et march\u00e9s de rue dans la province<span class=\"ez-toc-section-end\"><\/span><\/h3>\n<p><a href=\"https:\/\/www.malagacar.com\/fr\/blog\/loisirs\/marches-de-rue-malaga\/\" data-wpel-link=\"internal\"><img loading=\"lazy\" decoding=\"async\" class=\"alignnone size-full wp-image-1208\" src=\"https:\/\/www.malagacar.com\/fr\/blog\/wp-content\/uploads\/2024\/05\/mercadillos-fr.jpg\" alt=\"march\u00e9s de rue \u00e0 M\u00e1laga\" width=\"1200\" height=\"691\" srcset=\"https:\/\/www.malagacar.com\/fr\/blog\/wp-content\/uploads\/2024\/05\/mercadillos-fr.jpg 1200w, https:\/\/www.malagacar.com\/fr\/blog\/wp-content\/uploads\/2024\/05\/mercadillos-fr-300x173.jpg 300w, https:\/\/www.malagacar.com\/fr\/blog\/wp-content\/uploads\/2024\/05\/mercadillos-fr-1024x590.jpg 1024w, https:\/\/www.malagacar.com\/fr\/blog\/wp-content\/uploads\/2024\/05\/mercadillos-fr-768x442.jpg 768w\" sizes=\"auto, (max-width: 1200px) 100vw, 1200px\" \/><\/a><\/p>\n<p>Les municipalit\u00e9s de la Costa del Sol proposent un large \u00e9ventail de march\u00e9s de rue et de march\u00e9s aux puces hebdomadaires.<\/p>\n<p>On y trouve de tout : fruits et l\u00e9gumes frais, fruits secs et noix, olives et \u00e9pices, jouets, poterie et artisanat typique, v\u00eatements, chaussures, fleurs et pots, faux articles de marque et bien d&rsquo;autres choses encore.<\/p>\n<ul>\n<li>Voici tous les <a href=\"https:\/\/www.malagacar.com\/fr\/blog\/loisirs\/marches-de-rue-malaga\/\" data-wpel-link=\"internal\"><strong>March\u00e9s aux puces &amp; March\u00e9s de rue \u00e0 Malaga et sur la Costa del Sol<\/strong><\/a><\/li>\n<\/ul>\n<h2><span class=\"ez-toc-section\" id=\"Visite_des_musees_de_Malaga\"><\/span>Visite des mus\u00e9es de Malaga<span class=\"ez-toc-section-end\"><\/span><\/h2>\n<figure id=\"attachment_6633\" aria-describedby=\"caption-attachment-6633\" style=\"width: 700px\" class=\"wp-caption alignnone\"><img loading=\"lazy\" decoding=\"async\" class=\"wp-image-6633 size-full\" src=\"https:\/\/www.malagacar.com\/blog\/wp-content\/uploads\/2020\/01\/museo-picasso-vista-nocturna.jpg\" alt=\"\" width=\"700\" height=\"450\" \/><figcaption id=\"caption-attachment-6633\" class=\"wp-caption-text\">Vue nocturne du Mus\u00e9e Picasso<\/figcaption><\/figure>\n<ul>\n<li>Beaucoup de <a href=\"https:\/\/www.malagacar.com\/fr\/blog\/loisirs\/meilleurs-musees-malaga\/\" data-wpel-link=\"internal\"><strong>mus\u00e9es de M\u00e1laga<\/strong><\/a> en plus de leurs installations fixes offrent souvent des expositions temporaires.<\/li>\n<li>Emplacement de tous les <strong><a href=\"https:\/\/goo.gl\/maps\/xLvkHvv8x5NJm199A\" data-wpel-link=\"external\" rel=\"external noopener noreferrer\">Mus\u00e9es de M\u00e1laga en un coup d&rsquo;\u0153il<\/a>.<\/strong><\/li>\n<\/ul>\n<h3><span class=\"ez-toc-section\" id=\"Visite_de_la_Brasserie_Victoria_%E2%80%93_Malaga\"><\/span>Visite de la Brasserie Victoria &#8211; Malaga<span class=\"ez-toc-section-end\"><\/span><\/h3>\n<p><img loading=\"lazy\" decoding=\"async\" class=\"alignnone size-full wp-image-16182\" src=\"https:\/\/www.malagacar.com\/sp\/blog\/wp-content\/uploads\/2023\/10\/cerveza-victoria.jpg\" alt=\"F\u00e1brica de cerveza Victoria - M\u00e1laga\" width=\"900\" height=\"471\" \/><\/p>\n<p>Saviez-vous que Cervezas Victoria propose des visites guid\u00e9es pour d\u00e9couvrir son processus de production et son histoire ?<\/p>\n<p>Si vous aimez la bi\u00e8re, vous pourriez \u00eatre int\u00e9ress\u00e9 par la visite de cette brasserie 100% Malague\u00f1a.<\/p>\n<p>C&rsquo;est une visite de 90 minutes au cours de laquelle vous d\u00e9couvrirez de premi\u00e8re main les secrets de la bi\u00e8re Victoria \u00ab\u00a0Malague\u00f1a y exquisita\u00a0\u00bb et bien s\u00fbr, vous les go\u00fbterez !<\/p>\n<ul>\n<li>Visites guid\u00e9es disponibles en espagnol et en anglais sur <a href=\"https:\/\/visitas.cervezavictoria.es\/muslinkIII_vic_nofr\/venda\/index.jsp?lang=1&amp;nom_cache=VICTORIA&amp;property=VICTORIA#close\" target=\"_blank\" rel=\"nofollow noopener external noreferrer\" data-wpel-link=\"external\"><strong>ce lien<\/strong><\/a>.<\/li>\n<li><a href=\"https:\/\/www.cervezavictoria.es\/es\" target=\"_blank\" rel=\"nofollow noopener external noreferrer\" data-wpel-link=\"external\"><strong>Site web<\/strong><\/a><\/li>\n<li><a href=\"https:\/\/goo.gl\/maps\/xkcUqWb22oHAaqFc6\" target=\"_blank\" rel=\"nofollow noopener external noreferrer\" data-wpel-link=\"external\"><strong>Comment s&rsquo;y rendre<\/strong><\/a><\/li>\n<\/ul>\n<h3><span class=\"ez-toc-section\" id=\"Visites_nocturnes_theatralisees_musee_de_lautomobile_%E2%80%93_Malaga\"><\/span>Visites nocturnes th\u00e9\u00e2tralis\u00e9es mus\u00e9e de l&rsquo;automobile &#8211; Malaga<span class=\"ez-toc-section-end\"><\/span><\/h3>\n<p><img loading=\"lazy\" decoding=\"async\" class=\" wp-image-9447\" src=\"https:\/\/www.malagacar.com\/sp\/blog\/wp-content\/uploads\/2021\/09\/museo-automovilistico2.jpg\" alt=\"Museo Automovil\u00edstico\" width=\"925\" height=\"618\" \/><\/p>\n<p>Profitez d&rsquo;une visite nocturne th\u00e9\u00e2tralis\u00e9e au mus\u00e9e de l&rsquo;automobile et de la mode de Malaga. Les visiteurs peuvent d\u00e9couvrir l&rsquo;histoire des voitures historiques \u00e0 travers des personnages pertinents.<\/p>\n<p>Parmi ces personnages, on trouve l&rsquo;agent 007, qui renouvelle son permis de tuer, ou Amelia Earhart, la premi\u00e8re femme aviatrice \u00e0 avoir travers\u00e9 l&rsquo;Atlantique, Coco Chanel ou Salvador Dal\u00ed. La visite dure une heure et demie.<\/p>\n<ul>\n<li>Billets au <a href=\"https:\/\/historiavivamalaga.es\/visitas-teatralizadas-en-malaga\/museo-automovilistico-y-de-la-moda-en-malaga\/\" data-wpel-link=\"external\" rel=\"external noopener noreferrer\"><strong> Site web<\/strong><\/a><\/li>\n<li>Quand : Le premier vendredi de chaque mois (dans la mesure o\u00f9 le calendrier des \u00e9v\u00e9nements du mus\u00e9e le permet)<\/li>\n<li>O\u00f9 : Museo Automovil\u00edstico y de la Moda M\u00e1laga<\/li>\n<li><a href=\"https:\/\/maps.app.goo.gl\/G5hqDkF77EADCBBg8\" data-wpel-link=\"external\" rel=\"external noopener noreferrer\"><strong> Comment s&rsquo;y rendre<\/strong><\/a><\/li>\n<\/ul>\n<h2><span class=\"ez-toc-section\" id=\"Festivites_populaires_a_Malaga_en_fevrier\"><\/span>Festivit\u00e9s populaires \u00e0 Malaga en f\u00e9vrier<span class=\"ez-toc-section-end\"><\/span><\/h2>\n<h3><span class=\"ez-toc-section\" id=\"Foire_a_lhuile_et_aux_produits_locaux_%E2%80%93_Archidona\"><\/span>Foire \u00e0 l&rsquo;huile et aux produits locaux &#8211; Archidona<span class=\"ez-toc-section-end\"><\/span><\/h3>\n<p><img loading=\"lazy\" decoding=\"async\" class=\"alignnone wp-image-18854\" src=\"https:\/\/www.malagacar.com\/sp\/blog\/wp-content\/uploads\/2025\/01\/Archidona-1.jpg\" alt=\"Feria del Aceite y productos locales - Archidona\" width=\"500\" height=\"706\" \/><\/p>\n<p>Le deuxi\u00e8me week-end de f\u00e9vrier, Archidona accueille la deuxi\u00e8me \u00e9dition de la Foire de l&rsquo;huile d&rsquo;olive et des produits locaux.<\/p>\n<p>Pendant deux jours, les visiteurs peuvent profiter de journ\u00e9es de formation li\u00e9es \u00e0 l&rsquo;oliveraie, ainsi que d&rsquo;un large \u00e9ventail d&rsquo;activit\u00e9s. Celles-ci comprennent de la musique, des visites culturelles, des d\u00e9gustations, des d\u00e9gustations d&rsquo;huile et des \u00e9v\u00e9nements sportifs.<\/p>\n<p>Le bien connu <em><strong>march\u00e9 \u00ab Sabor a Malaga \u00bb<\/strong><\/em>, avec un grand nombre de stands de producteurs locaux, occupera une place centrale.<\/p>\n<p><img loading=\"lazy\" decoding=\"async\" class=\"alignnone size-large wp-image-16788\" src=\"https:\/\/www.malagacar.com\/sp\/blog\/wp-content\/uploads\/2025\/01\/archidona2-1024x572.jpg\" alt=\"archidona feria del aceite\" width=\"750\" height=\"419\" \/><\/p>\n<ul>\n<li>Quand : 7 et 8 f\u00e9vrier<\/li>\n<li>O\u00f9 : Archidona<\/li>\n<li><a href=\"https:\/\/maps.app.goo.gl\/uPoRtxHWKaKtadmSA\" data-wpel-link=\"external\" rel=\"external noopener noreferrer\"><strong>Comment s&rsquo;y rendre<\/strong><\/a><\/li>\n<\/ul>\n<h3><span class=\"ez-toc-section\" id=\"Carnaval_de_la_farine_%E2%80%93_Alozaina\"><\/span>Carnaval de la farine &#8211; Alozaina<span class=\"ez-toc-section-end\"><\/span><\/h3>\n<p><img loading=\"lazy\" decoding=\"async\" class=\"alignnone wp-image-10163\" src=\"https:\/\/www.malagacar.com\/sp\/blog\/wp-content\/uploads\/2020\/01\/CARNAVAL-DE-LA-HARINA.jpg\" alt=\"\" width=\"449\" height=\"674\" \/><\/p>\n<p>\u00c0 Alozaina, situ\u00e9e sur le pi\u00e9mont de la Sierra de las Nieves, apr\u00e8s No\u00ebl, l&rsquo;un des moments les plus int\u00e9ressants de la municipalit\u00e9 et de la r\u00e9gion sont ses festivit\u00e9s hivernales.<\/p>\n<p>Peu avant le Car\u00eame a lieu le Carnaval de la Harina (carnaval de la farine), dont l&rsquo;origine remonte \u00e0 la fin du XVe si\u00e8cle.<\/p>\n<p>Les habitants se pr\u00e9parent avec des sacs pleins de farine et sont pr\u00eats \u00e0 teindre en blanc toutes les personnes qu&rsquo;ils rencontrent sur leur chemin. Une grande ambiance de f\u00eate avec de la musique et des danses.<\/p>\n<ul>\n<li>O\u00f9 : Alozaina<\/li>\n<li>Quand : Aux alentours du 14 au 17 f\u00e9vrier, consulter le site web de la <a href=\"https:\/\/www.facebook.com\/aytoalozaina\" data-wpel-link=\"external\" rel=\"external noopener noreferrer\"><strong>mairie d&rsquo;Alozaina<\/strong><\/a>.<\/li>\n<li><a href=\"https:\/\/maps.app.goo.gl\/1dCp1Mg4bgax6Agg8\" data-wpel-link=\"external\" rel=\"external noopener noreferrer\"><strong>Comment s&rsquo;y rendre<\/strong><\/a><\/li>\n<\/ul>\n<h3><span class=\"ez-toc-section\" id=\"Journee_de_la_poudreuse_%E2%80%93_Tolox\"><\/span>Journ\u00e9e de la poudreuse &#8211; Tolox<span class=\"ez-toc-section-end\"><\/span><\/h3>\n<p><img loading=\"lazy\" decoding=\"async\" class=\"alignnone wp-image-7535\" src=\"https:\/\/www.malagacar.com\/sp\/blog\/wp-content\/uploads\/2020\/01\/dia-de-los-polvos-tolox.jpg\" alt=\"\" width=\"620\" height=\"310\" \/><\/p>\n<p>Le carnaval de Tolox est l&rsquo;un des plus anciens de notre province.<\/p>\n<p>Cette f\u00eate a traditionnellement lieu la nuit pr\u00e9c\u00e9dant le mercredi des Cendres et au cours de laquelle, selon la coutume, les villageois se jettent de la poudre de talc.<\/p>\n<p>Cette tradition semble remonter au XIXe si\u00e8cle, lorsque les jeunes hommes jouaient \u00e0 ce jeu pour demander la main de leur dulcin\u00e9e. Le carnaval de Tolox est l&rsquo;un des plus anciens carnavals connus dans notre province.<\/p>\n<p>De nos jours, cette f\u00eate est c\u00e9l\u00e9br\u00e9e sur la Plaza Alta du village et dans les rues du vieux quartier.<\/p>\n<ul>\n<li>Quand : 17 F\u00e9vrier<\/li>\n<li>O\u00f9 : Tolox, Plaza de la Constituci\u00f3n<\/li>\n<li><a href=\"https:\/\/maps.app.goo.gl\/1ti7HJxmcgbakh4S6\" data-wpel-link=\"external\" rel=\"external noopener noreferrer\"><strong>Comment s&rsquo;y rendre<\/strong><\/a><\/li>\n<\/ul>\n<h3><span class=\"ez-toc-section\" id=\"Soupe_des_sept_succursales_%E2%80%93_El_Burgo\"><\/span>Soupe des sept succursales &#8211; El Burgo<span class=\"ez-toc-section-end\"><\/span><\/h3>\n<p><img loading=\"lazy\" decoding=\"async\" class=\"alignnone wp-image-7537\" src=\"https:\/\/www.malagacar.com\/sp\/blog\/wp-content\/uploads\/2020\/01\/sopa-7-ramales.jpg\" alt=\"\" width=\"620\" height=\"295\" \/><\/p>\n<p>La municipalit\u00e9 d&rsquo;El Burgo, situ\u00e9e dans le <a href=\"https:\/\/www.malagacar.com\/fr\/blog\/loisirs\/parc-national-sierra-de-las-nieves\/\" data-wpel-link=\"internal\"><strong>parc national de la Sierra de las Nieves<\/strong><\/a>, c\u00e9l\u00e8bre le jour de l&rsquo;Andalousie la f\u00eate d\u00e9di\u00e9e \u00e0 la soupe des sept branches, un plat embl\u00e9matique du village.<\/p>\n<p>Son nom curieux provient des principaux ingr\u00e9dients de cette soupe : tomate, poivron, oignon, ail, pain, pomme de terre et asperges sauvages. Sa pr\u00e9paration, semblable \u00e0 celle d&rsquo;autres soupes traditionnelles, a la particularit\u00e9 d&rsquo;utiliser de la menthe.<\/p>\n<p>Pendant la journ\u00e9e, on peut d\u00e9guster des friandises traditionnelles du village et de la r\u00e9gion, fabriqu\u00e9es \u00e0 la main dans des fours \u00e0 bois, comme les roscos de vino, les cubiletes, les empanadillas, les mantecados, les tortas de aceite et le c\u00e9l\u00e8bre alfajor de El Burgo d&rsquo;origine arabe.<\/p>\n<ul>\n<li>O\u00f9 : El Burgo<\/li>\n<li>Quand : 28 F\u00e9vrier<\/li>\n<li><a href=\"https:\/\/maps.app.goo.gl\/5H8c7VrNY5tBsm1s7\" data-wpel-link=\"external\" rel=\"external noopener noreferrer\"><strong>Comment s&rsquo;y rendre<\/strong><\/a><\/li>\n<\/ul>\n<h3><span class=\"ez-toc-section\" id=\"Journee_de_lAndalousie\"><\/span>Journ\u00e9e de l&rsquo;Andalousie<span class=\"ez-toc-section-end\"><\/span><\/h3>\n<p><img loading=\"lazy\" decoding=\"async\" class=\"alignnone wp-image-10164\" src=\"https:\/\/www.malagacar.com\/sp\/blog\/wp-content\/uploads\/2020\/01\/andalucia.jpg\" alt=\"\" width=\"621\" height=\"368\" \/><\/p>\n<p>Le Jour de l&rsquo;Andalousie est un jour f\u00e9ri\u00e9 dans toute la communaut\u00e9 autonome avec de nombreux \u00e9v\u00e9nements festifs.<\/p>\n<p>Quand : 28 F\u00e9vrier<\/p>\n<h3><span class=\"ez-toc-section\" id=\"Carnaval_%E2%80%93_Malaga\"><\/span>Carnaval &#8211; Malaga<span class=\"ez-toc-section-end\"><\/span><\/h3>\n<p><iframe loading=\"lazy\" title=\"Video Oficial Carnaval de M\u00e1laga 2025\" src=\"https:\/\/www.youtube.com\/embed\/rPVCHJyZP-8\" width=\"640\" height=\"360\" frameborder=\"0\" allowfullscreen=\"allowfullscreen\"><\/iframe><\/p>\n<p>Le carnaval de Malaga est une f\u00eate anim\u00e9e qui se d\u00e9roule dans les rues centrales et les diff\u00e9rentes sc\u00e8nes de la ville.<\/p>\n<p>Nous pouvons souligner la Parade des enfants, l&rsquo;\u00e9lection des Drag Queen, la Grande Parade \u00e0 travers la vieille ville jusqu&rsquo;\u00e0 la Plaza de la Merced, et la populaire Bataille des Fleurs dans la Calle Larios.<\/p>\n<figure id=\"attachment_7553\" aria-describedby=\"caption-attachment-7553\" style=\"width: 624px\" class=\"wp-caption alignnone\"><img loading=\"lazy\" decoding=\"async\" class=\"size-full wp-image-7553\" src=\"https:\/\/www.malagacar.com\/sp\/blog\/wp-content\/uploads\/2020\/01\/carnaval.jpg\" alt=\"\" width=\"624\" height=\"385\" \/><figcaption id=\"caption-attachment-7553\" class=\"wp-caption-text\">Bataille de fleurs \u00e0 Calle Larios<\/figcaption><\/figure>\n<ul>\n<li>O\u00f9 : Dans le centre historique de Malaga<\/li>\n<li>Quand : Du 7 au 15 f\u00e9vrier<\/li>\n<li><a href=\"https:\/\/goo.gl\/maps\/jdg7dScfNYx\" data-wpel-link=\"external\" rel=\"external noopener noreferrer\"><strong>Comment s&rsquo;y rendre<\/strong><\/a><\/li>\n<\/ul>\n<h3><span class=\"ez-toc-section\" id=\"Festival_du_moulin_%E2%80%93_Riogordo\"><\/span>Festival du moulin &#8211; Riogordo<span class=\"ez-toc-section-end\"><\/span><\/h3>\n<p><img loading=\"lazy\" decoding=\"async\" class=\"alignnone wp-image-16755\" src=\"https:\/\/www.malagacar.com\/sp\/blog\/wp-content\/uploads\/2024\/01\/Molienda-Riogordo.jpg\" alt=\"Fiesta de la Molienda Riogordo\" width=\"603\" height=\"770\" \/><\/p>\n<p>Ce village blanc situ\u00e9 dans la r\u00e9gion de l&rsquo;Axarquia c\u00e9l\u00e8bre sa f\u00eate d\u00e9di\u00e9e \u00e0 l&rsquo;or liquide, son huile d&rsquo;olive extra vierge.<\/p>\n<p>Pendant la f\u00eate, qui a lieu dans la deuxi\u00e8me moiti\u00e9 du mois de f\u00e9vrier, vous pourrez assister \u00e0 des expositions et \u00e0 des conf\u00e9rences, \u00e0 des d\u00e9monstrations de cuisine en direct et \u00e0 des visites guid\u00e9es. Il y aura des d\u00e9monstrations avec un moulin du XVIe si\u00e8cle pour broyer les olives.<\/p>\n<p>Il y aura \u00e9galement des visites d&rsquo;oliveraies et des concours de lancer de noyaux d&rsquo;olives. Enfin, vous pourrez acheter des produits sur un march\u00e9. Le tout anim\u00e9 par un groupe de verdiales.<\/p>\n<ul>\n<li>Quand : 21 et 22 f\u00e9vrier<\/li>\n<li><a href=\"https:\/\/maps.app.goo.gl\/esGbQfqjMbjCMpnP9\" data-wpel-link=\"external\" rel=\"external noopener noreferrer\"><strong>Comment s&rsquo;y rendre<\/strong><\/a><\/li>\n<\/ul>\n<h3><span class=\"ez-toc-section\" id=\"Festival_de_labattage_%E2%80%93_Ardales\"><\/span>Festival de l&rsquo;abattage &#8211; Ardales<span class=\"ez-toc-section-end\"><\/span><\/h3>\n<p><img loading=\"lazy\" decoding=\"async\" class=\"alignnone wp-image-16756\" src=\"https:\/\/www.malagacar.com\/sp\/blog\/wp-content\/uploads\/2024\/01\/Ardales-fiesta-de-la-matanza.jpg\" alt=\"Fiesta de la Matanza Ardales\" width=\"724\" height=\"543\" \/><\/p>\n<p>Un dimanche de f\u00e9vrier, cette f\u00eate gastronomique se d\u00e9roule sur la place du village. La saucisse et le porc sont \u00e0 l&rsquo;honneur.<\/p>\n<p>Des d\u00e9gustations gratuites pr\u00e9par\u00e9es par les habitants du village sont organis\u00e9es. Des stands permettent \u00e9galement d&rsquo;acheter ces produits, ainsi que de l&rsquo;huile, des p\u00e2tisseries, des olives, du vin doux et du pain.<\/p>\n<p>La f\u00eate commence \u00e0 midi et l&rsquo;apr\u00e8s-midi, \u00e0 partir de 17 heures, il y aura des spectacles musicaux.<br \/>\nAu cas o\u00f9 vous ne le sauriez pas, le c\u00e9l\u00e8bre <a href=\"https:\/\/www.malagacar.com\/fr\/blog\/loisirs\/conseils-pour-visiter-le-caminito-del-rey\/\" data-wpel-link=\"internal\"><strong>Caminito del Rey<\/strong><\/a> se trouve dans la municipalit\u00e9 d&rsquo;Ardales.<\/p>\n<ul>\n<li>Quand : 8 f\u00e9vrier<\/li>\n<li><a href=\"https:\/\/maps.app.goo.gl\/fHjJjcnMH5TGpEuH9\" data-wpel-link=\"external\" rel=\"external noopener noreferrer\"><strong>Comment s&rsquo;y rendre<\/strong><\/a><\/li>\n<\/ul>\n<h3><span class=\"ez-toc-section\" id=\"Foire_Gastrononic_%E2%80%93_Benarraba\"><\/span>Foire Gastrononic \u2013 Benarrab\u00e1<span class=\"ez-toc-section-end\"><\/span><\/h3>\n<p><img loading=\"lazy\" decoding=\"async\" class=\"alignnone wp-image-16757\" src=\"https:\/\/www.malagacar.com\/sp\/blog\/wp-content\/uploads\/2024\/01\/Benarraba-1024x771.jpg\" alt=\"Feria Gastron\u00f3mica Benarrab\u00e1\" width=\"732\" height=\"551\" \/><\/p>\n<p>Ce village blanc situ\u00e9 dans la vall\u00e9e du Genal et appartenant \u00e0 la Serran\u00eda de Ronda c\u00e9l\u00e8bre habituellement sa foire gastronomique autour du 28 f\u00e9vrier.<\/p>\n<p>Les visiteurs peuvent profiter d&rsquo;un march\u00e9 de producteurs artisanaux et de nombreuses activit\u00e9s li\u00e9es \u00e0 la gastronomie destin\u00e9es aux personnes de tous \u00e2ges.<\/p>\n<p>Pour conna\u00eetre la date exacte, consultez le site de la <a href=\"https:\/\/www.facebook.com\/ayuntamientodebenarraba\" data-wpel-link=\"external\" rel=\"external noopener noreferrer\"><strong>mairie de Benarrab\u00e1<\/strong><\/a>.<\/p>\n<ul>\n<li>Quand : Autour du 28 f\u00e9vrier<\/li>\n<li><a href=\"https:\/\/maps.app.goo.gl\/6X2om9t1zzLzByNFA\" data-wpel-link=\"external\" rel=\"external noopener noreferrer\"><strong>Comment s&rsquo;y rendre<\/strong><\/a><\/li>\n<\/ul>\n<h2><span class=\"ez-toc-section\" id=\"Itineraires_de_randonnee_pour_voir_la_fleur_damandier_a_Malaga\"><\/span>Itin\u00e9raires de randonn\u00e9e pour voir la fleur d&rsquo;amandier \u00e0 Malaga<span class=\"ez-toc-section-end\"><\/span><\/h2>\n<p>Ceux qui se prom\u00e8nent dans les zones rurales de Malaga en ces jours de F\u00e9vrier constateront que le printemps est d\u00e9j\u00e0 arriv\u00e9 dans cette province. Vous trouverez de vastes champs verts et des milliers de fleurs jaunes lumineuses qui sont une joie pour les yeux et l&rsquo;\u00e2me.<\/p>\n<p>Le mois de F\u00e9vrier est aussi celui de la floraison des amandiers. Sans qu&rsquo;il y ait encore une seule feuille sur l&rsquo;arbre, les fleurs blanches et roses, presque \u00e9th\u00e9r\u00e9es, commencent \u00e0 appara\u00eetre, selon la vari\u00e9t\u00e9, qui colorent des champs entiers et sont magnifiques \u00e0 voir.<\/p>\n<p>Nous vous proposons quelques <strong><em>itin\u00e9raires \u00e0 travers les plus beaux endroits de notre province \u00e0 cette p\u00e9riode de l&rsquo;ann\u00e9e<\/em><\/strong>.<\/p>\n<h3><span class=\"ez-toc-section\" id=\"Journee_de_la_fleur_damandier_%E2%80%93_Guaro\"><\/span>Journ\u00e9e de la fleur d&rsquo;amandier\u00a0&#8211; Guaro<span class=\"ez-toc-section-end\"><\/span><\/h3>\n<p><img loading=\"lazy\" decoding=\"async\" class=\"alignnone wp-image-7503 size-full\" src=\"https:\/\/www.malagacar.com\/sp\/blog\/wp-content\/uploads\/2020\/01\/Guaro-celebra-el-d\u00eda-28-de-enero-el-D\u00eda-del-Almendro.jpg\" alt=\"\" width=\"1024\" height=\"512\" \/><\/p>\n<p>Chaque ann\u00e9e, un dimanche de fin janvier ou d\u00e9but f\u00e9vrier, Guaro c\u00e9l\u00e8bre la F\u00eate des Amandiers en Fleurs. Les visiteurs peuvent alors profiter des sentiers de randonn\u00e9e, d\u00e9guster la cuisine locale ou acheter des produits artisanaux.<\/p>\n<p>\u00c0 cette p\u00e9riode, gr\u00e2ce \u00e0 la douceur du climat c\u00f4tier, les amandiers se parent de d\u00e9licates fleurs blanches et roses. Contempler ces champs \u00e0 perte de vue, couverts de cette fragile beaut\u00e9, est un v\u00e9ritable r\u00e9gal pour les sens.<\/p>\n<p><img loading=\"lazy\" decoding=\"async\" class=\"alignnone wp-image-18857\" src=\"https:\/\/www.malagacar.com\/sp\/blog\/wp-content\/uploads\/2026\/01\/Ruta-almendro-Guaro-724x1024.jpg\" alt=\"Dia del Almendro - Guaro\" width=\"500\" height=\"707\" \/><\/p>\n<p>Depuis plusieurs ann\u00e9es, Guaro organise un \u00e9v\u00e9nement sp\u00e9cial \u00e0 cette p\u00e9riode de l&rsquo;ann\u00e9e, proposant deux itin\u00e9raires de randonn\u00e9e \u00e0 travers les amandiers. Nous y sommes all\u00e9s et nous le recommandons vivement\u00a0!<\/p>\n<p>L&rsquo;inscription pr\u00e9alable est obligatoire pour participer aux randonn\u00e9es.<\/p>\n<p>Parcours long\u00a0: Un parcours d\u2019environ 10 kilom\u00e8tres, adapt\u00e9 aux personnes en bonne condition physique.<\/p>\n<p>Parcours court\u00a0: Un parcours de 4 kilom\u00e8tres, id\u00e9al pour les familles avec enfants ou pour ceux qui pr\u00e9f\u00e8rent une promenade plus tranquille.<\/p>\n<p>Au retour, vous pourrez d\u00e9guster des plats sp\u00e9cialement pr\u00e9par\u00e9s pour l\u2019occasion dans les bars du village. Un march\u00e9 de produits locaux est \u00e9galement pr\u00e9sent.<\/p>\n<ul>\n<li><a href=\"https:\/\/docs.google.com\/forms\/d\/e\/1FAIpQLSeCGdmP2GTuLCiIon4Zo5F8R_4XjQA5gbhH5JzaoIeJREfYig\/viewform\" data-wpel-link=\"external\" rel=\"external noopener noreferrer\"><strong>Inscription<\/strong><\/a><\/li>\n<li>Date : 1er f\u00e9vrier<\/li>\n<li><a href=\"https:\/\/maps.app.goo.gl\/f6xWWzm9eGtUne7n6\" data-wpel-link=\"external\" rel=\"external noopener noreferrer\"><strong>Comment s&rsquo;y rendre<\/strong><\/a><\/li>\n<\/ul>\n<h3><span class=\"ez-toc-section\" id=\"Sierra_de_las_Nieves\"><\/span>Sierra de las Nieves<span class=\"ez-toc-section-end\"><\/span><\/h3>\n<figure id=\"attachment_12377\" aria-describedby=\"caption-attachment-12377\" style=\"width: 1193px\" class=\"wp-caption alignnone\"><img loading=\"lazy\" decoding=\"async\" class=\" wp-image-12377\" src=\"https:\/\/www.malagacar.com\/sp\/blog\/wp-content\/uploads\/2022\/09\/maroma-y-almendro-en-flor-Svetlana.jpg\" alt=\"almendro en flor\" width=\"1193\" height=\"795\" \/><figcaption id=\"caption-attachment-12377\" class=\"wp-caption-text\">Fleur d&rsquo;amandier en F\u00e9vrier<\/figcaption><\/figure>\n<p>Le <a href=\"https:\/\/www.malagacar.com\/fr\/blog\/loisirs\/parc-national-sierra-de-las-nieves\/\" data-wpel-link=\"internal\"><strong>parc national Sierra de las Nieves<\/strong><\/a> est l&rsquo;une de ces destinations \u00e0 d\u00e9couvrir, avec ses authentiques villages blancs et ses magnifiques espaces naturels. C&rsquo;est l&rsquo;une des r\u00e9gions de Malaga &#8211; comme son nom l&rsquo;indique &#8211; o\u00f9 il peut neiger en hiver.<\/p>\n<p>Les villages nich\u00e9s dans la Sierra, avec son plus haut sommet, le Torrecilla (1 919 m), entour\u00e9s de vastes amandiers, sont un d\u00e9lice.<\/p>\n<p>En bordure de Sierra de las Nieves se trouve le village de <strong>Guaro<\/strong>, d&rsquo;o\u00f9 part une belle route vers <strong>Tolox<\/strong>.<\/p>\n<ul>\n<li><a href=\"https:\/\/goo.gl\/maps\/1uQjWamvS5y\" data-wpel-link=\"external\" rel=\"external noopener noreferrer\"><strong>Comment s&rsquo;y rendre<\/strong><\/a><\/li>\n<\/ul>\n<h3><span class=\"ez-toc-section\" id=\"Vallee_du_Guadalhorce\"><\/span>Vall\u00e9e du Guadalhorce<span class=\"ez-toc-section-end\"><\/span><\/h3>\n<p><img loading=\"lazy\" decoding=\"async\" class=\"alignnone wp-image-6041\" src=\"https:\/\/www.malagacar.com\/sp\/blog\/wp-content\/uploads\/2017\/02\/valle-Guadalhorce-1024x768.jpg\" alt=\"\" width=\"619\" height=\"464\" \/><\/p>\n<p>Ceux qui pr\u00e9f\u00e8rent un voyage placide \u00e0 travers la vall\u00e9e verte de Guadalhorce, \u00e9galement connue sous le nom de verger de Malaga, peuvent profiter \u00e0 cette \u00e9poque de l&rsquo;ann\u00e9e de douces collines couvertes d&rsquo;un vert frais presque fluorescent, d&rsquo;arbres fruitiers pleins de citrons et d&rsquo;oranges et des magnifiques amandiers en fleurs.<\/p>\n<p>Sans aucun doute, des vues paradisiaques. \u00c0 \u00c1lora, il y a aussi des vues impressionnantes sur une ancienne forteresse mauresque perch\u00e9e sur une colline.<\/p>\n<p>Les villages situ\u00e9s sur cette route sont <strong>\u00c1lora<\/strong>, <strong>Almog\u00eda<\/strong>, <strong>C\u00e1rtama<\/strong> et <strong>Pizarra<\/strong>.<\/p>\n<ul>\n<li><a href=\"https:\/\/goo.gl\/maps\/FeJEmKVuGa72\" data-wpel-link=\"external\" rel=\"external noopener noreferrer\"><strong>Comment s&rsquo;y rendre<\/strong><\/a><\/li>\n<\/ul>\n<h3><span class=\"ez-toc-section\" id=\"Axarquia\"><\/span>Axarquia<span class=\"ez-toc-section-end\"><\/span><\/h3>\n<p><img loading=\"lazy\" decoding=\"async\" class=\"alignnone wp-image-6042\" src=\"https:\/\/www.malagacar.com\/sp\/blog\/wp-content\/uploads\/2017\/02\/Alfarnate-1024x683.jpg\" alt=\"\" width=\"618\" height=\"412\" \/><\/p>\n<p>Deux autres routes nous m\u00e8nent aux villages blancs de l&rsquo;Axarquia, sur la Costa del Sol orientale. Nous pouvons faire un parcours complet de tous les villages. Ou simplement profiter de certains d&rsquo;entre eux en nous promenant dans les champs et en mangeant dans une \u00ab\u00a0venta\u00a0\u00bb (auberge), vous appr\u00e9cierez certainement l&rsquo;un des fameux \u00ab\u00a0Platos de los Montes\u00a0\u00bb (plats typiques de la r\u00e9gion).<\/p>\n<p>Les vues dans cette r\u00e9gion sont spectaculaires en raison de la proximit\u00e9 du parc naturel des Sierras de Tejeda et d&rsquo;Almijara avec la montagne la plus haute de la province, la Maroma \u00e0 2 066 m o\u00f9 l&rsquo;on peut encore voir un peu de neige.<\/p>\n<p>Cette route est plus proche de la mer. \u00c0 Arenas se trouve l&rsquo;un des bosquets d&rsquo;Almend les plus spectaculaires de la province. Les villages sur cette route sont <strong>Moclinejo<\/strong>, <strong>Macharaviaya<\/strong>, <strong>Algarrobo<\/strong>, <strong>Sayalonga<\/strong> et <strong>Arenas<\/strong>.<\/p>\n<ul>\n<li><a href=\"https:\/\/goo.gl\/maps\/YrAqvJHkwhm\" data-wpel-link=\"external\" rel=\"external noopener noreferrer\"><strong>Comment s&rsquo;y rendre<\/strong><\/a><\/li>\n<\/ul>\n<p>Et cette route se dirige vers l&rsquo;int\u00e9rieur des terres, vers les villages de montagne situ\u00e9s entre 400 et 800 m d&rsquo;altitude.<\/p>\n<p>Les villages situ\u00e9s sur cette route sont <strong>Casabermeja<\/strong>, <strong>Colmenar<\/strong>, <strong>Riogordo<\/strong>, <strong>Periana<\/strong>, <strong>Alfarnate<\/strong> et <strong>Comares<\/strong>.<\/p>\n<ul>\n<li><a href=\"https:\/\/goo.gl\/maps\/WGgz1AW35bv\" data-wpel-link=\"external\" rel=\"external noopener noreferrer\"><strong>Comment s&rsquo;y rendre<\/strong><\/a><\/li>\n<\/ul>\n<h2><span class=\"ez-toc-section\" id=\"Randonnee_dans_la_province\"><\/span>Randonn\u00e9e dans la province<span class=\"ez-toc-section-end\"><\/span><\/h2>\n<p>Alors que le reste de l&rsquo;Europe et une grande partie de l&rsquo;Espagne connaissent encore un hiver profond, cette saison n&rsquo;existe pas dans la province de Malaga avec son doux climat m\u00e9diterran\u00e9en.<\/p>\n<p>Lorsque vous arrivez en avion, vous pouvez d\u00e9j\u00e0 voir d&rsquo;en haut les champs verdoyants qui s&rsquo;\u00e9tendent le long de la c\u00f4te.<\/p>\n<p><a href=\"https:\/\/www.malagacar.com\/sp\/blog\/wp-content\/uploads\/2021\/08\/senderos.jpg\" data-wpel-link=\"internal\"><img loading=\"lazy\" decoding=\"async\" class=\"alignnone wp-image-9179\" src=\"https:\/\/www.malagacar.com\/sp\/blog\/wp-content\/uploads\/2021\/08\/senderos.jpg\" alt=\"\" width=\"455\" height=\"1011\" \/><\/a><\/p>\n<p>Bien qu&rsquo;il fasse g\u00e9n\u00e9ralement plus froid dans les montagnes que sur la c\u00f4te, la nature commence \u00e0 se r\u00e9veiller apr\u00e8s les pluies et il y a g\u00e9n\u00e9ralement beaucoup d&rsquo;eau dans les ruisseaux et les cascades.<\/p>\n<p>Apr\u00e8s une journ\u00e9e de marche, il n&rsquo;y a rien de mieux que de se rendre dans une <a href=\"https:\/\/www.malagacar.com\/fr\/blog\/loisirs\/meilleures-auberges-montagnes-de-malaga\/\" data-wpel-link=\"internal\"><strong>auberge de campagne \u00e0 Malaga<\/strong><\/a> pour d\u00e9guster un bon repas traditionnel ou quelques bi\u00e8res et tapas. Quelle belle vie !<\/p>\n<h3><span class=\"ez-toc-section\" id=\"Le_Caminito_del_Rey\"><\/span>Le Caminito del Rey<span class=\"ez-toc-section-end\"><\/span><\/h3>\n<figure id=\"attachment_12241\" aria-describedby=\"caption-attachment-12241\" style=\"width: 1024px\" class=\"wp-caption alignnone\"><img loading=\"lazy\" decoding=\"async\" class=\"size-full wp-image-12241\" src=\"https:\/\/www.malagacar.com\/sp\/blog\/wp-content\/uploads\/2019\/12\/foto-siandalucia.jpg\" alt=\"Caminito del Rey\" width=\"1024\" height=\"683\" \/><figcaption id=\"caption-attachment-12241\" class=\"wp-caption-text\">Aujourd&rsquo;hui, le chemin n&rsquo;est plus tr\u00e8s dangereux. Photo siandalucia<\/figcaption><\/figure>\n<p>Ouvert toute l&rsquo;ann\u00e9e, c&rsquo;est pendant les mois d&rsquo;hiver que l&rsquo;on peut profiter de l&rsquo;endroit avec moins de monde. Il s&rsquo;agit de l&rsquo;un des sentiers les plus spectaculaires d&rsquo;Espagne. Apr\u00e8s sa r\u00e9novation en 2015, il est d\u00e9sormais accessible \u00e0 toute personne ayant une condition physique minimale.<\/p>\n<p>Non seulement le <em><strong>Desfiladero de los Gaitanes<\/strong><\/em> o\u00f9 passe ce sentier a\u00e9rien est spectaculaire, mais aussi la nature environnante, avec les magnifiques <em><strong>r\u00e9servoirs turquoise du Guadalhorce<\/strong><\/em>. Et bien s\u00fbr, les auberges ne manquent pas pour savourer un bon repas !<\/p>\n<p>Vous trouverez dans ces articles tout ce qu&rsquo;il faut savoir pour <a href=\"https:\/\/www.malagacar.com\/fr\/blog\/loisirs\/conseils-pour-visiter-le-caminito-del-rey\/\" data-wpel-link=\"internal\"><strong>visiter le Caminito del Rey<\/strong><\/a>.<\/p>\n<h3><span class=\"ez-toc-section\" id=\"Plus_dinformations_sur_le_tourisme_actif_a_Malaga\"><\/span>Plus d&rsquo;informations sur le tourisme actif \u00e0 Malaga<span class=\"ez-toc-section-end\"><\/span><\/h3>\n<p>Vous pouvez en savoir plus sur les itin\u00e9raires et le <a href=\"https:\/\/www.malagacar.com\/fr\/blog\/loisirs\/tourisme-actif-sports-daventure-malaga\/\" data-wpel-link=\"internal\"><strong>tourisme actif \u00e0 Malaga<\/strong><\/a> sur notre site web.<\/p>\n<h2><span class=\"ez-toc-section\" id=\"Saviez-vous_que%E2%80%A6\"><\/span>Saviez-vous que&#8230; ?<span class=\"ez-toc-section-end\"><\/span><\/h2>\n<p>Saviez-vous que le dimanche, vous pouvez visiter gratuitement certains monuments et mus\u00e9es de Malaga ?<\/p>\n<ul>\n<li>Le <a href=\"https:\/\/www.malagacar.com\/fr\/blog\/loisirs\/meilleurs-musees-malaga\/#Musee_Picasso\" data-wpel-link=\"internal\"><strong>mus\u00e9e Picasso<\/strong><\/a> de Malaga peut \u00eatre visit\u00e9 gratuitement tous les dimanches entre 18 et 20 heures &#8211; jusqu&rsquo;\u00e0 une demi-heure avant la fermeture &#8211; l&rsquo;entr\u00e9e est gratuite jusqu&rsquo;\u00e0 \u00e9puisement de la capacit\u00e9 d&rsquo;accueil. Les guichets ferment \u00e0 19h30.<\/li>\n<li>La forteresse musulmane <strong>Alcazaba<\/strong> peut \u00eatre visit\u00e9e gratuitement tous les dimanches \u00e0 partir de 14 heures jusqu&rsquo;\u00e0 la fermeture. Depuis cette forteresse, des points de vue permettent d&rsquo;admirer de belles vues panoramiques de Malaga.<\/li>\n<li>Le <a href=\"https:\/\/centrepompidou-malaga.eu\/\" data-wpel-link=\"external\" rel=\"external noopener noreferrer\"><strong>Centre Pompidou<\/strong><\/a> \u00e0 <a href=\"https:\/\/www.malagacar.com\/fr\/blog\/loisirs\/quai-un-malaga\/\" data-wpel-link=\"internal\"><strong>Quai Un<\/strong><\/a> (<em>Muelle Uno<\/em>) est gratuit pour le grand public le dimanche de 16h \u00e0 la fermeture.<\/li>\n<li>Le <a href=\"https:\/\/www.carmenthyssenmalaga.org\/\" data-wpel-link=\"external\" rel=\"external noopener noreferrer\"><strong>mus\u00e9e Carmen Thyssen<\/strong><\/a> est accessible gratuitement le dimanche \u00e0 partir de 17h.<\/li>\n<li>Le <a href=\"https:\/\/www.malagacar.com\/fr\/blog\/loisirs\/grottes-de-malaga\/#Cueva_del_Tesoro_Rincon_de_la_Victoria\" data-wpel-link=\"internal\"><strong>Cueva del Tesoro<\/strong><\/a> (grotte du tr\u00e9sor) \u00e0 Rinc\u00f3n de la Victoria peut \u00eatre visit\u00e9e gratuitement du lundi au vendredi pendant la premi\u00e8re heure d&rsquo;ouverture jusqu&rsquo;\u00e0 ce que la capacit\u00e9 de 60 places soit atteinte. Les heures d&rsquo;ouverture pour les visites gratuites varient en fonction de la p\u00e9riode de l&rsquo;ann\u00e9e : en hiver, la Cueva del Tesoro peut \u00eatre visit\u00e9e gratuitement du lundi au vendredi de 10 h \u00e0 11 h, tandis qu&rsquo;en \u00e9t\u00e9, elle peut \u00eatre visit\u00e9e de 10 h 30 \u00e0 11 h 30. <a href=\"https:\/\/goo.gl\/maps\/2zfPGbeBF2uDjpoS6\" data-wpel-link=\"external\" rel=\"external noopener noreferrer\"><strong>Comment s&rsquo;y rendre<\/strong><\/a>.<\/li>\n<\/ul>\n<h2><span class=\"ez-toc-section\" id=\"Le_temps_a_Malaga_en_Fevrier\"><\/span>Le temps \u00e0 Malaga en F\u00e9vrier<span class=\"ez-toc-section-end\"><\/span><\/h2>\n<p><strong><em>L&rsquo;hiver en tant que tel n&rsquo;existe pas \u00e0 Malaga<\/em><\/strong>. On pourrait dire que nous passons directement de l&rsquo;automne au printemps.<\/p>\n<p>Il est vrai que F\u00e9vrier est g\u00e9n\u00e9ralement le mois o\u00f9 les temp\u00e9ratures sont les plus basses. Et &#8211; avec un peu de chance &#8211; la pluie.<\/p>\n<p>Les temp\u00e9ratures minimales du matin peuvent avoisiner les 4\u00baC et les temp\u00e9ratures maximales se situent entre 12\u00baC et 15\u00baC.<\/p>\n<p>Lorsqu&rsquo;il pleut, nous pouvons profiter de vues magnifiques sur les plus hauts sommets de Malaga couverts de neige : <a href=\"https:\/\/www.malagacar.com\/fr\/blog\/loisirs\/parc-national-sierra-de-las-nieves\/\" data-wpel-link=\"internal\"><strong>Sierra de las Nieves<\/strong> <\/a>\u00a0(parc national) et La Maroma.<\/p>\n<figure id=\"attachment_10275\" aria-describedby=\"caption-attachment-10275\" style=\"width: 960px\" class=\"wp-caption alignnone\"><img loading=\"lazy\" decoding=\"async\" class=\"size-full wp-image-10275\" src=\"https:\/\/www.malagacar.com\/sp\/blog\/wp-content\/uploads\/2022\/01\/Sierra-de-las-Nieves-Tineke.jpg\" alt=\"Sierra de las Nieves\" width=\"960\" height=\"720\" \/><figcaption id=\"caption-attachment-10275\" class=\"wp-caption-text\">Sierra de las Nieves Photo Tineke<\/figcaption><\/figure>\n<p>Pendant ce temps, \u00e0 des altitudes plus basses, les premiers amandiers commencent \u00e0 fleurir. Et les champs deviennent verts et couverts de petites fleurs jaunes.<\/p>\n<p>La chose la plus ennuyeuse \u00e0 Malaga en \u00ab\u00a0hiver\u00a0\u00bb est le vent. Il est donc conseill\u00e9 d&#8217;emporter un imperm\u00e9able dans sa valise. Ainsi qu&rsquo;un bon pull et des chemises plus fines, car le soleil devient assez chaud.<\/p>\n<figure id=\"attachment_12887\" aria-describedby=\"caption-attachment-12887\" style=\"width: 1200px\" class=\"wp-caption alignnone\"><img loading=\"lazy\" decoding=\"async\" class=\"size-full wp-image-12887\" src=\"https:\/\/www.malagacar.com\/sp\/blog\/wp-content\/uploads\/2020\/01\/La-Rada-Foto-Tomas-Mielke.jpg\" alt=\"Estepona enero\" width=\"1200\" height=\"750\" \/><figcaption id=\"caption-attachment-12887\" class=\"wp-caption-text\">Une promenade hivernale saine sur la plage de La Rada \u00e0 Estepona en janvier. Photo T. Mielke<\/figcaption><\/figure>\n<p>Des habitants courageux et des \u00e9trangers continuent \u00e0 s&rsquo;y baigner toute l&rsquo;ann\u00e9e.<br \/>\nLa temp\u00e9rature de la mer d&rsquo;Alboran en F\u00e9vrier est d&rsquo;environ 14\/15 degr\u00e9s.<br \/>\n\t\t\t\t\n\t\t\t\t<div id=\"search-form2\" class=\"big-quote index-mobile\">\n\t\t\t\t<form id=\"frmSearch\" name=\"frmSearch\" action=\"\/fr\/location-de-voitures\/quote.php\" method=\"post\" name=\"quote\" class=\"container-fluid\">\n\t\t\t\t\t\t\t\t\t<div class=\"row\">\n\t\t\t\t\t\t<div class=\"col-sm-6\">\n\n\t\t\t\t\t\t\t<div class=\"form-group\">\n\t\t\t\t\t\t\t\t<label for=\"entrega\"><h4>Collecte<\/h4><\/label>\n\t\t\t\t\t\t\t\t<select name=\"entrega\" id=\"entrega\" class=\"custom-select\">\n\t\t\t\t\t\t\t\t\t<option value=\"airport\"  selected>Malaga A\u00e9roport<\/option>\n\t\t\t\t\t\t\t\t\t\t\t\t\t\t\t\t<\/select>\n\t\t\t\t\t\t\t\t<div class=\"form-inline my-2\">\n\t\t\t\t\t\t\t\t\t<input id=\"pDate\" class=\"form-control\" value=\"07\/09\/2026\" name=\"pDate\" readonly onchange=\"return uppdate()\">\n\t\t\t\t\t\t\t\t\t<select class=\"custom-select\" id=\"phorasminutos\" name=\"phorasminutos\" oninvalid=\"setCustomValidity('Faites-nous conna\u00eetre votre heure d\u00b4arriv\u00e9e')\" onchange=\"setCustomValidity('');\">\n\t\t\t\t\t\t\t\t\t\t<option value=\"-\" selected>--:--<\/option>\n\t\t\t\t\t\t\t\t\t\t\t\t\t\t\t\t\t\t\t\t<option value=\"00:00\">\n\t\t\t\t\t\t\t\t\t\t\t00:00<\/option>\n\t\t\t\t\t\t\t\t\t\t<option value=\"00:15\">\n\t\t\t\t\t\t\t\t\t\t\t00:15<\/option>\n\t\t\t\t\t\t\t\t\t\t<option value=\"00:30\">\n\t\t\t\t\t\t\t\t\t\t\t00:30<\/option>\n\t\t\t\t\t\t\t\t\t\t<option value=\"00:45\">\n\t\t\t\t\t\t\t\t\t\t\t00:45<\/option>\n\t\t\t\t\t\t\t\t\t\t\t\t\t\t\t\t\t\t\t\t<option value=\"01:00\">\n\t\t\t\t\t\t\t\t\t\t\t01:00<\/option>\n\t\t\t\t\t\t\t\t\t\t<option value=\"01:15\">\n\t\t\t\t\t\t\t\t\t\t\t01:15<\/option>\n\t\t\t\t\t\t\t\t\t\t<option value=\"01:30\">\n\t\t\t\t\t\t\t\t\t\t\t01:30<\/option>\n\t\t\t\t\t\t\t\t\t\t<option value=\"01:45\">\n\t\t\t\t\t\t\t\t\t\t\t01:45<\/option>\n\t\t\t\t\t\t\t\t\t\t\t\t\t\t\t\t\t\t\t\t<option value=\"02:00\">\n\t\t\t\t\t\t\t\t\t\t\t02:00<\/option>\n\t\t\t\t\t\t\t\t\t\t<option value=\"02:15\">\n\t\t\t\t\t\t\t\t\t\t\t02:15<\/option>\n\t\t\t\t\t\t\t\t\t\t<option value=\"02:30\">\n\t\t\t\t\t\t\t\t\t\t\t02:30<\/option>\n\t\t\t\t\t\t\t\t\t\t<option value=\"02:45\">\n\t\t\t\t\t\t\t\t\t\t\t02:45<\/option>\n\t\t\t\t\t\t\t\t\t\t\t\t\t\t\t\t\t\t\t\t<option value=\"03:00\">\n\t\t\t\t\t\t\t\t\t\t\t03:00<\/option>\n\t\t\t\t\t\t\t\t\t\t<option value=\"03:15\">\n\t\t\t\t\t\t\t\t\t\t\t03:15<\/option>\n\t\t\t\t\t\t\t\t\t\t<option value=\"03:30\">\n\t\t\t\t\t\t\t\t\t\t\t03:30<\/option>\n\t\t\t\t\t\t\t\t\t\t<option value=\"03:45\">\n\t\t\t\t\t\t\t\t\t\t\t03:45<\/option>\n\t\t\t\t\t\t\t\t\t\t\t\t\t\t\t\t\t\t\t\t<option value=\"04:00\">\n\t\t\t\t\t\t\t\t\t\t\t04:00<\/option>\n\t\t\t\t\t\t\t\t\t\t<option value=\"04:15\">\n\t\t\t\t\t\t\t\t\t\t\t04:15<\/option>\n\t\t\t\t\t\t\t\t\t\t<option value=\"04:30\">\n\t\t\t\t\t\t\t\t\t\t\t04:30<\/option>\n\t\t\t\t\t\t\t\t\t\t<option value=\"04:45\">\n\t\t\t\t\t\t\t\t\t\t\t04:45<\/option>\n\t\t\t\t\t\t\t\t\t\t\t\t\t\t\t\t\t\t\t\t<option value=\"05:00\">\n\t\t\t\t\t\t\t\t\t\t\t05:00<\/option>\n\t\t\t\t\t\t\t\t\t\t<option value=\"05:15\">\n\t\t\t\t\t\t\t\t\t\t\t05:15<\/option>\n\t\t\t\t\t\t\t\t\t\t<option value=\"05:30\">\n\t\t\t\t\t\t\t\t\t\t\t05:30<\/option>\n\t\t\t\t\t\t\t\t\t\t<option value=\"05:45\">\n\t\t\t\t\t\t\t\t\t\t\t05:45<\/option>\n\t\t\t\t\t\t\t\t\t\t\t\t\t\t\t\t\t\t\t\t<option value=\"06:00\">\n\t\t\t\t\t\t\t\t\t\t\t06:00<\/option>\n\t\t\t\t\t\t\t\t\t\t<option value=\"06:15\">\n\t\t\t\t\t\t\t\t\t\t\t06:15<\/option>\n\t\t\t\t\t\t\t\t\t\t<option value=\"06:30\">\n\t\t\t\t\t\t\t\t\t\t\t06:30<\/option>\n\t\t\t\t\t\t\t\t\t\t<option value=\"06:45\">\n\t\t\t\t\t\t\t\t\t\t\t06:45<\/option>\n\t\t\t\t\t\t\t\t\t\t\t\t\t\t\t\t\t\t\t\t<option value=\"07:00\">\n\t\t\t\t\t\t\t\t\t\t\t07:00<\/option>\n\t\t\t\t\t\t\t\t\t\t<option value=\"07:15\">\n\t\t\t\t\t\t\t\t\t\t\t07:15<\/option>\n\t\t\t\t\t\t\t\t\t\t<option value=\"07:30\">\n\t\t\t\t\t\t\t\t\t\t\t07:30<\/option>\n\t\t\t\t\t\t\t\t\t\t<option value=\"07:45\">\n\t\t\t\t\t\t\t\t\t\t\t07:45<\/option>\n\t\t\t\t\t\t\t\t\t\t\t\t\t\t\t\t\t\t\t\t<option value=\"08:00\">\n\t\t\t\t\t\t\t\t\t\t\t08:00<\/option>\n\t\t\t\t\t\t\t\t\t\t<option value=\"08:15\">\n\t\t\t\t\t\t\t\t\t\t\t08:15<\/option>\n\t\t\t\t\t\t\t\t\t\t<option value=\"08:30\">\n\t\t\t\t\t\t\t\t\t\t\t08:30<\/option>\n\t\t\t\t\t\t\t\t\t\t<option value=\"08:45\">\n\t\t\t\t\t\t\t\t\t\t\t08:45<\/option>\n\t\t\t\t\t\t\t\t\t\t\t\t\t\t\t\t\t\t\t\t<option value=\"09:00\">\n\t\t\t\t\t\t\t\t\t\t\t09:00<\/option>\n\t\t\t\t\t\t\t\t\t\t<option value=\"09:15\">\n\t\t\t\t\t\t\t\t\t\t\t09:15<\/option>\n\t\t\t\t\t\t\t\t\t\t<option value=\"09:30\">\n\t\t\t\t\t\t\t\t\t\t\t09:30<\/option>\n\t\t\t\t\t\t\t\t\t\t<option value=\"09:45\">\n\t\t\t\t\t\t\t\t\t\t\t09:45<\/option>\n\t\t\t\t\t\t\t\t\t\t\t\t\t\t\t\t\t\t\t\t<option value=\"10:00\">\n\t\t\t\t\t\t\t\t\t\t\t10:00<\/option>\n\t\t\t\t\t\t\t\t\t\t<option value=\"10:15\">\n\t\t\t\t\t\t\t\t\t\t\t10:15<\/option>\n\t\t\t\t\t\t\t\t\t\t<option value=\"10:30\">\n\t\t\t\t\t\t\t\t\t\t\t10:30<\/option>\n\t\t\t\t\t\t\t\t\t\t<option value=\"10:45\">\n\t\t\t\t\t\t\t\t\t\t\t10:45<\/option>\n\t\t\t\t\t\t\t\t\t\t\t\t\t\t\t\t\t\t\t\t<option value=\"11:00\">\n\t\t\t\t\t\t\t\t\t\t\t11:00<\/option>\n\t\t\t\t\t\t\t\t\t\t<option value=\"11:15\">\n\t\t\t\t\t\t\t\t\t\t\t11:15<\/option>\n\t\t\t\t\t\t\t\t\t\t<option value=\"11:30\">\n\t\t\t\t\t\t\t\t\t\t\t11:30<\/option>\n\t\t\t\t\t\t\t\t\t\t<option value=\"11:45\">\n\t\t\t\t\t\t\t\t\t\t\t11:45<\/option>\n\t\t\t\t\t\t\t\t\t\t\t\t\t\t\t\t\t\t\t\t<option value=\"12:00\">\n\t\t\t\t\t\t\t\t\t\t\t12:00<\/option>\n\t\t\t\t\t\t\t\t\t\t<option value=\"12:15\">\n\t\t\t\t\t\t\t\t\t\t\t12:15<\/option>\n\t\t\t\t\t\t\t\t\t\t<option value=\"12:30\">\n\t\t\t\t\t\t\t\t\t\t\t12:30<\/option>\n\t\t\t\t\t\t\t\t\t\t<option value=\"12:45\">\n\t\t\t\t\t\t\t\t\t\t\t12:45<\/option>\n\t\t\t\t\t\t\t\t\t\t\t\t\t\t\t\t\t\t\t\t<option value=\"13:00\">\n\t\t\t\t\t\t\t\t\t\t\t13:00<\/option>\n\t\t\t\t\t\t\t\t\t\t<option value=\"13:15\">\n\t\t\t\t\t\t\t\t\t\t\t13:15<\/option>\n\t\t\t\t\t\t\t\t\t\t<option value=\"13:30\">\n\t\t\t\t\t\t\t\t\t\t\t13:30<\/option>\n\t\t\t\t\t\t\t\t\t\t<option value=\"13:45\">\n\t\t\t\t\t\t\t\t\t\t\t13:45<\/option>\n\t\t\t\t\t\t\t\t\t\t\t\t\t\t\t\t\t\t\t\t<option value=\"14:00\">\n\t\t\t\t\t\t\t\t\t\t\t14:00<\/option>\n\t\t\t\t\t\t\t\t\t\t<option value=\"14:15\">\n\t\t\t\t\t\t\t\t\t\t\t14:15<\/option>\n\t\t\t\t\t\t\t\t\t\t<option value=\"14:30\">\n\t\t\t\t\t\t\t\t\t\t\t14:30<\/option>\n\t\t\t\t\t\t\t\t\t\t<option value=\"14:45\">\n\t\t\t\t\t\t\t\t\t\t\t14:45<\/option>\n\t\t\t\t\t\t\t\t\t\t\t\t\t\t\t\t\t\t\t\t<option value=\"15:00\">\n\t\t\t\t\t\t\t\t\t\t\t15:00<\/option>\n\t\t\t\t\t\t\t\t\t\t<option value=\"15:15\">\n\t\t\t\t\t\t\t\t\t\t\t15:15<\/option>\n\t\t\t\t\t\t\t\t\t\t<option value=\"15:30\">\n\t\t\t\t\t\t\t\t\t\t\t15:30<\/option>\n\t\t\t\t\t\t\t\t\t\t<option value=\"15:45\">\n\t\t\t\t\t\t\t\t\t\t\t15:45<\/option>\n\t\t\t\t\t\t\t\t\t\t\t\t\t\t\t\t\t\t\t\t<option value=\"16:00\">\n\t\t\t\t\t\t\t\t\t\t\t16:00<\/option>\n\t\t\t\t\t\t\t\t\t\t<option value=\"16:15\">\n\t\t\t\t\t\t\t\t\t\t\t16:15<\/option>\n\t\t\t\t\t\t\t\t\t\t<option value=\"16:30\">\n\t\t\t\t\t\t\t\t\t\t\t16:30<\/option>\n\t\t\t\t\t\t\t\t\t\t<option value=\"16:45\">\n\t\t\t\t\t\t\t\t\t\t\t16:45<\/option>\n\t\t\t\t\t\t\t\t\t\t\t\t\t\t\t\t\t\t\t\t<option value=\"17:00\">\n\t\t\t\t\t\t\t\t\t\t\t17:00<\/option>\n\t\t\t\t\t\t\t\t\t\t<option value=\"17:15\">\n\t\t\t\t\t\t\t\t\t\t\t17:15<\/option>\n\t\t\t\t\t\t\t\t\t\t<option value=\"17:30\">\n\t\t\t\t\t\t\t\t\t\t\t17:30<\/option>\n\t\t\t\t\t\t\t\t\t\t<option value=\"17:45\">\n\t\t\t\t\t\t\t\t\t\t\t17:45<\/option>\n\t\t\t\t\t\t\t\t\t\t\t\t\t\t\t\t\t\t\t\t<option value=\"18:00\">\n\t\t\t\t\t\t\t\t\t\t\t18:00<\/option>\n\t\t\t\t\t\t\t\t\t\t<option value=\"18:15\">\n\t\t\t\t\t\t\t\t\t\t\t18:15<\/option>\n\t\t\t\t\t\t\t\t\t\t<option value=\"18:30\">\n\t\t\t\t\t\t\t\t\t\t\t18:30<\/option>\n\t\t\t\t\t\t\t\t\t\t<option value=\"18:45\">\n\t\t\t\t\t\t\t\t\t\t\t18:45<\/option>\n\t\t\t\t\t\t\t\t\t\t\t\t\t\t\t\t\t\t\t\t<option value=\"19:00\">\n\t\t\t\t\t\t\t\t\t\t\t19:00<\/option>\n\t\t\t\t\t\t\t\t\t\t<option value=\"19:15\">\n\t\t\t\t\t\t\t\t\t\t\t19:15<\/option>\n\t\t\t\t\t\t\t\t\t\t<option value=\"19:30\">\n\t\t\t\t\t\t\t\t\t\t\t19:30<\/option>\n\t\t\t\t\t\t\t\t\t\t<option value=\"19:45\">\n\t\t\t\t\t\t\t\t\t\t\t19:45<\/option>\n\t\t\t\t\t\t\t\t\t\t\t\t\t\t\t\t\t\t\t\t<option value=\"20:00\">\n\t\t\t\t\t\t\t\t\t\t\t20:00<\/option>\n\t\t\t\t\t\t\t\t\t\t<option value=\"20:15\">\n\t\t\t\t\t\t\t\t\t\t\t20:15<\/option>\n\t\t\t\t\t\t\t\t\t\t<option value=\"20:30\">\n\t\t\t\t\t\t\t\t\t\t\t20:30<\/option>\n\t\t\t\t\t\t\t\t\t\t<option value=\"20:45\">\n\t\t\t\t\t\t\t\t\t\t\t20:45<\/option>\n\t\t\t\t\t\t\t\t\t\t\t\t\t\t\t\t\t\t\t\t<option value=\"21:00\">\n\t\t\t\t\t\t\t\t\t\t\t21:00<\/option>\n\t\t\t\t\t\t\t\t\t\t<option value=\"21:15\">\n\t\t\t\t\t\t\t\t\t\t\t21:15<\/option>\n\t\t\t\t\t\t\t\t\t\t<option value=\"21:30\">\n\t\t\t\t\t\t\t\t\t\t\t21:30<\/option>\n\t\t\t\t\t\t\t\t\t\t<option value=\"21:45\">\n\t\t\t\t\t\t\t\t\t\t\t21:45<\/option>\n\t\t\t\t\t\t\t\t\t\t\t\t\t\t\t\t\t\t\t\t<option value=\"22:00\">\n\t\t\t\t\t\t\t\t\t\t\t22:00<\/option>\n\t\t\t\t\t\t\t\t\t\t<option value=\"22:15\">\n\t\t\t\t\t\t\t\t\t\t\t22:15<\/option>\n\t\t\t\t\t\t\t\t\t\t<option value=\"22:30\">\n\t\t\t\t\t\t\t\t\t\t\t22:30<\/option>\n\t\t\t\t\t\t\t\t\t\t<option value=\"22:45\">\n\t\t\t\t\t\t\t\t\t\t\t22:45<\/option>\n\t\t\t\t\t\t\t\t\t\t\t\t\t\t\t\t\t\t\t\t<option value=\"23:00\">\n\t\t\t\t\t\t\t\t\t\t\t23:00<\/option>\n\t\t\t\t\t\t\t\t\t\t<option value=\"23:15\">\n\t\t\t\t\t\t\t\t\t\t\t23:15<\/option>\n\t\t\t\t\t\t\t\t\t\t<option value=\"23:30\">\n\t\t\t\t\t\t\t\t\t\t\t23:30<\/option>\n\t\t\t\t\t\t\t\t\t\t<option value=\"23:45\">\n\t\t\t\t\t\t\t\t\t\t\t23:45<\/option>\n\t\t\t\t\t\t\t\t\t\t\t\t\t\t\t\t\t\t\t<\/select>\n\t\t\t\t\t\t\t\t<\/div>\n\t\t\t\t\t\t\t<\/div>\n\t\t\t\t\t\t<\/div>\n\t\t\t\t\t\t<div class=\"col-sm-6\">\n\t\t\t\t\t\t\t<div class=\"form-group\">\n\t\t\t\t\t\t\t\t<div id=\"bookingBox\"><\/div>\n\n\t\t\t\t\t\t\t\t<label for=\"devuelta\"><h4>D\u00e9p\u00f4t<\/h4><\/label>\n\t\t\t\t\t\t\t\t<select name=\"devuelta\" id=\"devuelta\" class=\"custom-select\">\n\t\t\t\t\t\t\t\t\t<option value=\"airport\"  selected>Malaga A\u00e9roport<\/option>\n\t\t\t\t\t\t\t\t\t\t\t\t\t\t\t\t<\/select>\n\n\t\t\t\t\t\t\t\t<div class=\"form-inline my-2\">\n\t\t\t\t\t\t\t\t\t<input id=\"dDate\" class=\"form-control\" value=\"14\/09\/2026\" name=\"dDate\" readonly>\n\t\t\t\t\t\t\t\t\t<select class=\"custom-select\" id=\"dhorasminutos\" name=\"dhorasminutos\" oninvalid=\"setCustomValidity('Faites-nous savoir votre heure de retour')\" onchange=\"setCustomValidity('')\">\n\t\t\t\t\t\t\t\t\t\t<option value=\"-\" selected>--:--<\/option>\n\t\t\t\t\t\t\t\t\t\t\t\t\t\t\t\t\t\t\t\t<option value=\"00:00\">\n\t\t\t\t\t\t\t\t\t\t\t00:00<\/option>\n\t\t\t\t\t\t\t\t\t\t<option value=\"00:15\">\n\t\t\t\t\t\t\t\t\t\t\t00:15<\/option>\n\t\t\t\t\t\t\t\t\t\t<option value=\"00:30\">\n\t\t\t\t\t\t\t\t\t\t\t00:30<\/option>\n\t\t\t\t\t\t\t\t\t\t<option value=\"00:45\">\n\t\t\t\t\t\t\t\t\t\t\t00:45<\/option>\n\t\t\t\t\t\t\t\t\t\t\t\t\t\t\t\t\t\t\t\t<option value=\"01:00\">\n\t\t\t\t\t\t\t\t\t\t\t01:00<\/option>\n\t\t\t\t\t\t\t\t\t\t<option value=\"01:15\">\n\t\t\t\t\t\t\t\t\t\t\t01:15<\/option>\n\t\t\t\t\t\t\t\t\t\t<option value=\"01:30\">\n\t\t\t\t\t\t\t\t\t\t\t01:30<\/option>\n\t\t\t\t\t\t\t\t\t\t<option value=\"01:45\">\n\t\t\t\t\t\t\t\t\t\t\t01:45<\/option>\n\t\t\t\t\t\t\t\t\t\t\t\t\t\t\t\t\t\t\t\t<option value=\"02:00\">\n\t\t\t\t\t\t\t\t\t\t\t02:00<\/option>\n\t\t\t\t\t\t\t\t\t\t<option value=\"02:15\">\n\t\t\t\t\t\t\t\t\t\t\t02:15<\/option>\n\t\t\t\t\t\t\t\t\t\t<option value=\"02:30\">\n\t\t\t\t\t\t\t\t\t\t\t02:30<\/option>\n\t\t\t\t\t\t\t\t\t\t<option value=\"02:45\">\n\t\t\t\t\t\t\t\t\t\t\t02:45<\/option>\n\t\t\t\t\t\t\t\t\t\t\t\t\t\t\t\t\t\t\t\t<option value=\"03:00\">\n\t\t\t\t\t\t\t\t\t\t\t03:00<\/option>\n\t\t\t\t\t\t\t\t\t\t<option value=\"03:15\">\n\t\t\t\t\t\t\t\t\t\t\t03:15<\/option>\n\t\t\t\t\t\t\t\t\t\t<option value=\"03:30\">\n\t\t\t\t\t\t\t\t\t\t\t03:30<\/option>\n\t\t\t\t\t\t\t\t\t\t<option value=\"03:45\">\n\t\t\t\t\t\t\t\t\t\t\t03:45<\/option>\n\t\t\t\t\t\t\t\t\t\t\t\t\t\t\t\t\t\t\t\t<option value=\"04:00\">\n\t\t\t\t\t\t\t\t\t\t\t04:00<\/option>\n\t\t\t\t\t\t\t\t\t\t<option value=\"04:15\">\n\t\t\t\t\t\t\t\t\t\t\t04:15<\/option>\n\t\t\t\t\t\t\t\t\t\t<option value=\"04:30\">\n\t\t\t\t\t\t\t\t\t\t\t04:30<\/option>\n\t\t\t\t\t\t\t\t\t\t<option value=\"04:45\">\n\t\t\t\t\t\t\t\t\t\t\t04:45<\/option>\n\t\t\t\t\t\t\t\t\t\t\t\t\t\t\t\t\t\t\t\t<option value=\"05:00\">\n\t\t\t\t\t\t\t\t\t\t\t05:00<\/option>\n\t\t\t\t\t\t\t\t\t\t<option value=\"05:15\">\n\t\t\t\t\t\t\t\t\t\t\t05:15<\/option>\n\t\t\t\t\t\t\t\t\t\t<option value=\"05:30\">\n\t\t\t\t\t\t\t\t\t\t\t05:30<\/option>\n\t\t\t\t\t\t\t\t\t\t<option value=\"05:45\">\n\t\t\t\t\t\t\t\t\t\t\t05:45<\/option>\n\t\t\t\t\t\t\t\t\t\t\t\t\t\t\t\t\t\t\t\t<option value=\"06:00\">\n\t\t\t\t\t\t\t\t\t\t\t06:00<\/option>\n\t\t\t\t\t\t\t\t\t\t<option value=\"06:15\">\n\t\t\t\t\t\t\t\t\t\t\t06:15<\/option>\n\t\t\t\t\t\t\t\t\t\t<option value=\"06:30\">\n\t\t\t\t\t\t\t\t\t\t\t06:30<\/option>\n\t\t\t\t\t\t\t\t\t\t<option value=\"06:45\">\n\t\t\t\t\t\t\t\t\t\t\t06:45<\/option>\n\t\t\t\t\t\t\t\t\t\t\t\t\t\t\t\t\t\t\t\t<option value=\"07:00\">\n\t\t\t\t\t\t\t\t\t\t\t07:00<\/option>\n\t\t\t\t\t\t\t\t\t\t<option value=\"07:15\">\n\t\t\t\t\t\t\t\t\t\t\t07:15<\/option>\n\t\t\t\t\t\t\t\t\t\t<option value=\"07:30\">\n\t\t\t\t\t\t\t\t\t\t\t07:30<\/option>\n\t\t\t\t\t\t\t\t\t\t<option value=\"07:45\">\n\t\t\t\t\t\t\t\t\t\t\t07:45<\/option>\n\t\t\t\t\t\t\t\t\t\t\t\t\t\t\t\t\t\t\t\t<option value=\"08:00\">\n\t\t\t\t\t\t\t\t\t\t\t08:00<\/option>\n\t\t\t\t\t\t\t\t\t\t<option value=\"08:15\">\n\t\t\t\t\t\t\t\t\t\t\t08:15<\/option>\n\t\t\t\t\t\t\t\t\t\t<option value=\"08:30\">\n\t\t\t\t\t\t\t\t\t\t\t08:30<\/option>\n\t\t\t\t\t\t\t\t\t\t<option value=\"08:45\">\n\t\t\t\t\t\t\t\t\t\t\t08:45<\/option>\n\t\t\t\t\t\t\t\t\t\t\t\t\t\t\t\t\t\t\t\t<option value=\"09:00\">\n\t\t\t\t\t\t\t\t\t\t\t09:00<\/option>\n\t\t\t\t\t\t\t\t\t\t<option value=\"09:15\">\n\t\t\t\t\t\t\t\t\t\t\t09:15<\/option>\n\t\t\t\t\t\t\t\t\t\t<option value=\"09:30\">\n\t\t\t\t\t\t\t\t\t\t\t09:30<\/option>\n\t\t\t\t\t\t\t\t\t\t<option value=\"09:45\">\n\t\t\t\t\t\t\t\t\t\t\t09:45<\/option>\n\t\t\t\t\t\t\t\t\t\t\t\t\t\t\t\t\t\t\t\t<option value=\"10:00\">\n\t\t\t\t\t\t\t\t\t\t\t10:00<\/option>\n\t\t\t\t\t\t\t\t\t\t<option value=\"10:15\">\n\t\t\t\t\t\t\t\t\t\t\t10:15<\/option>\n\t\t\t\t\t\t\t\t\t\t<option value=\"10:30\">\n\t\t\t\t\t\t\t\t\t\t\t10:30<\/option>\n\t\t\t\t\t\t\t\t\t\t<option value=\"10:45\">\n\t\t\t\t\t\t\t\t\t\t\t10:45<\/option>\n\t\t\t\t\t\t\t\t\t\t\t\t\t\t\t\t\t\t\t\t<option value=\"11:00\">\n\t\t\t\t\t\t\t\t\t\t\t11:00<\/option>\n\t\t\t\t\t\t\t\t\t\t<option value=\"11:15\">\n\t\t\t\t\t\t\t\t\t\t\t11:15<\/option>\n\t\t\t\t\t\t\t\t\t\t<option value=\"11:30\">\n\t\t\t\t\t\t\t\t\t\t\t11:30<\/option>\n\t\t\t\t\t\t\t\t\t\t<option value=\"11:45\">\n\t\t\t\t\t\t\t\t\t\t\t11:45<\/option>\n\t\t\t\t\t\t\t\t\t\t\t\t\t\t\t\t\t\t\t\t<option value=\"12:00\">\n\t\t\t\t\t\t\t\t\t\t\t12:00<\/option>\n\t\t\t\t\t\t\t\t\t\t<option value=\"12:15\">\n\t\t\t\t\t\t\t\t\t\t\t12:15<\/option>\n\t\t\t\t\t\t\t\t\t\t<option value=\"12:30\">\n\t\t\t\t\t\t\t\t\t\t\t12:30<\/option>\n\t\t\t\t\t\t\t\t\t\t<option value=\"12:45\">\n\t\t\t\t\t\t\t\t\t\t\t12:45<\/option>\n\t\t\t\t\t\t\t\t\t\t\t\t\t\t\t\t\t\t\t\t<option value=\"13:00\">\n\t\t\t\t\t\t\t\t\t\t\t13:00<\/option>\n\t\t\t\t\t\t\t\t\t\t<option value=\"13:15\">\n\t\t\t\t\t\t\t\t\t\t\t13:15<\/option>\n\t\t\t\t\t\t\t\t\t\t<option value=\"13:30\">\n\t\t\t\t\t\t\t\t\t\t\t13:30<\/option>\n\t\t\t\t\t\t\t\t\t\t<option value=\"13:45\">\n\t\t\t\t\t\t\t\t\t\t\t13:45<\/option>\n\t\t\t\t\t\t\t\t\t\t\t\t\t\t\t\t\t\t\t\t<option value=\"14:00\">\n\t\t\t\t\t\t\t\t\t\t\t14:00<\/option>\n\t\t\t\t\t\t\t\t\t\t<option value=\"14:15\">\n\t\t\t\t\t\t\t\t\t\t\t14:15<\/option>\n\t\t\t\t\t\t\t\t\t\t<option value=\"14:30\">\n\t\t\t\t\t\t\t\t\t\t\t14:30<\/option>\n\t\t\t\t\t\t\t\t\t\t<option value=\"14:45\">\n\t\t\t\t\t\t\t\t\t\t\t14:45<\/option>\n\t\t\t\t\t\t\t\t\t\t\t\t\t\t\t\t\t\t\t\t<option value=\"15:00\">\n\t\t\t\t\t\t\t\t\t\t\t15:00<\/option>\n\t\t\t\t\t\t\t\t\t\t<option value=\"15:15\">\n\t\t\t\t\t\t\t\t\t\t\t15:15<\/option>\n\t\t\t\t\t\t\t\t\t\t<option value=\"15:30\">\n\t\t\t\t\t\t\t\t\t\t\t15:30<\/option>\n\t\t\t\t\t\t\t\t\t\t<option value=\"15:45\">\n\t\t\t\t\t\t\t\t\t\t\t15:45<\/option>\n\t\t\t\t\t\t\t\t\t\t\t\t\t\t\t\t\t\t\t\t<option value=\"16:00\">\n\t\t\t\t\t\t\t\t\t\t\t16:00<\/option>\n\t\t\t\t\t\t\t\t\t\t<option value=\"16:15\">\n\t\t\t\t\t\t\t\t\t\t\t16:15<\/option>\n\t\t\t\t\t\t\t\t\t\t<option value=\"16:30\">\n\t\t\t\t\t\t\t\t\t\t\t16:30<\/option>\n\t\t\t\t\t\t\t\t\t\t<option value=\"16:45\">\n\t\t\t\t\t\t\t\t\t\t\t16:45<\/option>\n\t\t\t\t\t\t\t\t\t\t\t\t\t\t\t\t\t\t\t\t<option value=\"17:00\">\n\t\t\t\t\t\t\t\t\t\t\t17:00<\/option>\n\t\t\t\t\t\t\t\t\t\t<option value=\"17:15\">\n\t\t\t\t\t\t\t\t\t\t\t17:15<\/option>\n\t\t\t\t\t\t\t\t\t\t<option value=\"17:30\">\n\t\t\t\t\t\t\t\t\t\t\t17:30<\/option>\n\t\t\t\t\t\t\t\t\t\t<option value=\"17:45\">\n\t\t\t\t\t\t\t\t\t\t\t17:45<\/option>\n\t\t\t\t\t\t\t\t\t\t\t\t\t\t\t\t\t\t\t\t<option value=\"18:00\">\n\t\t\t\t\t\t\t\t\t\t\t18:00<\/option>\n\t\t\t\t\t\t\t\t\t\t<option value=\"18:15\">\n\t\t\t\t\t\t\t\t\t\t\t18:15<\/option>\n\t\t\t\t\t\t\t\t\t\t<option value=\"18:30\">\n\t\t\t\t\t\t\t\t\t\t\t18:30<\/option>\n\t\t\t\t\t\t\t\t\t\t<option value=\"18:45\">\n\t\t\t\t\t\t\t\t\t\t\t18:45<\/option>\n\t\t\t\t\t\t\t\t\t\t\t\t\t\t\t\t\t\t\t\t<option value=\"19:00\">\n\t\t\t\t\t\t\t\t\t\t\t19:00<\/option>\n\t\t\t\t\t\t\t\t\t\t<option value=\"19:15\">\n\t\t\t\t\t\t\t\t\t\t\t19:15<\/option>\n\t\t\t\t\t\t\t\t\t\t<option value=\"19:30\">\n\t\t\t\t\t\t\t\t\t\t\t19:30<\/option>\n\t\t\t\t\t\t\t\t\t\t<option value=\"19:45\">\n\t\t\t\t\t\t\t\t\t\t\t19:45<\/option>\n\t\t\t\t\t\t\t\t\t\t\t\t\t\t\t\t\t\t\t\t<option value=\"20:00\">\n\t\t\t\t\t\t\t\t\t\t\t20:00<\/option>\n\t\t\t\t\t\t\t\t\t\t<option value=\"20:15\">\n\t\t\t\t\t\t\t\t\t\t\t20:15<\/option>\n\t\t\t\t\t\t\t\t\t\t<option value=\"20:30\">\n\t\t\t\t\t\t\t\t\t\t\t20:30<\/option>\n\t\t\t\t\t\t\t\t\t\t<option value=\"20:45\">\n\t\t\t\t\t\t\t\t\t\t\t20:45<\/option>\n\t\t\t\t\t\t\t\t\t\t\t\t\t\t\t\t\t\t\t\t<option value=\"21:00\">\n\t\t\t\t\t\t\t\t\t\t\t21:00<\/option>\n\t\t\t\t\t\t\t\t\t\t<option value=\"21:15\">\n\t\t\t\t\t\t\t\t\t\t\t21:15<\/option>\n\t\t\t\t\t\t\t\t\t\t<option value=\"21:30\">\n\t\t\t\t\t\t\t\t\t\t\t21:30<\/option>\n\t\t\t\t\t\t\t\t\t\t<option value=\"21:45\">\n\t\t\t\t\t\t\t\t\t\t\t21:45<\/option>\n\t\t\t\t\t\t\t\t\t\t\t\t\t\t\t\t\t\t\t\t<option value=\"22:00\">\n\t\t\t\t\t\t\t\t\t\t\t22:00<\/option>\n\t\t\t\t\t\t\t\t\t\t<option value=\"22:15\">\n\t\t\t\t\t\t\t\t\t\t\t22:15<\/option>\n\t\t\t\t\t\t\t\t\t\t<option value=\"22:30\">\n\t\t\t\t\t\t\t\t\t\t\t22:30<\/option>\n\t\t\t\t\t\t\t\t\t\t<option value=\"22:45\">\n\t\t\t\t\t\t\t\t\t\t\t22:45<\/option>\n\t\t\t\t\t\t\t\t\t\t\t\t\t\t\t\t\t\t\t\t<option value=\"23:00\">\n\t\t\t\t\t\t\t\t\t\t\t23:00<\/option>\n\t\t\t\t\t\t\t\t\t\t<option value=\"23:15\">\n\t\t\t\t\t\t\t\t\t\t\t23:15<\/option>\n\t\t\t\t\t\t\t\t\t\t<option value=\"23:30\">\n\t\t\t\t\t\t\t\t\t\t\t23:30<\/option>\n\t\t\t\t\t\t\t\t\t\t<option value=\"23:45\">\n\t\t\t\t\t\t\t\t\t\t\t23:45<\/option>\n\t\t\t\t\t\t\t\t\t\t\t\t\t\t\t\t\t\t\t<\/select>\n\t\t\t\t\t\t\t\t<\/div>\n\t\t\t\t\t\t\t<\/div>\n\t\t\t\t\t\t<\/div>\n\n\t\t\t\t\t<\/div>\n\t\t\t\t\n\n\t\t\t\t\t\t<div class=\"row\">\n                               <div class=\"col-sm-6\">\n\t\t\t\t\t\t\t\t<div class=\"form-group promo-code\">\n\t\t\t\t\t\t\t\t\t\t\t\t\t\t\t\t\t<label for=\"tipogrupo\" class=\"w-50 text-right pr-3 pt-1\">Group<\/label>\n\t\t\t\t\t\t\t\t\t<select name=\"tipogrupo\" id=\"tipogrupo\" class=\"form-control w-50\">\n\t\t\t\t\t\t\t\t\t<option value=\"0\">Voir tous<\/option>\n\t\t\t                        <option value=\"1\">Standard<\/option> \n\t\t\t\t\t\t\t\t\t<option value=\"2\">Automatique<\/option>  \n\t\t\t\t\t\t\t\t\t<option value=\"4\">Transporteurs<\/option>  \n\t\t\t\t\t\t\t\t\t<option value=\"5\">Cabriolet et Sport<\/option>  \n\t\t\t\t\t\t\t\t\t<option value=\"6\">Prestige<\/option>  \n\t\t\t\t\t\t\t\t\t<option value=\"8\">SUV<\/option>  \n\t\t\t\t\t\t\t\t\t<option value=\"10\">Camping car et Autocaravane<\/option>  \t\t\t\t\t\t\t\n\t\t\t\t\t\t\t\t<\/select>\t\n\t\t\t\t\t\t\t\t\t\n\t\t\t\t\t\t\t<\/div>\n\t\t\t\t\t\t\t<\/div>\n\t\t\t\t\t\t<div class=\"col-sm-6 align-self-end\">\n\t\t\t\t\t\t\t<div class=\"form-group\">\n\t\t\t\t\t\t\t\t<input type=\"submit\" class=\"btn-quote\" value=\"Voir les prix\" onclick=\"return msgAlert()\">\n\t\t\t\t\t\t\t<\/div>\n\t\t\t\t\t\t<\/div>\n\t\t\t\t\t<\/div>\n\t\t\t\t<\/form>\n\t\t\t\t<div class=\"row hide-mini-tablet advantages\">\n\t\t\t\t\t\t<div class=\"col-12\">\n\t\t\t\t\t\t\t<h4 class=\"text-center text-white\">TARIFS IMBATTABLES<\/h4>\n\t\t\t\t\t\t\t<ul>\n\t\t\t\t\t\t\t\t<li><strong>Grande flotte<\/strong> de voitures neuves.<\/li>\n\t\t\t\t\t\t\t\t<li><strong>Payez \u00e0 l'arriv\u00e9e<\/strong>.<\/li>\n\t\t\t\t\t\t\t\t<li>Ce que vous voyez est ce que vous payez.<\/li>\n\t\t\t\t\t\t\t\t<li><strong>Pas difficile \u00e0 vendre au bureau<\/strong>.<\/li>\n\t\t\t\t\t\t\t\t<li>Service de livraison VIP gratuit.<\/li>\n\t\t\t\t\t\t\t\t<li><strong class='redpassion-alt'>PAS DE FRAIS SUPPL\u00c9MENTAIRES<\/strong>, pour le service de ravitaillement.<\/li>\n\t\t\t\t\t\t\t<\/ul>\n\t\t\t\t\t\t<\/div>\n\t\t\t\t\t<\/div>\n\t\t\t\t<\/div>\n\t\t\t<br clear=\"all\">\n<\/p>\n","protected":false},"excerpt":{"rendered":"<p>Alors que l&rsquo;hiver maintient encore son emprise froide sur presque toute l&rsquo;Europe, ici \u00e0 Malaga, les amandiers commencent d\u00e9j\u00e0 \u00e0 fleurir. Si vous venez\u00a0 \u00e0 M\u00e1laga\u00a0en F\u00e9vrier, un coup d&rsquo;\u0153il \u00e0 notre calendrier des \u00e9v\u00e9nements et d\u00e9couvrez tout ce que vous pouvez faire.<\/p>\n","protected":false},"author":1,"featured_media":461,"comment_status":"open","ping_status":"open","sticky":false,"template":"","format":"standard","meta":{"footnotes":""},"categories":[2],"tags":[5,28,4,6],"class_list":["post-201","post","type-post","status-publish","format-standard","has-post-thumbnail","hentry","category-loisirs","tag-choses-a-faire","tag-fevrier","tag-malaga","tag-quoi-faire"],"yoast_head":"<!-- This site is optimized with the Yoast SEO plugin v28.4 - https:\/\/yoast.com\/product\/yoast-seo-wordpress\/ -->\n<title>Choses \u00e0 faire \u00e0 Malaga en F\u00e9vrier 2026 - Blog de MalagaCar.com<\/title>\n<meta name=\"description\" content=\"Vous pr\u00e9voyez de vous rendre \u00e0 Malaga en F\u00e9vrier ? Dans notre blog, nous avons compil\u00e9 pour vous des choses int\u00e9ressantes \u00e0 faire.\" \/>\n<meta name=\"robots\" content=\"index, follow, max-snippet:-1, max-image-preview:large, max-video-preview:-1\" \/>\n<link rel=\"canonical\" href=\"https:\/\/www.malagacar.com\/fr\/blog\/loisirs\/choses-a-faire-en-malaga-en-fevrier\/\" \/>\n<meta property=\"og:locale\" content=\"fr_FR\" \/>\n<meta property=\"og:type\" content=\"article\" \/>\n<meta property=\"og:title\" content=\"Choses \u00e0 faire \u00e0 Malaga en F\u00e9vrier 2026 - Blog de MalagaCar.com\" \/>\n<meta property=\"og:description\" content=\"Vous pr\u00e9voyez de vous rendre \u00e0 Malaga en F\u00e9vrier ? Dans notre blog, nous avons compil\u00e9 pour vous des choses int\u00e9ressantes \u00e0 faire.\" \/>\n<meta property=\"og:url\" content=\"https:\/\/www.malagacar.com\/fr\/blog\/loisirs\/choses-a-faire-en-malaga-en-fevrier\/\" \/>\n<meta property=\"og:site_name\" content=\"Blog de MalagaCar.com\" \/>\n<meta property=\"article:publisher\" content=\"https:\/\/www.facebook.com\/malagacar\" \/>\n<meta property=\"article:published_time\" content=\"2026-02-02T08:10:23+00:00\" \/>\n<meta property=\"article:modified_time\" content=\"2026-03-09T07:28:10+00:00\" \/>\n<meta property=\"og:image\" content=\"https:\/\/www.malagacar.com\/fr\/blog\/wp-content\/uploads\/2022\/01\/02-fr.jpg\" \/>\n\t<meta property=\"og:image:width\" content=\"1000\" \/>\n\t<meta property=\"og:image:height\" content=\"896\" \/>\n\t<meta property=\"og:image:type\" content=\"image\/jpeg\" \/>\n<meta name=\"author\" content=\"MalagaCar.com\" \/>\n<meta name=\"twitter:card\" content=\"summary_large_image\" \/>\n<meta name=\"twitter:creator\" content=\"@malagacarcom\" \/>\n<meta name=\"twitter:site\" content=\"@malagacarcom\" \/>\n<meta name=\"twitter:label1\" content=\"\u00c9crit par\" \/>\n\t<meta name=\"twitter:data1\" content=\"MalagaCar.com\" \/>\n\t<meta name=\"twitter:label2\" content=\"Dur\u00e9e de lecture estim\u00e9e\" \/>\n\t<meta name=\"twitter:data2\" content=\"32 minutes\" \/>\n<script type=\"application\/ld+json\" class=\"yoast-schema-graph\">{\"@context\":\"https:\\\/\\\/schema.org\",\"@graph\":[{\"@type\":\"Article\",\"@id\":\"https:\\\/\\\/www.malagacar.com\\\/fr\\\/blog\\\/loisirs\\\/choses-a-faire-en-malaga-en-fevrier\\\/#article\",\"isPartOf\":{\"@id\":\"https:\\\/\\\/www.malagacar.com\\\/fr\\\/blog\\\/loisirs\\\/choses-a-faire-en-malaga-en-fevrier\\\/\"},\"author\":{\"name\":\"MalagaCar.com\",\"@id\":\"https:\\\/\\\/www.malagacar.com\\\/fr\\\/blog\\\/#\\\/schema\\\/person\\\/ffb97005d02bcc7d0bb59f5409635691\"},\"headline\":\"Choses \u00e0 faire \u00e0 Malaga en F\u00e9vrier 2026\",\"datePublished\":\"2026-02-02T08:10:23+00:00\",\"dateModified\":\"2026-03-09T07:28:10+00:00\",\"mainEntityOfPage\":{\"@id\":\"https:\\\/\\\/www.malagacar.com\\\/fr\\\/blog\\\/loisirs\\\/choses-a-faire-en-malaga-en-fevrier\\\/\"},\"wordCount\":4726,\"commentCount\":0,\"publisher\":{\"@id\":\"https:\\\/\\\/www.malagacar.com\\\/fr\\\/blog\\\/#organization\"},\"image\":{\"@id\":\"https:\\\/\\\/www.malagacar.com\\\/fr\\\/blog\\\/loisirs\\\/choses-a-faire-en-malaga-en-fevrier\\\/#primaryimage\"},\"thumbnailUrl\":\"https:\\\/\\\/www.malagacar.com\\\/fr\\\/blog\\\/wp-content\\\/uploads\\\/2022\\\/01\\\/02-fr.jpg\",\"keywords\":[\"choses \u00e0 faire\",\"f\u00e9vrier\",\"malaga\",\"quoi faire\"],\"articleSection\":[\"Loisirs\"],\"inLanguage\":\"fr-FR\",\"potentialAction\":[{\"@type\":\"CommentAction\",\"name\":\"Comment\",\"target\":[\"https:\\\/\\\/www.malagacar.com\\\/fr\\\/blog\\\/loisirs\\\/choses-a-faire-en-malaga-en-fevrier\\\/#respond\"]}]},{\"@type\":\"WebPage\",\"@id\":\"https:\\\/\\\/www.malagacar.com\\\/fr\\\/blog\\\/loisirs\\\/choses-a-faire-en-malaga-en-fevrier\\\/\",\"url\":\"https:\\\/\\\/www.malagacar.com\\\/fr\\\/blog\\\/loisirs\\\/choses-a-faire-en-malaga-en-fevrier\\\/\",\"name\":\"Choses \u00e0 faire \u00e0 Malaga en F\u00e9vrier 2026 - Blog de MalagaCar.com\",\"isPartOf\":{\"@id\":\"https:\\\/\\\/www.malagacar.com\\\/fr\\\/blog\\\/#website\"},\"primaryImageOfPage\":{\"@id\":\"https:\\\/\\\/www.malagacar.com\\\/fr\\\/blog\\\/loisirs\\\/choses-a-faire-en-malaga-en-fevrier\\\/#primaryimage\"},\"image\":{\"@id\":\"https:\\\/\\\/www.malagacar.com\\\/fr\\\/blog\\\/loisirs\\\/choses-a-faire-en-malaga-en-fevrier\\\/#primaryimage\"},\"thumbnailUrl\":\"https:\\\/\\\/www.malagacar.com\\\/fr\\\/blog\\\/wp-content\\\/uploads\\\/2022\\\/01\\\/02-fr.jpg\",\"datePublished\":\"2026-02-02T08:10:23+00:00\",\"dateModified\":\"2026-03-09T07:28:10+00:00\",\"description\":\"Vous pr\u00e9voyez de vous rendre \u00e0 Malaga en F\u00e9vrier ? Dans notre blog, nous avons compil\u00e9 pour vous des choses int\u00e9ressantes \u00e0 faire.\",\"breadcrumb\":{\"@id\":\"https:\\\/\\\/www.malagacar.com\\\/fr\\\/blog\\\/loisirs\\\/choses-a-faire-en-malaga-en-fevrier\\\/#breadcrumb\"},\"inLanguage\":\"fr-FR\",\"potentialAction\":[{\"@type\":\"ReadAction\",\"target\":[\"https:\\\/\\\/www.malagacar.com\\\/fr\\\/blog\\\/loisirs\\\/choses-a-faire-en-malaga-en-fevrier\\\/\"]}]},{\"@type\":\"ImageObject\",\"inLanguage\":\"fr-FR\",\"@id\":\"https:\\\/\\\/www.malagacar.com\\\/fr\\\/blog\\\/loisirs\\\/choses-a-faire-en-malaga-en-fevrier\\\/#primaryimage\",\"url\":\"https:\\\/\\\/www.malagacar.com\\\/fr\\\/blog\\\/wp-content\\\/uploads\\\/2022\\\/01\\\/02-fr.jpg\",\"contentUrl\":\"https:\\\/\\\/www.malagacar.com\\\/fr\\\/blog\\\/wp-content\\\/uploads\\\/2022\\\/01\\\/02-fr.jpg\",\"width\":1000,\"height\":896},{\"@type\":\"BreadcrumbList\",\"@id\":\"https:\\\/\\\/www.malagacar.com\\\/fr\\\/blog\\\/loisirs\\\/choses-a-faire-en-malaga-en-fevrier\\\/#breadcrumb\",\"itemListElement\":[{\"@type\":\"ListItem\",\"position\":1,\"name\":\"Accueil\",\"item\":\"https:\\\/\\\/www.malagacar.com\\\/fr\\\/blog\\\/\"},{\"@type\":\"ListItem\",\"position\":2,\"name\":\"Choses \u00e0 faire \u00e0 Malaga en F\u00e9vrier 2026\"}]},{\"@type\":\"WebSite\",\"@id\":\"https:\\\/\\\/www.malagacar.com\\\/fr\\\/blog\\\/#website\",\"url\":\"https:\\\/\\\/www.malagacar.com\\\/fr\\\/blog\\\/\",\"name\":\"Blog de MalagaCar.com\",\"description\":\"Nouvelles et informations int\u00e9ressantes sur la location de voitures \u00e0 l&#039;a\u00e9roport de Malaga.\",\"publisher\":{\"@id\":\"https:\\\/\\\/www.malagacar.com\\\/fr\\\/blog\\\/#organization\"},\"potentialAction\":[{\"@type\":\"SearchAction\",\"target\":{\"@type\":\"EntryPoint\",\"urlTemplate\":\"https:\\\/\\\/www.malagacar.com\\\/fr\\\/blog\\\/?s={search_term_string}\"},\"query-input\":{\"@type\":\"PropertyValueSpecification\",\"valueRequired\":true,\"valueName\":\"search_term_string\"}}],\"inLanguage\":\"fr-FR\"},{\"@type\":\"Organization\",\"@id\":\"https:\\\/\\\/www.malagacar.com\\\/fr\\\/blog\\\/#organization\",\"name\":\"MalagaCar.com\",\"url\":\"https:\\\/\\\/www.malagacar.com\\\/fr\\\/blog\\\/\",\"logo\":{\"@type\":\"ImageObject\",\"inLanguage\":\"fr-FR\",\"@id\":\"https:\\\/\\\/www.malagacar.com\\\/fr\\\/blog\\\/#\\\/schema\\\/logo\\\/image\\\/\",\"url\":\"https:\\\/\\\/www.malagacar.com\\\/fr\\\/blog\\\/wp-content\\\/uploads\\\/2021\\\/06\\\/logo-malagacar-social.png\",\"contentUrl\":\"https:\\\/\\\/www.malagacar.com\\\/fr\\\/blog\\\/wp-content\\\/uploads\\\/2021\\\/06\\\/logo-malagacar-social.png\",\"width\":900,\"height\":900,\"caption\":\"MalagaCar.com\"},\"image\":{\"@id\":\"https:\\\/\\\/www.malagacar.com\\\/fr\\\/blog\\\/#\\\/schema\\\/logo\\\/image\\\/\"},\"sameAs\":[\"https:\\\/\\\/www.facebook.com\\\/malagacar\",\"https:\\\/\\\/x.com\\\/malagacarcom\",\"https:\\\/\\\/www.instagram.com\\\/malagacar\\\/\",\"https:\\\/\\\/www.linkedin.com\\\/company\\\/malagacar.com\",\"https:\\\/\\\/www.youtube.com\\\/c\\\/MalagacarAirport\"]},{\"@type\":\"Person\",\"@id\":\"https:\\\/\\\/www.malagacar.com\\\/fr\\\/blog\\\/#\\\/schema\\\/person\\\/ffb97005d02bcc7d0bb59f5409635691\",\"name\":\"MalagaCar.com\",\"image\":{\"@type\":\"ImageObject\",\"inLanguage\":\"fr-FR\",\"@id\":\"https:\\\/\\\/secure.gravatar.com\\\/avatar\\\/296ebc31026e7be05868369e4c596b3239b1582b2fcf8a45de57333e2e82bb82?s=96&d=mm&r=g\",\"url\":\"https:\\\/\\\/secure.gravatar.com\\\/avatar\\\/296ebc31026e7be05868369e4c596b3239b1582b2fcf8a45de57333e2e82bb82?s=96&d=mm&r=g\",\"contentUrl\":\"https:\\\/\\\/secure.gravatar.com\\\/avatar\\\/296ebc31026e7be05868369e4c596b3239b1582b2fcf8a45de57333e2e82bb82?s=96&d=mm&r=g\",\"caption\":\"MalagaCar.com\"},\"sameAs\":[\"https:\\\/\\\/www.malagacar.com\\\/fr\\\/blog\"]}]}<\/script>\n<!-- \/ Yoast SEO plugin. -->","yoast_head_json":{"title":"Choses \u00e0 faire \u00e0 Malaga en F\u00e9vrier 2026 - Blog de MalagaCar.com","description":"Vous pr\u00e9voyez de vous rendre \u00e0 Malaga en F\u00e9vrier ? Dans notre blog, nous avons compil\u00e9 pour vous des choses int\u00e9ressantes \u00e0 faire.","robots":{"index":"index","follow":"follow","max-snippet":"max-snippet:-1","max-image-preview":"max-image-preview:large","max-video-preview":"max-video-preview:-1"},"canonical":"https:\/\/www.malagacar.com\/fr\/blog\/loisirs\/choses-a-faire-en-malaga-en-fevrier\/","og_locale":"fr_FR","og_type":"article","og_title":"Choses \u00e0 faire \u00e0 Malaga en F\u00e9vrier 2026 - Blog de MalagaCar.com","og_description":"Vous pr\u00e9voyez de vous rendre \u00e0 Malaga en F\u00e9vrier ? Dans notre blog, nous avons compil\u00e9 pour vous des choses int\u00e9ressantes \u00e0 faire.","og_url":"https:\/\/www.malagacar.com\/fr\/blog\/loisirs\/choses-a-faire-en-malaga-en-fevrier\/","og_site_name":"Blog de MalagaCar.com","article_publisher":"https:\/\/www.facebook.com\/malagacar","article_published_time":"2026-02-02T08:10:23+00:00","article_modified_time":"2026-03-09T07:28:10+00:00","og_image":[{"width":1000,"height":896,"url":"https:\/\/www.malagacar.com\/fr\/blog\/wp-content\/uploads\/2022\/01\/02-fr.jpg","type":"image\/jpeg"}],"author":"MalagaCar.com","twitter_card":"summary_large_image","twitter_creator":"@malagacarcom","twitter_site":"@malagacarcom","twitter_misc":{"\u00c9crit par":"MalagaCar.com","Dur\u00e9e de lecture estim\u00e9e":"32 minutes"},"schema":{"@context":"https:\/\/schema.org","@graph":[{"@type":"Article","@id":"https:\/\/www.malagacar.com\/fr\/blog\/loisirs\/choses-a-faire-en-malaga-en-fevrier\/#article","isPartOf":{"@id":"https:\/\/www.malagacar.com\/fr\/blog\/loisirs\/choses-a-faire-en-malaga-en-fevrier\/"},"author":{"name":"MalagaCar.com","@id":"https:\/\/www.malagacar.com\/fr\/blog\/#\/schema\/person\/ffb97005d02bcc7d0bb59f5409635691"},"headline":"Choses \u00e0 faire \u00e0 Malaga en F\u00e9vrier 2026","datePublished":"2026-02-02T08:10:23+00:00","dateModified":"2026-03-09T07:28:10+00:00","mainEntityOfPage":{"@id":"https:\/\/www.malagacar.com\/fr\/blog\/loisirs\/choses-a-faire-en-malaga-en-fevrier\/"},"wordCount":4726,"commentCount":0,"publisher":{"@id":"https:\/\/www.malagacar.com\/fr\/blog\/#organization"},"image":{"@id":"https:\/\/www.malagacar.com\/fr\/blog\/loisirs\/choses-a-faire-en-malaga-en-fevrier\/#primaryimage"},"thumbnailUrl":"https:\/\/www.malagacar.com\/fr\/blog\/wp-content\/uploads\/2022\/01\/02-fr.jpg","keywords":["choses \u00e0 faire","f\u00e9vrier","malaga","quoi faire"],"articleSection":["Loisirs"],"inLanguage":"fr-FR","potentialAction":[{"@type":"CommentAction","name":"Comment","target":["https:\/\/www.malagacar.com\/fr\/blog\/loisirs\/choses-a-faire-en-malaga-en-fevrier\/#respond"]}]},{"@type":"WebPage","@id":"https:\/\/www.malagacar.com\/fr\/blog\/loisirs\/choses-a-faire-en-malaga-en-fevrier\/","url":"https:\/\/www.malagacar.com\/fr\/blog\/loisirs\/choses-a-faire-en-malaga-en-fevrier\/","name":"Choses \u00e0 faire \u00e0 Malaga en F\u00e9vrier 2026 - Blog de MalagaCar.com","isPartOf":{"@id":"https:\/\/www.malagacar.com\/fr\/blog\/#website"},"primaryImageOfPage":{"@id":"https:\/\/www.malagacar.com\/fr\/blog\/loisirs\/choses-a-faire-en-malaga-en-fevrier\/#primaryimage"},"image":{"@id":"https:\/\/www.malagacar.com\/fr\/blog\/loisirs\/choses-a-faire-en-malaga-en-fevrier\/#primaryimage"},"thumbnailUrl":"https:\/\/www.malagacar.com\/fr\/blog\/wp-content\/uploads\/2022\/01\/02-fr.jpg","datePublished":"2026-02-02T08:10:23+00:00","dateModified":"2026-03-09T07:28:10+00:00","description":"Vous pr\u00e9voyez de vous rendre \u00e0 Malaga en F\u00e9vrier ? Dans notre blog, nous avons compil\u00e9 pour vous des choses int\u00e9ressantes \u00e0 faire.","breadcrumb":{"@id":"https:\/\/www.malagacar.com\/fr\/blog\/loisirs\/choses-a-faire-en-malaga-en-fevrier\/#breadcrumb"},"inLanguage":"fr-FR","potentialAction":[{"@type":"ReadAction","target":["https:\/\/www.malagacar.com\/fr\/blog\/loisirs\/choses-a-faire-en-malaga-en-fevrier\/"]}]},{"@type":"ImageObject","inLanguage":"fr-FR","@id":"https:\/\/www.malagacar.com\/fr\/blog\/loisirs\/choses-a-faire-en-malaga-en-fevrier\/#primaryimage","url":"https:\/\/www.malagacar.com\/fr\/blog\/wp-content\/uploads\/2022\/01\/02-fr.jpg","contentUrl":"https:\/\/www.malagacar.com\/fr\/blog\/wp-content\/uploads\/2022\/01\/02-fr.jpg","width":1000,"height":896},{"@type":"BreadcrumbList","@id":"https:\/\/www.malagacar.com\/fr\/blog\/loisirs\/choses-a-faire-en-malaga-en-fevrier\/#breadcrumb","itemListElement":[{"@type":"ListItem","position":1,"name":"Accueil","item":"https:\/\/www.malagacar.com\/fr\/blog\/"},{"@type":"ListItem","position":2,"name":"Choses \u00e0 faire \u00e0 Malaga en F\u00e9vrier 2026"}]},{"@type":"WebSite","@id":"https:\/\/www.malagacar.com\/fr\/blog\/#website","url":"https:\/\/www.malagacar.com\/fr\/blog\/","name":"Blog de MalagaCar.com","description":"Nouvelles et informations int\u00e9ressantes sur la location de voitures \u00e0 l&#039;a\u00e9roport de Malaga.","publisher":{"@id":"https:\/\/www.malagacar.com\/fr\/blog\/#organization"},"potentialAction":[{"@type":"SearchAction","target":{"@type":"EntryPoint","urlTemplate":"https:\/\/www.malagacar.com\/fr\/blog\/?s={search_term_string}"},"query-input":{"@type":"PropertyValueSpecification","valueRequired":true,"valueName":"search_term_string"}}],"inLanguage":"fr-FR"},{"@type":"Organization","@id":"https:\/\/www.malagacar.com\/fr\/blog\/#organization","name":"MalagaCar.com","url":"https:\/\/www.malagacar.com\/fr\/blog\/","logo":{"@type":"ImageObject","inLanguage":"fr-FR","@id":"https:\/\/www.malagacar.com\/fr\/blog\/#\/schema\/logo\/image\/","url":"https:\/\/www.malagacar.com\/fr\/blog\/wp-content\/uploads\/2021\/06\/logo-malagacar-social.png","contentUrl":"https:\/\/www.malagacar.com\/fr\/blog\/wp-content\/uploads\/2021\/06\/logo-malagacar-social.png","width":900,"height":900,"caption":"MalagaCar.com"},"image":{"@id":"https:\/\/www.malagacar.com\/fr\/blog\/#\/schema\/logo\/image\/"},"sameAs":["https:\/\/www.facebook.com\/malagacar","https:\/\/x.com\/malagacarcom","https:\/\/www.instagram.com\/malagacar\/","https:\/\/www.linkedin.com\/company\/malagacar.com","https:\/\/www.youtube.com\/c\/MalagacarAirport"]},{"@type":"Person","@id":"https:\/\/www.malagacar.com\/fr\/blog\/#\/schema\/person\/ffb97005d02bcc7d0bb59f5409635691","name":"MalagaCar.com","image":{"@type":"ImageObject","inLanguage":"fr-FR","@id":"https:\/\/secure.gravatar.com\/avatar\/296ebc31026e7be05868369e4c596b3239b1582b2fcf8a45de57333e2e82bb82?s=96&d=mm&r=g","url":"https:\/\/secure.gravatar.com\/avatar\/296ebc31026e7be05868369e4c596b3239b1582b2fcf8a45de57333e2e82bb82?s=96&d=mm&r=g","contentUrl":"https:\/\/secure.gravatar.com\/avatar\/296ebc31026e7be05868369e4c596b3239b1582b2fcf8a45de57333e2e82bb82?s=96&d=mm&r=g","caption":"MalagaCar.com"},"sameAs":["https:\/\/www.malagacar.com\/fr\/blog"]}]}},"_links":{"self":[{"href":"https:\/\/www.malagacar.com\/fr\/blog\/wp-json\/wp\/v2\/posts\/201","targetHints":{"allow":["GET"]}}],"collection":[{"href":"https:\/\/www.malagacar.com\/fr\/blog\/wp-json\/wp\/v2\/posts"}],"about":[{"href":"https:\/\/www.malagacar.com\/fr\/blog\/wp-json\/wp\/v2\/types\/post"}],"author":[{"embeddable":true,"href":"https:\/\/www.malagacar.com\/fr\/blog\/wp-json\/wp\/v2\/users\/1"}],"replies":[{"embeddable":true,"href":"https:\/\/www.malagacar.com\/fr\/blog\/wp-json\/wp\/v2\/comments?post=201"}],"version-history":[{"count":50,"href":"https:\/\/www.malagacar.com\/fr\/blog\/wp-json\/wp\/v2\/posts\/201\/revisions"}],"predecessor-version":[{"id":3186,"href":"https:\/\/www.malagacar.com\/fr\/blog\/wp-json\/wp\/v2\/posts\/201\/revisions\/3186"}],"wp:featuredmedia":[{"embeddable":true,"href":"https:\/\/www.malagacar.com\/fr\/blog\/wp-json\/wp\/v2\/media\/461"}],"wp:attachment":[{"href":"https:\/\/www.malagacar.com\/fr\/blog\/wp-json\/wp\/v2\/media?parent=201"}],"wp:term":[{"taxonomy":"category","embeddable":true,"href":"https:\/\/www.malagacar.com\/fr\/blog\/wp-json\/wp\/v2\/categories?post=201"},{"taxonomy":"post_tag","embeddable":true,"href":"https:\/\/www.malagacar.com\/fr\/blog\/wp-json\/wp\/v2\/tags?post=201"}],"curies":[{"name":"wp","href":"https:\/\/api.w.org\/{rel}","templated":true}]}}