{"id":231,"date":"2026-02-19T06:53:31","date_gmt":"2026-02-19T05:53:31","guid":{"rendered":"https:\/\/www.malagacar.com\/fr\/blog\/?p=231"},"modified":"2026-02-19T06:53:36","modified_gmt":"2026-02-19T05:53:36","slug":"paques-malaga","status":"publish","type":"post","link":"https:\/\/www.malagacar.com\/fr\/blog\/loisirs\/paques-malaga\/","title":{"rendered":"P\u00e2ques \u00e0 Malaga 2026"},"content":{"rendered":"<p>Cette ann\u00e9e, P\u00e2ques \u00e0 Malaga aura lieu du dimanche 29 mars au dimanche 5 avril.<\/p>\n<p>Ces dates, qui varient chaque ann\u00e9e, marquent non seulement le <strong><em>d\u00e9but de la saison touristique sur la Costa del Sol.<\/em><\/strong> Mais c&rsquo;est aussi probablement la date la plus importante du calendrier religieux. En r\u00e9alit\u00e9, <em><strong>la Semaine sainte \u00e0 Malaga est l&rsquo;une des plus importantes de toute l&rsquo;Espagn<\/strong><\/em>e. \u00a0Cette c\u00e9l\u00e9bration attire chaque ann\u00e9e des milliers de fid\u00e8les et de touristes dans un spectacle profond\u00e9ment \u00e9mouvant.<\/p>\n<p>Que vous souhaitiez venir \u00e0 Malaga \u00e0 P\u00e2ques pour profiter du beau temps et peut-\u00eatre faire votre premier plongeon. Ou bien vous \u00eates attir\u00e9 par les magnifiques processions dans le centre de Malaga, vous trouverez ici tout ce qu&rsquo;il faut savoir.<\/p>\n<p><!--more--><\/p>\n\n            <div class=\"banner\">\n                <div class=\"row\">\n                    <div class=\"col-sm-4\">\n                        <a href=\"\/fr\/location-de-voitures\/quote.php\" data-wpel-link=\"internal\"><img decoding=\"async\" src=\"\/images\/banner-img.jpg\" alt=\"malagacar.com\"><\/a>\n                    <\/div>\n                    <div class=\"col-sm-8\">\n                      <a href=\"\/fr\/location-de-voitures\/quote.php\" class=\"banner-title\" data-wpel-link=\"internal\">Meilleure location de voitures <div>\u00e0 l'a\u00e9roport de Malaga<\/div><\/a>   \n                        <div class=\"row\">\n                            <div class=\"col-sm-7\">\n                                <ul>\n                                    <li>Pas de frais de ravitaillement<\/li>\n                                    <li>Annulation gratuite<\/li>\n                                    <li>Location sans interm\u00e9diaire<\/li>\n                                    <li>Payez lorsque vous prenez la voiture<\/li>\n                                    <li><\/li>\n                                <\/ul>\n                            <\/div>\n                            <div class=\"col-sm-5\">\n                                <a class=\"btn-banner\" href=\"\/fr\/location-de-voitures\/quote.php\" data-wpel-link=\"internal\">Consultez les prix<\/a>\n                                <img decoding=\"async\" class=\"zonturent\" src=\"\/images\/zontu-banner.png\" alt=\"\">\n                            <\/div>\n                        <\/div>\n                    <\/div>\n                 <\/div>  \n            <\/div>\n            \n<div id=\"ez-toc-container\" class=\"ez-toc-v2_0_87 counter-hierarchy ez-toc-counter ez-toc-light-blue ez-toc-container-direction\">\n<p class=\"ez-toc-title\" style=\"cursor:inherit\">Table des mati\u00e8res<\/p>\n<label for=\"ez-toc-cssicon-toggle-item-6a9a321d24cb1\" class=\"ez-toc-cssicon-toggle-label\"><span class=\"\"><span class=\"eztoc-hide\" style=\"display:none;\">Toggle<\/span><span class=\"ez-toc-icon-toggle-span\"><svg style=\"fill: #999;color:#999\" xmlns=\"http:\/\/www.w3.org\/2000\/svg\" class=\"list-377408\" width=\"20px\" height=\"20px\" viewBox=\"0 0 24 24\" fill=\"none\"><path d=\"M6 6H4v2h2V6zm14 0H8v2h12V6zM4 11h2v2H4v-2zm16 0H8v2h12v-2zM4 16h2v2H4v-2zm16 0H8v2h12v-2z\" fill=\"currentColor\"><\/path><\/svg><svg style=\"fill: #999;color:#999\" class=\"arrow-unsorted-368013\" xmlns=\"http:\/\/www.w3.org\/2000\/svg\" width=\"10px\" height=\"10px\" viewBox=\"0 0 24 24\" version=\"1.2\" baseProfile=\"tiny\"><path d=\"M18.2 9.3l-6.2-6.3-6.2 6.3c-.2.2-.3.4-.3.7s.1.5.3.7c.2.2.4.3.7.3h11c.3 0 .5-.1.7-.3.2-.2.3-.5.3-.7s-.1-.5-.3-.7zM5.8 14.7l6.2 6.3 6.2-6.3c.2-.2.3-.5.3-.7s-.1-.5-.3-.7c-.2-.2-.4-.3-.7-.3h-11c-.3 0-.5.1-.7.3-.2.2-.3.5-.3.7s.1.5.3.7z\"\/><\/svg><\/span><\/span><\/label><input type=\"checkbox\"  id=\"ez-toc-cssicon-toggle-item-6a9a321d24cb1\"  aria-label=\"Toggle\" \/><nav><ul class='ez-toc-list ez-toc-list-level-1 ' ><li class='ez-toc-page-1 ez-toc-heading-level-2'><a class=\"ez-toc-link ez-toc-heading-1\" href=\"https:\/\/www.malagacar.com\/fr\/blog\/loisirs\/paques-malaga\/#Le_temps_a_Malaga_a_Paques\" data-wpel-link=\"internal\">Le temps \u00e0 Malaga \u00e0 P\u00e2ques<\/a><\/li><li class='ez-toc-page-1 ez-toc-heading-level-2'><a class=\"ez-toc-link ez-toc-heading-2\" href=\"https:\/\/www.malagacar.com\/fr\/blog\/loisirs\/paques-malaga\/#Paques_a_Malaga_2026\" data-wpel-link=\"internal\">P\u00e2ques \u00e0 Malaga 2026<\/a><ul class='ez-toc-list-level-3' ><li class='ez-toc-heading-level-3'><a class=\"ez-toc-link ez-toc-heading-3\" href=\"https:\/\/www.malagacar.com\/fr\/blog\/loisirs\/paques-malaga\/#Les_processions_les_plus_remarquables\" data-wpel-link=\"internal\">Les processions les plus remarquables<\/a><\/li><li class='ez-toc-page-1 ez-toc-heading-level-3'><a class=\"ez-toc-link ez-toc-heading-4\" href=\"https:\/\/www.malagacar.com\/fr\/blog\/loisirs\/paques-malaga\/#Itineraire_officiel_des_processions_de_la_Semaine_Sainte_a_Malaga_2026\" data-wpel-link=\"internal\">Itin\u00e9raire officiel des processions de la Semaine Sainte \u00e0 Malaga 2026<\/a><\/li><li class='ez-toc-page-1 ez-toc-heading-level-3'><a class=\"ez-toc-link ez-toc-heading-5\" href=\"https:\/\/www.malagacar.com\/fr\/blog\/loisirs\/paques-malaga\/#App_pour_la_semaine_de_Paques_a_Malaga_2026\" data-wpel-link=\"internal\">App pour la semaine de P\u00e2ques \u00e0 Malaga 2026<\/a><\/li><\/ul><\/li><li class='ez-toc-page-1 ez-toc-heading-level-2'><a class=\"ez-toc-link ez-toc-heading-6\" href=\"https:\/\/www.malagacar.com\/fr\/blog\/loisirs\/paques-malaga\/#Conseils_pour_assister_aux_processions_a_Malaga\" data-wpel-link=\"internal\">Conseils pour assister aux processions \u00e0 Malaga<\/a><\/li><li class='ez-toc-page-1 ez-toc-heading-level-2'><a class=\"ez-toc-link ez-toc-heading-7\" href=\"https:\/\/www.malagacar.com\/fr\/blog\/loisirs\/paques-malaga\/#Que_manger_pendant_la_Semaine_sainte_a_Malaga\" data-wpel-link=\"internal\">Que manger pendant la Semaine sainte \u00e0 Malaga ?<\/a><\/li><li class='ez-toc-page-1 ez-toc-heading-level-2'><a class=\"ez-toc-link ez-toc-heading-8\" href=\"https:\/\/www.malagacar.com\/fr\/blog\/loisirs\/paques-malaga\/#Saviez-vous_que%E2%80%A6\" data-wpel-link=\"internal\">Saviez-vous que&#8230; ?<\/a><ul class='ez-toc-list-level-3' ><li class='ez-toc-heading-level-3'><a class=\"ez-toc-link ez-toc-heading-9\" href=\"https:\/\/www.malagacar.com\/fr\/blog\/loisirs\/paques-malaga\/#Tribuna_de_los_pobres_La_Tribune_des_pauvres\" data-wpel-link=\"internal\">Tribuna de los pobres (La Tribune des pauvres)<\/a><\/li><li class='ez-toc-page-1 ez-toc-heading-level-3'><a class=\"ez-toc-link ez-toc-heading-10\" href=\"https:\/\/www.malagacar.com\/fr\/blog\/loisirs\/paques-malaga\/#Les_chaises_convoitees\" data-wpel-link=\"internal\">Les chaises convoit\u00e9es<\/a><\/li><li class='ez-toc-page-1 ez-toc-heading-level-3'><a class=\"ez-toc-link ez-toc-heading-11\" href=\"https:\/\/www.malagacar.com\/fr\/blog\/loisirs\/paques-malaga\/#Les_Trones\" data-wpel-link=\"internal\">Les Tr\u00f4nes<\/a><\/li><li class='ez-toc-page-1 ez-toc-heading-level-3'><a class=\"ez-toc-link ez-toc-heading-12\" href=\"https:\/\/www.malagacar.com\/fr\/blog\/loisirs\/paques-malaga\/#Longues_heures\" data-wpel-link=\"internal\">Longues heures<\/a><\/li><li class='ez-toc-page-1 ez-toc-heading-level-3'><a class=\"ez-toc-link ez-toc-heading-13\" href=\"https:\/\/www.malagacar.com\/fr\/blog\/loisirs\/paques-malaga\/#Pourquoi_y_a-t-il_des_personnages_dans_le_cortege_qui_ressemblent_au_Ku_Klux_Klan\" data-wpel-link=\"internal\">Pourquoi y a-t-il des personnages dans le cort\u00e8ge qui ressemblent au Ku Klux Klan ?<\/a><\/li><li class='ez-toc-page-1 ez-toc-heading-level-3'><a class=\"ez-toc-link ez-toc-heading-14\" href=\"https:\/\/www.malagacar.com\/fr\/blog\/loisirs\/paques-malaga\/#Paques_tombe_toujours_a_la_pleine_lune\" data-wpel-link=\"internal\">P\u00e2ques tombe toujours \u00e0 la pleine lune<\/a><\/li><li class='ez-toc-page-1 ez-toc-heading-level-3'><a class=\"ez-toc-link ez-toc-heading-15\" href=\"https:\/\/www.malagacar.com\/fr\/blog\/loisirs\/paques-malaga\/#Antonio_Banderas\" data-wpel-link=\"internal\">Antonio Banderas<\/a><\/li><li class='ez-toc-page-1 ez-toc-heading-level-3'><a class=\"ez-toc-link ez-toc-heading-16\" href=\"https:\/\/www.malagacar.com\/fr\/blog\/loisirs\/paques-malaga\/#Que_sont_les_Saetas_de_la_Semaine_Sainte\" data-wpel-link=\"internal\">Que sont les Saetas de la Semaine Sainte ?<\/a><\/li><li class='ez-toc-page-1 ez-toc-heading-level-3'><a class=\"ez-toc-link ez-toc-heading-17\" href=\"https:\/\/www.malagacar.com\/fr\/blog\/loisirs\/paques-malaga\/#Video_promotionnelle_Semaine_sainte_Malaga_2026\" data-wpel-link=\"internal\">Vid\u00e9o promotionnelle Semaine sainte Malaga 2026<\/a><\/li><li class='ez-toc-page-1 ez-toc-heading-level-3'><a class=\"ez-toc-link ez-toc-heading-18\" href=\"https:\/\/www.malagacar.com\/fr\/blog\/loisirs\/paques-malaga\/#Insolite\" data-wpel-link=\"internal\">Insolite<\/a><\/li><\/ul><\/li><li class='ez-toc-page-1 ez-toc-heading-level-2'><a class=\"ez-toc-link ez-toc-heading-19\" href=\"https:\/\/www.malagacar.com\/fr\/blog\/loisirs\/paques-malaga\/#Activites_de_Paques_a_Malaga\" data-wpel-link=\"internal\">Activit\u00e9s de P\u00e2ques \u00e0 Malaga<\/a><ul class='ez-toc-list-level-3' ><li class='ez-toc-heading-level-3'><a class=\"ez-toc-link ez-toc-heading-20\" href=\"https:\/\/www.malagacar.com\/fr\/blog\/loisirs\/paques-malaga\/#Decouvrir_linterieur_de_la_province_de_Malaga\" data-wpel-link=\"internal\">D\u00e9couvrir l&rsquo;int\u00e9rieur de la province de Malaga<\/a><\/li><\/ul><\/li><\/ul><\/nav><\/div>\n<h2><span class=\"ez-toc-section\" id=\"Le_temps_a_Malaga_a_Paques\"><\/span>Le temps \u00e0 Malaga \u00e0 P\u00e2ques<span class=\"ez-toc-section-end\"><\/span><\/h2>\n<figure id=\"attachment_234\" aria-describedby=\"caption-attachment-234\" style=\"width: 768px\" class=\"wp-caption alignnone\"><img loading=\"lazy\" decoding=\"async\" class=\"size-full wp-image-234\" src=\"https:\/\/www.malagacar.com\/fr\/blog\/wp-content\/uploads\/2022\/03\/beach-Foto-El-Periodico-768x432-1.jpg\" alt=\"\" width=\"768\" height=\"432\" srcset=\"https:\/\/www.malagacar.com\/fr\/blog\/wp-content\/uploads\/2022\/03\/beach-Foto-El-Periodico-768x432-1.jpg 768w, https:\/\/www.malagacar.com\/fr\/blog\/wp-content\/uploads\/2022\/03\/beach-Foto-El-Periodico-768x432-1-300x169.jpg 300w\" sizes=\"auto, (max-width: 768px) 100vw, 768px\" \/><figcaption id=\"caption-attachment-234\" class=\"wp-caption-text\">Photo El Periodico<\/figcaption><\/figure>\n<p>Comme indiqu\u00e9 ci-dessus, les dates de P\u00e2ques varient d&rsquo;une ann\u00e9e \u00e0 l&rsquo;autre et peuvent donc avoir lieu en mars ou en Avril.<\/p>\n<p>Cette ann\u00e9e, la f\u00eate nationale am\u00e9ricaine est c\u00e9l\u00e9br\u00e9e trois semaines plus t\u00f4t que l&rsquo;an dernier. Comme vous pouvez le voir sur la photo, beaucoup profitent d\u00e9j\u00e0 de ces jours pour bronzer, m\u00eame si l&rsquo;eau est encore froide.<\/p>\n<p>Il est \u00e9galement conseill\u00e9 d&#8217;emporter un mackintosh, car historiquement il pleut toujours un jour ou l&rsquo;autre. Et n&rsquo;oubliez pas les chemises \u00e0 manches courtes et les lunettes de soleil, car le soleil brille d\u00e9j\u00e0 beaucoup.<\/p>\n<p>S&rsquo;il fait beau, vous verrez de nombreux habitants profiter de la plage pour travailler leur bronzage. Bien que vous ne verrez pas autant de personnes se baigner, car la mer est g\u00e9n\u00e9ralement assez froide avec une temp\u00e9rature moyenne de 15\/16\u00baC.<\/p>\n<p>Pourtant, une petite baignade dans la mer vous donne l&rsquo;impression d&rsquo;\u00eatre un nouveau-n\u00e9 et renforce \u00e9galement votre syst\u00e8me immunitaire!<\/p>\n<h4>Et s&rsquo;il pleut?<\/h4>\n<p>Normalement, s&rsquo;il y a un peu d&rsquo;instabilit\u00e9, elle sera de courte dur\u00e9e et plut\u00f4t que de la pluie, il y aura des averses, puis le soleil r\u00e9appara\u00eetra. En fait, cela se produit si souvent que nous avons aussi de magnifiques arcs-en-ciel \u00e0 Malaga \u00e0 cette \u00e9poque de l&rsquo;ann\u00e9e.<\/p>\n<p>Si vous \u00eates vraiment pris d&rsquo;un mauvais jour pendant votre s\u00e9jour \u00e0 Malaga, rappelez-vous que vous \u00eates en vacances. Alors quelle meilleure fa\u00e7on de profiter de la journ\u00e9e que de faire trempette dans les eaux chaudes de l&rsquo;un des <a href=\"https:\/\/www.malagacar.com\/fr\/blog\/loisirs\/meilleurs-spas-costa-del-sol\/\" data-wpel-link=\"internal\"><strong>meilleurs spas de Malaga<\/strong><\/a>!<\/p>\n<h2><span class=\"ez-toc-section\" id=\"Paques_a_Malaga_2026\"><\/span>P\u00e2ques \u00e0 Malaga 2026<span class=\"ez-toc-section-end\"><\/span><\/h2>\n<p>Malaga compte pas moins de 42 fraternit\u00e9s et associations \u00e9tudiantes, ce qui explique pourquoi ses rues sont anim\u00e9es de processions quotidiennes jusque tard dans la nuit.<\/p>\n<p>Traditionnellement, la Semaine sainte \u00e0 Malaga d\u00e9bute avec la premi\u00e8re procession, \u00ab La Pollinica \u00bb, le dimanche 29 mars \u00e0 9h50 et se termine avec \u00ab El Resucitado \u00bb le dimanche 5 avril \u00e0 10h00.<\/p>\n<figure id=\"attachment_239\" aria-describedby=\"caption-attachment-239\" style=\"width: 768px\" class=\"wp-caption alignnone\"><img loading=\"lazy\" decoding=\"async\" class=\"size-full wp-image-239\" src=\"https:\/\/www.malagacar.com\/fr\/blog\/wp-content\/uploads\/2022\/03\/Pollinica-768x576-1.jpg\" alt=\"\" width=\"768\" height=\"576\" srcset=\"https:\/\/www.malagacar.com\/fr\/blog\/wp-content\/uploads\/2022\/03\/Pollinica-768x576-1.jpg 768w, https:\/\/www.malagacar.com\/fr\/blog\/wp-content\/uploads\/2022\/03\/Pollinica-768x576-1-300x225.jpg 300w\" sizes=\"auto, (max-width: 768px) 100vw, 768px\" \/><figcaption id=\"caption-attachment-239\" class=\"wp-caption-text\">Pollinica<\/figcaption><\/figure>\n<p>De nombreuses processions ont lieu chaque jour dans le centre de Malaga, sauf le Samedi, o\u00f9 il n&rsquo;y a pas de processions.<\/p>\n<p>Au total, pendant cette semaine, il y a 45 processions : Le dimanche des Rameaux en compte 9, le lundi de P\u00e2ques 6, le mardi saint 6, le mercredi saint 7, le jeudi saint 8 et le vendredi saint 8. La semaine sainte se termine par une seule procession le dimanche de P\u00e2ques, qui commence \u00e0 10 heures et se termine \u00e0 15 heures 15.<\/p>\n<p>Cette vid\u00e9o, tourn\u00e9e \u00e0 Ronda, vous donne une tr\u00e8s bonne impression de l&rsquo;\u00e9norme intensit\u00e9 \u00e9motionnelle avec laquelle les d\u00e9vots vivent cet \u00e9v\u00e9nement.<\/p>\n<p><iframe loading=\"lazy\" title=\"YouTube video player\" src=\"https:\/\/www.youtube.com\/embed\/N-EzhFOI5XU\" width=\"1280\" height=\"545\" frameborder=\"0\" allowfullscreen=\"allowfullscreen\"><\/iframe><\/p>\n<h3><span class=\"ez-toc-section\" id=\"Les_processions_les_plus_remarquables\"><\/span>Les processions les plus remarquables<span class=\"ez-toc-section-end\"><\/span><\/h3>\n<ul>\n<li><strong>La Pollinica <\/strong>: Cette procession marque traditionnellement le d\u00e9but de la Semaine sainte, le <strong>dimanche des Rameaux<\/strong>. Elle est connue sous le nom de \u00ab\u00a0Fraternit\u00e9 des enfants\u00a0\u00bb car de nombreux enfants y participent, v\u00eatus de costumes h\u00e9bra\u00efques et portant des rameaux de palmier. La procession se caract\u00e9rise par son ambiance familiale, joyeuse et ensoleill\u00e9e.<\/li>\n<\/ul>\n<ul>\n<li><strong>Cristo de los Gitanos <\/strong>: Cette procession, qui a lieu le <strong>lundi saint<\/strong>, est l&rsquo;une des plus populaires et des plus appr\u00e9ci\u00e9es des habitants de Malaga et se caract\u00e9rise par son ambiance andalouse, ses chants, ses applaudissements et ses airs de guitare.<\/li>\n<\/ul>\n<ul>\n<li><strong>El Cautivo <\/strong>: Elle a lieu le <strong>lundi saint<\/strong>. C&rsquo;est l&rsquo;un des moments forts de la Semaine sainte \u00e0 Malaga, et plus de 30\u00a0000 fid\u00e8les accompagnent l&rsquo;image religieuse lors de son p\u00e8lerinage.<\/li>\n<\/ul>\n<ul>\n<li><strong>La Sentencia <\/strong>: Elle a traditionnellement lieu le <strong>Mardi saint<\/strong>. Elle est r\u00e9put\u00e9e pour sa solennit\u00e9, la grande pi\u00e9t\u00e9 populaire qu&rsquo;elle suscite et la taille monumentale de ses tr\u00f4nes. Pour vous donner une id\u00e9e de leur poids \u00e9norme\u00a0: il faut environ 250 porteurs pour les soulever.<\/li>\n<\/ul>\n<ul>\n<li><strong>El Rico <\/strong>: Elle a lieu le <strong>mercredi de la Semaine sainte<\/strong> et est l&rsquo;une des processions les plus symboliques de la Semaine sainte \u00e0 Malaga, connue pour la lib\u00e9ration traditionnelle d&rsquo;un prisonnier sur la Plaza del Obispo.<\/li>\n<\/ul>\n<ul>\n<li><strong>Los Legionarios <\/strong>: Le matin du <strong>Jeudi saint<\/strong>, la participation militaire de la L\u00e9gion, qui d\u00e9barque \u00e0 10 heures dans le port de Malaga, est \u00e0 noter.<\/li>\n<\/ul>\n<ul>\n<li><strong>Servitas<\/strong>: La derni\u00e8re procession du <strong>Vendredi saint<\/strong>. Elle commence \u00e0 22h15. L&rsquo;image est remarquable\u00a0: elle repr\u00e9sente une Vierge Marie seule, v\u00eatue du deuil. Elle est port\u00e9e en silence \u00e0 travers les rues, accompagn\u00e9e d&rsquo;un unique tambour, et les r\u00e9verb\u00e8res s&rsquo;\u00e9teignent \u00e0 son passage\u00a0; la figure n&rsquo;est \u00e9clair\u00e9e que par des bougies.<\/li>\n<\/ul>\n<h3><span class=\"ez-toc-section\" id=\"Itineraire_officiel_des_processions_de_la_Semaine_Sainte_a_Malaga_2026\"><\/span>Itin\u00e9raire officiel des processions de la Semaine Sainte \u00e0 Malaga 2026<span class=\"ez-toc-section-end\"><\/span><\/h3>\n<p>Chaque confr\u00e9rie part de sa propre \u00e9glise. Cependant, elles ont toutes un itin\u00e9raire commun qui passe par le centre historique de la ville, en passant par les points suivants:<\/p>\n<p>Plaza de la Constituci\u00f3n, Calle Larios, Calle Mart\u00ednez, Calle Mart\u00ednez, Atarazanas, Alameda Principal, Plaza de la Marina et Calle Molina Lario.<\/p>\n<p><img loading=\"lazy\" decoding=\"async\" class=\"alignnone size-full wp-image-17038\" src=\"https:\/\/www.malagacar.com\/sp\/blog\/wp-content\/uploads\/2024\/02\/recorrido-oficial-ss.jpg\" alt=\"Recorrido oficial de la Semana Santa de M\u00e1laga 2025\" width=\"1000\" height=\"690\" \/><\/p>\n<ul>\n<li>Sur ce lien, vous trouverez tous les <a href=\"https:\/\/agrupaciondecofradias.com\/wp-content\/uploads\/2026\/02\/Horarios_ACC_SS_2026.pdf\" data-wpel-link=\"external\" rel=\"external noopener noreferrer\"><strong>horaires et itin\u00e9raires de la semaine de P\u00e2ques \u00e0 Malaga 2026<\/strong><\/a>.<\/li>\n<\/ul>\n<h3><span class=\"ez-toc-section\" id=\"App_pour_la_semaine_de_Paques_a_Malaga_2026\"><\/span>App pour la semaine de P\u00e2ques \u00e0 Malaga 2026<span class=\"ez-toc-section-end\"><\/span><\/h3>\n<p>De nombreux endroits de la ville fournissent traditionnellement des d\u00e9pliants imprim\u00e9s avec les itin\u00e9raires. Pour ceux qui sont plus familiers avec les nouvelles technologies, il existe plusieurs applications pour les itin\u00e9raires tels que :<\/p>\n<p><strong>Ser Cofrade App<\/strong>. \u00c9galement disponible en anglais. Elle permet de suivre en temps r\u00e9el la Semaine Sainte \u00e0 Malaga. Elle permet de g\u00e9olocaliser toutes les confr\u00e9ries. Vous pouvez suivre leur itin\u00e9raire \u00e0 tout moment et calculer la distance qui vous s\u00e9pare de chaque procession. Disponible pour <a href=\"https:\/\/apps.apple.com\/es\/app\/ser-cofrade-s-santa-de-m%C3%A1laga\/id613214978\" data-wpel-link=\"external\" rel=\"external noopener noreferrer\"><strong>iOS<\/strong><\/a> (iPhone, iPad, iPod touch) et <a href=\"https:\/\/play.google.com\/store\/apps\/details?id=com.ssanta2013malaga.android&amp;hl=es_419\" data-wpel-link=\"external\" rel=\"external noopener noreferrer\"><strong>Android<\/strong><\/a>.<\/p>\n<h2><span class=\"ez-toc-section\" id=\"Conseils_pour_assister_aux_processions_a_Malaga\"><\/span>Conseils pour assister aux processions \u00e0 Malaga<span class=\"ez-toc-section-end\"><\/span><\/h2>\n<p><img loading=\"lazy\" decoding=\"async\" class=\"alignnone size-full wp-image-19067\" src=\"https:\/\/www.malagacar.com\/sp\/blog\/wp-content\/uploads\/2025\/03\/cartel.jpg\" alt=\"cartel semana santa m\u00e1laga 2026\" width=\"455\" height=\"817\" \/><\/p>\n<p>Tout d&rsquo;abord, ne pensez m\u00eame pas \u00e0 vous rendre dans le centre-ville \u00e0 ces dates.<\/p>\n<p>Bien que les parkings centraux soient ouverts, votre voiture peut rester bloqu\u00e9e pendant de nombreuses heures. Les rues sont bloqu\u00e9es pendant les processions (g\u00e9n\u00e9ralement \u00e0 partir de 16 heures et jusque tard dans la nuit).<\/p>\n<p>Si vous prenez le train de banlieue (qui a un <strong><a href=\"https:\/\/www.renfe.com\/es\/en\/suburban\/suburban-malaga\/timetables\" target=\"_blank\" rel=\"noopener external noreferrer\" data-wpel-link=\"external\">horaire sp\u00e9cial<\/a><\/strong> pendant la nuit), pr\u00e9parez-vous \u00e0 des trains bond\u00e9s.<\/p>\n<p>Ce qui nous am\u00e8ne au point suivant: si vous \u00eates agoraphobe et que la foule n&rsquo;est pas votre truc, n&rsquo;allez pas \u00e0 Malaga, c&rsquo;est de la folie.<\/p>\n<p>Pr\u00e9parez-vous \u00e0 marcher (bien qu&rsquo;\u00e0 un rythme d&rsquo;escargot). Des chaussures de marche confortables sont donc indispensables.<\/p>\n<p>Il n&rsquo;est pas inutile de prendre une bouteille d&rsquo;eau avec vous. Car les bars et les caf\u00e9s sont \u00e9galement bond\u00e9s de monde. Et vous devrez peut-\u00eatre faire la queue pour un verre (ou les toilettes).<\/p>\n<h2><span class=\"ez-toc-section\" id=\"Que_manger_pendant_la_Semaine_sainte_a_Malaga\"><\/span>Que manger pendant la Semaine sainte \u00e0 Malaga ?<span class=\"ez-toc-section-end\"><\/span><\/h2>\n<p><a href=\"https:\/\/www.malagacar.com\/sp\/blog\/ocio\/platos-tipicos-malaga-semana-santa\/\" data-wpel-link=\"internal\"><img loading=\"lazy\" decoding=\"async\" class=\"alignnone size-full wp-image-18983\" src=\"https:\/\/www.malagacar.com\/sp\/blog\/wp-content\/uploads\/2026\/02\/gastro-cuaresma.jpg\" alt=\"platos t\u00edpicos M\u00e1laga Cuaresma Semana Santa\" width=\"1000\" height=\"730\" \/><\/a><\/p>\n<p>Compl\u00e9tez votre exp\u00e9rience de P\u00e2ques \u00e0 M\u00e1laga en go\u00fbtant aux plats traditionnels de la province pendant cette p\u00e9riode.<\/p>\n<ul>\n<li>Dans notre article \u00ab <a href=\"https:\/\/www.malagacar.com\/fr\/blog\/loisirs\/plats-typiques-malaga-careme-paques\/\" data-wpel-link=\"internal\"><strong>Plats typiques du Car\u00eame et de P\u00e2ques \u00e0 Malaga<\/strong><\/a> \u00bb, nous pr\u00e9sentons les plats et desserts typiques et indiquons o\u00f9 les trouver.<\/li>\n<\/ul>\n<h2><span class=\"ez-toc-section\" id=\"Saviez-vous_que%E2%80%A6\"><\/span>Saviez-vous que&#8230; ?<span class=\"ez-toc-section-end\"><\/span><\/h2>\n<h3><span class=\"ez-toc-section\" id=\"Tribuna_de_los_pobres_La_Tribune_des_pauvres\"><\/span>Tribuna de los pobres (La Tribune des pauvres)<span class=\"ez-toc-section-end\"><\/span><\/h3>\n<p>Au d\u00e9but de la Calle Carreter\u00eda, il y a des marches qui sont connues sous le nom de Tribuna de los pobres.<\/p>\n<p>Historiquement, les personnes qui n&rsquo;avaient pas les moyens d&rsquo;acheter un si\u00e8ge dans les tribunes officielles (tr\u00e8s convoit\u00e9es) s&rsquo;asseyaient sur les marches \u00e0 cet endroit.<\/p>\n<figure id=\"attachment_241\" aria-describedby=\"caption-attachment-241\" style=\"width: 768px\" class=\"wp-caption alignnone\"><img loading=\"lazy\" decoding=\"async\" class=\"size-full wp-image-241\" src=\"https:\/\/www.malagacar.com\/fr\/blog\/wp-content\/uploads\/2022\/03\/Virgen-del-Rocio-vista-desde-la-Tribuna-de-los-Pobres.-Foto-de-MarinGarcia-768x576-1.jpg\" alt=\"\" width=\"768\" height=\"576\" srcset=\"https:\/\/www.malagacar.com\/fr\/blog\/wp-content\/uploads\/2022\/03\/Virgen-del-Rocio-vista-desde-la-Tribuna-de-los-Pobres.-Foto-de-MarinGarcia-768x576-1.jpg 768w, https:\/\/www.malagacar.com\/fr\/blog\/wp-content\/uploads\/2022\/03\/Virgen-del-Rocio-vista-desde-la-Tribuna-de-los-Pobres.-Foto-de-MarinGarcia-768x576-1-300x225.jpg 300w\" sizes=\"auto, (max-width: 768px) 100vw, 768px\" \/><figcaption id=\"caption-attachment-241\" class=\"wp-caption-text\">La Virgen del Roc\u00edo, vue depuis la Tribune des pauvres. Photo MarinGarcia<\/figcaption><\/figure>\n<p>Aujourd&rsquo;hui, c&rsquo;est l&rsquo;un des endroits les plus populaires pour voir les tr\u00f4nes, un lieu authentique pour ressentir la ferveur populaire. Il faut cependant s&rsquo;y prendre \u00e0 temps pour avoir une place (debout, bien s\u00fbr).<\/p>\n<h3><span class=\"ez-toc-section\" id=\"Les_chaises_convoitees\"><\/span>Les chaises convoit\u00e9es<span class=\"ez-toc-section-end\"><\/span><\/h3>\n<p>Fait int\u00e9ressant, l&rsquo;association des confr\u00e9ries de la Semaine sainte de Malaga place environ 20 000 chaises et plusieurs tribunes le long du parcours officiel. La plus grande (et la plus ch\u00e8re) est situ\u00e9e sur la Plaza de la Constituci\u00f3n.<\/p>\n<p>Les prix de ces places sont consid\u00e9rables et il est \u00e9galement tr\u00e8s difficile d&rsquo;en obtenir une : Les places les moins ch\u00e8res commencent \u00e0 83 \u20ac, tandis que les places les plus ch\u00e8res co\u00fbtent 164 \u20ac. Dans les tribunes, les abonnements commencent \u00e0 103 \u20ac et les loges \u00e0 624 \u20ac. Le prix le plus \u00e9lev\u00e9 est de 980 \u20ac, \u00e0 Molina Larios, pour six personnes au premier rang.<\/p>\n<h3><span class=\"ez-toc-section\" id=\"Les_Trones\"><\/span>Les Tr\u00f4nes<span class=\"ez-toc-section-end\"><\/span><\/h3>\n<p>\u00c0 Malaga, une procession se compose g\u00e9n\u00e9ralement de deux \u00ab\u00a0tr\u00f4nes\u00a0\u00bb: celui du Christ et celui de la Vierge.<\/p>\n<p>\u00c0 l&rsquo;exception de la tr\u00e8s impressionnante procession de la Servitas le Vendredi saint : les lumi\u00e8res s&rsquo;\u00e9teignent au passage de la procession, accompagn\u00e9e d&rsquo;un seul tambour.<\/p>\n<p><iframe loading=\"lazy\" title=\"YouTube video player\" src=\"https:\/\/www.youtube.com\/embed\/HQznM8owEfM\" width=\"1280\" height=\"720\" frameborder=\"0\" allowfullscreen=\"allowfullscreen\"><\/iframe><\/p>\n<p>Les tr\u00f4nes eux-m\u00eames sont des structures en bois massif pesant plusieurs tonnes. Le poids moyen port\u00e9 par un homme sur un tr\u00f4ne est d&rsquo;environ 20 kilos pendant de nombreuses heures, d\u00e9passant dans certains cas ce poids.<\/p>\n<p>Le tr\u00f4ne de la Virgen de la Esperanza p\u00e8se 5 700 kg, ce qui en fait le tr\u00f4ne le plus lourd d&rsquo;Espagne. Et il est port\u00e9 par 257 hommes de tr\u00f4ne! 260 personnes portent le tr\u00f4ne du Christ. Le tr\u00f4ne de la Virgen Mar\u00eda Sant\u00edsima de la Paloma, qui est port\u00e9 en procession le mercredi saint, est port\u00e9 par pas moins de 280 personnes.<\/p>\n<h3><span class=\"ez-toc-section\" id=\"Longues_heures\"><\/span>Longues heures<span class=\"ez-toc-section-end\"><\/span><\/h3>\n<p>De nombreuses processions commencent dans l&rsquo;apr\u00e8s-midi. Mais le spectacle devient encore plus impressionnant \u00e0 la tomb\u00e9e de la nuit, lorsque le passage des tr\u00f4nes est accompagn\u00e9 de centaines de bougies.<\/p>\n<p>La dur\u00e9e moyenne des processions est de 6 \u00e0 12 heures, pendant lesquelles les hommes sur les tr\u00f4nes portent ce poids consid\u00e9rable.<\/p>\n<p>Il n&rsquo;est pas surprenant que le moment culminant et tr\u00e8s \u00e9mouvant soit la cl\u00f4ture, lorsque le tr\u00f4ne retourne enfin dans la paroisse d&rsquo;o\u00f9 il est parti.<\/p>\n<h3><span class=\"ez-toc-section\" id=\"Pourquoi_y_a-t-il_des_personnages_dans_le_cortege_qui_ressemblent_au_Ku_Klux_Klan\"><\/span>Pourquoi y a-t-il des personnages dans le cort\u00e8ge qui ressemblent au Ku Klux Klan ?<span class=\"ez-toc-section-end\"><\/span><\/h3>\n<figure id=\"attachment_238\" aria-describedby=\"caption-attachment-238\" style=\"width: 768px\" class=\"wp-caption alignnone\"><img loading=\"lazy\" decoding=\"async\" class=\"size-full wp-image-238\" src=\"https:\/\/www.malagacar.com\/fr\/blog\/wp-content\/uploads\/2022\/03\/nazarenos-768x512-1.jpg\" alt=\"\" width=\"768\" height=\"512\" srcset=\"https:\/\/www.malagacar.com\/fr\/blog\/wp-content\/uploads\/2022\/03\/nazarenos-768x512-1.jpg 768w, https:\/\/www.malagacar.com\/fr\/blog\/wp-content\/uploads\/2022\/03\/nazarenos-768x512-1-300x200.jpg 300w\" sizes=\"auto, (max-width: 768px) 100vw, 768px\" \/><figcaption id=\"caption-attachment-238\" class=\"wp-caption-text\">Nazar\u00e9ens<\/figcaption><\/figure>\n<p>Cette casquette pointue est tr\u00e8s similaire \u00e0 celle que porte ce groupe raciste am\u00e9ricain. Elle est appel\u00e9e Capirote et trouve en fait son origine dans les ann\u00e9es sombres de l&rsquo;Inquisition espagnole.<\/p>\n<p>Les condamn\u00e9s devaient le porter pour se soumettre \u00e0 l&rsquo;humiliation publique. Le tissu plac\u00e9 devant le visage garantissait l&rsquo;anonymat de l&rsquo;identit\u00e9 du p\u00e9nitent.<\/p>\n<h3><span class=\"ez-toc-section\" id=\"Paques_tombe_toujours_a_la_pleine_lune\"><\/span>P\u00e2ques tombe toujours \u00e0 la pleine lune<span class=\"ez-toc-section-end\"><\/span><\/h3>\n<figure id=\"attachment_236\" aria-describedby=\"caption-attachment-236\" style=\"width: 620px\" class=\"wp-caption alignnone\"><img loading=\"lazy\" decoding=\"async\" class=\"size-full wp-image-236\" src=\"https:\/\/www.malagacar.com\/fr\/blog\/wp-content\/uploads\/2022\/03\/luna-llena-Foto-ABS.jpg\" alt=\"\" width=\"620\" height=\"349\" srcset=\"https:\/\/www.malagacar.com\/fr\/blog\/wp-content\/uploads\/2022\/03\/luna-llena-Foto-ABS.jpg 620w, https:\/\/www.malagacar.com\/fr\/blog\/wp-content\/uploads\/2022\/03\/luna-llena-Foto-ABS-300x169.jpg 300w\" sizes=\"auto, (max-width: 620px) 100vw, 620px\" \/><figcaption id=\"caption-attachment-236\" class=\"wp-caption-text\">Photo ABC<\/figcaption><\/figure>\n<p>Le fait que P\u00e2ques soit c\u00e9l\u00e9br\u00e9e chaque ann\u00e9e \u00e0 d&rsquo;autres dates. Cela est d\u00fb au fait qu&rsquo;elle est r\u00e9gie par des variables astronomiques d&rsquo;origine pa\u00efenne. Celles-ci ont \u00e9t\u00e9 adopt\u00e9es par l&rsquo;Eglise catholique.<\/p>\n<p>Ainsi, le dimanche de P\u00e2ques est toujours c\u00e9l\u00e9br\u00e9 le dimanche suivant la premi\u00e8re pleine lune qui suit l&rsquo;\u00e9quinoxe de printemps (21 mars). Int\u00e9ressant, n&rsquo;est-ce pas ?<\/p>\n<h3><span class=\"ez-toc-section\" id=\"Antonio_Banderas\"><\/span>Antonio Banderas<span class=\"ez-toc-section-end\"><\/span><\/h3>\n<p><img loading=\"lazy\" decoding=\"async\" class=\"size-full wp-image-233 alignnone\" src=\"https:\/\/www.malagacar.com\/fr\/blog\/wp-content\/uploads\/2022\/03\/Antonio.jpg\" alt=\"\" width=\"756\" height=\"439\" srcset=\"https:\/\/www.malagacar.com\/fr\/blog\/wp-content\/uploads\/2022\/03\/Antonio.jpg 756w, https:\/\/www.malagacar.com\/fr\/blog\/wp-content\/uploads\/2022\/03\/Antonio-300x174.jpg 300w\" sizes=\"auto, (max-width: 756px) 100vw, 756px\" \/><\/p>\n<p>Antonio Banderas est un fervent adepte de la Semaine Sainte et un membre actif des confr\u00e9ries des tr\u00f4nes, sortant chaque ann\u00e9e avec elles.<\/p>\n<p><iframe loading=\"lazy\" title=\"YouTube video player\" src=\"https:\/\/www.youtube.com\/embed\/9-aw4g_E12g\" width=\"1180\" height=\"664\" frameborder=\"0\" allowfullscreen=\"allowfullscreen\"><\/iframe><\/p>\n<h3><span class=\"ez-toc-section\" id=\"Que_sont_les_Saetas_de_la_Semaine_Sainte\"><\/span>Que sont les Saetas de la Semaine Sainte ?<span class=\"ez-toc-section-end\"><\/span><\/h3>\n<p>Durant les processions, les tr\u00f4nes s&rsquo;arr\u00eatent quelques minutes pour permettre aux porteurs de se reposer. \u00c0 ces moments-l\u00e0, on entend souvent des gens chanter depuis leurs balcons ou dans la rue \u2013 une pri\u00e8re \u00e0 l&rsquo;image religieuse.<\/p>\n<p>Ce chant de style flamenco, interpr\u00e9t\u00e9 a cappella et caract\u00e9ris\u00e9 par sa grande expressivit\u00e9, s&rsquo;appelle la saeta.<\/p>\n<h3><span class=\"ez-toc-section\" id=\"Video_promotionnelle_Semaine_sainte_Malaga_2026\"><\/span>Vid\u00e9o promotionnelle Semaine sainte Malaga 2026<span class=\"ez-toc-section-end\"><\/span><\/h3>\n<p><iframe loading=\"lazy\" title=\"PROMO SEMANA SANTA M\u00c1LAGA 2026. &quot;EL COMP\u00c1S DEL NAZARENO&quot; AM. VIRGEN DE LOS REYES. 4K\" src=\"https:\/\/www.youtube.com\/embed\/jEa1DBq_Lb8\" width=\"696\" height=\"391\" frameborder=\"0\" allowfullscreen=\"allowfullscreen\"><\/iframe><\/p>\n<h3><span class=\"ez-toc-section\" id=\"Insolite\"><\/span>Insolite<span class=\"ez-toc-section-end\"><\/span><\/h3>\n<p>La pand\u00e9mie nous a laiss\u00e9 des images insolites comme celle-ci.<\/p>\n<p>La semaine de P\u00e2ques 2021 a \u00e9t\u00e9 annul\u00e9e. Elle a donc eu lieu en novembre, co\u00efncidant avec Halloween et les illuminations de No\u00ebl d\u00e9j\u00e0 install\u00e9es dans la rue Larios.<\/p>\n<p><img loading=\"lazy\" decoding=\"async\" class=\" wp-image-235 alignnone\" src=\"https:\/\/www.malagacar.com\/fr\/blog\/wp-content\/uploads\/2022\/03\/lote-completo-768x934-1.jpg\" alt=\"\" width=\"656\" height=\"798\" srcset=\"https:\/\/www.malagacar.com\/fr\/blog\/wp-content\/uploads\/2022\/03\/lote-completo-768x934-1.jpg 768w, https:\/\/www.malagacar.com\/fr\/blog\/wp-content\/uploads\/2022\/03\/lote-completo-768x934-1-247x300.jpg 247w\" sizes=\"auto, (max-width: 656px) 100vw, 656px\" \/><\/p>\n<h2><span class=\"ez-toc-section\" id=\"Activites_de_Paques_a_Malaga\"><\/span>Activit\u00e9s de P\u00e2ques \u00e0 Malaga<span class=\"ez-toc-section-end\"><\/span><\/h2>\n<p>Comme nous l&rsquo;avons d\u00e9j\u00e0 mentionn\u00e9, ces dates marquent le d\u00e9but de la saison \u00e0 Malaga. Nous pouvons profiter d&rsquo;une grande vari\u00e9t\u00e9 de bars de plage \u00e0 Malaga. Et les meilleurs clubs de plage ouvrent \u00e0 nouveau leurs portes.<\/p>\n<p>Gr\u00e2ce au beau temps et \u00e0 la douceur du climat, les possibilit\u00e9s de profiter du plein air sont infinies. Que vous soyez \u00e0 la recherche de la premi\u00e8re baignade de l&rsquo;ann\u00e9e ou que vous souhaitiez profiter de la nature.<\/p>\n<h3><span class=\"ez-toc-section\" id=\"Decouvrir_linterieur_de_la_province_de_Malaga\"><\/span>D\u00e9couvrir l&rsquo;int\u00e9rieur de la province de Malaga<span class=\"ez-toc-section-end\"><\/span><\/h3>\n<p>Les destinations naturelles de l&rsquo;int\u00e9rieur de la province de Malaga sont devenues tr\u00e8s \u00e0 la mode. Nous pouvons profiter de nombreux endroits \u00e0 tr\u00e8s haute valeur naturelle dans la province. M\u00eame si nous vous conseillons d&rsquo;\u00e9viter certains lieux naturels pendant les week-ends en raison de la surpopulation. Oui, nous n&rsquo;exag\u00e9rons pas.<\/p>\n<p>En plus des destinations d&rsquo;excursion d\u00e9j\u00e0 disponibles sur notre Blog. Nous publierons d&rsquo;autres articles sur les beaux endroits de la province de Malaga qui valent la peine d&rsquo;\u00eatre visit\u00e9s. Surtout en ce moment, au printemps.<br \/>\nD\u00e9couvrez-les sur notre blog !<\/p>\n<ul>\n<li><a href=\"https:\/\/www.malagacar.com\/fr\/blog\/loisirs\/parc-national-sierra-de-las-nieves\/\" data-wpel-link=\"internal\">Parc national de la Sierra de las Nieves<\/a><\/li>\n<li><a href=\"https:\/\/www.malagacar.com\/fr\/blog\/loisirs\/oenotourisme-a-malaga\/\" data-wpel-link=\"internal\">Tourisme viticole \u00e0 Malaga<\/a><\/li>\n<li><a href=\"https:\/\/www.malagacar.com\/fr\/blog\/loisirs\/el-saltillo-malaga\/\" data-wpel-link=\"internal\">Le sentier El Saltillo \u00e0 Malaga<\/a><\/li>\n<li>G<a href=\"https:\/\/www.malagacar.com\/fr\/blog\/actualites\/genalguacil-le-village-musee\/\" data-wpel-link=\"internal\">enalguacil, le mus\u00e9e d&rsquo;art en plein air<\/a><\/li>\n<li>P<a href=\"https:\/\/www.malagacar.com\/fr\/blog\/loisirs\/parapente-biplace-malaga\/\" data-wpel-link=\"internal\">arapente en tandem \u00e0 Malaga<\/a><\/li>\n<li><a href=\"https:\/\/www.malagacar.com\/fr\/blog\/loisirs\/conseils-pour-visiter-le-caminito-del-rey\/\" data-wpel-link=\"internal\">Caminito del Rey<\/a><\/li>\n<li>T<a href=\"https:\/\/www.malagacar.com\/fr\/blog\/loisirs\/tourisme-actif-sports-daventure-malaga\/\" data-wpel-link=\"internal\">ourisme actif et sports d&rsquo;aventure \u00e0 Malaga<\/a><\/li>\n<li><a href=\"https:\/\/www.malagacar.com\/fr\/blog\/loisirs\/torcal-de-antequera\/\" data-wpel-link=\"internal\">Torcal de Antequera<\/a><\/li>\n<li><a href=\"https:\/\/www.malagacar.com\/fr\/blog\/loisirs\/decouvrez-ronda-en-voiture\/\" data-wpel-link=\"internal\">Ronda<\/a><\/li>\n<li><a href=\"https:\/\/www.malagacar.com\/fr\/blog\/loisirs\/grottes-de-malaga\/\" data-wpel-link=\"internal\">Les grottes les plus spectaculaires de Malaga<\/a><\/li>\n<li><a href=\"https:\/\/www.malagacar.com\/fr\/blog\/loisirs\/les-villages-blancs-vallee-du-genal\/\" data-wpel-link=\"internal\">Villages blancs de la vall\u00e9e du Genal<\/a><\/li>\n<li><a href=\"https:\/\/www.malagacar.com\/fr\/blog\/astuces-de-voyage\/villages-beaux-axarquia\/\" data-wpel-link=\"internal\">Les plus beaux villages de l&rsquo;Axarquia<\/a><\/li>\n<li><a href=\"https:\/\/www.malagacar.com\/fr\/blog\/loisirs\/sapins-espagnols-a-malaga\/\" data-wpel-link=\"internal\">Routes du sapin \u00e0 Malaga<\/a><\/li>\n<li><a href=\"https:\/\/www.malagacar.com\/fr\/blog\/loisirs\/grotte-de-nerja\/\" data-wpel-link=\"internal\">Grotte de Nerja<\/a><\/li>\n<\/ul>\n\t\t\t\t\n\t\t\t\t<div id=\"search-form2\" class=\"big-quote index-mobile\">\n\t\t\t\t<form id=\"frmSearch\" name=\"frmSearch\" action=\"\/fr\/location-de-voitures\/quote.php\" method=\"post\" name=\"quote\" class=\"container-fluid\">\n\t\t\t\t\t\t\t\t\t<div class=\"row\">\n\t\t\t\t\t\t<div class=\"col-sm-6\">\n\n\t\t\t\t\t\t\t<div class=\"form-group\">\n\t\t\t\t\t\t\t\t<label for=\"entrega\"><h4>Collecte<\/h4><\/label>\n\t\t\t\t\t\t\t\t<select name=\"entrega\" id=\"entrega\" class=\"custom-select\">\n\t\t\t\t\t\t\t\t\t<option value=\"airport\"  selected>Malaga A\u00e9roport<\/option>\n\t\t\t\t\t\t\t\t\t\t\t\t\t\t\t\t<\/select>\n\t\t\t\t\t\t\t\t<div class=\"form-inline my-2\">\n\t\t\t\t\t\t\t\t\t<input id=\"pDate\" class=\"form-control\" value=\"07\/09\/2026\" name=\"pDate\" readonly onchange=\"return uppdate()\">\n\t\t\t\t\t\t\t\t\t<select class=\"custom-select\" id=\"phorasminutos\" name=\"phorasminutos\" oninvalid=\"setCustomValidity('Faites-nous conna\u00eetre votre heure d\u00b4arriv\u00e9e')\" onchange=\"setCustomValidity('');\">\n\t\t\t\t\t\t\t\t\t\t<option value=\"-\" selected>--:--<\/option>\n\t\t\t\t\t\t\t\t\t\t\t\t\t\t\t\t\t\t\t\t<option value=\"00:00\">\n\t\t\t\t\t\t\t\t\t\t\t00:00<\/option>\n\t\t\t\t\t\t\t\t\t\t<option value=\"00:15\">\n\t\t\t\t\t\t\t\t\t\t\t00:15<\/option>\n\t\t\t\t\t\t\t\t\t\t<option value=\"00:30\">\n\t\t\t\t\t\t\t\t\t\t\t00:30<\/option>\n\t\t\t\t\t\t\t\t\t\t<option value=\"00:45\">\n\t\t\t\t\t\t\t\t\t\t\t00:45<\/option>\n\t\t\t\t\t\t\t\t\t\t\t\t\t\t\t\t\t\t\t\t<option value=\"01:00\">\n\t\t\t\t\t\t\t\t\t\t\t01:00<\/option>\n\t\t\t\t\t\t\t\t\t\t<option value=\"01:15\">\n\t\t\t\t\t\t\t\t\t\t\t01:15<\/option>\n\t\t\t\t\t\t\t\t\t\t<option value=\"01:30\">\n\t\t\t\t\t\t\t\t\t\t\t01:30<\/option>\n\t\t\t\t\t\t\t\t\t\t<option value=\"01:45\">\n\t\t\t\t\t\t\t\t\t\t\t01:45<\/option>\n\t\t\t\t\t\t\t\t\t\t\t\t\t\t\t\t\t\t\t\t<option value=\"02:00\">\n\t\t\t\t\t\t\t\t\t\t\t02:00<\/option>\n\t\t\t\t\t\t\t\t\t\t<option value=\"02:15\">\n\t\t\t\t\t\t\t\t\t\t\t02:15<\/option>\n\t\t\t\t\t\t\t\t\t\t<option value=\"02:30\">\n\t\t\t\t\t\t\t\t\t\t\t02:30<\/option>\n\t\t\t\t\t\t\t\t\t\t<option value=\"02:45\">\n\t\t\t\t\t\t\t\t\t\t\t02:45<\/option>\n\t\t\t\t\t\t\t\t\t\t\t\t\t\t\t\t\t\t\t\t<option value=\"03:00\">\n\t\t\t\t\t\t\t\t\t\t\t03:00<\/option>\n\t\t\t\t\t\t\t\t\t\t<option value=\"03:15\">\n\t\t\t\t\t\t\t\t\t\t\t03:15<\/option>\n\t\t\t\t\t\t\t\t\t\t<option value=\"03:30\">\n\t\t\t\t\t\t\t\t\t\t\t03:30<\/option>\n\t\t\t\t\t\t\t\t\t\t<option value=\"03:45\">\n\t\t\t\t\t\t\t\t\t\t\t03:45<\/option>\n\t\t\t\t\t\t\t\t\t\t\t\t\t\t\t\t\t\t\t\t<option value=\"04:00\">\n\t\t\t\t\t\t\t\t\t\t\t04:00<\/option>\n\t\t\t\t\t\t\t\t\t\t<option value=\"04:15\">\n\t\t\t\t\t\t\t\t\t\t\t04:15<\/option>\n\t\t\t\t\t\t\t\t\t\t<option value=\"04:30\">\n\t\t\t\t\t\t\t\t\t\t\t04:30<\/option>\n\t\t\t\t\t\t\t\t\t\t<option value=\"04:45\">\n\t\t\t\t\t\t\t\t\t\t\t04:45<\/option>\n\t\t\t\t\t\t\t\t\t\t\t\t\t\t\t\t\t\t\t\t<option value=\"05:00\">\n\t\t\t\t\t\t\t\t\t\t\t05:00<\/option>\n\t\t\t\t\t\t\t\t\t\t<option value=\"05:15\">\n\t\t\t\t\t\t\t\t\t\t\t05:15<\/option>\n\t\t\t\t\t\t\t\t\t\t<option value=\"05:30\">\n\t\t\t\t\t\t\t\t\t\t\t05:30<\/option>\n\t\t\t\t\t\t\t\t\t\t<option value=\"05:45\">\n\t\t\t\t\t\t\t\t\t\t\t05:45<\/option>\n\t\t\t\t\t\t\t\t\t\t\t\t\t\t\t\t\t\t\t\t<option value=\"06:00\">\n\t\t\t\t\t\t\t\t\t\t\t06:00<\/option>\n\t\t\t\t\t\t\t\t\t\t<option value=\"06:15\">\n\t\t\t\t\t\t\t\t\t\t\t06:15<\/option>\n\t\t\t\t\t\t\t\t\t\t<option value=\"06:30\">\n\t\t\t\t\t\t\t\t\t\t\t06:30<\/option>\n\t\t\t\t\t\t\t\t\t\t<option value=\"06:45\">\n\t\t\t\t\t\t\t\t\t\t\t06:45<\/option>\n\t\t\t\t\t\t\t\t\t\t\t\t\t\t\t\t\t\t\t\t<option value=\"07:00\">\n\t\t\t\t\t\t\t\t\t\t\t07:00<\/option>\n\t\t\t\t\t\t\t\t\t\t<option value=\"07:15\">\n\t\t\t\t\t\t\t\t\t\t\t07:15<\/option>\n\t\t\t\t\t\t\t\t\t\t<option value=\"07:30\">\n\t\t\t\t\t\t\t\t\t\t\t07:30<\/option>\n\t\t\t\t\t\t\t\t\t\t<option value=\"07:45\">\n\t\t\t\t\t\t\t\t\t\t\t07:45<\/option>\n\t\t\t\t\t\t\t\t\t\t\t\t\t\t\t\t\t\t\t\t<option value=\"08:00\">\n\t\t\t\t\t\t\t\t\t\t\t08:00<\/option>\n\t\t\t\t\t\t\t\t\t\t<option value=\"08:15\">\n\t\t\t\t\t\t\t\t\t\t\t08:15<\/option>\n\t\t\t\t\t\t\t\t\t\t<option value=\"08:30\">\n\t\t\t\t\t\t\t\t\t\t\t08:30<\/option>\n\t\t\t\t\t\t\t\t\t\t<option value=\"08:45\">\n\t\t\t\t\t\t\t\t\t\t\t08:45<\/option>\n\t\t\t\t\t\t\t\t\t\t\t\t\t\t\t\t\t\t\t\t<option value=\"09:00\">\n\t\t\t\t\t\t\t\t\t\t\t09:00<\/option>\n\t\t\t\t\t\t\t\t\t\t<option value=\"09:15\">\n\t\t\t\t\t\t\t\t\t\t\t09:15<\/option>\n\t\t\t\t\t\t\t\t\t\t<option value=\"09:30\">\n\t\t\t\t\t\t\t\t\t\t\t09:30<\/option>\n\t\t\t\t\t\t\t\t\t\t<option value=\"09:45\">\n\t\t\t\t\t\t\t\t\t\t\t09:45<\/option>\n\t\t\t\t\t\t\t\t\t\t\t\t\t\t\t\t\t\t\t\t<option value=\"10:00\">\n\t\t\t\t\t\t\t\t\t\t\t10:00<\/option>\n\t\t\t\t\t\t\t\t\t\t<option value=\"10:15\">\n\t\t\t\t\t\t\t\t\t\t\t10:15<\/option>\n\t\t\t\t\t\t\t\t\t\t<option value=\"10:30\">\n\t\t\t\t\t\t\t\t\t\t\t10:30<\/option>\n\t\t\t\t\t\t\t\t\t\t<option value=\"10:45\">\n\t\t\t\t\t\t\t\t\t\t\t10:45<\/option>\n\t\t\t\t\t\t\t\t\t\t\t\t\t\t\t\t\t\t\t\t<option value=\"11:00\">\n\t\t\t\t\t\t\t\t\t\t\t11:00<\/option>\n\t\t\t\t\t\t\t\t\t\t<option value=\"11:15\">\n\t\t\t\t\t\t\t\t\t\t\t11:15<\/option>\n\t\t\t\t\t\t\t\t\t\t<option value=\"11:30\">\n\t\t\t\t\t\t\t\t\t\t\t11:30<\/option>\n\t\t\t\t\t\t\t\t\t\t<option value=\"11:45\">\n\t\t\t\t\t\t\t\t\t\t\t11:45<\/option>\n\t\t\t\t\t\t\t\t\t\t\t\t\t\t\t\t\t\t\t\t<option value=\"12:00\">\n\t\t\t\t\t\t\t\t\t\t\t12:00<\/option>\n\t\t\t\t\t\t\t\t\t\t<option value=\"12:15\">\n\t\t\t\t\t\t\t\t\t\t\t12:15<\/option>\n\t\t\t\t\t\t\t\t\t\t<option value=\"12:30\">\n\t\t\t\t\t\t\t\t\t\t\t12:30<\/option>\n\t\t\t\t\t\t\t\t\t\t<option value=\"12:45\">\n\t\t\t\t\t\t\t\t\t\t\t12:45<\/option>\n\t\t\t\t\t\t\t\t\t\t\t\t\t\t\t\t\t\t\t\t<option value=\"13:00\">\n\t\t\t\t\t\t\t\t\t\t\t13:00<\/option>\n\t\t\t\t\t\t\t\t\t\t<option value=\"13:15\">\n\t\t\t\t\t\t\t\t\t\t\t13:15<\/option>\n\t\t\t\t\t\t\t\t\t\t<option value=\"13:30\">\n\t\t\t\t\t\t\t\t\t\t\t13:30<\/option>\n\t\t\t\t\t\t\t\t\t\t<option value=\"13:45\">\n\t\t\t\t\t\t\t\t\t\t\t13:45<\/option>\n\t\t\t\t\t\t\t\t\t\t\t\t\t\t\t\t\t\t\t\t<option value=\"14:00\">\n\t\t\t\t\t\t\t\t\t\t\t14:00<\/option>\n\t\t\t\t\t\t\t\t\t\t<option value=\"14:15\">\n\t\t\t\t\t\t\t\t\t\t\t14:15<\/option>\n\t\t\t\t\t\t\t\t\t\t<option value=\"14:30\">\n\t\t\t\t\t\t\t\t\t\t\t14:30<\/option>\n\t\t\t\t\t\t\t\t\t\t<option value=\"14:45\">\n\t\t\t\t\t\t\t\t\t\t\t14:45<\/option>\n\t\t\t\t\t\t\t\t\t\t\t\t\t\t\t\t\t\t\t\t<option value=\"15:00\">\n\t\t\t\t\t\t\t\t\t\t\t15:00<\/option>\n\t\t\t\t\t\t\t\t\t\t<option value=\"15:15\">\n\t\t\t\t\t\t\t\t\t\t\t15:15<\/option>\n\t\t\t\t\t\t\t\t\t\t<option value=\"15:30\">\n\t\t\t\t\t\t\t\t\t\t\t15:30<\/option>\n\t\t\t\t\t\t\t\t\t\t<option value=\"15:45\">\n\t\t\t\t\t\t\t\t\t\t\t15:45<\/option>\n\t\t\t\t\t\t\t\t\t\t\t\t\t\t\t\t\t\t\t\t<option value=\"16:00\">\n\t\t\t\t\t\t\t\t\t\t\t16:00<\/option>\n\t\t\t\t\t\t\t\t\t\t<option value=\"16:15\">\n\t\t\t\t\t\t\t\t\t\t\t16:15<\/option>\n\t\t\t\t\t\t\t\t\t\t<option value=\"16:30\">\n\t\t\t\t\t\t\t\t\t\t\t16:30<\/option>\n\t\t\t\t\t\t\t\t\t\t<option value=\"16:45\">\n\t\t\t\t\t\t\t\t\t\t\t16:45<\/option>\n\t\t\t\t\t\t\t\t\t\t\t\t\t\t\t\t\t\t\t\t<option value=\"17:00\">\n\t\t\t\t\t\t\t\t\t\t\t17:00<\/option>\n\t\t\t\t\t\t\t\t\t\t<option value=\"17:15\">\n\t\t\t\t\t\t\t\t\t\t\t17:15<\/option>\n\t\t\t\t\t\t\t\t\t\t<option value=\"17:30\">\n\t\t\t\t\t\t\t\t\t\t\t17:30<\/option>\n\t\t\t\t\t\t\t\t\t\t<option value=\"17:45\">\n\t\t\t\t\t\t\t\t\t\t\t17:45<\/option>\n\t\t\t\t\t\t\t\t\t\t\t\t\t\t\t\t\t\t\t\t<option value=\"18:00\">\n\t\t\t\t\t\t\t\t\t\t\t18:00<\/option>\n\t\t\t\t\t\t\t\t\t\t<option value=\"18:15\">\n\t\t\t\t\t\t\t\t\t\t\t18:15<\/option>\n\t\t\t\t\t\t\t\t\t\t<option value=\"18:30\">\n\t\t\t\t\t\t\t\t\t\t\t18:30<\/option>\n\t\t\t\t\t\t\t\t\t\t<option value=\"18:45\">\n\t\t\t\t\t\t\t\t\t\t\t18:45<\/option>\n\t\t\t\t\t\t\t\t\t\t\t\t\t\t\t\t\t\t\t\t<option value=\"19:00\">\n\t\t\t\t\t\t\t\t\t\t\t19:00<\/option>\n\t\t\t\t\t\t\t\t\t\t<option value=\"19:15\">\n\t\t\t\t\t\t\t\t\t\t\t19:15<\/option>\n\t\t\t\t\t\t\t\t\t\t<option value=\"19:30\">\n\t\t\t\t\t\t\t\t\t\t\t19:30<\/option>\n\t\t\t\t\t\t\t\t\t\t<option value=\"19:45\">\n\t\t\t\t\t\t\t\t\t\t\t19:45<\/option>\n\t\t\t\t\t\t\t\t\t\t\t\t\t\t\t\t\t\t\t\t<option value=\"20:00\">\n\t\t\t\t\t\t\t\t\t\t\t20:00<\/option>\n\t\t\t\t\t\t\t\t\t\t<option value=\"20:15\">\n\t\t\t\t\t\t\t\t\t\t\t20:15<\/option>\n\t\t\t\t\t\t\t\t\t\t<option value=\"20:30\">\n\t\t\t\t\t\t\t\t\t\t\t20:30<\/option>\n\t\t\t\t\t\t\t\t\t\t<option value=\"20:45\">\n\t\t\t\t\t\t\t\t\t\t\t20:45<\/option>\n\t\t\t\t\t\t\t\t\t\t\t\t\t\t\t\t\t\t\t\t<option value=\"21:00\">\n\t\t\t\t\t\t\t\t\t\t\t21:00<\/option>\n\t\t\t\t\t\t\t\t\t\t<option value=\"21:15\">\n\t\t\t\t\t\t\t\t\t\t\t21:15<\/option>\n\t\t\t\t\t\t\t\t\t\t<option value=\"21:30\">\n\t\t\t\t\t\t\t\t\t\t\t21:30<\/option>\n\t\t\t\t\t\t\t\t\t\t<option value=\"21:45\">\n\t\t\t\t\t\t\t\t\t\t\t21:45<\/option>\n\t\t\t\t\t\t\t\t\t\t\t\t\t\t\t\t\t\t\t\t<option value=\"22:00\">\n\t\t\t\t\t\t\t\t\t\t\t22:00<\/option>\n\t\t\t\t\t\t\t\t\t\t<option value=\"22:15\">\n\t\t\t\t\t\t\t\t\t\t\t22:15<\/option>\n\t\t\t\t\t\t\t\t\t\t<option value=\"22:30\">\n\t\t\t\t\t\t\t\t\t\t\t22:30<\/option>\n\t\t\t\t\t\t\t\t\t\t<option value=\"22:45\">\n\t\t\t\t\t\t\t\t\t\t\t22:45<\/option>\n\t\t\t\t\t\t\t\t\t\t\t\t\t\t\t\t\t\t\t\t<option value=\"23:00\">\n\t\t\t\t\t\t\t\t\t\t\t23:00<\/option>\n\t\t\t\t\t\t\t\t\t\t<option value=\"23:15\">\n\t\t\t\t\t\t\t\t\t\t\t23:15<\/option>\n\t\t\t\t\t\t\t\t\t\t<option value=\"23:30\">\n\t\t\t\t\t\t\t\t\t\t\t23:30<\/option>\n\t\t\t\t\t\t\t\t\t\t<option value=\"23:45\">\n\t\t\t\t\t\t\t\t\t\t\t23:45<\/option>\n\t\t\t\t\t\t\t\t\t\t\t\t\t\t\t\t\t\t\t<\/select>\n\t\t\t\t\t\t\t\t<\/div>\n\t\t\t\t\t\t\t<\/div>\n\t\t\t\t\t\t<\/div>\n\t\t\t\t\t\t<div class=\"col-sm-6\">\n\t\t\t\t\t\t\t<div class=\"form-group\">\n\t\t\t\t\t\t\t\t<div id=\"bookingBox\"><\/div>\n\n\t\t\t\t\t\t\t\t<label for=\"devuelta\"><h4>D\u00e9p\u00f4t<\/h4><\/label>\n\t\t\t\t\t\t\t\t<select name=\"devuelta\" id=\"devuelta\" class=\"custom-select\">\n\t\t\t\t\t\t\t\t\t<option value=\"airport\"  selected>Malaga A\u00e9roport<\/option>\n\t\t\t\t\t\t\t\t\t\t\t\t\t\t\t\t<\/select>\n\n\t\t\t\t\t\t\t\t<div class=\"form-inline my-2\">\n\t\t\t\t\t\t\t\t\t<input id=\"dDate\" class=\"form-control\" value=\"14\/09\/2026\" name=\"dDate\" readonly>\n\t\t\t\t\t\t\t\t\t<select class=\"custom-select\" id=\"dhorasminutos\" name=\"dhorasminutos\" oninvalid=\"setCustomValidity('Faites-nous savoir votre heure de retour')\" onchange=\"setCustomValidity('')\">\n\t\t\t\t\t\t\t\t\t\t<option value=\"-\" selected>--:--<\/option>\n\t\t\t\t\t\t\t\t\t\t\t\t\t\t\t\t\t\t\t\t<option value=\"00:00\">\n\t\t\t\t\t\t\t\t\t\t\t00:00<\/option>\n\t\t\t\t\t\t\t\t\t\t<option value=\"00:15\">\n\t\t\t\t\t\t\t\t\t\t\t00:15<\/option>\n\t\t\t\t\t\t\t\t\t\t<option value=\"00:30\">\n\t\t\t\t\t\t\t\t\t\t\t00:30<\/option>\n\t\t\t\t\t\t\t\t\t\t<option value=\"00:45\">\n\t\t\t\t\t\t\t\t\t\t\t00:45<\/option>\n\t\t\t\t\t\t\t\t\t\t\t\t\t\t\t\t\t\t\t\t<option value=\"01:00\">\n\t\t\t\t\t\t\t\t\t\t\t01:00<\/option>\n\t\t\t\t\t\t\t\t\t\t<option value=\"01:15\">\n\t\t\t\t\t\t\t\t\t\t\t01:15<\/option>\n\t\t\t\t\t\t\t\t\t\t<option value=\"01:30\">\n\t\t\t\t\t\t\t\t\t\t\t01:30<\/option>\n\t\t\t\t\t\t\t\t\t\t<option value=\"01:45\">\n\t\t\t\t\t\t\t\t\t\t\t01:45<\/option>\n\t\t\t\t\t\t\t\t\t\t\t\t\t\t\t\t\t\t\t\t<option value=\"02:00\">\n\t\t\t\t\t\t\t\t\t\t\t02:00<\/option>\n\t\t\t\t\t\t\t\t\t\t<option value=\"02:15\">\n\t\t\t\t\t\t\t\t\t\t\t02:15<\/option>\n\t\t\t\t\t\t\t\t\t\t<option value=\"02:30\">\n\t\t\t\t\t\t\t\t\t\t\t02:30<\/option>\n\t\t\t\t\t\t\t\t\t\t<option value=\"02:45\">\n\t\t\t\t\t\t\t\t\t\t\t02:45<\/option>\n\t\t\t\t\t\t\t\t\t\t\t\t\t\t\t\t\t\t\t\t<option value=\"03:00\">\n\t\t\t\t\t\t\t\t\t\t\t03:00<\/option>\n\t\t\t\t\t\t\t\t\t\t<option value=\"03:15\">\n\t\t\t\t\t\t\t\t\t\t\t03:15<\/option>\n\t\t\t\t\t\t\t\t\t\t<option value=\"03:30\">\n\t\t\t\t\t\t\t\t\t\t\t03:30<\/option>\n\t\t\t\t\t\t\t\t\t\t<option value=\"03:45\">\n\t\t\t\t\t\t\t\t\t\t\t03:45<\/option>\n\t\t\t\t\t\t\t\t\t\t\t\t\t\t\t\t\t\t\t\t<option value=\"04:00\">\n\t\t\t\t\t\t\t\t\t\t\t04:00<\/option>\n\t\t\t\t\t\t\t\t\t\t<option value=\"04:15\">\n\t\t\t\t\t\t\t\t\t\t\t04:15<\/option>\n\t\t\t\t\t\t\t\t\t\t<option value=\"04:30\">\n\t\t\t\t\t\t\t\t\t\t\t04:30<\/option>\n\t\t\t\t\t\t\t\t\t\t<option value=\"04:45\">\n\t\t\t\t\t\t\t\t\t\t\t04:45<\/option>\n\t\t\t\t\t\t\t\t\t\t\t\t\t\t\t\t\t\t\t\t<option value=\"05:00\">\n\t\t\t\t\t\t\t\t\t\t\t05:00<\/option>\n\t\t\t\t\t\t\t\t\t\t<option value=\"05:15\">\n\t\t\t\t\t\t\t\t\t\t\t05:15<\/option>\n\t\t\t\t\t\t\t\t\t\t<option value=\"05:30\">\n\t\t\t\t\t\t\t\t\t\t\t05:30<\/option>\n\t\t\t\t\t\t\t\t\t\t<option value=\"05:45\">\n\t\t\t\t\t\t\t\t\t\t\t05:45<\/option>\n\t\t\t\t\t\t\t\t\t\t\t\t\t\t\t\t\t\t\t\t<option value=\"06:00\">\n\t\t\t\t\t\t\t\t\t\t\t06:00<\/option>\n\t\t\t\t\t\t\t\t\t\t<option value=\"06:15\">\n\t\t\t\t\t\t\t\t\t\t\t06:15<\/option>\n\t\t\t\t\t\t\t\t\t\t<option value=\"06:30\">\n\t\t\t\t\t\t\t\t\t\t\t06:30<\/option>\n\t\t\t\t\t\t\t\t\t\t<option value=\"06:45\">\n\t\t\t\t\t\t\t\t\t\t\t06:45<\/option>\n\t\t\t\t\t\t\t\t\t\t\t\t\t\t\t\t\t\t\t\t<option value=\"07:00\">\n\t\t\t\t\t\t\t\t\t\t\t07:00<\/option>\n\t\t\t\t\t\t\t\t\t\t<option value=\"07:15\">\n\t\t\t\t\t\t\t\t\t\t\t07:15<\/option>\n\t\t\t\t\t\t\t\t\t\t<option value=\"07:30\">\n\t\t\t\t\t\t\t\t\t\t\t07:30<\/option>\n\t\t\t\t\t\t\t\t\t\t<option value=\"07:45\">\n\t\t\t\t\t\t\t\t\t\t\t07:45<\/option>\n\t\t\t\t\t\t\t\t\t\t\t\t\t\t\t\t\t\t\t\t<option value=\"08:00\">\n\t\t\t\t\t\t\t\t\t\t\t08:00<\/option>\n\t\t\t\t\t\t\t\t\t\t<option value=\"08:15\">\n\t\t\t\t\t\t\t\t\t\t\t08:15<\/option>\n\t\t\t\t\t\t\t\t\t\t<option value=\"08:30\">\n\t\t\t\t\t\t\t\t\t\t\t08:30<\/option>\n\t\t\t\t\t\t\t\t\t\t<option value=\"08:45\">\n\t\t\t\t\t\t\t\t\t\t\t08:45<\/option>\n\t\t\t\t\t\t\t\t\t\t\t\t\t\t\t\t\t\t\t\t<option value=\"09:00\">\n\t\t\t\t\t\t\t\t\t\t\t09:00<\/option>\n\t\t\t\t\t\t\t\t\t\t<option value=\"09:15\">\n\t\t\t\t\t\t\t\t\t\t\t09:15<\/option>\n\t\t\t\t\t\t\t\t\t\t<option value=\"09:30\">\n\t\t\t\t\t\t\t\t\t\t\t09:30<\/option>\n\t\t\t\t\t\t\t\t\t\t<option value=\"09:45\">\n\t\t\t\t\t\t\t\t\t\t\t09:45<\/option>\n\t\t\t\t\t\t\t\t\t\t\t\t\t\t\t\t\t\t\t\t<option value=\"10:00\">\n\t\t\t\t\t\t\t\t\t\t\t10:00<\/option>\n\t\t\t\t\t\t\t\t\t\t<option value=\"10:15\">\n\t\t\t\t\t\t\t\t\t\t\t10:15<\/option>\n\t\t\t\t\t\t\t\t\t\t<option value=\"10:30\">\n\t\t\t\t\t\t\t\t\t\t\t10:30<\/option>\n\t\t\t\t\t\t\t\t\t\t<option value=\"10:45\">\n\t\t\t\t\t\t\t\t\t\t\t10:45<\/option>\n\t\t\t\t\t\t\t\t\t\t\t\t\t\t\t\t\t\t\t\t<option value=\"11:00\">\n\t\t\t\t\t\t\t\t\t\t\t11:00<\/option>\n\t\t\t\t\t\t\t\t\t\t<option value=\"11:15\">\n\t\t\t\t\t\t\t\t\t\t\t11:15<\/option>\n\t\t\t\t\t\t\t\t\t\t<option value=\"11:30\">\n\t\t\t\t\t\t\t\t\t\t\t11:30<\/option>\n\t\t\t\t\t\t\t\t\t\t<option value=\"11:45\">\n\t\t\t\t\t\t\t\t\t\t\t11:45<\/option>\n\t\t\t\t\t\t\t\t\t\t\t\t\t\t\t\t\t\t\t\t<option value=\"12:00\">\n\t\t\t\t\t\t\t\t\t\t\t12:00<\/option>\n\t\t\t\t\t\t\t\t\t\t<option value=\"12:15\">\n\t\t\t\t\t\t\t\t\t\t\t12:15<\/option>\n\t\t\t\t\t\t\t\t\t\t<option value=\"12:30\">\n\t\t\t\t\t\t\t\t\t\t\t12:30<\/option>\n\t\t\t\t\t\t\t\t\t\t<option value=\"12:45\">\n\t\t\t\t\t\t\t\t\t\t\t12:45<\/option>\n\t\t\t\t\t\t\t\t\t\t\t\t\t\t\t\t\t\t\t\t<option value=\"13:00\">\n\t\t\t\t\t\t\t\t\t\t\t13:00<\/option>\n\t\t\t\t\t\t\t\t\t\t<option value=\"13:15\">\n\t\t\t\t\t\t\t\t\t\t\t13:15<\/option>\n\t\t\t\t\t\t\t\t\t\t<option value=\"13:30\">\n\t\t\t\t\t\t\t\t\t\t\t13:30<\/option>\n\t\t\t\t\t\t\t\t\t\t<option value=\"13:45\">\n\t\t\t\t\t\t\t\t\t\t\t13:45<\/option>\n\t\t\t\t\t\t\t\t\t\t\t\t\t\t\t\t\t\t\t\t<option value=\"14:00\">\n\t\t\t\t\t\t\t\t\t\t\t14:00<\/option>\n\t\t\t\t\t\t\t\t\t\t<option value=\"14:15\">\n\t\t\t\t\t\t\t\t\t\t\t14:15<\/option>\n\t\t\t\t\t\t\t\t\t\t<option value=\"14:30\">\n\t\t\t\t\t\t\t\t\t\t\t14:30<\/option>\n\t\t\t\t\t\t\t\t\t\t<option value=\"14:45\">\n\t\t\t\t\t\t\t\t\t\t\t14:45<\/option>\n\t\t\t\t\t\t\t\t\t\t\t\t\t\t\t\t\t\t\t\t<option value=\"15:00\">\n\t\t\t\t\t\t\t\t\t\t\t15:00<\/option>\n\t\t\t\t\t\t\t\t\t\t<option value=\"15:15\">\n\t\t\t\t\t\t\t\t\t\t\t15:15<\/option>\n\t\t\t\t\t\t\t\t\t\t<option value=\"15:30\">\n\t\t\t\t\t\t\t\t\t\t\t15:30<\/option>\n\t\t\t\t\t\t\t\t\t\t<option value=\"15:45\">\n\t\t\t\t\t\t\t\t\t\t\t15:45<\/option>\n\t\t\t\t\t\t\t\t\t\t\t\t\t\t\t\t\t\t\t\t<option value=\"16:00\">\n\t\t\t\t\t\t\t\t\t\t\t16:00<\/option>\n\t\t\t\t\t\t\t\t\t\t<option value=\"16:15\">\n\t\t\t\t\t\t\t\t\t\t\t16:15<\/option>\n\t\t\t\t\t\t\t\t\t\t<option value=\"16:30\">\n\t\t\t\t\t\t\t\t\t\t\t16:30<\/option>\n\t\t\t\t\t\t\t\t\t\t<option value=\"16:45\">\n\t\t\t\t\t\t\t\t\t\t\t16:45<\/option>\n\t\t\t\t\t\t\t\t\t\t\t\t\t\t\t\t\t\t\t\t<option value=\"17:00\">\n\t\t\t\t\t\t\t\t\t\t\t17:00<\/option>\n\t\t\t\t\t\t\t\t\t\t<option value=\"17:15\">\n\t\t\t\t\t\t\t\t\t\t\t17:15<\/option>\n\t\t\t\t\t\t\t\t\t\t<option value=\"17:30\">\n\t\t\t\t\t\t\t\t\t\t\t17:30<\/option>\n\t\t\t\t\t\t\t\t\t\t<option value=\"17:45\">\n\t\t\t\t\t\t\t\t\t\t\t17:45<\/option>\n\t\t\t\t\t\t\t\t\t\t\t\t\t\t\t\t\t\t\t\t<option value=\"18:00\">\n\t\t\t\t\t\t\t\t\t\t\t18:00<\/option>\n\t\t\t\t\t\t\t\t\t\t<option value=\"18:15\">\n\t\t\t\t\t\t\t\t\t\t\t18:15<\/option>\n\t\t\t\t\t\t\t\t\t\t<option value=\"18:30\">\n\t\t\t\t\t\t\t\t\t\t\t18:30<\/option>\n\t\t\t\t\t\t\t\t\t\t<option value=\"18:45\">\n\t\t\t\t\t\t\t\t\t\t\t18:45<\/option>\n\t\t\t\t\t\t\t\t\t\t\t\t\t\t\t\t\t\t\t\t<option value=\"19:00\">\n\t\t\t\t\t\t\t\t\t\t\t19:00<\/option>\n\t\t\t\t\t\t\t\t\t\t<option value=\"19:15\">\n\t\t\t\t\t\t\t\t\t\t\t19:15<\/option>\n\t\t\t\t\t\t\t\t\t\t<option value=\"19:30\">\n\t\t\t\t\t\t\t\t\t\t\t19:30<\/option>\n\t\t\t\t\t\t\t\t\t\t<option value=\"19:45\">\n\t\t\t\t\t\t\t\t\t\t\t19:45<\/option>\n\t\t\t\t\t\t\t\t\t\t\t\t\t\t\t\t\t\t\t\t<option value=\"20:00\">\n\t\t\t\t\t\t\t\t\t\t\t20:00<\/option>\n\t\t\t\t\t\t\t\t\t\t<option value=\"20:15\">\n\t\t\t\t\t\t\t\t\t\t\t20:15<\/option>\n\t\t\t\t\t\t\t\t\t\t<option value=\"20:30\">\n\t\t\t\t\t\t\t\t\t\t\t20:30<\/option>\n\t\t\t\t\t\t\t\t\t\t<option value=\"20:45\">\n\t\t\t\t\t\t\t\t\t\t\t20:45<\/option>\n\t\t\t\t\t\t\t\t\t\t\t\t\t\t\t\t\t\t\t\t<option value=\"21:00\">\n\t\t\t\t\t\t\t\t\t\t\t21:00<\/option>\n\t\t\t\t\t\t\t\t\t\t<option value=\"21:15\">\n\t\t\t\t\t\t\t\t\t\t\t21:15<\/option>\n\t\t\t\t\t\t\t\t\t\t<option value=\"21:30\">\n\t\t\t\t\t\t\t\t\t\t\t21:30<\/option>\n\t\t\t\t\t\t\t\t\t\t<option value=\"21:45\">\n\t\t\t\t\t\t\t\t\t\t\t21:45<\/option>\n\t\t\t\t\t\t\t\t\t\t\t\t\t\t\t\t\t\t\t\t<option value=\"22:00\">\n\t\t\t\t\t\t\t\t\t\t\t22:00<\/option>\n\t\t\t\t\t\t\t\t\t\t<option value=\"22:15\">\n\t\t\t\t\t\t\t\t\t\t\t22:15<\/option>\n\t\t\t\t\t\t\t\t\t\t<option value=\"22:30\">\n\t\t\t\t\t\t\t\t\t\t\t22:30<\/option>\n\t\t\t\t\t\t\t\t\t\t<option value=\"22:45\">\n\t\t\t\t\t\t\t\t\t\t\t22:45<\/option>\n\t\t\t\t\t\t\t\t\t\t\t\t\t\t\t\t\t\t\t\t<option value=\"23:00\">\n\t\t\t\t\t\t\t\t\t\t\t23:00<\/option>\n\t\t\t\t\t\t\t\t\t\t<option value=\"23:15\">\n\t\t\t\t\t\t\t\t\t\t\t23:15<\/option>\n\t\t\t\t\t\t\t\t\t\t<option value=\"23:30\">\n\t\t\t\t\t\t\t\t\t\t\t23:30<\/option>\n\t\t\t\t\t\t\t\t\t\t<option value=\"23:45\">\n\t\t\t\t\t\t\t\t\t\t\t23:45<\/option>\n\t\t\t\t\t\t\t\t\t\t\t\t\t\t\t\t\t\t\t<\/select>\n\t\t\t\t\t\t\t\t<\/div>\n\t\t\t\t\t\t\t<\/div>\n\t\t\t\t\t\t<\/div>\n\n\t\t\t\t\t<\/div>\n\t\t\t\t\n\n\t\t\t\t\t\t<div class=\"row\">\n                               <div class=\"col-sm-6\">\n\t\t\t\t\t\t\t\t<div class=\"form-group promo-code\">\n\t\t\t\t\t\t\t\t\t\t\t\t\t\t\t\t\t<label for=\"tipogrupo\" class=\"w-50 text-right pr-3 pt-1\">Group<\/label>\n\t\t\t\t\t\t\t\t\t<select name=\"tipogrupo\" id=\"tipogrupo\" class=\"form-control w-50\">\n\t\t\t\t\t\t\t\t\t<option value=\"0\">Voir tous<\/option>\n\t\t\t                        <option value=\"1\">Standard<\/option> \n\t\t\t\t\t\t\t\t\t<option value=\"2\">Automatique<\/option>  \n\t\t\t\t\t\t\t\t\t<option value=\"4\">Transporteurs<\/option>  \n\t\t\t\t\t\t\t\t\t<option value=\"5\">Cabriolet et Sport<\/option>  \n\t\t\t\t\t\t\t\t\t<option value=\"6\">Prestige<\/option>  \n\t\t\t\t\t\t\t\t\t<option value=\"8\">SUV<\/option>  \n\t\t\t\t\t\t\t\t\t<option value=\"10\">Camping car et Autocaravane<\/option>  \t\t\t\t\t\t\t\n\t\t\t\t\t\t\t\t<\/select>\t\n\t\t\t\t\t\t\t\t\t\n\t\t\t\t\t\t\t<\/div>\n\t\t\t\t\t\t\t<\/div>\n\t\t\t\t\t\t<div class=\"col-sm-6 align-self-end\">\n\t\t\t\t\t\t\t<div class=\"form-group\">\n\t\t\t\t\t\t\t\t<input type=\"submit\" class=\"btn-quote\" value=\"Voir les prix\" onclick=\"return msgAlert()\">\n\t\t\t\t\t\t\t<\/div>\n\t\t\t\t\t\t<\/div>\n\t\t\t\t\t<\/div>\n\t\t\t\t<\/form>\n\t\t\t\t<div class=\"row hide-mini-tablet advantages\">\n\t\t\t\t\t\t<div class=\"col-12\">\n\t\t\t\t\t\t\t<h4 class=\"text-center text-white\">TARIFS IMBATTABLES<\/h4>\n\t\t\t\t\t\t\t<ul>\n\t\t\t\t\t\t\t\t<li><strong>Grande flotte<\/strong> de voitures neuves.<\/li>\n\t\t\t\t\t\t\t\t<li><strong>Payez \u00e0 l'arriv\u00e9e<\/strong>.<\/li>\n\t\t\t\t\t\t\t\t<li>Ce que vous voyez est ce que vous payez.<\/li>\n\t\t\t\t\t\t\t\t<li><strong>Pas difficile \u00e0 vendre au bureau<\/strong>.<\/li>\n\t\t\t\t\t\t\t\t<li>Service de livraison VIP gratuit.<\/li>\n\t\t\t\t\t\t\t\t<li><strong class='redpassion-alt'>PAS DE FRAIS SUPPL\u00c9MENTAIRES<\/strong>, pour le service de ravitaillement.<\/li>\n\t\t\t\t\t\t\t<\/ul>\n\t\t\t\t\t\t<\/div>\n\t\t\t\t\t<\/div>\n\t\t\t\t<\/div>\n\t\t\t<br clear=\"all\">\n\n","protected":false},"excerpt":{"rendered":"<p>Cette ann\u00e9e, P\u00e2ques \u00e0 Malaga aura lieu du dimanche 29 mars au dimanche 5 avril. Ces dates, qui varient chaque ann\u00e9e, marquent non seulement le d\u00e9but de la saison touristique sur la Costa del Sol. Mais c&rsquo;est aussi probablement la date la plus importante du calendrier religieux. En r\u00e9alit\u00e9, la Semaine sainte \u00e0 Malaga est [&hellip;]<\/p>\n","protected":false},"author":1,"featured_media":507,"comment_status":"open","ping_status":"open","sticky":false,"template":"","format":"standard","meta":{"footnotes":""},"categories":[2],"tags":[5,10,4,30,6],"class_list":["post-231","post","type-post","status-publish","format-standard","has-post-thumbnail","hentry","category-loisirs","tag-choses-a-faire","tag-costa-del-sol","tag-malaga","tag-paques-a-malaga","tag-quoi-faire"],"yoast_head":"<!-- This site is optimized with the Yoast SEO plugin v28.4 - https:\/\/yoast.com\/product\/yoast-seo-wordpress\/ -->\n<title>P\u00e2ques \u00e0 Malaga - Malagacar.com<\/title>\n<meta name=\"description\" content=\"La semaine de P\u00e2ques \u00e0 Malaga est l&#039;une des dates les plus attendues de l&#039;ann\u00e9e et pour beaucoup, ce sont des vacances apr\u00e8s un long hiver.\" \/>\n<meta name=\"robots\" content=\"index, follow, max-snippet:-1, max-image-preview:large, max-video-preview:-1\" \/>\n<link rel=\"canonical\" href=\"https:\/\/www.malagacar.com\/fr\/blog\/loisirs\/paques-malaga\/\" \/>\n<meta property=\"og:locale\" content=\"fr_FR\" \/>\n<meta property=\"og:type\" content=\"article\" \/>\n<meta property=\"og:title\" content=\"P\u00e2ques \u00e0 Malaga - Malagacar.com\" \/>\n<meta property=\"og:description\" content=\"La semaine de P\u00e2ques \u00e0 Malaga est l&#039;une des dates les plus attendues de l&#039;ann\u00e9e et pour beaucoup, ce sont des vacances apr\u00e8s un long hiver.\" \/>\n<meta property=\"og:url\" content=\"https:\/\/www.malagacar.com\/fr\/blog\/loisirs\/paques-malaga\/\" \/>\n<meta property=\"og:site_name\" content=\"Blog de MalagaCar.com\" \/>\n<meta property=\"article:publisher\" content=\"https:\/\/www.facebook.com\/malagacar\" \/>\n<meta property=\"article:published_time\" content=\"2026-02-19T05:53:31+00:00\" \/>\n<meta property=\"article:modified_time\" content=\"2026-02-19T05:53:36+00:00\" \/>\n<meta property=\"og:image\" content=\"https:\/\/www.malagacar.com\/fr\/blog\/wp-content\/uploads\/2023\/02\/semana-santa-malaga-fr.jpg\" \/>\n\t<meta property=\"og:image:width\" content=\"1200\" \/>\n\t<meta property=\"og:image:height\" content=\"796\" \/>\n\t<meta property=\"og:image:type\" content=\"image\/jpeg\" \/>\n<meta name=\"author\" content=\"MalagaCar.com\" \/>\n<meta name=\"twitter:card\" content=\"summary_large_image\" \/>\n<meta name=\"twitter:creator\" content=\"@malagacarcom\" \/>\n<meta name=\"twitter:site\" content=\"@malagacarcom\" \/>\n<meta name=\"twitter:label1\" content=\"\u00c9crit par\" \/>\n\t<meta name=\"twitter:data1\" content=\"MalagaCar.com\" \/>\n\t<meta name=\"twitter:label2\" content=\"Dur\u00e9e de lecture estim\u00e9e\" \/>\n\t<meta name=\"twitter:data2\" content=\"14 minutes\" \/>\n<script type=\"application\/ld+json\" class=\"yoast-schema-graph\">{\"@context\":\"https:\\\/\\\/schema.org\",\"@graph\":[{\"@type\":\"Article\",\"@id\":\"https:\\\/\\\/www.malagacar.com\\\/fr\\\/blog\\\/loisirs\\\/paques-malaga\\\/#article\",\"isPartOf\":{\"@id\":\"https:\\\/\\\/www.malagacar.com\\\/fr\\\/blog\\\/loisirs\\\/paques-malaga\\\/\"},\"author\":{\"name\":\"MalagaCar.com\",\"@id\":\"https:\\\/\\\/www.malagacar.com\\\/fr\\\/blog\\\/#\\\/schema\\\/person\\\/ffb97005d02bcc7d0bb59f5409635691\"},\"headline\":\"P\u00e2ques \u00e0 Malaga 2026\",\"datePublished\":\"2026-02-19T05:53:31+00:00\",\"dateModified\":\"2026-02-19T05:53:36+00:00\",\"mainEntityOfPage\":{\"@id\":\"https:\\\/\\\/www.malagacar.com\\\/fr\\\/blog\\\/loisirs\\\/paques-malaga\\\/\"},\"wordCount\":2324,\"commentCount\":2,\"publisher\":{\"@id\":\"https:\\\/\\\/www.malagacar.com\\\/fr\\\/blog\\\/#organization\"},\"image\":{\"@id\":\"https:\\\/\\\/www.malagacar.com\\\/fr\\\/blog\\\/loisirs\\\/paques-malaga\\\/#primaryimage\"},\"thumbnailUrl\":\"https:\\\/\\\/www.malagacar.com\\\/fr\\\/blog\\\/wp-content\\\/uploads\\\/2023\\\/02\\\/semana-santa-malaga-fr.jpg\",\"keywords\":[\"choses \u00e0 faire\",\"costa del sol\",\"malaga\",\"P\u00e2ques \u00e0 Malaga\",\"quoi faire\"],\"articleSection\":[\"Loisirs\"],\"inLanguage\":\"fr-FR\",\"potentialAction\":[{\"@type\":\"CommentAction\",\"name\":\"Comment\",\"target\":[\"https:\\\/\\\/www.malagacar.com\\\/fr\\\/blog\\\/loisirs\\\/paques-malaga\\\/#respond\"]}]},{\"@type\":\"WebPage\",\"@id\":\"https:\\\/\\\/www.malagacar.com\\\/fr\\\/blog\\\/loisirs\\\/paques-malaga\\\/\",\"url\":\"https:\\\/\\\/www.malagacar.com\\\/fr\\\/blog\\\/loisirs\\\/paques-malaga\\\/\",\"name\":\"P\u00e2ques \u00e0 Malaga - Malagacar.com\",\"isPartOf\":{\"@id\":\"https:\\\/\\\/www.malagacar.com\\\/fr\\\/blog\\\/#website\"},\"primaryImageOfPage\":{\"@id\":\"https:\\\/\\\/www.malagacar.com\\\/fr\\\/blog\\\/loisirs\\\/paques-malaga\\\/#primaryimage\"},\"image\":{\"@id\":\"https:\\\/\\\/www.malagacar.com\\\/fr\\\/blog\\\/loisirs\\\/paques-malaga\\\/#primaryimage\"},\"thumbnailUrl\":\"https:\\\/\\\/www.malagacar.com\\\/fr\\\/blog\\\/wp-content\\\/uploads\\\/2023\\\/02\\\/semana-santa-malaga-fr.jpg\",\"datePublished\":\"2026-02-19T05:53:31+00:00\",\"dateModified\":\"2026-02-19T05:53:36+00:00\",\"description\":\"La semaine de P\u00e2ques \u00e0 Malaga est l'une des dates les plus attendues de l'ann\u00e9e et pour beaucoup, ce sont des vacances apr\u00e8s un long hiver.\",\"breadcrumb\":{\"@id\":\"https:\\\/\\\/www.malagacar.com\\\/fr\\\/blog\\\/loisirs\\\/paques-malaga\\\/#breadcrumb\"},\"inLanguage\":\"fr-FR\",\"potentialAction\":[{\"@type\":\"ReadAction\",\"target\":[\"https:\\\/\\\/www.malagacar.com\\\/fr\\\/blog\\\/loisirs\\\/paques-malaga\\\/\"]}]},{\"@type\":\"ImageObject\",\"inLanguage\":\"fr-FR\",\"@id\":\"https:\\\/\\\/www.malagacar.com\\\/fr\\\/blog\\\/loisirs\\\/paques-malaga\\\/#primaryimage\",\"url\":\"https:\\\/\\\/www.malagacar.com\\\/fr\\\/blog\\\/wp-content\\\/uploads\\\/2023\\\/02\\\/semana-santa-malaga-fr.jpg\",\"contentUrl\":\"https:\\\/\\\/www.malagacar.com\\\/fr\\\/blog\\\/wp-content\\\/uploads\\\/2023\\\/02\\\/semana-santa-malaga-fr.jpg\",\"width\":1200,\"height\":796},{\"@type\":\"BreadcrumbList\",\"@id\":\"https:\\\/\\\/www.malagacar.com\\\/fr\\\/blog\\\/loisirs\\\/paques-malaga\\\/#breadcrumb\",\"itemListElement\":[{\"@type\":\"ListItem\",\"position\":1,\"name\":\"Accueil\",\"item\":\"https:\\\/\\\/www.malagacar.com\\\/fr\\\/blog\\\/\"},{\"@type\":\"ListItem\",\"position\":2,\"name\":\"P\u00e2ques \u00e0 Malaga 2026\"}]},{\"@type\":\"WebSite\",\"@id\":\"https:\\\/\\\/www.malagacar.com\\\/fr\\\/blog\\\/#website\",\"url\":\"https:\\\/\\\/www.malagacar.com\\\/fr\\\/blog\\\/\",\"name\":\"Blog de MalagaCar.com\",\"description\":\"Nouvelles et informations int\u00e9ressantes sur la location de voitures \u00e0 l&#039;a\u00e9roport de Malaga.\",\"publisher\":{\"@id\":\"https:\\\/\\\/www.malagacar.com\\\/fr\\\/blog\\\/#organization\"},\"potentialAction\":[{\"@type\":\"SearchAction\",\"target\":{\"@type\":\"EntryPoint\",\"urlTemplate\":\"https:\\\/\\\/www.malagacar.com\\\/fr\\\/blog\\\/?s={search_term_string}\"},\"query-input\":{\"@type\":\"PropertyValueSpecification\",\"valueRequired\":true,\"valueName\":\"search_term_string\"}}],\"inLanguage\":\"fr-FR\"},{\"@type\":\"Organization\",\"@id\":\"https:\\\/\\\/www.malagacar.com\\\/fr\\\/blog\\\/#organization\",\"name\":\"MalagaCar.com\",\"url\":\"https:\\\/\\\/www.malagacar.com\\\/fr\\\/blog\\\/\",\"logo\":{\"@type\":\"ImageObject\",\"inLanguage\":\"fr-FR\",\"@id\":\"https:\\\/\\\/www.malagacar.com\\\/fr\\\/blog\\\/#\\\/schema\\\/logo\\\/image\\\/\",\"url\":\"https:\\\/\\\/www.malagacar.com\\\/fr\\\/blog\\\/wp-content\\\/uploads\\\/2021\\\/06\\\/logo-malagacar-social.png\",\"contentUrl\":\"https:\\\/\\\/www.malagacar.com\\\/fr\\\/blog\\\/wp-content\\\/uploads\\\/2021\\\/06\\\/logo-malagacar-social.png\",\"width\":900,\"height\":900,\"caption\":\"MalagaCar.com\"},\"image\":{\"@id\":\"https:\\\/\\\/www.malagacar.com\\\/fr\\\/blog\\\/#\\\/schema\\\/logo\\\/image\\\/\"},\"sameAs\":[\"https:\\\/\\\/www.facebook.com\\\/malagacar\",\"https:\\\/\\\/x.com\\\/malagacarcom\",\"https:\\\/\\\/www.instagram.com\\\/malagacar\\\/\",\"https:\\\/\\\/www.linkedin.com\\\/company\\\/malagacar.com\",\"https:\\\/\\\/www.youtube.com\\\/c\\\/MalagacarAirport\"]},{\"@type\":\"Person\",\"@id\":\"https:\\\/\\\/www.malagacar.com\\\/fr\\\/blog\\\/#\\\/schema\\\/person\\\/ffb97005d02bcc7d0bb59f5409635691\",\"name\":\"MalagaCar.com\",\"image\":{\"@type\":\"ImageObject\",\"inLanguage\":\"fr-FR\",\"@id\":\"https:\\\/\\\/secure.gravatar.com\\\/avatar\\\/296ebc31026e7be05868369e4c596b3239b1582b2fcf8a45de57333e2e82bb82?s=96&d=mm&r=g\",\"url\":\"https:\\\/\\\/secure.gravatar.com\\\/avatar\\\/296ebc31026e7be05868369e4c596b3239b1582b2fcf8a45de57333e2e82bb82?s=96&d=mm&r=g\",\"contentUrl\":\"https:\\\/\\\/secure.gravatar.com\\\/avatar\\\/296ebc31026e7be05868369e4c596b3239b1582b2fcf8a45de57333e2e82bb82?s=96&d=mm&r=g\",\"caption\":\"MalagaCar.com\"},\"sameAs\":[\"https:\\\/\\\/www.malagacar.com\\\/fr\\\/blog\"]}]}<\/script>\n<!-- \/ Yoast SEO plugin. -->","yoast_head_json":{"title":"P\u00e2ques \u00e0 Malaga - Malagacar.com","description":"La semaine de P\u00e2ques \u00e0 Malaga est l'une des dates les plus attendues de l'ann\u00e9e et pour beaucoup, ce sont des vacances apr\u00e8s un long hiver.","robots":{"index":"index","follow":"follow","max-snippet":"max-snippet:-1","max-image-preview":"max-image-preview:large","max-video-preview":"max-video-preview:-1"},"canonical":"https:\/\/www.malagacar.com\/fr\/blog\/loisirs\/paques-malaga\/","og_locale":"fr_FR","og_type":"article","og_title":"P\u00e2ques \u00e0 Malaga - Malagacar.com","og_description":"La semaine de P\u00e2ques \u00e0 Malaga est l'une des dates les plus attendues de l'ann\u00e9e et pour beaucoup, ce sont des vacances apr\u00e8s un long hiver.","og_url":"https:\/\/www.malagacar.com\/fr\/blog\/loisirs\/paques-malaga\/","og_site_name":"Blog de MalagaCar.com","article_publisher":"https:\/\/www.facebook.com\/malagacar","article_published_time":"2026-02-19T05:53:31+00:00","article_modified_time":"2026-02-19T05:53:36+00:00","og_image":[{"width":1200,"height":796,"url":"https:\/\/www.malagacar.com\/fr\/blog\/wp-content\/uploads\/2023\/02\/semana-santa-malaga-fr.jpg","type":"image\/jpeg"}],"author":"MalagaCar.com","twitter_card":"summary_large_image","twitter_creator":"@malagacarcom","twitter_site":"@malagacarcom","twitter_misc":{"\u00c9crit par":"MalagaCar.com","Dur\u00e9e de lecture estim\u00e9e":"14 minutes"},"schema":{"@context":"https:\/\/schema.org","@graph":[{"@type":"Article","@id":"https:\/\/www.malagacar.com\/fr\/blog\/loisirs\/paques-malaga\/#article","isPartOf":{"@id":"https:\/\/www.malagacar.com\/fr\/blog\/loisirs\/paques-malaga\/"},"author":{"name":"MalagaCar.com","@id":"https:\/\/www.malagacar.com\/fr\/blog\/#\/schema\/person\/ffb97005d02bcc7d0bb59f5409635691"},"headline":"P\u00e2ques \u00e0 Malaga 2026","datePublished":"2026-02-19T05:53:31+00:00","dateModified":"2026-02-19T05:53:36+00:00","mainEntityOfPage":{"@id":"https:\/\/www.malagacar.com\/fr\/blog\/loisirs\/paques-malaga\/"},"wordCount":2324,"commentCount":2,"publisher":{"@id":"https:\/\/www.malagacar.com\/fr\/blog\/#organization"},"image":{"@id":"https:\/\/www.malagacar.com\/fr\/blog\/loisirs\/paques-malaga\/#primaryimage"},"thumbnailUrl":"https:\/\/www.malagacar.com\/fr\/blog\/wp-content\/uploads\/2023\/02\/semana-santa-malaga-fr.jpg","keywords":["choses \u00e0 faire","costa del sol","malaga","P\u00e2ques \u00e0 Malaga","quoi faire"],"articleSection":["Loisirs"],"inLanguage":"fr-FR","potentialAction":[{"@type":"CommentAction","name":"Comment","target":["https:\/\/www.malagacar.com\/fr\/blog\/loisirs\/paques-malaga\/#respond"]}]},{"@type":"WebPage","@id":"https:\/\/www.malagacar.com\/fr\/blog\/loisirs\/paques-malaga\/","url":"https:\/\/www.malagacar.com\/fr\/blog\/loisirs\/paques-malaga\/","name":"P\u00e2ques \u00e0 Malaga - Malagacar.com","isPartOf":{"@id":"https:\/\/www.malagacar.com\/fr\/blog\/#website"},"primaryImageOfPage":{"@id":"https:\/\/www.malagacar.com\/fr\/blog\/loisirs\/paques-malaga\/#primaryimage"},"image":{"@id":"https:\/\/www.malagacar.com\/fr\/blog\/loisirs\/paques-malaga\/#primaryimage"},"thumbnailUrl":"https:\/\/www.malagacar.com\/fr\/blog\/wp-content\/uploads\/2023\/02\/semana-santa-malaga-fr.jpg","datePublished":"2026-02-19T05:53:31+00:00","dateModified":"2026-02-19T05:53:36+00:00","description":"La semaine de P\u00e2ques \u00e0 Malaga est l'une des dates les plus attendues de l'ann\u00e9e et pour beaucoup, ce sont des vacances apr\u00e8s un long hiver.","breadcrumb":{"@id":"https:\/\/www.malagacar.com\/fr\/blog\/loisirs\/paques-malaga\/#breadcrumb"},"inLanguage":"fr-FR","potentialAction":[{"@type":"ReadAction","target":["https:\/\/www.malagacar.com\/fr\/blog\/loisirs\/paques-malaga\/"]}]},{"@type":"ImageObject","inLanguage":"fr-FR","@id":"https:\/\/www.malagacar.com\/fr\/blog\/loisirs\/paques-malaga\/#primaryimage","url":"https:\/\/www.malagacar.com\/fr\/blog\/wp-content\/uploads\/2023\/02\/semana-santa-malaga-fr.jpg","contentUrl":"https:\/\/www.malagacar.com\/fr\/blog\/wp-content\/uploads\/2023\/02\/semana-santa-malaga-fr.jpg","width":1200,"height":796},{"@type":"BreadcrumbList","@id":"https:\/\/www.malagacar.com\/fr\/blog\/loisirs\/paques-malaga\/#breadcrumb","itemListElement":[{"@type":"ListItem","position":1,"name":"Accueil","item":"https:\/\/www.malagacar.com\/fr\/blog\/"},{"@type":"ListItem","position":2,"name":"P\u00e2ques \u00e0 Malaga 2026"}]},{"@type":"WebSite","@id":"https:\/\/www.malagacar.com\/fr\/blog\/#website","url":"https:\/\/www.malagacar.com\/fr\/blog\/","name":"Blog de MalagaCar.com","description":"Nouvelles et informations int\u00e9ressantes sur la location de voitures \u00e0 l&#039;a\u00e9roport de Malaga.","publisher":{"@id":"https:\/\/www.malagacar.com\/fr\/blog\/#organization"},"potentialAction":[{"@type":"SearchAction","target":{"@type":"EntryPoint","urlTemplate":"https:\/\/www.malagacar.com\/fr\/blog\/?s={search_term_string}"},"query-input":{"@type":"PropertyValueSpecification","valueRequired":true,"valueName":"search_term_string"}}],"inLanguage":"fr-FR"},{"@type":"Organization","@id":"https:\/\/www.malagacar.com\/fr\/blog\/#organization","name":"MalagaCar.com","url":"https:\/\/www.malagacar.com\/fr\/blog\/","logo":{"@type":"ImageObject","inLanguage":"fr-FR","@id":"https:\/\/www.malagacar.com\/fr\/blog\/#\/schema\/logo\/image\/","url":"https:\/\/www.malagacar.com\/fr\/blog\/wp-content\/uploads\/2021\/06\/logo-malagacar-social.png","contentUrl":"https:\/\/www.malagacar.com\/fr\/blog\/wp-content\/uploads\/2021\/06\/logo-malagacar-social.png","width":900,"height":900,"caption":"MalagaCar.com"},"image":{"@id":"https:\/\/www.malagacar.com\/fr\/blog\/#\/schema\/logo\/image\/"},"sameAs":["https:\/\/www.facebook.com\/malagacar","https:\/\/x.com\/malagacarcom","https:\/\/www.instagram.com\/malagacar\/","https:\/\/www.linkedin.com\/company\/malagacar.com","https:\/\/www.youtube.com\/c\/MalagacarAirport"]},{"@type":"Person","@id":"https:\/\/www.malagacar.com\/fr\/blog\/#\/schema\/person\/ffb97005d02bcc7d0bb59f5409635691","name":"MalagaCar.com","image":{"@type":"ImageObject","inLanguage":"fr-FR","@id":"https:\/\/secure.gravatar.com\/avatar\/296ebc31026e7be05868369e4c596b3239b1582b2fcf8a45de57333e2e82bb82?s=96&d=mm&r=g","url":"https:\/\/secure.gravatar.com\/avatar\/296ebc31026e7be05868369e4c596b3239b1582b2fcf8a45de57333e2e82bb82?s=96&d=mm&r=g","contentUrl":"https:\/\/secure.gravatar.com\/avatar\/296ebc31026e7be05868369e4c596b3239b1582b2fcf8a45de57333e2e82bb82?s=96&d=mm&r=g","caption":"MalagaCar.com"},"sameAs":["https:\/\/www.malagacar.com\/fr\/blog"]}]}},"_links":{"self":[{"href":"https:\/\/www.malagacar.com\/fr\/blog\/wp-json\/wp\/v2\/posts\/231","targetHints":{"allow":["GET"]}}],"collection":[{"href":"https:\/\/www.malagacar.com\/fr\/blog\/wp-json\/wp\/v2\/posts"}],"about":[{"href":"https:\/\/www.malagacar.com\/fr\/blog\/wp-json\/wp\/v2\/types\/post"}],"author":[{"embeddable":true,"href":"https:\/\/www.malagacar.com\/fr\/blog\/wp-json\/wp\/v2\/users\/1"}],"replies":[{"embeddable":true,"href":"https:\/\/www.malagacar.com\/fr\/blog\/wp-json\/wp\/v2\/comments?post=231"}],"version-history":[{"count":33,"href":"https:\/\/www.malagacar.com\/fr\/blog\/wp-json\/wp\/v2\/posts\/231\/revisions"}],"predecessor-version":[{"id":3203,"href":"https:\/\/www.malagacar.com\/fr\/blog\/wp-json\/wp\/v2\/posts\/231\/revisions\/3203"}],"wp:featuredmedia":[{"embeddable":true,"href":"https:\/\/www.malagacar.com\/fr\/blog\/wp-json\/wp\/v2\/media\/507"}],"wp:attachment":[{"href":"https:\/\/www.malagacar.com\/fr\/blog\/wp-json\/wp\/v2\/media?parent=231"}],"wp:term":[{"taxonomy":"category","embeddable":true,"href":"https:\/\/www.malagacar.com\/fr\/blog\/wp-json\/wp\/v2\/categories?post=231"},{"taxonomy":"post_tag","embeddable":true,"href":"https:\/\/www.malagacar.com\/fr\/blog\/wp-json\/wp\/v2\/tags?post=231"}],"curies":[{"name":"wp","href":"https:\/\/api.w.org\/{rel}","templated":true}]}}