{"id":2469,"date":"2025-05-26T11:22:24","date_gmt":"2025-05-26T09:22:24","guid":{"rendered":"https:\/\/www.malagacar.com\/fr\/blog\/?p=2469"},"modified":"2025-05-26T11:25:56","modified_gmt":"2025-05-26T09:25:56","slug":"de-malaga-a-seville","status":"publish","type":"post","link":"https:\/\/www.malagacar.com\/fr\/blog\/conseils\/de-malaga-a-seville\/","title":{"rendered":"De Malaga \u00e0 S\u00e9ville &#8211; Capitale de l&rsquo;Andalousie et ville du patrimoine"},"content":{"rendered":"<p>\u00c0 deux heures et demie de route de Malaga se trouve <a href=\"https:\/\/www.malagacar.com\/fr\/information\/seville\/\" data-wpel-link=\"internal\"><strong>S\u00e9ville<\/strong><\/a>, la magnifique capitale de l&rsquo;Andalousie. Si vous visitez la Costa del Sol, vous pouvez pr\u00e9voir par exemple quelques jours pour d\u00e9couvrir l&rsquo;\u00e9norme patrimoine historique.<\/p>\n<p>Si votre point de d\u00e9part est la Costa del Sol, vous avez plusieurs possibilit\u00e9s pour vous rendre de Malaga \u00e0 S\u00e9ville. Ces itin\u00e9raires vous permettront de profiter des magnifiques paysages andalous.<\/p>\n<p><!--more--><\/p>\n\n            <div class=\"banner\">\n                <div class=\"row\">\n                    <div class=\"col-sm-4\">\n                        <a href=\"\/fr\/location-de-voitures\/quote.php\" data-wpel-link=\"internal\"><img decoding=\"async\" src=\"\/images\/banner-img.jpg\" alt=\"malagacar.com\"><\/a>\n                    <\/div>\n                    <div class=\"col-sm-8\">\n                      <a href=\"\/fr\/location-de-voitures\/quote.php\" class=\"banner-title\" data-wpel-link=\"internal\">Meilleure location de voitures <div>\u00e0 l'a\u00e9roport de Malaga<\/div><\/a>   \n                        <div class=\"row\">\n                            <div class=\"col-sm-7\">\n                                <ul>\n                                    <li>Pas de frais de ravitaillement<\/li>\n                                    <li>Annulation gratuite<\/li>\n                                    <li>Location sans interm\u00e9diaire<\/li>\n                                    <li>Payez lorsque vous prenez la voiture<\/li>\n                                    <li><\/li>\n                                <\/ul>\n                            <\/div>\n                            <div class=\"col-sm-5\">\n                                <a class=\"btn-banner\" href=\"\/fr\/location-de-voitures\/quote.php\" data-wpel-link=\"internal\">Consultez les prix<\/a>\n                                <img decoding=\"async\" class=\"zonturent\" src=\"\/images\/zontu-banner.png\" alt=\"\">\n                            <\/div>\n                        <\/div>\n                    <\/div>\n                 <\/div>  \n            <\/div>\n            \n<div id=\"ez-toc-container\" class=\"ez-toc-v2_0_87 counter-hierarchy ez-toc-counter ez-toc-light-blue ez-toc-container-direction\">\n<p class=\"ez-toc-title\" style=\"cursor:inherit\">Table des mati\u00e8res<\/p>\n<label for=\"ez-toc-cssicon-toggle-item-6a9a3e25717f0\" class=\"ez-toc-cssicon-toggle-label\"><span class=\"\"><span class=\"eztoc-hide\" style=\"display:none;\">Toggle<\/span><span class=\"ez-toc-icon-toggle-span\"><svg style=\"fill: #999;color:#999\" xmlns=\"http:\/\/www.w3.org\/2000\/svg\" class=\"list-377408\" width=\"20px\" height=\"20px\" viewBox=\"0 0 24 24\" fill=\"none\"><path d=\"M6 6H4v2h2V6zm14 0H8v2h12V6zM4 11h2v2H4v-2zm16 0H8v2h12v-2zM4 16h2v2H4v-2zm16 0H8v2h12v-2z\" fill=\"currentColor\"><\/path><\/svg><svg style=\"fill: #999;color:#999\" class=\"arrow-unsorted-368013\" xmlns=\"http:\/\/www.w3.org\/2000\/svg\" width=\"10px\" height=\"10px\" viewBox=\"0 0 24 24\" version=\"1.2\" baseProfile=\"tiny\"><path d=\"M18.2 9.3l-6.2-6.3-6.2 6.3c-.2.2-.3.4-.3.7s.1.5.3.7c.2.2.4.3.7.3h11c.3 0 .5-.1.7-.3.2-.2.3-.5.3-.7s-.1-.5-.3-.7zM5.8 14.7l6.2 6.3 6.2-6.3c.2-.2.3-.5.3-.7s-.1-.5-.3-.7c-.2-.2-.4-.3-.7-.3h-11c-.3 0-.5.1-.7.3-.2.2-.3.5-.3.7s.1.5.3.7z\"\/><\/svg><\/span><\/span><\/label><input type=\"checkbox\"  id=\"ez-toc-cssicon-toggle-item-6a9a3e25717f0\"  aria-label=\"Toggle\" \/><nav><ul class='ez-toc-list ez-toc-list-level-1 ' ><li class='ez-toc-page-1 ez-toc-heading-level-2'><a class=\"ez-toc-link ez-toc-heading-1\" href=\"https:\/\/www.malagacar.com\/fr\/blog\/conseils\/de-malaga-a-seville\/#De_Malaga_a_Seville_en_voiture\" data-wpel-link=\"internal\">De Malaga \u00e0 S\u00e9ville en voiture<\/a><\/li><li class='ez-toc-page-1 ez-toc-heading-level-2'><a class=\"ez-toc-link ez-toc-heading-2\" href=\"https:\/\/www.malagacar.com\/fr\/blog\/conseils\/de-malaga-a-seville\/#De_Marbella_Estepona_a_Seville\" data-wpel-link=\"internal\">De Marbella \/ Estepona \u00e0 S\u00e9ville<\/a><ul class='ez-toc-list-level-3' ><li class='ez-toc-heading-level-3'><a class=\"ez-toc-link ez-toc-heading-3\" href=\"https:\/\/www.malagacar.com\/fr\/blog\/conseils\/de-malaga-a-seville\/#Parc_naturel_Los_Alcornocales\" data-wpel-link=\"internal\">Parc naturel Los Alcornocales<\/a><\/li><li class='ez-toc-page-1 ez-toc-heading-level-3'><a class=\"ez-toc-link ez-toc-heading-4\" href=\"https:\/\/www.malagacar.com\/fr\/blog\/conseils\/de-malaga-a-seville\/#Alcala_de_los_Gazules\" data-wpel-link=\"internal\">Alcal\u00e1 de los Gazules<\/a><\/li><li class='ez-toc-page-1 ez-toc-heading-level-3'><a class=\"ez-toc-link ez-toc-heading-5\" href=\"https:\/\/www.malagacar.com\/fr\/blog\/conseils\/de-malaga-a-seville\/#Jerez_de_la_Frontera\" data-wpel-link=\"internal\">Jerez de la Frontera<\/a><\/li><\/ul><\/li><li class='ez-toc-page-1 ez-toc-heading-level-2'><a class=\"ez-toc-link ez-toc-heading-6\" href=\"https:\/\/www.malagacar.com\/fr\/blog\/conseils\/de-malaga-a-seville\/#De_Malaga_a_Seville\" data-wpel-link=\"internal\">De Malaga \u00e0 S\u00e9ville<\/a><ul class='ez-toc-list-level-3' ><li class='ez-toc-heading-level-3'><a class=\"ez-toc-link ez-toc-heading-7\" href=\"https:\/\/www.malagacar.com\/fr\/blog\/conseils\/de-malaga-a-seville\/#Parc_naturel_Montes_de_Malaga\" data-wpel-link=\"internal\">Parc naturel Montes de Malaga<\/a><\/li><li class='ez-toc-page-1 ez-toc-heading-level-3'><a class=\"ez-toc-link ez-toc-heading-8\" href=\"https:\/\/www.malagacar.com\/fr\/blog\/conseils\/de-malaga-a-seville\/#Antequera\" data-wpel-link=\"internal\">Antequera<\/a><\/li><li class='ez-toc-page-1 ez-toc-heading-level-3'><a class=\"ez-toc-link ez-toc-heading-9\" href=\"https:\/\/www.malagacar.com\/fr\/blog\/conseils\/de-malaga-a-seville\/#Fuente_de_Piedra_Lagon\" data-wpel-link=\"internal\">Fuente de Piedra Lagon<\/a><\/li><li class='ez-toc-page-1 ez-toc-heading-level-3'><a class=\"ez-toc-link ez-toc-heading-10\" href=\"https:\/\/www.malagacar.com\/fr\/blog\/conseils\/de-malaga-a-seville\/#Alcala_de_Guadaira\" data-wpel-link=\"internal\">Alcal\u00e1 de Guada\u00edra<\/a><\/li><\/ul><\/li><li class='ez-toc-page-1 ez-toc-heading-level-2'><a class=\"ez-toc-link ez-toc-heading-11\" href=\"https:\/\/www.malagacar.com\/fr\/blog\/conseils\/de-malaga-a-seville\/#Carte_interactive_Itineraires_de_Malaga_a_Seville\" data-wpel-link=\"internal\">Carte interactive Itin\u00e9raires de Malaga \u00e0 S\u00e9ville<\/a><\/li><li class='ez-toc-page-1 ez-toc-heading-level-2'><a class=\"ez-toc-link ez-toc-heading-12\" href=\"https:\/\/www.malagacar.com\/fr\/blog\/conseils\/de-malaga-a-seville\/#Seville_la_belle\" data-wpel-link=\"internal\">S\u00e9ville, la belle<\/a><ul class='ez-toc-list-level-3' ><li class='ez-toc-heading-level-3'><a class=\"ez-toc-link ez-toc-heading-13\" href=\"https:\/\/www.malagacar.com\/fr\/blog\/conseils\/de-malaga-a-seville\/#Incontournables_a_Seville\" data-wpel-link=\"internal\">Incontournables \u00e0 S\u00e9ville<\/a><\/li><li class='ez-toc-page-1 ez-toc-heading-level-3'><a class=\"ez-toc-link ez-toc-heading-14\" href=\"https:\/\/www.malagacar.com\/fr\/blog\/conseils\/de-malaga-a-seville\/#Carte_des_parkings_publics_a_Seville\" data-wpel-link=\"internal\">Carte des parkings publics \u00e0 S\u00e9ville<\/a><\/li><\/ul><\/li><li class='ez-toc-page-1 ez-toc-heading-level-2'><a class=\"ez-toc-link ez-toc-heading-15\" href=\"https:\/\/www.malagacar.com\/fr\/blog\/conseils\/de-malaga-a-seville\/#Quel_est_le_meilleur_mois_pour_visiter_Seville\" data-wpel-link=\"internal\">Quel est le meilleur mois pour visiter S\u00e9ville ?<\/a><\/li><\/ul><\/nav><\/div>\n<h2><span class=\"ez-toc-section\" id=\"De_Malaga_a_Seville_en_voiture\"><\/span>De Malaga \u00e0 S\u00e9ville en voiture<span class=\"ez-toc-section-end\"><\/span><\/h2>\n<p>Vous trouverez ci-dessous deux itin\u00e9raires diff\u00e9rents en fonction de votre point de d\u00e9part :<\/p>\n<p>Depuis Malaga et la Costa del Sol orientale par l&rsquo;autoroute A-92. Et depuis Marbella, Estepona et la Costa del Sol occidentale par l&rsquo;autoroute E-15.<\/p>\n<h2><span class=\"ez-toc-section\" id=\"De_Marbella_Estepona_a_Seville\"><\/span>De Marbella \/ Estepona \u00e0 S\u00e9ville<span class=\"ez-toc-section-end\"><\/span><\/h2>\n<figure id=\"attachment_17472\" aria-describedby=\"caption-attachment-17472\" style=\"width: 1000px\" class=\"wp-caption alignnone\"><img loading=\"lazy\" decoding=\"async\" class=\"size-full wp-image-17472\" src=\"https:\/\/www.malagacar.com\/sp\/blog\/wp-content\/uploads\/2025\/05\/Alcaidesa-playa-with-views-to-Gibraltar-.jpg\" alt=\"Malagacar.com \" width=\"1000\" height=\"750\" \/><figcaption id=\"caption-attachment-17472\" class=\"wp-caption-text\">Un Malagacar \u00e0 Alcaidesa, surplombant Gibraltar. Photo avec l&rsquo;aimable autorisation de notre client<\/figcaption><\/figure>\n<p>Un itin\u00e9raire pour le plaisir des yeux, mais aussi pour faire une halte ! Car tout au long du parcours et sans devoir faire de d\u00e9tour, il y a des joyaux \u00e0 d\u00e9couvrir.<\/p>\n<h3><span class=\"ez-toc-section\" id=\"Parc_naturel_Los_Alcornocales\"><\/span>Parc naturel Los Alcornocales<span class=\"ez-toc-section-end\"><\/span><\/h3>\n<figure id=\"attachment_17464\" aria-describedby=\"caption-attachment-17464\" style=\"width: 1000px\" class=\"wp-caption alignnone\"><img loading=\"lazy\" decoding=\"async\" class=\"size-full wp-image-17464\" src=\"https:\/\/www.malagacar.com\/sp\/blog\/wp-content\/uploads\/2025\/05\/parque-natural-de-Los-Alcornocales-D.jpg\" alt=\"Parque natural de Los Alcornocales \" width=\"1000\" height=\"667\" \/><figcaption id=\"caption-attachment-17464\" class=\"wp-caption-text\">Parc naturel Los Alcornocales. Credit Depositphotos<\/figcaption><\/figure>\n<p>Cet itin\u00e9raire de 2 h 30 vous emm\u00e8ne le long de la pointe sud de l&rsquo;Europe, en passant par <em><strong>Gibraltar et le magnifique littoral du d\u00e9troit de Gibraltar<\/strong><\/em>.<\/p>\n<p>Nous entrons ensuite dans les vastes zones non d\u00e9velopp\u00e9es et dans le <a href=\"https:\/\/maps.app.goo.gl\/EMtHWKqkhfNDPsSGA\" data-wpel-link=\"external\" rel=\"external noopener noreferrer\"><strong>parc naturel Los Alcornocales<\/strong><\/a>. Il s&rsquo;agit de la plus grande for\u00eat de ch\u00eanes-li\u00e8ges d&rsquo;Espagne et de l&rsquo;une des plus grandes au monde, avec de nombreuses rivi\u00e8res et ruisseaux.<\/p>\n<p>Vous trouverez plus d&rsquo;informations sur le parc naturel Los Alcornocales sur ce <a href=\"https:\/\/www.juntadeandalucia.es\/medioambiente\/portal\/web\/ventanadelvisitante\/detalle-buscador-mapa\/-\/asset_publisher\/Jlbxh2qB3NwR\/content\/los-alcornocales\/255035\" data-wpel-link=\"external\" rel=\"external noopener noreferrer\"><strong>lien officiel<\/strong><\/a>.<\/p>\n<h3><span class=\"ez-toc-section\" id=\"Alcala_de_los_Gazules\"><\/span>Alcal\u00e1 de los Gazules<span class=\"ez-toc-section-end\"><\/span><\/h3>\n<p><img loading=\"lazy\" decoding=\"async\" class=\"alignnone size-full wp-image-17465\" src=\"https:\/\/www.malagacar.com\/sp\/blog\/wp-content\/uploads\/2025\/05\/alcala-de-los-gazules.jpg\" alt=\"Alcal\u00e1 de los Gazules\" width=\"407\" height=\"244\" \/><\/p>\n<p><a href=\"https:\/\/maps.app.goo.gl\/UxSiKTNWmCsTkLKf9\" data-wpel-link=\"external\" rel=\"external noopener noreferrer\"><strong>Alcal\u00e1 de los Gazules<\/strong><\/a>\u00a0est un beau village blanc de la province de Cadix, aux rues escarp\u00e9es et blanchies \u00e0 la chaux.<\/p>\n<p>Sa vieille ville a \u00e9t\u00e9 d\u00e9clar\u00e9e site historique et, sans avoir \u00e0 marcher longtemps, vous pouvez d\u00e9couvrir de nombreux monuments ou prendre un verre dans les nombreux bars et restaurants du centre.<\/p>\n<h3><span class=\"ez-toc-section\" id=\"Jerez_de_la_Frontera\"><\/span>Jerez de la Frontera<span class=\"ez-toc-section-end\"><\/span><\/h3>\n<figure id=\"attachment_17474\" aria-describedby=\"caption-attachment-17474\" style=\"width: 1000px\" class=\"wp-caption alignnone\"><img loading=\"lazy\" decoding=\"async\" class=\"size-full wp-image-17474\" src=\"https:\/\/www.malagacar.com\/sp\/blog\/wp-content\/uploads\/2025\/05\/catedral-del-santo-salvador-Jerez-D.jpg\" alt=\"catedral del santo salvador Jerez \" width=\"1000\" height=\"668\" \/><figcaption id=\"caption-attachment-17474\" class=\"wp-caption-text\">Cath\u00e9drale Santo Salvador, Jerez. Credit Depositphotos<\/figcaption><\/figure>\n<p><a href=\"https:\/\/maps.app.goo.gl\/DxvycGQVbNUBGBKu5\" data-wpel-link=\"external\" rel=\"external noopener noreferrer\"><strong>Jerez de la Frontera<\/strong><\/a>, qui compte plus de 200 000 habitants, est l&rsquo;un des joyaux de la province de Cadix, connu pour ses vins, ses chevaux et son flamenco. La ville conserve un centre historique de physionomie andalouse qui a \u00e9t\u00e9 d\u00e9clar\u00e9 site historico-artistique.<\/p>\n<p>Jerez poss\u00e8de un riche patrimoine de palais et un nombre surprenant de couvents.<\/p>\n<p>Le brandy de Jerez est c\u00e9l\u00e8bre depuis des si\u00e8cles, puisqu&rsquo;il \u00e9tait export\u00e9 \u00e0 la cour d&rsquo;Angleterre. Vous pouvez visiter d&rsquo;excellentes caves, dont certaines ont une grande valeur architecturale. C&rsquo;est le cas de <a href=\"https:\/\/bodegasfundador.site\/\" data-wpel-link=\"external\" rel=\"external noopener noreferrer\"><strong>Bodegas Fundador SL<\/strong><\/a>.<\/p>\n<h2><span class=\"ez-toc-section\" id=\"De_Malaga_a_Seville\"><\/span>De Malaga \u00e0 S\u00e9ville<span class=\"ez-toc-section-end\"><\/span><\/h2>\n<p>Cette route nous conduit vers le nord, \u00e0 l&rsquo;int\u00e9rieur de la province de Malaga.<\/p>\n<h3><span class=\"ez-toc-section\" id=\"Parc_naturel_Montes_de_Malaga\"><\/span>Parc naturel Montes de Malaga<span class=\"ez-toc-section-end\"><\/span><\/h3>\n<p>D\u00e8s que nous laisserons la ville derri\u00e8re nous, nous prendrons de l&rsquo;altitude et entrerons dans le <a href=\"https:\/\/maps.app.goo.gl\/dQZ8DdTiRQr9MdQx7\" data-wpel-link=\"external\" rel=\"external noopener noreferrer\"><strong>parc naturel des Montes de Malaga<\/strong><\/a>.<\/p>\n<figure id=\"attachment_14910\" aria-describedby=\"caption-attachment-14910\" style=\"width: 1000px\" class=\"wp-caption alignnone\"><img loading=\"lazy\" decoding=\"async\" class=\"size-full wp-image-14910\" src=\"https:\/\/www.malagacar.com\/sp\/blog\/wp-content\/uploads\/2023\/11\/Montes-de-malaga-febrero.jpg\" alt=\"Parque Natural Montes de M\u00e1laga\" width=\"1000\" height=\"652\" \/><figcaption id=\"caption-attachment-14910\" class=\"wp-caption-text\">Les Montes de Malaga en f\u00e9vrier avec les amandiers en fleurs, un pur d\u00e9lice.<\/figcaption><\/figure>\n<p>D&rsquo;ailleurs, notre conseil : sur le chemin du retour, vous voudrez peut-\u00eatre vous arr\u00eater ici pour d\u00e9jeuner et go\u00fbter aux tr\u00e9sors authentiques de la cuisine andalouse traditionnelle, dans les <a href=\"https:\/\/www.malagacar.com\/fr\/blog\/loisirs\/meilleures-auberges-montagnes-de-malaga\/\" data-wpel-link=\"internal\"><strong>auberges des montagnes de Malaga<\/strong><\/a>.<\/p>\n<h3><span class=\"ez-toc-section\" id=\"Antequera\"><\/span>Antequera<span class=\"ez-toc-section-end\"><\/span><\/h3>\n<figure id=\"attachment_9775\" aria-describedby=\"caption-attachment-9775\" style=\"width: 750px\" class=\"wp-caption alignnone\"><img loading=\"lazy\" decoding=\"async\" class=\"size-large wp-image-9775\" src=\"https:\/\/www.malagacar.com\/sp\/blog\/wp-content\/uploads\/2020\/01\/Pauline-Majury-Torcal-1024x576.jpg\" alt=\"Torcal. Malagacar.com\" width=\"750\" height=\"422\" \/><figcaption id=\"caption-attachment-9775\" class=\"wp-caption-text\">A Malagacar visiting El Torcal. Photo courtesy of our client<\/figcaption><\/figure>\n<p>Sur notre route, nous passons \u00e0 gauche du c\u00e9l\u00e8bre <a href=\"https:\/\/www.malagacar.com\/fr\/blog\/loisirs\/torcal-de-antequera\/\" data-wpel-link=\"internal\"><strong>Torcal de Antequera<\/strong><\/a>. Il s&rsquo;agit d&rsquo;une formation karstique spectaculaire situ\u00e9e \u00e0 plus de 1000 m\u00e8tres d&rsquo;altitude qui ravira tous les amoureux de la nature.<\/p>\n<p><a href=\"https:\/\/maps.app.goo.gl\/QMVUCs8PQB7wTGtG6\" data-wpel-link=\"external\" rel=\"external noopener noreferrer\"><strong>Antequera<\/strong><\/a>, \u00e0 seulement 50 km de Malaga, m\u00e9rite \u00e0 elle seule une visite.<\/p>\n<figure id=\"attachment_17475\" aria-describedby=\"caption-attachment-17475\" style=\"width: 1000px\" class=\"wp-caption alignnone\"><img loading=\"lazy\" decoding=\"async\" class=\"size-full wp-image-17475\" src=\"https:\/\/www.malagacar.com\/sp\/blog\/wp-content\/uploads\/2025\/05\/Antequera-Castillo-fortaleza-Real-Colegiata-de-Santa-Maria-D.jpg\" alt=\"Antequera Castillo fortaleza Real Colegiata de Santa Maria \" width=\"1000\" height=\"460\" \/><figcaption id=\"caption-attachment-17475\" class=\"wp-caption-text\">Antequera. Ch\u00e2teau-forteresse \u00c9glise coll\u00e9giale royale de Santa Maria. Credit Depositphotos<\/figcaption><\/figure>\n<p>La ville historique poss\u00e8de un vaste patrimoine arch\u00e9ologique et architectural, des \u00e9glises, des couvents et des palais de diff\u00e9rentes \u00e9poques et de diff\u00e9rents styles.<\/p>\n<p>\u00c0 une courte distance de la ville se trouve le <a href=\"https:\/\/www.malagacar.com\/fr\/blog\/loisirs\/dolmens-antequera\/\" data-wpel-link=\"internal\"><strong>complexe des dolmens<\/strong><\/a>, vieux de plus de 6 000 ans.<\/p>\n<figure id=\"attachment_9015\" aria-describedby=\"caption-attachment-9015\" style=\"width: 1024px\" class=\"wp-caption alignnone\"><img loading=\"lazy\" decoding=\"async\" class=\"size-full wp-image-9015\" src=\"https:\/\/www.malagacar.com\/sp\/blog\/wp-content\/uploads\/2021\/07\/dolmen-menga.jpg\" alt=\"Dolmen de Menga\" width=\"1024\" height=\"682\" \/><figcaption id=\"caption-attachment-9015\" class=\"wp-caption-text\">Dolmen de Menga, Antequera<\/figcaption><\/figure>\n<h3><span class=\"ez-toc-section\" id=\"Fuente_de_Piedra_Lagon\"><\/span>Fuente de Piedra Lagon<span class=\"ez-toc-section-end\"><\/span><\/h3>\n<figure id=\"attachment_10800\" aria-describedby=\"caption-attachment-10800\" style=\"width: 700px\" class=\"wp-caption alignnone\"><img loading=\"lazy\" decoding=\"async\" class=\"size-full wp-image-10800\" src=\"https:\/\/www.malagacar.com\/sp\/blog\/wp-content\/uploads\/2022\/04\/Laguna-Fuente-de-Piedra-flamencos.jpg\" alt=\"Laguna Fuente de Piedra\" width=\"700\" height=\"467\" \/><figcaption id=\"caption-attachment-10800\" class=\"wp-caption-text\">Flamants roses dans la lagune de Fuente de Piedra<\/figcaption><\/figure>\n<p>En poursuivant notre route, nous passons par Fuente de Piedra. Il s&rsquo;agit d&rsquo;une lagune d&rsquo;eau sal\u00e9e qui abrite la <a href=\"https:\/\/www.malagacar.com\/fr\/blog\/loisirs\/observation-des-oiseaux-a-malaga\/#Flamants_roses_dans_la_lagune_Fuente_de_Piedra\" data-wpel-link=\"internal\"><strong>plus grande colonie de flamants roses<\/strong><\/a> de la p\u00e9ninsule.<\/p>\n<h3><span class=\"ez-toc-section\" id=\"Alcala_de_Guadaira\"><\/span>Alcal\u00e1 de Guada\u00edra<span class=\"ez-toc-section-end\"><\/span><\/h3>\n<figure id=\"attachment_17477\" aria-describedby=\"caption-attachment-17477\" style=\"width: 1000px\" class=\"wp-caption alignnone\"><img loading=\"lazy\" decoding=\"async\" class=\"size-full wp-image-17477\" src=\"https:\/\/www.malagacar.com\/sp\/blog\/wp-content\/uploads\/2025\/05\/Alcala-de-Guadaira-castillo-D.jpg\" alt=\"Alcal\u00e1 de Guadaira castillo \" width=\"1000\" height=\"563\" \/><figcaption id=\"caption-attachment-17477\" class=\"wp-caption-text\">La forteresse d&rsquo;Alcal\u00e1 de Guadaira. Credit Depositphotos<\/figcaption><\/figure>\n<p>\u00c0 seulement 17 km de S\u00e9ville, nous passons par <a href=\"https:\/\/maps.app.goo.gl\/G9N1sKSxrAmvkMMh8\" data-wpel-link=\"external\" rel=\"external noopener noreferrer\"><strong>Alcal\u00e1 de Guada\u00edra<\/strong><\/a>. Cette ancienne ville poss\u00e8de un riche patrimoine historique, notamment son majestueux ch\u00e2teau, d&rsquo;origine arabe, situ\u00e9 sur une haute colline.<\/p>\n<h2><span class=\"ez-toc-section\" id=\"Carte_interactive_Itineraires_de_Malaga_a_Seville\"><\/span>Carte interactive Itin\u00e9raires de Malaga \u00e0 S\u00e9ville<span class=\"ez-toc-section-end\"><\/span><\/h2>\n<p>Voici un visuel des deux itin\u00e9raires que nous vous avons pr\u00e9sent\u00e9s.<\/p>\n<p><iframe loading=\"lazy\" src=\"https:\/\/www.google.com\/maps\/d\/embed?mid=1-bK_BgN9_KClmCJuxihusHVl-NCjzY4&amp;ehbc=2E312F\" width=\"640\" height=\"480\"><\/iframe><\/p>\n<h2><span class=\"ez-toc-section\" id=\"Seville_la_belle\"><\/span>S\u00e9ville, la belle<span class=\"ez-toc-section-end\"><\/span><\/h2>\n<p>D&rsquo;origine ph\u00e9nicienne, S\u00e9ville est situ\u00e9e sur les rives du Guadalquivir, le fleuve le plus important d&rsquo;Andalousie. Tout au long de son histoire, de grandes civilisations ont travers\u00e9 la ville en y laissant leur empreinte.<\/p>\n<p>Pendant la p\u00e9riode musulmane, S\u00e9ville \u00e9tait un centre politique, culturel et \u00e9conomique important. Apr\u00e8s la d\u00e9couverte de l&rsquo;Am\u00e9rique, la ville a prosp\u00e9r\u00e9 en tant que centre \u00e9conomique de l&rsquo;Empire espagnol pendant l&rsquo;\u00e2ge d&rsquo;or des arts et des lettres.<\/p>\n<p>Par cons\u00e9quent, le patrimoine historique et monumental de la ville est \u00e9norme. En fait, S\u00e9ville est l&rsquo;une des villes d&rsquo;Europe qui compte le plus grand nombre de monuments. En outre, son quartier historique est l&rsquo;un des plus grands d&rsquo;Espagne.<\/p>\n<p>Nous vous recommandons de d\u00e9couvrir les tr\u00e9sors de la ville \u00e0 pied. Pour profiter au mieux de votre visite, le mieux est de pr\u00e9voir un s\u00e9jour de deux jours et de loger dans l&rsquo;un des nombreux h\u00f4tels de la ville.<\/p>\n<h3><span class=\"ez-toc-section\" id=\"Incontournables_a_Seville\"><\/span>Incontournables \u00e0 S\u00e9ville<span class=\"ez-toc-section-end\"><\/span><\/h3>\n<p>Nous pr\u00e9sentons ici les monuments et lieux d&rsquo;int\u00e9r\u00eat les plus repr\u00e9sentatifs. Nombre d&rsquo;entre eux font partie de l&rsquo;h\u00e9ritage islamique de l&rsquo;\u00e2ge d&rsquo;or d&rsquo;Al-Andalus.<\/p>\n<p>Les incontournables, d\u00e9clar\u00e9s patrimoine mondial par l&rsquo;Unesco, sont la cath\u00e9drale et sa Giralda, l&rsquo;Alcazar et l&rsquo;Archivo de Indias. La Torre del Oro, les jardins historiques de la ville et, enfin, les quartiers typiques, leurs habitants et leurs coutumes constituent d&rsquo;autres points d&rsquo;int\u00e9r\u00eat.<\/p>\n<h4>La Giralda<\/h4>\n<figure id=\"attachment_17484\" aria-describedby=\"caption-attachment-17484\" style=\"width: 1000px\" class=\"wp-caption alignnone\"><img loading=\"lazy\" decoding=\"async\" class=\"size-full wp-image-17484\" src=\"https:\/\/www.malagacar.com\/sp\/blog\/wp-content\/uploads\/2025\/05\/Giralda-D.jpg\" alt=\"La Giralda\" width=\"1000\" height=\"667\" \/><figcaption id=\"caption-attachment-17484\" class=\"wp-caption-text\">La Giralda. Credit Depositphotos<\/figcaption><\/figure>\n<p>La Giralda \u00e9tait le minaret de l&rsquo;ancienne mosqu\u00e9e. Apr\u00e8s la reconqu\u00eate, elle a \u00e9t\u00e9 int\u00e9gr\u00e9e \u00e0 la cath\u00e9drale de S\u00e9ville. L&rsquo;architecture islamique est visible dans ses tuiles, ses arcs en fer \u00e0 cheval, ses stucs d\u00e9coratifs et ses jardins int\u00e9rieurs.<\/p>\n<h4>El Alc\u00e1zar<\/h4>\n<figure id=\"attachment_17485\" aria-describedby=\"caption-attachment-17485\" style=\"width: 1000px\" class=\"wp-caption alignnone\"><img loading=\"lazy\" decoding=\"async\" class=\"size-full wp-image-17485\" src=\"https:\/\/www.malagacar.com\/sp\/blog\/wp-content\/uploads\/2025\/05\/Jardines-del-Alcazar-D.jpg\" alt=\"El Alc\u00e1zar\" width=\"1000\" height=\"667\" \/><figcaption id=\"caption-attachment-17485\" class=\"wp-caption-text\">El Alc\u00e1zar. Credit Depositphotos<\/figcaption><\/figure>\n<p>L&rsquo;Alcazar de S\u00e9ville est \u00e9galement d&rsquo;origine musulmane. Il s&rsquo;agissait autrefois d&rsquo;une forteresse et plus tard, apr\u00e8s la reconqu\u00eate, il a \u00e9t\u00e9 utilis\u00e9 comme palais royal. Il pr\u00e9sente diff\u00e9rents styles architecturaux tels que la Renaissance, le roman, le gothique et le mud\u00e9jar.<\/p>\n<h4>Archivo de Indias<\/h4>\n<p>Les Archives des Indes ont \u00e9t\u00e9 cr\u00e9\u00e9es \u00e0 la fin du XVIIIe si\u00e8cle sur ordre du roi Charles pour centraliser la documentation relative \u00e0 l&rsquo;administration des territoires espagnols d&rsquo;outre-mer.<\/p>\n<p>Ce magnifique b\u00e2timent abrite une \u00e9norme biblioth\u00e8que sur l&rsquo;activit\u00e9 espagnole dans les Am\u00e9riques et les Philippines et des informations sur la politique, la soci\u00e9t\u00e9, l&rsquo;\u00e9conomie, l&rsquo;art et la g\u00e9ographie de ces territoires.<\/p>\n<h4>Torre del Oro<\/h4>\n<figure id=\"attachment_17486\" aria-describedby=\"caption-attachment-17486\" style=\"width: 1000px\" class=\"wp-caption alignnone\"><img loading=\"lazy\" decoding=\"async\" class=\"size-full wp-image-17486\" src=\"https:\/\/www.malagacar.com\/sp\/blog\/wp-content\/uploads\/2025\/05\/Guadalquivir-y-torre-del-Oro-D.jpg\" alt=\"Torre del Oro\" width=\"1000\" height=\"402\" \/><figcaption id=\"caption-attachment-17486\" class=\"wp-caption-text\">Torre del Oro. Credit Depositphotos<\/figcaption><\/figure>\n<p>La Torre del Oro (Tour de l&rsquo;or) \u00e9tait une tour d\u00e9fensive du XIIIe si\u00e8cle sous le r\u00e8gne d&rsquo;Al-Andalus. Son nom vient du fait que son rev\u00eatement de tuiles dor\u00e9es scintillait au soleil comme de l&rsquo;or.<\/p>\n<p>Aujourd&rsquo;hui, la Torre del Oro abrite un petit mus\u00e9e naval et une terrasse panoramique.<\/p>\n<h4>Plaza de Espa\u00f1a<\/h4>\n<figure id=\"attachment_17494\" aria-describedby=\"caption-attachment-17494\" style=\"width: 1000px\" class=\"wp-caption alignnone\"><img loading=\"lazy\" decoding=\"async\" class=\"size-full wp-image-17494\" src=\"https:\/\/www.malagacar.com\/sp\/blog\/wp-content\/uploads\/2025\/05\/Plaza-de-Espana2-D.jpg\" alt=\"Plaza de Espa\u00f1a\" width=\"1000\" height=\"542\" \/><figcaption id=\"caption-attachment-17494\" class=\"wp-caption-text\">Plaza de Espa\u00f1a. Credit Depositphotos<\/figcaption><\/figure>\n<p>L&rsquo;historique Plaza de Espa\u00f1a est situ\u00e9e \u00e0 c\u00f4t\u00e9 du parc Mar\u00eda Luisa. C&rsquo;est un bel ensemble architectural de grandes dimensions avec des ponts et des bancs avec des mosa\u00efques en c\u00e9ramique peinte.<\/p>\n<h4>Jardins historiques<\/h4>\n<figure id=\"attachment_17487\" aria-describedby=\"caption-attachment-17487\" style=\"width: 1000px\" class=\"wp-caption alignnone\"><img loading=\"lazy\" decoding=\"async\" class=\"size-full wp-image-17487\" src=\"https:\/\/www.malagacar.com\/sp\/blog\/wp-content\/uploads\/2025\/05\/maria-luisa-parque-D.jpg\" alt=\"Parque Maria Luisa\" width=\"1000\" height=\"667\" \/><figcaption id=\"caption-attachment-17487\" class=\"wp-caption-text\">Le parc Mar\u00eda Luisa. Credit Depositphotos<\/figcaption><\/figure>\n<p>S\u00e9ville poss\u00e8de plusieurs jardins historiques de grand int\u00e9r\u00eat. Ces jardins offrent une diversit\u00e9 de styles et une riche histoire. Ils constituent \u00e9galement une oasis et un lieu de d\u00e9tente dans le centre de S\u00e9ville, surtout lorsqu&rsquo;il fait chaud ! Vous trouverez ci-dessous des informations sur le temps qu&rsquo;il fait \u00e0 S\u00e9ville.<\/p>\n<p>Il s&rsquo;agit notamment du Parque de Mar\u00eda Luisa, des Jardines de los Reales Alc\u00e1zares, des Jardines de las Delicias (Mar\u00eda Luisa Park), des Jardines de la Buhaira, des Jardines de la Torre de Don Fadrique et des Jardines de la Caridad.<\/p>\n<h4>Le fleuve Guadalquivir<\/h4>\n<figure id=\"attachment_17489\" aria-describedby=\"caption-attachment-17489\" style=\"width: 1000px\" class=\"wp-caption alignnone\"><img loading=\"lazy\" decoding=\"async\" class=\"size-full wp-image-17489\" src=\"https:\/\/www.malagacar.com\/sp\/blog\/wp-content\/uploads\/2025\/05\/Panorama-del-rio-Guadalquivir-D.jpg\" alt=\"El r\u00edo Guadalquivir\" width=\"1000\" height=\"445\" \/><figcaption id=\"caption-attachment-17489\" class=\"wp-caption-text\">Le fleuve Guadalquivir. Credit Depositphotos<\/figcaption><\/figure>\n<p>Au cas o\u00f9 vous ne le sauriez pas : S\u00e9ville est la seule ville int\u00e9rieure d&rsquo;Espagne \u00e0 disposer d&rsquo;un port.<\/p>\n<p>Le fleuve Guadalquivir est navigable depuis son embouchure \u00e0 Sanl\u00facar de Barrameda sur l&rsquo;Atlantique jusqu&rsquo;\u00e0 la ville de S\u00e9ville, situ\u00e9e \u00e0 90 km.<\/p>\n<p>Se promener le long de la rivi\u00e8re ou boire un verre n&rsquo;est qu&rsquo;une option parmi d&rsquo;autres. De nombreuses entreprises proposent des excursions en bateau sur le fleuve, d&rsquo;o\u00f9 l&rsquo;on peut voir la ville sous un angle diff\u00e9rent.<\/p>\n<h4>Rues, places et quartiers<\/h4>\n<figure id=\"attachment_17490\" aria-describedby=\"caption-attachment-17490\" style=\"width: 1000px\" class=\"wp-caption alignnone\"><img loading=\"lazy\" decoding=\"async\" class=\"size-full wp-image-17490\" src=\"https:\/\/www.malagacar.com\/sp\/blog\/wp-content\/uploads\/2025\/05\/Triana-D.jpg\" alt=\"Triana\" width=\"1000\" height=\"667\" \/><figcaption id=\"caption-attachment-17490\" class=\"wp-caption-text\">Le quartier populaire de Triana Credit Depositphotos<\/figcaption><\/figure>\n<p>Il est probable que personne ne fasse ses adieux \u00e0 S\u00e9ville sans avoir fl\u00e2n\u00e9 dans le quartier populaire de Triana.<\/p>\n<p>Situ\u00e9 sur les rives du Guadalquivir, ce quartier a une histoire mill\u00e9naire. Promenez-vous dans ses rues pittoresques, comme la c\u00e9l\u00e8bre Calle Betis. Faites une halte au Mercado de Abastos sur la Plaza del Altozano. Laissez-vous s\u00e9duire par l&rsquo;offre culinaire des bars et des restaurants.<\/p>\n<h4>Foire de printemps de S\u00e9ville<\/h4>\n<figure id=\"attachment_17491\" aria-describedby=\"caption-attachment-17491\" style=\"width: 1000px\" class=\"wp-caption alignnone\"><img loading=\"lazy\" decoding=\"async\" class=\"size-full wp-image-17491\" src=\"https:\/\/www.malagacar.com\/sp\/blog\/wp-content\/uploads\/2025\/05\/Feria-Sevilla-D.jpg\" alt=\"Feria Sevilla \" width=\"1000\" height=\"667\" \/><figcaption id=\"caption-attachment-17491\" class=\"wp-caption-text\">Foire de printemps de S\u00e9ville. Credit Depositphotos<\/figcaption><\/figure>\n<p>La foire d&rsquo;avril de S\u00e9ville est l&rsquo;une des f\u00eates les plus color\u00e9es et les plus populaires d&rsquo;<a href=\"https:\/\/www.malagacar.com\/fr\/information\/andalousie.htm\" data-wpel-link=\"internal\"><strong>Andalousie<\/strong><\/a>.<\/p>\n<p>Si vous \u00eates \u00e0 S\u00e9ville en avril, ne manquez pas cet \u00e9v\u00e9nement incontournable pour les S\u00e9villans. Le champ de foire compte plus d&rsquo;un millier d&rsquo;\u00e9tals o\u00f9 l&rsquo;on peut manger, boire et danser jusqu&rsquo;au petit matin. Le tout dans un style typiquement andalou, bien s\u00fbr !<\/p>\n<p>La <a href=\"https:\/\/www.malagacar.com\/fr\/information\/seville\/seville-foire.htm\" data-wpel-link=\"internal\"><strong>foire de S\u00e9ville<\/strong><\/a> se tient chaque ann\u00e9e du deuxi\u00e8me dimanche apr\u00e8s P\u00e2ques jusqu&rsquo;au samedi suivant.<\/p>\n<h3><span class=\"ez-toc-section\" id=\"Carte_des_parkings_publics_a_Seville\"><\/span>Carte des parkings publics \u00e0 S\u00e9ville<span class=\"ez-toc-section-end\"><\/span><\/h3>\n<p>Selon l&rsquo;endroit o\u00f9 vous s\u00e9journez pendant votre visite \u00e0 S\u00e9ville, cette carte des parkings publics du centre-ville peut vous \u00eatre utile.<\/p>\n<p><iframe loading=\"lazy\" style=\"border: 0;\" src=\"https:\/\/www.google.com\/maps\/embed?pb=!1m16!1m12!1m3!1d30602.19026451559!2d-6.010670416993208!3d37.382859981659855!2m3!1f0!2f0!3f0!3m2!1i1024!2i768!4f13.1!2m1!1sSevilla%20parking%20publico!5e1!3m2!1ses!2ses!4v1747904486604!5m2!1ses!2ses\" width=\"600\" height=\"450\" allowfullscreen=\"allowfullscreen\"><\/iframe><\/p>\n<h2><span class=\"ez-toc-section\" id=\"Quel_est_le_meilleur_mois_pour_visiter_Seville\"><\/span>Quel est le meilleur mois pour visiter S\u00e9ville ?<span class=\"ez-toc-section-end\"><\/span><\/h2>\n<figure id=\"attachment_17482\" aria-describedby=\"caption-attachment-17482\" style=\"width: 1000px\" class=\"wp-caption alignnone\"><img loading=\"lazy\" decoding=\"async\" class=\"size-full wp-image-17482\" src=\"https:\/\/www.malagacar.com\/sp\/blog\/wp-content\/uploads\/2025\/05\/calor-sevilla.jpg\" alt=\"Sevilla en verano\" width=\"1000\" height=\"562\" \/><figcaption id=\"caption-attachment-17482\" class=\"wp-caption-text\">S\u00e9ville est l&rsquo;une des villes les plus chaudes d&rsquo;Espagne<\/figcaption><\/figure>\n<p>Au cas o\u00f9 vous ne le sauriez pas : S\u00e9ville et Cordoue sont les villes les plus chaudes d&rsquo;Espagne. Les temp\u00e9ratures maximales d\u00e9passent fr\u00e9quemment 35\u00b0C, atteignant 40\u00b0C en juillet et ao\u00fbt.<\/p>\n<p>Pour que votre visite \u00e0 S\u00e9ville ne se transforme pas en torture thermique, nous vous conseillons de ne pas visiter la ville pendant ces mois.<\/p>\n<p>Le printemps et l&rsquo;automne sont des mois plus doux pour se promener et profiter pleinement des rues de la ville. Mai, juin et septembre sont d&rsquo;excellents mois.<\/p>\n\t\t\t\t\n\t\t\t\t<div id=\"search-form2\" class=\"big-quote index-mobile\">\n\t\t\t\t<form id=\"frmSearch\" name=\"frmSearch\" action=\"\/fr\/location-de-voitures\/quote.php\" method=\"post\" name=\"quote\" class=\"container-fluid\">\n\t\t\t\t\t\t\t\t\t<div class=\"row\">\n\t\t\t\t\t\t<div class=\"col-sm-6\">\n\n\t\t\t\t\t\t\t<div class=\"form-group\">\n\t\t\t\t\t\t\t\t<label for=\"entrega\"><h4>Collecte<\/h4><\/label>\n\t\t\t\t\t\t\t\t<select name=\"entrega\" id=\"entrega\" class=\"custom-select\">\n\t\t\t\t\t\t\t\t\t<option value=\"airport\"  selected>Malaga A\u00e9roport<\/option>\n\t\t\t\t\t\t\t\t\t\t\t\t\t\t\t\t<\/select>\n\t\t\t\t\t\t\t\t<div class=\"form-inline my-2\">\n\t\t\t\t\t\t\t\t\t<input id=\"pDate\" class=\"form-control\" value=\"07\/09\/2026\" name=\"pDate\" readonly onchange=\"return uppdate()\">\n\t\t\t\t\t\t\t\t\t<select class=\"custom-select\" id=\"phorasminutos\" name=\"phorasminutos\" oninvalid=\"setCustomValidity('Faites-nous conna\u00eetre votre heure d\u00b4arriv\u00e9e')\" onchange=\"setCustomValidity('');\">\n\t\t\t\t\t\t\t\t\t\t<option value=\"-\" selected>--:--<\/option>\n\t\t\t\t\t\t\t\t\t\t\t\t\t\t\t\t\t\t\t\t<option value=\"00:00\">\n\t\t\t\t\t\t\t\t\t\t\t00:00<\/option>\n\t\t\t\t\t\t\t\t\t\t<option value=\"00:15\">\n\t\t\t\t\t\t\t\t\t\t\t00:15<\/option>\n\t\t\t\t\t\t\t\t\t\t<option value=\"00:30\">\n\t\t\t\t\t\t\t\t\t\t\t00:30<\/option>\n\t\t\t\t\t\t\t\t\t\t<option value=\"00:45\">\n\t\t\t\t\t\t\t\t\t\t\t00:45<\/option>\n\t\t\t\t\t\t\t\t\t\t\t\t\t\t\t\t\t\t\t\t<option value=\"01:00\">\n\t\t\t\t\t\t\t\t\t\t\t01:00<\/option>\n\t\t\t\t\t\t\t\t\t\t<option value=\"01:15\">\n\t\t\t\t\t\t\t\t\t\t\t01:15<\/option>\n\t\t\t\t\t\t\t\t\t\t<option value=\"01:30\">\n\t\t\t\t\t\t\t\t\t\t\t01:30<\/option>\n\t\t\t\t\t\t\t\t\t\t<option value=\"01:45\">\n\t\t\t\t\t\t\t\t\t\t\t01:45<\/option>\n\t\t\t\t\t\t\t\t\t\t\t\t\t\t\t\t\t\t\t\t<option value=\"02:00\">\n\t\t\t\t\t\t\t\t\t\t\t02:00<\/option>\n\t\t\t\t\t\t\t\t\t\t<option value=\"02:15\">\n\t\t\t\t\t\t\t\t\t\t\t02:15<\/option>\n\t\t\t\t\t\t\t\t\t\t<option value=\"02:30\">\n\t\t\t\t\t\t\t\t\t\t\t02:30<\/option>\n\t\t\t\t\t\t\t\t\t\t<option value=\"02:45\">\n\t\t\t\t\t\t\t\t\t\t\t02:45<\/option>\n\t\t\t\t\t\t\t\t\t\t\t\t\t\t\t\t\t\t\t\t<option value=\"03:00\">\n\t\t\t\t\t\t\t\t\t\t\t03:00<\/option>\n\t\t\t\t\t\t\t\t\t\t<option value=\"03:15\">\n\t\t\t\t\t\t\t\t\t\t\t03:15<\/option>\n\t\t\t\t\t\t\t\t\t\t<option value=\"03:30\">\n\t\t\t\t\t\t\t\t\t\t\t03:30<\/option>\n\t\t\t\t\t\t\t\t\t\t<option value=\"03:45\">\n\t\t\t\t\t\t\t\t\t\t\t03:45<\/option>\n\t\t\t\t\t\t\t\t\t\t\t\t\t\t\t\t\t\t\t\t<option value=\"04:00\">\n\t\t\t\t\t\t\t\t\t\t\t04:00<\/option>\n\t\t\t\t\t\t\t\t\t\t<option value=\"04:15\">\n\t\t\t\t\t\t\t\t\t\t\t04:15<\/option>\n\t\t\t\t\t\t\t\t\t\t<option value=\"04:30\">\n\t\t\t\t\t\t\t\t\t\t\t04:30<\/option>\n\t\t\t\t\t\t\t\t\t\t<option value=\"04:45\">\n\t\t\t\t\t\t\t\t\t\t\t04:45<\/option>\n\t\t\t\t\t\t\t\t\t\t\t\t\t\t\t\t\t\t\t\t<option value=\"05:00\">\n\t\t\t\t\t\t\t\t\t\t\t05:00<\/option>\n\t\t\t\t\t\t\t\t\t\t<option value=\"05:15\">\n\t\t\t\t\t\t\t\t\t\t\t05:15<\/option>\n\t\t\t\t\t\t\t\t\t\t<option value=\"05:30\">\n\t\t\t\t\t\t\t\t\t\t\t05:30<\/option>\n\t\t\t\t\t\t\t\t\t\t<option value=\"05:45\">\n\t\t\t\t\t\t\t\t\t\t\t05:45<\/option>\n\t\t\t\t\t\t\t\t\t\t\t\t\t\t\t\t\t\t\t\t<option value=\"06:00\">\n\t\t\t\t\t\t\t\t\t\t\t06:00<\/option>\n\t\t\t\t\t\t\t\t\t\t<option value=\"06:15\">\n\t\t\t\t\t\t\t\t\t\t\t06:15<\/option>\n\t\t\t\t\t\t\t\t\t\t<option value=\"06:30\">\n\t\t\t\t\t\t\t\t\t\t\t06:30<\/option>\n\t\t\t\t\t\t\t\t\t\t<option value=\"06:45\">\n\t\t\t\t\t\t\t\t\t\t\t06:45<\/option>\n\t\t\t\t\t\t\t\t\t\t\t\t\t\t\t\t\t\t\t\t<option value=\"07:00\">\n\t\t\t\t\t\t\t\t\t\t\t07:00<\/option>\n\t\t\t\t\t\t\t\t\t\t<option value=\"07:15\">\n\t\t\t\t\t\t\t\t\t\t\t07:15<\/option>\n\t\t\t\t\t\t\t\t\t\t<option value=\"07:30\">\n\t\t\t\t\t\t\t\t\t\t\t07:30<\/option>\n\t\t\t\t\t\t\t\t\t\t<option value=\"07:45\">\n\t\t\t\t\t\t\t\t\t\t\t07:45<\/option>\n\t\t\t\t\t\t\t\t\t\t\t\t\t\t\t\t\t\t\t\t<option value=\"08:00\">\n\t\t\t\t\t\t\t\t\t\t\t08:00<\/option>\n\t\t\t\t\t\t\t\t\t\t<option value=\"08:15\">\n\t\t\t\t\t\t\t\t\t\t\t08:15<\/option>\n\t\t\t\t\t\t\t\t\t\t<option value=\"08:30\">\n\t\t\t\t\t\t\t\t\t\t\t08:30<\/option>\n\t\t\t\t\t\t\t\t\t\t<option value=\"08:45\">\n\t\t\t\t\t\t\t\t\t\t\t08:45<\/option>\n\t\t\t\t\t\t\t\t\t\t\t\t\t\t\t\t\t\t\t\t<option value=\"09:00\">\n\t\t\t\t\t\t\t\t\t\t\t09:00<\/option>\n\t\t\t\t\t\t\t\t\t\t<option value=\"09:15\">\n\t\t\t\t\t\t\t\t\t\t\t09:15<\/option>\n\t\t\t\t\t\t\t\t\t\t<option value=\"09:30\">\n\t\t\t\t\t\t\t\t\t\t\t09:30<\/option>\n\t\t\t\t\t\t\t\t\t\t<option value=\"09:45\">\n\t\t\t\t\t\t\t\t\t\t\t09:45<\/option>\n\t\t\t\t\t\t\t\t\t\t\t\t\t\t\t\t\t\t\t\t<option value=\"10:00\">\n\t\t\t\t\t\t\t\t\t\t\t10:00<\/option>\n\t\t\t\t\t\t\t\t\t\t<option value=\"10:15\">\n\t\t\t\t\t\t\t\t\t\t\t10:15<\/option>\n\t\t\t\t\t\t\t\t\t\t<option value=\"10:30\">\n\t\t\t\t\t\t\t\t\t\t\t10:30<\/option>\n\t\t\t\t\t\t\t\t\t\t<option value=\"10:45\">\n\t\t\t\t\t\t\t\t\t\t\t10:45<\/option>\n\t\t\t\t\t\t\t\t\t\t\t\t\t\t\t\t\t\t\t\t<option value=\"11:00\">\n\t\t\t\t\t\t\t\t\t\t\t11:00<\/option>\n\t\t\t\t\t\t\t\t\t\t<option value=\"11:15\">\n\t\t\t\t\t\t\t\t\t\t\t11:15<\/option>\n\t\t\t\t\t\t\t\t\t\t<option value=\"11:30\">\n\t\t\t\t\t\t\t\t\t\t\t11:30<\/option>\n\t\t\t\t\t\t\t\t\t\t<option value=\"11:45\">\n\t\t\t\t\t\t\t\t\t\t\t11:45<\/option>\n\t\t\t\t\t\t\t\t\t\t\t\t\t\t\t\t\t\t\t\t<option value=\"12:00\">\n\t\t\t\t\t\t\t\t\t\t\t12:00<\/option>\n\t\t\t\t\t\t\t\t\t\t<option value=\"12:15\">\n\t\t\t\t\t\t\t\t\t\t\t12:15<\/option>\n\t\t\t\t\t\t\t\t\t\t<option value=\"12:30\">\n\t\t\t\t\t\t\t\t\t\t\t12:30<\/option>\n\t\t\t\t\t\t\t\t\t\t<option value=\"12:45\">\n\t\t\t\t\t\t\t\t\t\t\t12:45<\/option>\n\t\t\t\t\t\t\t\t\t\t\t\t\t\t\t\t\t\t\t\t<option value=\"13:00\">\n\t\t\t\t\t\t\t\t\t\t\t13:00<\/option>\n\t\t\t\t\t\t\t\t\t\t<option value=\"13:15\">\n\t\t\t\t\t\t\t\t\t\t\t13:15<\/option>\n\t\t\t\t\t\t\t\t\t\t<option value=\"13:30\">\n\t\t\t\t\t\t\t\t\t\t\t13:30<\/option>\n\t\t\t\t\t\t\t\t\t\t<option value=\"13:45\">\n\t\t\t\t\t\t\t\t\t\t\t13:45<\/option>\n\t\t\t\t\t\t\t\t\t\t\t\t\t\t\t\t\t\t\t\t<option value=\"14:00\">\n\t\t\t\t\t\t\t\t\t\t\t14:00<\/option>\n\t\t\t\t\t\t\t\t\t\t<option value=\"14:15\">\n\t\t\t\t\t\t\t\t\t\t\t14:15<\/option>\n\t\t\t\t\t\t\t\t\t\t<option value=\"14:30\">\n\t\t\t\t\t\t\t\t\t\t\t14:30<\/option>\n\t\t\t\t\t\t\t\t\t\t<option value=\"14:45\">\n\t\t\t\t\t\t\t\t\t\t\t14:45<\/option>\n\t\t\t\t\t\t\t\t\t\t\t\t\t\t\t\t\t\t\t\t<option value=\"15:00\">\n\t\t\t\t\t\t\t\t\t\t\t15:00<\/option>\n\t\t\t\t\t\t\t\t\t\t<option value=\"15:15\">\n\t\t\t\t\t\t\t\t\t\t\t15:15<\/option>\n\t\t\t\t\t\t\t\t\t\t<option value=\"15:30\">\n\t\t\t\t\t\t\t\t\t\t\t15:30<\/option>\n\t\t\t\t\t\t\t\t\t\t<option value=\"15:45\">\n\t\t\t\t\t\t\t\t\t\t\t15:45<\/option>\n\t\t\t\t\t\t\t\t\t\t\t\t\t\t\t\t\t\t\t\t<option value=\"16:00\">\n\t\t\t\t\t\t\t\t\t\t\t16:00<\/option>\n\t\t\t\t\t\t\t\t\t\t<option value=\"16:15\">\n\t\t\t\t\t\t\t\t\t\t\t16:15<\/option>\n\t\t\t\t\t\t\t\t\t\t<option value=\"16:30\">\n\t\t\t\t\t\t\t\t\t\t\t16:30<\/option>\n\t\t\t\t\t\t\t\t\t\t<option value=\"16:45\">\n\t\t\t\t\t\t\t\t\t\t\t16:45<\/option>\n\t\t\t\t\t\t\t\t\t\t\t\t\t\t\t\t\t\t\t\t<option value=\"17:00\">\n\t\t\t\t\t\t\t\t\t\t\t17:00<\/option>\n\t\t\t\t\t\t\t\t\t\t<option value=\"17:15\">\n\t\t\t\t\t\t\t\t\t\t\t17:15<\/option>\n\t\t\t\t\t\t\t\t\t\t<option value=\"17:30\">\n\t\t\t\t\t\t\t\t\t\t\t17:30<\/option>\n\t\t\t\t\t\t\t\t\t\t<option value=\"17:45\">\n\t\t\t\t\t\t\t\t\t\t\t17:45<\/option>\n\t\t\t\t\t\t\t\t\t\t\t\t\t\t\t\t\t\t\t\t<option value=\"18:00\">\n\t\t\t\t\t\t\t\t\t\t\t18:00<\/option>\n\t\t\t\t\t\t\t\t\t\t<option value=\"18:15\">\n\t\t\t\t\t\t\t\t\t\t\t18:15<\/option>\n\t\t\t\t\t\t\t\t\t\t<option value=\"18:30\">\n\t\t\t\t\t\t\t\t\t\t\t18:30<\/option>\n\t\t\t\t\t\t\t\t\t\t<option value=\"18:45\">\n\t\t\t\t\t\t\t\t\t\t\t18:45<\/option>\n\t\t\t\t\t\t\t\t\t\t\t\t\t\t\t\t\t\t\t\t<option value=\"19:00\">\n\t\t\t\t\t\t\t\t\t\t\t19:00<\/option>\n\t\t\t\t\t\t\t\t\t\t<option value=\"19:15\">\n\t\t\t\t\t\t\t\t\t\t\t19:15<\/option>\n\t\t\t\t\t\t\t\t\t\t<option value=\"19:30\">\n\t\t\t\t\t\t\t\t\t\t\t19:30<\/option>\n\t\t\t\t\t\t\t\t\t\t<option value=\"19:45\">\n\t\t\t\t\t\t\t\t\t\t\t19:45<\/option>\n\t\t\t\t\t\t\t\t\t\t\t\t\t\t\t\t\t\t\t\t<option value=\"20:00\">\n\t\t\t\t\t\t\t\t\t\t\t20:00<\/option>\n\t\t\t\t\t\t\t\t\t\t<option value=\"20:15\">\n\t\t\t\t\t\t\t\t\t\t\t20:15<\/option>\n\t\t\t\t\t\t\t\t\t\t<option value=\"20:30\">\n\t\t\t\t\t\t\t\t\t\t\t20:30<\/option>\n\t\t\t\t\t\t\t\t\t\t<option value=\"20:45\">\n\t\t\t\t\t\t\t\t\t\t\t20:45<\/option>\n\t\t\t\t\t\t\t\t\t\t\t\t\t\t\t\t\t\t\t\t<option value=\"21:00\">\n\t\t\t\t\t\t\t\t\t\t\t21:00<\/option>\n\t\t\t\t\t\t\t\t\t\t<option value=\"21:15\">\n\t\t\t\t\t\t\t\t\t\t\t21:15<\/option>\n\t\t\t\t\t\t\t\t\t\t<option value=\"21:30\">\n\t\t\t\t\t\t\t\t\t\t\t21:30<\/option>\n\t\t\t\t\t\t\t\t\t\t<option value=\"21:45\">\n\t\t\t\t\t\t\t\t\t\t\t21:45<\/option>\n\t\t\t\t\t\t\t\t\t\t\t\t\t\t\t\t\t\t\t\t<option value=\"22:00\">\n\t\t\t\t\t\t\t\t\t\t\t22:00<\/option>\n\t\t\t\t\t\t\t\t\t\t<option value=\"22:15\">\n\t\t\t\t\t\t\t\t\t\t\t22:15<\/option>\n\t\t\t\t\t\t\t\t\t\t<option value=\"22:30\">\n\t\t\t\t\t\t\t\t\t\t\t22:30<\/option>\n\t\t\t\t\t\t\t\t\t\t<option value=\"22:45\">\n\t\t\t\t\t\t\t\t\t\t\t22:45<\/option>\n\t\t\t\t\t\t\t\t\t\t\t\t\t\t\t\t\t\t\t\t<option value=\"23:00\">\n\t\t\t\t\t\t\t\t\t\t\t23:00<\/option>\n\t\t\t\t\t\t\t\t\t\t<option value=\"23:15\">\n\t\t\t\t\t\t\t\t\t\t\t23:15<\/option>\n\t\t\t\t\t\t\t\t\t\t<option value=\"23:30\">\n\t\t\t\t\t\t\t\t\t\t\t23:30<\/option>\n\t\t\t\t\t\t\t\t\t\t<option value=\"23:45\">\n\t\t\t\t\t\t\t\t\t\t\t23:45<\/option>\n\t\t\t\t\t\t\t\t\t\t\t\t\t\t\t\t\t\t\t<\/select>\n\t\t\t\t\t\t\t\t<\/div>\n\t\t\t\t\t\t\t<\/div>\n\t\t\t\t\t\t<\/div>\n\t\t\t\t\t\t<div class=\"col-sm-6\">\n\t\t\t\t\t\t\t<div class=\"form-group\">\n\t\t\t\t\t\t\t\t<div id=\"bookingBox\"><\/div>\n\n\t\t\t\t\t\t\t\t<label for=\"devuelta\"><h4>D\u00e9p\u00f4t<\/h4><\/label>\n\t\t\t\t\t\t\t\t<select name=\"devuelta\" id=\"devuelta\" class=\"custom-select\">\n\t\t\t\t\t\t\t\t\t<option value=\"airport\"  selected>Malaga A\u00e9roport<\/option>\n\t\t\t\t\t\t\t\t\t\t\t\t\t\t\t\t<\/select>\n\n\t\t\t\t\t\t\t\t<div class=\"form-inline my-2\">\n\t\t\t\t\t\t\t\t\t<input id=\"dDate\" class=\"form-control\" value=\"14\/09\/2026\" name=\"dDate\" readonly>\n\t\t\t\t\t\t\t\t\t<select class=\"custom-select\" id=\"dhorasminutos\" name=\"dhorasminutos\" oninvalid=\"setCustomValidity('Faites-nous savoir votre heure de retour')\" onchange=\"setCustomValidity('')\">\n\t\t\t\t\t\t\t\t\t\t<option value=\"-\" selected>--:--<\/option>\n\t\t\t\t\t\t\t\t\t\t\t\t\t\t\t\t\t\t\t\t<option value=\"00:00\">\n\t\t\t\t\t\t\t\t\t\t\t00:00<\/option>\n\t\t\t\t\t\t\t\t\t\t<option value=\"00:15\">\n\t\t\t\t\t\t\t\t\t\t\t00:15<\/option>\n\t\t\t\t\t\t\t\t\t\t<option value=\"00:30\">\n\t\t\t\t\t\t\t\t\t\t\t00:30<\/option>\n\t\t\t\t\t\t\t\t\t\t<option value=\"00:45\">\n\t\t\t\t\t\t\t\t\t\t\t00:45<\/option>\n\t\t\t\t\t\t\t\t\t\t\t\t\t\t\t\t\t\t\t\t<option value=\"01:00\">\n\t\t\t\t\t\t\t\t\t\t\t01:00<\/option>\n\t\t\t\t\t\t\t\t\t\t<option value=\"01:15\">\n\t\t\t\t\t\t\t\t\t\t\t01:15<\/option>\n\t\t\t\t\t\t\t\t\t\t<option value=\"01:30\">\n\t\t\t\t\t\t\t\t\t\t\t01:30<\/option>\n\t\t\t\t\t\t\t\t\t\t<option value=\"01:45\">\n\t\t\t\t\t\t\t\t\t\t\t01:45<\/option>\n\t\t\t\t\t\t\t\t\t\t\t\t\t\t\t\t\t\t\t\t<option value=\"02:00\">\n\t\t\t\t\t\t\t\t\t\t\t02:00<\/option>\n\t\t\t\t\t\t\t\t\t\t<option value=\"02:15\">\n\t\t\t\t\t\t\t\t\t\t\t02:15<\/option>\n\t\t\t\t\t\t\t\t\t\t<option value=\"02:30\">\n\t\t\t\t\t\t\t\t\t\t\t02:30<\/option>\n\t\t\t\t\t\t\t\t\t\t<option value=\"02:45\">\n\t\t\t\t\t\t\t\t\t\t\t02:45<\/option>\n\t\t\t\t\t\t\t\t\t\t\t\t\t\t\t\t\t\t\t\t<option value=\"03:00\">\n\t\t\t\t\t\t\t\t\t\t\t03:00<\/option>\n\t\t\t\t\t\t\t\t\t\t<option value=\"03:15\">\n\t\t\t\t\t\t\t\t\t\t\t03:15<\/option>\n\t\t\t\t\t\t\t\t\t\t<option value=\"03:30\">\n\t\t\t\t\t\t\t\t\t\t\t03:30<\/option>\n\t\t\t\t\t\t\t\t\t\t<option value=\"03:45\">\n\t\t\t\t\t\t\t\t\t\t\t03:45<\/option>\n\t\t\t\t\t\t\t\t\t\t\t\t\t\t\t\t\t\t\t\t<option value=\"04:00\">\n\t\t\t\t\t\t\t\t\t\t\t04:00<\/option>\n\t\t\t\t\t\t\t\t\t\t<option value=\"04:15\">\n\t\t\t\t\t\t\t\t\t\t\t04:15<\/option>\n\t\t\t\t\t\t\t\t\t\t<option value=\"04:30\">\n\t\t\t\t\t\t\t\t\t\t\t04:30<\/option>\n\t\t\t\t\t\t\t\t\t\t<option value=\"04:45\">\n\t\t\t\t\t\t\t\t\t\t\t04:45<\/option>\n\t\t\t\t\t\t\t\t\t\t\t\t\t\t\t\t\t\t\t\t<option value=\"05:00\">\n\t\t\t\t\t\t\t\t\t\t\t05:00<\/option>\n\t\t\t\t\t\t\t\t\t\t<option value=\"05:15\">\n\t\t\t\t\t\t\t\t\t\t\t05:15<\/option>\n\t\t\t\t\t\t\t\t\t\t<option value=\"05:30\">\n\t\t\t\t\t\t\t\t\t\t\t05:30<\/option>\n\t\t\t\t\t\t\t\t\t\t<option value=\"05:45\">\n\t\t\t\t\t\t\t\t\t\t\t05:45<\/option>\n\t\t\t\t\t\t\t\t\t\t\t\t\t\t\t\t\t\t\t\t<option value=\"06:00\">\n\t\t\t\t\t\t\t\t\t\t\t06:00<\/option>\n\t\t\t\t\t\t\t\t\t\t<option value=\"06:15\">\n\t\t\t\t\t\t\t\t\t\t\t06:15<\/option>\n\t\t\t\t\t\t\t\t\t\t<option value=\"06:30\">\n\t\t\t\t\t\t\t\t\t\t\t06:30<\/option>\n\t\t\t\t\t\t\t\t\t\t<option value=\"06:45\">\n\t\t\t\t\t\t\t\t\t\t\t06:45<\/option>\n\t\t\t\t\t\t\t\t\t\t\t\t\t\t\t\t\t\t\t\t<option value=\"07:00\">\n\t\t\t\t\t\t\t\t\t\t\t07:00<\/option>\n\t\t\t\t\t\t\t\t\t\t<option value=\"07:15\">\n\t\t\t\t\t\t\t\t\t\t\t07:15<\/option>\n\t\t\t\t\t\t\t\t\t\t<option value=\"07:30\">\n\t\t\t\t\t\t\t\t\t\t\t07:30<\/option>\n\t\t\t\t\t\t\t\t\t\t<option value=\"07:45\">\n\t\t\t\t\t\t\t\t\t\t\t07:45<\/option>\n\t\t\t\t\t\t\t\t\t\t\t\t\t\t\t\t\t\t\t\t<option value=\"08:00\">\n\t\t\t\t\t\t\t\t\t\t\t08:00<\/option>\n\t\t\t\t\t\t\t\t\t\t<option value=\"08:15\">\n\t\t\t\t\t\t\t\t\t\t\t08:15<\/option>\n\t\t\t\t\t\t\t\t\t\t<option value=\"08:30\">\n\t\t\t\t\t\t\t\t\t\t\t08:30<\/option>\n\t\t\t\t\t\t\t\t\t\t<option value=\"08:45\">\n\t\t\t\t\t\t\t\t\t\t\t08:45<\/option>\n\t\t\t\t\t\t\t\t\t\t\t\t\t\t\t\t\t\t\t\t<option value=\"09:00\">\n\t\t\t\t\t\t\t\t\t\t\t09:00<\/option>\n\t\t\t\t\t\t\t\t\t\t<option value=\"09:15\">\n\t\t\t\t\t\t\t\t\t\t\t09:15<\/option>\n\t\t\t\t\t\t\t\t\t\t<option value=\"09:30\">\n\t\t\t\t\t\t\t\t\t\t\t09:30<\/option>\n\t\t\t\t\t\t\t\t\t\t<option value=\"09:45\">\n\t\t\t\t\t\t\t\t\t\t\t09:45<\/option>\n\t\t\t\t\t\t\t\t\t\t\t\t\t\t\t\t\t\t\t\t<option value=\"10:00\">\n\t\t\t\t\t\t\t\t\t\t\t10:00<\/option>\n\t\t\t\t\t\t\t\t\t\t<option value=\"10:15\">\n\t\t\t\t\t\t\t\t\t\t\t10:15<\/option>\n\t\t\t\t\t\t\t\t\t\t<option value=\"10:30\">\n\t\t\t\t\t\t\t\t\t\t\t10:30<\/option>\n\t\t\t\t\t\t\t\t\t\t<option value=\"10:45\">\n\t\t\t\t\t\t\t\t\t\t\t10:45<\/option>\n\t\t\t\t\t\t\t\t\t\t\t\t\t\t\t\t\t\t\t\t<option value=\"11:00\">\n\t\t\t\t\t\t\t\t\t\t\t11:00<\/option>\n\t\t\t\t\t\t\t\t\t\t<option value=\"11:15\">\n\t\t\t\t\t\t\t\t\t\t\t11:15<\/option>\n\t\t\t\t\t\t\t\t\t\t<option value=\"11:30\">\n\t\t\t\t\t\t\t\t\t\t\t11:30<\/option>\n\t\t\t\t\t\t\t\t\t\t<option value=\"11:45\">\n\t\t\t\t\t\t\t\t\t\t\t11:45<\/option>\n\t\t\t\t\t\t\t\t\t\t\t\t\t\t\t\t\t\t\t\t<option value=\"12:00\">\n\t\t\t\t\t\t\t\t\t\t\t12:00<\/option>\n\t\t\t\t\t\t\t\t\t\t<option value=\"12:15\">\n\t\t\t\t\t\t\t\t\t\t\t12:15<\/option>\n\t\t\t\t\t\t\t\t\t\t<option value=\"12:30\">\n\t\t\t\t\t\t\t\t\t\t\t12:30<\/option>\n\t\t\t\t\t\t\t\t\t\t<option value=\"12:45\">\n\t\t\t\t\t\t\t\t\t\t\t12:45<\/option>\n\t\t\t\t\t\t\t\t\t\t\t\t\t\t\t\t\t\t\t\t<option value=\"13:00\">\n\t\t\t\t\t\t\t\t\t\t\t13:00<\/option>\n\t\t\t\t\t\t\t\t\t\t<option value=\"13:15\">\n\t\t\t\t\t\t\t\t\t\t\t13:15<\/option>\n\t\t\t\t\t\t\t\t\t\t<option value=\"13:30\">\n\t\t\t\t\t\t\t\t\t\t\t13:30<\/option>\n\t\t\t\t\t\t\t\t\t\t<option value=\"13:45\">\n\t\t\t\t\t\t\t\t\t\t\t13:45<\/option>\n\t\t\t\t\t\t\t\t\t\t\t\t\t\t\t\t\t\t\t\t<option value=\"14:00\">\n\t\t\t\t\t\t\t\t\t\t\t14:00<\/option>\n\t\t\t\t\t\t\t\t\t\t<option value=\"14:15\">\n\t\t\t\t\t\t\t\t\t\t\t14:15<\/option>\n\t\t\t\t\t\t\t\t\t\t<option value=\"14:30\">\n\t\t\t\t\t\t\t\t\t\t\t14:30<\/option>\n\t\t\t\t\t\t\t\t\t\t<option value=\"14:45\">\n\t\t\t\t\t\t\t\t\t\t\t14:45<\/option>\n\t\t\t\t\t\t\t\t\t\t\t\t\t\t\t\t\t\t\t\t<option value=\"15:00\">\n\t\t\t\t\t\t\t\t\t\t\t15:00<\/option>\n\t\t\t\t\t\t\t\t\t\t<option value=\"15:15\">\n\t\t\t\t\t\t\t\t\t\t\t15:15<\/option>\n\t\t\t\t\t\t\t\t\t\t<option value=\"15:30\">\n\t\t\t\t\t\t\t\t\t\t\t15:30<\/option>\n\t\t\t\t\t\t\t\t\t\t<option value=\"15:45\">\n\t\t\t\t\t\t\t\t\t\t\t15:45<\/option>\n\t\t\t\t\t\t\t\t\t\t\t\t\t\t\t\t\t\t\t\t<option value=\"16:00\">\n\t\t\t\t\t\t\t\t\t\t\t16:00<\/option>\n\t\t\t\t\t\t\t\t\t\t<option value=\"16:15\">\n\t\t\t\t\t\t\t\t\t\t\t16:15<\/option>\n\t\t\t\t\t\t\t\t\t\t<option value=\"16:30\">\n\t\t\t\t\t\t\t\t\t\t\t16:30<\/option>\n\t\t\t\t\t\t\t\t\t\t<option value=\"16:45\">\n\t\t\t\t\t\t\t\t\t\t\t16:45<\/option>\n\t\t\t\t\t\t\t\t\t\t\t\t\t\t\t\t\t\t\t\t<option value=\"17:00\">\n\t\t\t\t\t\t\t\t\t\t\t17:00<\/option>\n\t\t\t\t\t\t\t\t\t\t<option value=\"17:15\">\n\t\t\t\t\t\t\t\t\t\t\t17:15<\/option>\n\t\t\t\t\t\t\t\t\t\t<option value=\"17:30\">\n\t\t\t\t\t\t\t\t\t\t\t17:30<\/option>\n\t\t\t\t\t\t\t\t\t\t<option value=\"17:45\">\n\t\t\t\t\t\t\t\t\t\t\t17:45<\/option>\n\t\t\t\t\t\t\t\t\t\t\t\t\t\t\t\t\t\t\t\t<option value=\"18:00\">\n\t\t\t\t\t\t\t\t\t\t\t18:00<\/option>\n\t\t\t\t\t\t\t\t\t\t<option value=\"18:15\">\n\t\t\t\t\t\t\t\t\t\t\t18:15<\/option>\n\t\t\t\t\t\t\t\t\t\t<option value=\"18:30\">\n\t\t\t\t\t\t\t\t\t\t\t18:30<\/option>\n\t\t\t\t\t\t\t\t\t\t<option value=\"18:45\">\n\t\t\t\t\t\t\t\t\t\t\t18:45<\/option>\n\t\t\t\t\t\t\t\t\t\t\t\t\t\t\t\t\t\t\t\t<option value=\"19:00\">\n\t\t\t\t\t\t\t\t\t\t\t19:00<\/option>\n\t\t\t\t\t\t\t\t\t\t<option value=\"19:15\">\n\t\t\t\t\t\t\t\t\t\t\t19:15<\/option>\n\t\t\t\t\t\t\t\t\t\t<option value=\"19:30\">\n\t\t\t\t\t\t\t\t\t\t\t19:30<\/option>\n\t\t\t\t\t\t\t\t\t\t<option value=\"19:45\">\n\t\t\t\t\t\t\t\t\t\t\t19:45<\/option>\n\t\t\t\t\t\t\t\t\t\t\t\t\t\t\t\t\t\t\t\t<option value=\"20:00\">\n\t\t\t\t\t\t\t\t\t\t\t20:00<\/option>\n\t\t\t\t\t\t\t\t\t\t<option value=\"20:15\">\n\t\t\t\t\t\t\t\t\t\t\t20:15<\/option>\n\t\t\t\t\t\t\t\t\t\t<option value=\"20:30\">\n\t\t\t\t\t\t\t\t\t\t\t20:30<\/option>\n\t\t\t\t\t\t\t\t\t\t<option value=\"20:45\">\n\t\t\t\t\t\t\t\t\t\t\t20:45<\/option>\n\t\t\t\t\t\t\t\t\t\t\t\t\t\t\t\t\t\t\t\t<option value=\"21:00\">\n\t\t\t\t\t\t\t\t\t\t\t21:00<\/option>\n\t\t\t\t\t\t\t\t\t\t<option value=\"21:15\">\n\t\t\t\t\t\t\t\t\t\t\t21:15<\/option>\n\t\t\t\t\t\t\t\t\t\t<option value=\"21:30\">\n\t\t\t\t\t\t\t\t\t\t\t21:30<\/option>\n\t\t\t\t\t\t\t\t\t\t<option value=\"21:45\">\n\t\t\t\t\t\t\t\t\t\t\t21:45<\/option>\n\t\t\t\t\t\t\t\t\t\t\t\t\t\t\t\t\t\t\t\t<option value=\"22:00\">\n\t\t\t\t\t\t\t\t\t\t\t22:00<\/option>\n\t\t\t\t\t\t\t\t\t\t<option value=\"22:15\">\n\t\t\t\t\t\t\t\t\t\t\t22:15<\/option>\n\t\t\t\t\t\t\t\t\t\t<option value=\"22:30\">\n\t\t\t\t\t\t\t\t\t\t\t22:30<\/option>\n\t\t\t\t\t\t\t\t\t\t<option value=\"22:45\">\n\t\t\t\t\t\t\t\t\t\t\t22:45<\/option>\n\t\t\t\t\t\t\t\t\t\t\t\t\t\t\t\t\t\t\t\t<option value=\"23:00\">\n\t\t\t\t\t\t\t\t\t\t\t23:00<\/option>\n\t\t\t\t\t\t\t\t\t\t<option value=\"23:15\">\n\t\t\t\t\t\t\t\t\t\t\t23:15<\/option>\n\t\t\t\t\t\t\t\t\t\t<option value=\"23:30\">\n\t\t\t\t\t\t\t\t\t\t\t23:30<\/option>\n\t\t\t\t\t\t\t\t\t\t<option value=\"23:45\">\n\t\t\t\t\t\t\t\t\t\t\t23:45<\/option>\n\t\t\t\t\t\t\t\t\t\t\t\t\t\t\t\t\t\t\t<\/select>\n\t\t\t\t\t\t\t\t<\/div>\n\t\t\t\t\t\t\t<\/div>\n\t\t\t\t\t\t<\/div>\n\n\t\t\t\t\t<\/div>\n\t\t\t\t\n\n\t\t\t\t\t\t<div class=\"row\">\n                               <div class=\"col-sm-6\">\n\t\t\t\t\t\t\t\t<div class=\"form-group promo-code\">\n\t\t\t\t\t\t\t\t\t\t\t\t\t\t\t\t\t<label for=\"tipogrupo\" class=\"w-50 text-right pr-3 pt-1\">Group<\/label>\n\t\t\t\t\t\t\t\t\t<select name=\"tipogrupo\" id=\"tipogrupo\" class=\"form-control w-50\">\n\t\t\t\t\t\t\t\t\t<option value=\"0\">Voir tous<\/option>\n\t\t\t                        <option value=\"1\">Standard<\/option> \n\t\t\t\t\t\t\t\t\t<option value=\"2\">Automatique<\/option>  \n\t\t\t\t\t\t\t\t\t<option value=\"4\">Transporteurs<\/option>  \n\t\t\t\t\t\t\t\t\t<option value=\"5\">Cabriolet et Sport<\/option>  \n\t\t\t\t\t\t\t\t\t<option value=\"6\">Prestige<\/option>  \n\t\t\t\t\t\t\t\t\t<option value=\"8\">SUV<\/option>  \n\t\t\t\t\t\t\t\t\t<option value=\"10\">Camping car et Autocaravane<\/option>  \t\t\t\t\t\t\t\n\t\t\t\t\t\t\t\t<\/select>\t\n\t\t\t\t\t\t\t\t\t\n\t\t\t\t\t\t\t<\/div>\n\t\t\t\t\t\t\t<\/div>\n\t\t\t\t\t\t<div class=\"col-sm-6 align-self-end\">\n\t\t\t\t\t\t\t<div class=\"form-group\">\n\t\t\t\t\t\t\t\t<input type=\"submit\" class=\"btn-quote\" value=\"Voir les prix\" onclick=\"return msgAlert()\">\n\t\t\t\t\t\t\t<\/div>\n\t\t\t\t\t\t<\/div>\n\t\t\t\t\t<\/div>\n\t\t\t\t<\/form>\n\t\t\t\t<div class=\"row hide-mini-tablet advantages\">\n\t\t\t\t\t\t<div class=\"col-12\">\n\t\t\t\t\t\t\t<h4 class=\"text-center text-white\">TARIFS IMBATTABLES<\/h4>\n\t\t\t\t\t\t\t<ul>\n\t\t\t\t\t\t\t\t<li><strong>Grande flotte<\/strong> de voitures neuves.<\/li>\n\t\t\t\t\t\t\t\t<li><strong>Payez \u00e0 l'arriv\u00e9e<\/strong>.<\/li>\n\t\t\t\t\t\t\t\t<li>Ce que vous voyez est ce que vous payez.<\/li>\n\t\t\t\t\t\t\t\t<li><strong>Pas difficile \u00e0 vendre au bureau<\/strong>.<\/li>\n\t\t\t\t\t\t\t\t<li>Service de livraison VIP gratuit.<\/li>\n\t\t\t\t\t\t\t\t<li><strong class='redpassion-alt'>PAS DE FRAIS SUPPL\u00c9MENTAIRES<\/strong>, pour le service de ravitaillement.<\/li>\n\t\t\t\t\t\t\t<\/ul>\n\t\t\t\t\t\t<\/div>\n\t\t\t\t\t<\/div>\n\t\t\t\t<\/div>\n\t\t\t<br clear=\"all\">\n\n","protected":false},"excerpt":{"rendered":"<p>\u00c0 deux heures et demie de route de Malaga se trouve S\u00e9ville, la magnifique capitale de l&rsquo;Andalousie. Si vous visitez la Costa del Sol, vous pouvez pr\u00e9voir par exemple quelques jours pour d\u00e9couvrir l&rsquo;\u00e9norme patrimoine historique. Si votre point de d\u00e9part est la Costa del Sol, vous avez plusieurs possibilit\u00e9s pour vous rendre de Malaga [&hellip;]<\/p>\n","protected":false},"author":1,"featured_media":2470,"comment_status":"open","ping_status":"closed","sticky":false,"template":"","format":"standard","meta":{"footnotes":""},"categories":[86],"tags":[91,76],"class_list":["post-2469","post","type-post","status-publish","format-standard","has-post-thumbnail","hentry","category-conseils","tag-a-voir","tag-itineraires-en-voiture"],"yoast_head":"<!-- This site is optimized with the Yoast SEO plugin v28.4 - https:\/\/yoast.com\/product\/yoast-seo-wordpress\/ -->\n<title>De Malaga \u00e0 S\u00e9ville - Capitale de l&#039;Andalousie et ville du patrimoine<\/title>\n<meta name=\"description\" content=\"Plusieurs routes relient Malaga \u00e0 S\u00e9ville, en passant par des paysages magnifiques et un grand patrimoine historique.\" \/>\n<meta name=\"robots\" content=\"index, follow, max-snippet:-1, max-image-preview:large, max-video-preview:-1\" \/>\n<link rel=\"canonical\" href=\"https:\/\/www.malagacar.com\/fr\/blog\/conseils\/de-malaga-a-seville\/\" \/>\n<meta property=\"og:locale\" content=\"fr_FR\" \/>\n<meta property=\"og:type\" content=\"article\" \/>\n<meta property=\"og:title\" content=\"De Malaga \u00e0 S\u00e9ville - Capitale de l&#039;Andalousie et ville du patrimoine\" \/>\n<meta property=\"og:description\" content=\"Plusieurs routes relient Malaga \u00e0 S\u00e9ville, en passant par des paysages magnifiques et un grand patrimoine historique.\" \/>\n<meta property=\"og:url\" content=\"https:\/\/www.malagacar.com\/fr\/blog\/conseils\/de-malaga-a-seville\/\" \/>\n<meta property=\"og:site_name\" content=\"Blog de MalagaCar.com\" \/>\n<meta property=\"article:publisher\" content=\"https:\/\/www.facebook.com\/malagacar\" \/>\n<meta property=\"article:published_time\" content=\"2025-05-26T09:22:24+00:00\" \/>\n<meta property=\"article:modified_time\" content=\"2025-05-26T09:25:56+00:00\" \/>\n<meta property=\"og:image\" content=\"https:\/\/www.malagacar.com\/fr\/blog\/wp-content\/uploads\/2025\/05\/sevilla-cartel1.jpg\" \/>\n\t<meta property=\"og:image:width\" content=\"1000\" \/>\n\t<meta property=\"og:image:height\" content=\"667\" \/>\n\t<meta property=\"og:image:type\" content=\"image\/jpeg\" \/>\n<meta name=\"author\" content=\"MalagaCar.com\" \/>\n<meta name=\"twitter:card\" content=\"summary_large_image\" \/>\n<meta name=\"twitter:creator\" content=\"@malagacarcom\" \/>\n<meta name=\"twitter:site\" content=\"@malagacarcom\" \/>\n<meta name=\"twitter:label1\" content=\"\u00c9crit par\" \/>\n\t<meta name=\"twitter:data1\" content=\"MalagaCar.com\" \/>\n\t<meta name=\"twitter:label2\" content=\"Dur\u00e9e de lecture estim\u00e9e\" \/>\n\t<meta name=\"twitter:data2\" content=\"13 minutes\" \/>\n<script type=\"application\/ld+json\" class=\"yoast-schema-graph\">{\"@context\":\"https:\\\/\\\/schema.org\",\"@graph\":[{\"@type\":\"Article\",\"@id\":\"https:\\\/\\\/www.malagacar.com\\\/fr\\\/blog\\\/conseils\\\/de-malaga-a-seville\\\/#article\",\"isPartOf\":{\"@id\":\"https:\\\/\\\/www.malagacar.com\\\/fr\\\/blog\\\/conseils\\\/de-malaga-a-seville\\\/\"},\"author\":{\"name\":\"MalagaCar.com\",\"@id\":\"https:\\\/\\\/www.malagacar.com\\\/fr\\\/blog\\\/#\\\/schema\\\/person\\\/ffb97005d02bcc7d0bb59f5409635691\"},\"headline\":\"De Malaga \u00e0 S\u00e9ville &#8211; Capitale de l&rsquo;Andalousie et ville du patrimoine\",\"datePublished\":\"2025-05-26T09:22:24+00:00\",\"dateModified\":\"2025-05-26T09:25:56+00:00\",\"mainEntityOfPage\":{\"@id\":\"https:\\\/\\\/www.malagacar.com\\\/fr\\\/blog\\\/conseils\\\/de-malaga-a-seville\\\/\"},\"wordCount\":1956,\"commentCount\":0,\"publisher\":{\"@id\":\"https:\\\/\\\/www.malagacar.com\\\/fr\\\/blog\\\/#organization\"},\"image\":{\"@id\":\"https:\\\/\\\/www.malagacar.com\\\/fr\\\/blog\\\/conseils\\\/de-malaga-a-seville\\\/#primaryimage\"},\"thumbnailUrl\":\"https:\\\/\\\/www.malagacar.com\\\/fr\\\/blog\\\/wp-content\\\/uploads\\\/2025\\\/05\\\/sevilla-cartel1.jpg\",\"keywords\":[\"\u00e0 voir\",\"itin\u00e9raires en voiture\"],\"articleSection\":[\"Conseils\"],\"inLanguage\":\"fr-FR\",\"potentialAction\":[{\"@type\":\"CommentAction\",\"name\":\"Comment\",\"target\":[\"https:\\\/\\\/www.malagacar.com\\\/fr\\\/blog\\\/conseils\\\/de-malaga-a-seville\\\/#respond\"]}]},{\"@type\":\"WebPage\",\"@id\":\"https:\\\/\\\/www.malagacar.com\\\/fr\\\/blog\\\/conseils\\\/de-malaga-a-seville\\\/\",\"url\":\"https:\\\/\\\/www.malagacar.com\\\/fr\\\/blog\\\/conseils\\\/de-malaga-a-seville\\\/\",\"name\":\"De Malaga \u00e0 S\u00e9ville - Capitale de l'Andalousie et ville du patrimoine\",\"isPartOf\":{\"@id\":\"https:\\\/\\\/www.malagacar.com\\\/fr\\\/blog\\\/#website\"},\"primaryImageOfPage\":{\"@id\":\"https:\\\/\\\/www.malagacar.com\\\/fr\\\/blog\\\/conseils\\\/de-malaga-a-seville\\\/#primaryimage\"},\"image\":{\"@id\":\"https:\\\/\\\/www.malagacar.com\\\/fr\\\/blog\\\/conseils\\\/de-malaga-a-seville\\\/#primaryimage\"},\"thumbnailUrl\":\"https:\\\/\\\/www.malagacar.com\\\/fr\\\/blog\\\/wp-content\\\/uploads\\\/2025\\\/05\\\/sevilla-cartel1.jpg\",\"datePublished\":\"2025-05-26T09:22:24+00:00\",\"dateModified\":\"2025-05-26T09:25:56+00:00\",\"description\":\"Plusieurs routes relient Malaga \u00e0 S\u00e9ville, en passant par des paysages magnifiques et un grand patrimoine historique.\",\"breadcrumb\":{\"@id\":\"https:\\\/\\\/www.malagacar.com\\\/fr\\\/blog\\\/conseils\\\/de-malaga-a-seville\\\/#breadcrumb\"},\"inLanguage\":\"fr-FR\",\"potentialAction\":[{\"@type\":\"ReadAction\",\"target\":[\"https:\\\/\\\/www.malagacar.com\\\/fr\\\/blog\\\/conseils\\\/de-malaga-a-seville\\\/\"]}]},{\"@type\":\"ImageObject\",\"inLanguage\":\"fr-FR\",\"@id\":\"https:\\\/\\\/www.malagacar.com\\\/fr\\\/blog\\\/conseils\\\/de-malaga-a-seville\\\/#primaryimage\",\"url\":\"https:\\\/\\\/www.malagacar.com\\\/fr\\\/blog\\\/wp-content\\\/uploads\\\/2025\\\/05\\\/sevilla-cartel1.jpg\",\"contentUrl\":\"https:\\\/\\\/www.malagacar.com\\\/fr\\\/blog\\\/wp-content\\\/uploads\\\/2025\\\/05\\\/sevilla-cartel1.jpg\",\"width\":1000,\"height\":667,\"caption\":\"De Malaga \u00e0 S\u00e9ville\"},{\"@type\":\"BreadcrumbList\",\"@id\":\"https:\\\/\\\/www.malagacar.com\\\/fr\\\/blog\\\/conseils\\\/de-malaga-a-seville\\\/#breadcrumb\",\"itemListElement\":[{\"@type\":\"ListItem\",\"position\":1,\"name\":\"Accueil\",\"item\":\"https:\\\/\\\/www.malagacar.com\\\/fr\\\/blog\\\/\"},{\"@type\":\"ListItem\",\"position\":2,\"name\":\"De Malaga \u00e0 S\u00e9ville &#8211; Capitale de l&#8217;Andalousie et ville du patrimoine\"}]},{\"@type\":\"WebSite\",\"@id\":\"https:\\\/\\\/www.malagacar.com\\\/fr\\\/blog\\\/#website\",\"url\":\"https:\\\/\\\/www.malagacar.com\\\/fr\\\/blog\\\/\",\"name\":\"Blog de MalagaCar.com\",\"description\":\"Nouvelles et informations int\u00e9ressantes sur la location de voitures \u00e0 l&#039;a\u00e9roport de Malaga.\",\"publisher\":{\"@id\":\"https:\\\/\\\/www.malagacar.com\\\/fr\\\/blog\\\/#organization\"},\"potentialAction\":[{\"@type\":\"SearchAction\",\"target\":{\"@type\":\"EntryPoint\",\"urlTemplate\":\"https:\\\/\\\/www.malagacar.com\\\/fr\\\/blog\\\/?s={search_term_string}\"},\"query-input\":{\"@type\":\"PropertyValueSpecification\",\"valueRequired\":true,\"valueName\":\"search_term_string\"}}],\"inLanguage\":\"fr-FR\"},{\"@type\":\"Organization\",\"@id\":\"https:\\\/\\\/www.malagacar.com\\\/fr\\\/blog\\\/#organization\",\"name\":\"MalagaCar.com\",\"url\":\"https:\\\/\\\/www.malagacar.com\\\/fr\\\/blog\\\/\",\"logo\":{\"@type\":\"ImageObject\",\"inLanguage\":\"fr-FR\",\"@id\":\"https:\\\/\\\/www.malagacar.com\\\/fr\\\/blog\\\/#\\\/schema\\\/logo\\\/image\\\/\",\"url\":\"https:\\\/\\\/www.malagacar.com\\\/fr\\\/blog\\\/wp-content\\\/uploads\\\/2021\\\/06\\\/logo-malagacar-social.png\",\"contentUrl\":\"https:\\\/\\\/www.malagacar.com\\\/fr\\\/blog\\\/wp-content\\\/uploads\\\/2021\\\/06\\\/logo-malagacar-social.png\",\"width\":900,\"height\":900,\"caption\":\"MalagaCar.com\"},\"image\":{\"@id\":\"https:\\\/\\\/www.malagacar.com\\\/fr\\\/blog\\\/#\\\/schema\\\/logo\\\/image\\\/\"},\"sameAs\":[\"https:\\\/\\\/www.facebook.com\\\/malagacar\",\"https:\\\/\\\/x.com\\\/malagacarcom\",\"https:\\\/\\\/www.instagram.com\\\/malagacar\\\/\",\"https:\\\/\\\/www.linkedin.com\\\/company\\\/malagacar.com\",\"https:\\\/\\\/www.youtube.com\\\/c\\\/MalagacarAirport\"]},{\"@type\":\"Person\",\"@id\":\"https:\\\/\\\/www.malagacar.com\\\/fr\\\/blog\\\/#\\\/schema\\\/person\\\/ffb97005d02bcc7d0bb59f5409635691\",\"name\":\"MalagaCar.com\",\"image\":{\"@type\":\"ImageObject\",\"inLanguage\":\"fr-FR\",\"@id\":\"https:\\\/\\\/secure.gravatar.com\\\/avatar\\\/296ebc31026e7be05868369e4c596b3239b1582b2fcf8a45de57333e2e82bb82?s=96&d=mm&r=g\",\"url\":\"https:\\\/\\\/secure.gravatar.com\\\/avatar\\\/296ebc31026e7be05868369e4c596b3239b1582b2fcf8a45de57333e2e82bb82?s=96&d=mm&r=g\",\"contentUrl\":\"https:\\\/\\\/secure.gravatar.com\\\/avatar\\\/296ebc31026e7be05868369e4c596b3239b1582b2fcf8a45de57333e2e82bb82?s=96&d=mm&r=g\",\"caption\":\"MalagaCar.com\"},\"sameAs\":[\"https:\\\/\\\/www.malagacar.com\\\/fr\\\/blog\"]}]}<\/script>\n<!-- \/ Yoast SEO plugin. -->","yoast_head_json":{"title":"De Malaga \u00e0 S\u00e9ville - Capitale de l'Andalousie et ville du patrimoine","description":"Plusieurs routes relient Malaga \u00e0 S\u00e9ville, en passant par des paysages magnifiques et un grand patrimoine historique.","robots":{"index":"index","follow":"follow","max-snippet":"max-snippet:-1","max-image-preview":"max-image-preview:large","max-video-preview":"max-video-preview:-1"},"canonical":"https:\/\/www.malagacar.com\/fr\/blog\/conseils\/de-malaga-a-seville\/","og_locale":"fr_FR","og_type":"article","og_title":"De Malaga \u00e0 S\u00e9ville - Capitale de l'Andalousie et ville du patrimoine","og_description":"Plusieurs routes relient Malaga \u00e0 S\u00e9ville, en passant par des paysages magnifiques et un grand patrimoine historique.","og_url":"https:\/\/www.malagacar.com\/fr\/blog\/conseils\/de-malaga-a-seville\/","og_site_name":"Blog de MalagaCar.com","article_publisher":"https:\/\/www.facebook.com\/malagacar","article_published_time":"2025-05-26T09:22:24+00:00","article_modified_time":"2025-05-26T09:25:56+00:00","og_image":[{"width":1000,"height":667,"url":"https:\/\/www.malagacar.com\/fr\/blog\/wp-content\/uploads\/2025\/05\/sevilla-cartel1.jpg","type":"image\/jpeg"}],"author":"MalagaCar.com","twitter_card":"summary_large_image","twitter_creator":"@malagacarcom","twitter_site":"@malagacarcom","twitter_misc":{"\u00c9crit par":"MalagaCar.com","Dur\u00e9e de lecture estim\u00e9e":"13 minutes"},"schema":{"@context":"https:\/\/schema.org","@graph":[{"@type":"Article","@id":"https:\/\/www.malagacar.com\/fr\/blog\/conseils\/de-malaga-a-seville\/#article","isPartOf":{"@id":"https:\/\/www.malagacar.com\/fr\/blog\/conseils\/de-malaga-a-seville\/"},"author":{"name":"MalagaCar.com","@id":"https:\/\/www.malagacar.com\/fr\/blog\/#\/schema\/person\/ffb97005d02bcc7d0bb59f5409635691"},"headline":"De Malaga \u00e0 S\u00e9ville &#8211; Capitale de l&rsquo;Andalousie et ville du patrimoine","datePublished":"2025-05-26T09:22:24+00:00","dateModified":"2025-05-26T09:25:56+00:00","mainEntityOfPage":{"@id":"https:\/\/www.malagacar.com\/fr\/blog\/conseils\/de-malaga-a-seville\/"},"wordCount":1956,"commentCount":0,"publisher":{"@id":"https:\/\/www.malagacar.com\/fr\/blog\/#organization"},"image":{"@id":"https:\/\/www.malagacar.com\/fr\/blog\/conseils\/de-malaga-a-seville\/#primaryimage"},"thumbnailUrl":"https:\/\/www.malagacar.com\/fr\/blog\/wp-content\/uploads\/2025\/05\/sevilla-cartel1.jpg","keywords":["\u00e0 voir","itin\u00e9raires en voiture"],"articleSection":["Conseils"],"inLanguage":"fr-FR","potentialAction":[{"@type":"CommentAction","name":"Comment","target":["https:\/\/www.malagacar.com\/fr\/blog\/conseils\/de-malaga-a-seville\/#respond"]}]},{"@type":"WebPage","@id":"https:\/\/www.malagacar.com\/fr\/blog\/conseils\/de-malaga-a-seville\/","url":"https:\/\/www.malagacar.com\/fr\/blog\/conseils\/de-malaga-a-seville\/","name":"De Malaga \u00e0 S\u00e9ville - Capitale de l'Andalousie et ville du patrimoine","isPartOf":{"@id":"https:\/\/www.malagacar.com\/fr\/blog\/#website"},"primaryImageOfPage":{"@id":"https:\/\/www.malagacar.com\/fr\/blog\/conseils\/de-malaga-a-seville\/#primaryimage"},"image":{"@id":"https:\/\/www.malagacar.com\/fr\/blog\/conseils\/de-malaga-a-seville\/#primaryimage"},"thumbnailUrl":"https:\/\/www.malagacar.com\/fr\/blog\/wp-content\/uploads\/2025\/05\/sevilla-cartel1.jpg","datePublished":"2025-05-26T09:22:24+00:00","dateModified":"2025-05-26T09:25:56+00:00","description":"Plusieurs routes relient Malaga \u00e0 S\u00e9ville, en passant par des paysages magnifiques et un grand patrimoine historique.","breadcrumb":{"@id":"https:\/\/www.malagacar.com\/fr\/blog\/conseils\/de-malaga-a-seville\/#breadcrumb"},"inLanguage":"fr-FR","potentialAction":[{"@type":"ReadAction","target":["https:\/\/www.malagacar.com\/fr\/blog\/conseils\/de-malaga-a-seville\/"]}]},{"@type":"ImageObject","inLanguage":"fr-FR","@id":"https:\/\/www.malagacar.com\/fr\/blog\/conseils\/de-malaga-a-seville\/#primaryimage","url":"https:\/\/www.malagacar.com\/fr\/blog\/wp-content\/uploads\/2025\/05\/sevilla-cartel1.jpg","contentUrl":"https:\/\/www.malagacar.com\/fr\/blog\/wp-content\/uploads\/2025\/05\/sevilla-cartel1.jpg","width":1000,"height":667,"caption":"De Malaga \u00e0 S\u00e9ville"},{"@type":"BreadcrumbList","@id":"https:\/\/www.malagacar.com\/fr\/blog\/conseils\/de-malaga-a-seville\/#breadcrumb","itemListElement":[{"@type":"ListItem","position":1,"name":"Accueil","item":"https:\/\/www.malagacar.com\/fr\/blog\/"},{"@type":"ListItem","position":2,"name":"De Malaga \u00e0 S\u00e9ville &#8211; Capitale de l&#8217;Andalousie et ville du patrimoine"}]},{"@type":"WebSite","@id":"https:\/\/www.malagacar.com\/fr\/blog\/#website","url":"https:\/\/www.malagacar.com\/fr\/blog\/","name":"Blog de MalagaCar.com","description":"Nouvelles et informations int\u00e9ressantes sur la location de voitures \u00e0 l&#039;a\u00e9roport de Malaga.","publisher":{"@id":"https:\/\/www.malagacar.com\/fr\/blog\/#organization"},"potentialAction":[{"@type":"SearchAction","target":{"@type":"EntryPoint","urlTemplate":"https:\/\/www.malagacar.com\/fr\/blog\/?s={search_term_string}"},"query-input":{"@type":"PropertyValueSpecification","valueRequired":true,"valueName":"search_term_string"}}],"inLanguage":"fr-FR"},{"@type":"Organization","@id":"https:\/\/www.malagacar.com\/fr\/blog\/#organization","name":"MalagaCar.com","url":"https:\/\/www.malagacar.com\/fr\/blog\/","logo":{"@type":"ImageObject","inLanguage":"fr-FR","@id":"https:\/\/www.malagacar.com\/fr\/blog\/#\/schema\/logo\/image\/","url":"https:\/\/www.malagacar.com\/fr\/blog\/wp-content\/uploads\/2021\/06\/logo-malagacar-social.png","contentUrl":"https:\/\/www.malagacar.com\/fr\/blog\/wp-content\/uploads\/2021\/06\/logo-malagacar-social.png","width":900,"height":900,"caption":"MalagaCar.com"},"image":{"@id":"https:\/\/www.malagacar.com\/fr\/blog\/#\/schema\/logo\/image\/"},"sameAs":["https:\/\/www.facebook.com\/malagacar","https:\/\/x.com\/malagacarcom","https:\/\/www.instagram.com\/malagacar\/","https:\/\/www.linkedin.com\/company\/malagacar.com","https:\/\/www.youtube.com\/c\/MalagacarAirport"]},{"@type":"Person","@id":"https:\/\/www.malagacar.com\/fr\/blog\/#\/schema\/person\/ffb97005d02bcc7d0bb59f5409635691","name":"MalagaCar.com","image":{"@type":"ImageObject","inLanguage":"fr-FR","@id":"https:\/\/secure.gravatar.com\/avatar\/296ebc31026e7be05868369e4c596b3239b1582b2fcf8a45de57333e2e82bb82?s=96&d=mm&r=g","url":"https:\/\/secure.gravatar.com\/avatar\/296ebc31026e7be05868369e4c596b3239b1582b2fcf8a45de57333e2e82bb82?s=96&d=mm&r=g","contentUrl":"https:\/\/secure.gravatar.com\/avatar\/296ebc31026e7be05868369e4c596b3239b1582b2fcf8a45de57333e2e82bb82?s=96&d=mm&r=g","caption":"MalagaCar.com"},"sameAs":["https:\/\/www.malagacar.com\/fr\/blog"]}]}},"_links":{"self":[{"href":"https:\/\/www.malagacar.com\/fr\/blog\/wp-json\/wp\/v2\/posts\/2469","targetHints":{"allow":["GET"]}}],"collection":[{"href":"https:\/\/www.malagacar.com\/fr\/blog\/wp-json\/wp\/v2\/posts"}],"about":[{"href":"https:\/\/www.malagacar.com\/fr\/blog\/wp-json\/wp\/v2\/types\/post"}],"author":[{"embeddable":true,"href":"https:\/\/www.malagacar.com\/fr\/blog\/wp-json\/wp\/v2\/users\/1"}],"replies":[{"embeddable":true,"href":"https:\/\/www.malagacar.com\/fr\/blog\/wp-json\/wp\/v2\/comments?post=2469"}],"version-history":[{"count":17,"href":"https:\/\/www.malagacar.com\/fr\/blog\/wp-json\/wp\/v2\/posts\/2469\/revisions"}],"predecessor-version":[{"id":2487,"href":"https:\/\/www.malagacar.com\/fr\/blog\/wp-json\/wp\/v2\/posts\/2469\/revisions\/2487"}],"wp:featuredmedia":[{"embeddable":true,"href":"https:\/\/www.malagacar.com\/fr\/blog\/wp-json\/wp\/v2\/media\/2470"}],"wp:attachment":[{"href":"https:\/\/www.malagacar.com\/fr\/blog\/wp-json\/wp\/v2\/media?parent=2469"}],"wp:term":[{"taxonomy":"category","embeddable":true,"href":"https:\/\/www.malagacar.com\/fr\/blog\/wp-json\/wp\/v2\/categories?post=2469"},{"taxonomy":"post_tag","embeddable":true,"href":"https:\/\/www.malagacar.com\/fr\/blog\/wp-json\/wp\/v2\/tags?post=2469"}],"curies":[{"name":"wp","href":"https:\/\/api.w.org\/{rel}","templated":true}]}}