{"id":252,"date":"2022-04-18T13:51:02","date_gmt":"2022-04-18T11:51:02","guid":{"rendered":"https:\/\/www.malagacar.com\/fr\/blog\/?p=252"},"modified":"2022-05-11T07:25:11","modified_gmt":"2022-05-11T05:25:11","slug":"voyager-avec-enfants-a-costa-del-sol","status":"publish","type":"post","link":"https:\/\/www.malagacar.com\/fr\/blog\/loisirs\/voyager-avec-enfants-a-costa-del-sol\/","title":{"rendered":"Voyager avec des enfants sur la Costa del Sol"},"content":{"rendered":"<p>Avoir un b\u00e9b\u00e9 ou un petit enfant n&rsquo;est pas une raison pour se priver de belles vacances, bien au contraire!<\/p>\n<p>S&rsquo;\u00e9vader dans le <strong>climat doux de Malaga<\/strong>, sous un ciel presque toujours bleu, et recharger les batteries ne fera pas seulement plaisir aux parents. D\u00e9couvrir le monde, jouer sur la plage et profiter des vagues de la mer seront des souvenirs imp\u00e9rissables pour les enfants.<\/p>\n<p><!--more--><\/p>\n<p>La <strong>Costa del Sol est l&rsquo;une des destinations les plus populaires au monde pour les familles<\/strong> et est parfaite pour les parents de jeunes enfants et de b\u00e9b\u00e9s.<\/p>\n<p>Elle dispose d&rsquo;une excellente infrastructure d&rsquo;h\u00f4tels et d&rsquo;appartements de vacances <strong>\u00e0 seulement 2,5 heures des principales villes d&rsquo;Europe centrale<\/strong>, ce qui est \u00e9galement un \u00e9norme avantage si l&rsquo;on consid\u00e8re que l&rsquo;on ne souhaite pas voyager pendant de longues heures avec un enfant en bas \u00e2ge.<\/p>\n<p>Mais si vous vous sentez un peu intimid\u00e9 par la perspective de voyager avec un b\u00e9b\u00e9 pour la premi\u00e8re fois, notre guide du voyage avec des enfants vous encouragera \u00e0 penser que des vacances agr\u00e9ables en famille sont non seulement possibles, mais qu&rsquo;elles peuvent \u00eatre une exp\u00e9rience magnifique et m\u00e9morable.<\/p>\n\n            <div class=\"banner\">\n                <div class=\"row\">\n                    <div class=\"col-sm-4\">\n                        <a href=\"\/fr\/location-de-voitures\/quote.php\" data-wpel-link=\"internal\"><img decoding=\"async\" src=\"\/images\/banner-img.jpg\" alt=\"malagacar.com\"><\/a>\n                    <\/div>\n                    <div class=\"col-sm-8\">\n                      <a href=\"\/fr\/location-de-voitures\/quote.php\" class=\"banner-title\" data-wpel-link=\"internal\">Meilleure location de voitures <div>\u00e0 l'a\u00e9roport de Malaga<\/div><\/a>   \n                        <div class=\"row\">\n                            <div class=\"col-sm-7\">\n                                <ul>\n                                    <li>Pas de frais de ravitaillement<\/li>\n                                    <li>Annulation gratuite<\/li>\n                                    <li>Location sans interm\u00e9diaire<\/li>\n                                    <li>Payez lorsque vous prenez la voiture<\/li>\n                                    <li><\/li>\n                                <\/ul>\n                            <\/div>\n                            <div class=\"col-sm-5\">\n                                <a class=\"btn-banner\" href=\"\/fr\/location-de-voitures\/quote.php\" data-wpel-link=\"internal\">Consultez les prix<\/a>\n                                <img decoding=\"async\" class=\"zonturent\" src=\"\/images\/zontu-banner.png\" alt=\"\">\n                            <\/div>\n                        <\/div>\n                    <\/div>\n                 <\/div>  \n            <\/div>\n            \n<div id=\"ez-toc-container\" class=\"ez-toc-v2_0_87 counter-hierarchy ez-toc-counter ez-toc-light-blue ez-toc-container-direction\">\n<p class=\"ez-toc-title\" style=\"cursor:inherit\">Table des mati\u00e8res<\/p>\n<label for=\"ez-toc-cssicon-toggle-item-6a9a43248a9ac\" class=\"ez-toc-cssicon-toggle-label\"><span class=\"\"><span class=\"eztoc-hide\" style=\"display:none;\">Toggle<\/span><span class=\"ez-toc-icon-toggle-span\"><svg style=\"fill: #999;color:#999\" xmlns=\"http:\/\/www.w3.org\/2000\/svg\" class=\"list-377408\" width=\"20px\" height=\"20px\" viewBox=\"0 0 24 24\" fill=\"none\"><path d=\"M6 6H4v2h2V6zm14 0H8v2h12V6zM4 11h2v2H4v-2zm16 0H8v2h12v-2zM4 16h2v2H4v-2zm16 0H8v2h12v-2z\" fill=\"currentColor\"><\/path><\/svg><svg style=\"fill: #999;color:#999\" class=\"arrow-unsorted-368013\" xmlns=\"http:\/\/www.w3.org\/2000\/svg\" width=\"10px\" height=\"10px\" viewBox=\"0 0 24 24\" version=\"1.2\" baseProfile=\"tiny\"><path d=\"M18.2 9.3l-6.2-6.3-6.2 6.3c-.2.2-.3.4-.3.7s.1.5.3.7c.2.2.4.3.7.3h11c.3 0 .5-.1.7-.3.2-.2.3-.5.3-.7s-.1-.5-.3-.7zM5.8 14.7l6.2 6.3 6.2-6.3c.2-.2.3-.5.3-.7s-.1-.5-.3-.7c-.2-.2-.4-.3-.7-.3h-11c-.3 0-.5.1-.7.3-.2.2-.3.5-.3.7s.1.5.3.7z\"\/><\/svg><\/span><\/span><\/label><input type=\"checkbox\"  id=\"ez-toc-cssicon-toggle-item-6a9a43248a9ac\"  aria-label=\"Toggle\" \/><nav><ul class='ez-toc-list ez-toc-list-level-1 ' ><li class='ez-toc-page-1 ez-toc-heading-level-2'><a class=\"ez-toc-link ez-toc-heading-1\" href=\"https:\/\/www.malagacar.com\/fr\/blog\/loisirs\/voyager-avec-enfants-a-costa-del-sol\/#Voyager_avec_des_enfants_sur_la_Costa_del_Sol\" data-wpel-link=\"internal\">Voyager avec des enfants sur la Costa del Sol<\/a><ul class='ez-toc-list-level-3' ><li class='ez-toc-heading-level-3'><a class=\"ez-toc-link ez-toc-heading-2\" href=\"https:\/\/www.malagacar.com\/fr\/blog\/loisirs\/voyager-avec-enfants-a-costa-del-sol\/#Verifiez_le_poids_de_vos_bagages\" data-wpel-link=\"internal\">V\u00e9rifiez le poids de vos bagages<\/a><\/li><li class='ez-toc-page-1 ez-toc-heading-level-3'><a class=\"ez-toc-link ez-toc-heading-3\" href=\"https:\/\/www.malagacar.com\/fr\/blog\/loisirs\/voyager-avec-enfants-a-costa-del-sol\/#Documents\" data-wpel-link=\"internal\">Documents<\/a><\/li><li class='ez-toc-page-1 ez-toc-heading-level-3'><a class=\"ez-toc-link ez-toc-heading-4\" href=\"https:\/\/www.malagacar.com\/fr\/blog\/loisirs\/voyager-avec-enfants-a-costa-del-sol\/#A_laeroport\" data-wpel-link=\"internal\">\u00c0 l&rsquo;a\u00e9roport<\/a><\/li><li class='ez-toc-page-1 ez-toc-heading-level-3'><a class=\"ez-toc-link ez-toc-heading-5\" href=\"https:\/\/www.malagacar.com\/fr\/blog\/loisirs\/voyager-avec-enfants-a-costa-del-sol\/#Controle_de_securite\" data-wpel-link=\"internal\">Contr\u00f4le de s\u00e9curit\u00e9<\/a><\/li><li class='ez-toc-page-1 ez-toc-heading-level-3'><a class=\"ez-toc-link ez-toc-heading-6\" href=\"https:\/\/www.malagacar.com\/fr\/blog\/loisirs\/voyager-avec-enfants-a-costa-del-sol\/#Puis-je_emmener_la_poussette_dans_lavion\" data-wpel-link=\"internal\">Puis-je emmener la poussette dans l&rsquo;avion ?<\/a><\/li><li class='ez-toc-page-1 ez-toc-heading-level-3'><a class=\"ez-toc-link ez-toc-heading-7\" href=\"https:\/\/www.malagacar.com\/fr\/blog\/loisirs\/voyager-avec-enfants-a-costa-del-sol\/#Et_le_siege_auto\" data-wpel-link=\"internal\">Et le si\u00e8ge auto ?<\/a><\/li><\/ul><\/li><li class='ez-toc-page-1 ez-toc-heading-level-2'><a class=\"ez-toc-link ez-toc-heading-8\" href=\"https:\/\/www.malagacar.com\/fr\/blog\/loisirs\/voyager-avec-enfants-a-costa-del-sol\/#Voyager_avec_des_enfants_sur_la_Costa_del_Sol-2\" data-wpel-link=\"internal\">Voyager avec des enfants sur la Costa del Sol<\/a><ul class='ez-toc-list-level-3' ><li class='ez-toc-heading-level-3'><a class=\"ez-toc-link ez-toc-heading-9\" href=\"https:\/\/www.malagacar.com\/fr\/blog\/loisirs\/voyager-avec-enfants-a-costa-del-sol\/#Shopping\" data-wpel-link=\"internal\">Shopping<\/a><\/li><li class='ez-toc-page-1 ez-toc-heading-level-3'><a class=\"ez-toc-link ez-toc-heading-10\" href=\"https:\/\/www.malagacar.com\/fr\/blog\/loisirs\/voyager-avec-enfants-a-costa-del-sol\/#Bien_protege\" data-wpel-link=\"internal\">Bien prot\u00e9g\u00e9<\/a><\/li><\/ul><\/li><\/ul><\/nav><\/div>\n<h2><span class=\"ez-toc-section\" id=\"Voyager_avec_des_enfants_sur_la_Costa_del_Sol\"><\/span>Voyager avec des enfants sur la Costa del Sol<span class=\"ez-toc-section-end\"><\/span><\/h2>\n<p>Dans la premi\u00e8re partie de ce guide, nous aborderons les \u00e9l\u00e9ments que vous devez prendre en compte pour votre voyage.<\/p>\n<h3><span class=\"ez-toc-section\" id=\"Verifiez_le_poids_de_vos_bagages\"><\/span>V\u00e9rifiez le poids de vos bagages<span class=\"ez-toc-section-end\"><\/span><\/h3>\n<p>La plupart des compagnies a\u00e9riennes vous autorisent \u00e0 emporter un article d&rsquo;\u00e9quipement pour b\u00e9b\u00e9 en plus de vos bagages (comme une chaise de voyage ou un lit d&rsquo;enfant), mais peu d&rsquo;entre elles proposent un espace d\u00e9di\u00e9 \u00e0 votre b\u00e9b\u00e9.<\/p>\n<p>Cela signifie que tous les \u00e9l\u00e9ments essentiels, comme le lait et les couches volumineuses, finissent par s&rsquo;entasser dans votre valise. La plupart des compagnies a\u00e9riennes appliquant des restrictions de poids strictes sur les bagages enregistr\u00e9s, vous devez faire attention \u00e0 cet aspect en premier lieu, car les <strong>frais d&rsquo;exc\u00e9dent de bagages peuvent \u00eatre astronomiques<\/strong>.<\/p>\n<p>Utilisez votre <strong>bagage \u00e0 main<\/strong> \u00e0 bon escient et r\u00e9fl\u00e9chissez bien \u00e0 <strong>ce dont vous aurez besoin pour votre b\u00e9b\u00e9 pendant le vol<\/strong>. Le lait (dans des cartons scell\u00e9s ou \u00eates-vous pr\u00eat \u00e0 l&rsquo;ouvrir et \u00e0 le go\u00fbter devant la s\u00e9curit\u00e9), la nourriture et le mat\u00e9riel d&rsquo;alimentation, les lingettes, les couches, les v\u00eatements de rechange pour vous et le b\u00e9b\u00e9, et quelques petits jouets sont essentiels. Si votre petit utilise une t\u00e9tine, n&rsquo;oubliez pas d&rsquo;en apporter une de plus.<\/p>\n<p>Remarque: si votre b\u00e9b\u00e9 voyage sur les genoux d&rsquo;un adulte, le bagage \u00e0 main n&rsquo;est pas inclus. <\/p>\n<p>Les enfants et les nourrissons occupant leur propre si\u00e8ge peuvent transporter le m\u00eame bagage \u00e0 main que les adultes.<\/p>\n<p><img loading=\"lazy\" decoding=\"async\" src=\"https:\/\/www.malagacar.com\/fr\/blog\/wp-content\/uploads\/2022\/04\/baby-avion.jpg\" alt=\"\" width=\"700\" height=\"793\" class=\"aligncenter size-full wp-image-258\" srcset=\"https:\/\/www.malagacar.com\/fr\/blog\/wp-content\/uploads\/2022\/04\/baby-avion.jpg 700w, https:\/\/www.malagacar.com\/fr\/blog\/wp-content\/uploads\/2022\/04\/baby-avion-265x300.jpg 265w\" sizes=\"auto, (max-width: 700px) 100vw, 700px\" \/><\/p>\n<p>En ce qui concerne les <strong>bagages enregistr\u00e9s<\/strong>, r\u00e9fl\u00e9chissez bien avant de voyager \u00e0 ce dont vous aurez besoin, si vous devez les apporter de chez vous ou si vous pouvez les acheter (ou les louer) \u00e0 destination.<\/p>\n<p>Cela vous \u00e9vite d&rsquo;avoir \u00e0 transporter des bagages lourds, ce qui est un facteur de stress suppl\u00e9mentaire (surtout en \u00e9t\u00e9).<\/p>\n<h3><span class=\"ez-toc-section\" id=\"Documents\"><\/span>Documents<span class=\"ez-toc-section-end\"><\/span><\/h3>\n<p>Pour pouvoir voyager, vous avez besoin de: <\/p>\n<p>Vols int\u00e9rieurs: Les enfants de moins de 14 ans ne sont pas tenus de pr\u00e9senter des documents, \u00e0 condition qu&rsquo;ils soient sur la m\u00eame r\u00e9servation que l&rsquo;adulte. <\/p>\n<p>Vols internationaux: Les enfants de moins de 14 ans doivent pr\u00e9senter leurs propres documents (carte d&rsquo;identit\u00e9 ou passeport), le livret de famille n&rsquo;est pas valable.<\/p>\n<h3><span class=\"ez-toc-section\" id=\"A_laeroport\"><\/span>\u00c0 l&rsquo;a\u00e9roport<span class=\"ez-toc-section-end\"><\/span><\/h3>\n<h4>Salle d&rsquo;allaitement<\/h4>\n<p>L&rsquo;a\u00e9roport de Malaga-Costa del Sol dispose d&rsquo;une salle d&rsquo;allaitement situ\u00e9e dans la zone d&#8217;embarquement, entre les quais B et C.<\/p>\n<p>Les installations sont gratuites et \u00e0 l&rsquo;usage exclusif des familles avec des b\u00e9b\u00e9s et des enfants, avec une salle \u00e0 manger, des toilettes, un espace pour ramper et une salle d&rsquo;allaitement.<\/p>\n<figure id=\"attachment_257\" aria-describedby=\"caption-attachment-257\" style=\"width: 768px\" class=\"wp-caption aligncenter\"><img loading=\"lazy\" decoding=\"async\" src=\"https:\/\/www.malagacar.com\/fr\/blog\/wp-content\/uploads\/2022\/04\/sal-lactancia-768x390-1.jpg\" alt=\"\" width=\"768\" height=\"390\" class=\"size-full wp-image-257\" srcset=\"https:\/\/www.malagacar.com\/fr\/blog\/wp-content\/uploads\/2022\/04\/sal-lactancia-768x390-1.jpg 768w, https:\/\/www.malagacar.com\/fr\/blog\/wp-content\/uploads\/2022\/04\/sal-lactancia-768x390-1-300x152.jpg 300w\" sizes=\"auto, (max-width: 768px) 100vw, 768px\" \/><figcaption id=\"caption-attachment-257\" class=\"wp-caption-text\">Localisation de la salle d&rsquo;allaitement et de la salle familiale \u00e0 l&rsquo;a\u00e9roport de Malaga<\/figcaption><\/figure>\n<h3><span class=\"ez-toc-section\" id=\"Controle_de_securite\"><\/span>Contr\u00f4le de s\u00e9curit\u00e9<span class=\"ez-toc-section-end\"><\/span><\/h3>\n<p>Bien que les liquides ne soient pas autoris\u00e9s dans les bagages \u00e0 main, il existe des exceptions pour les besoins m\u00e9dicaux et les b\u00e9b\u00e9s. Vous n&rsquo;avez donc pas \u00e0 <strong>vous inqui\u00e9ter et vous pouvez emporter tous les liquides, aliments pour b\u00e9b\u00e9s et autres aliments dont votre b\u00e9b\u00e9 ou votre jeune enfant aura besoin pendant le voyage<\/strong>.<\/p>\n<h3><span class=\"ez-toc-section\" id=\"Puis-je_emmener_la_poussette_dans_lavion\"><\/span>Puis-je emmener la poussette dans l&rsquo;avion ?<span class=\"ez-toc-section-end\"><\/span><\/h3>\n<p>La poussette pour b\u00e9b\u00e9 <strong>peut \u00eatre emport\u00e9e gratuitement dans l&rsquo;avion<\/strong>. A l&rsquo;arriv\u00e9e, un responsable se chargera de la mettre en soute et \u00e0 l&rsquo;arriv\u00e9e, elle vous sera remise \u00e0 la sortie de l&rsquo;avion ou vous pourrez la r\u00e9cup\u00e9rer au carrousel \u00e0 bagages, selon la compagnie a\u00e9rienne.<\/p>\n<h3><span class=\"ez-toc-section\" id=\"Et_le_siege_auto\"><\/span>Et le si\u00e8ge auto ?<span class=\"ez-toc-section-end\"><\/span><\/h3>\n<p>Les compagnies a\u00e9riennes autorisent l&#8217;emport \u00e0 bord de l&rsquo;avion d&rsquo;un si\u00e8ge auto pour b\u00e9b\u00e9s ou enfants dont l&rsquo;utilisation est autoris\u00e9e dans les avions. Veuillez noter que si vous utilisez un si\u00e8ge auto pour des enfants de moins de 2 ans, vous devez acheter un si\u00e8ge s\u00e9par\u00e9 pour la compagnie a\u00e9rienne.<\/p>\n<figure id=\"attachment_256\" aria-describedby=\"caption-attachment-256\" style=\"width: 700px\" class=\"wp-caption aligncenter\"><img loading=\"lazy\" decoding=\"async\" src=\"https:\/\/www.malagacar.com\/fr\/blog\/wp-content\/uploads\/2022\/04\/maxi-cosi_.jpg\" alt=\"\" width=\"700\" height=\"810\" class=\"size-full wp-image-256\" srcset=\"https:\/\/www.malagacar.com\/fr\/blog\/wp-content\/uploads\/2022\/04\/maxi-cosi_.jpg 700w, https:\/\/www.malagacar.com\/fr\/blog\/wp-content\/uploads\/2022\/04\/maxi-cosi_-259x300.jpg 259w\" sizes=\"auto, (max-width: 700px) 100vw, 700px\" \/><figcaption id=\"caption-attachment-256\" class=\"wp-caption-text\">Si\u00e8ge b\u00e9b\u00e9 MaxiCosi<\/figcaption><\/figure>\n<p>Sachant que vous devrez transporter un bagage suppl\u00e9mentaire et acheter un autre billet (g\u00e9n\u00e9ralement factur\u00e9 comme un enfant occupant un si\u00e8ge), nous vous recommandons d&rsquo;\u00e9liminer ce casse-t\u00eate et d&rsquo;<strong>ajouter simplement votre si\u00e8ge b\u00e9b\u00e9, Maxicosi ou rehausseur confortablement lors de la r\u00e9servation de votre location de voiture \u00e0 l&rsquo;a\u00e9roport de Malaga avec nous, <a href=\"https:\/\/www.malagacar.com\/\" data-wpel-link=\"internal\"><strong>Malagacar.com<\/strong><\/a><\/strong>.<\/p>\n<figure id=\"attachment_255\" aria-describedby=\"caption-attachment-255\" style=\"width: 768px\" class=\"wp-caption aligncenter\"><img loading=\"lazy\" decoding=\"async\" src=\"https:\/\/www.malagacar.com\/fr\/blog\/wp-content\/uploads\/2022\/04\/silla-coche-Foto-Dreamstime-768x419-1.jpg\" alt=\"\" width=\"768\" height=\"419\" class=\"size-full wp-image-255\" srcset=\"https:\/\/www.malagacar.com\/fr\/blog\/wp-content\/uploads\/2022\/04\/silla-coche-Foto-Dreamstime-768x419-1.jpg 768w, https:\/\/www.malagacar.com\/fr\/blog\/wp-content\/uploads\/2022\/04\/silla-coche-Foto-Dreamstime-768x419-1-300x164.jpg 300w\" sizes=\"auto, (max-width: 768px) 100vw, 768px\" \/><figcaption id=\"caption-attachment-255\" class=\"wp-caption-text\">Photo Dreamstime<\/figcaption><\/figure>\n<h2><span class=\"ez-toc-section\" id=\"Voyager_avec_des_enfants_sur_la_Costa_del_Sol-2\"><\/span>Voyager avec des enfants sur la Costa del Sol<span class=\"ez-toc-section-end\"><\/span><\/h2>\n<p>Nous pr\u00e9parerons bient\u00f4t d&rsquo;autres articles consacr\u00e9s exclusivement \u00e0 toutes les activit\u00e9s amusantes de la Costa del Sol dont vous pourrez profiter en famille, ainsi qu&rsquo;aux meilleurs h\u00f4tels pour s\u00e9journer \u00e0 Malaga avec des enfants, restez \u00e0 l&rsquo;\u00e9coute!<\/p>\n<p>Dans cet article, nous nous attachons \u00e0 vous aider \u00e0 pr\u00e9parer ce fabuleux voyage, avec tous les \u00e9l\u00e9ments essentiels \u00e0 prendre en compte.<\/p>\n<h3><span class=\"ez-toc-section\" id=\"Shopping\"><\/span>Shopping<span class=\"ez-toc-section-end\"><\/span><\/h3>\n<p>Tout d&rsquo;abord, Malaga n&rsquo;est pas le tiers monde. Sur la Costa del Sol en particulier, il existe un <strong>grand nombre de marques internationales que l<\/strong>&lsquo;on peut trouver dans certains grands supermarch\u00e9s. Ne remplissez donc pas trop vos valises avec des produits que vous pouvez \u00e9galement acheter ici.<\/p>\n<p>Les produits essentiels pour les b\u00e9b\u00e9s, tels que les couches, le lait maternis\u00e9 et les aliments de sevrage, peuvent facilement \u00eatre trouv\u00e9s dans l&rsquo;un des nombreux supermarch\u00e9s et pharmacies de Malaga.<\/p>\n<p>La plupart des marques d&rsquo;eau ont un symbole de b\u00e9b\u00e9 ou de biberon, mais si vous ne le voyez pas, v\u00e9rifiez l&rsquo;analyse min\u00e9rale pour le \u00ab\u00a0Na\u00a0\u00bb ou \u00ab\u00a0sodium\u00a0\u00bb &#8211; il doit \u00eatre aussi bas que possible et inf\u00e9rieur \u00e0 19.<\/p>\n<p>En g\u00e9n\u00e9ral, l&rsquo;eau de Malaga est potable, mais comme le m\u00e9lange de min\u00e9raux est diff\u00e9rent, elle peut causer de l\u00e9gers probl\u00e8mes d&rsquo;estomac chez les enfants.<\/p>\n<p>Les couches volumineuses peuvent \u00eatre achet\u00e9es dans presque tous les supermarch\u00e9s. Les couches de natation sont facilement disponibles car de nombreuses stations baln\u00e9aires (et les nombreux parcs aquatiques de la r\u00e9gion) n&rsquo;autorisent pas les enfants \u00e0 se baigner sans protection ad\u00e9quate.<\/p>\n<figure id=\"attachment_254\" aria-describedby=\"caption-attachment-254\" style=\"width: 768px\" class=\"wp-caption aligncenter\"><img loading=\"lazy\" decoding=\"async\" src=\"https:\/\/www.malagacar.com\/fr\/blog\/wp-content\/uploads\/2022\/04\/panales-Foto-El-blog-de-tu-bebe-768x512-1.jpg\" alt=\"\" width=\"768\" height=\"512\" class=\"size-full wp-image-254\" srcset=\"https:\/\/www.malagacar.com\/fr\/blog\/wp-content\/uploads\/2022\/04\/panales-Foto-El-blog-de-tu-bebe-768x512-1.jpg 768w, https:\/\/www.malagacar.com\/fr\/blog\/wp-content\/uploads\/2022\/04\/panales-Foto-El-blog-de-tu-bebe-768x512-1-300x200.jpg 300w\" sizes=\"auto, (max-width: 768px) 100vw, 768px\" \/><figcaption id=\"caption-attachment-254\" class=\"wp-caption-text\">Photo El blog de tu bebe<\/figcaption><\/figure>\n<h3><span class=\"ez-toc-section\" id=\"Bien_protege\"><\/span>Bien prot\u00e9g\u00e9<span class=\"ez-toc-section-end\"><\/span><\/h3>\n<p>Photoprotection<\/p>\n<p>Il est agr\u00e9able de voir les petits profiter du soleil ou jouer sur l&rsquo;une des nombreuses plages de la c\u00f4te, mais comme nous le savons tous, la peau des enfants est beaucoup plus sensible et nous devons faire tr\u00e8s attention \u00e0 la protection solaire.<\/p>\n<p>Les b\u00e9b\u00e9s de moins de 6 mois doivent \u00eatre compl\u00e8tement \u00e0 l&rsquo;abri de la lumi\u00e8re directe du soleil, et les enfants plus \u00e2g\u00e9s doivent porter des v\u00eatements l\u00e9gers et frais, un facteur de protection solaire \u00e9lev\u00e9 et un chapeau \u00e0 large bord adapt\u00e9.<\/p>\n<p><img loading=\"lazy\" decoding=\"async\" src=\"https:\/\/www.malagacar.com\/fr\/blog\/wp-content\/uploads\/2022\/04\/fotoprotector-768x509-1.jpg\" alt=\"\" width=\"768\" height=\"509\" class=\"aligncenter size-full wp-image-253\" srcset=\"https:\/\/www.malagacar.com\/fr\/blog\/wp-content\/uploads\/2022\/04\/fotoprotector-768x509-1.jpg 768w, https:\/\/www.malagacar.com\/fr\/blog\/wp-content\/uploads\/2022\/04\/fotoprotector-768x509-1-300x199.jpg 300w\" sizes=\"auto, (max-width: 768px) 100vw, 768px\" \/><\/p>\n<p>En fait, si vous voyagez \u00e0 Malaga, il est recommand\u00e9 aux enfants de <strong>porter un chapeau et une cr\u00e8me solaire, m\u00eame en dehors de la haute saison, afin de les prot\u00e9ger d&rsquo;une exposition aux UV plus importante que celle \u00e0 laquelle ils sont habitu\u00e9s<\/strong> chez eux.<\/p>\n<p>Veillez \u00e0 <strong>appliquer r\u00e9guli\u00e8rement de la cr\u00e8me solaire<\/strong> (surtout apr\u00e8s la baignade et le s\u00e9chage \u00e0 l&rsquo;aide d&rsquo;une serviette) et si votre enfant est un b\u00e9b\u00e9 aquatique, portez une attention particuli\u00e8re au visage, au cou et aux \u00e9paules &#8211; des zones plus susceptibles d&rsquo;\u00eatre br\u00fbl\u00e9es dans l&rsquo;eau.<\/p>\n<p>Les lunettes de soleil sont indispensables pour les enfants plus \u00e2g\u00e9s, et veillez \u00e0 ce qu&rsquo;ils ne soient pas expos\u00e9s au soleil pendant les heures les plus chaudes de la journ\u00e9e (de midi \u00e0 16 heures). Juste \u00e0 temps pour la sieste!<\/p>\n<p>Nous avons d\u00e9j\u00e0 vu bri\u00e8vement comment prot\u00e9ger la peau des enfants et des b\u00e9b\u00e9s contre les coups de soleil, mais beaucoup de gens sous-estiment encore la force du soleil, m\u00eame si vous \u00e9vitez les heures les plus chaudes de la journ\u00e9e.<\/p>\n<p>Si vous voyagez dans la province de Malaga dans l&rsquo;une de nos voitures de location, veillez \u00e0 emporter une bouteille suppl\u00e9mentaire de cr\u00e8me solaire et d&rsquo;eau en cas d&rsquo;arr\u00eat d&rsquo;urgence. Les jeunes enfants sont tr\u00e8s vite affect\u00e9s par la chaleur, veillez donc \u00e0 les garder au frais \u00e0 tout moment et \u00e0 ce que le si\u00e8ge b\u00e9b\u00e9 soit \u00e9quip\u00e9 d&rsquo;un parapluie ou d&rsquo;une couverture anti-UV.<\/p>\n<h4>S\u00e9curit\u00e9<\/h4>\n<p>Avant de voyager, v\u00e9rifiez aupr\u00e8s de l&rsquo;agent ou du propri\u00e9taire si le logement est adapt\u00e9 aux jeunes enfants et s&rsquo;il y a des \u00e9quipements de s\u00e9curit\u00e9.<\/p>\n<p>Par exemple, les barri\u00e8res d&rsquo;escalier sont tr\u00e8s utiles pour emp\u00eacher les petits explorateurs de s&rsquo;aventurer seuls et une veilleuse rassure non seulement un enfant qui a peur d&rsquo;une chambre inconnue, mais \u00e9vite aussi de tr\u00e9bucher. Un babyphone peut \u00e9galement rassurer les parents, m\u00eame si vous n&rsquo;en utilisez pas \u00e0 la maison.<\/p>\n<p>Les logements de vacances sont rarement con\u00e7us en pensant aux enfants et peuvent avoir des meubles qui ont l&rsquo;air fantastiques mais qui ont aussi des bords ou des coins pointus. Dans ce cas, un paquet bon march\u00e9 de corni\u00e8res de protection peut faire la diff\u00e9rence entre un enfant heureux et un voyage \u00e0 l&rsquo;h\u00f4pital local.<\/p>\n<h4>Pharmacies de garde<\/h4>\n<p>En Espagne, nous avons des lois tr\u00e8s strictes concernant le transport des enfants et des b\u00e9b\u00e9s dans les v\u00e9hicules.<\/p>\n<p><strong>Jusqu&rsquo;\u00e0 ce que l&rsquo;enfant atteigne l&rsquo;\u00e2ge de 12 ans ou mesure plus de 135 centim\u00e8tres, il est oblig\u00e9 de porter un dispositif de retenue pour enfant \u00e0 l&rsquo;arri\u00e8re de la voiture.<\/strong><\/p>\n<p>L&rsquo;amende pour non-respect de cette r\u00e9glementation peut aller jusqu&rsquo;\u00e0 200 euros et le retrait de 3 points sur le permis de conduire.<\/p>\n<p>Ainsi, si vous <a href=\"https:\/\/www.malagacar.com\/fr\/car\/car-hire-malaga-airport-rates.htm\" data-wpel-link=\"internal\">louez une voiture \u00e0 l&rsquo;a\u00e9roport de Malaga<\/a> et que vous voyagez avec des enfants, cette r\u00e8gle s&rsquo;applique \u00e0 partir du moment o\u00f9 vous r\u00e9cup\u00e9rez votre voiture \u00e0 notre bureau.<\/p>\n<p>Si vous ne souhaitez pas apporter votre propre si\u00e8ge b\u00e9b\u00e9, <strong>vous pouvez louer des si\u00e8ges auto, des si\u00e8ges b\u00e9b\u00e9 et des rehausseurs Maxi Cosi avec votre v\u00e9hicule aupr\u00e8s de Malagacar.com<\/strong> pour assurer la s\u00e9curit\u00e9 de votre petit.<\/p>\n<p>Ceci \u00e9tait un bref guide pour voyager avec des enfants sur la Costa del Sol pour vous aider \u00e0 tirer le meilleur parti de vos vacances en famille, nous esp\u00e9rons que vous l&rsquo;avez trouv\u00e9 utile!<\/p>\n","protected":false},"excerpt":{"rendered":"<p>Avoir un b\u00e9b\u00e9 ou un petit enfant n&rsquo;est pas une raison pour se priver de belles vacances, bien au contraire! S&rsquo;\u00e9vader dans le climat doux de Malaga, sous un ciel presque toujours bleu, et recharger les batteries ne fera pas seulement plaisir aux parents. D\u00e9couvrir le monde, jouer sur la plage et profiter des vagues [&hellip;]<\/p>\n","protected":false},"author":1,"featured_media":259,"comment_status":"open","ping_status":"open","sticky":false,"template":"","format":"standard","meta":{"footnotes":""},"categories":[2],"tags":[5,10,31,4,6],"class_list":["post-252","post","type-post","status-publish","format-standard","has-post-thumbnail","hentry","category-loisirs","tag-choses-a-faire","tag-costa-del-sol","tag-enfants","tag-malaga","tag-quoi-faire"],"yoast_head":"<!-- This site is optimized with the Yoast SEO plugin v28.4 - https:\/\/yoast.com\/product\/yoast-seo-wordpress\/ -->\n<title>Voyager avec des enfants sur la Costa del Sol - Blog de MalagaCar.com<\/title>\n<meta name=\"description\" content=\"La Costa del Sol est l&#039;une des destinations touristiques les plus populaires au monde pour les familles, et elle est parfaite pour les parents avec enfants et b\u00e9b\u00e9s.\" \/>\n<meta name=\"robots\" content=\"index, follow, max-snippet:-1, max-image-preview:large, max-video-preview:-1\" \/>\n<link rel=\"canonical\" href=\"https:\/\/www.malagacar.com\/fr\/blog\/loisirs\/voyager-avec-enfants-a-costa-del-sol\/\" \/>\n<meta property=\"og:locale\" content=\"fr_FR\" \/>\n<meta property=\"og:type\" content=\"article\" \/>\n<meta property=\"og:title\" content=\"Voyager avec des enfants sur la Costa del Sol - Blog de MalagaCar.com\" \/>\n<meta property=\"og:description\" content=\"La Costa del Sol est l&#039;une des destinations touristiques les plus populaires au monde pour les familles, et elle est parfaite pour les parents avec enfants et b\u00e9b\u00e9s.\" \/>\n<meta property=\"og:url\" content=\"https:\/\/www.malagacar.com\/fr\/blog\/loisirs\/voyager-avec-enfants-a-costa-del-sol\/\" \/>\n<meta property=\"og:site_name\" content=\"Blog de MalagaCar.com\" \/>\n<meta property=\"article:publisher\" content=\"https:\/\/www.facebook.com\/malagacar\" \/>\n<meta property=\"article:published_time\" content=\"2022-04-18T11:51:02+00:00\" \/>\n<meta property=\"article:modified_time\" content=\"2022-05-11T05:25:11+00:00\" \/>\n<meta property=\"og:image\" content=\"https:\/\/www.malagacar.com\/fr\/blog\/wp-content\/uploads\/2022\/04\/travelling-children-en-768x510-1.jpg\" \/>\n\t<meta property=\"og:image:width\" content=\"768\" \/>\n\t<meta property=\"og:image:height\" content=\"510\" \/>\n\t<meta property=\"og:image:type\" content=\"image\/jpeg\" \/>\n<meta name=\"author\" content=\"MalagaCar.com\" \/>\n<meta name=\"twitter:card\" content=\"summary_large_image\" \/>\n<meta name=\"twitter:creator\" content=\"@malagacarcom\" \/>\n<meta name=\"twitter:site\" content=\"@malagacarcom\" \/>\n<meta name=\"twitter:label1\" content=\"\u00c9crit par\" \/>\n\t<meta name=\"twitter:data1\" content=\"MalagaCar.com\" \/>\n\t<meta name=\"twitter:label2\" content=\"Dur\u00e9e de lecture estim\u00e9e\" \/>\n\t<meta name=\"twitter:data2\" content=\"10 minutes\" \/>\n<script type=\"application\/ld+json\" class=\"yoast-schema-graph\">{\"@context\":\"https:\\\/\\\/schema.org\",\"@graph\":[{\"@type\":\"Article\",\"@id\":\"https:\\\/\\\/www.malagacar.com\\\/fr\\\/blog\\\/loisirs\\\/voyager-avec-enfants-a-costa-del-sol\\\/#article\",\"isPartOf\":{\"@id\":\"https:\\\/\\\/www.malagacar.com\\\/fr\\\/blog\\\/loisirs\\\/voyager-avec-enfants-a-costa-del-sol\\\/\"},\"author\":{\"name\":\"MalagaCar.com\",\"@id\":\"https:\\\/\\\/www.malagacar.com\\\/fr\\\/blog\\\/#\\\/schema\\\/person\\\/ffb97005d02bcc7d0bb59f5409635691\"},\"headline\":\"Voyager avec des enfants sur la Costa del Sol\",\"datePublished\":\"2022-04-18T11:51:02+00:00\",\"dateModified\":\"2022-05-11T05:25:11+00:00\",\"mainEntityOfPage\":{\"@id\":\"https:\\\/\\\/www.malagacar.com\\\/fr\\\/blog\\\/loisirs\\\/voyager-avec-enfants-a-costa-del-sol\\\/\"},\"wordCount\":1916,\"commentCount\":0,\"publisher\":{\"@id\":\"https:\\\/\\\/www.malagacar.com\\\/fr\\\/blog\\\/#organization\"},\"image\":{\"@id\":\"https:\\\/\\\/www.malagacar.com\\\/fr\\\/blog\\\/loisirs\\\/voyager-avec-enfants-a-costa-del-sol\\\/#primaryimage\"},\"thumbnailUrl\":\"https:\\\/\\\/www.malagacar.com\\\/fr\\\/blog\\\/wp-content\\\/uploads\\\/2022\\\/04\\\/travelling-children-en-768x510-1.jpg\",\"keywords\":[\"choses \u00e0 faire\",\"costa del sol\",\"enfants\",\"malaga\",\"quoi faire\"],\"articleSection\":[\"Loisirs\"],\"inLanguage\":\"fr-FR\",\"potentialAction\":[{\"@type\":\"CommentAction\",\"name\":\"Comment\",\"target\":[\"https:\\\/\\\/www.malagacar.com\\\/fr\\\/blog\\\/loisirs\\\/voyager-avec-enfants-a-costa-del-sol\\\/#respond\"]}]},{\"@type\":\"WebPage\",\"@id\":\"https:\\\/\\\/www.malagacar.com\\\/fr\\\/blog\\\/loisirs\\\/voyager-avec-enfants-a-costa-del-sol\\\/\",\"url\":\"https:\\\/\\\/www.malagacar.com\\\/fr\\\/blog\\\/loisirs\\\/voyager-avec-enfants-a-costa-del-sol\\\/\",\"name\":\"Voyager avec des enfants sur la Costa del Sol - Blog de MalagaCar.com\",\"isPartOf\":{\"@id\":\"https:\\\/\\\/www.malagacar.com\\\/fr\\\/blog\\\/#website\"},\"primaryImageOfPage\":{\"@id\":\"https:\\\/\\\/www.malagacar.com\\\/fr\\\/blog\\\/loisirs\\\/voyager-avec-enfants-a-costa-del-sol\\\/#primaryimage\"},\"image\":{\"@id\":\"https:\\\/\\\/www.malagacar.com\\\/fr\\\/blog\\\/loisirs\\\/voyager-avec-enfants-a-costa-del-sol\\\/#primaryimage\"},\"thumbnailUrl\":\"https:\\\/\\\/www.malagacar.com\\\/fr\\\/blog\\\/wp-content\\\/uploads\\\/2022\\\/04\\\/travelling-children-en-768x510-1.jpg\",\"datePublished\":\"2022-04-18T11:51:02+00:00\",\"dateModified\":\"2022-05-11T05:25:11+00:00\",\"description\":\"La Costa del Sol est l'une des destinations touristiques les plus populaires au monde pour les familles, et elle est parfaite pour les parents avec enfants et b\u00e9b\u00e9s.\",\"breadcrumb\":{\"@id\":\"https:\\\/\\\/www.malagacar.com\\\/fr\\\/blog\\\/loisirs\\\/voyager-avec-enfants-a-costa-del-sol\\\/#breadcrumb\"},\"inLanguage\":\"fr-FR\",\"potentialAction\":[{\"@type\":\"ReadAction\",\"target\":[\"https:\\\/\\\/www.malagacar.com\\\/fr\\\/blog\\\/loisirs\\\/voyager-avec-enfants-a-costa-del-sol\\\/\"]}]},{\"@type\":\"ImageObject\",\"inLanguage\":\"fr-FR\",\"@id\":\"https:\\\/\\\/www.malagacar.com\\\/fr\\\/blog\\\/loisirs\\\/voyager-avec-enfants-a-costa-del-sol\\\/#primaryimage\",\"url\":\"https:\\\/\\\/www.malagacar.com\\\/fr\\\/blog\\\/wp-content\\\/uploads\\\/2022\\\/04\\\/travelling-children-en-768x510-1.jpg\",\"contentUrl\":\"https:\\\/\\\/www.malagacar.com\\\/fr\\\/blog\\\/wp-content\\\/uploads\\\/2022\\\/04\\\/travelling-children-en-768x510-1.jpg\",\"width\":768,\"height\":510},{\"@type\":\"BreadcrumbList\",\"@id\":\"https:\\\/\\\/www.malagacar.com\\\/fr\\\/blog\\\/loisirs\\\/voyager-avec-enfants-a-costa-del-sol\\\/#breadcrumb\",\"itemListElement\":[{\"@type\":\"ListItem\",\"position\":1,\"name\":\"Accueil\",\"item\":\"https:\\\/\\\/www.malagacar.com\\\/fr\\\/blog\\\/\"},{\"@type\":\"ListItem\",\"position\":2,\"name\":\"Voyager avec des enfants sur la Costa del Sol\"}]},{\"@type\":\"WebSite\",\"@id\":\"https:\\\/\\\/www.malagacar.com\\\/fr\\\/blog\\\/#website\",\"url\":\"https:\\\/\\\/www.malagacar.com\\\/fr\\\/blog\\\/\",\"name\":\"Blog de MalagaCar.com\",\"description\":\"Nouvelles et informations int\u00e9ressantes sur la location de voitures \u00e0 l&#039;a\u00e9roport de Malaga.\",\"publisher\":{\"@id\":\"https:\\\/\\\/www.malagacar.com\\\/fr\\\/blog\\\/#organization\"},\"potentialAction\":[{\"@type\":\"SearchAction\",\"target\":{\"@type\":\"EntryPoint\",\"urlTemplate\":\"https:\\\/\\\/www.malagacar.com\\\/fr\\\/blog\\\/?s={search_term_string}\"},\"query-input\":{\"@type\":\"PropertyValueSpecification\",\"valueRequired\":true,\"valueName\":\"search_term_string\"}}],\"inLanguage\":\"fr-FR\"},{\"@type\":\"Organization\",\"@id\":\"https:\\\/\\\/www.malagacar.com\\\/fr\\\/blog\\\/#organization\",\"name\":\"MalagaCar.com\",\"url\":\"https:\\\/\\\/www.malagacar.com\\\/fr\\\/blog\\\/\",\"logo\":{\"@type\":\"ImageObject\",\"inLanguage\":\"fr-FR\",\"@id\":\"https:\\\/\\\/www.malagacar.com\\\/fr\\\/blog\\\/#\\\/schema\\\/logo\\\/image\\\/\",\"url\":\"https:\\\/\\\/www.malagacar.com\\\/fr\\\/blog\\\/wp-content\\\/uploads\\\/2021\\\/06\\\/logo-malagacar-social.png\",\"contentUrl\":\"https:\\\/\\\/www.malagacar.com\\\/fr\\\/blog\\\/wp-content\\\/uploads\\\/2021\\\/06\\\/logo-malagacar-social.png\",\"width\":900,\"height\":900,\"caption\":\"MalagaCar.com\"},\"image\":{\"@id\":\"https:\\\/\\\/www.malagacar.com\\\/fr\\\/blog\\\/#\\\/schema\\\/logo\\\/image\\\/\"},\"sameAs\":[\"https:\\\/\\\/www.facebook.com\\\/malagacar\",\"https:\\\/\\\/x.com\\\/malagacarcom\",\"https:\\\/\\\/www.instagram.com\\\/malagacar\\\/\",\"https:\\\/\\\/www.linkedin.com\\\/company\\\/malagacar.com\",\"https:\\\/\\\/www.youtube.com\\\/c\\\/MalagacarAirport\"]},{\"@type\":\"Person\",\"@id\":\"https:\\\/\\\/www.malagacar.com\\\/fr\\\/blog\\\/#\\\/schema\\\/person\\\/ffb97005d02bcc7d0bb59f5409635691\",\"name\":\"MalagaCar.com\",\"image\":{\"@type\":\"ImageObject\",\"inLanguage\":\"fr-FR\",\"@id\":\"https:\\\/\\\/secure.gravatar.com\\\/avatar\\\/296ebc31026e7be05868369e4c596b3239b1582b2fcf8a45de57333e2e82bb82?s=96&d=mm&r=g\",\"url\":\"https:\\\/\\\/secure.gravatar.com\\\/avatar\\\/296ebc31026e7be05868369e4c596b3239b1582b2fcf8a45de57333e2e82bb82?s=96&d=mm&r=g\",\"contentUrl\":\"https:\\\/\\\/secure.gravatar.com\\\/avatar\\\/296ebc31026e7be05868369e4c596b3239b1582b2fcf8a45de57333e2e82bb82?s=96&d=mm&r=g\",\"caption\":\"MalagaCar.com\"},\"sameAs\":[\"https:\\\/\\\/www.malagacar.com\\\/fr\\\/blog\"]}]}<\/script>\n<!-- \/ Yoast SEO plugin. -->","yoast_head_json":{"title":"Voyager avec des enfants sur la Costa del Sol - Blog de MalagaCar.com","description":"La Costa del Sol est l'une des destinations touristiques les plus populaires au monde pour les familles, et elle est parfaite pour les parents avec enfants et b\u00e9b\u00e9s.","robots":{"index":"index","follow":"follow","max-snippet":"max-snippet:-1","max-image-preview":"max-image-preview:large","max-video-preview":"max-video-preview:-1"},"canonical":"https:\/\/www.malagacar.com\/fr\/blog\/loisirs\/voyager-avec-enfants-a-costa-del-sol\/","og_locale":"fr_FR","og_type":"article","og_title":"Voyager avec des enfants sur la Costa del Sol - Blog de MalagaCar.com","og_description":"La Costa del Sol est l'une des destinations touristiques les plus populaires au monde pour les familles, et elle est parfaite pour les parents avec enfants et b\u00e9b\u00e9s.","og_url":"https:\/\/www.malagacar.com\/fr\/blog\/loisirs\/voyager-avec-enfants-a-costa-del-sol\/","og_site_name":"Blog de MalagaCar.com","article_publisher":"https:\/\/www.facebook.com\/malagacar","article_published_time":"2022-04-18T11:51:02+00:00","article_modified_time":"2022-05-11T05:25:11+00:00","og_image":[{"width":768,"height":510,"url":"https:\/\/www.malagacar.com\/fr\/blog\/wp-content\/uploads\/2022\/04\/travelling-children-en-768x510-1.jpg","type":"image\/jpeg"}],"author":"MalagaCar.com","twitter_card":"summary_large_image","twitter_creator":"@malagacarcom","twitter_site":"@malagacarcom","twitter_misc":{"\u00c9crit par":"MalagaCar.com","Dur\u00e9e de lecture estim\u00e9e":"10 minutes"},"schema":{"@context":"https:\/\/schema.org","@graph":[{"@type":"Article","@id":"https:\/\/www.malagacar.com\/fr\/blog\/loisirs\/voyager-avec-enfants-a-costa-del-sol\/#article","isPartOf":{"@id":"https:\/\/www.malagacar.com\/fr\/blog\/loisirs\/voyager-avec-enfants-a-costa-del-sol\/"},"author":{"name":"MalagaCar.com","@id":"https:\/\/www.malagacar.com\/fr\/blog\/#\/schema\/person\/ffb97005d02bcc7d0bb59f5409635691"},"headline":"Voyager avec des enfants sur la Costa del Sol","datePublished":"2022-04-18T11:51:02+00:00","dateModified":"2022-05-11T05:25:11+00:00","mainEntityOfPage":{"@id":"https:\/\/www.malagacar.com\/fr\/blog\/loisirs\/voyager-avec-enfants-a-costa-del-sol\/"},"wordCount":1916,"commentCount":0,"publisher":{"@id":"https:\/\/www.malagacar.com\/fr\/blog\/#organization"},"image":{"@id":"https:\/\/www.malagacar.com\/fr\/blog\/loisirs\/voyager-avec-enfants-a-costa-del-sol\/#primaryimage"},"thumbnailUrl":"https:\/\/www.malagacar.com\/fr\/blog\/wp-content\/uploads\/2022\/04\/travelling-children-en-768x510-1.jpg","keywords":["choses \u00e0 faire","costa del sol","enfants","malaga","quoi faire"],"articleSection":["Loisirs"],"inLanguage":"fr-FR","potentialAction":[{"@type":"CommentAction","name":"Comment","target":["https:\/\/www.malagacar.com\/fr\/blog\/loisirs\/voyager-avec-enfants-a-costa-del-sol\/#respond"]}]},{"@type":"WebPage","@id":"https:\/\/www.malagacar.com\/fr\/blog\/loisirs\/voyager-avec-enfants-a-costa-del-sol\/","url":"https:\/\/www.malagacar.com\/fr\/blog\/loisirs\/voyager-avec-enfants-a-costa-del-sol\/","name":"Voyager avec des enfants sur la Costa del Sol - Blog de MalagaCar.com","isPartOf":{"@id":"https:\/\/www.malagacar.com\/fr\/blog\/#website"},"primaryImageOfPage":{"@id":"https:\/\/www.malagacar.com\/fr\/blog\/loisirs\/voyager-avec-enfants-a-costa-del-sol\/#primaryimage"},"image":{"@id":"https:\/\/www.malagacar.com\/fr\/blog\/loisirs\/voyager-avec-enfants-a-costa-del-sol\/#primaryimage"},"thumbnailUrl":"https:\/\/www.malagacar.com\/fr\/blog\/wp-content\/uploads\/2022\/04\/travelling-children-en-768x510-1.jpg","datePublished":"2022-04-18T11:51:02+00:00","dateModified":"2022-05-11T05:25:11+00:00","description":"La Costa del Sol est l'une des destinations touristiques les plus populaires au monde pour les familles, et elle est parfaite pour les parents avec enfants et b\u00e9b\u00e9s.","breadcrumb":{"@id":"https:\/\/www.malagacar.com\/fr\/blog\/loisirs\/voyager-avec-enfants-a-costa-del-sol\/#breadcrumb"},"inLanguage":"fr-FR","potentialAction":[{"@type":"ReadAction","target":["https:\/\/www.malagacar.com\/fr\/blog\/loisirs\/voyager-avec-enfants-a-costa-del-sol\/"]}]},{"@type":"ImageObject","inLanguage":"fr-FR","@id":"https:\/\/www.malagacar.com\/fr\/blog\/loisirs\/voyager-avec-enfants-a-costa-del-sol\/#primaryimage","url":"https:\/\/www.malagacar.com\/fr\/blog\/wp-content\/uploads\/2022\/04\/travelling-children-en-768x510-1.jpg","contentUrl":"https:\/\/www.malagacar.com\/fr\/blog\/wp-content\/uploads\/2022\/04\/travelling-children-en-768x510-1.jpg","width":768,"height":510},{"@type":"BreadcrumbList","@id":"https:\/\/www.malagacar.com\/fr\/blog\/loisirs\/voyager-avec-enfants-a-costa-del-sol\/#breadcrumb","itemListElement":[{"@type":"ListItem","position":1,"name":"Accueil","item":"https:\/\/www.malagacar.com\/fr\/blog\/"},{"@type":"ListItem","position":2,"name":"Voyager avec des enfants sur la Costa del Sol"}]},{"@type":"WebSite","@id":"https:\/\/www.malagacar.com\/fr\/blog\/#website","url":"https:\/\/www.malagacar.com\/fr\/blog\/","name":"Blog de MalagaCar.com","description":"Nouvelles et informations int\u00e9ressantes sur la location de voitures \u00e0 l&#039;a\u00e9roport de Malaga.","publisher":{"@id":"https:\/\/www.malagacar.com\/fr\/blog\/#organization"},"potentialAction":[{"@type":"SearchAction","target":{"@type":"EntryPoint","urlTemplate":"https:\/\/www.malagacar.com\/fr\/blog\/?s={search_term_string}"},"query-input":{"@type":"PropertyValueSpecification","valueRequired":true,"valueName":"search_term_string"}}],"inLanguage":"fr-FR"},{"@type":"Organization","@id":"https:\/\/www.malagacar.com\/fr\/blog\/#organization","name":"MalagaCar.com","url":"https:\/\/www.malagacar.com\/fr\/blog\/","logo":{"@type":"ImageObject","inLanguage":"fr-FR","@id":"https:\/\/www.malagacar.com\/fr\/blog\/#\/schema\/logo\/image\/","url":"https:\/\/www.malagacar.com\/fr\/blog\/wp-content\/uploads\/2021\/06\/logo-malagacar-social.png","contentUrl":"https:\/\/www.malagacar.com\/fr\/blog\/wp-content\/uploads\/2021\/06\/logo-malagacar-social.png","width":900,"height":900,"caption":"MalagaCar.com"},"image":{"@id":"https:\/\/www.malagacar.com\/fr\/blog\/#\/schema\/logo\/image\/"},"sameAs":["https:\/\/www.facebook.com\/malagacar","https:\/\/x.com\/malagacarcom","https:\/\/www.instagram.com\/malagacar\/","https:\/\/www.linkedin.com\/company\/malagacar.com","https:\/\/www.youtube.com\/c\/MalagacarAirport"]},{"@type":"Person","@id":"https:\/\/www.malagacar.com\/fr\/blog\/#\/schema\/person\/ffb97005d02bcc7d0bb59f5409635691","name":"MalagaCar.com","image":{"@type":"ImageObject","inLanguage":"fr-FR","@id":"https:\/\/secure.gravatar.com\/avatar\/296ebc31026e7be05868369e4c596b3239b1582b2fcf8a45de57333e2e82bb82?s=96&d=mm&r=g","url":"https:\/\/secure.gravatar.com\/avatar\/296ebc31026e7be05868369e4c596b3239b1582b2fcf8a45de57333e2e82bb82?s=96&d=mm&r=g","contentUrl":"https:\/\/secure.gravatar.com\/avatar\/296ebc31026e7be05868369e4c596b3239b1582b2fcf8a45de57333e2e82bb82?s=96&d=mm&r=g","caption":"MalagaCar.com"},"sameAs":["https:\/\/www.malagacar.com\/fr\/blog"]}]}},"_links":{"self":[{"href":"https:\/\/www.malagacar.com\/fr\/blog\/wp-json\/wp\/v2\/posts\/252","targetHints":{"allow":["GET"]}}],"collection":[{"href":"https:\/\/www.malagacar.com\/fr\/blog\/wp-json\/wp\/v2\/posts"}],"about":[{"href":"https:\/\/www.malagacar.com\/fr\/blog\/wp-json\/wp\/v2\/types\/post"}],"author":[{"embeddable":true,"href":"https:\/\/www.malagacar.com\/fr\/blog\/wp-json\/wp\/v2\/users\/1"}],"replies":[{"embeddable":true,"href":"https:\/\/www.malagacar.com\/fr\/blog\/wp-json\/wp\/v2\/comments?post=252"}],"version-history":[{"count":2,"href":"https:\/\/www.malagacar.com\/fr\/blog\/wp-json\/wp\/v2\/posts\/252\/revisions"}],"predecessor-version":[{"id":307,"href":"https:\/\/www.malagacar.com\/fr\/blog\/wp-json\/wp\/v2\/posts\/252\/revisions\/307"}],"wp:featuredmedia":[{"embeddable":true,"href":"https:\/\/www.malagacar.com\/fr\/blog\/wp-json\/wp\/v2\/media\/259"}],"wp:attachment":[{"href":"https:\/\/www.malagacar.com\/fr\/blog\/wp-json\/wp\/v2\/media?parent=252"}],"wp:term":[{"taxonomy":"category","embeddable":true,"href":"https:\/\/www.malagacar.com\/fr\/blog\/wp-json\/wp\/v2\/categories?post=252"},{"taxonomy":"post_tag","embeddable":true,"href":"https:\/\/www.malagacar.com\/fr\/blog\/wp-json\/wp\/v2\/tags?post=252"}],"curies":[{"name":"wp","href":"https:\/\/api.w.org\/{rel}","templated":true}]}}