{"id":2568,"date":"2026-06-18T11:17:30","date_gmt":"2026-06-18T09:17:30","guid":{"rendered":"https:\/\/www.malagacar.com\/fr\/blog\/?p=2568"},"modified":"2026-06-18T11:17:42","modified_gmt":"2026-06-18T09:17:42","slug":"nuit-dete-a-malaga","status":"publish","type":"post","link":"https:\/\/www.malagacar.com\/fr\/blog\/loisirs\/nuit-dete-a-malaga\/","title":{"rendered":"Solstice d&rsquo;\u00e9t\u00e9 \u00e0 Malaga 2026 : tout ce qu&rsquo;il faut savoir"},"content":{"rendered":"<p>Vous \u00eates \u00e0 Malaga pour solstice d&rsquo;\u00e9t\u00e9, le 23 juin ? Ne manquez pas cette f\u00eate ancestrale qui se d\u00e9roule sur les plages de tout le littoral, avec des milliers de personnes qui c\u00e9l\u00e8brent le d\u00e9but de l&rsquo;\u00e9t\u00e9 !<\/p>\n<p><!--more--><\/p>\n\n            <div class=\"banner\">\n                <div class=\"row\">\n                    <div class=\"col-sm-4\">\n                        <a href=\"\/fr\/location-de-voitures\/quote.php\" data-wpel-link=\"internal\"><img decoding=\"async\" src=\"\/images\/banner-img.jpg\" alt=\"malagacar.com\"><\/a>\n                    <\/div>\n                    <div class=\"col-sm-8\">\n                      <a href=\"\/fr\/location-de-voitures\/quote.php\" class=\"banner-title\" data-wpel-link=\"internal\">Meilleure location de voitures <div>\u00e0 l'a\u00e9roport de Malaga<\/div><\/a>   \n                        <div class=\"row\">\n                            <div class=\"col-sm-7\">\n                                <ul>\n                                    <li>Pas de frais de ravitaillement<\/li>\n                                    <li>Annulation gratuite<\/li>\n                                    <li>Location sans interm\u00e9diaire<\/li>\n                                    <li>Payez lorsque vous prenez la voiture<\/li>\n                                    <li><\/li>\n                                <\/ul>\n                            <\/div>\n                            <div class=\"col-sm-5\">\n                                <a class=\"btn-banner\" href=\"\/fr\/location-de-voitures\/quote.php\" data-wpel-link=\"internal\">Consultez les prix<\/a>\n                                <img decoding=\"async\" class=\"zonturent\" src=\"\/images\/zontu-banner.png\" alt=\"\">\n                            <\/div>\n                        <\/div>\n                    <\/div>\n                 <\/div>  \n            <\/div>\n            \n<div id=\"ez-toc-container\" class=\"ez-toc-v2_0_87 counter-hierarchy ez-toc-counter ez-toc-light-blue ez-toc-container-direction\">\n<p class=\"ez-toc-title\" style=\"cursor:inherit\">Table des mati\u00e8res<\/p>\n<label for=\"ez-toc-cssicon-toggle-item-6a9a3e27df71c\" class=\"ez-toc-cssicon-toggle-label\"><span class=\"\"><span class=\"eztoc-hide\" style=\"display:none;\">Toggle<\/span><span class=\"ez-toc-icon-toggle-span\"><svg style=\"fill: #999;color:#999\" xmlns=\"http:\/\/www.w3.org\/2000\/svg\" class=\"list-377408\" width=\"20px\" height=\"20px\" viewBox=\"0 0 24 24\" fill=\"none\"><path d=\"M6 6H4v2h2V6zm14 0H8v2h12V6zM4 11h2v2H4v-2zm16 0H8v2h12v-2zM4 16h2v2H4v-2zm16 0H8v2h12v-2z\" fill=\"currentColor\"><\/path><\/svg><svg style=\"fill: #999;color:#999\" class=\"arrow-unsorted-368013\" xmlns=\"http:\/\/www.w3.org\/2000\/svg\" width=\"10px\" height=\"10px\" viewBox=\"0 0 24 24\" version=\"1.2\" baseProfile=\"tiny\"><path d=\"M18.2 9.3l-6.2-6.3-6.2 6.3c-.2.2-.3.4-.3.7s.1.5.3.7c.2.2.4.3.7.3h11c.3 0 .5-.1.7-.3.2-.2.3-.5.3-.7s-.1-.5-.3-.7zM5.8 14.7l6.2 6.3 6.2-6.3c.2-.2.3-.5.3-.7s-.1-.5-.3-.7c-.2-.2-.4-.3-.7-.3h-11c-.3 0-.5.1-.7.3-.2.2-.3.5-.3.7s.1.5.3.7z\"\/><\/svg><\/span><\/span><\/label><input type=\"checkbox\"  id=\"ez-toc-cssicon-toggle-item-6a9a3e27df71c\"  aria-label=\"Toggle\" \/><nav><ul class='ez-toc-list ez-toc-list-level-1 ' ><li class='ez-toc-page-1 ez-toc-heading-level-2'><a class=\"ez-toc-link ez-toc-heading-1\" href=\"https:\/\/www.malagacar.com\/fr\/blog\/loisirs\/nuit-dete-a-malaga\/#Solstice_dete_a_Malaga\" data-wpel-link=\"internal\">Solstice d&rsquo;\u00e9t\u00e9 \u00e0 Malaga<\/a><\/li><li class='ez-toc-page-1 ez-toc-heading-level-2'><a class=\"ez-toc-link ez-toc-heading-2\" href=\"https:\/\/www.malagacar.com\/fr\/blog\/loisirs\/nuit-dete-a-malaga\/#Traditions_solstice_dete_a_Malaga\" data-wpel-link=\"internal\">Traditions solstice d&rsquo;\u00e9t\u00e9\u00a0\u00e0 Malaga<\/a><\/li><li class='ez-toc-page-1 ez-toc-heading-level-2'><a class=\"ez-toc-link ez-toc-heading-3\" href=\"https:\/\/www.malagacar.com\/fr\/blog\/loisirs\/nuit-dete-a-malaga\/#Plages_de_Malaga_pour_celebrer_la_nuit_dete\" data-wpel-link=\"internal\">Plages de Malaga pour c\u00e9l\u00e9brer la nuit d&rsquo;\u00e9t\u00e9<\/a><ul class='ez-toc-list-level-3' ><li class='ez-toc-heading-level-3'><a class=\"ez-toc-link ez-toc-heading-4\" href=\"https:\/\/www.malagacar.com\/fr\/blog\/loisirs\/nuit-dete-a-malaga\/#Nerja\" data-wpel-link=\"internal\">Nerja<\/a><\/li><li class='ez-toc-page-1 ez-toc-heading-level-3'><a class=\"ez-toc-link ez-toc-heading-5\" href=\"https:\/\/www.malagacar.com\/fr\/blog\/loisirs\/nuit-dete-a-malaga\/#Torre_del_Mar\" data-wpel-link=\"internal\">Torre del Mar<\/a><\/li><li class='ez-toc-page-1 ez-toc-heading-level-3'><a class=\"ez-toc-link ez-toc-heading-6\" href=\"https:\/\/www.malagacar.com\/fr\/blog\/loisirs\/nuit-dete-a-malaga\/#Rincon_de_la_Victoria\" data-wpel-link=\"internal\">Rinc\u00f3n de la Victoria<\/a><\/li><li class='ez-toc-page-1 ez-toc-heading-level-3'><a class=\"ez-toc-link ez-toc-heading-7\" href=\"https:\/\/www.malagacar.com\/fr\/blog\/loisirs\/nuit-dete-a-malaga\/#Malaga\" data-wpel-link=\"internal\">Malaga<\/a><\/li><li class='ez-toc-page-1 ez-toc-heading-level-3'><a class=\"ez-toc-link ez-toc-heading-8\" href=\"https:\/\/www.malagacar.com\/fr\/blog\/loisirs\/nuit-dete-a-malaga\/#Torremolinos\" data-wpel-link=\"internal\">Torremolinos<\/a><\/li><li class='ez-toc-page-1 ez-toc-heading-level-3'><a class=\"ez-toc-link ez-toc-heading-9\" href=\"https:\/\/www.malagacar.com\/fr\/blog\/loisirs\/nuit-dete-a-malaga\/#Benalmadena\" data-wpel-link=\"internal\">Benalmadena<\/a><\/li><li class='ez-toc-page-1 ez-toc-heading-level-3'><a class=\"ez-toc-link ez-toc-heading-10\" href=\"https:\/\/www.malagacar.com\/fr\/blog\/loisirs\/nuit-dete-a-malaga\/#Fuengirola\" data-wpel-link=\"internal\">Fuengirola<\/a><\/li><li class='ez-toc-page-1 ez-toc-heading-level-3'><a class=\"ez-toc-link ez-toc-heading-11\" href=\"https:\/\/www.malagacar.com\/fr\/blog\/loisirs\/nuit-dete-a-malaga\/#Marbella\" data-wpel-link=\"internal\">Marbella<\/a><\/li><li class='ez-toc-page-1 ez-toc-heading-level-3'><a class=\"ez-toc-link ez-toc-heading-12\" href=\"https:\/\/www.malagacar.com\/fr\/blog\/loisirs\/nuit-dete-a-malaga\/#Estepona\" data-wpel-link=\"internal\">Estepona<\/a><\/li><li class='ez-toc-page-1 ez-toc-heading-level-3'><a class=\"ez-toc-link ez-toc-heading-13\" href=\"https:\/\/www.malagacar.com\/fr\/blog\/loisirs\/nuit-dete-a-malaga\/#Casares\" data-wpel-link=\"internal\">Casares<\/a><\/li><li class='ez-toc-page-1 ez-toc-heading-level-3'><a class=\"ez-toc-link ez-toc-heading-14\" href=\"https:\/\/www.malagacar.com\/fr\/blog\/loisirs\/nuit-dete-a-malaga\/#Manilva\" data-wpel-link=\"internal\">Manilva<\/a><\/li><\/ul><\/li><li class='ez-toc-page-1 ez-toc-heading-level-2'><a class=\"ez-toc-link ez-toc-heading-15\" href=\"https:\/\/www.malagacar.com\/fr\/blog\/loisirs\/nuit-dete-a-malaga\/#Feux_de_joie_de_la_Saint-Jean_Regles_a_Malaga_Costa_del_Sol\" data-wpel-link=\"internal\">Feux de joie de la Saint-Jean ? R\u00e8gles \u00e0 Malaga &amp; Costa del Sol<\/a><ul class='ez-toc-list-level-3' ><li class='ez-toc-heading-level-3'><a class=\"ez-toc-link ez-toc-heading-16\" href=\"https:\/\/www.malagacar.com\/fr\/blog\/loisirs\/nuit-dete-a-malaga\/#Exceptions_a_la_regle\" data-wpel-link=\"internal\">Exceptions \u00e0 la r\u00e8gle<\/a><\/li><li class='ez-toc-page-1 ez-toc-heading-level-3'><a class=\"ez-toc-link ez-toc-heading-17\" href=\"https:\/\/www.malagacar.com\/fr\/blog\/loisirs\/nuit-dete-a-malaga\/#Ou_lon_peut_encore_faire_des_feux_de_joie\" data-wpel-link=\"internal\">O\u00f9 l&rsquo;on peut encore faire des feux de joie<\/a><\/li><\/ul><\/li><li class='ez-toc-page-1 ez-toc-heading-level-2'><a class=\"ez-toc-link ez-toc-heading-18\" href=\"https:\/\/www.malagacar.com\/fr\/blog\/loisirs\/nuit-dete-a-malaga\/#Foire_aux_questions\" data-wpel-link=\"internal\">Foire aux questions<\/a><ul class='ez-toc-list-level-3' ><li class='ez-toc-heading-level-3'><a class=\"ez-toc-link ez-toc-heading-19\" href=\"https:\/\/www.malagacar.com\/fr\/blog\/loisirs\/nuit-dete-a-malaga\/#Les_bars_et_restaurants_de_plage_sont-ils_ouverts_ce_soir-la\" data-wpel-link=\"internal\">Les bars et restaurants de plage sont-ils ouverts ce soir-l\u00e0 ?<\/a><\/li><li class='ez-toc-page-1 ez-toc-heading-level-3'><a class=\"ez-toc-link ez-toc-heading-20\" href=\"https:\/\/www.malagacar.com\/fr\/blog\/loisirs\/nuit-dete-a-malaga\/#Peut-on_faire_des_feux_sur_les_plages\" data-wpel-link=\"internal\">Peut-on faire des feux sur les plages ?<\/a><\/li><li class='ez-toc-page-1 ez-toc-heading-level-3'><a class=\"ez-toc-link ez-toc-heading-21\" href=\"https:\/\/www.malagacar.com\/fr\/blog\/loisirs\/nuit-dete-a-malaga\/#Dans_quelles_communes_est-il_permis_de_faire_des_feux_sur_la_plage\" data-wpel-link=\"internal\">Dans quelles communes est-il permis de faire des feux sur la plage ?<\/a><\/li><li class='ez-toc-page-1 ez-toc-heading-level-3'><a class=\"ez-toc-link ez-toc-heading-22\" href=\"https:\/\/www.malagacar.com\/fr\/blog\/loisirs\/nuit-dete-a-malaga\/#Que_porter_pour_feter_la_nuit_de_la_Saint-Jean_a_Malaga\" data-wpel-link=\"internal\">Que porter pour f\u00eater la nuit de la Saint-Jean \u00e0 Malaga ?<\/a><\/li><li class='ez-toc-page-1 ez-toc-heading-level-3'><a class=\"ez-toc-link ez-toc-heading-23\" href=\"https:\/\/www.malagacar.com\/fr\/blog\/loisirs\/nuit-dete-a-malaga\/#A_quoi_faut-il_sattendre_concernant_la_circulation_et_ou_vaut-il_mieux_se_garer\" data-wpel-link=\"internal\">\u00c0 quoi faut-il s&rsquo;attendre concernant la circulation et o\u00f9 vaut-il mieux se garer ?<\/a><\/li><li class='ez-toc-page-1 ez-toc-heading-level-3'><a class=\"ez-toc-link ez-toc-heading-24\" href=\"https:\/\/www.malagacar.com\/fr\/blog\/loisirs\/nuit-dete-a-malaga\/#La_Saint-Jean_est-elle_un_jour_ferie_a_Malaga\" data-wpel-link=\"internal\">La Saint-Jean est-elle un jour f\u00e9ri\u00e9 \u00e0 Malaga ?<\/a><\/li><\/ul><\/li><\/ul><\/nav><\/div>\n<h2><span class=\"ez-toc-section\" id=\"Solstice_dete_a_Malaga\"><\/span>Solstice d&rsquo;\u00e9t\u00e9 \u00e0 Malaga<span class=\"ez-toc-section-end\"><\/span><\/h2>\n<p>De nombreuses cultures c\u00e9l\u00e8brent la nuit du solstice d&rsquo;\u00e9t\u00e9, le 21 juin, par des feux de joie et des rituels. C&rsquo;est \u00e9galement le cas \u00e0 <a href=\"https:\/\/www.malagacar.com\/fr\/information\/malaga\/\" data-wpel-link=\"internal\"><strong>Malaga<\/strong><\/a>, bien que la date diff\u00e8re l\u00e9g\u00e8rement.<\/p>\n<p>Dans la nuit du 23 au 24 juin, pratiquement tout le monde participe \u00e0 cette grande f\u00eate traditionnelle \u2014 que les habitants c\u00e9l\u00e8brent, bien entendu, sur la plage !<\/p>\n<p>Voici quelques-uns des projets de la Costa del Sol pour la nuit du 23 au 24 juin.<\/p>\n<p>Ind\u00e9pendamment des activit\u00e9s programm\u00e9es dont nous vous parlons : Toute la c\u00f4te est pleine de vie cette nuit-l\u00e0. Il ne vous reste plus qu&rsquo;\u00e0 vous rendre sur la plage la plus proche et \u00e0 en profiter !<\/p>\n<h2><span class=\"ez-toc-section\" id=\"Traditions_solstice_dete_a_Malaga\"><\/span>Traditions solstice d&rsquo;\u00e9t\u00e9\u00a0\u00e0 Malaga<span class=\"ez-toc-section-end\"><\/span><\/h2>\n<p>Vous le savez maintenant, l&rsquo;une des nuits les plus magiques de l&rsquo;ann\u00e9e se d\u00e9roulera sur la plage. Et quoi d&rsquo;autre ?<\/p>\n<h4>Plaisir &amp; bonne compagnie<\/h4>\n<p>Traditionnellement, les amis et les familles se rassemblent autour d&rsquo;un petit feu de camp sur le sable- Passant la soir\u00e9e dehors \u00e0 discuter, \u00e0 faire de la musique, \u00e0 faire un barbecue, \u00e0 manger et \u00e0 boire en bonne compagnie.<\/p>\n<figure id=\"attachment_17694\" aria-describedby=\"caption-attachment-17694\" style=\"width: 1000px\" class=\"wp-caption alignnone\"><img loading=\"lazy\" decoding=\"async\" class=\"size-full wp-image-17694\" src=\"https:\/\/www.malagacar.com\/sp\/blog\/wp-content\/uploads\/2025\/06\/Hoguera-playa2-D.jpg\" alt=\"San Juan en M\u00e1laga\" width=\"1000\" height=\"667\" \/><figcaption id=\"caption-attachment-17694\" class=\"wp-caption-text\">Credit Depositphotos<\/figcaption><\/figure>\n<p>La nuit de \u00ab San Juan \u00bb est la grande f\u00eate qui accueille l&rsquo;\u00e9t\u00e9. De nombreuses municipalit\u00e9s de Malaga organisent des concerts et des feux d&rsquo;artifice \u00e0 minuit.<\/p>\n<h4>L&rsquo;eau<\/h4>\n<p>L&rsquo;une des traditions consiste \u00e0 prendre un bain de minuit.<\/p>\n<p>D&rsquo;autres plongent leurs pieds dans l&rsquo;eau de mer \u00e0 minuit et font un v\u0153u ou sautent plusieurs vagues \u00e0 ce moment-l\u00e0.<\/p>\n<p>Selon la tradition, toucher l&rsquo;eau de mer la veille de la Saint-Jean attire la chance pour toute l&rsquo;ann\u00e9e et chasse les mauvais pr\u00e9sages.<\/p>\n<p>Enfilez donc votre maillot de bain sous vos v\u00eatements et prenez une petite serviette avec vous. Vous ne pouvez pas \u00eatre \u00e0 Malaga la veille de la Saint-Jean sans vous baigner ! En outre, l&rsquo;eau est excellente.<\/p>\n<h4>Le feu<\/h4>\n<p>L&rsquo;une des traditions de la mi-\u00e9t\u00e9 \u00e9tait le saut du feu de joie, mais ils sont interdits sur les plages de Malaga. Les municipalit\u00e9s surveillent de plus en plus les feux \u00e0 ciel ouvert afin de pr\u00e9venir les incidents. Nous vous en parlons ci-dessous.<\/p>\n<figure id=\"attachment_17695\" aria-describedby=\"caption-attachment-17695\" style=\"width: 1000px\" class=\"wp-caption alignnone\"><img loading=\"lazy\" decoding=\"async\" class=\"size-full wp-image-17695\" src=\"https:\/\/www.malagacar.com\/sp\/blog\/wp-content\/uploads\/2025\/06\/saltar-fuego-Credit-laopiniondemalaga.jpg\" alt=\"San Juan en M\u00e1laga\" width=\"1000\" height=\"562\" \/><figcaption id=\"caption-attachment-17695\" class=\"wp-caption-text\">Credit laopiniondemalaga<\/figcaption><\/figure>\n<p>L&rsquo;une des traditions les plus caract\u00e9ristiques de la nuit de la San Juan \u00e0 Malaga est l&rsquo;incin\u00e9ration de la \u00ab J\u00faa \u00bb. Il s&rsquo;agit d&rsquo;une grande figurine faite \u00e0 la main qui repr\u00e9sente un th\u00e8me n\u00e9gatif actuel que l&rsquo;on souhaite changer en la br\u00fblant.<\/p>\n<p>Le feu de la nuit de la Saint-Jean \u00e0 Malaga sert \u00e0 purifier le mauvais et \u00e0 accueillir le nouveau.<\/p>\n<p>D&rsquo;autres \u00e9crivent des petits mots avec des choses dont ils veulent se d\u00e9barrasser et les donnent aux flammes ou \u00e0 la mer.<\/p>\n<h2><span class=\"ez-toc-section\" id=\"Plages_de_Malaga_pour_celebrer_la_nuit_dete\"><\/span>Plages de Malaga pour c\u00e9l\u00e9brer la nuit d&rsquo;\u00e9t\u00e9<span class=\"ez-toc-section-end\"><\/span><\/h2>\n<p>Comme nous l&rsquo;avons dit, l&rsquo;essence m\u00eame de la f\u00eate a \u00e9t\u00e9 consid\u00e9rablement r\u00e9duite ces derni\u00e8res ann\u00e9es.Vous ne pouvez plus faire de feu \u00e0 l&rsquo;air libre dans le sable.<\/p>\n<p>Cependant, dans chaque commune, il y a des plages o\u00f9 l&rsquo;on peut se rendre et s&rsquo;amuser avec des milliers d&rsquo;habitants, il faut le voir pour le croire.<\/p>\n<h3><span class=\"ez-toc-section\" id=\"Nerja\"><\/span>Nerja<span class=\"ez-toc-section-end\"><\/span><\/h3>\n<figure id=\"attachment_17689\" aria-describedby=\"caption-attachment-17689\" style=\"width: 1000px\" class=\"wp-caption alignnone\"><img loading=\"lazy\" decoding=\"async\" class=\"size-full wp-image-17689\" src=\"https:\/\/www.malagacar.com\/sp\/blog\/wp-content\/uploads\/2025\/06\/Nerja-Credit-costadelsolmalaga.jpg\" alt=\"San Juan en Nerja\" width=\"1000\" height=\"644\" \/><figcaption id=\"caption-attachment-17689\" class=\"wp-caption-text\">Credit costadelsolmalaga<\/figcaption><\/figure>\n<p>\u00c0 <a href=\"https:\/\/www.malagacar.com\/fr\/blog\/astuces-de-voyage\/visiter-nerja\/\" data-wpel-link=\"internal\"><strong>Nerja<\/strong><\/a>, la plage populaire de Burriana sera le th\u00e9\u00e2tre de la f\u00eate.<\/p>\n<p>La musique live d\u00e9butera \u00e0 22 h. \u00c0 minuit aura lieu l&#8217;embrasement symbolique du \u00ab J\u00faa \u00bb, suivi d&rsquo;un feu d&rsquo;artifice. Les festivit\u00e9s se poursuivront en musique pour animer la nuit sur la plage.<\/p>\n<p>Il est interdit de camper ou d&rsquo;allumer des feux de camp sur les plages de Burriana, La Torrecilla et Maro.<\/p>\n<p>Les feux de camp sont autoris\u00e9s, sauf sur les plages de Burriana, Torrecilla et Maro. Sur les plages o\u00f9 ils sont permis, ils ne peuvent \u00eatre allum\u00e9s que dans la nuit du 23 au 24, entre 20 h (le 23) et 3 h du matin (le 24).<\/p>\n<p>Vous ne devez pas\u00a0d&rsquo;allumer des feux directement sur le sable. Vous devez utiliser des barbecues, des r\u00e9cipients m\u00e9talliques ou des dispositifs similaires. Une fois les feux \u00e9teints, vous devez retirer les cendres et les d\u00e9bris, et laisser les lieux dans le m\u00eame \u00e9tat qu&rsquo;avant l&rsquo;\u00e9v\u00e9nement.<\/p>\n<ul>\n<li><a href=\"https:\/\/maps.app.goo.gl\/dGQU9qfVpFK9gs4QA\" data-wpel-link=\"external\" rel=\"external noopener noreferrer\"><strong>Comment s&rsquo;y rendre<\/strong><\/a><\/li>\n<\/ul>\n<h3><span class=\"ez-toc-section\" id=\"Torre_del_Mar\"><\/span>Torre del Mar<span class=\"ez-toc-section-end\"><\/span><\/h3>\n<p><img loading=\"lazy\" decoding=\"async\" class=\"alignnone size-full wp-image-19666\" src=\"https:\/\/www.malagacar.com\/sp\/blog\/wp-content\/uploads\/2025\/06\/san-juan-torre-del-mar.jpg\" alt=\"san juan Torre del mar\" width=\"443\" height=\"812\" \/><\/p>\n<p>La f\u00eate du solstice d&rsquo;\u00e9t\u00e9 se d\u00e9roule sur la plage d&rsquo;El Copo, de l&rsquo;apr\u00e8s-midi jusqu&rsquo;au petit matin.<\/p>\n<p>Les concerts sur la sc\u00e8ne principale d\u00e9buteront \u00e0 21 h. L&rsquo;acc\u00e8s \u00e0 l&rsquo;\u00e9v\u00e9nement, qui se tient sur la plage publique, est enti\u00e8rement gratuit.<\/p>\n<p>Par ailleurs, un march\u00e9 traditionnel de bord de mer s&rsquo;installe sur place du 20 au 23 juin.<\/p>\n<p>Profitez d&rsquo;une grande d\u00e9gustation culinaire mettant \u00e0 l&rsquo;honneur les traditionnelles brochettes de sardines grill\u00e9es au charbon de bois. Au programme \u00e9galement : le traditionnel feu de minuit o\u00f9 l&rsquo;on br\u00fble des poup\u00e9es de chiffon artisanales pour conjurer le mauvais sort, ainsi qu&rsquo;un feu d&rsquo;artifice tir\u00e9 au-dessus de la M\u00e9diterran\u00e9e \u00e0 minuit pile.<\/p>\n<p>Sans oublier les rituels classiques de minuit : rejoignez la foule pour vous laver le visage ou sauter par-dessus les vagues \u00e0 cette heure pr\u00e9cise afin d&rsquo;attirer la chance.<\/p>\n<ul>\n<li><a href=\"https:\/\/maps.app.goo.gl\/wbAr4eb7yhSbhAxt7\" data-wpel-link=\"external\" rel=\"external noopener noreferrer\"><strong>Comment s&rsquo;y rendre<\/strong><\/a><\/li>\n<\/ul>\n<h3><span class=\"ez-toc-section\" id=\"Rincon_de_la_Victoria\"><\/span>Rinc\u00f3n de la Victoria<span class=\"ez-toc-section-end\"><\/span><\/h3>\n<p>Rinc\u00f3n de la Victoria c\u00e9l\u00e8bre la Nuit de San Juan avec des festivit\u00e9s \u00e0 La Cala del Moral et \u00e0 Torre de Benagalb\u00f3n, avec musique, danse, nourriture et feux de joie.<\/p>\n<h4>Programme San Juan \u00e0 La Cala del Moral<\/h4>\n<p><img loading=\"lazy\" decoding=\"async\" class=\"alignnone wp-image-19680\" src=\"https:\/\/www.malagacar.com\/sp\/blog\/wp-content\/uploads\/2025\/06\/cala-del-moral.jpg\" alt=\"San Juan en La Cala del Moral\" width=\"499\" height=\"702\" \/><\/p>\n<p>Les festivit\u00e9s d\u00e9butent \u00e0 20 h dans la rue San Juan avec de la musique et l&rsquo;ouverture du bar. Au programme : cours de zumba, de salsa et de bachata, suivis de musique live jusqu&rsquo;\u00e0 2 h du matin. \u00c0 minuit, le \u00ab J\u00faa \u00bb sera br\u00fbl\u00e9 dans le grand feu de joie sur la plage.<\/p>\n<ul>\n<li><a href=\"https:\/\/maps.app.goo.gl\/UCCZSssfWYuJb8fm8\" data-wpel-link=\"external\" rel=\"external noopener noreferrer\"><strong>Comment s&rsquo;y rendre<\/strong><\/a><\/li>\n<\/ul>\n<h4>Programme San Juan \u00e0 Torre de Benagalb\u00f3n<\/h4>\n<p><img loading=\"lazy\" decoding=\"async\" class=\"alignnone wp-image-19681\" src=\"https:\/\/www.malagacar.com\/sp\/blog\/wp-content\/uploads\/2025\/06\/torre-de-banalgabon.jpg\" alt=\"San Juan en Torre de Benagalb\u00f3n\" width=\"502\" height=\"693\" \/><\/p>\n<p>\u00c0 Torre de Benagalb\u00f3n, les festivit\u00e9s se d\u00e9rouleront \u00e0 l&rsquo;ancienne gare \u00e0 partir de 20 h. Au programme : divers groupes de danse, distribution de sardines grill\u00e9es \u00e0 prix tr\u00e8s r\u00e9duit et musique live jusqu&rsquo;\u00e0 1 h 30 du matin. \u00c0 minuit, le feu de la Saint-Jean sera allum\u00e9, accompagn\u00e9 du traditionnel br\u00fblage de l&rsquo;effigie \u00ab J\u00faa \u00bb.<\/p>\n<ul>\n<li><a href=\"https:\/\/maps.app.goo.gl\/izVTbePNUdJ5LmDUA\" data-wpel-link=\"external\" rel=\"external noopener noreferrer\"><strong>Comment s&rsquo;y rendre<\/strong><\/a><\/li>\n<\/ul>\n<h3><span class=\"ez-toc-section\" id=\"Malaga\"><\/span>Malaga<span class=\"ez-toc-section-end\"><\/span><\/h3>\n<figure id=\"attachment_17686\" aria-describedby=\"caption-attachment-17686\" style=\"width: 732px\" class=\"wp-caption alignnone\"><img loading=\"lazy\" decoding=\"async\" class=\" wp-image-17686\" src=\"https:\/\/www.malagacar.com\/sp\/blog\/wp-content\/uploads\/2025\/06\/credit-Ayuntamiento-Malaga-1024x568.jpg\" alt=\"San Juan en M\u00e1laga\" width=\"732\" height=\"406\" \/><figcaption id=\"caption-attachment-17686\" class=\"wp-caption-text\">Credit Mairie de Malaga<\/figcaption><\/figure>\n<p>Dans la ville de Malaga, les plages de La Malagueta et de La Misericordia sont les \u00e9picentres de cette c\u00e9l\u00e9bration. Des milliers de personnes y profitent de spectacles en direct.<\/p>\n<p>Par ailleurs, la f\u00eate comprend le traditionnel embrasement du \u00ab J\u00faa \u00bb et un feu d&rsquo;artifice \u00e0 minuit.<\/p>\n<figure id=\"attachment_19668\" aria-describedby=\"caption-attachment-19668\" style=\"width: 1000px\" class=\"wp-caption alignnone\"><img loading=\"lazy\" decoding=\"async\" class=\"wp-image-19668 size-full\" src=\"https:\/\/www.malagacar.com\/sp\/blog\/wp-content\/uploads\/2025\/06\/San-Juan-Playa-La-Malagueta.jpg\" alt=\"Playa La Malagueta\" width=\"1000\" height=\"667\" \/><figcaption id=\"caption-attachment-19668\" class=\"wp-caption-text\">Playa La Malagueta<\/figcaption><\/figure>\n<h4>Programme<\/h4>\n<ul>\n<li>21 h 30 \u2013 Concerts en plein air : musique et spectacles gratuits sur des sc\u00e8nes install\u00e9es sur le sable des plages de La Malagueta et de La Misericordia.<\/li>\n<\/ul>\n<ul>\n<li>Minuit \u2013 Grand embrasement des \u00ab J\u00faas \u00bb : des poup\u00e9es g\u00e9antes traditionnelles en chiffon, caricaturant l&rsquo;actualit\u00e9 ou la culture populaire, seront livr\u00e9es aux flammes.<\/li>\n<\/ul>\n<ul>\n<li>Minuit \u2013 Feu d&rsquo;artifice : tir\u00e9 depuis la jet\u00e9e de La T\u00e9rmica, pr\u00e8s de la plage de La Misericordia. Le spectacle dure environ 14 minutes et est synchronis\u00e9 avec la musique. Il est parfaitement visible depuis tout le littoral de la ville, notamment depuis la promenade Antonio Banderas et la plage de La Malagueta.<\/li>\n<\/ul>\n<ul>\n<li>\u00c0 partir de minuit \u2013 Baignade rituelle et sauts dans l&rsquo;eau : l&rsquo;occasion de respecter les traditions, comme se laver le visage ou se mouiller les pieds au bord de l&rsquo;eau pour attirer la chance.<\/li>\n<\/ul>\n<ul>\n<li>Fin de nuit \/ Petit matin \u2013 La f\u00eate se poursuit sur la plage avec de la musique, des barbecues et les incontournables brochettes de sardines dans les bars de plage.<\/li>\n<\/ul>\n<ul>\n<li>Comment s&rsquo;y rendre : <a href=\"https:\/\/maps.app.goo.gl\/RXtWN1185SiDriABA\" data-wpel-link=\"external\" rel=\"external noopener noreferrer\"><strong>La Misericordia<\/strong><\/a> I <a href=\"https:\/\/maps.app.goo.gl\/wYwvVQKe7sGBUbFRA\" data-wpel-link=\"external\" rel=\"external noopener noreferrer\"><strong>La Malagueta<\/strong><\/a><\/li>\n<\/ul>\n<h3><span class=\"ez-toc-section\" id=\"Torremolinos\"><\/span>Torremolinos<span class=\"ez-toc-section-end\"><\/span><\/h3>\n<figure id=\"attachment_17687\" aria-describedby=\"caption-attachment-17687\" style=\"width: 800px\" class=\"wp-caption alignnone\"><img loading=\"lazy\" decoding=\"async\" class=\"size-full wp-image-17687\" src=\"https:\/\/www.malagacar.com\/sp\/blog\/wp-content\/uploads\/2025\/06\/Torremolinos-Credit-Areacostadelsol-1.jpg\" alt=\"San Juan en Torremolinos\" width=\"800\" height=\"508\" \/><figcaption id=\"caption-attachment-17687\" class=\"wp-caption-text\">Credit Areacostadelsol<\/figcaption><\/figure>\n<p><a href=\"https:\/\/www.malagacar.com\/fr\/blog\/astuces-de-voyage\/torremolinos\/\" data-wpel-link=\"internal\"><strong>Torremolinos<\/strong><\/a> c\u00e9l\u00e8bre la nuit de la Saint-Jean dans le quartier de p\u00eacheurs traditionnel de La Carihuela.<\/p>\n<p>La Confr\u00e9rie des marins Virgen del Carmen de La Carihuela organise la traditionnelle <em>Moraga<\/em> (barbecue sur la plage, typique de la c\u00f4te de la province de M\u00e1laga) \u00e0 partir de 20 h 30.<\/p>\n<p>Au programme : un bar proposant nourriture et boissons \u00e0 prix populaires, de la musique live, la cr\u00e9mation des *J\u00faas* et un grand feu de joie \u00e0 minuit.<\/p>\n<ul>\n<li><a href=\"https:\/\/maps.app.goo.gl\/kCNfLuAkbxrwRiS28\" data-wpel-link=\"external\" rel=\"external noopener noreferrer\"><strong>Comment s&rsquo;y rendre<\/strong><\/a><\/li>\n<\/ul>\n<h3><span class=\"ez-toc-section\" id=\"Benalmadena\"><\/span>Benalmadena<span class=\"ez-toc-section-end\"><\/span><\/h3>\n<p><img loading=\"lazy\" decoding=\"async\" class=\"alignnone wp-image-19667\" src=\"https:\/\/www.malagacar.com\/sp\/blog\/wp-content\/uploads\/2025\/06\/san-juan-Benalmadena-724x1024.jpg\" alt=\"san juan benalmadena\" width=\"452\" height=\"639\" \/><\/p>\n<p>\u00c0 <a href=\"https:\/\/www.malagacar.com\/fr\/blog\/astuces-de-voyage\/benalmadena-destination-familiale\/\" data-wpel-link=\"internal\"><strong>Benalmadena<\/strong><\/a>, les c\u00e9l\u00e9brations de la Saint-Jean co\u00efncident avec le d\u00e9but de la <a href=\"https:\/\/www.malagacar.com\/fr\/blog\/loisirs\/choses-a-faire-a-malaga-en-juin\/#Foire_%E2%80%93_Benalmadena\" data-wpel-link=\"internal\"><strong>Foire de San Juan<\/strong><\/a>. Les festivit\u00e9s dans les rues d&rsquo;Arroyo de la Miel-Benalm\u00e1dena d\u00e9butent \u00e0 19 h. Au programme : un bar aux tarifs abordables, une sardinade, des spectacles d&rsquo;\u00e9coles de danse et de groupes locaux, ainsi que des ateliers de maquillage pour enfants.<\/p>\n<p>L&rsquo;illumination de la f\u00eate aura lieu \u00e0 22 h, tandis que le traditionnel br\u00fblage des \u00ab J\u00faas \u00bb (effigies) se d\u00e9roulera \u00e0 minuit. \u00c0 1 h du matin, un spectaculaire feu d&rsquo;artifice musical \u2014 m\u00ealant pyrotechnie, jeux de lumi\u00e8re et musique \u2014 sera tir\u00e9 pr\u00e8s du ch\u00e2teau Bil-Bil.<\/p>\n<p>Il est interdit d&rsquo;allumer soi-m\u00eame de grands feux \u00e0 l&rsquo;air libre directement sur le sable. Toutefois, la mairie de Benalmadena organise et autorise des feux contr\u00f4l\u00e9s ainsi que des activit\u00e9s officielles sur la plage durant la nuit de la Saint-Jean.<\/p>\n<ul>\n<li><a href=\"https:\/\/maps.app.goo.gl\/LLTheQ1rPnHRqhy46\" data-wpel-link=\"external\" rel=\"external noopener noreferrer\"><strong>Comment s&rsquo;y rendre<\/strong><\/a><\/li>\n<\/ul>\n<h3><span class=\"ez-toc-section\" id=\"Fuengirola\"><\/span>Fuengirola<span class=\"ez-toc-section-end\"><\/span><\/h3>\n<p>La plage de San Francisco sera le c\u0153ur des festivit\u00e9s \u00e0 <a href=\"https:\/\/www.malagacar.com\/fr\/blog\/astuces-de-voyage\/fuengirola\/\" data-wpel-link=\"internal\"><strong>Fuengirola<\/strong><\/a>.<\/p>\n<p>\u00c0 partir de 21 h 30, de la musique live sera propos\u00e9e. Suivie \u00e0 minuit d&rsquo;un feu d&rsquo;artifice tir\u00e9 depuis la zone de la plage de San Francisco \/ Los Boliches.<\/p>\n<p>Tout au long de la soir\u00e9e, la quasi-totalit\u00e9 des bars de plage de Fuengirola proposeront la traditionnelle formule sp\u00e9ciale \u00ab brochettes de sardines et boisson \u00bb pour 5 \u20ac. Il y a g\u00e9n\u00e9ralement de la musique live sur leurs terrasses.<\/p>\n<p>Des poup\u00e9es de chiffon seront br\u00fbl\u00e9es dans des feux de joie autoris\u00e9s. Par ailleurs, les gens se baignent traditionnellement dans la mer \u00e0 minuit pour se purifier et formuler des v\u0153ux.<\/p>\n<ul>\n<li><a href=\"https:\/\/maps.app.goo.gl\/wGHVUYCF2zhWSvy59\" data-wpel-link=\"external\" rel=\"external noopener noreferrer\"><strong>Comment s&rsquo;y rendre<\/strong><\/a><\/li>\n<\/ul>\n<h3><span class=\"ez-toc-section\" id=\"Marbella\"><\/span>Marbella<span class=\"ez-toc-section-end\"><\/span><\/h3>\n<p>\u00c0 <a href=\"https:\/\/www.malagacar.com\/fr\/blog\/loisirs\/raisons-amoureux-marbella\/\" data-wpel-link=\"internal\"><strong>Marbella,<\/strong><\/a> les gens font la f\u00eate sur la plage d&rsquo;El Cable. \u00a0De 20 h \u00e0 2 h du matin, de la musique live et divers DJ animeront la soir\u00e9e, qui culminera avec le br\u00fblage du \u00ab J\u00faa \u00bb \u00e0 minuit.<\/p>\n<p>Des activit\u00e9s parall\u00e8les sont \u00e9galement pr\u00e9vues.<\/p>\n<p>Les bars de plage seront autoris\u00e9s \u00e0 allumer des feux de joie contr\u00f4l\u00e9s \u00e0 proximit\u00e9 de leurs \u00e9tablissements. La quasi-totalit\u00e9 des \u00e9tablissements du littoral de Marbella proposera des menus sp\u00e9ciaux mettant \u00e0 l&rsquo;honneur les traditionnelles brochettes de sardines. Il y a aussi g\u00e9n\u00e9ralement de la musique live.<\/p>\n<ul>\n<li><a href=\"https:\/\/maps.app.goo.gl\/7Sdq8Cn29vDHpsWn6\" data-wpel-link=\"external\" rel=\"external noopener noreferrer\"><strong>Comment s&rsquo;y rendre<\/strong><\/a><\/li>\n<\/ul>\n<h3><span class=\"ez-toc-section\" id=\"Estepona\"><\/span>Estepona<span class=\"ez-toc-section-end\"><\/span><\/h3>\n<p><img loading=\"lazy\" decoding=\"async\" class=\"alignnone size-full wp-image-19664\" src=\"https:\/\/www.malagacar.com\/sp\/blog\/wp-content\/uploads\/2025\/06\/san-juan-Estepona.jpg\" alt=\"san juan estepona \" width=\"389\" height=\"555\" \/><\/p>\n<p>\u00c0 <a href=\"https:\/\/www.malagacar.com\/fr\/blog\/astuces-de-voyage\/estepona\/\" data-wpel-link=\"internal\"><strong>Estepona<\/strong><\/a>,\u00a0les gens font la f\u00eate sur la plage de La Rada. \u00c0 partir de 21 h, au programme : DJ, musique live et le traditionnel br\u00fblage des \u00ab J\u00faas \u00bb \u00e0 minuit.<\/p>\n<ul>\n<li><a href=\"https:\/\/maps.app.goo.gl\/Wv1NY1tqXwxgPjQKA\" data-wpel-link=\"external\" rel=\"external noopener noreferrer\"><strong>Comment s&rsquo;y rendre<\/strong><\/a><\/li>\n<\/ul>\n<h3><span class=\"ez-toc-section\" id=\"Casares\"><\/span>Casares<span class=\"ez-toc-section-end\"><\/span><\/h3>\n<p><img loading=\"lazy\" decoding=\"async\" class=\"alignnone wp-image-19676\" src=\"https:\/\/www.malagacar.com\/sp\/blog\/wp-content\/uploads\/2025\/06\/casares.jpg\" alt=\"San Juan Casares\" width=\"502\" height=\"687\" \/><\/p>\n<p>La f\u00eate de la Saint-Jean \u00e0 Casares \u2014 entre Estepona et Manilva \u2014 promet une c\u00e9l\u00e9bration plac\u00e9e sous le signe de la d\u00e9tente, de la musique et de la tradition, en bord de mer.<\/p>\n<p>Plus pr\u00e9cis\u00e9ment, les gens font la f\u00eate \u00e0 Playa Ancha \u00e0 partir de 17 heures. Au programme : une f\u00eate \u00ab Holi Colors \u00bb, des structures gonflables et une vaste aire de jeux, aussi bien sur le sable que dans l&rsquo;eau. Des activit\u00e9s nautiques sont \u00e9galement organis\u00e9es.<\/p>\n<p>\u00c0 21 h, un spectacle de flamenco pr\u00e9c\u00e9dera un concert. La soir\u00e9e culminera avec l&#8217;embrasement traditionnel du grand feu de la Saint-Jean.<\/p>\n<ul>\n<li>O\u00f9 : Playa Ancha, Casares<\/li>\n<li><a href=\"https:\/\/maps.app.goo.gl\/Ya6PUFNpmi5YhEXTA\" data-wpel-link=\"external\" rel=\"external noopener noreferrer\"><strong>Comment s&rsquo;y rendre<\/strong><\/a><\/li>\n<\/ul>\n<h3><span class=\"ez-toc-section\" id=\"Manilva\"><\/span>Manilva<span class=\"ez-toc-section-end\"><\/span><\/h3>\n<p><img loading=\"lazy\" decoding=\"async\" class=\"alignnone wp-image-19678\" src=\"https:\/\/www.malagacar.com\/sp\/blog\/wp-content\/uploads\/2025\/06\/San-Juan-Manilva-819x1024.jpg\" alt=\"San Juan Manilva\" width=\"459\" height=\"574\" \/><\/p>\n<p>La Plaza Manuel Luna sera le c\u0153ur des c\u00e9l\u00e9brations de la Saint-Jean \u00e0 Manilva, la commune la plus occidentale de la Costa del Sol.<\/p>\n<p>Les festivit\u00e9s d\u00e9buteront \u00e0 22 h avec de la musique en direct depuis la sc\u00e8ne install\u00e9e sur la plage, suivies de l&#8217;embrasement de l&rsquo;effigie de la Saint-Jean et d&rsquo;un feu d&rsquo;artifice.<\/p>\n<p>Apr\u00e8s le feu d&rsquo;artifice, la f\u00eate se poursuivra en musique jusqu&rsquo;au petit matin.<\/p>\n<p>Il est possible d&rsquo;allumer des feux de joie sur les plages de Manilva, sous r\u00e9serve d&rsquo;obtenir une autorisation pr\u00e9alable aupr\u00e8s de la mairie. T\u00e9l\u00e9phone : +34 952 89 00 65<\/p>\n<ul>\n<li><a href=\"https:\/\/maps.app.goo.gl\/5XH5C7wVLjwUG7xo6\" data-wpel-link=\"external\" rel=\"external noopener noreferrer\"><strong>Comment s&rsquo;y rendre<\/strong><\/a><\/li>\n<\/ul>\n<h2><span class=\"ez-toc-section\" id=\"Feux_de_joie_de_la_Saint-Jean_Regles_a_Malaga_Costa_del_Sol\"><\/span>Feux de joie de la Saint-Jean ? R\u00e8gles \u00e0 Malaga &amp; Costa del Sol<span class=\"ez-toc-section-end\"><\/span><\/h2>\n<p><img loading=\"lazy\" decoding=\"async\" class=\"alignnone size-full wp-image-17702\" src=\"https:\/\/www.malagacar.com\/sp\/blog\/wp-content\/uploads\/2025\/06\/Hoguera-playa1-D.jpg\" alt=\"Credit Depositphotos\" width=\"1000\" height=\"667\" \/><\/p>\n<p>La principale particularit\u00e9 de la nuit de la Saint-Jean r\u00e9side dans les feux de joie.<\/p>\n<p>Nombreux sont ceux qui gardent un souvenir vivace : La c\u00f4te enti\u00e8re illumin\u00e9e la nuit par des centaines de petits feux et des groupes d&rsquo;amis et de familles assis autour, jouant de la guitare, discutant et mangeant.<\/p>\n<figure id=\"attachment_17697\" aria-describedby=\"caption-attachment-17697\" style=\"width: 1000px\" class=\"wp-caption alignnone\"><img loading=\"lazy\" decoding=\"async\" class=\"size-full wp-image-17697\" src=\"https:\/\/www.malagacar.com\/sp\/blog\/wp-content\/uploads\/2025\/06\/fuegos-Credit-SurEnglish.jpg\" alt=\"San Juan en M\u00e1laga\" width=\"1000\" height=\"584\" \/><figcaption id=\"caption-attachment-17697\" class=\"wp-caption-text\">Credit SurEnglish<\/figcaption><\/figure>\n<p>C&rsquo;est vers 2018\/19 que les municipalit\u00e9s ont commenc\u00e9 \u00e0 restreindre les feux de joie dans le sable. Pour des raisons pr\u00e9tendument environnementales, supprimant ainsi l&rsquo;essence et l&rsquo;\u00e2me de la c\u00e9l\u00e9bration de la Saint-Jean.<\/p>\n<p>Aujourd&rsquo;hui, si vous prenez le risque d&rsquo;allumer votre feu de joie dans le sable, vous risquez une forte amende. Il en va de m\u00eame pour les barbecues portables (de 300 \u20ac \u00e0 1500 \u20ac d&rsquo;amende).<\/p>\n<p>Les seuls feux autoris\u00e9s sont les feux officiels, les \u00ab J\u00faas \u00bb.<\/p>\n<h3><span class=\"ez-toc-section\" id=\"Exceptions_a_la_regle\"><\/span>Exceptions \u00e0 la r\u00e8gle<span class=\"ez-toc-section-end\"><\/span><\/h3>\n<p>La bonne nouvelle, c&rsquo;est qu&rsquo;il y a toujours des exceptions : Il appartient \u00e0 chaque municipalit\u00e9 de les autoriser.<\/p>\n<p>Il existe \u00e9galement une autre astuce pour contourner les r\u00e8gles : Dans chaque commune de la c\u00f4te, il existe des zones autoris\u00e9es pour les barbecues. Vous avez peut-\u00eatre remarqu\u00e9 que, sur certaines plages, il y a des bateaux sur le sable que vous pouvez utiliser \u00e0 cette fin.<\/p>\n<p>Bien entendu, ces barques sont tr\u00e8s demand\u00e9es et il faut demander l&rsquo;autorisation \u00e0 la mairie concern\u00e9e.<\/p>\n<h3><span class=\"ez-toc-section\" id=\"Ou_lon_peut_encore_faire_des_feux_de_joie\"><\/span>O\u00f9 l&rsquo;on peut encore faire des feux de joie<span class=\"ez-toc-section-end\"><\/span><\/h3>\n<ul>\n<li><strong>Nerja<\/strong> : Il est permis de faire des feux de camp, sauf sur les plages de Burriana, Torrecilla et Maro.<\/li>\n<li><strong>Manilva<\/strong> : Il est n\u00e9cessaire d&rsquo;obtenir une autorisation pr\u00e9alable de la mairie.<\/li>\n<\/ul>\n<h2><span class=\"ez-toc-section\" id=\"Foire_aux_questions\"><\/span>Foire aux questions<span class=\"ez-toc-section-end\"><\/span><\/h2>\n<h3><span class=\"ez-toc-section\" id=\"Les_bars_et_restaurants_de_plage_sont-ils_ouverts_ce_soir-la\"><\/span>Les bars et restaurants de plage sont-ils ouverts ce soir-l\u00e0 ?<span class=\"ez-toc-section-end\"><\/span><\/h3>\n<p>Oui. N&rsquo;oubliez pas que si vous souhaitez d\u00eener dans un bar de plage ce soir-l\u00e0, il est indispensable de r\u00e9server \u00e0 l&rsquo;avance.<br \/>\nDe nombreux bars de plage installent des comptoirs ext\u00e9rieurs pour vendre de la restauration rapide (sandwichs, brochettes de poisson) et des boissons \u00e0 emporter sur le sable.<\/p>\n<h3><span class=\"ez-toc-section\" id=\"Peut-on_faire_des_feux_sur_les_plages\"><\/span>Peut-on faire des feux sur les plages ?<span class=\"ez-toc-section-end\"><\/span><\/h3>\n<p>Non ; malheureusement, presque toutes les communes de la Costa del Sol interdisent d\u00e9sormais les feux sur la plage.<\/p>\n<h3><span class=\"ez-toc-section\" id=\"Dans_quelles_communes_est-il_permis_de_faire_des_feux_sur_la_plage\"><\/span>Dans quelles communes est-il permis de faire des feux sur la plage ?<span class=\"ez-toc-section-end\"><\/span><\/h3>\n<p>Pour la Saint-Jean 2026, les seules communes de la Costa del Sol o\u00f9 les feux sont autoris\u00e9s sont Nerja et Manilva.<\/p>\n<ul>\n<li>Nerja autorise les feux de joie, sauf sur les plages de Burriana, Torrecilla et Maro. L\u00e0 o\u00f9 ils sont permis, les feux ne sont autoris\u00e9s que durant la nuit du 23 au 24 juin, de 20 h le 23 jusqu&rsquo;\u00e0 15 h le 24.<br \/>\nIl est strictement interdit d&rsquo;allumer des feux directement sur le sable ; ils doivent \u00eatre contenus dans des barbecues, des bacs m\u00e9talliques ou des r\u00e9cipients similaires.<\/li>\n<\/ul>\n<ul>\n<li>Manilva autorise \u00e9galement les feux sur la plage, mais il est n\u00e9cessaire d&rsquo;obtenir une autorisation pr\u00e9alable aupr\u00e8s de la mairie. T\u00e9l\u00e9phone : +34 952 89 00 65.<\/li>\n<\/ul>\n<h3><span class=\"ez-toc-section\" id=\"Que_porter_pour_feter_la_nuit_de_la_Saint-Jean_a_Malaga\"><\/span>Que porter pour f\u00eater la nuit de la Saint-Jean \u00e0 Malaga ?<span class=\"ez-toc-section-end\"><\/span><\/h3>\n<p>Une tenue de plage, bien s\u00fbr ! Et n&rsquo;oubliez pas vos tongs ! M\u00eame si les nuits sont douces \u00e0 cette \u00e9poque de l&rsquo;ann\u00e9e, gardez \u00e0 l&rsquo;esprit qu&rsquo;il fait plus frais au bord de l&rsquo;eau. Il est donc judicieux d&#8217;emporter de quoi se couvrir, surtout si vous pr\u00e9voyez de rester dehors tard.<\/p>\n<p>Il vous faudra \u00e9galement un maillot de bain et une serviette. Si vous c\u00e9l\u00e9brez la Saint-Jean \u00e0 Malaga, se baigner \u00e0 minuit pour attirer la chance est pratiquement incontournable.<\/p>\n<h3><span class=\"ez-toc-section\" id=\"A_quoi_faut-il_sattendre_concernant_la_circulation_et_ou_vaut-il_mieux_se_garer\"><\/span>\u00c0 quoi faut-il s&rsquo;attendre concernant la circulation et o\u00f9 vaut-il mieux se garer ?<span class=\"ez-toc-section-end\"><\/span><\/h3>\n<p>La circulation le long de la c\u00f4te et sur les voies d&rsquo;acc\u00e8s devient dense d\u00e8s le d\u00e9but de l&rsquo;apr\u00e8s-midi, en raison de l&rsquo;affluence.<\/p>\n<p>Il est pratiquement impossible de trouver une place de stationnement pr\u00e8s de la plage apr\u00e8s 20 heures. Nous vous recommandons d&rsquo;utiliser les parkings souterrains publics ou de vous garer dans les zones r\u00e9sidentielles situ\u00e9es en retrait du front de mer. Une autre option consiste \u00e0 <a href=\"https:\/\/www.malagacar.com\/fr\/information\/malaga\/malaga-aeroport-transferts.html\" data-wpel-link=\"internal\"><strong>r\u00e9server un taxi priv\u00e9<\/strong><\/a> aupr\u00e8s de nos services. Nous vous conduirons sur place et viendrons vous chercher \u00e0 l&rsquo;heure convenue.<\/p>\n<p>Veuillez noter que des fermetures de voies surviennent fr\u00e9quemment. Les art\u00e8res principales \u2014 telles que les promenades du bord de mer \u00e0 Marbella, Fuengirola ou Malaga \u2014 font l&rsquo;objet de fermetures intermittentes en raison de la forte affluence de pi\u00e9tons.<\/p>\n<h3><span class=\"ez-toc-section\" id=\"La_Saint-Jean_est-elle_un_jour_ferie_a_Malaga\"><\/span>La Saint-Jean est-elle un jour f\u00e9ri\u00e9 \u00e0 Malaga ?<span class=\"ez-toc-section-end\"><\/span><\/h3>\n<p>Non, le 24 juin (jour de la Saint-Jean) n&rsquo;est pas un jour f\u00e9ri\u00e9 officiel \u00e0 Malaga ni dans les communes de la Costa del Sol. C&rsquo;est une journ\u00e9e de travail ordinaire, et les commerces ainsi que les services fonctionnent normalement.<\/p>\n\t\t\t\t\n\t\t\t\t<div id=\"search-form2\" class=\"big-quote index-mobile\">\n\t\t\t\t<form id=\"frmSearch\" name=\"frmSearch\" action=\"\/fr\/location-de-voitures\/quote.php\" method=\"post\" name=\"quote\" class=\"container-fluid\">\n\t\t\t\t\t\t\t\t\t<div class=\"row\">\n\t\t\t\t\t\t<div class=\"col-sm-6\">\n\n\t\t\t\t\t\t\t<div class=\"form-group\">\n\t\t\t\t\t\t\t\t<label for=\"entrega\"><h4>Collecte<\/h4><\/label>\n\t\t\t\t\t\t\t\t<select name=\"entrega\" id=\"entrega\" class=\"custom-select\">\n\t\t\t\t\t\t\t\t\t<option value=\"airport\"  selected>Malaga A\u00e9roport<\/option>\n\t\t\t\t\t\t\t\t\t\t\t\t\t\t\t\t<\/select>\n\t\t\t\t\t\t\t\t<div class=\"form-inline my-2\">\n\t\t\t\t\t\t\t\t\t<input id=\"pDate\" class=\"form-control\" value=\"07\/09\/2026\" name=\"pDate\" readonly onchange=\"return uppdate()\">\n\t\t\t\t\t\t\t\t\t<select class=\"custom-select\" id=\"phorasminutos\" name=\"phorasminutos\" oninvalid=\"setCustomValidity('Faites-nous conna\u00eetre votre heure d\u00b4arriv\u00e9e')\" onchange=\"setCustomValidity('');\">\n\t\t\t\t\t\t\t\t\t\t<option value=\"-\" selected>--:--<\/option>\n\t\t\t\t\t\t\t\t\t\t\t\t\t\t\t\t\t\t\t\t<option value=\"00:00\">\n\t\t\t\t\t\t\t\t\t\t\t00:00<\/option>\n\t\t\t\t\t\t\t\t\t\t<option value=\"00:15\">\n\t\t\t\t\t\t\t\t\t\t\t00:15<\/option>\n\t\t\t\t\t\t\t\t\t\t<option value=\"00:30\">\n\t\t\t\t\t\t\t\t\t\t\t00:30<\/option>\n\t\t\t\t\t\t\t\t\t\t<option value=\"00:45\">\n\t\t\t\t\t\t\t\t\t\t\t00:45<\/option>\n\t\t\t\t\t\t\t\t\t\t\t\t\t\t\t\t\t\t\t\t<option value=\"01:00\">\n\t\t\t\t\t\t\t\t\t\t\t01:00<\/option>\n\t\t\t\t\t\t\t\t\t\t<option value=\"01:15\">\n\t\t\t\t\t\t\t\t\t\t\t01:15<\/option>\n\t\t\t\t\t\t\t\t\t\t<option value=\"01:30\">\n\t\t\t\t\t\t\t\t\t\t\t01:30<\/option>\n\t\t\t\t\t\t\t\t\t\t<option value=\"01:45\">\n\t\t\t\t\t\t\t\t\t\t\t01:45<\/option>\n\t\t\t\t\t\t\t\t\t\t\t\t\t\t\t\t\t\t\t\t<option value=\"02:00\">\n\t\t\t\t\t\t\t\t\t\t\t02:00<\/option>\n\t\t\t\t\t\t\t\t\t\t<option value=\"02:15\">\n\t\t\t\t\t\t\t\t\t\t\t02:15<\/option>\n\t\t\t\t\t\t\t\t\t\t<option value=\"02:30\">\n\t\t\t\t\t\t\t\t\t\t\t02:30<\/option>\n\t\t\t\t\t\t\t\t\t\t<option value=\"02:45\">\n\t\t\t\t\t\t\t\t\t\t\t02:45<\/option>\n\t\t\t\t\t\t\t\t\t\t\t\t\t\t\t\t\t\t\t\t<option value=\"03:00\">\n\t\t\t\t\t\t\t\t\t\t\t03:00<\/option>\n\t\t\t\t\t\t\t\t\t\t<option value=\"03:15\">\n\t\t\t\t\t\t\t\t\t\t\t03:15<\/option>\n\t\t\t\t\t\t\t\t\t\t<option value=\"03:30\">\n\t\t\t\t\t\t\t\t\t\t\t03:30<\/option>\n\t\t\t\t\t\t\t\t\t\t<option value=\"03:45\">\n\t\t\t\t\t\t\t\t\t\t\t03:45<\/option>\n\t\t\t\t\t\t\t\t\t\t\t\t\t\t\t\t\t\t\t\t<option value=\"04:00\">\n\t\t\t\t\t\t\t\t\t\t\t04:00<\/option>\n\t\t\t\t\t\t\t\t\t\t<option value=\"04:15\">\n\t\t\t\t\t\t\t\t\t\t\t04:15<\/option>\n\t\t\t\t\t\t\t\t\t\t<option value=\"04:30\">\n\t\t\t\t\t\t\t\t\t\t\t04:30<\/option>\n\t\t\t\t\t\t\t\t\t\t<option value=\"04:45\">\n\t\t\t\t\t\t\t\t\t\t\t04:45<\/option>\n\t\t\t\t\t\t\t\t\t\t\t\t\t\t\t\t\t\t\t\t<option value=\"05:00\">\n\t\t\t\t\t\t\t\t\t\t\t05:00<\/option>\n\t\t\t\t\t\t\t\t\t\t<option value=\"05:15\">\n\t\t\t\t\t\t\t\t\t\t\t05:15<\/option>\n\t\t\t\t\t\t\t\t\t\t<option value=\"05:30\">\n\t\t\t\t\t\t\t\t\t\t\t05:30<\/option>\n\t\t\t\t\t\t\t\t\t\t<option value=\"05:45\">\n\t\t\t\t\t\t\t\t\t\t\t05:45<\/option>\n\t\t\t\t\t\t\t\t\t\t\t\t\t\t\t\t\t\t\t\t<option value=\"06:00\">\n\t\t\t\t\t\t\t\t\t\t\t06:00<\/option>\n\t\t\t\t\t\t\t\t\t\t<option value=\"06:15\">\n\t\t\t\t\t\t\t\t\t\t\t06:15<\/option>\n\t\t\t\t\t\t\t\t\t\t<option value=\"06:30\">\n\t\t\t\t\t\t\t\t\t\t\t06:30<\/option>\n\t\t\t\t\t\t\t\t\t\t<option value=\"06:45\">\n\t\t\t\t\t\t\t\t\t\t\t06:45<\/option>\n\t\t\t\t\t\t\t\t\t\t\t\t\t\t\t\t\t\t\t\t<option value=\"07:00\">\n\t\t\t\t\t\t\t\t\t\t\t07:00<\/option>\n\t\t\t\t\t\t\t\t\t\t<option value=\"07:15\">\n\t\t\t\t\t\t\t\t\t\t\t07:15<\/option>\n\t\t\t\t\t\t\t\t\t\t<option value=\"07:30\">\n\t\t\t\t\t\t\t\t\t\t\t07:30<\/option>\n\t\t\t\t\t\t\t\t\t\t<option value=\"07:45\">\n\t\t\t\t\t\t\t\t\t\t\t07:45<\/option>\n\t\t\t\t\t\t\t\t\t\t\t\t\t\t\t\t\t\t\t\t<option value=\"08:00\">\n\t\t\t\t\t\t\t\t\t\t\t08:00<\/option>\n\t\t\t\t\t\t\t\t\t\t<option value=\"08:15\">\n\t\t\t\t\t\t\t\t\t\t\t08:15<\/option>\n\t\t\t\t\t\t\t\t\t\t<option value=\"08:30\">\n\t\t\t\t\t\t\t\t\t\t\t08:30<\/option>\n\t\t\t\t\t\t\t\t\t\t<option value=\"08:45\">\n\t\t\t\t\t\t\t\t\t\t\t08:45<\/option>\n\t\t\t\t\t\t\t\t\t\t\t\t\t\t\t\t\t\t\t\t<option value=\"09:00\">\n\t\t\t\t\t\t\t\t\t\t\t09:00<\/option>\n\t\t\t\t\t\t\t\t\t\t<option value=\"09:15\">\n\t\t\t\t\t\t\t\t\t\t\t09:15<\/option>\n\t\t\t\t\t\t\t\t\t\t<option value=\"09:30\">\n\t\t\t\t\t\t\t\t\t\t\t09:30<\/option>\n\t\t\t\t\t\t\t\t\t\t<option value=\"09:45\">\n\t\t\t\t\t\t\t\t\t\t\t09:45<\/option>\n\t\t\t\t\t\t\t\t\t\t\t\t\t\t\t\t\t\t\t\t<option value=\"10:00\">\n\t\t\t\t\t\t\t\t\t\t\t10:00<\/option>\n\t\t\t\t\t\t\t\t\t\t<option value=\"10:15\">\n\t\t\t\t\t\t\t\t\t\t\t10:15<\/option>\n\t\t\t\t\t\t\t\t\t\t<option value=\"10:30\">\n\t\t\t\t\t\t\t\t\t\t\t10:30<\/option>\n\t\t\t\t\t\t\t\t\t\t<option value=\"10:45\">\n\t\t\t\t\t\t\t\t\t\t\t10:45<\/option>\n\t\t\t\t\t\t\t\t\t\t\t\t\t\t\t\t\t\t\t\t<option value=\"11:00\">\n\t\t\t\t\t\t\t\t\t\t\t11:00<\/option>\n\t\t\t\t\t\t\t\t\t\t<option value=\"11:15\">\n\t\t\t\t\t\t\t\t\t\t\t11:15<\/option>\n\t\t\t\t\t\t\t\t\t\t<option value=\"11:30\">\n\t\t\t\t\t\t\t\t\t\t\t11:30<\/option>\n\t\t\t\t\t\t\t\t\t\t<option value=\"11:45\">\n\t\t\t\t\t\t\t\t\t\t\t11:45<\/option>\n\t\t\t\t\t\t\t\t\t\t\t\t\t\t\t\t\t\t\t\t<option value=\"12:00\">\n\t\t\t\t\t\t\t\t\t\t\t12:00<\/option>\n\t\t\t\t\t\t\t\t\t\t<option value=\"12:15\">\n\t\t\t\t\t\t\t\t\t\t\t12:15<\/option>\n\t\t\t\t\t\t\t\t\t\t<option value=\"12:30\">\n\t\t\t\t\t\t\t\t\t\t\t12:30<\/option>\n\t\t\t\t\t\t\t\t\t\t<option value=\"12:45\">\n\t\t\t\t\t\t\t\t\t\t\t12:45<\/option>\n\t\t\t\t\t\t\t\t\t\t\t\t\t\t\t\t\t\t\t\t<option value=\"13:00\">\n\t\t\t\t\t\t\t\t\t\t\t13:00<\/option>\n\t\t\t\t\t\t\t\t\t\t<option value=\"13:15\">\n\t\t\t\t\t\t\t\t\t\t\t13:15<\/option>\n\t\t\t\t\t\t\t\t\t\t<option value=\"13:30\">\n\t\t\t\t\t\t\t\t\t\t\t13:30<\/option>\n\t\t\t\t\t\t\t\t\t\t<option value=\"13:45\">\n\t\t\t\t\t\t\t\t\t\t\t13:45<\/option>\n\t\t\t\t\t\t\t\t\t\t\t\t\t\t\t\t\t\t\t\t<option value=\"14:00\">\n\t\t\t\t\t\t\t\t\t\t\t14:00<\/option>\n\t\t\t\t\t\t\t\t\t\t<option value=\"14:15\">\n\t\t\t\t\t\t\t\t\t\t\t14:15<\/option>\n\t\t\t\t\t\t\t\t\t\t<option value=\"14:30\">\n\t\t\t\t\t\t\t\t\t\t\t14:30<\/option>\n\t\t\t\t\t\t\t\t\t\t<option value=\"14:45\">\n\t\t\t\t\t\t\t\t\t\t\t14:45<\/option>\n\t\t\t\t\t\t\t\t\t\t\t\t\t\t\t\t\t\t\t\t<option value=\"15:00\">\n\t\t\t\t\t\t\t\t\t\t\t15:00<\/option>\n\t\t\t\t\t\t\t\t\t\t<option value=\"15:15\">\n\t\t\t\t\t\t\t\t\t\t\t15:15<\/option>\n\t\t\t\t\t\t\t\t\t\t<option value=\"15:30\">\n\t\t\t\t\t\t\t\t\t\t\t15:30<\/option>\n\t\t\t\t\t\t\t\t\t\t<option value=\"15:45\">\n\t\t\t\t\t\t\t\t\t\t\t15:45<\/option>\n\t\t\t\t\t\t\t\t\t\t\t\t\t\t\t\t\t\t\t\t<option value=\"16:00\">\n\t\t\t\t\t\t\t\t\t\t\t16:00<\/option>\n\t\t\t\t\t\t\t\t\t\t<option value=\"16:15\">\n\t\t\t\t\t\t\t\t\t\t\t16:15<\/option>\n\t\t\t\t\t\t\t\t\t\t<option value=\"16:30\">\n\t\t\t\t\t\t\t\t\t\t\t16:30<\/option>\n\t\t\t\t\t\t\t\t\t\t<option value=\"16:45\">\n\t\t\t\t\t\t\t\t\t\t\t16:45<\/option>\n\t\t\t\t\t\t\t\t\t\t\t\t\t\t\t\t\t\t\t\t<option value=\"17:00\">\n\t\t\t\t\t\t\t\t\t\t\t17:00<\/option>\n\t\t\t\t\t\t\t\t\t\t<option value=\"17:15\">\n\t\t\t\t\t\t\t\t\t\t\t17:15<\/option>\n\t\t\t\t\t\t\t\t\t\t<option value=\"17:30\">\n\t\t\t\t\t\t\t\t\t\t\t17:30<\/option>\n\t\t\t\t\t\t\t\t\t\t<option value=\"17:45\">\n\t\t\t\t\t\t\t\t\t\t\t17:45<\/option>\n\t\t\t\t\t\t\t\t\t\t\t\t\t\t\t\t\t\t\t\t<option value=\"18:00\">\n\t\t\t\t\t\t\t\t\t\t\t18:00<\/option>\n\t\t\t\t\t\t\t\t\t\t<option value=\"18:15\">\n\t\t\t\t\t\t\t\t\t\t\t18:15<\/option>\n\t\t\t\t\t\t\t\t\t\t<option value=\"18:30\">\n\t\t\t\t\t\t\t\t\t\t\t18:30<\/option>\n\t\t\t\t\t\t\t\t\t\t<option value=\"18:45\">\n\t\t\t\t\t\t\t\t\t\t\t18:45<\/option>\n\t\t\t\t\t\t\t\t\t\t\t\t\t\t\t\t\t\t\t\t<option value=\"19:00\">\n\t\t\t\t\t\t\t\t\t\t\t19:00<\/option>\n\t\t\t\t\t\t\t\t\t\t<option value=\"19:15\">\n\t\t\t\t\t\t\t\t\t\t\t19:15<\/option>\n\t\t\t\t\t\t\t\t\t\t<option value=\"19:30\">\n\t\t\t\t\t\t\t\t\t\t\t19:30<\/option>\n\t\t\t\t\t\t\t\t\t\t<option value=\"19:45\">\n\t\t\t\t\t\t\t\t\t\t\t19:45<\/option>\n\t\t\t\t\t\t\t\t\t\t\t\t\t\t\t\t\t\t\t\t<option value=\"20:00\">\n\t\t\t\t\t\t\t\t\t\t\t20:00<\/option>\n\t\t\t\t\t\t\t\t\t\t<option value=\"20:15\">\n\t\t\t\t\t\t\t\t\t\t\t20:15<\/option>\n\t\t\t\t\t\t\t\t\t\t<option value=\"20:30\">\n\t\t\t\t\t\t\t\t\t\t\t20:30<\/option>\n\t\t\t\t\t\t\t\t\t\t<option value=\"20:45\">\n\t\t\t\t\t\t\t\t\t\t\t20:45<\/option>\n\t\t\t\t\t\t\t\t\t\t\t\t\t\t\t\t\t\t\t\t<option value=\"21:00\">\n\t\t\t\t\t\t\t\t\t\t\t21:00<\/option>\n\t\t\t\t\t\t\t\t\t\t<option value=\"21:15\">\n\t\t\t\t\t\t\t\t\t\t\t21:15<\/option>\n\t\t\t\t\t\t\t\t\t\t<option value=\"21:30\">\n\t\t\t\t\t\t\t\t\t\t\t21:30<\/option>\n\t\t\t\t\t\t\t\t\t\t<option value=\"21:45\">\n\t\t\t\t\t\t\t\t\t\t\t21:45<\/option>\n\t\t\t\t\t\t\t\t\t\t\t\t\t\t\t\t\t\t\t\t<option value=\"22:00\">\n\t\t\t\t\t\t\t\t\t\t\t22:00<\/option>\n\t\t\t\t\t\t\t\t\t\t<option value=\"22:15\">\n\t\t\t\t\t\t\t\t\t\t\t22:15<\/option>\n\t\t\t\t\t\t\t\t\t\t<option value=\"22:30\">\n\t\t\t\t\t\t\t\t\t\t\t22:30<\/option>\n\t\t\t\t\t\t\t\t\t\t<option value=\"22:45\">\n\t\t\t\t\t\t\t\t\t\t\t22:45<\/option>\n\t\t\t\t\t\t\t\t\t\t\t\t\t\t\t\t\t\t\t\t<option value=\"23:00\">\n\t\t\t\t\t\t\t\t\t\t\t23:00<\/option>\n\t\t\t\t\t\t\t\t\t\t<option value=\"23:15\">\n\t\t\t\t\t\t\t\t\t\t\t23:15<\/option>\n\t\t\t\t\t\t\t\t\t\t<option value=\"23:30\">\n\t\t\t\t\t\t\t\t\t\t\t23:30<\/option>\n\t\t\t\t\t\t\t\t\t\t<option value=\"23:45\">\n\t\t\t\t\t\t\t\t\t\t\t23:45<\/option>\n\t\t\t\t\t\t\t\t\t\t\t\t\t\t\t\t\t\t\t<\/select>\n\t\t\t\t\t\t\t\t<\/div>\n\t\t\t\t\t\t\t<\/div>\n\t\t\t\t\t\t<\/div>\n\t\t\t\t\t\t<div class=\"col-sm-6\">\n\t\t\t\t\t\t\t<div class=\"form-group\">\n\t\t\t\t\t\t\t\t<div id=\"bookingBox\"><\/div>\n\n\t\t\t\t\t\t\t\t<label for=\"devuelta\"><h4>D\u00e9p\u00f4t<\/h4><\/label>\n\t\t\t\t\t\t\t\t<select name=\"devuelta\" id=\"devuelta\" class=\"custom-select\">\n\t\t\t\t\t\t\t\t\t<option value=\"airport\"  selected>Malaga A\u00e9roport<\/option>\n\t\t\t\t\t\t\t\t\t\t\t\t\t\t\t\t<\/select>\n\n\t\t\t\t\t\t\t\t<div class=\"form-inline my-2\">\n\t\t\t\t\t\t\t\t\t<input id=\"dDate\" class=\"form-control\" value=\"14\/09\/2026\" name=\"dDate\" readonly>\n\t\t\t\t\t\t\t\t\t<select class=\"custom-select\" id=\"dhorasminutos\" name=\"dhorasminutos\" oninvalid=\"setCustomValidity('Faites-nous savoir votre heure de retour')\" onchange=\"setCustomValidity('')\">\n\t\t\t\t\t\t\t\t\t\t<option value=\"-\" selected>--:--<\/option>\n\t\t\t\t\t\t\t\t\t\t\t\t\t\t\t\t\t\t\t\t<option value=\"00:00\">\n\t\t\t\t\t\t\t\t\t\t\t00:00<\/option>\n\t\t\t\t\t\t\t\t\t\t<option value=\"00:15\">\n\t\t\t\t\t\t\t\t\t\t\t00:15<\/option>\n\t\t\t\t\t\t\t\t\t\t<option value=\"00:30\">\n\t\t\t\t\t\t\t\t\t\t\t00:30<\/option>\n\t\t\t\t\t\t\t\t\t\t<option value=\"00:45\">\n\t\t\t\t\t\t\t\t\t\t\t00:45<\/option>\n\t\t\t\t\t\t\t\t\t\t\t\t\t\t\t\t\t\t\t\t<option value=\"01:00\">\n\t\t\t\t\t\t\t\t\t\t\t01:00<\/option>\n\t\t\t\t\t\t\t\t\t\t<option value=\"01:15\">\n\t\t\t\t\t\t\t\t\t\t\t01:15<\/option>\n\t\t\t\t\t\t\t\t\t\t<option value=\"01:30\">\n\t\t\t\t\t\t\t\t\t\t\t01:30<\/option>\n\t\t\t\t\t\t\t\t\t\t<option value=\"01:45\">\n\t\t\t\t\t\t\t\t\t\t\t01:45<\/option>\n\t\t\t\t\t\t\t\t\t\t\t\t\t\t\t\t\t\t\t\t<option value=\"02:00\">\n\t\t\t\t\t\t\t\t\t\t\t02:00<\/option>\n\t\t\t\t\t\t\t\t\t\t<option value=\"02:15\">\n\t\t\t\t\t\t\t\t\t\t\t02:15<\/option>\n\t\t\t\t\t\t\t\t\t\t<option value=\"02:30\">\n\t\t\t\t\t\t\t\t\t\t\t02:30<\/option>\n\t\t\t\t\t\t\t\t\t\t<option value=\"02:45\">\n\t\t\t\t\t\t\t\t\t\t\t02:45<\/option>\n\t\t\t\t\t\t\t\t\t\t\t\t\t\t\t\t\t\t\t\t<option value=\"03:00\">\n\t\t\t\t\t\t\t\t\t\t\t03:00<\/option>\n\t\t\t\t\t\t\t\t\t\t<option value=\"03:15\">\n\t\t\t\t\t\t\t\t\t\t\t03:15<\/option>\n\t\t\t\t\t\t\t\t\t\t<option value=\"03:30\">\n\t\t\t\t\t\t\t\t\t\t\t03:30<\/option>\n\t\t\t\t\t\t\t\t\t\t<option value=\"03:45\">\n\t\t\t\t\t\t\t\t\t\t\t03:45<\/option>\n\t\t\t\t\t\t\t\t\t\t\t\t\t\t\t\t\t\t\t\t<option value=\"04:00\">\n\t\t\t\t\t\t\t\t\t\t\t04:00<\/option>\n\t\t\t\t\t\t\t\t\t\t<option value=\"04:15\">\n\t\t\t\t\t\t\t\t\t\t\t04:15<\/option>\n\t\t\t\t\t\t\t\t\t\t<option value=\"04:30\">\n\t\t\t\t\t\t\t\t\t\t\t04:30<\/option>\n\t\t\t\t\t\t\t\t\t\t<option value=\"04:45\">\n\t\t\t\t\t\t\t\t\t\t\t04:45<\/option>\n\t\t\t\t\t\t\t\t\t\t\t\t\t\t\t\t\t\t\t\t<option value=\"05:00\">\n\t\t\t\t\t\t\t\t\t\t\t05:00<\/option>\n\t\t\t\t\t\t\t\t\t\t<option value=\"05:15\">\n\t\t\t\t\t\t\t\t\t\t\t05:15<\/option>\n\t\t\t\t\t\t\t\t\t\t<option value=\"05:30\">\n\t\t\t\t\t\t\t\t\t\t\t05:30<\/option>\n\t\t\t\t\t\t\t\t\t\t<option value=\"05:45\">\n\t\t\t\t\t\t\t\t\t\t\t05:45<\/option>\n\t\t\t\t\t\t\t\t\t\t\t\t\t\t\t\t\t\t\t\t<option value=\"06:00\">\n\t\t\t\t\t\t\t\t\t\t\t06:00<\/option>\n\t\t\t\t\t\t\t\t\t\t<option value=\"06:15\">\n\t\t\t\t\t\t\t\t\t\t\t06:15<\/option>\n\t\t\t\t\t\t\t\t\t\t<option value=\"06:30\">\n\t\t\t\t\t\t\t\t\t\t\t06:30<\/option>\n\t\t\t\t\t\t\t\t\t\t<option value=\"06:45\">\n\t\t\t\t\t\t\t\t\t\t\t06:45<\/option>\n\t\t\t\t\t\t\t\t\t\t\t\t\t\t\t\t\t\t\t\t<option value=\"07:00\">\n\t\t\t\t\t\t\t\t\t\t\t07:00<\/option>\n\t\t\t\t\t\t\t\t\t\t<option value=\"07:15\">\n\t\t\t\t\t\t\t\t\t\t\t07:15<\/option>\n\t\t\t\t\t\t\t\t\t\t<option value=\"07:30\">\n\t\t\t\t\t\t\t\t\t\t\t07:30<\/option>\n\t\t\t\t\t\t\t\t\t\t<option value=\"07:45\">\n\t\t\t\t\t\t\t\t\t\t\t07:45<\/option>\n\t\t\t\t\t\t\t\t\t\t\t\t\t\t\t\t\t\t\t\t<option value=\"08:00\">\n\t\t\t\t\t\t\t\t\t\t\t08:00<\/option>\n\t\t\t\t\t\t\t\t\t\t<option value=\"08:15\">\n\t\t\t\t\t\t\t\t\t\t\t08:15<\/option>\n\t\t\t\t\t\t\t\t\t\t<option value=\"08:30\">\n\t\t\t\t\t\t\t\t\t\t\t08:30<\/option>\n\t\t\t\t\t\t\t\t\t\t<option value=\"08:45\">\n\t\t\t\t\t\t\t\t\t\t\t08:45<\/option>\n\t\t\t\t\t\t\t\t\t\t\t\t\t\t\t\t\t\t\t\t<option value=\"09:00\">\n\t\t\t\t\t\t\t\t\t\t\t09:00<\/option>\n\t\t\t\t\t\t\t\t\t\t<option value=\"09:15\">\n\t\t\t\t\t\t\t\t\t\t\t09:15<\/option>\n\t\t\t\t\t\t\t\t\t\t<option value=\"09:30\">\n\t\t\t\t\t\t\t\t\t\t\t09:30<\/option>\n\t\t\t\t\t\t\t\t\t\t<option value=\"09:45\">\n\t\t\t\t\t\t\t\t\t\t\t09:45<\/option>\n\t\t\t\t\t\t\t\t\t\t\t\t\t\t\t\t\t\t\t\t<option value=\"10:00\">\n\t\t\t\t\t\t\t\t\t\t\t10:00<\/option>\n\t\t\t\t\t\t\t\t\t\t<option value=\"10:15\">\n\t\t\t\t\t\t\t\t\t\t\t10:15<\/option>\n\t\t\t\t\t\t\t\t\t\t<option value=\"10:30\">\n\t\t\t\t\t\t\t\t\t\t\t10:30<\/option>\n\t\t\t\t\t\t\t\t\t\t<option value=\"10:45\">\n\t\t\t\t\t\t\t\t\t\t\t10:45<\/option>\n\t\t\t\t\t\t\t\t\t\t\t\t\t\t\t\t\t\t\t\t<option value=\"11:00\">\n\t\t\t\t\t\t\t\t\t\t\t11:00<\/option>\n\t\t\t\t\t\t\t\t\t\t<option value=\"11:15\">\n\t\t\t\t\t\t\t\t\t\t\t11:15<\/option>\n\t\t\t\t\t\t\t\t\t\t<option value=\"11:30\">\n\t\t\t\t\t\t\t\t\t\t\t11:30<\/option>\n\t\t\t\t\t\t\t\t\t\t<option value=\"11:45\">\n\t\t\t\t\t\t\t\t\t\t\t11:45<\/option>\n\t\t\t\t\t\t\t\t\t\t\t\t\t\t\t\t\t\t\t\t<option value=\"12:00\">\n\t\t\t\t\t\t\t\t\t\t\t12:00<\/option>\n\t\t\t\t\t\t\t\t\t\t<option value=\"12:15\">\n\t\t\t\t\t\t\t\t\t\t\t12:15<\/option>\n\t\t\t\t\t\t\t\t\t\t<option value=\"12:30\">\n\t\t\t\t\t\t\t\t\t\t\t12:30<\/option>\n\t\t\t\t\t\t\t\t\t\t<option value=\"12:45\">\n\t\t\t\t\t\t\t\t\t\t\t12:45<\/option>\n\t\t\t\t\t\t\t\t\t\t\t\t\t\t\t\t\t\t\t\t<option value=\"13:00\">\n\t\t\t\t\t\t\t\t\t\t\t13:00<\/option>\n\t\t\t\t\t\t\t\t\t\t<option value=\"13:15\">\n\t\t\t\t\t\t\t\t\t\t\t13:15<\/option>\n\t\t\t\t\t\t\t\t\t\t<option value=\"13:30\">\n\t\t\t\t\t\t\t\t\t\t\t13:30<\/option>\n\t\t\t\t\t\t\t\t\t\t<option value=\"13:45\">\n\t\t\t\t\t\t\t\t\t\t\t13:45<\/option>\n\t\t\t\t\t\t\t\t\t\t\t\t\t\t\t\t\t\t\t\t<option value=\"14:00\">\n\t\t\t\t\t\t\t\t\t\t\t14:00<\/option>\n\t\t\t\t\t\t\t\t\t\t<option value=\"14:15\">\n\t\t\t\t\t\t\t\t\t\t\t14:15<\/option>\n\t\t\t\t\t\t\t\t\t\t<option value=\"14:30\">\n\t\t\t\t\t\t\t\t\t\t\t14:30<\/option>\n\t\t\t\t\t\t\t\t\t\t<option value=\"14:45\">\n\t\t\t\t\t\t\t\t\t\t\t14:45<\/option>\n\t\t\t\t\t\t\t\t\t\t\t\t\t\t\t\t\t\t\t\t<option value=\"15:00\">\n\t\t\t\t\t\t\t\t\t\t\t15:00<\/option>\n\t\t\t\t\t\t\t\t\t\t<option value=\"15:15\">\n\t\t\t\t\t\t\t\t\t\t\t15:15<\/option>\n\t\t\t\t\t\t\t\t\t\t<option value=\"15:30\">\n\t\t\t\t\t\t\t\t\t\t\t15:30<\/option>\n\t\t\t\t\t\t\t\t\t\t<option value=\"15:45\">\n\t\t\t\t\t\t\t\t\t\t\t15:45<\/option>\n\t\t\t\t\t\t\t\t\t\t\t\t\t\t\t\t\t\t\t\t<option value=\"16:00\">\n\t\t\t\t\t\t\t\t\t\t\t16:00<\/option>\n\t\t\t\t\t\t\t\t\t\t<option value=\"16:15\">\n\t\t\t\t\t\t\t\t\t\t\t16:15<\/option>\n\t\t\t\t\t\t\t\t\t\t<option value=\"16:30\">\n\t\t\t\t\t\t\t\t\t\t\t16:30<\/option>\n\t\t\t\t\t\t\t\t\t\t<option value=\"16:45\">\n\t\t\t\t\t\t\t\t\t\t\t16:45<\/option>\n\t\t\t\t\t\t\t\t\t\t\t\t\t\t\t\t\t\t\t\t<option value=\"17:00\">\n\t\t\t\t\t\t\t\t\t\t\t17:00<\/option>\n\t\t\t\t\t\t\t\t\t\t<option value=\"17:15\">\n\t\t\t\t\t\t\t\t\t\t\t17:15<\/option>\n\t\t\t\t\t\t\t\t\t\t<option value=\"17:30\">\n\t\t\t\t\t\t\t\t\t\t\t17:30<\/option>\n\t\t\t\t\t\t\t\t\t\t<option value=\"17:45\">\n\t\t\t\t\t\t\t\t\t\t\t17:45<\/option>\n\t\t\t\t\t\t\t\t\t\t\t\t\t\t\t\t\t\t\t\t<option value=\"18:00\">\n\t\t\t\t\t\t\t\t\t\t\t18:00<\/option>\n\t\t\t\t\t\t\t\t\t\t<option value=\"18:15\">\n\t\t\t\t\t\t\t\t\t\t\t18:15<\/option>\n\t\t\t\t\t\t\t\t\t\t<option value=\"18:30\">\n\t\t\t\t\t\t\t\t\t\t\t18:30<\/option>\n\t\t\t\t\t\t\t\t\t\t<option value=\"18:45\">\n\t\t\t\t\t\t\t\t\t\t\t18:45<\/option>\n\t\t\t\t\t\t\t\t\t\t\t\t\t\t\t\t\t\t\t\t<option value=\"19:00\">\n\t\t\t\t\t\t\t\t\t\t\t19:00<\/option>\n\t\t\t\t\t\t\t\t\t\t<option value=\"19:15\">\n\t\t\t\t\t\t\t\t\t\t\t19:15<\/option>\n\t\t\t\t\t\t\t\t\t\t<option value=\"19:30\">\n\t\t\t\t\t\t\t\t\t\t\t19:30<\/option>\n\t\t\t\t\t\t\t\t\t\t<option value=\"19:45\">\n\t\t\t\t\t\t\t\t\t\t\t19:45<\/option>\n\t\t\t\t\t\t\t\t\t\t\t\t\t\t\t\t\t\t\t\t<option value=\"20:00\">\n\t\t\t\t\t\t\t\t\t\t\t20:00<\/option>\n\t\t\t\t\t\t\t\t\t\t<option value=\"20:15\">\n\t\t\t\t\t\t\t\t\t\t\t20:15<\/option>\n\t\t\t\t\t\t\t\t\t\t<option value=\"20:30\">\n\t\t\t\t\t\t\t\t\t\t\t20:30<\/option>\n\t\t\t\t\t\t\t\t\t\t<option value=\"20:45\">\n\t\t\t\t\t\t\t\t\t\t\t20:45<\/option>\n\t\t\t\t\t\t\t\t\t\t\t\t\t\t\t\t\t\t\t\t<option value=\"21:00\">\n\t\t\t\t\t\t\t\t\t\t\t21:00<\/option>\n\t\t\t\t\t\t\t\t\t\t<option value=\"21:15\">\n\t\t\t\t\t\t\t\t\t\t\t21:15<\/option>\n\t\t\t\t\t\t\t\t\t\t<option value=\"21:30\">\n\t\t\t\t\t\t\t\t\t\t\t21:30<\/option>\n\t\t\t\t\t\t\t\t\t\t<option value=\"21:45\">\n\t\t\t\t\t\t\t\t\t\t\t21:45<\/option>\n\t\t\t\t\t\t\t\t\t\t\t\t\t\t\t\t\t\t\t\t<option value=\"22:00\">\n\t\t\t\t\t\t\t\t\t\t\t22:00<\/option>\n\t\t\t\t\t\t\t\t\t\t<option value=\"22:15\">\n\t\t\t\t\t\t\t\t\t\t\t22:15<\/option>\n\t\t\t\t\t\t\t\t\t\t<option value=\"22:30\">\n\t\t\t\t\t\t\t\t\t\t\t22:30<\/option>\n\t\t\t\t\t\t\t\t\t\t<option value=\"22:45\">\n\t\t\t\t\t\t\t\t\t\t\t22:45<\/option>\n\t\t\t\t\t\t\t\t\t\t\t\t\t\t\t\t\t\t\t\t<option value=\"23:00\">\n\t\t\t\t\t\t\t\t\t\t\t23:00<\/option>\n\t\t\t\t\t\t\t\t\t\t<option value=\"23:15\">\n\t\t\t\t\t\t\t\t\t\t\t23:15<\/option>\n\t\t\t\t\t\t\t\t\t\t<option value=\"23:30\">\n\t\t\t\t\t\t\t\t\t\t\t23:30<\/option>\n\t\t\t\t\t\t\t\t\t\t<option value=\"23:45\">\n\t\t\t\t\t\t\t\t\t\t\t23:45<\/option>\n\t\t\t\t\t\t\t\t\t\t\t\t\t\t\t\t\t\t\t<\/select>\n\t\t\t\t\t\t\t\t<\/div>\n\t\t\t\t\t\t\t<\/div>\n\t\t\t\t\t\t<\/div>\n\n\t\t\t\t\t<\/div>\n\t\t\t\t\n\n\t\t\t\t\t\t<div class=\"row\">\n                               <div class=\"col-sm-6\">\n\t\t\t\t\t\t\t\t<div class=\"form-group promo-code\">\n\t\t\t\t\t\t\t\t\t\t\t\t\t\t\t\t\t<label for=\"tipogrupo\" class=\"w-50 text-right pr-3 pt-1\">Group<\/label>\n\t\t\t\t\t\t\t\t\t<select name=\"tipogrupo\" id=\"tipogrupo\" class=\"form-control w-50\">\n\t\t\t\t\t\t\t\t\t<option value=\"0\">Voir tous<\/option>\n\t\t\t                        <option value=\"1\">Standard<\/option> \n\t\t\t\t\t\t\t\t\t<option value=\"2\">Automatique<\/option>  \n\t\t\t\t\t\t\t\t\t<option value=\"4\">Transporteurs<\/option>  \n\t\t\t\t\t\t\t\t\t<option value=\"5\">Cabriolet et Sport<\/option>  \n\t\t\t\t\t\t\t\t\t<option value=\"6\">Prestige<\/option>  \n\t\t\t\t\t\t\t\t\t<option value=\"8\">SUV<\/option>  \n\t\t\t\t\t\t\t\t\t<option value=\"10\">Camping car et Autocaravane<\/option>  \t\t\t\t\t\t\t\n\t\t\t\t\t\t\t\t<\/select>\t\n\t\t\t\t\t\t\t\t\t\n\t\t\t\t\t\t\t<\/div>\n\t\t\t\t\t\t\t<\/div>\n\t\t\t\t\t\t<div class=\"col-sm-6 align-self-end\">\n\t\t\t\t\t\t\t<div class=\"form-group\">\n\t\t\t\t\t\t\t\t<input type=\"submit\" class=\"btn-quote\" value=\"Voir les prix\" onclick=\"return msgAlert()\">\n\t\t\t\t\t\t\t<\/div>\n\t\t\t\t\t\t<\/div>\n\t\t\t\t\t<\/div>\n\t\t\t\t<\/form>\n\t\t\t\t<div class=\"row hide-mini-tablet advantages\">\n\t\t\t\t\t\t<div class=\"col-12\">\n\t\t\t\t\t\t\t<h4 class=\"text-center text-white\">TARIFS IMBATTABLES<\/h4>\n\t\t\t\t\t\t\t<ul>\n\t\t\t\t\t\t\t\t<li><strong>Grande flotte<\/strong> de voitures neuves.<\/li>\n\t\t\t\t\t\t\t\t<li><strong>Payez \u00e0 l'arriv\u00e9e<\/strong>.<\/li>\n\t\t\t\t\t\t\t\t<li>Ce que vous voyez est ce que vous payez.<\/li>\n\t\t\t\t\t\t\t\t<li><strong>Pas difficile \u00e0 vendre au bureau<\/strong>.<\/li>\n\t\t\t\t\t\t\t\t<li>Service de livraison VIP gratuit.<\/li>\n\t\t\t\t\t\t\t\t<li><strong class='redpassion-alt'>PAS DE FRAIS SUPPL\u00c9MENTAIRES<\/strong>, pour le service de ravitaillement.<\/li>\n\t\t\t\t\t\t\t<\/ul>\n\t\t\t\t\t\t<\/div>\n\t\t\t\t\t<\/div>\n\t\t\t\t<\/div>\n\t\t\t<br clear=\"all\">\n\n","protected":false},"excerpt":{"rendered":"<p>Vous \u00eates \u00e0 Malaga pour solstice d&rsquo;\u00e9t\u00e9, le 23 juin ? Ne manquez pas cette f\u00eate ancestrale qui se d\u00e9roule sur les plages de tout le littoral, avec des milliers de personnes qui c\u00e9l\u00e8brent le d\u00e9but de l&rsquo;\u00e9t\u00e9 !<\/p>\n","protected":false},"author":1,"featured_media":2569,"comment_status":"open","ping_status":"closed","sticky":false,"template":"","format":"standard","meta":{"footnotes":""},"categories":[2],"tags":[5,10,4,72],"class_list":["post-2568","post","type-post","status-publish","format-standard","has-post-thumbnail","hentry","category-loisirs","tag-choses-a-faire","tag-costa-del-sol","tag-malaga","tag-plages"],"yoast_head":"<!-- This site is optimized with the Yoast SEO plugin v28.4 - https:\/\/yoast.com\/product\/yoast-seo-wordpress\/ -->\n<title>Solstice d&#039;\u00e9t\u00e9 \u00e0 Malaga 2026 : tout ce qu&#039;il faut savoir - Blog de MalagaCar.com<\/title>\n<meta name=\"description\" content=\"Solstice d&#039;\u00e9t\u00e9 \u00e0 Malaga, 23 juin : Ne manquez pas cette f\u00eate ancestrale sur les plages, o\u00f9 des milliers c\u00e9l\u00e8brent le d\u00e9but de l&#039;\u00e9t\u00e9.\" \/>\n<meta name=\"robots\" content=\"index, follow, max-snippet:-1, max-image-preview:large, max-video-preview:-1\" \/>\n<link rel=\"canonical\" href=\"https:\/\/www.malagacar.com\/fr\/blog\/loisirs\/nuit-dete-a-malaga\/\" \/>\n<meta property=\"og:locale\" content=\"fr_FR\" \/>\n<meta property=\"og:type\" content=\"article\" \/>\n<meta property=\"og:title\" content=\"Solstice d&#039;\u00e9t\u00e9 \u00e0 Malaga 2026 : tout ce qu&#039;il faut savoir - Blog de MalagaCar.com\" \/>\n<meta property=\"og:description\" content=\"Solstice d&#039;\u00e9t\u00e9 \u00e0 Malaga, 23 juin : Ne manquez pas cette f\u00eate ancestrale sur les plages, o\u00f9 des milliers c\u00e9l\u00e8brent le d\u00e9but de l&#039;\u00e9t\u00e9.\" \/>\n<meta property=\"og:url\" content=\"https:\/\/www.malagacar.com\/fr\/blog\/loisirs\/nuit-dete-a-malaga\/\" \/>\n<meta property=\"og:site_name\" content=\"Blog de MalagaCar.com\" \/>\n<meta property=\"article:publisher\" content=\"https:\/\/www.facebook.com\/malagacar\" \/>\n<meta property=\"article:published_time\" content=\"2026-06-18T09:17:30+00:00\" \/>\n<meta property=\"article:modified_time\" content=\"2026-06-18T09:17:42+00:00\" \/>\n<meta property=\"og:image\" content=\"https:\/\/www.malagacar.com\/fr\/blog\/wp-content\/uploads\/2025\/06\/Hoguera-playa-fr.jpg\" \/>\n\t<meta property=\"og:image:width\" content=\"1000\" \/>\n\t<meta property=\"og:image:height\" content=\"667\" \/>\n\t<meta property=\"og:image:type\" content=\"image\/jpeg\" \/>\n<meta name=\"author\" content=\"MalagaCar.com\" \/>\n<meta name=\"twitter:card\" content=\"summary_large_image\" \/>\n<meta name=\"twitter:creator\" content=\"@malagacarcom\" \/>\n<meta name=\"twitter:site\" content=\"@malagacarcom\" \/>\n<meta name=\"twitter:label1\" content=\"\u00c9crit par\" \/>\n\t<meta name=\"twitter:data1\" content=\"MalagaCar.com\" \/>\n\t<meta name=\"twitter:label2\" content=\"Dur\u00e9e de lecture estim\u00e9e\" \/>\n\t<meta name=\"twitter:data2\" content=\"18 minutes\" \/>\n<script type=\"application\/ld+json\" class=\"yoast-schema-graph\">{\"@context\":\"https:\\\/\\\/schema.org\",\"@graph\":[{\"@type\":\"Article\",\"@id\":\"https:\\\/\\\/www.malagacar.com\\\/fr\\\/blog\\\/loisirs\\\/nuit-dete-a-malaga\\\/#article\",\"isPartOf\":{\"@id\":\"https:\\\/\\\/www.malagacar.com\\\/fr\\\/blog\\\/loisirs\\\/nuit-dete-a-malaga\\\/\"},\"author\":{\"name\":\"MalagaCar.com\",\"@id\":\"https:\\\/\\\/www.malagacar.com\\\/fr\\\/blog\\\/#\\\/schema\\\/person\\\/ffb97005d02bcc7d0bb59f5409635691\"},\"headline\":\"Solstice d&rsquo;\u00e9t\u00e9 \u00e0 Malaga 2026 : tout ce qu&rsquo;il faut savoir\",\"datePublished\":\"2026-06-18T09:17:30+00:00\",\"dateModified\":\"2026-06-18T09:17:42+00:00\",\"mainEntityOfPage\":{\"@id\":\"https:\\\/\\\/www.malagacar.com\\\/fr\\\/blog\\\/loisirs\\\/nuit-dete-a-malaga\\\/\"},\"wordCount\":2833,\"commentCount\":0,\"publisher\":{\"@id\":\"https:\\\/\\\/www.malagacar.com\\\/fr\\\/blog\\\/#organization\"},\"image\":{\"@id\":\"https:\\\/\\\/www.malagacar.com\\\/fr\\\/blog\\\/loisirs\\\/nuit-dete-a-malaga\\\/#primaryimage\"},\"thumbnailUrl\":\"https:\\\/\\\/www.malagacar.com\\\/fr\\\/blog\\\/wp-content\\\/uploads\\\/2025\\\/06\\\/Hoguera-playa-fr.jpg\",\"keywords\":[\"choses \u00e0 faire\",\"costa del sol\",\"malaga\",\"Plages\"],\"articleSection\":[\"Loisirs\"],\"inLanguage\":\"fr-FR\",\"potentialAction\":[{\"@type\":\"CommentAction\",\"name\":\"Comment\",\"target\":[\"https:\\\/\\\/www.malagacar.com\\\/fr\\\/blog\\\/loisirs\\\/nuit-dete-a-malaga\\\/#respond\"]}]},{\"@type\":\"WebPage\",\"@id\":\"https:\\\/\\\/www.malagacar.com\\\/fr\\\/blog\\\/loisirs\\\/nuit-dete-a-malaga\\\/\",\"url\":\"https:\\\/\\\/www.malagacar.com\\\/fr\\\/blog\\\/loisirs\\\/nuit-dete-a-malaga\\\/\",\"name\":\"Solstice d'\u00e9t\u00e9 \u00e0 Malaga 2026 : tout ce qu'il faut savoir - Blog de MalagaCar.com\",\"isPartOf\":{\"@id\":\"https:\\\/\\\/www.malagacar.com\\\/fr\\\/blog\\\/#website\"},\"primaryImageOfPage\":{\"@id\":\"https:\\\/\\\/www.malagacar.com\\\/fr\\\/blog\\\/loisirs\\\/nuit-dete-a-malaga\\\/#primaryimage\"},\"image\":{\"@id\":\"https:\\\/\\\/www.malagacar.com\\\/fr\\\/blog\\\/loisirs\\\/nuit-dete-a-malaga\\\/#primaryimage\"},\"thumbnailUrl\":\"https:\\\/\\\/www.malagacar.com\\\/fr\\\/blog\\\/wp-content\\\/uploads\\\/2025\\\/06\\\/Hoguera-playa-fr.jpg\",\"datePublished\":\"2026-06-18T09:17:30+00:00\",\"dateModified\":\"2026-06-18T09:17:42+00:00\",\"description\":\"Solstice d'\u00e9t\u00e9 \u00e0 Malaga, 23 juin : Ne manquez pas cette f\u00eate ancestrale sur les plages, o\u00f9 des milliers c\u00e9l\u00e8brent le d\u00e9but de l'\u00e9t\u00e9.\",\"breadcrumb\":{\"@id\":\"https:\\\/\\\/www.malagacar.com\\\/fr\\\/blog\\\/loisirs\\\/nuit-dete-a-malaga\\\/#breadcrumb\"},\"inLanguage\":\"fr-FR\",\"potentialAction\":[{\"@type\":\"ReadAction\",\"target\":[\"https:\\\/\\\/www.malagacar.com\\\/fr\\\/blog\\\/loisirs\\\/nuit-dete-a-malaga\\\/\"]}]},{\"@type\":\"ImageObject\",\"inLanguage\":\"fr-FR\",\"@id\":\"https:\\\/\\\/www.malagacar.com\\\/fr\\\/blog\\\/loisirs\\\/nuit-dete-a-malaga\\\/#primaryimage\",\"url\":\"https:\\\/\\\/www.malagacar.com\\\/fr\\\/blog\\\/wp-content\\\/uploads\\\/2025\\\/06\\\/Hoguera-playa-fr.jpg\",\"contentUrl\":\"https:\\\/\\\/www.malagacar.com\\\/fr\\\/blog\\\/wp-content\\\/uploads\\\/2025\\\/06\\\/Hoguera-playa-fr.jpg\",\"width\":1000,\"height\":667,\"caption\":\"Solstice d'\u00e9t\u00e9 \u00e0 Malaga\"},{\"@type\":\"BreadcrumbList\",\"@id\":\"https:\\\/\\\/www.malagacar.com\\\/fr\\\/blog\\\/loisirs\\\/nuit-dete-a-malaga\\\/#breadcrumb\",\"itemListElement\":[{\"@type\":\"ListItem\",\"position\":1,\"name\":\"Accueil\",\"item\":\"https:\\\/\\\/www.malagacar.com\\\/fr\\\/blog\\\/\"},{\"@type\":\"ListItem\",\"position\":2,\"name\":\"Solstice d&#8217;\u00e9t\u00e9 \u00e0 Malaga 2026 : tout ce qu&#8217;il faut savoir\"}]},{\"@type\":\"WebSite\",\"@id\":\"https:\\\/\\\/www.malagacar.com\\\/fr\\\/blog\\\/#website\",\"url\":\"https:\\\/\\\/www.malagacar.com\\\/fr\\\/blog\\\/\",\"name\":\"Blog de MalagaCar.com\",\"description\":\"Nouvelles et informations int\u00e9ressantes sur la location de voitures \u00e0 l&#039;a\u00e9roport de Malaga.\",\"publisher\":{\"@id\":\"https:\\\/\\\/www.malagacar.com\\\/fr\\\/blog\\\/#organization\"},\"potentialAction\":[{\"@type\":\"SearchAction\",\"target\":{\"@type\":\"EntryPoint\",\"urlTemplate\":\"https:\\\/\\\/www.malagacar.com\\\/fr\\\/blog\\\/?s={search_term_string}\"},\"query-input\":{\"@type\":\"PropertyValueSpecification\",\"valueRequired\":true,\"valueName\":\"search_term_string\"}}],\"inLanguage\":\"fr-FR\"},{\"@type\":\"Organization\",\"@id\":\"https:\\\/\\\/www.malagacar.com\\\/fr\\\/blog\\\/#organization\",\"name\":\"MalagaCar.com\",\"url\":\"https:\\\/\\\/www.malagacar.com\\\/fr\\\/blog\\\/\",\"logo\":{\"@type\":\"ImageObject\",\"inLanguage\":\"fr-FR\",\"@id\":\"https:\\\/\\\/www.malagacar.com\\\/fr\\\/blog\\\/#\\\/schema\\\/logo\\\/image\\\/\",\"url\":\"https:\\\/\\\/www.malagacar.com\\\/fr\\\/blog\\\/wp-content\\\/uploads\\\/2021\\\/06\\\/logo-malagacar-social.png\",\"contentUrl\":\"https:\\\/\\\/www.malagacar.com\\\/fr\\\/blog\\\/wp-content\\\/uploads\\\/2021\\\/06\\\/logo-malagacar-social.png\",\"width\":900,\"height\":900,\"caption\":\"MalagaCar.com\"},\"image\":{\"@id\":\"https:\\\/\\\/www.malagacar.com\\\/fr\\\/blog\\\/#\\\/schema\\\/logo\\\/image\\\/\"},\"sameAs\":[\"https:\\\/\\\/www.facebook.com\\\/malagacar\",\"https:\\\/\\\/x.com\\\/malagacarcom\",\"https:\\\/\\\/www.instagram.com\\\/malagacar\\\/\",\"https:\\\/\\\/www.linkedin.com\\\/company\\\/malagacar.com\",\"https:\\\/\\\/www.youtube.com\\\/c\\\/MalagacarAirport\"]},{\"@type\":\"Person\",\"@id\":\"https:\\\/\\\/www.malagacar.com\\\/fr\\\/blog\\\/#\\\/schema\\\/person\\\/ffb97005d02bcc7d0bb59f5409635691\",\"name\":\"MalagaCar.com\",\"image\":{\"@type\":\"ImageObject\",\"inLanguage\":\"fr-FR\",\"@id\":\"https:\\\/\\\/secure.gravatar.com\\\/avatar\\\/296ebc31026e7be05868369e4c596b3239b1582b2fcf8a45de57333e2e82bb82?s=96&d=mm&r=g\",\"url\":\"https:\\\/\\\/secure.gravatar.com\\\/avatar\\\/296ebc31026e7be05868369e4c596b3239b1582b2fcf8a45de57333e2e82bb82?s=96&d=mm&r=g\",\"contentUrl\":\"https:\\\/\\\/secure.gravatar.com\\\/avatar\\\/296ebc31026e7be05868369e4c596b3239b1582b2fcf8a45de57333e2e82bb82?s=96&d=mm&r=g\",\"caption\":\"MalagaCar.com\"},\"sameAs\":[\"https:\\\/\\\/www.malagacar.com\\\/fr\\\/blog\"]}]}<\/script>\n<!-- \/ Yoast SEO plugin. -->","yoast_head_json":{"title":"Solstice d'\u00e9t\u00e9 \u00e0 Malaga 2026 : tout ce qu'il faut savoir - Blog de MalagaCar.com","description":"Solstice d'\u00e9t\u00e9 \u00e0 Malaga, 23 juin : Ne manquez pas cette f\u00eate ancestrale sur les plages, o\u00f9 des milliers c\u00e9l\u00e8brent le d\u00e9but de l'\u00e9t\u00e9.","robots":{"index":"index","follow":"follow","max-snippet":"max-snippet:-1","max-image-preview":"max-image-preview:large","max-video-preview":"max-video-preview:-1"},"canonical":"https:\/\/www.malagacar.com\/fr\/blog\/loisirs\/nuit-dete-a-malaga\/","og_locale":"fr_FR","og_type":"article","og_title":"Solstice d'\u00e9t\u00e9 \u00e0 Malaga 2026 : tout ce qu'il faut savoir - Blog de MalagaCar.com","og_description":"Solstice d'\u00e9t\u00e9 \u00e0 Malaga, 23 juin : Ne manquez pas cette f\u00eate ancestrale sur les plages, o\u00f9 des milliers c\u00e9l\u00e8brent le d\u00e9but de l'\u00e9t\u00e9.","og_url":"https:\/\/www.malagacar.com\/fr\/blog\/loisirs\/nuit-dete-a-malaga\/","og_site_name":"Blog de MalagaCar.com","article_publisher":"https:\/\/www.facebook.com\/malagacar","article_published_time":"2026-06-18T09:17:30+00:00","article_modified_time":"2026-06-18T09:17:42+00:00","og_image":[{"width":1000,"height":667,"url":"https:\/\/www.malagacar.com\/fr\/blog\/wp-content\/uploads\/2025\/06\/Hoguera-playa-fr.jpg","type":"image\/jpeg"}],"author":"MalagaCar.com","twitter_card":"summary_large_image","twitter_creator":"@malagacarcom","twitter_site":"@malagacarcom","twitter_misc":{"\u00c9crit par":"MalagaCar.com","Dur\u00e9e de lecture estim\u00e9e":"18 minutes"},"schema":{"@context":"https:\/\/schema.org","@graph":[{"@type":"Article","@id":"https:\/\/www.malagacar.com\/fr\/blog\/loisirs\/nuit-dete-a-malaga\/#article","isPartOf":{"@id":"https:\/\/www.malagacar.com\/fr\/blog\/loisirs\/nuit-dete-a-malaga\/"},"author":{"name":"MalagaCar.com","@id":"https:\/\/www.malagacar.com\/fr\/blog\/#\/schema\/person\/ffb97005d02bcc7d0bb59f5409635691"},"headline":"Solstice d&rsquo;\u00e9t\u00e9 \u00e0 Malaga 2026 : tout ce qu&rsquo;il faut savoir","datePublished":"2026-06-18T09:17:30+00:00","dateModified":"2026-06-18T09:17:42+00:00","mainEntityOfPage":{"@id":"https:\/\/www.malagacar.com\/fr\/blog\/loisirs\/nuit-dete-a-malaga\/"},"wordCount":2833,"commentCount":0,"publisher":{"@id":"https:\/\/www.malagacar.com\/fr\/blog\/#organization"},"image":{"@id":"https:\/\/www.malagacar.com\/fr\/blog\/loisirs\/nuit-dete-a-malaga\/#primaryimage"},"thumbnailUrl":"https:\/\/www.malagacar.com\/fr\/blog\/wp-content\/uploads\/2025\/06\/Hoguera-playa-fr.jpg","keywords":["choses \u00e0 faire","costa del sol","malaga","Plages"],"articleSection":["Loisirs"],"inLanguage":"fr-FR","potentialAction":[{"@type":"CommentAction","name":"Comment","target":["https:\/\/www.malagacar.com\/fr\/blog\/loisirs\/nuit-dete-a-malaga\/#respond"]}]},{"@type":"WebPage","@id":"https:\/\/www.malagacar.com\/fr\/blog\/loisirs\/nuit-dete-a-malaga\/","url":"https:\/\/www.malagacar.com\/fr\/blog\/loisirs\/nuit-dete-a-malaga\/","name":"Solstice d'\u00e9t\u00e9 \u00e0 Malaga 2026 : tout ce qu'il faut savoir - Blog de MalagaCar.com","isPartOf":{"@id":"https:\/\/www.malagacar.com\/fr\/blog\/#website"},"primaryImageOfPage":{"@id":"https:\/\/www.malagacar.com\/fr\/blog\/loisirs\/nuit-dete-a-malaga\/#primaryimage"},"image":{"@id":"https:\/\/www.malagacar.com\/fr\/blog\/loisirs\/nuit-dete-a-malaga\/#primaryimage"},"thumbnailUrl":"https:\/\/www.malagacar.com\/fr\/blog\/wp-content\/uploads\/2025\/06\/Hoguera-playa-fr.jpg","datePublished":"2026-06-18T09:17:30+00:00","dateModified":"2026-06-18T09:17:42+00:00","description":"Solstice d'\u00e9t\u00e9 \u00e0 Malaga, 23 juin : Ne manquez pas cette f\u00eate ancestrale sur les plages, o\u00f9 des milliers c\u00e9l\u00e8brent le d\u00e9but de l'\u00e9t\u00e9.","breadcrumb":{"@id":"https:\/\/www.malagacar.com\/fr\/blog\/loisirs\/nuit-dete-a-malaga\/#breadcrumb"},"inLanguage":"fr-FR","potentialAction":[{"@type":"ReadAction","target":["https:\/\/www.malagacar.com\/fr\/blog\/loisirs\/nuit-dete-a-malaga\/"]}]},{"@type":"ImageObject","inLanguage":"fr-FR","@id":"https:\/\/www.malagacar.com\/fr\/blog\/loisirs\/nuit-dete-a-malaga\/#primaryimage","url":"https:\/\/www.malagacar.com\/fr\/blog\/wp-content\/uploads\/2025\/06\/Hoguera-playa-fr.jpg","contentUrl":"https:\/\/www.malagacar.com\/fr\/blog\/wp-content\/uploads\/2025\/06\/Hoguera-playa-fr.jpg","width":1000,"height":667,"caption":"Solstice d'\u00e9t\u00e9 \u00e0 Malaga"},{"@type":"BreadcrumbList","@id":"https:\/\/www.malagacar.com\/fr\/blog\/loisirs\/nuit-dete-a-malaga\/#breadcrumb","itemListElement":[{"@type":"ListItem","position":1,"name":"Accueil","item":"https:\/\/www.malagacar.com\/fr\/blog\/"},{"@type":"ListItem","position":2,"name":"Solstice d&#8217;\u00e9t\u00e9 \u00e0 Malaga 2026 : tout ce qu&#8217;il faut savoir"}]},{"@type":"WebSite","@id":"https:\/\/www.malagacar.com\/fr\/blog\/#website","url":"https:\/\/www.malagacar.com\/fr\/blog\/","name":"Blog de MalagaCar.com","description":"Nouvelles et informations int\u00e9ressantes sur la location de voitures \u00e0 l&#039;a\u00e9roport de Malaga.","publisher":{"@id":"https:\/\/www.malagacar.com\/fr\/blog\/#organization"},"potentialAction":[{"@type":"SearchAction","target":{"@type":"EntryPoint","urlTemplate":"https:\/\/www.malagacar.com\/fr\/blog\/?s={search_term_string}"},"query-input":{"@type":"PropertyValueSpecification","valueRequired":true,"valueName":"search_term_string"}}],"inLanguage":"fr-FR"},{"@type":"Organization","@id":"https:\/\/www.malagacar.com\/fr\/blog\/#organization","name":"MalagaCar.com","url":"https:\/\/www.malagacar.com\/fr\/blog\/","logo":{"@type":"ImageObject","inLanguage":"fr-FR","@id":"https:\/\/www.malagacar.com\/fr\/blog\/#\/schema\/logo\/image\/","url":"https:\/\/www.malagacar.com\/fr\/blog\/wp-content\/uploads\/2021\/06\/logo-malagacar-social.png","contentUrl":"https:\/\/www.malagacar.com\/fr\/blog\/wp-content\/uploads\/2021\/06\/logo-malagacar-social.png","width":900,"height":900,"caption":"MalagaCar.com"},"image":{"@id":"https:\/\/www.malagacar.com\/fr\/blog\/#\/schema\/logo\/image\/"},"sameAs":["https:\/\/www.facebook.com\/malagacar","https:\/\/x.com\/malagacarcom","https:\/\/www.instagram.com\/malagacar\/","https:\/\/www.linkedin.com\/company\/malagacar.com","https:\/\/www.youtube.com\/c\/MalagacarAirport"]},{"@type":"Person","@id":"https:\/\/www.malagacar.com\/fr\/blog\/#\/schema\/person\/ffb97005d02bcc7d0bb59f5409635691","name":"MalagaCar.com","image":{"@type":"ImageObject","inLanguage":"fr-FR","@id":"https:\/\/secure.gravatar.com\/avatar\/296ebc31026e7be05868369e4c596b3239b1582b2fcf8a45de57333e2e82bb82?s=96&d=mm&r=g","url":"https:\/\/secure.gravatar.com\/avatar\/296ebc31026e7be05868369e4c596b3239b1582b2fcf8a45de57333e2e82bb82?s=96&d=mm&r=g","contentUrl":"https:\/\/secure.gravatar.com\/avatar\/296ebc31026e7be05868369e4c596b3239b1582b2fcf8a45de57333e2e82bb82?s=96&d=mm&r=g","caption":"MalagaCar.com"},"sameAs":["https:\/\/www.malagacar.com\/fr\/blog"]}]}},"_links":{"self":[{"href":"https:\/\/www.malagacar.com\/fr\/blog\/wp-json\/wp\/v2\/posts\/2568","targetHints":{"allow":["GET"]}}],"collection":[{"href":"https:\/\/www.malagacar.com\/fr\/blog\/wp-json\/wp\/v2\/posts"}],"about":[{"href":"https:\/\/www.malagacar.com\/fr\/blog\/wp-json\/wp\/v2\/types\/post"}],"author":[{"embeddable":true,"href":"https:\/\/www.malagacar.com\/fr\/blog\/wp-json\/wp\/v2\/users\/1"}],"replies":[{"embeddable":true,"href":"https:\/\/www.malagacar.com\/fr\/blog\/wp-json\/wp\/v2\/comments?post=2568"}],"version-history":[{"count":26,"href":"https:\/\/www.malagacar.com\/fr\/blog\/wp-json\/wp\/v2\/posts\/2568\/revisions"}],"predecessor-version":[{"id":3493,"href":"https:\/\/www.malagacar.com\/fr\/blog\/wp-json\/wp\/v2\/posts\/2568\/revisions\/3493"}],"wp:featuredmedia":[{"embeddable":true,"href":"https:\/\/www.malagacar.com\/fr\/blog\/wp-json\/wp\/v2\/media\/2569"}],"wp:attachment":[{"href":"https:\/\/www.malagacar.com\/fr\/blog\/wp-json\/wp\/v2\/media?parent=2568"}],"wp:term":[{"taxonomy":"category","embeddable":true,"href":"https:\/\/www.malagacar.com\/fr\/blog\/wp-json\/wp\/v2\/categories?post=2568"},{"taxonomy":"post_tag","embeddable":true,"href":"https:\/\/www.malagacar.com\/fr\/blog\/wp-json\/wp\/v2\/tags?post=2568"}],"curies":[{"name":"wp","href":"https:\/\/api.w.org\/{rel}","templated":true}]}}