{"id":261,"date":"2022-04-19T07:41:29","date_gmt":"2022-04-19T05:41:29","guid":{"rendered":"https:\/\/www.malagacar.com\/fr\/blog\/?p=261"},"modified":"2025-10-27T11:03:08","modified_gmt":"2025-10-27T10:03:08","slug":"malaga-pour-nomades-numeriques","status":"publish","type":"post","link":"https:\/\/www.malagacar.com\/fr\/blog\/loisirs\/malaga-pour-nomades-numeriques\/","title":{"rendered":"Malaga pour les nomades num\u00e9riques"},"content":{"rendered":"<p><strong>Malaga est l&rsquo;une des principales destinations du sud de l&rsquo;Europe<\/strong>, en raison de sa situation unique et de son climat m\u00e9diterran\u00e9en, de son atmosph\u00e8re cosmopolite et de son large \u00e9ventail de loisirs et de culture.<\/p>\n<p>Dans un monde de plus en plus num\u00e9ris\u00e9 et avec une \u00e9norme libert\u00e9 de choisir o\u00f9 nous voulons t\u00e9l\u00e9travailler, la <strong>Costa del Sol est une destination parfaite pour les nomades num\u00e9riques<\/strong>.<\/p>\n<p>Comme nous allons le pr\u00e9senter ci-dessous, la province de Malaga offre une grande vari\u00e9t\u00e9 d&rsquo;avantages pour ceux qui choisissent la Costa del Sol pour le t\u00e9l\u00e9travail.<\/p>\n<p><!--more--><\/p>\n\n            <div class=\"banner\">\n                <div class=\"row\">\n                    <div class=\"col-sm-4\">\n                        <a href=\"\/fr\/location-de-voitures\/quote.php\" data-wpel-link=\"internal\"><img decoding=\"async\" src=\"\/images\/banner-img.jpg\" alt=\"malagacar.com\"><\/a>\n                    <\/div>\n                    <div class=\"col-sm-8\">\n                      <a href=\"\/fr\/location-de-voitures\/quote.php\" class=\"banner-title\" data-wpel-link=\"internal\">Meilleure location de voitures <div>\u00e0 l'a\u00e9roport de Malaga<\/div><\/a>   \n                        <div class=\"row\">\n                            <div class=\"col-sm-7\">\n                                <ul>\n                                    <li>Pas de frais de ravitaillement<\/li>\n                                    <li>Annulation gratuite<\/li>\n                                    <li>Location sans interm\u00e9diaire<\/li>\n                                    <li>Payez lorsque vous prenez la voiture<\/li>\n                                    <li><\/li>\n                                <\/ul>\n                            <\/div>\n                            <div class=\"col-sm-5\">\n                                <a class=\"btn-banner\" href=\"\/fr\/location-de-voitures\/quote.php\" data-wpel-link=\"internal\">Consultez les prix<\/a>\n                                <img decoding=\"async\" class=\"zonturent\" src=\"\/images\/zontu-banner.png\" alt=\"\">\n                            <\/div>\n                        <\/div>\n                    <\/div>\n                 <\/div>  \n            <\/div>\n            \n<div id=\"ez-toc-container\" class=\"ez-toc-v2_0_87 counter-hierarchy ez-toc-counter ez-toc-light-blue ez-toc-container-direction\">\n<p class=\"ez-toc-title\" style=\"cursor:inherit\">Table des mati\u00e8res<\/p>\n<label for=\"ez-toc-cssicon-toggle-item-6a9a3ed87df75\" class=\"ez-toc-cssicon-toggle-label\"><span class=\"\"><span class=\"eztoc-hide\" style=\"display:none;\">Toggle<\/span><span class=\"ez-toc-icon-toggle-span\"><svg style=\"fill: #999;color:#999\" xmlns=\"http:\/\/www.w3.org\/2000\/svg\" class=\"list-377408\" width=\"20px\" height=\"20px\" viewBox=\"0 0 24 24\" fill=\"none\"><path d=\"M6 6H4v2h2V6zm14 0H8v2h12V6zM4 11h2v2H4v-2zm16 0H8v2h12v-2zM4 16h2v2H4v-2zm16 0H8v2h12v-2z\" fill=\"currentColor\"><\/path><\/svg><svg style=\"fill: #999;color:#999\" class=\"arrow-unsorted-368013\" xmlns=\"http:\/\/www.w3.org\/2000\/svg\" width=\"10px\" height=\"10px\" viewBox=\"0 0 24 24\" version=\"1.2\" baseProfile=\"tiny\"><path d=\"M18.2 9.3l-6.2-6.3-6.2 6.3c-.2.2-.3.4-.3.7s.1.5.3.7c.2.2.4.3.7.3h11c.3 0 .5-.1.7-.3.2-.2.3-.5.3-.7s-.1-.5-.3-.7zM5.8 14.7l6.2 6.3 6.2-6.3c.2-.2.3-.5.3-.7s-.1-.5-.3-.7c-.2-.2-.4-.3-.7-.3h-11c-.3 0-.5.1-.7.3-.2.2-.3.5-.3.7s.1.5.3.7z\"\/><\/svg><\/span><\/span><\/label><input type=\"checkbox\"  id=\"ez-toc-cssicon-toggle-item-6a9a3ed87df75\"  aria-label=\"Toggle\" \/><nav><ul class='ez-toc-list ez-toc-list-level-1 ' ><li class='ez-toc-page-1 ez-toc-heading-level-2'><a class=\"ez-toc-link ez-toc-heading-1\" href=\"https:\/\/www.malagacar.com\/fr\/blog\/loisirs\/malaga-pour-nomades-numeriques\/#Pourquoi_choisir_Malaga_pour_le_teletravail\" data-wpel-link=\"internal\">Pourquoi choisir Malaga pour le t\u00e9l\u00e9travail?<\/a><ul class='ez-toc-list-level-3' ><li class='ez-toc-heading-level-3'><a class=\"ez-toc-link ez-toc-heading-2\" href=\"https:\/\/www.malagacar.com\/fr\/blog\/loisirs\/malaga-pour-nomades-numeriques\/#Excellente_infrastructure\" data-wpel-link=\"internal\">Excellente infrastructure<\/a><\/li><li class='ez-toc-page-1 ez-toc-heading-level-3'><a class=\"ez-toc-link ez-toc-heading-3\" href=\"https:\/\/www.malagacar.com\/fr\/blog\/loisirs\/malaga-pour-nomades-numeriques\/#Un_climat_imbattable\" data-wpel-link=\"internal\">Un climat imbattable<\/a><\/li><li class='ez-toc-page-1 ez-toc-heading-level-3'><a class=\"ez-toc-link ez-toc-heading-4\" href=\"https:\/\/www.malagacar.com\/fr\/blog\/loisirs\/malaga-pour-nomades-numeriques\/#Une_gastronomie_exquise\" data-wpel-link=\"internal\">Une gastronomie exquise<\/a><\/li><li class='ez-toc-page-1 ez-toc-heading-level-3'><a class=\"ez-toc-link ez-toc-heading-5\" href=\"https:\/\/www.malagacar.com\/fr\/blog\/loisirs\/malaga-pour-nomades-numeriques\/#Un_vaste_choix_dactivites_de_loisirs\" data-wpel-link=\"internal\">Un vaste choix d&rsquo;activit\u00e9s de loisirs<\/a><\/li><li class='ez-toc-page-1 ez-toc-heading-level-3'><a class=\"ez-toc-link ez-toc-heading-6\" href=\"https:\/\/www.malagacar.com\/fr\/blog\/loisirs\/malaga-pour-nomades-numeriques\/#Grande_offre_culturelle\" data-wpel-link=\"internal\">Grande offre culturelle<\/a><\/li><li class='ez-toc-page-1 ez-toc-heading-level-3'><a class=\"ez-toc-link ez-toc-heading-7\" href=\"https:\/\/www.malagacar.com\/fr\/blog\/loisirs\/malaga-pour-nomades-numeriques\/#Des_plages_pour_tous_les_gouts\" data-wpel-link=\"internal\">Des plages pour tous les go\u00fbts<\/a><\/li><li class='ez-toc-page-1 ez-toc-heading-level-3'><a class=\"ez-toc-link ez-toc-heading-8\" href=\"https:\/\/www.malagacar.com\/fr\/blog\/loisirs\/malaga-pour-nomades-numeriques\/#La_nature_dans_sa_forme_la_plus_pure_et_les_activites_de_plein_air\" data-wpel-link=\"internal\">La nature dans sa forme la plus pure et les activit\u00e9s de plein air<\/a><\/li><li class='ez-toc-page-1 ez-toc-heading-level-3'><a class=\"ez-toc-link ez-toc-heading-9\" href=\"https:\/\/www.malagacar.com\/fr\/blog\/loisirs\/malaga-pour-nomades-numeriques\/#Et_en_plus%E2%80%A6\" data-wpel-link=\"internal\">Et en plus&#8230;!<\/a><\/li><\/ul><\/li><li class='ez-toc-page-1 ez-toc-heading-level-2'><a class=\"ez-toc-link ez-toc-heading-10\" href=\"https:\/\/www.malagacar.com\/fr\/blog\/loisirs\/malaga-pour-nomades-numeriques\/#Etre_un_nomade_numerique_a_Malaga\" data-wpel-link=\"internal\">\u00catre un nomade num\u00e9rique \u00e0 Malaga<\/a><ul class='ez-toc-list-level-3' ><li class='ez-toc-heading-level-3'><a class=\"ez-toc-link ez-toc-heading-11\" href=\"https:\/\/www.malagacar.com\/fr\/blog\/loisirs\/malaga-pour-nomades-numeriques\/#Malaga_WorkBay\" data-wpel-link=\"internal\">Malaga WorkBay<\/a><\/li><\/ul><\/li><li class='ez-toc-page-1 ez-toc-heading-level-2'><a class=\"ez-toc-link ez-toc-heading-12\" href=\"https:\/\/www.malagacar.com\/fr\/blog\/loisirs\/malaga-pour-nomades-numeriques\/#Espaces_de_coworking_a_Malaga\" data-wpel-link=\"internal\">Espaces de coworking \u00e0 Malaga<\/a><ul class='ez-toc-list-level-3' ><li class='ez-toc-heading-level-3'><a class=\"ez-toc-link ez-toc-heading-13\" href=\"https:\/\/www.malagacar.com\/fr\/blog\/loisirs\/malaga-pour-nomades-numeriques\/#Espaces_de_coworking_a_Malaga-2\" data-wpel-link=\"internal\">Espaces de coworking \u00e0 Malaga<\/a><\/li><li class='ez-toc-page-1 ez-toc-heading-level-3'><a class=\"ez-toc-link ez-toc-heading-14\" href=\"https:\/\/www.malagacar.com\/fr\/blog\/loisirs\/malaga-pour-nomades-numeriques\/#Espaces_de_coworking_a_Torremolinos\" data-wpel-link=\"internal\">Espaces de coworking \u00e0 Torremolinos<\/a><\/li><li class='ez-toc-page-1 ez-toc-heading-level-3'><a class=\"ez-toc-link ez-toc-heading-15\" href=\"https:\/\/www.malagacar.com\/fr\/blog\/loisirs\/malaga-pour-nomades-numeriques\/#Espaces_de_coworking_a_Fuengirola\" data-wpel-link=\"internal\">Espaces de coworking \u00e0 Fuengirola<\/a><\/li><li class='ez-toc-page-1 ez-toc-heading-level-3'><a class=\"ez-toc-link ez-toc-heading-16\" href=\"https:\/\/www.malagacar.com\/fr\/blog\/loisirs\/malaga-pour-nomades-numeriques\/#Espaces_de_coworking_a_Marbella\" data-wpel-link=\"internal\">Espaces de coworking \u00e0 Marbella<\/a><\/li><li class='ez-toc-page-1 ez-toc-heading-level-3'><a class=\"ez-toc-link ez-toc-heading-17\" href=\"https:\/\/www.malagacar.com\/fr\/blog\/loisirs\/malaga-pour-nomades-numeriques\/#Espaces_de_coworking_a_Estepona\" data-wpel-link=\"internal\">Espaces de coworking \u00e0 Estepona<\/a><\/li><\/ul><\/li><li class='ez-toc-page-1 ez-toc-heading-level-2'><a class=\"ez-toc-link ez-toc-heading-18\" href=\"https:\/\/www.malagacar.com\/fr\/blog\/loisirs\/malaga-pour-nomades-numeriques\/#Coliving_%E2%80%93_Appartements_en_colocation_a_Malaga\" data-wpel-link=\"internal\">Coliving &#8211; Appartements en colocation \u00e0 Malaga<\/a><\/li><li class='ez-toc-page-1 ez-toc-heading-level-2'><a class=\"ez-toc-link ez-toc-heading-19\" href=\"https:\/\/www.malagacar.com\/fr\/blog\/loisirs\/malaga-pour-nomades-numeriques\/#ZEP_%E2%80%93_Parc_technologique_de_Malaga\" data-wpel-link=\"internal\">ZEP &#8211; Parc technologique de Malaga<\/a><\/li><li class='ez-toc-page-1 ez-toc-heading-level-2'><a class=\"ez-toc-link ez-toc-heading-20\" href=\"https:\/\/www.malagacar.com\/fr\/blog\/loisirs\/malaga-pour-nomades-numeriques\/#Location_de_voitures_a_Malaga\" data-wpel-link=\"internal\">Location de voitures \u00e0 Malaga<\/a><ul class='ez-toc-list-level-3' ><li class='ez-toc-heading-level-3'><a class=\"ez-toc-link ez-toc-heading-21\" href=\"https:\/\/www.malagacar.com\/fr\/blog\/loisirs\/malaga-pour-nomades-numeriques\/#Location_de_voitures_a_laeroport_de_Malaga\" data-wpel-link=\"internal\">Location de voitures \u00e0 l&rsquo;a\u00e9roport de Malaga<\/a><\/li><li class='ez-toc-page-1 ez-toc-heading-level-3'><a class=\"ez-toc-link ez-toc-heading-22\" href=\"https:\/\/www.malagacar.com\/fr\/blog\/loisirs\/malaga-pour-nomades-numeriques\/#Location_de_camping-cars_a_laeroport_de_Malaga\" data-wpel-link=\"internal\">Location de camping-cars \u00e0 l&rsquo;a\u00e9roport de Malaga<\/a><\/li><\/ul><\/li><li class='ez-toc-page-1 ez-toc-heading-level-2'><a class=\"ez-toc-link ez-toc-heading-23\" href=\"https:\/\/www.malagacar.com\/fr\/blog\/loisirs\/malaga-pour-nomades-numeriques\/#Glamping_%E2%80%93_Campings_de_luxe_a_Malaga\" data-wpel-link=\"internal\">Glamping &#8211; Campings de luxe \u00e0 Malaga<\/a><\/li><\/ul><\/nav><\/div>\n<h2><span class=\"ez-toc-section\" id=\"Pourquoi_choisir_Malaga_pour_le_teletravail\"><\/span>Pourquoi choisir Malaga pour le t\u00e9l\u00e9travail?<span class=\"ez-toc-section-end\"><\/span><\/h2>\n<p>Nous vous pr\u00e9venons, d\u00e8s que nous commencerons \u00e0 \u00e9num\u00e9rer la longue liste des avantages, <strong>vous aurez l&rsquo;eau \u00e0 la bouche!<\/strong><\/p>\n<h3><span class=\"ez-toc-section\" id=\"Excellente_infrastructure\"><\/span>Excellente infrastructure<span class=\"ez-toc-section-end\"><\/span><\/h3>\n<p>Situ\u00e9 \u00e0 seulement 8 km du centre de Malaga, l&rsquo;<strong><a href=\"https:\/\/www.malagacar.com\/fr\/information\/informations-aeroport-malaga.php\" data-wpel-link=\"internal\">a\u00e9roport international de Malaga-Costa del Sol<\/a> est reli\u00e9 \u00e0 plus de 140 villes dans le monde<\/strong>.<\/p>\n<p><img loading=\"lazy\" decoding=\"async\" class=\"aligncenter size-full wp-image-271\" src=\"https:\/\/www.malagacar.com\/fr\/blog\/wp-content\/uploads\/2022\/04\/airport.jpg\" alt=\"\" width=\"597\" height=\"497\" srcset=\"https:\/\/www.malagacar.com\/fr\/blog\/wp-content\/uploads\/2022\/04\/airport.jpg 597w, https:\/\/www.malagacar.com\/fr\/blog\/wp-content\/uploads\/2022\/04\/airport-300x250.jpg 300w\" sizes=\"auto, (max-width: 597px) 100vw, 597px\" \/><\/p>\n<p>Le <strong>r\u00e9seau ferroviaire local<\/strong> relie l&rsquo;a\u00e9roport \u00e0 certaines des villes c\u00f4ti\u00e8res les plus importantes, telles que Torremolinos, Benalmadena et Fuengirola, ainsi qu&rsquo;\u00e0 la gare Maria Zambrano, dans le centre de Malaga, d&rsquo;o\u00f9 partent plusieurs <strong>trains \u00e0 grande vitesse<\/strong> vers Madrid, Cordoue et Barcelone.<\/p>\n<h3><span class=\"ez-toc-section\" id=\"Un_climat_imbattable\"><\/span>Un climat imbattable<span class=\"ez-toc-section-end\"><\/span><\/h3>\n<p>Au cas o\u00f9 vous ne le sauriez pas encore, \u00e0 Malaga, nous avons pas moins de <strong>320 jours de soleil par an<\/strong> en moyenne.<\/p>\n<p>Ce climat doux (sauf pendant les mois d&rsquo;\u00e9t\u00e9) fait de la bande c\u00f4ti\u00e8re en particulier un paradis dont on peut profiter toute l&rsquo;ann\u00e9e. Sans doute l&rsquo;un des grands facteurs qui contribuent de mani\u00e8re significative \u00e0 une bonne qualit\u00e9 de vie.<\/p>\n<h3><span class=\"ez-toc-section\" id=\"Une_gastronomie_exquise\"><\/span>Une gastronomie exquise<span class=\"ez-toc-section-end\"><\/span><\/h3>\n<p>Oh, le fameux r\u00e9gime m\u00e9diterran\u00e9en! Le voici, avec ce <strong>que la mer a de meilleur \u00e0 offrir<\/strong>, ainsi qu&rsquo;une <strong>grande vari\u00e9t\u00e9 de fruits et l\u00e9gumes tropicaux<\/strong> (m\u00eame biologiques) de la vall\u00e9e de Guadalhorce, \u00e9galement connue comme le verger de Malaga.<\/p>\n<p>Et, gr\u00e2ce \u00e0 la douceur du climat, nous en avons toute l&rsquo;ann\u00e9e, <strong>depuis le kilom\u00e8tre z\u00e9ro<\/strong>, qui m\u00fbrit au soleil.<\/p>\n<p>La cuisine andalouse est un d\u00e9lice. Il existe d&rsquo;innombrables plats savoureux qui se sont d\u00e9velopp\u00e9s \u00e0 partir de plats simples destin\u00e9s aux paysans, qu&rsquo;il s&rsquo;agisse de plats \u00e0 la cuill\u00e8re ou d&rsquo;une vari\u00e9t\u00e9 de viandes que l&rsquo;on trouve surtout dans les villages de l&rsquo;int\u00e9rieur.<\/p>\n<h3><span class=\"ez-toc-section\" id=\"Un_vaste_choix_dactivites_de_loisirs\"><\/span>Un vaste choix d&rsquo;activit\u00e9s de loisirs<span class=\"ez-toc-section-end\"><\/span><\/h3>\n<p>Les Malague\u00f1os ont la f\u00eate dans le sang, ils n&rsquo;y peuvent rien! Toute occasion est une bonne excuse pour faire la f\u00eate avec la famille et les amis, pour sortir danser, pour d\u00eener, boire un verre ou manger des tapas.<\/p>\n<p>Par cons\u00e9quent, le choix de bars est immense. \u00c0 Malaga, vous pouvez aller dans un bar diff\u00e9rent chaque soir pendant toute une ann\u00e9e et vous n&rsquo;en avez toujours pas vu un cinqui\u00e8me.<\/p>\n<p>Et nous n&rsquo;avons m\u00eame pas mentionn\u00e9 les bars de plage de Malaga, quelque chose qui nous est propre et qui est absolument indispensable! Vous pouvez aussi vous rendre dans l&rsquo;un des <a href=\"https:\/\/www.malagacar.com\/fr\/blog\/loisirs\/meilleurs-beach-clubs-costa-del-sol\/\" data-wpel-link=\"internal\">meilleurs clubs de plage<\/a>, et, cocktail \u00e0 la main, profiter de la musique des meilleurs DJ.<\/p>\n<figure id=\"attachment_270\" aria-describedby=\"caption-attachment-270\" style=\"width: 499px\" class=\"wp-caption aligncenter\"><img loading=\"lazy\" decoding=\"async\" class=\"size-full wp-image-270\" src=\"https:\/\/www.malagacar.com\/fr\/blog\/wp-content\/uploads\/2022\/04\/bahia-jazba-torre-del-mar.jpg\" alt=\"\" width=\"499\" height=\"634\" srcset=\"https:\/\/www.malagacar.com\/fr\/blog\/wp-content\/uploads\/2022\/04\/bahia-jazba-torre-del-mar.jpg 499w, https:\/\/www.malagacar.com\/fr\/blog\/wp-content\/uploads\/2022\/04\/bahia-jazba-torre-del-mar-236x300.jpg 236w\" sizes=\"auto, (max-width: 499px) 100vw, 499px\" \/><figcaption id=\"caption-attachment-270\" class=\"wp-caption-text\">Bahia Jazba Torre del Mar<\/figcaption><\/figure>\n<p>Les cin\u00e9mas situ\u00e9s dans les centres commerciaux proposent g\u00e9n\u00e9ralement des films en version originale, tout comme le cin\u00e9ma drive-in de Malaga, r\u00e9cemment ouvert.<\/p>\n<h3><span class=\"ez-toc-section\" id=\"Grande_offre_culturelle\"><\/span>Grande offre culturelle<span class=\"ez-toc-section-end\"><\/span><\/h3>\n<p>Malaga est la ville espagnole qui compte le plus de mus\u00e9es dans sa vieille ville. Si vous vous int\u00e9ressez \u00e0 la culture, vous disposez \u00e9galement d&rsquo;une large offre que vous pouvez parfaitement combiner avec un caf\u00e9 sur une terrasse du centre ville.<\/p>\n<figure id=\"attachment_269\" aria-describedby=\"caption-attachment-269\" style=\"width: 768px\" class=\"wp-caption aligncenter\"><img loading=\"lazy\" decoding=\"async\" class=\"size-full wp-image-269\" src=\"https:\/\/www.malagacar.com\/fr\/blog\/wp-content\/uploads\/2022\/04\/Carmen-Thyssen-768x432-1.jpg\" alt=\"\" width=\"768\" height=\"432\" srcset=\"https:\/\/www.malagacar.com\/fr\/blog\/wp-content\/uploads\/2022\/04\/Carmen-Thyssen-768x432-1.jpg 768w, https:\/\/www.malagacar.com\/fr\/blog\/wp-content\/uploads\/2022\/04\/Carmen-Thyssen-768x432-1-300x169.jpg 300w\" sizes=\"auto, (max-width: 768px) 100vw, 768px\" \/><figcaption id=\"caption-attachment-269\" class=\"wp-caption-text\">Mus\u00e9e Carmen Thyssen dans le centre historique de la ville<\/figcaption><\/figure>\n<p>Malaga est \u00e9galement tr\u00e8s attach\u00e9e \u00e0 la musique, au th\u00e9\u00e2tre, aux expositions, aux march\u00e9s de rue, pour n&rsquo;en citer que quelques-uns. Si vous souhaitez vous tenir au courant, <strong>nous publions un calendrier mensuel des \u00e9v\u00e9nements \u00e0 Malaga et sur la Costa del Sol<\/strong>.<\/p>\n<h3><span class=\"ez-toc-section\" id=\"Des_plages_pour_tous_les_gouts\"><\/span>Des plages pour tous les go\u00fbts<span class=\"ez-toc-section-end\"><\/span><\/h3>\n<p>La Costa del Sol compte au total 160 km de plages, de Nerja, dans la partie la plus orientale, \u00e0 Manilva, \u00e0 la fronti\u00e8re de la province de Cadix.<\/p>\n<p>Alors que les <strong>plages de la c\u00f4te ouest<\/strong>, de Manilva \u00e0 Malaga, sont les plus explor\u00e9es par les touristes, les <strong>plages de la c\u00f4te est<\/strong>, de Malaga \u00e0 Nerja, ont non seulement une physionomie diff\u00e9rente avec de nombreuses criques magnifiques et cach\u00e9es, mais sont \u00e9galement moins fr\u00e9quent\u00e9es.<\/p>\n<figure id=\"attachment_268\" aria-describedby=\"caption-attachment-268\" style=\"width: 768px\" class=\"wp-caption aligncenter\"><img loading=\"lazy\" decoding=\"async\" class=\"size-full wp-image-268\" src=\"https:\/\/www.malagacar.com\/fr\/blog\/wp-content\/uploads\/2022\/04\/cala-de-la-doncella-768x422-1.jpg\" alt=\"\" width=\"768\" height=\"422\" srcset=\"https:\/\/www.malagacar.com\/fr\/blog\/wp-content\/uploads\/2022\/04\/cala-de-la-doncella-768x422-1.jpg 768w, https:\/\/www.malagacar.com\/fr\/blog\/wp-content\/uploads\/2022\/04\/cala-de-la-doncella-768x422-1-300x165.jpg 300w\" sizes=\"auto, (max-width: 768px) 100vw, 768px\" \/><figcaption id=\"caption-attachment-268\" class=\"wp-caption-text\">Cala de la Doncella<\/figcaption><\/figure>\n<p>Malaga compte \u00e9galement 8 <strong>plages nudistes<\/strong> et nos amis \u00e0 quatre pattes peuvent \u00e9galement profiter de <strong>plages adapt\u00e9es aux chiens \u00e0 Malaga<\/strong>.<\/p>\n<h3><span class=\"ez-toc-section\" id=\"La_nature_dans_sa_forme_la_plus_pure_et_les_activites_de_plein_air\"><\/span>La nature dans sa forme la plus pure et les activit\u00e9s de plein air<span class=\"ez-toc-section-end\"><\/span><\/h3>\n<p>Ce que nous avons \u00e0 Malaga est tout simplement spectaculaire, en plus du large \u00e9ventail d&rsquo;activit\u00e9s li\u00e9es au soleil et \u00e0 la plage.<\/p>\n<p><img loading=\"lazy\" decoding=\"async\" class=\"aligncenter size-full wp-image-267\" src=\"https:\/\/www.malagacar.com\/fr\/blog\/wp-content\/uploads\/2022\/04\/bici-768x378-1.jpg\" alt=\"\" width=\"768\" height=\"378\" srcset=\"https:\/\/www.malagacar.com\/fr\/blog\/wp-content\/uploads\/2022\/04\/bici-768x378-1.jpg 768w, https:\/\/www.malagacar.com\/fr\/blog\/wp-content\/uploads\/2022\/04\/bici-768x378-1-300x148.jpg 300w\" sizes=\"auto, (max-width: 768px) 100vw, 768px\" \/><\/p>\n<p>Dans notre guide complet que nous enrichissons continuellement, vous trouverez de nombreuses id\u00e9es d&rsquo;<strong>activit\u00e9s de plein air et d&rsquo;aventure \u00e0 Malaga<\/strong>, notre premier <strong>parc national \u00e0 Malaga<\/strong>, d\u00e9couvrez le <strong>Caminito del Rey<\/strong> ou <strong>El Saltillo<\/strong>, essayez le <strong>parapente en tandem<\/strong>, faites un tour dans le spectaculaire parc national d&rsquo;El Saltillo. <strong>D\u00e9couvrez Ronda<\/strong>, entrez dans les <strong>grottes les plus impressionnantes de Malaga<\/strong>, d\u00e9couvrez les charmants <strong>villages blancs de la vall\u00e9e du Genal<\/strong> ou les <strong>villages blancs de l&rsquo;Axarquia<\/strong>, promenez-vous dans les <strong>anciennes for\u00eats de sapins espagnols<\/strong>&#8230;<\/p>\n<p>Juste pour vous donner une id\u00e9e du <strong>nombre infini de choses<\/strong> que vous pouvez faire \u00e0 Malaga!<\/p>\n<h3><span class=\"ez-toc-section\" id=\"Et_en_plus%E2%80%A6\"><\/span>Et en plus&#8230;!<span class=\"ez-toc-section-end\"><\/span><\/h3>\n<p>En outre, selon le prestigieux magazine Forbes, <strong>Malaga fait partie des 20 meilleures villes du monde pour travailler et vivre<\/strong>, en citant la vari\u00e9t\u00e9 des \u00e9coles internationales et le faible taux de criminalit\u00e9 ou le co\u00fbt du logement.<\/p>\n<p>\u00c0 cela s&rsquo;ajoute sans aucun doute l&rsquo;\u00e9norme gentillesse des Malague\u00f1os, le traitement agr\u00e9able o\u00f9 que vous soyez, vous pouvez entamer une conversation, vous pouvez voir quelqu&rsquo;un qui sourit.<\/p>\n<h2><span class=\"ez-toc-section\" id=\"Etre_un_nomade_numerique_a_Malaga\"><\/span>\u00catre un nomade num\u00e9rique \u00e0 Malaga<span class=\"ez-toc-section-end\"><\/span><\/h2>\n<p>Saviez-vous qu&rsquo;en 2020, Malaga \u00e9tait la <strong>capitale europ\u00e9enne du tourisme intelligent<\/strong> ? Ce titre r\u00e9compense les r\u00e9alisations des villes dans quatre domaines: l&rsquo;accessibilit\u00e9, la num\u00e9risation, la durabilit\u00e9 et le patrimoine culturel et la cr\u00e9ativit\u00e9.<\/p>\n<p><img loading=\"lazy\" decoding=\"async\" class=\"aligncenter size-full wp-image-266\" src=\"https:\/\/www.malagacar.com\/fr\/blog\/wp-content\/uploads\/2022\/04\/smart-tourism-768x290-1.png\" alt=\"\" width=\"768\" height=\"290\" srcset=\"https:\/\/www.malagacar.com\/fr\/blog\/wp-content\/uploads\/2022\/04\/smart-tourism-768x290-1.png 768w, https:\/\/www.malagacar.com\/fr\/blog\/wp-content\/uploads\/2022\/04\/smart-tourism-768x290-1-300x113.png 300w\" sizes=\"auto, (max-width: 768px) 100vw, 768px\" \/><\/p>\n<h3><span class=\"ez-toc-section\" id=\"Malaga_WorkBay\"><\/span>Malaga WorkBay<span class=\"ez-toc-section-end\"><\/span><\/h3>\n<p>Le conseil municipal a r\u00e9cemment lanc\u00e9 une nouvelle plateforme, <strong><a href=\"https:\/\/malagaworkbay.com\/\" target=\"_blank\" rel=\"noopener external noreferrer\" data-wpel-link=\"external\">Malaga WorkBay<\/a><\/strong>, qui offre toutes les informations pertinentes dont un t\u00e9l\u00e9travailleur a besoin pour s&rsquo;installer \u00e0 Malaga et pouvoir travailler et\/ou cr\u00e9er une entreprise: services, transport, logement, etc.<\/p>\n<p>Il dispose \u00e9galement d&rsquo;un bureau technique pour aider les t\u00e9l\u00e9travailleurs, en leur offrant un accompagnement personnalis\u00e9. Il suffit de s&rsquo;inscrire sur le site web pour acc\u00e9der \u00e0 un espace d&rsquo;attention personnalis\u00e9e, de r\u00e9ductions et d&rsquo;avantages, d&rsquo;activit\u00e9s culturelles et de loisirs, ainsi que de r\u00e9unions de mise en r\u00e9seau.<\/p>\n<p>Il est disponible en espagnol, en anglais et en allemand.<\/p>\n<h2><span class=\"ez-toc-section\" id=\"Espaces_de_coworking_a_Malaga\"><\/span>Espaces de coworking \u00e0 Malaga<span class=\"ez-toc-section-end\"><\/span><\/h2>\n<figure id=\"attachment_265\" aria-describedby=\"caption-attachment-265\" style=\"width: 686px\" class=\"wp-caption aligncenter\"><img loading=\"lazy\" decoding=\"async\" class=\"size-full wp-image-265\" src=\"https:\/\/www.malagacar.com\/fr\/blog\/wp-content\/uploads\/2022\/04\/Coworking-Doblemitad-Malagueta-Foto-MalagaWorkBay.jpg\" alt=\"\" width=\"686\" height=\"456\" srcset=\"https:\/\/www.malagacar.com\/fr\/blog\/wp-content\/uploads\/2022\/04\/Coworking-Doblemitad-Malagueta-Foto-MalagaWorkBay.jpg 686w, https:\/\/www.malagacar.com\/fr\/blog\/wp-content\/uploads\/2022\/04\/Coworking-Doblemitad-Malagueta-Foto-MalagaWorkBay-300x199.jpg 300w\" sizes=\"auto, (max-width: 686px) 100vw, 686px\" \/><figcaption id=\"caption-attachment-265\" class=\"wp-caption-text\">Coworking Doblemitad Photo MalagaWorkBay<\/figcaption><\/figure>\n<p>Tant dans la capitale que dans les autres villes de la Costa del Sol (Torremolinos, Benalm\u00e1dena, Marbella et Estepona), il existe un grand nombre d&rsquo;espaces de coworking, des bureaux partag\u00e9s o\u00f9 vous pouvez recr\u00e9er le meilleur environnement de travail, avec l&rsquo;avantage de s\u00e9parer votre espace personnel de votre espace de travail.<\/p>\n<h3><span class=\"ez-toc-section\" id=\"Espaces_de_coworking_a_Malaga-2\"><\/span>Espaces de coworking \u00e0 Malaga<span class=\"ez-toc-section-end\"><\/span><\/h3>\n<p>La Aduana Cowork<br \/>\nPage web: <a href=\"http:\/\/www.laaduanacoworking.com\" target=\"_blank\" rel=\"noopener external noreferrer\" data-wpel-link=\"external\">www.laaduanacoworking.com<\/a><br \/>\nInnovation Campus<br \/>\nPage web: <a href=\"http:\/\/www.innovationcampus.biz\/\" target=\"_blank\" rel=\"noopener external noreferrer\" data-wpel-link=\"external\">www.innovationcampus.biz\/<\/a><br \/>\nLarios First Workspaces<br \/>\nPage web: <a href=\"https:\/\/www.firstworkplaces.com\/en\/\" target=\"_blank\" rel=\"noopener external noreferrer\" data-wpel-link=\"external\">www.firstworkplaces.com<\/a><br \/>\nBeworking<br \/>\nPage web: <a href=\"http:\/\/www.be-working.com\" target=\"_blank\" rel=\"noopener external noreferrer\" data-wpel-link=\"external\">www.be-working.com<\/a><br \/>\nThe Living Room Coworking<br \/>\nPage web: <a href=\"http:\/\/www.tlr-coworking.com\" target=\"_blank\" rel=\"noopener external noreferrer\" data-wpel-link=\"external\">www.tlr-coworking.com<\/a><br \/>\nCoworking M\u00e1laga<br \/>\nPage web: <a href=\"http:\/\/www.coworking-malaga.org\" target=\"_blank\" rel=\"noopener external noreferrer\" data-wpel-link=\"external\">www.coworking-malaga.org<\/a><br \/>\nCoworking M\u00e1laga Centro<br \/>\nPage web: <a href=\"http:\/\/www.coworking-malaga.org\" target=\"_blank\" rel=\"noopener external noreferrer\" data-wpel-link=\"external\">www.coworkingmalagacentro.com<\/a><br \/>\nCoworking Malaca XXI<br \/>\nPage web:<\/p>\n<p><a href=\"http:\/\/www.facebook.com\/malacaxxi\" data-wpel-link=\"external\" rel=\"external noopener noreferrer\">http:\/\/www.facebook.com\/malacaxxi<\/a><\/p>\n<p>\u00c1rea Cowork<br \/>\nPage web: <a href=\"https:\/\/www.areacoworks.com\/\" target=\"_blank\" rel=\"noopener external noreferrer\" data-wpel-link=\"external\">www.areacowork.com<\/a><br \/>\nV\u00e9rtice Emprende M\u00e1laga<br \/>\nPage web: <a href=\"http:\/\/www.verticemprende.com\" target=\"_blank\" rel=\"noopener external noreferrer\" data-wpel-link=\"external\">www.verticemprende.com<\/a><br \/>\nCoworking Doblemitad<br \/>\nPage web: <a href=\"http:\/\/www.doblemitad.com\" target=\"_blank\" rel=\"noopener external noreferrer\" data-wpel-link=\"external\">www.doblemitad.com<\/a><br \/>\nGrow Working<br \/>\nPage web: <a href=\"https:\/\/growworking.com\/coworking-en-malaga\/\" data-wpel-link=\"external\" rel=\"external noopener noreferrer\">growworking.com<\/a><br \/>\nEl centro Coworking<br \/>\nPage web: <a href=\"http:\/\/www.elcentrocoworking.com\" target=\"_blank\" rel=\"noopener external noreferrer\" data-wpel-link=\"external\">www.elcentrocoworking.com<\/a><br \/>\nLa Marina Coworking<br \/>\nPage web: <a href=\"http:\/\/www.sites.google.com\/site\/marinacoworking\/home\" target=\"_blank\" rel=\"noopener external noreferrer\" data-wpel-link=\"external\">www.sites.google.com\/site\/marinacoworking\/home<\/a><br \/>\nEcolaboral Coworking<br \/>\nPage web: <a href=\"http:\/\/www.sites.google.com\/site\/marinacoworking\/home\" target=\"_blank\" rel=\"noopener external noreferrer\" data-wpel-link=\"external\">www.ecolaboralcoworking.com<\/a><\/p>\n<h3><span class=\"ez-toc-section\" id=\"Espaces_de_coworking_a_Torremolinos\"><\/span>Espaces de coworking \u00e0 Torremolinos<span class=\"ez-toc-section-end\"><\/span><\/h3>\n<p>Dream Coworking<br \/>\nPage web: <a href=\"http:\/\/www.dreamcoworking.com\" target=\"_blank\" rel=\"noopener external noreferrer\" data-wpel-link=\"external\">www.dreamcoworking.com<\/a><br \/>\nCentro de Negocios Fuente Lucena<br \/>\nPage web: <a href=\"https:\/\/centronegociosfl.es\/\" target=\"_blank\" rel=\"noopener external noreferrer\" data-wpel-link=\"external\">www.centronegociosfl.es<\/a><br \/>\nSynerg\u00eda Coworking<br \/>\nPage web: <a href=\"http:\/\/www.synergia-coworking.com\" target=\"_blank\" rel=\"noopener external noreferrer\" data-wpel-link=\"external\">www.synergia-coworking.com<\/a><\/p>\n<h3><span class=\"ez-toc-section\" id=\"Espaces_de_coworking_a_Fuengirola\"><\/span>Espaces de coworking \u00e0 Fuengirola<span class=\"ez-toc-section-end\"><\/span><\/h3>\n<p>The Cowork Spot<br \/>\nPage web: www.thecoworkspot.com<br \/>\nSmartwork Plaza<br \/>\nPage web:<a href=\"http:\/\/www.smartworkplaza.com\" target=\"_blank\" rel=\"noopener external noreferrer\" data-wpel-link=\"external\"> www.smartworkplaza.com<\/a><br \/>\nConecta Coworking Fuengirola<br \/>\nPage web: <a href=\"http:\/\/www.conecta.space\" target=\"_blank\" rel=\"noopener external noreferrer\" data-wpel-link=\"external\">www.conecta.space<\/a><\/p>\n<h3><span class=\"ez-toc-section\" id=\"Espaces_de_coworking_a_Marbella\"><\/span>Espaces de coworking \u00e0 Marbella<span class=\"ez-toc-section-end\"><\/span><\/h3>\n<p>Yconta<br \/>\nPage web: <a href=\"http:\/\/www.cursoscontabilidadmarbella.com\" target=\"_blank\" rel=\"noopener external noreferrer\" data-wpel-link=\"external\">www.cursoscontabilidadmarbella.com<\/a><br \/>\nRegus Marbella<br \/>\nPage web: <a href=\"http:\/\/www.regus.com\/es-es\/coworking\" target=\"_blank\" rel=\"noopener external noreferrer\" data-wpel-link=\"external\">www.regus.com\/es-es\/coworking<\/a><br \/>\nDiweb Cowork Solutions<br \/>\nPage web: <a href=\"http:\/\/www.diwebsolutions.es\" target=\"_blank\" rel=\"noopener external noreferrer\" data-wpel-link=\"external\">www.diwebsolutions.es<\/a><br \/>\nLa Nave<br \/>\nPage web: <a href=\"https:\/\/lanave10.com\/\" target=\"_blank\" rel=\"noopener external noreferrer\" data-wpel-link=\"external\">www.lanave10.com<\/a><br \/>\nEsperanza 11 \u2013 Coworking San Pedro<br \/>\nPage web: <a href=\"http:\/\/www.esperanza11.es\" target=\"_blank\" rel=\"noopener external noreferrer\" data-wpel-link=\"external\">www.esperanza11.es<\/a><\/p>\n<h3><span class=\"ez-toc-section\" id=\"Espaces_de_coworking_a_Estepona\"><\/span>Espaces de coworking \u00e0 Estepona<span class=\"ez-toc-section-end\"><\/span><\/h3>\n<p>Estepona Coworking<br \/>\nPage web: <a href=\"http:\/\/www.esteponacoworking.com\" target=\"_blank\" rel=\"noopener external noreferrer\" data-wpel-link=\"external\">www.esteponacoworking.com<\/a><\/p>\n<h2><span class=\"ez-toc-section\" id=\"Coliving_%E2%80%93_Appartements_en_colocation_a_Malaga\"><\/span>Coliving &#8211; Appartements en colocation \u00e0 Malaga<span class=\"ez-toc-section-end\"><\/span><\/h2>\n<p>Bien \u00e9videmment, en plus du travail, vous aurez besoin d&rsquo;un habitat, \u00e0 moins que vous ne soyez un Digital Nomad dans le plus pur style et que vous souhaitiez louer un campervan chez nous! Dans ce cas, vous trouverez tout ce dont vous avez besoin dans la section d\u00e9di\u00e9e \u00e0 la <a href=\"https:\/\/www.malagacar.com\/fr\/location-de-voitures\/quote.php\" data-wpel-link=\"internal\">location de camping-cars<\/a>!<\/p>\n<p>Mais si vous cherchez quelque chose de plus central \u00e0 Malaga, il existe une plateforme qui propose des chambres dans des appartements en colocation, <a href=\"https:\/\/thrcoliving.com\/\" target=\"_blank\" rel=\"noopener external noreferrer\" data-wpel-link=\"external\">thrcoliving<\/a>.<\/p>\n<p><iframe loading=\"lazy\" style=\"border: 0;\" src=\"https:\/\/www.google.com\/maps\/embed?pb=!1m12!1m8!1m3!1d51168.59937880671!2d-4.453644644105399!3d36.72166153592248!3m2!1i1024!2i768!4f13.1!2m1!1sthr%20coliving%20malaga!5e0!3m2!1ses!2ses!4v1646898687992!5m2!1ses!2ses\" width=\"600\" height=\"450\" allowfullscreen=\"allowfullscreen\"><\/iframe><\/p>\n<h2><span class=\"ez-toc-section\" id=\"ZEP_%E2%80%93_Parc_technologique_de_Malaga\"><\/span>ZEP &#8211; Parc technologique de Malaga<span class=\"ez-toc-section-end\"><\/span><\/h2>\n<p>\u00c0 Malaga, il y a plus de 60 entreprises internationales, dont la plupart sont situ\u00e9es dans le TechPark (comme Google, TDK, Ericsson, Accenture ou Vodafone), o\u00f9 l&rsquo;on compte actuellement un total de 630 entreprises, dont plus de 150 nouvellement cr\u00e9\u00e9es.<\/p>\n<figure id=\"attachment_264\" aria-describedby=\"caption-attachment-264\" style=\"width: 495px\" class=\"wp-caption aligncenter\"><img loading=\"lazy\" decoding=\"async\" class=\"size-full wp-image-264\" src=\"https:\/\/www.malagacar.com\/fr\/blog\/wp-content\/uploads\/2022\/04\/parque-tecnologico-Foto-Workbay.jpg\" alt=\"\" width=\"495\" height=\"328\" srcset=\"https:\/\/www.malagacar.com\/fr\/blog\/wp-content\/uploads\/2022\/04\/parque-tecnologico-Foto-Workbay.jpg 495w, https:\/\/www.malagacar.com\/fr\/blog\/wp-content\/uploads\/2022\/04\/parque-tecnologico-Foto-Workbay-300x199.jpg 300w\" sizes=\"auto, (max-width: 495px) 100vw, 495px\" \/><figcaption id=\"caption-attachment-264\" class=\"wp-caption-text\">Parc technologique de Malaga Photo Workbay<\/figcaption><\/figure>\n<p>Le TechPark Malaga disposera d&rsquo;un nouveau b\u00e2timent r\u00e9sidentiel d&rsquo;ici la fin de l&rsquo;ann\u00e9e 2022. Le b\u00e2timent dispose \u00e9galement de 56 places de parking et d&rsquo;une piscine, ainsi que d&rsquo;un bar-caf\u00e9t\u00e9ria, d&rsquo;une laverie, de salles communes, d&rsquo;une salle polyvalente, d&rsquo;une salle de sport, d&rsquo;espaces de coworking, d&rsquo;un salon social avec un cin\u00e9ma, d&rsquo;une salle d&rsquo;\u00e9v\u00e9nements et d&rsquo;un restaurant.<\/p>\n<h2><span class=\"ez-toc-section\" id=\"Location_de_voitures_a_Malaga\"><\/span>Location de voitures \u00e0 Malaga<span class=\"ez-toc-section-end\"><\/span><\/h2>\n<p>Louer une voiture est la meilleure option pour explorer la Costa del Sol et la province de Malaga en toute libert\u00e9 et d\u00e9couvrir ses beaux coins (et nous pouvons vous assurer qu&rsquo;ils sont nombreux!).<\/p>\n<h3><span class=\"ez-toc-section\" id=\"Location_de_voitures_a_laeroport_de_Malaga\"><\/span>Location de voitures \u00e0 l&rsquo;a\u00e9roport de Malaga<span class=\"ez-toc-section-end\"><\/span><\/h3>\n<p>Nous, <a href=\"https:\/\/www.malagacar.com\/fr\/\" data-wpel-link=\"internal\">Malagacar.com<\/a>, sommes une soci\u00e9t\u00e9 de location de voitures ayant une longue exp\u00e9rience de l&rsquo;a\u00e9roport de Malaga.<\/p>\n<p>Non seulement nous disposons d&rsquo;un service de premier ordre et d&rsquo;une transparence des prix, mais nous avons aussi s\u00fbrement le v\u00e9hicule que vous recherchez, car nous disposons d&rsquo;une vaste flotte que nous renouvelons p\u00e9riodiquement.<\/p>\n<p><img loading=\"lazy\" decoding=\"async\" class=\"aligncenter size-full wp-image-274\" src=\"https:\/\/www.malagacar.com\/fr\/blog\/wp-content\/uploads\/2022\/04\/location-de-voitures.jpg\" alt=\"\" width=\"723\" height=\"374\" srcset=\"https:\/\/www.malagacar.com\/fr\/blog\/wp-content\/uploads\/2022\/04\/location-de-voitures.jpg 723w, https:\/\/www.malagacar.com\/fr\/blog\/wp-content\/uploads\/2022\/04\/location-de-voitures-300x155.jpg 300w\" sizes=\"auto, (max-width: 723px) 100vw, 723px\" \/><\/p>\n<h3><span class=\"ez-toc-section\" id=\"Location_de_camping-cars_a_laeroport_de_Malaga\"><\/span>Location de camping-cars \u00e0 l&rsquo;a\u00e9roport de Malaga<span class=\"ez-toc-section-end\"><\/span><\/h3>\n<p><img loading=\"lazy\" decoding=\"async\" class=\"aligncenter size-full wp-image-263\" src=\"https:\/\/www.malagacar.com\/fr\/blog\/wp-content\/uploads\/2022\/04\/campervan.jpg\" alt=\"\" width=\"590\" height=\"394\" srcset=\"https:\/\/www.malagacar.com\/fr\/blog\/wp-content\/uploads\/2022\/04\/campervan.jpg 590w, https:\/\/www.malagacar.com\/fr\/blog\/wp-content\/uploads\/2022\/04\/campervan-300x200.jpg 300w\" sizes=\"auto, (max-width: 590px) 100vw, 590px\" \/><\/p>\n<p>Si vous \u00eates un nomade num\u00e9rique dans l&rsquo;\u00e2me, vous souhaitez peut-\u00eatre pouvoir profiter de votre travail dans n&rsquo;importe quel coin de notre belle province.<\/p>\n<p>Vous pouvez choisir entre plusieurs mod\u00e8les, le camping-car compact et plus abordable <a href=\"https:\/\/www.malagacar.com\/fr\/location-de-voitures\/153\/Volkswagen-California-Beach-Tour.html\" data-wpel-link=\"internal\">Volkswagen California Beach<\/a> ou un mod\u00e8le plus spacieux avec tout le luxe des d\u00e9tails, le Fiat Ducato Maxi Camper, jetez un coup d&rsquo;\u0153il \u00e0 notre page!<\/p>\n<h2><span class=\"ez-toc-section\" id=\"Glamping_%E2%80%93_Campings_de_luxe_a_Malaga\"><\/span>Glamping &#8211; Campings de luxe \u00e0 Malaga<span class=\"ez-toc-section-end\"><\/span><\/h2>\n<p>Enfin, il existe \u00e9galement d&rsquo;autres alternatives tr\u00e8s agr\u00e9ables \u00e0 Malaga o\u00f9 vous pouvez s\u00e9journer pendant un certain temps, <strong>les meilleurs campings de luxe \u00e0 Malaga<\/strong>, g\u00e9n\u00e9ralement des endroits <strong>\u00e9cologiquement durables avec toutes sortes de commodit\u00e9s<\/strong>, une option int\u00e9ressante si vous pr\u00e9f\u00e9rez la nature \u00e0 la ville.<\/p>\n<p><img loading=\"lazy\" decoding=\"async\" class=\"aligncenter size-full wp-image-262\" src=\"https:\/\/www.malagacar.com\/fr\/blog\/wp-content\/uploads\/2022\/04\/glamping-en-768x576-1.jpg\" alt=\"\" width=\"768\" height=\"576\" srcset=\"https:\/\/www.malagacar.com\/fr\/blog\/wp-content\/uploads\/2022\/04\/glamping-en-768x576-1.jpg 768w, https:\/\/www.malagacar.com\/fr\/blog\/wp-content\/uploads\/2022\/04\/glamping-en-768x576-1-300x225.jpg 300w\" sizes=\"auto, (max-width: 768px) 100vw, 768px\" \/><\/p>\n","protected":false},"excerpt":{"rendered":"<p>Malaga est l&rsquo;une des principales destinations du sud de l&rsquo;Europe, en raison de sa situation unique et de son climat m\u00e9diterran\u00e9en, de son atmosph\u00e8re cosmopolite et de son large \u00e9ventail de loisirs et de culture. Dans un monde de plus en plus num\u00e9ris\u00e9 et avec une \u00e9norme libert\u00e9 de choisir o\u00f9 nous voulons t\u00e9l\u00e9travailler, la [&hellip;]<\/p>\n","protected":false},"author":1,"featured_media":272,"comment_status":"open","ping_status":"open","sticky":false,"template":"","format":"standard","meta":{"footnotes":""},"categories":[2],"tags":[5,10,4,32,6,33],"class_list":["post-261","post","type-post","status-publish","format-standard","has-post-thumbnail","hentry","category-loisirs","tag-choses-a-faire","tag-costa-del-sol","tag-malaga","tag-nomades","tag-quoi-faire","tag-teletravail"],"yoast_head":"<!-- This site is optimized with the Yoast SEO plugin v28.4 - https:\/\/yoast.com\/product\/yoast-seo-wordpress\/ -->\n<title>Malaga pour les nomades num\u00e9riques - Blog de MalagaCar.com<\/title>\n<meta name=\"description\" content=\"Travailler l\u00e0 o\u00f9 les autres partent en vacances? Avec 320 jours de soleil par an, Malaga est un endroit id\u00e9al pour vivre et travailler toute l&#039;ann\u00e9e.\" \/>\n<meta name=\"robots\" content=\"index, follow, max-snippet:-1, max-image-preview:large, max-video-preview:-1\" \/>\n<link rel=\"canonical\" href=\"https:\/\/www.malagacar.com\/fr\/blog\/loisirs\/malaga-pour-nomades-numeriques\/\" \/>\n<meta property=\"og:locale\" content=\"fr_FR\" \/>\n<meta property=\"og:type\" content=\"article\" \/>\n<meta property=\"og:title\" content=\"Malaga pour les nomades num\u00e9riques - Blog de MalagaCar.com\" \/>\n<meta property=\"og:description\" content=\"Travailler l\u00e0 o\u00f9 les autres partent en vacances? Avec 320 jours de soleil par an, Malaga est un endroit id\u00e9al pour vivre et travailler toute l&#039;ann\u00e9e.\" \/>\n<meta property=\"og:url\" content=\"https:\/\/www.malagacar.com\/fr\/blog\/loisirs\/malaga-pour-nomades-numeriques\/\" \/>\n<meta property=\"og:site_name\" content=\"Blog de MalagaCar.com\" \/>\n<meta property=\"article:publisher\" content=\"https:\/\/www.facebook.com\/malagacar\" \/>\n<meta property=\"article:published_time\" content=\"2022-04-19T05:41:29+00:00\" \/>\n<meta property=\"article:modified_time\" content=\"2025-10-27T10:03:08+00:00\" \/>\n<meta property=\"og:image\" content=\"https:\/\/www.malagacar.com\/fr\/blog\/wp-content\/uploads\/2022\/04\/nomadas-digitales-en-768x512-1.jpg\" \/>\n\t<meta property=\"og:image:width\" content=\"768\" \/>\n\t<meta property=\"og:image:height\" content=\"512\" \/>\n\t<meta property=\"og:image:type\" content=\"image\/jpeg\" \/>\n<meta name=\"author\" content=\"MalagaCar.com\" \/>\n<meta name=\"twitter:card\" content=\"summary_large_image\" \/>\n<meta name=\"twitter:creator\" content=\"@malagacarcom\" \/>\n<meta name=\"twitter:site\" content=\"@malagacarcom\" \/>\n<meta name=\"twitter:label1\" content=\"\u00c9crit par\" \/>\n\t<meta name=\"twitter:data1\" content=\"MalagaCar.com\" \/>\n\t<meta name=\"twitter:label2\" content=\"Dur\u00e9e de lecture estim\u00e9e\" \/>\n\t<meta name=\"twitter:data2\" content=\"12 minutes\" \/>\n<script type=\"application\/ld+json\" class=\"yoast-schema-graph\">{\"@context\":\"https:\\\/\\\/schema.org\",\"@graph\":[{\"@type\":\"Article\",\"@id\":\"https:\\\/\\\/www.malagacar.com\\\/fr\\\/blog\\\/loisirs\\\/malaga-pour-nomades-numeriques\\\/#article\",\"isPartOf\":{\"@id\":\"https:\\\/\\\/www.malagacar.com\\\/fr\\\/blog\\\/loisirs\\\/malaga-pour-nomades-numeriques\\\/\"},\"author\":{\"name\":\"MalagaCar.com\",\"@id\":\"https:\\\/\\\/www.malagacar.com\\\/fr\\\/blog\\\/#\\\/schema\\\/person\\\/ffb97005d02bcc7d0bb59f5409635691\"},\"headline\":\"Malaga pour les nomades num\u00e9riques\",\"datePublished\":\"2022-04-19T05:41:29+00:00\",\"dateModified\":\"2025-10-27T10:03:08+00:00\",\"mainEntityOfPage\":{\"@id\":\"https:\\\/\\\/www.malagacar.com\\\/fr\\\/blog\\\/loisirs\\\/malaga-pour-nomades-numeriques\\\/\"},\"wordCount\":1919,\"commentCount\":0,\"publisher\":{\"@id\":\"https:\\\/\\\/www.malagacar.com\\\/fr\\\/blog\\\/#organization\"},\"image\":{\"@id\":\"https:\\\/\\\/www.malagacar.com\\\/fr\\\/blog\\\/loisirs\\\/malaga-pour-nomades-numeriques\\\/#primaryimage\"},\"thumbnailUrl\":\"https:\\\/\\\/www.malagacar.com\\\/fr\\\/blog\\\/wp-content\\\/uploads\\\/2022\\\/04\\\/nomadas-digitales-en-768x512-1.jpg\",\"keywords\":[\"choses \u00e0 faire\",\"costa del sol\",\"malaga\",\"nomades\",\"quoi faire\",\"t\u00e9l\u00e9travail\"],\"articleSection\":[\"Loisirs\"],\"inLanguage\":\"fr-FR\",\"potentialAction\":[{\"@type\":\"CommentAction\",\"name\":\"Comment\",\"target\":[\"https:\\\/\\\/www.malagacar.com\\\/fr\\\/blog\\\/loisirs\\\/malaga-pour-nomades-numeriques\\\/#respond\"]}]},{\"@type\":\"WebPage\",\"@id\":\"https:\\\/\\\/www.malagacar.com\\\/fr\\\/blog\\\/loisirs\\\/malaga-pour-nomades-numeriques\\\/\",\"url\":\"https:\\\/\\\/www.malagacar.com\\\/fr\\\/blog\\\/loisirs\\\/malaga-pour-nomades-numeriques\\\/\",\"name\":\"Malaga pour les nomades num\u00e9riques - Blog de MalagaCar.com\",\"isPartOf\":{\"@id\":\"https:\\\/\\\/www.malagacar.com\\\/fr\\\/blog\\\/#website\"},\"primaryImageOfPage\":{\"@id\":\"https:\\\/\\\/www.malagacar.com\\\/fr\\\/blog\\\/loisirs\\\/malaga-pour-nomades-numeriques\\\/#primaryimage\"},\"image\":{\"@id\":\"https:\\\/\\\/www.malagacar.com\\\/fr\\\/blog\\\/loisirs\\\/malaga-pour-nomades-numeriques\\\/#primaryimage\"},\"thumbnailUrl\":\"https:\\\/\\\/www.malagacar.com\\\/fr\\\/blog\\\/wp-content\\\/uploads\\\/2022\\\/04\\\/nomadas-digitales-en-768x512-1.jpg\",\"datePublished\":\"2022-04-19T05:41:29+00:00\",\"dateModified\":\"2025-10-27T10:03:08+00:00\",\"description\":\"Travailler l\u00e0 o\u00f9 les autres partent en vacances? Avec 320 jours de soleil par an, Malaga est un endroit id\u00e9al pour vivre et travailler toute l'ann\u00e9e.\",\"breadcrumb\":{\"@id\":\"https:\\\/\\\/www.malagacar.com\\\/fr\\\/blog\\\/loisirs\\\/malaga-pour-nomades-numeriques\\\/#breadcrumb\"},\"inLanguage\":\"fr-FR\",\"potentialAction\":[{\"@type\":\"ReadAction\",\"target\":[\"https:\\\/\\\/www.malagacar.com\\\/fr\\\/blog\\\/loisirs\\\/malaga-pour-nomades-numeriques\\\/\"]}]},{\"@type\":\"ImageObject\",\"inLanguage\":\"fr-FR\",\"@id\":\"https:\\\/\\\/www.malagacar.com\\\/fr\\\/blog\\\/loisirs\\\/malaga-pour-nomades-numeriques\\\/#primaryimage\",\"url\":\"https:\\\/\\\/www.malagacar.com\\\/fr\\\/blog\\\/wp-content\\\/uploads\\\/2022\\\/04\\\/nomadas-digitales-en-768x512-1.jpg\",\"contentUrl\":\"https:\\\/\\\/www.malagacar.com\\\/fr\\\/blog\\\/wp-content\\\/uploads\\\/2022\\\/04\\\/nomadas-digitales-en-768x512-1.jpg\",\"width\":768,\"height\":512,\"caption\":\"Photo Svetlana Sokolova\"},{\"@type\":\"BreadcrumbList\",\"@id\":\"https:\\\/\\\/www.malagacar.com\\\/fr\\\/blog\\\/loisirs\\\/malaga-pour-nomades-numeriques\\\/#breadcrumb\",\"itemListElement\":[{\"@type\":\"ListItem\",\"position\":1,\"name\":\"Accueil\",\"item\":\"https:\\\/\\\/www.malagacar.com\\\/fr\\\/blog\\\/\"},{\"@type\":\"ListItem\",\"position\":2,\"name\":\"Malaga pour les nomades num\u00e9riques\"}]},{\"@type\":\"WebSite\",\"@id\":\"https:\\\/\\\/www.malagacar.com\\\/fr\\\/blog\\\/#website\",\"url\":\"https:\\\/\\\/www.malagacar.com\\\/fr\\\/blog\\\/\",\"name\":\"Blog de MalagaCar.com\",\"description\":\"Nouvelles et informations int\u00e9ressantes sur la location de voitures \u00e0 l&#039;a\u00e9roport de Malaga.\",\"publisher\":{\"@id\":\"https:\\\/\\\/www.malagacar.com\\\/fr\\\/blog\\\/#organization\"},\"potentialAction\":[{\"@type\":\"SearchAction\",\"target\":{\"@type\":\"EntryPoint\",\"urlTemplate\":\"https:\\\/\\\/www.malagacar.com\\\/fr\\\/blog\\\/?s={search_term_string}\"},\"query-input\":{\"@type\":\"PropertyValueSpecification\",\"valueRequired\":true,\"valueName\":\"search_term_string\"}}],\"inLanguage\":\"fr-FR\"},{\"@type\":\"Organization\",\"@id\":\"https:\\\/\\\/www.malagacar.com\\\/fr\\\/blog\\\/#organization\",\"name\":\"MalagaCar.com\",\"url\":\"https:\\\/\\\/www.malagacar.com\\\/fr\\\/blog\\\/\",\"logo\":{\"@type\":\"ImageObject\",\"inLanguage\":\"fr-FR\",\"@id\":\"https:\\\/\\\/www.malagacar.com\\\/fr\\\/blog\\\/#\\\/schema\\\/logo\\\/image\\\/\",\"url\":\"https:\\\/\\\/www.malagacar.com\\\/fr\\\/blog\\\/wp-content\\\/uploads\\\/2021\\\/06\\\/logo-malagacar-social.png\",\"contentUrl\":\"https:\\\/\\\/www.malagacar.com\\\/fr\\\/blog\\\/wp-content\\\/uploads\\\/2021\\\/06\\\/logo-malagacar-social.png\",\"width\":900,\"height\":900,\"caption\":\"MalagaCar.com\"},\"image\":{\"@id\":\"https:\\\/\\\/www.malagacar.com\\\/fr\\\/blog\\\/#\\\/schema\\\/logo\\\/image\\\/\"},\"sameAs\":[\"https:\\\/\\\/www.facebook.com\\\/malagacar\",\"https:\\\/\\\/x.com\\\/malagacarcom\",\"https:\\\/\\\/www.instagram.com\\\/malagacar\\\/\",\"https:\\\/\\\/www.linkedin.com\\\/company\\\/malagacar.com\",\"https:\\\/\\\/www.youtube.com\\\/c\\\/MalagacarAirport\"]},{\"@type\":\"Person\",\"@id\":\"https:\\\/\\\/www.malagacar.com\\\/fr\\\/blog\\\/#\\\/schema\\\/person\\\/ffb97005d02bcc7d0bb59f5409635691\",\"name\":\"MalagaCar.com\",\"image\":{\"@type\":\"ImageObject\",\"inLanguage\":\"fr-FR\",\"@id\":\"https:\\\/\\\/secure.gravatar.com\\\/avatar\\\/296ebc31026e7be05868369e4c596b3239b1582b2fcf8a45de57333e2e82bb82?s=96&d=mm&r=g\",\"url\":\"https:\\\/\\\/secure.gravatar.com\\\/avatar\\\/296ebc31026e7be05868369e4c596b3239b1582b2fcf8a45de57333e2e82bb82?s=96&d=mm&r=g\",\"contentUrl\":\"https:\\\/\\\/secure.gravatar.com\\\/avatar\\\/296ebc31026e7be05868369e4c596b3239b1582b2fcf8a45de57333e2e82bb82?s=96&d=mm&r=g\",\"caption\":\"MalagaCar.com\"},\"sameAs\":[\"https:\\\/\\\/www.malagacar.com\\\/fr\\\/blog\"]}]}<\/script>\n<!-- \/ Yoast SEO plugin. -->","yoast_head_json":{"title":"Malaga pour les nomades num\u00e9riques - Blog de MalagaCar.com","description":"Travailler l\u00e0 o\u00f9 les autres partent en vacances? Avec 320 jours de soleil par an, Malaga est un endroit id\u00e9al pour vivre et travailler toute l'ann\u00e9e.","robots":{"index":"index","follow":"follow","max-snippet":"max-snippet:-1","max-image-preview":"max-image-preview:large","max-video-preview":"max-video-preview:-1"},"canonical":"https:\/\/www.malagacar.com\/fr\/blog\/loisirs\/malaga-pour-nomades-numeriques\/","og_locale":"fr_FR","og_type":"article","og_title":"Malaga pour les nomades num\u00e9riques - Blog de MalagaCar.com","og_description":"Travailler l\u00e0 o\u00f9 les autres partent en vacances? Avec 320 jours de soleil par an, Malaga est un endroit id\u00e9al pour vivre et travailler toute l'ann\u00e9e.","og_url":"https:\/\/www.malagacar.com\/fr\/blog\/loisirs\/malaga-pour-nomades-numeriques\/","og_site_name":"Blog de MalagaCar.com","article_publisher":"https:\/\/www.facebook.com\/malagacar","article_published_time":"2022-04-19T05:41:29+00:00","article_modified_time":"2025-10-27T10:03:08+00:00","og_image":[{"width":768,"height":512,"url":"https:\/\/www.malagacar.com\/fr\/blog\/wp-content\/uploads\/2022\/04\/nomadas-digitales-en-768x512-1.jpg","type":"image\/jpeg"}],"author":"MalagaCar.com","twitter_card":"summary_large_image","twitter_creator":"@malagacarcom","twitter_site":"@malagacarcom","twitter_misc":{"\u00c9crit par":"MalagaCar.com","Dur\u00e9e de lecture estim\u00e9e":"12 minutes"},"schema":{"@context":"https:\/\/schema.org","@graph":[{"@type":"Article","@id":"https:\/\/www.malagacar.com\/fr\/blog\/loisirs\/malaga-pour-nomades-numeriques\/#article","isPartOf":{"@id":"https:\/\/www.malagacar.com\/fr\/blog\/loisirs\/malaga-pour-nomades-numeriques\/"},"author":{"name":"MalagaCar.com","@id":"https:\/\/www.malagacar.com\/fr\/blog\/#\/schema\/person\/ffb97005d02bcc7d0bb59f5409635691"},"headline":"Malaga pour les nomades num\u00e9riques","datePublished":"2022-04-19T05:41:29+00:00","dateModified":"2025-10-27T10:03:08+00:00","mainEntityOfPage":{"@id":"https:\/\/www.malagacar.com\/fr\/blog\/loisirs\/malaga-pour-nomades-numeriques\/"},"wordCount":1919,"commentCount":0,"publisher":{"@id":"https:\/\/www.malagacar.com\/fr\/blog\/#organization"},"image":{"@id":"https:\/\/www.malagacar.com\/fr\/blog\/loisirs\/malaga-pour-nomades-numeriques\/#primaryimage"},"thumbnailUrl":"https:\/\/www.malagacar.com\/fr\/blog\/wp-content\/uploads\/2022\/04\/nomadas-digitales-en-768x512-1.jpg","keywords":["choses \u00e0 faire","costa del sol","malaga","nomades","quoi faire","t\u00e9l\u00e9travail"],"articleSection":["Loisirs"],"inLanguage":"fr-FR","potentialAction":[{"@type":"CommentAction","name":"Comment","target":["https:\/\/www.malagacar.com\/fr\/blog\/loisirs\/malaga-pour-nomades-numeriques\/#respond"]}]},{"@type":"WebPage","@id":"https:\/\/www.malagacar.com\/fr\/blog\/loisirs\/malaga-pour-nomades-numeriques\/","url":"https:\/\/www.malagacar.com\/fr\/blog\/loisirs\/malaga-pour-nomades-numeriques\/","name":"Malaga pour les nomades num\u00e9riques - Blog de MalagaCar.com","isPartOf":{"@id":"https:\/\/www.malagacar.com\/fr\/blog\/#website"},"primaryImageOfPage":{"@id":"https:\/\/www.malagacar.com\/fr\/blog\/loisirs\/malaga-pour-nomades-numeriques\/#primaryimage"},"image":{"@id":"https:\/\/www.malagacar.com\/fr\/blog\/loisirs\/malaga-pour-nomades-numeriques\/#primaryimage"},"thumbnailUrl":"https:\/\/www.malagacar.com\/fr\/blog\/wp-content\/uploads\/2022\/04\/nomadas-digitales-en-768x512-1.jpg","datePublished":"2022-04-19T05:41:29+00:00","dateModified":"2025-10-27T10:03:08+00:00","description":"Travailler l\u00e0 o\u00f9 les autres partent en vacances? Avec 320 jours de soleil par an, Malaga est un endroit id\u00e9al pour vivre et travailler toute l'ann\u00e9e.","breadcrumb":{"@id":"https:\/\/www.malagacar.com\/fr\/blog\/loisirs\/malaga-pour-nomades-numeriques\/#breadcrumb"},"inLanguage":"fr-FR","potentialAction":[{"@type":"ReadAction","target":["https:\/\/www.malagacar.com\/fr\/blog\/loisirs\/malaga-pour-nomades-numeriques\/"]}]},{"@type":"ImageObject","inLanguage":"fr-FR","@id":"https:\/\/www.malagacar.com\/fr\/blog\/loisirs\/malaga-pour-nomades-numeriques\/#primaryimage","url":"https:\/\/www.malagacar.com\/fr\/blog\/wp-content\/uploads\/2022\/04\/nomadas-digitales-en-768x512-1.jpg","contentUrl":"https:\/\/www.malagacar.com\/fr\/blog\/wp-content\/uploads\/2022\/04\/nomadas-digitales-en-768x512-1.jpg","width":768,"height":512,"caption":"Photo Svetlana Sokolova"},{"@type":"BreadcrumbList","@id":"https:\/\/www.malagacar.com\/fr\/blog\/loisirs\/malaga-pour-nomades-numeriques\/#breadcrumb","itemListElement":[{"@type":"ListItem","position":1,"name":"Accueil","item":"https:\/\/www.malagacar.com\/fr\/blog\/"},{"@type":"ListItem","position":2,"name":"Malaga pour les nomades num\u00e9riques"}]},{"@type":"WebSite","@id":"https:\/\/www.malagacar.com\/fr\/blog\/#website","url":"https:\/\/www.malagacar.com\/fr\/blog\/","name":"Blog de MalagaCar.com","description":"Nouvelles et informations int\u00e9ressantes sur la location de voitures \u00e0 l&#039;a\u00e9roport de Malaga.","publisher":{"@id":"https:\/\/www.malagacar.com\/fr\/blog\/#organization"},"potentialAction":[{"@type":"SearchAction","target":{"@type":"EntryPoint","urlTemplate":"https:\/\/www.malagacar.com\/fr\/blog\/?s={search_term_string}"},"query-input":{"@type":"PropertyValueSpecification","valueRequired":true,"valueName":"search_term_string"}}],"inLanguage":"fr-FR"},{"@type":"Organization","@id":"https:\/\/www.malagacar.com\/fr\/blog\/#organization","name":"MalagaCar.com","url":"https:\/\/www.malagacar.com\/fr\/blog\/","logo":{"@type":"ImageObject","inLanguage":"fr-FR","@id":"https:\/\/www.malagacar.com\/fr\/blog\/#\/schema\/logo\/image\/","url":"https:\/\/www.malagacar.com\/fr\/blog\/wp-content\/uploads\/2021\/06\/logo-malagacar-social.png","contentUrl":"https:\/\/www.malagacar.com\/fr\/blog\/wp-content\/uploads\/2021\/06\/logo-malagacar-social.png","width":900,"height":900,"caption":"MalagaCar.com"},"image":{"@id":"https:\/\/www.malagacar.com\/fr\/blog\/#\/schema\/logo\/image\/"},"sameAs":["https:\/\/www.facebook.com\/malagacar","https:\/\/x.com\/malagacarcom","https:\/\/www.instagram.com\/malagacar\/","https:\/\/www.linkedin.com\/company\/malagacar.com","https:\/\/www.youtube.com\/c\/MalagacarAirport"]},{"@type":"Person","@id":"https:\/\/www.malagacar.com\/fr\/blog\/#\/schema\/person\/ffb97005d02bcc7d0bb59f5409635691","name":"MalagaCar.com","image":{"@type":"ImageObject","inLanguage":"fr-FR","@id":"https:\/\/secure.gravatar.com\/avatar\/296ebc31026e7be05868369e4c596b3239b1582b2fcf8a45de57333e2e82bb82?s=96&d=mm&r=g","url":"https:\/\/secure.gravatar.com\/avatar\/296ebc31026e7be05868369e4c596b3239b1582b2fcf8a45de57333e2e82bb82?s=96&d=mm&r=g","contentUrl":"https:\/\/secure.gravatar.com\/avatar\/296ebc31026e7be05868369e4c596b3239b1582b2fcf8a45de57333e2e82bb82?s=96&d=mm&r=g","caption":"MalagaCar.com"},"sameAs":["https:\/\/www.malagacar.com\/fr\/blog"]}]}},"_links":{"self":[{"href":"https:\/\/www.malagacar.com\/fr\/blog\/wp-json\/wp\/v2\/posts\/261","targetHints":{"allow":["GET"]}}],"collection":[{"href":"https:\/\/www.malagacar.com\/fr\/blog\/wp-json\/wp\/v2\/posts"}],"about":[{"href":"https:\/\/www.malagacar.com\/fr\/blog\/wp-json\/wp\/v2\/types\/post"}],"author":[{"embeddable":true,"href":"https:\/\/www.malagacar.com\/fr\/blog\/wp-json\/wp\/v2\/users\/1"}],"replies":[{"embeddable":true,"href":"https:\/\/www.malagacar.com\/fr\/blog\/wp-json\/wp\/v2\/comments?post=261"}],"version-history":[{"count":12,"href":"https:\/\/www.malagacar.com\/fr\/blog\/wp-json\/wp\/v2\/posts\/261\/revisions"}],"predecessor-version":[{"id":2921,"href":"https:\/\/www.malagacar.com\/fr\/blog\/wp-json\/wp\/v2\/posts\/261\/revisions\/2921"}],"wp:featuredmedia":[{"embeddable":true,"href":"https:\/\/www.malagacar.com\/fr\/blog\/wp-json\/wp\/v2\/media\/272"}],"wp:attachment":[{"href":"https:\/\/www.malagacar.com\/fr\/blog\/wp-json\/wp\/v2\/media?parent=261"}],"wp:term":[{"taxonomy":"category","embeddable":true,"href":"https:\/\/www.malagacar.com\/fr\/blog\/wp-json\/wp\/v2\/categories?post=261"},{"taxonomy":"post_tag","embeddable":true,"href":"https:\/\/www.malagacar.com\/fr\/blog\/wp-json\/wp\/v2\/tags?post=261"}],"curies":[{"name":"wp","href":"https:\/\/api.w.org\/{rel}","templated":true}]}}