{"id":278,"date":"2023-01-10T10:10:52","date_gmt":"2023-01-10T09:10:52","guid":{"rendered":"https:\/\/www.malagacar.com\/fr\/blog\/?p=278"},"modified":"2024-11-15T12:09:46","modified_gmt":"2024-11-15T11:09:46","slug":"centre-commercial-malaga-aeroport","status":"publish","type":"post","link":"https:\/\/www.malagacar.com\/fr\/blog\/aeroport-de-malaga\/centre-commercial-malaga-aeroport\/","title":{"rendered":"Plaza Mayor &#8211; Centre commercial pr\u00e8s de l&rsquo;a\u00e9roport de Malaga"},"content":{"rendered":"<p>\u00c0 seulement 2 km de l&rsquo;<strong><a href=\"https:\/\/www.malagacar.com\/fr\/information\/informations-aeroport-malaga.php\" data-wpel-link=\"internal\">a\u00e9roport de Malaga<\/a><\/strong> se trouve le centre commercial Plaza Mayor, un grand complexe commercial et de restauration au design unique <strong>recr\u00e9ant un village andalou typique en plein air<\/strong> avec des maisons, des places et des rues magnifiquement d\u00e9cor\u00e9es.<\/p>\n<p><!--more--><\/p>\n\n            <div class=\"banner\">\n                <div class=\"row\">\n                    <div class=\"col-sm-4\">\n                        <a href=\"\/fr\/location-de-voitures\/quote.php\" data-wpel-link=\"internal\"><img decoding=\"async\" src=\"\/images\/banner-img.jpg\" alt=\"malagacar.com\"><\/a>\n                    <\/div>\n                    <div class=\"col-sm-8\">\n                      <a href=\"\/fr\/location-de-voitures\/quote.php\" class=\"banner-title\" data-wpel-link=\"internal\">Meilleure location de voitures <div>\u00e0 l'a\u00e9roport de Malaga<\/div><\/a>   \n                        <div class=\"row\">\n                            <div class=\"col-sm-7\">\n                                <ul>\n                                    <li>Pas de frais de ravitaillement<\/li>\n                                    <li>Annulation gratuite<\/li>\n                                    <li>Location sans interm\u00e9diaire<\/li>\n                                    <li>Payez lorsque vous prenez la voiture<\/li>\n                                    <li><\/li>\n                                <\/ul>\n                            <\/div>\n                            <div class=\"col-sm-5\">\n                                <a class=\"btn-banner\" href=\"\/fr\/location-de-voitures\/quote.php\" data-wpel-link=\"internal\">Consultez les prix<\/a>\n                                <img decoding=\"async\" class=\"zonturent\" src=\"\/images\/zontu-banner.png\" alt=\"\">\n                            <\/div>\n                        <\/div>\n                    <\/div>\n                 <\/div>  \n            <\/div>\n            \n<div id=\"ez-toc-container\" class=\"ez-toc-v2_0_87 counter-hierarchy ez-toc-counter ez-toc-light-blue ez-toc-container-direction\">\n<p class=\"ez-toc-title\" style=\"cursor:inherit\">Table des mati\u00e8res<\/p>\n<label for=\"ez-toc-cssicon-toggle-item-6a9a3ef3e02fc\" class=\"ez-toc-cssicon-toggle-label\"><span class=\"\"><span class=\"eztoc-hide\" style=\"display:none;\">Toggle<\/span><span class=\"ez-toc-icon-toggle-span\"><svg style=\"fill: #999;color:#999\" xmlns=\"http:\/\/www.w3.org\/2000\/svg\" class=\"list-377408\" width=\"20px\" height=\"20px\" viewBox=\"0 0 24 24\" fill=\"none\"><path d=\"M6 6H4v2h2V6zm14 0H8v2h12V6zM4 11h2v2H4v-2zm16 0H8v2h12v-2zM4 16h2v2H4v-2zm16 0H8v2h12v-2z\" fill=\"currentColor\"><\/path><\/svg><svg style=\"fill: #999;color:#999\" class=\"arrow-unsorted-368013\" xmlns=\"http:\/\/www.w3.org\/2000\/svg\" width=\"10px\" height=\"10px\" viewBox=\"0 0 24 24\" version=\"1.2\" baseProfile=\"tiny\"><path d=\"M18.2 9.3l-6.2-6.3-6.2 6.3c-.2.2-.3.4-.3.7s.1.5.3.7c.2.2.4.3.7.3h11c.3 0 .5-.1.7-.3.2-.2.3-.5.3-.7s-.1-.5-.3-.7zM5.8 14.7l6.2 6.3 6.2-6.3c.2-.2.3-.5.3-.7s-.1-.5-.3-.7c-.2-.2-.4-.3-.7-.3h-11c-.3 0-.5.1-.7.3-.2.2-.3.5-.3.7s.1.5.3.7z\"\/><\/svg><\/span><\/span><\/label><input type=\"checkbox\"  id=\"ez-toc-cssicon-toggle-item-6a9a3ef3e02fc\"  aria-label=\"Toggle\" \/><nav><ul class='ez-toc-list ez-toc-list-level-1 ' ><li class='ez-toc-page-1 ez-toc-heading-level-2'><a class=\"ez-toc-link ez-toc-heading-1\" href=\"https:\/\/www.malagacar.com\/fr\/blog\/aeroport-de-malaga\/centre-commercial-malaga-aeroport\/#Magasins_de_la_Plaza_Mayor\" data-wpel-link=\"internal\">Magasins de la Plaza Mayor<\/a><ul class='ez-toc-list-level-3' ><li class='ez-toc-heading-level-3'><a class=\"ez-toc-link ez-toc-heading-2\" href=\"https:\/\/www.malagacar.com\/fr\/blog\/aeroport-de-malaga\/centre-commercial-malaga-aeroport\/#Designer_Outlet_Plaza_Mayor\" data-wpel-link=\"internal\">Designer Outlet Plaza Mayor<\/a><\/li><\/ul><\/li><li class='ez-toc-page-1 ez-toc-heading-level-2'><a class=\"ez-toc-link ez-toc-heading-3\" href=\"https:\/\/www.malagacar.com\/fr\/blog\/aeroport-de-malaga\/centre-commercial-malaga-aeroport\/#Restaurants_de_la_Plaza_Mayor\" data-wpel-link=\"internal\">Restaurants de la Plaza Mayor<\/a><\/li><li class='ez-toc-page-1 ez-toc-heading-level-2'><a class=\"ez-toc-link ez-toc-heading-4\" href=\"https:\/\/www.malagacar.com\/fr\/blog\/aeroport-de-malaga\/centre-commercial-malaga-aeroport\/#Cinema_a_la_Plaza_Mayor\" data-wpel-link=\"internal\">Cin\u00e9ma \u00e0 la Plaza Mayor<\/a><\/li><li class='ez-toc-page-1 ez-toc-heading-level-2'><a class=\"ez-toc-link ez-toc-heading-5\" href=\"https:\/\/www.malagacar.com\/fr\/blog\/aeroport-de-malaga\/centre-commercial-malaga-aeroport\/#Services_disponibles_a_la_Plaza_Mayor\" data-wpel-link=\"internal\">Services disponibles \u00e0 la Plaza Mayor<\/a><\/li><li class='ez-toc-page-1 ez-toc-heading-level-2'><a class=\"ez-toc-link ez-toc-heading-6\" href=\"https:\/\/www.malagacar.com\/fr\/blog\/aeroport-de-malaga\/centre-commercial-malaga-aeroport\/#Heures_douverture_et_jours_feries\" data-wpel-link=\"internal\">Heures d&rsquo;ouverture et jours f\u00e9ri\u00e9s<\/a><ul class='ez-toc-list-level-3' ><li class='ez-toc-heading-level-3'><a class=\"ez-toc-link ez-toc-heading-7\" href=\"https:\/\/www.malagacar.com\/fr\/blog\/aeroport-de-malaga\/centre-commercial-malaga-aeroport\/#Centre_commercial\" data-wpel-link=\"internal\">Centre commercial<\/a><\/li><li class='ez-toc-page-1 ez-toc-heading-level-3'><a class=\"ez-toc-link ez-toc-heading-8\" href=\"https:\/\/www.malagacar.com\/fr\/blog\/aeroport-de-malaga\/centre-commercial-malaga-aeroport\/#Ouvert_les_jours_feries\" data-wpel-link=\"internal\">Ouvert les jours f\u00e9ri\u00e9s<\/a><\/li><\/ul><\/li><li class='ez-toc-page-1 ez-toc-heading-level-2'><a class=\"ez-toc-link ez-toc-heading-9\" href=\"https:\/\/www.malagacar.com\/fr\/blog\/aeroport-de-malaga\/centre-commercial-malaga-aeroport\/#Comment_se_rendre_a_la_Plaza_Mayor\" data-wpel-link=\"internal\">Comment se rendre \u00e0 la Plaza Mayor<\/a><\/li><\/ul><\/nav><\/div>\n<h2><span class=\"ez-toc-section\" id=\"Magasins_de_la_Plaza_Mayor\"><\/span>Magasins de la Plaza Mayor<span class=\"ez-toc-section-end\"><\/span><\/h2>\n<figure id=\"attachment_285\" aria-describedby=\"caption-attachment-285\" style=\"width: 768px\" class=\"wp-caption aligncenter\"><img loading=\"lazy\" decoding=\"async\" class=\"size-full wp-image-285\" src=\"https:\/\/www.malagacar.com\/fr\/blog\/wp-content\/uploads\/2022\/04\/Foto-Zsana-Kantor-768x501-1.jpg\" alt=\"\" width=\"768\" height=\"501\" srcset=\"https:\/\/www.malagacar.com\/fr\/blog\/wp-content\/uploads\/2022\/04\/Foto-Zsana-Kantor-768x501-1.jpg 768w, https:\/\/www.malagacar.com\/fr\/blog\/wp-content\/uploads\/2022\/04\/Foto-Zsana-Kantor-768x501-1-300x196.jpg 300w\" sizes=\"auto, (max-width: 768px) 100vw, 768px\" \/><figcaption id=\"caption-attachment-285\" class=\"wp-caption-text\">Photo Zsana Kantor<\/figcaption><\/figure>\n<p>La Plaza Mayor dispose d&rsquo;un grand nombre de magasins. Vous trouverez tout ce qui concerne la mode et les v\u00eatements, les accessoires, les cosm\u00e9tiques, la beaut\u00e9, les chaussures. Et la lingerie, les animaux, les v\u00eatements pr\u00e9nataux, les v\u00eatements et jouets pour enfants, les bijoux, la d\u00e9coration, les appareils \u00e9lectrom\u00e9nagers. Ou les t\u00e9l\u00e9phones portables, la r\u00e9paration automobile, la station-service, les opticiens, les parfums, les jeux de hasard et le supermarch\u00e9.<\/p>\n<h3><span class=\"ez-toc-section\" id=\"Designer_Outlet_Plaza_Mayor\"><\/span>Designer Outlet Plaza Mayor<span class=\"ez-toc-section-end\"><\/span><\/h3>\n<p><img loading=\"lazy\" decoding=\"async\" class=\"aligncenter size-full wp-image-284\" src=\"https:\/\/www.malagacar.com\/fr\/blog\/wp-content\/uploads\/2022\/04\/outlet-entrada-768x432-1.jpg\" alt=\"\" width=\"768\" height=\"432\" srcset=\"https:\/\/www.malagacar.com\/fr\/blog\/wp-content\/uploads\/2022\/04\/outlet-entrada-768x432-1.jpg 768w, https:\/\/www.malagacar.com\/fr\/blog\/wp-content\/uploads\/2022\/04\/outlet-entrada-768x432-1-300x169.jpg 300w\" sizes=\"auto, (max-width: 768px) 100vw, 768px\" \/><\/p>\n<p>Le Designer Outlet Malaga a ouvert en f\u00e9vrier 2020 sur la Plaza Mayor, dans un environnement magnifiquement con\u00e7u o\u00f9 le shopping est un plaisir.<\/p>\n<p>Dans cet espace, vous trouverez plus de 100 marques de mode haut de gamme avec une r\u00e9duction allant jusqu&rsquo;\u00e0 70% par rapport au prix habituel.<\/p>\n<p>Dans le Designer Outlet de Plaza Mayor, vous trouverez des marques telles que Armani, Boss, Prada, Ralf Lauren, Adidas, Adolfo Dom\u00ednguez, Birkenstock, Calvin Klein, Diesel, Dockers, Ecco, Elena Mir\u00f3, Escada, Florentino, Guess, Karl Lagerfeld, L&rsquo;Occitane, Lacoste, Levis, Pikolinos, Prada, Puma, Ray Ban, Tommy Hilfiger.<\/p>\n<figure id=\"attachment_283\" aria-describedby=\"caption-attachment-283\" style=\"width: 553px\" class=\"wp-caption alignnone\"><img loading=\"lazy\" decoding=\"async\" class=\"wp-image-283 size-full\" src=\"https:\/\/www.malagacar.com\/fr\/blog\/wp-content\/uploads\/2022\/04\/outlet-Foto-Juli-Ruiz.jpg\" alt=\"\" width=\"553\" height=\"822\" srcset=\"https:\/\/www.malagacar.com\/fr\/blog\/wp-content\/uploads\/2022\/04\/outlet-Foto-Juli-Ruiz.jpg 553w, https:\/\/www.malagacar.com\/fr\/blog\/wp-content\/uploads\/2022\/04\/outlet-Foto-Juli-Ruiz-202x300.jpg 202w\" sizes=\"auto, (max-width: 553px) 100vw, 553px\" \/><figcaption id=\"caption-attachment-283\" class=\"wp-caption-text\">Photo Juli Ruiz<\/figcaption><\/figure>\n<ul>\n<li>D\u00e9couvrez-les tous \u00e0 <a href=\"https:\/\/www.mcarthurglen.com\/fr\/outlets\/es\/malaga\/boutiques\/\" target=\"_blank\" rel=\"noopener external noreferrer\" data-wpel-link=\"external\"><strong>ce lien<\/strong><\/a>.<\/li>\n<li>Il dispose de son propre parking \u00e0 quelques m\u00e8tres de l&rsquo;entr\u00e9e principale.<\/li>\n<\/ul>\n<h2><span class=\"ez-toc-section\" id=\"Restaurants_de_la_Plaza_Mayor\"><\/span>Restaurants de la Plaza Mayor<span class=\"ez-toc-section-end\"><\/span><\/h2>\n<figure id=\"attachment_282\" aria-describedby=\"caption-attachment-282\" style=\"width: 768px\" class=\"wp-caption aligncenter\"><img loading=\"lazy\" decoding=\"async\" class=\"size-full wp-image-282\" src=\"https:\/\/www.malagacar.com\/fr\/blog\/wp-content\/uploads\/2022\/04\/restaurantes-Foto-Jose-Luis-Guardia-768x506-1.jpg\" alt=\"\" width=\"768\" height=\"506\" srcset=\"https:\/\/www.malagacar.com\/fr\/blog\/wp-content\/uploads\/2022\/04\/restaurantes-Foto-Jose-Luis-Guardia-768x506-1.jpg 768w, https:\/\/www.malagacar.com\/fr\/blog\/wp-content\/uploads\/2022\/04\/restaurantes-Foto-Jose-Luis-Guardia-768x506-1-300x198.jpg 300w\" sizes=\"auto, (max-width: 768px) 100vw, 768px\" \/><figcaption id=\"caption-attachment-282\" class=\"wp-caption-text\">Photo Jos\u00e9 Luis Guardia<\/figcaption><\/figure>\n<p>Au Plaza Mayor, vous avez la possibilit\u00e9 de manger dans un restaurant ainsi que dans une vari\u00e9t\u00e9 de restauration rapide.<\/p>\n<p>L&rsquo;offre comprend actuellement, entre autres, de la nourriture indienne et mexicaine, des steaks, de la nourriture traditionnelle espagnole, des p\u00e2tisseries et des glaciers, des brasseries, de la nourriture internationale. De plus des sandwichs, de la nourriture tha\u00eflandaise, des tacos, des Doner Kebab, Burger King, Mc Donalds.<\/p>\n<h2><span class=\"ez-toc-section\" id=\"Cinema_a_la_Plaza_Mayor\"><\/span>Cin\u00e9ma \u00e0 la Plaza Mayor<span class=\"ez-toc-section-end\"><\/span><\/h2>\n<figure id=\"attachment_281\" aria-describedby=\"caption-attachment-281\" style=\"width: 768px\" class=\"wp-caption aligncenter\"><img loading=\"lazy\" decoding=\"async\" class=\"size-full wp-image-281\" src=\"https:\/\/www.malagacar.com\/fr\/blog\/wp-content\/uploads\/2022\/04\/Cine-Foto-Sylvain-Gsl-768x519-1.jpg\" alt=\"\" width=\"768\" height=\"519\" srcset=\"https:\/\/www.malagacar.com\/fr\/blog\/wp-content\/uploads\/2022\/04\/Cine-Foto-Sylvain-Gsl-768x519-1.jpg 768w, https:\/\/www.malagacar.com\/fr\/blog\/wp-content\/uploads\/2022\/04\/Cine-Foto-Sylvain-Gsl-768x519-1-300x203.jpg 300w\" sizes=\"auto, (max-width: 768px) 100vw, 768px\" \/><figcaption id=\"caption-attachment-281\" class=\"wp-caption-text\">Photo Sylvain Gsl<\/figcaption><\/figure>\n<p>Le cin\u00e9ma du centre commercial Plaza Mayor, Yelmo Cines, dispose de 20 salles avec les meilleures nouveaut\u00e9s, les matin\u00e9es, la 3D et la version originale, les projections, les documentaires et les retransmissions en direct de th\u00e9\u00e2tre, d&rsquo;op\u00e9ra, de ballet et d&rsquo;\u00e9v\u00e9nements sportifs.<\/p>\n<p>Le prix g\u00e9n\u00e9ral du billet \u00e0 Yelmo Cines Plaza Mayor (avril 2022) est de 9,20\u20ac. Il existe des prix sp\u00e9ciaux pour les enfants et les personnes \u00e2g\u00e9es, ainsi que des promotions sp\u00e9ciales telles que la Journ\u00e9e du spectateur le mercredi avec une entr\u00e9e g\u00e9n\u00e9rale \u00e0 5,20\u20ac.<\/p>\n<ul>\n<li><a href=\"https:\/\/yelmocines.es\/cartelera\/malaga\/plaza-mayor\" target=\"_blank\" rel=\"noopener external noreferrer\" data-wpel-link=\"external\"><strong>Programme des projections<\/strong><\/a> de Yelmo Cines<\/li>\n<\/ul>\n<h2><span class=\"ez-toc-section\" id=\"Services_disponibles_a_la_Plaza_Mayor\"><\/span>Services disponibles \u00e0 la Plaza Mayor<span class=\"ez-toc-section-end\"><\/span><\/h2>\n<p>La Plaza Mayor dispose d&rsquo;un large \u00e9ventail de services suppl\u00e9mentaires pour les familles. Tels que des salles d&rsquo;allaitement avec change de couches, un espace pour enfants, des aires de repos, un espace familial, des si\u00e8ges pour enfants dans les toilettesDe plus le <strong>pr\u00eat de si\u00e8ges pour b\u00e9b\u00e9s<\/strong>, le <strong>pr\u00eat de fauteuils roulants<\/strong>, un parking pour handicap\u00e9s.<\/p>\n<p>En outre, il y a des places de stationnement pour les motos et les v\u00e9los, les chiens sont les bienvenus. Et il y a du Wifi gratuit dans toutes les zones publiques du centre commercial, ainsi que des guichets automatiques.<\/p>\n<p>Un service de consigne est disponible \u00e0 c\u00f4t\u00e9 de la gare de train de banlieue.<\/p>\n<p>En plus du train de banlieue C1, qui circule toutes les 20 minutes entre Fuengirola, l&rsquo;a\u00e9roport et le centre de Malaga. Il y a un arr\u00eat de bus, une station de taxis, une station-service et un atelier de r\u00e9paration automobile.<\/p>\n<h2><span class=\"ez-toc-section\" id=\"Heures_douverture_et_jours_feries\"><\/span>Heures d&rsquo;ouverture et jours f\u00e9ri\u00e9s<span class=\"ez-toc-section-end\"><\/span><\/h2>\n<p><img loading=\"lazy\" decoding=\"async\" class=\"aligncenter size-full wp-image-280\" src=\"https:\/\/www.malagacar.com\/fr\/blog\/wp-content\/uploads\/2022\/04\/plaza-mayor-noche-768x324-1.jpg\" alt=\"\" width=\"768\" height=\"324\" srcset=\"https:\/\/www.malagacar.com\/fr\/blog\/wp-content\/uploads\/2022\/04\/plaza-mayor-noche-768x324-1.jpg 768w, https:\/\/www.malagacar.com\/fr\/blog\/wp-content\/uploads\/2022\/04\/plaza-mayor-noche-768x324-1-300x127.jpg 300w\" sizes=\"auto, (max-width: 768px) 100vw, 768px\" \/><\/p>\n<h3><span class=\"ez-toc-section\" id=\"Centre_commercial\"><\/span>Centre commercial<span class=\"ez-toc-section-end\"><\/span><\/h3>\n<p>Ouvert du lundi au dimanche de 10h \u00e0 1h, vendredi et samedi jusqu&rsquo;\u00e0 2h.<\/p>\n<ul>\n<li><strong>Les magasins<\/strong> ferment \u00e0 22h00.<\/li>\n<li><strong>Les restaurants et caf\u00e9s<\/strong> sont ouverts du lundi au dimanche de 12h \u00e0 12h.<\/li>\n<li>La <strong>station-service<\/strong> est ouverte du lundi au dimanche de 7h \u00e0 23h.<\/li>\n<li>Le <strong>cin\u00e9ma <\/strong>est ouvert du lundi au dimanche de 16h45 \u00e0 1h du matin, avec des matin\u00e9es le week-end.<\/li>\n<\/ul>\n<h3><span class=\"ez-toc-section\" id=\"Ouvert_les_jours_feries\"><\/span>Ouvert les jours f\u00e9ri\u00e9s<span class=\"ez-toc-section-end\"><\/span><\/h3>\n<p>La Costa del Sol est une zone touristique tr\u00e8s pris\u00e9e. C&rsquo;est pourquoi de nombreux centres commerciaux sont \u00e9galement ouverts certains dimanches et jours f\u00e9ri\u00e9s. Vous trouverez toutes les dates dans notre article associ\u00e9 <a href=\"https:\/\/www.malagacar.com\/fr\/blog\/loisirs\/centres-commerciaux-a-malaga\/\" data-wpel-link=\"internal\"><strong>Centres commerciaux \u00e0 Malaga<\/strong><\/a>.<\/p>\n<h2><span class=\"ez-toc-section\" id=\"Comment_se_rendre_a_la_Plaza_Mayor\"><\/span>Comment se rendre \u00e0 la Plaza Mayor<span class=\"ez-toc-section-end\"><\/span><\/h2>\n<p><img loading=\"lazy\" decoding=\"async\" class=\"aligncenter wp-image-279 size-full\" src=\"https:\/\/www.malagacar.com\/fr\/blog\/wp-content\/uploads\/2022\/04\/fachada-768x433-1.jpg\" alt=\"Plaza mayor\" width=\"768\" height=\"433\" srcset=\"https:\/\/www.malagacar.com\/fr\/blog\/wp-content\/uploads\/2022\/04\/fachada-768x433-1.jpg 768w, https:\/\/www.malagacar.com\/fr\/blog\/wp-content\/uploads\/2022\/04\/fachada-768x433-1-300x169.jpg 300w\" sizes=\"auto, (max-width: 768px) 100vw, 768px\" \/><\/p>\n<p>Plaza Mayor est tr\u00e8s bien communiqu\u00e9e avec l&rsquo;autoroute m\u00e9diterran\u00e9enne. A-7, N 340, MA- 20 et MA 21, qui sont toutes les principales art\u00e8res de Malaga et de la Costa del Sol.<\/p>\n<p>La ligne de banlieue C1 y a son propre arr\u00eat et circule toutes les 20 minutes entre Malaga et Fuengirola.<\/p>\n<p>Vous venez d&rsquo;arriver \u00e0 Malaga, vous avez r\u00e9cup\u00e9r\u00e9 votre <strong><a href=\"https:\/\/www.malagacar.com\/fr\/\" target=\"_blank\" rel=\"noopener\" data-wpel-link=\"internal\">MalagaCar<\/a><\/strong> ou votre <strong><a href=\"https:\/\/www.malagacar.com\/fr\/location-de-voitures\/153\/Volkswagen-California-Beach-Tour.html\" data-wpel-link=\"internal\">camping-car<\/a> <\/strong>\u00e0 notre bureau et vos vacances commencent! Beaucoup de nos clients ont leur propre appartement ou maison de vacances et avant de continuer votre voyage de retour. Vous voudrez peut-\u00eatre faire quelques provisions.<\/p>\n<p>La Plaza Mayor dispose d&rsquo;un supermarch\u00e9 (Mercadona) et d&rsquo;un grand parking ext\u00e9rieur o\u00f9 m\u00eame les gros v\u00e9hicules peuvent se garer confortablement.<\/p>\n<p><iframe loading=\"lazy\" style=\"border: 0;\" src=\"https:\/\/www.google.com\/maps\/embed?pb=!1m28!1m12!1m3!1d10764.993598511288!2d-4.483780984648301!3d36.663638057399695!2m3!1f0!2f0!3f0!3m2!1i1024!2i768!4f13.1!4m13!3e0!4m5!1s0xd72fa211a9c47d1%3A0x5b9e91eee3e04b3a!2sMalagaCar.com%20%7C%20Car%20Hire%20Malaga%20Airport%2C%20Avenida%20del%20Comandante%20Garc%C3%ADa%20Morato%2C%20M%C3%A1laga!3m2!1d36.673198!2d-4.482913!4m5!1s0xd72f9806f9d62c5%3A0xf987d2e74b11c209!2sPlaza%20Mayor%2C%20C.%20Alfonso%20Ponce%20de%20Le%C3%B3n%2C%203-2%2C%2029004%20M%C3%A1laga!3m2!1d36.6567922!2d-4.4788456!5e0!3m2!1ses!2ses!4v1648450672074!5m2!1ses!2ses\" width=\"600\" height=\"450\" allowfullscreen=\"allowfullscreen\"><\/iframe><br \/>\n\t\t\t\t\n\t\t\t\t<div id=\"search-form2\" class=\"big-quote index-mobile\">\n\t\t\t\t<form id=\"frmSearch\" name=\"frmSearch\" action=\"\/fr\/location-de-voitures\/quote.php\" method=\"post\" name=\"quote\" class=\"container-fluid\">\n\t\t\t\t\t\t\t\t\t<div class=\"row\">\n\t\t\t\t\t\t<div class=\"col-sm-6\">\n\n\t\t\t\t\t\t\t<div class=\"form-group\">\n\t\t\t\t\t\t\t\t<label for=\"entrega\"><h4>Collecte<\/h4><\/label>\n\t\t\t\t\t\t\t\t<select name=\"entrega\" id=\"entrega\" class=\"custom-select\">\n\t\t\t\t\t\t\t\t\t<option value=\"airport\"  selected>Malaga A\u00e9roport<\/option>\n\t\t\t\t\t\t\t\t\t\t\t\t\t\t\t\t<\/select>\n\t\t\t\t\t\t\t\t<div class=\"form-inline my-2\">\n\t\t\t\t\t\t\t\t\t<input id=\"pDate\" class=\"form-control\" value=\"07\/09\/2026\" name=\"pDate\" readonly onchange=\"return uppdate()\">\n\t\t\t\t\t\t\t\t\t<select class=\"custom-select\" id=\"phorasminutos\" name=\"phorasminutos\" oninvalid=\"setCustomValidity('Faites-nous conna\u00eetre votre heure d\u00b4arriv\u00e9e')\" onchange=\"setCustomValidity('');\">\n\t\t\t\t\t\t\t\t\t\t<option value=\"-\" selected>--:--<\/option>\n\t\t\t\t\t\t\t\t\t\t\t\t\t\t\t\t\t\t\t\t<option value=\"00:00\">\n\t\t\t\t\t\t\t\t\t\t\t00:00<\/option>\n\t\t\t\t\t\t\t\t\t\t<option value=\"00:15\">\n\t\t\t\t\t\t\t\t\t\t\t00:15<\/option>\n\t\t\t\t\t\t\t\t\t\t<option value=\"00:30\">\n\t\t\t\t\t\t\t\t\t\t\t00:30<\/option>\n\t\t\t\t\t\t\t\t\t\t<option value=\"00:45\">\n\t\t\t\t\t\t\t\t\t\t\t00:45<\/option>\n\t\t\t\t\t\t\t\t\t\t\t\t\t\t\t\t\t\t\t\t<option value=\"01:00\">\n\t\t\t\t\t\t\t\t\t\t\t01:00<\/option>\n\t\t\t\t\t\t\t\t\t\t<option value=\"01:15\">\n\t\t\t\t\t\t\t\t\t\t\t01:15<\/option>\n\t\t\t\t\t\t\t\t\t\t<option value=\"01:30\">\n\t\t\t\t\t\t\t\t\t\t\t01:30<\/option>\n\t\t\t\t\t\t\t\t\t\t<option value=\"01:45\">\n\t\t\t\t\t\t\t\t\t\t\t01:45<\/option>\n\t\t\t\t\t\t\t\t\t\t\t\t\t\t\t\t\t\t\t\t<option value=\"02:00\">\n\t\t\t\t\t\t\t\t\t\t\t02:00<\/option>\n\t\t\t\t\t\t\t\t\t\t<option value=\"02:15\">\n\t\t\t\t\t\t\t\t\t\t\t02:15<\/option>\n\t\t\t\t\t\t\t\t\t\t<option value=\"02:30\">\n\t\t\t\t\t\t\t\t\t\t\t02:30<\/option>\n\t\t\t\t\t\t\t\t\t\t<option value=\"02:45\">\n\t\t\t\t\t\t\t\t\t\t\t02:45<\/option>\n\t\t\t\t\t\t\t\t\t\t\t\t\t\t\t\t\t\t\t\t<option value=\"03:00\">\n\t\t\t\t\t\t\t\t\t\t\t03:00<\/option>\n\t\t\t\t\t\t\t\t\t\t<option value=\"03:15\">\n\t\t\t\t\t\t\t\t\t\t\t03:15<\/option>\n\t\t\t\t\t\t\t\t\t\t<option value=\"03:30\">\n\t\t\t\t\t\t\t\t\t\t\t03:30<\/option>\n\t\t\t\t\t\t\t\t\t\t<option value=\"03:45\">\n\t\t\t\t\t\t\t\t\t\t\t03:45<\/option>\n\t\t\t\t\t\t\t\t\t\t\t\t\t\t\t\t\t\t\t\t<option value=\"04:00\">\n\t\t\t\t\t\t\t\t\t\t\t04:00<\/option>\n\t\t\t\t\t\t\t\t\t\t<option value=\"04:15\">\n\t\t\t\t\t\t\t\t\t\t\t04:15<\/option>\n\t\t\t\t\t\t\t\t\t\t<option value=\"04:30\">\n\t\t\t\t\t\t\t\t\t\t\t04:30<\/option>\n\t\t\t\t\t\t\t\t\t\t<option value=\"04:45\">\n\t\t\t\t\t\t\t\t\t\t\t04:45<\/option>\n\t\t\t\t\t\t\t\t\t\t\t\t\t\t\t\t\t\t\t\t<option value=\"05:00\">\n\t\t\t\t\t\t\t\t\t\t\t05:00<\/option>\n\t\t\t\t\t\t\t\t\t\t<option value=\"05:15\">\n\t\t\t\t\t\t\t\t\t\t\t05:15<\/option>\n\t\t\t\t\t\t\t\t\t\t<option value=\"05:30\">\n\t\t\t\t\t\t\t\t\t\t\t05:30<\/option>\n\t\t\t\t\t\t\t\t\t\t<option value=\"05:45\">\n\t\t\t\t\t\t\t\t\t\t\t05:45<\/option>\n\t\t\t\t\t\t\t\t\t\t\t\t\t\t\t\t\t\t\t\t<option value=\"06:00\">\n\t\t\t\t\t\t\t\t\t\t\t06:00<\/option>\n\t\t\t\t\t\t\t\t\t\t<option value=\"06:15\">\n\t\t\t\t\t\t\t\t\t\t\t06:15<\/option>\n\t\t\t\t\t\t\t\t\t\t<option value=\"06:30\">\n\t\t\t\t\t\t\t\t\t\t\t06:30<\/option>\n\t\t\t\t\t\t\t\t\t\t<option value=\"06:45\">\n\t\t\t\t\t\t\t\t\t\t\t06:45<\/option>\n\t\t\t\t\t\t\t\t\t\t\t\t\t\t\t\t\t\t\t\t<option value=\"07:00\">\n\t\t\t\t\t\t\t\t\t\t\t07:00<\/option>\n\t\t\t\t\t\t\t\t\t\t<option value=\"07:15\">\n\t\t\t\t\t\t\t\t\t\t\t07:15<\/option>\n\t\t\t\t\t\t\t\t\t\t<option value=\"07:30\">\n\t\t\t\t\t\t\t\t\t\t\t07:30<\/option>\n\t\t\t\t\t\t\t\t\t\t<option value=\"07:45\">\n\t\t\t\t\t\t\t\t\t\t\t07:45<\/option>\n\t\t\t\t\t\t\t\t\t\t\t\t\t\t\t\t\t\t\t\t<option value=\"08:00\">\n\t\t\t\t\t\t\t\t\t\t\t08:00<\/option>\n\t\t\t\t\t\t\t\t\t\t<option value=\"08:15\">\n\t\t\t\t\t\t\t\t\t\t\t08:15<\/option>\n\t\t\t\t\t\t\t\t\t\t<option value=\"08:30\">\n\t\t\t\t\t\t\t\t\t\t\t08:30<\/option>\n\t\t\t\t\t\t\t\t\t\t<option value=\"08:45\">\n\t\t\t\t\t\t\t\t\t\t\t08:45<\/option>\n\t\t\t\t\t\t\t\t\t\t\t\t\t\t\t\t\t\t\t\t<option value=\"09:00\">\n\t\t\t\t\t\t\t\t\t\t\t09:00<\/option>\n\t\t\t\t\t\t\t\t\t\t<option value=\"09:15\">\n\t\t\t\t\t\t\t\t\t\t\t09:15<\/option>\n\t\t\t\t\t\t\t\t\t\t<option value=\"09:30\">\n\t\t\t\t\t\t\t\t\t\t\t09:30<\/option>\n\t\t\t\t\t\t\t\t\t\t<option value=\"09:45\">\n\t\t\t\t\t\t\t\t\t\t\t09:45<\/option>\n\t\t\t\t\t\t\t\t\t\t\t\t\t\t\t\t\t\t\t\t<option value=\"10:00\">\n\t\t\t\t\t\t\t\t\t\t\t10:00<\/option>\n\t\t\t\t\t\t\t\t\t\t<option value=\"10:15\">\n\t\t\t\t\t\t\t\t\t\t\t10:15<\/option>\n\t\t\t\t\t\t\t\t\t\t<option value=\"10:30\">\n\t\t\t\t\t\t\t\t\t\t\t10:30<\/option>\n\t\t\t\t\t\t\t\t\t\t<option value=\"10:45\">\n\t\t\t\t\t\t\t\t\t\t\t10:45<\/option>\n\t\t\t\t\t\t\t\t\t\t\t\t\t\t\t\t\t\t\t\t<option value=\"11:00\">\n\t\t\t\t\t\t\t\t\t\t\t11:00<\/option>\n\t\t\t\t\t\t\t\t\t\t<option value=\"11:15\">\n\t\t\t\t\t\t\t\t\t\t\t11:15<\/option>\n\t\t\t\t\t\t\t\t\t\t<option value=\"11:30\">\n\t\t\t\t\t\t\t\t\t\t\t11:30<\/option>\n\t\t\t\t\t\t\t\t\t\t<option value=\"11:45\">\n\t\t\t\t\t\t\t\t\t\t\t11:45<\/option>\n\t\t\t\t\t\t\t\t\t\t\t\t\t\t\t\t\t\t\t\t<option value=\"12:00\">\n\t\t\t\t\t\t\t\t\t\t\t12:00<\/option>\n\t\t\t\t\t\t\t\t\t\t<option value=\"12:15\">\n\t\t\t\t\t\t\t\t\t\t\t12:15<\/option>\n\t\t\t\t\t\t\t\t\t\t<option value=\"12:30\">\n\t\t\t\t\t\t\t\t\t\t\t12:30<\/option>\n\t\t\t\t\t\t\t\t\t\t<option value=\"12:45\">\n\t\t\t\t\t\t\t\t\t\t\t12:45<\/option>\n\t\t\t\t\t\t\t\t\t\t\t\t\t\t\t\t\t\t\t\t<option value=\"13:00\">\n\t\t\t\t\t\t\t\t\t\t\t13:00<\/option>\n\t\t\t\t\t\t\t\t\t\t<option value=\"13:15\">\n\t\t\t\t\t\t\t\t\t\t\t13:15<\/option>\n\t\t\t\t\t\t\t\t\t\t<option value=\"13:30\">\n\t\t\t\t\t\t\t\t\t\t\t13:30<\/option>\n\t\t\t\t\t\t\t\t\t\t<option value=\"13:45\">\n\t\t\t\t\t\t\t\t\t\t\t13:45<\/option>\n\t\t\t\t\t\t\t\t\t\t\t\t\t\t\t\t\t\t\t\t<option value=\"14:00\">\n\t\t\t\t\t\t\t\t\t\t\t14:00<\/option>\n\t\t\t\t\t\t\t\t\t\t<option value=\"14:15\">\n\t\t\t\t\t\t\t\t\t\t\t14:15<\/option>\n\t\t\t\t\t\t\t\t\t\t<option value=\"14:30\">\n\t\t\t\t\t\t\t\t\t\t\t14:30<\/option>\n\t\t\t\t\t\t\t\t\t\t<option value=\"14:45\">\n\t\t\t\t\t\t\t\t\t\t\t14:45<\/option>\n\t\t\t\t\t\t\t\t\t\t\t\t\t\t\t\t\t\t\t\t<option value=\"15:00\">\n\t\t\t\t\t\t\t\t\t\t\t15:00<\/option>\n\t\t\t\t\t\t\t\t\t\t<option value=\"15:15\">\n\t\t\t\t\t\t\t\t\t\t\t15:15<\/option>\n\t\t\t\t\t\t\t\t\t\t<option value=\"15:30\">\n\t\t\t\t\t\t\t\t\t\t\t15:30<\/option>\n\t\t\t\t\t\t\t\t\t\t<option value=\"15:45\">\n\t\t\t\t\t\t\t\t\t\t\t15:45<\/option>\n\t\t\t\t\t\t\t\t\t\t\t\t\t\t\t\t\t\t\t\t<option value=\"16:00\">\n\t\t\t\t\t\t\t\t\t\t\t16:00<\/option>\n\t\t\t\t\t\t\t\t\t\t<option value=\"16:15\">\n\t\t\t\t\t\t\t\t\t\t\t16:15<\/option>\n\t\t\t\t\t\t\t\t\t\t<option value=\"16:30\">\n\t\t\t\t\t\t\t\t\t\t\t16:30<\/option>\n\t\t\t\t\t\t\t\t\t\t<option value=\"16:45\">\n\t\t\t\t\t\t\t\t\t\t\t16:45<\/option>\n\t\t\t\t\t\t\t\t\t\t\t\t\t\t\t\t\t\t\t\t<option value=\"17:00\">\n\t\t\t\t\t\t\t\t\t\t\t17:00<\/option>\n\t\t\t\t\t\t\t\t\t\t<option value=\"17:15\">\n\t\t\t\t\t\t\t\t\t\t\t17:15<\/option>\n\t\t\t\t\t\t\t\t\t\t<option value=\"17:30\">\n\t\t\t\t\t\t\t\t\t\t\t17:30<\/option>\n\t\t\t\t\t\t\t\t\t\t<option value=\"17:45\">\n\t\t\t\t\t\t\t\t\t\t\t17:45<\/option>\n\t\t\t\t\t\t\t\t\t\t\t\t\t\t\t\t\t\t\t\t<option value=\"18:00\">\n\t\t\t\t\t\t\t\t\t\t\t18:00<\/option>\n\t\t\t\t\t\t\t\t\t\t<option value=\"18:15\">\n\t\t\t\t\t\t\t\t\t\t\t18:15<\/option>\n\t\t\t\t\t\t\t\t\t\t<option value=\"18:30\">\n\t\t\t\t\t\t\t\t\t\t\t18:30<\/option>\n\t\t\t\t\t\t\t\t\t\t<option value=\"18:45\">\n\t\t\t\t\t\t\t\t\t\t\t18:45<\/option>\n\t\t\t\t\t\t\t\t\t\t\t\t\t\t\t\t\t\t\t\t<option value=\"19:00\">\n\t\t\t\t\t\t\t\t\t\t\t19:00<\/option>\n\t\t\t\t\t\t\t\t\t\t<option value=\"19:15\">\n\t\t\t\t\t\t\t\t\t\t\t19:15<\/option>\n\t\t\t\t\t\t\t\t\t\t<option value=\"19:30\">\n\t\t\t\t\t\t\t\t\t\t\t19:30<\/option>\n\t\t\t\t\t\t\t\t\t\t<option value=\"19:45\">\n\t\t\t\t\t\t\t\t\t\t\t19:45<\/option>\n\t\t\t\t\t\t\t\t\t\t\t\t\t\t\t\t\t\t\t\t<option value=\"20:00\">\n\t\t\t\t\t\t\t\t\t\t\t20:00<\/option>\n\t\t\t\t\t\t\t\t\t\t<option value=\"20:15\">\n\t\t\t\t\t\t\t\t\t\t\t20:15<\/option>\n\t\t\t\t\t\t\t\t\t\t<option value=\"20:30\">\n\t\t\t\t\t\t\t\t\t\t\t20:30<\/option>\n\t\t\t\t\t\t\t\t\t\t<option value=\"20:45\">\n\t\t\t\t\t\t\t\t\t\t\t20:45<\/option>\n\t\t\t\t\t\t\t\t\t\t\t\t\t\t\t\t\t\t\t\t<option value=\"21:00\">\n\t\t\t\t\t\t\t\t\t\t\t21:00<\/option>\n\t\t\t\t\t\t\t\t\t\t<option value=\"21:15\">\n\t\t\t\t\t\t\t\t\t\t\t21:15<\/option>\n\t\t\t\t\t\t\t\t\t\t<option value=\"21:30\">\n\t\t\t\t\t\t\t\t\t\t\t21:30<\/option>\n\t\t\t\t\t\t\t\t\t\t<option value=\"21:45\">\n\t\t\t\t\t\t\t\t\t\t\t21:45<\/option>\n\t\t\t\t\t\t\t\t\t\t\t\t\t\t\t\t\t\t\t\t<option value=\"22:00\">\n\t\t\t\t\t\t\t\t\t\t\t22:00<\/option>\n\t\t\t\t\t\t\t\t\t\t<option value=\"22:15\">\n\t\t\t\t\t\t\t\t\t\t\t22:15<\/option>\n\t\t\t\t\t\t\t\t\t\t<option value=\"22:30\">\n\t\t\t\t\t\t\t\t\t\t\t22:30<\/option>\n\t\t\t\t\t\t\t\t\t\t<option value=\"22:45\">\n\t\t\t\t\t\t\t\t\t\t\t22:45<\/option>\n\t\t\t\t\t\t\t\t\t\t\t\t\t\t\t\t\t\t\t\t<option value=\"23:00\">\n\t\t\t\t\t\t\t\t\t\t\t23:00<\/option>\n\t\t\t\t\t\t\t\t\t\t<option value=\"23:15\">\n\t\t\t\t\t\t\t\t\t\t\t23:15<\/option>\n\t\t\t\t\t\t\t\t\t\t<option value=\"23:30\">\n\t\t\t\t\t\t\t\t\t\t\t23:30<\/option>\n\t\t\t\t\t\t\t\t\t\t<option value=\"23:45\">\n\t\t\t\t\t\t\t\t\t\t\t23:45<\/option>\n\t\t\t\t\t\t\t\t\t\t\t\t\t\t\t\t\t\t\t<\/select>\n\t\t\t\t\t\t\t\t<\/div>\n\t\t\t\t\t\t\t<\/div>\n\t\t\t\t\t\t<\/div>\n\t\t\t\t\t\t<div class=\"col-sm-6\">\n\t\t\t\t\t\t\t<div class=\"form-group\">\n\t\t\t\t\t\t\t\t<div id=\"bookingBox\"><\/div>\n\n\t\t\t\t\t\t\t\t<label for=\"devuelta\"><h4>D\u00e9p\u00f4t<\/h4><\/label>\n\t\t\t\t\t\t\t\t<select name=\"devuelta\" id=\"devuelta\" class=\"custom-select\">\n\t\t\t\t\t\t\t\t\t<option value=\"airport\"  selected>Malaga A\u00e9roport<\/option>\n\t\t\t\t\t\t\t\t\t\t\t\t\t\t\t\t<\/select>\n\n\t\t\t\t\t\t\t\t<div class=\"form-inline my-2\">\n\t\t\t\t\t\t\t\t\t<input id=\"dDate\" class=\"form-control\" value=\"14\/09\/2026\" name=\"dDate\" readonly>\n\t\t\t\t\t\t\t\t\t<select class=\"custom-select\" id=\"dhorasminutos\" name=\"dhorasminutos\" oninvalid=\"setCustomValidity('Faites-nous savoir votre heure de retour')\" onchange=\"setCustomValidity('')\">\n\t\t\t\t\t\t\t\t\t\t<option value=\"-\" selected>--:--<\/option>\n\t\t\t\t\t\t\t\t\t\t\t\t\t\t\t\t\t\t\t\t<option value=\"00:00\">\n\t\t\t\t\t\t\t\t\t\t\t00:00<\/option>\n\t\t\t\t\t\t\t\t\t\t<option value=\"00:15\">\n\t\t\t\t\t\t\t\t\t\t\t00:15<\/option>\n\t\t\t\t\t\t\t\t\t\t<option value=\"00:30\">\n\t\t\t\t\t\t\t\t\t\t\t00:30<\/option>\n\t\t\t\t\t\t\t\t\t\t<option value=\"00:45\">\n\t\t\t\t\t\t\t\t\t\t\t00:45<\/option>\n\t\t\t\t\t\t\t\t\t\t\t\t\t\t\t\t\t\t\t\t<option value=\"01:00\">\n\t\t\t\t\t\t\t\t\t\t\t01:00<\/option>\n\t\t\t\t\t\t\t\t\t\t<option value=\"01:15\">\n\t\t\t\t\t\t\t\t\t\t\t01:15<\/option>\n\t\t\t\t\t\t\t\t\t\t<option value=\"01:30\">\n\t\t\t\t\t\t\t\t\t\t\t01:30<\/option>\n\t\t\t\t\t\t\t\t\t\t<option value=\"01:45\">\n\t\t\t\t\t\t\t\t\t\t\t01:45<\/option>\n\t\t\t\t\t\t\t\t\t\t\t\t\t\t\t\t\t\t\t\t<option value=\"02:00\">\n\t\t\t\t\t\t\t\t\t\t\t02:00<\/option>\n\t\t\t\t\t\t\t\t\t\t<option value=\"02:15\">\n\t\t\t\t\t\t\t\t\t\t\t02:15<\/option>\n\t\t\t\t\t\t\t\t\t\t<option value=\"02:30\">\n\t\t\t\t\t\t\t\t\t\t\t02:30<\/option>\n\t\t\t\t\t\t\t\t\t\t<option value=\"02:45\">\n\t\t\t\t\t\t\t\t\t\t\t02:45<\/option>\n\t\t\t\t\t\t\t\t\t\t\t\t\t\t\t\t\t\t\t\t<option value=\"03:00\">\n\t\t\t\t\t\t\t\t\t\t\t03:00<\/option>\n\t\t\t\t\t\t\t\t\t\t<option value=\"03:15\">\n\t\t\t\t\t\t\t\t\t\t\t03:15<\/option>\n\t\t\t\t\t\t\t\t\t\t<option value=\"03:30\">\n\t\t\t\t\t\t\t\t\t\t\t03:30<\/option>\n\t\t\t\t\t\t\t\t\t\t<option value=\"03:45\">\n\t\t\t\t\t\t\t\t\t\t\t03:45<\/option>\n\t\t\t\t\t\t\t\t\t\t\t\t\t\t\t\t\t\t\t\t<option value=\"04:00\">\n\t\t\t\t\t\t\t\t\t\t\t04:00<\/option>\n\t\t\t\t\t\t\t\t\t\t<option value=\"04:15\">\n\t\t\t\t\t\t\t\t\t\t\t04:15<\/option>\n\t\t\t\t\t\t\t\t\t\t<option value=\"04:30\">\n\t\t\t\t\t\t\t\t\t\t\t04:30<\/option>\n\t\t\t\t\t\t\t\t\t\t<option value=\"04:45\">\n\t\t\t\t\t\t\t\t\t\t\t04:45<\/option>\n\t\t\t\t\t\t\t\t\t\t\t\t\t\t\t\t\t\t\t\t<option value=\"05:00\">\n\t\t\t\t\t\t\t\t\t\t\t05:00<\/option>\n\t\t\t\t\t\t\t\t\t\t<option value=\"05:15\">\n\t\t\t\t\t\t\t\t\t\t\t05:15<\/option>\n\t\t\t\t\t\t\t\t\t\t<option value=\"05:30\">\n\t\t\t\t\t\t\t\t\t\t\t05:30<\/option>\n\t\t\t\t\t\t\t\t\t\t<option value=\"05:45\">\n\t\t\t\t\t\t\t\t\t\t\t05:45<\/option>\n\t\t\t\t\t\t\t\t\t\t\t\t\t\t\t\t\t\t\t\t<option value=\"06:00\">\n\t\t\t\t\t\t\t\t\t\t\t06:00<\/option>\n\t\t\t\t\t\t\t\t\t\t<option value=\"06:15\">\n\t\t\t\t\t\t\t\t\t\t\t06:15<\/option>\n\t\t\t\t\t\t\t\t\t\t<option value=\"06:30\">\n\t\t\t\t\t\t\t\t\t\t\t06:30<\/option>\n\t\t\t\t\t\t\t\t\t\t<option value=\"06:45\">\n\t\t\t\t\t\t\t\t\t\t\t06:45<\/option>\n\t\t\t\t\t\t\t\t\t\t\t\t\t\t\t\t\t\t\t\t<option value=\"07:00\">\n\t\t\t\t\t\t\t\t\t\t\t07:00<\/option>\n\t\t\t\t\t\t\t\t\t\t<option value=\"07:15\">\n\t\t\t\t\t\t\t\t\t\t\t07:15<\/option>\n\t\t\t\t\t\t\t\t\t\t<option value=\"07:30\">\n\t\t\t\t\t\t\t\t\t\t\t07:30<\/option>\n\t\t\t\t\t\t\t\t\t\t<option value=\"07:45\">\n\t\t\t\t\t\t\t\t\t\t\t07:45<\/option>\n\t\t\t\t\t\t\t\t\t\t\t\t\t\t\t\t\t\t\t\t<option value=\"08:00\">\n\t\t\t\t\t\t\t\t\t\t\t08:00<\/option>\n\t\t\t\t\t\t\t\t\t\t<option value=\"08:15\">\n\t\t\t\t\t\t\t\t\t\t\t08:15<\/option>\n\t\t\t\t\t\t\t\t\t\t<option value=\"08:30\">\n\t\t\t\t\t\t\t\t\t\t\t08:30<\/option>\n\t\t\t\t\t\t\t\t\t\t<option value=\"08:45\">\n\t\t\t\t\t\t\t\t\t\t\t08:45<\/option>\n\t\t\t\t\t\t\t\t\t\t\t\t\t\t\t\t\t\t\t\t<option value=\"09:00\">\n\t\t\t\t\t\t\t\t\t\t\t09:00<\/option>\n\t\t\t\t\t\t\t\t\t\t<option value=\"09:15\">\n\t\t\t\t\t\t\t\t\t\t\t09:15<\/option>\n\t\t\t\t\t\t\t\t\t\t<option value=\"09:30\">\n\t\t\t\t\t\t\t\t\t\t\t09:30<\/option>\n\t\t\t\t\t\t\t\t\t\t<option value=\"09:45\">\n\t\t\t\t\t\t\t\t\t\t\t09:45<\/option>\n\t\t\t\t\t\t\t\t\t\t\t\t\t\t\t\t\t\t\t\t<option value=\"10:00\">\n\t\t\t\t\t\t\t\t\t\t\t10:00<\/option>\n\t\t\t\t\t\t\t\t\t\t<option value=\"10:15\">\n\t\t\t\t\t\t\t\t\t\t\t10:15<\/option>\n\t\t\t\t\t\t\t\t\t\t<option value=\"10:30\">\n\t\t\t\t\t\t\t\t\t\t\t10:30<\/option>\n\t\t\t\t\t\t\t\t\t\t<option value=\"10:45\">\n\t\t\t\t\t\t\t\t\t\t\t10:45<\/option>\n\t\t\t\t\t\t\t\t\t\t\t\t\t\t\t\t\t\t\t\t<option value=\"11:00\">\n\t\t\t\t\t\t\t\t\t\t\t11:00<\/option>\n\t\t\t\t\t\t\t\t\t\t<option value=\"11:15\">\n\t\t\t\t\t\t\t\t\t\t\t11:15<\/option>\n\t\t\t\t\t\t\t\t\t\t<option value=\"11:30\">\n\t\t\t\t\t\t\t\t\t\t\t11:30<\/option>\n\t\t\t\t\t\t\t\t\t\t<option value=\"11:45\">\n\t\t\t\t\t\t\t\t\t\t\t11:45<\/option>\n\t\t\t\t\t\t\t\t\t\t\t\t\t\t\t\t\t\t\t\t<option value=\"12:00\">\n\t\t\t\t\t\t\t\t\t\t\t12:00<\/option>\n\t\t\t\t\t\t\t\t\t\t<option value=\"12:15\">\n\t\t\t\t\t\t\t\t\t\t\t12:15<\/option>\n\t\t\t\t\t\t\t\t\t\t<option value=\"12:30\">\n\t\t\t\t\t\t\t\t\t\t\t12:30<\/option>\n\t\t\t\t\t\t\t\t\t\t<option value=\"12:45\">\n\t\t\t\t\t\t\t\t\t\t\t12:45<\/option>\n\t\t\t\t\t\t\t\t\t\t\t\t\t\t\t\t\t\t\t\t<option value=\"13:00\">\n\t\t\t\t\t\t\t\t\t\t\t13:00<\/option>\n\t\t\t\t\t\t\t\t\t\t<option value=\"13:15\">\n\t\t\t\t\t\t\t\t\t\t\t13:15<\/option>\n\t\t\t\t\t\t\t\t\t\t<option value=\"13:30\">\n\t\t\t\t\t\t\t\t\t\t\t13:30<\/option>\n\t\t\t\t\t\t\t\t\t\t<option value=\"13:45\">\n\t\t\t\t\t\t\t\t\t\t\t13:45<\/option>\n\t\t\t\t\t\t\t\t\t\t\t\t\t\t\t\t\t\t\t\t<option value=\"14:00\">\n\t\t\t\t\t\t\t\t\t\t\t14:00<\/option>\n\t\t\t\t\t\t\t\t\t\t<option value=\"14:15\">\n\t\t\t\t\t\t\t\t\t\t\t14:15<\/option>\n\t\t\t\t\t\t\t\t\t\t<option value=\"14:30\">\n\t\t\t\t\t\t\t\t\t\t\t14:30<\/option>\n\t\t\t\t\t\t\t\t\t\t<option value=\"14:45\">\n\t\t\t\t\t\t\t\t\t\t\t14:45<\/option>\n\t\t\t\t\t\t\t\t\t\t\t\t\t\t\t\t\t\t\t\t<option value=\"15:00\">\n\t\t\t\t\t\t\t\t\t\t\t15:00<\/option>\n\t\t\t\t\t\t\t\t\t\t<option value=\"15:15\">\n\t\t\t\t\t\t\t\t\t\t\t15:15<\/option>\n\t\t\t\t\t\t\t\t\t\t<option value=\"15:30\">\n\t\t\t\t\t\t\t\t\t\t\t15:30<\/option>\n\t\t\t\t\t\t\t\t\t\t<option value=\"15:45\">\n\t\t\t\t\t\t\t\t\t\t\t15:45<\/option>\n\t\t\t\t\t\t\t\t\t\t\t\t\t\t\t\t\t\t\t\t<option value=\"16:00\">\n\t\t\t\t\t\t\t\t\t\t\t16:00<\/option>\n\t\t\t\t\t\t\t\t\t\t<option value=\"16:15\">\n\t\t\t\t\t\t\t\t\t\t\t16:15<\/option>\n\t\t\t\t\t\t\t\t\t\t<option value=\"16:30\">\n\t\t\t\t\t\t\t\t\t\t\t16:30<\/option>\n\t\t\t\t\t\t\t\t\t\t<option value=\"16:45\">\n\t\t\t\t\t\t\t\t\t\t\t16:45<\/option>\n\t\t\t\t\t\t\t\t\t\t\t\t\t\t\t\t\t\t\t\t<option value=\"17:00\">\n\t\t\t\t\t\t\t\t\t\t\t17:00<\/option>\n\t\t\t\t\t\t\t\t\t\t<option value=\"17:15\">\n\t\t\t\t\t\t\t\t\t\t\t17:15<\/option>\n\t\t\t\t\t\t\t\t\t\t<option value=\"17:30\">\n\t\t\t\t\t\t\t\t\t\t\t17:30<\/option>\n\t\t\t\t\t\t\t\t\t\t<option value=\"17:45\">\n\t\t\t\t\t\t\t\t\t\t\t17:45<\/option>\n\t\t\t\t\t\t\t\t\t\t\t\t\t\t\t\t\t\t\t\t<option value=\"18:00\">\n\t\t\t\t\t\t\t\t\t\t\t18:00<\/option>\n\t\t\t\t\t\t\t\t\t\t<option value=\"18:15\">\n\t\t\t\t\t\t\t\t\t\t\t18:15<\/option>\n\t\t\t\t\t\t\t\t\t\t<option value=\"18:30\">\n\t\t\t\t\t\t\t\t\t\t\t18:30<\/option>\n\t\t\t\t\t\t\t\t\t\t<option value=\"18:45\">\n\t\t\t\t\t\t\t\t\t\t\t18:45<\/option>\n\t\t\t\t\t\t\t\t\t\t\t\t\t\t\t\t\t\t\t\t<option value=\"19:00\">\n\t\t\t\t\t\t\t\t\t\t\t19:00<\/option>\n\t\t\t\t\t\t\t\t\t\t<option value=\"19:15\">\n\t\t\t\t\t\t\t\t\t\t\t19:15<\/option>\n\t\t\t\t\t\t\t\t\t\t<option value=\"19:30\">\n\t\t\t\t\t\t\t\t\t\t\t19:30<\/option>\n\t\t\t\t\t\t\t\t\t\t<option value=\"19:45\">\n\t\t\t\t\t\t\t\t\t\t\t19:45<\/option>\n\t\t\t\t\t\t\t\t\t\t\t\t\t\t\t\t\t\t\t\t<option value=\"20:00\">\n\t\t\t\t\t\t\t\t\t\t\t20:00<\/option>\n\t\t\t\t\t\t\t\t\t\t<option value=\"20:15\">\n\t\t\t\t\t\t\t\t\t\t\t20:15<\/option>\n\t\t\t\t\t\t\t\t\t\t<option value=\"20:30\">\n\t\t\t\t\t\t\t\t\t\t\t20:30<\/option>\n\t\t\t\t\t\t\t\t\t\t<option value=\"20:45\">\n\t\t\t\t\t\t\t\t\t\t\t20:45<\/option>\n\t\t\t\t\t\t\t\t\t\t\t\t\t\t\t\t\t\t\t\t<option value=\"21:00\">\n\t\t\t\t\t\t\t\t\t\t\t21:00<\/option>\n\t\t\t\t\t\t\t\t\t\t<option value=\"21:15\">\n\t\t\t\t\t\t\t\t\t\t\t21:15<\/option>\n\t\t\t\t\t\t\t\t\t\t<option value=\"21:30\">\n\t\t\t\t\t\t\t\t\t\t\t21:30<\/option>\n\t\t\t\t\t\t\t\t\t\t<option value=\"21:45\">\n\t\t\t\t\t\t\t\t\t\t\t21:45<\/option>\n\t\t\t\t\t\t\t\t\t\t\t\t\t\t\t\t\t\t\t\t<option value=\"22:00\">\n\t\t\t\t\t\t\t\t\t\t\t22:00<\/option>\n\t\t\t\t\t\t\t\t\t\t<option value=\"22:15\">\n\t\t\t\t\t\t\t\t\t\t\t22:15<\/option>\n\t\t\t\t\t\t\t\t\t\t<option value=\"22:30\">\n\t\t\t\t\t\t\t\t\t\t\t22:30<\/option>\n\t\t\t\t\t\t\t\t\t\t<option value=\"22:45\">\n\t\t\t\t\t\t\t\t\t\t\t22:45<\/option>\n\t\t\t\t\t\t\t\t\t\t\t\t\t\t\t\t\t\t\t\t<option value=\"23:00\">\n\t\t\t\t\t\t\t\t\t\t\t23:00<\/option>\n\t\t\t\t\t\t\t\t\t\t<option value=\"23:15\">\n\t\t\t\t\t\t\t\t\t\t\t23:15<\/option>\n\t\t\t\t\t\t\t\t\t\t<option value=\"23:30\">\n\t\t\t\t\t\t\t\t\t\t\t23:30<\/option>\n\t\t\t\t\t\t\t\t\t\t<option value=\"23:45\">\n\t\t\t\t\t\t\t\t\t\t\t23:45<\/option>\n\t\t\t\t\t\t\t\t\t\t\t\t\t\t\t\t\t\t\t<\/select>\n\t\t\t\t\t\t\t\t<\/div>\n\t\t\t\t\t\t\t<\/div>\n\t\t\t\t\t\t<\/div>\n\n\t\t\t\t\t<\/div>\n\t\t\t\t\n\n\t\t\t\t\t\t<div class=\"row\">\n                               <div class=\"col-sm-6\">\n\t\t\t\t\t\t\t\t<div class=\"form-group promo-code\">\n\t\t\t\t\t\t\t\t\t\t\t\t\t\t\t\t\t<label for=\"tipogrupo\" class=\"w-50 text-right pr-3 pt-1\">Group<\/label>\n\t\t\t\t\t\t\t\t\t<select name=\"tipogrupo\" id=\"tipogrupo\" class=\"form-control w-50\">\n\t\t\t\t\t\t\t\t\t<option value=\"0\">Voir tous<\/option>\n\t\t\t                        <option value=\"1\">Standard<\/option> \n\t\t\t\t\t\t\t\t\t<option value=\"2\">Automatique<\/option>  \n\t\t\t\t\t\t\t\t\t<option value=\"4\">Transporteurs<\/option>  \n\t\t\t\t\t\t\t\t\t<option value=\"5\">Cabriolet et Sport<\/option>  \n\t\t\t\t\t\t\t\t\t<option value=\"6\">Prestige<\/option>  \n\t\t\t\t\t\t\t\t\t<option value=\"8\">SUV<\/option>  \n\t\t\t\t\t\t\t\t\t<option value=\"10\">Camping car et Autocaravane<\/option>  \t\t\t\t\t\t\t\n\t\t\t\t\t\t\t\t<\/select>\t\n\t\t\t\t\t\t\t\t\t\n\t\t\t\t\t\t\t<\/div>\n\t\t\t\t\t\t\t<\/div>\n\t\t\t\t\t\t<div class=\"col-sm-6 align-self-end\">\n\t\t\t\t\t\t\t<div class=\"form-group\">\n\t\t\t\t\t\t\t\t<input type=\"submit\" class=\"btn-quote\" value=\"Voir les prix\" onclick=\"return msgAlert()\">\n\t\t\t\t\t\t\t<\/div>\n\t\t\t\t\t\t<\/div>\n\t\t\t\t\t<\/div>\n\t\t\t\t<\/form>\n\t\t\t\t<div class=\"row hide-mini-tablet advantages\">\n\t\t\t\t\t\t<div class=\"col-12\">\n\t\t\t\t\t\t\t<h4 class=\"text-center text-white\">TARIFS IMBATTABLES<\/h4>\n\t\t\t\t\t\t\t<ul>\n\t\t\t\t\t\t\t\t<li><strong>Grande flotte<\/strong> de voitures neuves.<\/li>\n\t\t\t\t\t\t\t\t<li><strong>Payez \u00e0 l'arriv\u00e9e<\/strong>.<\/li>\n\t\t\t\t\t\t\t\t<li>Ce que vous voyez est ce que vous payez.<\/li>\n\t\t\t\t\t\t\t\t<li><strong>Pas difficile \u00e0 vendre au bureau<\/strong>.<\/li>\n\t\t\t\t\t\t\t\t<li>Service de livraison VIP gratuit.<\/li>\n\t\t\t\t\t\t\t\t<li><strong class='redpassion-alt'>PAS DE FRAIS SUPPL\u00c9MENTAIRES<\/strong>, pour le service de ravitaillement.<\/li>\n\t\t\t\t\t\t\t<\/ul>\n\t\t\t\t\t\t<\/div>\n\t\t\t\t\t<\/div>\n\t\t\t\t<\/div>\n\t\t\t<br clear=\"all\">\n<\/p>\n","protected":false},"excerpt":{"rendered":"<p>\u00c0 seulement 2 km de l&rsquo;a\u00e9roport de Malaga se trouve le centre commercial Plaza Mayor, un grand complexe commercial et de restauration au design unique recr\u00e9ant un village andalou typique en plein air avec des maisons, des places et des rues magnifiquement d\u00e9cor\u00e9es.<\/p>\n","protected":false},"author":1,"featured_media":286,"comment_status":"open","ping_status":"open","sticky":false,"template":"","format":"standard","meta":{"footnotes":""},"categories":[34],"tags":[35,36,4],"class_list":["post-278","post","type-post","status-publish","format-standard","has-post-thumbnail","hentry","category-aeroport-de-malaga","tag-aeroport","tag-centre-commercial","tag-malaga"],"yoast_head":"<!-- This site is optimized with the Yoast SEO plugin v28.4 - https:\/\/yoast.com\/product\/yoast-seo-wordpress\/ -->\n<title>Plaza Mayor - Centre commercial pr\u00e8s de l&#039;a\u00e9roport de Malaga<\/title>\n<meta name=\"description\" content=\"D\u00e9couvrez ce magnifique centre commercial en plein air \u00e0 l&#039;esth\u00e9tique andalouse, \u00e0 seulement 2 km de l&#039;a\u00e9roport de Malaga.\" \/>\n<meta name=\"robots\" content=\"index, follow, max-snippet:-1, max-image-preview:large, max-video-preview:-1\" \/>\n<link rel=\"canonical\" href=\"https:\/\/www.malagacar.com\/fr\/blog\/aeroport-de-malaga\/centre-commercial-malaga-aeroport\/\" \/>\n<meta property=\"og:locale\" content=\"fr_FR\" \/>\n<meta property=\"og:type\" content=\"article\" \/>\n<meta property=\"og:title\" content=\"Plaza Mayor - Centre commercial pr\u00e8s de l&#039;a\u00e9roport de Malaga\" \/>\n<meta property=\"og:description\" content=\"D\u00e9couvrez ce magnifique centre commercial en plein air \u00e0 l&#039;esth\u00e9tique andalouse, \u00e0 seulement 2 km de l&#039;a\u00e9roport de Malaga.\" \/>\n<meta property=\"og:url\" content=\"https:\/\/www.malagacar.com\/fr\/blog\/aeroport-de-malaga\/centre-commercial-malaga-aeroport\/\" \/>\n<meta property=\"og:site_name\" content=\"Blog de MalagaCar.com\" \/>\n<meta property=\"article:publisher\" content=\"https:\/\/www.facebook.com\/malagacar\" \/>\n<meta property=\"article:published_time\" content=\"2023-01-10T09:10:52+00:00\" \/>\n<meta property=\"article:modified_time\" content=\"2024-11-15T11:09:46+00:00\" \/>\n<meta property=\"og:image\" content=\"https:\/\/www.malagacar.com\/fr\/blog\/wp-content\/uploads\/2022\/04\/plaza-mayor-enjpg-768x576-1.jpg\" \/>\n\t<meta property=\"og:image:width\" content=\"768\" \/>\n\t<meta property=\"og:image:height\" content=\"576\" \/>\n\t<meta property=\"og:image:type\" content=\"image\/jpeg\" \/>\n<meta name=\"author\" content=\"MalagaCar.com\" \/>\n<meta name=\"twitter:card\" content=\"summary_large_image\" \/>\n<meta name=\"twitter:creator\" content=\"@malagacarcom\" \/>\n<meta name=\"twitter:site\" content=\"@malagacarcom\" \/>\n<meta name=\"twitter:label1\" content=\"\u00c9crit par\" \/>\n\t<meta name=\"twitter:data1\" content=\"MalagaCar.com\" \/>\n\t<meta name=\"twitter:label2\" content=\"Dur\u00e9e de lecture estim\u00e9e\" \/>\n\t<meta name=\"twitter:data2\" content=\"6 minutes\" \/>\n<script type=\"application\/ld+json\" class=\"yoast-schema-graph\">{\"@context\":\"https:\\\/\\\/schema.org\",\"@graph\":[{\"@type\":\"Article\",\"@id\":\"https:\\\/\\\/www.malagacar.com\\\/fr\\\/blog\\\/aeroport-de-malaga\\\/centre-commercial-malaga-aeroport\\\/#article\",\"isPartOf\":{\"@id\":\"https:\\\/\\\/www.malagacar.com\\\/fr\\\/blog\\\/aeroport-de-malaga\\\/centre-commercial-malaga-aeroport\\\/\"},\"author\":{\"name\":\"MalagaCar.com\",\"@id\":\"https:\\\/\\\/www.malagacar.com\\\/fr\\\/blog\\\/#\\\/schema\\\/person\\\/ffb97005d02bcc7d0bb59f5409635691\"},\"headline\":\"Plaza Mayor &#8211; Centre commercial pr\u00e8s de l&rsquo;a\u00e9roport de Malaga\",\"datePublished\":\"2023-01-10T09:10:52+00:00\",\"dateModified\":\"2024-11-15T11:09:46+00:00\",\"mainEntityOfPage\":{\"@id\":\"https:\\\/\\\/www.malagacar.com\\\/fr\\\/blog\\\/aeroport-de-malaga\\\/centre-commercial-malaga-aeroport\\\/\"},\"wordCount\":898,\"commentCount\":0,\"publisher\":{\"@id\":\"https:\\\/\\\/www.malagacar.com\\\/fr\\\/blog\\\/#organization\"},\"image\":{\"@id\":\"https:\\\/\\\/www.malagacar.com\\\/fr\\\/blog\\\/aeroport-de-malaga\\\/centre-commercial-malaga-aeroport\\\/#primaryimage\"},\"thumbnailUrl\":\"https:\\\/\\\/www.malagacar.com\\\/fr\\\/blog\\\/wp-content\\\/uploads\\\/2022\\\/04\\\/plaza-mayor-enjpg-768x576-1.jpg\",\"keywords\":[\"a\u00e9roport\",\"centre commercial\",\"malaga\"],\"articleSection\":[\"A\u00e9roport de Malaga\"],\"inLanguage\":\"fr-FR\",\"potentialAction\":[{\"@type\":\"CommentAction\",\"name\":\"Comment\",\"target\":[\"https:\\\/\\\/www.malagacar.com\\\/fr\\\/blog\\\/aeroport-de-malaga\\\/centre-commercial-malaga-aeroport\\\/#respond\"]}]},{\"@type\":\"WebPage\",\"@id\":\"https:\\\/\\\/www.malagacar.com\\\/fr\\\/blog\\\/aeroport-de-malaga\\\/centre-commercial-malaga-aeroport\\\/\",\"url\":\"https:\\\/\\\/www.malagacar.com\\\/fr\\\/blog\\\/aeroport-de-malaga\\\/centre-commercial-malaga-aeroport\\\/\",\"name\":\"Plaza Mayor - Centre commercial pr\u00e8s de l'a\u00e9roport de Malaga\",\"isPartOf\":{\"@id\":\"https:\\\/\\\/www.malagacar.com\\\/fr\\\/blog\\\/#website\"},\"primaryImageOfPage\":{\"@id\":\"https:\\\/\\\/www.malagacar.com\\\/fr\\\/blog\\\/aeroport-de-malaga\\\/centre-commercial-malaga-aeroport\\\/#primaryimage\"},\"image\":{\"@id\":\"https:\\\/\\\/www.malagacar.com\\\/fr\\\/blog\\\/aeroport-de-malaga\\\/centre-commercial-malaga-aeroport\\\/#primaryimage\"},\"thumbnailUrl\":\"https:\\\/\\\/www.malagacar.com\\\/fr\\\/blog\\\/wp-content\\\/uploads\\\/2022\\\/04\\\/plaza-mayor-enjpg-768x576-1.jpg\",\"datePublished\":\"2023-01-10T09:10:52+00:00\",\"dateModified\":\"2024-11-15T11:09:46+00:00\",\"description\":\"D\u00e9couvrez ce magnifique centre commercial en plein air \u00e0 l'esth\u00e9tique andalouse, \u00e0 seulement 2 km de l'a\u00e9roport de Malaga.\",\"breadcrumb\":{\"@id\":\"https:\\\/\\\/www.malagacar.com\\\/fr\\\/blog\\\/aeroport-de-malaga\\\/centre-commercial-malaga-aeroport\\\/#breadcrumb\"},\"inLanguage\":\"fr-FR\",\"potentialAction\":[{\"@type\":\"ReadAction\",\"target\":[\"https:\\\/\\\/www.malagacar.com\\\/fr\\\/blog\\\/aeroport-de-malaga\\\/centre-commercial-malaga-aeroport\\\/\"]}]},{\"@type\":\"ImageObject\",\"inLanguage\":\"fr-FR\",\"@id\":\"https:\\\/\\\/www.malagacar.com\\\/fr\\\/blog\\\/aeroport-de-malaga\\\/centre-commercial-malaga-aeroport\\\/#primaryimage\",\"url\":\"https:\\\/\\\/www.malagacar.com\\\/fr\\\/blog\\\/wp-content\\\/uploads\\\/2022\\\/04\\\/plaza-mayor-enjpg-768x576-1.jpg\",\"contentUrl\":\"https:\\\/\\\/www.malagacar.com\\\/fr\\\/blog\\\/wp-content\\\/uploads\\\/2022\\\/04\\\/plaza-mayor-enjpg-768x576-1.jpg\",\"width\":768,\"height\":576,\"caption\":\"Plaza Mayor\"},{\"@type\":\"BreadcrumbList\",\"@id\":\"https:\\\/\\\/www.malagacar.com\\\/fr\\\/blog\\\/aeroport-de-malaga\\\/centre-commercial-malaga-aeroport\\\/#breadcrumb\",\"itemListElement\":[{\"@type\":\"ListItem\",\"position\":1,\"name\":\"Accueil\",\"item\":\"https:\\\/\\\/www.malagacar.com\\\/fr\\\/blog\\\/\"},{\"@type\":\"ListItem\",\"position\":2,\"name\":\"Plaza Mayor &#8211; Centre commercial pr\u00e8s de l&#8217;a\u00e9roport de Malaga\"}]},{\"@type\":\"WebSite\",\"@id\":\"https:\\\/\\\/www.malagacar.com\\\/fr\\\/blog\\\/#website\",\"url\":\"https:\\\/\\\/www.malagacar.com\\\/fr\\\/blog\\\/\",\"name\":\"Blog de MalagaCar.com\",\"description\":\"Nouvelles et informations int\u00e9ressantes sur la location de voitures \u00e0 l&#039;a\u00e9roport de Malaga.\",\"publisher\":{\"@id\":\"https:\\\/\\\/www.malagacar.com\\\/fr\\\/blog\\\/#organization\"},\"potentialAction\":[{\"@type\":\"SearchAction\",\"target\":{\"@type\":\"EntryPoint\",\"urlTemplate\":\"https:\\\/\\\/www.malagacar.com\\\/fr\\\/blog\\\/?s={search_term_string}\"},\"query-input\":{\"@type\":\"PropertyValueSpecification\",\"valueRequired\":true,\"valueName\":\"search_term_string\"}}],\"inLanguage\":\"fr-FR\"},{\"@type\":\"Organization\",\"@id\":\"https:\\\/\\\/www.malagacar.com\\\/fr\\\/blog\\\/#organization\",\"name\":\"MalagaCar.com\",\"url\":\"https:\\\/\\\/www.malagacar.com\\\/fr\\\/blog\\\/\",\"logo\":{\"@type\":\"ImageObject\",\"inLanguage\":\"fr-FR\",\"@id\":\"https:\\\/\\\/www.malagacar.com\\\/fr\\\/blog\\\/#\\\/schema\\\/logo\\\/image\\\/\",\"url\":\"https:\\\/\\\/www.malagacar.com\\\/fr\\\/blog\\\/wp-content\\\/uploads\\\/2021\\\/06\\\/logo-malagacar-social.png\",\"contentUrl\":\"https:\\\/\\\/www.malagacar.com\\\/fr\\\/blog\\\/wp-content\\\/uploads\\\/2021\\\/06\\\/logo-malagacar-social.png\",\"width\":900,\"height\":900,\"caption\":\"MalagaCar.com\"},\"image\":{\"@id\":\"https:\\\/\\\/www.malagacar.com\\\/fr\\\/blog\\\/#\\\/schema\\\/logo\\\/image\\\/\"},\"sameAs\":[\"https:\\\/\\\/www.facebook.com\\\/malagacar\",\"https:\\\/\\\/x.com\\\/malagacarcom\",\"https:\\\/\\\/www.instagram.com\\\/malagacar\\\/\",\"https:\\\/\\\/www.linkedin.com\\\/company\\\/malagacar.com\",\"https:\\\/\\\/www.youtube.com\\\/c\\\/MalagacarAirport\"]},{\"@type\":\"Person\",\"@id\":\"https:\\\/\\\/www.malagacar.com\\\/fr\\\/blog\\\/#\\\/schema\\\/person\\\/ffb97005d02bcc7d0bb59f5409635691\",\"name\":\"MalagaCar.com\",\"image\":{\"@type\":\"ImageObject\",\"inLanguage\":\"fr-FR\",\"@id\":\"https:\\\/\\\/secure.gravatar.com\\\/avatar\\\/296ebc31026e7be05868369e4c596b3239b1582b2fcf8a45de57333e2e82bb82?s=96&d=mm&r=g\",\"url\":\"https:\\\/\\\/secure.gravatar.com\\\/avatar\\\/296ebc31026e7be05868369e4c596b3239b1582b2fcf8a45de57333e2e82bb82?s=96&d=mm&r=g\",\"contentUrl\":\"https:\\\/\\\/secure.gravatar.com\\\/avatar\\\/296ebc31026e7be05868369e4c596b3239b1582b2fcf8a45de57333e2e82bb82?s=96&d=mm&r=g\",\"caption\":\"MalagaCar.com\"},\"sameAs\":[\"https:\\\/\\\/www.malagacar.com\\\/fr\\\/blog\"]}]}<\/script>\n<!-- \/ Yoast SEO plugin. -->","yoast_head_json":{"title":"Plaza Mayor - Centre commercial pr\u00e8s de l'a\u00e9roport de Malaga","description":"D\u00e9couvrez ce magnifique centre commercial en plein air \u00e0 l'esth\u00e9tique andalouse, \u00e0 seulement 2 km de l'a\u00e9roport de Malaga.","robots":{"index":"index","follow":"follow","max-snippet":"max-snippet:-1","max-image-preview":"max-image-preview:large","max-video-preview":"max-video-preview:-1"},"canonical":"https:\/\/www.malagacar.com\/fr\/blog\/aeroport-de-malaga\/centre-commercial-malaga-aeroport\/","og_locale":"fr_FR","og_type":"article","og_title":"Plaza Mayor - Centre commercial pr\u00e8s de l'a\u00e9roport de Malaga","og_description":"D\u00e9couvrez ce magnifique centre commercial en plein air \u00e0 l'esth\u00e9tique andalouse, \u00e0 seulement 2 km de l'a\u00e9roport de Malaga.","og_url":"https:\/\/www.malagacar.com\/fr\/blog\/aeroport-de-malaga\/centre-commercial-malaga-aeroport\/","og_site_name":"Blog de MalagaCar.com","article_publisher":"https:\/\/www.facebook.com\/malagacar","article_published_time":"2023-01-10T09:10:52+00:00","article_modified_time":"2024-11-15T11:09:46+00:00","og_image":[{"width":768,"height":576,"url":"https:\/\/www.malagacar.com\/fr\/blog\/wp-content\/uploads\/2022\/04\/plaza-mayor-enjpg-768x576-1.jpg","type":"image\/jpeg"}],"author":"MalagaCar.com","twitter_card":"summary_large_image","twitter_creator":"@malagacarcom","twitter_site":"@malagacarcom","twitter_misc":{"\u00c9crit par":"MalagaCar.com","Dur\u00e9e de lecture estim\u00e9e":"6 minutes"},"schema":{"@context":"https:\/\/schema.org","@graph":[{"@type":"Article","@id":"https:\/\/www.malagacar.com\/fr\/blog\/aeroport-de-malaga\/centre-commercial-malaga-aeroport\/#article","isPartOf":{"@id":"https:\/\/www.malagacar.com\/fr\/blog\/aeroport-de-malaga\/centre-commercial-malaga-aeroport\/"},"author":{"name":"MalagaCar.com","@id":"https:\/\/www.malagacar.com\/fr\/blog\/#\/schema\/person\/ffb97005d02bcc7d0bb59f5409635691"},"headline":"Plaza Mayor &#8211; Centre commercial pr\u00e8s de l&rsquo;a\u00e9roport de Malaga","datePublished":"2023-01-10T09:10:52+00:00","dateModified":"2024-11-15T11:09:46+00:00","mainEntityOfPage":{"@id":"https:\/\/www.malagacar.com\/fr\/blog\/aeroport-de-malaga\/centre-commercial-malaga-aeroport\/"},"wordCount":898,"commentCount":0,"publisher":{"@id":"https:\/\/www.malagacar.com\/fr\/blog\/#organization"},"image":{"@id":"https:\/\/www.malagacar.com\/fr\/blog\/aeroport-de-malaga\/centre-commercial-malaga-aeroport\/#primaryimage"},"thumbnailUrl":"https:\/\/www.malagacar.com\/fr\/blog\/wp-content\/uploads\/2022\/04\/plaza-mayor-enjpg-768x576-1.jpg","keywords":["a\u00e9roport","centre commercial","malaga"],"articleSection":["A\u00e9roport de Malaga"],"inLanguage":"fr-FR","potentialAction":[{"@type":"CommentAction","name":"Comment","target":["https:\/\/www.malagacar.com\/fr\/blog\/aeroport-de-malaga\/centre-commercial-malaga-aeroport\/#respond"]}]},{"@type":"WebPage","@id":"https:\/\/www.malagacar.com\/fr\/blog\/aeroport-de-malaga\/centre-commercial-malaga-aeroport\/","url":"https:\/\/www.malagacar.com\/fr\/blog\/aeroport-de-malaga\/centre-commercial-malaga-aeroport\/","name":"Plaza Mayor - Centre commercial pr\u00e8s de l'a\u00e9roport de Malaga","isPartOf":{"@id":"https:\/\/www.malagacar.com\/fr\/blog\/#website"},"primaryImageOfPage":{"@id":"https:\/\/www.malagacar.com\/fr\/blog\/aeroport-de-malaga\/centre-commercial-malaga-aeroport\/#primaryimage"},"image":{"@id":"https:\/\/www.malagacar.com\/fr\/blog\/aeroport-de-malaga\/centre-commercial-malaga-aeroport\/#primaryimage"},"thumbnailUrl":"https:\/\/www.malagacar.com\/fr\/blog\/wp-content\/uploads\/2022\/04\/plaza-mayor-enjpg-768x576-1.jpg","datePublished":"2023-01-10T09:10:52+00:00","dateModified":"2024-11-15T11:09:46+00:00","description":"D\u00e9couvrez ce magnifique centre commercial en plein air \u00e0 l'esth\u00e9tique andalouse, \u00e0 seulement 2 km de l'a\u00e9roport de Malaga.","breadcrumb":{"@id":"https:\/\/www.malagacar.com\/fr\/blog\/aeroport-de-malaga\/centre-commercial-malaga-aeroport\/#breadcrumb"},"inLanguage":"fr-FR","potentialAction":[{"@type":"ReadAction","target":["https:\/\/www.malagacar.com\/fr\/blog\/aeroport-de-malaga\/centre-commercial-malaga-aeroport\/"]}]},{"@type":"ImageObject","inLanguage":"fr-FR","@id":"https:\/\/www.malagacar.com\/fr\/blog\/aeroport-de-malaga\/centre-commercial-malaga-aeroport\/#primaryimage","url":"https:\/\/www.malagacar.com\/fr\/blog\/wp-content\/uploads\/2022\/04\/plaza-mayor-enjpg-768x576-1.jpg","contentUrl":"https:\/\/www.malagacar.com\/fr\/blog\/wp-content\/uploads\/2022\/04\/plaza-mayor-enjpg-768x576-1.jpg","width":768,"height":576,"caption":"Plaza Mayor"},{"@type":"BreadcrumbList","@id":"https:\/\/www.malagacar.com\/fr\/blog\/aeroport-de-malaga\/centre-commercial-malaga-aeroport\/#breadcrumb","itemListElement":[{"@type":"ListItem","position":1,"name":"Accueil","item":"https:\/\/www.malagacar.com\/fr\/blog\/"},{"@type":"ListItem","position":2,"name":"Plaza Mayor &#8211; Centre commercial pr\u00e8s de l&#8217;a\u00e9roport de Malaga"}]},{"@type":"WebSite","@id":"https:\/\/www.malagacar.com\/fr\/blog\/#website","url":"https:\/\/www.malagacar.com\/fr\/blog\/","name":"Blog de MalagaCar.com","description":"Nouvelles et informations int\u00e9ressantes sur la location de voitures \u00e0 l&#039;a\u00e9roport de Malaga.","publisher":{"@id":"https:\/\/www.malagacar.com\/fr\/blog\/#organization"},"potentialAction":[{"@type":"SearchAction","target":{"@type":"EntryPoint","urlTemplate":"https:\/\/www.malagacar.com\/fr\/blog\/?s={search_term_string}"},"query-input":{"@type":"PropertyValueSpecification","valueRequired":true,"valueName":"search_term_string"}}],"inLanguage":"fr-FR"},{"@type":"Organization","@id":"https:\/\/www.malagacar.com\/fr\/blog\/#organization","name":"MalagaCar.com","url":"https:\/\/www.malagacar.com\/fr\/blog\/","logo":{"@type":"ImageObject","inLanguage":"fr-FR","@id":"https:\/\/www.malagacar.com\/fr\/blog\/#\/schema\/logo\/image\/","url":"https:\/\/www.malagacar.com\/fr\/blog\/wp-content\/uploads\/2021\/06\/logo-malagacar-social.png","contentUrl":"https:\/\/www.malagacar.com\/fr\/blog\/wp-content\/uploads\/2021\/06\/logo-malagacar-social.png","width":900,"height":900,"caption":"MalagaCar.com"},"image":{"@id":"https:\/\/www.malagacar.com\/fr\/blog\/#\/schema\/logo\/image\/"},"sameAs":["https:\/\/www.facebook.com\/malagacar","https:\/\/x.com\/malagacarcom","https:\/\/www.instagram.com\/malagacar\/","https:\/\/www.linkedin.com\/company\/malagacar.com","https:\/\/www.youtube.com\/c\/MalagacarAirport"]},{"@type":"Person","@id":"https:\/\/www.malagacar.com\/fr\/blog\/#\/schema\/person\/ffb97005d02bcc7d0bb59f5409635691","name":"MalagaCar.com","image":{"@type":"ImageObject","inLanguage":"fr-FR","@id":"https:\/\/secure.gravatar.com\/avatar\/296ebc31026e7be05868369e4c596b3239b1582b2fcf8a45de57333e2e82bb82?s=96&d=mm&r=g","url":"https:\/\/secure.gravatar.com\/avatar\/296ebc31026e7be05868369e4c596b3239b1582b2fcf8a45de57333e2e82bb82?s=96&d=mm&r=g","contentUrl":"https:\/\/secure.gravatar.com\/avatar\/296ebc31026e7be05868369e4c596b3239b1582b2fcf8a45de57333e2e82bb82?s=96&d=mm&r=g","caption":"MalagaCar.com"},"sameAs":["https:\/\/www.malagacar.com\/fr\/blog"]}]}},"_links":{"self":[{"href":"https:\/\/www.malagacar.com\/fr\/blog\/wp-json\/wp\/v2\/posts\/278","targetHints":{"allow":["GET"]}}],"collection":[{"href":"https:\/\/www.malagacar.com\/fr\/blog\/wp-json\/wp\/v2\/posts"}],"about":[{"href":"https:\/\/www.malagacar.com\/fr\/blog\/wp-json\/wp\/v2\/types\/post"}],"author":[{"embeddable":true,"href":"https:\/\/www.malagacar.com\/fr\/blog\/wp-json\/wp\/v2\/users\/1"}],"replies":[{"embeddable":true,"href":"https:\/\/www.malagacar.com\/fr\/blog\/wp-json\/wp\/v2\/comments?post=278"}],"version-history":[{"count":8,"href":"https:\/\/www.malagacar.com\/fr\/blog\/wp-json\/wp\/v2\/posts\/278\/revisions"}],"predecessor-version":[{"id":1811,"href":"https:\/\/www.malagacar.com\/fr\/blog\/wp-json\/wp\/v2\/posts\/278\/revisions\/1811"}],"wp:featuredmedia":[{"embeddable":true,"href":"https:\/\/www.malagacar.com\/fr\/blog\/wp-json\/wp\/v2\/media\/286"}],"wp:attachment":[{"href":"https:\/\/www.malagacar.com\/fr\/blog\/wp-json\/wp\/v2\/media?parent=278"}],"wp:term":[{"taxonomy":"category","embeddable":true,"href":"https:\/\/www.malagacar.com\/fr\/blog\/wp-json\/wp\/v2\/categories?post=278"},{"taxonomy":"post_tag","embeddable":true,"href":"https:\/\/www.malagacar.com\/fr\/blog\/wp-json\/wp\/v2\/tags?post=278"}],"curies":[{"name":"wp","href":"https:\/\/api.w.org\/{rel}","templated":true}]}}