{"id":288,"date":"2026-05-07T08:17:25","date_gmt":"2026-05-07T06:17:25","guid":{"rendered":"https:\/\/www.malagacar.com\/fr\/blog\/?p=288"},"modified":"2026-05-07T08:17:40","modified_gmt":"2026-05-07T06:17:40","slug":"choses-a-faire-en-malaga-en-mai","status":"publish","type":"post","link":"https:\/\/www.malagacar.com\/fr\/blog\/loisirs\/choses-a-faire-en-malaga-en-mai\/","title":{"rendered":"Choses \u00e0 faire \u00e0 Malaga en Mai 2026"},"content":{"rendered":"<p>Mai est l&rsquo;un des meilleurs mois sur la Costa del Sol. D\u00e9couvrez tout ce que vous pouvez faire \u00e0 Malaga en mai, lorsque vous pouvez profiter de nombreuses activit\u00e9s en plein air.<\/p>\n<p><!--more--><\/p>\n\n            <div class=\"banner\">\n                <div class=\"row\">\n                    <div class=\"col-sm-4\">\n                        <a href=\"\/fr\/location-de-voitures\/quote.php\" data-wpel-link=\"internal\"><img decoding=\"async\" src=\"\/images\/banner-img.jpg\" alt=\"malagacar.com\"><\/a>\n                    <\/div>\n                    <div class=\"col-sm-8\">\n                      <a href=\"\/fr\/location-de-voitures\/quote.php\" class=\"banner-title\" data-wpel-link=\"internal\">Meilleure location de voitures <div>\u00e0 l'a\u00e9roport de Malaga<\/div><\/a>   \n                        <div class=\"row\">\n                            <div class=\"col-sm-7\">\n                                <ul>\n                                    <li>Pas de frais de ravitaillement<\/li>\n                                    <li>Annulation gratuite<\/li>\n                                    <li>Location sans interm\u00e9diaire<\/li>\n                                    <li>Payez lorsque vous prenez la voiture<\/li>\n                                    <li><\/li>\n                                <\/ul>\n                            <\/div>\n                            <div class=\"col-sm-5\">\n                                <a class=\"btn-banner\" href=\"\/fr\/location-de-voitures\/quote.php\" data-wpel-link=\"internal\">Consultez les prix<\/a>\n                                <img decoding=\"async\" class=\"zonturent\" src=\"\/images\/zontu-banner.png\" alt=\"\">\n                            <\/div>\n                        <\/div>\n                    <\/div>\n                 <\/div>  \n            <\/div>\n            \n<div id=\"ez-toc-container\" class=\"ez-toc-v2_0_87 counter-hierarchy ez-toc-counter ez-toc-light-blue ez-toc-container-direction\">\n<p class=\"ez-toc-title\" style=\"cursor:inherit\">Table des mati\u00e8res<\/p>\n<label for=\"ez-toc-cssicon-toggle-item-6a9a3ed918c8b\" class=\"ez-toc-cssicon-toggle-label\"><span class=\"\"><span class=\"eztoc-hide\" style=\"display:none;\">Toggle<\/span><span class=\"ez-toc-icon-toggle-span\"><svg style=\"fill: #999;color:#999\" xmlns=\"http:\/\/www.w3.org\/2000\/svg\" class=\"list-377408\" width=\"20px\" height=\"20px\" viewBox=\"0 0 24 24\" fill=\"none\"><path d=\"M6 6H4v2h2V6zm14 0H8v2h12V6zM4 11h2v2H4v-2zm16 0H8v2h12v-2zM4 16h2v2H4v-2zm16 0H8v2h12v-2z\" fill=\"currentColor\"><\/path><\/svg><svg style=\"fill: #999;color:#999\" class=\"arrow-unsorted-368013\" xmlns=\"http:\/\/www.w3.org\/2000\/svg\" width=\"10px\" height=\"10px\" viewBox=\"0 0 24 24\" version=\"1.2\" baseProfile=\"tiny\"><path d=\"M18.2 9.3l-6.2-6.3-6.2 6.3c-.2.2-.3.4-.3.7s.1.5.3.7c.2.2.4.3.7.3h11c.3 0 .5-.1.7-.3.2-.2.3-.5.3-.7s-.1-.5-.3-.7zM5.8 14.7l6.2 6.3 6.2-6.3c.2-.2.3-.5.3-.7s-.1-.5-.3-.7c-.2-.2-.4-.3-.7-.3h-11c-.3 0-.5.1-.7.3-.2.2-.3.5-.3.7s.1.5.3.7z\"\/><\/svg><\/span><\/span><\/label><input type=\"checkbox\"  id=\"ez-toc-cssicon-toggle-item-6a9a3ed918c8b\"  aria-label=\"Toggle\" \/><nav><ul class='ez-toc-list ez-toc-list-level-1 ' ><li class='ez-toc-page-1 ez-toc-heading-level-2'><a class=\"ez-toc-link ez-toc-heading-1\" href=\"https:\/\/www.malagacar.com\/fr\/blog\/loisirs\/choses-a-faire-en-malaga-en-mai\/#Choses_a_faire_a_Malaga_en_Mai_2026\" data-wpel-link=\"internal\">Choses \u00e0 faire \u00e0 Malaga en Mai 2026<\/a><ul class='ez-toc-list-level-3' ><li class='ez-toc-heading-level-3'><a class=\"ez-toc-link ez-toc-heading-2\" href=\"https:\/\/www.malagacar.com\/fr\/blog\/loisirs\/choses-a-faire-en-malaga-en-mai\/#Saveurs_de_Malaga_%E2%80%93_Nerja\" data-wpel-link=\"internal\">Saveurs de Malaga &#8211; Nerja<\/a><\/li><li class='ez-toc-page-1 ez-toc-heading-level-3'><a class=\"ez-toc-link ez-toc-heading-3\" href=\"https:\/\/www.malagacar.com\/fr\/blog\/loisirs\/choses-a-faire-en-malaga-en-mai\/#Foire_internationale_des_pays_%E2%80%93_Fuengirola\" data-wpel-link=\"internal\">Foire internationale des pays &#8211; Fuengirola<\/a><\/li><li class='ez-toc-page-1 ez-toc-heading-level-3'><a class=\"ez-toc-link ez-toc-heading-4\" href=\"https:\/\/www.malagacar.com\/fr\/blog\/loisirs\/choses-a-faire-en-malaga-en-mai\/#Festival_de_la_cour_%E2%80%93_Malaga\" data-wpel-link=\"internal\">Festival de la cour \u2013 Malaga<\/a><\/li><li class='ez-toc-page-1 ez-toc-heading-level-3'><a class=\"ez-toc-link ez-toc-heading-5\" href=\"https:\/\/www.malagacar.com\/fr\/blog\/loisirs\/choses-a-faire-en-malaga-en-mai\/#San_Isidro_Labrador_%E2%80%93_Estepona\" data-wpel-link=\"internal\">San Isidro Labrador \u2013 Estepona<\/a><\/li><li class='ez-toc-page-1 ez-toc-heading-level-3'><a class=\"ez-toc-link ez-toc-heading-6\" href=\"https:\/\/www.malagacar.com\/fr\/blog\/loisirs\/choses-a-faire-en-malaga-en-mai\/#Salon_du_livre_%E2%80%93_Malaga\" data-wpel-link=\"internal\">Salon du livre &#8211; Malaga<\/a><\/li><li class='ez-toc-page-1 ez-toc-heading-level-3'><a class=\"ez-toc-link ez-toc-heading-7\" href=\"https:\/\/www.malagacar.com\/fr\/blog\/loisirs\/choses-a-faire-en-malaga-en-mai\/#Coffee_Expo_%E2%80%93_Torremolinos\" data-wpel-link=\"internal\">Coffee Expo \u2013 Torremolinos<\/a><\/li><li class='ez-toc-page-1 ez-toc-heading-level-3'><a class=\"ez-toc-link ez-toc-heading-8\" href=\"https:\/\/www.malagacar.com\/fr\/blog\/loisirs\/choses-a-faire-en-malaga-en-mai\/#Afternoon_Tea_a_lhotel_El_Fuerte_%E2%80%93_Marbella\" data-wpel-link=\"internal\">Afternoon Tea \u00e0 l&rsquo;h\u00f4tel El Fuerte \u2013 Marbella<\/a><\/li><li class='ez-toc-page-1 ez-toc-heading-level-3'><a class=\"ez-toc-link ez-toc-heading-9\" href=\"https:\/\/www.malagacar.com\/fr\/blog\/loisirs\/choses-a-faire-en-malaga-en-mai\/#Festival_de_theatre_%E2%80%93_Malaga\" data-wpel-link=\"internal\">Festival de th\u00e9\u00e2tre \u2013 Malaga<\/a><\/li><li class='ez-toc-page-1 ez-toc-heading-level-3'><a class=\"ez-toc-link ez-toc-heading-10\" href=\"https:\/\/www.malagacar.com\/fr\/blog\/loisirs\/choses-a-faire-en-malaga-en-mai\/#Patiner_dans_la_rue_%E2%80%93_Benalmadena\" data-wpel-link=\"internal\">Patiner dans la rue \u2013 Benalmadena<\/a><\/li><li class='ez-toc-page-1 ez-toc-heading-level-3'><a class=\"ez-toc-link ez-toc-heading-11\" href=\"https:\/\/www.malagacar.com\/fr\/blog\/loisirs\/choses-a-faire-en-malaga-en-mai\/#Journee_du_velo_patin_a_roulettes%E2%80%93_Torremolinos\" data-wpel-link=\"internal\">Journ\u00e9e du v\u00e9lo &amp; patin \u00e0 roulettes\u2013 Torremolinos<\/a><\/li><li class='ez-toc-page-1 ez-toc-heading-level-3'><a class=\"ez-toc-link ez-toc-heading-12\" href=\"https:\/\/www.malagacar.com\/fr\/blog\/loisirs\/choses-a-faire-en-malaga-en-mai\/#Race_urbaine_%E2%80%93_Estepona\" data-wpel-link=\"internal\">Race urbaine \u2013 Estepona<\/a><\/li><li class='ez-toc-page-1 ez-toc-heading-level-3'><a class=\"ez-toc-link ez-toc-heading-13\" href=\"https:\/\/www.malagacar.com\/fr\/blog\/loisirs\/choses-a-faire-en-malaga-en-mai\/#Nuit_en_blanc_%E2%80%93_Malaga\" data-wpel-link=\"internal\">Nuit en blanc &#8211; Malaga<\/a><\/li><li class='ez-toc-page-1 ez-toc-heading-level-3'><a class=\"ez-toc-link ez-toc-heading-14\" href=\"https:\/\/www.malagacar.com\/fr\/blog\/loisirs\/choses-a-faire-en-malaga-en-mai\/#Concerts_Candelight_%E2%80%93_Malaga\" data-wpel-link=\"internal\">Concerts Candelight &#8211; Malaga<\/a><\/li><li class='ez-toc-page-1 ez-toc-heading-level-3'><a class=\"ez-toc-link ez-toc-heading-15\" href=\"https:\/\/www.malagacar.com\/fr\/blog\/loisirs\/choses-a-faire-en-malaga-en-mai\/#FreakCon_%E2%80%93_Torremolinos\" data-wpel-link=\"internal\">FreakCon &#8211; Torremolinos<\/a><\/li><li class='ez-toc-page-1 ez-toc-heading-level-3'><a class=\"ez-toc-link ez-toc-heading-16\" href=\"https:\/\/www.malagacar.com\/fr\/blog\/loisirs\/choses-a-faire-en-malaga-en-mai\/#Brunch_Electronic_%E2%80%93_Malaga\" data-wpel-link=\"internal\">Brunch Electronic \u2013 Malaga<\/a><\/li><li class='ez-toc-page-1 ez-toc-heading-level-3'><a class=\"ez-toc-link ez-toc-heading-17\" href=\"https:\/\/www.malagacar.com\/fr\/blog\/loisirs\/choses-a-faire-en-malaga-en-mai\/#Ocean_Club_Opening_Party_%E2%80%93_Marbella\" data-wpel-link=\"internal\">Ocean Club Opening Party &#8211; Marbella<\/a><\/li><li class='ez-toc-page-1 ez-toc-heading-level-3'><a class=\"ez-toc-link ez-toc-heading-18\" href=\"https:\/\/www.malagacar.com\/fr\/blog\/loisirs\/choses-a-faire-en-malaga-en-mai\/#Triathlon_%E2%80%93_Benalmadena\" data-wpel-link=\"internal\">Triathlon &#8211; Benalmadena<\/a><\/li><li class='ez-toc-page-1 ez-toc-heading-level-3'><a class=\"ez-toc-link ez-toc-heading-19\" href=\"https:\/\/www.malagacar.com\/fr\/blog\/loisirs\/choses-a-faire-en-malaga-en-mai\/#Fete_du_printemps_%E2%80%93_Coin\" data-wpel-link=\"internal\">F\u00eate du printemps &#8211; Co\u00edn<\/a><\/li><li class='ez-toc-page-1 ez-toc-heading-level-3'><a class=\"ez-toc-link ez-toc-heading-20\" href=\"https:\/\/www.malagacar.com\/fr\/blog\/loisirs\/choses-a-faire-en-malaga-en-mai\/#Pleine_lune_a_Hydros_Spa_%E2%80%93_Benalmadena\" data-wpel-link=\"internal\">Pleine lune \u00e0 Hydros Spa &#8211; Benalm\u00e1dena<\/a><\/li><li class='ez-toc-page-1 ez-toc-heading-level-3'><a class=\"ez-toc-link ez-toc-heading-21\" href=\"https:\/\/www.malagacar.com\/fr\/blog\/loisirs\/choses-a-faire-en-malaga-en-mai\/#Pride_%E2%80%93_Torremolinos\" data-wpel-link=\"internal\">Pride &#8211; Torremolinos<\/a><\/li><li class='ez-toc-page-1 ez-toc-heading-level-3'><a class=\"ez-toc-link ez-toc-heading-22\" href=\"https:\/\/www.malagacar.com\/fr\/blog\/loisirs\/choses-a-faire-en-malaga-en-mai\/#Ronda_Romantique_%E2%80%93_Ronda\" data-wpel-link=\"internal\">Ronda Romantique &#8211; Ronda<\/a><\/li><li class='ez-toc-page-1 ez-toc-heading-level-3'><a class=\"ez-toc-link ez-toc-heading-23\" href=\"https:\/\/www.malagacar.com\/fr\/blog\/loisirs\/choses-a-faire-en-malaga-en-mai\/#Samedis_du_vin_au_musee_%E2%80%93_Malaga\" data-wpel-link=\"internal\">Samedis du vin au mus\u00e9e &#8211; Malaga<\/a><\/li><li class='ez-toc-page-1 ez-toc-heading-level-3'><a class=\"ez-toc-link ez-toc-heading-24\" href=\"https:\/\/www.malagacar.com\/fr\/blog\/loisirs\/choses-a-faire-en-malaga-en-mai\/#Visite_nocturne_du_cimetiere_anglais_%E2%80%93_Malaga\" data-wpel-link=\"internal\">Visite nocturne du cimeti\u00e8re anglais &#8211; Malaga<\/a><\/li><li class='ez-toc-page-1 ez-toc-heading-level-3'><a class=\"ez-toc-link ez-toc-heading-25\" href=\"https:\/\/www.malagacar.com\/fr\/blog\/loisirs\/choses-a-faire-en-malaga-en-mai\/#Visite_theatrale_de_la_grotte_aux_tresors_%E2%80%93_Rincon_de_la_Victoria\" data-wpel-link=\"internal\">Visite th\u00e9\u00e2trale de la grotte aux tr\u00e9sors &#8211; Rinc\u00f3n de la Victoria<\/a><\/li><li class='ez-toc-page-1 ez-toc-heading-level-3'><a class=\"ez-toc-link ez-toc-heading-26\" href=\"https:\/\/www.malagacar.com\/fr\/blog\/loisirs\/choses-a-faire-en-malaga-en-mai\/#Degustation_de_bieres_artisanales_%E2%80%93_Malaga\" data-wpel-link=\"internal\">D\u00e9gustation de bi\u00e8res artisanales &#8211; Malaga<\/a><\/li><li class='ez-toc-page-1 ez-toc-heading-level-3'><a class=\"ez-toc-link ez-toc-heading-27\" href=\"https:\/\/www.malagacar.com\/fr\/blog\/loisirs\/choses-a-faire-en-malaga-en-mai\/#Route_des_ammonites_%E2%80%93_Torcal_de_Antequera\" data-wpel-link=\"internal\">Route des ammonites &#8211; Torcal de Antequera<\/a><\/li><\/ul><\/li><li class='ez-toc-page-1 ez-toc-heading-level-2'><a class=\"ez-toc-link ez-toc-heading-28\" href=\"https:\/\/www.malagacar.com\/fr\/blog\/loisirs\/choses-a-faire-en-malaga-en-mai\/#Marches_de_rue_a_Malaga_en_mai\" data-wpel-link=\"internal\">March\u00e9s de rue \u00e0 Malaga en mai<\/a><ul class='ez-toc-list-level-3' ><li class='ez-toc-heading-level-3'><a class=\"ez-toc-link ez-toc-heading-29\" href=\"https:\/\/www.malagacar.com\/fr\/blog\/loisirs\/choses-a-faire-en-malaga-en-mai\/#Marche_de_printemps_%E2%80%93_Quai_Un\" data-wpel-link=\"internal\">March\u00e9 de printemps &#8211; Quai Un<\/a><\/li><li class='ez-toc-page-1 ez-toc-heading-level-3'><a class=\"ez-toc-link ez-toc-heading-30\" href=\"https:\/\/www.malagacar.com\/fr\/blog\/loisirs\/choses-a-faire-en-malaga-en-mai\/#Marche_de_lartisanat_La_Merced_%E2%80%93_Malaga\" data-wpel-link=\"internal\">March\u00e9 de l&rsquo;artisanat La Merced &#8211; Malaga<\/a><\/li><li class='ez-toc-page-1 ez-toc-heading-level-3'><a class=\"ez-toc-link ez-toc-heading-31\" href=\"https:\/\/www.malagacar.com\/fr\/blog\/loisirs\/choses-a-faire-en-malaga-en-mai\/#_Marche_urbain_Soho_%E2%80%93_Malaga\" data-wpel-link=\"internal\">\u00a0March\u00e9 urbain\u00a0Soho &#8211; Malaga<\/a><\/li><li class='ez-toc-page-1 ez-toc-heading-level-3'><a class=\"ez-toc-link ez-toc-heading-32\" href=\"https:\/\/www.malagacar.com\/fr\/blog\/loisirs\/choses-a-faire-en-malaga-en-mai\/#Le_marche_des_cimetieres_anglais_%E2%80%93_Malaga\" data-wpel-link=\"internal\">Le march\u00e9 des cimeti\u00e8res anglais \u2013 Malaga<\/a><\/li><li class='ez-toc-page-1 ez-toc-heading-level-3'><a class=\"ez-toc-link ez-toc-heading-33\" href=\"https:\/\/www.malagacar.com\/fr\/blog\/loisirs\/choses-a-faire-en-malaga-en-mai\/#Marche_artisanal_de_Cartama\" data-wpel-link=\"internal\">March\u00e9 artisanal de C\u00e1rtama<\/a><\/li><li class='ez-toc-page-1 ez-toc-heading-level-3'><a class=\"ez-toc-link ez-toc-heading-34\" href=\"https:\/\/www.malagacar.com\/fr\/blog\/loisirs\/choses-a-faire-en-malaga-en-mai\/#Marche_mensuel_%E2%80%93_Corumbela_Axarquia\" data-wpel-link=\"internal\">March\u00e9 mensuel \u2013 Corumbela, Axarqu\u00eda<\/a><\/li><li class='ez-toc-page-1 ez-toc-heading-level-3'><a class=\"ez-toc-link ez-toc-heading-35\" href=\"https:\/\/www.malagacar.com\/fr\/blog\/loisirs\/choses-a-faire-en-malaga-en-mai\/#Marche_artisanal_%E2%80%93_Torrox_Pueblo\" data-wpel-link=\"internal\">March\u00e9 artisanal \u2013 Torrox Pueblo<\/a><\/li><li class='ez-toc-page-1 ez-toc-heading-level-3'><a class=\"ez-toc-link ez-toc-heading-36\" href=\"https:\/\/www.malagacar.com\/fr\/blog\/loisirs\/choses-a-faire-en-malaga-en-mai\/#Marches_aux_puces_et_marches_de_rue_dans_la_province\" data-wpel-link=\"internal\">March\u00e9s aux puces et march\u00e9s de rue dans la province<\/a><\/li><\/ul><\/li><li class='ez-toc-page-1 ez-toc-heading-level-2'><a class=\"ez-toc-link ez-toc-heading-37\" href=\"https:\/\/www.malagacar.com\/fr\/blog\/loisirs\/choses-a-faire-en-malaga-en-mai\/#Visite_des_musees_de_Malaga\" data-wpel-link=\"internal\">Visite des mus\u00e9es de Malaga<\/a><ul class='ez-toc-list-level-3' ><li class='ez-toc-heading-level-3'><a class=\"ez-toc-link ez-toc-heading-38\" href=\"https:\/\/www.malagacar.com\/fr\/blog\/loisirs\/choses-a-faire-en-malaga-en-mai\/#Visites_guidees_jardin_botanique_historique_de_La_Concepcion_%E2%80%93_Malaga\" data-wpel-link=\"internal\">Visites guid\u00e9es jardin botanique historique de La Concepci\u00f3n &#8211; Malaga<\/a><\/li><li class='ez-toc-page-1 ez-toc-heading-level-3'><a class=\"ez-toc-link ez-toc-heading-39\" href=\"https:\/\/www.malagacar.com\/fr\/blog\/loisirs\/choses-a-faire-en-malaga-en-mai\/#Visite_de_la_Brasserie_Victoria_%E2%80%93_Malaga\" data-wpel-link=\"internal\">Visite de la Brasserie Victoria &#8211; Malaga<\/a><\/li><li class='ez-toc-page-1 ez-toc-heading-level-3'><a class=\"ez-toc-link ez-toc-heading-40\" href=\"https:\/\/www.malagacar.com\/fr\/blog\/loisirs\/choses-a-faire-en-malaga-en-mai\/#Visites_nocturnes_theatralisees_musee_de_lautomobile_%E2%80%93_Malaga\" data-wpel-link=\"internal\">Visites nocturnes th\u00e9\u00e2tralis\u00e9es mus\u00e9e de l&rsquo;automobile &#8211; Malaga<\/a><\/li><\/ul><\/li><li class='ez-toc-page-1 ez-toc-heading-level-2'><a class=\"ez-toc-link ez-toc-heading-41\" href=\"https:\/\/www.malagacar.com\/fr\/blog\/loisirs\/choses-a-faire-en-malaga-en-mai\/#Concerts_du_Marenostrum_Fuengirola_cet_ete\" data-wpel-link=\"internal\">Concerts du Marenostrum Fuengirola cet \u00e9t\u00e9<\/a><\/li><li class='ez-toc-page-1 ez-toc-heading-level-2'><a class=\"ez-toc-link ez-toc-heading-42\" href=\"https:\/\/www.malagacar.com\/fr\/blog\/loisirs\/choses-a-faire-en-malaga-en-mai\/#Concerts_Starlite_Marbella_cet_ete\" data-wpel-link=\"internal\">Concerts Starlite Marbella cet \u00e9t\u00e9<\/a><\/li><li class='ez-toc-page-1 ez-toc-heading-level-2'><a class=\"ez-toc-link ez-toc-heading-43\" href=\"https:\/\/www.malagacar.com\/fr\/blog\/loisirs\/choses-a-faire-en-malaga-en-mai\/#Festivals_de_musique_sur_la_Costa_del_Sol_2026\" data-wpel-link=\"internal\">Festivals de musique sur la Costa del Sol 2026<\/a><\/li><li class='ez-toc-page-1 ez-toc-heading-level-2'><a class=\"ez-toc-link ez-toc-heading-44\" href=\"https:\/\/www.malagacar.com\/fr\/blog\/loisirs\/choses-a-faire-en-malaga-en-mai\/#Fetes_gastronomiques_a_Malaga_en_mai\" data-wpel-link=\"internal\">F\u00eates gastronomiques \u00e0 Malaga en mai<\/a><ul class='ez-toc-list-level-3' ><li class='ez-toc-heading-level-3'><a class=\"ez-toc-link ez-toc-heading-45\" href=\"https:\/\/www.malagacar.com\/fr\/blog\/loisirs\/choses-a-faire-en-malaga-en-mai\/#Fete_de_la_sardine_%E2%80%93_Cala_de_Mijas\" data-wpel-link=\"internal\">F\u00eate de la sardine &#8211; Cala de Mijas<\/a><\/li><li class='ez-toc-page-1 ez-toc-heading-level-3'><a class=\"ez-toc-link ez-toc-heading-46\" href=\"https:\/\/www.malagacar.com\/fr\/blog\/loisirs\/choses-a-faire-en-malaga-en-mai\/#Journee_du_miel_de_canne_a_sucre_%E2%80%93_Frigiliana\" data-wpel-link=\"internal\">Journ\u00e9e du miel de canne \u00e0 sucre &#8211; Frigiliana<\/a><\/li><li class='ez-toc-page-1 ez-toc-heading-level-3'><a class=\"ez-toc-link ez-toc-heading-47\" href=\"https:\/\/www.malagacar.com\/fr\/blog\/loisirs\/choses-a-faire-en-malaga-en-mai\/#Journee_du_Loquat_%E2%80%93_Sayalonga\" data-wpel-link=\"internal\">Journ\u00e9e du Loquat &#8211; Sayalonga<\/a><\/li><li class='ez-toc-page-1 ez-toc-heading-level-3'><a class=\"ez-toc-link ez-toc-heading-48\" href=\"https:\/\/www.malagacar.com\/fr\/blog\/loisirs\/choses-a-faire-en-malaga-en-mai\/#Festival_de_lorange_%E2%80%93_Coin\" data-wpel-link=\"internal\">Festival de l&rsquo;orange &#8211; Co\u00edn<\/a><\/li><li class='ez-toc-page-1 ez-toc-heading-level-3'><a class=\"ez-toc-link ez-toc-heading-49\" href=\"https:\/\/www.malagacar.com\/fr\/blog\/loisirs\/choses-a-faire-en-malaga-en-mai\/#Journee_de_lescargot_%E2%80%93_Riogordo\" data-wpel-link=\"internal\">Journ\u00e9e de l&rsquo;escargot \u2013 Riogordo<\/a><\/li><\/ul><\/li><li class='ez-toc-page-1 ez-toc-heading-level-2'><a class=\"ez-toc-link ez-toc-heading-50\" href=\"https:\/\/www.malagacar.com\/fr\/blog\/loisirs\/choses-a-faire-en-malaga-en-mai\/#Le_temps_a_Malaga_en_mai\" data-wpel-link=\"internal\">Le temps \u00e0 Malaga en mai<\/a><ul class='ez-toc-list-level-3' ><li class='ez-toc-heading-level-3'><a class=\"ez-toc-link ez-toc-heading-51\" href=\"https:\/\/www.malagacar.com\/fr\/blog\/loisirs\/choses-a-faire-en-malaga-en-mai\/#Est-il_possible_de_nager_a_Malaga_en_mai\" data-wpel-link=\"internal\">Est-il possible de nager \u00e0 Malaga en mai ?<\/a><\/li><li class='ez-toc-page-1 ez-toc-heading-level-3'><a class=\"ez-toc-link ez-toc-heading-52\" href=\"https:\/\/www.malagacar.com\/fr\/blog\/loisirs\/choses-a-faire-en-malaga-en-mai\/#Quels_vetements_apporter_a_Malaga_en_mai\" data-wpel-link=\"internal\">Quels v\u00eatements apporter \u00e0 Malaga en mai ?<\/a><\/li><\/ul><\/li><\/ul><\/nav><\/div>\n<h2><span class=\"ez-toc-section\" id=\"Choses_a_faire_a_Malaga_en_Mai_2026\"><\/span>Choses \u00e0 faire \u00e0 Malaga en Mai 2026<span class=\"ez-toc-section-end\"><\/span><\/h2>\n<h3><span class=\"ez-toc-section\" id=\"Saveurs_de_Malaga_%E2%80%93_Nerja\"><\/span>Saveurs de Malaga &#8211; Nerja<span class=\"ez-toc-section-end\"><\/span><\/h3>\n<p><img loading=\"lazy\" decoding=\"async\" class=\"alignnone wp-image-19432\" src=\"https:\/\/www.malagacar.com\/sp\/blog\/wp-content\/uploads\/2026\/04\/sabor-a-malaga-Nerja.jpg\" alt=\"Feria Sabor a M\u00e1laga - Nerja\" width=\"500\" height=\"710\" \/><\/p>\n<p>D\u00e9couvrez les meilleurs produits locaux de Malaga lors de cette foire agroalimentaire tr\u00e8s pris\u00e9e.<\/p>\n<p>Dans un cadre exceptionnel \u2014 le Balc\u00f3n de Europa \u2014 vous pourrez profiter de pr\u00e8s de 40 stands proposant toutes sortes de sp\u00e9cialit\u00e9s malagu\u00e8nes, ainsi que d&rsquo;un programme complet d&rsquo;activit\u00e9s, du 8 au 10 mai.<\/p>\n<ul>\n<li>Quand : Vendredi : de 11 h 00 \u00e0 22 h 00. Samedi et dimanche : de 11 h 00 \u00e0 21 h 00.<\/li>\n<li>O\u00f9 : Balc\u00f3n de Europa, Nerja<\/li>\n<li><a href=\"https:\/\/maps.app.goo.gl\/EAxDbxRzoeu2Wnd86\" data-wpel-link=\"external\" rel=\"external noopener noreferrer\"><strong>Comment s&rsquo;y rendre<\/strong><\/a><\/li>\n<\/ul>\n<h3><span class=\"ez-toc-section\" id=\"Foire_internationale_des_pays_%E2%80%93_Fuengirola\"><\/span>Foire internationale des pays &#8211; Fuengirola<span class=\"ez-toc-section-end\"><\/span><\/h3>\n<p><img loading=\"lazy\" decoding=\"async\" class=\"alignnone wp-image-2276\" src=\"https:\/\/www.malagacar.com\/fr\/blog\/wp-content\/uploads\/2025\/03\/feria-paises-fr.jpg\" alt=\"Festival International des Peuples Fuengirola\" width=\"540\" height=\"540\" srcset=\"https:\/\/www.malagacar.com\/fr\/blog\/wp-content\/uploads\/2025\/03\/feria-paises-fr.jpg 1200w, https:\/\/www.malagacar.com\/fr\/blog\/wp-content\/uploads\/2025\/03\/feria-paises-fr-300x300.jpg 300w, https:\/\/www.malagacar.com\/fr\/blog\/wp-content\/uploads\/2025\/03\/feria-paises-fr-1024x1024.jpg 1024w, https:\/\/www.malagacar.com\/fr\/blog\/wp-content\/uploads\/2025\/03\/feria-paises-fr-150x150.jpg 150w, https:\/\/www.malagacar.com\/fr\/blog\/wp-content\/uploads\/2025\/03\/feria-paises-fr-768x768.jpg 768w, https:\/\/www.malagacar.com\/fr\/blog\/wp-content\/uploads\/2025\/03\/feria-paises-fr-125x125.jpg 125w\" sizes=\"auto, (max-width: 540px) 100vw, 540px\" \/><\/p>\n<p>Faites le tour du monde en 4 jours lors de l&rsquo;un des \u00e9v\u00e9nements les plus populaires, les plus color\u00e9s et les plus amusants de la Costa del Sol !<\/p>\n<p>Chaque ann\u00e9e, Fuengirola rend hommage \u00e0 ses habitants de plus de 100 nationalit\u00e9s diff\u00e9rentes dans le cadre de ce grand festival. Vous pourrez y d\u00e9couvrir et appr\u00e9cier la culture, la gastronomie, l&rsquo;artisanat et le folklore de plus de 30 pays participants.<\/p>\n<p>La Foire internationale des pays de Fuengirola se tiendra cette ann\u00e9e du 29 avril au 3 mai au Parc des expositions de Fuengirola. Le d\u00e9fil\u00e9 d&rsquo;ouverture haut en couleurs, \u00e0 ne manquer sous aucun pr\u00e9texte, aura lieu le 1er mai\u00a0!<\/p>\n<ul>\n<li>Retrouvez toutes les informations pratiques pour profiter pleinement de cet \u00e9v\u00e9nement incontournable dans notre \u00e9dition sp\u00e9ciale <a href=\"https:\/\/www.malagacar.com\/fr\/blog\/loisirs\/festival-international-des-peuples-fuengirola\/\" data-wpel-link=\"internal\"><strong>Festival international des nations de Fuengirola 2026<\/strong><\/a>.<\/li>\n<li>Quand : Du 29 avril au 3 mai<br \/>\nO\u00f9 : Fuengirola Champ de foire<\/li>\n<li><a href=\"https:\/\/maps.app.goo.gl\/EEXqBisngDpcbmQXA\" data-wpel-link=\"external\" rel=\"external noopener noreferrer\"><strong>Comment s&rsquo;y rendre<\/strong><\/a><\/li>\n<\/ul>\n<h3><span class=\"ez-toc-section\" id=\"Festival_de_la_cour_%E2%80%93_Malaga\"><\/span>Festival de la cour \u2013 Malaga<span class=\"ez-toc-section-end\"><\/span><\/h3>\n<p><img loading=\"lazy\" decoding=\"async\" class=\"alignnone size-large wp-image-19378\" src=\"https:\/\/www.malagacar.com\/sp\/blog\/wp-content\/uploads\/2026\/04\/Cartel-Corralones-1024x718.jpg\" alt=\"Semana Popular de los Corralones \u2013 M\u00e1laga\" width=\"750\" height=\"526\" \/><\/p>\n<p>D\u00e9couvrez les quartiers historiques de Malaga et sa culture locale. Pendant le Festival des Cours, de nombreuses activit\u00e9s sont propos\u00e9es dans les quartiers historiques de La Trinidad et d&rsquo;El Perchel.<\/p>\n<p>Vous pourrez visiter les cours int\u00e9rieures (<em>corralones<\/em>) et participer \u00e0 des conf\u00e9rences, des d\u00e9gustations, des ateliers et des spectacles, parmi d&rsquo;autres activit\u00e9s pour tous les \u00e2ges.<\/p>\n<p><img loading=\"lazy\" decoding=\"async\" class=\"alignnone size-large wp-image-17292\" src=\"https:\/\/www.malagacar.com\/sp\/blog\/wp-content\/uploads\/2025\/04\/corralones3-1024x678.jpg\" alt=\"corralones m\u00e1laga\" width=\"750\" height=\"497\" \/><\/p>\n<p>Les cours int\u00e9rieures sont ouvertes de 10h \u00e0 13h et de 18h \u00e0 20h.<\/p>\n<p>Nous vous recommandons tout particuli\u00e8rement la visite du <a href=\"https:\/\/maps.app.goo.gl\/7skyWGzJyAFqeYn5A\" data-wpel-link=\"external\" rel=\"external noopener noreferrer\"><strong>Corral\u00f3n de Santa Sof\u00eda<\/strong><\/a>, r\u00e9cemment et soigneusement restaur\u00e9. La plupart des activit\u00e9s, des d\u00e9gustations de gastronomie traditionnelle et des concerts s&rsquo;y d\u00e9roulent.<\/p>\n<h4>Gastronomie<\/h4>\n<p>Au Corral\u00f3n de Santa Sof\u00eda, vous pourrez d\u00e9guster une cuisine traditionnelle aux horaires suivants\u00a0:<\/p>\n<ul>\n<li>Du mardi au vendredi\u00a0: de 18\u00a0h \u00e0 22\u00a0h<\/li>\n<li>Le samedi\u00a0: de 12\u00a0h \u00e0 15\u00a0h et de 20\u00a0h \u00e0 23\u00a0h\u00a030<\/li>\n<\/ul>\n<h4>Activit\u00e9s en vedette<\/h4>\n<ul>\n<li>Mardi 5 mai<br \/>\nLes cours sont ouvertes au public. Visites guid\u00e9es gratuites, restauration assur\u00e9e par La Alacena del Corral\u00f3n et d\u00e9monstration culinaire en direct dans le Patio de Santa Sof\u00eda.<\/li>\n<li>Mercredi 6 mai<br \/>\nConcert de chorale dans le Patio de Santa Sof\u00eda \u00e0 20h.<\/li>\n<li>Jeudi 7 mai<br \/>\nCopla, chanson traditionnelle espagnole, dans le Patio de Santa Sof\u00eda \u00e0 19h45.<\/li>\n<li>Vendredi 8 mai<br \/>\nMusique des ann\u00e9es 80 dans le Patio de Santa Sof\u00eda \u00e0 19h45.<\/li>\n<li>Samedi 9 mai<br \/>\nSpectacle de musique et de danse par de jeunes artistes dans le Patio de Santa Sof\u00eda \u00e0 midi.<\/li>\n<\/ul>\n<p>Vous trouverez toutes les informations concernant les activit\u00e9s sur le <a href=\"https:\/\/www.somosbarrio.eu\/xx-semana-popular-2026#programa20spc\" data-wpel-link=\"external\" rel=\"external noopener noreferrer\"><strong>site officiel<\/strong><\/a>.<\/p>\n<ul>\n<li>Quand : du 5 au 9 mai<\/li>\n<li>O\u00f9 : Centre-ville de Malaga<\/li>\n<li>Comment s&rsquo;y rendre : <a href=\"https:\/\/maps.app.goo.gl\/krzeQCGJ4YMfjfMQ8\" data-wpel-link=\"external\" rel=\"external noopener noreferrer\"><strong>La Trinidad<\/strong><\/a> I <a href=\"https:\/\/maps.app.goo.gl\/2kk7b3fLPH5BH6hX6\" data-wpel-link=\"external\" rel=\"external noopener noreferrer\"><strong>El Perchel<\/strong><\/a><\/li>\n<\/ul>\n<h3><span class=\"ez-toc-section\" id=\"San_Isidro_Labrador_%E2%80%93_Estepona\"><\/span>San Isidro Labrador \u2013 Estepona<span class=\"ez-toc-section-end\"><\/span><\/h3>\n<p><img loading=\"lazy\" decoding=\"async\" class=\"alignnone size-large wp-image-19317\" src=\"https:\/\/www.malagacar.com\/sp\/blog\/wp-content\/uploads\/2025\/04\/San-Isidro-Estepona-1024x683.jpg\" alt=\"San Isidro Labrador \u2013 Estepona\" width=\"750\" height=\"500\" \/><\/p>\n<p>Chaque ann\u00e9e, le 15 mai, Estepona c\u00e9l\u00e8bre son saint patron, San Isidro. Ce saint est \u00e9galement le saint patron des agriculteurs, et sa f\u00eate est donc c\u00e9l\u00e9br\u00e9e dans d&rsquo;autres villes aussi.<\/p>\n<p>Ce qui rend cette c\u00e9l\u00e9bration si particuli\u00e8re \u00e0 Estepona, c&rsquo;est l&rsquo;atmosph\u00e8re festive qui r\u00e8gne dans la vieille ville, orn\u00e9e de foug\u00e8res, de palmes, de foin et de petits autels pr\u00e9sentant des produits agricoles, diss\u00e9min\u00e9s dans les rues et sur les places le long du parcours de la procession.<\/p>\n<p>On y croise aussi des cavaliers et des groupes de musique verdiales. Et m\u00eame des bars improvis\u00e9s s&rsquo;installent en pleine rue, o\u00f9 l&rsquo;on peut se restaurer et boire en bonne compagnie.<\/p>\n<ul>\n<li>Quand : 15 mai<\/li>\n<li>O\u00f9 : Vieille ville d&rsquo;Estepona<\/li>\n<li><a href=\"https:\/\/maps.app.goo.gl\/EgDQdddejF13DAE78\" data-wpel-link=\"external\" rel=\"external noopener noreferrer\"><strong>Comment s&rsquo;y rendre<\/strong><\/a><\/li>\n<\/ul>\n<h3><span class=\"ez-toc-section\" id=\"Salon_du_livre_%E2%80%93_Malaga\"><\/span>Salon du livre &#8211; Malaga<span class=\"ez-toc-section-end\"><\/span><\/h3>\n<p><img loading=\"lazy\" decoding=\"async\" class=\"alignnone size-large wp-image-19314\" src=\"https:\/\/www.malagacar.com\/sp\/blog\/wp-content\/uploads\/2026\/03\/feria-del-libro-1024x316.jpg\" alt=\"Feria del Libro - M\u00e1laga\" width=\"750\" height=\"231\" \/><\/p>\n<p>Visitez le Salon du livre du Paseo del Parque, \u00e0 deux pas du centre historique et de la mer. Comptant parmi les \u00e9v\u00e9nements litt\u00e9raires les plus importants de la ville, le Salon du livre c\u00e9l\u00e8bre cette ann\u00e9e sa 55e \u00e9dition avec un programme riche et vari\u00e9\u00a0: pr\u00e9sentations de livres, conf\u00e9rences et rencontres avec des auteurs nationaux et internationaux.<\/p>\n<ul>\n<li><a href=\"https:\/\/ferialibromalaga.com\/\" data-wpel-link=\"external\" rel=\"external noopener noreferrer\"><strong>Informations compl\u00e9mentaires et programme<\/strong><\/a><\/li>\n<li>Dates : du 30 avril au 10 mai<\/li>\n<li>Lieu : Paseo del Parque, Malaga<\/li>\n<li><a href=\"https:\/\/maps.app.goo.gl\/3FzFxRJq34pTwQGg6\" data-wpel-link=\"external\" rel=\"external noopener noreferrer\"><strong>Comment s&rsquo;y rendre<\/strong><\/a><\/li>\n<\/ul>\n<h3><span class=\"ez-toc-section\" id=\"Coffee_Expo_%E2%80%93_Torremolinos\"><\/span>Coffee Expo \u2013 Torremolinos<span class=\"ez-toc-section-end\"><\/span><\/h3>\n<p><img loading=\"lazy\" decoding=\"async\" class=\"alignnone size-large wp-image-19301\" src=\"https:\/\/www.malagacar.com\/sp\/blog\/wp-content\/uploads\/2025\/04\/coffee-expo-torremolinos-1024x539.jpg\" alt=\"Coffee Expo \u2013 Torremolinos\" width=\"750\" height=\"395\" \/><\/p>\n<p>Cet \u00e9v\u00e9nement est d\u00e9di\u00e9 aux passionn\u00e9s de caf\u00e9. Torremolinos accueille pour la premi\u00e8re fois le grand salon international du caf\u00e9, \u00ab\u00a0Coffee Expo Costa del Sol 2026\u00a0\u00bb.<\/p>\n<p>Le Centre de conf\u00e9rences de Torremolinos sera le th\u00e9\u00e2tre de cet \u00e9v\u00e9nement, qui se d\u00e9roulera du 8 au 10 mai.<\/p>\n<p>Le salon mettra en avant de nombreuses marques andalouses locales, ainsi que de grandes marques internationales. Pendant trois jours, Coffee Expo proposera un programme complet de conf\u00e9rences, d&rsquo;ateliers et d&rsquo;activit\u00e9s, dont le Championnat national de Latte Art. Un espace d\u00e9gustation sera \u00e9galement am\u00e9nag\u00e9.<\/p>\n<p>Parmi les intervenants, vous retrouverez Nacho Prado d&rsquo;Artisan Coffee. Notre article vous propose l&rsquo;interview que nous avons r\u00e9alis\u00e9e avec lui, ainsi que toutes les informations essentielles sur l&rsquo;<a href=\"https:\/\/www.malagacar.com\/fr\/blog\/loisirs\/cafe-a-malaga\/\" data-wpel-link=\"internal\"><strong>art du caf\u00e9 \u00e0 Malaga<\/strong><\/a>. Amateurs de caf\u00e9 artisanal, n&rsquo;h\u00e9sitez pas \u00e0 faire un tour dans sa boutique situ\u00e9e en plein centre de Malaga.<\/p>\n<ul>\n<li>Informations <a href=\"https:\/\/coffeeexpo.co\/\" data-wpel-link=\"external\" rel=\"external noopener noreferrer\"><strong>compl\u00e9mentaires et billets<\/strong><\/a><\/li>\n<li>Dates\u00a0: du 8 au 10 mai<\/li>\n<li>O\u00f9 : Palais des Congr\u00e8s, Torremolinos<\/li>\n<li><a href=\"https:\/\/maps.app.goo.gl\/Z8cT2uHVYZLm5dFg6\" data-wpel-link=\"external\" rel=\"external noopener noreferrer\"><strong>Comment s\u2019y rendre<\/strong><\/a><\/li>\n<\/ul>\n<h3><span class=\"ez-toc-section\" id=\"Afternoon_Tea_a_lhotel_El_Fuerte_%E2%80%93_Marbella\"><\/span>Afternoon Tea \u00e0 l&rsquo;h\u00f4tel El Fuerte \u2013 Marbella<span class=\"ez-toc-section-end\"><\/span><\/h3>\n<p><img loading=\"lazy\" decoding=\"async\" class=\"alignnone size-full wp-image-19140\" src=\"https:\/\/www.malagacar.com\/sp\/blog\/wp-content\/uploads\/2025\/03\/afternoon-tea-el-fuerte.jpeg\" alt=\"Afternoon Tea en el Hotel El Fuerte \u2013 Marbella\" width=\"1000\" height=\"667\" \/><\/p>\n<p>Cet h\u00f4tel 5 \u00e9toiles de Marbella propose une nouvelle formule \u00e9l\u00e9gante inspir\u00e9e du traditionnel afternoon tea anglais. Chaque apr\u00e8s-midi, de 16h \u00e0 19h, savourez un \u00ab Afternoon Tea Time \u00bb dans un cadre privil\u00e9gi\u00e9 en bord de mer.<\/p>\n<p>Dans ce d\u00e9cor raffin\u00e9, vous trouverez de la porcelaine d\u00e9licate, des p\u00e2tisseries fra\u00eechement pr\u00e9par\u00e9es, des bouch\u00e9es sal\u00e9es et une s\u00e9lection pointue de th\u00e9s et d&rsquo;infusions. Pour une exp\u00e9rience encore plus raffin\u00e9e, un verre de Taittinger Brut R\u00e9serve ou une d\u00e9gustation de caviar peuvent \u00eatre ajout\u00e9s.<\/p>\n<p>Une r\u00e9servation pr\u00e9alable est requise 24 heures \u00e0 l&rsquo;avance en appelant le +34 952 861 500 ou en envoyant un e-mail \u00e0 <a href=\"mailto:guex@elfuertemarbella.com\"><strong>guex@elfuertemarbella.com<\/strong><\/a> (Service Client).<\/p>\n<ul>\n<li>Quand : Tous les apr\u00e8s-midi de 16h \u00e0 19h<\/li>\n<li>O\u00f9 : H\u00f4tel El Fuerte, Marbella<\/li>\n<li><a href=\"https:\/\/maps.app.goo.gl\/iVD7vsBXRCALJrRb6\" data-wpel-link=\"external\" rel=\"external noopener noreferrer\"><strong>Comment s&rsquo;y rendre<\/strong><\/a><\/li>\n<\/ul>\n<h3><span class=\"ez-toc-section\" id=\"Festival_de_theatre_%E2%80%93_Malaga\"><\/span>Festival de th\u00e9\u00e2tre \u2013 Malaga<span class=\"ez-toc-section-end\"><\/span><\/h3>\n<p><img loading=\"lazy\" decoding=\"async\" class=\"alignnone wp-image-18730\" src=\"https:\/\/www.malagacar.com\/sp\/blog\/wp-content\/uploads\/2024\/12\/Festival-teatro.jpg\" alt=\"Festival de Teatro \u2013 M\u00e1laga\" width=\"505\" height=\"506\" \/><\/p>\n<p>La deuxi\u00e8me partie de la 43e \u00e9dition du Festival de Th\u00e9\u00e2tre de Malaga se d\u00e9roulera du 22 avril au 30 mai.<\/p>\n<p>Les th\u00e9\u00e2tres Cervantes et Echegaray, situ\u00e9s dans le centre historique de Malaga, accueilleront 38 pi\u00e8ces, dont 5 cr\u00e9ations.<\/p>\n<ul>\n<li><a href=\"https:\/\/www.teatrocervantes.com\/es\/ciclos-y-festivales\/43-festival-de-teatro\/\" data-wpel-link=\"external\" rel=\"external noopener noreferrer\"><strong>Programme et billetterie<\/strong><\/a> disponibles sur le site officiel du Th\u00e9\u00e2tre Cervantes.<\/li>\n<\/ul>\n<h3><span class=\"ez-toc-section\" id=\"Patiner_dans_la_rue_%E2%80%93_Benalmadena\"><\/span>Patiner dans la rue \u2013 Benalmadena<span class=\"ez-toc-section-end\"><\/span><\/h3>\n<p><img loading=\"lazy\" decoding=\"async\" class=\"alignnone size-large wp-image-19287\" src=\"https:\/\/www.malagacar.com\/sp\/blog\/wp-content\/uploads\/2026\/03\/Patina-en-la-calle-Benalmadena-1024x728.jpg\" alt=\"Patina en la Calle \u2013 Benalm\u00e1dena\" width=\"750\" height=\"533\" \/><\/p>\n<p>Participez \u00e0 l&rsquo;un des \u00e9v\u00e9nements sportifs les plus populaires de Benalm\u00e1dena pendant les mois d&rsquo;\u00e9t\u00e9 : le street skating !<\/p>\n<p>Pour sa seizi\u00e8me \u00e9dition, cette activit\u00e9 gratuite est ouverte \u00e0 tous. Chaussez vos patins et profitez d&rsquo;un parcours dans les rues pi\u00e9tonnes de la ville.<\/p>\n<h4>Rendez-vous \u00e0 Arroyo de la Miel aux dates suivantes\u00a0:<\/h4>\n<p>8 mai et 12 juin, \u00e0 20h00, au d\u00e9part de la Casa de la Cultura (Centre Culturel) \u00e0 Arroyo de la Miel.<\/p>\n<ul>\n<li>Dates : 8 mai et 12 juin \u00e0 20h<\/li>\n<li>Lieu : D\u00e9part de la Casa de la Cultura \u00e0 Arroyo de la Miel<\/li>\n<li><a href=\"https:\/\/maps.app.goo.gl\/zuTBf9Q44V89u3uw9\" data-wpel-link=\"external\" rel=\"external noopener noreferrer\"><strong>Comment s&rsquo;y rendre<\/strong><\/a><\/li>\n<\/ul>\n<h3><span class=\"ez-toc-section\" id=\"Journee_du_velo_patin_a_roulettes%E2%80%93_Torremolinos\"><\/span>Journ\u00e9e du v\u00e9lo &amp; patin \u00e0 roulettes\u2013 Torremolinos<span class=\"ez-toc-section-end\"><\/span><\/h3>\n<p><img loading=\"lazy\" decoding=\"async\" class=\"alignnone wp-image-19358\" src=\"https:\/\/www.malagacar.com\/sp\/blog\/wp-content\/uploads\/2025\/04\/dia-bici-Torremolinos-1-819x1024.jpg\" alt=\"D\u00eda de la Bicicleta y del Pat\u00edn \u2013 Torremolinos\" width=\"497\" height=\"622\" \/><\/p>\n<p>Participez \u00e0 cet \u00e9v\u00e9nement gratuit c\u00e9l\u00e9brant le v\u00e9lo et le skateboard, le dimanche 16 mai \u00e0 Torremolinos.<\/p>\n<p>Un circuit de huit kilom\u00e8tres longe le littoral de la ville pour les plus de 8 ans, et un parcours plus court est propos\u00e9 aux enfants de moins de 7 ans.<\/p>\n<figure id=\"attachment_17301\" aria-describedby=\"caption-attachment-17301\" style=\"width: 768px\" class=\"wp-caption alignnone\"><img loading=\"lazy\" decoding=\"async\" class=\"wp-image-17301 size-full\" src=\"https:\/\/www.malagacar.com\/sp\/blog\/wp-content\/uploads\/2025\/04\/dia-de-bici-Torremolinos.jpg\" alt=\"D\u00eda de la Bicicleta y del Pat\u00edn \u2013 Torremolinos\" width=\"768\" height=\"513\" \/><figcaption id=\"caption-attachment-17301\" class=\"wp-caption-text\">La Journ\u00e9e du v\u00e9lo dans une \u00e9dition pr\u00e9c\u00e9dente<\/figcaption><\/figure>\n<ul>\n<li>Inscription en ligne via l&rsquo;<a href=\"https:\/\/play.google.com\/store\/apps\/details?id=torremolinos.gecorsystem.gecorn&amp;pcampaignid=web_share\" data-wpel-link=\"external\" rel=\"external noopener noreferrer\"><strong>app Torremolinos Despega<\/strong><\/a><\/li>\n<li>Date\u00a0: 16 mai. Rendez-vous \u00e0 10h00, d\u00e9part \u00e0 11h00. Fin de l&rsquo;\u00e9v\u00e9nement vers 13h00.<\/li>\n<li>Lieu\u00a0: Parking \u00e0 c\u00f4t\u00e9 du bar de plage El Gale\u00f3n (plage de Playamar)<\/li>\n<li><a href=\"https:\/\/maps.app.goo.gl\/iTnK9mFBcm3vc7PZ8\" data-wpel-link=\"external\" rel=\"external noopener noreferrer\"><strong>Comment s&rsquo;y rendre<\/strong><\/a><\/li>\n<\/ul>\n<h3><span class=\"ez-toc-section\" id=\"Race_urbaine_%E2%80%93_Estepona\"><\/span>Race urbaine \u2013 Estepona<span class=\"ez-toc-section-end\"><\/span><\/h3>\n<p><img loading=\"lazy\" decoding=\"async\" class=\"alignnone wp-image-19247\" src=\"https:\/\/www.malagacar.com\/sp\/blog\/wp-content\/uploads\/2025\/04\/carrera-urbana-Estepona-728x1024.jpeg\" alt=\"Carrera Urbana \u2013 Estepona\" width=\"483\" height=\"679\" \/><\/p>\n<p>Vous aimez courir\u00a0? Alors inscrivez-vous \u00e0 cette course urbaine de 10\u00a0km. L\u2019Estepona Urban Race est l\u2019une des plus populaires d\u2019Andalousie gr\u00e2ce \u00e0 son parcours unique qui traverse les rues principales de la ville et longe la promenade du front de mer, et \u00e0 son ambiance fantastique.<\/p>\n<p><img loading=\"lazy\" decoding=\"async\" class=\"alignnone size-large wp-image-19248\" src=\"https:\/\/www.malagacar.com\/sp\/blog\/wp-content\/uploads\/2025\/04\/carrera-urbana-estepona2-1024x683.jpg\" alt=\"Carrera Urbana \u2013 Estepona\" width=\"750\" height=\"500\" \/><\/p>\n<ul>\n<li><a href=\"https:\/\/www.dorsalchip.es\/carrera\/2026\/5\/3\/XIII_Carrera_Urbana_10k_y_5k_de_Estepona.aspx\" data-wpel-link=\"external\" rel=\"external noopener noreferrer\"><strong>Informations compl\u00e8tes et inscription<\/strong><\/a><\/li>\n<li>Quand : Dimanche 3 mai<\/li>\n<li>O\u00f9 : Estepona<\/li>\n<li><a href=\"https:\/\/maps.app.goo.gl\/yqKPRetXDTYoQtov6\" data-wpel-link=\"external\" rel=\"external noopener noreferrer\"><strong>Comment s&rsquo;y rendre<\/strong><\/a><\/li>\n<\/ul>\n<h3><span class=\"ez-toc-section\" id=\"Nuit_en_blanc_%E2%80%93_Malaga\"><\/span>Nuit en blanc &#8211; Malaga<span class=\"ez-toc-section-end\"><\/span><\/h3>\n<p><img loading=\"lazy\" decoding=\"async\" class=\"alignnone size-large wp-image-19244\" src=\"https:\/\/www.malagacar.com\/sp\/blog\/wp-content\/uploads\/2025\/04\/Noche-en-Blanco-Malaga-1024x534.jpg\" alt=\"Noche en Blanco - M\u00e1laga\" width=\"750\" height=\"391\" \/><\/p>\n<p>Le samedi 16 mai, le grand \u00e9v\u00e9nement culturel nocturne revient \u00e0 Malaga, confirmant son statut de rendez-vous culturel incontournable de la ville. Pour cette 17e \u00e9dition, les rues, les mus\u00e9es et les centres culturels de Malaga se m\u00e9tamorphoseront sous le th\u00e8me \u00ab\u00a0L&rsquo;avenir s&rsquo;\u00e9crit avec la musique\u00a0\u00bb.<\/p>\n<p>De 20h \u00e0 1h du matin, profitez d&rsquo;une exp\u00e9rience culturelle participative et gratuite dans les rues de Malaga.<\/p>\n<ul>\n<li>Visites sp\u00e9ciales : Ouverture nocturne de monuments tels que l&rsquo;Alcazaba, le ch\u00e2teau de Gibralfaro ou le cimeti\u00e8re anglais.<\/li>\n<\/ul>\n<ul>\n<li>Mus\u00e9es et expositions\u00a0: Acc\u00e8s gratuit au mus\u00e9e Picasso, \u00e0 la collection du mus\u00e9e russe, au Centre Pompidou, au mus\u00e9e de Malaga et au CAC Malaga, parmi beaucoup d\u2019autres.<\/li>\n<\/ul>\n<ul>\n<li>Musique en direct : Des sc\u00e8nes r\u00e9parties dans tout le centre historique accueilleront des concerts de tous genres, en accord avec le th\u00e8me de cette ann\u00e9e.<\/li>\n<\/ul>\n<ul>\n<li>Arts visuels et arts de rue\u00a0: installations lumineuses et projections sur des fa\u00e7ades embl\u00e9matiques telles que la cath\u00e9drale ou l\u2019h\u00f4tel de ville.<\/li>\n<\/ul>\n<ul>\n<li>Consultez le programme complet sur le <a href=\"https:\/\/www.lanocheenblancomalaga.com\/\" data-wpel-link=\"external\" rel=\"external noopener noreferrer\"><strong>site officiel<\/strong><\/a><\/li>\n<li>Date : 16 mai<\/li>\n<li>O\u00f9\u00a0: Centre-ville de Malaga, mus\u00e9es et lieux participants<\/li>\n<\/ul>\n<h3><span class=\"ez-toc-section\" id=\"Concerts_Candelight_%E2%80%93_Malaga\"><\/span>Concerts Candelight &#8211; Malaga<span class=\"ez-toc-section-end\"><\/span><\/h3>\n<p><a href=\"https:\/\/www.malagacar.com\/sp\/blog\/wp-content\/uploads\/2020\/01\/IMG_20211122_083656_009.jpg\" data-wpel-link=\"internal\"><img loading=\"lazy\" decoding=\"async\" class=\"alignnone wp-image-10160\" src=\"https:\/\/www.malagacar.com\/sp\/blog\/wp-content\/uploads\/2020\/01\/IMG_20211122_083656_009-768x1024.jpg\" alt=\"\" width=\"452\" height=\"602\" \/><\/a><\/p>\n<p>Dans la salle de concert Mar\u00eda Cristina, un monast\u00e8re franciscain du XVe si\u00e8cle situ\u00e9 au c\u0153ur de Malaga, \u00e0 l&rsquo;acoustique exceptionnelle et \u00e0 la beaut\u00e9 unique.<\/p>\n<p>R\u00e9cemment, de plus en plus de lieux uniques de Malaga se sont joints \u00e0 cette exp\u00e9rience, comme le mus\u00e9e Carmen Thyssen et maintenant le Gran Hotel Miramar.<\/p>\n<p>Nous vous recommandons personnellement cette exp\u00e9rience de concerts classiques et d&rsquo;hommages \u00e0 la lumi\u00e8re des bougies.<\/p>\n<h4>Programme de mai<\/h4>\n<p><strong>Hommage \u00e0 Coldplay<\/strong> au Gran Hotel Miramar, le 3 mai<br \/>\n<strong>Hommage \u00e0 La Ley Innata<\/strong> au Gran Hotel Miramar, le 3 mai<br \/>\n<strong>Tcha\u00efkovski, Casse-Noisette et plus<\/strong> \u00e0 la Sala Mar\u00eda Cristina, le 8 mai<br \/>\n<strong>Hommage \u00e0 Hans Zimmer<\/strong> au Gran Hotel Miramar, le 9 mai<br \/>\n<strong>Tribute aux l\u00e9gendes du rock britannique<\/strong> au Gran Hotel Miramar, le 9 mai<br \/>\n<strong>De Mozart \u00e0 Chopin<\/strong> \u00e0 la Sala Mar\u00eda Cristina, le 15 mai<br \/>\n<strong>Hommage \u00e0 Ludovico Einaudi<\/strong> \u00e0 la Sala Mar\u00eda Cristina, 15 mai<br \/>\n<strong>Le meilleur d&rsquo;Outlander<\/strong> au Gran Hotel Miramar, le 24 mai<\/p>\n<ul>\n<li>Billets \u00e0 <a href=\"https:\/\/feverup.com\/malaga\/candlelight?utm_content=candlelight&amp;utm_source=malagasecreta&amp;utm_medium=post&amp;utm_term=cta3\" data-wpel-link=\"external\" rel=\"external noopener noreferrer\"><strong>Feverup<\/strong><\/a><\/li>\n<li>O\u00f9 : <a href=\"https:\/\/maps.app.goo.gl\/BACwA2S7rGRWoCWWA\" data-wpel-link=\"external\" rel=\"external noopener noreferrer\"><strong>Sala de Conciertos Mar\u00eda Cristina<\/strong><\/a>, <a href=\"https:\/\/maps.app.goo.gl\/fL8iZoUwDAsAEMzL8\" data-wpel-link=\"external\" rel=\"external noopener noreferrer\"><strong>Museo Carmen Thyssen,<\/strong><\/a> <a href=\"https:\/\/maps.app.goo.gl\/72v8MZ3kaGEw7Kc17\" data-wpel-link=\"external\" rel=\"external noopener noreferrer\"><strong>Gran Hotel Miramar<\/strong><\/a>, <a href=\"https:\/\/maps.app.goo.gl\/kyQacJ5dPcu33NXZ6\" data-wpel-link=\"external\" rel=\"external noopener noreferrer\"><strong>Automobile Museum<\/strong><\/a> et <a href=\"https:\/\/www.malagacar.com\/fr\/blog\/loisirs\/jardin-botanique-historique-malaga\/\" data-wpel-link=\"internal\"><strong>Jardin Botanique historique<\/strong><\/a>, Malaga<\/li>\n<\/ul>\n<h3><span class=\"ez-toc-section\" id=\"FreakCon_%E2%80%93_Torremolinos\"><\/span>FreakCon &#8211; Torremolinos<span class=\"ez-toc-section-end\"><\/span><\/h3>\n<p><img loading=\"lazy\" decoding=\"async\" class=\"alignnone wp-image-19245\" src=\"https:\/\/www.malagacar.com\/sp\/blog\/wp-content\/uploads\/2025\/04\/Freak-Con-Torremolinos-819x1024.webp\" alt=\"FreakCon - Torremolinos\" width=\"498\" height=\"623\" \/><\/p>\n<p>La 10e \u00e9dition de FreakCon se tiendra \u00e0 Torremolinos les 22, 23 et 24 mai. Venez vivre deux jours de culture geek \u00e0 travers une multitude d&rsquo;activit\u00e9s.<\/p>\n<p>L&rsquo;\u00e9v\u00e9nement aura lieu au Centre de conf\u00e9rences de Torremolinos et proposera cosplay, K-pop, manga, BD, films, s\u00e9ries t\u00e9l\u00e9vis\u00e9es, jeux de soci\u00e9t\u00e9 et jeux vid\u00e9o. Au programme \u00e9galement\u00a0: ateliers, concours, spectacles, concerts et food trucks.<\/p>\n<h4>K-Pop Fest<\/h4>\n<p><img loading=\"lazy\" decoding=\"async\" class=\"alignnone size-large wp-image-19242\" src=\"https:\/\/www.malagacar.com\/sp\/blog\/wp-content\/uploads\/2025\/04\/kpop-1024x512.jpg\" alt=\"K-Pop Fest\" width=\"750\" height=\"375\" \/><\/p>\n<p>Nouveaut\u00e9 cette ann\u00e9e\u00a0: un programme enrichi avec le K-Pop Fest. Cet \u00e9v\u00e9nement ind\u00e9pendant de Freak Con aura lieu le vendredi 22\u00a0mai, de 17\u00a0h \u00e0 23\u00a0h, et proposera des ateliers, des concerts, des expositions et des performances chor\u00e9graphiques en direct.<\/p>\n<ul>\n<li>Plus d&rsquo;informations et billetterie sur le <a href=\"https:\/\/freakcon.es\/\" data-wpel-link=\"external\" rel=\"external noopener noreferrer\"><strong>site officiel<\/strong><\/a><\/li>\n<li>Dates\u00a0: 22, 23 et 24 mai<\/li>\n<li>O\u00f9 : Centre de conf\u00e9rences de Torremolinos<\/li>\n<li><a href=\"https:\/\/maps.app.goo.gl\/4TubrMMV49uipekZ7\" data-wpel-link=\"external\" rel=\"external noopener noreferrer\"><strong>Comment s&rsquo;y rendre<\/strong><\/a><\/li>\n<\/ul>\n<h3><span class=\"ez-toc-section\" id=\"Brunch_Electronic_%E2%80%93_Malaga\"><\/span>Brunch Electronic \u2013 Malaga<span class=\"ez-toc-section-end\"><\/span><\/h3>\n<p><img loading=\"lazy\" decoding=\"async\" class=\"alignnone size-large wp-image-19309\" src=\"https:\/\/www.malagacar.com\/sp\/blog\/wp-content\/uploads\/2025\/04\/brunch-electronic-1024x544.jpg\" alt=\"Brunch Electronic \u2013 M\u00e1laga\" width=\"750\" height=\"398\" \/><\/p>\n<p>Les amateurs de musique \u00e9lectronique internationale ne manqueront pas cet \u00e9v\u00e9nement incontournable. Brunch Electronic s&rsquo;installe chaque printemps et automne \u00e0 l&rsquo;Auditorium Cortijo de Torres de Malaga, en plein air.<\/p>\n<p>Sa particularit\u00e9\u00a0? Se d\u00e9rouler le samedi apr\u00e8s-midi, de 18h \u00e0 2h du matin, dans une ambiance festive et d\u00e9contract\u00e9e. Le festival est \u00e9galement r\u00e9put\u00e9 pour son atmosph\u00e8re positive, son engagement \u00e9coresponsable, son esprit communautaire et son ouverture \u00e0 tous. Si vous aimez danser sur de la techno et de la house, venez nous rejoindre\u00a0! Vous allez adorer. Des espaces de d\u00e9tente et de restauration sont \u00e9galement disponibles sur place.<\/p>\n<ul>\n<li><a href=\"https:\/\/malaga.brunchelectronik.com\/\" data-wpel-link=\"external\" rel=\"external noopener noreferrer\"><strong>Billets<\/strong><\/a><\/li>\n<li>Dates : 2 mai<\/li>\n<li>Lieu : Auditorium municipal Cortijo de Torres, Malaga<\/li>\n<li><a href=\"https:\/\/maps.app.goo.gl\/6cLKeUZQH9GwtxeUA\" data-wpel-link=\"external\" rel=\"external noopener noreferrer\"><strong>Comment s&rsquo;y rendre<\/strong><\/a><\/li>\n<\/ul>\n<h3><span class=\"ez-toc-section\" id=\"Ocean_Club_Opening_Party_%E2%80%93_Marbella\"><\/span>Ocean Club Opening Party &#8211; Marbella<span class=\"ez-toc-section-end\"><\/span><\/h3>\n<figure id=\"attachment_5295\" aria-describedby=\"caption-attachment-5295\" style=\"width: 800px\" class=\"wp-caption alignnone\"><img loading=\"lazy\" decoding=\"async\" class=\"size-full wp-image-5295\" src=\"https:\/\/www.malagacar.com\/sp\/blog\/wp-content\/uploads\/2016\/03\/Ocean-Opening.jpg\" alt=\"Ocean Club Marbella\" width=\"800\" height=\"451\" \/><figcaption id=\"caption-attachment-5295\" class=\"wp-caption-text\">Ocean Club Marbella<\/figcaption><\/figure>\n<p>Pour les amoureux du soleil et des f\u00eates sur la plage, l&rsquo;ouverture de la saison des meilleurs clubs de plage de Marbella marque le compte \u00e0 rebours avant l&rsquo;arriv\u00e9e de l&rsquo;\u00e9t\u00e9.<\/p>\n<p>L&rsquo;Ocean Club Marbella organisera sa soir\u00e9e d&rsquo;ouverture le 1er mai prochain sur le th\u00e8me des Ann\u00e9es folles.<\/p>\n<ul>\n<li><a href=\"https:\/\/bookings.oceanclub.es\/book\/events\" data-wpel-link=\"external\" rel=\"external noopener noreferrer\"><strong>R\u00e9servations<\/strong><\/a><\/li>\n<li>Quand : 1er mai, de 18h \u00e0 minuit<\/li>\n<li>O\u00f9 : Ocean Club Puerto Ban\u00fas<\/li>\n<li><a href=\"https:\/\/goo.gl\/maps\/11UssraY7DLXnTS88\" data-wpel-link=\"external\" rel=\"external noopener noreferrer\"><strong>Comment s&rsquo;y rendre<\/strong><\/a><\/li>\n<\/ul>\n<h3><span class=\"ez-toc-section\" id=\"Triathlon_%E2%80%93_Benalmadena\"><\/span>Triathlon &#8211; Benalmadena<span class=\"ez-toc-section-end\"><\/span><\/h3>\n<p>Le triathlon de Benalm\u00e1dena aura lieu le dimanche 31 mai \u00e0 la marina de Benalm\u00e1dena.<\/p>\n<p>L&rsquo;\u00e9preuve comprend 750 m de natation, 21 km de v\u00e9lo et 5 km de course \u00e0 pied.<\/p>\n<p><iframe loading=\"lazy\" title=\"XI TRIATL\u00d3N BENALM\u00c1DENA 2024\" src=\"https:\/\/www.youtube.com\/embed\/3kiUP8iHUDk\" width=\"695\" height=\"391\" frameborder=\"0\" allowfullscreen=\"allowfullscreen\"><\/iframe><\/p>\n<ul>\n<li>Date et heure : Dimanche 31 mai 2026 \u00e0 9 h<\/li>\n<li><a href=\"https:\/\/triatlonandalucia.org\/competiciones\/xiii-triatlon-de-benalmadena\/\" data-wpel-link=\"external\" rel=\"external noopener noreferrer\"><strong>Inscription<\/strong><\/a><\/li>\n<\/ul>\n<h3><span class=\"ez-toc-section\" id=\"Fete_du_printemps_%E2%80%93_Coin\"><\/span>F\u00eate du printemps &#8211; Co\u00edn<span class=\"ez-toc-section-end\"><\/span><\/h3>\n<p><img loading=\"lazy\" decoding=\"async\" class=\"alignnone wp-image-13446\" src=\"https:\/\/www.malagacar.com\/sp\/blog\/wp-content\/uploads\/2022\/04\/feria-coin.jpg\" alt=\"Feria de Primavera Co\u00edn\" width=\"600\" height=\"840\" \/><\/p>\n<p>Co\u00edn c\u00e9l\u00e8bre sa f\u00eate de printemps du 30 avril au 3 mai. Au programme\u00a0: de nombreuses activit\u00e9s, des concerts, les traditionnels stands de f\u00eate foraine, ainsi que des DJ et des spectacles de flamenco. Le parc p\u00e9riurbain accueillera un grand parc d&rsquo;attractions pour les enfants.<\/p>\n<p>Le 1er mai aura lieu la procession traditionnelle jusqu&rsquo;\u00e0 l&rsquo;ermitage de la Vierge de Fuensanta, sainte patronne de Co\u00edn. La Fiesta de la Cruz de Mayo (F\u00eate de la Croix de Mai) se d\u00e9roulera le 3 mai avec des processions dans les rues de la ville.<\/p>\n<ul>\n<li>Dates : du 30 avril au 3 mai<\/li>\n<li><a href=\"https:\/\/goo.gl\/maps\/d2RV7u2jmb21f13p9\" data-wpel-link=\"external\" rel=\"external noopener noreferrer\"><strong>Comment s&rsquo;y rendre<\/strong><\/a><\/li>\n<\/ul>\n<h3><span class=\"ez-toc-section\" id=\"Pleine_lune_a_Hydros_Spa_%E2%80%93_Benalmadena\"><\/span>Pleine lune \u00e0 Hydros Spa &#8211; Benalm\u00e1dena<span class=\"ez-toc-section-end\"><\/span><\/h3>\n<p><img loading=\"lazy\" decoding=\"async\" class=\"alignnone size-full wp-image-15528\" src=\"https:\/\/www.malagacar.com\/sp\/blog\/wp-content\/uploads\/2023\/05\/Noche-spa-hydros.jpg\" alt=\"Hydros Spa Benalm\u00e1dena\" width=\"900\" height=\"471\" \/><\/p>\n<p>Nous incluons \u00e9galement une proposition diff\u00e9rente de l&rsquo;h\u00f4tel Holiday World de Benalm\u00e1dena : Profitez du spa pendant la nuit de la pleine lune.<\/p>\n<p>Profitez de la magie d&rsquo;une s\u00e9ance de spa nocturne de 60 minutes avec une vue spectaculaire sur la baie de Benalmadena et Fuengirola, co\u00efncidant avec la pleine lune.<\/p>\n<p>Avec une boisson de bienvenue et des fruits, des attentions particuli\u00e8res. Parfait pour un couple ou des amis.<\/p>\n<ul>\n<li><a href=\"https:\/\/pwa.holidayworldresort.com\/experiencias\/para-mi?hotel=experiencias&amp;filters=[%2213%22]\" data-wpel-link=\"external\" rel=\"external noopener noreferrer\"><strong> R\u00e9servations <\/strong><\/a><\/li>\n<li>Quand : 1 mai<\/li>\n<li><a href=\"https:\/\/maps.app.goo.gl\/8SV8SuFTrbvrLTgt8\" data-wpel-link=\"external\" rel=\"external noopener noreferrer\"><strong> Comment s&rsquo;y rendre<\/strong><\/a><\/li>\n<\/ul>\n<h3><span class=\"ez-toc-section\" id=\"Pride_%E2%80%93_Torremolinos\"><\/span>Pride &#8211; Torremolinos<span class=\"ez-toc-section-end\"><\/span><\/h3>\n<p><img loading=\"lazy\" decoding=\"async\" class=\"alignnone size-full wp-image-19414\" src=\"https:\/\/www.malagacar.com\/sp\/blog\/wp-content\/uploads\/2025\/05\/Pride-Torremolinos.jpg\" alt=\"Pride - Torremolinos\" width=\"900\" height=\"506\" \/><\/p>\n<p>La 11e \u00e9dition de la Marche des Fiert\u00e9s LGBTQ+ de Torremolinos aura lieu du 26 mai au 6 juin 2026.<\/p>\n<figure id=\"attachment_13582\" aria-describedby=\"caption-attachment-13582\" style=\"width: 1195px\" class=\"wp-caption alignnone\"><img loading=\"lazy\" decoding=\"async\" class=\"wp-image-13582\" src=\"https:\/\/www.malagacar.com\/sp\/blog\/wp-content\/uploads\/2022\/05\/pride.jpg\" alt=\"Pride Torremolinos\" width=\"1195\" height=\"672\" \/><figcaption id=\"caption-attachment-13582\" class=\"wp-caption-text\">Les concerts de la Plaza Nogalera rassemblent chaque ann\u00e9e des milliers de personnes.<\/figcaption><\/figure>\n<p>C&rsquo;est l&rsquo;une des plus importantes c\u00e9l\u00e9brations LGBTQ+ d&rsquo;Espagne, rassemblant chaque ann\u00e9e des milliers de personnes.<\/p>\n<p>Avec ses expositions, ses films, ses concerts, ses f\u00eates et son grand d\u00e9fil\u00e9 haut en couleurs, c&rsquo;est un \u00e9v\u00e9nement festif et f\u00e9d\u00e9rateur en plein air, qui culmine sur la place de La Nogalera.<\/p>\n<p><img loading=\"lazy\" decoding=\"async\" class=\"alignnone size-full wp-image-17379\" src=\"https:\/\/www.malagacar.com\/sp\/blog\/wp-content\/uploads\/2024\/05\/desfile-pride.jpg\" alt=\"Pride Torremolinos\" width=\"800\" height=\"533\" \/><\/p>\n<ul>\n<li>Plus d&rsquo;<a href=\"https:\/\/www.facebook.com\/pridetorremolinos\" data-wpel-link=\"external\" rel=\"external noopener noreferrer\"><strong>informations<\/strong><\/a><\/li>\n<li>Dates : du 26 mai au 6 juin<\/li>\n<li><a href=\"https:\/\/goo.gl\/maps\/ZDtryJSwMa7wnPBS9\" data-wpel-link=\"external\" rel=\"external noopener noreferrer\"><strong>Comment s&rsquo;y rendre<\/strong><\/a><\/li>\n<\/ul>\n<h3><span class=\"ez-toc-section\" id=\"Ronda_Romantique_%E2%80%93_Ronda\"><\/span>Ronda Romantique &#8211; Ronda<span class=\"ez-toc-section-end\"><\/span><\/h3>\n<p><img loading=\"lazy\" decoding=\"async\" class=\"alignnone size-large wp-image-19239\" src=\"https:\/\/www.malagacar.com\/sp\/blog\/wp-content\/uploads\/2025\/04\/Ronda-Romantica-1024x516.jpg\" alt=\"Ronda Rom\u00e1ntica - Ronda\" width=\"750\" height=\"378\" \/><\/p>\n<p>Remontez le temps dans la <a href=\"https:\/\/www.malagacar.com\/fr\/blog\/loisirs\/decouvrez-ronda-en-voiture\/\" data-wpel-link=\"internal\"><strong>Ronda<\/strong><\/a> du XIXe si\u00e8cle. Toute la ville est impliqu\u00e9e dans cet \u00e9v\u00e9nement avec des costumes historiques, des d\u00e9fil\u00e9s, des reconstitutions historiques, des activit\u00e9s \u00e9questres et un grand march\u00e9 traditionnel.<\/p>\n<p>Il y aura \u00e9galement des spectacles pour enfants, de la musique et du flamenco. Un \u00e9v\u00e9nement color\u00e9 et passionnant \u00e0 ne pas manquer.<\/p>\n<p>Les principales sc\u00e8nes sont situ\u00e9es \u00e0 l&rsquo;Alameda del Tajo et dans le centre historique de la ville.<\/p>\n<ul>\n<li>Quand : 29, 30 et 31 mai<\/li>\n<li>O\u00f9 : Vieille ville de Ronda<\/li>\n<li><a href=\"https:\/\/maps.app.goo.gl\/ZA6AiekNGeW13xMCA\" data-wpel-link=\"external\" rel=\"external noopener noreferrer\"><strong>Comment s&rsquo;y rendre<\/strong><\/a><\/li>\n<\/ul>\n<p><iframe loading=\"lazy\" title=\"Ronda Rom\u00e1ntica 2017 Fitur Sub\" src=\"https:\/\/www.youtube.com\/embed\/CFQHkhYn1_Q\" width=\"1088\" height=\"496\" frameborder=\"0\" allowfullscreen=\"allowfullscreen\"><\/iframe><\/p>\n<h3><span class=\"ez-toc-section\" id=\"Samedis_du_vin_au_musee_%E2%80%93_Malaga\"><\/span>Samedis du vin au mus\u00e9e &#8211; Malaga<span class=\"ez-toc-section-end\"><\/span><\/h3>\n<p><img loading=\"lazy\" decoding=\"async\" class=\"alignnone size-large wp-image-16982\" src=\"https:\/\/www.malagacar.com\/sp\/blog\/wp-content\/uploads\/2025\/02\/sabados-de-vino-1024x534.jpg\" alt=\"S\u00e1bados de Vino en el Museo\" width=\"750\" height=\"391\" \/><\/p>\n<p>Le <a href=\"https:\/\/www.malagacar.com\/fr\/blog\/loisirs\/meilleurs-musees-malaga\/#Musee_du_Vin\" data-wpel-link=\"internal\"><strong>mus\u00e9e du vin<\/strong><\/a>, situ\u00e9 dans le centre historique de Malaga, organisera plusieurs \u00ab samedis du vin \u00bb au cours des prochains mois. Il s&rsquo;agit d&rsquo;une activit\u00e9 destin\u00e9e \u00e0 tous ceux qui s&rsquo;int\u00e9ressent au monde du vin.<\/p>\n<p>Vous apprendrez \u00e0 conna\u00eetre les vins d&rsquo;appellation d&rsquo;origine de Malaga et les caves qui les produisent. D\u00e9gustations incluses, bien s\u00fbr !<\/p>\n<ul>\n<li>Plus d&rsquo;<a href=\"https:\/\/museovinomalaga.com\/categoria-producto\/oferta-formativa\/\" data-wpel-link=\"external\" rel=\"external noopener noreferrer\"><strong>informations et r\u00e9servations<\/strong><\/a><\/li>\n<li><a href=\"https:\/\/maps.app.goo.gl\/oiqPT8aHPtPWKwLG7\" data-wpel-link=\"external\" rel=\"external noopener noreferrer\"><strong>Comment s&rsquo;y rendre<\/strong><\/a><\/li>\n<\/ul>\n<h3><span class=\"ez-toc-section\" id=\"Visite_nocturne_du_cimetiere_anglais_%E2%80%93_Malaga\"><\/span>Visite nocturne du cimeti\u00e8re anglais &#8211; Malaga<span class=\"ez-toc-section-end\"><\/span><\/h3>\n<p><img loading=\"lazy\" decoding=\"async\" class=\"alignnone wp-image-16313\" src=\"https:\/\/www.malagacar.com\/sp\/blog\/wp-content\/uploads\/2024\/10\/Visita-nocturna-cementerio-ingles-1024x966.jpg\" alt=\"Visita nocturna al Cementerio Ingl\u00e9s - M\u00e1laga\" width=\"734\" height=\"692\" \/><\/p>\n<p>Osez d\u00e9couvrir tous les secrets cach\u00e9s dans cette visite nocturne th\u00e9\u00e2tralis\u00e9e du cimeti\u00e8re anglais historique. Les personnalit\u00e9s qui y reposent prennent vie et vous racontent leurs histoires int\u00e9ressantes.<\/p>\n<p>La visite dure 1 heure et demie. Nombre de places limit\u00e9 jusqu&rsquo;\u00e0 \u00e9puisement de la capacit\u00e9.<\/p>\n<ul>\n<li><a href=\"https:\/\/historiavivamalaga.es\/visitas-teatralizadas-en-malaga\/cementerio-ingles-en-malaga\/?_gl=1*1qg529*_up*MQ..*_ga*NzIzNDMzNDQ4LjE3NTk3MzgwNTg.*_ga_YKXC5BWRQG*czE3NTk3MzgwNTckbzEkZzAkdDE3NTk3MzgwNTckajYwJGwwJGgw*_ga_MZ8MMM82Y1*czE3NTk3MzgwNTgkbzEkZzAkdDE3NTk3MzgwNTgkajYwJGwwJGgw\" data-wpel-link=\"external\" rel=\"external noopener noreferrer\"><strong>Plus d&rsquo;informations et billets<\/strong><\/a><\/li>\n<li>O\u00f9 : Cementerio Ingl\u00e9s, M\u00e1laga<\/li>\n<li><a href=\"https:\/\/maps.app.goo.gl\/vKia4xamSXpDjeyf6\" data-wpel-link=\"external\" rel=\"external noopener noreferrer\"><strong>Comment s&rsquo;y rendre<\/strong><\/a><\/li>\n<\/ul>\n<h3><span class=\"ez-toc-section\" id=\"Visite_theatrale_de_la_grotte_aux_tresors_%E2%80%93_Rincon_de_la_Victoria\"><\/span>Visite th\u00e9\u00e2trale de la grotte aux tr\u00e9sors &#8211; Rinc\u00f3n de la Victoria<span class=\"ez-toc-section-end\"><\/span><\/h3>\n<p><img loading=\"lazy\" decoding=\"async\" class=\"size-large wp-image-7849\" src=\"https:\/\/www.malagacar.com\/sp\/blog\/wp-content\/uploads\/2020\/03\/cueva-del-tesoro-1024x625.jpg\" alt=\"cueva del tesoro\" width=\"750\" height=\"458\" \/><\/p>\n<p>Remontez le temps et d\u00e9couvrez l&rsquo;histoire et les myst\u00e8res de la d\u00e9couverte de la Grotte au Tr\u00e9sor. Visites th\u00e9\u00e2tralis\u00e9es d&rsquo;une heure \u00e0 travers les diff\u00e9rentes galeries de la grotte.<\/p>\n<p>R\u00e9servation obligatoire pour cette activit\u00e9 via <a href=\"https:\/\/entradas.turismoenrincon.es\/\" data-wpel-link=\"external\" rel=\"external noopener noreferrer\"><strong>ce lien<\/strong><\/a>.<\/p>\n<ul>\n<li>Prochaines dates : 30 novembre I 28 d\u00e9cembre<\/li>\n<li>O\u00f9 : Grotte au tr\u00e9sor &#8211; Rinc\u00f3n de la Victoria<\/li>\n<li><a href=\"https:\/\/maps.app.goo.gl\/3sX5qj8EcDRxP7R37\" data-wpel-link=\"external\" rel=\"external noopener noreferrer\"><strong>Comment s&rsquo;y rendre<\/strong><\/a><\/li>\n<\/ul>\n<h3><span class=\"ez-toc-section\" id=\"Degustation_de_bieres_artisanales_%E2%80%93_Malaga\"><\/span>D\u00e9gustation de bi\u00e8res artisanales &#8211; Malaga<span class=\"ez-toc-section-end\"><\/span><\/h3>\n<p><img loading=\"lazy\" decoding=\"async\" class=\"alignnone size-large wp-image-18579\" src=\"https:\/\/www.malagacar.com\/sp\/blog\/wp-content\/uploads\/2024\/11\/Cata-de-cervezas-artesanas-1024x541.jpg\" alt=\"Cata de cervezas artesanas - M\u00e1laga\" width=\"750\" height=\"396\" \/><\/p>\n<p>Dans le \u00ab\u00a0quartier artistique\u00a0\u00bb branch\u00e9 de Soho, au c\u0153ur de Malaga, vous pouvez vous inscrire \u00e0 une d\u00e9gustation de bi\u00e8res artisanales. Plus pr\u00e9cis\u00e9ment \u00e0 La F\u00e1brica de Cerveza Cruzcampo, qui allie production de bi\u00e8res artisanales, bar, gastronomie et musique live.<\/p>\n<ul>\n<li>Plus d\u2019<a href=\"https:\/\/lafabricadecerveza.com\/experiencias-malaga\/\" data-wpel-link=\"external\" rel=\"external noopener noreferrer\"><strong>informations et r\u00e9servations<\/strong><\/a><\/li>\n<li>O\u00f9\u00a0: La F\u00e1brica, Malaga<\/li>\n<li><a href=\"https:\/\/maps.app.goo.gl\/D5DHHYApRd3cjeW37\" data-wpel-link=\"external\" rel=\"external noopener noreferrer\"><strong>Comment s\u2019y rendre<\/strong><\/a><\/li>\n<\/ul>\n<h3><span class=\"ez-toc-section\" id=\"Route_des_ammonites_%E2%80%93_Torcal_de_Antequera\"><\/span>Route des ammonites &#8211; Torcal de Antequera<span class=\"ez-toc-section-end\"><\/span><\/h3>\n<p><a href=\"https:\/\/www.malagacar.com\/blog\/wp-content\/uploads\/2021\/07\/ammonite.jpg\" data-wpel-link=\"internal\"><img loading=\"lazy\" decoding=\"async\" class=\"alignnone wp-image-10589 size-full\" src=\"https:\/\/www.malagacar.com\/blog\/wp-content\/uploads\/2021\/07\/ammonite.jpg\" alt=\"ammonite\" width=\"1200\" height=\"653\" \/><\/a><\/p>\n<p>Avez-vous d\u00e9j\u00e0 visit\u00e9 le spectaculaire parc naturel du <a href=\"https:\/\/www.malagacar.com\/fr\/blog\/loisirs\/torcal-de-antequera\/\" data-wpel-link=\"internal\"><strong>Torcal de Antequera<\/strong> <\/a>? Si vous ne connaissez pas encore cette fantastique formation karstique, vous pouvez vous inscrire \u00e0 cette visite guid\u00e9e pour d\u00e9couvrir les magnifiques ammonites (mollusques fossilis\u00e9s) \u00e0 plus de mille m\u00e8tres au-dessus de la mer.<\/p>\n<p>Au cours des prochains mois, plusieurs dates seront disponibles pendant les week-ends pour profiter de cette randonn\u00e9e interpr\u00e9tative dans le parc naturel du Torcal de Antequera.<\/p>\n<ul>\n<li>Dur\u00e9e : de 10h30 \u00e0 13h30 3 heures. Longueur : environ 4,5 km. Difficult\u00e9 : Moyenne-faible (d\u00e9conseill\u00e9 aux personnes souffrant de blessures au genou, \u00e0 la hanche ou \u00e0 la cheville, ainsi qu&rsquo;aux personnes \u00e2g\u00e9es de moins de 6 ans).<\/li>\n<li>Plus d&rsquo;<a href=\"https:\/\/www.torcaldeantequera.com\/rutas\/visitas-guiadas\/ruta-los-ammonites\/\" data-wpel-link=\"external\" rel=\"external noopener noreferrer\"><strong>informations et billets<\/strong><\/a><\/li>\n<li><a href=\"https:\/\/maps.app.goo.gl\/Cm8CEBikitzXGEWN9\" data-wpel-link=\"external\" rel=\"external noopener noreferrer\"><strong>Comment s&rsquo;y rendre<\/strong><\/a><\/li>\n<\/ul>\n<h2><span class=\"ez-toc-section\" id=\"Marches_de_rue_a_Malaga_en_mai\"><\/span>March\u00e9s de rue \u00e0 Malaga en mai<span class=\"ez-toc-section-end\"><\/span><\/h2>\n<h3><span class=\"ez-toc-section\" id=\"Marche_de_printemps_%E2%80%93_Quai_Un\"><\/span>March\u00e9 de printemps &#8211; Quai Un<span class=\"ez-toc-section-end\"><\/span><\/h3>\n<p><img loading=\"lazy\" decoding=\"async\" class=\"alignnone size-large wp-image-19417\" src=\"https:\/\/www.malagacar.com\/sp\/blog\/wp-content\/uploads\/2025\/05\/mercado-primavera-Muelle-Uno-1024x578.jpg\" alt=\"Mercado de Primavera - Muelle Uno\" width=\"750\" height=\"423\" \/><\/p>\n<p>Profitez d&rsquo;une promenade sur la magnifique <a href=\"https:\/\/www.malagacar.com\/fr\/blog\/loisirs\/quai-un-malaga\/\" data-wpel-link=\"internal\"><strong>Quai Un<\/strong><\/a> (<em>Muelle Uno<\/em>), \u00e0 deux pas du centre historique de Malaga, pour faire du shopping printanier et savourer une collation ou une boisson rafra\u00eechissante en terrasse.<\/p>\n<p>Jusqu&rsquo;au 14 juin, d\u00e9couvrez les stands proposant artisanat, mode, accessoires, produits alimentaires et sp\u00e9cialit\u00e9s locales.<\/p>\n<ul>\n<li>Quand : Jusqu&rsquo;au 12 juin, de 10h \u00e0 22h<\/li>\n<li>O\u00f9 : Muelle Uno<\/li>\n<li><a href=\"https:\/\/maps.app.goo.gl\/XWaiEPBHboK9Nt5M9\" data-wpel-link=\"external\" rel=\"external noopener noreferrer\"><strong>Comment s&rsquo;y rendre<\/strong><\/a><\/li>\n<\/ul>\n<h3><span class=\"ez-toc-section\" id=\"Marche_de_lartisanat_La_Merced_%E2%80%93_Malaga\"><\/span>March\u00e9 de l&rsquo;artisanat La Merced &#8211; Malaga<span class=\"ez-toc-section-end\"><\/span><\/h3>\n<p><img loading=\"lazy\" decoding=\"async\" class=\"alignnone size-full wp-image-9843\" src=\"https:\/\/www.malagacar.com\/sp\/blog\/wp-content\/uploads\/2020\/11\/Plaza-Merced-Foto-VisitaCostadelSol.webp\" alt=\"\" width=\"750\" height=\"430\" \/><\/p>\n<p>Chaque premier dimanche du mois, ce march\u00e9 artisanal color\u00e9 se tient au c\u0153ur de la vieille ville, sur la Plaza de la Merced.<\/p>\n<p>Une id\u00e9e id\u00e9al si vous \u00eates un citadin et que vous aimez vous promener le dimanche sous les jacarandas en fleurs, puis prendre un verre aux nombreuses terrasses et restaurants qui entourent la place.<\/p>\n<ul>\n<li>Quand : Le premier dimanche de chaque mois, de 11 h \u00e0 19 h<\/li>\n<li><a href=\"https:\/\/goo.gl\/maps\/w3kV85d5km7FYWFFA\" data-wpel-link=\"external\" rel=\"external noopener noreferrer\"><strong> Comment s&rsquo;y rendre<\/strong><\/a><\/li>\n<\/ul>\n<h3><span class=\"ez-toc-section\" id=\"_Marche_urbain_Soho_%E2%80%93_Malaga\"><\/span>\u00a0March\u00e9 urbain\u00a0Soho &#8211; Malaga<span class=\"ez-toc-section-end\"><\/span><\/h3>\n<p><img loading=\"lazy\" decoding=\"async\" class=\"alignnone wp-image-19004\" src=\"https:\/\/www.malagacar.com\/sp\/blog\/wp-content\/uploads\/2025\/03\/mercado-soho.jpg\" alt=\"Mercado Urbano del Soho - M\u00e1laga\" width=\"470\" height=\"445\" \/><\/p>\n<p>Le quartier artistique de Soho, situ\u00e9 en plein centre-ville \u00e0 deux pas de la mer, accueille ce march\u00e9 artisanal mettant \u00e0 l&rsquo;honneur les producteurs locaux chaque quatri\u00e8me dimanche du mois.<\/p>\n<p>Profitez d&rsquo;une promenade dans les rues pi\u00e9tonnes de Malaga, d\u00e9couvrez des cr\u00e9ations artisanales uniques, puis installez-vous dans l&rsquo;un des nombreux bars et terrasses pour savourer une collation, des tapas ou un d\u00e9jeuner dominical.<\/p>\n<ul>\n<li>Quand : Chaque quatri\u00e8me dimanche du mois, de 11 h \u00e0 19 h<\/li>\n<li><a href=\"https:\/\/maps.app.goo.gl\/asfjfpNXfTL9Dkx79\" data-wpel-link=\"external\" rel=\"external noopener noreferrer\"><strong>Comment s&rsquo;y rendre<\/strong><\/a><\/li>\n<\/ul>\n<h3><span class=\"ez-toc-section\" id=\"Le_marche_des_cimetieres_anglais_%E2%80%93_Malaga\"><\/span>Le march\u00e9 des cimeti\u00e8res anglais \u2013 Malaga<span class=\"ez-toc-section-end\"><\/span><\/h3>\n<p><img loading=\"lazy\" decoding=\"async\" class=\"alignnone size-full wp-image-16454\" src=\"https:\/\/www.malagacar.com\/sp\/blog\/wp-content\/uploads\/2024\/11\/Mercadillo-del-Ingles-1024x683-1.jpg\" alt=\"Mercadillo del Ingl\u00e9s \u2013 M\u00e1laga\" width=\"1024\" height=\"683\" \/><\/p>\n<p>Un nouveau format de march\u00e9 aux puces sp\u00e9cial vient s&rsquo;ajouter \u00e0 l&rsquo;offre culturelle de la ville.<\/p>\n<p>Une fois par mois, le <a href=\"https:\/\/www.malagacar.com\/fr\/blog\/loisirs\/curieux-cimetieres-malaga\/#Cimetiere_anglais_Malaga\" data-wpel-link=\"internal\"><strong>cimeti\u00e8re anglais<\/strong><\/a> du centre-ville accueille un march\u00e9 aux puces proposant de l&rsquo;artisanat, de la d\u00e9coration vintage, des livres d&rsquo;occasion, des c\u00e9ramiques et des produits uniques. L&rsquo;\u00e9v\u00e9nement propose \u00e9galement de la musique live et des food trucks.<\/p>\n<p>Ce qui est sp\u00e9cial, c&rsquo;est l&rsquo;endroit lui-m\u00eame, un lieu embl\u00e9matique plein de charme : le cimeti\u00e8re anglais, la plus ancienne n\u00e9cropole non catholique de la p\u00e9ninsule ib\u00e9rique. En vous promenant dans le magnifique jardin, vous pourrez d\u00e9couvrir les tombes des personnalit\u00e9s internationales de l&rsquo;\u00e9poque qui y ont \u00e9t\u00e9 enterr\u00e9es.<\/p>\n<p>Entr\u00e9e gratuite.<\/p>\n<ul>\n<li>Prochaine \u00e9dition sur le <a href=\"https:\/\/cementerioinglesmalaga.org\/\" data-wpel-link=\"external\" rel=\"external noopener noreferrer\"><strong>site officiel<\/strong><\/a><\/li>\n<li><a href=\"https:\/\/maps.app.goo.gl\/ibfgQuF52hBNZoD86\" data-wpel-link=\"external\" rel=\"external noopener noreferrer\"><strong>Comment s&rsquo;y rendre<\/strong><\/a><\/li>\n<\/ul>\n<h3><span class=\"ez-toc-section\" id=\"Marche_artisanal_de_Cartama\"><\/span>March\u00e9 artisanal de C\u00e1rtama<span class=\"ez-toc-section-end\"><\/span><\/h3>\n<p><img loading=\"lazy\" decoding=\"async\" class=\"alignnone wp-image-18937\" src=\"https:\/\/www.malagacar.com\/sp\/blog\/wp-content\/uploads\/2026\/01\/mercado-artesanal-cartama.jpg\" alt=\"Mercado Artesanal de C\u00e1rtama\" width=\"501\" height=\"706\" \/><\/p>\n<p>Le premier dimanche de chaque mois, un march\u00e9 artisanal se tient \u00e0 C\u00e1rtama, proposant une grande vari\u00e9t\u00e9 d&rsquo;articles uniques faits main, ainsi que des produits alimentaires locaux.<\/p>\n<p>Le march\u00e9 est situ\u00e9 dans le parc du quartier r\u00e9sidentiel de Los Naranjos, \u00e0 proximit\u00e9 du march\u00e9 de la gare de C\u00e1rtama, et est ouvert de 9h00 \u00e0 14h00.<\/p>\n<ul>\n<li><a href=\"https:\/\/maps.app.goo.gl\/sFxk8nydT4Pyx8CY6\" data-wpel-link=\"external\" rel=\"external noopener noreferrer\"><strong>Comment s&rsquo;y rendre<\/strong><\/a><\/li>\n<\/ul>\n<h3><span class=\"ez-toc-section\" id=\"Marche_mensuel_%E2%80%93_Corumbela_Axarquia\"><\/span>March\u00e9 mensuel \u2013 Corumbela, Axarqu\u00eda<span class=\"ez-toc-section-end\"><\/span><\/h3>\n<p><img loading=\"lazy\" decoding=\"async\" class=\"alignnone wp-image-19081\" src=\"https:\/\/www.malagacar.com\/sp\/blog\/wp-content\/uploads\/2026\/02\/Mercado-corumbela.jpg\" alt=\"Mercado mensual \u2013 Corumbela\" width=\"551\" height=\"688\" \/><\/p>\n<p>Envie de d\u00e9couvrir l&rsquo;Axarqu\u00eda, r\u00e9gion de Malaga, et de combiner votre visite avec un passage par un march\u00e9 local\u00a0?<\/p>\n<p>Corumbela, village de moins de 300 habitants, est l&rsquo;un des plus hauts de l&rsquo;Axarqu\u00eda, \u00e0 632 m\u00e8tres d&rsquo;altitude. Cette altitude offre des panoramas exceptionnels \u00e0 360 degr\u00e9s. On y trouve m\u00eame des points de vue permettant d&rsquo;apercevoir la mer M\u00e9diterran\u00e9e.<\/p>\n<p>Le march\u00e9 de Corumbela se tient le premier mercredi de chaque mois sur l&rsquo;unique place du village. Vous y trouverez des produits locaux, de l&rsquo;artisanat, des confiseries maison, des v\u00eatements et des accessoires, et l&rsquo;occasion de d\u00e9couvrir des cr\u00e9ations et des saveurs authentiques. Le prochain march\u00e9 aura lieu le 4 mars.<\/p>\n<ul>\n<li>Quand : Le premier mercredi de chaque mois, de 10h \u00e0 14h<\/li>\n<li>O\u00f9 : Plaza de San Pedro, Corumbela<\/li>\n<li><a href=\"https:\/\/maps.app.goo.gl\/yK4P9qZh1bz9WjHi7\" data-wpel-link=\"external\" rel=\"external noopener noreferrer\"><strong>Comment s&rsquo;y rendre<\/strong><\/a><\/li>\n<\/ul>\n<h3><span class=\"ez-toc-section\" id=\"Marche_artisanal_%E2%80%93_Torrox_Pueblo\"><\/span>March\u00e9 artisanal \u2013 Torrox Pueblo<span class=\"ez-toc-section-end\"><\/span><\/h3>\n<p><img loading=\"lazy\" decoding=\"async\" class=\"alignnone wp-image-19232\" src=\"https:\/\/www.malagacar.com\/sp\/blog\/wp-content\/uploads\/2026\/03\/mercado-artesanal-Torrox-pueblo-796x1024.jpg\" alt=\"Mercado Artesanal \u2013 Torrox Pueblo\" width=\"453\" height=\"583\" \/><\/p>\n<p>La Plaza de la Constituci\u00f3n, place centrale de la ville, accueillera son March\u00e9 international d&rsquo;artisanat durant la belle saison.<\/p>\n<p>Plus pr\u00e9cis\u00e9ment, il se tiendra chaque dernier samedi du mois jusqu&rsquo;en novembre et proposera une quarantaine de stands d&rsquo;art et d&rsquo;artisanat, ainsi que des concerts, de 10h \u00e0 15h.<\/p>\n<p>En juillet et ao\u00fbt, le march\u00e9 se transforme en march\u00e9 nocturne et sera ouvert de 19h \u00e0 minuit.<\/p>\n<ul>\n<li>Quand : Chaque dernier samedi du mois<\/li>\n<li>O\u00f9 : Pueblo de Torrox<\/li>\n<li><a href=\"https:\/\/maps.app.goo.gl\/nNfFDzXbFCoCZDSSA\" data-wpel-link=\"external\" rel=\"external noopener noreferrer\"><strong>Comment s&rsquo;y rendre<\/strong><\/a><\/li>\n<\/ul>\n<h3><span class=\"ez-toc-section\" id=\"Marches_aux_puces_et_marches_de_rue_dans_la_province\"><\/span>March\u00e9s aux puces et march\u00e9s de rue dans la province<span class=\"ez-toc-section-end\"><\/span><\/h3>\n<p><a href=\"https:\/\/www.malagacar.com\/fr\/blog\/loisirs\/marches-de-rue-malaga\/\" data-wpel-link=\"internal\"><img loading=\"lazy\" decoding=\"async\" class=\"alignnone size-full wp-image-1208\" src=\"https:\/\/www.malagacar.com\/fr\/blog\/wp-content\/uploads\/2024\/05\/mercadillos-fr.jpg\" alt=\"march\u00e9s de rue \u00e0 M\u00e1laga\" width=\"1200\" height=\"691\" srcset=\"https:\/\/www.malagacar.com\/fr\/blog\/wp-content\/uploads\/2024\/05\/mercadillos-fr.jpg 1200w, https:\/\/www.malagacar.com\/fr\/blog\/wp-content\/uploads\/2024\/05\/mercadillos-fr-300x173.jpg 300w, https:\/\/www.malagacar.com\/fr\/blog\/wp-content\/uploads\/2024\/05\/mercadillos-fr-1024x590.jpg 1024w, https:\/\/www.malagacar.com\/fr\/blog\/wp-content\/uploads\/2024\/05\/mercadillos-fr-768x442.jpg 768w\" sizes=\"auto, (max-width: 1200px) 100vw, 1200px\" \/><\/a><\/p>\n<p>Les municipalit\u00e9s de la Costa del Sol proposent un large \u00e9ventail de march\u00e9s de rue et de march\u00e9s aux puces hebdomadaires.<\/p>\n<p>On y trouve de tout : fruits et l\u00e9gumes frais, fruits secs et noix, olives et \u00e9pices, jouets, poterie et artisanat typique, v\u00eatements, chaussures, fleurs et pots, faux articles de marque et bien d&rsquo;autres choses encore.<\/p>\n<ul>\n<li>Voici tous les <a href=\"https:\/\/www.malagacar.com\/fr\/blog\/loisirs\/marches-de-rue-malaga\/\" data-wpel-link=\"internal\"><strong>March\u00e9s aux puces &amp; March\u00e9s de rue \u00e0 Malaga et sur la Costa del Sol<\/strong><\/a><\/li>\n<\/ul>\n<h2><span class=\"ez-toc-section\" id=\"Visite_des_musees_de_Malaga\"><\/span>Visite des mus\u00e9es de Malaga<span class=\"ez-toc-section-end\"><\/span><\/h2>\n<figure id=\"attachment_6633\" aria-describedby=\"caption-attachment-6633\" style=\"width: 700px\" class=\"wp-caption alignnone\"><img loading=\"lazy\" decoding=\"async\" class=\"wp-image-6633 size-full\" src=\"https:\/\/www.malagacar.com\/blog\/wp-content\/uploads\/2020\/01\/museo-picasso-vista-nocturna.jpg\" alt=\"\" width=\"700\" height=\"450\" \/><figcaption id=\"caption-attachment-6633\" class=\"wp-caption-text\">Vue nocturne du Mus\u00e9e Picasso<\/figcaption><\/figure>\n<ul>\n<li>Beaucoup de <a href=\"https:\/\/www.malagacar.com\/fr\/blog\/loisirs\/meilleurs-musees-malaga\/\" data-wpel-link=\"internal\"><strong>mus\u00e9es de M\u00e1laga<\/strong><\/a> en plus de leurs installations fixes offrent souvent des expositions temporaires.<\/li>\n<li>Emplacement de tous les <strong><a href=\"https:\/\/goo.gl\/maps\/xLvkHvv8x5NJm199A\" data-wpel-link=\"external\" rel=\"external noopener noreferrer\">Mus\u00e9es de M\u00e1laga en un coup d&rsquo;\u0153il<\/a>.<\/strong><\/li>\n<\/ul>\n<h3><span class=\"ez-toc-section\" id=\"Visites_guidees_jardin_botanique_historique_de_La_Concepcion_%E2%80%93_Malaga\"><\/span>Visites guid\u00e9es jardin botanique historique de La Concepci\u00f3n &#8211; Malaga<span class=\"ez-toc-section-end\"><\/span><\/h3>\n<p><img loading=\"lazy\" decoding=\"async\" class=\"alignnone wp-image-15201\" src=\"https:\/\/www.malagacar.com\/sp\/blog\/wp-content\/uploads\/2023\/02\/Botanico.jpg\" alt=\"Visitas guiadas en el Jard\u00edn Bot\u00e1nico Hist\u00f3rico La Concepci\u00f3n\" width=\"500\" height=\"701\" \/><\/p>\n<p>Les visites guid\u00e9es du jardin de La Concepci\u00f3n sont de retour. Profitez d&rsquo;une visite guid\u00e9e du magnifique historique <a href=\"https:\/\/www.malagacar.com\/fr\/blog\/loisirs\/jardin-botanique-historique-malaga\/\" data-wpel-link=\"internal\"><strong>jardin botanique La Concepci\u00f3n<\/strong><\/a> les week-ends, de jour comme de nuit.<\/p>\n<p>\u00ab\u00a0Promenades de charme\u00a0\u00bb auront lieu les samedis et dimanches \u00e0 midi. Les vendredis \u00e0 la tomb\u00e9e de la nuit, il y aura des \u00ab\u00a0Nuits avec l&rsquo;histoire\u00a0\u00bb (d&rsquo;octobre \u00e0 mars \u00e0 20 heures, d&rsquo;avril \u00e0 septembre \u00e0 21 heures). Les visites guid\u00e9es durent environ 1 heure et demie.<\/p>\n<ul>\n<li>Information et r\u00e9servations: <a href=\"mailto:infojbotanicomalaga@gmail.com\">infojbotanicomalaga@gmail.com<\/a> ou les t\u00e9l\u00e9phones +34 951926180 \/ +34 639914055.<\/li>\n<li><a href=\"https:\/\/maps.app.goo.gl\/yE9TdeVfEzp1q8nF7\" data-wpel-link=\"external\" rel=\"external noopener noreferrer\"><strong> Comment s&rsquo;y rendre <\/strong><\/a><\/li>\n<\/ul>\n<h3><span class=\"ez-toc-section\" id=\"Visite_de_la_Brasserie_Victoria_%E2%80%93_Malaga\"><\/span>Visite de la Brasserie Victoria &#8211; Malaga<span class=\"ez-toc-section-end\"><\/span><\/h3>\n<p><img loading=\"lazy\" decoding=\"async\" class=\"alignnone size-full wp-image-16182\" src=\"https:\/\/www.malagacar.com\/sp\/blog\/wp-content\/uploads\/2023\/10\/cerveza-victoria.jpg\" alt=\"F\u00e1brica de cerveza Victoria - M\u00e1laga\" width=\"900\" height=\"471\" \/><\/p>\n<p>Saviez-vous que Cervezas Victoria propose des visites guid\u00e9es pour d\u00e9couvrir son processus de production et son histoire ?<\/p>\n<p>Si vous aimez la bi\u00e8re, vous pourriez \u00eatre int\u00e9ress\u00e9 par la visite de cette brasserie 100% Malague\u00f1a.<\/p>\n<p>C&rsquo;est une visite de 90 minutes au cours de laquelle vous d\u00e9couvrirez de premi\u00e8re main les secrets de la bi\u00e8re Victoria \u00ab\u00a0Malague\u00f1a y exquisita\u00a0\u00bb et bien s\u00fbr, vous les go\u00fbterez !<\/p>\n<ul>\n<li>Visites guid\u00e9es disponibles en espagnol et en anglais sur <a href=\"https:\/\/visitas.cervezavictoria.es\/muslinkIII_vic_nofr\/venda\/index.jsp?lang=1&amp;nom_cache=VICTORIA&amp;property=VICTORIA#close\" target=\"_blank\" rel=\"nofollow noopener external noreferrer\" data-wpel-link=\"external\"><strong>ce lien<\/strong><\/a>.<\/li>\n<li><a href=\"https:\/\/www.cervezavictoria.es\/es\" target=\"_blank\" rel=\"nofollow noopener external noreferrer\" data-wpel-link=\"external\"><strong>Site web<\/strong><\/a><\/li>\n<li><a href=\"https:\/\/goo.gl\/maps\/xkcUqWb22oHAaqFc6\" target=\"_blank\" rel=\"nofollow noopener external noreferrer\" data-wpel-link=\"external\"><strong>Comment s&rsquo;y rendre<\/strong><\/a><\/li>\n<\/ul>\n<h3><span class=\"ez-toc-section\" id=\"Visites_nocturnes_theatralisees_musee_de_lautomobile_%E2%80%93_Malaga\"><\/span>Visites nocturnes th\u00e9\u00e2tralis\u00e9es mus\u00e9e de l&rsquo;automobile &#8211; Malaga<span class=\"ez-toc-section-end\"><\/span><\/h3>\n<p><img loading=\"lazy\" decoding=\"async\" class=\" wp-image-9447\" src=\"https:\/\/www.malagacar.com\/sp\/blog\/wp-content\/uploads\/2021\/09\/museo-automovilistico2.jpg\" alt=\"Museo Automovil\u00edstico\" width=\"925\" height=\"618\" \/><\/p>\n<p>Profitez d&rsquo;une visite nocturne th\u00e9\u00e2tralis\u00e9e au mus\u00e9e de l&rsquo;automobile et de la mode de Malaga. Les visiteurs peuvent d\u00e9couvrir l&rsquo;histoire des voitures historiques \u00e0 travers des personnages pertinents.<\/p>\n<p>Parmi ces personnages, on trouve l&rsquo;agent 007, qui renouvelle son permis de tuer, ou Amelia Earhart, la premi\u00e8re femme aviatrice \u00e0 avoir travers\u00e9 l&rsquo;Atlantique, Coco Chanel ou Salvador Dal\u00ed. La visite dure une heure et demie.<\/p>\n<ul>\n<li>Billets au <a href=\"https:\/\/historiavivamalaga.es\/visitas-teatralizadas-en-malaga\/museo-automovilistico-y-de-la-moda-en-malaga\/\" data-wpel-link=\"external\" rel=\"external noopener noreferrer\"><strong> Site web<\/strong><\/a><\/li>\n<li>Quand : Le premier vendredi de chaque mois (dans la mesure o\u00f9 le calendrier des \u00e9v\u00e9nements du mus\u00e9e le permet)<\/li>\n<li>O\u00f9 : Museo Automovil\u00edstico y de la Moda M\u00e1laga<\/li>\n<li><a href=\"https:\/\/maps.app.goo.gl\/G5hqDkF77EADCBBg8\" data-wpel-link=\"external\" rel=\"external noopener noreferrer\"><strong> Comment s&rsquo;y rendre<\/strong><\/a><\/li>\n<\/ul>\n<h2><span class=\"ez-toc-section\" id=\"Concerts_du_Marenostrum_Fuengirola_cet_ete\"><\/span>Concerts du Marenostrum Fuengirola cet \u00e9t\u00e9<span class=\"ez-toc-section-end\"><\/span><\/h2>\n<p><img loading=\"lazy\" decoding=\"async\" class=\"alignnone wp-image-15283\" src=\"https:\/\/www.malagacar.com\/sp\/blog\/wp-content\/uploads\/2023\/03\/Marenostrum-819x1024.jpg\" alt=\"Marenostrum Fuengirola\" width=\"498\" height=\"623\" \/><\/p>\n<p>Les billets sont d\u00e9sormais en vente pour les spectacles pr\u00e9vus cet \u00e9t\u00e9 dans cette magnifique salle de concert en plein air, situ\u00e9e \u00e0 proximit\u00e9 de la mer et du ch\u00e2teau de Sohail.<\/p>\n<p>Les billets peuvent \u00eatre achet\u00e9s pour une vari\u00e9t\u00e9 de spectacles comprenant du flamenco, de la pop, du rock, de la musique latine ou du m\u00e9tal, ainsi que pour divers festivals de musique.<\/p>\n<p><a href=\"https:\/\/www.malagacar.com\/blog\/leisure\/marenostrum-fuengirola-concerts\/\" data-wpel-link=\"internal\"><img loading=\"lazy\" decoding=\"async\" class=\"alignnone size-full wp-image-9255\" src=\"https:\/\/www.malagacar.com\/blog\/wp-content\/uploads\/2022\/04\/marenostrum-en.jpg\" alt=\"Marenostrum Fuengirola Concerts\" width=\"1024\" height=\"593\" \/><\/a><\/p>\n<ul>\n<li>D\u00e9couvrez tous les artistes de cette ann\u00e9e et toutes les informations, dans notre article <a href=\"https:\/\/www.malagacar.com\/fr\/blog\/loisirs\/concerts-marenostrum-fuengirola\/\" data-wpel-link=\"internal\"><strong>Marenostrum Fuengirola 2026<\/strong><\/a>.<\/li>\n<li>Les billets peuvent \u00eatre achet\u00e9s sur le <a href=\"https:\/\/marenostrumfuengirola.com\/\" data-wpel-link=\"external\" rel=\"external noopener noreferrer\"><strong>site officiel<\/strong><\/a>.<\/li>\n<\/ul>\n<h2><span class=\"ez-toc-section\" id=\"Concerts_Starlite_Marbella_cet_ete\"><\/span>Concerts Starlite Marbella cet \u00e9t\u00e9<span class=\"ez-toc-section-end\"><\/span><\/h2>\n<p><a href=\"https:\/\/www.malagacar.com\/fr\/blog\/loisirs\/starlite-marbella\/\" data-wpel-link=\"internal\"><img loading=\"lazy\" decoding=\"async\" class=\"alignnone wp-image-10888 size-large\" src=\"https:\/\/www.malagacar.com\/sp\/blog\/wp-content\/uploads\/2022\/04\/starlight-full-1024x608.jpg\" alt=\"starlite Marbella\" width=\"750\" height=\"445\" \/><\/a><\/p>\n<p>Starlite Marbella est l&rsquo;un des meilleurs festivals de musique en plein air. Chaque ann\u00e9e, il accueille des artistes prestigieux pour des concerts intimistes et exclusifs dans le cadre unique de la carri\u00e8re de Nag\u00fceles \u00e0 Marbella.<\/p>\n<p>Pr\u00e8s de 50 jours de concerts sont propos\u00e9s en juin, juillet et ao\u00fbt. Sa programmation r\u00e9unit certains des artistes les plus en vue de la sc\u00e8ne musicale actuelle.<\/p>\n<p>Dans notre \u00e9dition sp\u00e9ciale <a href=\"https:\/\/www.malagacar.com\/fr\/blog\/loisirs\/starlite-marbella\/\" data-wpel-link=\"internal\"><strong>Starlite Marbella 2026<\/strong><\/a>, vous trouverez la liste des artistes confirm\u00e9s pour cet \u00e9t\u00e9 et toutes les informations n\u00e9cessaires pour profiter pleinement de l&rsquo;\u00e9v\u00e9nement.<\/p>\n<h2><span class=\"ez-toc-section\" id=\"Festivals_de_musique_sur_la_Costa_del_Sol_2026\"><\/span>Festivals de musique sur la Costa del Sol 2026<span class=\"ez-toc-section-end\"><\/span><\/h2>\n<p><a href=\"https:\/\/www.malagacar.com\/fr\/blog\/loisirs\/music-festivals-costa-del-sol\/\" data-wpel-link=\"internal\"><img loading=\"lazy\" decoding=\"async\" class=\"alignnone size-full wp-image-365\" src=\"https:\/\/www.malagacar.com\/fr\/blog\/wp-content\/uploads\/2022\/06\/music-festivals-en-768x458-1.jpg\" alt=\"\" width=\"768\" height=\"458\" srcset=\"https:\/\/www.malagacar.com\/fr\/blog\/wp-content\/uploads\/2022\/06\/music-festivals-en-768x458-1.jpg 768w, https:\/\/www.malagacar.com\/fr\/blog\/wp-content\/uploads\/2022\/06\/music-festivals-en-768x458-1-300x179.jpg 300w\" sizes=\"auto, (max-width: 768px) 100vw, 768px\" \/><\/a><\/p>\n<p>Il n&rsquo;est pas n\u00e9cessaire d&rsquo;attendre l&rsquo;\u00e9t\u00e9 pour profiter de la musique en direct dans certaines des meilleures salles de Malaga !<\/p>\n<p>Comme vous le savez, sur la Costa del Sol, la saison commence t\u00f4t.\u00a0Voici tous les <a href=\"https:\/\/www.malagacar.com\/fr\/blog\/loisirs\/music-festivals-costa-del-sol\/\" data-wpel-link=\"internal\"><strong>festivals de musique sur la Costa del Sol 2026<\/strong><\/a>, pour n&rsquo;en manquer aucun !<\/p>\n<h2><span class=\"ez-toc-section\" id=\"Fetes_gastronomiques_a_Malaga_en_mai\"><\/span>F\u00eates gastronomiques \u00e0 Malaga en mai<span class=\"ez-toc-section-end\"><\/span><\/h2>\n<h3><span class=\"ez-toc-section\" id=\"Fete_de_la_sardine_%E2%80%93_Cala_de_Mijas\"><\/span>F\u00eate de la sardine &#8211; Cala de Mijas<span class=\"ez-toc-section-end\"><\/span><\/h3>\n<p><img loading=\"lazy\" decoding=\"async\" class=\"alignnone size-full wp-image-17269\" src=\"https:\/\/www.malagacar.com\/sp\/blog\/wp-content\/uploads\/2025\/04\/Sardinada-Mijas1.jpg\" alt=\"Sardinada Mijas\" width=\"1000\" height=\"666\" \/><\/p>\n<p>La Cala de Mijas accueillera \u00e0 nouveau l&rsquo;un des \u00e9v\u00e9nements les plus populaires de Mijas \u00e0 partir de midi.<\/p>\n<p>Chaque ann\u00e9e, le 1er mai, Journ\u00e9e internationale des travailleurs, est c\u00e9l\u00e9br\u00e9e la traditionnelle sardinada.<\/p>\n<p>Sur la Plaza del Torre\u00f3n de La Cala, environ 700 kilos de sardines grill\u00e9es de mani\u00e8re traditionnelle seront distribu\u00e9s gratuitement aux visiteurs.<\/p>\n<p><img loading=\"lazy\" decoding=\"async\" class=\"alignnone size-full wp-image-17270\" src=\"https:\/\/www.malagacar.com\/sp\/blog\/wp-content\/uploads\/2025\/04\/Sardinada-Mijas.jpg\" alt=\"Sardinada Mijas\" width=\"1000\" height=\"497\" \/><\/p>\n<p>Il y aura \u00e9galement un grand chapiteau avec de la musique en direct. Vous pourrez \u00e9galement vous promener dans les rues d\u00e9cor\u00e9es pour les festivit\u00e9s du Corpus Christi, avec des autels et de l&rsquo;artisanat local.<\/p>\n<ul>\n<li>Quand : 3 mai<\/li>\n<li>O\u00f9 : Cala de Mijas Cala de Mijas<\/li>\n<li><a href=\"https:\/\/maps.app.goo.gl\/Cio8oDVui3AKG7br6\" data-wpel-link=\"external\" rel=\"external noopener noreferrer\"><strong>Comment s&rsquo;y rendre<\/strong><\/a><\/li>\n<\/ul>\n<h3><span class=\"ez-toc-section\" id=\"Journee_du_miel_de_canne_a_sucre_%E2%80%93_Frigiliana\"><\/span>Journ\u00e9e du miel de canne \u00e0 sucre &#8211; Frigiliana<span class=\"ez-toc-section-end\"><\/span><\/h3>\n<p><img loading=\"lazy\" decoding=\"async\" class=\"alignnone size-full wp-image-15403\" src=\"https:\/\/www.malagacar.com\/sp\/blog\/wp-content\/uploads\/2023\/04\/dia_miel_11.jpg\" alt=\"D\u00eda de la Miel de Ca\u00f1a en Frigiliana\" width=\"800\" height=\"534\" \/><\/p>\n<p>Le premier dimanche du mois de mai, Frigiliana c\u00e9l\u00e8bre la f\u00eate gastronomique qui rend hommage \u00e0 son produit le plus particulier, le miel de canne \u00e0 sucre. De 11 heures \u00e0 19 heures, une d\u00e9gustation gratuite de plats \u00e0 base de miel de canne sera organis\u00e9e.<\/p>\n<p>Au cours de cette journ\u00e9e, les visiteurs pourront visiter l&rsquo;usine de miel de canne \u00e0 sucre. Il y aura une d\u00e9gustation de canne \u00e0 sucre et une explication du processus de production traditionnel.<\/p>\n<ul>\n<li>Quand : Dimanche 3 mai, de 12 h \u00e0 19 h.<\/li>\n<li>O\u00f9 : Frigiliana, Plaza del Ingenio<\/li>\n<li><strong> C<a href=\"https:\/\/maps.app.goo.gl\/ScFDzTLxvs5MYoDU7\" data-wpel-link=\"external\" rel=\"external noopener noreferrer\">omment s&rsquo;y rendre <\/a><\/strong><\/li>\n<\/ul>\n<h3><span class=\"ez-toc-section\" id=\"Journee_du_Loquat_%E2%80%93_Sayalonga\"><\/span>Journ\u00e9e du Loquat &#8211; Sayalonga<span class=\"ez-toc-section-end\"><\/span><\/h3>\n<p><img loading=\"lazy\" decoding=\"async\" class=\"alignnone wp-image-19235\" src=\"https:\/\/www.malagacar.com\/sp\/blog\/wp-content\/uploads\/2025\/04\/dia-nispero-syalonga-819x1024.jpg\" alt=\"dia nispero sayalonga\" width=\"460\" height=\"575\" \/><\/p>\n<p>Le premier dimanche de mai, ce festival gastronomique est ax\u00e9 sur le loquat.<\/p>\n<p>Le fruit est distribu\u00e9 aux visiteurs et des produits \u00e0 base de n\u00e8fle, comme la confiture et la liqueur, peuvent \u00eatre achet\u00e9s. La journ\u00e9e est agr\u00e9ment\u00e9e de vins locaux et de spectacles folkloriques sur la place principale.<\/p>\n<p><img loading=\"lazy\" decoding=\"async\" class=\"alignnone size-full wp-image-15404\" src=\"https:\/\/www.malagacar.com\/sp\/blog\/wp-content\/uploads\/2023\/04\/nisperos.jpg\" alt=\"D\u00eda del N\u00edspero en Sayalonga\" width=\"800\" height=\"533\" \/><\/p>\n<ul>\n<li>Quand :\u00a0 3 mai<\/li>\n<li>O\u00f9 : Sayalonga<\/li>\n<li><a href=\"https:\/\/maps.app.goo.gl\/VTevU3yVY2y6FPcu8\" data-wpel-link=\"external\" rel=\"external noopener noreferrer\"><strong> Comment s&rsquo;y rendre <\/strong><\/a><\/li>\n<\/ul>\n<h3><span class=\"ez-toc-section\" id=\"Festival_de_lorange_%E2%80%93_Coin\"><\/span>Festival de l&rsquo;orange &#8211; Co\u00edn<span class=\"ez-toc-section-end\"><\/span><\/h3>\n<p><img loading=\"lazy\" decoding=\"async\" class=\"alignnone size-full wp-image-15406\" src=\"https:\/\/www.malagacar.com\/sp\/blog\/wp-content\/uploads\/2023\/04\/fiesta-de-la-naranja-sopa-hervia-1.jpg\" alt=\"Fiesta de la Naranja en Co\u00edn\" width=\"800\" height=\"532\" \/><\/p>\n<p>Le premier dimanche de mai, la f\u00eate de l&rsquo;orange a lieu \u00e0 Co\u00edn. Profitez d&rsquo;une visite dans la magnifique vall\u00e9e du Guadalhorce, \u00e9galement connue sous le nom de \u00ab\u00a0verger de Malaga\u00a0\u00bb. La r\u00e9colte des oranges commence en octobre et se termine en mai, c&rsquo;est pourquoi la f\u00eate de l&rsquo;orange est c\u00e9l\u00e9br\u00e9e au cours de ce mois.<\/p>\n<p><iframe loading=\"lazy\" title=\"Muestra gastron\u00f3mica y dia de la naranja. Ist\u00e1n. Abril. Fiesta Singular\" src=\"https:\/\/www.youtube.com\/embed\/TrUdfm2sUbg\" width=\"696\" height=\"391\" frameborder=\"0\" allowfullscreen=\"allowfullscreen\"><\/iframe><\/p>\n<p>Pendant la journ\u00e9e, vous pourrez d\u00e9guster de nombreux produits \u00e9labor\u00e9s \u00e0 partir d&rsquo;oranges, dans des salades, des jus, des desserts et m\u00eame la fameuse \u00ab\u00a0sopa herv\u00eda\u00a0\u00bb (soupe bouillie).<\/p>\n<ul>\n<li>Quand : 9 mai<br \/>\nO\u00f9 : Co\u00edn, Plaza Alameda<\/li>\n<li><a href=\"https:\/\/maps.app.goo.gl\/ZsfYkqyycYCUaCsUA\" data-wpel-link=\"external\" rel=\"external noopener noreferrer\"><strong> Comment s&rsquo;y rendre <\/strong><\/a><\/li>\n<\/ul>\n<h3><span class=\"ez-toc-section\" id=\"Journee_de_lescargot_%E2%80%93_Riogordo\"><\/span>Journ\u00e9e de l&rsquo;escargot \u2013 Riogordo<span class=\"ez-toc-section-end\"><\/span><\/h3>\n<p><img loading=\"lazy\" decoding=\"async\" class=\"alignnone size-full wp-image-19236\" src=\"https:\/\/www.malagacar.com\/sp\/blog\/wp-content\/uploads\/2025\/04\/dia-caracol-riogordo.jpg\" alt=\"D\u00eda del Caracol \u2013 Riogordo\" width=\"535\" height=\"935\" \/><\/p>\n<p>Riogordo est un village blanc situ\u00e9 dans la r\u00e9gion du Haut-Axarqu\u00eda. L&rsquo;un de ses \u00e9v\u00e9nements gastronomiques les plus populaires rend hommage \u00e0 son plat embl\u00e9matique\u00a0: les escargots en bouillon.<\/p>\n<p>Le festival a lieu le dernier dimanche de mai\u00a0; plus de 450\u00a0kilos d&rsquo;escargots en bouillon, pr\u00e9par\u00e9s selon la tradition locale, y sont offerts gratuitement. Cette recette se distingue par l&rsquo;utilisation d&rsquo;escargots de montagne nourris aux herbes aromatiques et cuisin\u00e9s avec du fenouil, du thym, de l&rsquo;origan et des zestes d&rsquo;orange.<\/p>\n<p>Outre les escargots et le vin, vous pourrez d\u00e9guster d&rsquo;autres produits locaux et assister \u00e0 des danses r\u00e9gionales.<\/p>\n<p>Riogordo est \u00e9galement r\u00e9put\u00e9e pour son huile d&rsquo;olive Verdial. Si vous \u00eates de passage et appr\u00e9ciez cet \u00ab\u00a0or vert\u00a0\u00bb, n&rsquo;h\u00e9sitez pas \u00e0 faire un d\u00e9tour par la <a href=\"https:\/\/maps.app.goo.gl\/4e6epzQfqWMCaiY68\" data-wpel-link=\"external\" rel=\"external noopener noreferrer\"><strong>coop\u00e9rative Agro-Olivavera<\/strong><\/a> pour en acheter une bouteille.<\/p>\n<ul>\n<li>Quand : 31 mai<\/li>\n<li>O\u00f9 : Riogordo<\/li>\n<li><a href=\"https:\/\/maps.app.goo.gl\/yXA5MFGF2H2vvWgt7\" data-wpel-link=\"external\" rel=\"external noopener noreferrer\"><strong>Comment s&rsquo;y rendre<\/strong><\/a><\/li>\n<\/ul>\n<h2><span class=\"ez-toc-section\" id=\"Le_temps_a_Malaga_en_mai\"><\/span>Le temps \u00e0 Malaga en mai<span class=\"ez-toc-section-end\"><\/span><\/h2>\n<p>Le temps en mai \u00e0 Malaga est un pur d\u00e9lice. Bien que techniquement encore \u00ab\u00a0pr\u00e9-\u00e9t\u00e9\u00a0\u00bb, pour nos visiteurs nordiques, ce sont d\u00e9j\u00e0 des temp\u00e9ratures d&rsquo;\u00e9t\u00e9 pures, sans atteindre les extr\u00eames.<\/p>\n<figure id=\"attachment_13455\" aria-describedby=\"caption-attachment-13455\" style=\"width: 1000px\" class=\"wp-caption alignnone\"><img loading=\"lazy\" decoding=\"async\" class=\"wp-image-13455 size-full\" src=\"https:\/\/www.malagacar.com\/sp\/blog\/wp-content\/uploads\/2022\/04\/Plaza-de-las-Fores-Estepona-Depositphotos.jpg\" alt=\"Plaza de las Flores en Estepona \" width=\"1000\" height=\"750\" \/><figcaption id=\"caption-attachment-13455\" class=\"wp-caption-text\">Plaza de las Flores \u00e0 Estepona. Cr\u00e9dit <a href=\"https:\/\/depositphotos.com\/\" target=\"_blank\" rel=\"noopener nofollow external noreferrer\" data-wpel-link=\"external\">Depositfotos <\/a><\/figcaption><\/figure>\n<p>Cependant, ici nous devons faire une petite note de bas de page. En raison du changement climatique, alors que nous \u00e9crivons ce post, nous avons d\u00e9j\u00e0 eu plusieurs \u00e9pisodes de vent <a href=\"https:\/\/www.malagacar.com\/blog\/malaga\/heat-terral\/\" data-wpel-link=\"internal\"><strong>Terral<\/strong><\/a>. C&rsquo;est un vent sec et tr\u00e8s chaud, tr\u00e8s typique en \u00e9t\u00e9 qui se distingue par des temp\u00e9ratures tr\u00e8s \u00e9lev\u00e9es.<\/p>\n<p>Donc, en mars et avril nous avons d\u00e9j\u00e0 eu quelques jours avec des temp\u00e9ratures autour de 30\u00baC. Si nous continuons avec cette tendance, nous pouvons \u00e9galement attendre des jours avec des temp\u00e9ratures bien au-dessus de la moyenne en mai.<\/p>\n<p>\u00ab\u00a0Normalement\u00a0\u00bb, en mai \u00e0 Malaga les temp\u00e9ratures oscillent entre 22\u00baC et 26\u00baC.<\/p>\n<h3><span class=\"ez-toc-section\" id=\"Est-il_possible_de_nager_a_Malaga_en_mai\"><\/span>Est-il possible de nager \u00e0 Malaga en mai ?<span class=\"ez-toc-section-end\"><\/span><\/h3>\n<p>Cela d\u00e9pendra de la sensation individuelle de froid. La temp\u00e9rature de l&rsquo;eau de mer commence \u00e0 augmenter, avec une moyenne de 18,5\u00b0C et beaucoup de gens profitent d\u00e9j\u00e0 du beau temps sur la plage.<\/p>\n<p>Beaucoup de gens profitent maintenant aussi d&rsquo;un bain. M\u00eame si l&rsquo;eau est encore un peu froide, le soleil vous r\u00e9chauffe tout de suite.<\/p>\n<figure id=\"attachment_13454\" aria-describedby=\"caption-attachment-13454\" style=\"width: 1000px\" class=\"wp-caption alignnone\"><img loading=\"lazy\" decoding=\"async\" class=\"size-full wp-image-13454\" src=\"https:\/\/www.malagacar.com\/sp\/blog\/wp-content\/uploads\/2022\/04\/Malagueta-Mayo-Depositphotos.jpg\" alt=\"M\u00e1laga playa mayo\" width=\"1000\" height=\"582\" \/><figcaption id=\"caption-attachment-13454\" class=\"wp-caption-text\">La plage de La Malagueta \u00e0 Malaga, le 26 mai 2022. Cr\u00e9dit <a href=\"https:\/\/sp.depositphotos.com\/\" data-wpel-link=\"external\" rel=\"external noopener noreferrer\">Depositfotos<\/a><\/figcaption><\/figure>\n<h3><span class=\"ez-toc-section\" id=\"Quels_vetements_apporter_a_Malaga_en_mai\"><\/span>Quels v\u00eatements apporter \u00e0 Malaga en mai ?<span class=\"ez-toc-section-end\"><\/span><\/h3>\n<p>Vous pouvez maintenant apporter vos v\u00eatements d&rsquo;\u00e9t\u00e9 pr\u00e9f\u00e9r\u00e9s : chemises \u00e0 manches courtes, pantalons en tissu l\u00e9ger, shorts et robes, sandales et maillot de bain. N&rsquo;oubliez pas les accessoires de protection solaire : lunettes, cr\u00e8me et chapeau.<br \/>\n\t\t\t\t\n\t\t\t\t<div id=\"search-form2\" class=\"big-quote index-mobile\">\n\t\t\t\t<form id=\"frmSearch\" name=\"frmSearch\" action=\"\/fr\/location-de-voitures\/quote.php\" method=\"post\" name=\"quote\" class=\"container-fluid\">\n\t\t\t\t\t\t\t\t\t<div class=\"row\">\n\t\t\t\t\t\t<div class=\"col-sm-6\">\n\n\t\t\t\t\t\t\t<div class=\"form-group\">\n\t\t\t\t\t\t\t\t<label for=\"entrega\"><h4>Collecte<\/h4><\/label>\n\t\t\t\t\t\t\t\t<select name=\"entrega\" id=\"entrega\" class=\"custom-select\">\n\t\t\t\t\t\t\t\t\t<option value=\"airport\"  selected>Malaga A\u00e9roport<\/option>\n\t\t\t\t\t\t\t\t\t\t\t\t\t\t\t\t<\/select>\n\t\t\t\t\t\t\t\t<div class=\"form-inline my-2\">\n\t\t\t\t\t\t\t\t\t<input id=\"pDate\" class=\"form-control\" value=\"07\/09\/2026\" name=\"pDate\" readonly onchange=\"return uppdate()\">\n\t\t\t\t\t\t\t\t\t<select class=\"custom-select\" id=\"phorasminutos\" name=\"phorasminutos\" oninvalid=\"setCustomValidity('Faites-nous conna\u00eetre votre heure d\u00b4arriv\u00e9e')\" onchange=\"setCustomValidity('');\">\n\t\t\t\t\t\t\t\t\t\t<option value=\"-\" selected>--:--<\/option>\n\t\t\t\t\t\t\t\t\t\t\t\t\t\t\t\t\t\t\t\t<option value=\"00:00\">\n\t\t\t\t\t\t\t\t\t\t\t00:00<\/option>\n\t\t\t\t\t\t\t\t\t\t<option value=\"00:15\">\n\t\t\t\t\t\t\t\t\t\t\t00:15<\/option>\n\t\t\t\t\t\t\t\t\t\t<option value=\"00:30\">\n\t\t\t\t\t\t\t\t\t\t\t00:30<\/option>\n\t\t\t\t\t\t\t\t\t\t<option value=\"00:45\">\n\t\t\t\t\t\t\t\t\t\t\t00:45<\/option>\n\t\t\t\t\t\t\t\t\t\t\t\t\t\t\t\t\t\t\t\t<option value=\"01:00\">\n\t\t\t\t\t\t\t\t\t\t\t01:00<\/option>\n\t\t\t\t\t\t\t\t\t\t<option value=\"01:15\">\n\t\t\t\t\t\t\t\t\t\t\t01:15<\/option>\n\t\t\t\t\t\t\t\t\t\t<option value=\"01:30\">\n\t\t\t\t\t\t\t\t\t\t\t01:30<\/option>\n\t\t\t\t\t\t\t\t\t\t<option value=\"01:45\">\n\t\t\t\t\t\t\t\t\t\t\t01:45<\/option>\n\t\t\t\t\t\t\t\t\t\t\t\t\t\t\t\t\t\t\t\t<option value=\"02:00\">\n\t\t\t\t\t\t\t\t\t\t\t02:00<\/option>\n\t\t\t\t\t\t\t\t\t\t<option value=\"02:15\">\n\t\t\t\t\t\t\t\t\t\t\t02:15<\/option>\n\t\t\t\t\t\t\t\t\t\t<option value=\"02:30\">\n\t\t\t\t\t\t\t\t\t\t\t02:30<\/option>\n\t\t\t\t\t\t\t\t\t\t<option value=\"02:45\">\n\t\t\t\t\t\t\t\t\t\t\t02:45<\/option>\n\t\t\t\t\t\t\t\t\t\t\t\t\t\t\t\t\t\t\t\t<option value=\"03:00\">\n\t\t\t\t\t\t\t\t\t\t\t03:00<\/option>\n\t\t\t\t\t\t\t\t\t\t<option value=\"03:15\">\n\t\t\t\t\t\t\t\t\t\t\t03:15<\/option>\n\t\t\t\t\t\t\t\t\t\t<option value=\"03:30\">\n\t\t\t\t\t\t\t\t\t\t\t03:30<\/option>\n\t\t\t\t\t\t\t\t\t\t<option value=\"03:45\">\n\t\t\t\t\t\t\t\t\t\t\t03:45<\/option>\n\t\t\t\t\t\t\t\t\t\t\t\t\t\t\t\t\t\t\t\t<option value=\"04:00\">\n\t\t\t\t\t\t\t\t\t\t\t04:00<\/option>\n\t\t\t\t\t\t\t\t\t\t<option value=\"04:15\">\n\t\t\t\t\t\t\t\t\t\t\t04:15<\/option>\n\t\t\t\t\t\t\t\t\t\t<option value=\"04:30\">\n\t\t\t\t\t\t\t\t\t\t\t04:30<\/option>\n\t\t\t\t\t\t\t\t\t\t<option value=\"04:45\">\n\t\t\t\t\t\t\t\t\t\t\t04:45<\/option>\n\t\t\t\t\t\t\t\t\t\t\t\t\t\t\t\t\t\t\t\t<option value=\"05:00\">\n\t\t\t\t\t\t\t\t\t\t\t05:00<\/option>\n\t\t\t\t\t\t\t\t\t\t<option value=\"05:15\">\n\t\t\t\t\t\t\t\t\t\t\t05:15<\/option>\n\t\t\t\t\t\t\t\t\t\t<option value=\"05:30\">\n\t\t\t\t\t\t\t\t\t\t\t05:30<\/option>\n\t\t\t\t\t\t\t\t\t\t<option value=\"05:45\">\n\t\t\t\t\t\t\t\t\t\t\t05:45<\/option>\n\t\t\t\t\t\t\t\t\t\t\t\t\t\t\t\t\t\t\t\t<option value=\"06:00\">\n\t\t\t\t\t\t\t\t\t\t\t06:00<\/option>\n\t\t\t\t\t\t\t\t\t\t<option value=\"06:15\">\n\t\t\t\t\t\t\t\t\t\t\t06:15<\/option>\n\t\t\t\t\t\t\t\t\t\t<option value=\"06:30\">\n\t\t\t\t\t\t\t\t\t\t\t06:30<\/option>\n\t\t\t\t\t\t\t\t\t\t<option value=\"06:45\">\n\t\t\t\t\t\t\t\t\t\t\t06:45<\/option>\n\t\t\t\t\t\t\t\t\t\t\t\t\t\t\t\t\t\t\t\t<option value=\"07:00\">\n\t\t\t\t\t\t\t\t\t\t\t07:00<\/option>\n\t\t\t\t\t\t\t\t\t\t<option value=\"07:15\">\n\t\t\t\t\t\t\t\t\t\t\t07:15<\/option>\n\t\t\t\t\t\t\t\t\t\t<option value=\"07:30\">\n\t\t\t\t\t\t\t\t\t\t\t07:30<\/option>\n\t\t\t\t\t\t\t\t\t\t<option value=\"07:45\">\n\t\t\t\t\t\t\t\t\t\t\t07:45<\/option>\n\t\t\t\t\t\t\t\t\t\t\t\t\t\t\t\t\t\t\t\t<option value=\"08:00\">\n\t\t\t\t\t\t\t\t\t\t\t08:00<\/option>\n\t\t\t\t\t\t\t\t\t\t<option value=\"08:15\">\n\t\t\t\t\t\t\t\t\t\t\t08:15<\/option>\n\t\t\t\t\t\t\t\t\t\t<option value=\"08:30\">\n\t\t\t\t\t\t\t\t\t\t\t08:30<\/option>\n\t\t\t\t\t\t\t\t\t\t<option value=\"08:45\">\n\t\t\t\t\t\t\t\t\t\t\t08:45<\/option>\n\t\t\t\t\t\t\t\t\t\t\t\t\t\t\t\t\t\t\t\t<option value=\"09:00\">\n\t\t\t\t\t\t\t\t\t\t\t09:00<\/option>\n\t\t\t\t\t\t\t\t\t\t<option value=\"09:15\">\n\t\t\t\t\t\t\t\t\t\t\t09:15<\/option>\n\t\t\t\t\t\t\t\t\t\t<option value=\"09:30\">\n\t\t\t\t\t\t\t\t\t\t\t09:30<\/option>\n\t\t\t\t\t\t\t\t\t\t<option value=\"09:45\">\n\t\t\t\t\t\t\t\t\t\t\t09:45<\/option>\n\t\t\t\t\t\t\t\t\t\t\t\t\t\t\t\t\t\t\t\t<option value=\"10:00\">\n\t\t\t\t\t\t\t\t\t\t\t10:00<\/option>\n\t\t\t\t\t\t\t\t\t\t<option value=\"10:15\">\n\t\t\t\t\t\t\t\t\t\t\t10:15<\/option>\n\t\t\t\t\t\t\t\t\t\t<option value=\"10:30\">\n\t\t\t\t\t\t\t\t\t\t\t10:30<\/option>\n\t\t\t\t\t\t\t\t\t\t<option value=\"10:45\">\n\t\t\t\t\t\t\t\t\t\t\t10:45<\/option>\n\t\t\t\t\t\t\t\t\t\t\t\t\t\t\t\t\t\t\t\t<option value=\"11:00\">\n\t\t\t\t\t\t\t\t\t\t\t11:00<\/option>\n\t\t\t\t\t\t\t\t\t\t<option value=\"11:15\">\n\t\t\t\t\t\t\t\t\t\t\t11:15<\/option>\n\t\t\t\t\t\t\t\t\t\t<option value=\"11:30\">\n\t\t\t\t\t\t\t\t\t\t\t11:30<\/option>\n\t\t\t\t\t\t\t\t\t\t<option value=\"11:45\">\n\t\t\t\t\t\t\t\t\t\t\t11:45<\/option>\n\t\t\t\t\t\t\t\t\t\t\t\t\t\t\t\t\t\t\t\t<option value=\"12:00\">\n\t\t\t\t\t\t\t\t\t\t\t12:00<\/option>\n\t\t\t\t\t\t\t\t\t\t<option value=\"12:15\">\n\t\t\t\t\t\t\t\t\t\t\t12:15<\/option>\n\t\t\t\t\t\t\t\t\t\t<option value=\"12:30\">\n\t\t\t\t\t\t\t\t\t\t\t12:30<\/option>\n\t\t\t\t\t\t\t\t\t\t<option value=\"12:45\">\n\t\t\t\t\t\t\t\t\t\t\t12:45<\/option>\n\t\t\t\t\t\t\t\t\t\t\t\t\t\t\t\t\t\t\t\t<option value=\"13:00\">\n\t\t\t\t\t\t\t\t\t\t\t13:00<\/option>\n\t\t\t\t\t\t\t\t\t\t<option value=\"13:15\">\n\t\t\t\t\t\t\t\t\t\t\t13:15<\/option>\n\t\t\t\t\t\t\t\t\t\t<option value=\"13:30\">\n\t\t\t\t\t\t\t\t\t\t\t13:30<\/option>\n\t\t\t\t\t\t\t\t\t\t<option value=\"13:45\">\n\t\t\t\t\t\t\t\t\t\t\t13:45<\/option>\n\t\t\t\t\t\t\t\t\t\t\t\t\t\t\t\t\t\t\t\t<option value=\"14:00\">\n\t\t\t\t\t\t\t\t\t\t\t14:00<\/option>\n\t\t\t\t\t\t\t\t\t\t<option value=\"14:15\">\n\t\t\t\t\t\t\t\t\t\t\t14:15<\/option>\n\t\t\t\t\t\t\t\t\t\t<option value=\"14:30\">\n\t\t\t\t\t\t\t\t\t\t\t14:30<\/option>\n\t\t\t\t\t\t\t\t\t\t<option value=\"14:45\">\n\t\t\t\t\t\t\t\t\t\t\t14:45<\/option>\n\t\t\t\t\t\t\t\t\t\t\t\t\t\t\t\t\t\t\t\t<option value=\"15:00\">\n\t\t\t\t\t\t\t\t\t\t\t15:00<\/option>\n\t\t\t\t\t\t\t\t\t\t<option value=\"15:15\">\n\t\t\t\t\t\t\t\t\t\t\t15:15<\/option>\n\t\t\t\t\t\t\t\t\t\t<option value=\"15:30\">\n\t\t\t\t\t\t\t\t\t\t\t15:30<\/option>\n\t\t\t\t\t\t\t\t\t\t<option value=\"15:45\">\n\t\t\t\t\t\t\t\t\t\t\t15:45<\/option>\n\t\t\t\t\t\t\t\t\t\t\t\t\t\t\t\t\t\t\t\t<option value=\"16:00\">\n\t\t\t\t\t\t\t\t\t\t\t16:00<\/option>\n\t\t\t\t\t\t\t\t\t\t<option value=\"16:15\">\n\t\t\t\t\t\t\t\t\t\t\t16:15<\/option>\n\t\t\t\t\t\t\t\t\t\t<option value=\"16:30\">\n\t\t\t\t\t\t\t\t\t\t\t16:30<\/option>\n\t\t\t\t\t\t\t\t\t\t<option value=\"16:45\">\n\t\t\t\t\t\t\t\t\t\t\t16:45<\/option>\n\t\t\t\t\t\t\t\t\t\t\t\t\t\t\t\t\t\t\t\t<option value=\"17:00\">\n\t\t\t\t\t\t\t\t\t\t\t17:00<\/option>\n\t\t\t\t\t\t\t\t\t\t<option value=\"17:15\">\n\t\t\t\t\t\t\t\t\t\t\t17:15<\/option>\n\t\t\t\t\t\t\t\t\t\t<option value=\"17:30\">\n\t\t\t\t\t\t\t\t\t\t\t17:30<\/option>\n\t\t\t\t\t\t\t\t\t\t<option value=\"17:45\">\n\t\t\t\t\t\t\t\t\t\t\t17:45<\/option>\n\t\t\t\t\t\t\t\t\t\t\t\t\t\t\t\t\t\t\t\t<option value=\"18:00\">\n\t\t\t\t\t\t\t\t\t\t\t18:00<\/option>\n\t\t\t\t\t\t\t\t\t\t<option value=\"18:15\">\n\t\t\t\t\t\t\t\t\t\t\t18:15<\/option>\n\t\t\t\t\t\t\t\t\t\t<option value=\"18:30\">\n\t\t\t\t\t\t\t\t\t\t\t18:30<\/option>\n\t\t\t\t\t\t\t\t\t\t<option value=\"18:45\">\n\t\t\t\t\t\t\t\t\t\t\t18:45<\/option>\n\t\t\t\t\t\t\t\t\t\t\t\t\t\t\t\t\t\t\t\t<option value=\"19:00\">\n\t\t\t\t\t\t\t\t\t\t\t19:00<\/option>\n\t\t\t\t\t\t\t\t\t\t<option value=\"19:15\">\n\t\t\t\t\t\t\t\t\t\t\t19:15<\/option>\n\t\t\t\t\t\t\t\t\t\t<option value=\"19:30\">\n\t\t\t\t\t\t\t\t\t\t\t19:30<\/option>\n\t\t\t\t\t\t\t\t\t\t<option value=\"19:45\">\n\t\t\t\t\t\t\t\t\t\t\t19:45<\/option>\n\t\t\t\t\t\t\t\t\t\t\t\t\t\t\t\t\t\t\t\t<option value=\"20:00\">\n\t\t\t\t\t\t\t\t\t\t\t20:00<\/option>\n\t\t\t\t\t\t\t\t\t\t<option value=\"20:15\">\n\t\t\t\t\t\t\t\t\t\t\t20:15<\/option>\n\t\t\t\t\t\t\t\t\t\t<option value=\"20:30\">\n\t\t\t\t\t\t\t\t\t\t\t20:30<\/option>\n\t\t\t\t\t\t\t\t\t\t<option value=\"20:45\">\n\t\t\t\t\t\t\t\t\t\t\t20:45<\/option>\n\t\t\t\t\t\t\t\t\t\t\t\t\t\t\t\t\t\t\t\t<option value=\"21:00\">\n\t\t\t\t\t\t\t\t\t\t\t21:00<\/option>\n\t\t\t\t\t\t\t\t\t\t<option value=\"21:15\">\n\t\t\t\t\t\t\t\t\t\t\t21:15<\/option>\n\t\t\t\t\t\t\t\t\t\t<option value=\"21:30\">\n\t\t\t\t\t\t\t\t\t\t\t21:30<\/option>\n\t\t\t\t\t\t\t\t\t\t<option value=\"21:45\">\n\t\t\t\t\t\t\t\t\t\t\t21:45<\/option>\n\t\t\t\t\t\t\t\t\t\t\t\t\t\t\t\t\t\t\t\t<option value=\"22:00\">\n\t\t\t\t\t\t\t\t\t\t\t22:00<\/option>\n\t\t\t\t\t\t\t\t\t\t<option value=\"22:15\">\n\t\t\t\t\t\t\t\t\t\t\t22:15<\/option>\n\t\t\t\t\t\t\t\t\t\t<option value=\"22:30\">\n\t\t\t\t\t\t\t\t\t\t\t22:30<\/option>\n\t\t\t\t\t\t\t\t\t\t<option value=\"22:45\">\n\t\t\t\t\t\t\t\t\t\t\t22:45<\/option>\n\t\t\t\t\t\t\t\t\t\t\t\t\t\t\t\t\t\t\t\t<option value=\"23:00\">\n\t\t\t\t\t\t\t\t\t\t\t23:00<\/option>\n\t\t\t\t\t\t\t\t\t\t<option value=\"23:15\">\n\t\t\t\t\t\t\t\t\t\t\t23:15<\/option>\n\t\t\t\t\t\t\t\t\t\t<option value=\"23:30\">\n\t\t\t\t\t\t\t\t\t\t\t23:30<\/option>\n\t\t\t\t\t\t\t\t\t\t<option value=\"23:45\">\n\t\t\t\t\t\t\t\t\t\t\t23:45<\/option>\n\t\t\t\t\t\t\t\t\t\t\t\t\t\t\t\t\t\t\t<\/select>\n\t\t\t\t\t\t\t\t<\/div>\n\t\t\t\t\t\t\t<\/div>\n\t\t\t\t\t\t<\/div>\n\t\t\t\t\t\t<div class=\"col-sm-6\">\n\t\t\t\t\t\t\t<div class=\"form-group\">\n\t\t\t\t\t\t\t\t<div id=\"bookingBox\"><\/div>\n\n\t\t\t\t\t\t\t\t<label for=\"devuelta\"><h4>D\u00e9p\u00f4t<\/h4><\/label>\n\t\t\t\t\t\t\t\t<select name=\"devuelta\" id=\"devuelta\" class=\"custom-select\">\n\t\t\t\t\t\t\t\t\t<option value=\"airport\"  selected>Malaga A\u00e9roport<\/option>\n\t\t\t\t\t\t\t\t\t\t\t\t\t\t\t\t<\/select>\n\n\t\t\t\t\t\t\t\t<div class=\"form-inline my-2\">\n\t\t\t\t\t\t\t\t\t<input id=\"dDate\" class=\"form-control\" value=\"14\/09\/2026\" name=\"dDate\" readonly>\n\t\t\t\t\t\t\t\t\t<select class=\"custom-select\" id=\"dhorasminutos\" name=\"dhorasminutos\" oninvalid=\"setCustomValidity('Faites-nous savoir votre heure de retour')\" onchange=\"setCustomValidity('')\">\n\t\t\t\t\t\t\t\t\t\t<option value=\"-\" selected>--:--<\/option>\n\t\t\t\t\t\t\t\t\t\t\t\t\t\t\t\t\t\t\t\t<option value=\"00:00\">\n\t\t\t\t\t\t\t\t\t\t\t00:00<\/option>\n\t\t\t\t\t\t\t\t\t\t<option value=\"00:15\">\n\t\t\t\t\t\t\t\t\t\t\t00:15<\/option>\n\t\t\t\t\t\t\t\t\t\t<option value=\"00:30\">\n\t\t\t\t\t\t\t\t\t\t\t00:30<\/option>\n\t\t\t\t\t\t\t\t\t\t<option value=\"00:45\">\n\t\t\t\t\t\t\t\t\t\t\t00:45<\/option>\n\t\t\t\t\t\t\t\t\t\t\t\t\t\t\t\t\t\t\t\t<option value=\"01:00\">\n\t\t\t\t\t\t\t\t\t\t\t01:00<\/option>\n\t\t\t\t\t\t\t\t\t\t<option value=\"01:15\">\n\t\t\t\t\t\t\t\t\t\t\t01:15<\/option>\n\t\t\t\t\t\t\t\t\t\t<option value=\"01:30\">\n\t\t\t\t\t\t\t\t\t\t\t01:30<\/option>\n\t\t\t\t\t\t\t\t\t\t<option value=\"01:45\">\n\t\t\t\t\t\t\t\t\t\t\t01:45<\/option>\n\t\t\t\t\t\t\t\t\t\t\t\t\t\t\t\t\t\t\t\t<option value=\"02:00\">\n\t\t\t\t\t\t\t\t\t\t\t02:00<\/option>\n\t\t\t\t\t\t\t\t\t\t<option value=\"02:15\">\n\t\t\t\t\t\t\t\t\t\t\t02:15<\/option>\n\t\t\t\t\t\t\t\t\t\t<option value=\"02:30\">\n\t\t\t\t\t\t\t\t\t\t\t02:30<\/option>\n\t\t\t\t\t\t\t\t\t\t<option value=\"02:45\">\n\t\t\t\t\t\t\t\t\t\t\t02:45<\/option>\n\t\t\t\t\t\t\t\t\t\t\t\t\t\t\t\t\t\t\t\t<option value=\"03:00\">\n\t\t\t\t\t\t\t\t\t\t\t03:00<\/option>\n\t\t\t\t\t\t\t\t\t\t<option value=\"03:15\">\n\t\t\t\t\t\t\t\t\t\t\t03:15<\/option>\n\t\t\t\t\t\t\t\t\t\t<option value=\"03:30\">\n\t\t\t\t\t\t\t\t\t\t\t03:30<\/option>\n\t\t\t\t\t\t\t\t\t\t<option value=\"03:45\">\n\t\t\t\t\t\t\t\t\t\t\t03:45<\/option>\n\t\t\t\t\t\t\t\t\t\t\t\t\t\t\t\t\t\t\t\t<option value=\"04:00\">\n\t\t\t\t\t\t\t\t\t\t\t04:00<\/option>\n\t\t\t\t\t\t\t\t\t\t<option value=\"04:15\">\n\t\t\t\t\t\t\t\t\t\t\t04:15<\/option>\n\t\t\t\t\t\t\t\t\t\t<option value=\"04:30\">\n\t\t\t\t\t\t\t\t\t\t\t04:30<\/option>\n\t\t\t\t\t\t\t\t\t\t<option value=\"04:45\">\n\t\t\t\t\t\t\t\t\t\t\t04:45<\/option>\n\t\t\t\t\t\t\t\t\t\t\t\t\t\t\t\t\t\t\t\t<option value=\"05:00\">\n\t\t\t\t\t\t\t\t\t\t\t05:00<\/option>\n\t\t\t\t\t\t\t\t\t\t<option value=\"05:15\">\n\t\t\t\t\t\t\t\t\t\t\t05:15<\/option>\n\t\t\t\t\t\t\t\t\t\t<option value=\"05:30\">\n\t\t\t\t\t\t\t\t\t\t\t05:30<\/option>\n\t\t\t\t\t\t\t\t\t\t<option value=\"05:45\">\n\t\t\t\t\t\t\t\t\t\t\t05:45<\/option>\n\t\t\t\t\t\t\t\t\t\t\t\t\t\t\t\t\t\t\t\t<option value=\"06:00\">\n\t\t\t\t\t\t\t\t\t\t\t06:00<\/option>\n\t\t\t\t\t\t\t\t\t\t<option value=\"06:15\">\n\t\t\t\t\t\t\t\t\t\t\t06:15<\/option>\n\t\t\t\t\t\t\t\t\t\t<option value=\"06:30\">\n\t\t\t\t\t\t\t\t\t\t\t06:30<\/option>\n\t\t\t\t\t\t\t\t\t\t<option value=\"06:45\">\n\t\t\t\t\t\t\t\t\t\t\t06:45<\/option>\n\t\t\t\t\t\t\t\t\t\t\t\t\t\t\t\t\t\t\t\t<option value=\"07:00\">\n\t\t\t\t\t\t\t\t\t\t\t07:00<\/option>\n\t\t\t\t\t\t\t\t\t\t<option value=\"07:15\">\n\t\t\t\t\t\t\t\t\t\t\t07:15<\/option>\n\t\t\t\t\t\t\t\t\t\t<option value=\"07:30\">\n\t\t\t\t\t\t\t\t\t\t\t07:30<\/option>\n\t\t\t\t\t\t\t\t\t\t<option value=\"07:45\">\n\t\t\t\t\t\t\t\t\t\t\t07:45<\/option>\n\t\t\t\t\t\t\t\t\t\t\t\t\t\t\t\t\t\t\t\t<option value=\"08:00\">\n\t\t\t\t\t\t\t\t\t\t\t08:00<\/option>\n\t\t\t\t\t\t\t\t\t\t<option value=\"08:15\">\n\t\t\t\t\t\t\t\t\t\t\t08:15<\/option>\n\t\t\t\t\t\t\t\t\t\t<option value=\"08:30\">\n\t\t\t\t\t\t\t\t\t\t\t08:30<\/option>\n\t\t\t\t\t\t\t\t\t\t<option value=\"08:45\">\n\t\t\t\t\t\t\t\t\t\t\t08:45<\/option>\n\t\t\t\t\t\t\t\t\t\t\t\t\t\t\t\t\t\t\t\t<option value=\"09:00\">\n\t\t\t\t\t\t\t\t\t\t\t09:00<\/option>\n\t\t\t\t\t\t\t\t\t\t<option value=\"09:15\">\n\t\t\t\t\t\t\t\t\t\t\t09:15<\/option>\n\t\t\t\t\t\t\t\t\t\t<option value=\"09:30\">\n\t\t\t\t\t\t\t\t\t\t\t09:30<\/option>\n\t\t\t\t\t\t\t\t\t\t<option value=\"09:45\">\n\t\t\t\t\t\t\t\t\t\t\t09:45<\/option>\n\t\t\t\t\t\t\t\t\t\t\t\t\t\t\t\t\t\t\t\t<option value=\"10:00\">\n\t\t\t\t\t\t\t\t\t\t\t10:00<\/option>\n\t\t\t\t\t\t\t\t\t\t<option value=\"10:15\">\n\t\t\t\t\t\t\t\t\t\t\t10:15<\/option>\n\t\t\t\t\t\t\t\t\t\t<option value=\"10:30\">\n\t\t\t\t\t\t\t\t\t\t\t10:30<\/option>\n\t\t\t\t\t\t\t\t\t\t<option value=\"10:45\">\n\t\t\t\t\t\t\t\t\t\t\t10:45<\/option>\n\t\t\t\t\t\t\t\t\t\t\t\t\t\t\t\t\t\t\t\t<option value=\"11:00\">\n\t\t\t\t\t\t\t\t\t\t\t11:00<\/option>\n\t\t\t\t\t\t\t\t\t\t<option value=\"11:15\">\n\t\t\t\t\t\t\t\t\t\t\t11:15<\/option>\n\t\t\t\t\t\t\t\t\t\t<option value=\"11:30\">\n\t\t\t\t\t\t\t\t\t\t\t11:30<\/option>\n\t\t\t\t\t\t\t\t\t\t<option value=\"11:45\">\n\t\t\t\t\t\t\t\t\t\t\t11:45<\/option>\n\t\t\t\t\t\t\t\t\t\t\t\t\t\t\t\t\t\t\t\t<option value=\"12:00\">\n\t\t\t\t\t\t\t\t\t\t\t12:00<\/option>\n\t\t\t\t\t\t\t\t\t\t<option value=\"12:15\">\n\t\t\t\t\t\t\t\t\t\t\t12:15<\/option>\n\t\t\t\t\t\t\t\t\t\t<option value=\"12:30\">\n\t\t\t\t\t\t\t\t\t\t\t12:30<\/option>\n\t\t\t\t\t\t\t\t\t\t<option value=\"12:45\">\n\t\t\t\t\t\t\t\t\t\t\t12:45<\/option>\n\t\t\t\t\t\t\t\t\t\t\t\t\t\t\t\t\t\t\t\t<option value=\"13:00\">\n\t\t\t\t\t\t\t\t\t\t\t13:00<\/option>\n\t\t\t\t\t\t\t\t\t\t<option value=\"13:15\">\n\t\t\t\t\t\t\t\t\t\t\t13:15<\/option>\n\t\t\t\t\t\t\t\t\t\t<option value=\"13:30\">\n\t\t\t\t\t\t\t\t\t\t\t13:30<\/option>\n\t\t\t\t\t\t\t\t\t\t<option value=\"13:45\">\n\t\t\t\t\t\t\t\t\t\t\t13:45<\/option>\n\t\t\t\t\t\t\t\t\t\t\t\t\t\t\t\t\t\t\t\t<option value=\"14:00\">\n\t\t\t\t\t\t\t\t\t\t\t14:00<\/option>\n\t\t\t\t\t\t\t\t\t\t<option value=\"14:15\">\n\t\t\t\t\t\t\t\t\t\t\t14:15<\/option>\n\t\t\t\t\t\t\t\t\t\t<option value=\"14:30\">\n\t\t\t\t\t\t\t\t\t\t\t14:30<\/option>\n\t\t\t\t\t\t\t\t\t\t<option value=\"14:45\">\n\t\t\t\t\t\t\t\t\t\t\t14:45<\/option>\n\t\t\t\t\t\t\t\t\t\t\t\t\t\t\t\t\t\t\t\t<option value=\"15:00\">\n\t\t\t\t\t\t\t\t\t\t\t15:00<\/option>\n\t\t\t\t\t\t\t\t\t\t<option value=\"15:15\">\n\t\t\t\t\t\t\t\t\t\t\t15:15<\/option>\n\t\t\t\t\t\t\t\t\t\t<option value=\"15:30\">\n\t\t\t\t\t\t\t\t\t\t\t15:30<\/option>\n\t\t\t\t\t\t\t\t\t\t<option value=\"15:45\">\n\t\t\t\t\t\t\t\t\t\t\t15:45<\/option>\n\t\t\t\t\t\t\t\t\t\t\t\t\t\t\t\t\t\t\t\t<option value=\"16:00\">\n\t\t\t\t\t\t\t\t\t\t\t16:00<\/option>\n\t\t\t\t\t\t\t\t\t\t<option value=\"16:15\">\n\t\t\t\t\t\t\t\t\t\t\t16:15<\/option>\n\t\t\t\t\t\t\t\t\t\t<option value=\"16:30\">\n\t\t\t\t\t\t\t\t\t\t\t16:30<\/option>\n\t\t\t\t\t\t\t\t\t\t<option value=\"16:45\">\n\t\t\t\t\t\t\t\t\t\t\t16:45<\/option>\n\t\t\t\t\t\t\t\t\t\t\t\t\t\t\t\t\t\t\t\t<option value=\"17:00\">\n\t\t\t\t\t\t\t\t\t\t\t17:00<\/option>\n\t\t\t\t\t\t\t\t\t\t<option value=\"17:15\">\n\t\t\t\t\t\t\t\t\t\t\t17:15<\/option>\n\t\t\t\t\t\t\t\t\t\t<option value=\"17:30\">\n\t\t\t\t\t\t\t\t\t\t\t17:30<\/option>\n\t\t\t\t\t\t\t\t\t\t<option value=\"17:45\">\n\t\t\t\t\t\t\t\t\t\t\t17:45<\/option>\n\t\t\t\t\t\t\t\t\t\t\t\t\t\t\t\t\t\t\t\t<option value=\"18:00\">\n\t\t\t\t\t\t\t\t\t\t\t18:00<\/option>\n\t\t\t\t\t\t\t\t\t\t<option value=\"18:15\">\n\t\t\t\t\t\t\t\t\t\t\t18:15<\/option>\n\t\t\t\t\t\t\t\t\t\t<option value=\"18:30\">\n\t\t\t\t\t\t\t\t\t\t\t18:30<\/option>\n\t\t\t\t\t\t\t\t\t\t<option value=\"18:45\">\n\t\t\t\t\t\t\t\t\t\t\t18:45<\/option>\n\t\t\t\t\t\t\t\t\t\t\t\t\t\t\t\t\t\t\t\t<option value=\"19:00\">\n\t\t\t\t\t\t\t\t\t\t\t19:00<\/option>\n\t\t\t\t\t\t\t\t\t\t<option value=\"19:15\">\n\t\t\t\t\t\t\t\t\t\t\t19:15<\/option>\n\t\t\t\t\t\t\t\t\t\t<option value=\"19:30\">\n\t\t\t\t\t\t\t\t\t\t\t19:30<\/option>\n\t\t\t\t\t\t\t\t\t\t<option value=\"19:45\">\n\t\t\t\t\t\t\t\t\t\t\t19:45<\/option>\n\t\t\t\t\t\t\t\t\t\t\t\t\t\t\t\t\t\t\t\t<option value=\"20:00\">\n\t\t\t\t\t\t\t\t\t\t\t20:00<\/option>\n\t\t\t\t\t\t\t\t\t\t<option value=\"20:15\">\n\t\t\t\t\t\t\t\t\t\t\t20:15<\/option>\n\t\t\t\t\t\t\t\t\t\t<option value=\"20:30\">\n\t\t\t\t\t\t\t\t\t\t\t20:30<\/option>\n\t\t\t\t\t\t\t\t\t\t<option value=\"20:45\">\n\t\t\t\t\t\t\t\t\t\t\t20:45<\/option>\n\t\t\t\t\t\t\t\t\t\t\t\t\t\t\t\t\t\t\t\t<option value=\"21:00\">\n\t\t\t\t\t\t\t\t\t\t\t21:00<\/option>\n\t\t\t\t\t\t\t\t\t\t<option value=\"21:15\">\n\t\t\t\t\t\t\t\t\t\t\t21:15<\/option>\n\t\t\t\t\t\t\t\t\t\t<option value=\"21:30\">\n\t\t\t\t\t\t\t\t\t\t\t21:30<\/option>\n\t\t\t\t\t\t\t\t\t\t<option value=\"21:45\">\n\t\t\t\t\t\t\t\t\t\t\t21:45<\/option>\n\t\t\t\t\t\t\t\t\t\t\t\t\t\t\t\t\t\t\t\t<option value=\"22:00\">\n\t\t\t\t\t\t\t\t\t\t\t22:00<\/option>\n\t\t\t\t\t\t\t\t\t\t<option value=\"22:15\">\n\t\t\t\t\t\t\t\t\t\t\t22:15<\/option>\n\t\t\t\t\t\t\t\t\t\t<option value=\"22:30\">\n\t\t\t\t\t\t\t\t\t\t\t22:30<\/option>\n\t\t\t\t\t\t\t\t\t\t<option value=\"22:45\">\n\t\t\t\t\t\t\t\t\t\t\t22:45<\/option>\n\t\t\t\t\t\t\t\t\t\t\t\t\t\t\t\t\t\t\t\t<option value=\"23:00\">\n\t\t\t\t\t\t\t\t\t\t\t23:00<\/option>\n\t\t\t\t\t\t\t\t\t\t<option value=\"23:15\">\n\t\t\t\t\t\t\t\t\t\t\t23:15<\/option>\n\t\t\t\t\t\t\t\t\t\t<option value=\"23:30\">\n\t\t\t\t\t\t\t\t\t\t\t23:30<\/option>\n\t\t\t\t\t\t\t\t\t\t<option value=\"23:45\">\n\t\t\t\t\t\t\t\t\t\t\t23:45<\/option>\n\t\t\t\t\t\t\t\t\t\t\t\t\t\t\t\t\t\t\t<\/select>\n\t\t\t\t\t\t\t\t<\/div>\n\t\t\t\t\t\t\t<\/div>\n\t\t\t\t\t\t<\/div>\n\n\t\t\t\t\t<\/div>\n\t\t\t\t\n\n\t\t\t\t\t\t<div class=\"row\">\n                               <div class=\"col-sm-6\">\n\t\t\t\t\t\t\t\t<div class=\"form-group promo-code\">\n\t\t\t\t\t\t\t\t\t\t\t\t\t\t\t\t\t<label for=\"tipogrupo\" class=\"w-50 text-right pr-3 pt-1\">Group<\/label>\n\t\t\t\t\t\t\t\t\t<select name=\"tipogrupo\" id=\"tipogrupo\" class=\"form-control w-50\">\n\t\t\t\t\t\t\t\t\t<option value=\"0\">Voir tous<\/option>\n\t\t\t                        <option value=\"1\">Standard<\/option> \n\t\t\t\t\t\t\t\t\t<option value=\"2\">Automatique<\/option>  \n\t\t\t\t\t\t\t\t\t<option value=\"4\">Transporteurs<\/option>  \n\t\t\t\t\t\t\t\t\t<option value=\"5\">Cabriolet et Sport<\/option>  \n\t\t\t\t\t\t\t\t\t<option value=\"6\">Prestige<\/option>  \n\t\t\t\t\t\t\t\t\t<option value=\"8\">SUV<\/option>  \n\t\t\t\t\t\t\t\t\t<option value=\"10\">Camping car et Autocaravane<\/option>  \t\t\t\t\t\t\t\n\t\t\t\t\t\t\t\t<\/select>\t\n\t\t\t\t\t\t\t\t\t\n\t\t\t\t\t\t\t<\/div>\n\t\t\t\t\t\t\t<\/div>\n\t\t\t\t\t\t<div class=\"col-sm-6 align-self-end\">\n\t\t\t\t\t\t\t<div class=\"form-group\">\n\t\t\t\t\t\t\t\t<input type=\"submit\" class=\"btn-quote\" value=\"Voir les prix\" onclick=\"return msgAlert()\">\n\t\t\t\t\t\t\t<\/div>\n\t\t\t\t\t\t<\/div>\n\t\t\t\t\t<\/div>\n\t\t\t\t<\/form>\n\t\t\t\t<div class=\"row hide-mini-tablet advantages\">\n\t\t\t\t\t\t<div class=\"col-12\">\n\t\t\t\t\t\t\t<h4 class=\"text-center text-white\">TARIFS IMBATTABLES<\/h4>\n\t\t\t\t\t\t\t<ul>\n\t\t\t\t\t\t\t\t<li><strong>Grande flotte<\/strong> de voitures neuves.<\/li>\n\t\t\t\t\t\t\t\t<li><strong>Payez \u00e0 l'arriv\u00e9e<\/strong>.<\/li>\n\t\t\t\t\t\t\t\t<li>Ce que vous voyez est ce que vous payez.<\/li>\n\t\t\t\t\t\t\t\t<li><strong>Pas difficile \u00e0 vendre au bureau<\/strong>.<\/li>\n\t\t\t\t\t\t\t\t<li>Service de livraison VIP gratuit.<\/li>\n\t\t\t\t\t\t\t\t<li><strong class='redpassion-alt'>PAS DE FRAIS SUPPL\u00c9MENTAIRES<\/strong>, pour le service de ravitaillement.<\/li>\n\t\t\t\t\t\t\t<\/ul>\n\t\t\t\t\t\t<\/div>\n\t\t\t\t\t<\/div>\n\t\t\t\t<\/div>\n\t\t\t<br clear=\"all\">\n<\/p>\n","protected":false},"excerpt":{"rendered":"<p>Mai est l&rsquo;un des meilleurs mois sur la Costa del Sol. D\u00e9couvrez tout ce que vous pouvez faire \u00e0 Malaga en mai, lorsque vous pouvez profiter de nombreuses activit\u00e9s en plein air.<\/p>\n","protected":false},"author":1,"featured_media":541,"comment_status":"open","ping_status":"open","sticky":false,"template":"","format":"standard","meta":{"footnotes":""},"categories":[2],"tags":[37,4],"class_list":["post-288","post","type-post","status-publish","format-standard","has-post-thumbnail","hentry","category-loisirs","tag-mai","tag-malaga"],"yoast_head":"<!-- This site is optimized with the Yoast SEO plugin v28.4 - https:\/\/yoast.com\/product\/yoast-seo-wordpress\/ -->\n<title>Choses \u00e0 faire \u00e0 Malaga en Mai 2026 - Blog de MalagaCar.com<\/title>\n<meta name=\"description\" content=\"Malaga en mai est l&#039;un des meilleurs mois de la Costa del Sol. D\u00e9couvrez tout ce que vous pouvez faire pendant ce beau mois de printemps.\" \/>\n<meta name=\"robots\" content=\"index, follow, max-snippet:-1, max-image-preview:large, max-video-preview:-1\" \/>\n<link rel=\"canonical\" href=\"https:\/\/www.malagacar.com\/fr\/blog\/loisirs\/choses-a-faire-en-malaga-en-mai\/\" \/>\n<meta property=\"og:locale\" content=\"fr_FR\" \/>\n<meta property=\"og:type\" content=\"article\" \/>\n<meta property=\"og:title\" content=\"Choses \u00e0 faire \u00e0 Malaga en Mai 2026 - Blog de MalagaCar.com\" \/>\n<meta property=\"og:description\" content=\"Malaga en mai est l&#039;un des meilleurs mois de la Costa del Sol. D\u00e9couvrez tout ce que vous pouvez faire pendant ce beau mois de printemps.\" \/>\n<meta property=\"og:url\" content=\"https:\/\/www.malagacar.com\/fr\/blog\/loisirs\/choses-a-faire-en-malaga-en-mai\/\" \/>\n<meta property=\"og:site_name\" content=\"Blog de MalagaCar.com\" \/>\n<meta property=\"article:publisher\" content=\"https:\/\/www.facebook.com\/malagacar\" \/>\n<meta property=\"article:published_time\" content=\"2026-05-07T06:17:25+00:00\" \/>\n<meta property=\"article:modified_time\" content=\"2026-05-07T06:17:40+00:00\" \/>\n<meta property=\"og:image\" content=\"https:\/\/www.malagacar.com\/fr\/blog\/wp-content\/uploads\/2022\/04\/mai_malaga_fr.jpg\" \/>\n\t<meta property=\"og:image:width\" content=\"1000\" \/>\n\t<meta property=\"og:image:height\" content=\"896\" \/>\n\t<meta property=\"og:image:type\" content=\"image\/jpeg\" \/>\n<meta name=\"author\" content=\"MalagaCar.com\" \/>\n<meta name=\"twitter:card\" content=\"summary_large_image\" \/>\n<meta name=\"twitter:creator\" content=\"@malagacarcom\" \/>\n<meta name=\"twitter:site\" content=\"@malagacarcom\" \/>\n<meta name=\"twitter:label1\" content=\"\u00c9crit par\" \/>\n\t<meta name=\"twitter:data1\" content=\"MalagaCar.com\" \/>\n\t<meta name=\"twitter:label2\" content=\"Dur\u00e9e de lecture estim\u00e9e\" \/>\n\t<meta name=\"twitter:data2\" content=\"37 minutes\" \/>\n<script type=\"application\/ld+json\" class=\"yoast-schema-graph\">{\"@context\":\"https:\\\/\\\/schema.org\",\"@graph\":[{\"@type\":\"Article\",\"@id\":\"https:\\\/\\\/www.malagacar.com\\\/fr\\\/blog\\\/loisirs\\\/choses-a-faire-en-malaga-en-mai\\\/#article\",\"isPartOf\":{\"@id\":\"https:\\\/\\\/www.malagacar.com\\\/fr\\\/blog\\\/loisirs\\\/choses-a-faire-en-malaga-en-mai\\\/\"},\"author\":{\"name\":\"MalagaCar.com\",\"@id\":\"https:\\\/\\\/www.malagacar.com\\\/fr\\\/blog\\\/#\\\/schema\\\/person\\\/ffb97005d02bcc7d0bb59f5409635691\"},\"headline\":\"Choses \u00e0 faire \u00e0 Malaga en Mai 2026\",\"datePublished\":\"2026-05-07T06:17:25+00:00\",\"dateModified\":\"2026-05-07T06:17:40+00:00\",\"mainEntityOfPage\":{\"@id\":\"https:\\\/\\\/www.malagacar.com\\\/fr\\\/blog\\\/loisirs\\\/choses-a-faire-en-malaga-en-mai\\\/\"},\"wordCount\":5280,\"commentCount\":0,\"publisher\":{\"@id\":\"https:\\\/\\\/www.malagacar.com\\\/fr\\\/blog\\\/#organization\"},\"image\":{\"@id\":\"https:\\\/\\\/www.malagacar.com\\\/fr\\\/blog\\\/loisirs\\\/choses-a-faire-en-malaga-en-mai\\\/#primaryimage\"},\"thumbnailUrl\":\"https:\\\/\\\/www.malagacar.com\\\/fr\\\/blog\\\/wp-content\\\/uploads\\\/2022\\\/04\\\/mai_malaga_fr.jpg\",\"keywords\":[\"mai\",\"malaga\"],\"articleSection\":[\"Loisirs\"],\"inLanguage\":\"fr-FR\",\"potentialAction\":[{\"@type\":\"CommentAction\",\"name\":\"Comment\",\"target\":[\"https:\\\/\\\/www.malagacar.com\\\/fr\\\/blog\\\/loisirs\\\/choses-a-faire-en-malaga-en-mai\\\/#respond\"]}]},{\"@type\":\"WebPage\",\"@id\":\"https:\\\/\\\/www.malagacar.com\\\/fr\\\/blog\\\/loisirs\\\/choses-a-faire-en-malaga-en-mai\\\/\",\"url\":\"https:\\\/\\\/www.malagacar.com\\\/fr\\\/blog\\\/loisirs\\\/choses-a-faire-en-malaga-en-mai\\\/\",\"name\":\"Choses \u00e0 faire \u00e0 Malaga en Mai 2026 - Blog de MalagaCar.com\",\"isPartOf\":{\"@id\":\"https:\\\/\\\/www.malagacar.com\\\/fr\\\/blog\\\/#website\"},\"primaryImageOfPage\":{\"@id\":\"https:\\\/\\\/www.malagacar.com\\\/fr\\\/blog\\\/loisirs\\\/choses-a-faire-en-malaga-en-mai\\\/#primaryimage\"},\"image\":{\"@id\":\"https:\\\/\\\/www.malagacar.com\\\/fr\\\/blog\\\/loisirs\\\/choses-a-faire-en-malaga-en-mai\\\/#primaryimage\"},\"thumbnailUrl\":\"https:\\\/\\\/www.malagacar.com\\\/fr\\\/blog\\\/wp-content\\\/uploads\\\/2022\\\/04\\\/mai_malaga_fr.jpg\",\"datePublished\":\"2026-05-07T06:17:25+00:00\",\"dateModified\":\"2026-05-07T06:17:40+00:00\",\"description\":\"Malaga en mai est l'un des meilleurs mois de la Costa del Sol. D\u00e9couvrez tout ce que vous pouvez faire pendant ce beau mois de printemps.\",\"breadcrumb\":{\"@id\":\"https:\\\/\\\/www.malagacar.com\\\/fr\\\/blog\\\/loisirs\\\/choses-a-faire-en-malaga-en-mai\\\/#breadcrumb\"},\"inLanguage\":\"fr-FR\",\"potentialAction\":[{\"@type\":\"ReadAction\",\"target\":[\"https:\\\/\\\/www.malagacar.com\\\/fr\\\/blog\\\/loisirs\\\/choses-a-faire-en-malaga-en-mai\\\/\"]}]},{\"@type\":\"ImageObject\",\"inLanguage\":\"fr-FR\",\"@id\":\"https:\\\/\\\/www.malagacar.com\\\/fr\\\/blog\\\/loisirs\\\/choses-a-faire-en-malaga-en-mai\\\/#primaryimage\",\"url\":\"https:\\\/\\\/www.malagacar.com\\\/fr\\\/blog\\\/wp-content\\\/uploads\\\/2022\\\/04\\\/mai_malaga_fr.jpg\",\"contentUrl\":\"https:\\\/\\\/www.malagacar.com\\\/fr\\\/blog\\\/wp-content\\\/uploads\\\/2022\\\/04\\\/mai_malaga_fr.jpg\",\"width\":1000,\"height\":896,\"caption\":\"Que faire \u00e0 Malaga en mai\"},{\"@type\":\"BreadcrumbList\",\"@id\":\"https:\\\/\\\/www.malagacar.com\\\/fr\\\/blog\\\/loisirs\\\/choses-a-faire-en-malaga-en-mai\\\/#breadcrumb\",\"itemListElement\":[{\"@type\":\"ListItem\",\"position\":1,\"name\":\"Accueil\",\"item\":\"https:\\\/\\\/www.malagacar.com\\\/fr\\\/blog\\\/\"},{\"@type\":\"ListItem\",\"position\":2,\"name\":\"Choses \u00e0 faire \u00e0 Malaga en Mai 2026\"}]},{\"@type\":\"WebSite\",\"@id\":\"https:\\\/\\\/www.malagacar.com\\\/fr\\\/blog\\\/#website\",\"url\":\"https:\\\/\\\/www.malagacar.com\\\/fr\\\/blog\\\/\",\"name\":\"Blog de MalagaCar.com\",\"description\":\"Nouvelles et informations int\u00e9ressantes sur la location de voitures \u00e0 l&#039;a\u00e9roport de Malaga.\",\"publisher\":{\"@id\":\"https:\\\/\\\/www.malagacar.com\\\/fr\\\/blog\\\/#organization\"},\"potentialAction\":[{\"@type\":\"SearchAction\",\"target\":{\"@type\":\"EntryPoint\",\"urlTemplate\":\"https:\\\/\\\/www.malagacar.com\\\/fr\\\/blog\\\/?s={search_term_string}\"},\"query-input\":{\"@type\":\"PropertyValueSpecification\",\"valueRequired\":true,\"valueName\":\"search_term_string\"}}],\"inLanguage\":\"fr-FR\"},{\"@type\":\"Organization\",\"@id\":\"https:\\\/\\\/www.malagacar.com\\\/fr\\\/blog\\\/#organization\",\"name\":\"MalagaCar.com\",\"url\":\"https:\\\/\\\/www.malagacar.com\\\/fr\\\/blog\\\/\",\"logo\":{\"@type\":\"ImageObject\",\"inLanguage\":\"fr-FR\",\"@id\":\"https:\\\/\\\/www.malagacar.com\\\/fr\\\/blog\\\/#\\\/schema\\\/logo\\\/image\\\/\",\"url\":\"https:\\\/\\\/www.malagacar.com\\\/fr\\\/blog\\\/wp-content\\\/uploads\\\/2021\\\/06\\\/logo-malagacar-social.png\",\"contentUrl\":\"https:\\\/\\\/www.malagacar.com\\\/fr\\\/blog\\\/wp-content\\\/uploads\\\/2021\\\/06\\\/logo-malagacar-social.png\",\"width\":900,\"height\":900,\"caption\":\"MalagaCar.com\"},\"image\":{\"@id\":\"https:\\\/\\\/www.malagacar.com\\\/fr\\\/blog\\\/#\\\/schema\\\/logo\\\/image\\\/\"},\"sameAs\":[\"https:\\\/\\\/www.facebook.com\\\/malagacar\",\"https:\\\/\\\/x.com\\\/malagacarcom\",\"https:\\\/\\\/www.instagram.com\\\/malagacar\\\/\",\"https:\\\/\\\/www.linkedin.com\\\/company\\\/malagacar.com\",\"https:\\\/\\\/www.youtube.com\\\/c\\\/MalagacarAirport\"]},{\"@type\":\"Person\",\"@id\":\"https:\\\/\\\/www.malagacar.com\\\/fr\\\/blog\\\/#\\\/schema\\\/person\\\/ffb97005d02bcc7d0bb59f5409635691\",\"name\":\"MalagaCar.com\",\"image\":{\"@type\":\"ImageObject\",\"inLanguage\":\"fr-FR\",\"@id\":\"https:\\\/\\\/secure.gravatar.com\\\/avatar\\\/296ebc31026e7be05868369e4c596b3239b1582b2fcf8a45de57333e2e82bb82?s=96&d=mm&r=g\",\"url\":\"https:\\\/\\\/secure.gravatar.com\\\/avatar\\\/296ebc31026e7be05868369e4c596b3239b1582b2fcf8a45de57333e2e82bb82?s=96&d=mm&r=g\",\"contentUrl\":\"https:\\\/\\\/secure.gravatar.com\\\/avatar\\\/296ebc31026e7be05868369e4c596b3239b1582b2fcf8a45de57333e2e82bb82?s=96&d=mm&r=g\",\"caption\":\"MalagaCar.com\"},\"sameAs\":[\"https:\\\/\\\/www.malagacar.com\\\/fr\\\/blog\"]}]}<\/script>\n<!-- \/ Yoast SEO plugin. -->","yoast_head_json":{"title":"Choses \u00e0 faire \u00e0 Malaga en Mai 2026 - Blog de MalagaCar.com","description":"Malaga en mai est l'un des meilleurs mois de la Costa del Sol. D\u00e9couvrez tout ce que vous pouvez faire pendant ce beau mois de printemps.","robots":{"index":"index","follow":"follow","max-snippet":"max-snippet:-1","max-image-preview":"max-image-preview:large","max-video-preview":"max-video-preview:-1"},"canonical":"https:\/\/www.malagacar.com\/fr\/blog\/loisirs\/choses-a-faire-en-malaga-en-mai\/","og_locale":"fr_FR","og_type":"article","og_title":"Choses \u00e0 faire \u00e0 Malaga en Mai 2026 - Blog de MalagaCar.com","og_description":"Malaga en mai est l'un des meilleurs mois de la Costa del Sol. D\u00e9couvrez tout ce que vous pouvez faire pendant ce beau mois de printemps.","og_url":"https:\/\/www.malagacar.com\/fr\/blog\/loisirs\/choses-a-faire-en-malaga-en-mai\/","og_site_name":"Blog de MalagaCar.com","article_publisher":"https:\/\/www.facebook.com\/malagacar","article_published_time":"2026-05-07T06:17:25+00:00","article_modified_time":"2026-05-07T06:17:40+00:00","og_image":[{"width":1000,"height":896,"url":"https:\/\/www.malagacar.com\/fr\/blog\/wp-content\/uploads\/2022\/04\/mai_malaga_fr.jpg","type":"image\/jpeg"}],"author":"MalagaCar.com","twitter_card":"summary_large_image","twitter_creator":"@malagacarcom","twitter_site":"@malagacarcom","twitter_misc":{"\u00c9crit par":"MalagaCar.com","Dur\u00e9e de lecture estim\u00e9e":"37 minutes"},"schema":{"@context":"https:\/\/schema.org","@graph":[{"@type":"Article","@id":"https:\/\/www.malagacar.com\/fr\/blog\/loisirs\/choses-a-faire-en-malaga-en-mai\/#article","isPartOf":{"@id":"https:\/\/www.malagacar.com\/fr\/blog\/loisirs\/choses-a-faire-en-malaga-en-mai\/"},"author":{"name":"MalagaCar.com","@id":"https:\/\/www.malagacar.com\/fr\/blog\/#\/schema\/person\/ffb97005d02bcc7d0bb59f5409635691"},"headline":"Choses \u00e0 faire \u00e0 Malaga en Mai 2026","datePublished":"2026-05-07T06:17:25+00:00","dateModified":"2026-05-07T06:17:40+00:00","mainEntityOfPage":{"@id":"https:\/\/www.malagacar.com\/fr\/blog\/loisirs\/choses-a-faire-en-malaga-en-mai\/"},"wordCount":5280,"commentCount":0,"publisher":{"@id":"https:\/\/www.malagacar.com\/fr\/blog\/#organization"},"image":{"@id":"https:\/\/www.malagacar.com\/fr\/blog\/loisirs\/choses-a-faire-en-malaga-en-mai\/#primaryimage"},"thumbnailUrl":"https:\/\/www.malagacar.com\/fr\/blog\/wp-content\/uploads\/2022\/04\/mai_malaga_fr.jpg","keywords":["mai","malaga"],"articleSection":["Loisirs"],"inLanguage":"fr-FR","potentialAction":[{"@type":"CommentAction","name":"Comment","target":["https:\/\/www.malagacar.com\/fr\/blog\/loisirs\/choses-a-faire-en-malaga-en-mai\/#respond"]}]},{"@type":"WebPage","@id":"https:\/\/www.malagacar.com\/fr\/blog\/loisirs\/choses-a-faire-en-malaga-en-mai\/","url":"https:\/\/www.malagacar.com\/fr\/blog\/loisirs\/choses-a-faire-en-malaga-en-mai\/","name":"Choses \u00e0 faire \u00e0 Malaga en Mai 2026 - Blog de MalagaCar.com","isPartOf":{"@id":"https:\/\/www.malagacar.com\/fr\/blog\/#website"},"primaryImageOfPage":{"@id":"https:\/\/www.malagacar.com\/fr\/blog\/loisirs\/choses-a-faire-en-malaga-en-mai\/#primaryimage"},"image":{"@id":"https:\/\/www.malagacar.com\/fr\/blog\/loisirs\/choses-a-faire-en-malaga-en-mai\/#primaryimage"},"thumbnailUrl":"https:\/\/www.malagacar.com\/fr\/blog\/wp-content\/uploads\/2022\/04\/mai_malaga_fr.jpg","datePublished":"2026-05-07T06:17:25+00:00","dateModified":"2026-05-07T06:17:40+00:00","description":"Malaga en mai est l'un des meilleurs mois de la Costa del Sol. D\u00e9couvrez tout ce que vous pouvez faire pendant ce beau mois de printemps.","breadcrumb":{"@id":"https:\/\/www.malagacar.com\/fr\/blog\/loisirs\/choses-a-faire-en-malaga-en-mai\/#breadcrumb"},"inLanguage":"fr-FR","potentialAction":[{"@type":"ReadAction","target":["https:\/\/www.malagacar.com\/fr\/blog\/loisirs\/choses-a-faire-en-malaga-en-mai\/"]}]},{"@type":"ImageObject","inLanguage":"fr-FR","@id":"https:\/\/www.malagacar.com\/fr\/blog\/loisirs\/choses-a-faire-en-malaga-en-mai\/#primaryimage","url":"https:\/\/www.malagacar.com\/fr\/blog\/wp-content\/uploads\/2022\/04\/mai_malaga_fr.jpg","contentUrl":"https:\/\/www.malagacar.com\/fr\/blog\/wp-content\/uploads\/2022\/04\/mai_malaga_fr.jpg","width":1000,"height":896,"caption":"Que faire \u00e0 Malaga en mai"},{"@type":"BreadcrumbList","@id":"https:\/\/www.malagacar.com\/fr\/blog\/loisirs\/choses-a-faire-en-malaga-en-mai\/#breadcrumb","itemListElement":[{"@type":"ListItem","position":1,"name":"Accueil","item":"https:\/\/www.malagacar.com\/fr\/blog\/"},{"@type":"ListItem","position":2,"name":"Choses \u00e0 faire \u00e0 Malaga en Mai 2026"}]},{"@type":"WebSite","@id":"https:\/\/www.malagacar.com\/fr\/blog\/#website","url":"https:\/\/www.malagacar.com\/fr\/blog\/","name":"Blog de MalagaCar.com","description":"Nouvelles et informations int\u00e9ressantes sur la location de voitures \u00e0 l&#039;a\u00e9roport de Malaga.","publisher":{"@id":"https:\/\/www.malagacar.com\/fr\/blog\/#organization"},"potentialAction":[{"@type":"SearchAction","target":{"@type":"EntryPoint","urlTemplate":"https:\/\/www.malagacar.com\/fr\/blog\/?s={search_term_string}"},"query-input":{"@type":"PropertyValueSpecification","valueRequired":true,"valueName":"search_term_string"}}],"inLanguage":"fr-FR"},{"@type":"Organization","@id":"https:\/\/www.malagacar.com\/fr\/blog\/#organization","name":"MalagaCar.com","url":"https:\/\/www.malagacar.com\/fr\/blog\/","logo":{"@type":"ImageObject","inLanguage":"fr-FR","@id":"https:\/\/www.malagacar.com\/fr\/blog\/#\/schema\/logo\/image\/","url":"https:\/\/www.malagacar.com\/fr\/blog\/wp-content\/uploads\/2021\/06\/logo-malagacar-social.png","contentUrl":"https:\/\/www.malagacar.com\/fr\/blog\/wp-content\/uploads\/2021\/06\/logo-malagacar-social.png","width":900,"height":900,"caption":"MalagaCar.com"},"image":{"@id":"https:\/\/www.malagacar.com\/fr\/blog\/#\/schema\/logo\/image\/"},"sameAs":["https:\/\/www.facebook.com\/malagacar","https:\/\/x.com\/malagacarcom","https:\/\/www.instagram.com\/malagacar\/","https:\/\/www.linkedin.com\/company\/malagacar.com","https:\/\/www.youtube.com\/c\/MalagacarAirport"]},{"@type":"Person","@id":"https:\/\/www.malagacar.com\/fr\/blog\/#\/schema\/person\/ffb97005d02bcc7d0bb59f5409635691","name":"MalagaCar.com","image":{"@type":"ImageObject","inLanguage":"fr-FR","@id":"https:\/\/secure.gravatar.com\/avatar\/296ebc31026e7be05868369e4c596b3239b1582b2fcf8a45de57333e2e82bb82?s=96&d=mm&r=g","url":"https:\/\/secure.gravatar.com\/avatar\/296ebc31026e7be05868369e4c596b3239b1582b2fcf8a45de57333e2e82bb82?s=96&d=mm&r=g","contentUrl":"https:\/\/secure.gravatar.com\/avatar\/296ebc31026e7be05868369e4c596b3239b1582b2fcf8a45de57333e2e82bb82?s=96&d=mm&r=g","caption":"MalagaCar.com"},"sameAs":["https:\/\/www.malagacar.com\/fr\/blog"]}]}},"_links":{"self":[{"href":"https:\/\/www.malagacar.com\/fr\/blog\/wp-json\/wp\/v2\/posts\/288","targetHints":{"allow":["GET"]}}],"collection":[{"href":"https:\/\/www.malagacar.com\/fr\/blog\/wp-json\/wp\/v2\/posts"}],"about":[{"href":"https:\/\/www.malagacar.com\/fr\/blog\/wp-json\/wp\/v2\/types\/post"}],"author":[{"embeddable":true,"href":"https:\/\/www.malagacar.com\/fr\/blog\/wp-json\/wp\/v2\/users\/1"}],"replies":[{"embeddable":true,"href":"https:\/\/www.malagacar.com\/fr\/blog\/wp-json\/wp\/v2\/comments?post=288"}],"version-history":[{"count":61,"href":"https:\/\/www.malagacar.com\/fr\/blog\/wp-json\/wp\/v2\/posts\/288\/revisions"}],"predecessor-version":[{"id":3368,"href":"https:\/\/www.malagacar.com\/fr\/blog\/wp-json\/wp\/v2\/posts\/288\/revisions\/3368"}],"wp:featuredmedia":[{"embeddable":true,"href":"https:\/\/www.malagacar.com\/fr\/blog\/wp-json\/wp\/v2\/media\/541"}],"wp:attachment":[{"href":"https:\/\/www.malagacar.com\/fr\/blog\/wp-json\/wp\/v2\/media?parent=288"}],"wp:term":[{"taxonomy":"category","embeddable":true,"href":"https:\/\/www.malagacar.com\/fr\/blog\/wp-json\/wp\/v2\/categories?post=288"},{"taxonomy":"post_tag","embeddable":true,"href":"https:\/\/www.malagacar.com\/fr\/blog\/wp-json\/wp\/v2\/tags?post=288"}],"curies":[{"name":"wp","href":"https:\/\/api.w.org\/{rel}","templated":true}]}}