{"id":3001,"date":"2025-11-04T12:18:59","date_gmt":"2025-11-04T11:18:59","guid":{"rendered":"https:\/\/www.malagacar.com\/fr\/blog\/?p=3001"},"modified":"2025-11-04T12:21:56","modified_gmt":"2025-11-04T11:21:56","slug":"musees-pour-evenements-prives","status":"publish","type":"post","link":"https:\/\/www.malagacar.com\/fr\/blog\/malaga\/musees-pour-evenements-prives\/","title":{"rendered":"Mus\u00e9es de Malaga pour \u00e9v\u00e9nements priv\u00e9s"},"content":{"rendered":"<p>Saviez-vous que plusieurs mus\u00e9es de Malaga proposent des espaces pour vos \u00e9v\u00e9nements\u00a0? Qu&rsquo;il s&rsquo;agisse d&rsquo;un \u00e9v\u00e9nement d&rsquo;entreprise, d&rsquo;un anniversaire ou m\u00eame d&rsquo;un mariage, les possibilit\u00e9s sont infinies.<\/p>\n<p>Certains des plus beaux mus\u00e9es de la ville ouvrent leurs portes sur demande pour accueillir votre \u00e9v\u00e9nement priv\u00e9 dans un cadre exceptionnel. D\u00e9couvrez tous les d\u00e9tails ci-dessous\u00a0!<\/p>\n<p><!--more--><\/p>\n\n            <div class=\"banner\">\n                <div class=\"row\">\n                    <div class=\"col-sm-4\">\n                        <a href=\"\/fr\/location-de-voitures\/quote.php\" data-wpel-link=\"internal\"><img decoding=\"async\" src=\"\/images\/banner-img.jpg\" alt=\"malagacar.com\"><\/a>\n                    <\/div>\n                    <div class=\"col-sm-8\">\n                      <a href=\"\/fr\/location-de-voitures\/quote.php\" class=\"banner-title\" data-wpel-link=\"internal\">Meilleure location de voitures <div>\u00e0 l'a\u00e9roport de Malaga<\/div><\/a>   \n                        <div class=\"row\">\n                            <div class=\"col-sm-7\">\n                                <ul>\n                                    <li>Pas de frais de ravitaillement<\/li>\n                                    <li>Annulation gratuite<\/li>\n                                    <li>Location sans interm\u00e9diaire<\/li>\n                                    <li>Payez lorsque vous prenez la voiture<\/li>\n                                    <li><\/li>\n                                <\/ul>\n                            <\/div>\n                            <div class=\"col-sm-5\">\n                                <a class=\"btn-banner\" href=\"\/fr\/location-de-voitures\/quote.php\" data-wpel-link=\"internal\">Consultez les prix<\/a>\n                                <img decoding=\"async\" class=\"zonturent\" src=\"\/images\/zontu-banner.png\" alt=\"\">\n                            <\/div>\n                        <\/div>\n                    <\/div>\n                 <\/div>  \n            <\/div>\n            \n<div id=\"ez-toc-container\" class=\"ez-toc-v2_0_87 counter-hierarchy ez-toc-counter ez-toc-light-blue ez-toc-container-direction\">\n<p class=\"ez-toc-title\" style=\"cursor:inherit\">Table des mati\u00e8res<\/p>\n<label for=\"ez-toc-cssicon-toggle-item-6a9a3e29e70e4\" class=\"ez-toc-cssicon-toggle-label\"><span class=\"\"><span class=\"eztoc-hide\" style=\"display:none;\">Toggle<\/span><span class=\"ez-toc-icon-toggle-span\"><svg style=\"fill: #999;color:#999\" xmlns=\"http:\/\/www.w3.org\/2000\/svg\" class=\"list-377408\" width=\"20px\" height=\"20px\" viewBox=\"0 0 24 24\" fill=\"none\"><path d=\"M6 6H4v2h2V6zm14 0H8v2h12V6zM4 11h2v2H4v-2zm16 0H8v2h12v-2zM4 16h2v2H4v-2zm16 0H8v2h12v-2z\" fill=\"currentColor\"><\/path><\/svg><svg style=\"fill: #999;color:#999\" class=\"arrow-unsorted-368013\" xmlns=\"http:\/\/www.w3.org\/2000\/svg\" width=\"10px\" height=\"10px\" viewBox=\"0 0 24 24\" version=\"1.2\" baseProfile=\"tiny\"><path d=\"M18.2 9.3l-6.2-6.3-6.2 6.3c-.2.2-.3.4-.3.7s.1.5.3.7c.2.2.4.3.7.3h11c.3 0 .5-.1.7-.3.2-.2.3-.5.3-.7s-.1-.5-.3-.7zM5.8 14.7l6.2 6.3 6.2-6.3c.2-.2.3-.5.3-.7s-.1-.5-.3-.7c-.2-.2-.4-.3-.7-.3h-11c-.3 0-.5.1-.7.3-.2.2-.3.5-.3.7s.1.5.3.7z\"\/><\/svg><\/span><\/span><\/label><input type=\"checkbox\"  id=\"ez-toc-cssicon-toggle-item-6a9a3e29e70e4\"  aria-label=\"Toggle\" \/><nav><ul class='ez-toc-list ez-toc-list-level-1 ' ><li class='ez-toc-page-1 ez-toc-heading-level-2'><a class=\"ez-toc-link ez-toc-heading-1\" href=\"https:\/\/www.malagacar.com\/fr\/blog\/malaga\/musees-pour-evenements-prives\/#Musees_de_Malaga_pour_evenements_prives\" data-wpel-link=\"internal\">Mus\u00e9es de Malaga pour \u00e9v\u00e9nements priv\u00e9s<\/a><ul class='ez-toc-list-level-3' ><li class='ez-toc-heading-level-3'><a class=\"ez-toc-link ez-toc-heading-2\" href=\"https:\/\/www.malagacar.com\/fr\/blog\/malaga\/musees-pour-evenements-prives\/#Centre_Pompidou_Malaga\" data-wpel-link=\"internal\">Centre Pompidou Malaga<\/a><\/li><li class='ez-toc-page-1 ez-toc-heading-level-3'><a class=\"ez-toc-link ez-toc-heading-3\" href=\"https:\/\/www.malagacar.com\/fr\/blog\/malaga\/musees-pour-evenements-prives\/#Musee_Carmen_Thyssen_Malaga\" data-wpel-link=\"internal\">Mus\u00e9e Carmen Thyssen Malaga<\/a><\/li><li class='ez-toc-page-1 ez-toc-heading-level-3'><a class=\"ez-toc-link ez-toc-heading-4\" href=\"https:\/\/www.malagacar.com\/fr\/blog\/malaga\/musees-pour-evenements-prives\/#Musee_de_lautomobile_et_de_la_mode\" data-wpel-link=\"internal\">Mus\u00e9e de l&rsquo;automobile et de la mode<\/a><\/li><li class='ez-toc-page-1 ez-toc-heading-level-3'><a class=\"ez-toc-link ez-toc-heading-5\" href=\"https:\/\/www.malagacar.com\/fr\/blog\/malaga\/musees-pour-evenements-prives\/#Musee_du_verre_et_du_cristal\" data-wpel-link=\"internal\">Mus\u00e9e du verre et du cristal<\/a><\/li><li class='ez-toc-page-1 ez-toc-heading-level-3'><a class=\"ez-toc-link ez-toc-heading-6\" href=\"https:\/\/www.malagacar.com\/fr\/blog\/malaga\/musees-pour-evenements-prives\/#Musee_du_vin\" data-wpel-link=\"internal\">Mus\u00e9e du vin<\/a><\/li><li class='ez-toc-page-1 ez-toc-heading-level-3'><a class=\"ez-toc-link ez-toc-heading-7\" href=\"https:\/\/www.malagacar.com\/fr\/blog\/malaga\/musees-pour-evenements-prives\/#Musee_Revello_de_Toro\" data-wpel-link=\"internal\">Mus\u00e9e Revello de Toro<\/a><\/li><li class='ez-toc-page-1 ez-toc-heading-level-3'><a class=\"ez-toc-link ez-toc-heading-8\" href=\"https:\/\/www.malagacar.com\/fr\/blog\/malaga\/musees-pour-evenements-prives\/#Jardin_botanique_historique_de_La_Concepcion\" data-wpel-link=\"internal\">Jardin botanique historique de La Concepci\u00f3n<\/a><\/li><\/ul><\/li><\/ul><\/nav><\/div>\n<h2><span class=\"ez-toc-section\" id=\"Musees_de_Malaga_pour_evenements_prives\"><\/span>Mus\u00e9es de Malaga pour \u00e9v\u00e9nements priv\u00e9s<span class=\"ez-toc-section-end\"><\/span><\/h2>\n<h3><span class=\"ez-toc-section\" id=\"Centre_Pompidou_Malaga\"><\/span>Centre Pompidou Malaga<span class=\"ez-toc-section-end\"><\/span><\/h3>\n<figure id=\"attachment_18547\" aria-describedby=\"caption-attachment-18547\" style=\"width: 1000px\" class=\"wp-caption alignnone\"><img loading=\"lazy\" decoding=\"async\" class=\"wp-image-18547 size-full\" src=\"https:\/\/www.malagacar.com\/sp\/blog\/wp-content\/uploads\/2025\/11\/Centre-Pompidou-Malaga.jpg\" alt=\"Centre Pompidou M\u00e1laga\" width=\"1000\" height=\"667\" \/><figcaption id=\"caption-attachment-18547\" class=\"wp-caption-text\">Centre Pompidou Malaga<\/figcaption><\/figure>\n<p>Le Centre Pompidou Malaga est situ\u00e9 \u00e0 proximit\u00e9 du magnifique <em>Muelle Uno<\/em> (<a href=\"https:\/\/www.malagacar.com\/fr\/blog\/loisirs\/quai-un-malaga\/\" data-wpel-link=\"internal\"><strong>Quai Un<\/strong><\/a>). \u00c1 deux pas du centre historique de la ville. Le mus\u00e9e b\u00e9n\u00e9ficie d&rsquo;un emplacement exceptionnel, offrant une vue imprenable sur la baie et la forteresse de l&rsquo;Alcazaba.<\/p>\n<p>Le Centre Pompidou Malaga est install\u00e9 dans le b\u00e2timent surnomm\u00e9 \u00ab\u00a0<em>El Cubo<\/em> \u00bb (Le Cube). Ses 1 800 m\u00e8tres carr\u00e9s abritent des dizaines d\u2019\u0153uvres s\u00e9lectionn\u00e9es de la collection du Centre Pompidou, couvrant les XXe et XXIe si\u00e8cles. Il accueille \u00e9galement chaque ann\u00e9e deux \u00e0 trois expositions temporaires th\u00e9matiques ou monographiques. Abordant des sujets tels que la photographie, le design, l\u2019architecture et la vid\u00e9o.<\/p>\n<p>Le Centre Pompidou Malaga propose la location d&rsquo;espaces pour des \u00e9v\u00e9nements priv\u00e9s. Ces \u00e9v\u00e9nements peuvent inclure des mariages, des anniversaires. Ou des \u00e9v\u00e9nements plus professionnels tels que des lancements de produits et des d\u00eeners d&rsquo;entreprise.<\/p>\n<p>Ce service peut \u00eatre combin\u00e9 avec un service traiteur, l&rsquo;acc\u00e8s aux collections ou des visites guid\u00e9es pour les invit\u00e9s.<\/p>\n<p>Pour conna\u00eetre les diff\u00e9rentes options, veuillez contacter directement l&rsquo;\u00e9quipe \u00e9v\u00e9nementielle du mus\u00e9e.<\/p>\n<ul>\n<li><a href=\"https:\/\/centrepompidou-malaga.eu\/nosotros\/contacto\/\" data-wpel-link=\"external\" rel=\"external noopener noreferrer\"><strong>Formulaire de contact<\/strong><\/a><\/li>\n<li><a href=\"https:\/\/maps.app.goo.gl\/43w6AynfWJeu9Zoo6\" data-wpel-link=\"external\" rel=\"external noopener noreferrer\"><strong>Localisation<\/strong><\/a><\/li>\n<\/ul>\n<h3><span class=\"ez-toc-section\" id=\"Musee_Carmen_Thyssen_Malaga\"><\/span>Mus\u00e9e Carmen Thyssen Malaga<span class=\"ez-toc-section-end\"><\/span><\/h3>\n<figure id=\"attachment_18548\" aria-describedby=\"caption-attachment-18548\" style=\"width: 1000px\" class=\"wp-caption alignnone\"><img loading=\"lazy\" decoding=\"async\" class=\"wp-image-18548 size-full\" src=\"https:\/\/www.malagacar.com\/sp\/blog\/wp-content\/uploads\/2025\/11\/Museo-Carmen-Thyssen-D.jpg\" alt=\"Museo Carmen Thyssen M\u00e1laga\" width=\"1000\" height=\"665\" \/><figcaption id=\"caption-attachment-18548\" class=\"wp-caption-text\">Mus\u00e9e Carmen Thyssen<\/figcaption><\/figure>\n<p>Le mus\u00e9e Carmen Thyssen de Malaga est situ\u00e9 au c\u0153ur du centre historique. Plus pr\u00e9cis\u00e9ment dans le palais Villal\u00f3n, un \u00e9difice du XVe si\u00e8cle r\u00e9nov\u00e9 et agrandi. Dot\u00e9 d&rsquo;une magnifique cour int\u00e9rieure, ce mus\u00e9e de deux \u00e9tages abrite des \u0153uvres d&rsquo;art andalouses du XIXe si\u00e8cle.<\/p>\n<p>Il s&rsquo;agit de l&rsquo;un des mus\u00e9es les mieux \u00e9quip\u00e9s de Malaga pour l&rsquo;organisation d&rsquo;\u00e9v\u00e9nements priv\u00e9s ou professionnels dans un cadre exceptionnel. Les personnes int\u00e9ress\u00e9es peuvent choisir parmi plusieurs salles de diff\u00e9rentes tailles pour l&rsquo;organisation d&rsquo;\u00e9v\u00e9nements de divers types, que nous d\u00e9taillons ci-dessous.<\/p>\n<ul>\n<li>Auditorium : Un espace pouvant accueillir 80 personnes pour des \u00e9v\u00e9nements, des conf\u00e9rences, des s\u00e9ries de concerts, des projections de films, etc. Il est \u00e9quip\u00e9 des technologies et du mat\u00e9riel audiovisuel les plus r\u00e9cents : projecteur d&rsquo;images et de vid\u00e9os HD, lecteurs de disques CD, DVD, Blu-ray, MP3 et MPEG, microphones sur pied et sans fil, traduction simultan\u00e9e et Wi-Fi, entre autres.<\/li>\n<\/ul>\n<figure id=\"attachment_18549\" aria-describedby=\"caption-attachment-18549\" style=\"width: 500px\" class=\"wp-caption alignnone\"><img loading=\"lazy\" decoding=\"async\" class=\"size-full wp-image-18549\" src=\"https:\/\/www.malagacar.com\/sp\/blog\/wp-content\/uploads\/2025\/11\/Museo-Thyssen-Patio.jpg\" alt=\"Museo Thyssen Patio\" width=\"500\" height=\"282\" \/><figcaption id=\"caption-attachment-18549\" class=\"wp-caption-text\">Cour du mus\u00e9e Carmen Thyssen<\/figcaption><\/figure>\n<ul>\n<li>Cour int\u00e9rieure\u00a0: La cour centrale, avec ses galeries \u00e0 arcades et ses colonnes, peut accueillir jusqu\u2019\u00e0 150 personnes. Cet espace est id\u00e9al pour prendre un verre ou d\u00eener.<\/li>\n<\/ul>\n<ul>\n<li>Sala Noble: Magnifique salle avec plafond \u00e0 caissons pouvant accueillir jusqu&rsquo;\u00e0 40 personnes, id\u00e9ale pour des pr\u00e9sentations, des r\u00e9unions ou des cocktails VIP.<\/li>\n<\/ul>\n<ul>\n<li>Sala de Patronato: Une salle plus intime d&rsquo;une capacit\u00e9 maximale de 14 personnes.<\/li>\n<\/ul>\n<ul>\n<li>Terrasse : Le mus\u00e9e dispose \u00e9galement d&rsquo;une terrasse id\u00e9ale pour des cocktails d&rsquo;\u00e9t\u00e9 pouvant accueillir jusqu&rsquo;\u00e0 30 personnes.<\/li>\n<\/ul>\n<p>Diff\u00e9rents services de restauration sont disponibles.<\/p>\n<ul>\n<li><a href=\"https:\/\/carmenthyssenmalaga.org\/fundacion\/accion-corporativa\/alquiler-de-espacios\" data-wpel-link=\"external\" rel=\"external noopener noreferrer\"><strong>Formulaire de contact<\/strong><\/a><\/li>\n<li><a href=\"https:\/\/maps.app.goo.gl\/TXyMqMD73pSiCRdP6\" data-wpel-link=\"external\" rel=\"external noopener noreferrer\"><strong>Localisation<\/strong><\/a><\/li>\n<\/ul>\n<h3><span class=\"ez-toc-section\" id=\"Musee_de_lautomobile_et_de_la_mode\"><\/span>Mus\u00e9e de l&rsquo;automobile et de la mode<span class=\"ez-toc-section-end\"><\/span><\/h3>\n<figure id=\"attachment_18550\" aria-describedby=\"caption-attachment-18550\" style=\"width: 1000px\" class=\"wp-caption alignnone\"><img loading=\"lazy\" decoding=\"async\" class=\"size-full wp-image-18550\" src=\"https:\/\/www.malagacar.com\/sp\/blog\/wp-content\/uploads\/2025\/11\/Museo-automovil-D.jpg\" alt=\"Museo del Autom\u00f3vil y de la Moda\" width=\"1000\" height=\"674\" \/><figcaption id=\"caption-attachment-18550\" class=\"wp-caption-text\">L&rsquo;ancien b\u00e2timent de la fabrique de tabac abrite aujourd&rsquo;hui le mus\u00e9e de l&rsquo;automobile et de la mode.<\/figcaption><\/figure>\n<p>Le Mus\u00e9e de l&rsquo;Automobile et de la Mode se situe un peu \u00e0 l&rsquo;\u00e9cart du centre de Malaga. \u00c1 quelques m\u00e8tres de la mer et de la promenade. Il est install\u00e9 dans un b\u00e2timent historique et embl\u00e9matique : l&rsquo;ancienne Manufacture Royale de Tabac, surnomm\u00e9e \u00ab <em>Tabacalera<\/em>\u00a0\u00bb, datant du d\u00e9but du XXe si\u00e8cle.<\/p>\n<p>Une autre partie des pavillons est consacr\u00e9e aux \u00e9v\u00e9nements culturels.<\/p>\n<p>Ce mus\u00e9e de 6\u00a0000\u00a0m\u00b2 est d\u00e9di\u00e9 \u00e0 l\u2019\u00e9volution du design et de la technologie dans les secteurs de l\u2019automobile et de la mode. Il accueille \u00e9galement r\u00e9guli\u00e8rement des visites th\u00e9\u00e2tralis\u00e9es.<\/p>\n<p><img loading=\"lazy\" decoding=\"async\" class=\"alignnone size-full wp-image-18551\" src=\"https:\/\/www.malagacar.com\/sp\/blog\/wp-content\/uploads\/2025\/11\/Museo-automovil.jpg\" alt=\"Museo del Autom\u00f3vil y de la Moda\" width=\"547\" height=\"662\" \/><\/p>\n<p>Ce lieu spacieux et lumineux offre un cadre id\u00e9al pour des \u00e9v\u00e9nements tels que des d\u00e9fil\u00e9s de mode, des d\u00eeners de gala et des r\u00e9ceptions de grande envergure.<\/p>\n<p>Il constitue \u00e9galement un lieu magnifique pour les mariages, les anniversaires, les \u00e9v\u00e9nements mondains et autres c\u00e9l\u00e9brations priv\u00e9es.<\/p>\n<p>Le mus\u00e9e dispose d&rsquo;une organisatrice de mariages. Pr\u00e9sente aux personnes int\u00e9ress\u00e9es les diff\u00e9rents espaces et options propos\u00e9s pour les c\u00e9l\u00e9brations de mariage. Y compris le service traiteur, avec un \u00e9clairage magnifique et une atmosph\u00e8re \u00e0 la fois glamour et vintage.<\/p>\n<ul>\n<li>Salle principale d&rsquo;une capacit\u00e9 de 300 personnes.<\/li>\n<\/ul>\n<ul>\n<li>Salle de conception d&rsquo;une capacit\u00e9 de 300 participants en configuration th\u00e9\u00e2tre.<\/li>\n<\/ul>\n<ul>\n<li>Salle Belle \u00c9poque pour \u00e9v\u00e9nements de type cocktail jusqu&rsquo;\u00e0 260 personnes.<\/li>\n<\/ul>\n<ul>\n<li>Salle d&rsquo;exposition automobile populaire pouvant accueillir jusqu&rsquo;\u00e0 70 personnes.<\/li>\n<\/ul>\n<ul>\n<li><a href=\"https:\/\/museoautomovilmoda.com\/contacto\/\" data-wpel-link=\"external\" rel=\"external noopener noreferrer\"><strong>Formulaire de contact<\/strong><\/a><\/li>\n<li><a href=\"https:\/\/maps.app.goo.gl\/rgwUor6oRNN9q14v5\" data-wpel-link=\"external\" rel=\"external noopener noreferrer\"><strong>Localisation<\/strong><\/a><\/li>\n<\/ul>\n<h3><span class=\"ez-toc-section\" id=\"Musee_du_verre_et_du_cristal\"><\/span>Mus\u00e9e du verre et du cristal<span class=\"ez-toc-section-end\"><\/span><\/h3>\n<figure id=\"attachment_18553\" aria-describedby=\"caption-attachment-18553\" style=\"width: 617px\" class=\"wp-caption alignnone\"><img loading=\"lazy\" decoding=\"async\" class=\"size-full wp-image-18553\" src=\"https:\/\/www.malagacar.com\/sp\/blog\/wp-content\/uploads\/2025\/11\/museo-vidrio-mesa2.jpg\" alt=\"Museo del Vidrio y Cristal de M\u00e1laga\" width=\"617\" height=\"463\" \/><figcaption id=\"caption-attachment-18553\" class=\"wp-caption-text\">Mus\u00e9e du verre et du cristal<\/figcaption><\/figure>\n<p>Le mus\u00e9e du verre et du cristal de Malaga est nich\u00e9 dans les ruelles sinueuses de la vieille ville de Malaga. Il est install\u00e9 dans un h\u00f4tel particulier du XVIIIe si\u00e8cle m\u00e9ticuleusement restaur\u00e9.<\/p>\n<p>Vous pourrez y d\u00e9couvrir cette collection priv\u00e9e, qui retrace l&rsquo;histoire du verre \u00e0 travers quelque 3 000 pi\u00e8ces de diff\u00e9rentes \u00e9poques. La demeure est \u00e9galement d\u00e9cor\u00e9e avec go\u00fbt. Avec du mobilier et des objets d&rsquo;\u00e9poque. Le mus\u00e9e offre une atmosph\u00e8re plut\u00f4t intime, contrairement aux espaces plus imposants que l&rsquo;on trouve ailleurs dans la ville.<\/p>\n<figure id=\"attachment_18554\" aria-describedby=\"caption-attachment-18554\" style=\"width: 617px\" class=\"wp-caption alignnone\"><img loading=\"lazy\" decoding=\"async\" class=\"size-full wp-image-18554\" src=\"https:\/\/www.malagacar.com\/sp\/blog\/wp-content\/uploads\/2025\/11\/museo-vidrio-mesa.jpg\" alt=\"museo de vidrio m\u00e1laga\" width=\"617\" height=\"463\" \/><figcaption id=\"caption-attachment-18554\" class=\"wp-caption-text\">Le mus\u00e9e offre la possibilit\u00e9 d&rsquo;utiliser la vaisselle, les couverts et la verrerie.<\/figcaption><\/figure>\n<p>Dans les salons de cette magnifique maison-mus\u00e9e, vous pouvez c\u00e9l\u00e9brer un \u00e9v\u00e9nement ou organiser un d\u00eener, par exemple, dans un cadre somptueux. Le mus\u00e9e met \u00e0 votre disposition sa propre vaisselle, ses couverts et ses verres.<\/p>\n<ul>\n<li>Lien pour une <a href=\"https:\/\/www.museovidrioycristalmalaga.com\/visita-virtual.html\" data-wpel-link=\"external\" rel=\"external noopener noreferrer\"><strong>visite virtuelle<\/strong><\/a><\/li>\n<li><a href=\"https:\/\/www.museovidrioycristalmalaga.com\/contacto.html\" data-wpel-link=\"external\" rel=\"external noopener noreferrer\"><strong>Formulaire de contact<\/strong><\/a><\/li>\n<li><a href=\"https:\/\/maps.app.goo.gl\/9c17kfW1tJYGj6ei7\" data-wpel-link=\"external\" rel=\"external noopener noreferrer\"><strong>Localisation<\/strong><\/a><\/li>\n<\/ul>\n<h3><span class=\"ez-toc-section\" id=\"Musee_du_vin\"><\/span>Mus\u00e9e du vin<span class=\"ez-toc-section-end\"><\/span><\/h3>\n<p><img loading=\"lazy\" decoding=\"async\" class=\"alignnone size-large wp-image-18555\" src=\"https:\/\/www.malagacar.com\/sp\/blog\/wp-content\/uploads\/2025\/11\/museo-del-vino-1024x576.jpg\" alt=\"Museo del Vino de M\u00e1laga\" width=\"750\" height=\"422\" \/><\/p>\n<p>Pour ceux qui l&rsquo;ignorent, Malaga poss\u00e8de \u00e9galement son propre mus\u00e9e du vin. Rien d&rsquo;\u00e9tonnant \u00e0 cela, la r\u00e9gion de Malaga \u00e9tant r\u00e9put\u00e9e depuis des si\u00e8cles pour son vin Moscatel et ses autres vins b\u00e9n\u00e9ficiant de l&rsquo;appellation d&rsquo;origine Malaga.<\/p>\n<p>Le Mus\u00e9e du Vin de Malaga est install\u00e9 dans le palais Biedmas. Un \u00e9difice du XVIIIe si\u00e8cle situ\u00e9 dans la vieille ville. R\u00e9partis sur deux \u00e9tages, il abrite plusieurs salles d&rsquo;exposition et d&rsquo;interpr\u00e9tation th\u00e9matiques. Ainsi qu&rsquo;une salle de d\u00e9gustation, une salle de formation et une boutique.<\/p>\n<p><img loading=\"lazy\" decoding=\"async\" class=\"alignnone wp-image-18556\" src=\"https:\/\/www.malagacar.com\/sp\/blog\/wp-content\/uploads\/2025\/11\/museo-del-vino2-1024x684.jpg\" alt=\"Museo del Vino de M\u00e1laga\" width=\"729\" height=\"487\" \/><\/p>\n<p>Cet espace pourrait \u00eatre id\u00e9al pour les amateurs de vin. Ou les \u00e9v\u00e9nements gastronomiques et, bien s\u00fbr, les anniversaires, les mariages ou les \u00e9v\u00e9nements d&rsquo;entreprise.<\/p>\n<p>Vous pouvez contacter directement le mus\u00e9e pour conna\u00eetre les options de location, les tarifs et les disponibilit\u00e9s.<\/p>\n<ul>\n<li><a href=\"https:\/\/museovinomalaga.com\/contacta-con-nosotros\/\" data-wpel-link=\"external\" rel=\"external noopener noreferrer\"><strong>Formulaire de contact<\/strong><\/a><\/li>\n<li><a href=\"https:\/\/maps.app.goo.gl\/QTDCEF8YXVr7qEeX6\" data-wpel-link=\"external\" rel=\"external noopener noreferrer\"><strong>Localisation<\/strong><\/a><\/li>\n<\/ul>\n<h3><span class=\"ez-toc-section\" id=\"Musee_Revello_de_Toro\"><\/span>Mus\u00e9e Revello de Toro<span class=\"ez-toc-section-end\"><\/span><\/h3>\n<p><img loading=\"lazy\" decoding=\"async\" class=\"alignnone size-full wp-image-18557\" src=\"https:\/\/www.malagacar.com\/sp\/blog\/wp-content\/uploads\/2025\/11\/Museo-Revello-de-Toro.jpg\" alt=\"Museo Revello de Toro\" width=\"552\" height=\"457\" \/><\/p>\n<p>Le mus\u00e9e Revello de Toro est situ\u00e9 sur une petite place \u00e0 quelques m\u00e8tres de la cath\u00e9drale de Malaga, de la rue Larios, du Paseo del Parque et du Muelle Uno, c&rsquo;est-\u00e0-dire un emplacement de premier choix en plein centre-ville.<\/p>\n<p>Ce mus\u00e9e d&rsquo;art est install\u00e9 dans la maison-atelier du XVIIe si\u00e8cle de Pedro de Mena. L&rsquo;espace mus\u00e9al est d\u00e9di\u00e9 au c\u00e9l\u00e8bre portraitiste et peintre figuratif malagu\u00e8ne F\u00e9lix Revello de Toro et pr\u00e9sente plus de 140 \u0153uvres r\u00e9parties dans huit salles.<\/p>\n<figure id=\"attachment_18558\" aria-describedby=\"caption-attachment-18558\" style=\"width: 576px\" class=\"wp-caption alignnone\"><img loading=\"lazy\" decoding=\"async\" class=\"size-large wp-image-18558\" src=\"https:\/\/www.malagacar.com\/sp\/blog\/wp-content\/uploads\/2025\/11\/Museo-Revello-de-Toro2-576x1024.jpg\" alt=\"Museo Revello de Toro\" width=\"576\" height=\"1024\" \/><figcaption id=\"caption-attachment-18558\" class=\"wp-caption-text\">Cour int\u00e9rieure du mus\u00e9e Revello de Toro<\/figcaption><\/figure>\n<p>C&rsquo;est un espace plus intimiste pour l&rsquo;organisation d&rsquo;\u00e9v\u00e9nements au c\u0153ur du centre historique de la ville, mettant en valeur la culture malagu\u00e8ne.<\/p>\n<p>Le mus\u00e9e propose des \u00e9v\u00e9nements priv\u00e9s pouvant inclure un cocktail et une visite guid\u00e9e par le directeur.<\/p>\n<ul>\n<li>For more information, please contact the Museum directly: Telephone +34 952 062 069. Email <a href=\"mailto:info@museorevellodetoro.net\"><strong>info@museorevellodetoro.net<\/strong><\/a> et <a href=\"mailto:museorevellodetoro@hotmail.com\"><strong>museorevellodetoro@hotmail.com<\/strong><\/a><\/li>\n<li><a href=\"https:\/\/maps.app.goo.gl\/q7YveevzrjL6KDU58\" data-wpel-link=\"external\" rel=\"external noopener noreferrer\"><strong>Localisation<\/strong><\/a><\/li>\n<\/ul>\n<h3><span class=\"ez-toc-section\" id=\"Jardin_botanique_historique_de_La_Concepcion\"><\/span>Jardin botanique historique de La Concepci\u00f3n<span class=\"ez-toc-section-end\"><\/span><\/h3>\n<p><a href=\"https:\/\/www.malagacar.com\/fr\/blog\/loisirs\/jardin-botanique-historique-malaga\/\" data-wpel-link=\"internal\"><img loading=\"lazy\" decoding=\"async\" class=\"alignnone size-full wp-image-752\" src=\"https:\/\/www.malagacar.com\/fr\/blog\/wp-content\/uploads\/2023\/10\/jardin-botanique-malaga.jpg\" alt=\"Jardin Botanique historique Malaga\" width=\"1200\" height=\"900\" srcset=\"https:\/\/www.malagacar.com\/fr\/blog\/wp-content\/uploads\/2023\/10\/jardin-botanique-malaga.jpg 1200w, https:\/\/www.malagacar.com\/fr\/blog\/wp-content\/uploads\/2023\/10\/jardin-botanique-malaga-300x225.jpg 300w, https:\/\/www.malagacar.com\/fr\/blog\/wp-content\/uploads\/2023\/10\/jardin-botanique-malaga-1024x768.jpg 1024w, https:\/\/www.malagacar.com\/fr\/blog\/wp-content\/uploads\/2023\/10\/jardin-botanique-malaga-768x576.jpg 768w\" sizes=\"auto, (max-width: 1200px) 100vw, 1200px\" \/><\/a><\/p>\n<p>Enfin, et non des moindres, nous vous recommandons le magnifique <a href=\"https:\/\/www.malagacar.com\/fr\/blog\/loisirs\/jardin-botanique-historique-malaga\/\" data-wpel-link=\"internal\"><strong>jardin botanique historique de La Concepci\u00f3n<\/strong><\/a>, situ\u00e9 aux abords de la ville. Bien qu&rsquo;il ne s&rsquo;agisse pas d&rsquo;un mus\u00e9e au sens strict, ce domaine de 23 hectares abrite un jardin historique luxuriant et raffin\u00e9, cr\u00e9\u00e9 par les marquis de Casa Loring.<\/p>\n<p>Nous vous recommandons vivement de le visiter \u00e0 n&rsquo;importe quelle p\u00e9riode de l&rsquo;ann\u00e9e, car il s&rsquo;agit de l&rsquo;un des plus beaux jardins subtropicaux d&rsquo;Espagne.<\/p>\n<figure id=\"attachment_14730\" aria-describedby=\"caption-attachment-14730\" style=\"width: 750px\" class=\"wp-caption alignnone\"><img loading=\"lazy\" decoding=\"async\" class=\"size-large wp-image-14730\" src=\"https:\/\/www.malagacar.com\/sp\/blog\/wp-content\/uploads\/2022\/01\/Patio-de-la-Casa-Palacio.-Foto-@jardin_la_concepcion-1024x768.jpg\" alt=\"Patio de la Casa Palacio\" width=\"750\" height=\"563\" \/><figcaption id=\"caption-attachment-14730\" class=\"wp-caption-text\">Cour int\u00e9rieure du palais.\u00a0Photo @jardin_la_concepcion<\/figcaption><\/figure>\n<p>Vous pouvez louer les salles du palais et ses magnifiques jardins pour des c\u00e9l\u00e9brations et des \u00e9v\u00e9nements de toutes sortes, y compris les mariages.<\/p>\n<p>L&rsquo;un des espaces les plus pris\u00e9s pour ce type d&rsquo;\u00e9v\u00e9nements est la tonnelle de glycines.<\/p>\n<figure id=\"attachment_10209\" aria-describedby=\"caption-attachment-10209\" style=\"width: 619px\" class=\"wp-caption alignnone\"><a href=\"https:\/\/www.malagacar.com\/sp\/blog\/wp-content\/uploads\/2022\/01\/glicinias.jpg\" data-wpel-link=\"internal\"><img loading=\"lazy\" decoding=\"async\" class=\"wp-image-10209\" src=\"https:\/\/www.malagacar.com\/sp\/blog\/wp-content\/uploads\/2022\/01\/glicinias.jpg\" alt=\"Cenador de las Glicinias\" width=\"619\" height=\"406\" \/><\/a><figcaption id=\"caption-attachment-10209\" class=\"wp-caption-text\">Une promenade sous la tonnelle de glycines<\/figcaption><\/figure>\n<ul>\n<li><a href=\"https:\/\/laconcepcion.malaga.eu\/es\/contacto\/\" data-wpel-link=\"external\" rel=\"external noopener noreferrer\"><strong>Formulaire de contact<\/strong><\/a><\/li>\n<li><a href=\"https:\/\/maps.app.goo.gl\/SnZUgfHWuWxey4Ua8\" data-wpel-link=\"external\" rel=\"external noopener noreferrer\"><strong>Localisation<\/strong><\/a><\/li>\n<\/ul>\n\t\t\t\t\n\t\t\t\t<div id=\"search-form2\" class=\"big-quote index-mobile\">\n\t\t\t\t<form id=\"frmSearch\" name=\"frmSearch\" action=\"\/fr\/location-de-voitures\/quote.php\" method=\"post\" name=\"quote\" class=\"container-fluid\">\n\t\t\t\t\t\t\t\t\t<div class=\"row\">\n\t\t\t\t\t\t<div class=\"col-sm-6\">\n\n\t\t\t\t\t\t\t<div class=\"form-group\">\n\t\t\t\t\t\t\t\t<label for=\"entrega\"><h4>Collecte<\/h4><\/label>\n\t\t\t\t\t\t\t\t<select name=\"entrega\" id=\"entrega\" class=\"custom-select\">\n\t\t\t\t\t\t\t\t\t<option value=\"airport\"  selected>Malaga A\u00e9roport<\/option>\n\t\t\t\t\t\t\t\t\t\t\t\t\t\t\t\t<\/select>\n\t\t\t\t\t\t\t\t<div class=\"form-inline my-2\">\n\t\t\t\t\t\t\t\t\t<input id=\"pDate\" class=\"form-control\" value=\"07\/09\/2026\" name=\"pDate\" readonly onchange=\"return uppdate()\">\n\t\t\t\t\t\t\t\t\t<select class=\"custom-select\" id=\"phorasminutos\" name=\"phorasminutos\" oninvalid=\"setCustomValidity('Faites-nous conna\u00eetre votre heure d\u00b4arriv\u00e9e')\" onchange=\"setCustomValidity('');\">\n\t\t\t\t\t\t\t\t\t\t<option value=\"-\" selected>--:--<\/option>\n\t\t\t\t\t\t\t\t\t\t\t\t\t\t\t\t\t\t\t\t<option value=\"00:00\">\n\t\t\t\t\t\t\t\t\t\t\t00:00<\/option>\n\t\t\t\t\t\t\t\t\t\t<option value=\"00:15\">\n\t\t\t\t\t\t\t\t\t\t\t00:15<\/option>\n\t\t\t\t\t\t\t\t\t\t<option value=\"00:30\">\n\t\t\t\t\t\t\t\t\t\t\t00:30<\/option>\n\t\t\t\t\t\t\t\t\t\t<option value=\"00:45\">\n\t\t\t\t\t\t\t\t\t\t\t00:45<\/option>\n\t\t\t\t\t\t\t\t\t\t\t\t\t\t\t\t\t\t\t\t<option value=\"01:00\">\n\t\t\t\t\t\t\t\t\t\t\t01:00<\/option>\n\t\t\t\t\t\t\t\t\t\t<option value=\"01:15\">\n\t\t\t\t\t\t\t\t\t\t\t01:15<\/option>\n\t\t\t\t\t\t\t\t\t\t<option value=\"01:30\">\n\t\t\t\t\t\t\t\t\t\t\t01:30<\/option>\n\t\t\t\t\t\t\t\t\t\t<option value=\"01:45\">\n\t\t\t\t\t\t\t\t\t\t\t01:45<\/option>\n\t\t\t\t\t\t\t\t\t\t\t\t\t\t\t\t\t\t\t\t<option value=\"02:00\">\n\t\t\t\t\t\t\t\t\t\t\t02:00<\/option>\n\t\t\t\t\t\t\t\t\t\t<option value=\"02:15\">\n\t\t\t\t\t\t\t\t\t\t\t02:15<\/option>\n\t\t\t\t\t\t\t\t\t\t<option value=\"02:30\">\n\t\t\t\t\t\t\t\t\t\t\t02:30<\/option>\n\t\t\t\t\t\t\t\t\t\t<option value=\"02:45\">\n\t\t\t\t\t\t\t\t\t\t\t02:45<\/option>\n\t\t\t\t\t\t\t\t\t\t\t\t\t\t\t\t\t\t\t\t<option value=\"03:00\">\n\t\t\t\t\t\t\t\t\t\t\t03:00<\/option>\n\t\t\t\t\t\t\t\t\t\t<option value=\"03:15\">\n\t\t\t\t\t\t\t\t\t\t\t03:15<\/option>\n\t\t\t\t\t\t\t\t\t\t<option value=\"03:30\">\n\t\t\t\t\t\t\t\t\t\t\t03:30<\/option>\n\t\t\t\t\t\t\t\t\t\t<option value=\"03:45\">\n\t\t\t\t\t\t\t\t\t\t\t03:45<\/option>\n\t\t\t\t\t\t\t\t\t\t\t\t\t\t\t\t\t\t\t\t<option value=\"04:00\">\n\t\t\t\t\t\t\t\t\t\t\t04:00<\/option>\n\t\t\t\t\t\t\t\t\t\t<option value=\"04:15\">\n\t\t\t\t\t\t\t\t\t\t\t04:15<\/option>\n\t\t\t\t\t\t\t\t\t\t<option value=\"04:30\">\n\t\t\t\t\t\t\t\t\t\t\t04:30<\/option>\n\t\t\t\t\t\t\t\t\t\t<option value=\"04:45\">\n\t\t\t\t\t\t\t\t\t\t\t04:45<\/option>\n\t\t\t\t\t\t\t\t\t\t\t\t\t\t\t\t\t\t\t\t<option value=\"05:00\">\n\t\t\t\t\t\t\t\t\t\t\t05:00<\/option>\n\t\t\t\t\t\t\t\t\t\t<option value=\"05:15\">\n\t\t\t\t\t\t\t\t\t\t\t05:15<\/option>\n\t\t\t\t\t\t\t\t\t\t<option value=\"05:30\">\n\t\t\t\t\t\t\t\t\t\t\t05:30<\/option>\n\t\t\t\t\t\t\t\t\t\t<option value=\"05:45\">\n\t\t\t\t\t\t\t\t\t\t\t05:45<\/option>\n\t\t\t\t\t\t\t\t\t\t\t\t\t\t\t\t\t\t\t\t<option value=\"06:00\">\n\t\t\t\t\t\t\t\t\t\t\t06:00<\/option>\n\t\t\t\t\t\t\t\t\t\t<option value=\"06:15\">\n\t\t\t\t\t\t\t\t\t\t\t06:15<\/option>\n\t\t\t\t\t\t\t\t\t\t<option value=\"06:30\">\n\t\t\t\t\t\t\t\t\t\t\t06:30<\/option>\n\t\t\t\t\t\t\t\t\t\t<option value=\"06:45\">\n\t\t\t\t\t\t\t\t\t\t\t06:45<\/option>\n\t\t\t\t\t\t\t\t\t\t\t\t\t\t\t\t\t\t\t\t<option value=\"07:00\">\n\t\t\t\t\t\t\t\t\t\t\t07:00<\/option>\n\t\t\t\t\t\t\t\t\t\t<option value=\"07:15\">\n\t\t\t\t\t\t\t\t\t\t\t07:15<\/option>\n\t\t\t\t\t\t\t\t\t\t<option value=\"07:30\">\n\t\t\t\t\t\t\t\t\t\t\t07:30<\/option>\n\t\t\t\t\t\t\t\t\t\t<option value=\"07:45\">\n\t\t\t\t\t\t\t\t\t\t\t07:45<\/option>\n\t\t\t\t\t\t\t\t\t\t\t\t\t\t\t\t\t\t\t\t<option value=\"08:00\">\n\t\t\t\t\t\t\t\t\t\t\t08:00<\/option>\n\t\t\t\t\t\t\t\t\t\t<option value=\"08:15\">\n\t\t\t\t\t\t\t\t\t\t\t08:15<\/option>\n\t\t\t\t\t\t\t\t\t\t<option value=\"08:30\">\n\t\t\t\t\t\t\t\t\t\t\t08:30<\/option>\n\t\t\t\t\t\t\t\t\t\t<option value=\"08:45\">\n\t\t\t\t\t\t\t\t\t\t\t08:45<\/option>\n\t\t\t\t\t\t\t\t\t\t\t\t\t\t\t\t\t\t\t\t<option value=\"09:00\">\n\t\t\t\t\t\t\t\t\t\t\t09:00<\/option>\n\t\t\t\t\t\t\t\t\t\t<option value=\"09:15\">\n\t\t\t\t\t\t\t\t\t\t\t09:15<\/option>\n\t\t\t\t\t\t\t\t\t\t<option value=\"09:30\">\n\t\t\t\t\t\t\t\t\t\t\t09:30<\/option>\n\t\t\t\t\t\t\t\t\t\t<option value=\"09:45\">\n\t\t\t\t\t\t\t\t\t\t\t09:45<\/option>\n\t\t\t\t\t\t\t\t\t\t\t\t\t\t\t\t\t\t\t\t<option value=\"10:00\">\n\t\t\t\t\t\t\t\t\t\t\t10:00<\/option>\n\t\t\t\t\t\t\t\t\t\t<option value=\"10:15\">\n\t\t\t\t\t\t\t\t\t\t\t10:15<\/option>\n\t\t\t\t\t\t\t\t\t\t<option value=\"10:30\">\n\t\t\t\t\t\t\t\t\t\t\t10:30<\/option>\n\t\t\t\t\t\t\t\t\t\t<option value=\"10:45\">\n\t\t\t\t\t\t\t\t\t\t\t10:45<\/option>\n\t\t\t\t\t\t\t\t\t\t\t\t\t\t\t\t\t\t\t\t<option value=\"11:00\">\n\t\t\t\t\t\t\t\t\t\t\t11:00<\/option>\n\t\t\t\t\t\t\t\t\t\t<option value=\"11:15\">\n\t\t\t\t\t\t\t\t\t\t\t11:15<\/option>\n\t\t\t\t\t\t\t\t\t\t<option value=\"11:30\">\n\t\t\t\t\t\t\t\t\t\t\t11:30<\/option>\n\t\t\t\t\t\t\t\t\t\t<option value=\"11:45\">\n\t\t\t\t\t\t\t\t\t\t\t11:45<\/option>\n\t\t\t\t\t\t\t\t\t\t\t\t\t\t\t\t\t\t\t\t<option value=\"12:00\">\n\t\t\t\t\t\t\t\t\t\t\t12:00<\/option>\n\t\t\t\t\t\t\t\t\t\t<option value=\"12:15\">\n\t\t\t\t\t\t\t\t\t\t\t12:15<\/option>\n\t\t\t\t\t\t\t\t\t\t<option value=\"12:30\">\n\t\t\t\t\t\t\t\t\t\t\t12:30<\/option>\n\t\t\t\t\t\t\t\t\t\t<option value=\"12:45\">\n\t\t\t\t\t\t\t\t\t\t\t12:45<\/option>\n\t\t\t\t\t\t\t\t\t\t\t\t\t\t\t\t\t\t\t\t<option value=\"13:00\">\n\t\t\t\t\t\t\t\t\t\t\t13:00<\/option>\n\t\t\t\t\t\t\t\t\t\t<option value=\"13:15\">\n\t\t\t\t\t\t\t\t\t\t\t13:15<\/option>\n\t\t\t\t\t\t\t\t\t\t<option value=\"13:30\">\n\t\t\t\t\t\t\t\t\t\t\t13:30<\/option>\n\t\t\t\t\t\t\t\t\t\t<option value=\"13:45\">\n\t\t\t\t\t\t\t\t\t\t\t13:45<\/option>\n\t\t\t\t\t\t\t\t\t\t\t\t\t\t\t\t\t\t\t\t<option value=\"14:00\">\n\t\t\t\t\t\t\t\t\t\t\t14:00<\/option>\n\t\t\t\t\t\t\t\t\t\t<option value=\"14:15\">\n\t\t\t\t\t\t\t\t\t\t\t14:15<\/option>\n\t\t\t\t\t\t\t\t\t\t<option value=\"14:30\">\n\t\t\t\t\t\t\t\t\t\t\t14:30<\/option>\n\t\t\t\t\t\t\t\t\t\t<option value=\"14:45\">\n\t\t\t\t\t\t\t\t\t\t\t14:45<\/option>\n\t\t\t\t\t\t\t\t\t\t\t\t\t\t\t\t\t\t\t\t<option value=\"15:00\">\n\t\t\t\t\t\t\t\t\t\t\t15:00<\/option>\n\t\t\t\t\t\t\t\t\t\t<option value=\"15:15\">\n\t\t\t\t\t\t\t\t\t\t\t15:15<\/option>\n\t\t\t\t\t\t\t\t\t\t<option value=\"15:30\">\n\t\t\t\t\t\t\t\t\t\t\t15:30<\/option>\n\t\t\t\t\t\t\t\t\t\t<option value=\"15:45\">\n\t\t\t\t\t\t\t\t\t\t\t15:45<\/option>\n\t\t\t\t\t\t\t\t\t\t\t\t\t\t\t\t\t\t\t\t<option value=\"16:00\">\n\t\t\t\t\t\t\t\t\t\t\t16:00<\/option>\n\t\t\t\t\t\t\t\t\t\t<option value=\"16:15\">\n\t\t\t\t\t\t\t\t\t\t\t16:15<\/option>\n\t\t\t\t\t\t\t\t\t\t<option value=\"16:30\">\n\t\t\t\t\t\t\t\t\t\t\t16:30<\/option>\n\t\t\t\t\t\t\t\t\t\t<option value=\"16:45\">\n\t\t\t\t\t\t\t\t\t\t\t16:45<\/option>\n\t\t\t\t\t\t\t\t\t\t\t\t\t\t\t\t\t\t\t\t<option value=\"17:00\">\n\t\t\t\t\t\t\t\t\t\t\t17:00<\/option>\n\t\t\t\t\t\t\t\t\t\t<option value=\"17:15\">\n\t\t\t\t\t\t\t\t\t\t\t17:15<\/option>\n\t\t\t\t\t\t\t\t\t\t<option value=\"17:30\">\n\t\t\t\t\t\t\t\t\t\t\t17:30<\/option>\n\t\t\t\t\t\t\t\t\t\t<option value=\"17:45\">\n\t\t\t\t\t\t\t\t\t\t\t17:45<\/option>\n\t\t\t\t\t\t\t\t\t\t\t\t\t\t\t\t\t\t\t\t<option value=\"18:00\">\n\t\t\t\t\t\t\t\t\t\t\t18:00<\/option>\n\t\t\t\t\t\t\t\t\t\t<option value=\"18:15\">\n\t\t\t\t\t\t\t\t\t\t\t18:15<\/option>\n\t\t\t\t\t\t\t\t\t\t<option value=\"18:30\">\n\t\t\t\t\t\t\t\t\t\t\t18:30<\/option>\n\t\t\t\t\t\t\t\t\t\t<option value=\"18:45\">\n\t\t\t\t\t\t\t\t\t\t\t18:45<\/option>\n\t\t\t\t\t\t\t\t\t\t\t\t\t\t\t\t\t\t\t\t<option value=\"19:00\">\n\t\t\t\t\t\t\t\t\t\t\t19:00<\/option>\n\t\t\t\t\t\t\t\t\t\t<option value=\"19:15\">\n\t\t\t\t\t\t\t\t\t\t\t19:15<\/option>\n\t\t\t\t\t\t\t\t\t\t<option value=\"19:30\">\n\t\t\t\t\t\t\t\t\t\t\t19:30<\/option>\n\t\t\t\t\t\t\t\t\t\t<option value=\"19:45\">\n\t\t\t\t\t\t\t\t\t\t\t19:45<\/option>\n\t\t\t\t\t\t\t\t\t\t\t\t\t\t\t\t\t\t\t\t<option value=\"20:00\">\n\t\t\t\t\t\t\t\t\t\t\t20:00<\/option>\n\t\t\t\t\t\t\t\t\t\t<option value=\"20:15\">\n\t\t\t\t\t\t\t\t\t\t\t20:15<\/option>\n\t\t\t\t\t\t\t\t\t\t<option value=\"20:30\">\n\t\t\t\t\t\t\t\t\t\t\t20:30<\/option>\n\t\t\t\t\t\t\t\t\t\t<option value=\"20:45\">\n\t\t\t\t\t\t\t\t\t\t\t20:45<\/option>\n\t\t\t\t\t\t\t\t\t\t\t\t\t\t\t\t\t\t\t\t<option value=\"21:00\">\n\t\t\t\t\t\t\t\t\t\t\t21:00<\/option>\n\t\t\t\t\t\t\t\t\t\t<option value=\"21:15\">\n\t\t\t\t\t\t\t\t\t\t\t21:15<\/option>\n\t\t\t\t\t\t\t\t\t\t<option value=\"21:30\">\n\t\t\t\t\t\t\t\t\t\t\t21:30<\/option>\n\t\t\t\t\t\t\t\t\t\t<option value=\"21:45\">\n\t\t\t\t\t\t\t\t\t\t\t21:45<\/option>\n\t\t\t\t\t\t\t\t\t\t\t\t\t\t\t\t\t\t\t\t<option value=\"22:00\">\n\t\t\t\t\t\t\t\t\t\t\t22:00<\/option>\n\t\t\t\t\t\t\t\t\t\t<option value=\"22:15\">\n\t\t\t\t\t\t\t\t\t\t\t22:15<\/option>\n\t\t\t\t\t\t\t\t\t\t<option value=\"22:30\">\n\t\t\t\t\t\t\t\t\t\t\t22:30<\/option>\n\t\t\t\t\t\t\t\t\t\t<option value=\"22:45\">\n\t\t\t\t\t\t\t\t\t\t\t22:45<\/option>\n\t\t\t\t\t\t\t\t\t\t\t\t\t\t\t\t\t\t\t\t<option value=\"23:00\">\n\t\t\t\t\t\t\t\t\t\t\t23:00<\/option>\n\t\t\t\t\t\t\t\t\t\t<option value=\"23:15\">\n\t\t\t\t\t\t\t\t\t\t\t23:15<\/option>\n\t\t\t\t\t\t\t\t\t\t<option value=\"23:30\">\n\t\t\t\t\t\t\t\t\t\t\t23:30<\/option>\n\t\t\t\t\t\t\t\t\t\t<option value=\"23:45\">\n\t\t\t\t\t\t\t\t\t\t\t23:45<\/option>\n\t\t\t\t\t\t\t\t\t\t\t\t\t\t\t\t\t\t\t<\/select>\n\t\t\t\t\t\t\t\t<\/div>\n\t\t\t\t\t\t\t<\/div>\n\t\t\t\t\t\t<\/div>\n\t\t\t\t\t\t<div class=\"col-sm-6\">\n\t\t\t\t\t\t\t<div class=\"form-group\">\n\t\t\t\t\t\t\t\t<div id=\"bookingBox\"><\/div>\n\n\t\t\t\t\t\t\t\t<label for=\"devuelta\"><h4>D\u00e9p\u00f4t<\/h4><\/label>\n\t\t\t\t\t\t\t\t<select name=\"devuelta\" id=\"devuelta\" class=\"custom-select\">\n\t\t\t\t\t\t\t\t\t<option value=\"airport\"  selected>Malaga A\u00e9roport<\/option>\n\t\t\t\t\t\t\t\t\t\t\t\t\t\t\t\t<\/select>\n\n\t\t\t\t\t\t\t\t<div class=\"form-inline my-2\">\n\t\t\t\t\t\t\t\t\t<input id=\"dDate\" class=\"form-control\" value=\"14\/09\/2026\" name=\"dDate\" readonly>\n\t\t\t\t\t\t\t\t\t<select class=\"custom-select\" id=\"dhorasminutos\" name=\"dhorasminutos\" oninvalid=\"setCustomValidity('Faites-nous savoir votre heure de retour')\" onchange=\"setCustomValidity('')\">\n\t\t\t\t\t\t\t\t\t\t<option value=\"-\" selected>--:--<\/option>\n\t\t\t\t\t\t\t\t\t\t\t\t\t\t\t\t\t\t\t\t<option value=\"00:00\">\n\t\t\t\t\t\t\t\t\t\t\t00:00<\/option>\n\t\t\t\t\t\t\t\t\t\t<option value=\"00:15\">\n\t\t\t\t\t\t\t\t\t\t\t00:15<\/option>\n\t\t\t\t\t\t\t\t\t\t<option value=\"00:30\">\n\t\t\t\t\t\t\t\t\t\t\t00:30<\/option>\n\t\t\t\t\t\t\t\t\t\t<option value=\"00:45\">\n\t\t\t\t\t\t\t\t\t\t\t00:45<\/option>\n\t\t\t\t\t\t\t\t\t\t\t\t\t\t\t\t\t\t\t\t<option value=\"01:00\">\n\t\t\t\t\t\t\t\t\t\t\t01:00<\/option>\n\t\t\t\t\t\t\t\t\t\t<option value=\"01:15\">\n\t\t\t\t\t\t\t\t\t\t\t01:15<\/option>\n\t\t\t\t\t\t\t\t\t\t<option value=\"01:30\">\n\t\t\t\t\t\t\t\t\t\t\t01:30<\/option>\n\t\t\t\t\t\t\t\t\t\t<option value=\"01:45\">\n\t\t\t\t\t\t\t\t\t\t\t01:45<\/option>\n\t\t\t\t\t\t\t\t\t\t\t\t\t\t\t\t\t\t\t\t<option value=\"02:00\">\n\t\t\t\t\t\t\t\t\t\t\t02:00<\/option>\n\t\t\t\t\t\t\t\t\t\t<option value=\"02:15\">\n\t\t\t\t\t\t\t\t\t\t\t02:15<\/option>\n\t\t\t\t\t\t\t\t\t\t<option value=\"02:30\">\n\t\t\t\t\t\t\t\t\t\t\t02:30<\/option>\n\t\t\t\t\t\t\t\t\t\t<option value=\"02:45\">\n\t\t\t\t\t\t\t\t\t\t\t02:45<\/option>\n\t\t\t\t\t\t\t\t\t\t\t\t\t\t\t\t\t\t\t\t<option value=\"03:00\">\n\t\t\t\t\t\t\t\t\t\t\t03:00<\/option>\n\t\t\t\t\t\t\t\t\t\t<option value=\"03:15\">\n\t\t\t\t\t\t\t\t\t\t\t03:15<\/option>\n\t\t\t\t\t\t\t\t\t\t<option value=\"03:30\">\n\t\t\t\t\t\t\t\t\t\t\t03:30<\/option>\n\t\t\t\t\t\t\t\t\t\t<option value=\"03:45\">\n\t\t\t\t\t\t\t\t\t\t\t03:45<\/option>\n\t\t\t\t\t\t\t\t\t\t\t\t\t\t\t\t\t\t\t\t<option value=\"04:00\">\n\t\t\t\t\t\t\t\t\t\t\t04:00<\/option>\n\t\t\t\t\t\t\t\t\t\t<option value=\"04:15\">\n\t\t\t\t\t\t\t\t\t\t\t04:15<\/option>\n\t\t\t\t\t\t\t\t\t\t<option value=\"04:30\">\n\t\t\t\t\t\t\t\t\t\t\t04:30<\/option>\n\t\t\t\t\t\t\t\t\t\t<option value=\"04:45\">\n\t\t\t\t\t\t\t\t\t\t\t04:45<\/option>\n\t\t\t\t\t\t\t\t\t\t\t\t\t\t\t\t\t\t\t\t<option value=\"05:00\">\n\t\t\t\t\t\t\t\t\t\t\t05:00<\/option>\n\t\t\t\t\t\t\t\t\t\t<option value=\"05:15\">\n\t\t\t\t\t\t\t\t\t\t\t05:15<\/option>\n\t\t\t\t\t\t\t\t\t\t<option value=\"05:30\">\n\t\t\t\t\t\t\t\t\t\t\t05:30<\/option>\n\t\t\t\t\t\t\t\t\t\t<option value=\"05:45\">\n\t\t\t\t\t\t\t\t\t\t\t05:45<\/option>\n\t\t\t\t\t\t\t\t\t\t\t\t\t\t\t\t\t\t\t\t<option value=\"06:00\">\n\t\t\t\t\t\t\t\t\t\t\t06:00<\/option>\n\t\t\t\t\t\t\t\t\t\t<option value=\"06:15\">\n\t\t\t\t\t\t\t\t\t\t\t06:15<\/option>\n\t\t\t\t\t\t\t\t\t\t<option value=\"06:30\">\n\t\t\t\t\t\t\t\t\t\t\t06:30<\/option>\n\t\t\t\t\t\t\t\t\t\t<option value=\"06:45\">\n\t\t\t\t\t\t\t\t\t\t\t06:45<\/option>\n\t\t\t\t\t\t\t\t\t\t\t\t\t\t\t\t\t\t\t\t<option value=\"07:00\">\n\t\t\t\t\t\t\t\t\t\t\t07:00<\/option>\n\t\t\t\t\t\t\t\t\t\t<option value=\"07:15\">\n\t\t\t\t\t\t\t\t\t\t\t07:15<\/option>\n\t\t\t\t\t\t\t\t\t\t<option value=\"07:30\">\n\t\t\t\t\t\t\t\t\t\t\t07:30<\/option>\n\t\t\t\t\t\t\t\t\t\t<option value=\"07:45\">\n\t\t\t\t\t\t\t\t\t\t\t07:45<\/option>\n\t\t\t\t\t\t\t\t\t\t\t\t\t\t\t\t\t\t\t\t<option value=\"08:00\">\n\t\t\t\t\t\t\t\t\t\t\t08:00<\/option>\n\t\t\t\t\t\t\t\t\t\t<option value=\"08:15\">\n\t\t\t\t\t\t\t\t\t\t\t08:15<\/option>\n\t\t\t\t\t\t\t\t\t\t<option value=\"08:30\">\n\t\t\t\t\t\t\t\t\t\t\t08:30<\/option>\n\t\t\t\t\t\t\t\t\t\t<option value=\"08:45\">\n\t\t\t\t\t\t\t\t\t\t\t08:45<\/option>\n\t\t\t\t\t\t\t\t\t\t\t\t\t\t\t\t\t\t\t\t<option value=\"09:00\">\n\t\t\t\t\t\t\t\t\t\t\t09:00<\/option>\n\t\t\t\t\t\t\t\t\t\t<option value=\"09:15\">\n\t\t\t\t\t\t\t\t\t\t\t09:15<\/option>\n\t\t\t\t\t\t\t\t\t\t<option value=\"09:30\">\n\t\t\t\t\t\t\t\t\t\t\t09:30<\/option>\n\t\t\t\t\t\t\t\t\t\t<option value=\"09:45\">\n\t\t\t\t\t\t\t\t\t\t\t09:45<\/option>\n\t\t\t\t\t\t\t\t\t\t\t\t\t\t\t\t\t\t\t\t<option value=\"10:00\">\n\t\t\t\t\t\t\t\t\t\t\t10:00<\/option>\n\t\t\t\t\t\t\t\t\t\t<option value=\"10:15\">\n\t\t\t\t\t\t\t\t\t\t\t10:15<\/option>\n\t\t\t\t\t\t\t\t\t\t<option value=\"10:30\">\n\t\t\t\t\t\t\t\t\t\t\t10:30<\/option>\n\t\t\t\t\t\t\t\t\t\t<option value=\"10:45\">\n\t\t\t\t\t\t\t\t\t\t\t10:45<\/option>\n\t\t\t\t\t\t\t\t\t\t\t\t\t\t\t\t\t\t\t\t<option value=\"11:00\">\n\t\t\t\t\t\t\t\t\t\t\t11:00<\/option>\n\t\t\t\t\t\t\t\t\t\t<option value=\"11:15\">\n\t\t\t\t\t\t\t\t\t\t\t11:15<\/option>\n\t\t\t\t\t\t\t\t\t\t<option value=\"11:30\">\n\t\t\t\t\t\t\t\t\t\t\t11:30<\/option>\n\t\t\t\t\t\t\t\t\t\t<option value=\"11:45\">\n\t\t\t\t\t\t\t\t\t\t\t11:45<\/option>\n\t\t\t\t\t\t\t\t\t\t\t\t\t\t\t\t\t\t\t\t<option value=\"12:00\">\n\t\t\t\t\t\t\t\t\t\t\t12:00<\/option>\n\t\t\t\t\t\t\t\t\t\t<option value=\"12:15\">\n\t\t\t\t\t\t\t\t\t\t\t12:15<\/option>\n\t\t\t\t\t\t\t\t\t\t<option value=\"12:30\">\n\t\t\t\t\t\t\t\t\t\t\t12:30<\/option>\n\t\t\t\t\t\t\t\t\t\t<option value=\"12:45\">\n\t\t\t\t\t\t\t\t\t\t\t12:45<\/option>\n\t\t\t\t\t\t\t\t\t\t\t\t\t\t\t\t\t\t\t\t<option value=\"13:00\">\n\t\t\t\t\t\t\t\t\t\t\t13:00<\/option>\n\t\t\t\t\t\t\t\t\t\t<option value=\"13:15\">\n\t\t\t\t\t\t\t\t\t\t\t13:15<\/option>\n\t\t\t\t\t\t\t\t\t\t<option value=\"13:30\">\n\t\t\t\t\t\t\t\t\t\t\t13:30<\/option>\n\t\t\t\t\t\t\t\t\t\t<option value=\"13:45\">\n\t\t\t\t\t\t\t\t\t\t\t13:45<\/option>\n\t\t\t\t\t\t\t\t\t\t\t\t\t\t\t\t\t\t\t\t<option value=\"14:00\">\n\t\t\t\t\t\t\t\t\t\t\t14:00<\/option>\n\t\t\t\t\t\t\t\t\t\t<option value=\"14:15\">\n\t\t\t\t\t\t\t\t\t\t\t14:15<\/option>\n\t\t\t\t\t\t\t\t\t\t<option value=\"14:30\">\n\t\t\t\t\t\t\t\t\t\t\t14:30<\/option>\n\t\t\t\t\t\t\t\t\t\t<option value=\"14:45\">\n\t\t\t\t\t\t\t\t\t\t\t14:45<\/option>\n\t\t\t\t\t\t\t\t\t\t\t\t\t\t\t\t\t\t\t\t<option value=\"15:00\">\n\t\t\t\t\t\t\t\t\t\t\t15:00<\/option>\n\t\t\t\t\t\t\t\t\t\t<option value=\"15:15\">\n\t\t\t\t\t\t\t\t\t\t\t15:15<\/option>\n\t\t\t\t\t\t\t\t\t\t<option value=\"15:30\">\n\t\t\t\t\t\t\t\t\t\t\t15:30<\/option>\n\t\t\t\t\t\t\t\t\t\t<option value=\"15:45\">\n\t\t\t\t\t\t\t\t\t\t\t15:45<\/option>\n\t\t\t\t\t\t\t\t\t\t\t\t\t\t\t\t\t\t\t\t<option value=\"16:00\">\n\t\t\t\t\t\t\t\t\t\t\t16:00<\/option>\n\t\t\t\t\t\t\t\t\t\t<option value=\"16:15\">\n\t\t\t\t\t\t\t\t\t\t\t16:15<\/option>\n\t\t\t\t\t\t\t\t\t\t<option value=\"16:30\">\n\t\t\t\t\t\t\t\t\t\t\t16:30<\/option>\n\t\t\t\t\t\t\t\t\t\t<option value=\"16:45\">\n\t\t\t\t\t\t\t\t\t\t\t16:45<\/option>\n\t\t\t\t\t\t\t\t\t\t\t\t\t\t\t\t\t\t\t\t<option value=\"17:00\">\n\t\t\t\t\t\t\t\t\t\t\t17:00<\/option>\n\t\t\t\t\t\t\t\t\t\t<option value=\"17:15\">\n\t\t\t\t\t\t\t\t\t\t\t17:15<\/option>\n\t\t\t\t\t\t\t\t\t\t<option value=\"17:30\">\n\t\t\t\t\t\t\t\t\t\t\t17:30<\/option>\n\t\t\t\t\t\t\t\t\t\t<option value=\"17:45\">\n\t\t\t\t\t\t\t\t\t\t\t17:45<\/option>\n\t\t\t\t\t\t\t\t\t\t\t\t\t\t\t\t\t\t\t\t<option value=\"18:00\">\n\t\t\t\t\t\t\t\t\t\t\t18:00<\/option>\n\t\t\t\t\t\t\t\t\t\t<option value=\"18:15\">\n\t\t\t\t\t\t\t\t\t\t\t18:15<\/option>\n\t\t\t\t\t\t\t\t\t\t<option value=\"18:30\">\n\t\t\t\t\t\t\t\t\t\t\t18:30<\/option>\n\t\t\t\t\t\t\t\t\t\t<option value=\"18:45\">\n\t\t\t\t\t\t\t\t\t\t\t18:45<\/option>\n\t\t\t\t\t\t\t\t\t\t\t\t\t\t\t\t\t\t\t\t<option value=\"19:00\">\n\t\t\t\t\t\t\t\t\t\t\t19:00<\/option>\n\t\t\t\t\t\t\t\t\t\t<option value=\"19:15\">\n\t\t\t\t\t\t\t\t\t\t\t19:15<\/option>\n\t\t\t\t\t\t\t\t\t\t<option value=\"19:30\">\n\t\t\t\t\t\t\t\t\t\t\t19:30<\/option>\n\t\t\t\t\t\t\t\t\t\t<option value=\"19:45\">\n\t\t\t\t\t\t\t\t\t\t\t19:45<\/option>\n\t\t\t\t\t\t\t\t\t\t\t\t\t\t\t\t\t\t\t\t<option value=\"20:00\">\n\t\t\t\t\t\t\t\t\t\t\t20:00<\/option>\n\t\t\t\t\t\t\t\t\t\t<option value=\"20:15\">\n\t\t\t\t\t\t\t\t\t\t\t20:15<\/option>\n\t\t\t\t\t\t\t\t\t\t<option value=\"20:30\">\n\t\t\t\t\t\t\t\t\t\t\t20:30<\/option>\n\t\t\t\t\t\t\t\t\t\t<option value=\"20:45\">\n\t\t\t\t\t\t\t\t\t\t\t20:45<\/option>\n\t\t\t\t\t\t\t\t\t\t\t\t\t\t\t\t\t\t\t\t<option value=\"21:00\">\n\t\t\t\t\t\t\t\t\t\t\t21:00<\/option>\n\t\t\t\t\t\t\t\t\t\t<option value=\"21:15\">\n\t\t\t\t\t\t\t\t\t\t\t21:15<\/option>\n\t\t\t\t\t\t\t\t\t\t<option value=\"21:30\">\n\t\t\t\t\t\t\t\t\t\t\t21:30<\/option>\n\t\t\t\t\t\t\t\t\t\t<option value=\"21:45\">\n\t\t\t\t\t\t\t\t\t\t\t21:45<\/option>\n\t\t\t\t\t\t\t\t\t\t\t\t\t\t\t\t\t\t\t\t<option value=\"22:00\">\n\t\t\t\t\t\t\t\t\t\t\t22:00<\/option>\n\t\t\t\t\t\t\t\t\t\t<option value=\"22:15\">\n\t\t\t\t\t\t\t\t\t\t\t22:15<\/option>\n\t\t\t\t\t\t\t\t\t\t<option value=\"22:30\">\n\t\t\t\t\t\t\t\t\t\t\t22:30<\/option>\n\t\t\t\t\t\t\t\t\t\t<option value=\"22:45\">\n\t\t\t\t\t\t\t\t\t\t\t22:45<\/option>\n\t\t\t\t\t\t\t\t\t\t\t\t\t\t\t\t\t\t\t\t<option value=\"23:00\">\n\t\t\t\t\t\t\t\t\t\t\t23:00<\/option>\n\t\t\t\t\t\t\t\t\t\t<option value=\"23:15\">\n\t\t\t\t\t\t\t\t\t\t\t23:15<\/option>\n\t\t\t\t\t\t\t\t\t\t<option value=\"23:30\">\n\t\t\t\t\t\t\t\t\t\t\t23:30<\/option>\n\t\t\t\t\t\t\t\t\t\t<option value=\"23:45\">\n\t\t\t\t\t\t\t\t\t\t\t23:45<\/option>\n\t\t\t\t\t\t\t\t\t\t\t\t\t\t\t\t\t\t\t<\/select>\n\t\t\t\t\t\t\t\t<\/div>\n\t\t\t\t\t\t\t<\/div>\n\t\t\t\t\t\t<\/div>\n\n\t\t\t\t\t<\/div>\n\t\t\t\t\n\n\t\t\t\t\t\t<div class=\"row\">\n                               <div class=\"col-sm-6\">\n\t\t\t\t\t\t\t\t<div class=\"form-group promo-code\">\n\t\t\t\t\t\t\t\t\t\t\t\t\t\t\t\t\t<label for=\"tipogrupo\" class=\"w-50 text-right pr-3 pt-1\">Group<\/label>\n\t\t\t\t\t\t\t\t\t<select name=\"tipogrupo\" id=\"tipogrupo\" class=\"form-control w-50\">\n\t\t\t\t\t\t\t\t\t<option value=\"0\">Voir tous<\/option>\n\t\t\t                        <option value=\"1\">Standard<\/option> \n\t\t\t\t\t\t\t\t\t<option value=\"2\">Automatique<\/option>  \n\t\t\t\t\t\t\t\t\t<option value=\"4\">Transporteurs<\/option>  \n\t\t\t\t\t\t\t\t\t<option value=\"5\">Cabriolet et Sport<\/option>  \n\t\t\t\t\t\t\t\t\t<option value=\"6\">Prestige<\/option>  \n\t\t\t\t\t\t\t\t\t<option value=\"8\">SUV<\/option>  \n\t\t\t\t\t\t\t\t\t<option value=\"10\">Camping car et Autocaravane<\/option>  \t\t\t\t\t\t\t\n\t\t\t\t\t\t\t\t<\/select>\t\n\t\t\t\t\t\t\t\t\t\n\t\t\t\t\t\t\t<\/div>\n\t\t\t\t\t\t\t<\/div>\n\t\t\t\t\t\t<div class=\"col-sm-6 align-self-end\">\n\t\t\t\t\t\t\t<div class=\"form-group\">\n\t\t\t\t\t\t\t\t<input type=\"submit\" class=\"btn-quote\" value=\"Voir les prix\" onclick=\"return msgAlert()\">\n\t\t\t\t\t\t\t<\/div>\n\t\t\t\t\t\t<\/div>\n\t\t\t\t\t<\/div>\n\t\t\t\t<\/form>\n\t\t\t\t<div class=\"row hide-mini-tablet advantages\">\n\t\t\t\t\t\t<div class=\"col-12\">\n\t\t\t\t\t\t\t<h4 class=\"text-center text-white\">TARIFS IMBATTABLES<\/h4>\n\t\t\t\t\t\t\t<ul>\n\t\t\t\t\t\t\t\t<li><strong>Grande flotte<\/strong> de voitures neuves.<\/li>\n\t\t\t\t\t\t\t\t<li><strong>Payez \u00e0 l'arriv\u00e9e<\/strong>.<\/li>\n\t\t\t\t\t\t\t\t<li>Ce que vous voyez est ce que vous payez.<\/li>\n\t\t\t\t\t\t\t\t<li><strong>Pas difficile \u00e0 vendre au bureau<\/strong>.<\/li>\n\t\t\t\t\t\t\t\t<li>Service de livraison VIP gratuit.<\/li>\n\t\t\t\t\t\t\t\t<li><strong class='redpassion-alt'>PAS DE FRAIS SUPPL\u00c9MENTAIRES<\/strong>, pour le service de ravitaillement.<\/li>\n\t\t\t\t\t\t\t<\/ul>\n\t\t\t\t\t\t<\/div>\n\t\t\t\t\t<\/div>\n\t\t\t\t<\/div>\n\t\t\t<br clear=\"all\">\n\n","protected":false},"excerpt":{"rendered":"<p>Saviez-vous que plusieurs mus\u00e9es de Malaga proposent des espaces pour vos \u00e9v\u00e9nements\u00a0? Qu&rsquo;il s&rsquo;agisse d&rsquo;un \u00e9v\u00e9nement d&rsquo;entreprise, d&rsquo;un anniversaire ou m\u00eame d&rsquo;un mariage, les possibilit\u00e9s sont infinies. Certains des plus beaux mus\u00e9es de la ville ouvrent leurs portes sur demande pour accueillir votre \u00e9v\u00e9nement priv\u00e9 dans un cadre exceptionnel. D\u00e9couvrez tous les d\u00e9tails ci-dessous\u00a0!<\/p>\n","protected":false},"author":1,"featured_media":3002,"comment_status":"open","ping_status":"closed","sticky":false,"template":"","format":"standard","meta":{"footnotes":""},"categories":[58],"tags":[26,65,95],"class_list":["post-3001","post","type-post","status-publish","format-standard","has-post-thumbnail","hentry","category-malaga","tag-evenements","tag-gastronomie","tag-musees"],"yoast_head":"<!-- This site is optimized with the Yoast SEO plugin v28.4 - https:\/\/yoast.com\/product\/yoast-seo-wordpress\/ -->\n<title>Mus\u00e9es de Malaga pour \u00e9v\u00e9nements priv\u00e9s - Blog de MalagaCar.com<\/title>\n<meta name=\"description\" content=\"Mus\u00e9es de Malaga pour \u00e9v\u00e9nements priv\u00e9s, qu&#039;il s&#039;agisse \u00e9v\u00e9nements d&#039;entrepris , d&#039;un anniversaire sp\u00e9cial ou m\u00eame d&#039;un mariage.\" \/>\n<meta name=\"robots\" content=\"index, follow, max-snippet:-1, max-image-preview:large, max-video-preview:-1\" \/>\n<link rel=\"canonical\" href=\"https:\/\/www.malagacar.com\/fr\/blog\/malaga\/musees-pour-evenements-prives\/\" \/>\n<meta property=\"og:locale\" content=\"fr_FR\" \/>\n<meta property=\"og:type\" content=\"article\" \/>\n<meta property=\"og:title\" content=\"Mus\u00e9es de Malaga pour \u00e9v\u00e9nements priv\u00e9s - Blog de MalagaCar.com\" \/>\n<meta property=\"og:description\" content=\"Mus\u00e9es de Malaga pour \u00e9v\u00e9nements priv\u00e9s, qu&#039;il s&#039;agisse \u00e9v\u00e9nements d&#039;entrepris , d&#039;un anniversaire sp\u00e9cial ou m\u00eame d&#039;un mariage.\" \/>\n<meta property=\"og:url\" content=\"https:\/\/www.malagacar.com\/fr\/blog\/malaga\/musees-pour-evenements-prives\/\" \/>\n<meta property=\"og:site_name\" content=\"Blog de MalagaCar.com\" \/>\n<meta property=\"article:publisher\" content=\"https:\/\/www.facebook.com\/malagacar\" \/>\n<meta property=\"article:published_time\" content=\"2025-11-04T11:18:59+00:00\" \/>\n<meta property=\"article:modified_time\" content=\"2025-11-04T11:21:56+00:00\" \/>\n<meta property=\"og:image\" content=\"https:\/\/www.malagacar.com\/fr\/blog\/wp-content\/uploads\/2025\/11\/museos-para-eventos.jpg\" \/>\n\t<meta property=\"og:image:width\" content=\"1200\" \/>\n\t<meta property=\"og:image:height\" content=\"1200\" \/>\n\t<meta property=\"og:image:type\" content=\"image\/jpeg\" \/>\n<meta name=\"author\" content=\"MalagaCar.com\" \/>\n<meta name=\"twitter:card\" content=\"summary_large_image\" \/>\n<meta name=\"twitter:creator\" content=\"@malagacarcom\" \/>\n<meta name=\"twitter:site\" content=\"@malagacarcom\" \/>\n<meta name=\"twitter:label1\" content=\"\u00c9crit par\" \/>\n\t<meta name=\"twitter:data1\" content=\"MalagaCar.com\" \/>\n\t<meta name=\"twitter:label2\" content=\"Dur\u00e9e de lecture estim\u00e9e\" \/>\n\t<meta name=\"twitter:data2\" content=\"10 minutes\" \/>\n<script type=\"application\/ld+json\" class=\"yoast-schema-graph\">{\"@context\":\"https:\\\/\\\/schema.org\",\"@graph\":[{\"@type\":\"Article\",\"@id\":\"https:\\\/\\\/www.malagacar.com\\\/fr\\\/blog\\\/malaga\\\/musees-pour-evenements-prives\\\/#article\",\"isPartOf\":{\"@id\":\"https:\\\/\\\/www.malagacar.com\\\/fr\\\/blog\\\/malaga\\\/musees-pour-evenements-prives\\\/\"},\"author\":{\"name\":\"MalagaCar.com\",\"@id\":\"https:\\\/\\\/www.malagacar.com\\\/fr\\\/blog\\\/#\\\/schema\\\/person\\\/ffb97005d02bcc7d0bb59f5409635691\"},\"headline\":\"Mus\u00e9es de Malaga pour \u00e9v\u00e9nements priv\u00e9s\",\"datePublished\":\"2025-11-04T11:18:59+00:00\",\"dateModified\":\"2025-11-04T11:21:56+00:00\",\"mainEntityOfPage\":{\"@id\":\"https:\\\/\\\/www.malagacar.com\\\/fr\\\/blog\\\/malaga\\\/musees-pour-evenements-prives\\\/\"},\"wordCount\":1559,\"commentCount\":0,\"publisher\":{\"@id\":\"https:\\\/\\\/www.malagacar.com\\\/fr\\\/blog\\\/#organization\"},\"image\":{\"@id\":\"https:\\\/\\\/www.malagacar.com\\\/fr\\\/blog\\\/malaga\\\/musees-pour-evenements-prives\\\/#primaryimage\"},\"thumbnailUrl\":\"https:\\\/\\\/www.malagacar.com\\\/fr\\\/blog\\\/wp-content\\\/uploads\\\/2025\\\/11\\\/museos-para-eventos.jpg\",\"keywords\":[\"evenements\",\"Gastronomie\",\"mus\u00e9es\"],\"articleSection\":[\"Malaga\"],\"inLanguage\":\"fr-FR\",\"potentialAction\":[{\"@type\":\"CommentAction\",\"name\":\"Comment\",\"target\":[\"https:\\\/\\\/www.malagacar.com\\\/fr\\\/blog\\\/malaga\\\/musees-pour-evenements-prives\\\/#respond\"]}]},{\"@type\":\"WebPage\",\"@id\":\"https:\\\/\\\/www.malagacar.com\\\/fr\\\/blog\\\/malaga\\\/musees-pour-evenements-prives\\\/\",\"url\":\"https:\\\/\\\/www.malagacar.com\\\/fr\\\/blog\\\/malaga\\\/musees-pour-evenements-prives\\\/\",\"name\":\"Mus\u00e9es de Malaga pour \u00e9v\u00e9nements priv\u00e9s - Blog de MalagaCar.com\",\"isPartOf\":{\"@id\":\"https:\\\/\\\/www.malagacar.com\\\/fr\\\/blog\\\/#website\"},\"primaryImageOfPage\":{\"@id\":\"https:\\\/\\\/www.malagacar.com\\\/fr\\\/blog\\\/malaga\\\/musees-pour-evenements-prives\\\/#primaryimage\"},\"image\":{\"@id\":\"https:\\\/\\\/www.malagacar.com\\\/fr\\\/blog\\\/malaga\\\/musees-pour-evenements-prives\\\/#primaryimage\"},\"thumbnailUrl\":\"https:\\\/\\\/www.malagacar.com\\\/fr\\\/blog\\\/wp-content\\\/uploads\\\/2025\\\/11\\\/museos-para-eventos.jpg\",\"datePublished\":\"2025-11-04T11:18:59+00:00\",\"dateModified\":\"2025-11-04T11:21:56+00:00\",\"description\":\"Mus\u00e9es de Malaga pour \u00e9v\u00e9nements priv\u00e9s, qu'il s'agisse \u00e9v\u00e9nements d'entrepris , d'un anniversaire sp\u00e9cial ou m\u00eame d'un mariage.\",\"breadcrumb\":{\"@id\":\"https:\\\/\\\/www.malagacar.com\\\/fr\\\/blog\\\/malaga\\\/musees-pour-evenements-prives\\\/#breadcrumb\"},\"inLanguage\":\"fr-FR\",\"potentialAction\":[{\"@type\":\"ReadAction\",\"target\":[\"https:\\\/\\\/www.malagacar.com\\\/fr\\\/blog\\\/malaga\\\/musees-pour-evenements-prives\\\/\"]}]},{\"@type\":\"ImageObject\",\"inLanguage\":\"fr-FR\",\"@id\":\"https:\\\/\\\/www.malagacar.com\\\/fr\\\/blog\\\/malaga\\\/musees-pour-evenements-prives\\\/#primaryimage\",\"url\":\"https:\\\/\\\/www.malagacar.com\\\/fr\\\/blog\\\/wp-content\\\/uploads\\\/2025\\\/11\\\/museos-para-eventos.jpg\",\"contentUrl\":\"https:\\\/\\\/www.malagacar.com\\\/fr\\\/blog\\\/wp-content\\\/uploads\\\/2025\\\/11\\\/museos-para-eventos.jpg\",\"width\":1200,\"height\":1200,\"caption\":\"Mus\u00e9es de Malaga pour \u00e9v\u00e9nements priv\u00e9s\"},{\"@type\":\"BreadcrumbList\",\"@id\":\"https:\\\/\\\/www.malagacar.com\\\/fr\\\/blog\\\/malaga\\\/musees-pour-evenements-prives\\\/#breadcrumb\",\"itemListElement\":[{\"@type\":\"ListItem\",\"position\":1,\"name\":\"Accueil\",\"item\":\"https:\\\/\\\/www.malagacar.com\\\/fr\\\/blog\\\/\"},{\"@type\":\"ListItem\",\"position\":2,\"name\":\"Mus\u00e9es de Malaga pour \u00e9v\u00e9nements priv\u00e9s\"}]},{\"@type\":\"WebSite\",\"@id\":\"https:\\\/\\\/www.malagacar.com\\\/fr\\\/blog\\\/#website\",\"url\":\"https:\\\/\\\/www.malagacar.com\\\/fr\\\/blog\\\/\",\"name\":\"Blog de MalagaCar.com\",\"description\":\"Nouvelles et informations int\u00e9ressantes sur la location de voitures \u00e0 l&#039;a\u00e9roport de Malaga.\",\"publisher\":{\"@id\":\"https:\\\/\\\/www.malagacar.com\\\/fr\\\/blog\\\/#organization\"},\"potentialAction\":[{\"@type\":\"SearchAction\",\"target\":{\"@type\":\"EntryPoint\",\"urlTemplate\":\"https:\\\/\\\/www.malagacar.com\\\/fr\\\/blog\\\/?s={search_term_string}\"},\"query-input\":{\"@type\":\"PropertyValueSpecification\",\"valueRequired\":true,\"valueName\":\"search_term_string\"}}],\"inLanguage\":\"fr-FR\"},{\"@type\":\"Organization\",\"@id\":\"https:\\\/\\\/www.malagacar.com\\\/fr\\\/blog\\\/#organization\",\"name\":\"MalagaCar.com\",\"url\":\"https:\\\/\\\/www.malagacar.com\\\/fr\\\/blog\\\/\",\"logo\":{\"@type\":\"ImageObject\",\"inLanguage\":\"fr-FR\",\"@id\":\"https:\\\/\\\/www.malagacar.com\\\/fr\\\/blog\\\/#\\\/schema\\\/logo\\\/image\\\/\",\"url\":\"https:\\\/\\\/www.malagacar.com\\\/fr\\\/blog\\\/wp-content\\\/uploads\\\/2021\\\/06\\\/logo-malagacar-social.png\",\"contentUrl\":\"https:\\\/\\\/www.malagacar.com\\\/fr\\\/blog\\\/wp-content\\\/uploads\\\/2021\\\/06\\\/logo-malagacar-social.png\",\"width\":900,\"height\":900,\"caption\":\"MalagaCar.com\"},\"image\":{\"@id\":\"https:\\\/\\\/www.malagacar.com\\\/fr\\\/blog\\\/#\\\/schema\\\/logo\\\/image\\\/\"},\"sameAs\":[\"https:\\\/\\\/www.facebook.com\\\/malagacar\",\"https:\\\/\\\/x.com\\\/malagacarcom\",\"https:\\\/\\\/www.instagram.com\\\/malagacar\\\/\",\"https:\\\/\\\/www.linkedin.com\\\/company\\\/malagacar.com\",\"https:\\\/\\\/www.youtube.com\\\/c\\\/MalagacarAirport\"]},{\"@type\":\"Person\",\"@id\":\"https:\\\/\\\/www.malagacar.com\\\/fr\\\/blog\\\/#\\\/schema\\\/person\\\/ffb97005d02bcc7d0bb59f5409635691\",\"name\":\"MalagaCar.com\",\"image\":{\"@type\":\"ImageObject\",\"inLanguage\":\"fr-FR\",\"@id\":\"https:\\\/\\\/secure.gravatar.com\\\/avatar\\\/296ebc31026e7be05868369e4c596b3239b1582b2fcf8a45de57333e2e82bb82?s=96&d=mm&r=g\",\"url\":\"https:\\\/\\\/secure.gravatar.com\\\/avatar\\\/296ebc31026e7be05868369e4c596b3239b1582b2fcf8a45de57333e2e82bb82?s=96&d=mm&r=g\",\"contentUrl\":\"https:\\\/\\\/secure.gravatar.com\\\/avatar\\\/296ebc31026e7be05868369e4c596b3239b1582b2fcf8a45de57333e2e82bb82?s=96&d=mm&r=g\",\"caption\":\"MalagaCar.com\"},\"sameAs\":[\"https:\\\/\\\/www.malagacar.com\\\/fr\\\/blog\"]}]}<\/script>\n<!-- \/ Yoast SEO plugin. -->","yoast_head_json":{"title":"Mus\u00e9es de Malaga pour \u00e9v\u00e9nements priv\u00e9s - Blog de MalagaCar.com","description":"Mus\u00e9es de Malaga pour \u00e9v\u00e9nements priv\u00e9s, qu'il s'agisse \u00e9v\u00e9nements d'entrepris , d'un anniversaire sp\u00e9cial ou m\u00eame d'un mariage.","robots":{"index":"index","follow":"follow","max-snippet":"max-snippet:-1","max-image-preview":"max-image-preview:large","max-video-preview":"max-video-preview:-1"},"canonical":"https:\/\/www.malagacar.com\/fr\/blog\/malaga\/musees-pour-evenements-prives\/","og_locale":"fr_FR","og_type":"article","og_title":"Mus\u00e9es de Malaga pour \u00e9v\u00e9nements priv\u00e9s - Blog de MalagaCar.com","og_description":"Mus\u00e9es de Malaga pour \u00e9v\u00e9nements priv\u00e9s, qu'il s'agisse \u00e9v\u00e9nements d'entrepris , d'un anniversaire sp\u00e9cial ou m\u00eame d'un mariage.","og_url":"https:\/\/www.malagacar.com\/fr\/blog\/malaga\/musees-pour-evenements-prives\/","og_site_name":"Blog de MalagaCar.com","article_publisher":"https:\/\/www.facebook.com\/malagacar","article_published_time":"2025-11-04T11:18:59+00:00","article_modified_time":"2025-11-04T11:21:56+00:00","og_image":[{"width":1200,"height":1200,"url":"https:\/\/www.malagacar.com\/fr\/blog\/wp-content\/uploads\/2025\/11\/museos-para-eventos.jpg","type":"image\/jpeg"}],"author":"MalagaCar.com","twitter_card":"summary_large_image","twitter_creator":"@malagacarcom","twitter_site":"@malagacarcom","twitter_misc":{"\u00c9crit par":"MalagaCar.com","Dur\u00e9e de lecture estim\u00e9e":"10 minutes"},"schema":{"@context":"https:\/\/schema.org","@graph":[{"@type":"Article","@id":"https:\/\/www.malagacar.com\/fr\/blog\/malaga\/musees-pour-evenements-prives\/#article","isPartOf":{"@id":"https:\/\/www.malagacar.com\/fr\/blog\/malaga\/musees-pour-evenements-prives\/"},"author":{"name":"MalagaCar.com","@id":"https:\/\/www.malagacar.com\/fr\/blog\/#\/schema\/person\/ffb97005d02bcc7d0bb59f5409635691"},"headline":"Mus\u00e9es de Malaga pour \u00e9v\u00e9nements priv\u00e9s","datePublished":"2025-11-04T11:18:59+00:00","dateModified":"2025-11-04T11:21:56+00:00","mainEntityOfPage":{"@id":"https:\/\/www.malagacar.com\/fr\/blog\/malaga\/musees-pour-evenements-prives\/"},"wordCount":1559,"commentCount":0,"publisher":{"@id":"https:\/\/www.malagacar.com\/fr\/blog\/#organization"},"image":{"@id":"https:\/\/www.malagacar.com\/fr\/blog\/malaga\/musees-pour-evenements-prives\/#primaryimage"},"thumbnailUrl":"https:\/\/www.malagacar.com\/fr\/blog\/wp-content\/uploads\/2025\/11\/museos-para-eventos.jpg","keywords":["evenements","Gastronomie","mus\u00e9es"],"articleSection":["Malaga"],"inLanguage":"fr-FR","potentialAction":[{"@type":"CommentAction","name":"Comment","target":["https:\/\/www.malagacar.com\/fr\/blog\/malaga\/musees-pour-evenements-prives\/#respond"]}]},{"@type":"WebPage","@id":"https:\/\/www.malagacar.com\/fr\/blog\/malaga\/musees-pour-evenements-prives\/","url":"https:\/\/www.malagacar.com\/fr\/blog\/malaga\/musees-pour-evenements-prives\/","name":"Mus\u00e9es de Malaga pour \u00e9v\u00e9nements priv\u00e9s - Blog de MalagaCar.com","isPartOf":{"@id":"https:\/\/www.malagacar.com\/fr\/blog\/#website"},"primaryImageOfPage":{"@id":"https:\/\/www.malagacar.com\/fr\/blog\/malaga\/musees-pour-evenements-prives\/#primaryimage"},"image":{"@id":"https:\/\/www.malagacar.com\/fr\/blog\/malaga\/musees-pour-evenements-prives\/#primaryimage"},"thumbnailUrl":"https:\/\/www.malagacar.com\/fr\/blog\/wp-content\/uploads\/2025\/11\/museos-para-eventos.jpg","datePublished":"2025-11-04T11:18:59+00:00","dateModified":"2025-11-04T11:21:56+00:00","description":"Mus\u00e9es de Malaga pour \u00e9v\u00e9nements priv\u00e9s, qu'il s'agisse \u00e9v\u00e9nements d'entrepris , d'un anniversaire sp\u00e9cial ou m\u00eame d'un mariage.","breadcrumb":{"@id":"https:\/\/www.malagacar.com\/fr\/blog\/malaga\/musees-pour-evenements-prives\/#breadcrumb"},"inLanguage":"fr-FR","potentialAction":[{"@type":"ReadAction","target":["https:\/\/www.malagacar.com\/fr\/blog\/malaga\/musees-pour-evenements-prives\/"]}]},{"@type":"ImageObject","inLanguage":"fr-FR","@id":"https:\/\/www.malagacar.com\/fr\/blog\/malaga\/musees-pour-evenements-prives\/#primaryimage","url":"https:\/\/www.malagacar.com\/fr\/blog\/wp-content\/uploads\/2025\/11\/museos-para-eventos.jpg","contentUrl":"https:\/\/www.malagacar.com\/fr\/blog\/wp-content\/uploads\/2025\/11\/museos-para-eventos.jpg","width":1200,"height":1200,"caption":"Mus\u00e9es de Malaga pour \u00e9v\u00e9nements priv\u00e9s"},{"@type":"BreadcrumbList","@id":"https:\/\/www.malagacar.com\/fr\/blog\/malaga\/musees-pour-evenements-prives\/#breadcrumb","itemListElement":[{"@type":"ListItem","position":1,"name":"Accueil","item":"https:\/\/www.malagacar.com\/fr\/blog\/"},{"@type":"ListItem","position":2,"name":"Mus\u00e9es de Malaga pour \u00e9v\u00e9nements priv\u00e9s"}]},{"@type":"WebSite","@id":"https:\/\/www.malagacar.com\/fr\/blog\/#website","url":"https:\/\/www.malagacar.com\/fr\/blog\/","name":"Blog de MalagaCar.com","description":"Nouvelles et informations int\u00e9ressantes sur la location de voitures \u00e0 l&#039;a\u00e9roport de Malaga.","publisher":{"@id":"https:\/\/www.malagacar.com\/fr\/blog\/#organization"},"potentialAction":[{"@type":"SearchAction","target":{"@type":"EntryPoint","urlTemplate":"https:\/\/www.malagacar.com\/fr\/blog\/?s={search_term_string}"},"query-input":{"@type":"PropertyValueSpecification","valueRequired":true,"valueName":"search_term_string"}}],"inLanguage":"fr-FR"},{"@type":"Organization","@id":"https:\/\/www.malagacar.com\/fr\/blog\/#organization","name":"MalagaCar.com","url":"https:\/\/www.malagacar.com\/fr\/blog\/","logo":{"@type":"ImageObject","inLanguage":"fr-FR","@id":"https:\/\/www.malagacar.com\/fr\/blog\/#\/schema\/logo\/image\/","url":"https:\/\/www.malagacar.com\/fr\/blog\/wp-content\/uploads\/2021\/06\/logo-malagacar-social.png","contentUrl":"https:\/\/www.malagacar.com\/fr\/blog\/wp-content\/uploads\/2021\/06\/logo-malagacar-social.png","width":900,"height":900,"caption":"MalagaCar.com"},"image":{"@id":"https:\/\/www.malagacar.com\/fr\/blog\/#\/schema\/logo\/image\/"},"sameAs":["https:\/\/www.facebook.com\/malagacar","https:\/\/x.com\/malagacarcom","https:\/\/www.instagram.com\/malagacar\/","https:\/\/www.linkedin.com\/company\/malagacar.com","https:\/\/www.youtube.com\/c\/MalagacarAirport"]},{"@type":"Person","@id":"https:\/\/www.malagacar.com\/fr\/blog\/#\/schema\/person\/ffb97005d02bcc7d0bb59f5409635691","name":"MalagaCar.com","image":{"@type":"ImageObject","inLanguage":"fr-FR","@id":"https:\/\/secure.gravatar.com\/avatar\/296ebc31026e7be05868369e4c596b3239b1582b2fcf8a45de57333e2e82bb82?s=96&d=mm&r=g","url":"https:\/\/secure.gravatar.com\/avatar\/296ebc31026e7be05868369e4c596b3239b1582b2fcf8a45de57333e2e82bb82?s=96&d=mm&r=g","contentUrl":"https:\/\/secure.gravatar.com\/avatar\/296ebc31026e7be05868369e4c596b3239b1582b2fcf8a45de57333e2e82bb82?s=96&d=mm&r=g","caption":"MalagaCar.com"},"sameAs":["https:\/\/www.malagacar.com\/fr\/blog"]}]}},"_links":{"self":[{"href":"https:\/\/www.malagacar.com\/fr\/blog\/wp-json\/wp\/v2\/posts\/3001","targetHints":{"allow":["GET"]}}],"collection":[{"href":"https:\/\/www.malagacar.com\/fr\/blog\/wp-json\/wp\/v2\/posts"}],"about":[{"href":"https:\/\/www.malagacar.com\/fr\/blog\/wp-json\/wp\/v2\/types\/post"}],"author":[{"embeddable":true,"href":"https:\/\/www.malagacar.com\/fr\/blog\/wp-json\/wp\/v2\/users\/1"}],"replies":[{"embeddable":true,"href":"https:\/\/www.malagacar.com\/fr\/blog\/wp-json\/wp\/v2\/comments?post=3001"}],"version-history":[{"count":11,"href":"https:\/\/www.malagacar.com\/fr\/blog\/wp-json\/wp\/v2\/posts\/3001\/revisions"}],"predecessor-version":[{"id":3013,"href":"https:\/\/www.malagacar.com\/fr\/blog\/wp-json\/wp\/v2\/posts\/3001\/revisions\/3013"}],"wp:featuredmedia":[{"embeddable":true,"href":"https:\/\/www.malagacar.com\/fr\/blog\/wp-json\/wp\/v2\/media\/3002"}],"wp:attachment":[{"href":"https:\/\/www.malagacar.com\/fr\/blog\/wp-json\/wp\/v2\/media?parent=3001"}],"wp:term":[{"taxonomy":"category","embeddable":true,"href":"https:\/\/www.malagacar.com\/fr\/blog\/wp-json\/wp\/v2\/categories?post=3001"},{"taxonomy":"post_tag","embeddable":true,"href":"https:\/\/www.malagacar.com\/fr\/blog\/wp-json\/wp\/v2\/tags?post=3001"}],"curies":[{"name":"wp","href":"https:\/\/api.w.org\/{rel}","templated":true}]}}