{"id":415,"date":"2026-08-25T07:38:30","date_gmt":"2026-08-25T05:38:30","guid":{"rendered":"https:\/\/www.malagacar.com\/fr\/blog\/?p=415"},"modified":"2026-08-25T07:38:32","modified_gmt":"2026-08-25T05:38:32","slug":"choses-a-faire-dans-malaga-en-septembre","status":"publish","type":"post","link":"https:\/\/www.malagacar.com\/fr\/blog\/loisirs\/choses-a-faire-dans-malaga-en-septembre\/","title":{"rendered":"Choses \u00e0 faire \u00e0 Malaga en Septembre 2026"},"content":{"rendered":"<p>La chaleur \u00e9touffante d&rsquo;ao\u00fbt diminue lentement et le mois pr\u00e9f\u00e9r\u00e9 de beaucoup de nos clients arrive, septembre. Des prix plus abordables, moins de circulation et des nuits plus fra\u00eeches ne sont que quelques-uns des avantages de voyager sur la Costa del Sol pendant ce mois. D\u00e9couvrez quoi faire \u00e0 Malaga en septembre!<br \/>\n<!--more--><br \/>\n\n            <div class=\"banner\">\n                <div class=\"row\">\n                    <div class=\"col-sm-4\">\n                        <a href=\"\/fr\/location-de-voitures\/quote.php\" data-wpel-link=\"internal\"><img decoding=\"async\" src=\"\/images\/banner-img.jpg\" alt=\"malagacar.com\"><\/a>\n                    <\/div>\n                    <div class=\"col-sm-8\">\n                      <a href=\"\/fr\/location-de-voitures\/quote.php\" class=\"banner-title\" data-wpel-link=\"internal\">Meilleure location de voitures <div>\u00e0 l'a\u00e9roport de Malaga<\/div><\/a>   \n                        <div class=\"row\">\n                            <div class=\"col-sm-7\">\n                                <ul>\n                                    <li>Pas de frais de ravitaillement<\/li>\n                                    <li>Annulation gratuite<\/li>\n                                    <li>Location sans interm\u00e9diaire<\/li>\n                                    <li>Payez lorsque vous prenez la voiture<\/li>\n                                    <li><\/li>\n                                <\/ul>\n                            <\/div>\n                            <div class=\"col-sm-5\">\n                                <a class=\"btn-banner\" href=\"\/fr\/location-de-voitures\/quote.php\" data-wpel-link=\"internal\">Consultez les prix<\/a>\n                                <img decoding=\"async\" class=\"zonturent\" src=\"\/images\/zontu-banner.png\" alt=\"\">\n                            <\/div>\n                        <\/div>\n                    <\/div>\n                 <\/div>  \n            <\/div>\n            <\/p>\n<div id=\"ez-toc-container\" class=\"ez-toc-v2_0_87 counter-hierarchy ez-toc-counter ez-toc-light-blue ez-toc-container-direction\">\n<p class=\"ez-toc-title\" style=\"cursor:inherit\">Table des mati\u00e8res<\/p>\n<label for=\"ez-toc-cssicon-toggle-item-6a9a2d1863c4f\" class=\"ez-toc-cssicon-toggle-label\"><span class=\"\"><span class=\"eztoc-hide\" style=\"display:none;\">Toggle<\/span><span class=\"ez-toc-icon-toggle-span\"><svg style=\"fill: #999;color:#999\" xmlns=\"http:\/\/www.w3.org\/2000\/svg\" class=\"list-377408\" width=\"20px\" height=\"20px\" viewBox=\"0 0 24 24\" fill=\"none\"><path d=\"M6 6H4v2h2V6zm14 0H8v2h12V6zM4 11h2v2H4v-2zm16 0H8v2h12v-2zM4 16h2v2H4v-2zm16 0H8v2h12v-2z\" fill=\"currentColor\"><\/path><\/svg><svg style=\"fill: #999;color:#999\" class=\"arrow-unsorted-368013\" xmlns=\"http:\/\/www.w3.org\/2000\/svg\" width=\"10px\" height=\"10px\" viewBox=\"0 0 24 24\" version=\"1.2\" baseProfile=\"tiny\"><path d=\"M18.2 9.3l-6.2-6.3-6.2 6.3c-.2.2-.3.4-.3.7s.1.5.3.7c.2.2.4.3.7.3h11c.3 0 .5-.1.7-.3.2-.2.3-.5.3-.7s-.1-.5-.3-.7zM5.8 14.7l6.2 6.3 6.2-6.3c.2-.2.3-.5.3-.7s-.1-.5-.3-.7c-.2-.2-.4-.3-.7-.3h-11c-.3 0-.5.1-.7.3-.2.2-.3.5-.3.7s.1.5.3.7z\"\/><\/svg><\/span><\/span><\/label><input type=\"checkbox\"  id=\"ez-toc-cssicon-toggle-item-6a9a2d1863c4f\"  aria-label=\"Toggle\" \/><nav><ul class='ez-toc-list ez-toc-list-level-1 ' ><li class='ez-toc-page-1 ez-toc-heading-level-2'><a class=\"ez-toc-link ez-toc-heading-1\" href=\"https:\/\/www.malagacar.com\/fr\/blog\/loisirs\/choses-a-faire-dans-malaga-en-septembre\/#Malaga_en_septembre_2026\" data-wpel-link=\"internal\">Malaga en septembre 2026<\/a><ul class='ez-toc-list-level-3' ><li class='ez-toc-heading-level-3'><a class=\"ez-toc-link ez-toc-heading-2\" href=\"https:\/\/www.malagacar.com\/fr\/blog\/loisirs\/choses-a-faire-dans-malaga-en-septembre\/#Festival_Luna_Mora_%E2%80%93_Guaro\" data-wpel-link=\"internal\">Festival Luna Mora &#8211; Guaro<\/a><\/li><li class='ez-toc-page-1 ez-toc-heading-level-3'><a class=\"ez-toc-link ez-toc-heading-3\" href=\"https:\/\/www.malagacar.com\/fr\/blog\/loisirs\/choses-a-faire-dans-malaga-en-septembre\/#Foire_%E2%80%93_Maro\" data-wpel-link=\"internal\">Foire &#8211; Maro<\/a><\/li><li class='ez-toc-page-1 ez-toc-heading-level-3'><a class=\"ez-toc-link ez-toc-heading-4\" href=\"https:\/\/www.malagacar.com\/fr\/blog\/loisirs\/choses-a-faire-dans-malaga-en-septembre\/#Semaine_de_la_mode_%E2%80%93_Malaga\" data-wpel-link=\"internal\">Semaine de la mode &#8211; Malaga<\/a><\/li><li class='ez-toc-page-1 ez-toc-heading-level-3'><a class=\"ez-toc-link ez-toc-heading-5\" href=\"https:\/\/www.malagacar.com\/fr\/blog\/loisirs\/choses-a-faire-dans-malaga-en-septembre\/#Journee_des_touristes_%E2%80%93_Mijas\" data-wpel-link=\"internal\">Journ\u00e9e des touristes \u2013 Mijas<\/a><\/li><li class='ez-toc-page-1 ez-toc-heading-level-3'><a class=\"ez-toc-link ez-toc-heading-6\" href=\"https:\/\/www.malagacar.com\/fr\/blog\/loisirs\/choses-a-faire-dans-malaga-en-septembre\/#Oktoberfest_%E2%80%93_Torrox\" data-wpel-link=\"internal\">Oktoberfest \u2013 Torrox<\/a><\/li><li class='ez-toc-page-1 ez-toc-heading-level-3'><a class=\"ez-toc-link ez-toc-heading-7\" href=\"https:\/\/www.malagacar.com\/fr\/blog\/loisirs\/choses-a-faire-dans-malaga-en-septembre\/#World_Wellness_Weekend_%E2%80%93_Marbella\" data-wpel-link=\"internal\">World Wellness Weekend \u2013 Marbella<\/a><\/li><li class='ez-toc-page-1 ez-toc-heading-level-3'><a class=\"ez-toc-link ez-toc-heading-8\" href=\"https:\/\/www.malagacar.com\/fr\/blog\/loisirs\/choses-a-faire-dans-malaga-en-septembre\/#Concert_hommage_Abba_%E2%80%93_Estepona\" data-wpel-link=\"internal\">Concert hommage Abba &#8211; Estepona<\/a><\/li><li class='ez-toc-page-1 ez-toc-heading-level-3'><a class=\"ez-toc-link ez-toc-heading-9\" href=\"https:\/\/www.malagacar.com\/fr\/blog\/loisirs\/choses-a-faire-dans-malaga-en-septembre\/#Enchantement_andalou_%E2%80%93_Carratraca\" data-wpel-link=\"internal\">Enchantement andalou\u00a0&#8211; Carratraca<\/a><\/li><li class='ez-toc-page-1 ez-toc-heading-level-3'><a class=\"ez-toc-link ez-toc-heading-10\" href=\"https:\/\/www.malagacar.com\/fr\/blog\/loisirs\/choses-a-faire-dans-malaga-en-septembre\/#Lumiere_de_la_Lune_%E2%80%93_Antequera\" data-wpel-link=\"internal\">Lumi\u00e8re de la Lune &#8211; Antequera<\/a><\/li><li class='ez-toc-page-1 ez-toc-heading-level-3'><a class=\"ez-toc-link ez-toc-heading-11\" href=\"https:\/\/www.malagacar.com\/fr\/blog\/loisirs\/choses-a-faire-dans-malaga-en-septembre\/#Survival_Zombie_%E2%80%93_Malaga\" data-wpel-link=\"internal\">Survival Zombie \u2013 Malaga<\/a><\/li><li class='ez-toc-page-1 ez-toc-heading-level-3'><a class=\"ez-toc-link ez-toc-heading-12\" href=\"https:\/\/www.malagacar.com\/fr\/blog\/loisirs\/choses-a-faire-dans-malaga-en-septembre\/#Airshow_%E2%80%93_Torre_del_Mar\" data-wpel-link=\"internal\">Airshow &#8211; Torre del Mar<\/a><\/li><li class='ez-toc-page-1 ez-toc-heading-level-3'><a class=\"ez-toc-link ez-toc-heading-13\" href=\"https:\/\/www.malagacar.com\/fr\/blog\/loisirs\/choses-a-faire-dans-malaga-en-septembre\/#Semaine_de_la_mode_%E2%80%93_Estepona\" data-wpel-link=\"internal\">Semaine de la mode &#8211; Estepona<\/a><\/li><li class='ez-toc-page-1 ez-toc-heading-level-3'><a class=\"ez-toc-link ez-toc-heading-14\" href=\"https:\/\/www.malagacar.com\/fr\/blog\/loisirs\/choses-a-faire-dans-malaga-en-septembre\/#Concerts_Candelight_%E2%80%93_Malaga\" data-wpel-link=\"internal\">Concerts Candelight &#8211; Malaga<\/a><\/li><li class='ez-toc-page-1 ez-toc-heading-level-3'><a class=\"ez-toc-link ez-toc-heading-15\" href=\"https:\/\/www.malagacar.com\/fr\/blog\/loisirs\/choses-a-faire-dans-malaga-en-septembre\/#Concerts_Candelight_%E2%80%93_Marbella\" data-wpel-link=\"internal\">Concerts Candelight &#8211; Marbella<\/a><\/li><li class='ez-toc-page-1 ez-toc-heading-level-3'><a class=\"ez-toc-link ez-toc-heading-16\" href=\"https:\/\/www.malagacar.com\/fr\/blog\/loisirs\/choses-a-faire-dans-malaga-en-septembre\/#Pelerinage_de_San_Miguel_%E2%80%93_Torremolinos\" data-wpel-link=\"internal\">P\u00e8lerinage de San Miguel\u00a0&#8211; Torremolinos<\/a><\/li><li class='ez-toc-page-1 ez-toc-heading-level-3'><a class=\"ez-toc-link ez-toc-heading-17\" href=\"https:\/\/www.malagacar.com\/fr\/blog\/loisirs\/choses-a-faire-dans-malaga-en-septembre\/#Foire_de_San_Miguel_%E2%80%93_Torremolinos\" data-wpel-link=\"internal\">Foire de San Miguel &#8211; Torremolinos<\/a><\/li><li class='ez-toc-page-1 ez-toc-heading-level-3'><a class=\"ez-toc-link ez-toc-heading-18\" href=\"https:\/\/www.malagacar.com\/fr\/blog\/loisirs\/choses-a-faire-dans-malaga-en-septembre\/#Foire_%E2%80%93_Mijas_Pueblo\" data-wpel-link=\"internal\">Foire &#8211; Mijas Pueblo<\/a><\/li><li class='ez-toc-page-1 ez-toc-heading-level-3'><a class=\"ez-toc-link ez-toc-heading-19\" href=\"https:\/\/www.malagacar.com\/fr\/blog\/loisirs\/choses-a-faire-dans-malaga-en-septembre\/#Journee_mondiale_du_tourisme_%E2%80%93_Malaga\" data-wpel-link=\"internal\">Journ\u00e9e mondiale du tourisme &#8211; Malaga<\/a><\/li><li class='ez-toc-page-1 ez-toc-heading-level-3'><a class=\"ez-toc-link ez-toc-heading-20\" href=\"https:\/\/www.malagacar.com\/fr\/blog\/loisirs\/choses-a-faire-dans-malaga-en-septembre\/#Semi-marathon_%E2%80%93_Marbella\" data-wpel-link=\"internal\">Semi-marathon &#8211; Marbella<\/a><\/li><li class='ez-toc-page-1 ez-toc-heading-level-3'><a class=\"ez-toc-link ez-toc-heading-21\" href=\"https:\/\/www.malagacar.com\/fr\/blog\/loisirs\/choses-a-faire-dans-malaga-en-septembre\/#Age_dor_Classiques_du_cinema_%E2%80%93_Malaga\" data-wpel-link=\"internal\">\u00c2ge d&rsquo;or Classiques du cin\u00e9ma &#8211; Malaga<\/a><\/li><li class='ez-toc-page-1 ez-toc-heading-level-3'><a class=\"ez-toc-link ez-toc-heading-22\" href=\"https:\/\/www.malagacar.com\/fr\/blog\/loisirs\/choses-a-faire-dans-malaga-en-septembre\/#Pleine_lune_a_Hydros_Spa_%E2%80%93_Benalmadena\" data-wpel-link=\"internal\">Pleine lune \u00e0 Hydros Spa &#8211; Benalmadena<\/a><\/li><li class='ez-toc-page-1 ez-toc-heading-level-3'><a class=\"ez-toc-link ez-toc-heading-23\" href=\"https:\/\/www.malagacar.com\/fr\/blog\/loisirs\/choses-a-faire-dans-malaga-en-septembre\/#Excursion_nocturne_a_lAlhambra_%E2%80%93_Granada\" data-wpel-link=\"internal\">Excursion nocturne \u00e0 l&rsquo;Alhambra &#8211; Granada<\/a><\/li><li class='ez-toc-page-1 ez-toc-heading-level-3'><a class=\"ez-toc-link ez-toc-heading-24\" href=\"https:\/\/www.malagacar.com\/fr\/blog\/loisirs\/choses-a-faire-dans-malaga-en-septembre\/#Itineraire_culturel_au_coucher_du_soleil_%E2%80%93_Casares\" data-wpel-link=\"internal\">Itin\u00e9raire culturel au coucher du soleil &#8211; Casares<\/a><\/li><li class='ez-toc-page-1 ez-toc-heading-level-3'><a class=\"ez-toc-link ez-toc-heading-25\" href=\"https:\/\/www.malagacar.com\/fr\/blog\/loisirs\/choses-a-faire-dans-malaga-en-septembre\/#Afternoon_Tea_a_lhotel_El_Fuerte_%E2%80%93_Marbella\" data-wpel-link=\"internal\">Afternoon Tea \u00e0 l&rsquo;h\u00f4tel El Fuerte \u2013 Marbella<\/a><\/li><li class='ez-toc-page-1 ez-toc-heading-level-3'><a class=\"ez-toc-link ez-toc-heading-26\" href=\"https:\/\/www.malagacar.com\/fr\/blog\/loisirs\/choses-a-faire-dans-malaga-en-septembre\/#Samedis_du_vin_au_musee_%E2%80%93_Malaga\" data-wpel-link=\"internal\">Samedis du vin au mus\u00e9e &#8211; Malaga<\/a><\/li><li class='ez-toc-page-1 ez-toc-heading-level-3'><a class=\"ez-toc-link ez-toc-heading-27\" href=\"https:\/\/www.malagacar.com\/fr\/blog\/loisirs\/choses-a-faire-dans-malaga-en-septembre\/#Visite_nocturne_du_cimetiere_anglais_%E2%80%93_Malaga\" data-wpel-link=\"internal\">Visite nocturne du cimeti\u00e8re anglais &#8211; Malaga<\/a><\/li><li class='ez-toc-page-1 ez-toc-heading-level-3'><a class=\"ez-toc-link ez-toc-heading-28\" href=\"https:\/\/www.malagacar.com\/fr\/blog\/loisirs\/choses-a-faire-dans-malaga-en-septembre\/#Visite_theatrale_de_la_grotte_aux_tresors_%E2%80%93_Rincon_de_la_Victoria\" data-wpel-link=\"internal\">Visite th\u00e9\u00e2trale de la grotte aux tr\u00e9sors &#8211; Rinc\u00f3n de la Victoria<\/a><\/li><li class='ez-toc-page-1 ez-toc-heading-level-3'><a class=\"ez-toc-link ez-toc-heading-29\" href=\"https:\/\/www.malagacar.com\/fr\/blog\/loisirs\/choses-a-faire-dans-malaga-en-septembre\/#Degustation_de_bieres_artisanales_%E2%80%93_Malaga\" data-wpel-link=\"internal\">D\u00e9gustation de bi\u00e8res artisanales &#8211; Malaga<\/a><\/li><li class='ez-toc-page-1 ez-toc-heading-level-3'><a class=\"ez-toc-link ez-toc-heading-30\" href=\"https:\/\/www.malagacar.com\/fr\/blog\/loisirs\/choses-a-faire-dans-malaga-en-septembre\/#Route_des_ammonites_%E2%80%93_Torcal_de_Antequera\" data-wpel-link=\"internal\">Route des ammonites &#8211; Torcal de Antequera<\/a><\/li><\/ul><\/li><li class='ez-toc-page-1 ez-toc-heading-level-2'><a class=\"ez-toc-link ez-toc-heading-31\" href=\"https:\/\/www.malagacar.com\/fr\/blog\/loisirs\/choses-a-faire-dans-malaga-en-septembre\/#Marches_de_rue_a_Malaga_en_septembre\" data-wpel-link=\"internal\">March\u00e9s de rue \u00e0 Malaga en septembre<\/a><ul class='ez-toc-list-level-3' ><li class='ez-toc-heading-level-3'><a class=\"ez-toc-link ez-toc-heading-32\" href=\"https:\/\/www.malagacar.com\/fr\/blog\/loisirs\/choses-a-faire-dans-malaga-en-septembre\/#Marche_de_lartisanat_La_Merced_%E2%80%93_Malaga\" data-wpel-link=\"internal\">March\u00e9 de l&rsquo;artisanat La Merced &#8211; Malaga<\/a><\/li><li class='ez-toc-page-1 ez-toc-heading-level-3'><a class=\"ez-toc-link ez-toc-heading-33\" href=\"https:\/\/www.malagacar.com\/fr\/blog\/loisirs\/choses-a-faire-dans-malaga-en-septembre\/#_Marche_urbain_Soho_%E2%80%93_Malaga\" data-wpel-link=\"internal\">\u00a0March\u00e9 urbain\u00a0Soho &#8211; Malaga<\/a><\/li><li class='ez-toc-page-1 ez-toc-heading-level-3'><a class=\"ez-toc-link ez-toc-heading-34\" href=\"https:\/\/www.malagacar.com\/fr\/blog\/loisirs\/choses-a-faire-dans-malaga-en-septembre\/#Le_marche_des_cimetieres_anglais_%E2%80%93_Malaga\" data-wpel-link=\"internal\">Le march\u00e9 des cimeti\u00e8res anglais \u2013 Malaga<\/a><\/li><li class='ez-toc-page-1 ez-toc-heading-level-3'><a class=\"ez-toc-link ez-toc-heading-35\" href=\"https:\/\/www.malagacar.com\/fr\/blog\/loisirs\/choses-a-faire-dans-malaga-en-septembre\/#Marche_de_rue_%E2%80%93_Puerto_Banus_Marbella\" data-wpel-link=\"internal\">March\u00e9 de rue &#8211; Puerto Banus (Marbella)<\/a><\/li><li class='ez-toc-page-1 ez-toc-heading-level-3'><a class=\"ez-toc-link ez-toc-heading-36\" href=\"https:\/\/www.malagacar.com\/fr\/blog\/loisirs\/choses-a-faire-dans-malaga-en-septembre\/#Marche_artisanal_de_Cartama\" data-wpel-link=\"internal\">March\u00e9 artisanal de C\u00e1rtama<\/a><\/li><li class='ez-toc-page-1 ez-toc-heading-level-3'><a class=\"ez-toc-link ez-toc-heading-37\" href=\"https:\/\/www.malagacar.com\/fr\/blog\/loisirs\/choses-a-faire-dans-malaga-en-septembre\/#Marche_mensuel_%E2%80%93_Corumbela_Axarquia\" data-wpel-link=\"internal\">March\u00e9 mensuel \u2013 Corumbela, Axarqu\u00eda<\/a><\/li><li class='ez-toc-page-1 ez-toc-heading-level-3'><a class=\"ez-toc-link ez-toc-heading-38\" href=\"https:\/\/www.malagacar.com\/fr\/blog\/loisirs\/choses-a-faire-dans-malaga-en-septembre\/#Marche_artisanal_%E2%80%93_Torrox_Pueblo\" data-wpel-link=\"internal\">March\u00e9 artisanal \u2013 Torrox Pueblo<\/a><\/li><li class='ez-toc-page-1 ez-toc-heading-level-3'><a class=\"ez-toc-link ez-toc-heading-39\" href=\"https:\/\/www.malagacar.com\/fr\/blog\/loisirs\/choses-a-faire-dans-malaga-en-septembre\/#Marches_aux_puces_et_marches_de_rue_dans_la_province\" data-wpel-link=\"internal\">March\u00e9s aux puces et march\u00e9s de rue dans la province<\/a><\/li><\/ul><\/li><li class='ez-toc-page-1 ez-toc-heading-level-2'><a class=\"ez-toc-link ez-toc-heading-40\" href=\"https:\/\/www.malagacar.com\/fr\/blog\/loisirs\/choses-a-faire-dans-malaga-en-septembre\/#Visite_des_musees_de_Malaga\" data-wpel-link=\"internal\">Visite des mus\u00e9es de Malaga<\/a><ul class='ez-toc-list-level-3' ><li class='ez-toc-heading-level-3'><a class=\"ez-toc-link ez-toc-heading-41\" href=\"https:\/\/www.malagacar.com\/fr\/blog\/loisirs\/choses-a-faire-dans-malaga-en-septembre\/#Visite_guidee_du_Musee_du_vin_%E2%80%93_Malaga\" data-wpel-link=\"internal\">Visite guid\u00e9e du Mus\u00e9e du vin &#8211; Malaga<\/a><\/li><li class='ez-toc-page-1 ez-toc-heading-level-3'><a class=\"ez-toc-link ez-toc-heading-42\" href=\"https:\/\/www.malagacar.com\/fr\/blog\/loisirs\/choses-a-faire-dans-malaga-en-septembre\/#Visites_guidees_jardin_botanique_historique_de_La_Concepcion_%E2%80%93_Malaga\" data-wpel-link=\"internal\">Visites guid\u00e9es jardin botanique historique de La Concepci\u00f3n &#8211; Malaga<\/a><\/li><li class='ez-toc-page-1 ez-toc-heading-level-3'><a class=\"ez-toc-link ez-toc-heading-43\" href=\"https:\/\/www.malagacar.com\/fr\/blog\/loisirs\/choses-a-faire-dans-malaga-en-septembre\/#Visite_de_la_Brasserie_Victoria_%E2%80%93_Malaga\" data-wpel-link=\"internal\">Visite de la Brasserie Victoria &#8211; Malaga<\/a><\/li><li class='ez-toc-page-1 ez-toc-heading-level-3'><a class=\"ez-toc-link ez-toc-heading-44\" href=\"https:\/\/www.malagacar.com\/fr\/blog\/loisirs\/choses-a-faire-dans-malaga-en-septembre\/#Visites_nocturnes_theatralisees_musee_de_lautomobile_%E2%80%93_Malaga\" data-wpel-link=\"internal\">Visites nocturnes th\u00e9\u00e2tralis\u00e9es mus\u00e9e de l&rsquo;automobile &#8211; Malaga<\/a><\/li><\/ul><\/li><li class='ez-toc-page-1 ez-toc-heading-level-2'><a class=\"ez-toc-link ez-toc-heading-45\" href=\"https:\/\/www.malagacar.com\/fr\/blog\/loisirs\/choses-a-faire-dans-malaga-en-septembre\/#Festivals_gastronomiques_a_Malaga_en_septembre\" data-wpel-link=\"internal\">Festivals gastronomiques \u00e0 Malaga en septembre<\/a><ul class='ez-toc-list-level-3' ><li class='ez-toc-heading-level-3'><a class=\"ez-toc-link ez-toc-heading-46\" href=\"https:\/\/www.malagacar.com\/fr\/blog\/loisirs\/choses-a-faire-dans-malaga-en-septembre\/#Fete_des_vendanges_%E2%80%93_Manilva\" data-wpel-link=\"internal\">F\u00eate des vendanges &#8211; Manilva<\/a><\/li><li class='ez-toc-page-1 ez-toc-heading-level-3'><a class=\"ez-toc-link ez-toc-heading-47\" href=\"https:\/\/www.malagacar.com\/fr\/blog\/loisirs\/choses-a-faire-dans-malaga-en-septembre\/#Festival_de_lanchois_%E2%80%93_Rincon_de_la_Victoria\" data-wpel-link=\"internal\">Festival de l&rsquo;anchois\u00a0&#8211; Rinc\u00f3n de la Victoria<\/a><\/li><li class='ez-toc-page-1 ez-toc-heading-level-3'><a class=\"ez-toc-link ez-toc-heading-48\" href=\"https:\/\/www.malagacar.com\/fr\/blog\/loisirs\/choses-a-faire-dans-malaga-en-septembre\/#Fete_des_Vignobles_%E2%80%93_Moclinejo\" data-wpel-link=\"internal\">F\u00eate des Vignobles \u2013 Moclinejo<\/a><\/li><li class='ez-toc-page-1 ez-toc-heading-level-3'><a class=\"ez-toc-link ez-toc-heading-49\" href=\"https:\/\/www.malagacar.com\/fr\/blog\/loisirs\/choses-a-faire-dans-malaga-en-septembre\/#Gout_de_Competa_%E2%80%93_Competa\" data-wpel-link=\"internal\">Go\u00fbt de C\u00f3mpeta &#8211; C\u00f3mpeta<\/a><\/li><li class='ez-toc-page-1 ez-toc-heading-level-3'><a class=\"ez-toc-link ez-toc-heading-50\" href=\"https:\/\/www.malagacar.com\/fr\/blog\/loisirs\/choses-a-faire-dans-malaga-en-septembre\/#Journee_de_lamande_%E2%80%93_Almogia\" data-wpel-link=\"internal\">Journ\u00e9e de l&rsquo;amande &#8211; Almog\u00eda<\/a><\/li><li class='ez-toc-page-1 ez-toc-heading-level-3'><a class=\"ez-toc-link ez-toc-heading-51\" href=\"https:\/\/www.malagacar.com\/fr\/blog\/loisirs\/choses-a-faire-dans-malaga-en-septembre\/#Journee_du_raisin_%E2%80%93_El_Borge\" data-wpel-link=\"internal\">Journ\u00e9e du raisin &#8211; El Borge<\/a><\/li><li class='ez-toc-page-1 ez-toc-heading-level-3'><a class=\"ez-toc-link ez-toc-heading-52\" href=\"https:\/\/www.malagacar.com\/fr\/blog\/loisirs\/choses-a-faire-dans-malaga-en-septembre\/#Fete_du_raisin_%E2%80%93_La_Vinuela\" data-wpel-link=\"internal\">F\u00eate du raisin &#8211; La Vi\u00f1uela<\/a><\/li><li class='ez-toc-page-1 ez-toc-heading-level-3'><a class=\"ez-toc-link ez-toc-heading-53\" href=\"https:\/\/www.malagacar.com\/fr\/blog\/loisirs\/choses-a-faire-dans-malaga-en-septembre\/#Fete_des_recoltes_%E2%80%93_Mollina\" data-wpel-link=\"internal\">F\u00eate des r\u00e9coltes &#8211; Mollina<\/a><\/li><li class='ez-toc-page-1 ez-toc-heading-level-3'><a class=\"ez-toc-link ez-toc-heading-54\" href=\"https:\/\/www.malagacar.com\/fr\/blog\/loisirs\/choses-a-faire-dans-malaga-en-septembre\/#Ajoblanco_Festival_%E2%80%93_Almachar\" data-wpel-link=\"internal\">Ajoblanco Festival &#8211; Alm\u00e1char<\/a><\/li><li class='ez-toc-page-1 ez-toc-heading-level-3'><a class=\"ez-toc-link ez-toc-heading-55\" href=\"https:\/\/www.malagacar.com\/fr\/blog\/loisirs\/choses-a-faire-dans-malaga-en-septembre\/#Fete_de_lolive_%E2%80%93_Alozaina\" data-wpel-link=\"internal\">F\u00eate de l&rsquo;olive &#8211; Alozaina<\/a><\/li><li class='ez-toc-page-1 ez-toc-heading-level-3'><a class=\"ez-toc-link ez-toc-heading-56\" href=\"https:\/\/www.malagacar.com\/fr\/blog\/loisirs\/choses-a-faire-dans-malaga-en-septembre\/#Festival_de_la_chevre_de_Malaga_%E2%80%93_Casabermeja\" data-wpel-link=\"internal\">Festival de la ch\u00e8vre de Malaga \u2013 Casabermeja<\/a><\/li><\/ul><\/li><li class='ez-toc-page-1 ez-toc-heading-level-2'><a class=\"ez-toc-link ez-toc-heading-57\" href=\"https:\/\/www.malagacar.com\/fr\/blog\/loisirs\/choses-a-faire-dans-malaga-en-septembre\/#Le_temps_a_Malaga_en_septembre\" data-wpel-link=\"internal\">Le temps \u00e0 Malaga en septembre<\/a><ul class='ez-toc-list-level-3' ><li class='ez-toc-heading-level-3'><a class=\"ez-toc-link ez-toc-heading-58\" href=\"https:\/\/www.malagacar.com\/fr\/blog\/loisirs\/choses-a-faire-dans-malaga-en-septembre\/#Quel_genre_de_vetements_dois-je_apporter\" data-wpel-link=\"internal\">Quel genre de v\u00eatements dois-je apporter ?<\/a><\/li><\/ul><\/li><\/ul><\/nav><\/div>\n<h2><span class=\"ez-toc-section\" id=\"Malaga_en_septembre_2026\"><\/span>Malaga en septembre 2026<span class=\"ez-toc-section-end\"><\/span><\/h2>\n<h3><span class=\"ez-toc-section\" id=\"Festival_Luna_Mora_%E2%80%93_Guaro\"><\/span>Festival Luna Mora &#8211; Guaro<span class=\"ez-toc-section-end\"><\/span><\/h3>\n<p>Une fois de plus, le village blanc de Guaro accueille la 28e \u00e9dition du festival Luna Mora, transportant les visiteurs \u00e0 l&rsquo;\u00e9poque d&rsquo;Al-Andalus et de ses cultures hispanique, arabe et s\u00e9farade.<\/p>\n<p>Au programme : musique, march\u00e9 artisanal, d\u00e9fil\u00e9s de rue, ateliers, expositions, contes et une grande vari\u00e9t\u00e9 de d\u00e9lices culinaires, le tout<strong> illumin\u00e9 par la lueur de 25 000 bougies<\/strong>.<\/p>\n<p>Regardez cette vid\u00e9o pour d\u00e9couvrir ce qui vous attend.<\/p>\n<p><iframe loading=\"lazy\" title=\"Festival de la Luna Mora de Guaro - Viaja M\u00e1laga\" src=\"https:\/\/www.youtube.com\/embed\/aymPgrMD0RE\" width=\"696\" height=\"391\" frameborder=\"0\" allowfullscreen=\"allowfullscreen\"><\/iframe><\/p>\n<p>Une zone d&rsquo;acc\u00e8s et de stationnement sp\u00e9cifique sera am\u00e9nag\u00e9e.<\/p>\n<ul>\n<li>Lieu : Guaro<\/li>\n<li>O\u00f9 : 11 et 12 septembre<\/li>\n<li><a href=\"https:\/\/goo.gl\/maps\/MGJW9osa4nxoEYNc9\" data-wpel-link=\"external\" rel=\"external noopener noreferrer\"><strong>Comment s&rsquo;y rendre<\/strong><\/a><\/li>\n<\/ul>\n<h3><span class=\"ez-toc-section\" id=\"Foire_%E2%80%93_Maro\"><\/span>Foire &#8211; Maro<span class=\"ez-toc-section-end\"><\/span><\/h3>\n<figure id=\"attachment_18073\" aria-describedby=\"caption-attachment-18073\" style=\"width: 770px\" class=\"wp-caption alignnone\"><img loading=\"lazy\" decoding=\"async\" class=\"size-full wp-image-18073\" src=\"https:\/\/www.malagacar.com\/sp\/blog\/wp-content\/uploads\/2025\/08\/Feria-Maro-Credit-Ayuntamiento-Nerja.jpeg\" alt=\"Feria - Maro\" width=\"770\" height=\"480\" \/><figcaption id=\"caption-attachment-18073\" class=\"wp-caption-text\">Procession de la Vierge des Maravillas pendant la f\u00eate. Photo : Mairie de Nerja.<\/figcaption><\/figure>\n<p>Venez d\u00e9couvrir la f\u00eate de la petite localit\u00e9 de Maro, situ\u00e9e \u00e0 quelques kilom\u00e8tres seulement de Nerja. Les festivit\u00e9s en l&rsquo;honneur de la Virgen de las Maravillas s&rsquo;y d\u00e9rouleront du 5 au 8 septembre, avec un programme d&rsquo;activit\u00e9s pour tous les \u00e2ges.<\/p>\n<p>Au menu : la procession de la Vierge, des concerts, des groupes de musique, des spectacles de danse, des \u00e9v\u00e9nements \u00e9questres et sportifs, ainsi que des d\u00e9gustations culinaires.<\/p>\n<ul>\n<li>Dates : du 5 au 8 septembre<\/li>\n<li>O\u00f9 : Maro (Nerja)<\/li>\n<li><a href=\"https:\/\/maps.app.goo.gl\/7vup4BfP2YFKjKUm8\" data-wpel-link=\"external\" rel=\"external noopener noreferrer\"><strong>Comment s&rsquo;y rendre<\/strong><\/a><\/li>\n<\/ul>\n<h3><span class=\"ez-toc-section\" id=\"Semaine_de_la_mode_%E2%80%93_Malaga\"><\/span>Semaine de la mode &#8211; Malaga<span class=\"ez-toc-section-end\"><\/span><\/h3>\n<p><a href=\"https:\/\/www.malagacar.com\/sp\/blog\/wp-content\/uploads\/2016\/08\/pasarela-larios.jpg\" data-wpel-link=\"internal\"><img loading=\"lazy\" decoding=\"async\" class=\"alignnone wp-image-5616 size-full\" src=\"https:\/\/www.malagacar.com\/sp\/blog\/wp-content\/uploads\/2016\/08\/pasarela-larios.jpg\" alt=\"Pasarela Larios \/ Fashion Week M\u00e1laga\" width=\"604\" height=\"340\" \/><\/a><\/p>\n<p>Une nouvelle \u00e9dition de Pasarela Larios, le plus long d\u00e9fil\u00e9 haute couture d&rsquo;Europe, s&rsquo;\u00e9tendant sur 300 m\u00e8tres le long de la Calle Larios en plein air, aura lieu les 25 et 26 septembre.<\/p>\n<p>L&rsquo;\u00e9v\u00e9nement, qui en est \u00e0 sa 15e \u00e9dition, attire chaque jour plus de 15 000 personnes. Cette Fashion Week Pasarela Larios M\u00e1laga r\u00e9unira des cr\u00e9ateurs de trois continents :<\/p>\n<p>Mona Al Mansouri, Btisam Dahane, La Gioconda Novias, Kaba Fashion Style, Allure Beldi, Juan Carlos Armas, F\u00e9lix Ramiro, It Spain, \u00c1ngel Schlesser, ByVel, Nati Rudnitskaya, Mar\u00eda Diezma, Susana Hidalgo, Luc\u00eda Cano, \u00c1gatha Ruiz de la Prada, Hard Rock Cafe et Harper &amp; Neyer.<\/p>\n<p><iframe loading=\"lazy\" title=\"Resumen Pasarela Larios M\u00e1laga Fashion Week 2023\" src=\"https:\/\/www.youtube.com\/embed\/e5OBi2r6e9k\" width=\"1234\" height=\"694\" frameborder=\"0\" allowfullscreen=\"allowfullscreen\"><\/iframe><\/p>\n<ul>\n<li><a href=\"http:\/\/pasarelalarios.es\/\" data-wpel-link=\"external\" rel=\"external noopener noreferrer\"><strong>Site officiel<\/strong><\/a><\/li>\n<li>Dates : 25 et 26 septembre, 20 h 30<\/li>\n<li>O\u00fa : Calle Larios, M\u00e1laga<\/li>\n<li><a href=\"https:\/\/goo.gl\/maps\/gTyNMHkHCcLVFRPD9\" data-wpel-link=\"external\" rel=\"external noopener noreferrer\"><strong>Comment s&rsquo;y rendre<\/strong><\/a><\/li>\n<\/ul>\n<h3><span class=\"ez-toc-section\" id=\"Journee_des_touristes_%E2%80%93_Mijas\"><\/span>Journ\u00e9e des touristes \u2013 Mijas<span class=\"ez-toc-section-end\"><\/span><\/h3>\n<p><img loading=\"lazy\" decoding=\"async\" class=\"alignnone wp-image-4921\" src=\"https:\/\/www.malagacar.com\/sp\/blog\/wp-content\/uploads\/2015\/08\/Mijas-Tourist-760x1024.jpg\" alt=\"D\u00eda del Turista Mijas\" width=\"476\" height=\"641\" \/><\/p>\n<p>Le village blanc de Mijas, situ\u00e9 \u00e0 seulement 7 km de Fuengirola, rendra hommage aux touristes le 24 septembre.<\/p>\n<p>L&rsquo;\u00e9v\u00e9nement se d\u00e9roulera sur la Plaza Virgen de la Pe\u00f1a \u00e0 partir de 12 h 00 et proposera un spectacle de flamenco ainsi qu&rsquo;une d\u00e9gustation gratuite de paella.<\/p>\n<p>Un service de navette sera mis en place pour faciliter l&rsquo;acc\u00e8s des participants.<\/p>\n<p><img loading=\"lazy\" decoding=\"async\" class=\"alignnone wp-image-18161\" src=\"https:\/\/www.malagacar.com\/sp\/blog\/wp-content\/uploads\/2025\/08\/dia-turista-mijas.jpg\" alt=\"D\u00eda del Turista Mijas \" width=\"480\" height=\"673\" \/><\/p>\n<ul>\n<li>Quand : 24 septembre<\/li>\n<li>O\u00f9 : Plaza Virgen de la Pe\u00f1a, Mijas Pueblo<\/li>\n<li><a href=\"https:\/\/maps.app.goo.gl\/nRf4hWeeLTeHWrhp6\" data-wpel-link=\"external\" rel=\"external noopener noreferrer\"><strong>Comment s&rsquo;y rendre<\/strong><\/a><\/li>\n<\/ul>\n<h3><span class=\"ez-toc-section\" id=\"Oktoberfest_%E2%80%93_Torrox\"><\/span>Oktoberfest \u2013 Torrox<span class=\"ez-toc-section-end\"><\/span><\/h3>\n<figure id=\"attachment_19915\" aria-describedby=\"caption-attachment-19915\" style=\"width: 750px\" class=\"wp-caption alignnone\"><img loading=\"lazy\" decoding=\"async\" class=\"size-large wp-image-19915\" src=\"https:\/\/www.malagacar.com\/sp\/blog\/wp-content\/uploads\/2025\/08\/Oktoberfest-Torrox-Credit-CostadelSol-online-1024x682.jpg\" alt=\"Oktoberfest Torrox\" width=\"750\" height=\"500\" \/><figcaption id=\"caption-attachment-19915\" class=\"wp-caption-text\">Credit CostadelSol online<\/figcaption><\/figure>\n<p>Chaque ann\u00e9e, Torrox c\u00e9l\u00e8bre son propre Oktoberfest unique, inspir\u00e9 du c\u00e9l\u00e8bre Oktoberfest.<\/p>\n<p>Du 24 au 27 septembre, le parking adjacent \u00e0 l&rsquo;h\u00f4tel Iberostar accueillera un programme riche en gastronomie, musique live et ambiance allemande.<\/p>\n<p>L&rsquo;Oktoberfest de Torrox est d\u00e9j\u00e0 l&rsquo;une des plus importantes d&rsquo;Europe du Sud et rend hommage aux nombreux Allemands qui ont v\u00e9cu \u00e0 Torrox depuis les ann\u00e9es 1970.<\/p>\n<p>Cette ann\u00e9e, des groupes de rock, de la musique festive et des DJ animeront les soir\u00e9es, ainsi que des groupes allemands sp\u00e9cialis\u00e9s dans l&rsquo;Oktoberfest.<\/p>\n<p>L&rsquo;offre gastronomique comprend \u00e9galement un large choix de bi\u00e8res blanches typiques, de bi\u00e8res blondes allemandes, de bi\u00e8res internationales et de bi\u00e8res artisanales.<\/p>\n<ul>\n<li>Quand : Du 24 au 27 septembre<\/li>\n<li>O\u00f9 : Torrox<\/li>\n<li><a href=\"https:\/\/maps.app.goo.gl\/k3yUoBLjamrrb9Kc9\" data-wpel-link=\"external\" rel=\"external noopener noreferrer\"><strong>Comment s&rsquo;y rendre<\/strong><\/a><\/li>\n<\/ul>\n<h3><span class=\"ez-toc-section\" id=\"World_Wellness_Weekend_%E2%80%93_Marbella\"><\/span>World Wellness Weekend \u2013 Marbella<span class=\"ez-toc-section-end\"><\/span><\/h3>\n<p><img loading=\"lazy\" decoding=\"async\" class=\"alignnone size-large wp-image-19882\" src=\"https:\/\/www.malagacar.com\/sp\/blog\/wp-content\/uploads\/2025\/08\/welness-weekend-marbella-1024x288.jpg\" alt=\"World Wellness Weekend \u2013 Marbella\u00a0\" width=\"750\" height=\"211\" \/><\/p>\n<p>Du 18 au 20 septembre, Marbella accueillera la 10e \u00e9dition du World Wellness Weekend. Organis\u00e9 simultan\u00e9ment dans 155 pays, l&rsquo;\u00e9v\u00e9nement propose plus d&rsquo;une centaine d&rsquo;activit\u00e9s gratuites.<\/p>\n<p>Les principales sc\u00e8nes seront la Promenade San Pedro et l&rsquo;Avenida del Mediterr\u00e1neo, avec divers espaces th\u00e9matiques tels que le yoga, le Pilates, les massages, l&rsquo;aromath\u00e9rapie et les techniques \u00e9nerg\u00e9tiques.<br \/>\nDe nombreuses activit\u00e9s familiales seront \u00e9galement propos\u00e9es, et la sc\u00e8ne principale accueillera des cours de danse du monde, des spectacles et des concerts.<\/p>\n<ul>\n<li>Entr\u00e9e libre<\/li>\n<li>Quand : du 18 au 20 septembre<\/li>\n<li>O\u00f9\u00a0: <a href=\"https:\/\/maps.app.goo.gl\/3LWEceokXhogkmMq6\" data-wpel-link=\"external\" rel=\"external noopener noreferrer\"><strong>Promenade du bord de mer de San Pedro<\/strong><\/a> et <a href=\"https:\/\/maps.app.goo.gl\/BJWbENEifqd8XfKu9\" data-wpel-link=\"external\" rel=\"external noopener noreferrer\"><strong>Avenue del Mediterr\u00e1neo<\/strong><\/a>, San Pedro de Alc\u00e1ntara, Marbella<\/li>\n<\/ul>\n<h3><span class=\"ez-toc-section\" id=\"Concert_hommage_Abba_%E2%80%93_Estepona\"><\/span>Concert hommage Abba &#8211; Estepona<span class=\"ez-toc-section-end\"><\/span><\/h3>\n<p><img loading=\"lazy\" decoding=\"async\" class=\"alignnone wp-image-19883\" src=\"https:\/\/www.malagacar.com\/sp\/blog\/wp-content\/uploads\/2025\/08\/Abba-teatro-Estepona-819x1024.jpg\" alt=\"Concierto Tributo Abba - Estepona\" width=\"468\" height=\"585\" \/><\/p>\n<p>Le Th\u00e9\u00e2tre-Auditorium Felipe VI d&rsquo;Estepona accueillera ce spectacle en tourn\u00e9e tr\u00e8s appr\u00e9ci\u00e9, un hommage au groupe l\u00e9gendaire ABBA.<\/p>\n<p>Le spectacle dynamique \u00ab GENERATION ABBA \u00bb propose une interpr\u00e9tation authentique et fid\u00e8le de la musique d&rsquo;ABBA, faisant revivre l&rsquo;euphorie de l&rsquo;\u00e8re disco gr\u00e2ce \u00e0 des voix en direct et aux plus grands succ\u00e8s du groupe.<\/p>\n<ul>\n<li><a href=\"https:\/\/www.giglon.com\/todos?idEvent=generation-abba-estepona\" data-wpel-link=\"external\" rel=\"external noopener noreferrer\"><strong>Billets<\/strong><\/a><\/li>\n<li>Date : 13 septembre \u00e0 19 h<\/li>\n<li>O\u00f9 : Teatro Auditorio Felipe VI, Estepona<\/li>\n<li><a href=\"https:\/\/maps.app.goo.gl\/v7EzAYcvLDTcjteC8\" data-wpel-link=\"external\" rel=\"external noopener noreferrer\"><strong>Comment s&rsquo;y rendre<\/strong><\/a><\/li>\n<\/ul>\n<h3><span class=\"ez-toc-section\" id=\"Enchantement_andalou_%E2%80%93_Carratraca\"><\/span>Enchantement andalou\u00a0&#8211; Carratraca<span class=\"ez-toc-section-end\"><\/span><\/h3>\n<p><img loading=\"lazy\" decoding=\"async\" class=\"alignnone wp-image-19885\" src=\"https:\/\/www.malagacar.com\/sp\/blog\/wp-content\/uploads\/2025\/08\/embrujo-andalusi-carratraca-1-723x1024.jpg\" alt=\"Embrujo Andalus\u00ed - Carratraca\" width=\"464\" height=\"657\" \/><\/p>\n<p>Le village blanc de Carratraca rend \u00e0 nouveau hommage \u00e0 son pass\u00e9 andalou du 4 au 6 septembre. Durant ces trois jours, le village \u2014 qui compte moins de 800 habitants et se situe \u00e0 550 m\u00e8tres d&rsquo;altitude, sur les contreforts de la Serran\u00eda de Ronda \u2014 vivra des nuits f\u00e9eriques :<\/p>\n<p>Les rues seront illumin\u00e9es par 15 000 bougies et torches. Au programme : un souk arabe, des d\u00e9fil\u00e9s de danse andalouse, des expositions ainsi que des stands proposant gastronomie et artisanat.<\/p>\n<p>Des concerts auront \u00e9galement lieu dans les ar\u00e8nes.<\/p>\n<ul>\n<li>Dates : du 4 au 6 septembre<\/li>\n<li>O\u00f9 : Carratraca<\/li>\n<li><a href=\"https:\/\/maps.app.goo.gl\/G7ZyJF8ZS1Ab4cya9\" data-wpel-link=\"external\" rel=\"external noopener noreferrer\"><strong>Comment s&rsquo;y rendre<\/strong><\/a><\/li>\n<\/ul>\n<h3><span class=\"ez-toc-section\" id=\"Lumiere_de_la_Lune_%E2%80%93_Antequera\"><\/span>Lumi\u00e8re de la Lune &#8211; Antequera<span class=\"ez-toc-section-end\"><\/span><\/h3>\n<p><img loading=\"lazy\" decoding=\"async\" class=\"alignnone size-full wp-image-19733\" src=\"https:\/\/www.malagacar.com\/sp\/blog\/wp-content\/uploads\/2025\/08\/luz-de-luna-antequera.jpg\" alt=\"Luz de Luna - Antequera\" width=\"588\" height=\"536\" \/><\/p>\n<p>Antequera accueillera cet \u00e9t\u00e9 une nouvelle \u00e9dition de \u00ab Luz de Luna \u00bb. Cet \u00e9v\u00e9nement, qui se d\u00e9roule habituellement du 1er juillet au 30 septembre, allie culture, histoire, musique, gastronomie et nature.<\/p>\n<p>Parmi les temps forts de cette ann\u00e9e : observation des \u00e9toiles \u00e0 <a href=\"https:\/\/www.malagacar.com\/fr\/blog\/loisirs\/torcal-de-antequera\/\" data-wpel-link=\"internal\"><strong>El Torcal<\/strong><\/a>, visites d&rsquo;\u00e9glises comme Santo Domingo, le festival culinaire \u00ab Paladares de Antequera \u00bb, yoga \u00e0 l&rsquo;Alcazaba, escape game, visites guid\u00e9es sur le th\u00e8me des l\u00e9gendes, d\u00e9gustations d&rsquo;huile d&rsquo;olive, exp\u00e9riences gastronomiques et visites panoramiques.<\/p>\n<p>Le programme comprend \u00e9galement des concerts de musique indie et de blues, ainsi que le tr\u00e8s attendu Festival des Lumi\u00e8res d&rsquo;Antequera, un \u00e9v\u00e9nement incontournable qui aura lieu les 17 et 18 juillet.<\/p>\n<p>Voici toutes les dates et le <a href=\"https:\/\/www.antequera.es\/export\/sites\/ayto-antequera\/Destacados\/.galleries\/Descargas\/2026\/PROGRAMA-LUZ-DE-LUNA-2026_RRSS.pdf\" data-wpel-link=\"external\" rel=\"external noopener noreferrer\"><strong>programme complet<\/strong><\/a>.<\/p>\n<ul>\n<li><a href=\"https:\/\/maps.app.goo.gl\/q6zWnGSDP3vDoR849\" data-wpel-link=\"external\" rel=\"external noopener noreferrer\"><strong>Comment s&rsquo;y rendre<\/strong><\/a><\/li>\n<\/ul>\n<h3><span class=\"ez-toc-section\" id=\"Survival_Zombie_%E2%80%93_Malaga\"><\/span>Survival Zombie \u2013 Malaga<span class=\"ez-toc-section-end\"><\/span><\/h3>\n<p><img loading=\"lazy\" decoding=\"async\" class=\"alignnone wp-image-19887\" src=\"https:\/\/www.malagacar.com\/sp\/blog\/wp-content\/uploads\/2025\/08\/Survival-zombie-728x1024.jpg\" alt=\"Survival Zombie \u2013 M\u00e1laga\" width=\"502\" height=\"706\" \/><\/p>\n<p>Une nuit unique et terrifiante attend les amateurs de bandes dessin\u00e9es et de zombies \u00e0 Malaga.<\/p>\n<p>Le centre commercial en plein air <a href=\"https:\/\/www.malagacar.com\/fr\/blog\/aeroport-de-malaga\/centre-commercial-malaga-aeroport\/\" data-wpel-link=\"internal\"><strong>Plaza Mayor<\/strong><\/a>, situ\u00e9 \u00e0 2 km de l&rsquo;a\u00e9roport de Malaga, accueillera pour la deuxi\u00e8me fois le jeu grandeur nature \u00ab Survival Zombie \u00bb.<\/p>\n<p>\u00ab Survival Zombie \u00bb est le plus grand jeu de r\u00f4le grandeur nature d&rsquo;Europe, con\u00e7u pour un public de tous \u00e2ges. Il s&rsquo;agit d&rsquo;une exp\u00e9rience immersive se d\u00e9roulant dans un d\u00e9cor apocalyptique spectaculaire, durant six heures \u2014 de la tomb\u00e9e de la nuit jusqu&rsquo;\u00e0 l&rsquo;aube.<\/p>\n<p>Vous devrez courir, vous cacher, relever des d\u00e9fis physiques et mentaux, r\u00e9soudre des \u00e9nigmes et, surtout, survivre. L&rsquo;\u00e9v\u00e9nement r\u00e9unira plus de 40 acteurs professionnels, des effets sp\u00e9ciaux dignes du cin\u00e9ma, des maquillages r\u00e9alistes et des d\u00e9cors spectaculaires qui transformeront Plaza Mayor en un v\u00e9ritable champ de bataille entre humains et zombies.<\/p>\n<p>\u00cates-vous pr\u00eat \u00e0 relever le d\u00e9fi ?<\/p>\n<ul>\n<li><a href=\"https:\/\/survivalzombie.es\/survival\/la-noche-de-los-muertos-vivientes-malaga-plaza-mayor\/\" data-wpel-link=\"external\" rel=\"external noopener noreferrer\"><strong>Billets<\/strong><\/a><\/li>\n<li>Date : 26 septembre, de 22 h \u00e0 4 h<\/li>\n<li>O\u00f9 : Plaza Mayor, M\u00e1laga<\/li>\n<li><a href=\"https:\/\/maps.app.goo.gl\/q7smB19BNpvKnqwR6\" data-wpel-link=\"external\" rel=\"external noopener noreferrer\"><strong>Comment s&rsquo;y rendre<\/strong><\/a><\/li>\n<\/ul>\n<h3><span class=\"ez-toc-section\" id=\"Airshow_%E2%80%93_Torre_del_Mar\"><\/span>Airshow &#8211; Torre del Mar<span class=\"ez-toc-section-end\"><\/span><\/h3>\n<p><img loading=\"lazy\" decoding=\"async\" class=\"alignnone size-full wp-image-19889\" src=\"https:\/\/www.malagacar.com\/sp\/blog\/wp-content\/uploads\/2025\/08\/Airshow-Torre-del-Mar.jpg\" alt=\"Airshow - Torre del Mar\" width=\"509\" height=\"720\" \/><\/p>\n<p>La 11e \u00e9dition du meeting a\u00e9rien de Torre del Mar se tiendra du 4 au 6 septembre. Cet \u00e9v\u00e9nement tout public, qui attire chaque ann\u00e9e plus de 30 000 spectateurs venus du monde entier, m\u00eale aviation civile et militaire.<\/p>\n<p>C&rsquo;est l&rsquo;occasion d&rsquo;admirer les meilleurs pilotes de voltige au monde, le tout depuis la plage de Torre del Mar.<\/p>\n<h4>Notre conseil<\/h4>\n<p>Vous pouvez profiter du spectacle a\u00e9rien depuis n&rsquo;importe quel point de la plage de Torre del Mar, mais si vous souhaitez b\u00e9n\u00e9ficier d&rsquo;une vue id\u00e9ale sur les acrobaties, nous vous recommandons la zone \u00ab Biblioplaya \u00bb.<\/p>\n<ul>\n<li>Plus d&rsquo;informations sur le <a href=\"https:\/\/festivalaereotorredelmar.com\/\" data-wpel-link=\"external\" rel=\"external noopener noreferrer\"><strong>site officiel<\/strong><\/a><\/li>\n<li>Dates : du 4 au 6 septembre<\/li>\n<li>O\u00f9 : Plage de Torre del Mar<\/li>\n<li><a href=\"https:\/\/maps.app.goo.gl\/6RzinjTh9QmEe3K77\" data-wpel-link=\"external\" rel=\"external noopener noreferrer\"><strong>Comment s&rsquo;y rendre<\/strong><\/a><\/li>\n<\/ul>\n<h3><span class=\"ez-toc-section\" id=\"Semaine_de_la_mode_%E2%80%93_Estepona\"><\/span>Semaine de la mode &#8211; Estepona<span class=\"ez-toc-section-end\"><\/span><\/h3>\n<p><img loading=\"lazy\" decoding=\"async\" class=\"alignnone size-large wp-image-15910\" src=\"https:\/\/www.malagacar.com\/sp\/blog\/wp-content\/uploads\/2023\/08\/semana-moda-estepona-1024x684.jpg\" alt=\"semana moda estepona\" width=\"750\" height=\"501\" \/><\/p>\n<p>Le Parc botanique et la Serre aux orchid\u00e9es accueillent la 10e \u00e9dition de la Fashion Week du 23 au 26 septembre.<\/p>\n<p>Les d\u00e9fil\u00e9s sont accompagn\u00e9s de spectacles en direct.<\/p>\n<ul>\n<li>Dates : Du 23 au 26 septembre, \u00e0 20 h<\/li>\n<li>O\u00f9 : Parc botanique et serre aux orchid\u00e9es d&rsquo;Estepona<\/li>\n<li><a href=\"https:\/\/goo.gl\/maps\/uHyjyv2RZLHtRUUH9\" data-wpel-link=\"external\" rel=\"external noopener noreferrer\"><strong>Comment s&rsquo;y rendre<\/strong><\/a><\/li>\n<\/ul>\n<h3><span class=\"ez-toc-section\" id=\"Concerts_Candelight_%E2%80%93_Malaga\"><\/span>Concerts Candelight &#8211; Malaga<span class=\"ez-toc-section-end\"><\/span><\/h3>\n<p><a href=\"https:\/\/www.malagacar.com\/sp\/blog\/wp-content\/uploads\/2020\/01\/IMG_20211122_083656_009.jpg\" data-wpel-link=\"internal\"><img loading=\"lazy\" decoding=\"async\" class=\"alignnone wp-image-10160\" src=\"https:\/\/www.malagacar.com\/sp\/blog\/wp-content\/uploads\/2020\/01\/IMG_20211122_083656_009-768x1024.jpg\" alt=\"\" width=\"452\" height=\"602\" \/><\/a><\/p>\n<p>Dans la salle de concert Mar\u00eda Cristina, un monast\u00e8re franciscain du XVe si\u00e8cle situ\u00e9 au c\u0153ur de Malaga, \u00e0 l&rsquo;acoustique exceptionnelle et \u00e0 la beaut\u00e9 unique.<\/p>\n<p>R\u00e9cemment, de plus en plus de lieux uniques de Malaga se sont joints \u00e0 cette exp\u00e9rience, comme le mus\u00e9e Carmen Thyssen et maintenant le Gran Hotel Miramar.<\/p>\n<p>Nous vous recommandons personnellement cette exp\u00e9rience de concerts classiques et d&rsquo;hommages \u00e0 la lumi\u00e8re des bougies.<\/p>\n<p><strong>Hommage au Seigneur des Anneaux<\/strong> au Gran Hotel Miramar, le 5 septembre<br \/>\n<strong>Hommage \u00e0 Hans Zimmer<\/strong> au Gran Hotel Miramar, le 6 septembre<br \/>\n<strong>Les Quatre Saisons<\/strong> de Vivaldi au Gran Hotel Miramar, le 6 septembre<br \/>\n<strong>Chansons d&rsquo;amour Disney<\/strong> au Gran Hotel Miramar, les 10 et 20 septembre<br \/>\n<strong>Hommage \u00e0 Mecano<\/strong> au Gran Hotel Miramar, le 13 septembre<br \/>\n<strong>Hommage \u00e0 La Ley Innata<\/strong> au Gran Hotel Miramar, le 13 septembre<br \/>\n<strong>Queen contre ABBA<\/strong> \u00e0 la Sala M\u00aa Cristina, le 18 septembre<br \/>\n<strong>Coldplay et Imagine Dragons<\/strong> \u00e0 la Sala M\u00aa Cristina, le 18 septembre<\/p>\n<ul>\n<li>Billets \u00e0 <a href=\"https:\/\/feverup.com\/malaga\/candlelight?utm_content=candlelight&amp;utm_source=malagasecreta&amp;utm_medium=post&amp;utm_term=cta3\" data-wpel-link=\"external\" rel=\"external noopener noreferrer\"><strong>Feverup<\/strong><\/a><\/li>\n<li>O\u00f9 : <a href=\"https:\/\/maps.app.goo.gl\/BACwA2S7rGRWoCWWA\" data-wpel-link=\"external\" rel=\"external noopener noreferrer\"><strong>Sala de Conciertos Mar\u00eda Cristina<\/strong><\/a>, <a href=\"https:\/\/maps.app.goo.gl\/fL8iZoUwDAsAEMzL8\" data-wpel-link=\"external\" rel=\"external noopener noreferrer\"><strong>Museo Carmen Thyssen,<\/strong><\/a> <a href=\"https:\/\/maps.app.goo.gl\/72v8MZ3kaGEw7Kc17\" data-wpel-link=\"external\" rel=\"external noopener noreferrer\"><strong>Gran Hotel Miramar<\/strong><\/a>, <a href=\"https:\/\/maps.app.goo.gl\/kyQacJ5dPcu33NXZ6\" data-wpel-link=\"external\" rel=\"external noopener noreferrer\"><strong>Automobile Museum<\/strong><\/a> et <a href=\"https:\/\/www.malagacar.com\/fr\/blog\/loisirs\/jardin-botanique-historique-malaga\/\" data-wpel-link=\"internal\"><strong>Jardin Botanique historique<\/strong><\/a>, Malaga<\/li>\n<\/ul>\n<h3><span class=\"ez-toc-section\" id=\"Concerts_Candelight_%E2%80%93_Marbella\"><\/span>Concerts Candelight &#8211; Marbella<span class=\"ez-toc-section-end\"><\/span><\/h3>\n<p><img loading=\"lazy\" decoding=\"async\" class=\"size-full wp-image-14240\" src=\"https:\/\/www.malagacar.com\/sp\/blog\/wp-content\/uploads\/2022\/08\/CandleLight_VillaPadierna-Foto-Malagasecreta.jpg\" alt=\"Candlelight Conciertos Marbella\" width=\"1024\" height=\"684\" \/><\/p>\n<p><strong>Candlelight Open Air : Queen Tribute<\/strong> \u00e0 l\u2019Auditorium Jos\u00e9 Pernia Calder\u00f3n le 5 septembre.<\/p>\n<ul>\n<li>Billets sur le site officiel de <a href=\"https:\/\/feverup.com\/malaga\/candlelight?utm_content=candlelight&amp;utm_source=malagasecreta&amp;utm_medium=post&amp;utm_term=cta3\" data-wpel-link=\"external\" rel=\"external noopener noreferrer\"><strong>Feverup<\/strong><\/a><\/li>\n<li><a href=\"https:\/\/maps.app.goo.gl\/eEjC7paTFxs7jW1K9\" data-wpel-link=\"external\" rel=\"external noopener noreferrer\"><strong>Comment s&rsquo;y rendre<\/strong><\/a><\/li>\n<\/ul>\n<h3><span class=\"ez-toc-section\" id=\"Pelerinage_de_San_Miguel_%E2%80%93_Torremolinos\"><\/span>P\u00e8lerinage de San Miguel\u00a0&#8211; Torremolinos<span class=\"ez-toc-section-end\"><\/span><\/h3>\n<p>Il s&rsquo;agit du p\u00e8lerinage urbain le plus important d&rsquo;Espagne, qui se d\u00e9roule en grande partie dans le centre-ville. Il a lieu le dernier ou l&rsquo;avant-dernier dimanche de septembre, avant la Foire.<\/p>\n<p><img loading=\"lazy\" decoding=\"async\" class=\"alignnone wp-image-4923 size-full\" src=\"https:\/\/www.malagacar.com\/sp\/blog\/wp-content\/uploads\/2015\/08\/romeria-san-miguel.jpg\" alt=\"Romer\u00eda de San Miguel Torremolinos\" width=\"640\" height=\"425\" \/><\/p>\n<p>Le p\u00e8lerinage de Torremolinos attire des milliers de personnes. De nombreux chars richement d\u00e9cor\u00e9s sont tir\u00e9s par des b\u0153ufs, et l&rsquo;on peut y voir des costumes traditionnels andalous et des chevaux d\u00e9cor\u00e9s.<\/p>\n<p>Le p\u00e8lerinage se dirige vers les Pinares de Los Manantiales, puis vers l&rsquo;Ermita de San Miguel, o\u00f9 il se termine dans une ambiance joyeuse, avec de la bonne nourriture, des chants et des danses andalous.<\/p>\n<ul>\n<li>Quand : le 2o septembre, de 10 h \u00e0 16 h. La foire a lieu la semaine suivante.<\/li>\n<li>O\u00f9 : le p\u00e8lerinage serpente \u00e0 travers les rues de Torremolinos jusqu&rsquo;\u00e0 Pinares de Los Manantiales, puis jusqu&rsquo;\u00e0 l&rsquo;ermitage de San Miguel.<\/li>\n<li><a href=\"https:\/\/goo.gl\/maps\/fw7SunapRh4yjMjv8\" data-wpel-link=\"external\" rel=\"external noopener noreferrer\"><strong>Itin\u00e9raire du p\u00e8lerinage<\/strong><\/a><\/li>\n<\/ul>\n<h3><span class=\"ez-toc-section\" id=\"Foire_de_San_Miguel_%E2%80%93_Torremolinos\"><\/span>Foire de San Miguel &#8211; Torremolinos<span class=\"ez-toc-section-end\"><\/span><\/h3>\n<p>Pendant cinq jours cons\u00e9cutifs, Torremolinos accueillera un programme intense de f\u00eates, concerts et spectacles sur plusieurs sc\u00e8nes, tant dans le centre-ville que sur le champ de foire.<\/p>\n<figure id=\"attachment_9246\" aria-describedby=\"caption-attachment-9246\" style=\"width: 622px\" class=\"wp-caption alignnone\"><a href=\"https:\/\/www.malagacar.com\/sp\/blog\/wp-content\/uploads\/2019\/08\/Feria-de-Torremolinos-Foto-EnTorremolinos.com_.jpg\" data-wpel-link=\"internal\"><img loading=\"lazy\" decoding=\"async\" class=\"wp-image-9246\" src=\"https:\/\/www.malagacar.com\/sp\/blog\/wp-content\/uploads\/2019\/08\/Feria-de-Torremolinos-Foto-EnTorremolinos.com_-1024x690.jpg\" alt=\"Feria de Torremolinos\" width=\"622\" height=\"419\" \/><\/a><figcaption id=\"caption-attachment-9246\" class=\"wp-caption-text\">Torremolinos Foire. Photo EnTorremolinos.com<\/figcaption><\/figure>\n<p>Le centre-ville se joint aux festivit\u00e9s avec la c\u00e9l\u00e9bration de la \u00ab Feria del D\u00eda \u00bb (Foire du Jour). Quatre sc\u00e8nes simultan\u00e9es proposeront diff\u00e9rentes activit\u00e9s gastronomiques, de la musique pop-rock, du flamenco et des chorales sur la Plaza de La Nogalera, la Plaza Costa del Sol, la Plaza Uni\u00f3n Europea et la Plaza San Miguel.<\/p>\n<p>Sur la Plaza La Nogalera, il y aura des concerts en direct ; sur la Plaza Costa del Sol, des spectacles de flamenco ; sur la Plaza Uni\u00f3n Europea, un service de bar et des animations musicales ; et sur la Plaza San Miguel, du jeudi au dimanche, des repr\u00e9sentations des chorales Rocieros.<\/p>\n<ul>\n<li>Quand : du 25 au 29 septembre<\/li>\n<li>O\u00f9 : Torremolinos<\/li>\n<li><a href=\"https:\/\/goo.gl\/maps\/SsHqDY8f9KEhdTBB7\" data-wpel-link=\"external\" rel=\"external noopener noreferrer\"><strong>Comment s&rsquo;y rendre<\/strong><\/a><\/li>\n<\/ul>\n<h3><span class=\"ez-toc-section\" id=\"Foire_%E2%80%93_Mijas_Pueblo\"><\/span>Foire &#8211; Mijas Pueblo<span class=\"ez-toc-section-end\"><\/span><\/h3>\n<p>Au cours de la premi\u00e8re quinzaine de septembre, le village blanc de Mijas c\u00e9l\u00e8bre une f\u00eate en l&rsquo;honneur de sa sainte patronne, la Vierge de La Pe\u00f1a.<\/p>\n<p><img loading=\"lazy\" decoding=\"async\" class=\"alignnone wp-image-7183 size-full\" src=\"https:\/\/www.malagacar.com\/sp\/blog\/wp-content\/uploads\/2019\/08\/g\u00a1feria-mijas-pueblo.jpg\" alt=\"Feria Mijas Pueblo\" width=\"800\" height=\"407\" \/><\/p>\n<p>Il existe un large \u00e9ventail d&rsquo;activit\u00e9s culturelles, sportives, musicales et festives. La f\u00eate patronale a lieu le 8 septembre.<\/p>\n<ul>\n<li>O\u00f9 : Mijas Pueblo<\/li>\n<li>Quand : du 5 au 10 septembre<\/li>\n<li><a href=\"https:\/\/goo.gl\/maps\/8wfiyNXLgs7gkjJz8\" data-wpel-link=\"external\" rel=\"external noopener noreferrer\"><strong>Comment s&rsquo;y rendre<\/strong><\/a><\/li>\n<\/ul>\n<h3><span class=\"ez-toc-section\" id=\"Journee_mondiale_du_tourisme_%E2%80%93_Malaga\"><\/span>Journ\u00e9e mondiale du tourisme &#8211; Malaga<span class=\"ez-toc-section-end\"><\/span><\/h3>\n<p><a href=\"https:\/\/www.malagacar.com\/fr\/blog\/loisirs\/journee-mondiale-tourisme-malaga\/\" data-wpel-link=\"internal\"><img loading=\"lazy\" decoding=\"async\" class=\"alignnone wp-image-8285 size-full\" src=\"https:\/\/www.malagacar.com\/blog\/wp-content\/uploads\/2021\/09\/world-tourism-day-en.jpg\" alt=\"World Tourism Day in Malaga\" width=\"1000\" height=\"736\" \/><\/a><\/p>\n<p>La Journ\u00e9e mondiale du tourisme \u00e0 Malaga sera marqu\u00e9e par une journ\u00e9e portes ouvertes, au cours de laquelle les monuments et les mus\u00e9es offriront l&rsquo;entr\u00e9e gratuite. De plus, certains d&rsquo;entre eux proposeront \u00e9galement des visites guid\u00e9es.<\/p>\n<p>Vous trouverez toutes les informations et la liste compl\u00e8te des mus\u00e9es dans notre \u00e9dition sp\u00e9ciale consacr\u00e9e \u00e0 la <a href=\"https:\/\/www.malagacar.com\/fr\/blog\/loisirs\/journee-mondiale-tourisme-malaga\/\" data-wpel-link=\"internal\"><strong>Journ\u00e9e mondiale du tourisme \u00e0 Malaga<\/strong><\/a>.<\/p>\n<ul>\n<li>O\u00f9 : Dans les monuments et mus\u00e9es de Malaga<\/li>\n<li>Quand : Le 27 septembre<\/li>\n<\/ul>\n<h3><span class=\"ez-toc-section\" id=\"Semi-marathon_%E2%80%93_Marbella\"><\/span>Semi-marathon &#8211; Marbella<span class=\"ez-toc-section-end\"><\/span><\/h3>\n<p>Le semi-marathon de Marbella est l&rsquo;un des \u00e9v\u00e9nements sportifs les plus attendus de l&rsquo;ann\u00e9e, attirant des coureurs du monde entier.<\/p>\n<p>Il se d\u00e9roulera le 27 septembre et proposera un parcours unique le long du littoral de Marbella.<\/p>\n<p><iframe loading=\"lazy\" title=\"Media marat\u00f3n de Marbella \u00b7 Sierra Blanca Estates\" src=\"https:\/\/www.youtube.com\/embed\/E8dsC7NhsmU\" width=\"696\" height=\"391\" frameborder=\"0\" allowfullscreen=\"allowfullscreen\"><\/iframe><\/p>\n<h4>Cat\u00e9gories et inscription<\/h4>\n<p>L&rsquo;\u00e9v\u00e9nement proposera plusieurs cat\u00e9gories adapt\u00e9es \u00e0 diff\u00e9rents niveaux et pr\u00e9f\u00e9rences :<\/p>\n<ul>\n<li>21 km (semi-marathon) : La course principale d\u00e9butera \u00e0 9 h et proposera un parcours complet de 21 kilom\u00e8tres.<\/li>\n<li>Relais 3\u00d77 : Ce format permettra \u00e0 des \u00e9quipes de trois personnes de parcourir le circuit en relais de 7 kilom\u00e8tres chacun, \u00e0 partir de 9 h.<\/li>\n<li>5 km Solidarit\u00e9 : Une course plus courte et plus accessible qui d\u00e9butera \u00e0 9 h 05, id\u00e9ale pour ceux qui pr\u00e9f\u00e8rent une distance plus courte mais souhaitent tout de m\u00eame participer \u00e0 l&rsquo;\u00e9v\u00e9nement.<\/li>\n<\/ul>\n<p>Le semi-marathon de Marbella est ouvert \u00e0 tous les coureurs, \u00e0 condition qu&rsquo;ils soient \u00e2g\u00e9s d&rsquo;au moins 18 ans le jour de la course.<\/p>\n<p>Il n&rsquo;est pas n\u00e9cessaire d&rsquo;\u00eatre membre d&rsquo;un club de course \u00e0 pied pour participer. Les coureurs doivent s&rsquo;inscrire via le site officiel de l&rsquo;\u00e9v\u00e9nement.<\/p>\n<p>Les inscriptions effectu\u00e9es avant le 8 septembre permettront d&rsquo;apposer le nom du participant sur son dossard.<\/p>\n<ul>\n<li><a href=\"https:\/\/www.finishers.com\/es\/evento\/media-maraton-marbella\" data-wpel-link=\"external\" rel=\"external noopener noreferrer\"><strong>D\u00e9tails complets et inscription<\/strong><\/a><\/li>\n<li>Quand : 27 septembre<\/li>\n<\/ul>\n<h3><span class=\"ez-toc-section\" id=\"Age_dor_Classiques_du_cinema_%E2%80%93_Malaga\"><\/span>\u00c2ge d&rsquo;or Classiques du cin\u00e9ma &#8211; Malaga<span class=\"ez-toc-section-end\"><\/span><\/h3>\n<p><img loading=\"lazy\" decoding=\"async\" class=\"alignnone size-full wp-image-19895\" src=\"https:\/\/www.malagacar.com\/sp\/blog\/wp-content\/uploads\/2025\/08\/Edad-de-Oro-Malaga.jpg\" alt=\"Cl\u00e1sicos del Cine La Edad de Oro - M\u00e1laga\" width=\"590\" height=\"313\" \/><\/p>\n<p>Le cycle de classiques \u00ab La Edad de Oro \u00bb (L&rsquo;\u00c2ge d&rsquo;or) fait son retour au Cine Alb\u00e9niz. Le public pourra y d\u00e9couvrir des \u0153uvres de certains des r\u00e9alisateurs les plus prestigieux de l&rsquo;histoire du cin\u00e9ma, \u00e0 travers une programmation de 22 longs m\u00e9trages projet\u00e9s en 35 mm et en DCP (la version num\u00e9rique du film 35 mm), en version originale sous-titr\u00e9e en espagnol (VOSE).<\/p>\n<p>Cette ann\u00e9e, \u00ab La Edad de Oro \u00bb c\u00e9l\u00e8bre les centenaires de Marilyn Monroe, Harry Dean Stanton, Rafael Azcona, Roger Corman, Paco Rabal et Mel Brooks, ainsi que celui du film *Le M\u00e9cano de la \u00ab General \u00bb* (The General) de Buster Keaton. L&rsquo;\u00e9v\u00e9nement marque \u00e9galement le 50e anniversaire de *Taxi Driver* de Martin Scorsese, parmi d&rsquo;autres dates marquantes.<\/p>\n<ul>\n<li>Les billets sont en vente \u00e0 la billetterie du Cine Alb\u00e9niz et sur le site web <a href=\"https:\/\/www.unientradas.es\/es\/recinto\/FC-03\" data-wpel-link=\"external\" rel=\"external noopener noreferrer\"><strong>Unientradas<\/strong><\/a>.<\/li>\n<li><a href=\"https:\/\/cinealbeniz.com\/proximos-eventos\" data-wpel-link=\"external\" rel=\"external noopener noreferrer\"><strong>Programme<\/strong><\/a><\/li>\n<li>Dates : du 4 au 11 septembre<\/li>\n<li>O\u00f9 : Cine Alb\u00e9niz, M\u00e1laga<\/li>\n<li><a href=\"https:\/\/goo.gl\/maps\/SVPmNXyzfAGKJ9sY7\" data-wpel-link=\"external\" rel=\"external noopener noreferrer\"><strong>Comment s&rsquo;y rendre<\/strong><\/a><\/li>\n<\/ul>\n<h3><span class=\"ez-toc-section\" id=\"Pleine_lune_a_Hydros_Spa_%E2%80%93_Benalmadena\"><\/span>Pleine lune \u00e0 Hydros Spa &#8211; Benalmadena<span class=\"ez-toc-section-end\"><\/span><\/h3>\n<p><img loading=\"lazy\" decoding=\"async\" class=\"alignnone size-full wp-image-15528\" src=\"https:\/\/www.malagacar.com\/sp\/blog\/wp-content\/uploads\/2023\/05\/Noche-spa-hydros.jpg\" alt=\"Hydros Spa Benalm\u00e1dena\" width=\"900\" height=\"471\" \/><\/p>\n<p>Nous incluons \u00e9galement une proposition diff\u00e9rente de l&rsquo;h\u00f4tel Holiday World de Benalm\u00e1dena : Profitez du spa pendant la nuit de la pleine lune.<\/p>\n<p>Profitez de la magie d&rsquo;une s\u00e9ance de spa nocturne de 60 minutes avec une vue spectaculaire sur la baie de Benalmadena et Fuengirola, co\u00efncidant avec la pleine lune.<\/p>\n<p>Avec une boisson de bienvenue et des fruits, des attentions particuli\u00e8res. Parfait pour un couple ou des amis.<\/p>\n<ul>\n<li><a href=\"https:\/\/pwa.holidayworldresort.com\/experiencias\/para-mi?hotel=experiencias&amp;filters=[%2213%22]\" data-wpel-link=\"external\" rel=\"external noopener noreferrer\"><strong> R\u00e9servations <\/strong><\/a><\/li>\n<li>Quand : 26 septembre<\/li>\n<li><a href=\"https:\/\/maps.app.goo.gl\/8SV8SuFTrbvrLTgt8\" data-wpel-link=\"external\" rel=\"external noopener noreferrer\"><strong> Comment s&rsquo;y rendre<\/strong><\/a><\/li>\n<\/ul>\n<h3><span class=\"ez-toc-section\" id=\"Excursion_nocturne_a_lAlhambra_%E2%80%93_Granada\"><\/span>Excursion nocturne \u00e0 l&rsquo;Alhambra &#8211; Granada<span class=\"ez-toc-section-end\"><\/span><\/h3>\n<p><img loading=\"lazy\" decoding=\"async\" class=\"alignnone size-large wp-image-19893\" src=\"https:\/\/www.malagacar.com\/sp\/blog\/wp-content\/uploads\/2025\/08\/Excursion-Alhambra-nocturna-5-septiembre-1024x640.jpg\" alt=\"Excursi\u00f3n nocturna a la Alhambra - Granada\" width=\"750\" height=\"469\" \/><\/p>\n<p>Inscrivez-vous \u00e0 une excursion au d\u00e9part de Malaga pour une visite nocturne de l&rsquo;Alhambra \u00e0 Granada !<\/p>\n<ul>\n<li><a href=\"https:\/\/cultopia.es\/portfolio\/excursion-nocturna-alhambra-granada\/\" data-wpel-link=\"external\" rel=\"external noopener noreferrer\"><strong>Informations compl\u00e9mentaires<\/strong><\/a><\/li>\n<li>Prochaine date : 5 septembre \u00e0 18 h 00. Dur\u00e9e approximative : jusqu&rsquo;\u00e0 environ 23 h 30, heure du d\u00e9part pour le retour \u00e0 M\u00e1laga.<\/li>\n<li>R\u00e9servation obligatoire. R\u00e9servez votre place en appelant le +34 692 717 612 ou en envoyant un e-mail \u00e0 <a href=\"mailto:info@cultopia.es\"><strong>info@cultopia.es<\/strong><\/a>, en indiquant votre nom, le nombre de places souhait\u00e9es et un num\u00e9ro de t\u00e9l\u00e9phone de contact.<\/li>\n<\/ul>\n<h3><span class=\"ez-toc-section\" id=\"Itineraire_culturel_au_coucher_du_soleil_%E2%80%93_Casares\"><\/span>Itin\u00e9raire culturel au coucher du soleil &#8211; Casares<span class=\"ez-toc-section-end\"><\/span><\/h3>\n<p><img loading=\"lazy\" decoding=\"async\" class=\"alignnone wp-image-6296\" src=\"https:\/\/www.malagacar.com\/sp\/blog\/wp-content\/uploads\/2017\/07\/mercado-medival-casares.jpg\" alt=\"casares\" width=\"720\" height=\"450\" \/><\/p>\n<p>Le magnifique village blanc de Casares, situ\u00e9 \u00e0 quelques kilom\u00e8tres seulement d&rsquo;Estepona, propose une visite culturelle gratuite de son centre historique au coucher du soleil, tous les mercredis du mois de septembre.<\/p>\n<p>La visite dure deux heures.<\/p>\n<ul>\n<li>L&rsquo;inscription est gratuite et peut se faire aupr\u00e8s de l&rsquo;office de tourisme de Casares, par e-mail \u00e0 l&rsquo;adresse <a href=\"mailto:turismo@casares.es\"><strong>turismo@casares.es<\/strong><\/a> ou par t\u00e9l\u00e9phone au +34 600 413 121.<\/li>\n<li><a href=\"https:\/\/maps.app.goo.gl\/KzrAStGeLCj4Q12s9\" data-wpel-link=\"external\" rel=\"external noopener noreferrer\"><strong>Comment s&rsquo;y rendre<\/strong><\/a><\/li>\n<\/ul>\n<h3><span class=\"ez-toc-section\" id=\"Afternoon_Tea_a_lhotel_El_Fuerte_%E2%80%93_Marbella\"><\/span>Afternoon Tea \u00e0 l&rsquo;h\u00f4tel El Fuerte \u2013 Marbella<span class=\"ez-toc-section-end\"><\/span><\/h3>\n<p><img loading=\"lazy\" decoding=\"async\" class=\"alignnone size-full wp-image-19140\" src=\"https:\/\/www.malagacar.com\/sp\/blog\/wp-content\/uploads\/2025\/03\/afternoon-tea-el-fuerte.jpeg\" alt=\"Afternoon Tea en el Hotel El Fuerte \u2013 Marbella\" width=\"1000\" height=\"667\" \/><\/p>\n<p>Cet h\u00f4tel 5 \u00e9toiles de Marbella propose une nouvelle formule \u00e9l\u00e9gante inspir\u00e9e du traditionnel afternoon tea anglais. Chaque apr\u00e8s-midi, de 16h \u00e0 19h, savourez un \u00ab Afternoon Tea Time \u00bb dans un cadre privil\u00e9gi\u00e9 en bord de mer.<\/p>\n<p>Dans ce d\u00e9cor raffin\u00e9, vous trouverez de la porcelaine d\u00e9licate, des p\u00e2tisseries fra\u00eechement pr\u00e9par\u00e9es, des bouch\u00e9es sal\u00e9es et une s\u00e9lection pointue de th\u00e9s et d&rsquo;infusions. Pour une exp\u00e9rience encore plus raffin\u00e9e, un verre de Taittinger Brut R\u00e9serve ou une d\u00e9gustation de caviar peuvent \u00eatre ajout\u00e9s.<\/p>\n<p>Une r\u00e9servation pr\u00e9alable est requise 24 heures \u00e0 l&rsquo;avance en appelant le +34 952 861 500 ou en envoyant un e-mail \u00e0 <a href=\"mailto:guex@elfuertemarbella.com\"><strong>guex@elfuertemarbella.com<\/strong><\/a> (Service Client).<\/p>\n<ul>\n<li>Quand : Tous les apr\u00e8s-midi de 16h \u00e0 19h<\/li>\n<li>O\u00f9 : H\u00f4tel El Fuerte, Marbella<\/li>\n<li><a href=\"https:\/\/maps.app.goo.gl\/iVD7vsBXRCALJrRb6\" data-wpel-link=\"external\" rel=\"external noopener noreferrer\"><strong>Comment s&rsquo;y rendre<\/strong><\/a><\/li>\n<\/ul>\n<h3><span class=\"ez-toc-section\" id=\"Samedis_du_vin_au_musee_%E2%80%93_Malaga\"><\/span>Samedis du vin au mus\u00e9e &#8211; Malaga<span class=\"ez-toc-section-end\"><\/span><\/h3>\n<p><img loading=\"lazy\" decoding=\"async\" class=\"alignnone size-large wp-image-16982\" src=\"https:\/\/www.malagacar.com\/sp\/blog\/wp-content\/uploads\/2025\/02\/sabados-de-vino-1024x534.jpg\" alt=\"S\u00e1bados de Vino en el Museo\" width=\"750\" height=\"391\" \/><\/p>\n<p>Le <a href=\"https:\/\/www.malagacar.com\/fr\/blog\/loisirs\/meilleurs-musees-malaga\/#Musee_du_Vin\" data-wpel-link=\"internal\"><strong>mus\u00e9e du vin<\/strong><\/a>, situ\u00e9 dans le centre historique de Malaga, organisera plusieurs \u00ab samedis du vin \u00bb au cours des prochains mois. Il s&rsquo;agit d&rsquo;une activit\u00e9 destin\u00e9e \u00e0 tous ceux qui s&rsquo;int\u00e9ressent au monde du vin.<\/p>\n<p>Vous apprendrez \u00e0 conna\u00eetre les vins d&rsquo;appellation d&rsquo;origine de Malaga et les caves qui les produisent. D\u00e9gustations incluses, bien s\u00fbr !<\/p>\n<ul>\n<li>Plus d&rsquo;<a href=\"https:\/\/museovinomalaga.com\/categoria-producto\/oferta-formativa\/\" data-wpel-link=\"external\" rel=\"external noopener noreferrer\"><strong>informations et r\u00e9servations<\/strong><\/a><\/li>\n<li><a href=\"https:\/\/maps.app.goo.gl\/oiqPT8aHPtPWKwLG7\" data-wpel-link=\"external\" rel=\"external noopener noreferrer\"><strong>Comment s&rsquo;y rendre<\/strong><\/a><\/li>\n<\/ul>\n<h3><span class=\"ez-toc-section\" id=\"Visite_nocturne_du_cimetiere_anglais_%E2%80%93_Malaga\"><\/span>Visite nocturne du cimeti\u00e8re anglais &#8211; Malaga<span class=\"ez-toc-section-end\"><\/span><\/h3>\n<p><img loading=\"lazy\" decoding=\"async\" class=\"alignnone wp-image-16313\" src=\"https:\/\/www.malagacar.com\/sp\/blog\/wp-content\/uploads\/2024\/10\/Visita-nocturna-cementerio-ingles-1024x966.jpg\" alt=\"Visita nocturna al Cementerio Ingl\u00e9s - M\u00e1laga\" width=\"524\" height=\"494\" \/><\/p>\n<p>Osez d\u00e9couvrir tous les secrets cach\u00e9s dans cette visite nocturne th\u00e9\u00e2tralis\u00e9e du cimeti\u00e8re anglais historique. Les personnalit\u00e9s qui y reposent prennent vie et vous racontent leurs histoires int\u00e9ressantes.<\/p>\n<p>La visite dure 1 heure et demie. Nombre de places limit\u00e9 jusqu&rsquo;\u00e0 \u00e9puisement de la capacit\u00e9.<\/p>\n<ul>\n<li><a href=\"https:\/\/historiavivamalaga.es\/visitas-teatralizadas-en-malaga\/cementerio-ingles-en-malaga\/?_gl=1*1qg529*_up*MQ..*_ga*NzIzNDMzNDQ4LjE3NTk3MzgwNTg.*_ga_YKXC5BWRQG*czE3NTk3MzgwNTckbzEkZzAkdDE3NTk3MzgwNTckajYwJGwwJGgw*_ga_MZ8MMM82Y1*czE3NTk3MzgwNTgkbzEkZzAkdDE3NTk3MzgwNTgkajYwJGwwJGgw\" data-wpel-link=\"external\" rel=\"external noopener noreferrer\"><strong>Plus d&rsquo;informations et billets<\/strong><\/a><\/li>\n<li>O\u00f9 : Cementerio Ingl\u00e9s, M\u00e1laga<\/li>\n<li><a href=\"https:\/\/maps.app.goo.gl\/vKia4xamSXpDjeyf6\" data-wpel-link=\"external\" rel=\"external noopener noreferrer\"><strong>Comment s&rsquo;y rendre<\/strong><\/a><\/li>\n<\/ul>\n<h3><span class=\"ez-toc-section\" id=\"Visite_theatrale_de_la_grotte_aux_tresors_%E2%80%93_Rincon_de_la_Victoria\"><\/span>Visite th\u00e9\u00e2trale de la grotte aux tr\u00e9sors &#8211; Rinc\u00f3n de la Victoria<span class=\"ez-toc-section-end\"><\/span><\/h3>\n<p><img loading=\"lazy\" decoding=\"async\" class=\"size-large wp-image-7849\" src=\"https:\/\/www.malagacar.com\/sp\/blog\/wp-content\/uploads\/2020\/03\/cueva-del-tesoro-1024x625.jpg\" alt=\"cueva del tesoro\" width=\"750\" height=\"458\" \/><\/p>\n<p>Remontez le temps et d\u00e9couvrez l&rsquo;histoire et les myst\u00e8res de la d\u00e9couverte de la Grotte au Tr\u00e9sor. Visites th\u00e9\u00e2tralis\u00e9es d&rsquo;une heure \u00e0 travers les diff\u00e9rentes galeries de la grotte.<\/p>\n<p>R\u00e9servation obligatoire pour cette activit\u00e9 via <a href=\"https:\/\/entradas.turismoenrincon.es\/\" data-wpel-link=\"external\" rel=\"external noopener noreferrer\"><strong>ce lien<\/strong><\/a>.<\/p>\n<ul>\n<li>Prochaines dates : 30 novembre I 28 d\u00e9cembre<\/li>\n<li>O\u00f9 : Grotte au tr\u00e9sor &#8211; Rinc\u00f3n de la Victoria<\/li>\n<li><a href=\"https:\/\/maps.app.goo.gl\/3sX5qj8EcDRxP7R37\" data-wpel-link=\"external\" rel=\"external noopener noreferrer\"><strong>Comment s&rsquo;y rendre<\/strong><\/a><\/li>\n<\/ul>\n<h3><span class=\"ez-toc-section\" id=\"Degustation_de_bieres_artisanales_%E2%80%93_Malaga\"><\/span>D\u00e9gustation de bi\u00e8res artisanales &#8211; Malaga<span class=\"ez-toc-section-end\"><\/span><\/h3>\n<p><img loading=\"lazy\" decoding=\"async\" class=\"alignnone size-large wp-image-18579\" src=\"https:\/\/www.malagacar.com\/sp\/blog\/wp-content\/uploads\/2024\/11\/Cata-de-cervezas-artesanas-1024x541.jpg\" alt=\"Cata de cervezas artesanas - M\u00e1laga\" width=\"750\" height=\"396\" \/><\/p>\n<p>Dans le \u00ab\u00a0quartier artistique\u00a0\u00bb branch\u00e9 de Soho, au c\u0153ur de Malaga, vous pouvez vous inscrire \u00e0 une d\u00e9gustation de bi\u00e8res artisanales. Plus pr\u00e9cis\u00e9ment \u00e0 La F\u00e1brica de Cerveza Cruzcampo, qui allie production de bi\u00e8res artisanales, bar, gastronomie et musique live.<\/p>\n<ul>\n<li>Plus d\u2019<a href=\"https:\/\/lafabricadecerveza.com\/experiencias-malaga\/\" data-wpel-link=\"external\" rel=\"external noopener noreferrer\"><strong>informations et r\u00e9servations<\/strong><\/a><\/li>\n<li>O\u00f9\u00a0: La F\u00e1brica, Malaga<\/li>\n<li><a href=\"https:\/\/maps.app.goo.gl\/D5DHHYApRd3cjeW37\" data-wpel-link=\"external\" rel=\"external noopener noreferrer\"><strong>Comment s\u2019y rendre<\/strong><\/a><\/li>\n<\/ul>\n<h3><span class=\"ez-toc-section\" id=\"Route_des_ammonites_%E2%80%93_Torcal_de_Antequera\"><\/span>Route des ammonites &#8211; Torcal de Antequera<span class=\"ez-toc-section-end\"><\/span><\/h3>\n<p><a href=\"https:\/\/www.malagacar.com\/blog\/wp-content\/uploads\/2021\/07\/ammonite.jpg\" data-wpel-link=\"internal\"><img loading=\"lazy\" decoding=\"async\" class=\"alignnone wp-image-10589 size-full\" src=\"https:\/\/www.malagacar.com\/blog\/wp-content\/uploads\/2021\/07\/ammonite.jpg\" alt=\"ammonite\" width=\"1200\" height=\"653\" \/><\/a><\/p>\n<p>Avez-vous d\u00e9j\u00e0 visit\u00e9 le spectaculaire parc naturel du <a href=\"https:\/\/www.malagacar.com\/fr\/blog\/loisirs\/torcal-de-antequera\/\" data-wpel-link=\"internal\"><strong>Torcal de Antequera<\/strong> <\/a>? Si vous ne connaissez pas encore cette fantastique formation karstique, vous pouvez vous inscrire \u00e0 cette visite guid\u00e9e pour d\u00e9couvrir les magnifiques ammonites (mollusques fossilis\u00e9s) \u00e0 plus de mille m\u00e8tres au-dessus de la mer.<\/p>\n<p>Au cours des prochains mois, plusieurs dates seront disponibles pendant les week-ends pour profiter de cette randonn\u00e9e interpr\u00e9tative dans le parc naturel du Torcal de Antequera.<\/p>\n<ul>\n<li>Dur\u00e9e : de 10h30 \u00e0 13h30 3 heures. Longueur : environ 4,5 km. Difficult\u00e9 : Moyenne-faible (d\u00e9conseill\u00e9 aux personnes souffrant de blessures au genou, \u00e0 la hanche ou \u00e0 la cheville, ainsi qu&rsquo;aux personnes \u00e2g\u00e9es de moins de 6 ans).<\/li>\n<li>Plus d&rsquo;<a href=\"https:\/\/www.torcaldeantequera.com\/rutas\/visitas-guiadas\/ruta-los-ammonites\/\" data-wpel-link=\"external\" rel=\"external noopener noreferrer\"><strong>informations et billets<\/strong><\/a><\/li>\n<li><a href=\"https:\/\/maps.app.goo.gl\/Cm8CEBikitzXGEWN9\" data-wpel-link=\"external\" rel=\"external noopener noreferrer\"><strong>Comment s&rsquo;y rendre<\/strong><\/a><\/li>\n<\/ul>\n<h2><span class=\"ez-toc-section\" id=\"Marches_de_rue_a_Malaga_en_septembre\"><\/span>March\u00e9s de rue \u00e0 Malaga en septembre<span class=\"ez-toc-section-end\"><\/span><\/h2>\n<h3><span class=\"ez-toc-section\" id=\"Marche_de_lartisanat_La_Merced_%E2%80%93_Malaga\"><\/span>March\u00e9 de l&rsquo;artisanat La Merced &#8211; Malaga<span class=\"ez-toc-section-end\"><\/span><\/h3>\n<p><img loading=\"lazy\" decoding=\"async\" class=\"alignnone size-full wp-image-9843\" src=\"https:\/\/www.malagacar.com\/sp\/blog\/wp-content\/uploads\/2020\/11\/Plaza-Merced-Foto-VisitaCostadelSol.webp\" alt=\"\" width=\"750\" height=\"430\" \/><\/p>\n<p>Chaque premier dimanche du mois, ce march\u00e9 artisanal color\u00e9 se tient au c\u0153ur de la vieille ville, sur la Plaza de la Merced.<\/p>\n<p>Une id\u00e9e id\u00e9al si vous \u00eates un citadin et que vous aimez vous promener le dimanche sous les jacarandas en fleurs, puis prendre un verre aux nombreuses terrasses et restaurants qui entourent la place.<\/p>\n<ul>\n<li>Quand : Le premier dimanche de chaque mois, de 11 h \u00e0 19 h<\/li>\n<li><a href=\"https:\/\/goo.gl\/maps\/w3kV85d5km7FYWFFA\" data-wpel-link=\"external\" rel=\"external noopener noreferrer\"><strong> Comment s&rsquo;y rendre<\/strong><\/a><\/li>\n<\/ul>\n<h3><span class=\"ez-toc-section\" id=\"_Marche_urbain_Soho_%E2%80%93_Malaga\"><\/span>\u00a0March\u00e9 urbain\u00a0Soho &#8211; Malaga<span class=\"ez-toc-section-end\"><\/span><\/h3>\n<p><img loading=\"lazy\" decoding=\"async\" class=\"alignnone wp-image-19004\" src=\"https:\/\/www.malagacar.com\/sp\/blog\/wp-content\/uploads\/2025\/03\/mercado-soho.jpg\" alt=\"Mercado Urbano del Soho - M\u00e1laga\" width=\"470\" height=\"445\" \/><\/p>\n<p>Le quartier artistique de Soho, situ\u00e9 en plein centre-ville \u00e0 deux pas de la mer, accueille ce march\u00e9 artisanal mettant \u00e0 l&rsquo;honneur les producteurs locaux chaque quatri\u00e8me dimanche du mois.<\/p>\n<p>Profitez d&rsquo;une promenade dans les rues pi\u00e9tonnes de Malaga, d\u00e9couvrez des cr\u00e9ations artisanales uniques, puis installez-vous dans l&rsquo;un des nombreux bars et terrasses pour savourer une collation, des tapas ou un d\u00e9jeuner dominical.<\/p>\n<ul>\n<li>Quand : Chaque quatri\u00e8me dimanche du mois, de 11 h \u00e0 19 h<\/li>\n<li><a href=\"https:\/\/maps.app.goo.gl\/asfjfpNXfTL9Dkx79\" data-wpel-link=\"external\" rel=\"external noopener noreferrer\"><strong>Comment s&rsquo;y rendre<\/strong><\/a><\/li>\n<\/ul>\n<h3><span class=\"ez-toc-section\" id=\"Le_marche_des_cimetieres_anglais_%E2%80%93_Malaga\"><\/span>Le march\u00e9 des cimeti\u00e8res anglais \u2013 Malaga<span class=\"ez-toc-section-end\"><\/span><\/h3>\n<h3><img loading=\"lazy\" decoding=\"async\" class=\"alignnone size-full wp-image-16454\" src=\"https:\/\/www.malagacar.com\/sp\/blog\/wp-content\/uploads\/2024\/11\/Mercadillo-del-Ingles-1024x683-1.jpg\" alt=\"Mercadillo del Ingl\u00e9s \u2013 M\u00e1laga\" width=\"1024\" height=\"683\" \/><\/h3>\n<p>Un nouveau format de march\u00e9 aux puces sp\u00e9cial vient s&rsquo;ajouter \u00e0 l&rsquo;offre culturelle de la ville.<\/p>\n<p>Une fois par mois, le <a href=\"https:\/\/www.malagacar.com\/fr\/blog\/loisirs\/curieux-cimetieres-malaga\/#Cimetiere_anglais_Malaga\" data-wpel-link=\"internal\"><strong>cimeti\u00e8re anglais<\/strong><\/a> du centre-ville accueille un march\u00e9 aux puces proposant de l&rsquo;artisanat, de la d\u00e9coration vintage, des livres d&rsquo;occasion, des c\u00e9ramiques et des produits uniques. L&rsquo;\u00e9v\u00e9nement propose \u00e9galement de la musique live et des food trucks.<\/p>\n<p>Ce qui est sp\u00e9cial, c&rsquo;est l&rsquo;endroit lui-m\u00eame, un lieu embl\u00e9matique plein de charme : le cimeti\u00e8re anglais, la plus ancienne n\u00e9cropole non catholique de la p\u00e9ninsule ib\u00e9rique. En vous promenant dans le magnifique jardin, vous pourrez d\u00e9couvrir les tombes des personnalit\u00e9s internationales de l&rsquo;\u00e9poque qui y ont \u00e9t\u00e9 enterr\u00e9es.<\/p>\n<p>Entr\u00e9e gratuite.<\/p>\n<ul>\n<li>Prochaine \u00e9dition sur le <a href=\"https:\/\/cementerioinglesmalaga.org\/\" data-wpel-link=\"external\" rel=\"external noopener noreferrer\"><strong>site officiel<\/strong><\/a><\/li>\n<li><a href=\"https:\/\/maps.app.goo.gl\/ibfgQuF52hBNZoD86\" data-wpel-link=\"external\" rel=\"external noopener noreferrer\"><strong>Comment s&rsquo;y rendre<\/strong><\/a><\/li>\n<\/ul>\n<h3><span class=\"ez-toc-section\" id=\"Marche_de_rue_%E2%80%93_Puerto_Banus_Marbella\"><\/span>March\u00e9 de rue &#8211; Puerto Banus (Marbella)<span class=\"ez-toc-section-end\"><\/span><\/h3>\n<p><img loading=\"lazy\" decoding=\"async\" class=\"alignnone size-large wp-image-19815\" src=\"https:\/\/www.malagacar.com\/sp\/blog\/wp-content\/uploads\/2025\/08\/mercadillo-puerto-banus-1024x512.jpg\" alt=\"Mercadillo Puerto Ban\u00fas \" width=\"750\" height=\"375\" \/><\/p>\n<p>Le march\u00e9 en plein air de Puerto Banus est l&rsquo;un des plus pris\u00e9s de la Costa del Sol. Il se tient tous les samedis, de 9 h \u00e0 14 h, dans le quartier de Nueva Andaluc\u00eda, entre l&rsquo;Avenida Pilar Calvo (pr\u00e8s des ar\u00e8nes) et le Centro Plaza.<\/p>\n<p>Ce march\u00e9 en plein air allie une ambiance traditionnelle au raffinement caract\u00e9ristique de la r\u00e9gion. Il se distingue par la grande vari\u00e9t\u00e9 d&rsquo;articles propos\u00e9s, allant de la mode et des accessoires \u00e0 l&rsquo;artisanat et \u00e0 la d\u00e9coration, en passant par les bijoux et les produits frais.<\/p>\n<p>De nombreux caf\u00e9s situ\u00e9s dans le Centro Plaza et ses environs sont ouverts, permettant aux visiteurs de savourer un caf\u00e9 ou m\u00eame de d\u00e9jeuner au soleil, au c\u0153ur d&rsquo;une atmosph\u00e8re anim\u00e9e.<\/p>\n<ul>\n<li><a href=\"https:\/\/maps.app.goo.gl\/Gt1jEsYrVsXT9a2A6\" data-wpel-link=\"external\" rel=\"external noopener noreferrer\"><strong>Comment s&rsquo;y rendre<\/strong><\/a><strong>\u00a0<\/strong><\/li>\n<\/ul>\n<h3><span class=\"ez-toc-section\" id=\"Marche_artisanal_de_Cartama\"><\/span>March\u00e9 artisanal de C\u00e1rtama<span class=\"ez-toc-section-end\"><\/span><\/h3>\n<p><img loading=\"lazy\" decoding=\"async\" class=\"alignnone wp-image-18937\" src=\"https:\/\/www.malagacar.com\/sp\/blog\/wp-content\/uploads\/2026\/01\/mercado-artesanal-cartama.jpg\" alt=\"Mercado Artesanal de C\u00e1rtama\" width=\"501\" height=\"706\" \/><\/p>\n<p>Le premier dimanche de chaque mois, un march\u00e9 artisanal se tient \u00e0 C\u00e1rtama, proposant une grande vari\u00e9t\u00e9 d&rsquo;articles uniques faits main, ainsi que des produits alimentaires locaux.<\/p>\n<p>Le march\u00e9 est situ\u00e9 dans le parc du quartier r\u00e9sidentiel de Los Naranjos, \u00e0 proximit\u00e9 du march\u00e9 de la gare de C\u00e1rtama, et est ouvert de 9h00 \u00e0 14h00.<\/p>\n<ul>\n<li><a href=\"https:\/\/maps.app.goo.gl\/sFxk8nydT4Pyx8CY6\" data-wpel-link=\"external\" rel=\"external noopener noreferrer\"><strong>Comment s&rsquo;y rendre<\/strong><\/a><\/li>\n<\/ul>\n<h3><span class=\"ez-toc-section\" id=\"Marche_mensuel_%E2%80%93_Corumbela_Axarquia\"><\/span>March\u00e9 mensuel \u2013 Corumbela, Axarqu\u00eda<span class=\"ez-toc-section-end\"><\/span><\/h3>\n<p><img loading=\"lazy\" decoding=\"async\" class=\"alignnone wp-image-19421\" src=\"https:\/\/www.malagacar.com\/sp\/blog\/wp-content\/uploads\/2025\/05\/mercado-corumbela-820x1024.jpg\" alt=\"Mercado mensual \u2013 Corumbela\" width=\"481\" height=\"601\" \/><\/p>\n<p>Envie de d\u00e9couvrir l&rsquo;Axarqu\u00eda, r\u00e9gion de Malaga, et de combiner votre visite avec un passage par un march\u00e9 local\u00a0?<\/p>\n<p>Corumbela, village de moins de 300 habitants, est l&rsquo;un des plus hauts de l&rsquo;Axarqu\u00eda, \u00e0 632 m\u00e8tres d&rsquo;altitude. Cette altitude offre des panoramas exceptionnels \u00e0 360 degr\u00e9s. On y trouve m\u00eame des points de vue permettant d&rsquo;apercevoir la mer M\u00e9diterran\u00e9e.<\/p>\n<p>Le march\u00e9 de Corumbela se tient le premier mercredi de chaque mois sur l&rsquo;unique place du village. Vous y trouverez des produits locaux, de l&rsquo;artisanat, des confiseries maison, des v\u00eatements et des accessoires, et l&rsquo;occasion de d\u00e9couvrir des cr\u00e9ations et des saveurs authentiques. Le prochain march\u00e9 aura lieu le 4 mars.<\/p>\n<ul>\n<li>Quand : Le premier mercredi de chaque mois, de 10h \u00e0 14h<\/li>\n<li>O\u00f9 : Plaza de San Pedro, Corumbela<\/li>\n<li><a href=\"https:\/\/maps.app.goo.gl\/yK4P9qZh1bz9WjHi7\" data-wpel-link=\"external\" rel=\"external noopener noreferrer\"><strong>Comment s&rsquo;y rendre<\/strong><\/a><\/li>\n<\/ul>\n<h3><span class=\"ez-toc-section\" id=\"Marche_artisanal_%E2%80%93_Torrox_Pueblo\"><\/span>March\u00e9 artisanal \u2013 Torrox Pueblo<span class=\"ez-toc-section-end\"><\/span><\/h3>\n<p><img loading=\"lazy\" decoding=\"async\" class=\"alignnone wp-image-19232\" src=\"https:\/\/www.malagacar.com\/sp\/blog\/wp-content\/uploads\/2026\/03\/mercado-artesanal-Torrox-pueblo-796x1024.jpg\" alt=\"Mercado Artesanal \u2013 Torrox Pueblo\" width=\"453\" height=\"583\" \/><\/p>\n<p>La Plaza de la Constituci\u00f3n, place centrale de la ville, accueillera son March\u00e9 international d&rsquo;artisanat durant la belle saison.<\/p>\n<p>Plus pr\u00e9cis\u00e9ment, il se tiendra chaque dernier samedi du mois jusqu&rsquo;en novembre et proposera une quarantaine de stands d&rsquo;art et d&rsquo;artisanat, ainsi que des concerts, de 10h \u00e0 15h.<\/p>\n<p>En juillet et ao\u00fbt, le march\u00e9 se transforme en march\u00e9 nocturne et sera ouvert de 19h \u00e0 minuit.<\/p>\n<ul>\n<li>Quand : Chaque dernier samedi du mois<\/li>\n<li>O\u00f9 : Pueblo de Torrox<\/li>\n<li><a href=\"https:\/\/maps.app.goo.gl\/nNfFDzXbFCoCZDSSA\" data-wpel-link=\"external\" rel=\"external noopener noreferrer\"><strong>Comment s&rsquo;y rendre<\/strong><\/a><\/li>\n<\/ul>\n<h3><span class=\"ez-toc-section\" id=\"Marches_aux_puces_et_marches_de_rue_dans_la_province\"><\/span>March\u00e9s aux puces et march\u00e9s de rue dans la province<span class=\"ez-toc-section-end\"><\/span><\/h3>\n<p><a href=\"https:\/\/www.malagacar.com\/fr\/blog\/loisirs\/marches-de-rue-malaga\/\" data-wpel-link=\"internal\"><img loading=\"lazy\" decoding=\"async\" class=\"alignnone size-full wp-image-1208\" src=\"https:\/\/www.malagacar.com\/fr\/blog\/wp-content\/uploads\/2024\/05\/mercadillos-fr.jpg\" alt=\"march\u00e9s de rue \u00e0 M\u00e1laga\" width=\"1200\" height=\"691\" srcset=\"https:\/\/www.malagacar.com\/fr\/blog\/wp-content\/uploads\/2024\/05\/mercadillos-fr.jpg 1200w, https:\/\/www.malagacar.com\/fr\/blog\/wp-content\/uploads\/2024\/05\/mercadillos-fr-300x173.jpg 300w, https:\/\/www.malagacar.com\/fr\/blog\/wp-content\/uploads\/2024\/05\/mercadillos-fr-1024x590.jpg 1024w, https:\/\/www.malagacar.com\/fr\/blog\/wp-content\/uploads\/2024\/05\/mercadillos-fr-768x442.jpg 768w\" sizes=\"auto, (max-width: 1200px) 100vw, 1200px\" \/><\/a><\/p>\n<p>Les municipalit\u00e9s de la Costa del Sol proposent un large \u00e9ventail de march\u00e9s de rue et de march\u00e9s aux puces hebdomadaires.<\/p>\n<p>On y trouve de tout : fruits et l\u00e9gumes frais, fruits secs et noix, olives et \u00e9pices, jouets, poterie et artisanat typique, v\u00eatements, chaussures, fleurs et pots, faux articles de marque et bien d&rsquo;autres choses encore.<\/p>\n<ul>\n<li>Voici tous les <a href=\"https:\/\/www.malagacar.com\/fr\/blog\/loisirs\/marches-de-rue-malaga\/\" data-wpel-link=\"internal\"><strong>March\u00e9s aux puces &amp; March\u00e9s de rue \u00e0 Malaga et sur la Costa del Sol<\/strong><\/a><\/li>\n<\/ul>\n<h2><span class=\"ez-toc-section\" id=\"Visite_des_musees_de_Malaga\"><\/span>Visite des mus\u00e9es de Malaga<span class=\"ez-toc-section-end\"><\/span><\/h2>\n<figure id=\"attachment_6633\" aria-describedby=\"caption-attachment-6633\" style=\"width: 700px\" class=\"wp-caption alignnone\"><img loading=\"lazy\" decoding=\"async\" class=\"wp-image-6633 size-full\" src=\"https:\/\/www.malagacar.com\/blog\/wp-content\/uploads\/2020\/01\/museo-picasso-vista-nocturna.jpg\" alt=\"\" width=\"700\" height=\"450\" \/><figcaption id=\"caption-attachment-6633\" class=\"wp-caption-text\">Vue nocturne du Mus\u00e9e Picasso<\/figcaption><\/figure>\n<ul>\n<li>Beaucoup de <a href=\"https:\/\/www.malagacar.com\/fr\/blog\/loisirs\/meilleurs-musees-malaga\/\" data-wpel-link=\"internal\"><strong>mus\u00e9es de M\u00e1laga<\/strong><\/a> en plus de leurs installations fixes offrent souvent des expositions temporaires.<\/li>\n<li>Emplacement de tous les <strong><a href=\"https:\/\/goo.gl\/maps\/xLvkHvv8x5NJm199A\" data-wpel-link=\"external\" rel=\"external noopener noreferrer\">Mus\u00e9es de M\u00e1laga en un coup d&rsquo;\u0153il<\/a>.<\/strong><\/li>\n<\/ul>\n<h3><span class=\"ez-toc-section\" id=\"Visite_guidee_du_Musee_du_vin_%E2%80%93_Malaga\"><\/span>Visite guid\u00e9e du Mus\u00e9e du vin &#8211; Malaga<span class=\"ez-toc-section-end\"><\/span><\/h3>\n<p><img loading=\"lazy\" decoding=\"async\" class=\"alignnone size-large wp-image-18556\" src=\"https:\/\/www.malagacar.com\/sp\/blog\/wp-content\/uploads\/2025\/11\/museo-del-vino2-1024x684.jpg\" alt=\"Museo del Vino de M\u00e1laga\" width=\"750\" height=\"501\" \/><\/p>\n<p>Profitez d&rsquo;une visite guid\u00e9e du Mus\u00e9e du vin de Malaga, install\u00e9 dans le palais Biedmas, un \u00e9difice du XVIIIe si\u00e8cle.<\/p>\n<p>S&rsquo;\u00e9tendant sur plus de huit cents m\u00e8tres carr\u00e9s \u2014 incluant des espaces d&rsquo;exposition et une boutique \u2014, le mus\u00e9e offre un panorama complet de l&rsquo;histoire et de la g\u00e9ographie des vins des appellations d&rsquo;origine (D.O.) Malaga.<\/p>\n<p>\u00c0 l&rsquo;issue de la visite, les visiteurs peuvent d\u00e9guster deux vins b\u00e9n\u00e9ficiant des appellations d&rsquo;origine prot\u00e9g\u00e9e (D.O.P.) Malaga et Sierras de Malaga.<\/p>\n<ul>\n<li><a href=\"https:\/\/www.museosdelvino.es\/museos\/museo-del-vino-malaga\/\" data-wpel-link=\"external\" rel=\"external noopener noreferrer\"><strong>Informations compl\u00e9mentaires et r\u00e9servations<\/strong><\/a><\/li>\n<li>O\u00f9 : Mus\u00e9e du vin, M\u00e1laga<\/li>\n<li><a href=\"https:\/\/maps.app.goo.gl\/RXG7M6kebVkFH2ddA\" data-wpel-link=\"external\" rel=\"external noopener noreferrer\"><strong>Comment s&rsquo;y rendre<\/strong><\/a><\/li>\n<\/ul>\n<h3><span class=\"ez-toc-section\" id=\"Visites_guidees_jardin_botanique_historique_de_La_Concepcion_%E2%80%93_Malaga\"><\/span>Visites guid\u00e9es jardin botanique historique de La Concepci\u00f3n &#8211; Malaga<span class=\"ez-toc-section-end\"><\/span><\/h3>\n<p><img loading=\"lazy\" decoding=\"async\" class=\"alignnone wp-image-15201\" src=\"https:\/\/www.malagacar.com\/sp\/blog\/wp-content\/uploads\/2023\/02\/Botanico.jpg\" alt=\"Visitas guiadas en el Jard\u00edn Bot\u00e1nico Hist\u00f3rico La Concepci\u00f3n\" width=\"468\" height=\"656\" \/><\/p>\n<p>Les visites guid\u00e9es du jardin de La Concepci\u00f3n sont de retour. Profitez d&rsquo;une visite guid\u00e9e du magnifique historique <a href=\"https:\/\/www.malagacar.com\/fr\/blog\/loisirs\/jardin-botanique-historique-malaga\/\" data-wpel-link=\"internal\"><strong>jardin botanique La Concepci\u00f3n<\/strong><\/a> les week-ends, de jour comme de nuit.<\/p>\n<p>\u00ab\u00a0Promenades de charme\u00a0\u00bb auront lieu les samedis et dimanches \u00e0 midi. Les vendredis \u00e0 la tomb\u00e9e de la nuit, il y aura des \u00ab\u00a0Nuits avec l&rsquo;histoire\u00a0\u00bb (d&rsquo;octobre \u00e0 mars \u00e0 20 heures, d&rsquo;avril \u00e0 septembre \u00e0 21 heures). Les visites guid\u00e9es durent environ 1 heure et demie.<\/p>\n<ul>\n<li>Information et r\u00e9servations: <a href=\"mailto:infojbotanicomalaga@gmail.com\">infojbotanicomalaga@gmail.com<\/a> ou les t\u00e9l\u00e9phones +34 951926180 \/ +34 639914055.<\/li>\n<li><a href=\"https:\/\/maps.app.goo.gl\/yE9TdeVfEzp1q8nF7\" data-wpel-link=\"external\" rel=\"external noopener noreferrer\"><strong> Comment s&rsquo;y rendre <\/strong><\/a><\/li>\n<\/ul>\n<h3><span class=\"ez-toc-section\" id=\"Visite_de_la_Brasserie_Victoria_%E2%80%93_Malaga\"><\/span>Visite de la Brasserie Victoria &#8211; Malaga<span class=\"ez-toc-section-end\"><\/span><\/h3>\n<p><img loading=\"lazy\" decoding=\"async\" class=\"alignnone size-full wp-image-16182\" src=\"https:\/\/www.malagacar.com\/sp\/blog\/wp-content\/uploads\/2023\/10\/cerveza-victoria.jpg\" alt=\"F\u00e1brica de cerveza Victoria - M\u00e1laga\" width=\"900\" height=\"471\" \/><\/p>\n<p>Saviez-vous que Cervezas Victoria propose des visites guid\u00e9es pour d\u00e9couvrir son processus de production et son histoire ?<\/p>\n<p>Si vous aimez la bi\u00e8re, vous pourriez \u00eatre int\u00e9ress\u00e9 par la visite de cette brasserie 100% Malague\u00f1a.<\/p>\n<p>C&rsquo;est une visite de 90 minutes au cours de laquelle vous d\u00e9couvrirez de premi\u00e8re main les secrets de la bi\u00e8re Victoria \u00ab\u00a0Malague\u00f1a y exquisita\u00a0\u00bb et bien s\u00fbr, vous les go\u00fbterez !<\/p>\n<ul>\n<li>Visites guid\u00e9es disponibles en espagnol et en anglais sur <a href=\"https:\/\/visitas.cervezavictoria.es\/muslinkIII_vic_nofr\/venda\/index.jsp?lang=1&amp;nom_cache=VICTORIA&amp;property=VICTORIA#close\" target=\"_blank\" rel=\"nofollow noopener external noreferrer\" data-wpel-link=\"external\"><strong>ce lien<\/strong><\/a>.<\/li>\n<li><a href=\"https:\/\/www.cervezavictoria.es\/es\" target=\"_blank\" rel=\"nofollow noopener external noreferrer\" data-wpel-link=\"external\"><strong>Site web<\/strong><\/a><\/li>\n<li><a href=\"https:\/\/goo.gl\/maps\/xkcUqWb22oHAaqFc6\" target=\"_blank\" rel=\"nofollow noopener external noreferrer\" data-wpel-link=\"external\"><strong>Comment s&rsquo;y rendre<\/strong><\/a><\/li>\n<\/ul>\n<h3><span class=\"ez-toc-section\" id=\"Visites_nocturnes_theatralisees_musee_de_lautomobile_%E2%80%93_Malaga\"><\/span>Visites nocturnes th\u00e9\u00e2tralis\u00e9es mus\u00e9e de l&rsquo;automobile &#8211; Malaga<span class=\"ez-toc-section-end\"><\/span><\/h3>\n<p><img loading=\"lazy\" decoding=\"async\" class=\" wp-image-9447\" src=\"https:\/\/www.malagacar.com\/sp\/blog\/wp-content\/uploads\/2021\/09\/museo-automovilistico2.jpg\" alt=\"Museo Automovil\u00edstico\" width=\"925\" height=\"618\" \/><\/p>\n<p>Profitez d&rsquo;une visite nocturne th\u00e9\u00e2tralis\u00e9e au mus\u00e9e de l&rsquo;automobile et de la mode de Malaga. Les visiteurs peuvent d\u00e9couvrir l&rsquo;histoire des voitures historiques \u00e0 travers des personnages pertinents.<\/p>\n<p>Parmi ces personnages, on trouve l&rsquo;agent 007, qui renouvelle son permis de tuer, ou Amelia Earhart, la premi\u00e8re femme aviatrice \u00e0 avoir travers\u00e9 l&rsquo;Atlantique, Coco Chanel ou Salvador Dal\u00ed. La visite dure une heure et demie.<\/p>\n<ul>\n<li>Billets au <a href=\"https:\/\/historiavivamalaga.es\/visitas-teatralizadas-en-malaga\/museo-automovilistico-y-de-la-moda-en-malaga\/\" data-wpel-link=\"external\" rel=\"external noopener noreferrer\"><strong> Site web<\/strong><\/a><\/li>\n<li>Quand : Le premier vendredi de chaque mois (dans la mesure o\u00f9 le calendrier des \u00e9v\u00e9nements du mus\u00e9e le permet)<\/li>\n<li>O\u00f9 : Museo Automovil\u00edstico y de la Moda M\u00e1laga<\/li>\n<li><a href=\"https:\/\/maps.app.goo.gl\/G5hqDkF77EADCBBg8\" data-wpel-link=\"external\" rel=\"external noopener noreferrer\"><strong> Comment s&rsquo;y rendre<\/strong><\/a><\/li>\n<\/ul>\n<h2><span class=\"ez-toc-section\" id=\"Festivals_gastronomiques_a_Malaga_en_septembre\"><\/span>Festivals gastronomiques \u00e0 Malaga en septembre<span class=\"ez-toc-section-end\"><\/span><\/h2>\n<h3><span class=\"ez-toc-section\" id=\"Fete_des_vendanges_%E2%80%93_Manilva\"><\/span>F\u00eate des vendanges &#8211; Manilva<span class=\"ez-toc-section-end\"><\/span><\/h3>\n<p>Au cours du premier week-end de septembre, les rues de Manilva c\u00e9l\u00e8brent la fin des vendanges avec la F\u00eate des vendanges.<\/p>\n<p><img loading=\"lazy\" decoding=\"async\" class=\"alignnone wp-image-7182 size-full\" src=\"https:\/\/www.malagacar.com\/sp\/blog\/wp-content\/uploads\/2019\/08\/Manilva-Vendimina.jpg\" alt=\"Manilva vendimia\" width=\"550\" height=\"366\" \/><\/p>\n<p>Ce festival se distingue par son caract\u00e8re unique et par le foulage du raisin pour extraire le premier mo\u00fbt de l&rsquo;ann\u00e9e, qui est ensuite distribu\u00e9 aux visiteurs.<\/p>\n<p>Le point culminant du festival aura lieu dimanche, avec une foire en journ\u00e9e dans la Calle Mar, un d\u00e9fil\u00e9 de cavaliers, de la musique et des danses.<\/p>\n<h4>Programme<\/h4>\n<p><strong>Vendredi 4 septembre<\/strong><br \/>\n\u2022 22 h 00 : Ouverture officielle des festivit\u00e9s avec le traditionnel Festival de flamenco des vendanges \u00e0 l&rsquo;\u00e9cole Pablo Picasso.<br \/>\n<strong>Samedi 5 septembre<\/strong><br \/>\n\u2022 19 h 30 : Messe solennelle en l&rsquo;\u00e9glise Santa Ana.<br \/>\n\u2022 20 h 30 : Procession de la Vierge, offrande des plus belles grappes de raisin et concours de la grappe la plus lourde (Calle Mar).<br \/>\n\u2022 22 h 30 : Musique live et bals de rue (Calle Mar), suivis de sets de DJ sur la Plaza de la Vendimia.<br \/>\n<strong>Dimanche 6 septembre<\/strong><br \/>\n\u2022 13 h 00 : Ouverture de la f\u00eate diurne (Calle Mar) avec d\u00e9gustations gratuites de raisins locaux et de *mosto* (jus de raisin fra\u00eechement press\u00e9).<br \/>\n\u2022 13 h 30 : Grand d\u00e9fil\u00e9 de cavaliers et d\u00e9monstration de *doma vaquera* (dressage traditionnel andalou de style \u00ab cowboy \u00bb).<br \/>\n\u2022 14 h 00 : Concerts, ch\u0153urs *rocieros* et troupes de *verdiales*.<br \/>\n\u2022 19 h 00 : Temps fort du festival : la traditionnelle c\u00e9r\u00e9monie du foulage du raisin sur la Plaza de la Vendimia pour extraire le premier *mosto* de l&rsquo;ann\u00e9e.<br \/>\n\u2022 21 h 30 : Poursuite des festivit\u00e9s avec bal de rue et cl\u00f4ture en musique live.<\/p>\n<ul>\n<li>Quand : 5 et 6 septembre<\/li>\n<li>O\u00f9 : Manilva<\/li>\n<li><a href=\"https:\/\/goo.gl\/maps\/XevNUyNqRsUEbMgD6\" data-wpel-link=\"external\" rel=\"external noopener noreferrer\"><strong>Comment s&rsquo;y rendre<\/strong><\/a><\/li>\n<\/ul>\n<h3><span class=\"ez-toc-section\" id=\"Festival_de_lanchois_%E2%80%93_Rincon_de_la_Victoria\"><\/span>Festival de l&rsquo;anchois\u00a0&#8211; Rinc\u00f3n de la Victoria<span class=\"ez-toc-section-end\"><\/span><\/h3>\n<figure id=\"attachment_14256\" aria-describedby=\"caption-attachment-14256\" style=\"width: 999px\" class=\"wp-caption alignnone\"><img loading=\"lazy\" decoding=\"async\" class=\" wp-image-14256\" src=\"https:\/\/www.malagacar.com\/sp\/blog\/wp-content\/uploads\/2022\/08\/Anchoas-fritas-Credit-Depositphotos.jpg\" alt=\"Fiesta del Boquer\u00f3n Victoriano\" width=\"999\" height=\"663\" \/><figcaption id=\"caption-attachment-14256\" class=\"wp-caption-text\">Credit <a href=\"https:\/\/sp.depositphotos.com\/home.html\" data-wpel-link=\"external\" rel=\"external noopener noreferrer\">Depositphotos<\/a><\/figcaption><\/figure>\n<p>Le c\u00e9l\u00e8bre \u00e9v\u00e9nement gastronomique de Rinc\u00f3n de la Victoria se d\u00e9roulera du 8 au 13 septembre.<\/p>\n<p>Ce festival gastronomique rend hommage aux anchois \u00e0 travers un large \u00e9ventail d&rsquo;activit\u00e9s telles que des d\u00e9monstrations culinaires, le march\u00e9 Mercado Sabor a M\u00e1laga et des concerts. Et bien s\u00fbr, des d\u00e9gustations gratuites d&rsquo;anchois frits et marin\u00e9s seront propos\u00e9es.<\/p>\n<p>Le march\u00e9 Sabor a M\u00e1laga se tiendra sur la Plaza Al \u00c1ndalus de midi \u00e0 23 heures et proposera des produits locaux tels que du pain, de la charcuterie, du vin, des pommes de terre, du miel, de l&rsquo;huile d&rsquo;olive, du chocolat, des p\u00e2tisseries, du fromage et des confitures, entre autres.<\/p>\n<ul>\n<li>Quand : Du 8 au 13 septembre<\/li>\n<li>O\u00f9 : Rinc\u00f3n de la Victoria<\/li>\n<li><a href=\"https:\/\/goo.gl\/maps\/CQSJPXHbA3K3TM1e8\" data-wpel-link=\"external\" rel=\"external noopener noreferrer\"><strong>Comment s&rsquo;y rendre<\/strong><\/a><\/li>\n<\/ul>\n<h3><span class=\"ez-toc-section\" id=\"Fete_des_Vignobles_%E2%80%93_Moclinejo\"><\/span>F\u00eate des Vignobles \u2013 Moclinejo<span class=\"ez-toc-section-end\"><\/span><\/h3>\n<figure id=\"attachment_18076\" aria-describedby=\"caption-attachment-18076\" style=\"width: 716px\" class=\"wp-caption alignnone\"><img loading=\"lazy\" decoding=\"async\" class=\"size-full wp-image-18076\" src=\"https:\/\/www.malagacar.com\/sp\/blog\/wp-content\/uploads\/2025\/08\/Moclinejo.-Credit-Diputacion-de-Malaga.jpg\" alt=\"Fiesta de los Vi\u00f1eros \u2013 Moclinejo\" width=\"716\" height=\"474\" \/><figcaption id=\"caption-attachment-18076\" class=\"wp-caption-text\">Credit Conseil provincial de Malaga<\/figcaption><\/figure>\n<p>Une autre f\u00eate du vin nous emm\u00e8ne au c\u0153ur de l&rsquo;Axarqu\u00eda, une r\u00e9gion c\u00e9l\u00e8bre depuis des si\u00e8cles pour son muscat.<\/p>\n<p>Ce festival, qui a g\u00e9n\u00e9ralement lieu le deuxi\u00e8me dimanche de septembre, c\u00e9l\u00e8bre l&rsquo;apog\u00e9e des vendanges et constitue l&rsquo;occasion id\u00e9ale de s&rsquo;immerger dans l&rsquo;essence de l&rsquo;Axarqu\u00eda.<\/p>\n<p>Au programme\u00a0: musique traditionnelle des Verdiales, reconstitutions des vendanges et le c\u00e9l\u00e8bre \u00ab\u00a0pis\u00e1\u00a0\u00bb (pi\u00e9geage du raisin).<\/p>\n<p>De nombreux stands de produits locaux jalonnent les rues, et des d\u00e9gustations de produits typiques et de muscat seront propos\u00e9es \u00e0 diff\u00e9rents endroits de la ville, au son de la musique d&rsquo;artistes locaux.<\/p>\n<ul>\n<li>Quand : 13 septembre<\/li>\n<li>O\u00f9 : Moclinejo<\/li>\n<li><a href=\"https:\/\/maps.app.goo.gl\/j2vG21Fm1dRhGzaN7\" data-wpel-link=\"external\" rel=\"external noopener noreferrer\"><strong>Comment s&rsquo;y rendre<\/strong><\/a><\/li>\n<\/ul>\n<h3><span class=\"ez-toc-section\" id=\"Gout_de_Competa_%E2%80%93_Competa\"><\/span>Go\u00fbt de C\u00f3mpeta &#8211; C\u00f3mpeta<span class=\"ez-toc-section-end\"><\/span><\/h3>\n<p><img loading=\"lazy\" decoding=\"async\" class=\"alignnone wp-image-18081\" src=\"https:\/\/www.malagacar.com\/sp\/blog\/wp-content\/uploads\/2025\/08\/sabor-a-competa-1024x724.jpg\" alt=\"Sabor a C\u00f3mpeta \" width=\"561\" height=\"397\" \/><\/p>\n<p>C\u00f3mpeta est un petit village blanc situ\u00e9 \u00e0 plus de 600 m\u00e8tres d&rsquo;altitude dans la r\u00e9gion de la Haute Axarqu\u00eda. Outre son charme, ce village se distingue par la forte pr\u00e9sence d&rsquo;\u00e9trangers.<\/p>\n<figure id=\"attachment_15886\" aria-describedby=\"caption-attachment-15886\" style=\"width: 1000px\" class=\"wp-caption alignnone\"><img loading=\"lazy\" decoding=\"async\" class=\"size-full wp-image-15886\" src=\"https:\/\/www.malagacar.com\/sp\/blog\/wp-content\/uploads\/2024\/08\/Competa-D.jpg\" alt=\"competa\" width=\"1000\" height=\"715\" \/><figcaption id=\"caption-attachment-15886\" class=\"wp-caption-text\">Credit Depositphotos<\/figcaption><\/figure>\n<p>Cette ann\u00e9e, le village accueille la 4. \u00e9dition d&rsquo;un grand festival gastronomique, c\u00e9l\u00e9brant les 50 nationalit\u00e9s qui y vivent. La ville devient un p\u00f4le culinaire international, proposant une offre vari\u00e9e, des \u00e9pices africaines aux classiques europ\u00e9ens, en passant par la street food latino-am\u00e9ricaine et les sp\u00e9cialit\u00e9s asiatiques. Allez-vous le manquer ?<\/p>\n<p>Cet \u00e9v\u00e9nement gastronomique, qui aura lieu le samedi 26 septembre \u00e0 partir de 14 h sur la Plaza de Espa\u00f1a, proposera 30 \u00e9tals proposant une cuisine internationale et locale.<\/p>\n<p>Des spectacles musicaux de tous genres animeront \u00e9galement l&rsquo;\u00e9v\u00e9nement.<\/p>\n<ul>\n<li>Quand : 26 septembre, \u00e0 partir de 14 h<\/li>\n<li>O\u00f9 : C\u00f3mpeta<\/li>\n<li><a href=\"https:\/\/maps.app.goo.gl\/VPjgq4MDfrVqPt2p8\" data-wpel-link=\"external\" rel=\"external noopener noreferrer\"><strong>Comment s&rsquo;y rendre<\/strong><\/a><\/li>\n<\/ul>\n<h3><span class=\"ez-toc-section\" id=\"Journee_de_lamande_%E2%80%93_Almogia\"><\/span>Journ\u00e9e de l&rsquo;amande &#8211; Almog\u00eda<span class=\"ez-toc-section-end\"><\/span><\/h3>\n<figure id=\"attachment_18084\" aria-describedby=\"caption-attachment-18084\" style=\"width: 750px\" class=\"wp-caption alignnone\"><img loading=\"lazy\" decoding=\"async\" class=\"size-large wp-image-18084\" src=\"https:\/\/www.malagacar.com\/sp\/blog\/wp-content\/uploads\/2025\/08\/dia-almendra-almogia-Credit-Diputacion-de-Malaga-1024x570.jpg\" alt=\"D\u00eda de la Almendra - Almog\u00eda\" width=\"750\" height=\"417\" \/><figcaption id=\"caption-attachment-18084\" class=\"wp-caption-text\">Photo : Conseil provincial de Malaga<\/figcaption><\/figure>\n<p>La saison de la r\u00e9colte des amandes s&rsquo;\u00e9tend d&rsquo;ao\u00fbt \u00e0 septembre. Le dernier dimanche de septembre, le village d&rsquo;Almog\u00eda, situ\u00e9 dans les montagnes de Malaga, rend hommage \u00e0 ce fruit.<\/p>\n<p><iframe loading=\"lazy\" title=\"D\u00eda de la almendra. Almog\u00eda. Septiembre. Fiesta Singular\" src=\"https:\/\/www.youtube.com\/embed\/5bzxbL_KPHE\" width=\"696\" height=\"391\" frameborder=\"0\" allowfullscreen=\"allowfullscreen\"><\/iframe><\/p>\n<p>Tout au long de la journ\u00e9e, des expositions et des d\u00e9gustations de produits locaux tels que la <em>chanfaina<\/em> (rago\u00fbt de viande traditionnel), du fromage, des g\u00e2teaux aux amandes et des vins r\u00e9gionaux sont propos\u00e9es. Vous assisterez \u00e9galement \u00e0 des d\u00e9monstrations d&rsquo;artisanat traditionnel et, bien s\u00fbr, \u00e0 la musique traditionnelle des Verdiales.<\/p>\n<ul>\n<li>Quand : 27 septembre<\/li>\n<li>O\u00f9 : Almog\u00eda<\/li>\n<li><a href=\"https:\/\/maps.app.goo.gl\/QFjNvJ91SrL5eRgo9\" data-wpel-link=\"external\" rel=\"external noopener noreferrer\"><strong>Comment s&rsquo;y rendre<\/strong><\/a><\/li>\n<\/ul>\n<h3><span class=\"ez-toc-section\" id=\"Journee_du_raisin_%E2%80%93_El_Borge\"><\/span>Journ\u00e9e du raisin &#8211; El Borge<span class=\"ez-toc-section-end\"><\/span><\/h3>\n<figure id=\"attachment_18086\" aria-describedby=\"caption-attachment-18086\" style=\"width: 952px\" class=\"wp-caption alignnone\"><img loading=\"lazy\" decoding=\"async\" class=\"size-full wp-image-18086\" src=\"https:\/\/www.malagacar.com\/sp\/blog\/wp-content\/uploads\/2025\/08\/El-Borge-dia-de-la-Pasa.-Foto-Diputacion-de-Malaga.jpg\" alt=\"D\u00eda de la Pasa - El Borge\" width=\"952\" height=\"637\" \/><figcaption id=\"caption-attachment-18086\" class=\"wp-caption-text\">Photo : Conseil provincial de Malaga<\/figcaption><\/figure>\n<p>El Borge, le plus grand village producteur de raisins secs, c\u00e9l\u00e8bre chaque ann\u00e9e la \u00ab\u00a0Journ\u00e9e du Raisin sec\u00a0\u00bb le troisi\u00e8me dimanche de septembre. Ce village d&rsquo;un peu plus de mille habitants organise cette f\u00eate en l&rsquo;honneur du raisin sec d&rsquo;appellation d&rsquo;origine contr\u00f4l\u00e9e Malaga.<\/p>\n<p>Cette f\u00eate attire g\u00e9n\u00e9ralement des milliers de visiteurs qui d\u00e9gustent raisins secs, gaspacho, muscat, charcuterie et autres sp\u00e9cialit\u00e9s culinaires de l&rsquo;Axarqu\u00eda dans une ambiance anim\u00e9e, au son des fanfares de verdiales et des ch\u0153urs de rocieros.<\/p>\n<p>Cette vid\u00e9o vous donne un aper\u00e7u de ce qui vous attend si vous d\u00e9cidez de visiter El Borge pendant sa f\u00eate du raisin sec.<\/p>\n<p><iframe loading=\"lazy\" title=\"D\u00eda de la pasa. El Borge. Septiembre. Fiesta Singular\" src=\"https:\/\/www.youtube.com\/embed\/8GVfeVQQmf8\" width=\"640\" height=\"360\" frameborder=\"0\" allowfullscreen=\"allowfullscreen\"><\/iframe><\/p>\n<ul>\n<li>Quand : 20 septembre<\/li>\n<li>O\u00f9 : El Borge<\/li>\n<li><a href=\"https:\/\/maps.app.goo.gl\/g5kf8Da9Kgmzk4x88\" data-wpel-link=\"external\" rel=\"external noopener noreferrer\"><strong>Comment s&rsquo;y rendre<\/strong><\/a><\/li>\n<\/ul>\n<h3><span class=\"ez-toc-section\" id=\"Fete_du_raisin_%E2%80%93_La_Vinuela\"><\/span>F\u00eate du raisin &#8211; La Vi\u00f1uela<span class=\"ez-toc-section-end\"><\/span><\/h3>\n<figure id=\"attachment_18088\" aria-describedby=\"caption-attachment-18088\" style=\"width: 750px\" class=\"wp-caption alignnone\"><img loading=\"lazy\" decoding=\"async\" class=\"size-large wp-image-18088\" src=\"https:\/\/www.malagacar.com\/sp\/blog\/wp-content\/uploads\/2025\/08\/La-Vinuela-Foto-sipamuvapasamalaga-1024x753.jpg\" alt=\"Fiesta de la Pasa - La Vi\u00f1uela\" width=\"750\" height=\"552\" \/><figcaption id=\"caption-attachment-18088\" class=\"wp-caption-text\">Photo : sipamuvapasamalaga<\/figcaption><\/figure>\n<p>La Vi\u00f1uela est un village d&rsquo;environ 1\u00a0200 habitants situ\u00e9 \u00e0 proximit\u00e9 du <a href=\"https:\/\/www.malagacar.com\/fr\/blog\/loisirs\/reservoirs-de-malaga\/#Reservoir_La_Vinuela_%E2%80%93_Axarquia\" data-wpel-link=\"internal\"><strong>r\u00e9servoir de la Vi\u00f1uela<\/strong><\/a>. \u00c0 la mi-septembre, ses habitants rendent hommage au raisin muscat et au vin de Malaga.<\/p>\n<p>C&rsquo;est une f\u00eate tr\u00e8s anim\u00e9e o\u00f9 vous pourrez d\u00e9couvrir la culture traditionnelle et assister \u00e0 des d\u00e9monstrations des techniques de production du raisin.<\/p>\n<p>De plus, un programme culinaire, culturel et artisanal complet est propos\u00e9 pour tous les publics, avec des stands de produits locaux, des spectacles musicaux et des d\u00e9gustations de vins et de raisins locaux.<\/p>\n<p><iframe loading=\"lazy\" title=\"SIPAM Uva Pasa de M\u00e1laga en la Axarqu\u00eda\" src=\"https:\/\/www.youtube.com\/embed\/fam1NGQdDeY\" width=\"1200\" height=\"675\" frameborder=\"0\" allowfullscreen=\"allowfullscreen\"><\/iframe><\/p>\n<ul>\n<li>O\u00f9 : La Vi\u00f1uela<\/li>\n<li>Quand : 12 et 13 septembre<\/li>\n<li><a href=\"https:\/\/maps.app.goo.gl\/NskhCEN5hzpEKxi98\" data-wpel-link=\"external\" rel=\"external noopener noreferrer\"><strong>Comment s&rsquo;y rendre<\/strong><\/a><\/li>\n<\/ul>\n<h3><span class=\"ez-toc-section\" id=\"Fete_des_recoltes_%E2%80%93_Mollina\"><\/span>F\u00eate des r\u00e9coltes &#8211; Mollina<span class=\"ez-toc-section-end\"><\/span><\/h3>\n<p><img loading=\"lazy\" decoding=\"async\" class=\"alignnone size-full wp-image-19929\" src=\"https:\/\/www.malagacar.com\/sp\/blog\/wp-content\/uploads\/2025\/08\/Vinedos-Mollina.jpg\" alt=\"Feria de la Vendimia Mollina\" width=\"800\" height=\"450\" \/><\/p>\n<p>Mollina est une petite ville d&rsquo;environ 5\u00a0000 habitants, situ\u00e9e dans la r\u00e9gion d&rsquo;Antequera, au nord de la province de Malaga. Sa culture viticole est profond\u00e9ment ancr\u00e9e. Les habitants c\u00e9l\u00e8brent la fin des vendanges avec la F\u00eate des Vendanges.<\/p>\n<p>Pendant cette f\u00eate, un programme riche est propos\u00e9, incluant bien s\u00fbr des d\u00e9gustations de vins d&rsquo;appellation d&rsquo;origine contr\u00f4l\u00e9e M\u00e1laga et Sierras de M\u00e1laga.<\/p>\n<h4>Programme<\/h4>\n<ul>\n<li>11 septembre : \u00c0 partir de 22 h 30, toast traditionnel aux vendanges 2025 sur la Plaza de Atenas. L\u2019\u00e9v\u00e9nement sera suivi d\u2019une f\u00eate populaire avec concerts.<\/li>\n<li>12 septembre : Grande d\u00e9gustation de vins populaire sur la Plaza de Atenas dans l\u2019apr\u00e8s-midi, suivie de concerts en soir\u00e9e.<\/li>\n<li>13 septembre : Balade \u00e0 v\u00e9lo urbaine, d\u00e9fil\u00e9 et concerts. \u00c0 18 h 30, une course de rubans avec des chevaux aura lieu rue Ca\u00f1adas. \u00c0 23 h, un autre concert aura lieu sur la Plaza de Atenas pour cl\u00f4turer les festivit\u00e9s.<\/li>\n<\/ul>\n<h4>Notre recommandation<\/h4>\n<p>Lors de votre s\u00e9jour \u00e0 Mollina, ne manquez pas de visiter la <a href=\"https:\/\/www.malagacar.com\/fr\/blog\/loisirs\/dolmens-antequera\/#Laguna_Fuente_de_Piedra\" data-wpel-link=\"internal\"><strong>Fuente Laguna de Piedra<\/strong><\/a>, une lagune d&rsquo;eau sal\u00e9e abritant la plus grande colonie de flamants roses de la p\u00e9ninsule.<\/p>\n<ul>\n<li>Quand : Du 11 au 13 septembre<\/li>\n<li>O\u00f9 : Mollina<\/li>\n<li><a href=\"https:\/\/maps.app.goo.gl\/531fm4mSf9uEtHha6\" data-wpel-link=\"external\" rel=\"external noopener noreferrer\"><strong>Comment s&rsquo;y rendre<\/strong><\/a><\/li>\n<\/ul>\n<h3><span class=\"ez-toc-section\" id=\"Ajoblanco_Festival_%E2%80%93_Almachar\"><\/span>Ajoblanco Festival &#8211; Alm\u00e1char<span class=\"ez-toc-section-end\"><\/span><\/h3>\n<p><img loading=\"lazy\" decoding=\"async\" class=\"alignnone wp-image-19912\" src=\"https:\/\/www.malagacar.com\/sp\/blog\/wp-content\/uploads\/2025\/08\/ajo-blanco-almachar-724x1024.jpg\" alt=\"Fiesta de Ajoblanco - Alm\u00e1char\" width=\"446\" height=\"631\" \/><\/p>\n<p>Parmi les nombreuses f\u00eates du vin que nous avons mentionn\u00e9es jusqu&rsquo;\u00e0 pr\u00e9sent, Alm\u00e1char se distingue en rendant hommage \u00e0 un produit local typique compl\u00e8tement diff\u00e9rent.<\/p>\n<p>Ce petit village blanc de moins de 2\u00a0000 habitants invite les visiteurs \u00e0 d\u00e9guster son Ajoblanco chaque ann\u00e9e le premier dimanche de septembre.<\/p>\n<p>L&rsquo;ajoblanco est une boisson locale typique servie froide, d&rsquo;origine arabe, pr\u00e9par\u00e9e avec de la chapelure, de l&rsquo;ail et des amandes, auxquels on ajoute deux ou trois raisins de muscat.<\/p>\n<p>En plus de pouvoir d\u00e9guster gratuitement ce d\u00e9lice, id\u00e9al pour les mois chauds (et d\u00e9but septembre, les temp\u00e9ratures \u00e0 Malaga avoisinent encore les 30 degr\u00e9s\u00a0!), un programme complet vous est propos\u00e9 pour une agr\u00e9able journ\u00e9e dans l&rsquo;Axarqu\u00eda.<\/p>\n<h4>Programme<\/h4>\n<p>Tout au long de la journ\u00e9e, vous pourrez profiter de :<\/p>\n<ul>\n<li>D\u00e9gustations gratuites d&rsquo;ajoblanco, de p\u00e2te d&rsquo;ajoblanco, de vin, de raisins secs et de raisins muscat.<\/li>\n<li>Un atelier de pr\u00e9paration de l&rsquo;ajoblanco.<\/li>\n<li>Visites guid\u00e9es et entr\u00e9e gratuite au <a href=\"https:\/\/maps.app.goo.gl\/9CWWRaSuY8hDshaj9\" data-wpel-link=\"external\" rel=\"external noopener noreferrer\"><strong>Mus\u00e9e du Raisin<\/strong><\/a>.<\/li>\n<li>Repr\u00e9sentations th\u00e9\u00e2trales et d\u00e9fil\u00e9s de rue Verdiales.<\/li>\n<li>Spectacles de chorales, d&rsquo;\u00e9coles de danse et de troupes de Verdiales.<\/li>\n<li>Exposition du concours de peinture \u00ab Fen\u00eatres sur l&rsquo;art et le muscat \u00bb.<\/li>\n<li>Grande soir\u00e9e flamenco.<\/li>\n<li>F\u00eate de rue caritative avec musique en direct.<\/li>\n<li>Espace d\u00e9di\u00e9 aux enfants.<\/li>\n<\/ul>\n<p>Un service de navette gratuit est disponible depuis la gare routi\u00e8re de Torre del Mar.<\/p>\n<ul>\n<li>Quand : 5 septembre<\/li>\n<li>O\u00f9 : Almachar<\/li>\n<li><a href=\"https:\/\/maps.app.goo.gl\/GX4KTUaHSUQffoDE9\" data-wpel-link=\"external\" rel=\"external noopener noreferrer\"><strong>Comment s&rsquo;y rendre<\/strong><\/a><\/li>\n<\/ul>\n<h3><span class=\"ez-toc-section\" id=\"Fete_de_lolive_%E2%80%93_Alozaina\"><\/span>F\u00eate de l&rsquo;olive &#8211; Alozaina<span class=\"ez-toc-section-end\"><\/span><\/h3>\n<p><img loading=\"lazy\" decoding=\"async\" class=\"alignnone size-large wp-image-19941\" src=\"https:\/\/www.malagacar.com\/sp\/blog\/wp-content\/uploads\/2025\/08\/Alozaina-feria-aceituna-1024x758.jpg\" alt=\"Alozaina feria aceituna\" width=\"750\" height=\"555\" \/><\/p>\n<p>Visitez le village blanc d&rsquo;Alozaina, nich\u00e9 au pied du parc national de la Sierra de las Nieves, \u00e0 environ 50 km de Malaga. Vous pourrez y profiter d&rsquo;une foire gastronomique c\u00e9l\u00e9brant la r\u00e9colte de l&rsquo;olive Manzanilla Alore\u00f1a, la premi\u00e8re olive de table espagnole \u00e0 avoir obtenu une appellation d&rsquo;origine.<\/p>\n<p>Les visiteurs peuvent d\u00e9guster la nouvelle r\u00e9colte de ces olives Alore\u00f1a l\u00e9g\u00e8rement am\u00e8res, accompagn\u00e9es de bi\u00e8re fra\u00eeche, de charcuterie et de fromages locaux.<\/p>\n<p>L&rsquo;\u00e9v\u00e9nement propose \u00e9galement des concerts, des spectacles musicaux, des march\u00e9s artisanaux et des animations pour les enfants.<\/p>\n<ul>\n<li>Dates : du 6 au 9 septembre<\/li>\n<li>O\u00f9 : Alozaina<\/li>\n<li><a href=\"https:\/\/maps.app.goo.gl\/2qeAnbb32rNPkqpp9\" data-wpel-link=\"external\" rel=\"external noopener noreferrer\"><strong>Comment s&rsquo;y rendre<\/strong><\/a><\/li>\n<\/ul>\n<h3><span class=\"ez-toc-section\" id=\"Festival_de_la_chevre_de_Malaga_%E2%80%93_Casabermeja\"><\/span>Festival de la ch\u00e8vre de Malaga \u2013 Casabermeja<span class=\"ez-toc-section-end\"><\/span><\/h3>\n<p><img loading=\"lazy\" decoding=\"async\" class=\"alignnone wp-image-19948\" src=\"https:\/\/www.malagacar.com\/sp\/blog\/wp-content\/uploads\/2026\/08\/cabra-malaguena-casabermeja.jpg\" alt=\"Fiesta de la Cabra Malague\u00f1a \u2013 Casabermeja\" width=\"480\" height=\"680\" \/><\/p>\n<p>Lors de cet \u00e9v\u00e9nement gastronomique, vous aurez l&rsquo;occasion de d\u00e9guster et d&rsquo;acheter de d\u00e9licieux fromages de Malaga. Le village de Casabermeja poss\u00e8de une longue tradition d&rsquo;\u00e9levage caprin.<\/p>\n<p>Durant la F\u00eate de la Ch\u00e8vre de Malaga, un march\u00e9 gastronomique proposera des fromages de Malaga ainsi que d&rsquo;autres produits locaux, dont beaucoup portent le label de qualit\u00e9 \u00ab Sabor a M\u00e1laga \u00bb.<\/p>\n<p>Par ailleurs, un programme complet d&rsquo;activit\u00e9s pour tous les \u00e2ges est pr\u00e9vu, incluant un parcours culinaire, des d\u00e9gustations de fromages, des animations pour les enfants, un march\u00e9 artisanal, des spectacles musicaux et des visites guid\u00e9es pour d\u00e9couvrir l&rsquo;histoire et la culture de Casabermeja.<\/p>\n<ul>\n<li>Dates : du 18 au 20 septembre<\/li>\n<li>O\u00f9 : Casabermeja<\/li>\n<li><a href=\"https:\/\/maps.app.goo.gl\/ERjAWJQhHHjac64t7\" data-wpel-link=\"external\" rel=\"external noopener noreferrer\"><strong>Comment s&rsquo;y rendre<\/strong><\/a><\/li>\n<\/ul>\n<h2><span class=\"ez-toc-section\" id=\"Le_temps_a_Malaga_en_septembre\"><\/span>Le temps \u00e0 Malaga en septembre<span class=\"ez-toc-section-end\"><\/span><\/h2>\n<p>Nous ne nous lassons jamais de le dire : Si vous pouvez venir sur la Costa del Sol en septembre, n&rsquo;h\u00e9sitez pas !<\/p>\n<p>Tout n&rsquo;est qu&rsquo;avantages : L&rsquo;\u00e9t\u00e9 en septembre est encore en plein essor ici. La temp\u00e9rature diurne moyenne atteint 27\/28\u00baC. mais avec l&rsquo;avantage que nous ne souffrons pas autant des nuits tropicales et de la chaleur insupportable qui rend difficile un bon repos.<\/p>\n<p><img loading=\"lazy\" decoding=\"async\" class=\"alignnone wp-image-12201\" src=\"https:\/\/www.malagacar.com\/sp\/blog\/wp-content\/uploads\/2021\/08\/Los-Alamos.jpg\" alt=\"Playa Los \u00c1lamos, Torremolinos\" width=\"995\" height=\"746\" \/><\/p>\n<p>Et si vous voulez profiter de bonnes vacances sans foule, vous devriez attendre septembre. La r\u00e9compense pour l&rsquo;attente sera des plages vides et des routes sans embouteillages.<\/p>\n<p>Les supermarch\u00e9s, les bars et les restaurants sont de retour \u00e0 la normale : Vous pouvez profiter de l&rsquo;amabilit\u00e9 naturelle des Malague\u00f1os qui se perd un peu pendant ces mois, car la forte demande et les temp\u00e9ratures \u00e9lev\u00e9es ont un impact sur la qualit\u00e9 du service.<\/p>\n<h3><span class=\"ez-toc-section\" id=\"Quel_genre_de_vetements_dois-je_apporter\"><\/span>Quel genre de v\u00eatements dois-je apporter ?<span class=\"ez-toc-section-end\"><\/span><\/h3>\n<p>Pendant la journ\u00e9e, la tenue d&rsquo;\u00e9t\u00e9 habituelle, des sandales et des v\u00eatements l\u00e9gers sont essentiels. Le soir, surtout pr\u00e8s de la mer, il fait assez frais pour porter une veste l\u00e9g\u00e8re.<\/p>\n<p>N&rsquo;oubliez pas vos lunettes de soleil et un chapeau, le soleil brille encore fort.<br \/>\n\t\t\t\t\n\t\t\t\t<div id=\"search-form2\" class=\"big-quote index-mobile\">\n\t\t\t\t<form id=\"frmSearch\" name=\"frmSearch\" action=\"\/fr\/location-de-voitures\/quote.php\" method=\"post\" name=\"quote\" class=\"container-fluid\">\n\t\t\t\t\t\t\t\t\t<div class=\"row\">\n\t\t\t\t\t\t<div class=\"col-sm-6\">\n\n\t\t\t\t\t\t\t<div class=\"form-group\">\n\t\t\t\t\t\t\t\t<label for=\"entrega\"><h4>Collecte<\/h4><\/label>\n\t\t\t\t\t\t\t\t<select name=\"entrega\" id=\"entrega\" class=\"custom-select\">\n\t\t\t\t\t\t\t\t\t<option value=\"airport\"  selected>Malaga A\u00e9roport<\/option>\n\t\t\t\t\t\t\t\t\t\t\t\t\t\t\t\t<\/select>\n\t\t\t\t\t\t\t\t<div class=\"form-inline my-2\">\n\t\t\t\t\t\t\t\t\t<input id=\"pDate\" class=\"form-control\" value=\"07\/09\/2026\" name=\"pDate\" readonly onchange=\"return uppdate()\">\n\t\t\t\t\t\t\t\t\t<select class=\"custom-select\" id=\"phorasminutos\" name=\"phorasminutos\" oninvalid=\"setCustomValidity('Faites-nous conna\u00eetre votre heure d\u00b4arriv\u00e9e')\" onchange=\"setCustomValidity('');\">\n\t\t\t\t\t\t\t\t\t\t<option value=\"-\" selected>--:--<\/option>\n\t\t\t\t\t\t\t\t\t\t\t\t\t\t\t\t\t\t\t\t<option value=\"00:00\">\n\t\t\t\t\t\t\t\t\t\t\t00:00<\/option>\n\t\t\t\t\t\t\t\t\t\t<option value=\"00:15\">\n\t\t\t\t\t\t\t\t\t\t\t00:15<\/option>\n\t\t\t\t\t\t\t\t\t\t<option value=\"00:30\">\n\t\t\t\t\t\t\t\t\t\t\t00:30<\/option>\n\t\t\t\t\t\t\t\t\t\t<option value=\"00:45\">\n\t\t\t\t\t\t\t\t\t\t\t00:45<\/option>\n\t\t\t\t\t\t\t\t\t\t\t\t\t\t\t\t\t\t\t\t<option value=\"01:00\">\n\t\t\t\t\t\t\t\t\t\t\t01:00<\/option>\n\t\t\t\t\t\t\t\t\t\t<option value=\"01:15\">\n\t\t\t\t\t\t\t\t\t\t\t01:15<\/option>\n\t\t\t\t\t\t\t\t\t\t<option value=\"01:30\">\n\t\t\t\t\t\t\t\t\t\t\t01:30<\/option>\n\t\t\t\t\t\t\t\t\t\t<option value=\"01:45\">\n\t\t\t\t\t\t\t\t\t\t\t01:45<\/option>\n\t\t\t\t\t\t\t\t\t\t\t\t\t\t\t\t\t\t\t\t<option value=\"02:00\">\n\t\t\t\t\t\t\t\t\t\t\t02:00<\/option>\n\t\t\t\t\t\t\t\t\t\t<option value=\"02:15\">\n\t\t\t\t\t\t\t\t\t\t\t02:15<\/option>\n\t\t\t\t\t\t\t\t\t\t<option value=\"02:30\">\n\t\t\t\t\t\t\t\t\t\t\t02:30<\/option>\n\t\t\t\t\t\t\t\t\t\t<option value=\"02:45\">\n\t\t\t\t\t\t\t\t\t\t\t02:45<\/option>\n\t\t\t\t\t\t\t\t\t\t\t\t\t\t\t\t\t\t\t\t<option value=\"03:00\">\n\t\t\t\t\t\t\t\t\t\t\t03:00<\/option>\n\t\t\t\t\t\t\t\t\t\t<option value=\"03:15\">\n\t\t\t\t\t\t\t\t\t\t\t03:15<\/option>\n\t\t\t\t\t\t\t\t\t\t<option value=\"03:30\">\n\t\t\t\t\t\t\t\t\t\t\t03:30<\/option>\n\t\t\t\t\t\t\t\t\t\t<option value=\"03:45\">\n\t\t\t\t\t\t\t\t\t\t\t03:45<\/option>\n\t\t\t\t\t\t\t\t\t\t\t\t\t\t\t\t\t\t\t\t<option value=\"04:00\">\n\t\t\t\t\t\t\t\t\t\t\t04:00<\/option>\n\t\t\t\t\t\t\t\t\t\t<option value=\"04:15\">\n\t\t\t\t\t\t\t\t\t\t\t04:15<\/option>\n\t\t\t\t\t\t\t\t\t\t<option value=\"04:30\">\n\t\t\t\t\t\t\t\t\t\t\t04:30<\/option>\n\t\t\t\t\t\t\t\t\t\t<option value=\"04:45\">\n\t\t\t\t\t\t\t\t\t\t\t04:45<\/option>\n\t\t\t\t\t\t\t\t\t\t\t\t\t\t\t\t\t\t\t\t<option value=\"05:00\">\n\t\t\t\t\t\t\t\t\t\t\t05:00<\/option>\n\t\t\t\t\t\t\t\t\t\t<option value=\"05:15\">\n\t\t\t\t\t\t\t\t\t\t\t05:15<\/option>\n\t\t\t\t\t\t\t\t\t\t<option value=\"05:30\">\n\t\t\t\t\t\t\t\t\t\t\t05:30<\/option>\n\t\t\t\t\t\t\t\t\t\t<option value=\"05:45\">\n\t\t\t\t\t\t\t\t\t\t\t05:45<\/option>\n\t\t\t\t\t\t\t\t\t\t\t\t\t\t\t\t\t\t\t\t<option value=\"06:00\">\n\t\t\t\t\t\t\t\t\t\t\t06:00<\/option>\n\t\t\t\t\t\t\t\t\t\t<option value=\"06:15\">\n\t\t\t\t\t\t\t\t\t\t\t06:15<\/option>\n\t\t\t\t\t\t\t\t\t\t<option value=\"06:30\">\n\t\t\t\t\t\t\t\t\t\t\t06:30<\/option>\n\t\t\t\t\t\t\t\t\t\t<option value=\"06:45\">\n\t\t\t\t\t\t\t\t\t\t\t06:45<\/option>\n\t\t\t\t\t\t\t\t\t\t\t\t\t\t\t\t\t\t\t\t<option value=\"07:00\">\n\t\t\t\t\t\t\t\t\t\t\t07:00<\/option>\n\t\t\t\t\t\t\t\t\t\t<option value=\"07:15\">\n\t\t\t\t\t\t\t\t\t\t\t07:15<\/option>\n\t\t\t\t\t\t\t\t\t\t<option value=\"07:30\">\n\t\t\t\t\t\t\t\t\t\t\t07:30<\/option>\n\t\t\t\t\t\t\t\t\t\t<option value=\"07:45\">\n\t\t\t\t\t\t\t\t\t\t\t07:45<\/option>\n\t\t\t\t\t\t\t\t\t\t\t\t\t\t\t\t\t\t\t\t<option value=\"08:00\">\n\t\t\t\t\t\t\t\t\t\t\t08:00<\/option>\n\t\t\t\t\t\t\t\t\t\t<option value=\"08:15\">\n\t\t\t\t\t\t\t\t\t\t\t08:15<\/option>\n\t\t\t\t\t\t\t\t\t\t<option value=\"08:30\">\n\t\t\t\t\t\t\t\t\t\t\t08:30<\/option>\n\t\t\t\t\t\t\t\t\t\t<option value=\"08:45\">\n\t\t\t\t\t\t\t\t\t\t\t08:45<\/option>\n\t\t\t\t\t\t\t\t\t\t\t\t\t\t\t\t\t\t\t\t<option value=\"09:00\">\n\t\t\t\t\t\t\t\t\t\t\t09:00<\/option>\n\t\t\t\t\t\t\t\t\t\t<option value=\"09:15\">\n\t\t\t\t\t\t\t\t\t\t\t09:15<\/option>\n\t\t\t\t\t\t\t\t\t\t<option value=\"09:30\">\n\t\t\t\t\t\t\t\t\t\t\t09:30<\/option>\n\t\t\t\t\t\t\t\t\t\t<option value=\"09:45\">\n\t\t\t\t\t\t\t\t\t\t\t09:45<\/option>\n\t\t\t\t\t\t\t\t\t\t\t\t\t\t\t\t\t\t\t\t<option value=\"10:00\">\n\t\t\t\t\t\t\t\t\t\t\t10:00<\/option>\n\t\t\t\t\t\t\t\t\t\t<option value=\"10:15\">\n\t\t\t\t\t\t\t\t\t\t\t10:15<\/option>\n\t\t\t\t\t\t\t\t\t\t<option value=\"10:30\">\n\t\t\t\t\t\t\t\t\t\t\t10:30<\/option>\n\t\t\t\t\t\t\t\t\t\t<option value=\"10:45\">\n\t\t\t\t\t\t\t\t\t\t\t10:45<\/option>\n\t\t\t\t\t\t\t\t\t\t\t\t\t\t\t\t\t\t\t\t<option value=\"11:00\">\n\t\t\t\t\t\t\t\t\t\t\t11:00<\/option>\n\t\t\t\t\t\t\t\t\t\t<option value=\"11:15\">\n\t\t\t\t\t\t\t\t\t\t\t11:15<\/option>\n\t\t\t\t\t\t\t\t\t\t<option value=\"11:30\">\n\t\t\t\t\t\t\t\t\t\t\t11:30<\/option>\n\t\t\t\t\t\t\t\t\t\t<option value=\"11:45\">\n\t\t\t\t\t\t\t\t\t\t\t11:45<\/option>\n\t\t\t\t\t\t\t\t\t\t\t\t\t\t\t\t\t\t\t\t<option value=\"12:00\">\n\t\t\t\t\t\t\t\t\t\t\t12:00<\/option>\n\t\t\t\t\t\t\t\t\t\t<option value=\"12:15\">\n\t\t\t\t\t\t\t\t\t\t\t12:15<\/option>\n\t\t\t\t\t\t\t\t\t\t<option value=\"12:30\">\n\t\t\t\t\t\t\t\t\t\t\t12:30<\/option>\n\t\t\t\t\t\t\t\t\t\t<option value=\"12:45\">\n\t\t\t\t\t\t\t\t\t\t\t12:45<\/option>\n\t\t\t\t\t\t\t\t\t\t\t\t\t\t\t\t\t\t\t\t<option value=\"13:00\">\n\t\t\t\t\t\t\t\t\t\t\t13:00<\/option>\n\t\t\t\t\t\t\t\t\t\t<option value=\"13:15\">\n\t\t\t\t\t\t\t\t\t\t\t13:15<\/option>\n\t\t\t\t\t\t\t\t\t\t<option value=\"13:30\">\n\t\t\t\t\t\t\t\t\t\t\t13:30<\/option>\n\t\t\t\t\t\t\t\t\t\t<option value=\"13:45\">\n\t\t\t\t\t\t\t\t\t\t\t13:45<\/option>\n\t\t\t\t\t\t\t\t\t\t\t\t\t\t\t\t\t\t\t\t<option value=\"14:00\">\n\t\t\t\t\t\t\t\t\t\t\t14:00<\/option>\n\t\t\t\t\t\t\t\t\t\t<option value=\"14:15\">\n\t\t\t\t\t\t\t\t\t\t\t14:15<\/option>\n\t\t\t\t\t\t\t\t\t\t<option value=\"14:30\">\n\t\t\t\t\t\t\t\t\t\t\t14:30<\/option>\n\t\t\t\t\t\t\t\t\t\t<option value=\"14:45\">\n\t\t\t\t\t\t\t\t\t\t\t14:45<\/option>\n\t\t\t\t\t\t\t\t\t\t\t\t\t\t\t\t\t\t\t\t<option value=\"15:00\">\n\t\t\t\t\t\t\t\t\t\t\t15:00<\/option>\n\t\t\t\t\t\t\t\t\t\t<option value=\"15:15\">\n\t\t\t\t\t\t\t\t\t\t\t15:15<\/option>\n\t\t\t\t\t\t\t\t\t\t<option value=\"15:30\">\n\t\t\t\t\t\t\t\t\t\t\t15:30<\/option>\n\t\t\t\t\t\t\t\t\t\t<option value=\"15:45\">\n\t\t\t\t\t\t\t\t\t\t\t15:45<\/option>\n\t\t\t\t\t\t\t\t\t\t\t\t\t\t\t\t\t\t\t\t<option value=\"16:00\">\n\t\t\t\t\t\t\t\t\t\t\t16:00<\/option>\n\t\t\t\t\t\t\t\t\t\t<option value=\"16:15\">\n\t\t\t\t\t\t\t\t\t\t\t16:15<\/option>\n\t\t\t\t\t\t\t\t\t\t<option value=\"16:30\">\n\t\t\t\t\t\t\t\t\t\t\t16:30<\/option>\n\t\t\t\t\t\t\t\t\t\t<option value=\"16:45\">\n\t\t\t\t\t\t\t\t\t\t\t16:45<\/option>\n\t\t\t\t\t\t\t\t\t\t\t\t\t\t\t\t\t\t\t\t<option value=\"17:00\">\n\t\t\t\t\t\t\t\t\t\t\t17:00<\/option>\n\t\t\t\t\t\t\t\t\t\t<option value=\"17:15\">\n\t\t\t\t\t\t\t\t\t\t\t17:15<\/option>\n\t\t\t\t\t\t\t\t\t\t<option value=\"17:30\">\n\t\t\t\t\t\t\t\t\t\t\t17:30<\/option>\n\t\t\t\t\t\t\t\t\t\t<option value=\"17:45\">\n\t\t\t\t\t\t\t\t\t\t\t17:45<\/option>\n\t\t\t\t\t\t\t\t\t\t\t\t\t\t\t\t\t\t\t\t<option value=\"18:00\">\n\t\t\t\t\t\t\t\t\t\t\t18:00<\/option>\n\t\t\t\t\t\t\t\t\t\t<option value=\"18:15\">\n\t\t\t\t\t\t\t\t\t\t\t18:15<\/option>\n\t\t\t\t\t\t\t\t\t\t<option value=\"18:30\">\n\t\t\t\t\t\t\t\t\t\t\t18:30<\/option>\n\t\t\t\t\t\t\t\t\t\t<option value=\"18:45\">\n\t\t\t\t\t\t\t\t\t\t\t18:45<\/option>\n\t\t\t\t\t\t\t\t\t\t\t\t\t\t\t\t\t\t\t\t<option value=\"19:00\">\n\t\t\t\t\t\t\t\t\t\t\t19:00<\/option>\n\t\t\t\t\t\t\t\t\t\t<option value=\"19:15\">\n\t\t\t\t\t\t\t\t\t\t\t19:15<\/option>\n\t\t\t\t\t\t\t\t\t\t<option value=\"19:30\">\n\t\t\t\t\t\t\t\t\t\t\t19:30<\/option>\n\t\t\t\t\t\t\t\t\t\t<option value=\"19:45\">\n\t\t\t\t\t\t\t\t\t\t\t19:45<\/option>\n\t\t\t\t\t\t\t\t\t\t\t\t\t\t\t\t\t\t\t\t<option value=\"20:00\">\n\t\t\t\t\t\t\t\t\t\t\t20:00<\/option>\n\t\t\t\t\t\t\t\t\t\t<option value=\"20:15\">\n\t\t\t\t\t\t\t\t\t\t\t20:15<\/option>\n\t\t\t\t\t\t\t\t\t\t<option value=\"20:30\">\n\t\t\t\t\t\t\t\t\t\t\t20:30<\/option>\n\t\t\t\t\t\t\t\t\t\t<option value=\"20:45\">\n\t\t\t\t\t\t\t\t\t\t\t20:45<\/option>\n\t\t\t\t\t\t\t\t\t\t\t\t\t\t\t\t\t\t\t\t<option value=\"21:00\">\n\t\t\t\t\t\t\t\t\t\t\t21:00<\/option>\n\t\t\t\t\t\t\t\t\t\t<option value=\"21:15\">\n\t\t\t\t\t\t\t\t\t\t\t21:15<\/option>\n\t\t\t\t\t\t\t\t\t\t<option value=\"21:30\">\n\t\t\t\t\t\t\t\t\t\t\t21:30<\/option>\n\t\t\t\t\t\t\t\t\t\t<option value=\"21:45\">\n\t\t\t\t\t\t\t\t\t\t\t21:45<\/option>\n\t\t\t\t\t\t\t\t\t\t\t\t\t\t\t\t\t\t\t\t<option value=\"22:00\">\n\t\t\t\t\t\t\t\t\t\t\t22:00<\/option>\n\t\t\t\t\t\t\t\t\t\t<option value=\"22:15\">\n\t\t\t\t\t\t\t\t\t\t\t22:15<\/option>\n\t\t\t\t\t\t\t\t\t\t<option value=\"22:30\">\n\t\t\t\t\t\t\t\t\t\t\t22:30<\/option>\n\t\t\t\t\t\t\t\t\t\t<option value=\"22:45\">\n\t\t\t\t\t\t\t\t\t\t\t22:45<\/option>\n\t\t\t\t\t\t\t\t\t\t\t\t\t\t\t\t\t\t\t\t<option value=\"23:00\">\n\t\t\t\t\t\t\t\t\t\t\t23:00<\/option>\n\t\t\t\t\t\t\t\t\t\t<option value=\"23:15\">\n\t\t\t\t\t\t\t\t\t\t\t23:15<\/option>\n\t\t\t\t\t\t\t\t\t\t<option value=\"23:30\">\n\t\t\t\t\t\t\t\t\t\t\t23:30<\/option>\n\t\t\t\t\t\t\t\t\t\t<option value=\"23:45\">\n\t\t\t\t\t\t\t\t\t\t\t23:45<\/option>\n\t\t\t\t\t\t\t\t\t\t\t\t\t\t\t\t\t\t\t<\/select>\n\t\t\t\t\t\t\t\t<\/div>\n\t\t\t\t\t\t\t<\/div>\n\t\t\t\t\t\t<\/div>\n\t\t\t\t\t\t<div class=\"col-sm-6\">\n\t\t\t\t\t\t\t<div class=\"form-group\">\n\t\t\t\t\t\t\t\t<div id=\"bookingBox\"><\/div>\n\n\t\t\t\t\t\t\t\t<label for=\"devuelta\"><h4>D\u00e9p\u00f4t<\/h4><\/label>\n\t\t\t\t\t\t\t\t<select name=\"devuelta\" id=\"devuelta\" class=\"custom-select\">\n\t\t\t\t\t\t\t\t\t<option value=\"airport\"  selected>Malaga A\u00e9roport<\/option>\n\t\t\t\t\t\t\t\t\t\t\t\t\t\t\t\t<\/select>\n\n\t\t\t\t\t\t\t\t<div class=\"form-inline my-2\">\n\t\t\t\t\t\t\t\t\t<input id=\"dDate\" class=\"form-control\" value=\"14\/09\/2026\" name=\"dDate\" readonly>\n\t\t\t\t\t\t\t\t\t<select class=\"custom-select\" id=\"dhorasminutos\" name=\"dhorasminutos\" oninvalid=\"setCustomValidity('Faites-nous savoir votre heure de retour')\" onchange=\"setCustomValidity('')\">\n\t\t\t\t\t\t\t\t\t\t<option value=\"-\" selected>--:--<\/option>\n\t\t\t\t\t\t\t\t\t\t\t\t\t\t\t\t\t\t\t\t<option value=\"00:00\">\n\t\t\t\t\t\t\t\t\t\t\t00:00<\/option>\n\t\t\t\t\t\t\t\t\t\t<option value=\"00:15\">\n\t\t\t\t\t\t\t\t\t\t\t00:15<\/option>\n\t\t\t\t\t\t\t\t\t\t<option value=\"00:30\">\n\t\t\t\t\t\t\t\t\t\t\t00:30<\/option>\n\t\t\t\t\t\t\t\t\t\t<option value=\"00:45\">\n\t\t\t\t\t\t\t\t\t\t\t00:45<\/option>\n\t\t\t\t\t\t\t\t\t\t\t\t\t\t\t\t\t\t\t\t<option value=\"01:00\">\n\t\t\t\t\t\t\t\t\t\t\t01:00<\/option>\n\t\t\t\t\t\t\t\t\t\t<option value=\"01:15\">\n\t\t\t\t\t\t\t\t\t\t\t01:15<\/option>\n\t\t\t\t\t\t\t\t\t\t<option value=\"01:30\">\n\t\t\t\t\t\t\t\t\t\t\t01:30<\/option>\n\t\t\t\t\t\t\t\t\t\t<option value=\"01:45\">\n\t\t\t\t\t\t\t\t\t\t\t01:45<\/option>\n\t\t\t\t\t\t\t\t\t\t\t\t\t\t\t\t\t\t\t\t<option value=\"02:00\">\n\t\t\t\t\t\t\t\t\t\t\t02:00<\/option>\n\t\t\t\t\t\t\t\t\t\t<option value=\"02:15\">\n\t\t\t\t\t\t\t\t\t\t\t02:15<\/option>\n\t\t\t\t\t\t\t\t\t\t<option value=\"02:30\">\n\t\t\t\t\t\t\t\t\t\t\t02:30<\/option>\n\t\t\t\t\t\t\t\t\t\t<option value=\"02:45\">\n\t\t\t\t\t\t\t\t\t\t\t02:45<\/option>\n\t\t\t\t\t\t\t\t\t\t\t\t\t\t\t\t\t\t\t\t<option value=\"03:00\">\n\t\t\t\t\t\t\t\t\t\t\t03:00<\/option>\n\t\t\t\t\t\t\t\t\t\t<option value=\"03:15\">\n\t\t\t\t\t\t\t\t\t\t\t03:15<\/option>\n\t\t\t\t\t\t\t\t\t\t<option value=\"03:30\">\n\t\t\t\t\t\t\t\t\t\t\t03:30<\/option>\n\t\t\t\t\t\t\t\t\t\t<option value=\"03:45\">\n\t\t\t\t\t\t\t\t\t\t\t03:45<\/option>\n\t\t\t\t\t\t\t\t\t\t\t\t\t\t\t\t\t\t\t\t<option value=\"04:00\">\n\t\t\t\t\t\t\t\t\t\t\t04:00<\/option>\n\t\t\t\t\t\t\t\t\t\t<option value=\"04:15\">\n\t\t\t\t\t\t\t\t\t\t\t04:15<\/option>\n\t\t\t\t\t\t\t\t\t\t<option value=\"04:30\">\n\t\t\t\t\t\t\t\t\t\t\t04:30<\/option>\n\t\t\t\t\t\t\t\t\t\t<option value=\"04:45\">\n\t\t\t\t\t\t\t\t\t\t\t04:45<\/option>\n\t\t\t\t\t\t\t\t\t\t\t\t\t\t\t\t\t\t\t\t<option value=\"05:00\">\n\t\t\t\t\t\t\t\t\t\t\t05:00<\/option>\n\t\t\t\t\t\t\t\t\t\t<option value=\"05:15\">\n\t\t\t\t\t\t\t\t\t\t\t05:15<\/option>\n\t\t\t\t\t\t\t\t\t\t<option value=\"05:30\">\n\t\t\t\t\t\t\t\t\t\t\t05:30<\/option>\n\t\t\t\t\t\t\t\t\t\t<option value=\"05:45\">\n\t\t\t\t\t\t\t\t\t\t\t05:45<\/option>\n\t\t\t\t\t\t\t\t\t\t\t\t\t\t\t\t\t\t\t\t<option value=\"06:00\">\n\t\t\t\t\t\t\t\t\t\t\t06:00<\/option>\n\t\t\t\t\t\t\t\t\t\t<option value=\"06:15\">\n\t\t\t\t\t\t\t\t\t\t\t06:15<\/option>\n\t\t\t\t\t\t\t\t\t\t<option value=\"06:30\">\n\t\t\t\t\t\t\t\t\t\t\t06:30<\/option>\n\t\t\t\t\t\t\t\t\t\t<option value=\"06:45\">\n\t\t\t\t\t\t\t\t\t\t\t06:45<\/option>\n\t\t\t\t\t\t\t\t\t\t\t\t\t\t\t\t\t\t\t\t<option value=\"07:00\">\n\t\t\t\t\t\t\t\t\t\t\t07:00<\/option>\n\t\t\t\t\t\t\t\t\t\t<option value=\"07:15\">\n\t\t\t\t\t\t\t\t\t\t\t07:15<\/option>\n\t\t\t\t\t\t\t\t\t\t<option value=\"07:30\">\n\t\t\t\t\t\t\t\t\t\t\t07:30<\/option>\n\t\t\t\t\t\t\t\t\t\t<option value=\"07:45\">\n\t\t\t\t\t\t\t\t\t\t\t07:45<\/option>\n\t\t\t\t\t\t\t\t\t\t\t\t\t\t\t\t\t\t\t\t<option value=\"08:00\">\n\t\t\t\t\t\t\t\t\t\t\t08:00<\/option>\n\t\t\t\t\t\t\t\t\t\t<option value=\"08:15\">\n\t\t\t\t\t\t\t\t\t\t\t08:15<\/option>\n\t\t\t\t\t\t\t\t\t\t<option value=\"08:30\">\n\t\t\t\t\t\t\t\t\t\t\t08:30<\/option>\n\t\t\t\t\t\t\t\t\t\t<option value=\"08:45\">\n\t\t\t\t\t\t\t\t\t\t\t08:45<\/option>\n\t\t\t\t\t\t\t\t\t\t\t\t\t\t\t\t\t\t\t\t<option value=\"09:00\">\n\t\t\t\t\t\t\t\t\t\t\t09:00<\/option>\n\t\t\t\t\t\t\t\t\t\t<option value=\"09:15\">\n\t\t\t\t\t\t\t\t\t\t\t09:15<\/option>\n\t\t\t\t\t\t\t\t\t\t<option value=\"09:30\">\n\t\t\t\t\t\t\t\t\t\t\t09:30<\/option>\n\t\t\t\t\t\t\t\t\t\t<option value=\"09:45\">\n\t\t\t\t\t\t\t\t\t\t\t09:45<\/option>\n\t\t\t\t\t\t\t\t\t\t\t\t\t\t\t\t\t\t\t\t<option value=\"10:00\">\n\t\t\t\t\t\t\t\t\t\t\t10:00<\/option>\n\t\t\t\t\t\t\t\t\t\t<option value=\"10:15\">\n\t\t\t\t\t\t\t\t\t\t\t10:15<\/option>\n\t\t\t\t\t\t\t\t\t\t<option value=\"10:30\">\n\t\t\t\t\t\t\t\t\t\t\t10:30<\/option>\n\t\t\t\t\t\t\t\t\t\t<option value=\"10:45\">\n\t\t\t\t\t\t\t\t\t\t\t10:45<\/option>\n\t\t\t\t\t\t\t\t\t\t\t\t\t\t\t\t\t\t\t\t<option value=\"11:00\">\n\t\t\t\t\t\t\t\t\t\t\t11:00<\/option>\n\t\t\t\t\t\t\t\t\t\t<option value=\"11:15\">\n\t\t\t\t\t\t\t\t\t\t\t11:15<\/option>\n\t\t\t\t\t\t\t\t\t\t<option value=\"11:30\">\n\t\t\t\t\t\t\t\t\t\t\t11:30<\/option>\n\t\t\t\t\t\t\t\t\t\t<option value=\"11:45\">\n\t\t\t\t\t\t\t\t\t\t\t11:45<\/option>\n\t\t\t\t\t\t\t\t\t\t\t\t\t\t\t\t\t\t\t\t<option value=\"12:00\">\n\t\t\t\t\t\t\t\t\t\t\t12:00<\/option>\n\t\t\t\t\t\t\t\t\t\t<option value=\"12:15\">\n\t\t\t\t\t\t\t\t\t\t\t12:15<\/option>\n\t\t\t\t\t\t\t\t\t\t<option value=\"12:30\">\n\t\t\t\t\t\t\t\t\t\t\t12:30<\/option>\n\t\t\t\t\t\t\t\t\t\t<option value=\"12:45\">\n\t\t\t\t\t\t\t\t\t\t\t12:45<\/option>\n\t\t\t\t\t\t\t\t\t\t\t\t\t\t\t\t\t\t\t\t<option value=\"13:00\">\n\t\t\t\t\t\t\t\t\t\t\t13:00<\/option>\n\t\t\t\t\t\t\t\t\t\t<option value=\"13:15\">\n\t\t\t\t\t\t\t\t\t\t\t13:15<\/option>\n\t\t\t\t\t\t\t\t\t\t<option value=\"13:30\">\n\t\t\t\t\t\t\t\t\t\t\t13:30<\/option>\n\t\t\t\t\t\t\t\t\t\t<option value=\"13:45\">\n\t\t\t\t\t\t\t\t\t\t\t13:45<\/option>\n\t\t\t\t\t\t\t\t\t\t\t\t\t\t\t\t\t\t\t\t<option value=\"14:00\">\n\t\t\t\t\t\t\t\t\t\t\t14:00<\/option>\n\t\t\t\t\t\t\t\t\t\t<option value=\"14:15\">\n\t\t\t\t\t\t\t\t\t\t\t14:15<\/option>\n\t\t\t\t\t\t\t\t\t\t<option value=\"14:30\">\n\t\t\t\t\t\t\t\t\t\t\t14:30<\/option>\n\t\t\t\t\t\t\t\t\t\t<option value=\"14:45\">\n\t\t\t\t\t\t\t\t\t\t\t14:45<\/option>\n\t\t\t\t\t\t\t\t\t\t\t\t\t\t\t\t\t\t\t\t<option value=\"15:00\">\n\t\t\t\t\t\t\t\t\t\t\t15:00<\/option>\n\t\t\t\t\t\t\t\t\t\t<option value=\"15:15\">\n\t\t\t\t\t\t\t\t\t\t\t15:15<\/option>\n\t\t\t\t\t\t\t\t\t\t<option value=\"15:30\">\n\t\t\t\t\t\t\t\t\t\t\t15:30<\/option>\n\t\t\t\t\t\t\t\t\t\t<option value=\"15:45\">\n\t\t\t\t\t\t\t\t\t\t\t15:45<\/option>\n\t\t\t\t\t\t\t\t\t\t\t\t\t\t\t\t\t\t\t\t<option value=\"16:00\">\n\t\t\t\t\t\t\t\t\t\t\t16:00<\/option>\n\t\t\t\t\t\t\t\t\t\t<option value=\"16:15\">\n\t\t\t\t\t\t\t\t\t\t\t16:15<\/option>\n\t\t\t\t\t\t\t\t\t\t<option value=\"16:30\">\n\t\t\t\t\t\t\t\t\t\t\t16:30<\/option>\n\t\t\t\t\t\t\t\t\t\t<option value=\"16:45\">\n\t\t\t\t\t\t\t\t\t\t\t16:45<\/option>\n\t\t\t\t\t\t\t\t\t\t\t\t\t\t\t\t\t\t\t\t<option value=\"17:00\">\n\t\t\t\t\t\t\t\t\t\t\t17:00<\/option>\n\t\t\t\t\t\t\t\t\t\t<option value=\"17:15\">\n\t\t\t\t\t\t\t\t\t\t\t17:15<\/option>\n\t\t\t\t\t\t\t\t\t\t<option value=\"17:30\">\n\t\t\t\t\t\t\t\t\t\t\t17:30<\/option>\n\t\t\t\t\t\t\t\t\t\t<option value=\"17:45\">\n\t\t\t\t\t\t\t\t\t\t\t17:45<\/option>\n\t\t\t\t\t\t\t\t\t\t\t\t\t\t\t\t\t\t\t\t<option value=\"18:00\">\n\t\t\t\t\t\t\t\t\t\t\t18:00<\/option>\n\t\t\t\t\t\t\t\t\t\t<option value=\"18:15\">\n\t\t\t\t\t\t\t\t\t\t\t18:15<\/option>\n\t\t\t\t\t\t\t\t\t\t<option value=\"18:30\">\n\t\t\t\t\t\t\t\t\t\t\t18:30<\/option>\n\t\t\t\t\t\t\t\t\t\t<option value=\"18:45\">\n\t\t\t\t\t\t\t\t\t\t\t18:45<\/option>\n\t\t\t\t\t\t\t\t\t\t\t\t\t\t\t\t\t\t\t\t<option value=\"19:00\">\n\t\t\t\t\t\t\t\t\t\t\t19:00<\/option>\n\t\t\t\t\t\t\t\t\t\t<option value=\"19:15\">\n\t\t\t\t\t\t\t\t\t\t\t19:15<\/option>\n\t\t\t\t\t\t\t\t\t\t<option value=\"19:30\">\n\t\t\t\t\t\t\t\t\t\t\t19:30<\/option>\n\t\t\t\t\t\t\t\t\t\t<option value=\"19:45\">\n\t\t\t\t\t\t\t\t\t\t\t19:45<\/option>\n\t\t\t\t\t\t\t\t\t\t\t\t\t\t\t\t\t\t\t\t<option value=\"20:00\">\n\t\t\t\t\t\t\t\t\t\t\t20:00<\/option>\n\t\t\t\t\t\t\t\t\t\t<option value=\"20:15\">\n\t\t\t\t\t\t\t\t\t\t\t20:15<\/option>\n\t\t\t\t\t\t\t\t\t\t<option value=\"20:30\">\n\t\t\t\t\t\t\t\t\t\t\t20:30<\/option>\n\t\t\t\t\t\t\t\t\t\t<option value=\"20:45\">\n\t\t\t\t\t\t\t\t\t\t\t20:45<\/option>\n\t\t\t\t\t\t\t\t\t\t\t\t\t\t\t\t\t\t\t\t<option value=\"21:00\">\n\t\t\t\t\t\t\t\t\t\t\t21:00<\/option>\n\t\t\t\t\t\t\t\t\t\t<option value=\"21:15\">\n\t\t\t\t\t\t\t\t\t\t\t21:15<\/option>\n\t\t\t\t\t\t\t\t\t\t<option value=\"21:30\">\n\t\t\t\t\t\t\t\t\t\t\t21:30<\/option>\n\t\t\t\t\t\t\t\t\t\t<option value=\"21:45\">\n\t\t\t\t\t\t\t\t\t\t\t21:45<\/option>\n\t\t\t\t\t\t\t\t\t\t\t\t\t\t\t\t\t\t\t\t<option value=\"22:00\">\n\t\t\t\t\t\t\t\t\t\t\t22:00<\/option>\n\t\t\t\t\t\t\t\t\t\t<option value=\"22:15\">\n\t\t\t\t\t\t\t\t\t\t\t22:15<\/option>\n\t\t\t\t\t\t\t\t\t\t<option value=\"22:30\">\n\t\t\t\t\t\t\t\t\t\t\t22:30<\/option>\n\t\t\t\t\t\t\t\t\t\t<option value=\"22:45\">\n\t\t\t\t\t\t\t\t\t\t\t22:45<\/option>\n\t\t\t\t\t\t\t\t\t\t\t\t\t\t\t\t\t\t\t\t<option value=\"23:00\">\n\t\t\t\t\t\t\t\t\t\t\t23:00<\/option>\n\t\t\t\t\t\t\t\t\t\t<option value=\"23:15\">\n\t\t\t\t\t\t\t\t\t\t\t23:15<\/option>\n\t\t\t\t\t\t\t\t\t\t<option value=\"23:30\">\n\t\t\t\t\t\t\t\t\t\t\t23:30<\/option>\n\t\t\t\t\t\t\t\t\t\t<option value=\"23:45\">\n\t\t\t\t\t\t\t\t\t\t\t23:45<\/option>\n\t\t\t\t\t\t\t\t\t\t\t\t\t\t\t\t\t\t\t<\/select>\n\t\t\t\t\t\t\t\t<\/div>\n\t\t\t\t\t\t\t<\/div>\n\t\t\t\t\t\t<\/div>\n\n\t\t\t\t\t<\/div>\n\t\t\t\t\n\n\t\t\t\t\t\t<div class=\"row\">\n                               <div class=\"col-sm-6\">\n\t\t\t\t\t\t\t\t<div class=\"form-group promo-code\">\n\t\t\t\t\t\t\t\t\t\t\t\t\t\t\t\t\t<label for=\"tipogrupo\" class=\"w-50 text-right pr-3 pt-1\">Group<\/label>\n\t\t\t\t\t\t\t\t\t<select name=\"tipogrupo\" id=\"tipogrupo\" class=\"form-control w-50\">\n\t\t\t\t\t\t\t\t\t<option value=\"0\">Voir tous<\/option>\n\t\t\t                        <option value=\"1\">Standard<\/option> \n\t\t\t\t\t\t\t\t\t<option value=\"2\">Automatique<\/option>  \n\t\t\t\t\t\t\t\t\t<option value=\"4\">Transporteurs<\/option>  \n\t\t\t\t\t\t\t\t\t<option value=\"5\">Cabriolet et Sport<\/option>  \n\t\t\t\t\t\t\t\t\t<option value=\"6\">Prestige<\/option>  \n\t\t\t\t\t\t\t\t\t<option value=\"8\">SUV<\/option>  \n\t\t\t\t\t\t\t\t\t<option value=\"10\">Camping car et Autocaravane<\/option>  \t\t\t\t\t\t\t\n\t\t\t\t\t\t\t\t<\/select>\t\n\t\t\t\t\t\t\t\t\t\n\t\t\t\t\t\t\t<\/div>\n\t\t\t\t\t\t\t<\/div>\n\t\t\t\t\t\t<div class=\"col-sm-6 align-self-end\">\n\t\t\t\t\t\t\t<div class=\"form-group\">\n\t\t\t\t\t\t\t\t<input type=\"submit\" class=\"btn-quote\" value=\"Voir les prix\" onclick=\"return msgAlert()\">\n\t\t\t\t\t\t\t<\/div>\n\t\t\t\t\t\t<\/div>\n\t\t\t\t\t<\/div>\n\t\t\t\t<\/form>\n\t\t\t\t<div class=\"row hide-mini-tablet advantages\">\n\t\t\t\t\t\t<div class=\"col-12\">\n\t\t\t\t\t\t\t<h4 class=\"text-center text-white\">TARIFS IMBATTABLES<\/h4>\n\t\t\t\t\t\t\t<ul>\n\t\t\t\t\t\t\t\t<li><strong>Grande flotte<\/strong> de voitures neuves.<\/li>\n\t\t\t\t\t\t\t\t<li><strong>Payez \u00e0 l'arriv\u00e9e<\/strong>.<\/li>\n\t\t\t\t\t\t\t\t<li>Ce que vous voyez est ce que vous payez.<\/li>\n\t\t\t\t\t\t\t\t<li><strong>Pas difficile \u00e0 vendre au bureau<\/strong>.<\/li>\n\t\t\t\t\t\t\t\t<li>Service de livraison VIP gratuit.<\/li>\n\t\t\t\t\t\t\t\t<li><strong class='redpassion-alt'>PAS DE FRAIS SUPPL\u00c9MENTAIRES<\/strong>, pour le service de ravitaillement.<\/li>\n\t\t\t\t\t\t\t<\/ul>\n\t\t\t\t\t\t<\/div>\n\t\t\t\t\t<\/div>\n\t\t\t\t<\/div>\n\t\t\t<br clear=\"all\">\n<\/p>\n","protected":false},"excerpt":{"rendered":"<p>La chaleur \u00e9touffante d&rsquo;ao\u00fbt diminue lentement et le mois pr\u00e9f\u00e9r\u00e9 de beaucoup de nos clients arrive, septembre. Des prix plus abordables, moins de circulation et des nuits plus fra\u00eeches ne sont que quelques-uns des avantages de voyager sur la Costa del Sol pendant ce mois. D\u00e9couvrez quoi faire \u00e0 Malaga en septembre!<\/p>\n","protected":false},"author":1,"featured_media":416,"comment_status":"open","ping_status":"open","sticky":false,"template":"","format":"standard","meta":{"footnotes":""},"categories":[2],"tags":[5,4,6,21],"class_list":["post-415","post","type-post","status-publish","format-standard","has-post-thumbnail","hentry","category-loisirs","tag-choses-a-faire","tag-malaga","tag-quoi-faire","tag-septembre"],"yoast_head":"<!-- This site is optimized with the Yoast SEO plugin v28.4 - https:\/\/yoast.com\/product\/yoast-seo-wordpress\/ -->\n<title>Choses \u00e0 faire \u00e0 Malaga en Septembre 2026 - Blog de MalagaCar.com<\/title>\n<meta name=\"description\" content=\"Un calendrier plein d&#039;activit\u00e9s et de choses \u00e0 faire \u00e0 Malaga pour ce fabuleux mois de septembre 2026 sur la Costa del Sol.\" \/>\n<meta name=\"robots\" content=\"index, follow, max-snippet:-1, max-image-preview:large, max-video-preview:-1\" \/>\n<link rel=\"canonical\" href=\"https:\/\/www.malagacar.com\/fr\/blog\/loisirs\/choses-a-faire-dans-malaga-en-septembre\/\" \/>\n<meta property=\"og:locale\" content=\"fr_FR\" \/>\n<meta property=\"og:type\" content=\"article\" \/>\n<meta property=\"og:title\" content=\"Choses \u00e0 faire \u00e0 Malaga en Septembre 2026 - Blog de MalagaCar.com\" \/>\n<meta property=\"og:description\" content=\"Un calendrier plein d&#039;activit\u00e9s et de choses \u00e0 faire \u00e0 Malaga pour ce fabuleux mois de septembre 2026 sur la Costa del Sol.\" \/>\n<meta property=\"og:url\" content=\"https:\/\/www.malagacar.com\/fr\/blog\/loisirs\/choses-a-faire-dans-malaga-en-septembre\/\" \/>\n<meta property=\"og:site_name\" content=\"Blog de MalagaCar.com\" \/>\n<meta property=\"article:publisher\" content=\"https:\/\/www.facebook.com\/malagacar\" \/>\n<meta property=\"article:published_time\" content=\"2026-08-25T05:38:30+00:00\" \/>\n<meta property=\"article:modified_time\" content=\"2026-08-25T05:38:32+00:00\" \/>\n<meta property=\"og:image\" content=\"https:\/\/www.malagacar.com\/fr\/blog\/wp-content\/uploads\/2022\/08\/09-fr.jpg\" \/>\n\t<meta property=\"og:image:width\" content=\"1000\" \/>\n\t<meta property=\"og:image:height\" content=\"896\" \/>\n\t<meta property=\"og:image:type\" content=\"image\/jpeg\" \/>\n<meta name=\"author\" content=\"MalagaCar.com\" \/>\n<meta name=\"twitter:card\" content=\"summary_large_image\" \/>\n<meta name=\"twitter:creator\" content=\"@malagacarcom\" \/>\n<meta name=\"twitter:site\" content=\"@malagacarcom\" \/>\n<meta name=\"twitter:label1\" content=\"\u00c9crit par\" \/>\n\t<meta name=\"twitter:data1\" content=\"MalagaCar.com\" \/>\n\t<meta name=\"twitter:label2\" content=\"Dur\u00e9e de lecture estim\u00e9e\" \/>\n\t<meta name=\"twitter:data2\" content=\"43 minutes\" \/>\n<script type=\"application\/ld+json\" class=\"yoast-schema-graph\">{\"@context\":\"https:\\\/\\\/schema.org\",\"@graph\":[{\"@type\":\"Article\",\"@id\":\"https:\\\/\\\/www.malagacar.com\\\/fr\\\/blog\\\/loisirs\\\/choses-a-faire-dans-malaga-en-septembre\\\/#article\",\"isPartOf\":{\"@id\":\"https:\\\/\\\/www.malagacar.com\\\/fr\\\/blog\\\/loisirs\\\/choses-a-faire-dans-malaga-en-septembre\\\/\"},\"author\":{\"name\":\"MalagaCar.com\",\"@id\":\"https:\\\/\\\/www.malagacar.com\\\/fr\\\/blog\\\/#\\\/schema\\\/person\\\/ffb97005d02bcc7d0bb59f5409635691\"},\"headline\":\"Choses \u00e0 faire \u00e0 Malaga en Septembre 2026\",\"datePublished\":\"2026-08-25T05:38:30+00:00\",\"dateModified\":\"2026-08-25T05:38:32+00:00\",\"mainEntityOfPage\":{\"@id\":\"https:\\\/\\\/www.malagacar.com\\\/fr\\\/blog\\\/loisirs\\\/choses-a-faire-dans-malaga-en-septembre\\\/\"},\"wordCount\":6608,\"commentCount\":0,\"publisher\":{\"@id\":\"https:\\\/\\\/www.malagacar.com\\\/fr\\\/blog\\\/#organization\"},\"image\":{\"@id\":\"https:\\\/\\\/www.malagacar.com\\\/fr\\\/blog\\\/loisirs\\\/choses-a-faire-dans-malaga-en-septembre\\\/#primaryimage\"},\"thumbnailUrl\":\"https:\\\/\\\/www.malagacar.com\\\/fr\\\/blog\\\/wp-content\\\/uploads\\\/2022\\\/08\\\/09-fr.jpg\",\"keywords\":[\"choses \u00e0 faire\",\"malaga\",\"quoi faire\",\"Septembre\"],\"articleSection\":[\"Loisirs\"],\"inLanguage\":\"fr-FR\",\"potentialAction\":[{\"@type\":\"CommentAction\",\"name\":\"Comment\",\"target\":[\"https:\\\/\\\/www.malagacar.com\\\/fr\\\/blog\\\/loisirs\\\/choses-a-faire-dans-malaga-en-septembre\\\/#respond\"]}]},{\"@type\":\"WebPage\",\"@id\":\"https:\\\/\\\/www.malagacar.com\\\/fr\\\/blog\\\/loisirs\\\/choses-a-faire-dans-malaga-en-septembre\\\/\",\"url\":\"https:\\\/\\\/www.malagacar.com\\\/fr\\\/blog\\\/loisirs\\\/choses-a-faire-dans-malaga-en-septembre\\\/\",\"name\":\"Choses \u00e0 faire \u00e0 Malaga en Septembre 2026 - Blog de MalagaCar.com\",\"isPartOf\":{\"@id\":\"https:\\\/\\\/www.malagacar.com\\\/fr\\\/blog\\\/#website\"},\"primaryImageOfPage\":{\"@id\":\"https:\\\/\\\/www.malagacar.com\\\/fr\\\/blog\\\/loisirs\\\/choses-a-faire-dans-malaga-en-septembre\\\/#primaryimage\"},\"image\":{\"@id\":\"https:\\\/\\\/www.malagacar.com\\\/fr\\\/blog\\\/loisirs\\\/choses-a-faire-dans-malaga-en-septembre\\\/#primaryimage\"},\"thumbnailUrl\":\"https:\\\/\\\/www.malagacar.com\\\/fr\\\/blog\\\/wp-content\\\/uploads\\\/2022\\\/08\\\/09-fr.jpg\",\"datePublished\":\"2026-08-25T05:38:30+00:00\",\"dateModified\":\"2026-08-25T05:38:32+00:00\",\"description\":\"Un calendrier plein d'activit\u00e9s et de choses \u00e0 faire \u00e0 Malaga pour ce fabuleux mois de septembre 2026 sur la Costa del Sol.\",\"breadcrumb\":{\"@id\":\"https:\\\/\\\/www.malagacar.com\\\/fr\\\/blog\\\/loisirs\\\/choses-a-faire-dans-malaga-en-septembre\\\/#breadcrumb\"},\"inLanguage\":\"fr-FR\",\"potentialAction\":[{\"@type\":\"ReadAction\",\"target\":[\"https:\\\/\\\/www.malagacar.com\\\/fr\\\/blog\\\/loisirs\\\/choses-a-faire-dans-malaga-en-septembre\\\/\"]}]},{\"@type\":\"ImageObject\",\"inLanguage\":\"fr-FR\",\"@id\":\"https:\\\/\\\/www.malagacar.com\\\/fr\\\/blog\\\/loisirs\\\/choses-a-faire-dans-malaga-en-septembre\\\/#primaryimage\",\"url\":\"https:\\\/\\\/www.malagacar.com\\\/fr\\\/blog\\\/wp-content\\\/uploads\\\/2022\\\/08\\\/09-fr.jpg\",\"contentUrl\":\"https:\\\/\\\/www.malagacar.com\\\/fr\\\/blog\\\/wp-content\\\/uploads\\\/2022\\\/08\\\/09-fr.jpg\",\"width\":1000,\"height\":896},{\"@type\":\"BreadcrumbList\",\"@id\":\"https:\\\/\\\/www.malagacar.com\\\/fr\\\/blog\\\/loisirs\\\/choses-a-faire-dans-malaga-en-septembre\\\/#breadcrumb\",\"itemListElement\":[{\"@type\":\"ListItem\",\"position\":1,\"name\":\"Accueil\",\"item\":\"https:\\\/\\\/www.malagacar.com\\\/fr\\\/blog\\\/\"},{\"@type\":\"ListItem\",\"position\":2,\"name\":\"Choses \u00e0 faire \u00e0 Malaga en Septembre 2026\"}]},{\"@type\":\"WebSite\",\"@id\":\"https:\\\/\\\/www.malagacar.com\\\/fr\\\/blog\\\/#website\",\"url\":\"https:\\\/\\\/www.malagacar.com\\\/fr\\\/blog\\\/\",\"name\":\"Blog de MalagaCar.com\",\"description\":\"Nouvelles et informations int\u00e9ressantes sur la location de voitures \u00e0 l&#039;a\u00e9roport de Malaga.\",\"publisher\":{\"@id\":\"https:\\\/\\\/www.malagacar.com\\\/fr\\\/blog\\\/#organization\"},\"potentialAction\":[{\"@type\":\"SearchAction\",\"target\":{\"@type\":\"EntryPoint\",\"urlTemplate\":\"https:\\\/\\\/www.malagacar.com\\\/fr\\\/blog\\\/?s={search_term_string}\"},\"query-input\":{\"@type\":\"PropertyValueSpecification\",\"valueRequired\":true,\"valueName\":\"search_term_string\"}}],\"inLanguage\":\"fr-FR\"},{\"@type\":\"Organization\",\"@id\":\"https:\\\/\\\/www.malagacar.com\\\/fr\\\/blog\\\/#organization\",\"name\":\"MalagaCar.com\",\"url\":\"https:\\\/\\\/www.malagacar.com\\\/fr\\\/blog\\\/\",\"logo\":{\"@type\":\"ImageObject\",\"inLanguage\":\"fr-FR\",\"@id\":\"https:\\\/\\\/www.malagacar.com\\\/fr\\\/blog\\\/#\\\/schema\\\/logo\\\/image\\\/\",\"url\":\"https:\\\/\\\/www.malagacar.com\\\/fr\\\/blog\\\/wp-content\\\/uploads\\\/2021\\\/06\\\/logo-malagacar-social.png\",\"contentUrl\":\"https:\\\/\\\/www.malagacar.com\\\/fr\\\/blog\\\/wp-content\\\/uploads\\\/2021\\\/06\\\/logo-malagacar-social.png\",\"width\":900,\"height\":900,\"caption\":\"MalagaCar.com\"},\"image\":{\"@id\":\"https:\\\/\\\/www.malagacar.com\\\/fr\\\/blog\\\/#\\\/schema\\\/logo\\\/image\\\/\"},\"sameAs\":[\"https:\\\/\\\/www.facebook.com\\\/malagacar\",\"https:\\\/\\\/x.com\\\/malagacarcom\",\"https:\\\/\\\/www.instagram.com\\\/malagacar\\\/\",\"https:\\\/\\\/www.linkedin.com\\\/company\\\/malagacar.com\",\"https:\\\/\\\/www.youtube.com\\\/c\\\/MalagacarAirport\"]},{\"@type\":\"Person\",\"@id\":\"https:\\\/\\\/www.malagacar.com\\\/fr\\\/blog\\\/#\\\/schema\\\/person\\\/ffb97005d02bcc7d0bb59f5409635691\",\"name\":\"MalagaCar.com\",\"image\":{\"@type\":\"ImageObject\",\"inLanguage\":\"fr-FR\",\"@id\":\"https:\\\/\\\/secure.gravatar.com\\\/avatar\\\/296ebc31026e7be05868369e4c596b3239b1582b2fcf8a45de57333e2e82bb82?s=96&d=mm&r=g\",\"url\":\"https:\\\/\\\/secure.gravatar.com\\\/avatar\\\/296ebc31026e7be05868369e4c596b3239b1582b2fcf8a45de57333e2e82bb82?s=96&d=mm&r=g\",\"contentUrl\":\"https:\\\/\\\/secure.gravatar.com\\\/avatar\\\/296ebc31026e7be05868369e4c596b3239b1582b2fcf8a45de57333e2e82bb82?s=96&d=mm&r=g\",\"caption\":\"MalagaCar.com\"},\"sameAs\":[\"https:\\\/\\\/www.malagacar.com\\\/fr\\\/blog\"]}]}<\/script>\n<!-- \/ Yoast SEO plugin. -->","yoast_head_json":{"title":"Choses \u00e0 faire \u00e0 Malaga en Septembre 2026 - Blog de MalagaCar.com","description":"Un calendrier plein d'activit\u00e9s et de choses \u00e0 faire \u00e0 Malaga pour ce fabuleux mois de septembre 2026 sur la Costa del Sol.","robots":{"index":"index","follow":"follow","max-snippet":"max-snippet:-1","max-image-preview":"max-image-preview:large","max-video-preview":"max-video-preview:-1"},"canonical":"https:\/\/www.malagacar.com\/fr\/blog\/loisirs\/choses-a-faire-dans-malaga-en-septembre\/","og_locale":"fr_FR","og_type":"article","og_title":"Choses \u00e0 faire \u00e0 Malaga en Septembre 2026 - Blog de MalagaCar.com","og_description":"Un calendrier plein d'activit\u00e9s et de choses \u00e0 faire \u00e0 Malaga pour ce fabuleux mois de septembre 2026 sur la Costa del Sol.","og_url":"https:\/\/www.malagacar.com\/fr\/blog\/loisirs\/choses-a-faire-dans-malaga-en-septembre\/","og_site_name":"Blog de MalagaCar.com","article_publisher":"https:\/\/www.facebook.com\/malagacar","article_published_time":"2026-08-25T05:38:30+00:00","article_modified_time":"2026-08-25T05:38:32+00:00","og_image":[{"width":1000,"height":896,"url":"https:\/\/www.malagacar.com\/fr\/blog\/wp-content\/uploads\/2022\/08\/09-fr.jpg","type":"image\/jpeg"}],"author":"MalagaCar.com","twitter_card":"summary_large_image","twitter_creator":"@malagacarcom","twitter_site":"@malagacarcom","twitter_misc":{"\u00c9crit par":"MalagaCar.com","Dur\u00e9e de lecture estim\u00e9e":"43 minutes"},"schema":{"@context":"https:\/\/schema.org","@graph":[{"@type":"Article","@id":"https:\/\/www.malagacar.com\/fr\/blog\/loisirs\/choses-a-faire-dans-malaga-en-septembre\/#article","isPartOf":{"@id":"https:\/\/www.malagacar.com\/fr\/blog\/loisirs\/choses-a-faire-dans-malaga-en-septembre\/"},"author":{"name":"MalagaCar.com","@id":"https:\/\/www.malagacar.com\/fr\/blog\/#\/schema\/person\/ffb97005d02bcc7d0bb59f5409635691"},"headline":"Choses \u00e0 faire \u00e0 Malaga en Septembre 2026","datePublished":"2026-08-25T05:38:30+00:00","dateModified":"2026-08-25T05:38:32+00:00","mainEntityOfPage":{"@id":"https:\/\/www.malagacar.com\/fr\/blog\/loisirs\/choses-a-faire-dans-malaga-en-septembre\/"},"wordCount":6608,"commentCount":0,"publisher":{"@id":"https:\/\/www.malagacar.com\/fr\/blog\/#organization"},"image":{"@id":"https:\/\/www.malagacar.com\/fr\/blog\/loisirs\/choses-a-faire-dans-malaga-en-septembre\/#primaryimage"},"thumbnailUrl":"https:\/\/www.malagacar.com\/fr\/blog\/wp-content\/uploads\/2022\/08\/09-fr.jpg","keywords":["choses \u00e0 faire","malaga","quoi faire","Septembre"],"articleSection":["Loisirs"],"inLanguage":"fr-FR","potentialAction":[{"@type":"CommentAction","name":"Comment","target":["https:\/\/www.malagacar.com\/fr\/blog\/loisirs\/choses-a-faire-dans-malaga-en-septembre\/#respond"]}]},{"@type":"WebPage","@id":"https:\/\/www.malagacar.com\/fr\/blog\/loisirs\/choses-a-faire-dans-malaga-en-septembre\/","url":"https:\/\/www.malagacar.com\/fr\/blog\/loisirs\/choses-a-faire-dans-malaga-en-septembre\/","name":"Choses \u00e0 faire \u00e0 Malaga en Septembre 2026 - Blog de MalagaCar.com","isPartOf":{"@id":"https:\/\/www.malagacar.com\/fr\/blog\/#website"},"primaryImageOfPage":{"@id":"https:\/\/www.malagacar.com\/fr\/blog\/loisirs\/choses-a-faire-dans-malaga-en-septembre\/#primaryimage"},"image":{"@id":"https:\/\/www.malagacar.com\/fr\/blog\/loisirs\/choses-a-faire-dans-malaga-en-septembre\/#primaryimage"},"thumbnailUrl":"https:\/\/www.malagacar.com\/fr\/blog\/wp-content\/uploads\/2022\/08\/09-fr.jpg","datePublished":"2026-08-25T05:38:30+00:00","dateModified":"2026-08-25T05:38:32+00:00","description":"Un calendrier plein d'activit\u00e9s et de choses \u00e0 faire \u00e0 Malaga pour ce fabuleux mois de septembre 2026 sur la Costa del Sol.","breadcrumb":{"@id":"https:\/\/www.malagacar.com\/fr\/blog\/loisirs\/choses-a-faire-dans-malaga-en-septembre\/#breadcrumb"},"inLanguage":"fr-FR","potentialAction":[{"@type":"ReadAction","target":["https:\/\/www.malagacar.com\/fr\/blog\/loisirs\/choses-a-faire-dans-malaga-en-septembre\/"]}]},{"@type":"ImageObject","inLanguage":"fr-FR","@id":"https:\/\/www.malagacar.com\/fr\/blog\/loisirs\/choses-a-faire-dans-malaga-en-septembre\/#primaryimage","url":"https:\/\/www.malagacar.com\/fr\/blog\/wp-content\/uploads\/2022\/08\/09-fr.jpg","contentUrl":"https:\/\/www.malagacar.com\/fr\/blog\/wp-content\/uploads\/2022\/08\/09-fr.jpg","width":1000,"height":896},{"@type":"BreadcrumbList","@id":"https:\/\/www.malagacar.com\/fr\/blog\/loisirs\/choses-a-faire-dans-malaga-en-septembre\/#breadcrumb","itemListElement":[{"@type":"ListItem","position":1,"name":"Accueil","item":"https:\/\/www.malagacar.com\/fr\/blog\/"},{"@type":"ListItem","position":2,"name":"Choses \u00e0 faire \u00e0 Malaga en Septembre 2026"}]},{"@type":"WebSite","@id":"https:\/\/www.malagacar.com\/fr\/blog\/#website","url":"https:\/\/www.malagacar.com\/fr\/blog\/","name":"Blog de MalagaCar.com","description":"Nouvelles et informations int\u00e9ressantes sur la location de voitures \u00e0 l&#039;a\u00e9roport de Malaga.","publisher":{"@id":"https:\/\/www.malagacar.com\/fr\/blog\/#organization"},"potentialAction":[{"@type":"SearchAction","target":{"@type":"EntryPoint","urlTemplate":"https:\/\/www.malagacar.com\/fr\/blog\/?s={search_term_string}"},"query-input":{"@type":"PropertyValueSpecification","valueRequired":true,"valueName":"search_term_string"}}],"inLanguage":"fr-FR"},{"@type":"Organization","@id":"https:\/\/www.malagacar.com\/fr\/blog\/#organization","name":"MalagaCar.com","url":"https:\/\/www.malagacar.com\/fr\/blog\/","logo":{"@type":"ImageObject","inLanguage":"fr-FR","@id":"https:\/\/www.malagacar.com\/fr\/blog\/#\/schema\/logo\/image\/","url":"https:\/\/www.malagacar.com\/fr\/blog\/wp-content\/uploads\/2021\/06\/logo-malagacar-social.png","contentUrl":"https:\/\/www.malagacar.com\/fr\/blog\/wp-content\/uploads\/2021\/06\/logo-malagacar-social.png","width":900,"height":900,"caption":"MalagaCar.com"},"image":{"@id":"https:\/\/www.malagacar.com\/fr\/blog\/#\/schema\/logo\/image\/"},"sameAs":["https:\/\/www.facebook.com\/malagacar","https:\/\/x.com\/malagacarcom","https:\/\/www.instagram.com\/malagacar\/","https:\/\/www.linkedin.com\/company\/malagacar.com","https:\/\/www.youtube.com\/c\/MalagacarAirport"]},{"@type":"Person","@id":"https:\/\/www.malagacar.com\/fr\/blog\/#\/schema\/person\/ffb97005d02bcc7d0bb59f5409635691","name":"MalagaCar.com","image":{"@type":"ImageObject","inLanguage":"fr-FR","@id":"https:\/\/secure.gravatar.com\/avatar\/296ebc31026e7be05868369e4c596b3239b1582b2fcf8a45de57333e2e82bb82?s=96&d=mm&r=g","url":"https:\/\/secure.gravatar.com\/avatar\/296ebc31026e7be05868369e4c596b3239b1582b2fcf8a45de57333e2e82bb82?s=96&d=mm&r=g","contentUrl":"https:\/\/secure.gravatar.com\/avatar\/296ebc31026e7be05868369e4c596b3239b1582b2fcf8a45de57333e2e82bb82?s=96&d=mm&r=g","caption":"MalagaCar.com"},"sameAs":["https:\/\/www.malagacar.com\/fr\/blog"]}]}},"_links":{"self":[{"href":"https:\/\/www.malagacar.com\/fr\/blog\/wp-json\/wp\/v2\/posts\/415","targetHints":{"allow":["GET"]}}],"collection":[{"href":"https:\/\/www.malagacar.com\/fr\/blog\/wp-json\/wp\/v2\/posts"}],"about":[{"href":"https:\/\/www.malagacar.com\/fr\/blog\/wp-json\/wp\/v2\/types\/post"}],"author":[{"embeddable":true,"href":"https:\/\/www.malagacar.com\/fr\/blog\/wp-json\/wp\/v2\/users\/1"}],"replies":[{"embeddable":true,"href":"https:\/\/www.malagacar.com\/fr\/blog\/wp-json\/wp\/v2\/comments?post=415"}],"version-history":[{"count":75,"href":"https:\/\/www.malagacar.com\/fr\/blog\/wp-json\/wp\/v2\/posts\/415\/revisions"}],"predecessor-version":[{"id":3613,"href":"https:\/\/www.malagacar.com\/fr\/blog\/wp-json\/wp\/v2\/posts\/415\/revisions\/3613"}],"wp:featuredmedia":[{"embeddable":true,"href":"https:\/\/www.malagacar.com\/fr\/blog\/wp-json\/wp\/v2\/media\/416"}],"wp:attachment":[{"href":"https:\/\/www.malagacar.com\/fr\/blog\/wp-json\/wp\/v2\/media?parent=415"}],"wp:term":[{"taxonomy":"category","embeddable":true,"href":"https:\/\/www.malagacar.com\/fr\/blog\/wp-json\/wp\/v2\/categories?post=415"},{"taxonomy":"post_tag","embeddable":true,"href":"https:\/\/www.malagacar.com\/fr\/blog\/wp-json\/wp\/v2\/tags?post=415"}],"curies":[{"name":"wp","href":"https:\/\/api.w.org\/{rel}","templated":true}]}}