{"id":450,"date":"2025-12-18T09:01:09","date_gmt":"2025-12-18T08:01:09","guid":{"rendered":"https:\/\/www.malagacar.com\/fr\/blog\/?p=450"},"modified":"2026-01-12T12:34:00","modified_gmt":"2026-01-12T11:34:00","slug":"choses-a-faire-a-malaga-en-janvier","status":"publish","type":"post","link":"https:\/\/www.malagacar.com\/fr\/blog\/loisirs\/choses-a-faire-a-malaga-en-janvier\/","title":{"rendered":"Choses \u00e0 faire \u00e0 Malaga en Janvier 2026"},"content":{"rendered":"<p>Tu seras surpris par la grande offre musicale, d&rsquo;\u00e9v\u00e9nements et d&rsquo;activit\u00e9s que tu pourras profiter lors de ta visite \u00e0 Malaga en janvier !<\/p>\n<p><!--more--><\/p>\n\n            <div class=\"banner\">\n                <div class=\"row\">\n                    <div class=\"col-sm-4\">\n                        <a href=\"\/fr\/location-de-voitures\/quote.php\" data-wpel-link=\"internal\"><img decoding=\"async\" src=\"\/images\/banner-img.jpg\" alt=\"malagacar.com\"><\/a>\n                    <\/div>\n                    <div class=\"col-sm-8\">\n                      <a href=\"\/fr\/location-de-voitures\/quote.php\" class=\"banner-title\" data-wpel-link=\"internal\">Meilleure location de voitures <div>\u00e0 l'a\u00e9roport de Malaga<\/div><\/a>   \n                        <div class=\"row\">\n                            <div class=\"col-sm-7\">\n                                <ul>\n                                    <li>Pas de frais de ravitaillement<\/li>\n                                    <li>Annulation gratuite<\/li>\n                                    <li>Location sans interm\u00e9diaire<\/li>\n                                    <li>Payez lorsque vous prenez la voiture<\/li>\n                                    <li><\/li>\n                                <\/ul>\n                            <\/div>\n                            <div class=\"col-sm-5\">\n                                <a class=\"btn-banner\" href=\"\/fr\/location-de-voitures\/quote.php\" data-wpel-link=\"internal\">Consultez les prix<\/a>\n                                <img decoding=\"async\" class=\"zonturent\" src=\"\/images\/zontu-banner.png\" alt=\"\">\n                            <\/div>\n                        <\/div>\n                    <\/div>\n                 <\/div>  \n            <\/div>\n            \n<div id=\"ez-toc-container\" class=\"ez-toc-v2_0_87 counter-hierarchy ez-toc-counter ez-toc-light-blue ez-toc-container-direction\">\n<p class=\"ez-toc-title\" style=\"cursor:inherit\">Table des mati\u00e8res<\/p>\n<label for=\"ez-toc-cssicon-toggle-item-6a9a3edbe9d0d\" class=\"ez-toc-cssicon-toggle-label\"><span class=\"\"><span class=\"eztoc-hide\" style=\"display:none;\">Toggle<\/span><span class=\"ez-toc-icon-toggle-span\"><svg style=\"fill: #999;color:#999\" xmlns=\"http:\/\/www.w3.org\/2000\/svg\" class=\"list-377408\" width=\"20px\" height=\"20px\" viewBox=\"0 0 24 24\" fill=\"none\"><path d=\"M6 6H4v2h2V6zm14 0H8v2h12V6zM4 11h2v2H4v-2zm16 0H8v2h12v-2zM4 16h2v2H4v-2zm16 0H8v2h12v-2z\" fill=\"currentColor\"><\/path><\/svg><svg style=\"fill: #999;color:#999\" class=\"arrow-unsorted-368013\" xmlns=\"http:\/\/www.w3.org\/2000\/svg\" width=\"10px\" height=\"10px\" viewBox=\"0 0 24 24\" version=\"1.2\" baseProfile=\"tiny\"><path d=\"M18.2 9.3l-6.2-6.3-6.2 6.3c-.2.2-.3.4-.3.7s.1.5.3.7c.2.2.4.3.7.3h11c.3 0 .5-.1.7-.3.2-.2.3-.5.3-.7s-.1-.5-.3-.7zM5.8 14.7l6.2 6.3 6.2-6.3c.2-.2.3-.5.3-.7s-.1-.5-.3-.7c-.2-.2-.4-.3-.7-.3h-11c-.3 0-.5.1-.7.3-.2.2-.3.5-.3.7s.1.5.3.7z\"\/><\/svg><\/span><\/span><\/label><input type=\"checkbox\"  id=\"ez-toc-cssicon-toggle-item-6a9a3edbe9d0d\"  aria-label=\"Toggle\" \/><nav><ul class='ez-toc-list ez-toc-list-level-1 ' ><li class='ez-toc-page-1 ez-toc-heading-level-2'><a class=\"ez-toc-link ez-toc-heading-1\" href=\"https:\/\/www.malagacar.com\/fr\/blog\/loisirs\/choses-a-faire-a-malaga-en-janvier\/#Activites_Evenements_a_Malaga_en_Janvier_2026\" data-wpel-link=\"internal\">Activit\u00e9s &amp; \u00c9v\u00e9nements \u00e0 Malaga en Janvier 2026<\/a><ul class='ez-toc-list-level-3' ><li class='ez-toc-heading-level-3'><a class=\"ez-toc-link ez-toc-heading-2\" href=\"https:\/\/www.malagacar.com\/fr\/blog\/loisirs\/choses-a-faire-a-malaga-en-janvier\/#Profiter_des_soldes_a_Malaga\" data-wpel-link=\"internal\">Profiter des soldes \u00e0 Malaga<\/a><\/li><li class='ez-toc-page-1 ez-toc-heading-level-3'><a class=\"ez-toc-link ez-toc-heading-3\" href=\"https:\/\/www.malagacar.com\/fr\/blog\/loisirs\/choses-a-faire-a-malaga-en-janvier\/#Concert_Andre_Rieu_%E2%80%93_Malaga\" data-wpel-link=\"internal\">Concert Andr\u00e9 Rieu &#8211; Malaga<\/a><\/li><li class='ez-toc-page-1 ez-toc-heading-level-3'><a class=\"ez-toc-link ez-toc-heading-4\" href=\"https:\/\/www.malagacar.com\/fr\/blog\/loisirs\/choses-a-faire-a-malaga-en-janvier\/#DJ_Symphonic_Royal_Film_Concert_Orchestra_%E2%80%93_Malaga\" data-wpel-link=\"internal\">DJ Symphonic Royal Film Concert Orchestra &#8211; Malaga<\/a><\/li><li class='ez-toc-page-1 ez-toc-heading-level-3'><a class=\"ez-toc-link ez-toc-heading-5\" href=\"https:\/\/www.malagacar.com\/fr\/blog\/loisirs\/choses-a-faire-a-malaga-en-janvier\/#John_Williams_Hans_Zimmer_Bandes_originales_%E2%80%93_Malaga\" data-wpel-link=\"internal\">John Williams &amp; Hans Zimmer Bandes originales \u2013 Malaga<\/a><\/li><li class='ez-toc-page-1 ez-toc-heading-level-3'><a class=\"ez-toc-link ez-toc-heading-6\" href=\"https:\/\/www.malagacar.com\/fr\/blog\/loisirs\/choses-a-faire-a-malaga-en-janvier\/#Queen_Hommage_%E2%80%93_Malaga\" data-wpel-link=\"internal\">Queen Hommage \u2013 Malaga<\/a><\/li><li class='ez-toc-page-1 ez-toc-heading-level-3'><a class=\"ez-toc-link ez-toc-heading-7\" href=\"https:\/\/www.malagacar.com\/fr\/blog\/loisirs\/choses-a-faire-a-malaga-en-janvier\/#Abba_Hommage_%E2%80%93_Malaga\" data-wpel-link=\"internal\">Abba Hommage \u2013 Malaga<\/a><\/li><li class='ez-toc-page-1 ez-toc-heading-level-3'><a class=\"ez-toc-link ez-toc-heading-8\" href=\"https:\/\/www.malagacar.com\/fr\/blog\/loisirs\/choses-a-faire-a-malaga-en-janvier\/#Mississippi_Gospel_Choir_%E2%80%93_Malaga\" data-wpel-link=\"internal\">Mississippi Gospel Choir \u2013 Malaga<\/a><\/li><li class='ez-toc-page-1 ez-toc-heading-level-3'><a class=\"ez-toc-link ez-toc-heading-9\" href=\"https:\/\/www.malagacar.com\/fr\/blog\/loisirs\/choses-a-faire-a-malaga-en-janvier\/#Coldplay_Hommage_%E2%80%93_Malaga\" data-wpel-link=\"internal\">Coldplay Hommage &#8211; Malaga<\/a><\/li><li class='ez-toc-page-1 ez-toc-heading-level-3'><a class=\"ez-toc-link ez-toc-heading-10\" href=\"https:\/\/www.malagacar.com\/fr\/blog\/loisirs\/choses-a-faire-a-malaga-en-janvier\/#Retro_%E2%80%93_Malaga\" data-wpel-link=\"internal\">Retro \u2013 Malaga<\/a><\/li><li class='ez-toc-page-1 ez-toc-heading-level-3'><a class=\"ez-toc-link ez-toc-heading-11\" href=\"https:\/\/www.malagacar.com\/fr\/blog\/loisirs\/choses-a-faire-a-malaga-en-janvier\/#The_Beatles_Show_%E2%80%93_Malaga\" data-wpel-link=\"internal\">The Beatles Show &#8211; Malaga<\/a><\/li><li class='ez-toc-page-1 ez-toc-heading-level-3'><a class=\"ez-toc-link ez-toc-heading-12\" href=\"https:\/\/www.malagacar.com\/fr\/blog\/loisirs\/choses-a-faire-a-malaga-en-janvier\/#Visites_guidees_gratuites_%E2%80%93_Musee_de_Malaga\" data-wpel-link=\"internal\">Visites guid\u00e9es gratuites &#8211; Mus\u00e9e de Malaga<\/a><\/li><li class='ez-toc-page-1 ez-toc-heading-level-3'><a class=\"ez-toc-link ez-toc-heading-13\" href=\"https:\/\/www.malagacar.com\/fr\/blog\/loisirs\/choses-a-faire-a-malaga-en-janvier\/#Visite_nocturne_du_cimetiere_anglais_%E2%80%93_Malaga\" data-wpel-link=\"internal\">Visite nocturne du cimeti\u00e8re anglais &#8211; Malaga<\/a><\/li><li class='ez-toc-page-1 ez-toc-heading-level-3'><a class=\"ez-toc-link ez-toc-heading-14\" href=\"https:\/\/www.malagacar.com\/fr\/blog\/loisirs\/choses-a-faire-a-malaga-en-janvier\/#Visite_theatrale_de_la_grotte_aux_tresors_%E2%80%93_Rincon_de_la_Victoria\" data-wpel-link=\"internal\">Visite th\u00e9\u00e2trale de la grotte aux tr\u00e9sors &#8211; Rinc\u00f3n de la Victoria<\/a><\/li><li class='ez-toc-page-1 ez-toc-heading-level-3'><a class=\"ez-toc-link ez-toc-heading-15\" href=\"https:\/\/www.malagacar.com\/fr\/blog\/loisirs\/choses-a-faire-a-malaga-en-janvier\/#Degustation_de_bieres_artisanales_%E2%80%93_Malaga\" data-wpel-link=\"internal\">D\u00e9gustation de bi\u00e8res artisanales &#8211; Malaga<\/a><\/li><li class='ez-toc-page-1 ez-toc-heading-level-3'><a class=\"ez-toc-link ez-toc-heading-16\" href=\"https:\/\/www.malagacar.com\/fr\/blog\/loisirs\/choses-a-faire-a-malaga-en-janvier\/#Imagine_Cirque-Theatre_%E2%80%93_Malaga\" data-wpel-link=\"internal\">Imagine Cirque-Th\u00e9\u00e2tre &#8211; Malaga<\/a><\/li><li class='ez-toc-page-1 ez-toc-heading-level-3'><a class=\"ez-toc-link ez-toc-heading-17\" href=\"https:\/\/www.malagacar.com\/fr\/blog\/loisirs\/choses-a-faire-a-malaga-en-janvier\/#Godspell_La_musicale_%E2%80%93_Malaga\" data-wpel-link=\"internal\">Godspell. La musicale &#8211; Malaga<\/a><\/li><li class='ez-toc-page-1 ez-toc-heading-level-3'><a class=\"ez-toc-link ez-toc-heading-18\" href=\"https:\/\/www.malagacar.com\/fr\/blog\/loisirs\/choses-a-faire-a-malaga-en-janvier\/#Lac_des_cygnes_%E2%80%93_Malaga\" data-wpel-link=\"internal\">Lac des cygnes &#8211; Malaga<\/a><\/li><li class='ez-toc-page-1 ez-toc-heading-level-3'><a class=\"ez-toc-link ez-toc-heading-19\" href=\"https:\/\/www.malagacar.com\/fr\/blog\/loisirs\/choses-a-faire-a-malaga-en-janvier\/#Casse-Noisette_%E2%80%93_Malaga\" data-wpel-link=\"internal\">Casse-Noisette &#8211; Malaga<\/a><\/li><li class='ez-toc-page-1 ez-toc-heading-level-3'><a class=\"ez-toc-link ez-toc-heading-20\" href=\"https:\/\/www.malagacar.com\/fr\/blog\/loisirs\/choses-a-faire-a-malaga-en-janvier\/#Carmina_Burana_et_Concierto_de_Aranjuez_%E2%80%93_Malaga\" data-wpel-link=\"internal\">Carmina Burana et Concierto de Aranjuez &#8211; Malaga<\/a><\/li><li class='ez-toc-page-1 ez-toc-heading-level-3'><a class=\"ez-toc-link ez-toc-heading-21\" href=\"https:\/\/www.malagacar.com\/fr\/blog\/loisirs\/choses-a-faire-a-malaga-en-janvier\/#Les_Lumieres_du_Jardin_Botanique\" data-wpel-link=\"internal\">Les Lumi\u00e8res du Jardin Botanique<\/a><\/li><li class='ez-toc-page-1 ez-toc-heading-level-3'><a class=\"ez-toc-link ez-toc-heading-22\" href=\"https:\/\/www.malagacar.com\/fr\/blog\/loisirs\/choses-a-faire-a-malaga-en-janvier\/#Concerts_Candelight_%E2%80%93_Malaga\" data-wpel-link=\"internal\">Concerts Candelight &#8211; Malaga<\/a><\/li><li class='ez-toc-page-1 ez-toc-heading-level-3'><a class=\"ez-toc-link ez-toc-heading-23\" href=\"https:\/\/www.malagacar.com\/fr\/blog\/loisirs\/choses-a-faire-a-malaga-en-janvier\/#Concerts_Candelight_%E2%80%93_Marbella\" data-wpel-link=\"internal\">Concerts Candelight &#8211; Marbella<\/a><\/li><li class='ez-toc-page-1 ez-toc-heading-level-3'><a class=\"ez-toc-link ez-toc-heading-24\" href=\"https:\/\/www.malagacar.com\/fr\/blog\/loisirs\/choses-a-faire-a-malaga-en-janvier\/#Festival_de_theatre_%E2%80%93_Malaga\" data-wpel-link=\"internal\">Festival de th\u00e9\u00e2tre \u2013 Malaga<\/a><\/li><li class='ez-toc-page-1 ez-toc-heading-level-3'><a class=\"ez-toc-link ez-toc-heading-25\" href=\"https:\/\/www.malagacar.com\/fr\/blog\/loisirs\/choses-a-faire-a-malaga-en-janvier\/#Concert_du_Nouvel_An_%E2%80%93_Estepona\" data-wpel-link=\"internal\">Concert du Nouvel An &#8211; Estepona<\/a><\/li><\/ul><\/li><li class='ez-toc-page-1 ez-toc-heading-level-2'><a class=\"ez-toc-link ez-toc-heading-26\" href=\"https:\/\/www.malagacar.com\/fr\/blog\/loisirs\/choses-a-faire-a-malaga-en-janvier\/#Marches_de_rue_a_Malaga_en_janvier\" data-wpel-link=\"internal\">March\u00e9s de rue \u00e0 Malaga en janvier<\/a><ul class='ez-toc-list-level-3' ><li class='ez-toc-heading-level-3'><a class=\"ez-toc-link ez-toc-heading-27\" href=\"https:\/\/www.malagacar.com\/fr\/blog\/loisirs\/choses-a-faire-a-malaga-en-janvier\/#Marche_de_lartisanat_La_Merced_%E2%80%93_Malaga\" data-wpel-link=\"internal\">March\u00e9 de l&rsquo;artisanat La Merced &#8211; Malaga<\/a><\/li><li class='ez-toc-page-1 ez-toc-heading-level-3'><a class=\"ez-toc-link ez-toc-heading-28\" href=\"https:\/\/www.malagacar.com\/fr\/blog\/loisirs\/choses-a-faire-a-malaga-en-janvier\/#Le_marche_des_cimetieres_anglais_%E2%80%93_Malaga\" data-wpel-link=\"internal\">Le march\u00e9 des cimeti\u00e8res anglais \u2013 Malaga<\/a><\/li><li class='ez-toc-page-1 ez-toc-heading-level-3'><a class=\"ez-toc-link ez-toc-heading-29\" href=\"https:\/\/www.malagacar.com\/fr\/blog\/loisirs\/choses-a-faire-a-malaga-en-janvier\/#Marches_aux_puces_et_marches_de_rue_dans_la_province\" data-wpel-link=\"internal\">March\u00e9s aux puces et march\u00e9s de rue dans la province<\/a><\/li><\/ul><\/li><li class='ez-toc-page-1 ez-toc-heading-level-2'><a class=\"ez-toc-link ez-toc-heading-30\" href=\"https:\/\/www.malagacar.com\/fr\/blog\/loisirs\/choses-a-faire-a-malaga-en-janvier\/#Visite_des_musees_de_Malaga\" data-wpel-link=\"internal\">Visite des mus\u00e9es de Malaga<\/a><ul class='ez-toc-list-level-3' ><li class='ez-toc-heading-level-3'><a class=\"ez-toc-link ez-toc-heading-31\" href=\"https:\/\/www.malagacar.com\/fr\/blog\/loisirs\/choses-a-faire-a-malaga-en-janvier\/#Visite_de_la_Brasserie_Victoria_%E2%80%93_Malaga\" data-wpel-link=\"internal\">Visite de la Brasserie Victoria &#8211; Malaga<\/a><\/li><li class='ez-toc-page-1 ez-toc-heading-level-3'><a class=\"ez-toc-link ez-toc-heading-32\" href=\"https:\/\/www.malagacar.com\/fr\/blog\/loisirs\/choses-a-faire-a-malaga-en-janvier\/#Visites_nocturnes_theatralisees_musee_de_lautomobile_%E2%80%93_Malaga\" data-wpel-link=\"internal\">Visites nocturnes th\u00e9\u00e2tralis\u00e9es mus\u00e9e de l&rsquo;automobile &#8211; Malaga<\/a><\/li><\/ul><\/li><li class='ez-toc-page-1 ez-toc-heading-level-2'><a class=\"ez-toc-link ez-toc-heading-33\" href=\"https:\/\/www.malagacar.com\/fr\/blog\/loisirs\/choses-a-faire-a-malaga-en-janvier\/#Randonnee_dans_la_province\" data-wpel-link=\"internal\">Randonn\u00e9e dans la province<\/a><ul class='ez-toc-list-level-3' ><li class='ez-toc-heading-level-3'><a class=\"ez-toc-link ez-toc-heading-34\" href=\"https:\/\/www.malagacar.com\/fr\/blog\/loisirs\/choses-a-faire-a-malaga-en-janvier\/#Le_Caminito_del_Rey\" data-wpel-link=\"internal\">Le Caminito del Rey<\/a><\/li><\/ul><\/li><li class='ez-toc-page-1 ez-toc-heading-level-2'><a class=\"ez-toc-link ez-toc-heading-35\" href=\"https:\/\/www.malagacar.com\/fr\/blog\/loisirs\/choses-a-faire-a-malaga-en-janvier\/#Saviez-vous_que%E2%80%A6\" data-wpel-link=\"internal\">Saviez-vous que&#8230; ?<\/a><\/li><li class='ez-toc-page-1 ez-toc-heading-level-2'><a class=\"ez-toc-link ez-toc-heading-36\" href=\"https:\/\/www.malagacar.com\/fr\/blog\/loisirs\/choses-a-faire-a-malaga-en-janvier\/#La_meteo_a_Malaga_en_janvier\" data-wpel-link=\"internal\">La m\u00e9t\u00e9o \u00e0 Malaga en janvier<\/a><\/li><\/ul><\/nav><\/div>\n<h2><span class=\"ez-toc-section\" id=\"Activites_Evenements_a_Malaga_en_Janvier_2026\"><\/span>Activit\u00e9s &amp; \u00c9v\u00e9nements \u00e0 Malaga en Janvier 2026<span class=\"ez-toc-section-end\"><\/span><\/h2>\n<h3><span class=\"ez-toc-section\" id=\"Profiter_des_soldes_a_Malaga\"><\/span>Profiter des soldes \u00e0 Malaga<span class=\"ez-toc-section-end\"><\/span><\/h3>\n<figure id=\"attachment_7496\" aria-describedby=\"caption-attachment-7496\" style=\"width: 600px\" class=\"wp-caption alignnone\"><img loading=\"lazy\" decoding=\"async\" class=\"wp-image-7496 size-full\" src=\"https:\/\/www.malagacar.com\/sp\/blog\/wp-content\/uploads\/2020\/01\/shopping-calle-larios.jpg\" alt=\"\" width=\"600\" height=\"450\" \/><figcaption id=\"caption-attachment-7496\" class=\"wp-caption-text\">La rue Larios, l&rsquo;une des rues commer\u00e7antes les plus connues d&rsquo;Espagne<\/figcaption><\/figure>\n<p>Surtout si tu es \u00e0 M\u00e1laga pendant le mois de janvier, profite pour te promener dans les magasins du centre. Apr\u00e8s les dates de No\u00ebl bruyantes et les rues bond\u00e9es de monde, c&rsquo;est maintenant un bon moment pour profiter d&rsquo;une large offre de magasins et obtenir une ou deux bonnes affaires.<\/p>\n<p>Comme petit rappel, en Espagne la date originale pour le d\u00e9but des soldes est le 7 janvier, bien que de nombreux magasins avancent m\u00eame leurs offres. La date maximale de cl\u00f4ture pour les soldes d&rsquo;hiver est le 29 f\u00e9vrier. Assez de temps pour profiter du centre, de ses rues et places et pour prendre un caf\u00e9 sur l&rsquo;une de ses nombreuses terrasses en plein air.<\/p>\n<h3><span class=\"ez-toc-section\" id=\"Concert_Andre_Rieu_%E2%80%93_Malaga\"><\/span>Concert Andr\u00e9 Rieu &#8211; Malaga<span class=\"ez-toc-section-end\"><\/span><\/h3>\n<p><img loading=\"lazy\" decoding=\"async\" class=\"alignnone wp-image-18754\" src=\"https:\/\/www.malagacar.com\/sp\/blog\/wp-content\/uploads\/2024\/12\/AndreRieu_Malaga-1-576x1024.jpg\" alt=\"Concierto Andr\u00e9 Rieu - M\u00e1laga\" width=\"514\" height=\"914\" \/><\/p>\n<p>Andr\u00e9 Rieu, le l\u00e9gendaire violoniste et compositeur n\u00e9erlandais surnomm\u00e9 le \u00ab\u00a0Roi de la Valse\u00a0\u00bb, sera \u00e0 Malaga. Il a annonc\u00e9 deux concerts au Palacio de Deportes les 26 et 27 janvier.<\/p>\n<ul>\n<li><a href=\"https:\/\/www.andrerieu.com\/es\/tour\" data-wpel-link=\"external\" rel=\"external noopener noreferrer\"><strong>Billets<\/strong><\/a><\/li>\n<li>Dates : 26 et 27 janvier<\/li>\n<li>Lieu : Palais des Portes, Malaga<\/li>\n<li><a href=\"https:\/\/maps.app.goo.gl\/YdmUNgvyoLrv67fq7\" data-wpel-link=\"external\" rel=\"external noopener noreferrer\"><strong>Comment s&rsquo;y rendre<\/strong><\/a><\/li>\n<\/ul>\n<h3><span class=\"ez-toc-section\" id=\"DJ_Symphonic_Royal_Film_Concert_Orchestra_%E2%80%93_Malaga\"><\/span>DJ Symphonic Royal Film Concert Orchestra &#8211; Malaga<span class=\"ez-toc-section-end\"><\/span><\/h3>\n<p><img loading=\"lazy\" decoding=\"async\" class=\"alignnone wp-image-18752\" src=\"https:\/\/www.malagacar.com\/sp\/blog\/wp-content\/uploads\/2024\/12\/dj-symphonic.jpg\" alt=\"DJ Symphonic Royal Film Concert Orchestra - M\u00e1laga\" width=\"520\" height=\"521\" \/><\/p>\n<p>Profitez de ce concert qui m\u00eale un orchestre symphonique et un DJ interpr\u00e9tant des chansons de Coldplay, Avicii, Queen, Survivor, David Guetta et Europe, entre autres.<\/p>\n<ul>\n<li><a href=\"https:\/\/www.elcorteingles.es\/entradas\/conciertos\/entradas-dj-symphonic-royal-film-concert-orchestra-malaga\/\" data-wpel-link=\"external\" rel=\"external noopener noreferrer\"><strong>Billets<\/strong><\/a><\/li>\n<li>Date : 25 janvier<\/li>\n<li>O\u00f9\u00a0: Parc des expositions et centre de congr\u00e8s de Malaga<\/li>\n<li><a href=\"https:\/\/maps.app.goo.gl\/YdmUNgvyoLrv67fq7\" data-wpel-link=\"external\" rel=\"external noopener noreferrer\"><strong>Comment s\u2019y rendre<\/strong><\/a><\/li>\n<\/ul>\n<h3><span class=\"ez-toc-section\" id=\"John_Williams_Hans_Zimmer_Bandes_originales_%E2%80%93_Malaga\"><\/span>John Williams &amp; Hans Zimmer Bandes originales \u2013 Malaga<span class=\"ez-toc-section-end\"><\/span><\/h3>\n<p><img loading=\"lazy\" decoding=\"async\" class=\"alignnone size-full wp-image-18751\" src=\"https:\/\/www.malagacar.com\/sp\/blog\/wp-content\/uploads\/2024\/12\/WilliamsZimmer-bandas-sonoras.jpg\" alt=\"John Williams &amp; Hans Zimmer Bandas Sonoras \u2013 M\u00e1laga\" width=\"500\" height=\"500\" \/><\/p>\n<p>Un hommage aux deux ma\u00eetres par l&rsquo;Orchestre symphonique d&rsquo;Hollywood avec de grandes bandes originales telles que Star Wars, Indiana Jones, Harry Potter, Gladiator, Inception, Sherlock Holmes, Pirates des Cara\u00efbes, The Dark Knight, Le Roi Lion et bien d&rsquo;autres.<\/p>\n<ul>\n<li><a href=\"https:\/\/checkoutentradas2.elcorteingles.es\/elcorteingles\/select\/2549442?viewCode=Vista_Principal\" data-wpel-link=\"external\" rel=\"external noopener noreferrer\"><strong>Billets<\/strong><\/a><\/li>\n<li>Date : 24 janvier<\/li>\n<li>O\u00f9\u00a0: Parc des expositions et centre de congr\u00e8s de Malaga<\/li>\n<li><a href=\"https:\/\/maps.app.goo.gl\/YdmUNgvyoLrv67fq7\" data-wpel-link=\"external\" rel=\"external noopener noreferrer\"><strong>Comment s\u2019y rendre<\/strong><\/a><\/li>\n<\/ul>\n<h3><span class=\"ez-toc-section\" id=\"Queen_Hommage_%E2%80%93_Malaga\"><\/span>Queen Hommage \u2013 Malaga<span class=\"ez-toc-section-end\"><\/span><\/h3>\n<p><img loading=\"lazy\" decoding=\"async\" class=\"alignnone wp-image-18749\" src=\"https:\/\/www.malagacar.com\/sp\/blog\/wp-content\/uploads\/2024\/12\/tributo-queen.jpg\" alt=\"Queen Tributo \u2013 M\u00e1laga\" width=\"604\" height=\"598\" \/><\/p>\n<p>Profitez d&rsquo;un spectacle hommage magistral \u00e0 ce groupe l\u00e9gendaire\u00a0: plus de deux heures et demie de musique avec tous les titres phares et une mise en sc\u00e8ne spectaculaire.<\/p>\n<ul>\n<li><a href=\"https:\/\/www.aporentradas.com\/espectaculo\/APORENTRADAS\/2\/queen-is-back-malaga.html\" data-wpel-link=\"external\" rel=\"external noopener noreferrer\"><strong>Billets<\/strong><\/a><\/li>\n<li>Date : 16 janvier<\/li>\n<li>O\u00f9\u00a0: Parc des expositions et centre de congr\u00e8s de Malaga<\/li>\n<li><a href=\"https:\/\/maps.app.goo.gl\/YdmUNgvyoLrv67fq7\" data-wpel-link=\"external\" rel=\"external noopener noreferrer\"><strong>Comment s\u2019y rendre<\/strong><\/a><\/li>\n<\/ul>\n<h3><span class=\"ez-toc-section\" id=\"Abba_Hommage_%E2%80%93_Malaga\"><\/span>Abba Hommage \u2013 Malaga<span class=\"ez-toc-section-end\"><\/span><\/h3>\n<p><img loading=\"lazy\" decoding=\"async\" class=\"alignnone size-full wp-image-18748\" src=\"https:\/\/www.malagacar.com\/sp\/blog\/wp-content\/uploads\/2024\/12\/Abba-Tribute.jpg\" alt=\"Abba Tributo \u2013 M\u00e1laga\" width=\"500\" height=\"500\" \/><\/p>\n<p>Le Palais des Congr\u00e8s accueille ce spectacle hommage \u00e0 ABBA. Un show exceptionnel vous attend, capturant l&rsquo;essence et le style unique du groupe, avec des voix exceptionnelles interpr\u00e9tant leurs plus grands succ\u00e8s.<\/p>\n<ul>\n<li><a href=\"https:\/\/checkoutentradas2.elcorteingles.es\/elcorteingles\/select\/2552934?viewCode=Vista_Principal\" data-wpel-link=\"external\" rel=\"external noopener noreferrer\"><strong>Billets<\/strong><\/a><\/li>\n<li>Date : 10 janvier<\/li>\n<li>O\u00f9\u00a0: Parc des expositions et centre de congr\u00e8s de Malaga<\/li>\n<li><a href=\"https:\/\/maps.app.goo.gl\/YdmUNgvyoLrv67fq7\" data-wpel-link=\"external\" rel=\"external noopener noreferrer\"><strong>Comment s\u2019y rendre<\/strong><\/a><\/li>\n<\/ul>\n<h3><span class=\"ez-toc-section\" id=\"Mississippi_Gospel_Choir_%E2%80%93_Malaga\"><\/span>Mississippi Gospel Choir \u2013 Malaga<span class=\"ez-toc-section-end\"><\/span><\/h3>\n<p><img loading=\"lazy\" decoding=\"async\" class=\"alignnone wp-image-18747\" src=\"https:\/\/www.malagacar.com\/sp\/blog\/wp-content\/uploads\/2024\/12\/Mississippi-Gospel-Choir.jpg\" alt=\"Mississippi Gospel Choir \u2013 M\u00e1laga\" width=\"560\" height=\"582\" \/><\/p>\n<p>Le Mississippi Gospel Choir revient \u00e0 Malaga. Ce groupe de 20 voix puissantes proposera un programme musical intense, allant des negro spirituals du XIXe si\u00e8cle \u00e0 un hommage aux chants de protestation, le tout impr\u00e9gn\u00e9 de rythmes funk et blues.<\/p>\n<ul>\n<li><a href=\"https:\/\/checkoutentradas2.elcorteingles.es\/elcorteingles\/select\/2549754?viewCode=Vista_Principal\" data-wpel-link=\"external\" rel=\"external noopener noreferrer\"><strong>Billets<\/strong><\/a><\/li>\n<li>Date : 10 janvier<\/li>\n<li>O\u00f9\u00a0: Parc des expositions et centre de congr\u00e8s de Malaga<\/li>\n<li><a href=\"https:\/\/maps.app.goo.gl\/YdmUNgvyoLrv67fq7\" data-wpel-link=\"external\" rel=\"external noopener noreferrer\"><strong>Comment s\u2019y rendre<\/strong><\/a><\/li>\n<\/ul>\n<h3><span class=\"ez-toc-section\" id=\"Coldplay_Hommage_%E2%80%93_Malaga\"><\/span>Coldplay Hommage &#8211; Malaga<span class=\"ez-toc-section-end\"><\/span><\/h3>\n<p><img loading=\"lazy\" decoding=\"async\" class=\"alignnone wp-image-18745\" src=\"https:\/\/www.malagacar.com\/sp\/blog\/wp-content\/uploads\/2024\/12\/coldplay-tribute.jpg\" alt=\"Tributo a Coldplay - M\u00e1laga\" width=\"510\" height=\"513\" \/><\/p>\n<p>Appr\u00e9ciez ce concert hommage \u00e0 Coldplay, avec une mise en sc\u00e8ne \u00e9nergique et dynamique, fid\u00e8le \u00e0 l&rsquo;essence du groupe et m\u00e9ticuleusement con\u00e7ue dans les moindres d\u00e9tails.<\/p>\n<ul>\n<li><a href=\"https:\/\/www.aporentradas.com\/espectaculo\/APORENTRADAS\/2\/coldday-coldplay-tribute-malaga.html\" data-wpel-link=\"external\" rel=\"external noopener noreferrer\"><strong>Billets<\/strong><\/a><\/li>\n<li>Date : 9 janvier<\/li>\n<li>O\u00f9\u00a0: Parc des expositions et centre de congr\u00e8s de Malaga<\/li>\n<li><a href=\"https:\/\/maps.app.goo.gl\/YdmUNgvyoLrv67fq7\" data-wpel-link=\"external\" rel=\"external noopener noreferrer\"><strong>Comment s\u2019y rendre<\/strong><\/a><\/li>\n<\/ul>\n<h3><span class=\"ez-toc-section\" id=\"Retro_%E2%80%93_Malaga\"><\/span>Retro \u2013 Malaga<span class=\"ez-toc-section-end\"><\/span><\/h3>\n<p><img loading=\"lazy\" decoding=\"async\" class=\"alignnone wp-image-18744\" src=\"https:\/\/www.malagacar.com\/sp\/blog\/wp-content\/uploads\/2024\/12\/retro-malaga-730x1024.jpg\" alt=\"Retro \u2013 M\u00e1laga\" width=\"509\" height=\"714\" \/><\/p>\n<p>Les passionn\u00e9s de v\u00e9hicules classiques et de collection se retrouvent au salon Retro Malaga, d\u00e9di\u00e9 aux v\u00e9hicules classiques, anciens et de collection. Au programme\u00a0: un week-end d\u2019expositions, de stands d\u2019accessoires, de pi\u00e8ces d\u00e9tach\u00e9es, de cadeaux, et la possibilit\u00e9 d\u2019acheter et de vendre des voitures et des motos de collection.<\/p>\n<p>L\u2019\u00e9v\u00e9nement aura lieu les 23, 24 et 25\u00a0janvier au Parc des expositions et des congr\u00e8s de Malaga.<\/p>\n<ul>\n<li>Dates : 23, 24 et 25 janvier<\/li>\n<li>O\u00f9\u00a0: Parc des expositions et centre de congr\u00e8s de Malaga<\/li>\n<li><a href=\"https:\/\/maps.app.goo.gl\/YdmUNgvyoLrv67fq7\" data-wpel-link=\"external\" rel=\"external noopener noreferrer\"><strong>Comment s\u2019y rendre<\/strong><\/a><\/li>\n<\/ul>\n<h3><span class=\"ez-toc-section\" id=\"The_Beatles_Show_%E2%80%93_Malaga\"><\/span>The Beatles Show &#8211; Malaga<span class=\"ez-toc-section-end\"><\/span><\/h3>\n<p><img loading=\"lazy\" decoding=\"async\" class=\"alignnone wp-image-18742\" src=\"https:\/\/www.malagacar.com\/sp\/blog\/wp-content\/uploads\/2024\/12\/beatles-show.jpg\" alt=\"The Beatles Show - M\u00e1laga\" width=\"510\" height=\"591\" \/><\/p>\n<p>Le spectacle Beatles Show est l&rsquo;un des meilleurs hommages au monde au groupe britannique. Il transporte les fans \u00e0 travers diff\u00e9rentes \u00e9poques de la carri\u00e8re des Beatles, gr\u00e2ce \u00e0 des r\u00e9pliques des instruments qui ont marqu\u00e9 l&rsquo;histoire de la musique.<\/p>\n<p><iframe loading=\"lazy\" title=\"THE BEATLES SHOW\" src=\"https:\/\/www.youtube.com\/embed\/_aUKmg8IyPI\" width=\"1300\" height=\"731\" frameborder=\"0\" allowfullscreen=\"allowfullscreen\"><\/iframe><\/p>\n<ul>\n<li><a href=\"https:\/\/www.aporentradas.com\/espectaculo\/APORENTRADAS\/2\/the-beatles-malaga.html\" data-wpel-link=\"external\" rel=\"external noopener noreferrer\"><strong>Billets<\/strong><\/a><\/li>\n<li>Date : 23 janvier<\/li>\n<li>O\u00f9\u00a0: Parc des expositions et centre de congr\u00e8s de Malaga<\/li>\n<li><a href=\"https:\/\/maps.app.goo.gl\/YdmUNgvyoLrv67fq7\" data-wpel-link=\"external\" rel=\"external noopener noreferrer\"><strong>Comment s\u2019y rendre<\/strong><\/a><\/li>\n<\/ul>\n<h3><span class=\"ez-toc-section\" id=\"Visites_guidees_gratuites_%E2%80%93_Musee_de_Malaga\"><\/span>Visites guid\u00e9es gratuites &#8211; Mus\u00e9e de Malaga<span class=\"ez-toc-section-end\"><\/span><\/h3>\n<p><img loading=\"lazy\" decoding=\"async\" class=\"alignnone wp-image-14397\" src=\"https:\/\/www.malagacar.com\/sp\/blog\/wp-content\/uploads\/2021\/07\/Museo-de-Malaga-819x1024.jpg\" alt=\"Museo de M\u00e1laga\" width=\"550\" height=\"688\" \/><\/p>\n<p>Profitez du samedi pour fl\u00e2ner parmi les collections d&rsquo;art et d&rsquo;arch\u00e9ologie. Le <a href=\"https:\/\/www.malagacar.com\/fr\/blog\/loisirs\/meilleurs-musees-malaga\/#Musee_de_Malaga\" data-wpel-link=\"internal\"><strong>Mus\u00e9e de Malaga<\/strong><\/a> propose des visites guid\u00e9es gratuites tous les samedis \u00e0 midi, chacune sur un th\u00e8me diff\u00e9rent.<\/p>\n<p>Les inscriptions se font \u00e0 l&rsquo;accueil le jour de l&rsquo;activit\u00e9, d\u00e8s l&rsquo;ouverture du mus\u00e9e. Consultez <a href=\"https:\/\/www.museosdeandalucia.es\/web\/museodemalaga\" data-wpel-link=\"external\" rel=\"external noopener noreferrer\"><strong>leur site web<\/strong><\/a> pour conna\u00eetre les activit\u00e9s propos\u00e9es chaque semaine.<\/p>\n<ul>\n<li>Quand : Le samedi \u00e0 12h<\/li>\n<li>O\u00f9 : Mus\u00e9e de Malaga<\/li>\n<li><a href=\"https:\/\/maps.app.goo.gl\/ZRb4BVzcJ2ToyXaH8\" data-wpel-link=\"external\" rel=\"external noopener noreferrer\"><strong>Comment s&rsquo;y rendre<\/strong><\/a><\/li>\n<\/ul>\n<h3><span class=\"ez-toc-section\" id=\"Visite_nocturne_du_cimetiere_anglais_%E2%80%93_Malaga\"><\/span>Visite nocturne du cimeti\u00e8re anglais &#8211; Malaga<span class=\"ez-toc-section-end\"><\/span><\/h3>\n<p><img loading=\"lazy\" decoding=\"async\" class=\"alignnone wp-image-16313\" src=\"https:\/\/www.malagacar.com\/sp\/blog\/wp-content\/uploads\/2024\/10\/Visita-nocturna-cementerio-ingles-1024x966.jpg\" alt=\"Visita nocturna al Cementerio Ingl\u00e9s - M\u00e1laga\" width=\"734\" height=\"692\" \/><\/p>\n<p>Osez d\u00e9couvrir tous les secrets cach\u00e9s dans cette visite nocturne th\u00e9\u00e2tralis\u00e9e du cimeti\u00e8re anglais historique. Les personnalit\u00e9s qui y reposent prennent vie et vous racontent leurs histoires int\u00e9ressantes.<\/p>\n<p>La visite dure 1 heure et demie. Nombre de places limit\u00e9 jusqu&rsquo;\u00e0 \u00e9puisement de la capacit\u00e9.<\/p>\n<ul>\n<li><a href=\"https:\/\/historiavivamalaga.es\/visitas-teatralizadas-en-malaga\/cementerio-ingles-en-malaga\/?_gl=1*1qg529*_up*MQ..*_ga*NzIzNDMzNDQ4LjE3NTk3MzgwNTg.*_ga_YKXC5BWRQG*czE3NTk3MzgwNTckbzEkZzAkdDE3NTk3MzgwNTckajYwJGwwJGgw*_ga_MZ8MMM82Y1*czE3NTk3MzgwNTgkbzEkZzAkdDE3NTk3MzgwNTgkajYwJGwwJGgw\" data-wpel-link=\"external\" rel=\"external noopener noreferrer\"><strong>Plus d&rsquo;informations et billets<\/strong><\/a><\/li>\n<li>O\u00f9 : Cementerio Ingl\u00e9s, M\u00e1laga<\/li>\n<li><a href=\"https:\/\/maps.app.goo.gl\/vKia4xamSXpDjeyf6\" data-wpel-link=\"external\" rel=\"external noopener noreferrer\"><strong>Comment s&rsquo;y rendre<\/strong><\/a><\/li>\n<\/ul>\n<h3><span class=\"ez-toc-section\" id=\"Visite_theatrale_de_la_grotte_aux_tresors_%E2%80%93_Rincon_de_la_Victoria\"><\/span>Visite th\u00e9\u00e2trale de la grotte aux tr\u00e9sors &#8211; Rinc\u00f3n de la Victoria<span class=\"ez-toc-section-end\"><\/span><\/h3>\n<p><img loading=\"lazy\" decoding=\"async\" class=\"size-large wp-image-7849\" src=\"https:\/\/www.malagacar.com\/sp\/blog\/wp-content\/uploads\/2020\/03\/cueva-del-tesoro-1024x625.jpg\" alt=\"cueva del tesoro\" width=\"750\" height=\"458\" \/><\/p>\n<p>Remontez le temps et d\u00e9couvrez l&rsquo;histoire et les myst\u00e8res de la d\u00e9couverte de la Grotte au Tr\u00e9sor. Visites th\u00e9\u00e2tralis\u00e9es d&rsquo;une heure \u00e0 travers les diff\u00e9rentes galeries de la grotte.<\/p>\n<p>R\u00e9servation obligatoire pour cette activit\u00e9 via <a href=\"https:\/\/entradas.turismoenrincon.es\/\" data-wpel-link=\"external\" rel=\"external noopener noreferrer\"><strong>ce lien<\/strong><\/a>.<\/p>\n<ul>\n<li>O\u00f9 : Grotte au tr\u00e9sor &#8211; Rinc\u00f3n de la Victoria<\/li>\n<li><a href=\"https:\/\/maps.app.goo.gl\/3sX5qj8EcDRxP7R37\" data-wpel-link=\"external\" rel=\"external noopener noreferrer\"><strong>Comment s&rsquo;y rendre<\/strong><\/a><\/li>\n<\/ul>\n<h3><span class=\"ez-toc-section\" id=\"Degustation_de_bieres_artisanales_%E2%80%93_Malaga\"><\/span>D\u00e9gustation de bi\u00e8res artisanales &#8211; Malaga<span class=\"ez-toc-section-end\"><\/span><\/h3>\n<p><img loading=\"lazy\" decoding=\"async\" class=\"alignnone size-large wp-image-18579\" src=\"https:\/\/www.malagacar.com\/sp\/blog\/wp-content\/uploads\/2024\/11\/Cata-de-cervezas-artesanas-1024x541.jpg\" alt=\"Cata de cervezas artesanas - M\u00e1laga\" width=\"750\" height=\"396\" \/><\/p>\n<p>Dans le \u00ab\u00a0quartier artistique\u00a0\u00bb branch\u00e9 de Soho, au c\u0153ur de Malaga, vous pouvez vous inscrire \u00e0 une d\u00e9gustation de bi\u00e8res artisanales. Plus pr\u00e9cis\u00e9ment \u00e0 La F\u00e1brica de Cerveza Cruzcampo, qui allie production de bi\u00e8res artisanales, bar, gastronomie et musique live.<\/p>\n<ul>\n<li>Plus d\u2019<a href=\"https:\/\/lafabricadecerveza.com\/experiencias-malaga\/\" data-wpel-link=\"external\" rel=\"external noopener noreferrer\"><strong>informations et r\u00e9servations<\/strong><\/a><\/li>\n<li>O\u00f9\u00a0: La F\u00e1brica, Malaga<\/li>\n<li><a href=\"https:\/\/maps.app.goo.gl\/D5DHHYApRd3cjeW37\" data-wpel-link=\"external\" rel=\"external noopener noreferrer\"><strong>Comment s\u2019y rendre<\/strong><\/a><\/li>\n<\/ul>\n<h3><span class=\"ez-toc-section\" id=\"Imagine_Cirque-Theatre_%E2%80%93_Malaga\"><\/span>Imagine Cirque-Th\u00e9\u00e2tre &#8211; Malaga<span class=\"ez-toc-section-end\"><\/span><\/h3>\n<p><img loading=\"lazy\" decoding=\"async\" class=\"alignnone size-full wp-image-18576\" src=\"https:\/\/www.malagacar.com\/sp\/blog\/wp-content\/uploads\/2024\/11\/Imagine.jpg\" alt=\"Imagine Circo-Teatro - M\u00e1laga\" width=\"579\" height=\"808\" \/><\/p>\n<p>\u00ab IMAGINE &#8211; Le chemin des r\u00eaves \u00bb est un spectacle familial qui m\u00eale cirque, th\u00e9\u00e2tre, acrobaties et situations comiques pour raconter l&rsquo;histoire des employ\u00e9s de l&rsquo;h\u00f4tel Imagine.<\/p>\n<ul>\n<li><a href=\"https:\/\/universoimagine.com\/\" data-wpel-link=\"external\" rel=\"external noopener noreferrer\"><strong>Billets<\/strong><\/a><\/li>\n<li>Dates : au 18 janvier<\/li>\n<li>O\u00f9\u00a0: Sohrlin, Malaga<\/li>\n<li><a href=\"https:\/\/maps.app.goo.gl\/aVwPdrGon2gLVKA86\" data-wpel-link=\"external\" rel=\"external noopener noreferrer\"><strong>Comment s&rsquo;y rendre<\/strong><\/a><\/li>\n<\/ul>\n<h3><span class=\"ez-toc-section\" id=\"Godspell_La_musicale_%E2%80%93_Malaga\"><\/span>Godspell. La musicale &#8211; Malaga<span class=\"ez-toc-section-end\"><\/span><\/h3>\n<p><img loading=\"lazy\" decoding=\"async\" class=\"alignnone size-full wp-image-18577\" src=\"https:\/\/www.malagacar.com\/sp\/blog\/wp-content\/uploads\/2024\/11\/godspell2.jpg\" alt=\"Godspell. El Musical - M\u00e1laga\" width=\"578\" height=\"811\" \/><\/p>\n<p>Le Soho Theatre pr\u00e9sentera ce classique de Broadway du 30 octobre 2020 au 11 janvier 2026.<\/p>\n<p>Cette version de Godspell, mise en sc\u00e8ne par Antonio Banderas, s&rsquo;inspire de l&rsquo;\u00c9vangile selon Matthieu et relate le parcours d&rsquo;un groupe de jeunes dans une grande ville.<\/p>\n<ul>\n<li><a href=\"https:\/\/teatrodelsoho.com\/evento\/godspell\/\" data-wpel-link=\"external\" rel=\"external noopener noreferrer\"><strong>Informations et billets<\/strong><\/a><\/li>\n<li>Dates : au 11 janvier<\/li>\n<li>O\u00f9\u00a0\u00a0: Teatro del Soho M\u00e1laga<\/li>\n<li><a href=\"https:\/\/maps.app.goo.gl\/Kqbs1J57cacLa1gF7\" data-wpel-link=\"external\" rel=\"external noopener noreferrer\"><strong>Comment s&rsquo;y rendre<\/strong><\/a><\/li>\n<\/ul>\n<h3><span class=\"ez-toc-section\" id=\"Lac_des_cygnes_%E2%80%93_Malaga\"><\/span>Lac des cygnes &#8211; Malaga<span class=\"ez-toc-section-end\"><\/span><\/h3>\n<p><img loading=\"lazy\" decoding=\"async\" class=\"alignnone size-large wp-image-16624\" src=\"https:\/\/www.malagacar.com\/sp\/blog\/wp-content\/uploads\/2024\/12\/ballet-tchaikovsky-1024x527.jpg\" alt=\"El Lago de los Cisnes - M\u00e1laga\" width=\"750\" height=\"386\" \/><\/p>\n<p>Le Ballet national Tcha\u00efkovski pr\u00e9sente ce grand ballet classique par excellence au Parc des expositions et Centre des congr\u00e8s de Malaga.<\/p>\n<ul>\n<li><a href=\"https:\/\/checkoutentradas2.elcorteingles.es\/elcorteingles\/select\/2549605?viewCode=Vista_Principal\" data-wpel-link=\"external\" rel=\"external noopener noreferrer\"><strong>Billets<\/strong><\/a><\/li>\n<li>Date : 18 janvier<\/li>\n<li>O\u00f9\u00a0: Parc des expositions et centre de congr\u00e8s de Malaga<\/li>\n<li><a href=\"https:\/\/maps.app.goo.gl\/YdmUNgvyoLrv67fq7\" data-wpel-link=\"external\" rel=\"external noopener noreferrer\"><strong>Comment s\u2019y rendre<\/strong><\/a><\/li>\n<\/ul>\n<h3><span class=\"ez-toc-section\" id=\"Casse-Noisette_%E2%80%93_Malaga\"><\/span>Casse-Noisette &#8211; Malaga<span class=\"ez-toc-section-end\"><\/span><\/h3>\n<p><img loading=\"lazy\" decoding=\"async\" class=\"alignnone size-large wp-image-16630\" src=\"https:\/\/www.malagacar.com\/sp\/blog\/wp-content\/uploads\/2024\/12\/cascanueces-1024x534.jpg\" alt=\"El Cascanueces - M\u00e1laga\" width=\"750\" height=\"391\" \/><\/p>\n<p>Le Ballet national Tcha\u00efkovski pr\u00e9sente cette \u0153uvre classique de Tcha\u00efkovski, avec une chor\u00e9graphie originale de Lev Ivanov. Installez-vous confortablement et laissez-vous envo\u00fbter par ce conte enchanteur pour tous les \u00e2ges. Plusieurs repr\u00e9sentations auront lieu dans diff\u00e9rents lieux\u00a0: au Teatro Cervantes le 6\u00a0janvier et au Palacio de Ferias y Congresos le 18\u00a0janvier.<\/p>\n<ul>\n<li>Billets: <strong><a href=\"https:\/\/www.unientradas.es\/es\/espectaculo\/el-cascanueces\/25-26Cascanueces?_gl=1*pz62j2*_ga*ODIzNDQ1MDg1LjE3NTA5NTIwNTI.*_ga_CWHM5BJYMY*czE3NTA5NTIwNTEkbzEkZzEkdDE3NTA5NTIxMDUkajYkbDAkaDE0NDU0MzI3NjY.*_gcl_au*MTIyNjEyODUwMy4xNzUwOTUyMDUy*_ga_RBEXKBTHK8*czE3NTA5NTIwNTEkbzEkZzEkdDE3NTA5NTIwNzIkajM5JGwwJGgw\" data-wpel-link=\"external\" rel=\"external noopener noreferrer\">Teatro Cervantes<\/a> <\/strong>I <strong><a href=\"https:\/\/checkoutentradas2.elcorteingles.es\/elcorteingles\/select\/2549465?viewCode=Vista_Principal\" data-wpel-link=\"external\" rel=\"external noopener noreferrer\">Palacio de Ferias y Congresos<\/a><\/strong><\/li>\n<li>Dates : 6 et 18 janvier<\/li>\n<li>Lieu : Th\u00e9\u00e2tre Cervantes | Parc des expositions et centre de congr\u00e8s, Malaga<\/li>\n<\/ul>\n<h3><span class=\"ez-toc-section\" id=\"Carmina_Burana_et_Concierto_de_Aranjuez_%E2%80%93_Malaga\"><\/span>Carmina Burana et Concierto de Aranjuez &#8211; Malaga<span class=\"ez-toc-section-end\"><\/span><\/h3>\n<p><img loading=\"lazy\" decoding=\"async\" class=\"alignnone size-full wp-image-18753\" src=\"https:\/\/www.malagacar.com\/sp\/blog\/wp-content\/uploads\/2024\/12\/Carmina-Aranjuez.jpg\" alt=\"Carmina Burana y Concierto de Aranjuez - M\u00e1laga\" width=\"500\" height=\"500\" \/><\/p>\n<p>Les amateurs de guitare espagnole sont invit\u00e9s \u00e0 un \u00e9v\u00e9nement exceptionnel au Parc des expositions et des congr\u00e8s de Malaga.<\/p>\n<p>Venez appr\u00e9cier ce concert qui r\u00e9unit deux chefs-d&rsquo;\u0153uvre\u00a0: le Concierto de Aranjuez de Joaqu\u00edn Rodrigo et Carmina Burana de Carl Orff, interpr\u00e9t\u00e9s avec guitare et le Grand Orchestre symphonique.<\/p>\n<ul>\n<li><strong><a href=\"https:\/\/checkoutentradas2.elcorteingles.es\/elcorteingles\/select\/2549468?viewCode=Vista_Principal\" data-wpel-link=\"external\" rel=\"external noopener noreferrer\">Billets<\/a><\/strong><\/li>\n<li>Date : 24 janvier<\/li>\n<li>O\u00f9\u00a0: Parc des expositions et centre de congr\u00e8s de Malaga<\/li>\n<li><a href=\"https:\/\/maps.app.goo.gl\/YdmUNgvyoLrv67fq7\" data-wpel-link=\"external\" rel=\"external noopener noreferrer\"><strong>Comment s\u2019y rendre<\/strong><\/a><\/li>\n<\/ul>\n<h3><span class=\"ez-toc-section\" id=\"Les_Lumieres_du_Jardin_Botanique\"><\/span>Les Lumi\u00e8res du Jardin Botanique<span class=\"ez-toc-section-end\"><\/span><\/h3>\n<p><img loading=\"lazy\" decoding=\"async\" class=\"alignnone size-full wp-image-719\" src=\"https:\/\/www.malagacar.com\/fr\/blog\/wp-content\/uploads\/2023\/10\/jardin-de-noel-malaga.jpg\" alt=\"Jardin de No\u00ebl M\u00e1laga\" width=\"1200\" height=\"900\" srcset=\"https:\/\/www.malagacar.com\/fr\/blog\/wp-content\/uploads\/2023\/10\/jardin-de-noel-malaga.jpg 1200w, https:\/\/www.malagacar.com\/fr\/blog\/wp-content\/uploads\/2023\/10\/jardin-de-noel-malaga-300x225.jpg 300w, https:\/\/www.malagacar.com\/fr\/blog\/wp-content\/uploads\/2023\/10\/jardin-de-noel-malaga-1024x768.jpg 1024w, https:\/\/www.malagacar.com\/fr\/blog\/wp-content\/uploads\/2023\/10\/jardin-de-noel-malaga-768x576.jpg 768w\" sizes=\"auto, (max-width: 1200px) 100vw, 1200px\" \/><\/p>\n<p>Nous sommes ravis de vous annoncer que cette ann\u00e9e, Les Lumi\u00e8res du Botanique sont de retour.<\/p>\n<p>Du <strong>28 novembre au 6 janvier 2026<\/strong> vous pourrez profiter de ce magnifique spectacle nocturne o\u00f9 le Jardin Botanique de la Concepci\u00f3n se transforme en une for\u00eat enchant\u00e9e de lumi\u00e8res et de sons.<\/p>\n<p>Des millions de points lumineux \u00e9claireront un parcours circulaire d&rsquo;environ 2,2 kilom\u00e8tres de long, <em><strong>transformant l&rsquo;un des jardins tropicaux les plus beaux et les plus importants d&rsquo;Espagne en un oc\u00e9an magique de splendeur<\/strong><\/em>.<\/p>\n<p>Nous avons assist\u00e9 aux \u00e9ditions qui ont eu lieu jusqu\u2019\u00e0 pr\u00e9sent, chacune ayant une th\u00e9matique tr\u00e8s diff\u00e9rente. L\u2019exp\u00e9rience nous a enchant\u00e9s et l\u2019anticipation de la surprise de cette ann\u00e9e est grande !<\/p>\n<p>Il est recommand\u00e9 de consulter notre article <a href=\"https:\/\/www.malagacar.com\/fr\/blog\/loisirs\/jardin-de-noel-malaga\/\" data-wpel-link=\"internal\"><strong>Les Lumi\u00e8res du Botanique<\/strong><\/a> pour tout ce que vous devez savoir. De premi\u00e8re main, ne le manquez pas !<\/p>\n<p><iframe loading=\"lazy\" title=\"YouTube video player\" src=\"https:\/\/www.youtube.com\/embed\/vn08cA7qgGE\" width=\"1280\" height=\"721\" frameborder=\"0\" allowfullscreen=\"allowfullscreen\"><\/iframe><\/p>\n<h3><span class=\"ez-toc-section\" id=\"Concerts_Candelight_%E2%80%93_Malaga\"><\/span>Concerts Candelight &#8211; Malaga<span class=\"ez-toc-section-end\"><\/span><\/h3>\n<p><a href=\"https:\/\/www.malagacar.com\/sp\/blog\/wp-content\/uploads\/2020\/01\/IMG_20211122_083656_009.jpg\" data-wpel-link=\"internal\"><img loading=\"lazy\" decoding=\"async\" class=\"alignnone wp-image-10160\" src=\"https:\/\/www.malagacar.com\/sp\/blog\/wp-content\/uploads\/2020\/01\/IMG_20211122_083656_009-768x1024.jpg\" alt=\"\" width=\"452\" height=\"602\" \/><\/a><\/p>\n<p>Dans la salle de concert Mar\u00eda Cristina, un monast\u00e8re franciscain du XVe si\u00e8cle situ\u00e9 au c\u0153ur de Malaga, \u00e0 l&rsquo;acoustique exceptionnelle et \u00e0 la beaut\u00e9 unique.<\/p>\n<p>R\u00e9cemment, de plus en plus de lieux uniques de Malaga se sont joints \u00e0 cette exp\u00e9rience, comme le mus\u00e9e Carmen Thyssen et maintenant le Gran Hotel Miramar.<\/p>\n<p>Nous vous recommandons personnellement cette exp\u00e9rience de concerts classiques et d&rsquo;hommages \u00e0 la lumi\u00e8re des bougies.<\/p>\n<h4>Programme de janvier<\/h4>\n<p><strong>Hommage \u00e0 Hans Zimmer<\/strong> au Gran Hotel Miramar, les 8 et 11 janvier<br \/>\n<strong>Hommage \u00e0 ABBA<\/strong> au Gran Hotel Miramar, le 8 janvier<br \/>\n<strong>Bandes sonores magiques<\/strong> \u00e0 la Sala Mar\u00eda Cristina, le 9 janvier<br \/>\n<strong>Hommage \u00e0 Ludovico Einaudi<\/strong> \u00e0 la Sala Mar\u00eda Cristina, le 9 janvier<br \/>\n<strong>Tcha\u00efkovski, Casse-Noisette<\/strong> et plus, 10 janvier<br \/>\n<strong>Hommage \u00e0 Coldplay<\/strong> au Gran Hotel Miramar, le 11 janvier<br \/>\n<strong>Les Quatre Saisons de Vivaldi<\/strong> au Gran Hotel Miramar, les 17 et 18 janvier<br \/>\n<strong>Hommage \u00e0 Queen &amp; The Beatles<\/strong> au Gran Hotel Miramar, les 17 et 18 janvier<br \/>\n<strong>Hommage \u00e0 Bad Bunny<\/strong> \u00e0 la Sala Mar\u00eda Cristina, le 23 janvier<br \/>\n<strong>Anneaux et Dragons<\/strong> au Gran Hotel Miramar, le 24 janvier<\/p>\n<ul>\n<li>Billets \u00e0 <a href=\"https:\/\/feverup.com\/malaga\/candlelight?utm_content=candlelight&amp;utm_source=malagasecreta&amp;utm_medium=post&amp;utm_term=cta3\" data-wpel-link=\"external\" rel=\"external noopener noreferrer\"><strong>Feverup<\/strong><\/a><\/li>\n<li>O\u00f9 : <a href=\"https:\/\/maps.app.goo.gl\/BACwA2S7rGRWoCWWA\" data-wpel-link=\"external\" rel=\"external noopener noreferrer\"><strong>Sala de Conciertos Mar\u00eda Cristina<\/strong><\/a>, <a href=\"https:\/\/maps.app.goo.gl\/fL8iZoUwDAsAEMzL8\" data-wpel-link=\"external\" rel=\"external noopener noreferrer\"><strong>Museo Carmen Thyssen,<\/strong><\/a> <a href=\"https:\/\/maps.app.goo.gl\/72v8MZ3kaGEw7Kc17\" data-wpel-link=\"external\" rel=\"external noopener noreferrer\"><strong>Gran Hotel Miramar<\/strong><\/a>, <a href=\"https:\/\/maps.app.goo.gl\/kyQacJ5dPcu33NXZ6\" data-wpel-link=\"external\" rel=\"external noopener noreferrer\"><strong>Automobile Museum<\/strong><\/a>, Malaga<\/li>\n<\/ul>\n<h3><span class=\"ez-toc-section\" id=\"Concerts_Candelight_%E2%80%93_Marbella\"><\/span>Concerts Candelight &#8211; Marbella<span class=\"ez-toc-section-end\"><\/span><\/h3>\n<p><img loading=\"lazy\" decoding=\"async\" class=\"size-full wp-image-14240\" src=\"https:\/\/www.malagacar.com\/sp\/blog\/wp-content\/uploads\/2022\/08\/CandleLight_VillaPadierna-Foto-Malagasecreta.jpg\" alt=\"Candlelight Conciertos Marbella\" width=\"1024\" height=\"684\" \/><\/p>\n<p>\u00c0 l&rsquo;h\u00f4tel 5 \u00e9toiles Anantara Villa Padierna Palace.<\/p>\n<h4>Programme\u00a0de janvier<\/h4>\n<p><strong>Les Quatre Saisons de Vivaldi<\/strong>, 10 janvier<br \/>\n<strong>Coldplay contre Imagine Dragons<\/strong>, 16 janvier<br \/>\n<strong>Rings &amp; Dragons<\/strong>, 16 janvier<br \/>\n<strong>Hommage \u00e0 Queen<\/strong>, 24 janvier<br \/>\n<strong>Hommage \u00e0 Coldplay<\/strong>, 24 janvier<\/p>\n<ul>\n<li>Billets sur le site officiel de <a href=\"https:\/\/feverup.com\/malaga\/candlelight?utm_content=candlelight&amp;utm_source=malagasecreta&amp;utm_medium=post&amp;utm_term=cta3\" data-wpel-link=\"external\" rel=\"external noopener noreferrer\"><strong>Feverup<\/strong><\/a><\/li>\n<li><a href=\"https:\/\/maps.app.goo.gl\/eEjC7paTFxs7jW1K9\" data-wpel-link=\"external\" rel=\"external noopener noreferrer\"><strong>Comment s&rsquo;y rendre<\/strong><\/a><\/li>\n<\/ul>\n<h3><span class=\"ez-toc-section\" id=\"Festival_de_theatre_%E2%80%93_Malaga\"><\/span>Festival de th\u00e9\u00e2tre \u2013 Malaga<span class=\"ez-toc-section-end\"><\/span><\/h3>\n<p><img loading=\"lazy\" decoding=\"async\" class=\"alignnone wp-image-18730\" src=\"https:\/\/www.malagacar.com\/sp\/blog\/wp-content\/uploads\/2024\/12\/Festival-teatro.jpg\" alt=\"Festival de Teatro \u2013 M\u00e1laga\" width=\"597\" height=\"599\" \/><\/p>\n<p>La 43e \u00e9dition du Festival de th\u00e9\u00e2tre de Malaga se d\u00e9roulera en deux parties\u00a0: du 8 janvier au 1er f\u00e9vrier, puis du 22 avril au 30 mai.<\/p>\n<p>Les th\u00e9\u00e2tres Cervantes et Echegaray, ainsi que l\u2019h\u00f4tel AC Palacio, situ\u00e9 dans le centre historique de Malaga, accueilleront 38 pi\u00e8ces, dont 5 cr\u00e9ations.<\/p>\n<ul>\n<li>Le <a href=\"https:\/\/www.teatrocervantes.com\/es\/ciclos-y-festivales\/43-festival-de-teatro\/\" data-wpel-link=\"external\" rel=\"external noopener noreferrer\"><strong>programme et les billets<\/strong><\/a> sont disponibles sur le site officiel du Th\u00e9\u00e2tre Cervantes.<\/li>\n<\/ul>\n<h3><span class=\"ez-toc-section\" id=\"Concert_du_Nouvel_An_%E2%80%93_Estepona\"><\/span>Concert du Nouvel An &#8211; Estepona<span class=\"ez-toc-section-end\"><\/span><\/h3>\n<p><img loading=\"lazy\" decoding=\"async\" class=\"alignnone size-full wp-image-18732\" src=\"https:\/\/www.malagacar.com\/sp\/blog\/wp-content\/uploads\/2024\/12\/concierto-ano-nuevo-estepona.jpg\" alt=\"Concierto de A\u00f1o Nuevo - Estepona\" width=\"450\" height=\"635\" \/><\/p>\n<p>L&rsquo;Orchestre philharmonique de Malaga donnera son traditionnel concert du Nouvel An \u00e0 l&rsquo;Auditorium Felipe V d&rsquo;Estepona. Venez appr\u00e9cier une s\u00e9lection d&rsquo;\u0153uvres de grands compositeurs tels que Bizet, Strauss, Brahms et Dvo\u0159\u00e1k.<\/p>\n<ul>\n<li><a href=\"https:\/\/www.giglon.com\/todos?idEvent=concierto-extraordinario-de-ano-nuevo-2026---orquesta-filarmonica-de-malaga\" data-wpel-link=\"external\" rel=\"external noopener noreferrer\"><strong>Billets<\/strong><\/a><\/li>\n<li>Date : 4 janvier<\/li>\n<li>O\u00f9 : Auditorium Felipe V, Estepona<\/li>\n<li><a href=\"https:\/\/maps.app.goo.gl\/7pcR2dFYaDyEeUWG6\" data-wpel-link=\"external\" rel=\"external noopener noreferrer\"><strong>Comment s&rsquo;y rendre<\/strong><\/a><\/li>\n<\/ul>\n<h2><span class=\"ez-toc-section\" id=\"Marches_de_rue_a_Malaga_en_janvier\"><\/span>March\u00e9s de rue \u00e0 Malaga en janvier<span class=\"ez-toc-section-end\"><\/span><\/h2>\n<h3><span class=\"ez-toc-section\" id=\"Marche_de_lartisanat_La_Merced_%E2%80%93_Malaga\"><\/span>March\u00e9 de l&rsquo;artisanat La Merced &#8211; Malaga<span class=\"ez-toc-section-end\"><\/span><\/h3>\n<p><img loading=\"lazy\" decoding=\"async\" class=\"alignnone size-full wp-image-9843\" src=\"https:\/\/www.malagacar.com\/sp\/blog\/wp-content\/uploads\/2020\/11\/Plaza-Merced-Foto-VisitaCostadelSol.webp\" alt=\"\" width=\"750\" height=\"430\" \/><\/p>\n<p>Chaque premier dimanche du mois, ce march\u00e9 artisanal color\u00e9 se tient au c\u0153ur de la vieille ville, sur la Plaza de la Merced.<\/p>\n<p>Une id\u00e9e id\u00e9al si vous \u00eates un citadin et que vous aimez vous promener le dimanche sous les jacarandas en fleurs, puis prendre un verre aux nombreuses terrasses et restaurants qui entourent la place.<\/p>\n<ul>\n<li>Prochaine \u00e9dition : 4 janvier<\/li>\n<li><a href=\"https:\/\/goo.gl\/maps\/w3kV85d5km7FYWFFA\" data-wpel-link=\"external\" rel=\"external noopener noreferrer\"><strong> Comment s&rsquo;y rendre<\/strong><\/a><\/li>\n<\/ul>\n<h3><span class=\"ez-toc-section\" id=\"Le_marche_des_cimetieres_anglais_%E2%80%93_Malaga\"><\/span>Le march\u00e9 des cimeti\u00e8res anglais \u2013 Malaga<span class=\"ez-toc-section-end\"><\/span><\/h3>\n<p><img loading=\"lazy\" decoding=\"async\" class=\"alignnone size-full wp-image-16454\" src=\"https:\/\/www.malagacar.com\/sp\/blog\/wp-content\/uploads\/2024\/11\/Mercadillo-del-Ingles-1024x683-1.jpg\" alt=\"Mercadillo del Ingl\u00e9s \u2013 M\u00e1laga\" width=\"1024\" height=\"683\" \/><\/p>\n<p>Un nouveau format de march\u00e9 aux puces sp\u00e9cial vient s&rsquo;ajouter \u00e0 l&rsquo;offre culturelle de la ville.<\/p>\n<p>Une fois par mois, le <a href=\"https:\/\/www.malagacar.com\/fr\/blog\/loisirs\/curieux-cimetieres-malaga\/#Cimetiere_anglais_Malaga\" data-wpel-link=\"internal\"><strong>cimeti\u00e8re anglais<\/strong><\/a> du centre-ville accueille un march\u00e9 aux puces proposant de l&rsquo;artisanat, de la d\u00e9coration vintage, des livres d&rsquo;occasion, des c\u00e9ramiques et des produits uniques. L&rsquo;\u00e9v\u00e9nement propose \u00e9galement de la musique live et des food trucks.<\/p>\n<p>Ce qui est sp\u00e9cial, c&rsquo;est l&rsquo;endroit lui-m\u00eame, un lieu embl\u00e9matique plein de charme : le cimeti\u00e8re anglais, la plus ancienne n\u00e9cropole non catholique de la p\u00e9ninsule ib\u00e9rique. En vous promenant dans le magnifique jardin, vous pourrez d\u00e9couvrir les tombes des personnalit\u00e9s internationales de l&rsquo;\u00e9poque qui y ont \u00e9t\u00e9 enterr\u00e9es.<\/p>\n<p>Entr\u00e9e gratuite.<\/p>\n<ul>\n<li>Prochaine \u00e9dition sur le <a href=\"https:\/\/cementerioinglesmalaga.org\/\" data-wpel-link=\"external\" rel=\"external noopener noreferrer\"><strong>site officiel<\/strong><\/a><\/li>\n<li><a href=\"https:\/\/maps.app.goo.gl\/ibfgQuF52hBNZoD86\" data-wpel-link=\"external\" rel=\"external noopener noreferrer\"><strong>Comment s&rsquo;y rendre<\/strong><\/a><\/li>\n<\/ul>\n<h3><span class=\"ez-toc-section\" id=\"Marches_aux_puces_et_marches_de_rue_dans_la_province\"><\/span>March\u00e9s aux puces et march\u00e9s de rue dans la province<span class=\"ez-toc-section-end\"><\/span><\/h3>\n<p><a href=\"https:\/\/www.malagacar.com\/fr\/blog\/loisirs\/marches-de-rue-malaga\/\" data-wpel-link=\"internal\"><img loading=\"lazy\" decoding=\"async\" class=\"alignnone size-full wp-image-1208\" src=\"https:\/\/www.malagacar.com\/fr\/blog\/wp-content\/uploads\/2024\/05\/mercadillos-fr.jpg\" alt=\"march\u00e9s de rue \u00e0 M\u00e1laga\" width=\"1200\" height=\"691\" srcset=\"https:\/\/www.malagacar.com\/fr\/blog\/wp-content\/uploads\/2024\/05\/mercadillos-fr.jpg 1200w, https:\/\/www.malagacar.com\/fr\/blog\/wp-content\/uploads\/2024\/05\/mercadillos-fr-300x173.jpg 300w, https:\/\/www.malagacar.com\/fr\/blog\/wp-content\/uploads\/2024\/05\/mercadillos-fr-1024x590.jpg 1024w, https:\/\/www.malagacar.com\/fr\/blog\/wp-content\/uploads\/2024\/05\/mercadillos-fr-768x442.jpg 768w\" sizes=\"auto, (max-width: 1200px) 100vw, 1200px\" \/><\/a><\/p>\n<p>Les municipalit\u00e9s de la Costa del Sol proposent un large \u00e9ventail de march\u00e9s de rue et de march\u00e9s aux puces hebdomadaires.<\/p>\n<p>On y trouve de tout : fruits et l\u00e9gumes frais, fruits secs et noix, olives et \u00e9pices, jouets, poterie et artisanat typique, v\u00eatements, chaussures, fleurs et pots, faux articles de marque et bien d&rsquo;autres choses encore.<\/p>\n<ul>\n<li>Voici tous les <a href=\"https:\/\/www.malagacar.com\/fr\/blog\/loisirs\/marches-de-rue-malaga\/\" data-wpel-link=\"internal\"><strong>March\u00e9s aux puces &amp; March\u00e9s de rue \u00e0 Malaga et sur la Costa del Sol<\/strong><\/a><\/li>\n<\/ul>\n<h2><span class=\"ez-toc-section\" id=\"Visite_des_musees_de_Malaga\"><\/span>Visite des mus\u00e9es de Malaga<span class=\"ez-toc-section-end\"><\/span><\/h2>\n<figure id=\"attachment_6633\" aria-describedby=\"caption-attachment-6633\" style=\"width: 700px\" class=\"wp-caption alignnone\"><img loading=\"lazy\" decoding=\"async\" class=\"wp-image-6633 size-full\" src=\"https:\/\/www.malagacar.com\/blog\/wp-content\/uploads\/2020\/01\/museo-picasso-vista-nocturna.jpg\" alt=\"\" width=\"700\" height=\"450\" \/><figcaption id=\"caption-attachment-6633\" class=\"wp-caption-text\">Vue nocturne du Mus\u00e9e Picasso<\/figcaption><\/figure>\n<ul>\n<li>Beaucoup de <a href=\"https:\/\/www.malagacar.com\/fr\/blog\/loisirs\/meilleurs-musees-malaga\/\" data-wpel-link=\"internal\"><strong>mus\u00e9es de M\u00e1laga<\/strong><\/a> en plus de leurs installations fixes offrent souvent des expositions temporaires.<\/li>\n<li>Emplacement de tous les <strong><a href=\"https:\/\/goo.gl\/maps\/xLvkHvv8x5NJm199A\" data-wpel-link=\"external\" rel=\"external noopener noreferrer\">Mus\u00e9es de M\u00e1laga en un coup d&rsquo;\u0153il<\/a>.<\/strong><\/li>\n<\/ul>\n<h3><span class=\"ez-toc-section\" id=\"Visite_de_la_Brasserie_Victoria_%E2%80%93_Malaga\"><\/span>Visite de la Brasserie Victoria &#8211; Malaga<span class=\"ez-toc-section-end\"><\/span><\/h3>\n<p><img loading=\"lazy\" decoding=\"async\" class=\"alignnone size-full wp-image-16182\" src=\"https:\/\/www.malagacar.com\/sp\/blog\/wp-content\/uploads\/2023\/10\/cerveza-victoria.jpg\" alt=\"F\u00e1brica de cerveza Victoria - M\u00e1laga\" width=\"900\" height=\"471\" \/><\/p>\n<p>Saviez-vous que Cervezas Victoria propose des visites guid\u00e9es pour d\u00e9couvrir son processus de production et son histoire ?<\/p>\n<p>Si vous aimez la bi\u00e8re, vous pourriez \u00eatre int\u00e9ress\u00e9 par la visite de cette brasserie 100% Malague\u00f1a.<\/p>\n<p>C&rsquo;est une visite de 90 minutes au cours de laquelle vous d\u00e9couvrirez de premi\u00e8re main les secrets de la bi\u00e8re Victoria \u00ab\u00a0Malague\u00f1a y exquisita\u00a0\u00bb et bien s\u00fbr, vous les go\u00fbterez !<\/p>\n<ul>\n<li>Visites guid\u00e9es disponibles en espagnol et en anglais sur <a href=\"https:\/\/visitas.cervezavictoria.es\/muslinkIII_vic_nofr\/venda\/index.jsp?lang=1&amp;nom_cache=VICTORIA&amp;property=VICTORIA#close\" target=\"_blank\" rel=\"nofollow noopener external noreferrer\" data-wpel-link=\"external\"><strong>ce lien<\/strong><\/a>.<\/li>\n<li><a href=\"https:\/\/www.cervezavictoria.es\/es\" target=\"_blank\" rel=\"nofollow noopener external noreferrer\" data-wpel-link=\"external\"><strong>Site web<\/strong><\/a><\/li>\n<li><a href=\"https:\/\/goo.gl\/maps\/xkcUqWb22oHAaqFc6\" target=\"_blank\" rel=\"nofollow noopener external noreferrer\" data-wpel-link=\"external\"><strong>Comment s&rsquo;y rendre<\/strong><\/a><\/li>\n<\/ul>\n<h3><span class=\"ez-toc-section\" id=\"Visites_nocturnes_theatralisees_musee_de_lautomobile_%E2%80%93_Malaga\"><\/span>Visites nocturnes th\u00e9\u00e2tralis\u00e9es mus\u00e9e de l&rsquo;automobile &#8211; Malaga<span class=\"ez-toc-section-end\"><\/span><\/h3>\n<p><img loading=\"lazy\" decoding=\"async\" class=\" wp-image-9447\" src=\"https:\/\/www.malagacar.com\/sp\/blog\/wp-content\/uploads\/2021\/09\/museo-automovilistico2.jpg\" alt=\"Museo Automovil\u00edstico\" width=\"925\" height=\"618\" \/><\/p>\n<p>Profitez d&rsquo;une visite nocturne th\u00e9\u00e2tralis\u00e9e au mus\u00e9e de l&rsquo;automobile et de la mode de Malaga. Les visiteurs peuvent d\u00e9couvrir l&rsquo;histoire des voitures historiques \u00e0 travers des personnages pertinents.<\/p>\n<p>Parmi ces personnages, on trouve l&rsquo;agent 007, qui renouvelle son permis de tuer, ou Amelia Earhart, la premi\u00e8re femme aviatrice \u00e0 avoir travers\u00e9 l&rsquo;Atlantique, Coco Chanel ou Salvador Dal\u00ed. La visite dure une heure et demie.<\/p>\n<ul>\n<li>Billets au <a href=\"https:\/\/historiavivamalaga.es\/visitas-teatralizadas-en-malaga\/museo-automovilistico-y-de-la-moda-en-malaga\/\" data-wpel-link=\"external\" rel=\"external noopener noreferrer\"><strong> Site web<\/strong><\/a><\/li>\n<li>Quand : Le premier vendredi de chaque mois (dans la mesure o\u00f9 le calendrier des \u00e9v\u00e9nements du mus\u00e9e le permet)<\/li>\n<li>O\u00f9 : Museo Automovil\u00edstico y de la Moda M\u00e1laga<\/li>\n<li><a href=\"https:\/\/maps.app.goo.gl\/G5hqDkF77EADCBBg8\" data-wpel-link=\"external\" rel=\"external noopener noreferrer\"><strong> Comment s&rsquo;y rendre<\/strong><\/a><\/li>\n<\/ul>\n<h2><span class=\"ez-toc-section\" id=\"Randonnee_dans_la_province\"><\/span>Randonn\u00e9e dans la province<span class=\"ez-toc-section-end\"><\/span><\/h2>\n<p>Alors que le reste de l&rsquo;Europe et une grande partie de l&rsquo;Espagne connaissent encore un hiver profond, cette saison n&rsquo;existe pas dans la province de Malaga avec son doux climat m\u00e9diterran\u00e9en.<\/p>\n<p>Lorsque vous arrivez en avion, vous pouvez d\u00e9j\u00e0 voir d&rsquo;en haut les champs verdoyants qui s&rsquo;\u00e9tendent le long de la c\u00f4te.<\/p>\n<p><a href=\"https:\/\/www.malagacar.com\/sp\/blog\/wp-content\/uploads\/2021\/08\/senderos.jpg\" data-wpel-link=\"internal\"><img loading=\"lazy\" decoding=\"async\" class=\"alignnone wp-image-9179\" src=\"https:\/\/www.malagacar.com\/sp\/blog\/wp-content\/uploads\/2021\/08\/senderos.jpg\" alt=\"\" width=\"455\" height=\"1011\" \/><\/a><\/p>\n<p>Bien qu&rsquo;il fasse g\u00e9n\u00e9ralement plus froid dans les montagnes que sur la c\u00f4te, la nature commence \u00e0 se r\u00e9veiller apr\u00e8s les pluies et il y a g\u00e9n\u00e9ralement beaucoup d&rsquo;eau dans les ruisseaux et les cascades.<\/p>\n<p>Apr\u00e8s une journ\u00e9e de marche, il n&rsquo;y a rien de mieux que de se rendre dans une <a href=\"https:\/\/www.malagacar.com\/fr\/blog\/loisirs\/meilleures-auberges-montagnes-de-malaga\/\" data-wpel-link=\"internal\"><strong>auberge de campagne \u00e0 Malaga<\/strong><\/a> pour d\u00e9guster un bon repas traditionnel ou quelques bi\u00e8res et tapas. Quelle belle vie !<\/p>\n<p>D\u00e9couvrez tout ce que vous pouvez faire en mati\u00e8re de <a href=\"https:\/\/www.malagacar.com\/blog\/leisure\/active-tourism-adventure-sports-malaga\/\" data-wpel-link=\"internal\"><strong>tourisme actif et de sports d&rsquo;aventure \u00e0 Malaga<\/strong><\/a> tout au long de l&rsquo;ann\u00e9e.<\/p>\n<h3><span class=\"ez-toc-section\" id=\"Le_Caminito_del_Rey\"><\/span>Le Caminito del Rey<span class=\"ez-toc-section-end\"><\/span><\/h3>\n<figure id=\"attachment_12241\" aria-describedby=\"caption-attachment-12241\" style=\"width: 1024px\" class=\"wp-caption alignnone\"><img loading=\"lazy\" decoding=\"async\" class=\"size-full wp-image-12241\" src=\"https:\/\/www.malagacar.com\/sp\/blog\/wp-content\/uploads\/2019\/12\/foto-siandalucia.jpg\" alt=\"Caminito del Rey\" width=\"1024\" height=\"683\" \/><figcaption id=\"caption-attachment-12241\" class=\"wp-caption-text\">Aujourd&rsquo;hui, le chemin n&rsquo;est plus tr\u00e8s dangereux. Photo siandalucia<\/figcaption><\/figure>\n<p>Ouvert toute l&rsquo;ann\u00e9e, c&rsquo;est pendant les mois d&rsquo;hiver que l&rsquo;on peut profiter de l&rsquo;endroit avec moins de monde. Il s&rsquo;agit de l&rsquo;un des sentiers les plus spectaculaires d&rsquo;Espagne. Apr\u00e8s sa r\u00e9novation en 2015, il est d\u00e9sormais accessible \u00e0 toute personne ayant une condition physique minimale.<\/p>\n<p>Non seulement le <em><strong>Desfiladero de los Gaitanes<\/strong><\/em> o\u00f9 passe ce sentier a\u00e9rien est spectaculaire, mais aussi la nature environnante, avec les magnifiques <em><strong>r\u00e9servoirs turquoise du Guadalhorce<\/strong><\/em>. Et bien s\u00fbr, les auberges ne manquent pas pour savourer un bon repas !<\/p>\n<p>Vous trouverez dans ces articles tout ce qu&rsquo;il faut savoir pour <a href=\"https:\/\/www.malagacar.com\/fr\/blog\/loisirs\/conseils-pour-visiter-le-caminito-del-rey\/\" data-wpel-link=\"internal\"><strong>visiter le Caminito del Rey<\/strong><\/a>.<\/p>\n<h2><span class=\"ez-toc-section\" id=\"Saviez-vous_que%E2%80%A6\"><\/span>Saviez-vous que&#8230; ?<span class=\"ez-toc-section-end\"><\/span><\/h2>\n<p>Saviez-vous que le dimanche, vous pouvez visiter gratuitement certains monuments et mus\u00e9es de Malaga ?<\/p>\n<ul>\n<li>Le <a href=\"https:\/\/www.malagacar.com\/fr\/blog\/loisirs\/meilleurs-musees-malaga\/#Musee_Picasso\" data-wpel-link=\"internal\"><strong>mus\u00e9e Picasso<\/strong><\/a> de Malaga peut \u00eatre visit\u00e9 gratuitement tous les dimanches entre 18 et 20 heures &#8211; jusqu&rsquo;\u00e0 une demi-heure avant la fermeture &#8211; l&rsquo;entr\u00e9e est gratuite jusqu&rsquo;\u00e0 \u00e9puisement de la capacit\u00e9 d&rsquo;accueil. Les guichets ferment \u00e0 19h30.<\/li>\n<li>La forteresse musulmane <strong>Alcazaba<\/strong> peut \u00eatre visit\u00e9e gratuitement tous les dimanches \u00e0 partir de 14 heures jusqu&rsquo;\u00e0 la fermeture. Depuis cette forteresse, des points de vue permettent d&rsquo;admirer de belles vues panoramiques de Malaga.<\/li>\n<li>Le <a href=\"https:\/\/centrepompidou-malaga.eu\/\" data-wpel-link=\"external\" rel=\"external noopener noreferrer\"><strong>Centre Pompidou<\/strong><\/a> \u00e0 <a href=\"https:\/\/www.malagacar.com\/fr\/blog\/loisirs\/quai-un-malaga\/\" data-wpel-link=\"internal\"><strong>Quai Un<\/strong><\/a> (<em>Muelle Uno<\/em>) est gratuit pour le grand public le dimanche de 16h \u00e0 la fermeture.<\/li>\n<li>Le <a href=\"https:\/\/www.carmenthyssenmalaga.org\/\" data-wpel-link=\"external\" rel=\"external noopener noreferrer\"><strong>mus\u00e9e Carmen Thyssen<\/strong><\/a> est accessible gratuitement le dimanche \u00e0 partir de 17h.<\/li>\n<li>Le <a href=\"https:\/\/www.malagacar.com\/fr\/blog\/loisirs\/grottes-de-malaga\/#Cueva_del_Tesoro_Rincon_de_la_Victoria\" data-wpel-link=\"internal\"><strong>Cueva del Tesoro<\/strong><\/a> (grotte du tr\u00e9sor) \u00e0 Rinc\u00f3n de la Victoria peut \u00eatre visit\u00e9e gratuitement du lundi au vendredi pendant la premi\u00e8re heure d&rsquo;ouverture jusqu&rsquo;\u00e0 ce que la capacit\u00e9 de 60 places soit atteinte. Les heures d&rsquo;ouverture pour les visites gratuites varient en fonction de la p\u00e9riode de l&rsquo;ann\u00e9e : en hiver, la Cueva del Tesoro peut \u00eatre visit\u00e9e gratuitement du lundi au vendredi de 10 h \u00e0 11 h, tandis qu&rsquo;en \u00e9t\u00e9, elle peut \u00eatre visit\u00e9e de 10 h 30 \u00e0 11 h 30. <a href=\"https:\/\/goo.gl\/maps\/2zfPGbeBF2uDjpoS6\" data-wpel-link=\"external\" rel=\"external noopener noreferrer\"><strong>Comment s&rsquo;y rendre<\/strong><\/a>.<\/li>\n<\/ul>\n<h2><span class=\"ez-toc-section\" id=\"La_meteo_a_Malaga_en_janvier\"><\/span>La m\u00e9t\u00e9o \u00e0 Malaga en janvier<span class=\"ez-toc-section-end\"><\/span><\/h2>\n<p>Le mois de janvier \u00e0 Malaga n&rsquo;a certainement rien \u00e0 voir avec le temps qu&rsquo;il fait dans le reste de l&rsquo;Europe. Ni m\u00eame avec le temps qu&rsquo;il fait 100 km plus au nord.<\/p>\n<p><em><strong>L&rsquo;hiver en tant que tel n&rsquo;existe pas \u00e0 Malaga<\/strong><\/em>. On pourrait dire que nous passons directement de l&rsquo;automne au printemps.<\/p>\n<p>Il est vrai que janvier et f\u00e9vrier sont g\u00e9n\u00e9ralement les mois o\u00f9 les temp\u00e9ratures sont les plus basses et o\u00f9, avec un peu de chance, il pleut.<\/p>\n<p>Les temp\u00e9ratures minimales du matin peuvent avoisiner les 4\u00baC et les temp\u00e9ratures maximales se situent entre 12\u00baC et 15\u00baC.<\/p>\n<p>Lorsqu&rsquo;il pleut, on peut admirer les plus hauts sommets de Malaga recouverts de neige : <a href=\"https:\/\/www.malagacar.com\/fr\/blog\/loisirs\/parc-national-sierra-de-las-nieves\/\" data-wpel-link=\"internal\"><strong>Sierra de las Nieves<\/strong><\/a> (parc national) et La Maroma.<\/p>\n<figure id=\"attachment_10275\" aria-describedby=\"caption-attachment-10275\" style=\"width: 960px\" class=\"wp-caption alignnone\"><img loading=\"lazy\" decoding=\"async\" class=\"size-full wp-image-10275\" src=\"https:\/\/www.malagacar.com\/sp\/blog\/wp-content\/uploads\/2022\/01\/Sierra-de-las-Nieves-Tineke.jpg\" alt=\"Sierra de las Nieves\" width=\"960\" height=\"720\" \/><figcaption id=\"caption-attachment-10275\" class=\"wp-caption-text\">Sierra de las Nieves Photo Tineke<\/figcaption><\/figure>\n<p>Pendant ce temps, \u00e0 plus basse altitude, les premiers amandiers commencent \u00e0 fleurir. Et les champs deviennent verts et couverts de petites fleurs jaunes.<\/p>\n<p>Le plus ennuyeux \u00e0 Malaga en hiver, c&rsquo;est le vent. Il est donc conseill\u00e9 de mettre dans sa valise un mackintosh, un bon pull et des chemises plus fines, car le soleil devient tr\u00e8s chaud.<\/p>\n<figure id=\"attachment_12887\" aria-describedby=\"caption-attachment-12887\" style=\"width: 1194px\" class=\"wp-caption alignnone\"><img loading=\"lazy\" decoding=\"async\" class=\" wp-image-12887\" src=\"https:\/\/www.malagacar.com\/sp\/blog\/wp-content\/uploads\/2020\/01\/La-Rada-Foto-Tomas-Mielke.jpg\" alt=\"Estepona enero\" width=\"1194\" height=\"746\" \/><figcaption id=\"caption-attachment-12887\" class=\"wp-caption-text\">Une promenade hivernale salutaire le long de la plage de La Rada \u00e0 Estepona en janvier. Photo T.<\/figcaption><\/figure>\n<p>Des habitants et des \u00e9trangers courageux continuent de s&rsquo;y baigner tout au long de l&rsquo;ann\u00e9e.<\/p>\n<p>La temp\u00e9rature de la mer d&rsquo;Alboran en janvier et f\u00e9vrier est d&rsquo;environ 14\/15 degr\u00e9s.<\/p>\n\t\t\t\t\n\t\t\t\t<div id=\"search-form2\" class=\"big-quote index-mobile\">\n\t\t\t\t<form id=\"frmSearch\" name=\"frmSearch\" action=\"\/fr\/location-de-voitures\/quote.php\" method=\"post\" name=\"quote\" class=\"container-fluid\">\n\t\t\t\t\t\t\t\t\t<div class=\"row\">\n\t\t\t\t\t\t<div class=\"col-sm-6\">\n\n\t\t\t\t\t\t\t<div class=\"form-group\">\n\t\t\t\t\t\t\t\t<label for=\"entrega\"><h4>Collecte<\/h4><\/label>\n\t\t\t\t\t\t\t\t<select name=\"entrega\" id=\"entrega\" class=\"custom-select\">\n\t\t\t\t\t\t\t\t\t<option value=\"airport\"  selected>Malaga A\u00e9roport<\/option>\n\t\t\t\t\t\t\t\t\t\t\t\t\t\t\t\t<\/select>\n\t\t\t\t\t\t\t\t<div class=\"form-inline my-2\">\n\t\t\t\t\t\t\t\t\t<input id=\"pDate\" class=\"form-control\" value=\"07\/09\/2026\" name=\"pDate\" readonly onchange=\"return uppdate()\">\n\t\t\t\t\t\t\t\t\t<select class=\"custom-select\" id=\"phorasminutos\" name=\"phorasminutos\" oninvalid=\"setCustomValidity('Faites-nous conna\u00eetre votre heure d\u00b4arriv\u00e9e')\" onchange=\"setCustomValidity('');\">\n\t\t\t\t\t\t\t\t\t\t<option value=\"-\" selected>--:--<\/option>\n\t\t\t\t\t\t\t\t\t\t\t\t\t\t\t\t\t\t\t\t<option value=\"00:00\">\n\t\t\t\t\t\t\t\t\t\t\t00:00<\/option>\n\t\t\t\t\t\t\t\t\t\t<option value=\"00:15\">\n\t\t\t\t\t\t\t\t\t\t\t00:15<\/option>\n\t\t\t\t\t\t\t\t\t\t<option value=\"00:30\">\n\t\t\t\t\t\t\t\t\t\t\t00:30<\/option>\n\t\t\t\t\t\t\t\t\t\t<option value=\"00:45\">\n\t\t\t\t\t\t\t\t\t\t\t00:45<\/option>\n\t\t\t\t\t\t\t\t\t\t\t\t\t\t\t\t\t\t\t\t<option value=\"01:00\">\n\t\t\t\t\t\t\t\t\t\t\t01:00<\/option>\n\t\t\t\t\t\t\t\t\t\t<option value=\"01:15\">\n\t\t\t\t\t\t\t\t\t\t\t01:15<\/option>\n\t\t\t\t\t\t\t\t\t\t<option value=\"01:30\">\n\t\t\t\t\t\t\t\t\t\t\t01:30<\/option>\n\t\t\t\t\t\t\t\t\t\t<option value=\"01:45\">\n\t\t\t\t\t\t\t\t\t\t\t01:45<\/option>\n\t\t\t\t\t\t\t\t\t\t\t\t\t\t\t\t\t\t\t\t<option value=\"02:00\">\n\t\t\t\t\t\t\t\t\t\t\t02:00<\/option>\n\t\t\t\t\t\t\t\t\t\t<option value=\"02:15\">\n\t\t\t\t\t\t\t\t\t\t\t02:15<\/option>\n\t\t\t\t\t\t\t\t\t\t<option value=\"02:30\">\n\t\t\t\t\t\t\t\t\t\t\t02:30<\/option>\n\t\t\t\t\t\t\t\t\t\t<option value=\"02:45\">\n\t\t\t\t\t\t\t\t\t\t\t02:45<\/option>\n\t\t\t\t\t\t\t\t\t\t\t\t\t\t\t\t\t\t\t\t<option value=\"03:00\">\n\t\t\t\t\t\t\t\t\t\t\t03:00<\/option>\n\t\t\t\t\t\t\t\t\t\t<option value=\"03:15\">\n\t\t\t\t\t\t\t\t\t\t\t03:15<\/option>\n\t\t\t\t\t\t\t\t\t\t<option value=\"03:30\">\n\t\t\t\t\t\t\t\t\t\t\t03:30<\/option>\n\t\t\t\t\t\t\t\t\t\t<option value=\"03:45\">\n\t\t\t\t\t\t\t\t\t\t\t03:45<\/option>\n\t\t\t\t\t\t\t\t\t\t\t\t\t\t\t\t\t\t\t\t<option value=\"04:00\">\n\t\t\t\t\t\t\t\t\t\t\t04:00<\/option>\n\t\t\t\t\t\t\t\t\t\t<option value=\"04:15\">\n\t\t\t\t\t\t\t\t\t\t\t04:15<\/option>\n\t\t\t\t\t\t\t\t\t\t<option value=\"04:30\">\n\t\t\t\t\t\t\t\t\t\t\t04:30<\/option>\n\t\t\t\t\t\t\t\t\t\t<option value=\"04:45\">\n\t\t\t\t\t\t\t\t\t\t\t04:45<\/option>\n\t\t\t\t\t\t\t\t\t\t\t\t\t\t\t\t\t\t\t\t<option value=\"05:00\">\n\t\t\t\t\t\t\t\t\t\t\t05:00<\/option>\n\t\t\t\t\t\t\t\t\t\t<option value=\"05:15\">\n\t\t\t\t\t\t\t\t\t\t\t05:15<\/option>\n\t\t\t\t\t\t\t\t\t\t<option value=\"05:30\">\n\t\t\t\t\t\t\t\t\t\t\t05:30<\/option>\n\t\t\t\t\t\t\t\t\t\t<option value=\"05:45\">\n\t\t\t\t\t\t\t\t\t\t\t05:45<\/option>\n\t\t\t\t\t\t\t\t\t\t\t\t\t\t\t\t\t\t\t\t<option value=\"06:00\">\n\t\t\t\t\t\t\t\t\t\t\t06:00<\/option>\n\t\t\t\t\t\t\t\t\t\t<option value=\"06:15\">\n\t\t\t\t\t\t\t\t\t\t\t06:15<\/option>\n\t\t\t\t\t\t\t\t\t\t<option value=\"06:30\">\n\t\t\t\t\t\t\t\t\t\t\t06:30<\/option>\n\t\t\t\t\t\t\t\t\t\t<option value=\"06:45\">\n\t\t\t\t\t\t\t\t\t\t\t06:45<\/option>\n\t\t\t\t\t\t\t\t\t\t\t\t\t\t\t\t\t\t\t\t<option value=\"07:00\">\n\t\t\t\t\t\t\t\t\t\t\t07:00<\/option>\n\t\t\t\t\t\t\t\t\t\t<option value=\"07:15\">\n\t\t\t\t\t\t\t\t\t\t\t07:15<\/option>\n\t\t\t\t\t\t\t\t\t\t<option value=\"07:30\">\n\t\t\t\t\t\t\t\t\t\t\t07:30<\/option>\n\t\t\t\t\t\t\t\t\t\t<option value=\"07:45\">\n\t\t\t\t\t\t\t\t\t\t\t07:45<\/option>\n\t\t\t\t\t\t\t\t\t\t\t\t\t\t\t\t\t\t\t\t<option value=\"08:00\">\n\t\t\t\t\t\t\t\t\t\t\t08:00<\/option>\n\t\t\t\t\t\t\t\t\t\t<option value=\"08:15\">\n\t\t\t\t\t\t\t\t\t\t\t08:15<\/option>\n\t\t\t\t\t\t\t\t\t\t<option value=\"08:30\">\n\t\t\t\t\t\t\t\t\t\t\t08:30<\/option>\n\t\t\t\t\t\t\t\t\t\t<option value=\"08:45\">\n\t\t\t\t\t\t\t\t\t\t\t08:45<\/option>\n\t\t\t\t\t\t\t\t\t\t\t\t\t\t\t\t\t\t\t\t<option value=\"09:00\">\n\t\t\t\t\t\t\t\t\t\t\t09:00<\/option>\n\t\t\t\t\t\t\t\t\t\t<option value=\"09:15\">\n\t\t\t\t\t\t\t\t\t\t\t09:15<\/option>\n\t\t\t\t\t\t\t\t\t\t<option value=\"09:30\">\n\t\t\t\t\t\t\t\t\t\t\t09:30<\/option>\n\t\t\t\t\t\t\t\t\t\t<option value=\"09:45\">\n\t\t\t\t\t\t\t\t\t\t\t09:45<\/option>\n\t\t\t\t\t\t\t\t\t\t\t\t\t\t\t\t\t\t\t\t<option value=\"10:00\">\n\t\t\t\t\t\t\t\t\t\t\t10:00<\/option>\n\t\t\t\t\t\t\t\t\t\t<option value=\"10:15\">\n\t\t\t\t\t\t\t\t\t\t\t10:15<\/option>\n\t\t\t\t\t\t\t\t\t\t<option value=\"10:30\">\n\t\t\t\t\t\t\t\t\t\t\t10:30<\/option>\n\t\t\t\t\t\t\t\t\t\t<option value=\"10:45\">\n\t\t\t\t\t\t\t\t\t\t\t10:45<\/option>\n\t\t\t\t\t\t\t\t\t\t\t\t\t\t\t\t\t\t\t\t<option value=\"11:00\">\n\t\t\t\t\t\t\t\t\t\t\t11:00<\/option>\n\t\t\t\t\t\t\t\t\t\t<option value=\"11:15\">\n\t\t\t\t\t\t\t\t\t\t\t11:15<\/option>\n\t\t\t\t\t\t\t\t\t\t<option value=\"11:30\">\n\t\t\t\t\t\t\t\t\t\t\t11:30<\/option>\n\t\t\t\t\t\t\t\t\t\t<option value=\"11:45\">\n\t\t\t\t\t\t\t\t\t\t\t11:45<\/option>\n\t\t\t\t\t\t\t\t\t\t\t\t\t\t\t\t\t\t\t\t<option value=\"12:00\">\n\t\t\t\t\t\t\t\t\t\t\t12:00<\/option>\n\t\t\t\t\t\t\t\t\t\t<option value=\"12:15\">\n\t\t\t\t\t\t\t\t\t\t\t12:15<\/option>\n\t\t\t\t\t\t\t\t\t\t<option value=\"12:30\">\n\t\t\t\t\t\t\t\t\t\t\t12:30<\/option>\n\t\t\t\t\t\t\t\t\t\t<option value=\"12:45\">\n\t\t\t\t\t\t\t\t\t\t\t12:45<\/option>\n\t\t\t\t\t\t\t\t\t\t\t\t\t\t\t\t\t\t\t\t<option value=\"13:00\">\n\t\t\t\t\t\t\t\t\t\t\t13:00<\/option>\n\t\t\t\t\t\t\t\t\t\t<option value=\"13:15\">\n\t\t\t\t\t\t\t\t\t\t\t13:15<\/option>\n\t\t\t\t\t\t\t\t\t\t<option value=\"13:30\">\n\t\t\t\t\t\t\t\t\t\t\t13:30<\/option>\n\t\t\t\t\t\t\t\t\t\t<option value=\"13:45\">\n\t\t\t\t\t\t\t\t\t\t\t13:45<\/option>\n\t\t\t\t\t\t\t\t\t\t\t\t\t\t\t\t\t\t\t\t<option value=\"14:00\">\n\t\t\t\t\t\t\t\t\t\t\t14:00<\/option>\n\t\t\t\t\t\t\t\t\t\t<option value=\"14:15\">\n\t\t\t\t\t\t\t\t\t\t\t14:15<\/option>\n\t\t\t\t\t\t\t\t\t\t<option value=\"14:30\">\n\t\t\t\t\t\t\t\t\t\t\t14:30<\/option>\n\t\t\t\t\t\t\t\t\t\t<option value=\"14:45\">\n\t\t\t\t\t\t\t\t\t\t\t14:45<\/option>\n\t\t\t\t\t\t\t\t\t\t\t\t\t\t\t\t\t\t\t\t<option value=\"15:00\">\n\t\t\t\t\t\t\t\t\t\t\t15:00<\/option>\n\t\t\t\t\t\t\t\t\t\t<option value=\"15:15\">\n\t\t\t\t\t\t\t\t\t\t\t15:15<\/option>\n\t\t\t\t\t\t\t\t\t\t<option value=\"15:30\">\n\t\t\t\t\t\t\t\t\t\t\t15:30<\/option>\n\t\t\t\t\t\t\t\t\t\t<option value=\"15:45\">\n\t\t\t\t\t\t\t\t\t\t\t15:45<\/option>\n\t\t\t\t\t\t\t\t\t\t\t\t\t\t\t\t\t\t\t\t<option value=\"16:00\">\n\t\t\t\t\t\t\t\t\t\t\t16:00<\/option>\n\t\t\t\t\t\t\t\t\t\t<option value=\"16:15\">\n\t\t\t\t\t\t\t\t\t\t\t16:15<\/option>\n\t\t\t\t\t\t\t\t\t\t<option value=\"16:30\">\n\t\t\t\t\t\t\t\t\t\t\t16:30<\/option>\n\t\t\t\t\t\t\t\t\t\t<option value=\"16:45\">\n\t\t\t\t\t\t\t\t\t\t\t16:45<\/option>\n\t\t\t\t\t\t\t\t\t\t\t\t\t\t\t\t\t\t\t\t<option value=\"17:00\">\n\t\t\t\t\t\t\t\t\t\t\t17:00<\/option>\n\t\t\t\t\t\t\t\t\t\t<option value=\"17:15\">\n\t\t\t\t\t\t\t\t\t\t\t17:15<\/option>\n\t\t\t\t\t\t\t\t\t\t<option value=\"17:30\">\n\t\t\t\t\t\t\t\t\t\t\t17:30<\/option>\n\t\t\t\t\t\t\t\t\t\t<option value=\"17:45\">\n\t\t\t\t\t\t\t\t\t\t\t17:45<\/option>\n\t\t\t\t\t\t\t\t\t\t\t\t\t\t\t\t\t\t\t\t<option value=\"18:00\">\n\t\t\t\t\t\t\t\t\t\t\t18:00<\/option>\n\t\t\t\t\t\t\t\t\t\t<option value=\"18:15\">\n\t\t\t\t\t\t\t\t\t\t\t18:15<\/option>\n\t\t\t\t\t\t\t\t\t\t<option value=\"18:30\">\n\t\t\t\t\t\t\t\t\t\t\t18:30<\/option>\n\t\t\t\t\t\t\t\t\t\t<option value=\"18:45\">\n\t\t\t\t\t\t\t\t\t\t\t18:45<\/option>\n\t\t\t\t\t\t\t\t\t\t\t\t\t\t\t\t\t\t\t\t<option value=\"19:00\">\n\t\t\t\t\t\t\t\t\t\t\t19:00<\/option>\n\t\t\t\t\t\t\t\t\t\t<option value=\"19:15\">\n\t\t\t\t\t\t\t\t\t\t\t19:15<\/option>\n\t\t\t\t\t\t\t\t\t\t<option value=\"19:30\">\n\t\t\t\t\t\t\t\t\t\t\t19:30<\/option>\n\t\t\t\t\t\t\t\t\t\t<option value=\"19:45\">\n\t\t\t\t\t\t\t\t\t\t\t19:45<\/option>\n\t\t\t\t\t\t\t\t\t\t\t\t\t\t\t\t\t\t\t\t<option value=\"20:00\">\n\t\t\t\t\t\t\t\t\t\t\t20:00<\/option>\n\t\t\t\t\t\t\t\t\t\t<option value=\"20:15\">\n\t\t\t\t\t\t\t\t\t\t\t20:15<\/option>\n\t\t\t\t\t\t\t\t\t\t<option value=\"20:30\">\n\t\t\t\t\t\t\t\t\t\t\t20:30<\/option>\n\t\t\t\t\t\t\t\t\t\t<option value=\"20:45\">\n\t\t\t\t\t\t\t\t\t\t\t20:45<\/option>\n\t\t\t\t\t\t\t\t\t\t\t\t\t\t\t\t\t\t\t\t<option value=\"21:00\">\n\t\t\t\t\t\t\t\t\t\t\t21:00<\/option>\n\t\t\t\t\t\t\t\t\t\t<option value=\"21:15\">\n\t\t\t\t\t\t\t\t\t\t\t21:15<\/option>\n\t\t\t\t\t\t\t\t\t\t<option value=\"21:30\">\n\t\t\t\t\t\t\t\t\t\t\t21:30<\/option>\n\t\t\t\t\t\t\t\t\t\t<option value=\"21:45\">\n\t\t\t\t\t\t\t\t\t\t\t21:45<\/option>\n\t\t\t\t\t\t\t\t\t\t\t\t\t\t\t\t\t\t\t\t<option value=\"22:00\">\n\t\t\t\t\t\t\t\t\t\t\t22:00<\/option>\n\t\t\t\t\t\t\t\t\t\t<option value=\"22:15\">\n\t\t\t\t\t\t\t\t\t\t\t22:15<\/option>\n\t\t\t\t\t\t\t\t\t\t<option value=\"22:30\">\n\t\t\t\t\t\t\t\t\t\t\t22:30<\/option>\n\t\t\t\t\t\t\t\t\t\t<option value=\"22:45\">\n\t\t\t\t\t\t\t\t\t\t\t22:45<\/option>\n\t\t\t\t\t\t\t\t\t\t\t\t\t\t\t\t\t\t\t\t<option value=\"23:00\">\n\t\t\t\t\t\t\t\t\t\t\t23:00<\/option>\n\t\t\t\t\t\t\t\t\t\t<option value=\"23:15\">\n\t\t\t\t\t\t\t\t\t\t\t23:15<\/option>\n\t\t\t\t\t\t\t\t\t\t<option value=\"23:30\">\n\t\t\t\t\t\t\t\t\t\t\t23:30<\/option>\n\t\t\t\t\t\t\t\t\t\t<option value=\"23:45\">\n\t\t\t\t\t\t\t\t\t\t\t23:45<\/option>\n\t\t\t\t\t\t\t\t\t\t\t\t\t\t\t\t\t\t\t<\/select>\n\t\t\t\t\t\t\t\t<\/div>\n\t\t\t\t\t\t\t<\/div>\n\t\t\t\t\t\t<\/div>\n\t\t\t\t\t\t<div class=\"col-sm-6\">\n\t\t\t\t\t\t\t<div class=\"form-group\">\n\t\t\t\t\t\t\t\t<div id=\"bookingBox\"><\/div>\n\n\t\t\t\t\t\t\t\t<label for=\"devuelta\"><h4>D\u00e9p\u00f4t<\/h4><\/label>\n\t\t\t\t\t\t\t\t<select name=\"devuelta\" id=\"devuelta\" class=\"custom-select\">\n\t\t\t\t\t\t\t\t\t<option value=\"airport\"  selected>Malaga A\u00e9roport<\/option>\n\t\t\t\t\t\t\t\t\t\t\t\t\t\t\t\t<\/select>\n\n\t\t\t\t\t\t\t\t<div class=\"form-inline my-2\">\n\t\t\t\t\t\t\t\t\t<input id=\"dDate\" class=\"form-control\" value=\"14\/09\/2026\" name=\"dDate\" readonly>\n\t\t\t\t\t\t\t\t\t<select class=\"custom-select\" id=\"dhorasminutos\" name=\"dhorasminutos\" oninvalid=\"setCustomValidity('Faites-nous savoir votre heure de retour')\" onchange=\"setCustomValidity('')\">\n\t\t\t\t\t\t\t\t\t\t<option value=\"-\" selected>--:--<\/option>\n\t\t\t\t\t\t\t\t\t\t\t\t\t\t\t\t\t\t\t\t<option value=\"00:00\">\n\t\t\t\t\t\t\t\t\t\t\t00:00<\/option>\n\t\t\t\t\t\t\t\t\t\t<option value=\"00:15\">\n\t\t\t\t\t\t\t\t\t\t\t00:15<\/option>\n\t\t\t\t\t\t\t\t\t\t<option value=\"00:30\">\n\t\t\t\t\t\t\t\t\t\t\t00:30<\/option>\n\t\t\t\t\t\t\t\t\t\t<option value=\"00:45\">\n\t\t\t\t\t\t\t\t\t\t\t00:45<\/option>\n\t\t\t\t\t\t\t\t\t\t\t\t\t\t\t\t\t\t\t\t<option value=\"01:00\">\n\t\t\t\t\t\t\t\t\t\t\t01:00<\/option>\n\t\t\t\t\t\t\t\t\t\t<option value=\"01:15\">\n\t\t\t\t\t\t\t\t\t\t\t01:15<\/option>\n\t\t\t\t\t\t\t\t\t\t<option value=\"01:30\">\n\t\t\t\t\t\t\t\t\t\t\t01:30<\/option>\n\t\t\t\t\t\t\t\t\t\t<option value=\"01:45\">\n\t\t\t\t\t\t\t\t\t\t\t01:45<\/option>\n\t\t\t\t\t\t\t\t\t\t\t\t\t\t\t\t\t\t\t\t<option value=\"02:00\">\n\t\t\t\t\t\t\t\t\t\t\t02:00<\/option>\n\t\t\t\t\t\t\t\t\t\t<option value=\"02:15\">\n\t\t\t\t\t\t\t\t\t\t\t02:15<\/option>\n\t\t\t\t\t\t\t\t\t\t<option value=\"02:30\">\n\t\t\t\t\t\t\t\t\t\t\t02:30<\/option>\n\t\t\t\t\t\t\t\t\t\t<option value=\"02:45\">\n\t\t\t\t\t\t\t\t\t\t\t02:45<\/option>\n\t\t\t\t\t\t\t\t\t\t\t\t\t\t\t\t\t\t\t\t<option value=\"03:00\">\n\t\t\t\t\t\t\t\t\t\t\t03:00<\/option>\n\t\t\t\t\t\t\t\t\t\t<option value=\"03:15\">\n\t\t\t\t\t\t\t\t\t\t\t03:15<\/option>\n\t\t\t\t\t\t\t\t\t\t<option value=\"03:30\">\n\t\t\t\t\t\t\t\t\t\t\t03:30<\/option>\n\t\t\t\t\t\t\t\t\t\t<option value=\"03:45\">\n\t\t\t\t\t\t\t\t\t\t\t03:45<\/option>\n\t\t\t\t\t\t\t\t\t\t\t\t\t\t\t\t\t\t\t\t<option value=\"04:00\">\n\t\t\t\t\t\t\t\t\t\t\t04:00<\/option>\n\t\t\t\t\t\t\t\t\t\t<option value=\"04:15\">\n\t\t\t\t\t\t\t\t\t\t\t04:15<\/option>\n\t\t\t\t\t\t\t\t\t\t<option value=\"04:30\">\n\t\t\t\t\t\t\t\t\t\t\t04:30<\/option>\n\t\t\t\t\t\t\t\t\t\t<option value=\"04:45\">\n\t\t\t\t\t\t\t\t\t\t\t04:45<\/option>\n\t\t\t\t\t\t\t\t\t\t\t\t\t\t\t\t\t\t\t\t<option value=\"05:00\">\n\t\t\t\t\t\t\t\t\t\t\t05:00<\/option>\n\t\t\t\t\t\t\t\t\t\t<option value=\"05:15\">\n\t\t\t\t\t\t\t\t\t\t\t05:15<\/option>\n\t\t\t\t\t\t\t\t\t\t<option value=\"05:30\">\n\t\t\t\t\t\t\t\t\t\t\t05:30<\/option>\n\t\t\t\t\t\t\t\t\t\t<option value=\"05:45\">\n\t\t\t\t\t\t\t\t\t\t\t05:45<\/option>\n\t\t\t\t\t\t\t\t\t\t\t\t\t\t\t\t\t\t\t\t<option value=\"06:00\">\n\t\t\t\t\t\t\t\t\t\t\t06:00<\/option>\n\t\t\t\t\t\t\t\t\t\t<option value=\"06:15\">\n\t\t\t\t\t\t\t\t\t\t\t06:15<\/option>\n\t\t\t\t\t\t\t\t\t\t<option value=\"06:30\">\n\t\t\t\t\t\t\t\t\t\t\t06:30<\/option>\n\t\t\t\t\t\t\t\t\t\t<option value=\"06:45\">\n\t\t\t\t\t\t\t\t\t\t\t06:45<\/option>\n\t\t\t\t\t\t\t\t\t\t\t\t\t\t\t\t\t\t\t\t<option value=\"07:00\">\n\t\t\t\t\t\t\t\t\t\t\t07:00<\/option>\n\t\t\t\t\t\t\t\t\t\t<option value=\"07:15\">\n\t\t\t\t\t\t\t\t\t\t\t07:15<\/option>\n\t\t\t\t\t\t\t\t\t\t<option value=\"07:30\">\n\t\t\t\t\t\t\t\t\t\t\t07:30<\/option>\n\t\t\t\t\t\t\t\t\t\t<option value=\"07:45\">\n\t\t\t\t\t\t\t\t\t\t\t07:45<\/option>\n\t\t\t\t\t\t\t\t\t\t\t\t\t\t\t\t\t\t\t\t<option value=\"08:00\">\n\t\t\t\t\t\t\t\t\t\t\t08:00<\/option>\n\t\t\t\t\t\t\t\t\t\t<option value=\"08:15\">\n\t\t\t\t\t\t\t\t\t\t\t08:15<\/option>\n\t\t\t\t\t\t\t\t\t\t<option value=\"08:30\">\n\t\t\t\t\t\t\t\t\t\t\t08:30<\/option>\n\t\t\t\t\t\t\t\t\t\t<option value=\"08:45\">\n\t\t\t\t\t\t\t\t\t\t\t08:45<\/option>\n\t\t\t\t\t\t\t\t\t\t\t\t\t\t\t\t\t\t\t\t<option value=\"09:00\">\n\t\t\t\t\t\t\t\t\t\t\t09:00<\/option>\n\t\t\t\t\t\t\t\t\t\t<option value=\"09:15\">\n\t\t\t\t\t\t\t\t\t\t\t09:15<\/option>\n\t\t\t\t\t\t\t\t\t\t<option value=\"09:30\">\n\t\t\t\t\t\t\t\t\t\t\t09:30<\/option>\n\t\t\t\t\t\t\t\t\t\t<option value=\"09:45\">\n\t\t\t\t\t\t\t\t\t\t\t09:45<\/option>\n\t\t\t\t\t\t\t\t\t\t\t\t\t\t\t\t\t\t\t\t<option value=\"10:00\">\n\t\t\t\t\t\t\t\t\t\t\t10:00<\/option>\n\t\t\t\t\t\t\t\t\t\t<option value=\"10:15\">\n\t\t\t\t\t\t\t\t\t\t\t10:15<\/option>\n\t\t\t\t\t\t\t\t\t\t<option value=\"10:30\">\n\t\t\t\t\t\t\t\t\t\t\t10:30<\/option>\n\t\t\t\t\t\t\t\t\t\t<option value=\"10:45\">\n\t\t\t\t\t\t\t\t\t\t\t10:45<\/option>\n\t\t\t\t\t\t\t\t\t\t\t\t\t\t\t\t\t\t\t\t<option value=\"11:00\">\n\t\t\t\t\t\t\t\t\t\t\t11:00<\/option>\n\t\t\t\t\t\t\t\t\t\t<option value=\"11:15\">\n\t\t\t\t\t\t\t\t\t\t\t11:15<\/option>\n\t\t\t\t\t\t\t\t\t\t<option value=\"11:30\">\n\t\t\t\t\t\t\t\t\t\t\t11:30<\/option>\n\t\t\t\t\t\t\t\t\t\t<option value=\"11:45\">\n\t\t\t\t\t\t\t\t\t\t\t11:45<\/option>\n\t\t\t\t\t\t\t\t\t\t\t\t\t\t\t\t\t\t\t\t<option value=\"12:00\">\n\t\t\t\t\t\t\t\t\t\t\t12:00<\/option>\n\t\t\t\t\t\t\t\t\t\t<option value=\"12:15\">\n\t\t\t\t\t\t\t\t\t\t\t12:15<\/option>\n\t\t\t\t\t\t\t\t\t\t<option value=\"12:30\">\n\t\t\t\t\t\t\t\t\t\t\t12:30<\/option>\n\t\t\t\t\t\t\t\t\t\t<option value=\"12:45\">\n\t\t\t\t\t\t\t\t\t\t\t12:45<\/option>\n\t\t\t\t\t\t\t\t\t\t\t\t\t\t\t\t\t\t\t\t<option value=\"13:00\">\n\t\t\t\t\t\t\t\t\t\t\t13:00<\/option>\n\t\t\t\t\t\t\t\t\t\t<option value=\"13:15\">\n\t\t\t\t\t\t\t\t\t\t\t13:15<\/option>\n\t\t\t\t\t\t\t\t\t\t<option value=\"13:30\">\n\t\t\t\t\t\t\t\t\t\t\t13:30<\/option>\n\t\t\t\t\t\t\t\t\t\t<option value=\"13:45\">\n\t\t\t\t\t\t\t\t\t\t\t13:45<\/option>\n\t\t\t\t\t\t\t\t\t\t\t\t\t\t\t\t\t\t\t\t<option value=\"14:00\">\n\t\t\t\t\t\t\t\t\t\t\t14:00<\/option>\n\t\t\t\t\t\t\t\t\t\t<option value=\"14:15\">\n\t\t\t\t\t\t\t\t\t\t\t14:15<\/option>\n\t\t\t\t\t\t\t\t\t\t<option value=\"14:30\">\n\t\t\t\t\t\t\t\t\t\t\t14:30<\/option>\n\t\t\t\t\t\t\t\t\t\t<option value=\"14:45\">\n\t\t\t\t\t\t\t\t\t\t\t14:45<\/option>\n\t\t\t\t\t\t\t\t\t\t\t\t\t\t\t\t\t\t\t\t<option value=\"15:00\">\n\t\t\t\t\t\t\t\t\t\t\t15:00<\/option>\n\t\t\t\t\t\t\t\t\t\t<option value=\"15:15\">\n\t\t\t\t\t\t\t\t\t\t\t15:15<\/option>\n\t\t\t\t\t\t\t\t\t\t<option value=\"15:30\">\n\t\t\t\t\t\t\t\t\t\t\t15:30<\/option>\n\t\t\t\t\t\t\t\t\t\t<option value=\"15:45\">\n\t\t\t\t\t\t\t\t\t\t\t15:45<\/option>\n\t\t\t\t\t\t\t\t\t\t\t\t\t\t\t\t\t\t\t\t<option value=\"16:00\">\n\t\t\t\t\t\t\t\t\t\t\t16:00<\/option>\n\t\t\t\t\t\t\t\t\t\t<option value=\"16:15\">\n\t\t\t\t\t\t\t\t\t\t\t16:15<\/option>\n\t\t\t\t\t\t\t\t\t\t<option value=\"16:30\">\n\t\t\t\t\t\t\t\t\t\t\t16:30<\/option>\n\t\t\t\t\t\t\t\t\t\t<option value=\"16:45\">\n\t\t\t\t\t\t\t\t\t\t\t16:45<\/option>\n\t\t\t\t\t\t\t\t\t\t\t\t\t\t\t\t\t\t\t\t<option value=\"17:00\">\n\t\t\t\t\t\t\t\t\t\t\t17:00<\/option>\n\t\t\t\t\t\t\t\t\t\t<option value=\"17:15\">\n\t\t\t\t\t\t\t\t\t\t\t17:15<\/option>\n\t\t\t\t\t\t\t\t\t\t<option value=\"17:30\">\n\t\t\t\t\t\t\t\t\t\t\t17:30<\/option>\n\t\t\t\t\t\t\t\t\t\t<option value=\"17:45\">\n\t\t\t\t\t\t\t\t\t\t\t17:45<\/option>\n\t\t\t\t\t\t\t\t\t\t\t\t\t\t\t\t\t\t\t\t<option value=\"18:00\">\n\t\t\t\t\t\t\t\t\t\t\t18:00<\/option>\n\t\t\t\t\t\t\t\t\t\t<option value=\"18:15\">\n\t\t\t\t\t\t\t\t\t\t\t18:15<\/option>\n\t\t\t\t\t\t\t\t\t\t<option value=\"18:30\">\n\t\t\t\t\t\t\t\t\t\t\t18:30<\/option>\n\t\t\t\t\t\t\t\t\t\t<option value=\"18:45\">\n\t\t\t\t\t\t\t\t\t\t\t18:45<\/option>\n\t\t\t\t\t\t\t\t\t\t\t\t\t\t\t\t\t\t\t\t<option value=\"19:00\">\n\t\t\t\t\t\t\t\t\t\t\t19:00<\/option>\n\t\t\t\t\t\t\t\t\t\t<option value=\"19:15\">\n\t\t\t\t\t\t\t\t\t\t\t19:15<\/option>\n\t\t\t\t\t\t\t\t\t\t<option value=\"19:30\">\n\t\t\t\t\t\t\t\t\t\t\t19:30<\/option>\n\t\t\t\t\t\t\t\t\t\t<option value=\"19:45\">\n\t\t\t\t\t\t\t\t\t\t\t19:45<\/option>\n\t\t\t\t\t\t\t\t\t\t\t\t\t\t\t\t\t\t\t\t<option value=\"20:00\">\n\t\t\t\t\t\t\t\t\t\t\t20:00<\/option>\n\t\t\t\t\t\t\t\t\t\t<option value=\"20:15\">\n\t\t\t\t\t\t\t\t\t\t\t20:15<\/option>\n\t\t\t\t\t\t\t\t\t\t<option value=\"20:30\">\n\t\t\t\t\t\t\t\t\t\t\t20:30<\/option>\n\t\t\t\t\t\t\t\t\t\t<option value=\"20:45\">\n\t\t\t\t\t\t\t\t\t\t\t20:45<\/option>\n\t\t\t\t\t\t\t\t\t\t\t\t\t\t\t\t\t\t\t\t<option value=\"21:00\">\n\t\t\t\t\t\t\t\t\t\t\t21:00<\/option>\n\t\t\t\t\t\t\t\t\t\t<option value=\"21:15\">\n\t\t\t\t\t\t\t\t\t\t\t21:15<\/option>\n\t\t\t\t\t\t\t\t\t\t<option value=\"21:30\">\n\t\t\t\t\t\t\t\t\t\t\t21:30<\/option>\n\t\t\t\t\t\t\t\t\t\t<option value=\"21:45\">\n\t\t\t\t\t\t\t\t\t\t\t21:45<\/option>\n\t\t\t\t\t\t\t\t\t\t\t\t\t\t\t\t\t\t\t\t<option value=\"22:00\">\n\t\t\t\t\t\t\t\t\t\t\t22:00<\/option>\n\t\t\t\t\t\t\t\t\t\t<option value=\"22:15\">\n\t\t\t\t\t\t\t\t\t\t\t22:15<\/option>\n\t\t\t\t\t\t\t\t\t\t<option value=\"22:30\">\n\t\t\t\t\t\t\t\t\t\t\t22:30<\/option>\n\t\t\t\t\t\t\t\t\t\t<option value=\"22:45\">\n\t\t\t\t\t\t\t\t\t\t\t22:45<\/option>\n\t\t\t\t\t\t\t\t\t\t\t\t\t\t\t\t\t\t\t\t<option value=\"23:00\">\n\t\t\t\t\t\t\t\t\t\t\t23:00<\/option>\n\t\t\t\t\t\t\t\t\t\t<option value=\"23:15\">\n\t\t\t\t\t\t\t\t\t\t\t23:15<\/option>\n\t\t\t\t\t\t\t\t\t\t<option value=\"23:30\">\n\t\t\t\t\t\t\t\t\t\t\t23:30<\/option>\n\t\t\t\t\t\t\t\t\t\t<option value=\"23:45\">\n\t\t\t\t\t\t\t\t\t\t\t23:45<\/option>\n\t\t\t\t\t\t\t\t\t\t\t\t\t\t\t\t\t\t\t<\/select>\n\t\t\t\t\t\t\t\t<\/div>\n\t\t\t\t\t\t\t<\/div>\n\t\t\t\t\t\t<\/div>\n\n\t\t\t\t\t<\/div>\n\t\t\t\t\n\n\t\t\t\t\t\t<div class=\"row\">\n                               <div class=\"col-sm-6\">\n\t\t\t\t\t\t\t\t<div class=\"form-group promo-code\">\n\t\t\t\t\t\t\t\t\t\t\t\t\t\t\t\t\t<label for=\"tipogrupo\" class=\"w-50 text-right pr-3 pt-1\">Group<\/label>\n\t\t\t\t\t\t\t\t\t<select name=\"tipogrupo\" id=\"tipogrupo\" class=\"form-control w-50\">\n\t\t\t\t\t\t\t\t\t<option value=\"0\">Voir tous<\/option>\n\t\t\t                        <option value=\"1\">Standard<\/option> \n\t\t\t\t\t\t\t\t\t<option value=\"2\">Automatique<\/option>  \n\t\t\t\t\t\t\t\t\t<option value=\"4\">Transporteurs<\/option>  \n\t\t\t\t\t\t\t\t\t<option value=\"5\">Cabriolet et Sport<\/option>  \n\t\t\t\t\t\t\t\t\t<option value=\"6\">Prestige<\/option>  \n\t\t\t\t\t\t\t\t\t<option value=\"8\">SUV<\/option>  \n\t\t\t\t\t\t\t\t\t<option value=\"10\">Camping car et Autocaravane<\/option>  \t\t\t\t\t\t\t\n\t\t\t\t\t\t\t\t<\/select>\t\n\t\t\t\t\t\t\t\t\t\n\t\t\t\t\t\t\t<\/div>\n\t\t\t\t\t\t\t<\/div>\n\t\t\t\t\t\t<div class=\"col-sm-6 align-self-end\">\n\t\t\t\t\t\t\t<div class=\"form-group\">\n\t\t\t\t\t\t\t\t<input type=\"submit\" class=\"btn-quote\" value=\"Voir les prix\" onclick=\"return msgAlert()\">\n\t\t\t\t\t\t\t<\/div>\n\t\t\t\t\t\t<\/div>\n\t\t\t\t\t<\/div>\n\t\t\t\t<\/form>\n\t\t\t\t<div class=\"row hide-mini-tablet advantages\">\n\t\t\t\t\t\t<div class=\"col-12\">\n\t\t\t\t\t\t\t<h4 class=\"text-center text-white\">TARIFS IMBATTABLES<\/h4>\n\t\t\t\t\t\t\t<ul>\n\t\t\t\t\t\t\t\t<li><strong>Grande flotte<\/strong> de voitures neuves.<\/li>\n\t\t\t\t\t\t\t\t<li><strong>Payez \u00e0 l'arriv\u00e9e<\/strong>.<\/li>\n\t\t\t\t\t\t\t\t<li>Ce que vous voyez est ce que vous payez.<\/li>\n\t\t\t\t\t\t\t\t<li><strong>Pas difficile \u00e0 vendre au bureau<\/strong>.<\/li>\n\t\t\t\t\t\t\t\t<li>Service de livraison VIP gratuit.<\/li>\n\t\t\t\t\t\t\t\t<li><strong class='redpassion-alt'>PAS DE FRAIS SUPPL\u00c9MENTAIRES<\/strong>, pour le service de ravitaillement.<\/li>\n\t\t\t\t\t\t\t<\/ul>\n\t\t\t\t\t\t<\/div>\n\t\t\t\t\t<\/div>\n\t\t\t\t<\/div>\n\t\t\t<br clear=\"all\">\n\n","protected":false},"excerpt":{"rendered":"<p>Tu seras surpris par la grande offre musicale, d&rsquo;\u00e9v\u00e9nements et d&rsquo;activit\u00e9s que tu pourras profiter lors de ta visite \u00e0 Malaga en janvier !<\/p>\n","protected":false},"author":1,"featured_media":451,"comment_status":"open","ping_status":"open","sticky":false,"template":"","format":"standard","meta":{"footnotes":""},"categories":[2],"tags":[5,42,4,6],"class_list":["post-450","post","type-post","status-publish","format-standard","has-post-thumbnail","hentry","category-loisirs","tag-choses-a-faire","tag-janvier","tag-malaga","tag-quoi-faire"],"yoast_head":"<!-- This site is optimized with the Yoast SEO plugin v28.4 - https:\/\/yoast.com\/product\/yoast-seo-wordpress\/ -->\n<title>Choses \u00e0 faire \u00e0 Malaga en Janvier 2026 - Blog de MalagaCar.com<\/title>\n<meta name=\"description\" content=\"Sur notre blog, nous avons rassembl\u00e9 pour vous des id\u00e9es d&#039;activit\u00e9s int\u00e9ressantes \u00e0 faire \u00e0 Malaga en janvier.\" \/>\n<meta name=\"robots\" content=\"index, follow, max-snippet:-1, max-image-preview:large, max-video-preview:-1\" \/>\n<link rel=\"canonical\" href=\"https:\/\/www.malagacar.com\/fr\/blog\/loisirs\/choses-a-faire-a-malaga-en-janvier\/\" \/>\n<meta property=\"og:locale\" content=\"fr_FR\" \/>\n<meta property=\"og:type\" content=\"article\" \/>\n<meta property=\"og:title\" content=\"Choses \u00e0 faire \u00e0 Malaga en Janvier 2026 - Blog de MalagaCar.com\" \/>\n<meta property=\"og:description\" content=\"Sur notre blog, nous avons rassembl\u00e9 pour vous des id\u00e9es d&#039;activit\u00e9s int\u00e9ressantes \u00e0 faire \u00e0 Malaga en janvier.\" \/>\n<meta property=\"og:url\" content=\"https:\/\/www.malagacar.com\/fr\/blog\/loisirs\/choses-a-faire-a-malaga-en-janvier\/\" \/>\n<meta property=\"og:site_name\" content=\"Blog de MalagaCar.com\" \/>\n<meta property=\"article:publisher\" content=\"https:\/\/www.facebook.com\/malagacar\" \/>\n<meta property=\"article:published_time\" content=\"2025-12-18T08:01:09+00:00\" \/>\n<meta property=\"article:modified_time\" content=\"2026-01-12T11:34:00+00:00\" \/>\n<meta property=\"og:image\" content=\"https:\/\/www.malagacar.com\/fr\/blog\/wp-content\/uploads\/2022\/12\/01-fr.jpg\" \/>\n\t<meta property=\"og:image:width\" content=\"1000\" \/>\n\t<meta property=\"og:image:height\" content=\"896\" \/>\n\t<meta property=\"og:image:type\" content=\"image\/jpeg\" \/>\n<meta name=\"author\" content=\"MalagaCar.com\" \/>\n<meta name=\"twitter:card\" content=\"summary_large_image\" \/>\n<meta name=\"twitter:creator\" content=\"@malagacarcom\" \/>\n<meta name=\"twitter:site\" content=\"@malagacarcom\" \/>\n<meta name=\"twitter:label1\" content=\"\u00c9crit par\" \/>\n\t<meta name=\"twitter:data1\" content=\"MalagaCar.com\" \/>\n\t<meta name=\"twitter:label2\" content=\"Dur\u00e9e de lecture estim\u00e9e\" \/>\n\t<meta name=\"twitter:data2\" content=\"23 minutes\" \/>\n<script type=\"application\/ld+json\" class=\"yoast-schema-graph\">{\"@context\":\"https:\\\/\\\/schema.org\",\"@graph\":[{\"@type\":\"Article\",\"@id\":\"https:\\\/\\\/www.malagacar.com\\\/fr\\\/blog\\\/loisirs\\\/choses-a-faire-a-malaga-en-janvier\\\/#article\",\"isPartOf\":{\"@id\":\"https:\\\/\\\/www.malagacar.com\\\/fr\\\/blog\\\/loisirs\\\/choses-a-faire-a-malaga-en-janvier\\\/\"},\"author\":{\"name\":\"MalagaCar.com\",\"@id\":\"https:\\\/\\\/www.malagacar.com\\\/fr\\\/blog\\\/#\\\/schema\\\/person\\\/ffb97005d02bcc7d0bb59f5409635691\"},\"headline\":\"Choses \u00e0 faire \u00e0 Malaga en Janvier 2026\",\"datePublished\":\"2025-12-18T08:01:09+00:00\",\"dateModified\":\"2026-01-12T11:34:00+00:00\",\"mainEntityOfPage\":{\"@id\":\"https:\\\/\\\/www.malagacar.com\\\/fr\\\/blog\\\/loisirs\\\/choses-a-faire-a-malaga-en-janvier\\\/\"},\"wordCount\":3206,\"commentCount\":0,\"publisher\":{\"@id\":\"https:\\\/\\\/www.malagacar.com\\\/fr\\\/blog\\\/#organization\"},\"image\":{\"@id\":\"https:\\\/\\\/www.malagacar.com\\\/fr\\\/blog\\\/loisirs\\\/choses-a-faire-a-malaga-en-janvier\\\/#primaryimage\"},\"thumbnailUrl\":\"https:\\\/\\\/www.malagacar.com\\\/fr\\\/blog\\\/wp-content\\\/uploads\\\/2022\\\/12\\\/01-fr.jpg\",\"keywords\":[\"choses \u00e0 faire\",\"janvier\",\"malaga\",\"quoi faire\"],\"articleSection\":[\"Loisirs\"],\"inLanguage\":\"fr-FR\",\"potentialAction\":[{\"@type\":\"CommentAction\",\"name\":\"Comment\",\"target\":[\"https:\\\/\\\/www.malagacar.com\\\/fr\\\/blog\\\/loisirs\\\/choses-a-faire-a-malaga-en-janvier\\\/#respond\"]}]},{\"@type\":\"WebPage\",\"@id\":\"https:\\\/\\\/www.malagacar.com\\\/fr\\\/blog\\\/loisirs\\\/choses-a-faire-a-malaga-en-janvier\\\/\",\"url\":\"https:\\\/\\\/www.malagacar.com\\\/fr\\\/blog\\\/loisirs\\\/choses-a-faire-a-malaga-en-janvier\\\/\",\"name\":\"Choses \u00e0 faire \u00e0 Malaga en Janvier 2026 - Blog de MalagaCar.com\",\"isPartOf\":{\"@id\":\"https:\\\/\\\/www.malagacar.com\\\/fr\\\/blog\\\/#website\"},\"primaryImageOfPage\":{\"@id\":\"https:\\\/\\\/www.malagacar.com\\\/fr\\\/blog\\\/loisirs\\\/choses-a-faire-a-malaga-en-janvier\\\/#primaryimage\"},\"image\":{\"@id\":\"https:\\\/\\\/www.malagacar.com\\\/fr\\\/blog\\\/loisirs\\\/choses-a-faire-a-malaga-en-janvier\\\/#primaryimage\"},\"thumbnailUrl\":\"https:\\\/\\\/www.malagacar.com\\\/fr\\\/blog\\\/wp-content\\\/uploads\\\/2022\\\/12\\\/01-fr.jpg\",\"datePublished\":\"2025-12-18T08:01:09+00:00\",\"dateModified\":\"2026-01-12T11:34:00+00:00\",\"description\":\"Sur notre blog, nous avons rassembl\u00e9 pour vous des id\u00e9es d'activit\u00e9s int\u00e9ressantes \u00e0 faire \u00e0 Malaga en janvier.\",\"breadcrumb\":{\"@id\":\"https:\\\/\\\/www.malagacar.com\\\/fr\\\/blog\\\/loisirs\\\/choses-a-faire-a-malaga-en-janvier\\\/#breadcrumb\"},\"inLanguage\":\"fr-FR\",\"potentialAction\":[{\"@type\":\"ReadAction\",\"target\":[\"https:\\\/\\\/www.malagacar.com\\\/fr\\\/blog\\\/loisirs\\\/choses-a-faire-a-malaga-en-janvier\\\/\"]}]},{\"@type\":\"ImageObject\",\"inLanguage\":\"fr-FR\",\"@id\":\"https:\\\/\\\/www.malagacar.com\\\/fr\\\/blog\\\/loisirs\\\/choses-a-faire-a-malaga-en-janvier\\\/#primaryimage\",\"url\":\"https:\\\/\\\/www.malagacar.com\\\/fr\\\/blog\\\/wp-content\\\/uploads\\\/2022\\\/12\\\/01-fr.jpg\",\"contentUrl\":\"https:\\\/\\\/www.malagacar.com\\\/fr\\\/blog\\\/wp-content\\\/uploads\\\/2022\\\/12\\\/01-fr.jpg\",\"width\":1000,\"height\":896,\"caption\":\"Janvier\"},{\"@type\":\"BreadcrumbList\",\"@id\":\"https:\\\/\\\/www.malagacar.com\\\/fr\\\/blog\\\/loisirs\\\/choses-a-faire-a-malaga-en-janvier\\\/#breadcrumb\",\"itemListElement\":[{\"@type\":\"ListItem\",\"position\":1,\"name\":\"Accueil\",\"item\":\"https:\\\/\\\/www.malagacar.com\\\/fr\\\/blog\\\/\"},{\"@type\":\"ListItem\",\"position\":2,\"name\":\"Choses \u00e0 faire \u00e0 Malaga en Janvier 2026\"}]},{\"@type\":\"WebSite\",\"@id\":\"https:\\\/\\\/www.malagacar.com\\\/fr\\\/blog\\\/#website\",\"url\":\"https:\\\/\\\/www.malagacar.com\\\/fr\\\/blog\\\/\",\"name\":\"Blog de MalagaCar.com\",\"description\":\"Nouvelles et informations int\u00e9ressantes sur la location de voitures \u00e0 l&#039;a\u00e9roport de Malaga.\",\"publisher\":{\"@id\":\"https:\\\/\\\/www.malagacar.com\\\/fr\\\/blog\\\/#organization\"},\"potentialAction\":[{\"@type\":\"SearchAction\",\"target\":{\"@type\":\"EntryPoint\",\"urlTemplate\":\"https:\\\/\\\/www.malagacar.com\\\/fr\\\/blog\\\/?s={search_term_string}\"},\"query-input\":{\"@type\":\"PropertyValueSpecification\",\"valueRequired\":true,\"valueName\":\"search_term_string\"}}],\"inLanguage\":\"fr-FR\"},{\"@type\":\"Organization\",\"@id\":\"https:\\\/\\\/www.malagacar.com\\\/fr\\\/blog\\\/#organization\",\"name\":\"MalagaCar.com\",\"url\":\"https:\\\/\\\/www.malagacar.com\\\/fr\\\/blog\\\/\",\"logo\":{\"@type\":\"ImageObject\",\"inLanguage\":\"fr-FR\",\"@id\":\"https:\\\/\\\/www.malagacar.com\\\/fr\\\/blog\\\/#\\\/schema\\\/logo\\\/image\\\/\",\"url\":\"https:\\\/\\\/www.malagacar.com\\\/fr\\\/blog\\\/wp-content\\\/uploads\\\/2021\\\/06\\\/logo-malagacar-social.png\",\"contentUrl\":\"https:\\\/\\\/www.malagacar.com\\\/fr\\\/blog\\\/wp-content\\\/uploads\\\/2021\\\/06\\\/logo-malagacar-social.png\",\"width\":900,\"height\":900,\"caption\":\"MalagaCar.com\"},\"image\":{\"@id\":\"https:\\\/\\\/www.malagacar.com\\\/fr\\\/blog\\\/#\\\/schema\\\/logo\\\/image\\\/\"},\"sameAs\":[\"https:\\\/\\\/www.facebook.com\\\/malagacar\",\"https:\\\/\\\/x.com\\\/malagacarcom\",\"https:\\\/\\\/www.instagram.com\\\/malagacar\\\/\",\"https:\\\/\\\/www.linkedin.com\\\/company\\\/malagacar.com\",\"https:\\\/\\\/www.youtube.com\\\/c\\\/MalagacarAirport\"]},{\"@type\":\"Person\",\"@id\":\"https:\\\/\\\/www.malagacar.com\\\/fr\\\/blog\\\/#\\\/schema\\\/person\\\/ffb97005d02bcc7d0bb59f5409635691\",\"name\":\"MalagaCar.com\",\"image\":{\"@type\":\"ImageObject\",\"inLanguage\":\"fr-FR\",\"@id\":\"https:\\\/\\\/secure.gravatar.com\\\/avatar\\\/296ebc31026e7be05868369e4c596b3239b1582b2fcf8a45de57333e2e82bb82?s=96&d=mm&r=g\",\"url\":\"https:\\\/\\\/secure.gravatar.com\\\/avatar\\\/296ebc31026e7be05868369e4c596b3239b1582b2fcf8a45de57333e2e82bb82?s=96&d=mm&r=g\",\"contentUrl\":\"https:\\\/\\\/secure.gravatar.com\\\/avatar\\\/296ebc31026e7be05868369e4c596b3239b1582b2fcf8a45de57333e2e82bb82?s=96&d=mm&r=g\",\"caption\":\"MalagaCar.com\"},\"sameAs\":[\"https:\\\/\\\/www.malagacar.com\\\/fr\\\/blog\"]}]}<\/script>\n<!-- \/ Yoast SEO plugin. -->","yoast_head_json":{"title":"Choses \u00e0 faire \u00e0 Malaga en Janvier 2026 - Blog de MalagaCar.com","description":"Sur notre blog, nous avons rassembl\u00e9 pour vous des id\u00e9es d'activit\u00e9s int\u00e9ressantes \u00e0 faire \u00e0 Malaga en janvier.","robots":{"index":"index","follow":"follow","max-snippet":"max-snippet:-1","max-image-preview":"max-image-preview:large","max-video-preview":"max-video-preview:-1"},"canonical":"https:\/\/www.malagacar.com\/fr\/blog\/loisirs\/choses-a-faire-a-malaga-en-janvier\/","og_locale":"fr_FR","og_type":"article","og_title":"Choses \u00e0 faire \u00e0 Malaga en Janvier 2026 - Blog de MalagaCar.com","og_description":"Sur notre blog, nous avons rassembl\u00e9 pour vous des id\u00e9es d'activit\u00e9s int\u00e9ressantes \u00e0 faire \u00e0 Malaga en janvier.","og_url":"https:\/\/www.malagacar.com\/fr\/blog\/loisirs\/choses-a-faire-a-malaga-en-janvier\/","og_site_name":"Blog de MalagaCar.com","article_publisher":"https:\/\/www.facebook.com\/malagacar","article_published_time":"2025-12-18T08:01:09+00:00","article_modified_time":"2026-01-12T11:34:00+00:00","og_image":[{"width":1000,"height":896,"url":"https:\/\/www.malagacar.com\/fr\/blog\/wp-content\/uploads\/2022\/12\/01-fr.jpg","type":"image\/jpeg"}],"author":"MalagaCar.com","twitter_card":"summary_large_image","twitter_creator":"@malagacarcom","twitter_site":"@malagacarcom","twitter_misc":{"\u00c9crit par":"MalagaCar.com","Dur\u00e9e de lecture estim\u00e9e":"23 minutes"},"schema":{"@context":"https:\/\/schema.org","@graph":[{"@type":"Article","@id":"https:\/\/www.malagacar.com\/fr\/blog\/loisirs\/choses-a-faire-a-malaga-en-janvier\/#article","isPartOf":{"@id":"https:\/\/www.malagacar.com\/fr\/blog\/loisirs\/choses-a-faire-a-malaga-en-janvier\/"},"author":{"name":"MalagaCar.com","@id":"https:\/\/www.malagacar.com\/fr\/blog\/#\/schema\/person\/ffb97005d02bcc7d0bb59f5409635691"},"headline":"Choses \u00e0 faire \u00e0 Malaga en Janvier 2026","datePublished":"2025-12-18T08:01:09+00:00","dateModified":"2026-01-12T11:34:00+00:00","mainEntityOfPage":{"@id":"https:\/\/www.malagacar.com\/fr\/blog\/loisirs\/choses-a-faire-a-malaga-en-janvier\/"},"wordCount":3206,"commentCount":0,"publisher":{"@id":"https:\/\/www.malagacar.com\/fr\/blog\/#organization"},"image":{"@id":"https:\/\/www.malagacar.com\/fr\/blog\/loisirs\/choses-a-faire-a-malaga-en-janvier\/#primaryimage"},"thumbnailUrl":"https:\/\/www.malagacar.com\/fr\/blog\/wp-content\/uploads\/2022\/12\/01-fr.jpg","keywords":["choses \u00e0 faire","janvier","malaga","quoi faire"],"articleSection":["Loisirs"],"inLanguage":"fr-FR","potentialAction":[{"@type":"CommentAction","name":"Comment","target":["https:\/\/www.malagacar.com\/fr\/blog\/loisirs\/choses-a-faire-a-malaga-en-janvier\/#respond"]}]},{"@type":"WebPage","@id":"https:\/\/www.malagacar.com\/fr\/blog\/loisirs\/choses-a-faire-a-malaga-en-janvier\/","url":"https:\/\/www.malagacar.com\/fr\/blog\/loisirs\/choses-a-faire-a-malaga-en-janvier\/","name":"Choses \u00e0 faire \u00e0 Malaga en Janvier 2026 - Blog de MalagaCar.com","isPartOf":{"@id":"https:\/\/www.malagacar.com\/fr\/blog\/#website"},"primaryImageOfPage":{"@id":"https:\/\/www.malagacar.com\/fr\/blog\/loisirs\/choses-a-faire-a-malaga-en-janvier\/#primaryimage"},"image":{"@id":"https:\/\/www.malagacar.com\/fr\/blog\/loisirs\/choses-a-faire-a-malaga-en-janvier\/#primaryimage"},"thumbnailUrl":"https:\/\/www.malagacar.com\/fr\/blog\/wp-content\/uploads\/2022\/12\/01-fr.jpg","datePublished":"2025-12-18T08:01:09+00:00","dateModified":"2026-01-12T11:34:00+00:00","description":"Sur notre blog, nous avons rassembl\u00e9 pour vous des id\u00e9es d'activit\u00e9s int\u00e9ressantes \u00e0 faire \u00e0 Malaga en janvier.","breadcrumb":{"@id":"https:\/\/www.malagacar.com\/fr\/blog\/loisirs\/choses-a-faire-a-malaga-en-janvier\/#breadcrumb"},"inLanguage":"fr-FR","potentialAction":[{"@type":"ReadAction","target":["https:\/\/www.malagacar.com\/fr\/blog\/loisirs\/choses-a-faire-a-malaga-en-janvier\/"]}]},{"@type":"ImageObject","inLanguage":"fr-FR","@id":"https:\/\/www.malagacar.com\/fr\/blog\/loisirs\/choses-a-faire-a-malaga-en-janvier\/#primaryimage","url":"https:\/\/www.malagacar.com\/fr\/blog\/wp-content\/uploads\/2022\/12\/01-fr.jpg","contentUrl":"https:\/\/www.malagacar.com\/fr\/blog\/wp-content\/uploads\/2022\/12\/01-fr.jpg","width":1000,"height":896,"caption":"Janvier"},{"@type":"BreadcrumbList","@id":"https:\/\/www.malagacar.com\/fr\/blog\/loisirs\/choses-a-faire-a-malaga-en-janvier\/#breadcrumb","itemListElement":[{"@type":"ListItem","position":1,"name":"Accueil","item":"https:\/\/www.malagacar.com\/fr\/blog\/"},{"@type":"ListItem","position":2,"name":"Choses \u00e0 faire \u00e0 Malaga en Janvier 2026"}]},{"@type":"WebSite","@id":"https:\/\/www.malagacar.com\/fr\/blog\/#website","url":"https:\/\/www.malagacar.com\/fr\/blog\/","name":"Blog de MalagaCar.com","description":"Nouvelles et informations int\u00e9ressantes sur la location de voitures \u00e0 l&#039;a\u00e9roport de Malaga.","publisher":{"@id":"https:\/\/www.malagacar.com\/fr\/blog\/#organization"},"potentialAction":[{"@type":"SearchAction","target":{"@type":"EntryPoint","urlTemplate":"https:\/\/www.malagacar.com\/fr\/blog\/?s={search_term_string}"},"query-input":{"@type":"PropertyValueSpecification","valueRequired":true,"valueName":"search_term_string"}}],"inLanguage":"fr-FR"},{"@type":"Organization","@id":"https:\/\/www.malagacar.com\/fr\/blog\/#organization","name":"MalagaCar.com","url":"https:\/\/www.malagacar.com\/fr\/blog\/","logo":{"@type":"ImageObject","inLanguage":"fr-FR","@id":"https:\/\/www.malagacar.com\/fr\/blog\/#\/schema\/logo\/image\/","url":"https:\/\/www.malagacar.com\/fr\/blog\/wp-content\/uploads\/2021\/06\/logo-malagacar-social.png","contentUrl":"https:\/\/www.malagacar.com\/fr\/blog\/wp-content\/uploads\/2021\/06\/logo-malagacar-social.png","width":900,"height":900,"caption":"MalagaCar.com"},"image":{"@id":"https:\/\/www.malagacar.com\/fr\/blog\/#\/schema\/logo\/image\/"},"sameAs":["https:\/\/www.facebook.com\/malagacar","https:\/\/x.com\/malagacarcom","https:\/\/www.instagram.com\/malagacar\/","https:\/\/www.linkedin.com\/company\/malagacar.com","https:\/\/www.youtube.com\/c\/MalagacarAirport"]},{"@type":"Person","@id":"https:\/\/www.malagacar.com\/fr\/blog\/#\/schema\/person\/ffb97005d02bcc7d0bb59f5409635691","name":"MalagaCar.com","image":{"@type":"ImageObject","inLanguage":"fr-FR","@id":"https:\/\/secure.gravatar.com\/avatar\/296ebc31026e7be05868369e4c596b3239b1582b2fcf8a45de57333e2e82bb82?s=96&d=mm&r=g","url":"https:\/\/secure.gravatar.com\/avatar\/296ebc31026e7be05868369e4c596b3239b1582b2fcf8a45de57333e2e82bb82?s=96&d=mm&r=g","contentUrl":"https:\/\/secure.gravatar.com\/avatar\/296ebc31026e7be05868369e4c596b3239b1582b2fcf8a45de57333e2e82bb82?s=96&d=mm&r=g","caption":"MalagaCar.com"},"sameAs":["https:\/\/www.malagacar.com\/fr\/blog"]}]}},"_links":{"self":[{"href":"https:\/\/www.malagacar.com\/fr\/blog\/wp-json\/wp\/v2\/posts\/450","targetHints":{"allow":["GET"]}}],"collection":[{"href":"https:\/\/www.malagacar.com\/fr\/blog\/wp-json\/wp\/v2\/posts"}],"about":[{"href":"https:\/\/www.malagacar.com\/fr\/blog\/wp-json\/wp\/v2\/types\/post"}],"author":[{"embeddable":true,"href":"https:\/\/www.malagacar.com\/fr\/blog\/wp-json\/wp\/v2\/users\/1"}],"replies":[{"embeddable":true,"href":"https:\/\/www.malagacar.com\/fr\/blog\/wp-json\/wp\/v2\/comments?post=450"}],"version-history":[{"count":54,"href":"https:\/\/www.malagacar.com\/fr\/blog\/wp-json\/wp\/v2\/posts\/450\/revisions"}],"predecessor-version":[{"id":3119,"href":"https:\/\/www.malagacar.com\/fr\/blog\/wp-json\/wp\/v2\/posts\/450\/revisions\/3119"}],"wp:featuredmedia":[{"embeddable":true,"href":"https:\/\/www.malagacar.com\/fr\/blog\/wp-json\/wp\/v2\/media\/451"}],"wp:attachment":[{"href":"https:\/\/www.malagacar.com\/fr\/blog\/wp-json\/wp\/v2\/media?parent=450"}],"wp:term":[{"taxonomy":"category","embeddable":true,"href":"https:\/\/www.malagacar.com\/fr\/blog\/wp-json\/wp\/v2\/categories?post=450"},{"taxonomy":"post_tag","embeddable":true,"href":"https:\/\/www.malagacar.com\/fr\/blog\/wp-json\/wp\/v2\/tags?post=450"}],"curies":[{"name":"wp","href":"https:\/\/api.w.org\/{rel}","templated":true}]}}