{"id":502,"date":"2026-02-18T06:51:01","date_gmt":"2026-02-18T05:51:01","guid":{"rendered":"https:\/\/www.malagacar.com\/fr\/blog\/?p=502"},"modified":"2026-03-12T07:46:56","modified_gmt":"2026-03-12T06:46:56","slug":"choses-a-faire-en-malaga-en-mars","status":"publish","type":"post","link":"https:\/\/www.malagacar.com\/fr\/blog\/loisirs\/choses-a-faire-en-malaga-en-mars\/","title":{"rendered":"Choses \u00e0 faire \u00e0 Malaga en Mars 2026"},"content":{"rendered":"<p>Malaga en Mars est le moment de sortir et de s&rsquo;amuser avec l&rsquo;arriv\u00e9e du beau temps. Pour vous aider \u00e0 d\u00e9cider quoi faire pendant ces dates, nous allons vous proposer quelques activit\u00e9s et \u00e9v\u00e9nements.<\/p>\n<p>\u00cates-vous pr\u00eat \u00e0 participer \u00e0 l&rsquo;un des <strong>\u00e9v\u00e9nements et activit\u00e9s<\/strong> suivants <strong>en Mars \u00e0 Malaga<\/strong> ?<\/p>\n<p><!--more--><\/p>\n\n            <div class=\"banner\">\n                <div class=\"row\">\n                    <div class=\"col-sm-4\">\n                        <a href=\"\/fr\/location-de-voitures\/quote.php\" data-wpel-link=\"internal\"><img decoding=\"async\" src=\"\/images\/banner-img.jpg\" alt=\"malagacar.com\"><\/a>\n                    <\/div>\n                    <div class=\"col-sm-8\">\n                      <a href=\"\/fr\/location-de-voitures\/quote.php\" class=\"banner-title\" data-wpel-link=\"internal\">Meilleure location de voitures <div>\u00e0 l'a\u00e9roport de Malaga<\/div><\/a>   \n                        <div class=\"row\">\n                            <div class=\"col-sm-7\">\n                                <ul>\n                                    <li>Pas de frais de ravitaillement<\/li>\n                                    <li>Annulation gratuite<\/li>\n                                    <li>Location sans interm\u00e9diaire<\/li>\n                                    <li>Payez lorsque vous prenez la voiture<\/li>\n                                    <li><\/li>\n                                <\/ul>\n                            <\/div>\n                            <div class=\"col-sm-5\">\n                                <a class=\"btn-banner\" href=\"\/fr\/location-de-voitures\/quote.php\" data-wpel-link=\"internal\">Consultez les prix<\/a>\n                                <img decoding=\"async\" class=\"zonturent\" src=\"\/images\/zontu-banner.png\" alt=\"\">\n                            <\/div>\n                        <\/div>\n                    <\/div>\n                 <\/div>  \n            <\/div>\n            \n<div id=\"ez-toc-container\" class=\"ez-toc-v2_0_87 counter-hierarchy ez-toc-counter ez-toc-light-blue ez-toc-container-direction\">\n<p class=\"ez-toc-title\" style=\"cursor:inherit\">Table des mati\u00e8res<\/p>\n<label for=\"ez-toc-cssicon-toggle-item-6a9a3edb0a632\" class=\"ez-toc-cssicon-toggle-label\"><span class=\"\"><span class=\"eztoc-hide\" style=\"display:none;\">Toggle<\/span><span class=\"ez-toc-icon-toggle-span\"><svg style=\"fill: #999;color:#999\" xmlns=\"http:\/\/www.w3.org\/2000\/svg\" class=\"list-377408\" width=\"20px\" height=\"20px\" viewBox=\"0 0 24 24\" fill=\"none\"><path d=\"M6 6H4v2h2V6zm14 0H8v2h12V6zM4 11h2v2H4v-2zm16 0H8v2h12v-2zM4 16h2v2H4v-2zm16 0H8v2h12v-2z\" fill=\"currentColor\"><\/path><\/svg><svg style=\"fill: #999;color:#999\" class=\"arrow-unsorted-368013\" xmlns=\"http:\/\/www.w3.org\/2000\/svg\" width=\"10px\" height=\"10px\" viewBox=\"0 0 24 24\" version=\"1.2\" baseProfile=\"tiny\"><path d=\"M18.2 9.3l-6.2-6.3-6.2 6.3c-.2.2-.3.4-.3.7s.1.5.3.7c.2.2.4.3.7.3h11c.3 0 .5-.1.7-.3.2-.2.3-.5.3-.7s-.1-.5-.3-.7zM5.8 14.7l6.2 6.3 6.2-6.3c.2-.2.3-.5.3-.7s-.1-.5-.3-.7c-.2-.2-.4-.3-.7-.3h-11c-.3 0-.5.1-.7.3-.2.2-.3.5-.3.7s.1.5.3.7z\"\/><\/svg><\/span><\/span><\/label><input type=\"checkbox\"  id=\"ez-toc-cssicon-toggle-item-6a9a3edb0a632\"  aria-label=\"Toggle\" \/><nav><ul class='ez-toc-list ez-toc-list-level-1 ' ><li class='ez-toc-page-1 ez-toc-heading-level-2'><a class=\"ez-toc-link ez-toc-heading-1\" href=\"https:\/\/www.malagacar.com\/fr\/blog\/loisirs\/choses-a-faire-en-malaga-en-mars\/#Malaga_en_Mars_2026\" data-wpel-link=\"internal\">Malaga en Mars 2026<\/a><ul class='ez-toc-list-level-3' ><li class='ez-toc-heading-level-3'><a class=\"ez-toc-link ez-toc-heading-2\" href=\"https:\/\/www.malagacar.com\/fr\/blog\/loisirs\/choses-a-faire-en-malaga-en-mars\/#Rassemblement_de_voitures_classiques_%E2%80%93_Fuengirola\" data-wpel-link=\"internal\">Rassemblement de voitures classiques &#8211; Fuengirola<\/a><\/li><li class='ez-toc-page-1 ez-toc-heading-level-3'><a class=\"ez-toc-link ez-toc-heading-3\" href=\"https:\/\/www.malagacar.com\/fr\/blog\/loisirs\/choses-a-faire-en-malaga-en-mars\/#Festival_international_de_chant_choral_%E2%80%93_Antequera\" data-wpel-link=\"internal\">Festival international de chant choral \u2013 Antequera<\/a><\/li><li class='ez-toc-page-1 ez-toc-heading-level-3'><a class=\"ez-toc-link ez-toc-heading-4\" href=\"https:\/\/www.malagacar.com\/fr\/blog\/loisirs\/choses-a-faire-en-malaga-en-mars\/#%C2%AB_Les_samedis_magiques_%C2%BB_%E2%80%93_Fuengirola\" data-wpel-link=\"internal\">\u00ab Les samedis magiques \u00bb \u2013 Fuengirola<\/a><\/li><li class='ez-toc-page-1 ez-toc-heading-level-3'><a class=\"ez-toc-link ez-toc-heading-5\" href=\"https:\/\/www.malagacar.com\/fr\/blog\/loisirs\/choses-a-faire-en-malaga-en-mars\/#%C2%AB_Cap_sur_le_port%C2%BB_%E2%80%93_Benalmadena\" data-wpel-link=\"internal\">\u00ab Cap sur le port\u00bb &#8211; Benalmadena<\/a><\/li><li class='ez-toc-page-1 ez-toc-heading-level-3'><a class=\"ez-toc-link ez-toc-heading-6\" href=\"https:\/\/www.malagacar.com\/fr\/blog\/loisirs\/choses-a-faire-en-malaga-en-mars\/#Comedie_musicale_%C2%AB_Le_voleur_dArabie_Un_hommage_a_Aladdin_%C2%BB_%E2%80%93_Estepona\" data-wpel-link=\"internal\">Com\u00e9die musicale \u00ab Le voleur d\u2019Arabie. Un hommage \u00e0 Aladdin \u00bb\u00a0&#8211; Estepona<\/a><\/li><li class='ez-toc-page-1 ez-toc-heading-level-3'><a class=\"ez-toc-link ez-toc-heading-7\" href=\"https:\/\/www.malagacar.com\/fr\/blog\/loisirs\/choses-a-faire-en-malaga-en-mars\/#Opera_La_Traviata_%E2%80%93_Estepona\" data-wpel-link=\"internal\">Op\u00e9ra La Traviata &#8211; Estepona<\/a><\/li><li class='ez-toc-page-1 ez-toc-heading-level-3'><a class=\"ez-toc-link ez-toc-heading-8\" href=\"https:\/\/www.malagacar.com\/fr\/blog\/loisirs\/choses-a-faire-en-malaga-en-mars\/#Concours_national_des_meilleures_tapas_de_guacamole_%E2%80%93_Torremolinos\" data-wpel-link=\"internal\">Concours national des meilleures tapas de guacamole &#8211; Torremolinos<\/a><\/li><li class='ez-toc-page-1 ez-toc-heading-level-3'><a class=\"ez-toc-link ez-toc-heading-9\" href=\"https:\/\/www.malagacar.com\/fr\/blog\/loisirs\/choses-a-faire-en-malaga-en-mars\/#Reunion_Harley_Davidson_%E2%80%93_Benalmadena\" data-wpel-link=\"internal\">R\u00e9union Harley Davidson\u00a0\u2013 Benalmadena<\/a><\/li><li class='ez-toc-page-1 ez-toc-heading-level-3'><a class=\"ez-toc-link ez-toc-heading-10\" href=\"https:\/\/www.malagacar.com\/fr\/blog\/loisirs\/choses-a-faire-en-malaga-en-mars\/#St_Davids_Day_%E2%80%93_Benalmadena\" data-wpel-link=\"internal\">St David\u2019s Day &#8211; Benalmadena<\/a><\/li><li class='ez-toc-page-1 ez-toc-heading-level-3'><a class=\"ez-toc-link ez-toc-heading-11\" href=\"https:\/\/www.malagacar.com\/fr\/blog\/loisirs\/choses-a-faire-en-malaga-en-mars\/#Marbella_Design_Art_%E2%80%93_Marbella\" data-wpel-link=\"internal\">Marbella Design &amp; Art \u2013 Marbella<\/a><\/li><li class='ez-toc-page-1 ez-toc-heading-level-3'><a class=\"ez-toc-link ez-toc-heading-12\" href=\"https:\/\/www.malagacar.com\/fr\/blog\/loisirs\/choses-a-faire-en-malaga-en-mars\/#Le_Cirque_Maudit_%E2%80%93_Malaga\" data-wpel-link=\"internal\">Le Cirque Maudit &#8211; Malaga<\/a><\/li><li class='ez-toc-page-1 ez-toc-heading-level-3'><a class=\"ez-toc-link ez-toc-heading-13\" href=\"https:\/\/www.malagacar.com\/fr\/blog\/loisirs\/choses-a-faire-en-malaga-en-mars\/#Cirque_des_Lumieres_%E2%80%93_Malaga\" data-wpel-link=\"internal\">Cirque des Lumi\u00e8res \u2013 Malaga<\/a><\/li><li class='ez-toc-page-1 ez-toc-heading-level-3'><a class=\"ez-toc-link ez-toc-heading-14\" href=\"https:\/\/www.malagacar.com\/fr\/blog\/loisirs\/choses-a-faire-en-malaga-en-mars\/#Samedis_du_vin_au_musee_%E2%80%93_Malaga\" data-wpel-link=\"internal\">Samedis du vin au mus\u00e9e &#8211; Malaga<\/a><\/li><li class='ez-toc-page-1 ez-toc-heading-level-3'><a class=\"ez-toc-link ez-toc-heading-15\" href=\"https:\/\/www.malagacar.com\/fr\/blog\/loisirs\/choses-a-faire-en-malaga-en-mars\/#Visite_nocturne_du_cimetiere_anglais_%E2%80%93_Malaga\" data-wpel-link=\"internal\">Visite nocturne du cimeti\u00e8re anglais &#8211; Malaga<\/a><\/li><li class='ez-toc-page-1 ez-toc-heading-level-3'><a class=\"ez-toc-link ez-toc-heading-16\" href=\"https:\/\/www.malagacar.com\/fr\/blog\/loisirs\/choses-a-faire-en-malaga-en-mars\/#Visite_theatrale_de_la_grotte_aux_tresors_%E2%80%93_Rincon_de_la_Victoria\" data-wpel-link=\"internal\">Visite th\u00e9\u00e2trale de la grotte aux tr\u00e9sors &#8211; Rinc\u00f3n de la Victoria<\/a><\/li><li class='ez-toc-page-1 ez-toc-heading-level-3'><a class=\"ez-toc-link ez-toc-heading-17\" href=\"https:\/\/www.malagacar.com\/fr\/blog\/loisirs\/choses-a-faire-en-malaga-en-mars\/#Degustation_de_bieres_artisanales_%E2%80%93_Malaga\" data-wpel-link=\"internal\">D\u00e9gustation de bi\u00e8res artisanales &#8211; Malaga<\/a><\/li><li class='ez-toc-page-1 ez-toc-heading-level-3'><a class=\"ez-toc-link ez-toc-heading-18\" href=\"https:\/\/www.malagacar.com\/fr\/blog\/loisirs\/choses-a-faire-en-malaga-en-mars\/#Route_des_ammonites_%E2%80%93_Torcal_de_Antequera\" data-wpel-link=\"internal\">Route des ammonites &#8211; Torcal de Antequera<\/a><\/li><li class='ez-toc-page-1 ez-toc-heading-level-3'><a class=\"ez-toc-link ez-toc-heading-19\" href=\"https:\/\/www.malagacar.com\/fr\/blog\/loisirs\/choses-a-faire-en-malaga-en-mars\/#Semi-marathon_%E2%80%93_Malaga\" data-wpel-link=\"internal\">Semi-marathon &#8211; Malaga<\/a><\/li><li class='ez-toc-page-1 ez-toc-heading-level-3'><a class=\"ez-toc-link ez-toc-heading-20\" href=\"https:\/\/www.malagacar.com\/fr\/blog\/loisirs\/choses-a-faire-en-malaga-en-mars\/#Concerts_Candelight_%E2%80%93_Malaga\" data-wpel-link=\"internal\">Concerts Candelight &#8211; Malaga<\/a><\/li><li class='ez-toc-page-1 ez-toc-heading-level-3'><a class=\"ez-toc-link ez-toc-heading-21\" href=\"https:\/\/www.malagacar.com\/fr\/blog\/loisirs\/choses-a-faire-en-malaga-en-mars\/#Festival_du_film_%E2%80%93_Malaga\" data-wpel-link=\"internal\">Festival du film &#8211; Malaga<\/a><\/li><li class='ez-toc-page-1 ez-toc-heading-level-3'><a class=\"ez-toc-link ez-toc-heading-22\" href=\"https:\/\/www.malagacar.com\/fr\/blog\/loisirs\/choses-a-faire-en-malaga-en-mars\/#Aeternum_Musique_sacree_du_monde_%E2%80%93_Malaga\" data-wpel-link=\"internal\">Aeternum (Musique sacr\u00e9e du monde) \u2013 Malaga<\/a><\/li><li class='ez-toc-page-1 ez-toc-heading-level-3'><a class=\"ez-toc-link ez-toc-heading-23\" href=\"https:\/\/www.malagacar.com\/fr\/blog\/loisirs\/choses-a-faire-en-malaga-en-mars\/#St_Patricks_Day\" data-wpel-link=\"internal\">St. Patrick&rsquo;s Day<\/a><\/li><\/ul><\/li><li class='ez-toc-page-1 ez-toc-heading-level-2'><a class=\"ez-toc-link ez-toc-heading-24\" href=\"https:\/\/www.malagacar.com\/fr\/blog\/loisirs\/choses-a-faire-en-malaga-en-mars\/#Marches_de_rue_a_Malaga_en_mars\" data-wpel-link=\"internal\">March\u00e9s de rue \u00e0 Malaga en mars<\/a><ul class='ez-toc-list-level-3' ><li class='ez-toc-heading-level-3'><a class=\"ez-toc-link ez-toc-heading-25\" href=\"https:\/\/www.malagacar.com\/fr\/blog\/loisirs\/choses-a-faire-en-malaga-en-mars\/#City_Market_%E2%80%93_Malaga\" data-wpel-link=\"internal\">City Market \u2013 Malaga<\/a><\/li><li class='ez-toc-page-1 ez-toc-heading-level-3'><a class=\"ez-toc-link ez-toc-heading-26\" href=\"https:\/\/www.malagacar.com\/fr\/blog\/loisirs\/choses-a-faire-en-malaga-en-mars\/#Marche_dhiver_au_Quai_Un\" data-wpel-link=\"internal\">March\u00e9 d&rsquo;hiver au Quai Un<\/a><\/li><li class='ez-toc-page-1 ez-toc-heading-level-3'><a class=\"ez-toc-link ez-toc-heading-27\" href=\"https:\/\/www.malagacar.com\/fr\/blog\/loisirs\/choses-a-faire-en-malaga-en-mars\/#Marche_de_lartisanat_La_Merced_%E2%80%93_Malaga\" data-wpel-link=\"internal\">March\u00e9 de l&rsquo;artisanat La Merced &#8211; Malaga<\/a><\/li><li class='ez-toc-page-1 ez-toc-heading-level-3'><a class=\"ez-toc-link ez-toc-heading-28\" href=\"https:\/\/www.malagacar.com\/fr\/blog\/loisirs\/choses-a-faire-en-malaga-en-mars\/#_Marche_urbain_Soho_%E2%80%93_Malaga\" data-wpel-link=\"internal\">\u00a0March\u00e9 urbain\u00a0Soho &#8211; Malaga<\/a><\/li><li class='ez-toc-page-1 ez-toc-heading-level-3'><a class=\"ez-toc-link ez-toc-heading-29\" href=\"https:\/\/www.malagacar.com\/fr\/blog\/loisirs\/choses-a-faire-en-malaga-en-mars\/#Le_marche_des_cimetieres_anglais_%E2%80%93_Malaga\" data-wpel-link=\"internal\">Le march\u00e9 des cimeti\u00e8res anglais \u2013 Malaga<\/a><\/li><li class='ez-toc-page-1 ez-toc-heading-level-3'><a class=\"ez-toc-link ez-toc-heading-30\" href=\"https:\/\/www.malagacar.com\/fr\/blog\/loisirs\/choses-a-faire-en-malaga-en-mars\/#Marche_artisanal_de_Cartama\" data-wpel-link=\"internal\">March\u00e9 artisanal de C\u00e1rtama<\/a><\/li><li class='ez-toc-page-1 ez-toc-heading-level-3'><a class=\"ez-toc-link ez-toc-heading-31\" href=\"https:\/\/www.malagacar.com\/fr\/blog\/loisirs\/choses-a-faire-en-malaga-en-mars\/#Marche_%C2%AB_Saveurs_de_Malaga_%C2%BB_%E2%80%93_Torremolinos\" data-wpel-link=\"internal\">March\u00e9 \u00ab Saveurs de Malaga \u00bb &#8211; Torremolinos<\/a><\/li><li class='ez-toc-page-1 ez-toc-heading-level-3'><a class=\"ez-toc-link ez-toc-heading-32\" href=\"https:\/\/www.malagacar.com\/fr\/blog\/loisirs\/choses-a-faire-en-malaga-en-mars\/#Marche_mensuel_%E2%80%93_Corumbela_Axarquia\" data-wpel-link=\"internal\">March\u00e9 mensuel \u2013 Corumbela, Axarqu\u00eda<\/a><\/li><li class='ez-toc-page-1 ez-toc-heading-level-3'><a class=\"ez-toc-link ez-toc-heading-33\" href=\"https:\/\/www.malagacar.com\/fr\/blog\/loisirs\/choses-a-faire-en-malaga-en-mars\/#Puerto_Market_%E2%80%93_Benalmadena\" data-wpel-link=\"internal\">Puerto Market \u2013 Benalmadena<\/a><\/li><li class='ez-toc-page-1 ez-toc-heading-level-3'><a class=\"ez-toc-link ez-toc-heading-34\" href=\"https:\/\/www.malagacar.com\/fr\/blog\/loisirs\/choses-a-faire-en-malaga-en-mars\/#Marches_aux_puces_et_marches_de_rue_dans_la_province\" data-wpel-link=\"internal\">March\u00e9s aux puces et march\u00e9s de rue dans la province<\/a><\/li><\/ul><\/li><li class='ez-toc-page-1 ez-toc-heading-level-2'><a class=\"ez-toc-link ez-toc-heading-35\" href=\"https:\/\/www.malagacar.com\/fr\/blog\/loisirs\/choses-a-faire-en-malaga-en-mars\/#Visite_des_musees_de_Malaga\" data-wpel-link=\"internal\">Visite des mus\u00e9es de Malaga<\/a><ul class='ez-toc-list-level-3' ><li class='ez-toc-heading-level-3'><a class=\"ez-toc-link ez-toc-heading-36\" href=\"https:\/\/www.malagacar.com\/fr\/blog\/loisirs\/choses-a-faire-en-malaga-en-mars\/#Visites_guidees_gratuites_%E2%80%93_Musee_de_Malaga\" data-wpel-link=\"internal\">Visites guid\u00e9es gratuites &#8211; Mus\u00e9e de Malaga<\/a><\/li><li class='ez-toc-page-1 ez-toc-heading-level-3'><a class=\"ez-toc-link ez-toc-heading-37\" href=\"https:\/\/www.malagacar.com\/fr\/blog\/loisirs\/choses-a-faire-en-malaga-en-mars\/#Visites_guidees_jardin_botanique_historique_de_La_Concepcion_%E2%80%93_Malaga\" data-wpel-link=\"internal\">Visites guid\u00e9es jardin botanique historique de La Concepci\u00f3n &#8211; Malaga<\/a><\/li><li class='ez-toc-page-1 ez-toc-heading-level-3'><a class=\"ez-toc-link ez-toc-heading-38\" href=\"https:\/\/www.malagacar.com\/fr\/blog\/loisirs\/choses-a-faire-en-malaga-en-mars\/#Visite_de_la_Brasserie_Victoria_%E2%80%93_Malaga\" data-wpel-link=\"internal\">Visite de la Brasserie Victoria &#8211; Malaga<\/a><\/li><li class='ez-toc-page-1 ez-toc-heading-level-3'><a class=\"ez-toc-link ez-toc-heading-39\" href=\"https:\/\/www.malagacar.com\/fr\/blog\/loisirs\/choses-a-faire-en-malaga-en-mars\/#Visites_nocturnes_theatralisees_musee_de_lautomobile_%E2%80%93_Malaga\" data-wpel-link=\"internal\">Visites nocturnes th\u00e9\u00e2tralis\u00e9es mus\u00e9e de l&rsquo;automobile &#8211; Malaga<\/a><\/li><\/ul><\/li><li class='ez-toc-page-1 ez-toc-heading-level-2'><a class=\"ez-toc-link ez-toc-heading-40\" href=\"https:\/\/www.malagacar.com\/fr\/blog\/loisirs\/choses-a-faire-en-malaga-en-mars\/#Paques_a_Malaga_2026\" data-wpel-link=\"internal\">P\u00e2ques \u00e0 Malaga 2026<\/a><\/li><li class='ez-toc-page-1 ez-toc-heading-level-2'><a class=\"ez-toc-link ez-toc-heading-41\" href=\"https:\/\/www.malagacar.com\/fr\/blog\/loisirs\/choses-a-faire-en-malaga-en-mars\/#Fetes_gastronomiques_a_Malaga_en_mars\" data-wpel-link=\"internal\">F\u00eates gastronomiques \u00e0 Malaga en mars<\/a><ul class='ez-toc-list-level-3' ><li class='ez-toc-heading-level-3'><a class=\"ez-toc-link ez-toc-heading-42\" href=\"https:\/\/www.malagacar.com\/fr\/blog\/loisirs\/choses-a-faire-en-malaga-en-mars\/#Itineraire_des_plats_typiques_de_Malaga_pendant_le_Careme\" data-wpel-link=\"internal\">Itin\u00e9raire des plats typiques de Malaga pendant le Car\u00eame<\/a><\/li><li class='ez-toc-page-1 ez-toc-heading-level-3'><a class=\"ez-toc-link ez-toc-heading-43\" href=\"https:\/\/www.malagacar.com\/fr\/blog\/loisirs\/choses-a-faire-en-malaga-en-mars\/#Route_Ajobacalao_a_Velez-Malaga\" data-wpel-link=\"internal\">Route Ajobacalao \u00e0 V\u00e9lez-M\u00e1laga<\/a><\/li><li class='ez-toc-page-1 ez-toc-heading-level-3'><a class=\"ez-toc-link ez-toc-heading-44\" href=\"https:\/\/www.malagacar.com\/fr\/blog\/loisirs\/choses-a-faire-en-malaga-en-mars\/#Tagarnina_Journee_%E2%80%93_Villanueva_del_Rosario\" data-wpel-link=\"internal\">Tagarnina Journ\u00e9e &#8211; Villanueva del Rosario<\/a><\/li><li class='ez-toc-page-1 ez-toc-heading-level-3'><a class=\"ez-toc-link ez-toc-heading-45\" href=\"https:\/\/www.malagacar.com\/fr\/blog\/loisirs\/choses-a-faire-en-malaga-en-mars\/#Ragout_de_fenouil_Journee_%E2%80%93_Algatocin\" data-wpel-link=\"internal\">Rago\u00fbt de fenouil Journ\u00e9e &#8211; Algatoc\u00edn<\/a><\/li><\/ul><\/li><li class='ez-toc-page-1 ez-toc-heading-level-2'><a class=\"ez-toc-link ez-toc-heading-46\" href=\"https:\/\/www.malagacar.com\/fr\/blog\/loisirs\/choses-a-faire-en-malaga-en-mars\/#Le_temps_a_Malaga_en_Mars\" data-wpel-link=\"internal\">Le temps \u00e0 Malaga en Mars<\/a><\/li><\/ul><\/nav><\/div>\n<h2><span class=\"ez-toc-section\" id=\"Malaga_en_Mars_2026\"><\/span>Malaga en Mars 2026<span class=\"ez-toc-section-end\"><\/span><\/h2>\n<h3><span class=\"ez-toc-section\" id=\"Rassemblement_de_voitures_classiques_%E2%80%93_Fuengirola\"><\/span>Rassemblement de voitures classiques &#8211; Fuengirola<span class=\"ez-toc-section-end\"><\/span><\/h3>\n<p><img loading=\"lazy\" decoding=\"async\" class=\"alignnone size-full wp-image-19135\" src=\"https:\/\/www.malagacar.com\/sp\/blog\/wp-content\/uploads\/2026\/02\/coche-clasico.jpg\" alt=\"Concentraci\u00f3n de Coches Cl\u00e1sicos - Fuengirola\" width=\"1000\" height=\"665\" \/><\/p>\n<p>Le parc des expositions de Fuengirola accueillera le 1er Rallye de Voitures Classiques pour les passionn\u00e9s de v\u00e9hicules anciens le dimanche 22 mars.<\/p>\n<h4>Programme<\/h4>\n<p>Accueil des v\u00e9hicules participants (9h) ; d\u00e9fil\u00e9 et rafra\u00eechissements (11h) ; d\u00e9jeuner au parc des expositions (14h) ; remise du troph\u00e9e de la plus belle voiture de chaque cat\u00e9gorie d&rsquo;\u00e2ge (16h).<\/p>\n<p>Les recettes des inscriptions seront revers\u00e9es \u00e0 l&rsquo;AVOI (Association des Volontaires pour la Lutte contre le Cancer de l&rsquo;Enfant). Les frais d&rsquo;inscription sont de 10 \u20ac par voiture participante. Pour participer ou obtenir plus d&rsquo;informations, veuillez contacter les organisateurs par t\u00e9l\u00e9phone au +34 622 18 51 20.<\/p>\n<ul>\n<li>Quand : 22 mars<\/li>\n<li>O\u00f9 : Parc des expositions de Fuengirola<\/li>\n<li><a href=\"https:\/\/maps.app.goo.gl\/tygtuWsCqX1Y5Sj96\" data-wpel-link=\"external\" rel=\"external noopener noreferrer\"><strong>Comment s&rsquo;y rendre<\/strong><\/a><\/li>\n<\/ul>\n<h3><span class=\"ez-toc-section\" id=\"Festival_international_de_chant_choral_%E2%80%93_Antequera\"><\/span>Festival international de chant choral \u2013 Antequera<span class=\"ez-toc-section-end\"><\/span><\/h3>\n<p><img loading=\"lazy\" decoding=\"async\" class=\"alignnone size-large wp-image-19101\" src=\"https:\/\/www.malagacar.com\/sp\/blog\/wp-content\/uploads\/2026\/02\/Festival-Coral-Internacional-\u2013-Antequera-1024x535.jpg\" alt=\"Festival Coral Internacional \u2013 Antequera\" width=\"750\" height=\"392\" \/><\/p>\n<p>Si vous souhaitez un s\u00e9jour actif \u00e0 Malaga, pourquoi ne pas vous aventurer un peu plus \u00e0 l&rsquo;int\u00e9rieur des terres et visiter Antequera\u00a0? Cette ville historique de la province est \u00e9galement connue comme la \u00ab\u00a0Cit\u00e9 des \u00c9glises\u00a0\u00bb car elle compte plus de 30 \u00e9glises et couvents.<\/p>\n<p>Du 12 au 16 mars, \u00e0 la Coll\u00e9giale royale Santa Mar\u00eda la Mayor et dans d&rsquo;autres lieux embl\u00e9matiques de la ville, vous pourrez appr\u00e9cier des concerts de musique chorale \u00e0 l&rsquo;occasion du Festival international de chant choral \u00ab\u00a0Cantaquera\u00a0\u00bb 2026.<\/p>\n<p>Cet \u00e9v\u00e9nement r\u00e9unira treize chorales issues de dix pays diff\u00e9rents, qui empliront de musique certains des lieux les plus embl\u00e9matiques de la ville.<\/p>\n<p>De grandes chorales d&rsquo;enfants, de jeunes et d&rsquo;adultes seront pr\u00e9sentes, venant d&rsquo;Estonie, d&rsquo;Irlande, de Lettonie, de Norv\u00e8ge, du Portugal, de Porto Rico, de Slov\u00e9nie, de Su\u00e8de et de Turquie.<\/p>\n<ul>\n<li>Informations <a href=\"https:\/\/www.interkultur.com\/events\/2026\/antequera\" data-wpel-link=\"external\" rel=\"external noopener noreferrer\"><strong>compl\u00e9mentaires et r\u00e9servations<\/strong><\/a><\/li>\n<li>Dates : du 12 au 16 mars<\/li>\n<li>Lieu : Antequera<\/li>\n<li><a href=\"https:\/\/maps.app.goo.gl\/T6DeFLetNJuPScGN9\" data-wpel-link=\"external\" rel=\"external noopener noreferrer\"><strong>Comment s\u2019y rendre<\/strong><\/a><\/li>\n<\/ul>\n<h3><span class=\"ez-toc-section\" id=\"%C2%AB_Les_samedis_magiques_%C2%BB_%E2%80%93_Fuengirola\"><\/span>\u00ab Les samedis magiques \u00bb \u2013 Fuengirola<span class=\"ez-toc-section-end\"><\/span><\/h3>\n<p><img loading=\"lazy\" decoding=\"async\" class=\"alignnone wp-image-19102\" src=\"https:\/\/www.malagacar.com\/sp\/blog\/wp-content\/uploads\/2026\/02\/\u2018Sabados-Magicos-\u2013-Fuengirola.jpg\" alt=\"\u2018S\u00e1bados M\u00e1gicos\u2019 \u2013 Fuengirola\" width=\"507\" height=\"715\" \/><\/p>\n<p>L&rsquo;aire de jeux pour enfants situ\u00e9e \u00e0 c\u00f4t\u00e9 du centre commercial Miramar accueillera des spectacles de magie gratuits pour toute la famille un samedi par mois. Le premier spectacle aura lieu le 7 mars \u00e0 midi.<\/p>\n<p>Ces spectacles de magie seront des performances dynamiques et interactives con\u00e7ues pour surprendre et divertir petits et grands.<\/p>\n<ul>\n<li>Dates : 7 mars, 4 avril, 23 mai et 13 juin<\/li>\n<li>Lieu : Parque del Pulpo, Fuengirola<\/li>\n<li><a href=\"https:\/\/maps.app.goo.gl\/Jfb1aPaXgTtngQNFA\" data-wpel-link=\"external\" rel=\"external noopener noreferrer\"><strong>Comment s&rsquo;y rendre<\/strong><\/a><\/li>\n<\/ul>\n<h3><span class=\"ez-toc-section\" id=\"%C2%AB_Cap_sur_le_port%C2%BB_%E2%80%93_Benalmadena\"><\/span>\u00ab Cap sur le port\u00bb &#8211; Benalmadena<span class=\"ez-toc-section-end\"><\/span><\/h3>\n<p><img loading=\"lazy\" decoding=\"async\" class=\"alignnone size-full wp-image-19097\" src=\"https:\/\/www.malagacar.com\/sp\/blog\/wp-content\/uploads\/2026\/02\/Puerto-benalmadena.jpg\" alt=\"Puerto benalmadena\" width=\"1000\" height=\"669\" \/><\/p>\n<p>Sous l&rsquo;appellation \u00ab\u00a0Cap sur le port\u00a0\u00bb, profitez d&rsquo;un large \u00e9ventail d&rsquo;activit\u00e9s gratuites en plein air dans le port de plaisance prim\u00e9 de Benalm\u00e1dena au cours des deux prochains mois.<\/p>\n<p>En mars et avril, des activit\u00e9s pour tous les \u00e2ges seront propos\u00e9es\u00a0: concerts, ateliers pour enfants, spectacles familiaux, DJ sets et le traditionnel march\u00e9 artisanal \u00ab\u00a0Puerto Market\u00a0\u00bb les week-ends.<\/p>\n<h4>Programme<\/h4>\n<p>\u2022 Beatlemania | 7 et 8 mars. Un hommage au groupe britannique l\u00e9gendaire, les Beatles. Au programme\u00a0: DJ sets de Jil Jilala DJ et performances de Silver Beats, un groupe hommage renomm\u00e9 aux Fab Four.<br \/>\n\u2022 Kiddy Rock | 14 mars. Pour les plus petits\u00a0: ateliers, contes et concerts en famille.<br \/>\n\u2022 Week-end Ann\u00e9es 80 | 21 mars. Un marathon de concerts avec notamment Se\u00f1or Mirinda, 90 Roll et un concert exceptionnel des Toreros Muertos, groupe embl\u00e9matique des ann\u00e9es 80 men\u00e9 par Pablo Carbonell.<br \/>\n\u2022 Malagueo Cool (Indiecool) | 11 avril. Avec des sets de DJ Felipe et des concerts de Sike et \u00c9xtasis.<br \/>\n\u2022 Festival de Printemps | 18 avril<br \/>\n\u2022 Concert de La Habitaci\u00f3n Roja | 25 avril<\/p>\n<ul>\n<li>Quand : Mars et avril<\/li>\n<li>O\u00f9 : Puerto Marina, Benalm\u00e1dena<\/li>\n<li><a href=\"https:\/\/maps.app.goo.gl\/ReVF6HX5cEATiNh8A\" data-wpel-link=\"external\" rel=\"external noopener noreferrer\"><strong>Comment s&rsquo;y rendre<\/strong><\/a><\/li>\n<\/ul>\n<h3><span class=\"ez-toc-section\" id=\"Comedie_musicale_%C2%AB_Le_voleur_dArabie_Un_hommage_a_Aladdin_%C2%BB_%E2%80%93_Estepona\"><\/span>Com\u00e9die musicale \u00ab Le voleur d\u2019Arabie. Un hommage \u00e0 Aladdin \u00bb\u00a0&#8211; Estepona<span class=\"ez-toc-section-end\"><\/span><\/h3>\n<p><img loading=\"lazy\" decoding=\"async\" class=\"alignnone wp-image-19083\" src=\"https:\/\/www.malagacar.com\/sp\/blog\/wp-content\/uploads\/2026\/02\/Ladron-de-Arabia-Estepona.jpg\" alt=\"Tributo a Aladd\u00edn\u2019 - Estepona\" width=\"503\" height=\"722\" \/><\/p>\n<p>L&rsquo;auditorium Felipe VI d&rsquo;Estepona accueillera le 8 mars \u00e0 17h un hommage musical \u00e0 Aladdin, \u00ab Le Voleur d&rsquo;Arabie \u00bb.<\/p>\n<p>Venez d\u00e9couvrir cette version du classique du Moyen-Orient, pr\u00e9sent\u00e9e par la compagnie Onbeat et inspir\u00e9e des com\u00e9dies musicales de Broadway.<\/p>\n<ul>\n<li><a href=\"https:\/\/teatroestepona.com\/event\/el-ladron-de-arabia\/\" data-wpel-link=\"external\" rel=\"external noopener noreferrer\"><strong>Billets<\/strong><\/a><\/li>\n<li>Quand : 8 mars \u00e0 17h<\/li>\n<li>O\u00f9 : Th\u00e9\u00e2tre-auditorium Felipe VI, Estepona<\/li>\n<li><a href=\"https:\/\/teatroestepona.com\/event\/el-ladron-de-arabia\/\" data-wpel-link=\"external\" rel=\"external noopener noreferrer\"><strong>Comment s&rsquo;y rendre<\/strong><\/a><\/li>\n<\/ul>\n<h3><span class=\"ez-toc-section\" id=\"Opera_La_Traviata_%E2%80%93_Estepona\"><\/span>Op\u00e9ra La Traviata &#8211; Estepona<span class=\"ez-toc-section-end\"><\/span><\/h3>\n<p><img loading=\"lazy\" decoding=\"async\" class=\"alignnone wp-image-19084\" src=\"https:\/\/www.malagacar.com\/sp\/blog\/wp-content\/uploads\/2026\/02\/Opera-La-Traviata-Estepona.jpg\" alt=\"Opera La Traviata - Estepona\" width=\"500\" height=\"718\" \/><\/p>\n<p>Venez appr\u00e9cier l&rsquo;op\u00e9ra La Traviata, l&rsquo;un des plus c\u00e9l\u00e8bres de Giuseppe Verdi, le jeudi 5 mars \u00e0 19h au Th\u00e9\u00e2tre-Auditorium Felipe VI d&rsquo;Estepona.<\/p>\n<ul>\n<li><a href=\"https:\/\/teatroestepona.com\/event\/la-traviata-estepona-2026\/\" data-wpel-link=\"external\" rel=\"external noopener noreferrer\"><strong>Billets<\/strong><\/a><\/li>\n<li>Quand : 5 mars \u00e0 19h<\/li>\n<li>O\u00f9 : Th\u00e9\u00e2tre-auditorium Felipe VI, Estepona<\/li>\n<li><strong>Comment s&rsquo;y rendre<\/strong><\/li>\n<\/ul>\n<h3><span class=\"ez-toc-section\" id=\"Concours_national_des_meilleures_tapas_de_guacamole_%E2%80%93_Torremolinos\"><\/span>Concours national des meilleures tapas de guacamole &#8211; Torremolinos<span class=\"ez-toc-section-end\"><\/span><\/h3>\n<p><img loading=\"lazy\" decoding=\"async\" class=\"alignnone wp-image-19085\" src=\"https:\/\/www.malagacar.com\/sp\/blog\/wp-content\/uploads\/2026\/02\/Guacamole-Torremolinos.jpg\" alt=\"Concurso Nacional de la Mejor Tapa de Guacamole - Torremolinos\" width=\"498\" height=\"615\" \/><\/p>\n<p>Le 7 mars, venez assister \u00e0 la comp\u00e9tition des meilleurs restaurants de tapas au guacamole, qui opposera des \u00e9tablissements venus de toute l&rsquo;Espagne. L&rsquo;\u00e9v\u00e9nement se d\u00e9roulera au parc des expositions de Torremolinos, plus pr\u00e9cis\u00e9ment sur le stand \u00ab\u00a0La Biznaga\u00a0\u00bb.<\/p>\n<p>Phase pr\u00e9liminaire\u00a0: de 11h30 \u00e0 15h30 (10 finalistes seront s\u00e9lectionn\u00e9s) et grande finale\u00a0: \u00e0 partir de 18h30.<\/p>\n<ul>\n<li>Quand : 7 mars<\/li>\n<li>O\u00f9 : Parc des expositions de Torremolinos<\/li>\n<li><a href=\"https:\/\/maps.app.goo.gl\/NwoiKcxR9Doto7fL8\" data-wpel-link=\"external\" rel=\"external noopener noreferrer\"><strong>Comment s&rsquo;y rendre<\/strong><\/a><\/li>\n<\/ul>\n<h3><span class=\"ez-toc-section\" id=\"Reunion_Harley_Davidson_%E2%80%93_Benalmadena\"><\/span>R\u00e9union Harley Davidson\u00a0\u2013 Benalmadena<span class=\"ez-toc-section-end\"><\/span><\/h3>\n<p><img loading=\"lazy\" decoding=\"async\" class=\"alignnone size-full wp-image-19086\" src=\"https:\/\/www.malagacar.com\/sp\/blog\/wp-content\/uploads\/2026\/02\/harley-Benalmadena.jpg\" alt=\"Concentraci\u00f3n Harley Davidson \u2013 Benalm\u00e1dena\" width=\"393\" height=\"590\" \/><\/p>\n<p>Le parc des expositions Arroyo de la Miel \u00e0 Benalm\u00e1dena accueillera une nouvelle \u00e9dition du Harley-Davidson Rally du 20 au 22 mars, pour un week-end d\u00e9di\u00e9 \u00e0 la moto, \u00e0 la musique et \u00e0 la culture motarde. L&rsquo;entr\u00e9e est gratuite.<\/p>\n<p>Cet \u00e9v\u00e9nement, destin\u00e9 aux passionn\u00e9s de Harley, r\u00e9unira des motards venus de toute l&rsquo;Espagne dans une ambiance familiale et ouverte \u00e0 tous, avec un programme adapt\u00e9 \u00e0 tous les \u00e2ges.<\/p>\n<p>Des concerts de groupes locaux animeront le week-end, et une offre de restauration vari\u00e9e sera propos\u00e9e par des food trucks. Des stands d&rsquo;accessoires et autres articles seront \u00e9galement pr\u00e9sents.<\/p>\n<ul>\n<li>Informations et inscriptions pour les motards : <a href=\"mailto:info.hdcandalucia@gmail.com\"><strong>info.hdcandalucia@gmail.com<\/strong><\/a><\/li>\n<li>Dates\u00a0: du 20 au 22 mars<\/li>\n<li>Lieu : Parc des expositions de Benalm\u00e1dena<\/li>\n<li><a href=\"https:\/\/maps.app.goo.gl\/cZnegeYaXvnMqfRC9\" data-wpel-link=\"external\" rel=\"external noopener noreferrer\"><strong>Comment s&rsquo;y rendre<\/strong><\/a><\/li>\n<\/ul>\n<h3><span class=\"ez-toc-section\" id=\"St_Davids_Day_%E2%80%93_Benalmadena\"><\/span>St David\u2019s Day &#8211; Benalmadena<span class=\"ez-toc-section-end\"><\/span><\/h3>\n<p><img loading=\"lazy\" decoding=\"async\" class=\"alignnone wp-image-19078\" src=\"https:\/\/www.malagacar.com\/sp\/blog\/wp-content\/uploads\/2026\/02\/st-davids-Day-Benalmadena-724x1024.jpg\" alt=\"St David\u2019s Day - Benalm\u00e1dena\" width=\"571\" height=\"808\" \/><\/p>\n<p>La Plaza de la Mezquita de Benalm\u00e1dena accueillera la 15e \u00e9dition de la F\u00eate de la Saint-David. Cet \u00e9v\u00e9nement, qui c\u00e9l\u00e8bre la f\u00eate du saint patron du Pays de Galles, proposera des concerts.<\/p>\n<p>Plus pr\u00e9cis\u00e9ment, il aura lieu le 1er mars, \u00e0 partir de midi. Vous pourrez y appr\u00e9cier les performances de nombreux artistes : le chanteur gallois Scott Jones en tant qu&rsquo;invit\u00e9 sp\u00e9cial, ainsi que Mama Cath, Wayne Michaels, Chris Kidd, Cassie, Siobhan, Paige, Loz Carter, Rock &amp; Roll Brothers, Sandy, Megzy, Boogie Wonderland, Gordon Williams, Wayne Ward, Lucy Pardoe et Alarna Love, entre autres.<\/p>\n<ul>\n<li>Quand : 1er mars, \u00e0 partir de midi<\/li>\n<li>O\u00f9 : Plaza de la Mezquita, Benalm\u00e1dena<\/li>\n<li><a href=\"https:\/\/maps.app.goo.gl\/HpseJP2JWERxUU5q6\" data-wpel-link=\"external\" rel=\"external noopener noreferrer\"><strong>Comment s&rsquo;y rendre<\/strong><\/a><\/li>\n<\/ul>\n<h3><span class=\"ez-toc-section\" id=\"Marbella_Design_Art_%E2%80%93_Marbella\"><\/span>Marbella Design &amp; Art \u2013 Marbella<span class=\"ez-toc-section-end\"><\/span><\/h3>\n<p><img loading=\"lazy\" decoding=\"async\" class=\"alignnone wp-image-18946\" src=\"https:\/\/www.malagacar.com\/sp\/blog\/wp-content\/uploads\/2025\/03\/Marbella-art-design.jpg\" alt=\"Marbella Design &amp; Art \u2013 Marbella\" width=\"499\" height=\"633\" \/><\/p>\n<p>D\u00e9couvrez \u00e0 Marbella une exposition exclusive qui fusionne art contemporain, design d&rsquo;int\u00e9rieur et innovation architecturale lors de la 8e \u00e9dition du Marbella Design &amp; Art Fair.<\/p>\n<p>Le Parc des Expositions de Marbella accueillera l&rsquo;\u00e9v\u00e9nement du 19 au 29 mars, sur une surface de plus de 3\u00a0000 m\u00e8tres carr\u00e9s. Plus de 50 espaces de design d&rsquo;int\u00e9rieur, con\u00e7us par des professionnels, pr\u00e9senteront des pi\u00e8ces de plus de 150 marques de luxe.<\/p>\n<p>Au programme \u00e9galement\u00a0: installations artistiques, conf\u00e9rences, ateliers, masterclasses et espaces gastronomiques raffin\u00e9s, con\u00e7us par des designers d&rsquo;int\u00e9rieur, proposant une cuisine gastronomique.<\/p>\n<ul>\n<li><a href=\"https:\/\/marbelladesignart.com\/\" data-wpel-link=\"external\" rel=\"external noopener noreferrer\"><strong>Billets<\/strong><\/a><\/li>\n<li>Dates : du 19 au 29 mars<\/li>\n<li>O\u00f9 : Parc des expositions de Marbella<\/li>\n<li><a href=\"https:\/\/maps.app.goo.gl\/n2cqhhPPjAeXdi9e7\" data-wpel-link=\"external\" rel=\"external noopener noreferrer\"><strong>Comment s&rsquo;y rendre<\/strong><\/a><\/li>\n<\/ul>\n<h3><span class=\"ez-toc-section\" id=\"Le_Cirque_Maudit_%E2%80%93_Malaga\"><\/span>Le Cirque Maudit &#8211; Malaga<span class=\"ez-toc-section-end\"><\/span><\/h3>\n<p><img loading=\"lazy\" decoding=\"async\" class=\"alignnone wp-image-19033\" src=\"https:\/\/www.malagacar.com\/sp\/blog\/wp-content\/uploads\/2026\/02\/circo-maldito-819x1024.jpg\" alt=\"El Circo Maldito - M\u00e1laga\" width=\"584\" height=\"731\" \/><\/p>\n<p>Pr\u00e9parez-vous \u00e0 une exp\u00e9rience hors du commun au Cirque Maudit, le spectacle le plus terrifiant, sexy et divertissant de l&rsquo;ann\u00e9e. Ce spectacle, pr\u00e9sent\u00e9 sous un immense chapiteau, est strictement interdit aux moins de 16 ans et recommand\u00e9 aux plus de 18 ans. Oserez-vous ?<\/p>\n<ul>\n<li><a href=\"https:\/\/circomaldito.show\/\" data-wpel-link=\"external\" rel=\"external noopener noreferrer\"><strong>Informations et billets<\/strong><\/a><\/li>\n<li>Dates : du 21 f\u00e9vrier au 7 mars<\/li>\n<li>O\u00f9 : Parc des expositions de Malaga<\/li>\n<li><a href=\"https:\/\/maps.app.goo.gl\/fCkvbAD1o4XahXxBA\" data-wpel-link=\"external\" rel=\"external noopener noreferrer\"><strong>Comment s\u2019y rendre<\/strong><\/a><\/li>\n<\/ul>\n<h3><span class=\"ez-toc-section\" id=\"Cirque_des_Lumieres_%E2%80%93_Malaga\"><\/span>Cirque des Lumi\u00e8res \u2013 Malaga<span class=\"ez-toc-section-end\"><\/span><\/h3>\n<p><img loading=\"lazy\" decoding=\"async\" class=\"alignnone size-large wp-image-18941\" src=\"https:\/\/www.malagacar.com\/sp\/blog\/wp-content\/uploads\/2026\/01\/circo-de-la-luz-malaga-1024x531.jpg\" alt=\"Circo de la Luz \u2013 M\u00e1laga\" width=\"750\" height=\"389\" \/><\/p>\n<p>Vivez une exp\u00e9rience de cirque unique en son genre avec ce spectacle. Le Cirque des Lumi\u00e8res s&rsquo;inspire des plus beaux spectacles de lumi\u00e8re au monde et m\u00eale cirque, magie et technologie.<\/p>\n<p>Au programme\u00a0: acrobates de haut niveau, animaux lumineux biom\u00e9caniques, effets technologiques immersifs et chor\u00e9graphies laser.<\/p>\n<p>Visitez leur site officiel pour d\u00e9couvrir ce qui vous attend dans ce spectacle exceptionnel.<\/p>\n<ul>\n<li><a href=\"https:\/\/circoalegria.es\/\" data-wpel-link=\"external\" rel=\"external noopener noreferrer\"><strong>Billets<\/strong><\/a><\/li>\n<li>Dates : du 20 f\u00e9vrier au 8 mars 2026<\/li>\n<li>O\u00f9\u00a0: Parc des expositions Cortijo de Torres, Malaga<\/li>\n<li><a href=\"https:\/\/maps.app.goo.gl\/v29XKcG1W794JgJZ6\" data-wpel-link=\"external\" rel=\"external noopener noreferrer\"><strong>Comment s&rsquo;y rendre<\/strong><\/a><\/li>\n<\/ul>\n<h3><span class=\"ez-toc-section\" id=\"Samedis_du_vin_au_musee_%E2%80%93_Malaga\"><\/span>Samedis du vin au mus\u00e9e &#8211; Malaga<span class=\"ez-toc-section-end\"><\/span><\/h3>\n<p><img loading=\"lazy\" decoding=\"async\" class=\"alignnone size-large wp-image-16982\" src=\"https:\/\/www.malagacar.com\/sp\/blog\/wp-content\/uploads\/2025\/02\/sabados-de-vino-1024x534.jpg\" alt=\"S\u00e1bados de Vino en el Museo\" width=\"750\" height=\"391\" \/><\/p>\n<p>Le <a href=\"https:\/\/www.malagacar.com\/fr\/blog\/loisirs\/meilleurs-musees-malaga\/#Musee_du_Vin\" data-wpel-link=\"internal\"><strong>mus\u00e9e du vin<\/strong><\/a>, situ\u00e9 dans le centre historique de Malaga, organisera plusieurs \u00ab samedis du vin \u00bb au cours des prochains mois. Il s&rsquo;agit d&rsquo;une activit\u00e9 destin\u00e9e \u00e0 tous ceux qui s&rsquo;int\u00e9ressent au monde du vin.<\/p>\n<p>Vous apprendrez \u00e0 conna\u00eetre les vins d&rsquo;appellation d&rsquo;origine de Malaga et les caves qui les produisent. D\u00e9gustations incluses, bien s\u00fbr !<\/p>\n<ul>\n<li>Plus d&rsquo;<a href=\"https:\/\/museovinomalaga.com\/categoria-producto\/oferta-formativa\/\" data-wpel-link=\"external\" rel=\"external noopener noreferrer\"><strong>informations et r\u00e9servations<\/strong><\/a><\/li>\n<li><a href=\"https:\/\/maps.app.goo.gl\/oiqPT8aHPtPWKwLG7\" data-wpel-link=\"external\" rel=\"external noopener noreferrer\"><strong>Comment s&rsquo;y rendre<\/strong><\/a><\/li>\n<\/ul>\n<h3><span class=\"ez-toc-section\" id=\"Visite_nocturne_du_cimetiere_anglais_%E2%80%93_Malaga\"><\/span>Visite nocturne du cimeti\u00e8re anglais &#8211; Malaga<span class=\"ez-toc-section-end\"><\/span><\/h3>\n<p><img loading=\"lazy\" decoding=\"async\" class=\"alignnone wp-image-16313\" src=\"https:\/\/www.malagacar.com\/sp\/blog\/wp-content\/uploads\/2024\/10\/Visita-nocturna-cementerio-ingles-1024x966.jpg\" alt=\"Visita nocturna al Cementerio Ingl\u00e9s - M\u00e1laga\" width=\"734\" height=\"692\" \/><\/p>\n<p>Osez d\u00e9couvrir tous les secrets cach\u00e9s dans cette visite nocturne th\u00e9\u00e2tralis\u00e9e du cimeti\u00e8re anglais historique. Les personnalit\u00e9s qui y reposent prennent vie et vous racontent leurs histoires int\u00e9ressantes.<\/p>\n<p>La visite dure 1 heure et demie. Nombre de places limit\u00e9 jusqu&rsquo;\u00e0 \u00e9puisement de la capacit\u00e9.<\/p>\n<ul>\n<li><a href=\"https:\/\/historiavivamalaga.es\/visitas-teatralizadas-en-malaga\/cementerio-ingles-en-malaga\/?_gl=1*1qg529*_up*MQ..*_ga*NzIzNDMzNDQ4LjE3NTk3MzgwNTg.*_ga_YKXC5BWRQG*czE3NTk3MzgwNTckbzEkZzAkdDE3NTk3MzgwNTckajYwJGwwJGgw*_ga_MZ8MMM82Y1*czE3NTk3MzgwNTgkbzEkZzAkdDE3NTk3MzgwNTgkajYwJGwwJGgw\" data-wpel-link=\"external\" rel=\"external noopener noreferrer\"><strong>Plus d&rsquo;informations et billets<\/strong><\/a><\/li>\n<li>O\u00f9 : Cementerio Ingl\u00e9s, M\u00e1laga<\/li>\n<li><a href=\"https:\/\/maps.app.goo.gl\/vKia4xamSXpDjeyf6\" data-wpel-link=\"external\" rel=\"external noopener noreferrer\"><strong>Comment s&rsquo;y rendre<\/strong><\/a><\/li>\n<\/ul>\n<h3><span class=\"ez-toc-section\" id=\"Visite_theatrale_de_la_grotte_aux_tresors_%E2%80%93_Rincon_de_la_Victoria\"><\/span>Visite th\u00e9\u00e2trale de la grotte aux tr\u00e9sors &#8211; Rinc\u00f3n de la Victoria<span class=\"ez-toc-section-end\"><\/span><\/h3>\n<p><img loading=\"lazy\" decoding=\"async\" class=\"size-large wp-image-7849\" src=\"https:\/\/www.malagacar.com\/sp\/blog\/wp-content\/uploads\/2020\/03\/cueva-del-tesoro-1024x625.jpg\" alt=\"cueva del tesoro\" width=\"750\" height=\"458\" \/><\/p>\n<p>Remontez le temps et d\u00e9couvrez l&rsquo;histoire et les myst\u00e8res de la d\u00e9couverte de la Grotte au Tr\u00e9sor. Visites th\u00e9\u00e2tralis\u00e9es d&rsquo;une heure \u00e0 travers les diff\u00e9rentes galeries de la grotte.<\/p>\n<p>R\u00e9servation obligatoire pour cette activit\u00e9 via <a href=\"https:\/\/entradas.turismoenrincon.es\/\" data-wpel-link=\"external\" rel=\"external noopener noreferrer\"><strong>ce lien<\/strong><\/a>.<\/p>\n<ul>\n<li>Prochaines dates : 30 novembre I 28 d\u00e9cembre<\/li>\n<li>O\u00f9 : Grotte au tr\u00e9sor &#8211; Rinc\u00f3n de la Victoria<\/li>\n<li><a href=\"https:\/\/maps.app.goo.gl\/3sX5qj8EcDRxP7R37\" data-wpel-link=\"external\" rel=\"external noopener noreferrer\"><strong>Comment s&rsquo;y rendre<\/strong><\/a><\/li>\n<\/ul>\n<h3><span class=\"ez-toc-section\" id=\"Degustation_de_bieres_artisanales_%E2%80%93_Malaga\"><\/span>D\u00e9gustation de bi\u00e8res artisanales &#8211; Malaga<span class=\"ez-toc-section-end\"><\/span><\/h3>\n<p><img loading=\"lazy\" decoding=\"async\" class=\"alignnone size-large wp-image-18579\" src=\"https:\/\/www.malagacar.com\/sp\/blog\/wp-content\/uploads\/2024\/11\/Cata-de-cervezas-artesanas-1024x541.jpg\" alt=\"Cata de cervezas artesanas - M\u00e1laga\" width=\"750\" height=\"396\" \/><\/p>\n<p>Dans le \u00ab\u00a0quartier artistique\u00a0\u00bb branch\u00e9 de Soho, au c\u0153ur de Malaga, vous pouvez vous inscrire \u00e0 une d\u00e9gustation de bi\u00e8res artisanales. Plus pr\u00e9cis\u00e9ment \u00e0 La F\u00e1brica de Cerveza Cruzcampo, qui allie production de bi\u00e8res artisanales, bar, gastronomie et musique live.<\/p>\n<ul>\n<li>Plus d\u2019<a href=\"https:\/\/lafabricadecerveza.com\/experiencias-malaga\/\" data-wpel-link=\"external\" rel=\"external noopener noreferrer\"><strong>informations et r\u00e9servations<\/strong><\/a><\/li>\n<li>O\u00f9\u00a0: La F\u00e1brica, Malaga<\/li>\n<li><a href=\"https:\/\/maps.app.goo.gl\/D5DHHYApRd3cjeW37\" data-wpel-link=\"external\" rel=\"external noopener noreferrer\"><strong>Comment s\u2019y rendre<\/strong><\/a><\/li>\n<\/ul>\n<h3><span class=\"ez-toc-section\" id=\"Route_des_ammonites_%E2%80%93_Torcal_de_Antequera\"><\/span>Route des ammonites &#8211; Torcal de Antequera<span class=\"ez-toc-section-end\"><\/span><\/h3>\n<p><a href=\"https:\/\/www.malagacar.com\/blog\/wp-content\/uploads\/2021\/07\/ammonite.jpg\" data-wpel-link=\"internal\"><img loading=\"lazy\" decoding=\"async\" class=\"alignnone wp-image-10589 size-full\" src=\"https:\/\/www.malagacar.com\/blog\/wp-content\/uploads\/2021\/07\/ammonite.jpg\" alt=\"ammonite\" width=\"1200\" height=\"653\" \/><\/a><\/p>\n<p>Avez-vous d\u00e9j\u00e0 visit\u00e9 le spectaculaire parc naturel du <a href=\"https:\/\/www.malagacar.com\/fr\/blog\/loisirs\/torcal-de-antequera\/\" data-wpel-link=\"internal\"><strong>Torcal de Antequera<\/strong> <\/a>? Si vous ne connaissez pas encore cette fantastique formation karstique, vous pouvez vous inscrire \u00e0 cette visite guid\u00e9e pour d\u00e9couvrir les magnifiques ammonites (mollusques fossilis\u00e9s) \u00e0 plus de mille m\u00e8tres au-dessus de la mer.<\/p>\n<p>Au cours des prochains mois, plusieurs dates seront disponibles pendant les week-ends pour profiter de cette randonn\u00e9e interpr\u00e9tative dans le parc naturel du Torcal de Antequera.<\/p>\n<ul>\n<li>Dur\u00e9e : de 10h30 \u00e0 13h30 3 heures. Longueur : environ 4,5 km. Difficult\u00e9 : Moyenne-faible (d\u00e9conseill\u00e9 aux personnes souffrant de blessures au genou, \u00e0 la hanche ou \u00e0 la cheville, ainsi qu&rsquo;aux personnes \u00e2g\u00e9es de moins de 6 ans).<\/li>\n<li>Plus d&rsquo;<a href=\"https:\/\/www.torcaldeantequera.com\/rutas\/visitas-guiadas\/ruta-los-ammonites\/\" data-wpel-link=\"external\" rel=\"external noopener noreferrer\"><strong>informations et billets<\/strong><\/a><\/li>\n<li><a href=\"https:\/\/maps.app.goo.gl\/Cm8CEBikitzXGEWN9\" data-wpel-link=\"external\" rel=\"external noopener noreferrer\"><strong>Comment s&rsquo;y rendre<\/strong><\/a><\/li>\n<\/ul>\n<h3><span class=\"ez-toc-section\" id=\"Semi-marathon_%E2%80%93_Malaga\"><\/span>Semi-marathon &#8211; Malaga<span class=\"ez-toc-section-end\"><\/span><\/h3>\n<p><img loading=\"lazy\" decoding=\"async\" class=\"alignnone wp-image-16891\" src=\"https:\/\/www.malagacar.com\/sp\/blog\/wp-content\/uploads\/2024\/02\/media-mararton.jpg\" alt=\"Media Marat\u00f3n - M\u00e1laga\" width=\"666\" height=\"663\" \/><\/p>\n<p>Le semi-marathon de la ville de Malaga aura lieu le dimanche 15 mars.<\/p>\n<p>La distance \u00e0 parcourir sera de 21,097 km sur un circuit homologu\u00e9, auquel toute personne peut participer, qu&rsquo;elle soit f\u00e9d\u00e9r\u00e9e ou non, \u00e0 condition d&rsquo;\u00eatre \u00e2g\u00e9e de 18 ans le jour de la course.<\/p>\n<ul>\n<li><a href=\"https:\/\/www.mediamaratonmalaga.com\/\" data-wpel-link=\"external\" rel=\"external noopener noreferrer\"><strong> Informations compl\u00e9mentaires et inscription <\/strong><\/a><\/li>\n<\/ul>\n<h3><span class=\"ez-toc-section\" id=\"Concerts_Candelight_%E2%80%93_Malaga\"><\/span>Concerts Candelight &#8211; Malaga<span class=\"ez-toc-section-end\"><\/span><\/h3>\n<p><a href=\"https:\/\/www.malagacar.com\/sp\/blog\/wp-content\/uploads\/2020\/01\/IMG_20211122_083656_009.jpg\" data-wpel-link=\"internal\"><img loading=\"lazy\" decoding=\"async\" class=\"alignnone wp-image-10160\" src=\"https:\/\/www.malagacar.com\/sp\/blog\/wp-content\/uploads\/2020\/01\/IMG_20211122_083656_009-768x1024.jpg\" alt=\"\" width=\"452\" height=\"602\" \/><\/a><\/p>\n<p>Dans la salle de concert Mar\u00eda Cristina, un monast\u00e8re franciscain du XVe si\u00e8cle situ\u00e9 au c\u0153ur de Malaga, \u00e0 l&rsquo;acoustique exceptionnelle et \u00e0 la beaut\u00e9 unique.<\/p>\n<p>R\u00e9cemment, de plus en plus de lieux uniques de Malaga se sont joints \u00e0 cette exp\u00e9rience, comme le mus\u00e9e Carmen Thyssen et maintenant le Gran Hotel Miramar.<\/p>\n<p>Nous vous recommandons personnellement cette exp\u00e9rience de concerts classiques et d&rsquo;hommages \u00e0 la lumi\u00e8re des bougies.<\/p>\n<h4>Programme Mars<\/h4>\n<p><strong>Hommage \u00e0 Hans Zimmer<\/strong> au Gran Hotel Miramar, les 1er, 8 et 21 mars<br \/>\n<strong>Anneaux et Dragons<\/strong> au Gran Hotel Miramar, le 1er mars<br \/>\n<strong>Hommage \u00e0 ABBA<\/strong> au Gran Hotel Miramar, le 8 mars<br \/>\n<strong>Les Quatre Saisons de Vivaldi<\/strong> au Gran H\u00f4tel Miramar, le 15 mars<br \/>\n<strong>Hommage \u00e0 Queen &amp; The Beatles<\/strong> au Gran Hotel Miramar, les 15 et 21 mars<br \/>\n<strong>Ed Sheeran contre Coldplay<\/strong> \u00e0 la Sala Mar\u00eda Cristina, le 19 mars<br \/>\n<strong>Coldplay &amp; Imagine Dragons<\/strong> \u00e0 Sala Mar\u00eda Cristina, le 19 mars<br \/>\n<strong>Bandes originales de films magiques<\/strong> \u00e0 la Sala Mar\u00eda Cristina, le 20 mars<br \/>\n<strong>Hommage \u00e0 Ludovico Einaudi<\/strong> \u00e0 la Sala Mar\u00eda Cristina, le 20 mars<br \/>\n<strong>Hommage \u00e0 Coldplay<\/strong> au Gran Hotel Miramar, le 29 mars<br \/>\n<strong>Le meilleur d&rsquo;Ennio Morricone<\/strong> au Gran Hotel Miramar, le 29 mars<\/p>\n<ul>\n<li>Billets \u00e0 <a href=\"https:\/\/feverup.com\/malaga\/candlelight?utm_content=candlelight&amp;utm_source=malagasecreta&amp;utm_medium=post&amp;utm_term=cta3\" data-wpel-link=\"external\" rel=\"external noopener noreferrer\"><strong>Feverup<\/strong><\/a><\/li>\n<li>O\u00f9 : <a href=\"https:\/\/maps.app.goo.gl\/BACwA2S7rGRWoCWWA\" data-wpel-link=\"external\" rel=\"external noopener noreferrer\"><strong>Sala de Conciertos Mar\u00eda Cristina<\/strong><\/a>, <a href=\"https:\/\/maps.app.goo.gl\/fL8iZoUwDAsAEMzL8\" data-wpel-link=\"external\" rel=\"external noopener noreferrer\"><strong>Museo Carmen Thyssen,<\/strong><\/a> <a href=\"https:\/\/maps.app.goo.gl\/72v8MZ3kaGEw7Kc17\" data-wpel-link=\"external\" rel=\"external noopener noreferrer\"><strong>Gran Hotel Miramar<\/strong><\/a><\/li>\n<\/ul>\n<h3><span class=\"ez-toc-section\" id=\"Festival_du_film_%E2%80%93_Malaga\"><\/span>Festival du film &#8211; Malaga<span class=\"ez-toc-section-end\"><\/span><\/h3>\n<p><img loading=\"lazy\" decoding=\"async\" class=\"alignnone size-large wp-image-18949\" src=\"https:\/\/www.malagacar.com\/sp\/blog\/wp-content\/uploads\/2025\/03\/Festival-de-Malaga-1024x546.jpg\" alt=\"Festival de Malaga\" width=\"750\" height=\"400\" \/><\/p>\n<p>Le Festival international du film de Malaga est un festival annuel qui se tient dans la ville et pr\u00e9sente les plus importantes avant-premi\u00e8res du cin\u00e9ma espagnol, des documentaires et des courts m\u00e9trages. Il d\u00e9cerne \u00e9galement des prix aux meilleurs films de l&rsquo;ann\u00e9e, rend hommage \u00e0 diverses personnalit\u00e9s du cin\u00e9ma et organise de nombreux cycles de films, expositions et autres activit\u00e9s.<\/p>\n<p>Le Festival international du film de Malaga est la plateforme et l&rsquo;\u00e9v\u00e9nement phare du cin\u00e9ma espagnol. Il attire un large public et b\u00e9n\u00e9ficie d&rsquo;une importante couverture m\u00e9diatique.<\/p>\n<p>Le festival se d\u00e9roule dans diff\u00e9rents lieux de la ville de Malaga. Des projections sont organis\u00e9es quotidiennement au Th\u00e9\u00e2tre Cervantes, au Th\u00e9\u00e2tre Echegaray et au Cin\u00e9ma Alb\u00e9niz.<\/p>\n<figure id=\"attachment_8961\" aria-describedby=\"caption-attachment-8961\" style=\"width: 620px\" class=\"wp-caption alignnone\"><a href=\"https:\/\/www.malagacar.com\/blog\/wp-content\/uploads\/2020\/02\/Alfombra-roja-Gala-Inaugural-festival-malaga.jpg\" data-wpel-link=\"internal\"><img loading=\"lazy\" decoding=\"async\" class=\" wp-image-8961\" src=\"https:\/\/www.malagacar.com\/blog\/wp-content\/uploads\/2020\/02\/Alfombra-roja-Gala-Inaugural-festival-malaga-1024x683.jpg\" alt=\"festival cine m\u00e1laga\" width=\"620\" height=\"413\" \/><\/a><figcaption id=\"caption-attachment-8961\" class=\"wp-caption-text\">Tapis rouge au gala d&rsquo;ouverture du festival du film de Malaga<\/figcaption><\/figure>\n<ul>\n<li><a href=\"https:\/\/festivaldemalaga.com\/\" data-wpel-link=\"external\" rel=\"external noopener noreferrer\"><strong> Site web de l&rsquo;\u00e9v\u00e9nement <\/strong><\/a><\/li>\n<li>Quand : Du 6 au 15 mars<\/li>\n<li>O\u00f9 : M\u00e1laga. Les projections ont lieu \u00e0 <a href=\"https:\/\/goo.gl\/maps\/ZaMnMDTWmb7e4eBh7\" data-wpel-link=\"external\" rel=\"external noopener noreferrer\"><strong>Teatro Cervantes<\/strong><\/a>, <a href=\"https:\/\/goo.gl\/maps\/pkGP6nUrZiTBN3xF8\" data-wpel-link=\"external\" rel=\"external noopener noreferrer\"><strong>Teatro Echegaray<\/strong><\/a> et <a href=\"https:\/\/goo.gl\/maps\/ihrJ1umLUTenXs1ZA\" data-wpel-link=\"external\" rel=\"external noopener noreferrer\"><strong>Cine Alb\u00e9niz<\/strong><\/a>.<\/li>\n<\/ul>\n<h3><span class=\"ez-toc-section\" id=\"Aeternum_Musique_sacree_du_monde_%E2%80%93_Malaga\"><\/span>Aeternum (Musique sacr\u00e9e du monde) \u2013 Malaga<span class=\"ez-toc-section-end\"><\/span><\/h3>\n<p><img loading=\"lazy\" decoding=\"async\" class=\"alignnone wp-image-19002\" src=\"https:\/\/www.malagacar.com\/sp\/blog\/wp-content\/uploads\/2025\/03\/Aeternum-2026.jpg\" alt=\"Aeternum (M\u00fasicas sacras del Mundo) \u2013 M\u00e1laga\" width=\"602\" height=\"602\" \/><\/p>\n<p>Aeternum, lanc\u00e9 en 2021, est un festival de musique sacr\u00e9e du monde entier, pr\u00e9sent\u00e9 durant la p\u00e9riode pr\u00e9c\u00e9dant la Semaine sainte.<\/p>\n<p>La sixi\u00e8me \u00e9dition se d\u00e9roulera du 21 au 28 mars dans les chapelles de l&rsquo;\u00e9cole Sagrada Familia El Monte, le <a href=\"https:\/\/www.malagacar.com\/fr\/blog\/loisirs\/curieux-cimetieres-malaga\/#Cimetiere_San_Miguel_Malaga\" data-wpel-link=\"internal\"><strong>cimeti\u00e8re historique San Miguel<\/strong><\/a>, le <a href=\"https:\/\/www.malagacar.com\/fr\/blog\/loisirs\/curieux-cimetieres-malaga\/#Cimetiere_anglais_Malaga\" data-wpel-link=\"internal\"><strong>cimeti\u00e8re anglais<\/strong><\/a> et la salle de s\u00e9minaire du Conservatoire sup\u00e9rieur de musique de Malaga.<\/p>\n<ul>\n<li><a href=\"https:\/\/www.teatrocervantes.com\/es\/ciclos-y-festivales\/vi-aeternum-musicas-sacras-del-mundo\/\" data-wpel-link=\"external\" rel=\"external noopener noreferrer\"><strong>Informations compl\u00e9mentaires et billets<\/strong><\/a><\/li>\n<\/ul>\n<h3><span class=\"ez-toc-section\" id=\"St_Patricks_Day\"><\/span>St. Patrick&rsquo;s Day<span class=\"ez-toc-section-end\"><\/span><\/h3>\n<p><a href=\"https:\/\/www.malagacar.com\/blog\/wp-content\/uploads\/2020\/02\/st-patricks-day-1.jpg\" data-wpel-link=\"internal\"><img loading=\"lazy\" decoding=\"async\" class=\"alignnone wp-image-8965\" src=\"https:\/\/www.malagacar.com\/blog\/wp-content\/uploads\/2020\/02\/st-patricks-day-1.jpg\" alt=\"\" width=\"620\" height=\"414\" \/><\/a><\/p>\n<p>F\u00eate de la Saint-Patrick, le 17 mars.<\/p>\n<p>Bien qu&rsquo;il s&rsquo;agisse d&rsquo;une f\u00eate irlandaise, gr\u00e2ce au grand nombre d&rsquo;expatri\u00e9s et de visiteurs irlandais, les habitants de Malaga l&rsquo;ont adopt\u00e9e avec enthousiasme.<\/p>\n<h4>O\u00f9 la f\u00eate est-elle c\u00e9l\u00e9br\u00e9e ?<\/h4>\n<p>La f\u00eate est surtout c\u00e9l\u00e9br\u00e9e \u00e0 <strong>Benalmadena<\/strong>, sur la <a href=\"https:\/\/goo.gl\/maps\/rgTTDqWz66E6a2Vi8\" data-wpel-link=\"external\" rel=\"external noopener noreferrer\"><strong>Plaza de la Mezquita<\/strong><\/a>, et \u00e0 <strong>Marbella<\/strong>, dans le <a href=\"https:\/\/goo.gl\/maps\/dNhCA9N6BNZDwf2j6\" data-wpel-link=\"external\" rel=\"external noopener noreferrer\"><strong>Parque de la Constituci\u00f3n<\/strong><\/a>, avec de la musique, de la bi\u00e8re, de la nourriture et de nombreuses activit\u00e9s.<\/p>\n<p><strong>Torremolinos<\/strong> s&rsquo;est r\u00e9cemment jointe \u00e0 la f\u00eate, car cette destination populaire de la Costa del Sol compte un grand nombre de colons irlandais. La <a href=\"https:\/\/maps.app.goo.gl\/r5Kk5mJVnzNzBrLd9\" data-wpel-link=\"external\" rel=\"external noopener noreferrer\"><strong>Plaza de la Nogalera<\/strong><\/a> sera le th\u00e9\u00e2tre de la f\u00eate \u00e0 partir de midi, avec de la musique, de la danse et la meilleure gastronomie.<\/p>\n<ul>\n<li>Quand : 17 mars<\/li>\n<\/ul>\n<h2><span class=\"ez-toc-section\" id=\"Marches_de_rue_a_Malaga_en_mars\"><\/span>March\u00e9s de rue \u00e0 Malaga en mars<span class=\"ez-toc-section-end\"><\/span><\/h2>\n<h3><span class=\"ez-toc-section\" id=\"City_Market_%E2%80%93_Malaga\"><\/span>City Market \u2013 Malaga<span class=\"ez-toc-section-end\"><\/span><\/h3>\n<p><img loading=\"lazy\" decoding=\"async\" class=\"alignnone wp-image-19073\" src=\"https:\/\/www.malagacar.com\/sp\/blog\/wp-content\/uploads\/2026\/02\/city-market-768x1024.jpg\" alt=\"City Market \u2013 M\u00e1laga\" width=\"532\" height=\"709\" \/><\/p>\n<p>Venez d\u00e9couvrir le plus grand et le plus color\u00e9 march\u00e9 de rue de la province, avec des activit\u00e9s pour toute la famille.<\/p>\n<p>Le c\u00e9l\u00e8bre March\u00e9 de la Ville revient pour sa 5e \u00e9dition au Forum de Malaga, avec plus de 50 stands proposant artisanat, bijoux, disques, cadeaux et bien plus encore. Au programme \u00e9galement\u00a0: spectacles, food trucks, espace enfants, animations, d\u00e9fil\u00e9s, activit\u00e9s et ateliers. Les chiens sont les bienvenus.<\/p>\n<p>Entr\u00e9e\u00a0: 1\u00a0\u20ac en pr\u00e9vente ou 3\u00a0\u20ac sur place.<\/p>\n<ul>\n<li><a href=\"https:\/\/www.eventbrite.es\/e\/city-market-primavera-14-marzo-2026-tickets-1983155418241\" data-wpel-link=\"external\" rel=\"external noopener noreferrer\"><strong>Billets en pr\u00e9vente<\/strong><\/a><\/li>\n<li>Quand : 14 mars, de 10h \u00e0 20h<\/li>\n<li>O\u00f9 : Forum de Malaga, Malaga<\/li>\n<li><a href=\"https:\/\/maps.app.goo.gl\/Ckk95C79tV2NYrsPA\" data-wpel-link=\"external\" rel=\"external noopener noreferrer\"><strong>Comment s&rsquo;y rendre<\/strong><\/a><\/li>\n<\/ul>\n<h3><span class=\"ez-toc-section\" id=\"Marche_dhiver_au_Quai_Un\"><\/span>March\u00e9 d&rsquo;hiver au Quai Un<span class=\"ez-toc-section-end\"><\/span><\/h3>\n<p><img loading=\"lazy\" decoding=\"async\" class=\"alignnone size-large wp-image-18927\" src=\"https:\/\/www.malagacar.com\/sp\/blog\/wp-content\/uploads\/2026\/01\/mercado-de-invierno-muelle-uno-1024x184.jpg\" alt=\"Mercado de Invierno en Muelle Uno\" width=\"750\" height=\"135\" \/><\/p>\n<p>Profitez d&rsquo;une agr\u00e9able promenade le long du front de mer \u00e0 <a href=\"https:\/\/www.malagacar.com\/fr\/blog\/loisirs\/quai-un-malaga\/\" data-wpel-link=\"internal\"><strong>Quai Un<\/strong><\/a> et d\u00e9couvrez le march\u00e9 d&rsquo;hiver qui s&rsquo;y trouve, avec ses stands vendant de l&rsquo;artisanat, de la mode, de la nourriture et des produits locaux.<\/p>\n<ul>\n<li>Quand\u00a0: Du 23 janvier au 15 mars 2026, de 10 h \u00e0 22 h.<\/li>\n<li><a href=\"https:\/\/maps.app.goo.gl\/1qECKghePF9PWgYv5\" data-wpel-link=\"external\" rel=\"external noopener noreferrer\"><strong>Comment s\u2019y rendre<\/strong><\/a><\/li>\n<\/ul>\n<h3><span class=\"ez-toc-section\" id=\"Marche_de_lartisanat_La_Merced_%E2%80%93_Malaga\"><\/span>March\u00e9 de l&rsquo;artisanat La Merced &#8211; Malaga<span class=\"ez-toc-section-end\"><\/span><\/h3>\n<p><img loading=\"lazy\" decoding=\"async\" class=\"alignnone size-full wp-image-9843\" src=\"https:\/\/www.malagacar.com\/sp\/blog\/wp-content\/uploads\/2020\/11\/Plaza-Merced-Foto-VisitaCostadelSol.webp\" alt=\"\" width=\"750\" height=\"430\" \/><\/p>\n<p>Chaque premier dimanche du mois, ce march\u00e9 artisanal color\u00e9 se tient au c\u0153ur de la vieille ville, sur la Plaza de la Merced.<\/p>\n<p>Une id\u00e9e id\u00e9al si vous \u00eates un citadin et que vous aimez vous promener le dimanche sous les jacarandas en fleurs, puis prendre un verre aux nombreuses terrasses et restaurants qui entourent la place.<\/p>\n<ul>\n<li>Prochaine \u00e9dition : 1 mars<\/li>\n<li><a href=\"https:\/\/goo.gl\/maps\/w3kV85d5km7FYWFFA\" data-wpel-link=\"external\" rel=\"external noopener noreferrer\"><strong> Comment s&rsquo;y rendre<\/strong><\/a><\/li>\n<\/ul>\n<h3><span class=\"ez-toc-section\" id=\"_Marche_urbain_Soho_%E2%80%93_Malaga\"><\/span>\u00a0March\u00e9 urbain\u00a0Soho &#8211; Malaga<span class=\"ez-toc-section-end\"><\/span><\/h3>\n<p><img loading=\"lazy\" decoding=\"async\" class=\"alignnone wp-image-19004\" src=\"https:\/\/www.malagacar.com\/sp\/blog\/wp-content\/uploads\/2025\/03\/mercado-soho.jpg\" alt=\"Mercado Urbano del Soho - M\u00e1laga\" width=\"601\" height=\"569\" \/><\/p>\n<p>Le quartier artistique de Soho, situ\u00e9 en plein centre-ville \u00e0 deux pas de la mer, accueille ce march\u00e9 artisanal mettant \u00e0 l&rsquo;honneur les producteurs locaux chaque quatri\u00e8me dimanche du mois.<\/p>\n<p>Profitez d&rsquo;une promenade dans les rues pi\u00e9tonnes de Malaga, d\u00e9couvrez des cr\u00e9ations artisanales uniques, puis installez-vous dans l&rsquo;un des nombreux bars et terrasses pour savourer une collation, des tapas ou un d\u00e9jeuner dominical.<\/p>\n<ul>\n<li>Quand : Chaque quatri\u00e8me dimanche du mois, de 11 h \u00e0 19 h<\/li>\n<li><a href=\"https:\/\/maps.app.goo.gl\/asfjfpNXfTL9Dkx79\" data-wpel-link=\"external\" rel=\"external noopener noreferrer\"><strong>Comment s&rsquo;y rendre<\/strong><\/a><\/li>\n<\/ul>\n<h3><span class=\"ez-toc-section\" id=\"Le_marche_des_cimetieres_anglais_%E2%80%93_Malaga\"><\/span>Le march\u00e9 des cimeti\u00e8res anglais \u2013 Malaga<span class=\"ez-toc-section-end\"><\/span><\/h3>\n<p><img loading=\"lazy\" decoding=\"async\" class=\"alignnone size-full wp-image-16454\" src=\"https:\/\/www.malagacar.com\/sp\/blog\/wp-content\/uploads\/2024\/11\/Mercadillo-del-Ingles-1024x683-1.jpg\" alt=\"Mercadillo del Ingl\u00e9s \u2013 M\u00e1laga\" width=\"1024\" height=\"683\" \/><\/p>\n<p>Un nouveau format de march\u00e9 aux puces sp\u00e9cial vient s&rsquo;ajouter \u00e0 l&rsquo;offre culturelle de la ville.<\/p>\n<p>Une fois par mois, le <a href=\"https:\/\/www.malagacar.com\/fr\/blog\/loisirs\/curieux-cimetieres-malaga\/#Cimetiere_anglais_Malaga\" data-wpel-link=\"internal\"><strong>cimeti\u00e8re anglais<\/strong><\/a> du centre-ville accueille un march\u00e9 aux puces proposant de l&rsquo;artisanat, de la d\u00e9coration vintage, des livres d&rsquo;occasion, des c\u00e9ramiques et des produits uniques. L&rsquo;\u00e9v\u00e9nement propose \u00e9galement de la musique live et des food trucks.<\/p>\n<p>Ce qui est sp\u00e9cial, c&rsquo;est l&rsquo;endroit lui-m\u00eame, un lieu embl\u00e9matique plein de charme : le cimeti\u00e8re anglais, la plus ancienne n\u00e9cropole non catholique de la p\u00e9ninsule ib\u00e9rique. En vous promenant dans le magnifique jardin, vous pourrez d\u00e9couvrir les tombes des personnalit\u00e9s internationales de l&rsquo;\u00e9poque qui y ont \u00e9t\u00e9 enterr\u00e9es.<\/p>\n<p>Entr\u00e9e gratuite.<\/p>\n<ul>\n<li>Prochaine \u00e9dition sur le <a href=\"https:\/\/cementerioinglesmalaga.org\/\" data-wpel-link=\"external\" rel=\"external noopener noreferrer\"><strong>site officiel<\/strong><\/a><\/li>\n<li><a href=\"https:\/\/maps.app.goo.gl\/ibfgQuF52hBNZoD86\" data-wpel-link=\"external\" rel=\"external noopener noreferrer\"><strong>Comment s&rsquo;y rendre<\/strong><\/a><\/li>\n<\/ul>\n<h3><span class=\"ez-toc-section\" id=\"Marche_artisanal_de_Cartama\"><\/span>March\u00e9 artisanal de C\u00e1rtama<span class=\"ez-toc-section-end\"><\/span><\/h3>\n<p><img loading=\"lazy\" decoding=\"async\" class=\"alignnone wp-image-18937\" src=\"https:\/\/www.malagacar.com\/sp\/blog\/wp-content\/uploads\/2026\/01\/mercado-artesanal-cartama.jpg\" alt=\"Mercado Artesanal de C\u00e1rtama\" width=\"501\" height=\"706\" \/><\/p>\n<p>Le premier dimanche de chaque mois, un march\u00e9 artisanal se tient \u00e0 C\u00e1rtama, proposant une grande vari\u00e9t\u00e9 d&rsquo;articles uniques faits main, ainsi que des produits alimentaires locaux.<\/p>\n<p>Le march\u00e9 est situ\u00e9 dans le parc du quartier r\u00e9sidentiel de Los Naranjos, \u00e0 proximit\u00e9 du march\u00e9 de la gare de C\u00e1rtama, et est ouvert de 9h00 \u00e0 14h00.<\/p>\n<ul>\n<li><a href=\"https:\/\/maps.app.goo.gl\/sFxk8nydT4Pyx8CY6\" data-wpel-link=\"external\" rel=\"external noopener noreferrer\"><strong>Comment s&rsquo;y rendre<\/strong><\/a><\/li>\n<\/ul>\n<h3><span class=\"ez-toc-section\" id=\"Marche_%C2%AB_Saveurs_de_Malaga_%C2%BB_%E2%80%93_Torremolinos\"><\/span>March\u00e9 \u00ab Saveurs de Malaga \u00bb &#8211; Torremolinos<span class=\"ez-toc-section-end\"><\/span><\/h3>\n<p><img loading=\"lazy\" decoding=\"async\" class=\"alignnone wp-image-19030\" src=\"https:\/\/www.malagacar.com\/sp\/blog\/wp-content\/uploads\/2026\/02\/sabor-a-malaga-Torremolinos.jpg\" alt=\"Mercado Sabor a M\u00e1laga - Torremolinos\" width=\"528\" height=\"529\" \/><\/p>\n<p>Le centre de Torremolinos accueille une nouvelle \u00e9dition du c\u00e9l\u00e8bre march\u00e9 \u00ab\u00a0Sabor a M\u00e1laga\u00a0\u00bb, mettant \u00e0 l&rsquo;honneur les produits agricoles locaux de la province.<\/p>\n<p>D\u00e9couvrez les saveurs les plus savoureuses de Malaga\u00a0: fromages, huiles, caf\u00e9s, conserves, fruits secs, confitures, \u0153ufs et miels. Au programme \u00e9galement\u00a0: ateliers, d\u00e9gustations, d\u00e9monstrations culinaires et concerts.<\/p>\n<ul>\n<li>Quand : Du 26 f\u00e9vrier au 1er mars, de midi \u00e0 22h<\/li>\n<li>O\u00f9 : Avenida Palma de Mallorca, Torremolinos<\/li>\n<li><a href=\"https:\/\/maps.app.goo.gl\/fADBSRCLXy1EAfGv8\" data-wpel-link=\"external\" rel=\"external noopener noreferrer\"><strong>Comment s&rsquo;y rendre<\/strong><\/a><\/li>\n<\/ul>\n<h3><span class=\"ez-toc-section\" id=\"Marche_mensuel_%E2%80%93_Corumbela_Axarquia\"><\/span>March\u00e9 mensuel \u2013 Corumbela, Axarqu\u00eda<span class=\"ez-toc-section-end\"><\/span><\/h3>\n<p><img loading=\"lazy\" decoding=\"async\" class=\"alignnone wp-image-19081\" src=\"https:\/\/www.malagacar.com\/sp\/blog\/wp-content\/uploads\/2026\/02\/Mercado-corumbela.jpg\" alt=\"Mercado mensual \u2013 Corumbela\" width=\"551\" height=\"688\" \/><\/p>\n<p>Envie de d\u00e9couvrir l&rsquo;Axarqu\u00eda, r\u00e9gion de Malaga, et de combiner votre visite avec un passage par un march\u00e9 local\u00a0?<\/p>\n<p>Corumbela, village de moins de 300 habitants, est l&rsquo;un des plus hauts de l&rsquo;Axarqu\u00eda, \u00e0 632 m\u00e8tres d&rsquo;altitude. Cette altitude offre des panoramas exceptionnels \u00e0 360 degr\u00e9s. On y trouve m\u00eame des points de vue permettant d&rsquo;apercevoir la mer M\u00e9diterran\u00e9e.<\/p>\n<p>Le march\u00e9 de Corumbela se tient le premier mercredi de chaque mois sur l&rsquo;unique place du village. Vous y trouverez des produits locaux, de l&rsquo;artisanat, des confiseries maison, des v\u00eatements et des accessoires, et l&rsquo;occasion de d\u00e9couvrir des cr\u00e9ations et des saveurs authentiques. Le prochain march\u00e9 aura lieu le 4 mars.<\/p>\n<ul>\n<li>Quand : Le premier mercredi de chaque mois, de 10h \u00e0 14h<\/li>\n<li>O\u00f9 : Plaza de San Pedro, Corumbela<\/li>\n<li><a href=\"https:\/\/maps.app.goo.gl\/yK4P9qZh1bz9WjHi7\" data-wpel-link=\"external\" rel=\"external noopener noreferrer\"><strong>Comment s&rsquo;y rendre<\/strong><\/a><\/li>\n<\/ul>\n<h3><span class=\"ez-toc-section\" id=\"Puerto_Market_%E2%80%93_Benalmadena\"><\/span>Puerto Market \u2013 Benalmadena<span class=\"ez-toc-section-end\"><\/span><\/h3>\n<p><img loading=\"lazy\" decoding=\"async\" class=\"alignnone wp-image-19091\" src=\"https:\/\/www.malagacar.com\/sp\/blog\/wp-content\/uploads\/2026\/02\/Puerto-market2-819x1024.jpg\" alt=\"Puerto Market \u2013 Benalm\u00e1dena\" width=\"505\" height=\"632\" \/><\/p>\n<p>Combinez une promenade dans le port de plaisance prim\u00e9 de Benalm\u00e1dena avec une visite au \u00ab Puerto Market \u00bb, qui propose une grande vari\u00e9t\u00e9 de produits artisanaux, de d\u00e9corations, d&rsquo;accessoires, de cadeaux, de produits de sant\u00e9 et de beaut\u00e9, d&rsquo;antiquit\u00e9s et de livres d&rsquo;occasion.<\/p>\n<ul>\n<li>Quand : Tous les week-ends du 28 f\u00e9vrier au 26 avril, de 12h \u00e0 19h.<\/li>\n<li>O\u00f9 : Puerto Marina, Benalm\u00e1dena<\/li>\n<li><a href=\"https:\/\/maps.app.goo.gl\/ReVF6HX5cEATiNh8A\" data-wpel-link=\"external\" rel=\"external noopener noreferrer\"><strong>Comment s&rsquo;y rendre<\/strong><\/a><\/li>\n<\/ul>\n<h3><span class=\"ez-toc-section\" id=\"Marches_aux_puces_et_marches_de_rue_dans_la_province\"><\/span>March\u00e9s aux puces et march\u00e9s de rue dans la province<span class=\"ez-toc-section-end\"><\/span><\/h3>\n<p><a href=\"https:\/\/www.malagacar.com\/fr\/blog\/loisirs\/marches-de-rue-malaga\/\" data-wpel-link=\"internal\"><img loading=\"lazy\" decoding=\"async\" class=\"alignnone size-full wp-image-1208\" src=\"https:\/\/www.malagacar.com\/fr\/blog\/wp-content\/uploads\/2024\/05\/mercadillos-fr.jpg\" alt=\"march\u00e9s de rue \u00e0 M\u00e1laga\" width=\"1200\" height=\"691\" srcset=\"https:\/\/www.malagacar.com\/fr\/blog\/wp-content\/uploads\/2024\/05\/mercadillos-fr.jpg 1200w, https:\/\/www.malagacar.com\/fr\/blog\/wp-content\/uploads\/2024\/05\/mercadillos-fr-300x173.jpg 300w, https:\/\/www.malagacar.com\/fr\/blog\/wp-content\/uploads\/2024\/05\/mercadillos-fr-1024x590.jpg 1024w, https:\/\/www.malagacar.com\/fr\/blog\/wp-content\/uploads\/2024\/05\/mercadillos-fr-768x442.jpg 768w\" sizes=\"auto, (max-width: 1200px) 100vw, 1200px\" \/><\/a><\/p>\n<p>Les municipalit\u00e9s de la Costa del Sol proposent un large \u00e9ventail de march\u00e9s de rue et de march\u00e9s aux puces hebdomadaires.<\/p>\n<p>On y trouve de tout : fruits et l\u00e9gumes frais, fruits secs et noix, olives et \u00e9pices, jouets, poterie et artisanat typique, v\u00eatements, chaussures, fleurs et pots, faux articles de marque et bien d&rsquo;autres choses encore.<\/p>\n<ul>\n<li>Voici tous les <a href=\"https:\/\/www.malagacar.com\/fr\/blog\/loisirs\/marches-de-rue-malaga\/\" data-wpel-link=\"internal\"><strong>March\u00e9s aux puces &amp; March\u00e9s de rue \u00e0 Malaga et sur la Costa del Sol<\/strong><\/a><\/li>\n<\/ul>\n<h2><span class=\"ez-toc-section\" id=\"Visite_des_musees_de_Malaga\"><\/span>Visite des mus\u00e9es de Malaga<span class=\"ez-toc-section-end\"><\/span><\/h2>\n<figure id=\"attachment_6633\" aria-describedby=\"caption-attachment-6633\" style=\"width: 700px\" class=\"wp-caption alignnone\"><img loading=\"lazy\" decoding=\"async\" class=\"wp-image-6633 size-full\" src=\"https:\/\/www.malagacar.com\/blog\/wp-content\/uploads\/2020\/01\/museo-picasso-vista-nocturna.jpg\" alt=\"\" width=\"700\" height=\"450\" \/><figcaption id=\"caption-attachment-6633\" class=\"wp-caption-text\">Vue nocturne du Mus\u00e9e Picasso<\/figcaption><\/figure>\n<ul>\n<li>Beaucoup de <a href=\"https:\/\/www.malagacar.com\/fr\/blog\/loisirs\/meilleurs-musees-malaga\/\" data-wpel-link=\"internal\"><strong>mus\u00e9es de M\u00e1laga<\/strong><\/a> en plus de leurs installations fixes offrent souvent des expositions temporaires.<\/li>\n<li>Emplacement de tous les <strong><a href=\"https:\/\/goo.gl\/maps\/xLvkHvv8x5NJm199A\" data-wpel-link=\"external\" rel=\"external noopener noreferrer\">Mus\u00e9es de M\u00e1laga en un coup d&rsquo;\u0153il<\/a>.<\/strong><\/li>\n<\/ul>\n<h3><span class=\"ez-toc-section\" id=\"Visites_guidees_gratuites_%E2%80%93_Musee_de_Malaga\"><\/span>Visites guid\u00e9es gratuites &#8211; Mus\u00e9e de Malaga<span class=\"ez-toc-section-end\"><\/span><\/h3>\n<p><img loading=\"lazy\" decoding=\"async\" class=\"alignnone wp-image-14397\" src=\"https:\/\/www.malagacar.com\/sp\/blog\/wp-content\/uploads\/2021\/07\/Museo-de-Malaga-819x1024.jpg\" alt=\"Museo de M\u00e1laga\" width=\"550\" height=\"688\" \/><\/p>\n<p>Profitez du samedi pour fl\u00e2ner parmi les collections d&rsquo;art et d&rsquo;arch\u00e9ologie. Le <a href=\"https:\/\/www.malagacar.com\/fr\/blog\/loisirs\/meilleurs-musees-malaga\/#Musee_de_Malaga\" data-wpel-link=\"internal\"><strong>Mus\u00e9e de Malaga<\/strong><\/a> propose des visites guid\u00e9es gratuites tous les samedis \u00e0 midi, chacune sur un th\u00e8me diff\u00e9rent.<\/p>\n<p>Les inscriptions se font \u00e0 l&rsquo;accueil le jour de l&rsquo;activit\u00e9, d\u00e8s l&rsquo;ouverture du mus\u00e9e. Consultez <a href=\"https:\/\/www.museosdeandalucia.es\/web\/museodemalaga\" data-wpel-link=\"external\" rel=\"external noopener noreferrer\"><strong>leur site web<\/strong><\/a> pour conna\u00eetre les activit\u00e9s propos\u00e9es chaque semaine.<\/p>\n<ul>\n<li>Quand : Le samedi \u00e0 12h<\/li>\n<li>O\u00f9 : Mus\u00e9e de Malaga<\/li>\n<li><a href=\"https:\/\/maps.app.goo.gl\/ZRb4BVzcJ2ToyXaH8\" data-wpel-link=\"external\" rel=\"external noopener noreferrer\"><strong>Comment s&rsquo;y rendre<\/strong><\/a><\/li>\n<\/ul>\n<h3><span class=\"ez-toc-section\" id=\"Visites_guidees_jardin_botanique_historique_de_La_Concepcion_%E2%80%93_Malaga\"><\/span>Visites guid\u00e9es jardin botanique historique de La Concepci\u00f3n &#8211; Malaga<span class=\"ez-toc-section-end\"><\/span><\/h3>\n<p><img loading=\"lazy\" decoding=\"async\" class=\"alignnone wp-image-15201\" src=\"https:\/\/www.malagacar.com\/sp\/blog\/wp-content\/uploads\/2023\/02\/Botanico.jpg\" alt=\"Visitas guiadas en el Jard\u00edn Bot\u00e1nico Hist\u00f3rico La Concepci\u00f3n\" width=\"594\" height=\"833\" \/><\/p>\n<p>Les visites guid\u00e9es du jardin de La Concepci\u00f3n sont de retour. Profitez d&rsquo;une visite guid\u00e9e du magnifique historique <a href=\"https:\/\/www.malagacar.com\/fr\/blog\/loisirs\/jardin-botanique-historique-malaga\/\" data-wpel-link=\"internal\"><strong>jardin botanique La Concepci\u00f3n<\/strong><\/a> les week-ends, de jour comme de nuit.<\/p>\n<p>\u00ab\u00a0Promenades de charme\u00a0\u00bb auront lieu les samedis et dimanches \u00e0 midi. Les vendredis \u00e0 la tomb\u00e9e de la nuit, il y aura des \u00ab\u00a0Nuits avec l&rsquo;histoire\u00a0\u00bb (d&rsquo;octobre \u00e0 mars \u00e0 20 heures, d&rsquo;avril \u00e0 septembre \u00e0 21 heures). Les visites guid\u00e9es durent environ 1 heure et demie.<\/p>\n<ul>\n<li>Information et r\u00e9servations: <a href=\"mailto:infojbotanicomalaga@gmail.com\">infojbotanicomalaga@gmail.com<\/a> ou les t\u00e9l\u00e9phones +34 951926180 \/ +34 639914055.<\/li>\n<li><a href=\"https:\/\/maps.app.goo.gl\/yE9TdeVfEzp1q8nF7\" data-wpel-link=\"external\" rel=\"external noopener noreferrer\"><strong> Comment s&rsquo;y rendre <\/strong><\/a><\/li>\n<\/ul>\n<h3><span class=\"ez-toc-section\" id=\"Visite_de_la_Brasserie_Victoria_%E2%80%93_Malaga\"><\/span>Visite de la Brasserie Victoria &#8211; Malaga<span class=\"ez-toc-section-end\"><\/span><\/h3>\n<p><img loading=\"lazy\" decoding=\"async\" class=\"alignnone size-full wp-image-16182\" src=\"https:\/\/www.malagacar.com\/sp\/blog\/wp-content\/uploads\/2023\/10\/cerveza-victoria.jpg\" alt=\"F\u00e1brica de cerveza Victoria - M\u00e1laga\" width=\"900\" height=\"471\" \/><\/p>\n<p>Saviez-vous que Cervezas Victoria propose des visites guid\u00e9es pour d\u00e9couvrir son processus de production et son histoire ?<\/p>\n<p>Si vous aimez la bi\u00e8re, vous pourriez \u00eatre int\u00e9ress\u00e9 par la visite de cette brasserie 100% Malague\u00f1a.<\/p>\n<p>C&rsquo;est une visite de 90 minutes au cours de laquelle vous d\u00e9couvrirez de premi\u00e8re main les secrets de la bi\u00e8re Victoria \u00ab\u00a0Malague\u00f1a y exquisita\u00a0\u00bb et bien s\u00fbr, vous les go\u00fbterez !<\/p>\n<ul>\n<li>Visites guid\u00e9es disponibles en espagnol et en anglais sur <a href=\"https:\/\/visitas.cervezavictoria.es\/muslinkIII_vic_nofr\/venda\/index.jsp?lang=1&amp;nom_cache=VICTORIA&amp;property=VICTORIA#close\" target=\"_blank\" rel=\"nofollow noopener external noreferrer\" data-wpel-link=\"external\"><strong>ce lien<\/strong><\/a>.<\/li>\n<li><a href=\"https:\/\/www.cervezavictoria.es\/es\" target=\"_blank\" rel=\"nofollow noopener external noreferrer\" data-wpel-link=\"external\"><strong>Site web<\/strong><\/a><\/li>\n<li><a href=\"https:\/\/goo.gl\/maps\/xkcUqWb22oHAaqFc6\" target=\"_blank\" rel=\"nofollow noopener external noreferrer\" data-wpel-link=\"external\"><strong>Comment s&rsquo;y rendre<\/strong><\/a><\/li>\n<\/ul>\n<h3><span class=\"ez-toc-section\" id=\"Visites_nocturnes_theatralisees_musee_de_lautomobile_%E2%80%93_Malaga\"><\/span>Visites nocturnes th\u00e9\u00e2tralis\u00e9es mus\u00e9e de l&rsquo;automobile &#8211; Malaga<span class=\"ez-toc-section-end\"><\/span><\/h3>\n<p><img loading=\"lazy\" decoding=\"async\" class=\" wp-image-9447\" src=\"https:\/\/www.malagacar.com\/sp\/blog\/wp-content\/uploads\/2021\/09\/museo-automovilistico2.jpg\" alt=\"Museo Automovil\u00edstico\" width=\"925\" height=\"618\" \/><\/p>\n<p>Profitez d&rsquo;une visite nocturne th\u00e9\u00e2tralis\u00e9e au mus\u00e9e de l&rsquo;automobile et de la mode de Malaga. Les visiteurs peuvent d\u00e9couvrir l&rsquo;histoire des voitures historiques \u00e0 travers des personnages pertinents.<\/p>\n<p>Parmi ces personnages, on trouve l&rsquo;agent 007, qui renouvelle son permis de tuer, ou Amelia Earhart, la premi\u00e8re femme aviatrice \u00e0 avoir travers\u00e9 l&rsquo;Atlantique, Coco Chanel ou Salvador Dal\u00ed. La visite dure une heure et demie.<\/p>\n<ul>\n<li>Billets au <a href=\"https:\/\/historiavivamalaga.es\/visitas-teatralizadas-en-malaga\/museo-automovilistico-y-de-la-moda-en-malaga\/\" data-wpel-link=\"external\" rel=\"external noopener noreferrer\"><strong> Site web<\/strong><\/a><\/li>\n<li>Quand : Le premier vendredi de chaque mois (dans la mesure o\u00f9 le calendrier des \u00e9v\u00e9nements du mus\u00e9e le permet)<\/li>\n<li>O\u00f9 : Museo Automovil\u00edstico y de la Moda M\u00e1laga<\/li>\n<li><a href=\"https:\/\/maps.app.goo.gl\/G5hqDkF77EADCBBg8\" data-wpel-link=\"external\" rel=\"external noopener noreferrer\"><strong> Comment s&rsquo;y rendre<\/strong><\/a><\/li>\n<\/ul>\n<h2><span class=\"ez-toc-section\" id=\"Paques_a_Malaga_2026\"><\/span>P\u00e2ques \u00e0 Malaga 2026<span class=\"ez-toc-section-end\"><\/span><\/h2>\n<figure id=\"attachment_10583\" aria-describedby=\"caption-attachment-10583\" style=\"width: 620px\" class=\"wp-caption alignnone\"><a href=\"https:\/\/www.malagacar.com\/sp\/blog\/wp-content\/uploads\/2021\/03\/beach-Foto-El-Periodico.jpg\" data-wpel-link=\"internal\"><img loading=\"lazy\" decoding=\"async\" class=\"wp-image-10583\" src=\"https:\/\/www.malagacar.com\/sp\/blog\/wp-content\/uploads\/2021\/03\/beach-Foto-El-Periodico.jpg\" alt=\"tiempo en M\u00e1laga en Semana Santa\" width=\"620\" height=\"349\" \/><\/a><figcaption id=\"caption-attachment-10583\" class=\"wp-caption-text\">Photo El Periodico<\/figcaption><\/figure>\n<p>Cette ann\u00e9e, la Semaine de P\u00e2ques \u00e0 Malaga se d\u00e9roule du dimanche 29 mars au dimanche 5 avril 2026.<\/p>\n<p>Les dates varient chaque ann\u00e9e, et cette ann\u00e9e, elle est c\u00e9l\u00e9br\u00e9e trois semaines plus t\u00f4t que l&rsquo;an dernier. Cependant, comme vous pouvez le voir sur la photo, il n&rsquo;est pas rare que beaucoup profitent d\u00e9j\u00e0 de ces jours pour bronzer, m\u00eame si l&rsquo;eau est encore froide.<\/p>\n<p>P\u00e2ques marque le d\u00e9but de la saison touristique sur la Costa del Sol et est probablement la date la plus importante du calendrier religieux.<\/p>\n<p>En fait, la Semaine sainte \u00e0 Malaga est consid\u00e9r\u00e9e comme l&rsquo;une des plus importantes d&rsquo;Espagne et attire chaque ann\u00e9e des milliers de fid\u00e8les et de touristes dans un spectacle profond\u00e9ment \u00e9mouvant.<\/p>\n<p>Que vous souhaitiez venir \u00e0 Malaga \u00e0 P\u00e2ques pour profiter du beau temps et peut-\u00eatre faire votre premi\u00e8re baignade, ou que vous soyez attir\u00e9 par les magnifiques processions dans le centre de Malaga : Dans notre \u00e9dition sp\u00e9ciale de <a href=\"https:\/\/www.malagacar.com\/fr\/blog\/loisirs\/paques-malaga\/\" data-wpel-link=\"internal\"><strong>P\u00e2ques \u00e0 Malaga<\/strong><\/a>, vous trouverez tout ce qu&rsquo;il faut savoir.<\/p>\n<h2><span class=\"ez-toc-section\" id=\"Fetes_gastronomiques_a_Malaga_en_mars\"><\/span>F\u00eates gastronomiques \u00e0 Malaga en mars<span class=\"ez-toc-section-end\"><\/span><\/h2>\n<h3><span class=\"ez-toc-section\" id=\"Itineraire_des_plats_typiques_de_Malaga_pendant_le_Careme\"><\/span>Itin\u00e9raire des plats typiques de Malaga pendant le Car\u00eame<span class=\"ez-toc-section-end\"><\/span><\/h3>\n<p><img loading=\"lazy\" decoding=\"async\" class=\"alignnone size-full wp-image-18983\" src=\"https:\/\/www.malagacar.com\/sp\/blog\/wp-content\/uploads\/2026\/02\/gastro-cuaresma.jpg\" alt=\"platos t\u00edpicos M\u00e1laga Cuaresma Semana Santa\" width=\"1000\" height=\"730\" \/><\/p>\n<p>Du mercredi des Cendres au Samedi Saint, \u00e0 Malaga, vous pourrez savourer des recettes traditionnelles o\u00f9 poissons, l\u00e9gumes et l\u00e9gumineuses sont \u00e0 l&rsquo;honneur.<\/p>\n<p>Vous pr\u00e9voyez de venir sur la Costa del Sol dans les prochaines semaines et de fl\u00e2ner dans la vieille ville \u00e0 la d\u00e9couverte de ses saveurs uniques\u00a0?<\/p>\n<p>Nous avons pr\u00e9par\u00e9 une \u00e9dition sp\u00e9ciale pour nos visiteurs, dans laquelle nous vous pr\u00e9sentons les plats typiques de Malaga pendant le Car\u00eame et la Semaine Sainte, ainsi que les meilleures adresses pour les d\u00e9guster.<\/p>\n<ul>\n<li>Suivez <a href=\"https:\/\/www.malagacar.com\/fr\/blog\/loisirs\/plats-typiques-malaga-careme-paques\/\" data-wpel-link=\"internal\"><strong>ce lien<\/strong><\/a><\/li>\n<\/ul>\n<h3><span class=\"ez-toc-section\" id=\"Route_Ajobacalao_a_Velez-Malaga\"><\/span>Route Ajobacalao \u00e0 V\u00e9lez-M\u00e1laga<span class=\"ez-toc-section-end\"><\/span><\/h3>\n<p><img loading=\"lazy\" decoding=\"async\" class=\"alignnone wp-image-19150\" src=\"https:\/\/www.malagacar.com\/sp\/blog\/wp-content\/uploads\/2026\/02\/Ruta-ajobacalao-Velez-Malaga-739x1024.jpg\" alt=\"Ruta del Ajobacalao en V\u00e9lez-M\u00e1laga\" width=\"494\" height=\"685\" \/><\/p>\n<p>\u00c0 V\u00e9lez-M\u00e1laga, dans la r\u00e9gion de l&rsquo;Axarqu\u00eda \u00e0 environ 40 km de Malaga, un itin\u00e9raire gastronomique particulier est mis \u00e0 l&rsquo;honneur pendant le Car\u00eame.<\/p>\n<p>L&rsquo;ajobacalao est une sp\u00e9cialit\u00e9 locale. Il s&rsquo;agit d&rsquo;un m\u00e9lange de chapelure, d&rsquo;huile d&rsquo;olive vierge extra, de morue sal\u00e9e, d&rsquo;ail, de citron, de paprika et de piment, \u00e9tal\u00e9 sur du pain. Traditionnellement, il est pr\u00e9par\u00e9 pour les dignitaires religieux afin qu&rsquo;ils reprennent des forces.<\/p>\n<p>Du 10 mars au 5 avril, les restaurants locaux proposent des recettes telles que la morue \u00e0 la sauce pil-pil, des croquettes de morue \u00e0 l&rsquo;ail et des rago\u00fbts, mettant en valeur la cuisine traditionnelle et l&rsquo;avocat de la r\u00e9gion de l&rsquo;Axarqu\u00eda.<\/p>\n<ul>\n<li>Quand : Du 10 mars au 5 avril<\/li>\n<li>O\u00f9 : Bars et restaurants de V\u00e9lez-M\u00e1laga (voir le QR code sur l&rsquo;affiche)<\/li>\n<li><a href=\"https:\/\/maps.app.goo.gl\/orXk2NC3CHUERJYE8\" data-wpel-link=\"external\" rel=\"external noopener noreferrer\"><strong>Comment s&rsquo;y rendre<\/strong><\/a><\/li>\n<\/ul>\n<h3><span class=\"ez-toc-section\" id=\"Tagarnina_Journee_%E2%80%93_Villanueva_del_Rosario\"><\/span>Tagarnina Journ\u00e9e &#8211; Villanueva del Rosario<span class=\"ez-toc-section-end\"><\/span><\/h3>\n<p><img loading=\"lazy\" decoding=\"async\" class=\"alignnone size-full wp-image-16899\" src=\"https:\/\/www.malagacar.com\/sp\/blog\/wp-content\/uploads\/2024\/02\/Tagarnina.jpg\" alt=\"D\u00eda de la Tagarnina - Villanueva del Rosario\" width=\"1015\" height=\"729\" \/><\/p>\n<p>La Plaza del Rosario de la ville accueillera une d\u00e9gustation gratuite de ce rago\u00fbt populaire. La tagarnina sauvage est une plante typique de la sierra utilis\u00e9e comme ingr\u00e9dient dans les rago\u00fbts, les plats cuisin\u00e9s et les \u0153ufs brouill\u00e9s.<\/p>\n<p>La journ\u00e9e gastronomique comprendra toutes sortes d&rsquo;activit\u00e9s telles que des spectacles musicaux, un march\u00e9 de rue et une randonn\u00e9e vers le Mirador de Hondonero depuis la Plaza Andaluc\u00eda, avec un petit-d\u00e9jeuner \u00e0 la fin. L&rsquo;inscription est obligatoire pour cette activit\u00e9.<\/p>\n<p><iframe loading=\"lazy\" title=\"D\u00eda de la tagarnina. Villanueva del Rosario. Marzo. Fiesta Singular\" src=\"https:\/\/www.youtube.com\/embed\/KBMYE-_UEMc\" width=\"817\" height=\"431\" frameborder=\"0\" allowfullscreen=\"allowfullscreen\"><\/iframe><\/p>\n<ul>\n<li>Quand : 21 mars<\/li>\n<li><a href=\"https:\/\/maps.app.goo.gl\/wHpaMxCiAEwGzYEZ7\" data-wpel-link=\"external\" rel=\"external noopener noreferrer\"><strong> Comment s&rsquo;y rendre <\/strong><\/a><\/li>\n<\/ul>\n<h3><span class=\"ez-toc-section\" id=\"Ragout_de_fenouil_Journee_%E2%80%93_Algatocin\"><\/span>Rago\u00fbt de fenouil Journ\u00e9e &#8211; Algatoc\u00edn<span class=\"ez-toc-section-end\"><\/span><\/h3>\n<p><img loading=\"lazy\" decoding=\"async\" class=\"alignnone size-large wp-image-16900\" src=\"https:\/\/www.malagacar.com\/sp\/blog\/wp-content\/uploads\/2024\/02\/Hinoja-Algatocin-1024x670.jpg\" alt=\"Hinoj\u00e1 - Algatoc\u00edn\" width=\"750\" height=\"491\" \/><\/p>\n<p>Le mois de mars est la saison du fenouil \u00e0 Algatoc\u00edn. Comme chaque ann\u00e9e, les visiteurs pourront d\u00e9guster le traditionnel rago\u00fbt de fenouil, ainsi que les irr\u00e9sistibles omelettes \u00e0 la cuill\u00e8re.<\/p>\n<p>Pendant le week-end, des stands d&rsquo;artisanat, des ateliers, des visites guid\u00e9es et de la musique en direct seront \u00e9galement propos\u00e9s.<br \/>\nD&rsquo;ailleurs, si vous \u00eates \u00e0 Algatoc\u00edn, n&rsquo;oubliez pas de visiter la <a href=\"https:\/\/maps.app.goo.gl\/wiWzYaZ8EH4VJTew9\" data-wpel-link=\"external\" rel=\"external noopener noreferrer\"><strong> Boulangerie Pan Pi\u00f1a<\/strong><\/a>, l&rsquo;un des \u00e9tablissements les plus traditionnels de la r\u00e9gion, devenu c\u00e9l\u00e8bre pour avoir produit le pain le plus cher du monde.<\/p>\n<ul>\n<li>Quand : 7 et 8 mars<\/li>\n<li><a href=\"https:\/\/maps.app.goo.gl\/aLJ9hTGFvRLKgkmp8\" data-wpel-link=\"external\" rel=\"external noopener noreferrer\"><strong> Comment s&rsquo;y rendre <\/strong><\/a><\/li>\n<\/ul>\n<h2><span class=\"ez-toc-section\" id=\"Le_temps_a_Malaga_en_Mars\"><\/span>Le temps \u00e0 Malaga en Mars<span class=\"ez-toc-section-end\"><\/span><\/h2>\n<p>Nous ne nous lassons jamais de le dire : \u00c0 Malaga, nous jouissons d&rsquo;un printemps presque \u00e9ternel. Si, en Mars, le temps peut encore \u00eatre instable par moments, avec des pluies occasionnelles, le soleil joue un r\u00f4le important tous les jours.<\/p>\n<p>Les temp\u00e9ratures tournent facilement autour de 20\u00baC et peuvent m\u00eame atteindre 23\u00baC\/25\u00baC les jours plus chauds.<\/p>\n<p>Beaucoup de gens profitent d\u00e9j\u00e0 de la plage pour prendre le soleil et certains prennent leur premier bain (l&rsquo;eau est encore froide, environ 16\u00baC).<\/p>\n<figure id=\"attachment_13215\" aria-describedby=\"caption-attachment-13215\" style=\"width: 1200px\" class=\"wp-caption alignnone\"><img loading=\"lazy\" decoding=\"async\" class=\"size-full wp-image-13215\" src=\"https:\/\/www.malagacar.com\/sp\/blog\/wp-content\/uploads\/2022\/02\/fuengi-beach.jpg\" alt=\"Fuengirola playa\" width=\"1200\" height=\"899\" \/><figcaption id=\"caption-attachment-13215\" class=\"wp-caption-text\">Les plages au printemps sont un d\u00e9lice. Sur la photo, la plage de Fuengirola<\/figcaption><\/figure>\n<p>C&rsquo;est un temps id\u00e9al, avec des temp\u00e9ratures douces, pour profiter du printemps dans la nature, se promener et conna\u00eetre la ville, prendre un verre sur une terrasse ou <a href=\"https:\/\/www.malagacar.com\/fr\/blog\/astuces-de-voyage\/guide-costa-del-sol\/\" data-wpel-link=\"internal\"><strong>d\u00e9couvrir notre merveilleuse province<\/strong><\/a>.<\/p>\n\t\t\t\t\n\t\t\t\t<div id=\"search-form2\" class=\"big-quote index-mobile\">\n\t\t\t\t<form id=\"frmSearch\" name=\"frmSearch\" action=\"\/fr\/location-de-voitures\/quote.php\" method=\"post\" name=\"quote\" class=\"container-fluid\">\n\t\t\t\t\t\t\t\t\t<div class=\"row\">\n\t\t\t\t\t\t<div class=\"col-sm-6\">\n\n\t\t\t\t\t\t\t<div class=\"form-group\">\n\t\t\t\t\t\t\t\t<label for=\"entrega\"><h4>Collecte<\/h4><\/label>\n\t\t\t\t\t\t\t\t<select name=\"entrega\" id=\"entrega\" class=\"custom-select\">\n\t\t\t\t\t\t\t\t\t<option value=\"airport\"  selected>Malaga A\u00e9roport<\/option>\n\t\t\t\t\t\t\t\t\t\t\t\t\t\t\t\t<\/select>\n\t\t\t\t\t\t\t\t<div class=\"form-inline my-2\">\n\t\t\t\t\t\t\t\t\t<input id=\"pDate\" class=\"form-control\" value=\"07\/09\/2026\" name=\"pDate\" readonly onchange=\"return uppdate()\">\n\t\t\t\t\t\t\t\t\t<select class=\"custom-select\" id=\"phorasminutos\" name=\"phorasminutos\" oninvalid=\"setCustomValidity('Faites-nous conna\u00eetre votre heure d\u00b4arriv\u00e9e')\" onchange=\"setCustomValidity('');\">\n\t\t\t\t\t\t\t\t\t\t<option value=\"-\" selected>--:--<\/option>\n\t\t\t\t\t\t\t\t\t\t\t\t\t\t\t\t\t\t\t\t<option value=\"00:00\">\n\t\t\t\t\t\t\t\t\t\t\t00:00<\/option>\n\t\t\t\t\t\t\t\t\t\t<option value=\"00:15\">\n\t\t\t\t\t\t\t\t\t\t\t00:15<\/option>\n\t\t\t\t\t\t\t\t\t\t<option value=\"00:30\">\n\t\t\t\t\t\t\t\t\t\t\t00:30<\/option>\n\t\t\t\t\t\t\t\t\t\t<option value=\"00:45\">\n\t\t\t\t\t\t\t\t\t\t\t00:45<\/option>\n\t\t\t\t\t\t\t\t\t\t\t\t\t\t\t\t\t\t\t\t<option value=\"01:00\">\n\t\t\t\t\t\t\t\t\t\t\t01:00<\/option>\n\t\t\t\t\t\t\t\t\t\t<option value=\"01:15\">\n\t\t\t\t\t\t\t\t\t\t\t01:15<\/option>\n\t\t\t\t\t\t\t\t\t\t<option value=\"01:30\">\n\t\t\t\t\t\t\t\t\t\t\t01:30<\/option>\n\t\t\t\t\t\t\t\t\t\t<option value=\"01:45\">\n\t\t\t\t\t\t\t\t\t\t\t01:45<\/option>\n\t\t\t\t\t\t\t\t\t\t\t\t\t\t\t\t\t\t\t\t<option value=\"02:00\">\n\t\t\t\t\t\t\t\t\t\t\t02:00<\/option>\n\t\t\t\t\t\t\t\t\t\t<option value=\"02:15\">\n\t\t\t\t\t\t\t\t\t\t\t02:15<\/option>\n\t\t\t\t\t\t\t\t\t\t<option value=\"02:30\">\n\t\t\t\t\t\t\t\t\t\t\t02:30<\/option>\n\t\t\t\t\t\t\t\t\t\t<option value=\"02:45\">\n\t\t\t\t\t\t\t\t\t\t\t02:45<\/option>\n\t\t\t\t\t\t\t\t\t\t\t\t\t\t\t\t\t\t\t\t<option value=\"03:00\">\n\t\t\t\t\t\t\t\t\t\t\t03:00<\/option>\n\t\t\t\t\t\t\t\t\t\t<option value=\"03:15\">\n\t\t\t\t\t\t\t\t\t\t\t03:15<\/option>\n\t\t\t\t\t\t\t\t\t\t<option value=\"03:30\">\n\t\t\t\t\t\t\t\t\t\t\t03:30<\/option>\n\t\t\t\t\t\t\t\t\t\t<option value=\"03:45\">\n\t\t\t\t\t\t\t\t\t\t\t03:45<\/option>\n\t\t\t\t\t\t\t\t\t\t\t\t\t\t\t\t\t\t\t\t<option value=\"04:00\">\n\t\t\t\t\t\t\t\t\t\t\t04:00<\/option>\n\t\t\t\t\t\t\t\t\t\t<option value=\"04:15\">\n\t\t\t\t\t\t\t\t\t\t\t04:15<\/option>\n\t\t\t\t\t\t\t\t\t\t<option value=\"04:30\">\n\t\t\t\t\t\t\t\t\t\t\t04:30<\/option>\n\t\t\t\t\t\t\t\t\t\t<option value=\"04:45\">\n\t\t\t\t\t\t\t\t\t\t\t04:45<\/option>\n\t\t\t\t\t\t\t\t\t\t\t\t\t\t\t\t\t\t\t\t<option value=\"05:00\">\n\t\t\t\t\t\t\t\t\t\t\t05:00<\/option>\n\t\t\t\t\t\t\t\t\t\t<option value=\"05:15\">\n\t\t\t\t\t\t\t\t\t\t\t05:15<\/option>\n\t\t\t\t\t\t\t\t\t\t<option value=\"05:30\">\n\t\t\t\t\t\t\t\t\t\t\t05:30<\/option>\n\t\t\t\t\t\t\t\t\t\t<option value=\"05:45\">\n\t\t\t\t\t\t\t\t\t\t\t05:45<\/option>\n\t\t\t\t\t\t\t\t\t\t\t\t\t\t\t\t\t\t\t\t<option value=\"06:00\">\n\t\t\t\t\t\t\t\t\t\t\t06:00<\/option>\n\t\t\t\t\t\t\t\t\t\t<option value=\"06:15\">\n\t\t\t\t\t\t\t\t\t\t\t06:15<\/option>\n\t\t\t\t\t\t\t\t\t\t<option value=\"06:30\">\n\t\t\t\t\t\t\t\t\t\t\t06:30<\/option>\n\t\t\t\t\t\t\t\t\t\t<option value=\"06:45\">\n\t\t\t\t\t\t\t\t\t\t\t06:45<\/option>\n\t\t\t\t\t\t\t\t\t\t\t\t\t\t\t\t\t\t\t\t<option value=\"07:00\">\n\t\t\t\t\t\t\t\t\t\t\t07:00<\/option>\n\t\t\t\t\t\t\t\t\t\t<option value=\"07:15\">\n\t\t\t\t\t\t\t\t\t\t\t07:15<\/option>\n\t\t\t\t\t\t\t\t\t\t<option value=\"07:30\">\n\t\t\t\t\t\t\t\t\t\t\t07:30<\/option>\n\t\t\t\t\t\t\t\t\t\t<option value=\"07:45\">\n\t\t\t\t\t\t\t\t\t\t\t07:45<\/option>\n\t\t\t\t\t\t\t\t\t\t\t\t\t\t\t\t\t\t\t\t<option value=\"08:00\">\n\t\t\t\t\t\t\t\t\t\t\t08:00<\/option>\n\t\t\t\t\t\t\t\t\t\t<option value=\"08:15\">\n\t\t\t\t\t\t\t\t\t\t\t08:15<\/option>\n\t\t\t\t\t\t\t\t\t\t<option value=\"08:30\">\n\t\t\t\t\t\t\t\t\t\t\t08:30<\/option>\n\t\t\t\t\t\t\t\t\t\t<option value=\"08:45\">\n\t\t\t\t\t\t\t\t\t\t\t08:45<\/option>\n\t\t\t\t\t\t\t\t\t\t\t\t\t\t\t\t\t\t\t\t<option value=\"09:00\">\n\t\t\t\t\t\t\t\t\t\t\t09:00<\/option>\n\t\t\t\t\t\t\t\t\t\t<option value=\"09:15\">\n\t\t\t\t\t\t\t\t\t\t\t09:15<\/option>\n\t\t\t\t\t\t\t\t\t\t<option value=\"09:30\">\n\t\t\t\t\t\t\t\t\t\t\t09:30<\/option>\n\t\t\t\t\t\t\t\t\t\t<option value=\"09:45\">\n\t\t\t\t\t\t\t\t\t\t\t09:45<\/option>\n\t\t\t\t\t\t\t\t\t\t\t\t\t\t\t\t\t\t\t\t<option value=\"10:00\">\n\t\t\t\t\t\t\t\t\t\t\t10:00<\/option>\n\t\t\t\t\t\t\t\t\t\t<option value=\"10:15\">\n\t\t\t\t\t\t\t\t\t\t\t10:15<\/option>\n\t\t\t\t\t\t\t\t\t\t<option value=\"10:30\">\n\t\t\t\t\t\t\t\t\t\t\t10:30<\/option>\n\t\t\t\t\t\t\t\t\t\t<option value=\"10:45\">\n\t\t\t\t\t\t\t\t\t\t\t10:45<\/option>\n\t\t\t\t\t\t\t\t\t\t\t\t\t\t\t\t\t\t\t\t<option value=\"11:00\">\n\t\t\t\t\t\t\t\t\t\t\t11:00<\/option>\n\t\t\t\t\t\t\t\t\t\t<option value=\"11:15\">\n\t\t\t\t\t\t\t\t\t\t\t11:15<\/option>\n\t\t\t\t\t\t\t\t\t\t<option value=\"11:30\">\n\t\t\t\t\t\t\t\t\t\t\t11:30<\/option>\n\t\t\t\t\t\t\t\t\t\t<option value=\"11:45\">\n\t\t\t\t\t\t\t\t\t\t\t11:45<\/option>\n\t\t\t\t\t\t\t\t\t\t\t\t\t\t\t\t\t\t\t\t<option value=\"12:00\">\n\t\t\t\t\t\t\t\t\t\t\t12:00<\/option>\n\t\t\t\t\t\t\t\t\t\t<option value=\"12:15\">\n\t\t\t\t\t\t\t\t\t\t\t12:15<\/option>\n\t\t\t\t\t\t\t\t\t\t<option value=\"12:30\">\n\t\t\t\t\t\t\t\t\t\t\t12:30<\/option>\n\t\t\t\t\t\t\t\t\t\t<option value=\"12:45\">\n\t\t\t\t\t\t\t\t\t\t\t12:45<\/option>\n\t\t\t\t\t\t\t\t\t\t\t\t\t\t\t\t\t\t\t\t<option value=\"13:00\">\n\t\t\t\t\t\t\t\t\t\t\t13:00<\/option>\n\t\t\t\t\t\t\t\t\t\t<option value=\"13:15\">\n\t\t\t\t\t\t\t\t\t\t\t13:15<\/option>\n\t\t\t\t\t\t\t\t\t\t<option value=\"13:30\">\n\t\t\t\t\t\t\t\t\t\t\t13:30<\/option>\n\t\t\t\t\t\t\t\t\t\t<option value=\"13:45\">\n\t\t\t\t\t\t\t\t\t\t\t13:45<\/option>\n\t\t\t\t\t\t\t\t\t\t\t\t\t\t\t\t\t\t\t\t<option value=\"14:00\">\n\t\t\t\t\t\t\t\t\t\t\t14:00<\/option>\n\t\t\t\t\t\t\t\t\t\t<option value=\"14:15\">\n\t\t\t\t\t\t\t\t\t\t\t14:15<\/option>\n\t\t\t\t\t\t\t\t\t\t<option value=\"14:30\">\n\t\t\t\t\t\t\t\t\t\t\t14:30<\/option>\n\t\t\t\t\t\t\t\t\t\t<option value=\"14:45\">\n\t\t\t\t\t\t\t\t\t\t\t14:45<\/option>\n\t\t\t\t\t\t\t\t\t\t\t\t\t\t\t\t\t\t\t\t<option value=\"15:00\">\n\t\t\t\t\t\t\t\t\t\t\t15:00<\/option>\n\t\t\t\t\t\t\t\t\t\t<option value=\"15:15\">\n\t\t\t\t\t\t\t\t\t\t\t15:15<\/option>\n\t\t\t\t\t\t\t\t\t\t<option value=\"15:30\">\n\t\t\t\t\t\t\t\t\t\t\t15:30<\/option>\n\t\t\t\t\t\t\t\t\t\t<option value=\"15:45\">\n\t\t\t\t\t\t\t\t\t\t\t15:45<\/option>\n\t\t\t\t\t\t\t\t\t\t\t\t\t\t\t\t\t\t\t\t<option value=\"16:00\">\n\t\t\t\t\t\t\t\t\t\t\t16:00<\/option>\n\t\t\t\t\t\t\t\t\t\t<option value=\"16:15\">\n\t\t\t\t\t\t\t\t\t\t\t16:15<\/option>\n\t\t\t\t\t\t\t\t\t\t<option value=\"16:30\">\n\t\t\t\t\t\t\t\t\t\t\t16:30<\/option>\n\t\t\t\t\t\t\t\t\t\t<option value=\"16:45\">\n\t\t\t\t\t\t\t\t\t\t\t16:45<\/option>\n\t\t\t\t\t\t\t\t\t\t\t\t\t\t\t\t\t\t\t\t<option value=\"17:00\">\n\t\t\t\t\t\t\t\t\t\t\t17:00<\/option>\n\t\t\t\t\t\t\t\t\t\t<option value=\"17:15\">\n\t\t\t\t\t\t\t\t\t\t\t17:15<\/option>\n\t\t\t\t\t\t\t\t\t\t<option value=\"17:30\">\n\t\t\t\t\t\t\t\t\t\t\t17:30<\/option>\n\t\t\t\t\t\t\t\t\t\t<option value=\"17:45\">\n\t\t\t\t\t\t\t\t\t\t\t17:45<\/option>\n\t\t\t\t\t\t\t\t\t\t\t\t\t\t\t\t\t\t\t\t<option value=\"18:00\">\n\t\t\t\t\t\t\t\t\t\t\t18:00<\/option>\n\t\t\t\t\t\t\t\t\t\t<option value=\"18:15\">\n\t\t\t\t\t\t\t\t\t\t\t18:15<\/option>\n\t\t\t\t\t\t\t\t\t\t<option value=\"18:30\">\n\t\t\t\t\t\t\t\t\t\t\t18:30<\/option>\n\t\t\t\t\t\t\t\t\t\t<option value=\"18:45\">\n\t\t\t\t\t\t\t\t\t\t\t18:45<\/option>\n\t\t\t\t\t\t\t\t\t\t\t\t\t\t\t\t\t\t\t\t<option value=\"19:00\">\n\t\t\t\t\t\t\t\t\t\t\t19:00<\/option>\n\t\t\t\t\t\t\t\t\t\t<option value=\"19:15\">\n\t\t\t\t\t\t\t\t\t\t\t19:15<\/option>\n\t\t\t\t\t\t\t\t\t\t<option value=\"19:30\">\n\t\t\t\t\t\t\t\t\t\t\t19:30<\/option>\n\t\t\t\t\t\t\t\t\t\t<option value=\"19:45\">\n\t\t\t\t\t\t\t\t\t\t\t19:45<\/option>\n\t\t\t\t\t\t\t\t\t\t\t\t\t\t\t\t\t\t\t\t<option value=\"20:00\">\n\t\t\t\t\t\t\t\t\t\t\t20:00<\/option>\n\t\t\t\t\t\t\t\t\t\t<option value=\"20:15\">\n\t\t\t\t\t\t\t\t\t\t\t20:15<\/option>\n\t\t\t\t\t\t\t\t\t\t<option value=\"20:30\">\n\t\t\t\t\t\t\t\t\t\t\t20:30<\/option>\n\t\t\t\t\t\t\t\t\t\t<option value=\"20:45\">\n\t\t\t\t\t\t\t\t\t\t\t20:45<\/option>\n\t\t\t\t\t\t\t\t\t\t\t\t\t\t\t\t\t\t\t\t<option value=\"21:00\">\n\t\t\t\t\t\t\t\t\t\t\t21:00<\/option>\n\t\t\t\t\t\t\t\t\t\t<option value=\"21:15\">\n\t\t\t\t\t\t\t\t\t\t\t21:15<\/option>\n\t\t\t\t\t\t\t\t\t\t<option value=\"21:30\">\n\t\t\t\t\t\t\t\t\t\t\t21:30<\/option>\n\t\t\t\t\t\t\t\t\t\t<option value=\"21:45\">\n\t\t\t\t\t\t\t\t\t\t\t21:45<\/option>\n\t\t\t\t\t\t\t\t\t\t\t\t\t\t\t\t\t\t\t\t<option value=\"22:00\">\n\t\t\t\t\t\t\t\t\t\t\t22:00<\/option>\n\t\t\t\t\t\t\t\t\t\t<option value=\"22:15\">\n\t\t\t\t\t\t\t\t\t\t\t22:15<\/option>\n\t\t\t\t\t\t\t\t\t\t<option value=\"22:30\">\n\t\t\t\t\t\t\t\t\t\t\t22:30<\/option>\n\t\t\t\t\t\t\t\t\t\t<option value=\"22:45\">\n\t\t\t\t\t\t\t\t\t\t\t22:45<\/option>\n\t\t\t\t\t\t\t\t\t\t\t\t\t\t\t\t\t\t\t\t<option value=\"23:00\">\n\t\t\t\t\t\t\t\t\t\t\t23:00<\/option>\n\t\t\t\t\t\t\t\t\t\t<option value=\"23:15\">\n\t\t\t\t\t\t\t\t\t\t\t23:15<\/option>\n\t\t\t\t\t\t\t\t\t\t<option value=\"23:30\">\n\t\t\t\t\t\t\t\t\t\t\t23:30<\/option>\n\t\t\t\t\t\t\t\t\t\t<option value=\"23:45\">\n\t\t\t\t\t\t\t\t\t\t\t23:45<\/option>\n\t\t\t\t\t\t\t\t\t\t\t\t\t\t\t\t\t\t\t<\/select>\n\t\t\t\t\t\t\t\t<\/div>\n\t\t\t\t\t\t\t<\/div>\n\t\t\t\t\t\t<\/div>\n\t\t\t\t\t\t<div class=\"col-sm-6\">\n\t\t\t\t\t\t\t<div class=\"form-group\">\n\t\t\t\t\t\t\t\t<div id=\"bookingBox\"><\/div>\n\n\t\t\t\t\t\t\t\t<label for=\"devuelta\"><h4>D\u00e9p\u00f4t<\/h4><\/label>\n\t\t\t\t\t\t\t\t<select name=\"devuelta\" id=\"devuelta\" class=\"custom-select\">\n\t\t\t\t\t\t\t\t\t<option value=\"airport\"  selected>Malaga A\u00e9roport<\/option>\n\t\t\t\t\t\t\t\t\t\t\t\t\t\t\t\t<\/select>\n\n\t\t\t\t\t\t\t\t<div class=\"form-inline my-2\">\n\t\t\t\t\t\t\t\t\t<input id=\"dDate\" class=\"form-control\" value=\"14\/09\/2026\" name=\"dDate\" readonly>\n\t\t\t\t\t\t\t\t\t<select class=\"custom-select\" id=\"dhorasminutos\" name=\"dhorasminutos\" oninvalid=\"setCustomValidity('Faites-nous savoir votre heure de retour')\" onchange=\"setCustomValidity('')\">\n\t\t\t\t\t\t\t\t\t\t<option value=\"-\" selected>--:--<\/option>\n\t\t\t\t\t\t\t\t\t\t\t\t\t\t\t\t\t\t\t\t<option value=\"00:00\">\n\t\t\t\t\t\t\t\t\t\t\t00:00<\/option>\n\t\t\t\t\t\t\t\t\t\t<option value=\"00:15\">\n\t\t\t\t\t\t\t\t\t\t\t00:15<\/option>\n\t\t\t\t\t\t\t\t\t\t<option value=\"00:30\">\n\t\t\t\t\t\t\t\t\t\t\t00:30<\/option>\n\t\t\t\t\t\t\t\t\t\t<option value=\"00:45\">\n\t\t\t\t\t\t\t\t\t\t\t00:45<\/option>\n\t\t\t\t\t\t\t\t\t\t\t\t\t\t\t\t\t\t\t\t<option value=\"01:00\">\n\t\t\t\t\t\t\t\t\t\t\t01:00<\/option>\n\t\t\t\t\t\t\t\t\t\t<option value=\"01:15\">\n\t\t\t\t\t\t\t\t\t\t\t01:15<\/option>\n\t\t\t\t\t\t\t\t\t\t<option value=\"01:30\">\n\t\t\t\t\t\t\t\t\t\t\t01:30<\/option>\n\t\t\t\t\t\t\t\t\t\t<option value=\"01:45\">\n\t\t\t\t\t\t\t\t\t\t\t01:45<\/option>\n\t\t\t\t\t\t\t\t\t\t\t\t\t\t\t\t\t\t\t\t<option value=\"02:00\">\n\t\t\t\t\t\t\t\t\t\t\t02:00<\/option>\n\t\t\t\t\t\t\t\t\t\t<option value=\"02:15\">\n\t\t\t\t\t\t\t\t\t\t\t02:15<\/option>\n\t\t\t\t\t\t\t\t\t\t<option value=\"02:30\">\n\t\t\t\t\t\t\t\t\t\t\t02:30<\/option>\n\t\t\t\t\t\t\t\t\t\t<option value=\"02:45\">\n\t\t\t\t\t\t\t\t\t\t\t02:45<\/option>\n\t\t\t\t\t\t\t\t\t\t\t\t\t\t\t\t\t\t\t\t<option value=\"03:00\">\n\t\t\t\t\t\t\t\t\t\t\t03:00<\/option>\n\t\t\t\t\t\t\t\t\t\t<option value=\"03:15\">\n\t\t\t\t\t\t\t\t\t\t\t03:15<\/option>\n\t\t\t\t\t\t\t\t\t\t<option value=\"03:30\">\n\t\t\t\t\t\t\t\t\t\t\t03:30<\/option>\n\t\t\t\t\t\t\t\t\t\t<option value=\"03:45\">\n\t\t\t\t\t\t\t\t\t\t\t03:45<\/option>\n\t\t\t\t\t\t\t\t\t\t\t\t\t\t\t\t\t\t\t\t<option value=\"04:00\">\n\t\t\t\t\t\t\t\t\t\t\t04:00<\/option>\n\t\t\t\t\t\t\t\t\t\t<option value=\"04:15\">\n\t\t\t\t\t\t\t\t\t\t\t04:15<\/option>\n\t\t\t\t\t\t\t\t\t\t<option value=\"04:30\">\n\t\t\t\t\t\t\t\t\t\t\t04:30<\/option>\n\t\t\t\t\t\t\t\t\t\t<option value=\"04:45\">\n\t\t\t\t\t\t\t\t\t\t\t04:45<\/option>\n\t\t\t\t\t\t\t\t\t\t\t\t\t\t\t\t\t\t\t\t<option value=\"05:00\">\n\t\t\t\t\t\t\t\t\t\t\t05:00<\/option>\n\t\t\t\t\t\t\t\t\t\t<option value=\"05:15\">\n\t\t\t\t\t\t\t\t\t\t\t05:15<\/option>\n\t\t\t\t\t\t\t\t\t\t<option value=\"05:30\">\n\t\t\t\t\t\t\t\t\t\t\t05:30<\/option>\n\t\t\t\t\t\t\t\t\t\t<option value=\"05:45\">\n\t\t\t\t\t\t\t\t\t\t\t05:45<\/option>\n\t\t\t\t\t\t\t\t\t\t\t\t\t\t\t\t\t\t\t\t<option value=\"06:00\">\n\t\t\t\t\t\t\t\t\t\t\t06:00<\/option>\n\t\t\t\t\t\t\t\t\t\t<option value=\"06:15\">\n\t\t\t\t\t\t\t\t\t\t\t06:15<\/option>\n\t\t\t\t\t\t\t\t\t\t<option value=\"06:30\">\n\t\t\t\t\t\t\t\t\t\t\t06:30<\/option>\n\t\t\t\t\t\t\t\t\t\t<option value=\"06:45\">\n\t\t\t\t\t\t\t\t\t\t\t06:45<\/option>\n\t\t\t\t\t\t\t\t\t\t\t\t\t\t\t\t\t\t\t\t<option value=\"07:00\">\n\t\t\t\t\t\t\t\t\t\t\t07:00<\/option>\n\t\t\t\t\t\t\t\t\t\t<option value=\"07:15\">\n\t\t\t\t\t\t\t\t\t\t\t07:15<\/option>\n\t\t\t\t\t\t\t\t\t\t<option value=\"07:30\">\n\t\t\t\t\t\t\t\t\t\t\t07:30<\/option>\n\t\t\t\t\t\t\t\t\t\t<option value=\"07:45\">\n\t\t\t\t\t\t\t\t\t\t\t07:45<\/option>\n\t\t\t\t\t\t\t\t\t\t\t\t\t\t\t\t\t\t\t\t<option value=\"08:00\">\n\t\t\t\t\t\t\t\t\t\t\t08:00<\/option>\n\t\t\t\t\t\t\t\t\t\t<option value=\"08:15\">\n\t\t\t\t\t\t\t\t\t\t\t08:15<\/option>\n\t\t\t\t\t\t\t\t\t\t<option value=\"08:30\">\n\t\t\t\t\t\t\t\t\t\t\t08:30<\/option>\n\t\t\t\t\t\t\t\t\t\t<option value=\"08:45\">\n\t\t\t\t\t\t\t\t\t\t\t08:45<\/option>\n\t\t\t\t\t\t\t\t\t\t\t\t\t\t\t\t\t\t\t\t<option value=\"09:00\">\n\t\t\t\t\t\t\t\t\t\t\t09:00<\/option>\n\t\t\t\t\t\t\t\t\t\t<option value=\"09:15\">\n\t\t\t\t\t\t\t\t\t\t\t09:15<\/option>\n\t\t\t\t\t\t\t\t\t\t<option value=\"09:30\">\n\t\t\t\t\t\t\t\t\t\t\t09:30<\/option>\n\t\t\t\t\t\t\t\t\t\t<option value=\"09:45\">\n\t\t\t\t\t\t\t\t\t\t\t09:45<\/option>\n\t\t\t\t\t\t\t\t\t\t\t\t\t\t\t\t\t\t\t\t<option value=\"10:00\">\n\t\t\t\t\t\t\t\t\t\t\t10:00<\/option>\n\t\t\t\t\t\t\t\t\t\t<option value=\"10:15\">\n\t\t\t\t\t\t\t\t\t\t\t10:15<\/option>\n\t\t\t\t\t\t\t\t\t\t<option value=\"10:30\">\n\t\t\t\t\t\t\t\t\t\t\t10:30<\/option>\n\t\t\t\t\t\t\t\t\t\t<option value=\"10:45\">\n\t\t\t\t\t\t\t\t\t\t\t10:45<\/option>\n\t\t\t\t\t\t\t\t\t\t\t\t\t\t\t\t\t\t\t\t<option value=\"11:00\">\n\t\t\t\t\t\t\t\t\t\t\t11:00<\/option>\n\t\t\t\t\t\t\t\t\t\t<option value=\"11:15\">\n\t\t\t\t\t\t\t\t\t\t\t11:15<\/option>\n\t\t\t\t\t\t\t\t\t\t<option value=\"11:30\">\n\t\t\t\t\t\t\t\t\t\t\t11:30<\/option>\n\t\t\t\t\t\t\t\t\t\t<option value=\"11:45\">\n\t\t\t\t\t\t\t\t\t\t\t11:45<\/option>\n\t\t\t\t\t\t\t\t\t\t\t\t\t\t\t\t\t\t\t\t<option value=\"12:00\">\n\t\t\t\t\t\t\t\t\t\t\t12:00<\/option>\n\t\t\t\t\t\t\t\t\t\t<option value=\"12:15\">\n\t\t\t\t\t\t\t\t\t\t\t12:15<\/option>\n\t\t\t\t\t\t\t\t\t\t<option value=\"12:30\">\n\t\t\t\t\t\t\t\t\t\t\t12:30<\/option>\n\t\t\t\t\t\t\t\t\t\t<option value=\"12:45\">\n\t\t\t\t\t\t\t\t\t\t\t12:45<\/option>\n\t\t\t\t\t\t\t\t\t\t\t\t\t\t\t\t\t\t\t\t<option value=\"13:00\">\n\t\t\t\t\t\t\t\t\t\t\t13:00<\/option>\n\t\t\t\t\t\t\t\t\t\t<option value=\"13:15\">\n\t\t\t\t\t\t\t\t\t\t\t13:15<\/option>\n\t\t\t\t\t\t\t\t\t\t<option value=\"13:30\">\n\t\t\t\t\t\t\t\t\t\t\t13:30<\/option>\n\t\t\t\t\t\t\t\t\t\t<option value=\"13:45\">\n\t\t\t\t\t\t\t\t\t\t\t13:45<\/option>\n\t\t\t\t\t\t\t\t\t\t\t\t\t\t\t\t\t\t\t\t<option value=\"14:00\">\n\t\t\t\t\t\t\t\t\t\t\t14:00<\/option>\n\t\t\t\t\t\t\t\t\t\t<option value=\"14:15\">\n\t\t\t\t\t\t\t\t\t\t\t14:15<\/option>\n\t\t\t\t\t\t\t\t\t\t<option value=\"14:30\">\n\t\t\t\t\t\t\t\t\t\t\t14:30<\/option>\n\t\t\t\t\t\t\t\t\t\t<option value=\"14:45\">\n\t\t\t\t\t\t\t\t\t\t\t14:45<\/option>\n\t\t\t\t\t\t\t\t\t\t\t\t\t\t\t\t\t\t\t\t<option value=\"15:00\">\n\t\t\t\t\t\t\t\t\t\t\t15:00<\/option>\n\t\t\t\t\t\t\t\t\t\t<option value=\"15:15\">\n\t\t\t\t\t\t\t\t\t\t\t15:15<\/option>\n\t\t\t\t\t\t\t\t\t\t<option value=\"15:30\">\n\t\t\t\t\t\t\t\t\t\t\t15:30<\/option>\n\t\t\t\t\t\t\t\t\t\t<option value=\"15:45\">\n\t\t\t\t\t\t\t\t\t\t\t15:45<\/option>\n\t\t\t\t\t\t\t\t\t\t\t\t\t\t\t\t\t\t\t\t<option value=\"16:00\">\n\t\t\t\t\t\t\t\t\t\t\t16:00<\/option>\n\t\t\t\t\t\t\t\t\t\t<option value=\"16:15\">\n\t\t\t\t\t\t\t\t\t\t\t16:15<\/option>\n\t\t\t\t\t\t\t\t\t\t<option value=\"16:30\">\n\t\t\t\t\t\t\t\t\t\t\t16:30<\/option>\n\t\t\t\t\t\t\t\t\t\t<option value=\"16:45\">\n\t\t\t\t\t\t\t\t\t\t\t16:45<\/option>\n\t\t\t\t\t\t\t\t\t\t\t\t\t\t\t\t\t\t\t\t<option value=\"17:00\">\n\t\t\t\t\t\t\t\t\t\t\t17:00<\/option>\n\t\t\t\t\t\t\t\t\t\t<option value=\"17:15\">\n\t\t\t\t\t\t\t\t\t\t\t17:15<\/option>\n\t\t\t\t\t\t\t\t\t\t<option value=\"17:30\">\n\t\t\t\t\t\t\t\t\t\t\t17:30<\/option>\n\t\t\t\t\t\t\t\t\t\t<option value=\"17:45\">\n\t\t\t\t\t\t\t\t\t\t\t17:45<\/option>\n\t\t\t\t\t\t\t\t\t\t\t\t\t\t\t\t\t\t\t\t<option value=\"18:00\">\n\t\t\t\t\t\t\t\t\t\t\t18:00<\/option>\n\t\t\t\t\t\t\t\t\t\t<option value=\"18:15\">\n\t\t\t\t\t\t\t\t\t\t\t18:15<\/option>\n\t\t\t\t\t\t\t\t\t\t<option value=\"18:30\">\n\t\t\t\t\t\t\t\t\t\t\t18:30<\/option>\n\t\t\t\t\t\t\t\t\t\t<option value=\"18:45\">\n\t\t\t\t\t\t\t\t\t\t\t18:45<\/option>\n\t\t\t\t\t\t\t\t\t\t\t\t\t\t\t\t\t\t\t\t<option value=\"19:00\">\n\t\t\t\t\t\t\t\t\t\t\t19:00<\/option>\n\t\t\t\t\t\t\t\t\t\t<option value=\"19:15\">\n\t\t\t\t\t\t\t\t\t\t\t19:15<\/option>\n\t\t\t\t\t\t\t\t\t\t<option value=\"19:30\">\n\t\t\t\t\t\t\t\t\t\t\t19:30<\/option>\n\t\t\t\t\t\t\t\t\t\t<option value=\"19:45\">\n\t\t\t\t\t\t\t\t\t\t\t19:45<\/option>\n\t\t\t\t\t\t\t\t\t\t\t\t\t\t\t\t\t\t\t\t<option value=\"20:00\">\n\t\t\t\t\t\t\t\t\t\t\t20:00<\/option>\n\t\t\t\t\t\t\t\t\t\t<option value=\"20:15\">\n\t\t\t\t\t\t\t\t\t\t\t20:15<\/option>\n\t\t\t\t\t\t\t\t\t\t<option value=\"20:30\">\n\t\t\t\t\t\t\t\t\t\t\t20:30<\/option>\n\t\t\t\t\t\t\t\t\t\t<option value=\"20:45\">\n\t\t\t\t\t\t\t\t\t\t\t20:45<\/option>\n\t\t\t\t\t\t\t\t\t\t\t\t\t\t\t\t\t\t\t\t<option value=\"21:00\">\n\t\t\t\t\t\t\t\t\t\t\t21:00<\/option>\n\t\t\t\t\t\t\t\t\t\t<option value=\"21:15\">\n\t\t\t\t\t\t\t\t\t\t\t21:15<\/option>\n\t\t\t\t\t\t\t\t\t\t<option value=\"21:30\">\n\t\t\t\t\t\t\t\t\t\t\t21:30<\/option>\n\t\t\t\t\t\t\t\t\t\t<option value=\"21:45\">\n\t\t\t\t\t\t\t\t\t\t\t21:45<\/option>\n\t\t\t\t\t\t\t\t\t\t\t\t\t\t\t\t\t\t\t\t<option value=\"22:00\">\n\t\t\t\t\t\t\t\t\t\t\t22:00<\/option>\n\t\t\t\t\t\t\t\t\t\t<option value=\"22:15\">\n\t\t\t\t\t\t\t\t\t\t\t22:15<\/option>\n\t\t\t\t\t\t\t\t\t\t<option value=\"22:30\">\n\t\t\t\t\t\t\t\t\t\t\t22:30<\/option>\n\t\t\t\t\t\t\t\t\t\t<option value=\"22:45\">\n\t\t\t\t\t\t\t\t\t\t\t22:45<\/option>\n\t\t\t\t\t\t\t\t\t\t\t\t\t\t\t\t\t\t\t\t<option value=\"23:00\">\n\t\t\t\t\t\t\t\t\t\t\t23:00<\/option>\n\t\t\t\t\t\t\t\t\t\t<option value=\"23:15\">\n\t\t\t\t\t\t\t\t\t\t\t23:15<\/option>\n\t\t\t\t\t\t\t\t\t\t<option value=\"23:30\">\n\t\t\t\t\t\t\t\t\t\t\t23:30<\/option>\n\t\t\t\t\t\t\t\t\t\t<option value=\"23:45\">\n\t\t\t\t\t\t\t\t\t\t\t23:45<\/option>\n\t\t\t\t\t\t\t\t\t\t\t\t\t\t\t\t\t\t\t<\/select>\n\t\t\t\t\t\t\t\t<\/div>\n\t\t\t\t\t\t\t<\/div>\n\t\t\t\t\t\t<\/div>\n\n\t\t\t\t\t<\/div>\n\t\t\t\t\n\n\t\t\t\t\t\t<div class=\"row\">\n                               <div class=\"col-sm-6\">\n\t\t\t\t\t\t\t\t<div class=\"form-group promo-code\">\n\t\t\t\t\t\t\t\t\t\t\t\t\t\t\t\t\t<label for=\"tipogrupo\" class=\"w-50 text-right pr-3 pt-1\">Group<\/label>\n\t\t\t\t\t\t\t\t\t<select name=\"tipogrupo\" id=\"tipogrupo\" class=\"form-control w-50\">\n\t\t\t\t\t\t\t\t\t<option value=\"0\">Voir tous<\/option>\n\t\t\t                        <option value=\"1\">Standard<\/option> \n\t\t\t\t\t\t\t\t\t<option value=\"2\">Automatique<\/option>  \n\t\t\t\t\t\t\t\t\t<option value=\"4\">Transporteurs<\/option>  \n\t\t\t\t\t\t\t\t\t<option value=\"5\">Cabriolet et Sport<\/option>  \n\t\t\t\t\t\t\t\t\t<option value=\"6\">Prestige<\/option>  \n\t\t\t\t\t\t\t\t\t<option value=\"8\">SUV<\/option>  \n\t\t\t\t\t\t\t\t\t<option value=\"10\">Camping car et Autocaravane<\/option>  \t\t\t\t\t\t\t\n\t\t\t\t\t\t\t\t<\/select>\t\n\t\t\t\t\t\t\t\t\t\n\t\t\t\t\t\t\t<\/div>\n\t\t\t\t\t\t\t<\/div>\n\t\t\t\t\t\t<div class=\"col-sm-6 align-self-end\">\n\t\t\t\t\t\t\t<div class=\"form-group\">\n\t\t\t\t\t\t\t\t<input type=\"submit\" class=\"btn-quote\" value=\"Voir les prix\" onclick=\"return msgAlert()\">\n\t\t\t\t\t\t\t<\/div>\n\t\t\t\t\t\t<\/div>\n\t\t\t\t\t<\/div>\n\t\t\t\t<\/form>\n\t\t\t\t<div class=\"row hide-mini-tablet advantages\">\n\t\t\t\t\t\t<div class=\"col-12\">\n\t\t\t\t\t\t\t<h4 class=\"text-center text-white\">TARIFS IMBATTABLES<\/h4>\n\t\t\t\t\t\t\t<ul>\n\t\t\t\t\t\t\t\t<li><strong>Grande flotte<\/strong> de voitures neuves.<\/li>\n\t\t\t\t\t\t\t\t<li><strong>Payez \u00e0 l'arriv\u00e9e<\/strong>.<\/li>\n\t\t\t\t\t\t\t\t<li>Ce que vous voyez est ce que vous payez.<\/li>\n\t\t\t\t\t\t\t\t<li><strong>Pas difficile \u00e0 vendre au bureau<\/strong>.<\/li>\n\t\t\t\t\t\t\t\t<li>Service de livraison VIP gratuit.<\/li>\n\t\t\t\t\t\t\t\t<li><strong class='redpassion-alt'>PAS DE FRAIS SUPPL\u00c9MENTAIRES<\/strong>, pour le service de ravitaillement.<\/li>\n\t\t\t\t\t\t\t<\/ul>\n\t\t\t\t\t\t<\/div>\n\t\t\t\t\t<\/div>\n\t\t\t\t<\/div>\n\t\t\t<br clear=\"all\">\n\n","protected":false},"excerpt":{"rendered":"<p>Malaga en Mars est le moment de sortir et de s&rsquo;amuser avec l&rsquo;arriv\u00e9e du beau temps. Pour vous aider \u00e0 d\u00e9cider quoi faire pendant ces dates, nous allons vous proposer quelques activit\u00e9s et \u00e9v\u00e9nements. \u00cates-vous pr\u00eat \u00e0 participer \u00e0 l&rsquo;un des \u00e9v\u00e9nements et activit\u00e9s suivants en Mars \u00e0 Malaga ?<\/p>\n","protected":false},"author":1,"featured_media":503,"comment_status":"open","ping_status":"open","sticky":false,"template":"","format":"standard","meta":{"footnotes":""},"categories":[2],"tags":[5,4,52,6],"class_list":["post-502","post","type-post","status-publish","format-standard","has-post-thumbnail","hentry","category-loisirs","tag-choses-a-faire","tag-malaga","tag-mars","tag-quoi-faire"],"yoast_head":"<!-- This site is optimized with the Yoast SEO plugin v28.4 - https:\/\/yoast.com\/product\/yoast-seo-wordpress\/ -->\n<title>Choses \u00e0 faire \u00e0 Malaga en Mars 2026 - Blog de MalagaCar.com<\/title>\n<meta name=\"description\" content=\"Mars est le d\u00e9but du printemps \u00e0 Malaga avec de nombreuses activit\u00e9s pour tous les go\u00fbts. D\u00e9couvrez tout ce que vous pouvez faire \u00e0 Malaga en Mars.\" \/>\n<meta name=\"robots\" content=\"index, follow, max-snippet:-1, max-image-preview:large, max-video-preview:-1\" \/>\n<link rel=\"canonical\" href=\"https:\/\/www.malagacar.com\/fr\/blog\/loisirs\/choses-a-faire-en-malaga-en-mars\/\" \/>\n<meta property=\"og:locale\" content=\"fr_FR\" \/>\n<meta property=\"og:type\" content=\"article\" \/>\n<meta property=\"og:title\" content=\"Choses \u00e0 faire \u00e0 Malaga en Mars 2026 - Blog de MalagaCar.com\" \/>\n<meta property=\"og:description\" content=\"Mars est le d\u00e9but du printemps \u00e0 Malaga avec de nombreuses activit\u00e9s pour tous les go\u00fbts. D\u00e9couvrez tout ce que vous pouvez faire \u00e0 Malaga en Mars.\" \/>\n<meta property=\"og:url\" content=\"https:\/\/www.malagacar.com\/fr\/blog\/loisirs\/choses-a-faire-en-malaga-en-mars\/\" \/>\n<meta property=\"og:site_name\" content=\"Blog de MalagaCar.com\" \/>\n<meta property=\"article:publisher\" content=\"https:\/\/www.facebook.com\/malagacar\" \/>\n<meta property=\"article:published_time\" content=\"2026-02-18T05:51:01+00:00\" \/>\n<meta property=\"article:modified_time\" content=\"2026-03-12T06:46:56+00:00\" \/>\n<meta property=\"og:image\" content=\"https:\/\/www.malagacar.com\/fr\/blog\/wp-content\/uploads\/2023\/02\/03-fr.jpg\" \/>\n\t<meta property=\"og:image:width\" content=\"1000\" \/>\n\t<meta property=\"og:image:height\" content=\"896\" \/>\n\t<meta property=\"og:image:type\" content=\"image\/jpeg\" \/>\n<meta name=\"author\" content=\"MalagaCar.com\" \/>\n<meta name=\"twitter:card\" content=\"summary_large_image\" \/>\n<meta name=\"twitter:creator\" content=\"@malagacarcom\" \/>\n<meta name=\"twitter:site\" content=\"@malagacarcom\" \/>\n<meta name=\"twitter:label1\" content=\"\u00c9crit par\" \/>\n\t<meta name=\"twitter:data1\" content=\"MalagaCar.com\" \/>\n\t<meta name=\"twitter:label2\" content=\"Dur\u00e9e de lecture estim\u00e9e\" \/>\n\t<meta name=\"twitter:data2\" content=\"31 minutes\" \/>\n<script type=\"application\/ld+json\" class=\"yoast-schema-graph\">{\"@context\":\"https:\\\/\\\/schema.org\",\"@graph\":[{\"@type\":\"Article\",\"@id\":\"https:\\\/\\\/www.malagacar.com\\\/fr\\\/blog\\\/loisirs\\\/choses-a-faire-en-malaga-en-mars\\\/#article\",\"isPartOf\":{\"@id\":\"https:\\\/\\\/www.malagacar.com\\\/fr\\\/blog\\\/loisirs\\\/choses-a-faire-en-malaga-en-mars\\\/\"},\"author\":{\"name\":\"MalagaCar.com\",\"@id\":\"https:\\\/\\\/www.malagacar.com\\\/fr\\\/blog\\\/#\\\/schema\\\/person\\\/ffb97005d02bcc7d0bb59f5409635691\"},\"headline\":\"Choses \u00e0 faire \u00e0 Malaga en Mars 2026\",\"datePublished\":\"2026-02-18T05:51:01+00:00\",\"dateModified\":\"2026-03-12T06:46:56+00:00\",\"mainEntityOfPage\":{\"@id\":\"https:\\\/\\\/www.malagacar.com\\\/fr\\\/blog\\\/loisirs\\\/choses-a-faire-en-malaga-en-mars\\\/\"},\"wordCount\":4575,\"commentCount\":0,\"publisher\":{\"@id\":\"https:\\\/\\\/www.malagacar.com\\\/fr\\\/blog\\\/#organization\"},\"image\":{\"@id\":\"https:\\\/\\\/www.malagacar.com\\\/fr\\\/blog\\\/loisirs\\\/choses-a-faire-en-malaga-en-mars\\\/#primaryimage\"},\"thumbnailUrl\":\"https:\\\/\\\/www.malagacar.com\\\/fr\\\/blog\\\/wp-content\\\/uploads\\\/2023\\\/02\\\/03-fr.jpg\",\"keywords\":[\"choses \u00e0 faire\",\"malaga\",\"mars\",\"quoi faire\"],\"articleSection\":[\"Loisirs\"],\"inLanguage\":\"fr-FR\",\"potentialAction\":[{\"@type\":\"CommentAction\",\"name\":\"Comment\",\"target\":[\"https:\\\/\\\/www.malagacar.com\\\/fr\\\/blog\\\/loisirs\\\/choses-a-faire-en-malaga-en-mars\\\/#respond\"]}]},{\"@type\":\"WebPage\",\"@id\":\"https:\\\/\\\/www.malagacar.com\\\/fr\\\/blog\\\/loisirs\\\/choses-a-faire-en-malaga-en-mars\\\/\",\"url\":\"https:\\\/\\\/www.malagacar.com\\\/fr\\\/blog\\\/loisirs\\\/choses-a-faire-en-malaga-en-mars\\\/\",\"name\":\"Choses \u00e0 faire \u00e0 Malaga en Mars 2026 - Blog de MalagaCar.com\",\"isPartOf\":{\"@id\":\"https:\\\/\\\/www.malagacar.com\\\/fr\\\/blog\\\/#website\"},\"primaryImageOfPage\":{\"@id\":\"https:\\\/\\\/www.malagacar.com\\\/fr\\\/blog\\\/loisirs\\\/choses-a-faire-en-malaga-en-mars\\\/#primaryimage\"},\"image\":{\"@id\":\"https:\\\/\\\/www.malagacar.com\\\/fr\\\/blog\\\/loisirs\\\/choses-a-faire-en-malaga-en-mars\\\/#primaryimage\"},\"thumbnailUrl\":\"https:\\\/\\\/www.malagacar.com\\\/fr\\\/blog\\\/wp-content\\\/uploads\\\/2023\\\/02\\\/03-fr.jpg\",\"datePublished\":\"2026-02-18T05:51:01+00:00\",\"dateModified\":\"2026-03-12T06:46:56+00:00\",\"description\":\"Mars est le d\u00e9but du printemps \u00e0 Malaga avec de nombreuses activit\u00e9s pour tous les go\u00fbts. D\u00e9couvrez tout ce que vous pouvez faire \u00e0 Malaga en Mars.\",\"breadcrumb\":{\"@id\":\"https:\\\/\\\/www.malagacar.com\\\/fr\\\/blog\\\/loisirs\\\/choses-a-faire-en-malaga-en-mars\\\/#breadcrumb\"},\"inLanguage\":\"fr-FR\",\"potentialAction\":[{\"@type\":\"ReadAction\",\"target\":[\"https:\\\/\\\/www.malagacar.com\\\/fr\\\/blog\\\/loisirs\\\/choses-a-faire-en-malaga-en-mars\\\/\"]}]},{\"@type\":\"ImageObject\",\"inLanguage\":\"fr-FR\",\"@id\":\"https:\\\/\\\/www.malagacar.com\\\/fr\\\/blog\\\/loisirs\\\/choses-a-faire-en-malaga-en-mars\\\/#primaryimage\",\"url\":\"https:\\\/\\\/www.malagacar.com\\\/fr\\\/blog\\\/wp-content\\\/uploads\\\/2023\\\/02\\\/03-fr.jpg\",\"contentUrl\":\"https:\\\/\\\/www.malagacar.com\\\/fr\\\/blog\\\/wp-content\\\/uploads\\\/2023\\\/02\\\/03-fr.jpg\",\"width\":1000,\"height\":896},{\"@type\":\"BreadcrumbList\",\"@id\":\"https:\\\/\\\/www.malagacar.com\\\/fr\\\/blog\\\/loisirs\\\/choses-a-faire-en-malaga-en-mars\\\/#breadcrumb\",\"itemListElement\":[{\"@type\":\"ListItem\",\"position\":1,\"name\":\"Accueil\",\"item\":\"https:\\\/\\\/www.malagacar.com\\\/fr\\\/blog\\\/\"},{\"@type\":\"ListItem\",\"position\":2,\"name\":\"Choses \u00e0 faire \u00e0 Malaga en Mars 2026\"}]},{\"@type\":\"WebSite\",\"@id\":\"https:\\\/\\\/www.malagacar.com\\\/fr\\\/blog\\\/#website\",\"url\":\"https:\\\/\\\/www.malagacar.com\\\/fr\\\/blog\\\/\",\"name\":\"Blog de MalagaCar.com\",\"description\":\"Nouvelles et informations int\u00e9ressantes sur la location de voitures \u00e0 l&#039;a\u00e9roport de Malaga.\",\"publisher\":{\"@id\":\"https:\\\/\\\/www.malagacar.com\\\/fr\\\/blog\\\/#organization\"},\"potentialAction\":[{\"@type\":\"SearchAction\",\"target\":{\"@type\":\"EntryPoint\",\"urlTemplate\":\"https:\\\/\\\/www.malagacar.com\\\/fr\\\/blog\\\/?s={search_term_string}\"},\"query-input\":{\"@type\":\"PropertyValueSpecification\",\"valueRequired\":true,\"valueName\":\"search_term_string\"}}],\"inLanguage\":\"fr-FR\"},{\"@type\":\"Organization\",\"@id\":\"https:\\\/\\\/www.malagacar.com\\\/fr\\\/blog\\\/#organization\",\"name\":\"MalagaCar.com\",\"url\":\"https:\\\/\\\/www.malagacar.com\\\/fr\\\/blog\\\/\",\"logo\":{\"@type\":\"ImageObject\",\"inLanguage\":\"fr-FR\",\"@id\":\"https:\\\/\\\/www.malagacar.com\\\/fr\\\/blog\\\/#\\\/schema\\\/logo\\\/image\\\/\",\"url\":\"https:\\\/\\\/www.malagacar.com\\\/fr\\\/blog\\\/wp-content\\\/uploads\\\/2021\\\/06\\\/logo-malagacar-social.png\",\"contentUrl\":\"https:\\\/\\\/www.malagacar.com\\\/fr\\\/blog\\\/wp-content\\\/uploads\\\/2021\\\/06\\\/logo-malagacar-social.png\",\"width\":900,\"height\":900,\"caption\":\"MalagaCar.com\"},\"image\":{\"@id\":\"https:\\\/\\\/www.malagacar.com\\\/fr\\\/blog\\\/#\\\/schema\\\/logo\\\/image\\\/\"},\"sameAs\":[\"https:\\\/\\\/www.facebook.com\\\/malagacar\",\"https:\\\/\\\/x.com\\\/malagacarcom\",\"https:\\\/\\\/www.instagram.com\\\/malagacar\\\/\",\"https:\\\/\\\/www.linkedin.com\\\/company\\\/malagacar.com\",\"https:\\\/\\\/www.youtube.com\\\/c\\\/MalagacarAirport\"]},{\"@type\":\"Person\",\"@id\":\"https:\\\/\\\/www.malagacar.com\\\/fr\\\/blog\\\/#\\\/schema\\\/person\\\/ffb97005d02bcc7d0bb59f5409635691\",\"name\":\"MalagaCar.com\",\"image\":{\"@type\":\"ImageObject\",\"inLanguage\":\"fr-FR\",\"@id\":\"https:\\\/\\\/secure.gravatar.com\\\/avatar\\\/296ebc31026e7be05868369e4c596b3239b1582b2fcf8a45de57333e2e82bb82?s=96&d=mm&r=g\",\"url\":\"https:\\\/\\\/secure.gravatar.com\\\/avatar\\\/296ebc31026e7be05868369e4c596b3239b1582b2fcf8a45de57333e2e82bb82?s=96&d=mm&r=g\",\"contentUrl\":\"https:\\\/\\\/secure.gravatar.com\\\/avatar\\\/296ebc31026e7be05868369e4c596b3239b1582b2fcf8a45de57333e2e82bb82?s=96&d=mm&r=g\",\"caption\":\"MalagaCar.com\"},\"sameAs\":[\"https:\\\/\\\/www.malagacar.com\\\/fr\\\/blog\"]}]}<\/script>\n<!-- \/ Yoast SEO plugin. -->","yoast_head_json":{"title":"Choses \u00e0 faire \u00e0 Malaga en Mars 2026 - Blog de MalagaCar.com","description":"Mars est le d\u00e9but du printemps \u00e0 Malaga avec de nombreuses activit\u00e9s pour tous les go\u00fbts. D\u00e9couvrez tout ce que vous pouvez faire \u00e0 Malaga en Mars.","robots":{"index":"index","follow":"follow","max-snippet":"max-snippet:-1","max-image-preview":"max-image-preview:large","max-video-preview":"max-video-preview:-1"},"canonical":"https:\/\/www.malagacar.com\/fr\/blog\/loisirs\/choses-a-faire-en-malaga-en-mars\/","og_locale":"fr_FR","og_type":"article","og_title":"Choses \u00e0 faire \u00e0 Malaga en Mars 2026 - Blog de MalagaCar.com","og_description":"Mars est le d\u00e9but du printemps \u00e0 Malaga avec de nombreuses activit\u00e9s pour tous les go\u00fbts. D\u00e9couvrez tout ce que vous pouvez faire \u00e0 Malaga en Mars.","og_url":"https:\/\/www.malagacar.com\/fr\/blog\/loisirs\/choses-a-faire-en-malaga-en-mars\/","og_site_name":"Blog de MalagaCar.com","article_publisher":"https:\/\/www.facebook.com\/malagacar","article_published_time":"2026-02-18T05:51:01+00:00","article_modified_time":"2026-03-12T06:46:56+00:00","og_image":[{"width":1000,"height":896,"url":"https:\/\/www.malagacar.com\/fr\/blog\/wp-content\/uploads\/2023\/02\/03-fr.jpg","type":"image\/jpeg"}],"author":"MalagaCar.com","twitter_card":"summary_large_image","twitter_creator":"@malagacarcom","twitter_site":"@malagacarcom","twitter_misc":{"\u00c9crit par":"MalagaCar.com","Dur\u00e9e de lecture estim\u00e9e":"31 minutes"},"schema":{"@context":"https:\/\/schema.org","@graph":[{"@type":"Article","@id":"https:\/\/www.malagacar.com\/fr\/blog\/loisirs\/choses-a-faire-en-malaga-en-mars\/#article","isPartOf":{"@id":"https:\/\/www.malagacar.com\/fr\/blog\/loisirs\/choses-a-faire-en-malaga-en-mars\/"},"author":{"name":"MalagaCar.com","@id":"https:\/\/www.malagacar.com\/fr\/blog\/#\/schema\/person\/ffb97005d02bcc7d0bb59f5409635691"},"headline":"Choses \u00e0 faire \u00e0 Malaga en Mars 2026","datePublished":"2026-02-18T05:51:01+00:00","dateModified":"2026-03-12T06:46:56+00:00","mainEntityOfPage":{"@id":"https:\/\/www.malagacar.com\/fr\/blog\/loisirs\/choses-a-faire-en-malaga-en-mars\/"},"wordCount":4575,"commentCount":0,"publisher":{"@id":"https:\/\/www.malagacar.com\/fr\/blog\/#organization"},"image":{"@id":"https:\/\/www.malagacar.com\/fr\/blog\/loisirs\/choses-a-faire-en-malaga-en-mars\/#primaryimage"},"thumbnailUrl":"https:\/\/www.malagacar.com\/fr\/blog\/wp-content\/uploads\/2023\/02\/03-fr.jpg","keywords":["choses \u00e0 faire","malaga","mars","quoi faire"],"articleSection":["Loisirs"],"inLanguage":"fr-FR","potentialAction":[{"@type":"CommentAction","name":"Comment","target":["https:\/\/www.malagacar.com\/fr\/blog\/loisirs\/choses-a-faire-en-malaga-en-mars\/#respond"]}]},{"@type":"WebPage","@id":"https:\/\/www.malagacar.com\/fr\/blog\/loisirs\/choses-a-faire-en-malaga-en-mars\/","url":"https:\/\/www.malagacar.com\/fr\/blog\/loisirs\/choses-a-faire-en-malaga-en-mars\/","name":"Choses \u00e0 faire \u00e0 Malaga en Mars 2026 - Blog de MalagaCar.com","isPartOf":{"@id":"https:\/\/www.malagacar.com\/fr\/blog\/#website"},"primaryImageOfPage":{"@id":"https:\/\/www.malagacar.com\/fr\/blog\/loisirs\/choses-a-faire-en-malaga-en-mars\/#primaryimage"},"image":{"@id":"https:\/\/www.malagacar.com\/fr\/blog\/loisirs\/choses-a-faire-en-malaga-en-mars\/#primaryimage"},"thumbnailUrl":"https:\/\/www.malagacar.com\/fr\/blog\/wp-content\/uploads\/2023\/02\/03-fr.jpg","datePublished":"2026-02-18T05:51:01+00:00","dateModified":"2026-03-12T06:46:56+00:00","description":"Mars est le d\u00e9but du printemps \u00e0 Malaga avec de nombreuses activit\u00e9s pour tous les go\u00fbts. D\u00e9couvrez tout ce que vous pouvez faire \u00e0 Malaga en Mars.","breadcrumb":{"@id":"https:\/\/www.malagacar.com\/fr\/blog\/loisirs\/choses-a-faire-en-malaga-en-mars\/#breadcrumb"},"inLanguage":"fr-FR","potentialAction":[{"@type":"ReadAction","target":["https:\/\/www.malagacar.com\/fr\/blog\/loisirs\/choses-a-faire-en-malaga-en-mars\/"]}]},{"@type":"ImageObject","inLanguage":"fr-FR","@id":"https:\/\/www.malagacar.com\/fr\/blog\/loisirs\/choses-a-faire-en-malaga-en-mars\/#primaryimage","url":"https:\/\/www.malagacar.com\/fr\/blog\/wp-content\/uploads\/2023\/02\/03-fr.jpg","contentUrl":"https:\/\/www.malagacar.com\/fr\/blog\/wp-content\/uploads\/2023\/02\/03-fr.jpg","width":1000,"height":896},{"@type":"BreadcrumbList","@id":"https:\/\/www.malagacar.com\/fr\/blog\/loisirs\/choses-a-faire-en-malaga-en-mars\/#breadcrumb","itemListElement":[{"@type":"ListItem","position":1,"name":"Accueil","item":"https:\/\/www.malagacar.com\/fr\/blog\/"},{"@type":"ListItem","position":2,"name":"Choses \u00e0 faire \u00e0 Malaga en Mars 2026"}]},{"@type":"WebSite","@id":"https:\/\/www.malagacar.com\/fr\/blog\/#website","url":"https:\/\/www.malagacar.com\/fr\/blog\/","name":"Blog de MalagaCar.com","description":"Nouvelles et informations int\u00e9ressantes sur la location de voitures \u00e0 l&#039;a\u00e9roport de Malaga.","publisher":{"@id":"https:\/\/www.malagacar.com\/fr\/blog\/#organization"},"potentialAction":[{"@type":"SearchAction","target":{"@type":"EntryPoint","urlTemplate":"https:\/\/www.malagacar.com\/fr\/blog\/?s={search_term_string}"},"query-input":{"@type":"PropertyValueSpecification","valueRequired":true,"valueName":"search_term_string"}}],"inLanguage":"fr-FR"},{"@type":"Organization","@id":"https:\/\/www.malagacar.com\/fr\/blog\/#organization","name":"MalagaCar.com","url":"https:\/\/www.malagacar.com\/fr\/blog\/","logo":{"@type":"ImageObject","inLanguage":"fr-FR","@id":"https:\/\/www.malagacar.com\/fr\/blog\/#\/schema\/logo\/image\/","url":"https:\/\/www.malagacar.com\/fr\/blog\/wp-content\/uploads\/2021\/06\/logo-malagacar-social.png","contentUrl":"https:\/\/www.malagacar.com\/fr\/blog\/wp-content\/uploads\/2021\/06\/logo-malagacar-social.png","width":900,"height":900,"caption":"MalagaCar.com"},"image":{"@id":"https:\/\/www.malagacar.com\/fr\/blog\/#\/schema\/logo\/image\/"},"sameAs":["https:\/\/www.facebook.com\/malagacar","https:\/\/x.com\/malagacarcom","https:\/\/www.instagram.com\/malagacar\/","https:\/\/www.linkedin.com\/company\/malagacar.com","https:\/\/www.youtube.com\/c\/MalagacarAirport"]},{"@type":"Person","@id":"https:\/\/www.malagacar.com\/fr\/blog\/#\/schema\/person\/ffb97005d02bcc7d0bb59f5409635691","name":"MalagaCar.com","image":{"@type":"ImageObject","inLanguage":"fr-FR","@id":"https:\/\/secure.gravatar.com\/avatar\/296ebc31026e7be05868369e4c596b3239b1582b2fcf8a45de57333e2e82bb82?s=96&d=mm&r=g","url":"https:\/\/secure.gravatar.com\/avatar\/296ebc31026e7be05868369e4c596b3239b1582b2fcf8a45de57333e2e82bb82?s=96&d=mm&r=g","contentUrl":"https:\/\/secure.gravatar.com\/avatar\/296ebc31026e7be05868369e4c596b3239b1582b2fcf8a45de57333e2e82bb82?s=96&d=mm&r=g","caption":"MalagaCar.com"},"sameAs":["https:\/\/www.malagacar.com\/fr\/blog"]}]}},"_links":{"self":[{"href":"https:\/\/www.malagacar.com\/fr\/blog\/wp-json\/wp\/v2\/posts\/502","targetHints":{"allow":["GET"]}}],"collection":[{"href":"https:\/\/www.malagacar.com\/fr\/blog\/wp-json\/wp\/v2\/posts"}],"about":[{"href":"https:\/\/www.malagacar.com\/fr\/blog\/wp-json\/wp\/v2\/types\/post"}],"author":[{"embeddable":true,"href":"https:\/\/www.malagacar.com\/fr\/blog\/wp-json\/wp\/v2\/users\/1"}],"replies":[{"embeddable":true,"href":"https:\/\/www.malagacar.com\/fr\/blog\/wp-json\/wp\/v2\/comments?post=502"}],"version-history":[{"count":46,"href":"https:\/\/www.malagacar.com\/fr\/blog\/wp-json\/wp\/v2\/posts\/502\/revisions"}],"predecessor-version":[{"id":3240,"href":"https:\/\/www.malagacar.com\/fr\/blog\/wp-json\/wp\/v2\/posts\/502\/revisions\/3240"}],"wp:featuredmedia":[{"embeddable":true,"href":"https:\/\/www.malagacar.com\/fr\/blog\/wp-json\/wp\/v2\/media\/503"}],"wp:attachment":[{"href":"https:\/\/www.malagacar.com\/fr\/blog\/wp-json\/wp\/v2\/media?parent=502"}],"wp:term":[{"taxonomy":"category","embeddable":true,"href":"https:\/\/www.malagacar.com\/fr\/blog\/wp-json\/wp\/v2\/categories?post=502"},{"taxonomy":"post_tag","embeddable":true,"href":"https:\/\/www.malagacar.com\/fr\/blog\/wp-json\/wp\/v2\/tags?post=502"}],"curies":[{"name":"wp","href":"https:\/\/api.w.org\/{rel}","templated":true}]}}