{"id":516,"date":"2026-03-30T10:52:08","date_gmt":"2026-03-30T08:52:08","guid":{"rendered":"https:\/\/www.malagacar.com\/fr\/blog\/?p=516"},"modified":"2026-04-15T12:05:44","modified_gmt":"2026-04-15T10:05:44","slug":"choses-a-faire-en-malaga-en-avril","status":"publish","type":"post","link":"https:\/\/www.malagacar.com\/fr\/blog\/loisirs\/choses-a-faire-en-malaga-en-avril\/","title":{"rendered":"Choses \u00e0 faire \u00e0 Malaga en Avril 2025"},"content":{"rendered":"<p>Que voir \u00e0 Malaga en Avril ? \u00cates-vous pr\u00eat \u00e0 f\u00eater le printemps ? Pr\u00e9parez-vous, ce mois d&rsquo;Avril \u00e0 Malaga d\u00e9borde d&rsquo;activit\u00e9s et d&rsquo;\u00e9v\u00e9nements, avec beaucoup de musique !<\/p>\n<p><!--more--><\/p>\n\n            <div class=\"banner\">\n                <div class=\"row\">\n                    <div class=\"col-sm-4\">\n                        <a href=\"\/fr\/location-de-voitures\/quote.php\" data-wpel-link=\"internal\"><img decoding=\"async\" src=\"\/images\/banner-img.jpg\" alt=\"malagacar.com\"><\/a>\n                    <\/div>\n                    <div class=\"col-sm-8\">\n                      <a href=\"\/fr\/location-de-voitures\/quote.php\" class=\"banner-title\" data-wpel-link=\"internal\">Meilleure location de voitures <div>\u00e0 l'a\u00e9roport de Malaga<\/div><\/a>   \n                        <div class=\"row\">\n                            <div class=\"col-sm-7\">\n                                <ul>\n                                    <li>Pas de frais de ravitaillement<\/li>\n                                    <li>Annulation gratuite<\/li>\n                                    <li>Location sans interm\u00e9diaire<\/li>\n                                    <li>Payez lorsque vous prenez la voiture<\/li>\n                                    <li><\/li>\n                                <\/ul>\n                            <\/div>\n                            <div class=\"col-sm-5\">\n                                <a class=\"btn-banner\" href=\"\/fr\/location-de-voitures\/quote.php\" data-wpel-link=\"internal\">Consultez les prix<\/a>\n                                <img decoding=\"async\" class=\"zonturent\" src=\"\/images\/zontu-banner.png\" alt=\"\">\n                            <\/div>\n                        <\/div>\n                    <\/div>\n                 <\/div>  \n            <\/div>\n            \n<div id=\"ez-toc-container\" class=\"ez-toc-v2_0_87 counter-hierarchy ez-toc-counter ez-toc-light-blue ez-toc-container-direction\">\n<p class=\"ez-toc-title\" style=\"cursor:inherit\">Table des mati\u00e8res<\/p>\n<label for=\"ez-toc-cssicon-toggle-item-6a9a3ed944779\" class=\"ez-toc-cssicon-toggle-label\"><span class=\"\"><span class=\"eztoc-hide\" style=\"display:none;\">Toggle<\/span><span class=\"ez-toc-icon-toggle-span\"><svg style=\"fill: #999;color:#999\" xmlns=\"http:\/\/www.w3.org\/2000\/svg\" class=\"list-377408\" width=\"20px\" height=\"20px\" viewBox=\"0 0 24 24\" fill=\"none\"><path d=\"M6 6H4v2h2V6zm14 0H8v2h12V6zM4 11h2v2H4v-2zm16 0H8v2h12v-2zM4 16h2v2H4v-2zm16 0H8v2h12v-2z\" fill=\"currentColor\"><\/path><\/svg><svg style=\"fill: #999;color:#999\" class=\"arrow-unsorted-368013\" xmlns=\"http:\/\/www.w3.org\/2000\/svg\" width=\"10px\" height=\"10px\" viewBox=\"0 0 24 24\" version=\"1.2\" baseProfile=\"tiny\"><path d=\"M18.2 9.3l-6.2-6.3-6.2 6.3c-.2.2-.3.4-.3.7s.1.5.3.7c.2.2.4.3.7.3h11c.3 0 .5-.1.7-.3.2-.2.3-.5.3-.7s-.1-.5-.3-.7zM5.8 14.7l6.2 6.3 6.2-6.3c.2-.2.3-.5.3-.7s-.1-.5-.3-.7c-.2-.2-.4-.3-.7-.3h-11c-.3 0-.5.1-.7.3-.2.2-.3.5-.3.7s.1.5.3.7z\"\/><\/svg><\/span><\/span><\/label><input type=\"checkbox\"  id=\"ez-toc-cssicon-toggle-item-6a9a3ed944779\"  aria-label=\"Toggle\" \/><nav><ul class='ez-toc-list ez-toc-list-level-1 ' ><li class='ez-toc-page-1 ez-toc-heading-level-2'><a class=\"ez-toc-link ez-toc-heading-1\" href=\"https:\/\/www.malagacar.com\/fr\/blog\/loisirs\/choses-a-faire-en-malaga-en-avril\/#Choses_a_faire_a_Malaga_en_Avril\" data-wpel-link=\"internal\">Choses \u00e0 faire \u00e0 Malaga en Avril<\/a><ul class='ez-toc-list-level-3' ><li class='ez-toc-heading-level-3'><a class=\"ez-toc-link ez-toc-heading-2\" href=\"https:\/\/www.malagacar.com\/fr\/blog\/loisirs\/choses-a-faire-en-malaga-en-avril\/#Salon_du_livre_%E2%80%93_Malaga\" data-wpel-link=\"internal\">Salon du livre &#8211; Malaga<\/a><\/li><li class='ez-toc-page-1 ez-toc-heading-level-3'><a class=\"ez-toc-link ez-toc-heading-3\" href=\"https:\/\/www.malagacar.com\/fr\/blog\/loisirs\/choses-a-faire-en-malaga-en-avril\/#Brunch_Electronic_%E2%80%93_Malaga\" data-wpel-link=\"internal\">Brunch Electronic \u2013 Malaga<\/a><\/li><li class='ez-toc-page-1 ez-toc-heading-level-3'><a class=\"ez-toc-link ez-toc-heading-4\" href=\"https:\/\/www.malagacar.com\/fr\/blog\/loisirs\/choses-a-faire-en-malaga-en-avril\/#Patiner_dans_la_rue_%E2%80%93_Benalmadena\" data-wpel-link=\"internal\">Patiner dans la rue \u2013 Benalmadena<\/a><\/li><li class='ez-toc-page-1 ez-toc-heading-level-3'><a class=\"ez-toc-link ez-toc-heading-5\" href=\"https:\/\/www.malagacar.com\/fr\/blog\/loisirs\/choses-a-faire-en-malaga-en-avril\/#%E2%80%98Estepona_vit_dans_ses_rues_%E2%80%93_Estepona\" data-wpel-link=\"internal\">&lsquo;Estepona vit dans ses rues&rsquo; \u2013 Estepona<\/a><\/li><li class='ez-toc-page-1 ez-toc-heading-level-3'><a class=\"ez-toc-link ez-toc-heading-6\" href=\"https:\/\/www.malagacar.com\/fr\/blog\/loisirs\/choses-a-faire-en-malaga-en-avril\/#Foire_internationale_des_pays_%E2%80%93_Fuengirola\" data-wpel-link=\"internal\">Foire internationale des pays &#8211; Fuengirola<\/a><\/li><li class='ez-toc-page-1 ez-toc-heading-level-3'><a class=\"ez-toc-link ez-toc-heading-7\" href=\"https:\/\/www.malagacar.com\/fr\/blog\/loisirs\/choses-a-faire-en-malaga-en-avril\/#Festival_des_arts_vivants_%E2%80%93_Malaga\" data-wpel-link=\"internal\">Festival des arts vivants \u2013 Malaga<\/a><\/li><li class='ez-toc-page-1 ez-toc-heading-level-3'><a class=\"ez-toc-link ez-toc-heading-8\" href=\"https:\/\/www.malagacar.com\/fr\/blog\/loisirs\/choses-a-faire-en-malaga-en-avril\/#Passion_equestre_%E2%80%93_Nerja\" data-wpel-link=\"internal\">Passion \u00e9questre \u2013 Nerja<\/a><\/li><li class='ez-toc-page-1 ez-toc-heading-level-3'><a class=\"ez-toc-link ez-toc-heading-9\" href=\"https:\/\/www.malagacar.com\/fr\/blog\/loisirs\/choses-a-faire-en-malaga-en-avril\/#Afternoon_Tea_a_lhotel_El_Fuerte_%E2%80%93_Marbella\" data-wpel-link=\"internal\">Afternoon Tea \u00e0 l&rsquo;h\u00f4tel El Fuerte \u2013 Marbella<\/a><\/li><li class='ez-toc-page-1 ez-toc-heading-level-3'><a class=\"ez-toc-link ez-toc-heading-10\" href=\"https:\/\/www.malagacar.com\/fr\/blog\/loisirs\/choses-a-faire-en-malaga-en-avril\/#Tahona_Fest_%E2%80%93_Comares\" data-wpel-link=\"internal\">Tahona Fest \u2013 Comares<\/a><\/li><li class='ez-toc-page-1 ez-toc-heading-level-3'><a class=\"ez-toc-link ez-toc-heading-11\" href=\"https:\/\/www.malagacar.com\/fr\/blog\/loisirs\/choses-a-faire-en-malaga-en-avril\/#Journees_des_residents_internationaux_%E2%80%93_Torremolinos\" data-wpel-link=\"internal\">Journ\u00e9es des r\u00e9sidents internationaux \u2013 Torremolinos<\/a><\/li><li class='ez-toc-page-1 ez-toc-heading-level-3'><a class=\"ez-toc-link ez-toc-heading-12\" href=\"https:\/\/www.malagacar.com\/fr\/blog\/loisirs\/choses-a-faire-en-malaga-en-avril\/#Festival_du_velo_%E2%80%93_Benalmadena\" data-wpel-link=\"internal\">Festival du v\u00e9lo \u2013 Benalmadena<\/a><\/li><li class='ez-toc-page-1 ez-toc-heading-level-3'><a class=\"ez-toc-link ez-toc-heading-13\" href=\"https:\/\/www.malagacar.com\/fr\/blog\/loisirs\/choses-a-faire-en-malaga-en-avril\/#Festival_Al-Andalus_%E2%80%93_Pizarra\" data-wpel-link=\"internal\">Festival Al-Andalus \u2013 Pizarra<\/a><\/li><li class='ez-toc-page-1 ez-toc-heading-level-3'><a class=\"ez-toc-link ez-toc-heading-14\" href=\"https:\/\/www.malagacar.com\/fr\/blog\/loisirs\/choses-a-faire-en-malaga-en-avril\/#Kings_Day_%E2%80%93_Marbella\" data-wpel-link=\"internal\">King\u2019s Day &#8211; Marbella<\/a><\/li><li class='ez-toc-page-1 ez-toc-heading-level-3'><a class=\"ez-toc-link ez-toc-heading-15\" href=\"https:\/\/www.malagacar.com\/fr\/blog\/loisirs\/choses-a-faire-en-malaga-en-avril\/#ChefsForChildren_%E2%80%93_Marbella\" data-wpel-link=\"internal\">ChefsForChildren &#8211; Marbella<\/a><\/li><li class='ez-toc-page-1 ez-toc-heading-level-3'><a class=\"ez-toc-link ez-toc-heading-16\" href=\"https:\/\/www.malagacar.com\/fr\/blog\/loisirs\/choses-a-faire-en-malaga-en-avril\/#Festival_de_theatre_%E2%80%93_Malaga\" data-wpel-link=\"internal\">Festival de th\u00e9\u00e2tre \u2013 Malaga<\/a><\/li><li class='ez-toc-page-1 ez-toc-heading-level-3'><a class=\"ez-toc-link ez-toc-heading-17\" href=\"https:\/\/www.malagacar.com\/fr\/blog\/loisirs\/choses-a-faire-en-malaga-en-avril\/#Calamorro_Skyrace_%E2%80%93_Benalmadena\" data-wpel-link=\"internal\">Calamorro Skyrace &#8211; Benalmadena<\/a><\/li><li class='ez-toc-page-1 ez-toc-heading-level-3'><a class=\"ez-toc-link ez-toc-heading-18\" href=\"https:\/\/www.malagacar.com\/fr\/blog\/loisirs\/choses-a-faire-en-malaga-en-avril\/#Festival_des_cerisiers_en_fleurs_%E2%80%93_Alfarnate\" data-wpel-link=\"internal\">Festival des cerisiers en fleurs &#8211; Alfarnate<\/a><\/li><li class='ez-toc-page-1 ez-toc-heading-level-3'><a class=\"ez-toc-link ez-toc-heading-19\" href=\"https:\/\/www.malagacar.com\/fr\/blog\/loisirs\/choses-a-faire-en-malaga-en-avril\/#Marche_du_cirque_%E2%80%93_Las_Lagunas_de_Mijas\" data-wpel-link=\"internal\">March\u00e9 du cirque\u00a0&#8211; Las Lagunas de Mijas<\/a><\/li><li class='ez-toc-page-1 ez-toc-heading-level-3'><a class=\"ez-toc-link ez-toc-heading-20\" href=\"https:\/\/www.malagacar.com\/fr\/blog\/loisirs\/choses-a-faire-en-malaga-en-avril\/#Concerts_Candelight_%E2%80%93_Malaga\" data-wpel-link=\"internal\">Concerts Candelight &#8211; Malaga<\/a><\/li><li class='ez-toc-page-1 ez-toc-heading-level-3'><a class=\"ez-toc-link ez-toc-heading-21\" href=\"https:\/\/www.malagacar.com\/fr\/blog\/loisirs\/choses-a-faire-en-malaga-en-avril\/#Concerts_Candelight_%E2%80%93_Marbella\" data-wpel-link=\"internal\">Concerts Candelight &#8211; Marbella<\/a><\/li><li class='ez-toc-page-1 ez-toc-heading-level-3'><a class=\"ez-toc-link ez-toc-heading-22\" href=\"https:\/\/www.malagacar.com\/fr\/blog\/loisirs\/choses-a-faire-en-malaga-en-avril\/#Pleine_lune_a_Hydros_Spa_%E2%80%93_Benalmadena\" data-wpel-link=\"internal\">Pleine lune \u00e0 Hydros Spa &#8211; Benalmadena<\/a><\/li><li class='ez-toc-page-1 ez-toc-heading-level-3'><a class=\"ez-toc-link ez-toc-heading-23\" href=\"https:\/\/www.malagacar.com\/fr\/blog\/loisirs\/choses-a-faire-en-malaga-en-avril\/#Rally_Penas_Blancas_%E2%80%93_Estepona\" data-wpel-link=\"internal\">Rally Pe\u00f1as Blancas &#8211; Estepona<\/a><\/li><li class='ez-toc-page-1 ez-toc-heading-level-3'><a class=\"ez-toc-link ez-toc-heading-24\" href=\"https:\/\/www.malagacar.com\/fr\/blog\/loisirs\/choses-a-faire-en-malaga-en-avril\/#Foire_aux_plantes_de_collection_%E2%80%93_Benalmadena\" data-wpel-link=\"internal\">Foire aux plantes de collection\u00a0\u2013 Benalmadena<\/a><\/li><li class='ez-toc-page-1 ez-toc-heading-level-3'><a class=\"ez-toc-link ez-toc-heading-25\" href=\"https:\/\/www.malagacar.com\/fr\/blog\/loisirs\/choses-a-faire-en-malaga-en-avril\/#%C2%AB_Cap_sur_le_port%C2%BB_%E2%80%93_Benalmadena\" data-wpel-link=\"internal\">\u00ab Cap sur le port\u00bb &#8211; Benalmadena<\/a><\/li><li class='ez-toc-page-1 ez-toc-heading-level-3'><a class=\"ez-toc-link ez-toc-heading-26\" href=\"https:\/\/www.malagacar.com\/fr\/blog\/loisirs\/choses-a-faire-en-malaga-en-avril\/#Samedis_du_vin_au_musee_%E2%80%93_Malaga\" data-wpel-link=\"internal\">Samedis du vin au mus\u00e9e &#8211; Malaga<\/a><\/li><li class='ez-toc-page-1 ez-toc-heading-level-3'><a class=\"ez-toc-link ez-toc-heading-27\" href=\"https:\/\/www.malagacar.com\/fr\/blog\/loisirs\/choses-a-faire-en-malaga-en-avril\/#Visite_nocturne_du_cimetiere_anglais_%E2%80%93_Malaga\" data-wpel-link=\"internal\">Visite nocturne du cimeti\u00e8re anglais &#8211; Malaga<\/a><\/li><li class='ez-toc-page-1 ez-toc-heading-level-3'><a class=\"ez-toc-link ez-toc-heading-28\" href=\"https:\/\/www.malagacar.com\/fr\/blog\/loisirs\/choses-a-faire-en-malaga-en-avril\/#Visite_theatrale_de_la_grotte_aux_tresors_%E2%80%93_Rincon_de_la_Victoria\" data-wpel-link=\"internal\">Visite th\u00e9\u00e2trale de la grotte aux tr\u00e9sors &#8211; Rinc\u00f3n de la Victoria<\/a><\/li><li class='ez-toc-page-1 ez-toc-heading-level-3'><a class=\"ez-toc-link ez-toc-heading-29\" href=\"https:\/\/www.malagacar.com\/fr\/blog\/loisirs\/choses-a-faire-en-malaga-en-avril\/#Degustation_de_bieres_artisanales_%E2%80%93_Malaga\" data-wpel-link=\"internal\">D\u00e9gustation de bi\u00e8res artisanales &#8211; Malaga<\/a><\/li><li class='ez-toc-page-1 ez-toc-heading-level-3'><a class=\"ez-toc-link ez-toc-heading-30\" href=\"https:\/\/www.malagacar.com\/fr\/blog\/loisirs\/choses-a-faire-en-malaga-en-avril\/#Route_des_ammonites_%E2%80%93_Torcal_de_Antequera\" data-wpel-link=\"internal\">Route des ammonites &#8211; Torcal de Antequera<\/a><\/li><\/ul><\/li><li class='ez-toc-page-1 ez-toc-heading-level-2'><a class=\"ez-toc-link ez-toc-heading-31\" href=\"https:\/\/www.malagacar.com\/fr\/blog\/loisirs\/choses-a-faire-en-malaga-en-avril\/#Paques_a_Malaga_2026\" data-wpel-link=\"internal\">P\u00e2ques \u00e0 Malaga 2026<\/a><\/li><li class='ez-toc-page-1 ez-toc-heading-level-2'><a class=\"ez-toc-link ez-toc-heading-32\" href=\"https:\/\/www.malagacar.com\/fr\/blog\/loisirs\/choses-a-faire-en-malaga-en-avril\/#Marches_de_rue_a_Malaga_en_avril\" data-wpel-link=\"internal\">March\u00e9s de rue \u00e0 Malaga en avril<\/a><ul class='ez-toc-list-level-3' ><li class='ez-toc-heading-level-3'><a class=\"ez-toc-link ez-toc-heading-33\" href=\"https:\/\/www.malagacar.com\/fr\/blog\/loisirs\/choses-a-faire-en-malaga-en-avril\/#Marche_de_lartisanat_La_Merced_%E2%80%93_Malaga\" data-wpel-link=\"internal\">March\u00e9 de l&rsquo;artisanat La Merced &#8211; Malaga<\/a><\/li><li class='ez-toc-page-1 ez-toc-heading-level-3'><a class=\"ez-toc-link ez-toc-heading-34\" href=\"https:\/\/www.malagacar.com\/fr\/blog\/loisirs\/choses-a-faire-en-malaga-en-avril\/#_Marche_urbain_Soho_%E2%80%93_Malaga\" data-wpel-link=\"internal\">\u00a0March\u00e9 urbain\u00a0Soho &#8211; Malaga<\/a><\/li><li class='ez-toc-page-1 ez-toc-heading-level-3'><a class=\"ez-toc-link ez-toc-heading-35\" href=\"https:\/\/www.malagacar.com\/fr\/blog\/loisirs\/choses-a-faire-en-malaga-en-avril\/#Le_marche_des_cimetieres_anglais_%E2%80%93_Malaga\" data-wpel-link=\"internal\">Le march\u00e9 des cimeti\u00e8res anglais \u2013 Malaga<\/a><\/li><li class='ez-toc-page-1 ez-toc-heading-level-3'><a class=\"ez-toc-link ez-toc-heading-36\" href=\"https:\/\/www.malagacar.com\/fr\/blog\/loisirs\/choses-a-faire-en-malaga-en-avril\/#Marche_artisanal_de_Cartama\" data-wpel-link=\"internal\">March\u00e9 artisanal de C\u00e1rtama<\/a><\/li><li class='ez-toc-page-1 ez-toc-heading-level-3'><a class=\"ez-toc-link ez-toc-heading-37\" href=\"https:\/\/www.malagacar.com\/fr\/blog\/loisirs\/choses-a-faire-en-malaga-en-avril\/#Marche_mensuel_%E2%80%93_Corumbela_Axarquia\" data-wpel-link=\"internal\">March\u00e9 mensuel \u2013 Corumbela, Axarqu\u00eda<\/a><\/li><li class='ez-toc-page-1 ez-toc-heading-level-3'><a class=\"ez-toc-link ez-toc-heading-38\" href=\"https:\/\/www.malagacar.com\/fr\/blog\/loisirs\/choses-a-faire-en-malaga-en-avril\/#Puerto_Market_%E2%80%93_Benalmadena\" data-wpel-link=\"internal\">Puerto Market \u2013 Benalmadena<\/a><\/li><li class='ez-toc-page-1 ez-toc-heading-level-3'><a class=\"ez-toc-link ez-toc-heading-39\" href=\"https:\/\/www.malagacar.com\/fr\/blog\/loisirs\/choses-a-faire-en-malaga-en-avril\/#Marche_artisanal_%E2%80%93_Torrox_Pueblo\" data-wpel-link=\"internal\">March\u00e9 artisanal \u2013 Torrox Pueblo<\/a><\/li><li class='ez-toc-page-1 ez-toc-heading-level-3'><a class=\"ez-toc-link ez-toc-heading-40\" href=\"https:\/\/www.malagacar.com\/fr\/blog\/loisirs\/choses-a-faire-en-malaga-en-avril\/#Marches_aux_puces_et_marches_de_rue_dans_la_province\" data-wpel-link=\"internal\">March\u00e9s aux puces et march\u00e9s de rue dans la province<\/a><\/li><\/ul><\/li><li class='ez-toc-page-1 ez-toc-heading-level-2'><a class=\"ez-toc-link ez-toc-heading-41\" href=\"https:\/\/www.malagacar.com\/fr\/blog\/loisirs\/choses-a-faire-en-malaga-en-avril\/#Visite_des_musees_de_Malaga\" data-wpel-link=\"internal\">Visite des mus\u00e9es de Malaga<\/a><ul class='ez-toc-list-level-3' ><li class='ez-toc-heading-level-3'><a class=\"ez-toc-link ez-toc-heading-42\" href=\"https:\/\/www.malagacar.com\/fr\/blog\/loisirs\/choses-a-faire-en-malaga-en-avril\/#Visites_guidees_gratuites_%E2%80%93_Musee_de_Malaga\" data-wpel-link=\"internal\">Visites guid\u00e9es gratuites &#8211; Mus\u00e9e de Malaga<\/a><\/li><li class='ez-toc-page-1 ez-toc-heading-level-3'><a class=\"ez-toc-link ez-toc-heading-43\" href=\"https:\/\/www.malagacar.com\/fr\/blog\/loisirs\/choses-a-faire-en-malaga-en-avril\/#Visites_guidees_jardin_botanique_historique_de_La_Concepcion_%E2%80%93_Malaga\" data-wpel-link=\"internal\">Visites guid\u00e9es jardin botanique historique de La Concepci\u00f3n &#8211; Malaga<\/a><\/li><li class='ez-toc-page-1 ez-toc-heading-level-3'><a class=\"ez-toc-link ez-toc-heading-44\" href=\"https:\/\/www.malagacar.com\/fr\/blog\/loisirs\/choses-a-faire-en-malaga-en-avril\/#Visite_de_la_Brasserie_Victoria_%E2%80%93_Malaga\" data-wpel-link=\"internal\">Visite de la Brasserie Victoria &#8211; Malaga<\/a><\/li><li class='ez-toc-page-1 ez-toc-heading-level-3'><a class=\"ez-toc-link ez-toc-heading-45\" href=\"https:\/\/www.malagacar.com\/fr\/blog\/loisirs\/choses-a-faire-en-malaga-en-avril\/#Visites_nocturnes_theatralisees_musee_de_lautomobile_%E2%80%93_Malaga\" data-wpel-link=\"internal\">Visites nocturnes th\u00e9\u00e2tralis\u00e9es mus\u00e9e de l&rsquo;automobile &#8211; Malaga<\/a><\/li><\/ul><\/li><li class='ez-toc-page-1 ez-toc-heading-level-2'><a class=\"ez-toc-link ez-toc-heading-46\" href=\"https:\/\/www.malagacar.com\/fr\/blog\/loisirs\/choses-a-faire-en-malaga-en-avril\/#Concerts_du_Marenostrum_Fuengirola_cet_ete\" data-wpel-link=\"internal\">Concerts du Marenostrum Fuengirola cet \u00e9t\u00e9<\/a><\/li><li class='ez-toc-page-1 ez-toc-heading-level-2'><a class=\"ez-toc-link ez-toc-heading-47\" href=\"https:\/\/www.malagacar.com\/fr\/blog\/loisirs\/choses-a-faire-en-malaga-en-avril\/#Concerts_Starlite_Marbella_cet_ete\" data-wpel-link=\"internal\">Concerts Starlite Marbella cet \u00e9t\u00e9<\/a><\/li><li class='ez-toc-page-1 ez-toc-heading-level-2'><a class=\"ez-toc-link ez-toc-heading-48\" href=\"https:\/\/www.malagacar.com\/fr\/blog\/loisirs\/choses-a-faire-en-malaga-en-avril\/#Festivals_de_musique_sur_la_Costa_del_Sol_2026\" data-wpel-link=\"internal\">Festivals de musique sur la Costa del Sol 2026<\/a><\/li><li class='ez-toc-page-1 ez-toc-heading-level-2'><a class=\"ez-toc-link ez-toc-heading-49\" href=\"https:\/\/www.malagacar.com\/fr\/blog\/loisirs\/choses-a-faire-en-malaga-en-avril\/#Ouverture_de_saison_des_clubs_de_plage\" data-wpel-link=\"internal\">Ouverture de saison des clubs de plage<\/a><\/li><li class='ez-toc-page-1 ez-toc-heading-level-2'><a class=\"ez-toc-link ez-toc-heading-50\" href=\"https:\/\/www.malagacar.com\/fr\/blog\/loisirs\/choses-a-faire-en-malaga-en-avril\/#Fetes_gastronomiques_a_Malaga_en_Avril\" data-wpel-link=\"internal\">F\u00eates gastronomiques \u00e0 Malaga en Avril<\/a><ul class='ez-toc-list-level-3' ><li class='ez-toc-heading-level-3'><a class=\"ez-toc-link ez-toc-heading-51\" href=\"https:\/\/www.malagacar.com\/fr\/blog\/loisirs\/choses-a-faire-en-malaga-en-avril\/#Foire_au_fromage_%E2%80%93_Estepona\" data-wpel-link=\"internal\">Foire au fromage \u2013 Estepona<\/a><\/li><li class='ez-toc-page-1 ez-toc-heading-level-3'><a class=\"ez-toc-link ez-toc-heading-52\" href=\"https:\/\/www.malagacar.com\/fr\/blog\/loisirs\/choses-a-faire-en-malaga-en-avril\/#Itineraire_des_plats_typiques_de_Malaga_pendant_le_Careme\" data-wpel-link=\"internal\">Itin\u00e9raire des plats typiques de Malaga pendant le Car\u00eame<\/a><\/li><li class='ez-toc-page-1 ez-toc-heading-level-3'><a class=\"ez-toc-link ez-toc-heading-53\" href=\"https:\/\/www.malagacar.com\/fr\/blog\/loisirs\/choses-a-faire-en-malaga-en-avril\/#Route_Ajobacalao_a_Velez-Malaga\" data-wpel-link=\"internal\">Route Ajobacalao \u00e0 V\u00e9lez-M\u00e1laga<\/a><\/li><li class='ez-toc-page-1 ez-toc-heading-level-3'><a class=\"ez-toc-link ez-toc-heading-54\" href=\"https:\/\/www.malagacar.com\/fr\/blog\/loisirs\/choses-a-faire-en-malaga-en-avril\/#%E2%80%9CGout_Casares%E2%80%9D_%E2%80%93_Casares\" data-wpel-link=\"internal\">\u201cGo\u00fbt Casares\u201d &#8211; Casares<\/a><\/li><li class='ez-toc-page-1 ez-toc-heading-level-3'><a class=\"ez-toc-link ez-toc-heading-55\" href=\"https:\/\/www.malagacar.com\/fr\/blog\/loisirs\/choses-a-faire-en-malaga-en-avril\/#Journee_de_lasperge_%E2%80%93_Sierra_de_Yeguas\" data-wpel-link=\"internal\">Journ\u00e9e de l&rsquo;asperge &#8211; Sierra de Yeguas<\/a><\/li><li class='ez-toc-page-1 ez-toc-heading-level-3'><a class=\"ez-toc-link ez-toc-heading-56\" href=\"https:\/\/www.malagacar.com\/fr\/blog\/loisirs\/choses-a-faire-en-malaga-en-avril\/#Journee_du_boudin_noir_%E2%80%93_Canillas_de_Aceituno\" data-wpel-link=\"internal\">Journ\u00e9e du boudin noir &#8211; Canillas de Aceituno<\/a><\/li><li class='ez-toc-page-1 ez-toc-heading-level-3'><a class=\"ez-toc-link ez-toc-heading-57\" href=\"https:\/\/www.malagacar.com\/fr\/blog\/loisirs\/choses-a-faire-en-malaga-en-avril\/#Pipeo_Day_%E2%80%93_Casarabonela\" data-wpel-link=\"internal\">Pipeo Day &#8211; Casarabonela<\/a><\/li><li class='ez-toc-page-1 ez-toc-heading-level-3'><a class=\"ez-toc-link ez-toc-heading-58\" href=\"https:\/\/www.malagacar.com\/fr\/blog\/loisirs\/choses-a-faire-en-malaga-en-avril\/#Journee_des_haricots_%E2%80%93_Villanueva_de_la_Concepcion\" data-wpel-link=\"internal\">Journ\u00e9e des haricots &#8211; Villanueva de la Concepci\u00f3n<\/a><\/li><li class='ez-toc-page-1 ez-toc-heading-level-3'><a class=\"ez-toc-link ez-toc-heading-59\" href=\"https:\/\/www.malagacar.com\/fr\/blog\/loisirs\/choses-a-faire-en-malaga-en-avril\/#Festival_de_la_campagne_%E2%80%93_Benamargosa\" data-wpel-link=\"internal\">Festival de la campagne &#8211; Benamargosa<\/a><\/li><li class='ez-toc-page-1 ez-toc-heading-level-3'><a class=\"ez-toc-link ez-toc-heading-60\" href=\"https:\/\/www.malagacar.com\/fr\/blog\/loisirs\/choses-a-faire-en-malaga-en-avril\/#Journee_de_lhuile_dolive_%E2%80%93_Periana\" data-wpel-link=\"internal\">Journ\u00e9e de l&rsquo;huile d&rsquo;olive \u2013 Periana<\/a><\/li><\/ul><\/li><li class='ez-toc-page-1 ez-toc-heading-level-2'><a class=\"ez-toc-link ez-toc-heading-61\" href=\"https:\/\/www.malagacar.com\/fr\/blog\/loisirs\/choses-a-faire-en-malaga-en-avril\/#Meteo_a_Malaga_en_Avril\" data-wpel-link=\"internal\">M\u00e9t\u00e9o \u00e0 Malaga en Avril<\/a><ul class='ez-toc-list-level-3' ><li class='ez-toc-heading-level-3'><a class=\"ez-toc-link ez-toc-heading-62\" href=\"https:\/\/www.malagacar.com\/fr\/blog\/loisirs\/choses-a-faire-en-malaga-en-avril\/#Quel_temps_nous_attend_donc_en_Avril\" data-wpel-link=\"internal\">Quel temps nous attend donc en Avril ?<\/a><\/li><li class='ez-toc-page-1 ez-toc-heading-level-3'><a class=\"ez-toc-link ez-toc-heading-63\" href=\"https:\/\/www.malagacar.com\/fr\/blog\/loisirs\/choses-a-faire-en-malaga-en-avril\/#Quels_vetements_dois-je_prendre\" data-wpel-link=\"internal\">Quels v\u00eatements dois-je prendre ?<\/a><\/li><\/ul><\/li><\/ul><\/nav><\/div>\n<h2><span class=\"ez-toc-section\" id=\"Choses_a_faire_a_Malaga_en_Avril\"><\/span>Choses \u00e0 faire \u00e0 Malaga en Avril<span class=\"ez-toc-section-end\"><\/span><\/h2>\n<h3><span class=\"ez-toc-section\" id=\"Salon_du_livre_%E2%80%93_Malaga\"><\/span>Salon du livre &#8211; Malaga<span class=\"ez-toc-section-end\"><\/span><\/h3>\n<p><img loading=\"lazy\" decoding=\"async\" class=\"alignnone size-large wp-image-19314\" src=\"https:\/\/www.malagacar.com\/sp\/blog\/wp-content\/uploads\/2026\/03\/feria-del-libro-1024x316.jpg\" alt=\"Feria del Libro - M\u00e1laga\" width=\"750\" height=\"231\" \/><\/p>\n<p>Visitez le Salon du livre du Paseo del Parque, \u00e0 deux pas du centre historique et de la mer. Comptant parmi les \u00e9v\u00e9nements litt\u00e9raires les plus importants de la ville, le Salon du livre c\u00e9l\u00e8bre cette ann\u00e9e sa 55e \u00e9dition avec un programme riche et vari\u00e9\u00a0: pr\u00e9sentations de livres, conf\u00e9rences et rencontres avec des auteurs nationaux et internationaux.<\/p>\n<ul>\n<li><a href=\"https:\/\/ferialibromalaga.com\/\" data-wpel-link=\"external\" rel=\"external noopener noreferrer\"><strong>Informations compl\u00e9mentaires et programme<\/strong><\/a><\/li>\n<li>Dates : du 30 avril au 10 mai<\/li>\n<li>Lieu : Paseo del Parque, Malaga<\/li>\n<li><a href=\"https:\/\/maps.app.goo.gl\/3FzFxRJq34pTwQGg6\" data-wpel-link=\"external\" rel=\"external noopener noreferrer\"><strong>Comment s&rsquo;y rendre<\/strong><\/a><\/li>\n<\/ul>\n<h3><span class=\"ez-toc-section\" id=\"Brunch_Electronic_%E2%80%93_Malaga\"><\/span>Brunch Electronic \u2013 Malaga<span class=\"ez-toc-section-end\"><\/span><\/h3>\n<p><img loading=\"lazy\" decoding=\"async\" class=\"alignnone size-large wp-image-19309\" src=\"https:\/\/www.malagacar.com\/sp\/blog\/wp-content\/uploads\/2025\/04\/brunch-electronic-1024x544.jpg\" alt=\"Brunch Electronic \u2013 M\u00e1laga\" width=\"750\" height=\"398\" \/><\/p>\n<p>Les amateurs de musique \u00e9lectronique internationale ne manqueront pas cet \u00e9v\u00e9nement incontournable. Brunch Electronic s&rsquo;installe chaque printemps et automne \u00e0 l&rsquo;Auditorium Cortijo de Torres de Malaga, en plein air.<\/p>\n<p>Sa particularit\u00e9\u00a0? Se d\u00e9rouler le samedi apr\u00e8s-midi, de 18h \u00e0 2h du matin, dans une ambiance festive et d\u00e9contract\u00e9e. Le festival est \u00e9galement r\u00e9put\u00e9 pour son atmosph\u00e8re positive, son engagement \u00e9coresponsable, son esprit communautaire et son ouverture \u00e0 tous. Si vous aimez danser sur de la techno et de la house, venez nous rejoindre\u00a0! Vous allez adorer. Des espaces de d\u00e9tente et de restauration sont \u00e9galement disponibles sur place.<\/p>\n<ul>\n<li><a href=\"https:\/\/malaga.brunchelectronik.com\/\" data-wpel-link=\"external\" rel=\"external noopener noreferrer\"><strong>Billets<\/strong><\/a><\/li>\n<li>Dates : 18 et 25 avril, 2 mai<\/li>\n<li>Lieu : Auditorium municipal Cortijo de Torres, Malaga<\/li>\n<li><a href=\"https:\/\/maps.app.goo.gl\/6cLKeUZQH9GwtxeUA\" data-wpel-link=\"external\" rel=\"external noopener noreferrer\"><strong>Comment s&rsquo;y rendre<\/strong><\/a><\/li>\n<\/ul>\n<h3><span class=\"ez-toc-section\" id=\"Patiner_dans_la_rue_%E2%80%93_Benalmadena\"><\/span>Patiner dans la rue \u2013 Benalmadena<span class=\"ez-toc-section-end\"><\/span><\/h3>\n<p><img loading=\"lazy\" decoding=\"async\" class=\"alignnone size-large wp-image-19287\" src=\"https:\/\/www.malagacar.com\/sp\/blog\/wp-content\/uploads\/2026\/03\/Patina-en-la-calle-Benalmadena-1024x728.jpg\" alt=\"Patina en la Calle \u2013 Benalm\u00e1dena\" width=\"750\" height=\"533\" \/><\/p>\n<p>Participez \u00e0 l&rsquo;un des \u00e9v\u00e9nements sportifs les plus populaires de Benalm\u00e1dena pendant les mois d&rsquo;\u00e9t\u00e9 : le street skating !<\/p>\n<p>Pour sa seizi\u00e8me \u00e9dition, cette activit\u00e9 gratuite est ouverte \u00e0 tous. Chaussez vos patins et profitez d&rsquo;un parcours dans les rues pi\u00e9tonnes de la ville.<\/p>\n<h4>Rendez-vous \u00e0 Arroyo de la Miel aux dates suivantes\u00a0:<\/h4>\n<p>10 avril, 8 mai et 12 juin, \u00e0 20h00, au d\u00e9part de la Casa de la Cultura (Centre Culturel) \u00e0 Arroyo de la Miel.<\/p>\n<ul>\n<li>Dates : 10 avril, 8 mai et 12 juin \u00e0 20h<\/li>\n<li>Lieu : D\u00e9part de la Casa de la Cultura \u00e0 Arroyo de la Miel<\/li>\n<li><a href=\"https:\/\/maps.app.goo.gl\/zuTBf9Q44V89u3uw9\" data-wpel-link=\"external\" rel=\"external noopener noreferrer\"><strong>Comment s&rsquo;y rendre<\/strong><\/a><\/li>\n<\/ul>\n<h3><span class=\"ez-toc-section\" id=\"%E2%80%98Estepona_vit_dans_ses_rues_%E2%80%93_Estepona\"><\/span>&lsquo;Estepona vit dans ses rues&rsquo; \u2013 Estepona<span class=\"ez-toc-section-end\"><\/span><\/h3>\n<p><img loading=\"lazy\" decoding=\"async\" class=\"alignnone wp-image-19260\" src=\"https:\/\/www.malagacar.com\/sp\/blog\/wp-content\/uploads\/2026\/03\/Estepona-vive-sus-calles.jpg\" alt=\"'Estepona vive sus calles' \u2013 Estepona\" width=\"500\" height=\"721\" \/><\/p>\n<p>Profitez de cette nouvelle \u00e9dition d&rsquo;\u00ab Estepona vit dans ses rues \u00bb pour d\u00e9couvrir Estepona, surnomm\u00e9e ces derni\u00e8res ann\u00e9es \u00ab le jardin de la Costa del Sol \u00bb.<\/p>\n<p>L&rsquo;\u00e9v\u00e9nement se d\u00e9roulera du 17 au 19 avril dans les rues et sur les places de la ville, avec un programme riche et vari\u00e9 pour tous les \u00e2ges. Au programme : foire aux fromages, concerts gratuits, concours national de sculpture sur jambon et spectacles pour enfants.<\/p>\n<h4>Programme<\/h4>\n<p><strong>Vendredi 17 mai<\/strong><\/p>\n<ul>\n<li>De 12h \u00e0 22h. Rue Real. Foire aux fromages POPI, Saveurs de Malaga.<\/li>\n<li>De 20h \u00e0 23h. 15e Route des Tapas, Saveurs d&rsquo;Estepona. R\u00e9cup\u00e9rez votre \u00ab passeport \u00bb \u00e0 l&rsquo;Office de Tourisme et dans les \u00e9tablissements participants et participez au concours des \u00ab Meilleures Tapas \u00bb. De nombreux prix sont \u00e0 gagner !<\/li>\n<li>20h. Repr\u00e9sentation th\u00e9\u00e2trale au Jardin botanique des Orchid\u00e9es.<\/li>\n<li>20h. Place Antonia Guerrero. Concert du Ch\u0153ur de l&rsquo;\u00c9cole Scandinave de Madrid.<\/li>\n<li>20h. Place Casa Ca\u00f1ada. Concert de musique de chambre.<\/li>\n<\/ul>\n<p><strong>Samedi 18 mai<\/strong><\/p>\n<ul>\n<li>12h00. Place Antonia Guerrero. Spectacle pour enfants avec clowns et animations.<\/li>\n<li>12h00 \u00e0 22h00. Rue R\u00e9al. XIe Foire aux fromages \u00ab\u00a0Sabor a M\u00e1laga\u00a0\u00bb (Le go\u00fbt de Malaga).<br \/>\n13h00 \u00e0 16h00 et 20h00 \u00e0 23h00. 15\u00e8me Route Annuelle des Tapas, \u00ab\u00a0Saborea Estepona\u00a0\u00bb (Go\u00fbtez Estepona).<\/li>\n<li>18h00. Rue Terraza. Spectacle de danse urbaine.<\/li>\n<li>19h00. Maison de las Tejerinas, Plaza de Las Flores. Spectacle de chant flamenco.<\/li>\n<li>20h00. Calle Montemayor, quartier Cancelada. D\u00e9fil\u00e9 de mode flamenco.<\/li>\n<li>20h00. Place Antonia Guerrero. Concerts live avec des m\u00e9lodies inoubliables des ann\u00e9es 50 et 60.<\/li>\n<li>20h00. Centre commercial Diana, quartier Nueva Atalaya. Monica Garrido en concert.<\/li>\n<li>21h30. Rue Montemayor, quartier Cancelada. Performance du groupe Kalima.<\/li>\n<li>22h00. Place Ajedrez. Concert live de Chenoa. En cas de pluie, le concert aura lieu au stand de la ville au parc des expositions.<\/li>\n<\/ul>\n<p><strong>Dimanche 19 mai<\/strong><\/p>\n<ul>\n<li>De 12h \u00e0 18h. Promenade, pr\u00e8s de la sculpture \u00ab Dog I \u00bb. F\u00eate des enfants : spectacle, chasse au tr\u00e9sor, ch\u00e2teaux gonflables, atelier de tatouages \u200b\u200b\u00e9ph\u00e9m\u00e8res, maquillage, sculpture de ballons et activit\u00e9s manuelles.<\/li>\n<li>De 12h \u00e0 16h. Calle Real. Concours national de sculpture sur jambon.<\/li>\n<li>De 12h \u00e0 22h. Calle Real. Foire aux fromages \u00ab Saveurs de Malaga \u00bb.<\/li>\n<li>De 13h \u00e0 16h. 15e \u00e9dition de la Route des tapas \u00ab\u00a0Savourez Estepona\u00a0\u00bb.<\/li>\n<\/ul>\n<ul>\n<li>Dates : du 17 au 19 avril<\/li>\n<li>Lieu : Estepona<\/li>\n<li><a href=\"https:\/\/maps.app.goo.gl\/gQ6aJSxzBiLqPfDJ7\" data-wpel-link=\"external\" rel=\"external noopener noreferrer\"><strong>Comment s&rsquo;y rendre<\/strong><\/a><\/li>\n<\/ul>\n<h3><span class=\"ez-toc-section\" id=\"Foire_internationale_des_pays_%E2%80%93_Fuengirola\"><\/span>Foire internationale des pays &#8211; Fuengirola<span class=\"ez-toc-section-end\"><\/span><\/h3>\n<p><img loading=\"lazy\" decoding=\"async\" class=\"alignnone wp-image-2276\" src=\"https:\/\/www.malagacar.com\/fr\/blog\/wp-content\/uploads\/2025\/03\/feria-paises-fr.jpg\" alt=\"Festival International des Peuples Fuengirola\" width=\"540\" height=\"540\" srcset=\"https:\/\/www.malagacar.com\/fr\/blog\/wp-content\/uploads\/2025\/03\/feria-paises-fr.jpg 1200w, https:\/\/www.malagacar.com\/fr\/blog\/wp-content\/uploads\/2025\/03\/feria-paises-fr-300x300.jpg 300w, https:\/\/www.malagacar.com\/fr\/blog\/wp-content\/uploads\/2025\/03\/feria-paises-fr-1024x1024.jpg 1024w, https:\/\/www.malagacar.com\/fr\/blog\/wp-content\/uploads\/2025\/03\/feria-paises-fr-150x150.jpg 150w, https:\/\/www.malagacar.com\/fr\/blog\/wp-content\/uploads\/2025\/03\/feria-paises-fr-768x768.jpg 768w, https:\/\/www.malagacar.com\/fr\/blog\/wp-content\/uploads\/2025\/03\/feria-paises-fr-125x125.jpg 125w\" sizes=\"auto, (max-width: 540px) 100vw, 540px\" \/><\/p>\n<p>Faites le tour du monde en 4 jours lors de l&rsquo;un des \u00e9v\u00e9nements les plus populaires, les plus color\u00e9s et les plus amusants de la Costa del Sol !<\/p>\n<p>Chaque ann\u00e9e, Fuengirola rend hommage \u00e0 ses habitants de plus de 100 nationalit\u00e9s diff\u00e9rentes dans le cadre de ce grand festival. Vous pourrez y d\u00e9couvrir et appr\u00e9cier la culture, la gastronomie, l&rsquo;artisanat et le folklore de plus de 30 pays participants.<\/p>\n<p>La Foire internationale des pays de Fuengirola se tiendra cette ann\u00e9e du 29 avril au 3 mai au Parc des expositions de Fuengirola. Le d\u00e9fil\u00e9 d&rsquo;ouverture haut en couleurs, \u00e0 ne manquer sous aucun pr\u00e9texte, aura lieu le 1er mai\u00a0!<\/p>\n<ul>\n<li>Retrouvez toutes les informations pratiques pour profiter pleinement de cet \u00e9v\u00e9nement incontournable dans notre \u00e9dition sp\u00e9ciale <a href=\"https:\/\/www.malagacar.com\/fr\/blog\/loisirs\/festival-international-des-peuples-fuengirola\/\" data-wpel-link=\"internal\"><strong>Festival international des nations de Fuengirola 2026<\/strong><\/a>.<\/li>\n<li>Quand : Du 29 avril au 3 mai<br \/>\nO\u00f9 : Fuengirola Champ de foire<\/li>\n<li><a href=\"https:\/\/maps.app.goo.gl\/EEXqBisngDpcbmQXA\" data-wpel-link=\"external\" rel=\"external noopener noreferrer\"><strong>Comment s&rsquo;y rendre<\/strong><\/a><\/li>\n<\/ul>\n<h3><span class=\"ez-toc-section\" id=\"Festival_des_arts_vivants_%E2%80%93_Malaga\"><\/span>Festival des arts vivants \u2013 Malaga<span class=\"ez-toc-section-end\"><\/span><\/h3>\n<p><img loading=\"lazy\" decoding=\"async\" class=\"alignnone size-large wp-image-19229\" src=\"https:\/\/www.malagacar.com\/sp\/blog\/wp-content\/uploads\/2026\/03\/Festival-de-Artes-Vivas-1024x576.jpg\" alt=\"Festival de Artes Vivas \u2013 M\u00e1laga\" width=\"750\" height=\"422\" \/><\/p>\n<p>La deuxi\u00e8me \u00e9dition du Festival des Arts Vivants (FAV) transformera plusieurs <a href=\"https:\/\/www.malagacar.com\/fr\/blog\/loisirs\/meilleurs-musees-malaga\/\" data-wpel-link=\"internal\"><strong>mus\u00e9es de Malaga<\/strong><\/a> en une sc\u00e8ne d&rsquo;envergure d\u00e9di\u00e9e \u00e0 la cr\u00e9ation contemporaine.<\/p>\n<p>Le festival se d\u00e9roulera du 13 au 25 avril et proposera, entre autres activit\u00e9s, des spectacles de danse, du th\u00e9\u00e2tre et des ateliers participatifs au Centre Pompidou Malaga, au Mus\u00e9e de la Maison Natale de Picasso, \u00e0 la Collection du Mus\u00e9e Russe \/ MEET et au MUCAC La Coracha.<\/p>\n<ul>\n<li>Programme complet disponible \u00e0 <a href=\"https:\/\/www.centrepompidou-malaga.eu\/wp-content\/uploads\/folletos\/programacion_festival_artes_vivas_web.pdf\" data-wpel-link=\"external\" rel=\"external noopener noreferrer\"><strong>ce lien<\/strong><\/a><\/li>\n<\/ul>\n<h3><span class=\"ez-toc-section\" id=\"Passion_equestre_%E2%80%93_Nerja\"><\/span>Passion \u00e9questre \u2013 Nerja<span class=\"ez-toc-section-end\"><\/span><\/h3>\n<p><img loading=\"lazy\" decoding=\"async\" class=\"alignnone size-full wp-image-19230\" src=\"https:\/\/www.malagacar.com\/sp\/blog\/wp-content\/uploads\/2026\/03\/Pasion-ecuestre-Nerja.jpg\" alt=\"Pasi\u00f3n Ecuestre \u2013 Nerja\" width=\"417\" height=\"590\" \/><\/p>\n<p>Les 11 et 12 avril, Nerja c\u00e9l\u00e8bre l&rsquo;un des \u00e9v\u00e9nements phares de son calendrier culturel et sportif. Lors de la \u00ab\u00a0Passion \u00c9questre\u00a0\u00bb, vous pourrez assister \u00e0 des d\u00e9monstrations de dressage, \u00e0 des comp\u00e9titions \u00e9questres vari\u00e9es et admirer la participation de diff\u00e9rentes races de chevaux et de mules.<\/p>\n<p>L&rsquo;\u00e9v\u00e9nement se d\u00e9roule en plein air sur la plage d&rsquo;El Playazo.<\/p>\n<ul>\n<li>Quand : 11 et 12 avril, de 10h \u00e0 minuit<\/li>\n<li>O\u00f9 : Plage de Playazo, Nerja<\/li>\n<li><a href=\"https:\/\/maps.app.goo.gl\/v81rQAV5hvGkMs8Q7\" data-wpel-link=\"external\" rel=\"external noopener noreferrer\"><strong>Comment s&rsquo;y rendre<\/strong><\/a><\/li>\n<\/ul>\n<h3><span class=\"ez-toc-section\" id=\"Afternoon_Tea_a_lhotel_El_Fuerte_%E2%80%93_Marbella\"><\/span>Afternoon Tea \u00e0 l&rsquo;h\u00f4tel El Fuerte \u2013 Marbella<span class=\"ez-toc-section-end\"><\/span><\/h3>\n<p><img loading=\"lazy\" decoding=\"async\" class=\"alignnone size-full wp-image-19140\" src=\"https:\/\/www.malagacar.com\/sp\/blog\/wp-content\/uploads\/2025\/03\/afternoon-tea-el-fuerte.jpeg\" alt=\"Afternoon Tea en el Hotel El Fuerte \u2013 Marbella\" width=\"1000\" height=\"667\" \/><\/p>\n<p>Cet h\u00f4tel 5 \u00e9toiles de Marbella propose une nouvelle formule \u00e9l\u00e9gante inspir\u00e9e du traditionnel afternoon tea anglais. Chaque apr\u00e8s-midi, de 16h \u00e0 19h, savourez un \u00ab Afternoon Tea Time \u00bb dans un cadre privil\u00e9gi\u00e9 en bord de mer.<\/p>\n<p>Dans ce d\u00e9cor raffin\u00e9, vous trouverez de la porcelaine d\u00e9licate, des p\u00e2tisseries fra\u00eechement pr\u00e9par\u00e9es, des bouch\u00e9es sal\u00e9es et une s\u00e9lection pointue de th\u00e9s et d&rsquo;infusions. Pour une exp\u00e9rience encore plus raffin\u00e9e, un verre de Taittinger Brut R\u00e9serve ou une d\u00e9gustation de caviar peuvent \u00eatre ajout\u00e9s.<\/p>\n<p>Une r\u00e9servation pr\u00e9alable est requise 24 heures \u00e0 l&rsquo;avance en appelant le +34 952 861 500 ou en envoyant un e-mail \u00e0 <a href=\"mailto:guex@elfuertemarbella.com\"><strong>guex@elfuertemarbella.com<\/strong><\/a> (Service Client).<\/p>\n<ul>\n<li>Quand : Tous les apr\u00e8s-midi de 16h \u00e0 19h<\/li>\n<li>O\u00f9 : H\u00f4tel El Fuerte, Marbella<\/li>\n<li><a href=\"https:\/\/maps.app.goo.gl\/iVD7vsBXRCALJrRb6\" data-wpel-link=\"external\" rel=\"external noopener noreferrer\"><strong>Comment s&rsquo;y rendre<\/strong><\/a><\/li>\n<\/ul>\n<h3><span class=\"ez-toc-section\" id=\"Tahona_Fest_%E2%80%93_Comares\"><\/span>Tahona Fest \u2013 Comares<span class=\"ez-toc-section-end\"><\/span><\/h3>\n<p><img loading=\"lazy\" decoding=\"async\" class=\"alignnone size-large wp-image-19156\" src=\"https:\/\/www.malagacar.com\/sp\/blog\/wp-content\/uploads\/2025\/03\/tahona-fest-Comares-1024x536.jpg\" alt=\"Tahona Fest \u2013 Comares\" width=\"750\" height=\"393\" \/><\/p>\n<p>Combinez une visite du village blanc de Comares avec un festival de musique gratuit\u00a0! C\u2019est l\u2019occasion id\u00e9ale de d\u00e9couvrir le charme de Comares tout en profitant des performances d\u2019artistes espagnols.<\/p>\n<p><a href=\"https:\/\/www.malagacar.com\/fr\/blog\/astuces-de-voyage\/villages-beaux-axarquia\/#Comares_lancienne_capitale_de_lAxarquia\" data-wpel-link=\"internal\"><strong>Comares<\/strong><\/a>, ancienne capitale de la r\u00e9gion de l\u2019Axarqu\u00eda, offre un panorama exceptionnel \u00e0 plus de 700 m\u00e8tres d\u2019altitude, surnomm\u00e9 le balcon de l\u2019Axarqu\u00eda. De l\u00e0, vous pourrez admirer des vues imprenables sur les montagnes et la c\u00f4te.<\/p>\n<p>Cette ann\u00e9e, le village accueille la premi\u00e8re \u00e9dition du Tahona Fest, un festival proposant des concerts de rock et de musique m\u00e9tisse dans ses rues et sur ses places. Tous les concerts sont enti\u00e8rement gratuits.<\/p>\n<ul>\n<li>Quand : 18 avril<\/li>\n<li>O\u00f9 : Comares<\/li>\n<li><a href=\"https:\/\/maps.app.goo.gl\/ei5wTSzWLYaFaGNg9\" data-wpel-link=\"external\" rel=\"external noopener noreferrer\"><strong>Comment s&rsquo;y rendre<\/strong><\/a><\/li>\n<\/ul>\n<h3><span class=\"ez-toc-section\" id=\"Journees_des_residents_internationaux_%E2%80%93_Torremolinos\"><\/span>Journ\u00e9es des r\u00e9sidents internationaux \u2013 Torremolinos<span class=\"ez-toc-section-end\"><\/span><\/h3>\n<p><img loading=\"lazy\" decoding=\"async\" class=\"alignnone wp-image-19158\" src=\"https:\/\/www.malagacar.com\/sp\/blog\/wp-content\/uploads\/2025\/03\/Jornadas-reisdente-Torremolinos.jpg\" alt=\"Jornadas del Residente \u2013 Torremolinos\" width=\"491\" height=\"491\" \/><\/p>\n<p>Torremolinos c\u00e9l\u00e8bre une nouvelle \u00e9dition de sa F\u00eate des R\u00e9sidents. Ce festival rend hommage \u00e0 la diversit\u00e9 culturelle de la commune, \u00e0 l&rsquo;instar du c\u00e9l\u00e8bre <a href=\"https:\/\/www.malagacar.com\/fr\/blog\/loisirs\/festival-international-des-peuples-fuengirola\/\" data-wpel-link=\"internal\"><strong>Festival International des Nations de Fuengirola<\/strong><\/a>. Bien que plus intimiste, cette \u00e9dition n&rsquo;en est pas moins color\u00e9e et festive. De plus, elle se d\u00e9roule en bord de mer !<\/p>\n<p>Le quartier anim\u00e9 de La Carihuela, et plus particuli\u00e8rement la Plaza del Remo, accueillera, du 10 au 12 avril, des sp\u00e9cialit\u00e9s culinaires, artisanales et musicales venues de pr\u00e8s de 20 pays.<\/p>\n<p>Au programme : concerts et d\u00e9gustations de produits typiques du Venezuela, du Mexique, du P\u00e9rou, de l&rsquo;\u00c9quateur, de Chine, de Colombie, d&rsquo;Allemagne, du Maroc, des Philippines, d&rsquo;Inde et bien d&rsquo;autres pays. L&rsquo;entr\u00e9e est gratuite.<\/p>\n<ul>\n<li>Dates : du 10 au 12 avril<\/li>\n<li>Lieu : Plaza del Remo, Torremolinos<\/li>\n<li><a href=\"https:\/\/maps.app.goo.gl\/bo54wCHs4WBTo38q8\" data-wpel-link=\"external\" rel=\"external noopener noreferrer\"><strong>Comment s&rsquo;y rendre<\/strong><\/a><\/li>\n<\/ul>\n<h3><span class=\"ez-toc-section\" id=\"Festival_du_velo_%E2%80%93_Benalmadena\"><\/span>Festival du v\u00e9lo \u2013 Benalmadena<span class=\"ez-toc-section-end\"><\/span><\/h3>\n<figure id=\"attachment_19142\" aria-describedby=\"caption-attachment-19142\" style=\"width: 750px\" class=\"wp-caption alignnone\"><img loading=\"lazy\" decoding=\"async\" class=\"size-large wp-image-19142\" src=\"https:\/\/www.malagacar.com\/sp\/blog\/wp-content\/uploads\/2025\/03\/fiesta-bicicleta-benalmadena-Credit-Olebenalmadena-1024x681.jpg\" alt=\"\" width=\"750\" height=\"499\" \/><figcaption id=\"caption-attachment-19142\" class=\"wp-caption-text\">Credit Olebenalmadena<\/figcaption><\/figure>\n<p>Le Festival du V\u00e9lo aura lieu \u00e0 Benalm\u00e1dena le dimanche 26 avril. Cet \u00e9v\u00e9nement convivial, ouvert aux amis et aux familles, proposera un parcours pour enfants et un parcours urbain, avec un d\u00e9part \u00e0 11h00 du centre sportif Arroyo de la Miel.<\/p>\n<p>Des prix r\u00e9compenseront les d\u00e9guisements et les v\u00e9los les plus originaux. Inscription obligatoire.<\/p>\n<ul>\n<li><a href=\"https:\/\/deportes.benalmadena.es\/fiesta-bicicleta\/inscripcion-directa\" data-wpel-link=\"external\" rel=\"external noopener noreferrer\"><strong>Inscriptions<\/strong><\/a><\/li>\n<li>Date : 26 avril \u00e0 11h00<\/li>\n<li>Lieu : Centre sportif de Benalm\u00e1dena<\/li>\n<li><a href=\"https:\/\/maps.app.goo.gl\/yJ6MSAdHM31Jp6qcA\" data-wpel-link=\"external\" rel=\"external noopener noreferrer\"><strong>Comment s&rsquo;y rendre<\/strong><\/a><\/li>\n<\/ul>\n<h3><span class=\"ez-toc-section\" id=\"Festival_Al-Andalus_%E2%80%93_Pizarra\"><\/span>Festival Al-Andalus \u2013 Pizarra<span class=\"ez-toc-section-end\"><\/span><\/h3>\n<p><img loading=\"lazy\" decoding=\"async\" class=\"alignnone wp-image-19116\" src=\"https:\/\/www.malagacar.com\/sp\/blog\/wp-content\/uploads\/2025\/03\/Festival-Al-Andalus-Pizarra.jpg\" alt=\"Festival Al-Andalus \u2013 Pizarra\" width=\"500\" height=\"749\" \/><\/p>\n<p>Venez \u00e0 Pizarra pour profiter de l&rsquo;un des premiers festivals locaux en plein air de l&rsquo;ann\u00e9e. Au programme\u00a0: concerts et spectacles pour tous les \u00e2ges, march\u00e9, aire de jeux pour enfants et restauration.<\/p>\n<p>L&rsquo;\u00e9v\u00e9nement se d\u00e9roule au complexe de la piscine municipale. Entr\u00e9e libre.<\/p>\n<ul>\n<li>Quand : Le 25 avril \u00e0 partir de 16h30<\/li>\n<li>O\u00f9 : Piscine municipale de Pizarra<\/li>\n<li><a href=\"https:\/\/maps.app.goo.gl\/h1xiUuXzBiwKqmE66\" data-wpel-link=\"external\" rel=\"external noopener noreferrer\"><strong>Comment s&rsquo;y rendre<\/strong><\/a><\/li>\n<\/ul>\n<h3><span class=\"ez-toc-section\" id=\"Kings_Day_%E2%80%93_Marbella\"><\/span>King\u2019s Day &#8211; Marbella<span class=\"ez-toc-section-end\"><\/span><\/h3>\n<p><img loading=\"lazy\" decoding=\"async\" class=\"alignnone wp-image-19117\" src=\"https:\/\/www.malagacar.com\/sp\/blog\/wp-content\/uploads\/2025\/03\/KIngs-Day-Marbella.jpg\" alt=\"King\u2019s Day - Marbella\u00a0\" width=\"499\" height=\"646\" \/><\/p>\n<p>C\u00e9l\u00e9brez la F\u00eate du Roi aux Pays-Bas sur la Costa del Sol dans un cadre exclusif. Au Restaurant L\u00d8V by Olivia Valere, profitez de musique en direct, d&rsquo;artistes de renom, d&rsquo;une cuisine raffin\u00e9e et d&rsquo;une ambiance festive incomparable.<\/p>\n<ul>\n<li><a href=\"https:\/\/kingsdaymarbella.com\/\" data-wpel-link=\"external\" rel=\"external noopener noreferrer\"><strong>Billets<\/strong><\/a><\/li>\n<li>Quand : 27 avril<\/li>\n<li>O\u00f9 : Restaurant L\u00d8V by Olivia Valere, Marbella<\/li>\n<li><a href=\"https:\/\/maps.app.goo.gl\/f17cDTHwxd1K76hA7\" data-wpel-link=\"external\" rel=\"external noopener noreferrer\"><strong>Comment s&rsquo;y rendre<\/strong><\/a><\/li>\n<\/ul>\n<h3><span class=\"ez-toc-section\" id=\"ChefsForChildren_%E2%80%93_Marbella\"><\/span>ChefsForChildren &#8211; Marbella<span class=\"ez-toc-section-end\"><\/span><\/h3>\n<p><img loading=\"lazy\" decoding=\"async\" class=\"alignnone wp-image-19119\" src=\"https:\/\/www.malagacar.com\/sp\/blog\/wp-content\/uploads\/2025\/03\/chefs-for-children-marbella.jpg\" alt=\"ChefsForChildren - Marbella\" width=\"570\" height=\"569\" \/><\/p>\n<p>Haute gastronomie et solidarit\u00e9 se conjuguent lors de cet \u00e9v\u00e9nement qui r\u00e9unira plus de 60 chefs \u00e9toil\u00e9s Michelin.<\/p>\n<p>La huiti\u00e8me \u00e9dition se tiendra \u00e0 l&rsquo;h\u00f4tel Anantara Villa Padierna et proposera des ateliers de cuisine, un forum gastronomique et un d\u00eener de gala caritatif au profit de la F\u00e9d\u00e9ration espagnole des maladies rares (FEDER).<\/p>\n<ul>\n<li><a href=\"https:\/\/chefsforchildren.es\/\" data-wpel-link=\"external\" rel=\"external noopener noreferrer\"><strong>Programme et billets<\/strong><\/a><\/li>\n<li>Date\u00a0: 20 avril<\/li>\n<li>Lieu\u00a0: H\u00f4tel Anantara Villa Padierna, Marbella<\/li>\n<li><a href=\"https:\/\/maps.app.goo.gl\/FdJW8uhBFrD4g6no8\" data-wpel-link=\"external\" rel=\"external noopener noreferrer\"><strong>Comment s\u2019y rendre<\/strong><\/a><\/li>\n<\/ul>\n<h3><span class=\"ez-toc-section\" id=\"Festival_de_theatre_%E2%80%93_Malaga\"><\/span>Festival de th\u00e9\u00e2tre \u2013 Malaga<span class=\"ez-toc-section-end\"><\/span><\/h3>\n<p><img loading=\"lazy\" decoding=\"async\" class=\"alignnone wp-image-18730\" src=\"https:\/\/www.malagacar.com\/sp\/blog\/wp-content\/uploads\/2024\/12\/Festival-teatro.jpg\" alt=\"Festival de Teatro \u2013 M\u00e1laga\" width=\"505\" height=\"506\" \/><\/p>\n<p>La deuxi\u00e8me partie de la 43e \u00e9dition du Festival de Th\u00e9\u00e2tre de Malaga se d\u00e9roulera du 22 avril au 30 mai.<\/p>\n<p>Les th\u00e9\u00e2tres Cervantes et Echegaray, situ\u00e9s dans le centre historique de Malaga, accueilleront 38 pi\u00e8ces, dont 5 cr\u00e9ations.<\/p>\n<ul>\n<li><a href=\"https:\/\/www.teatrocervantes.com\/es\/ciclos-y-festivales\/43-festival-de-teatro\/\" data-wpel-link=\"external\" rel=\"external noopener noreferrer\"><strong>Programme et billetterie<\/strong><\/a> disponibles sur le site officiel du Th\u00e9\u00e2tre Cervantes.<\/li>\n<\/ul>\n<h3><span class=\"ez-toc-section\" id=\"Calamorro_Skyrace_%E2%80%93_Benalmadena\"><\/span>Calamorro Skyrace &#8211; Benalmadena<span class=\"ez-toc-section-end\"><\/span><\/h3>\n<p><img loading=\"lazy\" decoding=\"async\" class=\"alignnone size-full wp-image-19121\" src=\"https:\/\/www.malagacar.com\/sp\/blog\/wp-content\/uploads\/2025\/03\/Calamorro-Sky-race.jpg\" alt=\"Calamorro Skyrace - Benalm\u00e1dena\" width=\"452\" height=\"589\" \/><\/p>\n<p>La Calamorro Skyrace aura lieu le 11 avril dans les montagnes de Benalmadena.<\/p>\n<p>Cette course de montagne r\u00e9unira des coureurs des cinq continents, qui graviront le mont Calamorro (731 m\u00e8tres) sur un parcours de 3,76 km pr\u00e9sentant un d\u00e9nivel\u00e9 positif de 650 m\u00e8tres jusqu&rsquo;au sommet.<\/p>\n<p><iframe loading=\"lazy\" title=\"CALAMORRO SKYRACE 2024 - HIGHLIGHTS \/ MSWS24 - Skyrunning\" src=\"https:\/\/www.youtube.com\/embed\/LiwxdnzN7h8\" width=\"749\" height=\"421\" frameborder=\"0\" allowfullscreen=\"allowfullscreen\"><\/iframe><\/p>\n<ul>\n<li><a href=\"https:\/\/web.rockthesport.com\/es\/event\/xvii-calamorro-skyrace\" data-wpel-link=\"external\" rel=\"external noopener noreferrer\"><strong>Inscriptions<\/strong><\/a><\/li>\n<li>Date : 11 avril \u00e0 17 h<\/li>\n<li>Lieu : Benalm\u00e1dena<\/li>\n<\/ul>\n<h3><span class=\"ez-toc-section\" id=\"Festival_des_cerisiers_en_fleurs_%E2%80%93_Alfarnate\"><\/span>Festival des cerisiers en fleurs &#8211; Alfarnate<span class=\"ez-toc-section-end\"><\/span><\/h3>\n<figure id=\"attachment_15344\" aria-describedby=\"caption-attachment-15344\" style=\"width: 1000px\" class=\"wp-caption alignnone\"><img loading=\"lazy\" decoding=\"async\" class=\"size-full wp-image-15344\" src=\"https:\/\/www.malagacar.com\/sp\/blog\/wp-content\/uploads\/2023\/03\/Cerezo-en-Flor-Credit-Depositphotos.jpg\" alt=\"Fiesta de los cerezos en flor en Alfarnate\" width=\"1000\" height=\"667\" \/><figcaption id=\"caption-attachment-15344\" class=\"wp-caption-text\">Cerisier en fleurs Credit Depositphotos<\/figcaption><\/figure>\n<p><a href=\"https:\/\/www.malagacar.com\/fr\/blog\/astuces-de-voyage\/villages-beaux-axarquia\/#Alfarnate_et_son_plus_ancien_relais_dAndalousie\" data-wpel-link=\"internal\"><strong>Alfarnate<\/strong><\/a> est sans doute le village producteur de cerises par excellence de la province de Malaga.<\/p>\n<p>Parmi les nouveaut\u00e9s, le Festival Sakura, qui se d\u00e9roule pendant la saison des cerisiers en fleurs, aura lieu la 5e \u00e9dition les 11 et 12 avril.<\/p>\n<p><img loading=\"lazy\" decoding=\"async\" class=\"alignnone size-full wp-image-19106\" src=\"https:\/\/www.malagacar.com\/sp\/blog\/wp-content\/uploads\/2025\/03\/sakura-alfarnate.jpg\" alt=\"Fiesta de los cerezos en flor - Alfarnate\" width=\"549\" height=\"810\" \/><\/p>\n<p>Inspir\u00e9 par la tradition japonaise, l&rsquo;\u00e9v\u00e9nement proposera du maquillage de geisha, des d\u00e9monstrations d&rsquo;arts martiaux, de la calligraphie japonaise, de l&rsquo;origami, des d\u00e9monstrations culinaires japonaises et bien plus encore.<\/p>\n<p><strong>Mise \u00e0 jour : L&rsquo;\u00e9v\u00e9nement a \u00e9t\u00e9 report\u00e9 au week-end suivant, les 18 et 19 avril, en raison des mauvaises conditions m\u00e9t\u00e9orologiques.<\/strong><\/p>\n<ul>\n<li>Dates : 11 et 12 avril<\/li>\n<li>Lieu : Alfarnate<\/li>\n<li><a href=\"https:\/\/goo.gl\/maps\/sQPFASm3rXRzzU667\" data-wpel-link=\"external\" rel=\"external noopener noreferrer\"><strong>Comment s&rsquo;y rendre<\/strong><\/a><\/li>\n<\/ul>\n<h3><span class=\"ez-toc-section\" id=\"Marche_du_cirque_%E2%80%93_Las_Lagunas_de_Mijas\"><\/span>March\u00e9 du cirque\u00a0&#8211; Las Lagunas de Mijas<span class=\"ez-toc-section-end\"><\/span><\/h3>\n<p><img loading=\"lazy\" decoding=\"async\" class=\"alignnone wp-image-19107\" src=\"https:\/\/www.malagacar.com\/sp\/blog\/wp-content\/uploads\/2025\/03\/mercado-circense-las-lagunas.jpg\" alt=\"Mercado Circense - Las Lagunas de Mijas\" width=\"506\" height=\"498\" \/><\/p>\n<p>Un march\u00e9 unique se tiendra sur la Plaza de la Candelaria \u00e0 Las Lagunas.<\/p>\n<p>Du 10 au 12 avril, venez profiter de spectacles pour tous les \u00e2ges\u00a0: ateliers de cirque, acrobaties, fabrication de masques, maquillage, sculpture de ballons, jonglerie, marionnettes et contes.<\/p>\n<p>Des stands d\u2019artisanat et de restauration seront \u00e9galement pr\u00e9sents.<\/p>\n<ul>\n<li>Quand : du 10 au 12 avril<\/li>\n<li>O\u00f9 : Plaza de la Candelaria, Las Lagunas de Mijas<\/li>\n<li><a href=\"https:\/\/maps.app.goo.gl\/CMqCCbDX3x4GVM396\" data-wpel-link=\"external\" rel=\"external noopener noreferrer\"><strong>Comment y arriver<\/strong><\/a><\/li>\n<\/ul>\n<h3><span class=\"ez-toc-section\" id=\"Concerts_Candelight_%E2%80%93_Malaga\"><\/span>Concerts Candelight &#8211; Malaga<span class=\"ez-toc-section-end\"><\/span><\/h3>\n<p><a href=\"https:\/\/www.malagacar.com\/sp\/blog\/wp-content\/uploads\/2020\/01\/IMG_20211122_083656_009.jpg\" data-wpel-link=\"internal\"><img loading=\"lazy\" decoding=\"async\" class=\"alignnone wp-image-10160\" src=\"https:\/\/www.malagacar.com\/sp\/blog\/wp-content\/uploads\/2020\/01\/IMG_20211122_083656_009-768x1024.jpg\" alt=\"\" width=\"452\" height=\"602\" \/><\/a><\/p>\n<p>Dans la salle de concert Mar\u00eda Cristina, un monast\u00e8re franciscain du XVe si\u00e8cle situ\u00e9 au c\u0153ur de Malaga, \u00e0 l&rsquo;acoustique exceptionnelle et \u00e0 la beaut\u00e9 unique.<\/p>\n<p>R\u00e9cemment, de plus en plus de lieux uniques de Malaga se sont joints \u00e0 cette exp\u00e9rience, comme le mus\u00e9e Carmen Thyssen et maintenant le Gran Hotel Miramar.<\/p>\n<p>Nous vous recommandons personnellement cette exp\u00e9rience de concerts classiques et d&rsquo;hommages \u00e0 la lumi\u00e8re des bougies.<\/p>\n<h4>Programme d&rsquo;avril<\/h4>\n<p><strong>Hommage aux l\u00e9gendes du rock britannique<\/strong> au Gran Hotel Miramar, les 4 et 12 avril<br \/>\n<strong>Hans Zimmer Hommage<\/strong> au Gran Hotel Miramar, le 4 avril<br \/>\n<strong>Hommage \u00e0 La Ley Innata<\/strong> au Gran Hotel Miramar, le 12 avril<br \/>\n<strong>Hommage \u00e0 Hans Zimmer<\/strong> \u00e0 la Sala Mar\u00eda Cristina, le 17 avril<br \/>\n<strong>Coldplay et Imagine Dragons<\/strong> \u00e0 la Sala Mar\u00eda Cristina, le 17 avril<br \/>\n<strong>Hommage \u00e0 ABBA<\/strong> \u00e0 la Sala Mar\u00eda Cristina, le 24 avril<\/p>\n<ul>\n<li>Billets \u00e0 <a href=\"https:\/\/feverup.com\/malaga\/candlelight?utm_content=candlelight&amp;utm_source=malagasecreta&amp;utm_medium=post&amp;utm_term=cta3\" data-wpel-link=\"external\" rel=\"external noopener noreferrer\"><strong>Feverup<\/strong><\/a><\/li>\n<li>O\u00f9 : <a href=\"https:\/\/maps.app.goo.gl\/BACwA2S7rGRWoCWWA\" data-wpel-link=\"external\" rel=\"external noopener noreferrer\"><strong>Sala de Conciertos Mar\u00eda Cristina<\/strong><\/a>, <a href=\"https:\/\/maps.app.goo.gl\/fL8iZoUwDAsAEMzL8\" data-wpel-link=\"external\" rel=\"external noopener noreferrer\"><strong>Museo Carmen Thyssen,<\/strong><\/a> <a href=\"https:\/\/maps.app.goo.gl\/72v8MZ3kaGEw7Kc17\" data-wpel-link=\"external\" rel=\"external noopener noreferrer\"><strong>Gran Hotel Miramar<\/strong><\/a>, <a href=\"https:\/\/maps.app.goo.gl\/kyQacJ5dPcu33NXZ6\" data-wpel-link=\"external\" rel=\"external noopener noreferrer\"><strong>Automobile Museum<\/strong><\/a> et <a href=\"https:\/\/www.malagacar.com\/fr\/blog\/loisirs\/jardin-botanique-historique-malaga\/\" data-wpel-link=\"internal\"><strong>Jardin Botanique historique<\/strong><\/a>, Malaga<\/li>\n<\/ul>\n<h3><span class=\"ez-toc-section\" id=\"Concerts_Candelight_%E2%80%93_Marbella\"><\/span>Concerts Candelight &#8211; Marbella<span class=\"ez-toc-section-end\"><\/span><\/h3>\n<p><img loading=\"lazy\" decoding=\"async\" class=\"size-full wp-image-14240\" src=\"https:\/\/www.malagacar.com\/sp\/blog\/wp-content\/uploads\/2022\/08\/CandleLight_VillaPadierna-Foto-Malagasecreta.jpg\" alt=\"Candlelight Conciertos Marbella\" width=\"1024\" height=\"684\" \/><\/p>\n<p>\u00c0 l&rsquo;h\u00f4tel 5 \u00e9toiles The Westin La Quinta Golf Resort &amp; Spa, \u00e0 Benahavis, Marbella.<\/p>\n<p><strong>Hommage \u00e0 ABBA<\/strong> et autres artistes, le 11 avril.<br \/>\n<strong>Coldplay et Imagine Dragons<\/strong>, le 11 avril.<\/p>\n<ul>\n<li>Billets sur le site officiel de <a href=\"https:\/\/feverup.com\/malaga\/candlelight?utm_content=candlelight&amp;utm_source=malagasecreta&amp;utm_medium=post&amp;utm_term=cta3\" data-wpel-link=\"external\" rel=\"external noopener noreferrer\"><strong>Feverup<\/strong><\/a><\/li>\n<li><a href=\"https:\/\/maps.app.goo.gl\/eEjC7paTFxs7jW1K9\" data-wpel-link=\"external\" rel=\"external noopener noreferrer\"><strong>Comment s&rsquo;y rendre<\/strong><\/a><\/li>\n<\/ul>\n<h3><span class=\"ez-toc-section\" id=\"Pleine_lune_a_Hydros_Spa_%E2%80%93_Benalmadena\"><\/span>Pleine lune \u00e0 Hydros Spa &#8211; Benalmadena<span class=\"ez-toc-section-end\"><\/span><\/h3>\n<p><img loading=\"lazy\" decoding=\"async\" class=\"alignnone size-full wp-image-15528\" src=\"https:\/\/www.malagacar.com\/sp\/blog\/wp-content\/uploads\/2023\/05\/Noche-spa-hydros.jpg\" alt=\"Hydros Spa Benalm\u00e1dena\" width=\"900\" height=\"471\" \/><\/p>\n<p>Nous incluons \u00e9galement une proposition diff\u00e9rente de l&rsquo;h\u00f4tel Holiday World de Benalm\u00e1dena : Profitez du spa pendant la nuit de la pleine lune.<\/p>\n<p>Profitez de la magie d&rsquo;une s\u00e9ance de spa nocturne de 60 minutes avec une vue spectaculaire sur la baie de Benalmadena et Fuengirola, co\u00efncidant avec la pleine lune.<\/p>\n<p>Avec une boisson de bienvenue et des fruits, des attentions particuli\u00e8res. Parfait pour un couple ou des amis.<\/p>\n<ul>\n<li><a href=\"https:\/\/pwa.holidayworld.es\/?hotel=experiencias\" data-wpel-link=\"external\" rel=\"external noopener noreferrer\"><strong> R\u00e9servations <\/strong><\/a><\/li>\n<li>Quand : 3 avril<\/li>\n<li><a href=\"https:\/\/maps.app.goo.gl\/8SV8SuFTrbvrLTgt8\" data-wpel-link=\"external\" rel=\"external noopener noreferrer\"><strong> Comment s&rsquo;y rendre<\/strong><\/a><\/li>\n<\/ul>\n<h3><span class=\"ez-toc-section\" id=\"Rally_Penas_Blancas_%E2%80%93_Estepona\"><\/span>Rally Pe\u00f1as Blancas &#8211; Estepona<span class=\"ez-toc-section-end\"><\/span><\/h3>\n<p><iframe loading=\"lazy\" title=\"RESUMEN SUBIDA ESTEPONA - PE\u00d1AS BLANCAS 2024\" src=\"https:\/\/www.youtube.com\/embed\/L2D2JG1BISY\" width=\"696\" height=\"391\" frameborder=\"0\" allowfullscreen=\"allowfullscreen\"><\/iframe><\/p>\n<p>Le c\u00e9l\u00e8bre Rallye Pe\u00f1as Blancas fait son retour \u00e0 Estepona le week-end du 11 et 12 avril. C&rsquo;est l&rsquo;une des comp\u00e9titions automobiles les plus exigeantes et attendues d&rsquo;Espagne.<\/p>\n<p>Le circuit de 7,5 km d\u00e9bute \u00e0 Estepona et s&rsquo;enfonce dans la magnifique Sierra de Estepona, avec un d\u00e9nivel\u00e9 positif de 481 m\u00e8tres et une pente maximale de 12 %.<\/p>\n<p>La comp\u00e9tition comprendra six rallyes au total, trois le samedi et trois le dimanche.<\/p>\n<p><img loading=\"lazy\" decoding=\"async\" class=\"alignnone size-full wp-image-15349\" src=\"https:\/\/www.malagacar.com\/sp\/blog\/wp-content\/uploads\/2024\/03\/Penas-blancas-estepona.jpg\" alt=\"Rally Pe\u00f1as blancas estepona\" width=\"1000\" height=\"666\" \/><\/p>\n<ul>\n<li>Dates : 11 et 12 avril<\/li>\n<li>Lieu : Estepona<\/li>\n<li><a href=\"https:\/\/subidaestepona.es\/participantes\/programa-horario\/\" data-wpel-link=\"external\" rel=\"external noopener noreferrer\"><strong>Programme et horaire<\/strong><\/a><\/li>\n<li><a href=\"https:\/\/maps.app.goo.gl\/xRYjgsukabZVkjQN9\" data-wpel-link=\"external\" rel=\"external noopener noreferrer\"><strong>Itin\u00e9raire<\/strong><\/a><\/li>\n<\/ul>\n<h3><span class=\"ez-toc-section\" id=\"Foire_aux_plantes_de_collection_%E2%80%93_Benalmadena\"><\/span>Foire aux plantes de collection\u00a0\u2013 Benalmadena<span class=\"ez-toc-section-end\"><\/span><\/h3>\n<p><img loading=\"lazy\" decoding=\"async\" class=\"alignnone wp-image-19109\" src=\"https:\/\/www.malagacar.com\/sp\/blog\/wp-content\/uploads\/2025\/03\/feria-plantas-benalmadena-512x1024.jpg\" alt=\"Feria de Plantas de Colecci\u00f3n \u2013 Benalm\u00e1dena\" width=\"424\" height=\"848\" \/><\/p>\n<p>Le magnifique <a href=\"https:\/\/www.malagacar.com\/fr\/blog\/loisirs\/parcs-benalmadena-torremolinos\/#Parque_de_la_Paloma_%E2%80%93_Benalmadena\" data-wpel-link=\"internal\"><strong>parc Paloma<\/strong><\/a>, consid\u00e9r\u00e9 comme l&rsquo;un des plus beaux de Malaga, accueille cette foire aux plantes.<\/p>\n<p>Les visiteurs pourront y acheter des plantes rares sur diff\u00e9rents stands. On y trouvera notamment des succulentes, des plantes tropicales et subtropicales, des bulbes, des plantes aromatiques, des herbes aromatiques, des l\u00e9gumes, des plantes m\u00e9dicinales, des orchid\u00e9es, des arbres fruitiers, du bambou, des mousses, des foug\u00e8res et des arbres.<\/p>\n<p><iframe loading=\"lazy\" title=\"Feria de Plantas de Colecci\u00f3n\" src=\"https:\/\/www.youtube.com\/embed\/uLca7PqqM6M\" width=\"317\" height=\"240\" frameborder=\"0\" allowfullscreen=\"allowfullscreen\"><\/iframe><\/p>\n<p>Des stands proposeront \u00e9galement des accessoires et des objets artisanaux li\u00e9s au monde v\u00e9g\u00e9tal. Les passionn\u00e9s de jardinage auront du mal \u00e0 y r\u00e9sister\u00a0!<\/p>\n<p>L\u2019entr\u00e9e est gratuite. Pour l\u2019exposition, la vente ou l\u2019\u00e9change de plantes, l\u2019<a href=\"https:\/\/www.benalmadena.es\/plantasdecoleccion\/\" data-wpel-link=\"external\" rel=\"external noopener noreferrer\"><strong>inscription<\/strong><\/a> est obligatoire.<\/p>\n<ul>\n<li>Dates : 3, 4 et 5 avril<\/li>\n<li>Lieu : Parc de la Paloma, Benalm\u00e1dena<\/li>\n<li><a href=\"https:\/\/maps.app.goo.gl\/65b9gpFbAWGQX68E9\" data-wpel-link=\"external\" rel=\"external noopener noreferrer\"><strong>Comment s&rsquo;y rendre<\/strong><\/a><\/li>\n<\/ul>\n<h3><span class=\"ez-toc-section\" id=\"%C2%AB_Cap_sur_le_port%C2%BB_%E2%80%93_Benalmadena\"><\/span>\u00ab Cap sur le port\u00bb &#8211; Benalmadena<span class=\"ez-toc-section-end\"><\/span><\/h3>\n<p><img loading=\"lazy\" decoding=\"async\" class=\"alignnone size-full wp-image-19097\" src=\"https:\/\/www.malagacar.com\/sp\/blog\/wp-content\/uploads\/2026\/02\/Puerto-benalmadena.jpg\" alt=\"Puerto benalmadena\" width=\"1000\" height=\"669\" \/><\/p>\n<p>Sous l\u2019enseigne \u00ab Cap sur le port \u00bb, vous pourrez profiter ce mois-ci d\u2019un large \u00e9ventail d\u2019activit\u00e9s de plein air gratuites dans le port de plaisance prim\u00e9 de Benalm\u00e1dena.<\/p>\n<p>En mars et avril, des activit\u00e9s pour tous les \u00e2ges seront propos\u00e9es\u00a0: concerts, ateliers pour enfants, spectacles familiaux, DJ sets et le traditionnel march\u00e9 artisanal \u00ab\u00a0Puerto Market\u00a0\u00bb les week-ends.<\/p>\n<h4>Programme<\/h4>\n<p>\u2022 Malagueo Cool (Indiecool) | 11 avril. Avec des sets de DJ Felipe et des concerts de Sike et \u00c9xtasis.<br \/>\n\u2022 Festival de Printemps | 18 avril<br \/>\n\u2022 Concert de La Habitaci\u00f3n Roja | 25 avril<\/p>\n<ul>\n<li>Quand : Mois d&rsquo;avril<\/li>\n<li>O\u00f9 : Puerto Marina, Benalm\u00e1dena<\/li>\n<li><a href=\"https:\/\/maps.app.goo.gl\/ReVF6HX5cEATiNh8A\" data-wpel-link=\"external\" rel=\"external noopener noreferrer\"><strong>Comment s&rsquo;y rendre<\/strong><\/a><\/li>\n<\/ul>\n<h3><span class=\"ez-toc-section\" id=\"Samedis_du_vin_au_musee_%E2%80%93_Malaga\"><\/span>Samedis du vin au mus\u00e9e &#8211; Malaga<span class=\"ez-toc-section-end\"><\/span><\/h3>\n<p><img loading=\"lazy\" decoding=\"async\" class=\"alignnone size-large wp-image-16982\" src=\"https:\/\/www.malagacar.com\/sp\/blog\/wp-content\/uploads\/2025\/02\/sabados-de-vino-1024x534.jpg\" alt=\"S\u00e1bados de Vino en el Museo\" width=\"750\" height=\"391\" \/><\/p>\n<p>Le <a href=\"https:\/\/www.malagacar.com\/fr\/blog\/loisirs\/meilleurs-musees-malaga\/#Musee_du_Vin\" data-wpel-link=\"internal\"><strong>mus\u00e9e du vin<\/strong><\/a>, situ\u00e9 dans le centre historique de Malaga, organisera plusieurs \u00ab samedis du vin \u00bb au cours des prochains mois. Il s&rsquo;agit d&rsquo;une activit\u00e9 destin\u00e9e \u00e0 tous ceux qui s&rsquo;int\u00e9ressent au monde du vin.<\/p>\n<p>Vous apprendrez \u00e0 conna\u00eetre les vins d&rsquo;appellation d&rsquo;origine de Malaga et les caves qui les produisent. D\u00e9gustations incluses, bien s\u00fbr !<\/p>\n<ul>\n<li>Plus d&rsquo;<a href=\"https:\/\/museovinomalaga.com\/categoria-producto\/oferta-formativa\/\" data-wpel-link=\"external\" rel=\"external noopener noreferrer\"><strong>informations et r\u00e9servations<\/strong><\/a><\/li>\n<li><a href=\"https:\/\/maps.app.goo.gl\/oiqPT8aHPtPWKwLG7\" data-wpel-link=\"external\" rel=\"external noopener noreferrer\"><strong>Comment s&rsquo;y rendre<\/strong><\/a><\/li>\n<\/ul>\n<h3><span class=\"ez-toc-section\" id=\"Visite_nocturne_du_cimetiere_anglais_%E2%80%93_Malaga\"><\/span>Visite nocturne du cimeti\u00e8re anglais &#8211; Malaga<span class=\"ez-toc-section-end\"><\/span><\/h3>\n<p><img loading=\"lazy\" decoding=\"async\" class=\"alignnone wp-image-16313\" src=\"https:\/\/www.malagacar.com\/sp\/blog\/wp-content\/uploads\/2024\/10\/Visita-nocturna-cementerio-ingles-1024x966.jpg\" alt=\"Visita nocturna al Cementerio Ingl\u00e9s - M\u00e1laga\" width=\"734\" height=\"692\" \/><\/p>\n<p>Osez d\u00e9couvrir tous les secrets cach\u00e9s dans cette visite nocturne th\u00e9\u00e2tralis\u00e9e du cimeti\u00e8re anglais historique. Les personnalit\u00e9s qui y reposent prennent vie et vous racontent leurs histoires int\u00e9ressantes.<\/p>\n<p>La visite dure 1 heure et demie. Nombre de places limit\u00e9 jusqu&rsquo;\u00e0 \u00e9puisement de la capacit\u00e9.<\/p>\n<ul>\n<li><a href=\"https:\/\/historiavivamalaga.es\/visitas-teatralizadas-en-malaga\/cementerio-ingles-en-malaga\/?_gl=1*1qg529*_up*MQ..*_ga*NzIzNDMzNDQ4LjE3NTk3MzgwNTg.*_ga_YKXC5BWRQG*czE3NTk3MzgwNTckbzEkZzAkdDE3NTk3MzgwNTckajYwJGwwJGgw*_ga_MZ8MMM82Y1*czE3NTk3MzgwNTgkbzEkZzAkdDE3NTk3MzgwNTgkajYwJGwwJGgw\" data-wpel-link=\"external\" rel=\"external noopener noreferrer\"><strong>Plus d&rsquo;informations et billets<\/strong><\/a><\/li>\n<li>O\u00f9 : Cementerio Ingl\u00e9s, M\u00e1laga<\/li>\n<li><a href=\"https:\/\/maps.app.goo.gl\/vKia4xamSXpDjeyf6\" data-wpel-link=\"external\" rel=\"external noopener noreferrer\"><strong>Comment s&rsquo;y rendre<\/strong><\/a><\/li>\n<\/ul>\n<h3><span class=\"ez-toc-section\" id=\"Visite_theatrale_de_la_grotte_aux_tresors_%E2%80%93_Rincon_de_la_Victoria\"><\/span>Visite th\u00e9\u00e2trale de la grotte aux tr\u00e9sors &#8211; Rinc\u00f3n de la Victoria<span class=\"ez-toc-section-end\"><\/span><\/h3>\n<p><img loading=\"lazy\" decoding=\"async\" class=\"size-large wp-image-7849\" src=\"https:\/\/www.malagacar.com\/sp\/blog\/wp-content\/uploads\/2020\/03\/cueva-del-tesoro-1024x625.jpg\" alt=\"cueva del tesoro\" width=\"750\" height=\"458\" \/><\/p>\n<p>Remontez le temps et d\u00e9couvrez l&rsquo;histoire et les myst\u00e8res de la d\u00e9couverte de la Grotte au Tr\u00e9sor. Visites th\u00e9\u00e2tralis\u00e9es d&rsquo;une heure \u00e0 travers les diff\u00e9rentes galeries de la grotte.<\/p>\n<p>R\u00e9servation obligatoire pour cette activit\u00e9 via <a href=\"https:\/\/entradas.turismoenrincon.es\/\" data-wpel-link=\"external\" rel=\"external noopener noreferrer\"><strong>ce lien<\/strong><\/a>.<\/p>\n<ul>\n<li>Prochaines dates : 30 novembre I 28 d\u00e9cembre<\/li>\n<li>O\u00f9 : Grotte au tr\u00e9sor &#8211; Rinc\u00f3n de la Victoria<\/li>\n<li><a href=\"https:\/\/maps.app.goo.gl\/3sX5qj8EcDRxP7R37\" data-wpel-link=\"external\" rel=\"external noopener noreferrer\"><strong>Comment s&rsquo;y rendre<\/strong><\/a><\/li>\n<\/ul>\n<h3><span class=\"ez-toc-section\" id=\"Degustation_de_bieres_artisanales_%E2%80%93_Malaga\"><\/span>D\u00e9gustation de bi\u00e8res artisanales &#8211; Malaga<span class=\"ez-toc-section-end\"><\/span><\/h3>\n<p><img loading=\"lazy\" decoding=\"async\" class=\"alignnone size-large wp-image-18579\" src=\"https:\/\/www.malagacar.com\/sp\/blog\/wp-content\/uploads\/2024\/11\/Cata-de-cervezas-artesanas-1024x541.jpg\" alt=\"Cata de cervezas artesanas - M\u00e1laga\" width=\"750\" height=\"396\" \/><\/p>\n<p>Dans le \u00ab\u00a0quartier artistique\u00a0\u00bb branch\u00e9 de Soho, au c\u0153ur de Malaga, vous pouvez vous inscrire \u00e0 une d\u00e9gustation de bi\u00e8res artisanales. Plus pr\u00e9cis\u00e9ment \u00e0 La F\u00e1brica de Cerveza Cruzcampo, qui allie production de bi\u00e8res artisanales, bar, gastronomie et musique live.<\/p>\n<ul>\n<li>Plus d\u2019<a href=\"https:\/\/lafabricadecerveza.com\/experiencias-malaga\/\" data-wpel-link=\"external\" rel=\"external noopener noreferrer\"><strong>informations et r\u00e9servations<\/strong><\/a><\/li>\n<li>O\u00f9\u00a0: La F\u00e1brica, Malaga<\/li>\n<li><a href=\"https:\/\/maps.app.goo.gl\/D5DHHYApRd3cjeW37\" data-wpel-link=\"external\" rel=\"external noopener noreferrer\"><strong>Comment s\u2019y rendre<\/strong><\/a><\/li>\n<\/ul>\n<h3><span class=\"ez-toc-section\" id=\"Route_des_ammonites_%E2%80%93_Torcal_de_Antequera\"><\/span>Route des ammonites &#8211; Torcal de Antequera<span class=\"ez-toc-section-end\"><\/span><\/h3>\n<p><a href=\"https:\/\/www.malagacar.com\/blog\/wp-content\/uploads\/2021\/07\/ammonite.jpg\" data-wpel-link=\"internal\"><img loading=\"lazy\" decoding=\"async\" class=\"alignnone wp-image-10589 size-full\" src=\"https:\/\/www.malagacar.com\/blog\/wp-content\/uploads\/2021\/07\/ammonite.jpg\" alt=\"ammonite\" width=\"1200\" height=\"653\" \/><\/a><\/p>\n<p>Avez-vous d\u00e9j\u00e0 visit\u00e9 le spectaculaire parc naturel du <a href=\"https:\/\/www.malagacar.com\/fr\/blog\/loisirs\/torcal-de-antequera\/\" data-wpel-link=\"internal\"><strong>Torcal de Antequera<\/strong> <\/a>? Si vous ne connaissez pas encore cette fantastique formation karstique, vous pouvez vous inscrire \u00e0 cette visite guid\u00e9e pour d\u00e9couvrir les magnifiques ammonites (mollusques fossilis\u00e9s) \u00e0 plus de mille m\u00e8tres au-dessus de la mer.<\/p>\n<p>Au cours des prochains mois, plusieurs dates seront disponibles pendant les week-ends pour profiter de cette randonn\u00e9e interpr\u00e9tative dans le parc naturel du Torcal de Antequera.<\/p>\n<ul>\n<li>Dur\u00e9e : de 10h30 \u00e0 13h30 3 heures. Longueur : environ 4,5 km. Difficult\u00e9 : Moyenne-faible (d\u00e9conseill\u00e9 aux personnes souffrant de blessures au genou, \u00e0 la hanche ou \u00e0 la cheville, ainsi qu&rsquo;aux personnes \u00e2g\u00e9es de moins de 6 ans).<\/li>\n<li>Plus d&rsquo;<a href=\"https:\/\/www.torcaldeantequera.com\/rutas\/visitas-guiadas\/ruta-los-ammonites\/\" data-wpel-link=\"external\" rel=\"external noopener noreferrer\"><strong>informations et billets<\/strong><\/a><\/li>\n<li><a href=\"https:\/\/maps.app.goo.gl\/Cm8CEBikitzXGEWN9\" data-wpel-link=\"external\" rel=\"external noopener noreferrer\"><strong>Comment s&rsquo;y rendre<\/strong><\/a><\/li>\n<\/ul>\n<h2><span class=\"ez-toc-section\" id=\"Paques_a_Malaga_2026\"><\/span>P\u00e2ques \u00e0 Malaga 2026<span class=\"ez-toc-section-end\"><\/span><\/h2>\n<figure id=\"attachment_10583\" aria-describedby=\"caption-attachment-10583\" style=\"width: 620px\" class=\"wp-caption alignnone\"><a href=\"https:\/\/www.malagacar.com\/sp\/blog\/wp-content\/uploads\/2021\/03\/beach-Foto-El-Periodico.jpg\" data-wpel-link=\"internal\"><img loading=\"lazy\" decoding=\"async\" class=\"wp-image-10583\" src=\"https:\/\/www.malagacar.com\/sp\/blog\/wp-content\/uploads\/2021\/03\/beach-Foto-El-Periodico.jpg\" alt=\"tiempo en M\u00e1laga en Semana Santa\" width=\"620\" height=\"349\" \/><\/a><figcaption id=\"caption-attachment-10583\" class=\"wp-caption-text\">Photo El Periodico<\/figcaption><\/figure>\n<p>Cette ann\u00e9e, la Semaine de P\u00e2ques \u00e0 Malaga se d\u00e9roule du dimanche 29 mars au dimanche 5 avril 2026.<\/p>\n<p>Les dates varient chaque ann\u00e9e, et cette ann\u00e9e, elle est c\u00e9l\u00e9br\u00e9e trois semaines plus t\u00f4t que l&rsquo;an dernier. Cependant, comme vous pouvez le voir sur la photo, il n&rsquo;est pas rare que beaucoup profitent d\u00e9j\u00e0 de ces jours pour bronzer, m\u00eame si l&rsquo;eau est encore froide.<\/p>\n<p>P\u00e2ques marque le d\u00e9but de la saison touristique sur la Costa del Sol et est probablement la date la plus importante du calendrier religieux.<\/p>\n<p>En fait, la Semaine sainte \u00e0 Malaga est consid\u00e9r\u00e9e comme l&rsquo;une des plus importantes d&rsquo;Espagne et attire chaque ann\u00e9e des milliers de fid\u00e8les et de touristes dans un spectacle profond\u00e9ment \u00e9mouvant.<\/p>\n<p>Que vous souhaitiez venir \u00e0 Malaga \u00e0 P\u00e2ques pour profiter du beau temps et peut-\u00eatre faire votre premi\u00e8re baignade, ou que vous soyez attir\u00e9 par les magnifiques processions dans le centre de Malaga : Dans notre \u00e9dition sp\u00e9ciale de <a href=\"https:\/\/www.malagacar.com\/fr\/blog\/loisirs\/paques-malaga\/\" data-wpel-link=\"internal\"><strong>P\u00e2ques \u00e0 Malaga<\/strong><\/a>, vous trouverez tout ce qu&rsquo;il faut savoir.<\/p>\n<h2><span class=\"ez-toc-section\" id=\"Marches_de_rue_a_Malaga_en_avril\"><\/span>March\u00e9s de rue \u00e0 Malaga en avril<span class=\"ez-toc-section-end\"><\/span><\/h2>\n<h3><span class=\"ez-toc-section\" id=\"Marche_de_lartisanat_La_Merced_%E2%80%93_Malaga\"><\/span>March\u00e9 de l&rsquo;artisanat La Merced &#8211; Malaga<span class=\"ez-toc-section-end\"><\/span><\/h3>\n<p><img loading=\"lazy\" decoding=\"async\" class=\"alignnone size-full wp-image-9843\" src=\"https:\/\/www.malagacar.com\/sp\/blog\/wp-content\/uploads\/2020\/11\/Plaza-Merced-Foto-VisitaCostadelSol.webp\" alt=\"\" width=\"750\" height=\"430\" \/><\/p>\n<p>Chaque premier dimanche du mois, ce march\u00e9 artisanal color\u00e9 se tient au c\u0153ur de la vieille ville, sur la Plaza de la Merced.<\/p>\n<p>Une id\u00e9e id\u00e9al si vous \u00eates un citadin et que vous aimez vous promener le dimanche sous les jacarandas en fleurs, puis prendre un verre aux nombreuses terrasses et restaurants qui entourent la place.<\/p>\n<ul>\n<li>Quand : Le premier dimanche de chaque mois, de 11 h \u00e0 19 h<\/li>\n<li><a href=\"https:\/\/goo.gl\/maps\/w3kV85d5km7FYWFFA\" data-wpel-link=\"external\" rel=\"external noopener noreferrer\"><strong> Comment s&rsquo;y rendre<\/strong><\/a><\/li>\n<\/ul>\n<h3><span class=\"ez-toc-section\" id=\"_Marche_urbain_Soho_%E2%80%93_Malaga\"><\/span>\u00a0March\u00e9 urbain\u00a0Soho &#8211; Malaga<span class=\"ez-toc-section-end\"><\/span><\/h3>\n<p><img loading=\"lazy\" decoding=\"async\" class=\"alignnone wp-image-19004\" src=\"https:\/\/www.malagacar.com\/sp\/blog\/wp-content\/uploads\/2025\/03\/mercado-soho.jpg\" alt=\"Mercado Urbano del Soho - M\u00e1laga\" width=\"499\" height=\"472\" \/><\/p>\n<p>Le quartier artistique de Soho, situ\u00e9 en plein centre-ville \u00e0 deux pas de la mer, accueille ce march\u00e9 artisanal mettant \u00e0 l&rsquo;honneur les producteurs locaux chaque quatri\u00e8me dimanche du mois.<\/p>\n<p>Profitez d&rsquo;une promenade dans les rues pi\u00e9tonnes de Malaga, d\u00e9couvrez des cr\u00e9ations artisanales uniques, puis installez-vous dans l&rsquo;un des nombreux bars et terrasses pour savourer une collation, des tapas ou un d\u00e9jeuner dominical.<\/p>\n<ul>\n<li>Quand : Chaque quatri\u00e8me dimanche du mois, de 11 h \u00e0 19 h<\/li>\n<li><a href=\"https:\/\/maps.app.goo.gl\/asfjfpNXfTL9Dkx79\" data-wpel-link=\"external\" rel=\"external noopener noreferrer\"><strong>Comment s&rsquo;y rendre<\/strong><\/a><\/li>\n<\/ul>\n<h3><span class=\"ez-toc-section\" id=\"Le_marche_des_cimetieres_anglais_%E2%80%93_Malaga\"><\/span>Le march\u00e9 des cimeti\u00e8res anglais \u2013 Malaga<span class=\"ez-toc-section-end\"><\/span><\/h3>\n<p><img loading=\"lazy\" decoding=\"async\" class=\"alignnone size-full wp-image-16454\" src=\"https:\/\/www.malagacar.com\/sp\/blog\/wp-content\/uploads\/2024\/11\/Mercadillo-del-Ingles-1024x683-1.jpg\" alt=\"Mercadillo del Ingl\u00e9s \u2013 M\u00e1laga\" width=\"1024\" height=\"683\" \/><\/p>\n<p>Un nouveau format de march\u00e9 aux puces sp\u00e9cial vient s&rsquo;ajouter \u00e0 l&rsquo;offre culturelle de la ville.<\/p>\n<p>Une fois par mois, le <a href=\"https:\/\/www.malagacar.com\/fr\/blog\/loisirs\/curieux-cimetieres-malaga\/#Cimetiere_anglais_Malaga\" data-wpel-link=\"internal\"><strong>cimeti\u00e8re anglais<\/strong><\/a> du centre-ville accueille un march\u00e9 aux puces proposant de l&rsquo;artisanat, de la d\u00e9coration vintage, des livres d&rsquo;occasion, des c\u00e9ramiques et des produits uniques. L&rsquo;\u00e9v\u00e9nement propose \u00e9galement de la musique live et des food trucks.<\/p>\n<p>Ce qui est sp\u00e9cial, c&rsquo;est l&rsquo;endroit lui-m\u00eame, un lieu embl\u00e9matique plein de charme : le cimeti\u00e8re anglais, la plus ancienne n\u00e9cropole non catholique de la p\u00e9ninsule ib\u00e9rique. En vous promenant dans le magnifique jardin, vous pourrez d\u00e9couvrir les tombes des personnalit\u00e9s internationales de l&rsquo;\u00e9poque qui y ont \u00e9t\u00e9 enterr\u00e9es.<\/p>\n<p>Entr\u00e9e gratuite.<\/p>\n<ul>\n<li>Prochaine \u00e9dition sur le <a href=\"https:\/\/cementerioinglesmalaga.org\/\" data-wpel-link=\"external\" rel=\"external noopener noreferrer\"><strong>site officiel<\/strong><\/a><\/li>\n<li><a href=\"https:\/\/maps.app.goo.gl\/ibfgQuF52hBNZoD86\" data-wpel-link=\"external\" rel=\"external noopener noreferrer\"><strong>Comment s&rsquo;y rendre<\/strong><\/a><\/li>\n<\/ul>\n<h3><span class=\"ez-toc-section\" id=\"Marche_artisanal_de_Cartama\"><\/span>March\u00e9 artisanal de C\u00e1rtama<span class=\"ez-toc-section-end\"><\/span><\/h3>\n<p><img loading=\"lazy\" decoding=\"async\" class=\"alignnone wp-image-18937\" src=\"https:\/\/www.malagacar.com\/sp\/blog\/wp-content\/uploads\/2026\/01\/mercado-artesanal-cartama.jpg\" alt=\"Mercado Artesanal de C\u00e1rtama\" width=\"501\" height=\"706\" \/><\/p>\n<p>Le premier dimanche de chaque mois, un march\u00e9 artisanal se tient \u00e0 C\u00e1rtama, proposant une grande vari\u00e9t\u00e9 d&rsquo;articles uniques faits main, ainsi que des produits alimentaires locaux.<\/p>\n<p>Le march\u00e9 est situ\u00e9 dans le parc du quartier r\u00e9sidentiel de Los Naranjos, \u00e0 proximit\u00e9 du march\u00e9 de la gare de C\u00e1rtama, et est ouvert de 9h00 \u00e0 14h00.<\/p>\n<ul>\n<li><a href=\"https:\/\/maps.app.goo.gl\/sFxk8nydT4Pyx8CY6\" data-wpel-link=\"external\" rel=\"external noopener noreferrer\"><strong>Comment s&rsquo;y rendre<\/strong><\/a><\/li>\n<\/ul>\n<h3><span class=\"ez-toc-section\" id=\"Marche_mensuel_%E2%80%93_Corumbela_Axarquia\"><\/span>March\u00e9 mensuel \u2013 Corumbela, Axarqu\u00eda<span class=\"ez-toc-section-end\"><\/span><\/h3>\n<p><img loading=\"lazy\" decoding=\"async\" class=\"alignnone wp-image-19081\" src=\"https:\/\/www.malagacar.com\/sp\/blog\/wp-content\/uploads\/2026\/02\/Mercado-corumbela.jpg\" alt=\"Mercado mensual \u2013 Corumbela\" width=\"551\" height=\"688\" \/><\/p>\n<p>Envie de d\u00e9couvrir l&rsquo;Axarqu\u00eda, r\u00e9gion de Malaga, et de combiner votre visite avec un passage par un march\u00e9 local\u00a0?<\/p>\n<p>Corumbela, village de moins de 300 habitants, est l&rsquo;un des plus hauts de l&rsquo;Axarqu\u00eda, \u00e0 632 m\u00e8tres d&rsquo;altitude. Cette altitude offre des panoramas exceptionnels \u00e0 360 degr\u00e9s. On y trouve m\u00eame des points de vue permettant d&rsquo;apercevoir la mer M\u00e9diterran\u00e9e.<\/p>\n<p>Le march\u00e9 de Corumbela se tient le premier mercredi de chaque mois sur l&rsquo;unique place du village. Vous y trouverez des produits locaux, de l&rsquo;artisanat, des confiseries maison, des v\u00eatements et des accessoires, et l&rsquo;occasion de d\u00e9couvrir des cr\u00e9ations et des saveurs authentiques. Le prochain march\u00e9 aura lieu le 4 mars.<\/p>\n<ul>\n<li>Quand : Le premier mercredi de chaque mois, de 10h \u00e0 14h<\/li>\n<li>O\u00f9 : Plaza de San Pedro, Corumbela<\/li>\n<li><a href=\"https:\/\/maps.app.goo.gl\/yK4P9qZh1bz9WjHi7\" data-wpel-link=\"external\" rel=\"external noopener noreferrer\"><strong>Comment s&rsquo;y rendre<\/strong><\/a><\/li>\n<\/ul>\n<h3><span class=\"ez-toc-section\" id=\"Puerto_Market_%E2%80%93_Benalmadena\"><\/span>Puerto Market \u2013 Benalmadena<span class=\"ez-toc-section-end\"><\/span><\/h3>\n<p><img loading=\"lazy\" decoding=\"async\" class=\"alignnone wp-image-19091\" src=\"https:\/\/www.malagacar.com\/sp\/blog\/wp-content\/uploads\/2026\/02\/Puerto-market2-819x1024.jpg\" alt=\"Puerto Market \u2013 Benalm\u00e1dena\" width=\"505\" height=\"632\" \/><\/p>\n<p>Combinez une promenade dans le port de plaisance prim\u00e9 de Benalm\u00e1dena avec une visite au \u00ab Puerto Market \u00bb, qui propose une grande vari\u00e9t\u00e9 de produits artisanaux, de d\u00e9corations, d&rsquo;accessoires, de cadeaux, de produits de sant\u00e9 et de beaut\u00e9, d&rsquo;antiquit\u00e9s et de livres d&rsquo;occasion.<\/p>\n<ul>\n<li>Quand : Tous les week-ends d&rsquo;avril, de 12h \u00e0 19h<\/li>\n<li>O\u00f9 : Puerto Marina, Benalm\u00e1dena<\/li>\n<li><a href=\"https:\/\/maps.app.goo.gl\/ReVF6HX5cEATiNh8A\" data-wpel-link=\"external\" rel=\"external noopener noreferrer\"><strong>Comment s&rsquo;y rendre<\/strong><\/a><\/li>\n<\/ul>\n<h3><span class=\"ez-toc-section\" id=\"Marche_artisanal_%E2%80%93_Torrox_Pueblo\"><\/span>March\u00e9 artisanal \u2013 Torrox Pueblo<span class=\"ez-toc-section-end\"><\/span><\/h3>\n<p><img loading=\"lazy\" decoding=\"async\" class=\"alignnone wp-image-19232\" src=\"https:\/\/www.malagacar.com\/sp\/blog\/wp-content\/uploads\/2026\/03\/mercado-artesanal-Torrox-pueblo-796x1024.jpg\" alt=\"Mercado Artesanal \u2013 Torrox Pueblo\" width=\"453\" height=\"583\" \/><\/p>\n<p>La Plaza de la Constituci\u00f3n, place centrale de la ville, accueillera son March\u00e9 international d&rsquo;artisanat durant la belle saison.<\/p>\n<p>Plus pr\u00e9cis\u00e9ment, il se tiendra chaque dernier samedi du mois jusqu&rsquo;en novembre et proposera une quarantaine de stands d&rsquo;art et d&rsquo;artisanat, ainsi que des concerts, de 10h \u00e0 15h.<\/p>\n<p>En juillet et ao\u00fbt, le march\u00e9 se transforme en march\u00e9 nocturne et sera ouvert de 19h \u00e0 minuit.<\/p>\n<ul>\n<li>Quand : Chaque dernier samedi du mois<\/li>\n<li>O\u00f9 : Pueblo de Torrox<\/li>\n<li><a href=\"https:\/\/maps.app.goo.gl\/nNfFDzXbFCoCZDSSA\" data-wpel-link=\"external\" rel=\"external noopener noreferrer\"><strong>Comment s&rsquo;y rendre<\/strong><\/a><\/li>\n<\/ul>\n<h3><span class=\"ez-toc-section\" id=\"Marches_aux_puces_et_marches_de_rue_dans_la_province\"><\/span>March\u00e9s aux puces et march\u00e9s de rue dans la province<span class=\"ez-toc-section-end\"><\/span><\/h3>\n<p><a href=\"https:\/\/www.malagacar.com\/fr\/blog\/loisirs\/marches-de-rue-malaga\/\" data-wpel-link=\"internal\"><img loading=\"lazy\" decoding=\"async\" class=\"alignnone size-full wp-image-1208\" src=\"https:\/\/www.malagacar.com\/fr\/blog\/wp-content\/uploads\/2024\/05\/mercadillos-fr.jpg\" alt=\"march\u00e9s de rue \u00e0 M\u00e1laga\" width=\"1200\" height=\"691\" srcset=\"https:\/\/www.malagacar.com\/fr\/blog\/wp-content\/uploads\/2024\/05\/mercadillos-fr.jpg 1200w, https:\/\/www.malagacar.com\/fr\/blog\/wp-content\/uploads\/2024\/05\/mercadillos-fr-300x173.jpg 300w, https:\/\/www.malagacar.com\/fr\/blog\/wp-content\/uploads\/2024\/05\/mercadillos-fr-1024x590.jpg 1024w, https:\/\/www.malagacar.com\/fr\/blog\/wp-content\/uploads\/2024\/05\/mercadillos-fr-768x442.jpg 768w\" sizes=\"auto, (max-width: 1200px) 100vw, 1200px\" \/><\/a><\/p>\n<p>Les municipalit\u00e9s de la Costa del Sol proposent un large \u00e9ventail de march\u00e9s de rue et de march\u00e9s aux puces hebdomadaires.<\/p>\n<p>On y trouve de tout : fruits et l\u00e9gumes frais, fruits secs et noix, olives et \u00e9pices, jouets, poterie et artisanat typique, v\u00eatements, chaussures, fleurs et pots, faux articles de marque et bien d&rsquo;autres choses encore.<\/p>\n<ul>\n<li>Voici tous les <a href=\"https:\/\/www.malagacar.com\/fr\/blog\/loisirs\/marches-de-rue-malaga\/\" data-wpel-link=\"internal\"><strong>March\u00e9s aux puces &amp; March\u00e9s de rue \u00e0 Malaga et sur la Costa del Sol<\/strong><\/a><\/li>\n<\/ul>\n<h2><span class=\"ez-toc-section\" id=\"Visite_des_musees_de_Malaga\"><\/span>Visite des mus\u00e9es de Malaga<span class=\"ez-toc-section-end\"><\/span><\/h2>\n<figure id=\"attachment_6633\" aria-describedby=\"caption-attachment-6633\" style=\"width: 700px\" class=\"wp-caption alignnone\"><img loading=\"lazy\" decoding=\"async\" class=\"wp-image-6633 size-full\" src=\"https:\/\/www.malagacar.com\/blog\/wp-content\/uploads\/2020\/01\/museo-picasso-vista-nocturna.jpg\" alt=\"\" width=\"700\" height=\"450\" \/><figcaption id=\"caption-attachment-6633\" class=\"wp-caption-text\">Vue nocturne du Mus\u00e9e Picasso<\/figcaption><\/figure>\n<ul>\n<li>Beaucoup de <a href=\"https:\/\/www.malagacar.com\/fr\/blog\/loisirs\/meilleurs-musees-malaga\/\" data-wpel-link=\"internal\"><strong>mus\u00e9es de M\u00e1laga<\/strong><\/a> en plus de leurs installations fixes offrent souvent des expositions temporaires.<\/li>\n<li>Emplacement de tous les <strong><a href=\"https:\/\/goo.gl\/maps\/xLvkHvv8x5NJm199A\" data-wpel-link=\"external\" rel=\"external noopener noreferrer\">Mus\u00e9es de M\u00e1laga en un coup d&rsquo;\u0153il<\/a>.<\/strong><\/li>\n<\/ul>\n<h3><span class=\"ez-toc-section\" id=\"Visites_guidees_gratuites_%E2%80%93_Musee_de_Malaga\"><\/span>Visites guid\u00e9es gratuites &#8211; Mus\u00e9e de Malaga<span class=\"ez-toc-section-end\"><\/span><\/h3>\n<p><img loading=\"lazy\" decoding=\"async\" class=\"alignnone wp-image-14397\" src=\"https:\/\/www.malagacar.com\/sp\/blog\/wp-content\/uploads\/2021\/07\/Museo-de-Malaga-819x1024.jpg\" alt=\"Museo de M\u00e1laga\" width=\"550\" height=\"688\" \/><\/p>\n<p>Profitez du samedi pour fl\u00e2ner parmi les collections d&rsquo;art et d&rsquo;arch\u00e9ologie. Le <a href=\"https:\/\/www.malagacar.com\/fr\/blog\/loisirs\/meilleurs-musees-malaga\/#Musee_de_Malaga\" data-wpel-link=\"internal\"><strong>Mus\u00e9e de Malaga<\/strong><\/a> propose des visites guid\u00e9es gratuites tous les samedis \u00e0 midi, chacune sur un th\u00e8me diff\u00e9rent.<\/p>\n<p>Les inscriptions se font \u00e0 l&rsquo;accueil le jour de l&rsquo;activit\u00e9, d\u00e8s l&rsquo;ouverture du mus\u00e9e. Consultez <a href=\"https:\/\/www.museosdeandalucia.es\/web\/museodemalaga\" data-wpel-link=\"external\" rel=\"external noopener noreferrer\"><strong>leur site web<\/strong><\/a> pour conna\u00eetre les activit\u00e9s propos\u00e9es chaque semaine.<\/p>\n<ul>\n<li>Quand : Le samedi \u00e0 12h<\/li>\n<li>O\u00f9 : Mus\u00e9e de Malaga<\/li>\n<li><a href=\"https:\/\/maps.app.goo.gl\/ZRb4BVzcJ2ToyXaH8\" data-wpel-link=\"external\" rel=\"external noopener noreferrer\"><strong>Comment s&rsquo;y rendre<\/strong><\/a><\/li>\n<\/ul>\n<h3><span class=\"ez-toc-section\" id=\"Visites_guidees_jardin_botanique_historique_de_La_Concepcion_%E2%80%93_Malaga\"><\/span>Visites guid\u00e9es jardin botanique historique de La Concepci\u00f3n &#8211; Malaga<span class=\"ez-toc-section-end\"><\/span><\/h3>\n<p><img loading=\"lazy\" decoding=\"async\" class=\"alignnone wp-image-15201\" src=\"https:\/\/www.malagacar.com\/sp\/blog\/wp-content\/uploads\/2023\/02\/Botanico.jpg\" alt=\"Visitas guiadas en el Jard\u00edn Bot\u00e1nico Hist\u00f3rico La Concepci\u00f3n\" width=\"594\" height=\"833\" \/><\/p>\n<p>Les visites guid\u00e9es du jardin de La Concepci\u00f3n sont de retour. Profitez d&rsquo;une visite guid\u00e9e du magnifique historique <a href=\"https:\/\/www.malagacar.com\/fr\/blog\/loisirs\/jardin-botanique-historique-malaga\/\" data-wpel-link=\"internal\"><strong>jardin botanique La Concepci\u00f3n<\/strong><\/a> les week-ends, de jour comme de nuit.<\/p>\n<p>\u00ab\u00a0Promenades de charme\u00a0\u00bb auront lieu les samedis et dimanches \u00e0 midi. Les vendredis \u00e0 la tomb\u00e9e de la nuit, il y aura des \u00ab\u00a0Nuits avec l&rsquo;histoire\u00a0\u00bb (d&rsquo;octobre \u00e0 mars \u00e0 20 heures, d&rsquo;avril \u00e0 septembre \u00e0 21 heures). Les visites guid\u00e9es durent environ 1 heure et demie.<\/p>\n<ul>\n<li>Information et r\u00e9servations: <a href=\"mailto:infojbotanicomalaga@gmail.com\">infojbotanicomalaga@gmail.com<\/a> ou les t\u00e9l\u00e9phones +34 951926180 \/ +34 639914055.<\/li>\n<li><a href=\"https:\/\/maps.app.goo.gl\/yE9TdeVfEzp1q8nF7\" data-wpel-link=\"external\" rel=\"external noopener noreferrer\"><strong> Comment s&rsquo;y rendre <\/strong><\/a><\/li>\n<\/ul>\n<h3><span class=\"ez-toc-section\" id=\"Visite_de_la_Brasserie_Victoria_%E2%80%93_Malaga\"><\/span>Visite de la Brasserie Victoria &#8211; Malaga<span class=\"ez-toc-section-end\"><\/span><\/h3>\n<p><img loading=\"lazy\" decoding=\"async\" class=\"alignnone size-full wp-image-16182\" src=\"https:\/\/www.malagacar.com\/sp\/blog\/wp-content\/uploads\/2023\/10\/cerveza-victoria.jpg\" alt=\"F\u00e1brica de cerveza Victoria - M\u00e1laga\" width=\"900\" height=\"471\" \/><\/p>\n<p>Saviez-vous que Cervezas Victoria propose des visites guid\u00e9es pour d\u00e9couvrir son processus de production et son histoire ?<\/p>\n<p>Si vous aimez la bi\u00e8re, vous pourriez \u00eatre int\u00e9ress\u00e9 par la visite de cette brasserie 100% Malague\u00f1a.<\/p>\n<p>C&rsquo;est une visite de 90 minutes au cours de laquelle vous d\u00e9couvrirez de premi\u00e8re main les secrets de la bi\u00e8re Victoria \u00ab\u00a0Malague\u00f1a y exquisita\u00a0\u00bb et bien s\u00fbr, vous les go\u00fbterez !<\/p>\n<ul>\n<li>Visites guid\u00e9es disponibles en espagnol et en anglais sur <a href=\"https:\/\/visitas.cervezavictoria.es\/muslinkIII_vic_nofr\/venda\/index.jsp?lang=1&amp;nom_cache=VICTORIA&amp;property=VICTORIA#close\" target=\"_blank\" rel=\"nofollow noopener external noreferrer\" data-wpel-link=\"external\"><strong>ce lien<\/strong><\/a>.<\/li>\n<li><a href=\"https:\/\/www.cervezavictoria.es\/es\" target=\"_blank\" rel=\"nofollow noopener external noreferrer\" data-wpel-link=\"external\"><strong>Site web<\/strong><\/a><\/li>\n<li><a href=\"https:\/\/goo.gl\/maps\/xkcUqWb22oHAaqFc6\" target=\"_blank\" rel=\"nofollow noopener external noreferrer\" data-wpel-link=\"external\"><strong>Comment s&rsquo;y rendre<\/strong><\/a><\/li>\n<\/ul>\n<h3><span class=\"ez-toc-section\" id=\"Visites_nocturnes_theatralisees_musee_de_lautomobile_%E2%80%93_Malaga\"><\/span>Visites nocturnes th\u00e9\u00e2tralis\u00e9es mus\u00e9e de l&rsquo;automobile &#8211; Malaga<span class=\"ez-toc-section-end\"><\/span><\/h3>\n<p><img loading=\"lazy\" decoding=\"async\" class=\" wp-image-9447\" src=\"https:\/\/www.malagacar.com\/sp\/blog\/wp-content\/uploads\/2021\/09\/museo-automovilistico2.jpg\" alt=\"Museo Automovil\u00edstico\" width=\"925\" height=\"618\" \/><\/p>\n<p>Profitez d&rsquo;une visite nocturne th\u00e9\u00e2tralis\u00e9e au mus\u00e9e de l&rsquo;automobile et de la mode de Malaga. Les visiteurs peuvent d\u00e9couvrir l&rsquo;histoire des voitures historiques \u00e0 travers des personnages pertinents.<\/p>\n<p>Parmi ces personnages, on trouve l&rsquo;agent 007, qui renouvelle son permis de tuer, ou Amelia Earhart, la premi\u00e8re femme aviatrice \u00e0 avoir travers\u00e9 l&rsquo;Atlantique, Coco Chanel ou Salvador Dal\u00ed. La visite dure une heure et demie.<\/p>\n<ul>\n<li>Billets au <a href=\"https:\/\/historiavivamalaga.es\/visitas-teatralizadas-en-malaga\/museo-automovilistico-y-de-la-moda-en-malaga\/\" data-wpel-link=\"external\" rel=\"external noopener noreferrer\"><strong> Site web<\/strong><\/a><\/li>\n<li>Quand : Le premier vendredi de chaque mois (dans la mesure o\u00f9 le calendrier des \u00e9v\u00e9nements du mus\u00e9e le permet)<\/li>\n<li>O\u00f9 : Museo Automovil\u00edstico y de la Moda M\u00e1laga<\/li>\n<li><a href=\"https:\/\/maps.app.goo.gl\/G5hqDkF77EADCBBg8\" data-wpel-link=\"external\" rel=\"external noopener noreferrer\"><strong> Comment s&rsquo;y rendre<\/strong><\/a><\/li>\n<\/ul>\n<h2><span class=\"ez-toc-section\" id=\"Concerts_du_Marenostrum_Fuengirola_cet_ete\"><\/span>Concerts du Marenostrum Fuengirola cet \u00e9t\u00e9<span class=\"ez-toc-section-end\"><\/span><\/h2>\n<p><img loading=\"lazy\" decoding=\"async\" class=\"alignnone wp-image-15283\" src=\"https:\/\/www.malagacar.com\/sp\/blog\/wp-content\/uploads\/2023\/03\/Marenostrum-819x1024.jpg\" alt=\"Marenostrum Fuengirola\" width=\"498\" height=\"623\" \/><\/p>\n<p>Les billets sont d\u00e9sormais en vente pour les spectacles pr\u00e9vus cet \u00e9t\u00e9 dans cette magnifique salle de concert en plein air, situ\u00e9e \u00e0 proximit\u00e9 de la mer et du ch\u00e2teau de Sohail.<\/p>\n<p>Les billets peuvent \u00eatre achet\u00e9s pour une vari\u00e9t\u00e9 de spectacles comprenant du flamenco, de la pop, du rock, de la musique latine ou du m\u00e9tal, ainsi que pour divers festivals de musique.<\/p>\n<p><a href=\"https:\/\/www.malagacar.com\/blog\/leisure\/marenostrum-fuengirola-concerts\/\" data-wpel-link=\"internal\"><img loading=\"lazy\" decoding=\"async\" class=\"alignnone size-full wp-image-9255\" src=\"https:\/\/www.malagacar.com\/blog\/wp-content\/uploads\/2022\/04\/marenostrum-en.jpg\" alt=\"Marenostrum Fuengirola Concerts\" width=\"1024\" height=\"593\" \/><\/a><\/p>\n<ul>\n<li>D\u00e9couvrez tous les artistes de cette ann\u00e9e et toutes les informations, dans notre article <a href=\"https:\/\/www.malagacar.com\/fr\/blog\/loisirs\/concerts-marenostrum-fuengirola\/\" data-wpel-link=\"internal\"><strong>Marenostrum Fuengirola 2026<\/strong><\/a>.<\/li>\n<li>Les billets peuvent \u00eatre achet\u00e9s sur le <a href=\"https:\/\/marenostrumfuengirola.com\/\" data-wpel-link=\"external\" rel=\"external noopener noreferrer\"><strong>site officiel<\/strong><\/a>.<\/li>\n<\/ul>\n<h2><span class=\"ez-toc-section\" id=\"Concerts_Starlite_Marbella_cet_ete\"><\/span>Concerts Starlite Marbella cet \u00e9t\u00e9<span class=\"ez-toc-section-end\"><\/span><\/h2>\n<p><a href=\"https:\/\/www.malagacar.com\/fr\/blog\/loisirs\/starlite-marbella\/\" data-wpel-link=\"internal\"><img loading=\"lazy\" decoding=\"async\" class=\"alignnone wp-image-10888 size-large\" src=\"https:\/\/www.malagacar.com\/sp\/blog\/wp-content\/uploads\/2022\/04\/starlight-full-1024x608.jpg\" alt=\"starlite Marbella\" width=\"750\" height=\"445\" \/><\/a><\/p>\n<p>Starlite Marbella est l&rsquo;un des meilleurs festivals de musique en plein air. Chaque ann\u00e9e, il accueille des artistes prestigieux pour des concerts intimistes et exclusifs dans le cadre unique de la carri\u00e8re de Nag\u00fceles \u00e0 Marbella.<\/p>\n<p>Pr\u00e8s de 50 jours de concerts sont propos\u00e9s en juin, juillet et ao\u00fbt. Sa programmation r\u00e9unit certains des artistes les plus en vue de la sc\u00e8ne musicale actuelle.<\/p>\n<p>Dans notre \u00e9dition sp\u00e9ciale <a href=\"https:\/\/www.malagacar.com\/fr\/blog\/loisirs\/starlite-marbella\/\" data-wpel-link=\"internal\"><strong>Starlite Marbella 2026<\/strong><\/a>, vous trouverez la liste des artistes confirm\u00e9s pour cet \u00e9t\u00e9 et toutes les informations n\u00e9cessaires pour profiter pleinement de l&rsquo;\u00e9v\u00e9nement.<\/p>\n<h2><span class=\"ez-toc-section\" id=\"Festivals_de_musique_sur_la_Costa_del_Sol_2026\"><\/span>Festivals de musique sur la Costa del Sol 2026<span class=\"ez-toc-section-end\"><\/span><\/h2>\n<p><a href=\"https:\/\/www.malagacar.com\/fr\/blog\/loisirs\/music-festivals-costa-del-sol\/\" data-wpel-link=\"internal\"><img loading=\"lazy\" decoding=\"async\" class=\"alignnone size-full wp-image-365\" src=\"https:\/\/www.malagacar.com\/fr\/blog\/wp-content\/uploads\/2022\/06\/music-festivals-en-768x458-1.jpg\" alt=\"\" width=\"768\" height=\"458\" srcset=\"https:\/\/www.malagacar.com\/fr\/blog\/wp-content\/uploads\/2022\/06\/music-festivals-en-768x458-1.jpg 768w, https:\/\/www.malagacar.com\/fr\/blog\/wp-content\/uploads\/2022\/06\/music-festivals-en-768x458-1-300x179.jpg 300w\" sizes=\"auto, (max-width: 768px) 100vw, 768px\" \/><\/a><\/p>\n<p>Il n&rsquo;est pas n\u00e9cessaire d&rsquo;attendre l&rsquo;\u00e9t\u00e9 pour profiter de la musique en direct dans certaines des meilleures salles de Malaga !<\/p>\n<p>Comme vous le savez, sur la Costa del Sol, la saison commence t\u00f4t.\u00a0Voici tous les <a href=\"https:\/\/www.malagacar.com\/fr\/blog\/loisirs\/music-festivals-costa-del-sol\/\" data-wpel-link=\"internal\"><strong>festivals de musique sur la Costa del Sol 2026<\/strong><\/a>, pour n&rsquo;en manquer aucun !<\/p>\n<h2><span class=\"ez-toc-section\" id=\"Ouverture_de_saison_des_clubs_de_plage\"><\/span>Ouverture de saison des clubs de plage<span class=\"ez-toc-section-end\"><\/span><\/h2>\n<p>Pour les amateurs de soleil et de f\u00eates sur la plage, l&rsquo;ouverture de la saison des meilleurs clubs de plage de Marbella est le compte \u00e0 rebours qui indique que l&rsquo;\u00e9t\u00e9 n&rsquo;est plus tr\u00e8s loin.<\/p>\n<h4>Nikki Beach Marbella<\/h4>\n<p>Le tr\u00e8s pris\u00e9 Beach Club rouvre ses portes pour la saison 2026 le week-end du 2 au 5 avril, sous le th\u00e8me \u00ab\u00a0Retour au paradis\u00a0\u00bb.<\/p>\n<p>Profitez d&rsquo;un week-end entier de divertissements avec du saxophone en direct, un spectacle de percussions et des DJ r\u00e9sidents.<\/p>\n<p><img loading=\"lazy\" decoding=\"async\" class=\"alignnone size-full wp-image-13311\" src=\"https:\/\/www.malagacar.com\/sp\/blog\/wp-content\/uploads\/2022\/03\/Nikki-1.jpg\" alt=\"Nikki Beach Marbella\" width=\"614\" height=\"768\" \/><\/p>\n<ul>\n<li>Quand : Du 2 au 5 avril, de 12h \u00e0 19h<\/li>\n<li>O\u00f9 : Nikki Beach, plage de l&rsquo;h\u00f4tel Don Carlos<\/li>\n<li><a href=\"https:\/\/goo.gl\/maps\/tRoS9CLMQgk\" data-wpel-link=\"external\" rel=\"external noopener noreferrer\"><strong> Comment s&rsquo;y rendre <\/strong><\/a><\/li>\n<\/ul>\n<h2><span class=\"ez-toc-section\" id=\"Fetes_gastronomiques_a_Malaga_en_Avril\"><\/span>F\u00eates gastronomiques \u00e0 Malaga en Avril<span class=\"ez-toc-section-end\"><\/span><\/h2>\n<h3><span class=\"ez-toc-section\" id=\"Foire_au_fromage_%E2%80%93_Estepona\"><\/span>Foire au fromage \u2013 Estepona<span class=\"ez-toc-section-end\"><\/span><\/h3>\n<p><img loading=\"lazy\" decoding=\"async\" class=\"alignnone wp-image-19320\" src=\"https:\/\/www.malagacar.com\/sp\/blog\/wp-content\/uploads\/2026\/03\/cartel-feria-queso-820x1024.jpg\" alt=\"Feria Queso \u2013 Estepona\" width=\"502\" height=\"627\" \/><\/p>\n<p>Avis aux amateurs de fromage ! Le c\u00e9l\u00e8bre March\u00e9 aux Fromages \u00ab Popi \u00bb, v\u00e9ritable immersion dans les saveurs de Malaga, est de retour, d\u00e9di\u00e9 aux fromages de Malaga et autres sp\u00e9cialit\u00e9s locales.<\/p>\n<p>Le quartier Pase\u00edllo de la Calle Real accueillera ce march\u00e9 en plein air, r\u00e9unissant plus de trente producteurs proposant fromages artisanaux, produits laitiers, vins et autres produits typiques d&rsquo;Andalousie.<\/p>\n<p>Au programme : d\u00e9gustations de fromages et vente directe, vins et douceurs andalouses, d\u00e9monstrations culinaires locales et concours de d\u00e9coupe de jambon.<\/p>\n<ul>\n<li>Dates : du 17 au 19 avril, de 12h \u00e0 22h<\/li>\n<li>Lieu : Calle Real, Estepona<\/li>\n<li><a href=\"https:\/\/maps.app.goo.gl\/aRHhqCeUorKmHa7C7\" data-wpel-link=\"external\" rel=\"external noopener noreferrer\"><strong>Comment s&rsquo;y rendre<\/strong><\/a><\/li>\n<\/ul>\n<h3><span class=\"ez-toc-section\" id=\"Itineraire_des_plats_typiques_de_Malaga_pendant_le_Careme\"><\/span>Itin\u00e9raire des plats typiques de Malaga pendant le Car\u00eame<span class=\"ez-toc-section-end\"><\/span><\/h3>\n<p><img loading=\"lazy\" decoding=\"async\" class=\"alignnone size-full wp-image-18983\" src=\"https:\/\/www.malagacar.com\/sp\/blog\/wp-content\/uploads\/2026\/02\/gastro-cuaresma.jpg\" alt=\"platos t\u00edpicos M\u00e1laga Cuaresma Semana Santa\" width=\"1000\" height=\"730\" \/><\/p>\n<p>Du mercredi des Cendres au Samedi Saint, \u00e0 Malaga, vous pourrez savourer des recettes traditionnelles o\u00f9 poissons, l\u00e9gumes et l\u00e9gumineuses sont \u00e0 l&rsquo;honneur.<\/p>\n<p>Vous pr\u00e9voyez de venir sur la Costa del Sol dans les prochaines semaines et de fl\u00e2ner dans la vieille ville \u00e0 la d\u00e9couverte de ses saveurs uniques\u00a0?<\/p>\n<p>Nous avons pr\u00e9par\u00e9 une \u00e9dition sp\u00e9ciale pour nos visiteurs, dans laquelle nous vous pr\u00e9sentons les plats typiques de Malaga pendant le Car\u00eame et la Semaine Sainte, ainsi que les meilleures adresses pour les d\u00e9guster.<\/p>\n<ul>\n<li>Suivez <a href=\"https:\/\/www.malagacar.com\/fr\/blog\/loisirs\/plats-typiques-malaga-careme-paques\/\" data-wpel-link=\"internal\"><strong>ce lien<\/strong><\/a><\/li>\n<\/ul>\n<h3><span class=\"ez-toc-section\" id=\"Route_Ajobacalao_a_Velez-Malaga\"><\/span>Route Ajobacalao \u00e0 V\u00e9lez-M\u00e1laga<span class=\"ez-toc-section-end\"><\/span><\/h3>\n<p><img loading=\"lazy\" decoding=\"async\" class=\"alignnone wp-image-19150\" src=\"https:\/\/www.malagacar.com\/sp\/blog\/wp-content\/uploads\/2026\/02\/Ruta-ajobacalao-Velez-Malaga-739x1024.jpg\" alt=\"Ruta del Ajobacalao en V\u00e9lez-M\u00e1laga\" width=\"494\" height=\"685\" \/><\/p>\n<p>\u00c0 V\u00e9lez-M\u00e1laga, dans la r\u00e9gion de l&rsquo;Axarqu\u00eda \u00e0 environ 40 km de Malaga, un itin\u00e9raire gastronomique particulier est mis \u00e0 l&rsquo;honneur pendant le Car\u00eame.<\/p>\n<p>L&rsquo;ajobacalao est une sp\u00e9cialit\u00e9 locale. Il s&rsquo;agit d&rsquo;un m\u00e9lange de chapelure, d&rsquo;huile d&rsquo;olive vierge extra, de morue sal\u00e9e, d&rsquo;ail, de citron, de paprika et de piment, \u00e9tal\u00e9 sur du pain. Traditionnellement, il est pr\u00e9par\u00e9 pour les dignitaires religieux afin qu&rsquo;ils reprennent des forces.<\/p>\n<p>Du 10 mars au 5 avril, les restaurants locaux proposent des recettes telles que la morue \u00e0 la sauce pil-pil, des croquettes de morue \u00e0 l&rsquo;ail et des rago\u00fbts, mettant en valeur la cuisine traditionnelle et l&rsquo;avocat de la r\u00e9gion de l&rsquo;Axarqu\u00eda.<\/p>\n<ul>\n<li>Quand : Du 10 mars au 5 avril<\/li>\n<li>O\u00f9 : Bars et restaurants de V\u00e9lez-M\u00e1laga (voir le QR code sur l&rsquo;affiche)<\/li>\n<li><a href=\"https:\/\/maps.app.goo.gl\/orXk2NC3CHUERJYE8\" data-wpel-link=\"external\" rel=\"external noopener noreferrer\"><strong>Comment s&rsquo;y rendre<\/strong><\/a><\/li>\n<\/ul>\n<h3><span class=\"ez-toc-section\" id=\"%E2%80%9CGout_Casares%E2%80%9D_%E2%80%93_Casares\"><\/span>\u201cGo\u00fbt Casares\u201d &#8211; Casares<span class=\"ez-toc-section-end\"><\/span><\/h3>\n<p><img loading=\"lazy\" decoding=\"async\" class=\"alignnone size-full wp-image-19227\" src=\"https:\/\/www.malagacar.com\/sp\/blog\/wp-content\/uploads\/2026\/03\/degusta-Casares.jpg\" alt=\"\u201cDegusta Casares\u201d - Casares\" width=\"509\" height=\"720\" \/><\/p>\n<p>Profitez de cet \u00e9v\u00e9nement culinaire pour d\u00e9couvrir le charmant village blanc de Casares, situ\u00e9 \u00e0 17 km d&rsquo;Estepona, au c\u0153ur de la province.<\/p>\n<p>Cette foire gastronomique et culturelle se tiendra les 18 et 19 avril et proposera un march\u00e9 artisanal, un parcours historique, des ateliers d&rsquo;artisanat et de cuisine, des d\u00e9monstrations culinaires et des concerts.<\/p>\n<ul>\n<li>Quand : 18 et 19 avril, \u00e0 partir de 11h<\/li>\n<li>O\u00f9 : Casares<\/li>\n<li><a href=\"https:\/\/maps.app.goo.gl\/LDHh6CG9rPg7NFBfA\" data-wpel-link=\"external\" rel=\"external noopener noreferrer\"><strong>Comment s&rsquo;y rendre<\/strong><\/a><\/li>\n<\/ul>\n<h3><span class=\"ez-toc-section\" id=\"Journee_de_lasperge_%E2%80%93_Sierra_de_Yeguas\"><\/span>Journ\u00e9e de l&rsquo;asperge &#8211; Sierra de Yeguas<span class=\"ez-toc-section-end\"><\/span><\/h3>\n<figure id=\"attachment_15288\" aria-describedby=\"caption-attachment-15288\" style=\"width: 1000px\" class=\"wp-caption alignnone\"><img loading=\"lazy\" decoding=\"async\" class=\"size-full wp-image-15288\" src=\"https:\/\/www.malagacar.com\/sp\/blog\/wp-content\/uploads\/2023\/03\/Esparragos-Credit-Depositphotos.jpg\" alt=\"Dia de esp\u00e1rragos, Sierra de Yeguas\" width=\"1000\" height=\"667\" \/><figcaption id=\"caption-attachment-15288\" class=\"wp-caption-text\">Credit Depositphotos<\/figcaption><\/figure>\n<p>La capitale de l&rsquo;asperge c\u00e9l\u00e8bre \u00e0 nouveau une nouvelle journ\u00e9e gastronomique d\u00e9di\u00e9e \u00e0 son produit phare, avec une d\u00e9gustation gratuite de quelque 2 000 kilos d&rsquo;asperges pr\u00e9par\u00e9es dans diff\u00e9rentes recettes, des omelettes classiques aux asperges grill\u00e9es.<\/p>\n<p>Une quarantaine d&rsquo;exposants de produits alimentaires et artisanaux seront \u00e9galement pr\u00e9sents. Outre les asperges de la commune, vous pourrez acheter de l&rsquo;huile d&rsquo;olive extra vierge, du fromage, de la charcuterie et du miel de la r\u00e9gion.<\/p>\n<p>L&rsquo;apr\u00e8s-midi sera anim\u00e9e \u00e0 partir de 17h30 par un concert en direct sur la Plaza de Andaluc\u00eda.<\/p>\n<ul>\n<li>O\u00f9 : Sierra de Yeguas<\/li>\n<li>Quand : 25 et 26 avril<\/li>\n<li><a href=\"https:\/\/maps.app.goo.gl\/oGKoLKBK2srTTXka7\" data-wpel-link=\"external\" rel=\"external noopener noreferrer\"><strong> Comment s&rsquo;y rendre <\/strong><\/a><\/li>\n<\/ul>\n<h3><span class=\"ez-toc-section\" id=\"Journee_du_boudin_noir_%E2%80%93_Canillas_de_Aceituno\"><\/span>Journ\u00e9e du boudin noir &#8211; Canillas de Aceituno<span class=\"ez-toc-section-end\"><\/span><\/h3>\n<figure id=\"attachment_15289\" aria-describedby=\"caption-attachment-15289\" style=\"width: 768px\" class=\"wp-caption alignnone\"><img loading=\"lazy\" decoding=\"async\" class=\"size-full wp-image-15289\" src=\"https:\/\/www.malagacar.com\/sp\/blog\/wp-content\/uploads\/2023\/03\/morcilla-Photo-TodoAxarquia.jpg\" alt=\"Dia de la Morcilla\" width=\"768\" height=\"512\" \/><figcaption id=\"caption-attachment-15289\" class=\"wp-caption-text\">Photo TodoAxarquia<\/figcaption><\/figure>\n<p>Le \u00ab\u00a0D\u00eda de la Morcilla\u00a0\u00bb est une journ\u00e9e gastronomique tr\u00e8s populaire au cours de laquelle de grandes quantit\u00e9s de boudin noir, la saucisse typique de la r\u00e9gion, sont distribu\u00e9es gratuitement.<\/p>\n<p>En outre, vous pourrez d\u00e9guster du vin et de la bi\u00e8re de la r\u00e9gion, le tout accompagn\u00e9 de spectacles musicaux sur la sc\u00e8ne de la place.<\/p>\n<ul>\n<li>Quand : Le dernier dimanche d&rsquo;avril, co\u00efncidant avec la f\u00eate de la Vierge de la Cabeza (sainte patronne du village)<\/li>\n<li>O\u00f9 : Canillas de Aceituno<\/li>\n<li><a href=\"https:\/\/maps.app.goo.gl\/VCSJVLfyTENoz3TaA\" data-wpel-link=\"external\" rel=\"external noopener noreferrer\"><strong> Comment s&rsquo;y rendre<\/strong><\/a><\/li>\n<\/ul>\n<h3><span class=\"ez-toc-section\" id=\"Pipeo_Day_%E2%80%93_Casarabonela\"><\/span>Pipeo Day &#8211; Casarabonela<span class=\"ez-toc-section-end\"><\/span><\/h3>\n<p><img loading=\"lazy\" decoding=\"async\" class=\"alignnone wp-image-19115\" src=\"https:\/\/www.malagacar.com\/sp\/blog\/wp-content\/uploads\/2025\/03\/Pipeo-en-Casarabonela.jpg\" alt=\"D\u00eda del Pipeo - Casarabonela\" width=\"504\" height=\"705\" \/><\/p>\n<p>Participez \u00e0 ce festival gastronomique dans le village blanc de Casarabonela qui rend hommage \u00e0 son plat typique, le Pipeo. Il s&rsquo;agit d&rsquo;un riche rago\u00fbt v\u00e9g\u00e9tarien \u00e0 base de l\u00e9gumes du jardin : pois, haricots, artichauts, pommes de terre, \u0153ufs et amandes, entre autres ingr\u00e9dients.<\/p>\n<p>Vous pourrez le d\u00e9guster gratuitement le 25 avril \u00e0 partir de 12 heures sur la place de Casarabonela. En outre, il y aura une d\u00e9gustation gratuite de sucreries typiques et de caf\u00e9 offerts par Santa Cristina, ainsi que de la musique en direct.<\/p>\n<ul>\n<li>Quand : 25 avril<\/li>\n<li>O\u00f9 : Casarabonela<\/li>\n<li><a href=\"https:\/\/maps.app.goo.gl\/QjXEbhS91VMyQ6Uf6\" data-wpel-link=\"external\" rel=\"external noopener noreferrer\"><strong>Comment s&rsquo;y rendre<\/strong><\/a><\/li>\n<\/ul>\n<h3><span class=\"ez-toc-section\" id=\"Journee_des_haricots_%E2%80%93_Villanueva_de_la_Concepcion\"><\/span>Journ\u00e9e des haricots &#8211; Villanueva de la Concepci\u00f3n<span class=\"ez-toc-section-end\"><\/span><\/h3>\n<p>Le village de Villanueva de la Concepci\u00f3n, situ\u00e9 \u00e0 environ 500 m\u00e8tres d&rsquo;altitude au pied du spectaculaire <a href=\"https:\/\/www.malagacar.com\/fr\/blog\/loisirs\/torcal-de-antequera\/\" data-wpel-link=\"internal\"><strong>Torcal de Antequera<\/strong><\/a>, c\u00e9l\u00e8bre chaque ann\u00e9e ses f\u00e8ves.<\/p>\n<p>Tout au long de la journ\u00e9e, les visiteurs pourront d\u00e9guster gratuitement divers plats \u00e0 base de f\u00e8ves. Au programme \u00e9galement\u00a0: musique folklorique traditionnelle des Verdiales et un march\u00e9 de plus de 30 stands proposant artisanat, charcuterie, fromages, confiseries et autres produits locaux.<\/p>\n<p><iframe loading=\"lazy\" title=\"Fiesta del verdeo, &quot;D\u00eda de la Haba&quot;. Villanueva de la Concepci\u00f3n. Abril. Fiesta Singular\" src=\"https:\/\/www.youtube.com\/embed\/K-NZyFI8Ahw\" width=\"696\" height=\"391\" frameborder=\"0\" allowfullscreen=\"allowfullscreen\"><\/iframe><\/p>\n<ul>\n<li>Quand : 26 avril<\/li>\n<li>O\u00f9 : Place d&rsquo;Andalousie, Villanueva de la Concepci\u00f3n<\/li>\n<li><a href=\"https:\/\/maps.app.goo.gl\/KGqGMuPeSWCoELxa9\" data-wpel-link=\"external\" rel=\"external noopener noreferrer\"><strong>Comment y arriver<\/strong><\/a><\/li>\n<\/ul>\n<h3><span class=\"ez-toc-section\" id=\"Festival_de_la_campagne_%E2%80%93_Benamargosa\"><\/span>Festival de la campagne &#8211; Benamargosa<span class=\"ez-toc-section-end\"><\/span><\/h3>\n<p>Le village blanc de Benamargosa, situ\u00e9 dans la r\u00e9gion de l&rsquo;Axarqu\u00eda, rend hommage chaque printemps \u00e0 la vie rurale et remercie pour les fruits de la terre.<\/p>\n<p><iframe loading=\"lazy\" title=\"Feria del campo. Benamargosa. Abril. Fiesta Singular\" src=\"https:\/\/www.youtube.com\/embed\/D2afz4_qOLc\" width=\"696\" height=\"391\" frameborder=\"0\" allowfullscreen=\"allowfullscreen\"><\/iframe><\/p>\n<p>Ce petit village d&rsquo;environ 1\u00a0500 habitants est nich\u00e9 dans une vall\u00e9e entour\u00e9e de collines et de cr\u00eates. Gr\u00e2ce \u00e0 ce microclimat, la r\u00e9gion regorge de vergers, d&rsquo;orangers et de citronniers, ainsi que de cultures subtropicales comme les avocats, les mangues et les chirimoyas.<\/p>\n<p>Lors de sa f\u00eate rurale, vous pourrez profiter de d\u00e9gustations, d&rsquo;une f\u00eate de rue anim\u00e9e avec musique et danse, et d&rsquo;activit\u00e9s pour les familles. Un march\u00e9 propose \u00e9galement des produits locaux et de l&rsquo;artisanat.<\/p>\n<ul>\n<li>Quand : 26 avril<\/li>\n<li>O\u00f9 : Benamargosa<\/li>\n<li><a href=\"https:\/\/maps.app.goo.gl\/Q33Mubro6aHZYXiw5\" data-wpel-link=\"external\" rel=\"external noopener noreferrer\"><strong>Comment s&rsquo;y rendre<\/strong><\/a><\/li>\n<\/ul>\n<h3><span class=\"ez-toc-section\" id=\"Journee_de_lhuile_dolive_%E2%80%93_Periana\"><\/span>Journ\u00e9e de l&rsquo;huile d&rsquo;olive \u2013 Periana<span class=\"ez-toc-section-end\"><\/span><\/h3>\n<p><img loading=\"lazy\" decoding=\"async\" class=\"alignnone wp-image-19183\" src=\"https:\/\/www.malagacar.com\/sp\/blog\/wp-content\/uploads\/2026\/03\/dia-aceite-verdial-periana1.jpg\" alt=\"Dia del Aceite Verdial \u2013 Periana\" width=\"463\" height=\"718\" \/><\/p>\n<p>Periana, un autre magnifique village blanc situ\u00e9 dans le Haut-Axarqu\u00eda, est r\u00e9put\u00e9 pour sa production d&rsquo;huile d&rsquo;olive extra vierge issue de la vari\u00e9t\u00e9 Verdial. Chaque ann\u00e9e, \u00e0 la fin des r\u00e9coltes, Periana c\u00e9l\u00e8bre la Journ\u00e9e de l&rsquo;Huile d&rsquo;Olive Verdial.<\/p>\n<p>\u00c0 cette occasion, vous pourrez d\u00e9guster diff\u00e9rentes huiles d&rsquo;olive et visiter les moulins \u00e0 huile, o\u00f9 sont expos\u00e9s les outils et \u00e9quipements traditionnels utilis\u00e9s pour la production d&rsquo;huile d&rsquo;olive.<\/p>\n<p>Pour animer la journ\u00e9e, de la musique traditionnelle Verdial sera diffus\u00e9e et un march\u00e9 de produits locaux sera install\u00e9. Vous pourrez y acheter de l&rsquo;huile d&rsquo;olive, des confiseries, du vin muscat, des raisins secs, des fruits secs et des noix.<\/p>\n<h4>Journ\u00e9e de l&rsquo;olive Periana en anglais<\/h4>\n<p><img loading=\"lazy\" decoding=\"async\" class=\"alignnone size-large wp-image-19184\" src=\"https:\/\/www.malagacar.com\/sp\/blog\/wp-content\/uploads\/2026\/03\/dia-aceite-verdial-periana-1024x683.jpg\" alt=\"Dia del Aceite Verdial \u2013 Periana\" width=\"750\" height=\"500\" \/><\/p>\n<p>Pour les visiteurs internationaux, la Journ\u00e9e de l&rsquo;Huile d&rsquo;Olive en anglais, qui se d\u00e9roule en amont, pourrait s&rsquo;av\u00e9rer particuli\u00e8rement int\u00e9ressante. Cette activit\u00e9 est enti\u00e8rement gratuite, mais l&rsquo;inscription pr\u00e9alable est obligatoire.<\/p>\n<p>La journ\u00e9e d\u00e9butera par un d\u00e9licieux petit-d\u00e9jeuner au domaine Cortijo Las Monjas \u00e0 9h30. S&rsquo;ensuivra une d\u00e9gustation d&rsquo;huile d&rsquo;olive extra vierge, puis une visite de la Coop\u00e9rative Artisanale San Jos\u00e9 et des oliveraies monumentales de Mondr\u00f3n.<\/p>\n<ul>\n<li>Inscription par t\u00e9l\u00e9phone au +34 635 425 077<\/li>\n<\/ul>\n<p>Notre conseil<\/p>\n<p>Le village se trouve \u00e0 seulement 13 km du <a href=\"https:\/\/maps.app.goo.gl\/wdCSL76k6LTXgQvV9\" data-wpel-link=\"external\" rel=\"external noopener noreferrer\"><strong>r\u00e9servoir de La Vi\u00f1uela<\/strong><\/a>. Ce dernier d\u00e9borde apr\u00e8s les fortes pluies\u00a0: profitez-en pour aller le voir\u00a0!<\/p>\n<ul>\n<li>Dates : 11 et 12 avril<\/li>\n<li><a href=\"https:\/\/maps.app.goo.gl\/SnC3EpJGLmWdajSL6\" data-wpel-link=\"external\" rel=\"external noopener noreferrer\"><strong>Comment s&rsquo;y rendre<\/strong><\/a><\/li>\n<\/ul>\n<h2><span class=\"ez-toc-section\" id=\"Meteo_a_Malaga_en_Avril\"><\/span>M\u00e9t\u00e9o \u00e0 Malaga en Avril<span class=\"ez-toc-section-end\"><\/span><\/h2>\n<p>En mars et avril, le temps peut encore nous r\u00e9server quelques surprises. Par exemple, l&rsquo;ann\u00e9e derni\u00e8re, nous avons eu plusieurs jours de pr\u00e8s de 30 degr\u00e9s ici \u00e0 Malaga, en raison d&rsquo;un ph\u00e9nom\u00e8ne local appel\u00e9 <a href=\"https:\/\/www.malagacar.com\/fr\/blog\/malaga\/chaleur-terral\/\" data-wpel-link=\"internal\"><strong>Terral<\/strong><\/a>.<\/p>\n<p>Sur cette photo, on peut voir la plage de Malagueta \u00e0 Malaga, le 11 Mars 2023.<\/p>\n<figure id=\"attachment_13320\" aria-describedby=\"caption-attachment-13320\" style=\"width: 667px\" class=\"wp-caption alignnone\"><img loading=\"lazy\" decoding=\"async\" class=\"size-full wp-image-13320\" src=\"https:\/\/www.malagacar.com\/sp\/blog\/wp-content\/uploads\/2023\/03\/11-marzo-Banistas-en-La-Malagueta-Foto-Jorge-Zapata-MalagaHoy.jpg\" alt=\"malaga playa marzo\" width=\"667\" height=\"375\" \/><figcaption id=\"caption-attachment-13320\" class=\"wp-caption-text\">11 Mars 2023 Baigneurs \u00e0 La Malagueta. Photo Jorge Zapata MalagaHoy<\/figcaption><\/figure>\n<p>Oui, le temps est un peu fou !<\/p>\n<h3><span class=\"ez-toc-section\" id=\"Quel_temps_nous_attend_donc_en_Avril\"><\/span>Quel temps nous attend donc en Avril ?<span class=\"ez-toc-section-end\"><\/span><\/h3>\n<p>Normalement, surtout \u00e0 P\u00e2ques, il faut s&rsquo;attendre \u00e0 de l\u00e9g\u00e8res pluies.<\/p>\n<p>Alors que les temp\u00e9ratures matinales atteignent des valeurs comprises entre 14\u00baC et 17\u00baC, pendant la journ\u00e9e on peut g\u00e9n\u00e9ralement s&rsquo;attendre \u00e0 d&rsquo;excellentes temp\u00e9ratures printani\u00e8res sup\u00e9rieures \u00e0 20 degr\u00e9s. De nombreux jours atteignent d\u00e9j\u00e0 25\u00baC ou plus sans probl\u00e8me, si le vent du Terral souffle.<\/p>\n<h3><span class=\"ez-toc-section\" id=\"Quels_vetements_dois-je_prendre\"><\/span>Quels v\u00eatements dois-je prendre ?<span class=\"ez-toc-section-end\"><\/span><\/h3>\n<p>Des v\u00eatements l\u00e9gers de mi-saison, un imperm\u00e9able en cas de pluie, une chemise \u00e0 manches longues ne font pas de mal. La nuit, il fait encore froid.<\/p>\n<p>Des chaussures basses suffisent amplement, en effet, n&rsquo;oubliez pas vos sandales, des lunettes de soleil, un chapeau et une protection solaire. Ce point est important : nous savons d\u00e9j\u00e0 que vous avez h\u00e2te de prendre un bain de soleil et d&rsquo;obtenir un beau bronzage.<\/p>\n<p>Mais n&rsquo;oubliez pas que la peau est tr\u00e8s sensible apr\u00e8s l&rsquo;hiver et que le soleil ici \u00e0 Malaga est tr\u00e8s fort, alors allez-y doucement, chaque ann\u00e9e juste apr\u00e8s le d\u00e9but de la saison, on peut voir des \u00e9trangers infinis qui ressemblent plus \u00e0 des homards cuits par une overdose de rayons UV.<\/p>\n\t\t\t\t\n\t\t\t\t<div id=\"search-form2\" class=\"big-quote index-mobile\">\n\t\t\t\t<form id=\"frmSearch\" name=\"frmSearch\" action=\"\/fr\/location-de-voitures\/quote.php\" method=\"post\" name=\"quote\" class=\"container-fluid\">\n\t\t\t\t\t\t\t\t\t<div class=\"row\">\n\t\t\t\t\t\t<div class=\"col-sm-6\">\n\n\t\t\t\t\t\t\t<div class=\"form-group\">\n\t\t\t\t\t\t\t\t<label for=\"entrega\"><h4>Collecte<\/h4><\/label>\n\t\t\t\t\t\t\t\t<select name=\"entrega\" id=\"entrega\" class=\"custom-select\">\n\t\t\t\t\t\t\t\t\t<option value=\"airport\"  selected>Malaga A\u00e9roport<\/option>\n\t\t\t\t\t\t\t\t\t\t\t\t\t\t\t\t<\/select>\n\t\t\t\t\t\t\t\t<div class=\"form-inline my-2\">\n\t\t\t\t\t\t\t\t\t<input id=\"pDate\" class=\"form-control\" value=\"07\/09\/2026\" name=\"pDate\" readonly onchange=\"return uppdate()\">\n\t\t\t\t\t\t\t\t\t<select class=\"custom-select\" id=\"phorasminutos\" name=\"phorasminutos\" oninvalid=\"setCustomValidity('Faites-nous conna\u00eetre votre heure d\u00b4arriv\u00e9e')\" onchange=\"setCustomValidity('');\">\n\t\t\t\t\t\t\t\t\t\t<option value=\"-\" selected>--:--<\/option>\n\t\t\t\t\t\t\t\t\t\t\t\t\t\t\t\t\t\t\t\t<option value=\"00:00\">\n\t\t\t\t\t\t\t\t\t\t\t00:00<\/option>\n\t\t\t\t\t\t\t\t\t\t<option value=\"00:15\">\n\t\t\t\t\t\t\t\t\t\t\t00:15<\/option>\n\t\t\t\t\t\t\t\t\t\t<option value=\"00:30\">\n\t\t\t\t\t\t\t\t\t\t\t00:30<\/option>\n\t\t\t\t\t\t\t\t\t\t<option value=\"00:45\">\n\t\t\t\t\t\t\t\t\t\t\t00:45<\/option>\n\t\t\t\t\t\t\t\t\t\t\t\t\t\t\t\t\t\t\t\t<option value=\"01:00\">\n\t\t\t\t\t\t\t\t\t\t\t01:00<\/option>\n\t\t\t\t\t\t\t\t\t\t<option value=\"01:15\">\n\t\t\t\t\t\t\t\t\t\t\t01:15<\/option>\n\t\t\t\t\t\t\t\t\t\t<option value=\"01:30\">\n\t\t\t\t\t\t\t\t\t\t\t01:30<\/option>\n\t\t\t\t\t\t\t\t\t\t<option value=\"01:45\">\n\t\t\t\t\t\t\t\t\t\t\t01:45<\/option>\n\t\t\t\t\t\t\t\t\t\t\t\t\t\t\t\t\t\t\t\t<option value=\"02:00\">\n\t\t\t\t\t\t\t\t\t\t\t02:00<\/option>\n\t\t\t\t\t\t\t\t\t\t<option value=\"02:15\">\n\t\t\t\t\t\t\t\t\t\t\t02:15<\/option>\n\t\t\t\t\t\t\t\t\t\t<option value=\"02:30\">\n\t\t\t\t\t\t\t\t\t\t\t02:30<\/option>\n\t\t\t\t\t\t\t\t\t\t<option value=\"02:45\">\n\t\t\t\t\t\t\t\t\t\t\t02:45<\/option>\n\t\t\t\t\t\t\t\t\t\t\t\t\t\t\t\t\t\t\t\t<option value=\"03:00\">\n\t\t\t\t\t\t\t\t\t\t\t03:00<\/option>\n\t\t\t\t\t\t\t\t\t\t<option value=\"03:15\">\n\t\t\t\t\t\t\t\t\t\t\t03:15<\/option>\n\t\t\t\t\t\t\t\t\t\t<option value=\"03:30\">\n\t\t\t\t\t\t\t\t\t\t\t03:30<\/option>\n\t\t\t\t\t\t\t\t\t\t<option value=\"03:45\">\n\t\t\t\t\t\t\t\t\t\t\t03:45<\/option>\n\t\t\t\t\t\t\t\t\t\t\t\t\t\t\t\t\t\t\t\t<option value=\"04:00\">\n\t\t\t\t\t\t\t\t\t\t\t04:00<\/option>\n\t\t\t\t\t\t\t\t\t\t<option value=\"04:15\">\n\t\t\t\t\t\t\t\t\t\t\t04:15<\/option>\n\t\t\t\t\t\t\t\t\t\t<option value=\"04:30\">\n\t\t\t\t\t\t\t\t\t\t\t04:30<\/option>\n\t\t\t\t\t\t\t\t\t\t<option value=\"04:45\">\n\t\t\t\t\t\t\t\t\t\t\t04:45<\/option>\n\t\t\t\t\t\t\t\t\t\t\t\t\t\t\t\t\t\t\t\t<option value=\"05:00\">\n\t\t\t\t\t\t\t\t\t\t\t05:00<\/option>\n\t\t\t\t\t\t\t\t\t\t<option value=\"05:15\">\n\t\t\t\t\t\t\t\t\t\t\t05:15<\/option>\n\t\t\t\t\t\t\t\t\t\t<option value=\"05:30\">\n\t\t\t\t\t\t\t\t\t\t\t05:30<\/option>\n\t\t\t\t\t\t\t\t\t\t<option value=\"05:45\">\n\t\t\t\t\t\t\t\t\t\t\t05:45<\/option>\n\t\t\t\t\t\t\t\t\t\t\t\t\t\t\t\t\t\t\t\t<option value=\"06:00\">\n\t\t\t\t\t\t\t\t\t\t\t06:00<\/option>\n\t\t\t\t\t\t\t\t\t\t<option value=\"06:15\">\n\t\t\t\t\t\t\t\t\t\t\t06:15<\/option>\n\t\t\t\t\t\t\t\t\t\t<option value=\"06:30\">\n\t\t\t\t\t\t\t\t\t\t\t06:30<\/option>\n\t\t\t\t\t\t\t\t\t\t<option value=\"06:45\">\n\t\t\t\t\t\t\t\t\t\t\t06:45<\/option>\n\t\t\t\t\t\t\t\t\t\t\t\t\t\t\t\t\t\t\t\t<option value=\"07:00\">\n\t\t\t\t\t\t\t\t\t\t\t07:00<\/option>\n\t\t\t\t\t\t\t\t\t\t<option value=\"07:15\">\n\t\t\t\t\t\t\t\t\t\t\t07:15<\/option>\n\t\t\t\t\t\t\t\t\t\t<option value=\"07:30\">\n\t\t\t\t\t\t\t\t\t\t\t07:30<\/option>\n\t\t\t\t\t\t\t\t\t\t<option value=\"07:45\">\n\t\t\t\t\t\t\t\t\t\t\t07:45<\/option>\n\t\t\t\t\t\t\t\t\t\t\t\t\t\t\t\t\t\t\t\t<option value=\"08:00\">\n\t\t\t\t\t\t\t\t\t\t\t08:00<\/option>\n\t\t\t\t\t\t\t\t\t\t<option value=\"08:15\">\n\t\t\t\t\t\t\t\t\t\t\t08:15<\/option>\n\t\t\t\t\t\t\t\t\t\t<option value=\"08:30\">\n\t\t\t\t\t\t\t\t\t\t\t08:30<\/option>\n\t\t\t\t\t\t\t\t\t\t<option value=\"08:45\">\n\t\t\t\t\t\t\t\t\t\t\t08:45<\/option>\n\t\t\t\t\t\t\t\t\t\t\t\t\t\t\t\t\t\t\t\t<option value=\"09:00\">\n\t\t\t\t\t\t\t\t\t\t\t09:00<\/option>\n\t\t\t\t\t\t\t\t\t\t<option value=\"09:15\">\n\t\t\t\t\t\t\t\t\t\t\t09:15<\/option>\n\t\t\t\t\t\t\t\t\t\t<option value=\"09:30\">\n\t\t\t\t\t\t\t\t\t\t\t09:30<\/option>\n\t\t\t\t\t\t\t\t\t\t<option value=\"09:45\">\n\t\t\t\t\t\t\t\t\t\t\t09:45<\/option>\n\t\t\t\t\t\t\t\t\t\t\t\t\t\t\t\t\t\t\t\t<option value=\"10:00\">\n\t\t\t\t\t\t\t\t\t\t\t10:00<\/option>\n\t\t\t\t\t\t\t\t\t\t<option value=\"10:15\">\n\t\t\t\t\t\t\t\t\t\t\t10:15<\/option>\n\t\t\t\t\t\t\t\t\t\t<option value=\"10:30\">\n\t\t\t\t\t\t\t\t\t\t\t10:30<\/option>\n\t\t\t\t\t\t\t\t\t\t<option value=\"10:45\">\n\t\t\t\t\t\t\t\t\t\t\t10:45<\/option>\n\t\t\t\t\t\t\t\t\t\t\t\t\t\t\t\t\t\t\t\t<option value=\"11:00\">\n\t\t\t\t\t\t\t\t\t\t\t11:00<\/option>\n\t\t\t\t\t\t\t\t\t\t<option value=\"11:15\">\n\t\t\t\t\t\t\t\t\t\t\t11:15<\/option>\n\t\t\t\t\t\t\t\t\t\t<option value=\"11:30\">\n\t\t\t\t\t\t\t\t\t\t\t11:30<\/option>\n\t\t\t\t\t\t\t\t\t\t<option value=\"11:45\">\n\t\t\t\t\t\t\t\t\t\t\t11:45<\/option>\n\t\t\t\t\t\t\t\t\t\t\t\t\t\t\t\t\t\t\t\t<option value=\"12:00\">\n\t\t\t\t\t\t\t\t\t\t\t12:00<\/option>\n\t\t\t\t\t\t\t\t\t\t<option value=\"12:15\">\n\t\t\t\t\t\t\t\t\t\t\t12:15<\/option>\n\t\t\t\t\t\t\t\t\t\t<option value=\"12:30\">\n\t\t\t\t\t\t\t\t\t\t\t12:30<\/option>\n\t\t\t\t\t\t\t\t\t\t<option value=\"12:45\">\n\t\t\t\t\t\t\t\t\t\t\t12:45<\/option>\n\t\t\t\t\t\t\t\t\t\t\t\t\t\t\t\t\t\t\t\t<option value=\"13:00\">\n\t\t\t\t\t\t\t\t\t\t\t13:00<\/option>\n\t\t\t\t\t\t\t\t\t\t<option value=\"13:15\">\n\t\t\t\t\t\t\t\t\t\t\t13:15<\/option>\n\t\t\t\t\t\t\t\t\t\t<option value=\"13:30\">\n\t\t\t\t\t\t\t\t\t\t\t13:30<\/option>\n\t\t\t\t\t\t\t\t\t\t<option value=\"13:45\">\n\t\t\t\t\t\t\t\t\t\t\t13:45<\/option>\n\t\t\t\t\t\t\t\t\t\t\t\t\t\t\t\t\t\t\t\t<option value=\"14:00\">\n\t\t\t\t\t\t\t\t\t\t\t14:00<\/option>\n\t\t\t\t\t\t\t\t\t\t<option value=\"14:15\">\n\t\t\t\t\t\t\t\t\t\t\t14:15<\/option>\n\t\t\t\t\t\t\t\t\t\t<option value=\"14:30\">\n\t\t\t\t\t\t\t\t\t\t\t14:30<\/option>\n\t\t\t\t\t\t\t\t\t\t<option value=\"14:45\">\n\t\t\t\t\t\t\t\t\t\t\t14:45<\/option>\n\t\t\t\t\t\t\t\t\t\t\t\t\t\t\t\t\t\t\t\t<option value=\"15:00\">\n\t\t\t\t\t\t\t\t\t\t\t15:00<\/option>\n\t\t\t\t\t\t\t\t\t\t<option value=\"15:15\">\n\t\t\t\t\t\t\t\t\t\t\t15:15<\/option>\n\t\t\t\t\t\t\t\t\t\t<option value=\"15:30\">\n\t\t\t\t\t\t\t\t\t\t\t15:30<\/option>\n\t\t\t\t\t\t\t\t\t\t<option value=\"15:45\">\n\t\t\t\t\t\t\t\t\t\t\t15:45<\/option>\n\t\t\t\t\t\t\t\t\t\t\t\t\t\t\t\t\t\t\t\t<option value=\"16:00\">\n\t\t\t\t\t\t\t\t\t\t\t16:00<\/option>\n\t\t\t\t\t\t\t\t\t\t<option value=\"16:15\">\n\t\t\t\t\t\t\t\t\t\t\t16:15<\/option>\n\t\t\t\t\t\t\t\t\t\t<option value=\"16:30\">\n\t\t\t\t\t\t\t\t\t\t\t16:30<\/option>\n\t\t\t\t\t\t\t\t\t\t<option value=\"16:45\">\n\t\t\t\t\t\t\t\t\t\t\t16:45<\/option>\n\t\t\t\t\t\t\t\t\t\t\t\t\t\t\t\t\t\t\t\t<option value=\"17:00\">\n\t\t\t\t\t\t\t\t\t\t\t17:00<\/option>\n\t\t\t\t\t\t\t\t\t\t<option value=\"17:15\">\n\t\t\t\t\t\t\t\t\t\t\t17:15<\/option>\n\t\t\t\t\t\t\t\t\t\t<option value=\"17:30\">\n\t\t\t\t\t\t\t\t\t\t\t17:30<\/option>\n\t\t\t\t\t\t\t\t\t\t<option value=\"17:45\">\n\t\t\t\t\t\t\t\t\t\t\t17:45<\/option>\n\t\t\t\t\t\t\t\t\t\t\t\t\t\t\t\t\t\t\t\t<option value=\"18:00\">\n\t\t\t\t\t\t\t\t\t\t\t18:00<\/option>\n\t\t\t\t\t\t\t\t\t\t<option value=\"18:15\">\n\t\t\t\t\t\t\t\t\t\t\t18:15<\/option>\n\t\t\t\t\t\t\t\t\t\t<option value=\"18:30\">\n\t\t\t\t\t\t\t\t\t\t\t18:30<\/option>\n\t\t\t\t\t\t\t\t\t\t<option value=\"18:45\">\n\t\t\t\t\t\t\t\t\t\t\t18:45<\/option>\n\t\t\t\t\t\t\t\t\t\t\t\t\t\t\t\t\t\t\t\t<option value=\"19:00\">\n\t\t\t\t\t\t\t\t\t\t\t19:00<\/option>\n\t\t\t\t\t\t\t\t\t\t<option value=\"19:15\">\n\t\t\t\t\t\t\t\t\t\t\t19:15<\/option>\n\t\t\t\t\t\t\t\t\t\t<option value=\"19:30\">\n\t\t\t\t\t\t\t\t\t\t\t19:30<\/option>\n\t\t\t\t\t\t\t\t\t\t<option value=\"19:45\">\n\t\t\t\t\t\t\t\t\t\t\t19:45<\/option>\n\t\t\t\t\t\t\t\t\t\t\t\t\t\t\t\t\t\t\t\t<option value=\"20:00\">\n\t\t\t\t\t\t\t\t\t\t\t20:00<\/option>\n\t\t\t\t\t\t\t\t\t\t<option value=\"20:15\">\n\t\t\t\t\t\t\t\t\t\t\t20:15<\/option>\n\t\t\t\t\t\t\t\t\t\t<option value=\"20:30\">\n\t\t\t\t\t\t\t\t\t\t\t20:30<\/option>\n\t\t\t\t\t\t\t\t\t\t<option value=\"20:45\">\n\t\t\t\t\t\t\t\t\t\t\t20:45<\/option>\n\t\t\t\t\t\t\t\t\t\t\t\t\t\t\t\t\t\t\t\t<option value=\"21:00\">\n\t\t\t\t\t\t\t\t\t\t\t21:00<\/option>\n\t\t\t\t\t\t\t\t\t\t<option value=\"21:15\">\n\t\t\t\t\t\t\t\t\t\t\t21:15<\/option>\n\t\t\t\t\t\t\t\t\t\t<option value=\"21:30\">\n\t\t\t\t\t\t\t\t\t\t\t21:30<\/option>\n\t\t\t\t\t\t\t\t\t\t<option value=\"21:45\">\n\t\t\t\t\t\t\t\t\t\t\t21:45<\/option>\n\t\t\t\t\t\t\t\t\t\t\t\t\t\t\t\t\t\t\t\t<option value=\"22:00\">\n\t\t\t\t\t\t\t\t\t\t\t22:00<\/option>\n\t\t\t\t\t\t\t\t\t\t<option value=\"22:15\">\n\t\t\t\t\t\t\t\t\t\t\t22:15<\/option>\n\t\t\t\t\t\t\t\t\t\t<option value=\"22:30\">\n\t\t\t\t\t\t\t\t\t\t\t22:30<\/option>\n\t\t\t\t\t\t\t\t\t\t<option value=\"22:45\">\n\t\t\t\t\t\t\t\t\t\t\t22:45<\/option>\n\t\t\t\t\t\t\t\t\t\t\t\t\t\t\t\t\t\t\t\t<option value=\"23:00\">\n\t\t\t\t\t\t\t\t\t\t\t23:00<\/option>\n\t\t\t\t\t\t\t\t\t\t<option value=\"23:15\">\n\t\t\t\t\t\t\t\t\t\t\t23:15<\/option>\n\t\t\t\t\t\t\t\t\t\t<option value=\"23:30\">\n\t\t\t\t\t\t\t\t\t\t\t23:30<\/option>\n\t\t\t\t\t\t\t\t\t\t<option value=\"23:45\">\n\t\t\t\t\t\t\t\t\t\t\t23:45<\/option>\n\t\t\t\t\t\t\t\t\t\t\t\t\t\t\t\t\t\t\t<\/select>\n\t\t\t\t\t\t\t\t<\/div>\n\t\t\t\t\t\t\t<\/div>\n\t\t\t\t\t\t<\/div>\n\t\t\t\t\t\t<div class=\"col-sm-6\">\n\t\t\t\t\t\t\t<div class=\"form-group\">\n\t\t\t\t\t\t\t\t<div id=\"bookingBox\"><\/div>\n\n\t\t\t\t\t\t\t\t<label for=\"devuelta\"><h4>D\u00e9p\u00f4t<\/h4><\/label>\n\t\t\t\t\t\t\t\t<select name=\"devuelta\" id=\"devuelta\" class=\"custom-select\">\n\t\t\t\t\t\t\t\t\t<option value=\"airport\"  selected>Malaga A\u00e9roport<\/option>\n\t\t\t\t\t\t\t\t\t\t\t\t\t\t\t\t<\/select>\n\n\t\t\t\t\t\t\t\t<div class=\"form-inline my-2\">\n\t\t\t\t\t\t\t\t\t<input id=\"dDate\" class=\"form-control\" value=\"14\/09\/2026\" name=\"dDate\" readonly>\n\t\t\t\t\t\t\t\t\t<select class=\"custom-select\" id=\"dhorasminutos\" name=\"dhorasminutos\" oninvalid=\"setCustomValidity('Faites-nous savoir votre heure de retour')\" onchange=\"setCustomValidity('')\">\n\t\t\t\t\t\t\t\t\t\t<option value=\"-\" selected>--:--<\/option>\n\t\t\t\t\t\t\t\t\t\t\t\t\t\t\t\t\t\t\t\t<option value=\"00:00\">\n\t\t\t\t\t\t\t\t\t\t\t00:00<\/option>\n\t\t\t\t\t\t\t\t\t\t<option value=\"00:15\">\n\t\t\t\t\t\t\t\t\t\t\t00:15<\/option>\n\t\t\t\t\t\t\t\t\t\t<option value=\"00:30\">\n\t\t\t\t\t\t\t\t\t\t\t00:30<\/option>\n\t\t\t\t\t\t\t\t\t\t<option value=\"00:45\">\n\t\t\t\t\t\t\t\t\t\t\t00:45<\/option>\n\t\t\t\t\t\t\t\t\t\t\t\t\t\t\t\t\t\t\t\t<option value=\"01:00\">\n\t\t\t\t\t\t\t\t\t\t\t01:00<\/option>\n\t\t\t\t\t\t\t\t\t\t<option value=\"01:15\">\n\t\t\t\t\t\t\t\t\t\t\t01:15<\/option>\n\t\t\t\t\t\t\t\t\t\t<option value=\"01:30\">\n\t\t\t\t\t\t\t\t\t\t\t01:30<\/option>\n\t\t\t\t\t\t\t\t\t\t<option value=\"01:45\">\n\t\t\t\t\t\t\t\t\t\t\t01:45<\/option>\n\t\t\t\t\t\t\t\t\t\t\t\t\t\t\t\t\t\t\t\t<option value=\"02:00\">\n\t\t\t\t\t\t\t\t\t\t\t02:00<\/option>\n\t\t\t\t\t\t\t\t\t\t<option value=\"02:15\">\n\t\t\t\t\t\t\t\t\t\t\t02:15<\/option>\n\t\t\t\t\t\t\t\t\t\t<option value=\"02:30\">\n\t\t\t\t\t\t\t\t\t\t\t02:30<\/option>\n\t\t\t\t\t\t\t\t\t\t<option value=\"02:45\">\n\t\t\t\t\t\t\t\t\t\t\t02:45<\/option>\n\t\t\t\t\t\t\t\t\t\t\t\t\t\t\t\t\t\t\t\t<option value=\"03:00\">\n\t\t\t\t\t\t\t\t\t\t\t03:00<\/option>\n\t\t\t\t\t\t\t\t\t\t<option value=\"03:15\">\n\t\t\t\t\t\t\t\t\t\t\t03:15<\/option>\n\t\t\t\t\t\t\t\t\t\t<option value=\"03:30\">\n\t\t\t\t\t\t\t\t\t\t\t03:30<\/option>\n\t\t\t\t\t\t\t\t\t\t<option value=\"03:45\">\n\t\t\t\t\t\t\t\t\t\t\t03:45<\/option>\n\t\t\t\t\t\t\t\t\t\t\t\t\t\t\t\t\t\t\t\t<option value=\"04:00\">\n\t\t\t\t\t\t\t\t\t\t\t04:00<\/option>\n\t\t\t\t\t\t\t\t\t\t<option value=\"04:15\">\n\t\t\t\t\t\t\t\t\t\t\t04:15<\/option>\n\t\t\t\t\t\t\t\t\t\t<option value=\"04:30\">\n\t\t\t\t\t\t\t\t\t\t\t04:30<\/option>\n\t\t\t\t\t\t\t\t\t\t<option value=\"04:45\">\n\t\t\t\t\t\t\t\t\t\t\t04:45<\/option>\n\t\t\t\t\t\t\t\t\t\t\t\t\t\t\t\t\t\t\t\t<option value=\"05:00\">\n\t\t\t\t\t\t\t\t\t\t\t05:00<\/option>\n\t\t\t\t\t\t\t\t\t\t<option value=\"05:15\">\n\t\t\t\t\t\t\t\t\t\t\t05:15<\/option>\n\t\t\t\t\t\t\t\t\t\t<option value=\"05:30\">\n\t\t\t\t\t\t\t\t\t\t\t05:30<\/option>\n\t\t\t\t\t\t\t\t\t\t<option value=\"05:45\">\n\t\t\t\t\t\t\t\t\t\t\t05:45<\/option>\n\t\t\t\t\t\t\t\t\t\t\t\t\t\t\t\t\t\t\t\t<option value=\"06:00\">\n\t\t\t\t\t\t\t\t\t\t\t06:00<\/option>\n\t\t\t\t\t\t\t\t\t\t<option value=\"06:15\">\n\t\t\t\t\t\t\t\t\t\t\t06:15<\/option>\n\t\t\t\t\t\t\t\t\t\t<option value=\"06:30\">\n\t\t\t\t\t\t\t\t\t\t\t06:30<\/option>\n\t\t\t\t\t\t\t\t\t\t<option value=\"06:45\">\n\t\t\t\t\t\t\t\t\t\t\t06:45<\/option>\n\t\t\t\t\t\t\t\t\t\t\t\t\t\t\t\t\t\t\t\t<option value=\"07:00\">\n\t\t\t\t\t\t\t\t\t\t\t07:00<\/option>\n\t\t\t\t\t\t\t\t\t\t<option value=\"07:15\">\n\t\t\t\t\t\t\t\t\t\t\t07:15<\/option>\n\t\t\t\t\t\t\t\t\t\t<option value=\"07:30\">\n\t\t\t\t\t\t\t\t\t\t\t07:30<\/option>\n\t\t\t\t\t\t\t\t\t\t<option value=\"07:45\">\n\t\t\t\t\t\t\t\t\t\t\t07:45<\/option>\n\t\t\t\t\t\t\t\t\t\t\t\t\t\t\t\t\t\t\t\t<option value=\"08:00\">\n\t\t\t\t\t\t\t\t\t\t\t08:00<\/option>\n\t\t\t\t\t\t\t\t\t\t<option value=\"08:15\">\n\t\t\t\t\t\t\t\t\t\t\t08:15<\/option>\n\t\t\t\t\t\t\t\t\t\t<option value=\"08:30\">\n\t\t\t\t\t\t\t\t\t\t\t08:30<\/option>\n\t\t\t\t\t\t\t\t\t\t<option value=\"08:45\">\n\t\t\t\t\t\t\t\t\t\t\t08:45<\/option>\n\t\t\t\t\t\t\t\t\t\t\t\t\t\t\t\t\t\t\t\t<option value=\"09:00\">\n\t\t\t\t\t\t\t\t\t\t\t09:00<\/option>\n\t\t\t\t\t\t\t\t\t\t<option value=\"09:15\">\n\t\t\t\t\t\t\t\t\t\t\t09:15<\/option>\n\t\t\t\t\t\t\t\t\t\t<option value=\"09:30\">\n\t\t\t\t\t\t\t\t\t\t\t09:30<\/option>\n\t\t\t\t\t\t\t\t\t\t<option value=\"09:45\">\n\t\t\t\t\t\t\t\t\t\t\t09:45<\/option>\n\t\t\t\t\t\t\t\t\t\t\t\t\t\t\t\t\t\t\t\t<option value=\"10:00\">\n\t\t\t\t\t\t\t\t\t\t\t10:00<\/option>\n\t\t\t\t\t\t\t\t\t\t<option value=\"10:15\">\n\t\t\t\t\t\t\t\t\t\t\t10:15<\/option>\n\t\t\t\t\t\t\t\t\t\t<option value=\"10:30\">\n\t\t\t\t\t\t\t\t\t\t\t10:30<\/option>\n\t\t\t\t\t\t\t\t\t\t<option value=\"10:45\">\n\t\t\t\t\t\t\t\t\t\t\t10:45<\/option>\n\t\t\t\t\t\t\t\t\t\t\t\t\t\t\t\t\t\t\t\t<option value=\"11:00\">\n\t\t\t\t\t\t\t\t\t\t\t11:00<\/option>\n\t\t\t\t\t\t\t\t\t\t<option value=\"11:15\">\n\t\t\t\t\t\t\t\t\t\t\t11:15<\/option>\n\t\t\t\t\t\t\t\t\t\t<option value=\"11:30\">\n\t\t\t\t\t\t\t\t\t\t\t11:30<\/option>\n\t\t\t\t\t\t\t\t\t\t<option value=\"11:45\">\n\t\t\t\t\t\t\t\t\t\t\t11:45<\/option>\n\t\t\t\t\t\t\t\t\t\t\t\t\t\t\t\t\t\t\t\t<option value=\"12:00\">\n\t\t\t\t\t\t\t\t\t\t\t12:00<\/option>\n\t\t\t\t\t\t\t\t\t\t<option value=\"12:15\">\n\t\t\t\t\t\t\t\t\t\t\t12:15<\/option>\n\t\t\t\t\t\t\t\t\t\t<option value=\"12:30\">\n\t\t\t\t\t\t\t\t\t\t\t12:30<\/option>\n\t\t\t\t\t\t\t\t\t\t<option value=\"12:45\">\n\t\t\t\t\t\t\t\t\t\t\t12:45<\/option>\n\t\t\t\t\t\t\t\t\t\t\t\t\t\t\t\t\t\t\t\t<option value=\"13:00\">\n\t\t\t\t\t\t\t\t\t\t\t13:00<\/option>\n\t\t\t\t\t\t\t\t\t\t<option value=\"13:15\">\n\t\t\t\t\t\t\t\t\t\t\t13:15<\/option>\n\t\t\t\t\t\t\t\t\t\t<option value=\"13:30\">\n\t\t\t\t\t\t\t\t\t\t\t13:30<\/option>\n\t\t\t\t\t\t\t\t\t\t<option value=\"13:45\">\n\t\t\t\t\t\t\t\t\t\t\t13:45<\/option>\n\t\t\t\t\t\t\t\t\t\t\t\t\t\t\t\t\t\t\t\t<option value=\"14:00\">\n\t\t\t\t\t\t\t\t\t\t\t14:00<\/option>\n\t\t\t\t\t\t\t\t\t\t<option value=\"14:15\">\n\t\t\t\t\t\t\t\t\t\t\t14:15<\/option>\n\t\t\t\t\t\t\t\t\t\t<option value=\"14:30\">\n\t\t\t\t\t\t\t\t\t\t\t14:30<\/option>\n\t\t\t\t\t\t\t\t\t\t<option value=\"14:45\">\n\t\t\t\t\t\t\t\t\t\t\t14:45<\/option>\n\t\t\t\t\t\t\t\t\t\t\t\t\t\t\t\t\t\t\t\t<option value=\"15:00\">\n\t\t\t\t\t\t\t\t\t\t\t15:00<\/option>\n\t\t\t\t\t\t\t\t\t\t<option value=\"15:15\">\n\t\t\t\t\t\t\t\t\t\t\t15:15<\/option>\n\t\t\t\t\t\t\t\t\t\t<option value=\"15:30\">\n\t\t\t\t\t\t\t\t\t\t\t15:30<\/option>\n\t\t\t\t\t\t\t\t\t\t<option value=\"15:45\">\n\t\t\t\t\t\t\t\t\t\t\t15:45<\/option>\n\t\t\t\t\t\t\t\t\t\t\t\t\t\t\t\t\t\t\t\t<option value=\"16:00\">\n\t\t\t\t\t\t\t\t\t\t\t16:00<\/option>\n\t\t\t\t\t\t\t\t\t\t<option value=\"16:15\">\n\t\t\t\t\t\t\t\t\t\t\t16:15<\/option>\n\t\t\t\t\t\t\t\t\t\t<option value=\"16:30\">\n\t\t\t\t\t\t\t\t\t\t\t16:30<\/option>\n\t\t\t\t\t\t\t\t\t\t<option value=\"16:45\">\n\t\t\t\t\t\t\t\t\t\t\t16:45<\/option>\n\t\t\t\t\t\t\t\t\t\t\t\t\t\t\t\t\t\t\t\t<option value=\"17:00\">\n\t\t\t\t\t\t\t\t\t\t\t17:00<\/option>\n\t\t\t\t\t\t\t\t\t\t<option value=\"17:15\">\n\t\t\t\t\t\t\t\t\t\t\t17:15<\/option>\n\t\t\t\t\t\t\t\t\t\t<option value=\"17:30\">\n\t\t\t\t\t\t\t\t\t\t\t17:30<\/option>\n\t\t\t\t\t\t\t\t\t\t<option value=\"17:45\">\n\t\t\t\t\t\t\t\t\t\t\t17:45<\/option>\n\t\t\t\t\t\t\t\t\t\t\t\t\t\t\t\t\t\t\t\t<option value=\"18:00\">\n\t\t\t\t\t\t\t\t\t\t\t18:00<\/option>\n\t\t\t\t\t\t\t\t\t\t<option value=\"18:15\">\n\t\t\t\t\t\t\t\t\t\t\t18:15<\/option>\n\t\t\t\t\t\t\t\t\t\t<option value=\"18:30\">\n\t\t\t\t\t\t\t\t\t\t\t18:30<\/option>\n\t\t\t\t\t\t\t\t\t\t<option value=\"18:45\">\n\t\t\t\t\t\t\t\t\t\t\t18:45<\/option>\n\t\t\t\t\t\t\t\t\t\t\t\t\t\t\t\t\t\t\t\t<option value=\"19:00\">\n\t\t\t\t\t\t\t\t\t\t\t19:00<\/option>\n\t\t\t\t\t\t\t\t\t\t<option value=\"19:15\">\n\t\t\t\t\t\t\t\t\t\t\t19:15<\/option>\n\t\t\t\t\t\t\t\t\t\t<option value=\"19:30\">\n\t\t\t\t\t\t\t\t\t\t\t19:30<\/option>\n\t\t\t\t\t\t\t\t\t\t<option value=\"19:45\">\n\t\t\t\t\t\t\t\t\t\t\t19:45<\/option>\n\t\t\t\t\t\t\t\t\t\t\t\t\t\t\t\t\t\t\t\t<option value=\"20:00\">\n\t\t\t\t\t\t\t\t\t\t\t20:00<\/option>\n\t\t\t\t\t\t\t\t\t\t<option value=\"20:15\">\n\t\t\t\t\t\t\t\t\t\t\t20:15<\/option>\n\t\t\t\t\t\t\t\t\t\t<option value=\"20:30\">\n\t\t\t\t\t\t\t\t\t\t\t20:30<\/option>\n\t\t\t\t\t\t\t\t\t\t<option value=\"20:45\">\n\t\t\t\t\t\t\t\t\t\t\t20:45<\/option>\n\t\t\t\t\t\t\t\t\t\t\t\t\t\t\t\t\t\t\t\t<option value=\"21:00\">\n\t\t\t\t\t\t\t\t\t\t\t21:00<\/option>\n\t\t\t\t\t\t\t\t\t\t<option value=\"21:15\">\n\t\t\t\t\t\t\t\t\t\t\t21:15<\/option>\n\t\t\t\t\t\t\t\t\t\t<option value=\"21:30\">\n\t\t\t\t\t\t\t\t\t\t\t21:30<\/option>\n\t\t\t\t\t\t\t\t\t\t<option value=\"21:45\">\n\t\t\t\t\t\t\t\t\t\t\t21:45<\/option>\n\t\t\t\t\t\t\t\t\t\t\t\t\t\t\t\t\t\t\t\t<option value=\"22:00\">\n\t\t\t\t\t\t\t\t\t\t\t22:00<\/option>\n\t\t\t\t\t\t\t\t\t\t<option value=\"22:15\">\n\t\t\t\t\t\t\t\t\t\t\t22:15<\/option>\n\t\t\t\t\t\t\t\t\t\t<option value=\"22:30\">\n\t\t\t\t\t\t\t\t\t\t\t22:30<\/option>\n\t\t\t\t\t\t\t\t\t\t<option value=\"22:45\">\n\t\t\t\t\t\t\t\t\t\t\t22:45<\/option>\n\t\t\t\t\t\t\t\t\t\t\t\t\t\t\t\t\t\t\t\t<option value=\"23:00\">\n\t\t\t\t\t\t\t\t\t\t\t23:00<\/option>\n\t\t\t\t\t\t\t\t\t\t<option value=\"23:15\">\n\t\t\t\t\t\t\t\t\t\t\t23:15<\/option>\n\t\t\t\t\t\t\t\t\t\t<option value=\"23:30\">\n\t\t\t\t\t\t\t\t\t\t\t23:30<\/option>\n\t\t\t\t\t\t\t\t\t\t<option value=\"23:45\">\n\t\t\t\t\t\t\t\t\t\t\t23:45<\/option>\n\t\t\t\t\t\t\t\t\t\t\t\t\t\t\t\t\t\t\t<\/select>\n\t\t\t\t\t\t\t\t<\/div>\n\t\t\t\t\t\t\t<\/div>\n\t\t\t\t\t\t<\/div>\n\n\t\t\t\t\t<\/div>\n\t\t\t\t\n\n\t\t\t\t\t\t<div class=\"row\">\n                               <div class=\"col-sm-6\">\n\t\t\t\t\t\t\t\t<div class=\"form-group promo-code\">\n\t\t\t\t\t\t\t\t\t\t\t\t\t\t\t\t\t<label for=\"tipogrupo\" class=\"w-50 text-right pr-3 pt-1\">Group<\/label>\n\t\t\t\t\t\t\t\t\t<select name=\"tipogrupo\" id=\"tipogrupo\" class=\"form-control w-50\">\n\t\t\t\t\t\t\t\t\t<option value=\"0\">Voir tous<\/option>\n\t\t\t                        <option value=\"1\">Standard<\/option> \n\t\t\t\t\t\t\t\t\t<option value=\"2\">Automatique<\/option>  \n\t\t\t\t\t\t\t\t\t<option value=\"4\">Transporteurs<\/option>  \n\t\t\t\t\t\t\t\t\t<option value=\"5\">Cabriolet et Sport<\/option>  \n\t\t\t\t\t\t\t\t\t<option value=\"6\">Prestige<\/option>  \n\t\t\t\t\t\t\t\t\t<option value=\"8\">SUV<\/option>  \n\t\t\t\t\t\t\t\t\t<option value=\"10\">Camping car et Autocaravane<\/option>  \t\t\t\t\t\t\t\n\t\t\t\t\t\t\t\t<\/select>\t\n\t\t\t\t\t\t\t\t\t\n\t\t\t\t\t\t\t<\/div>\n\t\t\t\t\t\t\t<\/div>\n\t\t\t\t\t\t<div class=\"col-sm-6 align-self-end\">\n\t\t\t\t\t\t\t<div class=\"form-group\">\n\t\t\t\t\t\t\t\t<input type=\"submit\" class=\"btn-quote\" value=\"Voir les prix\" onclick=\"return msgAlert()\">\n\t\t\t\t\t\t\t<\/div>\n\t\t\t\t\t\t<\/div>\n\t\t\t\t\t<\/div>\n\t\t\t\t<\/form>\n\t\t\t\t<div class=\"row hide-mini-tablet advantages\">\n\t\t\t\t\t\t<div class=\"col-12\">\n\t\t\t\t\t\t\t<h4 class=\"text-center text-white\">TARIFS IMBATTABLES<\/h4>\n\t\t\t\t\t\t\t<ul>\n\t\t\t\t\t\t\t\t<li><strong>Grande flotte<\/strong> de voitures neuves.<\/li>\n\t\t\t\t\t\t\t\t<li><strong>Payez \u00e0 l'arriv\u00e9e<\/strong>.<\/li>\n\t\t\t\t\t\t\t\t<li>Ce que vous voyez est ce que vous payez.<\/li>\n\t\t\t\t\t\t\t\t<li><strong>Pas difficile \u00e0 vendre au bureau<\/strong>.<\/li>\n\t\t\t\t\t\t\t\t<li>Service de livraison VIP gratuit.<\/li>\n\t\t\t\t\t\t\t\t<li><strong class='redpassion-alt'>PAS DE FRAIS SUPPL\u00c9MENTAIRES<\/strong>, pour le service de ravitaillement.<\/li>\n\t\t\t\t\t\t\t<\/ul>\n\t\t\t\t\t\t<\/div>\n\t\t\t\t\t<\/div>\n\t\t\t\t<\/div>\n\t\t\t<br clear=\"all\">\n\n","protected":false},"excerpt":{"rendered":"<p>Que voir \u00e0 Malaga en Avril ? \u00cates-vous pr\u00eat \u00e0 f\u00eater le printemps ? Pr\u00e9parez-vous, ce mois d&rsquo;Avril \u00e0 Malaga d\u00e9borde d&rsquo;activit\u00e9s et d&rsquo;\u00e9v\u00e9nements, avec beaucoup de musique !<\/p>\n","protected":false},"author":1,"featured_media":517,"comment_status":"open","ping_status":"open","sticky":false,"template":"","format":"standard","meta":{"footnotes":""},"categories":[2],"tags":[54,5,4,6],"class_list":["post-516","post","type-post","status-publish","format-standard","has-post-thumbnail","hentry","category-loisirs","tag-avril","tag-choses-a-faire","tag-malaga","tag-quoi-faire"],"yoast_head":"<!-- This site is optimized with the Yoast SEO plugin v28.4 - https:\/\/yoast.com\/product\/yoast-seo-wordpress\/ -->\n<title>Choses \u00e0 faire \u00e0 Malaga en Avril 2025 - Blog de MalagaCar.com<\/title>\n<meta name=\"description\" content=\"\u00cates-vous pr\u00eat \u00e0 c\u00e9l\u00e9brer le printemps ? Pr\u00e9parez-vous, ce mois d&#039;avril \u00e0 Malaga regorge d&#039;activit\u00e9s et d&#039;\u00e9v\u00e9nements !\" \/>\n<meta name=\"robots\" content=\"index, follow, max-snippet:-1, max-image-preview:large, max-video-preview:-1\" \/>\n<link rel=\"canonical\" href=\"https:\/\/www.malagacar.com\/fr\/blog\/loisirs\/choses-a-faire-en-malaga-en-avril\/\" \/>\n<meta property=\"og:locale\" content=\"fr_FR\" \/>\n<meta property=\"og:type\" content=\"article\" \/>\n<meta property=\"og:title\" content=\"Choses \u00e0 faire \u00e0 Malaga en Avril 2025 - Blog de MalagaCar.com\" \/>\n<meta property=\"og:description\" content=\"\u00cates-vous pr\u00eat \u00e0 c\u00e9l\u00e9brer le printemps ? Pr\u00e9parez-vous, ce mois d&#039;avril \u00e0 Malaga regorge d&#039;activit\u00e9s et d&#039;\u00e9v\u00e9nements !\" \/>\n<meta property=\"og:url\" content=\"https:\/\/www.malagacar.com\/fr\/blog\/loisirs\/choses-a-faire-en-malaga-en-avril\/\" \/>\n<meta property=\"og:site_name\" content=\"Blog de MalagaCar.com\" \/>\n<meta property=\"article:publisher\" content=\"https:\/\/www.facebook.com\/malagacar\" \/>\n<meta property=\"article:published_time\" content=\"2026-03-30T08:52:08+00:00\" \/>\n<meta property=\"article:modified_time\" content=\"2026-04-15T10:05:44+00:00\" \/>\n<meta property=\"og:image\" content=\"https:\/\/www.malagacar.com\/fr\/blog\/wp-content\/uploads\/2023\/03\/04-fr.jpg\" \/>\n\t<meta property=\"og:image:width\" content=\"1000\" \/>\n\t<meta property=\"og:image:height\" content=\"896\" \/>\n\t<meta property=\"og:image:type\" content=\"image\/jpeg\" \/>\n<meta name=\"author\" content=\"MalagaCar.com\" \/>\n<meta name=\"twitter:card\" content=\"summary_large_image\" \/>\n<meta name=\"twitter:creator\" content=\"@malagacarcom\" \/>\n<meta name=\"twitter:site\" content=\"@malagacarcom\" \/>\n<meta name=\"twitter:label1\" content=\"\u00c9crit par\" \/>\n\t<meta name=\"twitter:data1\" content=\"MalagaCar.com\" \/>\n\t<meta name=\"twitter:label2\" content=\"Dur\u00e9e de lecture estim\u00e9e\" \/>\n\t<meta name=\"twitter:data2\" content=\"43 minutes\" \/>\n<script type=\"application\/ld+json\" class=\"yoast-schema-graph\">{\"@context\":\"https:\\\/\\\/schema.org\",\"@graph\":[{\"@type\":\"Article\",\"@id\":\"https:\\\/\\\/www.malagacar.com\\\/fr\\\/blog\\\/loisirs\\\/choses-a-faire-en-malaga-en-avril\\\/#article\",\"isPartOf\":{\"@id\":\"https:\\\/\\\/www.malagacar.com\\\/fr\\\/blog\\\/loisirs\\\/choses-a-faire-en-malaga-en-avril\\\/\"},\"author\":{\"name\":\"MalagaCar.com\",\"@id\":\"https:\\\/\\\/www.malagacar.com\\\/fr\\\/blog\\\/#\\\/schema\\\/person\\\/ffb97005d02bcc7d0bb59f5409635691\"},\"headline\":\"Choses \u00e0 faire \u00e0 Malaga en Avril 2025\",\"datePublished\":\"2026-03-30T08:52:08+00:00\",\"dateModified\":\"2026-04-15T10:05:44+00:00\",\"mainEntityOfPage\":{\"@id\":\"https:\\\/\\\/www.malagacar.com\\\/fr\\\/blog\\\/loisirs\\\/choses-a-faire-en-malaga-en-avril\\\/\"},\"wordCount\":6436,\"commentCount\":0,\"publisher\":{\"@id\":\"https:\\\/\\\/www.malagacar.com\\\/fr\\\/blog\\\/#organization\"},\"image\":{\"@id\":\"https:\\\/\\\/www.malagacar.com\\\/fr\\\/blog\\\/loisirs\\\/choses-a-faire-en-malaga-en-avril\\\/#primaryimage\"},\"thumbnailUrl\":\"https:\\\/\\\/www.malagacar.com\\\/fr\\\/blog\\\/wp-content\\\/uploads\\\/2023\\\/03\\\/04-fr.jpg\",\"keywords\":[\"avril\",\"choses \u00e0 faire\",\"malaga\",\"quoi faire\"],\"articleSection\":[\"Loisirs\"],\"inLanguage\":\"fr-FR\",\"potentialAction\":[{\"@type\":\"CommentAction\",\"name\":\"Comment\",\"target\":[\"https:\\\/\\\/www.malagacar.com\\\/fr\\\/blog\\\/loisirs\\\/choses-a-faire-en-malaga-en-avril\\\/#respond\"]}]},{\"@type\":\"WebPage\",\"@id\":\"https:\\\/\\\/www.malagacar.com\\\/fr\\\/blog\\\/loisirs\\\/choses-a-faire-en-malaga-en-avril\\\/\",\"url\":\"https:\\\/\\\/www.malagacar.com\\\/fr\\\/blog\\\/loisirs\\\/choses-a-faire-en-malaga-en-avril\\\/\",\"name\":\"Choses \u00e0 faire \u00e0 Malaga en Avril 2025 - Blog de MalagaCar.com\",\"isPartOf\":{\"@id\":\"https:\\\/\\\/www.malagacar.com\\\/fr\\\/blog\\\/#website\"},\"primaryImageOfPage\":{\"@id\":\"https:\\\/\\\/www.malagacar.com\\\/fr\\\/blog\\\/loisirs\\\/choses-a-faire-en-malaga-en-avril\\\/#primaryimage\"},\"image\":{\"@id\":\"https:\\\/\\\/www.malagacar.com\\\/fr\\\/blog\\\/loisirs\\\/choses-a-faire-en-malaga-en-avril\\\/#primaryimage\"},\"thumbnailUrl\":\"https:\\\/\\\/www.malagacar.com\\\/fr\\\/blog\\\/wp-content\\\/uploads\\\/2023\\\/03\\\/04-fr.jpg\",\"datePublished\":\"2026-03-30T08:52:08+00:00\",\"dateModified\":\"2026-04-15T10:05:44+00:00\",\"description\":\"\u00cates-vous pr\u00eat \u00e0 c\u00e9l\u00e9brer le printemps ? Pr\u00e9parez-vous, ce mois d'avril \u00e0 Malaga regorge d'activit\u00e9s et d'\u00e9v\u00e9nements !\",\"breadcrumb\":{\"@id\":\"https:\\\/\\\/www.malagacar.com\\\/fr\\\/blog\\\/loisirs\\\/choses-a-faire-en-malaga-en-avril\\\/#breadcrumb\"},\"inLanguage\":\"fr-FR\",\"potentialAction\":[{\"@type\":\"ReadAction\",\"target\":[\"https:\\\/\\\/www.malagacar.com\\\/fr\\\/blog\\\/loisirs\\\/choses-a-faire-en-malaga-en-avril\\\/\"]}]},{\"@type\":\"ImageObject\",\"inLanguage\":\"fr-FR\",\"@id\":\"https:\\\/\\\/www.malagacar.com\\\/fr\\\/blog\\\/loisirs\\\/choses-a-faire-en-malaga-en-avril\\\/#primaryimage\",\"url\":\"https:\\\/\\\/www.malagacar.com\\\/fr\\\/blog\\\/wp-content\\\/uploads\\\/2023\\\/03\\\/04-fr.jpg\",\"contentUrl\":\"https:\\\/\\\/www.malagacar.com\\\/fr\\\/blog\\\/wp-content\\\/uploads\\\/2023\\\/03\\\/04-fr.jpg\",\"width\":1000,\"height\":896},{\"@type\":\"BreadcrumbList\",\"@id\":\"https:\\\/\\\/www.malagacar.com\\\/fr\\\/blog\\\/loisirs\\\/choses-a-faire-en-malaga-en-avril\\\/#breadcrumb\",\"itemListElement\":[{\"@type\":\"ListItem\",\"position\":1,\"name\":\"Accueil\",\"item\":\"https:\\\/\\\/www.malagacar.com\\\/fr\\\/blog\\\/\"},{\"@type\":\"ListItem\",\"position\":2,\"name\":\"Choses \u00e0 faire \u00e0 Malaga en Avril 2025\"}]},{\"@type\":\"WebSite\",\"@id\":\"https:\\\/\\\/www.malagacar.com\\\/fr\\\/blog\\\/#website\",\"url\":\"https:\\\/\\\/www.malagacar.com\\\/fr\\\/blog\\\/\",\"name\":\"Blog de MalagaCar.com\",\"description\":\"Nouvelles et informations int\u00e9ressantes sur la location de voitures \u00e0 l&#039;a\u00e9roport de Malaga.\",\"publisher\":{\"@id\":\"https:\\\/\\\/www.malagacar.com\\\/fr\\\/blog\\\/#organization\"},\"potentialAction\":[{\"@type\":\"SearchAction\",\"target\":{\"@type\":\"EntryPoint\",\"urlTemplate\":\"https:\\\/\\\/www.malagacar.com\\\/fr\\\/blog\\\/?s={search_term_string}\"},\"query-input\":{\"@type\":\"PropertyValueSpecification\",\"valueRequired\":true,\"valueName\":\"search_term_string\"}}],\"inLanguage\":\"fr-FR\"},{\"@type\":\"Organization\",\"@id\":\"https:\\\/\\\/www.malagacar.com\\\/fr\\\/blog\\\/#organization\",\"name\":\"MalagaCar.com\",\"url\":\"https:\\\/\\\/www.malagacar.com\\\/fr\\\/blog\\\/\",\"logo\":{\"@type\":\"ImageObject\",\"inLanguage\":\"fr-FR\",\"@id\":\"https:\\\/\\\/www.malagacar.com\\\/fr\\\/blog\\\/#\\\/schema\\\/logo\\\/image\\\/\",\"url\":\"https:\\\/\\\/www.malagacar.com\\\/fr\\\/blog\\\/wp-content\\\/uploads\\\/2021\\\/06\\\/logo-malagacar-social.png\",\"contentUrl\":\"https:\\\/\\\/www.malagacar.com\\\/fr\\\/blog\\\/wp-content\\\/uploads\\\/2021\\\/06\\\/logo-malagacar-social.png\",\"width\":900,\"height\":900,\"caption\":\"MalagaCar.com\"},\"image\":{\"@id\":\"https:\\\/\\\/www.malagacar.com\\\/fr\\\/blog\\\/#\\\/schema\\\/logo\\\/image\\\/\"},\"sameAs\":[\"https:\\\/\\\/www.facebook.com\\\/malagacar\",\"https:\\\/\\\/x.com\\\/malagacarcom\",\"https:\\\/\\\/www.instagram.com\\\/malagacar\\\/\",\"https:\\\/\\\/www.linkedin.com\\\/company\\\/malagacar.com\",\"https:\\\/\\\/www.youtube.com\\\/c\\\/MalagacarAirport\"]},{\"@type\":\"Person\",\"@id\":\"https:\\\/\\\/www.malagacar.com\\\/fr\\\/blog\\\/#\\\/schema\\\/person\\\/ffb97005d02bcc7d0bb59f5409635691\",\"name\":\"MalagaCar.com\",\"image\":{\"@type\":\"ImageObject\",\"inLanguage\":\"fr-FR\",\"@id\":\"https:\\\/\\\/secure.gravatar.com\\\/avatar\\\/296ebc31026e7be05868369e4c596b3239b1582b2fcf8a45de57333e2e82bb82?s=96&d=mm&r=g\",\"url\":\"https:\\\/\\\/secure.gravatar.com\\\/avatar\\\/296ebc31026e7be05868369e4c596b3239b1582b2fcf8a45de57333e2e82bb82?s=96&d=mm&r=g\",\"contentUrl\":\"https:\\\/\\\/secure.gravatar.com\\\/avatar\\\/296ebc31026e7be05868369e4c596b3239b1582b2fcf8a45de57333e2e82bb82?s=96&d=mm&r=g\",\"caption\":\"MalagaCar.com\"},\"sameAs\":[\"https:\\\/\\\/www.malagacar.com\\\/fr\\\/blog\"]}]}<\/script>\n<!-- \/ Yoast SEO plugin. -->","yoast_head_json":{"title":"Choses \u00e0 faire \u00e0 Malaga en Avril 2025 - Blog de MalagaCar.com","description":"\u00cates-vous pr\u00eat \u00e0 c\u00e9l\u00e9brer le printemps ? Pr\u00e9parez-vous, ce mois d'avril \u00e0 Malaga regorge d'activit\u00e9s et d'\u00e9v\u00e9nements !","robots":{"index":"index","follow":"follow","max-snippet":"max-snippet:-1","max-image-preview":"max-image-preview:large","max-video-preview":"max-video-preview:-1"},"canonical":"https:\/\/www.malagacar.com\/fr\/blog\/loisirs\/choses-a-faire-en-malaga-en-avril\/","og_locale":"fr_FR","og_type":"article","og_title":"Choses \u00e0 faire \u00e0 Malaga en Avril 2025 - Blog de MalagaCar.com","og_description":"\u00cates-vous pr\u00eat \u00e0 c\u00e9l\u00e9brer le printemps ? Pr\u00e9parez-vous, ce mois d'avril \u00e0 Malaga regorge d'activit\u00e9s et d'\u00e9v\u00e9nements !","og_url":"https:\/\/www.malagacar.com\/fr\/blog\/loisirs\/choses-a-faire-en-malaga-en-avril\/","og_site_name":"Blog de MalagaCar.com","article_publisher":"https:\/\/www.facebook.com\/malagacar","article_published_time":"2026-03-30T08:52:08+00:00","article_modified_time":"2026-04-15T10:05:44+00:00","og_image":[{"width":1000,"height":896,"url":"https:\/\/www.malagacar.com\/fr\/blog\/wp-content\/uploads\/2023\/03\/04-fr.jpg","type":"image\/jpeg"}],"author":"MalagaCar.com","twitter_card":"summary_large_image","twitter_creator":"@malagacarcom","twitter_site":"@malagacarcom","twitter_misc":{"\u00c9crit par":"MalagaCar.com","Dur\u00e9e de lecture estim\u00e9e":"43 minutes"},"schema":{"@context":"https:\/\/schema.org","@graph":[{"@type":"Article","@id":"https:\/\/www.malagacar.com\/fr\/blog\/loisirs\/choses-a-faire-en-malaga-en-avril\/#article","isPartOf":{"@id":"https:\/\/www.malagacar.com\/fr\/blog\/loisirs\/choses-a-faire-en-malaga-en-avril\/"},"author":{"name":"MalagaCar.com","@id":"https:\/\/www.malagacar.com\/fr\/blog\/#\/schema\/person\/ffb97005d02bcc7d0bb59f5409635691"},"headline":"Choses \u00e0 faire \u00e0 Malaga en Avril 2025","datePublished":"2026-03-30T08:52:08+00:00","dateModified":"2026-04-15T10:05:44+00:00","mainEntityOfPage":{"@id":"https:\/\/www.malagacar.com\/fr\/blog\/loisirs\/choses-a-faire-en-malaga-en-avril\/"},"wordCount":6436,"commentCount":0,"publisher":{"@id":"https:\/\/www.malagacar.com\/fr\/blog\/#organization"},"image":{"@id":"https:\/\/www.malagacar.com\/fr\/blog\/loisirs\/choses-a-faire-en-malaga-en-avril\/#primaryimage"},"thumbnailUrl":"https:\/\/www.malagacar.com\/fr\/blog\/wp-content\/uploads\/2023\/03\/04-fr.jpg","keywords":["avril","choses \u00e0 faire","malaga","quoi faire"],"articleSection":["Loisirs"],"inLanguage":"fr-FR","potentialAction":[{"@type":"CommentAction","name":"Comment","target":["https:\/\/www.malagacar.com\/fr\/blog\/loisirs\/choses-a-faire-en-malaga-en-avril\/#respond"]}]},{"@type":"WebPage","@id":"https:\/\/www.malagacar.com\/fr\/blog\/loisirs\/choses-a-faire-en-malaga-en-avril\/","url":"https:\/\/www.malagacar.com\/fr\/blog\/loisirs\/choses-a-faire-en-malaga-en-avril\/","name":"Choses \u00e0 faire \u00e0 Malaga en Avril 2025 - Blog de MalagaCar.com","isPartOf":{"@id":"https:\/\/www.malagacar.com\/fr\/blog\/#website"},"primaryImageOfPage":{"@id":"https:\/\/www.malagacar.com\/fr\/blog\/loisirs\/choses-a-faire-en-malaga-en-avril\/#primaryimage"},"image":{"@id":"https:\/\/www.malagacar.com\/fr\/blog\/loisirs\/choses-a-faire-en-malaga-en-avril\/#primaryimage"},"thumbnailUrl":"https:\/\/www.malagacar.com\/fr\/blog\/wp-content\/uploads\/2023\/03\/04-fr.jpg","datePublished":"2026-03-30T08:52:08+00:00","dateModified":"2026-04-15T10:05:44+00:00","description":"\u00cates-vous pr\u00eat \u00e0 c\u00e9l\u00e9brer le printemps ? Pr\u00e9parez-vous, ce mois d'avril \u00e0 Malaga regorge d'activit\u00e9s et d'\u00e9v\u00e9nements !","breadcrumb":{"@id":"https:\/\/www.malagacar.com\/fr\/blog\/loisirs\/choses-a-faire-en-malaga-en-avril\/#breadcrumb"},"inLanguage":"fr-FR","potentialAction":[{"@type":"ReadAction","target":["https:\/\/www.malagacar.com\/fr\/blog\/loisirs\/choses-a-faire-en-malaga-en-avril\/"]}]},{"@type":"ImageObject","inLanguage":"fr-FR","@id":"https:\/\/www.malagacar.com\/fr\/blog\/loisirs\/choses-a-faire-en-malaga-en-avril\/#primaryimage","url":"https:\/\/www.malagacar.com\/fr\/blog\/wp-content\/uploads\/2023\/03\/04-fr.jpg","contentUrl":"https:\/\/www.malagacar.com\/fr\/blog\/wp-content\/uploads\/2023\/03\/04-fr.jpg","width":1000,"height":896},{"@type":"BreadcrumbList","@id":"https:\/\/www.malagacar.com\/fr\/blog\/loisirs\/choses-a-faire-en-malaga-en-avril\/#breadcrumb","itemListElement":[{"@type":"ListItem","position":1,"name":"Accueil","item":"https:\/\/www.malagacar.com\/fr\/blog\/"},{"@type":"ListItem","position":2,"name":"Choses \u00e0 faire \u00e0 Malaga en Avril 2025"}]},{"@type":"WebSite","@id":"https:\/\/www.malagacar.com\/fr\/blog\/#website","url":"https:\/\/www.malagacar.com\/fr\/blog\/","name":"Blog de MalagaCar.com","description":"Nouvelles et informations int\u00e9ressantes sur la location de voitures \u00e0 l&#039;a\u00e9roport de Malaga.","publisher":{"@id":"https:\/\/www.malagacar.com\/fr\/blog\/#organization"},"potentialAction":[{"@type":"SearchAction","target":{"@type":"EntryPoint","urlTemplate":"https:\/\/www.malagacar.com\/fr\/blog\/?s={search_term_string}"},"query-input":{"@type":"PropertyValueSpecification","valueRequired":true,"valueName":"search_term_string"}}],"inLanguage":"fr-FR"},{"@type":"Organization","@id":"https:\/\/www.malagacar.com\/fr\/blog\/#organization","name":"MalagaCar.com","url":"https:\/\/www.malagacar.com\/fr\/blog\/","logo":{"@type":"ImageObject","inLanguage":"fr-FR","@id":"https:\/\/www.malagacar.com\/fr\/blog\/#\/schema\/logo\/image\/","url":"https:\/\/www.malagacar.com\/fr\/blog\/wp-content\/uploads\/2021\/06\/logo-malagacar-social.png","contentUrl":"https:\/\/www.malagacar.com\/fr\/blog\/wp-content\/uploads\/2021\/06\/logo-malagacar-social.png","width":900,"height":900,"caption":"MalagaCar.com"},"image":{"@id":"https:\/\/www.malagacar.com\/fr\/blog\/#\/schema\/logo\/image\/"},"sameAs":["https:\/\/www.facebook.com\/malagacar","https:\/\/x.com\/malagacarcom","https:\/\/www.instagram.com\/malagacar\/","https:\/\/www.linkedin.com\/company\/malagacar.com","https:\/\/www.youtube.com\/c\/MalagacarAirport"]},{"@type":"Person","@id":"https:\/\/www.malagacar.com\/fr\/blog\/#\/schema\/person\/ffb97005d02bcc7d0bb59f5409635691","name":"MalagaCar.com","image":{"@type":"ImageObject","inLanguage":"fr-FR","@id":"https:\/\/secure.gravatar.com\/avatar\/296ebc31026e7be05868369e4c596b3239b1582b2fcf8a45de57333e2e82bb82?s=96&d=mm&r=g","url":"https:\/\/secure.gravatar.com\/avatar\/296ebc31026e7be05868369e4c596b3239b1582b2fcf8a45de57333e2e82bb82?s=96&d=mm&r=g","contentUrl":"https:\/\/secure.gravatar.com\/avatar\/296ebc31026e7be05868369e4c596b3239b1582b2fcf8a45de57333e2e82bb82?s=96&d=mm&r=g","caption":"MalagaCar.com"},"sameAs":["https:\/\/www.malagacar.com\/fr\/blog"]}]}},"_links":{"self":[{"href":"https:\/\/www.malagacar.com\/fr\/blog\/wp-json\/wp\/v2\/posts\/516","targetHints":{"allow":["GET"]}}],"collection":[{"href":"https:\/\/www.malagacar.com\/fr\/blog\/wp-json\/wp\/v2\/posts"}],"about":[{"href":"https:\/\/www.malagacar.com\/fr\/blog\/wp-json\/wp\/v2\/types\/post"}],"author":[{"embeddable":true,"href":"https:\/\/www.malagacar.com\/fr\/blog\/wp-json\/wp\/v2\/users\/1"}],"replies":[{"embeddable":true,"href":"https:\/\/www.malagacar.com\/fr\/blog\/wp-json\/wp\/v2\/comments?post=516"}],"version-history":[{"count":72,"href":"https:\/\/www.malagacar.com\/fr\/blog\/wp-json\/wp\/v2\/posts\/516\/revisions"}],"predecessor-version":[{"id":3322,"href":"https:\/\/www.malagacar.com\/fr\/blog\/wp-json\/wp\/v2\/posts\/516\/revisions\/3322"}],"wp:featuredmedia":[{"embeddable":true,"href":"https:\/\/www.malagacar.com\/fr\/blog\/wp-json\/wp\/v2\/media\/517"}],"wp:attachment":[{"href":"https:\/\/www.malagacar.com\/fr\/blog\/wp-json\/wp\/v2\/media?parent=516"}],"wp:term":[{"taxonomy":"category","embeddable":true,"href":"https:\/\/www.malagacar.com\/fr\/blog\/wp-json\/wp\/v2\/categories?post=516"},{"taxonomy":"post_tag","embeddable":true,"href":"https:\/\/www.malagacar.com\/fr\/blog\/wp-json\/wp\/v2\/tags?post=516"}],"curies":[{"name":"wp","href":"https:\/\/api.w.org\/{rel}","templated":true}]}}