{"id":535,"date":"2023-04-14T11:25:18","date_gmt":"2023-04-14T09:25:18","guid":{"rendered":"https:\/\/www.malagacar.com\/fr\/blog\/?p=535"},"modified":"2024-05-21T12:44:13","modified_gmt":"2024-05-21T10:44:13","slug":"emporter-malaga-indispensables","status":"publish","type":"post","link":"https:\/\/www.malagacar.com\/fr\/blog\/astuces-de-voyage\/emporter-malaga-indispensables\/","title":{"rendered":"Faire sa valise pour Malaga &#8211; Les indispensables pour les 4 saisons"},"content":{"rendered":"<p>Faire sa valise M\u00e1laga ? Vous \u00eates devant votre valise, \u00e0 vous demander ce qu&rsquo;il faut prendre ou ne pas prendre dans vos bagages ? Nous allons vous faciliter la t\u00e2che.<br \/>\n<!--more-->\n            <div class=\"banner\">\n                <div class=\"row\">\n                    <div class=\"col-sm-4\">\n                        <a href=\"\/fr\/location-de-voitures\/quote.php\" data-wpel-link=\"internal\"><img decoding=\"async\" src=\"\/images\/banner-img.jpg\" alt=\"malagacar.com\"><\/a>\n                    <\/div>\n                    <div class=\"col-sm-8\">\n                      <a href=\"\/fr\/location-de-voitures\/quote.php\" class=\"banner-title\" data-wpel-link=\"internal\">Meilleure location de voitures <div>\u00e0 l'a\u00e9roport de Malaga<\/div><\/a>   \n                        <div class=\"row\">\n                            <div class=\"col-sm-7\">\n                                <ul>\n                                    <li>Pas de frais de ravitaillement<\/li>\n                                    <li>Annulation gratuite<\/li>\n                                    <li>Location sans interm\u00e9diaire<\/li>\n                                    <li>Payez lorsque vous prenez la voiture<\/li>\n                                    <li><\/li>\n                                <\/ul>\n                            <\/div>\n                            <div class=\"col-sm-5\">\n                                <a class=\"btn-banner\" href=\"\/fr\/location-de-voitures\/quote.php\" data-wpel-link=\"internal\">Consultez les prix<\/a>\n                                <img decoding=\"async\" class=\"zonturent\" src=\"\/images\/zontu-banner.png\" alt=\"\">\n                            <\/div>\n                        <\/div>\n                    <\/div>\n                 <\/div>  \n            <\/div>\n            <\/p>\n<div id=\"ez-toc-container\" class=\"ez-toc-v2_0_87 counter-hierarchy ez-toc-counter ez-toc-light-blue ez-toc-container-direction\">\n<p class=\"ez-toc-title\" style=\"cursor:inherit\">Table des mati\u00e8res<\/p>\n<label for=\"ez-toc-cssicon-toggle-item-6a9a3e1eec46f\" class=\"ez-toc-cssicon-toggle-label\"><span class=\"\"><span class=\"eztoc-hide\" style=\"display:none;\">Toggle<\/span><span class=\"ez-toc-icon-toggle-span\"><svg style=\"fill: #999;color:#999\" xmlns=\"http:\/\/www.w3.org\/2000\/svg\" class=\"list-377408\" width=\"20px\" height=\"20px\" viewBox=\"0 0 24 24\" fill=\"none\"><path d=\"M6 6H4v2h2V6zm14 0H8v2h12V6zM4 11h2v2H4v-2zm16 0H8v2h12v-2zM4 16h2v2H4v-2zm16 0H8v2h12v-2z\" fill=\"currentColor\"><\/path><\/svg><svg style=\"fill: #999;color:#999\" class=\"arrow-unsorted-368013\" xmlns=\"http:\/\/www.w3.org\/2000\/svg\" width=\"10px\" height=\"10px\" viewBox=\"0 0 24 24\" version=\"1.2\" baseProfile=\"tiny\"><path d=\"M18.2 9.3l-6.2-6.3-6.2 6.3c-.2.2-.3.4-.3.7s.1.5.3.7c.2.2.4.3.7.3h11c.3 0 .5-.1.7-.3.2-.2.3-.5.3-.7s-.1-.5-.3-.7zM5.8 14.7l6.2 6.3 6.2-6.3c.2-.2.3-.5.3-.7s-.1-.5-.3-.7c-.2-.2-.4-.3-.7-.3h-11c-.3 0-.5.1-.7.3-.2.2-.3.5-.3.7s.1.5.3.7z\"\/><\/svg><\/span><\/span><\/label><input type=\"checkbox\"  id=\"ez-toc-cssicon-toggle-item-6a9a3e1eec46f\"  aria-label=\"Toggle\" \/><nav><ul class='ez-toc-list ez-toc-list-level-1 ' ><li class='ez-toc-page-1 ez-toc-heading-level-2'><a class=\"ez-toc-link ez-toc-heading-1\" href=\"https:\/\/www.malagacar.com\/fr\/blog\/astuces-de-voyage\/emporter-malaga-indispensables\/#Quels_vetements_porter_a_Malaga\" data-wpel-link=\"internal\">Quels v\u00eatements porter \u00e0 Malaga ?<\/a><\/li><li class='ez-toc-page-1 ez-toc-heading-level-2'><a class=\"ez-toc-link ez-toc-heading-2\" href=\"https:\/\/www.malagacar.com\/fr\/blog\/astuces-de-voyage\/emporter-malaga-indispensables\/#La_meteo_a_Malaga\" data-wpel-link=\"internal\">La m\u00e9t\u00e9o \u00e0 Malaga<\/a><ul class='ez-toc-list-level-3' ><li class='ez-toc-heading-level-3'><a class=\"ez-toc-link ez-toc-heading-3\" href=\"https:\/\/www.malagacar.com\/fr\/blog\/astuces-de-voyage\/emporter-malaga-indispensables\/#Quelle_est_la_meilleure_periode_pour_se_rendre_a_Malaga\" data-wpel-link=\"internal\">Quelle est la meilleure p\u00e9riode pour se rendre \u00e0 Malaga ?<\/a><\/li><\/ul><\/li><li class='ez-toc-page-1 ez-toc-heading-level-2'><a class=\"ez-toc-link ez-toc-heading-4\" href=\"https:\/\/www.malagacar.com\/fr\/blog\/astuces-de-voyage\/emporter-malaga-indispensables\/#Meteo_au_printemps_a_Malaga\" data-wpel-link=\"internal\">M\u00e9t\u00e9o au printemps \u00e0 Malaga<\/a><ul class='ez-toc-list-level-3' ><li class='ez-toc-heading-level-3'><a class=\"ez-toc-link ez-toc-heading-5\" href=\"https:\/\/www.malagacar.com\/fr\/blog\/astuces-de-voyage\/emporter-malaga-indispensables\/#Quels_vetements_emporter_a_Malaga_au_printemps\" data-wpel-link=\"internal\">Quels v\u00eatements emporter \u00e0 Malaga au printemps ?<\/a><\/li><\/ul><\/li><li class='ez-toc-page-1 ez-toc-heading-level-2'><a class=\"ez-toc-link ez-toc-heading-6\" href=\"https:\/\/www.malagacar.com\/fr\/blog\/astuces-de-voyage\/emporter-malaga-indispensables\/#Meteo_en_ete_a_Malaga\" data-wpel-link=\"internal\">M\u00e9t\u00e9o en \u00e9t\u00e9 \u00e0 Malaga<\/a><ul class='ez-toc-list-level-3' ><li class='ez-toc-heading-level-3'><a class=\"ez-toc-link ez-toc-heading-7\" href=\"https:\/\/www.malagacar.com\/fr\/blog\/astuces-de-voyage\/emporter-malaga-indispensables\/#Quels_vetements_emporter_a_Malaga_en_ete\" data-wpel-link=\"internal\">Quels v\u00eatements emporter \u00e0 Malaga en \u00e9t\u00e9 ?<\/a><\/li><\/ul><\/li><li class='ez-toc-page-1 ez-toc-heading-level-2'><a class=\"ez-toc-link ez-toc-heading-8\" href=\"https:\/\/www.malagacar.com\/fr\/blog\/astuces-de-voyage\/emporter-malaga-indispensables\/#Meteo_en_automne_a_Malaga\" data-wpel-link=\"internal\">M\u00e9t\u00e9o en automne \u00e0 Malaga<\/a><ul class='ez-toc-list-level-3' ><li class='ez-toc-heading-level-3'><a class=\"ez-toc-link ez-toc-heading-9\" href=\"https:\/\/www.malagacar.com\/fr\/blog\/astuces-de-voyage\/emporter-malaga-indispensables\/#Quels_vetements_emporter_a_Malaga_en_automne\" data-wpel-link=\"internal\">Quels v\u00eatements emporter \u00e0 Malaga en automne ?<\/a><\/li><\/ul><\/li><li class='ez-toc-page-1 ez-toc-heading-level-2'><a class=\"ez-toc-link ez-toc-heading-10\" href=\"https:\/\/www.malagacar.com\/fr\/blog\/astuces-de-voyage\/emporter-malaga-indispensables\/#Meteo_en_hiver_a_Malaga\" data-wpel-link=\"internal\">M\u00e9t\u00e9o en hiver \u00e0 Malaga<\/a><ul class='ez-toc-list-level-3' ><li class='ez-toc-heading-level-3'><a class=\"ez-toc-link ez-toc-heading-11\" href=\"https:\/\/www.malagacar.com\/fr\/blog\/astuces-de-voyage\/emporter-malaga-indispensables\/#Quels_vetements_emporter_a_Malaga_en_hiver\" data-wpel-link=\"internal\">Quels v\u00eatements emporter \u00e0 Malaga en hiver ?<\/a><\/li><\/ul><\/li><li class='ez-toc-page-1 ez-toc-heading-level-2'><a class=\"ez-toc-link ez-toc-heading-12\" href=\"https:\/\/www.malagacar.com\/fr\/blog\/astuces-de-voyage\/emporter-malaga-indispensables\/#Conseils_et_questions\" data-wpel-link=\"internal\">Conseils et questions<\/a><ul class='ez-toc-list-level-3' ><li class='ez-toc-heading-level-3'><a class=\"ez-toc-link ez-toc-heading-13\" href=\"https:\/\/www.malagacar.com\/fr\/blog\/astuces-de-voyage\/emporter-malaga-indispensables\/#Voyagez_leger\" data-wpel-link=\"internal\">Voyagez l\u00e9ger !<\/a><\/li><li class='ez-toc-page-1 ez-toc-heading-level-3'><a class=\"ez-toc-link ez-toc-heading-14\" href=\"https:\/\/www.malagacar.com\/fr\/blog\/astuces-de-voyage\/emporter-malaga-indispensables\/#Faites_du_shopping_a_Malaga\" data-wpel-link=\"internal\">Faites du shopping \u00e0 Malaga !<\/a><\/li><li class='ez-toc-page-1 ez-toc-heading-level-3'><a class=\"ez-toc-link ez-toc-heading-15\" href=\"https:\/\/www.malagacar.com\/fr\/blog\/astuces-de-voyage\/emporter-malaga-indispensables\/#Y_a-t-il_un_code_vestimentaire_a_Malaga\" data-wpel-link=\"internal\">Y a-t-il un code vestimentaire \u00e0 Malaga ?<\/a><\/li><li class='ez-toc-page-1 ez-toc-heading-level-3'><a class=\"ez-toc-link ez-toc-heading-16\" href=\"https:\/\/www.malagacar.com\/fr\/blog\/astuces-de-voyage\/emporter-malaga-indispensables\/#Se_rendre_en_ville_en_maillot_de_bain_ou_torse_nu\" data-wpel-link=\"internal\">Se rendre en ville en maillot de bain ou torse nu<\/a><\/li><li class='ez-toc-page-1 ez-toc-heading-level-3'><a class=\"ez-toc-link ez-toc-heading-17\" href=\"https:\/\/www.malagacar.com\/fr\/blog\/astuces-de-voyage\/emporter-malaga-indispensables\/#Enterrements_de_vie_de_garcon\" data-wpel-link=\"internal\">Enterrements de vie de gar\u00e7on<\/a><\/li><li class='ez-toc-page-1 ez-toc-heading-level-3'><a class=\"ez-toc-link ez-toc-heading-18\" href=\"https:\/\/www.malagacar.com\/fr\/blog\/astuces-de-voyage\/emporter-malaga-indispensables\/#Y_a-t-il_un_code_vestimentaire_pour_la_cathedrale_de_Malaga\" data-wpel-link=\"internal\">Y a-t-il un code vestimentaire pour la cath\u00e9drale de Malaga ?<\/a><\/li><\/ul><\/li><li class='ez-toc-page-1 ez-toc-heading-level-2'><a class=\"ez-toc-link ez-toc-heading-19\" href=\"https:\/\/www.malagacar.com\/fr\/blog\/astuces-de-voyage\/emporter-malaga-indispensables\/#Sondage_quelle_est_votre_saison_preferee_sur_la_Costa_del_Sol\" data-wpel-link=\"internal\">Sondage : quelle est votre saison pr\u00e9f\u00e9r\u00e9e sur la Costa del Sol ?<\/a><\/li><\/ul><\/nav><\/div>\n<h2><span class=\"ez-toc-section\" id=\"Quels_vetements_porter_a_Malaga\"><\/span>Quels v\u00eatements porter \u00e0 Malaga ?<span class=\"ez-toc-section-end\"><\/span><\/h2>\n<p>Dans cet article, nous vous indiquons les <strong><em>choses qui ne peuvent pas manquer dans votre valise en <\/em><\/strong>fonction de chaque saison. Et nous vous parlons aussi d&rsquo;autres choses int\u00e9ressantes, car selon l&rsquo;endroit o\u00f9 vous d\u00e9m\u00e9nagez ou l&rsquo;heure \u00e0 laquelle vous d\u00e9m\u00e9nagez, vous devrez adapter un peu votre fa\u00e7on de vous habiller !<\/p>\n<h2><span class=\"ez-toc-section\" id=\"La_meteo_a_Malaga\"><\/span>La m\u00e9t\u00e9o \u00e0 Malaga<span class=\"ez-toc-section-end\"><\/span><\/h2>\n<p><img loading=\"lazy\" decoding=\"async\" class=\"size-full wp-image-13393\" src=\"https:\/\/www.malagacar.com\/sp\/blog\/wp-content\/uploads\/2023\/03\/beautiful-day-in-Malaga-by-orgullosos-de-Malaga.jpg\" alt=\"\" width=\"1200\" height=\"800\" \/><\/p>\n<p>Malaga est la <strong><em>ville la plus m\u00e9ridionale d&rsquo;Europe <\/em><\/strong>et son climat est imbattable. En effet, il est possible de se retrouver en plein hiver en manches courtes et de profiter des terrasses ext\u00e9rieures.Au moins pendant les heures centrales de la journ\u00e9e, et \u00e9videmment pas tous les jours non plus. Car, m\u00eame si nous avons plus de 320 jours de soleil splendide, il faudra bien qu&rsquo;il pleuve un peu \u00e0 un moment ou \u00e0 un autre.<\/p>\n<p>Par rapport \u00e0 d&rsquo;autres endroits, Malaga b\u00e9n\u00e9ficie d&rsquo;un <strong><em>climat mod\u00e9r\u00e9 et printanier <\/em><\/strong>presque 9 mois par an, seulement interrompu par des temp\u00e9ratures \u00e9lev\u00e9es pendant l&rsquo;\u00e9t\u00e9, comme nous le verrons plus en d\u00e9tail ci-dessous.<\/p>\n<h3><span class=\"ez-toc-section\" id=\"Quelle_est_la_meilleure_periode_pour_se_rendre_a_Malaga\"><\/span>Quelle est la meilleure p\u00e9riode pour se rendre \u00e0 Malaga ?<span class=\"ez-toc-section-end\"><\/span><\/h3>\n<p>Nous, qui vivons ici, pensons que Malaga est presque un paradis sur terre et qu&rsquo;elle peut \u00eatre visit\u00e9e pendant les 12 mois de l&rsquo;ann\u00e9e. Votre choix sera plus sp\u00e9cifique en fonction de <strong>ce que vous recherchez pendant vos vacances \u00e0 Malaga<\/strong>. C&rsquo;est pourquoi nous avons pr\u00e9par\u00e9 un article d\u00e9taill\u00e9 pour vous, o\u00f9 vous pourrez trouver plus d&rsquo;inspiration.<\/p>\n<h2><span class=\"ez-toc-section\" id=\"Meteo_au_printemps_a_Malaga\"><\/span>M\u00e9t\u00e9o au printemps \u00e0 Malaga<span class=\"ez-toc-section-end\"><\/span><\/h2>\n<p>Comme nous l&rsquo;avons d\u00e9j\u00e0 dit, le printemps est presque \u00e9ternel \u00e0 Malaga, avec des temp\u00e9ratures tr\u00e8s douces qui augmentent au fil des mois.<\/p>\n<figure id=\"attachment_13386\" aria-describedby=\"caption-attachment-13386\" style=\"width: 1024px\" class=\"wp-caption alignnone\"><img loading=\"lazy\" decoding=\"async\" class=\"size-full wp-image-13386\" src=\"https:\/\/www.malagacar.com\/sp\/blog\/wp-content\/uploads\/2023\/03\/Rainbow-Marbella-La-Concha.jpg\" alt=\"\" width=\"1024\" height=\"586\" \/><figcaption id=\"caption-attachment-13386\" class=\"wp-caption-text\">Arc-en-ciel sur La Concha \u00e0 Marbella<\/figcaption><\/figure>\n<p>Si, en mars, les matin\u00e9es et les nuits peuvent encore \u00eatre fra\u00eeches avec des valeurs comprises entre 12\u00baC et 15\u00baC, les journ\u00e9es sont g\u00e9n\u00e9ralement tr\u00e8s ensoleill\u00e9es, beaucoup d&rsquo;entre elles avoisinant d\u00e9j\u00e0 les 20\u00baC.<\/p>\n<p>Les mois de mars et d&rsquo;avril sont encore quelque peu instables et se caract\u00e9risent surtout par beaucoup de vent. De temps en temps, il peut encore pleuvoir. Traditionnellement, \u00e0 P\u00e2ques, il y a g\u00e9n\u00e9ralement une journ\u00e9e avec des averses.<\/p>\n<p>Le mois de mai est l&rsquo;un des meilleurs mois sur la Costa del Sol, avec des temp\u00e9ratures pr\u00e9-estivales atteignant facilement 25\u00baC et plus.<\/p>\n<h3><span class=\"ez-toc-section\" id=\"Quels_vetements_emporter_a_Malaga_au_printemps\"><\/span>Quels v\u00eatements emporter \u00e0 Malaga au printemps ?<span class=\"ez-toc-section-end\"><\/span><\/h3>\n<p>Vous pouvez laisser votre manteau d&rsquo;hiver \u00e0 la maison, vous n&rsquo;en aurez pas besoin. Il est conseill\u00e9 d&#8217;emporter un imperm\u00e9able, plus qu&rsquo;\u00e0 cause de la pluie, \u00e0 cause du vent et de l&rsquo;humidit\u00e9 qui peuvent devenir g\u00eanants aux heures non centrales de la journ\u00e9e, surtout au mois de mars.<\/p>\n<p>En outre, il est conseill\u00e9 de porter un pull et des chemises \u00e0 manches longues et \u00e0 manches courtes. Des chaussures l\u00e9g\u00e8res et confortables si vous souhaitez marcher.<\/p>\n<p>En mars et avril, l&rsquo;astuce consiste \u00e0 s&rsquo;habiller un peu comme un oignon, de mani\u00e8re \u00e0 pouvoir ajouter ou enlever des couches en fonction de l&rsquo;heure de la journ\u00e9e.<\/p>\n<figure id=\"attachment_9309\" aria-describedby=\"caption-attachment-9309\" style=\"width: 1136px\" class=\"wp-caption alignnone\"><img loading=\"lazy\" decoding=\"async\" class=\"wp-image-9309 size-full\" src=\"https:\/\/www.malagacar.com\/sp\/blog\/wp-content\/uploads\/2021\/08\/Good-afternoon-from-Plaza-de-la-Merced-by-Milana-Vosgien.jpg\" alt=\"mejor \u00e9poca para viajar a M\u00e1laga\" width=\"1136\" height=\"755\" \/><figcaption id=\"caption-attachment-9309\" class=\"wp-caption-text\">Plaza de la Merced en mai. Photo Milana Vosgien<\/figcaption><\/figure>\n<p>Si la plupart des habitants prennent un peu plus de temps pour rev\u00eatir leur tenue de printemps, la plupart des \u00e9trangers habitu\u00e9s aux temp\u00e9ratures glaciales sont heureux de pouvoir emporter des shorts et des robes l\u00e9g\u00e8res.<\/p>\n<p>En mai notamment, vous pouvez profiter des manches courtes et des sandales pendant la journ\u00e9e. N&rsquo;oubliez pas que le soleil est d\u00e9j\u00e0 tr\u00e8s fort et qu&rsquo;il est donc essentiel de se munir d&rsquo;une cr\u00e8me solaire, de lunettes de soleil et d&rsquo;un chapeau.<\/p>\n<h2><span class=\"ez-toc-section\" id=\"Meteo_en_ete_a_Malaga\"><\/span>M\u00e9t\u00e9o en \u00e9t\u00e9 \u00e0 Malaga<span class=\"ez-toc-section-end\"><\/span><\/h2>\n<p>L&rsquo;\u00e9t\u00e9 \u00e0 Malaga s&rsquo;allonge d&rsquo;ann\u00e9e en ann\u00e9e. En juin, le temps est tr\u00e8s agr\u00e9able avec des temp\u00e9ratures estivales moyennes de 25\u00baC \u00e0 27\u00baC. C&rsquo;est l&rsquo;un des meilleurs mois pour profiter de la plage sans la foule et la chaleur excessive. En fait, c&rsquo;est l&rsquo;un des meilleurs mois pour profiter de la plage sans les foules et la chaleur excessive.<\/p>\n<p>Les mois de juillet et ao\u00fbt sont caract\u00e9ris\u00e9s par des temp\u00e9ratures tr\u00e8s \u00e9lev\u00e9es. S&rsquo;il est vrai qu&rsquo;en bord de mer cette chaleur est quelque peu att\u00e9nu\u00e9e, elle s&rsquo;accumule au fil des semaines.<\/p>\n<figure id=\"attachment_13387\" aria-describedby=\"caption-attachment-13387\" style=\"width: 1200px\" class=\"wp-caption alignnone\"><img loading=\"lazy\" decoding=\"async\" class=\"size-full wp-image-13387\" src=\"https:\/\/www.malagacar.com\/sp\/blog\/wp-content\/uploads\/2023\/03\/calle-larios-Foto-IStock.jpg\" alt=\"calle larios verano\" width=\"1200\" height=\"800\" \/><figcaption id=\"caption-attachment-13387\" class=\"wp-caption-text\">En \u00e9t\u00e9, la rue Larios est recouverte d&rsquo;un auvent pour faire de l&rsquo;ombre. Photo IStock<\/figcaption><\/figure>\n<p>L&rsquo;humidit\u00e9 \u00e9lev\u00e9e fait transpirer jour et nuit. Nous avons \u00e9galement un ph\u00e9nom\u00e8ne local appel\u00e9 <a href=\"https:\/\/www.malagacar.com\/fr\/blog\/malaga\/chaleur-terral\/\" data-wpel-link=\"internal\"><strong>Terral<\/strong><\/a>, un vent tr\u00e8s fort et chaud. Les nuits sont tropicales et les valeurs nocturnes ne descendent plus en dessous de 23\u00baC. Il y a parfois des nuits \u00e0 27\u00baC.<\/p>\n<h3><span class=\"ez-toc-section\" id=\"Quels_vetements_emporter_a_Malaga_en_ete\"><\/span>Quels v\u00eatements emporter \u00e0 Malaga en \u00e9t\u00e9 ?<span class=\"ez-toc-section-end\"><\/span><\/h3>\n<p>Tout ce qui est l\u00e9ger et frais, de pr\u00e9f\u00e9rence des mati\u00e8res naturelles et respirantes comme le coton, la soie, le lin. Sandales et tongs pour la plage. Protection solaire indispensable, lunettes de soleil et chapeau. Vous pouvez laisser votre veste \u00e0 la maison, vous n&rsquo;en aurez pas besoin.<\/p>\n<h2><span class=\"ez-toc-section\" id=\"Meteo_en_automne_a_Malaga\"><\/span>M\u00e9t\u00e9o en automne \u00e0 Malaga<span class=\"ez-toc-section-end\"><\/span><\/h2>\n<p>Alors que dans d&rsquo;autres pays les feuilles commencent \u00e0 tomber, ici l&rsquo;\u00e9t\u00e9 continue. Sans exag\u00e9rer, le mois de septembre est pratiquement le m\u00eame que le mois d&rsquo;ao\u00fbt en ce qui concerne les temp\u00e9ratures (environ 30\u00baC), \u00e0 la seule diff\u00e9rence que nous pouvons \u00e0 nouveau profiter des plages sans les foules. L&rsquo;eau est chaude et id\u00e9ale pour se baigner tout au long de ce mois.<\/p>\n<p>En octobre, elle commence enfin \u00e0 se \u00ab\u00a0rafra\u00eechir\u00a0\u00bb apr\u00e8s de nombreux mois de chaleur insupportable. Les matins sont surtout plus frais avec des valeurs qui d\u00e9passent rarement les 20\u00baC. Pendant la journ\u00e9e, la moyenne est sans probl\u00e8me de 25\u00baC.<\/p>\n<figure id=\"attachment_9306\" aria-describedby=\"caption-attachment-9306\" style=\"width: 624px\" class=\"wp-caption alignnone\"><a href=\"https:\/\/www.malagacar.com\/sp\/blog\/wp-content\/uploads\/2021\/08\/malaga-playa-otono.jpg\" data-wpel-link=\"internal\"><img loading=\"lazy\" decoding=\"async\" class=\"wp-image-9306\" src=\"https:\/\/www.malagacar.com\/sp\/blog\/wp-content\/uploads\/2021\/08\/malaga-playa-otono-1024x709.jpg\" alt=\"mejor \u00e9poca viajar a M\u00e1laga\" width=\"624\" height=\"432\" \/><\/a><figcaption id=\"caption-attachment-9306\" class=\"wp-caption-text\">Les jours dor\u00e9s d&rsquo;octobre sur la plage de Malaga<\/figcaption><\/figure>\n<p>Le mois de novembre apporte traditionnellement plus d&rsquo;instabilit\u00e9, de vent et les premi\u00e8res pluies tant attendues. Cependant, nous continuons \u00e0 b\u00e9n\u00e9ficier d&rsquo;excellentes temp\u00e9ratures avoisinant les 20\u00baC.<\/p>\n<h3><span class=\"ez-toc-section\" id=\"Quels_vetements_emporter_a_Malaga_en_automne\"><\/span>Quels v\u00eatements emporter \u00e0 Malaga en automne ?<span class=\"ez-toc-section-end\"><\/span><\/h3>\n<p>Comme vous l&rsquo;avez vu dans notre description du temps, \u00ab\u00a0automne\u00a0\u00bb est une expression tr\u00e8s relative \u00e0 Malaga. En principe, en septembre, vous pouvez emporter toutes vos affaires d&rsquo;\u00e9t\u00e9. Vous en aurez besoin ! Si vous voulez d\u00eener le soir ou vous promener au bord de la mer, emportez une veste l\u00e9g\u00e8re, car l&rsquo;eau vous rafra\u00eechit.<\/p>\n<p>M\u00eame si nous sommes en octobre, n&rsquo;oubliez pas vos sandales, votre maillot de bain, l&rsquo;eau est encore tr\u00e8s bonne. La nuit, il faut s&#8217;emmitoufler un peu plus, une veste l\u00e9g\u00e8re et un pull l\u00e9ger suffisent amplement. Chemises \u00e0 manches longues et \u00e0 manches courtes.<\/p>\n<p>En novembre, prenez un imperm\u00e9able, des chaussures l\u00e9g\u00e8res mais ferm\u00e9es, un pull, un pantalon long. Chemises \u00e0 manches longues et \u00e0 manches courtes.<\/p>\n<h2><span class=\"ez-toc-section\" id=\"Meteo_en_hiver_a_Malaga\"><\/span>M\u00e9t\u00e9o en hiver \u00e0 Malaga<span class=\"ez-toc-section-end\"><\/span><\/h2>\n<p>Si vous voulez \u00e9chapper au froid, <a href=\"https:\/\/www.malagacar.com\/blog\/travel-tips\/winter-in-malaga\/\" data-wpel-link=\"internal\"><strong>venez \u00e0 Malaga en hiver<\/strong><\/a>, vous ne le regretterez pas. L&rsquo;hiver est pratiquement inexistant ici.<\/p>\n<figure id=\"attachment_8581\" aria-describedby=\"caption-attachment-8581\" style=\"width: 960px\" class=\"wp-caption alignnone\"><img loading=\"lazy\" decoding=\"async\" class=\"wp-image-8581 size-full\" src=\"https:\/\/www.malagacar.com\/sp\/blog\/wp-content\/uploads\/2021\/02\/Almendros-en-flor-Montes-de-Malaga-by-Rafael-Garcia-Relano.jpg\" alt=\"mejor \u00e9poca para viajar a M\u00e1laga\" width=\"960\" height=\"640\" \/><figcaption id=\"caption-attachment-8581\" class=\"wp-caption-text\">Amandiers en fleurs en f\u00e9vrier dans la campagne de Malaga. Photo Rafael Garc\u00eda Rela\u00f1o<\/figcaption><\/figure>\n<p>En d\u00e9cembre surtout, le temps est normalement excellent, avec des journ\u00e9es ensoleill\u00e9es proches de 20\u00baC et peu de pluie.<\/p>\n<p>En janvier et f\u00e9vrier, les temp\u00e9ratures baissent un peu et nous pouvons avoir des matins frais entre 4\u00baC et 8\u00baC et des temp\u00e9ratures diurnes entre 12\u00baC et 16\u00baC. Ce sont g\u00e9n\u00e9ralement les mois les plus pluvieux de l&rsquo;ann\u00e9e.<\/p>\n<figure id=\"attachment_12381\" aria-describedby=\"caption-attachment-12381\" style=\"width: 425px\" class=\"wp-caption alignnone\"><img loading=\"lazy\" decoding=\"async\" class=\"size-full wp-image-12381\" src=\"https:\/\/www.malagacar.com\/sp\/blog\/wp-content\/uploads\/2022\/09\/malaga-winter.jpg\" alt=\"M\u00e1laga invierno\" width=\"425\" height=\"640\" \/><figcaption id=\"caption-attachment-12381\" class=\"wp-caption-text\">Affiche de l&rsquo;office du tourisme<\/figcaption><\/figure>\n<h3><span class=\"ez-toc-section\" id=\"Quels_vetements_emporter_a_Malaga_en_hiver\"><\/span>Quels v\u00eatements emporter \u00e0 Malaga en hiver ?<span class=\"ez-toc-section-end\"><\/span><\/h3>\n<p>Votre manteau d&rsquo;hiver vous sera utile la nuit. L&rsquo;humidit\u00e9 \u00e9lev\u00e9e combin\u00e9e au vent fait que la sensation subjective de froid est plus forte, bien qu&rsquo;il ne fasse pas vraiment froid en tant que tel.<\/p>\n<p>Vous pouvez laisser vos bottes d&rsquo;hiver \u00e0 la maison, vous n&rsquo;en aurez pas besoin, une bonne chaussure ferm\u00e9e suffit amplement. Pull, \u00e9charpe ou bandana contre le vent pour les plus sensibles. Pantalons longs, chemises \u00e0 manches longues et \u00e0 manches courtes.<\/p>\n<h2><span class=\"ez-toc-section\" id=\"Conseils_et_questions\"><\/span>Conseils et questions<span class=\"ez-toc-section-end\"><\/span><\/h2>\n<h3><span class=\"ez-toc-section\" id=\"Voyagez_leger\"><\/span>Voyagez l\u00e9ger !<span class=\"ez-toc-section-end\"><\/span><\/h3>\n<p><img loading=\"lazy\" decoding=\"async\" class=\"wp-image-13389\" src=\"https:\/\/www.malagacar.com\/sp\/blog\/wp-content\/uploads\/2023\/03\/overweight.jpg\" alt=\"viajar a m\u00e1laga\" width=\"602\" height=\"903\" \/><\/p>\n<p>Nous avons tendance \u00e0 emporter plus de choses que ce dont nous avons r\u00e9ellement besoin.<\/p>\n<p>Nous avons tendance \u00e0 emporter plus de choses que ce dont nous avons r\u00e9ellement besoin. Et encore plus si nous nous rendons dans une destination chaude comme Malaga.<\/p>\n<p>Une id\u00e9e pourrait \u00eatre de faire votre valise comme si votre voyage durait une semaine, m\u00eame s&rsquo;il est plus long. Cela ne veut pas dire que l&rsquo;on ne voyage qu&rsquo;avec deux v\u00eatements de rechange. Mais choisissez des v\u00eatements qui peuvent \u00eatre combin\u00e9s de diff\u00e9rentes mani\u00e8res les uns avec les autres<\/p>\n<p>Il est \u00e9galement conseill\u00e9 de laisser un espace vide dans la valise, au cas o\u00f9 vous ach\u00e8teriez un cadeau ou un v\u00eatement.<\/p>\n<h3><span class=\"ez-toc-section\" id=\"Faites_du_shopping_a_Malaga\"><\/span>Faites du shopping \u00e0 Malaga !<span class=\"ez-toc-section-end\"><\/span><\/h3>\n<p>Malaga est l&rsquo;un des \u00e9picentres de l&rsquo;industrie de la mode, des accessoires et des chaussures. Ce n&rsquo;est peut-\u00eatre pas une mauvaise id\u00e9e de venir avec une valise \u00e0 moiti\u00e9 vide et de profiter de vos vacances pour acheter quelque chose de nouveau (qui vous rappellera toujours Malaga !).<\/p>\n<p>Si vous savez o\u00f9 aller, il y a de nombreux <a href=\"https:\/\/www.malagacar.com\/fr\/blog\/loisirs\/centres-commerciaux-a-malaga\/\" data-wpel-link=\"internal\"><strong>centres commerciaux \u00e0 Malaga<\/strong><\/a> ou des magasins d&rsquo;usine qui vendent une bonne vari\u00e9t\u00e9 d&rsquo;articles et de v\u00eatements.<\/p>\n<h3><span class=\"ez-toc-section\" id=\"Y_a-t-il_un_code_vestimentaire_a_Malaga\"><\/span>Y a-t-il un code vestimentaire \u00e0 Malaga ?<span class=\"ez-toc-section-end\"><\/span><\/h3>\n<p>Oui et non. En g\u00e9n\u00e9ral, on peut dire que dans les capitales andalouses, les gens s&rsquo;habillent pour sortir et sont g\u00e9n\u00e9ralement \u00e0 la mode.<\/p>\n<p>Cependant, le fait d&rsquo;\u00eatre une ville baign\u00e9e par la mer M\u00e9diterran\u00e9e lui conf\u00e8re un caract\u00e8re beaucoup plus d\u00e9tendu et insouciant, c&rsquo;est pourquoi il n&rsquo;y a pas de code vestimentaire \u00e0 proprement parler.<\/p>\n<h3><span class=\"ez-toc-section\" id=\"Se_rendre_en_ville_en_maillot_de_bain_ou_torse_nu\"><\/span>Se rendre en ville en maillot de bain ou torse nu<span class=\"ez-toc-section-end\"><\/span><\/h3>\n<figure id=\"attachment_13390\" aria-describedby=\"caption-attachment-13390\" style=\"width: 770px\" class=\"wp-caption alignnone\"><img loading=\"lazy\" decoding=\"async\" class=\"wp-image-13390 size-full\" src=\"https:\/\/www.malagacar.com\/sp\/blog\/wp-content\/uploads\/2023\/03\/descamisados.jpg\" alt=\"descamisados\" width=\"770\" height=\"433\" \/><figcaption id=\"caption-attachment-13390\" class=\"wp-caption-text\">\u00c0 Marbella, il n&rsquo;est plus possible de se promener torse nu dans le centre ville<\/figcaption><\/figure>\n<p>Cette d\u00e9contraction g\u00e9n\u00e9rale s&rsquo;est \u00e9galement r\u00e9pandue de mani\u00e8re plus excessive chez les touristes \u00e9trangers qui se sont retrouv\u00e9s en maillot de bain de la plage voisine au centre&#8230; et les personnes dites \u00ab\u00a0torse nu\u00a0\u00bb ont \u00e9galement prolif\u00e9r\u00e9.<\/p>\n<p>Cette \u00e9poque est r\u00e9volue. <strong><em>Il est interdit de se rendre au centre-ville en bikini, en maillot de bain ou torse nu<\/em><\/strong>. \u00c0 Marbella, le fait de se promener sans chemise est sanctionn\u00e9 d&rsquo;une amende pouvant aller jusqu&rsquo;\u00e0 150 euros. \u00c0 Malaga, les bars et les restaurants ne servent pas de boissons ou de nourriture aux personnes torse nu pendant la <a href=\"https:\/\/www.malagacar.com\/fr\/blog\/loisirs\/foire-de-fuengirola\/\" data-wpel-link=\"internal\"><strong>foire de Malaga<\/strong><\/a>.<\/p>\n<h3><span class=\"ez-toc-section\" id=\"Enterrements_de_vie_de_garcon\"><\/span>Enterrements de vie de gar\u00e7on<span class=\"ez-toc-section-end\"><\/span><\/h3>\n<p>Malaga a impos\u00e9 des restrictions aux enterrements de vie de gar\u00e7on : Ne pas se promener dans la rue sans v\u00eatements ou seulement en sous-v\u00eatements, ni avec des poup\u00e9es ou avec des \u00ab\u00a0\u00e9l\u00e9ments de nature sexuelle ou des accessoires repr\u00e9sentant des organes g\u00e9nitaux\u00a0\u00bb. Les amendes peuvent atteindre 750 euros.<\/p>\n<h3><span class=\"ez-toc-section\" id=\"Y_a-t-il_un_code_vestimentaire_pour_la_cathedrale_de_Malaga\"><\/span>Y a-t-il un code vestimentaire pour la cath\u00e9drale de Malaga ?<span class=\"ez-toc-section-end\"><\/span><\/h3>\n<p>Oui. Les hommes doivent porter des pantalons longs, pas de shorts. Les jupes et les robes des femmes ne doivent pas \u00eatre plus courtes que le genou et les \u00e9paules doivent \u00eatre couvertes. Lorsqu&rsquo;il fait tr\u00e8s chaud, un ch\u00e2le peut \u00eatre jet\u00e9 autour des \u00e9paules.<\/p>\n<h2><span class=\"ez-toc-section\" id=\"Sondage_quelle_est_votre_saison_preferee_sur_la_Costa_del_Sol\"><\/span>Sondage : quelle est votre saison pr\u00e9f\u00e9r\u00e9e sur la Costa del Sol ?<span class=\"ez-toc-section-end\"><\/span><\/h2>\n<p>Qu&rsquo;est-ce qui vous pla\u00eet le plus ? Nous aimerions bien le savoir ! Vous pouvez ajouter votre propre r\u00e9ponse dans notre sondage interactif !<\/p>\n<p>[democracy id=\u00a0\u00bb8&Prime;]<\/p>\n\t\t\t\t\n\t\t\t\t<div id=\"search-form2\" class=\"big-quote index-mobile\">\n\t\t\t\t<form id=\"frmSearch\" name=\"frmSearch\" action=\"\/fr\/location-de-voitures\/quote.php\" method=\"post\" name=\"quote\" class=\"container-fluid\">\n\t\t\t\t\t\t\t\t\t<div class=\"row\">\n\t\t\t\t\t\t<div class=\"col-sm-6\">\n\n\t\t\t\t\t\t\t<div class=\"form-group\">\n\t\t\t\t\t\t\t\t<label for=\"entrega\"><h4>Collecte<\/h4><\/label>\n\t\t\t\t\t\t\t\t<select name=\"entrega\" id=\"entrega\" class=\"custom-select\">\n\t\t\t\t\t\t\t\t\t<option value=\"airport\"  selected>Malaga A\u00e9roport<\/option>\n\t\t\t\t\t\t\t\t\t\t\t\t\t\t\t\t<\/select>\n\t\t\t\t\t\t\t\t<div class=\"form-inline my-2\">\n\t\t\t\t\t\t\t\t\t<input id=\"pDate\" class=\"form-control\" value=\"07\/09\/2026\" name=\"pDate\" readonly onchange=\"return uppdate()\">\n\t\t\t\t\t\t\t\t\t<select class=\"custom-select\" id=\"phorasminutos\" name=\"phorasminutos\" oninvalid=\"setCustomValidity('Faites-nous conna\u00eetre votre heure d\u00b4arriv\u00e9e')\" onchange=\"setCustomValidity('');\">\n\t\t\t\t\t\t\t\t\t\t<option value=\"-\" selected>--:--<\/option>\n\t\t\t\t\t\t\t\t\t\t\t\t\t\t\t\t\t\t\t\t<option value=\"00:00\">\n\t\t\t\t\t\t\t\t\t\t\t00:00<\/option>\n\t\t\t\t\t\t\t\t\t\t<option value=\"00:15\">\n\t\t\t\t\t\t\t\t\t\t\t00:15<\/option>\n\t\t\t\t\t\t\t\t\t\t<option value=\"00:30\">\n\t\t\t\t\t\t\t\t\t\t\t00:30<\/option>\n\t\t\t\t\t\t\t\t\t\t<option value=\"00:45\">\n\t\t\t\t\t\t\t\t\t\t\t00:45<\/option>\n\t\t\t\t\t\t\t\t\t\t\t\t\t\t\t\t\t\t\t\t<option value=\"01:00\">\n\t\t\t\t\t\t\t\t\t\t\t01:00<\/option>\n\t\t\t\t\t\t\t\t\t\t<option value=\"01:15\">\n\t\t\t\t\t\t\t\t\t\t\t01:15<\/option>\n\t\t\t\t\t\t\t\t\t\t<option value=\"01:30\">\n\t\t\t\t\t\t\t\t\t\t\t01:30<\/option>\n\t\t\t\t\t\t\t\t\t\t<option value=\"01:45\">\n\t\t\t\t\t\t\t\t\t\t\t01:45<\/option>\n\t\t\t\t\t\t\t\t\t\t\t\t\t\t\t\t\t\t\t\t<option value=\"02:00\">\n\t\t\t\t\t\t\t\t\t\t\t02:00<\/option>\n\t\t\t\t\t\t\t\t\t\t<option value=\"02:15\">\n\t\t\t\t\t\t\t\t\t\t\t02:15<\/option>\n\t\t\t\t\t\t\t\t\t\t<option value=\"02:30\">\n\t\t\t\t\t\t\t\t\t\t\t02:30<\/option>\n\t\t\t\t\t\t\t\t\t\t<option value=\"02:45\">\n\t\t\t\t\t\t\t\t\t\t\t02:45<\/option>\n\t\t\t\t\t\t\t\t\t\t\t\t\t\t\t\t\t\t\t\t<option value=\"03:00\">\n\t\t\t\t\t\t\t\t\t\t\t03:00<\/option>\n\t\t\t\t\t\t\t\t\t\t<option value=\"03:15\">\n\t\t\t\t\t\t\t\t\t\t\t03:15<\/option>\n\t\t\t\t\t\t\t\t\t\t<option value=\"03:30\">\n\t\t\t\t\t\t\t\t\t\t\t03:30<\/option>\n\t\t\t\t\t\t\t\t\t\t<option value=\"03:45\">\n\t\t\t\t\t\t\t\t\t\t\t03:45<\/option>\n\t\t\t\t\t\t\t\t\t\t\t\t\t\t\t\t\t\t\t\t<option value=\"04:00\">\n\t\t\t\t\t\t\t\t\t\t\t04:00<\/option>\n\t\t\t\t\t\t\t\t\t\t<option value=\"04:15\">\n\t\t\t\t\t\t\t\t\t\t\t04:15<\/option>\n\t\t\t\t\t\t\t\t\t\t<option value=\"04:30\">\n\t\t\t\t\t\t\t\t\t\t\t04:30<\/option>\n\t\t\t\t\t\t\t\t\t\t<option value=\"04:45\">\n\t\t\t\t\t\t\t\t\t\t\t04:45<\/option>\n\t\t\t\t\t\t\t\t\t\t\t\t\t\t\t\t\t\t\t\t<option value=\"05:00\">\n\t\t\t\t\t\t\t\t\t\t\t05:00<\/option>\n\t\t\t\t\t\t\t\t\t\t<option value=\"05:15\">\n\t\t\t\t\t\t\t\t\t\t\t05:15<\/option>\n\t\t\t\t\t\t\t\t\t\t<option value=\"05:30\">\n\t\t\t\t\t\t\t\t\t\t\t05:30<\/option>\n\t\t\t\t\t\t\t\t\t\t<option value=\"05:45\">\n\t\t\t\t\t\t\t\t\t\t\t05:45<\/option>\n\t\t\t\t\t\t\t\t\t\t\t\t\t\t\t\t\t\t\t\t<option value=\"06:00\">\n\t\t\t\t\t\t\t\t\t\t\t06:00<\/option>\n\t\t\t\t\t\t\t\t\t\t<option value=\"06:15\">\n\t\t\t\t\t\t\t\t\t\t\t06:15<\/option>\n\t\t\t\t\t\t\t\t\t\t<option value=\"06:30\">\n\t\t\t\t\t\t\t\t\t\t\t06:30<\/option>\n\t\t\t\t\t\t\t\t\t\t<option value=\"06:45\">\n\t\t\t\t\t\t\t\t\t\t\t06:45<\/option>\n\t\t\t\t\t\t\t\t\t\t\t\t\t\t\t\t\t\t\t\t<option value=\"07:00\">\n\t\t\t\t\t\t\t\t\t\t\t07:00<\/option>\n\t\t\t\t\t\t\t\t\t\t<option value=\"07:15\">\n\t\t\t\t\t\t\t\t\t\t\t07:15<\/option>\n\t\t\t\t\t\t\t\t\t\t<option value=\"07:30\">\n\t\t\t\t\t\t\t\t\t\t\t07:30<\/option>\n\t\t\t\t\t\t\t\t\t\t<option value=\"07:45\">\n\t\t\t\t\t\t\t\t\t\t\t07:45<\/option>\n\t\t\t\t\t\t\t\t\t\t\t\t\t\t\t\t\t\t\t\t<option value=\"08:00\">\n\t\t\t\t\t\t\t\t\t\t\t08:00<\/option>\n\t\t\t\t\t\t\t\t\t\t<option value=\"08:15\">\n\t\t\t\t\t\t\t\t\t\t\t08:15<\/option>\n\t\t\t\t\t\t\t\t\t\t<option value=\"08:30\">\n\t\t\t\t\t\t\t\t\t\t\t08:30<\/option>\n\t\t\t\t\t\t\t\t\t\t<option value=\"08:45\">\n\t\t\t\t\t\t\t\t\t\t\t08:45<\/option>\n\t\t\t\t\t\t\t\t\t\t\t\t\t\t\t\t\t\t\t\t<option value=\"09:00\">\n\t\t\t\t\t\t\t\t\t\t\t09:00<\/option>\n\t\t\t\t\t\t\t\t\t\t<option value=\"09:15\">\n\t\t\t\t\t\t\t\t\t\t\t09:15<\/option>\n\t\t\t\t\t\t\t\t\t\t<option value=\"09:30\">\n\t\t\t\t\t\t\t\t\t\t\t09:30<\/option>\n\t\t\t\t\t\t\t\t\t\t<option value=\"09:45\">\n\t\t\t\t\t\t\t\t\t\t\t09:45<\/option>\n\t\t\t\t\t\t\t\t\t\t\t\t\t\t\t\t\t\t\t\t<option value=\"10:00\">\n\t\t\t\t\t\t\t\t\t\t\t10:00<\/option>\n\t\t\t\t\t\t\t\t\t\t<option value=\"10:15\">\n\t\t\t\t\t\t\t\t\t\t\t10:15<\/option>\n\t\t\t\t\t\t\t\t\t\t<option value=\"10:30\">\n\t\t\t\t\t\t\t\t\t\t\t10:30<\/option>\n\t\t\t\t\t\t\t\t\t\t<option value=\"10:45\">\n\t\t\t\t\t\t\t\t\t\t\t10:45<\/option>\n\t\t\t\t\t\t\t\t\t\t\t\t\t\t\t\t\t\t\t\t<option value=\"11:00\">\n\t\t\t\t\t\t\t\t\t\t\t11:00<\/option>\n\t\t\t\t\t\t\t\t\t\t<option value=\"11:15\">\n\t\t\t\t\t\t\t\t\t\t\t11:15<\/option>\n\t\t\t\t\t\t\t\t\t\t<option value=\"11:30\">\n\t\t\t\t\t\t\t\t\t\t\t11:30<\/option>\n\t\t\t\t\t\t\t\t\t\t<option value=\"11:45\">\n\t\t\t\t\t\t\t\t\t\t\t11:45<\/option>\n\t\t\t\t\t\t\t\t\t\t\t\t\t\t\t\t\t\t\t\t<option value=\"12:00\">\n\t\t\t\t\t\t\t\t\t\t\t12:00<\/option>\n\t\t\t\t\t\t\t\t\t\t<option value=\"12:15\">\n\t\t\t\t\t\t\t\t\t\t\t12:15<\/option>\n\t\t\t\t\t\t\t\t\t\t<option value=\"12:30\">\n\t\t\t\t\t\t\t\t\t\t\t12:30<\/option>\n\t\t\t\t\t\t\t\t\t\t<option value=\"12:45\">\n\t\t\t\t\t\t\t\t\t\t\t12:45<\/option>\n\t\t\t\t\t\t\t\t\t\t\t\t\t\t\t\t\t\t\t\t<option value=\"13:00\">\n\t\t\t\t\t\t\t\t\t\t\t13:00<\/option>\n\t\t\t\t\t\t\t\t\t\t<option value=\"13:15\">\n\t\t\t\t\t\t\t\t\t\t\t13:15<\/option>\n\t\t\t\t\t\t\t\t\t\t<option value=\"13:30\">\n\t\t\t\t\t\t\t\t\t\t\t13:30<\/option>\n\t\t\t\t\t\t\t\t\t\t<option value=\"13:45\">\n\t\t\t\t\t\t\t\t\t\t\t13:45<\/option>\n\t\t\t\t\t\t\t\t\t\t\t\t\t\t\t\t\t\t\t\t<option value=\"14:00\">\n\t\t\t\t\t\t\t\t\t\t\t14:00<\/option>\n\t\t\t\t\t\t\t\t\t\t<option value=\"14:15\">\n\t\t\t\t\t\t\t\t\t\t\t14:15<\/option>\n\t\t\t\t\t\t\t\t\t\t<option value=\"14:30\">\n\t\t\t\t\t\t\t\t\t\t\t14:30<\/option>\n\t\t\t\t\t\t\t\t\t\t<option value=\"14:45\">\n\t\t\t\t\t\t\t\t\t\t\t14:45<\/option>\n\t\t\t\t\t\t\t\t\t\t\t\t\t\t\t\t\t\t\t\t<option value=\"15:00\">\n\t\t\t\t\t\t\t\t\t\t\t15:00<\/option>\n\t\t\t\t\t\t\t\t\t\t<option value=\"15:15\">\n\t\t\t\t\t\t\t\t\t\t\t15:15<\/option>\n\t\t\t\t\t\t\t\t\t\t<option value=\"15:30\">\n\t\t\t\t\t\t\t\t\t\t\t15:30<\/option>\n\t\t\t\t\t\t\t\t\t\t<option value=\"15:45\">\n\t\t\t\t\t\t\t\t\t\t\t15:45<\/option>\n\t\t\t\t\t\t\t\t\t\t\t\t\t\t\t\t\t\t\t\t<option value=\"16:00\">\n\t\t\t\t\t\t\t\t\t\t\t16:00<\/option>\n\t\t\t\t\t\t\t\t\t\t<option value=\"16:15\">\n\t\t\t\t\t\t\t\t\t\t\t16:15<\/option>\n\t\t\t\t\t\t\t\t\t\t<option value=\"16:30\">\n\t\t\t\t\t\t\t\t\t\t\t16:30<\/option>\n\t\t\t\t\t\t\t\t\t\t<option value=\"16:45\">\n\t\t\t\t\t\t\t\t\t\t\t16:45<\/option>\n\t\t\t\t\t\t\t\t\t\t\t\t\t\t\t\t\t\t\t\t<option value=\"17:00\">\n\t\t\t\t\t\t\t\t\t\t\t17:00<\/option>\n\t\t\t\t\t\t\t\t\t\t<option value=\"17:15\">\n\t\t\t\t\t\t\t\t\t\t\t17:15<\/option>\n\t\t\t\t\t\t\t\t\t\t<option value=\"17:30\">\n\t\t\t\t\t\t\t\t\t\t\t17:30<\/option>\n\t\t\t\t\t\t\t\t\t\t<option value=\"17:45\">\n\t\t\t\t\t\t\t\t\t\t\t17:45<\/option>\n\t\t\t\t\t\t\t\t\t\t\t\t\t\t\t\t\t\t\t\t<option value=\"18:00\">\n\t\t\t\t\t\t\t\t\t\t\t18:00<\/option>\n\t\t\t\t\t\t\t\t\t\t<option value=\"18:15\">\n\t\t\t\t\t\t\t\t\t\t\t18:15<\/option>\n\t\t\t\t\t\t\t\t\t\t<option value=\"18:30\">\n\t\t\t\t\t\t\t\t\t\t\t18:30<\/option>\n\t\t\t\t\t\t\t\t\t\t<option value=\"18:45\">\n\t\t\t\t\t\t\t\t\t\t\t18:45<\/option>\n\t\t\t\t\t\t\t\t\t\t\t\t\t\t\t\t\t\t\t\t<option value=\"19:00\">\n\t\t\t\t\t\t\t\t\t\t\t19:00<\/option>\n\t\t\t\t\t\t\t\t\t\t<option value=\"19:15\">\n\t\t\t\t\t\t\t\t\t\t\t19:15<\/option>\n\t\t\t\t\t\t\t\t\t\t<option value=\"19:30\">\n\t\t\t\t\t\t\t\t\t\t\t19:30<\/option>\n\t\t\t\t\t\t\t\t\t\t<option value=\"19:45\">\n\t\t\t\t\t\t\t\t\t\t\t19:45<\/option>\n\t\t\t\t\t\t\t\t\t\t\t\t\t\t\t\t\t\t\t\t<option value=\"20:00\">\n\t\t\t\t\t\t\t\t\t\t\t20:00<\/option>\n\t\t\t\t\t\t\t\t\t\t<option value=\"20:15\">\n\t\t\t\t\t\t\t\t\t\t\t20:15<\/option>\n\t\t\t\t\t\t\t\t\t\t<option value=\"20:30\">\n\t\t\t\t\t\t\t\t\t\t\t20:30<\/option>\n\t\t\t\t\t\t\t\t\t\t<option value=\"20:45\">\n\t\t\t\t\t\t\t\t\t\t\t20:45<\/option>\n\t\t\t\t\t\t\t\t\t\t\t\t\t\t\t\t\t\t\t\t<option value=\"21:00\">\n\t\t\t\t\t\t\t\t\t\t\t21:00<\/option>\n\t\t\t\t\t\t\t\t\t\t<option value=\"21:15\">\n\t\t\t\t\t\t\t\t\t\t\t21:15<\/option>\n\t\t\t\t\t\t\t\t\t\t<option value=\"21:30\">\n\t\t\t\t\t\t\t\t\t\t\t21:30<\/option>\n\t\t\t\t\t\t\t\t\t\t<option value=\"21:45\">\n\t\t\t\t\t\t\t\t\t\t\t21:45<\/option>\n\t\t\t\t\t\t\t\t\t\t\t\t\t\t\t\t\t\t\t\t<option value=\"22:00\">\n\t\t\t\t\t\t\t\t\t\t\t22:00<\/option>\n\t\t\t\t\t\t\t\t\t\t<option value=\"22:15\">\n\t\t\t\t\t\t\t\t\t\t\t22:15<\/option>\n\t\t\t\t\t\t\t\t\t\t<option value=\"22:30\">\n\t\t\t\t\t\t\t\t\t\t\t22:30<\/option>\n\t\t\t\t\t\t\t\t\t\t<option value=\"22:45\">\n\t\t\t\t\t\t\t\t\t\t\t22:45<\/option>\n\t\t\t\t\t\t\t\t\t\t\t\t\t\t\t\t\t\t\t\t<option value=\"23:00\">\n\t\t\t\t\t\t\t\t\t\t\t23:00<\/option>\n\t\t\t\t\t\t\t\t\t\t<option value=\"23:15\">\n\t\t\t\t\t\t\t\t\t\t\t23:15<\/option>\n\t\t\t\t\t\t\t\t\t\t<option value=\"23:30\">\n\t\t\t\t\t\t\t\t\t\t\t23:30<\/option>\n\t\t\t\t\t\t\t\t\t\t<option value=\"23:45\">\n\t\t\t\t\t\t\t\t\t\t\t23:45<\/option>\n\t\t\t\t\t\t\t\t\t\t\t\t\t\t\t\t\t\t\t<\/select>\n\t\t\t\t\t\t\t\t<\/div>\n\t\t\t\t\t\t\t<\/div>\n\t\t\t\t\t\t<\/div>\n\t\t\t\t\t\t<div class=\"col-sm-6\">\n\t\t\t\t\t\t\t<div class=\"form-group\">\n\t\t\t\t\t\t\t\t<div id=\"bookingBox\"><\/div>\n\n\t\t\t\t\t\t\t\t<label for=\"devuelta\"><h4>D\u00e9p\u00f4t<\/h4><\/label>\n\t\t\t\t\t\t\t\t<select name=\"devuelta\" id=\"devuelta\" class=\"custom-select\">\n\t\t\t\t\t\t\t\t\t<option value=\"airport\"  selected>Malaga A\u00e9roport<\/option>\n\t\t\t\t\t\t\t\t\t\t\t\t\t\t\t\t<\/select>\n\n\t\t\t\t\t\t\t\t<div class=\"form-inline my-2\">\n\t\t\t\t\t\t\t\t\t<input id=\"dDate\" class=\"form-control\" value=\"14\/09\/2026\" name=\"dDate\" readonly>\n\t\t\t\t\t\t\t\t\t<select class=\"custom-select\" id=\"dhorasminutos\" name=\"dhorasminutos\" oninvalid=\"setCustomValidity('Faites-nous savoir votre heure de retour')\" onchange=\"setCustomValidity('')\">\n\t\t\t\t\t\t\t\t\t\t<option value=\"-\" selected>--:--<\/option>\n\t\t\t\t\t\t\t\t\t\t\t\t\t\t\t\t\t\t\t\t<option value=\"00:00\">\n\t\t\t\t\t\t\t\t\t\t\t00:00<\/option>\n\t\t\t\t\t\t\t\t\t\t<option value=\"00:15\">\n\t\t\t\t\t\t\t\t\t\t\t00:15<\/option>\n\t\t\t\t\t\t\t\t\t\t<option value=\"00:30\">\n\t\t\t\t\t\t\t\t\t\t\t00:30<\/option>\n\t\t\t\t\t\t\t\t\t\t<option value=\"00:45\">\n\t\t\t\t\t\t\t\t\t\t\t00:45<\/option>\n\t\t\t\t\t\t\t\t\t\t\t\t\t\t\t\t\t\t\t\t<option value=\"01:00\">\n\t\t\t\t\t\t\t\t\t\t\t01:00<\/option>\n\t\t\t\t\t\t\t\t\t\t<option value=\"01:15\">\n\t\t\t\t\t\t\t\t\t\t\t01:15<\/option>\n\t\t\t\t\t\t\t\t\t\t<option value=\"01:30\">\n\t\t\t\t\t\t\t\t\t\t\t01:30<\/option>\n\t\t\t\t\t\t\t\t\t\t<option value=\"01:45\">\n\t\t\t\t\t\t\t\t\t\t\t01:45<\/option>\n\t\t\t\t\t\t\t\t\t\t\t\t\t\t\t\t\t\t\t\t<option value=\"02:00\">\n\t\t\t\t\t\t\t\t\t\t\t02:00<\/option>\n\t\t\t\t\t\t\t\t\t\t<option value=\"02:15\">\n\t\t\t\t\t\t\t\t\t\t\t02:15<\/option>\n\t\t\t\t\t\t\t\t\t\t<option value=\"02:30\">\n\t\t\t\t\t\t\t\t\t\t\t02:30<\/option>\n\t\t\t\t\t\t\t\t\t\t<option value=\"02:45\">\n\t\t\t\t\t\t\t\t\t\t\t02:45<\/option>\n\t\t\t\t\t\t\t\t\t\t\t\t\t\t\t\t\t\t\t\t<option value=\"03:00\">\n\t\t\t\t\t\t\t\t\t\t\t03:00<\/option>\n\t\t\t\t\t\t\t\t\t\t<option value=\"03:15\">\n\t\t\t\t\t\t\t\t\t\t\t03:15<\/option>\n\t\t\t\t\t\t\t\t\t\t<option value=\"03:30\">\n\t\t\t\t\t\t\t\t\t\t\t03:30<\/option>\n\t\t\t\t\t\t\t\t\t\t<option value=\"03:45\">\n\t\t\t\t\t\t\t\t\t\t\t03:45<\/option>\n\t\t\t\t\t\t\t\t\t\t\t\t\t\t\t\t\t\t\t\t<option value=\"04:00\">\n\t\t\t\t\t\t\t\t\t\t\t04:00<\/option>\n\t\t\t\t\t\t\t\t\t\t<option value=\"04:15\">\n\t\t\t\t\t\t\t\t\t\t\t04:15<\/option>\n\t\t\t\t\t\t\t\t\t\t<option value=\"04:30\">\n\t\t\t\t\t\t\t\t\t\t\t04:30<\/option>\n\t\t\t\t\t\t\t\t\t\t<option value=\"04:45\">\n\t\t\t\t\t\t\t\t\t\t\t04:45<\/option>\n\t\t\t\t\t\t\t\t\t\t\t\t\t\t\t\t\t\t\t\t<option value=\"05:00\">\n\t\t\t\t\t\t\t\t\t\t\t05:00<\/option>\n\t\t\t\t\t\t\t\t\t\t<option value=\"05:15\">\n\t\t\t\t\t\t\t\t\t\t\t05:15<\/option>\n\t\t\t\t\t\t\t\t\t\t<option value=\"05:30\">\n\t\t\t\t\t\t\t\t\t\t\t05:30<\/option>\n\t\t\t\t\t\t\t\t\t\t<option value=\"05:45\">\n\t\t\t\t\t\t\t\t\t\t\t05:45<\/option>\n\t\t\t\t\t\t\t\t\t\t\t\t\t\t\t\t\t\t\t\t<option value=\"06:00\">\n\t\t\t\t\t\t\t\t\t\t\t06:00<\/option>\n\t\t\t\t\t\t\t\t\t\t<option value=\"06:15\">\n\t\t\t\t\t\t\t\t\t\t\t06:15<\/option>\n\t\t\t\t\t\t\t\t\t\t<option value=\"06:30\">\n\t\t\t\t\t\t\t\t\t\t\t06:30<\/option>\n\t\t\t\t\t\t\t\t\t\t<option value=\"06:45\">\n\t\t\t\t\t\t\t\t\t\t\t06:45<\/option>\n\t\t\t\t\t\t\t\t\t\t\t\t\t\t\t\t\t\t\t\t<option value=\"07:00\">\n\t\t\t\t\t\t\t\t\t\t\t07:00<\/option>\n\t\t\t\t\t\t\t\t\t\t<option value=\"07:15\">\n\t\t\t\t\t\t\t\t\t\t\t07:15<\/option>\n\t\t\t\t\t\t\t\t\t\t<option value=\"07:30\">\n\t\t\t\t\t\t\t\t\t\t\t07:30<\/option>\n\t\t\t\t\t\t\t\t\t\t<option value=\"07:45\">\n\t\t\t\t\t\t\t\t\t\t\t07:45<\/option>\n\t\t\t\t\t\t\t\t\t\t\t\t\t\t\t\t\t\t\t\t<option value=\"08:00\">\n\t\t\t\t\t\t\t\t\t\t\t08:00<\/option>\n\t\t\t\t\t\t\t\t\t\t<option value=\"08:15\">\n\t\t\t\t\t\t\t\t\t\t\t08:15<\/option>\n\t\t\t\t\t\t\t\t\t\t<option value=\"08:30\">\n\t\t\t\t\t\t\t\t\t\t\t08:30<\/option>\n\t\t\t\t\t\t\t\t\t\t<option value=\"08:45\">\n\t\t\t\t\t\t\t\t\t\t\t08:45<\/option>\n\t\t\t\t\t\t\t\t\t\t\t\t\t\t\t\t\t\t\t\t<option value=\"09:00\">\n\t\t\t\t\t\t\t\t\t\t\t09:00<\/option>\n\t\t\t\t\t\t\t\t\t\t<option value=\"09:15\">\n\t\t\t\t\t\t\t\t\t\t\t09:15<\/option>\n\t\t\t\t\t\t\t\t\t\t<option value=\"09:30\">\n\t\t\t\t\t\t\t\t\t\t\t09:30<\/option>\n\t\t\t\t\t\t\t\t\t\t<option value=\"09:45\">\n\t\t\t\t\t\t\t\t\t\t\t09:45<\/option>\n\t\t\t\t\t\t\t\t\t\t\t\t\t\t\t\t\t\t\t\t<option value=\"10:00\">\n\t\t\t\t\t\t\t\t\t\t\t10:00<\/option>\n\t\t\t\t\t\t\t\t\t\t<option value=\"10:15\">\n\t\t\t\t\t\t\t\t\t\t\t10:15<\/option>\n\t\t\t\t\t\t\t\t\t\t<option value=\"10:30\">\n\t\t\t\t\t\t\t\t\t\t\t10:30<\/option>\n\t\t\t\t\t\t\t\t\t\t<option value=\"10:45\">\n\t\t\t\t\t\t\t\t\t\t\t10:45<\/option>\n\t\t\t\t\t\t\t\t\t\t\t\t\t\t\t\t\t\t\t\t<option value=\"11:00\">\n\t\t\t\t\t\t\t\t\t\t\t11:00<\/option>\n\t\t\t\t\t\t\t\t\t\t<option value=\"11:15\">\n\t\t\t\t\t\t\t\t\t\t\t11:15<\/option>\n\t\t\t\t\t\t\t\t\t\t<option value=\"11:30\">\n\t\t\t\t\t\t\t\t\t\t\t11:30<\/option>\n\t\t\t\t\t\t\t\t\t\t<option value=\"11:45\">\n\t\t\t\t\t\t\t\t\t\t\t11:45<\/option>\n\t\t\t\t\t\t\t\t\t\t\t\t\t\t\t\t\t\t\t\t<option value=\"12:00\">\n\t\t\t\t\t\t\t\t\t\t\t12:00<\/option>\n\t\t\t\t\t\t\t\t\t\t<option value=\"12:15\">\n\t\t\t\t\t\t\t\t\t\t\t12:15<\/option>\n\t\t\t\t\t\t\t\t\t\t<option value=\"12:30\">\n\t\t\t\t\t\t\t\t\t\t\t12:30<\/option>\n\t\t\t\t\t\t\t\t\t\t<option value=\"12:45\">\n\t\t\t\t\t\t\t\t\t\t\t12:45<\/option>\n\t\t\t\t\t\t\t\t\t\t\t\t\t\t\t\t\t\t\t\t<option value=\"13:00\">\n\t\t\t\t\t\t\t\t\t\t\t13:00<\/option>\n\t\t\t\t\t\t\t\t\t\t<option value=\"13:15\">\n\t\t\t\t\t\t\t\t\t\t\t13:15<\/option>\n\t\t\t\t\t\t\t\t\t\t<option value=\"13:30\">\n\t\t\t\t\t\t\t\t\t\t\t13:30<\/option>\n\t\t\t\t\t\t\t\t\t\t<option value=\"13:45\">\n\t\t\t\t\t\t\t\t\t\t\t13:45<\/option>\n\t\t\t\t\t\t\t\t\t\t\t\t\t\t\t\t\t\t\t\t<option value=\"14:00\">\n\t\t\t\t\t\t\t\t\t\t\t14:00<\/option>\n\t\t\t\t\t\t\t\t\t\t<option value=\"14:15\">\n\t\t\t\t\t\t\t\t\t\t\t14:15<\/option>\n\t\t\t\t\t\t\t\t\t\t<option value=\"14:30\">\n\t\t\t\t\t\t\t\t\t\t\t14:30<\/option>\n\t\t\t\t\t\t\t\t\t\t<option value=\"14:45\">\n\t\t\t\t\t\t\t\t\t\t\t14:45<\/option>\n\t\t\t\t\t\t\t\t\t\t\t\t\t\t\t\t\t\t\t\t<option value=\"15:00\">\n\t\t\t\t\t\t\t\t\t\t\t15:00<\/option>\n\t\t\t\t\t\t\t\t\t\t<option value=\"15:15\">\n\t\t\t\t\t\t\t\t\t\t\t15:15<\/option>\n\t\t\t\t\t\t\t\t\t\t<option value=\"15:30\">\n\t\t\t\t\t\t\t\t\t\t\t15:30<\/option>\n\t\t\t\t\t\t\t\t\t\t<option value=\"15:45\">\n\t\t\t\t\t\t\t\t\t\t\t15:45<\/option>\n\t\t\t\t\t\t\t\t\t\t\t\t\t\t\t\t\t\t\t\t<option value=\"16:00\">\n\t\t\t\t\t\t\t\t\t\t\t16:00<\/option>\n\t\t\t\t\t\t\t\t\t\t<option value=\"16:15\">\n\t\t\t\t\t\t\t\t\t\t\t16:15<\/option>\n\t\t\t\t\t\t\t\t\t\t<option value=\"16:30\">\n\t\t\t\t\t\t\t\t\t\t\t16:30<\/option>\n\t\t\t\t\t\t\t\t\t\t<option value=\"16:45\">\n\t\t\t\t\t\t\t\t\t\t\t16:45<\/option>\n\t\t\t\t\t\t\t\t\t\t\t\t\t\t\t\t\t\t\t\t<option value=\"17:00\">\n\t\t\t\t\t\t\t\t\t\t\t17:00<\/option>\n\t\t\t\t\t\t\t\t\t\t<option value=\"17:15\">\n\t\t\t\t\t\t\t\t\t\t\t17:15<\/option>\n\t\t\t\t\t\t\t\t\t\t<option value=\"17:30\">\n\t\t\t\t\t\t\t\t\t\t\t17:30<\/option>\n\t\t\t\t\t\t\t\t\t\t<option value=\"17:45\">\n\t\t\t\t\t\t\t\t\t\t\t17:45<\/option>\n\t\t\t\t\t\t\t\t\t\t\t\t\t\t\t\t\t\t\t\t<option value=\"18:00\">\n\t\t\t\t\t\t\t\t\t\t\t18:00<\/option>\n\t\t\t\t\t\t\t\t\t\t<option value=\"18:15\">\n\t\t\t\t\t\t\t\t\t\t\t18:15<\/option>\n\t\t\t\t\t\t\t\t\t\t<option value=\"18:30\">\n\t\t\t\t\t\t\t\t\t\t\t18:30<\/option>\n\t\t\t\t\t\t\t\t\t\t<option value=\"18:45\">\n\t\t\t\t\t\t\t\t\t\t\t18:45<\/option>\n\t\t\t\t\t\t\t\t\t\t\t\t\t\t\t\t\t\t\t\t<option value=\"19:00\">\n\t\t\t\t\t\t\t\t\t\t\t19:00<\/option>\n\t\t\t\t\t\t\t\t\t\t<option value=\"19:15\">\n\t\t\t\t\t\t\t\t\t\t\t19:15<\/option>\n\t\t\t\t\t\t\t\t\t\t<option value=\"19:30\">\n\t\t\t\t\t\t\t\t\t\t\t19:30<\/option>\n\t\t\t\t\t\t\t\t\t\t<option value=\"19:45\">\n\t\t\t\t\t\t\t\t\t\t\t19:45<\/option>\n\t\t\t\t\t\t\t\t\t\t\t\t\t\t\t\t\t\t\t\t<option value=\"20:00\">\n\t\t\t\t\t\t\t\t\t\t\t20:00<\/option>\n\t\t\t\t\t\t\t\t\t\t<option value=\"20:15\">\n\t\t\t\t\t\t\t\t\t\t\t20:15<\/option>\n\t\t\t\t\t\t\t\t\t\t<option value=\"20:30\">\n\t\t\t\t\t\t\t\t\t\t\t20:30<\/option>\n\t\t\t\t\t\t\t\t\t\t<option value=\"20:45\">\n\t\t\t\t\t\t\t\t\t\t\t20:45<\/option>\n\t\t\t\t\t\t\t\t\t\t\t\t\t\t\t\t\t\t\t\t<option value=\"21:00\">\n\t\t\t\t\t\t\t\t\t\t\t21:00<\/option>\n\t\t\t\t\t\t\t\t\t\t<option value=\"21:15\">\n\t\t\t\t\t\t\t\t\t\t\t21:15<\/option>\n\t\t\t\t\t\t\t\t\t\t<option value=\"21:30\">\n\t\t\t\t\t\t\t\t\t\t\t21:30<\/option>\n\t\t\t\t\t\t\t\t\t\t<option value=\"21:45\">\n\t\t\t\t\t\t\t\t\t\t\t21:45<\/option>\n\t\t\t\t\t\t\t\t\t\t\t\t\t\t\t\t\t\t\t\t<option value=\"22:00\">\n\t\t\t\t\t\t\t\t\t\t\t22:00<\/option>\n\t\t\t\t\t\t\t\t\t\t<option value=\"22:15\">\n\t\t\t\t\t\t\t\t\t\t\t22:15<\/option>\n\t\t\t\t\t\t\t\t\t\t<option value=\"22:30\">\n\t\t\t\t\t\t\t\t\t\t\t22:30<\/option>\n\t\t\t\t\t\t\t\t\t\t<option value=\"22:45\">\n\t\t\t\t\t\t\t\t\t\t\t22:45<\/option>\n\t\t\t\t\t\t\t\t\t\t\t\t\t\t\t\t\t\t\t\t<option value=\"23:00\">\n\t\t\t\t\t\t\t\t\t\t\t23:00<\/option>\n\t\t\t\t\t\t\t\t\t\t<option value=\"23:15\">\n\t\t\t\t\t\t\t\t\t\t\t23:15<\/option>\n\t\t\t\t\t\t\t\t\t\t<option value=\"23:30\">\n\t\t\t\t\t\t\t\t\t\t\t23:30<\/option>\n\t\t\t\t\t\t\t\t\t\t<option value=\"23:45\">\n\t\t\t\t\t\t\t\t\t\t\t23:45<\/option>\n\t\t\t\t\t\t\t\t\t\t\t\t\t\t\t\t\t\t\t<\/select>\n\t\t\t\t\t\t\t\t<\/div>\n\t\t\t\t\t\t\t<\/div>\n\t\t\t\t\t\t<\/div>\n\n\t\t\t\t\t<\/div>\n\t\t\t\t\n\n\t\t\t\t\t\t<div class=\"row\">\n                               <div class=\"col-sm-6\">\n\t\t\t\t\t\t\t\t<div class=\"form-group promo-code\">\n\t\t\t\t\t\t\t\t\t\t\t\t\t\t\t\t\t<label for=\"tipogrupo\" class=\"w-50 text-right pr-3 pt-1\">Group<\/label>\n\t\t\t\t\t\t\t\t\t<select name=\"tipogrupo\" id=\"tipogrupo\" class=\"form-control w-50\">\n\t\t\t\t\t\t\t\t\t<option value=\"0\">Voir tous<\/option>\n\t\t\t                        <option value=\"1\">Standard<\/option> \n\t\t\t\t\t\t\t\t\t<option value=\"2\">Automatique<\/option>  \n\t\t\t\t\t\t\t\t\t<option value=\"4\">Transporteurs<\/option>  \n\t\t\t\t\t\t\t\t\t<option value=\"5\">Cabriolet et Sport<\/option>  \n\t\t\t\t\t\t\t\t\t<option value=\"6\">Prestige<\/option>  \n\t\t\t\t\t\t\t\t\t<option value=\"8\">SUV<\/option>  \n\t\t\t\t\t\t\t\t\t<option value=\"10\">Camping car et Autocaravane<\/option>  \t\t\t\t\t\t\t\n\t\t\t\t\t\t\t\t<\/select>\t\n\t\t\t\t\t\t\t\t\t\n\t\t\t\t\t\t\t<\/div>\n\t\t\t\t\t\t\t<\/div>\n\t\t\t\t\t\t<div class=\"col-sm-6 align-self-end\">\n\t\t\t\t\t\t\t<div class=\"form-group\">\n\t\t\t\t\t\t\t\t<input type=\"submit\" class=\"btn-quote\" value=\"Voir les prix\" onclick=\"return msgAlert()\">\n\t\t\t\t\t\t\t<\/div>\n\t\t\t\t\t\t<\/div>\n\t\t\t\t\t<\/div>\n\t\t\t\t<\/form>\n\t\t\t\t<div class=\"row hide-mini-tablet advantages\">\n\t\t\t\t\t\t<div class=\"col-12\">\n\t\t\t\t\t\t\t<h4 class=\"text-center text-white\">TARIFS IMBATTABLES<\/h4>\n\t\t\t\t\t\t\t<ul>\n\t\t\t\t\t\t\t\t<li><strong>Grande flotte<\/strong> de voitures neuves.<\/li>\n\t\t\t\t\t\t\t\t<li><strong>Payez \u00e0 l'arriv\u00e9e<\/strong>.<\/li>\n\t\t\t\t\t\t\t\t<li>Ce que vous voyez est ce que vous payez.<\/li>\n\t\t\t\t\t\t\t\t<li><strong>Pas difficile \u00e0 vendre au bureau<\/strong>.<\/li>\n\t\t\t\t\t\t\t\t<li>Service de livraison VIP gratuit.<\/li>\n\t\t\t\t\t\t\t\t<li><strong class='redpassion-alt'>PAS DE FRAIS SUPPL\u00c9MENTAIRES<\/strong>, pour le service de ravitaillement.<\/li>\n\t\t\t\t\t\t\t<\/ul>\n\t\t\t\t\t\t<\/div>\n\t\t\t\t\t<\/div>\n\t\t\t\t<\/div>\n\t\t\t<br clear=\"all\">\n\n<p>&nbsp;<\/p>\n","protected":false},"excerpt":{"rendered":"<p>Faire sa valise M\u00e1laga ? Vous \u00eates devant votre valise, \u00e0 vous demander ce qu&rsquo;il faut prendre ou ne pas prendre dans vos bagages ? Nous allons vous faciliter la t\u00e2che.<\/p>\n","protected":false},"author":1,"featured_media":536,"comment_status":"open","ping_status":"open","sticky":false,"template":"","format":"standard","meta":{"footnotes":""},"categories":[43],"tags":[10,4],"class_list":["post-535","post","type-post","status-publish","format-standard","has-post-thumbnail","hentry","category-astuces-de-voyage","tag-costa-del-sol","tag-malaga"],"yoast_head":"<!-- This site is optimized with the Yoast SEO plugin v28.4 - https:\/\/yoast.com\/product\/yoast-seo-wordpress\/ -->\n<title>Faire sa valise pour Malaga - Les indispensables pour les 4 saisons<\/title>\n<meta name=\"description\" content=\"Faire sa valise pour M\u00e1laga ? Vous vous demandez ce que vous devez emporter ? Nous allons vous faciliter la t\u00e2che !.\" \/>\n<meta name=\"robots\" content=\"index, follow, max-snippet:-1, max-image-preview:large, max-video-preview:-1\" \/>\n<link rel=\"canonical\" href=\"https:\/\/www.malagacar.com\/fr\/blog\/astuces-de-voyage\/emporter-malaga-indispensables\/\" \/>\n<meta property=\"og:locale\" content=\"fr_FR\" \/>\n<meta property=\"og:type\" content=\"article\" \/>\n<meta property=\"og:title\" content=\"Faire sa valise pour Malaga - Les indispensables pour les 4 saisons\" \/>\n<meta property=\"og:description\" content=\"Faire sa valise pour M\u00e1laga ? Vous vous demandez ce que vous devez emporter ? Nous allons vous faciliter la t\u00e2che !.\" \/>\n<meta property=\"og:url\" content=\"https:\/\/www.malagacar.com\/fr\/blog\/astuces-de-voyage\/emporter-malaga-indispensables\/\" \/>\n<meta property=\"og:site_name\" content=\"Blog de MalagaCar.com\" \/>\n<meta property=\"article:publisher\" content=\"https:\/\/www.facebook.com\/malagacar\" \/>\n<meta property=\"article:published_time\" content=\"2023-04-14T09:25:18+00:00\" \/>\n<meta property=\"article:modified_time\" content=\"2024-05-21T10:44:13+00:00\" \/>\n<meta property=\"og:image\" content=\"https:\/\/www.malagacar.com\/fr\/blog\/wp-content\/uploads\/2023\/04\/hacer-maleta-malaga-fr.jpg\" \/>\n\t<meta property=\"og:image:width\" content=\"1200\" \/>\n\t<meta property=\"og:image:height\" content=\"1218\" \/>\n\t<meta property=\"og:image:type\" content=\"image\/jpeg\" \/>\n<meta name=\"author\" content=\"MalagaCar.com\" \/>\n<meta name=\"twitter:card\" content=\"summary_large_image\" \/>\n<meta name=\"twitter:creator\" content=\"@malagacarcom\" \/>\n<meta name=\"twitter:site\" content=\"@malagacarcom\" \/>\n<meta name=\"twitter:label1\" content=\"\u00c9crit par\" \/>\n\t<meta name=\"twitter:data1\" content=\"MalagaCar.com\" \/>\n\t<meta name=\"twitter:label2\" content=\"Dur\u00e9e de lecture estim\u00e9e\" \/>\n\t<meta name=\"twitter:data2\" content=\"12 minutes\" \/>\n<script type=\"application\/ld+json\" class=\"yoast-schema-graph\">{\"@context\":\"https:\\\/\\\/schema.org\",\"@graph\":[{\"@type\":\"Article\",\"@id\":\"https:\\\/\\\/www.malagacar.com\\\/fr\\\/blog\\\/astuces-de-voyage\\\/emporter-malaga-indispensables\\\/#article\",\"isPartOf\":{\"@id\":\"https:\\\/\\\/www.malagacar.com\\\/fr\\\/blog\\\/astuces-de-voyage\\\/emporter-malaga-indispensables\\\/\"},\"author\":{\"name\":\"MalagaCar.com\",\"@id\":\"https:\\\/\\\/www.malagacar.com\\\/fr\\\/blog\\\/#\\\/schema\\\/person\\\/ffb97005d02bcc7d0bb59f5409635691\"},\"headline\":\"Faire sa valise pour Malaga &#8211; Les indispensables pour les 4 saisons\",\"datePublished\":\"2023-04-14T09:25:18+00:00\",\"dateModified\":\"2024-05-21T10:44:13+00:00\",\"mainEntityOfPage\":{\"@id\":\"https:\\\/\\\/www.malagacar.com\\\/fr\\\/blog\\\/astuces-de-voyage\\\/emporter-malaga-indispensables\\\/\"},\"wordCount\":1986,\"commentCount\":0,\"publisher\":{\"@id\":\"https:\\\/\\\/www.malagacar.com\\\/fr\\\/blog\\\/#organization\"},\"image\":{\"@id\":\"https:\\\/\\\/www.malagacar.com\\\/fr\\\/blog\\\/astuces-de-voyage\\\/emporter-malaga-indispensables\\\/#primaryimage\"},\"thumbnailUrl\":\"https:\\\/\\\/www.malagacar.com\\\/fr\\\/blog\\\/wp-content\\\/uploads\\\/2023\\\/04\\\/hacer-maleta-malaga-fr.jpg\",\"keywords\":[\"costa del sol\",\"malaga\"],\"articleSection\":[\"Astuces de voyage\"],\"inLanguage\":\"fr-FR\",\"potentialAction\":[{\"@type\":\"CommentAction\",\"name\":\"Comment\",\"target\":[\"https:\\\/\\\/www.malagacar.com\\\/fr\\\/blog\\\/astuces-de-voyage\\\/emporter-malaga-indispensables\\\/#respond\"]}]},{\"@type\":\"WebPage\",\"@id\":\"https:\\\/\\\/www.malagacar.com\\\/fr\\\/blog\\\/astuces-de-voyage\\\/emporter-malaga-indispensables\\\/\",\"url\":\"https:\\\/\\\/www.malagacar.com\\\/fr\\\/blog\\\/astuces-de-voyage\\\/emporter-malaga-indispensables\\\/\",\"name\":\"Faire sa valise pour Malaga - Les indispensables pour les 4 saisons\",\"isPartOf\":{\"@id\":\"https:\\\/\\\/www.malagacar.com\\\/fr\\\/blog\\\/#website\"},\"primaryImageOfPage\":{\"@id\":\"https:\\\/\\\/www.malagacar.com\\\/fr\\\/blog\\\/astuces-de-voyage\\\/emporter-malaga-indispensables\\\/#primaryimage\"},\"image\":{\"@id\":\"https:\\\/\\\/www.malagacar.com\\\/fr\\\/blog\\\/astuces-de-voyage\\\/emporter-malaga-indispensables\\\/#primaryimage\"},\"thumbnailUrl\":\"https:\\\/\\\/www.malagacar.com\\\/fr\\\/blog\\\/wp-content\\\/uploads\\\/2023\\\/04\\\/hacer-maleta-malaga-fr.jpg\",\"datePublished\":\"2023-04-14T09:25:18+00:00\",\"dateModified\":\"2024-05-21T10:44:13+00:00\",\"description\":\"Faire sa valise pour M\u00e1laga ? Vous vous demandez ce que vous devez emporter ? Nous allons vous faciliter la t\u00e2che !.\",\"breadcrumb\":{\"@id\":\"https:\\\/\\\/www.malagacar.com\\\/fr\\\/blog\\\/astuces-de-voyage\\\/emporter-malaga-indispensables\\\/#breadcrumb\"},\"inLanguage\":\"fr-FR\",\"potentialAction\":[{\"@type\":\"ReadAction\",\"target\":[\"https:\\\/\\\/www.malagacar.com\\\/fr\\\/blog\\\/astuces-de-voyage\\\/emporter-malaga-indispensables\\\/\"]}]},{\"@type\":\"ImageObject\",\"inLanguage\":\"fr-FR\",\"@id\":\"https:\\\/\\\/www.malagacar.com\\\/fr\\\/blog\\\/astuces-de-voyage\\\/emporter-malaga-indispensables\\\/#primaryimage\",\"url\":\"https:\\\/\\\/www.malagacar.com\\\/fr\\\/blog\\\/wp-content\\\/uploads\\\/2023\\\/04\\\/hacer-maleta-malaga-fr.jpg\",\"contentUrl\":\"https:\\\/\\\/www.malagacar.com\\\/fr\\\/blog\\\/wp-content\\\/uploads\\\/2023\\\/04\\\/hacer-maleta-malaga-fr.jpg\",\"width\":1200,\"height\":1218,\"caption\":\"faire sa valise M\u00e1laga\"},{\"@type\":\"BreadcrumbList\",\"@id\":\"https:\\\/\\\/www.malagacar.com\\\/fr\\\/blog\\\/astuces-de-voyage\\\/emporter-malaga-indispensables\\\/#breadcrumb\",\"itemListElement\":[{\"@type\":\"ListItem\",\"position\":1,\"name\":\"Accueil\",\"item\":\"https:\\\/\\\/www.malagacar.com\\\/fr\\\/blog\\\/\"},{\"@type\":\"ListItem\",\"position\":2,\"name\":\"Faire sa valise pour Malaga &#8211; Les indispensables pour les 4 saisons\"}]},{\"@type\":\"WebSite\",\"@id\":\"https:\\\/\\\/www.malagacar.com\\\/fr\\\/blog\\\/#website\",\"url\":\"https:\\\/\\\/www.malagacar.com\\\/fr\\\/blog\\\/\",\"name\":\"Blog de MalagaCar.com\",\"description\":\"Nouvelles et informations int\u00e9ressantes sur la location de voitures \u00e0 l&#039;a\u00e9roport de Malaga.\",\"publisher\":{\"@id\":\"https:\\\/\\\/www.malagacar.com\\\/fr\\\/blog\\\/#organization\"},\"potentialAction\":[{\"@type\":\"SearchAction\",\"target\":{\"@type\":\"EntryPoint\",\"urlTemplate\":\"https:\\\/\\\/www.malagacar.com\\\/fr\\\/blog\\\/?s={search_term_string}\"},\"query-input\":{\"@type\":\"PropertyValueSpecification\",\"valueRequired\":true,\"valueName\":\"search_term_string\"}}],\"inLanguage\":\"fr-FR\"},{\"@type\":\"Organization\",\"@id\":\"https:\\\/\\\/www.malagacar.com\\\/fr\\\/blog\\\/#organization\",\"name\":\"MalagaCar.com\",\"url\":\"https:\\\/\\\/www.malagacar.com\\\/fr\\\/blog\\\/\",\"logo\":{\"@type\":\"ImageObject\",\"inLanguage\":\"fr-FR\",\"@id\":\"https:\\\/\\\/www.malagacar.com\\\/fr\\\/blog\\\/#\\\/schema\\\/logo\\\/image\\\/\",\"url\":\"https:\\\/\\\/www.malagacar.com\\\/fr\\\/blog\\\/wp-content\\\/uploads\\\/2021\\\/06\\\/logo-malagacar-social.png\",\"contentUrl\":\"https:\\\/\\\/www.malagacar.com\\\/fr\\\/blog\\\/wp-content\\\/uploads\\\/2021\\\/06\\\/logo-malagacar-social.png\",\"width\":900,\"height\":900,\"caption\":\"MalagaCar.com\"},\"image\":{\"@id\":\"https:\\\/\\\/www.malagacar.com\\\/fr\\\/blog\\\/#\\\/schema\\\/logo\\\/image\\\/\"},\"sameAs\":[\"https:\\\/\\\/www.facebook.com\\\/malagacar\",\"https:\\\/\\\/x.com\\\/malagacarcom\",\"https:\\\/\\\/www.instagram.com\\\/malagacar\\\/\",\"https:\\\/\\\/www.linkedin.com\\\/company\\\/malagacar.com\",\"https:\\\/\\\/www.youtube.com\\\/c\\\/MalagacarAirport\"]},{\"@type\":\"Person\",\"@id\":\"https:\\\/\\\/www.malagacar.com\\\/fr\\\/blog\\\/#\\\/schema\\\/person\\\/ffb97005d02bcc7d0bb59f5409635691\",\"name\":\"MalagaCar.com\",\"image\":{\"@type\":\"ImageObject\",\"inLanguage\":\"fr-FR\",\"@id\":\"https:\\\/\\\/secure.gravatar.com\\\/avatar\\\/296ebc31026e7be05868369e4c596b3239b1582b2fcf8a45de57333e2e82bb82?s=96&d=mm&r=g\",\"url\":\"https:\\\/\\\/secure.gravatar.com\\\/avatar\\\/296ebc31026e7be05868369e4c596b3239b1582b2fcf8a45de57333e2e82bb82?s=96&d=mm&r=g\",\"contentUrl\":\"https:\\\/\\\/secure.gravatar.com\\\/avatar\\\/296ebc31026e7be05868369e4c596b3239b1582b2fcf8a45de57333e2e82bb82?s=96&d=mm&r=g\",\"caption\":\"MalagaCar.com\"},\"sameAs\":[\"https:\\\/\\\/www.malagacar.com\\\/fr\\\/blog\"]}]}<\/script>\n<!-- \/ Yoast SEO plugin. -->","yoast_head_json":{"title":"Faire sa valise pour Malaga - Les indispensables pour les 4 saisons","description":"Faire sa valise pour M\u00e1laga ? Vous vous demandez ce que vous devez emporter ? Nous allons vous faciliter la t\u00e2che !.","robots":{"index":"index","follow":"follow","max-snippet":"max-snippet:-1","max-image-preview":"max-image-preview:large","max-video-preview":"max-video-preview:-1"},"canonical":"https:\/\/www.malagacar.com\/fr\/blog\/astuces-de-voyage\/emporter-malaga-indispensables\/","og_locale":"fr_FR","og_type":"article","og_title":"Faire sa valise pour Malaga - Les indispensables pour les 4 saisons","og_description":"Faire sa valise pour M\u00e1laga ? Vous vous demandez ce que vous devez emporter ? Nous allons vous faciliter la t\u00e2che !.","og_url":"https:\/\/www.malagacar.com\/fr\/blog\/astuces-de-voyage\/emporter-malaga-indispensables\/","og_site_name":"Blog de MalagaCar.com","article_publisher":"https:\/\/www.facebook.com\/malagacar","article_published_time":"2023-04-14T09:25:18+00:00","article_modified_time":"2024-05-21T10:44:13+00:00","og_image":[{"width":1200,"height":1218,"url":"https:\/\/www.malagacar.com\/fr\/blog\/wp-content\/uploads\/2023\/04\/hacer-maleta-malaga-fr.jpg","type":"image\/jpeg"}],"author":"MalagaCar.com","twitter_card":"summary_large_image","twitter_creator":"@malagacarcom","twitter_site":"@malagacarcom","twitter_misc":{"\u00c9crit par":"MalagaCar.com","Dur\u00e9e de lecture estim\u00e9e":"12 minutes"},"schema":{"@context":"https:\/\/schema.org","@graph":[{"@type":"Article","@id":"https:\/\/www.malagacar.com\/fr\/blog\/astuces-de-voyage\/emporter-malaga-indispensables\/#article","isPartOf":{"@id":"https:\/\/www.malagacar.com\/fr\/blog\/astuces-de-voyage\/emporter-malaga-indispensables\/"},"author":{"name":"MalagaCar.com","@id":"https:\/\/www.malagacar.com\/fr\/blog\/#\/schema\/person\/ffb97005d02bcc7d0bb59f5409635691"},"headline":"Faire sa valise pour Malaga &#8211; Les indispensables pour les 4 saisons","datePublished":"2023-04-14T09:25:18+00:00","dateModified":"2024-05-21T10:44:13+00:00","mainEntityOfPage":{"@id":"https:\/\/www.malagacar.com\/fr\/blog\/astuces-de-voyage\/emporter-malaga-indispensables\/"},"wordCount":1986,"commentCount":0,"publisher":{"@id":"https:\/\/www.malagacar.com\/fr\/blog\/#organization"},"image":{"@id":"https:\/\/www.malagacar.com\/fr\/blog\/astuces-de-voyage\/emporter-malaga-indispensables\/#primaryimage"},"thumbnailUrl":"https:\/\/www.malagacar.com\/fr\/blog\/wp-content\/uploads\/2023\/04\/hacer-maleta-malaga-fr.jpg","keywords":["costa del sol","malaga"],"articleSection":["Astuces de voyage"],"inLanguage":"fr-FR","potentialAction":[{"@type":"CommentAction","name":"Comment","target":["https:\/\/www.malagacar.com\/fr\/blog\/astuces-de-voyage\/emporter-malaga-indispensables\/#respond"]}]},{"@type":"WebPage","@id":"https:\/\/www.malagacar.com\/fr\/blog\/astuces-de-voyage\/emporter-malaga-indispensables\/","url":"https:\/\/www.malagacar.com\/fr\/blog\/astuces-de-voyage\/emporter-malaga-indispensables\/","name":"Faire sa valise pour Malaga - Les indispensables pour les 4 saisons","isPartOf":{"@id":"https:\/\/www.malagacar.com\/fr\/blog\/#website"},"primaryImageOfPage":{"@id":"https:\/\/www.malagacar.com\/fr\/blog\/astuces-de-voyage\/emporter-malaga-indispensables\/#primaryimage"},"image":{"@id":"https:\/\/www.malagacar.com\/fr\/blog\/astuces-de-voyage\/emporter-malaga-indispensables\/#primaryimage"},"thumbnailUrl":"https:\/\/www.malagacar.com\/fr\/blog\/wp-content\/uploads\/2023\/04\/hacer-maleta-malaga-fr.jpg","datePublished":"2023-04-14T09:25:18+00:00","dateModified":"2024-05-21T10:44:13+00:00","description":"Faire sa valise pour M\u00e1laga ? Vous vous demandez ce que vous devez emporter ? Nous allons vous faciliter la t\u00e2che !.","breadcrumb":{"@id":"https:\/\/www.malagacar.com\/fr\/blog\/astuces-de-voyage\/emporter-malaga-indispensables\/#breadcrumb"},"inLanguage":"fr-FR","potentialAction":[{"@type":"ReadAction","target":["https:\/\/www.malagacar.com\/fr\/blog\/astuces-de-voyage\/emporter-malaga-indispensables\/"]}]},{"@type":"ImageObject","inLanguage":"fr-FR","@id":"https:\/\/www.malagacar.com\/fr\/blog\/astuces-de-voyage\/emporter-malaga-indispensables\/#primaryimage","url":"https:\/\/www.malagacar.com\/fr\/blog\/wp-content\/uploads\/2023\/04\/hacer-maleta-malaga-fr.jpg","contentUrl":"https:\/\/www.malagacar.com\/fr\/blog\/wp-content\/uploads\/2023\/04\/hacer-maleta-malaga-fr.jpg","width":1200,"height":1218,"caption":"faire sa valise M\u00e1laga"},{"@type":"BreadcrumbList","@id":"https:\/\/www.malagacar.com\/fr\/blog\/astuces-de-voyage\/emporter-malaga-indispensables\/#breadcrumb","itemListElement":[{"@type":"ListItem","position":1,"name":"Accueil","item":"https:\/\/www.malagacar.com\/fr\/blog\/"},{"@type":"ListItem","position":2,"name":"Faire sa valise pour Malaga &#8211; Les indispensables pour les 4 saisons"}]},{"@type":"WebSite","@id":"https:\/\/www.malagacar.com\/fr\/blog\/#website","url":"https:\/\/www.malagacar.com\/fr\/blog\/","name":"Blog de MalagaCar.com","description":"Nouvelles et informations int\u00e9ressantes sur la location de voitures \u00e0 l&#039;a\u00e9roport de Malaga.","publisher":{"@id":"https:\/\/www.malagacar.com\/fr\/blog\/#organization"},"potentialAction":[{"@type":"SearchAction","target":{"@type":"EntryPoint","urlTemplate":"https:\/\/www.malagacar.com\/fr\/blog\/?s={search_term_string}"},"query-input":{"@type":"PropertyValueSpecification","valueRequired":true,"valueName":"search_term_string"}}],"inLanguage":"fr-FR"},{"@type":"Organization","@id":"https:\/\/www.malagacar.com\/fr\/blog\/#organization","name":"MalagaCar.com","url":"https:\/\/www.malagacar.com\/fr\/blog\/","logo":{"@type":"ImageObject","inLanguage":"fr-FR","@id":"https:\/\/www.malagacar.com\/fr\/blog\/#\/schema\/logo\/image\/","url":"https:\/\/www.malagacar.com\/fr\/blog\/wp-content\/uploads\/2021\/06\/logo-malagacar-social.png","contentUrl":"https:\/\/www.malagacar.com\/fr\/blog\/wp-content\/uploads\/2021\/06\/logo-malagacar-social.png","width":900,"height":900,"caption":"MalagaCar.com"},"image":{"@id":"https:\/\/www.malagacar.com\/fr\/blog\/#\/schema\/logo\/image\/"},"sameAs":["https:\/\/www.facebook.com\/malagacar","https:\/\/x.com\/malagacarcom","https:\/\/www.instagram.com\/malagacar\/","https:\/\/www.linkedin.com\/company\/malagacar.com","https:\/\/www.youtube.com\/c\/MalagacarAirport"]},{"@type":"Person","@id":"https:\/\/www.malagacar.com\/fr\/blog\/#\/schema\/person\/ffb97005d02bcc7d0bb59f5409635691","name":"MalagaCar.com","image":{"@type":"ImageObject","inLanguage":"fr-FR","@id":"https:\/\/secure.gravatar.com\/avatar\/296ebc31026e7be05868369e4c596b3239b1582b2fcf8a45de57333e2e82bb82?s=96&d=mm&r=g","url":"https:\/\/secure.gravatar.com\/avatar\/296ebc31026e7be05868369e4c596b3239b1582b2fcf8a45de57333e2e82bb82?s=96&d=mm&r=g","contentUrl":"https:\/\/secure.gravatar.com\/avatar\/296ebc31026e7be05868369e4c596b3239b1582b2fcf8a45de57333e2e82bb82?s=96&d=mm&r=g","caption":"MalagaCar.com"},"sameAs":["https:\/\/www.malagacar.com\/fr\/blog"]}]}},"_links":{"self":[{"href":"https:\/\/www.malagacar.com\/fr\/blog\/wp-json\/wp\/v2\/posts\/535","targetHints":{"allow":["GET"]}}],"collection":[{"href":"https:\/\/www.malagacar.com\/fr\/blog\/wp-json\/wp\/v2\/posts"}],"about":[{"href":"https:\/\/www.malagacar.com\/fr\/blog\/wp-json\/wp\/v2\/types\/post"}],"author":[{"embeddable":true,"href":"https:\/\/www.malagacar.com\/fr\/blog\/wp-json\/wp\/v2\/users\/1"}],"replies":[{"embeddable":true,"href":"https:\/\/www.malagacar.com\/fr\/blog\/wp-json\/wp\/v2\/comments?post=535"}],"version-history":[{"count":5,"href":"https:\/\/www.malagacar.com\/fr\/blog\/wp-json\/wp\/v2\/posts\/535\/revisions"}],"predecessor-version":[{"id":1297,"href":"https:\/\/www.malagacar.com\/fr\/blog\/wp-json\/wp\/v2\/posts\/535\/revisions\/1297"}],"wp:featuredmedia":[{"embeddable":true,"href":"https:\/\/www.malagacar.com\/fr\/blog\/wp-json\/wp\/v2\/media\/536"}],"wp:attachment":[{"href":"https:\/\/www.malagacar.com\/fr\/blog\/wp-json\/wp\/v2\/media?parent=535"}],"wp:term":[{"taxonomy":"category","embeddable":true,"href":"https:\/\/www.malagacar.com\/fr\/blog\/wp-json\/wp\/v2\/categories?post=535"},{"taxonomy":"post_tag","embeddable":true,"href":"https:\/\/www.malagacar.com\/fr\/blog\/wp-json\/wp\/v2\/tags?post=535"}],"curies":[{"name":"wp","href":"https:\/\/api.w.org\/{rel}","templated":true}]}}