{"id":553,"date":"2023-05-03T14:55:53","date_gmt":"2023-05-03T12:55:53","guid":{"rendered":"https:\/\/www.malagacar.com\/fr\/blog\/?p=553"},"modified":"2023-05-03T14:58:40","modified_gmt":"2023-05-03T12:58:40","slug":"itineraires-moto-malaga","status":"publish","type":"post","link":"https:\/\/www.malagacar.com\/fr\/blog\/loisirs\/itineraires-moto-malaga\/","title":{"rendered":"Les meilleurs itin\u00e9raires \u00e0 moto \u00e0 M\u00e1laga et sur la Costa del Sol"},"content":{"rendered":"<p>Il n\u2019y a probablement pas de meilleure fa\u00e7on de ressentir la libert\u00e9 que de profiter des routes \u00e0 moto \u00e0 M\u00e1laga, de d\u00e9couvrir la province ou les villes de la Costa del Sol.<\/p>\n<p>Chez <a href=\"https:\/\/www.malagacar.com\/fr\/\" data-wpel-link=\"internal\"><strong>Malagacar.com<\/strong><\/a>, nous sommes heureux de pouvoir maintenant \u00e9galement offrir la <a href=\"https:\/\/www.malagacar.com\/fr\/blog\/aeroport-de-malaga\/location-moto\/\" data-wpel-link=\"internal\"><strong>location de motos \u00e0 l\u2019a\u00e9roport de M\u00e1laga<\/strong><\/a>, afin que vous puissiez profiter pendant vos vacances d\u2019impressionnantes routes \u00e0 moto \u00e0 M\u00e1laga et dans la province.<\/p>\n<p><!--more--><\/p>\n\n            <div class=\"banner\">\n                <div class=\"row\">\n                    <div class=\"col-sm-4\">\n                        <a href=\"\/fr\/location-de-voitures\/quote.php\" data-wpel-link=\"internal\"><img decoding=\"async\" src=\"\/images\/banner-img.jpg\" alt=\"malagacar.com\"><\/a>\n                    <\/div>\n                    <div class=\"col-sm-8\">\n                      <a href=\"\/fr\/location-de-voitures\/quote.php\" class=\"banner-title\" data-wpel-link=\"internal\">Meilleure location de voitures <div>\u00e0 l'a\u00e9roport de Malaga<\/div><\/a>   \n                        <div class=\"row\">\n                            <div class=\"col-sm-7\">\n                                <ul>\n                                    <li>Pas de frais de ravitaillement<\/li>\n                                    <li>Annulation gratuite<\/li>\n                                    <li>Location sans interm\u00e9diaire<\/li>\n                                    <li>Payez lorsque vous prenez la voiture<\/li>\n                                    <li><\/li>\n                                <\/ul>\n                            <\/div>\n                            <div class=\"col-sm-5\">\n                                <a class=\"btn-banner\" href=\"\/fr\/location-de-voitures\/quote.php\" data-wpel-link=\"internal\">Consultez les prix<\/a>\n                                <img decoding=\"async\" class=\"zonturent\" src=\"\/images\/zontu-banner.png\" alt=\"\">\n                            <\/div>\n                        <\/div>\n                    <\/div>\n                 <\/div>  \n            <\/div>\n            \n<div id=\"ez-toc-container\" class=\"ez-toc-v2_0_87 counter-hierarchy ez-toc-counter ez-toc-light-blue ez-toc-container-direction\">\n<p class=\"ez-toc-title\" style=\"cursor:inherit\">Table des mati\u00e8res<\/p>\n<label for=\"ez-toc-cssicon-toggle-item-6a9a3ef634055\" class=\"ez-toc-cssicon-toggle-label\"><span class=\"\"><span class=\"eztoc-hide\" style=\"display:none;\">Toggle<\/span><span class=\"ez-toc-icon-toggle-span\"><svg style=\"fill: #999;color:#999\" xmlns=\"http:\/\/www.w3.org\/2000\/svg\" class=\"list-377408\" width=\"20px\" height=\"20px\" viewBox=\"0 0 24 24\" fill=\"none\"><path d=\"M6 6H4v2h2V6zm14 0H8v2h12V6zM4 11h2v2H4v-2zm16 0H8v2h12v-2zM4 16h2v2H4v-2zm16 0H8v2h12v-2z\" fill=\"currentColor\"><\/path><\/svg><svg style=\"fill: #999;color:#999\" class=\"arrow-unsorted-368013\" xmlns=\"http:\/\/www.w3.org\/2000\/svg\" width=\"10px\" height=\"10px\" viewBox=\"0 0 24 24\" version=\"1.2\" baseProfile=\"tiny\"><path d=\"M18.2 9.3l-6.2-6.3-6.2 6.3c-.2.2-.3.4-.3.7s.1.5.3.7c.2.2.4.3.7.3h11c.3 0 .5-.1.7-.3.2-.2.3-.5.3-.7s-.1-.5-.3-.7zM5.8 14.7l6.2 6.3 6.2-6.3c.2-.2.3-.5.3-.7s-.1-.5-.3-.7c-.2-.2-.4-.3-.7-.3h-11c-.3 0-.5.1-.7.3-.2.2-.3.5-.3.7s.1.5.3.7z\"\/><\/svg><\/span><\/span><\/label><input type=\"checkbox\"  id=\"ez-toc-cssicon-toggle-item-6a9a3ef634055\"  aria-label=\"Toggle\" \/><nav><ul class='ez-toc-list ez-toc-list-level-1 ' ><li class='ez-toc-page-1 ez-toc-heading-level-2'><a class=\"ez-toc-link ez-toc-heading-1\" href=\"https:\/\/www.malagacar.com\/fr\/blog\/loisirs\/itineraires-moto-malaga\/#Les_meilleures_routes_a_moto_a_Malaga\" data-wpel-link=\"internal\">Les meilleures routes \u00e0 moto \u00e0 M\u00e1laga<\/a><\/li><li class='ez-toc-page-1 ez-toc-heading-level-2'><a class=\"ez-toc-link ez-toc-heading-2\" href=\"https:\/\/www.malagacar.com\/fr\/blog\/loisirs\/itineraires-moto-malaga\/#Itineraires_a_moto_sur_la_Costa_del_Sol\" data-wpel-link=\"internal\">Itin\u00e9raires \u00e0 moto sur la Costa del Sol<\/a><ul class='ez-toc-list-level-3' ><li class='ez-toc-heading-level-3'><a class=\"ez-toc-link ez-toc-heading-3\" href=\"https:\/\/www.malagacar.com\/fr\/blog\/loisirs\/itineraires-moto-malaga\/#Itineraire_a_moto_Nerja_%E2%80%93_Frigiliana_%E2%80%93_Torrox_Costa\" data-wpel-link=\"internal\">Itin\u00e9raire \u00e0 moto Nerja &#8211; Frigiliana &#8211; Torrox Costa<\/a><\/li><li class='ez-toc-page-1 ez-toc-heading-level-3'><a class=\"ez-toc-link ez-toc-heading-4\" href=\"https:\/\/www.malagacar.com\/fr\/blog\/loisirs\/itineraires-moto-malaga\/#Itineraire_a_moto_Fuengirola_%E2%80%93_Cala_de_Mijas\" data-wpel-link=\"internal\">Itin\u00e9raire \u00e0 moto Fuengirola &#8211; Cala de Mijas<\/a><\/li><\/ul><\/li><li class='ez-toc-page-1 ez-toc-heading-level-2'><a class=\"ez-toc-link ez-toc-heading-5\" href=\"https:\/\/www.malagacar.com\/fr\/blog\/loisirs\/itineraires-moto-malaga\/#Itineraire_a_moto_dans_les_Montes_de_Malaga\" data-wpel-link=\"internal\">Itin\u00e9raire \u00e0 moto dans les Montes de M\u00e1laga<\/a><\/li><li class='ez-toc-page-1 ez-toc-heading-level-2'><a class=\"ez-toc-link ez-toc-heading-6\" href=\"https:\/\/www.malagacar.com\/fr\/blog\/loisirs\/itineraires-moto-malaga\/#Itineraire_a_moto_dans_la_Sierra_de_las_Nieves\" data-wpel-link=\"internal\">Itin\u00e9raire \u00e0 moto dans la Sierra de las Nieves<\/a><ul class='ez-toc-list-level-3' ><li class='ez-toc-heading-level-3'><a class=\"ez-toc-link ez-toc-heading-7\" href=\"https:\/\/www.malagacar.com\/fr\/blog\/loisirs\/itineraires-moto-malaga\/#Itineraire_a_moto_Marbella_%E2%80%93_Yunquera\" data-wpel-link=\"internal\">Itin\u00e9raire \u00e0 moto Marbella &#8211; Yunquera<\/a><\/li><\/ul><\/li><li class='ez-toc-page-1 ez-toc-heading-level-2'><a class=\"ez-toc-link ez-toc-heading-8\" href=\"https:\/\/www.malagacar.com\/fr\/blog\/loisirs\/itineraires-moto-malaga\/#Itineraire_a_moto_dans_la_Serrania_de_Ronda\" data-wpel-link=\"internal\">Itin\u00e9raire \u00e0 moto dans la Serran\u00eda de Ronda<\/a><ul class='ez-toc-list-level-3' ><li class='ez-toc-heading-level-3'><a class=\"ez-toc-link ez-toc-heading-9\" href=\"https:\/\/www.malagacar.com\/fr\/blog\/loisirs\/itineraires-moto-malaga\/#Itineraire_a_moto_Marbella_%E2%80%93_Ronda\" data-wpel-link=\"internal\">Itin\u00e9raire \u00e0 moto Marbella &#8211; Ronda<\/a><\/li><li class='ez-toc-page-1 ez-toc-heading-level-3'><a class=\"ez-toc-link ez-toc-heading-10\" href=\"https:\/\/www.malagacar.com\/fr\/blog\/loisirs\/itineraires-moto-malaga\/#Itineraire_a_moto_Marbella_%E2%80%93_Igualeja\" data-wpel-link=\"internal\">Itin\u00e9raire \u00e0 moto Marbella &#8211; Igualeja<\/a><\/li><\/ul><\/li><li class='ez-toc-page-1 ez-toc-heading-level-2'><a class=\"ez-toc-link ez-toc-heading-11\" href=\"https:\/\/www.malagacar.com\/fr\/blog\/loisirs\/itineraires-moto-malaga\/#Itineraire_a_moto_Antequera_%E2%80%93_Malaga\" data-wpel-link=\"internal\">Itin\u00e9raire \u00e0 moto Antequera &#8211; M\u00e1laga<\/a><\/li><li class='ez-toc-page-1 ez-toc-heading-level-2'><a class=\"ez-toc-link ez-toc-heading-12\" href=\"https:\/\/www.malagacar.com\/fr\/blog\/loisirs\/itineraires-moto-malaga\/#Itineraire_a_moto_dans_lAxarquia\" data-wpel-link=\"internal\">Itin\u00e9raire \u00e0 moto dans l&rsquo;Axarqu\u00eda<\/a><\/li><li class='ez-toc-page-1 ez-toc-heading-level-2'><a class=\"ez-toc-link ez-toc-heading-13\" href=\"https:\/\/www.malagacar.com\/fr\/blog\/loisirs\/itineraires-moto-malaga\/#Plus_ditineraires_a_moto_a_Malaga_et_dans_la_province\" data-wpel-link=\"internal\">Plus d&rsquo;itin\u00e9raires \u00e0 moto \u00e0 M\u00e1laga et dans la province<\/a><\/li><\/ul><\/nav><\/div>\n<h2><span class=\"ez-toc-section\" id=\"Les_meilleures_routes_a_moto_a_Malaga\"><\/span>Les meilleures routes \u00e0 moto \u00e0 M\u00e1laga<span class=\"ez-toc-section-end\"><\/span><\/h2>\n<p>Il n&rsquo;est pas n\u00e9cessaire que les routes soient tr\u00e8s longues pour en profiter. C&rsquo;est pourquoi nous incluons \u00e9galement des routes plus courtes pour profiter des villes c\u00f4ti\u00e8res que vous pouvez parfaitement faire sur une <a href=\"https:\/\/www.malagacar.com\/fr\/location-de-voitures\/169\/Yamaha-XMAX-125.html\" data-wpel-link=\"internal\"><strong>scooter urbaine<\/strong><\/a> qui sont tr\u00e8s faciles \u00e0 manipuler et que vous pouvez conduire avec votre permis de conduire.<\/p>\n<p>Nous avons \u00e9galement pr\u00e9par\u00e9 des routes plus longues avec de belles courbes sur les routes secondaires. Et enfin, vous pouvez \u00e9galement trouver des informations sur les pistes hors route, si vous \u00eates un adepte du Trail.<\/p>\n<h2><span class=\"ez-toc-section\" id=\"Itineraires_a_moto_sur_la_Costa_del_Sol\"><\/span>Itin\u00e9raires \u00e0 moto sur la Costa del Sol<span class=\"ez-toc-section-end\"><\/span><\/h2>\n<figure id=\"attachment_13530\" aria-describedby=\"caption-attachment-13530\" style=\"width: 650px\" class=\"wp-caption alignnone\"><img loading=\"lazy\" decoding=\"async\" class=\" wp-image-13530\" src=\"https:\/\/www.malagacar.com\/sp\/blog\/wp-content\/uploads\/2023\/05\/2-Credit-Depositphotos.jpg\" alt=\"Itin\u00e9raires \u00e0 moto sur la Costa del Sol\" width=\"650\" height=\"975\" \/><figcaption id=\"caption-attachment-13530\" class=\"wp-caption-text\">Cr\u00e9dit Depositphotos<\/figcaption><\/figure>\n<p>La Costa del Sol s&rsquo;\u00e9tend sur plus de 160 km de Nerja \u00e0 Manilva. Faire tout le trajet ou seulement une partie de celui-ci est id\u00e9al si vous voulez d\u00e9couvrir les centres c\u00f4tiers et les plages ou profiter d&rsquo;un arr\u00eat dans un Chiringuito.<\/p>\n<p>La route N-340 longe la mer et passe par toutes les villes touristiques de la Costa del Sol: Nerja, Torrox, Torre del Mar, M\u00e1laga, Torremolinos, Benalm\u00e1dena, Fuengirola, Marbella et Estepona.<\/p>\n<h3><span class=\"ez-toc-section\" id=\"Itineraire_a_moto_Nerja_%E2%80%93_Frigiliana_%E2%80%93_Torrox_Costa\"><\/span>Itin\u00e9raire \u00e0 moto Nerja &#8211; Frigiliana &#8211; Torrox Costa<span class=\"ez-toc-section-end\"><\/span><\/h3>\n<figure id=\"attachment_10478\" aria-describedby=\"caption-attachment-10478\" style=\"width: 1201px\" class=\"wp-caption alignnone\"><img loading=\"lazy\" decoding=\"async\" class=\"wp-image-10478 \" src=\"https:\/\/www.malagacar.com\/sp\/blog\/wp-content\/uploads\/2021\/03\/Frigiliana2.jpg\" alt=\"frigiliana\" width=\"1201\" height=\"760\" \/><figcaption id=\"caption-attachment-10478\" class=\"wp-caption-text\">Frigiliana<\/figcaption><\/figure>\n<p>Si vous commencez votre itin\u00e9raire \u00e0 partir de <strong>Nerja<\/strong> ou \u00e0 proximit\u00e9, ne manquez pas le village blanc de <strong>Frigiliana<\/strong>, \u00e0 quelques kilom\u00e8tres de la c\u00f4te. L&rsquo;un des plus beaux villages de la province, \u00e9galement connu sous le nom de balcon sur la mer, vous offrira une vue magnifique sur la c\u00f4te.<\/p>\n<p>Vous pouvez \u00e9galement faire une halte et visiter l&rsquo;impressionnante <strong>Grotte de Nerja<\/strong>, \u00e9galement connue sous le nom de \u00ab\u00a0Cath\u00e9drale de la Costa del Sol\u00a0\u00bb ou l&rsquo;Aqueduc de l&rsquo;Aigle.<br \/>\nDe Nerja, nous continuons sur l&rsquo;ancienne route N-340 en longeant la c\u00f4te.<\/p>\n<p>Nous pouvons faire une halte pour voir la Roche de la Vierge et le Christ de la Mer, un petit sanctuaire au bord de la mer. Et jusqu&rsquo;\u00e0 Torrox Costa pour profiter d&rsquo;un d\u00e9licieux plat typique malague\u00f1o de pescaito.<\/p>\n<p>\u00c0 Nerja, il y a aussi un \u00ab\u00a0bar motard\u00a0\u00bb que vous ne voudrez peut-\u00eatre pas manquer. Le <a href=\"https:\/\/goo.gl\/maps\/LTPtFrUB4LbhYiJq8\" data-wpel-link=\"external\" rel=\"external noopener noreferrer\"><strong>Moto Rock Bar HS<\/strong><\/a>.<\/p>\n<p>C&rsquo;est un itin\u00e9raire court \u00e0 travers certains des sites les plus connus de l&rsquo;Axarqu\u00eda, sans avoir \u00e0 parcourir beaucoup de kilom\u00e8tres.<\/p>\n<p><iframe loading=\"lazy\" style=\"border: 0;\" src=\"https:\/\/www.google.com\/maps\/embed?pb=!1m52!1m12!1m3!1d62396.007114235894!2d-3.936783946268997!3d36.76144321104668!2m3!1f0!2f0!3f0!3m2!1i1024!2i768!4f13.1!4m37!3e0!4m5!1s0xd72251226dc9a3d%3A0xe8a542008b9b37b8!2s29780%20Nerja%2C%20M%C3%A1laga!3m2!1d36.7565204!2d-3.8724657999999996!4m5!1s0xd722434962345d5%3A0x475ae954d6cb72a3!2sCueva%20de%20Nerja%2C%20Carr.%20de%20Bajada%20a%20Playa%20de%20Maro%2C%2029787%2C%20M%C3%A1laga!3m2!1d36.7620137!2d-3.8449324999999996!4m5!1s0xd7225b4060c493f%3A0x52fc06602c9a1aa7!2sEl%20Acueducto%20del%20%C3%81guila%2C%20Barranco%20de%20la%20Coladilla%2C%20s%2Fn%2C%2029787%20Nerja%2C%20M%C3%A1laga!3m2!1d36.758158!2d-3.849928!4m5!1s0xd7224b09423f143%3A0x907177a88feb8605!2sFrigiliana%2C%2029788%2C%20M%C3%A1laga!3m2!1d36.7908751!2d-3.8947060999999996!4m5!1s0xd723b57c2f72ecb%3A0x11e19ef980514c28!2sRoca%20de%20la%20Virgen%20del%20Mar%2C%20Av.%20del%20Pe%C3%B1oncillo%2C%2029770%2C%20M%C3%A1laga!3m2!1d36.7352953!2d-3.9333726999999996!4m5!1s0xd723a898c69cceb%3A0xc358756be5d629fb!2sTorrox%20Costa!3m2!1d36.7325!2d-3.945556!5e1!3m2!1ses!2ses!4v1682671349114!5m2!1ses!2ses\" width=\"600\" height=\"450\" allowfullscreen=\"allowfullscreen\"><\/iframe><\/p>\n<h3><span class=\"ez-toc-section\" id=\"Itineraire_a_moto_Fuengirola_%E2%80%93_Cala_de_Mijas\"><\/span>Itin\u00e9raire \u00e0 moto Fuengirola &#8211; Cala de Mijas<span class=\"ez-toc-section-end\"><\/span><\/h3>\n<p>Une petite excursion id\u00e9ale pour un scooter urbain et pour d\u00e9couvrir la municipalit\u00e9 voisine.<\/p>\n<p>L&rsquo;itin\u00e9raire suit l&rsquo;A-7 \/ N-340 en longeant la mer.<\/p>\n<p><iframe loading=\"lazy\" title=\"Strandwandeling bij La Cala de Mijas, Malaga, Costa del Sol, Andalusi\u00eb, Spanje\" src=\"https:\/\/www.youtube.com\/embed\/Hwg79bEAfPg\" width=\"1280\" height=\"720\" frameborder=\"0\" allowfullscreen=\"allowfullscreen\"><\/iframe><\/p>\n<p>Nous pouvons nous garer dans le centre de La Cala de Mijas, nous promener et prendre quelque chose \u00e0 profiter et parcourir une partie du <strong>Senda Litoral<\/strong> \u00e0 pied en direction de Marbella, qui dans cette zone est l&rsquo;un des tron\u00e7ons les plus beaux.<br \/>\n<iframe loading=\"lazy\" style=\"border: 0;\" src=\"https:\/\/www.google.com\/maps\/embed?pb=!1m28!1m12!1m3!1d62586.1617180929!2d-4.651818785296613!3d36.52706517679046!2m3!1f0!2f0!3f0!3m2!1i1024!2i768!4f13.1!4m13!3e0!4m5!1s0xd72e23e102ffa23%3A0x2058dc519b1962f4!2sFuengirola%2C%2029640%2C%20M%C3%A1laga!3m2!1d36.544148!2d-4.6249439!4m5!1s0xd731e310735814d%3A0xb0ddff2a265135b0!2sLa%20Cala%20de%20Mijas!3m2!1d36.502257199999995!2d-4.6818548!5e1!3m2!1ses!2ses!4v1682671962944!5m2!1ses!2ses\" width=\"600\" height=\"450\" allowfullscreen=\"allowfullscreen\"><\/iframe><\/p>\n<p>Une autre belle id\u00e9e peut \u00eatre de faire un tour \u00e0 la <strong>Stupa \u00e0 Benalm\u00e1dena<\/strong> et de profiter de la vue sur la Costa del Sol. <a href=\"https:\/\/goo.gl\/maps\/JHRQRQkLFMnayVfq6\" data-wpel-link=\"external\" rel=\"external noopener noreferrer\"><strong>Comment s&rsquo;y rendre<\/strong><\/a>.<\/p>\n<figure id=\"attachment_13526\" aria-describedby=\"caption-attachment-13526\" style=\"width: 1200px\" class=\"wp-caption alignnone\"><img loading=\"lazy\" decoding=\"async\" class=\"size-full wp-image-13526\" src=\"https:\/\/www.malagacar.com\/sp\/blog\/wp-content\/uploads\/2023\/05\/stupa.jpg\" alt=\"Benalm\u00e1dena en moto\" width=\"1200\" height=\"676\" \/><figcaption id=\"caption-attachment-13526\" class=\"wp-caption-text\">Visite de la Stupa de Benalm\u00e1dena<\/figcaption><\/figure>\n<h2><span class=\"ez-toc-section\" id=\"Itineraire_a_moto_dans_les_Montes_de_Malaga\"><\/span>Itin\u00e9raire \u00e0 moto dans les Montes de M\u00e1laga<span class=\"ez-toc-section-end\"><\/span><\/h2>\n<p>\u00c0 seulement 5 km de M\u00e1laga se trouve la cha\u00eene de montagnes Parc Naturel Montes de M\u00e1laga, avec de belles pentes, des courbes et des montagnes couvertes de pins.<br \/>\n<iframe loading=\"lazy\" style=\"border: 0;\" src=\"https:\/\/www.google.com\/maps\/embed?pb=!1m32!1m12!1m3!1d51127.57800661491!2d-4.422210846077053!3d36.78319313994846!2m3!1f0!2f0!3f0!3m2!1i1024!2i768!4f13.1!4m17!3e0!4m3!3m2!1d36.7468961!2d-4.407826!4m5!1s0xd725f73aea5a0c9%3A0x3ff1bd6e96020187!2sFuente%20de%20la%20Reina%2C%20Diseminado%20R%2038%2C%20M%C3%A1laga!3m2!1d36.8130058!2d-4.3719034!4m5!1s0xd725ee318cb996b%3A0xac0ab392b706cccf!2zUHVlcnRvIGRlbCBMZcOzbiwgMjkxOTMsIE3DoWxhZ2E!3m2!1d36.8194444!2d-4.3536111!5e0!3m2!1ses!2ses!4v1683008067793!5m2!1ses!2ses\" width=\"600\" height=\"450\" allowfullscreen=\"allowfullscreen\"><\/iframe><\/p>\n<p>C\u2019est un bel itin\u00e9raire \u201cclassique\u201d pr\u00e8s de la ville. Profitez du col de montagne Puerto de Le\u00f3n avec vue sur la M\u00e9diterran\u00e9e et de la Fuente de la Reina.<\/p>\n<p>Cet itin\u00e9raire est id\u00e9al pour s&rsquo;arr\u00eater dans l&rsquo;une des ventes sur le chemin et go\u00fbter l&rsquo;un des d\u00e9licieux plats locaux.<\/p>\n<p><iframe loading=\"lazy\" title=\"Montes de M\u00e1laga en MOTO par route et pistes OFF-ROAD l\u00e9gales, PARTIE 1\" src=\"https:\/\/www.youtube.com\/embed\/AIuObLAJ1J8\" width=\"1280\" height=\"720\" frameborder=\"0\" allowfullscreen=\"allowfullscreen\"><\/iframe><\/p>\n<h2><span class=\"ez-toc-section\" id=\"Itineraire_a_moto_dans_la_Sierra_de_las_Nieves\"><\/span>Itin\u00e9raire \u00e0 moto dans la Sierra de las Nieves<span class=\"ez-toc-section-end\"><\/span><\/h2>\n<p>La <strong>Sierra de las Nieves<\/strong> est l&rsquo;un des plus beaux espaces naturels de M\u00e1laga et depuis quelques ann\u00e9es, elle b\u00e9n\u00e9ficie d&rsquo;une protection environnementale maximale en tant que <em><strong>premier parc national de M\u00e1laga<\/strong><\/em>.<\/p>\n<p>En tant que tel, nous ne pouvons pas circuler \u00e0 l&rsquo;int\u00e9rieur de l&rsquo;espace prot\u00e9g\u00e9, mais nous pouvons profiter de belles routes \u00e0 travers les derni\u00e8res <strong>for\u00eats de pinsapo<\/strong> du continent europ\u00e9en.<\/p>\n<h3><span class=\"ez-toc-section\" id=\"Itineraire_a_moto_Marbella_%E2%80%93_Yunquera\"><\/span>Itin\u00e9raire \u00e0 moto Marbella &#8211; Yunquera<span class=\"ez-toc-section-end\"><\/span><\/h3>\n<p>Un bel itin\u00e9raire o\u00f9 nous prenons rapidement de l&rsquo;altitude en entrant dans la sierra. Nous laissons bient\u00f4t derri\u00e8re nous l&rsquo;agitation c\u00f4ti\u00e8re. En chemin, nous pouvons faire une halte au Mirador d&rsquo;Oj\u00e9n pour profiter de la vue sur la mer M\u00e9diterran\u00e9e et Marbella.<\/p>\n<p>Nous passons par les beaux villages blancs de Monda, Guaro (tr\u00e8s connu pour son festival Luna Mora en septembre) et Alozaina (connu pour sa boulangerie Pan Pi\u00f1a qui fait le pain le plus cher du monde).<\/p>\n<figure id=\"attachment_13529\" aria-describedby=\"caption-attachment-13529\" style=\"width: 1189px\" class=\"wp-caption alignnone\"><img loading=\"lazy\" decoding=\"async\" class=\" wp-image-13529\" src=\"https:\/\/www.malagacar.com\/sp\/blog\/wp-content\/uploads\/2023\/05\/almendros-en-flor.jpg\" alt=\"itin\u00e9raire \u00e0 moto M\u00e1laga\" width=\"1189\" height=\"833\" \/><figcaption id=\"caption-attachment-13529\" class=\"wp-caption-text\">Cet itin\u00e9raire a un charme particulier pendant le mois de f\u00e9vrier, lorsque les amandiers fleurissent<\/figcaption><\/figure>\n<p>Cet itin\u00e9raire a un charme particulier pendant le mois de f\u00e9vrier, lorsque les amandiers fleurissent.<\/p>\n<p>\u00c0 mi-chemin de Yunquera, nous pouvons profiter du Mirador de Jorox et si vous voulez faire une halte rafra\u00eechissante, garez-vous \u00e0 la Venta Rivita et marchez 5 minutes jusqu&rsquo;\u00e0 la cascade de Jorox.<br \/>\n<iframe loading=\"lazy\" style=\"border: 0;\" src=\"https:\/\/www.google.com\/maps\/embed?pb=!1m46!1m12!1m3!1d176706.03601990984!2d-4.838835082340838!3d36.66421331819569!2m3!1f0!2f0!3f0!3m2!1i1024!2i768!4f13.1!4m31!3e0!4m5!1s0xd72d809904dabdf%3A0xe6c9db907b5ecab!2sMarbella%2C%20M%C3%A1laga!3m2!1d36.510283099999995!2d-4.8852579!4m5!1s0xd72d9aeb0aaab57%3A0xc615f72c27a502f6!2zTWlyYWRvciBkZSBPasOpbiwgT2rDqW4!3m2!1d36.5600087!2d-4.8610476!4m5!1s0xd72c58575c23ffd%3A0xef7e6a16146ca163!2sMirador%20De%20Jorox%2C%20A-366%2C%20Alozaina!3m2!1d36.7347051!2d-4.8856931!4m5!1s0xd72c585b2362a4f%3A0x6aad979b425fb54a!2sCascada%20de%20Jorox%2C%20Alozaina%2C%20Partida%20Jorox%2C%2021%2C%2029567%20Jorox%2C%20M%C3%A1laga!3m2!1d36.733299699999996!2d-4.8865604!4m5!1s0xd72cf0dfad7eaa7%3A0xf4a0c5b3cd056972!2sYunquera!3m2!1d36.733089799999995!2d-4.9182175!5e1!3m2!1ses!2ses!4v1682674162555!5m2!1ses!2ses\" width=\"600\" height=\"450\" allowfullscreen=\"allowfullscreen\"><\/iframe><\/p>\n<h2><span class=\"ez-toc-section\" id=\"Itineraire_a_moto_dans_la_Serrania_de_Ronda\"><\/span>Itin\u00e9raire \u00e0 moto dans la Serran\u00eda de Ronda<span class=\"ez-toc-section-end\"><\/span><\/h2>\n<h3><span class=\"ez-toc-section\" id=\"Itineraire_a_moto_Marbella_%E2%80%93_Ronda\"><\/span>Itin\u00e9raire \u00e0 moto Marbella &#8211; Ronda<span class=\"ez-toc-section-end\"><\/span><\/h3>\n<figure id=\"attachment_13525\" aria-describedby=\"caption-attachment-13525\" style=\"width: 722px\" class=\"wp-caption alignnone\"><img loading=\"lazy\" decoding=\"async\" class=\"size-full wp-image-13525\" src=\"https:\/\/www.malagacar.com\/sp\/blog\/wp-content\/uploads\/2023\/05\/Ronda.jpg\" alt=\"Ronda en moto\" width=\"722\" height=\"1280\" \/><figcaption id=\"caption-attachment-13525\" class=\"wp-caption-text\">Visite du Pont du Tajo \u00e0 Ronda<\/figcaption><\/figure>\n<p>Depuis Marbella, il y a deux itin\u00e9raires possibles vers Ronda. Dans l&rsquo;itin\u00e9raire vers Yunquera d\u00e9crit pr\u00e9c\u00e9demment, nous pouvons continuer \u00e0 partir de l\u00e0 par l&rsquo;A-366, en longeant la face nord de la Sierra de las Nieves, pour arriver \u00e0 Ronda depuis le nord-est.<\/p>\n<p>L&rsquo;autre itin\u00e9raire part de San Pedro de Alc\u00e1ntara par l&rsquo;A-397 et nous entrons imm\u00e9diatement dans la Serran\u00eda de Ronda avec des courbes infinies \u00e0 travers des ch\u00e2taigneraies centenaires.<\/p>\n<p>Avant de quitter la c\u00f4te derri\u00e8re nous (ou au retour), nous pouvons faire une halte au Mirador El Madro\u00f1al pour profiter des vues fantastiques.<br \/>\n<iframe loading=\"lazy\" style=\"border: 0;\" src=\"https:\/\/www.google.com\/maps\/embed?pb=!1m28!1m12!1m3!1d250135.090639895!2d-5.092416741902562!3d36.591766952478984!2m3!1f0!2f0!3f0!3m2!1i1024!2i768!4f13.1!4m13!3e0!4m5!1s0xd72d809904dabdf%3A0xe6c9db907b5ecab!2sMarbella%2C%20M%C3%A1laga!3m2!1d36.510283099999995!2d-4.8852579!4m5!1s0xd0d3143e258a279%3A0x94358021349a5ba2!2sRonda!3m2!1d36.746209!2d-5.161225099999999!5e1!3m2!1ses!2ses!4v1682675816207!5m2!1ses!2ses\" width=\"600\" height=\"450\" allowfullscreen=\"allowfullscreen\"><\/iframe><br \/>\nSur cet itin\u00e9raire, il y a plusieurs autres belv\u00e9d\u00e8res o\u00f9 il vaut la peine de faire une halte:<\/p>\n<p>Le Mirador Monte Oc\u00e9ano, le Puerto El Madro\u00f1o et le Mirador d&rsquo;Igualeja.<br \/>\n<iframe loading=\"lazy\" style=\"border: 0;\" src=\"https:\/\/www.google.com\/maps\/embed?pb=!1m52!1m12!1m3!1d297748.6867847376!2d-5.143512831503485!3d36.51743699510475!2m3!1f0!2f0!3f0!3m2!1i1024!2i768!4f13.1!4m37!3e0!4m5!1s0xd72d809904dabdf%3A0xe6c9db907b5ecab!2sMarbella%2C%20M%C3%A1laga!3m2!1d36.510283099999995!2d-4.8852579!4m5!1s0xd72d5e5a0ee3153%3A0x4d4b6b012ee2816b!2sAparcamiento%20El%20Madro%C3%B1al%2C%20A-397%2C%20Marbella!3m2!1d36.5397262!2d-5.0082472!4m5!1s0xd0d2bd3427de2a7%3A0x320f3364912dab7c!2sMirador%20Monte%20Oceano%2C%20Benahav%C3%ADs!3m2!1d36.5862226!2d-5.0685408999999995!4m5!1s0xd0d2cc7220df381%3A0x84fd2295c8362cf6!2sPuerto%20El%20Madro%C3%B1o%2C%20Cam.%20de%20los%20Anadillos%2C%2029440%20Igualeja%2C%20M%C3%A1laga!3m2!1d36.6118131!2d-5.0742232!4m5!1s0xd0d2d6750b7d44f%3A0x8b7155163a088eaf!2sMirador%20de%20Igualeja%2C%20A-397%2C%2029440%20San%20Pedro%20Alc%C3%A1ntara%2C%20M%C3%A1laga!3m2!1d36.639629899999996!2d-5.0906632!4m5!1s0xd0d3143e258a279%3A0x94358021349a5ba2!2sRonda!3m2!1d36.746209!2d-5.161225099999999!5e1!3m2!1ses!2ses!4v1682676436284!5m2!1ses!2ses\" width=\"600\" height=\"450\" allowfullscreen=\"allowfullscreen\"><\/iframe><br \/>\nPlus tard, nous arrivons \u00e0 Ronda, o\u00f9 nous pouvons faire une petite halte et profiter d&rsquo;un bon tapeo.<\/p>\n<p>Si vous avez encore le temps, profitez-en pour d\u00e9couvrir certains des sites les plus embl\u00e9matiques de <strong>Ronda<\/strong>.<br \/>\n<iframe loading=\"lazy\" title=\"RUTA 366 BIKER-BAR (ALOZAINA-M\u00c1LAGA) *SIERRA DE LAS NIEVES -ANDALUC\u00cdA EN MOTO\" src=\"https:\/\/www.youtube.com\/embed\/KGL5m-A5gqw\" width=\"1280\" height=\"720\" frameborder=\"0\" allowfullscreen=\"allowfullscreen\"><\/iframe><\/p>\n<h3><span class=\"ez-toc-section\" id=\"Itineraire_a_moto_Marbella_%E2%80%93_Igualeja\"><\/span>Itin\u00e9raire \u00e0 moto Marbella &#8211; Igualeja<span class=\"ez-toc-section-end\"><\/span><\/h3>\n<p>Cet itin\u00e9raire \u00e0 mi-chemin entre Marbella et Ronda nous rapproche par des courbes et des for\u00eats de ch\u00e2taigniers de la source de la rivi\u00e8re Genal dans le village d&rsquo;Igualeja (\u00e9galement c\u00e9l\u00e8bre pour ses ch\u00e2taignes).<\/p>\n<p>Bien que ce soit toujours un bel itin\u00e9raire, il est particuli\u00e8rement beau en automne.<\/p>\n<p><iframe loading=\"lazy\" title=\"ANDALUC\u00cdA EN MOTO: ITIN\u00c9RAIRE \u00c0 LA SOURCE DU GENAL (SERRAN\u00cdA DE RONDA-M\u00c1LAGA) 2020\" src=\"https:\/\/www.youtube.com\/embed\/EQVnRHH1qKE\" width=\"1280\" height=\"720\" frameborder=\"0\" allowfullscreen=\"allowfullscreen\"><\/iframe><br \/>\nC&rsquo;est le m\u00eame itin\u00e9raire que le pr\u00e9c\u00e9dent en partant de San Pedro de Alc\u00e1ntara en direction de Ronda jusqu&rsquo;\u00e0 la bifurcation vers Igualeja.<\/p>\n<p><iframe loading=\"lazy\" style=\"border: 0;\" src=\"https:\/\/www.google.com\/maps\/embed?pb=!1m40!1m12!1m3!1d105191.68588293207!2d-5.103563053280268!3d36.5750072609914!2m3!1f0!2f0!3f0!3m2!1i1024!2i768!4f13.1!4m25!3e0!4m5!1s0xd72d809904dabdf%3A0xe6c9db907b5ecab!2sMarbella%2C%20M%C3%A1laga!3m2!1d36.510283099999995!2d-4.8852579!4m5!1s0xd72d5e5a0ee3153%3A0x4d4b6b012ee2816b!2sAparcamiento%20El%20Madro%C3%B1al%2C%20A-397%2C%20Marbella!3m2!1d36.5397262!2d-5.0082472!4m5!1s0xd0d2db516db7987%3A0x69fafa378bbaaa32!2sIgualeja!3m2!1d36.631051299999996!2d-5.1217095!4m5!1s0xd0d2db470b1d993%3A0xec319dfb9589ba17!2sNacimiento%20R%C3%ADo%20Genal%2C%20Igualeja!3m2!1d36.632620599999996!2d-5.1175038!5e1!3m2!1ses!2ses!4v1682677079025!5m2!1ses!2ses\" width=\"600\" height=\"450\" allowfullscreen=\"allowfullscreen\"><\/iframe><\/p>\n<h2><span class=\"ez-toc-section\" id=\"Itineraire_a_moto_Antequera_%E2%80%93_Malaga\"><\/span>Itin\u00e9raire \u00e0 moto Antequera &#8211; M\u00e1laga<span class=\"ez-toc-section-end\"><\/span><\/h2>\n<p>Cet itin\u00e9raire \u00e0 travers l&rsquo;int\u00e9rieur de la province nous emm\u00e8ne de la ville monumentale d&rsquo;Antequera. Au cas o\u00f9 vous ne le sauriez pas, \u00e0 Antequera il y a aussi un important ensemble de <strong>D\u00f3lmenes<\/strong> de l&rsquo;\u00e9poque n\u00e9olithique qui pourrait vous int\u00e9resser si vous \u00eates l\u00e0-bas.<\/p>\n<figure id=\"attachment_9015\" aria-describedby=\"caption-attachment-9015\" style=\"width: 1024px\" class=\"wp-caption alignnone\"><img loading=\"lazy\" decoding=\"async\" class=\"size-full wp-image-9015\" src=\"https:\/\/www.malagacar.com\/sp\/blog\/wp-content\/uploads\/2021\/07\/dolmen-menga.jpg\" alt=\"Dolmen de Menga\" width=\"1024\" height=\"682\" \/><figcaption id=\"caption-attachment-9015\" class=\"wp-caption-text\">Dolmen de Menga<\/figcaption><\/figure>\n<p>Sur la route, nous passons par l&rsquo;impressionnante formation calcaire d&rsquo;<strong>El Torcal de Antequera<\/strong>. Si vous aimez la nature, vous allez adorer.<\/p>\n<figure id=\"attachment_9775\" aria-describedby=\"caption-attachment-9775\" style=\"width: 1200px\" class=\"wp-caption alignnone\"><img loading=\"lazy\" decoding=\"async\" class=\" wp-image-9775\" src=\"https:\/\/www.malagacar.com\/sp\/blog\/wp-content\/uploads\/2020\/01\/Pauline-Majury-Torcal.jpg\" alt=\"Torcal\" width=\"1200\" height=\"675\" \/><figcaption id=\"caption-attachment-9775\" class=\"wp-caption-text\">Un Malagacar visitant El Torcal. Photo gracieuset\u00e9 de notre client<\/figcaption><\/figure>\n<p>Il y a plusieurs itin\u00e9raires courts qui peuvent \u00eatre faits en peu de temps. Dans la r\u00e9gion, il y a un restaurant belv\u00e9d\u00e8re id\u00e9al pour faire une pause.<\/p>\n<p><iframe loading=\"lazy\" style=\"border: 0;\" src=\"https:\/\/www.google.com\/maps\/embed?pb=!1m34!1m12!1m3!1d419783.3568668192!2d-4.665518044423267!3d36.75509739282169!2m3!1f0!2f0!3f0!3m2!1i1024!2i768!4f13.1!4m19!3e0!4m5!1s0xd7259c44fdb212d%3A0x6025dc92c9ca32cf!2zTcOhbGFnYQ!3m2!1d36.721261!2d-4.4212655!4m5!1s0xd728de00cde0189%3A0x775490ea2a28385b!2sEl%20Torcal%20de%20Antequera%2C%20Calle%20el%20Torcal%20de%20Antequera%2C%20Antequera!3m2!1d36.9521507!2d-4.5422785999999995!4m5!1s0xd728ff1d780e259%3A0x44e044e46a50fb34!2s29200%20Antequera%2C%20M%C3%A1laga!3m2!1d37.020001!2d-4.5593676!5e1!3m2!1ses!2ses!4v1683009335815!5m2!1ses!2ses\" width=\"600\" height=\"450\" allowfullscreen=\"allowfullscreen\"><\/iframe><\/p>\n<h2><span class=\"ez-toc-section\" id=\"Itineraire_a_moto_dans_lAxarquia\"><\/span>Itin\u00e9raire \u00e0 moto dans l&rsquo;Axarqu\u00eda<span class=\"ez-toc-section-end\"><\/span><\/h2>\n<p>L&rsquo;Axarqu\u00eda est un autre joyau de M\u00e1laga, situ\u00e9 \u00e0 l&rsquo;est de la province et limitrophe de la province de Grenade.<\/p>\n<figure id=\"attachment_3995\" aria-describedby=\"caption-attachment-3995\" style=\"width: 748px\" class=\"wp-caption alignnone\"><img loading=\"lazy\" decoding=\"async\" class=\"size-full wp-image-3995\" src=\"https:\/\/www.malagacar.com\/sp\/blog\/wp-content\/uploads\/2014\/09\/sedella_axarquia.jpg\" alt=\"sedella\" width=\"748\" height=\"560\" \/><figcaption id=\"caption-attachment-3995\" class=\"wp-caption-text\">Sedella, \u00e0 650 m au-dessus du niveau de la mer<\/figcaption><\/figure>\n<p>Il se distingue par ses hautes montagnes et ses villages blancs cach\u00e9s d&rsquo;origine arabe.<\/p>\n<p><iframe loading=\"lazy\" title=\"Itin\u00e9raire en MOTO dans l'AXARQU\u00cdA DE MALAGA | Andaluc\u00eda en Moto #15\" src=\"https:\/\/www.youtube.com\/embed\/5bHDAs69my4\" width=\"1280\" height=\"720\" frameborder=\"0\" allowfullscreen=\"allowfullscreen\"><\/iframe><\/p>\n<p>Si vous aimez les courbes, il y a ici une infinit\u00e9 d&rsquo;itin\u00e9raires que vous pouvez essayer.<\/p>\n<p>Dans ce lien, nous vous pr\u00e9sentons les <strong>plus beaux villages de l&rsquo;Axarqu\u00eda<\/strong>, \u00e0 vous de d\u00e9cider lequel vous aimeriez d\u00e9couvrir!<\/p>\n<p><iframe loading=\"lazy\" style=\"border: 0;\" src=\"https:\/\/www.google.com\/maps\/embed?pb=!1m52!1m12!1m3!1d176446.0731005925!2d-4.045521419757655!3d36.777296442100536!2m3!1f0!2f0!3f0!3m2!1i1024!2i768!4f13.1!4m37!3e0!4m5!1s0xd723a53e79d13f7%3A0xceeb6a1ea58443f7!2s29793%20Torrox%2C%20M%C3%A1laga!3m2!1d36.754478299999995!2d-3.9514923!4m5!1s0xd7238ef6a1cf3cd%3A0xaa5468903f1c5ba7!2sAlgarrobo!3m2!1d36.772816399999996!2d-4.0404479!4m5!1s0xd72393489353e21%3A0x72aa933e78b9954d!2sSayalonga%2C%2029752%2C%20M%C3%A1laga!3m2!1d36.7982594!2d-4.0124037999999995!4m5!1s0xd723e817ea441a9%3A0x938b896ba6647457!2zw4FyY2hleiwgMjk3NTMsIE3DoWxhZ2E!3m2!1d36.8386488!2d-3.990075!4m5!1s0xd723dd53be0d449%3A0x1ce7efbed4797ac7!2sCanillas%20de%20Albaida%2C%2029755%2C%20M%C3%A1laga!3m2!1d36.8465115!2d-3.9859293!4m5!1s0xd723c3a62b48f5b%3A0x99aa899e7e79b10!2zQ8OzbXBldGE!3m2!1d36.832810699999996!2d-3.973813!5e1!3m2!1ses!2ses!4v1683009624523!5m2!1ses!2ses\" width=\"600\" height=\"450\" allowfullscreen=\"allowfullscreen\"><\/iframe><\/p>\n<h2><span class=\"ez-toc-section\" id=\"Plus_ditineraires_a_moto_a_Malaga_et_dans_la_province\"><\/span>Plus d&rsquo;itin\u00e9raires \u00e0 moto \u00e0 M\u00e1laga et dans la province<span class=\"ez-toc-section-end\"><\/span><\/h2>\n<figure id=\"attachment_13528\" aria-describedby=\"caption-attachment-13528\" style=\"width: 1200px\" class=\"wp-caption alignnone\"><img loading=\"lazy\" decoding=\"async\" class=\"wp-image-13528 size-full\" src=\"https:\/\/www.malagacar.com\/sp\/blog\/wp-content\/uploads\/2023\/05\/motopapi4-.jpg\" alt=\"Itin\u00e9raires \u00e0 moto \u00e0 M\u00e1laga et dans la province\" width=\"1200\" height=\"677\" \/><figcaption id=\"caption-attachment-13528\" class=\"wp-caption-text\">Profitez au maximum de vos vacances \u00e0 M\u00e1laga!<\/figcaption><\/figure>\n<p>Dans ces liens, vous pouvez trouver de nombreux autres itin\u00e9raires \u00e0 moto \u00e0 M\u00e1laga et dans la province: Les <a href=\"https:\/\/es.wikiloc.com\/rutas\/moto-trail\/espana\/andalucia\/malaga\" target=\"_blank\" rel=\"noopener external noreferrer\" data-wpel-link=\"external\"><strong>meilleurs itin\u00e9raires de Moto Trail \u00e0 M\u00e1laga<\/strong><\/a> et les meilleurs <a href=\"https:\/\/es.wikiloc.com\/rutas\/motociclismo\/spain\/andalucia\/malaga\" target=\"_blank\" rel=\"noopener external noreferrer\" data-wpel-link=\"external\"><strong>itin\u00e9raires de Moto de Route \u00e0 M\u00e1laga<\/strong><\/a>.<br \/>\nNous esp\u00e9rons que toutes ces id\u00e9es vous ont mis l&rsquo;eau \u00e0 la bouche et que vous n&rsquo;attendez plus pour louer votre moto \u00e0 M\u00e1laga pour profiter au maximum de vos vacances!<\/p>\n\t\t\t\t\n\t\t\t\t<div id=\"search-form2\" class=\"big-quote index-mobile\">\n\t\t\t\t<form id=\"frmSearch\" name=\"frmSearch\" action=\"\/fr\/location-de-voitures\/quote.php\" method=\"post\" name=\"quote\" class=\"container-fluid\">\n\t\t\t\t\t\t\t\t\t<div class=\"row\">\n\t\t\t\t\t\t<div class=\"col-sm-6\">\n\n\t\t\t\t\t\t\t<div class=\"form-group\">\n\t\t\t\t\t\t\t\t<label for=\"entrega\"><h4>Collecte<\/h4><\/label>\n\t\t\t\t\t\t\t\t<select name=\"entrega\" id=\"entrega\" class=\"custom-select\">\n\t\t\t\t\t\t\t\t\t<option value=\"airport\"  selected>Malaga A\u00e9roport<\/option>\n\t\t\t\t\t\t\t\t\t\t\t\t\t\t\t\t<\/select>\n\t\t\t\t\t\t\t\t<div class=\"form-inline my-2\">\n\t\t\t\t\t\t\t\t\t<input id=\"pDate\" class=\"form-control\" value=\"07\/09\/2026\" name=\"pDate\" readonly onchange=\"return uppdate()\">\n\t\t\t\t\t\t\t\t\t<select class=\"custom-select\" id=\"phorasminutos\" name=\"phorasminutos\" oninvalid=\"setCustomValidity('Faites-nous conna\u00eetre votre heure d\u00b4arriv\u00e9e')\" onchange=\"setCustomValidity('');\">\n\t\t\t\t\t\t\t\t\t\t<option value=\"-\" selected>--:--<\/option>\n\t\t\t\t\t\t\t\t\t\t\t\t\t\t\t\t\t\t\t\t<option value=\"00:00\">\n\t\t\t\t\t\t\t\t\t\t\t00:00<\/option>\n\t\t\t\t\t\t\t\t\t\t<option value=\"00:15\">\n\t\t\t\t\t\t\t\t\t\t\t00:15<\/option>\n\t\t\t\t\t\t\t\t\t\t<option value=\"00:30\">\n\t\t\t\t\t\t\t\t\t\t\t00:30<\/option>\n\t\t\t\t\t\t\t\t\t\t<option value=\"00:45\">\n\t\t\t\t\t\t\t\t\t\t\t00:45<\/option>\n\t\t\t\t\t\t\t\t\t\t\t\t\t\t\t\t\t\t\t\t<option value=\"01:00\">\n\t\t\t\t\t\t\t\t\t\t\t01:00<\/option>\n\t\t\t\t\t\t\t\t\t\t<option value=\"01:15\">\n\t\t\t\t\t\t\t\t\t\t\t01:15<\/option>\n\t\t\t\t\t\t\t\t\t\t<option value=\"01:30\">\n\t\t\t\t\t\t\t\t\t\t\t01:30<\/option>\n\t\t\t\t\t\t\t\t\t\t<option value=\"01:45\">\n\t\t\t\t\t\t\t\t\t\t\t01:45<\/option>\n\t\t\t\t\t\t\t\t\t\t\t\t\t\t\t\t\t\t\t\t<option value=\"02:00\">\n\t\t\t\t\t\t\t\t\t\t\t02:00<\/option>\n\t\t\t\t\t\t\t\t\t\t<option value=\"02:15\">\n\t\t\t\t\t\t\t\t\t\t\t02:15<\/option>\n\t\t\t\t\t\t\t\t\t\t<option value=\"02:30\">\n\t\t\t\t\t\t\t\t\t\t\t02:30<\/option>\n\t\t\t\t\t\t\t\t\t\t<option value=\"02:45\">\n\t\t\t\t\t\t\t\t\t\t\t02:45<\/option>\n\t\t\t\t\t\t\t\t\t\t\t\t\t\t\t\t\t\t\t\t<option value=\"03:00\">\n\t\t\t\t\t\t\t\t\t\t\t03:00<\/option>\n\t\t\t\t\t\t\t\t\t\t<option value=\"03:15\">\n\t\t\t\t\t\t\t\t\t\t\t03:15<\/option>\n\t\t\t\t\t\t\t\t\t\t<option value=\"03:30\">\n\t\t\t\t\t\t\t\t\t\t\t03:30<\/option>\n\t\t\t\t\t\t\t\t\t\t<option value=\"03:45\">\n\t\t\t\t\t\t\t\t\t\t\t03:45<\/option>\n\t\t\t\t\t\t\t\t\t\t\t\t\t\t\t\t\t\t\t\t<option value=\"04:00\">\n\t\t\t\t\t\t\t\t\t\t\t04:00<\/option>\n\t\t\t\t\t\t\t\t\t\t<option value=\"04:15\">\n\t\t\t\t\t\t\t\t\t\t\t04:15<\/option>\n\t\t\t\t\t\t\t\t\t\t<option value=\"04:30\">\n\t\t\t\t\t\t\t\t\t\t\t04:30<\/option>\n\t\t\t\t\t\t\t\t\t\t<option value=\"04:45\">\n\t\t\t\t\t\t\t\t\t\t\t04:45<\/option>\n\t\t\t\t\t\t\t\t\t\t\t\t\t\t\t\t\t\t\t\t<option value=\"05:00\">\n\t\t\t\t\t\t\t\t\t\t\t05:00<\/option>\n\t\t\t\t\t\t\t\t\t\t<option value=\"05:15\">\n\t\t\t\t\t\t\t\t\t\t\t05:15<\/option>\n\t\t\t\t\t\t\t\t\t\t<option value=\"05:30\">\n\t\t\t\t\t\t\t\t\t\t\t05:30<\/option>\n\t\t\t\t\t\t\t\t\t\t<option value=\"05:45\">\n\t\t\t\t\t\t\t\t\t\t\t05:45<\/option>\n\t\t\t\t\t\t\t\t\t\t\t\t\t\t\t\t\t\t\t\t<option value=\"06:00\">\n\t\t\t\t\t\t\t\t\t\t\t06:00<\/option>\n\t\t\t\t\t\t\t\t\t\t<option value=\"06:15\">\n\t\t\t\t\t\t\t\t\t\t\t06:15<\/option>\n\t\t\t\t\t\t\t\t\t\t<option value=\"06:30\">\n\t\t\t\t\t\t\t\t\t\t\t06:30<\/option>\n\t\t\t\t\t\t\t\t\t\t<option value=\"06:45\">\n\t\t\t\t\t\t\t\t\t\t\t06:45<\/option>\n\t\t\t\t\t\t\t\t\t\t\t\t\t\t\t\t\t\t\t\t<option value=\"07:00\">\n\t\t\t\t\t\t\t\t\t\t\t07:00<\/option>\n\t\t\t\t\t\t\t\t\t\t<option value=\"07:15\">\n\t\t\t\t\t\t\t\t\t\t\t07:15<\/option>\n\t\t\t\t\t\t\t\t\t\t<option value=\"07:30\">\n\t\t\t\t\t\t\t\t\t\t\t07:30<\/option>\n\t\t\t\t\t\t\t\t\t\t<option value=\"07:45\">\n\t\t\t\t\t\t\t\t\t\t\t07:45<\/option>\n\t\t\t\t\t\t\t\t\t\t\t\t\t\t\t\t\t\t\t\t<option value=\"08:00\">\n\t\t\t\t\t\t\t\t\t\t\t08:00<\/option>\n\t\t\t\t\t\t\t\t\t\t<option value=\"08:15\">\n\t\t\t\t\t\t\t\t\t\t\t08:15<\/option>\n\t\t\t\t\t\t\t\t\t\t<option value=\"08:30\">\n\t\t\t\t\t\t\t\t\t\t\t08:30<\/option>\n\t\t\t\t\t\t\t\t\t\t<option value=\"08:45\">\n\t\t\t\t\t\t\t\t\t\t\t08:45<\/option>\n\t\t\t\t\t\t\t\t\t\t\t\t\t\t\t\t\t\t\t\t<option value=\"09:00\">\n\t\t\t\t\t\t\t\t\t\t\t09:00<\/option>\n\t\t\t\t\t\t\t\t\t\t<option value=\"09:15\">\n\t\t\t\t\t\t\t\t\t\t\t09:15<\/option>\n\t\t\t\t\t\t\t\t\t\t<option value=\"09:30\">\n\t\t\t\t\t\t\t\t\t\t\t09:30<\/option>\n\t\t\t\t\t\t\t\t\t\t<option value=\"09:45\">\n\t\t\t\t\t\t\t\t\t\t\t09:45<\/option>\n\t\t\t\t\t\t\t\t\t\t\t\t\t\t\t\t\t\t\t\t<option value=\"10:00\">\n\t\t\t\t\t\t\t\t\t\t\t10:00<\/option>\n\t\t\t\t\t\t\t\t\t\t<option value=\"10:15\">\n\t\t\t\t\t\t\t\t\t\t\t10:15<\/option>\n\t\t\t\t\t\t\t\t\t\t<option value=\"10:30\">\n\t\t\t\t\t\t\t\t\t\t\t10:30<\/option>\n\t\t\t\t\t\t\t\t\t\t<option value=\"10:45\">\n\t\t\t\t\t\t\t\t\t\t\t10:45<\/option>\n\t\t\t\t\t\t\t\t\t\t\t\t\t\t\t\t\t\t\t\t<option value=\"11:00\">\n\t\t\t\t\t\t\t\t\t\t\t11:00<\/option>\n\t\t\t\t\t\t\t\t\t\t<option value=\"11:15\">\n\t\t\t\t\t\t\t\t\t\t\t11:15<\/option>\n\t\t\t\t\t\t\t\t\t\t<option value=\"11:30\">\n\t\t\t\t\t\t\t\t\t\t\t11:30<\/option>\n\t\t\t\t\t\t\t\t\t\t<option value=\"11:45\">\n\t\t\t\t\t\t\t\t\t\t\t11:45<\/option>\n\t\t\t\t\t\t\t\t\t\t\t\t\t\t\t\t\t\t\t\t<option value=\"12:00\">\n\t\t\t\t\t\t\t\t\t\t\t12:00<\/option>\n\t\t\t\t\t\t\t\t\t\t<option value=\"12:15\">\n\t\t\t\t\t\t\t\t\t\t\t12:15<\/option>\n\t\t\t\t\t\t\t\t\t\t<option value=\"12:30\">\n\t\t\t\t\t\t\t\t\t\t\t12:30<\/option>\n\t\t\t\t\t\t\t\t\t\t<option value=\"12:45\">\n\t\t\t\t\t\t\t\t\t\t\t12:45<\/option>\n\t\t\t\t\t\t\t\t\t\t\t\t\t\t\t\t\t\t\t\t<option value=\"13:00\">\n\t\t\t\t\t\t\t\t\t\t\t13:00<\/option>\n\t\t\t\t\t\t\t\t\t\t<option value=\"13:15\">\n\t\t\t\t\t\t\t\t\t\t\t13:15<\/option>\n\t\t\t\t\t\t\t\t\t\t<option value=\"13:30\">\n\t\t\t\t\t\t\t\t\t\t\t13:30<\/option>\n\t\t\t\t\t\t\t\t\t\t<option value=\"13:45\">\n\t\t\t\t\t\t\t\t\t\t\t13:45<\/option>\n\t\t\t\t\t\t\t\t\t\t\t\t\t\t\t\t\t\t\t\t<option value=\"14:00\">\n\t\t\t\t\t\t\t\t\t\t\t14:00<\/option>\n\t\t\t\t\t\t\t\t\t\t<option value=\"14:15\">\n\t\t\t\t\t\t\t\t\t\t\t14:15<\/option>\n\t\t\t\t\t\t\t\t\t\t<option value=\"14:30\">\n\t\t\t\t\t\t\t\t\t\t\t14:30<\/option>\n\t\t\t\t\t\t\t\t\t\t<option value=\"14:45\">\n\t\t\t\t\t\t\t\t\t\t\t14:45<\/option>\n\t\t\t\t\t\t\t\t\t\t\t\t\t\t\t\t\t\t\t\t<option value=\"15:00\">\n\t\t\t\t\t\t\t\t\t\t\t15:00<\/option>\n\t\t\t\t\t\t\t\t\t\t<option value=\"15:15\">\n\t\t\t\t\t\t\t\t\t\t\t15:15<\/option>\n\t\t\t\t\t\t\t\t\t\t<option value=\"15:30\">\n\t\t\t\t\t\t\t\t\t\t\t15:30<\/option>\n\t\t\t\t\t\t\t\t\t\t<option value=\"15:45\">\n\t\t\t\t\t\t\t\t\t\t\t15:45<\/option>\n\t\t\t\t\t\t\t\t\t\t\t\t\t\t\t\t\t\t\t\t<option value=\"16:00\">\n\t\t\t\t\t\t\t\t\t\t\t16:00<\/option>\n\t\t\t\t\t\t\t\t\t\t<option value=\"16:15\">\n\t\t\t\t\t\t\t\t\t\t\t16:15<\/option>\n\t\t\t\t\t\t\t\t\t\t<option value=\"16:30\">\n\t\t\t\t\t\t\t\t\t\t\t16:30<\/option>\n\t\t\t\t\t\t\t\t\t\t<option value=\"16:45\">\n\t\t\t\t\t\t\t\t\t\t\t16:45<\/option>\n\t\t\t\t\t\t\t\t\t\t\t\t\t\t\t\t\t\t\t\t<option value=\"17:00\">\n\t\t\t\t\t\t\t\t\t\t\t17:00<\/option>\n\t\t\t\t\t\t\t\t\t\t<option value=\"17:15\">\n\t\t\t\t\t\t\t\t\t\t\t17:15<\/option>\n\t\t\t\t\t\t\t\t\t\t<option value=\"17:30\">\n\t\t\t\t\t\t\t\t\t\t\t17:30<\/option>\n\t\t\t\t\t\t\t\t\t\t<option value=\"17:45\">\n\t\t\t\t\t\t\t\t\t\t\t17:45<\/option>\n\t\t\t\t\t\t\t\t\t\t\t\t\t\t\t\t\t\t\t\t<option value=\"18:00\">\n\t\t\t\t\t\t\t\t\t\t\t18:00<\/option>\n\t\t\t\t\t\t\t\t\t\t<option value=\"18:15\">\n\t\t\t\t\t\t\t\t\t\t\t18:15<\/option>\n\t\t\t\t\t\t\t\t\t\t<option value=\"18:30\">\n\t\t\t\t\t\t\t\t\t\t\t18:30<\/option>\n\t\t\t\t\t\t\t\t\t\t<option value=\"18:45\">\n\t\t\t\t\t\t\t\t\t\t\t18:45<\/option>\n\t\t\t\t\t\t\t\t\t\t\t\t\t\t\t\t\t\t\t\t<option value=\"19:00\">\n\t\t\t\t\t\t\t\t\t\t\t19:00<\/option>\n\t\t\t\t\t\t\t\t\t\t<option value=\"19:15\">\n\t\t\t\t\t\t\t\t\t\t\t19:15<\/option>\n\t\t\t\t\t\t\t\t\t\t<option value=\"19:30\">\n\t\t\t\t\t\t\t\t\t\t\t19:30<\/option>\n\t\t\t\t\t\t\t\t\t\t<option value=\"19:45\">\n\t\t\t\t\t\t\t\t\t\t\t19:45<\/option>\n\t\t\t\t\t\t\t\t\t\t\t\t\t\t\t\t\t\t\t\t<option value=\"20:00\">\n\t\t\t\t\t\t\t\t\t\t\t20:00<\/option>\n\t\t\t\t\t\t\t\t\t\t<option value=\"20:15\">\n\t\t\t\t\t\t\t\t\t\t\t20:15<\/option>\n\t\t\t\t\t\t\t\t\t\t<option value=\"20:30\">\n\t\t\t\t\t\t\t\t\t\t\t20:30<\/option>\n\t\t\t\t\t\t\t\t\t\t<option value=\"20:45\">\n\t\t\t\t\t\t\t\t\t\t\t20:45<\/option>\n\t\t\t\t\t\t\t\t\t\t\t\t\t\t\t\t\t\t\t\t<option value=\"21:00\">\n\t\t\t\t\t\t\t\t\t\t\t21:00<\/option>\n\t\t\t\t\t\t\t\t\t\t<option value=\"21:15\">\n\t\t\t\t\t\t\t\t\t\t\t21:15<\/option>\n\t\t\t\t\t\t\t\t\t\t<option value=\"21:30\">\n\t\t\t\t\t\t\t\t\t\t\t21:30<\/option>\n\t\t\t\t\t\t\t\t\t\t<option value=\"21:45\">\n\t\t\t\t\t\t\t\t\t\t\t21:45<\/option>\n\t\t\t\t\t\t\t\t\t\t\t\t\t\t\t\t\t\t\t\t<option value=\"22:00\">\n\t\t\t\t\t\t\t\t\t\t\t22:00<\/option>\n\t\t\t\t\t\t\t\t\t\t<option value=\"22:15\">\n\t\t\t\t\t\t\t\t\t\t\t22:15<\/option>\n\t\t\t\t\t\t\t\t\t\t<option value=\"22:30\">\n\t\t\t\t\t\t\t\t\t\t\t22:30<\/option>\n\t\t\t\t\t\t\t\t\t\t<option value=\"22:45\">\n\t\t\t\t\t\t\t\t\t\t\t22:45<\/option>\n\t\t\t\t\t\t\t\t\t\t\t\t\t\t\t\t\t\t\t\t<option value=\"23:00\">\n\t\t\t\t\t\t\t\t\t\t\t23:00<\/option>\n\t\t\t\t\t\t\t\t\t\t<option value=\"23:15\">\n\t\t\t\t\t\t\t\t\t\t\t23:15<\/option>\n\t\t\t\t\t\t\t\t\t\t<option value=\"23:30\">\n\t\t\t\t\t\t\t\t\t\t\t23:30<\/option>\n\t\t\t\t\t\t\t\t\t\t<option value=\"23:45\">\n\t\t\t\t\t\t\t\t\t\t\t23:45<\/option>\n\t\t\t\t\t\t\t\t\t\t\t\t\t\t\t\t\t\t\t<\/select>\n\t\t\t\t\t\t\t\t<\/div>\n\t\t\t\t\t\t\t<\/div>\n\t\t\t\t\t\t<\/div>\n\t\t\t\t\t\t<div class=\"col-sm-6\">\n\t\t\t\t\t\t\t<div class=\"form-group\">\n\t\t\t\t\t\t\t\t<div id=\"bookingBox\"><\/div>\n\n\t\t\t\t\t\t\t\t<label for=\"devuelta\"><h4>D\u00e9p\u00f4t<\/h4><\/label>\n\t\t\t\t\t\t\t\t<select name=\"devuelta\" id=\"devuelta\" class=\"custom-select\">\n\t\t\t\t\t\t\t\t\t<option value=\"airport\"  selected>Malaga A\u00e9roport<\/option>\n\t\t\t\t\t\t\t\t\t\t\t\t\t\t\t\t<\/select>\n\n\t\t\t\t\t\t\t\t<div class=\"form-inline my-2\">\n\t\t\t\t\t\t\t\t\t<input id=\"dDate\" class=\"form-control\" value=\"14\/09\/2026\" name=\"dDate\" readonly>\n\t\t\t\t\t\t\t\t\t<select class=\"custom-select\" id=\"dhorasminutos\" name=\"dhorasminutos\" oninvalid=\"setCustomValidity('Faites-nous savoir votre heure de retour')\" onchange=\"setCustomValidity('')\">\n\t\t\t\t\t\t\t\t\t\t<option value=\"-\" selected>--:--<\/option>\n\t\t\t\t\t\t\t\t\t\t\t\t\t\t\t\t\t\t\t\t<option value=\"00:00\">\n\t\t\t\t\t\t\t\t\t\t\t00:00<\/option>\n\t\t\t\t\t\t\t\t\t\t<option value=\"00:15\">\n\t\t\t\t\t\t\t\t\t\t\t00:15<\/option>\n\t\t\t\t\t\t\t\t\t\t<option value=\"00:30\">\n\t\t\t\t\t\t\t\t\t\t\t00:30<\/option>\n\t\t\t\t\t\t\t\t\t\t<option value=\"00:45\">\n\t\t\t\t\t\t\t\t\t\t\t00:45<\/option>\n\t\t\t\t\t\t\t\t\t\t\t\t\t\t\t\t\t\t\t\t<option value=\"01:00\">\n\t\t\t\t\t\t\t\t\t\t\t01:00<\/option>\n\t\t\t\t\t\t\t\t\t\t<option value=\"01:15\">\n\t\t\t\t\t\t\t\t\t\t\t01:15<\/option>\n\t\t\t\t\t\t\t\t\t\t<option value=\"01:30\">\n\t\t\t\t\t\t\t\t\t\t\t01:30<\/option>\n\t\t\t\t\t\t\t\t\t\t<option value=\"01:45\">\n\t\t\t\t\t\t\t\t\t\t\t01:45<\/option>\n\t\t\t\t\t\t\t\t\t\t\t\t\t\t\t\t\t\t\t\t<option value=\"02:00\">\n\t\t\t\t\t\t\t\t\t\t\t02:00<\/option>\n\t\t\t\t\t\t\t\t\t\t<option value=\"02:15\">\n\t\t\t\t\t\t\t\t\t\t\t02:15<\/option>\n\t\t\t\t\t\t\t\t\t\t<option value=\"02:30\">\n\t\t\t\t\t\t\t\t\t\t\t02:30<\/option>\n\t\t\t\t\t\t\t\t\t\t<option value=\"02:45\">\n\t\t\t\t\t\t\t\t\t\t\t02:45<\/option>\n\t\t\t\t\t\t\t\t\t\t\t\t\t\t\t\t\t\t\t\t<option value=\"03:00\">\n\t\t\t\t\t\t\t\t\t\t\t03:00<\/option>\n\t\t\t\t\t\t\t\t\t\t<option value=\"03:15\">\n\t\t\t\t\t\t\t\t\t\t\t03:15<\/option>\n\t\t\t\t\t\t\t\t\t\t<option value=\"03:30\">\n\t\t\t\t\t\t\t\t\t\t\t03:30<\/option>\n\t\t\t\t\t\t\t\t\t\t<option value=\"03:45\">\n\t\t\t\t\t\t\t\t\t\t\t03:45<\/option>\n\t\t\t\t\t\t\t\t\t\t\t\t\t\t\t\t\t\t\t\t<option value=\"04:00\">\n\t\t\t\t\t\t\t\t\t\t\t04:00<\/option>\n\t\t\t\t\t\t\t\t\t\t<option value=\"04:15\">\n\t\t\t\t\t\t\t\t\t\t\t04:15<\/option>\n\t\t\t\t\t\t\t\t\t\t<option value=\"04:30\">\n\t\t\t\t\t\t\t\t\t\t\t04:30<\/option>\n\t\t\t\t\t\t\t\t\t\t<option value=\"04:45\">\n\t\t\t\t\t\t\t\t\t\t\t04:45<\/option>\n\t\t\t\t\t\t\t\t\t\t\t\t\t\t\t\t\t\t\t\t<option value=\"05:00\">\n\t\t\t\t\t\t\t\t\t\t\t05:00<\/option>\n\t\t\t\t\t\t\t\t\t\t<option value=\"05:15\">\n\t\t\t\t\t\t\t\t\t\t\t05:15<\/option>\n\t\t\t\t\t\t\t\t\t\t<option value=\"05:30\">\n\t\t\t\t\t\t\t\t\t\t\t05:30<\/option>\n\t\t\t\t\t\t\t\t\t\t<option value=\"05:45\">\n\t\t\t\t\t\t\t\t\t\t\t05:45<\/option>\n\t\t\t\t\t\t\t\t\t\t\t\t\t\t\t\t\t\t\t\t<option value=\"06:00\">\n\t\t\t\t\t\t\t\t\t\t\t06:00<\/option>\n\t\t\t\t\t\t\t\t\t\t<option value=\"06:15\">\n\t\t\t\t\t\t\t\t\t\t\t06:15<\/option>\n\t\t\t\t\t\t\t\t\t\t<option value=\"06:30\">\n\t\t\t\t\t\t\t\t\t\t\t06:30<\/option>\n\t\t\t\t\t\t\t\t\t\t<option value=\"06:45\">\n\t\t\t\t\t\t\t\t\t\t\t06:45<\/option>\n\t\t\t\t\t\t\t\t\t\t\t\t\t\t\t\t\t\t\t\t<option value=\"07:00\">\n\t\t\t\t\t\t\t\t\t\t\t07:00<\/option>\n\t\t\t\t\t\t\t\t\t\t<option value=\"07:15\">\n\t\t\t\t\t\t\t\t\t\t\t07:15<\/option>\n\t\t\t\t\t\t\t\t\t\t<option value=\"07:30\">\n\t\t\t\t\t\t\t\t\t\t\t07:30<\/option>\n\t\t\t\t\t\t\t\t\t\t<option value=\"07:45\">\n\t\t\t\t\t\t\t\t\t\t\t07:45<\/option>\n\t\t\t\t\t\t\t\t\t\t\t\t\t\t\t\t\t\t\t\t<option value=\"08:00\">\n\t\t\t\t\t\t\t\t\t\t\t08:00<\/option>\n\t\t\t\t\t\t\t\t\t\t<option value=\"08:15\">\n\t\t\t\t\t\t\t\t\t\t\t08:15<\/option>\n\t\t\t\t\t\t\t\t\t\t<option value=\"08:30\">\n\t\t\t\t\t\t\t\t\t\t\t08:30<\/option>\n\t\t\t\t\t\t\t\t\t\t<option value=\"08:45\">\n\t\t\t\t\t\t\t\t\t\t\t08:45<\/option>\n\t\t\t\t\t\t\t\t\t\t\t\t\t\t\t\t\t\t\t\t<option value=\"09:00\">\n\t\t\t\t\t\t\t\t\t\t\t09:00<\/option>\n\t\t\t\t\t\t\t\t\t\t<option value=\"09:15\">\n\t\t\t\t\t\t\t\t\t\t\t09:15<\/option>\n\t\t\t\t\t\t\t\t\t\t<option value=\"09:30\">\n\t\t\t\t\t\t\t\t\t\t\t09:30<\/option>\n\t\t\t\t\t\t\t\t\t\t<option value=\"09:45\">\n\t\t\t\t\t\t\t\t\t\t\t09:45<\/option>\n\t\t\t\t\t\t\t\t\t\t\t\t\t\t\t\t\t\t\t\t<option value=\"10:00\">\n\t\t\t\t\t\t\t\t\t\t\t10:00<\/option>\n\t\t\t\t\t\t\t\t\t\t<option value=\"10:15\">\n\t\t\t\t\t\t\t\t\t\t\t10:15<\/option>\n\t\t\t\t\t\t\t\t\t\t<option value=\"10:30\">\n\t\t\t\t\t\t\t\t\t\t\t10:30<\/option>\n\t\t\t\t\t\t\t\t\t\t<option value=\"10:45\">\n\t\t\t\t\t\t\t\t\t\t\t10:45<\/option>\n\t\t\t\t\t\t\t\t\t\t\t\t\t\t\t\t\t\t\t\t<option value=\"11:00\">\n\t\t\t\t\t\t\t\t\t\t\t11:00<\/option>\n\t\t\t\t\t\t\t\t\t\t<option value=\"11:15\">\n\t\t\t\t\t\t\t\t\t\t\t11:15<\/option>\n\t\t\t\t\t\t\t\t\t\t<option value=\"11:30\">\n\t\t\t\t\t\t\t\t\t\t\t11:30<\/option>\n\t\t\t\t\t\t\t\t\t\t<option value=\"11:45\">\n\t\t\t\t\t\t\t\t\t\t\t11:45<\/option>\n\t\t\t\t\t\t\t\t\t\t\t\t\t\t\t\t\t\t\t\t<option value=\"12:00\">\n\t\t\t\t\t\t\t\t\t\t\t12:00<\/option>\n\t\t\t\t\t\t\t\t\t\t<option value=\"12:15\">\n\t\t\t\t\t\t\t\t\t\t\t12:15<\/option>\n\t\t\t\t\t\t\t\t\t\t<option value=\"12:30\">\n\t\t\t\t\t\t\t\t\t\t\t12:30<\/option>\n\t\t\t\t\t\t\t\t\t\t<option value=\"12:45\">\n\t\t\t\t\t\t\t\t\t\t\t12:45<\/option>\n\t\t\t\t\t\t\t\t\t\t\t\t\t\t\t\t\t\t\t\t<option value=\"13:00\">\n\t\t\t\t\t\t\t\t\t\t\t13:00<\/option>\n\t\t\t\t\t\t\t\t\t\t<option value=\"13:15\">\n\t\t\t\t\t\t\t\t\t\t\t13:15<\/option>\n\t\t\t\t\t\t\t\t\t\t<option value=\"13:30\">\n\t\t\t\t\t\t\t\t\t\t\t13:30<\/option>\n\t\t\t\t\t\t\t\t\t\t<option value=\"13:45\">\n\t\t\t\t\t\t\t\t\t\t\t13:45<\/option>\n\t\t\t\t\t\t\t\t\t\t\t\t\t\t\t\t\t\t\t\t<option value=\"14:00\">\n\t\t\t\t\t\t\t\t\t\t\t14:00<\/option>\n\t\t\t\t\t\t\t\t\t\t<option value=\"14:15\">\n\t\t\t\t\t\t\t\t\t\t\t14:15<\/option>\n\t\t\t\t\t\t\t\t\t\t<option value=\"14:30\">\n\t\t\t\t\t\t\t\t\t\t\t14:30<\/option>\n\t\t\t\t\t\t\t\t\t\t<option value=\"14:45\">\n\t\t\t\t\t\t\t\t\t\t\t14:45<\/option>\n\t\t\t\t\t\t\t\t\t\t\t\t\t\t\t\t\t\t\t\t<option value=\"15:00\">\n\t\t\t\t\t\t\t\t\t\t\t15:00<\/option>\n\t\t\t\t\t\t\t\t\t\t<option value=\"15:15\">\n\t\t\t\t\t\t\t\t\t\t\t15:15<\/option>\n\t\t\t\t\t\t\t\t\t\t<option value=\"15:30\">\n\t\t\t\t\t\t\t\t\t\t\t15:30<\/option>\n\t\t\t\t\t\t\t\t\t\t<option value=\"15:45\">\n\t\t\t\t\t\t\t\t\t\t\t15:45<\/option>\n\t\t\t\t\t\t\t\t\t\t\t\t\t\t\t\t\t\t\t\t<option value=\"16:00\">\n\t\t\t\t\t\t\t\t\t\t\t16:00<\/option>\n\t\t\t\t\t\t\t\t\t\t<option value=\"16:15\">\n\t\t\t\t\t\t\t\t\t\t\t16:15<\/option>\n\t\t\t\t\t\t\t\t\t\t<option value=\"16:30\">\n\t\t\t\t\t\t\t\t\t\t\t16:30<\/option>\n\t\t\t\t\t\t\t\t\t\t<option value=\"16:45\">\n\t\t\t\t\t\t\t\t\t\t\t16:45<\/option>\n\t\t\t\t\t\t\t\t\t\t\t\t\t\t\t\t\t\t\t\t<option value=\"17:00\">\n\t\t\t\t\t\t\t\t\t\t\t17:00<\/option>\n\t\t\t\t\t\t\t\t\t\t<option value=\"17:15\">\n\t\t\t\t\t\t\t\t\t\t\t17:15<\/option>\n\t\t\t\t\t\t\t\t\t\t<option value=\"17:30\">\n\t\t\t\t\t\t\t\t\t\t\t17:30<\/option>\n\t\t\t\t\t\t\t\t\t\t<option value=\"17:45\">\n\t\t\t\t\t\t\t\t\t\t\t17:45<\/option>\n\t\t\t\t\t\t\t\t\t\t\t\t\t\t\t\t\t\t\t\t<option value=\"18:00\">\n\t\t\t\t\t\t\t\t\t\t\t18:00<\/option>\n\t\t\t\t\t\t\t\t\t\t<option value=\"18:15\">\n\t\t\t\t\t\t\t\t\t\t\t18:15<\/option>\n\t\t\t\t\t\t\t\t\t\t<option value=\"18:30\">\n\t\t\t\t\t\t\t\t\t\t\t18:30<\/option>\n\t\t\t\t\t\t\t\t\t\t<option value=\"18:45\">\n\t\t\t\t\t\t\t\t\t\t\t18:45<\/option>\n\t\t\t\t\t\t\t\t\t\t\t\t\t\t\t\t\t\t\t\t<option value=\"19:00\">\n\t\t\t\t\t\t\t\t\t\t\t19:00<\/option>\n\t\t\t\t\t\t\t\t\t\t<option value=\"19:15\">\n\t\t\t\t\t\t\t\t\t\t\t19:15<\/option>\n\t\t\t\t\t\t\t\t\t\t<option value=\"19:30\">\n\t\t\t\t\t\t\t\t\t\t\t19:30<\/option>\n\t\t\t\t\t\t\t\t\t\t<option value=\"19:45\">\n\t\t\t\t\t\t\t\t\t\t\t19:45<\/option>\n\t\t\t\t\t\t\t\t\t\t\t\t\t\t\t\t\t\t\t\t<option value=\"20:00\">\n\t\t\t\t\t\t\t\t\t\t\t20:00<\/option>\n\t\t\t\t\t\t\t\t\t\t<option value=\"20:15\">\n\t\t\t\t\t\t\t\t\t\t\t20:15<\/option>\n\t\t\t\t\t\t\t\t\t\t<option value=\"20:30\">\n\t\t\t\t\t\t\t\t\t\t\t20:30<\/option>\n\t\t\t\t\t\t\t\t\t\t<option value=\"20:45\">\n\t\t\t\t\t\t\t\t\t\t\t20:45<\/option>\n\t\t\t\t\t\t\t\t\t\t\t\t\t\t\t\t\t\t\t\t<option value=\"21:00\">\n\t\t\t\t\t\t\t\t\t\t\t21:00<\/option>\n\t\t\t\t\t\t\t\t\t\t<option value=\"21:15\">\n\t\t\t\t\t\t\t\t\t\t\t21:15<\/option>\n\t\t\t\t\t\t\t\t\t\t<option value=\"21:30\">\n\t\t\t\t\t\t\t\t\t\t\t21:30<\/option>\n\t\t\t\t\t\t\t\t\t\t<option value=\"21:45\">\n\t\t\t\t\t\t\t\t\t\t\t21:45<\/option>\n\t\t\t\t\t\t\t\t\t\t\t\t\t\t\t\t\t\t\t\t<option value=\"22:00\">\n\t\t\t\t\t\t\t\t\t\t\t22:00<\/option>\n\t\t\t\t\t\t\t\t\t\t<option value=\"22:15\">\n\t\t\t\t\t\t\t\t\t\t\t22:15<\/option>\n\t\t\t\t\t\t\t\t\t\t<option value=\"22:30\">\n\t\t\t\t\t\t\t\t\t\t\t22:30<\/option>\n\t\t\t\t\t\t\t\t\t\t<option value=\"22:45\">\n\t\t\t\t\t\t\t\t\t\t\t22:45<\/option>\n\t\t\t\t\t\t\t\t\t\t\t\t\t\t\t\t\t\t\t\t<option value=\"23:00\">\n\t\t\t\t\t\t\t\t\t\t\t23:00<\/option>\n\t\t\t\t\t\t\t\t\t\t<option value=\"23:15\">\n\t\t\t\t\t\t\t\t\t\t\t23:15<\/option>\n\t\t\t\t\t\t\t\t\t\t<option value=\"23:30\">\n\t\t\t\t\t\t\t\t\t\t\t23:30<\/option>\n\t\t\t\t\t\t\t\t\t\t<option value=\"23:45\">\n\t\t\t\t\t\t\t\t\t\t\t23:45<\/option>\n\t\t\t\t\t\t\t\t\t\t\t\t\t\t\t\t\t\t\t<\/select>\n\t\t\t\t\t\t\t\t<\/div>\n\t\t\t\t\t\t\t<\/div>\n\t\t\t\t\t\t<\/div>\n\n\t\t\t\t\t<\/div>\n\t\t\t\t\n\n\t\t\t\t\t\t<div class=\"row\">\n                               <div class=\"col-sm-6\">\n\t\t\t\t\t\t\t\t<div class=\"form-group promo-code\">\n\t\t\t\t\t\t\t\t\t\t\t\t\t\t\t\t\t<label for=\"tipogrupo\" class=\"w-50 text-right pr-3 pt-1\">Group<\/label>\n\t\t\t\t\t\t\t\t\t<select name=\"tipogrupo\" id=\"tipogrupo\" class=\"form-control w-50\">\n\t\t\t\t\t\t\t\t\t<option value=\"0\">Voir tous<\/option>\n\t\t\t                        <option value=\"1\">Standard<\/option> \n\t\t\t\t\t\t\t\t\t<option value=\"2\">Automatique<\/option>  \n\t\t\t\t\t\t\t\t\t<option value=\"4\">Transporteurs<\/option>  \n\t\t\t\t\t\t\t\t\t<option value=\"5\">Cabriolet et Sport<\/option>  \n\t\t\t\t\t\t\t\t\t<option value=\"6\">Prestige<\/option>  \n\t\t\t\t\t\t\t\t\t<option value=\"8\">SUV<\/option>  \n\t\t\t\t\t\t\t\t\t<option value=\"10\">Camping car et Autocaravane<\/option>  \t\t\t\t\t\t\t\n\t\t\t\t\t\t\t\t<\/select>\t\n\t\t\t\t\t\t\t\t\t\n\t\t\t\t\t\t\t<\/div>\n\t\t\t\t\t\t\t<\/div>\n\t\t\t\t\t\t<div class=\"col-sm-6 align-self-end\">\n\t\t\t\t\t\t\t<div class=\"form-group\">\n\t\t\t\t\t\t\t\t<input type=\"submit\" class=\"btn-quote\" value=\"Voir les prix\" onclick=\"return msgAlert()\">\n\t\t\t\t\t\t\t<\/div>\n\t\t\t\t\t\t<\/div>\n\t\t\t\t\t<\/div>\n\t\t\t\t<\/form>\n\t\t\t\t<div class=\"row hide-mini-tablet advantages\">\n\t\t\t\t\t\t<div class=\"col-12\">\n\t\t\t\t\t\t\t<h4 class=\"text-center text-white\">TARIFS IMBATTABLES<\/h4>\n\t\t\t\t\t\t\t<ul>\n\t\t\t\t\t\t\t\t<li><strong>Grande flotte<\/strong> de voitures neuves.<\/li>\n\t\t\t\t\t\t\t\t<li><strong>Payez \u00e0 l'arriv\u00e9e<\/strong>.<\/li>\n\t\t\t\t\t\t\t\t<li>Ce que vous voyez est ce que vous payez.<\/li>\n\t\t\t\t\t\t\t\t<li><strong>Pas difficile \u00e0 vendre au bureau<\/strong>.<\/li>\n\t\t\t\t\t\t\t\t<li>Service de livraison VIP gratuit.<\/li>\n\t\t\t\t\t\t\t\t<li><strong class='redpassion-alt'>PAS DE FRAIS SUPPL\u00c9MENTAIRES<\/strong>, pour le service de ravitaillement.<\/li>\n\t\t\t\t\t\t\t<\/ul>\n\t\t\t\t\t\t<\/div>\n\t\t\t\t\t<\/div>\n\t\t\t\t<\/div>\n\t\t\t<br clear=\"all\">\n\n","protected":false},"excerpt":{"rendered":"<p>D\u00e9couvrez de magnifiques itin\u00e9raires \u00e0 moto \u00e0 Malaga et ressentez la libert\u00e9 d\u2019explorer la province et les villes de la Costa del Sol. Cet article pr\u00e9sente une vari\u00e9t\u00e9 d\u2019itin\u00e9raires \u00e0 moto \u00e0 travers la r\u00e9gion, de la Serran\u00eda de Ronda \u00e0 l\u2019Axarqu\u00eda. Avec de belles courbes et des paysages \u00e0 couper le souffle, ces itin\u00e9raires vous emm\u00e8nent \u00e0 travers des montagnes, des for\u00eats et des villages blancs d\u2019origine arabe. N\u2019attendez plus pour louer votre moto \u00e0 Malaga et profitez au maximum de vos vacances\u202f!<\/p>\n","protected":false},"author":1,"featured_media":554,"comment_status":"open","ping_status":"open","sticky":false,"template":"","format":"standard","meta":{"footnotes":""},"categories":[2],"tags":[],"class_list":["post-553","post","type-post","status-publish","format-standard","has-post-thumbnail","hentry","category-loisirs"],"yoast_head":"<!-- This site is optimized with the Yoast SEO plugin v28.4 - https:\/\/yoast.com\/product\/yoast-seo-wordpress\/ -->\n<title>Les meilleurs itin\u00e9raires \u00e0 moto \u00e0 M\u00e1laga et sur la Costa del Sol<\/title>\n<meta name=\"description\" content=\"Impressionnantes routes \u00e0 moto \u00e0 M\u00e1laga, ressentez la libert\u00e9 en d\u00e9couvrant la province et les villes de la Costa del Sol.\" \/>\n<meta name=\"robots\" content=\"index, follow, max-snippet:-1, max-image-preview:large, max-video-preview:-1\" \/>\n<link rel=\"canonical\" href=\"https:\/\/www.malagacar.com\/fr\/blog\/loisirs\/itineraires-moto-malaga\/\" \/>\n<meta property=\"og:locale\" content=\"fr_FR\" \/>\n<meta property=\"og:type\" content=\"article\" \/>\n<meta property=\"og:title\" content=\"Les meilleurs itin\u00e9raires \u00e0 moto \u00e0 M\u00e1laga et sur la Costa del Sol\" \/>\n<meta property=\"og:description\" content=\"Impressionnantes routes \u00e0 moto \u00e0 M\u00e1laga, ressentez la libert\u00e9 en d\u00e9couvrant la province et les villes de la Costa del Sol.\" \/>\n<meta property=\"og:url\" content=\"https:\/\/www.malagacar.com\/fr\/blog\/loisirs\/itineraires-moto-malaga\/\" \/>\n<meta property=\"og:site_name\" content=\"Blog de MalagaCar.com\" \/>\n<meta property=\"article:publisher\" content=\"https:\/\/www.facebook.com\/malagacar\" \/>\n<meta property=\"article:published_time\" content=\"2023-05-03T12:55:53+00:00\" \/>\n<meta property=\"article:modified_time\" content=\"2023-05-03T12:58:40+00:00\" \/>\n<meta property=\"og:image\" content=\"https:\/\/www.malagacar.com\/fr\/blog\/wp-content\/uploads\/2023\/05\/moto-routes-malaga-fr.jpg\" \/>\n\t<meta property=\"og:image:width\" content=\"1200\" \/>\n\t<meta property=\"og:image:height\" content=\"676\" \/>\n\t<meta property=\"og:image:type\" content=\"image\/jpeg\" \/>\n<meta name=\"author\" content=\"MalagaCar.com\" \/>\n<meta name=\"twitter:card\" content=\"summary_large_image\" \/>\n<meta name=\"twitter:creator\" content=\"@malagacarcom\" \/>\n<meta name=\"twitter:site\" content=\"@malagacarcom\" \/>\n<meta name=\"twitter:label1\" content=\"\u00c9crit par\" \/>\n\t<meta name=\"twitter:data1\" content=\"MalagaCar.com\" \/>\n\t<meta name=\"twitter:label2\" content=\"Dur\u00e9e de lecture estim\u00e9e\" \/>\n\t<meta name=\"twitter:data2\" content=\"10 minutes\" \/>\n<script type=\"application\/ld+json\" class=\"yoast-schema-graph\">{\"@context\":\"https:\\\/\\\/schema.org\",\"@graph\":[{\"@type\":\"Article\",\"@id\":\"https:\\\/\\\/www.malagacar.com\\\/fr\\\/blog\\\/loisirs\\\/itineraires-moto-malaga\\\/#article\",\"isPartOf\":{\"@id\":\"https:\\\/\\\/www.malagacar.com\\\/fr\\\/blog\\\/loisirs\\\/itineraires-moto-malaga\\\/\"},\"author\":{\"name\":\"MalagaCar.com\",\"@id\":\"https:\\\/\\\/www.malagacar.com\\\/fr\\\/blog\\\/#\\\/schema\\\/person\\\/ffb97005d02bcc7d0bb59f5409635691\"},\"headline\":\"Les meilleurs itin\u00e9raires \u00e0 moto \u00e0 M\u00e1laga et sur la Costa del Sol\",\"datePublished\":\"2023-05-03T12:55:53+00:00\",\"dateModified\":\"2023-05-03T12:58:40+00:00\",\"mainEntityOfPage\":{\"@id\":\"https:\\\/\\\/www.malagacar.com\\\/fr\\\/blog\\\/loisirs\\\/itineraires-moto-malaga\\\/\"},\"wordCount\":1571,\"commentCount\":0,\"publisher\":{\"@id\":\"https:\\\/\\\/www.malagacar.com\\\/fr\\\/blog\\\/#organization\"},\"image\":{\"@id\":\"https:\\\/\\\/www.malagacar.com\\\/fr\\\/blog\\\/loisirs\\\/itineraires-moto-malaga\\\/#primaryimage\"},\"thumbnailUrl\":\"https:\\\/\\\/www.malagacar.com\\\/fr\\\/blog\\\/wp-content\\\/uploads\\\/2023\\\/05\\\/moto-routes-malaga-fr.jpg\",\"articleSection\":[\"Loisirs\"],\"inLanguage\":\"fr-FR\",\"potentialAction\":[{\"@type\":\"CommentAction\",\"name\":\"Comment\",\"target\":[\"https:\\\/\\\/www.malagacar.com\\\/fr\\\/blog\\\/loisirs\\\/itineraires-moto-malaga\\\/#respond\"]}]},{\"@type\":\"WebPage\",\"@id\":\"https:\\\/\\\/www.malagacar.com\\\/fr\\\/blog\\\/loisirs\\\/itineraires-moto-malaga\\\/\",\"url\":\"https:\\\/\\\/www.malagacar.com\\\/fr\\\/blog\\\/loisirs\\\/itineraires-moto-malaga\\\/\",\"name\":\"Les meilleurs itin\u00e9raires \u00e0 moto \u00e0 M\u00e1laga et sur la Costa del Sol\",\"isPartOf\":{\"@id\":\"https:\\\/\\\/www.malagacar.com\\\/fr\\\/blog\\\/#website\"},\"primaryImageOfPage\":{\"@id\":\"https:\\\/\\\/www.malagacar.com\\\/fr\\\/blog\\\/loisirs\\\/itineraires-moto-malaga\\\/#primaryimage\"},\"image\":{\"@id\":\"https:\\\/\\\/www.malagacar.com\\\/fr\\\/blog\\\/loisirs\\\/itineraires-moto-malaga\\\/#primaryimage\"},\"thumbnailUrl\":\"https:\\\/\\\/www.malagacar.com\\\/fr\\\/blog\\\/wp-content\\\/uploads\\\/2023\\\/05\\\/moto-routes-malaga-fr.jpg\",\"datePublished\":\"2023-05-03T12:55:53+00:00\",\"dateModified\":\"2023-05-03T12:58:40+00:00\",\"description\":\"Impressionnantes routes \u00e0 moto \u00e0 M\u00e1laga, ressentez la libert\u00e9 en d\u00e9couvrant la province et les villes de la Costa del Sol.\",\"breadcrumb\":{\"@id\":\"https:\\\/\\\/www.malagacar.com\\\/fr\\\/blog\\\/loisirs\\\/itineraires-moto-malaga\\\/#breadcrumb\"},\"inLanguage\":\"fr-FR\",\"potentialAction\":[{\"@type\":\"ReadAction\",\"target\":[\"https:\\\/\\\/www.malagacar.com\\\/fr\\\/blog\\\/loisirs\\\/itineraires-moto-malaga\\\/\"]}]},{\"@type\":\"ImageObject\",\"inLanguage\":\"fr-FR\",\"@id\":\"https:\\\/\\\/www.malagacar.com\\\/fr\\\/blog\\\/loisirs\\\/itineraires-moto-malaga\\\/#primaryimage\",\"url\":\"https:\\\/\\\/www.malagacar.com\\\/fr\\\/blog\\\/wp-content\\\/uploads\\\/2023\\\/05\\\/moto-routes-malaga-fr.jpg\",\"contentUrl\":\"https:\\\/\\\/www.malagacar.com\\\/fr\\\/blog\\\/wp-content\\\/uploads\\\/2023\\\/05\\\/moto-routes-malaga-fr.jpg\",\"width\":1200,\"height\":676,\"caption\":\"Les meilleures routes \u00e0 moto en M\u00e1laga\"},{\"@type\":\"BreadcrumbList\",\"@id\":\"https:\\\/\\\/www.malagacar.com\\\/fr\\\/blog\\\/loisirs\\\/itineraires-moto-malaga\\\/#breadcrumb\",\"itemListElement\":[{\"@type\":\"ListItem\",\"position\":1,\"name\":\"Accueil\",\"item\":\"https:\\\/\\\/www.malagacar.com\\\/fr\\\/blog\\\/\"},{\"@type\":\"ListItem\",\"position\":2,\"name\":\"Les meilleurs itin\u00e9raires \u00e0 moto \u00e0 M\u00e1laga et sur la Costa del Sol\"}]},{\"@type\":\"WebSite\",\"@id\":\"https:\\\/\\\/www.malagacar.com\\\/fr\\\/blog\\\/#website\",\"url\":\"https:\\\/\\\/www.malagacar.com\\\/fr\\\/blog\\\/\",\"name\":\"Blog de MalagaCar.com\",\"description\":\"Nouvelles et informations int\u00e9ressantes sur la location de voitures \u00e0 l&#039;a\u00e9roport de Malaga.\",\"publisher\":{\"@id\":\"https:\\\/\\\/www.malagacar.com\\\/fr\\\/blog\\\/#organization\"},\"potentialAction\":[{\"@type\":\"SearchAction\",\"target\":{\"@type\":\"EntryPoint\",\"urlTemplate\":\"https:\\\/\\\/www.malagacar.com\\\/fr\\\/blog\\\/?s={search_term_string}\"},\"query-input\":{\"@type\":\"PropertyValueSpecification\",\"valueRequired\":true,\"valueName\":\"search_term_string\"}}],\"inLanguage\":\"fr-FR\"},{\"@type\":\"Organization\",\"@id\":\"https:\\\/\\\/www.malagacar.com\\\/fr\\\/blog\\\/#organization\",\"name\":\"MalagaCar.com\",\"url\":\"https:\\\/\\\/www.malagacar.com\\\/fr\\\/blog\\\/\",\"logo\":{\"@type\":\"ImageObject\",\"inLanguage\":\"fr-FR\",\"@id\":\"https:\\\/\\\/www.malagacar.com\\\/fr\\\/blog\\\/#\\\/schema\\\/logo\\\/image\\\/\",\"url\":\"https:\\\/\\\/www.malagacar.com\\\/fr\\\/blog\\\/wp-content\\\/uploads\\\/2021\\\/06\\\/logo-malagacar-social.png\",\"contentUrl\":\"https:\\\/\\\/www.malagacar.com\\\/fr\\\/blog\\\/wp-content\\\/uploads\\\/2021\\\/06\\\/logo-malagacar-social.png\",\"width\":900,\"height\":900,\"caption\":\"MalagaCar.com\"},\"image\":{\"@id\":\"https:\\\/\\\/www.malagacar.com\\\/fr\\\/blog\\\/#\\\/schema\\\/logo\\\/image\\\/\"},\"sameAs\":[\"https:\\\/\\\/www.facebook.com\\\/malagacar\",\"https:\\\/\\\/x.com\\\/malagacarcom\",\"https:\\\/\\\/www.instagram.com\\\/malagacar\\\/\",\"https:\\\/\\\/www.linkedin.com\\\/company\\\/malagacar.com\",\"https:\\\/\\\/www.youtube.com\\\/c\\\/MalagacarAirport\"]},{\"@type\":\"Person\",\"@id\":\"https:\\\/\\\/www.malagacar.com\\\/fr\\\/blog\\\/#\\\/schema\\\/person\\\/ffb97005d02bcc7d0bb59f5409635691\",\"name\":\"MalagaCar.com\",\"image\":{\"@type\":\"ImageObject\",\"inLanguage\":\"fr-FR\",\"@id\":\"https:\\\/\\\/secure.gravatar.com\\\/avatar\\\/296ebc31026e7be05868369e4c596b3239b1582b2fcf8a45de57333e2e82bb82?s=96&d=mm&r=g\",\"url\":\"https:\\\/\\\/secure.gravatar.com\\\/avatar\\\/296ebc31026e7be05868369e4c596b3239b1582b2fcf8a45de57333e2e82bb82?s=96&d=mm&r=g\",\"contentUrl\":\"https:\\\/\\\/secure.gravatar.com\\\/avatar\\\/296ebc31026e7be05868369e4c596b3239b1582b2fcf8a45de57333e2e82bb82?s=96&d=mm&r=g\",\"caption\":\"MalagaCar.com\"},\"sameAs\":[\"https:\\\/\\\/www.malagacar.com\\\/fr\\\/blog\"]}]}<\/script>\n<!-- \/ Yoast SEO plugin. -->","yoast_head_json":{"title":"Les meilleurs itin\u00e9raires \u00e0 moto \u00e0 M\u00e1laga et sur la Costa del Sol","description":"Impressionnantes routes \u00e0 moto \u00e0 M\u00e1laga, ressentez la libert\u00e9 en d\u00e9couvrant la province et les villes de la Costa del Sol.","robots":{"index":"index","follow":"follow","max-snippet":"max-snippet:-1","max-image-preview":"max-image-preview:large","max-video-preview":"max-video-preview:-1"},"canonical":"https:\/\/www.malagacar.com\/fr\/blog\/loisirs\/itineraires-moto-malaga\/","og_locale":"fr_FR","og_type":"article","og_title":"Les meilleurs itin\u00e9raires \u00e0 moto \u00e0 M\u00e1laga et sur la Costa del Sol","og_description":"Impressionnantes routes \u00e0 moto \u00e0 M\u00e1laga, ressentez la libert\u00e9 en d\u00e9couvrant la province et les villes de la Costa del Sol.","og_url":"https:\/\/www.malagacar.com\/fr\/blog\/loisirs\/itineraires-moto-malaga\/","og_site_name":"Blog de MalagaCar.com","article_publisher":"https:\/\/www.facebook.com\/malagacar","article_published_time":"2023-05-03T12:55:53+00:00","article_modified_time":"2023-05-03T12:58:40+00:00","og_image":[{"width":1200,"height":676,"url":"https:\/\/www.malagacar.com\/fr\/blog\/wp-content\/uploads\/2023\/05\/moto-routes-malaga-fr.jpg","type":"image\/jpeg"}],"author":"MalagaCar.com","twitter_card":"summary_large_image","twitter_creator":"@malagacarcom","twitter_site":"@malagacarcom","twitter_misc":{"\u00c9crit par":"MalagaCar.com","Dur\u00e9e de lecture estim\u00e9e":"10 minutes"},"schema":{"@context":"https:\/\/schema.org","@graph":[{"@type":"Article","@id":"https:\/\/www.malagacar.com\/fr\/blog\/loisirs\/itineraires-moto-malaga\/#article","isPartOf":{"@id":"https:\/\/www.malagacar.com\/fr\/blog\/loisirs\/itineraires-moto-malaga\/"},"author":{"name":"MalagaCar.com","@id":"https:\/\/www.malagacar.com\/fr\/blog\/#\/schema\/person\/ffb97005d02bcc7d0bb59f5409635691"},"headline":"Les meilleurs itin\u00e9raires \u00e0 moto \u00e0 M\u00e1laga et sur la Costa del Sol","datePublished":"2023-05-03T12:55:53+00:00","dateModified":"2023-05-03T12:58:40+00:00","mainEntityOfPage":{"@id":"https:\/\/www.malagacar.com\/fr\/blog\/loisirs\/itineraires-moto-malaga\/"},"wordCount":1571,"commentCount":0,"publisher":{"@id":"https:\/\/www.malagacar.com\/fr\/blog\/#organization"},"image":{"@id":"https:\/\/www.malagacar.com\/fr\/blog\/loisirs\/itineraires-moto-malaga\/#primaryimage"},"thumbnailUrl":"https:\/\/www.malagacar.com\/fr\/blog\/wp-content\/uploads\/2023\/05\/moto-routes-malaga-fr.jpg","articleSection":["Loisirs"],"inLanguage":"fr-FR","potentialAction":[{"@type":"CommentAction","name":"Comment","target":["https:\/\/www.malagacar.com\/fr\/blog\/loisirs\/itineraires-moto-malaga\/#respond"]}]},{"@type":"WebPage","@id":"https:\/\/www.malagacar.com\/fr\/blog\/loisirs\/itineraires-moto-malaga\/","url":"https:\/\/www.malagacar.com\/fr\/blog\/loisirs\/itineraires-moto-malaga\/","name":"Les meilleurs itin\u00e9raires \u00e0 moto \u00e0 M\u00e1laga et sur la Costa del Sol","isPartOf":{"@id":"https:\/\/www.malagacar.com\/fr\/blog\/#website"},"primaryImageOfPage":{"@id":"https:\/\/www.malagacar.com\/fr\/blog\/loisirs\/itineraires-moto-malaga\/#primaryimage"},"image":{"@id":"https:\/\/www.malagacar.com\/fr\/blog\/loisirs\/itineraires-moto-malaga\/#primaryimage"},"thumbnailUrl":"https:\/\/www.malagacar.com\/fr\/blog\/wp-content\/uploads\/2023\/05\/moto-routes-malaga-fr.jpg","datePublished":"2023-05-03T12:55:53+00:00","dateModified":"2023-05-03T12:58:40+00:00","description":"Impressionnantes routes \u00e0 moto \u00e0 M\u00e1laga, ressentez la libert\u00e9 en d\u00e9couvrant la province et les villes de la Costa del Sol.","breadcrumb":{"@id":"https:\/\/www.malagacar.com\/fr\/blog\/loisirs\/itineraires-moto-malaga\/#breadcrumb"},"inLanguage":"fr-FR","potentialAction":[{"@type":"ReadAction","target":["https:\/\/www.malagacar.com\/fr\/blog\/loisirs\/itineraires-moto-malaga\/"]}]},{"@type":"ImageObject","inLanguage":"fr-FR","@id":"https:\/\/www.malagacar.com\/fr\/blog\/loisirs\/itineraires-moto-malaga\/#primaryimage","url":"https:\/\/www.malagacar.com\/fr\/blog\/wp-content\/uploads\/2023\/05\/moto-routes-malaga-fr.jpg","contentUrl":"https:\/\/www.malagacar.com\/fr\/blog\/wp-content\/uploads\/2023\/05\/moto-routes-malaga-fr.jpg","width":1200,"height":676,"caption":"Les meilleures routes \u00e0 moto en M\u00e1laga"},{"@type":"BreadcrumbList","@id":"https:\/\/www.malagacar.com\/fr\/blog\/loisirs\/itineraires-moto-malaga\/#breadcrumb","itemListElement":[{"@type":"ListItem","position":1,"name":"Accueil","item":"https:\/\/www.malagacar.com\/fr\/blog\/"},{"@type":"ListItem","position":2,"name":"Les meilleurs itin\u00e9raires \u00e0 moto \u00e0 M\u00e1laga et sur la Costa del Sol"}]},{"@type":"WebSite","@id":"https:\/\/www.malagacar.com\/fr\/blog\/#website","url":"https:\/\/www.malagacar.com\/fr\/blog\/","name":"Blog de MalagaCar.com","description":"Nouvelles et informations int\u00e9ressantes sur la location de voitures \u00e0 l&#039;a\u00e9roport de Malaga.","publisher":{"@id":"https:\/\/www.malagacar.com\/fr\/blog\/#organization"},"potentialAction":[{"@type":"SearchAction","target":{"@type":"EntryPoint","urlTemplate":"https:\/\/www.malagacar.com\/fr\/blog\/?s={search_term_string}"},"query-input":{"@type":"PropertyValueSpecification","valueRequired":true,"valueName":"search_term_string"}}],"inLanguage":"fr-FR"},{"@type":"Organization","@id":"https:\/\/www.malagacar.com\/fr\/blog\/#organization","name":"MalagaCar.com","url":"https:\/\/www.malagacar.com\/fr\/blog\/","logo":{"@type":"ImageObject","inLanguage":"fr-FR","@id":"https:\/\/www.malagacar.com\/fr\/blog\/#\/schema\/logo\/image\/","url":"https:\/\/www.malagacar.com\/fr\/blog\/wp-content\/uploads\/2021\/06\/logo-malagacar-social.png","contentUrl":"https:\/\/www.malagacar.com\/fr\/blog\/wp-content\/uploads\/2021\/06\/logo-malagacar-social.png","width":900,"height":900,"caption":"MalagaCar.com"},"image":{"@id":"https:\/\/www.malagacar.com\/fr\/blog\/#\/schema\/logo\/image\/"},"sameAs":["https:\/\/www.facebook.com\/malagacar","https:\/\/x.com\/malagacarcom","https:\/\/www.instagram.com\/malagacar\/","https:\/\/www.linkedin.com\/company\/malagacar.com","https:\/\/www.youtube.com\/c\/MalagacarAirport"]},{"@type":"Person","@id":"https:\/\/www.malagacar.com\/fr\/blog\/#\/schema\/person\/ffb97005d02bcc7d0bb59f5409635691","name":"MalagaCar.com","image":{"@type":"ImageObject","inLanguage":"fr-FR","@id":"https:\/\/secure.gravatar.com\/avatar\/296ebc31026e7be05868369e4c596b3239b1582b2fcf8a45de57333e2e82bb82?s=96&d=mm&r=g","url":"https:\/\/secure.gravatar.com\/avatar\/296ebc31026e7be05868369e4c596b3239b1582b2fcf8a45de57333e2e82bb82?s=96&d=mm&r=g","contentUrl":"https:\/\/secure.gravatar.com\/avatar\/296ebc31026e7be05868369e4c596b3239b1582b2fcf8a45de57333e2e82bb82?s=96&d=mm&r=g","caption":"MalagaCar.com"},"sameAs":["https:\/\/www.malagacar.com\/fr\/blog"]}]}},"_links":{"self":[{"href":"https:\/\/www.malagacar.com\/fr\/blog\/wp-json\/wp\/v2\/posts\/553","targetHints":{"allow":["GET"]}}],"collection":[{"href":"https:\/\/www.malagacar.com\/fr\/blog\/wp-json\/wp\/v2\/posts"}],"about":[{"href":"https:\/\/www.malagacar.com\/fr\/blog\/wp-json\/wp\/v2\/types\/post"}],"author":[{"embeddable":true,"href":"https:\/\/www.malagacar.com\/fr\/blog\/wp-json\/wp\/v2\/users\/1"}],"replies":[{"embeddable":true,"href":"https:\/\/www.malagacar.com\/fr\/blog\/wp-json\/wp\/v2\/comments?post=553"}],"version-history":[{"count":4,"href":"https:\/\/www.malagacar.com\/fr\/blog\/wp-json\/wp\/v2\/posts\/553\/revisions"}],"predecessor-version":[{"id":558,"href":"https:\/\/www.malagacar.com\/fr\/blog\/wp-json\/wp\/v2\/posts\/553\/revisions\/558"}],"wp:featuredmedia":[{"embeddable":true,"href":"https:\/\/www.malagacar.com\/fr\/blog\/wp-json\/wp\/v2\/media\/554"}],"wp:attachment":[{"href":"https:\/\/www.malagacar.com\/fr\/blog\/wp-json\/wp\/v2\/media?parent=553"}],"wp:term":[{"taxonomy":"category","embeddable":true,"href":"https:\/\/www.malagacar.com\/fr\/blog\/wp-json\/wp\/v2\/categories?post=553"},{"taxonomy":"post_tag","embeddable":true,"href":"https:\/\/www.malagacar.com\/fr\/blog\/wp-json\/wp\/v2\/tags?post=553"}],"curies":[{"name":"wp","href":"https:\/\/api.w.org\/{rel}","templated":true}]}}