{"id":584,"date":"2023-05-04T13:40:21","date_gmt":"2023-05-04T11:40:21","guid":{"rendered":"https:\/\/www.malagacar.com\/fr\/blog\/?p=584"},"modified":"2023-08-09T13:57:29","modified_gmt":"2023-08-09T11:57:29","slug":"grotte-de-nerja","status":"publish","type":"post","link":"https:\/\/www.malagacar.com\/fr\/blog\/loisirs\/grotte-de-nerja\/","title":{"rendered":"Tout ce que vous devez savoir pour visiter la grotte de Nerja"},"content":{"rendered":"<p>Cette fois-ci, nous vous pr\u00e9sentons la grotte de Nerja, une immense cavit\u00e9 \u00e9galement appel\u00e9e la \u00ab\u00a0cath\u00e9drale naturelle de la Costa del Sol\u00a0\u00bb, situ\u00e9e \u00e0 seulement 750 m\u00e8tres du littoral de Nerja, la municipalit\u00e9 la plus orientale de la Costa del Sol, limitrophe de la province de Grenade.<\/p>\n<p>La grotte de Nerja est non seulement c\u00e9l\u00e8bre pour ses <em><strong>formations rocheuses spectaculaires<\/strong><\/em>, ses <em><strong>sites arch\u00e9ologiques et ses peintures rupestres<\/strong><\/em>, mais aussi pour son <em><strong>Festival international de musique et de danse<\/strong><\/em>, qui a lieu chaque ann\u00e9e en juillet et ao\u00fbt.<\/p>\n<p><!--more--><br \/>\n\n            <div class=\"banner\">\n                <div class=\"row\">\n                    <div class=\"col-sm-4\">\n                        <a href=\"\/fr\/location-de-voitures\/quote.php\" data-wpel-link=\"internal\"><img decoding=\"async\" src=\"\/images\/banner-img.jpg\" alt=\"malagacar.com\"><\/a>\n                    <\/div>\n                    <div class=\"col-sm-8\">\n                      <a href=\"\/fr\/location-de-voitures\/quote.php\" class=\"banner-title\" data-wpel-link=\"internal\">Meilleure location de voitures <div>\u00e0 l'a\u00e9roport de Malaga<\/div><\/a>   \n                        <div class=\"row\">\n                            <div class=\"col-sm-7\">\n                                <ul>\n                                    <li>Pas de frais de ravitaillement<\/li>\n                                    <li>Annulation gratuite<\/li>\n                                    <li>Location sans interm\u00e9diaire<\/li>\n                                    <li>Payez lorsque vous prenez la voiture<\/li>\n                                    <li><\/li>\n                                <\/ul>\n                            <\/div>\n                            <div class=\"col-sm-5\">\n                                <a class=\"btn-banner\" href=\"\/fr\/location-de-voitures\/quote.php\" data-wpel-link=\"internal\">Consultez les prix<\/a>\n                                <img decoding=\"async\" class=\"zonturent\" src=\"\/images\/zontu-banner.png\" alt=\"\">\n                            <\/div>\n                        <\/div>\n                    <\/div>\n                 <\/div>  \n            <\/div>\n            <\/p>\n<div id=\"ez-toc-container\" class=\"ez-toc-v2_0_87 counter-hierarchy ez-toc-counter ez-toc-light-blue ez-toc-container-direction\">\n<p class=\"ez-toc-title\" style=\"cursor:inherit\">Table des mati\u00e8res<\/p>\n<label for=\"ez-toc-cssicon-toggle-item-6a9a2d26ae927\" class=\"ez-toc-cssicon-toggle-label\"><span class=\"\"><span class=\"eztoc-hide\" style=\"display:none;\">Toggle<\/span><span class=\"ez-toc-icon-toggle-span\"><svg style=\"fill: #999;color:#999\" xmlns=\"http:\/\/www.w3.org\/2000\/svg\" class=\"list-377408\" width=\"20px\" height=\"20px\" viewBox=\"0 0 24 24\" fill=\"none\"><path d=\"M6 6H4v2h2V6zm14 0H8v2h12V6zM4 11h2v2H4v-2zm16 0H8v2h12v-2zM4 16h2v2H4v-2zm16 0H8v2h12v-2z\" fill=\"currentColor\"><\/path><\/svg><svg style=\"fill: #999;color:#999\" class=\"arrow-unsorted-368013\" xmlns=\"http:\/\/www.w3.org\/2000\/svg\" width=\"10px\" height=\"10px\" viewBox=\"0 0 24 24\" version=\"1.2\" baseProfile=\"tiny\"><path d=\"M18.2 9.3l-6.2-6.3-6.2 6.3c-.2.2-.3.4-.3.7s.1.5.3.7c.2.2.4.3.7.3h11c.3 0 .5-.1.7-.3.2-.2.3-.5.3-.7s-.1-.5-.3-.7zM5.8 14.7l6.2 6.3 6.2-6.3c.2-.2.3-.5.3-.7s-.1-.5-.3-.7c-.2-.2-.4-.3-.7-.3h-11c-.3 0-.5.1-.7.3-.2.2-.3.5-.3.7s.1.5.3.7z\"\/><\/svg><\/span><\/span><\/label><input type=\"checkbox\"  id=\"ez-toc-cssicon-toggle-item-6a9a2d26ae927\"  aria-label=\"Toggle\" \/><nav><ul class='ez-toc-list ez-toc-list-level-1 ' ><li class='ez-toc-page-1 ez-toc-heading-level-2'><a class=\"ez-toc-link ez-toc-heading-1\" href=\"https:\/\/www.malagacar.com\/fr\/blog\/loisirs\/grotte-de-nerja\/#Visite_de_la_grotte_de_Nerja\" data-wpel-link=\"internal\">Visite de la grotte de Nerja<\/a><ul class='ez-toc-list-level-3' ><li class='ez-toc-heading-level-3'><a class=\"ez-toc-link ez-toc-heading-2\" href=\"https:\/\/www.malagacar.com\/fr\/blog\/loisirs\/grotte-de-nerja\/#Horaires\" data-wpel-link=\"internal\">Horaires<\/a><\/li><li class='ez-toc-page-1 ez-toc-heading-level-3'><a class=\"ez-toc-link ez-toc-heading-3\" href=\"https:\/\/www.malagacar.com\/fr\/blog\/loisirs\/grotte-de-nerja\/#Services_de_la_grotte_de_Nerja\" data-wpel-link=\"internal\">Services de la grotte de Nerja<\/a><\/li><li class='ez-toc-page-1 ez-toc-heading-level-3'><a class=\"ez-toc-link ez-toc-heading-4\" href=\"https:\/\/www.malagacar.com\/fr\/blog\/loisirs\/grotte-de-nerja\/#A_prendre_en_compte\" data-wpel-link=\"internal\">\u00c0 prendre en compte<\/a><\/li><li class='ez-toc-page-1 ez-toc-heading-level-3'><a class=\"ez-toc-link ez-toc-heading-5\" href=\"https:\/\/www.malagacar.com\/fr\/blog\/loisirs\/grotte-de-nerja\/#Train_touristique\" data-wpel-link=\"internal\">Train touristique<\/a><\/li><li class='ez-toc-page-1 ez-toc-heading-level-3'><a class=\"ez-toc-link ez-toc-heading-6\" href=\"https:\/\/www.malagacar.com\/fr\/blog\/loisirs\/grotte-de-nerja\/#Salle_de_realite_virtuelle\" data-wpel-link=\"internal\">Salle de r\u00e9alit\u00e9 virtuelle<\/a><\/li><li class='ez-toc-page-1 ez-toc-heading-level-3'><a class=\"ez-toc-link ez-toc-heading-7\" href=\"https:\/\/www.malagacar.com\/fr\/blog\/loisirs\/grotte-de-nerja\/#Festival_de_musique_et_de_danse_de_la_grotte_de_Nerja\" data-wpel-link=\"internal\">Festival de musique et de danse de la grotte de Nerja<\/a><\/li><\/ul><\/li><li class='ez-toc-page-1 ez-toc-heading-level-2'><a class=\"ez-toc-link ez-toc-heading-8\" href=\"https:\/\/www.malagacar.com\/fr\/blog\/loisirs\/grotte-de-nerja\/#Environnement_Axarquia_Villages_blancs\" data-wpel-link=\"internal\">Environnement, Axarqu\u00eda, Villages blancs<\/a><ul class='ez-toc-list-level-3' ><li class='ez-toc-heading-level-3'><a class=\"ez-toc-link ez-toc-heading-9\" href=\"https:\/\/www.malagacar.com\/fr\/blog\/loisirs\/grotte-de-nerja\/#Maro\" data-wpel-link=\"internal\">Maro<\/a><\/li><li class='ez-toc-page-1 ez-toc-heading-level-3'><a class=\"ez-toc-link ez-toc-heading-10\" href=\"https:\/\/www.malagacar.com\/fr\/blog\/loisirs\/grotte-de-nerja\/#Les_falaises_de_Maro_%E2%80%93_Cerro_Gordo\" data-wpel-link=\"internal\">Les falaises de Maro &#8211; Cerro Gordo<\/a><\/li><li class='ez-toc-page-1 ez-toc-heading-level-3'><a class=\"ez-toc-link ez-toc-heading-11\" href=\"https:\/\/www.malagacar.com\/fr\/blog\/loisirs\/grotte-de-nerja\/#Frigiliana\" data-wpel-link=\"internal\">Frigiliana<\/a><\/li><li class='ez-toc-page-1 ez-toc-heading-level-3'><a class=\"ez-toc-link ez-toc-heading-12\" href=\"https:\/\/www.malagacar.com\/fr\/blog\/loisirs\/grotte-de-nerja\/#Villages_blancs_dAxarquia\" data-wpel-link=\"internal\">Villages blancs d&rsquo;Axarqu\u00eda<\/a><\/li><\/ul><\/li><\/ul><\/nav><\/div>\n<h2><span class=\"ez-toc-section\" id=\"Visite_de_la_grotte_de_Nerja\"><\/span>Visite de la grotte de Nerja<span class=\"ez-toc-section-end\"><\/span><\/h2>\n<p>Il n&rsquo;est pas indispensable d&rsquo;acheter des billets \u00e0 l&rsquo;avance pour visiter la grotte, mais il est recommand\u00e9 d&rsquo;\u00e9conomiser le temps d&rsquo;attente aux guichets et surtout en haute saison les billets sont g\u00e9n\u00e9ralement rapidement \u00e9puis\u00e9s. Les billets peuvent \u00eatre achet\u00e9s en ligne via le site web.<\/p>\n<h3><span class=\"ez-toc-section\" id=\"Horaires\"><\/span>Horaires<span class=\"ez-toc-section-end\"><\/span><\/h3>\n<figure id=\"attachment_8651\" aria-describedby=\"caption-attachment-8651\" style=\"width: 619px\" class=\"wp-caption alignnone\"><img loading=\"lazy\" decoding=\"async\" class=\"wp-image-8651\" src=\"https:\/\/www.malagacar.com\/sp\/blog\/wp-content\/uploads\/2021\/03\/entrada.jpg\" alt=\"Entr\u00e9e des grottes de Nerja\" width=\"619\" height=\"413\" \/><figcaption id=\"caption-attachment-8651\" class=\"wp-caption-text\">Entr\u00e9e des grottes de Nerja Photo Jorge Ogalla<\/figcaption><\/figure>\n<p>Aux premi\u00e8res heures du matin (de 10h00 \u00e0 11h30), ils sont moins bond\u00e9s et la visite peut \u00eatre effectu\u00e9e plus confortablement. Il faut tenir compte du fait que les horaires varient tout au long de l&rsquo;ann\u00e9e.<\/p>\n<ul>\n<li>Horaire g\u00e9n\u00e9ral : de 10h00 \u00e0 16h30 (derni\u00e8re visite \u00e0 15h30).<\/li>\n<li>Horaire sp\u00e9cial : de 10h00 \u00e0 19h00 (derni\u00e8re visite \u00e0 18h00) du 23 juin au 8 septembre. Pendant la Semaine Sainte : du Dimanche des Rameaux au Dimanche de P\u00e2ques de 10h00 \u00e0 17h00 (derni\u00e8re visite \u00e0 16h00).<\/li>\n<li>La grotte de Nerja est ouverte tous les jours de l&rsquo;ann\u00e9e sauf le 1er janvier et le 15 mai.<\/li>\n<li>Jours f\u00e9ri\u00e9s d&rsquo;octobre \u00e0 avril : 2 novembre, 7 et 8 d\u00e9cembre, du 21 d\u00e9cembre au 6 janvier, 1er mars.<\/li>\n<\/ul>\n<h3><span class=\"ez-toc-section\" id=\"Services_de_la_grotte_de_Nerja\"><\/span>Services de la grotte de Nerja<span class=\"ez-toc-section-end\"><\/span><\/h3>\n<p>La grotte de Nerja offre actuellement plusieurs services aux visiteurs :<\/p>\n<ul>\n<li>Visites audio-guid\u00e9es<\/li>\n<li>Audio-guides en 15 langues<\/li>\n<li>Cueva-tren, train routier entre Nerja et Cueva de Nerja<\/li>\n<li>Mus\u00e9e de Nerja gratuit avec l&rsquo;entr\u00e9e \u00e0 Cueva de Nerja<\/li>\n<li>Parking surveill\u00e9<\/li>\n<li>Toilettes<\/li>\n<li>Salle d&rsquo;allaitement<\/li>\n<li>Jardin botanique<\/li>\n<li>Sentier naturel vers la sierra<\/li>\n<li>Restaurant avec terrasse<\/li>\n<li>Photographie<\/li>\n<li>Boutique de souvenirs<\/li>\n<li>Aire de jeux pour enfants<\/li>\n<li>Zones et espaces pour les familles et les jeux en famille<\/li>\n<\/ul>\n<figure id=\"attachment_8652\" aria-describedby=\"caption-attachment-8652\" style=\"width: 596px\" class=\"wp-caption alignnone\"><img loading=\"lazy\" decoding=\"async\" class=\"wp-image-8652\" src=\"https:\/\/www.malagacar.com\/sp\/blog\/wp-content\/uploads\/2021\/03\/area-familiar.jpg\" alt=\"Cueva de Nerja\" width=\"596\" height=\"397\" \/><figcaption id=\"caption-attachment-8652\" class=\"wp-caption-text\">Zone familiale \u00e0 l&rsquo;ext\u00e9rieur de la grotte de Nerja<\/figcaption><\/figure>\n<h3><span class=\"ez-toc-section\" id=\"A_prendre_en_compte\"><\/span>\u00c0 prendre en compte<span class=\"ez-toc-section-end\"><\/span><\/h3>\n<p>Malheureusement, les grottes ne sont pas accessibles aux personnes \u00e0 mobilit\u00e9 r\u00e9duite : La grotte compte plus de 458 marches et plusieurs mont\u00e9es et descentes, elle n&rsquo;est donc pas recommand\u00e9e pour les personnes \u00e0 mobilit\u00e9 r\u00e9duite ou ayant des probl\u00e8mes de sant\u00e9 tels que des d\u00e9ficiences coronariennes.<\/p>\n<p>La bonne nouvelle est qu&rsquo;il existe d\u00e9sormais une salle de r\u00e9alit\u00e9 virtuelle pour montrer la grotte de Nerja \u00e0 ceux pour qui l&rsquo;acc\u00e8s \u00e0 la cavit\u00e9 est compliqu\u00e9 ou impossible.<br \/>\nDe m\u00eame, les personnes souffrant de claustrophobie peuvent \u00eatre affect\u00e9es lorsqu&rsquo;elles acc\u00e8dent \u00e0 la cavit\u00e9.<br \/>\nPortez des chaussures ferm\u00e9es avec des semelles antid\u00e9rapantes, vous ne pouvez pas entrer avec des tongs.<br \/>\nL&rsquo;acc\u00e8s avec des enfants de moins de 6 ans se fait sous la stricte responsabilit\u00e9 des parents ou tuteurs, qui doivent veiller \u00e0 leur s\u00e9curit\u00e9 et \u00e0 leur comportement appropri\u00e9.<br \/>\nIl est interdit d&rsquo;entrer avec des poussettes et des fauteuils roulants.<br \/>\nLa temp\u00e9rature moyenne \u00e0 l&rsquo;int\u00e9rieur de la grotte est de 19\u00baC. Aucun v\u00eatement chaud n&rsquo;est n\u00e9cessaire.<br \/>\nIl est interdit de toucher ou de modifier les formations g\u00e9ologiques.<br \/>\nL&rsquo;art rupestre ne peut \u00eatre montr\u00e9 pour des raisons de conservation, il est extr\u00eamement fragile.<br \/>\nRespectez la faune propre \u00e0 la grotte.<br \/>\nIl est interdit de manger ou de boire \u00e0 l&rsquo;int\u00e9rieur de la grotte.<br \/>\nNe laissez pas de d\u00e9chets.<br \/>\nIl est permis de prendre des photos sans flash.<br \/>\nIl est interdit d&rsquo;utiliser un tr\u00e9pied, un b\u00e2ton \u00e0 selfie, un pointeur laser ou une lampe de poche.<br \/>\nNe pas \u00e9lever la voix pendant la visite, respecter les autres utilisateurs.<br \/>\nToute activit\u00e9 impliquant la d\u00e9t\u00e9rioration de la grotte ou de ses infrastructures est interdite.<br \/>\nLes animaux domestiques ne sont pas admis (sauf les chiens guides).<\/p>\n<h3><span class=\"ez-toc-section\" id=\"Train_touristique\"><\/span>Train touristique<span class=\"ez-toc-section-end\"><\/span><\/h3>\n<figure id=\"attachment_10474\" aria-describedby=\"caption-attachment-10474\" style=\"width: 621px\" class=\"wp-caption alignnone\"><a href=\"https:\/\/www.malagacar.com\/sp\/blog\/wp-content\/uploads\/2021\/03\/cueva-tren.jpg\" data-wpel-link=\"internal\"><img loading=\"lazy\" decoding=\"async\" class=\"wp-image-10474\" src=\"https:\/\/www.malagacar.com\/sp\/blog\/wp-content\/uploads\/2021\/03\/cueva-tren.jpg\" alt=\"Train touristique Nerja\" width=\"621\" height=\"414\" \/><\/a><figcaption id=\"caption-attachment-10474\" class=\"wp-caption-text\">CuevaTren entre Nerja et la grotte de Nerja<\/figcaption><\/figure>\n<p>Un service de train touristique entre Nerja et la grotte de Nerja est disponible.<\/p>\n<p>Il existe l&rsquo;option d&rsquo;acheter un billet combin\u00e9 train, grotte et mus\u00e9e, pour visiter les deux confortablement sans avoir \u00e0 vous soucier du parking, surtout en haute saison.<\/p>\n<p>Le \u00ab\u00a0CuevaTren\u00a0\u00bb part de Nerja en hiver toutes les heures et en \u00e9t\u00e9 toutes les demi-heures. Le trajet dure une demi-heure.<\/p>\n<p>Le CuevaTren part depuis <a href=\"https:\/\/goo.gl\/maps\/g71hWWdMWfjLY6u87\" data-wpel-link=\"external\" rel=\"external noopener noreferrer\"><strong>Plaza de Los Cangrejos<\/strong><\/a>. Vous pouvez \u00e9galement acheter des billets dans le train lui-m\u00eame.<\/p>\n<p>Le <a href=\"https:\/\/g.page\/museodenerja?share\" data-wpel-link=\"external\" rel=\"external noopener noreferrer\"><strong>Mus\u00e9e de Nerja<\/strong><\/a> est ouvert du mardi au dimanche de 10h00 \u00e0 16h00.<\/p>\n<h3><span class=\"ez-toc-section\" id=\"Salle_de_realite_virtuelle\"><\/span>Salle de r\u00e9alit\u00e9 virtuelle<span class=\"ez-toc-section-end\"><\/span><\/h3>\n<figure id=\"attachment_13546\" aria-describedby=\"caption-attachment-13546\" style=\"width: 630px\" class=\"wp-caption alignnone\"><img loading=\"lazy\" decoding=\"async\" class=\"wp-image-13546 size-full\" src=\"https:\/\/www.malagacar.com\/sp\/blog\/wp-content\/uploads\/2022\/03\/cueva-nerja-Foto-Axarquiaplus.jpg\" alt=\"Salle de r\u00e9alit\u00e9 virtuelle grotte nerja\" width=\"630\" height=\"525\" \/><figcaption id=\"caption-attachment-13546\" class=\"wp-caption-text\">Photo Axarquiaplus<\/figcaption><\/figure>\n<p>La grotte de Nerja dispose \u00e9galement d&rsquo;une grande salle de r\u00e9alit\u00e9 virtuelle depuis avril 2023.<\/p>\n<p>Cette technologie permet de vivre une <em><strong>exp\u00e9rience immersive dans des parties de la cavit\u00e9 non visitables<\/strong><\/em> et de voir les peintures rupestres.<br \/>\nCe service compl\u00e9mentaire est particuli\u00e8rement <em><strong>int\u00e9ressant pour les personnes \u00e0 mobilit\u00e9 r\u00e9duite<\/strong><\/em> qui ne peuvent pas visiter les grottes.<\/p>\n<h4>Inclus dans l&rsquo;entr\u00e9e<\/h4>\n<p>L&rsquo;acc\u00e8s \u00e0 la salle de r\u00e9alit\u00e9 virtuelle est inclus dans la visite de la grotte de Nerja. Une fois la visite de la grotte termin\u00e9e, nous pouvons nous rendre dans la zone de r\u00e9alit\u00e9 virtuelle, o\u00f9 des lunettes et des \u00e9couteurs nous seront remis. La dur\u00e9e totale de la vid\u00e9o immersive \u00e0 360\u00ba est de 12 minutes.<\/p>\n<h4>Que montre la r\u00e9alit\u00e9 virtuelle de la grotte de Nerja ?<\/h4>\n<p>Nous pouvons voir comment l&rsquo;homme vivait il y a 35 000 ans, en simulant l&rsquo;exp\u00e9rience en premi\u00e8re personne.<\/p>\n<p>De plus, les peintures rupestres sont montr\u00e9es sous un angle qui nous fait presque croire que nous pouvons les toucher et nous pouvons entrer dans des zones d&rsquo;art rupestre non ouvertes au public pour des raisons de conservation. Et enfin, nous d\u00e9couvrons \u00e9galement des curiosit\u00e9s g\u00e9ologiques, biologiques et arch\u00e9ologiques int\u00e9ressantes.<\/p>\n<h3><span class=\"ez-toc-section\" id=\"Festival_de_musique_et_de_danse_de_la_grotte_de_Nerja\"><\/span>Festival de musique et de danse de la grotte de Nerja<span class=\"ez-toc-section-end\"><\/span><\/h3>\n<p><a href=\"https:\/\/www.malagacar.com\/sp\/blog\/wp-content\/uploads\/2021\/03\/festival-nerja-1.jpg\" data-wpel-link=\"internal\"><img loading=\"lazy\" decoding=\"async\" class=\"alignnone wp-image-10475\" src=\"https:\/\/www.malagacar.com\/sp\/blog\/wp-content\/uploads\/2021\/03\/festival-nerja-1.jpg\" alt=\"Festival de musique et de danse de la grotte de Nerja\" width=\"622\" height=\"408\" \/><\/a><\/p>\n<p>Depuis quelques ann\u00e9es, pour des raisons de conservation, les repr\u00e9sentations n&rsquo;ont lieu que dans des cas exceptionnels \u00e0 l&rsquo;int\u00e9rieur de la grotte.<\/p>\n<p>La plupart d&rsquo;entre elles ont lieu dans l&rsquo;enceinte ext\u00e9rieure ou sur la c\u00e9l\u00e8bre Plaza Balc\u00f3n de Europa \u00e0 Nerja.<\/p>\n<p><a href=\"https:\/\/www.malagacar.com\/sp\/blog\/wp-content\/uploads\/2021\/03\/open-air-1.jpeg\" data-wpel-link=\"internal\"><img loading=\"lazy\" decoding=\"async\" class=\"alignnone wp-image-10476\" src=\"https:\/\/www.malagacar.com\/sp\/blog\/wp-content\/uploads\/2021\/03\/open-air-1-1024x768.jpeg\" alt=\"Festival de musique et de danse de la grotte de Nerja\" width=\"621\" height=\"466\" \/><\/a><\/p>\n<p>Comment s&rsquo;y rendre : <a href=\"https:\/\/g.page\/CuevaDeNerja?share\" data-wpel-link=\"external\" rel=\"external noopener noreferrer\">https:\/\/g.page\/CuevaDeNerja?share<\/a><\/p>\n<p>Plus d&rsquo;informations sur leur site officiel <a href=\"https:\/\/www.cuevadenerja.es\/\" data-wpel-link=\"external\" rel=\"external noopener noreferrer\"><strong>www.cuevadenerja.es<\/strong><\/a><\/p>\n<h2><span class=\"ez-toc-section\" id=\"Environnement_Axarquia_Villages_blancs\"><\/span>Environnement, Axarqu\u00eda, Villages blancs<span class=\"ez-toc-section-end\"><\/span><\/h2>\n<figure id=\"attachment_3995\" aria-describedby=\"caption-attachment-3995\" style=\"width: 621px\" class=\"wp-caption alignnone\"><a href=\"https:\/\/www.malagacar.com\/sp\/blog\/wp-content\/uploads\/2014\/09\/sedella_axarquia.jpg\" data-wpel-link=\"internal\"><img loading=\"lazy\" decoding=\"async\" class=\"wp-image-3995\" src=\"https:\/\/www.malagacar.com\/sp\/blog\/wp-content\/uploads\/2014\/09\/sedella_axarquia.jpg\" alt=\"Sedella\" width=\"621\" height=\"465\" \/><\/a><figcaption id=\"caption-attachment-3995\" class=\"wp-caption-text\">Sedella<\/figcaption><\/figure>\n<p>Tout d&rsquo;abord, pour ceux d&rsquo;entre vous qui ne connaissent pas encore la r\u00e9gion d&rsquo;Axarqu\u00eda, c&rsquo;est-\u00e0-dire la Costa del Sol orientale, l&rsquo;atmosph\u00e8re ici est tr\u00e8s diff\u00e9rente de celle de la Costa del Sol occidentale toujours anim\u00e9e, avec un littoral tr\u00e8s peupl\u00e9 en raison de son offre touristique \u00e9lev\u00e9e \u00e9tablie depuis des d\u00e9cennies.<\/p>\n<p>Sur le littoral oriental, on peut encore percevoir comment \u00e9tait la Costa avant, avec des espaces ouverts sans construction, <em><strong>de grands paysages sc\u00e9niques<\/strong><\/em>, des chiringuitos simples.<br \/>\nSi vous n&rsquo;avez pas encore d\u00e9cid\u00e9 o\u00f9 voyager cette ann\u00e9e, d\u00e9couvrir l&rsquo;Axarqu\u00eda peut \u00eatre une tr\u00e8s bonne id\u00e9e. \u00c0 quelques kilom\u00e8tres seulement, il y a des montagnes de plus de 2000 m\u00e8tres d&rsquo;altitude au-dessus de la mer, o\u00f9 se cachent de <em><strong>beaux villages blancs d&rsquo;origine arabe<\/strong><\/em>.<\/p>\n<p>C&rsquo;est l&rsquo;environnement des grottes de Nerja, situ\u00e9es au pied des hautes montagnes des Sierras Tejeda, Almijara et Alhama, d&rsquo;une grande valeur naturelle.<\/p>\n<h3><span class=\"ez-toc-section\" id=\"Maro\"><\/span>Maro<span class=\"ez-toc-section-end\"><\/span><\/h3>\n<p>Depuis la grotte de Nerja, on peut aller \u00e0 pied \u00e0 Maro. Il y a une passerelle qui permet d&rsquo;atteindre le village de Maro en environ 10 minutes et c&rsquo;est une promenade tr\u00e8s agr\u00e9able, au-dessus du jardin botanique.<\/p>\n<h3><span class=\"ez-toc-section\" id=\"Les_falaises_de_Maro_%E2%80%93_Cerro_Gordo\"><\/span>Les falaises de Maro &#8211; Cerro Gordo<span class=\"ez-toc-section-end\"><\/span><\/h3>\n<p>Appartenant pour moiti\u00e9 \u00e0 la province de Grenade, \u00e0 seulement 10 km de Nerja se trouve le <em><strong>site naturel prot\u00e9g\u00e9<\/strong><\/em> de Cerro Gordo, un magnifique site de formations rocheuses au bord de la mer pour profiter de la randonn\u00e9e.<\/p>\n<p>Toute la r\u00e9gion se distingue \u00e9galement par ses <em><strong>eaux cristallines<\/strong><\/em> pleines de faune et de flore, id\u00e9ales pour faire du snorkeling ou de la plong\u00e9e. Il y a aussi une belle plage nudiste.<\/p>\n<p>Nous pouvons personnellement recommander une excursion en kayak avec guide le long des <em><strong>falaises de Maro<\/strong><\/em>, une activit\u00e9 pour toute la famille d&rsquo;une dur\u00e9e d&rsquo;environ 2 heures avec l&rsquo;entreprise <a href=\"https:\/\/goo.gl\/maps\/HfsSdfSTFjv4qztJ9\" data-wpel-link=\"external\" rel=\"external noopener noreferrer\"><strong>Educare<\/strong><\/a>.<\/p>\n<figure id=\"attachment_10477\" aria-describedby=\"caption-attachment-10477\" style=\"width: 622px\" class=\"wp-caption alignnone\"><a href=\"https:\/\/www.malagacar.com\/sp\/blog\/wp-content\/uploads\/2021\/03\/maro.jpg\" data-wpel-link=\"internal\"><img loading=\"lazy\" decoding=\"async\" class=\"wp-image-10477\" src=\"https:\/\/www.malagacar.com\/sp\/blog\/wp-content\/uploads\/2021\/03\/maro-1024x768.jpg\" alt=\"falaises de Maro\" width=\"622\" height=\"467\" \/><\/a><figcaption id=\"caption-attachment-10477\" class=\"wp-caption-text\">L&rsquo;auteur profite d&rsquo;une promenade en cano\u00eb le long des falaises de Maro avec l&rsquo;entreprise Educare<\/figcaption><\/figure>\n<p>L&rsquo;excursion part de la plage de Burriana \u00e0 Nerja et va jusqu&rsquo;\u00e0 la cascade de Maro. Pendant l&rsquo;excursion, des photos sont prises qui sont ensuite disponibles gratuitement sur leur site web.<\/p>\n<p>Comment s&rsquo;y rendre :<br \/>\n<iframe loading=\"lazy\" style=\"border: 0;\" src=\"https:\/\/www.google.com\/maps\/embed?pb=!1m14!1m8!1m3!1d25575.952666192054!2d-3.8263271!3d36.7467131!3m2!1i1024!2i768!4f13.1!3m3!1m2!1s0xd72263c799307e1%3A0x4465195f414a24c!2sAcantilados%20de%20Maro-Cerro%20Gordo!5e0!3m2!1ses!2ses!4v1691581970667!5m2!1ses!2ses\" width=\"600\" height=\"450\" allowfullscreen=\"allowfullscreen\"><\/iframe><\/p>\n<h3><span class=\"ez-toc-section\" id=\"Frigiliana\"><\/span>Frigiliana<span class=\"ez-toc-section-end\"><\/span><\/h3>\n<p><a href=\"https:\/\/www.malagacar.com\/sp\/blog\/wp-content\/uploads\/2021\/03\/Frigiliana2.jpg\" data-wpel-link=\"internal\"><img loading=\"lazy\" decoding=\"async\" class=\"alignnone wp-image-10478\" src=\"https:\/\/www.malagacar.com\/sp\/blog\/wp-content\/uploads\/2021\/03\/Frigiliana2-1024x648.jpg\" alt=\"Frigiliana\" width=\"619\" height=\"392\" \/><\/a><\/p>\n<p><em><strong>L&rsquo;un des plus beaux villages<\/strong><\/em> et les plus connus de la Costa del Sol orientale est Frigiliana, \u00e0 seulement 7 km de Nerja.<\/p>\n<p>\u00c9galement connu sous le nom de Balc\u00f3n de la Axarqu\u00eda, il offre une vue magnifique sur toute la c\u00f4te.<\/p>\n<p>En raison de sa proximit\u00e9 avec la c\u00f4te, il re\u00e7oit un grand nombre de visiteurs tout au long de l&rsquo;ann\u00e9e.<\/p>\n<p><a href=\"https:\/\/www.malagacar.com\/sp\/blog\/wp-content\/uploads\/2021\/03\/frigiliana-1.jpg\" data-wpel-link=\"internal\"><img loading=\"lazy\" decoding=\"async\" class=\"alignnone wp-image-10479\" src=\"https:\/\/www.malagacar.com\/sp\/blog\/wp-content\/uploads\/2021\/03\/frigiliana-1-1024x1024.jpg\" alt=\"Frigiliana\" width=\"506\" height=\"506\" \/><\/a><\/p>\n<p>Le village est magnifique et invite \u00e0 se promener sans but dans ses rues sinueuses, \u00e0 d\u00e9couvrir des coins dans son vieux quartier, \u00e0 profiter de la gastronomie locale ou m\u00eame \u00e0 s\u00e9journer dans un petit h\u00f4tel charmant pour profiter d&rsquo;excursions sur la c\u00f4te et \u00e0 l&rsquo;int\u00e9rieur des terres.<\/p>\n<p>Comment s&rsquo;y rendre :<\/p>\n<p><iframe loading=\"lazy\" style=\"border: 0;\" src=\"https:\/\/www.google.com\/maps\/embed?pb=!1m18!1m12!1m3!1d6390.38935989077!2d-3.8970595499999994!3d36.78988244999999!2m3!1f0!2f0!3f0!3m2!1i1024!2i768!4f13.1!3m3!1m2!1s0xd7224b09423f143%3A0x907177a88feb8605!2s29788%20Frigiliana%2C%20M%C3%A1laga!5e0!3m2!1ses!2ses!4v1691582001552!5m2!1ses!2ses\" width=\"600\" height=\"450\" allowfullscreen=\"allowfullscreen\"><\/iframe><\/p>\n<h3><span class=\"ez-toc-section\" id=\"Villages_blancs_dAxarquia\"><\/span>Villages blancs d&rsquo;Axarqu\u00eda<span class=\"ez-toc-section-end\"><\/span><\/h3>\n<figure id=\"attachment_10481\" aria-describedby=\"caption-attachment-10481\" style=\"width: 500px\" class=\"wp-caption alignnone\"><a href=\"https:\/\/www.malagacar.com\/sp\/blog\/wp-content\/uploads\/2021\/03\/Cutar.jpg\" data-wpel-link=\"internal\"><img loading=\"lazy\" decoding=\"async\" class=\"wp-image-10481\" src=\"https:\/\/www.malagacar.com\/sp\/blog\/wp-content\/uploads\/2021\/03\/Cutar-768x1024.jpg\" alt=\"C\u00fatar\" width=\"500\" height=\"666\" \/><\/a><figcaption id=\"caption-attachment-10481\" class=\"wp-caption-text\">C\u00fatar<\/figcaption><\/figure>\n<p>L&rsquo;Axarqu\u00eda est le syst\u00e8me montagneux le plus oriental et le plus \u00e9lev\u00e9 de la province de M\u00e1laga. En conduisant sur des routes \u00e9troites et sinueuses, nous pouvons d\u00e9couvrir des paysages spectaculaires et de beaux villages blancs d&rsquo;origine arabe qui ont conserv\u00e9 leur charme au fil des si\u00e8cles.<\/p>\n<p>Nous avons un article d\u00e9di\u00e9 aux <a href=\"https:\/\/www.malagacar.com\/sp\/blog\/ocio\/pueblos-bonitos-de-la-axarquia\/\" data-wpel-link=\"internal\"><strong>plus beaux villages d&rsquo;Axarqu\u00eda<\/strong><\/a> qui m\u00e9ritent sans aucun doute d&rsquo;\u00eatre d\u00e9couverts.<\/p>\n<p>Comme vous le d\u00e9couvrirez, chacun se distingue par une caract\u00e9ristique particuli\u00e8re, telle que les <em><strong>meilleures cerises<\/strong><\/em>, les <em><strong>excellentes raisins secs et huiles d&rsquo;olive, les vins d&rsquo;appellation d&rsquo;origine, les f\u00eates uniques<\/strong><\/em> et une grande offre pour les amateurs de <a href=\"https:\/\/www.malagacar.com\/sp\/blog\/ocio\/pueblos-bonitos-de-la-axarquia\/\" data-wpel-link=\"internal\"><strong>tourisme actif et d&rsquo;aventure \u00e0 M\u00e1laga<\/strong><\/a>, comme <a href=\"https:\/\/www.malagacar.com\/sp\/blog\/ocio\/el-saltillo-malaga\/\" data-wpel-link=\"internal\"><strong>El Saltillo<\/strong><\/a>, le Caminito del Rey inconnu.<\/p>\n","protected":false},"excerpt":{"rendered":"<p>La grotte de Nerja, \u00e9galement connue sous le nom de \u201ccath\u00e9drale naturelle de la Costa del Sol\u201d, se trouve \u00e0 moins d\u2019un kilom\u00e8tre de la c\u00f4te. Elle est connue pour ses formations rocheuses spectaculaires, ses sites arch\u00e9ologiques et ses peintures rupestres.<\/p>\n","protected":false},"author":1,"featured_media":585,"comment_status":"open","ping_status":"open","sticky":false,"template":"","format":"standard","meta":{"footnotes":""},"categories":[2],"tags":[59],"class_list":["post-584","post","type-post","status-publish","format-standard","has-post-thumbnail","hentry","category-loisirs","tag-activites"],"yoast_head":"<!-- This site is optimized with the Yoast SEO plugin v28.4 - https:\/\/yoast.com\/product\/yoast-seo-wordpress\/ -->\n<title>Tout ce que vous devez savoir pour visiter la grotte de Nerja - Blog de MalagaCar.com<\/title>\n<meta name=\"description\" content=\"\u00c0 moins d\u2019un kilom\u00e8tre de la c\u00f4te se trouve la grotte de Nerja, \u00e9galement appel\u00e9e la \u201ccath\u00e9drale naturelle de la Costa del Sol\u201d.\" \/>\n<meta name=\"robots\" content=\"index, follow, max-snippet:-1, max-image-preview:large, max-video-preview:-1\" \/>\n<link rel=\"canonical\" href=\"https:\/\/www.malagacar.com\/fr\/blog\/loisirs\/grotte-de-nerja\/\" \/>\n<meta property=\"og:locale\" content=\"fr_FR\" \/>\n<meta property=\"og:type\" content=\"article\" \/>\n<meta property=\"og:title\" content=\"Tout ce que vous devez savoir pour visiter la grotte de Nerja - Blog de MalagaCar.com\" \/>\n<meta property=\"og:description\" content=\"\u00c0 moins d\u2019un kilom\u00e8tre de la c\u00f4te se trouve la grotte de Nerja, \u00e9galement appel\u00e9e la \u201ccath\u00e9drale naturelle de la Costa del Sol\u201d.\" \/>\n<meta property=\"og:url\" content=\"https:\/\/www.malagacar.com\/fr\/blog\/loisirs\/grotte-de-nerja\/\" \/>\n<meta property=\"og:site_name\" content=\"Blog de MalagaCar.com\" \/>\n<meta property=\"article:publisher\" content=\"https:\/\/www.facebook.com\/malagacar\" \/>\n<meta property=\"article:published_time\" content=\"2023-05-04T11:40:21+00:00\" \/>\n<meta property=\"article:modified_time\" content=\"2023-08-09T11:57:29+00:00\" \/>\n<meta property=\"og:image\" content=\"https:\/\/www.malagacar.com\/fr\/blog\/wp-content\/uploads\/2023\/08\/nerja-grotte.jpg\" \/>\n\t<meta property=\"og:image:width\" content=\"1024\" \/>\n\t<meta property=\"og:image:height\" content=\"681\" \/>\n\t<meta property=\"og:image:type\" content=\"image\/jpeg\" \/>\n<meta name=\"author\" content=\"MalagaCar.com\" \/>\n<meta name=\"twitter:card\" content=\"summary_large_image\" \/>\n<meta name=\"twitter:creator\" content=\"@malagacarcom\" \/>\n<meta name=\"twitter:site\" content=\"@malagacarcom\" \/>\n<meta name=\"twitter:label1\" content=\"\u00c9crit par\" \/>\n\t<meta name=\"twitter:data1\" content=\"MalagaCar.com\" \/>\n\t<meta name=\"twitter:label2\" content=\"Dur\u00e9e de lecture estim\u00e9e\" \/>\n\t<meta name=\"twitter:data2\" content=\"11 minutes\" \/>\n<script type=\"application\/ld+json\" class=\"yoast-schema-graph\">{\"@context\":\"https:\\\/\\\/schema.org\",\"@graph\":[{\"@type\":\"Article\",\"@id\":\"https:\\\/\\\/www.malagacar.com\\\/fr\\\/blog\\\/loisirs\\\/grotte-de-nerja\\\/#article\",\"isPartOf\":{\"@id\":\"https:\\\/\\\/www.malagacar.com\\\/fr\\\/blog\\\/loisirs\\\/grotte-de-nerja\\\/\"},\"author\":{\"name\":\"MalagaCar.com\",\"@id\":\"https:\\\/\\\/www.malagacar.com\\\/fr\\\/blog\\\/#\\\/schema\\\/person\\\/ffb97005d02bcc7d0bb59f5409635691\"},\"headline\":\"Tout ce que vous devez savoir pour visiter la grotte de Nerja\",\"datePublished\":\"2023-05-04T11:40:21+00:00\",\"dateModified\":\"2023-08-09T11:57:29+00:00\",\"mainEntityOfPage\":{\"@id\":\"https:\\\/\\\/www.malagacar.com\\\/fr\\\/blog\\\/loisirs\\\/grotte-de-nerja\\\/\"},\"wordCount\":1741,\"commentCount\":0,\"publisher\":{\"@id\":\"https:\\\/\\\/www.malagacar.com\\\/fr\\\/blog\\\/#organization\"},\"image\":{\"@id\":\"https:\\\/\\\/www.malagacar.com\\\/fr\\\/blog\\\/loisirs\\\/grotte-de-nerja\\\/#primaryimage\"},\"thumbnailUrl\":\"https:\\\/\\\/www.malagacar.com\\\/fr\\\/blog\\\/wp-content\\\/uploads\\\/2023\\\/08\\\/nerja-grotte.jpg\",\"keywords\":[\"activit\u00e9s\"],\"articleSection\":[\"Loisirs\"],\"inLanguage\":\"fr-FR\",\"potentialAction\":[{\"@type\":\"CommentAction\",\"name\":\"Comment\",\"target\":[\"https:\\\/\\\/www.malagacar.com\\\/fr\\\/blog\\\/loisirs\\\/grotte-de-nerja\\\/#respond\"]}]},{\"@type\":\"WebPage\",\"@id\":\"https:\\\/\\\/www.malagacar.com\\\/fr\\\/blog\\\/loisirs\\\/grotte-de-nerja\\\/\",\"url\":\"https:\\\/\\\/www.malagacar.com\\\/fr\\\/blog\\\/loisirs\\\/grotte-de-nerja\\\/\",\"name\":\"Tout ce que vous devez savoir pour visiter la grotte de Nerja - Blog de MalagaCar.com\",\"isPartOf\":{\"@id\":\"https:\\\/\\\/www.malagacar.com\\\/fr\\\/blog\\\/#website\"},\"primaryImageOfPage\":{\"@id\":\"https:\\\/\\\/www.malagacar.com\\\/fr\\\/blog\\\/loisirs\\\/grotte-de-nerja\\\/#primaryimage\"},\"image\":{\"@id\":\"https:\\\/\\\/www.malagacar.com\\\/fr\\\/blog\\\/loisirs\\\/grotte-de-nerja\\\/#primaryimage\"},\"thumbnailUrl\":\"https:\\\/\\\/www.malagacar.com\\\/fr\\\/blog\\\/wp-content\\\/uploads\\\/2023\\\/08\\\/nerja-grotte.jpg\",\"datePublished\":\"2023-05-04T11:40:21+00:00\",\"dateModified\":\"2023-08-09T11:57:29+00:00\",\"description\":\"\u00c0 moins d\u2019un kilom\u00e8tre de la c\u00f4te se trouve la grotte de Nerja, \u00e9galement appel\u00e9e la \u201ccath\u00e9drale naturelle de la Costa del Sol\u201d.\",\"breadcrumb\":{\"@id\":\"https:\\\/\\\/www.malagacar.com\\\/fr\\\/blog\\\/loisirs\\\/grotte-de-nerja\\\/#breadcrumb\"},\"inLanguage\":\"fr-FR\",\"potentialAction\":[{\"@type\":\"ReadAction\",\"target\":[\"https:\\\/\\\/www.malagacar.com\\\/fr\\\/blog\\\/loisirs\\\/grotte-de-nerja\\\/\"]}]},{\"@type\":\"ImageObject\",\"inLanguage\":\"fr-FR\",\"@id\":\"https:\\\/\\\/www.malagacar.com\\\/fr\\\/blog\\\/loisirs\\\/grotte-de-nerja\\\/#primaryimage\",\"url\":\"https:\\\/\\\/www.malagacar.com\\\/fr\\\/blog\\\/wp-content\\\/uploads\\\/2023\\\/08\\\/nerja-grotte.jpg\",\"contentUrl\":\"https:\\\/\\\/www.malagacar.com\\\/fr\\\/blog\\\/wp-content\\\/uploads\\\/2023\\\/08\\\/nerja-grotte.jpg\",\"width\":1024,\"height\":681,\"caption\":\"grotte de Nerja\"},{\"@type\":\"BreadcrumbList\",\"@id\":\"https:\\\/\\\/www.malagacar.com\\\/fr\\\/blog\\\/loisirs\\\/grotte-de-nerja\\\/#breadcrumb\",\"itemListElement\":[{\"@type\":\"ListItem\",\"position\":1,\"name\":\"Accueil\",\"item\":\"https:\\\/\\\/www.malagacar.com\\\/fr\\\/blog\\\/\"},{\"@type\":\"ListItem\",\"position\":2,\"name\":\"Tout ce que vous devez savoir pour visiter la grotte de Nerja\"}]},{\"@type\":\"WebSite\",\"@id\":\"https:\\\/\\\/www.malagacar.com\\\/fr\\\/blog\\\/#website\",\"url\":\"https:\\\/\\\/www.malagacar.com\\\/fr\\\/blog\\\/\",\"name\":\"Blog de MalagaCar.com\",\"description\":\"Nouvelles et informations int\u00e9ressantes sur la location de voitures \u00e0 l&#039;a\u00e9roport de Malaga.\",\"publisher\":{\"@id\":\"https:\\\/\\\/www.malagacar.com\\\/fr\\\/blog\\\/#organization\"},\"potentialAction\":[{\"@type\":\"SearchAction\",\"target\":{\"@type\":\"EntryPoint\",\"urlTemplate\":\"https:\\\/\\\/www.malagacar.com\\\/fr\\\/blog\\\/?s={search_term_string}\"},\"query-input\":{\"@type\":\"PropertyValueSpecification\",\"valueRequired\":true,\"valueName\":\"search_term_string\"}}],\"inLanguage\":\"fr-FR\"},{\"@type\":\"Organization\",\"@id\":\"https:\\\/\\\/www.malagacar.com\\\/fr\\\/blog\\\/#organization\",\"name\":\"MalagaCar.com\",\"url\":\"https:\\\/\\\/www.malagacar.com\\\/fr\\\/blog\\\/\",\"logo\":{\"@type\":\"ImageObject\",\"inLanguage\":\"fr-FR\",\"@id\":\"https:\\\/\\\/www.malagacar.com\\\/fr\\\/blog\\\/#\\\/schema\\\/logo\\\/image\\\/\",\"url\":\"https:\\\/\\\/www.malagacar.com\\\/fr\\\/blog\\\/wp-content\\\/uploads\\\/2021\\\/06\\\/logo-malagacar-social.png\",\"contentUrl\":\"https:\\\/\\\/www.malagacar.com\\\/fr\\\/blog\\\/wp-content\\\/uploads\\\/2021\\\/06\\\/logo-malagacar-social.png\",\"width\":900,\"height\":900,\"caption\":\"MalagaCar.com\"},\"image\":{\"@id\":\"https:\\\/\\\/www.malagacar.com\\\/fr\\\/blog\\\/#\\\/schema\\\/logo\\\/image\\\/\"},\"sameAs\":[\"https:\\\/\\\/www.facebook.com\\\/malagacar\",\"https:\\\/\\\/x.com\\\/malagacarcom\",\"https:\\\/\\\/www.instagram.com\\\/malagacar\\\/\",\"https:\\\/\\\/www.linkedin.com\\\/company\\\/malagacar.com\",\"https:\\\/\\\/www.youtube.com\\\/c\\\/MalagacarAirport\"]},{\"@type\":\"Person\",\"@id\":\"https:\\\/\\\/www.malagacar.com\\\/fr\\\/blog\\\/#\\\/schema\\\/person\\\/ffb97005d02bcc7d0bb59f5409635691\",\"name\":\"MalagaCar.com\",\"image\":{\"@type\":\"ImageObject\",\"inLanguage\":\"fr-FR\",\"@id\":\"https:\\\/\\\/secure.gravatar.com\\\/avatar\\\/296ebc31026e7be05868369e4c596b3239b1582b2fcf8a45de57333e2e82bb82?s=96&d=mm&r=g\",\"url\":\"https:\\\/\\\/secure.gravatar.com\\\/avatar\\\/296ebc31026e7be05868369e4c596b3239b1582b2fcf8a45de57333e2e82bb82?s=96&d=mm&r=g\",\"contentUrl\":\"https:\\\/\\\/secure.gravatar.com\\\/avatar\\\/296ebc31026e7be05868369e4c596b3239b1582b2fcf8a45de57333e2e82bb82?s=96&d=mm&r=g\",\"caption\":\"MalagaCar.com\"},\"sameAs\":[\"https:\\\/\\\/www.malagacar.com\\\/fr\\\/blog\"]}]}<\/script>\n<!-- \/ Yoast SEO plugin. -->","yoast_head_json":{"title":"Tout ce que vous devez savoir pour visiter la grotte de Nerja - Blog de MalagaCar.com","description":"\u00c0 moins d\u2019un kilom\u00e8tre de la c\u00f4te se trouve la grotte de Nerja, \u00e9galement appel\u00e9e la \u201ccath\u00e9drale naturelle de la Costa del Sol\u201d.","robots":{"index":"index","follow":"follow","max-snippet":"max-snippet:-1","max-image-preview":"max-image-preview:large","max-video-preview":"max-video-preview:-1"},"canonical":"https:\/\/www.malagacar.com\/fr\/blog\/loisirs\/grotte-de-nerja\/","og_locale":"fr_FR","og_type":"article","og_title":"Tout ce que vous devez savoir pour visiter la grotte de Nerja - Blog de MalagaCar.com","og_description":"\u00c0 moins d\u2019un kilom\u00e8tre de la c\u00f4te se trouve la grotte de Nerja, \u00e9galement appel\u00e9e la \u201ccath\u00e9drale naturelle de la Costa del Sol\u201d.","og_url":"https:\/\/www.malagacar.com\/fr\/blog\/loisirs\/grotte-de-nerja\/","og_site_name":"Blog de MalagaCar.com","article_publisher":"https:\/\/www.facebook.com\/malagacar","article_published_time":"2023-05-04T11:40:21+00:00","article_modified_time":"2023-08-09T11:57:29+00:00","og_image":[{"width":1024,"height":681,"url":"https:\/\/www.malagacar.com\/fr\/blog\/wp-content\/uploads\/2023\/08\/nerja-grotte.jpg","type":"image\/jpeg"}],"author":"MalagaCar.com","twitter_card":"summary_large_image","twitter_creator":"@malagacarcom","twitter_site":"@malagacarcom","twitter_misc":{"\u00c9crit par":"MalagaCar.com","Dur\u00e9e de lecture estim\u00e9e":"11 minutes"},"schema":{"@context":"https:\/\/schema.org","@graph":[{"@type":"Article","@id":"https:\/\/www.malagacar.com\/fr\/blog\/loisirs\/grotte-de-nerja\/#article","isPartOf":{"@id":"https:\/\/www.malagacar.com\/fr\/blog\/loisirs\/grotte-de-nerja\/"},"author":{"name":"MalagaCar.com","@id":"https:\/\/www.malagacar.com\/fr\/blog\/#\/schema\/person\/ffb97005d02bcc7d0bb59f5409635691"},"headline":"Tout ce que vous devez savoir pour visiter la grotte de Nerja","datePublished":"2023-05-04T11:40:21+00:00","dateModified":"2023-08-09T11:57:29+00:00","mainEntityOfPage":{"@id":"https:\/\/www.malagacar.com\/fr\/blog\/loisirs\/grotte-de-nerja\/"},"wordCount":1741,"commentCount":0,"publisher":{"@id":"https:\/\/www.malagacar.com\/fr\/blog\/#organization"},"image":{"@id":"https:\/\/www.malagacar.com\/fr\/blog\/loisirs\/grotte-de-nerja\/#primaryimage"},"thumbnailUrl":"https:\/\/www.malagacar.com\/fr\/blog\/wp-content\/uploads\/2023\/08\/nerja-grotte.jpg","keywords":["activit\u00e9s"],"articleSection":["Loisirs"],"inLanguage":"fr-FR","potentialAction":[{"@type":"CommentAction","name":"Comment","target":["https:\/\/www.malagacar.com\/fr\/blog\/loisirs\/grotte-de-nerja\/#respond"]}]},{"@type":"WebPage","@id":"https:\/\/www.malagacar.com\/fr\/blog\/loisirs\/grotte-de-nerja\/","url":"https:\/\/www.malagacar.com\/fr\/blog\/loisirs\/grotte-de-nerja\/","name":"Tout ce que vous devez savoir pour visiter la grotte de Nerja - Blog de MalagaCar.com","isPartOf":{"@id":"https:\/\/www.malagacar.com\/fr\/blog\/#website"},"primaryImageOfPage":{"@id":"https:\/\/www.malagacar.com\/fr\/blog\/loisirs\/grotte-de-nerja\/#primaryimage"},"image":{"@id":"https:\/\/www.malagacar.com\/fr\/blog\/loisirs\/grotte-de-nerja\/#primaryimage"},"thumbnailUrl":"https:\/\/www.malagacar.com\/fr\/blog\/wp-content\/uploads\/2023\/08\/nerja-grotte.jpg","datePublished":"2023-05-04T11:40:21+00:00","dateModified":"2023-08-09T11:57:29+00:00","description":"\u00c0 moins d\u2019un kilom\u00e8tre de la c\u00f4te se trouve la grotte de Nerja, \u00e9galement appel\u00e9e la \u201ccath\u00e9drale naturelle de la Costa del Sol\u201d.","breadcrumb":{"@id":"https:\/\/www.malagacar.com\/fr\/blog\/loisirs\/grotte-de-nerja\/#breadcrumb"},"inLanguage":"fr-FR","potentialAction":[{"@type":"ReadAction","target":["https:\/\/www.malagacar.com\/fr\/blog\/loisirs\/grotte-de-nerja\/"]}]},{"@type":"ImageObject","inLanguage":"fr-FR","@id":"https:\/\/www.malagacar.com\/fr\/blog\/loisirs\/grotte-de-nerja\/#primaryimage","url":"https:\/\/www.malagacar.com\/fr\/blog\/wp-content\/uploads\/2023\/08\/nerja-grotte.jpg","contentUrl":"https:\/\/www.malagacar.com\/fr\/blog\/wp-content\/uploads\/2023\/08\/nerja-grotte.jpg","width":1024,"height":681,"caption":"grotte de Nerja"},{"@type":"BreadcrumbList","@id":"https:\/\/www.malagacar.com\/fr\/blog\/loisirs\/grotte-de-nerja\/#breadcrumb","itemListElement":[{"@type":"ListItem","position":1,"name":"Accueil","item":"https:\/\/www.malagacar.com\/fr\/blog\/"},{"@type":"ListItem","position":2,"name":"Tout ce que vous devez savoir pour visiter la grotte de Nerja"}]},{"@type":"WebSite","@id":"https:\/\/www.malagacar.com\/fr\/blog\/#website","url":"https:\/\/www.malagacar.com\/fr\/blog\/","name":"Blog de MalagaCar.com","description":"Nouvelles et informations int\u00e9ressantes sur la location de voitures \u00e0 l&#039;a\u00e9roport de Malaga.","publisher":{"@id":"https:\/\/www.malagacar.com\/fr\/blog\/#organization"},"potentialAction":[{"@type":"SearchAction","target":{"@type":"EntryPoint","urlTemplate":"https:\/\/www.malagacar.com\/fr\/blog\/?s={search_term_string}"},"query-input":{"@type":"PropertyValueSpecification","valueRequired":true,"valueName":"search_term_string"}}],"inLanguage":"fr-FR"},{"@type":"Organization","@id":"https:\/\/www.malagacar.com\/fr\/blog\/#organization","name":"MalagaCar.com","url":"https:\/\/www.malagacar.com\/fr\/blog\/","logo":{"@type":"ImageObject","inLanguage":"fr-FR","@id":"https:\/\/www.malagacar.com\/fr\/blog\/#\/schema\/logo\/image\/","url":"https:\/\/www.malagacar.com\/fr\/blog\/wp-content\/uploads\/2021\/06\/logo-malagacar-social.png","contentUrl":"https:\/\/www.malagacar.com\/fr\/blog\/wp-content\/uploads\/2021\/06\/logo-malagacar-social.png","width":900,"height":900,"caption":"MalagaCar.com"},"image":{"@id":"https:\/\/www.malagacar.com\/fr\/blog\/#\/schema\/logo\/image\/"},"sameAs":["https:\/\/www.facebook.com\/malagacar","https:\/\/x.com\/malagacarcom","https:\/\/www.instagram.com\/malagacar\/","https:\/\/www.linkedin.com\/company\/malagacar.com","https:\/\/www.youtube.com\/c\/MalagacarAirport"]},{"@type":"Person","@id":"https:\/\/www.malagacar.com\/fr\/blog\/#\/schema\/person\/ffb97005d02bcc7d0bb59f5409635691","name":"MalagaCar.com","image":{"@type":"ImageObject","inLanguage":"fr-FR","@id":"https:\/\/secure.gravatar.com\/avatar\/296ebc31026e7be05868369e4c596b3239b1582b2fcf8a45de57333e2e82bb82?s=96&d=mm&r=g","url":"https:\/\/secure.gravatar.com\/avatar\/296ebc31026e7be05868369e4c596b3239b1582b2fcf8a45de57333e2e82bb82?s=96&d=mm&r=g","contentUrl":"https:\/\/secure.gravatar.com\/avatar\/296ebc31026e7be05868369e4c596b3239b1582b2fcf8a45de57333e2e82bb82?s=96&d=mm&r=g","caption":"MalagaCar.com"},"sameAs":["https:\/\/www.malagacar.com\/fr\/blog"]}]}},"_links":{"self":[{"href":"https:\/\/www.malagacar.com\/fr\/blog\/wp-json\/wp\/v2\/posts\/584","targetHints":{"allow":["GET"]}}],"collection":[{"href":"https:\/\/www.malagacar.com\/fr\/blog\/wp-json\/wp\/v2\/posts"}],"about":[{"href":"https:\/\/www.malagacar.com\/fr\/blog\/wp-json\/wp\/v2\/types\/post"}],"author":[{"embeddable":true,"href":"https:\/\/www.malagacar.com\/fr\/blog\/wp-json\/wp\/v2\/users\/1"}],"replies":[{"embeddable":true,"href":"https:\/\/www.malagacar.com\/fr\/blog\/wp-json\/wp\/v2\/comments?post=584"}],"version-history":[{"count":1,"href":"https:\/\/www.malagacar.com\/fr\/blog\/wp-json\/wp\/v2\/posts\/584\/revisions"}],"predecessor-version":[{"id":586,"href":"https:\/\/www.malagacar.com\/fr\/blog\/wp-json\/wp\/v2\/posts\/584\/revisions\/586"}],"wp:featuredmedia":[{"embeddable":true,"href":"https:\/\/www.malagacar.com\/fr\/blog\/wp-json\/wp\/v2\/media\/585"}],"wp:attachment":[{"href":"https:\/\/www.malagacar.com\/fr\/blog\/wp-json\/wp\/v2\/media?parent=584"}],"wp:term":[{"taxonomy":"category","embeddable":true,"href":"https:\/\/www.malagacar.com\/fr\/blog\/wp-json\/wp\/v2\/categories?post=584"},{"taxonomy":"post_tag","embeddable":true,"href":"https:\/\/www.malagacar.com\/fr\/blog\/wp-json\/wp\/v2\/tags?post=584"}],"curies":[{"name":"wp","href":"https:\/\/api.w.org\/{rel}","templated":true}]}}