{"id":594,"date":"2025-01-13T12:08:12","date_gmt":"2025-01-13T11:08:12","guid":{"rendered":"https:\/\/www.malagacar.com\/fr\/blog\/?p=594"},"modified":"2026-01-13T12:08:10","modified_gmt":"2026-01-13T11:08:10","slug":"centres-commerciaux-a-malaga","status":"publish","type":"post","link":"https:\/\/www.malagacar.com\/fr\/blog\/loisirs\/centres-commerciaux-a-malaga\/","title":{"rendered":"Centres commerciaux \u00e0 Malaga Heures d\u2019ouverture 2026"},"content":{"rendered":"<p>Il y a beaucoup de centres commerciaux \u00e0 Malaga et le long de la Costa del Sol. La plupart d&rsquo;entre eux ont une offre attrayante non seulement de <strong>magasins<\/strong>, mais aussi de <strong>loisirs<\/strong> et de <strong>restaurants<\/strong>.<br \/>\nQuelque chose \u00e0 consid\u00e9rer si vous voyagez <a href=\"https:\/\/www.malagacar.com\/blog\/travel-tips\/travelling-with-children-to-costa-del-sol\/\" data-wpel-link=\"internal\"><strong>avec votre famille sur la Costa del Sol<\/strong><\/a>.<\/p>\n<p>La plupart d&rsquo;entre eux sont couverts et tous ont la climatisation. Par cons\u00e9quent, ils sont \u00e9galement une bonne alternative pour faire des plans pendant la chaude <strong>\u00e9t\u00e9 \u00e0 Malaga<\/strong> ou un jour de pluie. Certains d&rsquo;entre eux ont \u00e9galement des <strong>cin\u00e9mas<\/strong>.<\/p>\n<p>Enfin, comme la Costa del Sol est une zone touristique populaire, ces centres commerciaux sont \u00e9galement <strong>ouverts certains dimanches et jours f\u00e9ri\u00e9s<\/strong>. D\u00e9couvrez lesquels, ci-dessous.<\/p>\n<p><!--more--><\/p>\n\n            <div class=\"banner\">\n                <div class=\"row\">\n                    <div class=\"col-sm-4\">\n                        <a href=\"\/fr\/location-de-voitures\/quote.php\" data-wpel-link=\"internal\"><img decoding=\"async\" src=\"\/images\/banner-img.jpg\" alt=\"malagacar.com\"><\/a>\n                    <\/div>\n                    <div class=\"col-sm-8\">\n                      <a href=\"\/fr\/location-de-voitures\/quote.php\" class=\"banner-title\" data-wpel-link=\"internal\">Meilleure location de voitures <div>\u00e0 l'a\u00e9roport de Malaga<\/div><\/a>   \n                        <div class=\"row\">\n                            <div class=\"col-sm-7\">\n                                <ul>\n                                    <li>Pas de frais de ravitaillement<\/li>\n                                    <li>Annulation gratuite<\/li>\n                                    <li>Location sans interm\u00e9diaire<\/li>\n                                    <li>Payez lorsque vous prenez la voiture<\/li>\n                                    <li><\/li>\n                                <\/ul>\n                            <\/div>\n                            <div class=\"col-sm-5\">\n                                <a class=\"btn-banner\" href=\"\/fr\/location-de-voitures\/quote.php\" data-wpel-link=\"internal\">Consultez les prix<\/a>\n                                <img decoding=\"async\" class=\"zonturent\" src=\"\/images\/zontu-banner.png\" alt=\"\">\n                            <\/div>\n                        <\/div>\n                    <\/div>\n                 <\/div>  \n            <\/div>\n            \n<div id=\"ez-toc-container\" class=\"ez-toc-v2_0_87 counter-hierarchy ez-toc-counter ez-toc-light-blue ez-toc-container-direction\">\n<p class=\"ez-toc-title\" style=\"cursor:inherit\">Table des mati\u00e8res<\/p>\n<label for=\"ez-toc-cssicon-toggle-item-6a9a3ef722d21\" class=\"ez-toc-cssicon-toggle-label\"><span class=\"\"><span class=\"eztoc-hide\" style=\"display:none;\">Toggle<\/span><span class=\"ez-toc-icon-toggle-span\"><svg style=\"fill: #999;color:#999\" xmlns=\"http:\/\/www.w3.org\/2000\/svg\" class=\"list-377408\" width=\"20px\" height=\"20px\" viewBox=\"0 0 24 24\" fill=\"none\"><path d=\"M6 6H4v2h2V6zm14 0H8v2h12V6zM4 11h2v2H4v-2zm16 0H8v2h12v-2zM4 16h2v2H4v-2zm16 0H8v2h12v-2z\" fill=\"currentColor\"><\/path><\/svg><svg style=\"fill: #999;color:#999\" class=\"arrow-unsorted-368013\" xmlns=\"http:\/\/www.w3.org\/2000\/svg\" width=\"10px\" height=\"10px\" viewBox=\"0 0 24 24\" version=\"1.2\" baseProfile=\"tiny\"><path d=\"M18.2 9.3l-6.2-6.3-6.2 6.3c-.2.2-.3.4-.3.7s.1.5.3.7c.2.2.4.3.7.3h11c.3 0 .5-.1.7-.3.2-.2.3-.5.3-.7s-.1-.5-.3-.7zM5.8 14.7l6.2 6.3 6.2-6.3c.2-.2.3-.5.3-.7s-.1-.5-.3-.7c-.2-.2-.4-.3-.7-.3h-11c-.3 0-.5.1-.7.3-.2.2-.3.5-.3.7s.1.5.3.7z\"\/><\/svg><\/span><\/span><\/label><input type=\"checkbox\"  id=\"ez-toc-cssicon-toggle-item-6a9a3ef722d21\"  aria-label=\"Toggle\" \/><nav><ul class='ez-toc-list ez-toc-list-level-1 ' ><li class='ez-toc-page-1 ez-toc-heading-level-2'><a class=\"ez-toc-link ez-toc-heading-1\" href=\"https:\/\/www.malagacar.com\/fr\/blog\/loisirs\/centres-commerciaux-a-malaga\/#Centres_commerciaux_a_Malaga\" data-wpel-link=\"internal\">Centres commerciaux \u00e0 Malaga<\/a><ul class='ez-toc-list-level-3' ><li class='ez-toc-heading-level-3'><a class=\"ez-toc-link ez-toc-heading-2\" href=\"https:\/\/www.malagacar.com\/fr\/blog\/loisirs\/centres-commerciaux-a-malaga\/#La_Rosaleda\" data-wpel-link=\"internal\">La Rosaleda<\/a><\/li><li class='ez-toc-page-1 ez-toc-heading-level-3'><a class=\"ez-toc-link ez-toc-heading-3\" href=\"https:\/\/www.malagacar.com\/fr\/blog\/loisirs\/centres-commerciaux-a-malaga\/#El_Corte_Ingles\" data-wpel-link=\"internal\">El Corte Ingles<\/a><\/li><li class='ez-toc-page-1 ez-toc-heading-level-3'><a class=\"ez-toc-link ez-toc-heading-4\" href=\"https:\/\/www.malagacar.com\/fr\/blog\/loisirs\/centres-commerciaux-a-malaga\/#Malaga_Plaza\" data-wpel-link=\"internal\">Malaga Plaza<\/a><\/li><li class='ez-toc-page-1 ez-toc-heading-level-3'><a class=\"ez-toc-link ez-toc-heading-5\" href=\"https:\/\/www.malagacar.com\/fr\/blog\/loisirs\/centres-commerciaux-a-malaga\/#Larios_Centro\" data-wpel-link=\"internal\">Larios Centro<\/a><\/li><li class='ez-toc-page-1 ez-toc-heading-level-3'><a class=\"ez-toc-link ez-toc-heading-6\" href=\"https:\/\/www.malagacar.com\/fr\/blog\/loisirs\/centres-commerciaux-a-malaga\/#Vialia\" data-wpel-link=\"internal\">Vialia<\/a><\/li><li class='ez-toc-page-1 ez-toc-heading-level-3'><a class=\"ez-toc-link ez-toc-heading-7\" href=\"https:\/\/www.malagacar.com\/fr\/blog\/loisirs\/centres-commerciaux-a-malaga\/#Los_Patios\" data-wpel-link=\"internal\">Los Patios<\/a><\/li><li class='ez-toc-page-1 ez-toc-heading-level-3'><a class=\"ez-toc-link ez-toc-heading-8\" href=\"https:\/\/www.malagacar.com\/fr\/blog\/loisirs\/centres-commerciaux-a-malaga\/#Malaga_Nostrum\" data-wpel-link=\"internal\">Malaga Nostrum<\/a><\/li><li class='ez-toc-page-1 ez-toc-heading-level-3'><a class=\"ez-toc-link ez-toc-heading-9\" href=\"https:\/\/www.malagacar.com\/fr\/blog\/loisirs\/centres-commerciaux-a-malaga\/#Bahia_Azul\" data-wpel-link=\"internal\">Bahia Azul<\/a><\/li><li class='ez-toc-page-1 ez-toc-heading-level-3'><a class=\"ez-toc-link ez-toc-heading-10\" href=\"https:\/\/www.malagacar.com\/fr\/blog\/loisirs\/centres-commerciaux-a-malaga\/#Plaza_Mayor\" data-wpel-link=\"internal\">Plaza Mayor<\/a><\/li><li class='ez-toc-page-1 ez-toc-heading-level-3'><a class=\"ez-toc-link ez-toc-heading-11\" href=\"https:\/\/www.malagacar.com\/fr\/blog\/loisirs\/centres-commerciaux-a-malaga\/#Quai_Un\" data-wpel-link=\"internal\">Quai Un<\/a><\/li><\/ul><\/li><li class='ez-toc-page-1 ez-toc-heading-level-2'><a class=\"ez-toc-link ez-toc-heading-12\" href=\"https:\/\/www.malagacar.com\/fr\/blog\/loisirs\/centres-commerciaux-a-malaga\/#Centres_commerciaux_sur_la_Costa_del_Sol\" data-wpel-link=\"internal\">Centres commerciaux sur la Costa del Sol<\/a><ul class='ez-toc-list-level-3' ><li class='ez-toc-heading-level-3'><a class=\"ez-toc-link ez-toc-heading-13\" href=\"https:\/\/www.malagacar.com\/fr\/blog\/loisirs\/centres-commerciaux-a-malaga\/#Centre_commercial_a_Benalmadena\" data-wpel-link=\"internal\">Centre commercial \u00e0 Benalmadena<\/a><\/li><li class='ez-toc-page-1 ez-toc-heading-level-3'><a class=\"ez-toc-link ez-toc-heading-14\" href=\"https:\/\/www.malagacar.com\/fr\/blog\/loisirs\/centres-commerciaux-a-malaga\/#Centre_commercial_a_Fuengirola\" data-wpel-link=\"internal\">Centre commercial \u00e0 Fuengirola<\/a><\/li><li class='ez-toc-page-1 ez-toc-heading-level-3'><a class=\"ez-toc-link ez-toc-heading-15\" href=\"https:\/\/www.malagacar.com\/fr\/blog\/loisirs\/centres-commerciaux-a-malaga\/#Centres_commerciaux_a_Marbella\" data-wpel-link=\"internal\">Centres commerciaux \u00e0 Marbella<\/a><\/li><li class='ez-toc-page-1 ez-toc-heading-level-3'><a class=\"ez-toc-link ez-toc-heading-16\" href=\"https:\/\/www.malagacar.com\/fr\/blog\/loisirs\/centres-commerciaux-a-malaga\/#Centre_commercial_a_Rincon_de_la_Victoria\" data-wpel-link=\"internal\">Centre commercial \u00e0 Rincon de la Victoria<\/a><\/li><li class='ez-toc-page-1 ez-toc-heading-level-3'><a class=\"ez-toc-link ez-toc-heading-17\" href=\"https:\/\/www.malagacar.com\/fr\/blog\/loisirs\/centres-commerciaux-a-malaga\/#Centre_commercial_a_Torre_del_Mar\" data-wpel-link=\"internal\">Centre commercial \u00e0 Torre del Mar<\/a><\/li><\/ul><\/li><li class='ez-toc-page-1 ez-toc-heading-level-2'><a class=\"ez-toc-link ez-toc-heading-18\" href=\"https:\/\/www.malagacar.com\/fr\/blog\/loisirs\/centres-commerciaux-a-malaga\/#Centres_commerciaux_acceptant_les_chiens_a_Malaga\" data-wpel-link=\"internal\">Centres commerciaux acceptant les chiens \u00e0 Malaga<\/a><\/li><\/ul><\/nav><\/div>\n<h2><span class=\"ez-toc-section\" id=\"Centres_commerciaux_a_Malaga\"><\/span>Centres commerciaux \u00e0 Malaga<span class=\"ez-toc-section-end\"><\/span><\/h2>\n<h3><span class=\"ez-toc-section\" id=\"La_Rosaleda\"><\/span>La Rosaleda<span class=\"ez-toc-section-end\"><\/span><\/h3>\n<p><img loading=\"lazy\" decoding=\"async\" class=\"alignnone wp-image-12584\" src=\"https:\/\/www.malagacar.com\/sp\/blog\/wp-content\/uploads\/2022\/11\/rosaleda-1.jpg\" alt=\"centres commerciaux \u00e0 Malaga\" width=\"1190\" height=\"594\" \/><\/p>\n<p>Ce centre commercial est situ\u00e9 au nord de Malaga. Il dispose de 12 cin\u00e9mas, de restaurants et caf\u00e9s, de plus de 120 boutiques, de diff\u00e9rents services, d&rsquo;ateliers et de divertissements pour enfants, ainsi que d&rsquo;un grand hypermarch\u00e9 Carrefour.<\/p>\n<h4>Horaires d&rsquo;ouverture<\/h4>\n<p>Du lundi au samedi de 9h \u00e0 22h et les jours f\u00e9ri\u00e9s et dimanches de 10h \u00e0 22h.<br \/>\nRestauration et loisirs<br \/>\nDu lundi au samedi de 9h jusqu&rsquo;\u00e0 la derni\u00e8re s\u00e9ance de cin\u00e9ma. Les dimanches de 11h jusqu&rsquo;\u00e0 la derni\u00e8re s\u00e9ance de cin\u00e9ma. Jours f\u00e9ri\u00e9s et dimanches de 9h45 \u00e0 minuit.<\/p>\n<h4>Ouvert les jours f\u00e9ri\u00e9s 2026<\/h4>\n<p>F\u00e9vrier : 28<br \/>\nAvril : 2<br \/>\nMai : 3<br \/>\nJuin : 7, 14, 21, 28<br \/>\nJuillet : 5, 12, 19, 26<br \/>\nAo\u00fbt : 2, 9, 15, 16, 19, 23, 30<br \/>\nSeptembre : 6, 8, 13, 20, 27<br \/>\nOctobre : 12<br \/>\nNovembre : 2, 29<br \/>\nD\u00e9cembre : 7, 13, 20, 27<\/p>\n<ul>\n<li><a href=\"https:\/\/goo.gl\/maps\/dAD6RPqKiMCazZxj9\" target=\"_blank\" rel=\"nofollow noopener external noreferrer\" data-wpel-link=\"external\"><strong>Comment s&rsquo;y rendre<\/strong><\/a> et parking. La Rosaleda dispose d&rsquo;un parking couvert sur trois \u00e9tages.<\/li>\n<li><a href=\"http:\/\/centrocomercialrosaleda.com\" target=\"_blank\" rel=\"nofollow noopener external noreferrer\" data-wpel-link=\"external\"><strong>Site web<\/strong><\/a><\/li>\n<\/ul>\n<h3><span class=\"ez-toc-section\" id=\"El_Corte_Ingles\"><\/span>El Corte Ingles<span class=\"ez-toc-section-end\"><\/span><\/h3>\n<figure id=\"attachment_12585\" aria-describedby=\"caption-attachment-12585\" style=\"width: 1200px\" class=\"wp-caption alignnone\"><img loading=\"lazy\" decoding=\"async\" class=\"wp-image-12585 size-full\" src=\"https:\/\/www.malagacar.com\/sp\/blog\/wp-content\/uploads\/2022\/11\/corteingles-malaga-Foto-libertaddigital.jpg\" alt=\"centres commerciaux \u00e0 Malaga\" width=\"1200\" height=\"800\" \/><figcaption id=\"caption-attachment-12585\" class=\"wp-caption-text\">Photo Libertad digital<\/figcaption><\/figure>\n<p>Magasin haut de gamme avec mode, \u00e9lectronique, ordinateurs, cosm\u00e9tiques, livres, etc. et supermarch\u00e9.<\/p>\n<p>Vous pouvez profiter du salon Gourmet situ\u00e9 au sixi\u00e8me \u00e9tage ou de la vue sur Malaga dans la caf\u00e9t\u00e9ria situ\u00e9e au dernier \u00e9tage.<\/p>\n<h4>Horaires d&rsquo;ouverture<\/h4>\n<p>Du lundi au samedi de 10h \u00e0 22h.<\/p>\n<h4>Ouvert les jours f\u00e9ri\u00e9s 2026<\/h4>\n<p>Janvier : 4 et 11<br \/>\nF\u00e9vrier : 28<br \/>\nAvril : 2 et 3<br \/>\nMai : 3<br \/>\nJuin : 7, 14, 21, 28<br \/>\nJuillet : 5, 12, 19, 26<br \/>\nAo\u00fbt : 2, 9, 15, 16, 19, 23, 30<br \/>\nSeptembre : 6, 8, 13, 20, 27<br \/>\nOctobre : 12<br \/>\nNovembre : 2, 29<br \/>\nD\u00e9cembre : 7, 13, 20, 24, 27, 31<\/p>\n<ul>\n<li><a href=\"https:\/\/goo.gl\/maps\/R4sUjJ2NNPFUeBdk9\" target=\"_blank\" rel=\"nofollow noopener external noreferrer\" data-wpel-link=\"external\"><strong>Comment s&rsquo;y rendre<\/strong><\/a> et parking. \u00c0 c\u00f4t\u00e9 de Corte Ingles se trouve un <a href=\"https:\/\/goo.gl\/maps\/2GAgRtA2Yuyi9xAw7\" target=\"_blank\" rel=\"nofollow noopener external noreferrer\" data-wpel-link=\"external\"><strong>parking public<\/strong><\/a>.<\/li>\n<li><a href=\"https:\/\/www.centroscomerciales.elcorteingles.es\/centroscomerciales\/es\/eci\/centros\/centro-comercial-malaga\" target=\"_blank\" rel=\"nofollow noopener external noreferrer\" data-wpel-link=\"external\"><strong>Site web<\/strong><\/a><\/li>\n<\/ul>\n<h3><span class=\"ez-toc-section\" id=\"Malaga_Plaza\"><\/span>Malaga Plaza<span class=\"ez-toc-section-end\"><\/span><\/h3>\n<figure id=\"attachment_12586\" aria-describedby=\"caption-attachment-12586\" style=\"width: 670px\" class=\"wp-caption alignnone\"><img loading=\"lazy\" decoding=\"async\" class=\"wp-image-12586 size-full\" src=\"https:\/\/www.malagacar.com\/sp\/blog\/wp-content\/uploads\/2022\/11\/Malaga-plaza-Foto-Vacaciones-espana.jpg\" alt=\"Centres commerciaux \u00e0 Malaga\" width=\"670\" height=\"502\" \/><figcaption id=\"caption-attachment-12586\" class=\"wp-caption-text\">Photo Vacances Espagne<\/figcaption><\/figure>\n<p>Centre commercial situ\u00e9 en plein centre de Malaga. Il offre un large choix pour tous les go\u00fbts et tous les budgets et propose un large \u00e9ventail d&rsquo;\u00e9v\u00e9nements pour les enfants et les jeunes.<\/p>\n<p>Sur 3 \u00e9tages, vous trouverez la mode f\u00e9minine et enfantine, les cosm\u00e9tiques, les salons de beaut\u00e9 et une offre gastronomique pour tous les go\u00fbts. Il y a aussi une salle de sport.<\/p>\n<h4>Horaires d&rsquo;ouverture<\/h4>\n<p>Du lundi au samedi de 9h \u00e0 22h.<\/p>\n<ul>\n<li><a href=\"https:\/\/goo.gl\/maps\/dWeBjv7JG1W7t9bUA\" target=\"_blank\" rel=\"nofollow noopener external noreferrer\" data-wpel-link=\"external\"><strong>Comment s&rsquo;y rendre<\/strong><\/a> et parking. Il dispose de son propre parking.<\/li>\n<li><a href=\"http:\/\/malagaplaza.com\/\" target=\"_blank\" rel=\"nofollow noopener external noreferrer\" data-wpel-link=\"external\"><strong>Site web<\/strong><\/a><\/li>\n<\/ul>\n<h3><span class=\"ez-toc-section\" id=\"Larios_Centro\"><\/span>Larios Centro<span class=\"ez-toc-section-end\"><\/span><\/h3>\n<p><img loading=\"lazy\" decoding=\"async\" class=\"alignnone wp-image-12587 size-full\" src=\"https:\/\/www.malagacar.com\/sp\/blog\/wp-content\/uploads\/2022\/11\/Larios.jpg\" alt=\"larios centro, centres commerciaux \u00e0 Malaga\" width=\"851\" height=\"315\" \/><\/p>\n<p>Centre commercial situ\u00e9 dans le centre de Malaga, \u00e0 quelques m\u00e8tres seulement de la gare ferroviaire Mar\u00eda Zambrano. Avec un large choix de magasins et un FNAC (librairie).<\/p>\n<h4>Horaires d&rsquo;ouverture<\/h4>\n<p>Magasins et supermarch\u00e9 de 10h \u00e0 22h.<br \/>\nRestaurants : du lundi au jeudi de 10h \u00e0 23h, les vendredis, samedis et veilles de jours f\u00e9ri\u00e9s ouverts jusqu&rsquo;\u00e0 minuit.<\/p>\n<h4>Ouvert les jours f\u00e9ri\u00e9s 2026<\/h4>\n<p>F\u00e9vrier : 28<br \/>\nAvril : 2<br \/>\nSemaine sainte : du 29 mars au 5 avril<br \/>\nMai : 3<br \/>\nJuin : 7, 14, 21, 28<br \/>\nJuillet : 5, 12, 19, 26<br \/>\nAo\u00fbt : 2, 9, 15, 16, 19, 23, 30<br \/>\nSeptembre : 6, 8, 13, 20, 27<br \/>\nOctobre : 12<br \/>\nNovembre : 2, 29<br \/>\nD\u00e9cembre : 7, 13, 20, 27<\/p>\n<ul>\n<li><a href=\"https:\/\/g.page\/LariosCentro?share\" target=\"_blank\" rel=\"nofollow noopener external noreferrer\" data-wpel-link=\"external\"><strong>Comment s&rsquo;y rendre<\/strong><\/a> et parking. Parking gratuit et service de recharge gratuit pour les v\u00e9hicules \u00e9lectriques au premier \u00e9tage du parking.<\/li>\n<li><a href=\"https:\/\/www.larioscentro.com\" target=\"_blank\" rel=\"nofollow noopener external noreferrer\" data-wpel-link=\"external\"><strong>Site web<\/strong><\/a><\/li>\n<\/ul>\n<h3><span class=\"ez-toc-section\" id=\"Vialia\"><\/span>Vialia<span class=\"ez-toc-section-end\"><\/span><\/h3>\n<p><img loading=\"lazy\" decoding=\"async\" class=\"alignnone wp-image-12588\" src=\"https:\/\/www.malagacar.com\/sp\/blog\/wp-content\/uploads\/2022\/11\/Vialia.jpg\" alt=\"centres commerciaux malaga\" width=\"699\" height=\"699\" \/><\/p>\n<p>Centre commercial situ\u00e9 \u00e0 l&rsquo;int\u00e9rieur de la gare ferroviaire Mar\u00eda Zambrano.<\/p>\n<p>Il offre un large choix de restaurants, de magasins de mode et d&rsquo;accessoires, un centre de jeux gratuit pour les enfants de 4 \u00e0 12 ans et 13 cin\u00e9mas.<\/p>\n<h4>Horaires d&rsquo;ouverture<\/h4>\n<p>Centre commercial : du lundi au samedi de 10h \u00e0 22h.<br \/>\nRestaurants : du lundi au jeudi de midi \u00e0 1h. Du vendredi au dimanche et veilles de jours f\u00e9ri\u00e9s jusqu&rsquo;\u00e0 2h.<\/p>\n<h4>Horaires d&rsquo;ouverture<\/h4>\n<p>Centre commercial : du lundi au samedi de 10h \u00e0 22h.<br \/>\nRestaurants : du lundi au jeudi de 12h \u00e0 1h. Du vendredi au dimanche et les veilles de jours f\u00e9ri\u00e9s jusqu&rsquo;\u00e0 2h.<\/p>\n<h4>Ouvert les jours f\u00e9ri\u00e9s 2026<\/h4>\n<p>Janvier : 4 et 11<br \/>\nF\u00e9vrier : 28<br \/>\nMars : 29<br \/>\nAvril : 2, 3, 5<br \/>\nMai : 3<br \/>\nJuin : 7, 14, 21, 28<br \/>\nJuillet : 5, 12, 19, 26<br \/>\nAo\u00fbt : 2, 9, 15, 16, 19, 23, 30<br \/>\nSeptembre : 6, 8, 13, 20, 27<br \/>\nOctobre : 12<br \/>\nNovembre : 2, 29<br \/>\nD\u00e9cembre : 7, 13, 20, 27<\/p>\n<ul>\n<li><a href=\"https:\/\/g.page\/VialiaCentroComercial?share\" target=\"_blank\" rel=\"nofollow noopener external noreferrer\" data-wpel-link=\"external\"><strong>Comment s&rsquo;y rendre<\/strong><\/a> et parking. 2 heures de stationnement gratuit pour les achats de 6 \u20ac ou plus dans n&rsquo;importe quel \u00e9tablissement du centre commercial.<\/li>\n<li><a href=\"https:\/\/www.vialiamalaga.es\/\" target=\"_blank\" rel=\"nofollow noopener external noreferrer\" data-wpel-link=\"external\"><strong>Site web<\/strong><\/a><\/li>\n<\/ul>\n<h3><span class=\"ez-toc-section\" id=\"Los_Patios\"><\/span>Los Patios<span class=\"ez-toc-section-end\"><\/span><\/h3>\n<p><img loading=\"lazy\" decoding=\"async\" class=\"alignnone wp-image-12589 size-full\" src=\"https:\/\/www.malagacar.com\/sp\/blog\/wp-content\/uploads\/2022\/11\/los-patios.jpg\" alt=\"Los Patios, centres commerciaux \u00e0 Malaga\" width=\"1200\" height=\"800\" \/><\/p>\n<p>Situ\u00e9 \u00e0 c\u00f4t\u00e9 de l&rsquo;autoroute MA-20 en direction de Malaga. Il offre un large choix de magasins, de fleuristes et de services, ainsi qu&rsquo;une station-service.<\/p>\n<h4>Ouvert les jours f\u00e9ri\u00e9s 2026<\/h4>\n<p>Janvier : 4, 11<br \/>\nF\u00e9vrier : 28<br \/>\nMars : 29<br \/>\nAvril : 2, 3, 5, P\u00e2ques, jours f\u00e9ri\u00e9s et dimanches<br \/>\nMai : 3<br \/>\nJuin : Ouvert tous les jours, y compris les jours f\u00e9ri\u00e9s et les dimanches<br \/>\nJuillet : Ouvert tous les jours, y compris les jours f\u00e9ri\u00e9s et les dimanches<br \/>\nAo\u00fbt : Ouvert tous les jours, y compris les jours f\u00e9ri\u00e9s et les dimanches<br \/>\nSeptembre : Ouvert tous les jours, y compris les jours f\u00e9ri\u00e9s et les dimanches<br \/>\nOctobre : 12<br \/>\nNovembre : 2, 29<br \/>\nD\u00e9cembre : 7, 13, 20, 27<\/p>\n<ul>\n<li><a href=\"https:\/\/goo.gl\/maps\/p8LFvgGBGotAQuWf9\" target=\"_blank\" rel=\"nofollow noopener external noreferrer\" data-wpel-link=\"external\"><strong>Comment s&rsquo;y rendre<\/strong><\/a> et parking. Le parking est gratuit.<\/li>\n<li><a href=\"https:\/\/www.cc-carrefour-lospatios.com\/\" target=\"_blank\" rel=\"nofollow noopener external noreferrer\" data-wpel-link=\"external\"><strong>Site web<\/strong><\/a><\/li>\n<\/ul>\n<h3><span class=\"ez-toc-section\" id=\"Malaga_Nostrum\"><\/span>Malaga Nostrum<span class=\"ez-toc-section-end\"><\/span><\/h3>\n<figure id=\"attachment_12590\" aria-describedby=\"caption-attachment-12590\" style=\"width: 1200px\" class=\"wp-caption alignnone\"><img loading=\"lazy\" decoding=\"async\" class=\"size-full wp-image-12590\" src=\"https:\/\/www.malagacar.com\/sp\/blog\/wp-content\/uploads\/2022\/11\/Malaga-Nostrum-Foto-Inoutviajes.jpg\" alt=\"Malaga Nostrum\" width=\"1200\" height=\"668\" \/><figcaption id=\"caption-attachment-12590\" class=\"wp-caption-text\">Photo Inoutviajes<\/figcaption><\/figure>\n<p>L&rsquo;un des plus grands parcs commerciaux de Malaga, avec des animaleries, des magasins Bauhaus, des magasins d&rsquo;usine de mode, des appareils \u00e9lectriques et bien plus encore. Il dispose \u00e9galement de la plus grande piste de bowling de Malaga, d&rsquo;un parc de trampolines et de 14 cin\u00e9mas.<\/p>\n<h4>Horaires d&rsquo;ouverture<\/h4>\n<p>Magasins du lundi au samedi de 10h \u00e0 22h. Bauhaus de 8h \u00e0 21h30.<br \/>\nLoisirs du lundi au dimanche de 11h \u00e0 23h.<br \/>\nRestaurants du lundi au dimanche de 11h \u00e0 minuit.<\/p>\n<h4>Ouvert les jours f\u00e9ri\u00e9s 2026<\/h4>\n<p>Janvier : 4, 11<br \/>\nF\u00e9vrier : 28<br \/>\nMars : 29<br \/>\nAvril : 2, 3, 5<br \/>\nMai : 3<br \/>\nJuin : 7, 14, 21, 28<br \/>\nJuillet : 5, 12, 19, 26<br \/>\nAo\u00fbt : 2, 9, 15, 16, 19, 23, 30<br \/>\nSeptembre : 6, 8, 13, 20, 27<br \/>\nOctobre : 12<br \/>\nNovembre : 2, 29<br \/>\nD\u00e9cembre : 7, 13, 20, 27<\/p>\n<ul>\n<li><a href=\"https:\/\/goo.gl\/maps\/MTayKDnJXp9Pavaa7\" target=\"_blank\" rel=\"nofollow noopener external noreferrer\" data-wpel-link=\"external\"><strong>Comment s&rsquo;y rendre<\/strong><\/a> et parking. Plusieurs grands parkings sont disponibles.<\/li>\n<li><a href=\"https:\/\/pcmalaganostrum.com\/\" target=\"_blank\" rel=\"nofollow noopener external noreferrer\" data-wpel-link=\"external\"><strong>Site web<\/strong><\/a><\/li>\n<\/ul>\n<h3><span class=\"ez-toc-section\" id=\"Bahia_Azul\"><\/span>Bahia Azul<span class=\"ez-toc-section-end\"><\/span><\/h3>\n<p><img loading=\"lazy\" decoding=\"async\" class=\"alignnone size-full wp-image-12591\" src=\"https:\/\/www.malagacar.com\/sp\/blog\/wp-content\/uploads\/2022\/11\/Bahia-azul.jpg\" alt=\"Parc commercial Bah\u00eda Azul\" width=\"650\" height=\"390\" \/><\/p>\n<p>Grand parc commercial situ\u00e9 \u00e0 c\u00f4t\u00e9 de la route nationale MA-21 d\u00e9di\u00e9 \u00e0 la maison avec des magasins de matelas, des magasins de meubles, des magasins de d\u00e9coration etc. et un IKEA.<\/p>\n<p>De l&rsquo;autre c\u00f4t\u00e9 des voies ferr\u00e9es se trouve le plus grand centre commercial en plein air de Malaga, Plaza Mayor.<\/p>\n<h4>Horaires d&rsquo;ouverture<\/h4>\n<p>Ouvert du lundi au samedi de 10h \u00e0 22h.<\/p>\n<h4>Ouvert les jours f\u00e9ri\u00e9s 2026<\/h4>\n<p>Janvier : 4, 11<br \/>\nF\u00e9vrier : 28<br \/>\nMars : 29<br \/>\nAvril : 2, 3, 5<br \/>\nMai : 3<br \/>\nJuin : 7, 14, 21, 28<br \/>\nJuillet : 5, 12, 19, 26<br \/>\nAo\u00fbt : 2, 9, 15, 16, 19, 23, 30<br \/>\nSeptembre : 6, 8, 13, 20, 27<br \/>\nOctobre : 12<br \/>\nNovembre : 2<br \/>\nD\u00e9cembre : 7, 13, 20, 27<\/p>\n<ul>\n<li><a href=\"https:\/\/goo.gl\/maps\/VAWMNd3VG6FKP5Tx7\" target=\"_blank\" rel=\"nofollow noopener external noreferrer\" data-wpel-link=\"external\"><strong>Comment s&rsquo;y rendre<\/strong><\/a> et parking. Il y a 1 000 places de parking ext\u00e9rieures gratuites.<\/li>\n<li><a href=\"http:\/\/parquecomercialbahiaazul.com\" target=\"_blank\" rel=\"nofollow noopener external noreferrer\" data-wpel-link=\"external\"><strong>Site web<\/strong><\/a><\/li>\n<\/ul>\n<h3><span class=\"ez-toc-section\" id=\"Plaza_Mayor\"><\/span>Plaza Mayor<span class=\"ez-toc-section-end\"><\/span><\/h3>\n<p><img loading=\"lazy\" decoding=\"async\" class=\"alignnone wp-image-9187 size-full\" src=\"https:\/\/www.malagacar.com\/blog\/wp-content\/uploads\/2022\/03\/plaza-mayor-enjpg.jpg\" alt=\"Centre commercial Plaza Mayor pr\u00e8s de l'a\u00e9roport de Malaga, centres commerciaux \u00e0 Malaga\" width=\"1000\" height=\"750\" \/><\/p>\n<p>Probablement le centre commercial le plus charmant de Malaga. Con\u00e7u dans le style d&rsquo;un village andalou, c&rsquo;est un centre commercial en plein air, avec une d\u00e9coration d\u00e9taill\u00e9e pour se promener et faire du shopping.<\/p>\n<p>Il offre un large choix de restaurants et \u00e9galement un cin\u00e9ma. Tout ce que vous devez savoir, vous pouvez le trouver dans notre article consacr\u00e9 \u00e0 <a href=\"https:\/\/www.malagacar.com\/fr\/blog\/aeroport-de-malaga\/centre-commercial-malaga-aeroport\/\" data-wpel-link=\"internal\"><strong>Plaza Mayor<\/strong><\/a> \u00e0 seulement 2 km de l&rsquo;a\u00e9roport de Malaga.<\/p>\n<h4>Ouvert les jours f\u00e9ri\u00e9s 2026<\/h4>\n<p>Janvier : 4, 11<br \/>\nF\u00e9vrier : 28<br \/>\nMars : 29<br \/>\nAvril : 2, 3, 5<br \/>\nMai : 3<br \/>\nJuin : 7, 14, 21, 28<br \/>\nJuillet : 5, 12, 19, 26<br \/>\nAo\u00fbt : 2, 9, 15, 16, 19, 23, 30<br \/>\nSeptembre : 6, 8, 13, 20, 27<br \/>\nOctobre : 12<br \/>\nNovembre : 2, 29<br \/>\nD\u00e9cembre : 7, 13, 20, 27<\/p>\n<h3><span class=\"ez-toc-section\" id=\"Quai_Un\"><\/span>Quai Un<span class=\"ez-toc-section-end\"><\/span><\/h3>\n<p><a href=\"https:\/\/www.malagacar.com\/fr\/blog\/loisirs\/quai-un-malaga\/\" data-wpel-link=\"internal\"><img loading=\"lazy\" decoding=\"async\" class=\"alignnone size-full wp-image-606\" src=\"https:\/\/www.malagacar.com\/fr\/blog\/wp-content\/uploads\/2023\/08\/quai-un.jpg\" alt=\"Quai Un \u00e1 M\u00e1laga\" width=\"1200\" height=\"800\" srcset=\"https:\/\/www.malagacar.com\/fr\/blog\/wp-content\/uploads\/2023\/08\/quai-un.jpg 1200w, https:\/\/www.malagacar.com\/fr\/blog\/wp-content\/uploads\/2023\/08\/quai-un-300x200.jpg 300w, https:\/\/www.malagacar.com\/fr\/blog\/wp-content\/uploads\/2023\/08\/quai-un-1024x683.jpg 1024w, https:\/\/www.malagacar.com\/fr\/blog\/wp-content\/uploads\/2023\/08\/quai-un-768x512.jpg 768w\" sizes=\"auto, (max-width: 1200px) 100vw, 1200px\" \/><\/a><\/p>\n<p>Quai Un (<em>Muelle Uno<\/em>) est un beau centre commercial en plein air dans le port de Malaga. C&rsquo;est un endroit urbain et ouvert o\u00f9 vous pouvez combiner shopping, promenade et boisson. Il y a souvent des march\u00e9s de rue et des spectacles en direct.<\/p>\n<p>Nous l&rsquo;aimons tellement que nous avons pr\u00e9par\u00e9 un article exclusif sur <a href=\"https:\/\/www.malagacar.com\/fr\/blog\/loisirs\/quai-un-malaga\/\" data-wpel-link=\"internal\"><strong>Quai Un<\/strong><\/a> avec tout ce que vous devez savoir.<\/p>\n<h2><span class=\"ez-toc-section\" id=\"Centres_commerciaux_sur_la_Costa_del_Sol\"><\/span>Centres commerciaux sur la Costa del Sol<span class=\"ez-toc-section-end\"><\/span><\/h2>\n<p>Comme la Costa del Sol est une zone de forte occupation touristique, vous pouvez trouver dans les grandes villes des centres commerciaux tr\u00e8s bien approvisionn\u00e9s avec des marques internationales.<\/p>\n<h3><span class=\"ez-toc-section\" id=\"Centre_commercial_a_Benalmadena\"><\/span>Centre commercial \u00e0 Benalmadena<span class=\"ez-toc-section-end\"><\/span><\/h3>\n<h4>Puerto Marina Shopping<\/h4>\n<p><img loading=\"lazy\" decoding=\"async\" class=\"alignnone size-full wp-image-12593\" src=\"https:\/\/www.malagacar.com\/sp\/blog\/wp-content\/uploads\/2022\/11\/puerto-marina.jpg\" alt=\"Puerto Marina Shopping\" width=\"970\" height=\"483\" \/><\/p>\n<p>Ce centre commercial est situ\u00e9 dans ce beau port, qui a remport\u00e9 plusieurs prix pour son design.<\/p>\n<p>Il dispose de discoth\u00e8ques, bars, restaurants et caf\u00e9s, mode et accessoires, alimentation, maison et d\u00e9coration.<\/p>\n<h4>Ouvert les jours f\u00e9ri\u00e9s<\/h4>\n<p>Ouvert 365 jours par an. \u00c9t\u00e9 de 10h \u00e0 23h. Hiver de 11h \u00e0 21h.<\/p>\n<ul>\n<li><a href=\"https:\/\/goo.gl\/maps\/dXxbWdUAAFFSbahd8\" target=\"_blank\" rel=\"nofollow noopener external noreferrer\" data-wpel-link=\"external\"><strong>Comment s&rsquo;y rendre<\/strong><\/a> et parking. La capacit\u00e9 de stationnement sur place est assez limit\u00e9e.<\/li>\n<li><a href=\"https:\/\/www.puertomarinashopping.es\/\" target=\"_blank\" rel=\"nofollow noopener external noreferrer\" data-wpel-link=\"external\"><strong>Site web<\/strong><\/a><\/li>\n<\/ul>\n<h3><span class=\"ez-toc-section\" id=\"Centre_commercial_a_Fuengirola\"><\/span>Centre commercial \u00e0 Fuengirola<span class=\"ez-toc-section-end\"><\/span><\/h3>\n<h4>Miramar<\/h4>\n<figure id=\"attachment_12594\" aria-describedby=\"caption-attachment-12594\" style=\"width: 1200px\" class=\"wp-caption alignnone\"><img loading=\"lazy\" decoding=\"async\" class=\"wp-image-12594 size-full\" src=\"https:\/\/www.malagacar.com\/sp\/blog\/wp-content\/uploads\/2022\/11\/miramar-Foto-Tripadvisor.jpg\" alt=\"Miramar, centres commerciaux \u00e0 Malaga\" width=\"1200\" height=\"877\" \/><figcaption id=\"caption-attachment-12594\" class=\"wp-caption-text\">Photo Tripadvisor<\/figcaption><\/figure>\n<p>Ce centre commercial situ\u00e9 \u00e0 c\u00f4t\u00e9 du parc de la rivi\u00e8re \u00e0 Fuengirola propose des magasins de mode, d&rsquo;accessoires et de maison, ainsi que 12 cin\u00e9mas, des bars et un club pour enfants. Il y a toujours beaucoup d&rsquo;\u00e9v\u00e9nements familiaux.<\/p>\n<p>\u00c0 quelques m\u00e8tres se trouve une <a href=\"https:\/\/goo.gl\/maps\/VPKunQunqEyprJSE7\" target=\"_blank\" rel=\"nofollow noopener external noreferrer\" data-wpel-link=\"external\"><strong> Skate Plaza<\/strong><\/a>.<\/p>\n<h4>Horaires d&rsquo;ouverture<\/h4>\n<p>Les magasins sont ouverts du lundi au samedi de 10h \u00e0 22h. Cin\u00e9ma et restaurants jusqu&rsquo;\u00e0 23h.<\/p>\n<h4>Ouvert les jours f\u00e9ri\u00e9s 2026<\/h4>\n<p>Janvier : 4, 11<br \/>\nF\u00e9vrier : 28<br \/>\nMars : 29<br \/>\nAvril : 2, 3, 5<br \/>\nMai : 3<br \/>\nJuin : 7, 14, 21, 28<br \/>\nJuillet : 5, 12, 16, 19, 26<br \/>\nAo\u00fbt : 2, 9, 15, 16, 23, 30<br \/>\nSeptembre : 6, 13, 20, 27<br \/>\nOctobre : 12<br \/>\nNovembre : 2, 29<br \/>\nD\u00e9cembre : 7, 13, 20, 27<\/p>\n<ul>\n<li><a href=\"https:\/\/goo.gl\/maps\/EwtKCGHAZPaZh4Ve6\" target=\"_blank\" rel=\"nofollow noopener external noreferrer\" data-wpel-link=\"external\"><strong>Comment s&rsquo;y rendre<\/strong><\/a> et parking. Plusieurs grands parkings sans probl\u00e8me m\u00eame aux heures de pointe.<\/li>\n<li><a href=\"http:\/\/miramarcc.com\" target=\"_blank\" rel=\"nofollow noopener external noreferrer\" data-wpel-link=\"external\"><strong>Site web<\/strong><\/a><\/li>\n<\/ul>\n<h3><span class=\"ez-toc-section\" id=\"Centres_commerciaux_a_Marbella\"><\/span>Centres commerciaux \u00e0 Marbella<span class=\"ez-toc-section-end\"><\/span><\/h3>\n<h4>La Ca\u00f1ada<\/h4>\n<p><img loading=\"lazy\" decoding=\"async\" class=\"alignnone size-full wp-image-12595\" src=\"https:\/\/www.malagacar.com\/sp\/blog\/wp-content\/uploads\/2022\/11\/la-canada.jpg\" alt=\"La Ca\u00f1ada\" width=\"1200\" height=\"713\" \/><\/p>\n<p>Centre commercial int\u00e9rieur attrayant avec une architecture moderne. Il dispose de magasins de marques haut de gamme, de mode et d&rsquo;accessoires, de divers restaurants, d&rsquo;un magasin FNAC, d&rsquo;un Apple Store, de maison et d\u00e9coration, d&rsquo;un supermarch\u00e9 et de 8 cin\u00e9mas.<\/p>\n<p>Il est situ\u00e9 \u00e0 c\u00f4t\u00e9 de l&rsquo;A-7 en p\u00e9riph\u00e9rie de Marbella.<\/p>\n<h4>Horaires d&rsquo;ouverture<\/h4>\n<p>Magasins du lundi au samedi ouverts de 10h \u00e0 22h. Restaurants ouverts jusqu&rsquo;\u00e0 minuit. Cin\u00e9ma ouvert jusqu&rsquo;\u00e0 23h le week-end.<\/p>\n<h4>Ouvert les jours f\u00e9ri\u00e9s 2026<\/h4>\n<p>Janvier : 4, 11<br \/>\nF\u00e9vrier : 28<br \/>\nMars : 29<br \/>\nAvril : 2, 3, 5<br \/>\nMai : 3<br \/>\nJuin : 7, 11, 14, 21, 28<br \/>\nJuillet : 5, 12, 19, 26<br \/>\nAo\u00fbt : 2, 9, 15, 16, 23, 30<br \/>\nSeptembre : 6, 13, 20, 27<br \/>\nOctobre : 12<br \/>\nNovembre : 2, 29<br \/>\nD\u00e9cembre : 7, 13, 20, 27<\/p>\n<ul>\n<li><a href=\"https:\/\/goo.gl\/maps\/9pTcFHrQZX4GkNmY8\" target=\"_blank\" rel=\"nofollow noopener external noreferrer\" data-wpel-link=\"external\"><strong>Comment s&rsquo;y rendre<\/strong><\/a> et parking. Le centre commercial dispose d&rsquo;un grand parking en plein air.<\/li>\n<li><a href=\"http:\/\/lacanadashopping.com\" target=\"_blank\" rel=\"nofollow noopener external noreferrer\" data-wpel-link=\"external\"><strong>Site web<\/strong><\/a><\/li>\n<\/ul>\n<h4>Marina Banus<\/h4>\n<p><img loading=\"lazy\" decoding=\"async\" class=\"alignnone size-full wp-image-12596\" src=\"https:\/\/www.malagacar.com\/sp\/blog\/wp-content\/uploads\/2022\/11\/Marina-Banus.jpg\" alt=\"Marina Ban\u00fas\" width=\"1200\" height=\"654\" \/><\/p>\n<p>Un nouveau centre commercial \u00e0 plusieurs \u00e9tages avec des magasins de v\u00eatements, de chaussures, d&rsquo;accessoires et de loisirs pour enfants situ\u00e9 au c\u0153ur de Puerto Banus.<\/p>\n<p>Comme il s&rsquo;agit d&rsquo;une enclave pour les touristes ayant un fort pouvoir d&rsquo;achat, vous y trouverez des marques haut de gamme.<\/p>\n<p>\u00c0 quelques m\u00e8tres se trouve El Corte Ingles Marbella.<\/p>\n<h4>Horaires d&rsquo;ouverture<\/h4>\n<p>Magasins du lundi au samedi ouverts de 10h \u00e0 22h. Restaurants ouverts jusqu&rsquo;\u00e0 minuit. Cin\u00e9ma ouvert jusqu&rsquo;\u00e0 23h le week-end.<\/p>\n<h4>Horaires d&rsquo;ouverture<\/h4>\n<p>Du lundi au samedi de 10h \u00e0 22h.<\/p>\n<h4>Ouvert les jours f\u00e9ri\u00e9s 2026<\/h4>\n<p>Janvier : 4, 11<br \/>\nF\u00e9vrier : 28<br \/>\nMars : 29<br \/>\nAvril : 2, 3, 5<br \/>\nMai : 3<br \/>\nJuin : 7, 11, 14, 21, 28<br \/>\nJuillet : 5, 12, 19, 26<br \/>\nAo\u00fbt : 2, 9, 15, 16, 23, 30<br \/>\nSeptembre : 6, 13, 20, 27<br \/>\nOctobre : 12<br \/>\nNovembre : 2, 29<br \/>\nD\u00e9cembre : 7, 13, 20, 27<\/p>\n<ul>\n<li><a href=\"https:\/\/goo.gl\/maps\/6wpNemeF2eFT4vAv7\" target=\"_blank\" rel=\"nofollow noopener external noreferrer\" data-wpel-link=\"external\"><strong>Comment s&rsquo;y rendre<\/strong><\/a> et parking. Il dispose d&rsquo;un parking 24h\/24.<\/li>\n<li><a href=\"http:\/\/marinabanus.com\" target=\"_blank\" rel=\"nofollow noopener external noreferrer\" data-wpel-link=\"external\"><strong>Site web<\/strong><\/a><\/li>\n<\/ul>\n<h4>El Corte Ingles<\/h4>\n<figure id=\"attachment_12597\" aria-describedby=\"caption-attachment-12597\" style=\"width: 1200px\" class=\"wp-caption alignnone\"><img loading=\"lazy\" decoding=\"async\" class=\"wp-image-12597 size-full\" src=\"https:\/\/www.malagacar.com\/sp\/blog\/wp-content\/uploads\/2022\/11\/corte-ingles-foto-Victor-rondon.jpg\" alt=\"Corte Ingl\u00e9s marbella, centres commerciaux \u00e0 Malaga\" width=\"1200\" height=\"533\" \/><figcaption id=\"caption-attachment-12597\" class=\"wp-caption-text\">Photo Victor Rondon<\/figcaption><\/figure>\n<p>Dans cet hypermarch\u00e9 de qualit\u00e9, vous trouverez des produits propres et des marques haut de gamme avec une section mode, des boutiques signature, du gourmet et bien plus encore.<\/p>\n<h4>Horaires d&rsquo;ouverture<\/h4>\n<p>Du lundi au samedi de 10h \u00e0 22h.<\/p>\n<h4>Ouvert les jours f\u00e9ri\u00e9s 2026<\/h4>\n<p>Il est ouvert le dimanche en juillet et en ao\u00fbt.<\/p>\n<ul>\n<li><a href=\"https:\/\/goo.gl\/maps\/drVH3BfXwWtm6kvo8\" target=\"_blank\" rel=\"nofollow noopener external noreferrer\" data-wpel-link=\"external\"><strong>Comment s&rsquo;y rendre<\/strong><\/a> et parking. Il dispose de son propre parking.<\/li>\n<li><a href=\"https:\/\/www.elcorteingles.es\/centroscomerciales\/es\/eci\/centros\/centro-comercial-costa-marbella\" target=\"_blank\" rel=\"nofollow noopener external noreferrer\" data-wpel-link=\"external\"><strong>Site web<\/strong><\/a><\/li>\n<\/ul>\n<h3><span class=\"ez-toc-section\" id=\"Centre_commercial_a_Rincon_de_la_Victoria\"><\/span>Centre commercial \u00e0 Rincon de la Victoria<span class=\"ez-toc-section-end\"><\/span><\/h3>\n<p><img loading=\"lazy\" decoding=\"async\" class=\"alignnone size-full wp-image-12598\" src=\"https:\/\/www.malagacar.com\/sp\/blog\/wp-content\/uploads\/2022\/11\/rincon.jpg\" alt=\"centre commercial \u00e0 Rincon de la Victoria\" width=\"1200\" height=\"661\" \/><\/p>\n<p>Centre commercial situ\u00e9 \u00e0 c\u00f4t\u00e9 de l&rsquo;autoroute A-7 et de la MA-24. Tr\u00e8s complet avec hypermarch\u00e9 Carrefour, 10 cin\u00e9mas, les principales marques de mode et d&rsquo;accessoires, magasins de chaussures, maison, jouets et jeux vid\u00e9o, t\u00e9l\u00e9phonie, sport, restaurants, une grande aire de jeux pour enfants et m\u00eame deux courts de paddle tennis.<\/p>\n<h4>Horaires d&rsquo;ouverture<\/h4>\n<p>Magasins du lundi au samedi ouverts de 10h \u00e0 22h. Loisirs et restaurants ouverts toute l&rsquo;ann\u00e9e de midi \u00e0 la derni\u00e8re s\u00e9ance de cin\u00e9ma.<\/p>\n<h4>Ouvert les jours f\u00e9ri\u00e9s 2026<\/h4>\n<p>Janvier : 4 et 11<br \/>\nF\u00e9vrier : 28<br \/>\nMars : 29<br \/>\nAvril : 2, 3 et 5<br \/>\nJuin : 7, 14, 21 et 28<br \/>\nJuillet : 5, 12, 16, 19 et 26<br \/>\nAo\u00fbt : 2, 9, 15, 16, 23 et 30<br \/>\nSeptembre : 6, 13, 20 et 27<br \/>\nOctobre : 12<br \/>\nNovembre : 2 et 29<br \/>\nD\u00e9cembre : 7, 13, 20 et 27<\/p>\n<ul>\n<li><a href=\"https:\/\/goo.gl\/maps\/RH2H748irkhbpN1w6\" data-wpel-link=\"external\" rel=\"external noopener noreferrer\"><strong>Comment s&rsquo;y rendre<\/strong><\/a> et parking. Il dispose de pr\u00e8s de 3 000 places de parking gratuites et d&rsquo;une station-service BP.<\/li>\n<li><a href=\"http:\/\/ccrincondelavictoria.com\" data-wpel-link=\"external\" rel=\"external noopener noreferrer\"><strong>Site web<\/strong><\/a><\/li>\n<\/ul>\n<h3><span class=\"ez-toc-section\" id=\"Centre_commercial_a_Torre_del_Mar\"><\/span>Centre commercial \u00e0 Torre del Mar<span class=\"ez-toc-section-end\"><\/span><\/h3>\n<h4><img loading=\"lazy\" decoding=\"async\" class=\"alignnone wp-image-12599 size-full\" src=\"https:\/\/www.malagacar.com\/sp\/blog\/wp-content\/uploads\/2022\/11\/ingenio.jpg\" alt=\"El Ingenio, centres commerciaux \u00e0 Malaga\" width=\"1181\" height=\"721\" \/><\/h4>\n<h4>El Ingenio<\/h4>\n<p>Id\u00e9alement situ\u00e9 \u00e0 c\u00f4t\u00e9 de l&rsquo;A-7, ce centre dispose de magasins vendant des v\u00eatements, des accessoires et des produits m\u00e9nagers et automobiles, ainsi que des restaurants, des cin\u00e9mas, une salle de jeux, une aire de jeux ext\u00e9rieure, une exposition de dinosaures grandeur nature et une salle de sport.<\/p>\n<h4>Horaires d&rsquo;ouverture<\/h4>\n<p>Magasins ouverts de 10h \u00e0 22h. Restaurants ouverts jusqu&rsquo;\u00e0 la derni\u00e8re s\u00e9ance de cin\u00e9ma.<\/p>\n<h4>Ouvert les jours f\u00e9ri\u00e9s 2026<\/h4>\n<p>Janvier : 4 et 11<br \/>\nF\u00e9vrier : 28<br \/>\nMars : 29<br \/>\nAvril : 2, 3 et 5<br \/>\nMai : 3<br \/>\nJuin : 7, 14, 21 et 28<br \/>\nJuillet : 5, 12, 19, 24 et 26<br \/>\nAo\u00fbt : 2, 9, 15, 16, 23 et 30<br \/>\nSeptembre : 6, 13, 20 et 27<br \/>\nOctobre : 12<br \/>\nNovembre : 2 et 29<br \/>\nD\u00e9cembre : 7, 13, 20 et 27<\/p>\n<ul>\n<li><a href=\"https:\/\/goo.gl\/maps\/6q8jk9AsawXea2mB8\" data-wpel-link=\"external\" rel=\"external noopener noreferrer\"><strong>Comment s&rsquo;y rendre<\/strong><\/a> et parking. Il dispose d&rsquo;un grand espace pour un stationnement confortable.<\/li>\n<li><a href=\"http:\/\/elingenio.es\" data-wpel-link=\"external\" rel=\"external noopener noreferrer\"><strong>Site web<\/strong><\/a><\/li>\n<\/ul>\n<h2><span class=\"ez-toc-section\" id=\"Centres_commerciaux_acceptant_les_chiens_a_Malaga\"><\/span>Centres commerciaux acceptant les chiens \u00e0 Malaga<span class=\"ez-toc-section-end\"><\/span><\/h2>\n<figure id=\"attachment_10302\" aria-describedby=\"caption-attachment-10302\" style=\"width: 1200px\" class=\"wp-caption alignnone\"><a href=\"https:\/\/www.malagacar.com\/sp\/blog\/wp-content\/uploads\/2022\/02\/Pipper-centro-comercial-dog-friendly.jpg\" data-wpel-link=\"internal\"><img loading=\"lazy\" decoding=\"async\" class=\"wp-image-10302\" src=\"https:\/\/www.malagacar.com\/sp\/blog\/wp-content\/uploads\/2022\/02\/Pipper-centro-comercial-dog-friendly.jpg\" alt=\"centres commerciaux acceptant les chiens \u00e0 Malaga\" width=\"1200\" height=\"675\" \/><\/a><figcaption id=\"caption-attachment-10302\" class=\"wp-caption-text\">Le touriste canin Pipper dans un centre commercial \u00e0 Malaga<\/figcaption><\/figure>\n<p>Quels centres commerciaux de la province de Malaga acceptent les chiens ?<\/p>\n<h4>El Ingenio<\/h4>\n<p>Les petits chiens sont autoris\u00e9s dans les bras, en poussette ou en porte-b\u00e9b\u00e9.<\/p>\n<h4>Plaza Mayor<\/h4>\n<p>Les chiens de toutes tailles sont les bienvenus.<\/p>\n<h4>La Rosaleda<\/h4>\n<p>Les chiens de toutes tailles sont les bienvenus.<\/p>\n<h4>Centro Larios<\/h4>\n<p>Les petits chiens sont autoris\u00e9s dans les bras, en poussette ou en porte-b\u00e9b\u00e9.<\/p>\n<h4>Malaga Nostrum<\/h4>\n<p>Les chiens de toutes tailles sont les bienvenus.<\/p>\n<h4>Malaga Plaza<\/h4>\n<p>Les petits chiens sont autoris\u00e9s dans les bras, en poussette ou en porte-b\u00e9b\u00e9.<\/p>\n<h4>Puerto Marina Shopping<\/h4>\n<p>Les chiens de toutes tailles sont les bienvenus.<\/p>\n<h4>Marina Banus<\/h4>\n<p>Les petits chiens sont autoris\u00e9s dans les bras, en poussette ou en porte-b\u00e9b\u00e9.<\/p>\n<h4>Vialia<\/h4>\n<p>Les chiens de toutes tailles sont les bienvenus.<\/p>\n<h4>Miramar<\/h4>\n<p>Les petits chiens sont autoris\u00e9s dans les bras, en poussette ou en porte-b\u00e9b\u00e9.<\/p>\n<h4>Rinc\u00f3n de la Victoria<\/h4>\n<p>Les petits chiens sont autoris\u00e9s dans les bras, en poussette ou en porte-b\u00e9b\u00e9.<\/p>\n<h4>La Ca\u00f1ada<\/h4>\n<p>Les petits chiens sont autoris\u00e9s dans les bras, en poussette ou en porte-b\u00e9b\u00e9.<\/p>\n\t\t\t\t\n\t\t\t\t<div id=\"search-form2\" class=\"big-quote index-mobile\">\n\t\t\t\t<form id=\"frmSearch\" name=\"frmSearch\" action=\"\/fr\/location-de-voitures\/quote.php\" method=\"post\" name=\"quote\" class=\"container-fluid\">\n\t\t\t\t\t\t\t\t\t<div class=\"row\">\n\t\t\t\t\t\t<div class=\"col-sm-6\">\n\n\t\t\t\t\t\t\t<div class=\"form-group\">\n\t\t\t\t\t\t\t\t<label for=\"entrega\"><h4>Collecte<\/h4><\/label>\n\t\t\t\t\t\t\t\t<select name=\"entrega\" id=\"entrega\" class=\"custom-select\">\n\t\t\t\t\t\t\t\t\t<option value=\"airport\"  selected>Malaga A\u00e9roport<\/option>\n\t\t\t\t\t\t\t\t\t\t\t\t\t\t\t\t<\/select>\n\t\t\t\t\t\t\t\t<div class=\"form-inline my-2\">\n\t\t\t\t\t\t\t\t\t<input id=\"pDate\" class=\"form-control\" value=\"07\/09\/2026\" name=\"pDate\" readonly onchange=\"return uppdate()\">\n\t\t\t\t\t\t\t\t\t<select class=\"custom-select\" id=\"phorasminutos\" name=\"phorasminutos\" oninvalid=\"setCustomValidity('Faites-nous conna\u00eetre votre heure d\u00b4arriv\u00e9e')\" onchange=\"setCustomValidity('');\">\n\t\t\t\t\t\t\t\t\t\t<option value=\"-\" selected>--:--<\/option>\n\t\t\t\t\t\t\t\t\t\t\t\t\t\t\t\t\t\t\t\t<option value=\"00:00\">\n\t\t\t\t\t\t\t\t\t\t\t00:00<\/option>\n\t\t\t\t\t\t\t\t\t\t<option value=\"00:15\">\n\t\t\t\t\t\t\t\t\t\t\t00:15<\/option>\n\t\t\t\t\t\t\t\t\t\t<option value=\"00:30\">\n\t\t\t\t\t\t\t\t\t\t\t00:30<\/option>\n\t\t\t\t\t\t\t\t\t\t<option value=\"00:45\">\n\t\t\t\t\t\t\t\t\t\t\t00:45<\/option>\n\t\t\t\t\t\t\t\t\t\t\t\t\t\t\t\t\t\t\t\t<option value=\"01:00\">\n\t\t\t\t\t\t\t\t\t\t\t01:00<\/option>\n\t\t\t\t\t\t\t\t\t\t<option value=\"01:15\">\n\t\t\t\t\t\t\t\t\t\t\t01:15<\/option>\n\t\t\t\t\t\t\t\t\t\t<option value=\"01:30\">\n\t\t\t\t\t\t\t\t\t\t\t01:30<\/option>\n\t\t\t\t\t\t\t\t\t\t<option value=\"01:45\">\n\t\t\t\t\t\t\t\t\t\t\t01:45<\/option>\n\t\t\t\t\t\t\t\t\t\t\t\t\t\t\t\t\t\t\t\t<option value=\"02:00\">\n\t\t\t\t\t\t\t\t\t\t\t02:00<\/option>\n\t\t\t\t\t\t\t\t\t\t<option value=\"02:15\">\n\t\t\t\t\t\t\t\t\t\t\t02:15<\/option>\n\t\t\t\t\t\t\t\t\t\t<option value=\"02:30\">\n\t\t\t\t\t\t\t\t\t\t\t02:30<\/option>\n\t\t\t\t\t\t\t\t\t\t<option value=\"02:45\">\n\t\t\t\t\t\t\t\t\t\t\t02:45<\/option>\n\t\t\t\t\t\t\t\t\t\t\t\t\t\t\t\t\t\t\t\t<option value=\"03:00\">\n\t\t\t\t\t\t\t\t\t\t\t03:00<\/option>\n\t\t\t\t\t\t\t\t\t\t<option value=\"03:15\">\n\t\t\t\t\t\t\t\t\t\t\t03:15<\/option>\n\t\t\t\t\t\t\t\t\t\t<option value=\"03:30\">\n\t\t\t\t\t\t\t\t\t\t\t03:30<\/option>\n\t\t\t\t\t\t\t\t\t\t<option value=\"03:45\">\n\t\t\t\t\t\t\t\t\t\t\t03:45<\/option>\n\t\t\t\t\t\t\t\t\t\t\t\t\t\t\t\t\t\t\t\t<option value=\"04:00\">\n\t\t\t\t\t\t\t\t\t\t\t04:00<\/option>\n\t\t\t\t\t\t\t\t\t\t<option value=\"04:15\">\n\t\t\t\t\t\t\t\t\t\t\t04:15<\/option>\n\t\t\t\t\t\t\t\t\t\t<option value=\"04:30\">\n\t\t\t\t\t\t\t\t\t\t\t04:30<\/option>\n\t\t\t\t\t\t\t\t\t\t<option value=\"04:45\">\n\t\t\t\t\t\t\t\t\t\t\t04:45<\/option>\n\t\t\t\t\t\t\t\t\t\t\t\t\t\t\t\t\t\t\t\t<option value=\"05:00\">\n\t\t\t\t\t\t\t\t\t\t\t05:00<\/option>\n\t\t\t\t\t\t\t\t\t\t<option value=\"05:15\">\n\t\t\t\t\t\t\t\t\t\t\t05:15<\/option>\n\t\t\t\t\t\t\t\t\t\t<option value=\"05:30\">\n\t\t\t\t\t\t\t\t\t\t\t05:30<\/option>\n\t\t\t\t\t\t\t\t\t\t<option value=\"05:45\">\n\t\t\t\t\t\t\t\t\t\t\t05:45<\/option>\n\t\t\t\t\t\t\t\t\t\t\t\t\t\t\t\t\t\t\t\t<option value=\"06:00\">\n\t\t\t\t\t\t\t\t\t\t\t06:00<\/option>\n\t\t\t\t\t\t\t\t\t\t<option value=\"06:15\">\n\t\t\t\t\t\t\t\t\t\t\t06:15<\/option>\n\t\t\t\t\t\t\t\t\t\t<option value=\"06:30\">\n\t\t\t\t\t\t\t\t\t\t\t06:30<\/option>\n\t\t\t\t\t\t\t\t\t\t<option value=\"06:45\">\n\t\t\t\t\t\t\t\t\t\t\t06:45<\/option>\n\t\t\t\t\t\t\t\t\t\t\t\t\t\t\t\t\t\t\t\t<option value=\"07:00\">\n\t\t\t\t\t\t\t\t\t\t\t07:00<\/option>\n\t\t\t\t\t\t\t\t\t\t<option value=\"07:15\">\n\t\t\t\t\t\t\t\t\t\t\t07:15<\/option>\n\t\t\t\t\t\t\t\t\t\t<option value=\"07:30\">\n\t\t\t\t\t\t\t\t\t\t\t07:30<\/option>\n\t\t\t\t\t\t\t\t\t\t<option value=\"07:45\">\n\t\t\t\t\t\t\t\t\t\t\t07:45<\/option>\n\t\t\t\t\t\t\t\t\t\t\t\t\t\t\t\t\t\t\t\t<option value=\"08:00\">\n\t\t\t\t\t\t\t\t\t\t\t08:00<\/option>\n\t\t\t\t\t\t\t\t\t\t<option value=\"08:15\">\n\t\t\t\t\t\t\t\t\t\t\t08:15<\/option>\n\t\t\t\t\t\t\t\t\t\t<option value=\"08:30\">\n\t\t\t\t\t\t\t\t\t\t\t08:30<\/option>\n\t\t\t\t\t\t\t\t\t\t<option value=\"08:45\">\n\t\t\t\t\t\t\t\t\t\t\t08:45<\/option>\n\t\t\t\t\t\t\t\t\t\t\t\t\t\t\t\t\t\t\t\t<option value=\"09:00\">\n\t\t\t\t\t\t\t\t\t\t\t09:00<\/option>\n\t\t\t\t\t\t\t\t\t\t<option value=\"09:15\">\n\t\t\t\t\t\t\t\t\t\t\t09:15<\/option>\n\t\t\t\t\t\t\t\t\t\t<option value=\"09:30\">\n\t\t\t\t\t\t\t\t\t\t\t09:30<\/option>\n\t\t\t\t\t\t\t\t\t\t<option value=\"09:45\">\n\t\t\t\t\t\t\t\t\t\t\t09:45<\/option>\n\t\t\t\t\t\t\t\t\t\t\t\t\t\t\t\t\t\t\t\t<option value=\"10:00\">\n\t\t\t\t\t\t\t\t\t\t\t10:00<\/option>\n\t\t\t\t\t\t\t\t\t\t<option value=\"10:15\">\n\t\t\t\t\t\t\t\t\t\t\t10:15<\/option>\n\t\t\t\t\t\t\t\t\t\t<option value=\"10:30\">\n\t\t\t\t\t\t\t\t\t\t\t10:30<\/option>\n\t\t\t\t\t\t\t\t\t\t<option value=\"10:45\">\n\t\t\t\t\t\t\t\t\t\t\t10:45<\/option>\n\t\t\t\t\t\t\t\t\t\t\t\t\t\t\t\t\t\t\t\t<option value=\"11:00\">\n\t\t\t\t\t\t\t\t\t\t\t11:00<\/option>\n\t\t\t\t\t\t\t\t\t\t<option value=\"11:15\">\n\t\t\t\t\t\t\t\t\t\t\t11:15<\/option>\n\t\t\t\t\t\t\t\t\t\t<option value=\"11:30\">\n\t\t\t\t\t\t\t\t\t\t\t11:30<\/option>\n\t\t\t\t\t\t\t\t\t\t<option value=\"11:45\">\n\t\t\t\t\t\t\t\t\t\t\t11:45<\/option>\n\t\t\t\t\t\t\t\t\t\t\t\t\t\t\t\t\t\t\t\t<option value=\"12:00\">\n\t\t\t\t\t\t\t\t\t\t\t12:00<\/option>\n\t\t\t\t\t\t\t\t\t\t<option value=\"12:15\">\n\t\t\t\t\t\t\t\t\t\t\t12:15<\/option>\n\t\t\t\t\t\t\t\t\t\t<option value=\"12:30\">\n\t\t\t\t\t\t\t\t\t\t\t12:30<\/option>\n\t\t\t\t\t\t\t\t\t\t<option value=\"12:45\">\n\t\t\t\t\t\t\t\t\t\t\t12:45<\/option>\n\t\t\t\t\t\t\t\t\t\t\t\t\t\t\t\t\t\t\t\t<option value=\"13:00\">\n\t\t\t\t\t\t\t\t\t\t\t13:00<\/option>\n\t\t\t\t\t\t\t\t\t\t<option value=\"13:15\">\n\t\t\t\t\t\t\t\t\t\t\t13:15<\/option>\n\t\t\t\t\t\t\t\t\t\t<option value=\"13:30\">\n\t\t\t\t\t\t\t\t\t\t\t13:30<\/option>\n\t\t\t\t\t\t\t\t\t\t<option value=\"13:45\">\n\t\t\t\t\t\t\t\t\t\t\t13:45<\/option>\n\t\t\t\t\t\t\t\t\t\t\t\t\t\t\t\t\t\t\t\t<option value=\"14:00\">\n\t\t\t\t\t\t\t\t\t\t\t14:00<\/option>\n\t\t\t\t\t\t\t\t\t\t<option value=\"14:15\">\n\t\t\t\t\t\t\t\t\t\t\t14:15<\/option>\n\t\t\t\t\t\t\t\t\t\t<option value=\"14:30\">\n\t\t\t\t\t\t\t\t\t\t\t14:30<\/option>\n\t\t\t\t\t\t\t\t\t\t<option value=\"14:45\">\n\t\t\t\t\t\t\t\t\t\t\t14:45<\/option>\n\t\t\t\t\t\t\t\t\t\t\t\t\t\t\t\t\t\t\t\t<option value=\"15:00\">\n\t\t\t\t\t\t\t\t\t\t\t15:00<\/option>\n\t\t\t\t\t\t\t\t\t\t<option value=\"15:15\">\n\t\t\t\t\t\t\t\t\t\t\t15:15<\/option>\n\t\t\t\t\t\t\t\t\t\t<option value=\"15:30\">\n\t\t\t\t\t\t\t\t\t\t\t15:30<\/option>\n\t\t\t\t\t\t\t\t\t\t<option value=\"15:45\">\n\t\t\t\t\t\t\t\t\t\t\t15:45<\/option>\n\t\t\t\t\t\t\t\t\t\t\t\t\t\t\t\t\t\t\t\t<option value=\"16:00\">\n\t\t\t\t\t\t\t\t\t\t\t16:00<\/option>\n\t\t\t\t\t\t\t\t\t\t<option value=\"16:15\">\n\t\t\t\t\t\t\t\t\t\t\t16:15<\/option>\n\t\t\t\t\t\t\t\t\t\t<option value=\"16:30\">\n\t\t\t\t\t\t\t\t\t\t\t16:30<\/option>\n\t\t\t\t\t\t\t\t\t\t<option value=\"16:45\">\n\t\t\t\t\t\t\t\t\t\t\t16:45<\/option>\n\t\t\t\t\t\t\t\t\t\t\t\t\t\t\t\t\t\t\t\t<option value=\"17:00\">\n\t\t\t\t\t\t\t\t\t\t\t17:00<\/option>\n\t\t\t\t\t\t\t\t\t\t<option value=\"17:15\">\n\t\t\t\t\t\t\t\t\t\t\t17:15<\/option>\n\t\t\t\t\t\t\t\t\t\t<option value=\"17:30\">\n\t\t\t\t\t\t\t\t\t\t\t17:30<\/option>\n\t\t\t\t\t\t\t\t\t\t<option value=\"17:45\">\n\t\t\t\t\t\t\t\t\t\t\t17:45<\/option>\n\t\t\t\t\t\t\t\t\t\t\t\t\t\t\t\t\t\t\t\t<option value=\"18:00\">\n\t\t\t\t\t\t\t\t\t\t\t18:00<\/option>\n\t\t\t\t\t\t\t\t\t\t<option value=\"18:15\">\n\t\t\t\t\t\t\t\t\t\t\t18:15<\/option>\n\t\t\t\t\t\t\t\t\t\t<option value=\"18:30\">\n\t\t\t\t\t\t\t\t\t\t\t18:30<\/option>\n\t\t\t\t\t\t\t\t\t\t<option value=\"18:45\">\n\t\t\t\t\t\t\t\t\t\t\t18:45<\/option>\n\t\t\t\t\t\t\t\t\t\t\t\t\t\t\t\t\t\t\t\t<option value=\"19:00\">\n\t\t\t\t\t\t\t\t\t\t\t19:00<\/option>\n\t\t\t\t\t\t\t\t\t\t<option value=\"19:15\">\n\t\t\t\t\t\t\t\t\t\t\t19:15<\/option>\n\t\t\t\t\t\t\t\t\t\t<option value=\"19:30\">\n\t\t\t\t\t\t\t\t\t\t\t19:30<\/option>\n\t\t\t\t\t\t\t\t\t\t<option value=\"19:45\">\n\t\t\t\t\t\t\t\t\t\t\t19:45<\/option>\n\t\t\t\t\t\t\t\t\t\t\t\t\t\t\t\t\t\t\t\t<option value=\"20:00\">\n\t\t\t\t\t\t\t\t\t\t\t20:00<\/option>\n\t\t\t\t\t\t\t\t\t\t<option value=\"20:15\">\n\t\t\t\t\t\t\t\t\t\t\t20:15<\/option>\n\t\t\t\t\t\t\t\t\t\t<option value=\"20:30\">\n\t\t\t\t\t\t\t\t\t\t\t20:30<\/option>\n\t\t\t\t\t\t\t\t\t\t<option value=\"20:45\">\n\t\t\t\t\t\t\t\t\t\t\t20:45<\/option>\n\t\t\t\t\t\t\t\t\t\t\t\t\t\t\t\t\t\t\t\t<option value=\"21:00\">\n\t\t\t\t\t\t\t\t\t\t\t21:00<\/option>\n\t\t\t\t\t\t\t\t\t\t<option value=\"21:15\">\n\t\t\t\t\t\t\t\t\t\t\t21:15<\/option>\n\t\t\t\t\t\t\t\t\t\t<option value=\"21:30\">\n\t\t\t\t\t\t\t\t\t\t\t21:30<\/option>\n\t\t\t\t\t\t\t\t\t\t<option value=\"21:45\">\n\t\t\t\t\t\t\t\t\t\t\t21:45<\/option>\n\t\t\t\t\t\t\t\t\t\t\t\t\t\t\t\t\t\t\t\t<option value=\"22:00\">\n\t\t\t\t\t\t\t\t\t\t\t22:00<\/option>\n\t\t\t\t\t\t\t\t\t\t<option value=\"22:15\">\n\t\t\t\t\t\t\t\t\t\t\t22:15<\/option>\n\t\t\t\t\t\t\t\t\t\t<option value=\"22:30\">\n\t\t\t\t\t\t\t\t\t\t\t22:30<\/option>\n\t\t\t\t\t\t\t\t\t\t<option value=\"22:45\">\n\t\t\t\t\t\t\t\t\t\t\t22:45<\/option>\n\t\t\t\t\t\t\t\t\t\t\t\t\t\t\t\t\t\t\t\t<option value=\"23:00\">\n\t\t\t\t\t\t\t\t\t\t\t23:00<\/option>\n\t\t\t\t\t\t\t\t\t\t<option value=\"23:15\">\n\t\t\t\t\t\t\t\t\t\t\t23:15<\/option>\n\t\t\t\t\t\t\t\t\t\t<option value=\"23:30\">\n\t\t\t\t\t\t\t\t\t\t\t23:30<\/option>\n\t\t\t\t\t\t\t\t\t\t<option value=\"23:45\">\n\t\t\t\t\t\t\t\t\t\t\t23:45<\/option>\n\t\t\t\t\t\t\t\t\t\t\t\t\t\t\t\t\t\t\t<\/select>\n\t\t\t\t\t\t\t\t<\/div>\n\t\t\t\t\t\t\t<\/div>\n\t\t\t\t\t\t<\/div>\n\t\t\t\t\t\t<div class=\"col-sm-6\">\n\t\t\t\t\t\t\t<div class=\"form-group\">\n\t\t\t\t\t\t\t\t<div id=\"bookingBox\"><\/div>\n\n\t\t\t\t\t\t\t\t<label for=\"devuelta\"><h4>D\u00e9p\u00f4t<\/h4><\/label>\n\t\t\t\t\t\t\t\t<select name=\"devuelta\" id=\"devuelta\" class=\"custom-select\">\n\t\t\t\t\t\t\t\t\t<option value=\"airport\"  selected>Malaga A\u00e9roport<\/option>\n\t\t\t\t\t\t\t\t\t\t\t\t\t\t\t\t<\/select>\n\n\t\t\t\t\t\t\t\t<div class=\"form-inline my-2\">\n\t\t\t\t\t\t\t\t\t<input id=\"dDate\" class=\"form-control\" value=\"14\/09\/2026\" name=\"dDate\" readonly>\n\t\t\t\t\t\t\t\t\t<select class=\"custom-select\" id=\"dhorasminutos\" name=\"dhorasminutos\" oninvalid=\"setCustomValidity('Faites-nous savoir votre heure de retour')\" onchange=\"setCustomValidity('')\">\n\t\t\t\t\t\t\t\t\t\t<option value=\"-\" selected>--:--<\/option>\n\t\t\t\t\t\t\t\t\t\t\t\t\t\t\t\t\t\t\t\t<option value=\"00:00\">\n\t\t\t\t\t\t\t\t\t\t\t00:00<\/option>\n\t\t\t\t\t\t\t\t\t\t<option value=\"00:15\">\n\t\t\t\t\t\t\t\t\t\t\t00:15<\/option>\n\t\t\t\t\t\t\t\t\t\t<option value=\"00:30\">\n\t\t\t\t\t\t\t\t\t\t\t00:30<\/option>\n\t\t\t\t\t\t\t\t\t\t<option value=\"00:45\">\n\t\t\t\t\t\t\t\t\t\t\t00:45<\/option>\n\t\t\t\t\t\t\t\t\t\t\t\t\t\t\t\t\t\t\t\t<option value=\"01:00\">\n\t\t\t\t\t\t\t\t\t\t\t01:00<\/option>\n\t\t\t\t\t\t\t\t\t\t<option value=\"01:15\">\n\t\t\t\t\t\t\t\t\t\t\t01:15<\/option>\n\t\t\t\t\t\t\t\t\t\t<option value=\"01:30\">\n\t\t\t\t\t\t\t\t\t\t\t01:30<\/option>\n\t\t\t\t\t\t\t\t\t\t<option value=\"01:45\">\n\t\t\t\t\t\t\t\t\t\t\t01:45<\/option>\n\t\t\t\t\t\t\t\t\t\t\t\t\t\t\t\t\t\t\t\t<option value=\"02:00\">\n\t\t\t\t\t\t\t\t\t\t\t02:00<\/option>\n\t\t\t\t\t\t\t\t\t\t<option value=\"02:15\">\n\t\t\t\t\t\t\t\t\t\t\t02:15<\/option>\n\t\t\t\t\t\t\t\t\t\t<option value=\"02:30\">\n\t\t\t\t\t\t\t\t\t\t\t02:30<\/option>\n\t\t\t\t\t\t\t\t\t\t<option value=\"02:45\">\n\t\t\t\t\t\t\t\t\t\t\t02:45<\/option>\n\t\t\t\t\t\t\t\t\t\t\t\t\t\t\t\t\t\t\t\t<option value=\"03:00\">\n\t\t\t\t\t\t\t\t\t\t\t03:00<\/option>\n\t\t\t\t\t\t\t\t\t\t<option value=\"03:15\">\n\t\t\t\t\t\t\t\t\t\t\t03:15<\/option>\n\t\t\t\t\t\t\t\t\t\t<option value=\"03:30\">\n\t\t\t\t\t\t\t\t\t\t\t03:30<\/option>\n\t\t\t\t\t\t\t\t\t\t<option value=\"03:45\">\n\t\t\t\t\t\t\t\t\t\t\t03:45<\/option>\n\t\t\t\t\t\t\t\t\t\t\t\t\t\t\t\t\t\t\t\t<option value=\"04:00\">\n\t\t\t\t\t\t\t\t\t\t\t04:00<\/option>\n\t\t\t\t\t\t\t\t\t\t<option value=\"04:15\">\n\t\t\t\t\t\t\t\t\t\t\t04:15<\/option>\n\t\t\t\t\t\t\t\t\t\t<option value=\"04:30\">\n\t\t\t\t\t\t\t\t\t\t\t04:30<\/option>\n\t\t\t\t\t\t\t\t\t\t<option value=\"04:45\">\n\t\t\t\t\t\t\t\t\t\t\t04:45<\/option>\n\t\t\t\t\t\t\t\t\t\t\t\t\t\t\t\t\t\t\t\t<option value=\"05:00\">\n\t\t\t\t\t\t\t\t\t\t\t05:00<\/option>\n\t\t\t\t\t\t\t\t\t\t<option value=\"05:15\">\n\t\t\t\t\t\t\t\t\t\t\t05:15<\/option>\n\t\t\t\t\t\t\t\t\t\t<option value=\"05:30\">\n\t\t\t\t\t\t\t\t\t\t\t05:30<\/option>\n\t\t\t\t\t\t\t\t\t\t<option value=\"05:45\">\n\t\t\t\t\t\t\t\t\t\t\t05:45<\/option>\n\t\t\t\t\t\t\t\t\t\t\t\t\t\t\t\t\t\t\t\t<option value=\"06:00\">\n\t\t\t\t\t\t\t\t\t\t\t06:00<\/option>\n\t\t\t\t\t\t\t\t\t\t<option value=\"06:15\">\n\t\t\t\t\t\t\t\t\t\t\t06:15<\/option>\n\t\t\t\t\t\t\t\t\t\t<option value=\"06:30\">\n\t\t\t\t\t\t\t\t\t\t\t06:30<\/option>\n\t\t\t\t\t\t\t\t\t\t<option value=\"06:45\">\n\t\t\t\t\t\t\t\t\t\t\t06:45<\/option>\n\t\t\t\t\t\t\t\t\t\t\t\t\t\t\t\t\t\t\t\t<option value=\"07:00\">\n\t\t\t\t\t\t\t\t\t\t\t07:00<\/option>\n\t\t\t\t\t\t\t\t\t\t<option value=\"07:15\">\n\t\t\t\t\t\t\t\t\t\t\t07:15<\/option>\n\t\t\t\t\t\t\t\t\t\t<option value=\"07:30\">\n\t\t\t\t\t\t\t\t\t\t\t07:30<\/option>\n\t\t\t\t\t\t\t\t\t\t<option value=\"07:45\">\n\t\t\t\t\t\t\t\t\t\t\t07:45<\/option>\n\t\t\t\t\t\t\t\t\t\t\t\t\t\t\t\t\t\t\t\t<option value=\"08:00\">\n\t\t\t\t\t\t\t\t\t\t\t08:00<\/option>\n\t\t\t\t\t\t\t\t\t\t<option value=\"08:15\">\n\t\t\t\t\t\t\t\t\t\t\t08:15<\/option>\n\t\t\t\t\t\t\t\t\t\t<option value=\"08:30\">\n\t\t\t\t\t\t\t\t\t\t\t08:30<\/option>\n\t\t\t\t\t\t\t\t\t\t<option value=\"08:45\">\n\t\t\t\t\t\t\t\t\t\t\t08:45<\/option>\n\t\t\t\t\t\t\t\t\t\t\t\t\t\t\t\t\t\t\t\t<option value=\"09:00\">\n\t\t\t\t\t\t\t\t\t\t\t09:00<\/option>\n\t\t\t\t\t\t\t\t\t\t<option value=\"09:15\">\n\t\t\t\t\t\t\t\t\t\t\t09:15<\/option>\n\t\t\t\t\t\t\t\t\t\t<option value=\"09:30\">\n\t\t\t\t\t\t\t\t\t\t\t09:30<\/option>\n\t\t\t\t\t\t\t\t\t\t<option value=\"09:45\">\n\t\t\t\t\t\t\t\t\t\t\t09:45<\/option>\n\t\t\t\t\t\t\t\t\t\t\t\t\t\t\t\t\t\t\t\t<option value=\"10:00\">\n\t\t\t\t\t\t\t\t\t\t\t10:00<\/option>\n\t\t\t\t\t\t\t\t\t\t<option value=\"10:15\">\n\t\t\t\t\t\t\t\t\t\t\t10:15<\/option>\n\t\t\t\t\t\t\t\t\t\t<option value=\"10:30\">\n\t\t\t\t\t\t\t\t\t\t\t10:30<\/option>\n\t\t\t\t\t\t\t\t\t\t<option value=\"10:45\">\n\t\t\t\t\t\t\t\t\t\t\t10:45<\/option>\n\t\t\t\t\t\t\t\t\t\t\t\t\t\t\t\t\t\t\t\t<option value=\"11:00\">\n\t\t\t\t\t\t\t\t\t\t\t11:00<\/option>\n\t\t\t\t\t\t\t\t\t\t<option value=\"11:15\">\n\t\t\t\t\t\t\t\t\t\t\t11:15<\/option>\n\t\t\t\t\t\t\t\t\t\t<option value=\"11:30\">\n\t\t\t\t\t\t\t\t\t\t\t11:30<\/option>\n\t\t\t\t\t\t\t\t\t\t<option value=\"11:45\">\n\t\t\t\t\t\t\t\t\t\t\t11:45<\/option>\n\t\t\t\t\t\t\t\t\t\t\t\t\t\t\t\t\t\t\t\t<option value=\"12:00\">\n\t\t\t\t\t\t\t\t\t\t\t12:00<\/option>\n\t\t\t\t\t\t\t\t\t\t<option value=\"12:15\">\n\t\t\t\t\t\t\t\t\t\t\t12:15<\/option>\n\t\t\t\t\t\t\t\t\t\t<option value=\"12:30\">\n\t\t\t\t\t\t\t\t\t\t\t12:30<\/option>\n\t\t\t\t\t\t\t\t\t\t<option value=\"12:45\">\n\t\t\t\t\t\t\t\t\t\t\t12:45<\/option>\n\t\t\t\t\t\t\t\t\t\t\t\t\t\t\t\t\t\t\t\t<option value=\"13:00\">\n\t\t\t\t\t\t\t\t\t\t\t13:00<\/option>\n\t\t\t\t\t\t\t\t\t\t<option value=\"13:15\">\n\t\t\t\t\t\t\t\t\t\t\t13:15<\/option>\n\t\t\t\t\t\t\t\t\t\t<option value=\"13:30\">\n\t\t\t\t\t\t\t\t\t\t\t13:30<\/option>\n\t\t\t\t\t\t\t\t\t\t<option value=\"13:45\">\n\t\t\t\t\t\t\t\t\t\t\t13:45<\/option>\n\t\t\t\t\t\t\t\t\t\t\t\t\t\t\t\t\t\t\t\t<option value=\"14:00\">\n\t\t\t\t\t\t\t\t\t\t\t14:00<\/option>\n\t\t\t\t\t\t\t\t\t\t<option value=\"14:15\">\n\t\t\t\t\t\t\t\t\t\t\t14:15<\/option>\n\t\t\t\t\t\t\t\t\t\t<option value=\"14:30\">\n\t\t\t\t\t\t\t\t\t\t\t14:30<\/option>\n\t\t\t\t\t\t\t\t\t\t<option value=\"14:45\">\n\t\t\t\t\t\t\t\t\t\t\t14:45<\/option>\n\t\t\t\t\t\t\t\t\t\t\t\t\t\t\t\t\t\t\t\t<option value=\"15:00\">\n\t\t\t\t\t\t\t\t\t\t\t15:00<\/option>\n\t\t\t\t\t\t\t\t\t\t<option value=\"15:15\">\n\t\t\t\t\t\t\t\t\t\t\t15:15<\/option>\n\t\t\t\t\t\t\t\t\t\t<option value=\"15:30\">\n\t\t\t\t\t\t\t\t\t\t\t15:30<\/option>\n\t\t\t\t\t\t\t\t\t\t<option value=\"15:45\">\n\t\t\t\t\t\t\t\t\t\t\t15:45<\/option>\n\t\t\t\t\t\t\t\t\t\t\t\t\t\t\t\t\t\t\t\t<option value=\"16:00\">\n\t\t\t\t\t\t\t\t\t\t\t16:00<\/option>\n\t\t\t\t\t\t\t\t\t\t<option value=\"16:15\">\n\t\t\t\t\t\t\t\t\t\t\t16:15<\/option>\n\t\t\t\t\t\t\t\t\t\t<option value=\"16:30\">\n\t\t\t\t\t\t\t\t\t\t\t16:30<\/option>\n\t\t\t\t\t\t\t\t\t\t<option value=\"16:45\">\n\t\t\t\t\t\t\t\t\t\t\t16:45<\/option>\n\t\t\t\t\t\t\t\t\t\t\t\t\t\t\t\t\t\t\t\t<option value=\"17:00\">\n\t\t\t\t\t\t\t\t\t\t\t17:00<\/option>\n\t\t\t\t\t\t\t\t\t\t<option value=\"17:15\">\n\t\t\t\t\t\t\t\t\t\t\t17:15<\/option>\n\t\t\t\t\t\t\t\t\t\t<option value=\"17:30\">\n\t\t\t\t\t\t\t\t\t\t\t17:30<\/option>\n\t\t\t\t\t\t\t\t\t\t<option value=\"17:45\">\n\t\t\t\t\t\t\t\t\t\t\t17:45<\/option>\n\t\t\t\t\t\t\t\t\t\t\t\t\t\t\t\t\t\t\t\t<option value=\"18:00\">\n\t\t\t\t\t\t\t\t\t\t\t18:00<\/option>\n\t\t\t\t\t\t\t\t\t\t<option value=\"18:15\">\n\t\t\t\t\t\t\t\t\t\t\t18:15<\/option>\n\t\t\t\t\t\t\t\t\t\t<option value=\"18:30\">\n\t\t\t\t\t\t\t\t\t\t\t18:30<\/option>\n\t\t\t\t\t\t\t\t\t\t<option value=\"18:45\">\n\t\t\t\t\t\t\t\t\t\t\t18:45<\/option>\n\t\t\t\t\t\t\t\t\t\t\t\t\t\t\t\t\t\t\t\t<option value=\"19:00\">\n\t\t\t\t\t\t\t\t\t\t\t19:00<\/option>\n\t\t\t\t\t\t\t\t\t\t<option value=\"19:15\">\n\t\t\t\t\t\t\t\t\t\t\t19:15<\/option>\n\t\t\t\t\t\t\t\t\t\t<option value=\"19:30\">\n\t\t\t\t\t\t\t\t\t\t\t19:30<\/option>\n\t\t\t\t\t\t\t\t\t\t<option value=\"19:45\">\n\t\t\t\t\t\t\t\t\t\t\t19:45<\/option>\n\t\t\t\t\t\t\t\t\t\t\t\t\t\t\t\t\t\t\t\t<option value=\"20:00\">\n\t\t\t\t\t\t\t\t\t\t\t20:00<\/option>\n\t\t\t\t\t\t\t\t\t\t<option value=\"20:15\">\n\t\t\t\t\t\t\t\t\t\t\t20:15<\/option>\n\t\t\t\t\t\t\t\t\t\t<option value=\"20:30\">\n\t\t\t\t\t\t\t\t\t\t\t20:30<\/option>\n\t\t\t\t\t\t\t\t\t\t<option value=\"20:45\">\n\t\t\t\t\t\t\t\t\t\t\t20:45<\/option>\n\t\t\t\t\t\t\t\t\t\t\t\t\t\t\t\t\t\t\t\t<option value=\"21:00\">\n\t\t\t\t\t\t\t\t\t\t\t21:00<\/option>\n\t\t\t\t\t\t\t\t\t\t<option value=\"21:15\">\n\t\t\t\t\t\t\t\t\t\t\t21:15<\/option>\n\t\t\t\t\t\t\t\t\t\t<option value=\"21:30\">\n\t\t\t\t\t\t\t\t\t\t\t21:30<\/option>\n\t\t\t\t\t\t\t\t\t\t<option value=\"21:45\">\n\t\t\t\t\t\t\t\t\t\t\t21:45<\/option>\n\t\t\t\t\t\t\t\t\t\t\t\t\t\t\t\t\t\t\t\t<option value=\"22:00\">\n\t\t\t\t\t\t\t\t\t\t\t22:00<\/option>\n\t\t\t\t\t\t\t\t\t\t<option value=\"22:15\">\n\t\t\t\t\t\t\t\t\t\t\t22:15<\/option>\n\t\t\t\t\t\t\t\t\t\t<option value=\"22:30\">\n\t\t\t\t\t\t\t\t\t\t\t22:30<\/option>\n\t\t\t\t\t\t\t\t\t\t<option value=\"22:45\">\n\t\t\t\t\t\t\t\t\t\t\t22:45<\/option>\n\t\t\t\t\t\t\t\t\t\t\t\t\t\t\t\t\t\t\t\t<option value=\"23:00\">\n\t\t\t\t\t\t\t\t\t\t\t23:00<\/option>\n\t\t\t\t\t\t\t\t\t\t<option value=\"23:15\">\n\t\t\t\t\t\t\t\t\t\t\t23:15<\/option>\n\t\t\t\t\t\t\t\t\t\t<option value=\"23:30\">\n\t\t\t\t\t\t\t\t\t\t\t23:30<\/option>\n\t\t\t\t\t\t\t\t\t\t<option value=\"23:45\">\n\t\t\t\t\t\t\t\t\t\t\t23:45<\/option>\n\t\t\t\t\t\t\t\t\t\t\t\t\t\t\t\t\t\t\t<\/select>\n\t\t\t\t\t\t\t\t<\/div>\n\t\t\t\t\t\t\t<\/div>\n\t\t\t\t\t\t<\/div>\n\n\t\t\t\t\t<\/div>\n\t\t\t\t\n\n\t\t\t\t\t\t<div class=\"row\">\n                               <div class=\"col-sm-6\">\n\t\t\t\t\t\t\t\t<div class=\"form-group promo-code\">\n\t\t\t\t\t\t\t\t\t\t\t\t\t\t\t\t\t<label for=\"tipogrupo\" class=\"w-50 text-right pr-3 pt-1\">Group<\/label>\n\t\t\t\t\t\t\t\t\t<select name=\"tipogrupo\" id=\"tipogrupo\" class=\"form-control w-50\">\n\t\t\t\t\t\t\t\t\t<option value=\"0\">Voir tous<\/option>\n\t\t\t                        <option value=\"1\">Standard<\/option> \n\t\t\t\t\t\t\t\t\t<option value=\"2\">Automatique<\/option>  \n\t\t\t\t\t\t\t\t\t<option value=\"4\">Transporteurs<\/option>  \n\t\t\t\t\t\t\t\t\t<option value=\"5\">Cabriolet et Sport<\/option>  \n\t\t\t\t\t\t\t\t\t<option value=\"6\">Prestige<\/option>  \n\t\t\t\t\t\t\t\t\t<option value=\"8\">SUV<\/option>  \n\t\t\t\t\t\t\t\t\t<option value=\"10\">Camping car et Autocaravane<\/option>  \t\t\t\t\t\t\t\n\t\t\t\t\t\t\t\t<\/select>\t\n\t\t\t\t\t\t\t\t\t\n\t\t\t\t\t\t\t<\/div>\n\t\t\t\t\t\t\t<\/div>\n\t\t\t\t\t\t<div class=\"col-sm-6 align-self-end\">\n\t\t\t\t\t\t\t<div class=\"form-group\">\n\t\t\t\t\t\t\t\t<input type=\"submit\" class=\"btn-quote\" value=\"Voir les prix\" onclick=\"return msgAlert()\">\n\t\t\t\t\t\t\t<\/div>\n\t\t\t\t\t\t<\/div>\n\t\t\t\t\t<\/div>\n\t\t\t\t<\/form>\n\t\t\t\t<div class=\"row hide-mini-tablet advantages\">\n\t\t\t\t\t\t<div class=\"col-12\">\n\t\t\t\t\t\t\t<h4 class=\"text-center text-white\">TARIFS IMBATTABLES<\/h4>\n\t\t\t\t\t\t\t<ul>\n\t\t\t\t\t\t\t\t<li><strong>Grande flotte<\/strong> de voitures neuves.<\/li>\n\t\t\t\t\t\t\t\t<li><strong>Payez \u00e0 l'arriv\u00e9e<\/strong>.<\/li>\n\t\t\t\t\t\t\t\t<li>Ce que vous voyez est ce que vous payez.<\/li>\n\t\t\t\t\t\t\t\t<li><strong>Pas difficile \u00e0 vendre au bureau<\/strong>.<\/li>\n\t\t\t\t\t\t\t\t<li>Service de livraison VIP gratuit.<\/li>\n\t\t\t\t\t\t\t\t<li><strong class='redpassion-alt'>PAS DE FRAIS SUPPL\u00c9MENTAIRES<\/strong>, pour le service de ravitaillement.<\/li>\n\t\t\t\t\t\t\t<\/ul>\n\t\t\t\t\t\t<\/div>\n\t\t\t\t\t<\/div>\n\t\t\t\t<\/div>\n\t\t\t<br clear=\"all\">\n\n","protected":false},"excerpt":{"rendered":"<p>Il y a beaucoup de centres commerciaux \u00e0 Malaga et le long de la Costa del Sol. La plupart d&rsquo;entre eux ont une offre attrayante non seulement de magasins, mais aussi de loisirs et de restaurants. Quelque chose \u00e0 consid\u00e9rer si vous voyagez avec votre famille sur la Costa del Sol. La plupart d&rsquo;entre eux [&hellip;]<\/p>\n","protected":false},"author":1,"featured_media":601,"comment_status":"open","ping_status":"open","sticky":false,"template":"","format":"standard","meta":{"footnotes":""},"categories":[2],"tags":[],"class_list":["post-594","post","type-post","status-publish","format-standard","has-post-thumbnail","hentry","category-loisirs"],"yoast_head":"<!-- This site is optimized with the Yoast SEO plugin v28.4 - https:\/\/yoast.com\/product\/yoast-seo-wordpress\/ -->\n<title>Centres commerciaux \u00e0 Malaga Heures d\u2019ouverture 2026<\/title>\n<meta name=\"description\" content=\"Il y a beaucoup de centres commerciaux \u00e0 Malaga. Trouvez ici les heures d&#039;ouverture, les jours f\u00e9ri\u00e9s et les informations.\" \/>\n<meta name=\"robots\" content=\"index, follow, max-snippet:-1, max-image-preview:large, max-video-preview:-1\" \/>\n<link rel=\"canonical\" href=\"https:\/\/www.malagacar.com\/fr\/blog\/loisirs\/centres-commerciaux-a-malaga\/\" \/>\n<meta property=\"og:locale\" content=\"fr_FR\" \/>\n<meta property=\"og:type\" content=\"article\" \/>\n<meta property=\"og:title\" content=\"Centres commerciaux \u00e0 Malaga Heures d\u2019ouverture 2026\" \/>\n<meta property=\"og:description\" content=\"Il y a beaucoup de centres commerciaux \u00e0 Malaga. Trouvez ici les heures d&#039;ouverture, les jours f\u00e9ri\u00e9s et les informations.\" \/>\n<meta property=\"og:url\" content=\"https:\/\/www.malagacar.com\/fr\/blog\/loisirs\/centres-commerciaux-a-malaga\/\" \/>\n<meta property=\"og:site_name\" content=\"Blog de MalagaCar.com\" \/>\n<meta property=\"article:publisher\" content=\"https:\/\/www.facebook.com\/malagacar\" \/>\n<meta property=\"article:published_time\" content=\"2025-01-13T11:08:12+00:00\" \/>\n<meta property=\"article:modified_time\" content=\"2026-01-13T11:08:10+00:00\" \/>\n<meta property=\"og:image\" content=\"https:\/\/www.malagacar.com\/fr\/blog\/wp-content\/uploads\/2023\/08\/centres-commerciaux-malaga.jpg\" \/>\n\t<meta property=\"og:image:width\" content=\"1200\" \/>\n\t<meta property=\"og:image:height\" content=\"799\" \/>\n\t<meta property=\"og:image:type\" content=\"image\/jpeg\" \/>\n<meta name=\"author\" content=\"MalagaCar.com\" \/>\n<meta name=\"twitter:card\" content=\"summary_large_image\" \/>\n<meta name=\"twitter:creator\" content=\"@malagacarcom\" \/>\n<meta name=\"twitter:site\" content=\"@malagacarcom\" \/>\n<meta name=\"twitter:label1\" content=\"\u00c9crit par\" \/>\n\t<meta name=\"twitter:data1\" content=\"MalagaCar.com\" \/>\n\t<meta name=\"twitter:label2\" content=\"Dur\u00e9e de lecture estim\u00e9e\" \/>\n\t<meta name=\"twitter:data2\" content=\"17 minutes\" \/>\n<script type=\"application\/ld+json\" class=\"yoast-schema-graph\">{\"@context\":\"https:\\\/\\\/schema.org\",\"@graph\":[{\"@type\":\"Article\",\"@id\":\"https:\\\/\\\/www.malagacar.com\\\/fr\\\/blog\\\/loisirs\\\/centres-commerciaux-a-malaga\\\/#article\",\"isPartOf\":{\"@id\":\"https:\\\/\\\/www.malagacar.com\\\/fr\\\/blog\\\/loisirs\\\/centres-commerciaux-a-malaga\\\/\"},\"author\":{\"name\":\"MalagaCar.com\",\"@id\":\"https:\\\/\\\/www.malagacar.com\\\/fr\\\/blog\\\/#\\\/schema\\\/person\\\/ffb97005d02bcc7d0bb59f5409635691\"},\"headline\":\"Centres commerciaux \u00e0 Malaga Heures d\u2019ouverture 2026\",\"datePublished\":\"2025-01-13T11:08:12+00:00\",\"dateModified\":\"2026-01-13T11:08:10+00:00\",\"mainEntityOfPage\":{\"@id\":\"https:\\\/\\\/www.malagacar.com\\\/fr\\\/blog\\\/loisirs\\\/centres-commerciaux-a-malaga\\\/\"},\"wordCount\":2271,\"commentCount\":0,\"publisher\":{\"@id\":\"https:\\\/\\\/www.malagacar.com\\\/fr\\\/blog\\\/#organization\"},\"image\":{\"@id\":\"https:\\\/\\\/www.malagacar.com\\\/fr\\\/blog\\\/loisirs\\\/centres-commerciaux-a-malaga\\\/#primaryimage\"},\"thumbnailUrl\":\"https:\\\/\\\/www.malagacar.com\\\/fr\\\/blog\\\/wp-content\\\/uploads\\\/2023\\\/08\\\/centres-commerciaux-malaga.jpg\",\"articleSection\":[\"Loisirs\"],\"inLanguage\":\"fr-FR\",\"potentialAction\":[{\"@type\":\"CommentAction\",\"name\":\"Comment\",\"target\":[\"https:\\\/\\\/www.malagacar.com\\\/fr\\\/blog\\\/loisirs\\\/centres-commerciaux-a-malaga\\\/#respond\"]}]},{\"@type\":\"WebPage\",\"@id\":\"https:\\\/\\\/www.malagacar.com\\\/fr\\\/blog\\\/loisirs\\\/centres-commerciaux-a-malaga\\\/\",\"url\":\"https:\\\/\\\/www.malagacar.com\\\/fr\\\/blog\\\/loisirs\\\/centres-commerciaux-a-malaga\\\/\",\"name\":\"Centres commerciaux \u00e0 Malaga Heures d\u2019ouverture 2026\",\"isPartOf\":{\"@id\":\"https:\\\/\\\/www.malagacar.com\\\/fr\\\/blog\\\/#website\"},\"primaryImageOfPage\":{\"@id\":\"https:\\\/\\\/www.malagacar.com\\\/fr\\\/blog\\\/loisirs\\\/centres-commerciaux-a-malaga\\\/#primaryimage\"},\"image\":{\"@id\":\"https:\\\/\\\/www.malagacar.com\\\/fr\\\/blog\\\/loisirs\\\/centres-commerciaux-a-malaga\\\/#primaryimage\"},\"thumbnailUrl\":\"https:\\\/\\\/www.malagacar.com\\\/fr\\\/blog\\\/wp-content\\\/uploads\\\/2023\\\/08\\\/centres-commerciaux-malaga.jpg\",\"datePublished\":\"2025-01-13T11:08:12+00:00\",\"dateModified\":\"2026-01-13T11:08:10+00:00\",\"description\":\"Il y a beaucoup de centres commerciaux \u00e0 Malaga. Trouvez ici les heures d'ouverture, les jours f\u00e9ri\u00e9s et les informations.\",\"breadcrumb\":{\"@id\":\"https:\\\/\\\/www.malagacar.com\\\/fr\\\/blog\\\/loisirs\\\/centres-commerciaux-a-malaga\\\/#breadcrumb\"},\"inLanguage\":\"fr-FR\",\"potentialAction\":[{\"@type\":\"ReadAction\",\"target\":[\"https:\\\/\\\/www.malagacar.com\\\/fr\\\/blog\\\/loisirs\\\/centres-commerciaux-a-malaga\\\/\"]}]},{\"@type\":\"ImageObject\",\"inLanguage\":\"fr-FR\",\"@id\":\"https:\\\/\\\/www.malagacar.com\\\/fr\\\/blog\\\/loisirs\\\/centres-commerciaux-a-malaga\\\/#primaryimage\",\"url\":\"https:\\\/\\\/www.malagacar.com\\\/fr\\\/blog\\\/wp-content\\\/uploads\\\/2023\\\/08\\\/centres-commerciaux-malaga.jpg\",\"contentUrl\":\"https:\\\/\\\/www.malagacar.com\\\/fr\\\/blog\\\/wp-content\\\/uploads\\\/2023\\\/08\\\/centres-commerciaux-malaga.jpg\",\"width\":1200,\"height\":799,\"caption\":\"Centres commerciaux \u00e0 Malaga\"},{\"@type\":\"BreadcrumbList\",\"@id\":\"https:\\\/\\\/www.malagacar.com\\\/fr\\\/blog\\\/loisirs\\\/centres-commerciaux-a-malaga\\\/#breadcrumb\",\"itemListElement\":[{\"@type\":\"ListItem\",\"position\":1,\"name\":\"Accueil\",\"item\":\"https:\\\/\\\/www.malagacar.com\\\/fr\\\/blog\\\/\"},{\"@type\":\"ListItem\",\"position\":2,\"name\":\"Centres commerciaux \u00e0 Malaga Heures d\u2019ouverture 2026\"}]},{\"@type\":\"WebSite\",\"@id\":\"https:\\\/\\\/www.malagacar.com\\\/fr\\\/blog\\\/#website\",\"url\":\"https:\\\/\\\/www.malagacar.com\\\/fr\\\/blog\\\/\",\"name\":\"Blog de MalagaCar.com\",\"description\":\"Nouvelles et informations int\u00e9ressantes sur la location de voitures \u00e0 l&#039;a\u00e9roport de Malaga.\",\"publisher\":{\"@id\":\"https:\\\/\\\/www.malagacar.com\\\/fr\\\/blog\\\/#organization\"},\"potentialAction\":[{\"@type\":\"SearchAction\",\"target\":{\"@type\":\"EntryPoint\",\"urlTemplate\":\"https:\\\/\\\/www.malagacar.com\\\/fr\\\/blog\\\/?s={search_term_string}\"},\"query-input\":{\"@type\":\"PropertyValueSpecification\",\"valueRequired\":true,\"valueName\":\"search_term_string\"}}],\"inLanguage\":\"fr-FR\"},{\"@type\":\"Organization\",\"@id\":\"https:\\\/\\\/www.malagacar.com\\\/fr\\\/blog\\\/#organization\",\"name\":\"MalagaCar.com\",\"url\":\"https:\\\/\\\/www.malagacar.com\\\/fr\\\/blog\\\/\",\"logo\":{\"@type\":\"ImageObject\",\"inLanguage\":\"fr-FR\",\"@id\":\"https:\\\/\\\/www.malagacar.com\\\/fr\\\/blog\\\/#\\\/schema\\\/logo\\\/image\\\/\",\"url\":\"https:\\\/\\\/www.malagacar.com\\\/fr\\\/blog\\\/wp-content\\\/uploads\\\/2021\\\/06\\\/logo-malagacar-social.png\",\"contentUrl\":\"https:\\\/\\\/www.malagacar.com\\\/fr\\\/blog\\\/wp-content\\\/uploads\\\/2021\\\/06\\\/logo-malagacar-social.png\",\"width\":900,\"height\":900,\"caption\":\"MalagaCar.com\"},\"image\":{\"@id\":\"https:\\\/\\\/www.malagacar.com\\\/fr\\\/blog\\\/#\\\/schema\\\/logo\\\/image\\\/\"},\"sameAs\":[\"https:\\\/\\\/www.facebook.com\\\/malagacar\",\"https:\\\/\\\/x.com\\\/malagacarcom\",\"https:\\\/\\\/www.instagram.com\\\/malagacar\\\/\",\"https:\\\/\\\/www.linkedin.com\\\/company\\\/malagacar.com\",\"https:\\\/\\\/www.youtube.com\\\/c\\\/MalagacarAirport\"]},{\"@type\":\"Person\",\"@id\":\"https:\\\/\\\/www.malagacar.com\\\/fr\\\/blog\\\/#\\\/schema\\\/person\\\/ffb97005d02bcc7d0bb59f5409635691\",\"name\":\"MalagaCar.com\",\"image\":{\"@type\":\"ImageObject\",\"inLanguage\":\"fr-FR\",\"@id\":\"https:\\\/\\\/secure.gravatar.com\\\/avatar\\\/296ebc31026e7be05868369e4c596b3239b1582b2fcf8a45de57333e2e82bb82?s=96&d=mm&r=g\",\"url\":\"https:\\\/\\\/secure.gravatar.com\\\/avatar\\\/296ebc31026e7be05868369e4c596b3239b1582b2fcf8a45de57333e2e82bb82?s=96&d=mm&r=g\",\"contentUrl\":\"https:\\\/\\\/secure.gravatar.com\\\/avatar\\\/296ebc31026e7be05868369e4c596b3239b1582b2fcf8a45de57333e2e82bb82?s=96&d=mm&r=g\",\"caption\":\"MalagaCar.com\"},\"sameAs\":[\"https:\\\/\\\/www.malagacar.com\\\/fr\\\/blog\"]}]}<\/script>\n<!-- \/ Yoast SEO plugin. -->","yoast_head_json":{"title":"Centres commerciaux \u00e0 Malaga Heures d\u2019ouverture 2026","description":"Il y a beaucoup de centres commerciaux \u00e0 Malaga. Trouvez ici les heures d'ouverture, les jours f\u00e9ri\u00e9s et les informations.","robots":{"index":"index","follow":"follow","max-snippet":"max-snippet:-1","max-image-preview":"max-image-preview:large","max-video-preview":"max-video-preview:-1"},"canonical":"https:\/\/www.malagacar.com\/fr\/blog\/loisirs\/centres-commerciaux-a-malaga\/","og_locale":"fr_FR","og_type":"article","og_title":"Centres commerciaux \u00e0 Malaga Heures d\u2019ouverture 2026","og_description":"Il y a beaucoup de centres commerciaux \u00e0 Malaga. Trouvez ici les heures d'ouverture, les jours f\u00e9ri\u00e9s et les informations.","og_url":"https:\/\/www.malagacar.com\/fr\/blog\/loisirs\/centres-commerciaux-a-malaga\/","og_site_name":"Blog de MalagaCar.com","article_publisher":"https:\/\/www.facebook.com\/malagacar","article_published_time":"2025-01-13T11:08:12+00:00","article_modified_time":"2026-01-13T11:08:10+00:00","og_image":[{"width":1200,"height":799,"url":"https:\/\/www.malagacar.com\/fr\/blog\/wp-content\/uploads\/2023\/08\/centres-commerciaux-malaga.jpg","type":"image\/jpeg"}],"author":"MalagaCar.com","twitter_card":"summary_large_image","twitter_creator":"@malagacarcom","twitter_site":"@malagacarcom","twitter_misc":{"\u00c9crit par":"MalagaCar.com","Dur\u00e9e de lecture estim\u00e9e":"17 minutes"},"schema":{"@context":"https:\/\/schema.org","@graph":[{"@type":"Article","@id":"https:\/\/www.malagacar.com\/fr\/blog\/loisirs\/centres-commerciaux-a-malaga\/#article","isPartOf":{"@id":"https:\/\/www.malagacar.com\/fr\/blog\/loisirs\/centres-commerciaux-a-malaga\/"},"author":{"name":"MalagaCar.com","@id":"https:\/\/www.malagacar.com\/fr\/blog\/#\/schema\/person\/ffb97005d02bcc7d0bb59f5409635691"},"headline":"Centres commerciaux \u00e0 Malaga Heures d\u2019ouverture 2026","datePublished":"2025-01-13T11:08:12+00:00","dateModified":"2026-01-13T11:08:10+00:00","mainEntityOfPage":{"@id":"https:\/\/www.malagacar.com\/fr\/blog\/loisirs\/centres-commerciaux-a-malaga\/"},"wordCount":2271,"commentCount":0,"publisher":{"@id":"https:\/\/www.malagacar.com\/fr\/blog\/#organization"},"image":{"@id":"https:\/\/www.malagacar.com\/fr\/blog\/loisirs\/centres-commerciaux-a-malaga\/#primaryimage"},"thumbnailUrl":"https:\/\/www.malagacar.com\/fr\/blog\/wp-content\/uploads\/2023\/08\/centres-commerciaux-malaga.jpg","articleSection":["Loisirs"],"inLanguage":"fr-FR","potentialAction":[{"@type":"CommentAction","name":"Comment","target":["https:\/\/www.malagacar.com\/fr\/blog\/loisirs\/centres-commerciaux-a-malaga\/#respond"]}]},{"@type":"WebPage","@id":"https:\/\/www.malagacar.com\/fr\/blog\/loisirs\/centres-commerciaux-a-malaga\/","url":"https:\/\/www.malagacar.com\/fr\/blog\/loisirs\/centres-commerciaux-a-malaga\/","name":"Centres commerciaux \u00e0 Malaga Heures d\u2019ouverture 2026","isPartOf":{"@id":"https:\/\/www.malagacar.com\/fr\/blog\/#website"},"primaryImageOfPage":{"@id":"https:\/\/www.malagacar.com\/fr\/blog\/loisirs\/centres-commerciaux-a-malaga\/#primaryimage"},"image":{"@id":"https:\/\/www.malagacar.com\/fr\/blog\/loisirs\/centres-commerciaux-a-malaga\/#primaryimage"},"thumbnailUrl":"https:\/\/www.malagacar.com\/fr\/blog\/wp-content\/uploads\/2023\/08\/centres-commerciaux-malaga.jpg","datePublished":"2025-01-13T11:08:12+00:00","dateModified":"2026-01-13T11:08:10+00:00","description":"Il y a beaucoup de centres commerciaux \u00e0 Malaga. Trouvez ici les heures d'ouverture, les jours f\u00e9ri\u00e9s et les informations.","breadcrumb":{"@id":"https:\/\/www.malagacar.com\/fr\/blog\/loisirs\/centres-commerciaux-a-malaga\/#breadcrumb"},"inLanguage":"fr-FR","potentialAction":[{"@type":"ReadAction","target":["https:\/\/www.malagacar.com\/fr\/blog\/loisirs\/centres-commerciaux-a-malaga\/"]}]},{"@type":"ImageObject","inLanguage":"fr-FR","@id":"https:\/\/www.malagacar.com\/fr\/blog\/loisirs\/centres-commerciaux-a-malaga\/#primaryimage","url":"https:\/\/www.malagacar.com\/fr\/blog\/wp-content\/uploads\/2023\/08\/centres-commerciaux-malaga.jpg","contentUrl":"https:\/\/www.malagacar.com\/fr\/blog\/wp-content\/uploads\/2023\/08\/centres-commerciaux-malaga.jpg","width":1200,"height":799,"caption":"Centres commerciaux \u00e0 Malaga"},{"@type":"BreadcrumbList","@id":"https:\/\/www.malagacar.com\/fr\/blog\/loisirs\/centres-commerciaux-a-malaga\/#breadcrumb","itemListElement":[{"@type":"ListItem","position":1,"name":"Accueil","item":"https:\/\/www.malagacar.com\/fr\/blog\/"},{"@type":"ListItem","position":2,"name":"Centres commerciaux \u00e0 Malaga Heures d\u2019ouverture 2026"}]},{"@type":"WebSite","@id":"https:\/\/www.malagacar.com\/fr\/blog\/#website","url":"https:\/\/www.malagacar.com\/fr\/blog\/","name":"Blog de MalagaCar.com","description":"Nouvelles et informations int\u00e9ressantes sur la location de voitures \u00e0 l&#039;a\u00e9roport de Malaga.","publisher":{"@id":"https:\/\/www.malagacar.com\/fr\/blog\/#organization"},"potentialAction":[{"@type":"SearchAction","target":{"@type":"EntryPoint","urlTemplate":"https:\/\/www.malagacar.com\/fr\/blog\/?s={search_term_string}"},"query-input":{"@type":"PropertyValueSpecification","valueRequired":true,"valueName":"search_term_string"}}],"inLanguage":"fr-FR"},{"@type":"Organization","@id":"https:\/\/www.malagacar.com\/fr\/blog\/#organization","name":"MalagaCar.com","url":"https:\/\/www.malagacar.com\/fr\/blog\/","logo":{"@type":"ImageObject","inLanguage":"fr-FR","@id":"https:\/\/www.malagacar.com\/fr\/blog\/#\/schema\/logo\/image\/","url":"https:\/\/www.malagacar.com\/fr\/blog\/wp-content\/uploads\/2021\/06\/logo-malagacar-social.png","contentUrl":"https:\/\/www.malagacar.com\/fr\/blog\/wp-content\/uploads\/2021\/06\/logo-malagacar-social.png","width":900,"height":900,"caption":"MalagaCar.com"},"image":{"@id":"https:\/\/www.malagacar.com\/fr\/blog\/#\/schema\/logo\/image\/"},"sameAs":["https:\/\/www.facebook.com\/malagacar","https:\/\/x.com\/malagacarcom","https:\/\/www.instagram.com\/malagacar\/","https:\/\/www.linkedin.com\/company\/malagacar.com","https:\/\/www.youtube.com\/c\/MalagacarAirport"]},{"@type":"Person","@id":"https:\/\/www.malagacar.com\/fr\/blog\/#\/schema\/person\/ffb97005d02bcc7d0bb59f5409635691","name":"MalagaCar.com","image":{"@type":"ImageObject","inLanguage":"fr-FR","@id":"https:\/\/secure.gravatar.com\/avatar\/296ebc31026e7be05868369e4c596b3239b1582b2fcf8a45de57333e2e82bb82?s=96&d=mm&r=g","url":"https:\/\/secure.gravatar.com\/avatar\/296ebc31026e7be05868369e4c596b3239b1582b2fcf8a45de57333e2e82bb82?s=96&d=mm&r=g","contentUrl":"https:\/\/secure.gravatar.com\/avatar\/296ebc31026e7be05868369e4c596b3239b1582b2fcf8a45de57333e2e82bb82?s=96&d=mm&r=g","caption":"MalagaCar.com"},"sameAs":["https:\/\/www.malagacar.com\/fr\/blog"]}]}},"_links":{"self":[{"href":"https:\/\/www.malagacar.com\/fr\/blog\/wp-json\/wp\/v2\/posts\/594","targetHints":{"allow":["GET"]}}],"collection":[{"href":"https:\/\/www.malagacar.com\/fr\/blog\/wp-json\/wp\/v2\/posts"}],"about":[{"href":"https:\/\/www.malagacar.com\/fr\/blog\/wp-json\/wp\/v2\/types\/post"}],"author":[{"embeddable":true,"href":"https:\/\/www.malagacar.com\/fr\/blog\/wp-json\/wp\/v2\/users\/1"}],"replies":[{"embeddable":true,"href":"https:\/\/www.malagacar.com\/fr\/blog\/wp-json\/wp\/v2\/comments?post=594"}],"version-history":[{"count":15,"href":"https:\/\/www.malagacar.com\/fr\/blog\/wp-json\/wp\/v2\/posts\/594\/revisions"}],"predecessor-version":[{"id":3121,"href":"https:\/\/www.malagacar.com\/fr\/blog\/wp-json\/wp\/v2\/posts\/594\/revisions\/3121"}],"wp:featuredmedia":[{"embeddable":true,"href":"https:\/\/www.malagacar.com\/fr\/blog\/wp-json\/wp\/v2\/media\/601"}],"wp:attachment":[{"href":"https:\/\/www.malagacar.com\/fr\/blog\/wp-json\/wp\/v2\/media?parent=594"}],"wp:term":[{"taxonomy":"category","embeddable":true,"href":"https:\/\/www.malagacar.com\/fr\/blog\/wp-json\/wp\/v2\/categories?post=594"},{"taxonomy":"post_tag","embeddable":true,"href":"https:\/\/www.malagacar.com\/fr\/blog\/wp-json\/wp\/v2\/tags?post=594"}],"curies":[{"name":"wp","href":"https:\/\/api.w.org\/{rel}","templated":true}]}}