{"id":637,"date":"2023-08-29T14:11:29","date_gmt":"2023-08-29T12:11:29","guid":{"rendered":"https:\/\/www.malagacar.com\/fr\/blog\/?p=637"},"modified":"2023-08-29T14:14:39","modified_gmt":"2023-08-29T12:14:39","slug":"caminito-del-rey-automne-hiver","status":"publish","type":"post","link":"https:\/\/www.malagacar.com\/fr\/blog\/loisirs\/caminito-del-rey-automne-hiver\/","title":{"rendered":"Recommandations pour Caminito del Rey en automne et en hiver"},"content":{"rendered":"<p>Il y a d\u00e9j\u00e0 pr\u00e8s de 30 000 billets en vente pour visiter le spectaculaire Caminito del Rey pendant l&rsquo;automne et l&rsquo;hiver, la saison id\u00e9ale \u00e0 M\u00e1laga pour profiter de magnifiques promenades dans la nature.<\/p>\n<p>L&rsquo;un d&rsquo;entre eux est sans aucun doute le Caminito del Rey, une spectaculaire sente a\u00e9rienne r\u00e9habilit\u00e9e dans le Desfiladero de los Gaitanes.<\/p>\n<p>Il est pass\u00e9 d&rsquo;une des sentes les plus dangereuses au monde \u00e0 un parcours attrayant \u00e0 travers ce magnifique paysage naturel. Et cela d&rsquo;autant plus en automne lorsque les temp\u00e9ratures baissent et que la nature offre des couleurs et des contrastes spectaculaires.<\/p>\n<figure id=\"attachment_8292\" aria-describedby=\"caption-attachment-8292\" style=\"width: 750px\" class=\"wp-caption alignnone\"><img loading=\"lazy\" decoding=\"async\" class=\"wp-image-8292 size-large\" src=\"https:\/\/www.malagacar.com\/sp\/blog\/wp-content\/uploads\/2020\/09\/caminito-antes-viajero-feliz-1024x512.jpg\" alt=\"\" width=\"750\" height=\"375\" \/><figcaption id=\"caption-attachment-8292\" class=\"wp-caption-text\">En la imagen se aprecia muy bien por qu\u00e9 el Caminito antes era una de las sendas m\u00e1s peligrosas del mundo. Foto Viajero feliz<\/figcaption><\/figure>\n<div id=\"ez-toc-container\" class=\"ez-toc-v2_0_87 counter-hierarchy ez-toc-counter ez-toc-light-blue ez-toc-container-direction\">\n<p class=\"ez-toc-title\" style=\"cursor:inherit\">Table des mati\u00e8res<\/p>\n<label for=\"ez-toc-cssicon-toggle-item-6a9a3ef3150f0\" class=\"ez-toc-cssicon-toggle-label\"><span class=\"\"><span class=\"eztoc-hide\" style=\"display:none;\">Toggle<\/span><span class=\"ez-toc-icon-toggle-span\"><svg style=\"fill: #999;color:#999\" xmlns=\"http:\/\/www.w3.org\/2000\/svg\" class=\"list-377408\" width=\"20px\" height=\"20px\" viewBox=\"0 0 24 24\" fill=\"none\"><path d=\"M6 6H4v2h2V6zm14 0H8v2h12V6zM4 11h2v2H4v-2zm16 0H8v2h12v-2zM4 16h2v2H4v-2zm16 0H8v2h12v-2z\" fill=\"currentColor\"><\/path><\/svg><svg style=\"fill: #999;color:#999\" class=\"arrow-unsorted-368013\" xmlns=\"http:\/\/www.w3.org\/2000\/svg\" width=\"10px\" height=\"10px\" viewBox=\"0 0 24 24\" version=\"1.2\" baseProfile=\"tiny\"><path d=\"M18.2 9.3l-6.2-6.3-6.2 6.3c-.2.2-.3.4-.3.7s.1.5.3.7c.2.2.4.3.7.3h11c.3 0 .5-.1.7-.3.2-.2.3-.5.3-.7s-.1-.5-.3-.7zM5.8 14.7l6.2 6.3 6.2-6.3c.2-.2.3-.5.3-.7s-.1-.5-.3-.7c-.2-.2-.4-.3-.7-.3h-11c-.3 0-.5.1-.7.3-.2.2-.3.5-.3.7s.1.5.3.7z\"\/><\/svg><\/span><\/span><\/label><input type=\"checkbox\"  id=\"ez-toc-cssicon-toggle-item-6a9a3ef3150f0\"  aria-label=\"Toggle\" \/><nav><ul class='ez-toc-list ez-toc-list-level-1 ' ><li class='ez-toc-page-1 ez-toc-heading-level-2'><a class=\"ez-toc-link ez-toc-heading-1\" href=\"https:\/\/www.malagacar.com\/fr\/blog\/loisirs\/caminito-del-rey-automne-hiver\/#Recomendations_pour_le_Caminito_del_Rey_en_automne_et_en_hiver\" data-wpel-link=\"internal\">Recomendations pour le Caminito del Rey en automne et en hiver<\/a><ul class='ez-toc-list-level-3' ><li class='ez-toc-heading-level-3'><a class=\"ez-toc-link ez-toc-heading-2\" href=\"https:\/\/www.malagacar.com\/fr\/blog\/loisirs\/caminito-del-rey-automne-hiver\/#Le_temps\" data-wpel-link=\"internal\">Le temps<\/a><\/li><li class='ez-toc-page-1 ez-toc-heading-level-3'><a class=\"ez-toc-link ez-toc-heading-3\" href=\"https:\/\/www.malagacar.com\/fr\/blog\/loisirs\/caminito-del-rey-automne-hiver\/#Vetements_necessaires\" data-wpel-link=\"internal\">V\u00eatements n\u00e9cessaires<\/a><\/li><li class='ez-toc-page-1 ez-toc-heading-level-3'><a class=\"ez-toc-link ez-toc-heading-4\" href=\"https:\/\/www.malagacar.com\/fr\/blog\/loisirs\/caminito-del-rey-automne-hiver\/#Le_sac_a_dos\" data-wpel-link=\"internal\">Le sac \u00e0 dos<\/a><\/li><li class='ez-toc-page-1 ez-toc-heading-level-3'><a class=\"ez-toc-link ez-toc-heading-5\" href=\"https:\/\/www.malagacar.com\/fr\/blog\/loisirs\/caminito-del-rey-automne-hiver\/#Interdictions\" data-wpel-link=\"internal\">Interdictions<\/a><\/li><\/ul><\/li><li class='ez-toc-page-1 ez-toc-heading-level-2'><a class=\"ez-toc-link ez-toc-heading-6\" href=\"https:\/\/www.malagacar.com\/fr\/blog\/loisirs\/caminito-del-rey-automne-hiver\/#Questions_frequemment_posees_sur_litineraire\" data-wpel-link=\"internal\">Questions fr\u00e9quemment pos\u00e9es sur l&rsquo;itin\u00e9raire<\/a><ul class='ez-toc-list-level-3' ><li class='ez-toc-heading-level-3'><a class=\"ez-toc-link ez-toc-heading-7\" href=\"https:\/\/www.malagacar.com\/fr\/blog\/loisirs\/caminito-del-rey-automne-hiver\/#Comment_est_le_Caminito_del_Rey\" data-wpel-link=\"internal\">Comment est le Caminito del Rey ?<\/a><\/li><li class='ez-toc-page-1 ez-toc-heading-level-3'><a class=\"ez-toc-link ez-toc-heading-8\" href=\"https:\/\/www.malagacar.com\/fr\/blog\/loisirs\/caminito-del-rey-automne-hiver\/#Quel_etat_physique_est_requis_pour_parcourir_le_Caminito_del_Rey\" data-wpel-link=\"internal\">Quel \u00e9tat physique est requis pour parcourir le Caminito del Rey ?<\/a><\/li><li class='ez-toc-page-1 ez-toc-heading-level-3'><a class=\"ez-toc-link ez-toc-heading-9\" href=\"https:\/\/www.malagacar.com\/fr\/blog\/loisirs\/caminito-del-rey-automne-hiver\/#Combien_de_temps_faut-il_pour_parcourir_le_Caminito_del_Rey\" data-wpel-link=\"internal\">Combien de temps faut-il pour parcourir le Caminito del Rey ?<\/a><\/li><li class='ez-toc-page-1 ez-toc-heading-level-3'><a class=\"ez-toc-link ez-toc-heading-10\" href=\"https:\/\/www.malagacar.com\/fr\/blog\/loisirs\/caminito-del-rey-automne-hiver\/#Cest_ou_que_le_parcours_commence\" data-wpel-link=\"internal\">C&rsquo;est o\u00f9 que le parcours commence ?<\/a><\/li><li class='ez-toc-page-1 ez-toc-heading-level-3'><a class=\"ez-toc-link ez-toc-heading-11\" href=\"https:\/\/www.malagacar.com\/fr\/blog\/loisirs\/caminito-del-rey-automne-hiver\/#Quels_sont_les_horaires_dentree\" data-wpel-link=\"internal\">Quels sont les horaires d&rsquo;entr\u00e9e ?<\/a><\/li><\/ul><\/li><li class='ez-toc-page-1 ez-toc-heading-level-2'><a class=\"ez-toc-link ez-toc-heading-12\" href=\"https:\/\/www.malagacar.com\/fr\/blog\/loisirs\/caminito-del-rey-automne-hiver\/#Tout_ce_que_vous_devez_savoir_pour_visiter_le_Caminito_del_Rey\" data-wpel-link=\"internal\">Tout ce que vous devez savoir pour visiter le Caminito del Rey<\/a><\/li><li class='ez-toc-page-1 ez-toc-heading-level-2'><a class=\"ez-toc-link ez-toc-heading-13\" href=\"https:\/\/www.malagacar.com\/fr\/blog\/loisirs\/caminito-del-rey-automne-hiver\/#Comment_se_rendre_au_Caminito_del_Rey\" data-wpel-link=\"internal\">Comment se rendre au Caminito del Rey ?<\/a><ul class='ez-toc-list-level-3' ><li class='ez-toc-heading-level-3'><a class=\"ez-toc-link ez-toc-heading-14\" href=\"https:\/\/www.malagacar.com\/fr\/blog\/loisirs\/caminito-del-rey-automne-hiver\/#Depuis_Malaga_en_voiture\" data-wpel-link=\"internal\">Depuis Malaga en voiture<\/a><\/li><li class='ez-toc-page-1 ez-toc-heading-level-3'><a class=\"ez-toc-link ez-toc-heading-15\" href=\"https:\/\/www.malagacar.com\/fr\/blog\/loisirs\/caminito-del-rey-automne-hiver\/#En_train\" data-wpel-link=\"internal\">En train<\/a><\/li><\/ul><\/li><li class='ez-toc-page-1 ez-toc-heading-level-2'><a class=\"ez-toc-link ez-toc-heading-16\" href=\"https:\/\/www.malagacar.com\/fr\/blog\/loisirs\/caminito-del-rey-automne-hiver\/#Visite_virtuelle_a_360o_du_Caminito_del_Rey\" data-wpel-link=\"internal\">Visite virtuelle \u00e0 360\u00ba du Caminito del Rey<\/a><\/li><li class='ez-toc-page-1 ez-toc-heading-level-2'><a class=\"ez-toc-link ez-toc-heading-17\" href=\"https:\/\/www.malagacar.com\/fr\/blog\/loisirs\/caminito-del-rey-automne-hiver\/#Le_saviez-vous%E2%80%A6\" data-wpel-link=\"internal\">Le saviez-vous\u2026 ?<\/a><\/li><li class='ez-toc-page-1 ez-toc-heading-level-2'><a class=\"ez-toc-link ez-toc-heading-18\" href=\"https:\/\/www.malagacar.com\/fr\/blog\/loisirs\/caminito-del-rey-automne-hiver\/#Acheter_des_billets\" data-wpel-link=\"internal\">Acheter des billets<\/a><\/li><li class='ez-toc-page-1 ez-toc-heading-level-2'><a class=\"ez-toc-link ez-toc-heading-19\" href=\"https:\/\/www.malagacar.com\/fr\/blog\/loisirs\/caminito-del-rey-automne-hiver\/#Egalement_interessant_El_Chorro_un_paradis_naturel\" data-wpel-link=\"internal\">\u00c9galement int\u00e9ressant : El Chorro, un paradis naturel<\/a><\/li><\/ul><\/nav><\/div>\n<h2><span class=\"ez-toc-section\" id=\"Recomendations_pour_le_Caminito_del_Rey_en_automne_et_en_hiver\"><\/span>Recomendations pour le Caminito del Rey en automne et en hiver<span class=\"ez-toc-section-end\"><\/span><\/h2>\n<p>M\u00eame si le Caminito del Rey peut \u00eatre parcouru toute l&rsquo;ann\u00e9e, les mois moins chauds sont les plus appropri\u00e9s pour profiter de cet itin\u00e9raire.<\/p>\n<figure id=\"attachment_8291\" aria-describedby=\"caption-attachment-8291\" style=\"width: 619px\" class=\"wp-caption alignnone\"><img loading=\"lazy\" decoding=\"async\" class=\" wp-image-8291\" src=\"https:\/\/www.malagacar.com\/sp\/blog\/wp-content\/uploads\/2020\/09\/caminito-los-viajes-de-mi-maleta.jpg\" alt=\"Caminito del Rey\" width=\"619\" height=\"422\" \/><figcaption id=\"caption-attachment-8291\" class=\"wp-caption-text\">Caminito del Rey. Foto los viajes de mi maleta<\/figcaption><\/figure>\n<p>D&rsquo;autre part, il faut tenir compte qu&rsquo;au cours de ces mois, il y a des variations de temp\u00e9rature plus importantes, une probabilit\u00e9 accrue de pr\u00e9cipitations et un nombre d&rsquo;heures de lumi\u00e8re moindre. Examinons de plus pr\u00e8s les aspects les plus importants.<\/p>\n<h3><span class=\"ez-toc-section\" id=\"Le_temps\"><\/span>Le temps<span class=\"ez-toc-section-end\"><\/span><\/h3>\n<p>Lors de l&rsquo;achat de votre billet \u00e9lectronique sur le <a href=\"https:\/\/www.caminitodelrey.info\/en\" data-wpel-link=\"external\" rel=\"external noopener noreferrer\"><strong>site officiel du Caminito del Rey<\/strong><\/a>, le visiteur doit \u00e9galement laisser son adresse e-mail et sera inform\u00e9 de la fermeture du sentier en raison de conditions m\u00e9t\u00e9orologiques particuli\u00e8res telles que le vent ou la pluie.<\/p>\n<p>Cependant, nous devons \u00e9galement surveiller les pr\u00e9visions m\u00e9t\u00e9orologiques, car en fonction du temps, il est recommand\u00e9 de porter les v\u00eatements appropri\u00e9s.<\/p>\n<h3><span class=\"ez-toc-section\" id=\"Vetements_necessaires\"><\/span>V\u00eatements n\u00e9cessaires<span class=\"ez-toc-section-end\"><\/span><\/h3>\n<p>Il est important de se rappeler que ce n&rsquo;est pas une promenade en bord de mer, mais des chemins forestiers et m\u00eame un pont suspendu dans un environnement naturel \u00e0 100 %. Par cons\u00e9quent, ind\u00e9pendamment du temps, il est essentiel de porter des <em><strong>chaussures appropri\u00e9es<\/strong><\/em> avec une bonne adh\u00e9rence.<\/p>\n<p>Il est \u00e9galement important de pr\u00e9voir des v\u00eatements chauds. En s&rsquo;\u00e9loignant de la c\u00f4te et en montant en altitude, en automne et en hiver, la temp\u00e9rature change consid\u00e9rablement \u00e0 l&rsquo;ombre et dans les endroits expos\u00e9s au vent.<\/p>\n<p>Il est id\u00e9al d&rsquo;avoir un <em><strong>imperm\u00e9able<\/strong><\/em> qui prot\u00e8ge du vent et en cas de mauvais temps.<\/p>\n<p>Il est pratique d&rsquo;avoir une chemise \u00e0 manches courtes, une chemise \u00e0 manches longues et un pull polaire, de sorte que nous soyons parfaitement \u00e9quip\u00e9s et puissions ajuster nos v\u00eatements en fonction de la chaleur ou du froid ressenti.<\/p>\n<h3><span class=\"ez-toc-section\" id=\"Le_sac_a_dos\"><\/span>Le sac \u00e0 dos<span class=\"ez-toc-section-end\"><\/span><\/h3>\n<p>Nous partons \u00e0 la montagne. Bien que le Caminito del Rey soit aujourd&rsquo;hui un itin\u00e9raire touristique s\u00e9curis\u00e9, il est n\u00e9cessaire de s&rsquo;\u00e9quiper de quelques <em><strong>articles essentiels<\/strong><\/em> que nous ne trouverons pas sur le sentier.<\/p>\n<ul>\n<li>Le plus important, toujours : Emporter une bouteille d&rsquo;eau d&rsquo;au moins un litre.<\/li>\n<li>Quelque chose \u00e0 grignoter : Des noix, ou une barre \u00e9nerg\u00e9tique, un fruit, car pour parcourir tout le caminito, il faut compter de 3 \u00e0 4 heures et il faudra recharger en \u00e9nergie.<\/li>\n<li>La protection solaire est \u00e9galement tr\u00e8s importante, nous ne devons jamais sous-estimer le soleil du sud, m\u00eame en hiver, et encore moins en montagne : Nous apportons donc \u00e9galement une casquette, des lunettes de soleil et une cr\u00e8me solaire \u00e0 haute protection dans notre sac \u00e0 dos.<\/li>\n<li>Si l&rsquo;id\u00e9e nous venait de partir \u00e0 la montagne avec des chaussures neuves, des \u00e9chauffements d\u00e9sagr\u00e9ables pourraient survenir, ainsi quelques pansements dans le sac \u00e0 dos sont \u00e9galement une bonne id\u00e9e.<\/li>\n<\/ul>\n<h3><span class=\"ez-toc-section\" id=\"Interdictions\"><\/span>Interdictions<span class=\"ez-toc-section-end\"><\/span><\/h3>\n<p>Il existe une s\u00e9rie d&rsquo;interdictions \u00e0 prendre en compte. Nous ne pouvons pas apporter par exemple de perche \u00e0 selfie, de b\u00e9quilles, de parapluies, de b\u00e2tons de marche et de poussettes pour enfants ou de chiens.<\/p>\n<h2><span class=\"ez-toc-section\" id=\"Questions_frequemment_posees_sur_litineraire\"><\/span>Questions fr\u00e9quemment pos\u00e9es sur l&rsquo;itin\u00e9raire<span class=\"ez-toc-section-end\"><\/span><\/h2>\n<h3><span class=\"ez-toc-section\" id=\"Comment_est_le_Caminito_del_Rey\"><\/span>Comment est le Caminito del Rey ?<span class=\"ez-toc-section-end\"><\/span><\/h3>\n<p>Le Caminito del Rey est une infrastructure r\u00e9habilit\u00e9e pour permettre une activit\u00e9 de tourisme actif dans un cadre spectaculaire.<\/p>\n<p>Il y a des passerelles \u00e9troites et m\u00eame un pont suspendu \u00e0 plus de 100 m\u00e8tres de hauteur, ce qui peut cr\u00e9er une sensation de vertige.<\/p>\n<figure id=\"attachment_6309\" aria-describedby=\"caption-attachment-6309\" style=\"width: 750px\" class=\"wp-caption alignnone\"><img loading=\"lazy\" decoding=\"async\" class=\"wp-image-8294 size-large\" src=\"https:\/\/www.malagacar.com\/sp\/blog\/wp-content\/uploads\/2020\/09\/puente-la-cabra-al-monte-1024x678.jpg\" alt=\"\" width=\"750\" height=\"497\" \/><figcaption id=\"caption-attachment-6309\" class=\"wp-caption-text\">Le pont suspendu n&rsquo;est pas fait pour les personnes sujettes au vertige. Photo la cabra al monte<\/figcaption><\/figure>\n<h3><span class=\"ez-toc-section\" id=\"Quel_etat_physique_est_requis_pour_parcourir_le_Caminito_del_Rey\"><\/span>Quel \u00e9tat physique est requis pour parcourir le Caminito del Rey ?<span class=\"ez-toc-section-end\"><\/span><\/h3>\n<p>Les chemins forestiers, quelques mont\u00e9es d&rsquo;escaliers et sa longueur n\u00e9cessitent un certain effort physique ou de l&rsquo;habilet\u00e9.<br \/>\nSeuls les enfants de plus de 8 ans peuvent acc\u00e9der au site.<br \/>\nIl est d\u00e9conseill\u00e9 aux personnes qui ne sont pas physiquement pr\u00e9par\u00e9es, qui souffrent de vertige ou de maladies li\u00e9es au c\u0153ur, aux voies respiratoires ou qui suivent un traitement m\u00e9dical pendant la dur\u00e9e de la visite.<\/p>\n<figure id=\"attachment_8296\" aria-describedby=\"caption-attachment-8296\" style=\"width: 1024px\" class=\"wp-caption alignnone\"><img loading=\"lazy\" decoding=\"async\" class=\"wp-image-8296 size-full\" src=\"https:\/\/www.malagacar.com\/sp\/blog\/wp-content\/uploads\/2020\/09\/impresionante-pinterest.jpg\" alt=\"\" width=\"1024\" height=\"681\" \/><figcaption id=\"caption-attachment-8296\" class=\"wp-caption-text\">L&rsquo;itin\u00e9raire est impressionnant. Photo Pinterest<\/figcaption><\/figure>\n<h3><span class=\"ez-toc-section\" id=\"Combien_de_temps_faut-il_pour_parcourir_le_Caminito_del_Rey\"><\/span>Combien de temps faut-il pour parcourir le Caminito del Rey ?<span class=\"ez-toc-section-end\"><\/span><\/h3>\n<p>La distance totale du Caminito del Rey est de 7,7 km, compos\u00e9e de 4,8 km de chemins forestiers d&rsquo;acc\u00e8s et de 2,9 km de sentier a\u00e9rien.<br \/>\nLe temps total pour parcourir ces 7,7 km est de 3 \u00e0 4 heures.<\/p>\n<h3><span class=\"ez-toc-section\" id=\"Cest_ou_que_le_parcours_commence\"><\/span>C&rsquo;est o\u00f9 que le parcours commence ?<span class=\"ez-toc-section-end\"><\/span><\/h3>\n<p>Le parcours est unidirectionnel, de l&rsquo;acc\u00e8s nord (Ardales) vers le sud (El Chorro, Alora).<br \/>\nDes services de bus sont disponibles aux deux points pour ramener les visiteurs \u00e0 leur point de d\u00e9part.<\/p>\n<h3><span class=\"ez-toc-section\" id=\"Quels_sont_les_horaires_dentree\"><\/span>Quels sont les horaires d&rsquo;entr\u00e9e ?<span class=\"ez-toc-section-end\"><\/span><\/h3>\n<p>Le Caminito del Rey est ouvert du mardi au dimanche pendant la majeure partie de l&rsquo;ann\u00e9e, avec des horaires diff\u00e9rents selon la saison.<br \/>\nPendant l&rsquo;<strong>hiver<\/strong> (25 octobre au 26 mars), les horaires sont du mardi au dimanche, de 9h \u00e0 15h. Le Caminito de Rey est ferm\u00e9 le 1er janvier et les 24, 25 et 31 d\u00e9cembre.<br \/>\nN&rsquo;oubliez pas de <a href=\"https:\/\/www.caminitodelrey.info\/en\/\" data-wpel-link=\"external\" rel=\"external noopener noreferrer\"><strong>acheter votre billet en ligne sur le site officiel<\/strong><\/a> bien \u00e0 l&rsquo;avance.<\/p>\n<h2><span class=\"ez-toc-section\" id=\"Tout_ce_que_vous_devez_savoir_pour_visiter_le_Caminito_del_Rey\"><\/span>Tout ce que vous devez savoir pour visiter le Caminito del Rey<span class=\"ez-toc-section-end\"><\/span><\/h2>\n<p>Vous voulez en savoir plus ?<br \/>\n<strong><a href=\"https:\/\/www.malagacar.com\/blog\/leisure\/everything-you-need-to-know-to-visit-the-caminito-del-rey\/\" data-wpel-link=\"internal\">Tout ce que vous devez savoir pour visiter le Caminito del Rey<\/a><\/strong> dans notre Blog !<\/p>\n<h2><span class=\"ez-toc-section\" id=\"Comment_se_rendre_au_Caminito_del_Rey\"><\/span>Comment se rendre au Caminito del Rey ?<span class=\"ez-toc-section-end\"><\/span><\/h2>\n<figure id=\"attachment_14410\" aria-describedby=\"caption-attachment-14410\" style=\"width: 1200px\" class=\"wp-caption alignnone\"><img loading=\"lazy\" decoding=\"async\" class=\"size-full wp-image-14410\" src=\"https:\/\/www.malagacar.com\/sp\/blog\/wp-content\/uploads\/2020\/09\/El-Chorro-Thomas-mann.jpg\" alt=\"El Chorro, Malagacar.com\" width=\"1200\" height=\"900\" \/><figcaption id=\"caption-attachment-14410\" class=\"wp-caption-text\">Une voiture MalagaCar \u00e0 El Chorro. Photo gracieuset\u00e9 de notre client<\/figcaption><\/figure>\n<h3><span class=\"ez-toc-section\" id=\"Depuis_Malaga_en_voiture\"><\/span>Depuis Malaga en voiture<span class=\"ez-toc-section-end\"><\/span><\/h3>\n<p><a href=\"https:\/\/www.malagacar.com\/fr\/location-de-voitures\/quote.php\" data-wpel-link=\"internal\"><strong>Louer une voiture \u00e0 l&rsquo;a\u00e9roport de Malaga<\/strong><\/a> est le moyen le plus simple d&rsquo;arriver. En partant de Malaga, prenez l&rsquo;A-357 en direction de la MA-444, en passant par les municipalit\u00e9s de C\u00e1rtama, Pizarra, Carratraca et Ardales.<br \/>\nCe trajet fait environ 60 km et prend environ 50 minutes en voiture. \u00c0 Pizarra, vous pouvez \u00e9galement emprunter la route d&rsquo;\u00c1lora et de l\u00e0 vous rendre \u00e0 la gare d&rsquo;El Chorro par la A-343.<br \/>\nCe trajet est un peu plus long et prend un peu plus d&rsquo;une heure. Cette route est plus \u00e9troite et comporte de nombreux virages.<\/p>\n<ul>\n<li><a href=\"https:\/\/goo.gl\/maps\/UK6cKftcPGYuFm6DA\" data-wpel-link=\"external\" rel=\"external noopener noreferrer\"><strong>Comment arriver<\/strong><\/a><\/li>\n<\/ul>\n<h3><span class=\"ez-toc-section\" id=\"En_train\"><\/span>En train<span class=\"ez-toc-section-end\"><\/span><\/h3>\n<p>La gare El Chorro est desservie quotidiennement par sept <em><strong>trains de moyenne distance entre Malaga et S\u00e9ville<\/strong><\/em>.<br \/>\nSelon le type de train, le trajet de la gare Malaga Mar\u00eda Zambrano \u00e0 El Chorro prend entre 39 et 50 minutes.<br \/>\nLes prix des billets aller varient \u00e9galement en fonction du train choisi et sont actuellement compris entre 3,50 \u20ac et 5 \u20ac.<br \/>\nLe service de navette en bus d\u00e9marre \u00e0 08h30 depuis la zone sud, avec une fr\u00e9quence de 30 minutes jusqu&rsquo;\u00e0 16h30.<\/p>\n<figure id=\"attachment_14409\" aria-describedby=\"caption-attachment-14409\" style=\"width: 1200px\" class=\"wp-caption alignnone\"><img loading=\"lazy\" decoding=\"async\" class=\"size-full wp-image-14409\" src=\"https:\/\/www.malagacar.com\/sp\/blog\/wp-content\/uploads\/2020\/09\/horarios-renfe.jpg\" alt=\"horaires train Malaga- El Chorro\" width=\"1200\" height=\"813\" \/><figcaption id=\"caption-attachment-14409\" class=\"wp-caption-text\">Horaires trains Malaga &#8211; El Chorro<\/figcaption><\/figure>\n<h4>Acheter un billet de train<\/h4>\n<p>Vous pouvez <a href=\"https:\/\/www.renfe.com\/es\/es\/viajar\/prepara-tu-viaje\/trenes-media-distancia-avant\/servicios-proximidad\" data-wpel-link=\"external\" rel=\"external noopener noreferrer\"><strong>acheter votre billet de train<\/strong><\/a> via ce lien Renfe.<\/p>\n<figure id=\"attachment_8295\" aria-describedby=\"caption-attachment-8295\" style=\"width: 768px\" class=\"wp-caption alignnone\"><img loading=\"lazy\" decoding=\"async\" class=\"wp-image-8295 size-full\" src=\"https:\/\/www.malagacar.com\/sp\/blog\/wp-content\/uploads\/2020\/09\/Estacion-de-Trenes-El-Chorro.jpg\" alt=\"\" width=\"768\" height=\"960\" \/><figcaption id=\"caption-attachment-8295\" class=\"wp-caption-text\">Gare El Chorro<\/figcaption><\/figure>\n<h2><span class=\"ez-toc-section\" id=\"Visite_virtuelle_a_360o_du_Caminito_del_Rey\"><\/span>Visite virtuelle \u00e0 360\u00ba du Caminito del Rey<span class=\"ez-toc-section-end\"><\/span><\/h2>\n<p>Si vous avez toujours voulu visiter le Caminito del Rey mais que vous n&rsquo;y \u00eates pas encore all\u00e9, que vous ne savez pas si c&rsquo;est vraiment pour vous ou si vous avez le vertige, il existe une autre option :<br \/>\n<a href=\"https:\/\/www.malagacar.com\/blog\/leisure\/everything-you-need-to-know-to-visit-the-caminito-del-rey\/\" data-wpel-link=\"internal\"><strong>Visitez le Caminito del Rey virtuellement<\/strong><\/a> confortablement depuis votre canap\u00e9.<br \/>\nLa visite est disponible sur ordinateurs, t\u00e9l\u00e9phones portables et tablettes, en espagnol, anglais, fran\u00e7ais et allemand.<\/p>\n<h2><span class=\"ez-toc-section\" id=\"Le_saviez-vous%E2%80%A6\"><\/span>Le saviez-vous\u2026 ?<span class=\"ez-toc-section-end\"><\/span><\/h2>\n<p>Le Caminito del Rey a \u00e9t\u00e9 propos\u00e9 pour devenir Patrimoine mondial de l&rsquo;UNESCO.<\/p>\n<h2><span class=\"ez-toc-section\" id=\"Acheter_des_billets\"><\/span>Acheter des billets<span class=\"ez-toc-section-end\"><\/span><\/h2>\n<p>Les tarifs 2023 des billets pour le Caminito del Rey sont les suivants :<\/p>\n<ul>\n<li>Entr\u00e9e g\u00e9n\u00e9rale 10\u20ac<\/li>\n<li>Visite guid\u00e9e officielle 18\u20ac. Groupe maximum de 30 personnes accompagn\u00e9es d&rsquo;un guide certifi\u00e9. Visites en espagnol et en anglais.<\/li>\n<li>Navette en bus 2,5\u20ac<\/li>\n<li>Stationnement 2\u20ac<\/li>\n<li>Achetez votre billet sur le <a href=\"https:\/\/www.caminitodelrey.info\/\" data-wpel-link=\"external\" rel=\"external noopener noreferrer\"><strong>site officiel<\/strong><\/a>.<\/li>\n<\/ul>\n<h2><span class=\"ez-toc-section\" id=\"Egalement_interessant_El_Chorro_un_paradis_naturel\"><\/span>\u00c9galement int\u00e9ressant : El Chorro, un paradis naturel<span class=\"ez-toc-section-end\"><\/span><\/h2>\n<figure id=\"attachment_13956\" aria-describedby=\"caption-attachment-13956\" style=\"width: 1000px\" class=\"wp-caption alignnone\"><a href=\"https:\/\/www.malagacar.com\/sp\/blog\/ocio\/el-chorro\/\" data-wpel-link=\"internal\"><img loading=\"lazy\" decoding=\"async\" class=\"wp-image-13956 size-full\" src=\"https:\/\/www.malagacar.com\/sp\/blog\/wp-content\/uploads\/2014\/10\/verde-y-turquesa-Credit-Depositphotos.jpg\" alt=\"El Chorro, r\u00e9servoir Guadalhorce, Malaga\" width=\"1000\" height=\"563\" \/><\/a><figcaption id=\"caption-attachment-13956\" class=\"wp-caption-text\">Cr\u00e9dit : Depositphotos<\/figcaption><\/figure>\n<p>\u00c0 c\u00f4t\u00e9 du Caminito del Rey se trouvent les r\u00e9servoirs de Guadalhorce, Conde de Guadalhorce et Guadalteba, l&rsquo;un des plus beaux sites naturels d&rsquo;Andalousie.<\/p>\n<p>Populairement appel\u00e9s les \u00ab\u00a0R\u00e9servoirs de El Chorro\u00a0\u00bb, ces r\u00e9servoirs offrent une grande vari\u00e9t\u00e9 d&rsquo;activit\u00e9s, en faisant un endroit id\u00e9al pour profiter de la nature, que ce soit avec un appareil photo, pour la randonn\u00e9e, les balades \u00e0 v\u00e9lo, la sp\u00e9l\u00e9ologie, l&rsquo;escalade, la natation ou la p\u00eache.<\/p>\n<p>D\u00e9couvrez <a href=\"https:\/\/www.malagacar.com\/blog\/leisure\/el-chorro\/\" data-wpel-link=\"internal\"><strong>El Chorro<\/strong><\/a> et tout ce que vous pouvez y faire !<\/p>\n","protected":false},"excerpt":{"rendered":"<p>Il y a d\u00e9j\u00e0 pr\u00e8s de 30 000 billets en vente pour visiter le spectaculaire Caminito del Rey pendant l&rsquo;automne et l&rsquo;hiver, la saison id\u00e9ale \u00e0 M\u00e1laga pour profiter de magnifiques promenades dans la nature. L&rsquo;un d&rsquo;entre eux est sans aucun doute le Caminito del Rey, une spectaculaire sente a\u00e9rienne r\u00e9habilit\u00e9e dans le Desfiladero de [&hellip;]<\/p>\n","protected":false},"author":1,"featured_media":638,"comment_status":"open","ping_status":"open","sticky":false,"template":"","format":"standard","meta":{"footnotes":""},"categories":[2],"tags":[],"class_list":["post-637","post","type-post","status-publish","format-standard","has-post-thumbnail","hentry","category-loisirs"],"yoast_head":"<!-- This site is optimized with the Yoast SEO plugin v28.4 - https:\/\/yoast.com\/product\/yoast-seo-wordpress\/ -->\n<title>Recommandations pour Caminito del Rey en automne et en hiver<\/title>\n<meta name=\"description\" content=\"Caminito del Rey, le sentier a\u00e9rien spectaculaire \u00e0 M\u00e1laga, offre en automne un parcours attractif \u00e0 travers un magnifique paysage naturel.\" \/>\n<meta name=\"robots\" content=\"index, follow, max-snippet:-1, max-image-preview:large, max-video-preview:-1\" \/>\n<link rel=\"canonical\" href=\"https:\/\/www.malagacar.com\/fr\/blog\/loisirs\/caminito-del-rey-automne-hiver\/\" \/>\n<meta property=\"og:locale\" content=\"fr_FR\" \/>\n<meta property=\"og:type\" content=\"article\" \/>\n<meta property=\"og:title\" content=\"Recommandations pour Caminito del Rey en automne et en hiver\" \/>\n<meta property=\"og:description\" content=\"Caminito del Rey, le sentier a\u00e9rien spectaculaire \u00e0 M\u00e1laga, offre en automne un parcours attractif \u00e0 travers un magnifique paysage naturel.\" \/>\n<meta property=\"og:url\" content=\"https:\/\/www.malagacar.com\/fr\/blog\/loisirs\/caminito-del-rey-automne-hiver\/\" \/>\n<meta property=\"og:site_name\" content=\"Blog de MalagaCar.com\" \/>\n<meta property=\"article:publisher\" content=\"https:\/\/www.facebook.com\/malagacar\" \/>\n<meta property=\"article:published_time\" content=\"2023-08-29T12:11:29+00:00\" \/>\n<meta property=\"article:modified_time\" content=\"2023-08-29T12:14:39+00:00\" \/>\n<meta property=\"og:image\" content=\"https:\/\/www.malagacar.com\/fr\/blog\/wp-content\/uploads\/2023\/08\/king-path-depositphotos.jpg\" \/>\n\t<meta property=\"og:image:width\" content=\"1200\" \/>\n\t<meta property=\"og:image:height\" content=\"800\" \/>\n\t<meta property=\"og:image:type\" content=\"image\/jpeg\" \/>\n<meta name=\"author\" content=\"MalagaCar.com\" \/>\n<meta name=\"twitter:card\" content=\"summary_large_image\" \/>\n<meta name=\"twitter:creator\" content=\"@malagacarcom\" \/>\n<meta name=\"twitter:site\" content=\"@malagacarcom\" \/>\n<meta name=\"twitter:label1\" content=\"\u00c9crit par\" \/>\n\t<meta name=\"twitter:data1\" content=\"MalagaCar.com\" \/>\n\t<meta name=\"twitter:label2\" content=\"Dur\u00e9e de lecture estim\u00e9e\" \/>\n\t<meta name=\"twitter:data2\" content=\"10 minutes\" \/>\n<script type=\"application\/ld+json\" class=\"yoast-schema-graph\">{\"@context\":\"https:\\\/\\\/schema.org\",\"@graph\":[{\"@type\":\"Article\",\"@id\":\"https:\\\/\\\/www.malagacar.com\\\/fr\\\/blog\\\/loisirs\\\/caminito-del-rey-automne-hiver\\\/#article\",\"isPartOf\":{\"@id\":\"https:\\\/\\\/www.malagacar.com\\\/fr\\\/blog\\\/loisirs\\\/caminito-del-rey-automne-hiver\\\/\"},\"author\":{\"name\":\"MalagaCar.com\",\"@id\":\"https:\\\/\\\/www.malagacar.com\\\/fr\\\/blog\\\/#\\\/schema\\\/person\\\/ffb97005d02bcc7d0bb59f5409635691\"},\"headline\":\"Recommandations pour Caminito del Rey en automne et en hiver\",\"datePublished\":\"2023-08-29T12:11:29+00:00\",\"dateModified\":\"2023-08-29T12:14:39+00:00\",\"mainEntityOfPage\":{\"@id\":\"https:\\\/\\\/www.malagacar.com\\\/fr\\\/blog\\\/loisirs\\\/caminito-del-rey-automne-hiver\\\/\"},\"wordCount\":1541,\"commentCount\":0,\"publisher\":{\"@id\":\"https:\\\/\\\/www.malagacar.com\\\/fr\\\/blog\\\/#organization\"},\"image\":{\"@id\":\"https:\\\/\\\/www.malagacar.com\\\/fr\\\/blog\\\/loisirs\\\/caminito-del-rey-automne-hiver\\\/#primaryimage\"},\"thumbnailUrl\":\"https:\\\/\\\/www.malagacar.com\\\/fr\\\/blog\\\/wp-content\\\/uploads\\\/2023\\\/08\\\/king-path-depositphotos.jpg\",\"articleSection\":[\"Loisirs\"],\"inLanguage\":\"fr-FR\",\"potentialAction\":[{\"@type\":\"CommentAction\",\"name\":\"Comment\",\"target\":[\"https:\\\/\\\/www.malagacar.com\\\/fr\\\/blog\\\/loisirs\\\/caminito-del-rey-automne-hiver\\\/#respond\"]}]},{\"@type\":\"WebPage\",\"@id\":\"https:\\\/\\\/www.malagacar.com\\\/fr\\\/blog\\\/loisirs\\\/caminito-del-rey-automne-hiver\\\/\",\"url\":\"https:\\\/\\\/www.malagacar.com\\\/fr\\\/blog\\\/loisirs\\\/caminito-del-rey-automne-hiver\\\/\",\"name\":\"Recommandations pour Caminito del Rey en automne et en hiver\",\"isPartOf\":{\"@id\":\"https:\\\/\\\/www.malagacar.com\\\/fr\\\/blog\\\/#website\"},\"primaryImageOfPage\":{\"@id\":\"https:\\\/\\\/www.malagacar.com\\\/fr\\\/blog\\\/loisirs\\\/caminito-del-rey-automne-hiver\\\/#primaryimage\"},\"image\":{\"@id\":\"https:\\\/\\\/www.malagacar.com\\\/fr\\\/blog\\\/loisirs\\\/caminito-del-rey-automne-hiver\\\/#primaryimage\"},\"thumbnailUrl\":\"https:\\\/\\\/www.malagacar.com\\\/fr\\\/blog\\\/wp-content\\\/uploads\\\/2023\\\/08\\\/king-path-depositphotos.jpg\",\"datePublished\":\"2023-08-29T12:11:29+00:00\",\"dateModified\":\"2023-08-29T12:14:39+00:00\",\"description\":\"Caminito del Rey, le sentier a\u00e9rien spectaculaire \u00e0 M\u00e1laga, offre en automne un parcours attractif \u00e0 travers un magnifique paysage naturel.\",\"breadcrumb\":{\"@id\":\"https:\\\/\\\/www.malagacar.com\\\/fr\\\/blog\\\/loisirs\\\/caminito-del-rey-automne-hiver\\\/#breadcrumb\"},\"inLanguage\":\"fr-FR\",\"potentialAction\":[{\"@type\":\"ReadAction\",\"target\":[\"https:\\\/\\\/www.malagacar.com\\\/fr\\\/blog\\\/loisirs\\\/caminito-del-rey-automne-hiver\\\/\"]}]},{\"@type\":\"ImageObject\",\"inLanguage\":\"fr-FR\",\"@id\":\"https:\\\/\\\/www.malagacar.com\\\/fr\\\/blog\\\/loisirs\\\/caminito-del-rey-automne-hiver\\\/#primaryimage\",\"url\":\"https:\\\/\\\/www.malagacar.com\\\/fr\\\/blog\\\/wp-content\\\/uploads\\\/2023\\\/08\\\/king-path-depositphotos.jpg\",\"contentUrl\":\"https:\\\/\\\/www.malagacar.com\\\/fr\\\/blog\\\/wp-content\\\/uploads\\\/2023\\\/08\\\/king-path-depositphotos.jpg\",\"width\":1200,\"height\":800,\"caption\":\"Caminito del Rey\"},{\"@type\":\"BreadcrumbList\",\"@id\":\"https:\\\/\\\/www.malagacar.com\\\/fr\\\/blog\\\/loisirs\\\/caminito-del-rey-automne-hiver\\\/#breadcrumb\",\"itemListElement\":[{\"@type\":\"ListItem\",\"position\":1,\"name\":\"Accueil\",\"item\":\"https:\\\/\\\/www.malagacar.com\\\/fr\\\/blog\\\/\"},{\"@type\":\"ListItem\",\"position\":2,\"name\":\"Recommandations pour Caminito del Rey en automne et en hiver\"}]},{\"@type\":\"WebSite\",\"@id\":\"https:\\\/\\\/www.malagacar.com\\\/fr\\\/blog\\\/#website\",\"url\":\"https:\\\/\\\/www.malagacar.com\\\/fr\\\/blog\\\/\",\"name\":\"Blog de MalagaCar.com\",\"description\":\"Nouvelles et informations int\u00e9ressantes sur la location de voitures \u00e0 l&#039;a\u00e9roport de Malaga.\",\"publisher\":{\"@id\":\"https:\\\/\\\/www.malagacar.com\\\/fr\\\/blog\\\/#organization\"},\"potentialAction\":[{\"@type\":\"SearchAction\",\"target\":{\"@type\":\"EntryPoint\",\"urlTemplate\":\"https:\\\/\\\/www.malagacar.com\\\/fr\\\/blog\\\/?s={search_term_string}\"},\"query-input\":{\"@type\":\"PropertyValueSpecification\",\"valueRequired\":true,\"valueName\":\"search_term_string\"}}],\"inLanguage\":\"fr-FR\"},{\"@type\":\"Organization\",\"@id\":\"https:\\\/\\\/www.malagacar.com\\\/fr\\\/blog\\\/#organization\",\"name\":\"MalagaCar.com\",\"url\":\"https:\\\/\\\/www.malagacar.com\\\/fr\\\/blog\\\/\",\"logo\":{\"@type\":\"ImageObject\",\"inLanguage\":\"fr-FR\",\"@id\":\"https:\\\/\\\/www.malagacar.com\\\/fr\\\/blog\\\/#\\\/schema\\\/logo\\\/image\\\/\",\"url\":\"https:\\\/\\\/www.malagacar.com\\\/fr\\\/blog\\\/wp-content\\\/uploads\\\/2021\\\/06\\\/logo-malagacar-social.png\",\"contentUrl\":\"https:\\\/\\\/www.malagacar.com\\\/fr\\\/blog\\\/wp-content\\\/uploads\\\/2021\\\/06\\\/logo-malagacar-social.png\",\"width\":900,\"height\":900,\"caption\":\"MalagaCar.com\"},\"image\":{\"@id\":\"https:\\\/\\\/www.malagacar.com\\\/fr\\\/blog\\\/#\\\/schema\\\/logo\\\/image\\\/\"},\"sameAs\":[\"https:\\\/\\\/www.facebook.com\\\/malagacar\",\"https:\\\/\\\/x.com\\\/malagacarcom\",\"https:\\\/\\\/www.instagram.com\\\/malagacar\\\/\",\"https:\\\/\\\/www.linkedin.com\\\/company\\\/malagacar.com\",\"https:\\\/\\\/www.youtube.com\\\/c\\\/MalagacarAirport\"]},{\"@type\":\"Person\",\"@id\":\"https:\\\/\\\/www.malagacar.com\\\/fr\\\/blog\\\/#\\\/schema\\\/person\\\/ffb97005d02bcc7d0bb59f5409635691\",\"name\":\"MalagaCar.com\",\"image\":{\"@type\":\"ImageObject\",\"inLanguage\":\"fr-FR\",\"@id\":\"https:\\\/\\\/secure.gravatar.com\\\/avatar\\\/296ebc31026e7be05868369e4c596b3239b1582b2fcf8a45de57333e2e82bb82?s=96&d=mm&r=g\",\"url\":\"https:\\\/\\\/secure.gravatar.com\\\/avatar\\\/296ebc31026e7be05868369e4c596b3239b1582b2fcf8a45de57333e2e82bb82?s=96&d=mm&r=g\",\"contentUrl\":\"https:\\\/\\\/secure.gravatar.com\\\/avatar\\\/296ebc31026e7be05868369e4c596b3239b1582b2fcf8a45de57333e2e82bb82?s=96&d=mm&r=g\",\"caption\":\"MalagaCar.com\"},\"sameAs\":[\"https:\\\/\\\/www.malagacar.com\\\/fr\\\/blog\"]}]}<\/script>\n<!-- \/ Yoast SEO plugin. -->","yoast_head_json":{"title":"Recommandations pour Caminito del Rey en automne et en hiver","description":"Caminito del Rey, le sentier a\u00e9rien spectaculaire \u00e0 M\u00e1laga, offre en automne un parcours attractif \u00e0 travers un magnifique paysage naturel.","robots":{"index":"index","follow":"follow","max-snippet":"max-snippet:-1","max-image-preview":"max-image-preview:large","max-video-preview":"max-video-preview:-1"},"canonical":"https:\/\/www.malagacar.com\/fr\/blog\/loisirs\/caminito-del-rey-automne-hiver\/","og_locale":"fr_FR","og_type":"article","og_title":"Recommandations pour Caminito del Rey en automne et en hiver","og_description":"Caminito del Rey, le sentier a\u00e9rien spectaculaire \u00e0 M\u00e1laga, offre en automne un parcours attractif \u00e0 travers un magnifique paysage naturel.","og_url":"https:\/\/www.malagacar.com\/fr\/blog\/loisirs\/caminito-del-rey-automne-hiver\/","og_site_name":"Blog de MalagaCar.com","article_publisher":"https:\/\/www.facebook.com\/malagacar","article_published_time":"2023-08-29T12:11:29+00:00","article_modified_time":"2023-08-29T12:14:39+00:00","og_image":[{"width":1200,"height":800,"url":"https:\/\/www.malagacar.com\/fr\/blog\/wp-content\/uploads\/2023\/08\/king-path-depositphotos.jpg","type":"image\/jpeg"}],"author":"MalagaCar.com","twitter_card":"summary_large_image","twitter_creator":"@malagacarcom","twitter_site":"@malagacarcom","twitter_misc":{"\u00c9crit par":"MalagaCar.com","Dur\u00e9e de lecture estim\u00e9e":"10 minutes"},"schema":{"@context":"https:\/\/schema.org","@graph":[{"@type":"Article","@id":"https:\/\/www.malagacar.com\/fr\/blog\/loisirs\/caminito-del-rey-automne-hiver\/#article","isPartOf":{"@id":"https:\/\/www.malagacar.com\/fr\/blog\/loisirs\/caminito-del-rey-automne-hiver\/"},"author":{"name":"MalagaCar.com","@id":"https:\/\/www.malagacar.com\/fr\/blog\/#\/schema\/person\/ffb97005d02bcc7d0bb59f5409635691"},"headline":"Recommandations pour Caminito del Rey en automne et en hiver","datePublished":"2023-08-29T12:11:29+00:00","dateModified":"2023-08-29T12:14:39+00:00","mainEntityOfPage":{"@id":"https:\/\/www.malagacar.com\/fr\/blog\/loisirs\/caminito-del-rey-automne-hiver\/"},"wordCount":1541,"commentCount":0,"publisher":{"@id":"https:\/\/www.malagacar.com\/fr\/blog\/#organization"},"image":{"@id":"https:\/\/www.malagacar.com\/fr\/blog\/loisirs\/caminito-del-rey-automne-hiver\/#primaryimage"},"thumbnailUrl":"https:\/\/www.malagacar.com\/fr\/blog\/wp-content\/uploads\/2023\/08\/king-path-depositphotos.jpg","articleSection":["Loisirs"],"inLanguage":"fr-FR","potentialAction":[{"@type":"CommentAction","name":"Comment","target":["https:\/\/www.malagacar.com\/fr\/blog\/loisirs\/caminito-del-rey-automne-hiver\/#respond"]}]},{"@type":"WebPage","@id":"https:\/\/www.malagacar.com\/fr\/blog\/loisirs\/caminito-del-rey-automne-hiver\/","url":"https:\/\/www.malagacar.com\/fr\/blog\/loisirs\/caminito-del-rey-automne-hiver\/","name":"Recommandations pour Caminito del Rey en automne et en hiver","isPartOf":{"@id":"https:\/\/www.malagacar.com\/fr\/blog\/#website"},"primaryImageOfPage":{"@id":"https:\/\/www.malagacar.com\/fr\/blog\/loisirs\/caminito-del-rey-automne-hiver\/#primaryimage"},"image":{"@id":"https:\/\/www.malagacar.com\/fr\/blog\/loisirs\/caminito-del-rey-automne-hiver\/#primaryimage"},"thumbnailUrl":"https:\/\/www.malagacar.com\/fr\/blog\/wp-content\/uploads\/2023\/08\/king-path-depositphotos.jpg","datePublished":"2023-08-29T12:11:29+00:00","dateModified":"2023-08-29T12:14:39+00:00","description":"Caminito del Rey, le sentier a\u00e9rien spectaculaire \u00e0 M\u00e1laga, offre en automne un parcours attractif \u00e0 travers un magnifique paysage naturel.","breadcrumb":{"@id":"https:\/\/www.malagacar.com\/fr\/blog\/loisirs\/caminito-del-rey-automne-hiver\/#breadcrumb"},"inLanguage":"fr-FR","potentialAction":[{"@type":"ReadAction","target":["https:\/\/www.malagacar.com\/fr\/blog\/loisirs\/caminito-del-rey-automne-hiver\/"]}]},{"@type":"ImageObject","inLanguage":"fr-FR","@id":"https:\/\/www.malagacar.com\/fr\/blog\/loisirs\/caminito-del-rey-automne-hiver\/#primaryimage","url":"https:\/\/www.malagacar.com\/fr\/blog\/wp-content\/uploads\/2023\/08\/king-path-depositphotos.jpg","contentUrl":"https:\/\/www.malagacar.com\/fr\/blog\/wp-content\/uploads\/2023\/08\/king-path-depositphotos.jpg","width":1200,"height":800,"caption":"Caminito del Rey"},{"@type":"BreadcrumbList","@id":"https:\/\/www.malagacar.com\/fr\/blog\/loisirs\/caminito-del-rey-automne-hiver\/#breadcrumb","itemListElement":[{"@type":"ListItem","position":1,"name":"Accueil","item":"https:\/\/www.malagacar.com\/fr\/blog\/"},{"@type":"ListItem","position":2,"name":"Recommandations pour Caminito del Rey en automne et en hiver"}]},{"@type":"WebSite","@id":"https:\/\/www.malagacar.com\/fr\/blog\/#website","url":"https:\/\/www.malagacar.com\/fr\/blog\/","name":"Blog de MalagaCar.com","description":"Nouvelles et informations int\u00e9ressantes sur la location de voitures \u00e0 l&#039;a\u00e9roport de Malaga.","publisher":{"@id":"https:\/\/www.malagacar.com\/fr\/blog\/#organization"},"potentialAction":[{"@type":"SearchAction","target":{"@type":"EntryPoint","urlTemplate":"https:\/\/www.malagacar.com\/fr\/blog\/?s={search_term_string}"},"query-input":{"@type":"PropertyValueSpecification","valueRequired":true,"valueName":"search_term_string"}}],"inLanguage":"fr-FR"},{"@type":"Organization","@id":"https:\/\/www.malagacar.com\/fr\/blog\/#organization","name":"MalagaCar.com","url":"https:\/\/www.malagacar.com\/fr\/blog\/","logo":{"@type":"ImageObject","inLanguage":"fr-FR","@id":"https:\/\/www.malagacar.com\/fr\/blog\/#\/schema\/logo\/image\/","url":"https:\/\/www.malagacar.com\/fr\/blog\/wp-content\/uploads\/2021\/06\/logo-malagacar-social.png","contentUrl":"https:\/\/www.malagacar.com\/fr\/blog\/wp-content\/uploads\/2021\/06\/logo-malagacar-social.png","width":900,"height":900,"caption":"MalagaCar.com"},"image":{"@id":"https:\/\/www.malagacar.com\/fr\/blog\/#\/schema\/logo\/image\/"},"sameAs":["https:\/\/www.facebook.com\/malagacar","https:\/\/x.com\/malagacarcom","https:\/\/www.instagram.com\/malagacar\/","https:\/\/www.linkedin.com\/company\/malagacar.com","https:\/\/www.youtube.com\/c\/MalagacarAirport"]},{"@type":"Person","@id":"https:\/\/www.malagacar.com\/fr\/blog\/#\/schema\/person\/ffb97005d02bcc7d0bb59f5409635691","name":"MalagaCar.com","image":{"@type":"ImageObject","inLanguage":"fr-FR","@id":"https:\/\/secure.gravatar.com\/avatar\/296ebc31026e7be05868369e4c596b3239b1582b2fcf8a45de57333e2e82bb82?s=96&d=mm&r=g","url":"https:\/\/secure.gravatar.com\/avatar\/296ebc31026e7be05868369e4c596b3239b1582b2fcf8a45de57333e2e82bb82?s=96&d=mm&r=g","contentUrl":"https:\/\/secure.gravatar.com\/avatar\/296ebc31026e7be05868369e4c596b3239b1582b2fcf8a45de57333e2e82bb82?s=96&d=mm&r=g","caption":"MalagaCar.com"},"sameAs":["https:\/\/www.malagacar.com\/fr\/blog"]}]}},"_links":{"self":[{"href":"https:\/\/www.malagacar.com\/fr\/blog\/wp-json\/wp\/v2\/posts\/637","targetHints":{"allow":["GET"]}}],"collection":[{"href":"https:\/\/www.malagacar.com\/fr\/blog\/wp-json\/wp\/v2\/posts"}],"about":[{"href":"https:\/\/www.malagacar.com\/fr\/blog\/wp-json\/wp\/v2\/types\/post"}],"author":[{"embeddable":true,"href":"https:\/\/www.malagacar.com\/fr\/blog\/wp-json\/wp\/v2\/users\/1"}],"replies":[{"embeddable":true,"href":"https:\/\/www.malagacar.com\/fr\/blog\/wp-json\/wp\/v2\/comments?post=637"}],"version-history":[{"count":1,"href":"https:\/\/www.malagacar.com\/fr\/blog\/wp-json\/wp\/v2\/posts\/637\/revisions"}],"predecessor-version":[{"id":639,"href":"https:\/\/www.malagacar.com\/fr\/blog\/wp-json\/wp\/v2\/posts\/637\/revisions\/639"}],"wp:featuredmedia":[{"embeddable":true,"href":"https:\/\/www.malagacar.com\/fr\/blog\/wp-json\/wp\/v2\/media\/638"}],"wp:attachment":[{"href":"https:\/\/www.malagacar.com\/fr\/blog\/wp-json\/wp\/v2\/media?parent=637"}],"wp:term":[{"taxonomy":"category","embeddable":true,"href":"https:\/\/www.malagacar.com\/fr\/blog\/wp-json\/wp\/v2\/categories?post=637"},{"taxonomy":"post_tag","embeddable":true,"href":"https:\/\/www.malagacar.com\/fr\/blog\/wp-json\/wp\/v2\/tags?post=637"}],"curies":[{"name":"wp","href":"https:\/\/api.w.org\/{rel}","templated":true}]}}