{"id":648,"date":"2023-09-01T15:47:42","date_gmt":"2023-09-01T13:47:42","guid":{"rendered":"https:\/\/www.malagacar.com\/fr\/blog\/?p=648"},"modified":"2025-10-29T09:13:44","modified_gmt":"2025-10-29T08:13:44","slug":"points-de-vue-costa-del-sol","status":"publish","type":"post","link":"https:\/\/www.malagacar.com\/fr\/blog\/loisirs\/points-de-vue-costa-del-sol\/","title":{"rendered":"D\u00e9couvrez les meilleurs points de vue le long de la Costa del Sol"},"content":{"rendered":"<p>Il est clair que ce qui attire le plus la grande majorit\u00e9 des touristes qui viennent visiter la Costa del Sol, ce sont principalement ses plages pendant les mois d&rsquo;\u00e9t\u00e9. C&rsquo;est tr\u00e8s bien, mais toute personne qui s&rsquo;est aventur\u00e9e \u00e0 venir \u00e0 Malaga en dehors des mois de haute saison y retournera in\u00e9vitablement !<\/p>\n<p>C&rsquo;est alors que nous pouvons vraiment d\u00e9couvrir les charmes et la magie d&rsquo;une c\u00f4te baign\u00e9e de lumi\u00e8re et de soleil, sa culture et son savoir-faire, \u00e0 un rythme plus d\u00e9tendu et sans foule.<\/p>\n<p>Aujourd&rsquo;hui, nous vous pr\u00e9sentons les points de vue le long des plus de 160 km de notre Costa del Sol. Des endroits charmants o\u00f9 vous pourrez profiter de vues uniques, d&rsquo;espaces ouverts et de nouveaux horizons, rejoignez-nous !<\/p>\n<p><!--more--><\/p>\n\n            <div class=\"banner\">\n                <div class=\"row\">\n                    <div class=\"col-sm-4\">\n                        <a href=\"\/fr\/location-de-voitures\/quote.php\" data-wpel-link=\"internal\"><img decoding=\"async\" src=\"\/images\/banner-img.jpg\" alt=\"malagacar.com\"><\/a>\n                    <\/div>\n                    <div class=\"col-sm-8\">\n                      <a href=\"\/fr\/location-de-voitures\/quote.php\" class=\"banner-title\" data-wpel-link=\"internal\">Meilleure location de voitures <div>\u00e0 l'a\u00e9roport de Malaga<\/div><\/a>   \n                        <div class=\"row\">\n                            <div class=\"col-sm-7\">\n                                <ul>\n                                    <li>Pas de frais de ravitaillement<\/li>\n                                    <li>Annulation gratuite<\/li>\n                                    <li>Location sans interm\u00e9diaire<\/li>\n                                    <li>Payez lorsque vous prenez la voiture<\/li>\n                                    <li><\/li>\n                                <\/ul>\n                            <\/div>\n                            <div class=\"col-sm-5\">\n                                <a class=\"btn-banner\" href=\"\/fr\/location-de-voitures\/quote.php\" data-wpel-link=\"internal\">Consultez les prix<\/a>\n                                <img decoding=\"async\" class=\"zonturent\" src=\"\/images\/zontu-banner.png\" alt=\"\">\n                            <\/div>\n                        <\/div>\n                    <\/div>\n                 <\/div>  \n            <\/div>\n            \n<p>Cette entr\u00e9e de blog se marie parfaitement avec la pr\u00e9c\u00e9dente sur un voyage unique le long de la Costa del Sol, le <a href=\"https:\/\/www.malagacar.com\/blog\/leisure\/the-costa-del-sol-coastal-path\/\" target=\"_blank\" rel=\"noopener noreferrer\" data-wpel-link=\"internal\"><strong>Chemin c\u00f4tier<\/strong><\/a>.<\/p>\n<p>Vous aimez vous promener le long du littoral m\u00e9diterran\u00e9en ou simplement \u00eatre en un endroit et profiter de balcons naturels avec vue sur la c\u00f4te ou des sites historiques ?<\/p>\n<p>Vous trouverez s\u00fbrement de l&rsquo;inspiration ici pour les endroits charmants \u00e0 voir lors de votre prochaine visite.<\/p>\n<div id=\"ez-toc-container\" class=\"ez-toc-v2_0_87 counter-hierarchy ez-toc-counter ez-toc-light-blue ez-toc-container-direction\">\n<p class=\"ez-toc-title\" style=\"cursor:inherit\">Table des mati\u00e8res<\/p>\n<label for=\"ez-toc-cssicon-toggle-item-6a9a3eda3ed81\" class=\"ez-toc-cssicon-toggle-label\"><span class=\"\"><span class=\"eztoc-hide\" style=\"display:none;\">Toggle<\/span><span class=\"ez-toc-icon-toggle-span\"><svg style=\"fill: #999;color:#999\" xmlns=\"http:\/\/www.w3.org\/2000\/svg\" class=\"list-377408\" width=\"20px\" height=\"20px\" viewBox=\"0 0 24 24\" fill=\"none\"><path d=\"M6 6H4v2h2V6zm14 0H8v2h12V6zM4 11h2v2H4v-2zm16 0H8v2h12v-2zM4 16h2v2H4v-2zm16 0H8v2h12v-2z\" fill=\"currentColor\"><\/path><\/svg><svg style=\"fill: #999;color:#999\" class=\"arrow-unsorted-368013\" xmlns=\"http:\/\/www.w3.org\/2000\/svg\" width=\"10px\" height=\"10px\" viewBox=\"0 0 24 24\" version=\"1.2\" baseProfile=\"tiny\"><path d=\"M18.2 9.3l-6.2-6.3-6.2 6.3c-.2.2-.3.4-.3.7s.1.5.3.7c.2.2.4.3.7.3h11c.3 0 .5-.1.7-.3.2-.2.3-.5.3-.7s-.1-.5-.3-.7zM5.8 14.7l6.2 6.3 6.2-6.3c.2-.2.3-.5.3-.7s-.1-.5-.3-.7c-.2-.2-.4-.3-.7-.3h-11c-.3 0-.5.1-.7.3-.2.2-.3.5-.3.7s.1.5.3.7z\"\/><\/svg><\/span><\/span><\/label><input type=\"checkbox\"  id=\"ez-toc-cssicon-toggle-item-6a9a3eda3ed81\"  aria-label=\"Toggle\" \/><nav><ul class='ez-toc-list ez-toc-list-level-1 ' ><li class='ez-toc-page-1 ez-toc-heading-level-2'><a class=\"ez-toc-link ez-toc-heading-1\" href=\"https:\/\/www.malagacar.com\/fr\/blog\/loisirs\/points-de-vue-costa-del-sol\/#Points_de_vue_le_long_de_la_Costa_del_Sol\" data-wpel-link=\"internal\">Points de vue le long de la Costa del Sol<\/a><ul class='ez-toc-list-level-3' ><li class='ez-toc-heading-level-3'><a class=\"ez-toc-link ez-toc-heading-2\" href=\"https:\/\/www.malagacar.com\/fr\/blog\/loisirs\/points-de-vue-costa-del-sol\/#Points_de_vue_a_Nerja\" data-wpel-link=\"internal\">Points de vue \u00e0 Nerja<\/a><\/li><li class='ez-toc-page-1 ez-toc-heading-level-3'><a class=\"ez-toc-link ez-toc-heading-3\" href=\"https:\/\/www.malagacar.com\/fr\/blog\/loisirs\/points-de-vue-costa-del-sol\/#Points_de_vue_a_Torrox\" data-wpel-link=\"internal\">Points de vue \u00e0 Torrox<\/a><\/li><li class='ez-toc-page-1 ez-toc-heading-level-3'><a class=\"ez-toc-link ez-toc-heading-4\" href=\"https:\/\/www.malagacar.com\/fr\/blog\/loisirs\/points-de-vue-costa-del-sol\/#Points_de_vue_a_Torre_del_Mar\" data-wpel-link=\"internal\">Points de vue \u00e0 Torre del Mar<\/a><\/li><li class='ez-toc-page-1 ez-toc-heading-level-3'><a class=\"ez-toc-link ez-toc-heading-5\" href=\"https:\/\/www.malagacar.com\/fr\/blog\/loisirs\/points-de-vue-costa-del-sol\/#Points_de_vue_a_Velez-Malaga\" data-wpel-link=\"internal\">Points de vue \u00e0 V\u00e9lez-M\u00e1laga<\/a><\/li><li class='ez-toc-page-1 ez-toc-heading-level-3'><a class=\"ez-toc-link ez-toc-heading-6\" href=\"https:\/\/www.malagacar.com\/fr\/blog\/loisirs\/points-de-vue-costa-del-sol\/#Points_de_vue_a_Rincon_de_la_Victoria\" data-wpel-link=\"internal\">Points de vue \u00e0 Rinc\u00f3n de la Victoria<\/a><\/li><li class='ez-toc-page-1 ez-toc-heading-level-3'><a class=\"ez-toc-link ez-toc-heading-7\" href=\"https:\/\/www.malagacar.com\/fr\/blog\/loisirs\/points-de-vue-costa-del-sol\/#Points_de_vue_a_Malaga\" data-wpel-link=\"internal\">Points de vue \u00e0 M\u00e1laga<\/a><\/li><li class='ez-toc-page-1 ez-toc-heading-level-3'><a class=\"ez-toc-link ez-toc-heading-8\" href=\"https:\/\/www.malagacar.com\/fr\/blog\/loisirs\/points-de-vue-costa-del-sol\/#Points_de_vue_a_Torremolinos\" data-wpel-link=\"internal\">Points de vue \u00e0 Torremolinos<\/a><\/li><li class='ez-toc-page-1 ez-toc-heading-level-3'><a class=\"ez-toc-link ez-toc-heading-9\" href=\"https:\/\/www.malagacar.com\/fr\/blog\/loisirs\/points-de-vue-costa-del-sol\/#Points_de_vue_a_Benalmadena\" data-wpel-link=\"internal\">Points de vue \u00e0 Benalm\u00e1dena<\/a><\/li><li class='ez-toc-page-1 ez-toc-heading-level-3'><a class=\"ez-toc-link ez-toc-heading-10\" href=\"https:\/\/www.malagacar.com\/fr\/blog\/loisirs\/points-de-vue-costa-del-sol\/#Points_de_vue_a_Fuengirola\" data-wpel-link=\"internal\">Points de vue \u00e0 Fuengirola<\/a><\/li><li class='ez-toc-page-1 ez-toc-heading-level-3'><a class=\"ez-toc-link ez-toc-heading-11\" href=\"https:\/\/www.malagacar.com\/fr\/blog\/loisirs\/points-de-vue-costa-del-sol\/#Points_de_vue_a_Mijas\" data-wpel-link=\"internal\">Points de vue \u00e0 Mijas<\/a><\/li><li class='ez-toc-page-1 ez-toc-heading-level-3'><a class=\"ez-toc-link ez-toc-heading-12\" href=\"https:\/\/www.malagacar.com\/fr\/blog\/loisirs\/points-de-vue-costa-del-sol\/#Points_de_vue_a_Marbella\" data-wpel-link=\"internal\">Points de vue \u00e0 Marbella<\/a><\/li><li class='ez-toc-page-1 ez-toc-heading-level-3'><a class=\"ez-toc-link ez-toc-heading-13\" href=\"https:\/\/www.malagacar.com\/fr\/blog\/loisirs\/points-de-vue-costa-del-sol\/#Points_de_vue_a_Estepona\" data-wpel-link=\"internal\">Points de vue \u00e0 Estepona<\/a><\/li><li class='ez-toc-page-1 ez-toc-heading-level-3'><a class=\"ez-toc-link ez-toc-heading-14\" href=\"https:\/\/www.malagacar.com\/fr\/blog\/loisirs\/points-de-vue-costa-del-sol\/#Points_de_vue_a_Manilva\" data-wpel-link=\"internal\">Points de vue \u00e0 Manilva<\/a><\/li><\/ul><\/li><\/ul><\/nav><\/div>\n<h2><span class=\"ez-toc-section\" id=\"Points_de_vue_le_long_de_la_Costa_del_Sol\"><\/span>Points de vue le long de la Costa del Sol<span class=\"ez-toc-section-end\"><\/span><\/h2>\n<h3><span class=\"ez-toc-section\" id=\"Points_de_vue_a_Nerja\"><\/span>Points de vue \u00e0 Nerja<span class=\"ez-toc-section-end\"><\/span><\/h3>\n<p><strong>Balc\u00f3n de Europa<\/strong><\/p>\n<p><img loading=\"lazy\" decoding=\"async\" class=\"wp-image-7321\" src=\"https:\/\/www.malagacar.com\/blog\/wp-content\/uploads\/2020\/08\/Nerja-balcon-europa-Nerja-turismo.jpg\" alt=\"Balc\u00f3n de Europa\" width=\"619\" height=\"325\" \/>Photo du Balc\u00f3n de Europa par Nerja turismo[\/caption]<br \/>\nLe Balc\u00f3n de Europa est le point de vue c\u00e9l\u00e8bre de Nerja. Non seulement pour cette raison, il est tr\u00e8s beau, donnant sur le sud de l&rsquo;Europe vers la mer M\u00e9diterran\u00e9e et la c\u00f4te africaine lointaine.<\/p>\n<p>Construit avec soin sur les falaises typiques de Nerja, il d\u00e9gage un charme particulier. \u00c0 c\u00f4t\u00e9 de la statue du roi Alfonso XIII, les touristes et les habitants peuvent admirer la c\u00f4te, respirer et se laisser impr\u00e9gner par la vie active de la ville.<\/p>\n<p>Cette place est tr\u00e8s pris\u00e9e pour les concerts et autres activit\u00e9s tout au long de l&rsquo;ann\u00e9e. Un succ\u00e8s \u00e0 toute heure et en toute saison.<\/p>\n<figure id=\"attachment_7322\" aria-describedby=\"caption-attachment-7322\" style=\"width: 620px\" class=\"wp-caption alignnone\"><img loading=\"lazy\" decoding=\"async\" class=\"wp-image-7322\" src=\"https:\/\/www.malagacar.com\/blog\/wp-content\/uploads\/2020\/08\/Nerja-rey-alfonso-hostal-dona-carmen.jpg\" alt=\"Statue du roi Alfonso\" width=\"620\" height=\"465\" \/><figcaption id=\"caption-attachment-7322\" class=\"wp-caption-text\">Photo de la statue du roi Alfonso par Hostal Do\u00f1a Carmen<\/figcaption><\/figure>\n<ul>\n<li><a href=\"https:\/\/goo.gl\/maps\/3BBr6wiNvmwU3skV6\" target=\"_blank\" rel=\"noopener noreferrer external\" data-wpel-link=\"external\"><strong>Comment y arriver<\/strong><\/a><\/li>\n<\/ul>\n<h3><span class=\"ez-toc-section\" id=\"Points_de_vue_a_Torrox\"><\/span>Points de vue \u00e0 Torrox<span class=\"ez-toc-section-end\"><\/span><\/h3>\n<p><strong>Mirador del Faro<\/strong><\/p>\n<figure id=\"attachment_7323\" aria-describedby=\"caption-attachment-7323\" style=\"width: 619px\" class=\"wp-caption alignnone\"><img loading=\"lazy\" decoding=\"async\" class=\"wp-image-7323\" src=\"https:\/\/www.malagacar.com\/blog\/wp-content\/uploads\/2020\/08\/Torrox-mirador-del-faro-mapio.net_.jpg\" alt=\"Points de vue Costa del Sol\" width=\"619\" height=\"464\" \/><figcaption id=\"caption-attachment-7323\" class=\"wp-caption-text\">Photo de Mirador del Faro par mapio.net<br \/>Ce point de vue moderne ressemble \u00e0 la proue d&rsquo;un navire. \u00c0 c\u00f4t\u00e9 du phare se trouvent des ruines romaines consid\u00e9r\u00e9es comme les sites arch\u00e9ologiques les plus importants de la province de Malaga.<br \/>Ainsi, nous pouvons non seulement profiter de magnifiques vues sur la mer, mais aussi les combiner avec une visite de cette ancienne villa romaine.<\/figcaption><\/figure>\n<ul>\n<li><a href=\"https:\/\/goo.gl\/maps\/GHUvwtZRGBamqWpM6\" target=\"_blank\" rel=\"noopener noreferrer external\" data-wpel-link=\"external\"><strong>Comment s&rsquo;y rendre<\/strong><\/a><\/li>\n<\/ul>\n<h3><span class=\"ez-toc-section\" id=\"Points_de_vue_a_Torre_del_Mar\"><\/span>Points de vue \u00e0 Torre del Mar<span class=\"ez-toc-section-end\"><\/span><\/h3>\n<p><strong>Torre de Calaceite<\/strong><\/p>\n<figure id=\"attachment_7324\" aria-describedby=\"caption-attachment-7324\" style=\"width: 618px\" class=\"wp-caption alignnone\"><img loading=\"lazy\" decoding=\"async\" class=\"wp-image-7324\" src=\"https:\/\/www.malagacar.com\/blog\/wp-content\/uploads\/2020\/08\/Torre-del-Mar-Torre-calaceite-Juan-Carlos-Cazalla.jpg\" alt=\"Tour de Calaceite \" width=\"618\" height=\"413\" \/><figcaption id=\"caption-attachment-7324\" class=\"wp-caption-text\">Photo de la tour de Calaceite par Juan Carlos Cazalla<br \/>Si vous aimez voir la c\u00f4te comme au 16e si\u00e8cle, venez \u00e0 la tour de Calaceite.<br \/>Il n&rsquo;y a pas de bars de plage ni de services \u00e0 proximit\u00e9, alors n&rsquo;oubliez pas d&rsquo;apporter au moins une bouteille d&rsquo;eau.<\/figcaption><\/figure>\n<ul>\n<li><a href=\"https:\/\/goo.gl\/maps\/uweoc2rGQAA1SFp27\" target=\"_blank\" rel=\"noopener noreferrer external\" data-wpel-link=\"external\"><strong>Comment s&rsquo;y rendre<\/strong><\/a><\/li>\n<\/ul>\n<h3><span class=\"ez-toc-section\" id=\"Points_de_vue_a_Velez-Malaga\"><\/span>Points de vue \u00e0 V\u00e9lez-M\u00e1laga<span class=\"ez-toc-section-end\"><\/span><\/h3>\n<p><strong>Torre de Lagos<\/strong><\/p>\n<figure id=\"attachment_7325\" aria-describedby=\"caption-attachment-7325\" style=\"width: 620px\" class=\"wp-caption alignnone\"><img loading=\"lazy\" decoding=\"async\" class=\"wp-image-7325\" src=\"https:\/\/www.malagacar.com\/blog\/wp-content\/uploads\/2020\/08\/Velez-Malaga-torre-de-Lagos-malagahoy.jpg\" alt=\"Tour de Lagos\" width=\"620\" height=\"349\" \/><figcaption id=\"caption-attachment-7325\" class=\"wp-caption-text\">Photo de la tour de Lagos par Malagahoy<br \/>La Tour de Lagos est une tour de guet du 17e si\u00e8cle \u00e9rig\u00e9e pour d\u00e9fendre la population contre les attaques des pirates nord-africains et turcs.<br \/>De l\u00e0, on peut profiter d&rsquo;un large panorama, et tout pr\u00e8s se trouvent les vestiges d&rsquo;un ancien pressoir \u00e0 huile.<\/figcaption><\/figure>\n<ul>\n<li><a href=\"https:\/\/goo.gl\/maps\/LCCp9DtP4U8ZrvC77\" target=\"_blank\" rel=\"noopener noreferrer external\" data-wpel-link=\"external\"><strong>Comment s&rsquo;y rendre<\/strong><\/a><\/li>\n<\/ul>\n<h3><span class=\"ez-toc-section\" id=\"Points_de_vue_a_Rincon_de_la_Victoria\"><\/span>Points de vue \u00e0 Rinc\u00f3n de la Victoria<span class=\"ez-toc-section-end\"><\/span><\/h3>\n<p><strong>Torre Vig\u00eda de El Cantal<\/strong><\/p>\n<figure id=\"attachment_7326\" aria-describedby=\"caption-attachment-7326\" style=\"width: 622px\" class=\"wp-caption alignnone\"><img loading=\"lazy\" decoding=\"async\" class=\"wp-image-7326\" src=\"https:\/\/www.malagacar.com\/blog\/wp-content\/uploads\/2020\/08\/Rincon-de-la-victoria-El-cantal-Te-gusta-viajar.jpg\" alt=\"El Cantal \" width=\"622\" height=\"403\" \/><figcaption id=\"caption-attachment-7326\" class=\"wp-caption-text\">Photo de El Cantal par Te gusta viajar<\/figcaption><\/figure>\n<p>Situ\u00e9 sur les falaises entre Cala del Moral et Rinc\u00f3n de la Victoria, ce magnifique point de vue d&rsquo;origine nasride offre une vue sur la longue plage de Rinc\u00f3n de la Victoria.<br \/>\nDans les roches karstiques se cache \u00e9galement la c\u00e9l\u00e8bre <a href=\"https:\/\/www.malagacar.com\/blog\/leisure\/spectacular-caves-in-malaga\/#Cueva_del_Tesoro_Rincon_de_la_Victoria\" data-wpel-link=\"internal\"><strong>Grotte du Tr\u00e9sor<\/strong><\/a> d&rsquo;origine sous-marine, qui peut \u00e9galement \u00eatre visit\u00e9e.<br \/>\n<a href=\"https:\/\/goo.gl\/maps\/cEsBWGkt62NtPCg17\" target=\"_blank\" rel=\"noopener noreferrer external\" data-wpel-link=\"external\"><strong>Comment s&rsquo;y rendre<\/strong><\/a><\/p>\n<h3><span class=\"ez-toc-section\" id=\"Points_de_vue_a_Malaga\"><\/span>Points de vue \u00e0 M\u00e1laga<span class=\"ez-toc-section-end\"><\/span><\/h3>\n<p><strong>Mirador de El Morlaco<\/strong><\/p>\n<figure id=\"attachment_7327\" aria-describedby=\"caption-attachment-7327\" style=\"width: 620px\" class=\"wp-caption alignnone\"><img loading=\"lazy\" decoding=\"async\" class=\"wp-image-7327\" src=\"https:\/\/www.malagacar.com\/blog\/wp-content\/uploads\/2020\/08\/Malaga-PARQUE-EL-MORLACO-viajamalaga.es_.jpg\" alt=\"El Morlaco\" width=\"620\" height=\"349\" \/><figcaption id=\"caption-attachment-7327\" class=\"wp-caption-text\">Photo de El Morlaco par Viajamalaga.es<\/figcaption><\/figure>\n<p>Situ\u00e9 dans le quartier de Cerrado de Calder\u00f3n, c&rsquo;est un grand parc urbain avec des sentiers forestiers et des points de vue sur la ville et la M\u00e9diterran\u00e9e.<br \/>\nIl est \u00e9galement tr\u00e8s proche des Ba\u00f1os del Carmen et du Paseo Mar\u00edtimo Pablo Ruiz Picasso.<br \/>\nSi vous s\u00e9journez dans la ville, cela vaut la peine de s&rsquo;en approcher et de d\u00e9couvrir quelque chose de tr\u00e8s diff\u00e9rent \u00e0 quelques m\u00e8tres du centre historique o\u00f9 vous pouvez respirer de l&rsquo;air pur.<\/p>\n<ul>\n<li><a href=\"https:\/\/goo.gl\/maps\/aSsf88n3iHSsYJBy7\" target=\"_blank\" rel=\"noopener noreferrer external\" data-wpel-link=\"external\"><strong>Comment s&rsquo;y rendre<\/strong><\/a><\/li>\n<\/ul>\n<p><strong>Mirador de Gibralfaro<\/strong><\/p>\n<figure id=\"attachment_7328\" aria-describedby=\"caption-attachment-7328\" style=\"width: 620px\" class=\"wp-caption alignnone\"><img loading=\"lazy\" decoding=\"async\" class=\"wp-image-7328\" src=\"https:\/\/www.malagacar.com\/blog\/wp-content\/uploads\/2020\/08\/Malaga-mirador-del-gibralfaro-diputacion-de-Malaga.jpg\" alt=\"Points de vue Costa del Sol\" width=\"620\" height=\"349\" \/><figcaption id=\"caption-attachment-7328\" class=\"wp-caption-text\">Photo de Mirador de Gibralfaro par Diputaci\u00f3n de M\u00e1laga<\/figcaption><\/figure>\n<p>De ce point de vue populaire, nous pouvons profiter de la vue sur la baie de Malaga, la ville, le port et les ar\u00e8nes.<br \/>\nIl est particuli\u00e8rement recommand\u00e9 de voir les couchers de soleil de l\u00e0-bas.<br \/>\n\u00c0 quelques m\u00e8tres se trouve le ch\u00e2teau m\u00e9di\u00e9val de Gibralfaro que vous devriez visiter si vous avez le temps.<\/p>\n<ul>\n<li><a href=\"https:\/\/goo.gl\/maps\/S22ncicnJE83kBoB9\" target=\"_blank\" rel=\"noopener noreferrer external\" data-wpel-link=\"external\"><strong>Comment s&rsquo;y rendre<\/strong><\/a><\/li>\n<\/ul>\n<h3><span class=\"ez-toc-section\" id=\"Points_de_vue_a_Torremolinos\"><\/span>Points de vue \u00e0 Torremolinos<span class=\"ez-toc-section-end\"><\/span><\/h3>\n<p><strong>Torre Mirador Parque de la Bater\u00eda<\/strong><\/p>\n<figure id=\"attachment_7329\" aria-describedby=\"caption-attachment-7329\" style=\"width: 620px\" class=\"wp-caption alignnone\"><img loading=\"lazy\" decoding=\"async\" class=\"wp-image-7329\" src=\"https:\/\/www.malagacar.com\/blog\/wp-content\/uploads\/2020\/08\/Torremolinos-Torre_mirador_in_Parque_de_Bateria-wikicommons.jfif_.jpg\" alt=\"Torre Mirador Parque de la Bater\u00eda\" width=\"620\" height=\"462\" \/><figcaption id=\"caption-attachment-7329\" class=\"wp-caption-text\">Photo de Torre Mirador Parque de la Bater\u00eda par Wikicommons<\/figcaption><\/figure>\n<p>Nous incluons ce point de vue avec une vue magnifique sur la mer, bien qu&rsquo;il ne soit pas au bord de la mer.<br \/>\nLa tour et le point de vue se trouvent dans le Parque de la Bater\u00eda, \u00e0 quelques m\u00e8tres des plages du c\u00e9l\u00e8bre vieux quartier de p\u00eacheurs, La Carihuela.<br \/>\nC&rsquo;est un petit parc avec des activit\u00e9s pour les enfants.<\/p>\n<ul>\n<li><a href=\"https:\/\/goo.gl\/maps\/Cmnk1J4Fstgc7TAo7\" target=\"_blank\" rel=\"noopener noreferrer external\" data-wpel-link=\"external\"><strong>Comment s&rsquo;y rendre<\/strong><\/a><\/li>\n<\/ul>\n<p><strong>Punta Gatuna<\/strong><\/p>\n<figure id=\"attachment_7330\" aria-describedby=\"caption-attachment-7330\" style=\"width: 621px\" class=\"wp-caption alignnone\"><img loading=\"lazy\" decoding=\"async\" class=\"wp-image-7330\" src=\"https:\/\/www.malagacar.com\/blog\/wp-content\/uploads\/2020\/08\/Torremolinos-Punta-Gatuna-Andalucia.org_.jpeg\" alt=\"Points de vue Costa del Sol\" width=\"621\" height=\"416\" \/><figcaption id=\"caption-attachment-7330\" class=\"wp-caption-text\">Photo de Punta Gatuna par Andalucia.org<\/figcaption><\/figure>\n<p>Le point de vue Punta Gatuna ou El Morro est une belle falaise qui se distingue entre les plages de La Carihuela et El Bajondillo.<br \/>\nIl est visible de presque partout sur la Costa del Sol. Par cons\u00e9quent, vous pouvez profiter de magnifiques vues qui couvrent presque toute la c\u00f4te de Malaga.<br \/>\nDe nos jours, une promenade agr\u00e9able et tr\u00e8s populaire passe par l\u00e0-bas. Et il ne manque pas de bars de toutes sortes sur la plage o\u00f9 vous pouvez prendre un verre.<\/p>\n<ul>\n<li><a href=\"https:\/\/goo.gl\/maps\/L2Th8o4GgNn7PfHE7\" target=\"_blank\" rel=\"noopener noreferrer external\" data-wpel-link=\"external\"><strong>Comment s&rsquo;y rendre<\/strong><\/a><\/li>\n<\/ul>\n<h3><span class=\"ez-toc-section\" id=\"Points_de_vue_a_Benalmadena\"><\/span>Points de vue \u00e0 Benalm\u00e1dena<span class=\"ez-toc-section-end\"><\/span><\/h3>\n<p><strong>Faro de Levante<\/strong><\/p>\n<figure id=\"attachment_7331\" aria-describedby=\"caption-attachment-7331\" style=\"width: 621px\" class=\"wp-caption alignnone\"><img loading=\"lazy\" decoding=\"async\" class=\"wp-image-7331\" src=\"https:\/\/www.malagacar.com\/blog\/wp-content\/uploads\/2020\/08\/benalmadena-faro-de-Levante-Vreni-N.jpg\" alt=\"Faro de Levante\" width=\"621\" height=\"828\" \/><figcaption id=\"caption-attachment-7331\" class=\"wp-caption-text\">Photo de Faro de Levante par Vreni N<\/figcaption><\/figure>\n<p>Si vous \u00eates \u00e0 Benalm\u00e1dena, ne manquez pas de visiter le Puerto Marina prim\u00e9 :<br \/>\nAvec une belle esth\u00e9tique, des \u00eelots artificiels avec des amarrages pour les yachts, son centre commercial, ses restaurants et ses bars. Il vaut la peine de marcher jusqu&rsquo;au bout du port o\u00f9 se trouve le Faro de Levante.<br \/>\nDe l\u00e0, vous avez une vue magnifique sur toute la baie de Malaga.<\/p>\n<ul>\n<li><a href=\"https:\/\/goo.gl\/maps\/ni5fcAP522VExLT19\" target=\"_blank\" rel=\"noopener noreferrer external\" data-wpel-link=\"external\"><strong>Comment s&rsquo;y rendre<\/strong><\/a><\/li>\n<\/ul>\n<p><strong>Punta Negra<\/strong><\/p>\n<figure id=\"attachment_7332\" aria-describedby=\"caption-attachment-7332\" style=\"width: 619px\" class=\"wp-caption alignnone\"><img loading=\"lazy\" decoding=\"async\" class=\"wp-image-7332\" src=\"https:\/\/www.malagacar.com\/blog\/wp-content\/uploads\/2020\/08\/Benalmadena-Punta-Negra-Golfholidays.com_.jpg\" alt=\"Points de vue Costa del Sol\" width=\"619\" height=\"464\" \/><figcaption id=\"caption-attachment-7332\" class=\"wp-caption-text\">Photo de Punta Negra par Golfholidays.com<\/figcaption><\/figure>\n<p>Pr\u00e8s du parcours de golf de Torrequebrada et de l&rsquo;h\u00f4tel Sunset Beach Club se trouve ce petit et beau brise-lames qui s&rsquo;enfonce dans la mer.<\/p>\n<ul>\n<li><a href=\"https:\/\/goo.gl\/maps\/DTi4uyC5Se4nJrf57\" target=\"_blank\" rel=\"noopener noreferrer external\" data-wpel-link=\"external\"><strong>Comment s&rsquo;y rendre<\/strong><\/a><\/li>\n<\/ul>\n<h3><span class=\"ez-toc-section\" id=\"Points_de_vue_a_Fuengirola\"><\/span>Points de vue \u00e0 Fuengirola<span class=\"ez-toc-section-end\"><\/span><\/h3>\n<p><strong>Espig\u00f3n de Torreblanca<\/strong><\/p>\n<figure id=\"attachment_7333\" aria-describedby=\"caption-attachment-7333\" style=\"width: 619px\" class=\"wp-caption alignnone\"><img loading=\"lazy\" decoding=\"async\" class=\"wp-image-7333\" src=\"https:\/\/www.malagacar.com\/blog\/wp-content\/uploads\/2020\/08\/Fuengirola-Espigon-Felix-Ares.jpg\" alt=\"Espig\u00f3n Torreblanca\" width=\"619\" height=\"464\" \/><figcaption id=\"caption-attachment-7333\" class=\"wp-caption-text\">Photo de Espig\u00f3n de Torreblanca par Felix Ares<\/figcaption><\/figure>\n<p>Ce brise-lames artificiel nous permet de nous \u00e9loigner de la promenade anim\u00e9e de Fuengirola et de ressentir la force de la mer pr\u00e8s d&rsquo;un brise-lames.<\/p>\n<ul>\n<li><a href=\"https:\/\/goo.gl\/maps\/EbAJoBEnKxVQkATQ8\" target=\"_blank\" rel=\"noopener noreferrer external\" data-wpel-link=\"external\"><strong>Comment s&rsquo;y rendre<\/strong><\/a><\/li>\n<\/ul>\n<p><strong>Castillo Sohail<\/strong><\/p>\n<figure id=\"attachment_7334\" aria-describedby=\"caption-attachment-7334\" style=\"width: 621px\" class=\"wp-caption alignnone\"><img loading=\"lazy\" decoding=\"async\" class=\"wp-image-7334\" src=\"https:\/\/www.malagacar.com\/blog\/wp-content\/uploads\/2020\/08\/Fuengirola-Castillo-Sohail-malagaenelcorazon-scaled.jpg\" alt=\"Points de vue Costa del Sol\" width=\"621\" height=\"466\" \/><figcaption id=\"caption-attachment-7334\" class=\"wp-caption-text\">Photo de Castillo Sohail par Malagaenelcorazon<\/figcaption><\/figure>\n<p>\u00c0 c\u00f4t\u00e9 de la mer M\u00e9diterran\u00e9e et de la rivi\u00e8re Fuengirola, cette petite forteresse arabe se dresse sur une colline.<br \/>\nDepuis le parc du ch\u00e2teau de Sohail, vous avez une vue magnifique \u00ab\u00a0\u00e9lev\u00e9e\u00a0\u00bb sur la M\u00e9diterran\u00e9e, et il y a de nombreuses activit\u00e9s tout au long de l&rsquo;ann\u00e9e.<br \/>\nDes concerts ont lieu, un march\u00e9 m\u00e9di\u00e9val et il y a m\u00eame une tyrolienne au-dessus de la rivi\u00e8re. Le ch\u00e2teau peut \u00eatre visit\u00e9.<\/p>\n<ul>\n<li><a href=\"https:\/\/goo.gl\/maps\/JmJynNQeLcJRVHZ88\" target=\"_blank\" rel=\"noopener noreferrer external\" data-wpel-link=\"external\"><strong>Comment s&rsquo;y rendre<\/strong><\/a><\/li>\n<\/ul>\n<h3><span class=\"ez-toc-section\" id=\"Points_de_vue_a_Mijas\"><\/span>Points de vue \u00e0 Mijas<span class=\"ez-toc-section-end\"><\/span><\/h3>\n<p><strong>Torre Vig\u00eda de Cala de Mijas<\/strong><\/p>\n<figure id=\"attachment_7335\" aria-describedby=\"caption-attachment-7335\" style=\"width: 621px\" class=\"wp-caption alignnone\"><img loading=\"lazy\" decoding=\"async\" class=\"wp-image-7335\" src=\"https:\/\/www.malagacar.com\/blog\/wp-content\/uploads\/2020\/08\/Cala-de-Mijas-torre-rmedia2trover.jpg\" alt=\"Points de vue Costa del Sol\" width=\"621\" height=\"466\" \/><figcaption id=\"caption-attachment-7335\" class=\"wp-caption-text\">Photo de Torre Vig\u00eda de Cala de Mijas par media2trover<\/figcaption><\/figure>\n<p>\u00c0 c\u00f4t\u00e9 de la plage, dans le centre anim\u00e9 de Cala de Mijas, se trouve cette vieille tour de guet du 18e si\u00e8cle pour avertir les habitants des fr\u00e9quentes attaques de pirates.<br \/>\nUn endroit id\u00e9al pour d\u00e9couvrir l&rsquo;histoire du lieu et profiter du pr\u00e9sent. La tour peut \u00eatre visit\u00e9e.<\/p>\n<ul>\n<li><a href=\"https:\/\/goo.gl\/maps\/Wcov313TrSEqHNLv5\" target=\"_blank\" rel=\"noopener noreferrer external\" data-wpel-link=\"external\"><strong>Comment s&rsquo;y rendre<\/strong><\/a><\/li>\n<\/ul>\n<h3><span class=\"ez-toc-section\" id=\"Points_de_vue_a_Marbella\"><\/span>Points de vue \u00e0 Marbella<span class=\"ez-toc-section-end\"><\/span><\/h3>\n<p><strong>Embarcadero Hotel Marbella Club<\/strong><\/p>\n<figure id=\"attachment_7336\" aria-describedby=\"caption-attachment-7336\" style=\"width: 618px\" class=\"wp-caption alignnone\"><img loading=\"lazy\" decoding=\"async\" class=\"wp-image-7336\" src=\"https:\/\/www.malagacar.com\/blog\/wp-content\/uploads\/2020\/08\/marbella-embarcadero-mapadelviajero.com_.jpg\" alt=\"Points de vue Costa del Sol\" width=\"618\" height=\"401\" \/><figcaption id=\"caption-attachment-7336\" class=\"wp-caption-text\">Photo de Embarcadero par Mapadelviajero.com<\/figcaption><\/figure>\n<p>\u00c0 Marbella, tout est un d\u00e9lice pour les yeux.<br \/>\nCe pittoresque quai est situ\u00e9 au c\u0153ur de Marbella, entre le centre historique et Puerto Ban\u00fas \u00e0 l&rsquo;ouest.<br \/>\nUne magnifique promenade avec des h\u00f4tels exquis et l&rsquo;un des meilleurs quartiers de Marbella.<\/p>\n<ul>\n<li><a href=\"https:\/\/goo.gl\/maps\/sba6z5FqKp4UrFMR8\" target=\"_blank\" rel=\"noopener noreferrer external\" data-wpel-link=\"external\"><strong>Comment s&rsquo;y rendre<\/strong><\/a><\/li>\n<\/ul>\n<h3><span class=\"ez-toc-section\" id=\"Points_de_vue_a_Estepona\"><\/span>Points de vue \u00e0 Estepona<span class=\"ez-toc-section-end\"><\/span><\/h3>\n<p><strong>Faro Punta Doncella<\/strong><\/p>\n<figure id=\"attachment_7337\" aria-describedby=\"caption-attachment-7337\" style=\"width: 621px\" class=\"wp-caption alignnone\"><img loading=\"lazy\" decoding=\"async\" class=\"wp-image-7337\" src=\"https:\/\/www.malagacar.com\/blog\/wp-content\/uploads\/2020\/08\/Estepona-Faro-PUnta-Doncella-TurismoEstepona.jpg\" alt=\"Points de vue Costa del Sol\" width=\"621\" height=\"357\" \/><figcaption id=\"caption-attachment-7337\" class=\"wp-caption-text\">Photo de Faro Punta Doncella par Turismo Estepona<\/figcaption><\/figure>\n<p>Le phare Punta Doncella du XXe si\u00e8cle est situ\u00e9 \u00e0 seulement quelques m\u00e8tres de la belle marina d&rsquo;Estepona, o\u00f9 vous pouvez vous promener et prendre un verre dans ses nombreux restaurants et bars.<br \/>\nLa zone autour du phare a \u00e9t\u00e9 remodel\u00e9e ces derni\u00e8res ann\u00e9es. De nos jours, vous pouvez profiter d&rsquo;une zone de loisirs avec un point de vue et une grande vari\u00e9t\u00e9 de flore m\u00e9diterran\u00e9enne.<\/p>\n<ul>\n<li><a href=\"https:\/\/goo.gl\/maps\/WLWb23iVUjP9dyLh6\" target=\"_blank\" rel=\"noopener noreferrer external\" data-wpel-link=\"external\"><strong>Comment s&rsquo;y rendre<\/strong><\/a><\/li>\n<\/ul>\n<p><strong>Playa del Cristo<\/strong><\/p>\n<figure id=\"attachment_7338\" aria-describedby=\"caption-attachment-7338\" style=\"width: 750px\" class=\"wp-caption alignnone\"><img loading=\"lazy\" decoding=\"async\" class=\"wp-image-7338 size-large\" src=\"https:\/\/www.malagacar.com\/blog\/wp-content\/uploads\/2020\/08\/Estepona-plya-del-Cristo-pinterest-1024x214.jpg\" alt=\"Playa del Cristo\" width=\"750\" height=\"157\" \/><figcaption id=\"caption-attachment-7338\" class=\"wp-caption-text\">Photo de Playa del Cristo par Pinterest<\/figcaption><\/figure>\n<p>La plage Playa del Cristo est situ\u00e9e \u00e0 quelques m\u00e8tres de la marina.<br \/>\nCe n&rsquo;est pas seulement la plage la plus populaire d&rsquo;Estepona, mais elle offre \u00e9galement des vues spectaculaires sur le rocher de Gibraltar et la c\u00f4te africaine par temps clair.<br \/>\nUn endroit parfait pour regarder le coucher de soleil depuis un bar de plage.<\/p>\n<ul>\n<li><a href=\"https:\/\/goo.gl\/maps\/bhjwj61xoRiSQbPq9\" target=\"_blank\" rel=\"noopener noreferrer external\" data-wpel-link=\"external\"><strong>Comment s&rsquo;y rendre<\/strong><\/a><\/li>\n<\/ul>\n<h3><span class=\"ez-toc-section\" id=\"Points_de_vue_a_Manilva\"><\/span>Points de vue \u00e0 Manilva<span class=\"ez-toc-section-end\"><\/span><\/h3>\n<p><strong>Punta Chullera<\/strong><\/p>\n<figure id=\"attachment_7339\" aria-describedby=\"caption-attachment-7339\" style=\"width: 621px\" class=\"wp-caption alignnone\"><img loading=\"lazy\" decoding=\"async\" class=\"wp-image-7339\" src=\"https:\/\/www.malagacar.com\/blog\/wp-content\/uploads\/2020\/08\/manilva_punta-chullera-espana-fascinante.jpg\" alt=\"Punta Chullera \" width=\"621\" height=\"388\" \/><figcaption id=\"caption-attachment-7339\" class=\"wp-caption-text\">Photo de Punta Chullera par Espa\u00f1a fascinante<\/figcaption><\/figure>\n<p>Comme c&rsquo;est le cas \u00e0 Estepona, il s&rsquo;agit d&rsquo;une plage naturelle populaire avec des criques et des rochers de grande valeur \u00e9cologique et d&rsquo;int\u00e9r\u00eat panoramique, ainsi que les vestiges d&rsquo;une tour de guet de l&rsquo;\u00e9poque nasride.<\/p>\n<p>Avec des vues magnifiques depuis le point le plus \u00e0 l&rsquo;ouest de la Costa del Sol vers le rocher de Gibraltar voisin, les d\u00e9troits et la c\u00f4te africaine.<\/p>\n<ul>\n<li><a href=\"https:\/\/goo.gl\/maps\/39bJEBQLDLPeXhUd8\" target=\"_blank\" rel=\"noopener noreferrer external\" data-wpel-link=\"external\"><strong>Comment s&rsquo;y rendre<\/strong><\/a><\/li>\n<\/ul>\n\t\t\t\t\n\t\t\t\t<div id=\"search-form2\" class=\"big-quote index-mobile\">\n\t\t\t\t<form id=\"frmSearch\" name=\"frmSearch\" action=\"\/fr\/location-de-voitures\/quote.php\" method=\"post\" name=\"quote\" class=\"container-fluid\">\n\t\t\t\t\t\t\t\t\t<div class=\"row\">\n\t\t\t\t\t\t<div class=\"col-sm-6\">\n\n\t\t\t\t\t\t\t<div class=\"form-group\">\n\t\t\t\t\t\t\t\t<label for=\"entrega\"><h4>Collecte<\/h4><\/label>\n\t\t\t\t\t\t\t\t<select name=\"entrega\" id=\"entrega\" class=\"custom-select\">\n\t\t\t\t\t\t\t\t\t<option value=\"airport\"  selected>Malaga A\u00e9roport<\/option>\n\t\t\t\t\t\t\t\t\t\t\t\t\t\t\t\t<\/select>\n\t\t\t\t\t\t\t\t<div class=\"form-inline my-2\">\n\t\t\t\t\t\t\t\t\t<input id=\"pDate\" class=\"form-control\" value=\"07\/09\/2026\" name=\"pDate\" readonly onchange=\"return uppdate()\">\n\t\t\t\t\t\t\t\t\t<select class=\"custom-select\" id=\"phorasminutos\" name=\"phorasminutos\" oninvalid=\"setCustomValidity('Faites-nous conna\u00eetre votre heure d\u00b4arriv\u00e9e')\" onchange=\"setCustomValidity('');\">\n\t\t\t\t\t\t\t\t\t\t<option value=\"-\" selected>--:--<\/option>\n\t\t\t\t\t\t\t\t\t\t\t\t\t\t\t\t\t\t\t\t<option value=\"00:00\">\n\t\t\t\t\t\t\t\t\t\t\t00:00<\/option>\n\t\t\t\t\t\t\t\t\t\t<option value=\"00:15\">\n\t\t\t\t\t\t\t\t\t\t\t00:15<\/option>\n\t\t\t\t\t\t\t\t\t\t<option value=\"00:30\">\n\t\t\t\t\t\t\t\t\t\t\t00:30<\/option>\n\t\t\t\t\t\t\t\t\t\t<option value=\"00:45\">\n\t\t\t\t\t\t\t\t\t\t\t00:45<\/option>\n\t\t\t\t\t\t\t\t\t\t\t\t\t\t\t\t\t\t\t\t<option value=\"01:00\">\n\t\t\t\t\t\t\t\t\t\t\t01:00<\/option>\n\t\t\t\t\t\t\t\t\t\t<option value=\"01:15\">\n\t\t\t\t\t\t\t\t\t\t\t01:15<\/option>\n\t\t\t\t\t\t\t\t\t\t<option value=\"01:30\">\n\t\t\t\t\t\t\t\t\t\t\t01:30<\/option>\n\t\t\t\t\t\t\t\t\t\t<option value=\"01:45\">\n\t\t\t\t\t\t\t\t\t\t\t01:45<\/option>\n\t\t\t\t\t\t\t\t\t\t\t\t\t\t\t\t\t\t\t\t<option value=\"02:00\">\n\t\t\t\t\t\t\t\t\t\t\t02:00<\/option>\n\t\t\t\t\t\t\t\t\t\t<option value=\"02:15\">\n\t\t\t\t\t\t\t\t\t\t\t02:15<\/option>\n\t\t\t\t\t\t\t\t\t\t<option value=\"02:30\">\n\t\t\t\t\t\t\t\t\t\t\t02:30<\/option>\n\t\t\t\t\t\t\t\t\t\t<option value=\"02:45\">\n\t\t\t\t\t\t\t\t\t\t\t02:45<\/option>\n\t\t\t\t\t\t\t\t\t\t\t\t\t\t\t\t\t\t\t\t<option value=\"03:00\">\n\t\t\t\t\t\t\t\t\t\t\t03:00<\/option>\n\t\t\t\t\t\t\t\t\t\t<option value=\"03:15\">\n\t\t\t\t\t\t\t\t\t\t\t03:15<\/option>\n\t\t\t\t\t\t\t\t\t\t<option value=\"03:30\">\n\t\t\t\t\t\t\t\t\t\t\t03:30<\/option>\n\t\t\t\t\t\t\t\t\t\t<option value=\"03:45\">\n\t\t\t\t\t\t\t\t\t\t\t03:45<\/option>\n\t\t\t\t\t\t\t\t\t\t\t\t\t\t\t\t\t\t\t\t<option value=\"04:00\">\n\t\t\t\t\t\t\t\t\t\t\t04:00<\/option>\n\t\t\t\t\t\t\t\t\t\t<option value=\"04:15\">\n\t\t\t\t\t\t\t\t\t\t\t04:15<\/option>\n\t\t\t\t\t\t\t\t\t\t<option value=\"04:30\">\n\t\t\t\t\t\t\t\t\t\t\t04:30<\/option>\n\t\t\t\t\t\t\t\t\t\t<option value=\"04:45\">\n\t\t\t\t\t\t\t\t\t\t\t04:45<\/option>\n\t\t\t\t\t\t\t\t\t\t\t\t\t\t\t\t\t\t\t\t<option value=\"05:00\">\n\t\t\t\t\t\t\t\t\t\t\t05:00<\/option>\n\t\t\t\t\t\t\t\t\t\t<option value=\"05:15\">\n\t\t\t\t\t\t\t\t\t\t\t05:15<\/option>\n\t\t\t\t\t\t\t\t\t\t<option value=\"05:30\">\n\t\t\t\t\t\t\t\t\t\t\t05:30<\/option>\n\t\t\t\t\t\t\t\t\t\t<option value=\"05:45\">\n\t\t\t\t\t\t\t\t\t\t\t05:45<\/option>\n\t\t\t\t\t\t\t\t\t\t\t\t\t\t\t\t\t\t\t\t<option value=\"06:00\">\n\t\t\t\t\t\t\t\t\t\t\t06:00<\/option>\n\t\t\t\t\t\t\t\t\t\t<option value=\"06:15\">\n\t\t\t\t\t\t\t\t\t\t\t06:15<\/option>\n\t\t\t\t\t\t\t\t\t\t<option value=\"06:30\">\n\t\t\t\t\t\t\t\t\t\t\t06:30<\/option>\n\t\t\t\t\t\t\t\t\t\t<option value=\"06:45\">\n\t\t\t\t\t\t\t\t\t\t\t06:45<\/option>\n\t\t\t\t\t\t\t\t\t\t\t\t\t\t\t\t\t\t\t\t<option value=\"07:00\">\n\t\t\t\t\t\t\t\t\t\t\t07:00<\/option>\n\t\t\t\t\t\t\t\t\t\t<option value=\"07:15\">\n\t\t\t\t\t\t\t\t\t\t\t07:15<\/option>\n\t\t\t\t\t\t\t\t\t\t<option value=\"07:30\">\n\t\t\t\t\t\t\t\t\t\t\t07:30<\/option>\n\t\t\t\t\t\t\t\t\t\t<option value=\"07:45\">\n\t\t\t\t\t\t\t\t\t\t\t07:45<\/option>\n\t\t\t\t\t\t\t\t\t\t\t\t\t\t\t\t\t\t\t\t<option value=\"08:00\">\n\t\t\t\t\t\t\t\t\t\t\t08:00<\/option>\n\t\t\t\t\t\t\t\t\t\t<option value=\"08:15\">\n\t\t\t\t\t\t\t\t\t\t\t08:15<\/option>\n\t\t\t\t\t\t\t\t\t\t<option value=\"08:30\">\n\t\t\t\t\t\t\t\t\t\t\t08:30<\/option>\n\t\t\t\t\t\t\t\t\t\t<option value=\"08:45\">\n\t\t\t\t\t\t\t\t\t\t\t08:45<\/option>\n\t\t\t\t\t\t\t\t\t\t\t\t\t\t\t\t\t\t\t\t<option value=\"09:00\">\n\t\t\t\t\t\t\t\t\t\t\t09:00<\/option>\n\t\t\t\t\t\t\t\t\t\t<option value=\"09:15\">\n\t\t\t\t\t\t\t\t\t\t\t09:15<\/option>\n\t\t\t\t\t\t\t\t\t\t<option value=\"09:30\">\n\t\t\t\t\t\t\t\t\t\t\t09:30<\/option>\n\t\t\t\t\t\t\t\t\t\t<option value=\"09:45\">\n\t\t\t\t\t\t\t\t\t\t\t09:45<\/option>\n\t\t\t\t\t\t\t\t\t\t\t\t\t\t\t\t\t\t\t\t<option value=\"10:00\">\n\t\t\t\t\t\t\t\t\t\t\t10:00<\/option>\n\t\t\t\t\t\t\t\t\t\t<option value=\"10:15\">\n\t\t\t\t\t\t\t\t\t\t\t10:15<\/option>\n\t\t\t\t\t\t\t\t\t\t<option value=\"10:30\">\n\t\t\t\t\t\t\t\t\t\t\t10:30<\/option>\n\t\t\t\t\t\t\t\t\t\t<option value=\"10:45\">\n\t\t\t\t\t\t\t\t\t\t\t10:45<\/option>\n\t\t\t\t\t\t\t\t\t\t\t\t\t\t\t\t\t\t\t\t<option value=\"11:00\">\n\t\t\t\t\t\t\t\t\t\t\t11:00<\/option>\n\t\t\t\t\t\t\t\t\t\t<option value=\"11:15\">\n\t\t\t\t\t\t\t\t\t\t\t11:15<\/option>\n\t\t\t\t\t\t\t\t\t\t<option value=\"11:30\">\n\t\t\t\t\t\t\t\t\t\t\t11:30<\/option>\n\t\t\t\t\t\t\t\t\t\t<option value=\"11:45\">\n\t\t\t\t\t\t\t\t\t\t\t11:45<\/option>\n\t\t\t\t\t\t\t\t\t\t\t\t\t\t\t\t\t\t\t\t<option value=\"12:00\">\n\t\t\t\t\t\t\t\t\t\t\t12:00<\/option>\n\t\t\t\t\t\t\t\t\t\t<option value=\"12:15\">\n\t\t\t\t\t\t\t\t\t\t\t12:15<\/option>\n\t\t\t\t\t\t\t\t\t\t<option value=\"12:30\">\n\t\t\t\t\t\t\t\t\t\t\t12:30<\/option>\n\t\t\t\t\t\t\t\t\t\t<option value=\"12:45\">\n\t\t\t\t\t\t\t\t\t\t\t12:45<\/option>\n\t\t\t\t\t\t\t\t\t\t\t\t\t\t\t\t\t\t\t\t<option value=\"13:00\">\n\t\t\t\t\t\t\t\t\t\t\t13:00<\/option>\n\t\t\t\t\t\t\t\t\t\t<option value=\"13:15\">\n\t\t\t\t\t\t\t\t\t\t\t13:15<\/option>\n\t\t\t\t\t\t\t\t\t\t<option value=\"13:30\">\n\t\t\t\t\t\t\t\t\t\t\t13:30<\/option>\n\t\t\t\t\t\t\t\t\t\t<option value=\"13:45\">\n\t\t\t\t\t\t\t\t\t\t\t13:45<\/option>\n\t\t\t\t\t\t\t\t\t\t\t\t\t\t\t\t\t\t\t\t<option value=\"14:00\">\n\t\t\t\t\t\t\t\t\t\t\t14:00<\/option>\n\t\t\t\t\t\t\t\t\t\t<option value=\"14:15\">\n\t\t\t\t\t\t\t\t\t\t\t14:15<\/option>\n\t\t\t\t\t\t\t\t\t\t<option value=\"14:30\">\n\t\t\t\t\t\t\t\t\t\t\t14:30<\/option>\n\t\t\t\t\t\t\t\t\t\t<option value=\"14:45\">\n\t\t\t\t\t\t\t\t\t\t\t14:45<\/option>\n\t\t\t\t\t\t\t\t\t\t\t\t\t\t\t\t\t\t\t\t<option value=\"15:00\">\n\t\t\t\t\t\t\t\t\t\t\t15:00<\/option>\n\t\t\t\t\t\t\t\t\t\t<option value=\"15:15\">\n\t\t\t\t\t\t\t\t\t\t\t15:15<\/option>\n\t\t\t\t\t\t\t\t\t\t<option value=\"15:30\">\n\t\t\t\t\t\t\t\t\t\t\t15:30<\/option>\n\t\t\t\t\t\t\t\t\t\t<option value=\"15:45\">\n\t\t\t\t\t\t\t\t\t\t\t15:45<\/option>\n\t\t\t\t\t\t\t\t\t\t\t\t\t\t\t\t\t\t\t\t<option value=\"16:00\">\n\t\t\t\t\t\t\t\t\t\t\t16:00<\/option>\n\t\t\t\t\t\t\t\t\t\t<option value=\"16:15\">\n\t\t\t\t\t\t\t\t\t\t\t16:15<\/option>\n\t\t\t\t\t\t\t\t\t\t<option value=\"16:30\">\n\t\t\t\t\t\t\t\t\t\t\t16:30<\/option>\n\t\t\t\t\t\t\t\t\t\t<option value=\"16:45\">\n\t\t\t\t\t\t\t\t\t\t\t16:45<\/option>\n\t\t\t\t\t\t\t\t\t\t\t\t\t\t\t\t\t\t\t\t<option value=\"17:00\">\n\t\t\t\t\t\t\t\t\t\t\t17:00<\/option>\n\t\t\t\t\t\t\t\t\t\t<option value=\"17:15\">\n\t\t\t\t\t\t\t\t\t\t\t17:15<\/option>\n\t\t\t\t\t\t\t\t\t\t<option value=\"17:30\">\n\t\t\t\t\t\t\t\t\t\t\t17:30<\/option>\n\t\t\t\t\t\t\t\t\t\t<option value=\"17:45\">\n\t\t\t\t\t\t\t\t\t\t\t17:45<\/option>\n\t\t\t\t\t\t\t\t\t\t\t\t\t\t\t\t\t\t\t\t<option value=\"18:00\">\n\t\t\t\t\t\t\t\t\t\t\t18:00<\/option>\n\t\t\t\t\t\t\t\t\t\t<option value=\"18:15\">\n\t\t\t\t\t\t\t\t\t\t\t18:15<\/option>\n\t\t\t\t\t\t\t\t\t\t<option value=\"18:30\">\n\t\t\t\t\t\t\t\t\t\t\t18:30<\/option>\n\t\t\t\t\t\t\t\t\t\t<option value=\"18:45\">\n\t\t\t\t\t\t\t\t\t\t\t18:45<\/option>\n\t\t\t\t\t\t\t\t\t\t\t\t\t\t\t\t\t\t\t\t<option value=\"19:00\">\n\t\t\t\t\t\t\t\t\t\t\t19:00<\/option>\n\t\t\t\t\t\t\t\t\t\t<option value=\"19:15\">\n\t\t\t\t\t\t\t\t\t\t\t19:15<\/option>\n\t\t\t\t\t\t\t\t\t\t<option value=\"19:30\">\n\t\t\t\t\t\t\t\t\t\t\t19:30<\/option>\n\t\t\t\t\t\t\t\t\t\t<option value=\"19:45\">\n\t\t\t\t\t\t\t\t\t\t\t19:45<\/option>\n\t\t\t\t\t\t\t\t\t\t\t\t\t\t\t\t\t\t\t\t<option value=\"20:00\">\n\t\t\t\t\t\t\t\t\t\t\t20:00<\/option>\n\t\t\t\t\t\t\t\t\t\t<option value=\"20:15\">\n\t\t\t\t\t\t\t\t\t\t\t20:15<\/option>\n\t\t\t\t\t\t\t\t\t\t<option value=\"20:30\">\n\t\t\t\t\t\t\t\t\t\t\t20:30<\/option>\n\t\t\t\t\t\t\t\t\t\t<option value=\"20:45\">\n\t\t\t\t\t\t\t\t\t\t\t20:45<\/option>\n\t\t\t\t\t\t\t\t\t\t\t\t\t\t\t\t\t\t\t\t<option value=\"21:00\">\n\t\t\t\t\t\t\t\t\t\t\t21:00<\/option>\n\t\t\t\t\t\t\t\t\t\t<option value=\"21:15\">\n\t\t\t\t\t\t\t\t\t\t\t21:15<\/option>\n\t\t\t\t\t\t\t\t\t\t<option value=\"21:30\">\n\t\t\t\t\t\t\t\t\t\t\t21:30<\/option>\n\t\t\t\t\t\t\t\t\t\t<option value=\"21:45\">\n\t\t\t\t\t\t\t\t\t\t\t21:45<\/option>\n\t\t\t\t\t\t\t\t\t\t\t\t\t\t\t\t\t\t\t\t<option value=\"22:00\">\n\t\t\t\t\t\t\t\t\t\t\t22:00<\/option>\n\t\t\t\t\t\t\t\t\t\t<option value=\"22:15\">\n\t\t\t\t\t\t\t\t\t\t\t22:15<\/option>\n\t\t\t\t\t\t\t\t\t\t<option value=\"22:30\">\n\t\t\t\t\t\t\t\t\t\t\t22:30<\/option>\n\t\t\t\t\t\t\t\t\t\t<option value=\"22:45\">\n\t\t\t\t\t\t\t\t\t\t\t22:45<\/option>\n\t\t\t\t\t\t\t\t\t\t\t\t\t\t\t\t\t\t\t\t<option value=\"23:00\">\n\t\t\t\t\t\t\t\t\t\t\t23:00<\/option>\n\t\t\t\t\t\t\t\t\t\t<option value=\"23:15\">\n\t\t\t\t\t\t\t\t\t\t\t23:15<\/option>\n\t\t\t\t\t\t\t\t\t\t<option value=\"23:30\">\n\t\t\t\t\t\t\t\t\t\t\t23:30<\/option>\n\t\t\t\t\t\t\t\t\t\t<option value=\"23:45\">\n\t\t\t\t\t\t\t\t\t\t\t23:45<\/option>\n\t\t\t\t\t\t\t\t\t\t\t\t\t\t\t\t\t\t\t<\/select>\n\t\t\t\t\t\t\t\t<\/div>\n\t\t\t\t\t\t\t<\/div>\n\t\t\t\t\t\t<\/div>\n\t\t\t\t\t\t<div class=\"col-sm-6\">\n\t\t\t\t\t\t\t<div class=\"form-group\">\n\t\t\t\t\t\t\t\t<div id=\"bookingBox\"><\/div>\n\n\t\t\t\t\t\t\t\t<label for=\"devuelta\"><h4>D\u00e9p\u00f4t<\/h4><\/label>\n\t\t\t\t\t\t\t\t<select name=\"devuelta\" id=\"devuelta\" class=\"custom-select\">\n\t\t\t\t\t\t\t\t\t<option value=\"airport\"  selected>Malaga A\u00e9roport<\/option>\n\t\t\t\t\t\t\t\t\t\t\t\t\t\t\t\t<\/select>\n\n\t\t\t\t\t\t\t\t<div class=\"form-inline my-2\">\n\t\t\t\t\t\t\t\t\t<input id=\"dDate\" class=\"form-control\" value=\"14\/09\/2026\" name=\"dDate\" readonly>\n\t\t\t\t\t\t\t\t\t<select class=\"custom-select\" id=\"dhorasminutos\" name=\"dhorasminutos\" oninvalid=\"setCustomValidity('Faites-nous savoir votre heure de retour')\" onchange=\"setCustomValidity('')\">\n\t\t\t\t\t\t\t\t\t\t<option value=\"-\" selected>--:--<\/option>\n\t\t\t\t\t\t\t\t\t\t\t\t\t\t\t\t\t\t\t\t<option value=\"00:00\">\n\t\t\t\t\t\t\t\t\t\t\t00:00<\/option>\n\t\t\t\t\t\t\t\t\t\t<option value=\"00:15\">\n\t\t\t\t\t\t\t\t\t\t\t00:15<\/option>\n\t\t\t\t\t\t\t\t\t\t<option value=\"00:30\">\n\t\t\t\t\t\t\t\t\t\t\t00:30<\/option>\n\t\t\t\t\t\t\t\t\t\t<option value=\"00:45\">\n\t\t\t\t\t\t\t\t\t\t\t00:45<\/option>\n\t\t\t\t\t\t\t\t\t\t\t\t\t\t\t\t\t\t\t\t<option value=\"01:00\">\n\t\t\t\t\t\t\t\t\t\t\t01:00<\/option>\n\t\t\t\t\t\t\t\t\t\t<option value=\"01:15\">\n\t\t\t\t\t\t\t\t\t\t\t01:15<\/option>\n\t\t\t\t\t\t\t\t\t\t<option value=\"01:30\">\n\t\t\t\t\t\t\t\t\t\t\t01:30<\/option>\n\t\t\t\t\t\t\t\t\t\t<option value=\"01:45\">\n\t\t\t\t\t\t\t\t\t\t\t01:45<\/option>\n\t\t\t\t\t\t\t\t\t\t\t\t\t\t\t\t\t\t\t\t<option value=\"02:00\">\n\t\t\t\t\t\t\t\t\t\t\t02:00<\/option>\n\t\t\t\t\t\t\t\t\t\t<option value=\"02:15\">\n\t\t\t\t\t\t\t\t\t\t\t02:15<\/option>\n\t\t\t\t\t\t\t\t\t\t<option value=\"02:30\">\n\t\t\t\t\t\t\t\t\t\t\t02:30<\/option>\n\t\t\t\t\t\t\t\t\t\t<option value=\"02:45\">\n\t\t\t\t\t\t\t\t\t\t\t02:45<\/option>\n\t\t\t\t\t\t\t\t\t\t\t\t\t\t\t\t\t\t\t\t<option value=\"03:00\">\n\t\t\t\t\t\t\t\t\t\t\t03:00<\/option>\n\t\t\t\t\t\t\t\t\t\t<option value=\"03:15\">\n\t\t\t\t\t\t\t\t\t\t\t03:15<\/option>\n\t\t\t\t\t\t\t\t\t\t<option value=\"03:30\">\n\t\t\t\t\t\t\t\t\t\t\t03:30<\/option>\n\t\t\t\t\t\t\t\t\t\t<option value=\"03:45\">\n\t\t\t\t\t\t\t\t\t\t\t03:45<\/option>\n\t\t\t\t\t\t\t\t\t\t\t\t\t\t\t\t\t\t\t\t<option value=\"04:00\">\n\t\t\t\t\t\t\t\t\t\t\t04:00<\/option>\n\t\t\t\t\t\t\t\t\t\t<option value=\"04:15\">\n\t\t\t\t\t\t\t\t\t\t\t04:15<\/option>\n\t\t\t\t\t\t\t\t\t\t<option value=\"04:30\">\n\t\t\t\t\t\t\t\t\t\t\t04:30<\/option>\n\t\t\t\t\t\t\t\t\t\t<option value=\"04:45\">\n\t\t\t\t\t\t\t\t\t\t\t04:45<\/option>\n\t\t\t\t\t\t\t\t\t\t\t\t\t\t\t\t\t\t\t\t<option value=\"05:00\">\n\t\t\t\t\t\t\t\t\t\t\t05:00<\/option>\n\t\t\t\t\t\t\t\t\t\t<option value=\"05:15\">\n\t\t\t\t\t\t\t\t\t\t\t05:15<\/option>\n\t\t\t\t\t\t\t\t\t\t<option value=\"05:30\">\n\t\t\t\t\t\t\t\t\t\t\t05:30<\/option>\n\t\t\t\t\t\t\t\t\t\t<option value=\"05:45\">\n\t\t\t\t\t\t\t\t\t\t\t05:45<\/option>\n\t\t\t\t\t\t\t\t\t\t\t\t\t\t\t\t\t\t\t\t<option value=\"06:00\">\n\t\t\t\t\t\t\t\t\t\t\t06:00<\/option>\n\t\t\t\t\t\t\t\t\t\t<option value=\"06:15\">\n\t\t\t\t\t\t\t\t\t\t\t06:15<\/option>\n\t\t\t\t\t\t\t\t\t\t<option value=\"06:30\">\n\t\t\t\t\t\t\t\t\t\t\t06:30<\/option>\n\t\t\t\t\t\t\t\t\t\t<option value=\"06:45\">\n\t\t\t\t\t\t\t\t\t\t\t06:45<\/option>\n\t\t\t\t\t\t\t\t\t\t\t\t\t\t\t\t\t\t\t\t<option value=\"07:00\">\n\t\t\t\t\t\t\t\t\t\t\t07:00<\/option>\n\t\t\t\t\t\t\t\t\t\t<option value=\"07:15\">\n\t\t\t\t\t\t\t\t\t\t\t07:15<\/option>\n\t\t\t\t\t\t\t\t\t\t<option value=\"07:30\">\n\t\t\t\t\t\t\t\t\t\t\t07:30<\/option>\n\t\t\t\t\t\t\t\t\t\t<option value=\"07:45\">\n\t\t\t\t\t\t\t\t\t\t\t07:45<\/option>\n\t\t\t\t\t\t\t\t\t\t\t\t\t\t\t\t\t\t\t\t<option value=\"08:00\">\n\t\t\t\t\t\t\t\t\t\t\t08:00<\/option>\n\t\t\t\t\t\t\t\t\t\t<option value=\"08:15\">\n\t\t\t\t\t\t\t\t\t\t\t08:15<\/option>\n\t\t\t\t\t\t\t\t\t\t<option value=\"08:30\">\n\t\t\t\t\t\t\t\t\t\t\t08:30<\/option>\n\t\t\t\t\t\t\t\t\t\t<option value=\"08:45\">\n\t\t\t\t\t\t\t\t\t\t\t08:45<\/option>\n\t\t\t\t\t\t\t\t\t\t\t\t\t\t\t\t\t\t\t\t<option value=\"09:00\">\n\t\t\t\t\t\t\t\t\t\t\t09:00<\/option>\n\t\t\t\t\t\t\t\t\t\t<option value=\"09:15\">\n\t\t\t\t\t\t\t\t\t\t\t09:15<\/option>\n\t\t\t\t\t\t\t\t\t\t<option value=\"09:30\">\n\t\t\t\t\t\t\t\t\t\t\t09:30<\/option>\n\t\t\t\t\t\t\t\t\t\t<option value=\"09:45\">\n\t\t\t\t\t\t\t\t\t\t\t09:45<\/option>\n\t\t\t\t\t\t\t\t\t\t\t\t\t\t\t\t\t\t\t\t<option value=\"10:00\">\n\t\t\t\t\t\t\t\t\t\t\t10:00<\/option>\n\t\t\t\t\t\t\t\t\t\t<option value=\"10:15\">\n\t\t\t\t\t\t\t\t\t\t\t10:15<\/option>\n\t\t\t\t\t\t\t\t\t\t<option value=\"10:30\">\n\t\t\t\t\t\t\t\t\t\t\t10:30<\/option>\n\t\t\t\t\t\t\t\t\t\t<option value=\"10:45\">\n\t\t\t\t\t\t\t\t\t\t\t10:45<\/option>\n\t\t\t\t\t\t\t\t\t\t\t\t\t\t\t\t\t\t\t\t<option value=\"11:00\">\n\t\t\t\t\t\t\t\t\t\t\t11:00<\/option>\n\t\t\t\t\t\t\t\t\t\t<option value=\"11:15\">\n\t\t\t\t\t\t\t\t\t\t\t11:15<\/option>\n\t\t\t\t\t\t\t\t\t\t<option value=\"11:30\">\n\t\t\t\t\t\t\t\t\t\t\t11:30<\/option>\n\t\t\t\t\t\t\t\t\t\t<option value=\"11:45\">\n\t\t\t\t\t\t\t\t\t\t\t11:45<\/option>\n\t\t\t\t\t\t\t\t\t\t\t\t\t\t\t\t\t\t\t\t<option value=\"12:00\">\n\t\t\t\t\t\t\t\t\t\t\t12:00<\/option>\n\t\t\t\t\t\t\t\t\t\t<option value=\"12:15\">\n\t\t\t\t\t\t\t\t\t\t\t12:15<\/option>\n\t\t\t\t\t\t\t\t\t\t<option value=\"12:30\">\n\t\t\t\t\t\t\t\t\t\t\t12:30<\/option>\n\t\t\t\t\t\t\t\t\t\t<option value=\"12:45\">\n\t\t\t\t\t\t\t\t\t\t\t12:45<\/option>\n\t\t\t\t\t\t\t\t\t\t\t\t\t\t\t\t\t\t\t\t<option value=\"13:00\">\n\t\t\t\t\t\t\t\t\t\t\t13:00<\/option>\n\t\t\t\t\t\t\t\t\t\t<option value=\"13:15\">\n\t\t\t\t\t\t\t\t\t\t\t13:15<\/option>\n\t\t\t\t\t\t\t\t\t\t<option value=\"13:30\">\n\t\t\t\t\t\t\t\t\t\t\t13:30<\/option>\n\t\t\t\t\t\t\t\t\t\t<option value=\"13:45\">\n\t\t\t\t\t\t\t\t\t\t\t13:45<\/option>\n\t\t\t\t\t\t\t\t\t\t\t\t\t\t\t\t\t\t\t\t<option value=\"14:00\">\n\t\t\t\t\t\t\t\t\t\t\t14:00<\/option>\n\t\t\t\t\t\t\t\t\t\t<option value=\"14:15\">\n\t\t\t\t\t\t\t\t\t\t\t14:15<\/option>\n\t\t\t\t\t\t\t\t\t\t<option value=\"14:30\">\n\t\t\t\t\t\t\t\t\t\t\t14:30<\/option>\n\t\t\t\t\t\t\t\t\t\t<option value=\"14:45\">\n\t\t\t\t\t\t\t\t\t\t\t14:45<\/option>\n\t\t\t\t\t\t\t\t\t\t\t\t\t\t\t\t\t\t\t\t<option value=\"15:00\">\n\t\t\t\t\t\t\t\t\t\t\t15:00<\/option>\n\t\t\t\t\t\t\t\t\t\t<option value=\"15:15\">\n\t\t\t\t\t\t\t\t\t\t\t15:15<\/option>\n\t\t\t\t\t\t\t\t\t\t<option value=\"15:30\">\n\t\t\t\t\t\t\t\t\t\t\t15:30<\/option>\n\t\t\t\t\t\t\t\t\t\t<option value=\"15:45\">\n\t\t\t\t\t\t\t\t\t\t\t15:45<\/option>\n\t\t\t\t\t\t\t\t\t\t\t\t\t\t\t\t\t\t\t\t<option value=\"16:00\">\n\t\t\t\t\t\t\t\t\t\t\t16:00<\/option>\n\t\t\t\t\t\t\t\t\t\t<option value=\"16:15\">\n\t\t\t\t\t\t\t\t\t\t\t16:15<\/option>\n\t\t\t\t\t\t\t\t\t\t<option value=\"16:30\">\n\t\t\t\t\t\t\t\t\t\t\t16:30<\/option>\n\t\t\t\t\t\t\t\t\t\t<option value=\"16:45\">\n\t\t\t\t\t\t\t\t\t\t\t16:45<\/option>\n\t\t\t\t\t\t\t\t\t\t\t\t\t\t\t\t\t\t\t\t<option value=\"17:00\">\n\t\t\t\t\t\t\t\t\t\t\t17:00<\/option>\n\t\t\t\t\t\t\t\t\t\t<option value=\"17:15\">\n\t\t\t\t\t\t\t\t\t\t\t17:15<\/option>\n\t\t\t\t\t\t\t\t\t\t<option value=\"17:30\">\n\t\t\t\t\t\t\t\t\t\t\t17:30<\/option>\n\t\t\t\t\t\t\t\t\t\t<option value=\"17:45\">\n\t\t\t\t\t\t\t\t\t\t\t17:45<\/option>\n\t\t\t\t\t\t\t\t\t\t\t\t\t\t\t\t\t\t\t\t<option value=\"18:00\">\n\t\t\t\t\t\t\t\t\t\t\t18:00<\/option>\n\t\t\t\t\t\t\t\t\t\t<option value=\"18:15\">\n\t\t\t\t\t\t\t\t\t\t\t18:15<\/option>\n\t\t\t\t\t\t\t\t\t\t<option value=\"18:30\">\n\t\t\t\t\t\t\t\t\t\t\t18:30<\/option>\n\t\t\t\t\t\t\t\t\t\t<option value=\"18:45\">\n\t\t\t\t\t\t\t\t\t\t\t18:45<\/option>\n\t\t\t\t\t\t\t\t\t\t\t\t\t\t\t\t\t\t\t\t<option value=\"19:00\">\n\t\t\t\t\t\t\t\t\t\t\t19:00<\/option>\n\t\t\t\t\t\t\t\t\t\t<option value=\"19:15\">\n\t\t\t\t\t\t\t\t\t\t\t19:15<\/option>\n\t\t\t\t\t\t\t\t\t\t<option value=\"19:30\">\n\t\t\t\t\t\t\t\t\t\t\t19:30<\/option>\n\t\t\t\t\t\t\t\t\t\t<option value=\"19:45\">\n\t\t\t\t\t\t\t\t\t\t\t19:45<\/option>\n\t\t\t\t\t\t\t\t\t\t\t\t\t\t\t\t\t\t\t\t<option value=\"20:00\">\n\t\t\t\t\t\t\t\t\t\t\t20:00<\/option>\n\t\t\t\t\t\t\t\t\t\t<option value=\"20:15\">\n\t\t\t\t\t\t\t\t\t\t\t20:15<\/option>\n\t\t\t\t\t\t\t\t\t\t<option value=\"20:30\">\n\t\t\t\t\t\t\t\t\t\t\t20:30<\/option>\n\t\t\t\t\t\t\t\t\t\t<option value=\"20:45\">\n\t\t\t\t\t\t\t\t\t\t\t20:45<\/option>\n\t\t\t\t\t\t\t\t\t\t\t\t\t\t\t\t\t\t\t\t<option value=\"21:00\">\n\t\t\t\t\t\t\t\t\t\t\t21:00<\/option>\n\t\t\t\t\t\t\t\t\t\t<option value=\"21:15\">\n\t\t\t\t\t\t\t\t\t\t\t21:15<\/option>\n\t\t\t\t\t\t\t\t\t\t<option value=\"21:30\">\n\t\t\t\t\t\t\t\t\t\t\t21:30<\/option>\n\t\t\t\t\t\t\t\t\t\t<option value=\"21:45\">\n\t\t\t\t\t\t\t\t\t\t\t21:45<\/option>\n\t\t\t\t\t\t\t\t\t\t\t\t\t\t\t\t\t\t\t\t<option value=\"22:00\">\n\t\t\t\t\t\t\t\t\t\t\t22:00<\/option>\n\t\t\t\t\t\t\t\t\t\t<option value=\"22:15\">\n\t\t\t\t\t\t\t\t\t\t\t22:15<\/option>\n\t\t\t\t\t\t\t\t\t\t<option value=\"22:30\">\n\t\t\t\t\t\t\t\t\t\t\t22:30<\/option>\n\t\t\t\t\t\t\t\t\t\t<option value=\"22:45\">\n\t\t\t\t\t\t\t\t\t\t\t22:45<\/option>\n\t\t\t\t\t\t\t\t\t\t\t\t\t\t\t\t\t\t\t\t<option value=\"23:00\">\n\t\t\t\t\t\t\t\t\t\t\t23:00<\/option>\n\t\t\t\t\t\t\t\t\t\t<option value=\"23:15\">\n\t\t\t\t\t\t\t\t\t\t\t23:15<\/option>\n\t\t\t\t\t\t\t\t\t\t<option value=\"23:30\">\n\t\t\t\t\t\t\t\t\t\t\t23:30<\/option>\n\t\t\t\t\t\t\t\t\t\t<option value=\"23:45\">\n\t\t\t\t\t\t\t\t\t\t\t23:45<\/option>\n\t\t\t\t\t\t\t\t\t\t\t\t\t\t\t\t\t\t\t<\/select>\n\t\t\t\t\t\t\t\t<\/div>\n\t\t\t\t\t\t\t<\/div>\n\t\t\t\t\t\t<\/div>\n\n\t\t\t\t\t<\/div>\n\t\t\t\t\n\n\t\t\t\t\t\t<div class=\"row\">\n                               <div class=\"col-sm-6\">\n\t\t\t\t\t\t\t\t<div class=\"form-group promo-code\">\n\t\t\t\t\t\t\t\t\t\t\t\t\t\t\t\t\t<label for=\"tipogrupo\" class=\"w-50 text-right pr-3 pt-1\">Group<\/label>\n\t\t\t\t\t\t\t\t\t<select name=\"tipogrupo\" id=\"tipogrupo\" class=\"form-control w-50\">\n\t\t\t\t\t\t\t\t\t<option value=\"0\">Voir tous<\/option>\n\t\t\t                        <option value=\"1\">Standard<\/option> \n\t\t\t\t\t\t\t\t\t<option value=\"2\">Automatique<\/option>  \n\t\t\t\t\t\t\t\t\t<option value=\"4\">Transporteurs<\/option>  \n\t\t\t\t\t\t\t\t\t<option value=\"5\">Cabriolet et Sport<\/option>  \n\t\t\t\t\t\t\t\t\t<option value=\"6\">Prestige<\/option>  \n\t\t\t\t\t\t\t\t\t<option value=\"8\">SUV<\/option>  \n\t\t\t\t\t\t\t\t\t<option value=\"10\">Camping car et Autocaravane<\/option>  \t\t\t\t\t\t\t\n\t\t\t\t\t\t\t\t<\/select>\t\n\t\t\t\t\t\t\t\t\t\n\t\t\t\t\t\t\t<\/div>\n\t\t\t\t\t\t\t<\/div>\n\t\t\t\t\t\t<div class=\"col-sm-6 align-self-end\">\n\t\t\t\t\t\t\t<div class=\"form-group\">\n\t\t\t\t\t\t\t\t<input type=\"submit\" class=\"btn-quote\" value=\"Voir les prix\" onclick=\"return msgAlert()\">\n\t\t\t\t\t\t\t<\/div>\n\t\t\t\t\t\t<\/div>\n\t\t\t\t\t<\/div>\n\t\t\t\t<\/form>\n\t\t\t\t<div class=\"row hide-mini-tablet advantages\">\n\t\t\t\t\t\t<div class=\"col-12\">\n\t\t\t\t\t\t\t<h4 class=\"text-center text-white\">TARIFS IMBATTABLES<\/h4>\n\t\t\t\t\t\t\t<ul>\n\t\t\t\t\t\t\t\t<li><strong>Grande flotte<\/strong> de voitures neuves.<\/li>\n\t\t\t\t\t\t\t\t<li><strong>Payez \u00e0 l'arriv\u00e9e<\/strong>.<\/li>\n\t\t\t\t\t\t\t\t<li>Ce que vous voyez est ce que vous payez.<\/li>\n\t\t\t\t\t\t\t\t<li><strong>Pas difficile \u00e0 vendre au bureau<\/strong>.<\/li>\n\t\t\t\t\t\t\t\t<li>Service de livraison VIP gratuit.<\/li>\n\t\t\t\t\t\t\t\t<li><strong class='redpassion-alt'>PAS DE FRAIS SUPPL\u00c9MENTAIRES<\/strong>, pour le service de ravitaillement.<\/li>\n\t\t\t\t\t\t\t<\/ul>\n\t\t\t\t\t\t<\/div>\n\t\t\t\t\t<\/div>\n\t\t\t\t<\/div>\n\t\t\t<br clear=\"all\">\n\n","protected":false},"excerpt":{"rendered":"<p>Il est clair que ce qui attire le plus la grande majorit\u00e9 des touristes qui viennent visiter la Costa del Sol, ce sont principalement ses plages pendant les mois d&rsquo;\u00e9t\u00e9. C&rsquo;est tr\u00e8s bien, mais toute personne qui s&rsquo;est aventur\u00e9e \u00e0 venir \u00e0 Malaga en dehors des mois de haute saison y retournera in\u00e9vitablement ! C&rsquo;est [&hellip;]<\/p>\n","protected":false},"author":1,"featured_media":651,"comment_status":"open","ping_status":"open","sticky":false,"template":"","format":"standard","meta":{"footnotes":""},"categories":[2],"tags":[],"class_list":["post-648","post","type-post","status-publish","format-standard","has-post-thumbnail","hentry","category-loisirs"],"yoast_head":"<!-- This site is optimized with the Yoast SEO plugin v28.4 - https:\/\/yoast.com\/product\/yoast-seo-wordpress\/ -->\n<title>D\u00e9couvrez les meilleurs points de vue le long de la Costa del Sol<\/title>\n<meta name=\"description\" content=\"D\u00e9couvrez les points de vue le long de la Costa del Sol \u00e0 Malaga, des endroits charmants pour profiter de vues uniques et de nouveaux horizons\" \/>\n<meta name=\"robots\" content=\"index, follow, max-snippet:-1, max-image-preview:large, max-video-preview:-1\" \/>\n<link rel=\"canonical\" href=\"https:\/\/www.malagacar.com\/fr\/blog\/loisirs\/points-de-vue-costa-del-sol\/\" \/>\n<meta property=\"og:locale\" content=\"fr_FR\" \/>\n<meta property=\"og:type\" content=\"article\" \/>\n<meta property=\"og:title\" content=\"D\u00e9couvrez les meilleurs points de vue le long de la Costa del Sol\" \/>\n<meta property=\"og:description\" content=\"D\u00e9couvrez les points de vue le long de la Costa del Sol \u00e0 Malaga, des endroits charmants pour profiter de vues uniques et de nouveaux horizons\" \/>\n<meta property=\"og:url\" content=\"https:\/\/www.malagacar.com\/fr\/blog\/loisirs\/points-de-vue-costa-del-sol\/\" \/>\n<meta property=\"og:site_name\" content=\"Blog de MalagaCar.com\" \/>\n<meta property=\"article:publisher\" content=\"https:\/\/www.facebook.com\/malagacar\" \/>\n<meta property=\"article:published_time\" content=\"2023-09-01T13:47:42+00:00\" \/>\n<meta property=\"article:modified_time\" content=\"2025-10-29T08:13:44+00:00\" \/>\n<meta property=\"og:image\" content=\"https:\/\/www.malagacar.com\/fr\/blog\/wp-content\/uploads\/2023\/09\/nerja-balcon-europa-Nerja-turismo.jpg\" \/>\n\t<meta property=\"og:image:width\" content=\"1200\" \/>\n\t<meta property=\"og:image:height\" content=\"630\" \/>\n\t<meta property=\"og:image:type\" content=\"image\/jpeg\" \/>\n<meta name=\"author\" content=\"MalagaCar.com\" \/>\n<meta name=\"twitter:card\" content=\"summary_large_image\" \/>\n<meta name=\"twitter:creator\" content=\"@malagacarcom\" \/>\n<meta name=\"twitter:site\" content=\"@malagacarcom\" \/>\n<meta name=\"twitter:label1\" content=\"\u00c9crit par\" \/>\n\t<meta name=\"twitter:data1\" content=\"MalagaCar.com\" \/>\n\t<meta name=\"twitter:label2\" content=\"Dur\u00e9e de lecture estim\u00e9e\" \/>\n\t<meta name=\"twitter:data2\" content=\"13 minutes\" \/>\n<script type=\"application\/ld+json\" class=\"yoast-schema-graph\">{\"@context\":\"https:\\\/\\\/schema.org\",\"@graph\":[{\"@type\":\"Article\",\"@id\":\"https:\\\/\\\/www.malagacar.com\\\/fr\\\/blog\\\/loisirs\\\/points-de-vue-costa-del-sol\\\/#article\",\"isPartOf\":{\"@id\":\"https:\\\/\\\/www.malagacar.com\\\/fr\\\/blog\\\/loisirs\\\/points-de-vue-costa-del-sol\\\/\"},\"author\":{\"name\":\"MalagaCar.com\",\"@id\":\"https:\\\/\\\/www.malagacar.com\\\/fr\\\/blog\\\/#\\\/schema\\\/person\\\/ffb97005d02bcc7d0bb59f5409635691\"},\"headline\":\"D\u00e9couvrez les meilleurs points de vue le long de la Costa del Sol\",\"datePublished\":\"2023-09-01T13:47:42+00:00\",\"dateModified\":\"2025-10-29T08:13:44+00:00\",\"mainEntityOfPage\":{\"@id\":\"https:\\\/\\\/www.malagacar.com\\\/fr\\\/blog\\\/loisirs\\\/points-de-vue-costa-del-sol\\\/\"},\"wordCount\":1824,\"commentCount\":0,\"publisher\":{\"@id\":\"https:\\\/\\\/www.malagacar.com\\\/fr\\\/blog\\\/#organization\"},\"image\":{\"@id\":\"https:\\\/\\\/www.malagacar.com\\\/fr\\\/blog\\\/loisirs\\\/points-de-vue-costa-del-sol\\\/#primaryimage\"},\"thumbnailUrl\":\"https:\\\/\\\/www.malagacar.com\\\/fr\\\/blog\\\/wp-content\\\/uploads\\\/2023\\\/09\\\/nerja-balcon-europa-Nerja-turismo.jpg\",\"articleSection\":[\"Loisirs\"],\"inLanguage\":\"fr-FR\",\"potentialAction\":[{\"@type\":\"CommentAction\",\"name\":\"Comment\",\"target\":[\"https:\\\/\\\/www.malagacar.com\\\/fr\\\/blog\\\/loisirs\\\/points-de-vue-costa-del-sol\\\/#respond\"]}]},{\"@type\":\"WebPage\",\"@id\":\"https:\\\/\\\/www.malagacar.com\\\/fr\\\/blog\\\/loisirs\\\/points-de-vue-costa-del-sol\\\/\",\"url\":\"https:\\\/\\\/www.malagacar.com\\\/fr\\\/blog\\\/loisirs\\\/points-de-vue-costa-del-sol\\\/\",\"name\":\"D\u00e9couvrez les meilleurs points de vue le long de la Costa del Sol\",\"isPartOf\":{\"@id\":\"https:\\\/\\\/www.malagacar.com\\\/fr\\\/blog\\\/#website\"},\"primaryImageOfPage\":{\"@id\":\"https:\\\/\\\/www.malagacar.com\\\/fr\\\/blog\\\/loisirs\\\/points-de-vue-costa-del-sol\\\/#primaryimage\"},\"image\":{\"@id\":\"https:\\\/\\\/www.malagacar.com\\\/fr\\\/blog\\\/loisirs\\\/points-de-vue-costa-del-sol\\\/#primaryimage\"},\"thumbnailUrl\":\"https:\\\/\\\/www.malagacar.com\\\/fr\\\/blog\\\/wp-content\\\/uploads\\\/2023\\\/09\\\/nerja-balcon-europa-Nerja-turismo.jpg\",\"datePublished\":\"2023-09-01T13:47:42+00:00\",\"dateModified\":\"2025-10-29T08:13:44+00:00\",\"description\":\"D\u00e9couvrez les points de vue le long de la Costa del Sol \u00e0 Malaga, des endroits charmants pour profiter de vues uniques et de nouveaux horizons\",\"breadcrumb\":{\"@id\":\"https:\\\/\\\/www.malagacar.com\\\/fr\\\/blog\\\/loisirs\\\/points-de-vue-costa-del-sol\\\/#breadcrumb\"},\"inLanguage\":\"fr-FR\",\"potentialAction\":[{\"@type\":\"ReadAction\",\"target\":[\"https:\\\/\\\/www.malagacar.com\\\/fr\\\/blog\\\/loisirs\\\/points-de-vue-costa-del-sol\\\/\"]}]},{\"@type\":\"ImageObject\",\"inLanguage\":\"fr-FR\",\"@id\":\"https:\\\/\\\/www.malagacar.com\\\/fr\\\/blog\\\/loisirs\\\/points-de-vue-costa-del-sol\\\/#primaryimage\",\"url\":\"https:\\\/\\\/www.malagacar.com\\\/fr\\\/blog\\\/wp-content\\\/uploads\\\/2023\\\/09\\\/nerja-balcon-europa-Nerja-turismo.jpg\",\"contentUrl\":\"https:\\\/\\\/www.malagacar.com\\\/fr\\\/blog\\\/wp-content\\\/uploads\\\/2023\\\/09\\\/nerja-balcon-europa-Nerja-turismo.jpg\",\"width\":1200,\"height\":630,\"caption\":\"Nerja Balcon de Europa\"},{\"@type\":\"BreadcrumbList\",\"@id\":\"https:\\\/\\\/www.malagacar.com\\\/fr\\\/blog\\\/loisirs\\\/points-de-vue-costa-del-sol\\\/#breadcrumb\",\"itemListElement\":[{\"@type\":\"ListItem\",\"position\":1,\"name\":\"Accueil\",\"item\":\"https:\\\/\\\/www.malagacar.com\\\/fr\\\/blog\\\/\"},{\"@type\":\"ListItem\",\"position\":2,\"name\":\"D\u00e9couvrez les meilleurs points de vue le long de la Costa del Sol\"}]},{\"@type\":\"WebSite\",\"@id\":\"https:\\\/\\\/www.malagacar.com\\\/fr\\\/blog\\\/#website\",\"url\":\"https:\\\/\\\/www.malagacar.com\\\/fr\\\/blog\\\/\",\"name\":\"Blog de MalagaCar.com\",\"description\":\"Nouvelles et informations int\u00e9ressantes sur la location de voitures \u00e0 l&#039;a\u00e9roport de Malaga.\",\"publisher\":{\"@id\":\"https:\\\/\\\/www.malagacar.com\\\/fr\\\/blog\\\/#organization\"},\"potentialAction\":[{\"@type\":\"SearchAction\",\"target\":{\"@type\":\"EntryPoint\",\"urlTemplate\":\"https:\\\/\\\/www.malagacar.com\\\/fr\\\/blog\\\/?s={search_term_string}\"},\"query-input\":{\"@type\":\"PropertyValueSpecification\",\"valueRequired\":true,\"valueName\":\"search_term_string\"}}],\"inLanguage\":\"fr-FR\"},{\"@type\":\"Organization\",\"@id\":\"https:\\\/\\\/www.malagacar.com\\\/fr\\\/blog\\\/#organization\",\"name\":\"MalagaCar.com\",\"url\":\"https:\\\/\\\/www.malagacar.com\\\/fr\\\/blog\\\/\",\"logo\":{\"@type\":\"ImageObject\",\"inLanguage\":\"fr-FR\",\"@id\":\"https:\\\/\\\/www.malagacar.com\\\/fr\\\/blog\\\/#\\\/schema\\\/logo\\\/image\\\/\",\"url\":\"https:\\\/\\\/www.malagacar.com\\\/fr\\\/blog\\\/wp-content\\\/uploads\\\/2021\\\/06\\\/logo-malagacar-social.png\",\"contentUrl\":\"https:\\\/\\\/www.malagacar.com\\\/fr\\\/blog\\\/wp-content\\\/uploads\\\/2021\\\/06\\\/logo-malagacar-social.png\",\"width\":900,\"height\":900,\"caption\":\"MalagaCar.com\"},\"image\":{\"@id\":\"https:\\\/\\\/www.malagacar.com\\\/fr\\\/blog\\\/#\\\/schema\\\/logo\\\/image\\\/\"},\"sameAs\":[\"https:\\\/\\\/www.facebook.com\\\/malagacar\",\"https:\\\/\\\/x.com\\\/malagacarcom\",\"https:\\\/\\\/www.instagram.com\\\/malagacar\\\/\",\"https:\\\/\\\/www.linkedin.com\\\/company\\\/malagacar.com\",\"https:\\\/\\\/www.youtube.com\\\/c\\\/MalagacarAirport\"]},{\"@type\":\"Person\",\"@id\":\"https:\\\/\\\/www.malagacar.com\\\/fr\\\/blog\\\/#\\\/schema\\\/person\\\/ffb97005d02bcc7d0bb59f5409635691\",\"name\":\"MalagaCar.com\",\"image\":{\"@type\":\"ImageObject\",\"inLanguage\":\"fr-FR\",\"@id\":\"https:\\\/\\\/secure.gravatar.com\\\/avatar\\\/296ebc31026e7be05868369e4c596b3239b1582b2fcf8a45de57333e2e82bb82?s=96&d=mm&r=g\",\"url\":\"https:\\\/\\\/secure.gravatar.com\\\/avatar\\\/296ebc31026e7be05868369e4c596b3239b1582b2fcf8a45de57333e2e82bb82?s=96&d=mm&r=g\",\"contentUrl\":\"https:\\\/\\\/secure.gravatar.com\\\/avatar\\\/296ebc31026e7be05868369e4c596b3239b1582b2fcf8a45de57333e2e82bb82?s=96&d=mm&r=g\",\"caption\":\"MalagaCar.com\"},\"sameAs\":[\"https:\\\/\\\/www.malagacar.com\\\/fr\\\/blog\"]}]}<\/script>\n<!-- \/ Yoast SEO plugin. -->","yoast_head_json":{"title":"D\u00e9couvrez les meilleurs points de vue le long de la Costa del Sol","description":"D\u00e9couvrez les points de vue le long de la Costa del Sol \u00e0 Malaga, des endroits charmants pour profiter de vues uniques et de nouveaux horizons","robots":{"index":"index","follow":"follow","max-snippet":"max-snippet:-1","max-image-preview":"max-image-preview:large","max-video-preview":"max-video-preview:-1"},"canonical":"https:\/\/www.malagacar.com\/fr\/blog\/loisirs\/points-de-vue-costa-del-sol\/","og_locale":"fr_FR","og_type":"article","og_title":"D\u00e9couvrez les meilleurs points de vue le long de la Costa del Sol","og_description":"D\u00e9couvrez les points de vue le long de la Costa del Sol \u00e0 Malaga, des endroits charmants pour profiter de vues uniques et de nouveaux horizons","og_url":"https:\/\/www.malagacar.com\/fr\/blog\/loisirs\/points-de-vue-costa-del-sol\/","og_site_name":"Blog de MalagaCar.com","article_publisher":"https:\/\/www.facebook.com\/malagacar","article_published_time":"2023-09-01T13:47:42+00:00","article_modified_time":"2025-10-29T08:13:44+00:00","og_image":[{"width":1200,"height":630,"url":"https:\/\/www.malagacar.com\/fr\/blog\/wp-content\/uploads\/2023\/09\/nerja-balcon-europa-Nerja-turismo.jpg","type":"image\/jpeg"}],"author":"MalagaCar.com","twitter_card":"summary_large_image","twitter_creator":"@malagacarcom","twitter_site":"@malagacarcom","twitter_misc":{"\u00c9crit par":"MalagaCar.com","Dur\u00e9e de lecture estim\u00e9e":"13 minutes"},"schema":{"@context":"https:\/\/schema.org","@graph":[{"@type":"Article","@id":"https:\/\/www.malagacar.com\/fr\/blog\/loisirs\/points-de-vue-costa-del-sol\/#article","isPartOf":{"@id":"https:\/\/www.malagacar.com\/fr\/blog\/loisirs\/points-de-vue-costa-del-sol\/"},"author":{"name":"MalagaCar.com","@id":"https:\/\/www.malagacar.com\/fr\/blog\/#\/schema\/person\/ffb97005d02bcc7d0bb59f5409635691"},"headline":"D\u00e9couvrez les meilleurs points de vue le long de la Costa del Sol","datePublished":"2023-09-01T13:47:42+00:00","dateModified":"2025-10-29T08:13:44+00:00","mainEntityOfPage":{"@id":"https:\/\/www.malagacar.com\/fr\/blog\/loisirs\/points-de-vue-costa-del-sol\/"},"wordCount":1824,"commentCount":0,"publisher":{"@id":"https:\/\/www.malagacar.com\/fr\/blog\/#organization"},"image":{"@id":"https:\/\/www.malagacar.com\/fr\/blog\/loisirs\/points-de-vue-costa-del-sol\/#primaryimage"},"thumbnailUrl":"https:\/\/www.malagacar.com\/fr\/blog\/wp-content\/uploads\/2023\/09\/nerja-balcon-europa-Nerja-turismo.jpg","articleSection":["Loisirs"],"inLanguage":"fr-FR","potentialAction":[{"@type":"CommentAction","name":"Comment","target":["https:\/\/www.malagacar.com\/fr\/blog\/loisirs\/points-de-vue-costa-del-sol\/#respond"]}]},{"@type":"WebPage","@id":"https:\/\/www.malagacar.com\/fr\/blog\/loisirs\/points-de-vue-costa-del-sol\/","url":"https:\/\/www.malagacar.com\/fr\/blog\/loisirs\/points-de-vue-costa-del-sol\/","name":"D\u00e9couvrez les meilleurs points de vue le long de la Costa del Sol","isPartOf":{"@id":"https:\/\/www.malagacar.com\/fr\/blog\/#website"},"primaryImageOfPage":{"@id":"https:\/\/www.malagacar.com\/fr\/blog\/loisirs\/points-de-vue-costa-del-sol\/#primaryimage"},"image":{"@id":"https:\/\/www.malagacar.com\/fr\/blog\/loisirs\/points-de-vue-costa-del-sol\/#primaryimage"},"thumbnailUrl":"https:\/\/www.malagacar.com\/fr\/blog\/wp-content\/uploads\/2023\/09\/nerja-balcon-europa-Nerja-turismo.jpg","datePublished":"2023-09-01T13:47:42+00:00","dateModified":"2025-10-29T08:13:44+00:00","description":"D\u00e9couvrez les points de vue le long de la Costa del Sol \u00e0 Malaga, des endroits charmants pour profiter de vues uniques et de nouveaux horizons","breadcrumb":{"@id":"https:\/\/www.malagacar.com\/fr\/blog\/loisirs\/points-de-vue-costa-del-sol\/#breadcrumb"},"inLanguage":"fr-FR","potentialAction":[{"@type":"ReadAction","target":["https:\/\/www.malagacar.com\/fr\/blog\/loisirs\/points-de-vue-costa-del-sol\/"]}]},{"@type":"ImageObject","inLanguage":"fr-FR","@id":"https:\/\/www.malagacar.com\/fr\/blog\/loisirs\/points-de-vue-costa-del-sol\/#primaryimage","url":"https:\/\/www.malagacar.com\/fr\/blog\/wp-content\/uploads\/2023\/09\/nerja-balcon-europa-Nerja-turismo.jpg","contentUrl":"https:\/\/www.malagacar.com\/fr\/blog\/wp-content\/uploads\/2023\/09\/nerja-balcon-europa-Nerja-turismo.jpg","width":1200,"height":630,"caption":"Nerja Balcon de Europa"},{"@type":"BreadcrumbList","@id":"https:\/\/www.malagacar.com\/fr\/blog\/loisirs\/points-de-vue-costa-del-sol\/#breadcrumb","itemListElement":[{"@type":"ListItem","position":1,"name":"Accueil","item":"https:\/\/www.malagacar.com\/fr\/blog\/"},{"@type":"ListItem","position":2,"name":"D\u00e9couvrez les meilleurs points de vue le long de la Costa del Sol"}]},{"@type":"WebSite","@id":"https:\/\/www.malagacar.com\/fr\/blog\/#website","url":"https:\/\/www.malagacar.com\/fr\/blog\/","name":"Blog de MalagaCar.com","description":"Nouvelles et informations int\u00e9ressantes sur la location de voitures \u00e0 l&#039;a\u00e9roport de Malaga.","publisher":{"@id":"https:\/\/www.malagacar.com\/fr\/blog\/#organization"},"potentialAction":[{"@type":"SearchAction","target":{"@type":"EntryPoint","urlTemplate":"https:\/\/www.malagacar.com\/fr\/blog\/?s={search_term_string}"},"query-input":{"@type":"PropertyValueSpecification","valueRequired":true,"valueName":"search_term_string"}}],"inLanguage":"fr-FR"},{"@type":"Organization","@id":"https:\/\/www.malagacar.com\/fr\/blog\/#organization","name":"MalagaCar.com","url":"https:\/\/www.malagacar.com\/fr\/blog\/","logo":{"@type":"ImageObject","inLanguage":"fr-FR","@id":"https:\/\/www.malagacar.com\/fr\/blog\/#\/schema\/logo\/image\/","url":"https:\/\/www.malagacar.com\/fr\/blog\/wp-content\/uploads\/2021\/06\/logo-malagacar-social.png","contentUrl":"https:\/\/www.malagacar.com\/fr\/blog\/wp-content\/uploads\/2021\/06\/logo-malagacar-social.png","width":900,"height":900,"caption":"MalagaCar.com"},"image":{"@id":"https:\/\/www.malagacar.com\/fr\/blog\/#\/schema\/logo\/image\/"},"sameAs":["https:\/\/www.facebook.com\/malagacar","https:\/\/x.com\/malagacarcom","https:\/\/www.instagram.com\/malagacar\/","https:\/\/www.linkedin.com\/company\/malagacar.com","https:\/\/www.youtube.com\/c\/MalagacarAirport"]},{"@type":"Person","@id":"https:\/\/www.malagacar.com\/fr\/blog\/#\/schema\/person\/ffb97005d02bcc7d0bb59f5409635691","name":"MalagaCar.com","image":{"@type":"ImageObject","inLanguage":"fr-FR","@id":"https:\/\/secure.gravatar.com\/avatar\/296ebc31026e7be05868369e4c596b3239b1582b2fcf8a45de57333e2e82bb82?s=96&d=mm&r=g","url":"https:\/\/secure.gravatar.com\/avatar\/296ebc31026e7be05868369e4c596b3239b1582b2fcf8a45de57333e2e82bb82?s=96&d=mm&r=g","contentUrl":"https:\/\/secure.gravatar.com\/avatar\/296ebc31026e7be05868369e4c596b3239b1582b2fcf8a45de57333e2e82bb82?s=96&d=mm&r=g","caption":"MalagaCar.com"},"sameAs":["https:\/\/www.malagacar.com\/fr\/blog"]}]}},"_links":{"self":[{"href":"https:\/\/www.malagacar.com\/fr\/blog\/wp-json\/wp\/v2\/posts\/648","targetHints":{"allow":["GET"]}}],"collection":[{"href":"https:\/\/www.malagacar.com\/fr\/blog\/wp-json\/wp\/v2\/posts"}],"about":[{"href":"https:\/\/www.malagacar.com\/fr\/blog\/wp-json\/wp\/v2\/types\/post"}],"author":[{"embeddable":true,"href":"https:\/\/www.malagacar.com\/fr\/blog\/wp-json\/wp\/v2\/users\/1"}],"replies":[{"embeddable":true,"href":"https:\/\/www.malagacar.com\/fr\/blog\/wp-json\/wp\/v2\/comments?post=648"}],"version-history":[{"count":3,"href":"https:\/\/www.malagacar.com\/fr\/blog\/wp-json\/wp\/v2\/posts\/648\/revisions"}],"predecessor-version":[{"id":2988,"href":"https:\/\/www.malagacar.com\/fr\/blog\/wp-json\/wp\/v2\/posts\/648\/revisions\/2988"}],"wp:featuredmedia":[{"embeddable":true,"href":"https:\/\/www.malagacar.com\/fr\/blog\/wp-json\/wp\/v2\/media\/651"}],"wp:attachment":[{"href":"https:\/\/www.malagacar.com\/fr\/blog\/wp-json\/wp\/v2\/media?parent=648"}],"wp:term":[{"taxonomy":"category","embeddable":true,"href":"https:\/\/www.malagacar.com\/fr\/blog\/wp-json\/wp\/v2\/categories?post=648"},{"taxonomy":"post_tag","embeddable":true,"href":"https:\/\/www.malagacar.com\/fr\/blog\/wp-json\/wp\/v2\/tags?post=648"}],"curies":[{"name":"wp","href":"https:\/\/api.w.org\/{rel}","templated":true}]}}