{"id":674,"date":"2025-09-19T12:10:50","date_gmt":"2025-09-19T10:10:50","guid":{"rendered":"https:\/\/www.malagacar.com\/fr\/blog\/?p=674"},"modified":"2025-09-19T12:10:15","modified_gmt":"2025-09-19T10:10:15","slug":"foire-de-fuengirola","status":"publish","type":"post","link":"https:\/\/www.malagacar.com\/fr\/blog\/loisirs\/foire-de-fuengirola\/","title":{"rendered":"Foire de Fuengirola en octobre 2025"},"content":{"rendered":"<p>La Foire du Rosario a lieu chaque ann\u00e9e en octobre en l&rsquo;honneur de la patronne de Fuengirola.<\/p>\n<p>Cette foire, aux c\u00f4t\u00e9s de la <a href=\"https:\/\/www.malagacar.com\/fr\/blog\/loisirs\/foire-de-malaga\/\" data-wpel-link=\"internal\"><strong>Foire de Malaga<\/strong><\/a>, est l&rsquo;une des plus remarquables d&rsquo;Andalousie.<\/p>\n<p>Elle se caract\u00e9rise par sa grande typicit\u00e9 et son caract\u00e8re profond\u00e9ment andalou. Les chevaux et les magnifiques cal\u00e8ches d\u00e9cor\u00e9es qui d\u00e9filent dans la ville en sont les principales attractions.<br \/>\n<!--more--><\/p>\n\n            <div class=\"banner\">\n                <div class=\"row\">\n                    <div class=\"col-sm-4\">\n                        <a href=\"\/fr\/location-de-voitures\/quote.php\" data-wpel-link=\"internal\"><img decoding=\"async\" src=\"\/images\/banner-img.jpg\" alt=\"malagacar.com\"><\/a>\n                    <\/div>\n                    <div class=\"col-sm-8\">\n                      <a href=\"\/fr\/location-de-voitures\/quote.php\" class=\"banner-title\" data-wpel-link=\"internal\">Meilleure location de voitures <div>\u00e0 l'a\u00e9roport de Malaga<\/div><\/a>   \n                        <div class=\"row\">\n                            <div class=\"col-sm-7\">\n                                <ul>\n                                    <li>Pas de frais de ravitaillement<\/li>\n                                    <li>Annulation gratuite<\/li>\n                                    <li>Location sans interm\u00e9diaire<\/li>\n                                    <li>Payez lorsque vous prenez la voiture<\/li>\n                                    <li><\/li>\n                                <\/ul>\n                            <\/div>\n                            <div class=\"col-sm-5\">\n                                <a class=\"btn-banner\" href=\"\/fr\/location-de-voitures\/quote.php\" data-wpel-link=\"internal\">Consultez les prix<\/a>\n                                <img decoding=\"async\" class=\"zonturent\" src=\"\/images\/zontu-banner.png\" alt=\"\">\n                            <\/div>\n                        <\/div>\n                    <\/div>\n                 <\/div>  \n            <\/div>\n            \n<div id=\"ez-toc-container\" class=\"ez-toc-v2_0_87 counter-hierarchy ez-toc-counter ez-toc-light-blue ez-toc-container-direction\">\n<p class=\"ez-toc-title\" style=\"cursor:inherit\">Table des mati\u00e8res<\/p>\n<label for=\"ez-toc-cssicon-toggle-item-6a9a3e1f86a3c\" class=\"ez-toc-cssicon-toggle-label\"><span class=\"\"><span class=\"eztoc-hide\" style=\"display:none;\">Toggle<\/span><span class=\"ez-toc-icon-toggle-span\"><svg style=\"fill: #999;color:#999\" xmlns=\"http:\/\/www.w3.org\/2000\/svg\" class=\"list-377408\" width=\"20px\" height=\"20px\" viewBox=\"0 0 24 24\" fill=\"none\"><path d=\"M6 6H4v2h2V6zm14 0H8v2h12V6zM4 11h2v2H4v-2zm16 0H8v2h12v-2zM4 16h2v2H4v-2zm16 0H8v2h12v-2z\" fill=\"currentColor\"><\/path><\/svg><svg style=\"fill: #999;color:#999\" class=\"arrow-unsorted-368013\" xmlns=\"http:\/\/www.w3.org\/2000\/svg\" width=\"10px\" height=\"10px\" viewBox=\"0 0 24 24\" version=\"1.2\" baseProfile=\"tiny\"><path d=\"M18.2 9.3l-6.2-6.3-6.2 6.3c-.2.2-.3.4-.3.7s.1.5.3.7c.2.2.4.3.7.3h11c.3 0 .5-.1.7-.3.2-.2.3-.5.3-.7s-.1-.5-.3-.7zM5.8 14.7l6.2 6.3 6.2-6.3c.2-.2.3-.5.3-.7s-.1-.5-.3-.7c-.2-.2-.4-.3-.7-.3h-11c-.3 0-.5.1-.7.3-.2.2-.3.5-.3.7s.1.5.3.7z\"\/><\/svg><\/span><\/span><\/label><input type=\"checkbox\"  id=\"ez-toc-cssicon-toggle-item-6a9a3e1f86a3c\"  aria-label=\"Toggle\" \/><nav><ul class='ez-toc-list ez-toc-list-level-1 ' ><li class='ez-toc-page-1 ez-toc-heading-level-2'><a class=\"ez-toc-link ez-toc-heading-1\" href=\"https:\/\/www.malagacar.com\/fr\/blog\/loisirs\/foire-de-fuengirola\/#Pelerinage_en_lhonneur_de_la_Virgen_del_Rosario\" data-wpel-link=\"internal\">P\u00e8lerinage en l&rsquo;honneur de la Virgen del Rosario<\/a><ul class='ez-toc-list-level-3' ><li class='ez-toc-heading-level-3'><a class=\"ez-toc-link ez-toc-heading-2\" href=\"https:\/\/www.malagacar.com\/fr\/blog\/loisirs\/foire-de-fuengirola\/#Bus_gratuit_vers_le_pelerinage\" data-wpel-link=\"internal\">Bus gratuit vers le p\u00e8lerinage<\/a><\/li><\/ul><\/li><li class='ez-toc-page-1 ez-toc-heading-level-2'><a class=\"ez-toc-link ez-toc-heading-3\" href=\"https:\/\/www.malagacar.com\/fr\/blog\/loisirs\/foire-de-fuengirola\/#Quand_a_lieu_la_Foire_de_Fuengirola_2025\" data-wpel-link=\"internal\">Quand a lieu la Foire de Fuengirola 2025<\/a><\/li><li class='ez-toc-page-1 ez-toc-heading-level-2'><a class=\"ez-toc-link ez-toc-heading-4\" href=\"https:\/\/www.malagacar.com\/fr\/blog\/loisirs\/foire-de-fuengirola\/#Ou_se_deroule_la_Foire_de_Fuengirola\" data-wpel-link=\"internal\">O\u00f9 se d\u00e9roule la Foire de Fuengirola<\/a><\/li><li class='ez-toc-page-1 ez-toc-heading-level-2'><a class=\"ez-toc-link ez-toc-heading-5\" href=\"https:\/\/www.malagacar.com\/fr\/blog\/loisirs\/foire-de-fuengirola\/#Notre_Conseil\" data-wpel-link=\"internal\">Notre Conseil<\/a><\/li><li class='ez-toc-page-1 ez-toc-heading-level-2'><a class=\"ez-toc-link ez-toc-heading-6\" href=\"https:\/\/www.malagacar.com\/fr\/blog\/loisirs\/foire-de-fuengirola\/#Programme_de_la_Foire_de_Fuengirola_2025\" data-wpel-link=\"internal\">Programme de la Foire de Fuengirola 2025<\/a><ul class='ez-toc-list-level-3' ><li class='ez-toc-heading-level-3'><a class=\"ez-toc-link ez-toc-heading-7\" href=\"https:\/\/www.malagacar.com\/fr\/blog\/loisirs\/foire-de-fuengirola\/#Concerts_spectacles\" data-wpel-link=\"internal\">Concerts &amp; spectacles<\/a><\/li><li class='ez-toc-page-1 ez-toc-heading-level-3'><a class=\"ez-toc-link ez-toc-heading-8\" href=\"https:\/\/www.malagacar.com\/fr\/blog\/loisirs\/foire-de-fuengirola\/#Procession_de_la_Virgen_del_Rosario\" data-wpel-link=\"internal\">Procession de la Virgen del Rosario<\/a><\/li><\/ul><\/li><li class='ez-toc-page-1 ez-toc-heading-level-2'><a class=\"ez-toc-link ez-toc-heading-9\" href=\"https:\/\/www.malagacar.com\/fr\/blog\/loisirs\/foire-de-fuengirola\/#Que_porter_pour_la_Foire\" data-wpel-link=\"internal\">Que porter pour la Foire<\/a><\/li><\/ul><\/nav><\/div>\n<h2><span class=\"ez-toc-section\" id=\"Pelerinage_en_lhonneur_de_la_Virgen_del_Rosario\"><\/span>P\u00e8lerinage en l&rsquo;honneur de la Virgen del Rosario<span class=\"ez-toc-section-end\"><\/span><\/h2>\n<figure id=\"attachment_14575\" aria-describedby=\"caption-attachment-14575\" style=\"width: 612px\" class=\"wp-caption alignnone\"><img loading=\"lazy\" decoding=\"async\" class=\"wp-image-14575 size-full\" src=\"https:\/\/www.malagacar.com\/sp\/blog\/wp-content\/uploads\/2023\/10\/Romeria-Fuengirola-@feriasyfiestasdefuengirola.jpg\" alt=\"P\u00e8lerinage Fuengirola \" width=\"612\" height=\"414\" \/><figcaption id=\"caption-attachment-14575\" class=\"wp-caption-text\">P\u00e8lerinage en l&rsquo;honneur de la Virgen del Rosario. Photo @feriasyfiestasdefuengirola<\/figcaption><\/figure>\n<p>Le <em><strong>dimanche pr\u00e9c\u00e9dant le d\u00e9but de la foire<\/strong><\/em>, une procession populaire en l&rsquo;honneur de la Vierge du Rosaire a lieu.<\/p>\n<p>Il s&rsquo;agit d&rsquo;un <em><strong>p\u00e8lerinage urbain<\/strong><\/em> depuis le centre-ville jusqu&rsquo;au parc El Esparragal, \u00e0 Mijas.<\/p>\n<p>Cette journ\u00e9e commence \u00e0 10 heures avec la messe traditionnelle \u00e0 la Paroisse du Rosaire.<\/p>\n<p>Apr\u00e8s la messe, la procession part de la Plaza de la Constituci\u00f3n. Parcourt l&rsquo;avenue Condes de San Isidro, Hermanos Pinz\u00f3n, l&rsquo;avenue de Mijas (jusqu&rsquo;\u00e0 la limite de la commune de la localit\u00e9 voisine). Le chemin de Campanales, le chemin de Co\u00edn et le long de la rivi\u00e8re Fuengirola jusqu&rsquo;au parc El Esparragal.<\/p>\n<p><iframe loading=\"lazy\" src=\"https:\/\/www.google.com\/maps\/d\/embed?mid=1jb7owTI7b-mXZWIHopr5crhjhOoROKQ&amp;ehbc=2E312F\" width=\"640\" height=\"480\"><\/iframe><\/p>\n<p>Il n&rsquo;est pas permis de faire des feux ou des barbecues. Mais il y aura un bar avec boissons et gastronomie.<\/p>\n<p>\u00c0 El Esparragal, en fin d&rsquo;apr\u00e8s-midi, il y a g\u00e9n\u00e9ralement plusieurs spectacles musicaux en direct.<\/p>\n<h3><span class=\"ez-toc-section\" id=\"Bus_gratuit_vers_le_pelerinage\"><\/span>Bus gratuit vers le p\u00e8lerinage<span class=\"ez-toc-section-end\"><\/span><\/h3>\n<p>La mairie de Fuengirola propose un service de bus gratuit vers le parc El Esparragal. Il part du centre-ville toutes les 30 minutes, de 09h30 \u00e0 22h30 \u00e0 l&rsquo;aller ; et au retour, de 10h \u00e0 23h.<\/p>\n<ul>\n<li>Bus de Fuengirola \u00e0 Mijas : Avenida Condes de San Isidro (Pasaje Camboria \u2013 Plaza Reyes Cat\u00f3licos \u2013 Ayuntamiento \u2013 Polic\u00eda Nacional), Avenida Santa Amalia (en face de la Mosqu\u00e9e), Paseo de Poniente (en face de l&rsquo;agence immobili\u00e8re Skandia) et parc El Esparragal.<\/li>\n<li>Bus d&rsquo;El Esparragal au centre de Fuengirola : El Esparragal, Avenida Santa Amalia (Mosqu\u00e9e), Avenida Condes de San Isidro (en face de la Polic\u00eda Nacional &#8211; en face de la Polic\u00eda Local &#8211; Lepanto), Avenida Mat\u00edas S\u00e1enz de Teajada (Moreno Rivera) et Avenida Condes de San Isidro (Pasaje Camboria).<\/li>\n<\/ul>\n<h2><span class=\"ez-toc-section\" id=\"Quand_a_lieu_la_Foire_de_Fuengirola_2025\"><\/span>Quand a lieu la Foire de Fuengirola 2025<span class=\"ez-toc-section-end\"><\/span><\/h2>\n<p>En 2025, la Foire du Rosaire se d\u00e9roule du 6 au 12 octobre. Le jour le plus important de cette f\u00eate est le 7 octobre, lors de la procession de la Vierge du Rosaire.<\/p>\n<p>Ce jour-l\u00e0 est un jour f\u00e9ri\u00e9 local \u00e0 Fuengirola (et en parlant de jours f\u00e9ri\u00e9s, le 12 octobre est un jour f\u00e9ri\u00e9 national).<\/p>\n<p>Cette ann\u00e9e, la Journ\u00e9e du patrimoine hispanique, le 12 octobre, tombe un dimanche\u00a0; elle a donc \u00e9t\u00e9 report\u00e9e au lundi 13\u00a0octobre. Cela permettra de profiter plus longtemps des stands lors de la derni\u00e8re soir\u00e9e de la foire.<\/p>\n<h2><span class=\"ez-toc-section\" id=\"Ou_se_deroule_la_Foire_de_Fuengirola\"><\/span>O\u00f9 se d\u00e9roule la Foire de Fuengirola<span class=\"ez-toc-section-end\"><\/span><\/h2>\n<p>Pendant ces jours, une atmosph\u00e8re festive r\u00e8gne dans toute la ville, que ce soit dans ses rues et places du centre-ville ou dans le parc des expositions.<\/p>\n<p>En fait, de nombreux habitants prennent une semaine de cong\u00e9 pour profiter pleinement de cette f\u00eate.<\/p>\n<figure id=\"attachment_14576\" aria-describedby=\"caption-attachment-14576\" style=\"width: 1024px\" class=\"wp-caption alignnone\"><img loading=\"lazy\" decoding=\"async\" class=\"wp-image-14576 size-full\" src=\"https:\/\/www.malagacar.com\/sp\/blog\/wp-content\/uploads\/2023\/10\/caruajes-tipicos-@feriasyfiestasdefuengirola.jpg\" alt=\"Des cal\u00e8ches \u00e0 Fuengirola.\" width=\"1024\" height=\"768\" \/><figcaption id=\"caption-attachment-14576\" class=\"wp-caption-text\">Photo @feriasyfiestasdefuengirola<\/figcaption><\/figure>\n<p>Il y a de la danse, du chant, des activit\u00e9s \u00e9questres, des d\u00e9monstrations attel\u00e9es de chevaux, de la musique live et bien s\u00fbr toutes sortes d&rsquo;attractions pour tous les \u00e2ges sur le parc des expositions.<\/p>\n<p>Traditionnellement, la foire de Fuengirola commence par un discours d&rsquo;ouverture, suivi de l&rsquo;illumination du parc des expositions.<\/p>\n<figure id=\"attachment_18206\" aria-describedby=\"caption-attachment-18206\" style=\"width: 1000px\" class=\"wp-caption alignnone\"><img loading=\"lazy\" decoding=\"async\" class=\"size-full wp-image-18206\" src=\"https:\/\/www.malagacar.com\/sp\/blog\/wp-content\/uploads\/2025\/09\/Feria-Fuengi-D.jpg\" alt=\"Feria Fuengirola\" width=\"1000\" height=\"667\" \/><figcaption id=\"caption-attachment-18206\" class=\"wp-caption-text\">Il r\u00e8gne une grande ambiance festive dans toute la ville. Credit Depositphotos<\/figcaption><\/figure>\n<p>Sur le parc des expositions, en plus des attractions de foire traditionnelles, se trouvent les stands traditionnels (de grands enclos d\u00e9limit\u00e9s par des murs en toile et couverts) o\u00f9 l&rsquo;on danse sur de la musique populaire, des S\u00e9villanes, etc.<\/p>\n<p>\u00c0 la foire de Fuengirola, il y a aussi des stands pour les jeunes, pour les personnes \u00e2g\u00e9es et m\u00eame un stand pour les enfants.<\/p>\n<p>De plus, il y a g\u00e9n\u00e9ralement plusieurs concerts de musique live.<\/p>\n<p><a href=\"https:\/\/www.malagacar.com\/sp\/blog\/wp-content\/uploads\/2017\/09\/FERIA_FUENGIROLA.jpg\" data-wpel-link=\"internal\"><img loading=\"lazy\" decoding=\"async\" class=\"alignnone wp-image-6379 size-full\" src=\"https:\/\/www.malagacar.com\/sp\/blog\/wp-content\/uploads\/2017\/09\/FERIA_FUENGIROLA.jpg\" alt=\"Foire du Rosaire \u00e0 Fuengirola\" width=\"1023\" height=\"680\" \/><\/a><\/p>\n<ul>\n<li>Quand : Du 6 au 12 octobre<\/li>\n<li>O\u00f9 : Parc des expositions et centre-ville<\/li>\n<li><a href=\"https:\/\/maps.app.goo.gl\/b7qE9DfeLJmWNE4S8\" data-wpel-link=\"external\" rel=\"external noopener noreferrer\"><strong>Comment s&rsquo;y rendre<\/strong><\/a><\/li>\n<\/ul>\n<h2><span class=\"ez-toc-section\" id=\"Notre_Conseil\"><\/span>Notre Conseil<span class=\"ez-toc-section-end\"><\/span><\/h2>\n<p>Des milliers de personnes assistent \u00e0 la foire de Fuengirola \u00e0 toute heure du jour et de la nuit. Autour du parc des expositions, il est <em><strong>tr\u00e8s difficile de trouver une place de parking<\/strong><\/em>.<\/p>\n<p>Si vous ne voulez pas vous stresser \u00e0 chercher un parking, nous vous recommandons d&rsquo;utiliser l&rsquo;un de ces <a href=\"https:\/\/maps.app.goo.gl\/kUftKLDScwpzhP4H7\" data-wpel-link=\"external\" rel=\"external noopener noreferrer\"><strong>parkings publics \u00e0 Fuengirola<\/strong><\/a> et de marcher jusqu&rsquo;au parc des expositions.<\/p>\n<p>Une autre excellente option, surtout si vous pr\u00e9voyez de consommer de l&rsquo;alcool, est d&rsquo;<em><strong>utiliser le train de banlieue<\/strong><\/em>.<\/p>\n<p>La <strong>ligne C1<\/strong> circule toutes les 20 minutes entre les communes de Fuengirola, Benalm\u00e1dena, Torremolinos, l&rsquo;a\u00e9roport de Malaga et le centre de Malaga.<\/p>\n<ul>\n<li>Consultez ici les <a href=\"https:\/\/www.renfe.com\/es\/es\/cercanias\/cercanias-malaga\/horarios\" data-wpel-link=\"external\" rel=\"external noopener noreferrer\"><strong>horaires du train de banlieue de Malaga<\/strong><\/a><\/li>\n<\/ul>\n<p>La gare de Fuengirola est id\u00e9alement situ\u00e9e en plein c\u0153ur de la ville. Vous pouvez vous promener jusqu&rsquo;au parc des expositions (environ 12 minutes) et ainsi vous impr\u00e9gner de l&rsquo;ambiance qui r\u00e8gne dans les rues.<\/p>\n<p><iframe loading=\"lazy\" style=\"border: 0;\" src=\"https:\/\/www.google.com\/maps\/embed?pb=!1m28!1m12!1m3!1d6410.864036994272!2d-4.621119957542425!3d36.54369495779409!2m3!1f0!2f0!3f0!3m2!1i1024!2i768!4f13.1!4m13!3e3!4m5!1s0xd72e2400312c7d3%3A0x63583907c1b6457b!2sEstaci%C3%B3n%20de%20tren%20Fuengirola%2C%2029640%20Fuengirola%2C%20M%C3%A1laga!3m2!1d36.5417838!2d-4.6240043!4m5!1s0xd72e2469424d269%3A0x3450ad76f93b6048!2sRecinto%20Ferial%20Fuengirola%2C%20Av.%20Nuestro%20Padre%20Jes%C3%BAs%20Cautivo%2C%20s%2Fn%2C%2029640%20Fuengirola%2C%20M%C3%A1laga!3m2!1d36.5485652!2d-4.6201855!5e0!3m2!1ses!2ses!4v1696488337118!5m2!1ses!2ses\" width=\"600\" height=\"450\" allowfullscreen=\"allowfullscreen\"><\/iframe><\/p>\n<h2><span class=\"ez-toc-section\" id=\"Programme_de_la_Foire_de_Fuengirola_2025\"><\/span>Programme de la Foire de Fuengirola 2025<span class=\"ez-toc-section-end\"><\/span><\/h2>\n<p>En plus de nombreuses activit\u00e9s gratuites, il y a aussi des performances d&rsquo;artistes nationaux tels que : Caf\u00e9 Quijano, Mujeres por Sevillanas, Pica Pica, Diego Arjona, Alex O&rsquo;Dogherty, Los Calaita, Spok Sponha et Space Surimi.<\/p>\n<h3><span class=\"ez-toc-section\" id=\"Concerts_spectacles\"><\/span>Concerts &amp; spectacles<span class=\"ez-toc-section-end\"><\/span><\/h3>\n<p>7 octobre : Festival de flamenco<br \/>\n8 octobre : Journ\u00e9e des enfants avec 50 % de r\u00e9duction sur les attractions. F\u00eate des enfants au Palais de la Paix.<br class=\"yoast-text-mark\" \/>9 octobre : Soir\u00e9e de la Rociera<br \/>\n10 octobre : Soir\u00e9e comique<br \/>\n11 octobre : Concert du Caf\u00e9 Quijano<br \/>\n12 octobre : Soir\u00e9e de la jeunesse<\/p>\n<p>Tous les concerts ont lieu \u00e0 22h au Palacio de la Paz, dans le champ de foire. Vous pouvez acheter vos billets sur <a href=\"http:\/\/www.entradas.fuengirola.es\" data-wpel-link=\"external\" rel=\"external noopener noreferrer\"><strong>www.entradas.fuengirola.es<\/strong><\/a> ou au guichet d&rsquo;information du <a href=\"https:\/\/www.malagacar.com\/fr\/blog\/loisirs\/centres-commerciaux-a-malaga\/#Centre_commercial_a_Fuengirola\" data-wpel-link=\"internal\"><strong>centre commercial Miramar<\/strong><\/a> (du lundi au vendredi, de 10h \u00e0 12h30 et de 15h \u00e0 18h).<\/p>\n<h3><span class=\"ez-toc-section\" id=\"Procession_de_la_Virgen_del_Rosario\"><\/span>Procession de la Virgen del Rosario<span class=\"ez-toc-section-end\"><\/span><\/h3>\n<p>Le jour le plus important de la Feria est le 7 octobre. Ce jour est la f\u00eate de la Virgen del Rosario, la sainte patronne de Fuengirola. Comme indiqu\u00e9 pr\u00e9c\u00e9demment, il s&rsquo;agit d&rsquo;une f\u00eate locale.<\/p>\n<figure id=\"attachment_14573\" aria-describedby=\"caption-attachment-14573\" style=\"width: 990px\" class=\"wp-caption alignnone\"><img loading=\"lazy\" decoding=\"async\" class=\"size-full wp-image-14573\" src=\"https:\/\/www.malagacar.com\/sp\/blog\/wp-content\/uploads\/2023\/10\/Procesion-Rosario-Crefit-Venafuengirola.jpg\" alt=\"Procession de la Vierge du Rosaire, Fuengirola\" width=\"990\" height=\"663\" \/><figcaption id=\"caption-attachment-14573\" class=\"wp-caption-text\">Procession de la Vierge du Rosaire. Photo Venafuengirola<\/figcaption><\/figure>\n<p>\u00c0 10 heures du matin, la messe flamenco a lieu sur la place de la Constituci\u00f3n. Cette messe en plein air comprend \u00e9galement du flamenco et des chants andalous, et la plupart des femmes portent des robes de flamenco ou des <em>mantilles.<\/em> (Un v\u00eatement en dentelle noire, port\u00e9 par les femmes pour couvrir leur t\u00eate et leurs \u00e9paules lors d&rsquo;\u00e9v\u00e9nements solennels.)<\/p>\n<p>Ensuite, la procession de l&rsquo;image de la Vierge du Rosaire traverse les rues de la commune, attirant quelque 40\u00a0000 fid\u00e8les, habitants et visiteurs l&rsquo;ann\u00e9e derni\u00e8re.<\/p>\n<p>Tout au long de son parcours, la statue est honor\u00e9e de fleurs et de chants depuis les balcons qu&rsquo;elle croise. \u00c0 la fin de la procession, des cavaliers se joignent \u00e9galement \u00e0 la procession. Un spectacle magnifique, m\u00ealant religion et tradition andalouse, \u00e0 ne pas manquer.<\/p>\n<figure id=\"attachment_14577\" aria-describedby=\"caption-attachment-14577\" style=\"width: 1000px\" class=\"wp-caption alignnone\"><img loading=\"lazy\" decoding=\"async\" class=\"size-full wp-image-14577\" src=\"https:\/\/www.malagacar.com\/sp\/blog\/wp-content\/uploads\/2023\/10\/Jinetes-Feria-Fuengirola-Credit-Depositphotos.jpg\" alt=\"jinetes feria\" width=\"1000\" height=\"667\" \/><figcaption id=\"caption-attachment-14577\" class=\"wp-caption-text\">Credit <a href=\"https:\/\/depositphotos.com\/es\/home.html\" data-wpel-link=\"external\" rel=\"external noopener noreferrer\">Depositphotos<\/a><\/figcaption><\/figure>\n<h2><span class=\"ez-toc-section\" id=\"Que_porter_pour_la_Foire\"><\/span>Que porter pour la Foire<span class=\"ez-toc-section-end\"><\/span><\/h2>\n<figure id=\"attachment_14572\" aria-describedby=\"caption-attachment-14572\" style=\"width: 752px\" class=\"wp-caption alignnone\"><img loading=\"lazy\" decoding=\"async\" class=\" wp-image-14572\" src=\"https:\/\/www.malagacar.com\/sp\/blog\/wp-content\/uploads\/2023\/10\/vestuario-feminino-@casetalataja.jpg\" alt=\"costume de gitane pour la foire\" width=\"752\" height=\"940\" \/><figcaption id=\"caption-attachment-14572\" class=\"wp-caption-text\">Les costumes de gitane sont tr\u00e8s populaires pendant la foire. Photo @casetalataja<\/figcaption><\/figure>\n<p>Les <em><strong>costumes de gitane<\/strong><\/em> ont une grande importance pendant la foire parmi le public f\u00e9minin. Que ce soit de jour ou de nuit.<\/p>\n<p>Vous aimez ce style ou vous \u00eates en vacances pendant la foire et avez toujours voulu porter un tel v\u00eatement ?<\/p>\n<p>Nous vous laissons un lien vers Google Maps pour deux <a href=\"https:\/\/maps.app.goo.gl\/S1aJWgRr9Mni4FCG8\" data-wpel-link=\"external\" rel=\"external noopener noreferrer\"><strong>magasins de costumes de gitane<\/strong><\/a> et d&rsquo;accessoires dans le centre de Fuengirola. Vous avez encore le temps d&rsquo;en obtenir un !<\/p>\n","protected":false},"excerpt":{"rendered":"<p>La Foire du Rosario a lieu chaque ann\u00e9e en octobre en l&rsquo;honneur de la patronne de Fuengirola. Cette foire, aux c\u00f4t\u00e9s de la Foire de Malaga, est l&rsquo;une des plus remarquables d&rsquo;Andalousie. Elle se caract\u00e9rise par sa grande typicit\u00e9 et son caract\u00e8re profond\u00e9ment andalou. Les chevaux et les magnifiques cal\u00e8ches d\u00e9cor\u00e9es qui d\u00e9filent dans la [&hellip;]<\/p>\n","protected":false},"author":1,"featured_media":675,"comment_status":"open","ping_status":"open","sticky":false,"template":"","format":"standard","meta":{"footnotes":""},"categories":[2],"tags":[],"class_list":["post-674","post","type-post","status-publish","format-standard","has-post-thumbnail","hentry","category-loisirs"],"yoast_head":"<!-- This site is optimized with the Yoast SEO plugin v28.4 - https:\/\/yoast.com\/product\/yoast-seo-wordpress\/ -->\n<title>Foire de Fuengirola en octobre 2025 - Blog de MalagaCar.com<\/title>\n<meta name=\"description\" content=\"La Foire de Fuengirola est l&#039;une des plus remarquables d&#039;Andalousie, avec beaucoup de caract\u00e8re et la grande pr\u00e9sence de chevaux et attelages.\" \/>\n<meta name=\"robots\" content=\"index, follow, max-snippet:-1, max-image-preview:large, max-video-preview:-1\" \/>\n<link rel=\"canonical\" href=\"https:\/\/www.malagacar.com\/fr\/blog\/loisirs\/foire-de-fuengirola\/\" \/>\n<meta property=\"og:locale\" content=\"fr_FR\" \/>\n<meta property=\"og:type\" content=\"article\" \/>\n<meta property=\"og:title\" content=\"Foire de Fuengirola en octobre 2025 - Blog de MalagaCar.com\" \/>\n<meta property=\"og:description\" content=\"La Foire de Fuengirola est l&#039;une des plus remarquables d&#039;Andalousie, avec beaucoup de caract\u00e8re et la grande pr\u00e9sence de chevaux et attelages.\" \/>\n<meta property=\"og:url\" content=\"https:\/\/www.malagacar.com\/fr\/blog\/loisirs\/foire-de-fuengirola\/\" \/>\n<meta property=\"og:site_name\" content=\"Blog de MalagaCar.com\" \/>\n<meta property=\"article:publisher\" content=\"https:\/\/www.facebook.com\/malagacar\" \/>\n<meta property=\"article:published_time\" content=\"2025-09-19T10:10:50+00:00\" \/>\n<meta property=\"og:image\" content=\"https:\/\/www.malagacar.com\/fr\/blog\/wp-content\/uploads\/2023\/10\/foire-fuengirola.jpg\" \/>\n\t<meta property=\"og:image:width\" content=\"1000\" \/>\n\t<meta property=\"og:image:height\" content=\"667\" \/>\n\t<meta property=\"og:image:type\" content=\"image\/jpeg\" \/>\n<meta name=\"author\" content=\"MalagaCar.com\" \/>\n<meta name=\"twitter:card\" content=\"summary_large_image\" \/>\n<meta name=\"twitter:creator\" content=\"@malagacarcom\" \/>\n<meta name=\"twitter:site\" content=\"@malagacarcom\" \/>\n<meta name=\"twitter:label1\" content=\"\u00c9crit par\" \/>\n\t<meta name=\"twitter:data1\" content=\"MalagaCar.com\" \/>\n\t<meta name=\"twitter:label2\" content=\"Dur\u00e9e de lecture estim\u00e9e\" \/>\n\t<meta name=\"twitter:data2\" content=\"8 minutes\" \/>\n<script type=\"application\/ld+json\" class=\"yoast-schema-graph\">{\"@context\":\"https:\\\/\\\/schema.org\",\"@graph\":[{\"@type\":\"Article\",\"@id\":\"https:\\\/\\\/www.malagacar.com\\\/fr\\\/blog\\\/loisirs\\\/foire-de-fuengirola\\\/#article\",\"isPartOf\":{\"@id\":\"https:\\\/\\\/www.malagacar.com\\\/fr\\\/blog\\\/loisirs\\\/foire-de-fuengirola\\\/\"},\"author\":{\"name\":\"MalagaCar.com\",\"@id\":\"https:\\\/\\\/www.malagacar.com\\\/fr\\\/blog\\\/#\\\/schema\\\/person\\\/ffb97005d02bcc7d0bb59f5409635691\"},\"headline\":\"Foire de Fuengirola en octobre 2025\",\"datePublished\":\"2025-09-19T10:10:50+00:00\",\"mainEntityOfPage\":{\"@id\":\"https:\\\/\\\/www.malagacar.com\\\/fr\\\/blog\\\/loisirs\\\/foire-de-fuengirola\\\/\"},\"wordCount\":1314,\"commentCount\":0,\"publisher\":{\"@id\":\"https:\\\/\\\/www.malagacar.com\\\/fr\\\/blog\\\/#organization\"},\"image\":{\"@id\":\"https:\\\/\\\/www.malagacar.com\\\/fr\\\/blog\\\/loisirs\\\/foire-de-fuengirola\\\/#primaryimage\"},\"thumbnailUrl\":\"https:\\\/\\\/www.malagacar.com\\\/fr\\\/blog\\\/wp-content\\\/uploads\\\/2023\\\/10\\\/foire-fuengirola.jpg\",\"articleSection\":[\"Loisirs\"],\"inLanguage\":\"fr-FR\",\"potentialAction\":[{\"@type\":\"CommentAction\",\"name\":\"Comment\",\"target\":[\"https:\\\/\\\/www.malagacar.com\\\/fr\\\/blog\\\/loisirs\\\/foire-de-fuengirola\\\/#respond\"]}]},{\"@type\":\"WebPage\",\"@id\":\"https:\\\/\\\/www.malagacar.com\\\/fr\\\/blog\\\/loisirs\\\/foire-de-fuengirola\\\/\",\"url\":\"https:\\\/\\\/www.malagacar.com\\\/fr\\\/blog\\\/loisirs\\\/foire-de-fuengirola\\\/\",\"name\":\"Foire de Fuengirola en octobre 2025 - Blog de MalagaCar.com\",\"isPartOf\":{\"@id\":\"https:\\\/\\\/www.malagacar.com\\\/fr\\\/blog\\\/#website\"},\"primaryImageOfPage\":{\"@id\":\"https:\\\/\\\/www.malagacar.com\\\/fr\\\/blog\\\/loisirs\\\/foire-de-fuengirola\\\/#primaryimage\"},\"image\":{\"@id\":\"https:\\\/\\\/www.malagacar.com\\\/fr\\\/blog\\\/loisirs\\\/foire-de-fuengirola\\\/#primaryimage\"},\"thumbnailUrl\":\"https:\\\/\\\/www.malagacar.com\\\/fr\\\/blog\\\/wp-content\\\/uploads\\\/2023\\\/10\\\/foire-fuengirola.jpg\",\"datePublished\":\"2025-09-19T10:10:50+00:00\",\"description\":\"La Foire de Fuengirola est l'une des plus remarquables d'Andalousie, avec beaucoup de caract\u00e8re et la grande pr\u00e9sence de chevaux et attelages.\",\"breadcrumb\":{\"@id\":\"https:\\\/\\\/www.malagacar.com\\\/fr\\\/blog\\\/loisirs\\\/foire-de-fuengirola\\\/#breadcrumb\"},\"inLanguage\":\"fr-FR\",\"potentialAction\":[{\"@type\":\"ReadAction\",\"target\":[\"https:\\\/\\\/www.malagacar.com\\\/fr\\\/blog\\\/loisirs\\\/foire-de-fuengirola\\\/\"]}]},{\"@type\":\"ImageObject\",\"inLanguage\":\"fr-FR\",\"@id\":\"https:\\\/\\\/www.malagacar.com\\\/fr\\\/blog\\\/loisirs\\\/foire-de-fuengirola\\\/#primaryimage\",\"url\":\"https:\\\/\\\/www.malagacar.com\\\/fr\\\/blog\\\/wp-content\\\/uploads\\\/2023\\\/10\\\/foire-fuengirola.jpg\",\"contentUrl\":\"https:\\\/\\\/www.malagacar.com\\\/fr\\\/blog\\\/wp-content\\\/uploads\\\/2023\\\/10\\\/foire-fuengirola.jpg\",\"width\":1000,\"height\":667,\"caption\":\"Foire de Fuengirola\"},{\"@type\":\"BreadcrumbList\",\"@id\":\"https:\\\/\\\/www.malagacar.com\\\/fr\\\/blog\\\/loisirs\\\/foire-de-fuengirola\\\/#breadcrumb\",\"itemListElement\":[{\"@type\":\"ListItem\",\"position\":1,\"name\":\"Accueil\",\"item\":\"https:\\\/\\\/www.malagacar.com\\\/fr\\\/blog\\\/\"},{\"@type\":\"ListItem\",\"position\":2,\"name\":\"Foire de Fuengirola en octobre 2025\"}]},{\"@type\":\"WebSite\",\"@id\":\"https:\\\/\\\/www.malagacar.com\\\/fr\\\/blog\\\/#website\",\"url\":\"https:\\\/\\\/www.malagacar.com\\\/fr\\\/blog\\\/\",\"name\":\"Blog de MalagaCar.com\",\"description\":\"Nouvelles et informations int\u00e9ressantes sur la location de voitures \u00e0 l&#039;a\u00e9roport de Malaga.\",\"publisher\":{\"@id\":\"https:\\\/\\\/www.malagacar.com\\\/fr\\\/blog\\\/#organization\"},\"potentialAction\":[{\"@type\":\"SearchAction\",\"target\":{\"@type\":\"EntryPoint\",\"urlTemplate\":\"https:\\\/\\\/www.malagacar.com\\\/fr\\\/blog\\\/?s={search_term_string}\"},\"query-input\":{\"@type\":\"PropertyValueSpecification\",\"valueRequired\":true,\"valueName\":\"search_term_string\"}}],\"inLanguage\":\"fr-FR\"},{\"@type\":\"Organization\",\"@id\":\"https:\\\/\\\/www.malagacar.com\\\/fr\\\/blog\\\/#organization\",\"name\":\"MalagaCar.com\",\"url\":\"https:\\\/\\\/www.malagacar.com\\\/fr\\\/blog\\\/\",\"logo\":{\"@type\":\"ImageObject\",\"inLanguage\":\"fr-FR\",\"@id\":\"https:\\\/\\\/www.malagacar.com\\\/fr\\\/blog\\\/#\\\/schema\\\/logo\\\/image\\\/\",\"url\":\"https:\\\/\\\/www.malagacar.com\\\/fr\\\/blog\\\/wp-content\\\/uploads\\\/2021\\\/06\\\/logo-malagacar-social.png\",\"contentUrl\":\"https:\\\/\\\/www.malagacar.com\\\/fr\\\/blog\\\/wp-content\\\/uploads\\\/2021\\\/06\\\/logo-malagacar-social.png\",\"width\":900,\"height\":900,\"caption\":\"MalagaCar.com\"},\"image\":{\"@id\":\"https:\\\/\\\/www.malagacar.com\\\/fr\\\/blog\\\/#\\\/schema\\\/logo\\\/image\\\/\"},\"sameAs\":[\"https:\\\/\\\/www.facebook.com\\\/malagacar\",\"https:\\\/\\\/x.com\\\/malagacarcom\",\"https:\\\/\\\/www.instagram.com\\\/malagacar\\\/\",\"https:\\\/\\\/www.linkedin.com\\\/company\\\/malagacar.com\",\"https:\\\/\\\/www.youtube.com\\\/c\\\/MalagacarAirport\"]},{\"@type\":\"Person\",\"@id\":\"https:\\\/\\\/www.malagacar.com\\\/fr\\\/blog\\\/#\\\/schema\\\/person\\\/ffb97005d02bcc7d0bb59f5409635691\",\"name\":\"MalagaCar.com\",\"image\":{\"@type\":\"ImageObject\",\"inLanguage\":\"fr-FR\",\"@id\":\"https:\\\/\\\/secure.gravatar.com\\\/avatar\\\/296ebc31026e7be05868369e4c596b3239b1582b2fcf8a45de57333e2e82bb82?s=96&d=mm&r=g\",\"url\":\"https:\\\/\\\/secure.gravatar.com\\\/avatar\\\/296ebc31026e7be05868369e4c596b3239b1582b2fcf8a45de57333e2e82bb82?s=96&d=mm&r=g\",\"contentUrl\":\"https:\\\/\\\/secure.gravatar.com\\\/avatar\\\/296ebc31026e7be05868369e4c596b3239b1582b2fcf8a45de57333e2e82bb82?s=96&d=mm&r=g\",\"caption\":\"MalagaCar.com\"},\"sameAs\":[\"https:\\\/\\\/www.malagacar.com\\\/fr\\\/blog\"]}]}<\/script>\n<!-- \/ Yoast SEO plugin. -->","yoast_head_json":{"title":"Foire de Fuengirola en octobre 2025 - Blog de MalagaCar.com","description":"La Foire de Fuengirola est l'une des plus remarquables d'Andalousie, avec beaucoup de caract\u00e8re et la grande pr\u00e9sence de chevaux et attelages.","robots":{"index":"index","follow":"follow","max-snippet":"max-snippet:-1","max-image-preview":"max-image-preview:large","max-video-preview":"max-video-preview:-1"},"canonical":"https:\/\/www.malagacar.com\/fr\/blog\/loisirs\/foire-de-fuengirola\/","og_locale":"fr_FR","og_type":"article","og_title":"Foire de Fuengirola en octobre 2025 - Blog de MalagaCar.com","og_description":"La Foire de Fuengirola est l'une des plus remarquables d'Andalousie, avec beaucoup de caract\u00e8re et la grande pr\u00e9sence de chevaux et attelages.","og_url":"https:\/\/www.malagacar.com\/fr\/blog\/loisirs\/foire-de-fuengirola\/","og_site_name":"Blog de MalagaCar.com","article_publisher":"https:\/\/www.facebook.com\/malagacar","article_published_time":"2025-09-19T10:10:50+00:00","og_image":[{"width":1000,"height":667,"url":"https:\/\/www.malagacar.com\/fr\/blog\/wp-content\/uploads\/2023\/10\/foire-fuengirola.jpg","type":"image\/jpeg"}],"author":"MalagaCar.com","twitter_card":"summary_large_image","twitter_creator":"@malagacarcom","twitter_site":"@malagacarcom","twitter_misc":{"\u00c9crit par":"MalagaCar.com","Dur\u00e9e de lecture estim\u00e9e":"8 minutes"},"schema":{"@context":"https:\/\/schema.org","@graph":[{"@type":"Article","@id":"https:\/\/www.malagacar.com\/fr\/blog\/loisirs\/foire-de-fuengirola\/#article","isPartOf":{"@id":"https:\/\/www.malagacar.com\/fr\/blog\/loisirs\/foire-de-fuengirola\/"},"author":{"name":"MalagaCar.com","@id":"https:\/\/www.malagacar.com\/fr\/blog\/#\/schema\/person\/ffb97005d02bcc7d0bb59f5409635691"},"headline":"Foire de Fuengirola en octobre 2025","datePublished":"2025-09-19T10:10:50+00:00","mainEntityOfPage":{"@id":"https:\/\/www.malagacar.com\/fr\/blog\/loisirs\/foire-de-fuengirola\/"},"wordCount":1314,"commentCount":0,"publisher":{"@id":"https:\/\/www.malagacar.com\/fr\/blog\/#organization"},"image":{"@id":"https:\/\/www.malagacar.com\/fr\/blog\/loisirs\/foire-de-fuengirola\/#primaryimage"},"thumbnailUrl":"https:\/\/www.malagacar.com\/fr\/blog\/wp-content\/uploads\/2023\/10\/foire-fuengirola.jpg","articleSection":["Loisirs"],"inLanguage":"fr-FR","potentialAction":[{"@type":"CommentAction","name":"Comment","target":["https:\/\/www.malagacar.com\/fr\/blog\/loisirs\/foire-de-fuengirola\/#respond"]}]},{"@type":"WebPage","@id":"https:\/\/www.malagacar.com\/fr\/blog\/loisirs\/foire-de-fuengirola\/","url":"https:\/\/www.malagacar.com\/fr\/blog\/loisirs\/foire-de-fuengirola\/","name":"Foire de Fuengirola en octobre 2025 - Blog de MalagaCar.com","isPartOf":{"@id":"https:\/\/www.malagacar.com\/fr\/blog\/#website"},"primaryImageOfPage":{"@id":"https:\/\/www.malagacar.com\/fr\/blog\/loisirs\/foire-de-fuengirola\/#primaryimage"},"image":{"@id":"https:\/\/www.malagacar.com\/fr\/blog\/loisirs\/foire-de-fuengirola\/#primaryimage"},"thumbnailUrl":"https:\/\/www.malagacar.com\/fr\/blog\/wp-content\/uploads\/2023\/10\/foire-fuengirola.jpg","datePublished":"2025-09-19T10:10:50+00:00","description":"La Foire de Fuengirola est l'une des plus remarquables d'Andalousie, avec beaucoup de caract\u00e8re et la grande pr\u00e9sence de chevaux et attelages.","breadcrumb":{"@id":"https:\/\/www.malagacar.com\/fr\/blog\/loisirs\/foire-de-fuengirola\/#breadcrumb"},"inLanguage":"fr-FR","potentialAction":[{"@type":"ReadAction","target":["https:\/\/www.malagacar.com\/fr\/blog\/loisirs\/foire-de-fuengirola\/"]}]},{"@type":"ImageObject","inLanguage":"fr-FR","@id":"https:\/\/www.malagacar.com\/fr\/blog\/loisirs\/foire-de-fuengirola\/#primaryimage","url":"https:\/\/www.malagacar.com\/fr\/blog\/wp-content\/uploads\/2023\/10\/foire-fuengirola.jpg","contentUrl":"https:\/\/www.malagacar.com\/fr\/blog\/wp-content\/uploads\/2023\/10\/foire-fuengirola.jpg","width":1000,"height":667,"caption":"Foire de Fuengirola"},{"@type":"BreadcrumbList","@id":"https:\/\/www.malagacar.com\/fr\/blog\/loisirs\/foire-de-fuengirola\/#breadcrumb","itemListElement":[{"@type":"ListItem","position":1,"name":"Accueil","item":"https:\/\/www.malagacar.com\/fr\/blog\/"},{"@type":"ListItem","position":2,"name":"Foire de Fuengirola en octobre 2025"}]},{"@type":"WebSite","@id":"https:\/\/www.malagacar.com\/fr\/blog\/#website","url":"https:\/\/www.malagacar.com\/fr\/blog\/","name":"Blog de MalagaCar.com","description":"Nouvelles et informations int\u00e9ressantes sur la location de voitures \u00e0 l&#039;a\u00e9roport de Malaga.","publisher":{"@id":"https:\/\/www.malagacar.com\/fr\/blog\/#organization"},"potentialAction":[{"@type":"SearchAction","target":{"@type":"EntryPoint","urlTemplate":"https:\/\/www.malagacar.com\/fr\/blog\/?s={search_term_string}"},"query-input":{"@type":"PropertyValueSpecification","valueRequired":true,"valueName":"search_term_string"}}],"inLanguage":"fr-FR"},{"@type":"Organization","@id":"https:\/\/www.malagacar.com\/fr\/blog\/#organization","name":"MalagaCar.com","url":"https:\/\/www.malagacar.com\/fr\/blog\/","logo":{"@type":"ImageObject","inLanguage":"fr-FR","@id":"https:\/\/www.malagacar.com\/fr\/blog\/#\/schema\/logo\/image\/","url":"https:\/\/www.malagacar.com\/fr\/blog\/wp-content\/uploads\/2021\/06\/logo-malagacar-social.png","contentUrl":"https:\/\/www.malagacar.com\/fr\/blog\/wp-content\/uploads\/2021\/06\/logo-malagacar-social.png","width":900,"height":900,"caption":"MalagaCar.com"},"image":{"@id":"https:\/\/www.malagacar.com\/fr\/blog\/#\/schema\/logo\/image\/"},"sameAs":["https:\/\/www.facebook.com\/malagacar","https:\/\/x.com\/malagacarcom","https:\/\/www.instagram.com\/malagacar\/","https:\/\/www.linkedin.com\/company\/malagacar.com","https:\/\/www.youtube.com\/c\/MalagacarAirport"]},{"@type":"Person","@id":"https:\/\/www.malagacar.com\/fr\/blog\/#\/schema\/person\/ffb97005d02bcc7d0bb59f5409635691","name":"MalagaCar.com","image":{"@type":"ImageObject","inLanguage":"fr-FR","@id":"https:\/\/secure.gravatar.com\/avatar\/296ebc31026e7be05868369e4c596b3239b1582b2fcf8a45de57333e2e82bb82?s=96&d=mm&r=g","url":"https:\/\/secure.gravatar.com\/avatar\/296ebc31026e7be05868369e4c596b3239b1582b2fcf8a45de57333e2e82bb82?s=96&d=mm&r=g","contentUrl":"https:\/\/secure.gravatar.com\/avatar\/296ebc31026e7be05868369e4c596b3239b1582b2fcf8a45de57333e2e82bb82?s=96&d=mm&r=g","caption":"MalagaCar.com"},"sameAs":["https:\/\/www.malagacar.com\/fr\/blog"]}]}},"_links":{"self":[{"href":"https:\/\/www.malagacar.com\/fr\/blog\/wp-json\/wp\/v2\/posts\/674","targetHints":{"allow":["GET"]}}],"collection":[{"href":"https:\/\/www.malagacar.com\/fr\/blog\/wp-json\/wp\/v2\/posts"}],"about":[{"href":"https:\/\/www.malagacar.com\/fr\/blog\/wp-json\/wp\/v2\/types\/post"}],"author":[{"embeddable":true,"href":"https:\/\/www.malagacar.com\/fr\/blog\/wp-json\/wp\/v2\/users\/1"}],"replies":[{"embeddable":true,"href":"https:\/\/www.malagacar.com\/fr\/blog\/wp-json\/wp\/v2\/comments?post=674"}],"version-history":[{"count":9,"href":"https:\/\/www.malagacar.com\/fr\/blog\/wp-json\/wp\/v2\/posts\/674\/revisions"}],"predecessor-version":[{"id":2829,"href":"https:\/\/www.malagacar.com\/fr\/blog\/wp-json\/wp\/v2\/posts\/674\/revisions\/2829"}],"wp:featuredmedia":[{"embeddable":true,"href":"https:\/\/www.malagacar.com\/fr\/blog\/wp-json\/wp\/v2\/media\/675"}],"wp:attachment":[{"href":"https:\/\/www.malagacar.com\/fr\/blog\/wp-json\/wp\/v2\/media?parent=674"}],"wp:term":[{"taxonomy":"category","embeddable":true,"href":"https:\/\/www.malagacar.com\/fr\/blog\/wp-json\/wp\/v2\/categories?post=674"},{"taxonomy":"post_tag","embeddable":true,"href":"https:\/\/www.malagacar.com\/fr\/blog\/wp-json\/wp\/v2\/tags?post=674"}],"curies":[{"name":"wp","href":"https:\/\/api.w.org\/{rel}","templated":true}]}}