{"id":701,"date":"2022-04-18T12:15:22","date_gmt":"2022-04-18T10:15:22","guid":{"rendered":"https:\/\/www.malagacar.com\/fr\/blog\/?p=701"},"modified":"2023-10-16T13:09:32","modified_gmt":"2023-10-16T11:09:32","slug":"dolmens-antequera","status":"publish","type":"post","link":"https:\/\/www.malagacar.com\/fr\/blog\/loisirs\/dolmens-antequera\/","title":{"rendered":"Les Dolmens d&rsquo;Antequera &#8211; Voyage au Stonehenge andalou"},"content":{"rendered":"<div id=\"ez-toc-container\" class=\"ez-toc-v2_0_87 counter-hierarchy ez-toc-counter ez-toc-light-blue ez-toc-container-direction\">\n<p class=\"ez-toc-title\" style=\"cursor:inherit\">Table des mati\u00e8res<\/p>\n<label for=\"ez-toc-cssicon-toggle-item-6a9a317331e96\" class=\"ez-toc-cssicon-toggle-label\"><span class=\"\"><span class=\"eztoc-hide\" style=\"display:none;\">Toggle<\/span><span class=\"ez-toc-icon-toggle-span\"><svg style=\"fill: #999;color:#999\" xmlns=\"http:\/\/www.w3.org\/2000\/svg\" class=\"list-377408\" width=\"20px\" height=\"20px\" viewBox=\"0 0 24 24\" fill=\"none\"><path d=\"M6 6H4v2h2V6zm14 0H8v2h12V6zM4 11h2v2H4v-2zm16 0H8v2h12v-2zM4 16h2v2H4v-2zm16 0H8v2h12v-2z\" fill=\"currentColor\"><\/path><\/svg><svg style=\"fill: #999;color:#999\" class=\"arrow-unsorted-368013\" xmlns=\"http:\/\/www.w3.org\/2000\/svg\" width=\"10px\" height=\"10px\" viewBox=\"0 0 24 24\" version=\"1.2\" baseProfile=\"tiny\"><path d=\"M18.2 9.3l-6.2-6.3-6.2 6.3c-.2.2-.3.4-.3.7s.1.5.3.7c.2.2.4.3.7.3h11c.3 0 .5-.1.7-.3.2-.2.3-.5.3-.7s-.1-.5-.3-.7zM5.8 14.7l6.2 6.3 6.2-6.3c.2-.2.3-.5.3-.7s-.1-.5-.3-.7c-.2-.2-.4-.3-.7-.3h-11c-.3 0-.5.1-.7.3-.2.2-.3.5-.3.7s.1.5.3.7z\"\/><\/svg><\/span><\/span><\/label><input type=\"checkbox\"  id=\"ez-toc-cssicon-toggle-item-6a9a317331e96\"  aria-label=\"Toggle\" \/><nav><ul class='ez-toc-list ez-toc-list-level-1 ' ><li class='ez-toc-page-1 ez-toc-heading-level-2'><a class=\"ez-toc-link ez-toc-heading-1\" href=\"https:\/\/www.malagacar.com\/fr\/blog\/loisirs\/dolmens-antequera\/#Quest-ce_quun_Dolmen\" data-wpel-link=\"internal\">Qu&rsquo;est-ce qu&rsquo;un Dolmen ?<\/a><\/li><li class='ez-toc-page-1 ez-toc-heading-level-2'><a class=\"ez-toc-link ez-toc-heading-2\" href=\"https:\/\/www.malagacar.com\/fr\/blog\/loisirs\/dolmens-antequera\/#Les_Dolmens_dAntequera_le_Stonehenge_andalou\" data-wpel-link=\"internal\">Les Dolmens d&rsquo;Antequera, le Stonehenge andalou<\/a><ul class='ez-toc-list-level-3' ><li class='ez-toc-heading-level-3'><a class=\"ez-toc-link ez-toc-heading-3\" href=\"https:\/\/www.malagacar.com\/fr\/blog\/loisirs\/dolmens-antequera\/#Le_Dolmen_de_Menga\" data-wpel-link=\"internal\">Le Dolmen de Menga<\/a><\/li><li class='ez-toc-page-1 ez-toc-heading-level-3'><a class=\"ez-toc-link ez-toc-heading-4\" href=\"https:\/\/www.malagacar.com\/fr\/blog\/loisirs\/dolmens-antequera\/#Le_Dolmen_de_Viera\" data-wpel-link=\"internal\">Le Dolmen de Viera<\/a><\/li><li class='ez-toc-page-1 ez-toc-heading-level-3'><a class=\"ez-toc-link ez-toc-heading-5\" href=\"https:\/\/www.malagacar.com\/fr\/blog\/loisirs\/dolmens-antequera\/#Dolmen_El_Romeral\" data-wpel-link=\"internal\">Dolmen El Romeral<\/a><\/li><\/ul><\/li><li class='ez-toc-page-1 ez-toc-heading-level-2'><a class=\"ez-toc-link ez-toc-heading-6\" href=\"https:\/\/www.malagacar.com\/fr\/blog\/loisirs\/dolmens-antequera\/#Visite_du_site_archeologique\" data-wpel-link=\"internal\">Visite du site arch\u00e9ologique<\/a><ul class='ez-toc-list-level-3' ><li class='ez-toc-heading-level-3'><a class=\"ez-toc-link ez-toc-heading-7\" href=\"https:\/\/www.malagacar.com\/fr\/blog\/loisirs\/dolmens-antequera\/#Accessibilite\" data-wpel-link=\"internal\">Accessibilit\u00e9<\/a><\/li><li class='ez-toc-page-1 ez-toc-heading-level-3'><a class=\"ez-toc-link ez-toc-heading-8\" href=\"https:\/\/www.malagacar.com\/fr\/blog\/loisirs\/dolmens-antequera\/#A_prendre_en_compte\" data-wpel-link=\"internal\">\u00c0 prendre en compte<\/a><\/li><li class='ez-toc-page-1 ez-toc-heading-level-3'><a class=\"ez-toc-link ez-toc-heading-9\" href=\"https:\/\/www.malagacar.com\/fr\/blog\/loisirs\/dolmens-antequera\/#Horaires_de_visite\" data-wpel-link=\"internal\">Horaires de visite<\/a><\/li><li class='ez-toc-page-1 ez-toc-heading-level-3'><a class=\"ez-toc-link ez-toc-heading-10\" href=\"https:\/\/www.malagacar.com\/fr\/blog\/loisirs\/dolmens-antequera\/#Centre_dinterpretation\" data-wpel-link=\"internal\">Centre d&rsquo;interpr\u00e9tation<\/a><\/li><\/ul><\/li><li class='ez-toc-page-1 ez-toc-heading-level-2'><a class=\"ez-toc-link ez-toc-heading-11\" href=\"https:\/\/www.malagacar.com\/fr\/blog\/loisirs\/dolmens-antequera\/#Activites_aux_Dolmens\" data-wpel-link=\"internal\">Activit\u00e9s aux Dolmens<\/a><ul class='ez-toc-list-level-3' ><li class='ez-toc-heading-level-3'><a class=\"ez-toc-link ez-toc-heading-12\" href=\"https:\/\/www.malagacar.com\/fr\/blog\/loisirs\/dolmens-antequera\/#Visites_guidees_gratuites_des_monuments\" data-wpel-link=\"internal\">Visites guid\u00e9es gratuites des monuments<\/a><\/li><li class='ez-toc-page-1 ez-toc-heading-level-3'><a class=\"ez-toc-link ez-toc-heading-13\" href=\"https:\/\/www.malagacar.com\/fr\/blog\/loisirs\/dolmens-antequera\/#Celebrations_du_Soleil\" data-wpel-link=\"internal\">C\u00e9l\u00e9brations du Soleil<\/a><\/li><li class='ez-toc-page-1 ez-toc-heading-level-3'><a class=\"ez-toc-link ez-toc-heading-14\" href=\"https:\/\/www.malagacar.com\/fr\/blog\/loisirs\/dolmens-antequera\/#Celebrations_de_la_Lune\" data-wpel-link=\"internal\">C\u00e9l\u00e9brations de la Lune<\/a><\/li><li class='ez-toc-page-1 ez-toc-heading-level-3'><a class=\"ez-toc-link ez-toc-heading-15\" href=\"https:\/\/www.malagacar.com\/fr\/blog\/loisirs\/dolmens-antequera\/#Festival_MengaStones\" data-wpel-link=\"internal\">Festival MengaStones<\/a><\/li><\/ul><\/li><li class='ez-toc-page-1 ez-toc-heading-level-2'><a class=\"ez-toc-link ez-toc-heading-16\" href=\"https:\/\/www.malagacar.com\/fr\/blog\/loisirs\/dolmens-antequera\/#Environnement_naturel_et_alentours\" data-wpel-link=\"internal\">Environnement naturel et alentours<\/a><ul class='ez-toc-list-level-3' ><li class='ez-toc-heading-level-3'><a class=\"ez-toc-link ez-toc-heading-17\" href=\"https:\/\/www.malagacar.com\/fr\/blog\/loisirs\/dolmens-antequera\/#El_Torcal\" data-wpel-link=\"internal\">El Torcal<\/a><\/li><li class='ez-toc-page-1 ez-toc-heading-level-3'><a class=\"ez-toc-link ez-toc-heading-18\" href=\"https:\/\/www.malagacar.com\/fr\/blog\/loisirs\/dolmens-antequera\/#Pena_de_los_Enamorados\" data-wpel-link=\"internal\">Pe\u00f1a de los Enamorados<\/a><\/li><li class='ez-toc-page-1 ez-toc-heading-level-3'><a class=\"ez-toc-link ez-toc-heading-19\" href=\"https:\/\/www.malagacar.com\/fr\/blog\/loisirs\/dolmens-antequera\/#Laguna_Fuente_de_Piedra\" data-wpel-link=\"internal\">Laguna Fuente de Piedra<\/a><\/li><li class='ez-toc-page-1 ez-toc-heading-level-3'><a class=\"ez-toc-link ez-toc-heading-20\" href=\"https:\/\/www.malagacar.com\/fr\/blog\/loisirs\/dolmens-antequera\/#Antequera\" data-wpel-link=\"internal\">Antequera<\/a><\/li><\/ul><\/li><\/ul><\/nav><\/div>\n<h2><span class=\"ez-toc-section\" id=\"Quest-ce_quun_Dolmen\"><\/span>Qu&rsquo;est-ce qu&rsquo;un Dolmen ?<span class=\"ez-toc-section-end\"><\/span><\/h2>\n<p>Les Dolmens d&rsquo;Antequera sont des constructions pr\u00e9historiques constitu\u00e9es de grandes pierres, deux ou plus dispos\u00e9es verticalement, et une horizontale au-dessus (Dolmen = \u00ab\u00a0grande table de pierre\u00a0\u00bb en breton). Curieusement, les dolmens existent dans le monde entier (Asie, Moyen-Orient, Europe et Afrique), ind\u00e9pendamment de la culture. En Cor\u00e9e, on trouve le plus grand nombre de dolmens, soit environ 35 000, ce qui repr\u00e9sente pr\u00e8s de 40 % de tous ceux du monde.<\/p>\n<p><em><strong>\u00c0 Antequera, en Malaga, nous avons notre propre Stonehenge particulier<\/strong><\/em> de l&rsquo;\u00e9poque n\u00e9olithique. Pour te donner une id\u00e9e, ces constructions ont une incroyable anciennet\u00e9 de 6 500 ans.<\/p>\n<p><!--more--><\/p>\n\n            <div class=\"banner\">\n                <div class=\"row\">\n                    <div class=\"col-sm-4\">\n                        <a href=\"\/fr\/location-de-voitures\/quote.php\" data-wpel-link=\"internal\"><img decoding=\"async\" src=\"\/images\/banner-img.jpg\" alt=\"malagacar.com\"><\/a>\n                    <\/div>\n                    <div class=\"col-sm-8\">\n                      <a href=\"\/fr\/location-de-voitures\/quote.php\" class=\"banner-title\" data-wpel-link=\"internal\">Meilleure location de voitures <div>\u00e0 l'a\u00e9roport de Malaga<\/div><\/a>   \n                        <div class=\"row\">\n                            <div class=\"col-sm-7\">\n                                <ul>\n                                    <li>Pas de frais de ravitaillement<\/li>\n                                    <li>Annulation gratuite<\/li>\n                                    <li>Location sans interm\u00e9diaire<\/li>\n                                    <li>Payez lorsque vous prenez la voiture<\/li>\n                                    <li><\/li>\n                                <\/ul>\n                            <\/div>\n                            <div class=\"col-sm-5\">\n                                <a class=\"btn-banner\" href=\"\/fr\/location-de-voitures\/quote.php\" data-wpel-link=\"internal\">Consultez les prix<\/a>\n                                <img decoding=\"async\" class=\"zonturent\" src=\"\/images\/zontu-banner.png\" alt=\"\">\n                            <\/div>\n                        <\/div>\n                    <\/div>\n                 <\/div>  \n            <\/div>\n            \n<h2><span class=\"ez-toc-section\" id=\"Les_Dolmens_dAntequera_le_Stonehenge_andalou\"><\/span>Les Dolmens d&rsquo;Antequera, le Stonehenge andalou<span class=\"ez-toc-section-end\"><\/span><\/h2>\n<p>Trois dolmens de diff\u00e9rentes \u00e9poques pr\u00e9historiques se situent en p\u00e9riph\u00e9rie d\u2019Antequera. Ils font partie du patrimoine mondial de l\u2019UNESCO et portent le nom d\u2019Ensemble arch\u00e9ologique des Dolmens d\u2019Antequera.<\/p>\n<p>Le plus ancien et le plus colossal, le dolmen de Menga, \u00e9tait d\u00e9j\u00e0 connu. Les deux autres ont r\u00e9apparu au d\u00e9but du XXe si\u00e8cle. Deux fr\u00e8res jardiniers de la r\u00e9gion les ont red\u00e9couverts lors de fouilles qu\u2019ils ont effectu\u00e9es eux-m\u00eames. L\u2019un d\u2019eux a donn\u00e9 son nom au Dolmen de Viera.<\/p>\n<p>Nous allons les examiner tous les trois ci-dessous, et comme tu le verras, chacun a quelque chose de tr\u00e8s sp\u00e9cial.<\/p>\n<p>Au d\u00e9part, on admet la th\u00e9orie de l&rsquo;utilisation des dolmens comme lieux fun\u00e9raires, mais compte tenu de ces particularit\u00e9s, on sugg\u00e8re que ce n&rsquo;\u00e9tait pas leur seule utilisation, si c&rsquo;\u00e9tait le cas.<\/p>\n<h3><span class=\"ez-toc-section\" id=\"Le_Dolmen_de_Menga\"><\/span>Le Dolmen de Menga<span class=\"ez-toc-section-end\"><\/span><\/h3>\n<p><img loading=\"lazy\" decoding=\"async\" class=\"alignnone wp-image-10792\" src=\"https:\/\/www.malagacar.com\/sp\/blog\/wp-content\/uploads\/2022\/04\/dolmen1-1024x512.jpg\" alt=\"Dolmens d'Menga\" width=\"622\" height=\"311\" \/><\/p>\n<p>C\u2019est le plus impressionnant et le plus ancien. Il date d\u2019environ 5 700 ans. C\u2019est <strong>environ 1 200 ans de plus que Stonehenge en Angleterre<\/strong>.<\/p>\n<p>Ce dolmen est spectaculaire. L\u2019habilet\u00e9 de sa construction est remarquable. Les poids des piliers et des dalles de couverture sont impressionnants. La plus grande p\u00e8se 150 tonnes. C\u2019est l\u2019un des plus grands m\u00e9galithes d\u2019Europe.<\/p>\n<p>Le couloir de Menga est orient\u00e9 vers la Pe\u00f1a de los Enamorados. C\u2019est une montagne au profil particulier. Les habitants l\u2019appellent aussi \u201cCabeza de Indio\u201d.<\/p>\n<figure id=\"attachment_10794\" aria-describedby=\"caption-attachment-10794\" style=\"width: 620px\" class=\"wp-caption alignnone\"><img loading=\"lazy\" decoding=\"async\" class=\"wp-image-10794\" src=\"https:\/\/www.malagacar.com\/sp\/blog\/wp-content\/uploads\/2022\/04\/Primavera-Foto-Maria-Teresa-Castillo-Perez.jpg\" alt=\"Dolmens d'Menga\" width=\"620\" height=\"564\" \/><figcaption id=\"caption-attachment-10794\" class=\"wp-caption-text\">Photo de Mar\u00eda Teresa Castillo P\u00e9rez<\/figcaption><\/figure>\n<h3><span class=\"ez-toc-section\" id=\"Le_Dolmen_de_Viera\"><\/span>Le Dolmen de Viera<span class=\"ez-toc-section-end\"><\/span><\/h3>\n<p>Le Dolmen de Viera, en plus de son impressionnante anciennet\u00e9 d&rsquo;environ 4 500 ans, se distingue par un ph\u00e9nom\u00e8ne astronomique singulier :<\/p>\n<p>Il a une orientation sp\u00e9cifique. Lors du lever du soleil aux \u00e9quinoxes de printemps et d\u2019automne, les rayons du soleil p\u00e9n\u00e8trent par l\u2019entr\u00e9e. Ils \u00e9clairent la chambre fun\u00e9raire.<\/p>\n<figure id=\"attachment_10795\" aria-describedby=\"caption-attachment-10795\" style=\"width: 620px\" class=\"wp-caption alignnone\"><img loading=\"lazy\" decoding=\"async\" class=\"wp-image-10795\" src=\"https:\/\/www.malagacar.com\/sp\/blog\/wp-content\/uploads\/2022\/04\/\u00a9-Javier-Garcia-Blanco.jpg\" alt=\"Dolmens d'Vieira\" width=\"620\" height=\"415\" \/><figcaption id=\"caption-attachment-10795\" class=\"wp-caption-text\">Photo de Javier Garc\u00eda Blanco<\/figcaption><\/figure>\n<p>Pour cet \u00e9v\u00e9nement, une ouverture extraordinaire du Dolmen est organis\u00e9e. Elle est destin\u00e9e \u00e0 un public tr\u00e8s limit\u00e9 (tr\u00e8s convoit\u00e9). Les informations sont publi\u00e9es quelques jours avant sur leur <a href=\"https:\/\/www.facebook.com\/cadolmenesdeantequera\/\" data-wpel-link=\"external\" rel=\"external noopener noreferrer\"><strong>Facebook<\/strong><\/a>. Une r\u00e9servation est n\u00e9cessaire. D\u00e9p\u00eache-toi, les places partent vite !<\/p>\n<h3><span class=\"ez-toc-section\" id=\"Dolmen_El_Romeral\"><\/span>Dolmen El Romeral<span class=\"ez-toc-section-end\"><\/span><\/h3>\n<p>C&rsquo;est le plus grand des trois dolmens, situ\u00e9 \u00e0 environ 4 km des deux autres sur une colline.<\/p>\n<p><img loading=\"lazy\" decoding=\"async\" class=\"alignnone wp-image-10796\" src=\"https:\/\/www.malagacar.com\/sp\/blog\/wp-content\/uploads\/2022\/04\/interior3.jpg\" alt=\"Dolmen El Romeral\" width=\"618\" height=\"412\" \/><\/p>\n<p>Ce dolmen pr\u00e9sente \u00e9galement plusieurs particularit\u00e9s :<\/p>\n<p>Il poss\u00e8de un \u00e9norme d\u00f4me qui pointe directement vers le point le plus \u00e9lev\u00e9 de la Sierra de El Torcal et <em><strong>lors du solstice d&rsquo;hiver, le soleil s&rsquo;aligne avec son couloir<\/strong><\/em>, de telle mani\u00e8re que les rayons atteignent la partie la plus profonde du dolmen.<\/p>\n<p>Ce ph\u00e9nom\u00e8ne n&rsquo;a \u00e9t\u00e9 d\u00e9couvert qu&rsquo;en 2008 par hasard.<\/p>\n<h2><span class=\"ez-toc-section\" id=\"Visite_du_site_archeologique\"><\/span>Visite du site arch\u00e9ologique<span class=\"ez-toc-section-end\"><\/span><\/h2>\n<h3><img loading=\"lazy\" decoding=\"async\" class=\"alignnone wp-image-10797\" src=\"https:\/\/www.malagacar.com\/sp\/blog\/wp-content\/uploads\/2022\/04\/entrada-1024x568.jpg\" alt=\"Dolmens d'Antequera\" width=\"626\" height=\"347\" \/><\/h3>\n<h3><span class=\"ez-toc-section\" id=\"Accessibilite\"><\/span>Accessibilit\u00e9<span class=\"ez-toc-section-end\"><\/span><\/h3>\n<p>L\u2019enceinte 1 (Dolmen de Menga et Dolmen de Viera) et l\u2019enceinte 2 (Dolmen El Romeral) sont accessibles aux personnes \u00e0 mobilit\u00e9 r\u00e9duite.<\/p>\n<p>Le site arch\u00e9ologique met \u00e0 disposition des fauteuils roulants \u00e0 la r\u00e9ception du mus\u00e9e pour toute personne qui en fait la demande.<\/p>\n<p>L&rsquo;<em><strong>entr\u00e9e est gratuite<\/strong><\/em>.<\/p>\n<p>Cependant, il est recommand\u00e9 de profiter des visites guid\u00e9es gratuites (r\u00e9servation n\u00e9cessaire), les informations sont ci-dessous.<\/p>\n<h3><span class=\"ez-toc-section\" id=\"A_prendre_en_compte\"><\/span>\u00c0 prendre en compte<span class=\"ez-toc-section-end\"><\/span><\/h3>\n<p>Il est important de noter que le troisi\u00e8me dolmen, El Romeral, est situ\u00e9 en dehors de l&rsquo;ensemble arch\u00e9ologique, \u00e0 une distance de 3,4 km. Par cons\u00e9quent, il est n\u00e9cessaire de se d\u00e9placer en v\u00e9hicule.<\/p>\n<p><iframe loading=\"lazy\" style=\"border: 0;\" src=\"https:\/\/www.google.com\/maps\/embed?pb=!1m28!1m12!1m3!1d15545.07492587299!2d-4.54456548149909!3d37.02577283237155!2m3!1f0!2f0!3f0!3m2!1i1024!2i768!4f13.1!4m13!3e0!4m5!1s0xd728f88f6642305%3A0x33492569c8426f99!2sTholos%20de%20El%20Romeral%2C%20Cerro%20Romeral%2C%20Antequera!3m2!1d37.034192499999996!2d-4.5350274!4m5!1s0xd728feeae1c1e1f%3A0xadf0a533c9ef9a9e!2sConjunto%20Arqueol%C3%B3gico%20D%C3%B3lmenes%20de%20Antequera%2C%20Carr.%20de%20M%C3%A1laga%2C%205%2C%2029200%20Antequera%2C%20M%C3%A1laga!3m2!1d37.0237546!2d-4.5463793!5e1!3m2!1ses!2ses!4v1649836650842!5m2!1ses!2ses\" width=\"600\" height=\"450\" allowfullscreen=\"allowfullscreen\"><span data-mce-type=\"bookmark\" style=\"display: inline-block; width: 0px; overflow: hidden; line-height: 0;\" class=\"mce_SELRES_start\">\ufeff<\/span><\/iframe><\/p>\n<h3><span class=\"ez-toc-section\" id=\"Horaires_de_visite\"><\/span>Horaires de visite<span class=\"ez-toc-section-end\"><\/span><\/h3>\n<p>Au mois de mars et du 16 septembre au 31 d\u00e9cembre, du mardi au samedi, de 9 h \u00e0 18 h. Le dimanche, les jours f\u00e9ri\u00e9s et le lundi pr\u00e9c\u00e9dant un jour f\u00e9ri\u00e9, de 9 h \u00e0 15 h.<\/p>\n<p>Du 1er avril au 15 juin, du mardi au samedi, de 9 h \u00e0 20 h. Le dimanche, les jours f\u00e9ri\u00e9s et le lundi pr\u00e9c\u00e9dant un jour f\u00e9ri\u00e9, de 9 h \u00e0 15 h.<\/p>\n<p>Du 16 juin au 15 septembre, du mardi au dimanche, les jours f\u00e9ri\u00e9s et le lundi pr\u00e9c\u00e9dant les jours f\u00e9ri\u00e9s, de 9 h \u00e0 15 h.<\/p>\n<p>Les mus\u00e9es, ensembles arch\u00e9ologiques et monuments ferment leurs portes le 1er et le 6 janvier, le 1er mai, ainsi que les 24, 25 et 31 d\u00e9cembre.<\/p>\n<p>Ferm\u00e9 le lundi.<\/p>\n<h3><span class=\"ez-toc-section\" id=\"Centre_dinterpretation\"><\/span>Centre d&rsquo;interpr\u00e9tation<span class=\"ez-toc-section-end\"><\/span><\/h3>\n<p>Un centre d\u2019interpr\u00e9tation se trouve dans l\u2019ensemble arch\u00e9ologique. Il projette une vid\u00e9o qui explique les diff\u00e9rentes hypoth\u00e8ses sur la construction et l\u2019histoire du site.<\/p>\n<h2><span class=\"ez-toc-section\" id=\"Activites_aux_Dolmens\"><\/span>Activit\u00e9s aux Dolmens<span class=\"ez-toc-section-end\"><\/span><\/h2>\n<h3><span class=\"ez-toc-section\" id=\"Visites_guidees_gratuites_des_monuments\"><\/span>Visites guid\u00e9es gratuites des monuments<span class=\"ez-toc-section-end\"><\/span><\/h3>\n<p>Vous pouvez visiter les Dolmens d&rsquo;Antequera gratuitement toute l\u2019ann\u00e9e (voir horaires de visite). Nous recommandons des visites guid\u00e9es. Elles sont disponibles en quatre langues : espagnol, fran\u00e7ais, anglais et italien. Vous devez r\u00e9server \u00e0 l\u2019avance :<\/p>\n<p>Enceinte 1 (centre d&rsquo;interpr\u00e9tation, monuments m\u00e9galithiques de Menga et Viera) : Envoyez une demande de r\u00e9servation par e-mail \u00e0 l&rsquo;adresse <a href=\"mailto:visitasdolmenesdeantequera.ccul@juntadeandalucia.es\"><strong>visitasdolmenesdeantequera.ccul@juntadeandalucia.es<\/strong><\/a> avec les informations suivantes : nom et pr\u00e9nom, num\u00e9ro de t\u00e9l\u00e9phone, jour et heure, et nombre de visiteurs.<\/p>\n<p>Enceinte 2 (Tholos El Romeral) : Aucune r\u00e9servation pr\u00e9alable n&rsquo;est n\u00e9cessaire. De 12 h \u00e0 14 h, trois visites guid\u00e9es sont organis\u00e9es par intervalles de 30 minutes en fonction de la pr\u00e9sence du public.<\/p>\n<p>La visite commence au mus\u00e9e du site avec la projection de la vid\u00e9o Menga, qui montre le processus de construction.<\/p>\n<h3><span class=\"ez-toc-section\" id=\"Celebrations_du_Soleil\"><\/span>C\u00e9l\u00e9brations du Soleil<span class=\"ez-toc-section-end\"><\/span><\/h3>\n<figure id=\"attachment_10798\" aria-describedby=\"caption-attachment-10798\" style=\"width: 500px\" class=\"wp-caption alignnone\"><img loading=\"lazy\" decoding=\"async\" class=\"wp-image-10798\" src=\"https:\/\/www.malagacar.com\/sp\/blog\/wp-content\/uploads\/2022\/04\/sol-899x1024.jpg\" alt=\"Dolmens d'Antequera evento\" width=\"500\" height=\"570\" \/><figcaption id=\"caption-attachment-10798\" class=\"wp-caption-text\">Affiche d&rsquo;une \u00e9dition pr\u00e9c\u00e9dente<\/figcaption><\/figure>\n<p>Les Dolmens d&rsquo;Antequera ouvrent selon un horaire sp\u00e9cial pour observer les ph\u00e9nom\u00e8nes astronomiques-lumineux. Ces ph\u00e9nom\u00e8nes se produisent pendant les \u00e9quinoxes de printemps et d\u2019automne, ainsi que les solstices d\u2019\u00e9t\u00e9 et d\u2019hiver. Cependant, la capacit\u00e9 d\u2019accueil est tr\u00e8s limit\u00e9e.<\/p>\n<p>Les C\u00e9l\u00e9brations du Soleil ont lieu :<br \/>\n&#8211; Le Dolmen de Viera lors des \u00e9quinoxes de printemps (19, 20 et 22 mars \u00e0 7 h 15) et d&rsquo;automne (22, 23 et 24 septembre \u00e0 8 h 15).<br \/>\n&#8211; Le Dolmen de Menga lors du solstice d&rsquo;\u00e9t\u00e9 (18, 19 et 21 juin \u00e0 6 h 45).<br \/>\n&#8211; Le Tholos de El Romeral lors du solstice d&rsquo;hiver (20, 21 et 22 d\u00e9cembre \u00e0 partir de 14 h).<\/p>\n<p>Pour toutes les c\u00e9l\u00e9brations, il est indispensable de faire une demande de r\u00e9servation, aux dates indiqu\u00e9es sur leur <a href=\"https:\/\/www.facebook.com\/cadolmenesdeantequera\/\" data-wpel-link=\"external\" rel=\"external noopener noreferrer\"><strong>Facebook<\/strong><\/a>, ou par e-mail \u00e0 l&rsquo;adresse suivante : <a href=\"mailto:visitasdolmenesdeantequera.ccul@juntadeandalucia.es\"><strong>visitasdolmenesdeantequera.ccul@juntadeandalucia.es<\/strong><\/a>.<\/p>\n<h3><span class=\"ez-toc-section\" id=\"Celebrations_de_la_Lune\"><\/span>C\u00e9l\u00e9brations de la Lune<span class=\"ez-toc-section-end\"><\/span><\/h3>\n<p>Visites guid\u00e9es nocturnes des monuments m\u00e9galithiques de Menga et Viera, tous les mercredis de la mi-juin \u00e0 la mi-septembre, de 20 h \u00e0 22 h.<\/p>\n<p>Il est indispensable de faire une demande de r\u00e9servation par e-mail \u00e0 l&rsquo;adresse suivante : <a href=\"mailto:visitasdolmenesdeantequera.ccul@juntadeandalucia.es\"><strong>visitasdolmenesdeantequera.ccul@juntadeandalucia.es<\/strong><\/a> (en indiquant dans le sujet LUMI\u00c8RE DE LUNE).<\/p>\n<h3><span class=\"ez-toc-section\" id=\"Festival_MengaStones\"><\/span>Festival MengaStones<span class=\"ez-toc-section-end\"><\/span><\/h3>\n<p>Le Festival MengaStones commence \u00e0 partir du solstice d&rsquo;\u00e9t\u00e9 et se termine \u00e0 l&rsquo;\u00e9quinoxe d&rsquo;automne.<\/p>\n<p>C&rsquo;est l&rsquo;un des grands \u00e9v\u00e9nements de l&rsquo;\u00e9t\u00e9 \u00e0 Antequera, offrant gratuitement des performances et des activit\u00e9s de danse contemporaine, cr\u00e9ation vid\u00e9o, musiques du monde, musique ancestrale, danse, flamenco, jazz, th\u00e9\u00e2tre et contes dans le site arch\u00e9ologique en plein air.<\/p>\n<h2><span class=\"ez-toc-section\" id=\"Environnement_naturel_et_alentours\"><\/span>Environnement naturel et alentours<span class=\"ez-toc-section-end\"><\/span><\/h2>\n<h3><span class=\"ez-toc-section\" id=\"El_Torcal\"><\/span>El Torcal<span class=\"ez-toc-section-end\"><\/span><\/h3>\n<p>Comme sorties d&rsquo;un conte de f\u00e9es, ces formations calcaires particuli\u00e8res s&rsquo;\u00e9l\u00e8vent \u00e0 plus de mille m\u00e8tres au-dessus du niveau de la mer.<\/p>\n<p>Ce site naturel unique, class\u00e9 au patrimoine mondial de l&rsquo;UNESCO, propose deux courtes et faciles randonn\u00e9es, un centre d&rsquo;interpr\u00e9tation et un restaurant pour reprendre des forces.<\/p>\n<p>D\u00e9couvrez dans notre article tout ce que vous devez savoir pour <strong>visiter El Torcal de Antequera<\/strong>.<\/p>\n<p><iframe loading=\"lazy\" title=\"Lecteur vid\u00e9o YouTube\" src=\"https:\/\/www.youtube.com\/embed\/j056QO3sUF8\" width=\"1280\" height=\"720\" frameborder=\"0\" allowfullscreen=\"allowfullscreen\"><\/iframe><\/p>\n<h3><span class=\"ez-toc-section\" id=\"Pena_de_los_Enamorados\"><\/span>Pe\u00f1a de los Enamorados<span class=\"ez-toc-section-end\"><\/span><\/h3>\n<p><img loading=\"lazy\" decoding=\"async\" class=\"alignnone wp-image-10799\" src=\"https:\/\/www.malagacar.com\/sp\/blog\/wp-content\/uploads\/2022\/04\/La-Pena-de-los-Enamorados_800x600.jpg\" alt=\"Pe\u00f1a de los Enamorados\" width=\"620\" height=\"465\" \/><\/p>\n<p>La Pe\u00f1a de los Enamorados est une falaise calcaire. Elle a une altitude de 870 m\u00e8tres. Sa forme est tr\u00e8s particuli\u00e8re. Son nom remonte \u00e0 la l\u00e9gende.<\/p>\n<p>Elle ressemble au profil d\u2019une t\u00eate. C\u2019est pourquoi elle est populairement appel\u00e9e \u201cT\u00eate d\u2019Indien\u201d.<\/p>\n<p>Son nom vient d\u2019une ancienne l\u00e9gende. C\u2019est l\u2019histoire tragique d\u2019un amour entre un chr\u00e9tien et une femme maure. Ils se sont pr\u00e9cipit\u00e9s ensemble pour \u00e9chapper \u00e0 leurs poursuivants et \u00e0 une vie s\u00e9par\u00e9e.<\/p>\n<p><a href=\"https:\/\/es.wikiloc.com\/rutas-senderismo\/pena-de-los-enamorados-de-antequera-malaga-20249057\" data-wpel-link=\"external\" rel=\"external noopener noreferrer\"><strong>Itin\u00e9raire de randonn\u00e9e<\/strong><\/a> vers la Pe\u00f1a de los Enamorados sur Wikiloc.<\/p>\n<h3><span class=\"ez-toc-section\" id=\"Laguna_Fuente_de_Piedra\"><\/span>Laguna Fuente de Piedra<span class=\"ez-toc-section-end\"><\/span><\/h3>\n<p><img loading=\"lazy\" decoding=\"async\" class=\"alignnone wp-image-10800\" src=\"https:\/\/www.malagacar.com\/sp\/blog\/wp-content\/uploads\/2022\/04\/Laguna-Fuente-de-Piedra-flamencos.jpg\" alt=\"Laguna Fuente de Piedra\" width=\"619\" height=\"413\" \/><\/p>\n<p>Si vous avez envie d&rsquo;explorer davantage les environs, nous pouvons vous recommander la Laguna Fuente de Piedra, situ\u00e9e \u00e0 environ 25 km d&rsquo;Antequera en direction de S\u00e9ville.<\/p>\n<p>Dans cette <em><strong>grande r\u00e9serve naturelle d&rsquo;eaux sal\u00e9es<\/strong><\/em>, vous trouverez <em><strong>la plus grande colonie de flamants roses<\/strong><\/em> de toute la p\u00e9ninsule ib\u00e9rique. De plus, il y a une grande vari\u00e9t\u00e9 d&rsquo;oiseaux pendant la p\u00e9riode de nidification entre mars et juillet.<\/p>\n<p>Pour observer les oiseaux, la meilleure p\u00e9riode est le printemps. Pour cela, il y a plusieurs points d&rsquo;observation am\u00e9nag\u00e9s.<\/p>\n<p>Si vous souhaitez r\u00e9server une visite guid\u00e9e, vous pouvez trouver plus d&rsquo;informations sur <a href=\"https:\/\/visitasfuentepiedra.es\/\" data-wpel-link=\"external\" rel=\"external noopener noreferrer\"><strong>ce lien<\/strong><\/a>.<\/p>\n<h3><span class=\"ez-toc-section\" id=\"Antequera\"><\/span>Antequera<span class=\"ez-toc-section-end\"><\/span><\/h3>\n<figure id=\"attachment_10801\" aria-describedby=\"caption-attachment-10801\" style=\"width: 619px\" class=\"wp-caption alignnone\"><img loading=\"lazy\" decoding=\"async\" class=\"wp-image-10801\" src=\"https:\/\/www.malagacar.com\/sp\/blog\/wp-content\/uploads\/2022\/04\/Antequera-1024x678.jpg\" alt=\"Antequera\" width=\"619\" height=\"410\" \/><figcaption id=\"caption-attachment-10801\" class=\"wp-caption-text\">Photo Avexperience<\/figcaption><\/figure>\n<p>Antequera est un centre vital depuis l\u2019Antiquit\u00e9. Elle est situ\u00e9e au centre de l\u2019Andalousie. Les principales voies de communication convergent ici. Elles relient Malaga \u00e0 Cordoue et Grenade \u00e0 S\u00e9ville.<\/p>\n<p>La r\u00e9gion \u00e9tait habit\u00e9e il y a des milliers d\u2019ann\u00e9es. Plus tard, elle a \u00e9t\u00e9 peupl\u00e9e par les Carthaginois, les Romains et les musulmans. Ils ont c\u00e9d\u00e9 la place \u00e0 la reconqu\u00eate chr\u00e9tienne. Cela a laiss\u00e9 un h\u00e9ritage monumental et historique dans la ville.<\/p>\n<p>Se promener dans la vieille ville est une id\u00e9e. Profiter des nombreux points de vue en est une autre. Visiter la Coll\u00e9giale Santa Mar\u00eda, un joyau de la Renaissance andalouse, est une autre suggestion. Ou visiter le site monumental de l\u2019Alcazaba.<\/p>\n<p>Enfin, laissez-vous s\u00e9duire par ses tavernes, bars et restaurants. Go\u00fbtez des plats typiques comme la Porra antequerana, les miettes, un mollete ou le c\u00e9l\u00e8bre Bienmesabe.<\/p>\n","protected":false},"excerpt":{"rendered":"<p>Qu&rsquo;est-ce qu&rsquo;un Dolmen ? Les Dolmens d&rsquo;Antequera sont des constructions pr\u00e9historiques constitu\u00e9es de grandes pierres, deux ou plus dispos\u00e9es verticalement, et une horizontale au-dessus (Dolmen = \u00ab\u00a0grande table de pierre\u00a0\u00bb en breton). Curieusement, les dolmens existent dans le monde entier (Asie, Moyen-Orient, Europe et Afrique), ind\u00e9pendamment de la culture. En Cor\u00e9e, on trouve le plus [&hellip;]<\/p>\n","protected":false},"author":1,"featured_media":702,"comment_status":"open","ping_status":"open","sticky":false,"template":"","format":"standard","meta":{"footnotes":""},"categories":[2],"tags":[],"class_list":["post-701","post","type-post","status-publish","format-standard","has-post-thumbnail","hentry","category-loisirs"],"yoast_head":"<!-- This site is optimized with the Yoast SEO plugin v28.4 - https:\/\/yoast.com\/product\/yoast-seo-wordpress\/ -->\n<title>Les Dolmens d&#039;Antequera - Voyage au Stonehenge andalou - Blog de MalagaCar.com<\/title>\n<meta name=\"description\" content=\"Descubre les Dolmens d&#039;Antequera, notre Stonehenge andalou particulier, vieux de plus de 5000 ans.\" \/>\n<meta name=\"robots\" content=\"index, follow, max-snippet:-1, max-image-preview:large, max-video-preview:-1\" \/>\n<link rel=\"canonical\" href=\"https:\/\/www.malagacar.com\/fr\/blog\/loisirs\/dolmens-antequera\/\" \/>\n<meta property=\"og:locale\" content=\"fr_FR\" \/>\n<meta property=\"og:type\" content=\"article\" \/>\n<meta property=\"og:title\" content=\"Les Dolmens d&#039;Antequera - Voyage au Stonehenge andalou - Blog de MalagaCar.com\" \/>\n<meta property=\"og:description\" content=\"Descubre les Dolmens d&#039;Antequera, notre Stonehenge andalou particulier, vieux de plus de 5000 ans.\" \/>\n<meta property=\"og:url\" content=\"https:\/\/www.malagacar.com\/fr\/blog\/loisirs\/dolmens-antequera\/\" \/>\n<meta property=\"og:site_name\" content=\"Blog de MalagaCar.com\" \/>\n<meta property=\"article:publisher\" content=\"https:\/\/www.facebook.com\/malagacar\" \/>\n<meta property=\"article:published_time\" content=\"2022-04-18T10:15:22+00:00\" \/>\n<meta property=\"article:modified_time\" content=\"2023-10-16T11:09:32+00:00\" \/>\n<meta property=\"og:image\" content=\"https:\/\/www.malagacar.com\/fr\/blog\/wp-content\/uploads\/2023\/10\/dolmenes-antequera-fr.jpg\" \/>\n\t<meta property=\"og:image:width\" content=\"1200\" \/>\n\t<meta property=\"og:image:height\" content=\"783\" \/>\n\t<meta property=\"og:image:type\" content=\"image\/jpeg\" \/>\n<meta name=\"author\" content=\"MalagaCar.com\" \/>\n<meta name=\"twitter:card\" content=\"summary_large_image\" \/>\n<meta name=\"twitter:creator\" content=\"@malagacarcom\" \/>\n<meta name=\"twitter:site\" content=\"@malagacarcom\" \/>\n<meta name=\"twitter:label1\" content=\"\u00c9crit par\" \/>\n\t<meta name=\"twitter:data1\" content=\"MalagaCar.com\" \/>\n\t<meta name=\"twitter:label2\" content=\"Dur\u00e9e de lecture estim\u00e9e\" \/>\n\t<meta name=\"twitter:data2\" content=\"10 minutes\" \/>\n<script type=\"application\/ld+json\" class=\"yoast-schema-graph\">{\"@context\":\"https:\\\/\\\/schema.org\",\"@graph\":[{\"@type\":\"Article\",\"@id\":\"https:\\\/\\\/www.malagacar.com\\\/fr\\\/blog\\\/loisirs\\\/dolmens-antequera\\\/#article\",\"isPartOf\":{\"@id\":\"https:\\\/\\\/www.malagacar.com\\\/fr\\\/blog\\\/loisirs\\\/dolmens-antequera\\\/\"},\"author\":{\"name\":\"MalagaCar.com\",\"@id\":\"https:\\\/\\\/www.malagacar.com\\\/fr\\\/blog\\\/#\\\/schema\\\/person\\\/ffb97005d02bcc7d0bb59f5409635691\"},\"headline\":\"Les Dolmens d&rsquo;Antequera &#8211; Voyage au Stonehenge andalou\",\"datePublished\":\"2022-04-18T10:15:22+00:00\",\"dateModified\":\"2023-10-16T11:09:32+00:00\",\"mainEntityOfPage\":{\"@id\":\"https:\\\/\\\/www.malagacar.com\\\/fr\\\/blog\\\/loisirs\\\/dolmens-antequera\\\/\"},\"wordCount\":1766,\"commentCount\":0,\"publisher\":{\"@id\":\"https:\\\/\\\/www.malagacar.com\\\/fr\\\/blog\\\/#organization\"},\"image\":{\"@id\":\"https:\\\/\\\/www.malagacar.com\\\/fr\\\/blog\\\/loisirs\\\/dolmens-antequera\\\/#primaryimage\"},\"thumbnailUrl\":\"https:\\\/\\\/www.malagacar.com\\\/fr\\\/blog\\\/wp-content\\\/uploads\\\/2023\\\/10\\\/dolmenes-antequera-fr.jpg\",\"articleSection\":[\"Loisirs\"],\"inLanguage\":\"fr-FR\",\"potentialAction\":[{\"@type\":\"CommentAction\",\"name\":\"Comment\",\"target\":[\"https:\\\/\\\/www.malagacar.com\\\/fr\\\/blog\\\/loisirs\\\/dolmens-antequera\\\/#respond\"]}]},{\"@type\":\"WebPage\",\"@id\":\"https:\\\/\\\/www.malagacar.com\\\/fr\\\/blog\\\/loisirs\\\/dolmens-antequera\\\/\",\"url\":\"https:\\\/\\\/www.malagacar.com\\\/fr\\\/blog\\\/loisirs\\\/dolmens-antequera\\\/\",\"name\":\"Les Dolmens d'Antequera - Voyage au Stonehenge andalou - Blog de MalagaCar.com\",\"isPartOf\":{\"@id\":\"https:\\\/\\\/www.malagacar.com\\\/fr\\\/blog\\\/#website\"},\"primaryImageOfPage\":{\"@id\":\"https:\\\/\\\/www.malagacar.com\\\/fr\\\/blog\\\/loisirs\\\/dolmens-antequera\\\/#primaryimage\"},\"image\":{\"@id\":\"https:\\\/\\\/www.malagacar.com\\\/fr\\\/blog\\\/loisirs\\\/dolmens-antequera\\\/#primaryimage\"},\"thumbnailUrl\":\"https:\\\/\\\/www.malagacar.com\\\/fr\\\/blog\\\/wp-content\\\/uploads\\\/2023\\\/10\\\/dolmenes-antequera-fr.jpg\",\"datePublished\":\"2022-04-18T10:15:22+00:00\",\"dateModified\":\"2023-10-16T11:09:32+00:00\",\"description\":\"Descubre les Dolmens d'Antequera, notre Stonehenge andalou particulier, vieux de plus de 5000 ans.\",\"breadcrumb\":{\"@id\":\"https:\\\/\\\/www.malagacar.com\\\/fr\\\/blog\\\/loisirs\\\/dolmens-antequera\\\/#breadcrumb\"},\"inLanguage\":\"fr-FR\",\"potentialAction\":[{\"@type\":\"ReadAction\",\"target\":[\"https:\\\/\\\/www.malagacar.com\\\/fr\\\/blog\\\/loisirs\\\/dolmens-antequera\\\/\"]}]},{\"@type\":\"ImageObject\",\"inLanguage\":\"fr-FR\",\"@id\":\"https:\\\/\\\/www.malagacar.com\\\/fr\\\/blog\\\/loisirs\\\/dolmens-antequera\\\/#primaryimage\",\"url\":\"https:\\\/\\\/www.malagacar.com\\\/fr\\\/blog\\\/wp-content\\\/uploads\\\/2023\\\/10\\\/dolmenes-antequera-fr.jpg\",\"contentUrl\":\"https:\\\/\\\/www.malagacar.com\\\/fr\\\/blog\\\/wp-content\\\/uploads\\\/2023\\\/10\\\/dolmenes-antequera-fr.jpg\",\"width\":1200,\"height\":783,\"caption\":\"Dolmens d'Antequera\"},{\"@type\":\"BreadcrumbList\",\"@id\":\"https:\\\/\\\/www.malagacar.com\\\/fr\\\/blog\\\/loisirs\\\/dolmens-antequera\\\/#breadcrumb\",\"itemListElement\":[{\"@type\":\"ListItem\",\"position\":1,\"name\":\"Accueil\",\"item\":\"https:\\\/\\\/www.malagacar.com\\\/fr\\\/blog\\\/\"},{\"@type\":\"ListItem\",\"position\":2,\"name\":\"Les Dolmens d&#8217;Antequera &#8211; Voyage au Stonehenge andalou\"}]},{\"@type\":\"WebSite\",\"@id\":\"https:\\\/\\\/www.malagacar.com\\\/fr\\\/blog\\\/#website\",\"url\":\"https:\\\/\\\/www.malagacar.com\\\/fr\\\/blog\\\/\",\"name\":\"Blog de MalagaCar.com\",\"description\":\"Nouvelles et informations int\u00e9ressantes sur la location de voitures \u00e0 l&#039;a\u00e9roport de Malaga.\",\"publisher\":{\"@id\":\"https:\\\/\\\/www.malagacar.com\\\/fr\\\/blog\\\/#organization\"},\"potentialAction\":[{\"@type\":\"SearchAction\",\"target\":{\"@type\":\"EntryPoint\",\"urlTemplate\":\"https:\\\/\\\/www.malagacar.com\\\/fr\\\/blog\\\/?s={search_term_string}\"},\"query-input\":{\"@type\":\"PropertyValueSpecification\",\"valueRequired\":true,\"valueName\":\"search_term_string\"}}],\"inLanguage\":\"fr-FR\"},{\"@type\":\"Organization\",\"@id\":\"https:\\\/\\\/www.malagacar.com\\\/fr\\\/blog\\\/#organization\",\"name\":\"MalagaCar.com\",\"url\":\"https:\\\/\\\/www.malagacar.com\\\/fr\\\/blog\\\/\",\"logo\":{\"@type\":\"ImageObject\",\"inLanguage\":\"fr-FR\",\"@id\":\"https:\\\/\\\/www.malagacar.com\\\/fr\\\/blog\\\/#\\\/schema\\\/logo\\\/image\\\/\",\"url\":\"https:\\\/\\\/www.malagacar.com\\\/fr\\\/blog\\\/wp-content\\\/uploads\\\/2021\\\/06\\\/logo-malagacar-social.png\",\"contentUrl\":\"https:\\\/\\\/www.malagacar.com\\\/fr\\\/blog\\\/wp-content\\\/uploads\\\/2021\\\/06\\\/logo-malagacar-social.png\",\"width\":900,\"height\":900,\"caption\":\"MalagaCar.com\"},\"image\":{\"@id\":\"https:\\\/\\\/www.malagacar.com\\\/fr\\\/blog\\\/#\\\/schema\\\/logo\\\/image\\\/\"},\"sameAs\":[\"https:\\\/\\\/www.facebook.com\\\/malagacar\",\"https:\\\/\\\/x.com\\\/malagacarcom\",\"https:\\\/\\\/www.instagram.com\\\/malagacar\\\/\",\"https:\\\/\\\/www.linkedin.com\\\/company\\\/malagacar.com\",\"https:\\\/\\\/www.youtube.com\\\/c\\\/MalagacarAirport\"]},{\"@type\":\"Person\",\"@id\":\"https:\\\/\\\/www.malagacar.com\\\/fr\\\/blog\\\/#\\\/schema\\\/person\\\/ffb97005d02bcc7d0bb59f5409635691\",\"name\":\"MalagaCar.com\",\"image\":{\"@type\":\"ImageObject\",\"inLanguage\":\"fr-FR\",\"@id\":\"https:\\\/\\\/secure.gravatar.com\\\/avatar\\\/296ebc31026e7be05868369e4c596b3239b1582b2fcf8a45de57333e2e82bb82?s=96&d=mm&r=g\",\"url\":\"https:\\\/\\\/secure.gravatar.com\\\/avatar\\\/296ebc31026e7be05868369e4c596b3239b1582b2fcf8a45de57333e2e82bb82?s=96&d=mm&r=g\",\"contentUrl\":\"https:\\\/\\\/secure.gravatar.com\\\/avatar\\\/296ebc31026e7be05868369e4c596b3239b1582b2fcf8a45de57333e2e82bb82?s=96&d=mm&r=g\",\"caption\":\"MalagaCar.com\"},\"sameAs\":[\"https:\\\/\\\/www.malagacar.com\\\/fr\\\/blog\"]}]}<\/script>\n<!-- \/ Yoast SEO plugin. -->","yoast_head_json":{"title":"Les Dolmens d'Antequera - Voyage au Stonehenge andalou - Blog de MalagaCar.com","description":"Descubre les Dolmens d'Antequera, notre Stonehenge andalou particulier, vieux de plus de 5000 ans.","robots":{"index":"index","follow":"follow","max-snippet":"max-snippet:-1","max-image-preview":"max-image-preview:large","max-video-preview":"max-video-preview:-1"},"canonical":"https:\/\/www.malagacar.com\/fr\/blog\/loisirs\/dolmens-antequera\/","og_locale":"fr_FR","og_type":"article","og_title":"Les Dolmens d'Antequera - Voyage au Stonehenge andalou - Blog de MalagaCar.com","og_description":"Descubre les Dolmens d'Antequera, notre Stonehenge andalou particulier, vieux de plus de 5000 ans.","og_url":"https:\/\/www.malagacar.com\/fr\/blog\/loisirs\/dolmens-antequera\/","og_site_name":"Blog de MalagaCar.com","article_publisher":"https:\/\/www.facebook.com\/malagacar","article_published_time":"2022-04-18T10:15:22+00:00","article_modified_time":"2023-10-16T11:09:32+00:00","og_image":[{"width":1200,"height":783,"url":"https:\/\/www.malagacar.com\/fr\/blog\/wp-content\/uploads\/2023\/10\/dolmenes-antequera-fr.jpg","type":"image\/jpeg"}],"author":"MalagaCar.com","twitter_card":"summary_large_image","twitter_creator":"@malagacarcom","twitter_site":"@malagacarcom","twitter_misc":{"\u00c9crit par":"MalagaCar.com","Dur\u00e9e de lecture estim\u00e9e":"10 minutes"},"schema":{"@context":"https:\/\/schema.org","@graph":[{"@type":"Article","@id":"https:\/\/www.malagacar.com\/fr\/blog\/loisirs\/dolmens-antequera\/#article","isPartOf":{"@id":"https:\/\/www.malagacar.com\/fr\/blog\/loisirs\/dolmens-antequera\/"},"author":{"name":"MalagaCar.com","@id":"https:\/\/www.malagacar.com\/fr\/blog\/#\/schema\/person\/ffb97005d02bcc7d0bb59f5409635691"},"headline":"Les Dolmens d&rsquo;Antequera &#8211; Voyage au Stonehenge andalou","datePublished":"2022-04-18T10:15:22+00:00","dateModified":"2023-10-16T11:09:32+00:00","mainEntityOfPage":{"@id":"https:\/\/www.malagacar.com\/fr\/blog\/loisirs\/dolmens-antequera\/"},"wordCount":1766,"commentCount":0,"publisher":{"@id":"https:\/\/www.malagacar.com\/fr\/blog\/#organization"},"image":{"@id":"https:\/\/www.malagacar.com\/fr\/blog\/loisirs\/dolmens-antequera\/#primaryimage"},"thumbnailUrl":"https:\/\/www.malagacar.com\/fr\/blog\/wp-content\/uploads\/2023\/10\/dolmenes-antequera-fr.jpg","articleSection":["Loisirs"],"inLanguage":"fr-FR","potentialAction":[{"@type":"CommentAction","name":"Comment","target":["https:\/\/www.malagacar.com\/fr\/blog\/loisirs\/dolmens-antequera\/#respond"]}]},{"@type":"WebPage","@id":"https:\/\/www.malagacar.com\/fr\/blog\/loisirs\/dolmens-antequera\/","url":"https:\/\/www.malagacar.com\/fr\/blog\/loisirs\/dolmens-antequera\/","name":"Les Dolmens d'Antequera - Voyage au Stonehenge andalou - Blog de MalagaCar.com","isPartOf":{"@id":"https:\/\/www.malagacar.com\/fr\/blog\/#website"},"primaryImageOfPage":{"@id":"https:\/\/www.malagacar.com\/fr\/blog\/loisirs\/dolmens-antequera\/#primaryimage"},"image":{"@id":"https:\/\/www.malagacar.com\/fr\/blog\/loisirs\/dolmens-antequera\/#primaryimage"},"thumbnailUrl":"https:\/\/www.malagacar.com\/fr\/blog\/wp-content\/uploads\/2023\/10\/dolmenes-antequera-fr.jpg","datePublished":"2022-04-18T10:15:22+00:00","dateModified":"2023-10-16T11:09:32+00:00","description":"Descubre les Dolmens d'Antequera, notre Stonehenge andalou particulier, vieux de plus de 5000 ans.","breadcrumb":{"@id":"https:\/\/www.malagacar.com\/fr\/blog\/loisirs\/dolmens-antequera\/#breadcrumb"},"inLanguage":"fr-FR","potentialAction":[{"@type":"ReadAction","target":["https:\/\/www.malagacar.com\/fr\/blog\/loisirs\/dolmens-antequera\/"]}]},{"@type":"ImageObject","inLanguage":"fr-FR","@id":"https:\/\/www.malagacar.com\/fr\/blog\/loisirs\/dolmens-antequera\/#primaryimage","url":"https:\/\/www.malagacar.com\/fr\/blog\/wp-content\/uploads\/2023\/10\/dolmenes-antequera-fr.jpg","contentUrl":"https:\/\/www.malagacar.com\/fr\/blog\/wp-content\/uploads\/2023\/10\/dolmenes-antequera-fr.jpg","width":1200,"height":783,"caption":"Dolmens d'Antequera"},{"@type":"BreadcrumbList","@id":"https:\/\/www.malagacar.com\/fr\/blog\/loisirs\/dolmens-antequera\/#breadcrumb","itemListElement":[{"@type":"ListItem","position":1,"name":"Accueil","item":"https:\/\/www.malagacar.com\/fr\/blog\/"},{"@type":"ListItem","position":2,"name":"Les Dolmens d&#8217;Antequera &#8211; Voyage au Stonehenge andalou"}]},{"@type":"WebSite","@id":"https:\/\/www.malagacar.com\/fr\/blog\/#website","url":"https:\/\/www.malagacar.com\/fr\/blog\/","name":"Blog de MalagaCar.com","description":"Nouvelles et informations int\u00e9ressantes sur la location de voitures \u00e0 l&#039;a\u00e9roport de Malaga.","publisher":{"@id":"https:\/\/www.malagacar.com\/fr\/blog\/#organization"},"potentialAction":[{"@type":"SearchAction","target":{"@type":"EntryPoint","urlTemplate":"https:\/\/www.malagacar.com\/fr\/blog\/?s={search_term_string}"},"query-input":{"@type":"PropertyValueSpecification","valueRequired":true,"valueName":"search_term_string"}}],"inLanguage":"fr-FR"},{"@type":"Organization","@id":"https:\/\/www.malagacar.com\/fr\/blog\/#organization","name":"MalagaCar.com","url":"https:\/\/www.malagacar.com\/fr\/blog\/","logo":{"@type":"ImageObject","inLanguage":"fr-FR","@id":"https:\/\/www.malagacar.com\/fr\/blog\/#\/schema\/logo\/image\/","url":"https:\/\/www.malagacar.com\/fr\/blog\/wp-content\/uploads\/2021\/06\/logo-malagacar-social.png","contentUrl":"https:\/\/www.malagacar.com\/fr\/blog\/wp-content\/uploads\/2021\/06\/logo-malagacar-social.png","width":900,"height":900,"caption":"MalagaCar.com"},"image":{"@id":"https:\/\/www.malagacar.com\/fr\/blog\/#\/schema\/logo\/image\/"},"sameAs":["https:\/\/www.facebook.com\/malagacar","https:\/\/x.com\/malagacarcom","https:\/\/www.instagram.com\/malagacar\/","https:\/\/www.linkedin.com\/company\/malagacar.com","https:\/\/www.youtube.com\/c\/MalagacarAirport"]},{"@type":"Person","@id":"https:\/\/www.malagacar.com\/fr\/blog\/#\/schema\/person\/ffb97005d02bcc7d0bb59f5409635691","name":"MalagaCar.com","image":{"@type":"ImageObject","inLanguage":"fr-FR","@id":"https:\/\/secure.gravatar.com\/avatar\/296ebc31026e7be05868369e4c596b3239b1582b2fcf8a45de57333e2e82bb82?s=96&d=mm&r=g","url":"https:\/\/secure.gravatar.com\/avatar\/296ebc31026e7be05868369e4c596b3239b1582b2fcf8a45de57333e2e82bb82?s=96&d=mm&r=g","contentUrl":"https:\/\/secure.gravatar.com\/avatar\/296ebc31026e7be05868369e4c596b3239b1582b2fcf8a45de57333e2e82bb82?s=96&d=mm&r=g","caption":"MalagaCar.com"},"sameAs":["https:\/\/www.malagacar.com\/fr\/blog"]}]}},"_links":{"self":[{"href":"https:\/\/www.malagacar.com\/fr\/blog\/wp-json\/wp\/v2\/posts\/701","targetHints":{"allow":["GET"]}}],"collection":[{"href":"https:\/\/www.malagacar.com\/fr\/blog\/wp-json\/wp\/v2\/posts"}],"about":[{"href":"https:\/\/www.malagacar.com\/fr\/blog\/wp-json\/wp\/v2\/types\/post"}],"author":[{"embeddable":true,"href":"https:\/\/www.malagacar.com\/fr\/blog\/wp-json\/wp\/v2\/users\/1"}],"replies":[{"embeddable":true,"href":"https:\/\/www.malagacar.com\/fr\/blog\/wp-json\/wp\/v2\/comments?post=701"}],"version-history":[{"count":2,"href":"https:\/\/www.malagacar.com\/fr\/blog\/wp-json\/wp\/v2\/posts\/701\/revisions"}],"predecessor-version":[{"id":704,"href":"https:\/\/www.malagacar.com\/fr\/blog\/wp-json\/wp\/v2\/posts\/701\/revisions\/704"}],"wp:featuredmedia":[{"embeddable":true,"href":"https:\/\/www.malagacar.com\/fr\/blog\/wp-json\/wp\/v2\/media\/702"}],"wp:attachment":[{"href":"https:\/\/www.malagacar.com\/fr\/blog\/wp-json\/wp\/v2\/media?parent=701"}],"wp:term":[{"taxonomy":"category","embeddable":true,"href":"https:\/\/www.malagacar.com\/fr\/blog\/wp-json\/wp\/v2\/categories?post=701"},{"taxonomy":"post_tag","embeddable":true,"href":"https:\/\/www.malagacar.com\/fr\/blog\/wp-json\/wp\/v2\/tags?post=701"}],"curies":[{"name":"wp","href":"https:\/\/api.w.org\/{rel}","templated":true}]}}