{"id":733,"date":"2023-10-23T12:40:55","date_gmt":"2023-10-23T10:40:55","guid":{"rendered":"https:\/\/www.malagacar.com\/fr\/blog\/?p=733"},"modified":"2023-10-23T12:40:55","modified_gmt":"2023-10-23T10:40:55","slug":"meilleure-periode-pour-voyager-a-malaga","status":"publish","type":"post","link":"https:\/\/www.malagacar.com\/fr\/blog\/astuces-de-voyage\/meilleure-periode-pour-voyager-a-malaga\/","title":{"rendered":"Quelle est la meilleure p\u00e9riode pour voyager \u00e0 Malaga ?"},"content":{"rendered":"<p>Peut-\u00eatre que c&rsquo;est cette r\u00e9flexion qui vous a conduit \u00e0 cet article. <em><strong>Quelle est la meilleure p\u00e9riode pour voyager \u00e0 Malaga ?<\/strong><\/em><\/p>\n<p>Nous, qui vivons ici, pensons que <em><strong>Malaga est presque un paradis sur terre et tr\u00e8s visitable pendant les 12 mois de l&rsquo;ann\u00e9e.<\/strong><\/em>. Votre choix sera plus sp\u00e9cifique en fonction de ce que vous cherchez, allons-y !<br \/>\n<!--more--><\/p>\n\n            <div class=\"banner\">\n                <div class=\"row\">\n                    <div class=\"col-sm-4\">\n                        <a href=\"\/fr\/location-de-voitures\/quote.php\" data-wpel-link=\"internal\"><img decoding=\"async\" src=\"\/images\/banner-img.jpg\" alt=\"malagacar.com\"><\/a>\n                    <\/div>\n                    <div class=\"col-sm-8\">\n                      <a href=\"\/fr\/location-de-voitures\/quote.php\" class=\"banner-title\" data-wpel-link=\"internal\">Meilleure location de voitures <div>\u00e0 l'a\u00e9roport de Malaga<\/div><\/a>   \n                        <div class=\"row\">\n                            <div class=\"col-sm-7\">\n                                <ul>\n                                    <li>Pas de frais de ravitaillement<\/li>\n                                    <li>Annulation gratuite<\/li>\n                                    <li>Location sans interm\u00e9diaire<\/li>\n                                    <li>Payez lorsque vous prenez la voiture<\/li>\n                                    <li><\/li>\n                                <\/ul>\n                            <\/div>\n                            <div class=\"col-sm-5\">\n                                <a class=\"btn-banner\" href=\"\/fr\/location-de-voitures\/quote.php\" data-wpel-link=\"internal\">Consultez les prix<\/a>\n                                <img decoding=\"async\" class=\"zonturent\" src=\"\/images\/zontu-banner.png\" alt=\"\">\n                            <\/div>\n                        <\/div>\n                    <\/div>\n                 <\/div>  \n            <\/div>\n            \n<div id=\"ez-toc-container\" class=\"ez-toc-v2_0_87 counter-hierarchy ez-toc-counter ez-toc-light-blue ez-toc-container-direction\">\n<p class=\"ez-toc-title\" style=\"cursor:inherit\">Table des mati\u00e8res<\/p>\n<label for=\"ez-toc-cssicon-toggle-item-6a9a3e2358d64\" class=\"ez-toc-cssicon-toggle-label\"><span class=\"\"><span class=\"eztoc-hide\" style=\"display:none;\">Toggle<\/span><span class=\"ez-toc-icon-toggle-span\"><svg style=\"fill: #999;color:#999\" xmlns=\"http:\/\/www.w3.org\/2000\/svg\" class=\"list-377408\" width=\"20px\" height=\"20px\" viewBox=\"0 0 24 24\" fill=\"none\"><path d=\"M6 6H4v2h2V6zm14 0H8v2h12V6zM4 11h2v2H4v-2zm16 0H8v2h12v-2zM4 16h2v2H4v-2zm16 0H8v2h12v-2z\" fill=\"currentColor\"><\/path><\/svg><svg style=\"fill: #999;color:#999\" class=\"arrow-unsorted-368013\" xmlns=\"http:\/\/www.w3.org\/2000\/svg\" width=\"10px\" height=\"10px\" viewBox=\"0 0 24 24\" version=\"1.2\" baseProfile=\"tiny\"><path d=\"M18.2 9.3l-6.2-6.3-6.2 6.3c-.2.2-.3.4-.3.7s.1.5.3.7c.2.2.4.3.7.3h11c.3 0 .5-.1.7-.3.2-.2.3-.5.3-.7s-.1-.5-.3-.7zM5.8 14.7l6.2 6.3 6.2-6.3c.2-.2.3-.5.3-.7s-.1-.5-.3-.7c-.2-.2-.4-.3-.7-.3h-11c-.3 0-.5.1-.7.3-.2.2-.3.5-.3.7s.1.5.3.7z\"\/><\/svg><\/span><\/span><\/label><input type=\"checkbox\"  id=\"ez-toc-cssicon-toggle-item-6a9a3e2358d64\"  aria-label=\"Toggle\" \/><nav><ul class='ez-toc-list ez-toc-list-level-1 ' ><li class='ez-toc-page-1 ez-toc-heading-level-2'><a class=\"ez-toc-link ez-toc-heading-1\" href=\"https:\/\/www.malagacar.com\/fr\/blog\/astuces-de-voyage\/meilleure-periode-pour-voyager-a-malaga\/#Le_temps_a_Malaga\" data-wpel-link=\"internal\">Le temps \u00e0 Malaga<\/a><ul class='ez-toc-list-level-3' ><li class='ez-toc-heading-level-3'><a class=\"ez-toc-link ez-toc-heading-2\" href=\"https:\/\/www.malagacar.com\/fr\/blog\/astuces-de-voyage\/meilleure-periode-pour-voyager-a-malaga\/#Printemps_a_Malaga\" data-wpel-link=\"internal\">Printemps \u00e0 Malaga<\/a><\/li><li class='ez-toc-page-1 ez-toc-heading-level-3'><a class=\"ez-toc-link ez-toc-heading-3\" href=\"https:\/\/www.malagacar.com\/fr\/blog\/astuces-de-voyage\/meilleure-periode-pour-voyager-a-malaga\/#Ete_a_Malaga\" data-wpel-link=\"internal\">\u00c9t\u00e9 \u00e0 Malaga<\/a><\/li><li class='ez-toc-page-1 ez-toc-heading-level-3'><a class=\"ez-toc-link ez-toc-heading-4\" href=\"https:\/\/www.malagacar.com\/fr\/blog\/astuces-de-voyage\/meilleure-periode-pour-voyager-a-malaga\/#Automne_a_Malaga\" data-wpel-link=\"internal\">Automne \u00e0 Malaga<\/a><\/li><li class='ez-toc-page-1 ez-toc-heading-level-3'><a class=\"ez-toc-link ez-toc-heading-5\" href=\"https:\/\/www.malagacar.com\/fr\/blog\/astuces-de-voyage\/meilleure-periode-pour-voyager-a-malaga\/#Hiver_a_Malaga\" data-wpel-link=\"internal\">Hiver \u00e0 Malaga<\/a><\/li><\/ul><\/li><li class='ez-toc-page-1 ez-toc-heading-level-2'><a class=\"ez-toc-link ez-toc-heading-6\" href=\"https:\/\/www.malagacar.com\/fr\/blog\/astuces-de-voyage\/meilleure-periode-pour-voyager-a-malaga\/#Que_recherche-je_pendant_mes_vacances_a_Malaga\" data-wpel-link=\"internal\">Que recherche-je pendant mes vacances \u00e0 Malaga ?<\/a><ul class='ez-toc-list-level-3' ><li class='ez-toc-heading-level-3'><a class=\"ez-toc-link ez-toc-heading-7\" href=\"https:\/\/www.malagacar.com\/fr\/blog\/astuces-de-voyage\/meilleure-periode-pour-voyager-a-malaga\/#Soleil_et_plage\" data-wpel-link=\"internal\">Soleil et plage<\/a><\/li><li class='ez-toc-page-1 ez-toc-heading-level-3'><a class=\"ez-toc-link ez-toc-heading-8\" href=\"https:\/\/www.malagacar.com\/fr\/blog\/astuces-de-voyage\/meilleure-periode-pour-voyager-a-malaga\/#Evasion_Urbaine\" data-wpel-link=\"internal\">\u00c9vasion Urbaine<\/a><\/li><li class='ez-toc-page-1 ez-toc-heading-level-3'><a class=\"ez-toc-link ez-toc-heading-9\" href=\"https:\/\/www.malagacar.com\/fr\/blog\/astuces-de-voyage\/meilleure-periode-pour-voyager-a-malaga\/#Tourisme_actif_et_Nature\" data-wpel-link=\"internal\">Tourisme actif et Nature<\/a><\/li><\/ul><\/li><li class='ez-toc-page-1 ez-toc-heading-level-2'><a class=\"ez-toc-link ez-toc-heading-10\" href=\"https:\/\/www.malagacar.com\/fr\/blog\/astuces-de-voyage\/meilleure-periode-pour-voyager-a-malaga\/#Preparer_sa_valise_pour_Malaga_les_indispensables_pour_chaque_saison\" data-wpel-link=\"internal\">Pr\u00e9parer sa valise pour Malaga : les indispensables pour chaque saison<\/a><\/li><\/ul><\/nav><\/div>\n<h2><span class=\"ez-toc-section\" id=\"Le_temps_a_Malaga\"><\/span>Le temps \u00e0 Malaga<span class=\"ez-toc-section-end\"><\/span><\/h2>\n<h3><span class=\"ez-toc-section\" id=\"Printemps_a_Malaga\"><\/span>Printemps \u00e0 Malaga<span class=\"ez-toc-section-end\"><\/span><\/h3>\n<p>On pourrait dire qu&rsquo;ici <em><strong>\u00e0 Malaga, nous vivons presque un printemps \u00e9ternel.<\/strong><\/em>. Seulement presque, car il est interrompu par 2 mois de chaleur extr\u00eame.<\/p>\n<p>Caract\u00e9ristique de Malaga est qu&rsquo;il y a des plantes, des fleurs, des arbustes et des arbres qui fleurissent toute l&rsquo;ann\u00e9e, offrant une \u00e9norme vari\u00e9t\u00e9 de couleurs et d&rsquo;ar\u00f4mes pour ravir nos sens.<\/p>\n<figure id=\"attachment_9308\" aria-describedby=\"caption-attachment-9308\" style=\"width: 620px\" class=\"wp-caption alignnone\"><a href=\"https:\/\/www.malagacar.com\/sp\/blog\/wp-content\/uploads\/2021\/08\/Open-sky-and-poppies-at-Valle-de-Abdalajis-by-Cristobal-Molero.jpg\" data-wpel-link=\"internal\"><img loading=\"lazy\" decoding=\"async\" class=\"wp-image-9308\" src=\"https:\/\/www.malagacar.com\/sp\/blog\/wp-content\/uploads\/2021\/08\/Open-sky-and-poppies-at-Valle-de-Abdalajis-by-Cristobal-Molero-1024x614.jpg\" alt=\"meilleure p\u00e9riode pour voyager \u00e0 Malaga\" width=\"620\" height=\"372\" \/><\/a><figcaption id=\"caption-attachment-9308\" class=\"wp-caption-text\">Coquelicots \u00e0 Valle de Abdalajis Photo Cristobal Molero<\/figcaption><\/figure>\n<p>Cela dit, au printemps (mars, avril et mai) apr\u00e8s les pluies hivernales, la floraison est abondante dans la nature en g\u00e9n\u00e9ral.<\/p>\n<figure id=\"attachment_9309\" aria-describedby=\"caption-attachment-9309\" style=\"width: 621px\" class=\"wp-caption alignnone\"><a href=\"https:\/\/www.malagacar.com\/sp\/blog\/wp-content\/uploads\/2021\/08\/Good-afternoon-from-Plaza-de-la-Merced-by-Milana-Vosgien.jpg\" data-wpel-link=\"internal\"><img loading=\"lazy\" decoding=\"async\" class=\"wp-image-9309\" src=\"https:\/\/www.malagacar.com\/sp\/blog\/wp-content\/uploads\/2021\/08\/Good-afternoon-from-Plaza-de-la-Merced-by-Milana-Vosgien-1024x681.jpg\" alt=\"meilleure p\u00e9riode pour voyager \u00e0 Malaga\" width=\"621\" height=\"413\" \/><\/a><figcaption id=\"caption-attachment-9309\" class=\"wp-caption-text\">Place de la Merced en mai Photo Milana Vosgien<\/figcaption><\/figure>\n<h3><span class=\"ez-toc-section\" id=\"Ete_a_Malaga\"><\/span>\u00c9t\u00e9 \u00e0 Malaga<span class=\"ez-toc-section-end\"><\/span><\/h3>\n<p>Nous consacrons un article entier \u00e0 <a href=\"https:\/\/www.malagacar.com\/sp\/blog\/ocio\/malaga-verano\/\" data-wpel-link=\"internal\"><strong>l&rsquo;\u00e9t\u00e9 \u00e0 Malaga<\/strong><\/a>, la haute saison sur la Costa del Sol pour les amateurs de soleil et de plage.<\/p>\n<p>Les temp\u00e9ratures en juillet et ao\u00fbt sont tr\u00e8s \u00e9lev\u00e9es et offrent peu d&rsquo;options en dehors de la plage et de la piscine.<\/p>\n<figure id=\"attachment_11137\" aria-describedby=\"caption-attachment-11137\" style=\"width: 667px\" class=\"wp-caption alignnone\"><img loading=\"lazy\" decoding=\"async\" class=\"size-full wp-image-11137\" src=\"https:\/\/www.malagacar.com\/sp\/blog\/wp-content\/uploads\/2021\/05\/playa-Huelin-domingo.jpg\" alt=\"plage de Huelin \u00e0 Malaga\" width=\"667\" height=\"375\" \/><figcaption id=\"caption-attachment-11137\" class=\"wp-caption-text\">La plage de Huelin \u00e0 Malaga un week-end de juillet<\/figcaption><\/figure>\n<p>Si vous pr\u00e9f\u00e9rez des mois avec une chaleur plus mod\u00e9r\u00e9e pour combiner avec d&rsquo;autres activit\u00e9s, nous vous recommandons juin et septembre.<\/p>\n<h3><span class=\"ez-toc-section\" id=\"Automne_a_Malaga\"><\/span>Automne \u00e0 Malaga<span class=\"ez-toc-section-end\"><\/span><\/h3>\n<p>Si vous pensez que l&rsquo;automne \u00e0 Malaga se r\u00e9sume \u00e0 des journ\u00e9es grises et froides, vous vous trompez !<\/p>\n<p><a href=\"https:\/\/www.malagacar.com\/sp\/blog\/wp-content\/uploads\/2021\/08\/malaga-playa-otono.jpg\" data-wpel-link=\"internal\"><img loading=\"lazy\" decoding=\"async\" class=\"alignnone wp-image-9306\" src=\"https:\/\/www.malagacar.com\/sp\/blog\/wp-content\/uploads\/2021\/08\/malaga-playa-otono-1024x709.jpg\" alt=\"meilleure p\u00e9riode pour voyager \u00e0 Malaga\" width=\"624\" height=\"432\" \/><\/a><\/p>\n<p>Avec le d\u00e9but de l&rsquo;automne, qui n&rsquo;est perceptible qu&rsquo;\u00e0 la fin du mois d&rsquo;octobre, les nuages reviennent apr\u00e8s cinq mois de ciels uniform\u00e9ment bleus.<\/p>\n<figure id=\"attachment_9310\" aria-describedby=\"caption-attachment-9310\" style=\"width: 620px\" class=\"wp-caption alignnone\"><a href=\"https:\/\/www.malagacar.com\/sp\/blog\/wp-content\/uploads\/2021\/08\/Finally-the-clouds-are-back-by-Angel-Checa.jpg\" data-wpel-link=\"internal\"><img loading=\"lazy\" decoding=\"async\" class=\"wp-image-9310\" src=\"https:\/\/www.malagacar.com\/sp\/blog\/wp-content\/uploads\/2021\/08\/Finally-the-clouds-are-back-by-Angel-Checa-1024x682.jpg\" alt=\"meilleure p\u00e9riode pour voyager \u00e0 Malaga\" width=\"620\" height=\"413\" \/><\/a><figcaption id=\"caption-attachment-9310\" class=\"wp-caption-text\">Enfin, les nuages reviennent Photo Angel Checa<\/figcaption><\/figure>\n<p>Les spectacles c\u00e9lestes de nuages et de lumi\u00e8re au lever et au coucher du soleil sont tout simplement spectaculaires chaque jour.<\/p>\n<p>C&rsquo;est le d\u00e9but de la meilleure saison d&rsquo;hiver. Et il convient de noter que l&rsquo;hiver tel que nous le connaissons est virtuellement inexistant \u00e0 Malaga.<\/p>\n<h3><span class=\"ez-toc-section\" id=\"Hiver_a_Malaga\"><\/span>Hiver \u00e0 Malaga<span class=\"ez-toc-section-end\"><\/span><\/h3>\n<figure id=\"attachment_9303\" aria-describedby=\"caption-attachment-9303\" style=\"width: 619px\" class=\"wp-caption alignnone\"><a href=\"https:\/\/www.malagacar.com\/sp\/blog\/wp-content\/uploads\/2021\/08\/Iznate-Vicky-de-Cleer.jpg\" data-wpel-link=\"internal\"><img loading=\"lazy\" decoding=\"async\" class=\"wp-image-9303\" src=\"https:\/\/www.malagacar.com\/sp\/blog\/wp-content\/uploads\/2021\/08\/Iznate-Vicky-de-Cleer.jpg\" alt=\"meilleure p\u00e9riode pour voyager \u00e0 Malaga\" width=\"619\" height=\"464\" \/><\/a><figcaption id=\"caption-attachment-9303\" class=\"wp-caption-text\">L&rsquo;hiver sur la Costa del Sol pr\u00e9sente cette image : des oranges m\u00fbres et des milliers de fleurs. Photo gracieusement fournie par notre client<\/figcaption><\/figure>\n<p>Alors que le reste de l&rsquo;Europe souffre de temp\u00e9ratures glaciales et de ciels couverts pendant des mois, \u00e0 Malaga et sur la Costa del Sol, nous continuons \u00e0 b\u00e9n\u00e9ficier d&rsquo;un climat exceptionnel.<\/p>\n<figure id=\"attachment_9305\" aria-describedby=\"caption-attachment-9305\" style=\"width: 502px\" class=\"wp-caption alignnone\"><a href=\"https:\/\/www.malagacar.com\/sp\/blog\/wp-content\/uploads\/2021\/08\/santa-3.jpg\" data-wpel-link=\"internal\"><img loading=\"lazy\" decoding=\"async\" class=\"wp-image-9305\" src=\"https:\/\/www.malagacar.com\/sp\/blog\/wp-content\/uploads\/2021\/08\/santa-3.jpg\" alt=\"P\u00e8re No\u00ebl \u00e0 Torremolinos\" width=\"502\" height=\"502\" \/><\/a><figcaption id=\"caption-attachment-9305\" class=\"wp-caption-text\">Le P\u00e8re No\u00ebl \u00e0 Torremolinos. Cet homme, r\u00e9sidant \u00e0 Torremolinos, incarne chaque ann\u00e9e le P\u00e8re No\u00ebl lors de nombreux \u00e9v\u00e9nements de No\u00ebl<\/figcaption><\/figure>\n<p><a href=\"https:\/\/www.malagacar.com\/fr\/blog\/loisirs\/choses-a-faire-dans-malaga-en-decembre\/\" data-wpel-link=\"internal\"><strong>D\u00e9cembre \u00e0 Malaga<\/strong><\/a> est souvent une exp\u00e9rience \u00e0 part enti\u00e8re, car pendant la journ\u00e9e, il est courant d&rsquo;atteindre 18\u00b0C\/20\u00b0C.<br \/>\nLes nuits s&rsquo;illuminent le long de toute la c\u00f4te avec <strong>l&rsquo;\u00e9clairage de No\u00ebl<\/strong>, et nous pouvons profiter de nombreux <strong>march\u00e9<\/strong><strong>s<\/strong><strong> de No\u00ebl<\/strong>.<\/p>\n<figure id=\"attachment_7380\" aria-describedby=\"caption-attachment-7380\" style=\"width: 620px\" class=\"wp-caption alignnone\"><a href=\"https:\/\/www.malagacar.com\/sp\/blog\/wp-content\/uploads\/2019\/12\/fotos-luces-Navidad-Malaga-calle-larios-2019.jpg\" data-wpel-link=\"internal\"><img loading=\"lazy\" decoding=\"async\" class=\"wp-image-7380\" src=\"https:\/\/www.malagacar.com\/sp\/blog\/wp-content\/uploads\/2019\/12\/fotos-luces-Navidad-Malaga-calle-larios-2019.jpg\" alt=\"Illuminations de No\u00ebl \u00e0 Malaga, meilleure p\u00e9riode pour voyager \u00e0 Malaga\" width=\"620\" height=\"349\" \/><\/a><figcaption id=\"caption-attachment-7380\" class=\"wp-caption-text\">Illuminations de No\u00ebl dans la rue Larios<\/figcaption><\/figure>\n<p>Novembre et f\u00e9vrier sont g\u00e9n\u00e9ralement les mois avec le plus de jours pluvieux. Mais ce sont aussi les mois o\u00f9 les arcs-en-ciel sont les plus fr\u00e9quents, car le soleil revient rapidement.[\/caption]<\/p>\n<figure id=\"attachment_9311\" aria-describedby=\"caption-attachment-9311\" style=\"width: 620px\" class=\"wp-caption alignnone\"><a href=\"https:\/\/www.malagacar.com\/sp\/blog\/wp-content\/uploads\/2021\/08\/8-enero-nevada-maroma-benalmadena.jpg\" data-wpel-link=\"internal\"><img loading=\"lazy\" decoding=\"async\" class=\"wp-image-9311\" src=\"https:\/\/www.malagacar.com\/sp\/blog\/wp-content\/uploads\/2021\/08\/8-enero-nevada-maroma-benalmadena-1024x599.jpg\" alt=\"Benalm\u00e1dena\" width=\"620\" height=\"363\" \/><\/a><figcaption id=\"caption-attachment-9311\" class=\"wp-caption-text\">De certains endroits de la c\u00f4te, vous pouvez admirer les sommets enneig\u00e9s les plus \u00e9lev\u00e9s, comme La Maroma \u00e0 2 100 m\u00e8tres d&rsquo;altitude<\/figcaption><\/figure>\n<p>Fin janvier \/ d\u00e9but f\u00e9vrier, nous pouvons nous d\u00e9lecter des amandiers en fleurs. Un enchantement pour les sens et les messagers du printemps imminent.<\/p>\n<p>Les mois de basse saison sont sans aucun doute id\u00e9aux pour profiter du tourisme actif, de la randonn\u00e9e et d&rsquo;une escapade \u00e0 Malaga. Peut-\u00eatre pour la <a href=\"https:\/\/www.malagacar.com\/fr\/blog\/loisirs\/saint-valentin-malaga\/\" data-wpel-link=\"internal\"><strong>Saint-Valentin<\/strong><\/a> ?<\/p>\n<figure id=\"attachment_8581\" aria-describedby=\"caption-attachment-8581\" style=\"width: 618px\" class=\"wp-caption alignnone\"><a href=\"https:\/\/www.malagacar.com\/sp\/blog\/wp-content\/uploads\/2021\/02\/Almendros-en-flor-Montes-de-Malaga-by-Rafael-Garcia-Relano.jpg\" data-wpel-link=\"internal\"><img loading=\"lazy\" decoding=\"async\" class=\"wp-image-8581\" src=\"https:\/\/www.malagacar.com\/sp\/blog\/wp-content\/uploads\/2021\/02\/Almendros-en-flor-Montes-de-Malaga-by-Rafael-Garcia-Relano.jpg\" alt=\"meilleure p\u00e9riode pour voyager \u00e0 Malaga\" width=\"618\" height=\"412\" \/><\/a><figcaption id=\"caption-attachment-8581\" class=\"wp-caption-text\">Amandiers en fleurs dans les montagnes de Malaga Photo Rafael Garc\u00eda Rela\u00f1o<\/figcaption><\/figure>\n<h2><span class=\"ez-toc-section\" id=\"Que_recherche-je_pendant_mes_vacances_a_Malaga\"><\/span>Que recherche-je pendant mes vacances \u00e0 Malaga ?<span class=\"ez-toc-section-end\"><\/span><\/h2>\n<h3><span class=\"ez-toc-section\" id=\"Soleil_et_plage\"><\/span>Soleil et plage<span class=\"ez-toc-section-end\"><\/span><\/h3>\n<figure id=\"attachment_14682\" aria-describedby=\"caption-attachment-14682\" style=\"width: 750px\" class=\"wp-caption alignnone\"><img loading=\"lazy\" decoding=\"async\" class=\"size-large wp-image-14682\" src=\"https:\/\/www.malagacar.com\/sp\/blog\/wp-content\/uploads\/2021\/08\/playa-@malaga_today-1024x1024.jpg\" alt=\"Plage d'\u00e9t\u00e9 \u00e0 Malaga\" width=\"750\" height=\"750\" \/><figcaption id=\"caption-attachment-14682\" class=\"wp-caption-text\">Photo @malaga_today<\/figcaption><\/figure>\n<p>Le soleil et la plage sont le choix indiscutable des visiteurs de Malaga et de la Costa del Sol. Malaga est situ\u00e9e \u00e0 l\u2019extr\u00eame sud de l\u2019Europe. Elle b\u00e9n\u00e9ficie d\u2019un excellent climat toute l\u2019ann\u00e9e. De plus, elle est prot\u00e9g\u00e9e des vents froids en hiver par de hautes montagnes.<\/p>\n<p>Nos visiteurs les plus nordiques attendent avec impatience la chaleur. G\u00e9ographiquement parlant, ils ne sont pas si loin au nord de Malaga. Malaga est la ville la plus au sud de l\u2019Europe. Ils aiment ressentir le soleil sur leur peau nue. Ils profitent \u00e9galement des soir\u00e9es estivales.<\/p>\n<figure id=\"attachment_8906\" aria-describedby=\"caption-attachment-8906\" style=\"width: 510px\" class=\"wp-caption alignnone\"><a href=\"https:\/\/www.malagacar.com\/sp\/blog\/wp-content\/uploads\/2021\/06\/marbs.jpg\" data-wpel-link=\"internal\"><img loading=\"lazy\" decoding=\"async\" class=\"wp-image-8906\" src=\"https:\/\/www.malagacar.com\/sp\/blog\/wp-content\/uploads\/2021\/06\/marbs.jpg\" alt=\"\u00e9t\u00e9 \u00e0 Marbella, meilleure p\u00e9riode pour voyager \u00e0 Malaga\" width=\"510\" height=\"610\" \/><\/a><figcaption id=\"caption-attachment-8906\" class=\"wp-caption-text\">Photo : Living Marbella<\/figcaption><\/figure>\n<h4>Printemps<\/h4>\n<p>Mais allons-y progressivement, car l&rsquo;\u00e9t\u00e9 \u00e0 Malaga est tr\u00e8s long. En r\u00e9alit\u00e9, il s&rsquo;\u00e9tend de mai \u00e0 octobre, que nous d\u00e9taillons ci-dessous.<br \/>\n<strong>Mai :<\/strong> M\u00eame en mai, on voit rarement les habitants se baigner, mais ils commencent \u00e0 s&rsquo;approcher de la plage pour peaufiner leur bronzage. Le soleil est d\u00e9j\u00e0 fort, avec des temp\u00e9ratures entre 20 et 25 degr\u00e9s \u00e0 mesure que nous approchons de juin.<\/p>\n<p>L&rsquo;eau est froide, avec une temp\u00e9rature moyenne de 17 degr\u00e9s. Cependant, l&rsquo;auteure s&rsquo;est baign\u00e9e tout l&rsquo;hiver. Bien que cette temp\u00e9rature n&rsquo;invite pas pr\u00e9cis\u00e9ment \u00e0 la baignade, elle procure une sensation merveilleuse. Ceux qui connaissent les bains de Kneipp savent de quoi je parle.<\/p>\n<h4>\u00c9t\u00e9<\/h4>\n<p><strong>Juin :<\/strong> Juin est franchement le paradis. Les temp\u00e9ratures sont estivales, mais restent agr\u00e9ables. La temp\u00e9rature de la mer augmente progressivement, et nous pouvons profiter de magnifiques journ\u00e9es \u00e0 la plage avec des eaux cristallines et propres.<\/p>\n<p>Et le meilleur de tout, pas d&rsquo;afflux de vacanciers. C&rsquo;est le top du top.<\/p>\n<p><strong>Juillet &amp; Ao\u00fbt :<\/strong> Haute saison sur la Costa del Sol. Si vous optez pour des vacances purement baln\u00e9aires, ce sont vos mois. L&rsquo;eau est chaude, les temp\u00e9ratures sont g\u00e9n\u00e9ralement tr\u00e8s \u00e9lev\u00e9es, entre 30\u00b0C et 38\u00b0C.<\/p>\n<p>Pendant ces mois, nous recevons 6 ou 7 fois la visite du <a href=\"https:\/\/www.malagacar.com\/fr\/blog\/malaga\/chaleur-terral\/\" data-wpel-link=\"internal\"><strong>Terral, un ph\u00e9nom\u00e8ne local<\/strong><\/a> qui fait monter les temp\u00e9ratures en quelques minutes \u00e0 des niveaux de four. Pendant ces mois, les temp\u00e9ratures nocturnes descendent rarement en dessous de 23\u00b0C.<\/p>\n<figure id=\"attachment_9292\" aria-describedby=\"caption-attachment-9292\" style=\"width: 621px\" class=\"wp-caption alignnone\"><a href=\"https:\/\/www.malagacar.com\/sp\/blog\/wp-content\/uploads\/2021\/08\/more-suffering-at-OC.jpg\" data-wpel-link=\"internal\"><img loading=\"lazy\" decoding=\"async\" class=\"wp-image-9292\" src=\"https:\/\/www.malagacar.com\/sp\/blog\/wp-content\/uploads\/2021\/08\/more-suffering-at-OC.jpg\" alt=\"meilleure p\u00e9riode pour voyager \u00e0 Malaga\" width=\"621\" height=\"414\" \/><\/a><figcaption id=\"caption-attachment-9292\" class=\"wp-caption-text\">Dolce far niente \u00e0 l&rsquo;Ocean Club Marbella<\/figcaption><\/figure>\n<p>Ce sont des mois \u00e0 passer sur la plage ou au bord de la piscine, tout demande beaucoup d&rsquo;efforts. C&rsquo;est donc le moment id\u00e9al pour se d\u00e9tendre dans l&rsquo;un des nombreux <a href=\"https:\/\/www.malagacar.com\/fr\/blog\/loisirs\/bars-de-plage-malaga\/\" data-wpel-link=\"internal\"><strong>chiringuitos<\/strong><\/a> tout le long de la Costa del Sol. Ou dans l&rsquo;un des <a href=\"https:\/\/www.malagacar.com\/fr\/blog\/loisirs\/meilleurs-beach-clubs-costa-del-sol\/\" data-wpel-link=\"internal\"><strong>meilleurs clubs de plage<\/strong><\/a> offerts par le littoral, et profiter du <em><strong>dolce far niente<\/strong><\/em>, aux c\u00f4t\u00e9s de milliers de personnes, bien s\u00fbr.<\/p>\n<p>Car vous le savez, la haute saison signifie non seulement des temp\u00e9ratures \u00e9lev\u00e9es, mais aussi une occupation tr\u00e8s \u00e9lev\u00e9e des plages, des h\u00f4tels, des restaurants, et des prix beaucoup plus \u00e9lev\u00e9s.<\/p>\n<p><strong>Septembre :<\/strong> Si vous avez la possibilit\u00e9 de prendre des vacances en septembre, c&rsquo;est mille fois mieux ! En fait, septembre est le nouveau ao\u00fbt, mais sans les foules. Les temp\u00e9ratures restent les m\u00eames, seulement le matin il fait plus frais avec des matin\u00e9es \u00e0 20\u00b0C.<\/p>\n<p>La mer est chaude apr\u00e8s un long \u00e9t\u00e9 et l&rsquo;eau devient \u00e9galement moins trouble, car il n&rsquo;y a plus de masses de baigneurs brassant le sable. Septembre, avec juin, est le mois d&rsquo;or pour profiter de tout ce que la Costa del Sol a \u00e0 offrir en mati\u00e8re de plages paisibles.<\/p>\n<h4>Automne<\/h4>\n<p><strong>Octobre :<\/strong> En octobre, il y a encore de fabuleuses journ\u00e9es pour profiter pleinement de la plage. L&rsquo;eau commence \u00e0 se rafra\u00eechir un peu, mais cela n&rsquo;a pas d&rsquo;importance, car pendant la journ\u00e9e, nous atteignons toujours facilement les 25\u00b0C.<\/p>\n<p>Comme nous l&rsquo;avons dit pr\u00e9c\u00e9demment, vous pouvez r\u00e9ellement vous baigner toute l&rsquo;ann\u00e9e. C&rsquo;est un r\u00e9gal, et le soleil vous r\u00e9chauffera rapidement. Mais si vous recherchez la sensation typique de la plage avec tout ce que cela implique, les mois du milieu de l&rsquo;\u00e9t\u00e9 sont faits pour vous.<\/p>\n<h3><span class=\"ez-toc-section\" id=\"Evasion_Urbaine\"><\/span>\u00c9vasion Urbaine<span class=\"ez-toc-section-end\"><\/span><\/h3>\n<p><a href=\"https:\/\/www.malagacar.com\/fr\/blog\/loisirs\/quoi-voir-a-malaga-en-une-journee\/\" data-wpel-link=\"internal\"><strong>Les escapades urbaines<\/strong><\/a> sont un plan id\u00e9al, surtout quand il s&rsquo;agit de Malaga. Vous pouvez profiter de <em><strong>beaucoup d&rsquo;ambiance et d&rsquo;activit\u00e9s<\/strong><\/em> dans la sixi\u00e8me plus grande ville d&rsquo;Espagne pendant toute l&rsquo;ann\u00e9e.<\/p>\n<p>Bien que la chaleur \u00e9touffante d\u00e9conseille les mois de juillet et d&rsquo;ao\u00fbt, \u00e0 moins que vous ne veniez c\u00e9l\u00e9brer la <strong>Feria de M\u00e1laga<\/strong>.<\/p>\n<figure id=\"attachment_6687\" aria-describedby=\"caption-attachment-6687\" style=\"width: 1000px\" class=\"wp-caption alignnone\"><img loading=\"lazy\" decoding=\"async\" class=\"wp-image-6687 size-full\" src=\"https:\/\/www.malagacar.com\/sp\/blog\/wp-content\/uploads\/2018\/07\/calle-larios-feria.jpg\" alt=\"Calle Larios Feria de M\u00e1laga\" width=\"1000\" height=\"664\" \/><figcaption id=\"caption-attachment-6687\" class=\"wp-caption-text\">La Calle Larios pendant la Feria de M\u00e1laga<\/figcaption><\/figure>\n<p>En g\u00e9n\u00e9ral, nous pouvons toujours recommander les mois en dehors de la haute saison pour <strong>d\u00e9couvrir Malaga \u00e0 un rythme plus paisible<\/strong>, les belles rues et places de la vieille ville et prendre un caf\u00e9 dans l&rsquo;une des nombreuses caf\u00e9t\u00e9rias.<\/p>\n<p><figure id=\"attachment_7305\" aria-describedby=\"caption-attachment-7305\" style=\"width: 550px\" class=\"wp-caption alignnone\"><img loading=\"lazy\" decoding=\"async\" class=\"size-full wp-image-7305\" src=\"https:\/\/www.malagacar.com\/sp\/blog\/wp-content\/uploads\/2019\/11\/cafe-churros.jpg\" alt=\"Caf\u00e9 avec des churros[\" width=\"550\" height=\"550\" \/><figcaption id=\"caption-attachment-7305\" class=\"wp-caption-text\">Caf\u00e9 avec des churros<\/figcaption><\/figure>Cette ville mill\u00e9naire a \u00e9t\u00e9 le t\u00e9moin de diverses cultures qui ont laiss\u00e9 leur empreinte, depuis l&rsquo;ancien th\u00e9\u00e2tre romain jusqu&rsquo;\u00e0 la forteresse arabe, tous deux \u00e0 deux pas du centre.<\/p>\n<p>Malaga s&rsquo;est \u00e9galement fait un nom au cours des derni\u00e8res ann\u00e9es en abritant une <a href=\"https:\/\/www.malagacar.com\/fr\/blog\/loisirs\/meilleurs-musees-malaga\/\" data-wpel-link=\"internal\"><strong>grande quantit\u00e9 de mus\u00e9es<\/strong><\/a> dans sa vieille ville. Beaucoup d&rsquo;entre eux sont situ\u00e9s dans de magnifiques b\u00e2timents anciens restaur\u00e9s, ce qui vaut d\u00e9j\u00e0 la peine d&rsquo;\u00eatre visit\u00e9.<\/p>\n<figure id=\"attachment_10558\" aria-describedby=\"caption-attachment-10558\" style=\"width: 768px\" class=\"wp-caption alignnone\"><img loading=\"lazy\" decoding=\"async\" class=\"size-full wp-image-10558\" src=\"https:\/\/www.malagacar.com\/sp\/blog\/wp-content\/uploads\/2022\/03\/Carmen-Thyssen-768x432-1.jpg\" alt=\"Museo Carmen Thyssen\" width=\"768\" height=\"432\" \/><figcaption id=\"caption-attachment-10558\" class=\"wp-caption-text\">Mus\u00e9e Carmen Thyssen<br \/>Mais aussi la vie moderne est tr\u00e8s attrayante \u00e0 Malaga. <a href=\"https:\/\/www.malagacar.com\/fr\/blog\/actualites\/location-trottinettes-electriques-malaga\/\" data-wpel-link=\"internal\"><strong>Louez un scooter \u00e9lectrique<\/strong><\/a> ou un v\u00e9lo et d\u00e9couvrez la ville \u00e0 votre mani\u00e8re !<\/figcaption><\/figure>\n<p>Promenez-vous au <a href=\"https:\/\/www.malagacar.com\/fr\/blog\/loisirs\/quai-un-malaga\/\" data-wpel-link=\"internal\"><strong>Muelle Uno<\/strong><\/a> avec ses march\u00e9s en plein air, ses boutiques et ses restaurants, \u00e0 quelques m\u00e8tres du centre historique.<\/p>\n<p>Ou <a href=\"https:\/\/www.malagacar.com\/fr\/blog\/loisirs\/terrasses-avec-vue-malaga\/\" data-wpel-link=\"internal\"><strong>montez en hauteur vers les meilleures terrasses avec vue<\/strong><\/a> pour profiter de Malaga sous un autre angle tout en prenant un verre ou en d\u00eenant.<\/p>\n<figure id=\"attachment_7307\" aria-describedby=\"caption-attachment-7307\" style=\"width: 960px\" class=\"wp-caption alignnone\"><img loading=\"lazy\" decoding=\"async\" class=\"size-full wp-image-7307\" src=\"https:\/\/www.malagacar.com\/sp\/blog\/wp-content\/uploads\/2019\/11\/Atardecer-desde-terraza-del-Hotel-AC-M\u00e1laga-Palacio.jpg\" alt=\"H\u00f4tel AC M\u00e1laga Palacio\" width=\"960\" height=\"540\" \/><figcaption id=\"caption-attachment-7307\" class=\"wp-caption-text\">Coucher de soleil depuis la terrasse de l&rsquo;H\u00f4tel AC M\u00e1laga Palacio<\/figcaption><\/figure>\n<p>Chaque ann\u00e9e, de nombreux festivals ont lieu, tels que la Larios Fashion Week ou le Festival de Cin\u00e9ma, pour n&rsquo;en nommer que quelques-uns.<\/p>\n<div class=\"message\">\n<div class=\"content\" tabindex=\"0\">\n<div class=\"ac-container ac-adaptiveCard\">\n<div class=\"ac-textBlock\">\n<p>La ville est situ\u00e9e en bord de mer. Vous pouvez donc profiter de longues promenades le long des promenades maritimes. D\u00e9gustez les plats typiques comme les poissons frits ou les sardines grill\u00e9es. Vous pouvez les trouver dans l\u2019un de ses <a href=\"https:\/\/www.malagacar.com\/fr\/blog\/loisirs\/bars-de-plage-malaga\/\" data-wpel-link=\"internal\">chiringuitos<\/a>. Beaucoup de ces chiringuitos restent ouverts toute l\u2019ann\u00e9e.<\/p>\n<\/div>\n<\/div>\n<\/div>\n<\/div>\n<h3><span class=\"ez-toc-section\" id=\"Tourisme_actif_et_Nature\"><\/span>Tourisme actif et Nature<span class=\"ez-toc-section-end\"><\/span><\/h3>\n<p>\u00c0 quelques kilom\u00e8tres de la Costa del Sol, l&rsquo;int\u00e9rieur de la province de Malaga offre d&rsquo;innombrables options attrayantes.<\/p>\n<figure id=\"attachment_9276\" aria-describedby=\"caption-attachment-9276\" style=\"width: 619px\" class=\"wp-caption alignnone\"><a href=\"https:\/\/www.malagacar.com\/sp\/blog\/wp-content\/uploads\/2021\/08\/Sedella-Foto-Fotopaises.jpg\" data-wpel-link=\"internal\"><img loading=\"lazy\" decoding=\"async\" class=\"wp-image-9276\" src=\"https:\/\/www.malagacar.com\/sp\/blog\/wp-content\/uploads\/2021\/08\/Sedella-Foto-Fotopaises.jpg\" alt=\"Sedella\" width=\"619\" height=\"464\" \/><\/a><figcaption id=\"caption-attachment-9276\" class=\"wp-caption-text\">Le village blanc de Sedella dans l&rsquo;Axarqu\u00eda Photo Fotopaises<\/figcaption><\/figure>\n<p>Vous pouvez faire des itin\u00e9raires avec <a href=\"https:\/\/www.malagacar.com\/fr\/\" data-wpel-link=\"internal\"><strong>votre MalagaCar<\/strong><\/a> pour d\u00e9couvrir les <strong>villages blancs d&rsquo;origine arabe<\/strong> ou la ville monumentale de <strong>Ronda<\/strong>.<\/p>\n<figure id=\"attachment_10186\" aria-describedby=\"caption-attachment-10186\" style=\"width: 750px\" class=\"wp-caption alignnone\"><img loading=\"lazy\" decoding=\"async\" class=\"size-large wp-image-10186\" src=\"https:\/\/www.malagacar.com\/sp\/blog\/wp-content\/uploads\/2022\/01\/Ronda-Dorian-Zonca-1024x768.jpg\" alt=\"malagacar.com, Ronda\" width=\"750\" height=\"563\" \/><figcaption id=\"caption-attachment-10186\" class=\"wp-caption-text\">Un MalagaCar \u00e0 Ronda, Photo gracieuset\u00e9 de notre client<\/figcaption><\/figure>\n<p>Les amoureux de la <em><strong>nature, de la randonn\u00e9e ou des sports d&rsquo;aventure<\/strong><\/em> ont de la chance \u00e0 Malaga, car ils peuvent pratiquer toute l&rsquo;ann\u00e9e. Juste pour vous donner une id\u00e9e :<\/p>\n<p><a href=\"https:\/\/www.malagacar.com\/sp\/blog\/wp-content\/uploads\/2021\/08\/senderos-1.jpg\" data-wpel-link=\"internal\"><img loading=\"lazy\" decoding=\"async\" class=\"alignnone wp-image-9307\" src=\"https:\/\/www.malagacar.com\/sp\/blog\/wp-content\/uploads\/2021\/08\/senderos-1.jpg\" alt=\"tourisme actif \u00e0 Malaga\" width=\"400\" height=\"727\" \/><\/a><\/p>\n<ul>\n<li>\u00c9quitation, kayak, tir \u00e0 l&rsquo;arc, montgolfi\u00e8re, lacs de Malaga, descente en VTT, canyoning, escalade, sp\u00e9l\u00e9ologie, randonn\u00e9e et trekking, tyroliennes, via ferrata. Sentiers vertigineux : Caminito del Rey et El Saltillo. Parapente biplace, rafting et bien plus encore dans notre article sur le <a href=\"https:\/\/www.malagacar.com\/fr\/blog\/loisirs\/tourisme-actif-sports-daventure-malaga\/\" data-wpel-link=\"internal\"><strong>Tourisme Actif et Sports d&rsquo;Aventure \u00e0 Malaga<\/strong><\/a>.<\/li>\n<li>Le <strong>Caminito del Rey<\/strong>, le c\u00e9l\u00e8bre sentier \u00e0 100 m\u00e8tres de hauteur construit sur les parois du d\u00e9fil\u00e9 des Gaitanes. Avant sa r\u00e9novation en 2015, il \u00e9tait mortellement dangereux, aujourd&rsquo;hui c&rsquo;est l&rsquo;une des attractions touristiques les plus visit\u00e9es.<\/li>\n<li>Profitez de la vue comme un aigle avec le <strong>Parapente Biplace \u00e0 Malaga<\/strong><\/li>\n<li><strong>El Torcal<\/strong>, des formations calcaires spectaculaires avec des itin\u00e9raires adapt\u00e9s \u00e0 toute la famille. De plus, le centre d&rsquo;interpr\u00e9tation organise des activit\u00e9s toute l&rsquo;ann\u00e9e comme des promenades sous la lune.<\/li>\n<li><strong>El Saltillo<\/strong>, le Caminito del Rey m\u00e9connu.<\/li>\n<li>Malaga a d\u00e9sormais son premier parc national : <strong>La Sierra de las Nieves<\/strong><\/li>\n<\/ul>\n<h2><span class=\"ez-toc-section\" id=\"Preparer_sa_valise_pour_Malaga_les_indispensables_pour_chaque_saison\"><\/span>Pr\u00e9parer sa valise pour Malaga : les indispensables pour chaque saison<span class=\"ez-toc-section-end\"><\/span><\/h2>\n<p>Si vous \u00eates en train de regarder votre valise, en train de vous demander ce qu&rsquo;il faut emporter ou non dans votre bagage pour votre voyage \u00e0 Malaga, nous allons vous simplifier la t\u00e2che.<\/p>\n<figure id=\"attachment_13389\" aria-describedby=\"caption-attachment-13389\" style=\"width: 499px\" class=\"wp-caption alignnone\"><img loading=\"lazy\" decoding=\"async\" class=\"wp-image-13389\" src=\"https:\/\/www.malagacar.com\/sp\/blog\/wp-content\/uploads\/2023\/03\/overweight.jpg\" alt=\"voyager \u00e0 Malaga\" width=\"499\" height=\"749\" \/><figcaption id=\"caption-attachment-13389\" class=\"wp-caption-text\">Nous avons tendance \u00e0 mettre dans la valise plus de choses que n\u00e9cessaire.<\/figcaption><\/figure>\n<p>Dans cet article, nous parlerons des indispensables \u00e0 mettre dans votre valise. Cela d\u00e9pendra de la saison de votre voyage \u00e0 Malaga. Nous vous donnerons \u00e9galement d\u2019autres informations int\u00e9ressantes. En effet, selon l\u2019endroit o\u00f9 vous irez ou l\u2019heure de la journ\u00e9e, vous devrez ajuster un peu votre tenue !<\/p>\n\t\t\t\t\n\t\t\t\t<div id=\"search-form2\" class=\"big-quote index-mobile\">\n\t\t\t\t<form id=\"frmSearch\" name=\"frmSearch\" action=\"\/fr\/location-de-voitures\/quote.php\" method=\"post\" name=\"quote\" class=\"container-fluid\">\n\t\t\t\t\t\t\t\t\t<div class=\"row\">\n\t\t\t\t\t\t<div class=\"col-sm-6\">\n\n\t\t\t\t\t\t\t<div class=\"form-group\">\n\t\t\t\t\t\t\t\t<label for=\"entrega\"><h4>Collecte<\/h4><\/label>\n\t\t\t\t\t\t\t\t<select name=\"entrega\" id=\"entrega\" class=\"custom-select\">\n\t\t\t\t\t\t\t\t\t<option value=\"airport\"  selected>Malaga A\u00e9roport<\/option>\n\t\t\t\t\t\t\t\t\t\t\t\t\t\t\t\t<\/select>\n\t\t\t\t\t\t\t\t<div class=\"form-inline my-2\">\n\t\t\t\t\t\t\t\t\t<input id=\"pDate\" class=\"form-control\" value=\"07\/09\/2026\" name=\"pDate\" readonly onchange=\"return uppdate()\">\n\t\t\t\t\t\t\t\t\t<select class=\"custom-select\" id=\"phorasminutos\" name=\"phorasminutos\" oninvalid=\"setCustomValidity('Faites-nous conna\u00eetre votre heure d\u00b4arriv\u00e9e')\" onchange=\"setCustomValidity('');\">\n\t\t\t\t\t\t\t\t\t\t<option value=\"-\" selected>--:--<\/option>\n\t\t\t\t\t\t\t\t\t\t\t\t\t\t\t\t\t\t\t\t<option value=\"00:00\">\n\t\t\t\t\t\t\t\t\t\t\t00:00<\/option>\n\t\t\t\t\t\t\t\t\t\t<option value=\"00:15\">\n\t\t\t\t\t\t\t\t\t\t\t00:15<\/option>\n\t\t\t\t\t\t\t\t\t\t<option value=\"00:30\">\n\t\t\t\t\t\t\t\t\t\t\t00:30<\/option>\n\t\t\t\t\t\t\t\t\t\t<option value=\"00:45\">\n\t\t\t\t\t\t\t\t\t\t\t00:45<\/option>\n\t\t\t\t\t\t\t\t\t\t\t\t\t\t\t\t\t\t\t\t<option value=\"01:00\">\n\t\t\t\t\t\t\t\t\t\t\t01:00<\/option>\n\t\t\t\t\t\t\t\t\t\t<option value=\"01:15\">\n\t\t\t\t\t\t\t\t\t\t\t01:15<\/option>\n\t\t\t\t\t\t\t\t\t\t<option value=\"01:30\">\n\t\t\t\t\t\t\t\t\t\t\t01:30<\/option>\n\t\t\t\t\t\t\t\t\t\t<option value=\"01:45\">\n\t\t\t\t\t\t\t\t\t\t\t01:45<\/option>\n\t\t\t\t\t\t\t\t\t\t\t\t\t\t\t\t\t\t\t\t<option value=\"02:00\">\n\t\t\t\t\t\t\t\t\t\t\t02:00<\/option>\n\t\t\t\t\t\t\t\t\t\t<option value=\"02:15\">\n\t\t\t\t\t\t\t\t\t\t\t02:15<\/option>\n\t\t\t\t\t\t\t\t\t\t<option value=\"02:30\">\n\t\t\t\t\t\t\t\t\t\t\t02:30<\/option>\n\t\t\t\t\t\t\t\t\t\t<option value=\"02:45\">\n\t\t\t\t\t\t\t\t\t\t\t02:45<\/option>\n\t\t\t\t\t\t\t\t\t\t\t\t\t\t\t\t\t\t\t\t<option value=\"03:00\">\n\t\t\t\t\t\t\t\t\t\t\t03:00<\/option>\n\t\t\t\t\t\t\t\t\t\t<option value=\"03:15\">\n\t\t\t\t\t\t\t\t\t\t\t03:15<\/option>\n\t\t\t\t\t\t\t\t\t\t<option value=\"03:30\">\n\t\t\t\t\t\t\t\t\t\t\t03:30<\/option>\n\t\t\t\t\t\t\t\t\t\t<option value=\"03:45\">\n\t\t\t\t\t\t\t\t\t\t\t03:45<\/option>\n\t\t\t\t\t\t\t\t\t\t\t\t\t\t\t\t\t\t\t\t<option value=\"04:00\">\n\t\t\t\t\t\t\t\t\t\t\t04:00<\/option>\n\t\t\t\t\t\t\t\t\t\t<option value=\"04:15\">\n\t\t\t\t\t\t\t\t\t\t\t04:15<\/option>\n\t\t\t\t\t\t\t\t\t\t<option value=\"04:30\">\n\t\t\t\t\t\t\t\t\t\t\t04:30<\/option>\n\t\t\t\t\t\t\t\t\t\t<option value=\"04:45\">\n\t\t\t\t\t\t\t\t\t\t\t04:45<\/option>\n\t\t\t\t\t\t\t\t\t\t\t\t\t\t\t\t\t\t\t\t<option value=\"05:00\">\n\t\t\t\t\t\t\t\t\t\t\t05:00<\/option>\n\t\t\t\t\t\t\t\t\t\t<option value=\"05:15\">\n\t\t\t\t\t\t\t\t\t\t\t05:15<\/option>\n\t\t\t\t\t\t\t\t\t\t<option value=\"05:30\">\n\t\t\t\t\t\t\t\t\t\t\t05:30<\/option>\n\t\t\t\t\t\t\t\t\t\t<option value=\"05:45\">\n\t\t\t\t\t\t\t\t\t\t\t05:45<\/option>\n\t\t\t\t\t\t\t\t\t\t\t\t\t\t\t\t\t\t\t\t<option value=\"06:00\">\n\t\t\t\t\t\t\t\t\t\t\t06:00<\/option>\n\t\t\t\t\t\t\t\t\t\t<option value=\"06:15\">\n\t\t\t\t\t\t\t\t\t\t\t06:15<\/option>\n\t\t\t\t\t\t\t\t\t\t<option value=\"06:30\">\n\t\t\t\t\t\t\t\t\t\t\t06:30<\/option>\n\t\t\t\t\t\t\t\t\t\t<option value=\"06:45\">\n\t\t\t\t\t\t\t\t\t\t\t06:45<\/option>\n\t\t\t\t\t\t\t\t\t\t\t\t\t\t\t\t\t\t\t\t<option value=\"07:00\">\n\t\t\t\t\t\t\t\t\t\t\t07:00<\/option>\n\t\t\t\t\t\t\t\t\t\t<option value=\"07:15\">\n\t\t\t\t\t\t\t\t\t\t\t07:15<\/option>\n\t\t\t\t\t\t\t\t\t\t<option value=\"07:30\">\n\t\t\t\t\t\t\t\t\t\t\t07:30<\/option>\n\t\t\t\t\t\t\t\t\t\t<option value=\"07:45\">\n\t\t\t\t\t\t\t\t\t\t\t07:45<\/option>\n\t\t\t\t\t\t\t\t\t\t\t\t\t\t\t\t\t\t\t\t<option value=\"08:00\">\n\t\t\t\t\t\t\t\t\t\t\t08:00<\/option>\n\t\t\t\t\t\t\t\t\t\t<option value=\"08:15\">\n\t\t\t\t\t\t\t\t\t\t\t08:15<\/option>\n\t\t\t\t\t\t\t\t\t\t<option value=\"08:30\">\n\t\t\t\t\t\t\t\t\t\t\t08:30<\/option>\n\t\t\t\t\t\t\t\t\t\t<option value=\"08:45\">\n\t\t\t\t\t\t\t\t\t\t\t08:45<\/option>\n\t\t\t\t\t\t\t\t\t\t\t\t\t\t\t\t\t\t\t\t<option value=\"09:00\">\n\t\t\t\t\t\t\t\t\t\t\t09:00<\/option>\n\t\t\t\t\t\t\t\t\t\t<option value=\"09:15\">\n\t\t\t\t\t\t\t\t\t\t\t09:15<\/option>\n\t\t\t\t\t\t\t\t\t\t<option value=\"09:30\">\n\t\t\t\t\t\t\t\t\t\t\t09:30<\/option>\n\t\t\t\t\t\t\t\t\t\t<option value=\"09:45\">\n\t\t\t\t\t\t\t\t\t\t\t09:45<\/option>\n\t\t\t\t\t\t\t\t\t\t\t\t\t\t\t\t\t\t\t\t<option value=\"10:00\">\n\t\t\t\t\t\t\t\t\t\t\t10:00<\/option>\n\t\t\t\t\t\t\t\t\t\t<option value=\"10:15\">\n\t\t\t\t\t\t\t\t\t\t\t10:15<\/option>\n\t\t\t\t\t\t\t\t\t\t<option value=\"10:30\">\n\t\t\t\t\t\t\t\t\t\t\t10:30<\/option>\n\t\t\t\t\t\t\t\t\t\t<option value=\"10:45\">\n\t\t\t\t\t\t\t\t\t\t\t10:45<\/option>\n\t\t\t\t\t\t\t\t\t\t\t\t\t\t\t\t\t\t\t\t<option value=\"11:00\">\n\t\t\t\t\t\t\t\t\t\t\t11:00<\/option>\n\t\t\t\t\t\t\t\t\t\t<option value=\"11:15\">\n\t\t\t\t\t\t\t\t\t\t\t11:15<\/option>\n\t\t\t\t\t\t\t\t\t\t<option value=\"11:30\">\n\t\t\t\t\t\t\t\t\t\t\t11:30<\/option>\n\t\t\t\t\t\t\t\t\t\t<option value=\"11:45\">\n\t\t\t\t\t\t\t\t\t\t\t11:45<\/option>\n\t\t\t\t\t\t\t\t\t\t\t\t\t\t\t\t\t\t\t\t<option value=\"12:00\">\n\t\t\t\t\t\t\t\t\t\t\t12:00<\/option>\n\t\t\t\t\t\t\t\t\t\t<option value=\"12:15\">\n\t\t\t\t\t\t\t\t\t\t\t12:15<\/option>\n\t\t\t\t\t\t\t\t\t\t<option value=\"12:30\">\n\t\t\t\t\t\t\t\t\t\t\t12:30<\/option>\n\t\t\t\t\t\t\t\t\t\t<option value=\"12:45\">\n\t\t\t\t\t\t\t\t\t\t\t12:45<\/option>\n\t\t\t\t\t\t\t\t\t\t\t\t\t\t\t\t\t\t\t\t<option value=\"13:00\">\n\t\t\t\t\t\t\t\t\t\t\t13:00<\/option>\n\t\t\t\t\t\t\t\t\t\t<option value=\"13:15\">\n\t\t\t\t\t\t\t\t\t\t\t13:15<\/option>\n\t\t\t\t\t\t\t\t\t\t<option value=\"13:30\">\n\t\t\t\t\t\t\t\t\t\t\t13:30<\/option>\n\t\t\t\t\t\t\t\t\t\t<option value=\"13:45\">\n\t\t\t\t\t\t\t\t\t\t\t13:45<\/option>\n\t\t\t\t\t\t\t\t\t\t\t\t\t\t\t\t\t\t\t\t<option value=\"14:00\">\n\t\t\t\t\t\t\t\t\t\t\t14:00<\/option>\n\t\t\t\t\t\t\t\t\t\t<option value=\"14:15\">\n\t\t\t\t\t\t\t\t\t\t\t14:15<\/option>\n\t\t\t\t\t\t\t\t\t\t<option value=\"14:30\">\n\t\t\t\t\t\t\t\t\t\t\t14:30<\/option>\n\t\t\t\t\t\t\t\t\t\t<option value=\"14:45\">\n\t\t\t\t\t\t\t\t\t\t\t14:45<\/option>\n\t\t\t\t\t\t\t\t\t\t\t\t\t\t\t\t\t\t\t\t<option value=\"15:00\">\n\t\t\t\t\t\t\t\t\t\t\t15:00<\/option>\n\t\t\t\t\t\t\t\t\t\t<option value=\"15:15\">\n\t\t\t\t\t\t\t\t\t\t\t15:15<\/option>\n\t\t\t\t\t\t\t\t\t\t<option value=\"15:30\">\n\t\t\t\t\t\t\t\t\t\t\t15:30<\/option>\n\t\t\t\t\t\t\t\t\t\t<option value=\"15:45\">\n\t\t\t\t\t\t\t\t\t\t\t15:45<\/option>\n\t\t\t\t\t\t\t\t\t\t\t\t\t\t\t\t\t\t\t\t<option value=\"16:00\">\n\t\t\t\t\t\t\t\t\t\t\t16:00<\/option>\n\t\t\t\t\t\t\t\t\t\t<option value=\"16:15\">\n\t\t\t\t\t\t\t\t\t\t\t16:15<\/option>\n\t\t\t\t\t\t\t\t\t\t<option value=\"16:30\">\n\t\t\t\t\t\t\t\t\t\t\t16:30<\/option>\n\t\t\t\t\t\t\t\t\t\t<option value=\"16:45\">\n\t\t\t\t\t\t\t\t\t\t\t16:45<\/option>\n\t\t\t\t\t\t\t\t\t\t\t\t\t\t\t\t\t\t\t\t<option value=\"17:00\">\n\t\t\t\t\t\t\t\t\t\t\t17:00<\/option>\n\t\t\t\t\t\t\t\t\t\t<option value=\"17:15\">\n\t\t\t\t\t\t\t\t\t\t\t17:15<\/option>\n\t\t\t\t\t\t\t\t\t\t<option value=\"17:30\">\n\t\t\t\t\t\t\t\t\t\t\t17:30<\/option>\n\t\t\t\t\t\t\t\t\t\t<option value=\"17:45\">\n\t\t\t\t\t\t\t\t\t\t\t17:45<\/option>\n\t\t\t\t\t\t\t\t\t\t\t\t\t\t\t\t\t\t\t\t<option value=\"18:00\">\n\t\t\t\t\t\t\t\t\t\t\t18:00<\/option>\n\t\t\t\t\t\t\t\t\t\t<option value=\"18:15\">\n\t\t\t\t\t\t\t\t\t\t\t18:15<\/option>\n\t\t\t\t\t\t\t\t\t\t<option value=\"18:30\">\n\t\t\t\t\t\t\t\t\t\t\t18:30<\/option>\n\t\t\t\t\t\t\t\t\t\t<option value=\"18:45\">\n\t\t\t\t\t\t\t\t\t\t\t18:45<\/option>\n\t\t\t\t\t\t\t\t\t\t\t\t\t\t\t\t\t\t\t\t<option value=\"19:00\">\n\t\t\t\t\t\t\t\t\t\t\t19:00<\/option>\n\t\t\t\t\t\t\t\t\t\t<option value=\"19:15\">\n\t\t\t\t\t\t\t\t\t\t\t19:15<\/option>\n\t\t\t\t\t\t\t\t\t\t<option value=\"19:30\">\n\t\t\t\t\t\t\t\t\t\t\t19:30<\/option>\n\t\t\t\t\t\t\t\t\t\t<option value=\"19:45\">\n\t\t\t\t\t\t\t\t\t\t\t19:45<\/option>\n\t\t\t\t\t\t\t\t\t\t\t\t\t\t\t\t\t\t\t\t<option value=\"20:00\">\n\t\t\t\t\t\t\t\t\t\t\t20:00<\/option>\n\t\t\t\t\t\t\t\t\t\t<option value=\"20:15\">\n\t\t\t\t\t\t\t\t\t\t\t20:15<\/option>\n\t\t\t\t\t\t\t\t\t\t<option value=\"20:30\">\n\t\t\t\t\t\t\t\t\t\t\t20:30<\/option>\n\t\t\t\t\t\t\t\t\t\t<option value=\"20:45\">\n\t\t\t\t\t\t\t\t\t\t\t20:45<\/option>\n\t\t\t\t\t\t\t\t\t\t\t\t\t\t\t\t\t\t\t\t<option value=\"21:00\">\n\t\t\t\t\t\t\t\t\t\t\t21:00<\/option>\n\t\t\t\t\t\t\t\t\t\t<option value=\"21:15\">\n\t\t\t\t\t\t\t\t\t\t\t21:15<\/option>\n\t\t\t\t\t\t\t\t\t\t<option value=\"21:30\">\n\t\t\t\t\t\t\t\t\t\t\t21:30<\/option>\n\t\t\t\t\t\t\t\t\t\t<option value=\"21:45\">\n\t\t\t\t\t\t\t\t\t\t\t21:45<\/option>\n\t\t\t\t\t\t\t\t\t\t\t\t\t\t\t\t\t\t\t\t<option value=\"22:00\">\n\t\t\t\t\t\t\t\t\t\t\t22:00<\/option>\n\t\t\t\t\t\t\t\t\t\t<option value=\"22:15\">\n\t\t\t\t\t\t\t\t\t\t\t22:15<\/option>\n\t\t\t\t\t\t\t\t\t\t<option value=\"22:30\">\n\t\t\t\t\t\t\t\t\t\t\t22:30<\/option>\n\t\t\t\t\t\t\t\t\t\t<option value=\"22:45\">\n\t\t\t\t\t\t\t\t\t\t\t22:45<\/option>\n\t\t\t\t\t\t\t\t\t\t\t\t\t\t\t\t\t\t\t\t<option value=\"23:00\">\n\t\t\t\t\t\t\t\t\t\t\t23:00<\/option>\n\t\t\t\t\t\t\t\t\t\t<option value=\"23:15\">\n\t\t\t\t\t\t\t\t\t\t\t23:15<\/option>\n\t\t\t\t\t\t\t\t\t\t<option value=\"23:30\">\n\t\t\t\t\t\t\t\t\t\t\t23:30<\/option>\n\t\t\t\t\t\t\t\t\t\t<option value=\"23:45\">\n\t\t\t\t\t\t\t\t\t\t\t23:45<\/option>\n\t\t\t\t\t\t\t\t\t\t\t\t\t\t\t\t\t\t\t<\/select>\n\t\t\t\t\t\t\t\t<\/div>\n\t\t\t\t\t\t\t<\/div>\n\t\t\t\t\t\t<\/div>\n\t\t\t\t\t\t<div class=\"col-sm-6\">\n\t\t\t\t\t\t\t<div class=\"form-group\">\n\t\t\t\t\t\t\t\t<div id=\"bookingBox\"><\/div>\n\n\t\t\t\t\t\t\t\t<label for=\"devuelta\"><h4>D\u00e9p\u00f4t<\/h4><\/label>\n\t\t\t\t\t\t\t\t<select name=\"devuelta\" id=\"devuelta\" class=\"custom-select\">\n\t\t\t\t\t\t\t\t\t<option value=\"airport\"  selected>Malaga A\u00e9roport<\/option>\n\t\t\t\t\t\t\t\t\t\t\t\t\t\t\t\t<\/select>\n\n\t\t\t\t\t\t\t\t<div class=\"form-inline my-2\">\n\t\t\t\t\t\t\t\t\t<input id=\"dDate\" class=\"form-control\" value=\"14\/09\/2026\" name=\"dDate\" readonly>\n\t\t\t\t\t\t\t\t\t<select class=\"custom-select\" id=\"dhorasminutos\" name=\"dhorasminutos\" oninvalid=\"setCustomValidity('Faites-nous savoir votre heure de retour')\" onchange=\"setCustomValidity('')\">\n\t\t\t\t\t\t\t\t\t\t<option value=\"-\" selected>--:--<\/option>\n\t\t\t\t\t\t\t\t\t\t\t\t\t\t\t\t\t\t\t\t<option value=\"00:00\">\n\t\t\t\t\t\t\t\t\t\t\t00:00<\/option>\n\t\t\t\t\t\t\t\t\t\t<option value=\"00:15\">\n\t\t\t\t\t\t\t\t\t\t\t00:15<\/option>\n\t\t\t\t\t\t\t\t\t\t<option value=\"00:30\">\n\t\t\t\t\t\t\t\t\t\t\t00:30<\/option>\n\t\t\t\t\t\t\t\t\t\t<option value=\"00:45\">\n\t\t\t\t\t\t\t\t\t\t\t00:45<\/option>\n\t\t\t\t\t\t\t\t\t\t\t\t\t\t\t\t\t\t\t\t<option value=\"01:00\">\n\t\t\t\t\t\t\t\t\t\t\t01:00<\/option>\n\t\t\t\t\t\t\t\t\t\t<option value=\"01:15\">\n\t\t\t\t\t\t\t\t\t\t\t01:15<\/option>\n\t\t\t\t\t\t\t\t\t\t<option value=\"01:30\">\n\t\t\t\t\t\t\t\t\t\t\t01:30<\/option>\n\t\t\t\t\t\t\t\t\t\t<option value=\"01:45\">\n\t\t\t\t\t\t\t\t\t\t\t01:45<\/option>\n\t\t\t\t\t\t\t\t\t\t\t\t\t\t\t\t\t\t\t\t<option value=\"02:00\">\n\t\t\t\t\t\t\t\t\t\t\t02:00<\/option>\n\t\t\t\t\t\t\t\t\t\t<option value=\"02:15\">\n\t\t\t\t\t\t\t\t\t\t\t02:15<\/option>\n\t\t\t\t\t\t\t\t\t\t<option value=\"02:30\">\n\t\t\t\t\t\t\t\t\t\t\t02:30<\/option>\n\t\t\t\t\t\t\t\t\t\t<option value=\"02:45\">\n\t\t\t\t\t\t\t\t\t\t\t02:45<\/option>\n\t\t\t\t\t\t\t\t\t\t\t\t\t\t\t\t\t\t\t\t<option value=\"03:00\">\n\t\t\t\t\t\t\t\t\t\t\t03:00<\/option>\n\t\t\t\t\t\t\t\t\t\t<option value=\"03:15\">\n\t\t\t\t\t\t\t\t\t\t\t03:15<\/option>\n\t\t\t\t\t\t\t\t\t\t<option value=\"03:30\">\n\t\t\t\t\t\t\t\t\t\t\t03:30<\/option>\n\t\t\t\t\t\t\t\t\t\t<option value=\"03:45\">\n\t\t\t\t\t\t\t\t\t\t\t03:45<\/option>\n\t\t\t\t\t\t\t\t\t\t\t\t\t\t\t\t\t\t\t\t<option value=\"04:00\">\n\t\t\t\t\t\t\t\t\t\t\t04:00<\/option>\n\t\t\t\t\t\t\t\t\t\t<option value=\"04:15\">\n\t\t\t\t\t\t\t\t\t\t\t04:15<\/option>\n\t\t\t\t\t\t\t\t\t\t<option value=\"04:30\">\n\t\t\t\t\t\t\t\t\t\t\t04:30<\/option>\n\t\t\t\t\t\t\t\t\t\t<option value=\"04:45\">\n\t\t\t\t\t\t\t\t\t\t\t04:45<\/option>\n\t\t\t\t\t\t\t\t\t\t\t\t\t\t\t\t\t\t\t\t<option value=\"05:00\">\n\t\t\t\t\t\t\t\t\t\t\t05:00<\/option>\n\t\t\t\t\t\t\t\t\t\t<option value=\"05:15\">\n\t\t\t\t\t\t\t\t\t\t\t05:15<\/option>\n\t\t\t\t\t\t\t\t\t\t<option value=\"05:30\">\n\t\t\t\t\t\t\t\t\t\t\t05:30<\/option>\n\t\t\t\t\t\t\t\t\t\t<option value=\"05:45\">\n\t\t\t\t\t\t\t\t\t\t\t05:45<\/option>\n\t\t\t\t\t\t\t\t\t\t\t\t\t\t\t\t\t\t\t\t<option value=\"06:00\">\n\t\t\t\t\t\t\t\t\t\t\t06:00<\/option>\n\t\t\t\t\t\t\t\t\t\t<option value=\"06:15\">\n\t\t\t\t\t\t\t\t\t\t\t06:15<\/option>\n\t\t\t\t\t\t\t\t\t\t<option value=\"06:30\">\n\t\t\t\t\t\t\t\t\t\t\t06:30<\/option>\n\t\t\t\t\t\t\t\t\t\t<option value=\"06:45\">\n\t\t\t\t\t\t\t\t\t\t\t06:45<\/option>\n\t\t\t\t\t\t\t\t\t\t\t\t\t\t\t\t\t\t\t\t<option value=\"07:00\">\n\t\t\t\t\t\t\t\t\t\t\t07:00<\/option>\n\t\t\t\t\t\t\t\t\t\t<option value=\"07:15\">\n\t\t\t\t\t\t\t\t\t\t\t07:15<\/option>\n\t\t\t\t\t\t\t\t\t\t<option value=\"07:30\">\n\t\t\t\t\t\t\t\t\t\t\t07:30<\/option>\n\t\t\t\t\t\t\t\t\t\t<option value=\"07:45\">\n\t\t\t\t\t\t\t\t\t\t\t07:45<\/option>\n\t\t\t\t\t\t\t\t\t\t\t\t\t\t\t\t\t\t\t\t<option value=\"08:00\">\n\t\t\t\t\t\t\t\t\t\t\t08:00<\/option>\n\t\t\t\t\t\t\t\t\t\t<option value=\"08:15\">\n\t\t\t\t\t\t\t\t\t\t\t08:15<\/option>\n\t\t\t\t\t\t\t\t\t\t<option value=\"08:30\">\n\t\t\t\t\t\t\t\t\t\t\t08:30<\/option>\n\t\t\t\t\t\t\t\t\t\t<option value=\"08:45\">\n\t\t\t\t\t\t\t\t\t\t\t08:45<\/option>\n\t\t\t\t\t\t\t\t\t\t\t\t\t\t\t\t\t\t\t\t<option value=\"09:00\">\n\t\t\t\t\t\t\t\t\t\t\t09:00<\/option>\n\t\t\t\t\t\t\t\t\t\t<option value=\"09:15\">\n\t\t\t\t\t\t\t\t\t\t\t09:15<\/option>\n\t\t\t\t\t\t\t\t\t\t<option value=\"09:30\">\n\t\t\t\t\t\t\t\t\t\t\t09:30<\/option>\n\t\t\t\t\t\t\t\t\t\t<option value=\"09:45\">\n\t\t\t\t\t\t\t\t\t\t\t09:45<\/option>\n\t\t\t\t\t\t\t\t\t\t\t\t\t\t\t\t\t\t\t\t<option value=\"10:00\">\n\t\t\t\t\t\t\t\t\t\t\t10:00<\/option>\n\t\t\t\t\t\t\t\t\t\t<option value=\"10:15\">\n\t\t\t\t\t\t\t\t\t\t\t10:15<\/option>\n\t\t\t\t\t\t\t\t\t\t<option value=\"10:30\">\n\t\t\t\t\t\t\t\t\t\t\t10:30<\/option>\n\t\t\t\t\t\t\t\t\t\t<option value=\"10:45\">\n\t\t\t\t\t\t\t\t\t\t\t10:45<\/option>\n\t\t\t\t\t\t\t\t\t\t\t\t\t\t\t\t\t\t\t\t<option value=\"11:00\">\n\t\t\t\t\t\t\t\t\t\t\t11:00<\/option>\n\t\t\t\t\t\t\t\t\t\t<option value=\"11:15\">\n\t\t\t\t\t\t\t\t\t\t\t11:15<\/option>\n\t\t\t\t\t\t\t\t\t\t<option value=\"11:30\">\n\t\t\t\t\t\t\t\t\t\t\t11:30<\/option>\n\t\t\t\t\t\t\t\t\t\t<option value=\"11:45\">\n\t\t\t\t\t\t\t\t\t\t\t11:45<\/option>\n\t\t\t\t\t\t\t\t\t\t\t\t\t\t\t\t\t\t\t\t<option value=\"12:00\">\n\t\t\t\t\t\t\t\t\t\t\t12:00<\/option>\n\t\t\t\t\t\t\t\t\t\t<option value=\"12:15\">\n\t\t\t\t\t\t\t\t\t\t\t12:15<\/option>\n\t\t\t\t\t\t\t\t\t\t<option value=\"12:30\">\n\t\t\t\t\t\t\t\t\t\t\t12:30<\/option>\n\t\t\t\t\t\t\t\t\t\t<option value=\"12:45\">\n\t\t\t\t\t\t\t\t\t\t\t12:45<\/option>\n\t\t\t\t\t\t\t\t\t\t\t\t\t\t\t\t\t\t\t\t<option value=\"13:00\">\n\t\t\t\t\t\t\t\t\t\t\t13:00<\/option>\n\t\t\t\t\t\t\t\t\t\t<option value=\"13:15\">\n\t\t\t\t\t\t\t\t\t\t\t13:15<\/option>\n\t\t\t\t\t\t\t\t\t\t<option value=\"13:30\">\n\t\t\t\t\t\t\t\t\t\t\t13:30<\/option>\n\t\t\t\t\t\t\t\t\t\t<option value=\"13:45\">\n\t\t\t\t\t\t\t\t\t\t\t13:45<\/option>\n\t\t\t\t\t\t\t\t\t\t\t\t\t\t\t\t\t\t\t\t<option value=\"14:00\">\n\t\t\t\t\t\t\t\t\t\t\t14:00<\/option>\n\t\t\t\t\t\t\t\t\t\t<option value=\"14:15\">\n\t\t\t\t\t\t\t\t\t\t\t14:15<\/option>\n\t\t\t\t\t\t\t\t\t\t<option value=\"14:30\">\n\t\t\t\t\t\t\t\t\t\t\t14:30<\/option>\n\t\t\t\t\t\t\t\t\t\t<option value=\"14:45\">\n\t\t\t\t\t\t\t\t\t\t\t14:45<\/option>\n\t\t\t\t\t\t\t\t\t\t\t\t\t\t\t\t\t\t\t\t<option value=\"15:00\">\n\t\t\t\t\t\t\t\t\t\t\t15:00<\/option>\n\t\t\t\t\t\t\t\t\t\t<option value=\"15:15\">\n\t\t\t\t\t\t\t\t\t\t\t15:15<\/option>\n\t\t\t\t\t\t\t\t\t\t<option value=\"15:30\">\n\t\t\t\t\t\t\t\t\t\t\t15:30<\/option>\n\t\t\t\t\t\t\t\t\t\t<option value=\"15:45\">\n\t\t\t\t\t\t\t\t\t\t\t15:45<\/option>\n\t\t\t\t\t\t\t\t\t\t\t\t\t\t\t\t\t\t\t\t<option value=\"16:00\">\n\t\t\t\t\t\t\t\t\t\t\t16:00<\/option>\n\t\t\t\t\t\t\t\t\t\t<option value=\"16:15\">\n\t\t\t\t\t\t\t\t\t\t\t16:15<\/option>\n\t\t\t\t\t\t\t\t\t\t<option value=\"16:30\">\n\t\t\t\t\t\t\t\t\t\t\t16:30<\/option>\n\t\t\t\t\t\t\t\t\t\t<option value=\"16:45\">\n\t\t\t\t\t\t\t\t\t\t\t16:45<\/option>\n\t\t\t\t\t\t\t\t\t\t\t\t\t\t\t\t\t\t\t\t<option value=\"17:00\">\n\t\t\t\t\t\t\t\t\t\t\t17:00<\/option>\n\t\t\t\t\t\t\t\t\t\t<option value=\"17:15\">\n\t\t\t\t\t\t\t\t\t\t\t17:15<\/option>\n\t\t\t\t\t\t\t\t\t\t<option value=\"17:30\">\n\t\t\t\t\t\t\t\t\t\t\t17:30<\/option>\n\t\t\t\t\t\t\t\t\t\t<option value=\"17:45\">\n\t\t\t\t\t\t\t\t\t\t\t17:45<\/option>\n\t\t\t\t\t\t\t\t\t\t\t\t\t\t\t\t\t\t\t\t<option value=\"18:00\">\n\t\t\t\t\t\t\t\t\t\t\t18:00<\/option>\n\t\t\t\t\t\t\t\t\t\t<option value=\"18:15\">\n\t\t\t\t\t\t\t\t\t\t\t18:15<\/option>\n\t\t\t\t\t\t\t\t\t\t<option value=\"18:30\">\n\t\t\t\t\t\t\t\t\t\t\t18:30<\/option>\n\t\t\t\t\t\t\t\t\t\t<option value=\"18:45\">\n\t\t\t\t\t\t\t\t\t\t\t18:45<\/option>\n\t\t\t\t\t\t\t\t\t\t\t\t\t\t\t\t\t\t\t\t<option value=\"19:00\">\n\t\t\t\t\t\t\t\t\t\t\t19:00<\/option>\n\t\t\t\t\t\t\t\t\t\t<option value=\"19:15\">\n\t\t\t\t\t\t\t\t\t\t\t19:15<\/option>\n\t\t\t\t\t\t\t\t\t\t<option value=\"19:30\">\n\t\t\t\t\t\t\t\t\t\t\t19:30<\/option>\n\t\t\t\t\t\t\t\t\t\t<option value=\"19:45\">\n\t\t\t\t\t\t\t\t\t\t\t19:45<\/option>\n\t\t\t\t\t\t\t\t\t\t\t\t\t\t\t\t\t\t\t\t<option value=\"20:00\">\n\t\t\t\t\t\t\t\t\t\t\t20:00<\/option>\n\t\t\t\t\t\t\t\t\t\t<option value=\"20:15\">\n\t\t\t\t\t\t\t\t\t\t\t20:15<\/option>\n\t\t\t\t\t\t\t\t\t\t<option value=\"20:30\">\n\t\t\t\t\t\t\t\t\t\t\t20:30<\/option>\n\t\t\t\t\t\t\t\t\t\t<option value=\"20:45\">\n\t\t\t\t\t\t\t\t\t\t\t20:45<\/option>\n\t\t\t\t\t\t\t\t\t\t\t\t\t\t\t\t\t\t\t\t<option value=\"21:00\">\n\t\t\t\t\t\t\t\t\t\t\t21:00<\/option>\n\t\t\t\t\t\t\t\t\t\t<option value=\"21:15\">\n\t\t\t\t\t\t\t\t\t\t\t21:15<\/option>\n\t\t\t\t\t\t\t\t\t\t<option value=\"21:30\">\n\t\t\t\t\t\t\t\t\t\t\t21:30<\/option>\n\t\t\t\t\t\t\t\t\t\t<option value=\"21:45\">\n\t\t\t\t\t\t\t\t\t\t\t21:45<\/option>\n\t\t\t\t\t\t\t\t\t\t\t\t\t\t\t\t\t\t\t\t<option value=\"22:00\">\n\t\t\t\t\t\t\t\t\t\t\t22:00<\/option>\n\t\t\t\t\t\t\t\t\t\t<option value=\"22:15\">\n\t\t\t\t\t\t\t\t\t\t\t22:15<\/option>\n\t\t\t\t\t\t\t\t\t\t<option value=\"22:30\">\n\t\t\t\t\t\t\t\t\t\t\t22:30<\/option>\n\t\t\t\t\t\t\t\t\t\t<option value=\"22:45\">\n\t\t\t\t\t\t\t\t\t\t\t22:45<\/option>\n\t\t\t\t\t\t\t\t\t\t\t\t\t\t\t\t\t\t\t\t<option value=\"23:00\">\n\t\t\t\t\t\t\t\t\t\t\t23:00<\/option>\n\t\t\t\t\t\t\t\t\t\t<option value=\"23:15\">\n\t\t\t\t\t\t\t\t\t\t\t23:15<\/option>\n\t\t\t\t\t\t\t\t\t\t<option value=\"23:30\">\n\t\t\t\t\t\t\t\t\t\t\t23:30<\/option>\n\t\t\t\t\t\t\t\t\t\t<option value=\"23:45\">\n\t\t\t\t\t\t\t\t\t\t\t23:45<\/option>\n\t\t\t\t\t\t\t\t\t\t\t\t\t\t\t\t\t\t\t<\/select>\n\t\t\t\t\t\t\t\t<\/div>\n\t\t\t\t\t\t\t<\/div>\n\t\t\t\t\t\t<\/div>\n\n\t\t\t\t\t<\/div>\n\t\t\t\t\n\n\t\t\t\t\t\t<div class=\"row\">\n                               <div class=\"col-sm-6\">\n\t\t\t\t\t\t\t\t<div class=\"form-group promo-code\">\n\t\t\t\t\t\t\t\t\t\t\t\t\t\t\t\t\t<label for=\"tipogrupo\" class=\"w-50 text-right pr-3 pt-1\">Group<\/label>\n\t\t\t\t\t\t\t\t\t<select name=\"tipogrupo\" id=\"tipogrupo\" class=\"form-control w-50\">\n\t\t\t\t\t\t\t\t\t<option value=\"0\">Voir tous<\/option>\n\t\t\t                        <option value=\"1\">Standard<\/option> \n\t\t\t\t\t\t\t\t\t<option value=\"2\">Automatique<\/option>  \n\t\t\t\t\t\t\t\t\t<option value=\"4\">Transporteurs<\/option>  \n\t\t\t\t\t\t\t\t\t<option value=\"5\">Cabriolet et Sport<\/option>  \n\t\t\t\t\t\t\t\t\t<option value=\"6\">Prestige<\/option>  \n\t\t\t\t\t\t\t\t\t<option value=\"8\">SUV<\/option>  \n\t\t\t\t\t\t\t\t\t<option value=\"10\">Camping car et Autocaravane<\/option>  \t\t\t\t\t\t\t\n\t\t\t\t\t\t\t\t<\/select>\t\n\t\t\t\t\t\t\t\t\t\n\t\t\t\t\t\t\t<\/div>\n\t\t\t\t\t\t\t<\/div>\n\t\t\t\t\t\t<div class=\"col-sm-6 align-self-end\">\n\t\t\t\t\t\t\t<div class=\"form-group\">\n\t\t\t\t\t\t\t\t<input type=\"submit\" class=\"btn-quote\" value=\"Voir les prix\" onclick=\"return msgAlert()\">\n\t\t\t\t\t\t\t<\/div>\n\t\t\t\t\t\t<\/div>\n\t\t\t\t\t<\/div>\n\t\t\t\t<\/form>\n\t\t\t\t<div class=\"row hide-mini-tablet advantages\">\n\t\t\t\t\t\t<div class=\"col-12\">\n\t\t\t\t\t\t\t<h4 class=\"text-center text-white\">TARIFS IMBATTABLES<\/h4>\n\t\t\t\t\t\t\t<ul>\n\t\t\t\t\t\t\t\t<li><strong>Grande flotte<\/strong> de voitures neuves.<\/li>\n\t\t\t\t\t\t\t\t<li><strong>Payez \u00e0 l'arriv\u00e9e<\/strong>.<\/li>\n\t\t\t\t\t\t\t\t<li>Ce que vous voyez est ce que vous payez.<\/li>\n\t\t\t\t\t\t\t\t<li><strong>Pas difficile \u00e0 vendre au bureau<\/strong>.<\/li>\n\t\t\t\t\t\t\t\t<li>Service de livraison VIP gratuit.<\/li>\n\t\t\t\t\t\t\t\t<li><strong class='redpassion-alt'>PAS DE FRAIS SUPPL\u00c9MENTAIRES<\/strong>, pour le service de ravitaillement.<\/li>\n\t\t\t\t\t\t\t<\/ul>\n\t\t\t\t\t\t<\/div>\n\t\t\t\t\t<\/div>\n\t\t\t\t<\/div>\n\t\t\t<br clear=\"all\">\n\n","protected":false},"excerpt":{"rendered":"<p>Peut-\u00eatre que c&rsquo;est cette r\u00e9flexion qui vous a conduit \u00e0 cet article. Quelle est la meilleure p\u00e9riode pour voyager \u00e0 Malaga ? Nous, qui vivons ici, pensons que Malaga est presque un paradis sur terre et tr\u00e8s visitable pendant les 12 mois de l&rsquo;ann\u00e9e.. Votre choix sera plus sp\u00e9cifique en fonction de ce que vous [&hellip;]<\/p>\n","protected":false},"author":1,"featured_media":735,"comment_status":"open","ping_status":"open","sticky":false,"template":"","format":"standard","meta":{"footnotes":""},"categories":[43],"tags":[],"class_list":["post-733","post","type-post","status-publish","format-standard","has-post-thumbnail","hentry","category-astuces-de-voyage"],"yoast_head":"<!-- This site is optimized with the Yoast SEO plugin v28.4 - https:\/\/yoast.com\/product\/yoast-seo-wordpress\/ -->\n<title>Quelle est la meilleure p\u00e9riode pour voyager \u00e0 Malaga ? - Blog de MalagaCar.com<\/title>\n<meta name=\"description\" content=\"Nous vous aidons \u00e0 choisir la meilleure p\u00e9riode pour voyager \u00e0 Malaga pour vous ! Malaga est id\u00e9ale toute l&#039;ann\u00e9e.\" \/>\n<meta name=\"robots\" content=\"index, follow, max-snippet:-1, max-image-preview:large, max-video-preview:-1\" \/>\n<link rel=\"canonical\" href=\"https:\/\/www.malagacar.com\/fr\/blog\/astuces-de-voyage\/meilleure-periode-pour-voyager-a-malaga\/\" \/>\n<meta property=\"og:locale\" content=\"fr_FR\" \/>\n<meta property=\"og:type\" content=\"article\" \/>\n<meta property=\"og:title\" content=\"Quelle est la meilleure p\u00e9riode pour voyager \u00e0 Malaga ? - Blog de MalagaCar.com\" \/>\n<meta property=\"og:description\" content=\"Nous vous aidons \u00e0 choisir la meilleure p\u00e9riode pour voyager \u00e0 Malaga pour vous ! Malaga est id\u00e9ale toute l&#039;ann\u00e9e.\" \/>\n<meta property=\"og:url\" content=\"https:\/\/www.malagacar.com\/fr\/blog\/astuces-de-voyage\/meilleure-periode-pour-voyager-a-malaga\/\" \/>\n<meta property=\"og:site_name\" content=\"Blog de MalagaCar.com\" \/>\n<meta property=\"article:publisher\" content=\"https:\/\/www.facebook.com\/malagacar\" \/>\n<meta property=\"article:published_time\" content=\"2023-10-23T10:40:55+00:00\" \/>\n<meta property=\"og:image\" content=\"https:\/\/www.malagacar.com\/fr\/blog\/wp-content\/uploads\/2023\/10\/@flywithcha.jpg\" \/>\n\t<meta property=\"og:image:width\" content=\"555\" \/>\n\t<meta property=\"og:image:height\" content=\"445\" \/>\n\t<meta property=\"og:image:type\" content=\"image\/jpeg\" \/>\n<meta name=\"author\" content=\"MalagaCar.com\" \/>\n<meta name=\"twitter:card\" content=\"summary_large_image\" \/>\n<meta name=\"twitter:creator\" content=\"@malagacarcom\" \/>\n<meta name=\"twitter:site\" content=\"@malagacarcom\" \/>\n<meta name=\"twitter:label1\" content=\"\u00c9crit par\" \/>\n\t<meta name=\"twitter:data1\" content=\"MalagaCar.com\" \/>\n\t<meta name=\"twitter:label2\" content=\"Dur\u00e9e de lecture estim\u00e9e\" \/>\n\t<meta name=\"twitter:data2\" content=\"15 minutes\" \/>\n<script type=\"application\/ld+json\" class=\"yoast-schema-graph\">{\"@context\":\"https:\\\/\\\/schema.org\",\"@graph\":[{\"@type\":\"Article\",\"@id\":\"https:\\\/\\\/www.malagacar.com\\\/fr\\\/blog\\\/astuces-de-voyage\\\/meilleure-periode-pour-voyager-a-malaga\\\/#article\",\"isPartOf\":{\"@id\":\"https:\\\/\\\/www.malagacar.com\\\/fr\\\/blog\\\/astuces-de-voyage\\\/meilleure-periode-pour-voyager-a-malaga\\\/\"},\"author\":{\"name\":\"MalagaCar.com\",\"@id\":\"https:\\\/\\\/www.malagacar.com\\\/fr\\\/blog\\\/#\\\/schema\\\/person\\\/ffb97005d02bcc7d0bb59f5409635691\"},\"headline\":\"Quelle est la meilleure p\u00e9riode pour voyager \u00e0 Malaga ?\",\"datePublished\":\"2023-10-23T10:40:55+00:00\",\"mainEntityOfPage\":{\"@id\":\"https:\\\/\\\/www.malagacar.com\\\/fr\\\/blog\\\/astuces-de-voyage\\\/meilleure-periode-pour-voyager-a-malaga\\\/\"},\"wordCount\":2191,\"commentCount\":0,\"publisher\":{\"@id\":\"https:\\\/\\\/www.malagacar.com\\\/fr\\\/blog\\\/#organization\"},\"image\":{\"@id\":\"https:\\\/\\\/www.malagacar.com\\\/fr\\\/blog\\\/astuces-de-voyage\\\/meilleure-periode-pour-voyager-a-malaga\\\/#primaryimage\"},\"thumbnailUrl\":\"https:\\\/\\\/www.malagacar.com\\\/fr\\\/blog\\\/wp-content\\\/uploads\\\/2023\\\/10\\\/@flywithcha.jpg\",\"articleSection\":[\"Astuces de voyage\"],\"inLanguage\":\"fr-FR\",\"potentialAction\":[{\"@type\":\"CommentAction\",\"name\":\"Comment\",\"target\":[\"https:\\\/\\\/www.malagacar.com\\\/fr\\\/blog\\\/astuces-de-voyage\\\/meilleure-periode-pour-voyager-a-malaga\\\/#respond\"]}]},{\"@type\":\"WebPage\",\"@id\":\"https:\\\/\\\/www.malagacar.com\\\/fr\\\/blog\\\/astuces-de-voyage\\\/meilleure-periode-pour-voyager-a-malaga\\\/\",\"url\":\"https:\\\/\\\/www.malagacar.com\\\/fr\\\/blog\\\/astuces-de-voyage\\\/meilleure-periode-pour-voyager-a-malaga\\\/\",\"name\":\"Quelle est la meilleure p\u00e9riode pour voyager \u00e0 Malaga ? - Blog de MalagaCar.com\",\"isPartOf\":{\"@id\":\"https:\\\/\\\/www.malagacar.com\\\/fr\\\/blog\\\/#website\"},\"primaryImageOfPage\":{\"@id\":\"https:\\\/\\\/www.malagacar.com\\\/fr\\\/blog\\\/astuces-de-voyage\\\/meilleure-periode-pour-voyager-a-malaga\\\/#primaryimage\"},\"image\":{\"@id\":\"https:\\\/\\\/www.malagacar.com\\\/fr\\\/blog\\\/astuces-de-voyage\\\/meilleure-periode-pour-voyager-a-malaga\\\/#primaryimage\"},\"thumbnailUrl\":\"https:\\\/\\\/www.malagacar.com\\\/fr\\\/blog\\\/wp-content\\\/uploads\\\/2023\\\/10\\\/@flywithcha.jpg\",\"datePublished\":\"2023-10-23T10:40:55+00:00\",\"description\":\"Nous vous aidons \u00e0 choisir la meilleure p\u00e9riode pour voyager \u00e0 Malaga pour vous ! Malaga est id\u00e9ale toute l'ann\u00e9e.\",\"breadcrumb\":{\"@id\":\"https:\\\/\\\/www.malagacar.com\\\/fr\\\/blog\\\/astuces-de-voyage\\\/meilleure-periode-pour-voyager-a-malaga\\\/#breadcrumb\"},\"inLanguage\":\"fr-FR\",\"potentialAction\":[{\"@type\":\"ReadAction\",\"target\":[\"https:\\\/\\\/www.malagacar.com\\\/fr\\\/blog\\\/astuces-de-voyage\\\/meilleure-periode-pour-voyager-a-malaga\\\/\"]}]},{\"@type\":\"ImageObject\",\"inLanguage\":\"fr-FR\",\"@id\":\"https:\\\/\\\/www.malagacar.com\\\/fr\\\/blog\\\/astuces-de-voyage\\\/meilleure-periode-pour-voyager-a-malaga\\\/#primaryimage\",\"url\":\"https:\\\/\\\/www.malagacar.com\\\/fr\\\/blog\\\/wp-content\\\/uploads\\\/2023\\\/10\\\/@flywithcha.jpg\",\"contentUrl\":\"https:\\\/\\\/www.malagacar.com\\\/fr\\\/blog\\\/wp-content\\\/uploads\\\/2023\\\/10\\\/@flywithcha.jpg\",\"width\":555,\"height\":445,\"caption\":\"Quand est la meilleure p\u00e9riode pour visiter Malaga ?\"},{\"@type\":\"BreadcrumbList\",\"@id\":\"https:\\\/\\\/www.malagacar.com\\\/fr\\\/blog\\\/astuces-de-voyage\\\/meilleure-periode-pour-voyager-a-malaga\\\/#breadcrumb\",\"itemListElement\":[{\"@type\":\"ListItem\",\"position\":1,\"name\":\"Accueil\",\"item\":\"https:\\\/\\\/www.malagacar.com\\\/fr\\\/blog\\\/\"},{\"@type\":\"ListItem\",\"position\":2,\"name\":\"Quelle est la meilleure p\u00e9riode pour voyager \u00e0 Malaga ?\"}]},{\"@type\":\"WebSite\",\"@id\":\"https:\\\/\\\/www.malagacar.com\\\/fr\\\/blog\\\/#website\",\"url\":\"https:\\\/\\\/www.malagacar.com\\\/fr\\\/blog\\\/\",\"name\":\"Blog de MalagaCar.com\",\"description\":\"Nouvelles et informations int\u00e9ressantes sur la location de voitures \u00e0 l&#039;a\u00e9roport de Malaga.\",\"publisher\":{\"@id\":\"https:\\\/\\\/www.malagacar.com\\\/fr\\\/blog\\\/#organization\"},\"potentialAction\":[{\"@type\":\"SearchAction\",\"target\":{\"@type\":\"EntryPoint\",\"urlTemplate\":\"https:\\\/\\\/www.malagacar.com\\\/fr\\\/blog\\\/?s={search_term_string}\"},\"query-input\":{\"@type\":\"PropertyValueSpecification\",\"valueRequired\":true,\"valueName\":\"search_term_string\"}}],\"inLanguage\":\"fr-FR\"},{\"@type\":\"Organization\",\"@id\":\"https:\\\/\\\/www.malagacar.com\\\/fr\\\/blog\\\/#organization\",\"name\":\"MalagaCar.com\",\"url\":\"https:\\\/\\\/www.malagacar.com\\\/fr\\\/blog\\\/\",\"logo\":{\"@type\":\"ImageObject\",\"inLanguage\":\"fr-FR\",\"@id\":\"https:\\\/\\\/www.malagacar.com\\\/fr\\\/blog\\\/#\\\/schema\\\/logo\\\/image\\\/\",\"url\":\"https:\\\/\\\/www.malagacar.com\\\/fr\\\/blog\\\/wp-content\\\/uploads\\\/2021\\\/06\\\/logo-malagacar-social.png\",\"contentUrl\":\"https:\\\/\\\/www.malagacar.com\\\/fr\\\/blog\\\/wp-content\\\/uploads\\\/2021\\\/06\\\/logo-malagacar-social.png\",\"width\":900,\"height\":900,\"caption\":\"MalagaCar.com\"},\"image\":{\"@id\":\"https:\\\/\\\/www.malagacar.com\\\/fr\\\/blog\\\/#\\\/schema\\\/logo\\\/image\\\/\"},\"sameAs\":[\"https:\\\/\\\/www.facebook.com\\\/malagacar\",\"https:\\\/\\\/x.com\\\/malagacarcom\",\"https:\\\/\\\/www.instagram.com\\\/malagacar\\\/\",\"https:\\\/\\\/www.linkedin.com\\\/company\\\/malagacar.com\",\"https:\\\/\\\/www.youtube.com\\\/c\\\/MalagacarAirport\"]},{\"@type\":\"Person\",\"@id\":\"https:\\\/\\\/www.malagacar.com\\\/fr\\\/blog\\\/#\\\/schema\\\/person\\\/ffb97005d02bcc7d0bb59f5409635691\",\"name\":\"MalagaCar.com\",\"image\":{\"@type\":\"ImageObject\",\"inLanguage\":\"fr-FR\",\"@id\":\"https:\\\/\\\/secure.gravatar.com\\\/avatar\\\/296ebc31026e7be05868369e4c596b3239b1582b2fcf8a45de57333e2e82bb82?s=96&d=mm&r=g\",\"url\":\"https:\\\/\\\/secure.gravatar.com\\\/avatar\\\/296ebc31026e7be05868369e4c596b3239b1582b2fcf8a45de57333e2e82bb82?s=96&d=mm&r=g\",\"contentUrl\":\"https:\\\/\\\/secure.gravatar.com\\\/avatar\\\/296ebc31026e7be05868369e4c596b3239b1582b2fcf8a45de57333e2e82bb82?s=96&d=mm&r=g\",\"caption\":\"MalagaCar.com\"},\"sameAs\":[\"https:\\\/\\\/www.malagacar.com\\\/fr\\\/blog\"]}]}<\/script>\n<!-- \/ Yoast SEO plugin. -->","yoast_head_json":{"title":"Quelle est la meilleure p\u00e9riode pour voyager \u00e0 Malaga ? - Blog de MalagaCar.com","description":"Nous vous aidons \u00e0 choisir la meilleure p\u00e9riode pour voyager \u00e0 Malaga pour vous ! Malaga est id\u00e9ale toute l'ann\u00e9e.","robots":{"index":"index","follow":"follow","max-snippet":"max-snippet:-1","max-image-preview":"max-image-preview:large","max-video-preview":"max-video-preview:-1"},"canonical":"https:\/\/www.malagacar.com\/fr\/blog\/astuces-de-voyage\/meilleure-periode-pour-voyager-a-malaga\/","og_locale":"fr_FR","og_type":"article","og_title":"Quelle est la meilleure p\u00e9riode pour voyager \u00e0 Malaga ? - Blog de MalagaCar.com","og_description":"Nous vous aidons \u00e0 choisir la meilleure p\u00e9riode pour voyager \u00e0 Malaga pour vous ! Malaga est id\u00e9ale toute l'ann\u00e9e.","og_url":"https:\/\/www.malagacar.com\/fr\/blog\/astuces-de-voyage\/meilleure-periode-pour-voyager-a-malaga\/","og_site_name":"Blog de MalagaCar.com","article_publisher":"https:\/\/www.facebook.com\/malagacar","article_published_time":"2023-10-23T10:40:55+00:00","og_image":[{"width":555,"height":445,"url":"https:\/\/www.malagacar.com\/fr\/blog\/wp-content\/uploads\/2023\/10\/@flywithcha.jpg","type":"image\/jpeg"}],"author":"MalagaCar.com","twitter_card":"summary_large_image","twitter_creator":"@malagacarcom","twitter_site":"@malagacarcom","twitter_misc":{"\u00c9crit par":"MalagaCar.com","Dur\u00e9e de lecture estim\u00e9e":"15 minutes"},"schema":{"@context":"https:\/\/schema.org","@graph":[{"@type":"Article","@id":"https:\/\/www.malagacar.com\/fr\/blog\/astuces-de-voyage\/meilleure-periode-pour-voyager-a-malaga\/#article","isPartOf":{"@id":"https:\/\/www.malagacar.com\/fr\/blog\/astuces-de-voyage\/meilleure-periode-pour-voyager-a-malaga\/"},"author":{"name":"MalagaCar.com","@id":"https:\/\/www.malagacar.com\/fr\/blog\/#\/schema\/person\/ffb97005d02bcc7d0bb59f5409635691"},"headline":"Quelle est la meilleure p\u00e9riode pour voyager \u00e0 Malaga ?","datePublished":"2023-10-23T10:40:55+00:00","mainEntityOfPage":{"@id":"https:\/\/www.malagacar.com\/fr\/blog\/astuces-de-voyage\/meilleure-periode-pour-voyager-a-malaga\/"},"wordCount":2191,"commentCount":0,"publisher":{"@id":"https:\/\/www.malagacar.com\/fr\/blog\/#organization"},"image":{"@id":"https:\/\/www.malagacar.com\/fr\/blog\/astuces-de-voyage\/meilleure-periode-pour-voyager-a-malaga\/#primaryimage"},"thumbnailUrl":"https:\/\/www.malagacar.com\/fr\/blog\/wp-content\/uploads\/2023\/10\/@flywithcha.jpg","articleSection":["Astuces de voyage"],"inLanguage":"fr-FR","potentialAction":[{"@type":"CommentAction","name":"Comment","target":["https:\/\/www.malagacar.com\/fr\/blog\/astuces-de-voyage\/meilleure-periode-pour-voyager-a-malaga\/#respond"]}]},{"@type":"WebPage","@id":"https:\/\/www.malagacar.com\/fr\/blog\/astuces-de-voyage\/meilleure-periode-pour-voyager-a-malaga\/","url":"https:\/\/www.malagacar.com\/fr\/blog\/astuces-de-voyage\/meilleure-periode-pour-voyager-a-malaga\/","name":"Quelle est la meilleure p\u00e9riode pour voyager \u00e0 Malaga ? - Blog de MalagaCar.com","isPartOf":{"@id":"https:\/\/www.malagacar.com\/fr\/blog\/#website"},"primaryImageOfPage":{"@id":"https:\/\/www.malagacar.com\/fr\/blog\/astuces-de-voyage\/meilleure-periode-pour-voyager-a-malaga\/#primaryimage"},"image":{"@id":"https:\/\/www.malagacar.com\/fr\/blog\/astuces-de-voyage\/meilleure-periode-pour-voyager-a-malaga\/#primaryimage"},"thumbnailUrl":"https:\/\/www.malagacar.com\/fr\/blog\/wp-content\/uploads\/2023\/10\/@flywithcha.jpg","datePublished":"2023-10-23T10:40:55+00:00","description":"Nous vous aidons \u00e0 choisir la meilleure p\u00e9riode pour voyager \u00e0 Malaga pour vous ! Malaga est id\u00e9ale toute l'ann\u00e9e.","breadcrumb":{"@id":"https:\/\/www.malagacar.com\/fr\/blog\/astuces-de-voyage\/meilleure-periode-pour-voyager-a-malaga\/#breadcrumb"},"inLanguage":"fr-FR","potentialAction":[{"@type":"ReadAction","target":["https:\/\/www.malagacar.com\/fr\/blog\/astuces-de-voyage\/meilleure-periode-pour-voyager-a-malaga\/"]}]},{"@type":"ImageObject","inLanguage":"fr-FR","@id":"https:\/\/www.malagacar.com\/fr\/blog\/astuces-de-voyage\/meilleure-periode-pour-voyager-a-malaga\/#primaryimage","url":"https:\/\/www.malagacar.com\/fr\/blog\/wp-content\/uploads\/2023\/10\/@flywithcha.jpg","contentUrl":"https:\/\/www.malagacar.com\/fr\/blog\/wp-content\/uploads\/2023\/10\/@flywithcha.jpg","width":555,"height":445,"caption":"Quand est la meilleure p\u00e9riode pour visiter Malaga ?"},{"@type":"BreadcrumbList","@id":"https:\/\/www.malagacar.com\/fr\/blog\/astuces-de-voyage\/meilleure-periode-pour-voyager-a-malaga\/#breadcrumb","itemListElement":[{"@type":"ListItem","position":1,"name":"Accueil","item":"https:\/\/www.malagacar.com\/fr\/blog\/"},{"@type":"ListItem","position":2,"name":"Quelle est la meilleure p\u00e9riode pour voyager \u00e0 Malaga ?"}]},{"@type":"WebSite","@id":"https:\/\/www.malagacar.com\/fr\/blog\/#website","url":"https:\/\/www.malagacar.com\/fr\/blog\/","name":"Blog de MalagaCar.com","description":"Nouvelles et informations int\u00e9ressantes sur la location de voitures \u00e0 l&#039;a\u00e9roport de Malaga.","publisher":{"@id":"https:\/\/www.malagacar.com\/fr\/blog\/#organization"},"potentialAction":[{"@type":"SearchAction","target":{"@type":"EntryPoint","urlTemplate":"https:\/\/www.malagacar.com\/fr\/blog\/?s={search_term_string}"},"query-input":{"@type":"PropertyValueSpecification","valueRequired":true,"valueName":"search_term_string"}}],"inLanguage":"fr-FR"},{"@type":"Organization","@id":"https:\/\/www.malagacar.com\/fr\/blog\/#organization","name":"MalagaCar.com","url":"https:\/\/www.malagacar.com\/fr\/blog\/","logo":{"@type":"ImageObject","inLanguage":"fr-FR","@id":"https:\/\/www.malagacar.com\/fr\/blog\/#\/schema\/logo\/image\/","url":"https:\/\/www.malagacar.com\/fr\/blog\/wp-content\/uploads\/2021\/06\/logo-malagacar-social.png","contentUrl":"https:\/\/www.malagacar.com\/fr\/blog\/wp-content\/uploads\/2021\/06\/logo-malagacar-social.png","width":900,"height":900,"caption":"MalagaCar.com"},"image":{"@id":"https:\/\/www.malagacar.com\/fr\/blog\/#\/schema\/logo\/image\/"},"sameAs":["https:\/\/www.facebook.com\/malagacar","https:\/\/x.com\/malagacarcom","https:\/\/www.instagram.com\/malagacar\/","https:\/\/www.linkedin.com\/company\/malagacar.com","https:\/\/www.youtube.com\/c\/MalagacarAirport"]},{"@type":"Person","@id":"https:\/\/www.malagacar.com\/fr\/blog\/#\/schema\/person\/ffb97005d02bcc7d0bb59f5409635691","name":"MalagaCar.com","image":{"@type":"ImageObject","inLanguage":"fr-FR","@id":"https:\/\/secure.gravatar.com\/avatar\/296ebc31026e7be05868369e4c596b3239b1582b2fcf8a45de57333e2e82bb82?s=96&d=mm&r=g","url":"https:\/\/secure.gravatar.com\/avatar\/296ebc31026e7be05868369e4c596b3239b1582b2fcf8a45de57333e2e82bb82?s=96&d=mm&r=g","contentUrl":"https:\/\/secure.gravatar.com\/avatar\/296ebc31026e7be05868369e4c596b3239b1582b2fcf8a45de57333e2e82bb82?s=96&d=mm&r=g","caption":"MalagaCar.com"},"sameAs":["https:\/\/www.malagacar.com\/fr\/blog"]}]}},"_links":{"self":[{"href":"https:\/\/www.malagacar.com\/fr\/blog\/wp-json\/wp\/v2\/posts\/733","targetHints":{"allow":["GET"]}}],"collection":[{"href":"https:\/\/www.malagacar.com\/fr\/blog\/wp-json\/wp\/v2\/posts"}],"about":[{"href":"https:\/\/www.malagacar.com\/fr\/blog\/wp-json\/wp\/v2\/types\/post"}],"author":[{"embeddable":true,"href":"https:\/\/www.malagacar.com\/fr\/blog\/wp-json\/wp\/v2\/users\/1"}],"replies":[{"embeddable":true,"href":"https:\/\/www.malagacar.com\/fr\/blog\/wp-json\/wp\/v2\/comments?post=733"}],"version-history":[{"count":2,"href":"https:\/\/www.malagacar.com\/fr\/blog\/wp-json\/wp\/v2\/posts\/733\/revisions"}],"predecessor-version":[{"id":736,"href":"https:\/\/www.malagacar.com\/fr\/blog\/wp-json\/wp\/v2\/posts\/733\/revisions\/736"}],"wp:featuredmedia":[{"embeddable":true,"href":"https:\/\/www.malagacar.com\/fr\/blog\/wp-json\/wp\/v2\/media\/735"}],"wp:attachment":[{"href":"https:\/\/www.malagacar.com\/fr\/blog\/wp-json\/wp\/v2\/media?parent=733"}],"wp:term":[{"taxonomy":"category","embeddable":true,"href":"https:\/\/www.malagacar.com\/fr\/blog\/wp-json\/wp\/v2\/categories?post=733"},{"taxonomy":"post_tag","embeddable":true,"href":"https:\/\/www.malagacar.com\/fr\/blog\/wp-json\/wp\/v2\/tags?post=733"}],"curies":[{"name":"wp","href":"https:\/\/api.w.org\/{rel}","templated":true}]}}