{"id":751,"date":"2022-01-25T12:29:37","date_gmt":"2022-01-25T11:29:37","guid":{"rendered":"https:\/\/www.malagacar.com\/fr\/blog\/?p=751"},"modified":"2023-10-26T11:46:25","modified_gmt":"2023-10-26T09:46:25","slug":"jardin-botanique-historique-malaga","status":"publish","type":"post","link":"https:\/\/www.malagacar.com\/fr\/blog\/loisirs\/jardin-botanique-historique-malaga\/","title":{"rendered":"Le Jardin Botanique historique de La Concepci\u00f3n \u00e0 M\u00e1laga"},"content":{"rendered":"<p>Probablement, beaucoup d&rsquo;entre nous ont conduit sur l&rsquo;A-45 en direction des municipalit\u00e9s de la Costa del Sol, sans savoir qu&rsquo;\u00e0 notre passage en p\u00e9riph\u00e9rie de Malaga se trouve le <em><strong>Jardin Botanique historique de Malaga<\/strong><\/em>, l&rsquo;un des jardins subtropicaux les plus beaux d&rsquo;Espagne.<br \/>\n<!--more--><\/p>\n\n            <div class=\"banner\">\n                <div class=\"row\">\n                    <div class=\"col-sm-4\">\n                        <a href=\"\/fr\/location-de-voitures\/quote.php\" data-wpel-link=\"internal\"><img decoding=\"async\" src=\"\/images\/banner-img.jpg\" alt=\"malagacar.com\"><\/a>\n                    <\/div>\n                    <div class=\"col-sm-8\">\n                      <a href=\"\/fr\/location-de-voitures\/quote.php\" class=\"banner-title\" data-wpel-link=\"internal\">Meilleure location de voitures <div>\u00e0 l'a\u00e9roport de Malaga<\/div><\/a>   \n                        <div class=\"row\">\n                            <div class=\"col-sm-7\">\n                                <ul>\n                                    <li>Pas de frais de ravitaillement<\/li>\n                                    <li>Annulation gratuite<\/li>\n                                    <li>Location sans interm\u00e9diaire<\/li>\n                                    <li>Payez lorsque vous prenez la voiture<\/li>\n                                    <li><\/li>\n                                <\/ul>\n                            <\/div>\n                            <div class=\"col-sm-5\">\n                                <a class=\"btn-banner\" href=\"\/fr\/location-de-voitures\/quote.php\" data-wpel-link=\"internal\">Consultez les prix<\/a>\n                                <img decoding=\"async\" class=\"zonturent\" src=\"\/images\/zontu-banner.png\" alt=\"\">\n                            <\/div>\n                        <\/div>\n                    <\/div>\n                 <\/div>  \n            <\/div>\n            \n<p>La propri\u00e9t\u00e9 historique La Concepci\u00f3n, situ\u00e9e \u00e0 5 km au nord de Malaga, est le jardin tropical et subtropical le plus magnifique et important d&rsquo;Espagne, et l&rsquo;un des meilleurs d&rsquo;Europe.<\/p>\n<p>Probablement, vous ne soup\u00e7onnez pas qu\u2019une immense propri\u00e9t\u00e9 de 23 hectares se cache au milieu des montagnes s\u00e8ches. En effet, un jardin luxuriant et exquis a \u00e9t\u00e9 cr\u00e9\u00e9 dans cet espace. Nous vous recommandons vivement de le visiter, quelle que soit la saison de l\u2019ann\u00e9e.<\/p>\n<div id=\"ez-toc-container\" class=\"ez-toc-v2_0_87 counter-hierarchy ez-toc-counter ez-toc-light-blue ez-toc-container-direction\">\n<p class=\"ez-toc-title\" style=\"cursor:inherit\">Table des mati\u00e8res<\/p>\n<label for=\"ez-toc-cssicon-toggle-item-6a9a2c6eb9606\" class=\"ez-toc-cssicon-toggle-label\"><span class=\"\"><span class=\"eztoc-hide\" style=\"display:none;\">Toggle<\/span><span class=\"ez-toc-icon-toggle-span\"><svg style=\"fill: #999;color:#999\" xmlns=\"http:\/\/www.w3.org\/2000\/svg\" class=\"list-377408\" width=\"20px\" height=\"20px\" viewBox=\"0 0 24 24\" fill=\"none\"><path d=\"M6 6H4v2h2V6zm14 0H8v2h12V6zM4 11h2v2H4v-2zm16 0H8v2h12v-2zM4 16h2v2H4v-2zm16 0H8v2h12v-2z\" fill=\"currentColor\"><\/path><\/svg><svg style=\"fill: #999;color:#999\" class=\"arrow-unsorted-368013\" xmlns=\"http:\/\/www.w3.org\/2000\/svg\" width=\"10px\" height=\"10px\" viewBox=\"0 0 24 24\" version=\"1.2\" baseProfile=\"tiny\"><path d=\"M18.2 9.3l-6.2-6.3-6.2 6.3c-.2.2-.3.4-.3.7s.1.5.3.7c.2.2.4.3.7.3h11c.3 0 .5-.1.7-.3.2-.2.3-.5.3-.7s-.1-.5-.3-.7zM5.8 14.7l6.2 6.3 6.2-6.3c.2-.2.3-.5.3-.7s-.1-.5-.3-.7c-.2-.2-.4-.3-.7-.3h-11c-.3 0-.5.1-.7.3-.2.2-.3.5-.3.7s.1.5.3.7z\"\/><\/svg><\/span><\/span><\/label><input type=\"checkbox\"  id=\"ez-toc-cssicon-toggle-item-6a9a2c6eb9606\"  aria-label=\"Toggle\" \/><nav><ul class='ez-toc-list ez-toc-list-level-1 ' ><li class='ez-toc-page-1 ez-toc-heading-level-2'><a class=\"ez-toc-link ez-toc-heading-1\" href=\"https:\/\/www.malagacar.com\/fr\/blog\/loisirs\/jardin-botanique-historique-malaga\/#Pourquoi_visiter_le_Jardin_Botanique_Historique_de_Malaga\" data-wpel-link=\"internal\">Pourquoi visiter le Jardin Botanique Historique de Malaga<\/a><\/li><li class='ez-toc-page-1 ez-toc-heading-level-2'><a class=\"ez-toc-link ez-toc-heading-2\" href=\"https:\/\/www.malagacar.com\/fr\/blog\/loisirs\/jardin-botanique-historique-malaga\/#Un_peu_dhistoire\" data-wpel-link=\"internal\">Un peu d&rsquo;histoire<\/a><\/li><li class='ez-toc-page-1 ez-toc-heading-level-2'><a class=\"ez-toc-link ez-toc-heading-3\" href=\"https:\/\/www.malagacar.com\/fr\/blog\/loisirs\/jardin-botanique-historique-malaga\/#Batiments\" data-wpel-link=\"internal\">B\u00e2timents<\/a><\/li><li class='ez-toc-page-1 ez-toc-heading-level-2'><a class=\"ez-toc-link ez-toc-heading-4\" href=\"https:\/\/www.malagacar.com\/fr\/blog\/loisirs\/jardin-botanique-historique-malaga\/#Impressions_du_Jardin_Botanique\" data-wpel-link=\"internal\">Impressions du Jardin Botanique<\/a><\/li><li class='ez-toc-page-1 ez-toc-heading-level-2'><a class=\"ez-toc-link ez-toc-heading-5\" href=\"https:\/\/www.malagacar.com\/fr\/blog\/loisirs\/jardin-botanique-historique-malaga\/#Activites_au_Jardin_Botanique\" data-wpel-link=\"internal\">Activit\u00e9s au Jardin Botanique<\/a><\/li><li class='ez-toc-page-1 ez-toc-heading-level-2'><a class=\"ez-toc-link ez-toc-heading-6\" href=\"https:\/\/www.malagacar.com\/fr\/blog\/loisirs\/jardin-botanique-historique-malaga\/#Celebrez_votre_mariage_au_Jardin_Botanique\" data-wpel-link=\"internal\">C\u00e9l\u00e9brez votre mariage au Jardin Botanique<\/a><\/li><li class='ez-toc-page-1 ez-toc-heading-level-2'><a class=\"ez-toc-link ez-toc-heading-7\" href=\"https:\/\/www.malagacar.com\/fr\/blog\/loisirs\/jardin-botanique-historique-malaga\/#Horaires_et_Tarifs\" data-wpel-link=\"internal\">Horaires et Tarifs<\/a><\/li><li class='ez-toc-page-1 ez-toc-heading-level-2'><a class=\"ez-toc-link ez-toc-heading-8\" href=\"https:\/\/www.malagacar.com\/fr\/blog\/loisirs\/jardin-botanique-historique-malaga\/#Cafeteria_et_Boutique\" data-wpel-link=\"internal\">Caf\u00e9t\u00e9ria et Boutique<\/a><\/li><li class='ez-toc-page-1 ez-toc-heading-level-2'><a class=\"ez-toc-link ez-toc-heading-9\" href=\"https:\/\/www.malagacar.com\/fr\/blog\/loisirs\/jardin-botanique-historique-malaga\/#Visite_avec_un_chien\" data-wpel-link=\"internal\">Visite avec un chien<\/a><\/li><li class='ez-toc-page-1 ez-toc-heading-level-2'><a class=\"ez-toc-link ez-toc-heading-10\" href=\"https:\/\/www.malagacar.com\/fr\/blog\/loisirs\/jardin-botanique-historique-malaga\/#Plus_dinformations_et_comment_sy_rendre\" data-wpel-link=\"internal\">Plus d&rsquo;informations et comment s&rsquo;y rendre<\/a><\/li><\/ul><\/nav><\/div>\n<h2><span class=\"ez-toc-section\" id=\"Pourquoi_visiter_le_Jardin_Botanique_Historique_de_Malaga\"><\/span>Pourquoi visiter le Jardin Botanique Historique de Malaga<span class=\"ez-toc-section-end\"><\/span><\/h2>\n<p>Si vous \u00eates un amoureux de la nature, le Jardin Botanique Historique La Concepci\u00f3n est une <em><strong>visite incontournable<\/strong><\/em>.<\/p>\n<p>Avec une claire influence du style paysager anglais, le visiteur plonge dans un jardin luxuriant avec une fantastique collection de plantes tropicales, subtropicales et indig\u00e8nes qui enveloppent ce magnifique jardin de magie et de myst\u00e8re.<\/p>\n<p>En raison de sa grande \u00e9tendue, vous pouvez vous perdre dans les nombreux sentiers, vous promener tranquillement, vous \u00e9merveiller devant la nature et recharger vos batteries. Vous avez probablement entendu parler de la tendance japonaise des \u00ab\u00a0bains de for\u00eat\u00a0\u00bb. Eh bien, ici, \u00e0 quelques kilom\u00e8tres de Malaga, vous avez un <em><strong>v\u00e9ritable oasis o\u00f9 vous pouvez plonger corps et \u00e2me<\/strong><\/em>.<\/p>\n<p>Il convient de noter que le Jardin Botanique <em><strong>m\u00e9rite d&rsquo;\u00eatre visit\u00e9 en toute saison<\/strong><\/em>, car il y a toujours des plantes en fleur. M\u00eame en plein \u00e9t\u00e9, lorsque le soleil br\u00fble impitoyablement, vous pouvez profiter d&rsquo;une promenade rafra\u00eechissante \u00e0 l&rsquo;ombre protectrice des <em><strong>arbres centenaires et de l&rsquo;abondance d&rsquo;eau<\/strong><\/em>, des ruisseaux et des \u00e9tangs.<\/p>\n<p><a href=\"https:\/\/www.malagacar.com\/sp\/blog\/wp-content\/uploads\/2022\/01\/agua.jpg\" data-wpel-link=\"internal\"><img loading=\"lazy\" decoding=\"async\" class=\"alignnone wp-image-10210\" src=\"https:\/\/www.malagacar.com\/sp\/blog\/wp-content\/uploads\/2022\/01\/agua.jpg\" alt=\"Jardin Botanique Malaga\" width=\"621\" height=\"466\" \/><\/a><\/p>\n<h2><span class=\"ez-toc-section\" id=\"Un_peu_dhistoire\"><\/span>Un peu d&rsquo;histoire<span class=\"ez-toc-section-end\"><\/span><\/h2>\n<p>L&rsquo;histoire de La Concepci\u00f3n n&rsquo;est pas moins passionnante. Le jardin botanique a \u00e9t\u00e9 con\u00e7u (peut-\u00eatre d&rsquo;o\u00f9 son nom) en 1855 par le couple Jorge Loring et Amalia Heredia, les marquis de la maison Loring.<\/p>\n<figure id=\"attachment_10211\" aria-describedby=\"caption-attachment-10211\" style=\"width: 550px\" class=\"wp-caption alignnone\"><a href=\"https:\/\/www.malagacar.com\/sp\/blog\/wp-content\/uploads\/2022\/01\/Jorge-Loring-y-Amalia-Heredia.jpg\" data-wpel-link=\"internal\"><img loading=\"lazy\" decoding=\"async\" class=\"wp-image-10211\" src=\"https:\/\/www.malagacar.com\/sp\/blog\/wp-content\/uploads\/2022\/01\/Jorge-Loring-y-Amalia-Heredia.jpg\" alt=\"Jorge Loring et Amalia Heredia\" width=\"550\" height=\"389\" \/><\/a><figcaption id=\"caption-attachment-10211\" class=\"wp-caption-text\">Jorge Loring y Amalia Heredia<\/figcaption><\/figure>\n<p>Lors de leur voyage de noces \u00e0 travers l&rsquo;Europe, ils se sont inspir\u00e9s des jardins et parcs qu&rsquo;ils ont visit\u00e9s, puis sont retourn\u00e9s s&rsquo;installer \u00e0 Malaga. Ils ont acquis plusieurs propri\u00e9t\u00e9s situ\u00e9es le long de la rivi\u00e8re Guadalmedina, au nord de Malaga.<\/p>\n<p>Leur collaborateur essentiel dans la cr\u00e9ation du jardin \u00e9tait le jardinier fran\u00e7ais Jacinto Chamoussent, charg\u00e9 de s\u00e9lectionner et d&rsquo;acclimater des plantes exotiques. Gr\u00e2ce \u00e0 lui, le jardin abrite une magnifique collection de flore subtropicale en plein air, consid\u00e9r\u00e9e comme l&rsquo;une des meilleures d&rsquo;Europe.<\/p>\n<p>\u00c0 titre d&rsquo;esquisse, le jardin prosp\u00e8re de la mani\u00e8re la plus exub\u00e9rante avec des bambous, des orchid\u00e9es, des plantes insectivores, des brom\u00e9liac\u00e9es, des palmiers, des cactus, des plantes succulentes, des vignes anciennes de Malaga, des end\u00e9mismes de Malaga, des plantes m\u00e9diterran\u00e9ennes de diff\u00e9rents continents, des baobabs et des arbres fruitiers aux c\u00f4t\u00e9s d&rsquo;\u00e9normes arbres centenaires, dont certains sont les plus hauts de toute la province.<\/p>\n<p>Le tout est dispos\u00e9 de mani\u00e8re harmonieuse le long de nombreux sentiers sinueux, de coins charmants, de cascades, de ruisseaux, de fontaines, d&rsquo;escaliers, de petits ponts et d&rsquo;anciennes serres. Impossible de ne pas \u00eatre enchant\u00e9 !<\/p>\n<h2><span class=\"ez-toc-section\" id=\"Batiments\"><\/span>B\u00e2timents<span class=\"ez-toc-section-end\"><\/span><\/h2>\n<p>Il y a aussi plusieurs belles constructions sur le terrain, car le couple Loring avait un important statut social et y recevait l&rsquo;\u00e9lite des personnalit\u00e9s de l&rsquo;\u00e9poque.<\/p>\n<p>L&rsquo;une des premi\u00e8res constructions a \u00e9t\u00e9 le Mus\u00e9e Loringien, con\u00e7u en 1857 par l&rsquo;architecte allemand J.H. Strack, o\u00f9 \u00e0 l&rsquo;\u00e9poque \u00e9taient expos\u00e9es des pi\u00e8ces arch\u00e9ologiques d&rsquo;int\u00e9r\u00eat, comme la Lex Flavia Malacitana d&rsquo;origine romaine.<\/p>\n<p><a href=\"https:\/\/www.malagacar.com\/sp\/blog\/wp-content\/uploads\/2022\/01\/Museo-Loringiano.jpg\" data-wpel-link=\"internal\"><img loading=\"lazy\" decoding=\"async\" class=\"alignnone size-full wp-image-10208\" src=\"https:\/\/www.malagacar.com\/sp\/blog\/wp-content\/uploads\/2022\/01\/Museo-Loringiano.jpg\" alt=\"Jardin Botanique Historique La Concepci\u00f3n \" width=\"526\" height=\"526\" \/><\/a><\/p>\n<p>Lorsque vous vous asseyez dans cette <strong>ex\u00e8dre<\/strong>, vous b\u00e9n\u00e9ficierez d&rsquo;une vue privil\u00e9gi\u00e9e sur le Mus\u00e9e Loringiano.<\/p>\n<p><a href=\"https:\/\/www.malagacar.com\/sp\/blog\/wp-content\/uploads\/2022\/01\/exedra.jpg\" data-wpel-link=\"internal\"><img loading=\"lazy\" decoding=\"async\" class=\"alignnone wp-image-10203\" src=\"https:\/\/www.malagacar.com\/sp\/blog\/wp-content\/uploads\/2022\/01\/exedra.jpg\" alt=\"Jardin Botanique Historique La Concepci\u00f3n \" width=\"623\" height=\"467\" \/><\/a><\/p>\n<p>Il \u00e9tait connu sous le nom de banc des secrets, car ses lignes concaves lui offrent une si bonne acoustique que chuchoter \u00e0 une extr\u00e9mit\u00e9 peut \u00eatre entendu \u00e0 l&rsquo;autre.<\/p>\n<p>La l\u00e9gende dit que les amoureux pouvaient s&rsquo;envoyer des messages sans \u00eatre entendus par les sentinelles assises au milieu.<\/p>\n<p><strong>Belv\u00e9d\u00e8re historique<\/strong><\/p>\n<p><a href=\"https:\/\/www.malagacar.com\/sp\/blog\/wp-content\/uploads\/2022\/01\/mirador.jpg\" data-wpel-link=\"internal\"><img loading=\"lazy\" decoding=\"async\" class=\"alignnone wp-image-10204\" src=\"https:\/\/www.malagacar.com\/sp\/blog\/wp-content\/uploads\/2022\/01\/mirador-1024x627.jpg\" alt=\"Jardin Botanique Historique La Concepci\u00f3n\" width=\"619\" height=\"379\" \/><\/a><\/p>\n<p>Depuis ce charmant belv\u00e9d\u00e8re construit en 1920, vous pouvez voir la cath\u00e9drale, le ch\u00e2teau et la montagne de Gibralfaro, les montagnes de Malaga et la mer \u00e0 l&rsquo;horizon.<\/p>\n<p><strong>Palais de la Maison<\/strong><\/p>\n<p><a href=\"https:\/\/www.malagacar.com\/sp\/blog\/wp-content\/uploads\/2022\/01\/casa-Loring.jpg\" data-wpel-link=\"internal\"><img loading=\"lazy\" decoding=\"async\" class=\"alignnone wp-image-10205\" src=\"https:\/\/www.malagacar.com\/sp\/blog\/wp-content\/uploads\/2022\/01\/casa-Loring.jpg\" alt=\"Jardin Botanique Historique La Concepci\u00f3n\" width=\"596\" height=\"397\" \/><\/a><\/p>\n<p>Dans ce magnifique b\u00e2timent construit vers 1860, des soir\u00e9es et des discussions avaient lieu avec des aristocrates, des politiciens et des artistes de l&rsquo;\u00e9poque.<\/p>\n<p>Patio de la Casa Palacio<br \/>\nhttps:\/\/www.instagram.com\/p\/CWTjdotMN5l\/<\/p>\n<h2><span class=\"ez-toc-section\" id=\"Impressions_du_Jardin_Botanique\"><\/span>Impressions du Jardin Botanique<span class=\"ez-toc-section-end\"><\/span><\/h2>\n<p>Le Chemin des hibiscus est une all\u00e9e bord\u00e9e d&rsquo;hibiscus rosa-sinensis de nombreuses couleurs.<\/p>\n<p><a href=\"https:\/\/www.malagacar.com\/sp\/blog\/wp-content\/uploads\/2022\/01\/paseo-de-los-hibiscus.jpg\" data-wpel-link=\"internal\"><img loading=\"lazy\" decoding=\"async\" class=\"alignnone wp-image-10206\" src=\"https:\/\/www.malagacar.com\/sp\/blog\/wp-content\/uploads\/2022\/01\/paseo-de-los-hibiscus.jpg\" alt=\"Hibiscus rosa-sinensis\" width=\"622\" height=\"457\" \/><\/a><\/p>\n<p>\u00c0 la fin du mois de mars et au d\u00e9but d\u2019avril, nous pouvons admirer une merveille. La glycine, avec son explosion de couleur lilas et son doux parfum sublime, atteint son apog\u00e9e dans cette tonnelle. C\u2019est un lieu o\u00f9 de nombreux mariages sont c\u00e9l\u00e9br\u00e9s chaque ann\u00e9e.<\/p>\n<p><a href=\"https:\/\/www.malagacar.com\/sp\/blog\/wp-content\/uploads\/2022\/01\/glicinias.jpg\" data-wpel-link=\"internal\"><img loading=\"lazy\" decoding=\"async\" class=\"alignnone wp-image-10209\" src=\"https:\/\/www.malagacar.com\/sp\/blog\/wp-content\/uploads\/2022\/01\/glicinias.jpg\" alt=\"Pavillon des Glycines\" width=\"619\" height=\"406\" \/><\/a><br \/>\nPromenade dans la Tonnelle des Glycines<br \/>\nhttps:\/\/www.instagram.com\/p\/CKeuXhMn9qi\/<\/p>\n<p>Le lac du jardin botanique avec des canards sauvages.<br \/>\nhttps:\/\/www.instagram.com\/p\/BqwyrmXHZjg\/<\/p>\n<h2><span class=\"ez-toc-section\" id=\"Activites_au_Jardin_Botanique\"><\/span>Activit\u00e9s au Jardin Botanique<span class=\"ez-toc-section-end\"><\/span><\/h2>\n<p>Nous ne pouvons pas seulement nous promener et profiter du jardin. Le Jardin botanique propose tout au long de l&rsquo;ann\u00e9e une vari\u00e9t\u00e9 d&rsquo;activit\u00e9s pour tous les \u00e2ges et tous les go\u00fbts.<\/p>\n<p>Parmi elles, nous pouvons mettre en avant diff\u00e9rents concerts, aussi bien de musique locale alternative que de concerts classiques ; des visites nocturnes guid\u00e9es \u00ab\u00a0Nuits avec Histoire\u00a0\u00bb pour d\u00e9couvrir l&rsquo;histoire de ses personnages les plus marquants du XIXe si\u00e8cle et \u00ab\u00a0\u00c9t\u00e9 Magique\u00a0\u00bb ; ainsi que des activit\u00e9s en famille pour Halloween et No\u00ebl.<\/p>\n<p>Et enfin, la derni\u00e8re nouveaut\u00e9 en d\u00e9cembre et janvier : \u00ab\u00a0Les Lumi\u00e8res du Jardin Botanique\u00a0\u00bb, une v\u00e9ritable merveille que vous pouvez d\u00e9couvrir dans notre article <a href=\"https:\/\/www.malagacar.com\/fr\/blog\/loisirs\/jardin-de-noel-malaga\/\" data-wpel-link=\"internal\"><strong>Les Lumi\u00e8res du Jardin Botanique<\/strong><\/a>, une for\u00eat enchant\u00e9e de No\u00ebl o\u00f9 vous pouvez vous promener et vous impr\u00e9gner de la <em><strong>magie cr\u00e9\u00e9e par les lumi\u00e8res, les sons et la nature<\/strong><\/em>, le long d&rsquo;un parcours de 2 km.<\/p>\n<p><img loading=\"lazy\" decoding=\"async\" class=\"alignnone size-full wp-image-719\" src=\"https:\/\/www.malagacar.com\/fr\/blog\/wp-content\/uploads\/2023\/10\/jardin-de-noel-malaga.jpg\" alt=\"JArdin de No\u00ebl M\u00e1laga\" width=\"1200\" height=\"900\" srcset=\"https:\/\/www.malagacar.com\/fr\/blog\/wp-content\/uploads\/2023\/10\/jardin-de-noel-malaga.jpg 1200w, https:\/\/www.malagacar.com\/fr\/blog\/wp-content\/uploads\/2023\/10\/jardin-de-noel-malaga-300x225.jpg 300w, https:\/\/www.malagacar.com\/fr\/blog\/wp-content\/uploads\/2023\/10\/jardin-de-noel-malaga-1024x768.jpg 1024w, https:\/\/www.malagacar.com\/fr\/blog\/wp-content\/uploads\/2023\/10\/jardin-de-noel-malaga-768x576.jpg 768w\" sizes=\"auto, (max-width: 1200px) 100vw, 1200px\" \/><\/p>\n<p>En raison de son \u00e9norme succ\u00e8s, nous esp\u00e9rons que cela se r\u00e9p\u00e9tera chaque ann\u00e9e.<\/p>\n<p>Pour les activit\u00e9s actuelles, nous vous recommandons de visiter leur page Facebook, vous trouverez le lien ci-dessous.<\/p>\n<h2><span class=\"ez-toc-section\" id=\"Celebrez_votre_mariage_au_Jardin_Botanique\"><\/span>C\u00e9l\u00e9brez votre mariage au Jardin Botanique<span class=\"ez-toc-section-end\"><\/span><\/h2>\n<p>La Costa del Sol en g\u00e9n\u00e9ral est une destination id\u00e9ale pour r\u00e9aliser le mariage de vos r\u00eaves \u00e0 Malaga toute l&rsquo;ann\u00e9e gr\u00e2ce \u00e0 son climat doux.<\/p>\n<p>Si vous ne le saviez pas, l&rsquo;un des espaces naturels les plus merveilleux pour ce type de c\u00e9l\u00e9brations ou pour prendre de superbes photos de mariage est le Jardin Botanique La Concepci\u00f3n.<\/p>\n<figure id=\"attachment_10236\" aria-describedby=\"caption-attachment-10236\" style=\"width: 850px\" class=\"wp-caption alignnone\"><img loading=\"lazy\" decoding=\"async\" class=\"size-full wp-image-10236\" src=\"https:\/\/www.malagacar.com\/sp\/blog\/wp-content\/uploads\/2022\/01\/Emanuellefotografosmalaga_Jardin-Botanico.jpg\" alt=\"Jardin Botanique Mariages\" width=\"850\" height=\"450\" \/><figcaption id=\"caption-attachment-10236\" class=\"wp-caption-text\">Photo <a href=\"https:\/\/emanuellefotografosmalaga.es\/\" data-wpel-link=\"external\" rel=\"external noopener noreferrer\">Emanuellefotografosmalaga<\/a><\/figcaption><\/figure>\n<h2><span class=\"ez-toc-section\" id=\"Horaires_et_Tarifs\"><\/span>Horaires et Tarifs<span class=\"ez-toc-section-end\"><\/span><\/h2>\n<p>Du 1er avril au 30 septembre : De 09h30 \u00e0 20h30<br \/>\nDu 1er octobre au 31 mars : De 09h30 \u00e0 17h30<\/p>\n<p>24 et 31 d\u00e9cembre : De 09h30 \u00e0 15h00<br \/>\nIl est possible de rester dans le jardin jusqu&rsquo;\u00e0 une demi-heure apr\u00e8s la fermeture.<\/p>\n<p>Ferm\u00e9 les lundis, le 25 d\u00e9cembre et le 1er janvier.<\/p>\n<p>Le tarif normal est de 5,20 \u20ac par personne.<\/p>\n<h4>Visites Guid\u00e9es<\/h4>\n<p>Il existe l&rsquo;option de la visite guid\u00e9e (recommand\u00e9e). Le service de guide est payant et peut \u00eatre r\u00e9serv\u00e9 au t\u00e9l\u00e9phone 951 926 180.<br \/>\nVisite guid\u00e9e quotidienne d&rsquo;une heure et quart, \u00e0 12 h et 16 h chaque jour. Minimum 6 personnes : 3 \u20ac par personne en plus du billet d&rsquo;entr\u00e9e.<\/p>\n<h4>Horaires Gratuits<\/h4>\n<p>Les dimanches entre le 1er octobre et le 31 mars, de 14h00 \u00e0 17h30<br \/>\nLes dimanches entre le 1er avril et le 30 septembre, de 16h30 \u00e0 20h30<\/p>\n<h2><span class=\"ez-toc-section\" id=\"Cafeteria_et_Boutique\"><\/span>Caf\u00e9t\u00e9ria et Boutique<span class=\"ez-toc-section-end\"><\/span><\/h2>\n<p><a href=\"https:\/\/www.malagacar.com\/sp\/blog\/wp-content\/uploads\/2022\/01\/cafeteria.jpg\" data-wpel-link=\"internal\"><img loading=\"lazy\" decoding=\"async\" class=\"alignnone wp-image-10213\" src=\"https:\/\/www.malagacar.com\/sp\/blog\/wp-content\/uploads\/2022\/01\/cafeteria-1024x495.jpg\" alt=\"Caf\u00e9t\u00e9ria et Boutique\" width=\"620\" height=\"300\" \/><\/a><\/p>\n<p>Juste \u00e0 l&rsquo;entr\u00e9e du jardin, vous trouverez une boutique o\u00f9 vous pourrez acheter des cadeaux et des souvenirs. Il y a aussi une caf\u00e9t\u00e9ria, un endroit tr\u00e8s agr\u00e9able pour prendre le petit d\u00e9jeuner, des collations ou des d\u00e9jeuners.<\/p>\n<h2><span class=\"ez-toc-section\" id=\"Visite_avec_un_chien\"><\/span>Visite avec un chien<span class=\"ez-toc-section-end\"><\/span><\/h2>\n<p>Les chiens sont autoris\u00e9s dans ce jardin, \u00e0 condition d&rsquo;\u00eatre tenus en laisse et de respecter la <a href=\"https:\/\/laconcepcion.malaga.eu\/opencms\/export\/sites\/laconcepcion\/.content\/galerias\/documentos\/NORMAS-DE-COMPORTAMIENTO-PARA-ACCESO-CON-PERROS-AL-JARDIN-BOTANICO-Esp-Ing.pdf\" data-wpel-link=\"external\" rel=\"external noopener noreferrer\"><strong>r\u00e9glementation<\/strong><\/a>.<\/p>\n<h2><span class=\"ez-toc-section\" id=\"Plus_dinformations_et_comment_sy_rendre\"><\/span>Plus d&rsquo;informations et comment s&rsquo;y rendre<span class=\"ez-toc-section-end\"><\/span><\/h2>\n<p>Site web : <a href=\"https:\/\/laconcepcion.malaga.eu\/\" data-wpel-link=\"external\" rel=\"external noopener noreferrer\">https:\/\/laconcepcion.malaga.eu\/<\/a><br \/>\nFacebook : <a href=\"https:\/\/www.facebook.com\/jardinbotanicolaconcepcionmalaga\/\" data-wpel-link=\"external\" rel=\"external noopener noreferrer\">https:\/\/www.facebook.com\/jardinbotanicolaconcepcionmalaga\/<\/a><br \/>\nComment s&rsquo;y rendre : <a href=\"https:\/\/goo.gl\/maps\/ckaxJKuE4fmn7pAA8\" data-wpel-link=\"external\" rel=\"external noopener noreferrer\">https:\/\/goo.gl\/maps\/ckaxJKuE4fmn7pAA8<\/a><\/p>\n<figure id=\"attachment_10220\" aria-describedby=\"caption-attachment-10220\" style=\"width: 621px\" class=\"wp-caption alignnone\"><a href=\"https:\/\/www.malagacar.com\/sp\/blog\/wp-content\/uploads\/2022\/01\/mapa-jardin.jpg\" data-wpel-link=\"internal\"><img loading=\"lazy\" decoding=\"async\" class=\"wp-image-10220\" src=\"https:\/\/www.malagacar.com\/sp\/blog\/wp-content\/uploads\/2022\/01\/mapa-jardin-1024x715.jpg\" alt=\"mapa\" width=\"621\" height=\"434\" \/><\/a><figcaption id=\"caption-attachment-10220\" class=\"wp-caption-text\">Mapa del Jard\u00edn Hist\u00f3rico Bot\u00e1nico La Concepci\u00f3n<\/figcaption><\/figure>\n<p><iframe loading=\"lazy\" title=\"YouTube video player\" src=\"https:\/\/www.youtube.com\/embed\/EJXz0GdD3tk\" width=\"949\" height=\"721\" frameborder=\"0\" allowfullscreen=\"allowfullscreen\"><span data-mce-type=\"bookmark\" style=\"display: inline-block; width: 0px; overflow: hidden; line-height: 0;\" class=\"mce_SELRES_start\">\ufeff<\/span><\/iframe><\/p>\n","protected":false},"excerpt":{"rendered":"<p>Probablement, beaucoup d&rsquo;entre nous ont conduit sur l&rsquo;A-45 en direction des municipalit\u00e9s de la Costa del Sol, sans savoir qu&rsquo;\u00e0 notre passage en p\u00e9riph\u00e9rie de Malaga se trouve le Jardin Botanique historique de Malaga, l&rsquo;un des jardins subtropicaux les plus beaux d&rsquo;Espagne.<\/p>\n","protected":false},"author":1,"featured_media":752,"comment_status":"open","ping_status":"open","sticky":false,"template":"","format":"standard","meta":{"footnotes":""},"categories":[2],"tags":[],"class_list":["post-751","post","type-post","status-publish","format-standard","has-post-thumbnail","hentry","category-loisirs"],"yoast_head":"<!-- This site is optimized with the Yoast SEO plugin v28.4 - https:\/\/yoast.com\/product\/yoast-seo-wordpress\/ -->\n<title>Le Jardin Botanique historique de La Concepci\u00f3n \u00e0 M\u00e1laga - Blog de MalagaCar.com<\/title>\n<meta name=\"description\" content=\"Si vous \u00eates un amoureux de la nature, le Jardin Botanique historique de La Concepci\u00f3n \u00e0 M\u00e1laga est une visite incontournable toute l&#039;ann\u00e9e.\" \/>\n<meta name=\"robots\" content=\"index, follow, max-snippet:-1, max-image-preview:large, max-video-preview:-1\" \/>\n<link rel=\"canonical\" href=\"https:\/\/www.malagacar.com\/fr\/blog\/loisirs\/jardin-botanique-historique-malaga\/\" \/>\n<meta property=\"og:locale\" content=\"fr_FR\" \/>\n<meta property=\"og:type\" content=\"article\" \/>\n<meta property=\"og:title\" content=\"Le Jardin Botanique historique de La Concepci\u00f3n \u00e0 M\u00e1laga - Blog de MalagaCar.com\" \/>\n<meta property=\"og:description\" content=\"Si vous \u00eates un amoureux de la nature, le Jardin Botanique historique de La Concepci\u00f3n \u00e0 M\u00e1laga est une visite incontournable toute l&#039;ann\u00e9e.\" \/>\n<meta property=\"og:url\" content=\"https:\/\/www.malagacar.com\/fr\/blog\/loisirs\/jardin-botanique-historique-malaga\/\" \/>\n<meta property=\"og:site_name\" content=\"Blog de MalagaCar.com\" \/>\n<meta property=\"article:publisher\" content=\"https:\/\/www.facebook.com\/malagacar\" \/>\n<meta property=\"article:published_time\" content=\"2022-01-25T11:29:37+00:00\" \/>\n<meta property=\"article:modified_time\" content=\"2023-10-26T09:46:25+00:00\" \/>\n<meta property=\"og:image\" content=\"https:\/\/www.malagacar.com\/fr\/blog\/wp-content\/uploads\/2023\/10\/jardin-botanique-malaga.jpg\" \/>\n\t<meta property=\"og:image:width\" content=\"1200\" \/>\n\t<meta property=\"og:image:height\" content=\"900\" \/>\n\t<meta property=\"og:image:type\" content=\"image\/jpeg\" \/>\n<meta name=\"author\" content=\"MalagaCar.com\" \/>\n<meta name=\"twitter:card\" content=\"summary_large_image\" \/>\n<meta name=\"twitter:creator\" content=\"@malagacarcom\" \/>\n<meta name=\"twitter:site\" content=\"@malagacarcom\" \/>\n<meta name=\"twitter:label1\" content=\"\u00c9crit par\" \/>\n\t<meta name=\"twitter:data1\" content=\"MalagaCar.com\" \/>\n\t<meta name=\"twitter:label2\" content=\"Dur\u00e9e de lecture estim\u00e9e\" \/>\n\t<meta name=\"twitter:data2\" content=\"9 minutes\" \/>\n<script type=\"application\/ld+json\" class=\"yoast-schema-graph\">{\"@context\":\"https:\\\/\\\/schema.org\",\"@graph\":[{\"@type\":\"Article\",\"@id\":\"https:\\\/\\\/www.malagacar.com\\\/fr\\\/blog\\\/loisirs\\\/jardin-botanique-historique-malaga\\\/#article\",\"isPartOf\":{\"@id\":\"https:\\\/\\\/www.malagacar.com\\\/fr\\\/blog\\\/loisirs\\\/jardin-botanique-historique-malaga\\\/\"},\"author\":{\"name\":\"MalagaCar.com\",\"@id\":\"https:\\\/\\\/www.malagacar.com\\\/fr\\\/blog\\\/#\\\/schema\\\/person\\\/ffb97005d02bcc7d0bb59f5409635691\"},\"headline\":\"Le Jardin Botanique historique de La Concepci\u00f3n \u00e0 M\u00e1laga\",\"datePublished\":\"2022-01-25T11:29:37+00:00\",\"dateModified\":\"2023-10-26T09:46:25+00:00\",\"mainEntityOfPage\":{\"@id\":\"https:\\\/\\\/www.malagacar.com\\\/fr\\\/blog\\\/loisirs\\\/jardin-botanique-historique-malaga\\\/\"},\"wordCount\":1440,\"commentCount\":0,\"publisher\":{\"@id\":\"https:\\\/\\\/www.malagacar.com\\\/fr\\\/blog\\\/#organization\"},\"image\":{\"@id\":\"https:\\\/\\\/www.malagacar.com\\\/fr\\\/blog\\\/loisirs\\\/jardin-botanique-historique-malaga\\\/#primaryimage\"},\"thumbnailUrl\":\"https:\\\/\\\/www.malagacar.com\\\/fr\\\/blog\\\/wp-content\\\/uploads\\\/2023\\\/10\\\/jardin-botanique-malaga.jpg\",\"articleSection\":[\"Loisirs\"],\"inLanguage\":\"fr-FR\",\"potentialAction\":[{\"@type\":\"CommentAction\",\"name\":\"Comment\",\"target\":[\"https:\\\/\\\/www.malagacar.com\\\/fr\\\/blog\\\/loisirs\\\/jardin-botanique-historique-malaga\\\/#respond\"]}]},{\"@type\":\"WebPage\",\"@id\":\"https:\\\/\\\/www.malagacar.com\\\/fr\\\/blog\\\/loisirs\\\/jardin-botanique-historique-malaga\\\/\",\"url\":\"https:\\\/\\\/www.malagacar.com\\\/fr\\\/blog\\\/loisirs\\\/jardin-botanique-historique-malaga\\\/\",\"name\":\"Le Jardin Botanique historique de La Concepci\u00f3n \u00e0 M\u00e1laga - Blog de MalagaCar.com\",\"isPartOf\":{\"@id\":\"https:\\\/\\\/www.malagacar.com\\\/fr\\\/blog\\\/#website\"},\"primaryImageOfPage\":{\"@id\":\"https:\\\/\\\/www.malagacar.com\\\/fr\\\/blog\\\/loisirs\\\/jardin-botanique-historique-malaga\\\/#primaryimage\"},\"image\":{\"@id\":\"https:\\\/\\\/www.malagacar.com\\\/fr\\\/blog\\\/loisirs\\\/jardin-botanique-historique-malaga\\\/#primaryimage\"},\"thumbnailUrl\":\"https:\\\/\\\/www.malagacar.com\\\/fr\\\/blog\\\/wp-content\\\/uploads\\\/2023\\\/10\\\/jardin-botanique-malaga.jpg\",\"datePublished\":\"2022-01-25T11:29:37+00:00\",\"dateModified\":\"2023-10-26T09:46:25+00:00\",\"description\":\"Si vous \u00eates un amoureux de la nature, le Jardin Botanique historique de La Concepci\u00f3n \u00e0 M\u00e1laga est une visite incontournable toute l'ann\u00e9e.\",\"breadcrumb\":{\"@id\":\"https:\\\/\\\/www.malagacar.com\\\/fr\\\/blog\\\/loisirs\\\/jardin-botanique-historique-malaga\\\/#breadcrumb\"},\"inLanguage\":\"fr-FR\",\"potentialAction\":[{\"@type\":\"ReadAction\",\"target\":[\"https:\\\/\\\/www.malagacar.com\\\/fr\\\/blog\\\/loisirs\\\/jardin-botanique-historique-malaga\\\/\"]}]},{\"@type\":\"ImageObject\",\"inLanguage\":\"fr-FR\",\"@id\":\"https:\\\/\\\/www.malagacar.com\\\/fr\\\/blog\\\/loisirs\\\/jardin-botanique-historique-malaga\\\/#primaryimage\",\"url\":\"https:\\\/\\\/www.malagacar.com\\\/fr\\\/blog\\\/wp-content\\\/uploads\\\/2023\\\/10\\\/jardin-botanique-malaga.jpg\",\"contentUrl\":\"https:\\\/\\\/www.malagacar.com\\\/fr\\\/blog\\\/wp-content\\\/uploads\\\/2023\\\/10\\\/jardin-botanique-malaga.jpg\",\"width\":1200,\"height\":900,\"caption\":\"Jardin Botanique historique Malaga\"},{\"@type\":\"BreadcrumbList\",\"@id\":\"https:\\\/\\\/www.malagacar.com\\\/fr\\\/blog\\\/loisirs\\\/jardin-botanique-historique-malaga\\\/#breadcrumb\",\"itemListElement\":[{\"@type\":\"ListItem\",\"position\":1,\"name\":\"Accueil\",\"item\":\"https:\\\/\\\/www.malagacar.com\\\/fr\\\/blog\\\/\"},{\"@type\":\"ListItem\",\"position\":2,\"name\":\"Le Jardin Botanique historique de La Concepci\u00f3n \u00e0 M\u00e1laga\"}]},{\"@type\":\"WebSite\",\"@id\":\"https:\\\/\\\/www.malagacar.com\\\/fr\\\/blog\\\/#website\",\"url\":\"https:\\\/\\\/www.malagacar.com\\\/fr\\\/blog\\\/\",\"name\":\"Blog de MalagaCar.com\",\"description\":\"Nouvelles et informations int\u00e9ressantes sur la location de voitures \u00e0 l&#039;a\u00e9roport de Malaga.\",\"publisher\":{\"@id\":\"https:\\\/\\\/www.malagacar.com\\\/fr\\\/blog\\\/#organization\"},\"potentialAction\":[{\"@type\":\"SearchAction\",\"target\":{\"@type\":\"EntryPoint\",\"urlTemplate\":\"https:\\\/\\\/www.malagacar.com\\\/fr\\\/blog\\\/?s={search_term_string}\"},\"query-input\":{\"@type\":\"PropertyValueSpecification\",\"valueRequired\":true,\"valueName\":\"search_term_string\"}}],\"inLanguage\":\"fr-FR\"},{\"@type\":\"Organization\",\"@id\":\"https:\\\/\\\/www.malagacar.com\\\/fr\\\/blog\\\/#organization\",\"name\":\"MalagaCar.com\",\"url\":\"https:\\\/\\\/www.malagacar.com\\\/fr\\\/blog\\\/\",\"logo\":{\"@type\":\"ImageObject\",\"inLanguage\":\"fr-FR\",\"@id\":\"https:\\\/\\\/www.malagacar.com\\\/fr\\\/blog\\\/#\\\/schema\\\/logo\\\/image\\\/\",\"url\":\"https:\\\/\\\/www.malagacar.com\\\/fr\\\/blog\\\/wp-content\\\/uploads\\\/2021\\\/06\\\/logo-malagacar-social.png\",\"contentUrl\":\"https:\\\/\\\/www.malagacar.com\\\/fr\\\/blog\\\/wp-content\\\/uploads\\\/2021\\\/06\\\/logo-malagacar-social.png\",\"width\":900,\"height\":900,\"caption\":\"MalagaCar.com\"},\"image\":{\"@id\":\"https:\\\/\\\/www.malagacar.com\\\/fr\\\/blog\\\/#\\\/schema\\\/logo\\\/image\\\/\"},\"sameAs\":[\"https:\\\/\\\/www.facebook.com\\\/malagacar\",\"https:\\\/\\\/x.com\\\/malagacarcom\",\"https:\\\/\\\/www.instagram.com\\\/malagacar\\\/\",\"https:\\\/\\\/www.linkedin.com\\\/company\\\/malagacar.com\",\"https:\\\/\\\/www.youtube.com\\\/c\\\/MalagacarAirport\"]},{\"@type\":\"Person\",\"@id\":\"https:\\\/\\\/www.malagacar.com\\\/fr\\\/blog\\\/#\\\/schema\\\/person\\\/ffb97005d02bcc7d0bb59f5409635691\",\"name\":\"MalagaCar.com\",\"image\":{\"@type\":\"ImageObject\",\"inLanguage\":\"fr-FR\",\"@id\":\"https:\\\/\\\/secure.gravatar.com\\\/avatar\\\/296ebc31026e7be05868369e4c596b3239b1582b2fcf8a45de57333e2e82bb82?s=96&d=mm&r=g\",\"url\":\"https:\\\/\\\/secure.gravatar.com\\\/avatar\\\/296ebc31026e7be05868369e4c596b3239b1582b2fcf8a45de57333e2e82bb82?s=96&d=mm&r=g\",\"contentUrl\":\"https:\\\/\\\/secure.gravatar.com\\\/avatar\\\/296ebc31026e7be05868369e4c596b3239b1582b2fcf8a45de57333e2e82bb82?s=96&d=mm&r=g\",\"caption\":\"MalagaCar.com\"},\"sameAs\":[\"https:\\\/\\\/www.malagacar.com\\\/fr\\\/blog\"]}]}<\/script>\n<!-- \/ Yoast SEO plugin. -->","yoast_head_json":{"title":"Le Jardin Botanique historique de La Concepci\u00f3n \u00e0 M\u00e1laga - Blog de MalagaCar.com","description":"Si vous \u00eates un amoureux de la nature, le Jardin Botanique historique de La Concepci\u00f3n \u00e0 M\u00e1laga est une visite incontournable toute l'ann\u00e9e.","robots":{"index":"index","follow":"follow","max-snippet":"max-snippet:-1","max-image-preview":"max-image-preview:large","max-video-preview":"max-video-preview:-1"},"canonical":"https:\/\/www.malagacar.com\/fr\/blog\/loisirs\/jardin-botanique-historique-malaga\/","og_locale":"fr_FR","og_type":"article","og_title":"Le Jardin Botanique historique de La Concepci\u00f3n \u00e0 M\u00e1laga - Blog de MalagaCar.com","og_description":"Si vous \u00eates un amoureux de la nature, le Jardin Botanique historique de La Concepci\u00f3n \u00e0 M\u00e1laga est une visite incontournable toute l'ann\u00e9e.","og_url":"https:\/\/www.malagacar.com\/fr\/blog\/loisirs\/jardin-botanique-historique-malaga\/","og_site_name":"Blog de MalagaCar.com","article_publisher":"https:\/\/www.facebook.com\/malagacar","article_published_time":"2022-01-25T11:29:37+00:00","article_modified_time":"2023-10-26T09:46:25+00:00","og_image":[{"width":1200,"height":900,"url":"https:\/\/www.malagacar.com\/fr\/blog\/wp-content\/uploads\/2023\/10\/jardin-botanique-malaga.jpg","type":"image\/jpeg"}],"author":"MalagaCar.com","twitter_card":"summary_large_image","twitter_creator":"@malagacarcom","twitter_site":"@malagacarcom","twitter_misc":{"\u00c9crit par":"MalagaCar.com","Dur\u00e9e de lecture estim\u00e9e":"9 minutes"},"schema":{"@context":"https:\/\/schema.org","@graph":[{"@type":"Article","@id":"https:\/\/www.malagacar.com\/fr\/blog\/loisirs\/jardin-botanique-historique-malaga\/#article","isPartOf":{"@id":"https:\/\/www.malagacar.com\/fr\/blog\/loisirs\/jardin-botanique-historique-malaga\/"},"author":{"name":"MalagaCar.com","@id":"https:\/\/www.malagacar.com\/fr\/blog\/#\/schema\/person\/ffb97005d02bcc7d0bb59f5409635691"},"headline":"Le Jardin Botanique historique de La Concepci\u00f3n \u00e0 M\u00e1laga","datePublished":"2022-01-25T11:29:37+00:00","dateModified":"2023-10-26T09:46:25+00:00","mainEntityOfPage":{"@id":"https:\/\/www.malagacar.com\/fr\/blog\/loisirs\/jardin-botanique-historique-malaga\/"},"wordCount":1440,"commentCount":0,"publisher":{"@id":"https:\/\/www.malagacar.com\/fr\/blog\/#organization"},"image":{"@id":"https:\/\/www.malagacar.com\/fr\/blog\/loisirs\/jardin-botanique-historique-malaga\/#primaryimage"},"thumbnailUrl":"https:\/\/www.malagacar.com\/fr\/blog\/wp-content\/uploads\/2023\/10\/jardin-botanique-malaga.jpg","articleSection":["Loisirs"],"inLanguage":"fr-FR","potentialAction":[{"@type":"CommentAction","name":"Comment","target":["https:\/\/www.malagacar.com\/fr\/blog\/loisirs\/jardin-botanique-historique-malaga\/#respond"]}]},{"@type":"WebPage","@id":"https:\/\/www.malagacar.com\/fr\/blog\/loisirs\/jardin-botanique-historique-malaga\/","url":"https:\/\/www.malagacar.com\/fr\/blog\/loisirs\/jardin-botanique-historique-malaga\/","name":"Le Jardin Botanique historique de La Concepci\u00f3n \u00e0 M\u00e1laga - Blog de MalagaCar.com","isPartOf":{"@id":"https:\/\/www.malagacar.com\/fr\/blog\/#website"},"primaryImageOfPage":{"@id":"https:\/\/www.malagacar.com\/fr\/blog\/loisirs\/jardin-botanique-historique-malaga\/#primaryimage"},"image":{"@id":"https:\/\/www.malagacar.com\/fr\/blog\/loisirs\/jardin-botanique-historique-malaga\/#primaryimage"},"thumbnailUrl":"https:\/\/www.malagacar.com\/fr\/blog\/wp-content\/uploads\/2023\/10\/jardin-botanique-malaga.jpg","datePublished":"2022-01-25T11:29:37+00:00","dateModified":"2023-10-26T09:46:25+00:00","description":"Si vous \u00eates un amoureux de la nature, le Jardin Botanique historique de La Concepci\u00f3n \u00e0 M\u00e1laga est une visite incontournable toute l'ann\u00e9e.","breadcrumb":{"@id":"https:\/\/www.malagacar.com\/fr\/blog\/loisirs\/jardin-botanique-historique-malaga\/#breadcrumb"},"inLanguage":"fr-FR","potentialAction":[{"@type":"ReadAction","target":["https:\/\/www.malagacar.com\/fr\/blog\/loisirs\/jardin-botanique-historique-malaga\/"]}]},{"@type":"ImageObject","inLanguage":"fr-FR","@id":"https:\/\/www.malagacar.com\/fr\/blog\/loisirs\/jardin-botanique-historique-malaga\/#primaryimage","url":"https:\/\/www.malagacar.com\/fr\/blog\/wp-content\/uploads\/2023\/10\/jardin-botanique-malaga.jpg","contentUrl":"https:\/\/www.malagacar.com\/fr\/blog\/wp-content\/uploads\/2023\/10\/jardin-botanique-malaga.jpg","width":1200,"height":900,"caption":"Jardin Botanique historique Malaga"},{"@type":"BreadcrumbList","@id":"https:\/\/www.malagacar.com\/fr\/blog\/loisirs\/jardin-botanique-historique-malaga\/#breadcrumb","itemListElement":[{"@type":"ListItem","position":1,"name":"Accueil","item":"https:\/\/www.malagacar.com\/fr\/blog\/"},{"@type":"ListItem","position":2,"name":"Le Jardin Botanique historique de La Concepci\u00f3n \u00e0 M\u00e1laga"}]},{"@type":"WebSite","@id":"https:\/\/www.malagacar.com\/fr\/blog\/#website","url":"https:\/\/www.malagacar.com\/fr\/blog\/","name":"Blog de MalagaCar.com","description":"Nouvelles et informations int\u00e9ressantes sur la location de voitures \u00e0 l&#039;a\u00e9roport de Malaga.","publisher":{"@id":"https:\/\/www.malagacar.com\/fr\/blog\/#organization"},"potentialAction":[{"@type":"SearchAction","target":{"@type":"EntryPoint","urlTemplate":"https:\/\/www.malagacar.com\/fr\/blog\/?s={search_term_string}"},"query-input":{"@type":"PropertyValueSpecification","valueRequired":true,"valueName":"search_term_string"}}],"inLanguage":"fr-FR"},{"@type":"Organization","@id":"https:\/\/www.malagacar.com\/fr\/blog\/#organization","name":"MalagaCar.com","url":"https:\/\/www.malagacar.com\/fr\/blog\/","logo":{"@type":"ImageObject","inLanguage":"fr-FR","@id":"https:\/\/www.malagacar.com\/fr\/blog\/#\/schema\/logo\/image\/","url":"https:\/\/www.malagacar.com\/fr\/blog\/wp-content\/uploads\/2021\/06\/logo-malagacar-social.png","contentUrl":"https:\/\/www.malagacar.com\/fr\/blog\/wp-content\/uploads\/2021\/06\/logo-malagacar-social.png","width":900,"height":900,"caption":"MalagaCar.com"},"image":{"@id":"https:\/\/www.malagacar.com\/fr\/blog\/#\/schema\/logo\/image\/"},"sameAs":["https:\/\/www.facebook.com\/malagacar","https:\/\/x.com\/malagacarcom","https:\/\/www.instagram.com\/malagacar\/","https:\/\/www.linkedin.com\/company\/malagacar.com","https:\/\/www.youtube.com\/c\/MalagacarAirport"]},{"@type":"Person","@id":"https:\/\/www.malagacar.com\/fr\/blog\/#\/schema\/person\/ffb97005d02bcc7d0bb59f5409635691","name":"MalagaCar.com","image":{"@type":"ImageObject","inLanguage":"fr-FR","@id":"https:\/\/secure.gravatar.com\/avatar\/296ebc31026e7be05868369e4c596b3239b1582b2fcf8a45de57333e2e82bb82?s=96&d=mm&r=g","url":"https:\/\/secure.gravatar.com\/avatar\/296ebc31026e7be05868369e4c596b3239b1582b2fcf8a45de57333e2e82bb82?s=96&d=mm&r=g","contentUrl":"https:\/\/secure.gravatar.com\/avatar\/296ebc31026e7be05868369e4c596b3239b1582b2fcf8a45de57333e2e82bb82?s=96&d=mm&r=g","caption":"MalagaCar.com"},"sameAs":["https:\/\/www.malagacar.com\/fr\/blog"]}]}},"_links":{"self":[{"href":"https:\/\/www.malagacar.com\/fr\/blog\/wp-json\/wp\/v2\/posts\/751","targetHints":{"allow":["GET"]}}],"collection":[{"href":"https:\/\/www.malagacar.com\/fr\/blog\/wp-json\/wp\/v2\/posts"}],"about":[{"href":"https:\/\/www.malagacar.com\/fr\/blog\/wp-json\/wp\/v2\/types\/post"}],"author":[{"embeddable":true,"href":"https:\/\/www.malagacar.com\/fr\/blog\/wp-json\/wp\/v2\/users\/1"}],"replies":[{"embeddable":true,"href":"https:\/\/www.malagacar.com\/fr\/blog\/wp-json\/wp\/v2\/comments?post=751"}],"version-history":[{"count":4,"href":"https:\/\/www.malagacar.com\/fr\/blog\/wp-json\/wp\/v2\/posts\/751\/revisions"}],"predecessor-version":[{"id":760,"href":"https:\/\/www.malagacar.com\/fr\/blog\/wp-json\/wp\/v2\/posts\/751\/revisions\/760"}],"wp:featuredmedia":[{"embeddable":true,"href":"https:\/\/www.malagacar.com\/fr\/blog\/wp-json\/wp\/v2\/media\/752"}],"wp:attachment":[{"href":"https:\/\/www.malagacar.com\/fr\/blog\/wp-json\/wp\/v2\/media?parent=751"}],"wp:term":[{"taxonomy":"category","embeddable":true,"href":"https:\/\/www.malagacar.com\/fr\/blog\/wp-json\/wp\/v2\/categories?post=751"},{"taxonomy":"post_tag","embeddable":true,"href":"https:\/\/www.malagacar.com\/fr\/blog\/wp-json\/wp\/v2\/tags?post=751"}],"curies":[{"name":"wp","href":"https:\/\/api.w.org\/{rel}","templated":true}]}}