{"id":763,"date":"2022-12-15T12:35:46","date_gmt":"2022-12-15T11:35:46","guid":{"rendered":"https:\/\/www.malagacar.com\/fr\/blog\/?p=763"},"modified":"2025-10-27T09:41:50","modified_gmt":"2025-10-27T08:41:50","slug":"granada-depuis-malaga","status":"publish","type":"post","link":"https:\/\/www.malagacar.com\/fr\/blog\/astuces-de-voyage\/granada-depuis-malaga\/","title":{"rendered":"Granada, la ville ensorcel\u00e9e, depuis M\u00e1laga"},"content":{"rendered":"<p>Peu importe la mani\u00e8re dont vous vous approchez de Granada, que ce soit en train ou en voiture, et de n&rsquo;importe quelle direction, lorsque vous vous rapprochez de Grenade, vous pouvez d\u00e9j\u00e0 percevoir de loin la majestueuse Sierra Nevada couronn\u00e9e par <em><strong>les plus hauts sommets de la p\u00e9ninsule<\/strong><\/em> sur l&rsquo;ancienne ville <em><strong>forteresse arabe<\/strong><\/em>, dont la magie perdure dans ses rues, ses places et ses monuments.<\/p>\n<p>C&rsquo;est probablement une combinaison de facteurs : son emplacement incomparable, son h\u00e9ritage mauresque, ses quartiers charmants, son <em><strong>immense patrimoine culturel et monumental<\/strong><\/em>.<\/p>\n<p>Mais il ne faut pas oublier la vie dans les rues, ses <em><strong>bars \u00e0 tapas<\/strong><\/em> et le pourcentage \u00e9lev\u00e9 de jeunes, car Grenade est <em><strong>l&rsquo;une des villes universitaires les plus pris\u00e9es<\/strong><\/em> d&rsquo;Espagne, avec une vie nocturne tr\u00e8s anim\u00e9e qui en d\u00e9coule.<\/p>\n<p><em><strong>Impossible de ne pas \u00eatre ensorcel\u00e9<\/strong><\/em>.<br \/>\n<!--more--><\/p>\n\n            <div class=\"banner\">\n                <div class=\"row\">\n                    <div class=\"col-sm-4\">\n                        <a href=\"\/fr\/location-de-voitures\/quote.php\" data-wpel-link=\"internal\"><img decoding=\"async\" src=\"\/images\/banner-img.jpg\" alt=\"malagacar.com\"><\/a>\n                    <\/div>\n                    <div class=\"col-sm-8\">\n                      <a href=\"\/fr\/location-de-voitures\/quote.php\" class=\"banner-title\" data-wpel-link=\"internal\">Meilleure location de voitures <div>\u00e0 l'a\u00e9roport de Malaga<\/div><\/a>   \n                        <div class=\"row\">\n                            <div class=\"col-sm-7\">\n                                <ul>\n                                    <li>Pas de frais de ravitaillement<\/li>\n                                    <li>Annulation gratuite<\/li>\n                                    <li>Location sans interm\u00e9diaire<\/li>\n                                    <li>Payez lorsque vous prenez la voiture<\/li>\n                                    <li><\/li>\n                                <\/ul>\n                            <\/div>\n                            <div class=\"col-sm-5\">\n                                <a class=\"btn-banner\" href=\"\/fr\/location-de-voitures\/quote.php\" data-wpel-link=\"internal\">Consultez les prix<\/a>\n                                <img decoding=\"async\" class=\"zonturent\" src=\"\/images\/zontu-banner.png\" alt=\"\">\n                            <\/div>\n                        <\/div>\n                    <\/div>\n                 <\/div>  \n            <\/div>\n            \n<div id=\"ez-toc-container\" class=\"ez-toc-v2_0_87 counter-hierarchy ez-toc-counter ez-toc-light-blue ez-toc-container-direction\">\n<p class=\"ez-toc-title\" style=\"cursor:inherit\">Table des mati\u00e8res<\/p>\n<label for=\"ez-toc-cssicon-toggle-item-6a9a3e22ca2f7\" class=\"ez-toc-cssicon-toggle-label\"><span class=\"\"><span class=\"eztoc-hide\" style=\"display:none;\">Toggle<\/span><span class=\"ez-toc-icon-toggle-span\"><svg style=\"fill: #999;color:#999\" xmlns=\"http:\/\/www.w3.org\/2000\/svg\" class=\"list-377408\" width=\"20px\" height=\"20px\" viewBox=\"0 0 24 24\" fill=\"none\"><path d=\"M6 6H4v2h2V6zm14 0H8v2h12V6zM4 11h2v2H4v-2zm16 0H8v2h12v-2zM4 16h2v2H4v-2zm16 0H8v2h12v-2z\" fill=\"currentColor\"><\/path><\/svg><svg style=\"fill: #999;color:#999\" class=\"arrow-unsorted-368013\" xmlns=\"http:\/\/www.w3.org\/2000\/svg\" width=\"10px\" height=\"10px\" viewBox=\"0 0 24 24\" version=\"1.2\" baseProfile=\"tiny\"><path d=\"M18.2 9.3l-6.2-6.3-6.2 6.3c-.2.2-.3.4-.3.7s.1.5.3.7c.2.2.4.3.7.3h11c.3 0 .5-.1.7-.3.2-.2.3-.5.3-.7s-.1-.5-.3-.7zM5.8 14.7l6.2 6.3 6.2-6.3c.2-.2.3-.5.3-.7s-.1-.5-.3-.7c-.2-.2-.4-.3-.7-.3h-11c-.3 0-.5.1-.7.3-.2.2-.3.5-.3.7s.1.5.3.7z\"\/><\/svg><\/span><\/span><\/label><input type=\"checkbox\"  id=\"ez-toc-cssicon-toggle-item-6a9a3e22ca2f7\"  aria-label=\"Toggle\" \/><nav><ul class='ez-toc-list ez-toc-list-level-1 ' ><li class='ez-toc-page-1 ez-toc-heading-level-2'><a class=\"ez-toc-link ez-toc-heading-1\" href=\"https:\/\/www.malagacar.com\/fr\/blog\/astuces-de-voyage\/granada-depuis-malaga\/#Granada_est_une_ville_a_parcourir_a_pied\" data-wpel-link=\"internal\">Granada est une ville \u00e0 parcourir \u00e0 pied<\/a><\/li><li class='ez-toc-page-1 ez-toc-heading-level-2'><a class=\"ez-toc-link ez-toc-heading-2\" href=\"https:\/\/www.malagacar.com\/fr\/blog\/astuces-de-voyage\/granada-depuis-malaga\/#Les_tapas_a_Granada\" data-wpel-link=\"internal\">Les tapas \u00e0 Granada<\/a><\/li><li class='ez-toc-page-1 ez-toc-heading-level-2'><a class=\"ez-toc-link ez-toc-heading-3\" href=\"https:\/\/www.malagacar.com\/fr\/blog\/astuces-de-voyage\/granada-depuis-malaga\/#Que_voir_a_Granada\" data-wpel-link=\"internal\">Que voir \u00e0 Granada<\/a><ul class='ez-toc-list-level-3' ><li class='ez-toc-heading-level-3'><a class=\"ez-toc-link ez-toc-heading-4\" href=\"https:\/\/www.malagacar.com\/fr\/blog\/astuces-de-voyage\/granada-depuis-malaga\/#El_Albaicin\" data-wpel-link=\"internal\">El Albaic\u00edn<\/a><\/li><li class='ez-toc-page-1 ez-toc-heading-level-3'><a class=\"ez-toc-link ez-toc-heading-5\" href=\"https:\/\/www.malagacar.com\/fr\/blog\/astuces-de-voyage\/granada-depuis-malaga\/#Plaza_Nueva\" data-wpel-link=\"internal\">Plaza Nueva<\/a><\/li><li class='ez-toc-page-1 ez-toc-heading-level-3'><a class=\"ez-toc-link ez-toc-heading-6\" href=\"https:\/\/www.malagacar.com\/fr\/blog\/astuces-de-voyage\/granada-depuis-malaga\/#Alto_Albaicin\" data-wpel-link=\"internal\">Alto Albaic\u00edn<\/a><\/li><li class='ez-toc-page-1 ez-toc-heading-level-3'><a class=\"ez-toc-link ez-toc-heading-7\" href=\"https:\/\/www.malagacar.com\/fr\/blog\/astuces-de-voyage\/granada-depuis-malaga\/#Sacromonte\" data-wpel-link=\"internal\">Sacromonte<\/a><\/li><li class='ez-toc-page-1 ez-toc-heading-level-3'><a class=\"ez-toc-link ez-toc-heading-8\" href=\"https:\/\/www.malagacar.com\/fr\/blog\/astuces-de-voyage\/granada-depuis-malaga\/#Abbaye_du_Sacromonte\" data-wpel-link=\"internal\">Abbaye du Sacromonte<\/a><\/li><li class='ez-toc-page-1 ez-toc-heading-level-3'><a class=\"ez-toc-link ez-toc-heading-9\" href=\"https:\/\/www.malagacar.com\/fr\/blog\/astuces-de-voyage\/granada-depuis-malaga\/#Realejo\" data-wpel-link=\"internal\">Realejo<\/a><\/li><li class='ez-toc-page-1 ez-toc-heading-level-3'><a class=\"ez-toc-link ez-toc-heading-10\" href=\"https:\/\/www.malagacar.com\/fr\/blog\/astuces-de-voyage\/granada-depuis-malaga\/#Plaza_Bib_Rambla\" data-wpel-link=\"internal\">Plaza Bib Rambla<\/a><\/li><li class='ez-toc-page-1 ez-toc-heading-level-3'><a class=\"ez-toc-link ez-toc-heading-11\" href=\"https:\/\/www.malagacar.com\/fr\/blog\/astuces-de-voyage\/granada-depuis-malaga\/#Marche_de_la_Plaza_de_la_Romanilla\" data-wpel-link=\"internal\">March\u00e9 de la Plaza de la Romanilla<\/a><\/li><\/ul><\/li><li class='ez-toc-page-1 ez-toc-heading-level-2'><a class=\"ez-toc-link ez-toc-heading-12\" href=\"https:\/\/www.malagacar.com\/fr\/blog\/astuces-de-voyage\/granada-depuis-malaga\/#Monuments_a_Granada\" data-wpel-link=\"internal\">Monuments \u00e0 Granada<\/a><ul class='ez-toc-list-level-3' ><li class='ez-toc-heading-level-3'><a class=\"ez-toc-link ez-toc-heading-13\" href=\"https:\/\/www.malagacar.com\/fr\/blog\/astuces-de-voyage\/granada-depuis-malaga\/#Cathedrale\" data-wpel-link=\"internal\">Cath\u00e9drale<\/a><\/li><li class='ez-toc-page-1 ez-toc-heading-level-3'><a class=\"ez-toc-link ez-toc-heading-14\" href=\"https:\/\/www.malagacar.com\/fr\/blog\/astuces-de-voyage\/granada-depuis-malaga\/#Alhambra\" data-wpel-link=\"internal\">Alhambra<\/a><\/li><\/ul><\/li><li class='ez-toc-page-1 ez-toc-heading-level-2'><a class=\"ez-toc-link ez-toc-heading-15\" href=\"https:\/\/www.malagacar.com\/fr\/blog\/astuces-de-voyage\/granada-depuis-malaga\/#Belvederes_a_Granada\" data-wpel-link=\"internal\">Belv\u00e9d\u00e8res \u00e0 Granada<\/a><ul class='ez-toc-list-level-3' ><li class='ez-toc-heading-level-3'><a class=\"ez-toc-link ez-toc-heading-16\" href=\"https:\/\/www.malagacar.com\/fr\/blog\/astuces-de-voyage\/granada-depuis-malaga\/#Mirador_San_Nicolas\" data-wpel-link=\"internal\">Mirador San Nicol\u00e1s<\/a><\/li><li class='ez-toc-page-1 ez-toc-heading-level-3'><a class=\"ez-toc-link ez-toc-heading-17\" href=\"https:\/\/www.malagacar.com\/fr\/blog\/astuces-de-voyage\/granada-depuis-malaga\/#Belvedere_Placeta_de_Carvajales\" data-wpel-link=\"internal\">Belv\u00e9d\u00e8re Placeta de Carvajales<\/a><\/li><li class='ez-toc-page-1 ez-toc-heading-level-3'><a class=\"ez-toc-link ez-toc-heading-18\" href=\"https:\/\/www.malagacar.com\/fr\/blog\/astuces-de-voyage\/granada-depuis-malaga\/#Belvedere_Ojo_de_Granada\" data-wpel-link=\"internal\">Belv\u00e9d\u00e8re Ojo de Granada<\/a><\/li><li class='ez-toc-page-1 ez-toc-heading-level-3'><a class=\"ez-toc-link ez-toc-heading-19\" href=\"https:\/\/www.malagacar.com\/fr\/blog\/astuces-de-voyage\/granada-depuis-malaga\/#Belvedere_de_la_Lona\" data-wpel-link=\"internal\">Belv\u00e9d\u00e8re de la Lona<\/a><\/li><li class='ez-toc-page-1 ez-toc-heading-level-3'><a class=\"ez-toc-link ez-toc-heading-20\" href=\"https:\/\/www.malagacar.com\/fr\/blog\/astuces-de-voyage\/granada-depuis-malaga\/#Belvedere_de_la_Vereda_de_en_medio\" data-wpel-link=\"internal\">Belv\u00e9d\u00e8re de la Vereda de en medio<\/a><\/li><li class='ez-toc-page-1 ez-toc-heading-level-3'><a class=\"ez-toc-link ez-toc-heading-21\" href=\"https:\/\/www.malagacar.com\/fr\/blog\/astuces-de-voyage\/granada-depuis-malaga\/#Belvedere_de_San_Cristobal\" data-wpel-link=\"internal\">Belv\u00e9d\u00e8re de San Crist\u00f3bal<\/a><\/li><\/ul><\/li><li class='ez-toc-page-1 ez-toc-heading-level-2'><a class=\"ez-toc-link ez-toc-heading-22\" href=\"https:\/\/www.malagacar.com\/fr\/blog\/astuces-de-voyage\/granada-depuis-malaga\/#Couchers_de_soleil\" data-wpel-link=\"internal\">Couchers de soleil<\/a><\/li><li class='ez-toc-page-1 ez-toc-heading-level-2'><a class=\"ez-toc-link ez-toc-heading-23\" href=\"https:\/\/www.malagacar.com\/fr\/blog\/astuces-de-voyage\/granada-depuis-malaga\/#Culture_Vie_Nocturne\" data-wpel-link=\"internal\">Culture &amp; Vie Nocturne<\/a><\/li><li class='ez-toc-page-1 ez-toc-heading-level-2'><a class=\"ez-toc-link ez-toc-heading-24\" href=\"https:\/\/www.malagacar.com\/fr\/blog\/astuces-de-voyage\/granada-depuis-malaga\/#Climat_a_Granada\" data-wpel-link=\"internal\">Climat \u00e0 Granada<\/a><\/li><li class='ez-toc-page-1 ez-toc-heading-level-2'><a class=\"ez-toc-link ez-toc-heading-25\" href=\"https:\/\/www.malagacar.com\/fr\/blog\/astuces-de-voyage\/granada-depuis-malaga\/#Comment_se_rendre_a_Granada\" data-wpel-link=\"internal\">Comment se rendre \u00e0 Granada<\/a><ul class='ez-toc-list-level-3' ><li class='ez-toc-heading-level-3'><a class=\"ez-toc-link ez-toc-heading-26\" href=\"https:\/\/www.malagacar.com\/fr\/blog\/astuces-de-voyage\/granada-depuis-malaga\/#En_voiture_Parking\" data-wpel-link=\"internal\">En voiture &amp; Parking<\/a><\/li><li class='ez-toc-page-1 ez-toc-heading-level-3'><a class=\"ez-toc-link ez-toc-heading-27\" href=\"https:\/\/www.malagacar.com\/fr\/blog\/astuces-de-voyage\/granada-depuis-malaga\/#Carte_interactive_des_parkings_du_centre_de_Grenade\" data-wpel-link=\"internal\">Carte interactive des parkings du centre de Grenade<\/a><\/li><li class='ez-toc-page-1 ez-toc-heading-level-3'><a class=\"ez-toc-link ez-toc-heading-28\" href=\"https:\/\/www.malagacar.com\/fr\/blog\/astuces-de-voyage\/granada-depuis-malaga\/#En_train\" data-wpel-link=\"internal\">En train<\/a><\/li><\/ul><\/li><li class='ez-toc-page-1 ez-toc-heading-level-2'><a class=\"ez-toc-link ez-toc-heading-29\" href=\"https:\/\/www.malagacar.com\/fr\/blog\/astuces-de-voyage\/granada-depuis-malaga\/#Carte_interactive_des_attractions_a_Granada\" data-wpel-link=\"internal\">Carte interactive des attractions \u00e0 Granada<\/a><\/li><li class='ez-toc-page-1 ez-toc-heading-level-2'><a class=\"ez-toc-link ez-toc-heading-30\" href=\"https:\/\/www.malagacar.com\/fr\/blog\/astuces-de-voyage\/granada-depuis-malaga\/#Sierra_Nevada\" data-wpel-link=\"internal\">Sierra Nevada<\/a><\/li><li class='ez-toc-page-1 ez-toc-heading-level-2'><a class=\"ez-toc-link ez-toc-heading-31\" href=\"https:\/\/www.malagacar.com\/fr\/blog\/astuces-de-voyage\/granada-depuis-malaga\/#Alpujarra\" data-wpel-link=\"internal\">Alpujarra<\/a><\/li><\/ul><\/nav><\/div>\n<h2><span class=\"ez-toc-section\" id=\"Granada_est_une_ville_a_parcourir_a_pied\"><\/span>Granada est une ville \u00e0 parcourir \u00e0 pied<span class=\"ez-toc-section-end\"><\/span><\/h2>\n<p>Que vous arriviez \u00e0 Granada en voiture ou en train, l&rsquo;id\u00e9al est de d\u00e9couvrir la ville \u00e0 pied. Fondamentalement, pour deux raisons : tout ce qui vaut la peine d&rsquo;\u00eatre d\u00e9couvert se trouve dans un rayon assez restreint du centre historique des anciens remparts de la ville. Cependant, il y a <em><strong>de nombreuses mont\u00e9es<\/strong><\/em>.<\/p>\n<p>Deuxi\u00e8mement, ces derni\u00e8res ann\u00e9es, la ville a d\u00e9ploy\u00e9 de nombreux efforts pour r\u00e9duire la circulation en centre-ville, et <em><strong>il est interdit d&rsquo;entrer ou de circuler en voiture dans de nombreuses zones<\/strong><\/em>.<\/p>\n<figure id=\"attachment_14754\" aria-describedby=\"caption-attachment-14754\" style=\"width: 534px\" class=\"wp-caption alignnone\"><img loading=\"lazy\" decoding=\"async\" class=\"wp-image-14754 size-full\" src=\"https:\/\/www.malagacar.com\/sp\/blog\/wp-content\/uploads\/2022\/12\/@granadaembrujada.jpg\" alt=\"Centre de Grenade\" width=\"534\" height=\"720\" \/><figcaption id=\"caption-attachment-14754\" class=\"wp-caption-text\">Gran Via avec l&rsquo;Albaic\u00edn et la Sierra Nevada en arri\u00e8re-plan<\/figcaption><\/figure>\n<p>Plus bas, vous trouverez un lien vers les parkings du centre. Garez-vous tranquillement et marchez, c&rsquo;est la chose la plus sens\u00e9e \u00e0 faire. Et ne vous inqui\u00e9tez pas d&rsquo;avoir faim ou soif : Granada est la ville du tapas.<\/p>\n<h2><span class=\"ez-toc-section\" id=\"Les_tapas_a_Granada\"><\/span>Les tapas \u00e0 Granada<span class=\"ez-toc-section-end\"><\/span><\/h2>\n<p><em><strong>Granada est la reine mondiale du tapas<\/strong><\/em>. Oui, sans exag\u00e9ration. Alors, avant de vous pr\u00e9senter son riche patrimoine culturel, etc., commen\u00e7ons par r\u00e9pondre \u00e0 ce besoin fondamental, d&rsquo;accord ?<\/p>\n<p>Le tapa est typique et original de Granada. Il existe plusieurs th\u00e9ories sur son origine. Il s&rsquo;agit d&rsquo;un en-cas gratuit servi avec votre bi\u00e8re, votre vin ou votre boisson gazeuse.<\/p>\n<p>Et par en-cas, nous entendons toute d\u00e9licatesse que cette terre offre, l\u00e9gumes, viande ou poisson. Prendre des tapas \u00e0 Granada est une exp\u00e9rience en soi. Non seulement vous avez d\u00een\u00e9 avec quelques bi\u00e8res, mais vous plongez \u00e9galement pleinement dans la riche vie des rues de Granada et de ses habitants.<\/p>\n<p>Nul besoin de vous soucier de l&rsquo;endroit o\u00f9 aller, Granada est la ville andalouse avec le plus grand nombre de bars par habitant. Laissez-vous simplement guider \u00e0 pied dans les rues du centre. Cependant, voici un lien vers certains des <a href=\"https:\/\/tapasengranada.es\/\" data-wpel-link=\"external\" rel=\"external noopener noreferrer\"><strong>meilleurs bars \u00e0 tapas de Granada<\/strong><\/a>.<\/p>\n<h2><span class=\"ez-toc-section\" id=\"Que_voir_a_Granada\"><\/span>Que voir \u00e0 Granada<span class=\"ez-toc-section-end\"><\/span><\/h2>\n<h3><span class=\"ez-toc-section\" id=\"El_Albaicin\"><\/span>El Albaic\u00edn<span class=\"ez-toc-section-end\"><\/span><\/h3>\n<figure id=\"attachment_12857\" aria-describedby=\"caption-attachment-12857\" style=\"width: 1194px\" class=\"wp-caption alignnone\"><img loading=\"lazy\" decoding=\"async\" class=\" wp-image-12857\" src=\"https:\/\/www.malagacar.com\/sp\/blog\/wp-content\/uploads\/2022\/12\/albaycin.jpg\" alt=\"L'Albaic\u00edn\" width=\"1194\" height=\"799\" \/><figcaption id=\"caption-attachment-12857\" class=\"wp-caption-text\">L&rsquo;Albaic\u00edn vu depuis l&rsquo;Alhambra<\/figcaption><\/figure>\n<p>L&rsquo;Albaic\u00edn est <em><strong>l&rsquo;ancien quartier arabe<\/strong><\/em> de la ville. Il occupe toute une colline en face de l&rsquo;Alhambra, avec des ruelles \u00e9troites, des places cach\u00e9es, des maisons blanchies \u00e0 la chaux, des parfums enivrants de jasmin&#8230; et de nombreuses mont\u00e9es. C&rsquo;est un quartier o\u00f9 l&rsquo;on peut se perdre facilement, litt\u00e9ralement et figurativement.<\/p>\n<h3><span class=\"ez-toc-section\" id=\"Plaza_Nueva\"><\/span>Plaza Nueva<span class=\"ez-toc-section-end\"><\/span><\/h3>\n<p>Plaza Nueva reste un point n\u00e9vralgique de la ville, strat\u00e9giquement situ\u00e9 entre l&rsquo;Albaic\u00edn, l&rsquo;Alhambra et le Realejo.<\/p>\n<h4>Notre conseil d&rsquo;initi\u00e9<\/h4>\n<p>Rien de mieux que de faire un tour au Caf\u00e9 Lisboa et d&rsquo;observer la vie de la rue.<\/p>\n<figure id=\"attachment_14756\" aria-describedby=\"caption-attachment-14756\" style=\"width: 700px\" class=\"wp-caption alignnone\"><img loading=\"lazy\" decoding=\"async\" class=\" wp-image-14756\" src=\"https:\/\/www.malagacar.com\/sp\/blog\/wp-content\/uploads\/2022\/12\/Plaza-Nueva-@granadaembrujada-1024x1024.jpg\" alt=\"Plaza Nueva\" width=\"700\" height=\"700\" \/><figcaption id=\"caption-attachment-14756\" class=\"wp-caption-text\">Plaza Nueva. Photo @granadaembrujada<\/figcaption><\/figure>\n<p>Comme nous le disons d\u00e9j\u00e0, vous pouvez passer une journ\u00e9e enti\u00e8re \u00e0 explorer l&rsquo;Albaic\u00edn.<\/p>\n<h3><span class=\"ez-toc-section\" id=\"Alto_Albaicin\"><\/span>Alto Albaic\u00edn<span class=\"ez-toc-section-end\"><\/span><\/h3>\n<p>Pr\u00e9parez-vous \u00e0 gravir <em><strong>des pentes consid\u00e9rables<\/strong><\/em>. Mais cela en vaudra la peine pour atteindre l&rsquo;Alto Albaic\u00edn, un monde \u00e0 part avec sa propre vie.<\/p>\n<p>En montant vers l&rsquo;Alto Albaic\u00edn par la Cuesta Del Chap\u00edz depuis le Paseo de los Tristes.<\/p>\n<figure id=\"attachment_14757\" aria-describedby=\"caption-attachment-14757\" style=\"width: 700px\" class=\"wp-caption alignnone\"><img loading=\"lazy\" decoding=\"async\" class=\" wp-image-14757\" src=\"https:\/\/www.malagacar.com\/sp\/blog\/wp-content\/uploads\/2022\/12\/Cuesta-del-Chapiz-Foto-@granadaembrujada-819x1024.jpg\" alt=\"Cuesta del Chap\u00edz \" width=\"700\" height=\"875\" \/><figcaption id=\"caption-attachment-14757\" class=\"wp-caption-text\">Cuesta del Chap\u00edz Foto @granadaembrujada<\/figcaption><\/figure>\n<p>L&rsquo;Alto Albaic\u00edn est comme un village en soi. Il y a beaucoup \u00e0 voir l\u00e0-bas.<\/p>\n<p>Comme l&rsquo;Arco de las Pesas et l&rsquo;ancienne muraille, par laquelle on acc\u00e8de \u00e0 Plaza Larga, le c\u0153ur de l&rsquo;Alto Albaic\u00edn.<\/p>\n<h4>Notre conseil d&rsquo;initi\u00e9<\/h4>\n<p>Le Bar Aixa, o\u00f9 les habitants et les \u00e9trangers se retrouvent depuis des d\u00e9cennies pour prendre le petit-d\u00e9jeuner et grignoter.<\/p>\n<p>Non loin de l\u00e0 se trouve le tr\u00e8s populaire Mirador San Nicol\u00e1s avec une vue fabuleuse sur l&rsquo;Alhambra. Nous vous le pr\u00e9sentons plus bas dans la section Miradors.<\/p>\n<h3><span class=\"ez-toc-section\" id=\"Sacromonte\"><\/span>Sacromonte<span class=\"ez-toc-section-end\"><\/span><\/h3>\n<p>Celui qui s&rsquo;enfonce plus profond\u00e9ment dans l&rsquo;Alto Albaic\u00edn et s&rsquo;\u00e9loigne des rues les plus fr\u00e9quent\u00e9es arrive au Sacromonte, <em><strong>le quartier gitan par excellence<\/strong><\/em>. Ce quartier se distingue par ses <em><strong>maisons troglodytes<\/strong><\/em> et sa vie nocturne anim\u00e9e avec des spectacles de flamenco.<\/p>\n<figure id=\"attachment_12858\" aria-describedby=\"caption-attachment-12858\" style=\"width: 1024px\" class=\"wp-caption alignnone\"><img loading=\"lazy\" decoding=\"async\" class=\"size-full wp-image-12858\" src=\"https:\/\/www.malagacar.com\/sp\/blog\/wp-content\/uploads\/2022\/12\/Sacromonte-Foto-Jorge-Franganillo.jpg\" alt=\"Sacromonte Grenade\" width=\"1024\" height=\"683\" \/><figcaption id=\"caption-attachment-12858\" class=\"wp-caption-text\">Maisons troglodytes du Sacromonte Photo de Jorge Franganillo<\/figcaption><\/figure>\n<p>Ici se trouve \u00e9galement l&rsquo;un des plus beaux (et moins fr\u00e9quent\u00e9s) belv\u00e9d\u00e8res de Granada, le Mirador de la Vereda de En medio, que vous trouverez plus bas dans la section Belv\u00e9d\u00e8res.<\/p>\n<p>Nous commen\u00e7ons doucement \u00e0 nous \u00e9loigner de l&rsquo;agitation de la ville, tout en ayant toujours l&rsquo;Alhambra sur la colline voisine.<\/p>\n<h3><span class=\"ez-toc-section\" id=\"Abbaye_du_Sacromonte\"><\/span>Abbaye du Sacromonte<span class=\"ez-toc-section-end\"><\/span><\/h3>\n<p>Celui qui continue \u00e0 marcher arrivera \u00e0 l&rsquo;<em><strong>abbaye du Sacromonte<\/strong><\/em>, d&rsquo;o\u00f9 l&rsquo;on peut admirer des vues uniques.<\/p>\n<h4>Notre conseil d&rsquo;initi\u00e9<\/h4>\n<p>P\u00e8lerinage de San Cecilio \u00e0 l&rsquo;abbaye du Sacromonte. Une f\u00eate color\u00e9e en plein air le premier dimanche de f\u00e9vrier en l&rsquo;honneur du saint patron de Granada. Apr\u00e8s la messe, des centaines de personnes se rassemblent aux pieds de l&rsquo;abbaye pour partager de la musique, des f\u00e8ves et du pain sal\u00e9.<\/p>\n<figure id=\"attachment_14758\" aria-describedby=\"caption-attachment-14758\" style=\"width: 750px\" class=\"wp-caption alignnone\"><img loading=\"lazy\" decoding=\"async\" class=\"size-large wp-image-14758\" src=\"https:\/\/www.malagacar.com\/sp\/blog\/wp-content\/uploads\/2022\/12\/Sacromonte-Foto-@granadaembrujada-1024x536.jpg\" alt=\"Sacromonte\" width=\"750\" height=\"393\" \/><figcaption id=\"caption-attachment-14758\" class=\"wp-caption-text\">Photo @granadaembrujada<\/figcaption><\/figure>\n<h3><span class=\"ez-toc-section\" id=\"Realejo\"><\/span>Realejo<span class=\"ez-toc-section-end\"><\/span><\/h3>\n<p>Le Realejo est l&rsquo;<em><strong>ancien quartier juif<\/strong><\/em> situ\u00e9 au pied de l&rsquo;Alhambra. Ces derni\u00e8res ann\u00e9es, il est devenu l&rsquo;un des quartiers les plus populaires et cosmopolites de la ville.<\/p>\n<p>Il y a non seulement de nombreux bars et une vie anim\u00e9e dans les rues, mais ce quartier abrite \u00e9galement un grand nombre de magnifiques palais et \u00e9glises.<\/p>\n<p>Depuis la partie haute du Realejo, on peut acc\u00e9der \u00e0 l&rsquo;Alhambra par des chemins moins fr\u00e9quent\u00e9s \u00e0 pied.<\/p>\n<figure id=\"attachment_12845\" aria-describedby=\"caption-attachment-12845\" style=\"width: 656px\" class=\"wp-caption alignnone\"><img loading=\"lazy\" decoding=\"async\" class=\"size-full wp-image-12845\" src=\"https:\/\/www.malagacar.com\/sp\/blog\/wp-content\/uploads\/2022\/12\/realejo-alhambra-palace.jpg\" alt=\"realejo hotel alhambra palace\" width=\"656\" height=\"806\" \/><figcaption id=\"caption-attachment-12845\" class=\"wp-caption-text\">Depuis la partie haute du Realejo, on peut acc\u00e9der \u00e0 l&rsquo;Alhambra par des chemins moins fr\u00e9quent\u00e9s \u00e0 pied. Photo de Cartagenero<\/figcaption><\/figure>\n<h3><span class=\"ez-toc-section\" id=\"Plaza_Bib_Rambla\"><\/span>Plaza Bib Rambla<span class=\"ez-toc-section-end\"><\/span><\/h3>\n<figure id=\"attachment_14761\" aria-describedby=\"caption-attachment-14761\" style=\"width: 699px\" class=\"wp-caption alignnone\"><img loading=\"lazy\" decoding=\"async\" class=\" wp-image-14761\" src=\"https:\/\/www.malagacar.com\/sp\/blog\/wp-content\/uploads\/2022\/12\/Plaza-Bib-Rambla-@granadaembrujada-819x1024.jpg\" alt=\"Plaza Bib Rambla \" width=\"699\" height=\"874\" \/><figcaption id=\"caption-attachment-14761\" class=\"wp-caption-text\">Plaza Bib Rambla Photo @granadaembrujada<\/figcaption><\/figure>\n<p>L&rsquo;une des plus anciennes places de Granada, tr\u00e8s proche de la cath\u00e9drale. Sur cette place, il y a g\u00e9n\u00e9ralement de nombreuses activit\u00e9s tout au long de l&rsquo;ann\u00e9e, ainsi qu&rsquo;un joli march\u00e9 de No\u00ebl.<\/p>\n<h3><span class=\"ez-toc-section\" id=\"Marche_de_la_Plaza_de_la_Romanilla\"><\/span>March\u00e9 de la Plaza de la Romanilla<span class=\"ez-toc-section-end\"><\/span><\/h3>\n<p>Vous voulez voir un v\u00e9ritable march\u00e9 de rue et acheter des fruits et l\u00e9gumes frais \u00e0 des prix abordables ? Alors ne manquez pas ce march\u00e9 quotidien sur la Plaza de la Romanilla, \u00e0 c\u00f4t\u00e9 de la cath\u00e9drale.<\/p>\n<p>Il y a aussi des caf\u00e9s pour prendre un verre et observer la vie dans les rues.<\/p>\n<h2><span class=\"ez-toc-section\" id=\"Monuments_a_Granada\"><\/span>Monuments \u00e0 Granada<span class=\"ez-toc-section-end\"><\/span><\/h2>\n<p>Granada est une <em><strong>ville class\u00e9e au patrimoine mondial de l&rsquo;UNESCO<\/strong><\/em>, regorgeant de monuments et de magnifiques b\u00e2timents de diff\u00e9rentes \u00e9poques et styles.<\/p>\n<p>Pour tous les \u00e9num\u00e9rer, nous devrions cr\u00e9er un guide \u00e0 part (et il en existe d\u00e9j\u00e0 beaucoup de ce genre). Et peut-\u00eatre avez-vous d\u00e9j\u00e0 remarqu\u00e9 que nous vous fournissons des informations peut-\u00eatre un peu diff\u00e9rentes de la plupart des pages, car nous connaissons personnellement bon nombre de ces endroits.<\/p>\n<h3><span class=\"ez-toc-section\" id=\"Cathedrale\"><\/span>Cath\u00e9drale<span class=\"ez-toc-section-end\"><\/span><\/h3>\n<p>Vous n&rsquo;avez pas besoin d&rsquo;aller tr\u00e8s loin pour trouver la cath\u00e9drale de Granada, un monument impressionnant m\u00ealant style gothique et style Renaissance.<\/p>\n<ul>\n<li>Sur ce lien, vous trouverez les <a href=\"https:\/\/catedraldegranada.com\/precios-horarios-de-la-visita\/\" data-wpel-link=\"external\" rel=\"external noopener noreferrer\"><strong>horaires de visite et les billets<\/strong><\/a>.<\/li>\n<\/ul>\n<figure id=\"attachment_14762\" aria-describedby=\"caption-attachment-14762\" style=\"width: 1000px\" class=\"wp-caption alignnone\"><img loading=\"lazy\" decoding=\"async\" class=\"wp-image-14762 size-full\" src=\"https:\/\/www.malagacar.com\/sp\/blog\/wp-content\/uploads\/2022\/12\/Plaza-de-las-Pasiegas-y-Catedral.-Credit-Depositphotos.jpg\" alt=\"Place des Pasiegas et Cath\u00e9drale\" width=\"1000\" height=\"582\" \/><figcaption id=\"caption-attachment-14762\" class=\"wp-caption-text\">Place des Pasiegas et Cath\u00e9drale. Cr\u00e9dit <a href=\"https:\/\/depositphotos.com\/es\/home.html\" data-wpel-link=\"external\" rel=\"external noopener noreferrer\">Depositphotos<\/a><\/figcaption><\/figure>\n<h3><span class=\"ez-toc-section\" id=\"Alhambra\"><\/span>Alhambra<span class=\"ez-toc-section-end\"><\/span><\/h3>\n<p>Probablement aucun touriste ne voyage \u00e0 Granada sans visiter l&rsquo;Alhambra, <em><strong>Al-Hamrat, le ch\u00e2teau rouge<\/strong><\/em> en raison des tons rouges que prennent ses briques au coucher du soleil.<\/p>\n<p><img loading=\"lazy\" decoding=\"async\" class=\"alignnone wp-image-12859\" src=\"https:\/\/www.malagacar.com\/sp\/blog\/wp-content\/uploads\/2022\/12\/alhambra3.jpg\" alt=\"Alhambra\" width=\"1195\" height=\"512\" \/><\/p>\n<p>Bien que l&rsquo;un des monuments les plus touristiques et supportant un nombre tr\u00e8s \u00e9lev\u00e9 de visiteurs aujourd&rsquo;hui, il continue \u00e0 nous transmettre une beaut\u00e9 et une magie sp\u00e9ciales des si\u00e8cles pass\u00e9s du Royaume Nasride, le <em><strong>dernier royaume arabe de la p\u00e9ninsule<\/strong><\/em>.<\/p>\n<h4>Notre conseil d&rsquo;initi\u00e9<\/h4>\n<p>Festival International de Musique et de Danse dans les jardins du Generalife : Le Generalife accueille des ballets et des compagnies de danse lors du <a href=\"https:\/\/www.guiarepsol.com\/es\/viajar\/nos-gusta\/festival-internacional-de-musica-y-danza-de-granada\/\" data-wpel-link=\"external\" rel=\"external noopener noreferrer\"><strong>Festival International de Musique et de Danse<\/strong><\/a> pendant les soir\u00e9es d&rsquo;\u00e9t\u00e9 de juin et juillet \u00e0 Granada, un pur d\u00e9lice !<\/p>\n<ul>\n<li><a href=\"https:\/\/www.entradas.com\/artist\/festival-internacional-de-musica-y-danza-de-granada\/\" data-wpel-link=\"external\" rel=\"external noopener noreferrer\"><strong>Acheter des billets<\/strong><\/a><\/li>\n<\/ul>\n<h2><span class=\"ez-toc-section\" id=\"Belvederes_a_Granada\"><\/span>Belv\u00e9d\u00e8res \u00e0 Granada<span class=\"ez-toc-section-end\"><\/span><\/h2>\n<p>L&rsquo;un des \u00e9normes charmes de Granada r\u00e9side dans ses belv\u00e9d\u00e8res. Certains sont plus populaires et tr\u00e8s fr\u00e9quent\u00e9s, comme le Mirador de San Nicol\u00e1s, et d&rsquo;autres sont cach\u00e9s entre les ruelles, nous offrant toujours une <em><strong>vue magnifique sur la ville, l&rsquo;Alhambra et la majestueuse Sierra Nevada<\/strong><\/em> en toile de fond.<\/p>\n<h3><span class=\"ez-toc-section\" id=\"Mirador_San_Nicolas\"><\/span>Mirador San Nicol\u00e1s<span class=\"ez-toc-section-end\"><\/span><\/h3>\n<p>Ce belv\u00e9d\u00e8re situ\u00e9 dans le haut de l&rsquo;Albaic\u00edn offre une vue panoramique sur l&rsquo;Alhambra avec la Sierra Nevada en arri\u00e8re-plan et la ville \u00e0 ses pieds. Il est g\u00e9n\u00e9ralement tr\u00e8s fr\u00e9quent\u00e9 \u00e0 toute heure.<\/p>\n<figure id=\"attachment_14763\" aria-describedby=\"caption-attachment-14763\" style=\"width: 701px\" class=\"wp-caption alignnone\"><img loading=\"lazy\" decoding=\"async\" class=\" wp-image-14763\" src=\"https:\/\/www.malagacar.com\/sp\/blog\/wp-content\/uploads\/2022\/12\/Mirador-San-Nicolas-Foto-@granadaembrujada-1024x1024.jpg\" alt=\"Mirador San Nicolas \" width=\"701\" height=\"701\" \/><figcaption id=\"caption-attachment-14763\" class=\"wp-caption-text\">Photo @granadaembrujada<\/figcaption><\/figure>\n<h3><span class=\"ez-toc-section\" id=\"Belvedere_Placeta_de_Carvajales\"><\/span>Belv\u00e9d\u00e8re Placeta de Carvajales<span class=\"ez-toc-section-end\"><\/span><\/h3>\n<p>L&rsquo;un de nos favoris cach\u00e9s. Il faut se perdre un peu dans les ruelles pour arriver \u00e0 cette petite place charmante qui nous offre une vue diff\u00e9rente sur l&rsquo;Alhambra.<\/p>\n<h3><span class=\"ez-toc-section\" id=\"Belvedere_Ojo_de_Granada\"><\/span>Belv\u00e9d\u00e8re Ojo de Granada<span class=\"ez-toc-section-end\"><\/span><\/h3>\n<figure id=\"attachment_12860\" aria-describedby=\"caption-attachment-12860\" style=\"width: 1202px\" class=\"wp-caption alignnone\"><img loading=\"lazy\" decoding=\"async\" class=\"size-full wp-image-12860\" src=\"https:\/\/www.malagacar.com\/sp\/blog\/wp-content\/uploads\/2022\/12\/mirador-Ojo-de-GR-Foto-Tomas-Rosillo.jpg\" alt=\"Belv\u00e9d\u00e8re Ojo de Granada\" width=\"1202\" height=\"733\" \/><figcaption id=\"caption-attachment-12860\" class=\"wp-caption-text\">Photo de Tom\u00e1s Rosillo<\/figcaption><\/figure>\n<p>Ce belv\u00e9d\u00e8re est situ\u00e9 dans le bas de l&rsquo;Albaic\u00edn et offre de tr\u00e8s belles vues sur le centre-ville et la cath\u00e9drale.<\/p>\n<h3><span class=\"ez-toc-section\" id=\"Belvedere_de_la_Lona\"><\/span>Belv\u00e9d\u00e8re de la Lona<span class=\"ez-toc-section-end\"><\/span><\/h3>\n<p>\u00c9galement situ\u00e9 dans le bas de l&rsquo;Albaic\u00edn, \u00e0 quelques m\u00e8tres du pr\u00e9c\u00e9dent, avec vue sur la ville et la cath\u00e9drale.<\/p>\n<h3><span class=\"ez-toc-section\" id=\"Belvedere_de_la_Vereda_de_en_medio\"><\/span>Belv\u00e9d\u00e8re de la Vereda de en medio<span class=\"ez-toc-section-end\"><\/span><\/h3>\n<p>Un de nos favoris. Pour y arriver, vous devrez vous aventurer dans le haut de l&rsquo;Albaic\u00edn, puis vous diriger vers le Sacromonte.<\/p>\n<figure id=\"attachment_12861\" aria-describedby=\"caption-attachment-12861\" style=\"width: 1206px\" class=\"wp-caption alignnone\"><img loading=\"lazy\" decoding=\"async\" class=\"wp-image-12861 size-full\" src=\"https:\/\/www.malagacar.com\/sp\/blog\/wp-content\/uploads\/2022\/12\/Vereda-de-en-Medio-Foto-Nicolas-Bullejos-Martin.jpg\" alt=\"Belv\u00e9d\u00e8re de la Vereda de en medio\" width=\"1206\" height=\"743\" \/><figcaption id=\"caption-attachment-12861\" class=\"wp-caption-text\">Photo de Nicolas Bullejos Martin<\/figcaption><\/figure>\n<p>L&rsquo;ambiance qui y r\u00e8gne est totalement diff\u00e9rente, d\u00e9j\u00e0 \u00e9loign\u00e9e de l&rsquo;agitation des gens et des voitures, avec une vue magnifique sur l&rsquo;Alhambra et les maisons troglodytes typiques.<\/p>\n<h3><span class=\"ez-toc-section\" id=\"Belvedere_de_San_Cristobal\"><\/span>Belv\u00e9d\u00e8re de San Crist\u00f3bal<span class=\"ez-toc-section-end\"><\/span><\/h3>\n<p>\u00c0 une altitude consid\u00e9rable sur l&rsquo;ancienne route de Murcie et tr\u00e8s proche du c\u0153ur de l&rsquo;Albaic\u00edn sup\u00e9rieur, se trouve ce belv\u00e9d\u00e8re offrant une vue magnifique sur la ville.<\/p>\n<h2><span class=\"ez-toc-section\" id=\"Couchers_de_soleil\"><\/span>Couchers de soleil<span class=\"ez-toc-section-end\"><\/span><\/h2>\n<p>L&rsquo;une des merveilles totalement gratuites que nous pouvons appr\u00e9cier \u00e0 Grenade pendant les mois d&rsquo;hiver, ce sont ses couchers de soleil absolument <em><strong>spectaculaires<\/strong><\/em>.<\/p>\n<figure id=\"attachment_14764\" aria-describedby=\"caption-attachment-14764\" style=\"width: 700px\" class=\"wp-caption alignnone\"><img loading=\"lazy\" decoding=\"async\" class=\" wp-image-14764\" src=\"https:\/\/www.malagacar.com\/sp\/blog\/wp-content\/uploads\/2022\/12\/atardecer-Foto-@granadaembrujada-819x1024.jpg\" alt=\"atardecer\" width=\"700\" height=\"875\" \/><figcaption id=\"caption-attachment-14764\" class=\"wp-caption-text\">Photo @granadaembrujada<\/figcaption><\/figure>\n<p>\u00c9tant donn\u00e9 que la ville est situ\u00e9e sur plusieurs collines, il suffit de prendre un peu de hauteur et de se rendre \u00e0 l&rsquo;un des belv\u00e9d\u00e8res, par exemple, pour profiter de magnifiques spectacles de couleurs dans le ciel.<\/p>\n<h2><span class=\"ez-toc-section\" id=\"Culture_Vie_Nocturne\"><\/span>Culture &amp; Vie Nocturne<span class=\"ez-toc-section-end\"><\/span><\/h2>\n<p>L&rsquo;offre culturelle et nocturne \u00e0 Grenade est \u00e9norme. Cela est en partie d\u00fb au fait que c&rsquo;est l&rsquo;une des villes universitaires les plus populaires du pays, avec un sixi\u00e8me de la population compos\u00e9e d&rsquo;\u00e9tudiants universitaires.<\/p>\n<ul>\n<li>Vous trouverez ici des informations sur les <a href=\"https:\/\/culturagranada.org\/\" data-wpel-link=\"external\" rel=\"external noopener noreferrer\"><strong>\u00e9v\u00e9nements culturels<\/strong><\/a>, ainsi qu&rsquo;un guide assez complet sur la <a href=\"https:\/\/www.nightlife-cityguide.com\/es\/guiar-la-vida-nocturna\/Granada-discotecas-nocturna-vida-nocturna-discotecas\/\" data-wpel-link=\"external\" rel=\"external noopener noreferrer\"><strong>vie nocturne et les lieux \u00e0 Granada<\/strong><\/a>.<\/li>\n<li>\u00c0 cette adresse, vous pouvez vous inscrire \u00e0 une visite guid\u00e9e des endroits inexplor\u00e9s de Grenade : <a href=\"https:\/\/www.instagram.com\/granadasecreta_\/\" data-wpel-link=\"external\" rel=\"external noopener noreferrer\"><strong>Granada Secr\u00e8te<\/strong><\/a><\/li>\n<\/ul>\n<h2><span class=\"ez-toc-section\" id=\"Climat_a_Granada\"><\/span>Climat \u00e0 Granada<span class=\"ez-toc-section-end\"><\/span><\/h2>\n<p>Le climat de Granada est m\u00e9diterran\u00e9en sec et n&rsquo;a rien \u00e0 voir avec le climat doux que nous avons ici \u00e0 Malaga.<\/p>\n<p>On pourrait dire qu&rsquo;\u00e0 Granada, il y a essentiellement deux saisons : l&rsquo;\u00e9t\u00e9 et l&rsquo;hiver. Le printemps et l&rsquo;automne passent rapidement et presque inaper\u00e7us, laissant place \u00e0 de fortes chaleurs ou \u00e0 un froid intense.<\/p>\n<p>En hiver, les temp\u00e9ratures peuvent descendre jusqu&rsquo;\u00e0 0\u00b0C le matin. Cependant, lorsque le soleil brille, elles peuvent atteindre presque 20\u00b0C \u00e0 midi, pour ensuite chuter rapidement en fin de journ\u00e9e. Il est conseill\u00e9 de porter des v\u00eatements chauds, mais avec une chemise l\u00e9g\u00e8re en dessous.<\/p>\n<p>Les \u00e9t\u00e9s \u00e0 Granada sont torrides. De la mi-juin jusqu&rsquo;\u00e0 la fin de septembre, la ville conna\u00eet des temp\u00e9ratures tr\u00e8s \u00e9lev\u00e9es qui atteignent souvent les 40\u00b0C.<\/p>\n<figure id=\"attachment_12862\" aria-describedby=\"caption-attachment-12862\" style=\"width: 499px\" class=\"wp-caption alignnone\"><img loading=\"lazy\" decoding=\"async\" class=\"size-full wp-image-12862\" src=\"https:\/\/www.malagacar.com\/sp\/blog\/wp-content\/uploads\/2022\/12\/gran-via.jpg\" alt=\"La Gran V\u00eda, compl\u00e8tement vide un apr\u00e8s-midi d'ao\u00fbt\" width=\"499\" height=\"333\" \/><figcaption id=\"caption-attachment-12862\" class=\"wp-caption-text\">La Gran V\u00eda, compl\u00e8tement vide un apr\u00e8s-midi d&rsquo;ao\u00fbt<\/figcaption><\/figure>\n<p>En fait, en ao\u00fbt, Granada se vide presque compl\u00e8tement, et tous ceux qui le peuvent s&rsquo;\u00e9chappent vers la c\u00f4te. Ceux qui restent sont r\u00e9compens\u00e9s par les d\u00e9licieuses fragrances enivrantes de jasmin et de belle de nuit lors de nuits purement andalouses.<\/p>\n<h2><span class=\"ez-toc-section\" id=\"Comment_se_rendre_a_Granada\"><\/span>Comment se rendre \u00e0 Granada<span class=\"ez-toc-section-end\"><\/span><\/h2>\n<h3><span class=\"ez-toc-section\" id=\"En_voiture_Parking\"><\/span>En voiture &amp; Parking<span class=\"ez-toc-section-end\"><\/span><\/h3>\n<p>Depuis M\u00e1laga, vous pouvez vous rendre \u00e0 Granada confortablement par l&rsquo;autoroute en une heure et demie. Cela signifie que vous n&rsquo;\u00eates pas oblig\u00e9 de rester l\u00e0-bas pour la nuit, et vous pouvez planifier une petite escapade d&rsquo;une journ\u00e9e.<\/p>\n<p>Cependant, en raison de la richesse exceptionnelle que la ville offre dans tous les aspects, nous recommandons de rester au moins une nuit pour avoir suffisamment de temps pour tout savourer, litt\u00e9ralement (rappelez-vous, Grenade est la reine du tapeo!)<\/p>\n<p>Comme mentionn\u00e9 pr\u00e9c\u00e9demment, Gr\u00e1nada est une ville \u00e0 d\u00e9couvrir \u00e0 pied. Par cons\u00e9quent, en raison de nombreuses restrictions de circulation, il est pr\u00e9f\u00e9rable de se garer dans un parking public du centre-ville et de continuer \u00e0 pied depuis l\u00e0.<\/p>\n<h4>Notre astuce d&rsquo;initi\u00e9<\/h4>\n<p>Pour ceux qui ne veulent pas marcher beaucoup, il y a un parking public dans le haut de l&rsquo;Albaic\u00edn, le parking San Crist\u00f3bal. Le meilleur parking pour visiter l&rsquo;Albaic\u00edn sans trop de mont\u00e9es.<\/p>\n<h3><span class=\"ez-toc-section\" id=\"Carte_interactive_des_parkings_du_centre_de_Grenade\"><\/span>Carte interactive des parkings du centre de Grenade<span class=\"ez-toc-section-end\"><\/span><\/h3>\n<p><iframe loading=\"lazy\" src=\"https:\/\/www.google.com\/maps\/d\/embed?mid=1HgSKG45JFfJ_XfIYIpdTAs0uk0jNCG0&amp;ehbc=2E312F\" width=\"640\" height=\"480\"><\/iframe><\/p>\n<h3><span class=\"ez-toc-section\" id=\"En_train\"><\/span>En train<span class=\"ez-toc-section-end\"><\/span><\/h3>\n<p>La gare de Granada, situ\u00e9e au centre de la ville, se trouve \u00e0 seulement 20 minutes \u00e0 pied de la Plaza Nueva, au c\u0153ur de la ville.<\/p>\n<figure id=\"attachment_14766\" aria-describedby=\"caption-attachment-14766\" style=\"width: 750px\" class=\"wp-caption alignnone\"><img loading=\"lazy\" decoding=\"async\" class=\"size-large wp-image-14766\" src=\"https:\/\/www.malagacar.com\/sp\/blog\/wp-content\/uploads\/2022\/12\/Renfe-Granada-Foto-@granadaembrujada-819x1024.jpg\" alt=\"Renfe Granada \" width=\"750\" height=\"938\" \/><figcaption id=\"caption-attachment-14766\" class=\"wp-caption-text\">Renfe Granada Foto <a href=\"https:\/\/sergioluquelopez.com\/\" data-wpel-link=\"external\" rel=\"external noopener noreferrer\">sergioluquelopez.com<\/a><\/figcaption><\/figure>\n<p>Vous pouvez vous rendre \u00e0 Granada en train confortablement depuis M\u00e1laga, S\u00e9ville, Almer\u00eda et Madrid.<\/p>\n<p>Depuis M\u00e1laga, il y a des trains AVANT (dur\u00e9e du voyage environ 2 heures et demie) et AVE (dur\u00e9e du voyage 1 heure 11 minutes ou 1 heure 39 minutes selon le train).<\/p>\n<p>Les options aller-retour les moins ch\u00e8res sont d&rsquo;environ 26 \u20ac. Tandis que les options les plus ch\u00e8res en AVE se situent autour de 60 \u20ac.<\/p>\n<ul>\n<li>Acheter un <a href=\"https:\/\/www.renfe.com\/\" data-wpel-link=\"external\" rel=\"external noopener noreferrer\"><strong>billet de train pour Grenade<\/strong><\/a><\/li>\n<\/ul>\n<h2><span class=\"ez-toc-section\" id=\"Carte_interactive_des_attractions_a_Granada\"><\/span>Carte interactive des attractions \u00e0 Granada<span class=\"ez-toc-section-end\"><\/span><\/h2>\n<p><iframe loading=\"lazy\" src=\"https:\/\/www.google.com\/maps\/d\/embed?mid=1uhMP-ZW7SP0BEUmCNtxg_j0vSA0LCdM&amp;ehbc=2E312F\" width=\"640\" height=\"480\"><\/iframe><\/p>\n<h2><span class=\"ez-toc-section\" id=\"Sierra_Nevada\"><\/span>Sierra Nevada<span class=\"ez-toc-section-end\"><\/span><\/h2>\n<p>\u00c0 seulement 38 km du c\u0153ur de Granada se dressent les <em><strong>plus hautes cimes de la p\u00e9ninsule<\/strong><\/em>, la majestueuse Sierra Nevada.<\/p>\n<p><img loading=\"lazy\" decoding=\"async\" class=\"alignnone size-full wp-image-743\" src=\"https:\/\/www.malagacar.com\/fr\/blog\/wp-content\/uploads\/2023\/10\/sierranevada-fr.jpg\" alt=\"Sierra Nevada\" width=\"1000\" height=\"563\" srcset=\"https:\/\/www.malagacar.com\/fr\/blog\/wp-content\/uploads\/2023\/10\/sierranevada-fr.jpg 1000w, https:\/\/www.malagacar.com\/fr\/blog\/wp-content\/uploads\/2023\/10\/sierranevada-fr-300x169.jpg 300w, https:\/\/www.malagacar.com\/fr\/blog\/wp-content\/uploads\/2023\/10\/sierranevada-fr-768x432.jpg 768w\" sizes=\"auto, (max-width: 1000px) 100vw, 1000px\" \/><\/p>\n<p>Si vous avez plus de temps, il vaut la peine de prendre la voiture et de monter dans ce <em><strong>parc national<\/strong><\/em> qui abrite \u00e9galement la <em><strong>station de ski la plus m\u00e9ridionale d&rsquo;Europe<\/strong><\/em>.<\/p>\n<ul>\n<li><a href=\"https:\/\/www.malagacar.com\/fr\/blog\/loisirs\/decouvrez-sierra-nevada-en-voiture\/\" data-wpel-link=\"internal\"><strong>D\u00e9couvrez Sierra Nevada<\/strong><\/a>, vous allez adorer.<\/li>\n<\/ul>\n<h2><span class=\"ez-toc-section\" id=\"Alpujarra\"><\/span>Alpujarra<span class=\"ez-toc-section-end\"><\/span><\/h2>\n<figure id=\"attachment_12814\" aria-describedby=\"caption-attachment-12814\" style=\"width: 1193px\" class=\"wp-caption alignnone\"><img loading=\"lazy\" decoding=\"async\" class=\" wp-image-12814\" src=\"https:\/\/www.malagacar.com\/sp\/blog\/wp-content\/uploads\/2022\/11\/capileira-foto-Pepe-Juarez.jpg\" alt=\"capileira\" width=\"1193\" height=\"753\" \/><figcaption id=\"caption-attachment-12814\" class=\"wp-caption-text\">Capileira. Foto Pepe Juarez<\/figcaption><\/figure>\n<p>Et enfin, en parlant de Granada, il ne faut pas oublier de mentionner l&rsquo;Alpujarra, situ\u00e9e sur le versant sud de la Sierra Nevada.<\/p>\n<p>Une r\u00e9gion riche en eau, un air pur, des routes sinueuses, des vall\u00e9es au microclimat, des villages blancs maures, une excellente gastronomie et une magie tr\u00e8s sp\u00e9ciale que vous ne pourrez d\u00e9couvrir que si vous vivez le <em><strong>slow Travel<\/strong><\/em>. Recommand\u00e9 \u00e0 100 %!<\/p>\n<figure id=\"attachment_12818\" aria-describedby=\"caption-attachment-12818\" style=\"width: 1196px\" class=\"wp-caption alignnone\"><img loading=\"lazy\" decoding=\"async\" class=\" wp-image-12818\" src=\"https:\/\/www.malagacar.com\/sp\/blog\/wp-content\/uploads\/2022\/11\/Trevelez-Lisa-Michelle-Ward.jpg\" alt=\"Trev\u00e9lez\" width=\"1196\" height=\"897\" \/><figcaption id=\"caption-attachment-12818\" class=\"wp-caption-text\">Un <a href=\"https:\/\/www.malagacar.com\/fr\/\" data-wpel-link=\"internal\"><strong>MalagaCar<\/strong><\/a> en Tr\u00e9velez. Photo gracieuset\u00e9 de notre client<\/figcaption><\/figure>\n\t\t\t\t\n\t\t\t\t<div id=\"search-form2\" class=\"big-quote index-mobile\">\n\t\t\t\t<form id=\"frmSearch\" name=\"frmSearch\" action=\"\/fr\/location-de-voitures\/quote.php\" method=\"post\" name=\"quote\" class=\"container-fluid\">\n\t\t\t\t\t\t\t\t\t<div class=\"row\">\n\t\t\t\t\t\t<div class=\"col-sm-6\">\n\n\t\t\t\t\t\t\t<div class=\"form-group\">\n\t\t\t\t\t\t\t\t<label for=\"entrega\"><h4>Collecte<\/h4><\/label>\n\t\t\t\t\t\t\t\t<select name=\"entrega\" id=\"entrega\" class=\"custom-select\">\n\t\t\t\t\t\t\t\t\t<option value=\"airport\"  selected>Malaga A\u00e9roport<\/option>\n\t\t\t\t\t\t\t\t\t\t\t\t\t\t\t\t<\/select>\n\t\t\t\t\t\t\t\t<div class=\"form-inline my-2\">\n\t\t\t\t\t\t\t\t\t<input id=\"pDate\" class=\"form-control\" value=\"07\/09\/2026\" name=\"pDate\" readonly onchange=\"return uppdate()\">\n\t\t\t\t\t\t\t\t\t<select class=\"custom-select\" id=\"phorasminutos\" name=\"phorasminutos\" oninvalid=\"setCustomValidity('Faites-nous conna\u00eetre votre heure d\u00b4arriv\u00e9e')\" onchange=\"setCustomValidity('');\">\n\t\t\t\t\t\t\t\t\t\t<option value=\"-\" selected>--:--<\/option>\n\t\t\t\t\t\t\t\t\t\t\t\t\t\t\t\t\t\t\t\t<option value=\"00:00\">\n\t\t\t\t\t\t\t\t\t\t\t00:00<\/option>\n\t\t\t\t\t\t\t\t\t\t<option value=\"00:15\">\n\t\t\t\t\t\t\t\t\t\t\t00:15<\/option>\n\t\t\t\t\t\t\t\t\t\t<option value=\"00:30\">\n\t\t\t\t\t\t\t\t\t\t\t00:30<\/option>\n\t\t\t\t\t\t\t\t\t\t<option value=\"00:45\">\n\t\t\t\t\t\t\t\t\t\t\t00:45<\/option>\n\t\t\t\t\t\t\t\t\t\t\t\t\t\t\t\t\t\t\t\t<option value=\"01:00\">\n\t\t\t\t\t\t\t\t\t\t\t01:00<\/option>\n\t\t\t\t\t\t\t\t\t\t<option value=\"01:15\">\n\t\t\t\t\t\t\t\t\t\t\t01:15<\/option>\n\t\t\t\t\t\t\t\t\t\t<option value=\"01:30\">\n\t\t\t\t\t\t\t\t\t\t\t01:30<\/option>\n\t\t\t\t\t\t\t\t\t\t<option value=\"01:45\">\n\t\t\t\t\t\t\t\t\t\t\t01:45<\/option>\n\t\t\t\t\t\t\t\t\t\t\t\t\t\t\t\t\t\t\t\t<option value=\"02:00\">\n\t\t\t\t\t\t\t\t\t\t\t02:00<\/option>\n\t\t\t\t\t\t\t\t\t\t<option value=\"02:15\">\n\t\t\t\t\t\t\t\t\t\t\t02:15<\/option>\n\t\t\t\t\t\t\t\t\t\t<option value=\"02:30\">\n\t\t\t\t\t\t\t\t\t\t\t02:30<\/option>\n\t\t\t\t\t\t\t\t\t\t<option value=\"02:45\">\n\t\t\t\t\t\t\t\t\t\t\t02:45<\/option>\n\t\t\t\t\t\t\t\t\t\t\t\t\t\t\t\t\t\t\t\t<option value=\"03:00\">\n\t\t\t\t\t\t\t\t\t\t\t03:00<\/option>\n\t\t\t\t\t\t\t\t\t\t<option value=\"03:15\">\n\t\t\t\t\t\t\t\t\t\t\t03:15<\/option>\n\t\t\t\t\t\t\t\t\t\t<option value=\"03:30\">\n\t\t\t\t\t\t\t\t\t\t\t03:30<\/option>\n\t\t\t\t\t\t\t\t\t\t<option value=\"03:45\">\n\t\t\t\t\t\t\t\t\t\t\t03:45<\/option>\n\t\t\t\t\t\t\t\t\t\t\t\t\t\t\t\t\t\t\t\t<option value=\"04:00\">\n\t\t\t\t\t\t\t\t\t\t\t04:00<\/option>\n\t\t\t\t\t\t\t\t\t\t<option value=\"04:15\">\n\t\t\t\t\t\t\t\t\t\t\t04:15<\/option>\n\t\t\t\t\t\t\t\t\t\t<option value=\"04:30\">\n\t\t\t\t\t\t\t\t\t\t\t04:30<\/option>\n\t\t\t\t\t\t\t\t\t\t<option value=\"04:45\">\n\t\t\t\t\t\t\t\t\t\t\t04:45<\/option>\n\t\t\t\t\t\t\t\t\t\t\t\t\t\t\t\t\t\t\t\t<option value=\"05:00\">\n\t\t\t\t\t\t\t\t\t\t\t05:00<\/option>\n\t\t\t\t\t\t\t\t\t\t<option value=\"05:15\">\n\t\t\t\t\t\t\t\t\t\t\t05:15<\/option>\n\t\t\t\t\t\t\t\t\t\t<option value=\"05:30\">\n\t\t\t\t\t\t\t\t\t\t\t05:30<\/option>\n\t\t\t\t\t\t\t\t\t\t<option value=\"05:45\">\n\t\t\t\t\t\t\t\t\t\t\t05:45<\/option>\n\t\t\t\t\t\t\t\t\t\t\t\t\t\t\t\t\t\t\t\t<option value=\"06:00\">\n\t\t\t\t\t\t\t\t\t\t\t06:00<\/option>\n\t\t\t\t\t\t\t\t\t\t<option value=\"06:15\">\n\t\t\t\t\t\t\t\t\t\t\t06:15<\/option>\n\t\t\t\t\t\t\t\t\t\t<option value=\"06:30\">\n\t\t\t\t\t\t\t\t\t\t\t06:30<\/option>\n\t\t\t\t\t\t\t\t\t\t<option value=\"06:45\">\n\t\t\t\t\t\t\t\t\t\t\t06:45<\/option>\n\t\t\t\t\t\t\t\t\t\t\t\t\t\t\t\t\t\t\t\t<option value=\"07:00\">\n\t\t\t\t\t\t\t\t\t\t\t07:00<\/option>\n\t\t\t\t\t\t\t\t\t\t<option value=\"07:15\">\n\t\t\t\t\t\t\t\t\t\t\t07:15<\/option>\n\t\t\t\t\t\t\t\t\t\t<option value=\"07:30\">\n\t\t\t\t\t\t\t\t\t\t\t07:30<\/option>\n\t\t\t\t\t\t\t\t\t\t<option value=\"07:45\">\n\t\t\t\t\t\t\t\t\t\t\t07:45<\/option>\n\t\t\t\t\t\t\t\t\t\t\t\t\t\t\t\t\t\t\t\t<option value=\"08:00\">\n\t\t\t\t\t\t\t\t\t\t\t08:00<\/option>\n\t\t\t\t\t\t\t\t\t\t<option value=\"08:15\">\n\t\t\t\t\t\t\t\t\t\t\t08:15<\/option>\n\t\t\t\t\t\t\t\t\t\t<option value=\"08:30\">\n\t\t\t\t\t\t\t\t\t\t\t08:30<\/option>\n\t\t\t\t\t\t\t\t\t\t<option value=\"08:45\">\n\t\t\t\t\t\t\t\t\t\t\t08:45<\/option>\n\t\t\t\t\t\t\t\t\t\t\t\t\t\t\t\t\t\t\t\t<option value=\"09:00\">\n\t\t\t\t\t\t\t\t\t\t\t09:00<\/option>\n\t\t\t\t\t\t\t\t\t\t<option value=\"09:15\">\n\t\t\t\t\t\t\t\t\t\t\t09:15<\/option>\n\t\t\t\t\t\t\t\t\t\t<option value=\"09:30\">\n\t\t\t\t\t\t\t\t\t\t\t09:30<\/option>\n\t\t\t\t\t\t\t\t\t\t<option value=\"09:45\">\n\t\t\t\t\t\t\t\t\t\t\t09:45<\/option>\n\t\t\t\t\t\t\t\t\t\t\t\t\t\t\t\t\t\t\t\t<option value=\"10:00\">\n\t\t\t\t\t\t\t\t\t\t\t10:00<\/option>\n\t\t\t\t\t\t\t\t\t\t<option value=\"10:15\">\n\t\t\t\t\t\t\t\t\t\t\t10:15<\/option>\n\t\t\t\t\t\t\t\t\t\t<option value=\"10:30\">\n\t\t\t\t\t\t\t\t\t\t\t10:30<\/option>\n\t\t\t\t\t\t\t\t\t\t<option value=\"10:45\">\n\t\t\t\t\t\t\t\t\t\t\t10:45<\/option>\n\t\t\t\t\t\t\t\t\t\t\t\t\t\t\t\t\t\t\t\t<option value=\"11:00\">\n\t\t\t\t\t\t\t\t\t\t\t11:00<\/option>\n\t\t\t\t\t\t\t\t\t\t<option value=\"11:15\">\n\t\t\t\t\t\t\t\t\t\t\t11:15<\/option>\n\t\t\t\t\t\t\t\t\t\t<option value=\"11:30\">\n\t\t\t\t\t\t\t\t\t\t\t11:30<\/option>\n\t\t\t\t\t\t\t\t\t\t<option value=\"11:45\">\n\t\t\t\t\t\t\t\t\t\t\t11:45<\/option>\n\t\t\t\t\t\t\t\t\t\t\t\t\t\t\t\t\t\t\t\t<option value=\"12:00\">\n\t\t\t\t\t\t\t\t\t\t\t12:00<\/option>\n\t\t\t\t\t\t\t\t\t\t<option value=\"12:15\">\n\t\t\t\t\t\t\t\t\t\t\t12:15<\/option>\n\t\t\t\t\t\t\t\t\t\t<option value=\"12:30\">\n\t\t\t\t\t\t\t\t\t\t\t12:30<\/option>\n\t\t\t\t\t\t\t\t\t\t<option value=\"12:45\">\n\t\t\t\t\t\t\t\t\t\t\t12:45<\/option>\n\t\t\t\t\t\t\t\t\t\t\t\t\t\t\t\t\t\t\t\t<option value=\"13:00\">\n\t\t\t\t\t\t\t\t\t\t\t13:00<\/option>\n\t\t\t\t\t\t\t\t\t\t<option value=\"13:15\">\n\t\t\t\t\t\t\t\t\t\t\t13:15<\/option>\n\t\t\t\t\t\t\t\t\t\t<option value=\"13:30\">\n\t\t\t\t\t\t\t\t\t\t\t13:30<\/option>\n\t\t\t\t\t\t\t\t\t\t<option value=\"13:45\">\n\t\t\t\t\t\t\t\t\t\t\t13:45<\/option>\n\t\t\t\t\t\t\t\t\t\t\t\t\t\t\t\t\t\t\t\t<option value=\"14:00\">\n\t\t\t\t\t\t\t\t\t\t\t14:00<\/option>\n\t\t\t\t\t\t\t\t\t\t<option value=\"14:15\">\n\t\t\t\t\t\t\t\t\t\t\t14:15<\/option>\n\t\t\t\t\t\t\t\t\t\t<option value=\"14:30\">\n\t\t\t\t\t\t\t\t\t\t\t14:30<\/option>\n\t\t\t\t\t\t\t\t\t\t<option value=\"14:45\">\n\t\t\t\t\t\t\t\t\t\t\t14:45<\/option>\n\t\t\t\t\t\t\t\t\t\t\t\t\t\t\t\t\t\t\t\t<option value=\"15:00\">\n\t\t\t\t\t\t\t\t\t\t\t15:00<\/option>\n\t\t\t\t\t\t\t\t\t\t<option value=\"15:15\">\n\t\t\t\t\t\t\t\t\t\t\t15:15<\/option>\n\t\t\t\t\t\t\t\t\t\t<option value=\"15:30\">\n\t\t\t\t\t\t\t\t\t\t\t15:30<\/option>\n\t\t\t\t\t\t\t\t\t\t<option value=\"15:45\">\n\t\t\t\t\t\t\t\t\t\t\t15:45<\/option>\n\t\t\t\t\t\t\t\t\t\t\t\t\t\t\t\t\t\t\t\t<option value=\"16:00\">\n\t\t\t\t\t\t\t\t\t\t\t16:00<\/option>\n\t\t\t\t\t\t\t\t\t\t<option value=\"16:15\">\n\t\t\t\t\t\t\t\t\t\t\t16:15<\/option>\n\t\t\t\t\t\t\t\t\t\t<option value=\"16:30\">\n\t\t\t\t\t\t\t\t\t\t\t16:30<\/option>\n\t\t\t\t\t\t\t\t\t\t<option value=\"16:45\">\n\t\t\t\t\t\t\t\t\t\t\t16:45<\/option>\n\t\t\t\t\t\t\t\t\t\t\t\t\t\t\t\t\t\t\t\t<option value=\"17:00\">\n\t\t\t\t\t\t\t\t\t\t\t17:00<\/option>\n\t\t\t\t\t\t\t\t\t\t<option value=\"17:15\">\n\t\t\t\t\t\t\t\t\t\t\t17:15<\/option>\n\t\t\t\t\t\t\t\t\t\t<option value=\"17:30\">\n\t\t\t\t\t\t\t\t\t\t\t17:30<\/option>\n\t\t\t\t\t\t\t\t\t\t<option value=\"17:45\">\n\t\t\t\t\t\t\t\t\t\t\t17:45<\/option>\n\t\t\t\t\t\t\t\t\t\t\t\t\t\t\t\t\t\t\t\t<option value=\"18:00\">\n\t\t\t\t\t\t\t\t\t\t\t18:00<\/option>\n\t\t\t\t\t\t\t\t\t\t<option value=\"18:15\">\n\t\t\t\t\t\t\t\t\t\t\t18:15<\/option>\n\t\t\t\t\t\t\t\t\t\t<option value=\"18:30\">\n\t\t\t\t\t\t\t\t\t\t\t18:30<\/option>\n\t\t\t\t\t\t\t\t\t\t<option value=\"18:45\">\n\t\t\t\t\t\t\t\t\t\t\t18:45<\/option>\n\t\t\t\t\t\t\t\t\t\t\t\t\t\t\t\t\t\t\t\t<option value=\"19:00\">\n\t\t\t\t\t\t\t\t\t\t\t19:00<\/option>\n\t\t\t\t\t\t\t\t\t\t<option value=\"19:15\">\n\t\t\t\t\t\t\t\t\t\t\t19:15<\/option>\n\t\t\t\t\t\t\t\t\t\t<option value=\"19:30\">\n\t\t\t\t\t\t\t\t\t\t\t19:30<\/option>\n\t\t\t\t\t\t\t\t\t\t<option value=\"19:45\">\n\t\t\t\t\t\t\t\t\t\t\t19:45<\/option>\n\t\t\t\t\t\t\t\t\t\t\t\t\t\t\t\t\t\t\t\t<option value=\"20:00\">\n\t\t\t\t\t\t\t\t\t\t\t20:00<\/option>\n\t\t\t\t\t\t\t\t\t\t<option value=\"20:15\">\n\t\t\t\t\t\t\t\t\t\t\t20:15<\/option>\n\t\t\t\t\t\t\t\t\t\t<option value=\"20:30\">\n\t\t\t\t\t\t\t\t\t\t\t20:30<\/option>\n\t\t\t\t\t\t\t\t\t\t<option value=\"20:45\">\n\t\t\t\t\t\t\t\t\t\t\t20:45<\/option>\n\t\t\t\t\t\t\t\t\t\t\t\t\t\t\t\t\t\t\t\t<option value=\"21:00\">\n\t\t\t\t\t\t\t\t\t\t\t21:00<\/option>\n\t\t\t\t\t\t\t\t\t\t<option value=\"21:15\">\n\t\t\t\t\t\t\t\t\t\t\t21:15<\/option>\n\t\t\t\t\t\t\t\t\t\t<option value=\"21:30\">\n\t\t\t\t\t\t\t\t\t\t\t21:30<\/option>\n\t\t\t\t\t\t\t\t\t\t<option value=\"21:45\">\n\t\t\t\t\t\t\t\t\t\t\t21:45<\/option>\n\t\t\t\t\t\t\t\t\t\t\t\t\t\t\t\t\t\t\t\t<option value=\"22:00\">\n\t\t\t\t\t\t\t\t\t\t\t22:00<\/option>\n\t\t\t\t\t\t\t\t\t\t<option value=\"22:15\">\n\t\t\t\t\t\t\t\t\t\t\t22:15<\/option>\n\t\t\t\t\t\t\t\t\t\t<option value=\"22:30\">\n\t\t\t\t\t\t\t\t\t\t\t22:30<\/option>\n\t\t\t\t\t\t\t\t\t\t<option value=\"22:45\">\n\t\t\t\t\t\t\t\t\t\t\t22:45<\/option>\n\t\t\t\t\t\t\t\t\t\t\t\t\t\t\t\t\t\t\t\t<option value=\"23:00\">\n\t\t\t\t\t\t\t\t\t\t\t23:00<\/option>\n\t\t\t\t\t\t\t\t\t\t<option value=\"23:15\">\n\t\t\t\t\t\t\t\t\t\t\t23:15<\/option>\n\t\t\t\t\t\t\t\t\t\t<option value=\"23:30\">\n\t\t\t\t\t\t\t\t\t\t\t23:30<\/option>\n\t\t\t\t\t\t\t\t\t\t<option value=\"23:45\">\n\t\t\t\t\t\t\t\t\t\t\t23:45<\/option>\n\t\t\t\t\t\t\t\t\t\t\t\t\t\t\t\t\t\t\t<\/select>\n\t\t\t\t\t\t\t\t<\/div>\n\t\t\t\t\t\t\t<\/div>\n\t\t\t\t\t\t<\/div>\n\t\t\t\t\t\t<div class=\"col-sm-6\">\n\t\t\t\t\t\t\t<div class=\"form-group\">\n\t\t\t\t\t\t\t\t<div id=\"bookingBox\"><\/div>\n\n\t\t\t\t\t\t\t\t<label for=\"devuelta\"><h4>D\u00e9p\u00f4t<\/h4><\/label>\n\t\t\t\t\t\t\t\t<select name=\"devuelta\" id=\"devuelta\" class=\"custom-select\">\n\t\t\t\t\t\t\t\t\t<option value=\"airport\"  selected>Malaga A\u00e9roport<\/option>\n\t\t\t\t\t\t\t\t\t\t\t\t\t\t\t\t<\/select>\n\n\t\t\t\t\t\t\t\t<div class=\"form-inline my-2\">\n\t\t\t\t\t\t\t\t\t<input id=\"dDate\" class=\"form-control\" value=\"14\/09\/2026\" name=\"dDate\" readonly>\n\t\t\t\t\t\t\t\t\t<select class=\"custom-select\" id=\"dhorasminutos\" name=\"dhorasminutos\" oninvalid=\"setCustomValidity('Faites-nous savoir votre heure de retour')\" onchange=\"setCustomValidity('')\">\n\t\t\t\t\t\t\t\t\t\t<option value=\"-\" selected>--:--<\/option>\n\t\t\t\t\t\t\t\t\t\t\t\t\t\t\t\t\t\t\t\t<option value=\"00:00\">\n\t\t\t\t\t\t\t\t\t\t\t00:00<\/option>\n\t\t\t\t\t\t\t\t\t\t<option value=\"00:15\">\n\t\t\t\t\t\t\t\t\t\t\t00:15<\/option>\n\t\t\t\t\t\t\t\t\t\t<option value=\"00:30\">\n\t\t\t\t\t\t\t\t\t\t\t00:30<\/option>\n\t\t\t\t\t\t\t\t\t\t<option value=\"00:45\">\n\t\t\t\t\t\t\t\t\t\t\t00:45<\/option>\n\t\t\t\t\t\t\t\t\t\t\t\t\t\t\t\t\t\t\t\t<option value=\"01:00\">\n\t\t\t\t\t\t\t\t\t\t\t01:00<\/option>\n\t\t\t\t\t\t\t\t\t\t<option value=\"01:15\">\n\t\t\t\t\t\t\t\t\t\t\t01:15<\/option>\n\t\t\t\t\t\t\t\t\t\t<option value=\"01:30\">\n\t\t\t\t\t\t\t\t\t\t\t01:30<\/option>\n\t\t\t\t\t\t\t\t\t\t<option value=\"01:45\">\n\t\t\t\t\t\t\t\t\t\t\t01:45<\/option>\n\t\t\t\t\t\t\t\t\t\t\t\t\t\t\t\t\t\t\t\t<option value=\"02:00\">\n\t\t\t\t\t\t\t\t\t\t\t02:00<\/option>\n\t\t\t\t\t\t\t\t\t\t<option value=\"02:15\">\n\t\t\t\t\t\t\t\t\t\t\t02:15<\/option>\n\t\t\t\t\t\t\t\t\t\t<option value=\"02:30\">\n\t\t\t\t\t\t\t\t\t\t\t02:30<\/option>\n\t\t\t\t\t\t\t\t\t\t<option value=\"02:45\">\n\t\t\t\t\t\t\t\t\t\t\t02:45<\/option>\n\t\t\t\t\t\t\t\t\t\t\t\t\t\t\t\t\t\t\t\t<option value=\"03:00\">\n\t\t\t\t\t\t\t\t\t\t\t03:00<\/option>\n\t\t\t\t\t\t\t\t\t\t<option value=\"03:15\">\n\t\t\t\t\t\t\t\t\t\t\t03:15<\/option>\n\t\t\t\t\t\t\t\t\t\t<option value=\"03:30\">\n\t\t\t\t\t\t\t\t\t\t\t03:30<\/option>\n\t\t\t\t\t\t\t\t\t\t<option value=\"03:45\">\n\t\t\t\t\t\t\t\t\t\t\t03:45<\/option>\n\t\t\t\t\t\t\t\t\t\t\t\t\t\t\t\t\t\t\t\t<option value=\"04:00\">\n\t\t\t\t\t\t\t\t\t\t\t04:00<\/option>\n\t\t\t\t\t\t\t\t\t\t<option value=\"04:15\">\n\t\t\t\t\t\t\t\t\t\t\t04:15<\/option>\n\t\t\t\t\t\t\t\t\t\t<option value=\"04:30\">\n\t\t\t\t\t\t\t\t\t\t\t04:30<\/option>\n\t\t\t\t\t\t\t\t\t\t<option value=\"04:45\">\n\t\t\t\t\t\t\t\t\t\t\t04:45<\/option>\n\t\t\t\t\t\t\t\t\t\t\t\t\t\t\t\t\t\t\t\t<option value=\"05:00\">\n\t\t\t\t\t\t\t\t\t\t\t05:00<\/option>\n\t\t\t\t\t\t\t\t\t\t<option value=\"05:15\">\n\t\t\t\t\t\t\t\t\t\t\t05:15<\/option>\n\t\t\t\t\t\t\t\t\t\t<option value=\"05:30\">\n\t\t\t\t\t\t\t\t\t\t\t05:30<\/option>\n\t\t\t\t\t\t\t\t\t\t<option value=\"05:45\">\n\t\t\t\t\t\t\t\t\t\t\t05:45<\/option>\n\t\t\t\t\t\t\t\t\t\t\t\t\t\t\t\t\t\t\t\t<option value=\"06:00\">\n\t\t\t\t\t\t\t\t\t\t\t06:00<\/option>\n\t\t\t\t\t\t\t\t\t\t<option value=\"06:15\">\n\t\t\t\t\t\t\t\t\t\t\t06:15<\/option>\n\t\t\t\t\t\t\t\t\t\t<option value=\"06:30\">\n\t\t\t\t\t\t\t\t\t\t\t06:30<\/option>\n\t\t\t\t\t\t\t\t\t\t<option value=\"06:45\">\n\t\t\t\t\t\t\t\t\t\t\t06:45<\/option>\n\t\t\t\t\t\t\t\t\t\t\t\t\t\t\t\t\t\t\t\t<option value=\"07:00\">\n\t\t\t\t\t\t\t\t\t\t\t07:00<\/option>\n\t\t\t\t\t\t\t\t\t\t<option value=\"07:15\">\n\t\t\t\t\t\t\t\t\t\t\t07:15<\/option>\n\t\t\t\t\t\t\t\t\t\t<option value=\"07:30\">\n\t\t\t\t\t\t\t\t\t\t\t07:30<\/option>\n\t\t\t\t\t\t\t\t\t\t<option value=\"07:45\">\n\t\t\t\t\t\t\t\t\t\t\t07:45<\/option>\n\t\t\t\t\t\t\t\t\t\t\t\t\t\t\t\t\t\t\t\t<option value=\"08:00\">\n\t\t\t\t\t\t\t\t\t\t\t08:00<\/option>\n\t\t\t\t\t\t\t\t\t\t<option value=\"08:15\">\n\t\t\t\t\t\t\t\t\t\t\t08:15<\/option>\n\t\t\t\t\t\t\t\t\t\t<option value=\"08:30\">\n\t\t\t\t\t\t\t\t\t\t\t08:30<\/option>\n\t\t\t\t\t\t\t\t\t\t<option value=\"08:45\">\n\t\t\t\t\t\t\t\t\t\t\t08:45<\/option>\n\t\t\t\t\t\t\t\t\t\t\t\t\t\t\t\t\t\t\t\t<option value=\"09:00\">\n\t\t\t\t\t\t\t\t\t\t\t09:00<\/option>\n\t\t\t\t\t\t\t\t\t\t<option value=\"09:15\">\n\t\t\t\t\t\t\t\t\t\t\t09:15<\/option>\n\t\t\t\t\t\t\t\t\t\t<option value=\"09:30\">\n\t\t\t\t\t\t\t\t\t\t\t09:30<\/option>\n\t\t\t\t\t\t\t\t\t\t<option value=\"09:45\">\n\t\t\t\t\t\t\t\t\t\t\t09:45<\/option>\n\t\t\t\t\t\t\t\t\t\t\t\t\t\t\t\t\t\t\t\t<option value=\"10:00\">\n\t\t\t\t\t\t\t\t\t\t\t10:00<\/option>\n\t\t\t\t\t\t\t\t\t\t<option value=\"10:15\">\n\t\t\t\t\t\t\t\t\t\t\t10:15<\/option>\n\t\t\t\t\t\t\t\t\t\t<option value=\"10:30\">\n\t\t\t\t\t\t\t\t\t\t\t10:30<\/option>\n\t\t\t\t\t\t\t\t\t\t<option value=\"10:45\">\n\t\t\t\t\t\t\t\t\t\t\t10:45<\/option>\n\t\t\t\t\t\t\t\t\t\t\t\t\t\t\t\t\t\t\t\t<option value=\"11:00\">\n\t\t\t\t\t\t\t\t\t\t\t11:00<\/option>\n\t\t\t\t\t\t\t\t\t\t<option value=\"11:15\">\n\t\t\t\t\t\t\t\t\t\t\t11:15<\/option>\n\t\t\t\t\t\t\t\t\t\t<option value=\"11:30\">\n\t\t\t\t\t\t\t\t\t\t\t11:30<\/option>\n\t\t\t\t\t\t\t\t\t\t<option value=\"11:45\">\n\t\t\t\t\t\t\t\t\t\t\t11:45<\/option>\n\t\t\t\t\t\t\t\t\t\t\t\t\t\t\t\t\t\t\t\t<option value=\"12:00\">\n\t\t\t\t\t\t\t\t\t\t\t12:00<\/option>\n\t\t\t\t\t\t\t\t\t\t<option value=\"12:15\">\n\t\t\t\t\t\t\t\t\t\t\t12:15<\/option>\n\t\t\t\t\t\t\t\t\t\t<option value=\"12:30\">\n\t\t\t\t\t\t\t\t\t\t\t12:30<\/option>\n\t\t\t\t\t\t\t\t\t\t<option value=\"12:45\">\n\t\t\t\t\t\t\t\t\t\t\t12:45<\/option>\n\t\t\t\t\t\t\t\t\t\t\t\t\t\t\t\t\t\t\t\t<option value=\"13:00\">\n\t\t\t\t\t\t\t\t\t\t\t13:00<\/option>\n\t\t\t\t\t\t\t\t\t\t<option value=\"13:15\">\n\t\t\t\t\t\t\t\t\t\t\t13:15<\/option>\n\t\t\t\t\t\t\t\t\t\t<option value=\"13:30\">\n\t\t\t\t\t\t\t\t\t\t\t13:30<\/option>\n\t\t\t\t\t\t\t\t\t\t<option value=\"13:45\">\n\t\t\t\t\t\t\t\t\t\t\t13:45<\/option>\n\t\t\t\t\t\t\t\t\t\t\t\t\t\t\t\t\t\t\t\t<option value=\"14:00\">\n\t\t\t\t\t\t\t\t\t\t\t14:00<\/option>\n\t\t\t\t\t\t\t\t\t\t<option value=\"14:15\">\n\t\t\t\t\t\t\t\t\t\t\t14:15<\/option>\n\t\t\t\t\t\t\t\t\t\t<option value=\"14:30\">\n\t\t\t\t\t\t\t\t\t\t\t14:30<\/option>\n\t\t\t\t\t\t\t\t\t\t<option value=\"14:45\">\n\t\t\t\t\t\t\t\t\t\t\t14:45<\/option>\n\t\t\t\t\t\t\t\t\t\t\t\t\t\t\t\t\t\t\t\t<option value=\"15:00\">\n\t\t\t\t\t\t\t\t\t\t\t15:00<\/option>\n\t\t\t\t\t\t\t\t\t\t<option value=\"15:15\">\n\t\t\t\t\t\t\t\t\t\t\t15:15<\/option>\n\t\t\t\t\t\t\t\t\t\t<option value=\"15:30\">\n\t\t\t\t\t\t\t\t\t\t\t15:30<\/option>\n\t\t\t\t\t\t\t\t\t\t<option value=\"15:45\">\n\t\t\t\t\t\t\t\t\t\t\t15:45<\/option>\n\t\t\t\t\t\t\t\t\t\t\t\t\t\t\t\t\t\t\t\t<option value=\"16:00\">\n\t\t\t\t\t\t\t\t\t\t\t16:00<\/option>\n\t\t\t\t\t\t\t\t\t\t<option value=\"16:15\">\n\t\t\t\t\t\t\t\t\t\t\t16:15<\/option>\n\t\t\t\t\t\t\t\t\t\t<option value=\"16:30\">\n\t\t\t\t\t\t\t\t\t\t\t16:30<\/option>\n\t\t\t\t\t\t\t\t\t\t<option value=\"16:45\">\n\t\t\t\t\t\t\t\t\t\t\t16:45<\/option>\n\t\t\t\t\t\t\t\t\t\t\t\t\t\t\t\t\t\t\t\t<option value=\"17:00\">\n\t\t\t\t\t\t\t\t\t\t\t17:00<\/option>\n\t\t\t\t\t\t\t\t\t\t<option value=\"17:15\">\n\t\t\t\t\t\t\t\t\t\t\t17:15<\/option>\n\t\t\t\t\t\t\t\t\t\t<option value=\"17:30\">\n\t\t\t\t\t\t\t\t\t\t\t17:30<\/option>\n\t\t\t\t\t\t\t\t\t\t<option value=\"17:45\">\n\t\t\t\t\t\t\t\t\t\t\t17:45<\/option>\n\t\t\t\t\t\t\t\t\t\t\t\t\t\t\t\t\t\t\t\t<option value=\"18:00\">\n\t\t\t\t\t\t\t\t\t\t\t18:00<\/option>\n\t\t\t\t\t\t\t\t\t\t<option value=\"18:15\">\n\t\t\t\t\t\t\t\t\t\t\t18:15<\/option>\n\t\t\t\t\t\t\t\t\t\t<option value=\"18:30\">\n\t\t\t\t\t\t\t\t\t\t\t18:30<\/option>\n\t\t\t\t\t\t\t\t\t\t<option value=\"18:45\">\n\t\t\t\t\t\t\t\t\t\t\t18:45<\/option>\n\t\t\t\t\t\t\t\t\t\t\t\t\t\t\t\t\t\t\t\t<option value=\"19:00\">\n\t\t\t\t\t\t\t\t\t\t\t19:00<\/option>\n\t\t\t\t\t\t\t\t\t\t<option value=\"19:15\">\n\t\t\t\t\t\t\t\t\t\t\t19:15<\/option>\n\t\t\t\t\t\t\t\t\t\t<option value=\"19:30\">\n\t\t\t\t\t\t\t\t\t\t\t19:30<\/option>\n\t\t\t\t\t\t\t\t\t\t<option value=\"19:45\">\n\t\t\t\t\t\t\t\t\t\t\t19:45<\/option>\n\t\t\t\t\t\t\t\t\t\t\t\t\t\t\t\t\t\t\t\t<option value=\"20:00\">\n\t\t\t\t\t\t\t\t\t\t\t20:00<\/option>\n\t\t\t\t\t\t\t\t\t\t<option value=\"20:15\">\n\t\t\t\t\t\t\t\t\t\t\t20:15<\/option>\n\t\t\t\t\t\t\t\t\t\t<option value=\"20:30\">\n\t\t\t\t\t\t\t\t\t\t\t20:30<\/option>\n\t\t\t\t\t\t\t\t\t\t<option value=\"20:45\">\n\t\t\t\t\t\t\t\t\t\t\t20:45<\/option>\n\t\t\t\t\t\t\t\t\t\t\t\t\t\t\t\t\t\t\t\t<option value=\"21:00\">\n\t\t\t\t\t\t\t\t\t\t\t21:00<\/option>\n\t\t\t\t\t\t\t\t\t\t<option value=\"21:15\">\n\t\t\t\t\t\t\t\t\t\t\t21:15<\/option>\n\t\t\t\t\t\t\t\t\t\t<option value=\"21:30\">\n\t\t\t\t\t\t\t\t\t\t\t21:30<\/option>\n\t\t\t\t\t\t\t\t\t\t<option value=\"21:45\">\n\t\t\t\t\t\t\t\t\t\t\t21:45<\/option>\n\t\t\t\t\t\t\t\t\t\t\t\t\t\t\t\t\t\t\t\t<option value=\"22:00\">\n\t\t\t\t\t\t\t\t\t\t\t22:00<\/option>\n\t\t\t\t\t\t\t\t\t\t<option value=\"22:15\">\n\t\t\t\t\t\t\t\t\t\t\t22:15<\/option>\n\t\t\t\t\t\t\t\t\t\t<option value=\"22:30\">\n\t\t\t\t\t\t\t\t\t\t\t22:30<\/option>\n\t\t\t\t\t\t\t\t\t\t<option value=\"22:45\">\n\t\t\t\t\t\t\t\t\t\t\t22:45<\/option>\n\t\t\t\t\t\t\t\t\t\t\t\t\t\t\t\t\t\t\t\t<option value=\"23:00\">\n\t\t\t\t\t\t\t\t\t\t\t23:00<\/option>\n\t\t\t\t\t\t\t\t\t\t<option value=\"23:15\">\n\t\t\t\t\t\t\t\t\t\t\t23:15<\/option>\n\t\t\t\t\t\t\t\t\t\t<option value=\"23:30\">\n\t\t\t\t\t\t\t\t\t\t\t23:30<\/option>\n\t\t\t\t\t\t\t\t\t\t<option value=\"23:45\">\n\t\t\t\t\t\t\t\t\t\t\t23:45<\/option>\n\t\t\t\t\t\t\t\t\t\t\t\t\t\t\t\t\t\t\t<\/select>\n\t\t\t\t\t\t\t\t<\/div>\n\t\t\t\t\t\t\t<\/div>\n\t\t\t\t\t\t<\/div>\n\n\t\t\t\t\t<\/div>\n\t\t\t\t\n\n\t\t\t\t\t\t<div class=\"row\">\n                               <div class=\"col-sm-6\">\n\t\t\t\t\t\t\t\t<div class=\"form-group promo-code\">\n\t\t\t\t\t\t\t\t\t\t\t\t\t\t\t\t\t<label for=\"tipogrupo\" class=\"w-50 text-right pr-3 pt-1\">Group<\/label>\n\t\t\t\t\t\t\t\t\t<select name=\"tipogrupo\" id=\"tipogrupo\" class=\"form-control w-50\">\n\t\t\t\t\t\t\t\t\t<option value=\"0\">Voir tous<\/option>\n\t\t\t                        <option value=\"1\">Standard<\/option> \n\t\t\t\t\t\t\t\t\t<option value=\"2\">Automatique<\/option>  \n\t\t\t\t\t\t\t\t\t<option value=\"4\">Transporteurs<\/option>  \n\t\t\t\t\t\t\t\t\t<option value=\"5\">Cabriolet et Sport<\/option>  \n\t\t\t\t\t\t\t\t\t<option value=\"6\">Prestige<\/option>  \n\t\t\t\t\t\t\t\t\t<option value=\"8\">SUV<\/option>  \n\t\t\t\t\t\t\t\t\t<option value=\"10\">Camping car et Autocaravane<\/option>  \t\t\t\t\t\t\t\n\t\t\t\t\t\t\t\t<\/select>\t\n\t\t\t\t\t\t\t\t\t\n\t\t\t\t\t\t\t<\/div>\n\t\t\t\t\t\t\t<\/div>\n\t\t\t\t\t\t<div class=\"col-sm-6 align-self-end\">\n\t\t\t\t\t\t\t<div class=\"form-group\">\n\t\t\t\t\t\t\t\t<input type=\"submit\" class=\"btn-quote\" value=\"Voir les prix\" onclick=\"return msgAlert()\">\n\t\t\t\t\t\t\t<\/div>\n\t\t\t\t\t\t<\/div>\n\t\t\t\t\t<\/div>\n\t\t\t\t<\/form>\n\t\t\t\t<div class=\"row hide-mini-tablet advantages\">\n\t\t\t\t\t\t<div class=\"col-12\">\n\t\t\t\t\t\t\t<h4 class=\"text-center text-white\">TARIFS IMBATTABLES<\/h4>\n\t\t\t\t\t\t\t<ul>\n\t\t\t\t\t\t\t\t<li><strong>Grande flotte<\/strong> de voitures neuves.<\/li>\n\t\t\t\t\t\t\t\t<li><strong>Payez \u00e0 l'arriv\u00e9e<\/strong>.<\/li>\n\t\t\t\t\t\t\t\t<li>Ce que vous voyez est ce que vous payez.<\/li>\n\t\t\t\t\t\t\t\t<li><strong>Pas difficile \u00e0 vendre au bureau<\/strong>.<\/li>\n\t\t\t\t\t\t\t\t<li>Service de livraison VIP gratuit.<\/li>\n\t\t\t\t\t\t\t\t<li><strong class='redpassion-alt'>PAS DE FRAIS SUPPL\u00c9MENTAIRES<\/strong>, pour le service de ravitaillement.<\/li>\n\t\t\t\t\t\t\t<\/ul>\n\t\t\t\t\t\t<\/div>\n\t\t\t\t\t<\/div>\n\t\t\t\t<\/div>\n\t\t\t<br clear=\"all\">\n\n","protected":false},"excerpt":{"rendered":"<p>Peu importe la mani\u00e8re dont vous vous approchez de Granada, que ce soit en train ou en voiture, et de n&rsquo;importe quelle direction, lorsque vous vous rapprochez de Grenade, vous pouvez d\u00e9j\u00e0 percevoir de loin la majestueuse Sierra Nevada couronn\u00e9e par les plus hauts sommets de la p\u00e9ninsule sur l&rsquo;ancienne ville forteresse arabe, dont la [&hellip;]<\/p>\n","protected":false},"author":1,"featured_media":764,"comment_status":"open","ping_status":"open","sticky":false,"template":"","format":"standard","meta":{"footnotes":""},"categories":[43],"tags":[],"class_list":["post-763","post","type-post","status-publish","format-standard","has-post-thumbnail","hentry","category-astuces-de-voyage"],"yoast_head":"<!-- This site is optimized with the Yoast SEO plugin v28.4 - https:\/\/yoast.com\/product\/yoast-seo-wordpress\/ -->\n<title>Granada, la ville ensorcel\u00e9e, depuis M\u00e1laga - Blog de MalagaCar.com<\/title>\n<meta name=\"description\" content=\"Ressens le charme de Grenade : son h\u00e9ritage culturel, son h\u00e9ritage mauresque, ses quartiers charmants, les tapas et de vie dans les rues.\" \/>\n<meta name=\"robots\" content=\"index, follow, max-snippet:-1, max-image-preview:large, max-video-preview:-1\" \/>\n<link rel=\"canonical\" href=\"https:\/\/www.malagacar.com\/fr\/blog\/astuces-de-voyage\/granada-depuis-malaga\/\" \/>\n<meta property=\"og:locale\" content=\"fr_FR\" \/>\n<meta property=\"og:type\" content=\"article\" \/>\n<meta property=\"og:title\" content=\"Granada, la ville ensorcel\u00e9e, depuis M\u00e1laga - Blog de MalagaCar.com\" \/>\n<meta property=\"og:description\" content=\"Ressens le charme de Grenade : son h\u00e9ritage culturel, son h\u00e9ritage mauresque, ses quartiers charmants, les tapas et de vie dans les rues.\" \/>\n<meta property=\"og:url\" content=\"https:\/\/www.malagacar.com\/fr\/blog\/astuces-de-voyage\/granada-depuis-malaga\/\" \/>\n<meta property=\"og:site_name\" content=\"Blog de MalagaCar.com\" \/>\n<meta property=\"article:publisher\" content=\"https:\/\/www.facebook.com\/malagacar\" \/>\n<meta property=\"article:published_time\" content=\"2022-12-15T11:35:46+00:00\" \/>\n<meta property=\"article:modified_time\" content=\"2025-10-27T08:41:50+00:00\" \/>\n<meta property=\"og:image\" content=\"https:\/\/www.malagacar.com\/fr\/blog\/wp-content\/uploads\/2023\/10\/granada-malagacar.jpg\" \/>\n\t<meta property=\"og:image:width\" content=\"1200\" \/>\n\t<meta property=\"og:image:height\" content=\"741\" \/>\n\t<meta property=\"og:image:type\" content=\"image\/jpeg\" \/>\n<meta name=\"author\" content=\"MalagaCar.com\" \/>\n<meta name=\"twitter:card\" content=\"summary_large_image\" \/>\n<meta name=\"twitter:creator\" content=\"@malagacarcom\" \/>\n<meta name=\"twitter:site\" content=\"@malagacarcom\" \/>\n<meta name=\"twitter:label1\" content=\"\u00c9crit par\" \/>\n\t<meta name=\"twitter:data1\" content=\"MalagaCar.com\" \/>\n\t<meta name=\"twitter:label2\" content=\"Dur\u00e9e de lecture estim\u00e9e\" \/>\n\t<meta name=\"twitter:data2\" content=\"17 minutes\" \/>\n<script type=\"application\/ld+json\" class=\"yoast-schema-graph\">{\"@context\":\"https:\\\/\\\/schema.org\",\"@graph\":[{\"@type\":\"Article\",\"@id\":\"https:\\\/\\\/www.malagacar.com\\\/fr\\\/blog\\\/astuces-de-voyage\\\/granada-depuis-malaga\\\/#article\",\"isPartOf\":{\"@id\":\"https:\\\/\\\/www.malagacar.com\\\/fr\\\/blog\\\/astuces-de-voyage\\\/granada-depuis-malaga\\\/\"},\"author\":{\"name\":\"MalagaCar.com\",\"@id\":\"https:\\\/\\\/www.malagacar.com\\\/fr\\\/blog\\\/#\\\/schema\\\/person\\\/ffb97005d02bcc7d0bb59f5409635691\"},\"headline\":\"Granada, la ville ensorcel\u00e9e, depuis M\u00e1laga\",\"datePublished\":\"2022-12-15T11:35:46+00:00\",\"dateModified\":\"2025-10-27T08:41:50+00:00\",\"mainEntityOfPage\":{\"@id\":\"https:\\\/\\\/www.malagacar.com\\\/fr\\\/blog\\\/astuces-de-voyage\\\/granada-depuis-malaga\\\/\"},\"wordCount\":2629,\"commentCount\":0,\"publisher\":{\"@id\":\"https:\\\/\\\/www.malagacar.com\\\/fr\\\/blog\\\/#organization\"},\"image\":{\"@id\":\"https:\\\/\\\/www.malagacar.com\\\/fr\\\/blog\\\/astuces-de-voyage\\\/granada-depuis-malaga\\\/#primaryimage\"},\"thumbnailUrl\":\"https:\\\/\\\/www.malagacar.com\\\/fr\\\/blog\\\/wp-content\\\/uploads\\\/2023\\\/10\\\/granada-malagacar.jpg\",\"articleSection\":[\"Astuces de voyage\"],\"inLanguage\":\"fr-FR\",\"potentialAction\":[{\"@type\":\"CommentAction\",\"name\":\"Comment\",\"target\":[\"https:\\\/\\\/www.malagacar.com\\\/fr\\\/blog\\\/astuces-de-voyage\\\/granada-depuis-malaga\\\/#respond\"]}]},{\"@type\":\"WebPage\",\"@id\":\"https:\\\/\\\/www.malagacar.com\\\/fr\\\/blog\\\/astuces-de-voyage\\\/granada-depuis-malaga\\\/\",\"url\":\"https:\\\/\\\/www.malagacar.com\\\/fr\\\/blog\\\/astuces-de-voyage\\\/granada-depuis-malaga\\\/\",\"name\":\"Granada, la ville ensorcel\u00e9e, depuis M\u00e1laga - Blog de MalagaCar.com\",\"isPartOf\":{\"@id\":\"https:\\\/\\\/www.malagacar.com\\\/fr\\\/blog\\\/#website\"},\"primaryImageOfPage\":{\"@id\":\"https:\\\/\\\/www.malagacar.com\\\/fr\\\/blog\\\/astuces-de-voyage\\\/granada-depuis-malaga\\\/#primaryimage\"},\"image\":{\"@id\":\"https:\\\/\\\/www.malagacar.com\\\/fr\\\/blog\\\/astuces-de-voyage\\\/granada-depuis-malaga\\\/#primaryimage\"},\"thumbnailUrl\":\"https:\\\/\\\/www.malagacar.com\\\/fr\\\/blog\\\/wp-content\\\/uploads\\\/2023\\\/10\\\/granada-malagacar.jpg\",\"datePublished\":\"2022-12-15T11:35:46+00:00\",\"dateModified\":\"2025-10-27T08:41:50+00:00\",\"description\":\"Ressens le charme de Grenade : son h\u00e9ritage culturel, son h\u00e9ritage mauresque, ses quartiers charmants, les tapas et de vie dans les rues.\",\"breadcrumb\":{\"@id\":\"https:\\\/\\\/www.malagacar.com\\\/fr\\\/blog\\\/astuces-de-voyage\\\/granada-depuis-malaga\\\/#breadcrumb\"},\"inLanguage\":\"fr-FR\",\"potentialAction\":[{\"@type\":\"ReadAction\",\"target\":[\"https:\\\/\\\/www.malagacar.com\\\/fr\\\/blog\\\/astuces-de-voyage\\\/granada-depuis-malaga\\\/\"]}]},{\"@type\":\"ImageObject\",\"inLanguage\":\"fr-FR\",\"@id\":\"https:\\\/\\\/www.malagacar.com\\\/fr\\\/blog\\\/astuces-de-voyage\\\/granada-depuis-malaga\\\/#primaryimage\",\"url\":\"https:\\\/\\\/www.malagacar.com\\\/fr\\\/blog\\\/wp-content\\\/uploads\\\/2023\\\/10\\\/granada-malagacar.jpg\",\"contentUrl\":\"https:\\\/\\\/www.malagacar.com\\\/fr\\\/blog\\\/wp-content\\\/uploads\\\/2023\\\/10\\\/granada-malagacar.jpg\",\"width\":1200,\"height\":741,\"caption\":\"Grenade depuis Malaga\"},{\"@type\":\"BreadcrumbList\",\"@id\":\"https:\\\/\\\/www.malagacar.com\\\/fr\\\/blog\\\/astuces-de-voyage\\\/granada-depuis-malaga\\\/#breadcrumb\",\"itemListElement\":[{\"@type\":\"ListItem\",\"position\":1,\"name\":\"Accueil\",\"item\":\"https:\\\/\\\/www.malagacar.com\\\/fr\\\/blog\\\/\"},{\"@type\":\"ListItem\",\"position\":2,\"name\":\"Granada, la ville ensorcel\u00e9e, depuis M\u00e1laga\"}]},{\"@type\":\"WebSite\",\"@id\":\"https:\\\/\\\/www.malagacar.com\\\/fr\\\/blog\\\/#website\",\"url\":\"https:\\\/\\\/www.malagacar.com\\\/fr\\\/blog\\\/\",\"name\":\"Blog de MalagaCar.com\",\"description\":\"Nouvelles et informations int\u00e9ressantes sur la location de voitures \u00e0 l&#039;a\u00e9roport de Malaga.\",\"publisher\":{\"@id\":\"https:\\\/\\\/www.malagacar.com\\\/fr\\\/blog\\\/#organization\"},\"potentialAction\":[{\"@type\":\"SearchAction\",\"target\":{\"@type\":\"EntryPoint\",\"urlTemplate\":\"https:\\\/\\\/www.malagacar.com\\\/fr\\\/blog\\\/?s={search_term_string}\"},\"query-input\":{\"@type\":\"PropertyValueSpecification\",\"valueRequired\":true,\"valueName\":\"search_term_string\"}}],\"inLanguage\":\"fr-FR\"},{\"@type\":\"Organization\",\"@id\":\"https:\\\/\\\/www.malagacar.com\\\/fr\\\/blog\\\/#organization\",\"name\":\"MalagaCar.com\",\"url\":\"https:\\\/\\\/www.malagacar.com\\\/fr\\\/blog\\\/\",\"logo\":{\"@type\":\"ImageObject\",\"inLanguage\":\"fr-FR\",\"@id\":\"https:\\\/\\\/www.malagacar.com\\\/fr\\\/blog\\\/#\\\/schema\\\/logo\\\/image\\\/\",\"url\":\"https:\\\/\\\/www.malagacar.com\\\/fr\\\/blog\\\/wp-content\\\/uploads\\\/2021\\\/06\\\/logo-malagacar-social.png\",\"contentUrl\":\"https:\\\/\\\/www.malagacar.com\\\/fr\\\/blog\\\/wp-content\\\/uploads\\\/2021\\\/06\\\/logo-malagacar-social.png\",\"width\":900,\"height\":900,\"caption\":\"MalagaCar.com\"},\"image\":{\"@id\":\"https:\\\/\\\/www.malagacar.com\\\/fr\\\/blog\\\/#\\\/schema\\\/logo\\\/image\\\/\"},\"sameAs\":[\"https:\\\/\\\/www.facebook.com\\\/malagacar\",\"https:\\\/\\\/x.com\\\/malagacarcom\",\"https:\\\/\\\/www.instagram.com\\\/malagacar\\\/\",\"https:\\\/\\\/www.linkedin.com\\\/company\\\/malagacar.com\",\"https:\\\/\\\/www.youtube.com\\\/c\\\/MalagacarAirport\"]},{\"@type\":\"Person\",\"@id\":\"https:\\\/\\\/www.malagacar.com\\\/fr\\\/blog\\\/#\\\/schema\\\/person\\\/ffb97005d02bcc7d0bb59f5409635691\",\"name\":\"MalagaCar.com\",\"image\":{\"@type\":\"ImageObject\",\"inLanguage\":\"fr-FR\",\"@id\":\"https:\\\/\\\/secure.gravatar.com\\\/avatar\\\/296ebc31026e7be05868369e4c596b3239b1582b2fcf8a45de57333e2e82bb82?s=96&d=mm&r=g\",\"url\":\"https:\\\/\\\/secure.gravatar.com\\\/avatar\\\/296ebc31026e7be05868369e4c596b3239b1582b2fcf8a45de57333e2e82bb82?s=96&d=mm&r=g\",\"contentUrl\":\"https:\\\/\\\/secure.gravatar.com\\\/avatar\\\/296ebc31026e7be05868369e4c596b3239b1582b2fcf8a45de57333e2e82bb82?s=96&d=mm&r=g\",\"caption\":\"MalagaCar.com\"},\"sameAs\":[\"https:\\\/\\\/www.malagacar.com\\\/fr\\\/blog\"]}]}<\/script>\n<!-- \/ Yoast SEO plugin. -->","yoast_head_json":{"title":"Granada, la ville ensorcel\u00e9e, depuis M\u00e1laga - Blog de MalagaCar.com","description":"Ressens le charme de Grenade : son h\u00e9ritage culturel, son h\u00e9ritage mauresque, ses quartiers charmants, les tapas et de vie dans les rues.","robots":{"index":"index","follow":"follow","max-snippet":"max-snippet:-1","max-image-preview":"max-image-preview:large","max-video-preview":"max-video-preview:-1"},"canonical":"https:\/\/www.malagacar.com\/fr\/blog\/astuces-de-voyage\/granada-depuis-malaga\/","og_locale":"fr_FR","og_type":"article","og_title":"Granada, la ville ensorcel\u00e9e, depuis M\u00e1laga - Blog de MalagaCar.com","og_description":"Ressens le charme de Grenade : son h\u00e9ritage culturel, son h\u00e9ritage mauresque, ses quartiers charmants, les tapas et de vie dans les rues.","og_url":"https:\/\/www.malagacar.com\/fr\/blog\/astuces-de-voyage\/granada-depuis-malaga\/","og_site_name":"Blog de MalagaCar.com","article_publisher":"https:\/\/www.facebook.com\/malagacar","article_published_time":"2022-12-15T11:35:46+00:00","article_modified_time":"2025-10-27T08:41:50+00:00","og_image":[{"width":1200,"height":741,"url":"https:\/\/www.malagacar.com\/fr\/blog\/wp-content\/uploads\/2023\/10\/granada-malagacar.jpg","type":"image\/jpeg"}],"author":"MalagaCar.com","twitter_card":"summary_large_image","twitter_creator":"@malagacarcom","twitter_site":"@malagacarcom","twitter_misc":{"\u00c9crit par":"MalagaCar.com","Dur\u00e9e de lecture estim\u00e9e":"17 minutes"},"schema":{"@context":"https:\/\/schema.org","@graph":[{"@type":"Article","@id":"https:\/\/www.malagacar.com\/fr\/blog\/astuces-de-voyage\/granada-depuis-malaga\/#article","isPartOf":{"@id":"https:\/\/www.malagacar.com\/fr\/blog\/astuces-de-voyage\/granada-depuis-malaga\/"},"author":{"name":"MalagaCar.com","@id":"https:\/\/www.malagacar.com\/fr\/blog\/#\/schema\/person\/ffb97005d02bcc7d0bb59f5409635691"},"headline":"Granada, la ville ensorcel\u00e9e, depuis M\u00e1laga","datePublished":"2022-12-15T11:35:46+00:00","dateModified":"2025-10-27T08:41:50+00:00","mainEntityOfPage":{"@id":"https:\/\/www.malagacar.com\/fr\/blog\/astuces-de-voyage\/granada-depuis-malaga\/"},"wordCount":2629,"commentCount":0,"publisher":{"@id":"https:\/\/www.malagacar.com\/fr\/blog\/#organization"},"image":{"@id":"https:\/\/www.malagacar.com\/fr\/blog\/astuces-de-voyage\/granada-depuis-malaga\/#primaryimage"},"thumbnailUrl":"https:\/\/www.malagacar.com\/fr\/blog\/wp-content\/uploads\/2023\/10\/granada-malagacar.jpg","articleSection":["Astuces de voyage"],"inLanguage":"fr-FR","potentialAction":[{"@type":"CommentAction","name":"Comment","target":["https:\/\/www.malagacar.com\/fr\/blog\/astuces-de-voyage\/granada-depuis-malaga\/#respond"]}]},{"@type":"WebPage","@id":"https:\/\/www.malagacar.com\/fr\/blog\/astuces-de-voyage\/granada-depuis-malaga\/","url":"https:\/\/www.malagacar.com\/fr\/blog\/astuces-de-voyage\/granada-depuis-malaga\/","name":"Granada, la ville ensorcel\u00e9e, depuis M\u00e1laga - Blog de MalagaCar.com","isPartOf":{"@id":"https:\/\/www.malagacar.com\/fr\/blog\/#website"},"primaryImageOfPage":{"@id":"https:\/\/www.malagacar.com\/fr\/blog\/astuces-de-voyage\/granada-depuis-malaga\/#primaryimage"},"image":{"@id":"https:\/\/www.malagacar.com\/fr\/blog\/astuces-de-voyage\/granada-depuis-malaga\/#primaryimage"},"thumbnailUrl":"https:\/\/www.malagacar.com\/fr\/blog\/wp-content\/uploads\/2023\/10\/granada-malagacar.jpg","datePublished":"2022-12-15T11:35:46+00:00","dateModified":"2025-10-27T08:41:50+00:00","description":"Ressens le charme de Grenade : son h\u00e9ritage culturel, son h\u00e9ritage mauresque, ses quartiers charmants, les tapas et de vie dans les rues.","breadcrumb":{"@id":"https:\/\/www.malagacar.com\/fr\/blog\/astuces-de-voyage\/granada-depuis-malaga\/#breadcrumb"},"inLanguage":"fr-FR","potentialAction":[{"@type":"ReadAction","target":["https:\/\/www.malagacar.com\/fr\/blog\/astuces-de-voyage\/granada-depuis-malaga\/"]}]},{"@type":"ImageObject","inLanguage":"fr-FR","@id":"https:\/\/www.malagacar.com\/fr\/blog\/astuces-de-voyage\/granada-depuis-malaga\/#primaryimage","url":"https:\/\/www.malagacar.com\/fr\/blog\/wp-content\/uploads\/2023\/10\/granada-malagacar.jpg","contentUrl":"https:\/\/www.malagacar.com\/fr\/blog\/wp-content\/uploads\/2023\/10\/granada-malagacar.jpg","width":1200,"height":741,"caption":"Grenade depuis Malaga"},{"@type":"BreadcrumbList","@id":"https:\/\/www.malagacar.com\/fr\/blog\/astuces-de-voyage\/granada-depuis-malaga\/#breadcrumb","itemListElement":[{"@type":"ListItem","position":1,"name":"Accueil","item":"https:\/\/www.malagacar.com\/fr\/blog\/"},{"@type":"ListItem","position":2,"name":"Granada, la ville ensorcel\u00e9e, depuis M\u00e1laga"}]},{"@type":"WebSite","@id":"https:\/\/www.malagacar.com\/fr\/blog\/#website","url":"https:\/\/www.malagacar.com\/fr\/blog\/","name":"Blog de MalagaCar.com","description":"Nouvelles et informations int\u00e9ressantes sur la location de voitures \u00e0 l&#039;a\u00e9roport de Malaga.","publisher":{"@id":"https:\/\/www.malagacar.com\/fr\/blog\/#organization"},"potentialAction":[{"@type":"SearchAction","target":{"@type":"EntryPoint","urlTemplate":"https:\/\/www.malagacar.com\/fr\/blog\/?s={search_term_string}"},"query-input":{"@type":"PropertyValueSpecification","valueRequired":true,"valueName":"search_term_string"}}],"inLanguage":"fr-FR"},{"@type":"Organization","@id":"https:\/\/www.malagacar.com\/fr\/blog\/#organization","name":"MalagaCar.com","url":"https:\/\/www.malagacar.com\/fr\/blog\/","logo":{"@type":"ImageObject","inLanguage":"fr-FR","@id":"https:\/\/www.malagacar.com\/fr\/blog\/#\/schema\/logo\/image\/","url":"https:\/\/www.malagacar.com\/fr\/blog\/wp-content\/uploads\/2021\/06\/logo-malagacar-social.png","contentUrl":"https:\/\/www.malagacar.com\/fr\/blog\/wp-content\/uploads\/2021\/06\/logo-malagacar-social.png","width":900,"height":900,"caption":"MalagaCar.com"},"image":{"@id":"https:\/\/www.malagacar.com\/fr\/blog\/#\/schema\/logo\/image\/"},"sameAs":["https:\/\/www.facebook.com\/malagacar","https:\/\/x.com\/malagacarcom","https:\/\/www.instagram.com\/malagacar\/","https:\/\/www.linkedin.com\/company\/malagacar.com","https:\/\/www.youtube.com\/c\/MalagacarAirport"]},{"@type":"Person","@id":"https:\/\/www.malagacar.com\/fr\/blog\/#\/schema\/person\/ffb97005d02bcc7d0bb59f5409635691","name":"MalagaCar.com","image":{"@type":"ImageObject","inLanguage":"fr-FR","@id":"https:\/\/secure.gravatar.com\/avatar\/296ebc31026e7be05868369e4c596b3239b1582b2fcf8a45de57333e2e82bb82?s=96&d=mm&r=g","url":"https:\/\/secure.gravatar.com\/avatar\/296ebc31026e7be05868369e4c596b3239b1582b2fcf8a45de57333e2e82bb82?s=96&d=mm&r=g","contentUrl":"https:\/\/secure.gravatar.com\/avatar\/296ebc31026e7be05868369e4c596b3239b1582b2fcf8a45de57333e2e82bb82?s=96&d=mm&r=g","caption":"MalagaCar.com"},"sameAs":["https:\/\/www.malagacar.com\/fr\/blog"]}]}},"_links":{"self":[{"href":"https:\/\/www.malagacar.com\/fr\/blog\/wp-json\/wp\/v2\/posts\/763","targetHints":{"allow":["GET"]}}],"collection":[{"href":"https:\/\/www.malagacar.com\/fr\/blog\/wp-json\/wp\/v2\/posts"}],"about":[{"href":"https:\/\/www.malagacar.com\/fr\/blog\/wp-json\/wp\/v2\/types\/post"}],"author":[{"embeddable":true,"href":"https:\/\/www.malagacar.com\/fr\/blog\/wp-json\/wp\/v2\/users\/1"}],"replies":[{"embeddable":true,"href":"https:\/\/www.malagacar.com\/fr\/blog\/wp-json\/wp\/v2\/comments?post=763"}],"version-history":[{"count":4,"href":"https:\/\/www.malagacar.com\/fr\/blog\/wp-json\/wp\/v2\/posts\/763\/revisions"}],"predecessor-version":[{"id":2912,"href":"https:\/\/www.malagacar.com\/fr\/blog\/wp-json\/wp\/v2\/posts\/763\/revisions\/2912"}],"wp:featuredmedia":[{"embeddable":true,"href":"https:\/\/www.malagacar.com\/fr\/blog\/wp-json\/wp\/v2\/media\/764"}],"wp:attachment":[{"href":"https:\/\/www.malagacar.com\/fr\/blog\/wp-json\/wp\/v2\/media?parent=763"}],"wp:term":[{"taxonomy":"category","embeddable":true,"href":"https:\/\/www.malagacar.com\/fr\/blog\/wp-json\/wp\/v2\/categories?post=763"},{"taxonomy":"post_tag","embeddable":true,"href":"https:\/\/www.malagacar.com\/fr\/blog\/wp-json\/wp\/v2\/tags?post=763"}],"curies":[{"name":"wp","href":"https:\/\/api.w.org\/{rel}","templated":true}]}}