{"id":766,"date":"2023-01-23T11:25:18","date_gmt":"2023-01-23T10:25:18","guid":{"rendered":"https:\/\/www.malagacar.com\/fr\/blog\/?p=766"},"modified":"2023-11-02T12:41:28","modified_gmt":"2023-11-02T11:41:28","slug":"visiter-nerja","status":"publish","type":"post","link":"https:\/\/www.malagacar.com\/fr\/blog\/astuces-de-voyage\/visiter-nerja\/","title":{"rendered":"Visiter Nerja &#8211; Un joyau de la Costa del Sol"},"content":{"rendered":"<p>Nerja, l&rsquo;une des stations touristiques les plus importantes de la Costa del Sol, est situ\u00e9e dans la partie la plus orientale de la province. Cependant, cette municipalit\u00e9 poss\u00e8de un charme tr\u00e8s sp\u00e9cial qui la distingue du tourisme sur la Costa del Sol occidentale.<\/p>\n<p>Situ\u00e9e aux contreforts des hautes montagnes de la Sierra Tejeda, de l&rsquo;Axarqu\u00eda, toute la r\u00e9gion b\u00e9n\u00e9ficie d&rsquo;une beaut\u00e9 paysag\u00e8re unique, avec certaines des criques les plus charmantes, le Parc Naturel des falaises de Maro ou les c\u00e9l\u00e8bres Grottes de Nerja.<\/p>\n<p>D\u00e9couvrez tout ce que vous pouvez faire lors de votre visite dans l&rsquo;un des plus beaux villages c\u00f4tiers de la Costa del Sol.<br \/>\n<!--more--><br \/>\n\n            <div class=\"banner\">\n                <div class=\"row\">\n                    <div class=\"col-sm-4\">\n                        <a href=\"\/fr\/location-de-voitures\/quote.php\" data-wpel-link=\"internal\"><img decoding=\"async\" src=\"\/images\/banner-img.jpg\" alt=\"malagacar.com\"><\/a>\n                    <\/div>\n                    <div class=\"col-sm-8\">\n                      <a href=\"\/fr\/location-de-voitures\/quote.php\" class=\"banner-title\" data-wpel-link=\"internal\">Meilleure location de voitures <div>\u00e0 l'a\u00e9roport de Malaga<\/div><\/a>   \n                        <div class=\"row\">\n                            <div class=\"col-sm-7\">\n                                <ul>\n                                    <li>Pas de frais de ravitaillement<\/li>\n                                    <li>Annulation gratuite<\/li>\n                                    <li>Location sans interm\u00e9diaire<\/li>\n                                    <li>Payez lorsque vous prenez la voiture<\/li>\n                                    <li><\/li>\n                                <\/ul>\n                            <\/div>\n                            <div class=\"col-sm-5\">\n                                <a class=\"btn-banner\" href=\"\/fr\/location-de-voitures\/quote.php\" data-wpel-link=\"internal\">Consultez les prix<\/a>\n                                <img decoding=\"async\" class=\"zonturent\" src=\"\/images\/zontu-banner.png\" alt=\"\">\n                            <\/div>\n                        <\/div>\n                    <\/div>\n                 <\/div>  \n            <\/div>\n            <\/p>\n<div id=\"ez-toc-container\" class=\"ez-toc-v2_0_87 counter-hierarchy ez-toc-counter ez-toc-light-blue ez-toc-container-direction\">\n<p class=\"ez-toc-title\" style=\"cursor:inherit\">Table des mati\u00e8res<\/p>\n<label for=\"ez-toc-cssicon-toggle-item-6a9a317379f10\" class=\"ez-toc-cssicon-toggle-label\"><span class=\"\"><span class=\"eztoc-hide\" style=\"display:none;\">Toggle<\/span><span class=\"ez-toc-icon-toggle-span\"><svg style=\"fill: #999;color:#999\" xmlns=\"http:\/\/www.w3.org\/2000\/svg\" class=\"list-377408\" width=\"20px\" height=\"20px\" viewBox=\"0 0 24 24\" fill=\"none\"><path d=\"M6 6H4v2h2V6zm14 0H8v2h12V6zM4 11h2v2H4v-2zm16 0H8v2h12v-2zM4 16h2v2H4v-2zm16 0H8v2h12v-2z\" fill=\"currentColor\"><\/path><\/svg><svg style=\"fill: #999;color:#999\" class=\"arrow-unsorted-368013\" xmlns=\"http:\/\/www.w3.org\/2000\/svg\" width=\"10px\" height=\"10px\" viewBox=\"0 0 24 24\" version=\"1.2\" baseProfile=\"tiny\"><path d=\"M18.2 9.3l-6.2-6.3-6.2 6.3c-.2.2-.3.4-.3.7s.1.5.3.7c.2.2.4.3.7.3h11c.3 0 .5-.1.7-.3.2-.2.3-.5.3-.7s-.1-.5-.3-.7zM5.8 14.7l6.2 6.3 6.2-6.3c.2-.2.3-.5.3-.7s-.1-.5-.3-.7c-.2-.2-.4-.3-.7-.3h-11c-.3 0-.5.1-.7.3-.2.2-.3.5-.3.7s.1.5.3.7z\"\/><\/svg><\/span><\/span><\/label><input type=\"checkbox\"  id=\"ez-toc-cssicon-toggle-item-6a9a317379f10\"  aria-label=\"Toggle\" \/><nav><ul class='ez-toc-list ez-toc-list-level-1 ' ><li class='ez-toc-page-1 ez-toc-heading-level-2'><a class=\"ez-toc-link ez-toc-heading-1\" href=\"https:\/\/www.malagacar.com\/fr\/blog\/astuces-de-voyage\/visiter-nerja\/#Les_plages_de_Nerja\" data-wpel-link=\"internal\">Les plages de Nerja<\/a><ul class='ez-toc-list-level-3' ><li class='ez-toc-heading-level-3'><a class=\"ez-toc-link ez-toc-heading-2\" href=\"https:\/\/www.malagacar.com\/fr\/blog\/astuces-de-voyage\/visiter-nerja\/#Plage_du_Salon\" data-wpel-link=\"internal\">Plage du Salon<\/a><\/li><li class='ez-toc-page-1 ez-toc-heading-level-3'><a class=\"ez-toc-link ez-toc-heading-3\" href=\"https:\/\/www.malagacar.com\/fr\/blog\/astuces-de-voyage\/visiter-nerja\/#Plage_de_Carabeo\" data-wpel-link=\"internal\">Plage de Carabeo<\/a><\/li><li class='ez-toc-page-1 ez-toc-heading-level-3'><a class=\"ez-toc-link ez-toc-heading-4\" href=\"https:\/\/www.malagacar.com\/fr\/blog\/astuces-de-voyage\/visiter-nerja\/#Plage_de_Burriana\" data-wpel-link=\"internal\">Plage de Burriana<\/a><\/li><li class='ez-toc-page-1 ez-toc-heading-level-3'><a class=\"ez-toc-link ez-toc-heading-5\" href=\"https:\/\/www.malagacar.com\/fr\/blog\/astuces-de-voyage\/visiter-nerja\/#Plage_de_Carabeillo\" data-wpel-link=\"internal\">Plage de Carabeillo<\/a><\/li><li class='ez-toc-page-1 ez-toc-heading-level-3'><a class=\"ez-toc-link ez-toc-heading-6\" href=\"https:\/\/www.malagacar.com\/fr\/blog\/astuces-de-voyage\/visiter-nerja\/#Plage_Playazo\" data-wpel-link=\"internal\">Plage Playazo<\/a><\/li><li class='ez-toc-page-1 ez-toc-heading-level-3'><a class=\"ez-toc-link ez-toc-heading-7\" href=\"https:\/\/www.malagacar.com\/fr\/blog\/astuces-de-voyage\/visiter-nerja\/#Plage_des_Alberquillas\" data-wpel-link=\"internal\">Plage des Alberquillas<\/a><\/li><li class='ez-toc-page-1 ez-toc-heading-level-3'><a class=\"ez-toc-link ez-toc-heading-8\" href=\"https:\/\/www.malagacar.com\/fr\/blog\/astuces-de-voyage\/visiter-nerja\/#Plage_El_Canuelo\" data-wpel-link=\"internal\">Plage El Ca\u00f1uelo<\/a><\/li><li class='ez-toc-page-1 ez-toc-heading-level-3'><a class=\"ez-toc-link ez-toc-heading-9\" href=\"https:\/\/www.malagacar.com\/fr\/blog\/astuces-de-voyage\/visiter-nerja\/#Crique_du_Pin\" data-wpel-link=\"internal\">Crique du Pin<\/a><\/li><li class='ez-toc-page-1 ez-toc-heading-level-3'><a class=\"ez-toc-link ez-toc-heading-10\" href=\"https:\/\/www.malagacar.com\/fr\/blog\/astuces-de-voyage\/visiter-nerja\/#La_Caleta\" data-wpel-link=\"internal\">La Caleta<\/a><\/li><li class='ez-toc-page-1 ez-toc-heading-level-3'><a class=\"ez-toc-link ez-toc-heading-11\" href=\"https:\/\/www.malagacar.com\/fr\/blog\/astuces-de-voyage\/visiter-nerja\/#Plage_de_Maro\" data-wpel-link=\"internal\">Plage de Maro<\/a><\/li><li class='ez-toc-page-1 ez-toc-heading-level-3'><a class=\"ez-toc-link ez-toc-heading-12\" href=\"https:\/\/www.malagacar.com\/fr\/blog\/astuces-de-voyage\/visiter-nerja\/#Molino_de_Papel\" data-wpel-link=\"internal\">Molino de Papel<\/a><\/li><\/ul><\/li><li class='ez-toc-page-1 ez-toc-heading-level-2'><a class=\"ez-toc-link ez-toc-heading-13\" href=\"https:\/\/www.malagacar.com\/fr\/blog\/astuces-de-voyage\/visiter-nerja\/#Reserve_naturelle_des_falaises_de_Maro-Cerro_Gordo\" data-wpel-link=\"internal\">R\u00e9serve naturelle des falaises de Maro-Cerro Gordo<\/a><\/li><li class='ez-toc-page-1 ez-toc-heading-level-2'><a class=\"ez-toc-link ez-toc-heading-14\" href=\"https:\/\/www.malagacar.com\/fr\/blog\/astuces-de-voyage\/visiter-nerja\/#Chaines_de_Tejeda_Almijara_et_Alhama\" data-wpel-link=\"internal\">Cha\u00eenes de Tejeda, Almijara et Alhama<\/a><\/li><li class='ez-toc-page-1 ez-toc-heading-level-2'><a class=\"ez-toc-link ez-toc-heading-15\" href=\"https:\/\/www.malagacar.com\/fr\/blog\/astuces-de-voyage\/visiter-nerja\/#Que_faire_a_Nerja\" data-wpel-link=\"internal\">Que faire \u00e0 Nerja<\/a><ul class='ez-toc-list-level-3' ><li class='ez-toc-heading-level-3'><a class=\"ez-toc-link ez-toc-heading-16\" href=\"https:\/\/www.malagacar.com\/fr\/blog\/astuces-de-voyage\/visiter-nerja\/#Parcours_le_long_de_la_riviere_Chillar\" data-wpel-link=\"internal\">Parcours le long de la rivi\u00e8re Chillar<\/a><\/li><\/ul><\/li><li class='ez-toc-page-1 ez-toc-heading-level-2'><a class=\"ez-toc-link ez-toc-heading-17\" href=\"https:\/\/www.malagacar.com\/fr\/blog\/astuces-de-voyage\/visiter-nerja\/#Les_montagnes_de_Tejeda_Almijara_et_Alhama\" data-wpel-link=\"internal\">Les montagnes de Tejeda, Almijara et Alhama<\/a><\/li><li class='ez-toc-page-1 ez-toc-heading-level-2'><a class=\"ez-toc-link ez-toc-heading-18\" href=\"https:\/\/www.malagacar.com\/fr\/blog\/astuces-de-voyage\/visiter-nerja\/#Que_faire_a_Nerja-2\" data-wpel-link=\"internal\">Que faire \u00e0 Nerja<\/a><ul class='ez-toc-list-level-3' ><li class='ez-toc-heading-level-3'><a class=\"ez-toc-link ez-toc-heading-19\" href=\"https:\/\/www.malagacar.com\/fr\/blog\/astuces-de-voyage\/visiter-nerja\/#Randonnee_le_long_de_la_riviere_Chillar\" data-wpel-link=\"internal\">Randonn\u00e9e le long de la rivi\u00e8re Chillar<\/a><\/li><\/ul><\/li><li class='ez-toc-page-1 ez-toc-heading-level-2'><a class=\"ez-toc-link ez-toc-heading-20\" href=\"https:\/\/www.malagacar.com\/fr\/blog\/astuces-de-voyage\/visiter-nerja\/#Les_montagnes_de_Tejeda_Almijara_et_Alhama-2\" data-wpel-link=\"internal\">Les montagnes de Tejeda, Almijara et Alhama<\/a><\/li><li class='ez-toc-page-1 ez-toc-heading-level-2'><a class=\"ez-toc-link ez-toc-heading-21\" href=\"https:\/\/www.malagacar.com\/fr\/blog\/astuces-de-voyage\/visiter-nerja\/#Que_faire_a_Nerja-3\" data-wpel-link=\"internal\">Que faire \u00e0 Nerja<\/a><ul class='ez-toc-list-level-3' ><li class='ez-toc-heading-level-3'><a class=\"ez-toc-link ez-toc-heading-22\" href=\"https:\/\/www.malagacar.com\/fr\/blog\/astuces-de-voyage\/visiter-nerja\/#Randonnee_le_long_de_la_riviere_Chillar-2\" data-wpel-link=\"internal\">Randonn\u00e9e le long de la rivi\u00e8re Chillar<\/a><\/li><li class='ez-toc-page-1 ez-toc-heading-level-3'><a class=\"ez-toc-link ez-toc-heading-23\" href=\"https:\/\/www.malagacar.com\/fr\/blog\/astuces-de-voyage\/visiter-nerja\/#Yoga_a_Nerja\" data-wpel-link=\"internal\">Yoga \u00e0 Nerja<\/a><\/li><li class='ez-toc-page-1 ez-toc-heading-level-3'><a class=\"ez-toc-link ez-toc-heading-24\" href=\"https:\/\/www.malagacar.com\/fr\/blog\/astuces-de-voyage\/visiter-nerja\/#Sports_nautiques_a_Nerja\" data-wpel-link=\"internal\">Sports nautiques \u00e0 Nerja<\/a><\/li><\/ul><\/li><li class='ez-toc-page-1 ez-toc-heading-level-2'><a class=\"ez-toc-link ez-toc-heading-25\" href=\"https:\/\/www.malagacar.com\/fr\/blog\/astuces-de-voyage\/visiter-nerja\/#Que_voir_et_faire_a_Nerja\" data-wpel-link=\"internal\">Que voir et faire \u00e0 Nerja<\/a><ul class='ez-toc-list-level-3' ><li class='ez-toc-heading-level-3'><a class=\"ez-toc-link ez-toc-heading-26\" href=\"https:\/\/www.malagacar.com\/fr\/blog\/astuces-de-voyage\/visiter-nerja\/#Grotte_de_Nerja\" data-wpel-link=\"internal\">Grotte de Nerja<\/a><\/li><li class='ez-toc-page-1 ez-toc-heading-level-3'><a class=\"ez-toc-link ez-toc-heading-27\" href=\"https:\/\/www.malagacar.com\/fr\/blog\/astuces-de-voyage\/visiter-nerja\/#Festival_de_la_Grotte_de_Nerja\" data-wpel-link=\"internal\">Festival de la Grotte de Nerja<\/a><\/li><li class='ez-toc-page-1 ez-toc-heading-level-3'><a class=\"ez-toc-link ez-toc-heading-28\" href=\"https:\/\/www.malagacar.com\/fr\/blog\/astuces-de-voyage\/visiter-nerja\/#Aqueduc_de_lAigle\" data-wpel-link=\"internal\">Aqueduc de l&rsquo;Aigle<\/a><\/li><li class='ez-toc-page-1 ez-toc-heading-level-3'><a class=\"ez-toc-link ez-toc-heading-29\" href=\"https:\/\/www.malagacar.com\/fr\/blog\/astuces-de-voyage\/visiter-nerja\/#Musee_de_Nerja\" data-wpel-link=\"internal\">Mus\u00e9e de Nerja<\/a><\/li><li class='ez-toc-page-1 ez-toc-heading-level-3'><a class=\"ez-toc-link ez-toc-heading-30\" href=\"https:\/\/www.malagacar.com\/fr\/blog\/astuces-de-voyage\/visiter-nerja\/#Balcon_de_lEurope\" data-wpel-link=\"internal\">Balcon de l&rsquo;Europe<\/a><\/li><li class='ez-toc-page-1 ez-toc-heading-level-3'><a class=\"ez-toc-link ez-toc-heading-31\" href=\"https:\/\/www.malagacar.com\/fr\/blog\/astuces-de-voyage\/visiter-nerja\/#Frigiliana_le_balcon_sur_la_mer\" data-wpel-link=\"internal\">Frigiliana, le balcon sur la mer<\/a><\/li><li class='ez-toc-page-1 ez-toc-heading-level-3'><a class=\"ez-toc-link ez-toc-heading-32\" href=\"https:\/\/www.malagacar.com\/fr\/blog\/astuces-de-voyage\/visiter-nerja\/#Marches_a_Nerja\" data-wpel-link=\"internal\">March\u00e9s \u00e0 Nerja<\/a><\/li><\/ul><\/li><li class='ez-toc-page-1 ez-toc-heading-level-2'><a class=\"ez-toc-link ez-toc-heading-33\" href=\"https:\/\/www.malagacar.com\/fr\/blog\/astuces-de-voyage\/visiter-nerja\/#Nerja_tout_au_long_de_lannee\" data-wpel-link=\"internal\">Nerja tout au long de l&rsquo;ann\u00e9e<\/a><\/li><li class='ez-toc-page-1 ez-toc-heading-level-2'><a class=\"ez-toc-link ez-toc-heading-34\" href=\"https:\/\/www.malagacar.com\/fr\/blog\/astuces-de-voyage\/visiter-nerja\/#Carte_interactive_de_Nerja\" data-wpel-link=\"internal\">Carte interactive de Nerja<\/a><\/li><li class='ez-toc-page-1 ez-toc-heading-level-2'><a class=\"ez-toc-link ez-toc-heading-35\" href=\"https:\/\/www.malagacar.com\/fr\/blog\/astuces-de-voyage\/visiter-nerja\/#Comment_se_rendre_a_Nerja\" data-wpel-link=\"internal\">Comment se rendre \u00e0 Nerja<\/a><ul class='ez-toc-list-level-3' ><li class='ez-toc-heading-level-3'><a class=\"ez-toc-link ez-toc-heading-36\" href=\"https:\/\/www.malagacar.com\/fr\/blog\/astuces-de-voyage\/visiter-nerja\/#Transport_public\" data-wpel-link=\"internal\">Transport public<\/a><\/li><li class='ez-toc-page-1 ez-toc-heading-level-3'><a class=\"ez-toc-link ez-toc-heading-37\" href=\"https:\/\/www.malagacar.com\/fr\/blog\/astuces-de-voyage\/visiter-nerja\/#Location_de_voitures_et_transferts\" data-wpel-link=\"internal\">Location de voitures et transferts<\/a><\/li><\/ul><\/li><\/ul><\/nav><\/div>\n<h2><span class=\"ez-toc-section\" id=\"Les_plages_de_Nerja\"><\/span>Les plages de Nerja<span class=\"ez-toc-section-end\"><\/span><\/h2>\n<figure id=\"attachment_14773\" aria-describedby=\"caption-attachment-14773\" style=\"width: 702px\" class=\"wp-caption alignnone\"><img loading=\"lazy\" decoding=\"async\" class=\" wp-image-14773\" src=\"https:\/\/www.malagacar.com\/sp\/blog\/wp-content\/uploads\/2023\/01\/Playas-Nerja-Foto-@nerjaturismo.jpg\" alt=\"Playas Nerja \" width=\"702\" height=\"686\" \/><figcaption id=\"caption-attachment-14773\" class=\"wp-caption-text\">Foto @nerjaturismo<\/figcaption><\/figure>\n<p>Comme mentionn\u00e9 pr\u00e9c\u00e9demment, la situation g\u00e9ographique conf\u00e8re aux plages de Nerja un charme tr\u00e8s sp\u00e9cial qui fait d\u00e9faut aux vastes plages de la Costa del Sol occidentale : ce sont principalement des criques entour\u00e9es de formations rocheuses.<\/p>\n<p>Alors que les plages les plus centrales de la zone urbaine sont facilement accessibles, il existe \u00e9galement un bon nombre de criques vierges auxquelles l&rsquo;acc\u00e8s est difficile, permettant de profiter d&rsquo;une journ\u00e9e tranquille sans foule.<\/p>\n<ul>\n<li>D\u00e9couvrez les <a href=\"https:\/\/www.malagacar.com\/fr\/blog\/loisirs\/plages-naturistes-malaga\/\" data-wpel-link=\"internal\"><strong>plages nudistes<\/strong><\/a> pr\u00e8s de Nerja.<\/li>\n<\/ul>\n<ul>\n<li>Sur ce lien, vous trouverez toutes les <a href=\"https:\/\/www.malagacar.com\/fr\/blog\/loisirs\/criques-cachees-costa-del-sol\/\" data-wpel-link=\"internal\"><strong>criques cach\u00e9es sur la c\u00f4te orientale de la Costa del Sol<\/strong><\/a>.<\/li>\n<\/ul>\n<h3><span class=\"ez-toc-section\" id=\"Plage_du_Salon\"><\/span>Plage du Salon<span class=\"ez-toc-section-end\"><\/span><\/h3>\n<p>Cette plage est accessible par cette pente pittoresque. Elle se situe \u00e0 c\u00f4t\u00e9 du Balcon de Europa.<\/p>\n<figure id=\"attachment_14774\" aria-describedby=\"caption-attachment-14774\" style=\"width: 700px\" class=\"wp-caption alignnone\"><img loading=\"lazy\" decoding=\"async\" class=\" wp-image-14774\" src=\"https:\/\/www.malagacar.com\/sp\/blog\/wp-content\/uploads\/2023\/01\/Playa-del-Salon-Foto-@nerjaturismo-831x1024.jpg\" alt=\"Playa del Sal\u00f3n \" width=\"700\" height=\"862\" \/><figcaption id=\"caption-attachment-14774\" class=\"wp-caption-text\">Foto @nerjaturismo<\/figcaption><\/figure>\n<h3><span class=\"ez-toc-section\" id=\"Plage_de_Carabeo\"><\/span>Plage de Carabeo<span class=\"ez-toc-section-end\"><\/span><\/h3>\n<p>La plage de Carabeo est une petite crique. On y acc\u00e8de \u00e0 pied par un escalier, entre de grandes formations rocheuses.<\/p>\n<figure id=\"attachment_14775\" aria-describedby=\"caption-attachment-14775\" style=\"width: 701px\" class=\"wp-caption alignnone\"><img loading=\"lazy\" decoding=\"async\" class=\" wp-image-14775\" src=\"https:\/\/www.malagacar.com\/sp\/blog\/wp-content\/uploads\/2023\/01\/Playa-Carabeo-Foto-@nerjaturismo-826x1024.jpg\" alt=\"Plage de Carabeo\" width=\"701\" height=\"869\" \/><figcaption id=\"caption-attachment-14775\" class=\"wp-caption-text\">Photo @nerjaturismo[\/caption&gt;<\/figcaption><\/figure>\n<h3><span class=\"ez-toc-section\" id=\"Plage_de_Burriana\"><\/span>Plage de Burriana<span class=\"ez-toc-section-end\"><\/span><\/h3>\n<p>Il s&rsquo;agit probablement de la plage la plus populaire et la plus fr\u00e9quent\u00e9e de Nerja. Elle offre un grand nombre de services, de restaurants, de bars de plage et d&rsquo;activit\u00e9s aquatiques.<\/p>\n<h3><span class=\"ez-toc-section\" id=\"Plage_de_Carabeillo\"><\/span>Plage de Carabeillo<span class=\"ez-toc-section-end\"><\/span><\/h3>\n<p>Cette petite crique \u00e0 l&rsquo;extr\u00e9mit\u00e9 ouest de la plage de Burriana est presque un paradis sauvage, sans infrastructures, entour\u00e9e de falaises et d&rsquo;une v\u00e9g\u00e9tation luxuriante.<\/p>\n<h3><span class=\"ez-toc-section\" id=\"Plage_Playazo\"><\/span>Plage Playazo<span class=\"ez-toc-section-end\"><\/span><\/h3>\n<p>C&rsquo;est une plage longue et large \u00e0 l&rsquo;extr\u00e9mit\u00e9 ouest de Nerja, moins fr\u00e9quent\u00e9e.<\/p>\n<h3><span class=\"ez-toc-section\" id=\"Plage_des_Alberquillas\"><\/span>Plage des Alberquillas<span class=\"ez-toc-section-end\"><\/span><\/h3>\n<p>Cette plage est difficile d&rsquo;acc\u00e8s, entour\u00e9e de v\u00e9g\u00e9tation et situ\u00e9e dans le cadre naturel des falaises de Maro. Elle est souvent fr\u00e9quent\u00e9e par les naturistes.<\/p>\n<figure id=\"attachment_9219\" aria-describedby=\"caption-attachment-9219\" style=\"width: 620px\" class=\"wp-caption alignnone\"><a href=\"https:\/\/www.malagacar.com\/sp\/blog\/wp-content\/uploads\/2021\/08\/Cala-Las-Alberquillas-Foto-Antonio-Moreno-Roman.jpg\" data-wpel-link=\"internal\"><img loading=\"lazy\" decoding=\"async\" class=\" wp-image-9219\" src=\"https:\/\/www.malagacar.com\/sp\/blog\/wp-content\/uploads\/2021\/08\/Cala-Las-Alberquillas-Foto-Antonio-Moreno-Roman-1024x711.jpg\" alt=\"Crique Les Alberquillas Photo par Antonio Moreno Roman\" width=\"620\" height=\"431\" \/><\/a><figcaption id=\"caption-attachment-9219\" class=\"wp-caption-text\">Crique Les Alberquillas Photo par Antonio Moreno Roman<\/figcaption><\/figure>\n<h3><span class=\"ez-toc-section\" id=\"Plage_El_Canuelo\"><\/span>Plage El Ca\u00f1uelo<span class=\"ez-toc-section-end\"><\/span><\/h3>\n<p>Cette crique est \u00e9galement difficile d&rsquo;acc\u00e8s et est situ\u00e9e \u00e0 Maro. En raison de sa longueur et de la pr\u00e9sence de deux bars de plage, cette plage est assez populaire en \u00e9t\u00e9.<\/p>\n<figure id=\"attachment_9217\" aria-describedby=\"caption-attachment-9217\" style=\"width: 622px\" class=\"wp-caption alignnone\"><a href=\"https:\/\/www.malagacar.com\/sp\/blog\/wp-content\/uploads\/2021\/08\/Cala-del-Canuelo-Foto-I.O..jpg\" data-wpel-link=\"internal\"><img loading=\"lazy\" decoding=\"async\" class=\" wp-image-9217\" src=\"https:\/\/www.malagacar.com\/sp\/blog\/wp-content\/uploads\/2021\/08\/Cala-del-Canuelo-Foto-I.O.-1024x714.jpg\" alt=\"Crique El Ca\u00f1uelo Photo par I.O.\" width=\"622\" height=\"434\" \/><\/a><figcaption id=\"caption-attachment-9217\" class=\"wp-caption-text\">Crique El Ca\u00f1uelo Photo par I.O.<\/figcaption><\/figure>\n<h3><span class=\"ez-toc-section\" id=\"Crique_du_Pin\"><\/span>Crique du Pin<span class=\"ez-toc-section-end\"><\/span><\/h3>\n<p>Une crique sauvage difficile d&rsquo;acc\u00e8s situ\u00e9e dans le parc naturel Maro Cerro Gordo.<\/p>\n<figure id=\"attachment_9218\" aria-describedby=\"caption-attachment-9218\" style=\"width: 622px\" class=\"wp-caption alignnone\"><a href=\"https:\/\/www.malagacar.com\/sp\/blog\/wp-content\/uploads\/2021\/08\/Cala-Torre-del-Pino-Foto-Jose-Perez.jpg\" data-wpel-link=\"internal\"><img loading=\"lazy\" decoding=\"async\" class=\" wp-image-9218\" src=\"https:\/\/www.malagacar.com\/sp\/blog\/wp-content\/uploads\/2021\/08\/Cala-Torre-del-Pino-Foto-Jose-Perez-1024x602.jpg\" alt=\"Crique Torre del Pino Photo par Jose Perez\" width=\"622\" height=\"366\" \/><\/a><figcaption id=\"caption-attachment-9218\" class=\"wp-caption-text\">Crique Torre del Pino Photo par Jose Perez<\/figcaption><\/figure>\n<h3><span class=\"ez-toc-section\" id=\"La_Caleta\"><\/span>La Caleta<span class=\"ez-toc-section-end\"><\/span><\/h3>\n<p>Cette petite crique isol\u00e9e est \u00e9galement situ\u00e9e \u00e0 Maro. Elle ne dispose d&rsquo;aucun service, vous devez donc apporter tout ce dont vous avez besoin pour passer une excellente journ\u00e9e \u00e0 la plage ou pour pratiquer la plong\u00e9e en apn\u00e9e dans ses eaux cristallines.<\/p>\n<figure id=\"attachment_9212\" aria-describedby=\"caption-attachment-9212\" style=\"width: 451px\" class=\"wp-caption alignnone\"><a href=\"https:\/\/www.malagacar.com\/sp\/blog\/wp-content\/uploads\/2021\/08\/playa-de-la-caleta-ruth-garcia.jpg\" data-wpel-link=\"internal\"><img loading=\"lazy\" decoding=\"async\" class=\" wp-image-9212\" src=\"https:\/\/www.malagacar.com\/sp\/blog\/wp-content\/uploads\/2021\/08\/playa-de-la-caleta-ruth-garcia.jpg\" alt=\"Plage de La Caleta Photo par Ruth Garcia\" width=\"451\" height=\"569\" \/><\/a><figcaption id=\"caption-attachment-9212\" class=\"wp-caption-text\">Plage de La Caleta Photo par Ruth Garcia[\/caption&gt;<\/figcaption><\/figure>\n<h3><span class=\"ez-toc-section\" id=\"Plage_de_Maro\"><\/span>Plage de Maro<span class=\"ez-toc-section-end\"><\/span><\/h3>\n<p>Une autre plage sauvage avec de la v\u00e9g\u00e9tation \u00e0 Maro. C&rsquo;est une plage tr\u00e8s populaire avec tous les services, entour\u00e9e de collines bois\u00e9es. Vous pouvez louer des kayaks.<\/p>\n<figure id=\"attachment_9211\" aria-describedby=\"caption-attachment-9211\" style=\"width: 620px\" class=\"wp-caption alignnone\"><a href=\"https:\/\/www.malagacar.com\/sp\/blog\/wp-content\/uploads\/2021\/08\/playa-de-maro-j-a-bustos.jpg\" data-wpel-link=\"internal\"><img loading=\"lazy\" decoding=\"async\" class=\" wp-image-9211\" src=\"https:\/\/www.malagacar.com\/sp\/blog\/wp-content\/uploads\/2021\/08\/playa-de-maro-j-a-bustos-1024x538.jpg\" alt=\"Plage de Maro Photo par J.A Bustos\" width=\"620\" height=\"326\" \/><\/a><figcaption id=\"caption-attachment-9211\" class=\"wp-caption-text\">Plage de Maro Photo par J.A Bustos<\/figcaption><\/figure>\n<h3><span class=\"ez-toc-section\" id=\"Molino_de_Papel\"><\/span>Molino de Papel<span class=\"ez-toc-section-end\"><\/span><\/h3>\n<p>C&rsquo;est une plage isol\u00e9e, rocheuse et difficile d&rsquo;acc\u00e8s. C&rsquo;est une plage mixte, fr\u00e9quent\u00e9e par les naturistes.<\/p>\n<figure id=\"attachment_9220\" aria-describedby=\"caption-attachment-9220\" style=\"width: 621px\" class=\"wp-caption alignnone\"><a href=\"https:\/\/www.malagacar.com\/sp\/blog\/wp-content\/uploads\/2021\/08\/Cala-Molino-de-Papel-Foto-Miguel-Rios.jpg\" data-wpel-link=\"internal\"><img loading=\"lazy\" decoding=\"async\" class=\" wp-image-9220\" src=\"https:\/\/www.malagacar.com\/sp\/blog\/wp-content\/uploads\/2021\/08\/Cala-Molino-de-Papel-Foto-Miguel-Rios-1024x578.jpg\" alt=\"Crique Molino de Papel Photo par Miguel R\u00edos\" width=\"621\" height=\"350\" \/><\/a><figcaption id=\"caption-attachment-9220\" class=\"wp-caption-text\">Crique Molino de Papel Photo par Miguel R\u00edos<\/figcaption><\/figure>\n<h2><span class=\"ez-toc-section\" id=\"Reserve_naturelle_des_falaises_de_Maro-Cerro_Gordo\"><\/span>R\u00e9serve naturelle des falaises de Maro-Cerro Gordo<span class=\"ez-toc-section-end\"><\/span><\/h2>\n<figure id=\"attachment_14776\" aria-describedby=\"caption-attachment-14776\" style=\"width: 750px\" class=\"wp-caption alignnone\"><img loading=\"lazy\" decoding=\"async\" class=\"size-large wp-image-14776\" src=\"https:\/\/www.malagacar.com\/sp\/blog\/wp-content\/uploads\/2023\/01\/Maro-Cerro-Gordo-Foto-@welcometonerja-1024x768.jpg\" alt=\"Falaises de Maro-Cerro Gordo\" width=\"750\" height=\"563\" \/><figcaption id=\"caption-attachment-14776\" class=\"wp-caption-text\">Photo @welcometonerja<\/figcaption><\/figure>\n<p>Cette r\u00e9serve de falaises poss\u00e8de une beaut\u00e9 singuli\u00e8re. C&rsquo;est un <em><strong>espace naturel prot\u00e9g\u00e9<\/strong><\/em>.<\/p>\n<p>Il existe plusieurs sentiers de randonn\u00e9e pour profiter de ces vues magnifiques, et il n&rsquo;est pas rare de croiser des bouquetins en chemin.<\/p>\n<figure id=\"attachment_13086\" aria-describedby=\"caption-attachment-13086\" style=\"width: 872px\" class=\"wp-caption alignnone\"><img loading=\"lazy\" decoding=\"async\" class=\"size-full wp-image-13086\" src=\"https:\/\/www.malagacar.com\/sp\/blog\/wp-content\/uploads\/2023\/01\/cabras-montesas-nerja-Foto-Leonardo-Cervilla.jpg\" alt=\"Ch\u00e8vres sauvages \u00e0 Nerja\" width=\"872\" height=\"591\" \/><figcaption id=\"caption-attachment-13086\" class=\"wp-caption-text\">Photo par Leonardo Cervilla<\/figcaption><\/figure>\n<p>Mais cette r\u00e9serve naturelle est probablement plus <em><strong>connue des amateurs de plong\u00e9e et de snorkeling<\/strong><\/em>, gr\u00e2ce \u00e0 ses impressionnantes formations rocheuses qui conf\u00e8rent \u00e0 ses eaux turquoise une transparence exceptionnelle.<\/p>\n<h2><span class=\"ez-toc-section\" id=\"Chaines_de_Tejeda_Almijara_et_Alhama\"><\/span>Cha\u00eenes de Tejeda, Almijara et Alhama<span class=\"ez-toc-section-end\"><\/span><\/h2>\n<p>Depuis une grande partie de la province, vous pouvez voir les sommets les plus \u00e9lev\u00e9s, dont la Maroma qui d\u00e9passe les 2 000 m\u00e8tres.<\/p>\n<p>En janvier et f\u00e9vrier, la r\u00e9gion peut offrir des images aussi magnifiques que celle-ci, avec ses sommets enneig\u00e9s.<\/p>\n<p><img loading=\"lazy\" decoding=\"async\" class=\"alignnone wp-image-13076\" src=\"https:\/\/www.malagacar.com\/sp\/blog\/wp-content\/uploads\/2023\/01\/nerja-nieve-.jpg\" alt=\"Sierra Tejeda enneig\u00e9e, Nerja\" width=\"1205\" height=\"510\" \/><\/p>\n<p>Toute cette r\u00e9gion est connue sous le nom d&rsquo;Axarqu\u00eda, une r\u00e9gion d&rsquo;une grande valeur naturelle et abritant de nombreux <strong>jolis villages blancs d&rsquo;origine arabe<\/strong>.<\/p>\n<h2><span class=\"ez-toc-section\" id=\"Que_faire_a_Nerja\"><\/span>Que faire \u00e0 Nerja<span class=\"ez-toc-section-end\"><\/span><\/h2>\n<h3><span class=\"ez-toc-section\" id=\"Parcours_le_long_de_la_riviere_Chillar\"><\/span>Parcours le long de la rivi\u00e8re Chillar<span class=\"ez-toc-section-end\"><\/span><\/h3>\n<figure id=\"attachment_14777\" aria-describedby=\"caption-attachment-14777\" style=\"width: 700px\" class=\"wp-caption alignnone\"><img loading=\"lazy\" decoding=\"async\" class=\" wp-image-14777\" src=\"https:\/\/www.malagacar.com\/sp\/blog\/wp-content\/uploads\/2023\/01\/Rio-Chillar-Foto-@nerjaexperiences-819x1024.jpg\" alt=\"Rivi\u00e8re Chillar\" width=\"700\" height=\"875\" \/><figcaption id=\"caption-attachment-14777\" class=\"wp-caption-text\">Photo par @nerjaexperiences<\/figcaption><\/figure>\n<p>Mais la r\u00e9serve naturelle est probablement plus <em><strong>connue des amateurs de plong\u00e9e et de snorkeling<\/strong><\/em> pour ses impressionnantes formations rocheuses qui conf\u00e8rent \u00e0 ses eaux turquoise une transparence exceptionnelle.<\/p>\n<h2><span class=\"ez-toc-section\" id=\"Les_montagnes_de_Tejeda_Almijara_et_Alhama\"><\/span>Les montagnes de Tejeda, Almijara et Alhama<span class=\"ez-toc-section-end\"><\/span><\/h2>\n<p>De nombreuses parties de la province offrent une vue sur les plus hauts sommets, dont la Maroma qui culmine \u00e0 plus de 2 000 m\u00e8tres.<\/p>\n<p>En janvier et f\u00e9vrier, la r\u00e9gion peut nous offrir des images aussi magnifiques que celle-ci, avec ses sommets enneig\u00e9s.<\/p>\n<p><img loading=\"lazy\" decoding=\"async\" class=\"alignnone wp-image-13076\" src=\"https:\/\/www.malagacar.com\/sp\/blog\/wp-content\/uploads\/2023\/01\/nerja-nieve-.jpg\" alt=\"Sierra Tejeda enneig\u00e9e, Nerja\" width=\"1205\" height=\"510\" \/><\/p>\n<p>Toute cette r\u00e9gion est connue sous le nom d&rsquo;Axarqu\u00eda, une r\u00e9gion d&rsquo;une grande valeur naturelle et abritant de nombreux <strong>jolis villages blancs d&rsquo;origine arabe<\/strong>.<\/p>\n<h2><span class=\"ez-toc-section\" id=\"Que_faire_a_Nerja-2\"><\/span>Que faire \u00e0 Nerja<span class=\"ez-toc-section-end\"><\/span><\/h2>\n<h3><span class=\"ez-toc-section\" id=\"Randonnee_le_long_de_la_riviere_Chillar\"><\/span>Randonn\u00e9e le long de la rivi\u00e8re Chillar<span class=\"ez-toc-section-end\"><\/span><\/h3>\n<figure id=\"attachment_14777-2\" aria-describedby=\"caption-attachment-14777-2\" style=\"width: 700px\" class=\"wp-caption alignnone\"><img loading=\"lazy\" decoding=\"async\" class=\" wp-image-14777\" src=\"https:\/\/www.malagacar.com\/sp\/blog\/wp-content\/uploads\/2023\/01\/Rio-Chillar-Foto-@nerjaexperiences-819x1024.jpg\" alt=\"Rivi\u00e8re Chillar\" width=\"700\" height=\"875\" \/><figcaption id=\"caption-attachment-14777-2\" class=\"wp-caption-text\">Photo par @nerjaexperiences<\/figcaption><\/figure>\n<p>Mais la r\u00e9serve naturelle est probablement plus <em><strong>connue des amateurs de plong\u00e9e et de snorkeling<\/strong><\/em> pour ses impressionnantes formations rocheuses qui conf\u00e8rent \u00e0 ses eaux turquoise une transparence exceptionnelle.<\/p>\n<h2><span class=\"ez-toc-section\" id=\"Les_montagnes_de_Tejeda_Almijara_et_Alhama-2\"><\/span>Les montagnes de Tejeda, Almijara et Alhama<span class=\"ez-toc-section-end\"><\/span><\/h2>\n<p>De nombreuses parties de la province offrent une vue sur les plus hauts sommets, dont la Maroma qui culmine \u00e0 plus de 2 000 m\u00e8tres.<\/p>\n<p>En janvier et f\u00e9vrier, la r\u00e9gion peut nous offrir des images aussi magnifiques que celle-ci, avec ses sommets enneig\u00e9s.<\/p>\n<p><img loading=\"lazy\" decoding=\"async\" class=\"alignnone wp-image-13076\" src=\"https:\/\/www.malagacar.com\/sp\/blog\/wp-content\/uploads\/2023\/01\/nerja-nieve-.jpg\" alt=\"Sierra Tejeda enneig\u00e9e, Nerja\" width=\"1205\" height=\"510\" \/><\/p>\n<p>Toute cette r\u00e9gion est connue sous le nom d&rsquo;Axarqu\u00eda, une r\u00e9gion d&rsquo;une grande valeur naturelle et abritant de nombreux <strong>jolis villages blancs d&rsquo;origine arabe<\/strong>.<\/p>\n<h2><span class=\"ez-toc-section\" id=\"Que_faire_a_Nerja-3\"><\/span>Que faire \u00e0 Nerja<span class=\"ez-toc-section-end\"><\/span><\/h2>\n<h3><span class=\"ez-toc-section\" id=\"Randonnee_le_long_de_la_riviere_Chillar-2\"><\/span>Randonn\u00e9e le long de la rivi\u00e8re Chillar<span class=\"ez-toc-section-end\"><\/span><\/h3>\n<figure id=\"attachment_14777-3\" aria-describedby=\"caption-attachment-14777-3\" style=\"width: 700px\" class=\"wp-caption alignnone\"><img loading=\"lazy\" decoding=\"async\" class=\" wp-image-14777\" src=\"https:\/\/www.malagacar.com\/sp\/blog\/wp-content\/uploads\/2023\/01\/Rio-Chillar-Foto-@nerjaexperiences-819x1024.jpg\" alt=\"Rivi\u00e8re Chillar\" width=\"700\" height=\"875\" \/><figcaption id=\"caption-attachment-14777-3\" class=\"wp-caption-text\">Photo par @nerjaexperiences<\/figcaption><\/figure>\n<p>Le parcours le long de la rivi\u00e8re Chillar est <em><strong>tr\u00e8s populaire pendant les mois chauds de l&rsquo;\u00e9t\u00e9<\/strong><\/em>, car tout au long du trajet, on est en contact direct avec une eau rafra\u00eechissante.<\/p>\n<p>En fait, ce sentier est si populaire que la mairie de Nerja a commenc\u00e9 \u00e0 r\u00e9guler l&rsquo;acc\u00e8s en \u00e9t\u00e9 pour prot\u00e9ger la faune et la flore.<\/p>\n<p>Cette randonn\u00e9e n\u00e9cessite un niveau de condition physique interm\u00e9diaire. Tout ce que vous devez savoir pour faire cette magnifique randonn\u00e9e se trouve <a href=\"https:\/\/www.nerja-turismo.com\/que-hacer-en-nerja\/ruta-del-rio-chillar\/\" data-wpel-link=\"external\" rel=\"external noopener noreferrer\"><strong>ici<\/strong><\/a>.<\/p>\n<h3><span class=\"ez-toc-section\" id=\"Yoga_a_Nerja\"><\/span>Yoga \u00e0 Nerja<span class=\"ez-toc-section-end\"><\/span><\/h3>\n<p><img loading=\"lazy\" decoding=\"async\" class=\"alignnone wp-image-13081\" src=\"https:\/\/www.malagacar.com\/sp\/blog\/wp-content\/uploads\/2023\/01\/nerja-yoga.jpg\" alt=\"Yoga \u00e0 Nerja\" width=\"601\" height=\"752\" \/><\/p>\n<p>Voici des liens pour assister \u00e0 des cours de yoga en plein air dispens\u00e9s par <a href=\"https:\/\/yogadventure.eu\/es\/home-espanol\/\" data-wpel-link=\"external\" rel=\"external noopener noreferrer\"><strong>Yogadventure<\/strong><\/a> et <a href=\"https:\/\/www.nerjayoga.com\/\" data-wpel-link=\"external\" rel=\"external noopener noreferrer\"><strong>NerjaYoga<\/strong><\/a>. Les cours sont donn\u00e9s en espagnol et en anglais. Sur leurs sites, vous trouverez \u00e9galement des offres pour des retraites de yoga \u00e0 Malaga.<\/p>\n<ul>\n<li>Et voici d&rsquo;autres excellentes suggestions pour des <strong>vacances saines \u00e0 Malaga<\/strong> !<\/li>\n<\/ul>\n<h3><span class=\"ez-toc-section\" id=\"Sports_nautiques_a_Nerja\"><\/span>Sports nautiques \u00e0 Nerja<span class=\"ez-toc-section-end\"><\/span><\/h3>\n<p>\u00c0 Nerja, vous pouvez profiter de nombreuses activit\u00e9s nautiques pour tous les \u00e2ges et toutes les conditions.<\/p>\n<p>Tout le long de la promenade de la plage de Burriana, un grand nombre d&rsquo;entreprises proposent leurs services, tels que le parachute ascensionnel, les excursions en bateau, la plong\u00e9e en apn\u00e9e, le paddle surf, le p\u00e9dalo, le kayak ou la plong\u00e9e sous-marine.<\/p>\n<h4>Kayak \u00e0 Nerja &#8211; Maro<\/h4>\n<figure id=\"attachment_10477\" aria-describedby=\"caption-attachment-10477\" style=\"width: 621px\" class=\"wp-caption alignnone\"><img loading=\"lazy\" decoding=\"async\" class=\"wp-image-10477\" src=\"https:\/\/www.malagacar.com\/sp\/blog\/wp-content\/uploads\/2021\/03\/maro-1024x768.jpg\" alt=\"Auteure profitant d'une balade en cano\u00eb le long des falaises de Maro avec l'entreprise Educare\" width=\"621\" height=\"466\" \/><figcaption id=\"caption-attachment-10477\" class=\"wp-caption-text\">L&rsquo;auteure profitant d&rsquo;une balade en cano\u00eb le long des falaises de Maro avec l&rsquo;entreprise Educare<\/figcaption><\/figure>\n<p>Personnellement, nous pouvons recommander de faire du kayak \u00e0 Nerja, c&rsquo;est une exp\u00e9rience exceptionnelle.<\/p>\n<p>C&rsquo;est une <strong>visite guid\u00e9e d&rsquo;environ 2 heures<\/strong> dans les eaux turquoise le long des spectaculaires falaises de Maro. Nous pouvons personnellement recommander l&rsquo;entreprise <a href=\"https:\/\/educare-aventura.com\/\" data-wpel-link=\"external\" rel=\"external noopener noreferrer\"><strong>Educare<\/strong><\/a>.<\/p>\n<p>Pendant la visite, ils prennent des photos avec une GoPro qu&rsquo;ils t\u00e9l\u00e9chargent gratuitement sur leur site web pour que vous puissiez les t\u00e9l\u00e9charger.<\/p>\n<ul>\n<li><a href=\"https:\/\/goo.gl\/maps\/51KoE5ReyQ3pTakc7\" data-wpel-link=\"external\" rel=\"external noopener noreferrer\"><strong>Comment s&rsquo;y rendre<\/strong><\/a><\/li>\n<\/ul>\n<h4>Plong\u00e9e \u00e0 Nerja &#8211; Maro<\/h4>\n<figure id=\"attachment_11363\" aria-describedby=\"caption-attachment-11363\" style=\"width: 619px\" class=\"wp-caption alignnone\"><img loading=\"lazy\" decoding=\"async\" class=\"wp-image-11363\" src=\"https:\/\/www.malagacar.com\/sp\/blog\/wp-content\/uploads\/2022\/06\/buceonatura-1024x685.jpg\" alt=\"Attractions pour les enfants sur la Costa del Sol, plong\u00e9e \u00e0 Nerja\" width=\"619\" height=\"414\" \/><figcaption id=\"caption-attachment-11363\" class=\"wp-caption-text\">Buceonatura Photo par Rafa Camacho<\/figcaption><\/figure>\n<p>Que vous soyez d\u00e9j\u00e0 un expert ou que vous souhaitiez plonger pour la premi\u00e8re fois pour <em><strong>d\u00e9couvrir le merveilleux monde sous-marin<\/strong><\/em> : <a href=\"http:\/\/www.nerjadiving.com\" data-wpel-link=\"external\" rel=\"external noopener noreferrer\"><strong>Plong\u00e9e \u00e0 Nerja<\/strong><\/a>.<\/p>\n<p>Le meilleur endroit de toute la Costa del Sol est les eaux du <em><strong>parc naturel de Maro Cerro Gordo<\/strong><\/em>.<\/p>\n<p>Bien qu&rsquo;il appartienne d\u00e9j\u00e0 \u00e0 la province de Grenade, nous l&rsquo;incluons tout de m\u00eame si vous ne voulez pas manquer cette exp\u00e9rience.<\/p>\n<figure id=\"attachment_11379\" aria-describedby=\"caption-attachment-11379\" style=\"width: 622px\" class=\"wp-caption alignnone\"><img loading=\"lazy\" decoding=\"async\" class=\"wp-image-11379\" src=\"https:\/\/www.malagacar.com\/sp\/blog\/wp-content\/uploads\/2022\/06\/bueconatura2-1024x576.jpg\" alt=\"Buceonatura \u00e0 La Herradura\" width=\"622\" height=\"350\" \/><figcaption id=\"caption-attachment-11379\" class=\"wp-caption-text\">Photo par Rafa Camacho, Buceonatura \u00e0 La Herradura<\/figcaption><\/figure>\n<p>Nous recommandons personnellement <a href=\"https:\/\/www.buceonatura.com\/\" data-wpel-link=\"external\" rel=\"external noopener noreferrer\"><strong>Buceonatura<\/strong><\/a> \u00e0 <a href=\"https:\/\/goo.gl\/maps\/v5LJ781viMbTNwKW8\" data-wpel-link=\"external\" rel=\"external noopener noreferrer\"><strong>La Herradura<\/strong><\/a>, dirig\u00e9 par Rafa Camacho, plongeur expert et passionn\u00e9 de photographie sous-marine.<\/p>\n<h2><span class=\"ez-toc-section\" id=\"Que_voir_et_faire_a_Nerja\"><\/span>Que voir et faire \u00e0 Nerja<span class=\"ez-toc-section-end\"><\/span><\/h2>\n<h3><span class=\"ez-toc-section\" id=\"Grotte_de_Nerja\"><\/span>Grotte de Nerja<span class=\"ez-toc-section-end\"><\/span><\/h3>\n<p>L&rsquo;attraction la plus remarquable de Nerja est probablement sa grotte impressionnante, situ\u00e9e \u00e0 un peu plus de 3 km du centre-ville.<\/p>\n<p>Aussi appel\u00e9e la cath\u00e9drale de la Costa del Sol, en raison de ses formations impressionnantes de stalactites et de stalagmites dans d&rsquo;\u00e9normes salles souterraines.<\/p>\n<p><img loading=\"lazy\" decoding=\"async\" class=\"alignnone wp-image-11361\" src=\"https:\/\/www.malagacar.com\/sp\/blog\/wp-content\/uploads\/2022\/06\/cueva-nerja.jpg\" alt=\"grotte de Nerja\" width=\"621\" height=\"674\" \/><\/p>\n<p>C&rsquo;est une visite incontournable lorsque vous \u00eates \u00e0 Nerja. Nous avons d\u00e9di\u00e9 un article complet \u00e0 la <a href=\"https:\/\/www.malagacar.com\/fr\/blog\/loisirs\/grotte-de-nerja\/\" data-wpel-link=\"internal\"><strong>Grotte de Nerja<\/strong><\/a> avec tout ce que vous devez savoir pour la visiter.<\/p>\n<h3><span class=\"ez-toc-section\" id=\"Festival_de_la_Grotte_de_Nerja\"><\/span>Festival de la Grotte de Nerja<span class=\"ez-toc-section-end\"><\/span><\/h3>\n<p>Chaque \u00e9t\u00e9, ce festival populaire a lieu dans les jardins de la Grotte avec des performances d&rsquo;artistes nationaux et internationaux. Voici la <a href=\"https:\/\/www.malagacar.com\/sp\/blog\/ocio\/festivales-musica-costa-del-sol\/#Festival_de_Musica_Cueva_de_Nerja\" data-wpel-link=\"internal\"><strong>programmation de cette ann\u00e9e<\/strong><\/a>.<\/p>\n<p><a href=\"https:\/\/www.malagacar.com\/sp\/blog\/wp-content\/uploads\/2021\/03\/festival-nerja-1.jpg\" data-wpel-link=\"internal\"><img loading=\"lazy\" decoding=\"async\" class=\"alignnone wp-image-10475\" src=\"https:\/\/www.malagacar.com\/sp\/blog\/wp-content\/uploads\/2021\/03\/festival-nerja-1.jpg\" alt=\"Festival de Musique et Danse de la Grotte de Nerja\" width=\"622\" height=\"408\" \/><\/a><\/p>\n<h3><span class=\"ez-toc-section\" id=\"Aqueduc_de_lAigle\"><\/span>Aqueduc de l&rsquo;Aigle<span class=\"ez-toc-section-end\"><\/span><\/h3>\n<p>Cet impressionnant aqueduc a \u00e9t\u00e9 construit au XIXe si\u00e8cle pour transporter de l&rsquo;eau aux moulins de l&rsquo;ancienne usine de sucre.<\/p>\n<figure id=\"attachment_14778\" aria-describedby=\"caption-attachment-14778\" style=\"width: 601px\" class=\"wp-caption alignnone\"><img loading=\"lazy\" decoding=\"async\" class=\" wp-image-14778\" src=\"https:\/\/www.malagacar.com\/sp\/blog\/wp-content\/uploads\/2023\/01\/Acueducto-del-Aguila-Foto-@welcometonerja-843x1024.jpg\" alt=\"Aqueduc de l'Aigle\" width=\"601\" height=\"730\" \/><figcaption id=\"caption-attachment-14778\" class=\"wp-caption-text\">Photo par @welcometonerja<\/figcaption><\/figure>\n<p>Il est situ\u00e9 \u00e0 3 km de Nerja et il est possible de se garer facilement \u00e0 c\u00f4t\u00e9 de la route. <a href=\"https:\/\/goo.gl\/maps\/TkokEiduKxCLJmFf8\" data-wpel-link=\"external\" rel=\"external noopener noreferrer\"><strong>\u00c0 pied depuis la plage de Burriana<\/strong><\/a>, c&rsquo;est environ 2 km et cela prend environ 30 minutes.<\/p>\n<h3><span class=\"ez-toc-section\" id=\"Musee_de_Nerja\"><\/span>Mus\u00e9e de Nerja<span class=\"ez-toc-section-end\"><\/span><\/h3>\n<p>Le Mus\u00e9e de Nerja, situ\u00e9 dans la vieille ville, offre aux visiteurs un voyage \u00e0 travers l&rsquo;histoire de Nerja, de la Pr\u00e9histoire \u00e0 nos jours, dans un parcours audiovisuel et interactif.<br \/>\nHoraires : Lundi \u00e0 dimanche de 10h \u00e0 14h et de 16h \u00e0 18h. Juillet, ao\u00fbt et Semaine Sainte de 10h \u00e0 14h et de 16h \u00e0 20h.<\/p>\n<p>Entr\u00e9e gratuite : le 28 f\u00e9vrier (Jour de l&rsquo;Andalousie), le 18 mai (Journ\u00e9e internationale des mus\u00e9es), le 27 septembre (Journ\u00e9e internationale du tourisme). Pour les citoyens de l&rsquo;Union europ\u00e9enne : Les dimanches \u00e0 partir de 16h jusqu&rsquo;\u00e0 la fermeture. Visite combin\u00e9e (Mus\u00e9e + Grotte) : 11 \u20ac<\/p>\n<ul>\n<li><a href=\"http:\/\/www.museodenerja.es\" data-wpel-link=\"external\" rel=\"external noopener noreferrer\"><strong>Site Web<\/strong><\/a><\/li>\n<\/ul>\n<h3><span class=\"ez-toc-section\" id=\"Balcon_de_lEurope\"><\/span>Balcon de l&rsquo;Europe<span class=\"ez-toc-section-end\"><\/span><\/h3>\n<p><img loading=\"lazy\" decoding=\"async\" class=\"alignnone size-full wp-image-13087\" src=\"https:\/\/www.malagacar.com\/sp\/blog\/wp-content\/uploads\/2023\/01\/balcon-europa.jpg\" alt=\"Balcon de l'Europe\" width=\"1200\" height=\"675\" \/><\/p>\n<p>Cette belle terrasse sur la mer M\u00e9diterran\u00e9e est probablement <em><strong>l&rsquo;un des endroits les plus photographi\u00e9s de Malaga<\/strong><\/em>.<\/p>\n<p>Situ\u00e9e dans la vieille ville de Nerja et bord\u00e9e par ses criques les plus populaires, il est in\u00e9vitable d&rsquo;y arriver et de profiter des magnifiques vues.<\/p>\n<p>La place accueille de nombreux \u00e9v\u00e9nements toute l&rsquo;ann\u00e9e et est un endroit tr\u00e8s attrayant \u00e0 toute heure de la journ\u00e9e.<\/p>\n<p>Et si vous avez faim ou soif, ne vous inqui\u00e9tez pas, il y a de nombreux bars, caf\u00e9s et restaurants \u00e0 proximit\u00e9 o\u00f9 vous pouvez choisir.<\/p>\n<h3><span class=\"ez-toc-section\" id=\"Frigiliana_le_balcon_sur_la_mer\"><\/span>Frigiliana, le balcon sur la mer<span class=\"ez-toc-section-end\"><\/span><\/h3>\n<figure id=\"attachment_9270\" aria-describedby=\"caption-attachment-9270\" style=\"width: 622px\" class=\"wp-caption alignnone\"><a href=\"https:\/\/www.malagacar.com\/sp\/blog\/wp-content\/uploads\/2021\/08\/Frigiliana-Foto-2bp.blogspot.jpg\" data-wpel-link=\"internal\"><img loading=\"lazy\" decoding=\"async\" class=\"wp-image-9270\" src=\"https:\/\/www.malagacar.com\/sp\/blog\/wp-content\/uploads\/2021\/08\/Frigiliana-Foto-2bp.blogspot-1024x617.jpg\" alt=\"villages pittoresques d'Axarqu\u00eda, Frigiliana\" width=\"622\" height=\"375\" \/><\/a><figcaption id=\"caption-attachment-9270\" class=\"wp-caption-text\">Photo de Frigiliana par 2bp.blogspot<\/figcaption><\/figure>\n<p>Frigiliana est probablement <em><strong>le village le plus visit\u00e9 et le plus connu de l&rsquo;Axarqu\u00eda<\/strong><\/em> si l&rsquo;on exclut les noyaux c\u00f4tiers.<\/p>\n<p>\u00c9tant situ\u00e9 \u00e0 seulement 7 km de Nerja, il attire de nombreux visiteurs touristiques, similaire \u00e0 <strong>Mijas Pueblo<\/strong> et <strong>Fuengirola<\/strong>.<\/p>\n<figure id=\"attachment_9271\" aria-describedby=\"caption-attachment-9271\" style=\"width: 622px\" class=\"wp-caption alignnone\"><a href=\"https:\/\/www.malagacar.com\/sp\/blog\/wp-content\/uploads\/2021\/08\/frigiliana-Foto-Los-pueblos-mas-bonitos-de-Espana.org_.jpg\" data-wpel-link=\"internal\"><img loading=\"lazy\" decoding=\"async\" class=\"wp-image-9271\" src=\"https:\/\/www.malagacar.com\/sp\/blog\/wp-content\/uploads\/2021\/08\/frigiliana-Foto-Los-pueblos-mas-bonitos-de-Espana.org_.jpg\" alt=\"Centre historique de Frigiliana\" width=\"622\" height=\"417\" \/><\/a><figcaption id=\"caption-attachment-9271\" class=\"wp-caption-text\">Photo de Frigiliana par Les Plus Beaux Villages d&rsquo;Espagne.org<\/figcaption><\/figure>\n<p>Frigiliana est connue pour avoir le <em><strong>quartier historique d&rsquo;origine arabe le mieux pr\u00e9serv\u00e9<\/strong><\/em> d&rsquo;Espagne.<\/p>\n<ul>\n<li><a href=\"https:\/\/maps.app.goo.gl\/X7kcUTAdsDHjwtFTA\" data-wpel-link=\"external\" rel=\"external noopener noreferrer\"><strong>Comment s&rsquo;y rendre<\/strong><\/a><\/li>\n<\/ul>\n<h3><span class=\"ez-toc-section\" id=\"Marches_a_Nerja\"><\/span>March\u00e9s \u00e0 Nerja<span class=\"ez-toc-section-end\"><\/span><\/h3>\n<p><img loading=\"lazy\" decoding=\"async\" class=\"alignnone size-full wp-image-13089\" src=\"https:\/\/www.malagacar.com\/sp\/blog\/wp-content\/uploads\/2023\/01\/mercadillo-nerja-Foto-Nerja-Turismo.jpg\" alt=\"March\u00e9s \u00e0 Nerja\" width=\"800\" height=\"600\" \/><\/p>\n<p>Il y a deux march\u00e9s \u00e0 Nerja.<br \/>\nLe mardi, il y a un march\u00e9 avec des fruits, des l\u00e9gumes, des v\u00eatements, etc. de 8 h \u00e0 14 h.<br \/>\nLe dimanche, il y a un march\u00e9 aux puces avec des articles d&rsquo;occasion de 8 h \u00e0 14 h.<\/p>\n<p>Les deux march\u00e9s sont situ\u00e9s sur l&rsquo;esplanade pr\u00e8s de la rue Mirto.<\/p>\n<ul>\n<li><a href=\"https:\/\/maps.app.goo.gl\/X7kcUTAdsDHjwtFTA\" data-wpel-link=\"external\" rel=\"external noopener noreferrer\"><strong>Comment s&rsquo;y rendre<\/strong><\/a><\/li>\n<\/ul>\n<h2><span class=\"ez-toc-section\" id=\"Nerja_tout_au_long_de_lannee\"><\/span>Nerja tout au long de l&rsquo;ann\u00e9e<span class=\"ez-toc-section-end\"><\/span><\/h2>\n<p>Nerja est, avec Torrox, <em><strong>l&rsquo;une des villes les plus chaudes d&rsquo;Europe<\/strong><\/em> pendant les mois d&rsquo;hiver en raison de sa protection contre les vents froids par la cha\u00eene de montagnes.<\/p>\n<p>Si vous voulez en savoir plus, voici les meilleures <strong>raisons de passer l&rsquo;hiver sur la Costa del Sol<\/strong> !<\/p>\n<figure id=\"attachment_14779\" aria-describedby=\"caption-attachment-14779\" style=\"width: 701px\" class=\"wp-caption alignnone\"><img loading=\"lazy\" decoding=\"async\" class=\" wp-image-14779\" src=\"https:\/\/www.malagacar.com\/sp\/blog\/wp-content\/uploads\/2023\/01\/Nerja-navidad-Foto-@nerjaturismo.jpg\" alt=\"Nerja \u00e0 No\u00ebl\" width=\"701\" height=\"630\" \/><figcaption id=\"caption-attachment-14779\" class=\"wp-caption-text\">Nerja \u00e0 No\u00ebl Photo @nerjaturismo<\/figcaption><\/figure>\n<h2><span class=\"ez-toc-section\" id=\"Carte_interactive_de_Nerja\"><\/span>Carte interactive de Nerja<span class=\"ez-toc-section-end\"><\/span><\/h2>\n<p>Sur notre carte interactive, vous pouvez trouver tous les lieux d&rsquo;int\u00e9r\u00eat que nous avons mentionn\u00e9s dans cet article.<\/p>\n<p><iframe loading=\"lazy\" src=\"https:\/\/www.google.com\/maps\/d\/embed?mid=1H8LcxsqPmYtH5Q6jjoI06Fo7Qlm1nX0&amp;hl=es&amp;ehbc=2E312F\" width=\"640\" height=\"480\"><\/iframe><\/p>\n<h2><span class=\"ez-toc-section\" id=\"Comment_se_rendre_a_Nerja\"><\/span>Comment se rendre \u00e0 Nerja<span class=\"ez-toc-section-end\"><\/span><\/h2>\n<h3><span class=\"ez-toc-section\" id=\"Transport_public\"><\/span>Transport public<span class=\"ez-toc-section-end\"><\/span><\/h3>\n<p>Malgr\u00e9 sa popularit\u00e9 en tant que destination touristique, les transports en commun depuis l&rsquo;<a href=\"https:\/\/www.malagacar.com\/fr\/information\/informations-aeroport-malaga.php\" data-wpel-link=\"internal\"><strong>a\u00e9roport de Malaga<\/strong><\/a> et la <a href=\"https:\/\/www.malagacar.com\/fr\/location-de-voitures\/gare-malaga.php\" data-wpel-link=\"internal\"><strong>gare de Maria Zambrano<\/strong><\/a> \u00e0 Malaga sont limit\u00e9s \u00e0 un service de bus qui part toutes les heures. Le temps de trajet est d&rsquo;environ 1h30 \u00e0 2 heures, selon la connexion.<\/p>\n<p>La <a href=\"https:\/\/goo.gl\/maps\/8SfU8G8fek7yVcKn9\" data-wpel-link=\"external\" rel=\"external noopener noreferrer\"><strong>gare routi\u00e8re de Nerja<\/strong><\/a> est situ\u00e9e en face du rond-point de la Plaza Cantarero, \u00e0 dix minutes \u00e0 pied du centre de Nerja.<\/p>\n<h3><span class=\"ez-toc-section\" id=\"Location_de_voitures_et_transferts\"><\/span>Location de voitures et transferts<span class=\"ez-toc-section-end\"><\/span><\/h3>\n<figure id=\"attachment_11664\" aria-describedby=\"caption-attachment-11664\" style=\"width: 720px\" class=\"wp-caption alignnone\"><img loading=\"lazy\" decoding=\"async\" class=\"size-full wp-image-11664\" src=\"https:\/\/www.malagacar.com\/sp\/blog\/wp-content\/uploads\/2016\/04\/Towards-nerja-Rebecca-cooper.jpg\" alt=\"Location de Mini cabrio \u00e0 Malaga\" width=\"720\" height=\"960\" \/><figcaption id=\"caption-attachment-11664\" class=\"wp-caption-text\">En direction de Nerja. Photo gracieuset\u00e9 de notre client<\/figcaption><\/figure>\n<p>Donc, si vous ne voulez pas ajouter plusieurs heures de voyage pour atteindre votre destination, nous vous recommandons notre <a href=\"https:\/\/www.malagacar.com\/fr\/\" data-wpel-link=\"internal\"><strong>service de location de voitures \u00e0 l&rsquo;a\u00e9roport de Malaga<\/strong><\/a> ou notre <a href=\"https:\/\/www.malagacar.com\/fr\/information\/malaga\/malaga-aeroport-transferts.html\" data-wpel-link=\"internal\"><strong>service de transfert depuis et vers l&rsquo;a\u00e9roport de Malaga<\/strong><\/a>.<br \/>\n\t\t\t\t\n\t\t\t\t<div id=\"search-form2\" class=\"big-quote index-mobile\">\n\t\t\t\t<form id=\"frmSearch\" name=\"frmSearch\" action=\"\/fr\/location-de-voitures\/quote.php\" method=\"post\" name=\"quote\" class=\"container-fluid\">\n\t\t\t\t\t\t\t\t\t<div class=\"row\">\n\t\t\t\t\t\t<div class=\"col-sm-6\">\n\n\t\t\t\t\t\t\t<div class=\"form-group\">\n\t\t\t\t\t\t\t\t<label for=\"entrega\"><h4>Collecte<\/h4><\/label>\n\t\t\t\t\t\t\t\t<select name=\"entrega\" id=\"entrega\" class=\"custom-select\">\n\t\t\t\t\t\t\t\t\t<option value=\"airport\"  selected>Malaga A\u00e9roport<\/option>\n\t\t\t\t\t\t\t\t\t\t\t\t\t\t\t\t<\/select>\n\t\t\t\t\t\t\t\t<div class=\"form-inline my-2\">\n\t\t\t\t\t\t\t\t\t<input id=\"pDate\" class=\"form-control\" value=\"07\/09\/2026\" name=\"pDate\" readonly onchange=\"return uppdate()\">\n\t\t\t\t\t\t\t\t\t<select class=\"custom-select\" id=\"phorasminutos\" name=\"phorasminutos\" oninvalid=\"setCustomValidity('Faites-nous conna\u00eetre votre heure d\u00b4arriv\u00e9e')\" onchange=\"setCustomValidity('');\">\n\t\t\t\t\t\t\t\t\t\t<option value=\"-\" selected>--:--<\/option>\n\t\t\t\t\t\t\t\t\t\t\t\t\t\t\t\t\t\t\t\t<option value=\"00:00\">\n\t\t\t\t\t\t\t\t\t\t\t00:00<\/option>\n\t\t\t\t\t\t\t\t\t\t<option value=\"00:15\">\n\t\t\t\t\t\t\t\t\t\t\t00:15<\/option>\n\t\t\t\t\t\t\t\t\t\t<option value=\"00:30\">\n\t\t\t\t\t\t\t\t\t\t\t00:30<\/option>\n\t\t\t\t\t\t\t\t\t\t<option value=\"00:45\">\n\t\t\t\t\t\t\t\t\t\t\t00:45<\/option>\n\t\t\t\t\t\t\t\t\t\t\t\t\t\t\t\t\t\t\t\t<option value=\"01:00\">\n\t\t\t\t\t\t\t\t\t\t\t01:00<\/option>\n\t\t\t\t\t\t\t\t\t\t<option value=\"01:15\">\n\t\t\t\t\t\t\t\t\t\t\t01:15<\/option>\n\t\t\t\t\t\t\t\t\t\t<option value=\"01:30\">\n\t\t\t\t\t\t\t\t\t\t\t01:30<\/option>\n\t\t\t\t\t\t\t\t\t\t<option value=\"01:45\">\n\t\t\t\t\t\t\t\t\t\t\t01:45<\/option>\n\t\t\t\t\t\t\t\t\t\t\t\t\t\t\t\t\t\t\t\t<option value=\"02:00\">\n\t\t\t\t\t\t\t\t\t\t\t02:00<\/option>\n\t\t\t\t\t\t\t\t\t\t<option value=\"02:15\">\n\t\t\t\t\t\t\t\t\t\t\t02:15<\/option>\n\t\t\t\t\t\t\t\t\t\t<option value=\"02:30\">\n\t\t\t\t\t\t\t\t\t\t\t02:30<\/option>\n\t\t\t\t\t\t\t\t\t\t<option value=\"02:45\">\n\t\t\t\t\t\t\t\t\t\t\t02:45<\/option>\n\t\t\t\t\t\t\t\t\t\t\t\t\t\t\t\t\t\t\t\t<option value=\"03:00\">\n\t\t\t\t\t\t\t\t\t\t\t03:00<\/option>\n\t\t\t\t\t\t\t\t\t\t<option value=\"03:15\">\n\t\t\t\t\t\t\t\t\t\t\t03:15<\/option>\n\t\t\t\t\t\t\t\t\t\t<option value=\"03:30\">\n\t\t\t\t\t\t\t\t\t\t\t03:30<\/option>\n\t\t\t\t\t\t\t\t\t\t<option value=\"03:45\">\n\t\t\t\t\t\t\t\t\t\t\t03:45<\/option>\n\t\t\t\t\t\t\t\t\t\t\t\t\t\t\t\t\t\t\t\t<option value=\"04:00\">\n\t\t\t\t\t\t\t\t\t\t\t04:00<\/option>\n\t\t\t\t\t\t\t\t\t\t<option value=\"04:15\">\n\t\t\t\t\t\t\t\t\t\t\t04:15<\/option>\n\t\t\t\t\t\t\t\t\t\t<option value=\"04:30\">\n\t\t\t\t\t\t\t\t\t\t\t04:30<\/option>\n\t\t\t\t\t\t\t\t\t\t<option value=\"04:45\">\n\t\t\t\t\t\t\t\t\t\t\t04:45<\/option>\n\t\t\t\t\t\t\t\t\t\t\t\t\t\t\t\t\t\t\t\t<option value=\"05:00\">\n\t\t\t\t\t\t\t\t\t\t\t05:00<\/option>\n\t\t\t\t\t\t\t\t\t\t<option value=\"05:15\">\n\t\t\t\t\t\t\t\t\t\t\t05:15<\/option>\n\t\t\t\t\t\t\t\t\t\t<option value=\"05:30\">\n\t\t\t\t\t\t\t\t\t\t\t05:30<\/option>\n\t\t\t\t\t\t\t\t\t\t<option value=\"05:45\">\n\t\t\t\t\t\t\t\t\t\t\t05:45<\/option>\n\t\t\t\t\t\t\t\t\t\t\t\t\t\t\t\t\t\t\t\t<option value=\"06:00\">\n\t\t\t\t\t\t\t\t\t\t\t06:00<\/option>\n\t\t\t\t\t\t\t\t\t\t<option value=\"06:15\">\n\t\t\t\t\t\t\t\t\t\t\t06:15<\/option>\n\t\t\t\t\t\t\t\t\t\t<option value=\"06:30\">\n\t\t\t\t\t\t\t\t\t\t\t06:30<\/option>\n\t\t\t\t\t\t\t\t\t\t<option value=\"06:45\">\n\t\t\t\t\t\t\t\t\t\t\t06:45<\/option>\n\t\t\t\t\t\t\t\t\t\t\t\t\t\t\t\t\t\t\t\t<option value=\"07:00\">\n\t\t\t\t\t\t\t\t\t\t\t07:00<\/option>\n\t\t\t\t\t\t\t\t\t\t<option value=\"07:15\">\n\t\t\t\t\t\t\t\t\t\t\t07:15<\/option>\n\t\t\t\t\t\t\t\t\t\t<option value=\"07:30\">\n\t\t\t\t\t\t\t\t\t\t\t07:30<\/option>\n\t\t\t\t\t\t\t\t\t\t<option value=\"07:45\">\n\t\t\t\t\t\t\t\t\t\t\t07:45<\/option>\n\t\t\t\t\t\t\t\t\t\t\t\t\t\t\t\t\t\t\t\t<option value=\"08:00\">\n\t\t\t\t\t\t\t\t\t\t\t08:00<\/option>\n\t\t\t\t\t\t\t\t\t\t<option value=\"08:15\">\n\t\t\t\t\t\t\t\t\t\t\t08:15<\/option>\n\t\t\t\t\t\t\t\t\t\t<option value=\"08:30\">\n\t\t\t\t\t\t\t\t\t\t\t08:30<\/option>\n\t\t\t\t\t\t\t\t\t\t<option value=\"08:45\">\n\t\t\t\t\t\t\t\t\t\t\t08:45<\/option>\n\t\t\t\t\t\t\t\t\t\t\t\t\t\t\t\t\t\t\t\t<option value=\"09:00\">\n\t\t\t\t\t\t\t\t\t\t\t09:00<\/option>\n\t\t\t\t\t\t\t\t\t\t<option value=\"09:15\">\n\t\t\t\t\t\t\t\t\t\t\t09:15<\/option>\n\t\t\t\t\t\t\t\t\t\t<option value=\"09:30\">\n\t\t\t\t\t\t\t\t\t\t\t09:30<\/option>\n\t\t\t\t\t\t\t\t\t\t<option value=\"09:45\">\n\t\t\t\t\t\t\t\t\t\t\t09:45<\/option>\n\t\t\t\t\t\t\t\t\t\t\t\t\t\t\t\t\t\t\t\t<option value=\"10:00\">\n\t\t\t\t\t\t\t\t\t\t\t10:00<\/option>\n\t\t\t\t\t\t\t\t\t\t<option value=\"10:15\">\n\t\t\t\t\t\t\t\t\t\t\t10:15<\/option>\n\t\t\t\t\t\t\t\t\t\t<option value=\"10:30\">\n\t\t\t\t\t\t\t\t\t\t\t10:30<\/option>\n\t\t\t\t\t\t\t\t\t\t<option value=\"10:45\">\n\t\t\t\t\t\t\t\t\t\t\t10:45<\/option>\n\t\t\t\t\t\t\t\t\t\t\t\t\t\t\t\t\t\t\t\t<option value=\"11:00\">\n\t\t\t\t\t\t\t\t\t\t\t11:00<\/option>\n\t\t\t\t\t\t\t\t\t\t<option value=\"11:15\">\n\t\t\t\t\t\t\t\t\t\t\t11:15<\/option>\n\t\t\t\t\t\t\t\t\t\t<option value=\"11:30\">\n\t\t\t\t\t\t\t\t\t\t\t11:30<\/option>\n\t\t\t\t\t\t\t\t\t\t<option value=\"11:45\">\n\t\t\t\t\t\t\t\t\t\t\t11:45<\/option>\n\t\t\t\t\t\t\t\t\t\t\t\t\t\t\t\t\t\t\t\t<option value=\"12:00\">\n\t\t\t\t\t\t\t\t\t\t\t12:00<\/option>\n\t\t\t\t\t\t\t\t\t\t<option value=\"12:15\">\n\t\t\t\t\t\t\t\t\t\t\t12:15<\/option>\n\t\t\t\t\t\t\t\t\t\t<option value=\"12:30\">\n\t\t\t\t\t\t\t\t\t\t\t12:30<\/option>\n\t\t\t\t\t\t\t\t\t\t<option value=\"12:45\">\n\t\t\t\t\t\t\t\t\t\t\t12:45<\/option>\n\t\t\t\t\t\t\t\t\t\t\t\t\t\t\t\t\t\t\t\t<option value=\"13:00\">\n\t\t\t\t\t\t\t\t\t\t\t13:00<\/option>\n\t\t\t\t\t\t\t\t\t\t<option value=\"13:15\">\n\t\t\t\t\t\t\t\t\t\t\t13:15<\/option>\n\t\t\t\t\t\t\t\t\t\t<option value=\"13:30\">\n\t\t\t\t\t\t\t\t\t\t\t13:30<\/option>\n\t\t\t\t\t\t\t\t\t\t<option value=\"13:45\">\n\t\t\t\t\t\t\t\t\t\t\t13:45<\/option>\n\t\t\t\t\t\t\t\t\t\t\t\t\t\t\t\t\t\t\t\t<option value=\"14:00\">\n\t\t\t\t\t\t\t\t\t\t\t14:00<\/option>\n\t\t\t\t\t\t\t\t\t\t<option value=\"14:15\">\n\t\t\t\t\t\t\t\t\t\t\t14:15<\/option>\n\t\t\t\t\t\t\t\t\t\t<option value=\"14:30\">\n\t\t\t\t\t\t\t\t\t\t\t14:30<\/option>\n\t\t\t\t\t\t\t\t\t\t<option value=\"14:45\">\n\t\t\t\t\t\t\t\t\t\t\t14:45<\/option>\n\t\t\t\t\t\t\t\t\t\t\t\t\t\t\t\t\t\t\t\t<option value=\"15:00\">\n\t\t\t\t\t\t\t\t\t\t\t15:00<\/option>\n\t\t\t\t\t\t\t\t\t\t<option value=\"15:15\">\n\t\t\t\t\t\t\t\t\t\t\t15:15<\/option>\n\t\t\t\t\t\t\t\t\t\t<option value=\"15:30\">\n\t\t\t\t\t\t\t\t\t\t\t15:30<\/option>\n\t\t\t\t\t\t\t\t\t\t<option value=\"15:45\">\n\t\t\t\t\t\t\t\t\t\t\t15:45<\/option>\n\t\t\t\t\t\t\t\t\t\t\t\t\t\t\t\t\t\t\t\t<option value=\"16:00\">\n\t\t\t\t\t\t\t\t\t\t\t16:00<\/option>\n\t\t\t\t\t\t\t\t\t\t<option value=\"16:15\">\n\t\t\t\t\t\t\t\t\t\t\t16:15<\/option>\n\t\t\t\t\t\t\t\t\t\t<option value=\"16:30\">\n\t\t\t\t\t\t\t\t\t\t\t16:30<\/option>\n\t\t\t\t\t\t\t\t\t\t<option value=\"16:45\">\n\t\t\t\t\t\t\t\t\t\t\t16:45<\/option>\n\t\t\t\t\t\t\t\t\t\t\t\t\t\t\t\t\t\t\t\t<option value=\"17:00\">\n\t\t\t\t\t\t\t\t\t\t\t17:00<\/option>\n\t\t\t\t\t\t\t\t\t\t<option value=\"17:15\">\n\t\t\t\t\t\t\t\t\t\t\t17:15<\/option>\n\t\t\t\t\t\t\t\t\t\t<option value=\"17:30\">\n\t\t\t\t\t\t\t\t\t\t\t17:30<\/option>\n\t\t\t\t\t\t\t\t\t\t<option value=\"17:45\">\n\t\t\t\t\t\t\t\t\t\t\t17:45<\/option>\n\t\t\t\t\t\t\t\t\t\t\t\t\t\t\t\t\t\t\t\t<option value=\"18:00\">\n\t\t\t\t\t\t\t\t\t\t\t18:00<\/option>\n\t\t\t\t\t\t\t\t\t\t<option value=\"18:15\">\n\t\t\t\t\t\t\t\t\t\t\t18:15<\/option>\n\t\t\t\t\t\t\t\t\t\t<option value=\"18:30\">\n\t\t\t\t\t\t\t\t\t\t\t18:30<\/option>\n\t\t\t\t\t\t\t\t\t\t<option value=\"18:45\">\n\t\t\t\t\t\t\t\t\t\t\t18:45<\/option>\n\t\t\t\t\t\t\t\t\t\t\t\t\t\t\t\t\t\t\t\t<option value=\"19:00\">\n\t\t\t\t\t\t\t\t\t\t\t19:00<\/option>\n\t\t\t\t\t\t\t\t\t\t<option value=\"19:15\">\n\t\t\t\t\t\t\t\t\t\t\t19:15<\/option>\n\t\t\t\t\t\t\t\t\t\t<option value=\"19:30\">\n\t\t\t\t\t\t\t\t\t\t\t19:30<\/option>\n\t\t\t\t\t\t\t\t\t\t<option value=\"19:45\">\n\t\t\t\t\t\t\t\t\t\t\t19:45<\/option>\n\t\t\t\t\t\t\t\t\t\t\t\t\t\t\t\t\t\t\t\t<option value=\"20:00\">\n\t\t\t\t\t\t\t\t\t\t\t20:00<\/option>\n\t\t\t\t\t\t\t\t\t\t<option value=\"20:15\">\n\t\t\t\t\t\t\t\t\t\t\t20:15<\/option>\n\t\t\t\t\t\t\t\t\t\t<option value=\"20:30\">\n\t\t\t\t\t\t\t\t\t\t\t20:30<\/option>\n\t\t\t\t\t\t\t\t\t\t<option value=\"20:45\">\n\t\t\t\t\t\t\t\t\t\t\t20:45<\/option>\n\t\t\t\t\t\t\t\t\t\t\t\t\t\t\t\t\t\t\t\t<option value=\"21:00\">\n\t\t\t\t\t\t\t\t\t\t\t21:00<\/option>\n\t\t\t\t\t\t\t\t\t\t<option value=\"21:15\">\n\t\t\t\t\t\t\t\t\t\t\t21:15<\/option>\n\t\t\t\t\t\t\t\t\t\t<option value=\"21:30\">\n\t\t\t\t\t\t\t\t\t\t\t21:30<\/option>\n\t\t\t\t\t\t\t\t\t\t<option value=\"21:45\">\n\t\t\t\t\t\t\t\t\t\t\t21:45<\/option>\n\t\t\t\t\t\t\t\t\t\t\t\t\t\t\t\t\t\t\t\t<option value=\"22:00\">\n\t\t\t\t\t\t\t\t\t\t\t22:00<\/option>\n\t\t\t\t\t\t\t\t\t\t<option value=\"22:15\">\n\t\t\t\t\t\t\t\t\t\t\t22:15<\/option>\n\t\t\t\t\t\t\t\t\t\t<option value=\"22:30\">\n\t\t\t\t\t\t\t\t\t\t\t22:30<\/option>\n\t\t\t\t\t\t\t\t\t\t<option value=\"22:45\">\n\t\t\t\t\t\t\t\t\t\t\t22:45<\/option>\n\t\t\t\t\t\t\t\t\t\t\t\t\t\t\t\t\t\t\t\t<option value=\"23:00\">\n\t\t\t\t\t\t\t\t\t\t\t23:00<\/option>\n\t\t\t\t\t\t\t\t\t\t<option value=\"23:15\">\n\t\t\t\t\t\t\t\t\t\t\t23:15<\/option>\n\t\t\t\t\t\t\t\t\t\t<option value=\"23:30\">\n\t\t\t\t\t\t\t\t\t\t\t23:30<\/option>\n\t\t\t\t\t\t\t\t\t\t<option value=\"23:45\">\n\t\t\t\t\t\t\t\t\t\t\t23:45<\/option>\n\t\t\t\t\t\t\t\t\t\t\t\t\t\t\t\t\t\t\t<\/select>\n\t\t\t\t\t\t\t\t<\/div>\n\t\t\t\t\t\t\t<\/div>\n\t\t\t\t\t\t<\/div>\n\t\t\t\t\t\t<div class=\"col-sm-6\">\n\t\t\t\t\t\t\t<div class=\"form-group\">\n\t\t\t\t\t\t\t\t<div id=\"bookingBox\"><\/div>\n\n\t\t\t\t\t\t\t\t<label for=\"devuelta\"><h4>D\u00e9p\u00f4t<\/h4><\/label>\n\t\t\t\t\t\t\t\t<select name=\"devuelta\" id=\"devuelta\" class=\"custom-select\">\n\t\t\t\t\t\t\t\t\t<option value=\"airport\"  selected>Malaga A\u00e9roport<\/option>\n\t\t\t\t\t\t\t\t\t\t\t\t\t\t\t\t<\/select>\n\n\t\t\t\t\t\t\t\t<div class=\"form-inline my-2\">\n\t\t\t\t\t\t\t\t\t<input id=\"dDate\" class=\"form-control\" value=\"14\/09\/2026\" name=\"dDate\" readonly>\n\t\t\t\t\t\t\t\t\t<select class=\"custom-select\" id=\"dhorasminutos\" name=\"dhorasminutos\" oninvalid=\"setCustomValidity('Faites-nous savoir votre heure de retour')\" onchange=\"setCustomValidity('')\">\n\t\t\t\t\t\t\t\t\t\t<option value=\"-\" selected>--:--<\/option>\n\t\t\t\t\t\t\t\t\t\t\t\t\t\t\t\t\t\t\t\t<option value=\"00:00\">\n\t\t\t\t\t\t\t\t\t\t\t00:00<\/option>\n\t\t\t\t\t\t\t\t\t\t<option value=\"00:15\">\n\t\t\t\t\t\t\t\t\t\t\t00:15<\/option>\n\t\t\t\t\t\t\t\t\t\t<option value=\"00:30\">\n\t\t\t\t\t\t\t\t\t\t\t00:30<\/option>\n\t\t\t\t\t\t\t\t\t\t<option value=\"00:45\">\n\t\t\t\t\t\t\t\t\t\t\t00:45<\/option>\n\t\t\t\t\t\t\t\t\t\t\t\t\t\t\t\t\t\t\t\t<option value=\"01:00\">\n\t\t\t\t\t\t\t\t\t\t\t01:00<\/option>\n\t\t\t\t\t\t\t\t\t\t<option value=\"01:15\">\n\t\t\t\t\t\t\t\t\t\t\t01:15<\/option>\n\t\t\t\t\t\t\t\t\t\t<option value=\"01:30\">\n\t\t\t\t\t\t\t\t\t\t\t01:30<\/option>\n\t\t\t\t\t\t\t\t\t\t<option value=\"01:45\">\n\t\t\t\t\t\t\t\t\t\t\t01:45<\/option>\n\t\t\t\t\t\t\t\t\t\t\t\t\t\t\t\t\t\t\t\t<option value=\"02:00\">\n\t\t\t\t\t\t\t\t\t\t\t02:00<\/option>\n\t\t\t\t\t\t\t\t\t\t<option value=\"02:15\">\n\t\t\t\t\t\t\t\t\t\t\t02:15<\/option>\n\t\t\t\t\t\t\t\t\t\t<option value=\"02:30\">\n\t\t\t\t\t\t\t\t\t\t\t02:30<\/option>\n\t\t\t\t\t\t\t\t\t\t<option value=\"02:45\">\n\t\t\t\t\t\t\t\t\t\t\t02:45<\/option>\n\t\t\t\t\t\t\t\t\t\t\t\t\t\t\t\t\t\t\t\t<option value=\"03:00\">\n\t\t\t\t\t\t\t\t\t\t\t03:00<\/option>\n\t\t\t\t\t\t\t\t\t\t<option value=\"03:15\">\n\t\t\t\t\t\t\t\t\t\t\t03:15<\/option>\n\t\t\t\t\t\t\t\t\t\t<option value=\"03:30\">\n\t\t\t\t\t\t\t\t\t\t\t03:30<\/option>\n\t\t\t\t\t\t\t\t\t\t<option value=\"03:45\">\n\t\t\t\t\t\t\t\t\t\t\t03:45<\/option>\n\t\t\t\t\t\t\t\t\t\t\t\t\t\t\t\t\t\t\t\t<option value=\"04:00\">\n\t\t\t\t\t\t\t\t\t\t\t04:00<\/option>\n\t\t\t\t\t\t\t\t\t\t<option value=\"04:15\">\n\t\t\t\t\t\t\t\t\t\t\t04:15<\/option>\n\t\t\t\t\t\t\t\t\t\t<option value=\"04:30\">\n\t\t\t\t\t\t\t\t\t\t\t04:30<\/option>\n\t\t\t\t\t\t\t\t\t\t<option value=\"04:45\">\n\t\t\t\t\t\t\t\t\t\t\t04:45<\/option>\n\t\t\t\t\t\t\t\t\t\t\t\t\t\t\t\t\t\t\t\t<option value=\"05:00\">\n\t\t\t\t\t\t\t\t\t\t\t05:00<\/option>\n\t\t\t\t\t\t\t\t\t\t<option value=\"05:15\">\n\t\t\t\t\t\t\t\t\t\t\t05:15<\/option>\n\t\t\t\t\t\t\t\t\t\t<option value=\"05:30\">\n\t\t\t\t\t\t\t\t\t\t\t05:30<\/option>\n\t\t\t\t\t\t\t\t\t\t<option value=\"05:45\">\n\t\t\t\t\t\t\t\t\t\t\t05:45<\/option>\n\t\t\t\t\t\t\t\t\t\t\t\t\t\t\t\t\t\t\t\t<option value=\"06:00\">\n\t\t\t\t\t\t\t\t\t\t\t06:00<\/option>\n\t\t\t\t\t\t\t\t\t\t<option value=\"06:15\">\n\t\t\t\t\t\t\t\t\t\t\t06:15<\/option>\n\t\t\t\t\t\t\t\t\t\t<option value=\"06:30\">\n\t\t\t\t\t\t\t\t\t\t\t06:30<\/option>\n\t\t\t\t\t\t\t\t\t\t<option value=\"06:45\">\n\t\t\t\t\t\t\t\t\t\t\t06:45<\/option>\n\t\t\t\t\t\t\t\t\t\t\t\t\t\t\t\t\t\t\t\t<option value=\"07:00\">\n\t\t\t\t\t\t\t\t\t\t\t07:00<\/option>\n\t\t\t\t\t\t\t\t\t\t<option value=\"07:15\">\n\t\t\t\t\t\t\t\t\t\t\t07:15<\/option>\n\t\t\t\t\t\t\t\t\t\t<option value=\"07:30\">\n\t\t\t\t\t\t\t\t\t\t\t07:30<\/option>\n\t\t\t\t\t\t\t\t\t\t<option value=\"07:45\">\n\t\t\t\t\t\t\t\t\t\t\t07:45<\/option>\n\t\t\t\t\t\t\t\t\t\t\t\t\t\t\t\t\t\t\t\t<option value=\"08:00\">\n\t\t\t\t\t\t\t\t\t\t\t08:00<\/option>\n\t\t\t\t\t\t\t\t\t\t<option value=\"08:15\">\n\t\t\t\t\t\t\t\t\t\t\t08:15<\/option>\n\t\t\t\t\t\t\t\t\t\t<option value=\"08:30\">\n\t\t\t\t\t\t\t\t\t\t\t08:30<\/option>\n\t\t\t\t\t\t\t\t\t\t<option value=\"08:45\">\n\t\t\t\t\t\t\t\t\t\t\t08:45<\/option>\n\t\t\t\t\t\t\t\t\t\t\t\t\t\t\t\t\t\t\t\t<option value=\"09:00\">\n\t\t\t\t\t\t\t\t\t\t\t09:00<\/option>\n\t\t\t\t\t\t\t\t\t\t<option value=\"09:15\">\n\t\t\t\t\t\t\t\t\t\t\t09:15<\/option>\n\t\t\t\t\t\t\t\t\t\t<option value=\"09:30\">\n\t\t\t\t\t\t\t\t\t\t\t09:30<\/option>\n\t\t\t\t\t\t\t\t\t\t<option value=\"09:45\">\n\t\t\t\t\t\t\t\t\t\t\t09:45<\/option>\n\t\t\t\t\t\t\t\t\t\t\t\t\t\t\t\t\t\t\t\t<option value=\"10:00\">\n\t\t\t\t\t\t\t\t\t\t\t10:00<\/option>\n\t\t\t\t\t\t\t\t\t\t<option value=\"10:15\">\n\t\t\t\t\t\t\t\t\t\t\t10:15<\/option>\n\t\t\t\t\t\t\t\t\t\t<option value=\"10:30\">\n\t\t\t\t\t\t\t\t\t\t\t10:30<\/option>\n\t\t\t\t\t\t\t\t\t\t<option value=\"10:45\">\n\t\t\t\t\t\t\t\t\t\t\t10:45<\/option>\n\t\t\t\t\t\t\t\t\t\t\t\t\t\t\t\t\t\t\t\t<option value=\"11:00\">\n\t\t\t\t\t\t\t\t\t\t\t11:00<\/option>\n\t\t\t\t\t\t\t\t\t\t<option value=\"11:15\">\n\t\t\t\t\t\t\t\t\t\t\t11:15<\/option>\n\t\t\t\t\t\t\t\t\t\t<option value=\"11:30\">\n\t\t\t\t\t\t\t\t\t\t\t11:30<\/option>\n\t\t\t\t\t\t\t\t\t\t<option value=\"11:45\">\n\t\t\t\t\t\t\t\t\t\t\t11:45<\/option>\n\t\t\t\t\t\t\t\t\t\t\t\t\t\t\t\t\t\t\t\t<option value=\"12:00\">\n\t\t\t\t\t\t\t\t\t\t\t12:00<\/option>\n\t\t\t\t\t\t\t\t\t\t<option value=\"12:15\">\n\t\t\t\t\t\t\t\t\t\t\t12:15<\/option>\n\t\t\t\t\t\t\t\t\t\t<option value=\"12:30\">\n\t\t\t\t\t\t\t\t\t\t\t12:30<\/option>\n\t\t\t\t\t\t\t\t\t\t<option value=\"12:45\">\n\t\t\t\t\t\t\t\t\t\t\t12:45<\/option>\n\t\t\t\t\t\t\t\t\t\t\t\t\t\t\t\t\t\t\t\t<option value=\"13:00\">\n\t\t\t\t\t\t\t\t\t\t\t13:00<\/option>\n\t\t\t\t\t\t\t\t\t\t<option value=\"13:15\">\n\t\t\t\t\t\t\t\t\t\t\t13:15<\/option>\n\t\t\t\t\t\t\t\t\t\t<option value=\"13:30\">\n\t\t\t\t\t\t\t\t\t\t\t13:30<\/option>\n\t\t\t\t\t\t\t\t\t\t<option value=\"13:45\">\n\t\t\t\t\t\t\t\t\t\t\t13:45<\/option>\n\t\t\t\t\t\t\t\t\t\t\t\t\t\t\t\t\t\t\t\t<option value=\"14:00\">\n\t\t\t\t\t\t\t\t\t\t\t14:00<\/option>\n\t\t\t\t\t\t\t\t\t\t<option value=\"14:15\">\n\t\t\t\t\t\t\t\t\t\t\t14:15<\/option>\n\t\t\t\t\t\t\t\t\t\t<option value=\"14:30\">\n\t\t\t\t\t\t\t\t\t\t\t14:30<\/option>\n\t\t\t\t\t\t\t\t\t\t<option value=\"14:45\">\n\t\t\t\t\t\t\t\t\t\t\t14:45<\/option>\n\t\t\t\t\t\t\t\t\t\t\t\t\t\t\t\t\t\t\t\t<option value=\"15:00\">\n\t\t\t\t\t\t\t\t\t\t\t15:00<\/option>\n\t\t\t\t\t\t\t\t\t\t<option value=\"15:15\">\n\t\t\t\t\t\t\t\t\t\t\t15:15<\/option>\n\t\t\t\t\t\t\t\t\t\t<option value=\"15:30\">\n\t\t\t\t\t\t\t\t\t\t\t15:30<\/option>\n\t\t\t\t\t\t\t\t\t\t<option value=\"15:45\">\n\t\t\t\t\t\t\t\t\t\t\t15:45<\/option>\n\t\t\t\t\t\t\t\t\t\t\t\t\t\t\t\t\t\t\t\t<option value=\"16:00\">\n\t\t\t\t\t\t\t\t\t\t\t16:00<\/option>\n\t\t\t\t\t\t\t\t\t\t<option value=\"16:15\">\n\t\t\t\t\t\t\t\t\t\t\t16:15<\/option>\n\t\t\t\t\t\t\t\t\t\t<option value=\"16:30\">\n\t\t\t\t\t\t\t\t\t\t\t16:30<\/option>\n\t\t\t\t\t\t\t\t\t\t<option value=\"16:45\">\n\t\t\t\t\t\t\t\t\t\t\t16:45<\/option>\n\t\t\t\t\t\t\t\t\t\t\t\t\t\t\t\t\t\t\t\t<option value=\"17:00\">\n\t\t\t\t\t\t\t\t\t\t\t17:00<\/option>\n\t\t\t\t\t\t\t\t\t\t<option value=\"17:15\">\n\t\t\t\t\t\t\t\t\t\t\t17:15<\/option>\n\t\t\t\t\t\t\t\t\t\t<option value=\"17:30\">\n\t\t\t\t\t\t\t\t\t\t\t17:30<\/option>\n\t\t\t\t\t\t\t\t\t\t<option value=\"17:45\">\n\t\t\t\t\t\t\t\t\t\t\t17:45<\/option>\n\t\t\t\t\t\t\t\t\t\t\t\t\t\t\t\t\t\t\t\t<option value=\"18:00\">\n\t\t\t\t\t\t\t\t\t\t\t18:00<\/option>\n\t\t\t\t\t\t\t\t\t\t<option value=\"18:15\">\n\t\t\t\t\t\t\t\t\t\t\t18:15<\/option>\n\t\t\t\t\t\t\t\t\t\t<option value=\"18:30\">\n\t\t\t\t\t\t\t\t\t\t\t18:30<\/option>\n\t\t\t\t\t\t\t\t\t\t<option value=\"18:45\">\n\t\t\t\t\t\t\t\t\t\t\t18:45<\/option>\n\t\t\t\t\t\t\t\t\t\t\t\t\t\t\t\t\t\t\t\t<option value=\"19:00\">\n\t\t\t\t\t\t\t\t\t\t\t19:00<\/option>\n\t\t\t\t\t\t\t\t\t\t<option value=\"19:15\">\n\t\t\t\t\t\t\t\t\t\t\t19:15<\/option>\n\t\t\t\t\t\t\t\t\t\t<option value=\"19:30\">\n\t\t\t\t\t\t\t\t\t\t\t19:30<\/option>\n\t\t\t\t\t\t\t\t\t\t<option value=\"19:45\">\n\t\t\t\t\t\t\t\t\t\t\t19:45<\/option>\n\t\t\t\t\t\t\t\t\t\t\t\t\t\t\t\t\t\t\t\t<option value=\"20:00\">\n\t\t\t\t\t\t\t\t\t\t\t20:00<\/option>\n\t\t\t\t\t\t\t\t\t\t<option value=\"20:15\">\n\t\t\t\t\t\t\t\t\t\t\t20:15<\/option>\n\t\t\t\t\t\t\t\t\t\t<option value=\"20:30\">\n\t\t\t\t\t\t\t\t\t\t\t20:30<\/option>\n\t\t\t\t\t\t\t\t\t\t<option value=\"20:45\">\n\t\t\t\t\t\t\t\t\t\t\t20:45<\/option>\n\t\t\t\t\t\t\t\t\t\t\t\t\t\t\t\t\t\t\t\t<option value=\"21:00\">\n\t\t\t\t\t\t\t\t\t\t\t21:00<\/option>\n\t\t\t\t\t\t\t\t\t\t<option value=\"21:15\">\n\t\t\t\t\t\t\t\t\t\t\t21:15<\/option>\n\t\t\t\t\t\t\t\t\t\t<option value=\"21:30\">\n\t\t\t\t\t\t\t\t\t\t\t21:30<\/option>\n\t\t\t\t\t\t\t\t\t\t<option value=\"21:45\">\n\t\t\t\t\t\t\t\t\t\t\t21:45<\/option>\n\t\t\t\t\t\t\t\t\t\t\t\t\t\t\t\t\t\t\t\t<option value=\"22:00\">\n\t\t\t\t\t\t\t\t\t\t\t22:00<\/option>\n\t\t\t\t\t\t\t\t\t\t<option value=\"22:15\">\n\t\t\t\t\t\t\t\t\t\t\t22:15<\/option>\n\t\t\t\t\t\t\t\t\t\t<option value=\"22:30\">\n\t\t\t\t\t\t\t\t\t\t\t22:30<\/option>\n\t\t\t\t\t\t\t\t\t\t<option value=\"22:45\">\n\t\t\t\t\t\t\t\t\t\t\t22:45<\/option>\n\t\t\t\t\t\t\t\t\t\t\t\t\t\t\t\t\t\t\t\t<option value=\"23:00\">\n\t\t\t\t\t\t\t\t\t\t\t23:00<\/option>\n\t\t\t\t\t\t\t\t\t\t<option value=\"23:15\">\n\t\t\t\t\t\t\t\t\t\t\t23:15<\/option>\n\t\t\t\t\t\t\t\t\t\t<option value=\"23:30\">\n\t\t\t\t\t\t\t\t\t\t\t23:30<\/option>\n\t\t\t\t\t\t\t\t\t\t<option value=\"23:45\">\n\t\t\t\t\t\t\t\t\t\t\t23:45<\/option>\n\t\t\t\t\t\t\t\t\t\t\t\t\t\t\t\t\t\t\t<\/select>\n\t\t\t\t\t\t\t\t<\/div>\n\t\t\t\t\t\t\t<\/div>\n\t\t\t\t\t\t<\/div>\n\n\t\t\t\t\t<\/div>\n\t\t\t\t\n\n\t\t\t\t\t\t<div class=\"row\">\n                               <div class=\"col-sm-6\">\n\t\t\t\t\t\t\t\t<div class=\"form-group promo-code\">\n\t\t\t\t\t\t\t\t\t\t\t\t\t\t\t\t\t<label for=\"tipogrupo\" class=\"w-50 text-right pr-3 pt-1\">Group<\/label>\n\t\t\t\t\t\t\t\t\t<select name=\"tipogrupo\" id=\"tipogrupo\" class=\"form-control w-50\">\n\t\t\t\t\t\t\t\t\t<option value=\"0\">Voir tous<\/option>\n\t\t\t                        <option value=\"1\">Standard<\/option> \n\t\t\t\t\t\t\t\t\t<option value=\"2\">Automatique<\/option>  \n\t\t\t\t\t\t\t\t\t<option value=\"4\">Transporteurs<\/option>  \n\t\t\t\t\t\t\t\t\t<option value=\"5\">Cabriolet et Sport<\/option>  \n\t\t\t\t\t\t\t\t\t<option value=\"6\">Prestige<\/option>  \n\t\t\t\t\t\t\t\t\t<option value=\"8\">SUV<\/option>  \n\t\t\t\t\t\t\t\t\t<option value=\"10\">Camping car et Autocaravane<\/option>  \t\t\t\t\t\t\t\n\t\t\t\t\t\t\t\t<\/select>\t\n\t\t\t\t\t\t\t\t\t\n\t\t\t\t\t\t\t<\/div>\n\t\t\t\t\t\t\t<\/div>\n\t\t\t\t\t\t<div class=\"col-sm-6 align-self-end\">\n\t\t\t\t\t\t\t<div class=\"form-group\">\n\t\t\t\t\t\t\t\t<input type=\"submit\" class=\"btn-quote\" value=\"Voir les prix\" onclick=\"return msgAlert()\">\n\t\t\t\t\t\t\t<\/div>\n\t\t\t\t\t\t<\/div>\n\t\t\t\t\t<\/div>\n\t\t\t\t<\/form>\n\t\t\t\t<div class=\"row hide-mini-tablet advantages\">\n\t\t\t\t\t\t<div class=\"col-12\">\n\t\t\t\t\t\t\t<h4 class=\"text-center text-white\">TARIFS IMBATTABLES<\/h4>\n\t\t\t\t\t\t\t<ul>\n\t\t\t\t\t\t\t\t<li><strong>Grande flotte<\/strong> de voitures neuves.<\/li>\n\t\t\t\t\t\t\t\t<li><strong>Payez \u00e0 l'arriv\u00e9e<\/strong>.<\/li>\n\t\t\t\t\t\t\t\t<li>Ce que vous voyez est ce que vous payez.<\/li>\n\t\t\t\t\t\t\t\t<li><strong>Pas difficile \u00e0 vendre au bureau<\/strong>.<\/li>\n\t\t\t\t\t\t\t\t<li>Service de livraison VIP gratuit.<\/li>\n\t\t\t\t\t\t\t\t<li><strong class='redpassion-alt'>PAS DE FRAIS SUPPL\u00c9MENTAIRES<\/strong>, pour le service de ravitaillement.<\/li>\n\t\t\t\t\t\t\t<\/ul>\n\t\t\t\t\t\t<\/div>\n\t\t\t\t\t<\/div>\n\t\t\t\t<\/div>\n\t\t\t<br clear=\"all\">\n<\/p>\n","protected":false},"excerpt":{"rendered":"<p>Nerja, l&rsquo;une des stations touristiques les plus importantes de la Costa del Sol, est situ\u00e9e dans la partie la plus orientale de la province. Cependant, cette municipalit\u00e9 poss\u00e8de un charme tr\u00e8s sp\u00e9cial qui la distingue du tourisme sur la Costa del Sol occidentale. Situ\u00e9e aux contreforts des hautes montagnes de la Sierra Tejeda, de l&rsquo;Axarqu\u00eda, [&hellip;]<\/p>\n","protected":false},"author":1,"featured_media":768,"comment_status":"open","ping_status":"open","sticky":false,"template":"","format":"standard","meta":{"footnotes":""},"categories":[43],"tags":[],"class_list":["post-766","post","type-post","status-publish","format-standard","has-post-thumbnail","hentry","category-astuces-de-voyage"],"yoast_head":"<!-- This site is optimized with the Yoast SEO plugin v28.4 - https:\/\/yoast.com\/product\/yoast-seo-wordpress\/ -->\n<title>Visiter Nerja - Un joyau de la Costa del Sol - Blog de MalagaCar.com<\/title>\n<meta name=\"description\" content=\"D\u00e9couvrez tout ce que vous pouvez faire lors de votre visite \u00e0 Nerja, l&#039;un des plus beaux villages c\u00f4tiers de la Costa del Sol.\" \/>\n<meta name=\"robots\" content=\"index, follow, max-snippet:-1, max-image-preview:large, max-video-preview:-1\" \/>\n<link rel=\"canonical\" href=\"https:\/\/www.malagacar.com\/fr\/blog\/astuces-de-voyage\/visiter-nerja\/\" \/>\n<meta property=\"og:locale\" content=\"fr_FR\" \/>\n<meta property=\"og:type\" content=\"article\" \/>\n<meta property=\"og:title\" content=\"Visiter Nerja - Un joyau de la Costa del Sol - Blog de MalagaCar.com\" \/>\n<meta property=\"og:description\" content=\"D\u00e9couvrez tout ce que vous pouvez faire lors de votre visite \u00e0 Nerja, l&#039;un des plus beaux villages c\u00f4tiers de la Costa del Sol.\" \/>\n<meta property=\"og:url\" content=\"https:\/\/www.malagacar.com\/fr\/blog\/astuces-de-voyage\/visiter-nerja\/\" \/>\n<meta property=\"og:site_name\" content=\"Blog de MalagaCar.com\" \/>\n<meta property=\"article:publisher\" content=\"https:\/\/www.facebook.com\/malagacar\" \/>\n<meta property=\"article:published_time\" content=\"2023-01-23T10:25:18+00:00\" \/>\n<meta property=\"article:modified_time\" content=\"2023-11-02T11:41:28+00:00\" \/>\n<meta property=\"og:image\" content=\"https:\/\/www.malagacar.com\/fr\/blog\/wp-content\/uploads\/2023\/01\/nerja-cartel.jpg\" \/>\n\t<meta property=\"og:image:width\" content=\"1046\" \/>\n\t<meta property=\"og:image:height\" content=\"1280\" \/>\n\t<meta property=\"og:image:type\" content=\"image\/jpeg\" \/>\n<meta name=\"author\" content=\"MalagaCar.com\" \/>\n<meta name=\"twitter:card\" content=\"summary_large_image\" \/>\n<meta name=\"twitter:creator\" content=\"@malagacarcom\" \/>\n<meta name=\"twitter:site\" content=\"@malagacarcom\" \/>\n<meta name=\"twitter:label1\" content=\"\u00c9crit par\" \/>\n\t<meta name=\"twitter:data1\" content=\"MalagaCar.com\" \/>\n\t<meta name=\"twitter:label2\" content=\"Dur\u00e9e de lecture estim\u00e9e\" \/>\n\t<meta name=\"twitter:data2\" content=\"18 minutes\" \/>\n<script type=\"application\/ld+json\" class=\"yoast-schema-graph\">{\"@context\":\"https:\\\/\\\/schema.org\",\"@graph\":[{\"@type\":\"Article\",\"@id\":\"https:\\\/\\\/www.malagacar.com\\\/fr\\\/blog\\\/astuces-de-voyage\\\/visiter-nerja\\\/#article\",\"isPartOf\":{\"@id\":\"https:\\\/\\\/www.malagacar.com\\\/fr\\\/blog\\\/astuces-de-voyage\\\/visiter-nerja\\\/\"},\"author\":{\"name\":\"MalagaCar.com\",\"@id\":\"https:\\\/\\\/www.malagacar.com\\\/fr\\\/blog\\\/#\\\/schema\\\/person\\\/ffb97005d02bcc7d0bb59f5409635691\"},\"headline\":\"Visiter Nerja &#8211; Un joyau de la Costa del Sol\",\"datePublished\":\"2023-01-23T10:25:18+00:00\",\"dateModified\":\"2023-11-02T11:41:28+00:00\",\"mainEntityOfPage\":{\"@id\":\"https:\\\/\\\/www.malagacar.com\\\/fr\\\/blog\\\/astuces-de-voyage\\\/visiter-nerja\\\/\"},\"wordCount\":2362,\"commentCount\":0,\"publisher\":{\"@id\":\"https:\\\/\\\/www.malagacar.com\\\/fr\\\/blog\\\/#organization\"},\"image\":{\"@id\":\"https:\\\/\\\/www.malagacar.com\\\/fr\\\/blog\\\/astuces-de-voyage\\\/visiter-nerja\\\/#primaryimage\"},\"thumbnailUrl\":\"https:\\\/\\\/www.malagacar.com\\\/fr\\\/blog\\\/wp-content\\\/uploads\\\/2023\\\/01\\\/nerja-cartel.jpg\",\"articleSection\":[\"Astuces de voyage\"],\"inLanguage\":\"fr-FR\",\"potentialAction\":[{\"@type\":\"CommentAction\",\"name\":\"Comment\",\"target\":[\"https:\\\/\\\/www.malagacar.com\\\/fr\\\/blog\\\/astuces-de-voyage\\\/visiter-nerja\\\/#respond\"]}]},{\"@type\":\"WebPage\",\"@id\":\"https:\\\/\\\/www.malagacar.com\\\/fr\\\/blog\\\/astuces-de-voyage\\\/visiter-nerja\\\/\",\"url\":\"https:\\\/\\\/www.malagacar.com\\\/fr\\\/blog\\\/astuces-de-voyage\\\/visiter-nerja\\\/\",\"name\":\"Visiter Nerja - Un joyau de la Costa del Sol - Blog de MalagaCar.com\",\"isPartOf\":{\"@id\":\"https:\\\/\\\/www.malagacar.com\\\/fr\\\/blog\\\/#website\"},\"primaryImageOfPage\":{\"@id\":\"https:\\\/\\\/www.malagacar.com\\\/fr\\\/blog\\\/astuces-de-voyage\\\/visiter-nerja\\\/#primaryimage\"},\"image\":{\"@id\":\"https:\\\/\\\/www.malagacar.com\\\/fr\\\/blog\\\/astuces-de-voyage\\\/visiter-nerja\\\/#primaryimage\"},\"thumbnailUrl\":\"https:\\\/\\\/www.malagacar.com\\\/fr\\\/blog\\\/wp-content\\\/uploads\\\/2023\\\/01\\\/nerja-cartel.jpg\",\"datePublished\":\"2023-01-23T10:25:18+00:00\",\"dateModified\":\"2023-11-02T11:41:28+00:00\",\"description\":\"D\u00e9couvrez tout ce que vous pouvez faire lors de votre visite \u00e0 Nerja, l'un des plus beaux villages c\u00f4tiers de la Costa del Sol.\",\"breadcrumb\":{\"@id\":\"https:\\\/\\\/www.malagacar.com\\\/fr\\\/blog\\\/astuces-de-voyage\\\/visiter-nerja\\\/#breadcrumb\"},\"inLanguage\":\"fr-FR\",\"potentialAction\":[{\"@type\":\"ReadAction\",\"target\":[\"https:\\\/\\\/www.malagacar.com\\\/fr\\\/blog\\\/astuces-de-voyage\\\/visiter-nerja\\\/\"]}]},{\"@type\":\"ImageObject\",\"inLanguage\":\"fr-FR\",\"@id\":\"https:\\\/\\\/www.malagacar.com\\\/fr\\\/blog\\\/astuces-de-voyage\\\/visiter-nerja\\\/#primaryimage\",\"url\":\"https:\\\/\\\/www.malagacar.com\\\/fr\\\/blog\\\/wp-content\\\/uploads\\\/2023\\\/01\\\/nerja-cartel.jpg\",\"contentUrl\":\"https:\\\/\\\/www.malagacar.com\\\/fr\\\/blog\\\/wp-content\\\/uploads\\\/2023\\\/01\\\/nerja-cartel.jpg\",\"width\":1046,\"height\":1280,\"caption\":\"Nerja\"},{\"@type\":\"BreadcrumbList\",\"@id\":\"https:\\\/\\\/www.malagacar.com\\\/fr\\\/blog\\\/astuces-de-voyage\\\/visiter-nerja\\\/#breadcrumb\",\"itemListElement\":[{\"@type\":\"ListItem\",\"position\":1,\"name\":\"Accueil\",\"item\":\"https:\\\/\\\/www.malagacar.com\\\/fr\\\/blog\\\/\"},{\"@type\":\"ListItem\",\"position\":2,\"name\":\"Visiter Nerja &#8211; Un joyau de la Costa del Sol\"}]},{\"@type\":\"WebSite\",\"@id\":\"https:\\\/\\\/www.malagacar.com\\\/fr\\\/blog\\\/#website\",\"url\":\"https:\\\/\\\/www.malagacar.com\\\/fr\\\/blog\\\/\",\"name\":\"Blog de MalagaCar.com\",\"description\":\"Nouvelles et informations int\u00e9ressantes sur la location de voitures \u00e0 l&#039;a\u00e9roport de Malaga.\",\"publisher\":{\"@id\":\"https:\\\/\\\/www.malagacar.com\\\/fr\\\/blog\\\/#organization\"},\"potentialAction\":[{\"@type\":\"SearchAction\",\"target\":{\"@type\":\"EntryPoint\",\"urlTemplate\":\"https:\\\/\\\/www.malagacar.com\\\/fr\\\/blog\\\/?s={search_term_string}\"},\"query-input\":{\"@type\":\"PropertyValueSpecification\",\"valueRequired\":true,\"valueName\":\"search_term_string\"}}],\"inLanguage\":\"fr-FR\"},{\"@type\":\"Organization\",\"@id\":\"https:\\\/\\\/www.malagacar.com\\\/fr\\\/blog\\\/#organization\",\"name\":\"MalagaCar.com\",\"url\":\"https:\\\/\\\/www.malagacar.com\\\/fr\\\/blog\\\/\",\"logo\":{\"@type\":\"ImageObject\",\"inLanguage\":\"fr-FR\",\"@id\":\"https:\\\/\\\/www.malagacar.com\\\/fr\\\/blog\\\/#\\\/schema\\\/logo\\\/image\\\/\",\"url\":\"https:\\\/\\\/www.malagacar.com\\\/fr\\\/blog\\\/wp-content\\\/uploads\\\/2021\\\/06\\\/logo-malagacar-social.png\",\"contentUrl\":\"https:\\\/\\\/www.malagacar.com\\\/fr\\\/blog\\\/wp-content\\\/uploads\\\/2021\\\/06\\\/logo-malagacar-social.png\",\"width\":900,\"height\":900,\"caption\":\"MalagaCar.com\"},\"image\":{\"@id\":\"https:\\\/\\\/www.malagacar.com\\\/fr\\\/blog\\\/#\\\/schema\\\/logo\\\/image\\\/\"},\"sameAs\":[\"https:\\\/\\\/www.facebook.com\\\/malagacar\",\"https:\\\/\\\/x.com\\\/malagacarcom\",\"https:\\\/\\\/www.instagram.com\\\/malagacar\\\/\",\"https:\\\/\\\/www.linkedin.com\\\/company\\\/malagacar.com\",\"https:\\\/\\\/www.youtube.com\\\/c\\\/MalagacarAirport\"]},{\"@type\":\"Person\",\"@id\":\"https:\\\/\\\/www.malagacar.com\\\/fr\\\/blog\\\/#\\\/schema\\\/person\\\/ffb97005d02bcc7d0bb59f5409635691\",\"name\":\"MalagaCar.com\",\"image\":{\"@type\":\"ImageObject\",\"inLanguage\":\"fr-FR\",\"@id\":\"https:\\\/\\\/secure.gravatar.com\\\/avatar\\\/296ebc31026e7be05868369e4c596b3239b1582b2fcf8a45de57333e2e82bb82?s=96&d=mm&r=g\",\"url\":\"https:\\\/\\\/secure.gravatar.com\\\/avatar\\\/296ebc31026e7be05868369e4c596b3239b1582b2fcf8a45de57333e2e82bb82?s=96&d=mm&r=g\",\"contentUrl\":\"https:\\\/\\\/secure.gravatar.com\\\/avatar\\\/296ebc31026e7be05868369e4c596b3239b1582b2fcf8a45de57333e2e82bb82?s=96&d=mm&r=g\",\"caption\":\"MalagaCar.com\"},\"sameAs\":[\"https:\\\/\\\/www.malagacar.com\\\/fr\\\/blog\"]}]}<\/script>\n<!-- \/ Yoast SEO plugin. -->","yoast_head_json":{"title":"Visiter Nerja - Un joyau de la Costa del Sol - Blog de MalagaCar.com","description":"D\u00e9couvrez tout ce que vous pouvez faire lors de votre visite \u00e0 Nerja, l'un des plus beaux villages c\u00f4tiers de la Costa del Sol.","robots":{"index":"index","follow":"follow","max-snippet":"max-snippet:-1","max-image-preview":"max-image-preview:large","max-video-preview":"max-video-preview:-1"},"canonical":"https:\/\/www.malagacar.com\/fr\/blog\/astuces-de-voyage\/visiter-nerja\/","og_locale":"fr_FR","og_type":"article","og_title":"Visiter Nerja - Un joyau de la Costa del Sol - Blog de MalagaCar.com","og_description":"D\u00e9couvrez tout ce que vous pouvez faire lors de votre visite \u00e0 Nerja, l'un des plus beaux villages c\u00f4tiers de la Costa del Sol.","og_url":"https:\/\/www.malagacar.com\/fr\/blog\/astuces-de-voyage\/visiter-nerja\/","og_site_name":"Blog de MalagaCar.com","article_publisher":"https:\/\/www.facebook.com\/malagacar","article_published_time":"2023-01-23T10:25:18+00:00","article_modified_time":"2023-11-02T11:41:28+00:00","og_image":[{"width":1046,"height":1280,"url":"https:\/\/www.malagacar.com\/fr\/blog\/wp-content\/uploads\/2023\/01\/nerja-cartel.jpg","type":"image\/jpeg"}],"author":"MalagaCar.com","twitter_card":"summary_large_image","twitter_creator":"@malagacarcom","twitter_site":"@malagacarcom","twitter_misc":{"\u00c9crit par":"MalagaCar.com","Dur\u00e9e de lecture estim\u00e9e":"18 minutes"},"schema":{"@context":"https:\/\/schema.org","@graph":[{"@type":"Article","@id":"https:\/\/www.malagacar.com\/fr\/blog\/astuces-de-voyage\/visiter-nerja\/#article","isPartOf":{"@id":"https:\/\/www.malagacar.com\/fr\/blog\/astuces-de-voyage\/visiter-nerja\/"},"author":{"name":"MalagaCar.com","@id":"https:\/\/www.malagacar.com\/fr\/blog\/#\/schema\/person\/ffb97005d02bcc7d0bb59f5409635691"},"headline":"Visiter Nerja &#8211; Un joyau de la Costa del Sol","datePublished":"2023-01-23T10:25:18+00:00","dateModified":"2023-11-02T11:41:28+00:00","mainEntityOfPage":{"@id":"https:\/\/www.malagacar.com\/fr\/blog\/astuces-de-voyage\/visiter-nerja\/"},"wordCount":2362,"commentCount":0,"publisher":{"@id":"https:\/\/www.malagacar.com\/fr\/blog\/#organization"},"image":{"@id":"https:\/\/www.malagacar.com\/fr\/blog\/astuces-de-voyage\/visiter-nerja\/#primaryimage"},"thumbnailUrl":"https:\/\/www.malagacar.com\/fr\/blog\/wp-content\/uploads\/2023\/01\/nerja-cartel.jpg","articleSection":["Astuces de voyage"],"inLanguage":"fr-FR","potentialAction":[{"@type":"CommentAction","name":"Comment","target":["https:\/\/www.malagacar.com\/fr\/blog\/astuces-de-voyage\/visiter-nerja\/#respond"]}]},{"@type":"WebPage","@id":"https:\/\/www.malagacar.com\/fr\/blog\/astuces-de-voyage\/visiter-nerja\/","url":"https:\/\/www.malagacar.com\/fr\/blog\/astuces-de-voyage\/visiter-nerja\/","name":"Visiter Nerja - Un joyau de la Costa del Sol - Blog de MalagaCar.com","isPartOf":{"@id":"https:\/\/www.malagacar.com\/fr\/blog\/#website"},"primaryImageOfPage":{"@id":"https:\/\/www.malagacar.com\/fr\/blog\/astuces-de-voyage\/visiter-nerja\/#primaryimage"},"image":{"@id":"https:\/\/www.malagacar.com\/fr\/blog\/astuces-de-voyage\/visiter-nerja\/#primaryimage"},"thumbnailUrl":"https:\/\/www.malagacar.com\/fr\/blog\/wp-content\/uploads\/2023\/01\/nerja-cartel.jpg","datePublished":"2023-01-23T10:25:18+00:00","dateModified":"2023-11-02T11:41:28+00:00","description":"D\u00e9couvrez tout ce que vous pouvez faire lors de votre visite \u00e0 Nerja, l'un des plus beaux villages c\u00f4tiers de la Costa del Sol.","breadcrumb":{"@id":"https:\/\/www.malagacar.com\/fr\/blog\/astuces-de-voyage\/visiter-nerja\/#breadcrumb"},"inLanguage":"fr-FR","potentialAction":[{"@type":"ReadAction","target":["https:\/\/www.malagacar.com\/fr\/blog\/astuces-de-voyage\/visiter-nerja\/"]}]},{"@type":"ImageObject","inLanguage":"fr-FR","@id":"https:\/\/www.malagacar.com\/fr\/blog\/astuces-de-voyage\/visiter-nerja\/#primaryimage","url":"https:\/\/www.malagacar.com\/fr\/blog\/wp-content\/uploads\/2023\/01\/nerja-cartel.jpg","contentUrl":"https:\/\/www.malagacar.com\/fr\/blog\/wp-content\/uploads\/2023\/01\/nerja-cartel.jpg","width":1046,"height":1280,"caption":"Nerja"},{"@type":"BreadcrumbList","@id":"https:\/\/www.malagacar.com\/fr\/blog\/astuces-de-voyage\/visiter-nerja\/#breadcrumb","itemListElement":[{"@type":"ListItem","position":1,"name":"Accueil","item":"https:\/\/www.malagacar.com\/fr\/blog\/"},{"@type":"ListItem","position":2,"name":"Visiter Nerja &#8211; Un joyau de la Costa del Sol"}]},{"@type":"WebSite","@id":"https:\/\/www.malagacar.com\/fr\/blog\/#website","url":"https:\/\/www.malagacar.com\/fr\/blog\/","name":"Blog de MalagaCar.com","description":"Nouvelles et informations int\u00e9ressantes sur la location de voitures \u00e0 l&#039;a\u00e9roport de Malaga.","publisher":{"@id":"https:\/\/www.malagacar.com\/fr\/blog\/#organization"},"potentialAction":[{"@type":"SearchAction","target":{"@type":"EntryPoint","urlTemplate":"https:\/\/www.malagacar.com\/fr\/blog\/?s={search_term_string}"},"query-input":{"@type":"PropertyValueSpecification","valueRequired":true,"valueName":"search_term_string"}}],"inLanguage":"fr-FR"},{"@type":"Organization","@id":"https:\/\/www.malagacar.com\/fr\/blog\/#organization","name":"MalagaCar.com","url":"https:\/\/www.malagacar.com\/fr\/blog\/","logo":{"@type":"ImageObject","inLanguage":"fr-FR","@id":"https:\/\/www.malagacar.com\/fr\/blog\/#\/schema\/logo\/image\/","url":"https:\/\/www.malagacar.com\/fr\/blog\/wp-content\/uploads\/2021\/06\/logo-malagacar-social.png","contentUrl":"https:\/\/www.malagacar.com\/fr\/blog\/wp-content\/uploads\/2021\/06\/logo-malagacar-social.png","width":900,"height":900,"caption":"MalagaCar.com"},"image":{"@id":"https:\/\/www.malagacar.com\/fr\/blog\/#\/schema\/logo\/image\/"},"sameAs":["https:\/\/www.facebook.com\/malagacar","https:\/\/x.com\/malagacarcom","https:\/\/www.instagram.com\/malagacar\/","https:\/\/www.linkedin.com\/company\/malagacar.com","https:\/\/www.youtube.com\/c\/MalagacarAirport"]},{"@type":"Person","@id":"https:\/\/www.malagacar.com\/fr\/blog\/#\/schema\/person\/ffb97005d02bcc7d0bb59f5409635691","name":"MalagaCar.com","image":{"@type":"ImageObject","inLanguage":"fr-FR","@id":"https:\/\/secure.gravatar.com\/avatar\/296ebc31026e7be05868369e4c596b3239b1582b2fcf8a45de57333e2e82bb82?s=96&d=mm&r=g","url":"https:\/\/secure.gravatar.com\/avatar\/296ebc31026e7be05868369e4c596b3239b1582b2fcf8a45de57333e2e82bb82?s=96&d=mm&r=g","contentUrl":"https:\/\/secure.gravatar.com\/avatar\/296ebc31026e7be05868369e4c596b3239b1582b2fcf8a45de57333e2e82bb82?s=96&d=mm&r=g","caption":"MalagaCar.com"},"sameAs":["https:\/\/www.malagacar.com\/fr\/blog"]}]}},"_links":{"self":[{"href":"https:\/\/www.malagacar.com\/fr\/blog\/wp-json\/wp\/v2\/posts\/766","targetHints":{"allow":["GET"]}}],"collection":[{"href":"https:\/\/www.malagacar.com\/fr\/blog\/wp-json\/wp\/v2\/posts"}],"about":[{"href":"https:\/\/www.malagacar.com\/fr\/blog\/wp-json\/wp\/v2\/types\/post"}],"author":[{"embeddable":true,"href":"https:\/\/www.malagacar.com\/fr\/blog\/wp-json\/wp\/v2\/users\/1"}],"replies":[{"embeddable":true,"href":"https:\/\/www.malagacar.com\/fr\/blog\/wp-json\/wp\/v2\/comments?post=766"}],"version-history":[{"count":2,"href":"https:\/\/www.malagacar.com\/fr\/blog\/wp-json\/wp\/v2\/posts\/766\/revisions"}],"predecessor-version":[{"id":772,"href":"https:\/\/www.malagacar.com\/fr\/blog\/wp-json\/wp\/v2\/posts\/766\/revisions\/772"}],"wp:featuredmedia":[{"embeddable":true,"href":"https:\/\/www.malagacar.com\/fr\/blog\/wp-json\/wp\/v2\/media\/768"}],"wp:attachment":[{"href":"https:\/\/www.malagacar.com\/fr\/blog\/wp-json\/wp\/v2\/media?parent=766"}],"wp:term":[{"taxonomy":"category","embeddable":true,"href":"https:\/\/www.malagacar.com\/fr\/blog\/wp-json\/wp\/v2\/categories?post=766"},{"taxonomy":"post_tag","embeddable":true,"href":"https:\/\/www.malagacar.com\/fr\/blog\/wp-json\/wp\/v2\/tags?post=766"}],"curies":[{"name":"wp","href":"https:\/\/api.w.org\/{rel}","templated":true}]}}