{"id":773,"date":"2022-05-02T11:09:13","date_gmt":"2022-05-02T09:09:13","guid":{"rendered":"https:\/\/www.malagacar.com\/fr\/blog\/?p=773"},"modified":"2023-11-03T12:00:06","modified_gmt":"2023-11-03T11:00:06","slug":"routes-panoramiques-malaga","status":"publish","type":"post","link":"https:\/\/www.malagacar.com\/fr\/blog\/loisirs\/routes-panoramiques-malaga\/","title":{"rendered":"Les plus belles routes panoramiques de Malaga"},"content":{"rendered":"<p>D\u00e9couvrez certaines des plus belles routes panoramiques de Malaga pour profiter de votre voiture de location pendant vos vacances.<br \/>\n<!--more-->Il existe de nombreuses fa\u00e7ons de profiter de vos vacances dans les stations baln\u00e9aires populaires de la Costa del Sol.<\/p>\n<p>Cet article est d\u00e9di\u00e9 \u00e0 ceux qui aiment parcourir les routes de Malaga \u00e0 la recherche de <em><strong>paysages magnifiques, de villages blancs, de gens sympathiques et de tavernes proposant une cuisine traditionnelle<\/strong><\/em> \u00e0 des prix abordables.<\/p>\n<p>En fin de compte, \u00e0 ceux qui aiment <em><strong>d\u00e9couvrir davantage la v\u00e9ritable Andalousie<\/strong><\/em> \u00e0 quelques kilom\u00e8tres de la bruyante Costa del Sol, et \u00e0 ceux qui aiment se d\u00e9placer librement en voiture de location pour explorer le pays \u00e0 leur rythme.<br \/>\n\n            <div class=\"banner\">\n                <div class=\"row\">\n                    <div class=\"col-sm-4\">\n                        <a href=\"\/fr\/location-de-voitures\/quote.php\" data-wpel-link=\"internal\"><img decoding=\"async\" src=\"\/images\/banner-img.jpg\" alt=\"malagacar.com\"><\/a>\n                    <\/div>\n                    <div class=\"col-sm-8\">\n                      <a href=\"\/fr\/location-de-voitures\/quote.php\" class=\"banner-title\" data-wpel-link=\"internal\">Meilleure location de voitures <div>\u00e0 l'a\u00e9roport de Malaga<\/div><\/a>   \n                        <div class=\"row\">\n                            <div class=\"col-sm-7\">\n                                <ul>\n                                    <li>Pas de frais de ravitaillement<\/li>\n                                    <li>Annulation gratuite<\/li>\n                                    <li>Location sans interm\u00e9diaire<\/li>\n                                    <li>Payez lorsque vous prenez la voiture<\/li>\n                                    <li><\/li>\n                                <\/ul>\n                            <\/div>\n                            <div class=\"col-sm-5\">\n                                <a class=\"btn-banner\" href=\"\/fr\/location-de-voitures\/quote.php\" data-wpel-link=\"internal\">Consultez les prix<\/a>\n                                <img decoding=\"async\" class=\"zonturent\" src=\"\/images\/zontu-banner.png\" alt=\"\">\n                            <\/div>\n                        <\/div>\n                    <\/div>\n                 <\/div>  \n            <\/div>\n            <\/p>\n<p>Aujourd&rsquo;hui, nous vous proposons de magnifiques itin\u00e9raires \u00e0 travers <em><strong>l&rsquo;Axarqu\u00eda et la Serran\u00eda de Ronda<\/strong><\/em>.<\/p>\n<div id=\"ez-toc-container\" class=\"ez-toc-v2_0_87 counter-hierarchy ez-toc-counter ez-toc-light-blue ez-toc-container-direction\">\n<p class=\"ez-toc-title\" style=\"cursor:inherit\">Table des mati\u00e8res<\/p>\n<label for=\"ez-toc-cssicon-toggle-item-6a9a2c70b72eb\" class=\"ez-toc-cssicon-toggle-label\"><span class=\"\"><span class=\"eztoc-hide\" style=\"display:none;\">Toggle<\/span><span class=\"ez-toc-icon-toggle-span\"><svg style=\"fill: #999;color:#999\" xmlns=\"http:\/\/www.w3.org\/2000\/svg\" class=\"list-377408\" width=\"20px\" height=\"20px\" viewBox=\"0 0 24 24\" fill=\"none\"><path d=\"M6 6H4v2h2V6zm14 0H8v2h12V6zM4 11h2v2H4v-2zm16 0H8v2h12v-2zM4 16h2v2H4v-2zm16 0H8v2h12v-2z\" fill=\"currentColor\"><\/path><\/svg><svg style=\"fill: #999;color:#999\" class=\"arrow-unsorted-368013\" xmlns=\"http:\/\/www.w3.org\/2000\/svg\" width=\"10px\" height=\"10px\" viewBox=\"0 0 24 24\" version=\"1.2\" baseProfile=\"tiny\"><path d=\"M18.2 9.3l-6.2-6.3-6.2 6.3c-.2.2-.3.4-.3.7s.1.5.3.7c.2.2.4.3.7.3h11c.3 0 .5-.1.7-.3.2-.2.3-.5.3-.7s-.1-.5-.3-.7zM5.8 14.7l6.2 6.3 6.2-6.3c.2-.2.3-.5.3-.7s-.1-.5-.3-.7c-.2-.2-.4-.3-.7-.3h-11c-.3 0-.5.1-.7.3-.2.2-.3.5-.3.7s.1.5.3.7z\"\/><\/svg><\/span><\/span><\/label><input type=\"checkbox\"  id=\"ez-toc-cssicon-toggle-item-6a9a2c70b72eb\"  aria-label=\"Toggle\" \/><nav><ul class='ez-toc-list ez-toc-list-level-1 ' ><li class='ez-toc-page-1 ez-toc-heading-level-1'><a class=\"ez-toc-link ez-toc-heading-1\" href=\"https:\/\/www.malagacar.com\/fr\/blog\/loisirs\/routes-panoramiques-malaga\/#Les_plus_belles_routes_panoramiques_de_Malaga_lAxarquia\" data-wpel-link=\"internal\">Les plus belles routes panoramiques de Malaga : l&rsquo;Axarqu\u00eda<\/a><ul class='ez-toc-list-level-2' ><li class='ez-toc-heading-level-2'><a class=\"ez-toc-link ez-toc-heading-2\" href=\"https:\/\/www.malagacar.com\/fr\/blog\/loisirs\/routes-panoramiques-malaga\/#La_route_du_Soleil_et_de_lAvocat\" data-wpel-link=\"internal\">La route du Soleil et de l&rsquo;Avocat<\/a><\/li><li class='ez-toc-page-1 ez-toc-heading-level-2'><a class=\"ez-toc-link ez-toc-heading-3\" href=\"https:\/\/www.malagacar.com\/fr\/blog\/loisirs\/routes-panoramiques-malaga\/#La_route_de_lHuile_et_des_Montagnes\" data-wpel-link=\"internal\">La route de l&rsquo;Huile et des Montagnes<\/a><\/li><li class='ez-toc-page-1 ez-toc-heading-level-2'><a class=\"ez-toc-link ez-toc-heading-4\" href=\"https:\/\/www.malagacar.com\/fr\/blog\/loisirs\/routes-panoramiques-malaga\/#La_route_du_Soleil_et_du_Vin\" data-wpel-link=\"internal\">La route du Soleil et du Vin<\/a><\/li><li class='ez-toc-page-1 ez-toc-heading-level-2'><a class=\"ez-toc-link ez-toc-heading-5\" href=\"https:\/\/www.malagacar.com\/fr\/blog\/loisirs\/routes-panoramiques-malaga\/#La_route_Mudejar\" data-wpel-link=\"internal\">La route Mud\u00e9jar<\/a><\/li><li class='ez-toc-page-1 ez-toc-heading-level-2'><a class=\"ez-toc-link ez-toc-heading-6\" href=\"https:\/\/www.malagacar.com\/fr\/blog\/loisirs\/routes-panoramiques-malaga\/#La_route_du_Raisin_Sec\" data-wpel-link=\"internal\">La route du Raisin Sec<\/a><ul class='ez-toc-list-level-3' ><li class='ez-toc-heading-level-3'><a class=\"ez-toc-link ez-toc-heading-7\" href=\"https:\/\/www.malagacar.com\/fr\/blog\/loisirs\/routes-panoramiques-malaga\/#Fetes_gastronomiques\" data-wpel-link=\"internal\">F\u00eates gastronomiques<\/a><\/li><\/ul><\/li><\/ul><\/li><li class='ez-toc-page-1 ez-toc-heading-level-1'><a class=\"ez-toc-link ez-toc-heading-8\" href=\"https:\/\/www.malagacar.com\/fr\/blog\/loisirs\/routes-panoramiques-malaga\/#Les_plus_belles_routes_panoramiques_de_Malaga_La_Serrania_de_Ronda\" data-wpel-link=\"internal\">Les plus belles routes panoramiques de Malaga : La Serran\u00eda de Ronda<\/a><\/li><\/ul><\/nav><\/div>\n<h1><span class=\"ez-toc-section\" id=\"Les_plus_belles_routes_panoramiques_de_Malaga_lAxarquia\"><\/span>Les plus belles routes panoramiques de Malaga : l&rsquo;Axarqu\u00eda<span class=\"ez-toc-section-end\"><\/span><\/h1>\n<figure id=\"attachment_11098\" aria-describedby=\"caption-attachment-11098\" style=\"width: 620px\" class=\"wp-caption alignnone\"><img loading=\"lazy\" decoding=\"async\" class=\" wp-image-11098\" src=\"https:\/\/www.malagacar.com\/sp\/blog\/wp-content\/uploads\/2022\/05\/Entre-provincias-by-Carlos-Castro.jpg\" alt=\"\" width=\"620\" height=\"413\" \/><figcaption id=\"caption-attachment-11098\" class=\"wp-caption-text\">Photo de Carlos Castro, notre photographe pr\u00e9f\u00e9r\u00e9<\/figcaption><\/figure>\n<p>Ce joyau est situ\u00e9 dans la partie la plus orientale de Malaga. Avec <em><strong>les montagnes les plus \u00e9lev\u00e9es de la province<\/strong><\/em>, des <em><strong>villages blancs d&rsquo;origine arabe<\/strong><\/em>, une <em><strong>cuisine traditionnelle<\/strong><\/em> \u00e0 des prix raisonnables, un <em><strong>climat tropical<\/strong><\/em> et de charmantes criques aux eaux cristallines, ce sont de bonnes raisons pour le d\u00e9couvrir !<\/p>\n<p>Nos itin\u00e9raires panoramiques nous m\u00e8neront \u00e0 travers les villages blancs de l&rsquo;Axarqu\u00eda. Des villages d&rsquo;origine arabe qui ont pr\u00e9serv\u00e9 leurs caract\u00e9ristiques et leur charme \u00e0 travers les si\u00e8cles.<\/p>\n<p>Nous les d\u00e9couvrirons en empruntant des routes secondaires depuis la Costa del Sol orientale.<\/p>\n<p>Et nous p\u00e9n\u00e9trons dans la Sierra de Almijara, en passant par des cultures et des for\u00eats m\u00e9diterran\u00e9ennes. \u00c0 mesure que nous prenons de l&rsquo;altitude, des paysages spectaculaires s&rsquo;offrent \u00e0 nous avec certaines des meilleures vues de la province.<\/p>\n<p>Et comme tout ce voyage ouvre l&rsquo;app\u00e9tit, il est d&rsquo;autant mieux que tous ces villages se distinguent par leur cuisine que vous ne devriez pas manquer de go\u00fbter !<\/p>\n<h2><span class=\"ez-toc-section\" id=\"La_route_du_Soleil_et_de_lAvocat\"><\/span>La route du Soleil et de l&rsquo;Avocat<span class=\"ez-toc-section-end\"><\/span><\/h2>\n<p>Cette route est id\u00e9ale si vous souhaitez d\u00e9couvrir \u00e0 la fois la c\u00f4te et la montagne de l&rsquo;Axarqu\u00eda. Elle comprend les municipalit\u00e9s de <strong>Rinc\u00f3n de la Victoria, Macharaviaya, V\u00e9lez-M\u00e1laga, Benamocarra, Iznate et Benamargosa<\/strong>.<\/p>\n<p>En raison du microclimat sp\u00e9cial de cette r\u00e9gion en raison de ses montagnes \u00e9lev\u00e9es, il y a de nombreuses cultures de fruits subtropicaux tels que l&rsquo;avocat, la mangue, la papaye ou la ch\u00e9rimole.<\/p>\n<p>Vous pouvez faire une halte \u00e0 Rinc\u00f3n de la Victoria et visiter la <strong>Grotte au Tr\u00e9sor<\/strong>, la seule grotte marine en Europe.<\/p>\n<figure id=\"attachment_10443\" aria-describedby=\"caption-attachment-10443\" style=\"width: 620px\" class=\"wp-caption alignnone\"><img loading=\"lazy\" decoding=\"async\" class=\" wp-image-10443\" src=\"https:\/\/www.malagacar.com\/sp\/blog\/wp-content\/uploads\/2022\/02\/Cueva-del-Tesoro-Foto-Jesus-Sanchez-Jabalera-1024x573.jpg\" alt=\"\" width=\"620\" height=\"347\" \/><figcaption id=\"caption-attachment-10443\" class=\"wp-caption-text\">Photo de la Cueva del Tesoro par Jesus Sanchez Jabalera<\/figcaption><\/figure>\n<p>V\u00e9lez-M\u00e1laga poss\u00e8de un grand patrimoine historique et culturel.<\/p>\n<p>Et en fonction de la saison, n&rsquo;oubliez pas de visiter les <strong>plus belles plages de la Costa del Sol orientale<\/strong>.<br \/>\n<iframe loading=\"lazy\" style=\"border: 0;\" src=\"https:\/\/www.google.com\/maps\/embed?pb=!1m62!1m12!1m3!1d124768.36815829507!2d-4.330173256911094!3d36.775973472908866!2m3!1f0!2f0!3f0!3m2!1i1024!2i768!4f13.1!4m47!3e0!4m5!1s0xd7259c44fdb212d%3A0x6025dc92c9ca32cf!2zTcOhbGFnYQ!3m2!1d36.721261!2d-4.4212655!4m5!1s0xd725a8925cf0bd3%3A0xd9df30c8f2414379!2sRinc%C3%B3n%20de%20la%20Victoria!3m2!1d36.7176779!2d-4.280396!4m5!1s0xd7244c2bf3f4dd9%3A0xfee07cc7156b6aa3!2sMacharaviaya!3m2!1d36.762132199999996!2d-4.2121932!4m5!1s0xd724722450196b3%3A0xe1018d0f691b4438!2zVsOpbGV6LU3DoWxhZ2E!3m2!1d36.7799228!2d-4.1005589!4m5!1s0xd7244089f38b0e9%3A0x70b558d4d0efc09f!2sBenamocarra!3m2!1d36.7915103!2d-4.160334499999999!4m5!1s0xd7244663025c2d9%3A0xce5aeb932a7fe69f!2sIznate!3m2!1d36.7755486!2d-4.1843368!4m5!1s0xd724300fdeccba9%3A0x19dd22a239a7190!2sBenamargosa!3m2!1d36.8340351!2d-4.192980299999999!4m3!3m2!1d36.6798023!2d-4.4050176!5e1!3m2!1ses!2ses!4v1652258939106!5m2!1ses!2ses\" width=\"600\" height=\"450\" allowfullscreen=\"allowfullscreen\"><\/iframe><\/p>\n<h2><span class=\"ez-toc-section\" id=\"La_route_de_lHuile_et_des_Montagnes\"><\/span>La route de l&rsquo;Huile et des Montagnes<span class=\"ez-toc-section-end\"><\/span><\/h2>\n<p>Vous \u00eates attir\u00e9 par les montagnes et leurs paysages impressionnants ? Cette route est pour vous, passant par <strong>Colmenar et Comares, Alfarnate, Alfarnatejo et Periana<\/strong>.<\/p>\n<p>Tr\u00e8s proche se trouve le <strong>lac de Vi\u00f1uela<\/strong>.<\/p>\n<figure id=\"attachment_11106\" aria-describedby=\"caption-attachment-11106\" style=\"width: 620px\" class=\"wp-caption alignnone\"><img loading=\"lazy\" decoding=\"async\" class=\" wp-image-11106\" src=\"https:\/\/www.malagacar.com\/sp\/blog\/wp-content\/uploads\/2022\/05\/Pantano-de-la-Vinuela-vista-desde-Alcaucin-by-Carlos-Castro-1024x683.jpg\" alt=\"\" width=\"620\" height=\"413\" \/><figcaption id=\"caption-attachment-11106\" class=\"wp-caption-text\">Lac de Vi\u00f1uela vu depuis Alcauc\u00edn, Photo de Carlos Castro<\/figcaption><\/figure>\n<p>Vous aimez les cerises ? Ne manquez pas la <strong>F\u00eate des cerises \u00e0 Alfarnate<\/strong> ! En plus de d\u00e9guster ces fruits, il y a de la gastronomie, des march\u00e9s et de l&rsquo;animation. La date varie, elle a lieu \u00e0 la fin du mois de juin.<\/p>\n<p><img loading=\"lazy\" decoding=\"async\" class=\"alignnone wp-image-9261\" src=\"https:\/\/www.malagacar.com\/sp\/blog\/wp-content\/uploads\/2021\/08\/cerezas-alfarnate.jpg\" alt=\"cerises alfarnate\" width=\"619\" height=\"314\" \/><\/p>\n<p>La r\u00e9gion est tr\u00e8s r\u00e9put\u00e9e pour ses <strong>excellentes huiles d&rsquo;olive<\/strong> vari\u00e9t\u00e9s verdial et hojiblanca. Vous pouvez visiter le Mus\u00e9e de l&rsquo;huile \u00e0 Periana et d\u00e9guster leurs d\u00e9licieuses p\u00eaches. Faire du sport en plein air et profiter du lac et de la bonne gastronomie.<br \/>\n<iframe loading=\"lazy\" style=\"border: 0;\" src=\"https:\/\/www.google.com\/maps\/embed?pb=!1m46!1m12!1m3!1d249068.9598152306!2d-4.404298239957014!3d36.91943083505517!2m3!1f0!2f0!3f0!3m2!1i1024!2i768!4f13.1!4m31!3e0!4m5!1s0xd7260e9b5230b1b%3A0x9dfedfd5104f45f!2s29170%20Colmenar%2C%20M%C3%A1laga!3m2!1d36.9048387!2d-4.3367416!4m5!1s0xd725d3b9d43ebc1%3A0x49c53ff4270e5723!2sComares!3m2!1d36.8489746!2d-4.2482103!4m5!1s0xd7265bb1314d82b%3A0xc3678fa5bc46328!2sAlfarnate!3m2!1d36.9943677!2d-4.2592944!4m5!1s0xd7265cc904188eb%3A0xa1bb84fddc5854b5!2sAlfarnatejo!3m2!1d36.979141!2d-4.2727596!4m5!1s0xd726901f7541cc1%3A0xaffe7e7172c22194!2sPeriana!3m2!1d36.928047!2d-4.1916997!5e1!3m2!1ses!2ses!4v1652265285946!5m2!1ses!2ses\" width=\"600\" height=\"450\" allowfullscreen=\"allowfullscreen\"><\/iframe><\/p>\n<h2><span class=\"ez-toc-section\" id=\"La_route_du_Soleil_et_du_Vin\"><\/span>La route du Soleil et du Vin<span class=\"ez-toc-section-end\"><\/span><\/h2>\n<p>Une autre route qui combine de magnifiques villages blancs perch\u00e9s sur les collines et les municipalit\u00e9s c\u00f4ti\u00e8res les plus populaires : <strong>C\u00f3mpeta, Algarrobo, Sayalonga, Canillas de Albaida, Torrox, Nerja et Frigiliana<\/strong>.<\/p>\n<p>Nous pouvons recommander la <strong>F\u00eate de la Nuit du Vin \u00e0 C\u00f3mpeta<\/strong> le 15 ao\u00fbt, avec la traditionnelle \u00e9crasement du raisin, de la musique et des d\u00e9gustations de gastronomie (miettes, morue, raisins) du matin jusqu&rsquo;au soir.<\/p>\n<p>Une autre f\u00eate gastronomique sur cette route est la <strong>F\u00eate du N\u00e8fle \u00e0 Sayalonga<\/strong>. Elle a lieu le premier dimanche de mai avec un hommage \u00e0 ce fruit sous forme de liqueur, de confiture et nature.<\/p>\n<figure id=\"attachment_11099\" aria-describedby=\"caption-attachment-11099\" style=\"width: 622px\" class=\"wp-caption alignnone\"><img loading=\"lazy\" decoding=\"async\" class=\" wp-image-11099\" src=\"https:\/\/www.malagacar.com\/sp\/blog\/wp-content\/uploads\/2022\/05\/nisperos-de-sayalonga-foto-laalacenademalaga-1024x479.jpg\" alt=\"\" width=\"622\" height=\"291\" \/><figcaption id=\"caption-attachment-11099\" class=\"wp-caption-text\">N\u00e8fles de Sayalonga, Photo de La Alacena de Malaga<\/figcaption><\/figure>\n<p>\u00c0 Torrox, ne manquez pas la <strong>F\u00eate des miettes<\/strong>, le dimanche pr\u00e9c\u00e9dent No\u00ebl.<\/p>\n<p>Les <strong>tortas d&rsquo;Algarrobo<\/strong> sont c\u00e9l\u00e8bres dans toute la province, ne manquez pas de les go\u00fbter.<\/p>\n<p>\u00c0 Nerja, il convient de mentionner en particulier sa c\u00e9l\u00e8bre <a href=\"https:\/\/www.malagacar.com\/fr\/blog\/loisirs\/grotte-de-nerja\/\" data-wpel-link=\"internal\"><strong>grotte de Nerja<\/strong><\/a>, la \u00ab\u00a0Cath\u00e9drale de la Costa del Sol\u00a0\u00bb.<\/p>\n<figure id=\"attachment_11100\" aria-describedby=\"caption-attachment-11100\" style=\"width: 620px\" class=\"wp-caption alignnone\"><img loading=\"lazy\" decoding=\"async\" class=\" wp-image-11100\" src=\"https:\/\/www.malagacar.com\/sp\/blog\/wp-content\/uploads\/2022\/05\/Cueva-de-Nerja-Foto-reisroutes.be_.jpg\" alt=\"\" width=\"620\" height=\"412\" \/><figcaption id=\"caption-attachment-11100\" class=\"wp-caption-text\">Grotte de Nerja, Photo de reisroutes.be<\/figcaption><\/figure>\n<p>La bande c\u00f4ti\u00e8re du <strong>site naturel des falaises de Maro<\/strong> offre un charme particulier avec <a href=\"https:\/\/www.malagacar.com\/fr\/blog\/loisirs\/criques-cachees-costa-del-sol\/\" data-wpel-link=\"internal\"><strong>les plus belles criques<\/strong><\/a> de toute la c\u00f4te.<\/p>\n<figure id=\"attachment_11101\" aria-describedby=\"caption-attachment-11101\" style=\"width: 620px\" class=\"wp-caption alignnone\"><img loading=\"lazy\" decoding=\"async\" class=\" wp-image-11101\" src=\"https:\/\/www.malagacar.com\/sp\/blog\/wp-content\/uploads\/2022\/05\/cala-del-pino.jpg\" alt=\"Cala del Pino\" width=\"620\" height=\"413\" \/><figcaption id=\"caption-attachment-11101\" class=\"wp-caption-text\">Cala del Pino<\/figcaption><\/figure>\n<p><iframe loading=\"lazy\" style=\"border: 0;\" src=\"https:\/\/www.google.com\/maps\/embed?pb=!1m58!1m12!1m3!1d148354.71403434538!2d-3.9923195872089066!3d36.786675304863124!2m3!1f0!2f0!3f0!3m2!1i1024!2i768!4f13.1!4m43!3e0!4m5!1s0xd723c3a62b48f5b%3A0x99aa899e7e79b10!2zMjk3NTQgQ8OzbXBldGEsIE3DoWxhZ2E!3m2!1d36.832810699999996!2d-3.973813!4m5!1s0xd7238ef6a1cf3cd%3A0xaa5468903f1c5ba7!2sAlgarrobo!3m2!1d36.772816399999996!2d-4.0404479!4m5!1s0xd72393489353e21%3A0x72aa933e78b9954d!2sSayalonga!3m2!1d36.7982594!2d-4.0124037999999995!4m5!1s0xd723dd53be0d449%3A0x1ce7efbed4797ac7!2sCanillas%20de%20Albaida!3m2!1d36.8465115!2d-3.9859293!4m5!1s0xd723a53e79d13f7%3A0xceeb6a1ea58443f7!2sTorrox!3m2!1d36.754478299999995!2d-3.9514923!4m5!1s0xd72251226dc9a3d%3A0xe8a542008b9b37b8!2zTmVyamEsIDI5NzgwLCBNw6FsYWdh!3m2!1d36.7565204!2d-3.8724657999999996!4m5!1s0xd7224b09423f143%3A0x907177a88feb8605!2sFrigiliana!3m2!1d36.7908751!2d-3.8947060999999996!5e1!3m2!1ses!2ses!4v1652259511899!5m2!1ses!2ses\" width=\"600\" height=\"450\" allowfullscreen=\"allowfullscreen\"><\/iframe><\/p>\n<h2><span class=\"ez-toc-section\" id=\"La_route_Mudejar\"><\/span>La route Mud\u00e9jar<span class=\"ez-toc-section-end\"><\/span><\/h2>\n<p>Bien que tous les villages de l&rsquo;Axarqu\u00eda aient une origine arabe, cette route nous permet de voir les villages qui ont le mieux conserv\u00e9 cet h\u00e9ritage. La route d&rsquo;environ 40 km traverse les municipalit\u00e9s de <strong>Arenas, \u00c1rchez, Salares, Sedella et Canillas de Aceituno<\/strong>.<\/p>\n<figure id=\"attachment_3995\" aria-describedby=\"caption-attachment-3995\" style=\"width: 622px\" class=\"wp-caption alignnone\"><img loading=\"lazy\" decoding=\"async\" class=\" wp-image-3995\" src=\"https:\/\/www.malagacar.com\/sp\/blog\/wp-content\/uploads\/2014\/09\/sedella_axarquia.jpg\" alt=\"\" width=\"622\" height=\"466\" \/><figcaption id=\"caption-attachment-3995\" class=\"wp-caption-text\">Sedella<\/figcaption><\/figure>\n<p>Il s&rsquo;agit d&rsquo;un itin\u00e9raire purement montagnard, o\u00f9 la plupart des villages sont situ\u00e9s \u00e0 des altitudes comprises entre 500 et 600 m\u00e8tres.<br \/>\n<iframe loading=\"lazy\" style=\"border: 0;\" src=\"https:\/\/www.google.com\/maps\/embed?pb=!1m46!1m12!1m3!1d124663.70909022752!2d-4.054271124063139!3d36.84022627315838!2m3!1f0!2f0!3f0!3m2!1i1024!2i768!4f13.1!4m31!3e0!4m5!1s0xd723f3ea95411dd%3A0xb0443b030fc550ac!2s29753%20Arenas%2C%20M%C3%A1laga!3m2!1d36.814977299999995!2d-4.044638!4m5!1s0xd723e817ea441a9%3A0x938b896ba6647457!2zw4FyY2hleg!3m2!1d36.8386488!2d-3.990075!4m5!1s0xd723e4df19b9b5f%3A0x1953d82b08067b61!2sSalares!3m2!1d36.8542807!2d-4.0245292!4m5!1s0xd723fb4283ffc59%3A0xd47e2dfed1e4eee3!2sSedella!3m2!1d36.862383099999995!2d-4.033146299999999!4m5!1s0xd72401073b9eb2b%3A0x3b5aface1c745106!2sCanillas%20de%20Aceituno%2C%2029716%2C%20M%C3%A1laga!3m2!1d36.8728155!2d-4.0816840999999995!5e1!3m2!1ses!2ses!4v1652265792636!5m2!1ses!2ses\" width=\"600\" height=\"450\" allowfullscreen=\"allowfullscreen\"><\/iframe><\/p>\n<h2><span class=\"ez-toc-section\" id=\"La_route_du_Raisin_Sec\"><\/span>La route du Raisin Sec<span class=\"ez-toc-section-end\"><\/span><\/h2>\n<p>Cette route d&rsquo;environ 60 km nous emm\u00e8ne \u00e0 travers les villages de l&rsquo;Axarqu\u00eda qui se sont sp\u00e9cialis\u00e9s dans la production d&rsquo;excellents raisins secs :<br \/>\n<strong>Total\u00e1n, Comares, C\u00fatar, El Borge, Alm\u00e1char et Moclinejo<\/strong>.<\/p>\n<p>Nous pouvons profiter de vues spectaculaires tout au long du trajet, un paysage montagneux parsem\u00e9 de vignobles.<br \/>\n<iframe loading=\"lazy\" style=\"border: 0;\" src=\"https:\/\/www.google.com\/maps\/embed?pb=!1m52!1m12!1m3!1d124738.60969341974!2d-4.288510940071291!3d36.79425273396075!2m3!1f0!2f0!3f0!3m2!1i1024!2i768!4f13.1!4m37!3e0!4m5!1s0xd725bc13a9ca7a7%3A0xc8cbfa0213b87858!2zMjkxOTcgVG90YWzDoW4sIE3DoWxhZ2E!3m2!1d36.7650946!2d-4.2987379!4m5!1s0xd725d3b9d43ebc1%3A0x49c53ff4270e5723!2sComares!3m2!1d36.8489746!2d-4.2482103!4m5!1s0xd72432955317c37%3A0x55f3b84fdde4280f!2zQ8O6dGFy!3m2!1d36.830849199999996!2d-4.228429!4m5!1s0xd725cca9ea0846b%3A0xd2a044ec7c3a6aee!2sEl%20Borge!3m2!1d36.815076499999996!2d-4.2352579!4m5!1s0xd724343c8f94829%3A0xb9e3aefd43513f57!2zQWxtw6FjaGFy!3m2!1d36.809047199999995!2d-4.2159499!4m5!1s0xd725b6abb09931f%3A0xea96adbbcad49c23!2sMoclinejo!3m2!1d36.7720358!2d-4.2551273!5e1!3m2!1ses!2ses!4v1652260267495!5m2!1ses!2ses\" width=\"600\" height=\"450\" allowfullscreen=\"allowfullscreen\"><\/iframe><br \/>\nNous mettons en avant Comares, le balcon de l&rsquo;Axarqu\u00eda d&rsquo;o\u00f9 vous pourrez profiter de magnifiques vues.<\/p>\n<p>\u00c0 Comares, vous trouverez \u00e9galement <strong>la tyrolienne la plus spectaculaire<\/strong> de la province.<\/p>\n<div style=\"display: block; position: relative;\">\n<div style=\"padding-top: 56.25%;\"><iframe style=\"width: 100%; height: 100%; position: absolute; top: 0px; bottom: 0px; right: 0px; left: 0px;\" src=\"\/\/players.brightcove.net\/85688293001\/Hy3CiApO_default\/index.html?videoId=6305077050001\" allowfullscreen=\"allowfullscreen\"><br \/>\n<\/iframe><\/div>\n<\/div>\n<p>Comment s&rsquo;y rendre : <a href=\"https:\/\/goo.gl\/maps\/T9PhU4gpkYfvp6JF7\" data-wpel-link=\"external\" rel=\"external noopener noreferrer\">https:\/\/goo.gl\/maps\/T9PhU4gpkYfvp6JF7<\/a><\/p>\n<p>Si vous souhaitez \u00e9galement profiter d&rsquo;une f\u00eate gastronomique dans l&rsquo;un de ces villages, prenez note :<\/p>\n<h3><span class=\"ez-toc-section\" id=\"Fetes_gastronomiques\"><\/span>F\u00eates gastronomiques<span class=\"ez-toc-section-end\"><\/span><\/h3>\n<p><strong>F\u00eate de l&rsquo;Ajo Blanco \u00e0 Alm\u00e1char<\/strong>. Le premier samedi du mois de septembre. D\u00e9gustation gratuite d&rsquo;Ajo Blanco (une d\u00e9licieuse soupe froide pour lutter contre les fortes chaleurs estivales), de vin moscatel, de raisins et de raisins secs.<\/p>\n<p><strong>F\u00eate des Vignerons \u00e0 Moclinejo<\/strong>. Le deuxi\u00e8me dimanche du mois de septembre avec d\u00e9gustation de produits typiques de la r\u00e9gion, tels que le gazpacho, du pain avec de l&rsquo;huile d&rsquo;olive, des raisins. De plus, il y a des d\u00e9gustations de vin moscatel.<\/p>\n<figure id=\"attachment_11102\" aria-describedby=\"caption-attachment-11102\" style=\"width: 619px\" class=\"wp-caption alignnone\"><img loading=\"lazy\" decoding=\"async\" class=\" wp-image-11102\" src=\"https:\/\/www.malagacar.com\/sp\/blog\/wp-content\/uploads\/2022\/05\/moclinejo-fiesta-vineros-Foto-Axarquiafolclore.webp\" alt=\"\" width=\"619\" height=\"406\" \/><figcaption id=\"caption-attachment-11102\" class=\"wp-caption-text\">Moclinejo F\u00eate des Vignerons, Photo de Axarquiafolclore<\/figcaption><\/figure>\n<p><strong>F\u00eate du Raisin \u00e0 El Borge<\/strong>. Le troisi\u00e8me dimanche de septembre, nous pouvons d\u00e9guster des raisins secs, du gazpacho, des charcuteries, du vin muscatel ou des miettes.<\/p>\n<p><strong>F\u00eate de la chanfaina \u00e0 Total\u00e1n<\/strong>. Le dernier dimanche de novembre, cette f\u00eate est c\u00e9l\u00e9br\u00e9e avec la d\u00e9gustation de ce plat typique (un rago\u00fbt de pommes de terre auquel on ajoute du chorizo en asadura ou de la morcilla et on l&rsquo;assaisonne avec des herbes).<\/p>\n<p><strong>F\u00eate du Monf\u00ed \u00e0 C\u00fatar<\/strong>. Pendant un week-end en octobre, C\u00fatar rend hommage \u00e0 ses origines maures et \u00e0 la culture andalouse, avec un souk d&rsquo;artisanat, de la musique et beaucoup de gastronomie.<\/p>\n<h1><span class=\"ez-toc-section\" id=\"Les_plus_belles_routes_panoramiques_de_Malaga_La_Serrania_de_Ronda\"><\/span>Les plus belles routes panoramiques de Malaga : La Serran\u00eda de Ronda<span class=\"ez-toc-section-end\"><\/span><\/h1>\n<figure id=\"attachment_11103\" aria-describedby=\"caption-attachment-11103\" style=\"width: 619px\" class=\"wp-caption alignnone\"><img loading=\"lazy\" decoding=\"async\" class=\" wp-image-11103\" src=\"https:\/\/www.malagacar.com\/sp\/blog\/wp-content\/uploads\/2022\/05\/ronda-1024x768.jpg\" alt=\"\" width=\"619\" height=\"465\" \/><figcaption id=\"caption-attachment-11103\" class=\"wp-caption-text\">\u00c0 Ronda avec votre MalagaCar<\/figcaption><\/figure>\n<p>Nous avons pr\u00e9par\u00e9 un article d\u00e9di\u00e9 exclusivement \u00e0 <strong>d\u00e9couvrir Ronda en voiture<\/strong>.<\/p>\n<p>\u00c0 travers deux itin\u00e9raires diff\u00e9rents, nous vous emmenons dans les plus beaux villages et leurs festivals, les rivi\u00e8res, le <strong>Parc National de la Sierra de las Nieves<\/strong> et de magnifiques points de vue.<\/p>\n<p>Et bien s\u00fbr, nous vous pr\u00e9sentons les <strong>sites touristiques les plus importants<\/strong> de Ronda.<\/p>\n<p>Enfin, si vous \u00eates amateur de vin, <strong>Ronda est une grande r\u00e9gion viticole<\/strong>. Vous pouvez combiner votre visite \u00e0 Ronda avec <a href=\"https:\/\/www.malagacar.com\/fr\/blog\/loisirs\/oenotourisme-a-malaga\/\" data-wpel-link=\"internal\"><strong>l&rsquo;\u0153notourisme \u00e0 Malaga<\/strong><\/a> et d\u00e9couvrir certaines de ses meilleures caves.<\/p>\n<figure id=\"attachment_8425\" aria-describedby=\"caption-attachment-8425\" style=\"width: 621px\" class=\"wp-caption alignnone\"><img loading=\"lazy\" decoding=\"async\" class=\" wp-image-8425\" src=\"https:\/\/www.malagacar.com\/sp\/blog\/wp-content\/uploads\/2020\/11\/picnic-ronda-opinion-de-malaga.jpg\" alt=\"\" width=\"621\" height=\"414\" \/><figcaption id=\"caption-attachment-8425\" class=\"wp-caption-text\">Pique-nique au pied du Tajo de Ronda, Photo de Opini\u00f3n de M\u00e1laga<\/figcaption><\/figure>\n<p>Pendant que vous profitez du plaisir de conduire ces merveilleuses routes de Malaga en voiture. N\u2019oubliez pas de rester attentif \u00e0 la route pour \u00e9viter les accidents.<\/p>\n<p>Trouvez votre v\u00e9hicule parfait avec nos <a href=\"https:\/\/www.malagacar.com\/fr\/car-hire-malaga-critiques.htm\" data-wpel-link=\"internal\"><strong>avis<\/strong><\/a> sur la location de voitures \u00e0 Malaga. Sur <a href=\"https:\/\/www.malagacar.com\/fr\/\" data-wpel-link=\"internal\"><strong>MalagaCar.com<\/strong><\/a>, nous disposons d&rsquo;une vaste flotte de voitures neuves \u00e0 des prix abordables pour la <a href=\"https:\/\/www.malagacar.com\/sp\/car\/carssp.html\" data-wpel-link=\"internal\"><strong>location de voitures \u00e0 l&rsquo;a\u00e9roport de Malaga<\/strong><\/a>.<\/p>\n","protected":false},"excerpt":{"rendered":"<p>D\u00e9couvrez certaines des plus belles routes panoramiques de Malaga pour profiter de votre voiture de location pendant vos vacances.<\/p>\n","protected":false},"author":1,"featured_media":774,"comment_status":"open","ping_status":"open","sticky":false,"template":"","format":"standard","meta":{"footnotes":""},"categories":[2],"tags":[],"class_list":["post-773","post","type-post","status-publish","format-standard","has-post-thumbnail","hentry","category-loisirs"],"yoast_head":"<!-- This site is optimized with the Yoast SEO plugin v28.4 - https:\/\/yoast.com\/product\/yoast-seo-wordpress\/ -->\n<title>Les plus belles routes panoramiques de Malaga - Blog de MalagaCar.com<\/title>\n<meta name=\"description\" content=\"D\u00e9couvrez quelques-unes des plus belles routes panoramiques de Malaga pour profiter de votre voiture de location pendant vos vacances.\" \/>\n<meta name=\"robots\" content=\"index, follow, max-snippet:-1, max-image-preview:large, max-video-preview:-1\" \/>\n<link rel=\"canonical\" href=\"https:\/\/www.malagacar.com\/fr\/blog\/loisirs\/routes-panoramiques-malaga\/\" \/>\n<meta property=\"og:locale\" content=\"fr_FR\" \/>\n<meta property=\"og:type\" content=\"article\" \/>\n<meta property=\"og:title\" content=\"Les plus belles routes panoramiques de Malaga - Blog de MalagaCar.com\" \/>\n<meta property=\"og:description\" content=\"D\u00e9couvrez quelques-unes des plus belles routes panoramiques de Malaga pour profiter de votre voiture de location pendant vos vacances.\" \/>\n<meta property=\"og:url\" content=\"https:\/\/www.malagacar.com\/fr\/blog\/loisirs\/routes-panoramiques-malaga\/\" \/>\n<meta property=\"og:site_name\" content=\"Blog de MalagaCar.com\" \/>\n<meta property=\"article:publisher\" content=\"https:\/\/www.facebook.com\/malagacar\" \/>\n<meta property=\"article:published_time\" content=\"2022-05-02T09:09:13+00:00\" \/>\n<meta property=\"article:modified_time\" content=\"2023-11-03T11:00:06+00:00\" \/>\n<meta property=\"og:image\" content=\"https:\/\/www.malagacar.com\/fr\/blog\/wp-content\/uploads\/2023\/11\/routes-panoramique-malaga.jpg\" \/>\n\t<meta property=\"og:image:width\" content=\"1200\" \/>\n\t<meta property=\"og:image:height\" content=\"707\" \/>\n\t<meta property=\"og:image:type\" content=\"image\/jpeg\" \/>\n<meta name=\"author\" content=\"MalagaCar.com\" \/>\n<meta name=\"twitter:card\" content=\"summary_large_image\" \/>\n<meta name=\"twitter:creator\" content=\"@malagacarcom\" \/>\n<meta name=\"twitter:site\" content=\"@malagacarcom\" \/>\n<meta name=\"twitter:label1\" content=\"\u00c9crit par\" \/>\n\t<meta name=\"twitter:data1\" content=\"MalagaCar.com\" \/>\n\t<meta name=\"twitter:label2\" content=\"Dur\u00e9e de lecture estim\u00e9e\" \/>\n\t<meta name=\"twitter:data2\" content=\"10 minutes\" \/>\n<script type=\"application\/ld+json\" class=\"yoast-schema-graph\">{\"@context\":\"https:\\\/\\\/schema.org\",\"@graph\":[{\"@type\":\"Article\",\"@id\":\"https:\\\/\\\/www.malagacar.com\\\/fr\\\/blog\\\/loisirs\\\/routes-panoramiques-malaga\\\/#article\",\"isPartOf\":{\"@id\":\"https:\\\/\\\/www.malagacar.com\\\/fr\\\/blog\\\/loisirs\\\/routes-panoramiques-malaga\\\/\"},\"author\":{\"name\":\"MalagaCar.com\",\"@id\":\"https:\\\/\\\/www.malagacar.com\\\/fr\\\/blog\\\/#\\\/schema\\\/person\\\/ffb97005d02bcc7d0bb59f5409635691\"},\"headline\":\"Les plus belles routes panoramiques de Malaga\",\"datePublished\":\"2022-05-02T09:09:13+00:00\",\"dateModified\":\"2023-11-03T11:00:06+00:00\",\"mainEntityOfPage\":{\"@id\":\"https:\\\/\\\/www.malagacar.com\\\/fr\\\/blog\\\/loisirs\\\/routes-panoramiques-malaga\\\/\"},\"wordCount\":1504,\"commentCount\":0,\"publisher\":{\"@id\":\"https:\\\/\\\/www.malagacar.com\\\/fr\\\/blog\\\/#organization\"},\"image\":{\"@id\":\"https:\\\/\\\/www.malagacar.com\\\/fr\\\/blog\\\/loisirs\\\/routes-panoramiques-malaga\\\/#primaryimage\"},\"thumbnailUrl\":\"https:\\\/\\\/www.malagacar.com\\\/fr\\\/blog\\\/wp-content\\\/uploads\\\/2023\\\/11\\\/routes-panoramique-malaga.jpg\",\"articleSection\":[\"Loisirs\"],\"inLanguage\":\"fr-FR\",\"potentialAction\":[{\"@type\":\"CommentAction\",\"name\":\"Comment\",\"target\":[\"https:\\\/\\\/www.malagacar.com\\\/fr\\\/blog\\\/loisirs\\\/routes-panoramiques-malaga\\\/#respond\"]}]},{\"@type\":\"WebPage\",\"@id\":\"https:\\\/\\\/www.malagacar.com\\\/fr\\\/blog\\\/loisirs\\\/routes-panoramiques-malaga\\\/\",\"url\":\"https:\\\/\\\/www.malagacar.com\\\/fr\\\/blog\\\/loisirs\\\/routes-panoramiques-malaga\\\/\",\"name\":\"Les plus belles routes panoramiques de Malaga - Blog de MalagaCar.com\",\"isPartOf\":{\"@id\":\"https:\\\/\\\/www.malagacar.com\\\/fr\\\/blog\\\/#website\"},\"primaryImageOfPage\":{\"@id\":\"https:\\\/\\\/www.malagacar.com\\\/fr\\\/blog\\\/loisirs\\\/routes-panoramiques-malaga\\\/#primaryimage\"},\"image\":{\"@id\":\"https:\\\/\\\/www.malagacar.com\\\/fr\\\/blog\\\/loisirs\\\/routes-panoramiques-malaga\\\/#primaryimage\"},\"thumbnailUrl\":\"https:\\\/\\\/www.malagacar.com\\\/fr\\\/blog\\\/wp-content\\\/uploads\\\/2023\\\/11\\\/routes-panoramique-malaga.jpg\",\"datePublished\":\"2022-05-02T09:09:13+00:00\",\"dateModified\":\"2023-11-03T11:00:06+00:00\",\"description\":\"D\u00e9couvrez quelques-unes des plus belles routes panoramiques de Malaga pour profiter de votre voiture de location pendant vos vacances.\",\"breadcrumb\":{\"@id\":\"https:\\\/\\\/www.malagacar.com\\\/fr\\\/blog\\\/loisirs\\\/routes-panoramiques-malaga\\\/#breadcrumb\"},\"inLanguage\":\"fr-FR\",\"potentialAction\":[{\"@type\":\"ReadAction\",\"target\":[\"https:\\\/\\\/www.malagacar.com\\\/fr\\\/blog\\\/loisirs\\\/routes-panoramiques-malaga\\\/\"]}]},{\"@type\":\"ImageObject\",\"inLanguage\":\"fr-FR\",\"@id\":\"https:\\\/\\\/www.malagacar.com\\\/fr\\\/blog\\\/loisirs\\\/routes-panoramiques-malaga\\\/#primaryimage\",\"url\":\"https:\\\/\\\/www.malagacar.com\\\/fr\\\/blog\\\/wp-content\\\/uploads\\\/2023\\\/11\\\/routes-panoramique-malaga.jpg\",\"contentUrl\":\"https:\\\/\\\/www.malagacar.com\\\/fr\\\/blog\\\/wp-content\\\/uploads\\\/2023\\\/11\\\/routes-panoramique-malaga.jpg\",\"width\":1200,\"height\":707,\"caption\":\"routes panoramiques de Malaga\"},{\"@type\":\"BreadcrumbList\",\"@id\":\"https:\\\/\\\/www.malagacar.com\\\/fr\\\/blog\\\/loisirs\\\/routes-panoramiques-malaga\\\/#breadcrumb\",\"itemListElement\":[{\"@type\":\"ListItem\",\"position\":1,\"name\":\"Accueil\",\"item\":\"https:\\\/\\\/www.malagacar.com\\\/fr\\\/blog\\\/\"},{\"@type\":\"ListItem\",\"position\":2,\"name\":\"Les plus belles routes panoramiques de Malaga\"}]},{\"@type\":\"WebSite\",\"@id\":\"https:\\\/\\\/www.malagacar.com\\\/fr\\\/blog\\\/#website\",\"url\":\"https:\\\/\\\/www.malagacar.com\\\/fr\\\/blog\\\/\",\"name\":\"Blog de MalagaCar.com\",\"description\":\"Nouvelles et informations int\u00e9ressantes sur la location de voitures \u00e0 l&#039;a\u00e9roport de Malaga.\",\"publisher\":{\"@id\":\"https:\\\/\\\/www.malagacar.com\\\/fr\\\/blog\\\/#organization\"},\"potentialAction\":[{\"@type\":\"SearchAction\",\"target\":{\"@type\":\"EntryPoint\",\"urlTemplate\":\"https:\\\/\\\/www.malagacar.com\\\/fr\\\/blog\\\/?s={search_term_string}\"},\"query-input\":{\"@type\":\"PropertyValueSpecification\",\"valueRequired\":true,\"valueName\":\"search_term_string\"}}],\"inLanguage\":\"fr-FR\"},{\"@type\":\"Organization\",\"@id\":\"https:\\\/\\\/www.malagacar.com\\\/fr\\\/blog\\\/#organization\",\"name\":\"MalagaCar.com\",\"url\":\"https:\\\/\\\/www.malagacar.com\\\/fr\\\/blog\\\/\",\"logo\":{\"@type\":\"ImageObject\",\"inLanguage\":\"fr-FR\",\"@id\":\"https:\\\/\\\/www.malagacar.com\\\/fr\\\/blog\\\/#\\\/schema\\\/logo\\\/image\\\/\",\"url\":\"https:\\\/\\\/www.malagacar.com\\\/fr\\\/blog\\\/wp-content\\\/uploads\\\/2021\\\/06\\\/logo-malagacar-social.png\",\"contentUrl\":\"https:\\\/\\\/www.malagacar.com\\\/fr\\\/blog\\\/wp-content\\\/uploads\\\/2021\\\/06\\\/logo-malagacar-social.png\",\"width\":900,\"height\":900,\"caption\":\"MalagaCar.com\"},\"image\":{\"@id\":\"https:\\\/\\\/www.malagacar.com\\\/fr\\\/blog\\\/#\\\/schema\\\/logo\\\/image\\\/\"},\"sameAs\":[\"https:\\\/\\\/www.facebook.com\\\/malagacar\",\"https:\\\/\\\/x.com\\\/malagacarcom\",\"https:\\\/\\\/www.instagram.com\\\/malagacar\\\/\",\"https:\\\/\\\/www.linkedin.com\\\/company\\\/malagacar.com\",\"https:\\\/\\\/www.youtube.com\\\/c\\\/MalagacarAirport\"]},{\"@type\":\"Person\",\"@id\":\"https:\\\/\\\/www.malagacar.com\\\/fr\\\/blog\\\/#\\\/schema\\\/person\\\/ffb97005d02bcc7d0bb59f5409635691\",\"name\":\"MalagaCar.com\",\"image\":{\"@type\":\"ImageObject\",\"inLanguage\":\"fr-FR\",\"@id\":\"https:\\\/\\\/secure.gravatar.com\\\/avatar\\\/296ebc31026e7be05868369e4c596b3239b1582b2fcf8a45de57333e2e82bb82?s=96&d=mm&r=g\",\"url\":\"https:\\\/\\\/secure.gravatar.com\\\/avatar\\\/296ebc31026e7be05868369e4c596b3239b1582b2fcf8a45de57333e2e82bb82?s=96&d=mm&r=g\",\"contentUrl\":\"https:\\\/\\\/secure.gravatar.com\\\/avatar\\\/296ebc31026e7be05868369e4c596b3239b1582b2fcf8a45de57333e2e82bb82?s=96&d=mm&r=g\",\"caption\":\"MalagaCar.com\"},\"sameAs\":[\"https:\\\/\\\/www.malagacar.com\\\/fr\\\/blog\"]}]}<\/script>\n<!-- \/ Yoast SEO plugin. -->","yoast_head_json":{"title":"Les plus belles routes panoramiques de Malaga - Blog de MalagaCar.com","description":"D\u00e9couvrez quelques-unes des plus belles routes panoramiques de Malaga pour profiter de votre voiture de location pendant vos vacances.","robots":{"index":"index","follow":"follow","max-snippet":"max-snippet:-1","max-image-preview":"max-image-preview:large","max-video-preview":"max-video-preview:-1"},"canonical":"https:\/\/www.malagacar.com\/fr\/blog\/loisirs\/routes-panoramiques-malaga\/","og_locale":"fr_FR","og_type":"article","og_title":"Les plus belles routes panoramiques de Malaga - Blog de MalagaCar.com","og_description":"D\u00e9couvrez quelques-unes des plus belles routes panoramiques de Malaga pour profiter de votre voiture de location pendant vos vacances.","og_url":"https:\/\/www.malagacar.com\/fr\/blog\/loisirs\/routes-panoramiques-malaga\/","og_site_name":"Blog de MalagaCar.com","article_publisher":"https:\/\/www.facebook.com\/malagacar","article_published_time":"2022-05-02T09:09:13+00:00","article_modified_time":"2023-11-03T11:00:06+00:00","og_image":[{"width":1200,"height":707,"url":"https:\/\/www.malagacar.com\/fr\/blog\/wp-content\/uploads\/2023\/11\/routes-panoramique-malaga.jpg","type":"image\/jpeg"}],"author":"MalagaCar.com","twitter_card":"summary_large_image","twitter_creator":"@malagacarcom","twitter_site":"@malagacarcom","twitter_misc":{"\u00c9crit par":"MalagaCar.com","Dur\u00e9e de lecture estim\u00e9e":"10 minutes"},"schema":{"@context":"https:\/\/schema.org","@graph":[{"@type":"Article","@id":"https:\/\/www.malagacar.com\/fr\/blog\/loisirs\/routes-panoramiques-malaga\/#article","isPartOf":{"@id":"https:\/\/www.malagacar.com\/fr\/blog\/loisirs\/routes-panoramiques-malaga\/"},"author":{"name":"MalagaCar.com","@id":"https:\/\/www.malagacar.com\/fr\/blog\/#\/schema\/person\/ffb97005d02bcc7d0bb59f5409635691"},"headline":"Les plus belles routes panoramiques de Malaga","datePublished":"2022-05-02T09:09:13+00:00","dateModified":"2023-11-03T11:00:06+00:00","mainEntityOfPage":{"@id":"https:\/\/www.malagacar.com\/fr\/blog\/loisirs\/routes-panoramiques-malaga\/"},"wordCount":1504,"commentCount":0,"publisher":{"@id":"https:\/\/www.malagacar.com\/fr\/blog\/#organization"},"image":{"@id":"https:\/\/www.malagacar.com\/fr\/blog\/loisirs\/routes-panoramiques-malaga\/#primaryimage"},"thumbnailUrl":"https:\/\/www.malagacar.com\/fr\/blog\/wp-content\/uploads\/2023\/11\/routes-panoramique-malaga.jpg","articleSection":["Loisirs"],"inLanguage":"fr-FR","potentialAction":[{"@type":"CommentAction","name":"Comment","target":["https:\/\/www.malagacar.com\/fr\/blog\/loisirs\/routes-panoramiques-malaga\/#respond"]}]},{"@type":"WebPage","@id":"https:\/\/www.malagacar.com\/fr\/blog\/loisirs\/routes-panoramiques-malaga\/","url":"https:\/\/www.malagacar.com\/fr\/blog\/loisirs\/routes-panoramiques-malaga\/","name":"Les plus belles routes panoramiques de Malaga - Blog de MalagaCar.com","isPartOf":{"@id":"https:\/\/www.malagacar.com\/fr\/blog\/#website"},"primaryImageOfPage":{"@id":"https:\/\/www.malagacar.com\/fr\/blog\/loisirs\/routes-panoramiques-malaga\/#primaryimage"},"image":{"@id":"https:\/\/www.malagacar.com\/fr\/blog\/loisirs\/routes-panoramiques-malaga\/#primaryimage"},"thumbnailUrl":"https:\/\/www.malagacar.com\/fr\/blog\/wp-content\/uploads\/2023\/11\/routes-panoramique-malaga.jpg","datePublished":"2022-05-02T09:09:13+00:00","dateModified":"2023-11-03T11:00:06+00:00","description":"D\u00e9couvrez quelques-unes des plus belles routes panoramiques de Malaga pour profiter de votre voiture de location pendant vos vacances.","breadcrumb":{"@id":"https:\/\/www.malagacar.com\/fr\/blog\/loisirs\/routes-panoramiques-malaga\/#breadcrumb"},"inLanguage":"fr-FR","potentialAction":[{"@type":"ReadAction","target":["https:\/\/www.malagacar.com\/fr\/blog\/loisirs\/routes-panoramiques-malaga\/"]}]},{"@type":"ImageObject","inLanguage":"fr-FR","@id":"https:\/\/www.malagacar.com\/fr\/blog\/loisirs\/routes-panoramiques-malaga\/#primaryimage","url":"https:\/\/www.malagacar.com\/fr\/blog\/wp-content\/uploads\/2023\/11\/routes-panoramique-malaga.jpg","contentUrl":"https:\/\/www.malagacar.com\/fr\/blog\/wp-content\/uploads\/2023\/11\/routes-panoramique-malaga.jpg","width":1200,"height":707,"caption":"routes panoramiques de Malaga"},{"@type":"BreadcrumbList","@id":"https:\/\/www.malagacar.com\/fr\/blog\/loisirs\/routes-panoramiques-malaga\/#breadcrumb","itemListElement":[{"@type":"ListItem","position":1,"name":"Accueil","item":"https:\/\/www.malagacar.com\/fr\/blog\/"},{"@type":"ListItem","position":2,"name":"Les plus belles routes panoramiques de Malaga"}]},{"@type":"WebSite","@id":"https:\/\/www.malagacar.com\/fr\/blog\/#website","url":"https:\/\/www.malagacar.com\/fr\/blog\/","name":"Blog de MalagaCar.com","description":"Nouvelles et informations int\u00e9ressantes sur la location de voitures \u00e0 l&#039;a\u00e9roport de Malaga.","publisher":{"@id":"https:\/\/www.malagacar.com\/fr\/blog\/#organization"},"potentialAction":[{"@type":"SearchAction","target":{"@type":"EntryPoint","urlTemplate":"https:\/\/www.malagacar.com\/fr\/blog\/?s={search_term_string}"},"query-input":{"@type":"PropertyValueSpecification","valueRequired":true,"valueName":"search_term_string"}}],"inLanguage":"fr-FR"},{"@type":"Organization","@id":"https:\/\/www.malagacar.com\/fr\/blog\/#organization","name":"MalagaCar.com","url":"https:\/\/www.malagacar.com\/fr\/blog\/","logo":{"@type":"ImageObject","inLanguage":"fr-FR","@id":"https:\/\/www.malagacar.com\/fr\/blog\/#\/schema\/logo\/image\/","url":"https:\/\/www.malagacar.com\/fr\/blog\/wp-content\/uploads\/2021\/06\/logo-malagacar-social.png","contentUrl":"https:\/\/www.malagacar.com\/fr\/blog\/wp-content\/uploads\/2021\/06\/logo-malagacar-social.png","width":900,"height":900,"caption":"MalagaCar.com"},"image":{"@id":"https:\/\/www.malagacar.com\/fr\/blog\/#\/schema\/logo\/image\/"},"sameAs":["https:\/\/www.facebook.com\/malagacar","https:\/\/x.com\/malagacarcom","https:\/\/www.instagram.com\/malagacar\/","https:\/\/www.linkedin.com\/company\/malagacar.com","https:\/\/www.youtube.com\/c\/MalagacarAirport"]},{"@type":"Person","@id":"https:\/\/www.malagacar.com\/fr\/blog\/#\/schema\/person\/ffb97005d02bcc7d0bb59f5409635691","name":"MalagaCar.com","image":{"@type":"ImageObject","inLanguage":"fr-FR","@id":"https:\/\/secure.gravatar.com\/avatar\/296ebc31026e7be05868369e4c596b3239b1582b2fcf8a45de57333e2e82bb82?s=96&d=mm&r=g","url":"https:\/\/secure.gravatar.com\/avatar\/296ebc31026e7be05868369e4c596b3239b1582b2fcf8a45de57333e2e82bb82?s=96&d=mm&r=g","contentUrl":"https:\/\/secure.gravatar.com\/avatar\/296ebc31026e7be05868369e4c596b3239b1582b2fcf8a45de57333e2e82bb82?s=96&d=mm&r=g","caption":"MalagaCar.com"},"sameAs":["https:\/\/www.malagacar.com\/fr\/blog"]}]}},"_links":{"self":[{"href":"https:\/\/www.malagacar.com\/fr\/blog\/wp-json\/wp\/v2\/posts\/773","targetHints":{"allow":["GET"]}}],"collection":[{"href":"https:\/\/www.malagacar.com\/fr\/blog\/wp-json\/wp\/v2\/posts"}],"about":[{"href":"https:\/\/www.malagacar.com\/fr\/blog\/wp-json\/wp\/v2\/types\/post"}],"author":[{"embeddable":true,"href":"https:\/\/www.malagacar.com\/fr\/blog\/wp-json\/wp\/v2\/users\/1"}],"replies":[{"embeddable":true,"href":"https:\/\/www.malagacar.com\/fr\/blog\/wp-json\/wp\/v2\/comments?post=773"}],"version-history":[{"count":2,"href":"https:\/\/www.malagacar.com\/fr\/blog\/wp-json\/wp\/v2\/posts\/773\/revisions"}],"predecessor-version":[{"id":776,"href":"https:\/\/www.malagacar.com\/fr\/blog\/wp-json\/wp\/v2\/posts\/773\/revisions\/776"}],"wp:featuredmedia":[{"embeddable":true,"href":"https:\/\/www.malagacar.com\/fr\/blog\/wp-json\/wp\/v2\/media\/774"}],"wp:attachment":[{"href":"https:\/\/www.malagacar.com\/fr\/blog\/wp-json\/wp\/v2\/media?parent=773"}],"wp:term":[{"taxonomy":"category","embeddable":true,"href":"https:\/\/www.malagacar.com\/fr\/blog\/wp-json\/wp\/v2\/categories?post=773"},{"taxonomy":"post_tag","embeddable":true,"href":"https:\/\/www.malagacar.com\/fr\/blog\/wp-json\/wp\/v2\/tags?post=773"}],"curies":[{"name":"wp","href":"https:\/\/api.w.org\/{rel}","templated":true}]}}