{"id":777,"date":"2023-08-04T14:03:41","date_gmt":"2023-08-04T12:03:41","guid":{"rendered":"https:\/\/www.malagacar.com\/fr\/blog\/?p=777"},"modified":"2023-11-06T14:16:07","modified_gmt":"2023-11-06T13:16:07","slug":"les-villages-blancs-vallee-du-genal","status":"publish","type":"post","link":"https:\/\/www.malagacar.com\/fr\/blog\/loisirs\/les-villages-blancs-vallee-du-genal\/","title":{"rendered":"Les Villages Blancs de la Vall\u00e9e du Genal"},"content":{"rendered":"<p>Dans la r\u00e9gion de la Serran\u00eda de Ronda, nous trouvons une autre perle de la province de Malaga, le magnifique Vall\u00e9e du Genal.<\/p>\n<p>Cet endroit est l\u2019un des rares presque vierges de la province. Il est cach\u00e9 \u00e0 l\u2019int\u00e9rieur. On y acc\u00e8de apr\u00e8s de nombreuses routes sinueuses. Il offre au visiteur de magnifiques vues sur les eaux cristallines du r\u00edo Genal. Il y a aussi d\u2019immenses for\u00eats centenaires.<\/p>\n<p><!--more--><\/p>\n<p>Cette \u00e9meraude abrite au total 16 villages blancs d&rsquo;origine arabe et b\u00e9n\u00e9ficie d&rsquo;un microclimat sp\u00e9cial et d&rsquo;abondantes pluies qui ont favoris\u00e9 une grande vari\u00e9t\u00e9 de flore et un paysage unique et singulier.<\/p>\n<p>Si vous aimez la randonn\u00e9e, ou si vous avez simplement envie de d\u00e9couvrir ce coin et sa riche gastronomie locale, nous vous invitons \u00e0 visiter ce paradis naturel, ses villages et ses habitants.<\/p>\n\n            <div class=\"banner\">\n                <div class=\"row\">\n                    <div class=\"col-sm-4\">\n                        <a href=\"\/fr\/location-de-voitures\/quote.php\" data-wpel-link=\"internal\"><img decoding=\"async\" src=\"\/images\/banner-img.jpg\" alt=\"malagacar.com\"><\/a>\n                    <\/div>\n                    <div class=\"col-sm-8\">\n                      <a href=\"\/fr\/location-de-voitures\/quote.php\" class=\"banner-title\" data-wpel-link=\"internal\">Meilleure location de voitures <div>\u00e0 l'a\u00e9roport de Malaga<\/div><\/a>   \n                        <div class=\"row\">\n                            <div class=\"col-sm-7\">\n                                <ul>\n                                    <li>Pas de frais de ravitaillement<\/li>\n                                    <li>Annulation gratuite<\/li>\n                                    <li>Location sans interm\u00e9diaire<\/li>\n                                    <li>Payez lorsque vous prenez la voiture<\/li>\n                                    <li><\/li>\n                                <\/ul>\n                            <\/div>\n                            <div class=\"col-sm-5\">\n                                <a class=\"btn-banner\" href=\"\/fr\/location-de-voitures\/quote.php\" data-wpel-link=\"internal\">Consultez les prix<\/a>\n                                <img decoding=\"async\" class=\"zonturent\" src=\"\/images\/zontu-banner.png\" alt=\"\">\n                            <\/div>\n                        <\/div>\n                    <\/div>\n                 <\/div>  \n            <\/div>\n            \n<div id=\"ez-toc-container\" class=\"ez-toc-v2_0_87 counter-hierarchy ez-toc-counter ez-toc-light-blue ez-toc-container-direction\">\n<p class=\"ez-toc-title\" style=\"cursor:inherit\">Table des mati\u00e8res<\/p>\n<label for=\"ez-toc-cssicon-toggle-item-6a9a2dcef2414\" class=\"ez-toc-cssicon-toggle-label\"><span class=\"\"><span class=\"eztoc-hide\" style=\"display:none;\">Toggle<\/span><span class=\"ez-toc-icon-toggle-span\"><svg style=\"fill: #999;color:#999\" xmlns=\"http:\/\/www.w3.org\/2000\/svg\" class=\"list-377408\" width=\"20px\" height=\"20px\" viewBox=\"0 0 24 24\" fill=\"none\"><path d=\"M6 6H4v2h2V6zm14 0H8v2h12V6zM4 11h2v2H4v-2zm16 0H8v2h12v-2zM4 16h2v2H4v-2zm16 0H8v2h12v-2z\" fill=\"currentColor\"><\/path><\/svg><svg style=\"fill: #999;color:#999\" class=\"arrow-unsorted-368013\" xmlns=\"http:\/\/www.w3.org\/2000\/svg\" width=\"10px\" height=\"10px\" viewBox=\"0 0 24 24\" version=\"1.2\" baseProfile=\"tiny\"><path d=\"M18.2 9.3l-6.2-6.3-6.2 6.3c-.2.2-.3.4-.3.7s.1.5.3.7c.2.2.4.3.7.3h11c.3 0 .5-.1.7-.3.2-.2.3-.5.3-.7s-.1-.5-.3-.7zM5.8 14.7l6.2 6.3 6.2-6.3c.2-.2.3-.5.3-.7s-.1-.5-.3-.7c-.2-.2-.4-.3-.7-.3h-11c-.3 0-.5.1-.7.3-.2.2-.3.5-.3.7s.1.5.3.7z\"\/><\/svg><\/span><\/span><\/label><input type=\"checkbox\"  id=\"ez-toc-cssicon-toggle-item-6a9a2dcef2414\"  aria-label=\"Toggle\" \/><nav><ul class='ez-toc-list ez-toc-list-level-1 ' ><li class='ez-toc-page-1 ez-toc-heading-level-2'><a class=\"ez-toc-link ez-toc-heading-1\" href=\"https:\/\/www.malagacar.com\/fr\/blog\/loisirs\/les-villages-blancs-vallee-du-genal\/#Villages_du_Haut_Genal\" data-wpel-link=\"internal\">Villages du Haut Genal<\/a><ul class='ez-toc-list-level-3' ><li class='ez-toc-heading-level-3'><a class=\"ez-toc-link ez-toc-heading-2\" href=\"https:\/\/www.malagacar.com\/fr\/blog\/loisirs\/les-villages-blancs-vallee-du-genal\/#Igualeja_%E2%80%93_Source_du_rio_Genal\" data-wpel-link=\"internal\">Igualeja &#8211; Source du r\u00edo Genal<\/a><\/li><li class='ez-toc-page-1 ez-toc-heading-level-3'><a class=\"ez-toc-link ez-toc-heading-3\" href=\"https:\/\/www.malagacar.com\/fr\/blog\/loisirs\/les-villages-blancs-vallee-du-genal\/#Pujerra_et_ses_chataigniers\" data-wpel-link=\"internal\">Pujerra et ses ch\u00e2taigniers<\/a><\/li><li class='ez-toc-page-1 ez-toc-heading-level-3'><a class=\"ez-toc-link ez-toc-heading-4\" href=\"https:\/\/www.malagacar.com\/fr\/blog\/loisirs\/les-villages-blancs-vallee-du-genal\/#Parauta_%E2%80%93_Nature_protegee\" data-wpel-link=\"internal\">Parauta \u2013 Nature prot\u00e9g\u00e9e<\/a><\/li><li class='ez-toc-page-1 ez-toc-heading-level-3'><a class=\"ez-toc-link ez-toc-heading-5\" href=\"https:\/\/www.malagacar.com\/fr\/blog\/loisirs\/les-villages-blancs-vallee-du-genal\/#Cartajima_%E2%80%93_Le_Plus_Haut_Village\" data-wpel-link=\"internal\">Cartajima \u2013 Le Plus Haut Village<\/a><\/li><li class='ez-toc-page-1 ez-toc-heading-level-3'><a class=\"ez-toc-link ez-toc-heading-6\" href=\"https:\/\/www.malagacar.com\/fr\/blog\/loisirs\/les-villages-blancs-vallee-du-genal\/#Farajan_et_ses_cascades\" data-wpel-link=\"internal\">Faraj\u00e1n et ses cascades<\/a><\/li><li class='ez-toc-page-1 ez-toc-heading-level-3'><a class=\"ez-toc-link ez-toc-heading-7\" href=\"https:\/\/www.malagacar.com\/fr\/blog\/loisirs\/les-villages-blancs-vallee-du-genal\/#Benalauria_et_ses_vues_magnifiques\" data-wpel-link=\"internal\">Benalaur\u00eda et ses vues magnifiques<\/a><\/li><li class='ez-toc-page-1 ez-toc-heading-level-3'><a class=\"ez-toc-link ez-toc-heading-8\" href=\"https:\/\/www.malagacar.com\/fr\/blog\/loisirs\/les-villages-blancs-vallee-du-genal\/#Algatocin_et_sa_celebre_boulangerie\" data-wpel-link=\"internal\">Algatoc\u00edn et sa c\u00e9l\u00e8bre boulangerie<\/a><\/li><li class='ez-toc-page-1 ez-toc-heading-level-3'><a class=\"ez-toc-link ez-toc-heading-9\" href=\"https:\/\/www.malagacar.com\/fr\/blog\/loisirs\/les-villages-blancs-vallee-du-genal\/#Benarraba_et_son_Belvedere_de_lAfrique\" data-wpel-link=\"internal\">Benarrab\u00e1 et son Belv\u00e9d\u00e8re de l&rsquo;Afrique<\/a><\/li><li class='ez-toc-page-1 ez-toc-heading-level-3'><a class=\"ez-toc-link ez-toc-heading-10\" href=\"https:\/\/www.malagacar.com\/fr\/blog\/loisirs\/les-villages-blancs-vallee-du-genal\/#Gaucin_%E2%80%93_Le_Balcon_de_la_Serrania\" data-wpel-link=\"internal\">Gauc\u00edn &#8211; Le Balcon de la Serran\u00eda<\/a><\/li><li class='ez-toc-page-1 ez-toc-heading-level-3'><a class=\"ez-toc-link ez-toc-heading-11\" href=\"https:\/\/www.malagacar.com\/fr\/blog\/loisirs\/les-villages-blancs-vallee-du-genal\/#Jubrique_%E2%80%93_Parfait_camp_de_base\" data-wpel-link=\"internal\">Jubrique \u2013 Parfait camp de base<\/a><\/li><li class='ez-toc-page-1 ez-toc-heading-level-3'><a class=\"ez-toc-link ez-toc-heading-12\" href=\"https:\/\/www.malagacar.com\/fr\/blog\/loisirs\/les-villages-blancs-vallee-du-genal\/#Genalguacil_%E2%80%93_Le_Village_Musee\" data-wpel-link=\"internal\">Genalguacil \u2013 Le Village Mus\u00e9e<\/a><\/li><\/ul><\/li><li class='ez-toc-page-1 ez-toc-heading-level-2'><a class=\"ez-toc-link ez-toc-heading-13\" href=\"https:\/\/www.malagacar.com\/fr\/blog\/loisirs\/les-villages-blancs-vallee-du-genal\/#Savez-vous_que%E2%80%A6\" data-wpel-link=\"internal\">Savez-vous que&#8230; ?<\/a><\/li><li class='ez-toc-page-1 ez-toc-heading-level-2'><a class=\"ez-toc-link ez-toc-heading-14\" href=\"https:\/\/www.malagacar.com\/fr\/blog\/loisirs\/les-villages-blancs-vallee-du-genal\/#Carte_interactive_des_Villages_Blancs_du_Valle_del_Genal\" data-wpel-link=\"internal\">Carte interactive des Villages Blancs du Valle del Genal<\/a><\/li><\/ul><\/nav><\/div>\n<h2><span class=\"ez-toc-section\" id=\"Villages_du_Haut_Genal\"><\/span>Villages du Haut Genal<span class=\"ez-toc-section-end\"><\/span><\/h2>\n<h3><span class=\"ez-toc-section\" id=\"Igualeja_%E2%80%93_Source_du_rio_Genal\"><\/span>Igualeja &#8211; Source du r\u00edo Genal<span class=\"ez-toc-section-end\"><\/span><\/h3>\n<figure id=\"attachment_14467\" aria-describedby=\"caption-attachment-14467\" style=\"width: 948px\" class=\"wp-caption alignnone\"><img loading=\"lazy\" decoding=\"async\" class=\"wp-image-14467 size-full\" src=\"https:\/\/www.malagacar.com\/sp\/blog\/wp-content\/uploads\/2023\/08\/Igualeja-Foto-Santiago-Aguilera.jpg\" alt=\"Igualeja\" width=\"948\" height=\"818\" \/><figcaption id=\"caption-attachment-14467\" class=\"wp-caption-text\">Igualeja Foto Santiago Aguilera<\/figcaption><\/figure>\n<p>Le rio Genal prend sa source dans le village d&rsquo;Igualeja, un petit village blanc principalement d\u00e9di\u00e9 \u00e0 la culture de la ch\u00e2taigne, parmi lesquelles se distingue la vari\u00e9t\u00e9 Pilonga, l&rsquo;une des meilleures ch\u00e2taignes sur le march\u00e9 international.<\/p>\n<figure id=\"attachment_9502\" aria-describedby=\"caption-attachment-9502\" style=\"width: 619px\" class=\"wp-caption alignnone\"><a href=\"https:\/\/www.malagacar.com\/sp\/blog\/wp-content\/uploads\/2021\/10\/Nacimiento-Rio-Genal-Igualeja-Foto-Juan-Portillo-Perez.jpg\" data-wpel-link=\"internal\"><img loading=\"lazy\" decoding=\"async\" class=\"wp-image-9502\" src=\"https:\/\/www.malagacar.com\/sp\/blog\/wp-content\/uploads\/2021\/10\/Nacimiento-Rio-Genal-Igualeja-Foto-Juan-Portillo-Perez-1024x574.jpg\" alt=\"nacimiento rio genal igualeja\" width=\"619\" height=\"347\" \/><\/a><figcaption id=\"caption-attachment-9502\" class=\"wp-caption-text\">Nacimiento Rio Genal Igualeja Foto Juan Portillo P\u00e9rez<\/figcaption><\/figure>\n<p>\u00c0 quelques m\u00e8tres du village se trouve la <a href=\"https:\/\/www.aventurasuractiva.com\/cueva-excentrica-espeleologia-en-malaga\/\" data-wpel-link=\"external\" rel=\"external noopener noreferrer\"><strong>Cueva Exc\u00e9ntrica<\/strong><\/a>, une grotte d&rsquo;une grande beaut\u00e9 en raison de ses formations karstiques : stalagmites, stalactites, fistules et excentriques, qui donnent leur nom \u00e0 la grotte. En raison de sa faible difficult\u00e9, c&rsquo;est la grotte id\u00e9ale pour s&rsquo;initier au passionnant sport de la sp\u00e9l\u00e9ologie.<\/p>\n<figure id=\"attachment_9503\" aria-describedby=\"caption-attachment-9503\" style=\"width: 451px\" class=\"wp-caption alignnone\"><a href=\"https:\/\/www.malagacar.com\/sp\/blog\/wp-content\/uploads\/2021\/10\/Igualeja-Cueva-de-la-Fuensanta-Foto-Francisco-Fernandez-De-La-Vega.jpg\" data-wpel-link=\"internal\"><img loading=\"lazy\" decoding=\"async\" class=\"wp-image-9503\" src=\"https:\/\/www.malagacar.com\/sp\/blog\/wp-content\/uploads\/2021\/10\/Igualeja-Cueva-de-la-Fuensanta-Foto-Francisco-Fernandez-De-La-Vega.jpg\" alt=\"Cuava igualeja\" width=\"451\" height=\"726\" \/><\/a><figcaption id=\"caption-attachment-9503\" class=\"wp-caption-text\">Igualeja Cueva de la Fuensanta Foto Francisco Fern\u00e1ndez De La Vega<\/figcaption><\/figure>\n<p>Beaucoup plus difficile est la <a href=\"https:\/\/goo.gl\/maps\/ioRsExAM4Gfsi1ea9\" data-wpel-link=\"external\" rel=\"external noopener noreferrer\"><strong>v\u00eda ferrata de Igualeja<\/strong><\/a>, non recommand\u00e9e pour les personnes qui ne sont pas en forme et qui n&rsquo;ont pas d\u00e9j\u00e0 pratiqu\u00e9 une via ferrata auparavant.<\/p>\n<p><a href=\"https:\/\/goo.gl\/maps\/1FE7rsd57Fmy3Y9s7\" data-wpel-link=\"external\" rel=\"external noopener noreferrer\"><strong>Comment y arriver<\/strong><\/a><\/p>\n<h3><span class=\"ez-toc-section\" id=\"Pujerra_et_ses_chataigniers\"><\/span><strong>Pujerra et ses ch\u00e2taigniers<\/strong><span class=\"ez-toc-section-end\"><\/span><\/h3>\n<figure id=\"attachment_9504\" aria-describedby=\"caption-attachment-9504\" style=\"width: 620px\" class=\"wp-caption alignnone\"><a href=\"https:\/\/www.malagacar.com\/sp\/blog\/wp-content\/uploads\/2021\/10\/Pujerra-Bosque-de-Cobre-2-Foto-Natalia-Yakubovich.jpg\" data-wpel-link=\"internal\"><img loading=\"lazy\" decoding=\"async\" class=\"wp-image-9504\" src=\"https:\/\/www.malagacar.com\/sp\/blog\/wp-content\/uploads\/2021\/10\/Pujerra-Bosque-de-Cobre-2-Foto-Natalia-Yakubovich.jpg\" alt=\"pueblos valle genal, pujerra\" width=\"620\" height=\"726\" \/><\/a><figcaption id=\"caption-attachment-9504\" class=\"wp-caption-text\">Pujerra Bosque de Cobre Foto Natalia Yakubovich<\/figcaption><\/figure>\n<p>Ce petit village de peu plus de 300 habitants est situ\u00e9 \u00e0 pr\u00e8s de 800 m\u00e8tres d&rsquo;altitude.<\/p>\n<p>Au sud de Pujerra commence la c\u00e9l\u00e8bre <a href=\"https:\/\/goo.gl\/maps\/My3FDxb8VpnvKazB9\" data-wpel-link=\"external\" rel=\"external noopener noreferrer\"><strong>Bosque de Cobre<\/strong><\/a>, une zone de randonn\u00e9e qui traverse une vaste ch\u00e2taigneraie qui est tout simplement <em><strong>spectaculaire en automne<\/strong><\/em>.<\/p>\n<p>Mais tout aussi impressionnant est de voir des centaines de ch\u00e2taigniers en fleurs au printemps. Nous vous partageons ces vues impressionnantes depuis le Mirador del Casta\u00f1ar de Google Street View!<\/p>\n<p><iframe loading=\"lazy\" style=\"border: 0;\" src=\"https:\/\/www.google.com\/maps\/embed?pb=!4v1632991313319!6m8!1m7!1smEUOi-Mt17xP6n45fR0iCg!2m2!1d36.61061350288708!2d-5.142613316303692!3f238.39160950867992!4f-2.156701926977405!5f0.7820865974627469\" width=\"600\" height=\"450\" allowfullscreen=\"allowfullscreen\"><\/iframe><br \/>\nSi vous souhaitez des vues encore plus impressionnantes sur le paysage du haut Genal, nous vous recommandons de monter au sommet du village jusqu&rsquo;au <a href=\"https:\/\/goo.gl\/maps\/AqVtLB7B1gLuaMQ86\" data-wpel-link=\"external\" rel=\"external noopener noreferrer\"><strong>Mirador de la Cruz<\/strong><\/a>.<\/p>\n<figure id=\"attachment_9505\" aria-describedby=\"caption-attachment-9505\" style=\"width: 621px\" class=\"wp-caption alignnone\"><a href=\"https:\/\/www.malagacar.com\/sp\/blog\/wp-content\/uploads\/2021\/10\/Pujerra-Mirador-de-la-Cruz-Foto-Miguel-Oliveros.jpg\" data-wpel-link=\"internal\"><img loading=\"lazy\" decoding=\"async\" class=\"wp-image-9505\" src=\"https:\/\/www.malagacar.com\/sp\/blog\/wp-content\/uploads\/2021\/10\/Pujerra-Mirador-de-la-Cruz-Foto-Miguel-Oliveros-1024x602.jpg\" alt=\"Pujerra mirador\" width=\"621\" height=\"365\" \/><\/a><figcaption id=\"caption-attachment-9505\" class=\"wp-caption-text\">Pujerra Mirador de la Cruz Foto Miguel Oliveros<\/figcaption><\/figure>\n<p>Une f\u00eate singuli\u00e8re de Pujerra est la <em><strong>Tost\u00f3n ou Feria de la Casta\u00f1a<\/strong><\/em>, qui co\u00efncide avec la f\u00eate de la Vierge de F\u00e1tima, la patronne de Pujerra, o\u00f9 l&rsquo;on c\u00e9l\u00e8bre la fin de la r\u00e9colte de la ch\u00e2taigne \u00e0 la fin du mois d&rsquo;octobre.<\/p>\n<p><a href=\"https:\/\/goo.gl\/maps\/1FE7rsd57Fmy3Y9s7\" data-wpel-link=\"external\" rel=\"external noopener noreferrer\"><strong>Comment y arriver<\/strong><\/a><\/p>\n<h3><span class=\"ez-toc-section\" id=\"Parauta_%E2%80%93_Nature_protegee\"><\/span><strong>Parauta \u2013 Nature prot\u00e9g\u00e9e<\/strong><span class=\"ez-toc-section-end\"><\/span><\/h3>\n<figure id=\"attachment_9507\" aria-describedby=\"caption-attachment-9507\" style=\"width: 621px\" class=\"wp-caption alignnone\"><a href=\"https:\/\/www.malagacar.com\/sp\/blog\/wp-content\/uploads\/2021\/10\/Parauta-Foto-Otono-el-Asmar.jpg\" data-wpel-link=\"internal\"><img loading=\"lazy\" decoding=\"async\" class=\"wp-image-9507\" src=\"https:\/\/www.malagacar.com\/sp\/blog\/wp-content\/uploads\/2021\/10\/Parauta-Foto-Otono-el-Asmar-1024x629.jpg\" alt=\"pueblos valle genal, parauta\" width=\"621\" height=\"382\" \/><\/a><figcaption id=\"caption-attachment-9507\" class=\"wp-caption-text\">Parauta Foto Oto\u00f1o el Asmar<\/figcaption><\/figure>\n<p>Le village de Parauta est situ\u00e9 \u00e0 800 m\u00e8tres d&rsquo;altitude et compte actuellement environ 240 habitants. Le centre historique du village refl\u00e8te son pass\u00e9 arabe avec ses ruelles \u00e9troites et escarp\u00e9es pav\u00e9es.<\/p>\n<p>Le Parc National de la Sierra de Las Nieves occupe une grande partie de son territoire et est un espace prot\u00e9g\u00e9 en raison de sa grande valeur environnementale. En 1999, on a nomm\u00e9 Parauta Municipalit\u00e9 \u00c9cologique.<\/p>\n<p>\u00c0 l&rsquo;entr\u00e9e du village se trouve une fontaine d&rsquo;eau potable id\u00e9ale pour se rafra\u00eechir, la <a href=\"https:\/\/goo.gl\/maps\/zddNmnigR3Dw2rxb7\" data-wpel-link=\"external\" rel=\"external noopener noreferrer\"><strong>Fontaine de l&rsquo;Alquieria<\/strong><\/a>.<\/p>\n<p>Chaque ann\u00e9e en novembre, la <em><strong>F\u00eate du Lapin<\/strong><\/em> est c\u00e9l\u00e9br\u00e9e avec la d\u00e9gustation de riz au lapin et de produits traditionnels.<\/p>\n<p><a href=\"https:\/\/goo.gl\/maps\/1FE7rsd57Fmy3Y9s7\" data-wpel-link=\"external\" rel=\"external noopener noreferrer\"><strong>Comment y arriver<\/strong><\/a><\/p>\n<h3><span class=\"ez-toc-section\" id=\"Cartajima_%E2%80%93_Le_Plus_Haut_Village\"><\/span><strong>Cartajima \u2013 Le Plus Haut Village<\/strong><span class=\"ez-toc-section-end\"><\/span><\/h3>\n<figure id=\"attachment_9508\" aria-describedby=\"caption-attachment-9508\" style=\"width: 620px\" class=\"wp-caption alignnone wp-image-9508\"><a href=\"https:\/\/www.malagacar.com\/sp\/blog\/wp-content\/uploads\/2021\/08\/Juzcar-vista-desde-el-Mirador-Foto-wllm-n.jpg\" data-wpel-link=\"internal\"><img loading=\"lazy\" decoding=\"async\" class=\"wp-image-9362\" src=\"https:\/\/www.malagacar.com\/sp\/blog\/wp-content\/uploads\/2021\/08\/Juzcar-vista-desde-el-Mirador-Foto-wllm-n-1024x703.jpg\" alt=\"pueblos valle genal, j\u00fazcar\" width=\"620\" height=\"426\" \/><\/a><figcaption id=\"caption-attachment-9508\" class=\"wp-caption-text\">J\u00fazcar vista desde el Mirador Foto wllm n<\/figcaption><\/figure>\n<p>La r\u00e9gion est particuli\u00e8rement attrayante en automne lorsque les feuilles changent de couleur et que nous pouvons profiter de la r\u00e9colte des ch\u00e2taignes. Mais J\u00fazcar est \u00e9galement c\u00e9l\u00e8bre pour une autre raison :<\/p>\n<p>Tout le village est peint en bleu. Ce n&rsquo;est pas parce qu&rsquo;il est jumel\u00e9 avec Chefchauen, mais parce que J\u00fazcar \u00e9tait le village des Schtroumpfs. En 2011, il a \u00e9t\u00e9 choisi pour la premi\u00e8re mondiale du film \u00ab\u00a0Les Schtroumpfs\u00a0\u00bb, et l&rsquo;id\u00e9e de peindre tout le village en bleu, y compris l&rsquo;\u00e9glise et le cimeti\u00e8re, a \u00e9merg\u00e9. C&rsquo;est ainsi qu&rsquo;il est rest\u00e9 apr\u00e8s un vote populaire de ses \u00e0 peine 230 habitants.<\/p>\n<p>Il y a 2 <a href=\"https:\/\/goo.gl\/maps\/ohSmgJxyvwHEge6N9\" data-wpel-link=\"external\" rel=\"external noopener noreferrer\"><strong>tyroliennes<\/strong><\/a> \u00e0 J\u00fazcar, adapt\u00e9es aussi bien pour les enfants que pour les adultes. Ce parc d&rsquo;aventures en plein air propose \u00e9galement un <em><strong>pont tib\u00e9tain<\/strong><\/em> et plusieurs <em><strong>parois d&rsquo;escalade<\/strong><\/em>.<\/p>\n<p>Depuis le point de vue du village, nous pouvons le voir dans toute sa splendeur bleue.<\/p>\n<p>De J\u00fazcar, un court sentier m\u00e8ne au <a href=\"https:\/\/goo.gl\/maps\/guQGtbjSeagm1bwk7\" data-wpel-link=\"external\" rel=\"external noopener noreferrer\"><strong>point de vue sur le Nacimiento las Z\u00faas<\/strong><\/a>, en passant par des ch\u00e2taigniers, d&rsquo;anciens moulins \u00e0 eau et une ancienne chauss\u00e9e romaine, un bon sentier \u00e0 parcourir avec des enfants et \u00e0 se baigner en \u00e9t\u00e9.<\/p>\n<p><a href=\"https:\/\/goo.gl\/maps\/1FE7rsd57Fmy3Y9s7\" data-wpel-link=\"external\" rel=\"external noopener noreferrer\"><strong>Comment y arriver<\/strong><\/a><\/p>\n<h3><span class=\"ez-toc-section\" id=\"Farajan_et_ses_cascades\"><\/span><strong>Faraj\u00e1n et ses cascades<\/strong><span class=\"ez-toc-section-end\"><\/span><\/h3>\n<figure id=\"attachment_9509\" aria-describedby=\"caption-attachment-9509\" style=\"width: 621px\" class=\"wp-caption alignnone\"><a href=\"https:\/\/www.malagacar.com\/sp\/blog\/wp-content\/uploads\/2021\/10\/Farajan-Foto-Rafael-Alvarez.jpg\" data-wpel-link=\"internal\"><img loading=\"lazy\" decoding=\"async\" class=\"wp-image-9509\" src=\"https:\/\/www.malagacar.com\/sp\/blog\/wp-content\/uploads\/2021\/10\/Farajan-Foto-Rafael-Alvarez-1024x645.jpg\" alt=\"faraj\u00e1n\" width=\"621\" height=\"391\" \/><\/a><figcaption id=\"caption-attachment-9509\" class=\"wp-caption-text\">Faraj\u00e1n Foto Rafael \u00c1lvarez<\/figcaption><\/figure>\n<p>Ce village d&rsquo;environ 250 habitants, situ\u00e9 \u00e0 pr\u00e8s de 650 m\u00e8tres d&rsquo;altitude, est l&rsquo;une des rares municipalit\u00e9s de la Vall\u00e9e du Genal situ\u00e9es presque \u00e0 plat, sur le sommet d&rsquo;une douce colline entour\u00e9e d&rsquo;une v\u00e9g\u00e9tation abondante.<\/p>\n<p>Le principal attrait de Farj\u00e1n r\u00e9side dans son environnement naturel, sa <em><strong>beaut\u00e9 paysag\u00e8re<\/strong><\/em> et la facilit\u00e9 du terrain pour la randonn\u00e9e.<\/p>\n<p>Directement depuis le village d\u00e9bute le <a href=\"https:\/\/goo.gl\/maps\/URBxArZgnxf8crjG8\" data-wpel-link=\"external\" rel=\"external noopener noreferrer\"><strong>sentier des Chorreras<\/strong><\/a> avec le ruisseau Balastar formant deux cascades spectaculaires d&rsquo;environ 50 m\u00e8tres.<\/p>\n<figure id=\"attachment_9510\" aria-describedby=\"caption-attachment-9510\" style=\"width: 621px\" class=\"wp-caption alignnone wp-image-9510\"><a href=\"https:\/\/www.malagacar.com\/sp\/blog\/wp-content\/uploads\/2021\/10\/Alpandeire-Mirador-del-Cuervo-Foto-Xerxi-Del-Rio.jpg\" data-wpel-link=\"internal\"><img loading=\"lazy\" decoding=\"async\" class=\"wp-image-9512\" src=\"https:\/\/www.malagacar.com\/sp\/blog\/wp-content\/uploads\/2021\/10\/Alpandeire-Mirador-del-Cuervo-Foto-Xerxi-Del-Rio-1024x700.jpg\" alt=\"pueblos valle genal, alpandeire\" width=\"621\" height=\"425\" \/><\/a><figcaption id=\"caption-attachment-9510\" class=\"wp-caption-text\">Alpandeire depuis le Mirador del Cuervo Photo Xerxi del Rio<\/figcaption><\/figure>\n<p>Ce village situ\u00e9 \u00e0 700 m\u00e8tres d&rsquo;altitude et comptant \u00e0 peine 250 habitants est le lieu de naissance de Fray Leopoldo, un moine capucin b\u00e9atifi\u00e9.<\/p>\n<p>Vous pouvez visiter sa maison natale ou l&rsquo;\u00e9glise de San Antonio de Padua, consid\u00e9r\u00e9e comme \u00ab\u00a0<em><strong>La Cath\u00e9drale de la Serran\u00eda<\/strong><\/em>\u00a0\u00bb en raison de ses grandes dimensions, qui contrastent avec la petite taille du village.<\/p>\n<figure id=\"attachment_9513\" aria-describedby=\"caption-attachment-9513\" style=\"width: 620px\" class=\"wp-caption alignnone wp-image-9513\"><a href=\"https:\/\/www.malagacar.com\/sp\/blog\/wp-content\/uploads\/2021\/10\/Atajate-Mirador-de-Atajate-Foto-Marie-Christine-Lambert.jpg\" data-wpel-link=\"internal\"><img loading=\"lazy\" decoding=\"async\" class=\"wp-image-9514\" src=\"https:\/\/www.malagacar.com\/sp\/blog\/wp-content\/uploads\/2021\/10\/Atajate-Mirador-de-Atajate-Foto-Marie-Christine-Lambert-1024x718.jpg\" alt=\"villages de la vall\u00e9e du Genal. Atajate\" width=\"620\" height=\"435\" \/><\/a><figcaption id=\"caption-attachment-9513\" class=\"wp-caption-text\">Mirador de Atajate Photo Marie-Christine Lambert<\/figcaption><\/figure>\n<p>Le village dispose de deux belv\u00e9d\u00e8res, l&rsquo;un avant d&rsquo;arriver, le <a href=\"https:\/\/goo.gl\/maps\/WDJD9KSdxFEa59789\" data-wpel-link=\"external\" rel=\"external noopener noreferrer\"><strong>Mirador de los Casta\u00f1ares<\/strong><\/a> et l&rsquo;autre au-dessus du village, le <a href=\"https:\/\/goo.gl\/maps\/jZNjDYk8sRrejMh58\" data-wpel-link=\"external\" rel=\"external noopener noreferrer\"><strong>Mirador de Atajate<\/strong><\/a>.<\/p>\n<figure id=\"attachment_9515\" aria-describedby=\"caption-attachment-9515\" style=\"width: 621px\" class=\"wp-caption alignnone wp-image-9515\"><a href=\"https:\/\/www.malagacar.com\/sp\/blog\/wp-content\/uploads\/2021\/10\/Atajate-Via-ferrata-Foto-Adrian-Macias.jpg\" data-wpel-link=\"internal\"><img loading=\"lazy\" decoding=\"async\" class=\"wp-image-9516\" src=\"https:\/\/www.malagacar.com\/sp\/blog\/wp-content\/uploads\/2021\/10\/Atajate-Via-ferrata-Foto-Adrian-Macias.jpg\" alt=\"atajate v\u00eda ferrata\" width=\"621\" height=\"723\" \/><\/a><figcaption id=\"caption-attachment-9515\" class=\"wp-caption-text\">Atajate Via ferrata Foto Adrian Macias<\/figcaption><\/figure>\n<p>Une nouvelle <em><strong>tyrolienne<\/strong> <\/em>a \u00e9galement \u00e9t\u00e9 install\u00e9e, traversant le village d&rsquo;Atajate.<br \/>\nCeux qui pr\u00e9f\u00e8rent des activit\u00e9s plus sophistiqu\u00e9es peuvent suivre l&rsquo;itin\u00e9raire vers le <a href=\"https:\/\/goo.gl\/maps\/U1DBu77eo8MMe4mt9\" data-wpel-link=\"external\" rel=\"external noopener noreferrer\"><strong>Mus\u00e9e ouvert du Mosto<\/strong><\/a>.<\/p>\n<p>Atajate produit un excellent mo\u00fbt et un mus\u00e9e en plein air a \u00e9t\u00e9 am\u00e9nag\u00e9, qui, \u00e0 travers des textes, des illustrations et des outils traditionnels, nous permet de profiter de toute la culture li\u00e9e au vin.<\/p>\n<figure id=\"attachment_9517\" aria-describedby=\"caption-attachment-9517\" style=\"width: 620px\" class=\"wp-caption alignnone wp-image-9517\"><a href=\"https:\/\/www.malagacar.com\/sp\/blog\/wp-content\/uploads\/2021\/10\/Benadalid-Foto-Jobe-Lrdlpl.jpg\" data-wpel-link=\"internal\"><img loading=\"lazy\" decoding=\"async\" class=\"wp-image-9518\" src=\"https:\/\/www.malagacar.com\/sp\/blog\/wp-content\/uploads\/2021\/10\/Benadalid-Foto-Jobe-Lrdlpl-1024x703.jpg\" alt=\"pueblos valle genal, benadalid\" width=\"620\" height=\"426\" \/><\/a><figcaption id=\"caption-attachment-9517\" class=\"wp-caption-text\">Benadalid Foto Jobe Lrdlpl<\/figcaption><\/figure>\n<p><a href=\"https:\/\/goo.gl\/maps\/Jo4bgFfk5UUVsJBT6\" data-wpel-link=\"external\" rel=\"external noopener noreferrer\"><strong>Comment y arriver<\/strong><\/a><\/p>\n<h3><span class=\"ez-toc-section\" id=\"Benalauria_et_ses_vues_magnifiques\"><\/span>Benalaur\u00eda et ses vues magnifiques<span class=\"ez-toc-section-end\"><\/span><\/h3>\n<figure id=\"attachment_9520\" aria-describedby=\"caption-attachment-9520\" style=\"width: 451px\" class=\"wp-caption alignnone wp-image-9520\"><a href=\"https:\/\/www.malagacar.com\/sp\/blog\/wp-content\/uploads\/2021\/10\/Benalauria-Via-Ferrea-Foto-Nono-Jesus-Totta-Calvin.jpg\" data-wpel-link=\"internal\"><img loading=\"lazy\" decoding=\"async\" class=\"wp-image-9521\" src=\"https:\/\/www.malagacar.com\/sp\/blog\/wp-content\/uploads\/2021\/10\/Benalauria-Via-Ferrea-Foto-Nono-Jesus-Totta-Calvin.jpg\" alt=\"benalaur\u00eda v\u00eda ferrata\" width=\"451\" height=\"530\" \/><\/a><figcaption id=\"caption-attachment-9520\" class=\"wp-caption-text\">Benalaur\u00eda Via Ferrata Foto Nono Jes\u00fas Totta Calvin<\/figcaption><\/figure>\n<p>Il y a plusieurs <strong>sentiers de randonn\u00e9e<\/strong> sur Wikiloc pour d\u00e9couvrir les environs de Benalaur\u00eda et sa <strong>For\u00eat de Cuivre<\/strong>. Il vous suffit de t\u00e9l\u00e9charger l&rsquo;application et de rechercher le village pour les trouver.<\/p>\n<p>La premi\u00e8re semaine d\u2019ao\u00fbt, on c\u00e9l\u00e8bre la F\u00eate des Maures et Chr\u00e9tiens. Si vous y allez en \u00e9t\u00e9, ne manquez pas la piscine municipale. Elle offre une vue imprenable. Il y a aussi un restaurant id\u00e9al pour manger \u00e0 tout moment.<\/p>\n<p><a href=\"https:\/\/goo.gl\/maps\/r2cyJSRVueTpbimT9\" data-wpel-link=\"external\" rel=\"external noopener noreferrer\"><strong>Comment y arriver<\/strong><\/a><\/p>\n<h3><span class=\"ez-toc-section\" id=\"Algatocin_et_sa_celebre_boulangerie\"><\/span>Algatoc\u00edn et sa c\u00e9l\u00e8bre boulangerie<span class=\"ez-toc-section-end\"><\/span><\/h3>\n<figure id=\"attachment_9522\" aria-describedby=\"caption-attachment-9522\" style=\"width: 619px\" class=\"wp-caption alignnone\"><a href=\"https:\/\/www.malagacar.com\/sp\/blog\/wp-content\/uploads\/2021\/10\/Algatocin-Mirador-del-Genal-Foto-Gea-van-der-Schaaf.jpg\" data-wpel-link=\"internal\"><img loading=\"lazy\" decoding=\"async\" class=\"wp-image-9523\" src=\"https:\/\/www.malagacar.com\/sp\/blog\/wp-content\/uploads\/2021\/10\/Algatocin-Mirador-del-Genal-Foto-Gea-van-der-Schaaf-1024x603.jpg\" alt=\"algatoc\u00edn\" width=\"619\" height=\"365\" \/><\/a><figcaption id=\"caption-attachment-9522\" class=\"wp-caption-text\">Algatoc\u00edn Mirador del Genal Foto Gea van der Schaaf<\/figcaption><\/figure>\n<p>Au centre du village se trouve l\u2019\u00e9glise de Nuestra Se\u00f1ora del Rosario. Elle date du XVIe si\u00e8cle. Selon la tradition, elle a \u00e9t\u00e9 construite sur le palais d\u2019Algatosia, fille d\u2019un roi musulman.<\/p>\n<p>La boulangerie Pan Pi\u00f1a \u00e0 Algatoc\u00edn, dirig\u00e9e par le boulanger Juan Manuel Moreno, pr\u00e9pare l&rsquo;un des <em><strong>pains les plus chers au monde<\/strong><\/em> avec de l&rsquo;or et de l&rsquo;argent.<\/p>\n<p><a href=\"https:\/\/goo.gl\/maps\/1FE7rsd57Fmy3Y9s7\" data-wpel-link=\"external\" rel=\"external noopener noreferrer\"><strong>Comment y arriver<\/strong><\/a><\/p>\n<h3><span class=\"ez-toc-section\" id=\"Benarraba_et_son_Belvedere_de_lAfrique\"><\/span>Benarrab\u00e1 et son Belv\u00e9d\u00e8re de l&rsquo;Afrique<span class=\"ez-toc-section-end\"><\/span><\/h3>\n<figure id=\"attachment_9524\" aria-describedby=\"caption-attachment-9524\" style=\"width: 622px\" class=\"wp-caption alignnone\"><a href=\"https:\/\/www.malagacar.com\/sp\/blog\/wp-content\/uploads\/2021\/10\/Benarraba-Foto-g-m.jpg\" data-wpel-link=\"internal\"><img loading=\"lazy\" decoding=\"async\" class=\"wp-image-9524\" src=\"https:\/\/www.malagacar.com\/sp\/blog\/wp-content\/uploads\/2021\/10\/Benarraba-Foto-g-m-1024x678.jpg\" alt=\"benarrab\u00e1\" width=\"622\" height=\"412\" \/><\/a><figcaption id=\"caption-attachment-9524\" class=\"wp-caption-text\">Benarrab\u00e1 Foto g m<\/figcaption><\/figure>\n<p>Le <a href=\"https:\/\/goo.gl\/maps\/jTXVwZVNZawsuAZN7\" data-wpel-link=\"external\" rel=\"external noopener noreferrer\"><strong>Belv\u00e9d\u00e8re de l&rsquo;Afrique<\/strong><\/a> offre des vues impressionnantes sur toute la r\u00e9gion, les vall\u00e9es du rio Guadiaro au nord et du rio Genal au sud, la Sierra Bermeja, le Parc Naturel des Alcornocales et le d\u00e9troit de Gibraltar, avec la possibilit\u00e9 de contempler le massif africain du Rif par temps clair.<br \/>\n<a href=\"https:\/\/goo.gl\/maps\/1FE7rsd57Fmy3Y9s7\" data-wpel-link=\"external\" rel=\"external noopener noreferrer\"><strong>Comment y arriver<\/strong><\/a><\/p>\n<h3><span class=\"ez-toc-section\" id=\"Gaucin_%E2%80%93_Le_Balcon_de_la_Serrania\"><\/span>Gauc\u00edn &#8211; Le Balcon de la Serran\u00eda<span class=\"ez-toc-section-end\"><\/span><\/h3>\n<figure id=\"attachment_9526\" aria-describedby=\"caption-attachment-9526\" style=\"width: 620px\" class=\"wp-caption alignnone\"><a href=\"https:\/\/www.malagacar.com\/sp\/blog\/wp-content\/uploads\/2021\/10\/Gaucin-Castillo-del-Aguila-FotoMatthias-Vorndran.jpg\" data-wpel-link=\"internal\"><img loading=\"lazy\" decoding=\"async\" class=\"wp-image-9526\" src=\"https:\/\/www.malagacar.com\/sp\/blog\/wp-content\/uploads\/2021\/10\/Gaucin-Castillo-del-Aguila-FotoMatthias-Vorndran-1024x664.jpg\" alt=\"villages de la vall\u00e9e de Genal, Gauc\u00edn\" width=\"620\" height=\"402\" \/><\/a><figcaption id=\"caption-attachment-9526\" class=\"wp-caption-text\">Gauc\u00edn Castillo del Aguila Foto Matthias Vorndran<\/figcaption><\/figure>\n<p>Depuis le <a href=\"https:\/\/goo.gl\/maps\/y43wvkyayv57umG49\" data-wpel-link=\"external\" rel=\"external noopener noreferrer\"><strong>Castillo del \u00c1guila<\/strong><\/a>, vous pourrez profiter d&rsquo;une vue spectaculaire sur tout l&rsquo;environnement de Gauc\u00edn. Le ch\u00e2teau est en ruines, mais l&rsquo;ensemble est tr\u00e8s beau.<br \/>\n\u00c0 c\u00f4t\u00e9 du ch\u00e2teau se trouve une via ferrata (<a href=\"https:\/\/goo.gl\/maps\/gUVGpXtdyjzNdH2s8\" data-wpel-link=\"external\" rel=\"external noopener noreferrer\"><strong>V\u00eda Ferrata Castillo del \u00c1guila<\/strong><\/a>) avec deux ponts de singe, d\u00e9conseill\u00e9e aux d\u00e9butants.<\/p>\n<figure id=\"attachment_9527\" aria-describedby=\"caption-attachment-9527\" style=\"width: 619px\" class=\"wp-caption alignnone\"><a href=\"https:\/\/www.malagacar.com\/sp\/blog\/wp-content\/uploads\/2021\/10\/Gaucin-via-ferrata-Foto-P-Majchi.jpg\" data-wpel-link=\"internal\"><img loading=\"lazy\" decoding=\"async\" class=\"wp-image-9527\" src=\"https:\/\/www.malagacar.com\/sp\/blog\/wp-content\/uploads\/2021\/10\/Gaucin-via-ferrata-Foto-P-Majchi-1024x718.jpg\" alt=\"gauc\u00edn v\u00eda ferrata\" width=\"619\" height=\"434\" \/><\/a><figcaption id=\"caption-attachment-9527\" class=\"wp-caption-text\">Gaucin via ferrata Foto P Majchi<\/figcaption><\/figure>\n<p>Depuis le <a href=\"https:\/\/goo.gl\/maps\/dUxJV9yaYtELj9gL9\" data-wpel-link=\"external\" rel=\"external noopener noreferrer\"><strong>Balc\u00f3n de la Serran\u00eda<\/strong><\/a>, vous b\u00e9n\u00e9ficierez d&rsquo;une vue spectaculaire sur la c\u00f4te, le rocher de Gibraltar et m\u00eame le Rif de la c\u00f4te africaine.<\/p>\n<figure id=\"attachment_9525\" aria-describedby=\"caption-attachment-9525\" style=\"width: 619px\" class=\"wp-caption alignnone\"><a href=\"https:\/\/www.malagacar.com\/sp\/blog\/wp-content\/uploads\/2021\/10\/Gaucin-Mirador-Balcon-de-la-Serrania-Foto-Mariette-van-Straaten.jpg\" data-wpel-link=\"internal\"><img loading=\"lazy\" decoding=\"async\" class=\"wp-image-9525\" src=\"https:\/\/www.malagacar.com\/sp\/blog\/wp-content\/uploads\/2021\/10\/Gaucin-Mirador-Balcon-de-la-Serrania-Foto-Mariette-van-Straaten-1024x612.jpg\" alt=\"gauc\u00edn\" width=\"619\" height=\"370\" \/><\/a><figcaption id=\"caption-attachment-9525\" class=\"wp-caption-text\">Gauc\u00edn Mirador Balc\u00f3n de la Serran\u00eda Foto Mariette van Straaten<\/figcaption><\/figure>\n<p><a href=\"https:\/\/goo.gl\/maps\/1FE7rsd57Fmy3Y9s7\" data-wpel-link=\"external\" rel=\"external noopener noreferrer\"><strong>Comment y arriver<\/strong><\/a><\/p>\n<h3><span class=\"ez-toc-section\" id=\"Jubrique_%E2%80%93_Parfait_camp_de_base\"><\/span>Jubrique \u2013 Parfait camp de base<span class=\"ez-toc-section-end\"><\/span><\/h3>\n<figure id=\"attachment_9528\" aria-describedby=\"caption-attachment-9528\" style=\"width: 619px\" class=\"wp-caption alignnone\"><a href=\"https:\/\/www.malagacar.com\/sp\/blog\/wp-content\/uploads\/2021\/10\/Jubrique-Posada-Mirador-de-Jubrique.jpg\" data-wpel-link=\"internal\"><img loading=\"lazy\" decoding=\"async\" class=\"wp-image-9528\" src=\"https:\/\/www.malagacar.com\/sp\/blog\/wp-content\/uploads\/2021\/10\/Jubrique-Posada-Mirador-de-Jubrique-1024x727.jpg\" alt=\"jubrique\" width=\"619\" height=\"439\" \/><\/a><figcaption id=\"caption-attachment-9528\" class=\"wp-caption-text\">Jubrique Posada Mirador de Jubrique<\/figcaption><\/figure>\n<p>Il faut prendre en compte que dans le village, il y a un d\u00e9nivel\u00e9 d&rsquo;environ 300 m\u00e8tres, les pentes sont tr\u00e8s raides, et il est tr\u00e8s difficile de se garer. Il est pr\u00e9f\u00e9rable de se garer \u00e0 l&rsquo;entr\u00e9e du village et de marcher.<\/p>\n<p>Nous avons s\u00e9journ\u00e9 \u00e0 la Posada Mirador de Jubrique pour nos excursions dans la r\u00e9gion, y compris une visite \u00e0 Genalguacil, et nous pouvons la recommander.<\/p>\n<p><a href=\"https:\/\/goo.gl\/maps\/2mtAM27WcSdUDQKz8\" data-wpel-link=\"external\" rel=\"external noopener noreferrer\"><strong>Comment y arriver<\/strong><\/a><\/p>\n<h3><span class=\"ez-toc-section\" id=\"Genalguacil_%E2%80%93_Le_Village_Musee\"><\/span>Genalguacil \u2013 Le Village Mus\u00e9e<span class=\"ez-toc-section-end\"><\/span><\/h3>\n<figure id=\"attachment_8328\" aria-describedby=\"caption-attachment-8328\" style=\"width: 623px\" class=\"wp-caption alignnone\"><a href=\"https:\/\/www.malagacar.com\/sp\/blog\/wp-content\/uploads\/2020\/10\/desde-genalguacil-scaled.jpg\" data-wpel-link=\"internal\"><img loading=\"lazy\" decoding=\"async\" class=\" wp-image-8328\" src=\"https:\/\/www.malagacar.com\/sp\/blog\/wp-content\/uploads\/2020\/10\/desde-genalguacil-1024x768.jpg\" alt=\"Genalguacil\" width=\"623\" height=\"468\" \/><\/a><figcaption id=\"caption-attachment-8328\" class=\"wp-caption-text\">Vues depuis Genalguacil<\/figcaption><\/figure>\n<p>Genalguacil est litt\u00e9ralement un tr\u00e8s pittoresque village blanc, situ\u00e9 \u00e0 500 m\u00e8tres au-dessus du niveau de la mer au c\u0153ur de la Serran\u00eda de Ronda.<\/p>\n<p>Ce petit village blanc se distingue par ses Rencontres d\u2019Art. Elles ont lieu tous les deux ans. Des peintres, sculpteurs, photographes ou c\u00e9ramistes internationaux y participent. Ils r\u00e9sident en cohabitation avec les habitants du village.<\/p>\n<figure id=\"attachment_9529\" aria-describedby=\"caption-attachment-9529\" style=\"width: 449px\" class=\"wp-caption alignnone\"><a href=\"https:\/\/www.malagacar.com\/sp\/blog\/wp-content\/uploads\/2021\/10\/Genalguacil-arte.jpg\" data-wpel-link=\"internal\"><img loading=\"lazy\" decoding=\"async\" class=\"wp-image-9529\" src=\"https:\/\/www.malagacar.com\/sp\/blog\/wp-content\/uploads\/2021\/10\/Genalguacil-arte-768x1024.jpg\" alt=\"genalguacil\" width=\"449\" height=\"598\" \/><\/a><figcaption id=\"caption-attachment-9529\" class=\"wp-caption-text\">Art dans les rues de Genalguacil<\/figcaption><\/figure>\n<p>On expose de mani\u00e8re permanente les \u0153uvres d\u2019art cr\u00e9\u00e9es pendant cette p\u00e9riode dans tout le village, en faisant ainsi un mus\u00e9e d\u2019art en plein air. Nous y sommes all\u00e9s, d\u00e9couvrez Genalguacil dans notre article !<\/p>\n<p><a href=\"https:\/\/goo.gl\/maps\/Ehd5HDmgGXMXo7aAA\" data-wpel-link=\"external\" rel=\"external noopener noreferrer\"><strong>Comment y arriver<\/strong><\/a><\/p>\n<h2><span class=\"ez-toc-section\" id=\"Savez-vous_que%E2%80%A6\"><\/span>Savez-vous que&#8230; ?<span class=\"ez-toc-section-end\"><\/span><\/h2>\n<p>\u2022 <em><strong>Le pain le plus cher du monde est fabriqu\u00e9 \u00e0 Algatoc\u00edn<\/strong><\/em> dans la boulangerie Pan Pi\u00f1a. Ses clients habituels sont des cheikhs, des hommes d&rsquo;affaires russes ou des millionnaires chinois. On l\u2019\u00e9labore avec du sel de roche extrait \u00e0 la main, de la farine biologique de quinoa, de chia, d\u2019avoine, de tomate s\u00e9ch\u00e9e, de malt torr\u00e9fi\u00e9 et de l\u2019eau des montagnes d\u2019Algatoc\u00edn, ainsi que de l\u2019or et de l\u2019argent.<\/p>\n<p>On vend chaque pain de 400 grammes \u00e0 1 480 euros. De f\u00e9vrier 2020 \u00e0 f\u00e9vrier 2021, on a vendu 96 unit\u00e9s.<\/p>\n<p><a href=\"https:\/\/www.malagacar.com\/sp\/blog\/wp-content\/uploads\/2021\/10\/pan-pina.jpeg\" data-wpel-link=\"internal\"><img loading=\"lazy\" decoding=\"async\" class=\"alignnone wp-image-9530\" src=\"https:\/\/www.malagacar.com\/sp\/blog\/wp-content\/uploads\/2021\/10\/pan-pina.jpeg\" alt=\"panaderia pan pi\u00f1a, el pan m\u00e1s caro del mundo\" width=\"621\" height=\"414\" \/><\/a><\/p>\n<p>\u2022 <em><strong>Alpandeire est le berceau de l&rsquo;un des bandits les plus connus<\/strong><\/em> de l&rsquo;histoire de la Serran\u00eda de Ronda, Antonio Barbar\u00e1n Jim\u00e9nez, alias \u00ab\u00a0El Barbar\u00e1n\u00a0\u00bb.<\/p>\n<h2><span class=\"ez-toc-section\" id=\"Carte_interactive_des_Villages_Blancs_du_Valle_del_Genal\"><\/span>Carte interactive des Villages Blancs du Valle del Genal<span class=\"ez-toc-section-end\"><\/span><\/h2>\n<p><iframe loading=\"lazy\" src=\"https:\/\/www.google.com\/maps\/d\/u\/0\/embed?mid=1Upx1fbp6g_scdX40HSqKClnE4bkTwI5U\" width=\"640\" height=\"480\"><\/iframe><br \/>\n\t\t\t\t\n\t\t\t\t<div id=\"search-form2\" class=\"big-quote index-mobile\">\n\t\t\t\t<form id=\"frmSearch\" name=\"frmSearch\" action=\"\/fr\/location-de-voitures\/quote.php\" method=\"post\" name=\"quote\" class=\"container-fluid\">\n\t\t\t\t\t\t\t\t\t<div class=\"row\">\n\t\t\t\t\t\t<div class=\"col-sm-6\">\n\n\t\t\t\t\t\t\t<div class=\"form-group\">\n\t\t\t\t\t\t\t\t<label for=\"entrega\"><h4>Collecte<\/h4><\/label>\n\t\t\t\t\t\t\t\t<select name=\"entrega\" id=\"entrega\" class=\"custom-select\">\n\t\t\t\t\t\t\t\t\t<option value=\"airport\"  selected>Malaga A\u00e9roport<\/option>\n\t\t\t\t\t\t\t\t\t\t\t\t\t\t\t\t<\/select>\n\t\t\t\t\t\t\t\t<div class=\"form-inline my-2\">\n\t\t\t\t\t\t\t\t\t<input id=\"pDate\" class=\"form-control\" value=\"07\/09\/2026\" name=\"pDate\" readonly onchange=\"return uppdate()\">\n\t\t\t\t\t\t\t\t\t<select class=\"custom-select\" id=\"phorasminutos\" name=\"phorasminutos\" oninvalid=\"setCustomValidity('Faites-nous conna\u00eetre votre heure d\u00b4arriv\u00e9e')\" onchange=\"setCustomValidity('');\">\n\t\t\t\t\t\t\t\t\t\t<option value=\"-\" selected>--:--<\/option>\n\t\t\t\t\t\t\t\t\t\t\t\t\t\t\t\t\t\t\t\t<option value=\"00:00\">\n\t\t\t\t\t\t\t\t\t\t\t00:00<\/option>\n\t\t\t\t\t\t\t\t\t\t<option value=\"00:15\">\n\t\t\t\t\t\t\t\t\t\t\t00:15<\/option>\n\t\t\t\t\t\t\t\t\t\t<option value=\"00:30\">\n\t\t\t\t\t\t\t\t\t\t\t00:30<\/option>\n\t\t\t\t\t\t\t\t\t\t<option value=\"00:45\">\n\t\t\t\t\t\t\t\t\t\t\t00:45<\/option>\n\t\t\t\t\t\t\t\t\t\t\t\t\t\t\t\t\t\t\t\t<option value=\"01:00\">\n\t\t\t\t\t\t\t\t\t\t\t01:00<\/option>\n\t\t\t\t\t\t\t\t\t\t<option value=\"01:15\">\n\t\t\t\t\t\t\t\t\t\t\t01:15<\/option>\n\t\t\t\t\t\t\t\t\t\t<option value=\"01:30\">\n\t\t\t\t\t\t\t\t\t\t\t01:30<\/option>\n\t\t\t\t\t\t\t\t\t\t<option value=\"01:45\">\n\t\t\t\t\t\t\t\t\t\t\t01:45<\/option>\n\t\t\t\t\t\t\t\t\t\t\t\t\t\t\t\t\t\t\t\t<option value=\"02:00\">\n\t\t\t\t\t\t\t\t\t\t\t02:00<\/option>\n\t\t\t\t\t\t\t\t\t\t<option value=\"02:15\">\n\t\t\t\t\t\t\t\t\t\t\t02:15<\/option>\n\t\t\t\t\t\t\t\t\t\t<option value=\"02:30\">\n\t\t\t\t\t\t\t\t\t\t\t02:30<\/option>\n\t\t\t\t\t\t\t\t\t\t<option value=\"02:45\">\n\t\t\t\t\t\t\t\t\t\t\t02:45<\/option>\n\t\t\t\t\t\t\t\t\t\t\t\t\t\t\t\t\t\t\t\t<option value=\"03:00\">\n\t\t\t\t\t\t\t\t\t\t\t03:00<\/option>\n\t\t\t\t\t\t\t\t\t\t<option value=\"03:15\">\n\t\t\t\t\t\t\t\t\t\t\t03:15<\/option>\n\t\t\t\t\t\t\t\t\t\t<option value=\"03:30\">\n\t\t\t\t\t\t\t\t\t\t\t03:30<\/option>\n\t\t\t\t\t\t\t\t\t\t<option value=\"03:45\">\n\t\t\t\t\t\t\t\t\t\t\t03:45<\/option>\n\t\t\t\t\t\t\t\t\t\t\t\t\t\t\t\t\t\t\t\t<option value=\"04:00\">\n\t\t\t\t\t\t\t\t\t\t\t04:00<\/option>\n\t\t\t\t\t\t\t\t\t\t<option value=\"04:15\">\n\t\t\t\t\t\t\t\t\t\t\t04:15<\/option>\n\t\t\t\t\t\t\t\t\t\t<option value=\"04:30\">\n\t\t\t\t\t\t\t\t\t\t\t04:30<\/option>\n\t\t\t\t\t\t\t\t\t\t<option value=\"04:45\">\n\t\t\t\t\t\t\t\t\t\t\t04:45<\/option>\n\t\t\t\t\t\t\t\t\t\t\t\t\t\t\t\t\t\t\t\t<option value=\"05:00\">\n\t\t\t\t\t\t\t\t\t\t\t05:00<\/option>\n\t\t\t\t\t\t\t\t\t\t<option value=\"05:15\">\n\t\t\t\t\t\t\t\t\t\t\t05:15<\/option>\n\t\t\t\t\t\t\t\t\t\t<option value=\"05:30\">\n\t\t\t\t\t\t\t\t\t\t\t05:30<\/option>\n\t\t\t\t\t\t\t\t\t\t<option value=\"05:45\">\n\t\t\t\t\t\t\t\t\t\t\t05:45<\/option>\n\t\t\t\t\t\t\t\t\t\t\t\t\t\t\t\t\t\t\t\t<option value=\"06:00\">\n\t\t\t\t\t\t\t\t\t\t\t06:00<\/option>\n\t\t\t\t\t\t\t\t\t\t<option value=\"06:15\">\n\t\t\t\t\t\t\t\t\t\t\t06:15<\/option>\n\t\t\t\t\t\t\t\t\t\t<option value=\"06:30\">\n\t\t\t\t\t\t\t\t\t\t\t06:30<\/option>\n\t\t\t\t\t\t\t\t\t\t<option value=\"06:45\">\n\t\t\t\t\t\t\t\t\t\t\t06:45<\/option>\n\t\t\t\t\t\t\t\t\t\t\t\t\t\t\t\t\t\t\t\t<option value=\"07:00\">\n\t\t\t\t\t\t\t\t\t\t\t07:00<\/option>\n\t\t\t\t\t\t\t\t\t\t<option value=\"07:15\">\n\t\t\t\t\t\t\t\t\t\t\t07:15<\/option>\n\t\t\t\t\t\t\t\t\t\t<option value=\"07:30\">\n\t\t\t\t\t\t\t\t\t\t\t07:30<\/option>\n\t\t\t\t\t\t\t\t\t\t<option value=\"07:45\">\n\t\t\t\t\t\t\t\t\t\t\t07:45<\/option>\n\t\t\t\t\t\t\t\t\t\t\t\t\t\t\t\t\t\t\t\t<option value=\"08:00\">\n\t\t\t\t\t\t\t\t\t\t\t08:00<\/option>\n\t\t\t\t\t\t\t\t\t\t<option value=\"08:15\">\n\t\t\t\t\t\t\t\t\t\t\t08:15<\/option>\n\t\t\t\t\t\t\t\t\t\t<option value=\"08:30\">\n\t\t\t\t\t\t\t\t\t\t\t08:30<\/option>\n\t\t\t\t\t\t\t\t\t\t<option value=\"08:45\">\n\t\t\t\t\t\t\t\t\t\t\t08:45<\/option>\n\t\t\t\t\t\t\t\t\t\t\t\t\t\t\t\t\t\t\t\t<option value=\"09:00\">\n\t\t\t\t\t\t\t\t\t\t\t09:00<\/option>\n\t\t\t\t\t\t\t\t\t\t<option value=\"09:15\">\n\t\t\t\t\t\t\t\t\t\t\t09:15<\/option>\n\t\t\t\t\t\t\t\t\t\t<option value=\"09:30\">\n\t\t\t\t\t\t\t\t\t\t\t09:30<\/option>\n\t\t\t\t\t\t\t\t\t\t<option value=\"09:45\">\n\t\t\t\t\t\t\t\t\t\t\t09:45<\/option>\n\t\t\t\t\t\t\t\t\t\t\t\t\t\t\t\t\t\t\t\t<option value=\"10:00\">\n\t\t\t\t\t\t\t\t\t\t\t10:00<\/option>\n\t\t\t\t\t\t\t\t\t\t<option value=\"10:15\">\n\t\t\t\t\t\t\t\t\t\t\t10:15<\/option>\n\t\t\t\t\t\t\t\t\t\t<option value=\"10:30\">\n\t\t\t\t\t\t\t\t\t\t\t10:30<\/option>\n\t\t\t\t\t\t\t\t\t\t<option value=\"10:45\">\n\t\t\t\t\t\t\t\t\t\t\t10:45<\/option>\n\t\t\t\t\t\t\t\t\t\t\t\t\t\t\t\t\t\t\t\t<option value=\"11:00\">\n\t\t\t\t\t\t\t\t\t\t\t11:00<\/option>\n\t\t\t\t\t\t\t\t\t\t<option value=\"11:15\">\n\t\t\t\t\t\t\t\t\t\t\t11:15<\/option>\n\t\t\t\t\t\t\t\t\t\t<option value=\"11:30\">\n\t\t\t\t\t\t\t\t\t\t\t11:30<\/option>\n\t\t\t\t\t\t\t\t\t\t<option value=\"11:45\">\n\t\t\t\t\t\t\t\t\t\t\t11:45<\/option>\n\t\t\t\t\t\t\t\t\t\t\t\t\t\t\t\t\t\t\t\t<option value=\"12:00\">\n\t\t\t\t\t\t\t\t\t\t\t12:00<\/option>\n\t\t\t\t\t\t\t\t\t\t<option value=\"12:15\">\n\t\t\t\t\t\t\t\t\t\t\t12:15<\/option>\n\t\t\t\t\t\t\t\t\t\t<option value=\"12:30\">\n\t\t\t\t\t\t\t\t\t\t\t12:30<\/option>\n\t\t\t\t\t\t\t\t\t\t<option value=\"12:45\">\n\t\t\t\t\t\t\t\t\t\t\t12:45<\/option>\n\t\t\t\t\t\t\t\t\t\t\t\t\t\t\t\t\t\t\t\t<option value=\"13:00\">\n\t\t\t\t\t\t\t\t\t\t\t13:00<\/option>\n\t\t\t\t\t\t\t\t\t\t<option value=\"13:15\">\n\t\t\t\t\t\t\t\t\t\t\t13:15<\/option>\n\t\t\t\t\t\t\t\t\t\t<option value=\"13:30\">\n\t\t\t\t\t\t\t\t\t\t\t13:30<\/option>\n\t\t\t\t\t\t\t\t\t\t<option value=\"13:45\">\n\t\t\t\t\t\t\t\t\t\t\t13:45<\/option>\n\t\t\t\t\t\t\t\t\t\t\t\t\t\t\t\t\t\t\t\t<option value=\"14:00\">\n\t\t\t\t\t\t\t\t\t\t\t14:00<\/option>\n\t\t\t\t\t\t\t\t\t\t<option value=\"14:15\">\n\t\t\t\t\t\t\t\t\t\t\t14:15<\/option>\n\t\t\t\t\t\t\t\t\t\t<option value=\"14:30\">\n\t\t\t\t\t\t\t\t\t\t\t14:30<\/option>\n\t\t\t\t\t\t\t\t\t\t<option value=\"14:45\">\n\t\t\t\t\t\t\t\t\t\t\t14:45<\/option>\n\t\t\t\t\t\t\t\t\t\t\t\t\t\t\t\t\t\t\t\t<option value=\"15:00\">\n\t\t\t\t\t\t\t\t\t\t\t15:00<\/option>\n\t\t\t\t\t\t\t\t\t\t<option value=\"15:15\">\n\t\t\t\t\t\t\t\t\t\t\t15:15<\/option>\n\t\t\t\t\t\t\t\t\t\t<option value=\"15:30\">\n\t\t\t\t\t\t\t\t\t\t\t15:30<\/option>\n\t\t\t\t\t\t\t\t\t\t<option value=\"15:45\">\n\t\t\t\t\t\t\t\t\t\t\t15:45<\/option>\n\t\t\t\t\t\t\t\t\t\t\t\t\t\t\t\t\t\t\t\t<option value=\"16:00\">\n\t\t\t\t\t\t\t\t\t\t\t16:00<\/option>\n\t\t\t\t\t\t\t\t\t\t<option value=\"16:15\">\n\t\t\t\t\t\t\t\t\t\t\t16:15<\/option>\n\t\t\t\t\t\t\t\t\t\t<option value=\"16:30\">\n\t\t\t\t\t\t\t\t\t\t\t16:30<\/option>\n\t\t\t\t\t\t\t\t\t\t<option value=\"16:45\">\n\t\t\t\t\t\t\t\t\t\t\t16:45<\/option>\n\t\t\t\t\t\t\t\t\t\t\t\t\t\t\t\t\t\t\t\t<option value=\"17:00\">\n\t\t\t\t\t\t\t\t\t\t\t17:00<\/option>\n\t\t\t\t\t\t\t\t\t\t<option value=\"17:15\">\n\t\t\t\t\t\t\t\t\t\t\t17:15<\/option>\n\t\t\t\t\t\t\t\t\t\t<option value=\"17:30\">\n\t\t\t\t\t\t\t\t\t\t\t17:30<\/option>\n\t\t\t\t\t\t\t\t\t\t<option value=\"17:45\">\n\t\t\t\t\t\t\t\t\t\t\t17:45<\/option>\n\t\t\t\t\t\t\t\t\t\t\t\t\t\t\t\t\t\t\t\t<option value=\"18:00\">\n\t\t\t\t\t\t\t\t\t\t\t18:00<\/option>\n\t\t\t\t\t\t\t\t\t\t<option value=\"18:15\">\n\t\t\t\t\t\t\t\t\t\t\t18:15<\/option>\n\t\t\t\t\t\t\t\t\t\t<option value=\"18:30\">\n\t\t\t\t\t\t\t\t\t\t\t18:30<\/option>\n\t\t\t\t\t\t\t\t\t\t<option value=\"18:45\">\n\t\t\t\t\t\t\t\t\t\t\t18:45<\/option>\n\t\t\t\t\t\t\t\t\t\t\t\t\t\t\t\t\t\t\t\t<option value=\"19:00\">\n\t\t\t\t\t\t\t\t\t\t\t19:00<\/option>\n\t\t\t\t\t\t\t\t\t\t<option value=\"19:15\">\n\t\t\t\t\t\t\t\t\t\t\t19:15<\/option>\n\t\t\t\t\t\t\t\t\t\t<option value=\"19:30\">\n\t\t\t\t\t\t\t\t\t\t\t19:30<\/option>\n\t\t\t\t\t\t\t\t\t\t<option value=\"19:45\">\n\t\t\t\t\t\t\t\t\t\t\t19:45<\/option>\n\t\t\t\t\t\t\t\t\t\t\t\t\t\t\t\t\t\t\t\t<option value=\"20:00\">\n\t\t\t\t\t\t\t\t\t\t\t20:00<\/option>\n\t\t\t\t\t\t\t\t\t\t<option value=\"20:15\">\n\t\t\t\t\t\t\t\t\t\t\t20:15<\/option>\n\t\t\t\t\t\t\t\t\t\t<option value=\"20:30\">\n\t\t\t\t\t\t\t\t\t\t\t20:30<\/option>\n\t\t\t\t\t\t\t\t\t\t<option value=\"20:45\">\n\t\t\t\t\t\t\t\t\t\t\t20:45<\/option>\n\t\t\t\t\t\t\t\t\t\t\t\t\t\t\t\t\t\t\t\t<option value=\"21:00\">\n\t\t\t\t\t\t\t\t\t\t\t21:00<\/option>\n\t\t\t\t\t\t\t\t\t\t<option value=\"21:15\">\n\t\t\t\t\t\t\t\t\t\t\t21:15<\/option>\n\t\t\t\t\t\t\t\t\t\t<option value=\"21:30\">\n\t\t\t\t\t\t\t\t\t\t\t21:30<\/option>\n\t\t\t\t\t\t\t\t\t\t<option value=\"21:45\">\n\t\t\t\t\t\t\t\t\t\t\t21:45<\/option>\n\t\t\t\t\t\t\t\t\t\t\t\t\t\t\t\t\t\t\t\t<option value=\"22:00\">\n\t\t\t\t\t\t\t\t\t\t\t22:00<\/option>\n\t\t\t\t\t\t\t\t\t\t<option value=\"22:15\">\n\t\t\t\t\t\t\t\t\t\t\t22:15<\/option>\n\t\t\t\t\t\t\t\t\t\t<option value=\"22:30\">\n\t\t\t\t\t\t\t\t\t\t\t22:30<\/option>\n\t\t\t\t\t\t\t\t\t\t<option value=\"22:45\">\n\t\t\t\t\t\t\t\t\t\t\t22:45<\/option>\n\t\t\t\t\t\t\t\t\t\t\t\t\t\t\t\t\t\t\t\t<option value=\"23:00\">\n\t\t\t\t\t\t\t\t\t\t\t23:00<\/option>\n\t\t\t\t\t\t\t\t\t\t<option value=\"23:15\">\n\t\t\t\t\t\t\t\t\t\t\t23:15<\/option>\n\t\t\t\t\t\t\t\t\t\t<option value=\"23:30\">\n\t\t\t\t\t\t\t\t\t\t\t23:30<\/option>\n\t\t\t\t\t\t\t\t\t\t<option value=\"23:45\">\n\t\t\t\t\t\t\t\t\t\t\t23:45<\/option>\n\t\t\t\t\t\t\t\t\t\t\t\t\t\t\t\t\t\t\t<\/select>\n\t\t\t\t\t\t\t\t<\/div>\n\t\t\t\t\t\t\t<\/div>\n\t\t\t\t\t\t<\/div>\n\t\t\t\t\t\t<div class=\"col-sm-6\">\n\t\t\t\t\t\t\t<div class=\"form-group\">\n\t\t\t\t\t\t\t\t<div id=\"bookingBox\"><\/div>\n\n\t\t\t\t\t\t\t\t<label for=\"devuelta\"><h4>D\u00e9p\u00f4t<\/h4><\/label>\n\t\t\t\t\t\t\t\t<select name=\"devuelta\" id=\"devuelta\" class=\"custom-select\">\n\t\t\t\t\t\t\t\t\t<option value=\"airport\"  selected>Malaga A\u00e9roport<\/option>\n\t\t\t\t\t\t\t\t\t\t\t\t\t\t\t\t<\/select>\n\n\t\t\t\t\t\t\t\t<div class=\"form-inline my-2\">\n\t\t\t\t\t\t\t\t\t<input id=\"dDate\" class=\"form-control\" value=\"14\/09\/2026\" name=\"dDate\" readonly>\n\t\t\t\t\t\t\t\t\t<select class=\"custom-select\" id=\"dhorasminutos\" name=\"dhorasminutos\" oninvalid=\"setCustomValidity('Faites-nous savoir votre heure de retour')\" onchange=\"setCustomValidity('')\">\n\t\t\t\t\t\t\t\t\t\t<option value=\"-\" selected>--:--<\/option>\n\t\t\t\t\t\t\t\t\t\t\t\t\t\t\t\t\t\t\t\t<option value=\"00:00\">\n\t\t\t\t\t\t\t\t\t\t\t00:00<\/option>\n\t\t\t\t\t\t\t\t\t\t<option value=\"00:15\">\n\t\t\t\t\t\t\t\t\t\t\t00:15<\/option>\n\t\t\t\t\t\t\t\t\t\t<option value=\"00:30\">\n\t\t\t\t\t\t\t\t\t\t\t00:30<\/option>\n\t\t\t\t\t\t\t\t\t\t<option value=\"00:45\">\n\t\t\t\t\t\t\t\t\t\t\t00:45<\/option>\n\t\t\t\t\t\t\t\t\t\t\t\t\t\t\t\t\t\t\t\t<option value=\"01:00\">\n\t\t\t\t\t\t\t\t\t\t\t01:00<\/option>\n\t\t\t\t\t\t\t\t\t\t<option value=\"01:15\">\n\t\t\t\t\t\t\t\t\t\t\t01:15<\/option>\n\t\t\t\t\t\t\t\t\t\t<option value=\"01:30\">\n\t\t\t\t\t\t\t\t\t\t\t01:30<\/option>\n\t\t\t\t\t\t\t\t\t\t<option value=\"01:45\">\n\t\t\t\t\t\t\t\t\t\t\t01:45<\/option>\n\t\t\t\t\t\t\t\t\t\t\t\t\t\t\t\t\t\t\t\t<option value=\"02:00\">\n\t\t\t\t\t\t\t\t\t\t\t02:00<\/option>\n\t\t\t\t\t\t\t\t\t\t<option value=\"02:15\">\n\t\t\t\t\t\t\t\t\t\t\t02:15<\/option>\n\t\t\t\t\t\t\t\t\t\t<option value=\"02:30\">\n\t\t\t\t\t\t\t\t\t\t\t02:30<\/option>\n\t\t\t\t\t\t\t\t\t\t<option value=\"02:45\">\n\t\t\t\t\t\t\t\t\t\t\t02:45<\/option>\n\t\t\t\t\t\t\t\t\t\t\t\t\t\t\t\t\t\t\t\t<option value=\"03:00\">\n\t\t\t\t\t\t\t\t\t\t\t03:00<\/option>\n\t\t\t\t\t\t\t\t\t\t<option value=\"03:15\">\n\t\t\t\t\t\t\t\t\t\t\t03:15<\/option>\n\t\t\t\t\t\t\t\t\t\t<option value=\"03:30\">\n\t\t\t\t\t\t\t\t\t\t\t03:30<\/option>\n\t\t\t\t\t\t\t\t\t\t<option value=\"03:45\">\n\t\t\t\t\t\t\t\t\t\t\t03:45<\/option>\n\t\t\t\t\t\t\t\t\t\t\t\t\t\t\t\t\t\t\t\t<option value=\"04:00\">\n\t\t\t\t\t\t\t\t\t\t\t04:00<\/option>\n\t\t\t\t\t\t\t\t\t\t<option value=\"04:15\">\n\t\t\t\t\t\t\t\t\t\t\t04:15<\/option>\n\t\t\t\t\t\t\t\t\t\t<option value=\"04:30\">\n\t\t\t\t\t\t\t\t\t\t\t04:30<\/option>\n\t\t\t\t\t\t\t\t\t\t<option value=\"04:45\">\n\t\t\t\t\t\t\t\t\t\t\t04:45<\/option>\n\t\t\t\t\t\t\t\t\t\t\t\t\t\t\t\t\t\t\t\t<option value=\"05:00\">\n\t\t\t\t\t\t\t\t\t\t\t05:00<\/option>\n\t\t\t\t\t\t\t\t\t\t<option value=\"05:15\">\n\t\t\t\t\t\t\t\t\t\t\t05:15<\/option>\n\t\t\t\t\t\t\t\t\t\t<option value=\"05:30\">\n\t\t\t\t\t\t\t\t\t\t\t05:30<\/option>\n\t\t\t\t\t\t\t\t\t\t<option value=\"05:45\">\n\t\t\t\t\t\t\t\t\t\t\t05:45<\/option>\n\t\t\t\t\t\t\t\t\t\t\t\t\t\t\t\t\t\t\t\t<option value=\"06:00\">\n\t\t\t\t\t\t\t\t\t\t\t06:00<\/option>\n\t\t\t\t\t\t\t\t\t\t<option value=\"06:15\">\n\t\t\t\t\t\t\t\t\t\t\t06:15<\/option>\n\t\t\t\t\t\t\t\t\t\t<option value=\"06:30\">\n\t\t\t\t\t\t\t\t\t\t\t06:30<\/option>\n\t\t\t\t\t\t\t\t\t\t<option value=\"06:45\">\n\t\t\t\t\t\t\t\t\t\t\t06:45<\/option>\n\t\t\t\t\t\t\t\t\t\t\t\t\t\t\t\t\t\t\t\t<option value=\"07:00\">\n\t\t\t\t\t\t\t\t\t\t\t07:00<\/option>\n\t\t\t\t\t\t\t\t\t\t<option value=\"07:15\">\n\t\t\t\t\t\t\t\t\t\t\t07:15<\/option>\n\t\t\t\t\t\t\t\t\t\t<option value=\"07:30\">\n\t\t\t\t\t\t\t\t\t\t\t07:30<\/option>\n\t\t\t\t\t\t\t\t\t\t<option value=\"07:45\">\n\t\t\t\t\t\t\t\t\t\t\t07:45<\/option>\n\t\t\t\t\t\t\t\t\t\t\t\t\t\t\t\t\t\t\t\t<option value=\"08:00\">\n\t\t\t\t\t\t\t\t\t\t\t08:00<\/option>\n\t\t\t\t\t\t\t\t\t\t<option value=\"08:15\">\n\t\t\t\t\t\t\t\t\t\t\t08:15<\/option>\n\t\t\t\t\t\t\t\t\t\t<option value=\"08:30\">\n\t\t\t\t\t\t\t\t\t\t\t08:30<\/option>\n\t\t\t\t\t\t\t\t\t\t<option value=\"08:45\">\n\t\t\t\t\t\t\t\t\t\t\t08:45<\/option>\n\t\t\t\t\t\t\t\t\t\t\t\t\t\t\t\t\t\t\t\t<option value=\"09:00\">\n\t\t\t\t\t\t\t\t\t\t\t09:00<\/option>\n\t\t\t\t\t\t\t\t\t\t<option value=\"09:15\">\n\t\t\t\t\t\t\t\t\t\t\t09:15<\/option>\n\t\t\t\t\t\t\t\t\t\t<option value=\"09:30\">\n\t\t\t\t\t\t\t\t\t\t\t09:30<\/option>\n\t\t\t\t\t\t\t\t\t\t<option value=\"09:45\">\n\t\t\t\t\t\t\t\t\t\t\t09:45<\/option>\n\t\t\t\t\t\t\t\t\t\t\t\t\t\t\t\t\t\t\t\t<option value=\"10:00\">\n\t\t\t\t\t\t\t\t\t\t\t10:00<\/option>\n\t\t\t\t\t\t\t\t\t\t<option value=\"10:15\">\n\t\t\t\t\t\t\t\t\t\t\t10:15<\/option>\n\t\t\t\t\t\t\t\t\t\t<option value=\"10:30\">\n\t\t\t\t\t\t\t\t\t\t\t10:30<\/option>\n\t\t\t\t\t\t\t\t\t\t<option value=\"10:45\">\n\t\t\t\t\t\t\t\t\t\t\t10:45<\/option>\n\t\t\t\t\t\t\t\t\t\t\t\t\t\t\t\t\t\t\t\t<option value=\"11:00\">\n\t\t\t\t\t\t\t\t\t\t\t11:00<\/option>\n\t\t\t\t\t\t\t\t\t\t<option value=\"11:15\">\n\t\t\t\t\t\t\t\t\t\t\t11:15<\/option>\n\t\t\t\t\t\t\t\t\t\t<option value=\"11:30\">\n\t\t\t\t\t\t\t\t\t\t\t11:30<\/option>\n\t\t\t\t\t\t\t\t\t\t<option value=\"11:45\">\n\t\t\t\t\t\t\t\t\t\t\t11:45<\/option>\n\t\t\t\t\t\t\t\t\t\t\t\t\t\t\t\t\t\t\t\t<option value=\"12:00\">\n\t\t\t\t\t\t\t\t\t\t\t12:00<\/option>\n\t\t\t\t\t\t\t\t\t\t<option value=\"12:15\">\n\t\t\t\t\t\t\t\t\t\t\t12:15<\/option>\n\t\t\t\t\t\t\t\t\t\t<option value=\"12:30\">\n\t\t\t\t\t\t\t\t\t\t\t12:30<\/option>\n\t\t\t\t\t\t\t\t\t\t<option value=\"12:45\">\n\t\t\t\t\t\t\t\t\t\t\t12:45<\/option>\n\t\t\t\t\t\t\t\t\t\t\t\t\t\t\t\t\t\t\t\t<option value=\"13:00\">\n\t\t\t\t\t\t\t\t\t\t\t13:00<\/option>\n\t\t\t\t\t\t\t\t\t\t<option value=\"13:15\">\n\t\t\t\t\t\t\t\t\t\t\t13:15<\/option>\n\t\t\t\t\t\t\t\t\t\t<option value=\"13:30\">\n\t\t\t\t\t\t\t\t\t\t\t13:30<\/option>\n\t\t\t\t\t\t\t\t\t\t<option value=\"13:45\">\n\t\t\t\t\t\t\t\t\t\t\t13:45<\/option>\n\t\t\t\t\t\t\t\t\t\t\t\t\t\t\t\t\t\t\t\t<option value=\"14:00\">\n\t\t\t\t\t\t\t\t\t\t\t14:00<\/option>\n\t\t\t\t\t\t\t\t\t\t<option value=\"14:15\">\n\t\t\t\t\t\t\t\t\t\t\t14:15<\/option>\n\t\t\t\t\t\t\t\t\t\t<option value=\"14:30\">\n\t\t\t\t\t\t\t\t\t\t\t14:30<\/option>\n\t\t\t\t\t\t\t\t\t\t<option value=\"14:45\">\n\t\t\t\t\t\t\t\t\t\t\t14:45<\/option>\n\t\t\t\t\t\t\t\t\t\t\t\t\t\t\t\t\t\t\t\t<option value=\"15:00\">\n\t\t\t\t\t\t\t\t\t\t\t15:00<\/option>\n\t\t\t\t\t\t\t\t\t\t<option value=\"15:15\">\n\t\t\t\t\t\t\t\t\t\t\t15:15<\/option>\n\t\t\t\t\t\t\t\t\t\t<option value=\"15:30\">\n\t\t\t\t\t\t\t\t\t\t\t15:30<\/option>\n\t\t\t\t\t\t\t\t\t\t<option value=\"15:45\">\n\t\t\t\t\t\t\t\t\t\t\t15:45<\/option>\n\t\t\t\t\t\t\t\t\t\t\t\t\t\t\t\t\t\t\t\t<option value=\"16:00\">\n\t\t\t\t\t\t\t\t\t\t\t16:00<\/option>\n\t\t\t\t\t\t\t\t\t\t<option value=\"16:15\">\n\t\t\t\t\t\t\t\t\t\t\t16:15<\/option>\n\t\t\t\t\t\t\t\t\t\t<option value=\"16:30\">\n\t\t\t\t\t\t\t\t\t\t\t16:30<\/option>\n\t\t\t\t\t\t\t\t\t\t<option value=\"16:45\">\n\t\t\t\t\t\t\t\t\t\t\t16:45<\/option>\n\t\t\t\t\t\t\t\t\t\t\t\t\t\t\t\t\t\t\t\t<option value=\"17:00\">\n\t\t\t\t\t\t\t\t\t\t\t17:00<\/option>\n\t\t\t\t\t\t\t\t\t\t<option value=\"17:15\">\n\t\t\t\t\t\t\t\t\t\t\t17:15<\/option>\n\t\t\t\t\t\t\t\t\t\t<option value=\"17:30\">\n\t\t\t\t\t\t\t\t\t\t\t17:30<\/option>\n\t\t\t\t\t\t\t\t\t\t<option value=\"17:45\">\n\t\t\t\t\t\t\t\t\t\t\t17:45<\/option>\n\t\t\t\t\t\t\t\t\t\t\t\t\t\t\t\t\t\t\t\t<option value=\"18:00\">\n\t\t\t\t\t\t\t\t\t\t\t18:00<\/option>\n\t\t\t\t\t\t\t\t\t\t<option value=\"18:15\">\n\t\t\t\t\t\t\t\t\t\t\t18:15<\/option>\n\t\t\t\t\t\t\t\t\t\t<option value=\"18:30\">\n\t\t\t\t\t\t\t\t\t\t\t18:30<\/option>\n\t\t\t\t\t\t\t\t\t\t<option value=\"18:45\">\n\t\t\t\t\t\t\t\t\t\t\t18:45<\/option>\n\t\t\t\t\t\t\t\t\t\t\t\t\t\t\t\t\t\t\t\t<option value=\"19:00\">\n\t\t\t\t\t\t\t\t\t\t\t19:00<\/option>\n\t\t\t\t\t\t\t\t\t\t<option value=\"19:15\">\n\t\t\t\t\t\t\t\t\t\t\t19:15<\/option>\n\t\t\t\t\t\t\t\t\t\t<option value=\"19:30\">\n\t\t\t\t\t\t\t\t\t\t\t19:30<\/option>\n\t\t\t\t\t\t\t\t\t\t<option value=\"19:45\">\n\t\t\t\t\t\t\t\t\t\t\t19:45<\/option>\n\t\t\t\t\t\t\t\t\t\t\t\t\t\t\t\t\t\t\t\t<option value=\"20:00\">\n\t\t\t\t\t\t\t\t\t\t\t20:00<\/option>\n\t\t\t\t\t\t\t\t\t\t<option value=\"20:15\">\n\t\t\t\t\t\t\t\t\t\t\t20:15<\/option>\n\t\t\t\t\t\t\t\t\t\t<option value=\"20:30\">\n\t\t\t\t\t\t\t\t\t\t\t20:30<\/option>\n\t\t\t\t\t\t\t\t\t\t<option value=\"20:45\">\n\t\t\t\t\t\t\t\t\t\t\t20:45<\/option>\n\t\t\t\t\t\t\t\t\t\t\t\t\t\t\t\t\t\t\t\t<option value=\"21:00\">\n\t\t\t\t\t\t\t\t\t\t\t21:00<\/option>\n\t\t\t\t\t\t\t\t\t\t<option value=\"21:15\">\n\t\t\t\t\t\t\t\t\t\t\t21:15<\/option>\n\t\t\t\t\t\t\t\t\t\t<option value=\"21:30\">\n\t\t\t\t\t\t\t\t\t\t\t21:30<\/option>\n\t\t\t\t\t\t\t\t\t\t<option value=\"21:45\">\n\t\t\t\t\t\t\t\t\t\t\t21:45<\/option>\n\t\t\t\t\t\t\t\t\t\t\t\t\t\t\t\t\t\t\t\t<option value=\"22:00\">\n\t\t\t\t\t\t\t\t\t\t\t22:00<\/option>\n\t\t\t\t\t\t\t\t\t\t<option value=\"22:15\">\n\t\t\t\t\t\t\t\t\t\t\t22:15<\/option>\n\t\t\t\t\t\t\t\t\t\t<option value=\"22:30\">\n\t\t\t\t\t\t\t\t\t\t\t22:30<\/option>\n\t\t\t\t\t\t\t\t\t\t<option value=\"22:45\">\n\t\t\t\t\t\t\t\t\t\t\t22:45<\/option>\n\t\t\t\t\t\t\t\t\t\t\t\t\t\t\t\t\t\t\t\t<option value=\"23:00\">\n\t\t\t\t\t\t\t\t\t\t\t23:00<\/option>\n\t\t\t\t\t\t\t\t\t\t<option value=\"23:15\">\n\t\t\t\t\t\t\t\t\t\t\t23:15<\/option>\n\t\t\t\t\t\t\t\t\t\t<option value=\"23:30\">\n\t\t\t\t\t\t\t\t\t\t\t23:30<\/option>\n\t\t\t\t\t\t\t\t\t\t<option value=\"23:45\">\n\t\t\t\t\t\t\t\t\t\t\t23:45<\/option>\n\t\t\t\t\t\t\t\t\t\t\t\t\t\t\t\t\t\t\t<\/select>\n\t\t\t\t\t\t\t\t<\/div>\n\t\t\t\t\t\t\t<\/div>\n\t\t\t\t\t\t<\/div>\n\n\t\t\t\t\t<\/div>\n\t\t\t\t\n\n\t\t\t\t\t\t<div class=\"row\">\n                               <div class=\"col-sm-6\">\n\t\t\t\t\t\t\t\t<div class=\"form-group promo-code\">\n\t\t\t\t\t\t\t\t\t\t\t\t\t\t\t\t\t<label for=\"tipogrupo\" class=\"w-50 text-right pr-3 pt-1\">Group<\/label>\n\t\t\t\t\t\t\t\t\t<select name=\"tipogrupo\" id=\"tipogrupo\" class=\"form-control w-50\">\n\t\t\t\t\t\t\t\t\t<option value=\"0\">Voir tous<\/option>\n\t\t\t                        <option value=\"1\">Standard<\/option> \n\t\t\t\t\t\t\t\t\t<option value=\"2\">Automatique<\/option>  \n\t\t\t\t\t\t\t\t\t<option value=\"4\">Transporteurs<\/option>  \n\t\t\t\t\t\t\t\t\t<option value=\"5\">Cabriolet et Sport<\/option>  \n\t\t\t\t\t\t\t\t\t<option value=\"6\">Prestige<\/option>  \n\t\t\t\t\t\t\t\t\t<option value=\"8\">SUV<\/option>  \n\t\t\t\t\t\t\t\t\t<option value=\"10\">Camping car et Autocaravane<\/option>  \t\t\t\t\t\t\t\n\t\t\t\t\t\t\t\t<\/select>\t\n\t\t\t\t\t\t\t\t\t\n\t\t\t\t\t\t\t<\/div>\n\t\t\t\t\t\t\t<\/div>\n\t\t\t\t\t\t<div class=\"col-sm-6 align-self-end\">\n\t\t\t\t\t\t\t<div class=\"form-group\">\n\t\t\t\t\t\t\t\t<input type=\"submit\" class=\"btn-quote\" value=\"Voir les prix\" onclick=\"return msgAlert()\">\n\t\t\t\t\t\t\t<\/div>\n\t\t\t\t\t\t<\/div>\n\t\t\t\t\t<\/div>\n\t\t\t\t<\/form>\n\t\t\t\t<div class=\"row hide-mini-tablet advantages\">\n\t\t\t\t\t\t<div class=\"col-12\">\n\t\t\t\t\t\t\t<h4 class=\"text-center text-white\">TARIFS IMBATTABLES<\/h4>\n\t\t\t\t\t\t\t<ul>\n\t\t\t\t\t\t\t\t<li><strong>Grande flotte<\/strong> de voitures neuves.<\/li>\n\t\t\t\t\t\t\t\t<li><strong>Payez \u00e0 l'arriv\u00e9e<\/strong>.<\/li>\n\t\t\t\t\t\t\t\t<li>Ce que vous voyez est ce que vous payez.<\/li>\n\t\t\t\t\t\t\t\t<li><strong>Pas difficile \u00e0 vendre au bureau<\/strong>.<\/li>\n\t\t\t\t\t\t\t\t<li>Service de livraison VIP gratuit.<\/li>\n\t\t\t\t\t\t\t\t<li><strong class='redpassion-alt'>PAS DE FRAIS SUPPL\u00c9MENTAIRES<\/strong>, pour le service de ravitaillement.<\/li>\n\t\t\t\t\t\t\t<\/ul>\n\t\t\t\t\t\t<\/div>\n\t\t\t\t\t<\/div>\n\t\t\t\t<\/div>\n\t\t\t<br clear=\"all\">\n<\/p>\n","protected":false},"excerpt":{"rendered":"<p>Dans la r\u00e9gion de la Serran\u00eda de Ronda, nous trouvons une autre perle de la province de Malaga, le magnifique Vall\u00e9e du Genal. Cet endroit est l\u2019un des rares presque vierges de la province. Il est cach\u00e9 \u00e0 l\u2019int\u00e9rieur. On y acc\u00e8de apr\u00e8s de nombreuses routes sinueuses. Il offre au visiteur de magnifiques vues sur [&hellip;]<\/p>\n","protected":false},"author":1,"featured_media":780,"comment_status":"open","ping_status":"open","sticky":false,"template":"","format":"standard","meta":{"footnotes":""},"categories":[2],"tags":[],"class_list":["post-777","post","type-post","status-publish","format-standard","has-post-thumbnail","hentry","category-loisirs"],"yoast_head":"<!-- This site is optimized with the Yoast SEO plugin v28.4 - https:\/\/yoast.com\/product\/yoast-seo-wordpress\/ -->\n<title>Les Villages Blancs de la Vall\u00e9e du Genal - Blog de MalagaCar.com<\/title>\n<meta name=\"description\" content=\"Le Valle du Genal est un site naturel presque vierge, abritant d&#039;immenses for\u00eats centenaires et 16 villages blancs d&#039;origine arabe.\" \/>\n<meta name=\"robots\" content=\"index, follow, max-snippet:-1, max-image-preview:large, max-video-preview:-1\" \/>\n<link rel=\"canonical\" href=\"https:\/\/www.malagacar.com\/fr\/blog\/loisirs\/les-villages-blancs-vallee-du-genal\/\" \/>\n<meta property=\"og:locale\" content=\"fr_FR\" \/>\n<meta property=\"og:type\" content=\"article\" \/>\n<meta property=\"og:title\" content=\"Les Villages Blancs de la Vall\u00e9e du Genal - Blog de MalagaCar.com\" \/>\n<meta property=\"og:description\" content=\"Le Valle du Genal est un site naturel presque vierge, abritant d&#039;immenses for\u00eats centenaires et 16 villages blancs d&#039;origine arabe.\" \/>\n<meta property=\"og:url\" content=\"https:\/\/www.malagacar.com\/fr\/blog\/loisirs\/les-villages-blancs-vallee-du-genal\/\" \/>\n<meta property=\"og:site_name\" content=\"Blog de MalagaCar.com\" \/>\n<meta property=\"article:publisher\" content=\"https:\/\/www.facebook.com\/malagacar\" \/>\n<meta property=\"article:published_time\" content=\"2023-08-04T12:03:41+00:00\" \/>\n<meta property=\"article:modified_time\" content=\"2023-11-06T13:16:07+00:00\" \/>\n<meta property=\"og:image\" content=\"https:\/\/www.malagacar.com\/fr\/blog\/wp-content\/uploads\/2023\/11\/algatocin-apercu.jpg\" \/>\n\t<meta property=\"og:image:width\" content=\"1200\" \/>\n\t<meta property=\"og:image:height\" content=\"707\" \/>\n\t<meta property=\"og:image:type\" content=\"image\/jpeg\" \/>\n<meta name=\"author\" content=\"MalagaCar.com\" \/>\n<meta name=\"twitter:card\" content=\"summary_large_image\" \/>\n<meta name=\"twitter:creator\" content=\"@malagacarcom\" \/>\n<meta name=\"twitter:site\" content=\"@malagacarcom\" \/>\n<meta name=\"twitter:label1\" content=\"\u00c9crit par\" \/>\n\t<meta name=\"twitter:data1\" content=\"MalagaCar.com\" \/>\n\t<meta name=\"twitter:label2\" content=\"Dur\u00e9e de lecture estim\u00e9e\" \/>\n\t<meta name=\"twitter:data2\" content=\"14 minutes\" \/>\n<script type=\"application\/ld+json\" class=\"yoast-schema-graph\">{\"@context\":\"https:\\\/\\\/schema.org\",\"@graph\":[{\"@type\":\"Article\",\"@id\":\"https:\\\/\\\/www.malagacar.com\\\/fr\\\/blog\\\/loisirs\\\/les-villages-blancs-vallee-du-genal\\\/#article\",\"isPartOf\":{\"@id\":\"https:\\\/\\\/www.malagacar.com\\\/fr\\\/blog\\\/loisirs\\\/les-villages-blancs-vallee-du-genal\\\/\"},\"author\":{\"name\":\"MalagaCar.com\",\"@id\":\"https:\\\/\\\/www.malagacar.com\\\/fr\\\/blog\\\/#\\\/schema\\\/person\\\/ffb97005d02bcc7d0bb59f5409635691\"},\"headline\":\"Les Villages Blancs de la Vall\u00e9e du Genal\",\"datePublished\":\"2023-08-04T12:03:41+00:00\",\"dateModified\":\"2023-11-06T13:16:07+00:00\",\"mainEntityOfPage\":{\"@id\":\"https:\\\/\\\/www.malagacar.com\\\/fr\\\/blog\\\/loisirs\\\/les-villages-blancs-vallee-du-genal\\\/\"},\"wordCount\":2048,\"commentCount\":0,\"publisher\":{\"@id\":\"https:\\\/\\\/www.malagacar.com\\\/fr\\\/blog\\\/#organization\"},\"image\":{\"@id\":\"https:\\\/\\\/www.malagacar.com\\\/fr\\\/blog\\\/loisirs\\\/les-villages-blancs-vallee-du-genal\\\/#primaryimage\"},\"thumbnailUrl\":\"https:\\\/\\\/www.malagacar.com\\\/fr\\\/blog\\\/wp-content\\\/uploads\\\/2023\\\/11\\\/algatocin-apercu.jpg\",\"articleSection\":[\"Loisirs\"],\"inLanguage\":\"fr-FR\",\"potentialAction\":[{\"@type\":\"CommentAction\",\"name\":\"Comment\",\"target\":[\"https:\\\/\\\/www.malagacar.com\\\/fr\\\/blog\\\/loisirs\\\/les-villages-blancs-vallee-du-genal\\\/#respond\"]}]},{\"@type\":\"WebPage\",\"@id\":\"https:\\\/\\\/www.malagacar.com\\\/fr\\\/blog\\\/loisirs\\\/les-villages-blancs-vallee-du-genal\\\/\",\"url\":\"https:\\\/\\\/www.malagacar.com\\\/fr\\\/blog\\\/loisirs\\\/les-villages-blancs-vallee-du-genal\\\/\",\"name\":\"Les Villages Blancs de la Vall\u00e9e du Genal - Blog de MalagaCar.com\",\"isPartOf\":{\"@id\":\"https:\\\/\\\/www.malagacar.com\\\/fr\\\/blog\\\/#website\"},\"primaryImageOfPage\":{\"@id\":\"https:\\\/\\\/www.malagacar.com\\\/fr\\\/blog\\\/loisirs\\\/les-villages-blancs-vallee-du-genal\\\/#primaryimage\"},\"image\":{\"@id\":\"https:\\\/\\\/www.malagacar.com\\\/fr\\\/blog\\\/loisirs\\\/les-villages-blancs-vallee-du-genal\\\/#primaryimage\"},\"thumbnailUrl\":\"https:\\\/\\\/www.malagacar.com\\\/fr\\\/blog\\\/wp-content\\\/uploads\\\/2023\\\/11\\\/algatocin-apercu.jpg\",\"datePublished\":\"2023-08-04T12:03:41+00:00\",\"dateModified\":\"2023-11-06T13:16:07+00:00\",\"description\":\"Le Valle du Genal est un site naturel presque vierge, abritant d'immenses for\u00eats centenaires et 16 villages blancs d'origine arabe.\",\"breadcrumb\":{\"@id\":\"https:\\\/\\\/www.malagacar.com\\\/fr\\\/blog\\\/loisirs\\\/les-villages-blancs-vallee-du-genal\\\/#breadcrumb\"},\"inLanguage\":\"fr-FR\",\"potentialAction\":[{\"@type\":\"ReadAction\",\"target\":[\"https:\\\/\\\/www.malagacar.com\\\/fr\\\/blog\\\/loisirs\\\/les-villages-blancs-vallee-du-genal\\\/\"]}]},{\"@type\":\"ImageObject\",\"inLanguage\":\"fr-FR\",\"@id\":\"https:\\\/\\\/www.malagacar.com\\\/fr\\\/blog\\\/loisirs\\\/les-villages-blancs-vallee-du-genal\\\/#primaryimage\",\"url\":\"https:\\\/\\\/www.malagacar.com\\\/fr\\\/blog\\\/wp-content\\\/uploads\\\/2023\\\/11\\\/algatocin-apercu.jpg\",\"contentUrl\":\"https:\\\/\\\/www.malagacar.com\\\/fr\\\/blog\\\/wp-content\\\/uploads\\\/2023\\\/11\\\/algatocin-apercu.jpg\",\"width\":1200,\"height\":707,\"caption\":\"Les Villages Blancs de la Vall\u00e9e du Genal\"},{\"@type\":\"BreadcrumbList\",\"@id\":\"https:\\\/\\\/www.malagacar.com\\\/fr\\\/blog\\\/loisirs\\\/les-villages-blancs-vallee-du-genal\\\/#breadcrumb\",\"itemListElement\":[{\"@type\":\"ListItem\",\"position\":1,\"name\":\"Accueil\",\"item\":\"https:\\\/\\\/www.malagacar.com\\\/fr\\\/blog\\\/\"},{\"@type\":\"ListItem\",\"position\":2,\"name\":\"Les Villages Blancs de la Vall\u00e9e du Genal\"}]},{\"@type\":\"WebSite\",\"@id\":\"https:\\\/\\\/www.malagacar.com\\\/fr\\\/blog\\\/#website\",\"url\":\"https:\\\/\\\/www.malagacar.com\\\/fr\\\/blog\\\/\",\"name\":\"Blog de MalagaCar.com\",\"description\":\"Nouvelles et informations int\u00e9ressantes sur la location de voitures \u00e0 l&#039;a\u00e9roport de Malaga.\",\"publisher\":{\"@id\":\"https:\\\/\\\/www.malagacar.com\\\/fr\\\/blog\\\/#organization\"},\"potentialAction\":[{\"@type\":\"SearchAction\",\"target\":{\"@type\":\"EntryPoint\",\"urlTemplate\":\"https:\\\/\\\/www.malagacar.com\\\/fr\\\/blog\\\/?s={search_term_string}\"},\"query-input\":{\"@type\":\"PropertyValueSpecification\",\"valueRequired\":true,\"valueName\":\"search_term_string\"}}],\"inLanguage\":\"fr-FR\"},{\"@type\":\"Organization\",\"@id\":\"https:\\\/\\\/www.malagacar.com\\\/fr\\\/blog\\\/#organization\",\"name\":\"MalagaCar.com\",\"url\":\"https:\\\/\\\/www.malagacar.com\\\/fr\\\/blog\\\/\",\"logo\":{\"@type\":\"ImageObject\",\"inLanguage\":\"fr-FR\",\"@id\":\"https:\\\/\\\/www.malagacar.com\\\/fr\\\/blog\\\/#\\\/schema\\\/logo\\\/image\\\/\",\"url\":\"https:\\\/\\\/www.malagacar.com\\\/fr\\\/blog\\\/wp-content\\\/uploads\\\/2021\\\/06\\\/logo-malagacar-social.png\",\"contentUrl\":\"https:\\\/\\\/www.malagacar.com\\\/fr\\\/blog\\\/wp-content\\\/uploads\\\/2021\\\/06\\\/logo-malagacar-social.png\",\"width\":900,\"height\":900,\"caption\":\"MalagaCar.com\"},\"image\":{\"@id\":\"https:\\\/\\\/www.malagacar.com\\\/fr\\\/blog\\\/#\\\/schema\\\/logo\\\/image\\\/\"},\"sameAs\":[\"https:\\\/\\\/www.facebook.com\\\/malagacar\",\"https:\\\/\\\/x.com\\\/malagacarcom\",\"https:\\\/\\\/www.instagram.com\\\/malagacar\\\/\",\"https:\\\/\\\/www.linkedin.com\\\/company\\\/malagacar.com\",\"https:\\\/\\\/www.youtube.com\\\/c\\\/MalagacarAirport\"]},{\"@type\":\"Person\",\"@id\":\"https:\\\/\\\/www.malagacar.com\\\/fr\\\/blog\\\/#\\\/schema\\\/person\\\/ffb97005d02bcc7d0bb59f5409635691\",\"name\":\"MalagaCar.com\",\"image\":{\"@type\":\"ImageObject\",\"inLanguage\":\"fr-FR\",\"@id\":\"https:\\\/\\\/secure.gravatar.com\\\/avatar\\\/296ebc31026e7be05868369e4c596b3239b1582b2fcf8a45de57333e2e82bb82?s=96&d=mm&r=g\",\"url\":\"https:\\\/\\\/secure.gravatar.com\\\/avatar\\\/296ebc31026e7be05868369e4c596b3239b1582b2fcf8a45de57333e2e82bb82?s=96&d=mm&r=g\",\"contentUrl\":\"https:\\\/\\\/secure.gravatar.com\\\/avatar\\\/296ebc31026e7be05868369e4c596b3239b1582b2fcf8a45de57333e2e82bb82?s=96&d=mm&r=g\",\"caption\":\"MalagaCar.com\"},\"sameAs\":[\"https:\\\/\\\/www.malagacar.com\\\/fr\\\/blog\"]}]}<\/script>\n<!-- \/ Yoast SEO plugin. -->","yoast_head_json":{"title":"Les Villages Blancs de la Vall\u00e9e du Genal - Blog de MalagaCar.com","description":"Le Valle du Genal est un site naturel presque vierge, abritant d'immenses for\u00eats centenaires et 16 villages blancs d'origine arabe.","robots":{"index":"index","follow":"follow","max-snippet":"max-snippet:-1","max-image-preview":"max-image-preview:large","max-video-preview":"max-video-preview:-1"},"canonical":"https:\/\/www.malagacar.com\/fr\/blog\/loisirs\/les-villages-blancs-vallee-du-genal\/","og_locale":"fr_FR","og_type":"article","og_title":"Les Villages Blancs de la Vall\u00e9e du Genal - Blog de MalagaCar.com","og_description":"Le Valle du Genal est un site naturel presque vierge, abritant d'immenses for\u00eats centenaires et 16 villages blancs d'origine arabe.","og_url":"https:\/\/www.malagacar.com\/fr\/blog\/loisirs\/les-villages-blancs-vallee-du-genal\/","og_site_name":"Blog de MalagaCar.com","article_publisher":"https:\/\/www.facebook.com\/malagacar","article_published_time":"2023-08-04T12:03:41+00:00","article_modified_time":"2023-11-06T13:16:07+00:00","og_image":[{"width":1200,"height":707,"url":"https:\/\/www.malagacar.com\/fr\/blog\/wp-content\/uploads\/2023\/11\/algatocin-apercu.jpg","type":"image\/jpeg"}],"author":"MalagaCar.com","twitter_card":"summary_large_image","twitter_creator":"@malagacarcom","twitter_site":"@malagacarcom","twitter_misc":{"\u00c9crit par":"MalagaCar.com","Dur\u00e9e de lecture estim\u00e9e":"14 minutes"},"schema":{"@context":"https:\/\/schema.org","@graph":[{"@type":"Article","@id":"https:\/\/www.malagacar.com\/fr\/blog\/loisirs\/les-villages-blancs-vallee-du-genal\/#article","isPartOf":{"@id":"https:\/\/www.malagacar.com\/fr\/blog\/loisirs\/les-villages-blancs-vallee-du-genal\/"},"author":{"name":"MalagaCar.com","@id":"https:\/\/www.malagacar.com\/fr\/blog\/#\/schema\/person\/ffb97005d02bcc7d0bb59f5409635691"},"headline":"Les Villages Blancs de la Vall\u00e9e du Genal","datePublished":"2023-08-04T12:03:41+00:00","dateModified":"2023-11-06T13:16:07+00:00","mainEntityOfPage":{"@id":"https:\/\/www.malagacar.com\/fr\/blog\/loisirs\/les-villages-blancs-vallee-du-genal\/"},"wordCount":2048,"commentCount":0,"publisher":{"@id":"https:\/\/www.malagacar.com\/fr\/blog\/#organization"},"image":{"@id":"https:\/\/www.malagacar.com\/fr\/blog\/loisirs\/les-villages-blancs-vallee-du-genal\/#primaryimage"},"thumbnailUrl":"https:\/\/www.malagacar.com\/fr\/blog\/wp-content\/uploads\/2023\/11\/algatocin-apercu.jpg","articleSection":["Loisirs"],"inLanguage":"fr-FR","potentialAction":[{"@type":"CommentAction","name":"Comment","target":["https:\/\/www.malagacar.com\/fr\/blog\/loisirs\/les-villages-blancs-vallee-du-genal\/#respond"]}]},{"@type":"WebPage","@id":"https:\/\/www.malagacar.com\/fr\/blog\/loisirs\/les-villages-blancs-vallee-du-genal\/","url":"https:\/\/www.malagacar.com\/fr\/blog\/loisirs\/les-villages-blancs-vallee-du-genal\/","name":"Les Villages Blancs de la Vall\u00e9e du Genal - Blog de MalagaCar.com","isPartOf":{"@id":"https:\/\/www.malagacar.com\/fr\/blog\/#website"},"primaryImageOfPage":{"@id":"https:\/\/www.malagacar.com\/fr\/blog\/loisirs\/les-villages-blancs-vallee-du-genal\/#primaryimage"},"image":{"@id":"https:\/\/www.malagacar.com\/fr\/blog\/loisirs\/les-villages-blancs-vallee-du-genal\/#primaryimage"},"thumbnailUrl":"https:\/\/www.malagacar.com\/fr\/blog\/wp-content\/uploads\/2023\/11\/algatocin-apercu.jpg","datePublished":"2023-08-04T12:03:41+00:00","dateModified":"2023-11-06T13:16:07+00:00","description":"Le Valle du Genal est un site naturel presque vierge, abritant d'immenses for\u00eats centenaires et 16 villages blancs d'origine arabe.","breadcrumb":{"@id":"https:\/\/www.malagacar.com\/fr\/blog\/loisirs\/les-villages-blancs-vallee-du-genal\/#breadcrumb"},"inLanguage":"fr-FR","potentialAction":[{"@type":"ReadAction","target":["https:\/\/www.malagacar.com\/fr\/blog\/loisirs\/les-villages-blancs-vallee-du-genal\/"]}]},{"@type":"ImageObject","inLanguage":"fr-FR","@id":"https:\/\/www.malagacar.com\/fr\/blog\/loisirs\/les-villages-blancs-vallee-du-genal\/#primaryimage","url":"https:\/\/www.malagacar.com\/fr\/blog\/wp-content\/uploads\/2023\/11\/algatocin-apercu.jpg","contentUrl":"https:\/\/www.malagacar.com\/fr\/blog\/wp-content\/uploads\/2023\/11\/algatocin-apercu.jpg","width":1200,"height":707,"caption":"Les Villages Blancs de la Vall\u00e9e du Genal"},{"@type":"BreadcrumbList","@id":"https:\/\/www.malagacar.com\/fr\/blog\/loisirs\/les-villages-blancs-vallee-du-genal\/#breadcrumb","itemListElement":[{"@type":"ListItem","position":1,"name":"Accueil","item":"https:\/\/www.malagacar.com\/fr\/blog\/"},{"@type":"ListItem","position":2,"name":"Les Villages Blancs de la Vall\u00e9e du Genal"}]},{"@type":"WebSite","@id":"https:\/\/www.malagacar.com\/fr\/blog\/#website","url":"https:\/\/www.malagacar.com\/fr\/blog\/","name":"Blog de MalagaCar.com","description":"Nouvelles et informations int\u00e9ressantes sur la location de voitures \u00e0 l&#039;a\u00e9roport de Malaga.","publisher":{"@id":"https:\/\/www.malagacar.com\/fr\/blog\/#organization"},"potentialAction":[{"@type":"SearchAction","target":{"@type":"EntryPoint","urlTemplate":"https:\/\/www.malagacar.com\/fr\/blog\/?s={search_term_string}"},"query-input":{"@type":"PropertyValueSpecification","valueRequired":true,"valueName":"search_term_string"}}],"inLanguage":"fr-FR"},{"@type":"Organization","@id":"https:\/\/www.malagacar.com\/fr\/blog\/#organization","name":"MalagaCar.com","url":"https:\/\/www.malagacar.com\/fr\/blog\/","logo":{"@type":"ImageObject","inLanguage":"fr-FR","@id":"https:\/\/www.malagacar.com\/fr\/blog\/#\/schema\/logo\/image\/","url":"https:\/\/www.malagacar.com\/fr\/blog\/wp-content\/uploads\/2021\/06\/logo-malagacar-social.png","contentUrl":"https:\/\/www.malagacar.com\/fr\/blog\/wp-content\/uploads\/2021\/06\/logo-malagacar-social.png","width":900,"height":900,"caption":"MalagaCar.com"},"image":{"@id":"https:\/\/www.malagacar.com\/fr\/blog\/#\/schema\/logo\/image\/"},"sameAs":["https:\/\/www.facebook.com\/malagacar","https:\/\/x.com\/malagacarcom","https:\/\/www.instagram.com\/malagacar\/","https:\/\/www.linkedin.com\/company\/malagacar.com","https:\/\/www.youtube.com\/c\/MalagacarAirport"]},{"@type":"Person","@id":"https:\/\/www.malagacar.com\/fr\/blog\/#\/schema\/person\/ffb97005d02bcc7d0bb59f5409635691","name":"MalagaCar.com","image":{"@type":"ImageObject","inLanguage":"fr-FR","@id":"https:\/\/secure.gravatar.com\/avatar\/296ebc31026e7be05868369e4c596b3239b1582b2fcf8a45de57333e2e82bb82?s=96&d=mm&r=g","url":"https:\/\/secure.gravatar.com\/avatar\/296ebc31026e7be05868369e4c596b3239b1582b2fcf8a45de57333e2e82bb82?s=96&d=mm&r=g","contentUrl":"https:\/\/secure.gravatar.com\/avatar\/296ebc31026e7be05868369e4c596b3239b1582b2fcf8a45de57333e2e82bb82?s=96&d=mm&r=g","caption":"MalagaCar.com"},"sameAs":["https:\/\/www.malagacar.com\/fr\/blog"]}]}},"_links":{"self":[{"href":"https:\/\/www.malagacar.com\/fr\/blog\/wp-json\/wp\/v2\/posts\/777","targetHints":{"allow":["GET"]}}],"collection":[{"href":"https:\/\/www.malagacar.com\/fr\/blog\/wp-json\/wp\/v2\/posts"}],"about":[{"href":"https:\/\/www.malagacar.com\/fr\/blog\/wp-json\/wp\/v2\/types\/post"}],"author":[{"embeddable":true,"href":"https:\/\/www.malagacar.com\/fr\/blog\/wp-json\/wp\/v2\/users\/1"}],"replies":[{"embeddable":true,"href":"https:\/\/www.malagacar.com\/fr\/blog\/wp-json\/wp\/v2\/comments?post=777"}],"version-history":[{"count":3,"href":"https:\/\/www.malagacar.com\/fr\/blog\/wp-json\/wp\/v2\/posts\/777\/revisions"}],"predecessor-version":[{"id":781,"href":"https:\/\/www.malagacar.com\/fr\/blog\/wp-json\/wp\/v2\/posts\/777\/revisions\/781"}],"wp:featuredmedia":[{"embeddable":true,"href":"https:\/\/www.malagacar.com\/fr\/blog\/wp-json\/wp\/v2\/media\/780"}],"wp:attachment":[{"href":"https:\/\/www.malagacar.com\/fr\/blog\/wp-json\/wp\/v2\/media?parent=777"}],"wp:term":[{"taxonomy":"category","embeddable":true,"href":"https:\/\/www.malagacar.com\/fr\/blog\/wp-json\/wp\/v2\/categories?post=777"},{"taxonomy":"post_tag","embeddable":true,"href":"https:\/\/www.malagacar.com\/fr\/blog\/wp-json\/wp\/v2\/tags?post=777"}],"curies":[{"name":"wp","href":"https:\/\/api.w.org\/{rel}","templated":true}]}}