{"id":782,"date":"2022-01-17T15:40:20","date_gmt":"2022-01-17T14:40:20","guid":{"rendered":"https:\/\/www.malagacar.com\/fr\/blog\/?p=782"},"modified":"2023-11-06T15:47:05","modified_gmt":"2023-11-06T14:47:05","slug":"decouvrez-ronda-en-voiture","status":"publish","type":"post","link":"https:\/\/www.malagacar.com\/fr\/blog\/loisirs\/decouvrez-ronda-en-voiture\/","title":{"rendered":"D\u00e9couvrez Ronda en voiture avec MalagaCar"},"content":{"rendered":"<p>Depuis la Costa del Sol, nous avons plusieurs options de routes en voiture pour atteindre Ronda. Cela d\u00e9pend de notre envie de conduire \u00e0 travers de magnifiques paysages de l&rsquo;int\u00e9rieur de la province de Malaga et du temps dont nous disposons.<\/p>\n<p><!--more--><\/p>\n\n            <div class=\"banner\">\n                <div class=\"row\">\n                    <div class=\"col-sm-4\">\n                        <a href=\"\/fr\/location-de-voitures\/quote.php\" data-wpel-link=\"internal\"><img decoding=\"async\" src=\"\/images\/banner-img.jpg\" alt=\"malagacar.com\"><\/a>\n                    <\/div>\n                    <div class=\"col-sm-8\">\n                      <a href=\"\/fr\/location-de-voitures\/quote.php\" class=\"banner-title\" data-wpel-link=\"internal\">Meilleure location de voitures <div>\u00e0 l'a\u00e9roport de Malaga<\/div><\/a>   \n                        <div class=\"row\">\n                            <div class=\"col-sm-7\">\n                                <ul>\n                                    <li>Pas de frais de ravitaillement<\/li>\n                                    <li>Annulation gratuite<\/li>\n                                    <li>Location sans interm\u00e9diaire<\/li>\n                                    <li>Payez lorsque vous prenez la voiture<\/li>\n                                    <li><\/li>\n                                <\/ul>\n                            <\/div>\n                            <div class=\"col-sm-5\">\n                                <a class=\"btn-banner\" href=\"\/fr\/location-de-voitures\/quote.php\" data-wpel-link=\"internal\">Consultez les prix<\/a>\n                                <img decoding=\"async\" class=\"zonturent\" src=\"\/images\/zontu-banner.png\" alt=\"\">\n                            <\/div>\n                        <\/div>\n                    <\/div>\n                 <\/div>  \n            <\/div>\n            \n<div id=\"ez-toc-container\" class=\"ez-toc-v2_0_87 counter-hierarchy ez-toc-counter ez-toc-light-blue ez-toc-container-direction\">\n<p class=\"ez-toc-title\" style=\"cursor:inherit\">Table des mati\u00e8res<\/p>\n<label for=\"ez-toc-cssicon-toggle-item-6a9a1e1e71e4d\" class=\"ez-toc-cssicon-toggle-label\"><span class=\"\"><span class=\"eztoc-hide\" style=\"display:none;\">Toggle<\/span><span class=\"ez-toc-icon-toggle-span\"><svg style=\"fill: #999;color:#999\" xmlns=\"http:\/\/www.w3.org\/2000\/svg\" class=\"list-377408\" width=\"20px\" height=\"20px\" viewBox=\"0 0 24 24\" fill=\"none\"><path d=\"M6 6H4v2h2V6zm14 0H8v2h12V6zM4 11h2v2H4v-2zm16 0H8v2h12v-2zM4 16h2v2H4v-2zm16 0H8v2h12v-2z\" fill=\"currentColor\"><\/path><\/svg><svg style=\"fill: #999;color:#999\" class=\"arrow-unsorted-368013\" xmlns=\"http:\/\/www.w3.org\/2000\/svg\" width=\"10px\" height=\"10px\" viewBox=\"0 0 24 24\" version=\"1.2\" baseProfile=\"tiny\"><path d=\"M18.2 9.3l-6.2-6.3-6.2 6.3c-.2.2-.3.4-.3.7s.1.5.3.7c.2.2.4.3.7.3h11c.3 0 .5-.1.7-.3.2-.2.3-.5.3-.7s-.1-.5-.3-.7zM5.8 14.7l6.2 6.3 6.2-6.3c.2-.2.3-.5.3-.7s-.1-.5-.3-.7c-.2-.2-.4-.3-.7-.3h-11c-.3 0-.5.1-.7.3-.2.2-.3.5-.3.7s.1.5.3.7z\"\/><\/svg><\/span><\/span><\/label><input type=\"checkbox\"  id=\"ez-toc-cssicon-toggle-item-6a9a1e1e71e4d\"  aria-label=\"Toggle\" \/><nav><ul class='ez-toc-list ez-toc-list-level-1 ' ><li class='ez-toc-page-1 ez-toc-heading-level-2'><a class=\"ez-toc-link ez-toc-heading-1\" href=\"https:\/\/www.malagacar.com\/fr\/blog\/loisirs\/decouvrez-ronda-en-voiture\/#De_Malaga_a_Ronda\" data-wpel-link=\"internal\">De Malaga \u00e0 Ronda<\/a><\/li><li class='ez-toc-page-1 ez-toc-heading-level-2'><a class=\"ez-toc-link ez-toc-heading-2\" href=\"https:\/\/www.malagacar.com\/fr\/blog\/loisirs\/decouvrez-ronda-en-voiture\/#De_Marbella_a_Ronda\" data-wpel-link=\"internal\">De Marbella \u00e0 Ronda<\/a><\/li><li class='ez-toc-page-1 ez-toc-heading-level-2'><a class=\"ez-toc-link ez-toc-heading-3\" href=\"https:\/\/www.malagacar.com\/fr\/blog\/loisirs\/decouvrez-ronda-en-voiture\/#Que_voir_a_Ronda\" data-wpel-link=\"internal\">Que voir \u00e0 Ronda<\/a><ul class='ez-toc-list-level-3' ><li class='ez-toc-heading-level-3'><a class=\"ez-toc-link ez-toc-heading-4\" href=\"https:\/\/www.malagacar.com\/fr\/blog\/loisirs\/decouvrez-ronda-en-voiture\/#Puente_Nuevo\" data-wpel-link=\"internal\">Puente Nuevo<\/a><\/li><li class='ez-toc-page-1 ez-toc-heading-level-3'><a class=\"ez-toc-link ez-toc-heading-5\" href=\"https:\/\/www.malagacar.com\/fr\/blog\/loisirs\/decouvrez-ronda-en-voiture\/#Puente_Viejo\" data-wpel-link=\"internal\">Puente Viejo<\/a><\/li><li class='ez-toc-page-1 ez-toc-heading-level-3'><a class=\"ez-toc-link ez-toc-heading-6\" href=\"https:\/\/www.malagacar.com\/fr\/blog\/loisirs\/decouvrez-ronda-en-voiture\/#Bains_arabes\" data-wpel-link=\"internal\">Bains arabes<\/a><\/li><li class='ez-toc-page-1 ez-toc-heading-level-3'><a class=\"ez-toc-link ez-toc-heading-7\" href=\"https:\/\/www.malagacar.com\/fr\/blog\/loisirs\/decouvrez-ronda-en-voiture\/#Palais_de_Mondragon\" data-wpel-link=\"internal\">Palais de Mondrag\u00f3n<\/a><\/li><li class='ez-toc-page-1 ez-toc-heading-level-3'><a class=\"ez-toc-link ez-toc-heading-8\" href=\"https:\/\/www.malagacar.com\/fr\/blog\/loisirs\/decouvrez-ronda-en-voiture\/#Arena_de_toros\" data-wpel-link=\"internal\">Arena de toros<\/a><\/li><li class='ez-toc-page-1 ez-toc-heading-level-3'><a class=\"ez-toc-link ez-toc-heading-9\" href=\"https:\/\/www.malagacar.com\/fr\/blog\/loisirs\/decouvrez-ronda-en-voiture\/#Maison_du_Roi_Maure\" data-wpel-link=\"internal\">Maison du Roi Maure<\/a><\/li><li class='ez-toc-page-1 ez-toc-heading-level-3'><a class=\"ez-toc-link ez-toc-heading-10\" href=\"https:\/\/www.malagacar.com\/fr\/blog\/loisirs\/decouvrez-ronda-en-voiture\/#Maison-Palais_du_Geant\" data-wpel-link=\"internal\">Maison-Palais du G\u00e9ant<\/a><\/li><li class='ez-toc-page-1 ez-toc-heading-level-3'><a class=\"ez-toc-link ez-toc-heading-11\" href=\"https:\/\/www.malagacar.com\/fr\/blog\/loisirs\/decouvrez-ronda-en-voiture\/#Convento_de_Santo_Domingo\" data-wpel-link=\"internal\">Convento de Santo Domingo<\/a><\/li><li class='ez-toc-page-1 ez-toc-heading-level-3'><a class=\"ez-toc-link ez-toc-heading-12\" href=\"https:\/\/www.malagacar.com\/fr\/blog\/loisirs\/decouvrez-ronda-en-voiture\/#Maison_Don_Bosco\" data-wpel-link=\"internal\">Maison Don Bosco<\/a><\/li><li class='ez-toc-page-1 ez-toc-heading-level-3'><a class=\"ez-toc-link ez-toc-heading-13\" href=\"https:\/\/www.malagacar.com\/fr\/blog\/loisirs\/decouvrez-ronda-en-voiture\/#Rue_Nueva\" data-wpel-link=\"internal\">Rue Nueva<\/a><\/li><li class='ez-toc-page-1 ez-toc-heading-level-3'><a class=\"ez-toc-link ez-toc-heading-14\" href=\"https:\/\/www.malagacar.com\/fr\/blog\/loisirs\/decouvrez-ronda-en-voiture\/#Rue_Arminan\" data-wpel-link=\"internal\">Rue Armi\u00f1\u00e1n<\/a><\/li><li class='ez-toc-page-1 ez-toc-heading-level-3'><a class=\"ez-toc-link ez-toc-heading-15\" href=\"https:\/\/www.malagacar.com\/fr\/blog\/loisirs\/decouvrez-ronda-en-voiture\/#Les_remparts_de_Ronda\" data-wpel-link=\"internal\">Les remparts de Ronda<\/a><\/li><li class='ez-toc-page-1 ez-toc-heading-level-3'><a class=\"ez-toc-link ez-toc-heading-16\" href=\"https:\/\/www.malagacar.com\/fr\/blog\/loisirs\/decouvrez-ronda-en-voiture\/#Forfait_touristique_Ronda\" data-wpel-link=\"internal\">Forfait touristique Ronda<\/a><\/li><li class='ez-toc-page-1 ez-toc-heading-level-3'><a class=\"ez-toc-link ez-toc-heading-17\" href=\"https:\/\/www.malagacar.com\/fr\/blog\/loisirs\/decouvrez-ronda-en-voiture\/#Recommande_Ronda_Romantica\" data-wpel-link=\"internal\">Recommand\u00e9 : Ronda Rom\u00e1ntica<\/a><\/li><\/ul><\/li><li class='ez-toc-page-1 ez-toc-heading-level-2'><a class=\"ez-toc-link ez-toc-heading-18\" href=\"https:\/\/www.malagacar.com\/fr\/blog\/loisirs\/decouvrez-ronda-en-voiture\/#Carte_interactive_de_Malaga_a_Ronda\" data-wpel-link=\"internal\">Carte interactive de M\u00e1laga \u00e0 Ronda<\/a><\/li><\/ul><\/nav><\/div>\n<h2><span class=\"ez-toc-section\" id=\"De_Malaga_a_Ronda\"><\/span>De Malaga \u00e0 Ronda<span class=\"ez-toc-section-end\"><\/span><\/h2>\n<p>D\u00e8s que vous arrivez \u00e0 <strong>Alhaur\u00edn de la Torre<\/strong>, situ\u00e9 \u00e0 quelques kilom\u00e8tres de la Costa del Sol, vous pouvez faire un arr\u00eat en chemin et visiter le <strong>Jardin Oriental Bienquerido<\/strong>.<\/p>\n<figure id=\"attachment_10176\" aria-describedby=\"caption-attachment-10176\" style=\"width: 620px\" class=\"wp-caption alignnone\"><a href=\"https:\/\/www.malagacar.com\/sp\/blog\/wp-content\/uploads\/2022\/01\/Jardin-Oriental-Foto-Miguel-Gutierrez-Paez.jpg\" data-wpel-link=\"internal\"><img loading=\"lazy\" decoding=\"async\" class=\"wp-image-10176\" src=\"https:\/\/www.malagacar.com\/sp\/blog\/wp-content\/uploads\/2022\/01\/Jardin-Oriental-Foto-Miguel-Gutierrez-Paez-1024x542.jpg\" alt=\"Jardin Oriental, Alhaur\u00edn de la Torre\" width=\"620\" height=\"328\" \/><\/a><figcaption id=\"caption-attachment-10176\" class=\"wp-caption-text\">Jardin Oriental Foto Miguel Guti\u00e9rrez P\u00e1ez<\/figcaption><\/figure>\n<p>Il dispose \u00e9galement d&rsquo;une aire de jeux pour enfants et \u00e0 c\u00f4t\u00e9 d&rsquo;un caf\u00e9 avec une salle de jeux. Comme il est relativement petit, il peut \u00eatre visit\u00e9 en une demi-heure.<\/p>\n<p>Ce parc \u00e0 l&rsquo;esth\u00e9tique japonaise et \u00e0 la v\u00e9g\u00e9tation luxuriante est ouvert tous les jours de 10h \u00e0 20h30.<\/p>\n<p>Depuis Alhaur\u00edn de la Torre, nous commen\u00e7ons \u00e0 longer les contreforts du versant nord de la Sierra de Mijas jusqu&rsquo;\u00e0 arriver \u00e0 Alhaur\u00edn el Grande, puis nous continuons sur la route en direction de Co\u00edn.<\/p>\n<p><strong>Co\u00edn<\/strong> se distingue par ses champs verdoyants et ses cultures, ainsi que par son r\u00f4le central dans l&rsquo;agriculture biologique.<\/p>\n<figure id=\"attachment_10177\" aria-describedby=\"caption-attachment-10177\" style=\"width: 622px\" class=\"wp-caption alignnone\"><a href=\"https:\/\/www.malagacar.com\/sp\/blog\/wp-content\/uploads\/2022\/01\/Mercado-Coin-Foto-Turismocoin.jpg\" data-wpel-link=\"internal\"><img loading=\"lazy\" decoding=\"async\" class=\"wp-image-10177\" src=\"https:\/\/www.malagacar.com\/sp\/blog\/wp-content\/uploads\/2022\/01\/Mercado-Coin-Foto-Turismocoin.jpg\" alt=\"Mercado Coin\" width=\"622\" height=\"413\" \/><\/a><figcaption id=\"caption-attachment-10177\" class=\"wp-caption-text\">Mercado Coin Foto Turismocoin<\/figcaption><\/figure>\n<p>Mercado Coin Foto TurismocoinLe long de la route, vous trouverez un <strong>March\u00e9 Agroalimentaire de Co\u00edn<\/strong> (avec un parking facile) o\u00f9 vous pourrez vous approvisionner avec le meilleur de la r\u00e9gion, des fruits et l\u00e9gumes locaux, des jus d\u00e9licieux pr\u00e9par\u00e9s sur place, une vari\u00e9t\u00e9 de fromages, des charcuteries, et m\u00eame de la poterie. Il est ouvert les dimanches de 9h \u00e0 14h30.<\/p>\n<p>Sur notre trajet le long de l&rsquo;A-366, nous passerons tout pr\u00e8s de l&rsquo;<strong>Ermita San Isidro<\/strong> dans la commune de <strong>Guaro<\/strong>. Elle est situ\u00e9e au bord du <strong>R\u00edo Grande<\/strong> (o\u00f9 vous pouvez prendre un bain rafra\u00eechissant) et chaque ann\u00e9e le 15 mai, une <strong>romeria traditionnelle en l&rsquo;honneur de San Isidro Labrador<\/strong>, le saint patron des agriculteurs, y est c\u00e9l\u00e9br\u00e9e.<\/p>\n<p>Le charmant village de <strong>Guaro<\/strong> est \u00e9galement tr\u00e8s connu pour son c\u00e9l\u00e8bre <strong>Festival de la Luna Mora<\/strong>. En septembre, pendant un week-end, les rues du village s&rsquo;illuminent au coucher du soleil avec plus de 20 000 bougies, en hommage aux diff\u00e9rentes cultures qui ont coexist\u00e9 dans le pass\u00e9. Il y a un grand march\u00e9 m\u00e9di\u00e9val, des activit\u00e9s culturelles, des ateliers, une vaste offre gastronomique et des concerts.<\/p>\n<figure id=\"attachment_10179\" aria-describedby=\"caption-attachment-10179\" style=\"width: 449px\" class=\"wp-caption alignnone\"><a href=\"https:\/\/www.malagacar.com\/sp\/blog\/wp-content\/uploads\/2022\/01\/luna-mora-Foto-Yolanda-De-Miguel.jpg\" data-wpel-link=\"internal\"><img loading=\"lazy\" decoding=\"async\" class=\"wp-image-10179\" src=\"https:\/\/www.malagacar.com\/sp\/blog\/wp-content\/uploads\/2022\/01\/luna-mora-Foto-Yolanda-De-Miguel.jpg\" alt=\"Festival Luna Mora Foto Yolanda De Miguel\" width=\"449\" height=\"525\" \/><\/a><figcaption id=\"caption-attachment-10179\" class=\"wp-caption-text\">Festival Luna Mora Foto Yolanda De Miguel<\/figcaption><\/figure>\n<p>Apr\u00e8s Guaro, nous entrons dans le tout premier parc national r\u00e9cemment d\u00e9clar\u00e9 de Malaga, le <strong>Parc National de la Sierra de las Nieves<\/strong>. \u00c0 <strong>Yunquera<\/strong>, vous pouvez visiter le <strong>Nacimiento del R\u00edo Grande<\/strong>, l&rsquo;une des rares rivi\u00e8res de la province avec un d\u00e9bit d&rsquo;eau abondant toute l&rsquo;ann\u00e9e.<\/p>\n<figure id=\"attachment_10178\" aria-describedby=\"caption-attachment-10178\" style=\"width: 450px\" class=\"wp-caption alignnone\"><a href=\"https:\/\/www.malagacar.com\/sp\/blog\/wp-content\/uploads\/2022\/01\/Nacimiento-Rio-Grande-Foto-Nuria-Loma.jpg\" data-wpel-link=\"internal\"><img loading=\"lazy\" decoding=\"async\" class=\"wp-image-10178\" src=\"https:\/\/www.malagacar.com\/sp\/blog\/wp-content\/uploads\/2022\/01\/Nacimiento-Rio-Grande-Foto-Nuria-Loma.jpg\" alt=\"Nacimiento Rio Grande\" width=\"450\" height=\"564\" \/><\/a><figcaption id=\"caption-attachment-10178\" class=\"wp-caption-text\">Nacimiento Rio Grande Foto Nuria Loma<\/figcaption><\/figure>\n<p>La route commence \u00e0 l&rsquo;aire de loisirs Los Arbolitos, situ\u00e9e \u00e0 c\u00f4t\u00e9 de la piste foresti\u00e8re de la Sierra de las Nieves. La route d&rsquo;acc\u00e8s en voiture est bloqu\u00e9e par une cha\u00eene \u00e0 environ 1 km de la grotte.<\/p>\n<p>Nous continuons notre route \u00e0 travers la Sierra de las Nieves, o\u00f9 l&rsquo;eau est abondante, comme vous le d\u00e9couvrirez. Pr\u00e8s d&rsquo;<strong>El Burgo<\/strong>, vous pouvez visiter les <em><strong>Diques du r\u00edo Turr\u00f3n<\/strong><\/em>, un endroit naturel spectaculaire avec des eaux cristallines, id\u00e9al pour se baigner par temps chaud, mais aussi magnifique en automne.<\/p>\n<figure id=\"attachment_10180\" aria-describedby=\"caption-attachment-10180\" style=\"width: 622px\" class=\"wp-caption alignnone\"><a href=\"https:\/\/www.malagacar.com\/sp\/blog\/wp-content\/uploads\/2022\/01\/Rio-Turron-Foto-Esther-Montero.jpg\" data-wpel-link=\"internal\"><img loading=\"lazy\" decoding=\"async\" class=\"wp-image-10180\" src=\"https:\/\/www.malagacar.com\/sp\/blog\/wp-content\/uploads\/2022\/01\/Rio-Turron-Foto-Esther-Montero-1024x655.jpg\" alt=\"Rio Turr\u00f3n\" width=\"622\" height=\"398\" \/><\/a><figcaption id=\"caption-attachment-10180\" class=\"wp-caption-text\">Rio Turr\u00f3n Foto Esther Montero<\/figcaption><\/figure>\n<p>Nous continuons notre route sur l&rsquo;A-366, et m\u00eame dans la municipalit\u00e9 d&rsquo;El Burgo, nous pouvons profiter de vues magnifiques \u00e0 notre prochain arr\u00eat, le <strong>Mirador del Guarda Forestal<\/strong>, un endroit incontournable pour s&rsquo;arr\u00eater et contempler les belles vues sur la Sierra de las Nieves en toute saison.<\/p>\n<figure id=\"attachment_10181\" aria-describedby=\"caption-attachment-10181\" style=\"width: 619px\" class=\"wp-caption alignnone\"><a href=\"https:\/\/www.malagacar.com\/sp\/blog\/wp-content\/uploads\/2022\/01\/Mirador-Guarda-forestal-Foto-Dolores-Redondo.jpg\" data-wpel-link=\"internal\"><img loading=\"lazy\" decoding=\"async\" class=\"wp-image-10181\" src=\"https:\/\/www.malagacar.com\/sp\/blog\/wp-content\/uploads\/2022\/01\/Mirador-Guarda-forestal-Foto-Dolores-Redondo-1024x694.jpg\" alt=\"Mirador Guarda forestal\" width=\"619\" height=\"419\" \/><\/a><figcaption id=\"caption-attachment-10181\" class=\"wp-caption-text\">Mirador Guarda forestal Foto Dolores Redondo<\/figcaption><\/figure>\n<h2><span class=\"ez-toc-section\" id=\"De_Marbella_a_Ronda\"><\/span>De Marbella \u00e0 Ronda<span class=\"ez-toc-section-end\"><\/span><\/h2>\n<p>Depuis Marbella, nous avons deux options pour nous rendre \u00e0 Ronda.<\/p>\n<p>La premi\u00e8re part du centre de Marbella, passe par le centre commercial La Ca\u00f1ada, et nous nous enfon\u00e7ons dans la Sierra Blanca via l&rsquo;A-355.<\/p>\n<p>Apr\u00e8s quelques kilom\u00e8tres, au niveau d&rsquo;<strong>Oj\u00e9n<\/strong>, si vous avez le temps, il vaut la peine de faire un petit d\u00e9tour pour profiter de magnifiques vues sur Marbella, la Costa del Sol et m\u00eame la c\u00f4te africaine par temps clair, depuis le <strong>Mirador de Juanar<\/strong>. C&rsquo;est un itin\u00e9raire court de faible difficult\u00e9, adapt\u00e9 \u00e9galement aux personnes \u00e2g\u00e9es.<\/p>\n<p><a href=\"https:\/\/www.malagacar.com\/sp\/blog\/wp-content\/uploads\/2022\/01\/Mirador-El-Juanar-Foto-Antonio-Sousa-Velasco.jpg\" data-wpel-link=\"internal\"><img loading=\"lazy\" decoding=\"async\" class=\"wp-image-10182\" src=\"https:\/\/www.malagacar.com\/sp\/blog\/wp-content\/uploads\/2022\/01\/Mirador-El-Juanar-Foto-Antonio-Sousa-Velasco-1024x718.jpg\" alt=\"Mirador El Juanar\" width=\"620\" height=\"435\" \/><\/a><\/p>\n<p>Mirador El Juanar Foto Antonio Sousa Velasco\u00c0 quelques kilom\u00e8tres au nord d&rsquo;Oj\u00e9n se trouve l&rsquo;<a href=\"http:\/\/ecoreservaojen.com\/\" data-wpel-link=\"external\" rel=\"external noopener noreferrer\"><strong>Ecoreserva Oj\u00e9n<\/strong><\/a>, une visite incontournable si vous \u00eates un amoureux de la nature. Vous pouvez y observer des sangliers, des cerfs et des mouflons vivant en libert\u00e9.<\/p>\n<figure id=\"attachment_10183\" aria-describedby=\"caption-attachment-10183\" style=\"width: 621px\" class=\"wp-caption alignnone\"><a href=\"https:\/\/www.malagacar.com\/sp\/blog\/wp-content\/uploads\/2022\/01\/Ecoreserva-Ojen-Foto-Fran-Santiago.jpg\" data-wpel-link=\"internal\"><img loading=\"lazy\" decoding=\"async\" class=\"wp-image-10183\" src=\"https:\/\/www.malagacar.com\/sp\/blog\/wp-content\/uploads\/2022\/01\/Ecoreserva-Ojen-Foto-Fran-Santiago-1024x549.jpg\" alt=\"Ecoreserva Oj\u00e9n\" width=\"621\" height=\"333\" \/><\/a><figcaption id=\"caption-attachment-10183\" class=\"wp-caption-text\">Ecoreserva Oj\u00e9n Foto Fran Santiago<\/figcaption><\/figure>\n<p>Nous continuons sur l&rsquo;A-355 jusqu&rsquo;\u00e0 Co\u00edn, o\u00f9 nous suivons l&rsquo;explication d\u00e9taill\u00e9e ci-dessus pour arriver depuis M\u00e1laga.<\/p>\n<p>La deuxi\u00e8me fa\u00e7on de se rendre \u00e0 Ronda depuis Marbella est de prendre l&rsquo;A-397 \u00e0 <strong>San Pedro de Alc\u00e1ntara<\/strong>.<\/p>\n<p>C&rsquo;est notre itin\u00e9raire de choix si nous voulons nous immerger dans la magie des for\u00eats de ch\u00e2taigniers centenaires, tr\u00e8s populaires et connues sous le nom de <a href=\"https:\/\/www.malagacar.com\/sp\/blog\/ocio\/los-bosques-de-castanos-del-valle-genal\/\" data-wpel-link=\"internal\"><strong>Bosques de Cobre<\/strong><\/a> pour leur beaut\u00e9 spectaculaire en automne. La Serran\u00eda de Ronda est parsem\u00e9e de <a href=\"https:\/\/www.malagacar.com\/fr\/blog\/loisirs\/les-villages-blancs-vallee-du-genal\/\" data-wpel-link=\"internal\"><strong>charmants villages blancs<\/strong><\/a>, chacun m\u00e9rite une visite.<\/p>\n<p>\u00c0 mesure que nous gagnons de l&rsquo;altitude, les vues deviennent de plus en plus spectaculaires.<\/p>\n<p>Sur notre route vers Ronda, il y a plusieurs points de vue o\u00f9 faire une pause, comme le <strong>Mirador de Igualeja<\/strong>, d&rsquo;o\u00f9 l&rsquo;on peut admirer toute la Vall\u00e9e du Genal, y compris l&rsquo;Afrique et Gibraltar par temps d\u00e9gag\u00e9.<\/p>\n<figure id=\"attachment_10184\" aria-describedby=\"caption-attachment-10184\" style=\"width: 621px\" class=\"wp-caption alignnone\"><a href=\"https:\/\/www.malagacar.com\/sp\/blog\/wp-content\/uploads\/2022\/01\/Mirador-de-Igualeja-Foto-Cristobal-Fernandez.jpg\" data-wpel-link=\"internal\"><img loading=\"lazy\" decoding=\"async\" class=\"wp-image-10184\" src=\"https:\/\/www.malagacar.com\/sp\/blog\/wp-content\/uploads\/2022\/01\/Mirador-de-Igualeja-Foto-Cristobal-Fernandez-1024x498.jpg\" alt=\"Mirador de Igualeja\" width=\"621\" height=\"302\" \/><\/a><figcaption id=\"caption-attachment-10184\" class=\"wp-caption-text\">Mirador de Igualeja Foto Crist\u00f3bal Fern\u00e1ndez<\/figcaption><\/figure>\n<p>Dans la municipalit\u00e9 de <strong>Parauta<\/strong>, juste \u00e0 c\u00f4t\u00e9 de l&rsquo;A-397, se trouve l&rsquo;entr\u00e9e du <strong><a href=\"https:\/\/www.malagacar.com\/sp\/blog\/ocio\/parque-nacional-sierra-de-las-nieves\/\" data-wpel-link=\"internal\">Parc National de la Sierra de las Nieves<\/a><\/strong>, avec un parking et un point de d\u00e9part pour de nombreuses excursions dans la Sierra de las Nieves.<\/p>\n<p>De l&rsquo;autre c\u00f4t\u00e9 de la route se trouve l&rsquo;<strong>Aire de Loisirs Conejeras<\/strong>, \u00e9quip\u00e9e de tables, de si\u00e8ges et de barbecues dans un cadre naturel magnifique pour une pause et un pique-nique.<\/p>\n<p>Si la chaleur est accablante et que vous souhaitez faire une randonn\u00e9e dans la Sierra de las Nieves, nous vous recommandons de vous rendre au <strong>Charco y Cascada Malillo<\/strong>, pr\u00e8s de la <strong>R\u00edo Guadalev\u00edn<\/strong>, une piscine d&rsquo;eau propre et fra\u00eeche, id\u00e9ale pour se rafra\u00eechir. Le sentier d&rsquo;environ 5 km part de l&rsquo;Aire de Loisirs Conejeras.<\/p>\n<figure id=\"attachment_10185\" aria-describedby=\"caption-attachment-10185\" style=\"width: 620px\" class=\"wp-caption alignnone\"><a href=\"https:\/\/www.malagacar.com\/sp\/blog\/wp-content\/uploads\/2022\/01\/Charco-y-cascada-Malillo-Foto-Antonio-Cardenas.jpg\" data-wpel-link=\"internal\"><img loading=\"lazy\" decoding=\"async\" class=\"wp-image-10185\" src=\"https:\/\/www.malagacar.com\/sp\/blog\/wp-content\/uploads\/2022\/01\/Charco-y-cascada-Malillo-Foto-Antonio-Cardenas-1024x528.jpg\" alt=\"Charco y cascada Malillo\" width=\"620\" height=\"320\" \/><\/a><figcaption id=\"caption-attachment-10185\" class=\"wp-caption-text\">Charco y cascada Malillo Foto Antonio Cardenas<\/figcaption><\/figure>\n<p>Et nous approchons maintenant de Ronda depuis le sud. Nous laissons derri\u00e8re nous les montagnes rugueuses de la Sierra et entrons dans un plateau situ\u00e9 \u00e0 plus de 700 m\u00e8tres d&rsquo;altitude.<\/p>\n<h2><span class=\"ez-toc-section\" id=\"Que_voir_a_Ronda\"><\/span>Que voir \u00e0 Ronda<span class=\"ez-toc-section-end\"><\/span><\/h2>\n<p>Ronda poss\u00e8de sans aucun doute un <em><strong>patrimoine historique et monumental impressionnant<\/strong><\/em>, avec l&rsquo;influence des cultures romaine, wisigothe et musulmane, chacune laissant sa marque. Parmi les visites incontournables, nous pouvons mentionner les suivantes :<\/p>\n<h3><span class=\"ez-toc-section\" id=\"Puente_Nuevo\"><\/span>Puente Nuevo<span class=\"ez-toc-section-end\"><\/span><\/h3>\n<p><a href=\"https:\/\/www.malagacar.com\/sp\/blog\/wp-content\/uploads\/2022\/01\/Ronda-Dorian-Zonca-scaled.jpg\" data-wpel-link=\"internal\"><img loading=\"lazy\" decoding=\"async\" class=\"alignnone wp-image-10186\" src=\"https:\/\/www.malagacar.com\/sp\/blog\/wp-content\/uploads\/2022\/01\/Ronda-Dorian-Zonca-1024x768.jpg\" alt=\"Ronda en coche, Malagacar.com\" width=\"619\" height=\"465\" \/><\/a><\/p>\n<p>Le Tajo ou Puente Nuevo, perch\u00e9 \u00e0 environ 100 m\u00e8tres au-dessus de la rivi\u00e8re Guadalev\u00edn, est le symbole de Ronda par excellence.<\/p>\n<h3><span class=\"ez-toc-section\" id=\"Puente_Viejo\"><\/span>Puente Viejo<span class=\"ez-toc-section-end\"><\/span><\/h3>\n<figure id=\"attachment_10187\" aria-describedby=\"caption-attachment-10187\" style=\"width: 619px\" class=\"wp-caption alignnone\"><a href=\"https:\/\/www.malagacar.com\/sp\/blog\/wp-content\/uploads\/2022\/01\/Ronda-Puente-Arabe-Foto-Juan-Flood.jpg\" data-wpel-link=\"internal\"><img loading=\"lazy\" decoding=\"async\" class=\"wp-image-10187\" src=\"https:\/\/www.malagacar.com\/sp\/blog\/wp-content\/uploads\/2022\/01\/Ronda-Puente-Arabe-Foto-Juan-Flood-1024x713.jpg\" alt=\"Ronda en coche\" width=\"619\" height=\"431\" \/><\/a><figcaption id=\"caption-attachment-10187\" class=\"wp-caption-text\">Puente Arabe Foto Juan Flood<\/figcaption><\/figure>\n<p>\u00c9galement tr\u00e8s proche se trouve le Puente Viejo de l&rsquo;\u00e9poque arabe, \u00e0 quelques m\u00e8tres des c\u00e9l\u00e8bres Bains arabes de la ville.<\/p>\n<h3><span class=\"ez-toc-section\" id=\"Bains_arabes\"><\/span>Bains arabes<span class=\"ez-toc-section-end\"><\/span><\/h3>\n<p>Les Bains arabes sont un ensemble thermal de l&rsquo;\u00e9poque musulmane, consid\u00e9r\u00e9 comme le mieux pr\u00e9serv\u00e9 d&rsquo;Espagne.<\/p>\n<h3><span class=\"ez-toc-section\" id=\"Palais_de_Mondragon\"><\/span>Palais de Mondrag\u00f3n<span class=\"ez-toc-section-end\"><\/span><\/h3>\n<p>Le Palais de Mondrag\u00f3n a des origines arabes, construit au XIVe si\u00e8cle, puis utilis\u00e9 comme r\u00e9sidence par les rois catholiques Isabelle et Ferdinand.<\/p>\n<h3><span class=\"ez-toc-section\" id=\"Arena_de_toros\"><\/span>Arena de toros<span class=\"ez-toc-section-end\"><\/span><\/h3>\n<p>L&rsquo;ar\u00e8ne de toros est consid\u00e9r\u00e9e comme l&rsquo;une des plus anciennes d&rsquo;Espagne.<\/p>\n<h3><span class=\"ez-toc-section\" id=\"Maison_du_Roi_Maure\"><\/span>Maison du Roi Maure<span class=\"ez-toc-section-end\"><\/span><\/h3>\n<p>La <a href=\"http:\/\/casadelreymoro.org\/\" data-wpel-link=\"external\" rel=\"external noopener noreferrer\"><strong>Maison du Roi Maure<\/strong><\/a> est un palais historique avec une mine d&rsquo;eau et des jardins suspendus que les visiteurs peuvent explorer, avec une centaine de m\u00e8tres d&rsquo;escaliers qui m\u00e8nent jusqu&rsquo;\u00e0 la rivi\u00e8re offrant des vues incroyables.<\/p>\n<figure id=\"attachment_10190\" aria-describedby=\"caption-attachment-10190\" style=\"width: 621px\" class=\"wp-caption alignnone\"><a href=\"https:\/\/www.malagacar.com\/sp\/blog\/wp-content\/uploads\/2022\/01\/Casa-del-Rey-Moro-Foto-Piotr-Napiorkowski.jpg\" data-wpel-link=\"internal\"><img loading=\"lazy\" decoding=\"async\" class=\"wp-image-10190\" src=\"https:\/\/www.malagacar.com\/sp\/blog\/wp-content\/uploads\/2022\/01\/Casa-del-Rey-Moro-Foto-Piotr-Napiorkowski-1024x666.jpg\" alt=\"Casa del Rey Moro, Ronda\" width=\"621\" height=\"404\" \/><\/a><figcaption id=\"caption-attachment-10190\" class=\"wp-caption-text\">Casa del Rey Moro Foto Piotr Napi\u00f3rkowski<\/figcaption><\/figure>\n<h3><span class=\"ez-toc-section\" id=\"Maison-Palais_du_Geant\"><\/span>Maison-Palais du G\u00e9ant<span class=\"ez-toc-section-end\"><\/span><\/h3>\n<p>La Maison-Palais du G\u00e9ant est une maison pr\u00e9serv\u00e9e de la dynastie nasride, avec des \u00e9l\u00e9ments de l&rsquo;architecture islamique et une cour centrale.<\/p>\n<h3><span class=\"ez-toc-section\" id=\"Convento_de_Santo_Domingo\"><\/span>Convento de Santo Domingo<span class=\"ez-toc-section-end\"><\/span><\/h3>\n<p>Un ancien couvent actuellement utilis\u00e9 comme centre de congr\u00e8s et pour des expositions.<\/p>\n<h3><span class=\"ez-toc-section\" id=\"Maison_Don_Bosco\"><\/span>Maison Don Bosco<span class=\"ez-toc-section-end\"><\/span><\/h3>\n<p>Un manoir de style moderniste du XXe si\u00e8cle, avec une belle cour d\u00e9cor\u00e9e de carreaux nasrides et une vue magnifique depuis son jardin.<\/p>\n<h3><span class=\"ez-toc-section\" id=\"Rue_Nueva\"><\/span>Rue Nueva<span class=\"ez-toc-section-end\"><\/span><\/h3>\n<p>Cette rue est l&rsquo;une des plus anim\u00e9es de Ronda avec une grande offre gastronomique.<\/p>\n<h3><span class=\"ez-toc-section\" id=\"Rue_Arminan\"><\/span>Rue Armi\u00f1\u00e1n<span class=\"ez-toc-section-end\"><\/span><\/h3>\n<p>Une des rues les plus importantes du centre historique, avec des bars, des boutiques traditionnelles et plusieurs b\u00e2timents historiques.<\/p>\n<h3><span class=\"ez-toc-section\" id=\"Les_remparts_de_Ronda\"><\/span>Les remparts de Ronda<span class=\"ez-toc-section-end\"><\/span><\/h3>\n<p>Les remparts de Ronda datent de l&rsquo;\u00e9poque nasride et sont tr\u00e8s bien conserv\u00e9s.<\/p>\n<figure id=\"attachment_10191\" aria-describedby=\"caption-attachment-10191\" style=\"width: 619px\" class=\"wp-caption alignnone wp-image-10191\"><img loading=\"lazy\" decoding=\"async\" class=\"wp-image-8425\" src=\"https:\/\/www.malagacar.com\/sp\/blog\/wp-content\/uploads\/2020\/11\/picnic-ronda-opinion-de-malaga.jpg\" alt=\"Tajo de Ronda\" width=\"619\" height=\"413\" \/><figcaption id=\"caption-attachment-10191\" class=\"wp-caption-text\">Pique-nique aux pieds du Tajo de Ronda Photo Opinion de Malaga<\/figcaption><\/figure>\n<h3><span class=\"ez-toc-section\" id=\"Forfait_touristique_Ronda\"><\/span>Forfait touristique Ronda<span class=\"ez-toc-section-end\"><\/span><\/h3>\n<p>Si vous souhaitez visiter plusieurs monuments, b\u00e2timents ou mus\u00e9es \u00e0 Ronda, vous pourriez \u00eatre int\u00e9ress\u00e9 par l&rsquo;obtention du <a href=\"https:\/\/turismoderonda.es\/es\/ronda\/que_ver\/arquitectura_plazas_monumentos\/bono_turistico_ronda\" data-wpel-link=\"external\" rel=\"external noopener noreferrer\"><strong>forfait touristique<\/strong><\/a>.<\/p>\n<h3><span class=\"ez-toc-section\" id=\"Recommande_Ronda_Romantica\"><\/span>Recommand\u00e9 : Ronda Rom\u00e1ntica<span class=\"ez-toc-section-end\"><\/span><\/h3>\n<p>Ronda Rom\u00e1ntica est une f\u00eate c\u00e9l\u00e9br\u00e9e en mai, au cours de laquelle des \u00e9v\u00e9nements historiques sont mis en sc\u00e8ne dans les rues de la Ville du Tajo. Des villages de toute la Serran\u00eda de Ronda y participent en portant des tenues classiques de l&rsquo;\u00e9poque des bandits.<\/p>\n<figure id=\"attachment_10189\" aria-describedby=\"caption-attachment-10189\" style=\"width: 609px\" class=\"wp-caption alignnone\"><a href=\"https:\/\/www.malagacar.com\/sp\/blog\/wp-content\/uploads\/2022\/01\/ronda-romantica.jpg\" data-wpel-link=\"internal\"><img loading=\"lazy\" decoding=\"async\" class=\"wp-image-10189\" src=\"https:\/\/www.malagacar.com\/sp\/blog\/wp-content\/uploads\/2022\/01\/ronda-romantica.jpg\" alt=\"Ronda Rom\u00e1ntica\" width=\"609\" height=\"329\" \/><\/a><figcaption id=\"caption-attachment-10189\" class=\"wp-caption-text\">Ronda Rom\u00e1ntica<\/figcaption><\/figure>\n<p>Tout au long d&rsquo;un week-end, il y a des d\u00e9fil\u00e9s, des reconstitutions historiques, des chorales, des danses, des march\u00e9s m\u00e9di\u00e9vaux, et bien s\u00fbr, une excellente cuisine.<\/p>\n<p>Dates cette ann\u00e9e : 24 mai 2022<\/p>\n<h2><span class=\"ez-toc-section\" id=\"Carte_interactive_de_Malaga_a_Ronda\"><\/span>Carte interactive de M\u00e1laga \u00e0 Ronda<span class=\"ez-toc-section-end\"><\/span><\/h2>\n<p><iframe loading=\"lazy\" src=\"https:\/\/www.google.com\/maps\/d\/embed?mid=1mQCz90Uj6N2RJ_UCC_IAJcbJ6KZgm7UQ&amp;ehbc=2E312F\" width=\"640\" height=\"480\"><\/iframe><\/p>\n","protected":false},"excerpt":{"rendered":"<p>Depuis la Costa del Sol, nous avons plusieurs options de routes en voiture pour atteindre Ronda. Cela d\u00e9pend de notre envie de conduire \u00e0 travers de magnifiques paysages de l&rsquo;int\u00e9rieur de la province de Malaga et du temps dont nous disposons.<\/p>\n","protected":false},"author":1,"featured_media":783,"comment_status":"open","ping_status":"open","sticky":false,"template":"","format":"standard","meta":{"footnotes":""},"categories":[2],"tags":[],"class_list":["post-782","post","type-post","status-publish","format-standard","has-post-thumbnail","hentry","category-loisirs"],"yoast_head":"<!-- This site is optimized with the Yoast SEO plugin v28.4 - https:\/\/yoast.com\/product\/yoast-seo-wordpress\/ -->\n<title>D\u00e9couvrez Ronda en voiture avec MalagaCar - Blog de MalagaCar.com<\/title>\n<meta name=\"description\" content=\"Depuis la Costa del Sol, vous pouvez profiter de plusieurs itin\u00e9raires en voiture jusqu&#039;\u00e0 Ronda \u00e0 travers de magnifiques paysage de Malaga\" \/>\n<meta name=\"robots\" content=\"index, follow, max-snippet:-1, max-image-preview:large, max-video-preview:-1\" \/>\n<link rel=\"canonical\" href=\"https:\/\/www.malagacar.com\/fr\/blog\/loisirs\/decouvrez-ronda-en-voiture\/\" \/>\n<meta property=\"og:locale\" content=\"fr_FR\" \/>\n<meta property=\"og:type\" content=\"article\" \/>\n<meta property=\"og:title\" content=\"D\u00e9couvrez Ronda en voiture avec MalagaCar - Blog de MalagaCar.com\" \/>\n<meta property=\"og:description\" content=\"Depuis la Costa del Sol, vous pouvez profiter de plusieurs itin\u00e9raires en voiture jusqu&#039;\u00e0 Ronda \u00e0 travers de magnifiques paysage de Malaga\" \/>\n<meta property=\"og:url\" content=\"https:\/\/www.malagacar.com\/fr\/blog\/loisirs\/decouvrez-ronda-en-voiture\/\" \/>\n<meta property=\"og:site_name\" content=\"Blog de MalagaCar.com\" \/>\n<meta property=\"article:publisher\" content=\"https:\/\/www.facebook.com\/malagacar\" \/>\n<meta property=\"article:published_time\" content=\"2022-01-17T14:40:20+00:00\" \/>\n<meta property=\"article:modified_time\" content=\"2023-11-06T14:47:05+00:00\" \/>\n<meta property=\"og:image\" content=\"https:\/\/www.malagacar.com\/fr\/blog\/wp-content\/uploads\/2023\/11\/ronda-fr.jpg\" \/>\n\t<meta property=\"og:image:width\" content=\"950\" \/>\n\t<meta property=\"og:image:height\" content=\"516\" \/>\n\t<meta property=\"og:image:type\" content=\"image\/jpeg\" \/>\n<meta name=\"author\" content=\"MalagaCar.com\" \/>\n<meta name=\"twitter:card\" content=\"summary_large_image\" \/>\n<meta name=\"twitter:creator\" content=\"@malagacarcom\" \/>\n<meta name=\"twitter:site\" content=\"@malagacarcom\" \/>\n<meta name=\"twitter:label1\" content=\"\u00c9crit par\" \/>\n\t<meta name=\"twitter:data1\" content=\"MalagaCar.com\" \/>\n\t<meta name=\"twitter:label2\" content=\"Dur\u00e9e de lecture estim\u00e9e\" \/>\n\t<meta name=\"twitter:data2\" content=\"11 minutes\" \/>\n<script type=\"application\/ld+json\" class=\"yoast-schema-graph\">{\"@context\":\"https:\\\/\\\/schema.org\",\"@graph\":[{\"@type\":\"Article\",\"@id\":\"https:\\\/\\\/www.malagacar.com\\\/fr\\\/blog\\\/loisirs\\\/decouvrez-ronda-en-voiture\\\/#article\",\"isPartOf\":{\"@id\":\"https:\\\/\\\/www.malagacar.com\\\/fr\\\/blog\\\/loisirs\\\/decouvrez-ronda-en-voiture\\\/\"},\"author\":{\"name\":\"MalagaCar.com\",\"@id\":\"https:\\\/\\\/www.malagacar.com\\\/fr\\\/blog\\\/#\\\/schema\\\/person\\\/ffb97005d02bcc7d0bb59f5409635691\"},\"headline\":\"D\u00e9couvrez Ronda en voiture avec MalagaCar\",\"datePublished\":\"2022-01-17T14:40:20+00:00\",\"dateModified\":\"2023-11-06T14:47:05+00:00\",\"mainEntityOfPage\":{\"@id\":\"https:\\\/\\\/www.malagacar.com\\\/fr\\\/blog\\\/loisirs\\\/decouvrez-ronda-en-voiture\\\/\"},\"wordCount\":1705,\"commentCount\":0,\"publisher\":{\"@id\":\"https:\\\/\\\/www.malagacar.com\\\/fr\\\/blog\\\/#organization\"},\"image\":{\"@id\":\"https:\\\/\\\/www.malagacar.com\\\/fr\\\/blog\\\/loisirs\\\/decouvrez-ronda-en-voiture\\\/#primaryimage\"},\"thumbnailUrl\":\"https:\\\/\\\/www.malagacar.com\\\/fr\\\/blog\\\/wp-content\\\/uploads\\\/2023\\\/11\\\/ronda-fr.jpg\",\"articleSection\":[\"Loisirs\"],\"inLanguage\":\"fr-FR\",\"potentialAction\":[{\"@type\":\"CommentAction\",\"name\":\"Comment\",\"target\":[\"https:\\\/\\\/www.malagacar.com\\\/fr\\\/blog\\\/loisirs\\\/decouvrez-ronda-en-voiture\\\/#respond\"]}]},{\"@type\":\"WebPage\",\"@id\":\"https:\\\/\\\/www.malagacar.com\\\/fr\\\/blog\\\/loisirs\\\/decouvrez-ronda-en-voiture\\\/\",\"url\":\"https:\\\/\\\/www.malagacar.com\\\/fr\\\/blog\\\/loisirs\\\/decouvrez-ronda-en-voiture\\\/\",\"name\":\"D\u00e9couvrez Ronda en voiture avec MalagaCar - Blog de MalagaCar.com\",\"isPartOf\":{\"@id\":\"https:\\\/\\\/www.malagacar.com\\\/fr\\\/blog\\\/#website\"},\"primaryImageOfPage\":{\"@id\":\"https:\\\/\\\/www.malagacar.com\\\/fr\\\/blog\\\/loisirs\\\/decouvrez-ronda-en-voiture\\\/#primaryimage\"},\"image\":{\"@id\":\"https:\\\/\\\/www.malagacar.com\\\/fr\\\/blog\\\/loisirs\\\/decouvrez-ronda-en-voiture\\\/#primaryimage\"},\"thumbnailUrl\":\"https:\\\/\\\/www.malagacar.com\\\/fr\\\/blog\\\/wp-content\\\/uploads\\\/2023\\\/11\\\/ronda-fr.jpg\",\"datePublished\":\"2022-01-17T14:40:20+00:00\",\"dateModified\":\"2023-11-06T14:47:05+00:00\",\"description\":\"Depuis la Costa del Sol, vous pouvez profiter de plusieurs itin\u00e9raires en voiture jusqu'\u00e0 Ronda \u00e0 travers de magnifiques paysage de Malaga\",\"breadcrumb\":{\"@id\":\"https:\\\/\\\/www.malagacar.com\\\/fr\\\/blog\\\/loisirs\\\/decouvrez-ronda-en-voiture\\\/#breadcrumb\"},\"inLanguage\":\"fr-FR\",\"potentialAction\":[{\"@type\":\"ReadAction\",\"target\":[\"https:\\\/\\\/www.malagacar.com\\\/fr\\\/blog\\\/loisirs\\\/decouvrez-ronda-en-voiture\\\/\"]}]},{\"@type\":\"ImageObject\",\"inLanguage\":\"fr-FR\",\"@id\":\"https:\\\/\\\/www.malagacar.com\\\/fr\\\/blog\\\/loisirs\\\/decouvrez-ronda-en-voiture\\\/#primaryimage\",\"url\":\"https:\\\/\\\/www.malagacar.com\\\/fr\\\/blog\\\/wp-content\\\/uploads\\\/2023\\\/11\\\/ronda-fr.jpg\",\"contentUrl\":\"https:\\\/\\\/www.malagacar.com\\\/fr\\\/blog\\\/wp-content\\\/uploads\\\/2023\\\/11\\\/ronda-fr.jpg\",\"width\":950,\"height\":516,\"caption\":\"Ronda en voiture\"},{\"@type\":\"BreadcrumbList\",\"@id\":\"https:\\\/\\\/www.malagacar.com\\\/fr\\\/blog\\\/loisirs\\\/decouvrez-ronda-en-voiture\\\/#breadcrumb\",\"itemListElement\":[{\"@type\":\"ListItem\",\"position\":1,\"name\":\"Accueil\",\"item\":\"https:\\\/\\\/www.malagacar.com\\\/fr\\\/blog\\\/\"},{\"@type\":\"ListItem\",\"position\":2,\"name\":\"D\u00e9couvrez Ronda en voiture avec MalagaCar\"}]},{\"@type\":\"WebSite\",\"@id\":\"https:\\\/\\\/www.malagacar.com\\\/fr\\\/blog\\\/#website\",\"url\":\"https:\\\/\\\/www.malagacar.com\\\/fr\\\/blog\\\/\",\"name\":\"Blog de MalagaCar.com\",\"description\":\"Nouvelles et informations int\u00e9ressantes sur la location de voitures \u00e0 l&#039;a\u00e9roport de Malaga.\",\"publisher\":{\"@id\":\"https:\\\/\\\/www.malagacar.com\\\/fr\\\/blog\\\/#organization\"},\"potentialAction\":[{\"@type\":\"SearchAction\",\"target\":{\"@type\":\"EntryPoint\",\"urlTemplate\":\"https:\\\/\\\/www.malagacar.com\\\/fr\\\/blog\\\/?s={search_term_string}\"},\"query-input\":{\"@type\":\"PropertyValueSpecification\",\"valueRequired\":true,\"valueName\":\"search_term_string\"}}],\"inLanguage\":\"fr-FR\"},{\"@type\":\"Organization\",\"@id\":\"https:\\\/\\\/www.malagacar.com\\\/fr\\\/blog\\\/#organization\",\"name\":\"MalagaCar.com\",\"url\":\"https:\\\/\\\/www.malagacar.com\\\/fr\\\/blog\\\/\",\"logo\":{\"@type\":\"ImageObject\",\"inLanguage\":\"fr-FR\",\"@id\":\"https:\\\/\\\/www.malagacar.com\\\/fr\\\/blog\\\/#\\\/schema\\\/logo\\\/image\\\/\",\"url\":\"https:\\\/\\\/www.malagacar.com\\\/fr\\\/blog\\\/wp-content\\\/uploads\\\/2021\\\/06\\\/logo-malagacar-social.png\",\"contentUrl\":\"https:\\\/\\\/www.malagacar.com\\\/fr\\\/blog\\\/wp-content\\\/uploads\\\/2021\\\/06\\\/logo-malagacar-social.png\",\"width\":900,\"height\":900,\"caption\":\"MalagaCar.com\"},\"image\":{\"@id\":\"https:\\\/\\\/www.malagacar.com\\\/fr\\\/blog\\\/#\\\/schema\\\/logo\\\/image\\\/\"},\"sameAs\":[\"https:\\\/\\\/www.facebook.com\\\/malagacar\",\"https:\\\/\\\/x.com\\\/malagacarcom\",\"https:\\\/\\\/www.instagram.com\\\/malagacar\\\/\",\"https:\\\/\\\/www.linkedin.com\\\/company\\\/malagacar.com\",\"https:\\\/\\\/www.youtube.com\\\/c\\\/MalagacarAirport\"]},{\"@type\":\"Person\",\"@id\":\"https:\\\/\\\/www.malagacar.com\\\/fr\\\/blog\\\/#\\\/schema\\\/person\\\/ffb97005d02bcc7d0bb59f5409635691\",\"name\":\"MalagaCar.com\",\"image\":{\"@type\":\"ImageObject\",\"inLanguage\":\"fr-FR\",\"@id\":\"https:\\\/\\\/secure.gravatar.com\\\/avatar\\\/296ebc31026e7be05868369e4c596b3239b1582b2fcf8a45de57333e2e82bb82?s=96&d=mm&r=g\",\"url\":\"https:\\\/\\\/secure.gravatar.com\\\/avatar\\\/296ebc31026e7be05868369e4c596b3239b1582b2fcf8a45de57333e2e82bb82?s=96&d=mm&r=g\",\"contentUrl\":\"https:\\\/\\\/secure.gravatar.com\\\/avatar\\\/296ebc31026e7be05868369e4c596b3239b1582b2fcf8a45de57333e2e82bb82?s=96&d=mm&r=g\",\"caption\":\"MalagaCar.com\"},\"sameAs\":[\"https:\\\/\\\/www.malagacar.com\\\/fr\\\/blog\"]}]}<\/script>\n<!-- \/ Yoast SEO plugin. -->","yoast_head_json":{"title":"D\u00e9couvrez Ronda en voiture avec MalagaCar - Blog de MalagaCar.com","description":"Depuis la Costa del Sol, vous pouvez profiter de plusieurs itin\u00e9raires en voiture jusqu'\u00e0 Ronda \u00e0 travers de magnifiques paysage de Malaga","robots":{"index":"index","follow":"follow","max-snippet":"max-snippet:-1","max-image-preview":"max-image-preview:large","max-video-preview":"max-video-preview:-1"},"canonical":"https:\/\/www.malagacar.com\/fr\/blog\/loisirs\/decouvrez-ronda-en-voiture\/","og_locale":"fr_FR","og_type":"article","og_title":"D\u00e9couvrez Ronda en voiture avec MalagaCar - Blog de MalagaCar.com","og_description":"Depuis la Costa del Sol, vous pouvez profiter de plusieurs itin\u00e9raires en voiture jusqu'\u00e0 Ronda \u00e0 travers de magnifiques paysage de Malaga","og_url":"https:\/\/www.malagacar.com\/fr\/blog\/loisirs\/decouvrez-ronda-en-voiture\/","og_site_name":"Blog de MalagaCar.com","article_publisher":"https:\/\/www.facebook.com\/malagacar","article_published_time":"2022-01-17T14:40:20+00:00","article_modified_time":"2023-11-06T14:47:05+00:00","og_image":[{"width":950,"height":516,"url":"https:\/\/www.malagacar.com\/fr\/blog\/wp-content\/uploads\/2023\/11\/ronda-fr.jpg","type":"image\/jpeg"}],"author":"MalagaCar.com","twitter_card":"summary_large_image","twitter_creator":"@malagacarcom","twitter_site":"@malagacarcom","twitter_misc":{"\u00c9crit par":"MalagaCar.com","Dur\u00e9e de lecture estim\u00e9e":"11 minutes"},"schema":{"@context":"https:\/\/schema.org","@graph":[{"@type":"Article","@id":"https:\/\/www.malagacar.com\/fr\/blog\/loisirs\/decouvrez-ronda-en-voiture\/#article","isPartOf":{"@id":"https:\/\/www.malagacar.com\/fr\/blog\/loisirs\/decouvrez-ronda-en-voiture\/"},"author":{"name":"MalagaCar.com","@id":"https:\/\/www.malagacar.com\/fr\/blog\/#\/schema\/person\/ffb97005d02bcc7d0bb59f5409635691"},"headline":"D\u00e9couvrez Ronda en voiture avec MalagaCar","datePublished":"2022-01-17T14:40:20+00:00","dateModified":"2023-11-06T14:47:05+00:00","mainEntityOfPage":{"@id":"https:\/\/www.malagacar.com\/fr\/blog\/loisirs\/decouvrez-ronda-en-voiture\/"},"wordCount":1705,"commentCount":0,"publisher":{"@id":"https:\/\/www.malagacar.com\/fr\/blog\/#organization"},"image":{"@id":"https:\/\/www.malagacar.com\/fr\/blog\/loisirs\/decouvrez-ronda-en-voiture\/#primaryimage"},"thumbnailUrl":"https:\/\/www.malagacar.com\/fr\/blog\/wp-content\/uploads\/2023\/11\/ronda-fr.jpg","articleSection":["Loisirs"],"inLanguage":"fr-FR","potentialAction":[{"@type":"CommentAction","name":"Comment","target":["https:\/\/www.malagacar.com\/fr\/blog\/loisirs\/decouvrez-ronda-en-voiture\/#respond"]}]},{"@type":"WebPage","@id":"https:\/\/www.malagacar.com\/fr\/blog\/loisirs\/decouvrez-ronda-en-voiture\/","url":"https:\/\/www.malagacar.com\/fr\/blog\/loisirs\/decouvrez-ronda-en-voiture\/","name":"D\u00e9couvrez Ronda en voiture avec MalagaCar - Blog de MalagaCar.com","isPartOf":{"@id":"https:\/\/www.malagacar.com\/fr\/blog\/#website"},"primaryImageOfPage":{"@id":"https:\/\/www.malagacar.com\/fr\/blog\/loisirs\/decouvrez-ronda-en-voiture\/#primaryimage"},"image":{"@id":"https:\/\/www.malagacar.com\/fr\/blog\/loisirs\/decouvrez-ronda-en-voiture\/#primaryimage"},"thumbnailUrl":"https:\/\/www.malagacar.com\/fr\/blog\/wp-content\/uploads\/2023\/11\/ronda-fr.jpg","datePublished":"2022-01-17T14:40:20+00:00","dateModified":"2023-11-06T14:47:05+00:00","description":"Depuis la Costa del Sol, vous pouvez profiter de plusieurs itin\u00e9raires en voiture jusqu'\u00e0 Ronda \u00e0 travers de magnifiques paysage de Malaga","breadcrumb":{"@id":"https:\/\/www.malagacar.com\/fr\/blog\/loisirs\/decouvrez-ronda-en-voiture\/#breadcrumb"},"inLanguage":"fr-FR","potentialAction":[{"@type":"ReadAction","target":["https:\/\/www.malagacar.com\/fr\/blog\/loisirs\/decouvrez-ronda-en-voiture\/"]}]},{"@type":"ImageObject","inLanguage":"fr-FR","@id":"https:\/\/www.malagacar.com\/fr\/blog\/loisirs\/decouvrez-ronda-en-voiture\/#primaryimage","url":"https:\/\/www.malagacar.com\/fr\/blog\/wp-content\/uploads\/2023\/11\/ronda-fr.jpg","contentUrl":"https:\/\/www.malagacar.com\/fr\/blog\/wp-content\/uploads\/2023\/11\/ronda-fr.jpg","width":950,"height":516,"caption":"Ronda en voiture"},{"@type":"BreadcrumbList","@id":"https:\/\/www.malagacar.com\/fr\/blog\/loisirs\/decouvrez-ronda-en-voiture\/#breadcrumb","itemListElement":[{"@type":"ListItem","position":1,"name":"Accueil","item":"https:\/\/www.malagacar.com\/fr\/blog\/"},{"@type":"ListItem","position":2,"name":"D\u00e9couvrez Ronda en voiture avec MalagaCar"}]},{"@type":"WebSite","@id":"https:\/\/www.malagacar.com\/fr\/blog\/#website","url":"https:\/\/www.malagacar.com\/fr\/blog\/","name":"Blog de MalagaCar.com","description":"Nouvelles et informations int\u00e9ressantes sur la location de voitures \u00e0 l&#039;a\u00e9roport de Malaga.","publisher":{"@id":"https:\/\/www.malagacar.com\/fr\/blog\/#organization"},"potentialAction":[{"@type":"SearchAction","target":{"@type":"EntryPoint","urlTemplate":"https:\/\/www.malagacar.com\/fr\/blog\/?s={search_term_string}"},"query-input":{"@type":"PropertyValueSpecification","valueRequired":true,"valueName":"search_term_string"}}],"inLanguage":"fr-FR"},{"@type":"Organization","@id":"https:\/\/www.malagacar.com\/fr\/blog\/#organization","name":"MalagaCar.com","url":"https:\/\/www.malagacar.com\/fr\/blog\/","logo":{"@type":"ImageObject","inLanguage":"fr-FR","@id":"https:\/\/www.malagacar.com\/fr\/blog\/#\/schema\/logo\/image\/","url":"https:\/\/www.malagacar.com\/fr\/blog\/wp-content\/uploads\/2021\/06\/logo-malagacar-social.png","contentUrl":"https:\/\/www.malagacar.com\/fr\/blog\/wp-content\/uploads\/2021\/06\/logo-malagacar-social.png","width":900,"height":900,"caption":"MalagaCar.com"},"image":{"@id":"https:\/\/www.malagacar.com\/fr\/blog\/#\/schema\/logo\/image\/"},"sameAs":["https:\/\/www.facebook.com\/malagacar","https:\/\/x.com\/malagacarcom","https:\/\/www.instagram.com\/malagacar\/","https:\/\/www.linkedin.com\/company\/malagacar.com","https:\/\/www.youtube.com\/c\/MalagacarAirport"]},{"@type":"Person","@id":"https:\/\/www.malagacar.com\/fr\/blog\/#\/schema\/person\/ffb97005d02bcc7d0bb59f5409635691","name":"MalagaCar.com","image":{"@type":"ImageObject","inLanguage":"fr-FR","@id":"https:\/\/secure.gravatar.com\/avatar\/296ebc31026e7be05868369e4c596b3239b1582b2fcf8a45de57333e2e82bb82?s=96&d=mm&r=g","url":"https:\/\/secure.gravatar.com\/avatar\/296ebc31026e7be05868369e4c596b3239b1582b2fcf8a45de57333e2e82bb82?s=96&d=mm&r=g","contentUrl":"https:\/\/secure.gravatar.com\/avatar\/296ebc31026e7be05868369e4c596b3239b1582b2fcf8a45de57333e2e82bb82?s=96&d=mm&r=g","caption":"MalagaCar.com"},"sameAs":["https:\/\/www.malagacar.com\/fr\/blog"]}]}},"_links":{"self":[{"href":"https:\/\/www.malagacar.com\/fr\/blog\/wp-json\/wp\/v2\/posts\/782","targetHints":{"allow":["GET"]}}],"collection":[{"href":"https:\/\/www.malagacar.com\/fr\/blog\/wp-json\/wp\/v2\/posts"}],"about":[{"href":"https:\/\/www.malagacar.com\/fr\/blog\/wp-json\/wp\/v2\/types\/post"}],"author":[{"embeddable":true,"href":"https:\/\/www.malagacar.com\/fr\/blog\/wp-json\/wp\/v2\/users\/1"}],"replies":[{"embeddable":true,"href":"https:\/\/www.malagacar.com\/fr\/blog\/wp-json\/wp\/v2\/comments?post=782"}],"version-history":[{"count":4,"href":"https:\/\/www.malagacar.com\/fr\/blog\/wp-json\/wp\/v2\/posts\/782\/revisions"}],"predecessor-version":[{"id":787,"href":"https:\/\/www.malagacar.com\/fr\/blog\/wp-json\/wp\/v2\/posts\/782\/revisions\/787"}],"wp:featuredmedia":[{"embeddable":true,"href":"https:\/\/www.malagacar.com\/fr\/blog\/wp-json\/wp\/v2\/media\/783"}],"wp:attachment":[{"href":"https:\/\/www.malagacar.com\/fr\/blog\/wp-json\/wp\/v2\/media?parent=782"}],"wp:term":[{"taxonomy":"category","embeddable":true,"href":"https:\/\/www.malagacar.com\/fr\/blog\/wp-json\/wp\/v2\/categories?post=782"},{"taxonomy":"post_tag","embeddable":true,"href":"https:\/\/www.malagacar.com\/fr\/blog\/wp-json\/wp\/v2\/tags?post=782"}],"curies":[{"name":"wp","href":"https:\/\/api.w.org\/{rel}","templated":true}]}}