{"id":788,"date":"2021-02-17T16:31:39","date_gmt":"2021-02-17T15:31:39","guid":{"rendered":"https:\/\/www.malagacar.com\/fr\/blog\/?p=788"},"modified":"2023-11-07T09:21:37","modified_gmt":"2023-11-07T08:21:37","slug":"parc-national-sierra-de-las-nieves","status":"publish","type":"post","link":"https:\/\/www.malagacar.com\/fr\/blog\/loisirs\/parc-national-sierra-de-las-nieves\/","title":{"rendered":"Parc national de la Sierra de las Nieves de Malaga"},"content":{"rendered":"<p>Les amateurs de nature, de tourisme vert et de randonn\u00e9e vont adorer cette nouvelle : La magnifique Sierra de las Nieves de M\u00e1laga est devenue un Parc National.<\/p>\n<p>Il s&rsquo;agit du troisi\u00e8me Parc National en Andalousie, le premier de la province de M\u00e1laga, car les deux autres se trouvent dans les provinces de Grenade (Parc National de Sierra Nevada) et de Huelva (Parc National de Do\u00f1ana).<\/p>\n<p><!--more--><\/p>\n<p>Actuellement, il y a quinze parcs nationaux en Espagne : dix sur la p\u00e9ninsule ib\u00e9rique, quatre aux Canaries et un aux Bal\u00e9ares. La Sierra de las Nieves contribuera \u00e0 cette richesse prot\u00e9g\u00e9e avec de vastes for\u00eats de pinsapos, repr\u00e9sentant 65% de la surface de pinsapar espagnol, ainsi que des paysages rocheux singuliers de p\u00e9ridotites, tr\u00e8s rares dans le monde, et une flore tout aussi singuli\u00e8re et rare. Sa diversit\u00e9 d&rsquo;habitats abrite de grands rapaces tels que l&rsquo;aigle royal.<\/p>\n\n            <div class=\"banner\">\n                <div class=\"row\">\n                    <div class=\"col-sm-4\">\n                        <a href=\"\/fr\/location-de-voitures\/quote.php\" data-wpel-link=\"internal\"><img decoding=\"async\" src=\"\/images\/banner-img.jpg\" alt=\"malagacar.com\"><\/a>\n                    <\/div>\n                    <div class=\"col-sm-8\">\n                      <a href=\"\/fr\/location-de-voitures\/quote.php\" class=\"banner-title\" data-wpel-link=\"internal\">Meilleure location de voitures <div>\u00e0 l'a\u00e9roport de Malaga<\/div><\/a>   \n                        <div class=\"row\">\n                            <div class=\"col-sm-7\">\n                                <ul>\n                                    <li>Pas de frais de ravitaillement<\/li>\n                                    <li>Annulation gratuite<\/li>\n                                    <li>Location sans interm\u00e9diaire<\/li>\n                                    <li>Payez lorsque vous prenez la voiture<\/li>\n                                    <li><\/li>\n                                <\/ul>\n                            <\/div>\n                            <div class=\"col-sm-5\">\n                                <a class=\"btn-banner\" href=\"\/fr\/location-de-voitures\/quote.php\" data-wpel-link=\"internal\">Consultez les prix<\/a>\n                                <img decoding=\"async\" class=\"zonturent\" src=\"\/images\/zontu-banner.png\" alt=\"\">\n                            <\/div>\n                        <\/div>\n                    <\/div>\n                 <\/div>  \n            <\/div>\n            \n<div id=\"ez-toc-container\" class=\"ez-toc-v2_0_87 counter-hierarchy ez-toc-counter ez-toc-light-blue ez-toc-container-direction\">\n<p class=\"ez-toc-title\" style=\"cursor:inherit\">Table des mati\u00e8res<\/p>\n<label for=\"ez-toc-cssicon-toggle-item-6a9a2dcedbab0\" class=\"ez-toc-cssicon-toggle-label\"><span class=\"\"><span class=\"eztoc-hide\" style=\"display:none;\">Toggle<\/span><span class=\"ez-toc-icon-toggle-span\"><svg style=\"fill: #999;color:#999\" xmlns=\"http:\/\/www.w3.org\/2000\/svg\" class=\"list-377408\" width=\"20px\" height=\"20px\" viewBox=\"0 0 24 24\" fill=\"none\"><path d=\"M6 6H4v2h2V6zm14 0H8v2h12V6zM4 11h2v2H4v-2zm16 0H8v2h12v-2zM4 16h2v2H4v-2zm16 0H8v2h12v-2z\" fill=\"currentColor\"><\/path><\/svg><svg style=\"fill: #999;color:#999\" class=\"arrow-unsorted-368013\" xmlns=\"http:\/\/www.w3.org\/2000\/svg\" width=\"10px\" height=\"10px\" viewBox=\"0 0 24 24\" version=\"1.2\" baseProfile=\"tiny\"><path d=\"M18.2 9.3l-6.2-6.3-6.2 6.3c-.2.2-.3.4-.3.7s.1.5.3.7c.2.2.4.3.7.3h11c.3 0 .5-.1.7-.3.2-.2.3-.5.3-.7s-.1-.5-.3-.7zM5.8 14.7l6.2 6.3 6.2-6.3c.2-.2.3-.5.3-.7s-.1-.5-.3-.7c-.2-.2-.4-.3-.7-.3h-11c-.3 0-.5.1-.7.3-.2.2-.3.5-.3.7s.1.5.3.7z\"\/><\/svg><\/span><\/span><\/label><input type=\"checkbox\"  id=\"ez-toc-cssicon-toggle-item-6a9a2dcedbab0\"  aria-label=\"Toggle\" \/><nav><ul class='ez-toc-list ez-toc-list-level-1 ' ><li class='ez-toc-page-1 ez-toc-heading-level-2'><a class=\"ez-toc-link ez-toc-heading-1\" href=\"https:\/\/www.malagacar.com\/fr\/blog\/loisirs\/parc-national-sierra-de-las-nieves\/#Quelle_est_la_difference_entre_un_Parc_Naturel_une_Reserve_de_Biosphere_et_un_Parc_National\" data-wpel-link=\"internal\">Quelle est la diff\u00e9rence entre un Parc Naturel, une R\u00e9serve de Biosph\u00e8re et un Parc National ?<\/a><\/li><li class='ez-toc-page-1 ez-toc-heading-level-2'><a class=\"ez-toc-link ez-toc-heading-2\" href=\"https:\/\/www.malagacar.com\/fr\/blog\/loisirs\/parc-national-sierra-de-las-nieves\/#Parc_National_de_la_Sierra_de_las_Nieves\" data-wpel-link=\"internal\">Parc National de la Sierra de las Nieves<\/a><ul class='ez-toc-list-level-3' ><li class='ez-toc-heading-level-3'><a class=\"ez-toc-link ez-toc-heading-3\" href=\"https:\/\/www.malagacar.com\/fr\/blog\/loisirs\/parc-national-sierra-de-las-nieves\/#Speleologie\" data-wpel-link=\"internal\">Sp\u00e9l\u00e9ologie<\/a><\/li><li class='ez-toc-page-1 ez-toc-heading-level-3'><a class=\"ez-toc-link ez-toc-heading-4\" href=\"https:\/\/www.malagacar.com\/fr\/blog\/loisirs\/parc-national-sierra-de-las-nieves\/#Observation_doiseaux\" data-wpel-link=\"internal\">Observation d&rsquo;oiseaux<\/a><\/li><li class='ez-toc-page-1 ez-toc-heading-level-3'><a class=\"ez-toc-link ez-toc-heading-5\" href=\"https:\/\/www.malagacar.com\/fr\/blog\/loisirs\/parc-national-sierra-de-las-nieves\/#Tourisme_vert_et_Randonnee\" data-wpel-link=\"internal\">Tourisme vert et Randonn\u00e9e<\/a><\/li><\/ul><\/li><li class='ez-toc-page-1 ez-toc-heading-level-2'><a class=\"ez-toc-link ez-toc-heading-6\" href=\"https:\/\/www.malagacar.com\/fr\/blog\/loisirs\/parc-national-sierra-de-las-nieves\/#Municipalites_de_la_Sierra_de_las_Nieves\" data-wpel-link=\"internal\">Municipalit\u00e9s de la Sierra de las Nieves<\/a><\/li><li class='ez-toc-page-1 ez-toc-heading-level-2'><a class=\"ez-toc-link ez-toc-heading-7\" href=\"https:\/\/www.malagacar.com\/fr\/blog\/loisirs\/parc-national-sierra-de-las-nieves\/#Comment_se_rendre_au_Parc_National_de_la_Sierra_de_las_Nieves\" data-wpel-link=\"internal\">Comment se rendre au Parc National de la Sierra de las Nieves<\/a><\/li><\/ul><\/nav><\/div>\n<h2><span class=\"ez-toc-section\" id=\"Quelle_est_la_difference_entre_un_Parc_Naturel_une_Reserve_de_Biosphere_et_un_Parc_National\"><\/span>Quelle est la diff\u00e9rence entre un Parc Naturel, une R\u00e9serve de Biosph\u00e8re et un Parc National ?<span class=\"ez-toc-section-end\"><\/span><\/h2>\n<p>Fondamentalement, il s&rsquo;agit du niveau de protection et de conservation de l&rsquo;\u00e9cosyst\u00e8me. La Sierra de las Nieves b\u00e9n\u00e9ficie depuis des ann\u00e9es d&rsquo;une protection environnementale depuis qu&rsquo;elle a \u00e9t\u00e9 d\u00e9sign\u00e9e Parc Naturel en 1989, ainsi que R\u00e9serve Mondiale de la Biosph\u00e8re par l&rsquo;Unesco. Alors, pourquoi est-ce si important que ce soit d\u00e9clar\u00e9 Parc National ?<\/p>\n<p>Nous \u00e9levons ce Parc Naturel au statut de Parc National. En effet, ce magnifique site d\u2019une valeur immense b\u00e9n\u00e9ficiera bient\u00f4t d\u2019une protection maximale. Cela est particuli\u00e8rement important contre de nouveaux projets urbanistiques, car les terres seront class\u00e9es comme non urbanisables et prot\u00e9g\u00e9es. De plus, la chasse, la p\u00eache, le rejet de d\u00e9chets, l\u2019abattage \u00e0 des fins commerciales et l\u2019extraction mini\u00e8re seront \u00e9galement interdits.<\/p>\n<p>De plus, nous allouerons des subventions sp\u00e9cifiques pour la conservation du parc et l\u2019entretien des itin\u00e9raires et sentiers.<\/p>\n<h2><span class=\"ez-toc-section\" id=\"Parc_National_de_la_Sierra_de_las_Nieves\"><\/span>Parc National de la Sierra de las Nieves<span class=\"ez-toc-section-end\"><\/span><\/h2>\n<p>La Sierra de las Nieves est la partie la plus \u00e9lev\u00e9e de la Serran\u00eda de Ronda, avec les montagnes les plus \u00e9lev\u00e9es de l&rsquo;ouest de l&rsquo;Andalousie, dont le pic Torrecilla culmine \u00e0 1 919 m\u00e8tres au-dessus du niveau de la mer, o\u00f9 il neige souvent en hiver, d&rsquo;o\u00f9 son nom.<\/p>\n<p>Autrefois, sur les sommets, les congeladores creusaient des puits pour conserver la neige pendant l&rsquo;hiver, puis la distribuaient dans les villages pendant l&rsquo;\u00e9t\u00e9.<\/p>\n<figure id=\"attachment_8565\" aria-describedby=\"caption-attachment-8565\" style=\"width: 619px\" class=\"wp-caption aligncenter\"><img loading=\"lazy\" decoding=\"async\" class=\" wp-image-8565\" src=\"https:\/\/www.malagacar.com\/sp\/blog\/wp-content\/uploads\/2021\/02\/nieve.jpg\" alt=\"\" width=\"619\" height=\"464\" \/><figcaption id=\"caption-attachment-8565\" class=\"wp-caption-text\">Les sommets enneig\u00e9s en hiver<\/figcaption><\/figure>\n<p>Le Parc National de la Sierra de las Nieves s&rsquo;\u00e9tend sur un total de 23 000 hectares le long des municipalit\u00e9s de Benahav\u00eds, El Burgo, Ist\u00e1n, Monda, Parauta, Ronda, Tolox et Yunquera.<\/p>\n<h3><span class=\"ez-toc-section\" id=\"Speleologie\"><\/span>Sp\u00e9l\u00e9ologie<span class=\"ez-toc-section-end\"><\/span><\/h3>\n<p>Le Parc National compte \u00e9galement les grottes les plus profondes de la r\u00e9gion, comme la Sima GESM (1 101 m de profondeur), la Sima del Aire (-753 m), la Sima del Nevero (-772 m) ou la Sima Prest\u00e1, toutes situ\u00e9es \u00e0 Tolox et connect\u00e9es entre elles, un attrait majeur pour les sp\u00e9l\u00e9ologues nationaux et internationaux.<\/p>\n<h3><span class=\"ez-toc-section\" id=\"Observation_doiseaux\"><\/span>Observation d&rsquo;oiseaux<span class=\"ez-toc-section-end\"><\/span><\/h3>\n<p>Les amateurs d&rsquo;observation d&rsquo;oiseaux trouveront dans cette montagne un petit paradis. Le relief et sa position sur la route migratoire entre l&rsquo;Europe et l&rsquo;Afrique permettent d&rsquo;observer environ 120 esp\u00e8ces qui traversent cet espace naturel.<\/p>\n<h3><span class=\"ez-toc-section\" id=\"Tourisme_vert_et_Randonnee\"><\/span>Tourisme vert et Randonn\u00e9e<span class=\"ez-toc-section-end\"><\/span><\/h3>\n<p>Le Parc National de la Sierra de las Nieves propose un large r\u00e9seau de chemins et sentiers.<br \/>\nQuejigales &#8211; Torrecilla et P\u00ba Saucillo &#8211; Torrecilla sont les itin\u00e9raires les plus connus. En effet, ils conduisent au point culminant de l\u2019ouest de l\u2019Andalousie. Par cons\u00e9quent, nous conseillons d\u2019avoir une forme physique minimale pour cette ascension.<\/p>\n<p>Un autre sentier tr\u00e8s fr\u00e9quent\u00e9 est le Mirador Ceballos &#8211; Tajo de la Ca\u00edna, o\u00f9 nous p\u00e9n\u00e9trerons dans le pinsapar de Cauc\u00f3n, tout en admirant les paysages impressionnants depuis le Tajo de la Ca\u00edna.<\/p>\n<figure id=\"attachment_8566\" aria-describedby=\"caption-attachment-8566\" style=\"width: 600px\" class=\"wp-caption aligncenter\"><img loading=\"lazy\" decoding=\"async\" class=\"wp-image-8566\" src=\"https:\/\/www.malagacar.com\/sp\/blog\/wp-content\/uploads\/2021\/02\/mirador-luis-ceballos-nevasport.jpg\" alt=\"\" width=\"600\" height=\"450\" \/><figcaption id=\"caption-attachment-8566\" class=\"wp-caption-text\">Photo Nevasport<\/figcaption><\/figure>\n<p><strong>Notre conseil<\/strong> : Il est tr\u00e8s important de prendre suffisamment d&rsquo;eau lors de vos randonn\u00e9es car il y a peu de points d&rsquo;eau dans la r\u00e9gion.<\/p>\n<p><strong>Comment arriver au Mirador<\/strong> : <a href=\"https:\/\/goo.gl\/maps\/xrqQHbs4ctFMuUNu6\" data-wpel-link=\"external\" rel=\"external noopener noreferrer\">https:\/\/goo.gl\/maps\/xrqQHbs4ctFMuUNu6<\/a><\/p>\n<p>Il y a un dispositif de contr\u00f4le pour \u00e9viter les foules et les incidents dans la Sierra de las Nieves. En p\u00e9riode de f\u00eates, en \u00e9t\u00e9 et surtout en hiver avec la pr\u00e9sence de neige, on enregistre une augmentation notable de la fr\u00e9quentation de cet environnement.<\/p>\n<h2><span class=\"ez-toc-section\" id=\"Municipalites_de_la_Sierra_de_las_Nieves\"><\/span>Municipalit\u00e9s de la Sierra de las Nieves<span class=\"ez-toc-section-end\"><\/span><\/h2>\n<p>La r\u00e9gion de la Sierra de las Nieves est limitrophe au sud de la Costa del Sol Occidental, \u00e0 l&rsquo;est de la Vall\u00e9e du Guadalhorce, \u00e0 l&rsquo;ouest de la Serran\u00eda de Ronda et au nord de la r\u00e9gion de Guadalteba.<\/p>\n<p>Dans la R\u00e9serve de la Sierra de las Nieves se trouvent douze villages qui conservent encore la physionomie de leur pass\u00e9 arabe : Alozaina, Casarabonela, Tolox, El Burgo, Yunquera, Monda, Guaro, Ist\u00e1n, Oj\u00e9n, Serrato, Ronda et Parauta.<\/p>\n<p><a href=\"https:\/\/www.facebook.com\/SierradelasNieves.RB\/videos\/751918129070260\/\" data-wpel-link=\"external\" rel=\"external noopener noreferrer\"><strong>https:\/\/www.facebook.com\/SierradelasNieves.RB\/videos\/751918129070260\/<\/strong><\/a><br \/>\n<a href=\"https:\/\/www.facebook.com\/SierradelasNieves.RB\/\" data-wpel-link=\"external\" rel=\"external noopener noreferrer\"><strong>https:\/\/www.facebook.com\/SierradelasNieves.RB\/<\/strong><\/a><br \/>\n<a href=\"https:\/\/www.sierradelasnieves.es\/\" data-wpel-link=\"external\" rel=\"external noopener noreferrer\"><strong>https:\/\/www.sierradelasnieves.es\/<\/strong><\/a><\/p>\n<h2><span class=\"ez-toc-section\" id=\"Comment_se_rendre_au_Parc_National_de_la_Sierra_de_las_Nieves\"><\/span>Comment se rendre au Parc National de la Sierra de las Nieves<span class=\"ez-toc-section-end\"><\/span><\/h2>\n<p>Il y a deux acc\u00e8s principaux qui m\u00e8nent au c\u0153ur du parc : l&rsquo;un depuis la route de Ronda \u00e0 San Pedro de Alc\u00e1ntara, par une piste foresti\u00e8re menant \u00e0 la zone de loisirs Los Quejigales, et l&rsquo;autre depuis Yunquera par une piste foresti\u00e8re qui m\u00e8ne aux Miradors de P\u00ba Saucillo et Cauc\u00f3n ou Luis Ceballos. Il existe \u00e9galement des acc\u00e8s par les villages de Tolox, Ist\u00e1n et El Burgo.<\/p>\n<p><img loading=\"lazy\" decoding=\"async\" class=\"aligncenter wp-image-8567\" src=\"https:\/\/www.malagacar.com\/sp\/blog\/wp-content\/uploads\/2021\/02\/tolox-senderosesotericos.jpg\" alt=\"\" width=\"619\" height=\"464\" \/><\/p>\n<p><em>Comment s&rsquo;y rendre<\/em> : <a href=\"https:\/\/goo.gl\/maps\/d9wuTvJZWZWF86Xr7\" data-wpel-link=\"external\" rel=\"external noopener noreferrer\">https:\/\/goo.gl\/maps\/d9wuTvJZWZWF86Xr7<\/a> et<\/p>\n<p><a href=\"https:\/\/goo.gl\/maps\/WuZmNc2UUwQE5mh88\" data-wpel-link=\"external\" rel=\"external noopener noreferrer\">https:\/\/goo.gl\/maps\/WuZmNc2UUwQE5mh88<\/a><\/p>\n","protected":false},"excerpt":{"rendered":"<p>Les amateurs de nature, de tourisme vert et de randonn\u00e9e vont adorer cette nouvelle : La magnifique Sierra de las Nieves de M\u00e1laga est devenue un Parc National. Il s&rsquo;agit du troisi\u00e8me Parc National en Andalousie, le premier de la province de M\u00e1laga, car les deux autres se trouvent dans les provinces de Grenade (Parc [&hellip;]<\/p>\n","protected":false},"author":1,"featured_media":789,"comment_status":"open","ping_status":"open","sticky":false,"template":"","format":"standard","meta":{"footnotes":""},"categories":[2],"tags":[],"class_list":["post-788","post","type-post","status-publish","format-standard","has-post-thumbnail","hentry","category-loisirs"],"yoast_head":"<!-- This site is optimized with the Yoast SEO plugin v28.4 - https:\/\/yoast.com\/product\/yoast-seo-wordpress\/ -->\n<title>Parc national de la Sierra de las Nieves de Malaga - Blog de MalagaCar.com<\/title>\n<meta name=\"description\" content=\"Le Parc national de la Sierra de las Nieves de M\u00e1laga est un espace d&#039;une valeur paysag\u00e8re exceptionnelle prot\u00e9g\u00e9, abritant une faune et une flore uniques.\" \/>\n<meta name=\"robots\" content=\"index, follow, max-snippet:-1, max-image-preview:large, max-video-preview:-1\" \/>\n<link rel=\"canonical\" href=\"https:\/\/www.malagacar.com\/fr\/blog\/loisirs\/parc-national-sierra-de-las-nieves\/\" \/>\n<meta property=\"og:locale\" content=\"fr_FR\" \/>\n<meta property=\"og:type\" content=\"article\" \/>\n<meta property=\"og:title\" content=\"Parc national de la Sierra de las Nieves de Malaga - Blog de MalagaCar.com\" \/>\n<meta property=\"og:description\" content=\"Le Parc national de la Sierra de las Nieves de M\u00e1laga est un espace d&#039;une valeur paysag\u00e8re exceptionnelle prot\u00e9g\u00e9, abritant une faune et une flore uniques.\" \/>\n<meta property=\"og:url\" content=\"https:\/\/www.malagacar.com\/fr\/blog\/loisirs\/parc-national-sierra-de-las-nieves\/\" \/>\n<meta property=\"og:site_name\" content=\"Blog de MalagaCar.com\" \/>\n<meta property=\"article:publisher\" content=\"https:\/\/www.facebook.com\/malagacar\" \/>\n<meta property=\"article:published_time\" content=\"2021-02-17T15:31:39+00:00\" \/>\n<meta property=\"article:modified_time\" content=\"2023-11-07T08:21:37+00:00\" \/>\n<meta property=\"og:image\" content=\"https:\/\/www.malagacar.com\/fr\/blog\/wp-content\/uploads\/2023\/11\/parc-nationa-sierra-de-las-nieves.jpg\" \/>\n\t<meta property=\"og:image:width\" content=\"1200\" \/>\n\t<meta property=\"og:image:height\" content=\"799\" \/>\n\t<meta property=\"og:image:type\" content=\"image\/jpeg\" \/>\n<meta name=\"author\" content=\"MalagaCar.com\" \/>\n<meta name=\"twitter:card\" content=\"summary_large_image\" \/>\n<meta name=\"twitter:creator\" content=\"@malagacarcom\" \/>\n<meta name=\"twitter:site\" content=\"@malagacarcom\" \/>\n<meta name=\"twitter:label1\" content=\"\u00c9crit par\" \/>\n\t<meta name=\"twitter:data1\" content=\"MalagaCar.com\" \/>\n\t<meta name=\"twitter:label2\" content=\"Dur\u00e9e de lecture estim\u00e9e\" \/>\n\t<meta name=\"twitter:data2\" content=\"5 minutes\" \/>\n<script type=\"application\/ld+json\" class=\"yoast-schema-graph\">{\"@context\":\"https:\\\/\\\/schema.org\",\"@graph\":[{\"@type\":\"Article\",\"@id\":\"https:\\\/\\\/www.malagacar.com\\\/fr\\\/blog\\\/loisirs\\\/parc-national-sierra-de-las-nieves\\\/#article\",\"isPartOf\":{\"@id\":\"https:\\\/\\\/www.malagacar.com\\\/fr\\\/blog\\\/loisirs\\\/parc-national-sierra-de-las-nieves\\\/\"},\"author\":{\"name\":\"MalagaCar.com\",\"@id\":\"https:\\\/\\\/www.malagacar.com\\\/fr\\\/blog\\\/#\\\/schema\\\/person\\\/ffb97005d02bcc7d0bb59f5409635691\"},\"headline\":\"Parc national de la Sierra de las Nieves de Malaga\",\"datePublished\":\"2021-02-17T15:31:39+00:00\",\"dateModified\":\"2023-11-07T08:21:37+00:00\",\"mainEntityOfPage\":{\"@id\":\"https:\\\/\\\/www.malagacar.com\\\/fr\\\/blog\\\/loisirs\\\/parc-national-sierra-de-las-nieves\\\/\"},\"wordCount\":987,\"commentCount\":0,\"publisher\":{\"@id\":\"https:\\\/\\\/www.malagacar.com\\\/fr\\\/blog\\\/#organization\"},\"image\":{\"@id\":\"https:\\\/\\\/www.malagacar.com\\\/fr\\\/blog\\\/loisirs\\\/parc-national-sierra-de-las-nieves\\\/#primaryimage\"},\"thumbnailUrl\":\"https:\\\/\\\/www.malagacar.com\\\/fr\\\/blog\\\/wp-content\\\/uploads\\\/2023\\\/11\\\/parc-nationa-sierra-de-las-nieves.jpg\",\"articleSection\":[\"Loisirs\"],\"inLanguage\":\"fr-FR\",\"potentialAction\":[{\"@type\":\"CommentAction\",\"name\":\"Comment\",\"target\":[\"https:\\\/\\\/www.malagacar.com\\\/fr\\\/blog\\\/loisirs\\\/parc-national-sierra-de-las-nieves\\\/#respond\"]}]},{\"@type\":\"WebPage\",\"@id\":\"https:\\\/\\\/www.malagacar.com\\\/fr\\\/blog\\\/loisirs\\\/parc-national-sierra-de-las-nieves\\\/\",\"url\":\"https:\\\/\\\/www.malagacar.com\\\/fr\\\/blog\\\/loisirs\\\/parc-national-sierra-de-las-nieves\\\/\",\"name\":\"Parc national de la Sierra de las Nieves de Malaga - Blog de MalagaCar.com\",\"isPartOf\":{\"@id\":\"https:\\\/\\\/www.malagacar.com\\\/fr\\\/blog\\\/#website\"},\"primaryImageOfPage\":{\"@id\":\"https:\\\/\\\/www.malagacar.com\\\/fr\\\/blog\\\/loisirs\\\/parc-national-sierra-de-las-nieves\\\/#primaryimage\"},\"image\":{\"@id\":\"https:\\\/\\\/www.malagacar.com\\\/fr\\\/blog\\\/loisirs\\\/parc-national-sierra-de-las-nieves\\\/#primaryimage\"},\"thumbnailUrl\":\"https:\\\/\\\/www.malagacar.com\\\/fr\\\/blog\\\/wp-content\\\/uploads\\\/2023\\\/11\\\/parc-nationa-sierra-de-las-nieves.jpg\",\"datePublished\":\"2021-02-17T15:31:39+00:00\",\"dateModified\":\"2023-11-07T08:21:37+00:00\",\"description\":\"Le Parc national de la Sierra de las Nieves de M\u00e1laga est un espace d'une valeur paysag\u00e8re exceptionnelle prot\u00e9g\u00e9, abritant une faune et une flore uniques.\",\"breadcrumb\":{\"@id\":\"https:\\\/\\\/www.malagacar.com\\\/fr\\\/blog\\\/loisirs\\\/parc-national-sierra-de-las-nieves\\\/#breadcrumb\"},\"inLanguage\":\"fr-FR\",\"potentialAction\":[{\"@type\":\"ReadAction\",\"target\":[\"https:\\\/\\\/www.malagacar.com\\\/fr\\\/blog\\\/loisirs\\\/parc-national-sierra-de-las-nieves\\\/\"]}]},{\"@type\":\"ImageObject\",\"inLanguage\":\"fr-FR\",\"@id\":\"https:\\\/\\\/www.malagacar.com\\\/fr\\\/blog\\\/loisirs\\\/parc-national-sierra-de-las-nieves\\\/#primaryimage\",\"url\":\"https:\\\/\\\/www.malagacar.com\\\/fr\\\/blog\\\/wp-content\\\/uploads\\\/2023\\\/11\\\/parc-nationa-sierra-de-las-nieves.jpg\",\"contentUrl\":\"https:\\\/\\\/www.malagacar.com\\\/fr\\\/blog\\\/wp-content\\\/uploads\\\/2023\\\/11\\\/parc-nationa-sierra-de-las-nieves.jpg\",\"width\":1200,\"height\":799,\"caption\":\"Parc national de la Sierra de las Nieves\"},{\"@type\":\"BreadcrumbList\",\"@id\":\"https:\\\/\\\/www.malagacar.com\\\/fr\\\/blog\\\/loisirs\\\/parc-national-sierra-de-las-nieves\\\/#breadcrumb\",\"itemListElement\":[{\"@type\":\"ListItem\",\"position\":1,\"name\":\"Accueil\",\"item\":\"https:\\\/\\\/www.malagacar.com\\\/fr\\\/blog\\\/\"},{\"@type\":\"ListItem\",\"position\":2,\"name\":\"Parc national de la Sierra de las Nieves de Malaga\"}]},{\"@type\":\"WebSite\",\"@id\":\"https:\\\/\\\/www.malagacar.com\\\/fr\\\/blog\\\/#website\",\"url\":\"https:\\\/\\\/www.malagacar.com\\\/fr\\\/blog\\\/\",\"name\":\"Blog de MalagaCar.com\",\"description\":\"Nouvelles et informations int\u00e9ressantes sur la location de voitures \u00e0 l&#039;a\u00e9roport de Malaga.\",\"publisher\":{\"@id\":\"https:\\\/\\\/www.malagacar.com\\\/fr\\\/blog\\\/#organization\"},\"potentialAction\":[{\"@type\":\"SearchAction\",\"target\":{\"@type\":\"EntryPoint\",\"urlTemplate\":\"https:\\\/\\\/www.malagacar.com\\\/fr\\\/blog\\\/?s={search_term_string}\"},\"query-input\":{\"@type\":\"PropertyValueSpecification\",\"valueRequired\":true,\"valueName\":\"search_term_string\"}}],\"inLanguage\":\"fr-FR\"},{\"@type\":\"Organization\",\"@id\":\"https:\\\/\\\/www.malagacar.com\\\/fr\\\/blog\\\/#organization\",\"name\":\"MalagaCar.com\",\"url\":\"https:\\\/\\\/www.malagacar.com\\\/fr\\\/blog\\\/\",\"logo\":{\"@type\":\"ImageObject\",\"inLanguage\":\"fr-FR\",\"@id\":\"https:\\\/\\\/www.malagacar.com\\\/fr\\\/blog\\\/#\\\/schema\\\/logo\\\/image\\\/\",\"url\":\"https:\\\/\\\/www.malagacar.com\\\/fr\\\/blog\\\/wp-content\\\/uploads\\\/2021\\\/06\\\/logo-malagacar-social.png\",\"contentUrl\":\"https:\\\/\\\/www.malagacar.com\\\/fr\\\/blog\\\/wp-content\\\/uploads\\\/2021\\\/06\\\/logo-malagacar-social.png\",\"width\":900,\"height\":900,\"caption\":\"MalagaCar.com\"},\"image\":{\"@id\":\"https:\\\/\\\/www.malagacar.com\\\/fr\\\/blog\\\/#\\\/schema\\\/logo\\\/image\\\/\"},\"sameAs\":[\"https:\\\/\\\/www.facebook.com\\\/malagacar\",\"https:\\\/\\\/x.com\\\/malagacarcom\",\"https:\\\/\\\/www.instagram.com\\\/malagacar\\\/\",\"https:\\\/\\\/www.linkedin.com\\\/company\\\/malagacar.com\",\"https:\\\/\\\/www.youtube.com\\\/c\\\/MalagacarAirport\"]},{\"@type\":\"Person\",\"@id\":\"https:\\\/\\\/www.malagacar.com\\\/fr\\\/blog\\\/#\\\/schema\\\/person\\\/ffb97005d02bcc7d0bb59f5409635691\",\"name\":\"MalagaCar.com\",\"image\":{\"@type\":\"ImageObject\",\"inLanguage\":\"fr-FR\",\"@id\":\"https:\\\/\\\/secure.gravatar.com\\\/avatar\\\/296ebc31026e7be05868369e4c596b3239b1582b2fcf8a45de57333e2e82bb82?s=96&d=mm&r=g\",\"url\":\"https:\\\/\\\/secure.gravatar.com\\\/avatar\\\/296ebc31026e7be05868369e4c596b3239b1582b2fcf8a45de57333e2e82bb82?s=96&d=mm&r=g\",\"contentUrl\":\"https:\\\/\\\/secure.gravatar.com\\\/avatar\\\/296ebc31026e7be05868369e4c596b3239b1582b2fcf8a45de57333e2e82bb82?s=96&d=mm&r=g\",\"caption\":\"MalagaCar.com\"},\"sameAs\":[\"https:\\\/\\\/www.malagacar.com\\\/fr\\\/blog\"]}]}<\/script>\n<!-- \/ Yoast SEO plugin. -->","yoast_head_json":{"title":"Parc national de la Sierra de las Nieves de Malaga - Blog de MalagaCar.com","description":"Le Parc national de la Sierra de las Nieves de M\u00e1laga est un espace d'une valeur paysag\u00e8re exceptionnelle prot\u00e9g\u00e9, abritant une faune et une flore uniques.","robots":{"index":"index","follow":"follow","max-snippet":"max-snippet:-1","max-image-preview":"max-image-preview:large","max-video-preview":"max-video-preview:-1"},"canonical":"https:\/\/www.malagacar.com\/fr\/blog\/loisirs\/parc-national-sierra-de-las-nieves\/","og_locale":"fr_FR","og_type":"article","og_title":"Parc national de la Sierra de las Nieves de Malaga - Blog de MalagaCar.com","og_description":"Le Parc national de la Sierra de las Nieves de M\u00e1laga est un espace d'une valeur paysag\u00e8re exceptionnelle prot\u00e9g\u00e9, abritant une faune et une flore uniques.","og_url":"https:\/\/www.malagacar.com\/fr\/blog\/loisirs\/parc-national-sierra-de-las-nieves\/","og_site_name":"Blog de MalagaCar.com","article_publisher":"https:\/\/www.facebook.com\/malagacar","article_published_time":"2021-02-17T15:31:39+00:00","article_modified_time":"2023-11-07T08:21:37+00:00","og_image":[{"width":1200,"height":799,"url":"https:\/\/www.malagacar.com\/fr\/blog\/wp-content\/uploads\/2023\/11\/parc-nationa-sierra-de-las-nieves.jpg","type":"image\/jpeg"}],"author":"MalagaCar.com","twitter_card":"summary_large_image","twitter_creator":"@malagacarcom","twitter_site":"@malagacarcom","twitter_misc":{"\u00c9crit par":"MalagaCar.com","Dur\u00e9e de lecture estim\u00e9e":"5 minutes"},"schema":{"@context":"https:\/\/schema.org","@graph":[{"@type":"Article","@id":"https:\/\/www.malagacar.com\/fr\/blog\/loisirs\/parc-national-sierra-de-las-nieves\/#article","isPartOf":{"@id":"https:\/\/www.malagacar.com\/fr\/blog\/loisirs\/parc-national-sierra-de-las-nieves\/"},"author":{"name":"MalagaCar.com","@id":"https:\/\/www.malagacar.com\/fr\/blog\/#\/schema\/person\/ffb97005d02bcc7d0bb59f5409635691"},"headline":"Parc national de la Sierra de las Nieves de Malaga","datePublished":"2021-02-17T15:31:39+00:00","dateModified":"2023-11-07T08:21:37+00:00","mainEntityOfPage":{"@id":"https:\/\/www.malagacar.com\/fr\/blog\/loisirs\/parc-national-sierra-de-las-nieves\/"},"wordCount":987,"commentCount":0,"publisher":{"@id":"https:\/\/www.malagacar.com\/fr\/blog\/#organization"},"image":{"@id":"https:\/\/www.malagacar.com\/fr\/blog\/loisirs\/parc-national-sierra-de-las-nieves\/#primaryimage"},"thumbnailUrl":"https:\/\/www.malagacar.com\/fr\/blog\/wp-content\/uploads\/2023\/11\/parc-nationa-sierra-de-las-nieves.jpg","articleSection":["Loisirs"],"inLanguage":"fr-FR","potentialAction":[{"@type":"CommentAction","name":"Comment","target":["https:\/\/www.malagacar.com\/fr\/blog\/loisirs\/parc-national-sierra-de-las-nieves\/#respond"]}]},{"@type":"WebPage","@id":"https:\/\/www.malagacar.com\/fr\/blog\/loisirs\/parc-national-sierra-de-las-nieves\/","url":"https:\/\/www.malagacar.com\/fr\/blog\/loisirs\/parc-national-sierra-de-las-nieves\/","name":"Parc national de la Sierra de las Nieves de Malaga - Blog de MalagaCar.com","isPartOf":{"@id":"https:\/\/www.malagacar.com\/fr\/blog\/#website"},"primaryImageOfPage":{"@id":"https:\/\/www.malagacar.com\/fr\/blog\/loisirs\/parc-national-sierra-de-las-nieves\/#primaryimage"},"image":{"@id":"https:\/\/www.malagacar.com\/fr\/blog\/loisirs\/parc-national-sierra-de-las-nieves\/#primaryimage"},"thumbnailUrl":"https:\/\/www.malagacar.com\/fr\/blog\/wp-content\/uploads\/2023\/11\/parc-nationa-sierra-de-las-nieves.jpg","datePublished":"2021-02-17T15:31:39+00:00","dateModified":"2023-11-07T08:21:37+00:00","description":"Le Parc national de la Sierra de las Nieves de M\u00e1laga est un espace d'une valeur paysag\u00e8re exceptionnelle prot\u00e9g\u00e9, abritant une faune et une flore uniques.","breadcrumb":{"@id":"https:\/\/www.malagacar.com\/fr\/blog\/loisirs\/parc-national-sierra-de-las-nieves\/#breadcrumb"},"inLanguage":"fr-FR","potentialAction":[{"@type":"ReadAction","target":["https:\/\/www.malagacar.com\/fr\/blog\/loisirs\/parc-national-sierra-de-las-nieves\/"]}]},{"@type":"ImageObject","inLanguage":"fr-FR","@id":"https:\/\/www.malagacar.com\/fr\/blog\/loisirs\/parc-national-sierra-de-las-nieves\/#primaryimage","url":"https:\/\/www.malagacar.com\/fr\/blog\/wp-content\/uploads\/2023\/11\/parc-nationa-sierra-de-las-nieves.jpg","contentUrl":"https:\/\/www.malagacar.com\/fr\/blog\/wp-content\/uploads\/2023\/11\/parc-nationa-sierra-de-las-nieves.jpg","width":1200,"height":799,"caption":"Parc national de la Sierra de las Nieves"},{"@type":"BreadcrumbList","@id":"https:\/\/www.malagacar.com\/fr\/blog\/loisirs\/parc-national-sierra-de-las-nieves\/#breadcrumb","itemListElement":[{"@type":"ListItem","position":1,"name":"Accueil","item":"https:\/\/www.malagacar.com\/fr\/blog\/"},{"@type":"ListItem","position":2,"name":"Parc national de la Sierra de las Nieves de Malaga"}]},{"@type":"WebSite","@id":"https:\/\/www.malagacar.com\/fr\/blog\/#website","url":"https:\/\/www.malagacar.com\/fr\/blog\/","name":"Blog de MalagaCar.com","description":"Nouvelles et informations int\u00e9ressantes sur la location de voitures \u00e0 l&#039;a\u00e9roport de Malaga.","publisher":{"@id":"https:\/\/www.malagacar.com\/fr\/blog\/#organization"},"potentialAction":[{"@type":"SearchAction","target":{"@type":"EntryPoint","urlTemplate":"https:\/\/www.malagacar.com\/fr\/blog\/?s={search_term_string}"},"query-input":{"@type":"PropertyValueSpecification","valueRequired":true,"valueName":"search_term_string"}}],"inLanguage":"fr-FR"},{"@type":"Organization","@id":"https:\/\/www.malagacar.com\/fr\/blog\/#organization","name":"MalagaCar.com","url":"https:\/\/www.malagacar.com\/fr\/blog\/","logo":{"@type":"ImageObject","inLanguage":"fr-FR","@id":"https:\/\/www.malagacar.com\/fr\/blog\/#\/schema\/logo\/image\/","url":"https:\/\/www.malagacar.com\/fr\/blog\/wp-content\/uploads\/2021\/06\/logo-malagacar-social.png","contentUrl":"https:\/\/www.malagacar.com\/fr\/blog\/wp-content\/uploads\/2021\/06\/logo-malagacar-social.png","width":900,"height":900,"caption":"MalagaCar.com"},"image":{"@id":"https:\/\/www.malagacar.com\/fr\/blog\/#\/schema\/logo\/image\/"},"sameAs":["https:\/\/www.facebook.com\/malagacar","https:\/\/x.com\/malagacarcom","https:\/\/www.instagram.com\/malagacar\/","https:\/\/www.linkedin.com\/company\/malagacar.com","https:\/\/www.youtube.com\/c\/MalagacarAirport"]},{"@type":"Person","@id":"https:\/\/www.malagacar.com\/fr\/blog\/#\/schema\/person\/ffb97005d02bcc7d0bb59f5409635691","name":"MalagaCar.com","image":{"@type":"ImageObject","inLanguage":"fr-FR","@id":"https:\/\/secure.gravatar.com\/avatar\/296ebc31026e7be05868369e4c596b3239b1582b2fcf8a45de57333e2e82bb82?s=96&d=mm&r=g","url":"https:\/\/secure.gravatar.com\/avatar\/296ebc31026e7be05868369e4c596b3239b1582b2fcf8a45de57333e2e82bb82?s=96&d=mm&r=g","contentUrl":"https:\/\/secure.gravatar.com\/avatar\/296ebc31026e7be05868369e4c596b3239b1582b2fcf8a45de57333e2e82bb82?s=96&d=mm&r=g","caption":"MalagaCar.com"},"sameAs":["https:\/\/www.malagacar.com\/fr\/blog"]}]}},"_links":{"self":[{"href":"https:\/\/www.malagacar.com\/fr\/blog\/wp-json\/wp\/v2\/posts\/788","targetHints":{"allow":["GET"]}}],"collection":[{"href":"https:\/\/www.malagacar.com\/fr\/blog\/wp-json\/wp\/v2\/posts"}],"about":[{"href":"https:\/\/www.malagacar.com\/fr\/blog\/wp-json\/wp\/v2\/types\/post"}],"author":[{"embeddable":true,"href":"https:\/\/www.malagacar.com\/fr\/blog\/wp-json\/wp\/v2\/users\/1"}],"replies":[{"embeddable":true,"href":"https:\/\/www.malagacar.com\/fr\/blog\/wp-json\/wp\/v2\/comments?post=788"}],"version-history":[{"count":1,"href":"https:\/\/www.malagacar.com\/fr\/blog\/wp-json\/wp\/v2\/posts\/788\/revisions"}],"predecessor-version":[{"id":790,"href":"https:\/\/www.malagacar.com\/fr\/blog\/wp-json\/wp\/v2\/posts\/788\/revisions\/790"}],"wp:featuredmedia":[{"embeddable":true,"href":"https:\/\/www.malagacar.com\/fr\/blog\/wp-json\/wp\/v2\/media\/789"}],"wp:attachment":[{"href":"https:\/\/www.malagacar.com\/fr\/blog\/wp-json\/wp\/v2\/media?parent=788"}],"wp:term":[{"taxonomy":"category","embeddable":true,"href":"https:\/\/www.malagacar.com\/fr\/blog\/wp-json\/wp\/v2\/categories?post=788"},{"taxonomy":"post_tag","embeddable":true,"href":"https:\/\/www.malagacar.com\/fr\/blog\/wp-json\/wp\/v2\/tags?post=788"}],"curies":[{"name":"wp","href":"https:\/\/api.w.org\/{rel}","templated":true}]}}