{"id":961,"date":"2026-03-27T09:52:14","date_gmt":"2026-03-27T08:52:14","guid":{"rendered":"https:\/\/www.malagacar.com\/fr\/blog\/?p=961"},"modified":"2026-03-27T09:52:34","modified_gmt":"2026-03-27T08:52:34","slug":"vacances-rurales-malaga","status":"publish","type":"post","link":"https:\/\/www.malagacar.com\/fr\/blog\/astuces-de-voyage\/vacances-rurales-malaga\/","title":{"rendered":"Vacances rurales \u00e0 Malaga 2026"},"content":{"rendered":"<p>Bien que la principale attraction de la Costa del Sol soit ses plages, un nombre croissant de visiteurs optent pour des \u00ab\u00a0Vacances rurales \u00e0 Malaga\u00a0\u00bb, loin de la c\u00f4te anim\u00e9e.<\/p>\n<p><!--more--><\/p>\n\n            <div class=\"banner\">\n                <div class=\"row\">\n                    <div class=\"col-sm-4\">\n                        <a href=\"\/fr\/location-de-voitures\/quote.php\" data-wpel-link=\"internal\"><img decoding=\"async\" src=\"\/images\/banner-img.jpg\" alt=\"malagacar.com\"><\/a>\n                    <\/div>\n                    <div class=\"col-sm-8\">\n                      <a href=\"\/fr\/location-de-voitures\/quote.php\" class=\"banner-title\" data-wpel-link=\"internal\">Meilleure location de voitures <div>\u00e0 l'a\u00e9roport de Malaga<\/div><\/a>   \n                        <div class=\"row\">\n                            <div class=\"col-sm-7\">\n                                <ul>\n                                    <li>Pas de frais de ravitaillement<\/li>\n                                    <li>Annulation gratuite<\/li>\n                                    <li>Location sans interm\u00e9diaire<\/li>\n                                    <li>Payez lorsque vous prenez la voiture<\/li>\n                                    <li><\/li>\n                                <\/ul>\n                            <\/div>\n                            <div class=\"col-sm-5\">\n                                <a class=\"btn-banner\" href=\"\/fr\/location-de-voitures\/quote.php\" data-wpel-link=\"internal\">Consultez les prix<\/a>\n                                <img decoding=\"async\" class=\"zonturent\" src=\"\/images\/zontu-banner.png\" alt=\"\">\n                            <\/div>\n                        <\/div>\n                    <\/div>\n                 <\/div>  \n            <\/div>\n            \n<div id=\"ez-toc-container\" class=\"ez-toc-v2_0_87 counter-hierarchy ez-toc-counter ez-toc-light-blue ez-toc-container-direction\">\n<p class=\"ez-toc-title\" style=\"cursor:inherit\">Table des mati\u00e8res<\/p>\n<label for=\"ez-toc-cssicon-toggle-item-6a9a3e56aa04c\" class=\"ez-toc-cssicon-toggle-label\"><span class=\"\"><span class=\"eztoc-hide\" style=\"display:none;\">Toggle<\/span><span class=\"ez-toc-icon-toggle-span\"><svg style=\"fill: #999;color:#999\" xmlns=\"http:\/\/www.w3.org\/2000\/svg\" class=\"list-377408\" width=\"20px\" height=\"20px\" viewBox=\"0 0 24 24\" fill=\"none\"><path d=\"M6 6H4v2h2V6zm14 0H8v2h12V6zM4 11h2v2H4v-2zm16 0H8v2h12v-2zM4 16h2v2H4v-2zm16 0H8v2h12v-2z\" fill=\"currentColor\"><\/path><\/svg><svg style=\"fill: #999;color:#999\" class=\"arrow-unsorted-368013\" xmlns=\"http:\/\/www.w3.org\/2000\/svg\" width=\"10px\" height=\"10px\" viewBox=\"0 0 24 24\" version=\"1.2\" baseProfile=\"tiny\"><path d=\"M18.2 9.3l-6.2-6.3-6.2 6.3c-.2.2-.3.4-.3.7s.1.5.3.7c.2.2.4.3.7.3h11c.3 0 .5-.1.7-.3.2-.2.3-.5.3-.7s-.1-.5-.3-.7zM5.8 14.7l6.2 6.3 6.2-6.3c.2-.2.3-.5.3-.7s-.1-.5-.3-.7c-.2-.2-.4-.3-.7-.3h-11c-.3 0-.5.1-.7.3-.2.2-.3.5-.3.7s.1.5.3.7z\"\/><\/svg><\/span><\/span><\/label><input type=\"checkbox\"  id=\"ez-toc-cssicon-toggle-item-6a9a3e56aa04c\"  aria-label=\"Toggle\" \/><nav><ul class='ez-toc-list ez-toc-list-level-1 ' ><li class='ez-toc-page-1 ez-toc-heading-level-2'><a class=\"ez-toc-link ez-toc-heading-1\" href=\"https:\/\/www.malagacar.com\/fr\/blog\/astuces-de-voyage\/vacances-rurales-malaga\/#Saviez-vous_que_la_province_de_Malaga_compte_plus_de_100_villages_a_decouvrir\" data-wpel-link=\"internal\">Saviez-vous que la province de Malaga compte plus de 100 villages \u00e0 d\u00e9couvrir?<\/a><\/li><li class='ez-toc-page-1 ez-toc-heading-level-2'><a class=\"ez-toc-link ez-toc-heading-2\" href=\"https:\/\/www.malagacar.com\/fr\/blog\/astuces-de-voyage\/vacances-rurales-malaga\/#Vacances_rurales_a_Malaga\" data-wpel-link=\"internal\">Vacances rurales \u00e0 Malaga<\/a><\/li><li class='ez-toc-page-1 ez-toc-heading-level-2'><a class=\"ez-toc-link ez-toc-heading-3\" href=\"https:\/\/www.malagacar.com\/fr\/blog\/astuces-de-voyage\/vacances-rurales-malaga\/#Regions_et_municipalites_les_plus_populaires_pour_le_tourisme_rural_a_Malaga\" data-wpel-link=\"internal\">R\u00e9gions et municipalit\u00e9s les plus populaires pour le tourisme rural \u00e0 Malaga<\/a><\/li><li class='ez-toc-page-1 ez-toc-heading-level-2'><a class=\"ez-toc-link ez-toc-heading-4\" href=\"https:\/\/www.malagacar.com\/fr\/blog\/astuces-de-voyage\/vacances-rurales-malaga\/#Les_villages_les_plus_prises_de_Malaga_tourisme_rural_en_2026\" data-wpel-link=\"internal\">Les villages les plus pris\u00e9s de Malaga tourisme rural en 2026<\/a><ul class='ez-toc-list-level-3' ><li class='ez-toc-heading-level-3'><a class=\"ez-toc-link ez-toc-heading-5\" href=\"https:\/\/www.malagacar.com\/fr\/blog\/astuces-de-voyage\/vacances-rurales-malaga\/#Frigiliana\" data-wpel-link=\"internal\">Frigiliana<\/a><\/li><li class='ez-toc-page-1 ez-toc-heading-level-3'><a class=\"ez-toc-link ez-toc-heading-6\" href=\"https:\/\/www.malagacar.com\/fr\/blog\/astuces-de-voyage\/vacances-rurales-malaga\/#Nerja\" data-wpel-link=\"internal\">Nerja<\/a><\/li><li class='ez-toc-page-1 ez-toc-heading-level-3'><a class=\"ez-toc-link ez-toc-heading-7\" href=\"https:\/\/www.malagacar.com\/fr\/blog\/astuces-de-voyage\/vacances-rurales-malaga\/#Mijas_Pueblo\" data-wpel-link=\"internal\">Mijas Pueblo<\/a><\/li><li class='ez-toc-page-1 ez-toc-heading-level-3'><a class=\"ez-toc-link ez-toc-heading-8\" href=\"https:\/\/www.malagacar.com\/fr\/blog\/astuces-de-voyage\/vacances-rurales-malaga\/#Casares\" data-wpel-link=\"internal\">Casares<\/a><\/li><li class='ez-toc-page-1 ez-toc-heading-level-3'><a class=\"ez-toc-link ez-toc-heading-9\" href=\"https:\/\/www.malagacar.com\/fr\/blog\/astuces-de-voyage\/vacances-rurales-malaga\/#Antequera\" data-wpel-link=\"internal\">Antequera<\/a><\/li><li class='ez-toc-page-1 ez-toc-heading-level-3'><a class=\"ez-toc-link ez-toc-heading-10\" href=\"https:\/\/www.malagacar.com\/fr\/blog\/astuces-de-voyage\/vacances-rurales-malaga\/#Ronda\" data-wpel-link=\"internal\">Ronda<\/a><\/li><\/ul><\/li><li class='ez-toc-page-1 ez-toc-heading-level-2'><a class=\"ez-toc-link ez-toc-heading-11\" href=\"https:\/\/www.malagacar.com\/fr\/blog\/astuces-de-voyage\/vacances-rurales-malaga\/#Maisons_rurales_Hebergements_ruraux\" data-wpel-link=\"internal\">Maisons rurales &amp; H\u00e9bergements ruraux<\/a><\/li><li class='ez-toc-page-1 ez-toc-heading-level-2'><a class=\"ez-toc-link ez-toc-heading-12\" href=\"https:\/\/www.malagacar.com\/fr\/blog\/astuces-de-voyage\/vacances-rurales-malaga\/#Camping_et_Glamping_a_Malaga\" data-wpel-link=\"internal\">Camping et Glamping \u00e0 Malaga<\/a><ul class='ez-toc-list-level-3' ><li class='ez-toc-heading-level-3'><a class=\"ez-toc-link ez-toc-heading-13\" href=\"https:\/\/www.malagacar.com\/fr\/blog\/astuces-de-voyage\/vacances-rurales-malaga\/#Tour_en_camping-car_a_Malaga\" data-wpel-link=\"internal\">Tour en camping-car \u00e0 Malaga<\/a><\/li><\/ul><\/li><li class='ez-toc-page-1 ez-toc-heading-level-2'><a class=\"ez-toc-link ez-toc-heading-14\" href=\"https:\/\/www.malagacar.com\/fr\/blog\/astuces-de-voyage\/vacances-rurales-malaga\/#Festivals_foires_Fetes_gastronomiques_des_villages_de_Malaga\" data-wpel-link=\"internal\">Festivals, foires &amp; F\u00eates gastronomiques des villages de Malaga<\/a><ul class='ez-toc-list-level-3' ><li class='ez-toc-heading-level-3'><a class=\"ez-toc-link ez-toc-heading-15\" href=\"https:\/\/www.malagacar.com\/fr\/blog\/astuces-de-voyage\/vacances-rurales-malaga\/#Calendrier_des_fetes_populaires_de_Malaga\" data-wpel-link=\"internal\">Calendrier des f\u00eates populaires de Malaga<\/a><\/li><li class='ez-toc-page-1 ez-toc-heading-level-3'><a class=\"ez-toc-link ez-toc-heading-16\" href=\"https:\/\/www.malagacar.com\/fr\/blog\/astuces-de-voyage\/vacances-rurales-malaga\/#Festivals_Locaux_2026\" data-wpel-link=\"internal\">Festivals Locaux 2026<\/a><\/li><li class='ez-toc-page-1 ez-toc-heading-level-3'><a class=\"ez-toc-link ez-toc-heading-17\" href=\"https:\/\/www.malagacar.com\/fr\/blog\/astuces-de-voyage\/vacances-rurales-malaga\/#Fetes_Gastronomiques_locales_2026\" data-wpel-link=\"internal\">F\u00eates Gastronomiques locales 2026<\/a><\/li><\/ul><\/li><\/ul><\/nav><\/div>\n<h2><span class=\"ez-toc-section\" id=\"Saviez-vous_que_la_province_de_Malaga_compte_plus_de_100_villages_a_decouvrir\"><\/span>Saviez-vous que la province de Malaga compte plus de 100 villages \u00e0 d\u00e9couvrir?<span class=\"ez-toc-section-end\"><\/span><\/h2>\n<p>Voulez-vous faire une escapade d&rsquo;une journ\u00e9e et voir des coins charmants, une escapade de week-end, une r\u00e9union de famille ou une r\u00e9union d&rsquo;amis, ou passer toutes vos vacances \u00e0 la campagne?<\/p>\n<p>D\u00e9couvrez la culture et la gastronomie, les festivals et les f\u00eates gastronomiques, les typiques villages blancs d&rsquo;origine arabe nich\u00e9s dans la montagne.<\/p>\n<p>\u00c9loignez-vous des gens et profitez de la nature, des for\u00eats de Pinsapos, des rivi\u00e8res et des montagnes. Tout cela se trouve \u00e0 Malaga. \u00c0 quelques kilom\u00e8tres de la c\u00f4te, rejoignez-nous!<\/p>\n<h2><span class=\"ez-toc-section\" id=\"Vacances_rurales_a_Malaga\"><\/span>Vacances rurales \u00e0 Malaga<span class=\"ez-toc-section-end\"><\/span><\/h2>\n<figure id=\"attachment_15166\" aria-describedby=\"caption-attachment-15166\" style=\"width: 1000px\" class=\"wp-caption alignnone\"><img loading=\"lazy\" decoding=\"async\" class=\"size-full wp-image-15166\" src=\"https:\/\/www.malagacar.com\/sp\/blog\/wp-content\/uploads\/2024\/01\/Embalse-Guadalhorce-Credit-Depositphotos.jpg\" alt=\"Embalse Guadalhorce Credit Depositphotos\" width=\"1000\" height=\"667\" \/><figcaption id=\"caption-attachment-15166\" class=\"wp-caption-text\">Le r\u00e9servoir de Guadalhorce et El Chorro. Credit Depositphotos<\/figcaption><\/figure>\n<p>Malaga est, avec Cadix, la province andalouse la plus demand\u00e9e par les voyageurs qui appr\u00e9cient le tourisme rural.<\/p>\n<p>Si ces deux derni\u00e8res ann\u00e9es ont d\u00e9j\u00e0 connu une croissance significative en raison de la pand\u00e9mie, cette alternative de vacances \u00e0 Malaga a un nombre croissant d&rsquo;adeptes, tant nationaux qu&rsquo;internationaux (la grande majorit\u00e9).<\/p>\n<p>En raison du climat cl\u00e9ment que nous avons \u00e0 Malaga, le tourisme rural attire \u00e9galement de nombreuses personnes en dehors de la haute saison.<\/p>\n<p>Nous vous rappelons qu&rsquo;ici, l&rsquo;<a href=\"https:\/\/www.malagacar.com\/fr\/blog\/astuces-de-voyage\/hiver-a-malaga\/\" data-wpel-link=\"internal\"><strong>hiver \u00e0 Malaga<\/strong><\/a> n&rsquo;existe pas en tant que tel, et surtout pendant les mois de pr\u00e9-saison, la campagne est un v\u00e9ritable d\u00e9lice comme vous pouvez le voir sur notre photo de couverture.<\/p>\n<h2><span class=\"ez-toc-section\" id=\"Regions_et_municipalites_les_plus_populaires_pour_le_tourisme_rural_a_Malaga\"><\/span>R\u00e9gions et municipalit\u00e9s les plus populaires pour le tourisme rural \u00e0 Malaga<span class=\"ez-toc-section-end\"><\/span><\/h2>\n<p>Les plus grands \u00ab\u00a0fans\u00a0\u00bb du tourisme rural \u00e0 Malaga restent nos visiteurs \u00e9trangers. En fait, ils repr\u00e9sentent plus de 80% des touristes.<\/p>\n<p>Parmi eux, ceux qui optent le plus pour ce type de vacances sont les visiteurs venant du Royaume-Uni, d&rsquo;Allemagne, des Pays-Bas, de Belgique et de France.<\/p>\n<p>Les r\u00e9gions et les municipalit\u00e9s les plus choisies par eux selon les donn\u00e9es actuelles sont :<\/p>\n<h4>R\u00e9gions<\/h4>\n<ul>\n<li><a href=\"https:\/\/www.malagacar.com\/fr\/blog\/astuces-de-voyage\/villages-beaux-axarquia\/\" data-wpel-link=\"internal\"><strong>Axarqu\u00eda<\/strong><\/a><\/li>\n<li><a href=\"https:\/\/www.malagacar.com\/fr\/blog\/loisirs\/el-chorro\/\" data-wpel-link=\"internal\"><strong>Guadalhorce &amp; El Chorro<\/strong><\/a><\/li>\n<li><a href=\"https:\/\/www.malagacar.com\/fr\/blog\/loisirs\/decouvrez-ronda-en-voiture\/\" data-wpel-link=\"internal\"><strong>Serran\u00eda de Ronda<\/strong><\/a><\/li>\n<li><a href=\"https:\/\/www.malagacar.com\/fr\/blog\/loisirs\/parc-national-sierra-de-las-nieves\/\" data-wpel-link=\"internal\"><strong>Sierra de las Nieves<\/strong><\/a><\/li>\n<li><a href=\"https:\/\/www.malagacar.com\/fr\/blog\/loisirs\/les-villages-blancs-vallee-du-genal\/\" data-wpel-link=\"internal\"><strong>Valle del Genal<\/strong><\/a><\/li>\n<li><a href=\"https:\/\/www.malagacar.com\/fr\/blog\/loisirs\/meilleures-auberges-montagnes-de-malaga\/\" data-wpel-link=\"internal\"><strong>Montes de M\u00e1laga<\/strong><\/a><\/li>\n<li><a href=\"https:\/\/www.malagacar.com\/fr\/blog\/loisirs\/conseils-pour-visiter-le-caminito-del-rey\/\" data-wpel-link=\"internal\"><strong>Caminito del Rey<\/strong><\/a><\/li>\n<\/ul>\n<figure id=\"attachment_15164\" aria-describedby=\"caption-attachment-15164\" style=\"width: 1000px\" class=\"wp-caption alignnone\"><a href=\"https:\/\/www.malagacar.com\/sp\/blog\/ocio\/todo-lo-que-necesitas-saber-para-visitar-el-caminito-del-rey\/\" data-wpel-link=\"internal\"><img loading=\"lazy\" decoding=\"async\" class=\"size-full wp-image-15164\" src=\"https:\/\/www.malagacar.com\/sp\/blog\/wp-content\/uploads\/2024\/01\/Caminito-del-Rey-Credit-Depositphotos.jpg\" alt=\"Caminito del Rey. Credit Depositphoto\" width=\"1000\" height=\"667\" \/><\/a><figcaption id=\"caption-attachment-15164\" class=\"wp-caption-text\">Le Caminito del Rey est l&rsquo;un des sites naturels les plus visit\u00e9s de la province. Credit Depositphotos<\/figcaption><\/figure>\n<h4>Municipalit\u00e9s<\/h4>\n<ul>\n<li>Torrox<\/li>\n<li><a href=\"https:\/\/www.malagacar.com\/fr\/blog\/astuces-de-voyage\/villages-beaux-axarquia\/#Frigiliana_le_balcon_sur_la_mer\" data-wpel-link=\"internal\"><strong>Frigiliana<\/strong><\/a><\/li>\n<li><a href=\"https:\/\/www.malagacar.com\/fr\/blog\/astuces-de-voyage\/villages-beaux-axarquia\/#Competa_et_son_vin\" data-wpel-link=\"internal\"><strong>C\u00f3mpeta<\/strong><\/a><\/li>\n<li><a href=\"https:\/\/www.malagacar.com\/fr\/blog\/astuces-de-voyage\/villages-beaux-axarquia\/#Almachar_et_ses_excellentes_raisins_secs\" data-wpel-link=\"internal\"><strong>Alm\u00e1char<\/strong><\/a><\/li>\n<li><a href=\"https:\/\/www.malagacar.com\/fr\/blog\/astuces-de-voyage\/visiter-nerja\/\" data-wpel-link=\"internal\"><strong>Nerja<\/strong><\/a><\/li>\n<li><a href=\"https:\/\/www.malagacar.com\/fr\/blog\/loisirs\/torcal-de-antequera\/\" data-wpel-link=\"internal\"><strong>Antequera<\/strong><\/a><\/li>\n<li>El Borge<\/li>\n<li><a href=\"https:\/\/www.malagacar.com\/fr\/villages\/alhaurin_de_la_torre.htm\" data-wpel-link=\"internal\"><strong>Alhaur\u00edn de la Torre<\/strong><\/a><\/li>\n<li><a href=\"https:\/\/www.malagacar.com\/fr\/villages\/alozaina.htm\" data-wpel-link=\"internal\"><strong>Alozaina<\/strong><\/a><\/li>\n<li><a href=\"https:\/\/www.malagacar.com\/fr\/blog\/astuces-de-voyage\/villages-beaux-axarquia\/#Sayalonga_et_son_cimetiere_rond\" data-wpel-link=\"internal\"><strong>Sayalonga<\/strong><\/a><\/li>\n<li><a href=\"https:\/\/www.malagacar.com\/fr\/villages\/velez_malaga.htm\" data-wpel-link=\"internal\"><strong>V\u00e9lez-M\u00e1laga<\/strong><\/a><\/li>\n<li><a href=\"https:\/\/www.malagacar.com\/fr\/blog\/loisirs\/decouvrez-ronda-en-voiture\/\" data-wpel-link=\"internal\"><strong>Ronda<\/strong><\/a><\/li>\n<li><a href=\"https:\/\/www.malagacar.com\/fr\/blog\/astuces-de-voyage\/villages-beaux-axarquia\/#Periana_et_ses_bains_arabes\" data-wpel-link=\"internal\"><strong>Periana<\/strong><\/a><\/li>\n<li><a href=\"https:\/\/www.malagacar.com\/fr\/villages\/alhaurin_el_grande.htm\" data-wpel-link=\"internal\"><strong>Alhaur\u00edn el Grande<\/strong><\/a><\/li>\n<li><a href=\"https:\/\/www.malagacar.com\/fr\/villages\/mijas.htm\" data-wpel-link=\"internal\"><strong>Mijas<\/strong><\/a><\/li>\n<li>Villanueva de la Concepci\u00f3n<\/li>\n<li>Tolox<\/li>\n<li>Guaro<\/li>\n<li><a href=\"https:\/\/www.malagacar.com\/fr\/villages\/rincon_de_la_victoria.htm\" data-wpel-link=\"internal\"><strong>Rinc\u00f3n de la Victoria<\/strong><\/a><\/li>\n<li><a href=\"https:\/\/www.malagacar.com\/fr\/villages\/coin.htm\" data-wpel-link=\"internal\"><strong>Co\u00edn<\/strong><\/a><\/li>\n<li>Canillas de Albaida<\/li>\n<\/ul>\n<h2><span class=\"ez-toc-section\" id=\"Les_villages_les_plus_prises_de_Malaga_tourisme_rural_en_2026\"><\/span>Les villages les plus pris\u00e9s de Malaga tourisme rural en 2026<span class=\"ez-toc-section-end\"><\/span><\/h2>\n<p>Au moment o\u00f9 nous \u00e9crivons ces lignes, le printemps est d\u00e9j\u00e0 arriv\u00e9 \u00e0 Malaga dans toute sa splendeur. Nombreux sont les voyageurs qui viennent \u00e0 cette p\u00e9riode de l&rsquo;ann\u00e9e, avant la haute saison, non seulement pour profiter des premiers rayons de soleil sur la plage, mais aussi pour se ressourcer au contact de la nature.<\/p>\n<p>Parmi les destinations rurales les plus pris\u00e9es de Malaga en 2026, on trouve aussi bien des villages c\u00f4tiers paisibles, parfaits pour se ressourcer, que des havres de paix \u00e0 l&rsquo;int\u00e9rieur des terres. Elles se distinguent par leur charme andalou, leur cadre naturel exceptionnel et leurs paysages magnifiques, ainsi que par leur offre d&rsquo;h\u00e9bergements ruraux vari\u00e9s. Nous vous les pr\u00e9sentons ci-dessous.<\/p>\n<h3><span class=\"ez-toc-section\" id=\"Frigiliana\"><\/span>Frigiliana<span class=\"ez-toc-section-end\"><\/span><\/h3>\n<p>Frigiliana est l&rsquo;un des plus beaux villages d&rsquo;Espagne. Nich\u00e9 dans les collines c\u00f4ti\u00e8res, il s&rsquo;ouvre sur la mer comme un balcon naturel. Ce village \u00e0 l&rsquo;architecture mauresque-mud\u00e9jare est aussi surnomm\u00e9 le \u00ab Mykonos andalou \u00bb, \u00e9voquant l&rsquo;esth\u00e9tique des \u00eeles grecques avec ses maisons blanchies \u00e0 la chaux et ses portes bleues.<\/p>\n<p><img loading=\"lazy\" decoding=\"async\" class=\"alignnone size-full wp-image-19208\" src=\"https:\/\/www.malagacar.com\/sp\/blog\/wp-content\/uploads\/2025\/04\/Frigiliana2-D.jpg\" alt=\"Frigiliana\" width=\"1000\" height=\"664\" \/><\/p>\n<p>Gr\u00e2ce \u00e0 sa proximit\u00e9 avec la mer et la ville c\u00f4ti\u00e8re de Nerja, c&rsquo;est un lieu id\u00e9al pour profiter \u00e0 la fois de la nature et de la plage.<\/p>\n<ul>\n<li>D\u00e9couvrez les 11 plus <a href=\"https:\/\/www.malagacar.com\/fr\/blog\/astuces-de-voyage\/villages-beaux-axarquia\/\" data-wpel-link=\"internal\"><strong>beaux villages de la r\u00e9gion de l&rsquo;Axarqu\u00eda<\/strong><\/a>, \u00e0 Malaga.<\/li>\n<\/ul>\n<h3><span class=\"ez-toc-section\" id=\"Nerja\"><\/span>Nerja<span class=\"ez-toc-section-end\"><\/span><\/h3>\n<figure id=\"attachment_14185\" aria-describedby=\"caption-attachment-14185\" style=\"width: 500px\" class=\"wp-caption alignnone\"><a href=\"https:\/\/www.malagacar.com\/sp\/blog\/consejos-de-viaje\/visitando-nerja\/\" data-wpel-link=\"internal\"><img loading=\"lazy\" decoding=\"async\" class=\" wp-image-14185\" src=\"https:\/\/www.malagacar.com\/sp\/blog\/wp-content\/uploads\/2020\/01\/Towards-nerja-Rebecca-cooper.jpg\" alt=\"alquiler coches malaga, malagacar.com\" width=\"500\" height=\"667\" \/><\/a><figcaption id=\"caption-attachment-14185\" class=\"wp-caption-text\">Une MalagaCar se dirigeant vers Nerja, photo fournie par notre client<\/figcaption><\/figure>\n<p>Nerja est la station baln\u00e9aire la plus pris\u00e9e de la Costa del Sol orientale. Malgr\u00e9 un afflux touristique relativement important, elle a su pr\u00e9server un charme particulier.<\/p>\n<p>Ce charme est d\u00fb en grande partie \u00e0 sa situation au pied des plus hauts sommets de Malaga et de Grenade. Elle se caract\u00e9rise par ses charmantes petites criques et un environnement naturel beaucoup plus sauvage, ce qui, d&rsquo;une certaine mani\u00e8re, limite son d\u00e9veloppement.<\/p>\n<ul>\n<li>Vous trouverez ici tout ce qu&rsquo;il faut savoir sur <a href=\"https:\/\/www.malagacar.com\/fr\/blog\/astuces-de-voyage\/visiter-nerja\/\" data-wpel-link=\"internal\"><strong>Nerja<\/strong><\/a>.<\/li>\n<\/ul>\n<h3><span class=\"ez-toc-section\" id=\"Mijas_Pueblo\"><\/span>Mijas Pueblo<span class=\"ez-toc-section-end\"><\/span><\/h3>\n<p><a href=\"https:\/\/www.malagacar.com\/fr\/blog\/astuces-de-voyage\/mijas\/\" data-wpel-link=\"internal\"><img loading=\"lazy\" decoding=\"async\" class=\"alignnone wp-image-16315 size-full\" src=\"https:\/\/www.malagacar.com\/sp\/blog\/wp-content\/uploads\/2024\/10\/mijas-cartel.jpg\" alt=\"mijas\" width=\"998\" height=\"670\" \/><\/a><\/p>\n<p>Mijas est un autre village blanc pris\u00e9 pr\u00e8s de la c\u00f4te. Situ\u00e9 \u00e0 seulement 7 km de Fuengirola, il offre une vue imprenable sur la mer depuis son promontoire naturel.<\/p>\n<p>Sa situation entre mer et montagne en fait un point de d\u00e9part id\u00e9al pour profiter de toute la beaut\u00e9 de la r\u00e9gion. La Sierra de Mijas est un v\u00e9ritable \u00e9crin de verdure, avec ses nombreux sentiers et ses panoramas spectaculaires sur le littoral.<\/p>\n<p>Et pour information, Mijas, avec Marbella, est la commune qui compte le plus de terrains de golf. On y trouve en effet pas moins de 12 excellents parcours.<\/p>\n<ul>\n<li>Vous trouverez ici toutes les informations n\u00e9cessaires sur <a href=\"https:\/\/www.malagacar.com\/fr\/blog\/astuces-de-voyage\/mijas\/\" data-wpel-link=\"internal\"><strong>Mijas<\/strong><\/a>.<\/li>\n<\/ul>\n<h3><span class=\"ez-toc-section\" id=\"Casares\"><\/span>Casares<span class=\"ez-toc-section-end\"><\/span><\/h3>\n<p><img loading=\"lazy\" decoding=\"async\" class=\"alignnone size-full wp-image-6296\" src=\"https:\/\/www.malagacar.com\/sp\/blog\/wp-content\/uploads\/2017\/07\/mercado-medival-casares.jpg\" alt=\"casares\" width=\"970\" height=\"606\" \/><\/p>\n<p>\u00c0 l&rsquo;extr\u00eame ouest de la province de Malaga se niche le village blanc de Casares, perch\u00e9 sur une colline entre la Serran\u00eda de Ronda et la Costa del Sol.<\/p>\n<p>Ce charmant village de montagne, de style mauresque, blotti au pied de la Sierra Crestellina, est l&rsquo;un des plus beaux de la province. Il est accessible en une demi-heure environ depuis la Costa del Sol anim\u00e9e, en passant par <a href=\"https:\/\/www.malagacar.com\/fr\/blog\/astuces-de-voyage\/estepona\/\" data-wpel-link=\"internal\"><strong>Estepona<\/strong><\/a>.<\/p>\n<p>D\u00e9couvrez la vid\u00e9o promotionnelle de Casares en 2026.<\/p>\n<p><iframe loading=\"lazy\" title=\"'Siente Casares los 365 d\u00edas del a\u00f1o', as\u00ed es la campa\u00f1a promocional del municipio\" src=\"https:\/\/www.youtube.com\/embed\/j-2xbiI17a4\" width=\"815\" height=\"339\" frameborder=\"0\" allowfullscreen=\"allowfullscreen\"><\/iframe><\/p>\n<h3><span class=\"ez-toc-section\" id=\"Antequera\"><\/span>Antequera<span class=\"ez-toc-section-end\"><\/span><\/h3>\n<figure id=\"attachment_17475\" aria-describedby=\"caption-attachment-17475\" style=\"width: 1000px\" class=\"wp-caption alignnone\"><img loading=\"lazy\" decoding=\"async\" class=\"size-full wp-image-17475\" src=\"https:\/\/www.malagacar.com\/sp\/blog\/wp-content\/uploads\/2025\/05\/Antequera-Castillo-fortaleza-Real-Colegiata-de-Santa-Maria-D.jpg\" alt=\"Antequera Castillo fortaleza Real Colegiata de Santa Maria\" width=\"1000\" height=\"460\" \/><figcaption id=\"caption-attachment-17475\" class=\"wp-caption-text\">Antequera. Ch\u00e2teau royal coll\u00e9gial de Santa Maria. Credit Depositphotos<\/figcaption><\/figure>\n<p>Situ\u00e9e au nord de la province, Antequera se distingue par son immense patrimoine historique et le paysage naturel d&rsquo;<a href=\"https:\/\/www.malagacar.com\/fr\/blog\/loisirs\/torcal-de-antequera\/\" data-wpel-link=\"internal\"><strong>El Torcal<\/strong><\/a>.<\/p>\n<p><iframe loading=\"lazy\" title=\"El Torcal de Antequera como nunca se hab\u00eda visto (M\u00e1laga, Spain)\" src=\"https:\/\/www.youtube.com\/embed\/j056QO3sUF8\" width=\"1190\" height=\"669\" frameborder=\"0\" allowfullscreen=\"allowfullscreen\"><\/iframe><\/p>\n<p>De son pass\u00e9, la ville conserve un riche patrimoine arch\u00e9ologique et architectural, notamment ses <a href=\"https:\/\/www.malagacar.com\/fr\/blog\/loisirs\/dolmens-antequera\/\" data-wpel-link=\"internal\"><strong>dolmens<\/strong><\/a>, ainsi que de nombreuses \u00e9glises, couvents et palais de diff\u00e9rentes \u00e9poques et de styles vari\u00e9s.<\/p>\n<h3><span class=\"ez-toc-section\" id=\"Ronda\"><\/span>Ronda<span class=\"ez-toc-section-end\"><\/span><\/h3>\n<figure id=\"attachment_10186\" aria-describedby=\"caption-attachment-10186\" style=\"width: 750px\" class=\"wp-caption alignnone\"><img loading=\"lazy\" decoding=\"async\" class=\"size-large wp-image-10186\" src=\"https:\/\/www.malagacar.com\/sp\/blog\/wp-content\/uploads\/2022\/01\/Ronda-Dorian-Zonca-1024x768.jpg\" alt=\"malagacar.com, Ronda\" width=\"750\" height=\"563\" \/><figcaption id=\"caption-attachment-10186\" class=\"wp-caption-text\">Une MalagaCar \u00e0 Ronda, photo fournie par notre client<\/figcaption><\/figure>\n<p>Ronda est l&rsquo;un des lieux les plus embl\u00e9matiques de l&rsquo;arri\u00e8re-pays de Malaga. Situ\u00e9e dans la Serran\u00eda de Ronda, elle surplombe les gorges profondes du Tage.<\/p>\n<p>La ville est non seulement spectaculaire, mais elle poss\u00e8de \u00e9galement un patrimoine historique et architectural impressionnant.<\/p>\n<p><a href=\"https:\/\/www.malagacar.com\/fr\/blog\/loisirs\/decouvrez-ronda-en-voiture\/\" data-wpel-link=\"internal\"><img loading=\"lazy\" decoding=\"async\" class=\"alignnone size-full wp-image-783\" src=\"https:\/\/www.malagacar.com\/fr\/blog\/wp-content\/uploads\/2023\/11\/ronda-fr.jpg\" alt=\"Ronda en voiture\" width=\"950\" height=\"516\" srcset=\"https:\/\/www.malagacar.com\/fr\/blog\/wp-content\/uploads\/2023\/11\/ronda-fr.jpg 950w, https:\/\/www.malagacar.com\/fr\/blog\/wp-content\/uploads\/2023\/11\/ronda-fr-300x163.jpg 300w, https:\/\/www.malagacar.com\/fr\/blog\/wp-content\/uploads\/2023\/11\/ronda-fr-768x417.jpg 768w\" sizes=\"auto, (max-width: 950px) 100vw, 950px\" \/><\/a><\/p>\n<p>Les routes qui y m\u00e8nent sont \u00e9galement magnifiques, offrant des vues imprenables sur les montagnes environnantes et les vastes for\u00eats.<\/p>\n<ul>\n<li><a href=\"https:\/\/www.malagacar.com\/fr\/blog\/loisirs\/decouvrez-ronda-en-voiture\/\" data-wpel-link=\"internal\"><strong>D\u00e9couvrez-le ici<\/strong><\/a><\/li>\n<\/ul>\n<h2><span class=\"ez-toc-section\" id=\"Maisons_rurales_Hebergements_ruraux\"><\/span>Maisons rurales &amp; H\u00e9bergements ruraux<span class=\"ez-toc-section-end\"><\/span><\/h2>\n<figure id=\"attachment_15165\" aria-describedby=\"caption-attachment-15165\" style=\"width: 999px\" class=\"wp-caption alignnone\"><img loading=\"lazy\" decoding=\"async\" class=\"size-full wp-image-15165\" src=\"https:\/\/www.malagacar.com\/sp\/blog\/wp-content\/uploads\/2024\/01\/Salares-Credit-Depositphotos.jpg\" alt=\"Salares. Credit Depositphotos\" width=\"999\" height=\"669\" \/><figcaption id=\"caption-attachment-15165\" class=\"wp-caption-text\">Le village blanc Salares dans l&rsquo;Axarqu\u00eda. Credit Depositphotos<\/figcaption><\/figure>\n<p>Les villages mentionn\u00e9s pr\u00e9c\u00e9demment ne sont que des tendances. Comme nous l&rsquo;avons dit avant, il y a beaucoup de beaux villages \u00e0 Malaga, certains d&rsquo;entre eux sont si petits qu&rsquo;ils \u00e9chappent au radar de la plupart des gens.<\/p>\n<p>Cependant, vous pourrez trouver un h\u00e9bergement rural dans pratiquement tous ces villages.<\/p>\n<h4>Maisons rurales<\/h4>\n<p>L&rsquo;offre la plus grande et la plus int\u00e9ressante que vous trouverez sont les maisons rurales. Ce sont pour la plupart de petites et moyennes fermes r\u00e9nov\u00e9es et \u00e9quip\u00e9es d&rsquo;une piscine.<\/p>\n<p>Ces maisons sont g\u00e9n\u00e9ralement grandes et spacieuses pour accueillir un plus grand nombre de personnes et vous pouvez trouver des maisons avec entre 3 et 7 chambres, par exemple.<\/p>\n<p>Les maisons sont lou\u00e9es en entier et si vous voyagez en groupe, le prix par personne est assez \u00e9conomique. Comme toujours, les locations hors saison et de plus longue dur\u00e9e ont tendance \u00e0 avoir des prix plus bas. Pour ce type de logement, vous aurez besoin de <a href=\"https:\/\/www.malagacar.com\/fr\/\" data-wpel-link=\"internal\"><strong>louer une voiture \u00e0 Malaga<\/strong><\/a>, car ce sont des endroits isol\u00e9s.<\/p>\n<h4>H\u00e9bergements ruraux<\/h4>\n<p>Une autre option est les h\u00e9bergements ruraux tels que les appartements ou les petits h\u00f4tels. L\u00e0, \u00e9videmment, vous n&rsquo;aurez pas l&rsquo;intimit\u00e9 d&rsquo;une maison seule en pleine campagne.<\/p>\n<p>Mais cela peut \u00eatre une bonne alternative si vous ne voulez pas voyager avec beaucoup de personnes et avoir \u00e9galement l&rsquo;option de la demi-pension, par exemple. Ce serait l&rsquo;option id\u00e9ale pour une escapade de week-end, pour <a href=\"https:\/\/www.malagacar.com\/fr\/blog\/loisirs\/saint-valentin-malaga\/\" data-wpel-link=\"internal\"><strong>la Saint-Valentin \u00e0 Malaga<\/strong><\/a>, par exemple.<\/p>\n<p>Beaucoup de ces h\u00f4tels ruraux disposent \u00e9galement d&rsquo;un petit spa ou d&rsquo;un jacuzzi, d&rsquo;un sauna et de massages.<\/p>\n<p>En option, certains offrent un service de <a href=\"https:\/\/www.malagacar.com\/fr\/information\/malaga\/malaga-aeroport-transferts.html\" data-wpel-link=\"internal\"><strong>transfert depuis l&rsquo;a\u00e9roport de Malaga<\/strong><\/a> \u00e0 l&rsquo;h\u00f4tel rural.<\/p>\n<h2><span class=\"ez-toc-section\" id=\"Camping_et_Glamping_a_Malaga\"><\/span>Camping et Glamping \u00e0 Malaga<span class=\"ez-toc-section-end\"><\/span><\/h2>\n<figure id=\"attachment_15168\" aria-describedby=\"caption-attachment-15168\" style=\"width: 999px\" class=\"wp-caption alignnone\"><img loading=\"lazy\" decoding=\"async\" class=\"size-full wp-image-15168\" src=\"https:\/\/www.malagacar.com\/sp\/blog\/wp-content\/uploads\/2024\/01\/Camping-Antequera-Credit-Depositphotos.jpg\" alt=\"Camping Antequera Credit Depositphotos\" width=\"999\" height=\"667\" \/><figcaption id=\"caption-attachment-15168\" class=\"wp-caption-text\">Un camping-car \u00e0 Antequera. Cr\u00e9dit Depositphotos<\/figcaption><\/figure>\n<p>Une autre alternative tr\u00e8s populaire est de faire du tourisme rural \u00e0 Malaga dans votre propre maison sur roues. L&rsquo;avantage est \u00e9videmment la grande libert\u00e9 que conf\u00e8re ce mode de voyage.<\/p>\n<p>D&rsquo;ailleurs, saviez-vous qu&rsquo;avec nous, vous pouvez aussi <a href=\"https:\/\/www.malagacar.com\/fr\/location-de-voitures\/153\/Volkswagen-California-Auto-5-pax.html\" data-wpel-link=\"internal\"><strong>louer un camping-car \u00e0 l&rsquo;a\u00e9roport de Malaga<\/strong><\/a> ?<\/p>\n<p>Dans cet article, vous trouverez tout ce que vous devez savoir et les questions fr\u00e9quemment pos\u00e9es pour profiter d&rsquo;<a href=\"https:\/\/www.malagacar.com\/fr\/blog\/location-de-voitures-a-malaga\/location-campingcar-aeroport-malaga\/\" data-wpel-link=\"internal\"><strong>un s\u00e9jour en camping-car \u00e0 Malaga<\/strong><\/a>.<\/p>\n<p><a href=\"https:\/\/www.malagacar.com\/sp\/blog\/consejos-de-viaje\/camper-malaga\/\" data-wpel-link=\"internal\"><img loading=\"lazy\" decoding=\"async\" class=\"alignnone size-full wp-image-10488\" src=\"https:\/\/www.malagacar.com\/sp\/blog\/wp-content\/uploads\/2022\/03\/camper-es.jpg\" alt=\"tour en camping-car sur la Costa del Sol\" width=\"1000\" height=\"486\" \/><\/a><\/p>\n<h3><span class=\"ez-toc-section\" id=\"Tour_en_camping-car_a_Malaga\"><\/span>Tour en camping-car \u00e0 Malaga<span class=\"ez-toc-section-end\"><\/span><\/h3>\n<p>Si cette id\u00e9e vous attire, dans notre article <a href=\"https:\/\/www.malagacar.com\/fr\/blog\/astuces-de-voyage\/campertour-malaga-costa-del-sol\/\" data-wpel-link=\"internal\"><strong>Tour en camping-car \u00e0 Malaga et sur la Costa del Sol<\/strong><\/a>, vous trouverez de nombreuses id\u00e9es de lieux \u00e0 visiter, ainsi que les <a href=\"https:\/\/www.malagacar.com\/fr\/blog\/astuces-de-voyage\/campertour-malaga-costa-del-sol\/#Campings_a_linterieur_de_Malaga\" data-wpel-link=\"internal\"><strong>meilleurs campings \u00e0 l&rsquo;int\u00e9rieur de Malaga<\/strong><\/a>.<\/p>\n<h2><span class=\"ez-toc-section\" id=\"Festivals_foires_Fetes_gastronomiques_des_villages_de_Malaga\"><\/span>Festivals, foires &amp; F\u00eates gastronomiques des villages de Malaga<span class=\"ez-toc-section-end\"><\/span><\/h2>\n<figure id=\"attachment_9261\" aria-describedby=\"caption-attachment-9261\" style=\"width: 798px\" class=\"wp-caption alignnone\"><img loading=\"lazy\" decoding=\"async\" class=\"size-full wp-image-9261\" src=\"https:\/\/www.malagacar.com\/sp\/blog\/wp-content\/uploads\/2021\/08\/cerezas-alfarnate.jpg\" alt=\"cerezas alfarnate\" width=\"798\" height=\"405\" \/><figcaption id=\"caption-attachment-9261\" class=\"wp-caption-text\">Les cerises d&rsquo;Alfarnate sont c\u00e9l\u00e8bres. Go\u00fbtez-les pendant la Journ\u00e9e de la Cerise \u00e0 Alfarnate.<\/figcaption><\/figure>\n<p>Franchement, vous ne pouvez pas imaginer le nombre de foires et de f\u00eates qu&rsquo;il y a dans les 103 villages de Malaga !<\/p>\n<p>Avec leur tradition agricole combin\u00e9e au climat doux, il y a des f\u00eates de r\u00e9colte tout au long de l&rsquo;ann\u00e9e. Et n&rsquo;oubliez pas que les Malague\u00f1os aiment bien manger et faire la f\u00eate. C&rsquo;est-\u00e0-dire que beaucoup de f\u00eates sont gastronomiques et proposent des d\u00e9gustations de produits locaux.<\/p>\n<p>Si vous voulez vraiment conna\u00eetre Malaga plus en profondeur, ne manquez pas les f\u00eates locales et leurs habitants.<\/p>\n<h3><span class=\"ez-toc-section\" id=\"Calendrier_des_fetes_populaires_de_Malaga\"><\/span>Calendrier des f\u00eates populaires de Malaga<span class=\"ez-toc-section-end\"><\/span><\/h3>\n<p>Alors que certaines de ces f\u00eates ont des dates fixes, (par exemple chaque ann\u00e9e le troisi\u00e8me dimanche de f\u00e9vrier), beaucoup d&rsquo;autres ont des dates variables.<\/p>\n<p>Par cons\u00e9quent, si vous d\u00e9cidez de s\u00e9journer dans l&rsquo;un de ces villages, consultez le site web de la mairie locale pour les dates actuelles. Pour avoir une id\u00e9e mois par mois, voici le lien vers notre <a href=\"https:\/\/www.malagacar.com\/fr\/blog\/astuces-de-voyage\/guide-costa-del-sol\/#Calendrier_des_evenements_a_Malaga\" data-wpel-link=\"internal\"><strong>Calendrier des \u00e9v\u00e9nements de Malaga<\/strong><\/a>.<\/p>\n<h3><span class=\"ez-toc-section\" id=\"Festivals_Locaux_2026\"><\/span>Festivals Locaux 2026<span class=\"ez-toc-section-end\"><\/span><\/h3>\n<figure id=\"attachment_12474\" aria-describedby=\"caption-attachment-12474\" style=\"width: 750px\" class=\"wp-caption alignnone\"><img loading=\"lazy\" decoding=\"async\" class=\"size-large wp-image-12474\" src=\"https:\/\/www.malagacar.com\/sp\/blog\/wp-content\/uploads\/2022\/10\/Frigiliana-1024x684.jpg\" alt=\"frigiliana\" width=\"750\" height=\"501\" \/><figcaption id=\"caption-attachment-12474\" class=\"wp-caption-text\">Festival des trois cultures, Frigiliana<\/figcaption><\/figure>\n<ul>\n<li>Luna Mora \u00e0 Guaro (Nuits de la Lune Maure) : 11 et 12 septembre 2026.<\/li>\n<li>Enchantement andalou \u00e0 Carratraca : g\u00e9n\u00e9ralement le premier week-end de septembre.<\/li>\n<li>Bella Jarifa \u00e0 C\u00e1rtama (Nuits de la Belle Jarifa) : du 2 au 4 octobre 2026.<\/li>\n<li>Festival arabo-andalou \u00e0 Salares : troisi\u00e8me week-end de septembre.<\/li>\n<li>R\u00e9bellion maure \u00e0 Ist\u00e1n : du 24 au 26 ao\u00fbt 2026.<\/li>\n<li>Festival des Trois Cultures \u00e0 Frigiliana : du 27 au 30 ao\u00fbt 2026.<\/li>\n<li>Journ\u00e9es Douglas \u00e0 Teba : g\u00e9n\u00e9ralement fin ao\u00fbt (environ du 25 au 28 ao\u00fbt).<\/li>\n<li>Festival Monf\u00ed \u00e0 C\u00fatar : premier week-end d\u2019octobre. F\u00eate nationale am\u00e9ricaine \u00e0 Macharaviaya : du 3 au 5 juillet 2026.<\/li>\n<li>Ronda romantique \u00e0 Ronda\u00a0: du 29 au 31 mai 2026.<\/li>\n<\/ul>\n<h3><span class=\"ez-toc-section\" id=\"Fetes_Gastronomiques_locales_2026\"><\/span>F\u00eates Gastronomiques locales 2026<span class=\"ez-toc-section-end\"><\/span><\/h3>\n<figure id=\"attachment_12462\" aria-describedby=\"caption-attachment-12462\" style=\"width: 600px\" class=\"wp-caption alignnone\"><img loading=\"lazy\" decoding=\"async\" class=\"wp-image-12462 size-full\" src=\"https:\/\/www.malagacar.com\/sp\/blog\/wp-content\/uploads\/2022\/10\/El-Burgo.jpg\" alt=\"El Burgo\" width=\"600\" height=\"431\" \/><figcaption id=\"caption-attachment-12462\" class=\"wp-caption-text\">Journ\u00e9e de la Soupe des Sept Branches, El Burgo. Photo VerPueblos<\/figcaption><\/figure>\n<h4>\u00c9v\u00e9nements de janvier \u00e0 mars<\/h4>\n<ul>\n<li>Festival de l&rsquo;abattage de porcs d&rsquo;Ardales : deuxi\u00e8me dimanche de f\u00e9vrier<\/li>\n<li>Journ\u00e9e des f\u00e8ves (Villanueva de la Concepci\u00f3n) : mi-mars<\/li>\n<li>Monda Soup Day (Monda): mi-mars<\/li>\n<\/ul>\n<h4>\u00c9v\u00e9nements printemps\/\u00e9t\u00e9<\/h4>\n<ul>\n<li>Foire aux asperges (Sierra de Yeguas) : mi-avril.<\/li>\n<li>F\u00eate de la Chanfaina (Total\u00e1n) : dernier dimanche de novembre.<\/li>\n<li>Journ\u00e9e du boudin noir (Canillas de Aceituno) : dernier dimanche d&rsquo;avril.<\/li>\n<li>Journ\u00e9e de l&rsquo;orange (Ist\u00e1n) : mi-avril.<\/li>\n<li>F\u00eate de l&rsquo;orange (Co\u00edn) : mi-mai.<\/li>\n<li>Journ\u00e9e de l&rsquo;huile d&rsquo;olive Verdial (Periana) : dernier dimanche de mars ou d\u00e9but avril.<\/li>\n<li>F\u00eate de la Cachorre\u00f1a (Alhaur\u00edn el Grande) : fin mars.<\/li>\n<li>Journ\u00e9e des Hornazos (C\u00e1rtama) : dimanche de P\u00e2ques.<\/li>\n<li>F\u00eate de la mouture de Riogordo : premier week-end de mai.<\/li>\n<li>Journ\u00e9e de l&rsquo;escargot (Riogordo) : dernier dimanche de mai ou premier dimanche de juin.<\/li>\n<li>Journ\u00e9e de la cerise (Alfarnate) : mi-juin.<\/li>\n<li>Journ\u00e9e du n\u00e8fle (Sayalonga) : premier dimanche de mai.<\/li>\n<li>F\u00eate du raisin muscat (Iznate) : premier week-end d&rsquo;ao\u00fbt.<\/li>\n<li>Soir\u00e9e du vin (Competa) : 15 ao\u00fbt.<\/li>\n<li>Journ\u00e9e du miel de canne \u00e0 sucre (Frigiliana)\u00a0: Dernier week-end d\u2019ao\u00fbt.<\/li>\n<\/ul>\n<h4>\u00c9v\u00e9nements d&rsquo;automne\/hiver<\/h4>\n<ul>\n<li>F\u00eate des vendanges (Manilva) : Premier week-end de septembre.<\/li>\n<li>Foire des vendanges (Mollina) : Mi-septembre.<\/li>\n<li>Journ\u00e9e de l&rsquo;Ajoblanco (Alm\u00e1char) : Premier samedi de septembre.<\/li>\n<li>F\u00eate des vignerons (Moclinejo) : Deuxi\u00e8me dimanche de septembre.<\/li>\n<li>F\u00eate victorienne de l&rsquo;anchois (Rinc\u00f3n de la Victoria) : Mi-septembre.<\/li>\n<li>Foire \u00e0 l&rsquo;olive (Alozaina) : Mi-septembre.<\/li>\n<li>Journ\u00e9e de l&rsquo;amande (Almog\u00eda) : Dernier dimanche de septembre.<\/li>\n<li>Journ\u00e9e des soupes aux p\u00e9pites (\u00c1lora) : Premier samedi d&rsquo;octobre.<\/li>\n<li>Foire du vin et de la ch\u00e2taigne (Yunquera) : Dernier week-end d&rsquo;octobre.<\/li>\n<li>F\u00eate de la ch\u00e2taigne (Pujerra) : Fin octobre ou d\u00e9but novembre.<\/li>\n<li>F\u00eate de la ch\u00e2taigne (Alcauc\u00edn) : Mi-novembre.<\/li>\n<li>F\u00eate du lapin (Parauta) : Mi-novembre.<\/li>\n<li>Grill\u00e9 de ch\u00e2taignes (Oj\u00e9n) : Premier dimanche apr\u00e8s la Toussaint (novembre). F\u00eate du vin et de la charcuterie (Colmenar) : mi-d\u00e9cembre.<\/li>\n<li>F\u00eate de la chapelure de Torrox\u00a0: dernier dimanche avant No\u00ebl (g\u00e9n\u00e9ralement fin d\u00e9cembre).<\/li>\n<\/ul>\n\t\t\t\t\n\t\t\t\t<div id=\"search-form2\" class=\"big-quote index-mobile\">\n\t\t\t\t<form id=\"frmSearch\" name=\"frmSearch\" action=\"\/fr\/location-de-voitures\/quote.php\" method=\"post\" name=\"quote\" class=\"container-fluid\">\n\t\t\t\t\t\t\t\t\t<div class=\"row\">\n\t\t\t\t\t\t<div class=\"col-sm-6\">\n\n\t\t\t\t\t\t\t<div class=\"form-group\">\n\t\t\t\t\t\t\t\t<label for=\"entrega\"><h4>Collecte<\/h4><\/label>\n\t\t\t\t\t\t\t\t<select name=\"entrega\" id=\"entrega\" class=\"custom-select\">\n\t\t\t\t\t\t\t\t\t<option value=\"airport\"  selected>Malaga A\u00e9roport<\/option>\n\t\t\t\t\t\t\t\t\t\t\t\t\t\t\t\t<\/select>\n\t\t\t\t\t\t\t\t<div class=\"form-inline my-2\">\n\t\t\t\t\t\t\t\t\t<input id=\"pDate\" class=\"form-control\" value=\"07\/09\/2026\" name=\"pDate\" readonly onchange=\"return uppdate()\">\n\t\t\t\t\t\t\t\t\t<select class=\"custom-select\" id=\"phorasminutos\" name=\"phorasminutos\" oninvalid=\"setCustomValidity('Faites-nous conna\u00eetre votre heure d\u00b4arriv\u00e9e')\" onchange=\"setCustomValidity('');\">\n\t\t\t\t\t\t\t\t\t\t<option value=\"-\" selected>--:--<\/option>\n\t\t\t\t\t\t\t\t\t\t\t\t\t\t\t\t\t\t\t\t<option value=\"00:00\">\n\t\t\t\t\t\t\t\t\t\t\t00:00<\/option>\n\t\t\t\t\t\t\t\t\t\t<option value=\"00:15\">\n\t\t\t\t\t\t\t\t\t\t\t00:15<\/option>\n\t\t\t\t\t\t\t\t\t\t<option value=\"00:30\">\n\t\t\t\t\t\t\t\t\t\t\t00:30<\/option>\n\t\t\t\t\t\t\t\t\t\t<option value=\"00:45\">\n\t\t\t\t\t\t\t\t\t\t\t00:45<\/option>\n\t\t\t\t\t\t\t\t\t\t\t\t\t\t\t\t\t\t\t\t<option value=\"01:00\">\n\t\t\t\t\t\t\t\t\t\t\t01:00<\/option>\n\t\t\t\t\t\t\t\t\t\t<option value=\"01:15\">\n\t\t\t\t\t\t\t\t\t\t\t01:15<\/option>\n\t\t\t\t\t\t\t\t\t\t<option value=\"01:30\">\n\t\t\t\t\t\t\t\t\t\t\t01:30<\/option>\n\t\t\t\t\t\t\t\t\t\t<option value=\"01:45\">\n\t\t\t\t\t\t\t\t\t\t\t01:45<\/option>\n\t\t\t\t\t\t\t\t\t\t\t\t\t\t\t\t\t\t\t\t<option value=\"02:00\">\n\t\t\t\t\t\t\t\t\t\t\t02:00<\/option>\n\t\t\t\t\t\t\t\t\t\t<option value=\"02:15\">\n\t\t\t\t\t\t\t\t\t\t\t02:15<\/option>\n\t\t\t\t\t\t\t\t\t\t<option value=\"02:30\">\n\t\t\t\t\t\t\t\t\t\t\t02:30<\/option>\n\t\t\t\t\t\t\t\t\t\t<option value=\"02:45\">\n\t\t\t\t\t\t\t\t\t\t\t02:45<\/option>\n\t\t\t\t\t\t\t\t\t\t\t\t\t\t\t\t\t\t\t\t<option value=\"03:00\">\n\t\t\t\t\t\t\t\t\t\t\t03:00<\/option>\n\t\t\t\t\t\t\t\t\t\t<option value=\"03:15\">\n\t\t\t\t\t\t\t\t\t\t\t03:15<\/option>\n\t\t\t\t\t\t\t\t\t\t<option value=\"03:30\">\n\t\t\t\t\t\t\t\t\t\t\t03:30<\/option>\n\t\t\t\t\t\t\t\t\t\t<option value=\"03:45\">\n\t\t\t\t\t\t\t\t\t\t\t03:45<\/option>\n\t\t\t\t\t\t\t\t\t\t\t\t\t\t\t\t\t\t\t\t<option value=\"04:00\">\n\t\t\t\t\t\t\t\t\t\t\t04:00<\/option>\n\t\t\t\t\t\t\t\t\t\t<option value=\"04:15\">\n\t\t\t\t\t\t\t\t\t\t\t04:15<\/option>\n\t\t\t\t\t\t\t\t\t\t<option value=\"04:30\">\n\t\t\t\t\t\t\t\t\t\t\t04:30<\/option>\n\t\t\t\t\t\t\t\t\t\t<option value=\"04:45\">\n\t\t\t\t\t\t\t\t\t\t\t04:45<\/option>\n\t\t\t\t\t\t\t\t\t\t\t\t\t\t\t\t\t\t\t\t<option value=\"05:00\">\n\t\t\t\t\t\t\t\t\t\t\t05:00<\/option>\n\t\t\t\t\t\t\t\t\t\t<option value=\"05:15\">\n\t\t\t\t\t\t\t\t\t\t\t05:15<\/option>\n\t\t\t\t\t\t\t\t\t\t<option value=\"05:30\">\n\t\t\t\t\t\t\t\t\t\t\t05:30<\/option>\n\t\t\t\t\t\t\t\t\t\t<option value=\"05:45\">\n\t\t\t\t\t\t\t\t\t\t\t05:45<\/option>\n\t\t\t\t\t\t\t\t\t\t\t\t\t\t\t\t\t\t\t\t<option value=\"06:00\">\n\t\t\t\t\t\t\t\t\t\t\t06:00<\/option>\n\t\t\t\t\t\t\t\t\t\t<option value=\"06:15\">\n\t\t\t\t\t\t\t\t\t\t\t06:15<\/option>\n\t\t\t\t\t\t\t\t\t\t<option value=\"06:30\">\n\t\t\t\t\t\t\t\t\t\t\t06:30<\/option>\n\t\t\t\t\t\t\t\t\t\t<option value=\"06:45\">\n\t\t\t\t\t\t\t\t\t\t\t06:45<\/option>\n\t\t\t\t\t\t\t\t\t\t\t\t\t\t\t\t\t\t\t\t<option value=\"07:00\">\n\t\t\t\t\t\t\t\t\t\t\t07:00<\/option>\n\t\t\t\t\t\t\t\t\t\t<option value=\"07:15\">\n\t\t\t\t\t\t\t\t\t\t\t07:15<\/option>\n\t\t\t\t\t\t\t\t\t\t<option value=\"07:30\">\n\t\t\t\t\t\t\t\t\t\t\t07:30<\/option>\n\t\t\t\t\t\t\t\t\t\t<option value=\"07:45\">\n\t\t\t\t\t\t\t\t\t\t\t07:45<\/option>\n\t\t\t\t\t\t\t\t\t\t\t\t\t\t\t\t\t\t\t\t<option value=\"08:00\">\n\t\t\t\t\t\t\t\t\t\t\t08:00<\/option>\n\t\t\t\t\t\t\t\t\t\t<option value=\"08:15\">\n\t\t\t\t\t\t\t\t\t\t\t08:15<\/option>\n\t\t\t\t\t\t\t\t\t\t<option value=\"08:30\">\n\t\t\t\t\t\t\t\t\t\t\t08:30<\/option>\n\t\t\t\t\t\t\t\t\t\t<option value=\"08:45\">\n\t\t\t\t\t\t\t\t\t\t\t08:45<\/option>\n\t\t\t\t\t\t\t\t\t\t\t\t\t\t\t\t\t\t\t\t<option value=\"09:00\">\n\t\t\t\t\t\t\t\t\t\t\t09:00<\/option>\n\t\t\t\t\t\t\t\t\t\t<option value=\"09:15\">\n\t\t\t\t\t\t\t\t\t\t\t09:15<\/option>\n\t\t\t\t\t\t\t\t\t\t<option value=\"09:30\">\n\t\t\t\t\t\t\t\t\t\t\t09:30<\/option>\n\t\t\t\t\t\t\t\t\t\t<option value=\"09:45\">\n\t\t\t\t\t\t\t\t\t\t\t09:45<\/option>\n\t\t\t\t\t\t\t\t\t\t\t\t\t\t\t\t\t\t\t\t<option value=\"10:00\">\n\t\t\t\t\t\t\t\t\t\t\t10:00<\/option>\n\t\t\t\t\t\t\t\t\t\t<option value=\"10:15\">\n\t\t\t\t\t\t\t\t\t\t\t10:15<\/option>\n\t\t\t\t\t\t\t\t\t\t<option value=\"10:30\">\n\t\t\t\t\t\t\t\t\t\t\t10:30<\/option>\n\t\t\t\t\t\t\t\t\t\t<option value=\"10:45\">\n\t\t\t\t\t\t\t\t\t\t\t10:45<\/option>\n\t\t\t\t\t\t\t\t\t\t\t\t\t\t\t\t\t\t\t\t<option value=\"11:00\">\n\t\t\t\t\t\t\t\t\t\t\t11:00<\/option>\n\t\t\t\t\t\t\t\t\t\t<option value=\"11:15\">\n\t\t\t\t\t\t\t\t\t\t\t11:15<\/option>\n\t\t\t\t\t\t\t\t\t\t<option value=\"11:30\">\n\t\t\t\t\t\t\t\t\t\t\t11:30<\/option>\n\t\t\t\t\t\t\t\t\t\t<option value=\"11:45\">\n\t\t\t\t\t\t\t\t\t\t\t11:45<\/option>\n\t\t\t\t\t\t\t\t\t\t\t\t\t\t\t\t\t\t\t\t<option value=\"12:00\">\n\t\t\t\t\t\t\t\t\t\t\t12:00<\/option>\n\t\t\t\t\t\t\t\t\t\t<option value=\"12:15\">\n\t\t\t\t\t\t\t\t\t\t\t12:15<\/option>\n\t\t\t\t\t\t\t\t\t\t<option value=\"12:30\">\n\t\t\t\t\t\t\t\t\t\t\t12:30<\/option>\n\t\t\t\t\t\t\t\t\t\t<option value=\"12:45\">\n\t\t\t\t\t\t\t\t\t\t\t12:45<\/option>\n\t\t\t\t\t\t\t\t\t\t\t\t\t\t\t\t\t\t\t\t<option value=\"13:00\">\n\t\t\t\t\t\t\t\t\t\t\t13:00<\/option>\n\t\t\t\t\t\t\t\t\t\t<option value=\"13:15\">\n\t\t\t\t\t\t\t\t\t\t\t13:15<\/option>\n\t\t\t\t\t\t\t\t\t\t<option value=\"13:30\">\n\t\t\t\t\t\t\t\t\t\t\t13:30<\/option>\n\t\t\t\t\t\t\t\t\t\t<option value=\"13:45\">\n\t\t\t\t\t\t\t\t\t\t\t13:45<\/option>\n\t\t\t\t\t\t\t\t\t\t\t\t\t\t\t\t\t\t\t\t<option value=\"14:00\">\n\t\t\t\t\t\t\t\t\t\t\t14:00<\/option>\n\t\t\t\t\t\t\t\t\t\t<option value=\"14:15\">\n\t\t\t\t\t\t\t\t\t\t\t14:15<\/option>\n\t\t\t\t\t\t\t\t\t\t<option value=\"14:30\">\n\t\t\t\t\t\t\t\t\t\t\t14:30<\/option>\n\t\t\t\t\t\t\t\t\t\t<option value=\"14:45\">\n\t\t\t\t\t\t\t\t\t\t\t14:45<\/option>\n\t\t\t\t\t\t\t\t\t\t\t\t\t\t\t\t\t\t\t\t<option value=\"15:00\">\n\t\t\t\t\t\t\t\t\t\t\t15:00<\/option>\n\t\t\t\t\t\t\t\t\t\t<option value=\"15:15\">\n\t\t\t\t\t\t\t\t\t\t\t15:15<\/option>\n\t\t\t\t\t\t\t\t\t\t<option value=\"15:30\">\n\t\t\t\t\t\t\t\t\t\t\t15:30<\/option>\n\t\t\t\t\t\t\t\t\t\t<option value=\"15:45\">\n\t\t\t\t\t\t\t\t\t\t\t15:45<\/option>\n\t\t\t\t\t\t\t\t\t\t\t\t\t\t\t\t\t\t\t\t<option value=\"16:00\">\n\t\t\t\t\t\t\t\t\t\t\t16:00<\/option>\n\t\t\t\t\t\t\t\t\t\t<option value=\"16:15\">\n\t\t\t\t\t\t\t\t\t\t\t16:15<\/option>\n\t\t\t\t\t\t\t\t\t\t<option value=\"16:30\">\n\t\t\t\t\t\t\t\t\t\t\t16:30<\/option>\n\t\t\t\t\t\t\t\t\t\t<option value=\"16:45\">\n\t\t\t\t\t\t\t\t\t\t\t16:45<\/option>\n\t\t\t\t\t\t\t\t\t\t\t\t\t\t\t\t\t\t\t\t<option value=\"17:00\">\n\t\t\t\t\t\t\t\t\t\t\t17:00<\/option>\n\t\t\t\t\t\t\t\t\t\t<option value=\"17:15\">\n\t\t\t\t\t\t\t\t\t\t\t17:15<\/option>\n\t\t\t\t\t\t\t\t\t\t<option value=\"17:30\">\n\t\t\t\t\t\t\t\t\t\t\t17:30<\/option>\n\t\t\t\t\t\t\t\t\t\t<option value=\"17:45\">\n\t\t\t\t\t\t\t\t\t\t\t17:45<\/option>\n\t\t\t\t\t\t\t\t\t\t\t\t\t\t\t\t\t\t\t\t<option value=\"18:00\">\n\t\t\t\t\t\t\t\t\t\t\t18:00<\/option>\n\t\t\t\t\t\t\t\t\t\t<option value=\"18:15\">\n\t\t\t\t\t\t\t\t\t\t\t18:15<\/option>\n\t\t\t\t\t\t\t\t\t\t<option value=\"18:30\">\n\t\t\t\t\t\t\t\t\t\t\t18:30<\/option>\n\t\t\t\t\t\t\t\t\t\t<option value=\"18:45\">\n\t\t\t\t\t\t\t\t\t\t\t18:45<\/option>\n\t\t\t\t\t\t\t\t\t\t\t\t\t\t\t\t\t\t\t\t<option value=\"19:00\">\n\t\t\t\t\t\t\t\t\t\t\t19:00<\/option>\n\t\t\t\t\t\t\t\t\t\t<option value=\"19:15\">\n\t\t\t\t\t\t\t\t\t\t\t19:15<\/option>\n\t\t\t\t\t\t\t\t\t\t<option value=\"19:30\">\n\t\t\t\t\t\t\t\t\t\t\t19:30<\/option>\n\t\t\t\t\t\t\t\t\t\t<option value=\"19:45\">\n\t\t\t\t\t\t\t\t\t\t\t19:45<\/option>\n\t\t\t\t\t\t\t\t\t\t\t\t\t\t\t\t\t\t\t\t<option value=\"20:00\">\n\t\t\t\t\t\t\t\t\t\t\t20:00<\/option>\n\t\t\t\t\t\t\t\t\t\t<option value=\"20:15\">\n\t\t\t\t\t\t\t\t\t\t\t20:15<\/option>\n\t\t\t\t\t\t\t\t\t\t<option value=\"20:30\">\n\t\t\t\t\t\t\t\t\t\t\t20:30<\/option>\n\t\t\t\t\t\t\t\t\t\t<option value=\"20:45\">\n\t\t\t\t\t\t\t\t\t\t\t20:45<\/option>\n\t\t\t\t\t\t\t\t\t\t\t\t\t\t\t\t\t\t\t\t<option value=\"21:00\">\n\t\t\t\t\t\t\t\t\t\t\t21:00<\/option>\n\t\t\t\t\t\t\t\t\t\t<option value=\"21:15\">\n\t\t\t\t\t\t\t\t\t\t\t21:15<\/option>\n\t\t\t\t\t\t\t\t\t\t<option value=\"21:30\">\n\t\t\t\t\t\t\t\t\t\t\t21:30<\/option>\n\t\t\t\t\t\t\t\t\t\t<option value=\"21:45\">\n\t\t\t\t\t\t\t\t\t\t\t21:45<\/option>\n\t\t\t\t\t\t\t\t\t\t\t\t\t\t\t\t\t\t\t\t<option value=\"22:00\">\n\t\t\t\t\t\t\t\t\t\t\t22:00<\/option>\n\t\t\t\t\t\t\t\t\t\t<option value=\"22:15\">\n\t\t\t\t\t\t\t\t\t\t\t22:15<\/option>\n\t\t\t\t\t\t\t\t\t\t<option value=\"22:30\">\n\t\t\t\t\t\t\t\t\t\t\t22:30<\/option>\n\t\t\t\t\t\t\t\t\t\t<option value=\"22:45\">\n\t\t\t\t\t\t\t\t\t\t\t22:45<\/option>\n\t\t\t\t\t\t\t\t\t\t\t\t\t\t\t\t\t\t\t\t<option value=\"23:00\">\n\t\t\t\t\t\t\t\t\t\t\t23:00<\/option>\n\t\t\t\t\t\t\t\t\t\t<option value=\"23:15\">\n\t\t\t\t\t\t\t\t\t\t\t23:15<\/option>\n\t\t\t\t\t\t\t\t\t\t<option value=\"23:30\">\n\t\t\t\t\t\t\t\t\t\t\t23:30<\/option>\n\t\t\t\t\t\t\t\t\t\t<option value=\"23:45\">\n\t\t\t\t\t\t\t\t\t\t\t23:45<\/option>\n\t\t\t\t\t\t\t\t\t\t\t\t\t\t\t\t\t\t\t<\/select>\n\t\t\t\t\t\t\t\t<\/div>\n\t\t\t\t\t\t\t<\/div>\n\t\t\t\t\t\t<\/div>\n\t\t\t\t\t\t<div class=\"col-sm-6\">\n\t\t\t\t\t\t\t<div class=\"form-group\">\n\t\t\t\t\t\t\t\t<div id=\"bookingBox\"><\/div>\n\n\t\t\t\t\t\t\t\t<label for=\"devuelta\"><h4>D\u00e9p\u00f4t<\/h4><\/label>\n\t\t\t\t\t\t\t\t<select name=\"devuelta\" id=\"devuelta\" class=\"custom-select\">\n\t\t\t\t\t\t\t\t\t<option value=\"airport\"  selected>Malaga A\u00e9roport<\/option>\n\t\t\t\t\t\t\t\t\t\t\t\t\t\t\t\t<\/select>\n\n\t\t\t\t\t\t\t\t<div class=\"form-inline my-2\">\n\t\t\t\t\t\t\t\t\t<input id=\"dDate\" class=\"form-control\" value=\"14\/09\/2026\" name=\"dDate\" readonly>\n\t\t\t\t\t\t\t\t\t<select class=\"custom-select\" id=\"dhorasminutos\" name=\"dhorasminutos\" oninvalid=\"setCustomValidity('Faites-nous savoir votre heure de retour')\" onchange=\"setCustomValidity('')\">\n\t\t\t\t\t\t\t\t\t\t<option value=\"-\" selected>--:--<\/option>\n\t\t\t\t\t\t\t\t\t\t\t\t\t\t\t\t\t\t\t\t<option value=\"00:00\">\n\t\t\t\t\t\t\t\t\t\t\t00:00<\/option>\n\t\t\t\t\t\t\t\t\t\t<option value=\"00:15\">\n\t\t\t\t\t\t\t\t\t\t\t00:15<\/option>\n\t\t\t\t\t\t\t\t\t\t<option value=\"00:30\">\n\t\t\t\t\t\t\t\t\t\t\t00:30<\/option>\n\t\t\t\t\t\t\t\t\t\t<option value=\"00:45\">\n\t\t\t\t\t\t\t\t\t\t\t00:45<\/option>\n\t\t\t\t\t\t\t\t\t\t\t\t\t\t\t\t\t\t\t\t<option value=\"01:00\">\n\t\t\t\t\t\t\t\t\t\t\t01:00<\/option>\n\t\t\t\t\t\t\t\t\t\t<option value=\"01:15\">\n\t\t\t\t\t\t\t\t\t\t\t01:15<\/option>\n\t\t\t\t\t\t\t\t\t\t<option value=\"01:30\">\n\t\t\t\t\t\t\t\t\t\t\t01:30<\/option>\n\t\t\t\t\t\t\t\t\t\t<option value=\"01:45\">\n\t\t\t\t\t\t\t\t\t\t\t01:45<\/option>\n\t\t\t\t\t\t\t\t\t\t\t\t\t\t\t\t\t\t\t\t<option value=\"02:00\">\n\t\t\t\t\t\t\t\t\t\t\t02:00<\/option>\n\t\t\t\t\t\t\t\t\t\t<option value=\"02:15\">\n\t\t\t\t\t\t\t\t\t\t\t02:15<\/option>\n\t\t\t\t\t\t\t\t\t\t<option value=\"02:30\">\n\t\t\t\t\t\t\t\t\t\t\t02:30<\/option>\n\t\t\t\t\t\t\t\t\t\t<option value=\"02:45\">\n\t\t\t\t\t\t\t\t\t\t\t02:45<\/option>\n\t\t\t\t\t\t\t\t\t\t\t\t\t\t\t\t\t\t\t\t<option value=\"03:00\">\n\t\t\t\t\t\t\t\t\t\t\t03:00<\/option>\n\t\t\t\t\t\t\t\t\t\t<option value=\"03:15\">\n\t\t\t\t\t\t\t\t\t\t\t03:15<\/option>\n\t\t\t\t\t\t\t\t\t\t<option value=\"03:30\">\n\t\t\t\t\t\t\t\t\t\t\t03:30<\/option>\n\t\t\t\t\t\t\t\t\t\t<option value=\"03:45\">\n\t\t\t\t\t\t\t\t\t\t\t03:45<\/option>\n\t\t\t\t\t\t\t\t\t\t\t\t\t\t\t\t\t\t\t\t<option value=\"04:00\">\n\t\t\t\t\t\t\t\t\t\t\t04:00<\/option>\n\t\t\t\t\t\t\t\t\t\t<option value=\"04:15\">\n\t\t\t\t\t\t\t\t\t\t\t04:15<\/option>\n\t\t\t\t\t\t\t\t\t\t<option value=\"04:30\">\n\t\t\t\t\t\t\t\t\t\t\t04:30<\/option>\n\t\t\t\t\t\t\t\t\t\t<option value=\"04:45\">\n\t\t\t\t\t\t\t\t\t\t\t04:45<\/option>\n\t\t\t\t\t\t\t\t\t\t\t\t\t\t\t\t\t\t\t\t<option value=\"05:00\">\n\t\t\t\t\t\t\t\t\t\t\t05:00<\/option>\n\t\t\t\t\t\t\t\t\t\t<option value=\"05:15\">\n\t\t\t\t\t\t\t\t\t\t\t05:15<\/option>\n\t\t\t\t\t\t\t\t\t\t<option value=\"05:30\">\n\t\t\t\t\t\t\t\t\t\t\t05:30<\/option>\n\t\t\t\t\t\t\t\t\t\t<option value=\"05:45\">\n\t\t\t\t\t\t\t\t\t\t\t05:45<\/option>\n\t\t\t\t\t\t\t\t\t\t\t\t\t\t\t\t\t\t\t\t<option value=\"06:00\">\n\t\t\t\t\t\t\t\t\t\t\t06:00<\/option>\n\t\t\t\t\t\t\t\t\t\t<option value=\"06:15\">\n\t\t\t\t\t\t\t\t\t\t\t06:15<\/option>\n\t\t\t\t\t\t\t\t\t\t<option value=\"06:30\">\n\t\t\t\t\t\t\t\t\t\t\t06:30<\/option>\n\t\t\t\t\t\t\t\t\t\t<option value=\"06:45\">\n\t\t\t\t\t\t\t\t\t\t\t06:45<\/option>\n\t\t\t\t\t\t\t\t\t\t\t\t\t\t\t\t\t\t\t\t<option value=\"07:00\">\n\t\t\t\t\t\t\t\t\t\t\t07:00<\/option>\n\t\t\t\t\t\t\t\t\t\t<option value=\"07:15\">\n\t\t\t\t\t\t\t\t\t\t\t07:15<\/option>\n\t\t\t\t\t\t\t\t\t\t<option value=\"07:30\">\n\t\t\t\t\t\t\t\t\t\t\t07:30<\/option>\n\t\t\t\t\t\t\t\t\t\t<option value=\"07:45\">\n\t\t\t\t\t\t\t\t\t\t\t07:45<\/option>\n\t\t\t\t\t\t\t\t\t\t\t\t\t\t\t\t\t\t\t\t<option value=\"08:00\">\n\t\t\t\t\t\t\t\t\t\t\t08:00<\/option>\n\t\t\t\t\t\t\t\t\t\t<option value=\"08:15\">\n\t\t\t\t\t\t\t\t\t\t\t08:15<\/option>\n\t\t\t\t\t\t\t\t\t\t<option value=\"08:30\">\n\t\t\t\t\t\t\t\t\t\t\t08:30<\/option>\n\t\t\t\t\t\t\t\t\t\t<option value=\"08:45\">\n\t\t\t\t\t\t\t\t\t\t\t08:45<\/option>\n\t\t\t\t\t\t\t\t\t\t\t\t\t\t\t\t\t\t\t\t<option value=\"09:00\">\n\t\t\t\t\t\t\t\t\t\t\t09:00<\/option>\n\t\t\t\t\t\t\t\t\t\t<option value=\"09:15\">\n\t\t\t\t\t\t\t\t\t\t\t09:15<\/option>\n\t\t\t\t\t\t\t\t\t\t<option value=\"09:30\">\n\t\t\t\t\t\t\t\t\t\t\t09:30<\/option>\n\t\t\t\t\t\t\t\t\t\t<option value=\"09:45\">\n\t\t\t\t\t\t\t\t\t\t\t09:45<\/option>\n\t\t\t\t\t\t\t\t\t\t\t\t\t\t\t\t\t\t\t\t<option value=\"10:00\">\n\t\t\t\t\t\t\t\t\t\t\t10:00<\/option>\n\t\t\t\t\t\t\t\t\t\t<option value=\"10:15\">\n\t\t\t\t\t\t\t\t\t\t\t10:15<\/option>\n\t\t\t\t\t\t\t\t\t\t<option value=\"10:30\">\n\t\t\t\t\t\t\t\t\t\t\t10:30<\/option>\n\t\t\t\t\t\t\t\t\t\t<option value=\"10:45\">\n\t\t\t\t\t\t\t\t\t\t\t10:45<\/option>\n\t\t\t\t\t\t\t\t\t\t\t\t\t\t\t\t\t\t\t\t<option value=\"11:00\">\n\t\t\t\t\t\t\t\t\t\t\t11:00<\/option>\n\t\t\t\t\t\t\t\t\t\t<option value=\"11:15\">\n\t\t\t\t\t\t\t\t\t\t\t11:15<\/option>\n\t\t\t\t\t\t\t\t\t\t<option value=\"11:30\">\n\t\t\t\t\t\t\t\t\t\t\t11:30<\/option>\n\t\t\t\t\t\t\t\t\t\t<option value=\"11:45\">\n\t\t\t\t\t\t\t\t\t\t\t11:45<\/option>\n\t\t\t\t\t\t\t\t\t\t\t\t\t\t\t\t\t\t\t\t<option value=\"12:00\">\n\t\t\t\t\t\t\t\t\t\t\t12:00<\/option>\n\t\t\t\t\t\t\t\t\t\t<option value=\"12:15\">\n\t\t\t\t\t\t\t\t\t\t\t12:15<\/option>\n\t\t\t\t\t\t\t\t\t\t<option value=\"12:30\">\n\t\t\t\t\t\t\t\t\t\t\t12:30<\/option>\n\t\t\t\t\t\t\t\t\t\t<option value=\"12:45\">\n\t\t\t\t\t\t\t\t\t\t\t12:45<\/option>\n\t\t\t\t\t\t\t\t\t\t\t\t\t\t\t\t\t\t\t\t<option value=\"13:00\">\n\t\t\t\t\t\t\t\t\t\t\t13:00<\/option>\n\t\t\t\t\t\t\t\t\t\t<option value=\"13:15\">\n\t\t\t\t\t\t\t\t\t\t\t13:15<\/option>\n\t\t\t\t\t\t\t\t\t\t<option value=\"13:30\">\n\t\t\t\t\t\t\t\t\t\t\t13:30<\/option>\n\t\t\t\t\t\t\t\t\t\t<option value=\"13:45\">\n\t\t\t\t\t\t\t\t\t\t\t13:45<\/option>\n\t\t\t\t\t\t\t\t\t\t\t\t\t\t\t\t\t\t\t\t<option value=\"14:00\">\n\t\t\t\t\t\t\t\t\t\t\t14:00<\/option>\n\t\t\t\t\t\t\t\t\t\t<option value=\"14:15\">\n\t\t\t\t\t\t\t\t\t\t\t14:15<\/option>\n\t\t\t\t\t\t\t\t\t\t<option value=\"14:30\">\n\t\t\t\t\t\t\t\t\t\t\t14:30<\/option>\n\t\t\t\t\t\t\t\t\t\t<option value=\"14:45\">\n\t\t\t\t\t\t\t\t\t\t\t14:45<\/option>\n\t\t\t\t\t\t\t\t\t\t\t\t\t\t\t\t\t\t\t\t<option value=\"15:00\">\n\t\t\t\t\t\t\t\t\t\t\t15:00<\/option>\n\t\t\t\t\t\t\t\t\t\t<option value=\"15:15\">\n\t\t\t\t\t\t\t\t\t\t\t15:15<\/option>\n\t\t\t\t\t\t\t\t\t\t<option value=\"15:30\">\n\t\t\t\t\t\t\t\t\t\t\t15:30<\/option>\n\t\t\t\t\t\t\t\t\t\t<option value=\"15:45\">\n\t\t\t\t\t\t\t\t\t\t\t15:45<\/option>\n\t\t\t\t\t\t\t\t\t\t\t\t\t\t\t\t\t\t\t\t<option value=\"16:00\">\n\t\t\t\t\t\t\t\t\t\t\t16:00<\/option>\n\t\t\t\t\t\t\t\t\t\t<option value=\"16:15\">\n\t\t\t\t\t\t\t\t\t\t\t16:15<\/option>\n\t\t\t\t\t\t\t\t\t\t<option value=\"16:30\">\n\t\t\t\t\t\t\t\t\t\t\t16:30<\/option>\n\t\t\t\t\t\t\t\t\t\t<option value=\"16:45\">\n\t\t\t\t\t\t\t\t\t\t\t16:45<\/option>\n\t\t\t\t\t\t\t\t\t\t\t\t\t\t\t\t\t\t\t\t<option value=\"17:00\">\n\t\t\t\t\t\t\t\t\t\t\t17:00<\/option>\n\t\t\t\t\t\t\t\t\t\t<option value=\"17:15\">\n\t\t\t\t\t\t\t\t\t\t\t17:15<\/option>\n\t\t\t\t\t\t\t\t\t\t<option value=\"17:30\">\n\t\t\t\t\t\t\t\t\t\t\t17:30<\/option>\n\t\t\t\t\t\t\t\t\t\t<option value=\"17:45\">\n\t\t\t\t\t\t\t\t\t\t\t17:45<\/option>\n\t\t\t\t\t\t\t\t\t\t\t\t\t\t\t\t\t\t\t\t<option value=\"18:00\">\n\t\t\t\t\t\t\t\t\t\t\t18:00<\/option>\n\t\t\t\t\t\t\t\t\t\t<option value=\"18:15\">\n\t\t\t\t\t\t\t\t\t\t\t18:15<\/option>\n\t\t\t\t\t\t\t\t\t\t<option value=\"18:30\">\n\t\t\t\t\t\t\t\t\t\t\t18:30<\/option>\n\t\t\t\t\t\t\t\t\t\t<option value=\"18:45\">\n\t\t\t\t\t\t\t\t\t\t\t18:45<\/option>\n\t\t\t\t\t\t\t\t\t\t\t\t\t\t\t\t\t\t\t\t<option value=\"19:00\">\n\t\t\t\t\t\t\t\t\t\t\t19:00<\/option>\n\t\t\t\t\t\t\t\t\t\t<option value=\"19:15\">\n\t\t\t\t\t\t\t\t\t\t\t19:15<\/option>\n\t\t\t\t\t\t\t\t\t\t<option value=\"19:30\">\n\t\t\t\t\t\t\t\t\t\t\t19:30<\/option>\n\t\t\t\t\t\t\t\t\t\t<option value=\"19:45\">\n\t\t\t\t\t\t\t\t\t\t\t19:45<\/option>\n\t\t\t\t\t\t\t\t\t\t\t\t\t\t\t\t\t\t\t\t<option value=\"20:00\">\n\t\t\t\t\t\t\t\t\t\t\t20:00<\/option>\n\t\t\t\t\t\t\t\t\t\t<option value=\"20:15\">\n\t\t\t\t\t\t\t\t\t\t\t20:15<\/option>\n\t\t\t\t\t\t\t\t\t\t<option value=\"20:30\">\n\t\t\t\t\t\t\t\t\t\t\t20:30<\/option>\n\t\t\t\t\t\t\t\t\t\t<option value=\"20:45\">\n\t\t\t\t\t\t\t\t\t\t\t20:45<\/option>\n\t\t\t\t\t\t\t\t\t\t\t\t\t\t\t\t\t\t\t\t<option value=\"21:00\">\n\t\t\t\t\t\t\t\t\t\t\t21:00<\/option>\n\t\t\t\t\t\t\t\t\t\t<option value=\"21:15\">\n\t\t\t\t\t\t\t\t\t\t\t21:15<\/option>\n\t\t\t\t\t\t\t\t\t\t<option value=\"21:30\">\n\t\t\t\t\t\t\t\t\t\t\t21:30<\/option>\n\t\t\t\t\t\t\t\t\t\t<option value=\"21:45\">\n\t\t\t\t\t\t\t\t\t\t\t21:45<\/option>\n\t\t\t\t\t\t\t\t\t\t\t\t\t\t\t\t\t\t\t\t<option value=\"22:00\">\n\t\t\t\t\t\t\t\t\t\t\t22:00<\/option>\n\t\t\t\t\t\t\t\t\t\t<option value=\"22:15\">\n\t\t\t\t\t\t\t\t\t\t\t22:15<\/option>\n\t\t\t\t\t\t\t\t\t\t<option value=\"22:30\">\n\t\t\t\t\t\t\t\t\t\t\t22:30<\/option>\n\t\t\t\t\t\t\t\t\t\t<option value=\"22:45\">\n\t\t\t\t\t\t\t\t\t\t\t22:45<\/option>\n\t\t\t\t\t\t\t\t\t\t\t\t\t\t\t\t\t\t\t\t<option value=\"23:00\">\n\t\t\t\t\t\t\t\t\t\t\t23:00<\/option>\n\t\t\t\t\t\t\t\t\t\t<option value=\"23:15\">\n\t\t\t\t\t\t\t\t\t\t\t23:15<\/option>\n\t\t\t\t\t\t\t\t\t\t<option value=\"23:30\">\n\t\t\t\t\t\t\t\t\t\t\t23:30<\/option>\n\t\t\t\t\t\t\t\t\t\t<option value=\"23:45\">\n\t\t\t\t\t\t\t\t\t\t\t23:45<\/option>\n\t\t\t\t\t\t\t\t\t\t\t\t\t\t\t\t\t\t\t<\/select>\n\t\t\t\t\t\t\t\t<\/div>\n\t\t\t\t\t\t\t<\/div>\n\t\t\t\t\t\t<\/div>\n\n\t\t\t\t\t<\/div>\n\t\t\t\t\n\n\t\t\t\t\t\t<div class=\"row\">\n                               <div class=\"col-sm-6\">\n\t\t\t\t\t\t\t\t<div class=\"form-group promo-code\">\n\t\t\t\t\t\t\t\t\t\t\t\t\t\t\t\t\t<label for=\"tipogrupo\" class=\"w-50 text-right pr-3 pt-1\">Group<\/label>\n\t\t\t\t\t\t\t\t\t<select name=\"tipogrupo\" id=\"tipogrupo\" class=\"form-control w-50\">\n\t\t\t\t\t\t\t\t\t<option value=\"0\">Voir tous<\/option>\n\t\t\t                        <option value=\"1\">Standard<\/option> \n\t\t\t\t\t\t\t\t\t<option value=\"2\">Automatique<\/option>  \n\t\t\t\t\t\t\t\t\t<option value=\"4\">Transporteurs<\/option>  \n\t\t\t\t\t\t\t\t\t<option value=\"5\">Cabriolet et Sport<\/option>  \n\t\t\t\t\t\t\t\t\t<option value=\"6\">Prestige<\/option>  \n\t\t\t\t\t\t\t\t\t<option value=\"8\">SUV<\/option>  \n\t\t\t\t\t\t\t\t\t<option value=\"10\">Camping car et Autocaravane<\/option>  \t\t\t\t\t\t\t\n\t\t\t\t\t\t\t\t<\/select>\t\n\t\t\t\t\t\t\t\t\t\n\t\t\t\t\t\t\t<\/div>\n\t\t\t\t\t\t\t<\/div>\n\t\t\t\t\t\t<div class=\"col-sm-6 align-self-end\">\n\t\t\t\t\t\t\t<div class=\"form-group\">\n\t\t\t\t\t\t\t\t<input type=\"submit\" class=\"btn-quote\" value=\"Voir les prix\" onclick=\"return msgAlert()\">\n\t\t\t\t\t\t\t<\/div>\n\t\t\t\t\t\t<\/div>\n\t\t\t\t\t<\/div>\n\t\t\t\t<\/form>\n\t\t\t\t<div class=\"row hide-mini-tablet advantages\">\n\t\t\t\t\t\t<div class=\"col-12\">\n\t\t\t\t\t\t\t<h4 class=\"text-center text-white\">TARIFS IMBATTABLES<\/h4>\n\t\t\t\t\t\t\t<ul>\n\t\t\t\t\t\t\t\t<li><strong>Grande flotte<\/strong> de voitures neuves.<\/li>\n\t\t\t\t\t\t\t\t<li><strong>Payez \u00e0 l'arriv\u00e9e<\/strong>.<\/li>\n\t\t\t\t\t\t\t\t<li>Ce que vous voyez est ce que vous payez.<\/li>\n\t\t\t\t\t\t\t\t<li><strong>Pas difficile \u00e0 vendre au bureau<\/strong>.<\/li>\n\t\t\t\t\t\t\t\t<li>Service de livraison VIP gratuit.<\/li>\n\t\t\t\t\t\t\t\t<li><strong class='redpassion-alt'>PAS DE FRAIS SUPPL\u00c9MENTAIRES<\/strong>, pour le service de ravitaillement.<\/li>\n\t\t\t\t\t\t\t<\/ul>\n\t\t\t\t\t\t<\/div>\n\t\t\t\t\t<\/div>\n\t\t\t\t<\/div>\n\t\t\t<br clear=\"all\">\n\n","protected":false},"excerpt":{"rendered":"<p>Bien que la principale attraction de la Costa del Sol soit ses plages, un nombre croissant de visiteurs optent pour des \u00ab\u00a0Vacances rurales \u00e0 Malaga\u00a0\u00bb, loin de la c\u00f4te anim\u00e9e.<\/p>\n","protected":false},"author":1,"featured_media":962,"comment_status":"open","ping_status":"open","sticky":false,"template":"","format":"standard","meta":{"footnotes":""},"categories":[43],"tags":[],"class_list":["post-961","post","type-post","status-publish","format-standard","has-post-thumbnail","hentry","category-astuces-de-voyage"],"yoast_head":"<!-- This site is optimized with the Yoast SEO plugin v28.4 - https:\/\/yoast.com\/product\/yoast-seo-wordpress\/ -->\n<title>Vacances rurales \u00e0 Malaga 2026 - Blog de MalagaCar.com<\/title>\n<meta name=\"description\" content=\"Le vacances rurales \u00e0 Malaga, c\u2019est la culture et la gastronomie, les festivals et les villages blancs, les rivi\u00e8res et les montagnes.\" \/>\n<meta name=\"robots\" content=\"index, follow, max-snippet:-1, max-image-preview:large, max-video-preview:-1\" \/>\n<link rel=\"canonical\" href=\"https:\/\/www.malagacar.com\/fr\/blog\/astuces-de-voyage\/vacances-rurales-malaga\/\" \/>\n<meta property=\"og:locale\" content=\"fr_FR\" \/>\n<meta property=\"og:type\" content=\"article\" \/>\n<meta property=\"og:title\" content=\"Vacances rurales \u00e0 Malaga 2026 - Blog de MalagaCar.com\" \/>\n<meta property=\"og:description\" content=\"Le vacances rurales \u00e0 Malaga, c\u2019est la culture et la gastronomie, les festivals et les villages blancs, les rivi\u00e8res et les montagnes.\" \/>\n<meta property=\"og:url\" content=\"https:\/\/www.malagacar.com\/fr\/blog\/astuces-de-voyage\/vacances-rurales-malaga\/\" \/>\n<meta property=\"og:site_name\" content=\"Blog de MalagaCar.com\" \/>\n<meta property=\"article:publisher\" content=\"https:\/\/www.facebook.com\/malagacar\" \/>\n<meta property=\"article:published_time\" content=\"2026-03-27T08:52:14+00:00\" \/>\n<meta property=\"article:modified_time\" content=\"2026-03-27T08:52:34+00:00\" \/>\n<meta property=\"og:image\" content=\"https:\/\/www.malagacar.com\/fr\/blog\/wp-content\/uploads\/2024\/02\/vacances-rurales-malaga.jpg\" \/>\n\t<meta property=\"og:image:width\" content=\"999\" \/>\n\t<meta property=\"og:image:height\" content=\"608\" \/>\n\t<meta property=\"og:image:type\" content=\"image\/jpeg\" \/>\n<meta name=\"author\" content=\"MalagaCar.com\" \/>\n<meta name=\"twitter:card\" content=\"summary_large_image\" \/>\n<meta name=\"twitter:creator\" content=\"@malagacarcom\" \/>\n<meta name=\"twitter:site\" content=\"@malagacarcom\" \/>\n<meta name=\"twitter:label1\" content=\"\u00c9crit par\" \/>\n\t<meta name=\"twitter:data1\" content=\"MalagaCar.com\" \/>\n\t<meta name=\"twitter:label2\" content=\"Dur\u00e9e de lecture estim\u00e9e\" \/>\n\t<meta name=\"twitter:data2\" content=\"14 minutes\" \/>\n<script type=\"application\/ld+json\" class=\"yoast-schema-graph\">{\"@context\":\"https:\\\/\\\/schema.org\",\"@graph\":[{\"@type\":\"Article\",\"@id\":\"https:\\\/\\\/www.malagacar.com\\\/fr\\\/blog\\\/astuces-de-voyage\\\/vacances-rurales-malaga\\\/#article\",\"isPartOf\":{\"@id\":\"https:\\\/\\\/www.malagacar.com\\\/fr\\\/blog\\\/astuces-de-voyage\\\/vacances-rurales-malaga\\\/\"},\"author\":{\"name\":\"MalagaCar.com\",\"@id\":\"https:\\\/\\\/www.malagacar.com\\\/fr\\\/blog\\\/#\\\/schema\\\/person\\\/ffb97005d02bcc7d0bb59f5409635691\"},\"headline\":\"Vacances rurales \u00e0 Malaga 2026\",\"datePublished\":\"2026-03-27T08:52:14+00:00\",\"dateModified\":\"2026-03-27T08:52:34+00:00\",\"mainEntityOfPage\":{\"@id\":\"https:\\\/\\\/www.malagacar.com\\\/fr\\\/blog\\\/astuces-de-voyage\\\/vacances-rurales-malaga\\\/\"},\"wordCount\":2275,\"commentCount\":0,\"publisher\":{\"@id\":\"https:\\\/\\\/www.malagacar.com\\\/fr\\\/blog\\\/#organization\"},\"image\":{\"@id\":\"https:\\\/\\\/www.malagacar.com\\\/fr\\\/blog\\\/astuces-de-voyage\\\/vacances-rurales-malaga\\\/#primaryimage\"},\"thumbnailUrl\":\"https:\\\/\\\/www.malagacar.com\\\/fr\\\/blog\\\/wp-content\\\/uploads\\\/2024\\\/02\\\/vacances-rurales-malaga.jpg\",\"articleSection\":[\"Astuces de voyage\"],\"inLanguage\":\"fr-FR\",\"potentialAction\":[{\"@type\":\"CommentAction\",\"name\":\"Comment\",\"target\":[\"https:\\\/\\\/www.malagacar.com\\\/fr\\\/blog\\\/astuces-de-voyage\\\/vacances-rurales-malaga\\\/#respond\"]}]},{\"@type\":\"WebPage\",\"@id\":\"https:\\\/\\\/www.malagacar.com\\\/fr\\\/blog\\\/astuces-de-voyage\\\/vacances-rurales-malaga\\\/\",\"url\":\"https:\\\/\\\/www.malagacar.com\\\/fr\\\/blog\\\/astuces-de-voyage\\\/vacances-rurales-malaga\\\/\",\"name\":\"Vacances rurales \u00e0 Malaga 2026 - Blog de MalagaCar.com\",\"isPartOf\":{\"@id\":\"https:\\\/\\\/www.malagacar.com\\\/fr\\\/blog\\\/#website\"},\"primaryImageOfPage\":{\"@id\":\"https:\\\/\\\/www.malagacar.com\\\/fr\\\/blog\\\/astuces-de-voyage\\\/vacances-rurales-malaga\\\/#primaryimage\"},\"image\":{\"@id\":\"https:\\\/\\\/www.malagacar.com\\\/fr\\\/blog\\\/astuces-de-voyage\\\/vacances-rurales-malaga\\\/#primaryimage\"},\"thumbnailUrl\":\"https:\\\/\\\/www.malagacar.com\\\/fr\\\/blog\\\/wp-content\\\/uploads\\\/2024\\\/02\\\/vacances-rurales-malaga.jpg\",\"datePublished\":\"2026-03-27T08:52:14+00:00\",\"dateModified\":\"2026-03-27T08:52:34+00:00\",\"description\":\"Le vacances rurales \u00e0 Malaga, c\u2019est la culture et la gastronomie, les festivals et les villages blancs, les rivi\u00e8res et les montagnes.\",\"breadcrumb\":{\"@id\":\"https:\\\/\\\/www.malagacar.com\\\/fr\\\/blog\\\/astuces-de-voyage\\\/vacances-rurales-malaga\\\/#breadcrumb\"},\"inLanguage\":\"fr-FR\",\"potentialAction\":[{\"@type\":\"ReadAction\",\"target\":[\"https:\\\/\\\/www.malagacar.com\\\/fr\\\/blog\\\/astuces-de-voyage\\\/vacances-rurales-malaga\\\/\"]}]},{\"@type\":\"ImageObject\",\"inLanguage\":\"fr-FR\",\"@id\":\"https:\\\/\\\/www.malagacar.com\\\/fr\\\/blog\\\/astuces-de-voyage\\\/vacances-rurales-malaga\\\/#primaryimage\",\"url\":\"https:\\\/\\\/www.malagacar.com\\\/fr\\\/blog\\\/wp-content\\\/uploads\\\/2024\\\/02\\\/vacances-rurales-malaga.jpg\",\"contentUrl\":\"https:\\\/\\\/www.malagacar.com\\\/fr\\\/blog\\\/wp-content\\\/uploads\\\/2024\\\/02\\\/vacances-rurales-malaga.jpg\",\"width\":999,\"height\":608,\"caption\":\"Vacances rurales Malaga\"},{\"@type\":\"BreadcrumbList\",\"@id\":\"https:\\\/\\\/www.malagacar.com\\\/fr\\\/blog\\\/astuces-de-voyage\\\/vacances-rurales-malaga\\\/#breadcrumb\",\"itemListElement\":[{\"@type\":\"ListItem\",\"position\":1,\"name\":\"Accueil\",\"item\":\"https:\\\/\\\/www.malagacar.com\\\/fr\\\/blog\\\/\"},{\"@type\":\"ListItem\",\"position\":2,\"name\":\"Vacances rurales \u00e0 Malaga 2026\"}]},{\"@type\":\"WebSite\",\"@id\":\"https:\\\/\\\/www.malagacar.com\\\/fr\\\/blog\\\/#website\",\"url\":\"https:\\\/\\\/www.malagacar.com\\\/fr\\\/blog\\\/\",\"name\":\"Blog de MalagaCar.com\",\"description\":\"Nouvelles et informations int\u00e9ressantes sur la location de voitures \u00e0 l&#039;a\u00e9roport de Malaga.\",\"publisher\":{\"@id\":\"https:\\\/\\\/www.malagacar.com\\\/fr\\\/blog\\\/#organization\"},\"potentialAction\":[{\"@type\":\"SearchAction\",\"target\":{\"@type\":\"EntryPoint\",\"urlTemplate\":\"https:\\\/\\\/www.malagacar.com\\\/fr\\\/blog\\\/?s={search_term_string}\"},\"query-input\":{\"@type\":\"PropertyValueSpecification\",\"valueRequired\":true,\"valueName\":\"search_term_string\"}}],\"inLanguage\":\"fr-FR\"},{\"@type\":\"Organization\",\"@id\":\"https:\\\/\\\/www.malagacar.com\\\/fr\\\/blog\\\/#organization\",\"name\":\"MalagaCar.com\",\"url\":\"https:\\\/\\\/www.malagacar.com\\\/fr\\\/blog\\\/\",\"logo\":{\"@type\":\"ImageObject\",\"inLanguage\":\"fr-FR\",\"@id\":\"https:\\\/\\\/www.malagacar.com\\\/fr\\\/blog\\\/#\\\/schema\\\/logo\\\/image\\\/\",\"url\":\"https:\\\/\\\/www.malagacar.com\\\/fr\\\/blog\\\/wp-content\\\/uploads\\\/2021\\\/06\\\/logo-malagacar-social.png\",\"contentUrl\":\"https:\\\/\\\/www.malagacar.com\\\/fr\\\/blog\\\/wp-content\\\/uploads\\\/2021\\\/06\\\/logo-malagacar-social.png\",\"width\":900,\"height\":900,\"caption\":\"MalagaCar.com\"},\"image\":{\"@id\":\"https:\\\/\\\/www.malagacar.com\\\/fr\\\/blog\\\/#\\\/schema\\\/logo\\\/image\\\/\"},\"sameAs\":[\"https:\\\/\\\/www.facebook.com\\\/malagacar\",\"https:\\\/\\\/x.com\\\/malagacarcom\",\"https:\\\/\\\/www.instagram.com\\\/malagacar\\\/\",\"https:\\\/\\\/www.linkedin.com\\\/company\\\/malagacar.com\",\"https:\\\/\\\/www.youtube.com\\\/c\\\/MalagacarAirport\"]},{\"@type\":\"Person\",\"@id\":\"https:\\\/\\\/www.malagacar.com\\\/fr\\\/blog\\\/#\\\/schema\\\/person\\\/ffb97005d02bcc7d0bb59f5409635691\",\"name\":\"MalagaCar.com\",\"image\":{\"@type\":\"ImageObject\",\"inLanguage\":\"fr-FR\",\"@id\":\"https:\\\/\\\/secure.gravatar.com\\\/avatar\\\/296ebc31026e7be05868369e4c596b3239b1582b2fcf8a45de57333e2e82bb82?s=96&d=mm&r=g\",\"url\":\"https:\\\/\\\/secure.gravatar.com\\\/avatar\\\/296ebc31026e7be05868369e4c596b3239b1582b2fcf8a45de57333e2e82bb82?s=96&d=mm&r=g\",\"contentUrl\":\"https:\\\/\\\/secure.gravatar.com\\\/avatar\\\/296ebc31026e7be05868369e4c596b3239b1582b2fcf8a45de57333e2e82bb82?s=96&d=mm&r=g\",\"caption\":\"MalagaCar.com\"},\"sameAs\":[\"https:\\\/\\\/www.malagacar.com\\\/fr\\\/blog\"]}]}<\/script>\n<!-- \/ Yoast SEO plugin. -->","yoast_head_json":{"title":"Vacances rurales \u00e0 Malaga 2026 - Blog de MalagaCar.com","description":"Le vacances rurales \u00e0 Malaga, c\u2019est la culture et la gastronomie, les festivals et les villages blancs, les rivi\u00e8res et les montagnes.","robots":{"index":"index","follow":"follow","max-snippet":"max-snippet:-1","max-image-preview":"max-image-preview:large","max-video-preview":"max-video-preview:-1"},"canonical":"https:\/\/www.malagacar.com\/fr\/blog\/astuces-de-voyage\/vacances-rurales-malaga\/","og_locale":"fr_FR","og_type":"article","og_title":"Vacances rurales \u00e0 Malaga 2026 - Blog de MalagaCar.com","og_description":"Le vacances rurales \u00e0 Malaga, c\u2019est la culture et la gastronomie, les festivals et les villages blancs, les rivi\u00e8res et les montagnes.","og_url":"https:\/\/www.malagacar.com\/fr\/blog\/astuces-de-voyage\/vacances-rurales-malaga\/","og_site_name":"Blog de MalagaCar.com","article_publisher":"https:\/\/www.facebook.com\/malagacar","article_published_time":"2026-03-27T08:52:14+00:00","article_modified_time":"2026-03-27T08:52:34+00:00","og_image":[{"width":999,"height":608,"url":"https:\/\/www.malagacar.com\/fr\/blog\/wp-content\/uploads\/2024\/02\/vacances-rurales-malaga.jpg","type":"image\/jpeg"}],"author":"MalagaCar.com","twitter_card":"summary_large_image","twitter_creator":"@malagacarcom","twitter_site":"@malagacarcom","twitter_misc":{"\u00c9crit par":"MalagaCar.com","Dur\u00e9e de lecture estim\u00e9e":"14 minutes"},"schema":{"@context":"https:\/\/schema.org","@graph":[{"@type":"Article","@id":"https:\/\/www.malagacar.com\/fr\/blog\/astuces-de-voyage\/vacances-rurales-malaga\/#article","isPartOf":{"@id":"https:\/\/www.malagacar.com\/fr\/blog\/astuces-de-voyage\/vacances-rurales-malaga\/"},"author":{"name":"MalagaCar.com","@id":"https:\/\/www.malagacar.com\/fr\/blog\/#\/schema\/person\/ffb97005d02bcc7d0bb59f5409635691"},"headline":"Vacances rurales \u00e0 Malaga 2026","datePublished":"2026-03-27T08:52:14+00:00","dateModified":"2026-03-27T08:52:34+00:00","mainEntityOfPage":{"@id":"https:\/\/www.malagacar.com\/fr\/blog\/astuces-de-voyage\/vacances-rurales-malaga\/"},"wordCount":2275,"commentCount":0,"publisher":{"@id":"https:\/\/www.malagacar.com\/fr\/blog\/#organization"},"image":{"@id":"https:\/\/www.malagacar.com\/fr\/blog\/astuces-de-voyage\/vacances-rurales-malaga\/#primaryimage"},"thumbnailUrl":"https:\/\/www.malagacar.com\/fr\/blog\/wp-content\/uploads\/2024\/02\/vacances-rurales-malaga.jpg","articleSection":["Astuces de voyage"],"inLanguage":"fr-FR","potentialAction":[{"@type":"CommentAction","name":"Comment","target":["https:\/\/www.malagacar.com\/fr\/blog\/astuces-de-voyage\/vacances-rurales-malaga\/#respond"]}]},{"@type":"WebPage","@id":"https:\/\/www.malagacar.com\/fr\/blog\/astuces-de-voyage\/vacances-rurales-malaga\/","url":"https:\/\/www.malagacar.com\/fr\/blog\/astuces-de-voyage\/vacances-rurales-malaga\/","name":"Vacances rurales \u00e0 Malaga 2026 - Blog de MalagaCar.com","isPartOf":{"@id":"https:\/\/www.malagacar.com\/fr\/blog\/#website"},"primaryImageOfPage":{"@id":"https:\/\/www.malagacar.com\/fr\/blog\/astuces-de-voyage\/vacances-rurales-malaga\/#primaryimage"},"image":{"@id":"https:\/\/www.malagacar.com\/fr\/blog\/astuces-de-voyage\/vacances-rurales-malaga\/#primaryimage"},"thumbnailUrl":"https:\/\/www.malagacar.com\/fr\/blog\/wp-content\/uploads\/2024\/02\/vacances-rurales-malaga.jpg","datePublished":"2026-03-27T08:52:14+00:00","dateModified":"2026-03-27T08:52:34+00:00","description":"Le vacances rurales \u00e0 Malaga, c\u2019est la culture et la gastronomie, les festivals et les villages blancs, les rivi\u00e8res et les montagnes.","breadcrumb":{"@id":"https:\/\/www.malagacar.com\/fr\/blog\/astuces-de-voyage\/vacances-rurales-malaga\/#breadcrumb"},"inLanguage":"fr-FR","potentialAction":[{"@type":"ReadAction","target":["https:\/\/www.malagacar.com\/fr\/blog\/astuces-de-voyage\/vacances-rurales-malaga\/"]}]},{"@type":"ImageObject","inLanguage":"fr-FR","@id":"https:\/\/www.malagacar.com\/fr\/blog\/astuces-de-voyage\/vacances-rurales-malaga\/#primaryimage","url":"https:\/\/www.malagacar.com\/fr\/blog\/wp-content\/uploads\/2024\/02\/vacances-rurales-malaga.jpg","contentUrl":"https:\/\/www.malagacar.com\/fr\/blog\/wp-content\/uploads\/2024\/02\/vacances-rurales-malaga.jpg","width":999,"height":608,"caption":"Vacances rurales Malaga"},{"@type":"BreadcrumbList","@id":"https:\/\/www.malagacar.com\/fr\/blog\/astuces-de-voyage\/vacances-rurales-malaga\/#breadcrumb","itemListElement":[{"@type":"ListItem","position":1,"name":"Accueil","item":"https:\/\/www.malagacar.com\/fr\/blog\/"},{"@type":"ListItem","position":2,"name":"Vacances rurales \u00e0 Malaga 2026"}]},{"@type":"WebSite","@id":"https:\/\/www.malagacar.com\/fr\/blog\/#website","url":"https:\/\/www.malagacar.com\/fr\/blog\/","name":"Blog de MalagaCar.com","description":"Nouvelles et informations int\u00e9ressantes sur la location de voitures \u00e0 l&#039;a\u00e9roport de Malaga.","publisher":{"@id":"https:\/\/www.malagacar.com\/fr\/blog\/#organization"},"potentialAction":[{"@type":"SearchAction","target":{"@type":"EntryPoint","urlTemplate":"https:\/\/www.malagacar.com\/fr\/blog\/?s={search_term_string}"},"query-input":{"@type":"PropertyValueSpecification","valueRequired":true,"valueName":"search_term_string"}}],"inLanguage":"fr-FR"},{"@type":"Organization","@id":"https:\/\/www.malagacar.com\/fr\/blog\/#organization","name":"MalagaCar.com","url":"https:\/\/www.malagacar.com\/fr\/blog\/","logo":{"@type":"ImageObject","inLanguage":"fr-FR","@id":"https:\/\/www.malagacar.com\/fr\/blog\/#\/schema\/logo\/image\/","url":"https:\/\/www.malagacar.com\/fr\/blog\/wp-content\/uploads\/2021\/06\/logo-malagacar-social.png","contentUrl":"https:\/\/www.malagacar.com\/fr\/blog\/wp-content\/uploads\/2021\/06\/logo-malagacar-social.png","width":900,"height":900,"caption":"MalagaCar.com"},"image":{"@id":"https:\/\/www.malagacar.com\/fr\/blog\/#\/schema\/logo\/image\/"},"sameAs":["https:\/\/www.facebook.com\/malagacar","https:\/\/x.com\/malagacarcom","https:\/\/www.instagram.com\/malagacar\/","https:\/\/www.linkedin.com\/company\/malagacar.com","https:\/\/www.youtube.com\/c\/MalagacarAirport"]},{"@type":"Person","@id":"https:\/\/www.malagacar.com\/fr\/blog\/#\/schema\/person\/ffb97005d02bcc7d0bb59f5409635691","name":"MalagaCar.com","image":{"@type":"ImageObject","inLanguage":"fr-FR","@id":"https:\/\/secure.gravatar.com\/avatar\/296ebc31026e7be05868369e4c596b3239b1582b2fcf8a45de57333e2e82bb82?s=96&d=mm&r=g","url":"https:\/\/secure.gravatar.com\/avatar\/296ebc31026e7be05868369e4c596b3239b1582b2fcf8a45de57333e2e82bb82?s=96&d=mm&r=g","contentUrl":"https:\/\/secure.gravatar.com\/avatar\/296ebc31026e7be05868369e4c596b3239b1582b2fcf8a45de57333e2e82bb82?s=96&d=mm&r=g","caption":"MalagaCar.com"},"sameAs":["https:\/\/www.malagacar.com\/fr\/blog"]}]}},"_links":{"self":[{"href":"https:\/\/www.malagacar.com\/fr\/blog\/wp-json\/wp\/v2\/posts\/961","targetHints":{"allow":["GET"]}}],"collection":[{"href":"https:\/\/www.malagacar.com\/fr\/blog\/wp-json\/wp\/v2\/posts"}],"about":[{"href":"https:\/\/www.malagacar.com\/fr\/blog\/wp-json\/wp\/v2\/types\/post"}],"author":[{"embeddable":true,"href":"https:\/\/www.malagacar.com\/fr\/blog\/wp-json\/wp\/v2\/users\/1"}],"replies":[{"embeddable":true,"href":"https:\/\/www.malagacar.com\/fr\/blog\/wp-json\/wp\/v2\/comments?post=961"}],"version-history":[{"count":7,"href":"https:\/\/www.malagacar.com\/fr\/blog\/wp-json\/wp\/v2\/posts\/961\/revisions"}],"predecessor-version":[{"id":3272,"href":"https:\/\/www.malagacar.com\/fr\/blog\/wp-json\/wp\/v2\/posts\/961\/revisions\/3272"}],"wp:featuredmedia":[{"embeddable":true,"href":"https:\/\/www.malagacar.com\/fr\/blog\/wp-json\/wp\/v2\/media\/962"}],"wp:attachment":[{"href":"https:\/\/www.malagacar.com\/fr\/blog\/wp-json\/wp\/v2\/media?parent=961"}],"wp:term":[{"taxonomy":"category","embeddable":true,"href":"https:\/\/www.malagacar.com\/fr\/blog\/wp-json\/wp\/v2\/categories?post=961"},{"taxonomy":"post_tag","embeddable":true,"href":"https:\/\/www.malagacar.com\/fr\/blog\/wp-json\/wp\/v2\/tags?post=961"}],"curies":[{"name":"wp","href":"https:\/\/api.w.org\/{rel}","templated":true}]}}