{"id":4009,"date":"2021-07-25T07:08:55","date_gmt":"2021-07-25T05:08:55","guid":{"rendered":"https:\/\/www.malagacar.com\/nl\/blog\/?p=4009"},"modified":"2025-10-28T15:29:14","modified_gmt":"2025-10-28T14:29:14","slug":"dingen-om-te-doen-in-malaga-in-de-maand-augustus","status":"publish","type":"post","link":"https:\/\/www.malagacar.com\/nl\/blog\/vrije-tijd\/dingen-om-te-doen-in-malaga-in-de-maand-augustus\/","title":{"rendered":"Wat is er te doen in Malaga in de maand augustus 2021?"},"content":{"rendered":"<p>We hebben een lijst gemaakt met activiteiten die u in augustus kunt doen. <a href=\"https:\/\/www.malagacar.com\/nl\/\" data-wpel-link=\"exclude\">Huur een auto in Malaga<\/a> voordat het te laat is en ze allemaal verhuurt zijn. Bereid u voor op de beste evenementen van het jaar!<\/p>\n<p><!--more--><\/p>\n\n            <div class=\"banner\">\n                <div class=\"row\">\n                    <div class=\"col-sm-4\">\n                        <a href=\"\/nl\/autoverhuur\/quote.php\" data-wpel-link=\"internal\"><img decoding=\"async\" src=\"\/images\/banner-img.jpg\" alt=\"malagacar.com\"><\/a>\n                    <\/div>\n                    <div class=\"col-sm-8\">\n                      <a href=\"\/nl\/autoverhuur\/quote.php\" class=\"banner-title\" data-wpel-link=\"internal\">Goede autoverhuur <span>op Malaga Airport<\/span><\/a>   \n                        <div class=\"row\">\n                            <div class=\"col-sm-7\">\n                                <ul>\n                                    <li>Geen tankkosten<\/li>\n                                    <li>Gratis annuleringn<\/li>\n                                    <li>Huren zonder tussenpersonen<\/li>\n                                    <li>Betaal wanneer u de auto ophaalt<\/li>\n                                    <li><\/li>\n                                <\/ul>\n                            <\/div>\n                            <div class=\"col-sm-5\">\n                                <a class=\"btn-banner\" href=\"\/nl\/autoverhuur\/quote.php\" data-wpel-link=\"internal\">Bekijk prijzen<\/a>\n                                <img decoding=\"async\" class=\"zonturent\" src=\"\/images\/zontu-banner.png\" alt=\"\">\n                            <\/div>\n                        <\/div>\n                    <\/div>\n                 <\/div>  \n            <\/div>\n            \n<div id=\"ez-toc-container\" class=\"ez-toc-v2_0_87 counter-hierarchy ez-toc-counter ez-toc-light-blue ez-toc-container-direction\">\n<p class=\"ez-toc-title\" style=\"cursor:inherit\">Inhoudsopgave<\/p>\n<label for=\"ez-toc-cssicon-toggle-item-6a9a4337032f3\" class=\"ez-toc-cssicon-toggle-label\"><span class=\"\"><span class=\"eztoc-hide\" style=\"display:none;\">Toggle<\/span><span class=\"ez-toc-icon-toggle-span\"><svg style=\"fill: #999;color:#999\" xmlns=\"http:\/\/www.w3.org\/2000\/svg\" class=\"list-377408\" width=\"20px\" height=\"20px\" viewBox=\"0 0 24 24\" fill=\"none\"><path d=\"M6 6H4v2h2V6zm14 0H8v2h12V6zM4 11h2v2H4v-2zm16 0H8v2h12v-2zM4 16h2v2H4v-2zm16 0H8v2h12v-2z\" fill=\"currentColor\"><\/path><\/svg><svg style=\"fill: #999;color:#999\" class=\"arrow-unsorted-368013\" xmlns=\"http:\/\/www.w3.org\/2000\/svg\" width=\"10px\" height=\"10px\" viewBox=\"0 0 24 24\" version=\"1.2\" baseProfile=\"tiny\"><path d=\"M18.2 9.3l-6.2-6.3-6.2 6.3c-.2.2-.3.4-.3.7s.1.5.3.7c.2.2.4.3.7.3h11c.3 0 .5-.1.7-.3.2-.2.3-.5.3-.7s-.1-.5-.3-.7zM5.8 14.7l6.2 6.3 6.2-6.3c.2-.2.3-.5.3-.7s-.1-.5-.3-.7c-.2-.2-.4-.3-.7-.3h-11c-.3 0-.5.1-.7.3-.2.2-.3.5-.3.7s.1.5.3.7z\"\/><\/svg><\/span><\/span><\/label><input type=\"checkbox\"  id=\"ez-toc-cssicon-toggle-item-6a9a4337032f3\"  aria-label=\"Toggle\" \/><nav><ul class='ez-toc-list ez-toc-list-level-1 ' ><li class='ez-toc-page-1 ez-toc-heading-level-3'><a class=\"ez-toc-link ez-toc-heading-1\" href=\"https:\/\/www.malagacar.com\/nl\/blog\/vrije-tijd\/dingen-om-te-doen-in-malaga-in-de-maand-augustus\/#Zomermarkt_Muelle_Uno_Malaga\" data-wpel-link=\"internal\">Zomermarkt Muelle Uno M\u00e1laga<\/a><\/li><li class='ez-toc-page-1 ez-toc-heading-level-3'><a class=\"ez-toc-link ez-toc-heading-2\" href=\"https:\/\/www.malagacar.com\/nl\/blog\/vrije-tijd\/dingen-om-te-doen-in-malaga-in-de-maand-augustus\/#Podiumkunstenfestival_Sohail_Castle_Fuengirola\" data-wpel-link=\"internal\">Podiumkunstenfestival Sohail Castle Fuengirola<\/a><\/li><li class='ez-toc-page-1 ez-toc-heading-level-3'><a class=\"ez-toc-link ez-toc-heading-3\" href=\"https:\/\/www.malagacar.com\/nl\/blog\/vrije-tijd\/dingen-om-te-doen-in-malaga-in-de-maand-augustus\/#Jazz-_en_Bluesavonden_in_Torremolinos\" data-wpel-link=\"internal\">Jazz- en Bluesavonden in Torremolinos<\/a><\/li><li class='ez-toc-page-1 ez-toc-heading-level-3'><a class=\"ez-toc-link ez-toc-heading-4\" href=\"https:\/\/www.malagacar.com\/nl\/blog\/vrije-tijd\/dingen-om-te-doen-in-malaga-in-de-maand-augustus\/#Benalmadena_Theather-_en_Musicalfestival\" data-wpel-link=\"internal\">Benalm\u00e1dena Theather- en Musicalfestival<\/a><\/li><li class='ez-toc-page-1 ez-toc-heading-level-3'><a class=\"ez-toc-link ez-toc-heading-5\" href=\"https:\/\/www.malagacar.com\/nl\/blog\/vrije-tijd\/dingen-om-te-doen-in-malaga-in-de-maand-augustus\/#Jongerenactiviteiten_in_Torremolinos\" data-wpel-link=\"internal\">Jongerenactiviteiten in Torremolinos<\/a><\/li><li class='ez-toc-page-1 ez-toc-heading-level-3'><a class=\"ez-toc-link ez-toc-heading-6\" href=\"https:\/\/www.malagacar.com\/nl\/blog\/vrije-tijd\/dingen-om-te-doen-in-malaga-in-de-maand-augustus\/#Flamenco_in_Torremolinos\" data-wpel-link=\"internal\">Flamenco in Torremolinos<\/a><\/li><li class='ez-toc-page-1 ez-toc-heading-level-3'><a class=\"ez-toc-link ez-toc-heading-7\" href=\"https:\/\/www.malagacar.com\/nl\/blog\/vrije-tijd\/dingen-om-te-doen-in-malaga-in-de-maand-augustus\/#Route_van_de_Ammonieten_bij_zonsondergang_in_El_Torcal\" data-wpel-link=\"internal\">Route van de Ammonieten bij zonsondergang in El Torcal<\/a><\/li><li class='ez-toc-page-1 ez-toc-heading-level-3'><a class=\"ez-toc-link ez-toc-heading-8\" href=\"https:\/\/www.malagacar.com\/nl\/blog\/vrije-tijd\/dingen-om-te-doen-in-malaga-in-de-maand-augustus\/#El_Torcal_onder_de_volle_maan\" data-wpel-link=\"internal\">El Torcal onder de volle maan<\/a><\/li><li class='ez-toc-page-1 ez-toc-heading-level-3'><a class=\"ez-toc-link ez-toc-heading-9\" href=\"https:\/\/www.malagacar.com\/nl\/blog\/vrije-tijd\/dingen-om-te-doen-in-malaga-in-de-maand-augustus\/#Starlite_Marbella\" data-wpel-link=\"internal\">Starlite Marbella<\/a><\/li><li class='ez-toc-page-1 ez-toc-heading-level-3'><a class=\"ez-toc-link ez-toc-heading-10\" href=\"https:\/\/www.malagacar.com\/nl\/blog\/vrije-tijd\/dingen-om-te-doen-in-malaga-in-de-maand-augustus\/#Marenostrum_Castle_Park_Concerts_Fuengirola\" data-wpel-link=\"internal\">Marenostrum Castle Park Concerts Fuengirola<\/a><\/li><li class='ez-toc-page-1 ez-toc-heading-level-3'><a class=\"ez-toc-link ez-toc-heading-11\" href=\"https:\/\/www.malagacar.com\/nl\/blog\/vrije-tijd\/dingen-om-te-doen-in-malaga-in-de-maand-augustus\/#VII_Malaga_Flamenco_Biennial\" data-wpel-link=\"internal\">VII Malaga Flamenco Biennial<\/a><\/li><\/ul><\/nav><\/div>\n<h3><span class=\"ez-toc-section\" id=\"Zomermarkt_Muelle_Uno_Malaga\"><\/span>Zomermarkt Muelle Uno M\u00e1laga<span class=\"ez-toc-section-end\"><\/span><\/h3>\n<p>Bij de zomermarkt Pier One (Muelle Uno) is er altijd iets leuks te doen. Vanwege de warme zomertemperaturen is de zomermarkt aangepast met ruime openingstijden, zodat u ook in de avond naar de markt kan komen. U kan op de markt een wandeling maken langs de kraampjes met kleding, accessoires, eten en sieraden.<\/p>\n<p><img loading=\"lazy\" decoding=\"async\" class=\"aligncenter size-full wp-image-4010\" src=\"https:\/\/www.malagacar.com\/nl\/blog\/wp-content\/uploads\/2021\/08\/muelle-verano.jpg\" alt=\"\" width=\"768\" height=\"704\" srcset=\"https:\/\/www.malagacar.com\/nl\/blog\/wp-content\/uploads\/2021\/08\/muelle-verano.jpg 768w, https:\/\/www.malagacar.com\/nl\/blog\/wp-content\/uploads\/2021\/08\/muelle-verano-300x275.jpg 300w\" sizes=\"auto, (max-width: 768px) 100vw, 768px\" \/><\/p>\n<p>Tot 12 september is de markt op het centrale plein. De openingstijden zijn van maandag t\/m donderdag van 12.00 tot 23.00 uur en op vrijdag t\/m zondag van 12.00 tot 12.00 uur.<\/p>\n<p>Hoe kom ik bij de zomermarkt: <a href=\"https:\/\/goo.gl\/maps\/pXJ8BcP6DzxQcvip8\" data-wpel-link=\"external\" target=\"_blank\" rel=\"external noopener noreferrer\" class=\"ext-link wpel-icon-right\">https:\/\/goo.gl\/maps\/pXJ8BcP6DzxQcvip8<span class=\"wpel-icon wpel-image wpel-icon-2\"><\/span><\/a><\/p>\n<h3><span class=\"ez-toc-section\" id=\"Podiumkunstenfestival_Sohail_Castle_Fuengirola\"><\/span>Podiumkunstenfestival Sohail Castle Fuengirola<span class=\"ez-toc-section-end\"><\/span><\/h3>\n<p><img loading=\"lazy\" decoding=\"async\" class=\"aligncenter size-full wp-image-4011\" src=\"https:\/\/www.malagacar.com\/nl\/blog\/wp-content\/uploads\/2021\/08\/anfitrion_espacio_fuengirola.jpg\" alt=\"\" width=\"768\" height=\"288\" srcset=\"https:\/\/www.malagacar.com\/nl\/blog\/wp-content\/uploads\/2021\/08\/anfitrion_espacio_fuengirola.jpg 768w, https:\/\/www.malagacar.com\/nl\/blog\/wp-content\/uploads\/2021\/08\/anfitrion_espacio_fuengirola-300x113.jpg 300w\" sizes=\"auto, (max-width: 768px) 100vw, 768px\" \/><\/p>\n<p>Voor het eerst maakt het Sohail-kasteel deel uit van dit festival. Het festival heft elf theatre-, dans,-, en circusvoorstellingen die allemaal plaatsvinden tussen 20 juli en 12 augustus.<\/p>\n<p>Toegangskaarten zijn te koop op <a href=\"http:\/\/www.festivalanfitrion.es\" data-wpel-link=\"external\" target=\"_blank\" rel=\"external noopener noreferrer\" class=\"ext-link wpel-icon-right\">www.festivalanfitrion.es<span class=\"wpel-icon wpel-image wpel-icon-2\"><\/span><\/a> en aan het loket in het kasteel. Wanneer u de kaarten bij het loket koopt, moet u er rekening mee houden dat alleen betalingen via creditcard zijn toegestaan. Het loket gaat een uur voor de voorstelling open, net als de zaal. Alle shows beginnen om 22.00 uur. Het festival voldoet aan alle Covid-19 maatregelen.<\/p>\n<p>Offici\u00eble website:<br \/>\nhttps:\/\/www.juntadeandalucia.es\/cultura\/festivalanfitrion\/espacios\/castillo-de-sohail-fuengirola<\/p>\n<h3><span class=\"ez-toc-section\" id=\"Jazz-_en_Bluesavonden_in_Torremolinos\"><\/span>Jazz- en Bluesavonden in Torremolinos<span class=\"ez-toc-section-end\"><\/span><\/h3>\n<p><img loading=\"lazy\" decoding=\"async\" class=\"aligncenter size-full wp-image-4012\" src=\"https:\/\/www.malagacar.com\/nl\/blog\/wp-content\/uploads\/2021\/08\/Jazz-y-blues-Torremolinos.jpg\" alt=\"\" width=\"768\" height=\"402\" srcset=\"https:\/\/www.malagacar.com\/nl\/blog\/wp-content\/uploads\/2021\/08\/Jazz-y-blues-Torremolinos.jpg 768w, https:\/\/www.malagacar.com\/nl\/blog\/wp-content\/uploads\/2021\/08\/Jazz-y-blues-Torremolinos-300x157.jpg 300w\" sizes=\"auto, (max-width: 768px) 100vw, 768px\" \/><\/p>\n<p>Deze zomer organiseert Torremolinos een aantal gratis openluchtmuziekevenementen. Als u van Jazz en Blues houdt, noteer dan de volgende data van de evenementen. De concerten vinden plaats op het podium van Parque de la Bateria en beginnen om 22:00 uur. De toegang is gratis.<\/p>\n<p>Programma<br \/>\n13.08.2021 HOT NASHO Y LOS CULPABLES<br \/>\n20.08. RACHEL MALKA &amp; THE JAZZ MAKERS<br \/>\n27.08.2021 PANA BROTHERS<br \/>\n03.09. INOIDEL GONZ\u00c1LEZ<\/p>\n<p>Hoe kom ik bij Parque de la Bateria: <a href=\"https:\/\/goo.gl\/maps\/sETcgzci6zRTZ41i6\" data-wpel-link=\"external\" target=\"_blank\" rel=\"external noopener noreferrer\" class=\"ext-link wpel-icon-right\">https:\/\/goo.gl\/maps\/sETcgzci6zRTZ41i6<span class=\"wpel-icon wpel-image wpel-icon-2\"><\/span><\/a><\/p>\n<h3><span class=\"ez-toc-section\" id=\"Benalmadena_Theather-_en_Musicalfestival\"><\/span>Benalm\u00e1dena Theather- en Musicalfestival<span class=\"ez-toc-section-end\"><\/span><\/h3>\n<p><img loading=\"lazy\" decoding=\"async\" class=\"aligncenter size-full wp-image-4013\" src=\"https:\/\/www.malagacar.com\/nl\/blog\/wp-content\/uploads\/2021\/08\/festival-teatro-musicales-benalmadena.jpg\" alt=\"\" width=\"768\" height=\"402\" srcset=\"https:\/\/www.malagacar.com\/nl\/blog\/wp-content\/uploads\/2021\/08\/festival-teatro-musicales-benalmadena.jpg 768w, https:\/\/www.malagacar.com\/nl\/blog\/wp-content\/uploads\/2021\/08\/festival-teatro-musicales-benalmadena-300x157.jpg 300w\" sizes=\"auto, (max-width: 768px) 100vw, 768px\" \/><\/p>\n<p>De eerste editie van dit festival wordt in juli en augustus gehouden in het auditorium van Benalmadena. Deze beginnen om 22:00 uur. Er is een gevarieerd programma voor alle doelgroepen, leeftijden en smaken.<\/p>\n<p>Programma:<br \/>\nJorge Blass, gerenommeerd goochelaar en illusionist. Geschikt voor alle doelgroepen.<br \/>\nWe Love Queen (Eerbetoon aan de legendarische Britse band).<br \/>\nMiguel de Molina.<br \/>\nDe wonderbaarlijke tovenaar van Oz, musical.<br \/>\nABBA live Tv (gedramatiseerd concert als eerbetoon aan het Zweedse kwartet ABBA).<br \/>\nJekyll &amp; Hyde, musical.<br \/>\nDe magie van Broadway, musical.<br \/>\nHet beste van Yllana (expert in het laten lachen van het publiek).<br \/>\nThe Primitals (grappige muzikale komedie).<br \/>\nMichael&#8217;s Legacy (eerbetoon aan Michael Jackson, gemaakt door de Jackson Dance Company).<br \/>\nPeter Pan, musical.<\/p>\n<p>Het volledige programma en de tickets zijn te vinden op de website van het evenement:<br \/>\n<a href=\"https:\/\/operabenalmadena.com\/\" data-wpel-link=\"external\" target=\"_blank\" rel=\"external noopener noreferrer\" class=\"ext-link wpel-icon-right\">https:\/\/www.auditoriobenalmadena.com\/<span class=\"wpel-icon wpel-image wpel-icon-2\"><\/span><\/a><\/p>\n<p>Hoe kom ik bij het Benalm\u00e1dena theater- en musicalfestival: <a href=\"https:\/\/goo.gl\/maps\/JEWXdCTHJBAKyM8e9\" data-wpel-link=\"external\" target=\"_blank\" rel=\"external noopener noreferrer\" class=\"ext-link wpel-icon-right\">https:\/\/goo.gl\/maps\/JEWXdCTHJBAKyM8e9<span class=\"wpel-icon wpel-image wpel-icon-2\"><\/span><\/a><\/p>\n<h3><span class=\"ez-toc-section\" id=\"Jongerenactiviteiten_in_Torremolinos\"><\/span>Jongerenactiviteiten in Torremolinos<span class=\"ez-toc-section-end\"><\/span><\/h3>\n<p><img loading=\"lazy\" decoding=\"async\" class=\"aligncenter size-full wp-image-4014\" src=\"https:\/\/www.malagacar.com\/nl\/blog\/wp-content\/uploads\/2021\/08\/torroles-joven.jpg\" alt=\"\" width=\"768\" height=\"960\" srcset=\"https:\/\/www.malagacar.com\/nl\/blog\/wp-content\/uploads\/2021\/08\/torroles-joven.jpg 768w, https:\/\/www.malagacar.com\/nl\/blog\/wp-content\/uploads\/2021\/08\/torroles-joven-240x300.jpg 240w\" sizes=\"auto, (max-width: 768px) 100vw, 768px\" \/><\/p>\n<p>Deze zomer worden er in Torremolinos tussen de 12 en 35 jaar veel gratis activiteiten aangeboden voor jongeren. U kan hier bijvoorbeeld Paddle Surf doen of meedoen aan de Volleybal lessen op het strand van Playamar. Beide activiteiten zijn mogelijk voor deelname op 5 en 19 augustus.<\/p>\n<p>Om deel te nemen aan de activiteiten moet u een reservering plaatsen door middel van een mail naar <a href=\"mailto:juventud@torremolinos.es\">juventud@torremolinos.es<\/a> of u kan bellen naar 659 870 542. Wees er snel bij, want VOL=VOL.<\/p>\n<h3><span class=\"ez-toc-section\" id=\"Flamenco_in_Torremolinos\"><\/span>Flamenco in Torremolinos<span class=\"ez-toc-section-end\"><\/span><\/h3>\n<p><img loading=\"lazy\" decoding=\"async\" class=\"aligncenter size-full wp-image-4015\" src=\"https:\/\/www.malagacar.com\/nl\/blog\/wp-content\/uploads\/2021\/08\/flamenco-torroles.png\" alt=\"\" width=\"632\" height=\"900\" srcset=\"https:\/\/www.malagacar.com\/nl\/blog\/wp-content\/uploads\/2021\/08\/flamenco-torroles.png 632w, https:\/\/www.malagacar.com\/nl\/blog\/wp-content\/uploads\/2021\/08\/flamenco-torroles-211x300.png 211w\" sizes=\"auto, (max-width: 632px) 100vw, 632px\" \/><\/p>\n<p>Als u van Flamenco houdt, heeft u in Torremolinos de mogelijkheid om de hele maand augustus te genieten van gratis Flamenco shows. Veel van de shows vinden plaats op de Plaza\u2019s, maar aangezien het aantal zitplaatsen beperkt is, is vooraf reserveren vereist door een e-mail te sturen naar cultura@torremolinos.es<\/p>\n<p>Programma<br \/>\n07.08 Flamenco show door Isaac de los Reyes, om 22.00 uur<br \/>\nLocatie: Casa de Los Navajas, C\/ Antonio Navajas Ruiz<\/p>\n<p>11.08. Manuel Rold\u00e1n, om 22.00 uur<br \/>\nLocatie: Avenida Marif\u00e9 de Triana<\/p>\n<p>14.08. Flamenco Ferm\u00edn Calvo Mora, om 22.00 uur<br \/>\nLocatie: Casa de Los Navajas, C\/ Antonio Navajas Ruiz<\/p>\n<p>25.08. Compa\u00f1\u00eda Manuel Rold\u00e1n, om 22.00 uur<br \/>\nLocatie: Plaza Chiriva<\/p>\n<h3><span class=\"ez-toc-section\" id=\"Route_van_de_Ammonieten_bij_zonsondergang_in_El_Torcal\"><\/span>Route van de Ammonieten bij zonsondergang in El Torcal<span class=\"ez-toc-section-end\"><\/span><\/h3>\n<p><img loading=\"lazy\" decoding=\"async\" class=\"aligncenter size-full wp-image-4016\" src=\"https:\/\/www.malagacar.com\/nl\/blog\/wp-content\/uploads\/2021\/08\/Ruta-ammonites-torcal-antequera.jpg\" alt=\"\" width=\"768\" height=\"402\" srcset=\"https:\/\/www.malagacar.com\/nl\/blog\/wp-content\/uploads\/2021\/08\/Ruta-ammonites-torcal-antequera.jpg 768w, https:\/\/www.malagacar.com\/nl\/blog\/wp-content\/uploads\/2021\/08\/Ruta-ammonites-torcal-antequera-300x157.jpg 300w\" sizes=\"auto, (max-width: 768px) 100vw, 768px\" \/><\/p>\n<p>Geniet van zonsonderdag in de natuurlijke omgeving van El Torcal in Antequera. Naast het genieten van deze unieke kalkstenen enclave, zal u ook verkoeling zoeken. Het ligt namelijk op een hoogte van 1000 meter boven de zeespiegel!<\/p>\n<p>De rondleidingen vinden plaats in Juli en Augustus. De rondleidingen zijn elke dinsdag, vrijdag, zaterdag en zondag. De deelnemer ontvangt een gepersonaliseerd bericht met de juiste dienstregeling volgens de geboekte datum. De rondleiding duurt ongeveer 3 uur.<\/p>\n<p>Meer informatie op de offici\u00eble website:<br \/>\n<a href=\"https:\/\/www.torcaldeantequera.com\/en\/guided-visits\/ammonites-path\/\" data-wpel-link=\"external\" target=\"_blank\" rel=\"external noopener noreferrer\" class=\"ext-link wpel-icon-right\">https:\/\/www.torcaldeantequera.com\/en\/guided-visits\/ammonites-path\/<span class=\"wpel-icon wpel-image wpel-icon-2\"><\/span><\/a><\/p>\n<h3><span class=\"ez-toc-section\" id=\"El_Torcal_onder_de_volle_maan\"><\/span>El Torcal onder de volle maan<span class=\"ez-toc-section-end\"><\/span><\/h3>\n<figure id=\"attachment_4017\" aria-describedby=\"caption-attachment-4017\" style=\"width: 768px\" class=\"wp-caption aligncenter\"><img loading=\"lazy\" decoding=\"async\" class=\"size-full wp-image-4017\" src=\"https:\/\/www.malagacar.com\/nl\/blog\/wp-content\/uploads\/2021\/08\/Torcal-paco-espadas.jpg\" alt=\"\" width=\"768\" height=\"509\" srcset=\"https:\/\/www.malagacar.com\/nl\/blog\/wp-content\/uploads\/2021\/08\/Torcal-paco-espadas.jpg 768w, https:\/\/www.malagacar.com\/nl\/blog\/wp-content\/uploads\/2021\/08\/Torcal-paco-espadas-300x199.jpg 300w\" sizes=\"auto, (max-width: 768px) 100vw, 768px\" \/><figcaption id=\"caption-attachment-4017\" class=\"wp-caption-text\">Photo Paco Espadas<\/figcaption><\/figure>\n<p>If you found the previous proposal interesting, perhaps this one will also catch your attention. Guided tour of the spectacular karst landscape of El Torcal with a full moon, which gives it a halo of mystery.<\/p>\n<p>As this activity depends on the time of nightfall, the timetable will vary depending on the time of year. The participant will receive a personalised message specifying the correct time according to the date booked.<\/p>\n<p>Last minute bookings <a href=\"mailto:reservas@torcaldeantequera.com\">reservas@torcaldeantequera.com<\/a> (until 4 pm on the day of the visit).<\/p>\n<p>More information on the official website:<br \/>\n<a href=\"https:\/\/www.torcaldeantequera.com\/en\/guided-visits\/torcal-under-full-moon\/\" data-wpel-link=\"external\" target=\"_blank\" rel=\"external noopener noreferrer\" class=\"ext-link wpel-icon-right\">https:\/\/www.torcaldeantequera.com\/en\/guided-visits\/torcal-under-full-moon\/<span class=\"wpel-icon wpel-image wpel-icon-2\"><\/span><\/a><\/p>\n<h3><span class=\"ez-toc-section\" id=\"Starlite_Marbella\"><\/span>Starlite Marbella<span class=\"ez-toc-section-end\"><\/span><\/h3>\n<p><img loading=\"lazy\" decoding=\"async\" class=\"aligncenter size-full wp-image-4018\" src=\"https:\/\/www.malagacar.com\/nl\/blog\/wp-content\/uploads\/2021\/08\/starlite.jpg\" alt=\"\" width=\"768\" height=\"338\" srcset=\"https:\/\/www.malagacar.com\/nl\/blog\/wp-content\/uploads\/2021\/08\/starlite.jpg 768w, https:\/\/www.malagacar.com\/nl\/blog\/wp-content\/uploads\/2021\/08\/starlite-300x132.jpg 300w\" sizes=\"auto, (max-width: 768px) 100vw, 768px\" \/><\/p>\n<p>Dit jaar is de negende editie van dit muzikale evenement in de Cantera de Nag\u00fceles. Dit is een natuurlijk amfitheater omgeven door adembenemende landschappen. Het unieke aan dit amfitheater is de nabijheid tussen het publiek en de artiesten. Dit is het beste boutique festival van Europa en heeft meer dan 50 dagen aan concerten.<\/p>\n<p>Artiesten in augustus: Morat, Juan Mag\u00e1n, Rosario, Chema Rivas, Tomaito, L\u00e9rica, Estopa, Omar Montes, Rozal\u00e9n, Beret, Juan Pe\u00f1a, Lola Indigo, Ara Malikian, Siempre asi, Aitana, Raphael, Orozco, Antonio Jos\u00e9, David Bisbal, Pablo L\u00f3pez, Pl\u00e1cido Domingo, Bonnie Tyler, Tom Jones, Taburete, Nathy Peluso, Estrella Morente<\/p>\n<p>Website: <a href=\"http:\/\/starlitemarbella.com\/es\/inicio\/\" data-wpel-link=\"external\" target=\"_blank\" rel=\"external noopener noreferrer\" class=\"ext-link wpel-icon-right\">http:\/\/starlitemarbella.com\/es\/inicio\/<span class=\"wpel-icon wpel-image wpel-icon-2\"><\/span><\/a><br \/>\nWanneer: 18 juni tot 4 september 2021<br \/>\nWaar: La Cantera de Nag\u00fceles, Marbella<br \/>\nHoe kom ik daar: <a href=\"https:\/\/goo.gl\/maps\/4DqQcfdZT832\" data-wpel-link=\"external\" target=\"_blank\" rel=\"external noopener noreferrer\" class=\"ext-link wpel-icon-right\">https:\/\/goo.gl\/maps\/4DqQcfdZT832<span class=\"wpel-icon wpel-image wpel-icon-2\"><\/span><\/a><\/p>\n<h3><span class=\"ez-toc-section\" id=\"Marenostrum_Castle_Park_Concerts_Fuengirola\"><\/span>Marenostrum Castle Park Concerts Fuengirola<span class=\"ez-toc-section-end\"><\/span><\/h3>\n<p><img loading=\"lazy\" decoding=\"async\" class=\"aligncenter size-full wp-image-4019\" src=\"https:\/\/www.malagacar.com\/nl\/blog\/wp-content\/uploads\/2021\/08\/Marenostrum.jpg\" alt=\"\" width=\"768\" height=\"512\" srcset=\"https:\/\/www.malagacar.com\/nl\/blog\/wp-content\/uploads\/2021\/08\/Marenostrum.jpg 768w, https:\/\/www.malagacar.com\/nl\/blog\/wp-content\/uploads\/2021\/08\/Marenostrum-300x200.jpg 300w\" sizes=\"auto, (max-width: 768px) 100vw, 768px\" \/><\/p>\n<p>Marenostrum Fuengirola is \u00e9\u00e9n van de meest spectaculaire opluchtmuzieklocaties en \u00e9\u00e9n van de meest exclusieve podia in Spanje vanwege de nabijheid van de zee.<\/p>\n<p>In 2021 zijn er van juni tot September meer dan 50 concerten voor alle doelgroepen. Enkele artiesten + data zijn als volgt: El Kanka (2 augustus); Cantajuego (3 augustus); God Save the Queen (4 augustus), Luna Sur (5.- 8. augustus), Monica Naranjo (13 augustus), Ultra Beach (21 augustus), Los Morancos (3 augustus), Derby Motoreta&#8217;s Burrito Kachimba (26 augustus), Metal Paradise (28.\/29. augustus), Miguel Poveda (4 september) en nog veel meer.<\/p>\n<p>De shows hebben alle hygi\u00ebnische, sanitaire garanties. Bij ieder ticket zit een gratis annuleringsverzekering inbegrepen, zodat u makkelijk kan annuleren als u, vanwege gezondheidsredenen, niet aanwezig kan zijn. De volledige ticketprijs wordt dan vergoed.<\/p>\n<p>Toegangskaarten kunnen gekocht worden via <a href=\"http:\/\/www.marenostrumfuengirola.com\" data-wpel-link=\"external\" target=\"_blank\" rel=\"external noopener noreferrer\" class=\"ext-link wpel-icon-right\">www.marenostrumfuengirola.com<span class=\"wpel-icon wpel-image wpel-icon-2\"><\/span><\/a>.<\/p>\n<h3><span class=\"ez-toc-section\" id=\"VII_Malaga_Flamenco_Biennial\"><\/span>VII Malaga Flamenco Biennial<span class=\"ez-toc-section-end\"><\/span><\/h3>\n<p><img loading=\"lazy\" decoding=\"async\" class=\"aligncenter size-full wp-image-4020\" src=\"https:\/\/www.malagacar.com\/nl\/blog\/wp-content\/uploads\/2021\/08\/arte-flamenco.jpg\" alt=\"\" width=\"768\" height=\"432\" srcset=\"https:\/\/www.malagacar.com\/nl\/blog\/wp-content\/uploads\/2021\/08\/arte-flamenco.jpg 768w, https:\/\/www.malagacar.com\/nl\/blog\/wp-content\/uploads\/2021\/08\/arte-flamenco-300x169.jpg 300w\" sizes=\"auto, (max-width: 768px) 100vw, 768px\" \/><\/p>\n<p>Van 9 juli tot 17 september wordt deze editie gehouden in de arena van Malagueta en in verschillende gemeenten. Deze editie heeft meer dan 70 activiteiten.<\/p>\n<p>Het uitgebreide programma met alle activiteiten is te vinden op de website <a href=\"http:\/\/www.malagaenflamenco.com\/bienal2021\/home.asp\" data-wpel-link=\"external\" target=\"_blank\" rel=\"external noopener noreferrer\" class=\"ext-link wpel-icon-right\">http:\/\/www.malagaenflamenco.com\/bienal2021\/home.asp<span class=\"wpel-icon wpel-image wpel-icon-2\"><\/span><\/a><\/p>\n<p>&nbsp;<\/p>\n","protected":false},"excerpt":{"rendered":"<p>We hebben een lijst gemaakt met activiteiten die u in augustus kunt doen. Huur een auto in Malaga voordat het te laat is en ze allemaal verhuurt zijn. Bereid u voor op de beste evenementen van het jaar!<\/p>\n","protected":false},"author":1,"featured_media":4020,"comment_status":"open","ping_status":"open","sticky":false,"template":"","format":"standard","meta":{"footnotes":""},"categories":[506],"tags":[446,505,307,482],"class_list":["post-4009","post","type-post","status-publish","format-standard","has-post-thumbnail","hentry","category-vrije-tijd","tag-augustus","tag-dingen-om-te-doen","tag-malaga","tag-wat-te-doen"],"yoast_head":"<!-- This site is optimized with the Yoast SEO plugin v28.4 - https:\/\/yoast.com\/product\/yoast-seo-wordpress\/ -->\n<title>Wat is er te doen in Malaga in de maand augustus 2021? - MalagaCar.com Blog<\/title>\n<meta name=\"description\" content=\"Geniet van de warme zomeravonden in Malaga met veel muziek, theatre en musicals, op de beste podia van de provincie.\" \/>\n<meta name=\"robots\" content=\"index, follow, max-snippet:-1, max-image-preview:large, max-video-preview:-1\" \/>\n<link rel=\"canonical\" href=\"https:\/\/www.malagacar.com\/nl\/blog\/vrije-tijd\/dingen-om-te-doen-in-malaga-in-de-maand-augustus\/\" \/>\n<meta property=\"og:locale\" content=\"nl_NL\" \/>\n<meta property=\"og:type\" content=\"article\" \/>\n<meta property=\"og:title\" content=\"Wat is er te doen in Malaga in de maand augustus 2021? - MalagaCar.com Blog\" \/>\n<meta property=\"og:description\" content=\"Geniet van de warme zomeravonden in Malaga met veel muziek, theatre en musicals, op de beste podia van de provincie.\" \/>\n<meta property=\"og:url\" content=\"https:\/\/www.malagacar.com\/nl\/blog\/vrije-tijd\/dingen-om-te-doen-in-malaga-in-de-maand-augustus\/\" \/>\n<meta property=\"og:site_name\" content=\"MalagaCar.com Blog\" \/>\n<meta property=\"article:publisher\" content=\"https:\/\/www.facebook.com\/malagacar\" \/>\n<meta property=\"article:published_time\" content=\"2021-07-25T05:08:55+00:00\" \/>\n<meta property=\"article:modified_time\" content=\"2025-10-28T14:29:14+00:00\" \/>\n<meta property=\"og:image\" content=\"https:\/\/www.malagacar.com\/nl\/blog\/wp-content\/uploads\/2021\/08\/arte-flamenco.jpg\" \/>\n\t<meta property=\"og:image:width\" content=\"768\" \/>\n\t<meta property=\"og:image:height\" content=\"432\" \/>\n\t<meta property=\"og:image:type\" content=\"image\/jpeg\" \/>\n<meta name=\"author\" content=\"MalagaCar.com\" \/>\n<meta name=\"twitter:label1\" content=\"Geschreven door\" \/>\n\t<meta name=\"twitter:data1\" content=\"MalagaCar.com\" \/>\n\t<meta name=\"twitter:label2\" content=\"Geschatte leestijd\" \/>\n\t<meta name=\"twitter:data2\" content=\"9 minuten\" \/>\n<script type=\"application\/ld+json\" class=\"yoast-schema-graph\">{\"@context\":\"https:\\\/\\\/schema.org\",\"@graph\":[{\"@type\":\"Article\",\"@id\":\"https:\\\/\\\/www.malagacar.com\\\/nl\\\/blog\\\/vrije-tijd\\\/dingen-om-te-doen-in-malaga-in-de-maand-augustus\\\/#article\",\"isPartOf\":{\"@id\":\"https:\\\/\\\/www.malagacar.com\\\/nl\\\/blog\\\/vrije-tijd\\\/dingen-om-te-doen-in-malaga-in-de-maand-augustus\\\/\"},\"author\":{\"name\":\"MalagaCar.com\",\"@id\":\"https:\\\/\\\/www.malagacar.com\\\/nl\\\/blog\\\/#\\\/schema\\\/person\\\/fbc37b93c0f5bbdaa54a0a4fc59d8b8c\"},\"headline\":\"Wat is er te doen in Malaga in de maand augustus 2021?\",\"datePublished\":\"2021-07-25T05:08:55+00:00\",\"dateModified\":\"2025-10-28T14:29:14+00:00\",\"mainEntityOfPage\":{\"@id\":\"https:\\\/\\\/www.malagacar.com\\\/nl\\\/blog\\\/vrije-tijd\\\/dingen-om-te-doen-in-malaga-in-de-maand-augustus\\\/\"},\"wordCount\":1193,\"commentCount\":0,\"publisher\":{\"@id\":\"https:\\\/\\\/www.malagacar.com\\\/nl\\\/blog\\\/#organization\"},\"image\":{\"@id\":\"https:\\\/\\\/www.malagacar.com\\\/nl\\\/blog\\\/vrije-tijd\\\/dingen-om-te-doen-in-malaga-in-de-maand-augustus\\\/#primaryimage\"},\"thumbnailUrl\":\"https:\\\/\\\/www.malagacar.com\\\/nl\\\/blog\\\/wp-content\\\/uploads\\\/2021\\\/08\\\/arte-flamenco.jpg\",\"keywords\":[\"augustus\",\"dingen om te doen\",\"malaga\",\"Wat te doen\"],\"articleSection\":[\"Vrije Tijd\"],\"inLanguage\":\"nl-NL\",\"potentialAction\":[{\"@type\":\"CommentAction\",\"name\":\"Comment\",\"target\":[\"https:\\\/\\\/www.malagacar.com\\\/nl\\\/blog\\\/vrije-tijd\\\/dingen-om-te-doen-in-malaga-in-de-maand-augustus\\\/#respond\"]}]},{\"@type\":\"WebPage\",\"@id\":\"https:\\\/\\\/www.malagacar.com\\\/nl\\\/blog\\\/vrije-tijd\\\/dingen-om-te-doen-in-malaga-in-de-maand-augustus\\\/\",\"url\":\"https:\\\/\\\/www.malagacar.com\\\/nl\\\/blog\\\/vrije-tijd\\\/dingen-om-te-doen-in-malaga-in-de-maand-augustus\\\/\",\"name\":\"Wat is er te doen in Malaga in de maand augustus 2021? - MalagaCar.com Blog\",\"isPartOf\":{\"@id\":\"https:\\\/\\\/www.malagacar.com\\\/nl\\\/blog\\\/#website\"},\"primaryImageOfPage\":{\"@id\":\"https:\\\/\\\/www.malagacar.com\\\/nl\\\/blog\\\/vrije-tijd\\\/dingen-om-te-doen-in-malaga-in-de-maand-augustus\\\/#primaryimage\"},\"image\":{\"@id\":\"https:\\\/\\\/www.malagacar.com\\\/nl\\\/blog\\\/vrije-tijd\\\/dingen-om-te-doen-in-malaga-in-de-maand-augustus\\\/#primaryimage\"},\"thumbnailUrl\":\"https:\\\/\\\/www.malagacar.com\\\/nl\\\/blog\\\/wp-content\\\/uploads\\\/2021\\\/08\\\/arte-flamenco.jpg\",\"datePublished\":\"2021-07-25T05:08:55+00:00\",\"dateModified\":\"2025-10-28T14:29:14+00:00\",\"description\":\"Geniet van de warme zomeravonden in Malaga met veel muziek, theatre en musicals, op de beste podia van de provincie.\",\"breadcrumb\":{\"@id\":\"https:\\\/\\\/www.malagacar.com\\\/nl\\\/blog\\\/vrije-tijd\\\/dingen-om-te-doen-in-malaga-in-de-maand-augustus\\\/#breadcrumb\"},\"inLanguage\":\"nl-NL\",\"potentialAction\":[{\"@type\":\"ReadAction\",\"target\":[\"https:\\\/\\\/www.malagacar.com\\\/nl\\\/blog\\\/vrije-tijd\\\/dingen-om-te-doen-in-malaga-in-de-maand-augustus\\\/\"]}]},{\"@type\":\"ImageObject\",\"inLanguage\":\"nl-NL\",\"@id\":\"https:\\\/\\\/www.malagacar.com\\\/nl\\\/blog\\\/vrije-tijd\\\/dingen-om-te-doen-in-malaga-in-de-maand-augustus\\\/#primaryimage\",\"url\":\"https:\\\/\\\/www.malagacar.com\\\/nl\\\/blog\\\/wp-content\\\/uploads\\\/2021\\\/08\\\/arte-flamenco.jpg\",\"contentUrl\":\"https:\\\/\\\/www.malagacar.com\\\/nl\\\/blog\\\/wp-content\\\/uploads\\\/2021\\\/08\\\/arte-flamenco.jpg\",\"width\":768,\"height\":432},{\"@type\":\"BreadcrumbList\",\"@id\":\"https:\\\/\\\/www.malagacar.com\\\/nl\\\/blog\\\/vrije-tijd\\\/dingen-om-te-doen-in-malaga-in-de-maand-augustus\\\/#breadcrumb\",\"itemListElement\":[{\"@type\":\"ListItem\",\"position\":1,\"name\":\"Home\",\"item\":\"https:\\\/\\\/www.malagacar.com\\\/nl\\\/blog\\\/\"},{\"@type\":\"ListItem\",\"position\":2,\"name\":\"Wat is er te doen in Malaga in de maand augustus 2021?\"}]},{\"@type\":\"WebSite\",\"@id\":\"https:\\\/\\\/www.malagacar.com\\\/nl\\\/blog\\\/#website\",\"url\":\"https:\\\/\\\/www.malagacar.com\\\/nl\\\/blog\\\/\",\"name\":\"MalagaCar.com Blog\",\"description\":\"Nieuws en feiten over auto huren op de luchthaven van Malaga.\",\"publisher\":{\"@id\":\"https:\\\/\\\/www.malagacar.com\\\/nl\\\/blog\\\/#organization\"},\"potentialAction\":[{\"@type\":\"SearchAction\",\"target\":{\"@type\":\"EntryPoint\",\"urlTemplate\":\"https:\\\/\\\/www.malagacar.com\\\/nl\\\/blog\\\/?s={search_term_string}\"},\"query-input\":{\"@type\":\"PropertyValueSpecification\",\"valueRequired\":true,\"valueName\":\"search_term_string\"}}],\"inLanguage\":\"nl-NL\"},{\"@type\":\"Organization\",\"@id\":\"https:\\\/\\\/www.malagacar.com\\\/nl\\\/blog\\\/#organization\",\"name\":\"MalagaCar.com\",\"url\":\"https:\\\/\\\/www.malagacar.com\\\/nl\\\/blog\\\/\",\"logo\":{\"@type\":\"ImageObject\",\"inLanguage\":\"nl-NL\",\"@id\":\"https:\\\/\\\/www.malagacar.com\\\/nl\\\/blog\\\/#\\\/schema\\\/logo\\\/image\\\/\",\"url\":\"https:\\\/\\\/www.malagacar.com\\\/nl\\\/blog\\\/wp-content\\\/uploads\\\/2021\\\/06\\\/logo-malagacar-social.png\",\"contentUrl\":\"https:\\\/\\\/www.malagacar.com\\\/nl\\\/blog\\\/wp-content\\\/uploads\\\/2021\\\/06\\\/logo-malagacar-social.png\",\"width\":900,\"height\":900,\"caption\":\"MalagaCar.com\"},\"image\":{\"@id\":\"https:\\\/\\\/www.malagacar.com\\\/nl\\\/blog\\\/#\\\/schema\\\/logo\\\/image\\\/\"},\"sameAs\":[\"https:\\\/\\\/www.facebook.com\\\/malagacar\",\"https:\\\/\\\/x.com\\\/malagacarcom\",\"https:\\\/\\\/www.instagram.com\\\/malagacar\\\/\",\"https:\\\/\\\/www.linkedin.com\\\/company\\\/malagacar.com\",\"https:\\\/\\\/www.youtube.com\\\/c\\\/MalagacarAirport\"]},{\"@type\":\"Person\",\"@id\":\"https:\\\/\\\/www.malagacar.com\\\/nl\\\/blog\\\/#\\\/schema\\\/person\\\/fbc37b93c0f5bbdaa54a0a4fc59d8b8c\",\"name\":\"MalagaCar.com\",\"image\":{\"@type\":\"ImageObject\",\"inLanguage\":\"nl-NL\",\"@id\":\"https:\\\/\\\/secure.gravatar.com\\\/avatar\\\/296ebc31026e7be05868369e4c596b3239b1582b2fcf8a45de57333e2e82bb82?s=96&d=mm&r=g\",\"url\":\"https:\\\/\\\/secure.gravatar.com\\\/avatar\\\/296ebc31026e7be05868369e4c596b3239b1582b2fcf8a45de57333e2e82bb82?s=96&d=mm&r=g\",\"contentUrl\":\"https:\\\/\\\/secure.gravatar.com\\\/avatar\\\/296ebc31026e7be05868369e4c596b3239b1582b2fcf8a45de57333e2e82bb82?s=96&d=mm&r=g\",\"caption\":\"MalagaCar.com\"},\"sameAs\":[\"https:\\\/\\\/www.malagacar.com\\\/nl\\\/\"]}]}<\/script>\n<!-- \/ Yoast SEO plugin. -->","yoast_head_json":{"title":"Wat is er te doen in Malaga in de maand augustus 2021? - MalagaCar.com Blog","description":"Geniet van de warme zomeravonden in Malaga met veel muziek, theatre en musicals, op de beste podia van de provincie.","robots":{"index":"index","follow":"follow","max-snippet":"max-snippet:-1","max-image-preview":"max-image-preview:large","max-video-preview":"max-video-preview:-1"},"canonical":"https:\/\/www.malagacar.com\/nl\/blog\/vrije-tijd\/dingen-om-te-doen-in-malaga-in-de-maand-augustus\/","og_locale":"nl_NL","og_type":"article","og_title":"Wat is er te doen in Malaga in de maand augustus 2021? - MalagaCar.com Blog","og_description":"Geniet van de warme zomeravonden in Malaga met veel muziek, theatre en musicals, op de beste podia van de provincie.","og_url":"https:\/\/www.malagacar.com\/nl\/blog\/vrije-tijd\/dingen-om-te-doen-in-malaga-in-de-maand-augustus\/","og_site_name":"MalagaCar.com Blog","article_publisher":"https:\/\/www.facebook.com\/malagacar","article_published_time":"2021-07-25T05:08:55+00:00","article_modified_time":"2025-10-28T14:29:14+00:00","og_image":[{"width":768,"height":432,"url":"https:\/\/www.malagacar.com\/nl\/blog\/wp-content\/uploads\/2021\/08\/arte-flamenco.jpg","type":"image\/jpeg"}],"author":"MalagaCar.com","twitter_misc":{"Geschreven door":"MalagaCar.com","Geschatte leestijd":"9 minuten"},"schema":{"@context":"https:\/\/schema.org","@graph":[{"@type":"Article","@id":"https:\/\/www.malagacar.com\/nl\/blog\/vrije-tijd\/dingen-om-te-doen-in-malaga-in-de-maand-augustus\/#article","isPartOf":{"@id":"https:\/\/www.malagacar.com\/nl\/blog\/vrije-tijd\/dingen-om-te-doen-in-malaga-in-de-maand-augustus\/"},"author":{"name":"MalagaCar.com","@id":"https:\/\/www.malagacar.com\/nl\/blog\/#\/schema\/person\/fbc37b93c0f5bbdaa54a0a4fc59d8b8c"},"headline":"Wat is er te doen in Malaga in de maand augustus 2021?","datePublished":"2021-07-25T05:08:55+00:00","dateModified":"2025-10-28T14:29:14+00:00","mainEntityOfPage":{"@id":"https:\/\/www.malagacar.com\/nl\/blog\/vrije-tijd\/dingen-om-te-doen-in-malaga-in-de-maand-augustus\/"},"wordCount":1193,"commentCount":0,"publisher":{"@id":"https:\/\/www.malagacar.com\/nl\/blog\/#organization"},"image":{"@id":"https:\/\/www.malagacar.com\/nl\/blog\/vrije-tijd\/dingen-om-te-doen-in-malaga-in-de-maand-augustus\/#primaryimage"},"thumbnailUrl":"https:\/\/www.malagacar.com\/nl\/blog\/wp-content\/uploads\/2021\/08\/arte-flamenco.jpg","keywords":["augustus","dingen om te doen","malaga","Wat te doen"],"articleSection":["Vrije Tijd"],"inLanguage":"nl-NL","potentialAction":[{"@type":"CommentAction","name":"Comment","target":["https:\/\/www.malagacar.com\/nl\/blog\/vrije-tijd\/dingen-om-te-doen-in-malaga-in-de-maand-augustus\/#respond"]}]},{"@type":"WebPage","@id":"https:\/\/www.malagacar.com\/nl\/blog\/vrije-tijd\/dingen-om-te-doen-in-malaga-in-de-maand-augustus\/","url":"https:\/\/www.malagacar.com\/nl\/blog\/vrije-tijd\/dingen-om-te-doen-in-malaga-in-de-maand-augustus\/","name":"Wat is er te doen in Malaga in de maand augustus 2021? - MalagaCar.com Blog","isPartOf":{"@id":"https:\/\/www.malagacar.com\/nl\/blog\/#website"},"primaryImageOfPage":{"@id":"https:\/\/www.malagacar.com\/nl\/blog\/vrije-tijd\/dingen-om-te-doen-in-malaga-in-de-maand-augustus\/#primaryimage"},"image":{"@id":"https:\/\/www.malagacar.com\/nl\/blog\/vrije-tijd\/dingen-om-te-doen-in-malaga-in-de-maand-augustus\/#primaryimage"},"thumbnailUrl":"https:\/\/www.malagacar.com\/nl\/blog\/wp-content\/uploads\/2021\/08\/arte-flamenco.jpg","datePublished":"2021-07-25T05:08:55+00:00","dateModified":"2025-10-28T14:29:14+00:00","description":"Geniet van de warme zomeravonden in Malaga met veel muziek, theatre en musicals, op de beste podia van de provincie.","breadcrumb":{"@id":"https:\/\/www.malagacar.com\/nl\/blog\/vrije-tijd\/dingen-om-te-doen-in-malaga-in-de-maand-augustus\/#breadcrumb"},"inLanguage":"nl-NL","potentialAction":[{"@type":"ReadAction","target":["https:\/\/www.malagacar.com\/nl\/blog\/vrije-tijd\/dingen-om-te-doen-in-malaga-in-de-maand-augustus\/"]}]},{"@type":"ImageObject","inLanguage":"nl-NL","@id":"https:\/\/www.malagacar.com\/nl\/blog\/vrije-tijd\/dingen-om-te-doen-in-malaga-in-de-maand-augustus\/#primaryimage","url":"https:\/\/www.malagacar.com\/nl\/blog\/wp-content\/uploads\/2021\/08\/arte-flamenco.jpg","contentUrl":"https:\/\/www.malagacar.com\/nl\/blog\/wp-content\/uploads\/2021\/08\/arte-flamenco.jpg","width":768,"height":432},{"@type":"BreadcrumbList","@id":"https:\/\/www.malagacar.com\/nl\/blog\/vrije-tijd\/dingen-om-te-doen-in-malaga-in-de-maand-augustus\/#breadcrumb","itemListElement":[{"@type":"ListItem","position":1,"name":"Home","item":"https:\/\/www.malagacar.com\/nl\/blog\/"},{"@type":"ListItem","position":2,"name":"Wat is er te doen in Malaga in de maand augustus 2021?"}]},{"@type":"WebSite","@id":"https:\/\/www.malagacar.com\/nl\/blog\/#website","url":"https:\/\/www.malagacar.com\/nl\/blog\/","name":"MalagaCar.com Blog","description":"Nieuws en feiten over auto huren op de luchthaven van Malaga.","publisher":{"@id":"https:\/\/www.malagacar.com\/nl\/blog\/#organization"},"potentialAction":[{"@type":"SearchAction","target":{"@type":"EntryPoint","urlTemplate":"https:\/\/www.malagacar.com\/nl\/blog\/?s={search_term_string}"},"query-input":{"@type":"PropertyValueSpecification","valueRequired":true,"valueName":"search_term_string"}}],"inLanguage":"nl-NL"},{"@type":"Organization","@id":"https:\/\/www.malagacar.com\/nl\/blog\/#organization","name":"MalagaCar.com","url":"https:\/\/www.malagacar.com\/nl\/blog\/","logo":{"@type":"ImageObject","inLanguage":"nl-NL","@id":"https:\/\/www.malagacar.com\/nl\/blog\/#\/schema\/logo\/image\/","url":"https:\/\/www.malagacar.com\/nl\/blog\/wp-content\/uploads\/2021\/06\/logo-malagacar-social.png","contentUrl":"https:\/\/www.malagacar.com\/nl\/blog\/wp-content\/uploads\/2021\/06\/logo-malagacar-social.png","width":900,"height":900,"caption":"MalagaCar.com"},"image":{"@id":"https:\/\/www.malagacar.com\/nl\/blog\/#\/schema\/logo\/image\/"},"sameAs":["https:\/\/www.facebook.com\/malagacar","https:\/\/x.com\/malagacarcom","https:\/\/www.instagram.com\/malagacar\/","https:\/\/www.linkedin.com\/company\/malagacar.com","https:\/\/www.youtube.com\/c\/MalagacarAirport"]},{"@type":"Person","@id":"https:\/\/www.malagacar.com\/nl\/blog\/#\/schema\/person\/fbc37b93c0f5bbdaa54a0a4fc59d8b8c","name":"MalagaCar.com","image":{"@type":"ImageObject","inLanguage":"nl-NL","@id":"https:\/\/secure.gravatar.com\/avatar\/296ebc31026e7be05868369e4c596b3239b1582b2fcf8a45de57333e2e82bb82?s=96&d=mm&r=g","url":"https:\/\/secure.gravatar.com\/avatar\/296ebc31026e7be05868369e4c596b3239b1582b2fcf8a45de57333e2e82bb82?s=96&d=mm&r=g","contentUrl":"https:\/\/secure.gravatar.com\/avatar\/296ebc31026e7be05868369e4c596b3239b1582b2fcf8a45de57333e2e82bb82?s=96&d=mm&r=g","caption":"MalagaCar.com"},"sameAs":["https:\/\/www.malagacar.com\/nl\/"]}]}},"_links":{"self":[{"href":"https:\/\/www.malagacar.com\/nl\/blog\/wp-json\/wp\/v2\/posts\/4009","targetHints":{"allow":["GET"]}}],"collection":[{"href":"https:\/\/www.malagacar.com\/nl\/blog\/wp-json\/wp\/v2\/posts"}],"about":[{"href":"https:\/\/www.malagacar.com\/nl\/blog\/wp-json\/wp\/v2\/types\/post"}],"author":[{"embeddable":true,"href":"https:\/\/www.malagacar.com\/nl\/blog\/wp-json\/wp\/v2\/users\/1"}],"replies":[{"embeddable":true,"href":"https:\/\/www.malagacar.com\/nl\/blog\/wp-json\/wp\/v2\/comments?post=4009"}],"version-history":[{"count":8,"href":"https:\/\/www.malagacar.com\/nl\/blog\/wp-json\/wp\/v2\/posts\/4009\/revisions"}],"predecessor-version":[{"id":6949,"href":"https:\/\/www.malagacar.com\/nl\/blog\/wp-json\/wp\/v2\/posts\/4009\/revisions\/6949"}],"wp:featuredmedia":[{"embeddable":true,"href":"https:\/\/www.malagacar.com\/nl\/blog\/wp-json\/wp\/v2\/media\/4020"}],"wp:attachment":[{"href":"https:\/\/www.malagacar.com\/nl\/blog\/wp-json\/wp\/v2\/media?parent=4009"}],"wp:term":[{"taxonomy":"category","embeddable":true,"href":"https:\/\/www.malagacar.com\/nl\/blog\/wp-json\/wp\/v2\/categories?post=4009"},{"taxonomy":"post_tag","embeddable":true,"href":"https:\/\/www.malagacar.com\/nl\/blog\/wp-json\/wp\/v2\/tags?post=4009"}],"curies":[{"name":"wp","href":"https:\/\/api.w.org\/{rel}","templated":true}]}}