{"id":4064,"date":"2025-09-29T09:59:53","date_gmt":"2025-09-29T07:59:53","guid":{"rendered":"https:\/\/www.malagacar.com\/nl\/blog\/?p=4064"},"modified":"2025-10-08T07:48:24","modified_gmt":"2025-10-08T05:48:24","slug":"dingen-om-te-doen-in-malaga-in-oktober","status":"publish","type":"post","link":"https:\/\/www.malagacar.com\/nl\/blog\/vrije-tijd\/dingen-om-te-doen-in-malaga-in-oktober\/","title":{"rendered":"Dingen om te doen in M\u00e1laga in Oktober 2025"},"content":{"rendered":"<p>De zonnige oktober in de provincie M\u00e1laga presenteert zich niet alleen met <strong>uitstekende temperaturen<\/strong>, maar ook met <strong>veel activiteiten<\/strong> zoals volksfeesten en traditionele festivals, een internationaal wandelfestival en Halloween, gevierd in Andalusische stijl.<\/p>\n<p><!--more--><\/p>\n\n            <div class=\"banner\">\n                <div class=\"row\">\n                    <div class=\"col-sm-4\">\n                        <a href=\"\/nl\/autoverhuur\/quote.php\" data-wpel-link=\"internal\"><img decoding=\"async\" src=\"\/images\/banner-img.jpg\" alt=\"malagacar.com\"><\/a>\n                    <\/div>\n                    <div class=\"col-sm-8\">\n                      <a href=\"\/nl\/autoverhuur\/quote.php\" class=\"banner-title\" data-wpel-link=\"internal\">Goede autoverhuur <span>op Malaga Airport<\/span><\/a>   \n                        <div class=\"row\">\n                            <div class=\"col-sm-7\">\n                                <ul>\n                                    <li>Geen tankkosten<\/li>\n                                    <li>Gratis annuleringn<\/li>\n                                    <li>Huren zonder tussenpersonen<\/li>\n                                    <li>Betaal wanneer u de auto ophaalt<\/li>\n                                    <li><\/li>\n                                <\/ul>\n                            <\/div>\n                            <div class=\"col-sm-5\">\n                                <a class=\"btn-banner\" href=\"\/nl\/autoverhuur\/quote.php\" data-wpel-link=\"internal\">Bekijk prijzen<\/a>\n                                <img decoding=\"async\" class=\"zonturent\" src=\"\/images\/zontu-banner.png\" alt=\"\">\n                            <\/div>\n                        <\/div>\n                    <\/div>\n                 <\/div>  \n            <\/div>\n            \n<div id=\"ez-toc-container\" class=\"ez-toc-v2_0_87 counter-hierarchy ez-toc-counter ez-toc-light-blue ez-toc-container-direction\">\n<p class=\"ez-toc-title\" style=\"cursor:inherit\">Inhoudsopgave<\/p>\n<label for=\"ez-toc-cssicon-toggle-item-6a9a43250618a\" class=\"ez-toc-cssicon-toggle-label\"><span class=\"\"><span class=\"eztoc-hide\" style=\"display:none;\">Toggle<\/span><span class=\"ez-toc-icon-toggle-span\"><svg style=\"fill: #999;color:#999\" xmlns=\"http:\/\/www.w3.org\/2000\/svg\" class=\"list-377408\" width=\"20px\" height=\"20px\" viewBox=\"0 0 24 24\" fill=\"none\"><path d=\"M6 6H4v2h2V6zm14 0H8v2h12V6zM4 11h2v2H4v-2zm16 0H8v2h12v-2zM4 16h2v2H4v-2zm16 0H8v2h12v-2z\" fill=\"currentColor\"><\/path><\/svg><svg style=\"fill: #999;color:#999\" class=\"arrow-unsorted-368013\" xmlns=\"http:\/\/www.w3.org\/2000\/svg\" width=\"10px\" height=\"10px\" viewBox=\"0 0 24 24\" version=\"1.2\" baseProfile=\"tiny\"><path d=\"M18.2 9.3l-6.2-6.3-6.2 6.3c-.2.2-.3.4-.3.7s.1.5.3.7c.2.2.4.3.7.3h11c.3 0 .5-.1.7-.3.2-.2.3-.5.3-.7s-.1-.5-.3-.7zM5.8 14.7l6.2 6.3 6.2-6.3c.2-.2.3-.5.3-.7s-.1-.5-.3-.7c-.2-.2-.4-.3-.7-.3h-11c-.3 0-.5.1-.7.3-.2.2-.3.5-.3.7s.1.5.3.7z\"\/><\/svg><\/span><\/span><\/label><input type=\"checkbox\"  id=\"ez-toc-cssicon-toggle-item-6a9a43250618a\"  aria-label=\"Toggle\" \/><nav><ul class='ez-toc-list ez-toc-list-level-1 ' ><li class='ez-toc-page-1 ez-toc-heading-level-2'><a class=\"ez-toc-link ez-toc-heading-1\" href=\"https:\/\/www.malagacar.com\/nl\/blog\/vrije-tijd\/dingen-om-te-doen-in-malaga-in-oktober\/#Malaga_in_Oktober_2025\" data-wpel-link=\"internal\">M\u00e1laga in Oktober 2025<\/a><ul class='ez-toc-list-level-3' ><li class='ez-toc-heading-level-3'><a class=\"ez-toc-link ez-toc-heading-2\" href=\"https:\/\/www.malagacar.com\/nl\/blog\/vrije-tijd\/dingen-om-te-doen-in-malaga-in-oktober\/#AllesDans_%E2%80%93_Marbella\" data-wpel-link=\"internal\">AllesDans \u2013 Marbella<\/a><\/li><li class='ez-toc-page-1 ez-toc-heading-level-3'><a class=\"ez-toc-link ez-toc-heading-3\" href=\"https:\/\/www.malagacar.com\/nl\/blog\/vrije-tijd\/dingen-om-te-doen-in-malaga-in-oktober\/#Estepona_leeft_in_de_straten_%E2%80%93_Estepona\" data-wpel-link=\"internal\">Estepona leeft in de straten \u2013 Estepona<\/a><\/li><li class='ez-toc-page-1 ez-toc-heading-level-3'><a class=\"ez-toc-link ez-toc-heading-4\" href=\"https:\/\/www.malagacar.com\/nl\/blog\/vrije-tijd\/dingen-om-te-doen-in-malaga-in-oktober\/#Eerbetoon_Michael_Jackson_%E2%80%93_Malaga\" data-wpel-link=\"internal\">Eerbetoon Michael Jackson \u2013 Malaga<\/a><\/li><li class='ez-toc-page-1 ez-toc-heading-level-3'><a class=\"ez-toc-link ez-toc-heading-5\" href=\"https:\/\/www.malagacar.com\/nl\/blog\/vrije-tijd\/dingen-om-te-doen-in-malaga-in-oktober\/#Doornroosje_Ballet_met_Lichten_%E2%80%93_Malaga\" data-wpel-link=\"internal\">Doornroosje Ballet met Lichten \u2013 M\u00e1laga<\/a><\/li><li class='ez-toc-page-1 ez-toc-heading-level-3'><a class=\"ez-toc-link ez-toc-heading-6\" href=\"https:\/\/www.malagacar.com\/nl\/blog\/vrije-tijd\/dingen-om-te-doen-in-malaga-in-oktober\/#Moments_Festival_%E2%80%93_Malaga\" data-wpel-link=\"internal\">Moments Festival \u2013 M\u00e1laga<\/a><\/li><li class='ez-toc-page-1 ez-toc-heading-level-3'><a class=\"ez-toc-link ez-toc-heading-7\" href=\"https:\/\/www.malagacar.com\/nl\/blog\/vrije-tijd\/dingen-om-te-doen-in-malaga-in-oktober\/#Theatrale_rondleiding_door_de_schatgrot_%E2%80%93_Rincon_de_la_Victoria\" data-wpel-link=\"internal\">Theatrale rondleiding door de schatgrot &#8211; Rinc\u00f3n de la Victoria<\/a><\/li><li class='ez-toc-page-1 ez-toc-heading-level-3'><a class=\"ez-toc-link ez-toc-heading-8\" href=\"https:\/\/www.malagacar.com\/nl\/blog\/vrije-tijd\/dingen-om-te-doen-in-malaga-in-oktober\/#Festival_in_de_lucht_%E2%80%93_Arriate\" data-wpel-link=\"internal\">Festival in de lucht\u00a0&#8211; Arriate<\/a><\/li><li class='ez-toc-page-1 ez-toc-heading-level-3'><a class=\"ez-toc-link ez-toc-heading-9\" href=\"https:\/\/www.malagacar.com\/nl\/blog\/vrije-tijd\/dingen-om-te-doen-in-malaga-in-oktober\/#Gratis_rondleidingen_%E2%80%93_Malaga_Museum\" data-wpel-link=\"internal\">Gratis rondleidingen &#8211; M\u00e1laga Museum<\/a><\/li><li class='ez-toc-page-1 ez-toc-heading-level-3'><a class=\"ez-toc-link ez-toc-heading-10\" href=\"https:\/\/www.malagacar.com\/nl\/blog\/vrije-tijd\/dingen-om-te-doen-in-malaga-in-oktober\/#Wijnproeverijen_in_het_Wijnmuseum_%E2%80%93_Malaga\" data-wpel-link=\"internal\">Wijnproeverijen in het Wijnmuseum &#8211; M\u00e1laga<\/a><\/li><li class='ez-toc-page-1 ez-toc-heading-level-3'><a class=\"ez-toc-link ez-toc-heading-11\" href=\"https:\/\/www.malagacar.com\/nl\/blog\/vrije-tijd\/dingen-om-te-doen-in-malaga-in-oktober\/#Nerja_Beurs_%E2%80%93_Nerja\" data-wpel-link=\"internal\">Nerja Beurs &#8211; Nerja<\/a><\/li><li class='ez-toc-page-1 ez-toc-heading-level-3'><a class=\"ez-toc-link ez-toc-heading-12\" href=\"https:\/\/www.malagacar.com\/nl\/blog\/vrije-tijd\/dingen-om-te-doen-in-malaga-in-oktober\/#Torrox_Beurs_%E2%80%93_Torrox\" data-wpel-link=\"internal\">Torrox Beurs \u2013 Torrox<\/a><\/li><li class='ez-toc-page-1 ez-toc-heading-level-3'><a class=\"ez-toc-link ez-toc-heading-13\" href=\"https:\/\/www.malagacar.com\/nl\/blog\/vrije-tijd\/dingen-om-te-doen-in-malaga-in-oktober\/#Marbepop_Festival_%E2%80%93_Marbella\" data-wpel-link=\"internal\">Marbepop Festival &#8211; Marbella<\/a><\/li><li class='ez-toc-page-1 ez-toc-heading-level-3'><a class=\"ez-toc-link ez-toc-heading-14\" href=\"https:\/\/www.malagacar.com\/nl\/blog\/vrije-tijd\/dingen-om-te-doen-in-malaga-in-oktober\/#Nachten_van_Bella_Jarifa_%E2%80%93_Cartama\" data-wpel-link=\"internal\">Nachten van Bella Jarifa &#8211; C\u00e1rtama<\/a><\/li><li class='ez-toc-page-1 ez-toc-heading-level-3'><a class=\"ez-toc-link ez-toc-heading-15\" href=\"https:\/\/www.malagacar.com\/nl\/blog\/vrije-tijd\/dingen-om-te-doen-in-malaga-in-oktober\/#MOSMA_Movie_Score_%E2%80%93_Malaga\" data-wpel-link=\"internal\">MOSMA Movie Score \u2013 M\u00e1laga<\/a><\/li><li class='ez-toc-page-1 ez-toc-heading-level-3'><a class=\"ez-toc-link ez-toc-heading-16\" href=\"https:\/\/www.malagacar.com\/nl\/blog\/vrije-tijd\/dingen-om-te-doen-in-malaga-in-oktober\/#Monfi_Festival_%E2%80%93_Cutar\" data-wpel-link=\"internal\">Monf\u00ed Festival &#8211; C\u00fatar<\/a><\/li><li class='ez-toc-page-1 ez-toc-heading-level-3'><a class=\"ez-toc-link ez-toc-heading-17\" href=\"https:\/\/www.malagacar.com\/nl\/blog\/vrije-tijd\/dingen-om-te-doen-in-malaga-in-oktober\/#Motorfestival_%E2%80%93_Torremolinos\" data-wpel-link=\"internal\">Motorfestival &#8211; Torremolinos<\/a><\/li><li class='ez-toc-page-1 ez-toc-heading-level-3'><a class=\"ez-toc-link ez-toc-heading-18\" href=\"https:\/\/www.malagacar.com\/nl\/blog\/vrije-tijd\/dingen-om-te-doen-in-malaga-in-oktober\/#Candelight_Concerten_%E2%80%93_Malaga\" data-wpel-link=\"internal\">Candelight Concerten &#8211; M\u00e1laga<\/a><\/li><li class='ez-toc-page-1 ez-toc-heading-level-3'><a class=\"ez-toc-link ez-toc-heading-19\" href=\"https:\/\/www.malagacar.com\/nl\/blog\/vrije-tijd\/dingen-om-te-doen-in-malaga-in-oktober\/#Candelight_Concerten_%E2%80%93_Marbella\" data-wpel-link=\"internal\">Candelight Concerten &#8211; Marbella<\/a><\/li><li class='ez-toc-page-1 ez-toc-heading-level-3'><a class=\"ez-toc-link ez-toc-heading-20\" href=\"https:\/\/www.malagacar.com\/nl\/blog\/vrije-tijd\/dingen-om-te-doen-in-malaga-in-oktober\/#Rosario_Kermis_%E2%80%93_Fuengirola\" data-wpel-link=\"internal\">Rosario Kermis &#8211; Fuengirola<\/a><\/li><li class='ez-toc-page-1 ez-toc-heading-level-3'><a class=\"ez-toc-link ez-toc-heading-21\" href=\"https:\/\/www.malagacar.com\/nl\/blog\/vrije-tijd\/dingen-om-te-doen-in-malaga-in-oktober\/#Marbella_4_Days_walking_%E2%80%93_Marbella\" data-wpel-link=\"internal\">Marbella 4 Days walking &#8211; Marbella<\/a><\/li><li class='ez-toc-page-1 ez-toc-heading-level-3'><a class=\"ez-toc-link ez-toc-heading-22\" href=\"https:\/\/www.malagacar.com\/nl\/blog\/vrije-tijd\/dingen-om-te-doen-in-malaga-in-oktober\/#Dans_Malaga_%E2%80%93_Malaga\" data-wpel-link=\"internal\">Dans M\u00e1laga &#8211; M\u00e1laga<\/a><\/li><li class='ez-toc-page-1 ez-toc-heading-level-3'><a class=\"ez-toc-link ez-toc-heading-23\" href=\"https:\/\/www.malagacar.com\/nl\/blog\/vrije-tijd\/dingen-om-te-doen-in-malaga-in-oktober\/#Volle_maan_in_Hydros_Spa_%E2%80%93_Benalmadena\" data-wpel-link=\"internal\">Volle maan in Hydros Spa &#8211; Benalm\u00e1dena<\/a><\/li><li class='ez-toc-page-1 ez-toc-heading-level-3'><a class=\"ez-toc-link ez-toc-heading-24\" href=\"https:\/\/www.malagacar.com\/nl\/blog\/vrije-tijd\/dingen-om-te-doen-in-malaga-in-oktober\/#Brunch_Electronic_%E2%80%93_Malaga\" data-wpel-link=\"internal\">Brunch Electronic \u2013 M\u00e1laga<\/a><\/li><li class='ez-toc-page-1 ez-toc-heading-level-3'><a class=\"ez-toc-link ez-toc-heading-25\" href=\"https:\/\/www.malagacar.com\/nl\/blog\/vrije-tijd\/dingen-om-te-doen-in-malaga-in-oktober\/#Festival_Manga_%E2%80%93_Estepona\" data-wpel-link=\"internal\">Festival Manga &#8211; Estepona<\/a><\/li><\/ul><\/li><li class='ez-toc-page-1 ez-toc-heading-level-2'><a class=\"ez-toc-link ez-toc-heading-26\" href=\"https:\/\/www.malagacar.com\/nl\/blog\/vrije-tijd\/dingen-om-te-doen-in-malaga-in-oktober\/#Straatmarkten_in_Malaga_in_Oktober\" data-wpel-link=\"internal\">Straatmarkten in M\u00e1laga in Oktober<\/a><ul class='ez-toc-list-level-3' ><li class='ez-toc-heading-level-3'><a class=\"ez-toc-link ez-toc-heading-27\" href=\"https:\/\/www.malagacar.com\/nl\/blog\/vrije-tijd\/dingen-om-te-doen-in-malaga-in-oktober\/#Kaasmarkt_%E2%80%93_Coin\" data-wpel-link=\"internal\">Kaasmarkt &#8211; Co\u00edn<\/a><\/li><li class='ez-toc-page-1 ez-toc-heading-level-3'><a class=\"ez-toc-link ez-toc-heading-28\" href=\"https:\/\/www.malagacar.com\/nl\/blog\/vrije-tijd\/dingen-om-te-doen-in-malaga-in-oktober\/#Poderio_Market_%E2%80%93_Malaga\" data-wpel-link=\"internal\">Poder\u00edo Market &#8211; M\u00e1laga<\/a><\/li><li class='ez-toc-page-1 ez-toc-heading-level-3'><a class=\"ez-toc-link ez-toc-heading-29\" href=\"https:\/\/www.malagacar.com\/nl\/blog\/vrije-tijd\/dingen-om-te-doen-in-malaga-in-oktober\/#Ambachtsmarkt_La_Merced_%E2%80%93_Malaga\" data-wpel-link=\"internal\">Ambachtsmarkt La Merced &#8211; M\u00e1laga<\/a><\/li><li class='ez-toc-page-1 ez-toc-heading-level-3'><a class=\"ez-toc-link ez-toc-heading-30\" href=\"https:\/\/www.malagacar.com\/nl\/blog\/vrije-tijd\/dingen-om-te-doen-in-malaga-in-oktober\/#De_Engelse_Megraafplaats_Markt_%E2%80%93_Malaga\" data-wpel-link=\"internal\">De Engelse Megraafplaats Markt \u2013 M\u00e1laga<\/a><\/li><li class='ez-toc-page-1 ez-toc-heading-level-3'><a class=\"ez-toc-link ez-toc-heading-31\" href=\"https:\/\/www.malagacar.com\/nl\/blog\/vrije-tijd\/dingen-om-te-doen-in-malaga-in-oktober\/#Vlooienmarkten_en_straatmarkten_in_de_provincie\" data-wpel-link=\"internal\">Vlooienmarkten en straatmarkten in de provincie<\/a><\/li><\/ul><\/li><li class='ez-toc-page-1 ez-toc-heading-level-2'><a class=\"ez-toc-link ez-toc-heading-32\" href=\"https:\/\/www.malagacar.com\/nl\/blog\/vrije-tijd\/dingen-om-te-doen-in-malaga-in-oktober\/#Bezoek_de_Musea_van_Malaga\" data-wpel-link=\"internal\">Bezoek de Musea van M\u00e1laga<\/a><ul class='ez-toc-list-level-3' ><li class='ez-toc-heading-level-3'><a class=\"ez-toc-link ez-toc-heading-33\" href=\"https:\/\/www.malagacar.com\/nl\/blog\/vrije-tijd\/dingen-om-te-doen-in-malaga-in-oktober\/#Rondleidingen_in_de_historische_botanische_tuin_La_Concepcion\" data-wpel-link=\"internal\">Rondleidingen in de historische botanische tuin La Concepci\u00f3n<\/a><\/li><li class='ez-toc-page-1 ez-toc-heading-level-3'><a class=\"ez-toc-link ez-toc-heading-34\" href=\"https:\/\/www.malagacar.com\/nl\/blog\/vrije-tijd\/dingen-om-te-doen-in-malaga-in-oktober\/#Bezoek_aan_de_Victoria_brouwerij_%E2%80%93_Malaga\" data-wpel-link=\"internal\">Bezoek aan de Victoria brouwerij &#8211; M\u00e1laga<\/a><\/li><li class='ez-toc-page-1 ez-toc-heading-level-3'><a class=\"ez-toc-link ez-toc-heading-35\" href=\"https:\/\/www.malagacar.com\/nl\/blog\/vrije-tijd\/dingen-om-te-doen-in-malaga-in-oktober\/#Gedramatiseerde_nachtelijke_rondleidingen_Automobielmuseum_%E2%80%93_Malaga\" data-wpel-link=\"internal\">Gedramatiseerde nachtelijke rondleidingen Automobielmuseum &#8211; M\u00e1laga<\/a><\/li><\/ul><\/li><li class='ez-toc-page-1 ez-toc-heading-level-2'><a class=\"ez-toc-link ez-toc-heading-36\" href=\"https:\/\/www.malagacar.com\/nl\/blog\/vrije-tijd\/dingen-om-te-doen-in-malaga-in-oktober\/#Gastronomische_festivals_in_Malaga_in_Oktober\" data-wpel-link=\"internal\">Gastronomische festivals in M\u00e1laga in Oktober<\/a><ul class='ez-toc-list-level-3' ><li class='ez-toc-heading-level-3'><a class=\"ez-toc-link ez-toc-heading-37\" href=\"https:\/\/www.malagacar.com\/nl\/blog\/vrije-tijd\/dingen-om-te-doen-in-malaga-in-oktober\/#Dag_van_de_Perotas-soep_%E2%80%93_Alora\" data-wpel-link=\"internal\">Dag van de Perotas-soep &#8211; \u00c1lora<\/a><\/li><li class='ez-toc-page-1 ez-toc-heading-level-3'><a class=\"ez-toc-link ez-toc-heading-38\" href=\"https:\/\/www.malagacar.com\/nl\/blog\/vrije-tijd\/dingen-om-te-doen-in-malaga-in-oktober\/#Kaasbeurs_%E2%80%93_Teba\" data-wpel-link=\"internal\">Kaasbeurs &#8211; Teba<\/a><\/li><li class='ez-toc-page-1 ez-toc-heading-level-3'><a class=\"ez-toc-link ez-toc-heading-39\" href=\"https:\/\/www.malagacar.com\/nl\/blog\/vrije-tijd\/dingen-om-te-doen-in-malaga-in-oktober\/#Kastanje-_en_Wijnfeest_in_Yunquera\" data-wpel-link=\"internal\">Kastanje- en Wijnfeest in Yunquera<\/a><\/li><\/ul><\/li><li class='ez-toc-page-1 ez-toc-heading-level-2'><a class=\"ez-toc-link ez-toc-heading-40\" href=\"https:\/\/www.malagacar.com\/nl\/blog\/vrije-tijd\/dingen-om-te-doen-in-malaga-in-oktober\/#Halloween_in_Malaga\" data-wpel-link=\"internal\">Halloween in M\u00e1laga<\/a><\/li><li class='ez-toc-page-1 ez-toc-heading-level-2'><a class=\"ez-toc-link ez-toc-heading-41\" href=\"https:\/\/www.malagacar.com\/nl\/blog\/vrije-tijd\/dingen-om-te-doen-in-malaga-in-oktober\/#Weer_in_Malaga_in_Oktober\" data-wpel-link=\"internal\">Weer in M\u00e1laga in Oktober<\/a><\/li><\/ul><\/nav><\/div>\n<h2><span class=\"ez-toc-section\" id=\"Malaga_in_Oktober_2025\"><\/span>M\u00e1laga in Oktober 2025<span class=\"ez-toc-section-end\"><\/span><\/h2>\n<h3><span class=\"ez-toc-section\" id=\"AllesDans_%E2%80%93_Marbella\"><\/span>AllesDans \u2013 Marbella<span class=\"ez-toc-section-end\"><\/span><\/h3>\n<p><img loading=\"lazy\" decoding=\"async\" class=\"alignnone size-full wp-image-18233\" src=\"https:\/\/www.malagacar.com\/sp\/blog\/wp-content\/uploads\/2025\/09\/Marbella-todo-danza.jpg\" alt=\"Marbella TodoDanza \" width=\"473\" height=\"816\" \/><\/p>\n<p>De 16e editie van het Marbella TodoDanza Festival vindt plaats van 4 oktober tot en met 8 november.<br \/>\nHet is een van de hoogtepunten van de culturele kalender van Marbella en biedt hedendaagse dans- en flamencovoorstellingen met deelname van 13 gezelschappen en meer dan 40 artiesten.<\/p>\n<p>Het evenement vindt plaats op verschillende locaties in de stad, waaronder het Teatro Ciudad de Marbella, het Museum voor Hedendaagse Spaanse Gravure, de Centrale Bibliotheek van Fernando Alcal\u00e1 Mar\u00edn, het Hospital Real de la Misericordia, de Cortijo Miraflores en op openbare plekken in de openlucht.<\/p>\n<ul>\n<li><a href=\"https:\/\/www.marbella.es\/agenda\/cultura-y-ensenanza\/16o-festival-marbella-tododanza-2025.html\" data-wpel-link=\"external\" target=\"_blank\" rel=\"external noopener noreferrer\" class=\"ext-link wpel-icon-right\"><strong>Volledig programma<\/strong><span class=\"wpel-icon wpel-image wpel-icon-2\"><\/span><\/a><\/li>\n<li>Wanneer: 4 oktober tot en met 8 november<\/li>\n<li>Waar: Marbella<\/li>\n<li><a href=\"https:\/\/maps.app.goo.gl\/bzerG7tnDRHYfZ289\" data-wpel-link=\"external\" target=\"_blank\" rel=\"external noopener noreferrer\" class=\"ext-link wpel-icon-right\"><strong>Hoe er te komen<\/strong><span class=\"wpel-icon wpel-image wpel-icon-2\"><\/span><\/a><\/li>\n<\/ul>\n<h3><span class=\"ez-toc-section\" id=\"Estepona_leeft_in_de_straten_%E2%80%93_Estepona\"><\/span>Estepona leeft in de straten \u2013 Estepona<span class=\"ez-toc-section-end\"><\/span><\/h3>\n<p><img loading=\"lazy\" decoding=\"async\" class=\"alignnone wp-image-13455\" src=\"https:\/\/www.malagacar.com\/sp\/blog\/wp-content\/uploads\/2022\/04\/Plaza-de-las-Fores-Estepona-Depositphotos.jpg\" alt=\"Plaza de las Flores en Estepona Credit: depositfotos https:\/\/sp.depositphotos.com\/\" width=\"737\" height=\"553\" \/><\/p>\n<p>Dit jaarlijkse culturele evenement zal de straten van Estepona van 10 tot en met 12 oktober opnieuw opvrolijken met meer dan een dozijn activiteiten, waaronder concerten, gastronomie en interculturele ontmoetingen.<\/p>\n<h4>Programma<\/h4>\n<p>De Octopusbeurs vindt plaats in de Calle Real van 12.00 tot 22.00 uur, waar lokale horecagelegenheden hun mooiste vis, weekdieren en schaaldieren presenteren.<\/p>\n<p><strong>10 oktober<\/strong><br \/>\nConcert van het koor &#8220;Love to Sing&#8221; om 18.00 uur in de Mirador del Carmen<br \/>\nSwing-jazzconcert van &#8220;La Insostenible Big Band&#8221; om 20.00 uur in El Calvario Park<br \/>\nShow &#8220;Locura PARAPA&#8221; om 21.00 uur in de Mirador del Carmen<\/p>\n<p><strong>11 oktober<\/strong><br \/>\nKinderfeest op Plaza Garc\u00eda Caparr\u00f3s van 12.00 tot 18.00 uur<br \/>\nCulturen delen: Buitenlanders delen hun gebruiken, traditionele feesten en culinaire cultuur, vanaf 12.00 uur in de Mirador del Carmen.<br \/>\nDansvoorstelling in de Terraza-straat om 18.00 uur<br \/>\nComedy op Plaza del Reloj om 20.00 uur<br \/>\nConcert van Los Secretos om 22.00 uur op Plaza del Ajedrez<\/p>\n<p><strong>12 oktober<\/strong><br \/>\nConcert van Pasodobles om 12.00 uur op Plaza Antonia Guerrero<br \/>\nConcert van strijkkwartet op Plaza Manilva om 13.00 uur<br \/>\nConcert van Copla om 19.00 uur op Plaza del Reloj<\/p>\n<ul>\n<li><a href=\"https:\/\/maps.app.goo.gl\/hP5UG99GB1RMJyMf8\" data-wpel-link=\"external\" target=\"_blank\" rel=\"external noopener noreferrer\" class=\"ext-link wpel-icon-right\"><strong>Hoe er te komen<\/strong><span class=\"wpel-icon wpel-image wpel-icon-2\"><\/span><\/a><strong>\u00a0<\/strong><\/li>\n<\/ul>\n<h3><span class=\"ez-toc-section\" id=\"Eerbetoon_Michael_Jackson_%E2%80%93_Malaga\"><\/span>Eerbetoon Michael Jackson \u2013 Malaga<span class=\"ez-toc-section-end\"><\/span><\/h3>\n<p><img loading=\"lazy\" decoding=\"async\" class=\"alignnone wp-image-18222\" src=\"https:\/\/www.malagacar.com\/sp\/blog\/wp-content\/uploads\/2025\/09\/tributo-michael-jackson-847x1024.jpg\" alt=\"Tributo Michael Jackson \u2013 M\u00e1laga\" width=\"557\" height=\"674\" \/><\/p>\n<p>Geniet van dit tributeconcert met een van de beste imitators en dansers van de King of Pop, met een fantastisch visueel spektakel en magnifieke choreografie die de grootste klassiekers van Michael Jackson begeleidt.<\/p>\n<ul>\n<li><a href=\"https:\/\/www.giglon.com\/todos?idEvent=tributo-a-michael-jackson-esad-2025&amp;fbclid=IwY2xjawM_P0pleHRuA2FlbQIxMAABHgZdN_Q7sjrcmDI1PH7UWtLjKAxumgRA4IvYvAEnkwYnobcixHLT8g05hufF_aem_PoJFHqXNjfy1MyjhHVDibA\" data-wpel-link=\"external\" target=\"_blank\" rel=\"external noopener noreferrer\" class=\"ext-link wpel-icon-right\"><strong>Tickets<\/strong><span class=\"wpel-icon wpel-image wpel-icon-2\"><\/span><\/a><\/li>\n<li>Wanneer: 26 oktober, 18:30 uur<\/li>\n<li>Waar: ESAD M\u00e1laga<\/li>\n<li><a href=\"https:\/\/maps.app.goo.gl\/WXB3tgkw7K4KoEXQ7\" data-wpel-link=\"external\" target=\"_blank\" rel=\"external noopener noreferrer\" class=\"ext-link wpel-icon-right\"><strong>Hoe er te komen<\/strong><span class=\"wpel-icon wpel-image wpel-icon-2\"><\/span><\/a><\/li>\n<\/ul>\n<h3><span class=\"ez-toc-section\" id=\"Doornroosje_Ballet_met_Lichten_%E2%80%93_Malaga\"><\/span>Doornroosje Ballet met Lichten \u2013 M\u00e1laga<span class=\"ez-toc-section-end\"><\/span><\/h3>\n<p><img loading=\"lazy\" decoding=\"async\" class=\"alignnone wp-image-18223\" src=\"https:\/\/www.malagacar.com\/sp\/blog\/wp-content\/uploads\/2025\/09\/ballet.jpg\" alt=\"we call it ballet\" width=\"597\" height=\"748\" \/><\/p>\n<p>Beleef dit klassieke ballet op een heel andere manier: de dansers treden op het podium op in fluorescerende kostuums en combineren zo traditionele kunst met moderne technologie.<\/p>\n<ul>\n<li><a href=\"https:\/\/www.myguidemalaga.com\/es\/eventos\/we-call-it-ballet-espectaculo-de-danza-y-luces-de-la-bella-durmiente?date=2025-10-04\" data-wpel-link=\"external\" target=\"_blank\" rel=\"external noopener noreferrer\" class=\"ext-link wpel-icon-right\"><strong>Tickets<\/strong><span class=\"wpel-icon wpel-image wpel-icon-2\"><\/span><\/a><\/li>\n<li>Wanneer: 4 oktober om 18.00 en 20.00 uur<\/li>\n<li>Waar: Conservatorium van M\u00e1laga<\/li>\n<li><a href=\"https:\/\/maps.app.goo.gl\/Y9YdUFLVcYbiE3za6\" data-wpel-link=\"external\" target=\"_blank\" rel=\"external noopener noreferrer\" class=\"ext-link wpel-icon-right\"><strong>Hoe er te komen<\/strong><span class=\"wpel-icon wpel-image wpel-icon-2\"><\/span><\/a><\/li>\n<\/ul>\n<h3><span class=\"ez-toc-section\" id=\"Moments_Festival_%E2%80%93_Malaga\"><\/span>Moments Festival \u2013 M\u00e1laga<span class=\"ez-toc-section-end\"><\/span><\/h3>\n<p><img loading=\"lazy\" decoding=\"async\" class=\"alignnone size-large wp-image-18224\" src=\"https:\/\/www.malagacar.com\/sp\/blog\/wp-content\/uploads\/2025\/09\/moments-festival-1024x535.jpg\" alt=\"Moments Festival \u2013 M\u00e1laga\" width=\"750\" height=\"392\" \/><\/p>\n<p>Dit festival, gewijd aan hedendaagse cultuur en kunst, is nu aan zijn 12e editie toe. Het vindt plaats op verschillende locaties in Malaga en biedt bijna 200 activiteiten, waaronder workshops, bijeenkomsten, tentoonstellingen, concerten, liefdadigheidsevenementen, prijsuitreikingen, optredens, muurschilderingen en andere evenementen.<\/p>\n<ul>\n<li>Programma op de <a href=\"https:\/\/www.momentsfestival.org\/calendario\/calendario-moments-malaga\/\" data-wpel-link=\"external\" target=\"_blank\" rel=\"external noopener noreferrer\" class=\"ext-link wpel-icon-right\"><strong>offici\u00eble website<\/strong><span class=\"wpel-icon wpel-image wpel-icon-2\"><\/span><\/a><\/li>\n<li>Wanneer: 21 oktober tot en met 15 november<\/li>\n<li>Waar: M\u00e1laga<\/li>\n<\/ul>\n<h3><span class=\"ez-toc-section\" id=\"Theatrale_rondleiding_door_de_schatgrot_%E2%80%93_Rincon_de_la_Victoria\"><\/span>Theatrale rondleiding door de schatgrot &#8211; Rinc\u00f3n de la Victoria<span class=\"ez-toc-section-end\"><\/span><\/h3>\n<p><img loading=\"lazy\" decoding=\"async\" class=\"size-large wp-image-7849\" src=\"https:\/\/www.malagacar.com\/sp\/blog\/wp-content\/uploads\/2020\/03\/cueva-del-tesoro-1024x625.jpg\" alt=\"cueva del tesoro\" width=\"750\" height=\"458\" \/><\/p>\n<p>Ga terug in de tijd en ontdek de geschiedenis en mysteries van de ontdekking van de Schatgrot. Een uur durende, gedramatiseerde rondleiding door de verschillende galerijen van de grot.<\/p>\n<p>Vooraf reserveren is vereist voor deze activiteit via <a href=\"https:\/\/entradas.turismoenrincon.es\/\" data-wpel-link=\"external\" target=\"_blank\" rel=\"external noopener noreferrer\" class=\"ext-link wpel-icon-right\"><strong>deze link<\/strong><span class=\"wpel-icon wpel-image wpel-icon-2\"><\/span><\/a>.<\/p>\n<ul>\n<li>Aankomende data: 26 oktober, 30 november en 28 december<\/li>\n<li>Waar: Schatgrot &#8211; Rinc\u00f3n de la Victoria<\/li>\n<li><a href=\"https:\/\/maps.app.goo.gl\/3sX5qj8EcDRxP7R37\" data-wpel-link=\"external\" target=\"_blank\" rel=\"external noopener noreferrer\" class=\"ext-link wpel-icon-right\"><strong>Hoe er te komen<\/strong><span class=\"wpel-icon wpel-image wpel-icon-2\"><\/span><\/a><\/li>\n<\/ul>\n<h3><span class=\"ez-toc-section\" id=\"Festival_in_de_lucht_%E2%80%93_Arriate\"><\/span>Festival in de lucht\u00a0&#8211; Arriate<span class=\"ez-toc-section-end\"><\/span><\/h3>\n<p><img loading=\"lazy\" decoding=\"async\" class=\"alignnone size-full wp-image-18225\" src=\"https:\/\/www.malagacar.com\/sp\/blog\/wp-content\/uploads\/2025\/09\/Arriate-Fiesta-en-el-Aire-2025.jpg\" alt=\"Fiesta en el aire - Arriate\" width=\"266\" height=\"400\" \/><\/p>\n<p>Arriate, gelegen in de Serran\u00eda de Ronda, viert een nieuwe editie van het festival &#8220;en el aire&#8221; (in de lucht). Drie dagen lang vormt Arriate een open podium met meer dan 20 concerten, kunst, gastronomie, workshops en wedstrijden.<\/p>\n<p>Veel van de optredens en evenementen vinden plaats op de Plaza de Antonio Mara\u00f1\u00f3n, Plaza D\u00edaz Mena en Calle La Fuente.<\/p>\n<ul>\n<li>Wanneer: 10, 11 en 12 oktober<\/li>\n<li>Waar: Arriate<\/li>\n<li><a href=\"https:\/\/maps.app.goo.gl\/CVQ2ep773S9NoeBg6\" data-wpel-link=\"external\" target=\"_blank\" rel=\"external noopener noreferrer\" class=\"ext-link wpel-icon-right\"><strong>Hoe er te komen<\/strong><span class=\"wpel-icon wpel-image wpel-icon-2\"><\/span><\/a><\/li>\n<\/ul>\n<h3><span class=\"ez-toc-section\" id=\"Gratis_rondleidingen_%E2%80%93_Malaga_Museum\"><\/span>Gratis rondleidingen &#8211; M\u00e1laga Museum<span class=\"ez-toc-section-end\"><\/span><\/h3>\n<h3><img loading=\"lazy\" decoding=\"async\" class=\"alignnone wp-image-14397\" src=\"https:\/\/www.malagacar.com\/sp\/blog\/wp-content\/uploads\/2021\/07\/Museo-de-Malaga-819x1024.jpg\" alt=\"Museo de M\u00e1laga\" width=\"550\" height=\"688\" \/><\/h3>\n<p>Geniet op zaterdag van een wandeling door de kunst- en archeologiecollecties. Het <a href=\"https:\/\/www.malagacar.com\/nl\/blog\/vrije-tijd\/beste-musea-in-malaga\/#Museum_van_Malaga\" data-wpel-link=\"internal\"><strong>Museum van M\u00e1laga<\/strong><\/a> biedt elke zaterdag om 12.00 uur gratis rondleidingen aan, elk met een ander thema.<\/p>\n<p>Registratie is mogelijk bij de ingang op de dag van de activiteit, vanaf de openingstijd van het museum. Kijk op hun website voor het wekelijkse aanbod.<\/p>\n<ul>\n<li>Wanneer: Zaterdag om 12.00 uur<\/li>\n<li>Waar: M\u00e1laga Museum<\/li>\n<li><a href=\"https:\/\/maps.app.goo.gl\/ZRb4BVzcJ2ToyXaH8\" data-wpel-link=\"external\" target=\"_blank\" rel=\"external noopener noreferrer\" class=\"ext-link wpel-icon-right\"><strong>Hoe er te komen<\/strong><span class=\"wpel-icon wpel-image wpel-icon-2\"><\/span><\/a><\/li>\n<\/ul>\n<h3><span class=\"ez-toc-section\" id=\"Wijnproeverijen_in_het_Wijnmuseum_%E2%80%93_Malaga\"><\/span>Wijnproeverijen in het Wijnmuseum &#8211; M\u00e1laga<span class=\"ez-toc-section-end\"><\/span><\/h3>\n<p><img loading=\"lazy\" decoding=\"async\" class=\"alignnone size-large wp-image-18214\" src=\"https:\/\/www.malagacar.com\/sp\/blog\/wp-content\/uploads\/2025\/09\/cursos-y-catas-en-el-museo-del-vino-malaga-1024x545.jpg\" alt=\"Catas de vino en el Museo del Vino - M\u00e1laga\" width=\"750\" height=\"399\" \/><\/p>\n<p>Duik op zaterdag in de wereld van de wijnen met de oorsprongsbenamingen M\u00e1laga en Sierras de M\u00e1laga.<\/p>\n<p>Het <a href=\"https:\/\/www.malagacar.com\/nl\/blog\/vrije-tijd\/beste-musea-in-malaga\/#Wijnmuseum\" data-wpel-link=\"internal\"><strong>Wijnmuseum van M\u00e1laga<\/strong><\/a> nodigt u uit voor begeleide thematische proeverijen en inleidende proeverijcursussen onder leiding van wijnmakers en oenologen.<\/p>\n<p>Elke zaterdag staat er van 12.30 tot 14.00 uur een ander aanbod voor u klaar.<\/p>\n<h4>Aankomende data<\/h4>\n<p>4.10. I 18.10. I 8.11. I 22.11. I 29.11. I 13.12.<\/p>\n<ul>\n<li>Meer <a href=\"https:\/\/museovinomalaga.com\/categoria-producto\/oferta-formativa\/\" data-wpel-link=\"external\" target=\"_blank\" rel=\"external noopener noreferrer\" class=\"ext-link wpel-icon-right\"><strong>informatie en reserveringen<\/strong><span class=\"wpel-icon wpel-image wpel-icon-2\"><\/span><\/a><\/li>\n<li>Waar: Wijnmuseum, M\u00e1laga<\/li>\n<li><a href=\"https:\/\/maps.app.goo.gl\/54w3aLeq5xhNtS6H9\" data-wpel-link=\"external\" target=\"_blank\" rel=\"external noopener noreferrer\" class=\"ext-link wpel-icon-right\"><strong>Hoe er te komen<\/strong><span class=\"wpel-icon wpel-image wpel-icon-2\"><\/span><\/a><\/li>\n<\/ul>\n<h3><span class=\"ez-toc-section\" id=\"Nerja_Beurs_%E2%80%93_Nerja\"><\/span>Nerja Beurs &#8211; Nerja<span class=\"ez-toc-section-end\"><\/span><\/h3>\n<figure id=\"attachment_9428\" aria-describedby=\"caption-attachment-9428\" style=\"width: 1024px\" class=\"wp-caption alignnone\"><a href=\"https:\/\/www.malagacar.com\/sp\/blog\/wp-content\/uploads\/2019\/09\/Feria-nerja-Foto-Absolute-Axarquia.jpg\" data-wpel-link=\"exclude\"><img loading=\"lazy\" decoding=\"async\" class=\"wp-image-9428 size-full\" src=\"https:\/\/www.malagacar.com\/sp\/blog\/wp-content\/uploads\/2019\/09\/Feria-nerja-Foto-Absolute-Axarquia.jpg\" alt=\"Feria de Nerja\" width=\"1024\" height=\"768\" \/><\/a><figcaption id=\"caption-attachment-9428\" class=\"wp-caption-text\">Foto Absolute Axarquia<\/figcaption><\/figure>\n<p>Een festival ter ere van de beschermheilige van de stad, de Virgen de las Angustias, gehouden in de tweede week van oktober. Met processies, flamenco, folkloristische optredens en nog veel meer, een combinatie van cultuur, gastronomie, religie, muziek en folklore.<\/p>\n<ul>\n<li>Wanneer: 8 tot en met 13 oktober<\/li>\n<li>Waar: Nerja<\/li>\n<li><a href=\"https:\/\/maps.app.goo.gl\/SqiPLaq6iDhSNQtX6\" data-wpel-link=\"external\" target=\"_blank\" rel=\"external noopener noreferrer\" class=\"ext-link wpel-icon-right\"><strong>Hoe er te komen<\/strong><span class=\"wpel-icon wpel-image wpel-icon-2\"><\/span><\/a><\/li>\n<\/ul>\n<h3><span class=\"ez-toc-section\" id=\"Torrox_Beurs_%E2%80%93_Torrox\"><\/span>Torrox Beurs \u2013 Torrox<span class=\"ez-toc-section-end\"><\/span><\/h3>\n<p><img loading=\"lazy\" decoding=\"async\" class=\"alignnone size-full wp-image-18235\" src=\"https:\/\/www.malagacar.com\/sp\/blog\/wp-content\/uploads\/2025\/09\/feria-de-Torrox-2025.jpg\" alt=\"Feria de Torrox \" width=\"417\" height=\"594\" \/><\/p>\n<p>Torrox viert de kermis ter ere van haar beschermheiligen, de Virgen de las Nieves en San Roque.<\/p>\n<p>Terwijl er tijdens deze dagen vele activiteiten worden aangeboden, zijn er verschillende gratis concerten op de Plaza de la Constituci\u00f3n.<\/p>\n<p>De beurs vindt plaats op verschillende locaties in de stad:<br \/>\nPlaza de la Constituci\u00f3n: Optredens op het hoofdpodium en offici\u00eble evenementen<br \/>\nCaseta del Mayor (Tuinen van Picasso): Familievoorstellingen, warme chocolademelk en paella<br \/>\nCaseta Taytantos: Uitgaan<br \/>\nJeugdzone: Activiteiten voor jongeren in de middag en vroege ochtend<\/p>\n<h4>Programma<\/h4>\n<p><strong>Woensdag 1<\/strong><br \/>\nDe kermis begint op woensdag 1 oktober met de traditionele &#8220;Noche de la V\u00edspera&#8221; (Nacht van de Vooravond) op het Plaza de la Constituci\u00f3n. Het programma omvat Kinderdag met kinderactiviteiten, de opening van de feestelijke verlichting, vuurwerk en een concert van Tamara Jerez.<\/p>\n<p><strong>Donderdag 2<\/strong><br \/>\nVanaf donderdag 2 opent de Caseta del Mayor (Burgemeestershut) in de Picasso-tuinen haar deuren met het traditionele warme chocolademelkfeest en talloze optredens gedurende de dag. &#8217;s Middags zijn er ook activiteiten op de Plaza de la Constituci\u00f3n en &#8217;s avonds een concert van de groep Morochos.<\/p>\n<p><strong>Vrijdag 3<\/strong><br \/>\n&#8217;s Middags is er een draaimolen en een concert van OBK op de Plaza de la Constituci\u00f3n. In de Caseta del Mayor wordt een populaire paella geserveerd, gevolgd door optredens van lokale artiesten en koren.<\/p>\n<p><strong>Zaterdag 4<\/strong><br \/>\nPaardenshow in de middag en een Demarco-concert in de avond.<\/p>\n<p><strong>Zondag 5<\/strong><br \/>\nDJ&#8217;s en de traditionele lintenrace, evenals de processie van de overdracht van de patroonheiligen van de parochiekerk naar hun heiligdom. De kermis wordt afgesloten met een groots vuurwerk, gevolgd door een show op de Plaza de la Constitucion.<\/p>\n<ul>\n<li>Wanneer: 1 t\/m 5 oktober<\/li>\n<li><a href=\"https:\/\/maps.app.goo.gl\/zELxs72tpUTRkWa99\" data-wpel-link=\"external\" target=\"_blank\" rel=\"external noopener noreferrer\" class=\"ext-link wpel-icon-right\"><strong>Hoe er te komen<\/strong><span class=\"wpel-icon wpel-image wpel-icon-2\"><\/span><\/a><\/li>\n<\/ul>\n<h3><span class=\"ez-toc-section\" id=\"Marbepop_Festival_%E2%80%93_Marbella\"><\/span>Marbepop Festival &#8211; Marbella<span class=\"ez-toc-section-end\"><\/span><\/h3>\n<p><img loading=\"lazy\" decoding=\"async\" class=\"alignnone wp-image-18168\" src=\"https:\/\/www.malagacar.com\/sp\/blog\/wp-content\/uploads\/2024\/09\/cartel_marbepop-725x1024.jpg\" alt=\"Marbepop Festival - Marbella\" width=\"598\" height=\"845\" \/><\/p>\n<p>Het Marbepop Festival keert terug op 25 oktober met negen uur non-stop livemuziek van zes nationale en lokale bands.<\/p>\n<p>Het evenement, dat jaarlijks plaatsvindt in Parque de la Represa, is een van de belangrijkste culturele en muzikale locaties van de stad.<\/p>\n<p>De toegang tot het festival is gratis en er is een bar met betaalbare prijzen.<\/p>\n<ul>\n<li>Wanneer: 25 oktober, vanaf 16.00 uur<\/li>\n<li>Waar: Parque de la Represa, Marbella<\/li>\n<li><a href=\"https:\/\/maps.app.goo.gl\/Tx2fksPbtVNnucEt8\" data-wpel-link=\"external\" target=\"_blank\" rel=\"external noopener noreferrer\" class=\"ext-link wpel-icon-right\"><strong>Hoe er te komen<\/strong><span class=\"wpel-icon wpel-image wpel-icon-2\"><\/span><\/a><\/li>\n<\/ul>\n<h3><span class=\"ez-toc-section\" id=\"Nachten_van_Bella_Jarifa_%E2%80%93_Cartama\"><\/span>Nachten van Bella Jarifa &#8211; C\u00e1rtama<span class=\"ez-toc-section-end\"><\/span><\/h3>\n<p><iframe loading=\"lazy\" title=\"Las Noches de la bella Jarifa. C\u00e1rtama. Septiembre. Fiesta Singular\" src=\"https:\/\/www.youtube.com\/embed\/TYiyB1izY6c\" width=\"640\" height=\"360\" frameborder=\"0\" allowfullscreen=\"allowfullscreen\"><\/iframe><\/p>\n<p>De centrale straten van C\u00e1rtama Pueblo maken een reis terug in de tijd om het Andalusische erfgoed te eren. De Nachten van de Schone Jarifa herbeleven de avonturen en tegenslagen van twee geliefden, Abindarr\u00e1ez en Jarifa.<\/p>\n<p>De oude stad wordt verlicht met kaarsen en beschikt over een grote souk met ambachtelijk handwerk, lokale producten en traditionele gerechten. Er zijn ook een speeltuin, kinderworkshops, een culturele speurtocht, optochten, microtheater, buikdansvoorstellingen, muziekoptredens, proeverijen, verhalen vertellen en poppentheater.<\/p>\n<ul>\n<li>Wanneer: 3 tot en met 5 oktober<\/li>\n<li>Waar: C\u00e1rtama<\/li>\n<li><a href=\"https:\/\/maps.app.goo.gl\/Pbs2ywzG4fucUyWZ8\" data-wpel-link=\"external\" target=\"_blank\" rel=\"external noopener noreferrer\" class=\"ext-link wpel-icon-right\"><strong>Hoe er te komen<\/strong><span class=\"wpel-icon wpel-image wpel-icon-2\"><\/span><\/a><\/li>\n<\/ul>\n<h3><span class=\"ez-toc-section\" id=\"MOSMA_Movie_Score_%E2%80%93_Malaga\"><\/span>MOSMA Movie Score \u2013 M\u00e1laga<span class=\"ez-toc-section-end\"><\/span><\/h3>\n<p><img loading=\"lazy\" decoding=\"async\" class=\"alignnone size-full wp-image-18116\" src=\"https:\/\/www.malagacar.com\/sp\/blog\/wp-content\/uploads\/2024\/09\/Mosma.jpg\" alt=\"MOSMA Movie Score \u2013 M\u00e1laga\" width=\"526\" height=\"526\" \/><\/p>\n<p>Het MOSMA International Film Music Festival viert zijn tiende editie in M\u00e1laga met de beste muziek uit film en audiovisuele media. Fans van soundtracks kunnen genieten van concerten, bijeenkomsten, signeersessies en nog veel meer.<\/p>\n<p>Deze jubileumeditie wordt ook gekenmerkt door de Jerry Goldsmith Awards. Deze internationaal erkende prijzen belonen het talent van audiovisuele componisten.<\/p>\n<ul>\n<li>Meer <a href=\"https:\/\/mosma.es\/\" data-wpel-link=\"external\" target=\"_blank\" rel=\"external noopener noreferrer\" class=\"ext-link wpel-icon-right\"><strong>informatie en tickets<\/strong><span class=\"wpel-icon wpel-image wpel-icon-2\"><\/span><\/a><\/li>\n<li>Wanneer: 23 t\/m 26 oktober<\/li>\n<li>Waar: Teatro Cervantes, M\u00e1laga<\/li>\n<li><a href=\"https:\/\/maps.app.goo.gl\/3VkHW4WiHq4MJy397\" data-wpel-link=\"external\" target=\"_blank\" rel=\"external noopener noreferrer\" class=\"ext-link wpel-icon-right\"><strong>Hoe er te komen<\/strong><span class=\"wpel-icon wpel-image wpel-icon-2\"><\/span><\/a><\/li>\n<\/ul>\n<h3><span class=\"ez-toc-section\" id=\"Monfi_Festival_%E2%80%93_Cutar\"><\/span>Monf\u00ed Festival &#8211; C\u00fatar<span class=\"ez-toc-section-end\"><\/span><\/h3>\n<p><img loading=\"lazy\" decoding=\"async\" class=\"alignnone size-full wp-image-18119\" src=\"https:\/\/www.malagacar.com\/sp\/blog\/wp-content\/uploads\/2024\/09\/Fiesta-del-Monfi.jpg\" alt=\"Fiesta del Monf\u00ed - C\u00fatar\" width=\"320\" height=\"320\" \/><\/p>\n<p>C\u00fatar, een klein dorpje met minder dan 600 inwoners in de regio Axarqu\u00eda, brengt jaarlijks een eerbetoon aan het Arabische verleden en de Andalusische cultuur.<\/p>\n<p>Het Monf\u00ed-festival eert de rebellerende Moren, bekend als Monf\u00eds, die de regio Axarqu\u00eda meer dan zes eeuwen bewoonden.<\/p>\n<p><iframe loading=\"lazy\" title=\"Fiesta del Monf\u00ed. C\u00fatar. Octubre. Fiesta Singular\" src=\"https:\/\/www.youtube.com\/embed\/4nIZNAxvUs8\" width=\"640\" height=\"360\" frameborder=\"0\" allowfullscreen=\"allowfullscreen\"><\/iframe><\/p>\n<p>De straten van de oude stad zijn gevuld met activiteiten voor alle leeftijden, waaronder parades, workshops, muziek, boogschieten en tentoonstellingen van roofvogels en de kunst van de valkerij.<\/p>\n<p>Een centraal punt is de middeleeuwse soekmarkt met ambachten en eten.<\/p>\n<ul>\n<li>Wanneer: 4 en 5 oktober<\/li>\n<li><a href=\"https:\/\/maps.app.goo.gl\/ufn5EfQdZPiDPfjt7\" data-wpel-link=\"external\" target=\"_blank\" rel=\"external noopener noreferrer\" class=\"ext-link wpel-icon-right\"><strong>Hoe er te komen<\/strong><span class=\"wpel-icon wpel-image wpel-icon-2\"><\/span><\/a><\/li>\n<\/ul>\n<h3><span class=\"ez-toc-section\" id=\"Motorfestival_%E2%80%93_Torremolinos\"><\/span>Motorfestival &#8211; Torremolinos<span class=\"ez-toc-section-end\"><\/span><\/h3>\n<p><img loading=\"lazy\" decoding=\"async\" class=\"alignnone size-large wp-image-18122\" src=\"https:\/\/www.malagacar.com\/sp\/blog\/wp-content\/uploads\/2024\/09\/Komando-Bike-festival-1024x536.jpg\" alt=\"Bike Festival - Torremolinos\" width=\"750\" height=\"393\" \/><\/p>\n<p>Een hele dag vol activiteiten: een motortocht door de straten en langs de kust van Torremolinos, een stuntshow en livemuziek bij de arena.<\/p>\n<p>Gratis toegang, bar en foodtrucks.<\/p>\n<ul>\n<li>Volledige informatie op de <a href=\"https:\/\/www.komandobikefestival.com\/\" data-wpel-link=\"external\" target=\"_blank\" rel=\"external noopener noreferrer\" class=\"ext-link wpel-icon-right\"><strong>offici\u00eble website<\/strong><span class=\"wpel-icon wpel-image wpel-icon-2\"><\/span><\/a><\/li>\n<li>Wanneer: 11 oktober<\/li>\n<li>Waar: Beursterrein van Torremolinos<\/li>\n<li><a href=\"https:\/\/maps.app.goo.gl\/7SopEdCVytZLVH9GA\" data-wpel-link=\"external\" target=\"_blank\" rel=\"external noopener noreferrer\" class=\"ext-link wpel-icon-right\"><strong>Hoe er te komen<\/strong><span class=\"wpel-icon wpel-image wpel-icon-2\"><\/span><\/a><\/li>\n<\/ul>\n<h3><span class=\"ez-toc-section\" id=\"Candelight_Concerten_%E2%80%93_Malaga\"><\/span>Candelight Concerten &#8211; M\u00e1laga<span class=\"ez-toc-section-end\"><\/span><\/h3>\n<p><a href=\"https:\/\/www.malagacar.com\/sp\/blog\/wp-content\/uploads\/2020\/01\/IMG_20211122_083656_009.jpg\" data-wpel-link=\"exclude\"><img loading=\"lazy\" decoding=\"async\" class=\"alignnone wp-image-10160\" src=\"https:\/\/www.malagacar.com\/sp\/blog\/wp-content\/uploads\/2020\/01\/IMG_20211122_083656_009-768x1024.jpg\" alt=\"\" width=\"452\" height=\"602\" \/><\/a><\/p>\n<p>In de Mar\u00eda Cristina Concert Hall, een 15e eeuws Franciscaner klooster in het hart van Malaga, met een uitzonderlijke akoestiek en unieke schoonheid.<\/p>\n<p>Onlangs hebben meer en meer unieke locaties in Malaga zich aangesloten bij deze ervaring, zoals het Carmen Thyssen Museum en nu ook het Gran Hotel Miramar.<\/p>\n<p>We kunnen deze ervaring van klassieke concerten en hommages bij kaarslicht persoonlijk aanbevelen.<\/p>\n<h4>Programma oktober<\/h4>\n<p><strong>ABBA Tribute<\/strong> in het Carmen Thyssen Museum, 10 oktober<br \/>\n<strong>Tsjaikovski, De Notenkraker en meer<\/strong> (Het concert omvat verschillende balletvoorstellingen met een ballerina) in de Sala M\u00aa Cristina, 11 oktober<br \/>\n<strong>Het beste van Ennio Morricone<\/strong> in het Gran Hotel Miramar, 12 oktober<br \/>\n<strong>Hans Zimmer Tribute<\/strong> in het Gran Hotel Miramar, 12 oktober<br \/>\n<strong>Queen Tribute<\/strong> in het Carmen Thyssen Museum, 18 oktober<br \/>\n<strong>Rings and Dragons<\/strong> in het Carmen Thyssen Museum, 19 oktober<br \/>\n<strong>Coldplay vs. Imagine Dragons<\/strong> in het Carmen Thyssen Museum, 25 oktober<br \/>\n<strong>Halloween Classics<\/strong> in het Gran Hotel Miramar, 26 oktober<\/p>\n<ul>\n<li>Kaarten bij <a href=\"https:\/\/feverup.com\/malaga\/candlelight?utm_content=candlelight&amp;utm_source=malagasecreta&amp;utm_medium=post&amp;utm_term=cta3\" data-wpel-link=\"external\" target=\"_blank\" rel=\"external noopener noreferrer\" class=\"ext-link wpel-icon-right\"><strong>Feverup<\/strong><span class=\"wpel-icon wpel-image wpel-icon-2\"><\/span><\/a><\/li>\n<li>Waar: <a href=\"https:\/\/maps.app.goo.gl\/BACwA2S7rGRWoCWWA\" data-wpel-link=\"external\" target=\"_blank\" rel=\"external noopener noreferrer\" class=\"ext-link wpel-icon-right\"><strong>Sala de Conciertos Mar\u00eda Cristina<\/strong><span class=\"wpel-icon wpel-image wpel-icon-2\"><\/span><\/a>, <a href=\"https:\/\/maps.app.goo.gl\/fL8iZoUwDAsAEMzL8\" data-wpel-link=\"external\" target=\"_blank\" rel=\"external noopener noreferrer\" class=\"ext-link wpel-icon-right\"><strong>Museo Carmen Thyssen,<\/strong><span class=\"wpel-icon wpel-image wpel-icon-2\"><\/span><\/a> <a href=\"https:\/\/maps.app.goo.gl\/72v8MZ3kaGEw7Kc17\" data-wpel-link=\"external\" target=\"_blank\" rel=\"external noopener noreferrer\" class=\"ext-link wpel-icon-right\"><strong>Gran Hotel Miramar<\/strong> <span class=\"wpel-icon wpel-image wpel-icon-2\"><\/span><\/a> en de <a href=\"https:\/\/www.malagacar.com\/nl\/blog\/vrije-tijd\/historische-botanische-tuin-malaga\/\" data-wpel-link=\"internal\"><strong>Historische Botanische Tuin<\/strong><\/a>, M\u00e1laga<\/li>\n<\/ul>\n<h3><span class=\"ez-toc-section\" id=\"Candelight_Concerten_%E2%80%93_Marbella\"><\/span>Candelight Concerten &#8211; Marbella<span class=\"ez-toc-section-end\"><\/span><\/h3>\n<p><img loading=\"lazy\" decoding=\"async\" class=\"size-full wp-image-14240\" src=\"https:\/\/www.malagacar.com\/sp\/blog\/wp-content\/uploads\/2022\/08\/CandleLight_VillaPadierna-Foto-Malagasecreta.jpg\" alt=\"Candlelight Conciertos Marbella\" width=\"1024\" height=\"684\" \/><\/p>\n<p>In het 5-sterren Anantara Villa Padierna Palace Hotel.<\/p>\n<h4>Programma oktober<\/h4>\n<p><strong>Tribute aan Hans Zimmer<\/strong>, 10 oktober<br \/>\n<strong>Vivaldi&#8217;s Vier Jaargetijden<\/strong>, 10 oktober<br \/>\n<strong>Queen Tribute<\/strong>, 19 oktober<br \/>\n<strong>Coldplay Tribute<\/strong>, 19 oktober<br \/>\n<strong>Tribute aan Ludovico Einaudi<\/strong>, 24 oktober<\/p>\n<ul>\n<li>Tickets via de offici\u00eble website van <a href=\"https:\/\/feverup.com\/malaga\/candlelight?utm_content=candlelight&amp;utm_source=malagasecreta&amp;utm_medium=post&amp;utm_term=cta3\" data-wpel-link=\"external\" target=\"_blank\" rel=\"external noopener noreferrer\" class=\"ext-link wpel-icon-right\"><strong>Feverup<\/strong><span class=\"wpel-icon wpel-image wpel-icon-2\"><\/span><\/a><\/li>\n<li><a href=\"https:\/\/maps.app.goo.gl\/eEjC7paTFxs7jW1K9\" data-wpel-link=\"external\" target=\"_blank\" rel=\"external noopener noreferrer\" class=\"ext-link wpel-icon-right\"><strong>Hoe er te komen<\/strong><span class=\"wpel-icon wpel-image wpel-icon-2\"><\/span><\/a><\/li>\n<\/ul>\n<h3><span class=\"ez-toc-section\" id=\"Rosario_Kermis_%E2%80%93_Fuengirola\"><\/span>Rosario Kermis &#8211; Fuengirola<span class=\"ez-toc-section-end\"><\/span><\/h3>\n<p><a href=\"https:\/\/www.malagacar.com\/sp\/blog\/wp-content\/uploads\/2017\/09\/FERIA_FUENGIROLA.jpg\" data-wpel-link=\"exclude\"><img loading=\"lazy\" decoding=\"async\" class=\"alignnone wp-image-6379 size-full\" src=\"https:\/\/www.malagacar.com\/sp\/blog\/wp-content\/uploads\/2017\/09\/FERIA_FUENGIROLA.jpg\" alt=\"Feria del Rosario Fuengirola\" width=\"1023\" height=\"680\" \/><\/a><\/p>\n<p>De Rosario-kermis, gehouden ter ere van de beschermheilige van Fuengirola, is een van de meest opvallende kermissen in Andalusi\u00eb vanwege het bijzondere karakter, de traditionele klederdracht en vooral de prominente rol die paarden en prachtige, sierlijke koetsen spelen.<\/p>\n<p>De kermis vindt plaats op het beursterrein in het stadscentrum, waar ook diverse artistieke optredens plaatsvinden. De hele week door heerst er een levendige sfeer in de straten van het stadscentrum.<\/p>\n<figure id=\"attachment_18125\" aria-describedby=\"caption-attachment-18125\" style=\"width: 750px\" class=\"wp-caption alignnone\"><img loading=\"lazy\" decoding=\"async\" class=\"size-large wp-image-18125\" src=\"https:\/\/www.malagacar.com\/sp\/blog\/wp-content\/uploads\/2024\/09\/Feria-fuengirola-Foto-Ayuntamiento-Fuengirola-1024x759.jpg\" alt=\"Feria Fuengirola \" width=\"750\" height=\"556\" \/><figcaption id=\"caption-attachment-18125\" class=\"wp-caption-text\">Levendige sfeer op de avondkermis op het beursterrein van Fuengirola. Foto: Stadhuis van Fuengirola<\/figcaption><\/figure>\n<p>Op 7 oktober wordt het feest van de Heilige Maagd Rosario gevierd, de beschermheilige van de stad. De viering begint met een flamencomis (10.00 uur), gevolgd door een processie door het stadscentrum. De festiviteiten worden vervolgens voortgezet in de pe\u00f1as (clubs) en kraampjes op het kermisterrein.<\/p>\n<ul>\n<li>Wanneer: 6 tot en met 12 oktober<\/li>\n<li>Waar: Beursterrein en stadscentrum<\/li>\n<li><a href=\"https:\/\/maps.app.goo.gl\/b7qE9DfeLJmWNE4S8\" data-wpel-link=\"external\" target=\"_blank\" rel=\"external noopener noreferrer\" class=\"ext-link wpel-icon-right\"><strong>Hoe er te komen<\/strong><span class=\"wpel-icon wpel-image wpel-icon-2\"><\/span><\/a><\/li>\n<\/ul>\n<h3><span class=\"ez-toc-section\" id=\"Marbella_4_Days_walking_%E2%80%93_Marbella\"><\/span>Marbella 4 Days walking &#8211; Marbella<span class=\"ez-toc-section-end\"><\/span><\/h3>\n<p><img loading=\"lazy\" decoding=\"async\" class=\"alignnone size-full wp-image-14480\" src=\"https:\/\/www.malagacar.com\/sp\/blog\/wp-content\/uploads\/2022\/09\/marbella-4-days-walking.jpg\" alt=\"Marbella 4 D\u00edas caminando\" width=\"400\" height=\"600\" \/><\/p>\n<p>Dit najaar verwelkomt Marbella wandelaars van over de hele wereld voor de 14e editie. Elk jaar vindt half oktober de evenement &#8220;Marbella 4 Days Walking&#8221; vindt plaats, waarbij duizenden mensen samenkomen om elke dag een route van 10, 20 of 30 kilometer te wandelen.<\/p>\n<p><iframe loading=\"lazy\" title=\"M4DW 2024\" src=\"https:\/\/www.youtube.com\/embed\/wYl-_Xioj-s\" width=\"1245\" height=\"700\" frameborder=\"0\" allowfullscreen=\"allowfullscreen\"><\/iframe><\/p>\n<p>Als je van wandelen houdt en uitkijkt naar zonnige dagen, sport, gezelligheid en plezier, dan is er nog tijd om je in te schrijven. Je kunt je ook voor losse dagen inschrijven.<\/p>\n<p>Het evenement is internationaal zeer populair en kan bogen op een uitstekende organisatie, met water, ambulances en toiletten langs de routes, en een feest voor alle deelnemers die de uitdaging succesvol afronden.<\/p>\n<ul>\n<li>Wanneer: 2 tot en met 5 oktober<\/li>\n<li>Waar: Marbella en omgeving<\/li>\n<li>Volledige informatie en registratie beschikbaar op de <a href=\"https:\/\/marbella4dayswalking.com\/es\/\" data-wpel-link=\"external\" target=\"_blank\" rel=\"external noopener noreferrer\" class=\"ext-link wpel-icon-right\"><strong>offici\u00eble website<\/strong><span class=\"wpel-icon wpel-image wpel-icon-2\"><\/span><\/a><\/li>\n<\/ul>\n<h3><span class=\"ez-toc-section\" id=\"Dans_Malaga_%E2%80%93_Malaga\"><\/span>Dans M\u00e1laga &#8211; M\u00e1laga<span class=\"ez-toc-section-end\"><\/span><\/h3>\n<p><img loading=\"lazy\" decoding=\"async\" class=\"alignnone wp-image-18128\" src=\"https:\/\/www.malagacar.com\/sp\/blog\/wp-content\/uploads\/2024\/09\/danza-malaga-1024x1024.jpg\" alt=\"Danza M\u00e1laga\" width=\"600\" height=\"600\" \/><\/p>\n<p>Danza M\u00e1laga vindt plaats van oktober 2025 tot en met januari 2026 met 12 voorstellingen in het Cervantes Theater in M\u00e1laga.<\/p>\n<p>Het Cervantes Theater in M\u00e1laga biedt optredens van gerenommeerde dansers en gezelschappen zoals Nacho Duato, Eva Yerbabuena, Mar\u00eda Pag\u00e9s en Olga Pericet, met nieuwe en klassieke choreografie\u00ebn, evenals voorstellingen voor kinderen.<\/p>\n<ul>\n<li><a href=\"https:\/\/teatrocervantes.es\/?fbclid=IwY2xjawMk48BleHRuA2FlbQIxMAABHjdKZVLWmJ1KQmgrw4cgMldd2oCkGC3vdvanDejSaeSSlVGpQOm5wxZcI1-h_aem_9KwostkICqDeL9z4qYdfhg\/ciclos-y-festivales\/danza-malaga-2025\/\" data-wpel-link=\"external\" target=\"_blank\" rel=\"external noopener noreferrer\" class=\"ext-link wpel-icon-right\"><strong>Programma en tickets<\/strong><span class=\"wpel-icon wpel-image wpel-icon-2\"><\/span><\/a><\/li>\n<\/ul>\n<h3><span class=\"ez-toc-section\" id=\"Volle_maan_in_Hydros_Spa_%E2%80%93_Benalmadena\"><\/span>Volle maan in Hydros Spa &#8211; Benalm\u00e1dena<span class=\"ez-toc-section-end\"><\/span><\/h3>\n<p><img loading=\"lazy\" decoding=\"async\" class=\"alignnone size-full wp-image-15528\" src=\"https:\/\/www.malagacar.com\/sp\/blog\/wp-content\/uploads\/2023\/05\/Noche-spa-hydros.jpg\" alt=\"Hydros Spa Benalm\u00e1dena\" width=\"900\" height=\"471\" \/><\/p>\n<p>We doen je ook een ander voorstel vanuit het Holiday World Hotel in Benalm\u00e1dena: Geniet van de Spa tijdens de nacht van de volle maan.<\/p>\n<p>Geniet van de magie van een nachtspa-sessie van 60 minuten met een spectaculair uitzicht op de baai van Benalmadena en Fuengirola, samenvallend met volle maan.<\/p>\n<p>Met welkomstdrankje en fruit, speciale aandacht. Perfect om met z&#8217;n twee\u00ebn of met vrienden van te genieten.<\/p>\n<ul>\n<li><a href=\"https:\/\/pwa.holidayworldresort.com\/info-experiencia\/239?hotel=experiencias\" data-wpel-link=\"external\" target=\"_blank\" rel=\"external noopener noreferrer\" class=\"ext-link wpel-icon-right\"><strong> Reservering <\/strong><span class=\"wpel-icon wpel-image wpel-icon-2\"><\/span><\/a><\/li>\n<li>Wanneer: 4 oktober<\/li>\n<li><a href=\"https:\/\/maps.app.goo.gl\/8SV8SuFTrbvrLTgt8\" data-wpel-link=\"external\" target=\"_blank\" rel=\"external noopener noreferrer\" class=\"ext-link wpel-icon-right\"><strong> Hoe er te komen<\/strong><span class=\"wpel-icon wpel-image wpel-icon-2\"><\/span><\/a><\/li>\n<\/ul>\n<h3><span class=\"ez-toc-section\" id=\"Brunch_Electronic_%E2%80%93_Malaga\"><\/span>Brunch Electronic \u2013 M\u00e1laga<span class=\"ez-toc-section-end\"><\/span><\/h3>\n<p><img loading=\"lazy\" decoding=\"async\" class=\"alignnone wp-image-18130\" src=\"https:\/\/www.malagacar.com\/sp\/blog\/wp-content\/uploads\/2024\/09\/Brunch-Electronic.jpg\" alt=\"Brunch Electronic \u2013 M\u00e1laga\" width=\"737\" height=\"742\" \/><\/p>\n<p>Brunch Electronic is een nomadisch openluchtfestival met een line-up die house, techno, progressieve en experimentele sounds combineert.<\/p>\n<p>Van 10 tot en met 12 oktober is het Cortijo de Torres Auditorium het epicentrum van Brunch! Electronik&#8217;s eerste weekend aan de Costa del Sol. Drie dagen, drie podia en een constellatie van topartiesten zoals The Martinez Brothers, Eric Prydz, Loco Dice, Deborah de Luca, Mochakk en Enrico Sangiuliano, onder anderen.<\/p>\n<p>Het evenement, dat overdag begint, beschikt over een levendige dansvloer, schaduwrijke zitplekken met tafeltjes voor drankjes en foodtrucks met veganistische en vegetarische opties.<\/p>\n<ul>\n<li><a href=\"https:\/\/malaga.brunchelectronik.com\/\" data-wpel-link=\"external\" target=\"_blank\" rel=\"external noopener noreferrer\" class=\"ext-link wpel-icon-right\"><strong>Tickets<\/strong><span class=\"wpel-icon wpel-image wpel-icon-2\"><\/span><\/a><\/li>\n<li>Wanneer: 10 tot 12 oktober, 18.00 tot 02.00 uur<\/li>\n<li>Waar: Auditorium Cortijo de Torres<\/li>\n<li><a href=\"https:\/\/maps.app.goo.gl\/MhK9VzrhxqpiGXFQ7\" data-wpel-link=\"external\" target=\"_blank\" rel=\"external noopener noreferrer\" class=\"ext-link wpel-icon-right\"><strong>Hoe er te komen<\/strong><span class=\"wpel-icon wpel-image wpel-icon-2\"><\/span><\/a><\/li>\n<\/ul>\n<h3><span class=\"ez-toc-section\" id=\"Festival_Manga_%E2%80%93_Estepona\"><\/span>Festival Manga &#8211; Estepona<span class=\"ez-toc-section-end\"><\/span><\/h3>\n<p><img loading=\"lazy\" decoding=\"async\" class=\"alignnone wp-image-18132\" src=\"https:\/\/www.malagacar.com\/sp\/blog\/wp-content\/uploads\/2024\/09\/festival-manga-estepona-819x1024.jpg\" alt=\"Festival Manga - Estepona\" width=\"588\" height=\"736\" \/><\/p>\n<p>Het Costa del Sol Manga Festival vindt voor de derde keer plaats in Estepona op 24, 25 en 26 oktober 2025, in het Estepona Conference Center.<\/p>\n<p>Dompel jezelf onder in de wereld van anime, manga, videogames en de Japanse cultuur. Geniet van speciale gasten, wedstrijden, workshops en, nieuw dit jaar: een griezelig leuk Halloween!<\/p>\n<ul>\n<li>Waar: Expositie- en conferentiecentrum, Estepona<\/li>\n<li>Wanneer: 24, 25 en 26 oktober<\/li>\n<li><a href=\"https:\/\/maps.app.goo.gl\/FtAtzazKhRPSRNvD9\" data-wpel-link=\"external\" target=\"_blank\" rel=\"external noopener noreferrer\" class=\"ext-link wpel-icon-right\"><strong>Hoe er te komen<\/strong><span class=\"wpel-icon wpel-image wpel-icon-2\"><\/span><\/a><\/li>\n<\/ul>\n<h2><span class=\"ez-toc-section\" id=\"Straatmarkten_in_Malaga_in_Oktober\"><\/span>Straatmarkten in M\u00e1laga in Oktober<span class=\"ez-toc-section-end\"><\/span><\/h2>\n<h3><span class=\"ez-toc-section\" id=\"Kaasmarkt_%E2%80%93_Coin\"><\/span>Kaasmarkt &#8211; Co\u00edn<span class=\"ez-toc-section-end\"><\/span><\/h3>\n<p><img loading=\"lazy\" decoding=\"async\" class=\"alignnone wp-image-18219\" src=\"https:\/\/www.malagacar.com\/sp\/blog\/wp-content\/uploads\/2025\/09\/mercado-quesos-coin-724x1024.jpg\" alt=\"Mercado de Quesos - Co\u00edn\" width=\"499\" height=\"706\" \/><\/p>\n<p>Voor het geval je het nog niet wist: M\u00e1laga-kaas wordt uitsluitend van geitenmelk gemaakt, volgens de traditionele productiemethode.<\/p>\n<p>De M\u00e1laga-kaasmarkten worden maandelijks gehouden en bieden meer dan vijftig verschillende geitenkazen aan.<\/p>\n<p>Dit evenement vindt plaats op de Guadalhorce Agri-Food Market in Co\u00edn van 9.00 tot 14.30 uur.<\/p>\n<ul>\n<li>Aankomende data: 19 oktober &#8211; 16 november &#8211; 21 december<\/li>\n<li>Waar: Co\u00edn<\/li>\n<li><a href=\"https:\/\/maps.app.goo.gl\/EPpKnLXCHGaU6o799\" data-wpel-link=\"external\" target=\"_blank\" rel=\"external noopener noreferrer\" class=\"ext-link wpel-icon-right\"><strong>Hoe er te komen<\/strong><span class=\"wpel-icon wpel-image wpel-icon-2\"><\/span><\/a><\/li>\n<\/ul>\n<h3><span class=\"ez-toc-section\" id=\"Poderio_Market_%E2%80%93_Malaga\"><\/span>Poder\u00edo Market &#8211; M\u00e1laga<span class=\"ez-toc-section-end\"><\/span><\/h3>\n<p><img loading=\"lazy\" decoding=\"async\" class=\"alignnone size-large wp-image-4586\" src=\"https:\/\/www.malagacar.com\/sp\/blog\/wp-content\/uploads\/2015\/05\/Piscina-Lounge-Hotel-Molina-Lario-2-1024x718.jpg\" alt=\"Piscina Lounge Hotel Molina Lario \" width=\"750\" height=\"526\" \/><\/p>\n<p>De Poder\u00edo-markt is een reizend evenement dat ontwerpers van mode, accessoires, woonaccessoires en hoogwaardig handwerk samenbrengt.<\/p>\n<p>Op 18 en 19 oktober komt het evenement aan in M\u00e1laga, in Hotel Molina Lario, een boetiekhotel in een 19e-eeuws gebouw met uitzicht op het historische centrum en de haven.<\/p>\n<p>Er is ook een eet- en bargedeelte. De toegang is gratis.<\/p>\n<ul>\n<li>Wanneer: 18 oktober (12.00 tot 22.00 uur) en 19 oktober (11.00 tot 20.00 uur)<\/li>\n<li>Waar: Hotel Molina Lario, M\u00e1laga<\/li>\n<li><a href=\"https:\/\/maps.app.goo.gl\/VjcHNh8Tj9jjNyC79\" data-wpel-link=\"external\" target=\"_blank\" rel=\"external noopener noreferrer\" class=\"ext-link wpel-icon-right\"><strong>Hoe er te komen<\/strong><span class=\"wpel-icon wpel-image wpel-icon-2\"><\/span><\/a><\/li>\n<\/ul>\n<h3><span class=\"ez-toc-section\" id=\"Ambachtsmarkt_La_Merced_%E2%80%93_Malaga\"><\/span>Ambachtsmarkt La Merced &#8211; M\u00e1laga<span class=\"ez-toc-section-end\"><\/span><\/h3>\n<p><img loading=\"lazy\" decoding=\"async\" class=\"alignnone size-full wp-image-9843\" src=\"https:\/\/www.malagacar.com\/sp\/blog\/wp-content\/uploads\/2020\/11\/Plaza-Merced-Foto-VisitaCostadelSol.webp\" alt=\"\" width=\"750\" height=\"430\" \/><\/p>\n<p>Elke <em><strong> eerste zondag van de maand <\/strong> <\/em> vindt deze kleurrijke ambachtelijke markt plaats in het hart van de oude stad, het Plaza de la Merced.<\/p>\n<p>Een ideaal idee als je een stadsmens bent en houdt van een aangename zondagse wandeling onder bloeiende jacaranda&#8217;s om daarna iets te drinken op de vele terrasjes en restaurants die het plein omringen.<\/p>\n<ul>\n<li>Volgende editie: 5 oktober<\/li>\n<li><a href=\"https:\/\/goo.gl\/maps\/w3kV85d5km7FYWFFA\" data-wpel-link=\"external\" target=\"_blank\" rel=\"external noopener noreferrer\" class=\"ext-link wpel-icon-right\"><strong> Hoe er te komen<\/strong><span class=\"wpel-icon wpel-image wpel-icon-2\"><\/span><\/a><\/li>\n<\/ul>\n<h3><span class=\"ez-toc-section\" id=\"De_Engelse_Megraafplaats_Markt_%E2%80%93_Malaga\"><\/span>De Engelse Megraafplaats Markt \u2013 M\u00e1laga<span class=\"ez-toc-section-end\"><\/span><\/h3>\n<p><img loading=\"lazy\" decoding=\"async\" class=\"alignnone size-full wp-image-16454\" src=\"https:\/\/www.malagacar.com\/sp\/blog\/wp-content\/uploads\/2024\/11\/Mercadillo-del-Ingles-1024x683-1.jpg\" alt=\"Mercadillo del Ingl\u00e9s \u2013 M\u00e1laga\" width=\"1024\" height=\"683\" \/><\/p>\n<p>Een nieuw formaat speciale vlooienmarkt wordt toegevoegd aan het culturele aanbod in de stad.<\/p>\n<p>Eens per maand wordt er op de <a href=\"https:\/\/www.malagacar.com\/nl\/blog\/wat-te-doen-in-malaga\/merkwaardige-begraafplaatsen-malaga\/#Engelse_Begraafplaats_Malaga\" data-wpel-link=\"internal\"><strong>Engelse begraafplaats<\/strong><\/a> in het stadscentrum een vlooienmarkt gehouden met handwerk, vintage decoratie, tweedehands boeken, keramiek en unieke producten. Er is ook livemuziek en er zijn foodtrucks.<\/p>\n<p>Wat bijzonder is, is de plek zelf, een emblematische plek vol charme: de Engelse Begraafplaats, de oudste niet-katholieke necropolis op het Iberisch schiereiland. Wandelend door de prachtige tuin kun je de graven ontdekken van internationale persoonlijkheden uit die tijd die hier begraven liggen.<\/p>\n<p>Gratis toegang.<\/p>\n<ul>\n<li>Volgende editie op de <a href=\"https:\/\/cementerioinglesmalaga.org\/\" data-wpel-link=\"external\" target=\"_blank\" rel=\"external noopener noreferrer\" class=\"ext-link wpel-icon-right\"><strong>offici\u00eble website<\/strong><span class=\"wpel-icon wpel-image wpel-icon-2\"><\/span><\/a><\/li>\n<li><a href=\"https:\/\/maps.app.goo.gl\/ibfgQuF52hBNZoD86\" data-wpel-link=\"external\" target=\"_blank\" rel=\"external noopener noreferrer\" class=\"ext-link wpel-icon-right\"><strong>Hoe er te komen<\/strong><span class=\"wpel-icon wpel-image wpel-icon-2\"><\/span><\/a><\/li>\n<\/ul>\n<h3><span class=\"ez-toc-section\" id=\"Vlooienmarkten_en_straatmarkten_in_de_provincie\"><\/span>Vlooienmarkten en straatmarkten in de provincie<span class=\"ez-toc-section-end\"><\/span><\/h3>\n<p><a href=\"https:\/\/www.malagacar.com\/nl\/blog\/wat-te-doen-in-malaga\/straatmarkten-malaga\/\" data-wpel-link=\"internal\"><img loading=\"lazy\" decoding=\"async\" class=\"alignnone size-full wp-image-5265\" src=\"https:\/\/www.malagacar.com\/nl\/blog\/wp-content\/uploads\/2024\/05\/mercadillos-nl.jpg\" alt=\"straatmarkten in M\u00e1laga\" width=\"1200\" height=\"691\" srcset=\"https:\/\/www.malagacar.com\/nl\/blog\/wp-content\/uploads\/2024\/05\/mercadillos-nl.jpg 1200w, https:\/\/www.malagacar.com\/nl\/blog\/wp-content\/uploads\/2024\/05\/mercadillos-nl-300x173.jpg 300w, https:\/\/www.malagacar.com\/nl\/blog\/wp-content\/uploads\/2024\/05\/mercadillos-nl-1024x590.jpg 1024w, https:\/\/www.malagacar.com\/nl\/blog\/wp-content\/uploads\/2024\/05\/mercadillos-nl-768x442.jpg 768w\" sizes=\"auto, (max-width: 1200px) 100vw, 1200px\" \/><\/a><\/p>\n<p>In de gemeenten langs de Costa del Sol is er een breed aanbod van wekelijkse straatmarkten en vlooienmarkten.<\/p>\n<p>Je vindt er van alles, van vers fruit en groenten, gedroogd fruit en noten, olijven en kruiden, speelgoed, aardewerk en typisch handwerk tot kleding, schoenen, bloemen en potten, namaakdesignerartikelen en nog veel meer.<\/p>\n<ul>\n<li>Hier vind je alle <a href=\"https:\/\/www.malagacar.com\/nl\/blog\/wat-te-doen-in-malaga\/straatmarkten-malaga\/\" data-wpel-link=\"internal\"><strong>Vlooienmarkten &amp; Straatmarkten in M\u00e1laga en de Costa del Sol<\/strong><\/a><\/li>\n<\/ul>\n<h2><span class=\"ez-toc-section\" id=\"Bezoek_de_Musea_van_Malaga\"><\/span>Bezoek de Musea van M\u00e1laga<span class=\"ez-toc-section-end\"><\/span><\/h2>\n<figure id=\"attachment_5775\" aria-describedby=\"caption-attachment-5775\" style=\"width: 700px\" class=\"wp-caption alignnone\"><img loading=\"lazy\" decoding=\"async\" class=\"wp-image-5775 size-full\" src=\"https:\/\/www.malagacar.com\/dk\/blog\/wp-content\/uploads\/2020\/01\/museo-picasso-vista-nocturna.jpg\" alt=\"\" width=\"700\" height=\"450\" \/><figcaption id=\"caption-attachment-5775\" class=\"wp-caption-text\">Nachtzicht op het Picasso Museum<\/figcaption><\/figure>\n<ul>\n<li>Veel <a href=\"https:\/\/www.malagacar.com\/dk\/blog\/freizeit\/museen-in-malaga\/\" data-wpel-link=\"exclude\"><strong>musea in M\u00e1laga<\/strong><\/a> bieden naast hun permanente collecties vaak tijdelijke tentoonstellingen aan.<\/li>\n<li>Kaart van de <strong><a href=\"https:\/\/goo.gl\/maps\/xLvkHvv8x5NJm199A\" data-wpel-link=\"external\" target=\"_blank\" rel=\"external noopener noreferrer\" class=\"ext-link wpel-icon-right\">musea in M\u00e1laga in \u00e9\u00e9n oogopslag<span class=\"wpel-icon wpel-image wpel-icon-2\"><\/span><\/a><\/strong>.<\/li>\n<\/ul>\n<h3><span class=\"ez-toc-section\" id=\"Rondleidingen_in_de_historische_botanische_tuin_La_Concepcion\"><\/span>Rondleidingen in de historische botanische tuin La Concepci\u00f3n<span class=\"ez-toc-section-end\"><\/span><\/h3>\n<p><img loading=\"lazy\" decoding=\"async\" class=\"alignnone wp-image-15201\" src=\"https:\/\/www.malagacar.com\/sp\/blog\/wp-content\/uploads\/2023\/02\/Botanico.jpg\" alt=\"Visitas guiadas en el Jard\u00edn Bot\u00e1nico Hist\u00f3rico La Concepci\u00f3n\" width=\"594\" height=\"833\" \/><\/p>\n<p>Rondleidingen in de tuin van La Concepci\u00f3n zijn terug. Geniet in het weekend van een rondleiding door de prachtige <a href=\"https:\/\/www.malagacar.com\/nl\/blog\/vrije-tijd\/historische-botanische-tuin-malaga\/\" data-wpel-link=\"internal\"><strong>historische botanische tuin La Concepci\u00f3n<\/strong><\/a>, overdag of &#8217;s avonds.<\/p>\n<p>Op zaterdag en zondag om 12 uur zijn er &#8220;Charming walks&#8221;. Op vrijdag zijn er in de schemering &#8220;Nachten met geschiedenis&#8221; (van oktober tot maart om 20.00 uur, van april tot september om 21.00 uur). De rondleidingen duren ongeveer anderhalf uur.<\/p>\n<ul>\n<li>Informatie en reserveringen: <a href=\"mailto:infojbotanicomalaga@gmail.com\">infojbotanicomalaga@gmail.com<\/a> of de telefoons +34 951926180 \/ +34 639914055.<\/li>\n<li><a href=\"https:\/\/maps.app.goo.gl\/yE9TdeVfEzp1q8nF7\" data-wpel-link=\"external\" target=\"_blank\" rel=\"external noopener noreferrer\" class=\"ext-link wpel-icon-right\"><strong> Hoe er te komen <\/strong><span class=\"wpel-icon wpel-image wpel-icon-2\"><\/span><\/a><\/li>\n<\/ul>\n<h3><span class=\"ez-toc-section\" id=\"Bezoek_aan_de_Victoria_brouwerij_%E2%80%93_Malaga\"><\/span>Bezoek aan de Victoria brouwerij &#8211; M\u00e1laga<span class=\"ez-toc-section-end\"><\/span><\/h3>\n<p><img loading=\"lazy\" decoding=\"async\" class=\"alignnone size-full wp-image-16182\" src=\"https:\/\/www.malagacar.com\/sp\/blog\/wp-content\/uploads\/2023\/10\/cerveza-victoria.jpg\" alt=\"F\u00e1brica de cerveza Victoria - M\u00e1laga\" width=\"900\" height=\"471\" \/><\/p>\n<p>Wist u dat Cervezas Victoria rondleidingen aanbiedt waarbij u meer te weten kunt komen over het productieproces en de geschiedenis?<\/p>\n<p>Als u van bier houdt, kan het interessant zijn om deze 100% Malague\u00f1a-brouwerij te bezoeken.<\/p>\n<p>Het is een rondleiding van 90 minuten waarbij u uit eerste hand de geheimen van het Victoria-bier &#8220;Malague\u00f1a y exquisita&#8221; leert kennen en het natuurlijk ook kunt proeven!<\/p>\n<ul>\n<li>Rondleidingen beschikbaar in het Spaans en Engels via <strong><a href=\"https:\/\/visitas.cervezavictoria.es\/muslinkIII_vic_nofr\/venda\/index.jsp?lang=1&amp;nom_cache=VICTORIA&amp;property=VICTORIA#close\" target=\"_blank\" rel=\"nofollow noopener external noreferrer\" data-wpel-link=\"external\" class=\"ext-link wpel-icon-right\">deze link<span class=\"wpel-icon wpel-image wpel-icon-2\"><\/span><\/a><\/strong>.<\/li>\n<li><a href=\"https:\/\/www.cervezavictoria.es\/es\" target=\"_blank\" rel=\"nofollow noopener external noreferrer\" data-wpel-link=\"external\" class=\"ext-link wpel-icon-right\"><strong>Website<\/strong><span class=\"wpel-icon wpel-image wpel-icon-2\"><\/span><\/a><\/li>\n<li><a href=\"https:\/\/goo.gl\/maps\/xkcUqWb22oHAaqFc6\" target=\"_blank\" rel=\"nofollow noopener external noreferrer\" data-wpel-link=\"external\" class=\"ext-link wpel-icon-right\"><strong>Routebeschrijving<\/strong><span class=\"wpel-icon wpel-image wpel-icon-2\"><\/span><\/a><\/li>\n<\/ul>\n<h3><span class=\"ez-toc-section\" id=\"Gedramatiseerde_nachtelijke_rondleidingen_Automobielmuseum_%E2%80%93_Malaga\"><\/span>Gedramatiseerde nachtelijke rondleidingen Automobielmuseum &#8211; M\u00e1laga<span class=\"ez-toc-section-end\"><\/span><\/h3>\n<p><img loading=\"lazy\" decoding=\"async\" class=\" wp-image-9447\" src=\"https:\/\/www.malagacar.com\/sp\/blog\/wp-content\/uploads\/2021\/09\/museo-automovilistico2.jpg\" alt=\"Museo Automovil\u00edstico\" width=\"982\" height=\"656\" \/><\/p>\n<p>Historia Viva M\u00e1laga heeft gedramatiseerde nachtelijke bezoeken georganiseerd aan het Automobile and Fashion Museum in M\u00e1laga. Bezoekers kunnen leren over de geschiedenis van historische auto&#8217;s door middel van relevante personages.<\/p>\n<p>Onder deze personages zijn Agent 007, die zijn licentie om te doden vernieuwt, of Amelia Earhart, de eerste vrouwelijke vliegenier die de Atlantische Oceaan overstak, Coco Chanel of Salvador Dal\u00ed. De rondleiding duurt ongeveer anderhalf uur.<\/p>\n<ul>\n<li>Tickets bij de <a href=\"https:\/\/historiavivamalaga.es\/visitas-teatralizadas-en-malaga\/museo-automovilistico-y-de-la-moda-en-malaga\/\" data-wpel-link=\"external\" target=\"_blank\" rel=\"external noopener noreferrer\" class=\"ext-link wpel-icon-right\"><strong>Website<\/strong><span class=\"wpel-icon wpel-image wpel-icon-2\"><\/span><\/a><\/li>\n<li>Wanneer: De eerste vrijdag van elke maand (zolang de evenementenkalender van het museum het toelaat)<\/li>\n<li>Waar: Museo Automovil\u00edstico y de la Moda M\u00e1laga<\/li>\n<li><a href=\"https:\/\/maps.app.goo.gl\/G5hqDkF77EADCBBg8\" data-wpel-link=\"external\" target=\"_blank\" rel=\"external noopener noreferrer\" class=\"ext-link wpel-icon-right\"><strong> Hoe er te komen <\/strong><span class=\"wpel-icon wpel-image wpel-icon-2\"><\/span><\/a><\/li>\n<\/ul>\n<h2><span class=\"ez-toc-section\" id=\"Gastronomische_festivals_in_Malaga_in_Oktober\"><\/span>Gastronomische festivals in M\u00e1laga in Oktober<span class=\"ez-toc-section-end\"><\/span><\/h2>\n<h3><span class=\"ez-toc-section\" id=\"Dag_van_de_Perotas-soep_%E2%80%93_Alora\"><\/span>Dag van de Perotas-soep &#8211; \u00c1lora<span class=\"ez-toc-section-end\"><\/span><\/h3>\n<p><img loading=\"lazy\" decoding=\"async\" class=\"alignnone size-full wp-image-14473\" src=\"https:\/\/www.malagacar.com\/sp\/blog\/wp-content\/uploads\/2022\/09\/sopas-perotas.jpg\" alt=\"Perotas Soup Day \u00c1lora\" width=\"550\" height=\"367\" \/><\/p>\n<p>In de gemeente \u00c1lora vindt elk jaar op de eerste zaterdag van oktober de Dag van de Sopas Perotas (een typische soep van de gemeente) plaats. Dit gastronomische evenement trekt duizenden bezoekers en is een van de belangrijkste dagen op de gastronomische en culturele kalender van de provincie M\u00e1laga.<\/p>\n<p>Er worden gratis porties van dit typische lokale gerecht uitgedeeld, vergezeld van Manzanilla-olijven uit \u00c1lora.<\/p>\n<p>Gedurende de hele dag is er ook een markt met meer dan 50 exposanten van gastronomische producten en traditioneel handwerk uit de regio. Daarnaast is er een breed aanbod aan vrijetijds- en cultuuractiviteiten: Verdiales en Flamenco-voorstellingen, kinderactiviteiten, workshops en concerten.<\/p>\n<p>In deze video ziet u wat u kunt verwachten als u besluit om \u00c1lora vandaag te bezoeken.<\/p>\n<p><iframe loading=\"lazy\" title=\"XV D\u00eda De Las Sopas Perotas En \u00c1lora M\u00e1laga 2018\" src=\"https:\/\/www.youtube.com\/embed\/tz0IRB1zbdc\" width=\"640\" height=\"360\" frameborder=\"0\" allowfullscreen=\"allowfullscreen\"><\/iframe><\/p>\n<ul>\n<li>Wanneer: 4. oktober<\/li>\n<li>Waar: Plaza baja de la Desped\u00eda, \u00c1lora<\/li>\n<li><a href=\"https:\/\/maps.app.goo.gl\/Xp9Eg2wMvpqCsF4k7\" data-wpel-link=\"external\" target=\"_blank\" rel=\"external noopener noreferrer\" class=\"ext-link wpel-icon-right\"><strong>Routebeschrijving<\/strong><span class=\"wpel-icon wpel-image wpel-icon-2\"><\/span><\/a><\/li>\n<\/ul>\n<h3><span class=\"ez-toc-section\" id=\"Kaasbeurs_%E2%80%93_Teba\"><\/span>Kaasbeurs &#8211; Teba<span class=\"ez-toc-section-end\"><\/span><\/h3>\n<p><img loading=\"lazy\" decoding=\"async\" class=\"alignnone wp-image-16005\" src=\"https:\/\/www.malagacar.com\/sp\/blog\/wp-content\/uploads\/2023\/09\/feria-queso-Teba.jpg\" alt=\"feria queso Teba\" width=\"602\" height=\"610\" \/><\/p>\n<p>Een must voor liefhebbers van ambachtelijke kaas: Meer dan 50 kaasmakerijen bieden hun beste producten aan het publiek aan. Een weekend om de beste Andalusische kazen en de belangrijkste oorsprongsbenamingen van het Iberisch schiereiland te kopen en te proeven.<\/p>\n<p>Daarnaast zijn er workshops om kaas te leren maken, speciale activiteiten voor kinderen, toeristische routes door de stad, muziek en entertainment en een fotowedstrijd.<\/p>\n<ul>\n<li>Programma op de <a href=\"https:\/\/www.feriadelquesoteba.com\/\" data-wpel-link=\"external\" target=\"_blank\" rel=\"external noopener noreferrer\" class=\"ext-link wpel-icon-right\"><strong> offici\u00eble website <\/strong><span class=\"wpel-icon wpel-image wpel-icon-2\"><\/span><\/a><\/li>\n<li>Wanneer: 4 en 5 oktober<\/li>\n<li>Waar: Teba<\/li>\n<li><a href=\"https:\/\/maps.app.goo.gl\/T4dQ5Ta9VqQ3boq69\" data-wpel-link=\"external\" target=\"_blank\" rel=\"external noopener noreferrer\" class=\"ext-link wpel-icon-right\"><strong> Hoe er te komen <\/strong><span class=\"wpel-icon wpel-image wpel-icon-2\"><\/span><\/a><\/li>\n<\/ul>\n<h3><span class=\"ez-toc-section\" id=\"Kastanje-_en_Wijnfeest_in_Yunquera\"><\/span>Kastanje- en Wijnfeest in Yunquera<span class=\"ez-toc-section-end\"><\/span><\/h3>\n<p><img loading=\"lazy\" decoding=\"async\" class=\"alignnone size-large wp-image-18135\" src=\"https:\/\/www.malagacar.com\/sp\/blog\/wp-content\/uploads\/2024\/09\/Feria-vino-y-castana-yunquera-1024x679.jpg\" alt=\"Fiesta de la Casta\u00f1a y el Vino - Yunquera\" width=\"750\" height=\"497\" \/><\/p>\n<p>Dit dorp is een van de bekendste in de Serran\u00eda de Ronda en is gewijd aan de teelt van kastanjes. In Yunquera wordt het Kastanje- en Wijn- of Mostfeest gevierd op het laatste weekend van oktober.<\/p>\n<p>Dit feest in het hart van het Nationaal Park Sierra de las Nieves is uitgeroepen tot een uniek toeristisch evenement van de provincie en groeit met elke editie. Het biedt bezoekers een breed scala aan activiteiten om de cultuur, de gastronomie, de routes, de landschappen en de tradities van Yunquera en zijn omgeving te ontdekken.<\/p>\n<p>Tijdens het Kastanjefeest kunt u deze heerlijke vrucht geroosterd, ingelegd in siroop, gekookt, gekonfijt of gewoon direct van de boom geplukt proeven, samen met wijn, die wordt gemaakt van de exquise druiven van het gebied. Er zijn ook veel parallelle activiteiten.<\/p>\n<ul>\n<li>Wanneer: 25 en 26 oktober<\/li>\n<li>Waar: Yunquera, Serran\u00eda de Ronda<\/li>\n<li><a href=\"https:\/\/maps.app.goo.gl\/G8Lex5sahStZdRp3A\" data-wpel-link=\"external\" target=\"_blank\" rel=\"external noopener noreferrer\" class=\"ext-link wpel-icon-right\"><strong>Routebeschrijving<\/strong><span class=\"wpel-icon wpel-image wpel-icon-2\"><\/span><\/a><\/li>\n<\/ul>\n<h2><span class=\"ez-toc-section\" id=\"Halloween_in_Malaga\"><\/span>Halloween in M\u00e1laga<span class=\"ez-toc-section-end\"><\/span><\/h2>\n<p><img loading=\"lazy\" decoding=\"async\" class=\"alignnone wp-image-5845 \" src=\"https:\/\/www.malagacar.com\/blog\/wp-content\/uploads\/2018\/09\/halloween-Malaga-2.jpg\" alt=\"Halloween Malaga \" width=\"1201\" height=\"650\" \/><\/p>\n<p>Bijna elke kustplaats heeft wel een of ander spookachtig festival, terwijl de dorpen in het binnenland van de provincie meestal de traditionele \u201ctostones\u201d (kastanje roosteren) vieren.<br \/>\nBekijk onze <a href=\"https:\/\/www.malagacar.com\/nl\/blog\/vrije-tijd\/halloween-in-malaga\/\" data-wpel-link=\"internal\"><strong>speciale editie Halloween M\u00e1laga<\/strong><\/a>.<\/p>\n<h2><span class=\"ez-toc-section\" id=\"Weer_in_Malaga_in_Oktober\"><\/span>Weer in M\u00e1laga in Oktober<span class=\"ez-toc-section-end\"><\/span><\/h2>\n<p>Oktober is letterlijk een <em><strong>gouden maand<\/strong><\/em> in M\u00e1laga. De <em><strong>aangename temperaturen<\/strong><\/em> liggen overdag nog steeds rond de 25\u00baC, maar de nachten worden eindelijk koeler.<\/p>\n<p>Vergeet dus niet om lichte kleding mee te nemen voor overdag en iets warms (een lichte jas) voor de avonden.<\/p>\n<p>Dit is de maand bij uitstek voor meer dan alleen aangename <em><strong>dagen aan het strand<\/strong><\/em>.<\/p>\n<p>De milde temperaturen maken het ook ideaal om te <em><strong>wandelen<\/strong><\/em>, <em><strong>witte dorpjes te ontdekken<\/strong><\/em> of een <em><strong>weekendje weg<\/strong><\/em> te gaan.<\/p>\n<p>De mogelijkheden zijn eindeloos, zoals je kunt ontdekken in onze <a href=\"https:\/\/www.malagacar.com\/nl\/blog\/tips\/costa-del-sol-gids\/\" data-wpel-link=\"internal\"><strong>Costa del Sol gids<\/strong><\/a>.<\/p>\n<p><a href=\"https:\/\/www.malagacar.com\/nl\/blog\/tips\/costa-del-sol-gids\/\" data-wpel-link=\"internal\"><img loading=\"lazy\" decoding=\"async\" class=\"alignnone size-full wp-image-5157\" src=\"https:\/\/www.malagacar.com\/nl\/blog\/wp-content\/uploads\/2024\/04\/costa-del-sol-guide-nl.jpg\" alt=\"Costa del Sol-gids\" width=\"1000\" height=\"667\" srcset=\"https:\/\/www.malagacar.com\/nl\/blog\/wp-content\/uploads\/2024\/04\/costa-del-sol-guide-nl.jpg 1000w, https:\/\/www.malagacar.com\/nl\/blog\/wp-content\/uploads\/2024\/04\/costa-del-sol-guide-nl-300x200.jpg 300w, https:\/\/www.malagacar.com\/nl\/blog\/wp-content\/uploads\/2024\/04\/costa-del-sol-guide-nl-768x512.jpg 768w\" sizes=\"auto, (max-width: 1000px) 100vw, 1000px\" \/><\/a><\/p>\n\t\t\t\t\n\t\t\t\t<div id=\"search-form2\" class=\"big-quote index-mobile\">\n\t\t\t\t<form id=\"frmSearch\" name=\"frmSearch\" action=\"\/nl\/autoverhuur\/quote.php\" method=\"post\"  name=\"quote\" class=\"container-fluid\">\n\t\t\t\t\t\t\t\t\t<div class=\"row\">\n\t\t\t\t\t\t<div class=\"col-sm-6\">\n\n\t\t\t\t\t\t\t<div class=\"form-group\">\n\t\t\t\t\t\t\t\t<label for=\"entrega\"><h4>Ophalen<\/h4><\/label>\n\t\t\t\t\t\t\t\t<select name=\"entrega\" id=\"entrega\" class=\"custom-select\">\n\t\t\t\t\t\t\t\t\t<option value=\"airport\"  selected>Luchthaven M\u00e1laga<\/option>\n\t\t\t\t\t\t\t\t\t\t\t\t\t\t\t\t<\/select>\n\t\t\t\t\t\t\t\t<div class=\"form-inline my-2\">\n\t\t\t\t\t\t\t\t\t<input id=\"pDate\" class=\"form-control\" value=\"07\/09\/2026\" name=\"pDate\" readonly onchange=\"return uppdate()\">\n\t\t\t\t\t\t\t\t\t<select class=\"custom-select\" id=\"phorasminutos\" name=\"phorasminutos\" oninvalid=\"setCustomValidity('Laat ons uw aankomsttijd weten')\" onchange=\"setCustomValidity('')\">\n\t\t\t\t\t\t\t\t\t\t<option value=\"-\" selected>--:--<\/option>\n\t\t\t\t\t\t\t\t\t\t\t\t\t\t\t\t\t\t\t\t<option value=\"00:00\">\n\t\t\t\t\t\t\t\t\t\t\t00:00<\/option>\n\t\t\t\t\t\t\t\t\t\t<option value=\"00:15\">\n\t\t\t\t\t\t\t\t\t\t\t00:15<\/option>\n\t\t\t\t\t\t\t\t\t\t<option value=\"00:30\">\n\t\t\t\t\t\t\t\t\t\t\t00:30<\/option>\n\t\t\t\t\t\t\t\t\t\t<option value=\"00:45\">\n\t\t\t\t\t\t\t\t\t\t\t00:45<\/option>\n\t\t\t\t\t\t\t\t\t\t\t\t\t\t\t\t\t\t\t\t<option value=\"01:00\">\n\t\t\t\t\t\t\t\t\t\t\t01:00<\/option>\n\t\t\t\t\t\t\t\t\t\t<option value=\"01:15\">\n\t\t\t\t\t\t\t\t\t\t\t01:15<\/option>\n\t\t\t\t\t\t\t\t\t\t<option value=\"01:30\">\n\t\t\t\t\t\t\t\t\t\t\t01:30<\/option>\n\t\t\t\t\t\t\t\t\t\t<option value=\"01:45\">\n\t\t\t\t\t\t\t\t\t\t\t01:45<\/option>\n\t\t\t\t\t\t\t\t\t\t\t\t\t\t\t\t\t\t\t\t<option value=\"02:00\">\n\t\t\t\t\t\t\t\t\t\t\t02:00<\/option>\n\t\t\t\t\t\t\t\t\t\t<option value=\"02:15\">\n\t\t\t\t\t\t\t\t\t\t\t02:15<\/option>\n\t\t\t\t\t\t\t\t\t\t<option value=\"02:30\">\n\t\t\t\t\t\t\t\t\t\t\t02:30<\/option>\n\t\t\t\t\t\t\t\t\t\t<option value=\"02:45\">\n\t\t\t\t\t\t\t\t\t\t\t02:45<\/option>\n\t\t\t\t\t\t\t\t\t\t\t\t\t\t\t\t\t\t\t\t<option value=\"03:00\">\n\t\t\t\t\t\t\t\t\t\t\t03:00<\/option>\n\t\t\t\t\t\t\t\t\t\t<option value=\"03:15\">\n\t\t\t\t\t\t\t\t\t\t\t03:15<\/option>\n\t\t\t\t\t\t\t\t\t\t<option value=\"03:30\">\n\t\t\t\t\t\t\t\t\t\t\t03:30<\/option>\n\t\t\t\t\t\t\t\t\t\t<option value=\"03:45\">\n\t\t\t\t\t\t\t\t\t\t\t03:45<\/option>\n\t\t\t\t\t\t\t\t\t\t\t\t\t\t\t\t\t\t\t\t<option value=\"04:00\">\n\t\t\t\t\t\t\t\t\t\t\t04:00<\/option>\n\t\t\t\t\t\t\t\t\t\t<option value=\"04:15\">\n\t\t\t\t\t\t\t\t\t\t\t04:15<\/option>\n\t\t\t\t\t\t\t\t\t\t<option value=\"04:30\">\n\t\t\t\t\t\t\t\t\t\t\t04:30<\/option>\n\t\t\t\t\t\t\t\t\t\t<option value=\"04:45\">\n\t\t\t\t\t\t\t\t\t\t\t04:45<\/option>\n\t\t\t\t\t\t\t\t\t\t\t\t\t\t\t\t\t\t\t\t<option value=\"05:00\">\n\t\t\t\t\t\t\t\t\t\t\t05:00<\/option>\n\t\t\t\t\t\t\t\t\t\t<option value=\"05:15\">\n\t\t\t\t\t\t\t\t\t\t\t05:15<\/option>\n\t\t\t\t\t\t\t\t\t\t<option value=\"05:30\">\n\t\t\t\t\t\t\t\t\t\t\t05:30<\/option>\n\t\t\t\t\t\t\t\t\t\t<option value=\"05:45\">\n\t\t\t\t\t\t\t\t\t\t\t05:45<\/option>\n\t\t\t\t\t\t\t\t\t\t\t\t\t\t\t\t\t\t\t\t<option value=\"06:00\">\n\t\t\t\t\t\t\t\t\t\t\t06:00<\/option>\n\t\t\t\t\t\t\t\t\t\t<option value=\"06:15\">\n\t\t\t\t\t\t\t\t\t\t\t06:15<\/option>\n\t\t\t\t\t\t\t\t\t\t<option value=\"06:30\">\n\t\t\t\t\t\t\t\t\t\t\t06:30<\/option>\n\t\t\t\t\t\t\t\t\t\t<option value=\"06:45\">\n\t\t\t\t\t\t\t\t\t\t\t06:45<\/option>\n\t\t\t\t\t\t\t\t\t\t\t\t\t\t\t\t\t\t\t\t<option value=\"07:00\">\n\t\t\t\t\t\t\t\t\t\t\t07:00<\/option>\n\t\t\t\t\t\t\t\t\t\t<option value=\"07:15\">\n\t\t\t\t\t\t\t\t\t\t\t07:15<\/option>\n\t\t\t\t\t\t\t\t\t\t<option value=\"07:30\">\n\t\t\t\t\t\t\t\t\t\t\t07:30<\/option>\n\t\t\t\t\t\t\t\t\t\t<option value=\"07:45\">\n\t\t\t\t\t\t\t\t\t\t\t07:45<\/option>\n\t\t\t\t\t\t\t\t\t\t\t\t\t\t\t\t\t\t\t\t<option value=\"08:00\">\n\t\t\t\t\t\t\t\t\t\t\t08:00<\/option>\n\t\t\t\t\t\t\t\t\t\t<option value=\"08:15\">\n\t\t\t\t\t\t\t\t\t\t\t08:15<\/option>\n\t\t\t\t\t\t\t\t\t\t<option value=\"08:30\">\n\t\t\t\t\t\t\t\t\t\t\t08:30<\/option>\n\t\t\t\t\t\t\t\t\t\t<option value=\"08:45\">\n\t\t\t\t\t\t\t\t\t\t\t08:45<\/option>\n\t\t\t\t\t\t\t\t\t\t\t\t\t\t\t\t\t\t\t\t<option value=\"09:00\">\n\t\t\t\t\t\t\t\t\t\t\t09:00<\/option>\n\t\t\t\t\t\t\t\t\t\t<option value=\"09:15\">\n\t\t\t\t\t\t\t\t\t\t\t09:15<\/option>\n\t\t\t\t\t\t\t\t\t\t<option value=\"09:30\">\n\t\t\t\t\t\t\t\t\t\t\t09:30<\/option>\n\t\t\t\t\t\t\t\t\t\t<option value=\"09:45\">\n\t\t\t\t\t\t\t\t\t\t\t09:45<\/option>\n\t\t\t\t\t\t\t\t\t\t\t\t\t\t\t\t\t\t\t\t<option value=\"10:00\">\n\t\t\t\t\t\t\t\t\t\t\t10:00<\/option>\n\t\t\t\t\t\t\t\t\t\t<option value=\"10:15\">\n\t\t\t\t\t\t\t\t\t\t\t10:15<\/option>\n\t\t\t\t\t\t\t\t\t\t<option value=\"10:30\">\n\t\t\t\t\t\t\t\t\t\t\t10:30<\/option>\n\t\t\t\t\t\t\t\t\t\t<option value=\"10:45\">\n\t\t\t\t\t\t\t\t\t\t\t10:45<\/option>\n\t\t\t\t\t\t\t\t\t\t\t\t\t\t\t\t\t\t\t\t<option value=\"11:00\">\n\t\t\t\t\t\t\t\t\t\t\t11:00<\/option>\n\t\t\t\t\t\t\t\t\t\t<option value=\"11:15\">\n\t\t\t\t\t\t\t\t\t\t\t11:15<\/option>\n\t\t\t\t\t\t\t\t\t\t<option value=\"11:30\">\n\t\t\t\t\t\t\t\t\t\t\t11:30<\/option>\n\t\t\t\t\t\t\t\t\t\t<option value=\"11:45\">\n\t\t\t\t\t\t\t\t\t\t\t11:45<\/option>\n\t\t\t\t\t\t\t\t\t\t\t\t\t\t\t\t\t\t\t\t<option value=\"12:00\">\n\t\t\t\t\t\t\t\t\t\t\t12:00<\/option>\n\t\t\t\t\t\t\t\t\t\t<option value=\"12:15\">\n\t\t\t\t\t\t\t\t\t\t\t12:15<\/option>\n\t\t\t\t\t\t\t\t\t\t<option value=\"12:30\">\n\t\t\t\t\t\t\t\t\t\t\t12:30<\/option>\n\t\t\t\t\t\t\t\t\t\t<option value=\"12:45\">\n\t\t\t\t\t\t\t\t\t\t\t12:45<\/option>\n\t\t\t\t\t\t\t\t\t\t\t\t\t\t\t\t\t\t\t\t<option value=\"13:00\">\n\t\t\t\t\t\t\t\t\t\t\t13:00<\/option>\n\t\t\t\t\t\t\t\t\t\t<option value=\"13:15\">\n\t\t\t\t\t\t\t\t\t\t\t13:15<\/option>\n\t\t\t\t\t\t\t\t\t\t<option value=\"13:30\">\n\t\t\t\t\t\t\t\t\t\t\t13:30<\/option>\n\t\t\t\t\t\t\t\t\t\t<option value=\"13:45\">\n\t\t\t\t\t\t\t\t\t\t\t13:45<\/option>\n\t\t\t\t\t\t\t\t\t\t\t\t\t\t\t\t\t\t\t\t<option value=\"14:00\">\n\t\t\t\t\t\t\t\t\t\t\t14:00<\/option>\n\t\t\t\t\t\t\t\t\t\t<option value=\"14:15\">\n\t\t\t\t\t\t\t\t\t\t\t14:15<\/option>\n\t\t\t\t\t\t\t\t\t\t<option value=\"14:30\">\n\t\t\t\t\t\t\t\t\t\t\t14:30<\/option>\n\t\t\t\t\t\t\t\t\t\t<option value=\"14:45\">\n\t\t\t\t\t\t\t\t\t\t\t14:45<\/option>\n\t\t\t\t\t\t\t\t\t\t\t\t\t\t\t\t\t\t\t\t<option value=\"15:00\">\n\t\t\t\t\t\t\t\t\t\t\t15:00<\/option>\n\t\t\t\t\t\t\t\t\t\t<option value=\"15:15\">\n\t\t\t\t\t\t\t\t\t\t\t15:15<\/option>\n\t\t\t\t\t\t\t\t\t\t<option value=\"15:30\">\n\t\t\t\t\t\t\t\t\t\t\t15:30<\/option>\n\t\t\t\t\t\t\t\t\t\t<option value=\"15:45\">\n\t\t\t\t\t\t\t\t\t\t\t15:45<\/option>\n\t\t\t\t\t\t\t\t\t\t\t\t\t\t\t\t\t\t\t\t<option value=\"16:00\">\n\t\t\t\t\t\t\t\t\t\t\t16:00<\/option>\n\t\t\t\t\t\t\t\t\t\t<option value=\"16:15\">\n\t\t\t\t\t\t\t\t\t\t\t16:15<\/option>\n\t\t\t\t\t\t\t\t\t\t<option value=\"16:30\">\n\t\t\t\t\t\t\t\t\t\t\t16:30<\/option>\n\t\t\t\t\t\t\t\t\t\t<option value=\"16:45\">\n\t\t\t\t\t\t\t\t\t\t\t16:45<\/option>\n\t\t\t\t\t\t\t\t\t\t\t\t\t\t\t\t\t\t\t\t<option value=\"17:00\">\n\t\t\t\t\t\t\t\t\t\t\t17:00<\/option>\n\t\t\t\t\t\t\t\t\t\t<option value=\"17:15\">\n\t\t\t\t\t\t\t\t\t\t\t17:15<\/option>\n\t\t\t\t\t\t\t\t\t\t<option value=\"17:30\">\n\t\t\t\t\t\t\t\t\t\t\t17:30<\/option>\n\t\t\t\t\t\t\t\t\t\t<option value=\"17:45\">\n\t\t\t\t\t\t\t\t\t\t\t17:45<\/option>\n\t\t\t\t\t\t\t\t\t\t\t\t\t\t\t\t\t\t\t\t<option value=\"18:00\">\n\t\t\t\t\t\t\t\t\t\t\t18:00<\/option>\n\t\t\t\t\t\t\t\t\t\t<option value=\"18:15\">\n\t\t\t\t\t\t\t\t\t\t\t18:15<\/option>\n\t\t\t\t\t\t\t\t\t\t<option value=\"18:30\">\n\t\t\t\t\t\t\t\t\t\t\t18:30<\/option>\n\t\t\t\t\t\t\t\t\t\t<option value=\"18:45\">\n\t\t\t\t\t\t\t\t\t\t\t18:45<\/option>\n\t\t\t\t\t\t\t\t\t\t\t\t\t\t\t\t\t\t\t\t<option value=\"19:00\">\n\t\t\t\t\t\t\t\t\t\t\t19:00<\/option>\n\t\t\t\t\t\t\t\t\t\t<option value=\"19:15\">\n\t\t\t\t\t\t\t\t\t\t\t19:15<\/option>\n\t\t\t\t\t\t\t\t\t\t<option value=\"19:30\">\n\t\t\t\t\t\t\t\t\t\t\t19:30<\/option>\n\t\t\t\t\t\t\t\t\t\t<option value=\"19:45\">\n\t\t\t\t\t\t\t\t\t\t\t19:45<\/option>\n\t\t\t\t\t\t\t\t\t\t\t\t\t\t\t\t\t\t\t\t<option value=\"20:00\">\n\t\t\t\t\t\t\t\t\t\t\t20:00<\/option>\n\t\t\t\t\t\t\t\t\t\t<option value=\"20:15\">\n\t\t\t\t\t\t\t\t\t\t\t20:15<\/option>\n\t\t\t\t\t\t\t\t\t\t<option value=\"20:30\">\n\t\t\t\t\t\t\t\t\t\t\t20:30<\/option>\n\t\t\t\t\t\t\t\t\t\t<option value=\"20:45\">\n\t\t\t\t\t\t\t\t\t\t\t20:45<\/option>\n\t\t\t\t\t\t\t\t\t\t\t\t\t\t\t\t\t\t\t\t<option value=\"21:00\">\n\t\t\t\t\t\t\t\t\t\t\t21:00<\/option>\n\t\t\t\t\t\t\t\t\t\t<option value=\"21:15\">\n\t\t\t\t\t\t\t\t\t\t\t21:15<\/option>\n\t\t\t\t\t\t\t\t\t\t<option value=\"21:30\">\n\t\t\t\t\t\t\t\t\t\t\t21:30<\/option>\n\t\t\t\t\t\t\t\t\t\t<option value=\"21:45\">\n\t\t\t\t\t\t\t\t\t\t\t21:45<\/option>\n\t\t\t\t\t\t\t\t\t\t\t\t\t\t\t\t\t\t\t\t<option value=\"22:00\">\n\t\t\t\t\t\t\t\t\t\t\t22:00<\/option>\n\t\t\t\t\t\t\t\t\t\t<option value=\"22:15\">\n\t\t\t\t\t\t\t\t\t\t\t22:15<\/option>\n\t\t\t\t\t\t\t\t\t\t<option value=\"22:30\">\n\t\t\t\t\t\t\t\t\t\t\t22:30<\/option>\n\t\t\t\t\t\t\t\t\t\t<option value=\"22:45\">\n\t\t\t\t\t\t\t\t\t\t\t22:45<\/option>\n\t\t\t\t\t\t\t\t\t\t\t\t\t\t\t\t\t\t\t\t<option value=\"23:00\">\n\t\t\t\t\t\t\t\t\t\t\t23:00<\/option>\n\t\t\t\t\t\t\t\t\t\t<option value=\"23:15\">\n\t\t\t\t\t\t\t\t\t\t\t23:15<\/option>\n\t\t\t\t\t\t\t\t\t\t<option value=\"23:30\">\n\t\t\t\t\t\t\t\t\t\t\t23:30<\/option>\n\t\t\t\t\t\t\t\t\t\t<option value=\"23:45\">\n\t\t\t\t\t\t\t\t\t\t\t23:45<\/option>\n\t\t\t\t\t\t\t\t\t\t\t\t\t\t\t\t\t\t\t<\/select>\n\t\t\t\t\t\t\t\t<\/div>\n\t\t\t\t\t\t\t<\/div>\n\t\t\t\t\t\t<\/div>\n\t\t\t\t\t\t<div class=\"col-sm-6\">\n\t\t\t\t\t\t\t<div class=\"form-group\">\n\t\t\t\t\t\t\t\t<div id=\"bookingBox\"><\/div>\n\n\t\t\t\t\t\t\t\t<label for=\"devuelta\"><h4>Terugbrendgend<\/h4><\/label>\n\t\t\t\t\t\t\t\t<select name=\"devuelta\" id=\"devuelta\" class=\"custom-select\">\n\t\t\t\t\t\t\t\t\t<option value=\"airport\"  selected>Luchthaven M\u00e1laga<\/option>\n\t\t\t\t\t\t\t\t\t\t\t\t\t\t\t\t<\/select>\n\n\t\t\t\t\t\t\t\t<div class=\"form-inline my-2\">\n\t\t\t\t\t\t\t\t\t<input id=\"dDate\" class=\"form-control\" value=\"14\/09\/2026\" name=\"dDate\" readonly>\n\t\t\t\t\t\t\t\t\t<select class=\"custom-select\" id=\"dhorasminutos\" name=\"dhorasminutos\" oninvalid=\"setCustomValidity('Laat ons weten wanneer je terugkomt.')\" onchange=\"setCustomValidity('')\">\n\t\t\t\t\t\t\t\t\t\t<option value=\"-\" selected>--:--<\/option>\n\t\t\t\t\t\t\t\t\t\t\t\t\t\t\t\t\t\t\t\t<option value=\"00:00\">\n\t\t\t\t\t\t\t\t\t\t\t00:00<\/option>\n\t\t\t\t\t\t\t\t\t\t<option value=\"00:15\">\n\t\t\t\t\t\t\t\t\t\t\t00:15<\/option>\n\t\t\t\t\t\t\t\t\t\t<option value=\"00:30\">\n\t\t\t\t\t\t\t\t\t\t\t00:30<\/option>\n\t\t\t\t\t\t\t\t\t\t<option value=\"00:45\">\n\t\t\t\t\t\t\t\t\t\t\t00:45<\/option>\n\t\t\t\t\t\t\t\t\t\t\t\t\t\t\t\t\t\t\t\t<option value=\"01:00\">\n\t\t\t\t\t\t\t\t\t\t\t01:00<\/option>\n\t\t\t\t\t\t\t\t\t\t<option value=\"01:15\">\n\t\t\t\t\t\t\t\t\t\t\t01:15<\/option>\n\t\t\t\t\t\t\t\t\t\t<option value=\"01:30\">\n\t\t\t\t\t\t\t\t\t\t\t01:30<\/option>\n\t\t\t\t\t\t\t\t\t\t<option value=\"01:45\">\n\t\t\t\t\t\t\t\t\t\t\t01:45<\/option>\n\t\t\t\t\t\t\t\t\t\t\t\t\t\t\t\t\t\t\t\t<option value=\"02:00\">\n\t\t\t\t\t\t\t\t\t\t\t02:00<\/option>\n\t\t\t\t\t\t\t\t\t\t<option value=\"02:15\">\n\t\t\t\t\t\t\t\t\t\t\t02:15<\/option>\n\t\t\t\t\t\t\t\t\t\t<option value=\"02:30\">\n\t\t\t\t\t\t\t\t\t\t\t02:30<\/option>\n\t\t\t\t\t\t\t\t\t\t<option value=\"02:45\">\n\t\t\t\t\t\t\t\t\t\t\t02:45<\/option>\n\t\t\t\t\t\t\t\t\t\t\t\t\t\t\t\t\t\t\t\t<option value=\"03:00\">\n\t\t\t\t\t\t\t\t\t\t\t03:00<\/option>\n\t\t\t\t\t\t\t\t\t\t<option value=\"03:15\">\n\t\t\t\t\t\t\t\t\t\t\t03:15<\/option>\n\t\t\t\t\t\t\t\t\t\t<option value=\"03:30\">\n\t\t\t\t\t\t\t\t\t\t\t03:30<\/option>\n\t\t\t\t\t\t\t\t\t\t<option value=\"03:45\">\n\t\t\t\t\t\t\t\t\t\t\t03:45<\/option>\n\t\t\t\t\t\t\t\t\t\t\t\t\t\t\t\t\t\t\t\t<option value=\"04:00\">\n\t\t\t\t\t\t\t\t\t\t\t04:00<\/option>\n\t\t\t\t\t\t\t\t\t\t<option value=\"04:15\">\n\t\t\t\t\t\t\t\t\t\t\t04:15<\/option>\n\t\t\t\t\t\t\t\t\t\t<option value=\"04:30\">\n\t\t\t\t\t\t\t\t\t\t\t04:30<\/option>\n\t\t\t\t\t\t\t\t\t\t<option value=\"04:45\">\n\t\t\t\t\t\t\t\t\t\t\t04:45<\/option>\n\t\t\t\t\t\t\t\t\t\t\t\t\t\t\t\t\t\t\t\t<option value=\"05:00\">\n\t\t\t\t\t\t\t\t\t\t\t05:00<\/option>\n\t\t\t\t\t\t\t\t\t\t<option value=\"05:15\">\n\t\t\t\t\t\t\t\t\t\t\t05:15<\/option>\n\t\t\t\t\t\t\t\t\t\t<option value=\"05:30\">\n\t\t\t\t\t\t\t\t\t\t\t05:30<\/option>\n\t\t\t\t\t\t\t\t\t\t<option value=\"05:45\">\n\t\t\t\t\t\t\t\t\t\t\t05:45<\/option>\n\t\t\t\t\t\t\t\t\t\t\t\t\t\t\t\t\t\t\t\t<option value=\"06:00\">\n\t\t\t\t\t\t\t\t\t\t\t06:00<\/option>\n\t\t\t\t\t\t\t\t\t\t<option value=\"06:15\">\n\t\t\t\t\t\t\t\t\t\t\t06:15<\/option>\n\t\t\t\t\t\t\t\t\t\t<option value=\"06:30\">\n\t\t\t\t\t\t\t\t\t\t\t06:30<\/option>\n\t\t\t\t\t\t\t\t\t\t<option value=\"06:45\">\n\t\t\t\t\t\t\t\t\t\t\t06:45<\/option>\n\t\t\t\t\t\t\t\t\t\t\t\t\t\t\t\t\t\t\t\t<option value=\"07:00\">\n\t\t\t\t\t\t\t\t\t\t\t07:00<\/option>\n\t\t\t\t\t\t\t\t\t\t<option value=\"07:15\">\n\t\t\t\t\t\t\t\t\t\t\t07:15<\/option>\n\t\t\t\t\t\t\t\t\t\t<option value=\"07:30\">\n\t\t\t\t\t\t\t\t\t\t\t07:30<\/option>\n\t\t\t\t\t\t\t\t\t\t<option value=\"07:45\">\n\t\t\t\t\t\t\t\t\t\t\t07:45<\/option>\n\t\t\t\t\t\t\t\t\t\t\t\t\t\t\t\t\t\t\t\t<option value=\"08:00\">\n\t\t\t\t\t\t\t\t\t\t\t08:00<\/option>\n\t\t\t\t\t\t\t\t\t\t<option value=\"08:15\">\n\t\t\t\t\t\t\t\t\t\t\t08:15<\/option>\n\t\t\t\t\t\t\t\t\t\t<option value=\"08:30\">\n\t\t\t\t\t\t\t\t\t\t\t08:30<\/option>\n\t\t\t\t\t\t\t\t\t\t<option value=\"08:45\">\n\t\t\t\t\t\t\t\t\t\t\t08:45<\/option>\n\t\t\t\t\t\t\t\t\t\t\t\t\t\t\t\t\t\t\t\t<option value=\"09:00\">\n\t\t\t\t\t\t\t\t\t\t\t09:00<\/option>\n\t\t\t\t\t\t\t\t\t\t<option value=\"09:15\">\n\t\t\t\t\t\t\t\t\t\t\t09:15<\/option>\n\t\t\t\t\t\t\t\t\t\t<option value=\"09:30\">\n\t\t\t\t\t\t\t\t\t\t\t09:30<\/option>\n\t\t\t\t\t\t\t\t\t\t<option value=\"09:45\">\n\t\t\t\t\t\t\t\t\t\t\t09:45<\/option>\n\t\t\t\t\t\t\t\t\t\t\t\t\t\t\t\t\t\t\t\t<option value=\"10:00\">\n\t\t\t\t\t\t\t\t\t\t\t10:00<\/option>\n\t\t\t\t\t\t\t\t\t\t<option value=\"10:15\">\n\t\t\t\t\t\t\t\t\t\t\t10:15<\/option>\n\t\t\t\t\t\t\t\t\t\t<option value=\"10:30\">\n\t\t\t\t\t\t\t\t\t\t\t10:30<\/option>\n\t\t\t\t\t\t\t\t\t\t<option value=\"10:45\">\n\t\t\t\t\t\t\t\t\t\t\t10:45<\/option>\n\t\t\t\t\t\t\t\t\t\t\t\t\t\t\t\t\t\t\t\t<option value=\"11:00\">\n\t\t\t\t\t\t\t\t\t\t\t11:00<\/option>\n\t\t\t\t\t\t\t\t\t\t<option value=\"11:15\">\n\t\t\t\t\t\t\t\t\t\t\t11:15<\/option>\n\t\t\t\t\t\t\t\t\t\t<option value=\"11:30\">\n\t\t\t\t\t\t\t\t\t\t\t11:30<\/option>\n\t\t\t\t\t\t\t\t\t\t<option value=\"11:45\">\n\t\t\t\t\t\t\t\t\t\t\t11:45<\/option>\n\t\t\t\t\t\t\t\t\t\t\t\t\t\t\t\t\t\t\t\t<option value=\"12:00\">\n\t\t\t\t\t\t\t\t\t\t\t12:00<\/option>\n\t\t\t\t\t\t\t\t\t\t<option value=\"12:15\">\n\t\t\t\t\t\t\t\t\t\t\t12:15<\/option>\n\t\t\t\t\t\t\t\t\t\t<option value=\"12:30\">\n\t\t\t\t\t\t\t\t\t\t\t12:30<\/option>\n\t\t\t\t\t\t\t\t\t\t<option value=\"12:45\">\n\t\t\t\t\t\t\t\t\t\t\t12:45<\/option>\n\t\t\t\t\t\t\t\t\t\t\t\t\t\t\t\t\t\t\t\t<option value=\"13:00\">\n\t\t\t\t\t\t\t\t\t\t\t13:00<\/option>\n\t\t\t\t\t\t\t\t\t\t<option value=\"13:15\">\n\t\t\t\t\t\t\t\t\t\t\t13:15<\/option>\n\t\t\t\t\t\t\t\t\t\t<option value=\"13:30\">\n\t\t\t\t\t\t\t\t\t\t\t13:30<\/option>\n\t\t\t\t\t\t\t\t\t\t<option value=\"13:45\">\n\t\t\t\t\t\t\t\t\t\t\t13:45<\/option>\n\t\t\t\t\t\t\t\t\t\t\t\t\t\t\t\t\t\t\t\t<option value=\"14:00\">\n\t\t\t\t\t\t\t\t\t\t\t14:00<\/option>\n\t\t\t\t\t\t\t\t\t\t<option value=\"14:15\">\n\t\t\t\t\t\t\t\t\t\t\t14:15<\/option>\n\t\t\t\t\t\t\t\t\t\t<option value=\"14:30\">\n\t\t\t\t\t\t\t\t\t\t\t14:30<\/option>\n\t\t\t\t\t\t\t\t\t\t<option value=\"14:45\">\n\t\t\t\t\t\t\t\t\t\t\t14:45<\/option>\n\t\t\t\t\t\t\t\t\t\t\t\t\t\t\t\t\t\t\t\t<option value=\"15:00\">\n\t\t\t\t\t\t\t\t\t\t\t15:00<\/option>\n\t\t\t\t\t\t\t\t\t\t<option value=\"15:15\">\n\t\t\t\t\t\t\t\t\t\t\t15:15<\/option>\n\t\t\t\t\t\t\t\t\t\t<option value=\"15:30\">\n\t\t\t\t\t\t\t\t\t\t\t15:30<\/option>\n\t\t\t\t\t\t\t\t\t\t<option value=\"15:45\">\n\t\t\t\t\t\t\t\t\t\t\t15:45<\/option>\n\t\t\t\t\t\t\t\t\t\t\t\t\t\t\t\t\t\t\t\t<option value=\"16:00\">\n\t\t\t\t\t\t\t\t\t\t\t16:00<\/option>\n\t\t\t\t\t\t\t\t\t\t<option value=\"16:15\">\n\t\t\t\t\t\t\t\t\t\t\t16:15<\/option>\n\t\t\t\t\t\t\t\t\t\t<option value=\"16:30\">\n\t\t\t\t\t\t\t\t\t\t\t16:30<\/option>\n\t\t\t\t\t\t\t\t\t\t<option value=\"16:45\">\n\t\t\t\t\t\t\t\t\t\t\t16:45<\/option>\n\t\t\t\t\t\t\t\t\t\t\t\t\t\t\t\t\t\t\t\t<option value=\"17:00\">\n\t\t\t\t\t\t\t\t\t\t\t17:00<\/option>\n\t\t\t\t\t\t\t\t\t\t<option value=\"17:15\">\n\t\t\t\t\t\t\t\t\t\t\t17:15<\/option>\n\t\t\t\t\t\t\t\t\t\t<option value=\"17:30\">\n\t\t\t\t\t\t\t\t\t\t\t17:30<\/option>\n\t\t\t\t\t\t\t\t\t\t<option value=\"17:45\">\n\t\t\t\t\t\t\t\t\t\t\t17:45<\/option>\n\t\t\t\t\t\t\t\t\t\t\t\t\t\t\t\t\t\t\t\t<option value=\"18:00\">\n\t\t\t\t\t\t\t\t\t\t\t18:00<\/option>\n\t\t\t\t\t\t\t\t\t\t<option value=\"18:15\">\n\t\t\t\t\t\t\t\t\t\t\t18:15<\/option>\n\t\t\t\t\t\t\t\t\t\t<option value=\"18:30\">\n\t\t\t\t\t\t\t\t\t\t\t18:30<\/option>\n\t\t\t\t\t\t\t\t\t\t<option value=\"18:45\">\n\t\t\t\t\t\t\t\t\t\t\t18:45<\/option>\n\t\t\t\t\t\t\t\t\t\t\t\t\t\t\t\t\t\t\t\t<option value=\"19:00\">\n\t\t\t\t\t\t\t\t\t\t\t19:00<\/option>\n\t\t\t\t\t\t\t\t\t\t<option value=\"19:15\">\n\t\t\t\t\t\t\t\t\t\t\t19:15<\/option>\n\t\t\t\t\t\t\t\t\t\t<option value=\"19:30\">\n\t\t\t\t\t\t\t\t\t\t\t19:30<\/option>\n\t\t\t\t\t\t\t\t\t\t<option value=\"19:45\">\n\t\t\t\t\t\t\t\t\t\t\t19:45<\/option>\n\t\t\t\t\t\t\t\t\t\t\t\t\t\t\t\t\t\t\t\t<option value=\"20:00\">\n\t\t\t\t\t\t\t\t\t\t\t20:00<\/option>\n\t\t\t\t\t\t\t\t\t\t<option value=\"20:15\">\n\t\t\t\t\t\t\t\t\t\t\t20:15<\/option>\n\t\t\t\t\t\t\t\t\t\t<option value=\"20:30\">\n\t\t\t\t\t\t\t\t\t\t\t20:30<\/option>\n\t\t\t\t\t\t\t\t\t\t<option value=\"20:45\">\n\t\t\t\t\t\t\t\t\t\t\t20:45<\/option>\n\t\t\t\t\t\t\t\t\t\t\t\t\t\t\t\t\t\t\t\t<option value=\"21:00\">\n\t\t\t\t\t\t\t\t\t\t\t21:00<\/option>\n\t\t\t\t\t\t\t\t\t\t<option value=\"21:15\">\n\t\t\t\t\t\t\t\t\t\t\t21:15<\/option>\n\t\t\t\t\t\t\t\t\t\t<option value=\"21:30\">\n\t\t\t\t\t\t\t\t\t\t\t21:30<\/option>\n\t\t\t\t\t\t\t\t\t\t<option value=\"21:45\">\n\t\t\t\t\t\t\t\t\t\t\t21:45<\/option>\n\t\t\t\t\t\t\t\t\t\t\t\t\t\t\t\t\t\t\t\t<option value=\"22:00\">\n\t\t\t\t\t\t\t\t\t\t\t22:00<\/option>\n\t\t\t\t\t\t\t\t\t\t<option value=\"22:15\">\n\t\t\t\t\t\t\t\t\t\t\t22:15<\/option>\n\t\t\t\t\t\t\t\t\t\t<option value=\"22:30\">\n\t\t\t\t\t\t\t\t\t\t\t22:30<\/option>\n\t\t\t\t\t\t\t\t\t\t<option value=\"22:45\">\n\t\t\t\t\t\t\t\t\t\t\t22:45<\/option>\n\t\t\t\t\t\t\t\t\t\t\t\t\t\t\t\t\t\t\t\t<option value=\"23:00\">\n\t\t\t\t\t\t\t\t\t\t\t23:00<\/option>\n\t\t\t\t\t\t\t\t\t\t<option value=\"23:15\">\n\t\t\t\t\t\t\t\t\t\t\t23:15<\/option>\n\t\t\t\t\t\t\t\t\t\t<option value=\"23:30\">\n\t\t\t\t\t\t\t\t\t\t\t23:30<\/option>\n\t\t\t\t\t\t\t\t\t\t<option value=\"23:45\">\n\t\t\t\t\t\t\t\t\t\t\t23:45<\/option>\n\t\t\t\t\t\t\t\t\t\t\t\t\t\t\t\t\t\t\t<\/select>\n\t\t\t\t\t\t\t\t<\/div>\n\t\t\t\t\t\t\t<\/div>\n\t\t\t\t\t\t<\/div>\n\n\t\t\t\t\t<\/div>\n\t\t\t\t\n\n\t\t\t\t\t\t<div class=\"row\">\n                               <div class=\"col-sm-6\">\n\t\t\t\t\t\t\t\t<div class=\"form-group promo-code\">\n\t\t\t\t\t\t\t\t\t\t\t\t\t\t\t\t\t<label for=\"tipogrupo\" class=\"w-50 text-right pr-3 pt-1\">Groep<\/label>\n\t\t\t\t\t\t\t\t\t<select name=\"tipogrupo\" id=\"tipogrupo\" class=\"form-control w-50\">\n\t\t\t\t\t\t\t\t\t<option value=\"0\">Alle auto's<\/option>\n\t\t\t                        <option value=\"1\">Standard<\/option>  \n\t\t\t\t\t\t\t\t\t<option value=\"2\" >Automatics<\/option>  \n\t\t\t\t\t\t\t\t\t<option value=\"4\">Minivan<\/option>  \n\t\t\t\t\t\t\t\t\t<option value=\"5\">Cabrio & Sport<\/option>  \n\t\t\t\t\t\t\t\t\t<option value=\"6\">Prestige<\/option>  \n\t\t\t\t\t\t\t\t\t<option value=\"8\">SUV \/ Stationwagen<\/option> \n\t\t\t\t\t\t\t\t\t<option value=\"10\">Camper en Motorhome<\/option>  \t\t\t\t\t\t\t\t\n\t\t\t\t\t\t\t\t<\/select>\t\n\t\t\t\t\t\t\t\t\t\n\t\t\t\t\t\t\t<\/div>\n\t\t\t\t\t\t\t<\/div>\n\t\t\t\t\t\t<div class=\"col-sm-6 align-self-end\">\n\t\t\t\t\t\t\t<div class=\"form-group\">\n\t\t\t\t\t\t\t\t<input type=\"submit\" class=\"btn-quote\" value=\"Get Quote\" onclick=\"return msgAlert()\">\n\t\t\t\t\t\t\t<\/div>\n\t\t\t\t\t\t<\/div>\n\t\t\t\t\t<\/div>\n\t\t\t\t<\/form>\n\t\t\t\t<div class=\"row hide-mini-tablet advantages\">\n\t\t\t\t\t\t<div class=\"col-12\">\n\t\t\t\t\t\t\t<h4 class=\"text-center text-white\">De beste prijzen!<\/h4>\n\t\t\t\t\t\t\t<ul>\n\t\t\t\t\t\t\t\t<li>Groot wagenpark aan gloednieuwe wagens.<\/li>\n\t\t\t\t\t\t\t\t<li>Betalen bij aankomst.<\/li>\n\t\t\t\t\t\t\t\t<li>Wat je ziet is wat je betaalt.<\/li>\n\t\t\t\t\t\t\t\t<li>Geen creditcard nodig om te boeken.<\/li>\n\t\t\t\t\t\t\t\t<li>VIP bezorgservice gratis.<\/li>\n\t\t\t\t\t\t\t\t<li><strong class=\"redpassion-alt\">Wij rekenen geen extra kosten<\/strong> voor onze bijtank service.<\/li>\n\t\t\t\t\t\t\t<\/ul>\n\t\t\t\t\t\t<\/div>\n\t\t\t\t\t<\/div>\n\t\t\t\t<\/div>\n\t\t\t<br clear=\"all\">\n\n","protected":false},"excerpt":{"rendered":"<p>De zonnige oktober in de provincie M\u00e1laga presenteert zich niet alleen met uitstekende temperaturen, maar ook met veel activiteiten zoals volksfeesten en traditionele festivals, een internationaal wandelfestival en Halloween, gevierd in Andalusische stijl.<\/p>\n","protected":false},"author":1,"featured_media":4459,"comment_status":"open","ping_status":"open","sticky":false,"template":"","format":"standard","meta":{"footnotes":""},"categories":[506],"tags":[450,307,451,482],"class_list":["post-4064","post","type-post","status-publish","format-standard","has-post-thumbnail","hentry","category-vrije-tijd","tag-activiteiten","tag-malaga","tag-oktober","tag-wat-te-doen"],"yoast_head":"<!-- This site is optimized with the Yoast SEO plugin v28.4 - https:\/\/yoast.com\/product\/yoast-seo-wordpress\/ -->\n<title>Dingen om te doen in M\u00e1laga in Oktober 2025 - MalagaCar.com Blog<\/title>\n<meta name=\"description\" content=\"In Malaga in oktober heb je veel om uit te kiezen, want het is de maand met uitstekende temperaturen en veel activiteiten voor alle smaken.\" \/>\n<meta name=\"robots\" content=\"index, follow, max-snippet:-1, max-image-preview:large, max-video-preview:-1\" \/>\n<link rel=\"canonical\" href=\"https:\/\/www.malagacar.com\/nl\/blog\/vrije-tijd\/dingen-om-te-doen-in-malaga-in-oktober\/\" \/>\n<meta property=\"og:locale\" content=\"nl_NL\" \/>\n<meta property=\"og:type\" content=\"article\" \/>\n<meta property=\"og:title\" content=\"Dingen om te doen in M\u00e1laga in Oktober 2025 - MalagaCar.com Blog\" \/>\n<meta property=\"og:description\" content=\"In Malaga in oktober heb je veel om uit te kiezen, want het is de maand met uitstekende temperaturen en veel activiteiten voor alle smaken.\" \/>\n<meta property=\"og:url\" content=\"https:\/\/www.malagacar.com\/nl\/blog\/vrije-tijd\/dingen-om-te-doen-in-malaga-in-oktober\/\" \/>\n<meta property=\"og:site_name\" content=\"MalagaCar.com Blog\" \/>\n<meta property=\"article:publisher\" content=\"https:\/\/www.facebook.com\/malagacar\" \/>\n<meta property=\"article:published_time\" content=\"2025-09-29T07:59:53+00:00\" \/>\n<meta property=\"article:modified_time\" content=\"2025-10-08T05:48:24+00:00\" \/>\n<meta property=\"og:image\" content=\"https:\/\/www.malagacar.com\/nl\/blog\/wp-content\/uploads\/2022\/09\/photo_2022-09-28_12-42-19.jpg\" \/>\n\t<meta property=\"og:image:width\" content=\"1000\" \/>\n\t<meta property=\"og:image:height\" content=\"896\" \/>\n\t<meta property=\"og:image:type\" content=\"image\/jpeg\" \/>\n<meta name=\"author\" content=\"MalagaCar.com\" \/>\n<meta name=\"twitter:label1\" content=\"Geschreven door\" \/>\n\t<meta name=\"twitter:data1\" content=\"MalagaCar.com\" \/>\n\t<meta name=\"twitter:label2\" content=\"Geschatte leestijd\" \/>\n\t<meta name=\"twitter:data2\" content=\"26 minuten\" \/>\n<script type=\"application\/ld+json\" class=\"yoast-schema-graph\">{\"@context\":\"https:\\\/\\\/schema.org\",\"@graph\":[{\"@type\":\"Article\",\"@id\":\"https:\\\/\\\/www.malagacar.com\\\/nl\\\/blog\\\/vrije-tijd\\\/dingen-om-te-doen-in-malaga-in-oktober\\\/#article\",\"isPartOf\":{\"@id\":\"https:\\\/\\\/www.malagacar.com\\\/nl\\\/blog\\\/vrije-tijd\\\/dingen-om-te-doen-in-malaga-in-oktober\\\/\"},\"author\":{\"name\":\"MalagaCar.com\",\"@id\":\"https:\\\/\\\/www.malagacar.com\\\/nl\\\/blog\\\/#\\\/schema\\\/person\\\/fbc37b93c0f5bbdaa54a0a4fc59d8b8c\"},\"headline\":\"Dingen om te doen in M\u00e1laga in Oktober 2025\",\"datePublished\":\"2025-09-29T07:59:53+00:00\",\"dateModified\":\"2025-10-08T05:48:24+00:00\",\"mainEntityOfPage\":{\"@id\":\"https:\\\/\\\/www.malagacar.com\\\/nl\\\/blog\\\/vrije-tijd\\\/dingen-om-te-doen-in-malaga-in-oktober\\\/\"},\"wordCount\":3571,\"commentCount\":0,\"publisher\":{\"@id\":\"https:\\\/\\\/www.malagacar.com\\\/nl\\\/blog\\\/#organization\"},\"image\":{\"@id\":\"https:\\\/\\\/www.malagacar.com\\\/nl\\\/blog\\\/vrije-tijd\\\/dingen-om-te-doen-in-malaga-in-oktober\\\/#primaryimage\"},\"thumbnailUrl\":\"https:\\\/\\\/www.malagacar.com\\\/nl\\\/blog\\\/wp-content\\\/uploads\\\/2022\\\/09\\\/photo_2022-09-28_12-42-19.jpg\",\"keywords\":[\"Activiteiten\",\"malaga\",\"oktober\",\"Wat te doen\"],\"articleSection\":[\"Vrije Tijd\"],\"inLanguage\":\"nl-NL\",\"potentialAction\":[{\"@type\":\"CommentAction\",\"name\":\"Comment\",\"target\":[\"https:\\\/\\\/www.malagacar.com\\\/nl\\\/blog\\\/vrije-tijd\\\/dingen-om-te-doen-in-malaga-in-oktober\\\/#respond\"]}]},{\"@type\":\"WebPage\",\"@id\":\"https:\\\/\\\/www.malagacar.com\\\/nl\\\/blog\\\/vrije-tijd\\\/dingen-om-te-doen-in-malaga-in-oktober\\\/\",\"url\":\"https:\\\/\\\/www.malagacar.com\\\/nl\\\/blog\\\/vrije-tijd\\\/dingen-om-te-doen-in-malaga-in-oktober\\\/\",\"name\":\"Dingen om te doen in M\u00e1laga in Oktober 2025 - MalagaCar.com Blog\",\"isPartOf\":{\"@id\":\"https:\\\/\\\/www.malagacar.com\\\/nl\\\/blog\\\/#website\"},\"primaryImageOfPage\":{\"@id\":\"https:\\\/\\\/www.malagacar.com\\\/nl\\\/blog\\\/vrije-tijd\\\/dingen-om-te-doen-in-malaga-in-oktober\\\/#primaryimage\"},\"image\":{\"@id\":\"https:\\\/\\\/www.malagacar.com\\\/nl\\\/blog\\\/vrije-tijd\\\/dingen-om-te-doen-in-malaga-in-oktober\\\/#primaryimage\"},\"thumbnailUrl\":\"https:\\\/\\\/www.malagacar.com\\\/nl\\\/blog\\\/wp-content\\\/uploads\\\/2022\\\/09\\\/photo_2022-09-28_12-42-19.jpg\",\"datePublished\":\"2025-09-29T07:59:53+00:00\",\"dateModified\":\"2025-10-08T05:48:24+00:00\",\"description\":\"In Malaga in oktober heb je veel om uit te kiezen, want het is de maand met uitstekende temperaturen en veel activiteiten voor alle smaken.\",\"breadcrumb\":{\"@id\":\"https:\\\/\\\/www.malagacar.com\\\/nl\\\/blog\\\/vrije-tijd\\\/dingen-om-te-doen-in-malaga-in-oktober\\\/#breadcrumb\"},\"inLanguage\":\"nl-NL\",\"potentialAction\":[{\"@type\":\"ReadAction\",\"target\":[\"https:\\\/\\\/www.malagacar.com\\\/nl\\\/blog\\\/vrije-tijd\\\/dingen-om-te-doen-in-malaga-in-oktober\\\/\"]}]},{\"@type\":\"ImageObject\",\"inLanguage\":\"nl-NL\",\"@id\":\"https:\\\/\\\/www.malagacar.com\\\/nl\\\/blog\\\/vrije-tijd\\\/dingen-om-te-doen-in-malaga-in-oktober\\\/#primaryimage\",\"url\":\"https:\\\/\\\/www.malagacar.com\\\/nl\\\/blog\\\/wp-content\\\/uploads\\\/2022\\\/09\\\/photo_2022-09-28_12-42-19.jpg\",\"contentUrl\":\"https:\\\/\\\/www.malagacar.com\\\/nl\\\/blog\\\/wp-content\\\/uploads\\\/2022\\\/09\\\/photo_2022-09-28_12-42-19.jpg\",\"width\":1000,\"height\":896,\"caption\":\"Oktober\"},{\"@type\":\"BreadcrumbList\",\"@id\":\"https:\\\/\\\/www.malagacar.com\\\/nl\\\/blog\\\/vrije-tijd\\\/dingen-om-te-doen-in-malaga-in-oktober\\\/#breadcrumb\",\"itemListElement\":[{\"@type\":\"ListItem\",\"position\":1,\"name\":\"Home\",\"item\":\"https:\\\/\\\/www.malagacar.com\\\/nl\\\/blog\\\/\"},{\"@type\":\"ListItem\",\"position\":2,\"name\":\"Dingen om te doen in M\u00e1laga in Oktober 2025\"}]},{\"@type\":\"WebSite\",\"@id\":\"https:\\\/\\\/www.malagacar.com\\\/nl\\\/blog\\\/#website\",\"url\":\"https:\\\/\\\/www.malagacar.com\\\/nl\\\/blog\\\/\",\"name\":\"MalagaCar.com Blog\",\"description\":\"Nieuws en feiten over auto huren op de luchthaven van Malaga.\",\"publisher\":{\"@id\":\"https:\\\/\\\/www.malagacar.com\\\/nl\\\/blog\\\/#organization\"},\"potentialAction\":[{\"@type\":\"SearchAction\",\"target\":{\"@type\":\"EntryPoint\",\"urlTemplate\":\"https:\\\/\\\/www.malagacar.com\\\/nl\\\/blog\\\/?s={search_term_string}\"},\"query-input\":{\"@type\":\"PropertyValueSpecification\",\"valueRequired\":true,\"valueName\":\"search_term_string\"}}],\"inLanguage\":\"nl-NL\"},{\"@type\":\"Organization\",\"@id\":\"https:\\\/\\\/www.malagacar.com\\\/nl\\\/blog\\\/#organization\",\"name\":\"MalagaCar.com\",\"url\":\"https:\\\/\\\/www.malagacar.com\\\/nl\\\/blog\\\/\",\"logo\":{\"@type\":\"ImageObject\",\"inLanguage\":\"nl-NL\",\"@id\":\"https:\\\/\\\/www.malagacar.com\\\/nl\\\/blog\\\/#\\\/schema\\\/logo\\\/image\\\/\",\"url\":\"https:\\\/\\\/www.malagacar.com\\\/nl\\\/blog\\\/wp-content\\\/uploads\\\/2021\\\/06\\\/logo-malagacar-social.png\",\"contentUrl\":\"https:\\\/\\\/www.malagacar.com\\\/nl\\\/blog\\\/wp-content\\\/uploads\\\/2021\\\/06\\\/logo-malagacar-social.png\",\"width\":900,\"height\":900,\"caption\":\"MalagaCar.com\"},\"image\":{\"@id\":\"https:\\\/\\\/www.malagacar.com\\\/nl\\\/blog\\\/#\\\/schema\\\/logo\\\/image\\\/\"},\"sameAs\":[\"https:\\\/\\\/www.facebook.com\\\/malagacar\",\"https:\\\/\\\/x.com\\\/malagacarcom\",\"https:\\\/\\\/www.instagram.com\\\/malagacar\\\/\",\"https:\\\/\\\/www.linkedin.com\\\/company\\\/malagacar.com\",\"https:\\\/\\\/www.youtube.com\\\/c\\\/MalagacarAirport\"]},{\"@type\":\"Person\",\"@id\":\"https:\\\/\\\/www.malagacar.com\\\/nl\\\/blog\\\/#\\\/schema\\\/person\\\/fbc37b93c0f5bbdaa54a0a4fc59d8b8c\",\"name\":\"MalagaCar.com\",\"image\":{\"@type\":\"ImageObject\",\"inLanguage\":\"nl-NL\",\"@id\":\"https:\\\/\\\/secure.gravatar.com\\\/avatar\\\/296ebc31026e7be05868369e4c596b3239b1582b2fcf8a45de57333e2e82bb82?s=96&d=mm&r=g\",\"url\":\"https:\\\/\\\/secure.gravatar.com\\\/avatar\\\/296ebc31026e7be05868369e4c596b3239b1582b2fcf8a45de57333e2e82bb82?s=96&d=mm&r=g\",\"contentUrl\":\"https:\\\/\\\/secure.gravatar.com\\\/avatar\\\/296ebc31026e7be05868369e4c596b3239b1582b2fcf8a45de57333e2e82bb82?s=96&d=mm&r=g\",\"caption\":\"MalagaCar.com\"},\"sameAs\":[\"https:\\\/\\\/www.malagacar.com\\\/nl\\\/\"]}]}<\/script>\n<!-- \/ Yoast SEO plugin. -->","yoast_head_json":{"title":"Dingen om te doen in M\u00e1laga in Oktober 2025 - MalagaCar.com Blog","description":"In Malaga in oktober heb je veel om uit te kiezen, want het is de maand met uitstekende temperaturen en veel activiteiten voor alle smaken.","robots":{"index":"index","follow":"follow","max-snippet":"max-snippet:-1","max-image-preview":"max-image-preview:large","max-video-preview":"max-video-preview:-1"},"canonical":"https:\/\/www.malagacar.com\/nl\/blog\/vrije-tijd\/dingen-om-te-doen-in-malaga-in-oktober\/","og_locale":"nl_NL","og_type":"article","og_title":"Dingen om te doen in M\u00e1laga in Oktober 2025 - MalagaCar.com Blog","og_description":"In Malaga in oktober heb je veel om uit te kiezen, want het is de maand met uitstekende temperaturen en veel activiteiten voor alle smaken.","og_url":"https:\/\/www.malagacar.com\/nl\/blog\/vrije-tijd\/dingen-om-te-doen-in-malaga-in-oktober\/","og_site_name":"MalagaCar.com Blog","article_publisher":"https:\/\/www.facebook.com\/malagacar","article_published_time":"2025-09-29T07:59:53+00:00","article_modified_time":"2025-10-08T05:48:24+00:00","og_image":[{"width":1000,"height":896,"url":"https:\/\/www.malagacar.com\/nl\/blog\/wp-content\/uploads\/2022\/09\/photo_2022-09-28_12-42-19.jpg","type":"image\/jpeg"}],"author":"MalagaCar.com","twitter_misc":{"Geschreven door":"MalagaCar.com","Geschatte leestijd":"26 minuten"},"schema":{"@context":"https:\/\/schema.org","@graph":[{"@type":"Article","@id":"https:\/\/www.malagacar.com\/nl\/blog\/vrije-tijd\/dingen-om-te-doen-in-malaga-in-oktober\/#article","isPartOf":{"@id":"https:\/\/www.malagacar.com\/nl\/blog\/vrije-tijd\/dingen-om-te-doen-in-malaga-in-oktober\/"},"author":{"name":"MalagaCar.com","@id":"https:\/\/www.malagacar.com\/nl\/blog\/#\/schema\/person\/fbc37b93c0f5bbdaa54a0a4fc59d8b8c"},"headline":"Dingen om te doen in M\u00e1laga in Oktober 2025","datePublished":"2025-09-29T07:59:53+00:00","dateModified":"2025-10-08T05:48:24+00:00","mainEntityOfPage":{"@id":"https:\/\/www.malagacar.com\/nl\/blog\/vrije-tijd\/dingen-om-te-doen-in-malaga-in-oktober\/"},"wordCount":3571,"commentCount":0,"publisher":{"@id":"https:\/\/www.malagacar.com\/nl\/blog\/#organization"},"image":{"@id":"https:\/\/www.malagacar.com\/nl\/blog\/vrije-tijd\/dingen-om-te-doen-in-malaga-in-oktober\/#primaryimage"},"thumbnailUrl":"https:\/\/www.malagacar.com\/nl\/blog\/wp-content\/uploads\/2022\/09\/photo_2022-09-28_12-42-19.jpg","keywords":["Activiteiten","malaga","oktober","Wat te doen"],"articleSection":["Vrije Tijd"],"inLanguage":"nl-NL","potentialAction":[{"@type":"CommentAction","name":"Comment","target":["https:\/\/www.malagacar.com\/nl\/blog\/vrije-tijd\/dingen-om-te-doen-in-malaga-in-oktober\/#respond"]}]},{"@type":"WebPage","@id":"https:\/\/www.malagacar.com\/nl\/blog\/vrije-tijd\/dingen-om-te-doen-in-malaga-in-oktober\/","url":"https:\/\/www.malagacar.com\/nl\/blog\/vrije-tijd\/dingen-om-te-doen-in-malaga-in-oktober\/","name":"Dingen om te doen in M\u00e1laga in Oktober 2025 - MalagaCar.com Blog","isPartOf":{"@id":"https:\/\/www.malagacar.com\/nl\/blog\/#website"},"primaryImageOfPage":{"@id":"https:\/\/www.malagacar.com\/nl\/blog\/vrije-tijd\/dingen-om-te-doen-in-malaga-in-oktober\/#primaryimage"},"image":{"@id":"https:\/\/www.malagacar.com\/nl\/blog\/vrije-tijd\/dingen-om-te-doen-in-malaga-in-oktober\/#primaryimage"},"thumbnailUrl":"https:\/\/www.malagacar.com\/nl\/blog\/wp-content\/uploads\/2022\/09\/photo_2022-09-28_12-42-19.jpg","datePublished":"2025-09-29T07:59:53+00:00","dateModified":"2025-10-08T05:48:24+00:00","description":"In Malaga in oktober heb je veel om uit te kiezen, want het is de maand met uitstekende temperaturen en veel activiteiten voor alle smaken.","breadcrumb":{"@id":"https:\/\/www.malagacar.com\/nl\/blog\/vrije-tijd\/dingen-om-te-doen-in-malaga-in-oktober\/#breadcrumb"},"inLanguage":"nl-NL","potentialAction":[{"@type":"ReadAction","target":["https:\/\/www.malagacar.com\/nl\/blog\/vrije-tijd\/dingen-om-te-doen-in-malaga-in-oktober\/"]}]},{"@type":"ImageObject","inLanguage":"nl-NL","@id":"https:\/\/www.malagacar.com\/nl\/blog\/vrije-tijd\/dingen-om-te-doen-in-malaga-in-oktober\/#primaryimage","url":"https:\/\/www.malagacar.com\/nl\/blog\/wp-content\/uploads\/2022\/09\/photo_2022-09-28_12-42-19.jpg","contentUrl":"https:\/\/www.malagacar.com\/nl\/blog\/wp-content\/uploads\/2022\/09\/photo_2022-09-28_12-42-19.jpg","width":1000,"height":896,"caption":"Oktober"},{"@type":"BreadcrumbList","@id":"https:\/\/www.malagacar.com\/nl\/blog\/vrije-tijd\/dingen-om-te-doen-in-malaga-in-oktober\/#breadcrumb","itemListElement":[{"@type":"ListItem","position":1,"name":"Home","item":"https:\/\/www.malagacar.com\/nl\/blog\/"},{"@type":"ListItem","position":2,"name":"Dingen om te doen in M\u00e1laga in Oktober 2025"}]},{"@type":"WebSite","@id":"https:\/\/www.malagacar.com\/nl\/blog\/#website","url":"https:\/\/www.malagacar.com\/nl\/blog\/","name":"MalagaCar.com Blog","description":"Nieuws en feiten over auto huren op de luchthaven van Malaga.","publisher":{"@id":"https:\/\/www.malagacar.com\/nl\/blog\/#organization"},"potentialAction":[{"@type":"SearchAction","target":{"@type":"EntryPoint","urlTemplate":"https:\/\/www.malagacar.com\/nl\/blog\/?s={search_term_string}"},"query-input":{"@type":"PropertyValueSpecification","valueRequired":true,"valueName":"search_term_string"}}],"inLanguage":"nl-NL"},{"@type":"Organization","@id":"https:\/\/www.malagacar.com\/nl\/blog\/#organization","name":"MalagaCar.com","url":"https:\/\/www.malagacar.com\/nl\/blog\/","logo":{"@type":"ImageObject","inLanguage":"nl-NL","@id":"https:\/\/www.malagacar.com\/nl\/blog\/#\/schema\/logo\/image\/","url":"https:\/\/www.malagacar.com\/nl\/blog\/wp-content\/uploads\/2021\/06\/logo-malagacar-social.png","contentUrl":"https:\/\/www.malagacar.com\/nl\/blog\/wp-content\/uploads\/2021\/06\/logo-malagacar-social.png","width":900,"height":900,"caption":"MalagaCar.com"},"image":{"@id":"https:\/\/www.malagacar.com\/nl\/blog\/#\/schema\/logo\/image\/"},"sameAs":["https:\/\/www.facebook.com\/malagacar","https:\/\/x.com\/malagacarcom","https:\/\/www.instagram.com\/malagacar\/","https:\/\/www.linkedin.com\/company\/malagacar.com","https:\/\/www.youtube.com\/c\/MalagacarAirport"]},{"@type":"Person","@id":"https:\/\/www.malagacar.com\/nl\/blog\/#\/schema\/person\/fbc37b93c0f5bbdaa54a0a4fc59d8b8c","name":"MalagaCar.com","image":{"@type":"ImageObject","inLanguage":"nl-NL","@id":"https:\/\/secure.gravatar.com\/avatar\/296ebc31026e7be05868369e4c596b3239b1582b2fcf8a45de57333e2e82bb82?s=96&d=mm&r=g","url":"https:\/\/secure.gravatar.com\/avatar\/296ebc31026e7be05868369e4c596b3239b1582b2fcf8a45de57333e2e82bb82?s=96&d=mm&r=g","contentUrl":"https:\/\/secure.gravatar.com\/avatar\/296ebc31026e7be05868369e4c596b3239b1582b2fcf8a45de57333e2e82bb82?s=96&d=mm&r=g","caption":"MalagaCar.com"},"sameAs":["https:\/\/www.malagacar.com\/nl\/"]}]}},"_links":{"self":[{"href":"https:\/\/www.malagacar.com\/nl\/blog\/wp-json\/wp\/v2\/posts\/4064","targetHints":{"allow":["GET"]}}],"collection":[{"href":"https:\/\/www.malagacar.com\/nl\/blog\/wp-json\/wp\/v2\/posts"}],"about":[{"href":"https:\/\/www.malagacar.com\/nl\/blog\/wp-json\/wp\/v2\/types\/post"}],"author":[{"embeddable":true,"href":"https:\/\/www.malagacar.com\/nl\/blog\/wp-json\/wp\/v2\/users\/1"}],"replies":[{"embeddable":true,"href":"https:\/\/www.malagacar.com\/nl\/blog\/wp-json\/wp\/v2\/comments?post=4064"}],"version-history":[{"count":41,"href":"https:\/\/www.malagacar.com\/nl\/blog\/wp-json\/wp\/v2\/posts\/4064\/revisions"}],"predecessor-version":[{"id":6815,"href":"https:\/\/www.malagacar.com\/nl\/blog\/wp-json\/wp\/v2\/posts\/4064\/revisions\/6815"}],"wp:featuredmedia":[{"embeddable":true,"href":"https:\/\/www.malagacar.com\/nl\/blog\/wp-json\/wp\/v2\/media\/4459"}],"wp:attachment":[{"href":"https:\/\/www.malagacar.com\/nl\/blog\/wp-json\/wp\/v2\/media?parent=4064"}],"wp:term":[{"taxonomy":"category","embeddable":true,"href":"https:\/\/www.malagacar.com\/nl\/blog\/wp-json\/wp\/v2\/categories?post=4064"},{"taxonomy":"post_tag","embeddable":true,"href":"https:\/\/www.malagacar.com\/nl\/blog\/wp-json\/wp\/v2\/tags?post=4064"}],"curies":[{"name":"wp","href":"https:\/\/api.w.org\/{rel}","templated":true}]}}