{"id":4102,"date":"2025-11-01T10:42:33","date_gmt":"2025-11-01T09:42:33","guid":{"rendered":"https:\/\/www.malagacar.com\/nl\/blog\/?p=4102"},"modified":"2025-11-24T11:25:08","modified_gmt":"2025-11-24T10:25:08","slug":"wat-te-doen-in-malaga-in-november","status":"publish","type":"post","link":"https:\/\/www.malagacar.com\/nl\/blog\/vrije-tijd\/wat-te-doen-in-malaga-in-november\/","title":{"rendered":"Dingen om te doen in M\u00e1laga in november 2025"},"content":{"rendered":"<p>M\u00e1laga in November is niet grijs, koud of somber, maar heeft veel te bieden!<\/p>\n<p>Deze november kunnen we in M\u00e1laga genieten van diverse festivals, evenals de langverwachte kerstverlichting in M\u00e1laga. Alle informatie vind je in onze evenementenkalender hieronder.<\/p>\n<p><!--more-->\n            <div class=\"banner\">\n                <div class=\"row\">\n                    <div class=\"col-sm-4\">\n                        <a href=\"\/nl\/autoverhuur\/quote.php\" data-wpel-link=\"internal\"><img decoding=\"async\" src=\"\/images\/banner-img.jpg\" alt=\"malagacar.com\"><\/a>\n                    <\/div>\n                    <div class=\"col-sm-8\">\n                      <a href=\"\/nl\/autoverhuur\/quote.php\" class=\"banner-title\" data-wpel-link=\"internal\">Goede autoverhuur <span>op Malaga Airport<\/span><\/a>   \n                        <div class=\"row\">\n                            <div class=\"col-sm-7\">\n                                <ul>\n                                    <li>Geen tankkosten<\/li>\n                                    <li>Gratis annuleringn<\/li>\n                                    <li>Huren zonder tussenpersonen<\/li>\n                                    <li>Betaal wanneer u de auto ophaalt<\/li>\n                                    <li><\/li>\n                                <\/ul>\n                            <\/div>\n                            <div class=\"col-sm-5\">\n                                <a class=\"btn-banner\" href=\"\/nl\/autoverhuur\/quote.php\" data-wpel-link=\"internal\">Bekijk prijzen<\/a>\n                                <img decoding=\"async\" class=\"zonturent\" src=\"\/images\/zontu-banner.png\" alt=\"\">\n                            <\/div>\n                        <\/div>\n                    <\/div>\n                 <\/div>  \n            <\/div>\n            <\/p>\n<div id=\"ez-toc-container\" class=\"ez-toc-v2_0_87 counter-hierarchy ez-toc-counter ez-toc-light-blue ez-toc-container-direction\">\n<p class=\"ez-toc-title\" style=\"cursor:inherit\">Inhoudsopgave<\/p>\n<label for=\"ez-toc-cssicon-toggle-item-6a9a4d40352e8\" class=\"ez-toc-cssicon-toggle-label\"><span class=\"\"><span class=\"eztoc-hide\" style=\"display:none;\">Toggle<\/span><span class=\"ez-toc-icon-toggle-span\"><svg style=\"fill: #999;color:#999\" xmlns=\"http:\/\/www.w3.org\/2000\/svg\" class=\"list-377408\" width=\"20px\" height=\"20px\" viewBox=\"0 0 24 24\" fill=\"none\"><path d=\"M6 6H4v2h2V6zm14 0H8v2h12V6zM4 11h2v2H4v-2zm16 0H8v2h12v-2zM4 16h2v2H4v-2zm16 0H8v2h12v-2z\" fill=\"currentColor\"><\/path><\/svg><svg style=\"fill: #999;color:#999\" class=\"arrow-unsorted-368013\" xmlns=\"http:\/\/www.w3.org\/2000\/svg\" width=\"10px\" height=\"10px\" viewBox=\"0 0 24 24\" version=\"1.2\" baseProfile=\"tiny\"><path d=\"M18.2 9.3l-6.2-6.3-6.2 6.3c-.2.2-.3.4-.3.7s.1.5.3.7c.2.2.4.3.7.3h11c.3 0 .5-.1.7-.3.2-.2.3-.5.3-.7s-.1-.5-.3-.7zM5.8 14.7l6.2 6.3 6.2-6.3c.2-.2.3-.5.3-.7s-.1-.5-.3-.7c-.2-.2-.4-.3-.7-.3h-11c-.3 0-.5.1-.7.3-.2.2-.3.5-.3.7s.1.5.3.7z\"\/><\/svg><\/span><\/span><\/label><input type=\"checkbox\"  id=\"ez-toc-cssicon-toggle-item-6a9a4d40352e8\"  aria-label=\"Toggle\" \/><nav><ul class='ez-toc-list ez-toc-list-level-1 ' ><li class='ez-toc-page-1 ez-toc-heading-level-2'><a class=\"ez-toc-link ez-toc-heading-1\" href=\"https:\/\/www.malagacar.com\/nl\/blog\/vrije-tijd\/wat-te-doen-in-malaga-in-november\/#Evenementen_en_activiteiten_in_Malaga_in_November\" data-wpel-link=\"internal\">Evenementen en activiteiten in M\u00e1laga in November<\/a><ul class='ez-toc-list-level-3' ><li class='ez-toc-heading-level-3'><a class=\"ez-toc-link ez-toc-heading-2\" href=\"https:\/\/www.malagacar.com\/nl\/blog\/vrije-tijd\/wat-te-doen-in-malaga-in-november\/#Internationaal_Kerstfestival_%E2%80%93_Benalmadena\" data-wpel-link=\"internal\">Internationaal Kerstfestival &#8211; Benalm\u00e1dena<\/a><\/li><li class='ez-toc-page-1 ez-toc-heading-level-3'><a class=\"ez-toc-link ez-toc-heading-3\" href=\"https:\/\/www.malagacar.com\/nl\/blog\/vrije-tijd\/wat-te-doen-in-malaga-in-november\/#Creools_Festival_%E2%80%93_Torremolinos\" data-wpel-link=\"internal\">Creools Festival &#8211; Torremolinos<\/a><\/li><li class='ez-toc-page-1 ez-toc-heading-level-3'><a class=\"ez-toc-link ez-toc-heading-4\" href=\"https:\/\/www.malagacar.com\/nl\/blog\/vrije-tijd\/wat-te-doen-in-malaga-in-november\/#Gratis_rondleidingen_%E2%80%93_Malaga_Museum\" data-wpel-link=\"internal\">Gratis rondleidingen &#8211; M\u00e1laga Museum<\/a><\/li><li class='ez-toc-page-1 ez-toc-heading-level-3'><a class=\"ez-toc-link ez-toc-heading-5\" href=\"https:\/\/www.malagacar.com\/nl\/blog\/vrije-tijd\/wat-te-doen-in-malaga-in-november\/#Wijnproeverijen_in_het_Wijnmuseum_%E2%80%93_Malaga\" data-wpel-link=\"internal\">Wijnproeverijen in het Wijnmuseum &#8211; M\u00e1laga<\/a><\/li><li class='ez-toc-page-1 ez-toc-heading-level-3'><a class=\"ez-toc-link ez-toc-heading-6\" href=\"https:\/\/www.malagacar.com\/nl\/blog\/vrije-tijd\/wat-te-doen-in-malaga-in-november\/#Nachtelijk_bezoek_aan_de_Engelse_begraafplaats_%E2%80%93_Malaga\" data-wpel-link=\"internal\">Nachtelijk bezoek aan de Engelse begraafplaats &#8211; M\u00e1laga<\/a><\/li><li class='ez-toc-page-1 ez-toc-heading-level-3'><a class=\"ez-toc-link ez-toc-heading-7\" href=\"https:\/\/www.malagacar.com\/nl\/blog\/vrije-tijd\/wat-te-doen-in-malaga-in-november\/#Fitness_Walk_%E2%80%93_Malaga\" data-wpel-link=\"internal\">Fitness Walk &#8211; M\u00e1laga<\/a><\/li><li class='ez-toc-page-1 ez-toc-heading-level-3'><a class=\"ez-toc-link ez-toc-heading-8\" href=\"https:\/\/www.malagacar.com\/nl\/blog\/vrije-tijd\/wat-te-doen-in-malaga-in-november\/#Internationaal_Jazzfestival_%E2%80%93_Malaga\" data-wpel-link=\"internal\">Internationaal Jazzfestival\u00a0&#8211; M\u00e1laga<\/a><\/li><li class='ez-toc-page-1 ez-toc-heading-level-3'><a class=\"ez-toc-link ez-toc-heading-9\" href=\"https:\/\/www.malagacar.com\/nl\/blog\/vrije-tijd\/wat-te-doen-in-malaga-in-november\/#Blues_at_Moonlight_%E2%80%93_Benalmadena\" data-wpel-link=\"internal\">Blues at Moonlight &#8211; Benalm\u00e1dena<\/a><\/li><li class='ez-toc-page-1 ez-toc-heading-level-3'><a class=\"ez-toc-link ez-toc-heading-10\" href=\"https:\/\/www.malagacar.com\/nl\/blog\/vrije-tijd\/wat-te-doen-in-malaga-in-november\/#Theatrale_rondleiding_door_de_schatgrot_%E2%80%93_Rincon_de_la_Victoria\" data-wpel-link=\"internal\">Theatrale rondleiding door de schatgrot &#8211; Rinc\u00f3n de la Victoria<\/a><\/li><li class='ez-toc-page-1 ez-toc-heading-level-3'><a class=\"ez-toc-link ez-toc-heading-11\" href=\"https:\/\/www.malagacar.com\/nl\/blog\/vrije-tijd\/wat-te-doen-in-malaga-in-november\/#Candelight_Concerten_%E2%80%93_Malaga\" data-wpel-link=\"internal\">Candelight Concerten &#8211; M\u00e1laga<\/a><\/li><li class='ez-toc-page-1 ez-toc-heading-level-3'><a class=\"ez-toc-link ez-toc-heading-12\" href=\"https:\/\/www.malagacar.com\/nl\/blog\/vrije-tijd\/wat-te-doen-in-malaga-in-november\/#Candelight_Concerten_%E2%80%93_Marbella\" data-wpel-link=\"internal\">Candelight Concerten &#8211; Marbella<\/a><\/li><li class='ez-toc-page-1 ez-toc-heading-level-3'><a class=\"ez-toc-link ez-toc-heading-13\" href=\"https:\/\/www.malagacar.com\/nl\/blog\/vrije-tijd\/wat-te-doen-in-malaga-in-november\/#AllesDans_%E2%80%93_Marbella\" data-wpel-link=\"internal\">AllesDans \u2013 Marbella<\/a><\/li><li class='ez-toc-page-1 ez-toc-heading-level-3'><a class=\"ez-toc-link ez-toc-heading-14\" href=\"https:\/\/www.malagacar.com\/nl\/blog\/vrije-tijd\/wat-te-doen-in-malaga-in-november\/#Moments_Festival_%E2%80%93_Malaga\" data-wpel-link=\"internal\">Moments Festival \u2013 M\u00e1laga<\/a><\/li><li class='ez-toc-page-1 ez-toc-heading-level-3'><a class=\"ez-toc-link ez-toc-heading-15\" href=\"https:\/\/www.malagacar.com\/nl\/blog\/vrije-tijd\/wat-te-doen-in-malaga-in-november\/#Dans_Malaga_%E2%80%93_Malaga\" data-wpel-link=\"internal\">Dans M\u00e1laga &#8211; M\u00e1laga<\/a><\/li><li class='ez-toc-page-1 ez-toc-heading-level-3'><a class=\"ez-toc-link ez-toc-heading-16\" href=\"https:\/\/www.malagacar.com\/nl\/blog\/vrije-tijd\/wat-te-doen-in-malaga-in-november\/#Volle_maan_in_Hydros_Spa_%E2%80%93_Benalmadena\" data-wpel-link=\"internal\">Volle maan in Hydros Spa &#8211; Benalm\u00e1dena<\/a><\/li><li class='ez-toc-page-1 ez-toc-heading-level-3'><a class=\"ez-toc-link ez-toc-heading-17\" href=\"https:\/\/www.malagacar.com\/nl\/blog\/vrije-tijd\/wat-te-doen-in-malaga-in-november\/#Halve_marathon_%E2%80%93_Fuengirola\" data-wpel-link=\"internal\">Halve marathon\u00a0&#8211; Fuengirola<\/a><\/li><li class='ez-toc-page-1 ez-toc-heading-level-3'><a class=\"ez-toc-link ez-toc-heading-18\" href=\"https:\/\/www.malagacar.com\/nl\/blog\/vrije-tijd\/wat-te-doen-in-malaga-in-november\/#FanCine_%E2%80%93_Malaga\" data-wpel-link=\"internal\">FanCine &#8211; M\u00e1laga<\/a><\/li><li class='ez-toc-page-1 ez-toc-heading-level-3'><a class=\"ez-toc-link ez-toc-heading-19\" href=\"https:\/\/www.malagacar.com\/nl\/blog\/vrije-tijd\/wat-te-doen-in-malaga-in-november\/#Black_Friday_%E2%80%93_Malaga\" data-wpel-link=\"internal\">Black Friday &#8211; M\u00e1laga<\/a><\/li><li class='ez-toc-page-1 ez-toc-heading-level-3'><a class=\"ez-toc-link ez-toc-heading-20\" href=\"https:\/\/www.malagacar.com\/nl\/blog\/vrije-tijd\/wat-te-doen-in-malaga-in-november\/#Aanzetten_van_de_Kerstverlichting_%E2%80%93_Malaga\" data-wpel-link=\"internal\">Aanzetten van de Kerstverlichting &#8211; M\u00e1laga<\/a><\/li><li class='ez-toc-page-1 ez-toc-heading-level-3'><a class=\"ez-toc-link ez-toc-heading-21\" href=\"https:\/\/www.malagacar.com\/nl\/blog\/vrije-tijd\/wat-te-doen-in-malaga-in-november\/#Kersttuin_%E2%80%93_Botanische_Tuin_La_Concepcion\" data-wpel-link=\"internal\">Kersttuin &#8211; Botanische Tuin La Concepci\u00f3n<\/a><\/li><li class='ez-toc-page-1 ez-toc-heading-level-3'><a class=\"ez-toc-link ez-toc-heading-22\" href=\"https:\/\/www.malagacar.com\/nl\/blog\/vrije-tijd\/wat-te-doen-in-malaga-in-november\/#Aanzetten_van_de_Kerstverlichting_%E2%80%93_Fuengirola\" data-wpel-link=\"internal\">Aanzetten van de Kerstverlichting &#8211; Fuengirola<\/a><\/li><\/ul><\/li><li class='ez-toc-page-1 ez-toc-heading-level-2'><a class=\"ez-toc-link ez-toc-heading-23\" href=\"https:\/\/www.malagacar.com\/nl\/blog\/vrije-tijd\/wat-te-doen-in-malaga-in-november\/#Straatmarkten_in_Malaga_in_November\" data-wpel-link=\"internal\">Straatmarkten in M\u00e1laga in November<\/a><ul class='ez-toc-list-level-3' ><li class='ez-toc-heading-level-3'><a class=\"ez-toc-link ez-toc-heading-24\" href=\"https:\/\/www.malagacar.com\/nl\/blog\/vrije-tijd\/wat-te-doen-in-malaga-in-november\/#SOHO_stedelijke_markt\" data-wpel-link=\"internal\">SOHO stedelijke markt<\/a><\/li><li class='ez-toc-page-1 ez-toc-heading-level-3'><a class=\"ez-toc-link ez-toc-heading-25\" href=\"https:\/\/www.malagacar.com\/nl\/blog\/vrije-tijd\/wat-te-doen-in-malaga-in-november\/#Kaasmarkt_%E2%80%93_Coin\" data-wpel-link=\"internal\">Kaasmarkt &#8211; Co\u00edn<\/a><\/li><li class='ez-toc-page-1 ez-toc-heading-level-3'><a class=\"ez-toc-link ez-toc-heading-26\" href=\"https:\/\/www.malagacar.com\/nl\/blog\/vrije-tijd\/wat-te-doen-in-malaga-in-november\/#Ambachtsmarkt_La_Merced_%E2%80%93_Malaga\" data-wpel-link=\"internal\">Ambachtsmarkt La Merced &#8211; M\u00e1laga<\/a><\/li><li class='ez-toc-page-1 ez-toc-heading-level-3'><a class=\"ez-toc-link ez-toc-heading-27\" href=\"https:\/\/www.malagacar.com\/nl\/blog\/vrije-tijd\/wat-te-doen-in-malaga-in-november\/#De_Engelse_Megraafplaats_Markt_%E2%80%93_Malaga\" data-wpel-link=\"internal\">De Engelse Megraafplaats Markt \u2013 M\u00e1laga<\/a><\/li><li class='ez-toc-page-1 ez-toc-heading-level-3'><a class=\"ez-toc-link ez-toc-heading-28\" href=\"https:\/\/www.malagacar.com\/nl\/blog\/vrije-tijd\/wat-te-doen-in-malaga-in-november\/#Vlooienmarkten_en_straatmarkten_in_de_provincie\" data-wpel-link=\"internal\">Vlooienmarkten en straatmarkten in de provincie<\/a><\/li><\/ul><\/li><li class='ez-toc-page-1 ez-toc-heading-level-2'><a class=\"ez-toc-link ez-toc-heading-29\" href=\"https:\/\/www.malagacar.com\/nl\/blog\/vrije-tijd\/wat-te-doen-in-malaga-in-november\/#Bezoek_de_Musea_van_Malaga\" data-wpel-link=\"internal\">Bezoek de Musea van M\u00e1laga<\/a><ul class='ez-toc-list-level-3' ><li class='ez-toc-heading-level-3'><a class=\"ez-toc-link ez-toc-heading-30\" href=\"https:\/\/www.malagacar.com\/nl\/blog\/vrije-tijd\/wat-te-doen-in-malaga-in-november\/#Rondleidingen_in_de_historische_botanische_tuin_La_Concepcion\" data-wpel-link=\"internal\">Rondleidingen in de historische botanische tuin La Concepci\u00f3n<\/a><\/li><li class='ez-toc-page-1 ez-toc-heading-level-3'><a class=\"ez-toc-link ez-toc-heading-31\" href=\"https:\/\/www.malagacar.com\/nl\/blog\/vrije-tijd\/wat-te-doen-in-malaga-in-november\/#Bezoek_aan_de_Victoria_brouwerij_%E2%80%93_Malaga\" data-wpel-link=\"internal\">Bezoek aan de Victoria brouwerij &#8211; M\u00e1laga<\/a><\/li><li class='ez-toc-page-1 ez-toc-heading-level-3'><a class=\"ez-toc-link ez-toc-heading-32\" href=\"https:\/\/www.malagacar.com\/nl\/blog\/vrije-tijd\/wat-te-doen-in-malaga-in-november\/#Gedramatiseerde_nachtelijke_rondleidingen_Automobielmuseum_%E2%80%93_Malaga\" data-wpel-link=\"internal\">Gedramatiseerde nachtelijke rondleidingen Automobielmuseum &#8211; M\u00e1laga<\/a><\/li><\/ul><\/li><li class='ez-toc-page-1 ez-toc-heading-level-2'><a class=\"ez-toc-link ez-toc-heading-33\" href=\"https:\/\/www.malagacar.com\/nl\/blog\/vrije-tijd\/wat-te-doen-in-malaga-in-november\/#Culinaire_festivals_in_Malaga_in_November\" data-wpel-link=\"internal\">Culinaire festivals in M\u00e1laga in November<\/a><ul class='ez-toc-list-level-3' ><li class='ez-toc-heading-level-3'><a class=\"ez-toc-link ez-toc-heading-34\" href=\"https:\/\/www.malagacar.com\/nl\/blog\/vrije-tijd\/wat-te-doen-in-malaga-in-november\/#Kastanje_Festival_%E2%80%93_Alcaucin\" data-wpel-link=\"internal\">Kastanje Festival &#8211; Alcauc\u00edn<\/a><\/li><li class='ez-toc-page-1 ez-toc-heading-level-3'><a class=\"ez-toc-link ez-toc-heading-35\" href=\"https:\/\/www.malagacar.com\/nl\/blog\/vrije-tijd\/wat-te-doen-in-malaga-in-november\/#Konijnen_Festival_%E2%80%93_Parauta\" data-wpel-link=\"internal\">Konijnen Festival &#8211; Parauta<\/a><\/li><li class='ez-toc-page-1 ez-toc-heading-level-3'><a class=\"ez-toc-link ez-toc-heading-36\" href=\"https:\/\/www.malagacar.com\/nl\/blog\/vrije-tijd\/wat-te-doen-in-malaga-in-november\/#Kastanjes_roosteren_%E2%80%93_Ojen\" data-wpel-link=\"internal\">Kastanjes roosteren &#8211; Oj\u00e9n<\/a><\/li><li class='ez-toc-page-1 ez-toc-heading-level-3'><a class=\"ez-toc-link ez-toc-heading-37\" href=\"https:\/\/www.malagacar.com\/nl\/blog\/vrije-tijd\/wat-te-doen-in-malaga-in-november\/#Kastanje_roosteren_%E2%80%93_Marbella\" data-wpel-link=\"internal\">Kastanje roosteren &#8211; Marbella<\/a><\/li><li class='ez-toc-page-1 ez-toc-heading-level-3'><a class=\"ez-toc-link ez-toc-heading-38\" href=\"https:\/\/www.malagacar.com\/nl\/blog\/vrije-tijd\/wat-te-doen-in-malaga-in-november\/#Mosto_Festival_%E2%80%93_Atajate\" data-wpel-link=\"internal\">Mosto Festival &#8211; Atajate<\/a><\/li><li class='ez-toc-page-1 ez-toc-heading-level-3'><a class=\"ez-toc-link ez-toc-heading-39\" href=\"https:\/\/www.malagacar.com\/nl\/blog\/vrije-tijd\/wat-te-doen-in-malaga-in-november\/#Chanfaina_Dag_%E2%80%93_Totalan\" data-wpel-link=\"internal\">Chanfaina Dag &#8211; Total\u00e1n<\/a><\/li><\/ul><\/li><li class='ez-toc-page-1 ez-toc-heading-level-2'><a class=\"ez-toc-link ez-toc-heading-40\" href=\"https:\/\/www.malagacar.com\/nl\/blog\/vrije-tijd\/wat-te-doen-in-malaga-in-november\/#Het_weer_in_Malaga_in_November\" data-wpel-link=\"internal\">Het weer in M\u00e1laga in November<\/a><ul class='ez-toc-list-level-3' ><li class='ez-toc-heading-level-3'><a class=\"ez-toc-link ez-toc-heading-41\" href=\"https:\/\/www.malagacar.com\/nl\/blog\/vrije-tijd\/wat-te-doen-in-malaga-in-november\/#Wat_voor_kleding_moet_je_meenemen_naar_Malaga_in_November\" data-wpel-link=\"internal\">Wat voor kleding moet je meenemen naar M\u00e1laga in November?<\/a><\/li><\/ul><\/li><\/ul><\/nav><\/div>\n<h2><span class=\"ez-toc-section\" id=\"Evenementen_en_activiteiten_in_Malaga_in_November\"><\/span>Evenementen en activiteiten in M\u00e1laga in November<span class=\"ez-toc-section-end\"><\/span><\/h2>\n<h3><span class=\"ez-toc-section\" id=\"Internationaal_Kerstfestival_%E2%80%93_Benalmadena\"><\/span>Internationaal Kerstfestival &#8211; Benalm\u00e1dena<span class=\"ez-toc-section-end\"><\/span><\/h3>\n<p><img loading=\"lazy\" decoding=\"async\" class=\"alignnone size-full wp-image-18655\" src=\"https:\/\/www.malagacar.com\/sp\/blog\/wp-content\/uploads\/2024\/11\/festivan-internat-Benalmadena.jpg\" alt=\"Festival Internacional de la Navidad - Benalm\u00e1dena\" width=\"459\" height=\"661\" \/><\/p>\n<p>Ontdek hoe Kerstmis in meer dan 15 landen wordt gevierd, zonder Benalm\u00e1dena te verlaten. Van 28 tot en met 30 november op de Plaza de la Mezquita in Arroyo de la Miel, van 12.00 tot 00.00 uur.<\/p>\n<ul>\n<li>Wanneer: 28 t\/m 30 november, van 12.00 tot 00.00 uur<\/li>\n<li><a href=\"https:\/\/maps.app.goo.gl\/sCbdJuTVH4GEt8Zu7\" data-wpel-link=\"external\" target=\"_blank\" rel=\"external noopener noreferrer\" class=\"ext-link wpel-icon-right\"><strong>Hoe er te komen<\/strong><span class=\"wpel-icon wpel-image wpel-icon-2\"><\/span><\/a><\/li>\n<\/ul>\n<h3><span class=\"ez-toc-section\" id=\"Creools_Festival_%E2%80%93_Torremolinos\"><\/span>Creools Festival &#8211; Torremolinos<span class=\"ez-toc-section-end\"><\/span><\/h3>\n<p><img loading=\"lazy\" decoding=\"async\" class=\"alignnone wp-image-18400\" src=\"https:\/\/www.malagacar.com\/sp\/blog\/wp-content\/uploads\/2025\/10\/Fiesta-criolla-Torremolinos.jpg\" alt=\"Fiesta Criolla - Torremolinos\" width=\"563\" height=\"555\" \/><\/p>\n<p>Torremolinos organiseert zijn 4e <em>Fiesta Criolla<\/em> (Criolla Festival) op de Plaza de Toros, waar bezoekers van 12.00 uur tot middernacht van de festiviteiten kunnen genieten.<\/p>\n<p>Het festival, dat gratis toegankelijk is, biedt kraampjes met traditioneel Argentijns eten, Argentijnse barbecue, drankjes, snoep en andere artikelen. Er zijn ook traditionele folklore en optredens met tango, cumbia en Argentijnse rock.<\/p>\n<ul>\n<li>Wanneer: Van 30 oktober tot 2 november<\/li>\n<li>Waar: Torremolinos Arena<\/li>\n<li><a href=\"https:\/\/maps.app.goo.gl\/8VRB9LR2JdED6qLG7\" data-wpel-link=\"external\" target=\"_blank\" rel=\"external noopener noreferrer\" class=\"ext-link wpel-icon-right\"><strong>Hoe er te komen<\/strong><span class=\"wpel-icon wpel-image wpel-icon-2\"><\/span><\/a><\/li>\n<\/ul>\n<h3><span class=\"ez-toc-section\" id=\"Gratis_rondleidingen_%E2%80%93_Malaga_Museum\"><\/span>Gratis rondleidingen &#8211; M\u00e1laga Museum<span class=\"ez-toc-section-end\"><\/span><\/h3>\n<h3><img loading=\"lazy\" decoding=\"async\" class=\"alignnone wp-image-14397\" src=\"https:\/\/www.malagacar.com\/sp\/blog\/wp-content\/uploads\/2021\/07\/Museo-de-Malaga-819x1024.jpg\" alt=\"Museo de M\u00e1laga\" width=\"550\" height=\"688\" \/><\/h3>\n<p>Geniet op zaterdag van een wandeling door de kunst- en archeologiecollecties. Het <a href=\"https:\/\/www.malagacar.com\/nl\/blog\/vrije-tijd\/beste-musea-in-malaga\/#Museum_van_Malaga\" data-wpel-link=\"internal\"><strong>Museum van M\u00e1laga<\/strong><\/a> biedt elke zaterdag om 12.00 uur gratis rondleidingen aan, elk met een ander thema.<\/p>\n<p>Registratie is mogelijk bij de ingang op de dag van de activiteit, vanaf de openingstijd van het museum. Kijk op hun website voor het wekelijkse aanbod.<\/p>\n<ul>\n<li>Wanneer: Zaterdag om 12.00 uur<\/li>\n<li>Waar: M\u00e1laga Museum<\/li>\n<li><a href=\"https:\/\/maps.app.goo.gl\/ZRb4BVzcJ2ToyXaH8\" data-wpel-link=\"external\" target=\"_blank\" rel=\"external noopener noreferrer\" class=\"ext-link wpel-icon-right\"><strong>Hoe er te komen<\/strong><span class=\"wpel-icon wpel-image wpel-icon-2\"><\/span><\/a><\/li>\n<\/ul>\n<h3><span class=\"ez-toc-section\" id=\"Wijnproeverijen_in_het_Wijnmuseum_%E2%80%93_Malaga\"><\/span>Wijnproeverijen in het Wijnmuseum &#8211; M\u00e1laga<span class=\"ez-toc-section-end\"><\/span><\/h3>\n<p><img loading=\"lazy\" decoding=\"async\" class=\"alignnone size-large wp-image-18214\" src=\"https:\/\/www.malagacar.com\/sp\/blog\/wp-content\/uploads\/2025\/09\/cursos-y-catas-en-el-museo-del-vino-malaga-1024x545.jpg\" alt=\"Catas de vino en el Museo del Vino - M\u00e1laga\" width=\"750\" height=\"399\" \/><\/p>\n<p>Duik op zaterdag in de wereld van de wijnen met de oorsprongsbenamingen M\u00e1laga en Sierras de M\u00e1laga.<\/p>\n<p>Het <a href=\"https:\/\/www.malagacar.com\/nl\/blog\/vrije-tijd\/beste-musea-in-malaga\/#Wijnmuseum\" data-wpel-link=\"internal\"><strong>Wijnmuseum van M\u00e1laga<\/strong><\/a> nodigt u uit voor begeleide thematische proeverijen en inleidende proeverijcursussen onder leiding van wijnmakers en oenologen.<\/p>\n<p>Elke zaterdag staat er van 12.30 tot 14.00 uur een ander aanbod voor u klaar.<\/p>\n<h4>Aankomende data<\/h4>\n<p>8.11. I 22.11. I 29.11. I 13.12.<\/p>\n<ul>\n<li>Meer <a href=\"https:\/\/museovinomalaga.com\/categoria-producto\/oferta-formativa\/\" data-wpel-link=\"external\" target=\"_blank\" rel=\"external noopener noreferrer\" class=\"ext-link wpel-icon-right\"><strong>informatie en reserveringen<\/strong><span class=\"wpel-icon wpel-image wpel-icon-2\"><\/span><\/a><\/li>\n<li>Waar: Wijnmuseum, M\u00e1laga<\/li>\n<li><a href=\"https:\/\/maps.app.goo.gl\/54w3aLeq5xhNtS6H9\" data-wpel-link=\"external\" target=\"_blank\" rel=\"external noopener noreferrer\" class=\"ext-link wpel-icon-right\"><strong>Hoe er te komen<\/strong><span class=\"wpel-icon wpel-image wpel-icon-2\"><\/span><\/a><\/li>\n<\/ul>\n<h3><span class=\"ez-toc-section\" id=\"Nachtelijk_bezoek_aan_de_Engelse_begraafplaats_%E2%80%93_Malaga\"><\/span>Nachtelijk bezoek aan de Engelse begraafplaats &#8211; M\u00e1laga<span class=\"ez-toc-section-end\"><\/span><\/h3>\n<p><img loading=\"lazy\" decoding=\"async\" class=\"alignnone wp-image-16313\" src=\"https:\/\/www.malagacar.com\/sp\/blog\/wp-content\/uploads\/2024\/10\/Visita-nocturna-cementerio-ingles-1024x966.jpg\" alt=\"Visita nocturna al Cementerio Ingl\u00e9s - M\u00e1laga\" width=\"734\" height=\"692\" \/><\/p>\n<p>Durf alle geheimen te ontdekken die verborgen zijn in dit gedramatiseerde nachtelijke bezoek aan de historische Engelse begraafplaats. De persoonlijkheden die hier liggen komen tot leven en vertellen je hun interessante verhalen.<\/p>\n<p>Het bezoek duurt anderhalf uur. Beperkte plaatsen tot volledige bezetting is bereikt.<\/p>\n<ul>\n<li><a href=\"https:\/\/historiavivamalaga.es\/visitas-teatralizadas-en-malaga\/cementerio-ingles-en-malaga\/?_gl=1*1qg529*_up*MQ..*_ga*NzIzNDMzNDQ4LjE3NTk3MzgwNTg.*_ga_YKXC5BWRQG*czE3NTk3MzgwNTckbzEkZzAkdDE3NTk3MzgwNTckajYwJGwwJGgw*_ga_MZ8MMM82Y1*czE3NTk3MzgwNTgkbzEkZzAkdDE3NTk3MzgwNTgkajYwJGwwJGgw\" data-wpel-link=\"external\" target=\"_blank\" rel=\"external noopener noreferrer\" class=\"ext-link wpel-icon-right\"><strong>Meer informatie &amp; tickets<\/strong><span class=\"wpel-icon wpel-image wpel-icon-2\"><\/span><\/a><\/li>\n<li>Waar: Cementerio Ingl\u00e9s, M\u00e1laga<\/li>\n<li><a href=\"https:\/\/maps.app.goo.gl\/vKia4xamSXpDjeyf6\" data-wpel-link=\"external\" target=\"_blank\" rel=\"external noopener noreferrer\" class=\"ext-link wpel-icon-right\"><strong>Hoe er te komen<\/strong><span class=\"wpel-icon wpel-image wpel-icon-2\"><\/span><\/a><\/li>\n<\/ul>\n<h3><span class=\"ez-toc-section\" id=\"Fitness_Walk_%E2%80%93_Malaga\"><\/span>Fitness Walk &#8211; M\u00e1laga<span class=\"ez-toc-section-end\"><\/span><\/h3>\n<p><img loading=\"lazy\" decoding=\"async\" class=\"alignnone wp-image-14254\" src=\"https:\/\/www.malagacar.com\/sp\/blog\/wp-content\/uploads\/2022\/08\/fitness-walk-.jpg\" alt=\"Fitness Walk M\u00e1laga\" width=\"994\" height=\"549\" \/><\/p>\n<p>Er vindt een nieuwe editie van de Fitness Walk plaats langs de boulevard van M\u00e1laga. Deze wandeling combineert sport en plezier, is geschikt voor iedereen en wordt geleid door professionele trainers.<\/p>\n<p>Een geweldige manier om in vorm te blijven en van de stad te genieten, met trainingsstations, muziek en dans.<\/p>\n<ul>\n<li><a href=\"https:\/\/fitnesswalk.eu\/es\/prodotto\/2-noviembre-malaga-paseo-maritimo-del-muelle-uno\/\" data-wpel-link=\"external\" target=\"_blank\" rel=\"external noopener noreferrer\" class=\"ext-link wpel-icon-right\"><strong>Programma en inschrijving<\/strong><span class=\"wpel-icon wpel-image wpel-icon-2\"><\/span><\/a><\/li>\n<li>Wanneer: 2 november om 9:30 uur<\/li>\n<li>Waar: Boulevard van M\u00e1laga<\/li>\n<\/ul>\n<h3><span class=\"ez-toc-section\" id=\"Internationaal_Jazzfestival_%E2%80%93_Malaga\"><\/span>Internationaal Jazzfestival\u00a0&#8211; M\u00e1laga<span class=\"ez-toc-section-end\"><\/span><\/h3>\n<p><img loading=\"lazy\" decoding=\"async\" class=\"alignnone size-full wp-image-18298\" src=\"https:\/\/www.malagacar.com\/sp\/blog\/wp-content\/uploads\/2024\/11\/festival-jazz.jpg\" alt=\"Festival Internacional de Jazz - M\u00e1laga\" width=\"812\" height=\"815\" \/><\/p>\n<p>Jazzliefhebbers kunnen hun hart ophalen in M\u00e1laga tijdens de 39e editie van het Internationaal Jazzfestival.<\/p>\n<p>Zoals elk jaar vindt het festival plaats in het Cervantes Theater, van 3 tot en met 10 november.<\/p>\n<p>Op het programma staan \u200b\u200blegendes en figuren uit de hedendaagse jazz, zoals Al Di Meola, Gustavo Santaolalla en C\u00e9cile McLorin Salvant.<\/p>\n<ul>\n<li><a href=\"https:\/\/www.teatrocervantes.com\/es\/ciclos-y-festivales\/39-festival-internacional-de-jazz\/\" data-wpel-link=\"external\" target=\"_blank\" rel=\"external noopener noreferrer\" class=\"ext-link wpel-icon-right\"><strong>Programma en tickets<\/strong><span class=\"wpel-icon wpel-image wpel-icon-2\"><\/span><\/a><\/li>\n<li>Wanneer: 3 tot en met 10 november<\/li>\n<li>Waar: Teatro Cervantes, M\u00e1laga<\/li>\n<li><a href=\"https:\/\/maps.app.goo.gl\/uNgydL6SDEn8dUbn7\" data-wpel-link=\"external\" target=\"_blank\" rel=\"external noopener noreferrer\" class=\"ext-link wpel-icon-right\"><strong>Hoe er te komen<\/strong><span class=\"wpel-icon wpel-image wpel-icon-2\"><\/span><\/a><\/li>\n<\/ul>\n<h3><span class=\"ez-toc-section\" id=\"Blues_at_Moonlight_%E2%80%93_Benalmadena\"><\/span>Blues at Moonlight &#8211; Benalm\u00e1dena<span class=\"ez-toc-section-end\"><\/span><\/h3>\n<p><img loading=\"lazy\" decoding=\"async\" class=\"alignnone wp-image-18299\" src=\"https:\/\/www.malagacar.com\/sp\/blog\/wp-content\/uploads\/2024\/11\/f_bluesatmoonlight2025-724x1024.jpg\" alt=\"Blues at Moonlight - Benalm\u00e1dena\" width=\"567\" height=\"802\" \/><\/p>\n<p>Elk jaar in november wordt in het Sunset Hotel Beach in Benalm\u00e1dena het Rock &#8216;n&#8217; Roll Weekender gehouden, een internationaal rockabilly- en Amerikaanse rootsmuziekfestival, met liveoptredens en dj&#8217;s in de middag en avond.<\/p>\n<ul>\n<li><a href=\"https:\/\/bluesatmoonlight.com\/es\/\" data-wpel-link=\"external\" target=\"_blank\" rel=\"external noopener noreferrer\" class=\"ext-link wpel-icon-right\"><strong>Festivalwebsite &amp; tickets<\/strong><span class=\"wpel-icon wpel-image wpel-icon-2\"><\/span><\/a><\/li>\n<li>Wanneer: 20 tot en met 23 november<\/li>\n<li>Waar: Sunset Beach Hotel, Benalm\u00e1dena<\/li>\n<li><a href=\"https:\/\/maps.app.goo.gl\/BWucpdUzquYXZKR18\" data-wpel-link=\"external\" target=\"_blank\" rel=\"external noopener noreferrer\" class=\"ext-link wpel-icon-right\"><strong>Hoe er te komen<\/strong><span class=\"wpel-icon wpel-image wpel-icon-2\"><\/span><\/a><\/li>\n<\/ul>\n<h3><span class=\"ez-toc-section\" id=\"Theatrale_rondleiding_door_de_schatgrot_%E2%80%93_Rincon_de_la_Victoria\"><\/span>Theatrale rondleiding door de schatgrot &#8211; Rinc\u00f3n de la Victoria<span class=\"ez-toc-section-end\"><\/span><\/h3>\n<p><img loading=\"lazy\" decoding=\"async\" class=\"size-large wp-image-7849\" src=\"https:\/\/www.malagacar.com\/sp\/blog\/wp-content\/uploads\/2020\/03\/cueva-del-tesoro-1024x625.jpg\" alt=\"cueva del tesoro\" width=\"750\" height=\"458\" \/><\/p>\n<p>Ga terug in de tijd en ontdek de geschiedenis en mysteries van de ontdekking van de Schatgrot. Een uur durende, gedramatiseerde rondleiding door de verschillende galerijen van de grot.<\/p>\n<p>Vooraf reserveren is vereist voor deze activiteit via <a href=\"https:\/\/entradas.turismoenrincon.es\/\" data-wpel-link=\"external\" target=\"_blank\" rel=\"external noopener noreferrer\" class=\"ext-link wpel-icon-right\"><strong>deze link<\/strong><span class=\"wpel-icon wpel-image wpel-icon-2\"><\/span><\/a>.<\/p>\n<ul>\n<li>Aankomende data: 26 oktober, 30 november en 28 december<\/li>\n<li>Waar: Schatgrot &#8211; Rinc\u00f3n de la Victoria<\/li>\n<li><a href=\"https:\/\/maps.app.goo.gl\/3sX5qj8EcDRxP7R37\" data-wpel-link=\"external\" target=\"_blank\" rel=\"external noopener noreferrer\" class=\"ext-link wpel-icon-right\"><strong>Hoe er te komen<\/strong><span class=\"wpel-icon wpel-image wpel-icon-2\"><\/span><\/a><\/li>\n<\/ul>\n<h3><span class=\"ez-toc-section\" id=\"Candelight_Concerten_%E2%80%93_Malaga\"><\/span>Candelight Concerten &#8211; M\u00e1laga<span class=\"ez-toc-section-end\"><\/span><\/h3>\n<p><a href=\"https:\/\/www.malagacar.com\/sp\/blog\/wp-content\/uploads\/2020\/01\/IMG_20211122_083656_009.jpg\" data-wpel-link=\"exclude\"><img loading=\"lazy\" decoding=\"async\" class=\"alignnone wp-image-10160\" src=\"https:\/\/www.malagacar.com\/sp\/blog\/wp-content\/uploads\/2020\/01\/IMG_20211122_083656_009-768x1024.jpg\" alt=\"\" width=\"452\" height=\"602\" \/><\/a><\/p>\n<p>In de Mar\u00eda Cristina Concert Hall, een 15e eeuws Franciscaner klooster in het hart van Malaga, met een uitzonderlijke akoestiek en unieke schoonheid.<\/p>\n<p>Onlangs hebben meer en meer unieke locaties in M\u00e1laga zich aangesloten bij deze ervaring, zoals het Carmen Thyssen Museum en nu ook het Gran Hotel Miramar.<\/p>\n<p>We kunnen deze ervaring van klassieke concerten en hommages bij kaarslicht persoonlijk aanbevelen.<\/p>\n<h4>Programma november<\/h4>\n<p><strong>Vivaldi&#8217;s Vier Jaargetijden<\/strong>, in het Gran Hotel Miramar, 2 november<br \/>\n<strong>ABBA Tribute<\/strong>, in het Gran Hotel Miramar, 2 november<br \/>\n<strong>Coldplay vs. Ed Sheeran<\/strong>, in het Carmen Thyssen Museum, 8 november<br \/>\n<strong>Hans Zimmer Tribute<\/strong>, in het Gran Hotel Miramar, 9 en 30 november<br \/>\n<strong>Queen &amp; The Beatles Tribute<\/strong>, in het Gran Hotel Miramar, 9 en 23 november<br \/>\n<strong>Magische soundtracks<\/strong>, in de Sala Mar\u00eda Cristina, 14 november<br \/>\n<strong>Ludovico Einaudi Tribute<\/strong>, in de Sala Mar\u00eda Cristina, 14 november<br \/>\n<strong>Rings and Dragons<\/strong>, in het Carmen Thyssen Museum, 16 november<br \/>\n<strong>ABBA Tribute<\/strong>, in het Gran Hotel Miramar, 2 en 23 november<br \/>\n<strong>Coldplay vs. Imagine Dragons<\/strong>, in het Carmen Thyssen Museum, 29 november<br \/>\n<strong>Het beste van Ennio Morricone<\/strong>, in het Gran Hotel Miramar, 30 november<\/p>\n<ul>\n<li>Kaarten bij <a href=\"https:\/\/feverup.com\/malaga\/candlelight?utm_content=candlelight&amp;utm_source=malagasecreta&amp;utm_medium=post&amp;utm_term=cta3\" data-wpel-link=\"external\" target=\"_blank\" rel=\"external noopener noreferrer\" class=\"ext-link wpel-icon-right\"><strong>Feverup<\/strong><span class=\"wpel-icon wpel-image wpel-icon-2\"><\/span><\/a><\/li>\n<li>Waar: <a href=\"https:\/\/maps.app.goo.gl\/BACwA2S7rGRWoCWWA\" data-wpel-link=\"external\" target=\"_blank\" rel=\"external noopener noreferrer\" class=\"ext-link wpel-icon-right\"><strong>Sala de Conciertos Mar\u00eda Cristina<\/strong><span class=\"wpel-icon wpel-image wpel-icon-2\"><\/span><\/a>, <a href=\"https:\/\/maps.app.goo.gl\/fL8iZoUwDAsAEMzL8\" data-wpel-link=\"external\" target=\"_blank\" rel=\"external noopener noreferrer\" class=\"ext-link wpel-icon-right\"><strong>Museo Carmen Thyssen,<\/strong><span class=\"wpel-icon wpel-image wpel-icon-2\"><\/span><\/a> <a href=\"https:\/\/maps.app.goo.gl\/72v8MZ3kaGEw7Kc17\" data-wpel-link=\"external\" target=\"_blank\" rel=\"external noopener noreferrer\" class=\"ext-link wpel-icon-right\"><strong>Gran Hotel Miramar<\/strong> <span class=\"wpel-icon wpel-image wpel-icon-2\"><\/span><\/a> en de <a href=\"https:\/\/www.malagacar.com\/nl\/blog\/vrije-tijd\/historische-botanische-tuin-malaga\/\" data-wpel-link=\"internal\"><strong>Historische Botanische Tuin<\/strong><\/a>, M\u00e1laga<\/li>\n<\/ul>\n<h3><span class=\"ez-toc-section\" id=\"Candelight_Concerten_%E2%80%93_Marbella\"><\/span>Candelight Concerten &#8211; Marbella<span class=\"ez-toc-section-end\"><\/span><\/h3>\n<p><img loading=\"lazy\" decoding=\"async\" class=\"size-full wp-image-14240\" src=\"https:\/\/www.malagacar.com\/sp\/blog\/wp-content\/uploads\/2022\/08\/CandleLight_VillaPadierna-Foto-Malagasecreta.jpg\" alt=\"Candlelight Conciertos Marbella\" width=\"1024\" height=\"684\" \/><\/p>\n<p>In het 5-sterren Anantara Villa Padierna Palace Hotel.<\/p>\n<h4>Programma november<\/h4>\n<p><strong>Coldplay Tribute<\/strong>, 1 november<br \/>\n<strong>Queen vs. ABBA<\/strong>, 1 november<br \/>\n<strong>Hans Zimmer Tribute<\/strong>, 15 november<br \/>\n<strong>Vivaldi&#8217;s Vier Jaargetijden<\/strong>, 15 november<br \/>\n<strong>Coldplay vs. Imagine Dragons<\/strong>, 29 november<br \/>\n<strong>Queen Tribute<\/strong>, 29 november<\/p>\n<ul>\n<li>Tickets via de offici\u00eble website van <a href=\"https:\/\/feverup.com\/malaga\/candlelight?utm_content=candlelight&amp;utm_source=malagasecreta&amp;utm_medium=post&amp;utm_term=cta3\" data-wpel-link=\"external\" target=\"_blank\" rel=\"external noopener noreferrer\" class=\"ext-link wpel-icon-right\"><strong>Feverup<\/strong><span class=\"wpel-icon wpel-image wpel-icon-2\"><\/span><\/a><\/li>\n<li><a href=\"https:\/\/maps.app.goo.gl\/eEjC7paTFxs7jW1K9\" data-wpel-link=\"external\" target=\"_blank\" rel=\"external noopener noreferrer\" class=\"ext-link wpel-icon-right\"><strong>Hoe er te komen<\/strong><span class=\"wpel-icon wpel-image wpel-icon-2\"><\/span><\/a><\/li>\n<\/ul>\n<h3><span class=\"ez-toc-section\" id=\"AllesDans_%E2%80%93_Marbella\"><\/span>AllesDans \u2013 Marbella<span class=\"ez-toc-section-end\"><\/span><\/h3>\n<p><img loading=\"lazy\" decoding=\"async\" class=\"alignnone size-full wp-image-18233\" src=\"https:\/\/www.malagacar.com\/sp\/blog\/wp-content\/uploads\/2025\/09\/Marbella-todo-danza.jpg\" alt=\"Marbella TodoDanza \" width=\"473\" height=\"816\" \/><\/p>\n<p>De 16e editie van het Marbella TodoDanza Festival vindt plaats van 4 oktober tot en met 8 november.<br \/>\nHet is een van de hoogtepunten van de culturele kalender van Marbella en biedt hedendaagse dans- en flamencovoorstellingen met deelname van 13 gezelschappen en meer dan 40 artiesten.<\/p>\n<p>Het evenement vindt plaats op verschillende locaties in de stad, waaronder het Teatro Ciudad de Marbella, het Museum voor Hedendaagse Spaanse Gravure, de Centrale Bibliotheek van Fernando Alcal\u00e1 Mar\u00edn, het Hospital Real de la Misericordia, de Cortijo Miraflores en op openbare plekken in de openlucht.<\/p>\n<ul>\n<li><a href=\"https:\/\/www.marbella.es\/agenda\/cultura-y-ensenanza\/16o-festival-marbella-tododanza-2025.html\" data-wpel-link=\"external\" target=\"_blank\" rel=\"external noopener noreferrer\" class=\"ext-link wpel-icon-right\"><strong>Volledig programma<\/strong><span class=\"wpel-icon wpel-image wpel-icon-2\"><\/span><\/a><\/li>\n<li>Wanneer: 4 oktober tot en met 8 november<\/li>\n<li>Waar: Marbella<\/li>\n<li><a href=\"https:\/\/maps.app.goo.gl\/bzerG7tnDRHYfZ289\" data-wpel-link=\"external\" target=\"_blank\" rel=\"external noopener noreferrer\" class=\"ext-link wpel-icon-right\"><strong>Hoe er te komen<\/strong><span class=\"wpel-icon wpel-image wpel-icon-2\"><\/span><\/a><\/li>\n<\/ul>\n<h3><span class=\"ez-toc-section\" id=\"Moments_Festival_%E2%80%93_Malaga\"><\/span>Moments Festival \u2013 M\u00e1laga<span class=\"ez-toc-section-end\"><\/span><\/h3>\n<p><img loading=\"lazy\" decoding=\"async\" class=\"alignnone size-large wp-image-18224\" src=\"https:\/\/www.malagacar.com\/sp\/blog\/wp-content\/uploads\/2025\/09\/moments-festival-1024x535.jpg\" alt=\"Moments Festival \u2013 M\u00e1laga\" width=\"750\" height=\"392\" \/><\/p>\n<p>Dit festival, gewijd aan hedendaagse cultuur en kunst, is nu aan zijn 12e editie toe. Het vindt plaats op verschillende locaties in Malaga en biedt bijna 200 activiteiten, waaronder workshops, bijeenkomsten, tentoonstellingen, concerten, liefdadigheidsevenementen, prijsuitreikingen, optredens, muurschilderingen en andere evenementen.<\/p>\n<ul>\n<li>Programma op de <a href=\"https:\/\/www.momentsfestival.org\/calendario\/calendario-moments-malaga\/\" data-wpel-link=\"external\" target=\"_blank\" rel=\"external noopener noreferrer\" class=\"ext-link wpel-icon-right\"><strong>offici\u00eble website<\/strong><span class=\"wpel-icon wpel-image wpel-icon-2\"><\/span><\/a><\/li>\n<li>Wanneer: 21 oktober tot en met 15 november<\/li>\n<li>Waar: M\u00e1laga<\/li>\n<\/ul>\n<h3><span class=\"ez-toc-section\" id=\"Dans_Malaga_%E2%80%93_Malaga\"><\/span>Dans M\u00e1laga &#8211; M\u00e1laga<span class=\"ez-toc-section-end\"><\/span><\/h3>\n<p><img loading=\"lazy\" decoding=\"async\" class=\"alignnone wp-image-18128\" src=\"https:\/\/www.malagacar.com\/sp\/blog\/wp-content\/uploads\/2024\/09\/danza-malaga-1024x1024.jpg\" alt=\"Danza M\u00e1laga\" width=\"600\" height=\"600\" \/><\/p>\n<p>Danza M\u00e1laga vindt plaats van oktober 2025 tot en met januari 2026 met 12 voorstellingen in het Cervantes Theater in M\u00e1laga.<\/p>\n<p>Het Cervantes Theater in M\u00e1laga biedt optredens van gerenommeerde dansers en gezelschappen zoals Nacho Duato, Eva Yerbabuena, Mar\u00eda Pag\u00e9s en Olga Pericet, met nieuwe en klassieke choreografie\u00ebn, evenals voorstellingen voor kinderen.<\/p>\n<ul>\n<li><a href=\"https:\/\/teatrocervantes.es\/?fbclid=IwY2xjawMk48BleHRuA2FlbQIxMAABHjdKZVLWmJ1KQmgrw4cgMldd2oCkGC3vdvanDejSaeSSlVGpQOm5wxZcI1-h_aem_9KwostkICqDeL9z4qYdfhg\/ciclos-y-festivales\/danza-malaga-2025\/\" data-wpel-link=\"external\" target=\"_blank\" rel=\"external noopener noreferrer\" class=\"ext-link wpel-icon-right\"><strong>Programma en tickets<\/strong><span class=\"wpel-icon wpel-image wpel-icon-2\"><\/span><\/a><\/li>\n<\/ul>\n<h3><span class=\"ez-toc-section\" id=\"Volle_maan_in_Hydros_Spa_%E2%80%93_Benalmadena\"><\/span>Volle maan in Hydros Spa &#8211; Benalm\u00e1dena<span class=\"ez-toc-section-end\"><\/span><\/h3>\n<p><img loading=\"lazy\" decoding=\"async\" class=\"alignnone size-full wp-image-15528\" src=\"https:\/\/www.malagacar.com\/sp\/blog\/wp-content\/uploads\/2023\/05\/Noche-spa-hydros.jpg\" alt=\"Hydros Spa Benalm\u00e1dena\" width=\"900\" height=\"471\" \/><\/p>\n<p>We doen je ook een ander voorstel vanuit het Holiday World Hotel in Benalm\u00e1dena: Geniet van de Spa tijdens de nacht van de volle maan.<\/p>\n<p>Geniet van de magie van een nachtspa-sessie van 60 minuten met een spectaculair uitzicht op de baai van Benalmadena en Fuengirola, samenvallend met volle maan.<\/p>\n<p>Met welkomstdrankje en fruit, speciale aandacht. Perfect om met z&#8217;n twee\u00ebn of met vrienden van te genieten.<\/p>\n<ul>\n<li><a href=\"https:\/\/pwa.holidayworldresort.com\/info-experiencia\/239?hotel=experiencias\" data-wpel-link=\"external\" target=\"_blank\" rel=\"external noopener noreferrer\" class=\"ext-link wpel-icon-right\"><strong> Reservering <\/strong><span class=\"wpel-icon wpel-image wpel-icon-2\"><\/span><\/a><\/li>\n<li>Wanneer: 8 november<\/li>\n<li><a href=\"https:\/\/maps.app.goo.gl\/8SV8SuFTrbvrLTgt8\" data-wpel-link=\"external\" target=\"_blank\" rel=\"external noopener noreferrer\" class=\"ext-link wpel-icon-right\"><strong> Hoe er te komen<\/strong><span class=\"wpel-icon wpel-image wpel-icon-2\"><\/span><\/a><\/li>\n<\/ul>\n<h3><span class=\"ez-toc-section\" id=\"Halve_marathon_%E2%80%93_Fuengirola\"><\/span>Halve marathon\u00a0&#8211; Fuengirola<span class=\"ez-toc-section-end\"><\/span><\/h3>\n<p><img loading=\"lazy\" decoding=\"async\" class=\"alignnone wp-image-18305\" src=\"https:\/\/www.malagacar.com\/sp\/blog\/wp-content\/uploads\/2024\/11\/maraton-fuengirola-724x1024.jpeg\" alt=\"Media Marat\u00f3n - Fuengirola\" width=\"550\" height=\"778\" \/><\/p>\n<p>De 8e halve marathon van Fuengirola vindt plaats op 9 november. De goedgekeurde race vindt volledig op asfalt plaats, met een volledig vlak parcours en een afstand van 21,097 kilometer.<\/p>\n<p>De race start om 9.30 uur op het beursterrein van Fuengirola.<\/p>\n<ul>\n<li><a href=\"https:\/\/www.dorsalchip.es\/carrera\/2025\/11\/9\/VIII_Media_Maraton_de_Fuengirola.aspx\" data-wpel-link=\"external\" target=\"_blank\" rel=\"external noopener noreferrer\" class=\"ext-link wpel-icon-right\"><strong>Verdere informatie en inschrijving<\/strong><span class=\"wpel-icon wpel-image wpel-icon-2\"><\/span><\/a><strong>\u00a0<\/strong><\/li>\n<\/ul>\n<h3><span class=\"ez-toc-section\" id=\"FanCine_%E2%80%93_Malaga\"><\/span>FanCine &#8211; M\u00e1laga<span class=\"ez-toc-section-end\"><\/span><\/h3>\n<p><img loading=\"lazy\" decoding=\"async\" class=\"alignnone size-full wp-image-18307\" src=\"https:\/\/www.malagacar.com\/sp\/blog\/wp-content\/uploads\/2024\/11\/cartel-Fancine-2025.jpg\" alt=\"FanCine - M\u00e1laga\" width=\"750\" height=\"500\" \/><\/p>\n<p>De 35e editie van het Fantastische Filmfestival van de Universiteit van M\u00e1laga vindt plaats van 12 tot en met 18 november.<\/p>\n<p>Er zijn tal van activiteiten, waaronder tentoonstellingen, lezingen, kinderwedstrijden en workshops, een soundtrackconcert en natuurlijk filmvertoningen in de Alb\u00e9niz-bioscoop in het historische hart van M\u00e1laga.<\/p>\n<p>De overgrote meerderheid van de parallelle activiteiten vindt plaats in de nieuwe Culturele Container op de Teatinos-campus.<\/p>\n<ul>\n<li>Informatie en programma op de offici\u00eble website van <a href=\"https:\/\/fancine.org\/\" data-wpel-link=\"external\" target=\"_blank\" rel=\"external noopener noreferrer\" class=\"ext-link wpel-icon-right\"><strong>Fancine<\/strong><span class=\"wpel-icon wpel-image wpel-icon-2\"><\/span><\/a><\/li>\n<li>Wanneer: 12 tot en met 18 november<\/li>\n<li>Hoe er te komen: <a href=\"https:\/\/maps.app.goo.gl\/L3CnifE4erqpUJt6A\" data-wpel-link=\"external\" target=\"_blank\" rel=\"external noopener noreferrer\" class=\"ext-link wpel-icon-right\"><strong>Contenedor Cultural Teatinos Campus<\/strong><span class=\"wpel-icon wpel-image wpel-icon-2\"><\/span><\/a> en <a href=\"https:\/\/maps.app.goo.gl\/KGAGryuBpiuK57Fe7\" data-wpel-link=\"external\" target=\"_blank\" rel=\"external noopener noreferrer\" class=\"ext-link wpel-icon-right\"><strong>Cine Alb\u00e9niz<\/strong><span class=\"wpel-icon wpel-image wpel-icon-2\"><\/span><\/a><\/li>\n<\/ul>\n<h3><span class=\"ez-toc-section\" id=\"Black_Friday_%E2%80%93_Malaga\"><\/span>Black Friday &#8211; M\u00e1laga<span class=\"ez-toc-section-end\"><\/span><\/h3>\n<p><img loading=\"lazy\" decoding=\"async\" class=\"alignnone size-large wp-image-18308\" src=\"https:\/\/www.malagacar.com\/sp\/blog\/wp-content\/uploads\/2024\/11\/malaga-black-friday-2025-1024x683.jpg\" alt=\"Black Friday - M\u00e1laga\" width=\"750\" height=\"500\" \/><\/p>\n<p>Hoewel <a href=\"https:\/\/www.malagacar.com\/nl\/blog\/vrije-tijd\/halloween-in-malaga\/\" data-wpel-link=\"internal\"><strong>Halloween in M\u00e1laga<\/strong><\/a> al een paar jaar bestaat, is Black Friday ook een zeer succesvol evenement ge\u00efmporteerd uit de VS. In M\u00e1laga is het pas een decennium aan de gang, maar elk jaar krijgt het meer en meer aanhangers onder winkelliefhebbers.<\/p>\n<p>In het historische centrum van Malaga kan Black Friday een geweldige gelegenheid zijn als u met een klein cadeautje terug wilt komen uit Malaga.<\/p>\n<p>Hier volgen enkele waardevolle tips om van je <a href=\"https:\/\/www.malagacar.com\/nl\/blog\/vrije-tijd\/black-friday-malaga\/\" data-wpel-link=\"internal\"><strong>Black Friday in M\u00e1laga<\/strong><\/a> een aangename ervaring te maken.<\/p>\n<ul>\n<li>Wanneer: 28 november<\/li>\n<li>Waar: M\u00e1laga, Stadscentrum<\/li>\n<li><a href=\"https:\/\/maps.app.goo.gl\/diQZurgnsj7K8Eaq9\" data-wpel-link=\"external\" target=\"_blank\" rel=\"external noopener noreferrer\" class=\"ext-link wpel-icon-right\"><strong> Hoe er te komen <\/strong><span class=\"wpel-icon wpel-image wpel-icon-2\"><\/span><\/a><\/li>\n<\/ul>\n<h3><span class=\"ez-toc-section\" id=\"Aanzetten_van_de_Kerstverlichting_%E2%80%93_Malaga\"><\/span>Aanzetten van de Kerstverlichting &#8211; M\u00e1laga<span class=\"ez-toc-section-end\"><\/span><\/h3>\n<p>Dit jaar zal de kerstverlichting in M\u00e1laga worden ingeschakeld op <em><strong>28 november<\/strong><\/em>.<\/p>\n<p>De verlichting zal op doordeweekse dagen branden van 18:30 uur tot middernacht en in het weekend en op de vooravond van feestdagen tot 2 uur &#8217;s nachts.<\/p>\n<p>Als je in de stad of in een naburige gemeente bent, mag je de spectaculaire <a href=\"https:\/\/www.malagacar.com\/nl\/blog\/vrije-tijd\/kerstverlichting-malaga\/\" data-wpel-link=\"internal\"><strong>Kerstverlichting in M\u00e1laga<\/strong><\/a> in het centrum en met name in Calle Larios, de belangrijkste winkelstraat van de stad, en op Plaza de la Constituci\u00f3n niet missen. Bekijk de video om een indruk te krijgen!<\/p>\n<p><iframe loading=\"lazy\" title=\"YouTube-videospeler\" src=\"https:\/\/www.youtube.com\/embed\/IiRGmQjbeqw\" width=\"1280\" height=\"720\" frameborder=\"0\" allowfullscreen=\"allowfullscreen\"><\/iframe><\/p>\n<p>Dit jaar valt de inschakeling van de kerstverlichting samen met <a href=\"https:\/\/www.malagacar.com\/nl\/blog\/vrije-tijd\/black-friday-malaga\/\" data-wpel-link=\"internal\"><strong>Black Friday<\/strong><\/a>, een initiatief uit de Verenigde Staten om consumptie te stimuleren en het startschot te geven voor kerstaankopen.<\/p>\n<ul>\n<li>Wanneer: 28 november tot Driekoningen<\/li>\n<li>Waar: Calle Larios en Plaza de la Constituci\u00f3n<\/li>\n<li><a href=\"https:\/\/maps.app.goo.gl\/diQZurgnsj7K8Eaq9\" data-wpel-link=\"external\" target=\"_blank\" rel=\"external noopener noreferrer\" class=\"ext-link wpel-icon-right\"><strong>Routebeschrijving<\/strong><span class=\"wpel-icon wpel-image wpel-icon-2\"><\/span><\/a><\/li>\n<\/ul>\n<h3><span class=\"ez-toc-section\" id=\"Kersttuin_%E2%80%93_Botanische_Tuin_La_Concepcion\"><\/span>Kersttuin &#8211; Botanische Tuin La Concepci\u00f3n<span class=\"ez-toc-section-end\"><\/span><\/h3>\n<p><img loading=\"lazy\" decoding=\"async\" class=\"alignnone size-full wp-image-4728\" src=\"https:\/\/www.malagacar.com\/nl\/blog\/wp-content\/uploads\/2023\/10\/kersttuin-malaga.jpg\" alt=\"Kersttuin in Malaga\" width=\"1200\" height=\"900\" srcset=\"https:\/\/www.malagacar.com\/nl\/blog\/wp-content\/uploads\/2023\/10\/kersttuin-malaga.jpg 1200w, https:\/\/www.malagacar.com\/nl\/blog\/wp-content\/uploads\/2023\/10\/kersttuin-malaga-300x225.jpg 300w, https:\/\/www.malagacar.com\/nl\/blog\/wp-content\/uploads\/2023\/10\/kersttuin-malaga-1024x768.jpg 1024w, https:\/\/www.malagacar.com\/nl\/blog\/wp-content\/uploads\/2023\/10\/kersttuin-malaga-768x576.jpg 768w\" sizes=\"auto, (max-width: 1200px) 100vw, 1200px\" \/><\/p>\n<p>We zijn erg blij dat er dit jaar weer een kersttuin zal zijn.<\/p>\n<p><strong><em>Van<\/em> 28 november tot 6 januari 2026<\/strong>\u00a0kunnen we genieten van dit prachtige nachtelijke spektakel, waarin de Botanische Tuin La Concepci\u00f3n verandert in een betoverd bos van licht en geluid.<\/p>\n<p>Miljoenen lichtpunten zullen een pad van ongeveer 2,2 kilometer verlichten en <em><strong>een van de mooiste en belangrijkste tropische tuinen van Spanje omtoveren tot een magische zee van pracht<\/strong><\/em>.<\/p>\n<p>We waren bij de voorgaande edities, die elk een heel ander thema hadden. We waren onder de indruk en kijken nu al uit naar de verrassing die ze dit jaar voor ons in petto hebben!<\/p>\n<p>Bekijk onze artikel over de <a href=\"https:\/\/www.malagacar.com\/nl\/blog\/vrije-tijd\/kersttuin-malaga\/\" data-wpel-link=\"internal\"><strong>Kersttuin<\/strong><\/a>, waarin je alles uit de eerste hand kunt ontdekken, mis het niet!<\/p>\n<p><iframe loading=\"lazy\" title=\"YouTube video player\" src=\"https:\/\/www.youtube.com\/embed\/vn08cA7qgGE\" width=\"1280\" height=\"721\" frameborder=\"0\" allowfullscreen=\"allowfullscreen\"><\/iframe><\/p>\n<h3><span class=\"ez-toc-section\" id=\"Aanzetten_van_de_Kerstverlichting_%E2%80%93_Fuengirola\"><\/span>Aanzetten van de Kerstverlichting &#8211; Fuengirola<span class=\"ez-toc-section-end\"><\/span><\/h3>\n<p><iframe loading=\"lazy\" title=\"Fuengirola Christmas Lights (Luces de Navidad) 2018 - VLOG106 [4K]\" src=\"https:\/\/www.youtube.com\/embed\/euSmK5hgZwI\" width=\"640\" height=\"360\" frameborder=\"0\" allowfullscreen=\"allowfullscreen\"><\/iframe><\/p>\n<p>Fuengirola verwelkomt Kerstmis met het ontsteken van de spectaculaire artistieke verlichting op vrijdag 28 november om 19.30 uur op de Plaza de Espa\u00f1a, met medewerking van het kinderkoor van Hermandad del Roc\u00edo de Fuengirola en de Chass\u00e9 dansacademie.<\/p>\n<p>Nieuw dit jaar is een 36 meter lange lichttunnel, een bos waar je doorheen kunt wandelen en waar elk half uur, van 19.00 tot 21.00 uur, shows te zien zijn.<\/p>\n<p>Fuengirola is een van de Costa del Sol-steden die uitpakt met kerstverlichting. Het is een genot om door de straten en pleinen van het historische centrum te slenteren en de details te bewonderen.<\/p>\n<p>De wijk heeft ook een zeer levendige sfeer, met veel bars die open zijn en een kerstmarkt op de Plaza de la Constituci\u00f3n in december.<\/p>\n<ul>\n<li>Wanneer: 28 november om 19.30 uur<br \/>\nWaar: Plaza de Espa\u00f1a, Plaza de la Constituci\u00f3n en het stadscentrum van Fuengirola<\/li>\n<li><a href=\"https:\/\/maps.app.goo.gl\/x4qnqPMLcDWGh1y77\" data-wpel-link=\"external\" target=\"_blank\" rel=\"external noopener noreferrer\" class=\"ext-link wpel-icon-right\"><strong>Hoe er te komen<\/strong><span class=\"wpel-icon wpel-image wpel-icon-2\"><\/span><\/a><\/li>\n<\/ul>\n<h2><span class=\"ez-toc-section\" id=\"Straatmarkten_in_Malaga_in_November\"><\/span>Straatmarkten in M\u00e1laga in November<span class=\"ez-toc-section-end\"><\/span><\/h2>\n<h3><span class=\"ez-toc-section\" id=\"SOHO_stedelijke_markt\"><\/span>SOHO stedelijke markt<span class=\"ez-toc-section-end\"><\/span><\/h3>\n<p><img loading=\"lazy\" decoding=\"async\" class=\"alignnone size-large wp-image-18570\" src=\"https:\/\/www.malagacar.com\/sp\/blog\/wp-content\/uploads\/2025\/10\/mercadillo-soho-1024x540.jpg\" alt=\"Mercado urbano del SOHO\" width=\"750\" height=\"396\" \/><\/p>\n<p>In de straten van Soho, de &#8216;kunstwijk&#8217; van M\u00e1laga, vindt elke vierde zondag van de maand deze lokale ambachtelijke markt plaats. Dit is d\u00e9 markt voor jou als je op zoek bent naar unieke producten. Je vindt er handwerk, duurzame mode, designer sieraden, natuurlijke cosmetica en nog veel meer.<\/p>\n<p>Er hangt ook een geweldige sfeer, met talloze bars in de buurt, waaronder een vegetarisch en een veganistisch restaurant.<\/p>\n<ul>\n<li>Wanneer: 23 november, van 11.00 tot 19.00 uur<\/li>\n<li>Waar: Calle Tom\u00e1s Heredia, M\u00e1laga<\/li>\n<li><a href=\"https:\/\/maps.app.goo.gl\/HPSuZ3ViQzq1EtXv6\" data-wpel-link=\"external\" target=\"_blank\" rel=\"external noopener noreferrer\" class=\"ext-link wpel-icon-right\"><strong>Hoe er te komen<\/strong><span class=\"wpel-icon wpel-image wpel-icon-2\"><\/span><\/a><\/li>\n<\/ul>\n<h3><span class=\"ez-toc-section\" id=\"Kaasmarkt_%E2%80%93_Coin\"><\/span>Kaasmarkt &#8211; Co\u00edn<span class=\"ez-toc-section-end\"><\/span><\/h3>\n<p><img loading=\"lazy\" decoding=\"async\" class=\"alignnone wp-image-18219\" src=\"https:\/\/www.malagacar.com\/sp\/blog\/wp-content\/uploads\/2025\/09\/mercado-quesos-coin-724x1024.jpg\" alt=\"Mercado de Quesos - Co\u00edn\" width=\"499\" height=\"706\" \/><\/p>\n<p>Voor het geval je het nog niet wist: M\u00e1laga-kaas wordt uitsluitend van geitenmelk gemaakt, volgens de traditionele productiemethode.<\/p>\n<p>De M\u00e1laga-kaasmarkten worden maandelijks gehouden en bieden meer dan vijftig verschillende geitenkazen aan.<\/p>\n<p>Dit evenement vindt plaats op de Guadalhorce Agri-Food Market in Co\u00edn van 9.00 tot 14.30 uur.<\/p>\n<ul>\n<li>Aankomende data: 16 november I 21 december<\/li>\n<li>Waar: Co\u00edn<\/li>\n<li><a href=\"https:\/\/maps.app.goo.gl\/EPpKnLXCHGaU6o799\" data-wpel-link=\"external\" target=\"_blank\" rel=\"external noopener noreferrer\" class=\"ext-link wpel-icon-right\"><strong>Hoe er te komen<\/strong><span class=\"wpel-icon wpel-image wpel-icon-2\"><\/span><\/a><\/li>\n<\/ul>\n<h3><span class=\"ez-toc-section\" id=\"Ambachtsmarkt_La_Merced_%E2%80%93_Malaga\"><\/span>Ambachtsmarkt La Merced &#8211; M\u00e1laga<span class=\"ez-toc-section-end\"><\/span><\/h3>\n<p><img loading=\"lazy\" decoding=\"async\" class=\"alignnone size-full wp-image-9843\" src=\"https:\/\/www.malagacar.com\/sp\/blog\/wp-content\/uploads\/2020\/11\/Plaza-Merced-Foto-VisitaCostadelSol.webp\" alt=\"\" width=\"750\" height=\"430\" \/><\/p>\n<p>Elke <em><strong> eerste zondag van de maand <\/strong> <\/em> vindt deze kleurrijke ambachtelijke markt plaats in het hart van de oude stad, het Plaza de la Merced.<\/p>\n<p>Een ideaal idee als je een stadsmens bent en houdt van een aangename zondagse wandeling onder bloeiende jacaranda&#8217;s om daarna iets te drinken op de vele terrasjes en restaurants die het plein omringen.<\/p>\n<ul>\n<li>Volgende editie: 2 november<\/li>\n<li><a href=\"https:\/\/goo.gl\/maps\/w3kV85d5km7FYWFFA\" data-wpel-link=\"external\" target=\"_blank\" rel=\"external noopener noreferrer\" class=\"ext-link wpel-icon-right\"><strong> Hoe er te komen<\/strong><span class=\"wpel-icon wpel-image wpel-icon-2\"><\/span><\/a><\/li>\n<\/ul>\n<h3><span class=\"ez-toc-section\" id=\"De_Engelse_Megraafplaats_Markt_%E2%80%93_Malaga\"><\/span>De Engelse Megraafplaats Markt \u2013 M\u00e1laga<span class=\"ez-toc-section-end\"><\/span><\/h3>\n<p><img loading=\"lazy\" decoding=\"async\" class=\"alignnone size-full wp-image-16454\" src=\"https:\/\/www.malagacar.com\/sp\/blog\/wp-content\/uploads\/2024\/11\/Mercadillo-del-Ingles-1024x683-1.jpg\" alt=\"Mercadillo del Ingl\u00e9s \u2013 M\u00e1laga\" width=\"1024\" height=\"683\" \/><\/p>\n<p>Een nieuw formaat speciale vlooienmarkt wordt toegevoegd aan het culturele aanbod in de stad.<\/p>\n<p>Eens per maand wordt er op de <a href=\"https:\/\/www.malagacar.com\/nl\/blog\/wat-te-doen-in-malaga\/merkwaardige-begraafplaatsen-malaga\/#Engelse_Begraafplaats_Malaga\" data-wpel-link=\"internal\"><strong>Engelse begraafplaats<\/strong><\/a> in het stadscentrum een vlooienmarkt gehouden met handwerk, vintage decoratie, tweedehands boeken, keramiek en unieke producten. Er is ook livemuziek en er zijn foodtrucks.<\/p>\n<p>Wat bijzonder is, is de plek zelf, een emblematische plek vol charme: de Engelse Begraafplaats, de oudste niet-katholieke necropolis op het Iberisch schiereiland. Wandelend door de prachtige tuin kun je de graven ontdekken van internationale persoonlijkheden uit die tijd die hier begraven liggen.<\/p>\n<p>Gratis toegang.<\/p>\n<ul>\n<li>Volgende editie op de <a href=\"https:\/\/cementerioinglesmalaga.org\/\" data-wpel-link=\"external\" target=\"_blank\" rel=\"external noopener noreferrer\" class=\"ext-link wpel-icon-right\"><strong>offici\u00eble website<\/strong><span class=\"wpel-icon wpel-image wpel-icon-2\"><\/span><\/a><\/li>\n<li><a href=\"https:\/\/maps.app.goo.gl\/ibfgQuF52hBNZoD86\" data-wpel-link=\"external\" target=\"_blank\" rel=\"external noopener noreferrer\" class=\"ext-link wpel-icon-right\"><strong>Hoe er te komen<\/strong><span class=\"wpel-icon wpel-image wpel-icon-2\"><\/span><\/a><\/li>\n<\/ul>\n<h3><span class=\"ez-toc-section\" id=\"Vlooienmarkten_en_straatmarkten_in_de_provincie\"><\/span>Vlooienmarkten en straatmarkten in de provincie<span class=\"ez-toc-section-end\"><\/span><\/h3>\n<p><a href=\"https:\/\/www.malagacar.com\/nl\/blog\/wat-te-doen-in-malaga\/straatmarkten-malaga\/\" data-wpel-link=\"internal\"><img loading=\"lazy\" decoding=\"async\" class=\"alignnone size-full wp-image-5265\" src=\"https:\/\/www.malagacar.com\/nl\/blog\/wp-content\/uploads\/2024\/05\/mercadillos-nl.jpg\" alt=\"straatmarkten in M\u00e1laga\" width=\"1200\" height=\"691\" srcset=\"https:\/\/www.malagacar.com\/nl\/blog\/wp-content\/uploads\/2024\/05\/mercadillos-nl.jpg 1200w, https:\/\/www.malagacar.com\/nl\/blog\/wp-content\/uploads\/2024\/05\/mercadillos-nl-300x173.jpg 300w, https:\/\/www.malagacar.com\/nl\/blog\/wp-content\/uploads\/2024\/05\/mercadillos-nl-1024x590.jpg 1024w, https:\/\/www.malagacar.com\/nl\/blog\/wp-content\/uploads\/2024\/05\/mercadillos-nl-768x442.jpg 768w\" sizes=\"auto, (max-width: 1200px) 100vw, 1200px\" \/><\/a><\/p>\n<p>In de gemeenten langs de Costa del Sol is er een breed aanbod van wekelijkse straatmarkten en vlooienmarkten.<\/p>\n<p>Je vindt er van alles, van vers fruit en groenten, gedroogd fruit en noten, olijven en kruiden, speelgoed, aardewerk en typisch handwerk tot kleding, schoenen, bloemen en potten, namaakdesignerartikelen en nog veel meer.<\/p>\n<ul>\n<li>Hier vind je alle <a href=\"https:\/\/www.malagacar.com\/nl\/blog\/wat-te-doen-in-malaga\/straatmarkten-malaga\/\" data-wpel-link=\"internal\"><strong>Vlooienmarkten &amp; Straatmarkten in M\u00e1laga en de Costa del Sol<\/strong><\/a><\/li>\n<\/ul>\n<h2><span class=\"ez-toc-section\" id=\"Bezoek_de_Musea_van_Malaga\"><\/span>Bezoek de Musea van M\u00e1laga<span class=\"ez-toc-section-end\"><\/span><\/h2>\n<figure id=\"attachment_5775\" aria-describedby=\"caption-attachment-5775\" style=\"width: 700px\" class=\"wp-caption alignnone\"><img loading=\"lazy\" decoding=\"async\" class=\"wp-image-5775 size-full\" src=\"https:\/\/www.malagacar.com\/dk\/blog\/wp-content\/uploads\/2020\/01\/museo-picasso-vista-nocturna.jpg\" alt=\"\" width=\"700\" height=\"450\" \/><figcaption id=\"caption-attachment-5775\" class=\"wp-caption-text\">Nachtzicht op het Picasso Museum<\/figcaption><\/figure>\n<ul>\n<li>Veel <a href=\"https:\/\/www.malagacar.com\/dk\/blog\/freizeit\/museen-in-malaga\/\" data-wpel-link=\"exclude\"><strong>musea in M\u00e1laga<\/strong><\/a> bieden naast hun permanente collecties vaak tijdelijke tentoonstellingen aan.<\/li>\n<li>Kaart van de <strong><a href=\"https:\/\/goo.gl\/maps\/xLvkHvv8x5NJm199A\" data-wpel-link=\"external\" target=\"_blank\" rel=\"external noopener noreferrer\" class=\"ext-link wpel-icon-right\">musea in M\u00e1laga in \u00e9\u00e9n oogopslag<span class=\"wpel-icon wpel-image wpel-icon-2\"><\/span><\/a><\/strong>.<\/li>\n<\/ul>\n<h3><span class=\"ez-toc-section\" id=\"Rondleidingen_in_de_historische_botanische_tuin_La_Concepcion\"><\/span>Rondleidingen in de historische botanische tuin La Concepci\u00f3n<span class=\"ez-toc-section-end\"><\/span><\/h3>\n<p><img loading=\"lazy\" decoding=\"async\" class=\"alignnone wp-image-15201\" src=\"https:\/\/www.malagacar.com\/sp\/blog\/wp-content\/uploads\/2023\/02\/Botanico.jpg\" alt=\"Visitas guiadas en el Jard\u00edn Bot\u00e1nico Hist\u00f3rico La Concepci\u00f3n\" width=\"594\" height=\"833\" \/><\/p>\n<p>Rondleidingen in de tuin van La Concepci\u00f3n zijn terug. Geniet in het weekend van een rondleiding door de prachtige <a href=\"https:\/\/www.malagacar.com\/nl\/blog\/vrije-tijd\/historische-botanische-tuin-malaga\/\" data-wpel-link=\"internal\"><strong>historische botanische tuin La Concepci\u00f3n<\/strong><\/a>, overdag of &#8217;s avonds.<\/p>\n<p>Op zaterdag en zondag om 12 uur zijn er &#8220;Charming walks&#8221;. Op vrijdag zijn er in de schemering &#8220;Nachten met geschiedenis&#8221; (van oktober tot maart om 20.00 uur, van april tot september om 21.00 uur). De rondleidingen duren ongeveer anderhalf uur.<\/p>\n<ul>\n<li>Informatie en reserveringen: <a href=\"mailto:infojbotanicomalaga@gmail.com\">infojbotanicomalaga@gmail.com<\/a> of de telefoons +34 951926180 \/ +34 639914055.<\/li>\n<li><a href=\"https:\/\/maps.app.goo.gl\/yE9TdeVfEzp1q8nF7\" data-wpel-link=\"external\" target=\"_blank\" rel=\"external noopener noreferrer\" class=\"ext-link wpel-icon-right\"><strong> Hoe er te komen <\/strong><span class=\"wpel-icon wpel-image wpel-icon-2\"><\/span><\/a><\/li>\n<\/ul>\n<h3><span class=\"ez-toc-section\" id=\"Bezoek_aan_de_Victoria_brouwerij_%E2%80%93_Malaga\"><\/span>Bezoek aan de Victoria brouwerij &#8211; M\u00e1laga<span class=\"ez-toc-section-end\"><\/span><\/h3>\n<p><img loading=\"lazy\" decoding=\"async\" class=\"alignnone size-full wp-image-16182\" src=\"https:\/\/www.malagacar.com\/sp\/blog\/wp-content\/uploads\/2023\/10\/cerveza-victoria.jpg\" alt=\"F\u00e1brica de cerveza Victoria - M\u00e1laga\" width=\"900\" height=\"471\" \/><\/p>\n<p>Wist u dat Cervezas Victoria rondleidingen aanbiedt waarbij u meer te weten kunt komen over het productieproces en de geschiedenis?<\/p>\n<p>Als u van bier houdt, kan het interessant zijn om deze 100% Malague\u00f1a-brouwerij te bezoeken.<\/p>\n<p>Het is een rondleiding van 90 minuten waarbij u uit eerste hand de geheimen van het Victoria-bier &#8220;Malague\u00f1a y exquisita&#8221; leert kennen en het natuurlijk ook kunt proeven!<\/p>\n<ul>\n<li>Rondleidingen beschikbaar in het Spaans en Engels via <strong><a href=\"https:\/\/visitas.cervezavictoria.es\/muslinkIII_vic_nofr\/venda\/index.jsp?lang=1&amp;nom_cache=VICTORIA&amp;property=VICTORIA#close\" target=\"_blank\" rel=\"nofollow noopener external noreferrer\" data-wpel-link=\"external\" class=\"ext-link wpel-icon-right\">deze link<span class=\"wpel-icon wpel-image wpel-icon-2\"><\/span><\/a><\/strong>.<\/li>\n<li><a href=\"https:\/\/www.cervezavictoria.es\/es\" target=\"_blank\" rel=\"nofollow noopener external noreferrer\" data-wpel-link=\"external\" class=\"ext-link wpel-icon-right\"><strong>Website<\/strong><span class=\"wpel-icon wpel-image wpel-icon-2\"><\/span><\/a><\/li>\n<li><a href=\"https:\/\/goo.gl\/maps\/xkcUqWb22oHAaqFc6\" target=\"_blank\" rel=\"nofollow noopener external noreferrer\" data-wpel-link=\"external\" class=\"ext-link wpel-icon-right\"><strong>Routebeschrijving<\/strong><span class=\"wpel-icon wpel-image wpel-icon-2\"><\/span><\/a><\/li>\n<\/ul>\n<h3><span class=\"ez-toc-section\" id=\"Gedramatiseerde_nachtelijke_rondleidingen_Automobielmuseum_%E2%80%93_Malaga\"><\/span>Gedramatiseerde nachtelijke rondleidingen Automobielmuseum &#8211; M\u00e1laga<span class=\"ez-toc-section-end\"><\/span><\/h3>\n<p><img loading=\"lazy\" decoding=\"async\" class=\" wp-image-9447\" src=\"https:\/\/www.malagacar.com\/sp\/blog\/wp-content\/uploads\/2021\/09\/museo-automovilistico2.jpg\" alt=\"Museo Automovil\u00edstico\" width=\"982\" height=\"656\" \/><\/p>\n<p>Historia Viva M\u00e1laga heeft gedramatiseerde nachtelijke bezoeken georganiseerd aan het Automobile and Fashion Museum in M\u00e1laga. Bezoekers kunnen leren over de geschiedenis van historische auto&#8217;s door middel van relevante personages.<\/p>\n<p>Onder deze personages zijn Agent 007, die zijn licentie om te doden vernieuwt, of Amelia Earhart, de eerste vrouwelijke vliegenier die de Atlantische Oceaan overstak, Coco Chanel of Salvador Dal\u00ed. De rondleiding duurt ongeveer anderhalf uur.<\/p>\n<ul>\n<li>Tickets bij de <a href=\"https:\/\/historiavivamalaga.es\/visitas-teatralizadas-en-malaga\/museo-automovilistico-y-de-la-moda-en-malaga\/\" data-wpel-link=\"external\" target=\"_blank\" rel=\"external noopener noreferrer\" class=\"ext-link wpel-icon-right\"><strong>Website<\/strong><span class=\"wpel-icon wpel-image wpel-icon-2\"><\/span><\/a><\/li>\n<li>Wanneer: De eerste vrijdag van elke maand (zolang de evenementenkalender van het museum het toelaat)<\/li>\n<li>Waar: Museo Automovil\u00edstico y de la Moda M\u00e1laga<\/li>\n<li><a href=\"https:\/\/maps.app.goo.gl\/G5hqDkF77EADCBBg8\" data-wpel-link=\"external\" target=\"_blank\" rel=\"external noopener noreferrer\" class=\"ext-link wpel-icon-right\"><strong> Hoe er te komen <\/strong><span class=\"wpel-icon wpel-image wpel-icon-2\"><\/span><\/a><\/li>\n<\/ul>\n<h2><span class=\"ez-toc-section\" id=\"Culinaire_festivals_in_Malaga_in_November\"><\/span>Culinaire festivals in M\u00e1laga in November<span class=\"ez-toc-section-end\"><\/span><\/h2>\n<h3><span class=\"ez-toc-section\" id=\"Kastanje_Festival_%E2%80%93_Alcaucin\"><\/span>Kastanje Festival &#8211; Alcauc\u00edn<span class=\"ez-toc-section-end\"><\/span><\/h3>\n<p><img loading=\"lazy\" decoding=\"async\" class=\"alignnone size-large wp-image-18351\" src=\"https:\/\/www.malagacar.com\/sp\/blog\/wp-content\/uploads\/2024\/11\/fiesta-castana-alcaucin-1024x534.jpg\" alt=\"Fiesta de la Casta\u00f1a - Alcauc\u00edn\" width=\"750\" height=\"391\" \/><\/p>\n<p>Bezoek het prachtige witte dorp Alcauc\u00edn tijdens het kastanjefeest.<\/p>\n<p>Alcauc\u00edn ligt in de regio Axarquia aan de oostelijke Costa del Sol, in de uitlopers van de Sierra Tejeda.<\/p>\n<p>Op 8 november nodigen de dorpelingen je uit voor hun Kastanjefeest dat om 12 uur begint op het centrale plein. Bezoekers kunnen genieten van gratis kastanjes, zoete aardappelen, mantecados en een glas anijs. Dit alles gaat gepaard met een straatmarkt en livemuziek.<\/p>\n<p>In totaal worden er meer dan 300 kilo kastanjes en 200 kilo zoete aardappels uitgedeeld, evenals anijs en ongeveer 50 kilo van de traditionele dubbele kaneel mantecado (typisch koekje).<\/p>\n<ul>\n<li>Wanneer: 8 november vanaf 12 uur<\/li>\n<li>Waar: Alcauc\u00edn<\/li>\n<li><a href=\"https:\/\/maps.app.goo.gl\/wAJLwcmvzjMTtucm7\" data-wpel-link=\"external\" target=\"_blank\" rel=\"external noopener noreferrer\" class=\"ext-link wpel-icon-right\"><strong>Hoe er te komen<\/strong><span class=\"wpel-icon wpel-image wpel-icon-2\"><\/span><\/a><\/li>\n<\/ul>\n<h3><span class=\"ez-toc-section\" id=\"Konijnen_Festival_%E2%80%93_Parauta\"><\/span>Konijnen Festival &#8211; Parauta<span class=\"ez-toc-section-end\"><\/span><\/h3>\n<p><img loading=\"lazy\" decoding=\"async\" class=\"alignnone size-full wp-image-16260\" src=\"https:\/\/www.malagacar.com\/sp\/blog\/wp-content\/uploads\/2024\/10\/parauta-fiesta-coneji-Foto-Diputacion-de-Malaga.jpg\" alt=\"parauta fiesta conejo\" width=\"897\" height=\"632\" \/><\/p>\n<p>Het witte dorp Parauta in de Genal-vallei nodigt je uit om zijn traditionele gerecht, bereid door de boeren, te proeven tijdens het konijnenfeest.<\/p>\n<p>Vanaf 12.30 uur kunnen bezoekers genieten van de berggastronomie, met gratis proeverijen van dit traditionele gerecht met rijst, konijn en groenten, evenals typisch lokaal gebak.<\/p>\n<p>Er zal een uitgebreid programma zijn met traditionele muziek door verdiales bands door de straten van het dorp.<\/p>\n<ul>\n<li>Wanneer: 10 november vanaf 12:30 uur<\/li>\n<li>Waar: Parauta<\/li>\n<li><a href=\"https:\/\/maps.app.goo.gl\/sBfHT2Thcektqf6w5\" data-wpel-link=\"external\" target=\"_blank\" rel=\"external noopener noreferrer\" class=\"ext-link wpel-icon-right\"><strong>Hoe er te komen<\/strong><span class=\"wpel-icon wpel-image wpel-icon-2\"><\/span><\/a><\/li>\n<\/ul>\n<h3><span class=\"ez-toc-section\" id=\"Kastanjes_roosteren_%E2%80%93_Ojen\"><\/span>Kastanjes roosteren &#8211; Oj\u00e9n<span class=\"ez-toc-section-end\"><\/span><\/h3>\n<figure id=\"attachment_18321\" aria-describedby=\"caption-attachment-18321\" style=\"width: 750px\" class=\"wp-caption alignnone\"><img loading=\"lazy\" decoding=\"async\" class=\"size-large wp-image-18321\" src=\"https:\/\/www.malagacar.com\/sp\/blog\/wp-content\/uploads\/2024\/11\/toston-ojen-foto-Diputacion-Malaga-1024x761.jpg\" alt=\"toston ojen \" width=\"750\" height=\"557\" \/><figcaption id=\"caption-attachment-18321\" class=\"wp-caption-text\">Foto van de provinciale raad van M\u00e1laga<\/figcaption><\/figure>\n<p>De Tost\u00f3n Popular vindt plaats op de eerste zondag na Allerheiligen, een zeer populaire traditie in het dorp Oj\u00e9n (Marbella), een dag met traditionele gastronomie en volksspelen, samen met <em><strong>geroosterde kastanjes, brandewijn, spek en vers gegrilde chorizo<\/strong><\/em>. Bekroond als een feest met toeristische uniciteit.<\/p>\n<ul>\n<li>Wanneer: 2 november, vanaf 10:00 uur<\/li>\n<li>Waar: Oj\u00e9n<\/li>\n<li><a href=\"https:\/\/maps.app.goo.gl\/w9jUJ15HRfeHhd8Q7\" data-wpel-link=\"external\" target=\"_blank\" rel=\"external noopener noreferrer\" class=\"ext-link wpel-icon-right\"><strong>Routebeschrijving<\/strong><span class=\"wpel-icon wpel-image wpel-icon-2\"><\/span><\/a><\/li>\n<\/ul>\n<h3><span class=\"ez-toc-section\" id=\"Kastanje_roosteren_%E2%80%93_Marbella\"><\/span>Kastanje roosteren &#8211; Marbella<span class=\"ez-toc-section-end\"><\/span><\/h3>\n<p>In Marbella vindt de Dag van de<em> Tost\u00f3n<\/em> plaats, een dag waarop de lokale bevolking en toeristen samenkomen op het platteland om kastanjes te roosteren en te delen met anijs of aguardiente. Er zijn ook kinderspelletjes.<\/p>\n<ul>\n<li>Wanneer: 1 november<\/li>\n<li>Waar: Parque Nag\u00fceles, Marbella<\/li>\n<li><a href=\"https:\/\/maps.app.goo.gl\/xeRoLxH7bZqvmWFq6\" data-wpel-link=\"external\" target=\"_blank\" rel=\"external noopener noreferrer\" class=\"ext-link wpel-icon-right\"><strong>Hoe er te komen<\/strong><span class=\"wpel-icon wpel-image wpel-icon-2\"><\/span><\/a><\/li>\n<\/ul>\n<h3><span class=\"ez-toc-section\" id=\"Mosto_Festival_%E2%80%93_Atajate\"><\/span>Mosto Festival &#8211; Atajate<span class=\"ez-toc-section-end\"><\/span><\/h3>\n<p><img loading=\"lazy\" decoding=\"async\" class=\"alignnone size-full wp-image-9359\" src=\"https:\/\/www.malagacar.com\/sp\/blog\/wp-content\/uploads\/2021\/08\/atajate.jpg\" alt=\"atajate\" width=\"620\" height=\"400\" \/><\/p>\n<p>Het Fiesta del Mosto vindt plaats op de laatste zaterdag in november. Op het dorpsplein kunt u gratis de verschillende soorten most proeven die door individuele families worden gemaakt.<\/p>\n<ul>\n<li>Wanneer: 29 november<\/li>\n<li>Waar: Atajate<\/li>\n<li><a href=\"https:\/\/maps.app.goo.gl\/Wk93XQCL8tyd7e6J7\" data-wpel-link=\"external\" target=\"_blank\" rel=\"external noopener noreferrer\" class=\"ext-link wpel-icon-right\"><strong>Routebeschrijving<\/strong><span class=\"wpel-icon wpel-image wpel-icon-2\"><\/span><\/a><\/li>\n<\/ul>\n<h3><span class=\"ez-toc-section\" id=\"Chanfaina_Dag_%E2%80%93_Totalan\"><\/span>Chanfaina Dag &#8211; Total\u00e1n<span class=\"ez-toc-section-end\"><\/span><\/h3>\n<figure id=\"attachment_16164\" aria-describedby=\"caption-attachment-16164\" style=\"width: 954px\" class=\"wp-caption alignnone\"><img loading=\"lazy\" decoding=\"async\" class=\"size-full wp-image-16164\" src=\"https:\/\/www.malagacar.com\/sp\/blog\/wp-content\/uploads\/2023\/10\/chanfaina.jpg\" alt=\"D\u00eda de la Chanfaina Total\u00e1n\" width=\"954\" height=\"630\" \/><figcaption id=\"caption-attachment-16164\" class=\"wp-caption-text\">Foto Stadhuis Total\u00e1n<\/figcaption><\/figure>\n<p>Dit dorp in de Axarquia-regio viert op deze dag het typische gerecht van de plaats. Op de laatste zondag in november worden duizenden porties van dit gerecht gratis uitgedeeld.<\/p>\n<p>Bovendien is er een straatmarkt waar u lokale producten zoals extra vierge olijfolie, fruit, brood, vlees en handwerk kunt kopen.<\/p>\n<ul>\n<li>Wanneer: 23 november<\/li>\n<li>Waar: Total\u00e1n<\/li>\n<li><a href=\"https:\/\/maps.app.goo.gl\/AaSAPn9wCPZXrGSy6\" data-wpel-link=\"external\" target=\"_blank\" rel=\"external noopener noreferrer\" class=\"ext-link wpel-icon-right\"><strong>Routebeschrijving<\/strong><span class=\"wpel-icon wpel-image wpel-icon-2\"><\/span><\/a><\/li>\n<\/ul>\n<h2><span class=\"ez-toc-section\" id=\"Het_weer_in_Malaga_in_November\"><\/span>Het weer in M\u00e1laga in November<span class=\"ez-toc-section-end\"><\/span><\/h2>\n<p><img loading=\"lazy\" decoding=\"async\" class=\"alignnone wp-image-14595 size-full\" src=\"https:\/\/www.malagacar.com\/sp\/blog\/wp-content\/uploads\/2022\/10\/malaga-playa-otono.jpg\" alt=\"Malaga in November\" width=\"1200\" height=\"831\" \/><\/p>\n<p>Zoals eerder in dit artikel vermeld, is november in M\u00e1laga niet grijs, koud en somber.<\/p>\n<p>November in deze breedtegraden heeft niets te maken met het typische weer in Midden- of Noord-Europa in deze tijd van het jaar.<\/p>\n<p>Hoewel november en februari statistisch gezien de regenachtigste maanden zijn, is deze bewering zeer relatief en wordt deze nog versterkt door klimaatverandering.<\/p>\n<p>Steeds vaker hebben we een zeer droge herfst. Het weer in M\u00e1laga is over het algemeen zeer mild. In november zakken de temperaturen zelden onder de 15\u00b0C en stijgen zelden boven de 25\u00b0C.<\/p>\n<h3><span class=\"ez-toc-section\" id=\"Wat_voor_kleding_moet_je_meenemen_naar_Malaga_in_November\"><\/span>Wat voor kleding moet je meenemen naar M\u00e1laga in November?<span class=\"ez-toc-section-end\"><\/span><\/h3>\n<ul>\n<li>Sandalen<\/li>\n<li>Zwemkleding als u het water wilt proberen<\/li>\n<li>Koele kleding voor overdag en enkele longsleeves<\/li>\n<li>Comfortabele schoenen om te wandelen als u wandelingen plant<\/li>\n<li>Een lichte jas, want &#8217;s ochtends en &#8217;s avonds wordt het koeler<\/li>\n<li>Zonnebril<\/li>\n<\/ul>\n\t\t\t\t\n\t\t\t\t<div id=\"search-form2\" class=\"big-quote index-mobile\">\n\t\t\t\t<form id=\"frmSearch\" name=\"frmSearch\" action=\"\/nl\/autoverhuur\/quote.php\" method=\"post\"  name=\"quote\" class=\"container-fluid\">\n\t\t\t\t\t\t\t\t\t<div class=\"row\">\n\t\t\t\t\t\t<div class=\"col-sm-6\">\n\n\t\t\t\t\t\t\t<div class=\"form-group\">\n\t\t\t\t\t\t\t\t<label for=\"entrega\"><h4>Ophalen<\/h4><\/label>\n\t\t\t\t\t\t\t\t<select name=\"entrega\" id=\"entrega\" class=\"custom-select\">\n\t\t\t\t\t\t\t\t\t<option value=\"airport\"  selected>Luchthaven M\u00e1laga<\/option>\n\t\t\t\t\t\t\t\t\t\t\t\t\t\t\t\t<\/select>\n\t\t\t\t\t\t\t\t<div class=\"form-inline my-2\">\n\t\t\t\t\t\t\t\t\t<input id=\"pDate\" class=\"form-control\" value=\"07\/09\/2026\" name=\"pDate\" readonly onchange=\"return uppdate()\">\n\t\t\t\t\t\t\t\t\t<select class=\"custom-select\" id=\"phorasminutos\" name=\"phorasminutos\" oninvalid=\"setCustomValidity('Laat ons uw aankomsttijd weten')\" onchange=\"setCustomValidity('')\">\n\t\t\t\t\t\t\t\t\t\t<option value=\"-\" selected>--:--<\/option>\n\t\t\t\t\t\t\t\t\t\t\t\t\t\t\t\t\t\t\t\t<option value=\"00:00\">\n\t\t\t\t\t\t\t\t\t\t\t00:00<\/option>\n\t\t\t\t\t\t\t\t\t\t<option value=\"00:15\">\n\t\t\t\t\t\t\t\t\t\t\t00:15<\/option>\n\t\t\t\t\t\t\t\t\t\t<option value=\"00:30\">\n\t\t\t\t\t\t\t\t\t\t\t00:30<\/option>\n\t\t\t\t\t\t\t\t\t\t<option value=\"00:45\">\n\t\t\t\t\t\t\t\t\t\t\t00:45<\/option>\n\t\t\t\t\t\t\t\t\t\t\t\t\t\t\t\t\t\t\t\t<option value=\"01:00\">\n\t\t\t\t\t\t\t\t\t\t\t01:00<\/option>\n\t\t\t\t\t\t\t\t\t\t<option value=\"01:15\">\n\t\t\t\t\t\t\t\t\t\t\t01:15<\/option>\n\t\t\t\t\t\t\t\t\t\t<option value=\"01:30\">\n\t\t\t\t\t\t\t\t\t\t\t01:30<\/option>\n\t\t\t\t\t\t\t\t\t\t<option value=\"01:45\">\n\t\t\t\t\t\t\t\t\t\t\t01:45<\/option>\n\t\t\t\t\t\t\t\t\t\t\t\t\t\t\t\t\t\t\t\t<option value=\"02:00\">\n\t\t\t\t\t\t\t\t\t\t\t02:00<\/option>\n\t\t\t\t\t\t\t\t\t\t<option value=\"02:15\">\n\t\t\t\t\t\t\t\t\t\t\t02:15<\/option>\n\t\t\t\t\t\t\t\t\t\t<option value=\"02:30\">\n\t\t\t\t\t\t\t\t\t\t\t02:30<\/option>\n\t\t\t\t\t\t\t\t\t\t<option value=\"02:45\">\n\t\t\t\t\t\t\t\t\t\t\t02:45<\/option>\n\t\t\t\t\t\t\t\t\t\t\t\t\t\t\t\t\t\t\t\t<option value=\"03:00\">\n\t\t\t\t\t\t\t\t\t\t\t03:00<\/option>\n\t\t\t\t\t\t\t\t\t\t<option value=\"03:15\">\n\t\t\t\t\t\t\t\t\t\t\t03:15<\/option>\n\t\t\t\t\t\t\t\t\t\t<option value=\"03:30\">\n\t\t\t\t\t\t\t\t\t\t\t03:30<\/option>\n\t\t\t\t\t\t\t\t\t\t<option value=\"03:45\">\n\t\t\t\t\t\t\t\t\t\t\t03:45<\/option>\n\t\t\t\t\t\t\t\t\t\t\t\t\t\t\t\t\t\t\t\t<option value=\"04:00\">\n\t\t\t\t\t\t\t\t\t\t\t04:00<\/option>\n\t\t\t\t\t\t\t\t\t\t<option value=\"04:15\">\n\t\t\t\t\t\t\t\t\t\t\t04:15<\/option>\n\t\t\t\t\t\t\t\t\t\t<option value=\"04:30\">\n\t\t\t\t\t\t\t\t\t\t\t04:30<\/option>\n\t\t\t\t\t\t\t\t\t\t<option value=\"04:45\">\n\t\t\t\t\t\t\t\t\t\t\t04:45<\/option>\n\t\t\t\t\t\t\t\t\t\t\t\t\t\t\t\t\t\t\t\t<option value=\"05:00\">\n\t\t\t\t\t\t\t\t\t\t\t05:00<\/option>\n\t\t\t\t\t\t\t\t\t\t<option value=\"05:15\">\n\t\t\t\t\t\t\t\t\t\t\t05:15<\/option>\n\t\t\t\t\t\t\t\t\t\t<option value=\"05:30\">\n\t\t\t\t\t\t\t\t\t\t\t05:30<\/option>\n\t\t\t\t\t\t\t\t\t\t<option value=\"05:45\">\n\t\t\t\t\t\t\t\t\t\t\t05:45<\/option>\n\t\t\t\t\t\t\t\t\t\t\t\t\t\t\t\t\t\t\t\t<option value=\"06:00\">\n\t\t\t\t\t\t\t\t\t\t\t06:00<\/option>\n\t\t\t\t\t\t\t\t\t\t<option value=\"06:15\">\n\t\t\t\t\t\t\t\t\t\t\t06:15<\/option>\n\t\t\t\t\t\t\t\t\t\t<option value=\"06:30\">\n\t\t\t\t\t\t\t\t\t\t\t06:30<\/option>\n\t\t\t\t\t\t\t\t\t\t<option value=\"06:45\">\n\t\t\t\t\t\t\t\t\t\t\t06:45<\/option>\n\t\t\t\t\t\t\t\t\t\t\t\t\t\t\t\t\t\t\t\t<option value=\"07:00\">\n\t\t\t\t\t\t\t\t\t\t\t07:00<\/option>\n\t\t\t\t\t\t\t\t\t\t<option value=\"07:15\">\n\t\t\t\t\t\t\t\t\t\t\t07:15<\/option>\n\t\t\t\t\t\t\t\t\t\t<option value=\"07:30\">\n\t\t\t\t\t\t\t\t\t\t\t07:30<\/option>\n\t\t\t\t\t\t\t\t\t\t<option value=\"07:45\">\n\t\t\t\t\t\t\t\t\t\t\t07:45<\/option>\n\t\t\t\t\t\t\t\t\t\t\t\t\t\t\t\t\t\t\t\t<option value=\"08:00\">\n\t\t\t\t\t\t\t\t\t\t\t08:00<\/option>\n\t\t\t\t\t\t\t\t\t\t<option value=\"08:15\">\n\t\t\t\t\t\t\t\t\t\t\t08:15<\/option>\n\t\t\t\t\t\t\t\t\t\t<option value=\"08:30\">\n\t\t\t\t\t\t\t\t\t\t\t08:30<\/option>\n\t\t\t\t\t\t\t\t\t\t<option value=\"08:45\">\n\t\t\t\t\t\t\t\t\t\t\t08:45<\/option>\n\t\t\t\t\t\t\t\t\t\t\t\t\t\t\t\t\t\t\t\t<option value=\"09:00\">\n\t\t\t\t\t\t\t\t\t\t\t09:00<\/option>\n\t\t\t\t\t\t\t\t\t\t<option value=\"09:15\">\n\t\t\t\t\t\t\t\t\t\t\t09:15<\/option>\n\t\t\t\t\t\t\t\t\t\t<option value=\"09:30\">\n\t\t\t\t\t\t\t\t\t\t\t09:30<\/option>\n\t\t\t\t\t\t\t\t\t\t<option value=\"09:45\">\n\t\t\t\t\t\t\t\t\t\t\t09:45<\/option>\n\t\t\t\t\t\t\t\t\t\t\t\t\t\t\t\t\t\t\t\t<option value=\"10:00\">\n\t\t\t\t\t\t\t\t\t\t\t10:00<\/option>\n\t\t\t\t\t\t\t\t\t\t<option value=\"10:15\">\n\t\t\t\t\t\t\t\t\t\t\t10:15<\/option>\n\t\t\t\t\t\t\t\t\t\t<option value=\"10:30\">\n\t\t\t\t\t\t\t\t\t\t\t10:30<\/option>\n\t\t\t\t\t\t\t\t\t\t<option value=\"10:45\">\n\t\t\t\t\t\t\t\t\t\t\t10:45<\/option>\n\t\t\t\t\t\t\t\t\t\t\t\t\t\t\t\t\t\t\t\t<option value=\"11:00\">\n\t\t\t\t\t\t\t\t\t\t\t11:00<\/option>\n\t\t\t\t\t\t\t\t\t\t<option value=\"11:15\">\n\t\t\t\t\t\t\t\t\t\t\t11:15<\/option>\n\t\t\t\t\t\t\t\t\t\t<option value=\"11:30\">\n\t\t\t\t\t\t\t\t\t\t\t11:30<\/option>\n\t\t\t\t\t\t\t\t\t\t<option value=\"11:45\">\n\t\t\t\t\t\t\t\t\t\t\t11:45<\/option>\n\t\t\t\t\t\t\t\t\t\t\t\t\t\t\t\t\t\t\t\t<option value=\"12:00\">\n\t\t\t\t\t\t\t\t\t\t\t12:00<\/option>\n\t\t\t\t\t\t\t\t\t\t<option value=\"12:15\">\n\t\t\t\t\t\t\t\t\t\t\t12:15<\/option>\n\t\t\t\t\t\t\t\t\t\t<option value=\"12:30\">\n\t\t\t\t\t\t\t\t\t\t\t12:30<\/option>\n\t\t\t\t\t\t\t\t\t\t<option value=\"12:45\">\n\t\t\t\t\t\t\t\t\t\t\t12:45<\/option>\n\t\t\t\t\t\t\t\t\t\t\t\t\t\t\t\t\t\t\t\t<option value=\"13:00\">\n\t\t\t\t\t\t\t\t\t\t\t13:00<\/option>\n\t\t\t\t\t\t\t\t\t\t<option value=\"13:15\">\n\t\t\t\t\t\t\t\t\t\t\t13:15<\/option>\n\t\t\t\t\t\t\t\t\t\t<option value=\"13:30\">\n\t\t\t\t\t\t\t\t\t\t\t13:30<\/option>\n\t\t\t\t\t\t\t\t\t\t<option value=\"13:45\">\n\t\t\t\t\t\t\t\t\t\t\t13:45<\/option>\n\t\t\t\t\t\t\t\t\t\t\t\t\t\t\t\t\t\t\t\t<option value=\"14:00\">\n\t\t\t\t\t\t\t\t\t\t\t14:00<\/option>\n\t\t\t\t\t\t\t\t\t\t<option value=\"14:15\">\n\t\t\t\t\t\t\t\t\t\t\t14:15<\/option>\n\t\t\t\t\t\t\t\t\t\t<option value=\"14:30\">\n\t\t\t\t\t\t\t\t\t\t\t14:30<\/option>\n\t\t\t\t\t\t\t\t\t\t<option value=\"14:45\">\n\t\t\t\t\t\t\t\t\t\t\t14:45<\/option>\n\t\t\t\t\t\t\t\t\t\t\t\t\t\t\t\t\t\t\t\t<option value=\"15:00\">\n\t\t\t\t\t\t\t\t\t\t\t15:00<\/option>\n\t\t\t\t\t\t\t\t\t\t<option value=\"15:15\">\n\t\t\t\t\t\t\t\t\t\t\t15:15<\/option>\n\t\t\t\t\t\t\t\t\t\t<option value=\"15:30\">\n\t\t\t\t\t\t\t\t\t\t\t15:30<\/option>\n\t\t\t\t\t\t\t\t\t\t<option value=\"15:45\">\n\t\t\t\t\t\t\t\t\t\t\t15:45<\/option>\n\t\t\t\t\t\t\t\t\t\t\t\t\t\t\t\t\t\t\t\t<option value=\"16:00\">\n\t\t\t\t\t\t\t\t\t\t\t16:00<\/option>\n\t\t\t\t\t\t\t\t\t\t<option value=\"16:15\">\n\t\t\t\t\t\t\t\t\t\t\t16:15<\/option>\n\t\t\t\t\t\t\t\t\t\t<option value=\"16:30\">\n\t\t\t\t\t\t\t\t\t\t\t16:30<\/option>\n\t\t\t\t\t\t\t\t\t\t<option value=\"16:45\">\n\t\t\t\t\t\t\t\t\t\t\t16:45<\/option>\n\t\t\t\t\t\t\t\t\t\t\t\t\t\t\t\t\t\t\t\t<option value=\"17:00\">\n\t\t\t\t\t\t\t\t\t\t\t17:00<\/option>\n\t\t\t\t\t\t\t\t\t\t<option value=\"17:15\">\n\t\t\t\t\t\t\t\t\t\t\t17:15<\/option>\n\t\t\t\t\t\t\t\t\t\t<option value=\"17:30\">\n\t\t\t\t\t\t\t\t\t\t\t17:30<\/option>\n\t\t\t\t\t\t\t\t\t\t<option value=\"17:45\">\n\t\t\t\t\t\t\t\t\t\t\t17:45<\/option>\n\t\t\t\t\t\t\t\t\t\t\t\t\t\t\t\t\t\t\t\t<option value=\"18:00\">\n\t\t\t\t\t\t\t\t\t\t\t18:00<\/option>\n\t\t\t\t\t\t\t\t\t\t<option value=\"18:15\">\n\t\t\t\t\t\t\t\t\t\t\t18:15<\/option>\n\t\t\t\t\t\t\t\t\t\t<option value=\"18:30\">\n\t\t\t\t\t\t\t\t\t\t\t18:30<\/option>\n\t\t\t\t\t\t\t\t\t\t<option value=\"18:45\">\n\t\t\t\t\t\t\t\t\t\t\t18:45<\/option>\n\t\t\t\t\t\t\t\t\t\t\t\t\t\t\t\t\t\t\t\t<option value=\"19:00\">\n\t\t\t\t\t\t\t\t\t\t\t19:00<\/option>\n\t\t\t\t\t\t\t\t\t\t<option value=\"19:15\">\n\t\t\t\t\t\t\t\t\t\t\t19:15<\/option>\n\t\t\t\t\t\t\t\t\t\t<option value=\"19:30\">\n\t\t\t\t\t\t\t\t\t\t\t19:30<\/option>\n\t\t\t\t\t\t\t\t\t\t<option value=\"19:45\">\n\t\t\t\t\t\t\t\t\t\t\t19:45<\/option>\n\t\t\t\t\t\t\t\t\t\t\t\t\t\t\t\t\t\t\t\t<option value=\"20:00\">\n\t\t\t\t\t\t\t\t\t\t\t20:00<\/option>\n\t\t\t\t\t\t\t\t\t\t<option value=\"20:15\">\n\t\t\t\t\t\t\t\t\t\t\t20:15<\/option>\n\t\t\t\t\t\t\t\t\t\t<option value=\"20:30\">\n\t\t\t\t\t\t\t\t\t\t\t20:30<\/option>\n\t\t\t\t\t\t\t\t\t\t<option value=\"20:45\">\n\t\t\t\t\t\t\t\t\t\t\t20:45<\/option>\n\t\t\t\t\t\t\t\t\t\t\t\t\t\t\t\t\t\t\t\t<option value=\"21:00\">\n\t\t\t\t\t\t\t\t\t\t\t21:00<\/option>\n\t\t\t\t\t\t\t\t\t\t<option value=\"21:15\">\n\t\t\t\t\t\t\t\t\t\t\t21:15<\/option>\n\t\t\t\t\t\t\t\t\t\t<option value=\"21:30\">\n\t\t\t\t\t\t\t\t\t\t\t21:30<\/option>\n\t\t\t\t\t\t\t\t\t\t<option value=\"21:45\">\n\t\t\t\t\t\t\t\t\t\t\t21:45<\/option>\n\t\t\t\t\t\t\t\t\t\t\t\t\t\t\t\t\t\t\t\t<option value=\"22:00\">\n\t\t\t\t\t\t\t\t\t\t\t22:00<\/option>\n\t\t\t\t\t\t\t\t\t\t<option value=\"22:15\">\n\t\t\t\t\t\t\t\t\t\t\t22:15<\/option>\n\t\t\t\t\t\t\t\t\t\t<option value=\"22:30\">\n\t\t\t\t\t\t\t\t\t\t\t22:30<\/option>\n\t\t\t\t\t\t\t\t\t\t<option value=\"22:45\">\n\t\t\t\t\t\t\t\t\t\t\t22:45<\/option>\n\t\t\t\t\t\t\t\t\t\t\t\t\t\t\t\t\t\t\t\t<option value=\"23:00\">\n\t\t\t\t\t\t\t\t\t\t\t23:00<\/option>\n\t\t\t\t\t\t\t\t\t\t<option value=\"23:15\">\n\t\t\t\t\t\t\t\t\t\t\t23:15<\/option>\n\t\t\t\t\t\t\t\t\t\t<option value=\"23:30\">\n\t\t\t\t\t\t\t\t\t\t\t23:30<\/option>\n\t\t\t\t\t\t\t\t\t\t<option value=\"23:45\">\n\t\t\t\t\t\t\t\t\t\t\t23:45<\/option>\n\t\t\t\t\t\t\t\t\t\t\t\t\t\t\t\t\t\t\t<\/select>\n\t\t\t\t\t\t\t\t<\/div>\n\t\t\t\t\t\t\t<\/div>\n\t\t\t\t\t\t<\/div>\n\t\t\t\t\t\t<div class=\"col-sm-6\">\n\t\t\t\t\t\t\t<div class=\"form-group\">\n\t\t\t\t\t\t\t\t<div id=\"bookingBox\"><\/div>\n\n\t\t\t\t\t\t\t\t<label for=\"devuelta\"><h4>Terugbrendgend<\/h4><\/label>\n\t\t\t\t\t\t\t\t<select name=\"devuelta\" id=\"devuelta\" class=\"custom-select\">\n\t\t\t\t\t\t\t\t\t<option value=\"airport\"  selected>Luchthaven M\u00e1laga<\/option>\n\t\t\t\t\t\t\t\t\t\t\t\t\t\t\t\t<\/select>\n\n\t\t\t\t\t\t\t\t<div class=\"form-inline my-2\">\n\t\t\t\t\t\t\t\t\t<input id=\"dDate\" class=\"form-control\" value=\"14\/09\/2026\" name=\"dDate\" readonly>\n\t\t\t\t\t\t\t\t\t<select class=\"custom-select\" id=\"dhorasminutos\" name=\"dhorasminutos\" oninvalid=\"setCustomValidity('Laat ons weten wanneer je terugkomt.')\" onchange=\"setCustomValidity('')\">\n\t\t\t\t\t\t\t\t\t\t<option value=\"-\" selected>--:--<\/option>\n\t\t\t\t\t\t\t\t\t\t\t\t\t\t\t\t\t\t\t\t<option value=\"00:00\">\n\t\t\t\t\t\t\t\t\t\t\t00:00<\/option>\n\t\t\t\t\t\t\t\t\t\t<option value=\"00:15\">\n\t\t\t\t\t\t\t\t\t\t\t00:15<\/option>\n\t\t\t\t\t\t\t\t\t\t<option value=\"00:30\">\n\t\t\t\t\t\t\t\t\t\t\t00:30<\/option>\n\t\t\t\t\t\t\t\t\t\t<option value=\"00:45\">\n\t\t\t\t\t\t\t\t\t\t\t00:45<\/option>\n\t\t\t\t\t\t\t\t\t\t\t\t\t\t\t\t\t\t\t\t<option value=\"01:00\">\n\t\t\t\t\t\t\t\t\t\t\t01:00<\/option>\n\t\t\t\t\t\t\t\t\t\t<option value=\"01:15\">\n\t\t\t\t\t\t\t\t\t\t\t01:15<\/option>\n\t\t\t\t\t\t\t\t\t\t<option value=\"01:30\">\n\t\t\t\t\t\t\t\t\t\t\t01:30<\/option>\n\t\t\t\t\t\t\t\t\t\t<option value=\"01:45\">\n\t\t\t\t\t\t\t\t\t\t\t01:45<\/option>\n\t\t\t\t\t\t\t\t\t\t\t\t\t\t\t\t\t\t\t\t<option value=\"02:00\">\n\t\t\t\t\t\t\t\t\t\t\t02:00<\/option>\n\t\t\t\t\t\t\t\t\t\t<option value=\"02:15\">\n\t\t\t\t\t\t\t\t\t\t\t02:15<\/option>\n\t\t\t\t\t\t\t\t\t\t<option value=\"02:30\">\n\t\t\t\t\t\t\t\t\t\t\t02:30<\/option>\n\t\t\t\t\t\t\t\t\t\t<option value=\"02:45\">\n\t\t\t\t\t\t\t\t\t\t\t02:45<\/option>\n\t\t\t\t\t\t\t\t\t\t\t\t\t\t\t\t\t\t\t\t<option value=\"03:00\">\n\t\t\t\t\t\t\t\t\t\t\t03:00<\/option>\n\t\t\t\t\t\t\t\t\t\t<option value=\"03:15\">\n\t\t\t\t\t\t\t\t\t\t\t03:15<\/option>\n\t\t\t\t\t\t\t\t\t\t<option value=\"03:30\">\n\t\t\t\t\t\t\t\t\t\t\t03:30<\/option>\n\t\t\t\t\t\t\t\t\t\t<option value=\"03:45\">\n\t\t\t\t\t\t\t\t\t\t\t03:45<\/option>\n\t\t\t\t\t\t\t\t\t\t\t\t\t\t\t\t\t\t\t\t<option value=\"04:00\">\n\t\t\t\t\t\t\t\t\t\t\t04:00<\/option>\n\t\t\t\t\t\t\t\t\t\t<option value=\"04:15\">\n\t\t\t\t\t\t\t\t\t\t\t04:15<\/option>\n\t\t\t\t\t\t\t\t\t\t<option value=\"04:30\">\n\t\t\t\t\t\t\t\t\t\t\t04:30<\/option>\n\t\t\t\t\t\t\t\t\t\t<option value=\"04:45\">\n\t\t\t\t\t\t\t\t\t\t\t04:45<\/option>\n\t\t\t\t\t\t\t\t\t\t\t\t\t\t\t\t\t\t\t\t<option value=\"05:00\">\n\t\t\t\t\t\t\t\t\t\t\t05:00<\/option>\n\t\t\t\t\t\t\t\t\t\t<option value=\"05:15\">\n\t\t\t\t\t\t\t\t\t\t\t05:15<\/option>\n\t\t\t\t\t\t\t\t\t\t<option value=\"05:30\">\n\t\t\t\t\t\t\t\t\t\t\t05:30<\/option>\n\t\t\t\t\t\t\t\t\t\t<option value=\"05:45\">\n\t\t\t\t\t\t\t\t\t\t\t05:45<\/option>\n\t\t\t\t\t\t\t\t\t\t\t\t\t\t\t\t\t\t\t\t<option value=\"06:00\">\n\t\t\t\t\t\t\t\t\t\t\t06:00<\/option>\n\t\t\t\t\t\t\t\t\t\t<option value=\"06:15\">\n\t\t\t\t\t\t\t\t\t\t\t06:15<\/option>\n\t\t\t\t\t\t\t\t\t\t<option value=\"06:30\">\n\t\t\t\t\t\t\t\t\t\t\t06:30<\/option>\n\t\t\t\t\t\t\t\t\t\t<option value=\"06:45\">\n\t\t\t\t\t\t\t\t\t\t\t06:45<\/option>\n\t\t\t\t\t\t\t\t\t\t\t\t\t\t\t\t\t\t\t\t<option value=\"07:00\">\n\t\t\t\t\t\t\t\t\t\t\t07:00<\/option>\n\t\t\t\t\t\t\t\t\t\t<option value=\"07:15\">\n\t\t\t\t\t\t\t\t\t\t\t07:15<\/option>\n\t\t\t\t\t\t\t\t\t\t<option value=\"07:30\">\n\t\t\t\t\t\t\t\t\t\t\t07:30<\/option>\n\t\t\t\t\t\t\t\t\t\t<option value=\"07:45\">\n\t\t\t\t\t\t\t\t\t\t\t07:45<\/option>\n\t\t\t\t\t\t\t\t\t\t\t\t\t\t\t\t\t\t\t\t<option value=\"08:00\">\n\t\t\t\t\t\t\t\t\t\t\t08:00<\/option>\n\t\t\t\t\t\t\t\t\t\t<option value=\"08:15\">\n\t\t\t\t\t\t\t\t\t\t\t08:15<\/option>\n\t\t\t\t\t\t\t\t\t\t<option value=\"08:30\">\n\t\t\t\t\t\t\t\t\t\t\t08:30<\/option>\n\t\t\t\t\t\t\t\t\t\t<option value=\"08:45\">\n\t\t\t\t\t\t\t\t\t\t\t08:45<\/option>\n\t\t\t\t\t\t\t\t\t\t\t\t\t\t\t\t\t\t\t\t<option value=\"09:00\">\n\t\t\t\t\t\t\t\t\t\t\t09:00<\/option>\n\t\t\t\t\t\t\t\t\t\t<option value=\"09:15\">\n\t\t\t\t\t\t\t\t\t\t\t09:15<\/option>\n\t\t\t\t\t\t\t\t\t\t<option value=\"09:30\">\n\t\t\t\t\t\t\t\t\t\t\t09:30<\/option>\n\t\t\t\t\t\t\t\t\t\t<option value=\"09:45\">\n\t\t\t\t\t\t\t\t\t\t\t09:45<\/option>\n\t\t\t\t\t\t\t\t\t\t\t\t\t\t\t\t\t\t\t\t<option value=\"10:00\">\n\t\t\t\t\t\t\t\t\t\t\t10:00<\/option>\n\t\t\t\t\t\t\t\t\t\t<option value=\"10:15\">\n\t\t\t\t\t\t\t\t\t\t\t10:15<\/option>\n\t\t\t\t\t\t\t\t\t\t<option value=\"10:30\">\n\t\t\t\t\t\t\t\t\t\t\t10:30<\/option>\n\t\t\t\t\t\t\t\t\t\t<option value=\"10:45\">\n\t\t\t\t\t\t\t\t\t\t\t10:45<\/option>\n\t\t\t\t\t\t\t\t\t\t\t\t\t\t\t\t\t\t\t\t<option value=\"11:00\">\n\t\t\t\t\t\t\t\t\t\t\t11:00<\/option>\n\t\t\t\t\t\t\t\t\t\t<option value=\"11:15\">\n\t\t\t\t\t\t\t\t\t\t\t11:15<\/option>\n\t\t\t\t\t\t\t\t\t\t<option value=\"11:30\">\n\t\t\t\t\t\t\t\t\t\t\t11:30<\/option>\n\t\t\t\t\t\t\t\t\t\t<option value=\"11:45\">\n\t\t\t\t\t\t\t\t\t\t\t11:45<\/option>\n\t\t\t\t\t\t\t\t\t\t\t\t\t\t\t\t\t\t\t\t<option value=\"12:00\">\n\t\t\t\t\t\t\t\t\t\t\t12:00<\/option>\n\t\t\t\t\t\t\t\t\t\t<option value=\"12:15\">\n\t\t\t\t\t\t\t\t\t\t\t12:15<\/option>\n\t\t\t\t\t\t\t\t\t\t<option value=\"12:30\">\n\t\t\t\t\t\t\t\t\t\t\t12:30<\/option>\n\t\t\t\t\t\t\t\t\t\t<option value=\"12:45\">\n\t\t\t\t\t\t\t\t\t\t\t12:45<\/option>\n\t\t\t\t\t\t\t\t\t\t\t\t\t\t\t\t\t\t\t\t<option value=\"13:00\">\n\t\t\t\t\t\t\t\t\t\t\t13:00<\/option>\n\t\t\t\t\t\t\t\t\t\t<option value=\"13:15\">\n\t\t\t\t\t\t\t\t\t\t\t13:15<\/option>\n\t\t\t\t\t\t\t\t\t\t<option value=\"13:30\">\n\t\t\t\t\t\t\t\t\t\t\t13:30<\/option>\n\t\t\t\t\t\t\t\t\t\t<option value=\"13:45\">\n\t\t\t\t\t\t\t\t\t\t\t13:45<\/option>\n\t\t\t\t\t\t\t\t\t\t\t\t\t\t\t\t\t\t\t\t<option value=\"14:00\">\n\t\t\t\t\t\t\t\t\t\t\t14:00<\/option>\n\t\t\t\t\t\t\t\t\t\t<option value=\"14:15\">\n\t\t\t\t\t\t\t\t\t\t\t14:15<\/option>\n\t\t\t\t\t\t\t\t\t\t<option value=\"14:30\">\n\t\t\t\t\t\t\t\t\t\t\t14:30<\/option>\n\t\t\t\t\t\t\t\t\t\t<option value=\"14:45\">\n\t\t\t\t\t\t\t\t\t\t\t14:45<\/option>\n\t\t\t\t\t\t\t\t\t\t\t\t\t\t\t\t\t\t\t\t<option value=\"15:00\">\n\t\t\t\t\t\t\t\t\t\t\t15:00<\/option>\n\t\t\t\t\t\t\t\t\t\t<option value=\"15:15\">\n\t\t\t\t\t\t\t\t\t\t\t15:15<\/option>\n\t\t\t\t\t\t\t\t\t\t<option value=\"15:30\">\n\t\t\t\t\t\t\t\t\t\t\t15:30<\/option>\n\t\t\t\t\t\t\t\t\t\t<option value=\"15:45\">\n\t\t\t\t\t\t\t\t\t\t\t15:45<\/option>\n\t\t\t\t\t\t\t\t\t\t\t\t\t\t\t\t\t\t\t\t<option value=\"16:00\">\n\t\t\t\t\t\t\t\t\t\t\t16:00<\/option>\n\t\t\t\t\t\t\t\t\t\t<option value=\"16:15\">\n\t\t\t\t\t\t\t\t\t\t\t16:15<\/option>\n\t\t\t\t\t\t\t\t\t\t<option value=\"16:30\">\n\t\t\t\t\t\t\t\t\t\t\t16:30<\/option>\n\t\t\t\t\t\t\t\t\t\t<option value=\"16:45\">\n\t\t\t\t\t\t\t\t\t\t\t16:45<\/option>\n\t\t\t\t\t\t\t\t\t\t\t\t\t\t\t\t\t\t\t\t<option value=\"17:00\">\n\t\t\t\t\t\t\t\t\t\t\t17:00<\/option>\n\t\t\t\t\t\t\t\t\t\t<option value=\"17:15\">\n\t\t\t\t\t\t\t\t\t\t\t17:15<\/option>\n\t\t\t\t\t\t\t\t\t\t<option value=\"17:30\">\n\t\t\t\t\t\t\t\t\t\t\t17:30<\/option>\n\t\t\t\t\t\t\t\t\t\t<option value=\"17:45\">\n\t\t\t\t\t\t\t\t\t\t\t17:45<\/option>\n\t\t\t\t\t\t\t\t\t\t\t\t\t\t\t\t\t\t\t\t<option value=\"18:00\">\n\t\t\t\t\t\t\t\t\t\t\t18:00<\/option>\n\t\t\t\t\t\t\t\t\t\t<option value=\"18:15\">\n\t\t\t\t\t\t\t\t\t\t\t18:15<\/option>\n\t\t\t\t\t\t\t\t\t\t<option value=\"18:30\">\n\t\t\t\t\t\t\t\t\t\t\t18:30<\/option>\n\t\t\t\t\t\t\t\t\t\t<option value=\"18:45\">\n\t\t\t\t\t\t\t\t\t\t\t18:45<\/option>\n\t\t\t\t\t\t\t\t\t\t\t\t\t\t\t\t\t\t\t\t<option value=\"19:00\">\n\t\t\t\t\t\t\t\t\t\t\t19:00<\/option>\n\t\t\t\t\t\t\t\t\t\t<option value=\"19:15\">\n\t\t\t\t\t\t\t\t\t\t\t19:15<\/option>\n\t\t\t\t\t\t\t\t\t\t<option value=\"19:30\">\n\t\t\t\t\t\t\t\t\t\t\t19:30<\/option>\n\t\t\t\t\t\t\t\t\t\t<option value=\"19:45\">\n\t\t\t\t\t\t\t\t\t\t\t19:45<\/option>\n\t\t\t\t\t\t\t\t\t\t\t\t\t\t\t\t\t\t\t\t<option value=\"20:00\">\n\t\t\t\t\t\t\t\t\t\t\t20:00<\/option>\n\t\t\t\t\t\t\t\t\t\t<option value=\"20:15\">\n\t\t\t\t\t\t\t\t\t\t\t20:15<\/option>\n\t\t\t\t\t\t\t\t\t\t<option value=\"20:30\">\n\t\t\t\t\t\t\t\t\t\t\t20:30<\/option>\n\t\t\t\t\t\t\t\t\t\t<option value=\"20:45\">\n\t\t\t\t\t\t\t\t\t\t\t20:45<\/option>\n\t\t\t\t\t\t\t\t\t\t\t\t\t\t\t\t\t\t\t\t<option value=\"21:00\">\n\t\t\t\t\t\t\t\t\t\t\t21:00<\/option>\n\t\t\t\t\t\t\t\t\t\t<option value=\"21:15\">\n\t\t\t\t\t\t\t\t\t\t\t21:15<\/option>\n\t\t\t\t\t\t\t\t\t\t<option value=\"21:30\">\n\t\t\t\t\t\t\t\t\t\t\t21:30<\/option>\n\t\t\t\t\t\t\t\t\t\t<option value=\"21:45\">\n\t\t\t\t\t\t\t\t\t\t\t21:45<\/option>\n\t\t\t\t\t\t\t\t\t\t\t\t\t\t\t\t\t\t\t\t<option value=\"22:00\">\n\t\t\t\t\t\t\t\t\t\t\t22:00<\/option>\n\t\t\t\t\t\t\t\t\t\t<option value=\"22:15\">\n\t\t\t\t\t\t\t\t\t\t\t22:15<\/option>\n\t\t\t\t\t\t\t\t\t\t<option value=\"22:30\">\n\t\t\t\t\t\t\t\t\t\t\t22:30<\/option>\n\t\t\t\t\t\t\t\t\t\t<option value=\"22:45\">\n\t\t\t\t\t\t\t\t\t\t\t22:45<\/option>\n\t\t\t\t\t\t\t\t\t\t\t\t\t\t\t\t\t\t\t\t<option value=\"23:00\">\n\t\t\t\t\t\t\t\t\t\t\t23:00<\/option>\n\t\t\t\t\t\t\t\t\t\t<option value=\"23:15\">\n\t\t\t\t\t\t\t\t\t\t\t23:15<\/option>\n\t\t\t\t\t\t\t\t\t\t<option value=\"23:30\">\n\t\t\t\t\t\t\t\t\t\t\t23:30<\/option>\n\t\t\t\t\t\t\t\t\t\t<option value=\"23:45\">\n\t\t\t\t\t\t\t\t\t\t\t23:45<\/option>\n\t\t\t\t\t\t\t\t\t\t\t\t\t\t\t\t\t\t\t<\/select>\n\t\t\t\t\t\t\t\t<\/div>\n\t\t\t\t\t\t\t<\/div>\n\t\t\t\t\t\t<\/div>\n\n\t\t\t\t\t<\/div>\n\t\t\t\t\n\n\t\t\t\t\t\t<div class=\"row\">\n                               <div class=\"col-sm-6\">\n\t\t\t\t\t\t\t\t<div class=\"form-group promo-code\">\n\t\t\t\t\t\t\t\t\t\t\t\t\t\t\t\t\t<label for=\"tipogrupo\" class=\"w-50 text-right pr-3 pt-1\">Groep<\/label>\n\t\t\t\t\t\t\t\t\t<select name=\"tipogrupo\" id=\"tipogrupo\" class=\"form-control w-50\">\n\t\t\t\t\t\t\t\t\t<option value=\"0\">Alle auto's<\/option>\n\t\t\t                        <option value=\"1\">Standard<\/option>  \n\t\t\t\t\t\t\t\t\t<option value=\"2\" >Automatics<\/option>  \n\t\t\t\t\t\t\t\t\t<option value=\"4\">Minivan<\/option>  \n\t\t\t\t\t\t\t\t\t<option value=\"5\">Cabrio & Sport<\/option>  \n\t\t\t\t\t\t\t\t\t<option value=\"6\">Prestige<\/option>  \n\t\t\t\t\t\t\t\t\t<option value=\"8\">SUV \/ Stationwagen<\/option> \n\t\t\t\t\t\t\t\t\t<option value=\"10\">Camper en Motorhome<\/option>  \t\t\t\t\t\t\t\t\n\t\t\t\t\t\t\t\t<\/select>\t\n\t\t\t\t\t\t\t\t\t\n\t\t\t\t\t\t\t<\/div>\n\t\t\t\t\t\t\t<\/div>\n\t\t\t\t\t\t<div class=\"col-sm-6 align-self-end\">\n\t\t\t\t\t\t\t<div class=\"form-group\">\n\t\t\t\t\t\t\t\t<input type=\"submit\" class=\"btn-quote\" value=\"Get Quote\" onclick=\"return msgAlert()\">\n\t\t\t\t\t\t\t<\/div>\n\t\t\t\t\t\t<\/div>\n\t\t\t\t\t<\/div>\n\t\t\t\t<\/form>\n\t\t\t\t<div class=\"row hide-mini-tablet advantages\">\n\t\t\t\t\t\t<div class=\"col-12\">\n\t\t\t\t\t\t\t<h4 class=\"text-center text-white\">De beste prijzen!<\/h4>\n\t\t\t\t\t\t\t<ul>\n\t\t\t\t\t\t\t\t<li>Groot wagenpark aan gloednieuwe wagens.<\/li>\n\t\t\t\t\t\t\t\t<li>Betalen bij aankomst.<\/li>\n\t\t\t\t\t\t\t\t<li>Wat je ziet is wat je betaalt.<\/li>\n\t\t\t\t\t\t\t\t<li>Geen creditcard nodig om te boeken.<\/li>\n\t\t\t\t\t\t\t\t<li>VIP bezorgservice gratis.<\/li>\n\t\t\t\t\t\t\t\t<li><strong class=\"redpassion-alt\">Wij rekenen geen extra kosten<\/strong> voor onze bijtank service.<\/li>\n\t\t\t\t\t\t\t<\/ul>\n\t\t\t\t\t\t<\/div>\n\t\t\t\t\t<\/div>\n\t\t\t\t<\/div>\n\t\t\t<br clear=\"all\">\n\n","protected":false},"excerpt":{"rendered":"<p>M\u00e1laga in November is niet grijs, koud of somber, maar heeft veel te bieden! Deze november kunnen we in M\u00e1laga genieten van diverse festivals, evenals de langverwachte kerstverlichting in M\u00e1laga. Alle informatie vind je in onze evenementenkalender hieronder.<\/p>\n","protected":false},"author":1,"featured_media":4468,"comment_status":"open","ping_status":"open","sticky":false,"template":"","format":"standard","meta":{"footnotes":""},"categories":[506],"tags":[450,307,461,482],"class_list":["post-4102","post","type-post","status-publish","format-standard","has-post-thumbnail","hentry","category-vrije-tijd","tag-activiteiten","tag-malaga","tag-november","tag-wat-te-doen"],"yoast_head":"<!-- This site is optimized with the Yoast SEO plugin v28.4 - https:\/\/yoast.com\/product\/yoast-seo-wordpress\/ -->\n<title>Dingen om te doen in M\u00e1laga in november 2025 - MalagaCar.com Blog<\/title>\n<meta name=\"description\" content=\"Deze november in Malaga genieten van verschillende muziekfestivals, samen met het langverwachte aansteken van de kerstverlichting in de stad.\" \/>\n<meta name=\"robots\" content=\"index, follow, max-snippet:-1, max-image-preview:large, max-video-preview:-1\" \/>\n<link rel=\"canonical\" href=\"https:\/\/www.malagacar.com\/nl\/blog\/vrije-tijd\/wat-te-doen-in-malaga-in-november\/\" \/>\n<meta property=\"og:locale\" content=\"nl_NL\" \/>\n<meta property=\"og:type\" content=\"article\" \/>\n<meta property=\"og:title\" content=\"Dingen om te doen in M\u00e1laga in november 2025 - MalagaCar.com Blog\" \/>\n<meta property=\"og:description\" content=\"Deze november in Malaga genieten van verschillende muziekfestivals, samen met het langverwachte aansteken van de kerstverlichting in de stad.\" \/>\n<meta property=\"og:url\" content=\"https:\/\/www.malagacar.com\/nl\/blog\/vrije-tijd\/wat-te-doen-in-malaga-in-november\/\" \/>\n<meta property=\"og:site_name\" content=\"MalagaCar.com Blog\" \/>\n<meta property=\"article:publisher\" content=\"https:\/\/www.facebook.com\/malagacar\" \/>\n<meta property=\"article:published_time\" content=\"2025-11-01T09:42:33+00:00\" \/>\n<meta property=\"article:modified_time\" content=\"2025-11-24T10:25:08+00:00\" \/>\n<meta property=\"og:image\" content=\"https:\/\/www.malagacar.com\/nl\/blog\/wp-content\/uploads\/2021\/10\/11-nl.jpg\" \/>\n\t<meta property=\"og:image:width\" content=\"1000\" \/>\n\t<meta property=\"og:image:height\" content=\"896\" \/>\n\t<meta property=\"og:image:type\" content=\"image\/jpeg\" \/>\n<meta name=\"author\" content=\"MalagaCar.com\" \/>\n<meta name=\"twitter:label1\" content=\"Geschreven door\" \/>\n\t<meta name=\"twitter:data1\" content=\"MalagaCar.com\" \/>\n\t<meta name=\"twitter:label2\" content=\"Geschatte leestijd\" \/>\n\t<meta name=\"twitter:data2\" content=\"23 minuten\" \/>\n<script type=\"application\/ld+json\" class=\"yoast-schema-graph\">{\"@context\":\"https:\\\/\\\/schema.org\",\"@graph\":[{\"@type\":\"Article\",\"@id\":\"https:\\\/\\\/www.malagacar.com\\\/nl\\\/blog\\\/vrije-tijd\\\/wat-te-doen-in-malaga-in-november\\\/#article\",\"isPartOf\":{\"@id\":\"https:\\\/\\\/www.malagacar.com\\\/nl\\\/blog\\\/vrije-tijd\\\/wat-te-doen-in-malaga-in-november\\\/\"},\"author\":{\"name\":\"MalagaCar.com\",\"@id\":\"https:\\\/\\\/www.malagacar.com\\\/nl\\\/blog\\\/#\\\/schema\\\/person\\\/fbc37b93c0f5bbdaa54a0a4fc59d8b8c\"},\"headline\":\"Dingen om te doen in M\u00e1laga in november 2025\",\"datePublished\":\"2025-11-01T09:42:33+00:00\",\"dateModified\":\"2025-11-24T10:25:08+00:00\",\"mainEntityOfPage\":{\"@id\":\"https:\\\/\\\/www.malagacar.com\\\/nl\\\/blog\\\/vrije-tijd\\\/wat-te-doen-in-malaga-in-november\\\/\"},\"wordCount\":3202,\"commentCount\":0,\"publisher\":{\"@id\":\"https:\\\/\\\/www.malagacar.com\\\/nl\\\/blog\\\/#organization\"},\"image\":{\"@id\":\"https:\\\/\\\/www.malagacar.com\\\/nl\\\/blog\\\/vrije-tijd\\\/wat-te-doen-in-malaga-in-november\\\/#primaryimage\"},\"thumbnailUrl\":\"https:\\\/\\\/www.malagacar.com\\\/nl\\\/blog\\\/wp-content\\\/uploads\\\/2021\\\/10\\\/11-nl.jpg\",\"keywords\":[\"Activiteiten\",\"malaga\",\"november\",\"Wat te doen\"],\"articleSection\":[\"Vrije Tijd\"],\"inLanguage\":\"nl-NL\",\"potentialAction\":[{\"@type\":\"CommentAction\",\"name\":\"Comment\",\"target\":[\"https:\\\/\\\/www.malagacar.com\\\/nl\\\/blog\\\/vrije-tijd\\\/wat-te-doen-in-malaga-in-november\\\/#respond\"]}]},{\"@type\":\"WebPage\",\"@id\":\"https:\\\/\\\/www.malagacar.com\\\/nl\\\/blog\\\/vrije-tijd\\\/wat-te-doen-in-malaga-in-november\\\/\",\"url\":\"https:\\\/\\\/www.malagacar.com\\\/nl\\\/blog\\\/vrije-tijd\\\/wat-te-doen-in-malaga-in-november\\\/\",\"name\":\"Dingen om te doen in M\u00e1laga in november 2025 - MalagaCar.com Blog\",\"isPartOf\":{\"@id\":\"https:\\\/\\\/www.malagacar.com\\\/nl\\\/blog\\\/#website\"},\"primaryImageOfPage\":{\"@id\":\"https:\\\/\\\/www.malagacar.com\\\/nl\\\/blog\\\/vrije-tijd\\\/wat-te-doen-in-malaga-in-november\\\/#primaryimage\"},\"image\":{\"@id\":\"https:\\\/\\\/www.malagacar.com\\\/nl\\\/blog\\\/vrije-tijd\\\/wat-te-doen-in-malaga-in-november\\\/#primaryimage\"},\"thumbnailUrl\":\"https:\\\/\\\/www.malagacar.com\\\/nl\\\/blog\\\/wp-content\\\/uploads\\\/2021\\\/10\\\/11-nl.jpg\",\"datePublished\":\"2025-11-01T09:42:33+00:00\",\"dateModified\":\"2025-11-24T10:25:08+00:00\",\"description\":\"Deze november in Malaga genieten van verschillende muziekfestivals, samen met het langverwachte aansteken van de kerstverlichting in de stad.\",\"breadcrumb\":{\"@id\":\"https:\\\/\\\/www.malagacar.com\\\/nl\\\/blog\\\/vrije-tijd\\\/wat-te-doen-in-malaga-in-november\\\/#breadcrumb\"},\"inLanguage\":\"nl-NL\",\"potentialAction\":[{\"@type\":\"ReadAction\",\"target\":[\"https:\\\/\\\/www.malagacar.com\\\/nl\\\/blog\\\/vrije-tijd\\\/wat-te-doen-in-malaga-in-november\\\/\"]}]},{\"@type\":\"ImageObject\",\"inLanguage\":\"nl-NL\",\"@id\":\"https:\\\/\\\/www.malagacar.com\\\/nl\\\/blog\\\/vrije-tijd\\\/wat-te-doen-in-malaga-in-november\\\/#primaryimage\",\"url\":\"https:\\\/\\\/www.malagacar.com\\\/nl\\\/blog\\\/wp-content\\\/uploads\\\/2021\\\/10\\\/11-nl.jpg\",\"contentUrl\":\"https:\\\/\\\/www.malagacar.com\\\/nl\\\/blog\\\/wp-content\\\/uploads\\\/2021\\\/10\\\/11-nl.jpg\",\"width\":1000,\"height\":896},{\"@type\":\"BreadcrumbList\",\"@id\":\"https:\\\/\\\/www.malagacar.com\\\/nl\\\/blog\\\/vrije-tijd\\\/wat-te-doen-in-malaga-in-november\\\/#breadcrumb\",\"itemListElement\":[{\"@type\":\"ListItem\",\"position\":1,\"name\":\"Home\",\"item\":\"https:\\\/\\\/www.malagacar.com\\\/nl\\\/blog\\\/\"},{\"@type\":\"ListItem\",\"position\":2,\"name\":\"Dingen om te doen in M\u00e1laga in november 2025\"}]},{\"@type\":\"WebSite\",\"@id\":\"https:\\\/\\\/www.malagacar.com\\\/nl\\\/blog\\\/#website\",\"url\":\"https:\\\/\\\/www.malagacar.com\\\/nl\\\/blog\\\/\",\"name\":\"MalagaCar.com Blog\",\"description\":\"Nieuws en feiten over auto huren op de luchthaven van Malaga.\",\"publisher\":{\"@id\":\"https:\\\/\\\/www.malagacar.com\\\/nl\\\/blog\\\/#organization\"},\"potentialAction\":[{\"@type\":\"SearchAction\",\"target\":{\"@type\":\"EntryPoint\",\"urlTemplate\":\"https:\\\/\\\/www.malagacar.com\\\/nl\\\/blog\\\/?s={search_term_string}\"},\"query-input\":{\"@type\":\"PropertyValueSpecification\",\"valueRequired\":true,\"valueName\":\"search_term_string\"}}],\"inLanguage\":\"nl-NL\"},{\"@type\":\"Organization\",\"@id\":\"https:\\\/\\\/www.malagacar.com\\\/nl\\\/blog\\\/#organization\",\"name\":\"MalagaCar.com\",\"url\":\"https:\\\/\\\/www.malagacar.com\\\/nl\\\/blog\\\/\",\"logo\":{\"@type\":\"ImageObject\",\"inLanguage\":\"nl-NL\",\"@id\":\"https:\\\/\\\/www.malagacar.com\\\/nl\\\/blog\\\/#\\\/schema\\\/logo\\\/image\\\/\",\"url\":\"https:\\\/\\\/www.malagacar.com\\\/nl\\\/blog\\\/wp-content\\\/uploads\\\/2021\\\/06\\\/logo-malagacar-social.png\",\"contentUrl\":\"https:\\\/\\\/www.malagacar.com\\\/nl\\\/blog\\\/wp-content\\\/uploads\\\/2021\\\/06\\\/logo-malagacar-social.png\",\"width\":900,\"height\":900,\"caption\":\"MalagaCar.com\"},\"image\":{\"@id\":\"https:\\\/\\\/www.malagacar.com\\\/nl\\\/blog\\\/#\\\/schema\\\/logo\\\/image\\\/\"},\"sameAs\":[\"https:\\\/\\\/www.facebook.com\\\/malagacar\",\"https:\\\/\\\/x.com\\\/malagacarcom\",\"https:\\\/\\\/www.instagram.com\\\/malagacar\\\/\",\"https:\\\/\\\/www.linkedin.com\\\/company\\\/malagacar.com\",\"https:\\\/\\\/www.youtube.com\\\/c\\\/MalagacarAirport\"]},{\"@type\":\"Person\",\"@id\":\"https:\\\/\\\/www.malagacar.com\\\/nl\\\/blog\\\/#\\\/schema\\\/person\\\/fbc37b93c0f5bbdaa54a0a4fc59d8b8c\",\"name\":\"MalagaCar.com\",\"image\":{\"@type\":\"ImageObject\",\"inLanguage\":\"nl-NL\",\"@id\":\"https:\\\/\\\/secure.gravatar.com\\\/avatar\\\/296ebc31026e7be05868369e4c596b3239b1582b2fcf8a45de57333e2e82bb82?s=96&d=mm&r=g\",\"url\":\"https:\\\/\\\/secure.gravatar.com\\\/avatar\\\/296ebc31026e7be05868369e4c596b3239b1582b2fcf8a45de57333e2e82bb82?s=96&d=mm&r=g\",\"contentUrl\":\"https:\\\/\\\/secure.gravatar.com\\\/avatar\\\/296ebc31026e7be05868369e4c596b3239b1582b2fcf8a45de57333e2e82bb82?s=96&d=mm&r=g\",\"caption\":\"MalagaCar.com\"},\"sameAs\":[\"https:\\\/\\\/www.malagacar.com\\\/nl\\\/\"]}]}<\/script>\n<!-- \/ Yoast SEO plugin. -->","yoast_head_json":{"title":"Dingen om te doen in M\u00e1laga in november 2025 - MalagaCar.com Blog","description":"Deze november in Malaga genieten van verschillende muziekfestivals, samen met het langverwachte aansteken van de kerstverlichting in de stad.","robots":{"index":"index","follow":"follow","max-snippet":"max-snippet:-1","max-image-preview":"max-image-preview:large","max-video-preview":"max-video-preview:-1"},"canonical":"https:\/\/www.malagacar.com\/nl\/blog\/vrije-tijd\/wat-te-doen-in-malaga-in-november\/","og_locale":"nl_NL","og_type":"article","og_title":"Dingen om te doen in M\u00e1laga in november 2025 - MalagaCar.com Blog","og_description":"Deze november in Malaga genieten van verschillende muziekfestivals, samen met het langverwachte aansteken van de kerstverlichting in de stad.","og_url":"https:\/\/www.malagacar.com\/nl\/blog\/vrije-tijd\/wat-te-doen-in-malaga-in-november\/","og_site_name":"MalagaCar.com Blog","article_publisher":"https:\/\/www.facebook.com\/malagacar","article_published_time":"2025-11-01T09:42:33+00:00","article_modified_time":"2025-11-24T10:25:08+00:00","og_image":[{"width":1000,"height":896,"url":"https:\/\/www.malagacar.com\/nl\/blog\/wp-content\/uploads\/2021\/10\/11-nl.jpg","type":"image\/jpeg"}],"author":"MalagaCar.com","twitter_misc":{"Geschreven door":"MalagaCar.com","Geschatte leestijd":"23 minuten"},"schema":{"@context":"https:\/\/schema.org","@graph":[{"@type":"Article","@id":"https:\/\/www.malagacar.com\/nl\/blog\/vrije-tijd\/wat-te-doen-in-malaga-in-november\/#article","isPartOf":{"@id":"https:\/\/www.malagacar.com\/nl\/blog\/vrije-tijd\/wat-te-doen-in-malaga-in-november\/"},"author":{"name":"MalagaCar.com","@id":"https:\/\/www.malagacar.com\/nl\/blog\/#\/schema\/person\/fbc37b93c0f5bbdaa54a0a4fc59d8b8c"},"headline":"Dingen om te doen in M\u00e1laga in november 2025","datePublished":"2025-11-01T09:42:33+00:00","dateModified":"2025-11-24T10:25:08+00:00","mainEntityOfPage":{"@id":"https:\/\/www.malagacar.com\/nl\/blog\/vrije-tijd\/wat-te-doen-in-malaga-in-november\/"},"wordCount":3202,"commentCount":0,"publisher":{"@id":"https:\/\/www.malagacar.com\/nl\/blog\/#organization"},"image":{"@id":"https:\/\/www.malagacar.com\/nl\/blog\/vrije-tijd\/wat-te-doen-in-malaga-in-november\/#primaryimage"},"thumbnailUrl":"https:\/\/www.malagacar.com\/nl\/blog\/wp-content\/uploads\/2021\/10\/11-nl.jpg","keywords":["Activiteiten","malaga","november","Wat te doen"],"articleSection":["Vrije Tijd"],"inLanguage":"nl-NL","potentialAction":[{"@type":"CommentAction","name":"Comment","target":["https:\/\/www.malagacar.com\/nl\/blog\/vrije-tijd\/wat-te-doen-in-malaga-in-november\/#respond"]}]},{"@type":"WebPage","@id":"https:\/\/www.malagacar.com\/nl\/blog\/vrije-tijd\/wat-te-doen-in-malaga-in-november\/","url":"https:\/\/www.malagacar.com\/nl\/blog\/vrije-tijd\/wat-te-doen-in-malaga-in-november\/","name":"Dingen om te doen in M\u00e1laga in november 2025 - MalagaCar.com Blog","isPartOf":{"@id":"https:\/\/www.malagacar.com\/nl\/blog\/#website"},"primaryImageOfPage":{"@id":"https:\/\/www.malagacar.com\/nl\/blog\/vrije-tijd\/wat-te-doen-in-malaga-in-november\/#primaryimage"},"image":{"@id":"https:\/\/www.malagacar.com\/nl\/blog\/vrije-tijd\/wat-te-doen-in-malaga-in-november\/#primaryimage"},"thumbnailUrl":"https:\/\/www.malagacar.com\/nl\/blog\/wp-content\/uploads\/2021\/10\/11-nl.jpg","datePublished":"2025-11-01T09:42:33+00:00","dateModified":"2025-11-24T10:25:08+00:00","description":"Deze november in Malaga genieten van verschillende muziekfestivals, samen met het langverwachte aansteken van de kerstverlichting in de stad.","breadcrumb":{"@id":"https:\/\/www.malagacar.com\/nl\/blog\/vrije-tijd\/wat-te-doen-in-malaga-in-november\/#breadcrumb"},"inLanguage":"nl-NL","potentialAction":[{"@type":"ReadAction","target":["https:\/\/www.malagacar.com\/nl\/blog\/vrije-tijd\/wat-te-doen-in-malaga-in-november\/"]}]},{"@type":"ImageObject","inLanguage":"nl-NL","@id":"https:\/\/www.malagacar.com\/nl\/blog\/vrije-tijd\/wat-te-doen-in-malaga-in-november\/#primaryimage","url":"https:\/\/www.malagacar.com\/nl\/blog\/wp-content\/uploads\/2021\/10\/11-nl.jpg","contentUrl":"https:\/\/www.malagacar.com\/nl\/blog\/wp-content\/uploads\/2021\/10\/11-nl.jpg","width":1000,"height":896},{"@type":"BreadcrumbList","@id":"https:\/\/www.malagacar.com\/nl\/blog\/vrije-tijd\/wat-te-doen-in-malaga-in-november\/#breadcrumb","itemListElement":[{"@type":"ListItem","position":1,"name":"Home","item":"https:\/\/www.malagacar.com\/nl\/blog\/"},{"@type":"ListItem","position":2,"name":"Dingen om te doen in M\u00e1laga in november 2025"}]},{"@type":"WebSite","@id":"https:\/\/www.malagacar.com\/nl\/blog\/#website","url":"https:\/\/www.malagacar.com\/nl\/blog\/","name":"MalagaCar.com Blog","description":"Nieuws en feiten over auto huren op de luchthaven van Malaga.","publisher":{"@id":"https:\/\/www.malagacar.com\/nl\/blog\/#organization"},"potentialAction":[{"@type":"SearchAction","target":{"@type":"EntryPoint","urlTemplate":"https:\/\/www.malagacar.com\/nl\/blog\/?s={search_term_string}"},"query-input":{"@type":"PropertyValueSpecification","valueRequired":true,"valueName":"search_term_string"}}],"inLanguage":"nl-NL"},{"@type":"Organization","@id":"https:\/\/www.malagacar.com\/nl\/blog\/#organization","name":"MalagaCar.com","url":"https:\/\/www.malagacar.com\/nl\/blog\/","logo":{"@type":"ImageObject","inLanguage":"nl-NL","@id":"https:\/\/www.malagacar.com\/nl\/blog\/#\/schema\/logo\/image\/","url":"https:\/\/www.malagacar.com\/nl\/blog\/wp-content\/uploads\/2021\/06\/logo-malagacar-social.png","contentUrl":"https:\/\/www.malagacar.com\/nl\/blog\/wp-content\/uploads\/2021\/06\/logo-malagacar-social.png","width":900,"height":900,"caption":"MalagaCar.com"},"image":{"@id":"https:\/\/www.malagacar.com\/nl\/blog\/#\/schema\/logo\/image\/"},"sameAs":["https:\/\/www.facebook.com\/malagacar","https:\/\/x.com\/malagacarcom","https:\/\/www.instagram.com\/malagacar\/","https:\/\/www.linkedin.com\/company\/malagacar.com","https:\/\/www.youtube.com\/c\/MalagacarAirport"]},{"@type":"Person","@id":"https:\/\/www.malagacar.com\/nl\/blog\/#\/schema\/person\/fbc37b93c0f5bbdaa54a0a4fc59d8b8c","name":"MalagaCar.com","image":{"@type":"ImageObject","inLanguage":"nl-NL","@id":"https:\/\/secure.gravatar.com\/avatar\/296ebc31026e7be05868369e4c596b3239b1582b2fcf8a45de57333e2e82bb82?s=96&d=mm&r=g","url":"https:\/\/secure.gravatar.com\/avatar\/296ebc31026e7be05868369e4c596b3239b1582b2fcf8a45de57333e2e82bb82?s=96&d=mm&r=g","contentUrl":"https:\/\/secure.gravatar.com\/avatar\/296ebc31026e7be05868369e4c596b3239b1582b2fcf8a45de57333e2e82bb82?s=96&d=mm&r=g","caption":"MalagaCar.com"},"sameAs":["https:\/\/www.malagacar.com\/nl\/"]}]}},"_links":{"self":[{"href":"https:\/\/www.malagacar.com\/nl\/blog\/wp-json\/wp\/v2\/posts\/4102","targetHints":{"allow":["GET"]}}],"collection":[{"href":"https:\/\/www.malagacar.com\/nl\/blog\/wp-json\/wp\/v2\/posts"}],"about":[{"href":"https:\/\/www.malagacar.com\/nl\/blog\/wp-json\/wp\/v2\/types\/post"}],"author":[{"embeddable":true,"href":"https:\/\/www.malagacar.com\/nl\/blog\/wp-json\/wp\/v2\/users\/1"}],"replies":[{"embeddable":true,"href":"https:\/\/www.malagacar.com\/nl\/blog\/wp-json\/wp\/v2\/comments?post=4102"}],"version-history":[{"count":45,"href":"https:\/\/www.malagacar.com\/nl\/blog\/wp-json\/wp\/v2\/posts\/4102\/revisions"}],"predecessor-version":[{"id":7013,"href":"https:\/\/www.malagacar.com\/nl\/blog\/wp-json\/wp\/v2\/posts\/4102\/revisions\/7013"}],"wp:featuredmedia":[{"embeddable":true,"href":"https:\/\/www.malagacar.com\/nl\/blog\/wp-json\/wp\/v2\/media\/4468"}],"wp:attachment":[{"href":"https:\/\/www.malagacar.com\/nl\/blog\/wp-json\/wp\/v2\/media?parent=4102"}],"wp:term":[{"taxonomy":"category","embeddable":true,"href":"https:\/\/www.malagacar.com\/nl\/blog\/wp-json\/wp\/v2\/categories?post=4102"},{"taxonomy":"post_tag","embeddable":true,"href":"https:\/\/www.malagacar.com\/nl\/blog\/wp-json\/wp\/v2\/tags?post=4102"}],"curies":[{"name":"wp","href":"https:\/\/api.w.org\/{rel}","templated":true}]}}