{"id":4204,"date":"2026-05-18T06:41:46","date_gmt":"2026-05-18T04:41:46","guid":{"rendered":"https:\/\/www.malagacar.com\/nl\/blog\/?p=4204"},"modified":"2026-06-15T07:33:37","modified_gmt":"2026-06-15T05:33:37","slug":"muziek-festivals-costa-del-sol","status":"publish","type":"post","link":"https:\/\/www.malagacar.com\/nl\/blog\/vrije-tijd\/muziek-festivals-costa-del-sol\/","title":{"rendered":"Muziekfestivals Costa del Sol 2026"},"content":{"rendered":"<p>De Costa del Sol is erg populair om verschillende redenen, waarvan een vanzelfsprekend de muziekfestivals zijn die elke zomer plaatsvinden.<\/p>\n<p>Met een mild en vriendelijk klimaat, de zeewind, enkele <em><strong>werkelijk indrukwekkende podia en een line-up vol artiesten<\/strong><\/em>, heeft de Costa del Sol ook alle benodigde infrastructuur, accommodatie en hotels, en met de <a href=\"https:\/\/www.malagacar.com\/nl\/informatie\/malaga_luchthaven_informatie.php\" data-wpel-link=\"exclude\"><strong>internationale luchthaven van M\u00e1laga<\/strong><\/a> op slechts enkele kilometers afstand.<\/p>\n<p>We moeten alleen beslissen welk van de festivals we gaan bezoeken. Op het <strong>Marenostrum Fuengirola<\/strong> en <strong>Starlite Marbella<\/strong> van dit jaar staan artiesten als <em>Romeo Santos, Prince Royce, Sting, Alejandro Sanz, Underworld, Lenny Kravitz, Maroon, Deep Purple, Carlos Rivera of Sergio Dalma.<\/em><\/p>\n<p>Hier gaan we met de Costa del Sol Muziekfestivals 2026!<\/p>\n<p><!--more--><\/p>\n\n            <div class=\"banner\">\n                <div class=\"row\">\n                    <div class=\"col-sm-4\">\n                        <a href=\"\/nl\/autoverhuur\/quote.php\" data-wpel-link=\"internal\"><img decoding=\"async\" src=\"\/images\/banner-img.jpg\" alt=\"malagacar.com\"><\/a>\n                    <\/div>\n                    <div class=\"col-sm-8\">\n                      <a href=\"\/nl\/autoverhuur\/quote.php\" class=\"banner-title\" data-wpel-link=\"internal\">Goede autoverhuur <span>op Malaga Airport<\/span><\/a>   \n                        <div class=\"row\">\n                            <div class=\"col-sm-7\">\n                                <ul>\n                                    <li>Geen tankkosten<\/li>\n                                    <li>Gratis annuleringn<\/li>\n                                    <li>Huren zonder tussenpersonen<\/li>\n                                    <li>Betaal wanneer u de auto ophaalt<\/li>\n                                    <li><\/li>\n                                <\/ul>\n                            <\/div>\n                            <div class=\"col-sm-5\">\n                                <a class=\"btn-banner\" href=\"\/nl\/autoverhuur\/quote.php\" data-wpel-link=\"internal\">Bekijk prijzen<\/a>\n                                <img decoding=\"async\" class=\"zonturent\" src=\"\/images\/zontu-banner.png\" alt=\"\">\n                            <\/div>\n                        <\/div>\n                    <\/div>\n                 <\/div>  \n            <\/div>\n            \n<div id=\"ez-toc-container\" class=\"ez-toc-v2_0_87 counter-hierarchy ez-toc-counter ez-toc-light-blue ez-toc-container-direction\">\n<p class=\"ez-toc-title\" style=\"cursor:inherit\">Inhoudsopgave<\/p>\n<label for=\"ez-toc-cssicon-toggle-item-6a9a3ef56486e\" class=\"ez-toc-cssicon-toggle-label\"><span class=\"\"><span class=\"eztoc-hide\" style=\"display:none;\">Toggle<\/span><span class=\"ez-toc-icon-toggle-span\"><svg style=\"fill: #999;color:#999\" xmlns=\"http:\/\/www.w3.org\/2000\/svg\" class=\"list-377408\" width=\"20px\" height=\"20px\" viewBox=\"0 0 24 24\" fill=\"none\"><path d=\"M6 6H4v2h2V6zm14 0H8v2h12V6zM4 11h2v2H4v-2zm16 0H8v2h12v-2zM4 16h2v2H4v-2zm16 0H8v2h12v-2z\" fill=\"currentColor\"><\/path><\/svg><svg style=\"fill: #999;color:#999\" class=\"arrow-unsorted-368013\" xmlns=\"http:\/\/www.w3.org\/2000\/svg\" width=\"10px\" height=\"10px\" viewBox=\"0 0 24 24\" version=\"1.2\" baseProfile=\"tiny\"><path d=\"M18.2 9.3l-6.2-6.3-6.2 6.3c-.2.2-.3.4-.3.7s.1.5.3.7c.2.2.4.3.7.3h11c.3 0 .5-.1.7-.3.2-.2.3-.5.3-.7s-.1-.5-.3-.7zM5.8 14.7l6.2 6.3 6.2-6.3c.2-.2.3-.5.3-.7s-.1-.5-.3-.7c-.2-.2-.4-.3-.7-.3h-11c-.3 0-.5.1-.7.3-.2.2-.3.5-.3.7s.1.5.3.7z\"\/><\/svg><\/span><\/span><\/label><input type=\"checkbox\"  id=\"ez-toc-cssicon-toggle-item-6a9a3ef56486e\"  aria-label=\"Toggle\" \/><nav><ul class='ez-toc-list ez-toc-list-level-1 ' ><li class='ez-toc-page-1 ez-toc-heading-level-2'><a class=\"ez-toc-link ez-toc-heading-1\" href=\"https:\/\/www.malagacar.com\/nl\/blog\/vrije-tijd\/muziek-festivals-costa-del-sol\/#Marenostrum_Fuengirola\" data-wpel-link=\"internal\">Marenostrum Fuengirola<\/a><\/li><li class='ez-toc-page-1 ez-toc-heading-level-2'><a class=\"ez-toc-link ez-toc-heading-2\" href=\"https:\/\/www.malagacar.com\/nl\/blog\/vrije-tijd\/muziek-festivals-costa-del-sol\/#Starlite_Marbella\" data-wpel-link=\"internal\">Starlite Marbella<\/a><\/li><li class='ez-toc-page-1 ez-toc-heading-level-2'><a class=\"ez-toc-link ez-toc-heading-3\" href=\"https:\/\/www.malagacar.com\/nl\/blog\/vrije-tijd\/muziek-festivals-costa-del-sol\/#Festivals_aan_de_Costa_del_Sol\" data-wpel-link=\"internal\">Festivals aan de Costa del Sol<\/a><ul class='ez-toc-list-level-3' ><li class='ez-toc-heading-level-3'><a class=\"ez-toc-link ez-toc-heading-4\" href=\"https:\/\/www.malagacar.com\/nl\/blog\/vrije-tijd\/muziek-festivals-costa-del-sol\/#Elrow_%E2%80%93_Malaga\" data-wpel-link=\"internal\">Elrow &#8211; M\u00e1laga<\/a><\/li><li class='ez-toc-page-1 ez-toc-heading-level-3'><a class=\"ez-toc-link ez-toc-heading-5\" href=\"https:\/\/www.malagacar.com\/nl\/blog\/vrije-tijd\/muziek-festivals-costa-del-sol\/#Brunch_Electronic_%E2%80%93_Malaga\" data-wpel-link=\"internal\">Brunch Electronic \u2013 M\u00e1laga<\/a><\/li><li class='ez-toc-page-1 ez-toc-heading-level-3'><a class=\"ez-toc-link ez-toc-heading-6\" href=\"https:\/\/www.malagacar.com\/nl\/blog\/vrije-tijd\/muziek-festivals-costa-del-sol\/#Urban_Paradise_%E2%80%93_Fuengirola\" data-wpel-link=\"internal\">Urban Paradise \u2013 Fuengirola<\/a><\/li><li class='ez-toc-page-1 ez-toc-heading-level-3'><a class=\"ez-toc-link ez-toc-heading-7\" href=\"https:\/\/www.malagacar.com\/nl\/blog\/vrije-tijd\/muziek-festivals-costa-del-sol\/#OMA_Sound_%E2%80%93_Marbella\" data-wpel-link=\"internal\">OMA Sound &#8211; Marbella<\/a><\/li><li class='ez-toc-page-1 ez-toc-heading-level-3'><a class=\"ez-toc-link ez-toc-heading-8\" href=\"https:\/\/www.malagacar.com\/nl\/blog\/vrije-tijd\/muziek-festivals-costa-del-sol\/#Brisa_Festival_%E2%80%93_Malaga\" data-wpel-link=\"internal\">Brisa Festival &#8211; M\u00e1laga<\/a><\/li><li class='ez-toc-page-1 ez-toc-heading-level-3'><a class=\"ez-toc-link ez-toc-heading-9\" href=\"https:\/\/www.malagacar.com\/nl\/blog\/vrije-tijd\/muziek-festivals-costa-del-sol\/#Puro_Latino_Fest_%E2%80%93_Torremolinos\" data-wpel-link=\"internal\">Puro Latino Fest &#8211; Torremolinos<\/a><\/li><li class='ez-toc-page-1 ez-toc-heading-level-3'><a class=\"ez-toc-link ez-toc-heading-10\" href=\"https:\/\/www.malagacar.com\/nl\/blog\/vrije-tijd\/muziek-festivals-costa-del-sol\/#Bella_Festival_%E2%80%93_Marbella\" data-wpel-link=\"internal\">Bella Festival &#8211; Marbella<\/a><\/li><li class='ez-toc-page-1 ez-toc-heading-level-3'><a class=\"ez-toc-link ez-toc-heading-11\" href=\"https:\/\/www.malagacar.com\/nl\/blog\/vrije-tijd\/muziek-festivals-costa-del-sol\/#101_Music_Festival_%E2%80%93_Malaga\" data-wpel-link=\"internal\">101 Music Festival &#8211; M\u00e1laga<\/a><\/li><li class='ez-toc-page-1 ez-toc-heading-level-3'><a class=\"ez-toc-link ez-toc-heading-12\" href=\"https:\/\/www.malagacar.com\/nl\/blog\/vrije-tijd\/muziek-festivals-costa-del-sol\/#Weekend_Beach_%E2%80%93_Torre_del_Mar\" data-wpel-link=\"internal\">Weekend Beach &#8211; Torre del Mar<\/a><\/li><li class='ez-toc-page-1 ez-toc-heading-level-3'><a class=\"ez-toc-link ez-toc-heading-13\" href=\"https:\/\/www.malagacar.com\/nl\/blog\/vrije-tijd\/muziek-festivals-costa-del-sol\/#Oh_See_%E2%80%93_Malaga\" data-wpel-link=\"internal\">Oh, See! &#8211; M\u00e1laga<\/a><\/li><li class='ez-toc-page-1 ez-toc-heading-level-3'><a class=\"ez-toc-link ez-toc-heading-14\" href=\"https:\/\/www.malagacar.com\/nl\/blog\/vrije-tijd\/muziek-festivals-costa-del-sol\/#Canela_Party_%E2%80%93_Torremolinos\" data-wpel-link=\"internal\">Canela Party &#8211; Torremolinos<\/a><\/li><li class='ez-toc-page-1 ez-toc-heading-level-3'><a class=\"ez-toc-link ez-toc-heading-15\" href=\"https:\/\/www.malagacar.com\/nl\/blog\/vrije-tijd\/muziek-festivals-costa-del-sol\/#Fulanita_Fest_%E2%80%93_Fuengirola\" data-wpel-link=\"internal\">Fulanita Fest &#8211; Fuengirola<\/a><\/li><li class='ez-toc-page-1 ez-toc-heading-level-3'><a class=\"ez-toc-link ez-toc-heading-16\" href=\"https:\/\/www.malagacar.com\/nl\/blog\/vrije-tijd\/muziek-festivals-costa-del-sol\/#Sun_Thunder_%E2%80%93_Fuengirola\" data-wpel-link=\"internal\">Sun &amp; Thunder &#8211; Fuengirola<\/a><\/li><li class='ez-toc-page-1 ez-toc-heading-level-3'><a class=\"ez-toc-link ez-toc-heading-17\" href=\"https:\/\/www.malagacar.com\/nl\/blog\/vrije-tijd\/muziek-festivals-costa-del-sol\/#Brunch_Electronic_%E2%80%93_Malaga-2\" data-wpel-link=\"internal\">Brunch Electronic &#8211; Malaga<\/a><\/li><li class='ez-toc-page-1 ez-toc-heading-level-3'><a class=\"ez-toc-link ez-toc-heading-18\" href=\"https:\/\/www.malagacar.com\/nl\/blog\/vrije-tijd\/muziek-festivals-costa-del-sol\/#Ojeando_Festival_%E2%80%93_Ojen\" data-wpel-link=\"internal\">Ojeando Festival &#8211; Oj\u00e9n<\/a><\/li><li class='ez-toc-page-1 ez-toc-heading-level-3'><a class=\"ez-toc-link ez-toc-heading-19\" href=\"https:\/\/www.malagacar.com\/nl\/blog\/vrije-tijd\/muziek-festivals-costa-del-sol\/#Defected_%E2%80%93_Marbella\" data-wpel-link=\"internal\">Defected &#8211; Marbella<\/a><\/li><li class='ez-toc-page-1 ez-toc-heading-level-3'><a class=\"ez-toc-link ez-toc-heading-20\" href=\"https:\/\/www.malagacar.com\/nl\/blog\/vrije-tijd\/muziek-festivals-costa-del-sol\/#Faithless_%E2%80%93_Marbella\" data-wpel-link=\"internal\">Faithless &#8211; Marbella<\/a><\/li><li class='ez-toc-page-1 ez-toc-heading-level-3'><a class=\"ez-toc-link ez-toc-heading-21\" href=\"https:\/\/www.malagacar.com\/nl\/blog\/vrije-tijd\/muziek-festivals-costa-del-sol\/#Satisfaxion_%E2%80%93_Fuengirola\" data-wpel-link=\"internal\">Satisfaxion \u2013 Fuengirola<\/a><\/li><li class='ez-toc-page-1 ez-toc-heading-level-3'><a class=\"ez-toc-link ez-toc-heading-22\" href=\"https:\/\/www.malagacar.com\/nl\/blog\/vrije-tijd\/muziek-festivals-costa-del-sol\/#Alameda_Festival_%E2%80%93_Alameda\" data-wpel-link=\"internal\">Alameda Festival \u2013 Alameda<\/a><\/li><li class='ez-toc-page-1 ez-toc-heading-level-3'><a class=\"ez-toc-link ez-toc-heading-23\" href=\"https:\/\/www.malagacar.com\/nl\/blog\/vrije-tijd\/muziek-festivals-costa-del-sol\/#Dreambeach_%E2%80%93_Velez-Malaga\" data-wpel-link=\"internal\">Dreambeach &#8211; V\u00e9lez-M\u00e1laga<\/a><\/li><\/ul><\/li><\/ul><\/nav><\/div>\n<h2><span class=\"ez-toc-section\" id=\"Marenostrum_Fuengirola\"><\/span>Marenostrum Fuengirola<span class=\"ez-toc-section-end\"><\/span><\/h2>\n<p><a href=\"https:\/\/www.malagacar.com\/blog\/leisure\/marenostrum-fuengirola-concerts\/\" data-wpel-link=\"exclude\"><img loading=\"lazy\" decoding=\"async\" class=\"alignnone size-full wp-image-9255\" src=\"https:\/\/www.malagacar.com\/blog\/wp-content\/uploads\/2022\/04\/marenostrum-en.jpg\" alt=\"Concerten Marenostrum Fuengirola\" width=\"1024\" height=\"593\" \/><\/a><\/p>\n<p>Het Marenostrum Festival, opgericht in 2016, consolideert zich als <em><strong>een van de beste festivals aan de kust<\/strong><\/em>, zowel vanwege de line-up van artiesten als vanwege de onge\u00ebvenaarde locatie op slechts een paar meter van de boulevard naast het Arabische fort Sohail.<\/p>\n<p>Het was de locatie gekozen voor de enige EU-stop van Jennifer Lopez&#8217;s tour. Het heeft ook prestigieuze artiesten verwelkomd zoals Ricky Martin, Bob Dylan, Sting, Alejandro Fern\u00e1ndez, Santana en Manuel Carrasco.<\/p>\n<p><strong>Bevestigde artiesten 2026<\/strong>: Romeo Santos, Prince Royce, Sting, Alejandro Sanz, Underworld, Sven V\u00e4th, El \u00faltimo de la Fila, Camela, Medina Zahara, Pablo Albor\u00e1n, Raule, La Oreja de Van Gogh.<\/p>\n<p><img loading=\"lazy\" decoding=\"async\" class=\"alignnone size-large wp-image-19012\" src=\"https:\/\/www.malagacar.com\/sp\/blog\/wp-content\/uploads\/2025\/04\/marenostrum-cartel-1024x576.jpg\" alt=\"marenostrum fuengirola 2026\" width=\"750\" height=\"422\" \/><\/p>\n<ul>\n<li>Alles wat je moet weten over <a href=\"https:\/\/www.malagacar.com\/nl\/blog\/wat-te-doen-in-malaga\/concerten-marenostrum-fuengirola\/\" data-wpel-link=\"internal\"><strong>Marenostrum Fuengirola<\/strong><\/a><\/li>\n<li>Waar: Heuvel van het Sohail-kasteel, Fuengirola<\/li>\n<li><a href=\"https:\/\/marenostrumfuengirola.com\/\" data-wpel-link=\"external\" target=\"_blank\" rel=\"external noopener noreferrer\" class=\"ext-link wpel-icon-right\"><strong>Programma en tickets<\/strong><span class=\"wpel-icon wpel-image wpel-icon-2\"><\/span><\/a><\/li>\n<\/ul>\n<h2><span class=\"ez-toc-section\" id=\"Starlite_Marbella\"><\/span>Starlite Marbella<span class=\"ez-toc-section-end\"><\/span><\/h2>\n<p><img loading=\"lazy\" decoding=\"async\" class=\"alignnone wp-image-10888\" src=\"https:\/\/www.malagacar.com\/blog\/wp-content\/uploads\/2022\/04\/starlight-full.jpg\" alt=\"starlite Marbella\" width=\"1201\" height=\"713\" \/><\/p>\n<p><em><strong>Een van de beste boetiekfestivals in Europa<\/strong><\/em>, elk jaar gehouden in de Cantera de Nag\u00fceles, een natuurlijk amfitheater omgeven door adembenemende natuur.<\/p>\n<p>Het unieke kenmerk van Starlite is de nabijheid tussen het publiek en de artiesten, met meer dan 50 dagen aan concerten.<\/p>\n<p>Het festival heeft een tweede, meer informele ruimte, Sessions, waar je kunt genieten van de shows terwijl je danst en een drankje drinkt in de buitenlucht onder de sterren.<\/p>\n<p><strong>Bevestigde artiesten 2026<\/strong>: Lenny Kravitz, Maroon, Deep Purple, Carlos Rivera, Sergio Dalma.<\/p>\n<ul>\n<li>Alles wat je moet weten over <a href=\"https:\/\/www.malagacar.com\/blog\/leisure\/starlite-marbella\/\" data-wpel-link=\"exclude\"><strong>Starlite Marbella<\/strong><\/a><\/li>\n<li>Waar: Cantera de Nag\u00fceles Marbella<\/li>\n<li><a href=\"https:\/\/starlitemarbella.com\/nl\/\" target=\"_blank\" rel=\"nofollow noopener external noreferrer\" data-wpel-link=\"external\" class=\"ext-link wpel-icon-right\"><strong>Programma en tickets<\/strong><span class=\"wpel-icon wpel-image wpel-icon-2\"><\/span><\/a><\/li>\n<\/ul>\n<h2><span class=\"ez-toc-section\" id=\"Festivals_aan_de_Costa_del_Sol\"><\/span>Festivals aan de Costa del Sol<span class=\"ez-toc-section-end\"><\/span><\/h2>\n<h3><span class=\"ez-toc-section\" id=\"Elrow_%E2%80%93_Malaga\"><\/span>Elrow &#8211; M\u00e1laga<span class=\"ez-toc-section-end\"><\/span><\/h3>\n<p><img loading=\"lazy\" decoding=\"async\" class=\"alignnone size-large wp-image-19492\" src=\"https:\/\/www.malagacar.com\/sp\/blog\/wp-content\/uploads\/2026\/04\/Elrow-malaga-1024x576.jpg\" alt=\"Elrow - M\u00e1laga\" width=\"750\" height=\"422\" \/><\/p>\n<p>Op 22 augustus is het M\u00e1laga Forum het toneel van een van de meest hedonistische en spectaculaire feesten binnen de alternatieve muziekscene, gericht op liefhebbers van elektronische muziek en techno-house.<\/p>\n<p>Het merk Elrow geniet internationale faam vanwege zijn feesten, die worden gekenmerkt door een stijlvolle sfeer, goede vibes en een buitengewoon decor.<\/p>\n<ul>\n<li><a href=\"https:\/\/www.taquilla.com\/entradas\/elrow?t10tid=33870617&amp;t10eid=31155625&amp;t10event=31155625&amp;t10id=6008#tickets-list\" data-wpel-link=\"external\" target=\"_blank\" rel=\"external noopener noreferrer\" class=\"ext-link wpel-icon-right\"><strong>Tickets<\/strong><span class=\"wpel-icon wpel-image wpel-icon-2\"><\/span><\/a><\/li>\n<li>Waar: M\u00e1laga Forum, M\u00e1laga<\/li>\n<li>Wanneer: 22 augustus, vanaf 17.00 uur<\/li>\n<li><a href=\"https:\/\/maps.app.goo.gl\/Q24R6h8pxUvcJ8t78\" data-wpel-link=\"external\" target=\"_blank\" rel=\"external noopener noreferrer\" class=\"ext-link wpel-icon-right\"><strong>Hoe er te komen<\/strong><span class=\"wpel-icon wpel-image wpel-icon-2\"><\/span><\/a><\/li>\n<\/ul>\n<h3><span class=\"ez-toc-section\" id=\"Brunch_Electronic_%E2%80%93_Malaga\"><\/span>Brunch Electronic \u2013 M\u00e1laga<span class=\"ez-toc-section-end\"><\/span><\/h3>\n<p><img loading=\"lazy\" decoding=\"async\" class=\"alignnone size-large wp-image-19309\" src=\"https:\/\/www.malagacar.com\/sp\/blog\/wp-content\/uploads\/2025\/04\/brunch-electronic-1024x544.jpg\" alt=\"Brunch Electronic \u2013 M\u00e1laga\" width=\"750\" height=\"398\" \/><\/p>\n<p>Fans van geweldige internationale elektronische muziek kunnen dit populaire evenement niet missen. Brunch Electronic vindt in het voorjaar en najaar permanent plaats op het openluchtterrein van het Cortijo de Torres Auditorium in M\u00e1laga.<\/p>\n<p>Wat dit evenement uniek maakt, is dat het plaatsvindt op zaterdagmiddagen, in een &#8220;dayparty&#8221;-formaat van 18:00 tot 02:00 uur. Het festival staat ook bekend om zijn positieve sfeer, duurzaamheid, gemeenschapszin en inclusiviteit. Als je van dansen op techno en house houdt, kom dan zeker langs \u2013 je zult het geweldig vinden. Op het terrein zijn ook rustplekken en eetgelegenheden te vinden.<\/p>\n<ul>\n<li><a href=\"https:\/\/malaga.brunchelectronik.com\/\" data-wpel-link=\"external\" target=\"_blank\" rel=\"external noopener noreferrer\" class=\"ext-link wpel-icon-right\"><strong>Tickets<\/strong><span class=\"wpel-icon wpel-image wpel-icon-2\"><\/span><\/a><\/li>\n<li>Wanneer: 18 en 25 april, 2 mei<\/li>\n<li>Waar: Gemeentelijk auditorium Cortijo de Torres, M\u00e1laga<\/li>\n<li><a href=\"https:\/\/maps.app.goo.gl\/6cLKeUZQH9GwtxeUA\" data-wpel-link=\"external\" target=\"_blank\" rel=\"external noopener noreferrer\" class=\"ext-link wpel-icon-right\"><strong>Hoe er te komen<\/strong><span class=\"wpel-icon wpel-image wpel-icon-2\"><\/span><\/a><\/li>\n<\/ul>\n<h3><span class=\"ez-toc-section\" id=\"Urban_Paradise_%E2%80%93_Fuengirola\"><\/span>Urban Paradise \u2013 Fuengirola<span class=\"ez-toc-section-end\"><\/span><\/h3>\n<p><img loading=\"lazy\" decoding=\"async\" class=\"alignnone wp-image-19295\" src=\"https:\/\/www.malagacar.com\/sp\/blog\/wp-content\/uploads\/2026\/03\/Urbano-Paradise-576x1024.jpeg\" alt=\"Urban Paradise \u2013 Fuengirola\" width=\"500\" height=\"889\" \/><\/p>\n<p>Het schitterende Marenostrum Fuengirola, op een steenworp afstand van de zee, is het toneel voor dit eendaagse urban muziekfestival.<\/p>\n<p>Met vier internationale artiesten die iedereen aan het dansen zullen krijgen, kun je genieten van een onvergetelijke avond met de beste reggaeton, trap en hiphop. Bevestigde artiesten zijn Omar Courtz, Kris R en Yan Block, plus een vierde artiest die nog bekendgemaakt moet worden.<\/p>\n<ul>\n<li><a href=\"https:\/\/urbanparadisefestival.com\/\" data-wpel-link=\"external\" target=\"_blank\" rel=\"external noopener noreferrer\" class=\"ext-link wpel-icon-right\"><strong>Tickets<\/strong><span class=\"wpel-icon wpel-image wpel-icon-2\"><\/span><\/a><\/li>\n<li>Wanneer: 11 juli<\/li>\n<li>Waar: Marenostrum Fuengirola<\/li>\n<li><a href=\"https:\/\/maps.app.goo.gl\/8fsByvEhb5wER73H9\" data-wpel-link=\"external\" target=\"_blank\" rel=\"external noopener noreferrer\" class=\"ext-link wpel-icon-right\"><strong>Hoe er te komen<\/strong><span class=\"wpel-icon wpel-image wpel-icon-2\"><\/span><\/a><\/li>\n<\/ul>\n<h3><span class=\"ez-toc-section\" id=\"OMA_Sound_%E2%80%93_Marbella\"><\/span>OMA Sound &#8211; Marbella<span class=\"ez-toc-section-end\"><\/span><\/h3>\n<p><img loading=\"lazy\" decoding=\"async\" class=\"alignnone size-full wp-image-19204\" src=\"https:\/\/www.malagacar.com\/sp\/blog\/wp-content\/uploads\/2026\/03\/OMA.jpg\" alt=\"OMA Sound - Marbella\" width=\"960\" height=\"315\" \/><\/p>\n<p>Het OMA Sound festival vindt de hele zomer plaats en biedt indie, elektronische muziek, reggaeton en pop.<\/p>\n<p>Het festival, voorheen bekend als <em>Oasiss Marbella Fest<\/em>, heeft voor de vierde editie deze zomer een nieuwe naam gekregen: OMA Sound. Het evenement vindt nog steeds plaats op Finca Caridad, een openluchtlocatie van meer dan 80.000 vierkante meter, compleet met een foodcourt, chill-outzone, attracties en VIP-gedeeltes.<\/p>\n<h4>Programma<\/h4>\n<p><img loading=\"lazy\" decoding=\"async\" class=\"alignnone wp-image-19206\" src=\"https:\/\/www.malagacar.com\/sp\/blog\/wp-content\/uploads\/2026\/03\/Reve-Marbella-818x1024.jpg\" alt=\"Reve Festival\" width=\"462\" height=\"579\" \/><\/p>\n<p>21 mei: <strong>Reve Festival<\/strong>, met als headliner de Franse dj Hugel.<br \/>\n1 augustus: <strong>Bella Festival<\/strong>, de vierde editie, met iconen uit de indiemuziek zoals Lori Meyers.<br \/>\n2 augustus: <strong>Techno Flamenco<\/strong> van Marsal Ventura.<br \/>\n8 augustus: <strong>Modo Perreo<\/strong> met reggaeton en electrolatino.<br \/>\n13 augustus: <strong>Jard\u00edn de las Delicias<\/strong>, gewijd aan indiemuziek.<br \/>\n15 augustus: <strong>Festival Aquellos A\u00f1os Locos<\/strong>, met de grootste hits van de jaren 2000.<\/p>\n<ul>\n<li><a href=\"https:\/\/bellafestival.es\/oma-sound\/\" data-wpel-link=\"external\" target=\"_blank\" rel=\"external noopener noreferrer\" class=\"ext-link wpel-icon-right\"><strong>Tickets<\/strong><span class=\"wpel-icon wpel-image wpel-icon-2\"><\/span><\/a><\/li>\n<li>Waar: Finca La Caridad, Marbella<\/li>\n<li><a href=\"https:\/\/maps.app.goo.gl\/2BBquTzvyKUHLzqa6\" data-wpel-link=\"external\" target=\"_blank\" rel=\"external noopener noreferrer\" class=\"ext-link wpel-icon-right\"><strong>Hoe er te komen<\/strong><span class=\"wpel-icon wpel-image wpel-icon-2\"><\/span><\/a><\/li>\n<\/ul>\n<h3><span class=\"ez-toc-section\" id=\"Brisa_Festival_%E2%80%93_Malaga\"><\/span>Brisa Festival &#8211; M\u00e1laga<span class=\"ez-toc-section-end\"><\/span><\/h3>\n<p><img loading=\"lazy\" decoding=\"async\" class=\"alignnone wp-image-14545\" src=\"https:\/\/www.malagacar.com\/blog\/wp-content\/uploads\/2025\/04\/Brisa.jpg\" alt=\"brisa festival\" width=\"501\" height=\"626\" \/><\/p>\n<p>Het grootste festival in de hoofdstad M\u00e1laga keert deze zomer terug naar de Dique de Levante in de haven van M\u00e1laga. Het gebied van de cruiseterminal wordt weer 3 dagen lang een groot podium aan zee.<\/p>\n<p>Je kunt genieten van de beste artiesten en groepen uit de nationale scene op twee podia, een groot kunstgrasveld, een gastro- en chill-outgedeelte op slechts 2 km van het historische centrum van M\u00e1laga.<\/p>\n<p><iframe loading=\"lazy\" title=\"Brisa 2023\" src=\"https:\/\/www.youtube.com\/embed\/ZdeKHw0003c\" width=\"591\" height=\"332\" frameborder=\"0\" allowfullscreen=\"allowfullscreen\"><\/iframe><\/p>\n<ul>\n<li><a href=\"https:\/\/www.brisafestival.com\/\" data-wpel-link=\"external\" target=\"_blank\" rel=\"external noopener noreferrer\" class=\"ext-link wpel-icon-right\"><strong>Tickets<\/strong><span class=\"wpel-icon wpel-image wpel-icon-2\"><\/span><\/a><\/li>\n<li>Wanneer: 23, 24 en 25 juli<\/li>\n<li>Waar: Dique de Levante, haven van M\u00e1laga<\/li>\n<li><a href=\"https:\/\/maps.app.goo.gl\/2LADCfCQRXBEhnhU9\" data-wpel-link=\"external\" target=\"_blank\" rel=\"external noopener noreferrer\" class=\"ext-link wpel-icon-right\"><strong>Hoe er te komen<\/strong><span class=\"wpel-icon wpel-image wpel-icon-2\"><\/span><\/a><\/li>\n<\/ul>\n<h3><span class=\"ez-toc-section\" id=\"Puro_Latino_Fest_%E2%80%93_Torremolinos\"><\/span>Puro Latino Fest &#8211; Torremolinos<span class=\"ez-toc-section-end\"><\/span><\/h3>\n<p><img loading=\"lazy\" decoding=\"async\" class=\"alignnone wp-image-18882\" src=\"https:\/\/www.malagacar.com\/sp\/blog\/wp-content\/uploads\/2025\/04\/puro-latino-fest-torremolinos-1024x312.jpg\" alt=\"Puro Latino Fest - Torremolinos\" width=\"734\" height=\"224\" \/><\/p>\n<p>Hou je van Reggaeton? Dan mag je dit macrofestival in Torremolinos niet missen.<\/p>\n<p>Als je van latinmuziek, reggaeton, trap en hiphop houdt, heb je een afspraak met de nationale en internationale dj&#8217;s van het moment en nog veel meer.<\/p>\n<p><iframe loading=\"lazy\" title=\"Puro Latino Torremolinos 2023 | Official Aftermovie\" src=\"https:\/\/www.youtube.com\/embed\/OpdifJB6Ssk\" width=\"1587\" height=\"550\" frameborder=\"0\" allowfullscreen=\"allowfullscreen\"><\/iframe><\/p>\n<ul>\n<li>Wanneer: 17 en 18 juli<\/li>\n<li>Waar: Torremolinos Beursterrein<\/li>\n<li>Meer <a href=\"https:\/\/purolatino.es\/torremolinos\/\" data-wpel-link=\"external\" target=\"_blank\" rel=\"external noopener noreferrer\" class=\"ext-link wpel-icon-right\"><strong>informatie en tickets<\/strong><span class=\"wpel-icon wpel-image wpel-icon-2\"><\/span><\/a><\/li>\n<\/ul>\n<h3><span class=\"ez-toc-section\" id=\"Bella_Festival_%E2%80%93_Marbella\"><\/span>Bella Festival &#8211; Marbella<span class=\"ez-toc-section-end\"><\/span><\/h3>\n<p><img loading=\"lazy\" decoding=\"async\" class=\"alignnone wp-image-18884\" src=\"https:\/\/www.malagacar.com\/sp\/blog\/wp-content\/uploads\/2025\/04\/Bella-819x1024.jpg\" alt=\"Bella Festival - Marbella\" width=\"507\" height=\"634\" \/><\/p>\n<p>In het kader van het Oasis Marbella Fest vindt een nieuwe editie plaats met de beste indiemuziek, dj-sessies, kunst, gastronomie en chill-out areas.<\/p>\n<p>De line-up bestaat uit nationaal bekende artiesten en opkomend nieuw talent. De mix van indie en pop zorgt voor een levendige sfeer die in 2025 meer dan 10.000 bezoekers trok.<\/p>\n<p><img loading=\"lazy\" decoding=\"async\" class=\"alignnone size-large wp-image-15029\" src=\"https:\/\/www.malagacar.com\/sp\/blog\/wp-content\/uploads\/2023\/05\/bella-festival-2023-publico-_ESP8774-1024x683.jpg\" alt=\"bella festival marbella\" width=\"750\" height=\"500\" \/><\/p>\n<ul>\n<li>Wanneer: 1 augustus<\/li>\n<li>Waar: San Pedro de Alc\u00e1ntara, Marbella<\/li>\n<li>Meer <a href=\"https:\/\/bellafestival.es\/\" data-wpel-link=\"external\" target=\"_blank\" rel=\"external noopener noreferrer\" class=\"ext-link wpel-icon-right\"><strong>informatie en tickets<\/strong><span class=\"wpel-icon wpel-image wpel-icon-2\"><\/span><\/a><\/li>\n<\/ul>\n<h3><span class=\"ez-toc-section\" id=\"101_Music_Festival_%E2%80%93_Malaga\"><\/span>101 Music Festival &#8211; M\u00e1laga<span class=\"ez-toc-section-end\"><\/span><\/h3>\n<p><img loading=\"lazy\" decoding=\"async\" class=\"alignnone wp-image-18869\" src=\"https:\/\/www.malagacar.com\/sp\/blog\/wp-content\/uploads\/2025\/04\/101-music-festival-1024x540.jpg\" alt=\"101 Music Festival - M\u00e1laga\" width=\"737\" height=\"389\" \/><\/p>\n<p>De 6. editie van 101 Muziek Festival in M\u00e1laga brengt een selectie van grote artiesten uit de nationale scene van verschillende genres voor alle doelgroepen. Het festival vindt plaats op het Plaza de Toros de la Malagueta.<\/p>\n<ul>\n<li>Wanneer: Juni en juli<\/li>\n<li>Waar: M\u00e1laga<\/li>\n<li>Meer <a href=\"https:\/\/101musicfestival.es\/\" data-wpel-link=\"external\" target=\"_blank\" rel=\"external noopener noreferrer\" class=\"ext-link wpel-icon-right\"><strong>informatie en tickets<\/strong><span class=\"wpel-icon wpel-image wpel-icon-2\"><\/span><\/a><\/li>\n<\/ul>\n<h3><span class=\"ez-toc-section\" id=\"Weekend_Beach_%E2%80%93_Torre_del_Mar\"><\/span>Weekend Beach &#8211; Torre del Mar<span class=\"ez-toc-section-end\"><\/span><\/h3>\n<p><img loading=\"lazy\" decoding=\"async\" class=\"alignnone wp-image-18886\" src=\"https:\/\/www.malagacar.com\/sp\/blog\/wp-content\/uploads\/2025\/04\/Weekend-Beach.jpg\" alt=\"weekend beach\" width=\"508\" height=\"505\" \/><\/p>\n<p>Weekend Beach, h\u00e9t nationale muziekfestival bij uitstek, keert op 9, 10 en 11 juli terug naar Torre del Mar.<\/p>\n<p>Het populaire festival aan zee viert dit jaar ook zijn 12e jubileum.<\/p>\n<p><iframe loading=\"lazy\" title=\"AFTERMOVIE OFICIAL | WEEKEND BEACH FESTIVAL 2025\" src=\"https:\/\/www.youtube.com\/embed\/w4zogq0NOZ4\" width=\"696\" height=\"391\" frameborder=\"0\" allowfullscreen=\"allowfullscreen\"><\/iframe><\/p>\n<ul>\n<li>Wanneer: 9, 10 en 11 juli<\/li>\n<li>Waar: Torre del Mar<\/li>\n<li>Meer <a href=\"https:\/\/www.weekendbeach.es\/\" data-wpel-link=\"external\" target=\"_blank\" rel=\"external noopener noreferrer\" class=\"ext-link wpel-icon-right\"><strong>informatie en tickets<\/strong><span class=\"wpel-icon wpel-image wpel-icon-2\"><\/span><\/a><\/li>\n<\/ul>\n<h3><span class=\"ez-toc-section\" id=\"Oh_See_%E2%80%93_Malaga\"><\/span>Oh, See! &#8211; M\u00e1laga<span class=\"ez-toc-section-end\"><\/span><\/h3>\n<p><img loading=\"lazy\" decoding=\"async\" class=\"alignnone wp-image-18888\" src=\"https:\/\/www.malagacar.com\/sp\/blog\/wp-content\/uploads\/2025\/04\/oh-see.jpg\" alt=\"Oh, See! - M\u00e1laga\" width=\"504\" height=\"896\" \/><\/p>\n<p>Het Oh, See! Festival keert op 22 en 23 mei terug naar Malaga met 20 uur muziek.\u00a0Het vindt overdag plaats in het Cortijo de Torres Municipal Auditorium met een beperkte capaciteit van 7.000 mensen.<\/p>\n<p><a href=\"https:\/\/www.malagacar.com\/sp\/blog\/wp-content\/uploads\/2020\/03\/Sidonie-actuacion-Oh-See-Malaga.jpg\" data-wpel-link=\"exclude\"><img loading=\"lazy\" decoding=\"async\" class=\"alignnone wp-image-9890\" src=\"https:\/\/www.malagacar.com\/sp\/blog\/wp-content\/uploads\/2020\/03\/Sidonie-actuacion-Oh-See-Malaga.jpg\" alt=\"concierto en directo\" width=\"623\" height=\"350\" \/><\/a><\/p>\n<p>Het is de moeite waard om de unieke opzet van het festival te benadrukken, met een volledig dagprogramma, de optredens overlappen elkaar niet en er zijn parallelle activiteiten voor alle soorten publiek:<\/p>\n<p>In de Oh, Kids! zijn er workshops waar ze verslaggevers, illustratoren of deskundige dansers kunnen worden en waar ze sommige artiesten persoonlijk kunnen ontmoeten. Er zal ook een Gastro Zone zijn met foodtrucks en de Oh, See! Club, waar de beste nationale dj&#8217;s optreden.<\/p>\n<ul>\n<li>Wanneer: 22 en 23 mei<\/li>\n<li>Waar: Cortijo de Torres, M\u00e1laga<\/li>\n<li>Meer <a href=\"https:\/\/ohseemalaga.com\/\" data-wpel-link=\"external\" target=\"_blank\" rel=\"external noopener noreferrer\" class=\"ext-link wpel-icon-right\"><strong>informatie en tickets<\/strong><span class=\"wpel-icon wpel-image wpel-icon-2\"><\/span><\/a><\/li>\n<\/ul>\n<h3><span class=\"ez-toc-section\" id=\"Canela_Party_%E2%80%93_Torremolinos\"><\/span>Canela Party &#8211; Torremolinos<span class=\"ez-toc-section-end\"><\/span><\/h3>\n<p><img loading=\"lazy\" decoding=\"async\" class=\"alignnone wp-image-18889\" src=\"https:\/\/www.malagacar.com\/sp\/blog\/wp-content\/uploads\/2025\/04\/Canela-Party.jpg\" alt=\"Canela Party - Torremolinos\" width=\"501\" height=\"624\" \/><\/p>\n<p>Op dit 3-daagse zomerfestival heb je alle tijd om te dansen.<\/p>\n<p>Ook in Torremolinos is dit populaire festival met een indrukwekkende line-up. Het begon als een klein festival, georganiseerd door vrienden, en is nu uitgegroeid tot een van de beste alternatieve festivals \u2013 van avant-garde flamenco tot punk, via indie en rock \u2013 met bijna 19.000 bezoekers in 2025.<\/p>\n<ul>\n<li>Wanneer: 27, 28 en 29 augustus<\/li>\n<li>Waar: Torremolinos kermisterreinen<\/li>\n<li>Meer <a href=\"https:\/\/canelaparty.com\/\" data-wpel-link=\"external\" target=\"_blank\" rel=\"external noopener noreferrer\" class=\"ext-link wpel-icon-right\"><strong>info en tickets<\/strong><span class=\"wpel-icon wpel-image wpel-icon-2\"><\/span><\/a><\/li>\n<\/ul>\n<h3><span class=\"ez-toc-section\" id=\"Fulanita_Fest_%E2%80%93_Fuengirola\"><\/span>Fulanita Fest &#8211; Fuengirola<span class=\"ez-toc-section-end\"><\/span><\/h3>\n<p><img loading=\"lazy\" decoding=\"async\" class=\"alignnone wp-image-18873\" src=\"https:\/\/www.malagacar.com\/sp\/blog\/wp-content\/uploads\/2025\/04\/fulanita-fest.jpg\" alt=\"Fulanita Fest - Fuengirola\" width=\"507\" height=\"638\" \/><\/p>\n<p>Fuengirola organiseert voor het zesde jaar op rij dit muziekfestival voor vrouwen, een evenement dat de kracht van muziek gemaakt door vrouwen viert en vorig jaar meer dan 8.500 bezoekers trok.<\/p>\n<p>Met headliners als Chanel, Ana Mena en Sof\u00eda Reyes behoudt het festival zijn indie-, pop- en urban-essentie met een 100% focus op vrouwen en LGBTIQ+. Er is ook een foodcourt (met veganistische en glutenvrije opties) in een van de mooiste openluchtlocaties aan zee, Marenostrum Fuengirola.<\/p>\n<ul>\n<li>Wanneer: 30 mei<\/li>\n<li>Waar: Marenostrum, Fuengirola<\/li>\n<li>Meer <a href=\"https:\/\/fulanitafest.com\/\" data-wpel-link=\"external\" target=\"_blank\" rel=\"external noopener noreferrer\" class=\"ext-link wpel-icon-right\"><strong>informatie en tickets<\/strong><span class=\"wpel-icon wpel-image wpel-icon-2\"><\/span><\/a><\/li>\n<\/ul>\n<h3><span class=\"ez-toc-section\" id=\"Sun_Thunder_%E2%80%93_Fuengirola\"><\/span>Sun &amp; Thunder &#8211; Fuengirola<span class=\"ez-toc-section-end\"><\/span><\/h3>\n<p><img loading=\"lazy\" decoding=\"async\" class=\"alignnone wp-image-18891\" src=\"https:\/\/www.malagacar.com\/sp\/blog\/wp-content\/uploads\/2025\/04\/sun-thunder-819x1024.jpeg\" alt=\"Sun &amp; Thunder - Fuengirola\" width=\"497\" height=\"622\" \/><\/p>\n<p>Bereid je voor op 3 dagen Heavy Metal aan het strand in openluchttheater Marenostrum. Met meer dan 40 van de beste nationale en internationale metalbands van het moment.<\/p>\n<ul>\n<li>Wanneer: 27, 28 en 29 augustus<\/li>\n<li>Waar: Marenostrum Fuengirola<\/li>\n<li>Meer <a href=\"https:\/\/marenostrumfuengirola.com\/\" data-wpel-link=\"external\" target=\"_blank\" rel=\"external noopener noreferrer\" class=\"ext-link wpel-icon-right\"><strong>informatie en tickets<\/strong><span class=\"wpel-icon wpel-image wpel-icon-2\"><\/span><\/a><\/li>\n<\/ul>\n<h3><span class=\"ez-toc-section\" id=\"Brunch_Electronic_%E2%80%93_Malaga-2\"><\/span>Brunch Electronic &#8211; Malaga<span class=\"ez-toc-section-end\"><\/span><\/h3>\n<p><img loading=\"lazy\" decoding=\"async\" class=\"alignnone size-large wp-image-19013\" src=\"https:\/\/www.malagacar.com\/sp\/blog\/wp-content\/uploads\/2025\/04\/Brunch-electronic-malaga-1024x373.jpg\" alt=\"Brunch Electronic - M\u00e1laga\" width=\"750\" height=\"273\" \/><\/p>\n<p>Brunch Electronic, waarschijnlijk het grootste elektronische muziekfestival van M\u00e1laga, brengt in het voorjaar en najaar van 2026 meer dan 40 verschillende artiesten naar de stad.<\/p>\n<p>De voorjaarsevenementen vinden plaats op vijf opeenvolgende zaterdagen (4, 11, 18, 25 april en 2 mei) in het Cortijo de Torres Municipal Auditorium. De &#8220;Seizoensopening&#8221; op 4 april presenteert Paco Osuna, Franky Rizardo, Manda Moor en Martimoon. Er is acht uur muziek, en er zijn bars en foodtrucks aanwezig.<\/p>\n<ul>\n<li>Volgende edities: 4, 11, 18, 25 april en 2 mei van 18.00 tot 02.00 uur.<\/li>\n<li>Waar: Cortijo de Torres, M\u00e1laga<\/li>\n<li>Meer <a href=\"https:\/\/malaga.brunchelectronik.com\/\" data-wpel-link=\"external\" target=\"_blank\" rel=\"external noopener noreferrer\" class=\"ext-link wpel-icon-right\"><strong>informatie en tickets<\/strong><span class=\"wpel-icon wpel-image wpel-icon-2\"><\/span><\/a><\/li>\n<\/ul>\n<h3><span class=\"ez-toc-section\" id=\"Ojeando_Festival_%E2%80%93_Ojen\"><\/span>Ojeando Festival &#8211; Oj\u00e9n<span class=\"ez-toc-section-end\"><\/span><\/h3>\n<p><img loading=\"lazy\" decoding=\"async\" class=\"alignnone wp-image-19014\" src=\"https:\/\/www.malagacar.com\/sp\/blog\/wp-content\/uploads\/2025\/04\/ojeando-819x1024.jpg\" alt=\"Ojeando Festival\" width=\"599\" height=\"749\" \/><\/p>\n<p>Een nieuwe editie van een van de meest emblematische indiemuziekfestivals in Andalusi\u00eb, elk jaar gehouden in het dorp Oj\u00e9n, op een paar kilometer van Marbella.<\/p>\n<p>Ojeando Festival brengt in twee dagen meer dan 30 optredens samen. Vorig jaar waren er 5 podia verspreid over emblematische plekken in Oj\u00e9n, een typisch Andalusisch dorp met witgekalkte muren en smalle straatjes.<\/p>\n<ul>\n<li>Wanneer: 26 en 27 juni<\/li>\n<li>Waar: Oj\u00e9n<\/li>\n<li>Meer <a href=\"https:\/\/ojeandofestival.com\/\" data-wpel-link=\"external\" target=\"_blank\" rel=\"external noopener noreferrer\" class=\"ext-link wpel-icon-right\"><strong>informatie en tickets<\/strong><span class=\"wpel-icon wpel-image wpel-icon-2\"><\/span><\/a><\/li>\n<\/ul>\n<h3><span class=\"ez-toc-section\" id=\"Defected_%E2%80%93_Marbella\"><\/span>Defected &#8211; Marbella<span class=\"ez-toc-section-end\"><\/span><\/h3>\n<p><img loading=\"lazy\" decoding=\"async\" class=\"alignnone size-full wp-image-19009\" src=\"https:\/\/www.malagacar.com\/sp\/blog\/wp-content\/uploads\/2025\/04\/defected-marbella.jpeg\" alt=\"Defected - Marbella\" width=\"420\" height=\"420\" \/><\/p>\n<p>Defected, het bekende housemuzieklabel, brengt een nieuwe editie naar Marbella Arena, de locatie in de oude arena in Puerto Ban\u00fas.<\/p>\n<p><img loading=\"lazy\" decoding=\"async\" class=\"alignnone size-full wp-image-17180\" src=\"https:\/\/www.malagacar.com\/sp\/blog\/wp-content\/uploads\/2024\/12\/Defected2.jpg\" alt=\"Defected - Marbella\" width=\"1000\" height=\"667\" \/><\/p>\n<p>De iconische Marbella Arena (met een capaciteit van 1900 personen) biedt een avond vol housemuziek met grote namen als DJ EZ, Eliza Rose en Mel\u00e9, waarmee het evenement zich definitief vestigt als een van de hoogtepunten van de zomer aan de Costa del Sol.<\/p>\n<ul>\n<li>Wanneer: 26 juni<\/li>\n<li>Waar: Marbella Arena, Marbella<\/li>\n<li>Meer <a href=\"https:\/\/defected.com\/events\" data-wpel-link=\"external\" target=\"_blank\" rel=\"external noopener noreferrer\" class=\"ext-link wpel-icon-right\"><strong>info en tickets<\/strong><span class=\"wpel-icon wpel-image wpel-icon-2\"><\/span><\/a><\/li>\n<\/ul>\n<h3><span class=\"ez-toc-section\" id=\"Faithless_%E2%80%93_Marbella\"><\/span>Faithless &#8211; Marbella<span class=\"ez-toc-section-end\"><\/span><\/h3>\n<p><img loading=\"lazy\" decoding=\"async\" class=\"alignnone wp-image-18878\" src=\"https:\/\/www.malagacar.com\/sp\/blog\/wp-content\/uploads\/2025\/04\/faithless-1024x1024.jpg\" alt=\"Faithless - Marbella\" width=\"608\" height=\"608\" \/><\/p>\n<p>De Marbella Arena presenteert op donderdag 9 juli een legendarisch EDM-concert met baanbrekende nummers uit verschillende tijdperken.<\/p>\n<ul>\n<li>Wanneer: 9 juli<\/li>\n<li>Waar: Marbella Arena, Marbella<\/li>\n<li><a href=\"https:\/\/www.ticketmaster.es\/event\/faithless-entradas\/1555783165\" data-wpel-link=\"external\" target=\"_blank\" rel=\"external noopener noreferrer\" class=\"ext-link wpel-icon-right\"><strong>Tickets<\/strong><span class=\"wpel-icon wpel-image wpel-icon-2\"><\/span><\/a><\/li>\n<\/ul>\n<h3><span class=\"ez-toc-section\" id=\"Satisfaxion_%E2%80%93_Fuengirola\"><\/span>Satisfaxion \u2013 Fuengirola<span class=\"ez-toc-section-end\"><\/span><\/h3>\n<p><img loading=\"lazy\" decoding=\"async\" class=\"alignnone wp-image-18875\" src=\"https:\/\/www.malagacar.com\/sp\/blog\/wp-content\/uploads\/2025\/04\/satisfaxion-819x1024.jpg\" alt=\"Satisfaxion \u2013 Fuengirola\" width=\"503\" height=\"629\" \/><\/p>\n<p>Liefhebbers van elektronische muziek kunnen op 8 augustus in Fuengirola een evenement niet missen, met Underworld en Sven V\u00e4th als headliners. Maak je klaar om te dansen op techno op een van de beste podia aan de Costa del Sol, op een steenworp afstand van de zee.<\/p>\n<ul>\n<li>Wanneer: 8 augustus<\/li>\n<li>Waar: Marenostrum Fuengirola<\/li>\n<li>Meer <a href=\"https:\/\/marenostrumfuengirola.com\/eventos\/underworld-live-satisfaxion-303\/\" data-wpel-link=\"external\" target=\"_blank\" rel=\"external noopener noreferrer\" class=\"ext-link wpel-icon-right\"><strong>informatie en tickets<\/strong><span class=\"wpel-icon wpel-image wpel-icon-2\"><\/span><\/a><\/li>\n<\/ul>\n<h3><span class=\"ez-toc-section\" id=\"Alameda_Festival_%E2%80%93_Alameda\"><\/span>Alameda Festival \u2013 Alameda<span class=\"ez-toc-section-end\"><\/span><\/h3>\n<p><img loading=\"lazy\" decoding=\"async\" class=\"alignnone wp-image-18867\" src=\"https:\/\/www.malagacar.com\/sp\/blog\/wp-content\/uploads\/2025\/04\/alameda-fest.jpg\" alt=\"Alameda Festival \u2013 Alameda\" width=\"507\" height=\"573\" \/><\/p>\n<p>Het Alameda Festival ontleent zijn naam aan de locatie, Alameda, in het noorden van de provincie M\u00e1laga.<\/p>\n<p>Het festival, dat in 2026 zijn vijfde jubileum viert, brengt enkele van de meest bekende namen uit de nationale muziekscene samen, zoals Miguel Campello, Mojinos Escoz\u00edos, Benito Kamelas, Las Rodes, Poncho K en La Gore, en nog meer artiesten die later bekendgemaakt zullen worden.<\/p>\n<ul>\n<li>Wanneer: 5 en 6 juni<\/li>\n<li>Waar: Alameda<\/li>\n<li>Meer <a href=\"https:\/\/alamedafestival.com\/\" data-wpel-link=\"external\" target=\"_blank\" rel=\"external noopener noreferrer\" class=\"ext-link wpel-icon-right\"><strong>informatie en tickets<\/strong><span class=\"wpel-icon wpel-image wpel-icon-2\"><\/span><\/a><\/li>\n<\/ul>\n<h3><span class=\"ez-toc-section\" id=\"Dreambeach_%E2%80%93_Velez-Malaga\"><\/span>Dreambeach &#8211; V\u00e9lez-M\u00e1laga<span class=\"ez-toc-section-end\"><\/span><\/h3>\n<p><img loading=\"lazy\" decoding=\"async\" class=\"alignnone wp-image-18865\" src=\"https:\/\/www.malagacar.com\/sp\/blog\/wp-content\/uploads\/2025\/04\/dreambeach-1024x685.jpg\" alt=\"Dreambeach - V\u00e9lez-M\u00e1laga\" width=\"623\" height=\"417\" \/><\/p>\n<p>Dit elektronische muziekfestival verhuist dit jaar naar de Costa del Sol voor de twaalfde editie, die plaatsvindt op 31 juli en 1 augustus. Het festival wordt gehouden op het beursterrein van V\u00e9lez-M\u00e1laga en telt vier podia.<\/p>\n<p>Dreambeach Costa del Sol bevestigt de komst van David Guetta naar de premi\u00e8re in V\u00e9lez-M\u00e1laga, waar de Franse kunstenaar zijn exclusieve &#8220;Monolith Show&#8221; zal presenteren.<\/p>\n<p>De editie van 2025 trok meer dan 90.000 bezoekers en presenteerde topartiesten zoals Will Smith, Nathy Peluso, Steve Angello, Steve Aoki, Amelie Lens en Indira Paganotto, om er maar een paar te noemen.<\/p>\n<ul>\n<li>Wanneer: 31 juli en 1 augustus<\/li>\n<li>Waar: Beursterrein V\u00e9lez-M\u00e1laga<\/li>\n<li>Meer <a href=\"https:\/\/www.dreambeach.es\/\" data-wpel-link=\"external\" target=\"_blank\" rel=\"external noopener noreferrer\" class=\"ext-link wpel-icon-right\"><strong>informatie en tickets<\/strong><span class=\"wpel-icon wpel-image wpel-icon-2\"><\/span><\/a><\/li>\n<\/ul>\n\t\t\t\t\n\t\t\t\t<div id=\"search-form2\" class=\"big-quote index-mobile\">\n\t\t\t\t<form id=\"frmSearch\" name=\"frmSearch\" action=\"\/nl\/autoverhuur\/quote.php\" method=\"post\"  name=\"quote\" class=\"container-fluid\">\n\t\t\t\t\t\t\t\t\t<div class=\"row\">\n\t\t\t\t\t\t<div class=\"col-sm-6\">\n\n\t\t\t\t\t\t\t<div class=\"form-group\">\n\t\t\t\t\t\t\t\t<label for=\"entrega\"><h4>Ophalen<\/h4><\/label>\n\t\t\t\t\t\t\t\t<select name=\"entrega\" id=\"entrega\" class=\"custom-select\">\n\t\t\t\t\t\t\t\t\t<option value=\"airport\"  selected>Luchthaven M\u00e1laga<\/option>\n\t\t\t\t\t\t\t\t\t\t\t\t\t\t\t\t<\/select>\n\t\t\t\t\t\t\t\t<div class=\"form-inline my-2\">\n\t\t\t\t\t\t\t\t\t<input id=\"pDate\" class=\"form-control\" value=\"07\/09\/2026\" name=\"pDate\" readonly onchange=\"return uppdate()\">\n\t\t\t\t\t\t\t\t\t<select class=\"custom-select\" id=\"phorasminutos\" name=\"phorasminutos\" oninvalid=\"setCustomValidity('Laat ons uw aankomsttijd weten')\" onchange=\"setCustomValidity('')\">\n\t\t\t\t\t\t\t\t\t\t<option value=\"-\" selected>--:--<\/option>\n\t\t\t\t\t\t\t\t\t\t\t\t\t\t\t\t\t\t\t\t<option value=\"00:00\">\n\t\t\t\t\t\t\t\t\t\t\t00:00<\/option>\n\t\t\t\t\t\t\t\t\t\t<option value=\"00:15\">\n\t\t\t\t\t\t\t\t\t\t\t00:15<\/option>\n\t\t\t\t\t\t\t\t\t\t<option value=\"00:30\">\n\t\t\t\t\t\t\t\t\t\t\t00:30<\/option>\n\t\t\t\t\t\t\t\t\t\t<option value=\"00:45\">\n\t\t\t\t\t\t\t\t\t\t\t00:45<\/option>\n\t\t\t\t\t\t\t\t\t\t\t\t\t\t\t\t\t\t\t\t<option value=\"01:00\">\n\t\t\t\t\t\t\t\t\t\t\t01:00<\/option>\n\t\t\t\t\t\t\t\t\t\t<option value=\"01:15\">\n\t\t\t\t\t\t\t\t\t\t\t01:15<\/option>\n\t\t\t\t\t\t\t\t\t\t<option value=\"01:30\">\n\t\t\t\t\t\t\t\t\t\t\t01:30<\/option>\n\t\t\t\t\t\t\t\t\t\t<option value=\"01:45\">\n\t\t\t\t\t\t\t\t\t\t\t01:45<\/option>\n\t\t\t\t\t\t\t\t\t\t\t\t\t\t\t\t\t\t\t\t<option value=\"02:00\">\n\t\t\t\t\t\t\t\t\t\t\t02:00<\/option>\n\t\t\t\t\t\t\t\t\t\t<option value=\"02:15\">\n\t\t\t\t\t\t\t\t\t\t\t02:15<\/option>\n\t\t\t\t\t\t\t\t\t\t<option value=\"02:30\">\n\t\t\t\t\t\t\t\t\t\t\t02:30<\/option>\n\t\t\t\t\t\t\t\t\t\t<option value=\"02:45\">\n\t\t\t\t\t\t\t\t\t\t\t02:45<\/option>\n\t\t\t\t\t\t\t\t\t\t\t\t\t\t\t\t\t\t\t\t<option value=\"03:00\">\n\t\t\t\t\t\t\t\t\t\t\t03:00<\/option>\n\t\t\t\t\t\t\t\t\t\t<option value=\"03:15\">\n\t\t\t\t\t\t\t\t\t\t\t03:15<\/option>\n\t\t\t\t\t\t\t\t\t\t<option value=\"03:30\">\n\t\t\t\t\t\t\t\t\t\t\t03:30<\/option>\n\t\t\t\t\t\t\t\t\t\t<option value=\"03:45\">\n\t\t\t\t\t\t\t\t\t\t\t03:45<\/option>\n\t\t\t\t\t\t\t\t\t\t\t\t\t\t\t\t\t\t\t\t<option value=\"04:00\">\n\t\t\t\t\t\t\t\t\t\t\t04:00<\/option>\n\t\t\t\t\t\t\t\t\t\t<option value=\"04:15\">\n\t\t\t\t\t\t\t\t\t\t\t04:15<\/option>\n\t\t\t\t\t\t\t\t\t\t<option value=\"04:30\">\n\t\t\t\t\t\t\t\t\t\t\t04:30<\/option>\n\t\t\t\t\t\t\t\t\t\t<option value=\"04:45\">\n\t\t\t\t\t\t\t\t\t\t\t04:45<\/option>\n\t\t\t\t\t\t\t\t\t\t\t\t\t\t\t\t\t\t\t\t<option value=\"05:00\">\n\t\t\t\t\t\t\t\t\t\t\t05:00<\/option>\n\t\t\t\t\t\t\t\t\t\t<option value=\"05:15\">\n\t\t\t\t\t\t\t\t\t\t\t05:15<\/option>\n\t\t\t\t\t\t\t\t\t\t<option value=\"05:30\">\n\t\t\t\t\t\t\t\t\t\t\t05:30<\/option>\n\t\t\t\t\t\t\t\t\t\t<option value=\"05:45\">\n\t\t\t\t\t\t\t\t\t\t\t05:45<\/option>\n\t\t\t\t\t\t\t\t\t\t\t\t\t\t\t\t\t\t\t\t<option value=\"06:00\">\n\t\t\t\t\t\t\t\t\t\t\t06:00<\/option>\n\t\t\t\t\t\t\t\t\t\t<option value=\"06:15\">\n\t\t\t\t\t\t\t\t\t\t\t06:15<\/option>\n\t\t\t\t\t\t\t\t\t\t<option value=\"06:30\">\n\t\t\t\t\t\t\t\t\t\t\t06:30<\/option>\n\t\t\t\t\t\t\t\t\t\t<option value=\"06:45\">\n\t\t\t\t\t\t\t\t\t\t\t06:45<\/option>\n\t\t\t\t\t\t\t\t\t\t\t\t\t\t\t\t\t\t\t\t<option value=\"07:00\">\n\t\t\t\t\t\t\t\t\t\t\t07:00<\/option>\n\t\t\t\t\t\t\t\t\t\t<option value=\"07:15\">\n\t\t\t\t\t\t\t\t\t\t\t07:15<\/option>\n\t\t\t\t\t\t\t\t\t\t<option value=\"07:30\">\n\t\t\t\t\t\t\t\t\t\t\t07:30<\/option>\n\t\t\t\t\t\t\t\t\t\t<option value=\"07:45\">\n\t\t\t\t\t\t\t\t\t\t\t07:45<\/option>\n\t\t\t\t\t\t\t\t\t\t\t\t\t\t\t\t\t\t\t\t<option value=\"08:00\">\n\t\t\t\t\t\t\t\t\t\t\t08:00<\/option>\n\t\t\t\t\t\t\t\t\t\t<option value=\"08:15\">\n\t\t\t\t\t\t\t\t\t\t\t08:15<\/option>\n\t\t\t\t\t\t\t\t\t\t<option value=\"08:30\">\n\t\t\t\t\t\t\t\t\t\t\t08:30<\/option>\n\t\t\t\t\t\t\t\t\t\t<option value=\"08:45\">\n\t\t\t\t\t\t\t\t\t\t\t08:45<\/option>\n\t\t\t\t\t\t\t\t\t\t\t\t\t\t\t\t\t\t\t\t<option value=\"09:00\">\n\t\t\t\t\t\t\t\t\t\t\t09:00<\/option>\n\t\t\t\t\t\t\t\t\t\t<option value=\"09:15\">\n\t\t\t\t\t\t\t\t\t\t\t09:15<\/option>\n\t\t\t\t\t\t\t\t\t\t<option value=\"09:30\">\n\t\t\t\t\t\t\t\t\t\t\t09:30<\/option>\n\t\t\t\t\t\t\t\t\t\t<option value=\"09:45\">\n\t\t\t\t\t\t\t\t\t\t\t09:45<\/option>\n\t\t\t\t\t\t\t\t\t\t\t\t\t\t\t\t\t\t\t\t<option value=\"10:00\">\n\t\t\t\t\t\t\t\t\t\t\t10:00<\/option>\n\t\t\t\t\t\t\t\t\t\t<option value=\"10:15\">\n\t\t\t\t\t\t\t\t\t\t\t10:15<\/option>\n\t\t\t\t\t\t\t\t\t\t<option value=\"10:30\">\n\t\t\t\t\t\t\t\t\t\t\t10:30<\/option>\n\t\t\t\t\t\t\t\t\t\t<option value=\"10:45\">\n\t\t\t\t\t\t\t\t\t\t\t10:45<\/option>\n\t\t\t\t\t\t\t\t\t\t\t\t\t\t\t\t\t\t\t\t<option value=\"11:00\">\n\t\t\t\t\t\t\t\t\t\t\t11:00<\/option>\n\t\t\t\t\t\t\t\t\t\t<option value=\"11:15\">\n\t\t\t\t\t\t\t\t\t\t\t11:15<\/option>\n\t\t\t\t\t\t\t\t\t\t<option value=\"11:30\">\n\t\t\t\t\t\t\t\t\t\t\t11:30<\/option>\n\t\t\t\t\t\t\t\t\t\t<option value=\"11:45\">\n\t\t\t\t\t\t\t\t\t\t\t11:45<\/option>\n\t\t\t\t\t\t\t\t\t\t\t\t\t\t\t\t\t\t\t\t<option value=\"12:00\">\n\t\t\t\t\t\t\t\t\t\t\t12:00<\/option>\n\t\t\t\t\t\t\t\t\t\t<option value=\"12:15\">\n\t\t\t\t\t\t\t\t\t\t\t12:15<\/option>\n\t\t\t\t\t\t\t\t\t\t<option value=\"12:30\">\n\t\t\t\t\t\t\t\t\t\t\t12:30<\/option>\n\t\t\t\t\t\t\t\t\t\t<option value=\"12:45\">\n\t\t\t\t\t\t\t\t\t\t\t12:45<\/option>\n\t\t\t\t\t\t\t\t\t\t\t\t\t\t\t\t\t\t\t\t<option value=\"13:00\">\n\t\t\t\t\t\t\t\t\t\t\t13:00<\/option>\n\t\t\t\t\t\t\t\t\t\t<option value=\"13:15\">\n\t\t\t\t\t\t\t\t\t\t\t13:15<\/option>\n\t\t\t\t\t\t\t\t\t\t<option value=\"13:30\">\n\t\t\t\t\t\t\t\t\t\t\t13:30<\/option>\n\t\t\t\t\t\t\t\t\t\t<option value=\"13:45\">\n\t\t\t\t\t\t\t\t\t\t\t13:45<\/option>\n\t\t\t\t\t\t\t\t\t\t\t\t\t\t\t\t\t\t\t\t<option value=\"14:00\">\n\t\t\t\t\t\t\t\t\t\t\t14:00<\/option>\n\t\t\t\t\t\t\t\t\t\t<option value=\"14:15\">\n\t\t\t\t\t\t\t\t\t\t\t14:15<\/option>\n\t\t\t\t\t\t\t\t\t\t<option value=\"14:30\">\n\t\t\t\t\t\t\t\t\t\t\t14:30<\/option>\n\t\t\t\t\t\t\t\t\t\t<option value=\"14:45\">\n\t\t\t\t\t\t\t\t\t\t\t14:45<\/option>\n\t\t\t\t\t\t\t\t\t\t\t\t\t\t\t\t\t\t\t\t<option value=\"15:00\">\n\t\t\t\t\t\t\t\t\t\t\t15:00<\/option>\n\t\t\t\t\t\t\t\t\t\t<option value=\"15:15\">\n\t\t\t\t\t\t\t\t\t\t\t15:15<\/option>\n\t\t\t\t\t\t\t\t\t\t<option value=\"15:30\">\n\t\t\t\t\t\t\t\t\t\t\t15:30<\/option>\n\t\t\t\t\t\t\t\t\t\t<option value=\"15:45\">\n\t\t\t\t\t\t\t\t\t\t\t15:45<\/option>\n\t\t\t\t\t\t\t\t\t\t\t\t\t\t\t\t\t\t\t\t<option value=\"16:00\">\n\t\t\t\t\t\t\t\t\t\t\t16:00<\/option>\n\t\t\t\t\t\t\t\t\t\t<option value=\"16:15\">\n\t\t\t\t\t\t\t\t\t\t\t16:15<\/option>\n\t\t\t\t\t\t\t\t\t\t<option value=\"16:30\">\n\t\t\t\t\t\t\t\t\t\t\t16:30<\/option>\n\t\t\t\t\t\t\t\t\t\t<option value=\"16:45\">\n\t\t\t\t\t\t\t\t\t\t\t16:45<\/option>\n\t\t\t\t\t\t\t\t\t\t\t\t\t\t\t\t\t\t\t\t<option value=\"17:00\">\n\t\t\t\t\t\t\t\t\t\t\t17:00<\/option>\n\t\t\t\t\t\t\t\t\t\t<option value=\"17:15\">\n\t\t\t\t\t\t\t\t\t\t\t17:15<\/option>\n\t\t\t\t\t\t\t\t\t\t<option value=\"17:30\">\n\t\t\t\t\t\t\t\t\t\t\t17:30<\/option>\n\t\t\t\t\t\t\t\t\t\t<option value=\"17:45\">\n\t\t\t\t\t\t\t\t\t\t\t17:45<\/option>\n\t\t\t\t\t\t\t\t\t\t\t\t\t\t\t\t\t\t\t\t<option value=\"18:00\">\n\t\t\t\t\t\t\t\t\t\t\t18:00<\/option>\n\t\t\t\t\t\t\t\t\t\t<option value=\"18:15\">\n\t\t\t\t\t\t\t\t\t\t\t18:15<\/option>\n\t\t\t\t\t\t\t\t\t\t<option value=\"18:30\">\n\t\t\t\t\t\t\t\t\t\t\t18:30<\/option>\n\t\t\t\t\t\t\t\t\t\t<option value=\"18:45\">\n\t\t\t\t\t\t\t\t\t\t\t18:45<\/option>\n\t\t\t\t\t\t\t\t\t\t\t\t\t\t\t\t\t\t\t\t<option value=\"19:00\">\n\t\t\t\t\t\t\t\t\t\t\t19:00<\/option>\n\t\t\t\t\t\t\t\t\t\t<option value=\"19:15\">\n\t\t\t\t\t\t\t\t\t\t\t19:15<\/option>\n\t\t\t\t\t\t\t\t\t\t<option value=\"19:30\">\n\t\t\t\t\t\t\t\t\t\t\t19:30<\/option>\n\t\t\t\t\t\t\t\t\t\t<option value=\"19:45\">\n\t\t\t\t\t\t\t\t\t\t\t19:45<\/option>\n\t\t\t\t\t\t\t\t\t\t\t\t\t\t\t\t\t\t\t\t<option value=\"20:00\">\n\t\t\t\t\t\t\t\t\t\t\t20:00<\/option>\n\t\t\t\t\t\t\t\t\t\t<option value=\"20:15\">\n\t\t\t\t\t\t\t\t\t\t\t20:15<\/option>\n\t\t\t\t\t\t\t\t\t\t<option value=\"20:30\">\n\t\t\t\t\t\t\t\t\t\t\t20:30<\/option>\n\t\t\t\t\t\t\t\t\t\t<option value=\"20:45\">\n\t\t\t\t\t\t\t\t\t\t\t20:45<\/option>\n\t\t\t\t\t\t\t\t\t\t\t\t\t\t\t\t\t\t\t\t<option value=\"21:00\">\n\t\t\t\t\t\t\t\t\t\t\t21:00<\/option>\n\t\t\t\t\t\t\t\t\t\t<option value=\"21:15\">\n\t\t\t\t\t\t\t\t\t\t\t21:15<\/option>\n\t\t\t\t\t\t\t\t\t\t<option value=\"21:30\">\n\t\t\t\t\t\t\t\t\t\t\t21:30<\/option>\n\t\t\t\t\t\t\t\t\t\t<option value=\"21:45\">\n\t\t\t\t\t\t\t\t\t\t\t21:45<\/option>\n\t\t\t\t\t\t\t\t\t\t\t\t\t\t\t\t\t\t\t\t<option value=\"22:00\">\n\t\t\t\t\t\t\t\t\t\t\t22:00<\/option>\n\t\t\t\t\t\t\t\t\t\t<option value=\"22:15\">\n\t\t\t\t\t\t\t\t\t\t\t22:15<\/option>\n\t\t\t\t\t\t\t\t\t\t<option value=\"22:30\">\n\t\t\t\t\t\t\t\t\t\t\t22:30<\/option>\n\t\t\t\t\t\t\t\t\t\t<option value=\"22:45\">\n\t\t\t\t\t\t\t\t\t\t\t22:45<\/option>\n\t\t\t\t\t\t\t\t\t\t\t\t\t\t\t\t\t\t\t\t<option value=\"23:00\">\n\t\t\t\t\t\t\t\t\t\t\t23:00<\/option>\n\t\t\t\t\t\t\t\t\t\t<option value=\"23:15\">\n\t\t\t\t\t\t\t\t\t\t\t23:15<\/option>\n\t\t\t\t\t\t\t\t\t\t<option value=\"23:30\">\n\t\t\t\t\t\t\t\t\t\t\t23:30<\/option>\n\t\t\t\t\t\t\t\t\t\t<option value=\"23:45\">\n\t\t\t\t\t\t\t\t\t\t\t23:45<\/option>\n\t\t\t\t\t\t\t\t\t\t\t\t\t\t\t\t\t\t\t<\/select>\n\t\t\t\t\t\t\t\t<\/div>\n\t\t\t\t\t\t\t<\/div>\n\t\t\t\t\t\t<\/div>\n\t\t\t\t\t\t<div class=\"col-sm-6\">\n\t\t\t\t\t\t\t<div class=\"form-group\">\n\t\t\t\t\t\t\t\t<div id=\"bookingBox\"><\/div>\n\n\t\t\t\t\t\t\t\t<label for=\"devuelta\"><h4>Terugbrendgend<\/h4><\/label>\n\t\t\t\t\t\t\t\t<select name=\"devuelta\" id=\"devuelta\" class=\"custom-select\">\n\t\t\t\t\t\t\t\t\t<option value=\"airport\"  selected>Luchthaven M\u00e1laga<\/option>\n\t\t\t\t\t\t\t\t\t\t\t\t\t\t\t\t<\/select>\n\n\t\t\t\t\t\t\t\t<div class=\"form-inline my-2\">\n\t\t\t\t\t\t\t\t\t<input id=\"dDate\" class=\"form-control\" value=\"14\/09\/2026\" name=\"dDate\" readonly>\n\t\t\t\t\t\t\t\t\t<select class=\"custom-select\" id=\"dhorasminutos\" name=\"dhorasminutos\" oninvalid=\"setCustomValidity('Laat ons weten wanneer je terugkomt.')\" onchange=\"setCustomValidity('')\">\n\t\t\t\t\t\t\t\t\t\t<option value=\"-\" selected>--:--<\/option>\n\t\t\t\t\t\t\t\t\t\t\t\t\t\t\t\t\t\t\t\t<option value=\"00:00\">\n\t\t\t\t\t\t\t\t\t\t\t00:00<\/option>\n\t\t\t\t\t\t\t\t\t\t<option value=\"00:15\">\n\t\t\t\t\t\t\t\t\t\t\t00:15<\/option>\n\t\t\t\t\t\t\t\t\t\t<option value=\"00:30\">\n\t\t\t\t\t\t\t\t\t\t\t00:30<\/option>\n\t\t\t\t\t\t\t\t\t\t<option value=\"00:45\">\n\t\t\t\t\t\t\t\t\t\t\t00:45<\/option>\n\t\t\t\t\t\t\t\t\t\t\t\t\t\t\t\t\t\t\t\t<option value=\"01:00\">\n\t\t\t\t\t\t\t\t\t\t\t01:00<\/option>\n\t\t\t\t\t\t\t\t\t\t<option value=\"01:15\">\n\t\t\t\t\t\t\t\t\t\t\t01:15<\/option>\n\t\t\t\t\t\t\t\t\t\t<option value=\"01:30\">\n\t\t\t\t\t\t\t\t\t\t\t01:30<\/option>\n\t\t\t\t\t\t\t\t\t\t<option value=\"01:45\">\n\t\t\t\t\t\t\t\t\t\t\t01:45<\/option>\n\t\t\t\t\t\t\t\t\t\t\t\t\t\t\t\t\t\t\t\t<option value=\"02:00\">\n\t\t\t\t\t\t\t\t\t\t\t02:00<\/option>\n\t\t\t\t\t\t\t\t\t\t<option value=\"02:15\">\n\t\t\t\t\t\t\t\t\t\t\t02:15<\/option>\n\t\t\t\t\t\t\t\t\t\t<option value=\"02:30\">\n\t\t\t\t\t\t\t\t\t\t\t02:30<\/option>\n\t\t\t\t\t\t\t\t\t\t<option value=\"02:45\">\n\t\t\t\t\t\t\t\t\t\t\t02:45<\/option>\n\t\t\t\t\t\t\t\t\t\t\t\t\t\t\t\t\t\t\t\t<option value=\"03:00\">\n\t\t\t\t\t\t\t\t\t\t\t03:00<\/option>\n\t\t\t\t\t\t\t\t\t\t<option value=\"03:15\">\n\t\t\t\t\t\t\t\t\t\t\t03:15<\/option>\n\t\t\t\t\t\t\t\t\t\t<option value=\"03:30\">\n\t\t\t\t\t\t\t\t\t\t\t03:30<\/option>\n\t\t\t\t\t\t\t\t\t\t<option value=\"03:45\">\n\t\t\t\t\t\t\t\t\t\t\t03:45<\/option>\n\t\t\t\t\t\t\t\t\t\t\t\t\t\t\t\t\t\t\t\t<option value=\"04:00\">\n\t\t\t\t\t\t\t\t\t\t\t04:00<\/option>\n\t\t\t\t\t\t\t\t\t\t<option value=\"04:15\">\n\t\t\t\t\t\t\t\t\t\t\t04:15<\/option>\n\t\t\t\t\t\t\t\t\t\t<option value=\"04:30\">\n\t\t\t\t\t\t\t\t\t\t\t04:30<\/option>\n\t\t\t\t\t\t\t\t\t\t<option value=\"04:45\">\n\t\t\t\t\t\t\t\t\t\t\t04:45<\/option>\n\t\t\t\t\t\t\t\t\t\t\t\t\t\t\t\t\t\t\t\t<option value=\"05:00\">\n\t\t\t\t\t\t\t\t\t\t\t05:00<\/option>\n\t\t\t\t\t\t\t\t\t\t<option value=\"05:15\">\n\t\t\t\t\t\t\t\t\t\t\t05:15<\/option>\n\t\t\t\t\t\t\t\t\t\t<option value=\"05:30\">\n\t\t\t\t\t\t\t\t\t\t\t05:30<\/option>\n\t\t\t\t\t\t\t\t\t\t<option value=\"05:45\">\n\t\t\t\t\t\t\t\t\t\t\t05:45<\/option>\n\t\t\t\t\t\t\t\t\t\t\t\t\t\t\t\t\t\t\t\t<option value=\"06:00\">\n\t\t\t\t\t\t\t\t\t\t\t06:00<\/option>\n\t\t\t\t\t\t\t\t\t\t<option value=\"06:15\">\n\t\t\t\t\t\t\t\t\t\t\t06:15<\/option>\n\t\t\t\t\t\t\t\t\t\t<option value=\"06:30\">\n\t\t\t\t\t\t\t\t\t\t\t06:30<\/option>\n\t\t\t\t\t\t\t\t\t\t<option value=\"06:45\">\n\t\t\t\t\t\t\t\t\t\t\t06:45<\/option>\n\t\t\t\t\t\t\t\t\t\t\t\t\t\t\t\t\t\t\t\t<option value=\"07:00\">\n\t\t\t\t\t\t\t\t\t\t\t07:00<\/option>\n\t\t\t\t\t\t\t\t\t\t<option value=\"07:15\">\n\t\t\t\t\t\t\t\t\t\t\t07:15<\/option>\n\t\t\t\t\t\t\t\t\t\t<option value=\"07:30\">\n\t\t\t\t\t\t\t\t\t\t\t07:30<\/option>\n\t\t\t\t\t\t\t\t\t\t<option value=\"07:45\">\n\t\t\t\t\t\t\t\t\t\t\t07:45<\/option>\n\t\t\t\t\t\t\t\t\t\t\t\t\t\t\t\t\t\t\t\t<option value=\"08:00\">\n\t\t\t\t\t\t\t\t\t\t\t08:00<\/option>\n\t\t\t\t\t\t\t\t\t\t<option value=\"08:15\">\n\t\t\t\t\t\t\t\t\t\t\t08:15<\/option>\n\t\t\t\t\t\t\t\t\t\t<option value=\"08:30\">\n\t\t\t\t\t\t\t\t\t\t\t08:30<\/option>\n\t\t\t\t\t\t\t\t\t\t<option value=\"08:45\">\n\t\t\t\t\t\t\t\t\t\t\t08:45<\/option>\n\t\t\t\t\t\t\t\t\t\t\t\t\t\t\t\t\t\t\t\t<option value=\"09:00\">\n\t\t\t\t\t\t\t\t\t\t\t09:00<\/option>\n\t\t\t\t\t\t\t\t\t\t<option value=\"09:15\">\n\t\t\t\t\t\t\t\t\t\t\t09:15<\/option>\n\t\t\t\t\t\t\t\t\t\t<option value=\"09:30\">\n\t\t\t\t\t\t\t\t\t\t\t09:30<\/option>\n\t\t\t\t\t\t\t\t\t\t<option value=\"09:45\">\n\t\t\t\t\t\t\t\t\t\t\t09:45<\/option>\n\t\t\t\t\t\t\t\t\t\t\t\t\t\t\t\t\t\t\t\t<option value=\"10:00\">\n\t\t\t\t\t\t\t\t\t\t\t10:00<\/option>\n\t\t\t\t\t\t\t\t\t\t<option value=\"10:15\">\n\t\t\t\t\t\t\t\t\t\t\t10:15<\/option>\n\t\t\t\t\t\t\t\t\t\t<option value=\"10:30\">\n\t\t\t\t\t\t\t\t\t\t\t10:30<\/option>\n\t\t\t\t\t\t\t\t\t\t<option value=\"10:45\">\n\t\t\t\t\t\t\t\t\t\t\t10:45<\/option>\n\t\t\t\t\t\t\t\t\t\t\t\t\t\t\t\t\t\t\t\t<option value=\"11:00\">\n\t\t\t\t\t\t\t\t\t\t\t11:00<\/option>\n\t\t\t\t\t\t\t\t\t\t<option value=\"11:15\">\n\t\t\t\t\t\t\t\t\t\t\t11:15<\/option>\n\t\t\t\t\t\t\t\t\t\t<option value=\"11:30\">\n\t\t\t\t\t\t\t\t\t\t\t11:30<\/option>\n\t\t\t\t\t\t\t\t\t\t<option value=\"11:45\">\n\t\t\t\t\t\t\t\t\t\t\t11:45<\/option>\n\t\t\t\t\t\t\t\t\t\t\t\t\t\t\t\t\t\t\t\t<option value=\"12:00\">\n\t\t\t\t\t\t\t\t\t\t\t12:00<\/option>\n\t\t\t\t\t\t\t\t\t\t<option value=\"12:15\">\n\t\t\t\t\t\t\t\t\t\t\t12:15<\/option>\n\t\t\t\t\t\t\t\t\t\t<option value=\"12:30\">\n\t\t\t\t\t\t\t\t\t\t\t12:30<\/option>\n\t\t\t\t\t\t\t\t\t\t<option value=\"12:45\">\n\t\t\t\t\t\t\t\t\t\t\t12:45<\/option>\n\t\t\t\t\t\t\t\t\t\t\t\t\t\t\t\t\t\t\t\t<option value=\"13:00\">\n\t\t\t\t\t\t\t\t\t\t\t13:00<\/option>\n\t\t\t\t\t\t\t\t\t\t<option value=\"13:15\">\n\t\t\t\t\t\t\t\t\t\t\t13:15<\/option>\n\t\t\t\t\t\t\t\t\t\t<option value=\"13:30\">\n\t\t\t\t\t\t\t\t\t\t\t13:30<\/option>\n\t\t\t\t\t\t\t\t\t\t<option value=\"13:45\">\n\t\t\t\t\t\t\t\t\t\t\t13:45<\/option>\n\t\t\t\t\t\t\t\t\t\t\t\t\t\t\t\t\t\t\t\t<option value=\"14:00\">\n\t\t\t\t\t\t\t\t\t\t\t14:00<\/option>\n\t\t\t\t\t\t\t\t\t\t<option value=\"14:15\">\n\t\t\t\t\t\t\t\t\t\t\t14:15<\/option>\n\t\t\t\t\t\t\t\t\t\t<option value=\"14:30\">\n\t\t\t\t\t\t\t\t\t\t\t14:30<\/option>\n\t\t\t\t\t\t\t\t\t\t<option value=\"14:45\">\n\t\t\t\t\t\t\t\t\t\t\t14:45<\/option>\n\t\t\t\t\t\t\t\t\t\t\t\t\t\t\t\t\t\t\t\t<option value=\"15:00\">\n\t\t\t\t\t\t\t\t\t\t\t15:00<\/option>\n\t\t\t\t\t\t\t\t\t\t<option value=\"15:15\">\n\t\t\t\t\t\t\t\t\t\t\t15:15<\/option>\n\t\t\t\t\t\t\t\t\t\t<option value=\"15:30\">\n\t\t\t\t\t\t\t\t\t\t\t15:30<\/option>\n\t\t\t\t\t\t\t\t\t\t<option value=\"15:45\">\n\t\t\t\t\t\t\t\t\t\t\t15:45<\/option>\n\t\t\t\t\t\t\t\t\t\t\t\t\t\t\t\t\t\t\t\t<option value=\"16:00\">\n\t\t\t\t\t\t\t\t\t\t\t16:00<\/option>\n\t\t\t\t\t\t\t\t\t\t<option value=\"16:15\">\n\t\t\t\t\t\t\t\t\t\t\t16:15<\/option>\n\t\t\t\t\t\t\t\t\t\t<option value=\"16:30\">\n\t\t\t\t\t\t\t\t\t\t\t16:30<\/option>\n\t\t\t\t\t\t\t\t\t\t<option value=\"16:45\">\n\t\t\t\t\t\t\t\t\t\t\t16:45<\/option>\n\t\t\t\t\t\t\t\t\t\t\t\t\t\t\t\t\t\t\t\t<option value=\"17:00\">\n\t\t\t\t\t\t\t\t\t\t\t17:00<\/option>\n\t\t\t\t\t\t\t\t\t\t<option value=\"17:15\">\n\t\t\t\t\t\t\t\t\t\t\t17:15<\/option>\n\t\t\t\t\t\t\t\t\t\t<option value=\"17:30\">\n\t\t\t\t\t\t\t\t\t\t\t17:30<\/option>\n\t\t\t\t\t\t\t\t\t\t<option value=\"17:45\">\n\t\t\t\t\t\t\t\t\t\t\t17:45<\/option>\n\t\t\t\t\t\t\t\t\t\t\t\t\t\t\t\t\t\t\t\t<option value=\"18:00\">\n\t\t\t\t\t\t\t\t\t\t\t18:00<\/option>\n\t\t\t\t\t\t\t\t\t\t<option value=\"18:15\">\n\t\t\t\t\t\t\t\t\t\t\t18:15<\/option>\n\t\t\t\t\t\t\t\t\t\t<option value=\"18:30\">\n\t\t\t\t\t\t\t\t\t\t\t18:30<\/option>\n\t\t\t\t\t\t\t\t\t\t<option value=\"18:45\">\n\t\t\t\t\t\t\t\t\t\t\t18:45<\/option>\n\t\t\t\t\t\t\t\t\t\t\t\t\t\t\t\t\t\t\t\t<option value=\"19:00\">\n\t\t\t\t\t\t\t\t\t\t\t19:00<\/option>\n\t\t\t\t\t\t\t\t\t\t<option value=\"19:15\">\n\t\t\t\t\t\t\t\t\t\t\t19:15<\/option>\n\t\t\t\t\t\t\t\t\t\t<option value=\"19:30\">\n\t\t\t\t\t\t\t\t\t\t\t19:30<\/option>\n\t\t\t\t\t\t\t\t\t\t<option value=\"19:45\">\n\t\t\t\t\t\t\t\t\t\t\t19:45<\/option>\n\t\t\t\t\t\t\t\t\t\t\t\t\t\t\t\t\t\t\t\t<option value=\"20:00\">\n\t\t\t\t\t\t\t\t\t\t\t20:00<\/option>\n\t\t\t\t\t\t\t\t\t\t<option value=\"20:15\">\n\t\t\t\t\t\t\t\t\t\t\t20:15<\/option>\n\t\t\t\t\t\t\t\t\t\t<option value=\"20:30\">\n\t\t\t\t\t\t\t\t\t\t\t20:30<\/option>\n\t\t\t\t\t\t\t\t\t\t<option value=\"20:45\">\n\t\t\t\t\t\t\t\t\t\t\t20:45<\/option>\n\t\t\t\t\t\t\t\t\t\t\t\t\t\t\t\t\t\t\t\t<option value=\"21:00\">\n\t\t\t\t\t\t\t\t\t\t\t21:00<\/option>\n\t\t\t\t\t\t\t\t\t\t<option value=\"21:15\">\n\t\t\t\t\t\t\t\t\t\t\t21:15<\/option>\n\t\t\t\t\t\t\t\t\t\t<option value=\"21:30\">\n\t\t\t\t\t\t\t\t\t\t\t21:30<\/option>\n\t\t\t\t\t\t\t\t\t\t<option value=\"21:45\">\n\t\t\t\t\t\t\t\t\t\t\t21:45<\/option>\n\t\t\t\t\t\t\t\t\t\t\t\t\t\t\t\t\t\t\t\t<option value=\"22:00\">\n\t\t\t\t\t\t\t\t\t\t\t22:00<\/option>\n\t\t\t\t\t\t\t\t\t\t<option value=\"22:15\">\n\t\t\t\t\t\t\t\t\t\t\t22:15<\/option>\n\t\t\t\t\t\t\t\t\t\t<option value=\"22:30\">\n\t\t\t\t\t\t\t\t\t\t\t22:30<\/option>\n\t\t\t\t\t\t\t\t\t\t<option value=\"22:45\">\n\t\t\t\t\t\t\t\t\t\t\t22:45<\/option>\n\t\t\t\t\t\t\t\t\t\t\t\t\t\t\t\t\t\t\t\t<option value=\"23:00\">\n\t\t\t\t\t\t\t\t\t\t\t23:00<\/option>\n\t\t\t\t\t\t\t\t\t\t<option value=\"23:15\">\n\t\t\t\t\t\t\t\t\t\t\t23:15<\/option>\n\t\t\t\t\t\t\t\t\t\t<option value=\"23:30\">\n\t\t\t\t\t\t\t\t\t\t\t23:30<\/option>\n\t\t\t\t\t\t\t\t\t\t<option value=\"23:45\">\n\t\t\t\t\t\t\t\t\t\t\t23:45<\/option>\n\t\t\t\t\t\t\t\t\t\t\t\t\t\t\t\t\t\t\t<\/select>\n\t\t\t\t\t\t\t\t<\/div>\n\t\t\t\t\t\t\t<\/div>\n\t\t\t\t\t\t<\/div>\n\n\t\t\t\t\t<\/div>\n\t\t\t\t\n\n\t\t\t\t\t\t<div class=\"row\">\n                               <div class=\"col-sm-6\">\n\t\t\t\t\t\t\t\t<div class=\"form-group promo-code\">\n\t\t\t\t\t\t\t\t\t\t\t\t\t\t\t\t\t<label for=\"tipogrupo\" class=\"w-50 text-right pr-3 pt-1\">Groep<\/label>\n\t\t\t\t\t\t\t\t\t<select name=\"tipogrupo\" id=\"tipogrupo\" class=\"form-control w-50\">\n\t\t\t\t\t\t\t\t\t<option value=\"0\">Alle auto's<\/option>\n\t\t\t                        <option value=\"1\">Standard<\/option>  \n\t\t\t\t\t\t\t\t\t<option value=\"2\" >Automatics<\/option>  \n\t\t\t\t\t\t\t\t\t<option value=\"4\">Minivan<\/option>  \n\t\t\t\t\t\t\t\t\t<option value=\"5\">Cabrio & Sport<\/option>  \n\t\t\t\t\t\t\t\t\t<option value=\"6\">Prestige<\/option>  \n\t\t\t\t\t\t\t\t\t<option value=\"8\">SUV \/ Stationwagen<\/option> \n\t\t\t\t\t\t\t\t\t<option value=\"10\">Camper en Motorhome<\/option>  \t\t\t\t\t\t\t\t\n\t\t\t\t\t\t\t\t<\/select>\t\n\t\t\t\t\t\t\t\t\t\n\t\t\t\t\t\t\t<\/div>\n\t\t\t\t\t\t\t<\/div>\n\t\t\t\t\t\t<div class=\"col-sm-6 align-self-end\">\n\t\t\t\t\t\t\t<div class=\"form-group\">\n\t\t\t\t\t\t\t\t<input type=\"submit\" class=\"btn-quote\" value=\"Get Quote\" onclick=\"return msgAlert()\">\n\t\t\t\t\t\t\t<\/div>\n\t\t\t\t\t\t<\/div>\n\t\t\t\t\t<\/div>\n\t\t\t\t<\/form>\n\t\t\t\t<div class=\"row hide-mini-tablet advantages\">\n\t\t\t\t\t\t<div class=\"col-12\">\n\t\t\t\t\t\t\t<h4 class=\"text-center text-white\">De beste prijzen!<\/h4>\n\t\t\t\t\t\t\t<ul>\n\t\t\t\t\t\t\t\t<li>Groot wagenpark aan gloednieuwe wagens.<\/li>\n\t\t\t\t\t\t\t\t<li>Betalen bij aankomst.<\/li>\n\t\t\t\t\t\t\t\t<li>Wat je ziet is wat je betaalt.<\/li>\n\t\t\t\t\t\t\t\t<li>Geen creditcard nodig om te boeken.<\/li>\n\t\t\t\t\t\t\t\t<li>VIP bezorgservice gratis.<\/li>\n\t\t\t\t\t\t\t\t<li><strong class=\"redpassion-alt\">Wij rekenen geen extra kosten<\/strong> voor onze bijtank service.<\/li>\n\t\t\t\t\t\t\t<\/ul>\n\t\t\t\t\t\t<\/div>\n\t\t\t\t\t<\/div>\n\t\t\t\t<\/div>\n\t\t\t<br clear=\"all\">\n\n","protected":false},"excerpt":{"rendered":"<p>De Costa del Sol is erg populair om verschillende redenen, waarvan een vanzelfsprekend de muziekfestivals zijn die elke zomer plaatsvinden. Met een mild en vriendelijk klimaat, de zeewind, enkele werkelijk indrukwekkende podia en een line-up vol artiesten, heeft de Costa del Sol ook alle benodigde infrastructuur, accommodatie en hotels, en met de internationale luchthaven van [&hellip;]<\/p>\n","protected":false},"author":1,"featured_media":4354,"comment_status":"open","ping_status":"open","sticky":false,"template":"","format":"standard","meta":{"footnotes":""},"categories":[506],"tags":[330,520],"class_list":["post-4204","post","type-post","status-publish","format-standard","has-post-thumbnail","hentry","category-vrije-tijd","tag-costa-del-sol","tag-muziekfestivals"],"yoast_head":"<!-- This site is optimized with the Yoast SEO plugin v28.4 - https:\/\/yoast.com\/product\/yoast-seo-wordpress\/ -->\n<title>Muziekfestivals Costa del Sol 2026 - MalagaCar.com Blog<\/title>\n<meta name=\"description\" content=\"Deze zomer staat de Costa del Sol bol van de festivals en concerten. Ontdek alle muziekfestivals Costa del Sol in 2026!\" \/>\n<meta name=\"robots\" content=\"index, follow, max-snippet:-1, max-image-preview:large, max-video-preview:-1\" \/>\n<link rel=\"canonical\" href=\"https:\/\/www.malagacar.com\/nl\/blog\/vrije-tijd\/muziek-festivals-costa-del-sol\/\" \/>\n<meta property=\"og:locale\" content=\"nl_NL\" \/>\n<meta property=\"og:type\" content=\"article\" \/>\n<meta property=\"og:title\" content=\"Muziekfestivals Costa del Sol 2026 - MalagaCar.com Blog\" \/>\n<meta property=\"og:description\" content=\"Deze zomer staat de Costa del Sol bol van de festivals en concerten. Ontdek alle muziekfestivals Costa del Sol in 2026!\" \/>\n<meta property=\"og:url\" content=\"https:\/\/www.malagacar.com\/nl\/blog\/vrije-tijd\/muziek-festivals-costa-del-sol\/\" \/>\n<meta property=\"og:site_name\" content=\"MalagaCar.com Blog\" \/>\n<meta property=\"article:publisher\" content=\"https:\/\/www.facebook.com\/malagacar\" \/>\n<meta property=\"article:published_time\" content=\"2026-05-18T04:41:46+00:00\" \/>\n<meta property=\"article:modified_time\" content=\"2026-06-15T05:33:37+00:00\" \/>\n<meta property=\"og:image\" content=\"https:\/\/www.malagacar.com\/nl\/blog\/wp-content\/uploads\/2022\/01\/music-festivals-en.jpg\" \/>\n\t<meta property=\"og:image:width\" content=\"1200\" \/>\n\t<meta property=\"og:image:height\" content=\"716\" \/>\n\t<meta property=\"og:image:type\" content=\"image\/jpeg\" \/>\n<meta name=\"author\" content=\"MalagaCar.com\" \/>\n<meta name=\"twitter:label1\" content=\"Geschreven door\" \/>\n\t<meta name=\"twitter:data1\" content=\"MalagaCar.com\" \/>\n\t<meta name=\"twitter:label2\" content=\"Geschatte leestijd\" \/>\n\t<meta name=\"twitter:data2\" content=\"16 minuten\" \/>\n<script type=\"application\/ld+json\" class=\"yoast-schema-graph\">{\"@context\":\"https:\\\/\\\/schema.org\",\"@graph\":[{\"@type\":\"Article\",\"@id\":\"https:\\\/\\\/www.malagacar.com\\\/nl\\\/blog\\\/vrije-tijd\\\/muziek-festivals-costa-del-sol\\\/#article\",\"isPartOf\":{\"@id\":\"https:\\\/\\\/www.malagacar.com\\\/nl\\\/blog\\\/vrije-tijd\\\/muziek-festivals-costa-del-sol\\\/\"},\"author\":{\"name\":\"MalagaCar.com\",\"@id\":\"https:\\\/\\\/www.malagacar.com\\\/nl\\\/blog\\\/#\\\/schema\\\/person\\\/fbc37b93c0f5bbdaa54a0a4fc59d8b8c\"},\"headline\":\"Muziekfestivals Costa del Sol 2026\",\"datePublished\":\"2026-05-18T04:41:46+00:00\",\"dateModified\":\"2026-06-15T05:33:37+00:00\",\"mainEntityOfPage\":{\"@id\":\"https:\\\/\\\/www.malagacar.com\\\/nl\\\/blog\\\/vrije-tijd\\\/muziek-festivals-costa-del-sol\\\/\"},\"wordCount\":1890,\"commentCount\":0,\"publisher\":{\"@id\":\"https:\\\/\\\/www.malagacar.com\\\/nl\\\/blog\\\/#organization\"},\"image\":{\"@id\":\"https:\\\/\\\/www.malagacar.com\\\/nl\\\/blog\\\/vrije-tijd\\\/muziek-festivals-costa-del-sol\\\/#primaryimage\"},\"thumbnailUrl\":\"https:\\\/\\\/www.malagacar.com\\\/nl\\\/blog\\\/wp-content\\\/uploads\\\/2022\\\/01\\\/music-festivals-en.jpg\",\"keywords\":[\"costa del sol\",\"Muziekfestivals\"],\"articleSection\":[\"Vrije Tijd\"],\"inLanguage\":\"nl-NL\",\"potentialAction\":[{\"@type\":\"CommentAction\",\"name\":\"Comment\",\"target\":[\"https:\\\/\\\/www.malagacar.com\\\/nl\\\/blog\\\/vrije-tijd\\\/muziek-festivals-costa-del-sol\\\/#respond\"]}]},{\"@type\":\"WebPage\",\"@id\":\"https:\\\/\\\/www.malagacar.com\\\/nl\\\/blog\\\/vrije-tijd\\\/muziek-festivals-costa-del-sol\\\/\",\"url\":\"https:\\\/\\\/www.malagacar.com\\\/nl\\\/blog\\\/vrije-tijd\\\/muziek-festivals-costa-del-sol\\\/\",\"name\":\"Muziekfestivals Costa del Sol 2026 - MalagaCar.com Blog\",\"isPartOf\":{\"@id\":\"https:\\\/\\\/www.malagacar.com\\\/nl\\\/blog\\\/#website\"},\"primaryImageOfPage\":{\"@id\":\"https:\\\/\\\/www.malagacar.com\\\/nl\\\/blog\\\/vrije-tijd\\\/muziek-festivals-costa-del-sol\\\/#primaryimage\"},\"image\":{\"@id\":\"https:\\\/\\\/www.malagacar.com\\\/nl\\\/blog\\\/vrije-tijd\\\/muziek-festivals-costa-del-sol\\\/#primaryimage\"},\"thumbnailUrl\":\"https:\\\/\\\/www.malagacar.com\\\/nl\\\/blog\\\/wp-content\\\/uploads\\\/2022\\\/01\\\/music-festivals-en.jpg\",\"datePublished\":\"2026-05-18T04:41:46+00:00\",\"dateModified\":\"2026-06-15T05:33:37+00:00\",\"description\":\"Deze zomer staat de Costa del Sol bol van de festivals en concerten. Ontdek alle muziekfestivals Costa del Sol in 2026!\",\"breadcrumb\":{\"@id\":\"https:\\\/\\\/www.malagacar.com\\\/nl\\\/blog\\\/vrije-tijd\\\/muziek-festivals-costa-del-sol\\\/#breadcrumb\"},\"inLanguage\":\"nl-NL\",\"potentialAction\":[{\"@type\":\"ReadAction\",\"target\":[\"https:\\\/\\\/www.malagacar.com\\\/nl\\\/blog\\\/vrije-tijd\\\/muziek-festivals-costa-del-sol\\\/\"]}]},{\"@type\":\"ImageObject\",\"inLanguage\":\"nl-NL\",\"@id\":\"https:\\\/\\\/www.malagacar.com\\\/nl\\\/blog\\\/vrije-tijd\\\/muziek-festivals-costa-del-sol\\\/#primaryimage\",\"url\":\"https:\\\/\\\/www.malagacar.com\\\/nl\\\/blog\\\/wp-content\\\/uploads\\\/2022\\\/01\\\/music-festivals-en.jpg\",\"contentUrl\":\"https:\\\/\\\/www.malagacar.com\\\/nl\\\/blog\\\/wp-content\\\/uploads\\\/2022\\\/01\\\/music-festivals-en.jpg\",\"width\":1200,\"height\":716},{\"@type\":\"BreadcrumbList\",\"@id\":\"https:\\\/\\\/www.malagacar.com\\\/nl\\\/blog\\\/vrije-tijd\\\/muziek-festivals-costa-del-sol\\\/#breadcrumb\",\"itemListElement\":[{\"@type\":\"ListItem\",\"position\":1,\"name\":\"Home\",\"item\":\"https:\\\/\\\/www.malagacar.com\\\/nl\\\/blog\\\/\"},{\"@type\":\"ListItem\",\"position\":2,\"name\":\"Muziekfestivals Costa del Sol 2026\"}]},{\"@type\":\"WebSite\",\"@id\":\"https:\\\/\\\/www.malagacar.com\\\/nl\\\/blog\\\/#website\",\"url\":\"https:\\\/\\\/www.malagacar.com\\\/nl\\\/blog\\\/\",\"name\":\"MalagaCar.com Blog\",\"description\":\"Nieuws en feiten over auto huren op de luchthaven van Malaga.\",\"publisher\":{\"@id\":\"https:\\\/\\\/www.malagacar.com\\\/nl\\\/blog\\\/#organization\"},\"potentialAction\":[{\"@type\":\"SearchAction\",\"target\":{\"@type\":\"EntryPoint\",\"urlTemplate\":\"https:\\\/\\\/www.malagacar.com\\\/nl\\\/blog\\\/?s={search_term_string}\"},\"query-input\":{\"@type\":\"PropertyValueSpecification\",\"valueRequired\":true,\"valueName\":\"search_term_string\"}}],\"inLanguage\":\"nl-NL\"},{\"@type\":\"Organization\",\"@id\":\"https:\\\/\\\/www.malagacar.com\\\/nl\\\/blog\\\/#organization\",\"name\":\"MalagaCar.com\",\"url\":\"https:\\\/\\\/www.malagacar.com\\\/nl\\\/blog\\\/\",\"logo\":{\"@type\":\"ImageObject\",\"inLanguage\":\"nl-NL\",\"@id\":\"https:\\\/\\\/www.malagacar.com\\\/nl\\\/blog\\\/#\\\/schema\\\/logo\\\/image\\\/\",\"url\":\"https:\\\/\\\/www.malagacar.com\\\/nl\\\/blog\\\/wp-content\\\/uploads\\\/2021\\\/06\\\/logo-malagacar-social.png\",\"contentUrl\":\"https:\\\/\\\/www.malagacar.com\\\/nl\\\/blog\\\/wp-content\\\/uploads\\\/2021\\\/06\\\/logo-malagacar-social.png\",\"width\":900,\"height\":900,\"caption\":\"MalagaCar.com\"},\"image\":{\"@id\":\"https:\\\/\\\/www.malagacar.com\\\/nl\\\/blog\\\/#\\\/schema\\\/logo\\\/image\\\/\"},\"sameAs\":[\"https:\\\/\\\/www.facebook.com\\\/malagacar\",\"https:\\\/\\\/x.com\\\/malagacarcom\",\"https:\\\/\\\/www.instagram.com\\\/malagacar\\\/\",\"https:\\\/\\\/www.linkedin.com\\\/company\\\/malagacar.com\",\"https:\\\/\\\/www.youtube.com\\\/c\\\/MalagacarAirport\"]},{\"@type\":\"Person\",\"@id\":\"https:\\\/\\\/www.malagacar.com\\\/nl\\\/blog\\\/#\\\/schema\\\/person\\\/fbc37b93c0f5bbdaa54a0a4fc59d8b8c\",\"name\":\"MalagaCar.com\",\"image\":{\"@type\":\"ImageObject\",\"inLanguage\":\"nl-NL\",\"@id\":\"https:\\\/\\\/secure.gravatar.com\\\/avatar\\\/296ebc31026e7be05868369e4c596b3239b1582b2fcf8a45de57333e2e82bb82?s=96&d=mm&r=g\",\"url\":\"https:\\\/\\\/secure.gravatar.com\\\/avatar\\\/296ebc31026e7be05868369e4c596b3239b1582b2fcf8a45de57333e2e82bb82?s=96&d=mm&r=g\",\"contentUrl\":\"https:\\\/\\\/secure.gravatar.com\\\/avatar\\\/296ebc31026e7be05868369e4c596b3239b1582b2fcf8a45de57333e2e82bb82?s=96&d=mm&r=g\",\"caption\":\"MalagaCar.com\"},\"sameAs\":[\"https:\\\/\\\/www.malagacar.com\\\/nl\\\/\"]}]}<\/script>\n<!-- \/ Yoast SEO plugin. -->","yoast_head_json":{"title":"Muziekfestivals Costa del Sol 2026 - MalagaCar.com Blog","description":"Deze zomer staat de Costa del Sol bol van de festivals en concerten. Ontdek alle muziekfestivals Costa del Sol in 2026!","robots":{"index":"index","follow":"follow","max-snippet":"max-snippet:-1","max-image-preview":"max-image-preview:large","max-video-preview":"max-video-preview:-1"},"canonical":"https:\/\/www.malagacar.com\/nl\/blog\/vrije-tijd\/muziek-festivals-costa-del-sol\/","og_locale":"nl_NL","og_type":"article","og_title":"Muziekfestivals Costa del Sol 2026 - MalagaCar.com Blog","og_description":"Deze zomer staat de Costa del Sol bol van de festivals en concerten. Ontdek alle muziekfestivals Costa del Sol in 2026!","og_url":"https:\/\/www.malagacar.com\/nl\/blog\/vrije-tijd\/muziek-festivals-costa-del-sol\/","og_site_name":"MalagaCar.com Blog","article_publisher":"https:\/\/www.facebook.com\/malagacar","article_published_time":"2026-05-18T04:41:46+00:00","article_modified_time":"2026-06-15T05:33:37+00:00","og_image":[{"width":1200,"height":716,"url":"https:\/\/www.malagacar.com\/nl\/blog\/wp-content\/uploads\/2022\/01\/music-festivals-en.jpg","type":"image\/jpeg"}],"author":"MalagaCar.com","twitter_misc":{"Geschreven door":"MalagaCar.com","Geschatte leestijd":"16 minuten"},"schema":{"@context":"https:\/\/schema.org","@graph":[{"@type":"Article","@id":"https:\/\/www.malagacar.com\/nl\/blog\/vrije-tijd\/muziek-festivals-costa-del-sol\/#article","isPartOf":{"@id":"https:\/\/www.malagacar.com\/nl\/blog\/vrije-tijd\/muziek-festivals-costa-del-sol\/"},"author":{"name":"MalagaCar.com","@id":"https:\/\/www.malagacar.com\/nl\/blog\/#\/schema\/person\/fbc37b93c0f5bbdaa54a0a4fc59d8b8c"},"headline":"Muziekfestivals Costa del Sol 2026","datePublished":"2026-05-18T04:41:46+00:00","dateModified":"2026-06-15T05:33:37+00:00","mainEntityOfPage":{"@id":"https:\/\/www.malagacar.com\/nl\/blog\/vrije-tijd\/muziek-festivals-costa-del-sol\/"},"wordCount":1890,"commentCount":0,"publisher":{"@id":"https:\/\/www.malagacar.com\/nl\/blog\/#organization"},"image":{"@id":"https:\/\/www.malagacar.com\/nl\/blog\/vrije-tijd\/muziek-festivals-costa-del-sol\/#primaryimage"},"thumbnailUrl":"https:\/\/www.malagacar.com\/nl\/blog\/wp-content\/uploads\/2022\/01\/music-festivals-en.jpg","keywords":["costa del sol","Muziekfestivals"],"articleSection":["Vrije Tijd"],"inLanguage":"nl-NL","potentialAction":[{"@type":"CommentAction","name":"Comment","target":["https:\/\/www.malagacar.com\/nl\/blog\/vrije-tijd\/muziek-festivals-costa-del-sol\/#respond"]}]},{"@type":"WebPage","@id":"https:\/\/www.malagacar.com\/nl\/blog\/vrije-tijd\/muziek-festivals-costa-del-sol\/","url":"https:\/\/www.malagacar.com\/nl\/blog\/vrije-tijd\/muziek-festivals-costa-del-sol\/","name":"Muziekfestivals Costa del Sol 2026 - MalagaCar.com Blog","isPartOf":{"@id":"https:\/\/www.malagacar.com\/nl\/blog\/#website"},"primaryImageOfPage":{"@id":"https:\/\/www.malagacar.com\/nl\/blog\/vrije-tijd\/muziek-festivals-costa-del-sol\/#primaryimage"},"image":{"@id":"https:\/\/www.malagacar.com\/nl\/blog\/vrije-tijd\/muziek-festivals-costa-del-sol\/#primaryimage"},"thumbnailUrl":"https:\/\/www.malagacar.com\/nl\/blog\/wp-content\/uploads\/2022\/01\/music-festivals-en.jpg","datePublished":"2026-05-18T04:41:46+00:00","dateModified":"2026-06-15T05:33:37+00:00","description":"Deze zomer staat de Costa del Sol bol van de festivals en concerten. Ontdek alle muziekfestivals Costa del Sol in 2026!","breadcrumb":{"@id":"https:\/\/www.malagacar.com\/nl\/blog\/vrije-tijd\/muziek-festivals-costa-del-sol\/#breadcrumb"},"inLanguage":"nl-NL","potentialAction":[{"@type":"ReadAction","target":["https:\/\/www.malagacar.com\/nl\/blog\/vrije-tijd\/muziek-festivals-costa-del-sol\/"]}]},{"@type":"ImageObject","inLanguage":"nl-NL","@id":"https:\/\/www.malagacar.com\/nl\/blog\/vrije-tijd\/muziek-festivals-costa-del-sol\/#primaryimage","url":"https:\/\/www.malagacar.com\/nl\/blog\/wp-content\/uploads\/2022\/01\/music-festivals-en.jpg","contentUrl":"https:\/\/www.malagacar.com\/nl\/blog\/wp-content\/uploads\/2022\/01\/music-festivals-en.jpg","width":1200,"height":716},{"@type":"BreadcrumbList","@id":"https:\/\/www.malagacar.com\/nl\/blog\/vrije-tijd\/muziek-festivals-costa-del-sol\/#breadcrumb","itemListElement":[{"@type":"ListItem","position":1,"name":"Home","item":"https:\/\/www.malagacar.com\/nl\/blog\/"},{"@type":"ListItem","position":2,"name":"Muziekfestivals Costa del Sol 2026"}]},{"@type":"WebSite","@id":"https:\/\/www.malagacar.com\/nl\/blog\/#website","url":"https:\/\/www.malagacar.com\/nl\/blog\/","name":"MalagaCar.com Blog","description":"Nieuws en feiten over auto huren op de luchthaven van Malaga.","publisher":{"@id":"https:\/\/www.malagacar.com\/nl\/blog\/#organization"},"potentialAction":[{"@type":"SearchAction","target":{"@type":"EntryPoint","urlTemplate":"https:\/\/www.malagacar.com\/nl\/blog\/?s={search_term_string}"},"query-input":{"@type":"PropertyValueSpecification","valueRequired":true,"valueName":"search_term_string"}}],"inLanguage":"nl-NL"},{"@type":"Organization","@id":"https:\/\/www.malagacar.com\/nl\/blog\/#organization","name":"MalagaCar.com","url":"https:\/\/www.malagacar.com\/nl\/blog\/","logo":{"@type":"ImageObject","inLanguage":"nl-NL","@id":"https:\/\/www.malagacar.com\/nl\/blog\/#\/schema\/logo\/image\/","url":"https:\/\/www.malagacar.com\/nl\/blog\/wp-content\/uploads\/2021\/06\/logo-malagacar-social.png","contentUrl":"https:\/\/www.malagacar.com\/nl\/blog\/wp-content\/uploads\/2021\/06\/logo-malagacar-social.png","width":900,"height":900,"caption":"MalagaCar.com"},"image":{"@id":"https:\/\/www.malagacar.com\/nl\/blog\/#\/schema\/logo\/image\/"},"sameAs":["https:\/\/www.facebook.com\/malagacar","https:\/\/x.com\/malagacarcom","https:\/\/www.instagram.com\/malagacar\/","https:\/\/www.linkedin.com\/company\/malagacar.com","https:\/\/www.youtube.com\/c\/MalagacarAirport"]},{"@type":"Person","@id":"https:\/\/www.malagacar.com\/nl\/blog\/#\/schema\/person\/fbc37b93c0f5bbdaa54a0a4fc59d8b8c","name":"MalagaCar.com","image":{"@type":"ImageObject","inLanguage":"nl-NL","@id":"https:\/\/secure.gravatar.com\/avatar\/296ebc31026e7be05868369e4c596b3239b1582b2fcf8a45de57333e2e82bb82?s=96&d=mm&r=g","url":"https:\/\/secure.gravatar.com\/avatar\/296ebc31026e7be05868369e4c596b3239b1582b2fcf8a45de57333e2e82bb82?s=96&d=mm&r=g","contentUrl":"https:\/\/secure.gravatar.com\/avatar\/296ebc31026e7be05868369e4c596b3239b1582b2fcf8a45de57333e2e82bb82?s=96&d=mm&r=g","caption":"MalagaCar.com"},"sameAs":["https:\/\/www.malagacar.com\/nl\/"]}]}},"_links":{"self":[{"href":"https:\/\/www.malagacar.com\/nl\/blog\/wp-json\/wp\/v2\/posts\/4204","targetHints":{"allow":["GET"]}}],"collection":[{"href":"https:\/\/www.malagacar.com\/nl\/blog\/wp-json\/wp\/v2\/posts"}],"about":[{"href":"https:\/\/www.malagacar.com\/nl\/blog\/wp-json\/wp\/v2\/types\/post"}],"author":[{"embeddable":true,"href":"https:\/\/www.malagacar.com\/nl\/blog\/wp-json\/wp\/v2\/users\/1"}],"replies":[{"embeddable":true,"href":"https:\/\/www.malagacar.com\/nl\/blog\/wp-json\/wp\/v2\/comments?post=4204"}],"version-history":[{"count":49,"href":"https:\/\/www.malagacar.com\/nl\/blog\/wp-json\/wp\/v2\/posts\/4204\/revisions"}],"predecessor-version":[{"id":7415,"href":"https:\/\/www.malagacar.com\/nl\/blog\/wp-json\/wp\/v2\/posts\/4204\/revisions\/7415"}],"wp:featuredmedia":[{"embeddable":true,"href":"https:\/\/www.malagacar.com\/nl\/blog\/wp-json\/wp\/v2\/media\/4354"}],"wp:attachment":[{"href":"https:\/\/www.malagacar.com\/nl\/blog\/wp-json\/wp\/v2\/media?parent=4204"}],"wp:term":[{"taxonomy":"category","embeddable":true,"href":"https:\/\/www.malagacar.com\/nl\/blog\/wp-json\/wp\/v2\/categories?post=4204"},{"taxonomy":"post_tag","embeddable":true,"href":"https:\/\/www.malagacar.com\/nl\/blog\/wp-json\/wp\/v2\/tags?post=4204"}],"curies":[{"name":"wp","href":"https:\/\/api.w.org\/{rel}","templated":true}]}}