{"id":4311,"date":"2026-05-07T08:16:09","date_gmt":"2026-05-07T06:16:09","guid":{"rendered":"https:\/\/www.malagacar.com\/nl\/blog\/?p=4311"},"modified":"2026-05-07T08:16:49","modified_gmt":"2026-05-07T06:16:49","slug":"dingen-om-te-doen-in-malaga-in-mei","status":"publish","type":"post","link":"https:\/\/www.malagacar.com\/nl\/blog\/vrije-tijd\/dingen-om-te-doen-in-malaga-in-mei\/","title":{"rendered":"Dingen om te doen in M\u00e1laga in Mei 2026"},"content":{"rendered":"<p>Mei is een van de beste maanden aan de Costa del Sol. Ontdek alles wat je kunt doen in M\u00e1laga in mei, wanneer je kunt genieten van veel buitenactiviteiten.<\/p>\n<p><!--more--><\/p>\n\n            <div class=\"banner\">\n                <div class=\"row\">\n                    <div class=\"col-sm-4\">\n                        <a href=\"\/nl\/autoverhuur\/quote.php\" data-wpel-link=\"internal\"><img decoding=\"async\" src=\"\/images\/banner-img.jpg\" alt=\"malagacar.com\"><\/a>\n                    <\/div>\n                    <div class=\"col-sm-8\">\n                      <a href=\"\/nl\/autoverhuur\/quote.php\" class=\"banner-title\" data-wpel-link=\"internal\">Goede autoverhuur <span>op Malaga Airport<\/span><\/a>   \n                        <div class=\"row\">\n                            <div class=\"col-sm-7\">\n                                <ul>\n                                    <li>Geen tankkosten<\/li>\n                                    <li>Gratis annuleringn<\/li>\n                                    <li>Huren zonder tussenpersonen<\/li>\n                                    <li>Betaal wanneer u de auto ophaalt<\/li>\n                                    <li><\/li>\n                                <\/ul>\n                            <\/div>\n                            <div class=\"col-sm-5\">\n                                <a class=\"btn-banner\" href=\"\/nl\/autoverhuur\/quote.php\" data-wpel-link=\"internal\">Bekijk prijzen<\/a>\n                                <img decoding=\"async\" class=\"zonturent\" src=\"\/images\/zontu-banner.png\" alt=\"\">\n                            <\/div>\n                        <\/div>\n                    <\/div>\n                 <\/div>  \n            <\/div>\n            \n<div id=\"ez-toc-container\" class=\"ez-toc-v2_0_87 counter-hierarchy ez-toc-counter ez-toc-light-blue ez-toc-container-direction\">\n<p class=\"ez-toc-title\" style=\"cursor:inherit\">Inhoudsopgave<\/p>\n<label for=\"ez-toc-cssicon-toggle-item-6a9a3ef753f79\" class=\"ez-toc-cssicon-toggle-label\"><span class=\"\"><span class=\"eztoc-hide\" style=\"display:none;\">Toggle<\/span><span class=\"ez-toc-icon-toggle-span\"><svg style=\"fill: #999;color:#999\" xmlns=\"http:\/\/www.w3.org\/2000\/svg\" class=\"list-377408\" width=\"20px\" height=\"20px\" viewBox=\"0 0 24 24\" fill=\"none\"><path d=\"M6 6H4v2h2V6zm14 0H8v2h12V6zM4 11h2v2H4v-2zm16 0H8v2h12v-2zM4 16h2v2H4v-2zm16 0H8v2h12v-2z\" fill=\"currentColor\"><\/path><\/svg><svg style=\"fill: #999;color:#999\" class=\"arrow-unsorted-368013\" xmlns=\"http:\/\/www.w3.org\/2000\/svg\" width=\"10px\" height=\"10px\" viewBox=\"0 0 24 24\" version=\"1.2\" baseProfile=\"tiny\"><path d=\"M18.2 9.3l-6.2-6.3-6.2 6.3c-.2.2-.3.4-.3.7s.1.5.3.7c.2.2.4.3.7.3h11c.3 0 .5-.1.7-.3.2-.2.3-.5.3-.7s-.1-.5-.3-.7zM5.8 14.7l6.2 6.3 6.2-6.3c.2-.2.3-.5.3-.7s-.1-.5-.3-.7c-.2-.2-.4-.3-.7-.3h-11c-.3 0-.5.1-.7.3-.2.2-.3.5-.3.7s.1.5.3.7z\"\/><\/svg><\/span><\/span><\/label><input type=\"checkbox\"  id=\"ez-toc-cssicon-toggle-item-6a9a3ef753f79\"  aria-label=\"Toggle\" \/><nav><ul class='ez-toc-list ez-toc-list-level-1 ' ><li class='ez-toc-page-1 ez-toc-heading-level-2'><a class=\"ez-toc-link ez-toc-heading-1\" href=\"https:\/\/www.malagacar.com\/nl\/blog\/vrije-tijd\/dingen-om-te-doen-in-malaga-in-mei\/#Wat_te_doen_in_Malaga_in_Mei_2026\" data-wpel-link=\"internal\">Wat te doen in M\u00e1laga in Mei 2026<\/a><ul class='ez-toc-list-level-3' ><li class='ez-toc-heading-level-3'><a class=\"ez-toc-link ez-toc-heading-2\" href=\"https:\/\/www.malagacar.com\/nl\/blog\/vrije-tijd\/dingen-om-te-doen-in-malaga-in-mei\/#Smaak_van_Malaga_%E2%80%93_Nerja\" data-wpel-link=\"internal\">Smaak van M\u00e1laga &#8211; Nerja<\/a><\/li><li class='ez-toc-page-1 ez-toc-heading-level-3'><a class=\"ez-toc-link ez-toc-heading-3\" href=\"https:\/\/www.malagacar.com\/nl\/blog\/vrije-tijd\/dingen-om-te-doen-in-malaga-in-mei\/#Internationaal_Festival_der_Naties_%E2%80%93_Fuengirola\" data-wpel-link=\"internal\">Internationaal Festival der Naties\u00a0&#8211; Fuengirola<\/a><\/li><li class='ez-toc-page-1 ez-toc-heading-level-3'><a class=\"ez-toc-link ez-toc-heading-4\" href=\"https:\/\/www.malagacar.com\/nl\/blog\/vrije-tijd\/dingen-om-te-doen-in-malaga-in-mei\/#Binnenplaatsfestival_%E2%80%93_Malaga\" data-wpel-link=\"internal\">Binnenplaatsfestival \u2013 M\u00e1laga<\/a><\/li><li class='ez-toc-page-1 ez-toc-heading-level-3'><a class=\"ez-toc-link ez-toc-heading-5\" href=\"https:\/\/www.malagacar.com\/nl\/blog\/vrije-tijd\/dingen-om-te-doen-in-malaga-in-mei\/#San_Isidro_Labrador_%E2%80%93_Estepona\" data-wpel-link=\"internal\">San Isidro Labrador \u2013 Estepona<\/a><\/li><li class='ez-toc-page-1 ez-toc-heading-level-3'><a class=\"ez-toc-link ez-toc-heading-6\" href=\"https:\/\/www.malagacar.com\/nl\/blog\/vrije-tijd\/dingen-om-te-doen-in-malaga-in-mei\/#Boekenbeurs_%E2%80%93_Malaga\" data-wpel-link=\"internal\">Boekenbeurs &#8211; M\u00e1laga<\/a><\/li><li class='ez-toc-page-1 ez-toc-heading-level-3'><a class=\"ez-toc-link ez-toc-heading-7\" href=\"https:\/\/www.malagacar.com\/nl\/blog\/vrije-tijd\/dingen-om-te-doen-in-malaga-in-mei\/#Coffee_Expo_%E2%80%93_Torremolinos\" data-wpel-link=\"internal\">Coffee Expo \u2013 Torremolinos<\/a><\/li><li class='ez-toc-page-1 ez-toc-heading-level-3'><a class=\"ez-toc-link ez-toc-heading-8\" href=\"https:\/\/www.malagacar.com\/nl\/blog\/vrije-tijd\/dingen-om-te-doen-in-malaga-in-mei\/#Afternoon_Tea_in_Hotel_El_Fuerte_%E2%80%93_Marbella\" data-wpel-link=\"internal\">Afternoon Tea in Hotel El Fuerte \u2013 Marbella<\/a><\/li><li class='ez-toc-page-1 ez-toc-heading-level-3'><a class=\"ez-toc-link ez-toc-heading-9\" href=\"https:\/\/www.malagacar.com\/nl\/blog\/vrije-tijd\/dingen-om-te-doen-in-malaga-in-mei\/#Theaterfestival_%E2%80%93_Malaga\" data-wpel-link=\"internal\">Theaterfestival \u2013 M\u00e1laga<\/a><\/li><li class='ez-toc-page-1 ez-toc-heading-level-3'><a class=\"ez-toc-link ez-toc-heading-10\" href=\"https:\/\/www.malagacar.com\/nl\/blog\/vrije-tijd\/dingen-om-te-doen-in-malaga-in-mei\/#Skaten_op_straat%E2%80%93_Benalmadena\" data-wpel-link=\"internal\">Skaten op straat\u2013 Benalm\u00e1dena<\/a><\/li><li class='ez-toc-page-1 ez-toc-heading-level-3'><a class=\"ez-toc-link ez-toc-heading-11\" href=\"https:\/\/www.malagacar.com\/nl\/blog\/vrije-tijd\/dingen-om-te-doen-in-malaga-in-mei\/#Fiets-_en_skatedag_%E2%80%93_Torremolinos\" data-wpel-link=\"internal\">Fiets- en skatedag \u2013 Torremolinos<\/a><\/li><li class='ez-toc-page-1 ez-toc-heading-level-3'><a class=\"ez-toc-link ez-toc-heading-12\" href=\"https:\/\/www.malagacar.com\/nl\/blog\/vrije-tijd\/dingen-om-te-doen-in-malaga-in-mei\/#Stedelijke_Race_%E2%80%93_Estepona\" data-wpel-link=\"internal\">Stedelijke Race \u2013 Estepona<\/a><\/li><li class='ez-toc-page-1 ez-toc-heading-level-3'><a class=\"ez-toc-link ez-toc-heading-13\" href=\"https:\/\/www.malagacar.com\/nl\/blog\/vrije-tijd\/dingen-om-te-doen-in-malaga-in-mei\/#Nacht_in_het_Wit_%E2%80%93_Malaga\" data-wpel-link=\"internal\">Nacht in het Wit &#8211; M\u00e1laga<\/a><\/li><li class='ez-toc-page-1 ez-toc-heading-level-3'><a class=\"ez-toc-link ez-toc-heading-14\" href=\"https:\/\/www.malagacar.com\/nl\/blog\/vrije-tijd\/dingen-om-te-doen-in-malaga-in-mei\/#Kaarslichtconcerten_%E2%80%93_Malaga\" data-wpel-link=\"internal\">Kaarslichtconcerten &#8211; M\u00e1laga<\/a><\/li><li class='ez-toc-page-1 ez-toc-heading-level-3'><a class=\"ez-toc-link ez-toc-heading-15\" href=\"https:\/\/www.malagacar.com\/nl\/blog\/vrije-tijd\/dingen-om-te-doen-in-malaga-in-mei\/#FreakCon_%E2%80%93_Torremolinos\" data-wpel-link=\"internal\">FreakCon &#8211; Torremolinos<\/a><\/li><li class='ez-toc-page-1 ez-toc-heading-level-3'><a class=\"ez-toc-link ez-toc-heading-16\" href=\"https:\/\/www.malagacar.com\/nl\/blog\/vrije-tijd\/dingen-om-te-doen-in-malaga-in-mei\/#Brunch_Electronic_%E2%80%93_Malaga\" data-wpel-link=\"internal\">Brunch Electronic \u2013 M\u00e1laga<\/a><\/li><li class='ez-toc-page-1 ez-toc-heading-level-3'><a class=\"ez-toc-link ez-toc-heading-17\" href=\"https:\/\/www.malagacar.com\/nl\/blog\/vrije-tijd\/dingen-om-te-doen-in-malaga-in-mei\/#Ocean_Club_Opening_Party_%E2%80%93_Marbella\" data-wpel-link=\"internal\">Ocean Club Opening Party &#8211; Marbella<\/a><\/li><li class='ez-toc-page-1 ez-toc-heading-level-3'><a class=\"ez-toc-link ez-toc-heading-18\" href=\"https:\/\/www.malagacar.com\/nl\/blog\/vrije-tijd\/dingen-om-te-doen-in-malaga-in-mei\/#Triatlon_%E2%80%93_Benalmadena\" data-wpel-link=\"internal\">Triatlon &#8211; Benalm\u00e1dena<\/a><\/li><li class='ez-toc-page-1 ez-toc-heading-level-3'><a class=\"ez-toc-link ez-toc-heading-19\" href=\"https:\/\/www.malagacar.com\/nl\/blog\/vrije-tijd\/dingen-om-te-doen-in-malaga-in-mei\/#Lente_Kermis_%E2%80%93_Coin\" data-wpel-link=\"internal\">Lente Kermis &#8211; Co\u00edn<\/a><\/li><li class='ez-toc-page-1 ez-toc-heading-level-3'><a class=\"ez-toc-link ez-toc-heading-20\" href=\"https:\/\/www.malagacar.com\/nl\/blog\/vrije-tijd\/dingen-om-te-doen-in-malaga-in-mei\/#Volle_maan_in_Hydros_Spa_%E2%80%93_Benalmadena\" data-wpel-link=\"internal\">Volle maan in Hydros Spa &#8211; Benalm\u00e1dena<\/a><\/li><li class='ez-toc-page-1 ez-toc-heading-level-3'><a class=\"ez-toc-link ez-toc-heading-21\" href=\"https:\/\/www.malagacar.com\/nl\/blog\/vrije-tijd\/dingen-om-te-doen-in-malaga-in-mei\/#Pride_%E2%80%93_Torremolinos\" data-wpel-link=\"internal\">Pride &#8211; Torremolinos<\/a><\/li><li class='ez-toc-page-1 ez-toc-heading-level-3'><a class=\"ez-toc-link ez-toc-heading-22\" href=\"https:\/\/www.malagacar.com\/nl\/blog\/vrije-tijd\/dingen-om-te-doen-in-malaga-in-mei\/#Romantisch_Ronda_%E2%80%93_Ronda\" data-wpel-link=\"internal\">Romantisch\u00a0Ronda &#8211; Ronda<\/a><\/li><li class='ez-toc-page-1 ez-toc-heading-level-3'><a class=\"ez-toc-link ez-toc-heading-23\" href=\"https:\/\/www.malagacar.com\/nl\/blog\/vrije-tijd\/dingen-om-te-doen-in-malaga-in-mei\/#Wijn_zaterdagen_in_het_museum_%E2%80%93_Malaga\" data-wpel-link=\"internal\">Wijn zaterdagen in het museum &#8211; M\u00e1laga<\/a><\/li><li class='ez-toc-page-1 ez-toc-heading-level-3'><a class=\"ez-toc-link ez-toc-heading-24\" href=\"https:\/\/www.malagacar.com\/nl\/blog\/vrije-tijd\/dingen-om-te-doen-in-malaga-in-mei\/#Nachtelijk_bezoek_aan_de_Engelse_begraafplaats_%E2%80%93_Malaga\" data-wpel-link=\"internal\">Nachtelijk bezoek aan de Engelse begraafplaats &#8211; M\u00e1laga<\/a><\/li><li class='ez-toc-page-1 ez-toc-heading-level-3'><a class=\"ez-toc-link ez-toc-heading-25\" href=\"https:\/\/www.malagacar.com\/nl\/blog\/vrije-tijd\/dingen-om-te-doen-in-malaga-in-mei\/#Theatrale_rondleiding_door_de_schatgrot_%E2%80%93_Rincon_de_la_Victoria\" data-wpel-link=\"internal\">Theatrale rondleiding door de schatgrot &#8211; Rinc\u00f3n de la Victoria<\/a><\/li><li class='ez-toc-page-1 ez-toc-heading-level-3'><a class=\"ez-toc-link ez-toc-heading-26\" href=\"https:\/\/www.malagacar.com\/nl\/blog\/vrije-tijd\/dingen-om-te-doen-in-malaga-in-mei\/#Ambachtelijk_bier_proeven_%E2%80%93_Malaga\" data-wpel-link=\"internal\">Ambachtelijk bier proeven &#8211; M\u00e1laga<\/a><\/li><li class='ez-toc-page-1 ez-toc-heading-level-3'><a class=\"ez-toc-link ez-toc-heading-27\" href=\"https:\/\/www.malagacar.com\/nl\/blog\/vrije-tijd\/dingen-om-te-doen-in-malaga-in-mei\/#Ammonieten_route_%E2%80%93_Torcal_de_Antequera\" data-wpel-link=\"internal\">Ammonieten route &#8211; Torcal de Antequera<\/a><\/li><\/ul><\/li><li class='ez-toc-page-1 ez-toc-heading-level-2'><a class=\"ez-toc-link ez-toc-heading-28\" href=\"https:\/\/www.malagacar.com\/nl\/blog\/vrije-tijd\/dingen-om-te-doen-in-malaga-in-mei\/#Straatmarkten_in_Malaga_in_Mei\" data-wpel-link=\"internal\">Straatmarkten in M\u00e1laga in Mei<\/a><ul class='ez-toc-list-level-3' ><li class='ez-toc-heading-level-3'><a class=\"ez-toc-link ez-toc-heading-29\" href=\"https:\/\/www.malagacar.com\/nl\/blog\/vrije-tijd\/dingen-om-te-doen-in-malaga-in-mei\/#Lentemarkt_%E2%80%93_Pier_Een\" data-wpel-link=\"internal\">Lentemarkt &#8211; Pier Een<\/a><\/li><li class='ez-toc-page-1 ez-toc-heading-level-3'><a class=\"ez-toc-link ez-toc-heading-30\" href=\"https:\/\/www.malagacar.com\/nl\/blog\/vrije-tijd\/dingen-om-te-doen-in-malaga-in-mei\/#Ambachtsmarkt_La_Merced_%E2%80%93_Malaga\" data-wpel-link=\"internal\">Ambachtsmarkt La Merced &#8211; M\u00e1laga<\/a><\/li><li class='ez-toc-page-1 ez-toc-heading-level-3'><a class=\"ez-toc-link ez-toc-heading-31\" href=\"https:\/\/www.malagacar.com\/nl\/blog\/vrije-tijd\/dingen-om-te-doen-in-malaga-in-mei\/#Stedelijke_markt_Soho_%E2%80%93_Malaga\" data-wpel-link=\"internal\">Stedelijke markt Soho &#8211; M\u00e1laga<\/a><\/li><li class='ez-toc-page-1 ez-toc-heading-level-3'><a class=\"ez-toc-link ez-toc-heading-32\" href=\"https:\/\/www.malagacar.com\/nl\/blog\/vrije-tijd\/dingen-om-te-doen-in-malaga-in-mei\/#De_Engelse_Megraafplaats_Markt_%E2%80%93_Malaga\" data-wpel-link=\"internal\">De Engelse Megraafplaats Markt \u2013 M\u00e1laga<\/a><\/li><li class='ez-toc-page-1 ez-toc-heading-level-3'><a class=\"ez-toc-link ez-toc-heading-33\" href=\"https:\/\/www.malagacar.com\/nl\/blog\/vrije-tijd\/dingen-om-te-doen-in-malaga-in-mei\/#Ambachtsmarkt_in_Cartama\" data-wpel-link=\"internal\">Ambachtsmarkt in C\u00e1rtama<\/a><\/li><li class='ez-toc-page-1 ez-toc-heading-level-3'><a class=\"ez-toc-link ez-toc-heading-34\" href=\"https:\/\/www.malagacar.com\/nl\/blog\/vrije-tijd\/dingen-om-te-doen-in-malaga-in-mei\/#Maandelijkse_markt_%E2%80%93_Corumbela_Axarquia\" data-wpel-link=\"internal\">Maandelijkse markt \u2013 Corumbela, Axarqu\u00eda<\/a><\/li><li class='ez-toc-page-1 ez-toc-heading-level-3'><a class=\"ez-toc-link ez-toc-heading-35\" href=\"https:\/\/www.malagacar.com\/nl\/blog\/vrije-tijd\/dingen-om-te-doen-in-malaga-in-mei\/#Ambachtsmarkt_%E2%80%93_Torrox_Pueblo\" data-wpel-link=\"internal\">Ambachtsmarkt \u2013 Torrox Pueblo<\/a><\/li><li class='ez-toc-page-1 ez-toc-heading-level-3'><a class=\"ez-toc-link ez-toc-heading-36\" href=\"https:\/\/www.malagacar.com\/nl\/blog\/vrije-tijd\/dingen-om-te-doen-in-malaga-in-mei\/#Vlooienmarkten_en_straatmarkten_in_de_provincie\" data-wpel-link=\"internal\">Vlooienmarkten en straatmarkten in de provincie<\/a><\/li><\/ul><\/li><li class='ez-toc-page-1 ez-toc-heading-level-2'><a class=\"ez-toc-link ez-toc-heading-37\" href=\"https:\/\/www.malagacar.com\/nl\/blog\/vrije-tijd\/dingen-om-te-doen-in-malaga-in-mei\/#Bezoek_de_Musea_van_Malaga\" data-wpel-link=\"internal\">Bezoek de Musea van M\u00e1laga<\/a><ul class='ez-toc-list-level-3' ><li class='ez-toc-heading-level-3'><a class=\"ez-toc-link ez-toc-heading-38\" href=\"https:\/\/www.malagacar.com\/nl\/blog\/vrije-tijd\/dingen-om-te-doen-in-malaga-in-mei\/#Gratis_rondleidingen_%E2%80%93_Malaga_Museum\" data-wpel-link=\"internal\">Gratis rondleidingen &#8211; M\u00e1laga Museum<\/a><\/li><li class='ez-toc-page-1 ez-toc-heading-level-3'><a class=\"ez-toc-link ez-toc-heading-39\" href=\"https:\/\/www.malagacar.com\/nl\/blog\/vrije-tijd\/dingen-om-te-doen-in-malaga-in-mei\/#Rondleidingen_in_de_historische_botanische_tuin_La_Concepcion\" data-wpel-link=\"internal\">Rondleidingen in de historische botanische tuin La Concepci\u00f3n<\/a><\/li><li class='ez-toc-page-1 ez-toc-heading-level-3'><a class=\"ez-toc-link ez-toc-heading-40\" href=\"https:\/\/www.malagacar.com\/nl\/blog\/vrije-tijd\/dingen-om-te-doen-in-malaga-in-mei\/#Bezoek_aan_de_Victoria_brouwerij_%E2%80%93_Malaga\" data-wpel-link=\"internal\">Bezoek aan de Victoria brouwerij &#8211; M\u00e1laga<\/a><\/li><li class='ez-toc-page-1 ez-toc-heading-level-3'><a class=\"ez-toc-link ez-toc-heading-41\" href=\"https:\/\/www.malagacar.com\/nl\/blog\/vrije-tijd\/dingen-om-te-doen-in-malaga-in-mei\/#Gedramatiseerde_nachtelijke_rondleidingen_Automobielmuseum_%E2%80%93_Malaga\" data-wpel-link=\"internal\">Gedramatiseerde nachtelijke rondleidingen Automobielmuseum &#8211; M\u00e1laga<\/a><\/li><\/ul><\/li><li class='ez-toc-page-1 ez-toc-heading-level-2'><a class=\"ez-toc-link ez-toc-heading-42\" href=\"https:\/\/www.malagacar.com\/nl\/blog\/vrije-tijd\/dingen-om-te-doen-in-malaga-in-mei\/#Marenostrum_Fuengirola_concerten_deze_zomer\" data-wpel-link=\"internal\">Marenostrum Fuengirola concerten deze zomer<\/a><\/li><li class='ez-toc-page-1 ez-toc-heading-level-2'><a class=\"ez-toc-link ez-toc-heading-43\" href=\"https:\/\/www.malagacar.com\/nl\/blog\/vrije-tijd\/dingen-om-te-doen-in-malaga-in-mei\/#Concerten_Starlite_Marbella_deze_zomer\" data-wpel-link=\"internal\">Concerten Starlite Marbella deze zomer<\/a><\/li><li class='ez-toc-page-1 ez-toc-heading-level-2'><a class=\"ez-toc-link ez-toc-heading-44\" href=\"https:\/\/www.malagacar.com\/nl\/blog\/vrije-tijd\/dingen-om-te-doen-in-malaga-in-mei\/#Muziekfestivals_aan_de_Costa_del_Sol_2026\" data-wpel-link=\"internal\">Muziekfestivals aan de Costa del Sol 2026<\/a><\/li><li class='ez-toc-page-1 ez-toc-heading-level-2'><a class=\"ez-toc-link ez-toc-heading-45\" href=\"https:\/\/www.malagacar.com\/nl\/blog\/vrije-tijd\/dingen-om-te-doen-in-malaga-in-mei\/#Gastronomische_festivals_in_Malaga_in_Mei\" data-wpel-link=\"internal\">Gastronomische festivals in M\u00e1laga in Mei<\/a><ul class='ez-toc-list-level-3' ><li class='ez-toc-heading-level-3'><a class=\"ez-toc-link ez-toc-heading-46\" href=\"https:\/\/www.malagacar.com\/nl\/blog\/vrije-tijd\/dingen-om-te-doen-in-malaga-in-mei\/#Sardinefestival_%E2%80%93_Cala_de_Mijas\" data-wpel-link=\"internal\">Sardinefestival &#8211; Cala de Mijas<\/a><\/li><li class='ez-toc-page-1 ez-toc-heading-level-3'><a class=\"ez-toc-link ez-toc-heading-47\" href=\"https:\/\/www.malagacar.com\/nl\/blog\/vrije-tijd\/dingen-om-te-doen-in-malaga-in-mei\/#Suikerriet_Honing_Dag_%E2%80%93_Frigiliana\" data-wpel-link=\"internal\">Suikerriet Honing Dag &#8211; Frigiliana<\/a><\/li><li class='ez-toc-page-1 ez-toc-heading-level-3'><a class=\"ez-toc-link ez-toc-heading-48\" href=\"https:\/\/www.malagacar.com\/nl\/blog\/vrije-tijd\/dingen-om-te-doen-in-malaga-in-mei\/#Loquatdag_%E2%80%93_Sayalonga\" data-wpel-link=\"internal\">Loquatdag &#8211; Sayalonga<\/a><\/li><li class='ez-toc-page-1 ez-toc-heading-level-3'><a class=\"ez-toc-link ez-toc-heading-49\" href=\"https:\/\/www.malagacar.com\/nl\/blog\/vrije-tijd\/dingen-om-te-doen-in-malaga-in-mei\/#Oranjefeest_%E2%80%93_Coin\" data-wpel-link=\"internal\">Oranjefeest &#8211; Co\u00edn<\/a><\/li><li class='ez-toc-page-1 ez-toc-heading-level-3'><a class=\"ez-toc-link ez-toc-heading-50\" href=\"https:\/\/www.malagacar.com\/nl\/blog\/vrije-tijd\/dingen-om-te-doen-in-malaga-in-mei\/#Slakkendag_%E2%80%93_Riogordo\" data-wpel-link=\"internal\">Slakkendag \u2013 Riogordo<\/a><\/li><\/ul><\/li><li class='ez-toc-page-1 ez-toc-heading-level-2'><a class=\"ez-toc-link ez-toc-heading-51\" href=\"https:\/\/www.malagacar.com\/nl\/blog\/vrije-tijd\/dingen-om-te-doen-in-malaga-in-mei\/#Het_weer_in_Malaga_in_Mei\" data-wpel-link=\"internal\">Het weer in M\u00e1laga in Mei<\/a><ul class='ez-toc-list-level-3' ><li class='ez-toc-heading-level-3'><a class=\"ez-toc-link ez-toc-heading-52\" href=\"https:\/\/www.malagacar.com\/nl\/blog\/vrije-tijd\/dingen-om-te-doen-in-malaga-in-mei\/#Is_het_mogelijk_om_in_mei_in_Malaga_te_zwemmen\" data-wpel-link=\"internal\">Is het mogelijk om in mei in M\u00e1laga te zwemmen?<\/a><\/li><li class='ez-toc-page-1 ez-toc-heading-level-3'><a class=\"ez-toc-link ez-toc-heading-53\" href=\"https:\/\/www.malagacar.com\/nl\/blog\/vrije-tijd\/dingen-om-te-doen-in-malaga-in-mei\/#Welke_kleding_mee_te_nemen_naar_Malaga_in_mei\" data-wpel-link=\"internal\">Welke kleding mee te nemen naar M\u00e1laga in mei?<\/a><\/li><\/ul><\/li><\/ul><\/nav><\/div>\n<h2><span class=\"ez-toc-section\" id=\"Wat_te_doen_in_Malaga_in_Mei_2026\"><\/span>Wat te doen in M\u00e1laga in Mei 2026<span class=\"ez-toc-section-end\"><\/span><\/h2>\n<h3><span class=\"ez-toc-section\" id=\"Smaak_van_Malaga_%E2%80%93_Nerja\"><\/span>Smaak van M\u00e1laga &#8211; Nerja<span class=\"ez-toc-section-end\"><\/span><\/h3>\n<p><img loading=\"lazy\" decoding=\"async\" class=\"alignnone wp-image-19432\" src=\"https:\/\/www.malagacar.com\/sp\/blog\/wp-content\/uploads\/2026\/04\/sabor-a-malaga-Nerja.jpg\" alt=\"Feria Sabor a M\u00e1laga - Nerja\" width=\"500\" height=\"710\" \/><\/p>\n<p>Ontdek de beste lokale producten uit M\u00e1laga op deze populaire agrovoedingsbeurs.<\/p>\n<p>Op een onge\u00ebvenaarde locatie \u2014 het Balc\u00f3n de Europa \u2014 kunt u van 8 tot en met 10 mei genieten van bijna 40 stands met allerlei delicatessen uit M\u00e1laga, evenals een uitgebreid activiteitenprogramma.<\/p>\n<ul>\n<li>Wanneer: Vrijdag: 11.00 tot 22.00 uur. Zaterdag en zondag: 11.00 tot 21.00 uur.<\/li>\n<li>Waar: Balc\u00f3n de Europa, Nerja<\/li>\n<li><a href=\"https:\/\/maps.app.goo.gl\/EAxDbxRzoeu2Wnd86\" data-wpel-link=\"external\" target=\"_blank\" rel=\"external noopener noreferrer\" class=\"ext-link wpel-icon-right\"><strong>Hoe er te komen<\/strong><span class=\"wpel-icon wpel-image wpel-icon-2\"><\/span><\/a><\/li>\n<\/ul>\n<h3><span class=\"ez-toc-section\" id=\"Internationaal_Festival_der_Naties_%E2%80%93_Fuengirola\"><\/span>Internationaal Festival der Naties\u00a0&#8211; Fuengirola<span class=\"ez-toc-section-end\"><\/span><\/h3>\n<p><img loading=\"lazy\" decoding=\"async\" class=\"alignnone wp-image-6202\" src=\"https:\/\/www.malagacar.com\/nl\/blog\/wp-content\/uploads\/2025\/03\/feria-paises-nl.jpg\" alt=\"Internationaal Festival van de Naties Fuengirola 2025\" width=\"531\" height=\"531\" srcset=\"https:\/\/www.malagacar.com\/nl\/blog\/wp-content\/uploads\/2025\/03\/feria-paises-nl.jpg 1200w, https:\/\/www.malagacar.com\/nl\/blog\/wp-content\/uploads\/2025\/03\/feria-paises-nl-300x300.jpg 300w, https:\/\/www.malagacar.com\/nl\/blog\/wp-content\/uploads\/2025\/03\/feria-paises-nl-1024x1024.jpg 1024w, https:\/\/www.malagacar.com\/nl\/blog\/wp-content\/uploads\/2025\/03\/feria-paises-nl-150x150.jpg 150w, https:\/\/www.malagacar.com\/nl\/blog\/wp-content\/uploads\/2025\/03\/feria-paises-nl-768x768.jpg 768w, https:\/\/www.malagacar.com\/nl\/blog\/wp-content\/uploads\/2025\/03\/feria-paises-nl-125x125.jpg 125w\" sizes=\"auto, (max-width: 531px) 100vw, 531px\" \/><\/p>\n<p>Reis in 4 dagen de wereld rond tijdens een van de populairste, kleurrijkste en leukste evenementen aan de Costa del Sol!<\/p>\n<p>Elk jaar brengt Fuengirola een eerbetoon aan haar inwoners van meer dan 100 verschillende nationaliteiten tijdens dit geweldige festival, waar je de cultuur, gastronomie, ambachten en folklore van meer dan 30 deelnemende landen kunt leren kennen en ervan kunt genieten.<\/p>\n<p>De Internationale Landenbeurs van Fuengirola vindt dit jaar plaats van 29 april tot en met 3 mei in het beursgebouw van Fuengirola. De kleurrijke openingsparade \u2013 die u niet mag missen! \u2013 vindt plaats op 1 mei.<\/p>\n<ul>\n<li>Alles wat je moet weten om optimaal te genieten van dit grootse evenement, in onze speciale editie <a href=\"https:\/\/www.malagacar.com\/nl\/blog\/vrije-tijd\/internationaal-festival-van-de-naties-fuengirola\/\" data-wpel-link=\"internal\"><strong>Internationaal Festival der Naties Fuengirola 2026<\/strong><\/a>.<\/li>\n<li>Wanneer: 29 april tot en met 3 mei<\/li>\n<li>Waar: Festivalterrein Fuengirola<\/li>\n<li><a href=\"https:\/\/maps.app.goo.gl\/EEXqBisngDpcbmQXA\" data-wpel-link=\"external\" target=\"_blank\" rel=\"external noopener noreferrer\" class=\"ext-link wpel-icon-right\"><strong>Hoe er te komen<\/strong><span class=\"wpel-icon wpel-image wpel-icon-2\"><\/span><\/a><\/li>\n<\/ul>\n<h3><span class=\"ez-toc-section\" id=\"Binnenplaatsfestival_%E2%80%93_Malaga\"><\/span>Binnenplaatsfestival \u2013 M\u00e1laga<span class=\"ez-toc-section-end\"><\/span><\/h3>\n<p><img loading=\"lazy\" decoding=\"async\" class=\"alignnone size-large wp-image-19378\" src=\"https:\/\/www.malagacar.com\/sp\/blog\/wp-content\/uploads\/2026\/04\/Cartel-Corralones-1024x718.jpg\" alt=\"Semana Popular de los Corralones \u2013 M\u00e1laga\" width=\"750\" height=\"526\" \/><\/p>\n<p>Ontdek de historische wijken en de lokale cultuur van M\u00e1laga. Tijdens het Courtyard Festival vinden er tal van activiteiten plaats in de historische wijken La Trinidad en El Perchel.<\/p>\n<p>U kunt de binnenplaatsen (<em>corralones<\/em>) bezoeken en deelnemen aan lezingen, proeverijen, workshops en voorstellingen, naast andere activiteiten voor alle leeftijden.<\/p>\n<p><img loading=\"lazy\" decoding=\"async\" class=\"alignnone size-large wp-image-17292\" src=\"https:\/\/www.malagacar.com\/sp\/blog\/wp-content\/uploads\/2025\/04\/corralones3-1024x678.jpg\" alt=\"corralones m\u00e1laga\" width=\"750\" height=\"497\" \/><\/p>\n<p>De binnenplaatsen zijn geopend van 10.00 tot 13.00 uur en van 18.00 tot 20.00 uur.<\/p>\n<p>We raden u met name aan om de onlangs zorgvuldig gerestaureerde <a href=\"https:\/\/maps.app.goo.gl\/7skyWGzJyAFqeYn5A\" data-wpel-link=\"external\" target=\"_blank\" rel=\"external noopener noreferrer\" class=\"ext-link wpel-icon-right\"><strong>Corral\u00f3n de Santa Sof\u00eda<\/strong><span class=\"wpel-icon wpel-image wpel-icon-2\"><\/span><\/a> te bezoeken. De meeste activiteiten, traditionele gerechten en concerten vinden daar plaats.<\/p>\n<h4>Gastronomie<\/h4>\n<p>U kunt genieten van traditionele gerechten in Corral\u00f3n de Santa Sof\u00eda tijdens de volgende openingstijden:<\/p>\n<ul>\n<li>Dinsdag tot en met vrijdag: 18:00 tot 22:00 uur<\/li>\n<li>Zaterdag: 12:00 tot 15:00 uur en 20:00 tot 23:30 uur<\/li>\n<\/ul>\n<h4>Uitgelichte activiteiten<\/h4>\n<ul>\n<li>Dinsdag 5 mei<br \/>\nDe binnenplaatsen zijn open voor publiek met gratis rondleidingen, eten van La Alacena del Corral\u00f3n en een live kookdemonstratie op de Patio de Santa Sof\u00eda.<\/li>\n<li>Woensdag 6 mei<br \/>\nKooroptreden op de Patio de Santa Sof\u00eda om 20:00 uur.<\/li>\n<li>Donderdag 7 mei<br \/>\nTraditioneel Spaans lied (copla) op de Patio de Santa Sof\u00eda om 19:45 uur.<\/li>\n<li>Vrijdag 8 mei<br \/>\nMuziek uit de jaren 80 op de Patio de Santa Sof\u00eda om 19:45 uur.<\/li>\n<li>Zaterdag 9 mei<br \/>\nMuziek- en dansvoorstelling door jonge artiesten op de Patio de Santa Sof\u00eda om 12:00 uur.<\/li>\n<\/ul>\n<p>Volledige informatie over de activiteiten is te vinden op de <a href=\"https:\/\/www.somosbarrio.eu\/xx-semana-popular-2026#programa20spc\" data-wpel-link=\"external\" target=\"_blank\" rel=\"external noopener noreferrer\" class=\"ext-link wpel-icon-right\"><strong>offici\u00eble website<\/strong><span class=\"wpel-icon wpel-image wpel-icon-2\"><\/span><\/a>.<\/p>\n<ul>\n<li>Wanneer: 5 t\/m 9 mei<\/li>\n<li>Waar: Centrum van M\u00e1laga<\/li>\n<li>Hoe er te komen: <a href=\"https:\/\/maps.app.goo.gl\/krzeQCGJ4YMfjfMQ8\" data-wpel-link=\"external\" target=\"_blank\" rel=\"external noopener noreferrer\" class=\"ext-link wpel-icon-right\"><strong>La Trinidad<\/strong><span class=\"wpel-icon wpel-image wpel-icon-2\"><\/span><\/a> I <a href=\"https:\/\/maps.app.goo.gl\/2kk7b3fLPH5BH6hX6\" data-wpel-link=\"external\" target=\"_blank\" rel=\"external noopener noreferrer\" class=\"ext-link wpel-icon-right\"><strong>El Perchel<\/strong><span class=\"wpel-icon wpel-image wpel-icon-2\"><\/span><\/a><\/li>\n<\/ul>\n<h3><span class=\"ez-toc-section\" id=\"San_Isidro_Labrador_%E2%80%93_Estepona\"><\/span>San Isidro Labrador \u2013 Estepona<span class=\"ez-toc-section-end\"><\/span><\/h3>\n<p><img loading=\"lazy\" decoding=\"async\" class=\"alignnone size-large wp-image-19317\" src=\"https:\/\/www.malagacar.com\/sp\/blog\/wp-content\/uploads\/2025\/04\/San-Isidro-Estepona-1024x683.jpg\" alt=\"San Isidro Labrador \u2013 Estepona\" width=\"750\" height=\"500\" \/><\/p>\n<p>Elk jaar op 15 mei viert Estepona de feestdag van haar beschermheilige, San Isidro. Deze heilige is ook de beschermheilige van de boeren, en daarom wordt zijn feestdag ook in andere steden gevierd.<\/p>\n<p>Wat deze viering in Estepona zo bijzonder maakt, is de feestelijke sfeer in de oude stad, versierd met varens, palmbladeren, hooi en kleine altaartjes met landbouwproducten, verspreid over de straten en pleinen langs de processieroute.<\/p>\n<p>Er zijn ook ruiters en verdiales-muziekgroepen. En er zijn zelfs ge\u00efmproviseerde bars op straat waar je in goed gezelschap kunt eten en drinken.<\/p>\n<ul>\n<li>Wanneer: 15 mei<\/li>\n<li>Waar: Oude binnenstad van Estepona<\/li>\n<li><a href=\"https:\/\/maps.app.goo.gl\/EgDQdddejF13DAE78\" data-wpel-link=\"external\" target=\"_blank\" rel=\"external noopener noreferrer\" class=\"ext-link wpel-icon-right\"><strong>Hoe er te komen<\/strong><span class=\"wpel-icon wpel-image wpel-icon-2\"><\/span><\/a><\/li>\n<\/ul>\n<h3><span class=\"ez-toc-section\" id=\"Boekenbeurs_%E2%80%93_Malaga\"><\/span>Boekenbeurs &#8211; M\u00e1laga<span class=\"ez-toc-section-end\"><\/span><\/h3>\n<p><img loading=\"lazy\" decoding=\"async\" class=\"alignnone size-large wp-image-19314\" src=\"https:\/\/www.malagacar.com\/sp\/blog\/wp-content\/uploads\/2026\/03\/feria-del-libro-1024x316.jpg\" alt=\"Feria del Libro - M\u00e1laga\" width=\"750\" height=\"231\" \/><\/p>\n<p>Bezoek de Boekenbeurs op Paseo del Parque, op een steenworp afstand van het historische centrum en de zee. De Boekenbeurs, een van de belangrijkste literaire evenementen van de stad, viert dit jaar haar 55e editie met een gevarieerd programma vol activiteiten, boekpresentaties, lezingen en optredens van nationale en internationale auteurs.<\/p>\n<ul>\n<li>Meer <a href=\"https:\/\/ferialibromalaga.com\/\" data-wpel-link=\"external\" target=\"_blank\" rel=\"external noopener noreferrer\" class=\"ext-link wpel-icon-right\"><strong>informatie en programma<\/strong><span class=\"wpel-icon wpel-image wpel-icon-2\"><\/span><\/a><\/li>\n<li>Wanneer: 30 april tot en met 10 mei<\/li>\n<li>Waar: Paseo del Parque, M\u00e1laga<\/li>\n<li><a href=\"https:\/\/maps.app.goo.gl\/3FzFxRJq34pTwQGg6\" data-wpel-link=\"external\" target=\"_blank\" rel=\"external noopener noreferrer\" class=\"ext-link wpel-icon-right\"><strong>Hoe er te komen<\/strong><span class=\"wpel-icon wpel-image wpel-icon-2\"><\/span><\/a><\/li>\n<\/ul>\n<h3><span class=\"ez-toc-section\" id=\"Coffee_Expo_%E2%80%93_Torremolinos\"><\/span>Coffee Expo \u2013 Torremolinos<span class=\"ez-toc-section-end\"><\/span><\/h3>\n<p><img loading=\"lazy\" decoding=\"async\" class=\"alignnone size-large wp-image-19301\" src=\"https:\/\/www.malagacar.com\/sp\/blog\/wp-content\/uploads\/2025\/04\/coffee-expo-torremolinos-1024x539.jpg\" alt=\"Coffee Expo \u2013 Torremolinos\" width=\"750\" height=\"395\" \/><\/p>\n<p>Dit evenement is voor koffieliefhebbers. Torremolinos organiseert voor het eerst de grote internationale koffiebeurs &#8220;Coffee Expo Costa del Sol 2026&#8221;.<\/p>\n<p>Het evenement vindt plaats van 8 tot en met 10 mei in het congrescentrum van Torremolinos.<\/p>\n<p>De beurs zal een sterke vertegenwoordiging van lokale Andalusische merken kennen, evenals grote internationale merken. Gedurende de drie dagen biedt Coffee Expo een uitgebreid programma met conferenties, lezingen en activiteiten, zoals het nationale kampioenschap latte art. Er zal ook een proeverij- en experiencezone zijn.<\/p>\n<p>Een van de sprekers is Nacho Prado van Artisan Coffee. In ons artikel vind je het interview dat we met hem hebben afgenomen en alles wat je moet weten over de <a href=\"https:\/\/www.malagacar.com\/nl\/blog\/wat-te-doen-in-malaga\/koffie-in-malaga\/\" data-wpel-link=\"internal\"><strong>kunst van koffie in M\u00e1laga<\/strong><\/a>. Als je een liefhebber bent van ambachtelijke koffie, breng dan zeker een bezoek aan de winkel in het centrum van M\u00e1laga.<\/p>\n<ul>\n<li>Meer <a href=\"https:\/\/coffeeexpo.co\/\" data-wpel-link=\"external\" target=\"_blank\" rel=\"external noopener noreferrer\" class=\"ext-link wpel-icon-right\"><strong>informatie en tickets<\/strong><span class=\"wpel-icon wpel-image wpel-icon-2\"><\/span><\/a><\/li>\n<li>Wanneer: 8-10 mei<\/li>\n<li>Waar: Palacio de Congresos, Torremolinos<\/li>\n<li><a href=\"https:\/\/maps.app.goo.gl\/Z8cT2uHVYZLm5dFg6\" data-wpel-link=\"external\" target=\"_blank\" rel=\"external noopener noreferrer\" class=\"ext-link wpel-icon-right\"><strong>Hoe er te komen<\/strong><span class=\"wpel-icon wpel-image wpel-icon-2\"><\/span><\/a><\/li>\n<\/ul>\n<h3><span class=\"ez-toc-section\" id=\"Afternoon_Tea_in_Hotel_El_Fuerte_%E2%80%93_Marbella\"><\/span>Afternoon Tea in Hotel El Fuerte \u2013 Marbella<span class=\"ez-toc-section-end\"><\/span><\/h3>\n<p><img loading=\"lazy\" decoding=\"async\" class=\"alignnone size-full wp-image-19140\" src=\"https:\/\/www.malagacar.com\/sp\/blog\/wp-content\/uploads\/2025\/03\/afternoon-tea-el-fuerte.jpeg\" alt=\"Afternoon Tea en el Hotel El Fuerte \u2013 Marbella\" width=\"1000\" height=\"667\" \/><\/p>\n<p>Dit 5-sterrenhotel in Marbella heeft een nieuwe, elegante optie aan zijn programma toegevoegd, gebaseerd op de verfijnde Engelse afternoon tea. Elke middag van 16:00 tot 19:00 uur kunt u genieten van &#8220;Afternoon Tea Time&#8221; in een bevoorrechte omgeving aan zee.<\/p>\n<p>In deze elegante setting vindt u verfijnd porselein, versgebakken gebak, hartige hapjes en een zorgvuldig samengestelde selectie thee\u00ebn en infusies. Voor wie het extra speciaal wil maken, kan een glas Taittinger Brut R\u00e9serve of een kaviaararrangement worden toegevoegd.<\/p>\n<p>Reserveren is verplicht, minimaal 24 uur van tevoren, door te bellen naar +34 952 861 500 of door een e-mail te sturen naar <a href=\"mailto:guex@elfuertemarbella.com\"><strong>guex@elfuertemarbella.com<\/strong><\/a> (Gastenservice).<\/p>\n<ul>\n<li>Wanneer: Elke middag van 16:00 tot 19:00 uur<\/li>\n<li>Waar: Hotel El Fuerte, Marbella<\/li>\n<li><a href=\"https:\/\/maps.app.goo.gl\/iVD7vsBXRCALJrRb6\" data-wpel-link=\"external\" target=\"_blank\" rel=\"external noopener noreferrer\" class=\"ext-link wpel-icon-right\"><strong>Hoe er te komen<\/strong><span class=\"wpel-icon wpel-image wpel-icon-2\"><\/span><\/a><\/li>\n<\/ul>\n<h3><span class=\"ez-toc-section\" id=\"Theaterfestival_%E2%80%93_Malaga\"><\/span>Theaterfestival \u2013 M\u00e1laga<span class=\"ez-toc-section-end\"><\/span><\/h3>\n<p><img loading=\"lazy\" decoding=\"async\" class=\"alignnone wp-image-18730\" src=\"https:\/\/www.malagacar.com\/sp\/blog\/wp-content\/uploads\/2024\/12\/Festival-teatro.jpg\" alt=\"Festival de Teatro \u2013 M\u00e1laga\" width=\"505\" height=\"506\" \/><\/p>\n<p>Het tweede deel van de 43e editie van het M\u00e1laga Theaterfestival vindt plaats van 22 april tot en met 30 mei.<\/p>\n<p>De theaters Cervantes en Echegaray in het historische centrum van M\u00e1laga presenteren in totaal 38 voorstellingen, waarvan 5 premi\u00e8res.<\/p>\n<ul>\n<li>Het <a href=\"https:\/\/www.teatrocervantes.com\/es\/ciclos-y-festivales\/43-festival-de-teatro\/\" data-wpel-link=\"external\" target=\"_blank\" rel=\"external noopener noreferrer\" class=\"ext-link wpel-icon-right\"><strong>programma en de tickets<\/strong><span class=\"wpel-icon wpel-image wpel-icon-2\"><\/span><\/a> zijn te vinden op de offici\u00eble website van het Cervantes Theater.<\/li>\n<\/ul>\n<h3><span class=\"ez-toc-section\" id=\"Skaten_op_straat%E2%80%93_Benalmadena\"><\/span>Skaten op straat\u2013 Benalm\u00e1dena<span class=\"ez-toc-section-end\"><\/span><\/h3>\n<p><img loading=\"lazy\" decoding=\"async\" class=\"alignnone size-large wp-image-19287\" src=\"https:\/\/www.malagacar.com\/sp\/blog\/wp-content\/uploads\/2026\/03\/Patina-en-la-calle-Benalmadena-1024x728.jpg\" alt=\"Patina en la Calle \u2013 Benalm\u00e1dena\" width=\"750\" height=\"533\" \/><\/p>\n<p>Doe mee aan een van de populairste sportevenementen in Benalm\u00e1dena tijdens de zomermaanden: street skating!<\/p>\n<p>Deze gratis activiteit, die nu voor de zestiende keer wordt georganiseerd, is toegankelijk voor alle leeftijden. Trek je skates aan en geniet van een route door de straten van de stad, die voor het verkeer zijn afgesloten.<\/p>\n<h4>Het evenement vindt plaats in Arroyo de la Miel op de volgende data<\/h4>\n<p>8 mei en 12 juni, om 20:00 uur, met startpunt Casa de la Cultura (Cultureel Centrum) in Arroyo de la Miel.<\/p>\n<ul>\n<li>Wanneer: 8 mei en 12 juni, om 20:00 uur<\/li>\n<li>Waar: Vertrek vanaf Casa de la Cultura in Arroyo de la Miel<\/li>\n<li><a href=\"https:\/\/maps.app.goo.gl\/zuTBf9Q44V89u3uw9\" data-wpel-link=\"external\" target=\"_blank\" rel=\"external noopener noreferrer\" class=\"ext-link wpel-icon-right\"><strong>Hoe er te komen<\/strong><span class=\"wpel-icon wpel-image wpel-icon-2\"><\/span><\/a><\/li>\n<\/ul>\n<h3><span class=\"ez-toc-section\" id=\"Fiets-_en_skatedag_%E2%80%93_Torremolinos\"><\/span>Fiets- en skatedag \u2013 Torremolinos<span class=\"ez-toc-section-end\"><\/span><\/h3>\n<p><img loading=\"lazy\" decoding=\"async\" class=\"alignnone wp-image-19358\" src=\"https:\/\/www.malagacar.com\/sp\/blog\/wp-content\/uploads\/2025\/04\/dia-bici-Torremolinos-1-819x1024.jpg\" alt=\"D\u00eda de la Bicicleta y del Pat\u00edn \u2013 Torremolinos\" width=\"497\" height=\"622\" \/><\/p>\n<p>Doe mee aan dit gratis evenement ter ere van fietsen en skateboarden op zondag 16 mei in Torremolinos.<\/p>\n<p>Er is een parcours van acht kilometer langs de kustlijn van de stad voor deelnemers ouder dan 8 jaar en een kortere route voor kinderen onder de 7 jaar.<\/p>\n<figure id=\"attachment_17301\" aria-describedby=\"caption-attachment-17301\" style=\"width: 768px\" class=\"wp-caption alignnone\"><img loading=\"lazy\" decoding=\"async\" class=\"wp-image-17301 size-full\" src=\"https:\/\/www.malagacar.com\/sp\/blog\/wp-content\/uploads\/2025\/04\/dia-de-bici-Torremolinos.jpg\" alt=\"D\u00eda de la Bicicleta y del Pat\u00edn \u2013 Torremolinos\" width=\"768\" height=\"513\" \/><figcaption id=\"caption-attachment-17301\" class=\"wp-caption-text\">Fietsdag in een eerdere editie<\/figcaption><\/figure>\n<ul>\n<li>Online inschrijven via de <a href=\"https:\/\/play.google.com\/store\/apps\/details?id=torremolinos.gecorsystem.gecorn&amp;pcampaignid=web_share\" data-wpel-link=\"external\" target=\"_blank\" rel=\"external noopener noreferrer\" class=\"ext-link wpel-icon-right\"><strong>Torremolinos Despega-app<\/strong><span class=\"wpel-icon wpel-image wpel-icon-2\"><\/span><\/a><\/li>\n<li>Wanneer: 16 mei. Verzamelen om 10:00 uur, vertrek om 11:00 uur. Het evenement eindigt rond 13:00 uur.<\/li>\n<li>Waar: Parkeerplaats naast El Gale\u00f3n Beach Bar (Playamar Beach)<\/li>\n<li><a href=\"https:\/\/maps.app.goo.gl\/iTnK9mFBcm3vc7PZ8\" data-wpel-link=\"external\" target=\"_blank\" rel=\"external noopener noreferrer\" class=\"ext-link wpel-icon-right\"><strong>Hoe er te komen<\/strong><span class=\"wpel-icon wpel-image wpel-icon-2\"><\/span><\/a><\/li>\n<\/ul>\n<h3><span class=\"ez-toc-section\" id=\"Stedelijke_Race_%E2%80%93_Estepona\"><\/span>Stedelijke Race \u2013 Estepona<span class=\"ez-toc-section-end\"><\/span><\/h3>\n<p><img loading=\"lazy\" decoding=\"async\" class=\"alignnone wp-image-19247\" src=\"https:\/\/www.malagacar.com\/sp\/blog\/wp-content\/uploads\/2025\/04\/carrera-urbana-Estepona-728x1024.jpeg\" alt=\"Carrera Urbana \u2013 Estepona\" width=\"483\" height=\"679\" \/><\/p>\n<p>Houd je van hardlopen? Schrijf je dan in voor deze 10 km lange stadsloop. De stadsloop van Estepona is een van de populairste hardloopwedstrijden in Andalusi\u00eb dankzij de unieke route door de belangrijkste straten van de stad en langs de boulevard, en de fantastische sfeer.<\/p>\n<p><img loading=\"lazy\" decoding=\"async\" class=\"alignnone size-large wp-image-19248\" src=\"https:\/\/www.malagacar.com\/sp\/blog\/wp-content\/uploads\/2025\/04\/carrera-urbana-estepona2-1024x683.jpg\" alt=\"Carrera Urbana \u2013 Estepona\" width=\"750\" height=\"500\" \/><\/p>\n<ul>\n<li><a href=\"https:\/\/www.dorsalchip.es\/carrera\/2026\/5\/3\/XIII_Carrera_Urbana_10k_y_5k_de_Estepona.aspx\" data-wpel-link=\"external\" target=\"_blank\" rel=\"external noopener noreferrer\" class=\"ext-link wpel-icon-right\"><strong>Volledige informatie en inschrijving<\/strong><span class=\"wpel-icon wpel-image wpel-icon-2\"><\/span><\/a><\/li>\n<li>Wanneer: zondag 3 mei<\/li>\n<li>Waar: Estepona<\/li>\n<li><a href=\"https:\/\/maps.app.goo.gl\/yqKPRetXDTYoQtov6\" data-wpel-link=\"external\" target=\"_blank\" rel=\"external noopener noreferrer\" class=\"ext-link wpel-icon-right\"><strong>Hoe er te komen<\/strong><span class=\"wpel-icon wpel-image wpel-icon-2\"><\/span><\/a><\/li>\n<\/ul>\n<h3><span class=\"ez-toc-section\" id=\"Nacht_in_het_Wit_%E2%80%93_Malaga\"><\/span>Nacht in het Wit &#8211; M\u00e1laga<span class=\"ez-toc-section-end\"><\/span><\/h3>\n<p><img loading=\"lazy\" decoding=\"async\" class=\"alignnone size-large wp-image-19244\" src=\"https:\/\/www.malagacar.com\/sp\/blog\/wp-content\/uploads\/2025\/04\/Noche-en-Blanco-Malaga-1024x534.jpg\" alt=\"Noche en Blanco - M\u00e1laga\" width=\"750\" height=\"391\" \/><\/p>\n<p>Op zaterdag 16 mei keert het grote culturele avondevenement terug naar M\u00e1laga, waarmee het zijn positie als een van de meest vooraanstaande culturele evenementen van de stad verstevigt. In deze 17e editie worden de straten, musea en culturele centra van M\u00e1laga omgetoverd onder het thema &#8220;De toekomst wordt geschreven met muziek&#8221;.<\/p>\n<p>Van 20.00 uur tot 01.00 uur kunt u gratis genieten van participatieve cultuur in de straten van M\u00e1laga.<\/p>\n<ul>\n<li>Bijzondere bezoeken: &#8217;s Avonds geopende monumenten zoals de Alcazaba, kasteel Gibralfaro of de Engelse begraafplaats.<\/li>\n<\/ul>\n<ul>\n<li>Musea en tentoonstellingen: Gratis toegang tot onder andere het Picasso Museum, de collectie van het Russisch Museum, het Centre Pompidou, het Mus\u00e9e de M\u00e1laga en het CAC M\u00e1laga.<\/li>\n<\/ul>\n<ul>\n<li>Livemuziek: Verspreid over het historische centrum staan \u200b\u200bpodia met concerten in alle genres, passend bij het thema van dit jaar.<\/li>\n<\/ul>\n<ul>\n<li>Beeldende kunst en straatkunst: Lichtinstallaties en projecties op iconische gevels zoals de kathedraal of het stadhuis.<\/li>\n<\/ul>\n<ul>\n<li>Bekijk het volledige programma op de <a href=\"https:\/\/www.lanocheenblancomalaga.com\/\" data-wpel-link=\"external\" target=\"_blank\" rel=\"external noopener noreferrer\" class=\"ext-link wpel-icon-right\"><strong>offici\u00eble website<\/strong><span class=\"wpel-icon wpel-image wpel-icon-2\"><\/span><\/a><\/li>\n<li>Wanneer: 16 mei<\/li>\n<li>Waar: Centrum van M\u00e1laga, musea en deelnemende locaties<\/li>\n<\/ul>\n<h3><span class=\"ez-toc-section\" id=\"Kaarslichtconcerten_%E2%80%93_Malaga\"><\/span>Kaarslichtconcerten &#8211; M\u00e1laga<span class=\"ez-toc-section-end\"><\/span><\/h3>\n<p><a href=\"https:\/\/www.malagacar.com\/sp\/blog\/wp-content\/uploads\/2020\/01\/IMG_20211122_083656_009.jpg\" data-wpel-link=\"exclude\"><img loading=\"lazy\" decoding=\"async\" class=\"alignnone wp-image-10160\" src=\"https:\/\/www.malagacar.com\/sp\/blog\/wp-content\/uploads\/2020\/01\/IMG_20211122_083656_009-768x1024.jpg\" alt=\"\" width=\"452\" height=\"602\" \/><\/a><\/p>\n<p>In de Mar\u00eda Cristina Concert Hall, een 15e eeuws Franciscaner klooster in het hart van Malaga, met een uitzonderlijke akoestiek en unieke schoonheid.<\/p>\n<p>Onlangs hebben meer en meer unieke locaties in M\u00e1laga zich aangesloten bij deze ervaring, zoals het Carmen Thyssen Museum en nu ook het Gran Hotel Miramar.<\/p>\n<p>We kunnen deze ervaring van klassieke concerten en hommages bij kaarslicht persoonlijk aanbevelen.<\/p>\n<h4>Mei programma<\/h4>\n<p><strong>Coldplay-eerbetoon<\/strong> in het Gran Hotel Miramar, 3 mei<br \/>\n<strong>La Ley Innata-eerbetoon<\/strong> in het Gran Hotel Miramar, 3 mei<br \/>\n<strong>Tsjaikovski, De notenkraker en meer<\/strong> in Sala Mar\u00eda Cristina, 8 mei<br \/>\n<strong>Hans Zimmer-eerbetoon<\/strong> in het Gran Hotel Miramar, 9 mei<br \/>\n<strong>Eerbetoon aan Britse rocklegendes<\/strong> in het Gran Hotel Miramar, 9 mei<br \/>\n<strong>Van Mozart tot Chopin<\/strong> in Sala Mar\u00eda Cristina, 15 mei<br \/>\n<strong>Ludovico Einaudi-eerbetoon<\/strong> in Sala Mar\u00eda Cristina, 15 mei<br \/>\n<strong>Het beste van Outlander<\/strong> in het Gran Hotel Miramar, 24 mei<\/p>\n<ul>\n<li>Kaarten bij <a href=\"https:\/\/feverup.com\/malaga\/candlelight?utm_content=candlelight&amp;utm_source=malagasecreta&amp;utm_medium=post&amp;utm_term=cta3\" data-wpel-link=\"external\" target=\"_blank\" rel=\"external noopener noreferrer\" class=\"ext-link wpel-icon-right\"><strong>Feverup<\/strong><span class=\"wpel-icon wpel-image wpel-icon-2\"><\/span><\/a><\/li>\n<li>Waar: <a href=\"https:\/\/maps.app.goo.gl\/BACwA2S7rGRWoCWWA\" data-wpel-link=\"external\" target=\"_blank\" rel=\"external noopener noreferrer\" class=\"ext-link wpel-icon-right\"><strong>Sala de Conciertos Mar\u00eda Cristina<\/strong><span class=\"wpel-icon wpel-image wpel-icon-2\"><\/span><\/a>, <a href=\"https:\/\/maps.app.goo.gl\/fL8iZoUwDAsAEMzL8\" data-wpel-link=\"external\" target=\"_blank\" rel=\"external noopener noreferrer\" class=\"ext-link wpel-icon-right\"><strong>Museo Carmen Thyssen,<\/strong><span class=\"wpel-icon wpel-image wpel-icon-2\"><\/span><\/a> <a href=\"https:\/\/maps.app.goo.gl\/72v8MZ3kaGEw7Kc17\" data-wpel-link=\"external\" target=\"_blank\" rel=\"external noopener noreferrer\" class=\"ext-link wpel-icon-right\"><strong>Gran Hotel Miramar<\/strong><span class=\"wpel-icon wpel-image wpel-icon-2\"><\/span><\/a>, M\u00e1laga<\/li>\n<\/ul>\n<h3><span class=\"ez-toc-section\" id=\"FreakCon_%E2%80%93_Torremolinos\"><\/span>FreakCon &#8211; Torremolinos<span class=\"ez-toc-section-end\"><\/span><\/h3>\n<p><img loading=\"lazy\" decoding=\"async\" class=\"alignnone wp-image-19245\" src=\"https:\/\/www.malagacar.com\/sp\/blog\/wp-content\/uploads\/2025\/04\/Freak-Con-Torremolinos-819x1024.webp\" alt=\"FreakCon - Torremolinos\" width=\"498\" height=\"623\" \/><\/p>\n<p>De 10e editie van FreakCon vindt plaats in Torremolinos op 22, 23 en 24 mei. Geniet twee dagen lang van geekcultuur met een breed scala aan activiteiten.<\/p>\n<p>Het evenement wordt gehouden in het Torremolinos Conference Centre en biedt cosplay, K-pop, manga, strips, films, tv-series, bordspellen en videogames. Daarnaast zijn er workshops, wedstrijden, live shows, concerten en foodtrucks.<\/p>\n<h4>K-Pop Fest<\/h4>\n<p><img loading=\"lazy\" decoding=\"async\" class=\"alignnone size-large wp-image-19242\" src=\"https:\/\/www.malagacar.com\/sp\/blog\/wp-content\/uploads\/2025\/04\/kpop-1024x512.jpg\" alt=\"K-Pop Fest\" width=\"750\" height=\"375\" \/><\/p>\n<p>Nieuw dit jaar is een uitgebreider programma met het K-Pop Fest. Dit onafhankelijke evenement van Freak Con vindt plaats op vrijdag 22 mei van 17.00 tot 23.00 uur en biedt workshops, concerten, tentoonstellingen en live choreografie.<\/p>\n<ul>\n<li>Meer informatie en tickets op de <a href=\"https:\/\/freakcon.es\/\" data-wpel-link=\"external\" target=\"_blank\" rel=\"external noopener noreferrer\" class=\"ext-link wpel-icon-right\"><strong>offici\u00eble website<\/strong><span class=\"wpel-icon wpel-image wpel-icon-2\"><\/span><\/a><\/li>\n<li>Wanneer: 22, 23 en 24 mei<\/li>\n<li>Waar: Conferentiecentrum Torremolinos<\/li>\n<li><a href=\"https:\/\/maps.app.goo.gl\/4TubrMMV49uipekZ7\" data-wpel-link=\"external\" target=\"_blank\" rel=\"external noopener noreferrer\" class=\"ext-link wpel-icon-right\"><strong>Hoe er te komen<\/strong><span class=\"wpel-icon wpel-image wpel-icon-2\"><\/span><\/a><\/li>\n<\/ul>\n<h3><span class=\"ez-toc-section\" id=\"Brunch_Electronic_%E2%80%93_Malaga\"><\/span>Brunch Electronic \u2013 M\u00e1laga<span class=\"ez-toc-section-end\"><\/span><\/h3>\n<p><img loading=\"lazy\" decoding=\"async\" class=\"alignnone size-large wp-image-19309\" src=\"https:\/\/www.malagacar.com\/sp\/blog\/wp-content\/uploads\/2025\/04\/brunch-electronic-1024x544.jpg\" alt=\"Brunch Electronic \u2013 M\u00e1laga\" width=\"750\" height=\"398\" \/><\/p>\n<p>Fans van geweldige internationale elektronische muziek kunnen dit populaire evenement niet missen. Brunch Electronic vindt in het voorjaar en najaar permanent plaats op het openluchtterrein van het Cortijo de Torres Auditorium in M\u00e1laga.<\/p>\n<p>Wat dit evenement uniek maakt, is dat het plaatsvindt op zaterdagmiddagen, in een &#8220;dayparty&#8221;-formaat van 18:00 tot 02:00 uur. Het festival staat ook bekend om zijn positieve sfeer, duurzaamheid, gemeenschapszin en inclusiviteit. Als je van dansen op techno en house houdt, kom dan zeker langs \u2013 je zult het geweldig vinden. Op het terrein zijn ook rustplekken en eetgelegenheden te vinden.<\/p>\n<ul>\n<li><a href=\"https:\/\/malaga.brunchelectronik.com\/\" data-wpel-link=\"external\" target=\"_blank\" rel=\"external noopener noreferrer\" class=\"ext-link wpel-icon-right\"><strong>Tickets<\/strong><span class=\"wpel-icon wpel-image wpel-icon-2\"><\/span><\/a><\/li>\n<li>Wanneer: 2 mei<\/li>\n<li>Waar: Gemeentelijk auditorium Cortijo de Torres, M\u00e1laga<\/li>\n<li><a href=\"https:\/\/maps.app.goo.gl\/6cLKeUZQH9GwtxeUA\" data-wpel-link=\"external\" target=\"_blank\" rel=\"external noopener noreferrer\" class=\"ext-link wpel-icon-right\"><strong>Hoe er te komen<\/strong><span class=\"wpel-icon wpel-image wpel-icon-2\"><\/span><\/a><\/li>\n<\/ul>\n<h3><span class=\"ez-toc-section\" id=\"Ocean_Club_Opening_Party_%E2%80%93_Marbella\"><\/span>Ocean Club Opening Party &#8211; Marbella<span class=\"ez-toc-section-end\"><\/span><\/h3>\n<figure id=\"attachment_5295\" aria-describedby=\"caption-attachment-5295\" style=\"width: 800px\" class=\"wp-caption alignnone\"><img loading=\"lazy\" decoding=\"async\" class=\"size-full wp-image-5295\" src=\"https:\/\/www.malagacar.com\/sp\/blog\/wp-content\/uploads\/2016\/03\/Ocean-Opening.jpg\" alt=\"Ocean Club Marbella\" width=\"800\" height=\"451\" \/><figcaption id=\"caption-attachment-5295\" class=\"wp-caption-text\">Ocean Club Marbella<\/figcaption><\/figure>\n<p>Voor liefhebbers van zon en strandfeesten is de seizoensopening van de beste strandclubs van Marbella het aftellen naar de komst van de zomer.<\/p>\n<p>Ocean Club Marbella viert dit jaar zijn openingsfeest op 1 mei met een thema ge\u00efnspireerd op de Roaring Twenties.<\/p>\n<ul>\n<li><a href=\"https:\/\/bookings.oceanclub.es\/book\/events\" data-wpel-link=\"external\" target=\"_blank\" rel=\"external noopener noreferrer\" class=\"ext-link wpel-icon-right\"><strong>Reserveringen<\/strong><span class=\"wpel-icon wpel-image wpel-icon-2\"><\/span><\/a><\/li>\n<li>Wanneer: 1 mei, 18:00 tot middernacht<\/li>\n<li>Waar: Ocean Club Puerto Ban\u00fas<\/li>\n<li><a href=\"https:\/\/goo.gl\/maps\/11UssraY7DLXnTS88\" data-wpel-link=\"external\" target=\"_blank\" rel=\"external noopener noreferrer\" class=\"ext-link wpel-icon-right\"><strong>Hoe er te komen<\/strong><span class=\"wpel-icon wpel-image wpel-icon-2\"><\/span><\/a><\/li>\n<\/ul>\n<h3><span class=\"ez-toc-section\" id=\"Triatlon_%E2%80%93_Benalmadena\"><\/span>Triatlon &#8211; Benalm\u00e1dena<span class=\"ez-toc-section-end\"><\/span><\/h3>\n<p>De Benalm\u00e1dena Triathlon vindt plaats op zondag 31 mei in de jachthaven van Benalm\u00e1dena.<\/p>\n<p>Het evenement bestaat uit 750 meter zwemmen, 21 kilometer fietsen en 5 kilometer hardlopen.<\/p>\n<p><iframe loading=\"lazy\" title=\"XI TRIATL\u00d3N BENALM\u00c1DENA 2024\" src=\"https:\/\/www.youtube.com\/embed\/3kiUP8iHUDk\" width=\"695\" height=\"391\" frameborder=\"0\" allowfullscreen=\"allowfullscreen\"><\/iframe><\/p>\n<ul>\n<li>Wanneer: zondag 31 mei 2026 &#8211; 9.00 uur<\/li>\n<li><a href=\"https:\/\/triatlonandalucia.org\/competiciones\/xiii-triatlon-de-benalmadena\/\" data-wpel-link=\"external\" target=\"_blank\" rel=\"external noopener noreferrer\" class=\"ext-link wpel-icon-right\"><strong>Registratie<\/strong><span class=\"wpel-icon wpel-image wpel-icon-2\"><\/span><\/a><\/li>\n<\/ul>\n<h3><span class=\"ez-toc-section\" id=\"Lente_Kermis_%E2%80%93_Coin\"><\/span>Lente Kermis &#8211; Co\u00edn<span class=\"ez-toc-section-end\"><\/span><\/h3>\n<p><img loading=\"lazy\" decoding=\"async\" class=\"alignnone wp-image-13446\" src=\"https:\/\/www.malagacar.com\/sp\/blog\/wp-content\/uploads\/2022\/04\/feria-coin.jpg\" alt=\"Feria de Primavera Co\u00edn\" width=\"600\" height=\"840\" \/><\/p>\n<p>Co\u00edn viert zijn Lente Kermis van 30 april tot en met 3 mei. Er is een breed scala aan activiteiten, concerten en de typische marktkraampjes op het marktplein, evenals dj&#8217;s en flamenco-optredens. In het park aan de rand van de stad komt een groot pretpark voor kinderen.<\/p>\n<p>Op 1 mei vindt de traditionele processie naar de kluis van de Heilige Maagd van Fuensanta, de beschermheilige van Co\u00edn, plaats. De viering van het Fiesta de la Cruz de Mayo (Feest van het Kruis van Mei) wordt gehouden op 3 mei met processies door de straten van de stad.<\/p>\n<ul>\n<li>Wanneer: 30 april tot en met 3 mei<\/li>\n<li><a href=\"https:\/\/goo.gl\/maps\/d2RV7u2jmb21f13p9\" data-wpel-link=\"external\" target=\"_blank\" rel=\"external noopener noreferrer\" class=\"ext-link wpel-icon-right\"><strong>Hoe er te komen<\/strong><span class=\"wpel-icon wpel-image wpel-icon-2\"><\/span><\/a><\/li>\n<\/ul>\n<h3><span class=\"ez-toc-section\" id=\"Volle_maan_in_Hydros_Spa_%E2%80%93_Benalmadena\"><\/span>Volle maan in Hydros Spa &#8211; Benalm\u00e1dena<span class=\"ez-toc-section-end\"><\/span><\/h3>\n<p><img loading=\"lazy\" decoding=\"async\" class=\"alignnone size-full wp-image-15528\" src=\"https:\/\/www.malagacar.com\/sp\/blog\/wp-content\/uploads\/2023\/05\/Noche-spa-hydros.jpg\" alt=\"Hydros Spa Benalm\u00e1dena\" width=\"900\" height=\"471\" \/><\/p>\n<p>We doen je ook een ander voorstel vanuit het Holiday World Hotel in Benalm\u00e1dena: Geniet van de Spa tijdens de nacht van de volle maan.<\/p>\n<p>Geniet van de magie van een nachtspa-sessie van 60 minuten met een spectaculair uitzicht op de baai van Benalmadena en Fuengirola, samenvallend met volle maan.<\/p>\n<p>Met welkomstdrankje en fruit, speciale aandacht. Perfect om met z&#8217;n twee\u00ebn of met vrienden van te genieten.<\/p>\n<ul>\n<li><a href=\"https:\/\/pwa.holidayworldresort.com\/experiencias\/para-mi?hotel=experiencias&amp;filters=[%2213%22]\" data-wpel-link=\"external\" target=\"_blank\" rel=\"external noopener noreferrer\" class=\"ext-link wpel-icon-right\"><strong> Reservering <\/strong><span class=\"wpel-icon wpel-image wpel-icon-2\"><\/span><\/a><\/li>\n<li>Wanneer: 1 mei<\/li>\n<li><a href=\"https:\/\/maps.app.goo.gl\/8SV8SuFTrbvrLTgt8\" data-wpel-link=\"external\" target=\"_blank\" rel=\"external noopener noreferrer\" class=\"ext-link wpel-icon-right\"><strong> Hoe er te komen<\/strong><span class=\"wpel-icon wpel-image wpel-icon-2\"><\/span><\/a><\/li>\n<\/ul>\n<h3><span class=\"ez-toc-section\" id=\"Pride_%E2%80%93_Torremolinos\"><\/span>Pride &#8211; Torremolinos<span class=\"ez-toc-section-end\"><\/span><\/h3>\n<p><img loading=\"lazy\" decoding=\"async\" class=\"alignnone size-full wp-image-19414\" src=\"https:\/\/www.malagacar.com\/sp\/blog\/wp-content\/uploads\/2025\/05\/Pride-Torremolinos.jpg\" alt=\"Pride - Torremolinos\" width=\"900\" height=\"506\" \/><\/p>\n<p>De 11e editie van Torremolinos LGTBIQ+ Pride vindt plaats van 26 mei tot en met 6 juni 2026.<\/p>\n<figure id=\"attachment_13582\" aria-describedby=\"caption-attachment-13582\" style=\"width: 1195px\" class=\"wp-caption alignnone\"><img loading=\"lazy\" decoding=\"async\" class=\"wp-image-13582\" src=\"https:\/\/www.malagacar.com\/sp\/blog\/wp-content\/uploads\/2022\/05\/pride.jpg\" alt=\"Pride Torremolinos\" width=\"1195\" height=\"672\" \/><figcaption id=\"caption-attachment-13582\" class=\"wp-caption-text\">De concerten op Plaza Nogalera trekken jaarlijks duizenden mensen.<\/figcaption><\/figure>\n<p>Het is een van de belangrijkste LGBTQ+-evenementen van Spanje en trekt jaarlijks duizenden mensen.<\/p>\n<p>Met tentoonstellingen, films, concerten, feesten en de grote, kleurrijke parade is het een leuk en inspirerend openluchtevenement dat eindigt op het plein La Nogalera.<\/p>\n<p><img loading=\"lazy\" decoding=\"async\" class=\"alignnone size-full wp-image-17379\" src=\"https:\/\/www.malagacar.com\/sp\/blog\/wp-content\/uploads\/2024\/05\/desfile-pride.jpg\" alt=\"Pride Torremolinos\" width=\"800\" height=\"533\" \/><\/p>\n<ul>\n<li>Meer <a href=\"https:\/\/www.facebook.com\/pridetorremolinos\" data-wpel-link=\"external\" target=\"_blank\" rel=\"external noopener noreferrer\" class=\"ext-link wpel-icon-right\"><strong>informatie<\/strong><span class=\"wpel-icon wpel-image wpel-icon-2\"><\/span><\/a><\/li>\n<li>Wanneer: 26 mei tot en met 6 juni<\/li>\n<li><a href=\"https:\/\/goo.gl\/maps\/ZDtryJSwMa7wnPBS9\" data-wpel-link=\"external\" target=\"_blank\" rel=\"external noopener noreferrer\" class=\"ext-link wpel-icon-right\"><strong>Hoe er te komen<\/strong><span class=\"wpel-icon wpel-image wpel-icon-2\"><\/span><\/a><\/li>\n<\/ul>\n<h3><span class=\"ez-toc-section\" id=\"Romantisch_Ronda_%E2%80%93_Ronda\"><\/span>Romantisch\u00a0Ronda &#8211; Ronda<span class=\"ez-toc-section-end\"><\/span><\/h3>\n<p><img loading=\"lazy\" decoding=\"async\" class=\"alignnone size-large wp-image-19239\" src=\"https:\/\/www.malagacar.com\/sp\/blog\/wp-content\/uploads\/2025\/04\/Ronda-Romantica-1024x516.jpg\" alt=\"Ronda Rom\u00e1ntica - Ronda\" width=\"750\" height=\"378\" \/><\/p>\n<p>Reis terug in de tijd naar het 19e-eeuwse <a href=\"https:\/\/www.malagacar.com\/nl\/blog\/vrije-tijd\/ronda-met-de-auto-ontdekken\/\" data-wpel-link=\"internal\"><strong>Ronda<\/strong><\/a>. De hele stad komt tot leven voor dit evenement met historische kostuums, parades, historische reconstructies, paardensport en een grote traditionele markt.<\/p>\n<p>Er zijn ook kindervoorstellingen, muzikale optredens en flamencoshows. Een kleurrijk en spannend evenement dat u niet wilt missen.<\/p>\n<p>De belangrijkste podia bevinden zich in de Alameda del Tajo en het historische centrum van de stad.<\/p>\n<ul>\n<li>Wanneer: 29, 30 en 31 mei<\/li>\n<li>Waar: Oude binnenstad van Ronda<\/li>\n<li><a href=\"https:\/\/maps.app.goo.gl\/ZA6AiekNGeW13xMCA\" data-wpel-link=\"external\" target=\"_blank\" rel=\"external noopener noreferrer\" class=\"ext-link wpel-icon-right\"><strong>Hoe er te komen<\/strong><span class=\"wpel-icon wpel-image wpel-icon-2\"><\/span><\/a><\/li>\n<\/ul>\n<p><iframe loading=\"lazy\" title=\"Ronda Rom\u00e1ntica 2017 Fitur Sub\" src=\"https:\/\/www.youtube.com\/embed\/CFQHkhYn1_Q\" width=\"1088\" height=\"496\" frameborder=\"0\" allowfullscreen=\"allowfullscreen\"><\/iframe><\/p>\n<h3><span class=\"ez-toc-section\" id=\"Wijn_zaterdagen_in_het_museum_%E2%80%93_Malaga\"><\/span>Wijn zaterdagen in het museum &#8211; M\u00e1laga<span class=\"ez-toc-section-end\"><\/span><\/h3>\n<p><img loading=\"lazy\" decoding=\"async\" class=\"alignnone size-large wp-image-16982\" src=\"https:\/\/www.malagacar.com\/sp\/blog\/wp-content\/uploads\/2025\/02\/sabados-de-vino-1024x534.jpg\" alt=\"S\u00e1bados de Vino en el Museo\" width=\"750\" height=\"391\" \/><\/p>\n<p>Het <a href=\"https:\/\/www.malagacar.com\/nl\/blog\/vrije-tijd\/beste-musea-in-malaga\/#Wijnmuseum\" data-wpel-link=\"internal\"><strong>Wijnmuseum<\/strong><\/a> in het historische centrum van M\u00e1laga organiseert de komende maanden verschillende &#8216;Wijnzaterdagen&#8217;. Dit is een activiteit gericht op iedereen die ge\u00efnteresseerd is in de wereld van wijn.<\/p>\n<p>Je maakt kennis met de wijnen met oorsprongsbenaming van M\u00e1laga en de wijnmakerijen die ze produceren. Proeverijen zijn natuurlijk inbegrepen!<\/p>\n<ul>\n<li>Meer <a href=\"https:\/\/museovinomalaga.com\/categoria-producto\/oferta-formativa\/\" data-wpel-link=\"external\" target=\"_blank\" rel=\"external noopener noreferrer\" class=\"ext-link wpel-icon-right\"><strong>informatie en boekingen<\/strong><span class=\"wpel-icon wpel-image wpel-icon-2\"><\/span><\/a><\/li>\n<li><a href=\"https:\/\/maps.app.goo.gl\/oiqPT8aHPtPWKwLG7\" data-wpel-link=\"external\" target=\"_blank\" rel=\"external noopener noreferrer\" class=\"ext-link wpel-icon-right\"><strong>Hoe er te komen<\/strong><span class=\"wpel-icon wpel-image wpel-icon-2\"><\/span><\/a><\/li>\n<\/ul>\n<h3><span class=\"ez-toc-section\" id=\"Nachtelijk_bezoek_aan_de_Engelse_begraafplaats_%E2%80%93_Malaga\"><\/span>Nachtelijk bezoek aan de Engelse begraafplaats &#8211; M\u00e1laga<span class=\"ez-toc-section-end\"><\/span><\/h3>\n<p><img loading=\"lazy\" decoding=\"async\" class=\"alignnone wp-image-16313\" src=\"https:\/\/www.malagacar.com\/sp\/blog\/wp-content\/uploads\/2024\/10\/Visita-nocturna-cementerio-ingles-1024x966.jpg\" alt=\"Visita nocturna al Cementerio Ingl\u00e9s - M\u00e1laga\" width=\"734\" height=\"692\" \/><\/p>\n<p>Durf alle geheimen te ontdekken die verborgen zijn in dit gedramatiseerde nachtelijke bezoek aan de historische Engelse begraafplaats. De persoonlijkheden die hier liggen komen tot leven en vertellen je hun interessante verhalen.<\/p>\n<p>Het bezoek duurt anderhalf uur. Beperkte plaatsen tot volledige bezetting is bereikt.<\/p>\n<ul>\n<li>Meer <a href=\"https:\/\/historiavivamalaga.es\/visitas-teatralizadas-en-malaga\/cementerio-ingles-en-malaga\/?_gl=1*1qg529*_up*MQ..*_ga*NzIzNDMzNDQ4LjE3NTk3MzgwNTg.*_ga_YKXC5BWRQG*czE3NTk3MzgwNTckbzEkZzAkdDE3NTk3MzgwNTckajYwJGwwJGgw*_ga_MZ8MMM82Y1*czE3NTk3MzgwNTgkbzEkZzAkdDE3NTk3MzgwNTgkajYwJGwwJGgw\" data-wpel-link=\"external\" target=\"_blank\" rel=\"external noopener noreferrer\" class=\"ext-link wpel-icon-right\"><strong>informatie &amp; tickets<\/strong><span class=\"wpel-icon wpel-image wpel-icon-2\"><\/span><\/a><\/li>\n<li>Waar: Cementerio Ingl\u00e9s, M\u00e1laga<\/li>\n<li><a href=\"https:\/\/maps.app.goo.gl\/vKia4xamSXpDjeyf6\" data-wpel-link=\"external\" target=\"_blank\" rel=\"external noopener noreferrer\" class=\"ext-link wpel-icon-right\"><strong>Hoe er te komen<\/strong><span class=\"wpel-icon wpel-image wpel-icon-2\"><\/span><\/a><\/li>\n<\/ul>\n<h3><span class=\"ez-toc-section\" id=\"Theatrale_rondleiding_door_de_schatgrot_%E2%80%93_Rincon_de_la_Victoria\"><\/span>Theatrale rondleiding door de schatgrot &#8211; Rinc\u00f3n de la Victoria<span class=\"ez-toc-section-end\"><\/span><\/h3>\n<p><img loading=\"lazy\" decoding=\"async\" class=\"size-large wp-image-7849\" src=\"https:\/\/www.malagacar.com\/sp\/blog\/wp-content\/uploads\/2020\/03\/cueva-del-tesoro-1024x625.jpg\" alt=\"cueva del tesoro\" width=\"750\" height=\"458\" \/><\/p>\n<p>Ga terug in de tijd en ontdek de geschiedenis en mysteries van de ontdekking van de Schatgrot. Een uur durende, gedramatiseerde rondleiding door de verschillende galerijen van de grot.<\/p>\n<ul>\n<li>Vooraf reserveren is vereist voor deze activiteit via <a href=\"https:\/\/entradas.turismoenrincon.es\/\" data-wpel-link=\"external\" target=\"_blank\" rel=\"external noopener noreferrer\" class=\"ext-link wpel-icon-right\"><strong>deze link<\/strong><span class=\"wpel-icon wpel-image wpel-icon-2\"><\/span><\/a>.<\/li>\n<li>Waar: Schatgrot &#8211; Rinc\u00f3n de la Victoria<\/li>\n<li><a href=\"https:\/\/maps.app.goo.gl\/3sX5qj8EcDRxP7R37\" data-wpel-link=\"external\" target=\"_blank\" rel=\"external noopener noreferrer\" class=\"ext-link wpel-icon-right\"><strong>Hoe er te komen<\/strong><span class=\"wpel-icon wpel-image wpel-icon-2\"><\/span><\/a><\/li>\n<\/ul>\n<h3><span class=\"ez-toc-section\" id=\"Ambachtelijk_bier_proeven_%E2%80%93_Malaga\"><\/span>Ambachtelijk bier proeven &#8211; M\u00e1laga<span class=\"ez-toc-section-end\"><\/span><\/h3>\n<p><img loading=\"lazy\" decoding=\"async\" class=\"alignnone size-large wp-image-18579\" src=\"https:\/\/www.malagacar.com\/sp\/blog\/wp-content\/uploads\/2024\/11\/Cata-de-cervezas-artesanas-1024x541.jpg\" alt=\"Cata de cervezas artesanas - M\u00e1laga\" width=\"750\" height=\"396\" \/><\/p>\n<p>In de populaire Soho &#8220;kunstwijk&#8221; in het centrum van M\u00e1laga kun je je inschrijven voor een proeverij van ambachtelijk bier. Namelijk bij La F\u00e1brica de Cerveza Cruzcampo, waar ambachtelijke bierproductie wordt gecombineerd met een bar, gastronomie en livemuziek.<\/p>\n<ul>\n<li>Meer <a href=\"https:\/\/lafabricadecerveza.com\/experiencias-malaga\/\" data-wpel-link=\"external\" target=\"_blank\" rel=\"external noopener noreferrer\" class=\"ext-link wpel-icon-right\"><strong>informatie en boekingen<\/strong><span class=\"wpel-icon wpel-image wpel-icon-2\"><\/span><\/a><\/li>\n<li>Waar: La F\u00e1brica, M\u00e1laga<\/li>\n<li><a href=\"https:\/\/maps.app.goo.gl\/D5DHHYApRd3cjeW37\" data-wpel-link=\"external\" target=\"_blank\" rel=\"external noopener noreferrer\" class=\"ext-link wpel-icon-right\"><strong>Hoe er te komen<\/strong><span class=\"wpel-icon wpel-image wpel-icon-2\"><\/span><\/a><\/li>\n<\/ul>\n<h3><span class=\"ez-toc-section\" id=\"Ammonieten_route_%E2%80%93_Torcal_de_Antequera\"><\/span>Ammonieten route &#8211; Torcal de Antequera<span class=\"ez-toc-section-end\"><\/span><\/h3>\n<p><a href=\"https:\/\/www.malagacar.com\/blog\/wp-content\/uploads\/2021\/07\/ammonite.jpg\" data-wpel-link=\"exclude\"><img loading=\"lazy\" decoding=\"async\" class=\"alignnone wp-image-10589 size-full\" src=\"https:\/\/www.malagacar.com\/blog\/wp-content\/uploads\/2021\/07\/ammonite.jpg\" alt=\"ammonite\" width=\"1200\" height=\"653\" \/><\/a><\/p>\n<p>Ben je al in het spectaculaire natuurpark <a href=\"https:\/\/www.malagacar.com\/nl\/blog\/vrije-tijd\/torcal-de-antequera\/\" data-wpel-link=\"internal\"><strong>Torcal de Antequera<\/strong><\/a> geweest? Als je deze fantastische karstformatie nog niet kent, kun je je opgeven voor deze rondleiding om de prachtige ammonieten (gefossiliseerde weekdieren) meer dan duizend meter boven de zee te ontdekken.<\/p>\n<p>In de komende maanden zijn er verschillende data beschikbaar tijdens de weekenden om te genieten van deze interpretatieve wandelroute door het natuurpark Torcal de Antequera.<\/p>\n<ul>\n<li>Duur: 3 uur. Lengte ongeveer 4,5 km. Moeilijkheidsgraad: Gemiddeld-laag (niet aanbevolen voor mensen met knie-, heup- of enkelblessures of jonger dan 6 jaar).<\/li>\n<li>Meer <a href=\"https:\/\/www.torcaldeantequera.com\/rutas\/visitas-guiadas\/ruta-los-ammonites\/\" data-wpel-link=\"external\" target=\"_blank\" rel=\"external noopener noreferrer\" class=\"ext-link wpel-icon-right\"><strong>info en tickets<\/strong><span class=\"wpel-icon wpel-image wpel-icon-2\"><\/span><\/a><\/li>\n<li><a href=\"https:\/\/maps.app.goo.gl\/Cm8CEBikitzXGEWN9\" data-wpel-link=\"external\" target=\"_blank\" rel=\"external noopener noreferrer\" class=\"ext-link wpel-icon-right\"><strong>Hoe er te komen<\/strong><span class=\"wpel-icon wpel-image wpel-icon-2\"><\/span><\/a><\/li>\n<\/ul>\n<h2><span class=\"ez-toc-section\" id=\"Straatmarkten_in_Malaga_in_Mei\"><\/span>Straatmarkten in M\u00e1laga in Mei<span class=\"ez-toc-section-end\"><\/span><\/h2>\n<h3><span class=\"ez-toc-section\" id=\"Lentemarkt_%E2%80%93_Pier_Een\"><\/span>Lentemarkt &#8211; Pier Een<span class=\"ez-toc-section-end\"><\/span><\/h3>\n<p><img loading=\"lazy\" decoding=\"async\" class=\"alignnone size-large wp-image-19417\" src=\"https:\/\/www.malagacar.com\/sp\/blog\/wp-content\/uploads\/2025\/05\/mercado-primavera-Muelle-Uno-1024x578.jpg\" alt=\"Mercado de Primavera - Muelle Uno\" width=\"750\" height=\"423\" \/><\/p>\n<p>Combineer een wandeling langs de prachtige <a href=\"https:\/\/www.malagacar.com\/nl\/blog\/vrije-tijd\/pier-een-malaga\/\" data-wpel-link=\"internal\"><strong>Pier Een<\/strong><\/a> (<em>Muelle Uno<\/em>), op slechts een steenworp afstand van het historische centrum van M\u00e1laga, met wat lenteshopping en een hapje of een verfrissend drankje op een van de terrasjes.<\/p>\n<p>Tot en met 14 juni kunt u genieten van kraampjes met handwerk, mode, accessoires, eten en lokale producten.<\/p>\n<ul>\n<li>Wanneer: Tot en met 12 juni, van 10:00 tot 22:00 uur<\/li>\n<li>Waar: Muelle Uno<\/li>\n<li><a href=\"https:\/\/maps.app.goo.gl\/XWaiEPBHboK9Nt5M9\" data-wpel-link=\"external\" target=\"_blank\" rel=\"external noopener noreferrer\" class=\"ext-link wpel-icon-right\"><strong>Hoe er te komen<\/strong><span class=\"wpel-icon wpel-image wpel-icon-2\"><\/span><\/a><\/li>\n<\/ul>\n<h3><span class=\"ez-toc-section\" id=\"Ambachtsmarkt_La_Merced_%E2%80%93_Malaga\"><\/span>Ambachtsmarkt La Merced &#8211; M\u00e1laga<span class=\"ez-toc-section-end\"><\/span><\/h3>\n<p><img loading=\"lazy\" decoding=\"async\" class=\"alignnone size-full wp-image-9843\" src=\"https:\/\/www.malagacar.com\/sp\/blog\/wp-content\/uploads\/2020\/11\/Plaza-Merced-Foto-VisitaCostadelSol.webp\" alt=\"\" width=\"750\" height=\"430\" \/><\/p>\n<p>Elke <em><strong> eerste zondag van de maand <\/strong> <\/em> vindt deze kleurrijke ambachtelijke markt plaats in het hart van de oude stad, het Plaza de la Merced.<\/p>\n<p>Een ideaal idee als je een stadsmens bent en houdt van een aangename zondagse wandeling onder bloeiende jacaranda&#8217;s om daarna iets te drinken op de vele terrasjes en restaurants die het plein omringen.<\/p>\n<ul>\n<li><a href=\"https:\/\/goo.gl\/maps\/w3kV85d5km7FYWFFA\" data-wpel-link=\"external\" target=\"_blank\" rel=\"external noopener noreferrer\" class=\"ext-link wpel-icon-right\"><strong> Hoe er te komen<\/strong><span class=\"wpel-icon wpel-image wpel-icon-2\"><\/span><\/a><\/li>\n<\/ul>\n<h3><span class=\"ez-toc-section\" id=\"Stedelijke_markt_Soho_%E2%80%93_Malaga\"><\/span>Stedelijke markt Soho &#8211; M\u00e1laga<span class=\"ez-toc-section-end\"><\/span><\/h3>\n<p><img loading=\"lazy\" decoding=\"async\" class=\"alignnone wp-image-19004\" src=\"https:\/\/www.malagacar.com\/sp\/blog\/wp-content\/uploads\/2025\/03\/mercado-soho.jpg\" alt=\"Mercado Urbano del Soho - M\u00e1laga\" width=\"462\" height=\"436\" \/><\/p>\n<p>In de Soho-kunstenaarswijk, gelegen in het stadscentrum en op een steenworp afstand van de zee, vindt elke vierde zondag van de maand een ambachtsmarkt plaats met lokale producenten.<\/p>\n<p>Geniet van een wandeling door de autovrije straten van M\u00e1laga, ontdek unieke ambachtelijke producten en ga vervolgens naar een van de vele bars en terrassen voor een hapje, tapas of een zondagse lunch.<\/p>\n<ul>\n<li>Wanneer: Elke 4e zondag van de maand van 11.00 tot 19.00 uur<\/li>\n<li><a href=\"https:\/\/maps.app.goo.gl\/asfjfpNXfTL9Dkx79\" data-wpel-link=\"external\" target=\"_blank\" rel=\"external noopener noreferrer\" class=\"ext-link wpel-icon-right\"><strong>Hoe er te komen<\/strong><span class=\"wpel-icon wpel-image wpel-icon-2\"><\/span><\/a><\/li>\n<\/ul>\n<h3><span class=\"ez-toc-section\" id=\"De_Engelse_Megraafplaats_Markt_%E2%80%93_Malaga\"><\/span>De Engelse Megraafplaats Markt \u2013 M\u00e1laga<span class=\"ez-toc-section-end\"><\/span><\/h3>\n<p><img loading=\"lazy\" decoding=\"async\" class=\"alignnone size-full wp-image-16454\" src=\"https:\/\/www.malagacar.com\/sp\/blog\/wp-content\/uploads\/2024\/11\/Mercadillo-del-Ingles-1024x683-1.jpg\" alt=\"Mercadillo del Ingl\u00e9s \u2013 M\u00e1laga\" width=\"1024\" height=\"683\" \/><\/p>\n<p>Een nieuw formaat speciale vlooienmarkt wordt toegevoegd aan het culturele aanbod in de stad.<\/p>\n<p>Eens per maand wordt er op de <a href=\"https:\/\/www.malagacar.com\/nl\/blog\/wat-te-doen-in-malaga\/merkwaardige-begraafplaatsen-malaga\/#Engelse_Begraafplaats_Malaga\" data-wpel-link=\"internal\"><strong>Engelse begraafplaats<\/strong><\/a> in het stadscentrum een vlooienmarkt gehouden met handwerk, vintage decoratie, tweedehands boeken, keramiek en unieke producten. Er is ook livemuziek en er zijn foodtrucks.<\/p>\n<p>Wat bijzonder is, is de plek zelf, een emblematische plek vol charme: de Engelse Begraafplaats, de oudste niet-katholieke necropolis op het Iberisch schiereiland. Wandelend door de prachtige tuin kun je de graven ontdekken van internationale persoonlijkheden uit die tijd die hier begraven liggen.<\/p>\n<p>Gratis toegang.<\/p>\n<ul>\n<li>Volgende editie op de <a href=\"https:\/\/cementerioinglesmalaga.org\/\" data-wpel-link=\"external\" target=\"_blank\" rel=\"external noopener noreferrer\" class=\"ext-link wpel-icon-right\"><strong>offici\u00eble website<\/strong><span class=\"wpel-icon wpel-image wpel-icon-2\"><\/span><\/a><\/li>\n<li><a href=\"https:\/\/maps.app.goo.gl\/ibfgQuF52hBNZoD86\" data-wpel-link=\"external\" target=\"_blank\" rel=\"external noopener noreferrer\" class=\"ext-link wpel-icon-right\"><strong>Hoe er te komen<\/strong><span class=\"wpel-icon wpel-image wpel-icon-2\"><\/span><\/a><\/li>\n<\/ul>\n<h3><span class=\"ez-toc-section\" id=\"Ambachtsmarkt_in_Cartama\"><\/span>Ambachtsmarkt in C\u00e1rtama<span class=\"ez-toc-section-end\"><\/span><\/h3>\n<p><img loading=\"lazy\" decoding=\"async\" class=\"alignnone wp-image-18937\" src=\"https:\/\/www.malagacar.com\/sp\/blog\/wp-content\/uploads\/2026\/01\/mercado-artesanal-cartama.jpg\" alt=\"Mercado Artesanal de C\u00e1rtama\" width=\"501\" height=\"706\" \/><\/p>\n<p>Elke eerste zondag van de maand vindt er een ambachtsmarkt plaats in C\u00e1rtama, met een breed scala aan unieke, handgemaakte artikelen en lokale voedingsproducten.<\/p>\n<p>De markt bevindt zich in het park van de woonwijk Los Naranjos, naast de markt bij het treinstation van C\u00e1rtama, en is geopend van 9.00 tot 14.00 uur.<\/p>\n<ul>\n<li><a href=\"https:\/\/maps.app.goo.gl\/sFxk8nydT4Pyx8CY6\" data-wpel-link=\"external\" target=\"_blank\" rel=\"external noopener noreferrer\" class=\"ext-link wpel-icon-right\"><strong>Hoe er te komen<\/strong><span class=\"wpel-icon wpel-image wpel-icon-2\"><\/span><\/a><\/li>\n<\/ul>\n<h3><span class=\"ez-toc-section\" id=\"Maandelijkse_markt_%E2%80%93_Corumbela_Axarquia\"><\/span>Maandelijkse markt \u2013 Corumbela, Axarqu\u00eda<span class=\"ez-toc-section-end\"><\/span><\/h3>\n<p><img loading=\"lazy\" decoding=\"async\" class=\"alignnone wp-image-19421\" src=\"https:\/\/www.malagacar.com\/sp\/blog\/wp-content\/uploads\/2025\/05\/mercado-corumbela-820x1024.jpg\" alt=\"Mercado mensual \u2013 Corumbela\" width=\"481\" height=\"601\" \/><\/p>\n<p>Zin om de regio Axarqu\u00eda in M\u00e1laga te verkennen en uw rondreis te combineren met een bezoek aan een lokale markt?<\/p>\n<p>Corumbela, met minder dan 300 inwoners, is een van de hoogstgelegen dorpen in de Axarqu\u00eda, op een hoogte van 632 meter. Deze hoogte biedt een prachtig uitzicht in alle richtingen. Er zijn zelfs uitkijkpunten vanwaar u de Middellandse Zee kunt zien.<\/p>\n<p>De markt in Corumbela wordt elke eerste woensdag van de maand gehouden op het enige plein van het dorp. Hier vindt u lokale producten, handwerk, zelfgemaakte zoetigheden, kleding en accessoires, en kunt u authentieke creaties en smaken ontdekken. De volgende markt is op 4 maart.<\/p>\n<ul>\n<li>Wanneer: Elke eerste woensdag van de maand, van 10.00 tot 14.00 uur<\/li>\n<li>Waar: Plaza de San Pedro, Corumbela<\/li>\n<li><a href=\"https:\/\/maps.app.goo.gl\/yK4P9qZh1bz9WjHi7\" data-wpel-link=\"external\" target=\"_blank\" rel=\"external noopener noreferrer\" class=\"ext-link wpel-icon-right\"><strong>Hoe er te komen<\/strong><span class=\"wpel-icon wpel-image wpel-icon-2\"><\/span><\/a><\/li>\n<\/ul>\n<h3><span class=\"ez-toc-section\" id=\"Ambachtsmarkt_%E2%80%93_Torrox_Pueblo\"><\/span>Ambachtsmarkt \u2013 Torrox Pueblo<span class=\"ez-toc-section-end\"><\/span><\/h3>\n<p><img loading=\"lazy\" decoding=\"async\" class=\"alignnone wp-image-19232\" src=\"https:\/\/www.malagacar.com\/sp\/blog\/wp-content\/uploads\/2026\/03\/mercado-artesanal-Torrox-pueblo-796x1024.jpg\" alt=\"Mercado Artesanal \u2013 Torrox Pueblo\" width=\"453\" height=\"583\" \/><\/p>\n<p>Het centrale Plaza de la Constituci\u00f3n is tijdens de warmere maanden de locatie voor de Internationale Ambachtsmarkt.<\/p>\n<p>Deze markt vindt elke laatste zaterdag van de maand plaats tot en met november en biedt zo&#8217;n 40 kraampjes met kunst en handwerk, evenals livemuziek, van 10:00 tot 15:00 uur.<\/p>\n<p>In juli en augustus verandert de markt in een avondmarkt, geopend van 19:00 tot middernacht.<\/p>\n<ul>\n<li>Wanneer: Elke laatste zaterdag van de maand<\/li>\n<li>Waar: Torrox Pueblo<\/li>\n<li><a href=\"https:\/\/maps.app.goo.gl\/nNfFDzXbFCoCZDSSA\" data-wpel-link=\"external\" target=\"_blank\" rel=\"external noopener noreferrer\" class=\"ext-link wpel-icon-right\"><strong>Hoe er te komen<\/strong><span class=\"wpel-icon wpel-image wpel-icon-2\"><\/span><\/a><\/li>\n<\/ul>\n<h3><span class=\"ez-toc-section\" id=\"Vlooienmarkten_en_straatmarkten_in_de_provincie\"><\/span>Vlooienmarkten en straatmarkten in de provincie<span class=\"ez-toc-section-end\"><\/span><\/h3>\n<p><a href=\"https:\/\/www.malagacar.com\/nl\/blog\/wat-te-doen-in-malaga\/straatmarkten-malaga\/\" data-wpel-link=\"internal\"><img loading=\"lazy\" decoding=\"async\" class=\"alignnone size-full wp-image-5265\" src=\"https:\/\/www.malagacar.com\/nl\/blog\/wp-content\/uploads\/2024\/05\/mercadillos-nl.jpg\" alt=\"straatmarkten in M\u00e1laga\" width=\"1200\" height=\"691\" srcset=\"https:\/\/www.malagacar.com\/nl\/blog\/wp-content\/uploads\/2024\/05\/mercadillos-nl.jpg 1200w, https:\/\/www.malagacar.com\/nl\/blog\/wp-content\/uploads\/2024\/05\/mercadillos-nl-300x173.jpg 300w, https:\/\/www.malagacar.com\/nl\/blog\/wp-content\/uploads\/2024\/05\/mercadillos-nl-1024x590.jpg 1024w, https:\/\/www.malagacar.com\/nl\/blog\/wp-content\/uploads\/2024\/05\/mercadillos-nl-768x442.jpg 768w\" sizes=\"auto, (max-width: 1200px) 100vw, 1200px\" \/><\/a><\/p>\n<p>In de gemeenten langs de Costa del Sol is er een breed aanbod van wekelijkse straatmarkten en vlooienmarkten.<\/p>\n<p>Je vindt er van alles, van vers fruit en groenten, gedroogd fruit en noten, olijven en kruiden, speelgoed, aardewerk en typisch handwerk tot kleding, schoenen, bloemen en potten, namaakdesignerartikelen en nog veel meer.<\/p>\n<ul>\n<li>Hier vind je alle <a href=\"https:\/\/www.malagacar.com\/nl\/blog\/wat-te-doen-in-malaga\/straatmarkten-malaga\/\" data-wpel-link=\"internal\"><strong>Vlooienmarkten &amp; Straatmarkten in M\u00e1laga en de Costa del Sol<\/strong><\/a><\/li>\n<\/ul>\n<h2><span class=\"ez-toc-section\" id=\"Bezoek_de_Musea_van_Malaga\"><\/span>Bezoek de Musea van M\u00e1laga<span class=\"ez-toc-section-end\"><\/span><\/h2>\n<figure id=\"attachment_5775\" aria-describedby=\"caption-attachment-5775\" style=\"width: 700px\" class=\"wp-caption alignnone\"><img loading=\"lazy\" decoding=\"async\" class=\"wp-image-5775 size-full\" src=\"https:\/\/www.malagacar.com\/dk\/blog\/wp-content\/uploads\/2020\/01\/museo-picasso-vista-nocturna.jpg\" alt=\"\" width=\"700\" height=\"450\" \/><figcaption id=\"caption-attachment-5775\" class=\"wp-caption-text\">Nachtzicht op het Picasso Museum<\/figcaption><\/figure>\n<ul>\n<li>Veel <a href=\"https:\/\/www.malagacar.com\/dk\/blog\/freizeit\/museen-in-malaga\/\" data-wpel-link=\"exclude\"><strong>musea in M\u00e1laga<\/strong><\/a> bieden naast hun permanente collecties vaak tijdelijke tentoonstellingen aan.<\/li>\n<li>Kaart van de <strong><a href=\"https:\/\/goo.gl\/maps\/xLvkHvv8x5NJm199A\" data-wpel-link=\"external\" target=\"_blank\" rel=\"external noopener noreferrer\" class=\"ext-link wpel-icon-right\">musea in M\u00e1laga in \u00e9\u00e9n oogopslag<span class=\"wpel-icon wpel-image wpel-icon-2\"><\/span><\/a><\/strong>.<\/li>\n<\/ul>\n<h3><span class=\"ez-toc-section\" id=\"Gratis_rondleidingen_%E2%80%93_Malaga_Museum\"><\/span>Gratis rondleidingen &#8211; M\u00e1laga Museum<span class=\"ez-toc-section-end\"><\/span><\/h3>\n<h3><img loading=\"lazy\" decoding=\"async\" class=\"alignnone wp-image-14397\" src=\"https:\/\/www.malagacar.com\/sp\/blog\/wp-content\/uploads\/2021\/07\/Museo-de-Malaga-819x1024.jpg\" alt=\"Museo de M\u00e1laga\" width=\"550\" height=\"688\" \/><\/h3>\n<p>Geniet op zaterdag van een wandeling door de kunst- en archeologiecollecties. Het <a href=\"https:\/\/www.malagacar.com\/nl\/blog\/vrije-tijd\/beste-musea-in-malaga\/#Museum_van_Malaga\" data-wpel-link=\"internal\"><strong>Museum van M\u00e1laga<\/strong><\/a> biedt elke zaterdag om 12.00 uur gratis rondleidingen aan, elk met een ander thema.<\/p>\n<p>Registratie is mogelijk bij de ingang op de dag van de activiteit, vanaf de openingstijd van het museum. Kijk op hun website voor het wekelijkse aanbod.<\/p>\n<ul>\n<li>Wanneer: Zaterdag om 12.00 uur<\/li>\n<li>Waar: M\u00e1laga Museum<\/li>\n<li><a href=\"https:\/\/maps.app.goo.gl\/ZRb4BVzcJ2ToyXaH8\" data-wpel-link=\"external\" target=\"_blank\" rel=\"external noopener noreferrer\" class=\"ext-link wpel-icon-right\"><strong>Hoe er te komen<\/strong><span class=\"wpel-icon wpel-image wpel-icon-2\"><\/span><\/a><\/li>\n<\/ul>\n<h3><span class=\"ez-toc-section\" id=\"Rondleidingen_in_de_historische_botanische_tuin_La_Concepcion\"><\/span>Rondleidingen in de historische botanische tuin La Concepci\u00f3n<span class=\"ez-toc-section-end\"><\/span><\/h3>\n<p><img loading=\"lazy\" decoding=\"async\" class=\"alignnone wp-image-15201\" src=\"https:\/\/www.malagacar.com\/sp\/blog\/wp-content\/uploads\/2023\/02\/Botanico.jpg\" alt=\"Visitas guiadas en el Jard\u00edn Bot\u00e1nico Hist\u00f3rico La Concepci\u00f3n\" width=\"483\" height=\"677\" \/><\/p>\n<p>Rondleidingen in de tuin van La Concepci\u00f3n zijn terug. Geniet in het weekend van een rondleiding door de prachtige <a href=\"https:\/\/www.malagacar.com\/nl\/blog\/vrije-tijd\/historische-botanische-tuin-malaga\/\" data-wpel-link=\"internal\"><strong>historische botanische tuin La Concepci\u00f3n<\/strong><\/a>, overdag of &#8217;s avonds.<\/p>\n<p>Op zaterdag en zondag om 12 uur zijn er &#8220;Charming walks&#8221;. Op vrijdag zijn er in de schemering &#8220;Nachten met geschiedenis&#8221; (van oktober tot maart om 20.00 uur, van april tot september om 21.00 uur). De rondleidingen duren ongeveer anderhalf uur.<\/p>\n<ul>\n<li>Informatie en reserveringen: <a href=\"mailto:infojbotanicomalaga@gmail.com\">infojbotanicomalaga@gmail.com<\/a> of de telefoons +34 951926180 \/ +34 639914055.<\/li>\n<li><a href=\"https:\/\/maps.app.goo.gl\/yE9TdeVfEzp1q8nF7\" data-wpel-link=\"external\" target=\"_blank\" rel=\"external noopener noreferrer\" class=\"ext-link wpel-icon-right\"><strong> Hoe er te komen <\/strong><span class=\"wpel-icon wpel-image wpel-icon-2\"><\/span><\/a><\/li>\n<\/ul>\n<h3><span class=\"ez-toc-section\" id=\"Bezoek_aan_de_Victoria_brouwerij_%E2%80%93_Malaga\"><\/span>Bezoek aan de Victoria brouwerij &#8211; M\u00e1laga<span class=\"ez-toc-section-end\"><\/span><\/h3>\n<p><img loading=\"lazy\" decoding=\"async\" class=\"alignnone size-full wp-image-16182\" src=\"https:\/\/www.malagacar.com\/sp\/blog\/wp-content\/uploads\/2023\/10\/cerveza-victoria.jpg\" alt=\"F\u00e1brica de cerveza Victoria - M\u00e1laga\" width=\"900\" height=\"471\" \/><\/p>\n<p>Wist u dat Cervezas Victoria rondleidingen aanbiedt waarbij u meer te weten kunt komen over het productieproces en de geschiedenis?<\/p>\n<p>Als u van bier houdt, kan het interessant zijn om deze 100% Malague\u00f1a-brouwerij te bezoeken.<\/p>\n<p>Het is een rondleiding van 90 minuten waarbij u uit eerste hand de geheimen van het Victoria-bier &#8220;Malague\u00f1a y exquisita&#8221; leert kennen en het natuurlijk ook kunt proeven!<\/p>\n<ul>\n<li>Rondleidingen beschikbaar in het Spaans en Engels via <strong><a href=\"https:\/\/visitas.cervezavictoria.es\/muslinkIII_vic_nofr\/venda\/index.jsp?lang=1&amp;nom_cache=VICTORIA&amp;property=VICTORIA#close\" target=\"_blank\" rel=\"nofollow noopener external noreferrer\" data-wpel-link=\"external\" class=\"ext-link wpel-icon-right\">deze link<span class=\"wpel-icon wpel-image wpel-icon-2\"><\/span><\/a><\/strong>.<\/li>\n<li><a href=\"https:\/\/www.cervezavictoria.es\/es\" target=\"_blank\" rel=\"nofollow noopener external noreferrer\" data-wpel-link=\"external\" class=\"ext-link wpel-icon-right\"><strong>Website<\/strong><span class=\"wpel-icon wpel-image wpel-icon-2\"><\/span><\/a><\/li>\n<li><a href=\"https:\/\/goo.gl\/maps\/xkcUqWb22oHAaqFc6\" target=\"_blank\" rel=\"nofollow noopener external noreferrer\" data-wpel-link=\"external\" class=\"ext-link wpel-icon-right\"><strong>Routebeschrijving<\/strong><span class=\"wpel-icon wpel-image wpel-icon-2\"><\/span><\/a><\/li>\n<\/ul>\n<h3><span class=\"ez-toc-section\" id=\"Gedramatiseerde_nachtelijke_rondleidingen_Automobielmuseum_%E2%80%93_Malaga\"><\/span>Gedramatiseerde nachtelijke rondleidingen Automobielmuseum &#8211; M\u00e1laga<span class=\"ez-toc-section-end\"><\/span><\/h3>\n<p><img loading=\"lazy\" decoding=\"async\" class=\" wp-image-9447\" src=\"https:\/\/www.malagacar.com\/sp\/blog\/wp-content\/uploads\/2021\/09\/museo-automovilistico2.jpg\" alt=\"Museo Automovil\u00edstico\" width=\"982\" height=\"656\" \/><\/p>\n<p>Historia Viva M\u00e1laga heeft gedramatiseerde nachtelijke bezoeken georganiseerd aan het Automobile and Fashion Museum in M\u00e1laga. Bezoekers kunnen leren over de geschiedenis van historische auto&#8217;s door middel van relevante personages.<\/p>\n<p>Onder deze personages zijn Agent 007, die zijn licentie om te doden vernieuwt, of Amelia Earhart, de eerste vrouwelijke vliegenier die de Atlantische Oceaan overstak, Coco Chanel of Salvador Dal\u00ed. De rondleiding duurt ongeveer anderhalf uur.<\/p>\n<ul>\n<li>Tickets bij de <a href=\"https:\/\/historiavivamalaga.es\/visitas-teatralizadas-en-malaga\/museo-automovilistico-y-de-la-moda-en-malaga\/\" data-wpel-link=\"external\" target=\"_blank\" rel=\"external noopener noreferrer\" class=\"ext-link wpel-icon-right\"><strong>Website<\/strong><span class=\"wpel-icon wpel-image wpel-icon-2\"><\/span><\/a><\/li>\n<li>Wanneer: De eerste vrijdag van elke maand (zolang de evenementenkalender van het museum het toelaat)<\/li>\n<li>Waar: Museo Automovil\u00edstico y de la Moda M\u00e1laga<\/li>\n<li><a href=\"https:\/\/maps.app.goo.gl\/G5hqDkF77EADCBBg8\" data-wpel-link=\"external\" target=\"_blank\" rel=\"external noopener noreferrer\" class=\"ext-link wpel-icon-right\"><strong> Hoe er te komen <\/strong><span class=\"wpel-icon wpel-image wpel-icon-2\"><\/span><\/a><\/li>\n<\/ul>\n<h2><span class=\"ez-toc-section\" id=\"Marenostrum_Fuengirola_concerten_deze_zomer\"><\/span>Marenostrum Fuengirola concerten deze zomer<span class=\"ez-toc-section-end\"><\/span><\/h2>\n<p><img loading=\"lazy\" decoding=\"async\" class=\"alignnone wp-image-15283\" src=\"https:\/\/www.malagacar.com\/sp\/blog\/wp-content\/uploads\/2023\/03\/Marenostrum-819x1024.jpg\" alt=\"Marenostrum Fuengirola\" width=\"500\" height=\"626\" \/><\/p>\n<p>Er zijn nu kaarten te koop voor de shows die deze zomer gepland staan op de prachtige openluchtconcertlocatie, naast de zee en het Sohail Kasteel.<\/p>\n<p>Je kunt kaartjes kopen voor verschillende shows, waaronder flamenco, pop, rock, latin of metal, en voor verschillende muziekfestivals.<\/p>\n<p><a href=\"https:\/\/www.malagacar.com\/blog\/leisure\/marenostrum-fuengirola-concerts\/\" data-wpel-link=\"exclude\"><img loading=\"lazy\" decoding=\"async\" class=\"alignnone size-full wp-image-9255\" src=\"https:\/\/www.malagacar.com\/blog\/wp-content\/uploads\/2022\/04\/marenostrum-en.jpg\" alt=\"Marenostrum Fuengirola Concerts\" width=\"1024\" height=\"593\" \/><\/a><\/p>\n<ul>\n<li>Ontdek alle artiesten van dit jaar en alle informatie in ons artikel <a href=\"https:\/\/www.malagacar.com\/nl\/blog\/wat-te-doen-in-malaga\/marenostrum-fuengirola-concerten\/\" data-wpel-link=\"internal\"><strong>Marenostrum Fuengirola 2026<\/strong><\/a>.<\/li>\n<li>Tickets kunnen worden gekocht via de <a href=\"https:\/\/marenostrumfuengirola.com\/\" data-wpel-link=\"external\" target=\"_blank\" rel=\"external noopener noreferrer\" class=\"ext-link wpel-icon-right\"><strong> offici\u00eble website<\/strong><span class=\"wpel-icon wpel-image wpel-icon-2\"><\/span><\/a>.<\/li>\n<\/ul>\n<h2><span class=\"ez-toc-section\" id=\"Concerten_Starlite_Marbella_deze_zomer\"><\/span>Concerten Starlite Marbella deze zomer<span class=\"ez-toc-section-end\"><\/span><\/h2>\n<p><a href=\"https:\/\/www.malagacar.com\/nl\/blog\/wat-te-doen-in-malaga\/starlite-marbella\/\" data-wpel-link=\"internal\"><img loading=\"lazy\" decoding=\"async\" class=\"alignnone wp-image-10888 size-large\" src=\"https:\/\/www.malagacar.com\/sp\/blog\/wp-content\/uploads\/2022\/04\/starlight-full-1024x608.jpg\" alt=\"starlite Marbella\" width=\"750\" height=\"445\" \/><\/a><\/p>\n<p>Een van de beste openluchtlocaties is Starlite Marbella. Elk jaar brengt het prestigieuze artiesten naar intieme, boetiekconcerten in de unieke omgeving van de Nag\u00fceles-steengroeve in Marbella.<\/p>\n<p>Het festival biedt bijna 50 concertdagen in juni, juli en augustus. De line-up omvat enkele van de meest vooraanstaande artiesten uit de muziekwereld.<\/p>\n<p>In onze speciale editie <a href=\"https:\/\/www.malagacar.com\/nl\/blog\/wat-te-doen-in-malaga\/starlite-marbella\/\" data-wpel-link=\"internal\"><strong>Starlite Marbella 2026<\/strong><\/a> vind je de bevestigde artiesten voor deze zomer en alles wat je moet weten om optimaal van dit evenement te genieten.<\/p>\n<h2><span class=\"ez-toc-section\" id=\"Muziekfestivals_aan_de_Costa_del_Sol_2026\"><\/span>Muziekfestivals aan de Costa del Sol 2026<span class=\"ez-toc-section-end\"><\/span><\/h2>\n<p><a href=\"https:\/\/www.malagacar.com\/nl\/blog\/vrije-tijd\/muziek-festivals-costa-del-sol\/\" data-wpel-link=\"internal\"><img loading=\"lazy\" decoding=\"async\" class=\"alignnone wp-image-9713\" src=\"https:\/\/www.malagacar.com\/blog\/wp-content\/uploads\/2021\/12\/music-festivals-en.jpg\" alt=\"\" width=\"999\" height=\"596\" \/><\/a><\/p>\n<p>Je hoeft niet tot de zomer te wachten om te genieten van live muziek op de beste locaties in Malaga!<\/p>\n<p>Zoals je weet begint het seizoen aan de Costa del Sol vroeg.\u00a0Hier heb je alle <a href=\"https:\/\/www.malagacar.com\/nl\/blog\/vrije-tijd\/muziek-festivals-costa-del-sol\/\" data-wpel-link=\"internal\"><strong>muziekfestivals aan de Costa del Sol 2026<\/strong><\/a>, zodat je er geen een hoeft te missen!<\/p>\n<h2><span class=\"ez-toc-section\" id=\"Gastronomische_festivals_in_Malaga_in_Mei\"><\/span>Gastronomische festivals in M\u00e1laga in Mei<span class=\"ez-toc-section-end\"><\/span><\/h2>\n<h3><span class=\"ez-toc-section\" id=\"Sardinefestival_%E2%80%93_Cala_de_Mijas\"><\/span>Sardinefestival &#8211; Cala de Mijas<span class=\"ez-toc-section-end\"><\/span><\/h3>\n<h3><img loading=\"lazy\" decoding=\"async\" class=\"alignnone size-full wp-image-17269\" src=\"https:\/\/www.malagacar.com\/sp\/blog\/wp-content\/uploads\/2025\/04\/Sardinada-Mijas1.jpg\" alt=\"Sardinada Mijas\" width=\"1000\" height=\"666\" \/><\/h3>\n<p>La Cala de Mijas is vanaf 12.00 uur opnieuw het toneel van een van de populairste evenementen in Mijas.<\/p>\n<p>Elk jaar op 1 mei, Internationale Dag van de Arbeid, wordt de traditionele sardinada gevierd.<\/p>\n<p>Op Plaza del Torre\u00f3n in La Cala worden zo&#8217;n 700 kilo traditioneel geroosterde sardines gratis uitgedeeld aan de bezoekers.<\/p>\n<p><img loading=\"lazy\" decoding=\"async\" class=\"alignnone size-full wp-image-17270\" src=\"https:\/\/www.malagacar.com\/sp\/blog\/wp-content\/uploads\/2025\/04\/Sardinada-Mijas.jpg\" alt=\"Sardinada Mijas\" width=\"1000\" height=\"497\" \/><\/p>\n<p>Er zal ook een grote feesttent zijn met livemuziek. Je kunt ook door de straten slenteren die versierd zijn voor de Corpus Christi-festiviteiten, met altaren en lokale handwerkproducten.<\/p>\n<ul>\n<li>Wanneer: 1 mei<\/li>\n<li>Waar: Cala de Mijas<\/li>\n<li><a href=\"https:\/\/maps.app.goo.gl\/Cio8oDVui3AKG7br6\" data-wpel-link=\"external\" target=\"_blank\" rel=\"external noopener noreferrer\" class=\"ext-link wpel-icon-right\"><strong>Hoe er te komen<\/strong><span class=\"wpel-icon wpel-image wpel-icon-2\"><\/span><\/a><\/li>\n<\/ul>\n<h3><span class=\"ez-toc-section\" id=\"Suikerriet_Honing_Dag_%E2%80%93_Frigiliana\"><\/span>Suikerriet Honing Dag &#8211; Frigiliana<span class=\"ez-toc-section-end\"><\/span><\/h3>\n<p><img loading=\"lazy\" decoding=\"async\" class=\"alignnone size-full wp-image-15403\" src=\"https:\/\/www.malagacar.com\/sp\/blog\/wp-content\/uploads\/2023\/04\/dia_miel_11.jpg\" alt=\"D\u00eda de la Miel de Ca\u00f1a en Frigiliana\" width=\"800\" height=\"534\" \/><\/p>\n<p>Op de eerste zondag van mei viert Frigiliana het gastronomische festival dat een eerbetoon is aan zijn meest bijzondere product, de &#8216;miel de ca\u00f1a&#8217; (suikerriethoning). Van 11.00 tot 19.00 uur is er een gratis proeverij van gerechten op basis van riethoning.<\/p>\n<p>Tijdens deze dag kunnen bezoekers de Suikerriet Honing Fabriek bezoeken. Er is een proeverij van rietsuiker en uitleg over het traditionele productieproces.<\/p>\n<ul>\n<li>Wanneer: zondag 3 mei, van 12.00 tot 19.00 uur.<\/li>\n<li>Waar: Frigiliana, Plaza del Ingenio<\/li>\n<li><a href=\"https:\/\/maps.app.goo.gl\/ScFDzTLxvs5MYoDU7\" data-wpel-link=\"external\" target=\"_blank\" rel=\"external noopener noreferrer\" class=\"ext-link wpel-icon-right\"><strong> Hoe er te komen <\/strong><span class=\"wpel-icon wpel-image wpel-icon-2\"><\/span><\/a><\/li>\n<\/ul>\n<h3><span class=\"ez-toc-section\" id=\"Loquatdag_%E2%80%93_Sayalonga\"><\/span>Loquatdag &#8211; Sayalonga<span class=\"ez-toc-section-end\"><\/span><\/h3>\n<p><img loading=\"lazy\" decoding=\"async\" class=\"alignnone wp-image-19235\" src=\"https:\/\/www.malagacar.com\/sp\/blog\/wp-content\/uploads\/2025\/04\/dia-nispero-syalonga-819x1024.jpg\" alt=\"dia nispero sayalonga\" width=\"460\" height=\"575\" \/><br \/>\nOp de eerste zondag in mei draait dit gastronomische festival om de loquat.<\/p>\n<p>De vrucht wordt verdeeld onder de bezoekers en er kunnen loquatproducten, zoals jam en likeur, worden gekocht. De dag wordt opgeluisterd met lokale wijn en folkloristische optredens op het hoofdplein.<\/p>\n<p><img loading=\"lazy\" decoding=\"async\" class=\"alignnone size-full wp-image-15404\" src=\"https:\/\/www.malagacar.com\/sp\/blog\/wp-content\/uploads\/2023\/04\/nisperos.jpg\" alt=\"D\u00eda del N\u00edspero en Sayalonga\" width=\"800\" height=\"533\" \/><\/p>\n<ul>\n<li>Wanneer: 3 mei<\/li>\n<li>Waar: Sayalonga<\/li>\n<li><a href=\"https:\/\/maps.app.goo.gl\/VTevU3yVY2y6FPcu8\" data-wpel-link=\"external\" target=\"_blank\" rel=\"external noopener noreferrer\" class=\"ext-link wpel-icon-right\"><strong> Hoe er te komen <\/strong><span class=\"wpel-icon wpel-image wpel-icon-2\"><\/span><\/a><\/li>\n<\/ul>\n<h3><span class=\"ez-toc-section\" id=\"Oranjefeest_%E2%80%93_Coin\"><\/span>Oranjefeest &#8211; Co\u00edn<span class=\"ez-toc-section-end\"><\/span><\/h3>\n<p><img loading=\"lazy\" decoding=\"async\" class=\"alignnone size-full wp-image-15406\" src=\"https:\/\/www.malagacar.com\/sp\/blog\/wp-content\/uploads\/2023\/04\/fiesta-de-la-naranja-sopa-hervia-1.jpg\" alt=\"Fiesta de la Naranja en Co\u00edn\" width=\"800\" height=\"532\" \/><\/p>\n<p>Op de eerste zondag in mei vindt het Oranjefestival plaats in Co\u00edn. Geniet van een bezoek aan de prachtige Guadalhorce Vallei, ook wel bekend als &#8220;de boomgaard van M\u00e1laga&#8221;. De sinaasappeloogst begint in oktober en eindigt in mei, en daarom wordt het sinaasappelfeest in deze maand gevierd.<\/p>\n<p><iframe loading=\"lazy\" title=\"Muestra gastron\u00f3mica y dia de la naranja. Ist\u00e1n. Abril. Fiesta Singular\" src=\"https:\/\/www.youtube.com\/embed\/TrUdfm2sUbg\" width=\"696\" height=\"391\" frameborder=\"0\" allowfullscreen=\"allowfullscreen\"><\/iframe><\/p>\n<p>Gedurende de dag kun je veel producten proeven die gemaakt zijn van sinaasappels, in salades, sap, desserts en zelfs de beroemde &#8220;sopa herv\u00eda&#8221; (gekookte soep).<\/p>\n<ul>\n<li>Wanneer: 9 mei<\/li>\n<li>Waar: Co\u00edn, Plaza Alameda<\/li>\n<li><a href=\"https:\/\/maps.app.goo.gl\/ZsfYkqyycYCUaCsUA\" data-wpel-link=\"external\" target=\"_blank\" rel=\"external noopener noreferrer\" class=\"ext-link wpel-icon-right\"><strong> Hoe er te komen <\/strong><span class=\"wpel-icon wpel-image wpel-icon-2\"><\/span><\/a><\/li>\n<\/ul>\n<h3><span class=\"ez-toc-section\" id=\"Slakkendag_%E2%80%93_Riogordo\"><\/span>Slakkendag \u2013 Riogordo<span class=\"ez-toc-section-end\"><\/span><\/h3>\n<p><img loading=\"lazy\" decoding=\"async\" class=\"alignnone size-full wp-image-19236\" src=\"https:\/\/www.malagacar.com\/sp\/blog\/wp-content\/uploads\/2025\/04\/dia-caracol-riogordo.jpg\" alt=\"D\u00eda del Caracol \u2013 Riogordo\" width=\"535\" height=\"935\" \/><\/p>\n<p>Riogordo is een wit dorpje in de regio Boven-Axarqu\u00eda. Een van de populairste gastronomische evenementen is een eerbetoon aan het kenmerkende gerecht van het dorp: slakken in bouillon.<\/p>\n<p>Het festival vindt plaats op de laatste zondag van mei, waar meer dan 450 kilo slakken in bouillon, bereid volgens de lokale traditie, gratis worden geserveerd. De traditie kenmerkt zich door het gebruik van bergslakken die gevoed worden met aromatische kruiden en gekookt worden met venkel, tijm, oregano en sinaasappelschil.<\/p>\n<p>Naast slakken en wijn kunt u er ook andere lokale producten proeven en genieten van regionale dansen.<\/p>\n<p>Riogordo staat ook bekend om zijn Verdial olijfolie. Als u in het dorp bent en dol bent op dit &#8220;groene goud&#8221;, breng dan zeker een bezoek aan de <a href=\"https:\/\/maps.app.goo.gl\/4e6epzQfqWMCaiY68\" data-wpel-link=\"external\" target=\"_blank\" rel=\"external noopener noreferrer\" class=\"ext-link wpel-icon-right\"><strong>Agro-Olivavera co\u00f6peratie<\/strong><span class=\"wpel-icon wpel-image wpel-icon-2\"><\/span><\/a> om een \u200b\u200bfles te kopen.<\/p>\n<ul>\n<li>Wanneer: 31 mei<\/li>\n<li>Waar: Riogordo<\/li>\n<li><a href=\"https:\/\/maps.app.goo.gl\/yXA5MFGF2H2vvWgt7\" data-wpel-link=\"external\" target=\"_blank\" rel=\"external noopener noreferrer\" class=\"ext-link wpel-icon-right\"><strong>Hoe er te komen<\/strong><span class=\"wpel-icon wpel-image wpel-icon-2\"><\/span><\/a><\/li>\n<\/ul>\n<h2><span class=\"ez-toc-section\" id=\"Het_weer_in_Malaga_in_Mei\"><\/span>Het weer in M\u00e1laga in Mei<span class=\"ez-toc-section-end\"><\/span><\/h2>\n<p>Het weer in mei in M\u00e1laga is een puur genot. Hoewel technisch gezien nog steeds &#8220;pre-zomer&#8221;, zijn het voor onze Noordse bezoekers al puur zomerse temperaturen, zonder extremen te bereiken.<\/p>\n<figure id=\"attachment_13455\" aria-describedby=\"caption-attachment-13455\" style=\"width: 1000px\" class=\"wp-caption alignnone\"><img loading=\"lazy\" decoding=\"async\" class=\"wp-image-13455 size-full\" src=\"https:\/\/www.malagacar.com\/sp\/blog\/wp-content\/uploads\/2022\/04\/Plaza-de-las-Fores-Estepona-Depositphotos.jpg\" alt=\"Plaza de las Flores en Estepona \" width=\"1000\" height=\"750\" \/><figcaption id=\"caption-attachment-13455\" class=\"wp-caption-text\">Plaza de las Flores in Estepona. Credit <a href=\"https:\/\/depositphotos.com\/\" target=\"_blank\" rel=\"noopener external noreferrer\" data-wpel-link=\"external\" class=\"ext-link wpel-icon-right\">Depositfotos <span class=\"wpel-icon wpel-image wpel-icon-2\"><\/span><\/a><\/figcaption><\/figure>\n<p>Hier moeten we echter een kleine voetnoot maken. Door klimaatverandering hebben we, terwijl we deze post schrijven, al verschillende afleveringen van <a href=\"https:\/\/www.malagacar.com\/blog\/malaga\/heat-terral\/\" data-wpel-link=\"exclude\"><strong>Terral<\/strong><\/a> wind gehad. Dit is een droge en zeer hete wind, zeer typisch in de zomer die opvalt door zeer hoge temperaturen.<\/p>\n<p>Dus in maart en april hebben we al een paar dagen gehad met temperaturen rond de 30\u00baC. Als we deze trend voortzetten, kunnen we ook dagen verwachten met temperaturen ver boven het gemiddelde in mei.<\/p>\n<p>&#8220;Normaal gesproken&#8221; schommelen de temperaturen in mei in M\u00e1laga tussen 22\u00baC en 26\u00baC.<\/p>\n<h3><span class=\"ez-toc-section\" id=\"Is_het_mogelijk_om_in_mei_in_Malaga_te_zwemmen\"><\/span>Is het mogelijk om in mei in M\u00e1laga te zwemmen?<span class=\"ez-toc-section-end\"><\/span><\/h3>\n<p>Dat hangt af van het individuele gevoel van kou. De temperatuur van het zeewater begint te stijgen, met een gemiddelde van 18,5\u00b0C en veel mensen genieten al van het goede weer op het strand.<\/p>\n<p>Veel mensen genieten nu ook van een bad. Zelfs als het water nog een beetje koud is, warmt de zon je meteen op.<\/p>\n<figure id=\"attachment_13454\" aria-describedby=\"caption-attachment-13454\" style=\"width: 1000px\" class=\"wp-caption alignnone\"><img loading=\"lazy\" decoding=\"async\" class=\"size-full wp-image-13454\" src=\"https:\/\/www.malagacar.com\/sp\/blog\/wp-content\/uploads\/2022\/04\/Malagueta-Mayo-Depositphotos.jpg\" alt=\"M\u00e1laga playa mayo\" width=\"1000\" height=\"582\" \/><figcaption id=\"caption-attachment-13454\" class=\"wp-caption-text\">La Malagueta strand in M\u00e1laga, 26 mei 2022. Credit <a href=\"https:\/\/depositphotos.com\/\" data-wpel-link=\"external\" target=\"_blank\" rel=\"external noopener noreferrer\" class=\"ext-link wpel-icon-right\">Depositfotos<span class=\"wpel-icon wpel-image wpel-icon-2\"><\/span><\/a><\/figcaption><\/figure>\n<h3><span class=\"ez-toc-section\" id=\"Welke_kleding_mee_te_nemen_naar_Malaga_in_mei\"><\/span>Welke kleding mee te nemen naar M\u00e1laga in mei?<span class=\"ez-toc-section-end\"><\/span><\/h3>\n<p>Nu kun je je favoriete zomerkleding meenemen: korte mouwen shirts, lichte stoffen broeken, shorts en jurken, sandalen en een zwempak. Vergeet de zonbeschermingsaccessoires niet: bril, cr\u00e8me en hoed.<br \/>\n\t\t\t\t\n\t\t\t\t<div id=\"search-form2\" class=\"big-quote index-mobile\">\n\t\t\t\t<form id=\"frmSearch\" name=\"frmSearch\" action=\"\/nl\/autoverhuur\/quote.php\" method=\"post\"  name=\"quote\" class=\"container-fluid\">\n\t\t\t\t\t\t\t\t\t<div class=\"row\">\n\t\t\t\t\t\t<div class=\"col-sm-6\">\n\n\t\t\t\t\t\t\t<div class=\"form-group\">\n\t\t\t\t\t\t\t\t<label for=\"entrega\"><h4>Ophalen<\/h4><\/label>\n\t\t\t\t\t\t\t\t<select name=\"entrega\" id=\"entrega\" class=\"custom-select\">\n\t\t\t\t\t\t\t\t\t<option value=\"airport\"  selected>Luchthaven M\u00e1laga<\/option>\n\t\t\t\t\t\t\t\t\t\t\t\t\t\t\t\t<\/select>\n\t\t\t\t\t\t\t\t<div class=\"form-inline my-2\">\n\t\t\t\t\t\t\t\t\t<input id=\"pDate\" class=\"form-control\" value=\"07\/09\/2026\" name=\"pDate\" readonly onchange=\"return uppdate()\">\n\t\t\t\t\t\t\t\t\t<select class=\"custom-select\" id=\"phorasminutos\" name=\"phorasminutos\" oninvalid=\"setCustomValidity('Laat ons uw aankomsttijd weten')\" onchange=\"setCustomValidity('')\">\n\t\t\t\t\t\t\t\t\t\t<option value=\"-\" selected>--:--<\/option>\n\t\t\t\t\t\t\t\t\t\t\t\t\t\t\t\t\t\t\t\t<option value=\"00:00\">\n\t\t\t\t\t\t\t\t\t\t\t00:00<\/option>\n\t\t\t\t\t\t\t\t\t\t<option value=\"00:15\">\n\t\t\t\t\t\t\t\t\t\t\t00:15<\/option>\n\t\t\t\t\t\t\t\t\t\t<option value=\"00:30\">\n\t\t\t\t\t\t\t\t\t\t\t00:30<\/option>\n\t\t\t\t\t\t\t\t\t\t<option value=\"00:45\">\n\t\t\t\t\t\t\t\t\t\t\t00:45<\/option>\n\t\t\t\t\t\t\t\t\t\t\t\t\t\t\t\t\t\t\t\t<option value=\"01:00\">\n\t\t\t\t\t\t\t\t\t\t\t01:00<\/option>\n\t\t\t\t\t\t\t\t\t\t<option value=\"01:15\">\n\t\t\t\t\t\t\t\t\t\t\t01:15<\/option>\n\t\t\t\t\t\t\t\t\t\t<option value=\"01:30\">\n\t\t\t\t\t\t\t\t\t\t\t01:30<\/option>\n\t\t\t\t\t\t\t\t\t\t<option value=\"01:45\">\n\t\t\t\t\t\t\t\t\t\t\t01:45<\/option>\n\t\t\t\t\t\t\t\t\t\t\t\t\t\t\t\t\t\t\t\t<option value=\"02:00\">\n\t\t\t\t\t\t\t\t\t\t\t02:00<\/option>\n\t\t\t\t\t\t\t\t\t\t<option value=\"02:15\">\n\t\t\t\t\t\t\t\t\t\t\t02:15<\/option>\n\t\t\t\t\t\t\t\t\t\t<option value=\"02:30\">\n\t\t\t\t\t\t\t\t\t\t\t02:30<\/option>\n\t\t\t\t\t\t\t\t\t\t<option value=\"02:45\">\n\t\t\t\t\t\t\t\t\t\t\t02:45<\/option>\n\t\t\t\t\t\t\t\t\t\t\t\t\t\t\t\t\t\t\t\t<option value=\"03:00\">\n\t\t\t\t\t\t\t\t\t\t\t03:00<\/option>\n\t\t\t\t\t\t\t\t\t\t<option value=\"03:15\">\n\t\t\t\t\t\t\t\t\t\t\t03:15<\/option>\n\t\t\t\t\t\t\t\t\t\t<option value=\"03:30\">\n\t\t\t\t\t\t\t\t\t\t\t03:30<\/option>\n\t\t\t\t\t\t\t\t\t\t<option value=\"03:45\">\n\t\t\t\t\t\t\t\t\t\t\t03:45<\/option>\n\t\t\t\t\t\t\t\t\t\t\t\t\t\t\t\t\t\t\t\t<option value=\"04:00\">\n\t\t\t\t\t\t\t\t\t\t\t04:00<\/option>\n\t\t\t\t\t\t\t\t\t\t<option value=\"04:15\">\n\t\t\t\t\t\t\t\t\t\t\t04:15<\/option>\n\t\t\t\t\t\t\t\t\t\t<option value=\"04:30\">\n\t\t\t\t\t\t\t\t\t\t\t04:30<\/option>\n\t\t\t\t\t\t\t\t\t\t<option value=\"04:45\">\n\t\t\t\t\t\t\t\t\t\t\t04:45<\/option>\n\t\t\t\t\t\t\t\t\t\t\t\t\t\t\t\t\t\t\t\t<option value=\"05:00\">\n\t\t\t\t\t\t\t\t\t\t\t05:00<\/option>\n\t\t\t\t\t\t\t\t\t\t<option value=\"05:15\">\n\t\t\t\t\t\t\t\t\t\t\t05:15<\/option>\n\t\t\t\t\t\t\t\t\t\t<option value=\"05:30\">\n\t\t\t\t\t\t\t\t\t\t\t05:30<\/option>\n\t\t\t\t\t\t\t\t\t\t<option value=\"05:45\">\n\t\t\t\t\t\t\t\t\t\t\t05:45<\/option>\n\t\t\t\t\t\t\t\t\t\t\t\t\t\t\t\t\t\t\t\t<option value=\"06:00\">\n\t\t\t\t\t\t\t\t\t\t\t06:00<\/option>\n\t\t\t\t\t\t\t\t\t\t<option value=\"06:15\">\n\t\t\t\t\t\t\t\t\t\t\t06:15<\/option>\n\t\t\t\t\t\t\t\t\t\t<option value=\"06:30\">\n\t\t\t\t\t\t\t\t\t\t\t06:30<\/option>\n\t\t\t\t\t\t\t\t\t\t<option value=\"06:45\">\n\t\t\t\t\t\t\t\t\t\t\t06:45<\/option>\n\t\t\t\t\t\t\t\t\t\t\t\t\t\t\t\t\t\t\t\t<option value=\"07:00\">\n\t\t\t\t\t\t\t\t\t\t\t07:00<\/option>\n\t\t\t\t\t\t\t\t\t\t<option value=\"07:15\">\n\t\t\t\t\t\t\t\t\t\t\t07:15<\/option>\n\t\t\t\t\t\t\t\t\t\t<option value=\"07:30\">\n\t\t\t\t\t\t\t\t\t\t\t07:30<\/option>\n\t\t\t\t\t\t\t\t\t\t<option value=\"07:45\">\n\t\t\t\t\t\t\t\t\t\t\t07:45<\/option>\n\t\t\t\t\t\t\t\t\t\t\t\t\t\t\t\t\t\t\t\t<option value=\"08:00\">\n\t\t\t\t\t\t\t\t\t\t\t08:00<\/option>\n\t\t\t\t\t\t\t\t\t\t<option value=\"08:15\">\n\t\t\t\t\t\t\t\t\t\t\t08:15<\/option>\n\t\t\t\t\t\t\t\t\t\t<option value=\"08:30\">\n\t\t\t\t\t\t\t\t\t\t\t08:30<\/option>\n\t\t\t\t\t\t\t\t\t\t<option value=\"08:45\">\n\t\t\t\t\t\t\t\t\t\t\t08:45<\/option>\n\t\t\t\t\t\t\t\t\t\t\t\t\t\t\t\t\t\t\t\t<option value=\"09:00\">\n\t\t\t\t\t\t\t\t\t\t\t09:00<\/option>\n\t\t\t\t\t\t\t\t\t\t<option value=\"09:15\">\n\t\t\t\t\t\t\t\t\t\t\t09:15<\/option>\n\t\t\t\t\t\t\t\t\t\t<option value=\"09:30\">\n\t\t\t\t\t\t\t\t\t\t\t09:30<\/option>\n\t\t\t\t\t\t\t\t\t\t<option value=\"09:45\">\n\t\t\t\t\t\t\t\t\t\t\t09:45<\/option>\n\t\t\t\t\t\t\t\t\t\t\t\t\t\t\t\t\t\t\t\t<option value=\"10:00\">\n\t\t\t\t\t\t\t\t\t\t\t10:00<\/option>\n\t\t\t\t\t\t\t\t\t\t<option value=\"10:15\">\n\t\t\t\t\t\t\t\t\t\t\t10:15<\/option>\n\t\t\t\t\t\t\t\t\t\t<option value=\"10:30\">\n\t\t\t\t\t\t\t\t\t\t\t10:30<\/option>\n\t\t\t\t\t\t\t\t\t\t<option value=\"10:45\">\n\t\t\t\t\t\t\t\t\t\t\t10:45<\/option>\n\t\t\t\t\t\t\t\t\t\t\t\t\t\t\t\t\t\t\t\t<option value=\"11:00\">\n\t\t\t\t\t\t\t\t\t\t\t11:00<\/option>\n\t\t\t\t\t\t\t\t\t\t<option value=\"11:15\">\n\t\t\t\t\t\t\t\t\t\t\t11:15<\/option>\n\t\t\t\t\t\t\t\t\t\t<option value=\"11:30\">\n\t\t\t\t\t\t\t\t\t\t\t11:30<\/option>\n\t\t\t\t\t\t\t\t\t\t<option value=\"11:45\">\n\t\t\t\t\t\t\t\t\t\t\t11:45<\/option>\n\t\t\t\t\t\t\t\t\t\t\t\t\t\t\t\t\t\t\t\t<option value=\"12:00\">\n\t\t\t\t\t\t\t\t\t\t\t12:00<\/option>\n\t\t\t\t\t\t\t\t\t\t<option value=\"12:15\">\n\t\t\t\t\t\t\t\t\t\t\t12:15<\/option>\n\t\t\t\t\t\t\t\t\t\t<option value=\"12:30\">\n\t\t\t\t\t\t\t\t\t\t\t12:30<\/option>\n\t\t\t\t\t\t\t\t\t\t<option value=\"12:45\">\n\t\t\t\t\t\t\t\t\t\t\t12:45<\/option>\n\t\t\t\t\t\t\t\t\t\t\t\t\t\t\t\t\t\t\t\t<option value=\"13:00\">\n\t\t\t\t\t\t\t\t\t\t\t13:00<\/option>\n\t\t\t\t\t\t\t\t\t\t<option value=\"13:15\">\n\t\t\t\t\t\t\t\t\t\t\t13:15<\/option>\n\t\t\t\t\t\t\t\t\t\t<option value=\"13:30\">\n\t\t\t\t\t\t\t\t\t\t\t13:30<\/option>\n\t\t\t\t\t\t\t\t\t\t<option value=\"13:45\">\n\t\t\t\t\t\t\t\t\t\t\t13:45<\/option>\n\t\t\t\t\t\t\t\t\t\t\t\t\t\t\t\t\t\t\t\t<option value=\"14:00\">\n\t\t\t\t\t\t\t\t\t\t\t14:00<\/option>\n\t\t\t\t\t\t\t\t\t\t<option value=\"14:15\">\n\t\t\t\t\t\t\t\t\t\t\t14:15<\/option>\n\t\t\t\t\t\t\t\t\t\t<option value=\"14:30\">\n\t\t\t\t\t\t\t\t\t\t\t14:30<\/option>\n\t\t\t\t\t\t\t\t\t\t<option value=\"14:45\">\n\t\t\t\t\t\t\t\t\t\t\t14:45<\/option>\n\t\t\t\t\t\t\t\t\t\t\t\t\t\t\t\t\t\t\t\t<option value=\"15:00\">\n\t\t\t\t\t\t\t\t\t\t\t15:00<\/option>\n\t\t\t\t\t\t\t\t\t\t<option value=\"15:15\">\n\t\t\t\t\t\t\t\t\t\t\t15:15<\/option>\n\t\t\t\t\t\t\t\t\t\t<option value=\"15:30\">\n\t\t\t\t\t\t\t\t\t\t\t15:30<\/option>\n\t\t\t\t\t\t\t\t\t\t<option value=\"15:45\">\n\t\t\t\t\t\t\t\t\t\t\t15:45<\/option>\n\t\t\t\t\t\t\t\t\t\t\t\t\t\t\t\t\t\t\t\t<option value=\"16:00\">\n\t\t\t\t\t\t\t\t\t\t\t16:00<\/option>\n\t\t\t\t\t\t\t\t\t\t<option value=\"16:15\">\n\t\t\t\t\t\t\t\t\t\t\t16:15<\/option>\n\t\t\t\t\t\t\t\t\t\t<option value=\"16:30\">\n\t\t\t\t\t\t\t\t\t\t\t16:30<\/option>\n\t\t\t\t\t\t\t\t\t\t<option value=\"16:45\">\n\t\t\t\t\t\t\t\t\t\t\t16:45<\/option>\n\t\t\t\t\t\t\t\t\t\t\t\t\t\t\t\t\t\t\t\t<option value=\"17:00\">\n\t\t\t\t\t\t\t\t\t\t\t17:00<\/option>\n\t\t\t\t\t\t\t\t\t\t<option value=\"17:15\">\n\t\t\t\t\t\t\t\t\t\t\t17:15<\/option>\n\t\t\t\t\t\t\t\t\t\t<option value=\"17:30\">\n\t\t\t\t\t\t\t\t\t\t\t17:30<\/option>\n\t\t\t\t\t\t\t\t\t\t<option value=\"17:45\">\n\t\t\t\t\t\t\t\t\t\t\t17:45<\/option>\n\t\t\t\t\t\t\t\t\t\t\t\t\t\t\t\t\t\t\t\t<option value=\"18:00\">\n\t\t\t\t\t\t\t\t\t\t\t18:00<\/option>\n\t\t\t\t\t\t\t\t\t\t<option value=\"18:15\">\n\t\t\t\t\t\t\t\t\t\t\t18:15<\/option>\n\t\t\t\t\t\t\t\t\t\t<option value=\"18:30\">\n\t\t\t\t\t\t\t\t\t\t\t18:30<\/option>\n\t\t\t\t\t\t\t\t\t\t<option value=\"18:45\">\n\t\t\t\t\t\t\t\t\t\t\t18:45<\/option>\n\t\t\t\t\t\t\t\t\t\t\t\t\t\t\t\t\t\t\t\t<option value=\"19:00\">\n\t\t\t\t\t\t\t\t\t\t\t19:00<\/option>\n\t\t\t\t\t\t\t\t\t\t<option value=\"19:15\">\n\t\t\t\t\t\t\t\t\t\t\t19:15<\/option>\n\t\t\t\t\t\t\t\t\t\t<option value=\"19:30\">\n\t\t\t\t\t\t\t\t\t\t\t19:30<\/option>\n\t\t\t\t\t\t\t\t\t\t<option value=\"19:45\">\n\t\t\t\t\t\t\t\t\t\t\t19:45<\/option>\n\t\t\t\t\t\t\t\t\t\t\t\t\t\t\t\t\t\t\t\t<option value=\"20:00\">\n\t\t\t\t\t\t\t\t\t\t\t20:00<\/option>\n\t\t\t\t\t\t\t\t\t\t<option value=\"20:15\">\n\t\t\t\t\t\t\t\t\t\t\t20:15<\/option>\n\t\t\t\t\t\t\t\t\t\t<option value=\"20:30\">\n\t\t\t\t\t\t\t\t\t\t\t20:30<\/option>\n\t\t\t\t\t\t\t\t\t\t<option value=\"20:45\">\n\t\t\t\t\t\t\t\t\t\t\t20:45<\/option>\n\t\t\t\t\t\t\t\t\t\t\t\t\t\t\t\t\t\t\t\t<option value=\"21:00\">\n\t\t\t\t\t\t\t\t\t\t\t21:00<\/option>\n\t\t\t\t\t\t\t\t\t\t<option value=\"21:15\">\n\t\t\t\t\t\t\t\t\t\t\t21:15<\/option>\n\t\t\t\t\t\t\t\t\t\t<option value=\"21:30\">\n\t\t\t\t\t\t\t\t\t\t\t21:30<\/option>\n\t\t\t\t\t\t\t\t\t\t<option value=\"21:45\">\n\t\t\t\t\t\t\t\t\t\t\t21:45<\/option>\n\t\t\t\t\t\t\t\t\t\t\t\t\t\t\t\t\t\t\t\t<option value=\"22:00\">\n\t\t\t\t\t\t\t\t\t\t\t22:00<\/option>\n\t\t\t\t\t\t\t\t\t\t<option value=\"22:15\">\n\t\t\t\t\t\t\t\t\t\t\t22:15<\/option>\n\t\t\t\t\t\t\t\t\t\t<option value=\"22:30\">\n\t\t\t\t\t\t\t\t\t\t\t22:30<\/option>\n\t\t\t\t\t\t\t\t\t\t<option value=\"22:45\">\n\t\t\t\t\t\t\t\t\t\t\t22:45<\/option>\n\t\t\t\t\t\t\t\t\t\t\t\t\t\t\t\t\t\t\t\t<option value=\"23:00\">\n\t\t\t\t\t\t\t\t\t\t\t23:00<\/option>\n\t\t\t\t\t\t\t\t\t\t<option value=\"23:15\">\n\t\t\t\t\t\t\t\t\t\t\t23:15<\/option>\n\t\t\t\t\t\t\t\t\t\t<option value=\"23:30\">\n\t\t\t\t\t\t\t\t\t\t\t23:30<\/option>\n\t\t\t\t\t\t\t\t\t\t<option value=\"23:45\">\n\t\t\t\t\t\t\t\t\t\t\t23:45<\/option>\n\t\t\t\t\t\t\t\t\t\t\t\t\t\t\t\t\t\t\t<\/select>\n\t\t\t\t\t\t\t\t<\/div>\n\t\t\t\t\t\t\t<\/div>\n\t\t\t\t\t\t<\/div>\n\t\t\t\t\t\t<div class=\"col-sm-6\">\n\t\t\t\t\t\t\t<div class=\"form-group\">\n\t\t\t\t\t\t\t\t<div id=\"bookingBox\"><\/div>\n\n\t\t\t\t\t\t\t\t<label for=\"devuelta\"><h4>Terugbrendgend<\/h4><\/label>\n\t\t\t\t\t\t\t\t<select name=\"devuelta\" id=\"devuelta\" class=\"custom-select\">\n\t\t\t\t\t\t\t\t\t<option value=\"airport\"  selected>Luchthaven M\u00e1laga<\/option>\n\t\t\t\t\t\t\t\t\t\t\t\t\t\t\t\t<\/select>\n\n\t\t\t\t\t\t\t\t<div class=\"form-inline my-2\">\n\t\t\t\t\t\t\t\t\t<input id=\"dDate\" class=\"form-control\" value=\"14\/09\/2026\" name=\"dDate\" readonly>\n\t\t\t\t\t\t\t\t\t<select class=\"custom-select\" id=\"dhorasminutos\" name=\"dhorasminutos\" oninvalid=\"setCustomValidity('Laat ons weten wanneer je terugkomt.')\" onchange=\"setCustomValidity('')\">\n\t\t\t\t\t\t\t\t\t\t<option value=\"-\" selected>--:--<\/option>\n\t\t\t\t\t\t\t\t\t\t\t\t\t\t\t\t\t\t\t\t<option value=\"00:00\">\n\t\t\t\t\t\t\t\t\t\t\t00:00<\/option>\n\t\t\t\t\t\t\t\t\t\t<option value=\"00:15\">\n\t\t\t\t\t\t\t\t\t\t\t00:15<\/option>\n\t\t\t\t\t\t\t\t\t\t<option value=\"00:30\">\n\t\t\t\t\t\t\t\t\t\t\t00:30<\/option>\n\t\t\t\t\t\t\t\t\t\t<option value=\"00:45\">\n\t\t\t\t\t\t\t\t\t\t\t00:45<\/option>\n\t\t\t\t\t\t\t\t\t\t\t\t\t\t\t\t\t\t\t\t<option value=\"01:00\">\n\t\t\t\t\t\t\t\t\t\t\t01:00<\/option>\n\t\t\t\t\t\t\t\t\t\t<option value=\"01:15\">\n\t\t\t\t\t\t\t\t\t\t\t01:15<\/option>\n\t\t\t\t\t\t\t\t\t\t<option value=\"01:30\">\n\t\t\t\t\t\t\t\t\t\t\t01:30<\/option>\n\t\t\t\t\t\t\t\t\t\t<option value=\"01:45\">\n\t\t\t\t\t\t\t\t\t\t\t01:45<\/option>\n\t\t\t\t\t\t\t\t\t\t\t\t\t\t\t\t\t\t\t\t<option value=\"02:00\">\n\t\t\t\t\t\t\t\t\t\t\t02:00<\/option>\n\t\t\t\t\t\t\t\t\t\t<option value=\"02:15\">\n\t\t\t\t\t\t\t\t\t\t\t02:15<\/option>\n\t\t\t\t\t\t\t\t\t\t<option value=\"02:30\">\n\t\t\t\t\t\t\t\t\t\t\t02:30<\/option>\n\t\t\t\t\t\t\t\t\t\t<option value=\"02:45\">\n\t\t\t\t\t\t\t\t\t\t\t02:45<\/option>\n\t\t\t\t\t\t\t\t\t\t\t\t\t\t\t\t\t\t\t\t<option value=\"03:00\">\n\t\t\t\t\t\t\t\t\t\t\t03:00<\/option>\n\t\t\t\t\t\t\t\t\t\t<option value=\"03:15\">\n\t\t\t\t\t\t\t\t\t\t\t03:15<\/option>\n\t\t\t\t\t\t\t\t\t\t<option value=\"03:30\">\n\t\t\t\t\t\t\t\t\t\t\t03:30<\/option>\n\t\t\t\t\t\t\t\t\t\t<option value=\"03:45\">\n\t\t\t\t\t\t\t\t\t\t\t03:45<\/option>\n\t\t\t\t\t\t\t\t\t\t\t\t\t\t\t\t\t\t\t\t<option value=\"04:00\">\n\t\t\t\t\t\t\t\t\t\t\t04:00<\/option>\n\t\t\t\t\t\t\t\t\t\t<option value=\"04:15\">\n\t\t\t\t\t\t\t\t\t\t\t04:15<\/option>\n\t\t\t\t\t\t\t\t\t\t<option value=\"04:30\">\n\t\t\t\t\t\t\t\t\t\t\t04:30<\/option>\n\t\t\t\t\t\t\t\t\t\t<option value=\"04:45\">\n\t\t\t\t\t\t\t\t\t\t\t04:45<\/option>\n\t\t\t\t\t\t\t\t\t\t\t\t\t\t\t\t\t\t\t\t<option value=\"05:00\">\n\t\t\t\t\t\t\t\t\t\t\t05:00<\/option>\n\t\t\t\t\t\t\t\t\t\t<option value=\"05:15\">\n\t\t\t\t\t\t\t\t\t\t\t05:15<\/option>\n\t\t\t\t\t\t\t\t\t\t<option value=\"05:30\">\n\t\t\t\t\t\t\t\t\t\t\t05:30<\/option>\n\t\t\t\t\t\t\t\t\t\t<option value=\"05:45\">\n\t\t\t\t\t\t\t\t\t\t\t05:45<\/option>\n\t\t\t\t\t\t\t\t\t\t\t\t\t\t\t\t\t\t\t\t<option value=\"06:00\">\n\t\t\t\t\t\t\t\t\t\t\t06:00<\/option>\n\t\t\t\t\t\t\t\t\t\t<option value=\"06:15\">\n\t\t\t\t\t\t\t\t\t\t\t06:15<\/option>\n\t\t\t\t\t\t\t\t\t\t<option value=\"06:30\">\n\t\t\t\t\t\t\t\t\t\t\t06:30<\/option>\n\t\t\t\t\t\t\t\t\t\t<option value=\"06:45\">\n\t\t\t\t\t\t\t\t\t\t\t06:45<\/option>\n\t\t\t\t\t\t\t\t\t\t\t\t\t\t\t\t\t\t\t\t<option value=\"07:00\">\n\t\t\t\t\t\t\t\t\t\t\t07:00<\/option>\n\t\t\t\t\t\t\t\t\t\t<option value=\"07:15\">\n\t\t\t\t\t\t\t\t\t\t\t07:15<\/option>\n\t\t\t\t\t\t\t\t\t\t<option value=\"07:30\">\n\t\t\t\t\t\t\t\t\t\t\t07:30<\/option>\n\t\t\t\t\t\t\t\t\t\t<option value=\"07:45\">\n\t\t\t\t\t\t\t\t\t\t\t07:45<\/option>\n\t\t\t\t\t\t\t\t\t\t\t\t\t\t\t\t\t\t\t\t<option value=\"08:00\">\n\t\t\t\t\t\t\t\t\t\t\t08:00<\/option>\n\t\t\t\t\t\t\t\t\t\t<option value=\"08:15\">\n\t\t\t\t\t\t\t\t\t\t\t08:15<\/option>\n\t\t\t\t\t\t\t\t\t\t<option value=\"08:30\">\n\t\t\t\t\t\t\t\t\t\t\t08:30<\/option>\n\t\t\t\t\t\t\t\t\t\t<option value=\"08:45\">\n\t\t\t\t\t\t\t\t\t\t\t08:45<\/option>\n\t\t\t\t\t\t\t\t\t\t\t\t\t\t\t\t\t\t\t\t<option value=\"09:00\">\n\t\t\t\t\t\t\t\t\t\t\t09:00<\/option>\n\t\t\t\t\t\t\t\t\t\t<option value=\"09:15\">\n\t\t\t\t\t\t\t\t\t\t\t09:15<\/option>\n\t\t\t\t\t\t\t\t\t\t<option value=\"09:30\">\n\t\t\t\t\t\t\t\t\t\t\t09:30<\/option>\n\t\t\t\t\t\t\t\t\t\t<option value=\"09:45\">\n\t\t\t\t\t\t\t\t\t\t\t09:45<\/option>\n\t\t\t\t\t\t\t\t\t\t\t\t\t\t\t\t\t\t\t\t<option value=\"10:00\">\n\t\t\t\t\t\t\t\t\t\t\t10:00<\/option>\n\t\t\t\t\t\t\t\t\t\t<option value=\"10:15\">\n\t\t\t\t\t\t\t\t\t\t\t10:15<\/option>\n\t\t\t\t\t\t\t\t\t\t<option value=\"10:30\">\n\t\t\t\t\t\t\t\t\t\t\t10:30<\/option>\n\t\t\t\t\t\t\t\t\t\t<option value=\"10:45\">\n\t\t\t\t\t\t\t\t\t\t\t10:45<\/option>\n\t\t\t\t\t\t\t\t\t\t\t\t\t\t\t\t\t\t\t\t<option value=\"11:00\">\n\t\t\t\t\t\t\t\t\t\t\t11:00<\/option>\n\t\t\t\t\t\t\t\t\t\t<option value=\"11:15\">\n\t\t\t\t\t\t\t\t\t\t\t11:15<\/option>\n\t\t\t\t\t\t\t\t\t\t<option value=\"11:30\">\n\t\t\t\t\t\t\t\t\t\t\t11:30<\/option>\n\t\t\t\t\t\t\t\t\t\t<option value=\"11:45\">\n\t\t\t\t\t\t\t\t\t\t\t11:45<\/option>\n\t\t\t\t\t\t\t\t\t\t\t\t\t\t\t\t\t\t\t\t<option value=\"12:00\">\n\t\t\t\t\t\t\t\t\t\t\t12:00<\/option>\n\t\t\t\t\t\t\t\t\t\t<option value=\"12:15\">\n\t\t\t\t\t\t\t\t\t\t\t12:15<\/option>\n\t\t\t\t\t\t\t\t\t\t<option value=\"12:30\">\n\t\t\t\t\t\t\t\t\t\t\t12:30<\/option>\n\t\t\t\t\t\t\t\t\t\t<option value=\"12:45\">\n\t\t\t\t\t\t\t\t\t\t\t12:45<\/option>\n\t\t\t\t\t\t\t\t\t\t\t\t\t\t\t\t\t\t\t\t<option value=\"13:00\">\n\t\t\t\t\t\t\t\t\t\t\t13:00<\/option>\n\t\t\t\t\t\t\t\t\t\t<option value=\"13:15\">\n\t\t\t\t\t\t\t\t\t\t\t13:15<\/option>\n\t\t\t\t\t\t\t\t\t\t<option value=\"13:30\">\n\t\t\t\t\t\t\t\t\t\t\t13:30<\/option>\n\t\t\t\t\t\t\t\t\t\t<option value=\"13:45\">\n\t\t\t\t\t\t\t\t\t\t\t13:45<\/option>\n\t\t\t\t\t\t\t\t\t\t\t\t\t\t\t\t\t\t\t\t<option value=\"14:00\">\n\t\t\t\t\t\t\t\t\t\t\t14:00<\/option>\n\t\t\t\t\t\t\t\t\t\t<option value=\"14:15\">\n\t\t\t\t\t\t\t\t\t\t\t14:15<\/option>\n\t\t\t\t\t\t\t\t\t\t<option value=\"14:30\">\n\t\t\t\t\t\t\t\t\t\t\t14:30<\/option>\n\t\t\t\t\t\t\t\t\t\t<option value=\"14:45\">\n\t\t\t\t\t\t\t\t\t\t\t14:45<\/option>\n\t\t\t\t\t\t\t\t\t\t\t\t\t\t\t\t\t\t\t\t<option value=\"15:00\">\n\t\t\t\t\t\t\t\t\t\t\t15:00<\/option>\n\t\t\t\t\t\t\t\t\t\t<option value=\"15:15\">\n\t\t\t\t\t\t\t\t\t\t\t15:15<\/option>\n\t\t\t\t\t\t\t\t\t\t<option value=\"15:30\">\n\t\t\t\t\t\t\t\t\t\t\t15:30<\/option>\n\t\t\t\t\t\t\t\t\t\t<option value=\"15:45\">\n\t\t\t\t\t\t\t\t\t\t\t15:45<\/option>\n\t\t\t\t\t\t\t\t\t\t\t\t\t\t\t\t\t\t\t\t<option value=\"16:00\">\n\t\t\t\t\t\t\t\t\t\t\t16:00<\/option>\n\t\t\t\t\t\t\t\t\t\t<option value=\"16:15\">\n\t\t\t\t\t\t\t\t\t\t\t16:15<\/option>\n\t\t\t\t\t\t\t\t\t\t<option value=\"16:30\">\n\t\t\t\t\t\t\t\t\t\t\t16:30<\/option>\n\t\t\t\t\t\t\t\t\t\t<option value=\"16:45\">\n\t\t\t\t\t\t\t\t\t\t\t16:45<\/option>\n\t\t\t\t\t\t\t\t\t\t\t\t\t\t\t\t\t\t\t\t<option value=\"17:00\">\n\t\t\t\t\t\t\t\t\t\t\t17:00<\/option>\n\t\t\t\t\t\t\t\t\t\t<option value=\"17:15\">\n\t\t\t\t\t\t\t\t\t\t\t17:15<\/option>\n\t\t\t\t\t\t\t\t\t\t<option value=\"17:30\">\n\t\t\t\t\t\t\t\t\t\t\t17:30<\/option>\n\t\t\t\t\t\t\t\t\t\t<option value=\"17:45\">\n\t\t\t\t\t\t\t\t\t\t\t17:45<\/option>\n\t\t\t\t\t\t\t\t\t\t\t\t\t\t\t\t\t\t\t\t<option value=\"18:00\">\n\t\t\t\t\t\t\t\t\t\t\t18:00<\/option>\n\t\t\t\t\t\t\t\t\t\t<option value=\"18:15\">\n\t\t\t\t\t\t\t\t\t\t\t18:15<\/option>\n\t\t\t\t\t\t\t\t\t\t<option value=\"18:30\">\n\t\t\t\t\t\t\t\t\t\t\t18:30<\/option>\n\t\t\t\t\t\t\t\t\t\t<option value=\"18:45\">\n\t\t\t\t\t\t\t\t\t\t\t18:45<\/option>\n\t\t\t\t\t\t\t\t\t\t\t\t\t\t\t\t\t\t\t\t<option value=\"19:00\">\n\t\t\t\t\t\t\t\t\t\t\t19:00<\/option>\n\t\t\t\t\t\t\t\t\t\t<option value=\"19:15\">\n\t\t\t\t\t\t\t\t\t\t\t19:15<\/option>\n\t\t\t\t\t\t\t\t\t\t<option value=\"19:30\">\n\t\t\t\t\t\t\t\t\t\t\t19:30<\/option>\n\t\t\t\t\t\t\t\t\t\t<option value=\"19:45\">\n\t\t\t\t\t\t\t\t\t\t\t19:45<\/option>\n\t\t\t\t\t\t\t\t\t\t\t\t\t\t\t\t\t\t\t\t<option value=\"20:00\">\n\t\t\t\t\t\t\t\t\t\t\t20:00<\/option>\n\t\t\t\t\t\t\t\t\t\t<option value=\"20:15\">\n\t\t\t\t\t\t\t\t\t\t\t20:15<\/option>\n\t\t\t\t\t\t\t\t\t\t<option value=\"20:30\">\n\t\t\t\t\t\t\t\t\t\t\t20:30<\/option>\n\t\t\t\t\t\t\t\t\t\t<option value=\"20:45\">\n\t\t\t\t\t\t\t\t\t\t\t20:45<\/option>\n\t\t\t\t\t\t\t\t\t\t\t\t\t\t\t\t\t\t\t\t<option value=\"21:00\">\n\t\t\t\t\t\t\t\t\t\t\t21:00<\/option>\n\t\t\t\t\t\t\t\t\t\t<option value=\"21:15\">\n\t\t\t\t\t\t\t\t\t\t\t21:15<\/option>\n\t\t\t\t\t\t\t\t\t\t<option value=\"21:30\">\n\t\t\t\t\t\t\t\t\t\t\t21:30<\/option>\n\t\t\t\t\t\t\t\t\t\t<option value=\"21:45\">\n\t\t\t\t\t\t\t\t\t\t\t21:45<\/option>\n\t\t\t\t\t\t\t\t\t\t\t\t\t\t\t\t\t\t\t\t<option value=\"22:00\">\n\t\t\t\t\t\t\t\t\t\t\t22:00<\/option>\n\t\t\t\t\t\t\t\t\t\t<option value=\"22:15\">\n\t\t\t\t\t\t\t\t\t\t\t22:15<\/option>\n\t\t\t\t\t\t\t\t\t\t<option value=\"22:30\">\n\t\t\t\t\t\t\t\t\t\t\t22:30<\/option>\n\t\t\t\t\t\t\t\t\t\t<option value=\"22:45\">\n\t\t\t\t\t\t\t\t\t\t\t22:45<\/option>\n\t\t\t\t\t\t\t\t\t\t\t\t\t\t\t\t\t\t\t\t<option value=\"23:00\">\n\t\t\t\t\t\t\t\t\t\t\t23:00<\/option>\n\t\t\t\t\t\t\t\t\t\t<option value=\"23:15\">\n\t\t\t\t\t\t\t\t\t\t\t23:15<\/option>\n\t\t\t\t\t\t\t\t\t\t<option value=\"23:30\">\n\t\t\t\t\t\t\t\t\t\t\t23:30<\/option>\n\t\t\t\t\t\t\t\t\t\t<option value=\"23:45\">\n\t\t\t\t\t\t\t\t\t\t\t23:45<\/option>\n\t\t\t\t\t\t\t\t\t\t\t\t\t\t\t\t\t\t\t<\/select>\n\t\t\t\t\t\t\t\t<\/div>\n\t\t\t\t\t\t\t<\/div>\n\t\t\t\t\t\t<\/div>\n\n\t\t\t\t\t<\/div>\n\t\t\t\t\n\n\t\t\t\t\t\t<div class=\"row\">\n                               <div class=\"col-sm-6\">\n\t\t\t\t\t\t\t\t<div class=\"form-group promo-code\">\n\t\t\t\t\t\t\t\t\t\t\t\t\t\t\t\t\t<label for=\"tipogrupo\" class=\"w-50 text-right pr-3 pt-1\">Groep<\/label>\n\t\t\t\t\t\t\t\t\t<select name=\"tipogrupo\" id=\"tipogrupo\" class=\"form-control w-50\">\n\t\t\t\t\t\t\t\t\t<option value=\"0\">Alle auto's<\/option>\n\t\t\t                        <option value=\"1\">Standard<\/option>  \n\t\t\t\t\t\t\t\t\t<option value=\"2\" >Automatics<\/option>  \n\t\t\t\t\t\t\t\t\t<option value=\"4\">Minivan<\/option>  \n\t\t\t\t\t\t\t\t\t<option value=\"5\">Cabrio & Sport<\/option>  \n\t\t\t\t\t\t\t\t\t<option value=\"6\">Prestige<\/option>  \n\t\t\t\t\t\t\t\t\t<option value=\"8\">SUV \/ Stationwagen<\/option> \n\t\t\t\t\t\t\t\t\t<option value=\"10\">Camper en Motorhome<\/option>  \t\t\t\t\t\t\t\t\n\t\t\t\t\t\t\t\t<\/select>\t\n\t\t\t\t\t\t\t\t\t\n\t\t\t\t\t\t\t<\/div>\n\t\t\t\t\t\t\t<\/div>\n\t\t\t\t\t\t<div class=\"col-sm-6 align-self-end\">\n\t\t\t\t\t\t\t<div class=\"form-group\">\n\t\t\t\t\t\t\t\t<input type=\"submit\" class=\"btn-quote\" value=\"Get Quote\" onclick=\"return msgAlert()\">\n\t\t\t\t\t\t\t<\/div>\n\t\t\t\t\t\t<\/div>\n\t\t\t\t\t<\/div>\n\t\t\t\t<\/form>\n\t\t\t\t<div class=\"row hide-mini-tablet advantages\">\n\t\t\t\t\t\t<div class=\"col-12\">\n\t\t\t\t\t\t\t<h4 class=\"text-center text-white\">De beste prijzen!<\/h4>\n\t\t\t\t\t\t\t<ul>\n\t\t\t\t\t\t\t\t<li>Groot wagenpark aan gloednieuwe wagens.<\/li>\n\t\t\t\t\t\t\t\t<li>Betalen bij aankomst.<\/li>\n\t\t\t\t\t\t\t\t<li>Wat je ziet is wat je betaalt.<\/li>\n\t\t\t\t\t\t\t\t<li>Geen creditcard nodig om te boeken.<\/li>\n\t\t\t\t\t\t\t\t<li>VIP bezorgservice gratis.<\/li>\n\t\t\t\t\t\t\t\t<li><strong class=\"redpassion-alt\">Wij rekenen geen extra kosten<\/strong> voor onze bijtank service.<\/li>\n\t\t\t\t\t\t\t<\/ul>\n\t\t\t\t\t\t<\/div>\n\t\t\t\t\t<\/div>\n\t\t\t\t<\/div>\n\t\t\t<br clear=\"all\">\n<\/p>\n","protected":false},"excerpt":{"rendered":"<p>Mei is een van de beste maanden aan de Costa del Sol. Ontdek alles wat je kunt doen in M\u00e1laga in mei, wanneer je kunt genieten van veel buitenactiviteiten.<\/p>\n","protected":false},"author":1,"featured_media":4555,"comment_status":"open","ping_status":"open","sticky":false,"template":"","format":"standard","meta":{"footnotes":""},"categories":[506],"tags":[450,307,526],"class_list":["post-4311","post","type-post","status-publish","format-standard","has-post-thumbnail","hentry","category-vrije-tijd","tag-activiteiten","tag-malaga","tag-mei"],"yoast_head":"<!-- This site is optimized with the Yoast SEO plugin v28.4 - https:\/\/yoast.com\/product\/yoast-seo-wordpress\/ -->\n<title>Dingen om te doen in M\u00e1laga in Mei 2026 - MalagaCar.com Blog<\/title>\n<meta name=\"description\" content=\"Mei is een van de beste maanden aan de Costa del Sol, ontdek alles wat u kunt doen in M\u00e1laga tijdens deze mooie lentemaand.\" \/>\n<meta name=\"robots\" content=\"index, follow, max-snippet:-1, max-image-preview:large, max-video-preview:-1\" \/>\n<link rel=\"canonical\" href=\"https:\/\/www.malagacar.com\/nl\/blog\/vrije-tijd\/dingen-om-te-doen-in-malaga-in-mei\/\" \/>\n<meta property=\"og:locale\" content=\"nl_NL\" \/>\n<meta property=\"og:type\" content=\"article\" \/>\n<meta property=\"og:title\" content=\"Dingen om te doen in M\u00e1laga in Mei 2026 - MalagaCar.com Blog\" \/>\n<meta property=\"og:description\" content=\"Mei is een van de beste maanden aan de Costa del Sol, ontdek alles wat u kunt doen in M\u00e1laga tijdens deze mooie lentemaand.\" \/>\n<meta property=\"og:url\" content=\"https:\/\/www.malagacar.com\/nl\/blog\/vrije-tijd\/dingen-om-te-doen-in-malaga-in-mei\/\" \/>\n<meta property=\"og:site_name\" content=\"MalagaCar.com Blog\" \/>\n<meta property=\"article:publisher\" content=\"https:\/\/www.facebook.com\/malagacar\" \/>\n<meta property=\"article:published_time\" content=\"2026-05-07T06:16:09+00:00\" \/>\n<meta property=\"article:modified_time\" content=\"2026-05-07T06:16:49+00:00\" \/>\n<meta property=\"og:image\" content=\"https:\/\/www.malagacar.com\/nl\/blog\/wp-content\/uploads\/2022\/04\/mai_malaga_nl.jpg\" \/>\n\t<meta property=\"og:image:width\" content=\"1000\" \/>\n\t<meta property=\"og:image:height\" content=\"896\" \/>\n\t<meta property=\"og:image:type\" content=\"image\/jpeg\" \/>\n<meta name=\"author\" content=\"MalagaCar.com\" \/>\n<meta name=\"twitter:label1\" content=\"Geschreven door\" \/>\n\t<meta name=\"twitter:data1\" content=\"MalagaCar.com\" \/>\n\t<meta name=\"twitter:label2\" content=\"Geschatte leestijd\" \/>\n\t<meta name=\"twitter:data2\" content=\"35 minuten\" \/>\n<script type=\"application\/ld+json\" class=\"yoast-schema-graph\">{\"@context\":\"https:\\\/\\\/schema.org\",\"@graph\":[{\"@type\":\"Article\",\"@id\":\"https:\\\/\\\/www.malagacar.com\\\/nl\\\/blog\\\/vrije-tijd\\\/dingen-om-te-doen-in-malaga-in-mei\\\/#article\",\"isPartOf\":{\"@id\":\"https:\\\/\\\/www.malagacar.com\\\/nl\\\/blog\\\/vrije-tijd\\\/dingen-om-te-doen-in-malaga-in-mei\\\/\"},\"author\":{\"name\":\"MalagaCar.com\",\"@id\":\"https:\\\/\\\/www.malagacar.com\\\/nl\\\/blog\\\/#\\\/schema\\\/person\\\/fbc37b93c0f5bbdaa54a0a4fc59d8b8c\"},\"headline\":\"Dingen om te doen in M\u00e1laga in Mei 2026\",\"datePublished\":\"2026-05-07T06:16:09+00:00\",\"dateModified\":\"2026-05-07T06:16:49+00:00\",\"mainEntityOfPage\":{\"@id\":\"https:\\\/\\\/www.malagacar.com\\\/nl\\\/blog\\\/vrije-tijd\\\/dingen-om-te-doen-in-malaga-in-mei\\\/\"},\"wordCount\":4676,\"commentCount\":0,\"publisher\":{\"@id\":\"https:\\\/\\\/www.malagacar.com\\\/nl\\\/blog\\\/#organization\"},\"image\":{\"@id\":\"https:\\\/\\\/www.malagacar.com\\\/nl\\\/blog\\\/vrije-tijd\\\/dingen-om-te-doen-in-malaga-in-mei\\\/#primaryimage\"},\"thumbnailUrl\":\"https:\\\/\\\/www.malagacar.com\\\/nl\\\/blog\\\/wp-content\\\/uploads\\\/2022\\\/04\\\/mai_malaga_nl.jpg\",\"keywords\":[\"Activiteiten\",\"malaga\",\"mei\"],\"articleSection\":[\"Vrije Tijd\"],\"inLanguage\":\"nl-NL\",\"potentialAction\":[{\"@type\":\"CommentAction\",\"name\":\"Comment\",\"target\":[\"https:\\\/\\\/www.malagacar.com\\\/nl\\\/blog\\\/vrije-tijd\\\/dingen-om-te-doen-in-malaga-in-mei\\\/#respond\"]}]},{\"@type\":\"WebPage\",\"@id\":\"https:\\\/\\\/www.malagacar.com\\\/nl\\\/blog\\\/vrije-tijd\\\/dingen-om-te-doen-in-malaga-in-mei\\\/\",\"url\":\"https:\\\/\\\/www.malagacar.com\\\/nl\\\/blog\\\/vrije-tijd\\\/dingen-om-te-doen-in-malaga-in-mei\\\/\",\"name\":\"Dingen om te doen in M\u00e1laga in Mei 2026 - MalagaCar.com Blog\",\"isPartOf\":{\"@id\":\"https:\\\/\\\/www.malagacar.com\\\/nl\\\/blog\\\/#website\"},\"primaryImageOfPage\":{\"@id\":\"https:\\\/\\\/www.malagacar.com\\\/nl\\\/blog\\\/vrije-tijd\\\/dingen-om-te-doen-in-malaga-in-mei\\\/#primaryimage\"},\"image\":{\"@id\":\"https:\\\/\\\/www.malagacar.com\\\/nl\\\/blog\\\/vrije-tijd\\\/dingen-om-te-doen-in-malaga-in-mei\\\/#primaryimage\"},\"thumbnailUrl\":\"https:\\\/\\\/www.malagacar.com\\\/nl\\\/blog\\\/wp-content\\\/uploads\\\/2022\\\/04\\\/mai_malaga_nl.jpg\",\"datePublished\":\"2026-05-07T06:16:09+00:00\",\"dateModified\":\"2026-05-07T06:16:49+00:00\",\"description\":\"Mei is een van de beste maanden aan de Costa del Sol, ontdek alles wat u kunt doen in M\u00e1laga tijdens deze mooie lentemaand.\",\"breadcrumb\":{\"@id\":\"https:\\\/\\\/www.malagacar.com\\\/nl\\\/blog\\\/vrije-tijd\\\/dingen-om-te-doen-in-malaga-in-mei\\\/#breadcrumb\"},\"inLanguage\":\"nl-NL\",\"potentialAction\":[{\"@type\":\"ReadAction\",\"target\":[\"https:\\\/\\\/www.malagacar.com\\\/nl\\\/blog\\\/vrije-tijd\\\/dingen-om-te-doen-in-malaga-in-mei\\\/\"]}]},{\"@type\":\"ImageObject\",\"inLanguage\":\"nl-NL\",\"@id\":\"https:\\\/\\\/www.malagacar.com\\\/nl\\\/blog\\\/vrije-tijd\\\/dingen-om-te-doen-in-malaga-in-mei\\\/#primaryimage\",\"url\":\"https:\\\/\\\/www.malagacar.com\\\/nl\\\/blog\\\/wp-content\\\/uploads\\\/2022\\\/04\\\/mai_malaga_nl.jpg\",\"contentUrl\":\"https:\\\/\\\/www.malagacar.com\\\/nl\\\/blog\\\/wp-content\\\/uploads\\\/2022\\\/04\\\/mai_malaga_nl.jpg\",\"width\":1000,\"height\":896,\"caption\":\"Wat te doen in Malaga in mei\"},{\"@type\":\"BreadcrumbList\",\"@id\":\"https:\\\/\\\/www.malagacar.com\\\/nl\\\/blog\\\/vrije-tijd\\\/dingen-om-te-doen-in-malaga-in-mei\\\/#breadcrumb\",\"itemListElement\":[{\"@type\":\"ListItem\",\"position\":1,\"name\":\"Home\",\"item\":\"https:\\\/\\\/www.malagacar.com\\\/nl\\\/blog\\\/\"},{\"@type\":\"ListItem\",\"position\":2,\"name\":\"Dingen om te doen in M\u00e1laga in Mei 2026\"}]},{\"@type\":\"WebSite\",\"@id\":\"https:\\\/\\\/www.malagacar.com\\\/nl\\\/blog\\\/#website\",\"url\":\"https:\\\/\\\/www.malagacar.com\\\/nl\\\/blog\\\/\",\"name\":\"MalagaCar.com Blog\",\"description\":\"Nieuws en feiten over auto huren op de luchthaven van Malaga.\",\"publisher\":{\"@id\":\"https:\\\/\\\/www.malagacar.com\\\/nl\\\/blog\\\/#organization\"},\"potentialAction\":[{\"@type\":\"SearchAction\",\"target\":{\"@type\":\"EntryPoint\",\"urlTemplate\":\"https:\\\/\\\/www.malagacar.com\\\/nl\\\/blog\\\/?s={search_term_string}\"},\"query-input\":{\"@type\":\"PropertyValueSpecification\",\"valueRequired\":true,\"valueName\":\"search_term_string\"}}],\"inLanguage\":\"nl-NL\"},{\"@type\":\"Organization\",\"@id\":\"https:\\\/\\\/www.malagacar.com\\\/nl\\\/blog\\\/#organization\",\"name\":\"MalagaCar.com\",\"url\":\"https:\\\/\\\/www.malagacar.com\\\/nl\\\/blog\\\/\",\"logo\":{\"@type\":\"ImageObject\",\"inLanguage\":\"nl-NL\",\"@id\":\"https:\\\/\\\/www.malagacar.com\\\/nl\\\/blog\\\/#\\\/schema\\\/logo\\\/image\\\/\",\"url\":\"https:\\\/\\\/www.malagacar.com\\\/nl\\\/blog\\\/wp-content\\\/uploads\\\/2021\\\/06\\\/logo-malagacar-social.png\",\"contentUrl\":\"https:\\\/\\\/www.malagacar.com\\\/nl\\\/blog\\\/wp-content\\\/uploads\\\/2021\\\/06\\\/logo-malagacar-social.png\",\"width\":900,\"height\":900,\"caption\":\"MalagaCar.com\"},\"image\":{\"@id\":\"https:\\\/\\\/www.malagacar.com\\\/nl\\\/blog\\\/#\\\/schema\\\/logo\\\/image\\\/\"},\"sameAs\":[\"https:\\\/\\\/www.facebook.com\\\/malagacar\",\"https:\\\/\\\/x.com\\\/malagacarcom\",\"https:\\\/\\\/www.instagram.com\\\/malagacar\\\/\",\"https:\\\/\\\/www.linkedin.com\\\/company\\\/malagacar.com\",\"https:\\\/\\\/www.youtube.com\\\/c\\\/MalagacarAirport\"]},{\"@type\":\"Person\",\"@id\":\"https:\\\/\\\/www.malagacar.com\\\/nl\\\/blog\\\/#\\\/schema\\\/person\\\/fbc37b93c0f5bbdaa54a0a4fc59d8b8c\",\"name\":\"MalagaCar.com\",\"image\":{\"@type\":\"ImageObject\",\"inLanguage\":\"nl-NL\",\"@id\":\"https:\\\/\\\/secure.gravatar.com\\\/avatar\\\/296ebc31026e7be05868369e4c596b3239b1582b2fcf8a45de57333e2e82bb82?s=96&d=mm&r=g\",\"url\":\"https:\\\/\\\/secure.gravatar.com\\\/avatar\\\/296ebc31026e7be05868369e4c596b3239b1582b2fcf8a45de57333e2e82bb82?s=96&d=mm&r=g\",\"contentUrl\":\"https:\\\/\\\/secure.gravatar.com\\\/avatar\\\/296ebc31026e7be05868369e4c596b3239b1582b2fcf8a45de57333e2e82bb82?s=96&d=mm&r=g\",\"caption\":\"MalagaCar.com\"},\"sameAs\":[\"https:\\\/\\\/www.malagacar.com\\\/nl\\\/\"]}]}<\/script>\n<!-- \/ Yoast SEO plugin. -->","yoast_head_json":{"title":"Dingen om te doen in M\u00e1laga in Mei 2026 - MalagaCar.com Blog","description":"Mei is een van de beste maanden aan de Costa del Sol, ontdek alles wat u kunt doen in M\u00e1laga tijdens deze mooie lentemaand.","robots":{"index":"index","follow":"follow","max-snippet":"max-snippet:-1","max-image-preview":"max-image-preview:large","max-video-preview":"max-video-preview:-1"},"canonical":"https:\/\/www.malagacar.com\/nl\/blog\/vrije-tijd\/dingen-om-te-doen-in-malaga-in-mei\/","og_locale":"nl_NL","og_type":"article","og_title":"Dingen om te doen in M\u00e1laga in Mei 2026 - MalagaCar.com Blog","og_description":"Mei is een van de beste maanden aan de Costa del Sol, ontdek alles wat u kunt doen in M\u00e1laga tijdens deze mooie lentemaand.","og_url":"https:\/\/www.malagacar.com\/nl\/blog\/vrije-tijd\/dingen-om-te-doen-in-malaga-in-mei\/","og_site_name":"MalagaCar.com Blog","article_publisher":"https:\/\/www.facebook.com\/malagacar","article_published_time":"2026-05-07T06:16:09+00:00","article_modified_time":"2026-05-07T06:16:49+00:00","og_image":[{"width":1000,"height":896,"url":"https:\/\/www.malagacar.com\/nl\/blog\/wp-content\/uploads\/2022\/04\/mai_malaga_nl.jpg","type":"image\/jpeg"}],"author":"MalagaCar.com","twitter_misc":{"Geschreven door":"MalagaCar.com","Geschatte leestijd":"35 minuten"},"schema":{"@context":"https:\/\/schema.org","@graph":[{"@type":"Article","@id":"https:\/\/www.malagacar.com\/nl\/blog\/vrije-tijd\/dingen-om-te-doen-in-malaga-in-mei\/#article","isPartOf":{"@id":"https:\/\/www.malagacar.com\/nl\/blog\/vrije-tijd\/dingen-om-te-doen-in-malaga-in-mei\/"},"author":{"name":"MalagaCar.com","@id":"https:\/\/www.malagacar.com\/nl\/blog\/#\/schema\/person\/fbc37b93c0f5bbdaa54a0a4fc59d8b8c"},"headline":"Dingen om te doen in M\u00e1laga in Mei 2026","datePublished":"2026-05-07T06:16:09+00:00","dateModified":"2026-05-07T06:16:49+00:00","mainEntityOfPage":{"@id":"https:\/\/www.malagacar.com\/nl\/blog\/vrije-tijd\/dingen-om-te-doen-in-malaga-in-mei\/"},"wordCount":4676,"commentCount":0,"publisher":{"@id":"https:\/\/www.malagacar.com\/nl\/blog\/#organization"},"image":{"@id":"https:\/\/www.malagacar.com\/nl\/blog\/vrije-tijd\/dingen-om-te-doen-in-malaga-in-mei\/#primaryimage"},"thumbnailUrl":"https:\/\/www.malagacar.com\/nl\/blog\/wp-content\/uploads\/2022\/04\/mai_malaga_nl.jpg","keywords":["Activiteiten","malaga","mei"],"articleSection":["Vrije Tijd"],"inLanguage":"nl-NL","potentialAction":[{"@type":"CommentAction","name":"Comment","target":["https:\/\/www.malagacar.com\/nl\/blog\/vrije-tijd\/dingen-om-te-doen-in-malaga-in-mei\/#respond"]}]},{"@type":"WebPage","@id":"https:\/\/www.malagacar.com\/nl\/blog\/vrije-tijd\/dingen-om-te-doen-in-malaga-in-mei\/","url":"https:\/\/www.malagacar.com\/nl\/blog\/vrije-tijd\/dingen-om-te-doen-in-malaga-in-mei\/","name":"Dingen om te doen in M\u00e1laga in Mei 2026 - MalagaCar.com Blog","isPartOf":{"@id":"https:\/\/www.malagacar.com\/nl\/blog\/#website"},"primaryImageOfPage":{"@id":"https:\/\/www.malagacar.com\/nl\/blog\/vrije-tijd\/dingen-om-te-doen-in-malaga-in-mei\/#primaryimage"},"image":{"@id":"https:\/\/www.malagacar.com\/nl\/blog\/vrije-tijd\/dingen-om-te-doen-in-malaga-in-mei\/#primaryimage"},"thumbnailUrl":"https:\/\/www.malagacar.com\/nl\/blog\/wp-content\/uploads\/2022\/04\/mai_malaga_nl.jpg","datePublished":"2026-05-07T06:16:09+00:00","dateModified":"2026-05-07T06:16:49+00:00","description":"Mei is een van de beste maanden aan de Costa del Sol, ontdek alles wat u kunt doen in M\u00e1laga tijdens deze mooie lentemaand.","breadcrumb":{"@id":"https:\/\/www.malagacar.com\/nl\/blog\/vrije-tijd\/dingen-om-te-doen-in-malaga-in-mei\/#breadcrumb"},"inLanguage":"nl-NL","potentialAction":[{"@type":"ReadAction","target":["https:\/\/www.malagacar.com\/nl\/blog\/vrije-tijd\/dingen-om-te-doen-in-malaga-in-mei\/"]}]},{"@type":"ImageObject","inLanguage":"nl-NL","@id":"https:\/\/www.malagacar.com\/nl\/blog\/vrije-tijd\/dingen-om-te-doen-in-malaga-in-mei\/#primaryimage","url":"https:\/\/www.malagacar.com\/nl\/blog\/wp-content\/uploads\/2022\/04\/mai_malaga_nl.jpg","contentUrl":"https:\/\/www.malagacar.com\/nl\/blog\/wp-content\/uploads\/2022\/04\/mai_malaga_nl.jpg","width":1000,"height":896,"caption":"Wat te doen in Malaga in mei"},{"@type":"BreadcrumbList","@id":"https:\/\/www.malagacar.com\/nl\/blog\/vrije-tijd\/dingen-om-te-doen-in-malaga-in-mei\/#breadcrumb","itemListElement":[{"@type":"ListItem","position":1,"name":"Home","item":"https:\/\/www.malagacar.com\/nl\/blog\/"},{"@type":"ListItem","position":2,"name":"Dingen om te doen in M\u00e1laga in Mei 2026"}]},{"@type":"WebSite","@id":"https:\/\/www.malagacar.com\/nl\/blog\/#website","url":"https:\/\/www.malagacar.com\/nl\/blog\/","name":"MalagaCar.com Blog","description":"Nieuws en feiten over auto huren op de luchthaven van Malaga.","publisher":{"@id":"https:\/\/www.malagacar.com\/nl\/blog\/#organization"},"potentialAction":[{"@type":"SearchAction","target":{"@type":"EntryPoint","urlTemplate":"https:\/\/www.malagacar.com\/nl\/blog\/?s={search_term_string}"},"query-input":{"@type":"PropertyValueSpecification","valueRequired":true,"valueName":"search_term_string"}}],"inLanguage":"nl-NL"},{"@type":"Organization","@id":"https:\/\/www.malagacar.com\/nl\/blog\/#organization","name":"MalagaCar.com","url":"https:\/\/www.malagacar.com\/nl\/blog\/","logo":{"@type":"ImageObject","inLanguage":"nl-NL","@id":"https:\/\/www.malagacar.com\/nl\/blog\/#\/schema\/logo\/image\/","url":"https:\/\/www.malagacar.com\/nl\/blog\/wp-content\/uploads\/2021\/06\/logo-malagacar-social.png","contentUrl":"https:\/\/www.malagacar.com\/nl\/blog\/wp-content\/uploads\/2021\/06\/logo-malagacar-social.png","width":900,"height":900,"caption":"MalagaCar.com"},"image":{"@id":"https:\/\/www.malagacar.com\/nl\/blog\/#\/schema\/logo\/image\/"},"sameAs":["https:\/\/www.facebook.com\/malagacar","https:\/\/x.com\/malagacarcom","https:\/\/www.instagram.com\/malagacar\/","https:\/\/www.linkedin.com\/company\/malagacar.com","https:\/\/www.youtube.com\/c\/MalagacarAirport"]},{"@type":"Person","@id":"https:\/\/www.malagacar.com\/nl\/blog\/#\/schema\/person\/fbc37b93c0f5bbdaa54a0a4fc59d8b8c","name":"MalagaCar.com","image":{"@type":"ImageObject","inLanguage":"nl-NL","@id":"https:\/\/secure.gravatar.com\/avatar\/296ebc31026e7be05868369e4c596b3239b1582b2fcf8a45de57333e2e82bb82?s=96&d=mm&r=g","url":"https:\/\/secure.gravatar.com\/avatar\/296ebc31026e7be05868369e4c596b3239b1582b2fcf8a45de57333e2e82bb82?s=96&d=mm&r=g","contentUrl":"https:\/\/secure.gravatar.com\/avatar\/296ebc31026e7be05868369e4c596b3239b1582b2fcf8a45de57333e2e82bb82?s=96&d=mm&r=g","caption":"MalagaCar.com"},"sameAs":["https:\/\/www.malagacar.com\/nl\/"]}]}},"_links":{"self":[{"href":"https:\/\/www.malagacar.com\/nl\/blog\/wp-json\/wp\/v2\/posts\/4311","targetHints":{"allow":["GET"]}}],"collection":[{"href":"https:\/\/www.malagacar.com\/nl\/blog\/wp-json\/wp\/v2\/posts"}],"about":[{"href":"https:\/\/www.malagacar.com\/nl\/blog\/wp-json\/wp\/v2\/types\/post"}],"author":[{"embeddable":true,"href":"https:\/\/www.malagacar.com\/nl\/blog\/wp-json\/wp\/v2\/users\/1"}],"replies":[{"embeddable":true,"href":"https:\/\/www.malagacar.com\/nl\/blog\/wp-json\/wp\/v2\/comments?post=4311"}],"version-history":[{"count":61,"href":"https:\/\/www.malagacar.com\/nl\/blog\/wp-json\/wp\/v2\/posts\/4311\/revisions"}],"predecessor-version":[{"id":7331,"href":"https:\/\/www.malagacar.com\/nl\/blog\/wp-json\/wp\/v2\/posts\/4311\/revisions\/7331"}],"wp:featuredmedia":[{"embeddable":true,"href":"https:\/\/www.malagacar.com\/nl\/blog\/wp-json\/wp\/v2\/media\/4555"}],"wp:attachment":[{"href":"https:\/\/www.malagacar.com\/nl\/blog\/wp-json\/wp\/v2\/media?parent=4311"}],"wp:term":[{"taxonomy":"category","embeddable":true,"href":"https:\/\/www.malagacar.com\/nl\/blog\/wp-json\/wp\/v2\/categories?post=4311"},{"taxonomy":"post_tag","embeddable":true,"href":"https:\/\/www.malagacar.com\/nl\/blog\/wp-json\/wp\/v2\/tags?post=4311"}],"curies":[{"name":"wp","href":"https:\/\/api.w.org\/{rel}","templated":true}]}}