{"id":4448,"date":"2026-08-25T07:39:28","date_gmt":"2026-08-25T05:39:28","guid":{"rendered":"https:\/\/www.malagacar.com\/nl\/blog\/?p=4448"},"modified":"2026-08-25T07:39:30","modified_gmt":"2026-08-25T05:39:30","slug":"dingen-om-te-doen-in-malaga-in-september","status":"publish","type":"post","link":"https:\/\/www.malagacar.com\/nl\/blog\/vrije-tijd\/dingen-om-te-doen-in-malaga-in-september\/","title":{"rendered":"Dingen om te doen in M\u00e1laga in September 2026"},"content":{"rendered":"<p>De verstikkende hitte van augustus neemt langzaam af en de favoriete maand van veel van onze klanten komt eraan, september. Meer betaalbare prijzen, minder verkeer en koelere nachten zijn slechts enkele van de voordelen van reizen naar de Costa del Sol tijdens deze maand. Ontdek wat te doen in M\u00e1laga in September!<br \/>\n<!--more--><br \/>\n\n            <div class=\"banner\">\n                <div class=\"row\">\n                    <div class=\"col-sm-4\">\n                        <a href=\"\/nl\/autoverhuur\/quote.php\" data-wpel-link=\"internal\"><img decoding=\"async\" src=\"\/images\/banner-img.jpg\" alt=\"malagacar.com\"><\/a>\n                    <\/div>\n                    <div class=\"col-sm-8\">\n                      <a href=\"\/nl\/autoverhuur\/quote.php\" class=\"banner-title\" data-wpel-link=\"internal\">Goede autoverhuur <span>op Malaga Airport<\/span><\/a>   \n                        <div class=\"row\">\n                            <div class=\"col-sm-7\">\n                                <ul>\n                                    <li>Geen tankkosten<\/li>\n                                    <li>Gratis annuleringn<\/li>\n                                    <li>Huren zonder tussenpersonen<\/li>\n                                    <li>Betaal wanneer u de auto ophaalt<\/li>\n                                    <li><\/li>\n                                <\/ul>\n                            <\/div>\n                            <div class=\"col-sm-5\">\n                                <a class=\"btn-banner\" href=\"\/nl\/autoverhuur\/quote.php\" data-wpel-link=\"internal\">Bekijk prijzen<\/a>\n                                <img decoding=\"async\" class=\"zonturent\" src=\"\/images\/zontu-banner.png\" alt=\"\">\n                            <\/div>\n                        <\/div>\n                    <\/div>\n                 <\/div>  \n            <\/div>\n            <\/p>\n<div id=\"ez-toc-container\" class=\"ez-toc-v2_0_87 counter-hierarchy ez-toc-counter ez-toc-light-blue ez-toc-container-direction\">\n<p class=\"ez-toc-title\" style=\"cursor:inherit\">Inhoudsopgave<\/p>\n<label for=\"ez-toc-cssicon-toggle-item-6a9a2d1a9fca8\" class=\"ez-toc-cssicon-toggle-label\"><span class=\"\"><span class=\"eztoc-hide\" style=\"display:none;\">Toggle<\/span><span class=\"ez-toc-icon-toggle-span\"><svg style=\"fill: #999;color:#999\" xmlns=\"http:\/\/www.w3.org\/2000\/svg\" class=\"list-377408\" width=\"20px\" height=\"20px\" viewBox=\"0 0 24 24\" fill=\"none\"><path d=\"M6 6H4v2h2V6zm14 0H8v2h12V6zM4 11h2v2H4v-2zm16 0H8v2h12v-2zM4 16h2v2H4v-2zm16 0H8v2h12v-2z\" fill=\"currentColor\"><\/path><\/svg><svg style=\"fill: #999;color:#999\" class=\"arrow-unsorted-368013\" xmlns=\"http:\/\/www.w3.org\/2000\/svg\" width=\"10px\" height=\"10px\" viewBox=\"0 0 24 24\" version=\"1.2\" baseProfile=\"tiny\"><path d=\"M18.2 9.3l-6.2-6.3-6.2 6.3c-.2.2-.3.4-.3.7s.1.5.3.7c.2.2.4.3.7.3h11c.3 0 .5-.1.7-.3.2-.2.3-.5.3-.7s-.1-.5-.3-.7zM5.8 14.7l6.2 6.3 6.2-6.3c.2-.2.3-.5.3-.7s-.1-.5-.3-.7c-.2-.2-.4-.3-.7-.3h-11c-.3 0-.5.1-.7.3-.2.2-.3.5-.3.7s.1.5.3.7z\"\/><\/svg><\/span><\/span><\/label><input type=\"checkbox\"  id=\"ez-toc-cssicon-toggle-item-6a9a2d1a9fca8\"  aria-label=\"Toggle\" \/><nav><ul class='ez-toc-list ez-toc-list-level-1 ' ><li class='ez-toc-page-1 ez-toc-heading-level-2'><a class=\"ez-toc-link ez-toc-heading-1\" href=\"https:\/\/www.malagacar.com\/nl\/blog\/vrije-tijd\/dingen-om-te-doen-in-malaga-in-september\/#Malaga_in_September_2026\" data-wpel-link=\"internal\">M\u00e1laga in September 2026<\/a><ul class='ez-toc-list-level-3' ><li class='ez-toc-heading-level-3'><a class=\"ez-toc-link ez-toc-heading-2\" href=\"https:\/\/www.malagacar.com\/nl\/blog\/vrije-tijd\/dingen-om-te-doen-in-malaga-in-september\/#Festival_Luna_Mora_%E2%80%93_Guaro\" data-wpel-link=\"internal\">Festival Luna Mora &#8211; Guaro<\/a><\/li><li class='ez-toc-page-1 ez-toc-heading-level-3'><a class=\"ez-toc-link ez-toc-heading-3\" href=\"https:\/\/www.malagacar.com\/nl\/blog\/vrije-tijd\/dingen-om-te-doen-in-malaga-in-september\/#Kermis_%E2%80%93_Maro\" data-wpel-link=\"internal\">Kermis &#8211; Maro<\/a><\/li><li class='ez-toc-page-1 ez-toc-heading-level-3'><a class=\"ez-toc-link ez-toc-heading-4\" href=\"https:\/\/www.malagacar.com\/nl\/blog\/vrije-tijd\/dingen-om-te-doen-in-malaga-in-september\/#Modeweek_%E2%80%93_Malaga\" data-wpel-link=\"internal\">Modeweek\u00a0&#8211; M\u00e1laga<\/a><\/li><li class='ez-toc-page-1 ez-toc-heading-level-3'><a class=\"ez-toc-link ez-toc-heading-5\" href=\"https:\/\/www.malagacar.com\/nl\/blog\/vrije-tijd\/dingen-om-te-doen-in-malaga-in-september\/#Toeristendag_%E2%80%93_Mijas\" data-wpel-link=\"internal\">Toeristendag \u2013 Mijas<\/a><\/li><li class='ez-toc-page-1 ez-toc-heading-level-3'><a class=\"ez-toc-link ez-toc-heading-6\" href=\"https:\/\/www.malagacar.com\/nl\/blog\/vrije-tijd\/dingen-om-te-doen-in-malaga-in-september\/#Oktoberfest_%E2%80%93_Torrox\" data-wpel-link=\"internal\">Oktoberfest \u2013 Torrox<\/a><\/li><li class='ez-toc-page-1 ez-toc-heading-level-3'><a class=\"ez-toc-link ez-toc-heading-7\" href=\"https:\/\/www.malagacar.com\/nl\/blog\/vrije-tijd\/dingen-om-te-doen-in-malaga-in-september\/#World_Wellness_Weekend_%E2%80%93_Marbella\" data-wpel-link=\"internal\">World Wellness Weekend \u2013 Marbella<\/a><\/li><li class='ez-toc-page-1 ez-toc-heading-level-3'><a class=\"ez-toc-link ez-toc-heading-8\" href=\"https:\/\/www.malagacar.com\/nl\/blog\/vrije-tijd\/dingen-om-te-doen-in-malaga-in-september\/#Tributeconcert_Abba_%E2%80%93_Estepona\" data-wpel-link=\"internal\">Tributeconcert Abba &#8211; Estepona<\/a><\/li><li class='ez-toc-page-1 ez-toc-heading-level-3'><a class=\"ez-toc-link ez-toc-heading-9\" href=\"https:\/\/www.malagacar.com\/nl\/blog\/vrije-tijd\/dingen-om-te-doen-in-malaga-in-september\/#Andalusische_betovering_%E2%80%93_Carratraca\" data-wpel-link=\"internal\">Andalusische betovering &#8211; Carratraca<\/a><\/li><li class='ez-toc-page-1 ez-toc-heading-level-3'><a class=\"ez-toc-link ez-toc-heading-10\" href=\"https:\/\/www.malagacar.com\/nl\/blog\/vrije-tijd\/dingen-om-te-doen-in-malaga-in-september\/#Maanlicht_%E2%80%93_Antequera\" data-wpel-link=\"internal\">Maanlicht &#8211; Antequera<\/a><\/li><li class='ez-toc-page-1 ez-toc-heading-level-3'><a class=\"ez-toc-link ez-toc-heading-11\" href=\"https:\/\/www.malagacar.com\/nl\/blog\/vrije-tijd\/dingen-om-te-doen-in-malaga-in-september\/#Survival_Zombie_%E2%80%93_Malaga\" data-wpel-link=\"internal\">Survival Zombie \u2013 M\u00e1laga<\/a><\/li><li class='ez-toc-page-1 ez-toc-heading-level-3'><a class=\"ez-toc-link ez-toc-heading-12\" href=\"https:\/\/www.malagacar.com\/nl\/blog\/vrije-tijd\/dingen-om-te-doen-in-malaga-in-september\/#Airshow_%E2%80%93_Torre_del_Mar\" data-wpel-link=\"internal\">Airshow &#8211; Torre del Mar<\/a><\/li><li class='ez-toc-page-1 ez-toc-heading-level-3'><a class=\"ez-toc-link ez-toc-heading-13\" href=\"https:\/\/www.malagacar.com\/nl\/blog\/vrije-tijd\/dingen-om-te-doen-in-malaga-in-september\/#Modeweek_%E2%80%93_Estepona\" data-wpel-link=\"internal\">Modeweek &#8211; Estepona<\/a><\/li><li class='ez-toc-page-1 ez-toc-heading-level-3'><a class=\"ez-toc-link ez-toc-heading-14\" href=\"https:\/\/www.malagacar.com\/nl\/blog\/vrije-tijd\/dingen-om-te-doen-in-malaga-in-september\/#Candelight_Concerten_%E2%80%93_Malaga\" data-wpel-link=\"internal\">Candelight Concerten &#8211; M\u00e1laga<\/a><\/li><li class='ez-toc-page-1 ez-toc-heading-level-3'><a class=\"ez-toc-link ez-toc-heading-15\" href=\"https:\/\/www.malagacar.com\/nl\/blog\/vrije-tijd\/dingen-om-te-doen-in-malaga-in-september\/#Candelight_Concerten_%E2%80%93_Marbella\" data-wpel-link=\"internal\">Candelight Concerten &#8211; Marbella<\/a><\/li><li class='ez-toc-page-1 ez-toc-heading-level-3'><a class=\"ez-toc-link ez-toc-heading-16\" href=\"https:\/\/www.malagacar.com\/nl\/blog\/vrije-tijd\/dingen-om-te-doen-in-malaga-in-september\/#Bedevaart_naar_San_Miguel_%E2%80%93_Torremolinos\" data-wpel-link=\"internal\">Bedevaart naar San Miguel &#8211; Torremolinos<\/a><\/li><li class='ez-toc-page-1 ez-toc-heading-level-3'><a class=\"ez-toc-link ez-toc-heading-17\" href=\"https:\/\/www.malagacar.com\/nl\/blog\/vrije-tijd\/dingen-om-te-doen-in-malaga-in-september\/#San_Miguel_Kermis_%E2%80%93_Torremolinos\" data-wpel-link=\"internal\">San Miguel Kermis &#8211; Torremolinos<\/a><\/li><li class='ez-toc-page-1 ez-toc-heading-level-3'><a class=\"ez-toc-link ez-toc-heading-18\" href=\"https:\/\/www.malagacar.com\/nl\/blog\/vrije-tijd\/dingen-om-te-doen-in-malaga-in-september\/#Kermis_%E2%80%93_Mijas_Pueblo\" data-wpel-link=\"internal\">Kermis &#8211; Mijas Pueblo<\/a><\/li><li class='ez-toc-page-1 ez-toc-heading-level-3'><a class=\"ez-toc-link ez-toc-heading-19\" href=\"https:\/\/www.malagacar.com\/nl\/blog\/vrije-tijd\/dingen-om-te-doen-in-malaga-in-september\/#Wereld_Toerisme_Dag_%E2%80%93_Malaga\" data-wpel-link=\"internal\">Wereld Toerisme Dag &#8211; M\u00e1laga<\/a><\/li><li class='ez-toc-page-1 ez-toc-heading-level-3'><a class=\"ez-toc-link ez-toc-heading-20\" href=\"https:\/\/www.malagacar.com\/nl\/blog\/vrije-tijd\/dingen-om-te-doen-in-malaga-in-september\/#Halve_Marathon_%E2%80%93_Marbella\" data-wpel-link=\"internal\">Halve Marathon &#8211; Marbella<\/a><\/li><li class='ez-toc-page-1 ez-toc-heading-level-3'><a class=\"ez-toc-link ez-toc-heading-21\" href=\"https:\/\/www.malagacar.com\/nl\/blog\/vrije-tijd\/dingen-om-te-doen-in-malaga-in-september\/#Gouden_Eeuw_Filmklassiekers_%E2%80%93_Malaga\" data-wpel-link=\"internal\">Gouden Eeuw Filmklassiekers &#8211; M\u00e1laga<\/a><\/li><li class='ez-toc-page-1 ez-toc-heading-level-3'><a class=\"ez-toc-link ez-toc-heading-22\" href=\"https:\/\/www.malagacar.com\/nl\/blog\/vrije-tijd\/dingen-om-te-doen-in-malaga-in-september\/#Volle_maan_in_Hydros_Spa_%E2%80%93_Benalmadena\" data-wpel-link=\"internal\">Volle maan in Hydros Spa &#8211; Benalm\u00e1dena<\/a><\/li><li class='ez-toc-page-1 ez-toc-heading-level-3'><a class=\"ez-toc-link ez-toc-heading-23\" href=\"https:\/\/www.malagacar.com\/nl\/blog\/vrije-tijd\/dingen-om-te-doen-in-malaga-in-september\/#Avondexcursie_naar_het_Alhambra_%E2%80%93_Granada\" data-wpel-link=\"internal\">Avondexcursie naar het Alhambra &#8211; Granada<\/a><\/li><li class='ez-toc-page-1 ez-toc-heading-level-3'><a class=\"ez-toc-link ez-toc-heading-24\" href=\"https:\/\/www.malagacar.com\/nl\/blog\/vrije-tijd\/dingen-om-te-doen-in-malaga-in-september\/#Culturele_route_bij_zonsondergang_%E2%80%93_Casares\" data-wpel-link=\"internal\">Culturele route bij zonsondergang &#8211; Casares<\/a><\/li><li class='ez-toc-page-1 ez-toc-heading-level-3'><a class=\"ez-toc-link ez-toc-heading-25\" href=\"https:\/\/www.malagacar.com\/nl\/blog\/vrije-tijd\/dingen-om-te-doen-in-malaga-in-september\/#Afternoon_Tea_in_Hotel_El_Fuerte_%E2%80%93_Marbella\" data-wpel-link=\"internal\">Afternoon Tea in Hotel El Fuerte \u2013 Marbella<\/a><\/li><li class='ez-toc-page-1 ez-toc-heading-level-3'><a class=\"ez-toc-link ez-toc-heading-26\" href=\"https:\/\/www.malagacar.com\/nl\/blog\/vrije-tijd\/dingen-om-te-doen-in-malaga-in-september\/#Wijn_zaterdagen_in_het_museum_%E2%80%93_Malaga\" data-wpel-link=\"internal\">Wijn zaterdagen in het museum &#8211; M\u00e1laga<\/a><\/li><li class='ez-toc-page-1 ez-toc-heading-level-3'><a class=\"ez-toc-link ez-toc-heading-27\" href=\"https:\/\/www.malagacar.com\/nl\/blog\/vrije-tijd\/dingen-om-te-doen-in-malaga-in-september\/#Nachtelijk_bezoek_aan_de_Engelse_begraafplaats_%E2%80%93_Malaga\" data-wpel-link=\"internal\">Nachtelijk bezoek aan de Engelse begraafplaats &#8211; M\u00e1laga<\/a><\/li><li class='ez-toc-page-1 ez-toc-heading-level-3'><a class=\"ez-toc-link ez-toc-heading-28\" href=\"https:\/\/www.malagacar.com\/nl\/blog\/vrije-tijd\/dingen-om-te-doen-in-malaga-in-september\/#Theatrale_rondleiding_door_de_schatgrot_%E2%80%93_Rincon_de_la_Victoria\" data-wpel-link=\"internal\">Theatrale rondleiding door de schatgrot &#8211; Rinc\u00f3n de la Victoria<\/a><\/li><li class='ez-toc-page-1 ez-toc-heading-level-3'><a class=\"ez-toc-link ez-toc-heading-29\" href=\"https:\/\/www.malagacar.com\/nl\/blog\/vrije-tijd\/dingen-om-te-doen-in-malaga-in-september\/#Ambachtelijk_bier_proeven_%E2%80%93_Malaga\" data-wpel-link=\"internal\">Ambachtelijk bier proeven &#8211; M\u00e1laga<\/a><\/li><li class='ez-toc-page-1 ez-toc-heading-level-3'><a class=\"ez-toc-link ez-toc-heading-30\" href=\"https:\/\/www.malagacar.com\/nl\/blog\/vrije-tijd\/dingen-om-te-doen-in-malaga-in-september\/#Ammonieten_route_%E2%80%93_Torcal_de_Antequera\" data-wpel-link=\"internal\">Ammonieten route &#8211; Torcal de Antequera<\/a><\/li><\/ul><\/li><li class='ez-toc-page-1 ez-toc-heading-level-2'><a class=\"ez-toc-link ez-toc-heading-31\" href=\"https:\/\/www.malagacar.com\/nl\/blog\/vrije-tijd\/dingen-om-te-doen-in-malaga-in-september\/#Straatmarkten_in_Malaga_in_September\" data-wpel-link=\"internal\">Straatmarkten in M\u00e1laga in September<\/a><ul class='ez-toc-list-level-3' ><li class='ez-toc-heading-level-3'><a class=\"ez-toc-link ez-toc-heading-32\" href=\"https:\/\/www.malagacar.com\/nl\/blog\/vrije-tijd\/dingen-om-te-doen-in-malaga-in-september\/#Ambachtsmarkt_La_Merced_%E2%80%93_Malaga\" data-wpel-link=\"internal\">Ambachtsmarkt La Merced &#8211; M\u00e1laga<\/a><\/li><li class='ez-toc-page-1 ez-toc-heading-level-3'><a class=\"ez-toc-link ez-toc-heading-33\" href=\"https:\/\/www.malagacar.com\/nl\/blog\/vrije-tijd\/dingen-om-te-doen-in-malaga-in-september\/#Stedelijke_markt_Soho_%E2%80%93_Malaga\" data-wpel-link=\"internal\">Stedelijke markt Soho &#8211; M\u00e1laga<\/a><\/li><li class='ez-toc-page-1 ez-toc-heading-level-3'><a class=\"ez-toc-link ez-toc-heading-34\" href=\"https:\/\/www.malagacar.com\/nl\/blog\/vrije-tijd\/dingen-om-te-doen-in-malaga-in-september\/#De_Engelse_Megraafplaats_Markt_%E2%80%93_Malaga\" data-wpel-link=\"internal\">De Engelse Megraafplaats Markt \u2013 M\u00e1laga<\/a><\/li><li class='ez-toc-page-1 ez-toc-heading-level-3'><a class=\"ez-toc-link ez-toc-heading-35\" href=\"https:\/\/www.malagacar.com\/nl\/blog\/vrije-tijd\/dingen-om-te-doen-in-malaga-in-september\/#Straatmarkt_%E2%80%93_Puerto_Banus_Marbella\" data-wpel-link=\"internal\">Straatmarkt &#8211; Puerto Ban\u00fas (Marbella)<\/a><\/li><li class='ez-toc-page-1 ez-toc-heading-level-3'><a class=\"ez-toc-link ez-toc-heading-36\" href=\"https:\/\/www.malagacar.com\/nl\/blog\/vrije-tijd\/dingen-om-te-doen-in-malaga-in-september\/#Ambachtsmarkt_in_Cartama\" data-wpel-link=\"internal\">Ambachtsmarkt in C\u00e1rtama<\/a><\/li><li class='ez-toc-page-1 ez-toc-heading-level-3'><a class=\"ez-toc-link ez-toc-heading-37\" href=\"https:\/\/www.malagacar.com\/nl\/blog\/vrije-tijd\/dingen-om-te-doen-in-malaga-in-september\/#Maandelijkse_markt_%E2%80%93_Corumbela_Axarquia\" data-wpel-link=\"internal\">Maandelijkse markt \u2013 Corumbela, Axarqu\u00eda<\/a><\/li><li class='ez-toc-page-1 ez-toc-heading-level-3'><a class=\"ez-toc-link ez-toc-heading-38\" href=\"https:\/\/www.malagacar.com\/nl\/blog\/vrije-tijd\/dingen-om-te-doen-in-malaga-in-september\/#Ambachtsmarkt_%E2%80%93_Torrox_Pueblo\" data-wpel-link=\"internal\">Ambachtsmarkt \u2013 Torrox Pueblo<\/a><\/li><li class='ez-toc-page-1 ez-toc-heading-level-3'><a class=\"ez-toc-link ez-toc-heading-39\" href=\"https:\/\/www.malagacar.com\/nl\/blog\/vrije-tijd\/dingen-om-te-doen-in-malaga-in-september\/#Vlooienmarkten_en_straatmarkten_in_de_provincie\" data-wpel-link=\"internal\">Vlooienmarkten en straatmarkten in de provincie<\/a><\/li><\/ul><\/li><li class='ez-toc-page-1 ez-toc-heading-level-2'><a class=\"ez-toc-link ez-toc-heading-40\" href=\"https:\/\/www.malagacar.com\/nl\/blog\/vrije-tijd\/dingen-om-te-doen-in-malaga-in-september\/#Bezoek_de_Musea_van_Malaga\" data-wpel-link=\"internal\">Bezoek de Musea van M\u00e1laga<\/a><ul class='ez-toc-list-level-3' ><li class='ez-toc-heading-level-3'><a class=\"ez-toc-link ez-toc-heading-41\" href=\"https:\/\/www.malagacar.com\/nl\/blog\/vrije-tijd\/dingen-om-te-doen-in-malaga-in-september\/#Rondleiding_door_het_wijnmuseum_%E2%80%93_Malaga\" data-wpel-link=\"internal\">Rondleiding door het wijnmuseum &#8211; M\u00e1laga<\/a><\/li><li class='ez-toc-page-1 ez-toc-heading-level-3'><a class=\"ez-toc-link ez-toc-heading-42\" href=\"https:\/\/www.malagacar.com\/nl\/blog\/vrije-tijd\/dingen-om-te-doen-in-malaga-in-september\/#Rondleidingen_in_de_historische_botanische_tuin_La_Concepcion\" data-wpel-link=\"internal\">Rondleidingen in de historische botanische tuin La Concepci\u00f3n<\/a><\/li><li class='ez-toc-page-1 ez-toc-heading-level-3'><a class=\"ez-toc-link ez-toc-heading-43\" href=\"https:\/\/www.malagacar.com\/nl\/blog\/vrije-tijd\/dingen-om-te-doen-in-malaga-in-september\/#Bezoek_aan_de_Victoria_brouwerij_%E2%80%93_Malaga\" data-wpel-link=\"internal\">Bezoek aan de Victoria brouwerij &#8211; M\u00e1laga<\/a><\/li><li class='ez-toc-page-1 ez-toc-heading-level-3'><a class=\"ez-toc-link ez-toc-heading-44\" href=\"https:\/\/www.malagacar.com\/nl\/blog\/vrije-tijd\/dingen-om-te-doen-in-malaga-in-september\/#Gedramatiseerde_nachtelijke_rondleidingen_Automobielmuseum_%E2%80%93_Malaga\" data-wpel-link=\"internal\">Gedramatiseerde nachtelijke rondleidingen Automobielmuseum &#8211; M\u00e1laga<\/a><\/li><\/ul><\/li><li class='ez-toc-page-1 ez-toc-heading-level-2'><a class=\"ez-toc-link ez-toc-heading-45\" href=\"https:\/\/www.malagacar.com\/nl\/blog\/vrije-tijd\/dingen-om-te-doen-in-malaga-in-september\/#Gastronomische_festivals_in_Malaga_in_September\" data-wpel-link=\"internal\">Gastronomische festivals in M\u00e1laga in September<\/a><ul class='ez-toc-list-level-3' ><li class='ez-toc-heading-level-3'><a class=\"ez-toc-link ez-toc-heading-46\" href=\"https:\/\/www.malagacar.com\/nl\/blog\/vrije-tijd\/dingen-om-te-doen-in-malaga-in-september\/#Wijnoogstfeest_%E2%80%93_Manilva\" data-wpel-link=\"internal\">Wijnoogstfeest &#8211; Manilva<\/a><\/li><li class='ez-toc-page-1 ez-toc-heading-level-3'><a class=\"ez-toc-link ez-toc-heading-47\" href=\"https:\/\/www.malagacar.com\/nl\/blog\/vrije-tijd\/dingen-om-te-doen-in-malaga-in-september\/#Ansjovisfestival_%E2%80%93_Rincon_de_la_Victoria\" data-wpel-link=\"internal\">Ansjovisfestival &#8211; Rinc\u00f3n de la Victoria<\/a><\/li><li class='ez-toc-page-1 ez-toc-heading-level-3'><a class=\"ez-toc-link ez-toc-heading-48\" href=\"https:\/\/www.malagacar.com\/nl\/blog\/vrije-tijd\/dingen-om-te-doen-in-malaga-in-september\/#Wijngaardenfestival_%E2%80%93_Moclinejo\" data-wpel-link=\"internal\">Wijngaardenfestival \u2013 Moclinejo<\/a><\/li><li class='ez-toc-page-1 ez-toc-heading-level-3'><a class=\"ez-toc-link ez-toc-heading-49\" href=\"https:\/\/www.malagacar.com\/nl\/blog\/vrije-tijd\/dingen-om-te-doen-in-malaga-in-september\/#Een_smaak_van_Competa_%E2%80%93_Competa\" data-wpel-link=\"internal\">Een smaak van C\u00f3mpeta &#8211; C\u00f3mpeta<\/a><\/li><li class='ez-toc-page-1 ez-toc-heading-level-3'><a class=\"ez-toc-link ez-toc-heading-50\" href=\"https:\/\/www.malagacar.com\/nl\/blog\/vrije-tijd\/dingen-om-te-doen-in-malaga-in-september\/#Amandeldag_%E2%80%93_Almogia\" data-wpel-link=\"internal\">Amandeldag &#8211; Almog\u00eda<\/a><\/li><li class='ez-toc-page-1 ez-toc-heading-level-3'><a class=\"ez-toc-link ez-toc-heading-51\" href=\"https:\/\/www.malagacar.com\/nl\/blog\/vrije-tijd\/dingen-om-te-doen-in-malaga-in-september\/#Rozijnendag_%E2%80%93_El_Borge\" data-wpel-link=\"internal\">Rozijnendag &#8211; El Borge<\/a><\/li><li class='ez-toc-page-1 ez-toc-heading-level-3'><a class=\"ez-toc-link ez-toc-heading-52\" href=\"https:\/\/www.malagacar.com\/nl\/blog\/vrije-tijd\/dingen-om-te-doen-in-malaga-in-september\/#Rozijnenfestival_%E2%80%93_La_Vinuela\" data-wpel-link=\"internal\">Rozijnenfestival &#8211; La Vi\u00f1uela<\/a><\/li><li class='ez-toc-page-1 ez-toc-heading-level-3'><a class=\"ez-toc-link ez-toc-heading-53\" href=\"https:\/\/www.malagacar.com\/nl\/blog\/vrije-tijd\/dingen-om-te-doen-in-malaga-in-september\/#Oogstfeest_%E2%80%93_Mollina\" data-wpel-link=\"internal\">Oogstfeest &#8211; Mollina<\/a><\/li><li class='ez-toc-page-1 ez-toc-heading-level-3'><a class=\"ez-toc-link ez-toc-heading-54\" href=\"https:\/\/www.malagacar.com\/nl\/blog\/vrije-tijd\/dingen-om-te-doen-in-malaga-in-september\/#Ajoblanco_Festival_%E2%80%93_Almachar\" data-wpel-link=\"internal\">Ajoblanco Festival &#8211; Alm\u00e1char<\/a><\/li><li class='ez-toc-page-1 ez-toc-heading-level-3'><a class=\"ez-toc-link ez-toc-heading-55\" href=\"https:\/\/www.malagacar.com\/nl\/blog\/vrije-tijd\/dingen-om-te-doen-in-malaga-in-september\/#Olijvenfestival_%E2%80%93_Alozaina\" data-wpel-link=\"internal\">Olijvenfestival &#8211; Alozaina<\/a><\/li><li class='ez-toc-page-1 ez-toc-heading-level-3'><a class=\"ez-toc-link ez-toc-heading-56\" href=\"https:\/\/www.malagacar.com\/nl\/blog\/vrije-tijd\/dingen-om-te-doen-in-malaga-in-september\/#Geitenfestival_van_Malaga_%E2%80%93_Casabermeja\" data-wpel-link=\"internal\">Geitenfestival van M\u00e1laga \u2013 Casabermeja<\/a><\/li><\/ul><\/li><li class='ez-toc-page-1 ez-toc-heading-level-2'><a class=\"ez-toc-link ez-toc-heading-57\" href=\"https:\/\/www.malagacar.com\/nl\/blog\/vrije-tijd\/dingen-om-te-doen-in-malaga-in-september\/#Het_weer_in_Malaga_in_September\" data-wpel-link=\"internal\">Het weer in M\u00e1laga in September<\/a><ul class='ez-toc-list-level-3' ><li class='ez-toc-heading-level-3'><a class=\"ez-toc-link ez-toc-heading-58\" href=\"https:\/\/www.malagacar.com\/nl\/blog\/vrije-tijd\/dingen-om-te-doen-in-malaga-in-september\/#Wat_voor_soort_kleding_moet_ik_meenemen\" data-wpel-link=\"internal\">Wat voor soort kleding moet ik meenemen?<\/a><\/li><\/ul><\/li><\/ul><\/nav><\/div>\n<h2><span class=\"ez-toc-section\" id=\"Malaga_in_September_2026\"><\/span>M\u00e1laga in September 2026<span class=\"ez-toc-section-end\"><\/span><\/h2>\n<h3><span class=\"ez-toc-section\" id=\"Festival_Luna_Mora_%E2%80%93_Guaro\"><\/span>Festival Luna Mora &#8211; Guaro<span class=\"ez-toc-section-end\"><\/span><\/h3>\n<p>Het witte dorp Guaro vormt opnieuw het decor voor de 28e editie van het Luna Mora-festival, dat bezoekers meeneemt naar het tijdperk van Al-Andalus en de bijbehorende Spaanse, Arabische en Sefardische culturen.<\/p>\n<p>Het evenement biedt muziek, een ambachtsmarkt, straatparades, workshops, tentoonstellingen, verhalenvertellers en een breed scala aan culinaire hoogstandjes \u2013 dit alles<strong> verlicht door de gloed van 25.000 kaarsen<\/strong>.<\/p>\n<p>Bekijk deze video om te zien wat u te wachten staat.<\/p>\n<p><iframe loading=\"lazy\" title=\"Festival de la Luna Mora de Guaro - Viaja M\u00e1laga\" src=\"https:\/\/www.youtube.com\/embed\/aymPgrMD0RE\" width=\"696\" height=\"391\" frameborder=\"0\" allowfullscreen=\"allowfullscreen\"><\/iframe><\/p>\n<p>Er wordt een speciale toegang en parkeerzone ingericht.<\/p>\n<ul>\n<li>Locatie: Guaro<\/li>\n<li>Wanneer: 11 en 12 september<\/li>\n<li><a href=\"https:\/\/goo.gl\/maps\/MGJW9osa4nxoEYNc9\" data-wpel-link=\"external\" target=\"_blank\" rel=\"external noopener noreferrer\" class=\"ext-link wpel-icon-right\"><strong>Hoe er te komen<\/strong><span class=\"wpel-icon wpel-image wpel-icon-2\"><\/span><\/a><\/li>\n<\/ul>\n<h3><span class=\"ez-toc-section\" id=\"Kermis_%E2%80%93_Maro\"><\/span>Kermis &#8211; Maro<span class=\"ez-toc-section-end\"><\/span><\/h3>\n<figure id=\"attachment_18073\" aria-describedby=\"caption-attachment-18073\" style=\"width: 770px\" class=\"wp-caption alignnone\"><img loading=\"lazy\" decoding=\"async\" class=\"size-full wp-image-18073\" src=\"https:\/\/www.malagacar.com\/sp\/blog\/wp-content\/uploads\/2025\/08\/Feria-Maro-Credit-Ayuntamiento-Nerja.jpeg\" alt=\"Feria - Maro\" width=\"770\" height=\"480\" \/><figcaption id=\"caption-attachment-18073\" class=\"wp-caption-text\">Processie van de Maagd van de Maravillas tijdens de kermis. Foto: Gemeentehuis van Nerja.<\/figcaption><\/figure>\n<p>Bezoek de kermis in het plaatsje Maro, op slechts enkele kilometers van Nerja. Het feest ter ere van de Virgen de las Maravillas vindt daar plaats van 5 tot en met 8 september en biedt een programma vol activiteiten voor jong en oud.<\/p>\n<p>Tot de hoogtepunten behoren de processie ter ere van de Maagd, concerten, livemuziek, dansoptredens, paardensport- en sportevenementen en een gevarieerd culinair aanbod.<\/p>\n<ul>\n<li>Wanneer: 5 tot 8 september<\/li>\n<li>Waar: Maro (Nerja)<\/li>\n<li><a href=\"https:\/\/maps.app.goo.gl\/7vup4BfP2YFKjKUm8\" data-wpel-link=\"external\" target=\"_blank\" rel=\"external noopener noreferrer\" class=\"ext-link wpel-icon-right\"><strong>Hoe er te komen<\/strong><span class=\"wpel-icon wpel-image wpel-icon-2\"><\/span><\/a><\/li>\n<\/ul>\n<h3><span class=\"ez-toc-section\" id=\"Modeweek_%E2%80%93_Malaga\"><\/span>Modeweek\u00a0&#8211; M\u00e1laga<span class=\"ez-toc-section-end\"><\/span><\/h3>\n<p><a href=\"https:\/\/www.malagacar.com\/sp\/blog\/wp-content\/uploads\/2016\/08\/pasarela-larios.jpg\" data-wpel-link=\"exclude\"><img loading=\"lazy\" decoding=\"async\" class=\"alignnone wp-image-5616 size-full\" src=\"https:\/\/www.malagacar.com\/sp\/blog\/wp-content\/uploads\/2016\/08\/pasarela-larios.jpg\" alt=\"Pasarela Larios \/ Fashion Week M\u00e1laga\" width=\"604\" height=\"340\" \/><\/a><\/p>\n<p>Op 25 en 26 september vindt een nieuwe editie plaats van Pasarela Larios \u2013 de langste haute couture-catwalk van Europa, die zich uitstrekt over 300 meter langs de openlucht Calle Larios.<\/p>\n<p>Het evenement, dat nu voor de 15e keer plaatsvindt, trekt dagelijks meer dan 15.000 mensen. Deze Pasarela Larios M\u00e1laga Fashion Week brengt ontwerpers uit drie continenten samen:<\/p>\n<p>Mona Al Mansouri, Btisam Dahane, La Gioconda Novias, Kaba Fashion Style, Allure Beldi, Juan Carlos Armas, F\u00e9lix Ramiro, It Spain, \u00c1ngel Schlesser, ByVel, Nati Rudnitskaya, Mar\u00eda Diezma, Susana Hidalgo, Luc\u00eda Cano, \u00c1gatha Ruiz de la Prada, Hard Rock Cafe en Harper &amp; Neyer.<\/p>\n<p><iframe loading=\"lazy\" title=\"Resumen Pasarela Larios M\u00e1laga Fashion Week 2023\" src=\"https:\/\/www.youtube.com\/embed\/e5OBi2r6e9k\" width=\"1234\" height=\"694\" frameborder=\"0\" allowfullscreen=\"allowfullscreen\"><\/iframe><\/p>\n<ul>\n<li><a href=\"http:\/\/pasarelalarios.es\/\" data-wpel-link=\"external\" target=\"_blank\" rel=\"external noopener noreferrer\" class=\"ext-link wpel-icon-right\"><strong>Offici\u00eble website<\/strong><span class=\"wpel-icon wpel-image wpel-icon-2\"><\/span><\/a><\/li>\n<li>Wanneer: 25 en 26 september, 20.30 uur<\/li>\n<li>Waar: Calle Larios, M\u00e1laga<\/li>\n<li><a href=\"https:\/\/goo.gl\/maps\/gTyNMHkHCcLVFRPD9\" data-wpel-link=\"external\" target=\"_blank\" rel=\"external noopener noreferrer\" class=\"ext-link wpel-icon-right\"><strong>Hoe er te komen<\/strong><span class=\"wpel-icon wpel-image wpel-icon-2\"><\/span><\/a><\/li>\n<\/ul>\n<h3><span class=\"ez-toc-section\" id=\"Toeristendag_%E2%80%93_Mijas\"><\/span>Toeristendag \u2013 Mijas<span class=\"ez-toc-section-end\"><\/span><\/h3>\n<p><img loading=\"lazy\" decoding=\"async\" class=\"alignnone wp-image-4921\" src=\"https:\/\/www.malagacar.com\/sp\/blog\/wp-content\/uploads\/2015\/08\/Mijas-Tourist-760x1024.jpg\" alt=\"D\u00eda del Turista Mijas\" width=\"476\" height=\"641\" \/><\/p>\n<p>Het witte dorp Mijas, gelegen op slechts 7 km van Fuengirola, brengt op 24 september een eerbetoon aan zijn toeristen.<\/p>\n<p>Het evenement vindt plaats op het Plaza Virgen de la Pe\u00f1a en begint om 12.00 uur; er is onder meer een flamencoshow en een gratis paellaproeverij.<\/p>\n<p>Er wordt een pendelbus ingezet om het voor bezoekers gemakkelijker te maken er te komen.<\/p>\n<p><img loading=\"lazy\" decoding=\"async\" class=\"alignnone wp-image-18161\" src=\"https:\/\/www.malagacar.com\/sp\/blog\/wp-content\/uploads\/2025\/08\/dia-turista-mijas.jpg\" alt=\"D\u00eda del Turista Mijas \" width=\"480\" height=\"673\" \/><\/p>\n<ul>\n<li>Wanneer: 24 september<\/li>\n<li>Waar: Plaza Virgen de la Pe\u00f1a, Mijas Pueblo<\/li>\n<li><a href=\"https:\/\/maps.app.goo.gl\/nRf4hWeeLTeHWrhp6\" data-wpel-link=\"external\" target=\"_blank\" rel=\"external noopener noreferrer\" class=\"ext-link wpel-icon-right\"><strong>Hoe er te komen<\/strong><span class=\"wpel-icon wpel-image wpel-icon-2\"><\/span><\/a><\/li>\n<\/ul>\n<h3><span class=\"ez-toc-section\" id=\"Oktoberfest_%E2%80%93_Torrox\"><\/span>Oktoberfest \u2013 Torrox<span class=\"ez-toc-section-end\"><\/span><\/h3>\n<figure id=\"attachment_19915\" aria-describedby=\"caption-attachment-19915\" style=\"width: 750px\" class=\"wp-caption alignnone\"><img loading=\"lazy\" decoding=\"async\" class=\"size-large wp-image-19915\" src=\"https:\/\/www.malagacar.com\/sp\/blog\/wp-content\/uploads\/2025\/08\/Oktoberfest-Torrox-Credit-CostadelSol-online-1024x682.jpg\" alt=\"Oktoberfest Torrox\" width=\"750\" height=\"500\" \/><figcaption id=\"caption-attachment-19915\" class=\"wp-caption-text\">Credit CostadelSol online<\/figcaption><\/figure>\n<p>Torrox viert elk jaar zijn eigen unieke Oktoberfest, ge\u00efnspireerd op het beroemde Oktoberfest.<\/p>\n<p>Van 24 tot en met 24 september vindt op de parkeerplaats naast het Iberostar Hotel een programma plaats vol gastronomie, livemuziek en een Duitse sfeer.<\/p>\n<p>Het Oktoberfest van Torrox is nu al een van de belangrijkste in Zuid-Europa en een eerbetoon aan de vele Duitsers die sinds de jaren 70 in Torrox wonen.<\/p>\n<p>Dit jaar zorgen rockbands, festivalmuziek en dj&#8217;s elke avond voor de nodige opvrolijking, samen met Duitse bands die gespecialiseerd zijn in het Oktoberfest.<\/p>\n<p>Het culinaire aanbod omvat ook een ruime keuze aan typische witbieren, Duitse lagers, internationale bieren en ambachtelijke bieren.<\/p>\n<p>Het festival begint op donderdag 18 september om 18.00 uur en de overige dagen beginnen om 12.00 uur. Het festival eindigt op zondagavond.<\/p>\n<ul>\n<li>Wanneer: 24 tot 27 september<\/li>\n<li>Waar: Torrox<\/li>\n<li><a href=\"https:\/\/maps.app.goo.gl\/k3yUoBLjamrrb9Kc9\" data-wpel-link=\"external\" target=\"_blank\" rel=\"external noopener noreferrer\" class=\"ext-link wpel-icon-right\"><strong>Hoe er te komen<\/strong><span class=\"wpel-icon wpel-image wpel-icon-2\"><\/span><\/a><\/li>\n<\/ul>\n<h3><span class=\"ez-toc-section\" id=\"World_Wellness_Weekend_%E2%80%93_Marbella\"><\/span>World Wellness Weekend \u2013 Marbella<span class=\"ez-toc-section-end\"><\/span><\/h3>\n<p><img loading=\"lazy\" decoding=\"async\" class=\"alignnone size-large wp-image-19882\" src=\"https:\/\/www.malagacar.com\/sp\/blog\/wp-content\/uploads\/2025\/08\/welness-weekend-marbella-1024x288.jpg\" alt=\"World Wellness Weekend \u2013 Marbella\u00a0\" width=\"750\" height=\"211\" \/><\/p>\n<p>Van 18 tot en met 20 september vindt in Marbella de tiende editie van het World Wellness Weekend plaats. Het evenement, dat gelijktijdig in 155 landen wordt gehouden, omvat meer dan honderd gratis activiteiten.<\/p>\n<p>De hoofdpodia zijn de San Pedro Promenade en de Avenida del Mediterr\u00e1neo, met verschillende thema&#8217;s zoals yoga, pilates, massages, aromatherapie en energietechnieken. Er zijn ook tal van activiteiten voor gezinnen, en op het hoofdpodium worden werelddanslessen, shows en concerten gegeven.<\/p>\n<ul>\n<li>Gratis toegang<\/li>\n<li>Wanneer: 18 tot 20 september<\/li>\n<li>Waar: <a href=\"https:\/\/maps.app.goo.gl\/3LWEceokXhogkmMq6\" data-wpel-link=\"external\" target=\"_blank\" rel=\"external noopener noreferrer\" class=\"ext-link wpel-icon-right\"><strong>San Pedro kustpromenade<\/strong><span class=\"wpel-icon wpel-image wpel-icon-2\"><\/span><\/a> en <a href=\"https:\/\/maps.app.goo.gl\/BJWbENEifqd8XfKu9\" data-wpel-link=\"external\" target=\"_blank\" rel=\"external noopener noreferrer\" class=\"ext-link wpel-icon-right\"><strong>Avenida del Mediterr\u00e1neo<\/strong><span class=\"wpel-icon wpel-image wpel-icon-2\"><\/span><\/a>, San Pedro de Alc\u00e1ntara, Marbella<\/li>\n<\/ul>\n<h3><span class=\"ez-toc-section\" id=\"Tributeconcert_Abba_%E2%80%93_Estepona\"><\/span>Tributeconcert Abba &#8211; Estepona<span class=\"ez-toc-section-end\"><\/span><\/h3>\n<p><img loading=\"lazy\" decoding=\"async\" class=\"alignnone wp-image-19883\" src=\"https:\/\/www.malagacar.com\/sp\/blog\/wp-content\/uploads\/2025\/08\/Abba-teatro-Estepona-819x1024.jpg\" alt=\"Concierto Tributo Abba - Estepona\" width=\"468\" height=\"585\" \/><\/p>\n<p>Het Felipe VI-theater en -auditorium in Estepona vormt het decor voor deze geprezen reizende productie, een eerbetoon aan de legendarische groep ABBA.<\/p>\n<p>De bruisende show &#8216;GENERATION ABBA&#8217; brengt de muziek van ABBA op authentieke en getrouwe wijze ten gehore en laat de euforie van het discotijdperk herleven met livezang en de grootste hits van de band.<\/p>\n<ul>\n<li><a href=\"https:\/\/www.giglon.com\/todos?idEvent=generation-abba-estepona\" data-wpel-link=\"external\" target=\"_blank\" rel=\"external noopener noreferrer\" class=\"ext-link wpel-icon-right\"><strong>Tickets<\/strong><span class=\"wpel-icon wpel-image wpel-icon-2\"><\/span><\/a><\/li>\n<li>Wanneer: 13 september om 19.00 uur<\/li>\n<li>Waar: Teatro Auditorio Felipe VI, Estepona<\/li>\n<li><a href=\"https:\/\/maps.app.goo.gl\/v7EzAYcvLDTcjteC8\" data-wpel-link=\"external\" target=\"_blank\" rel=\"external noopener noreferrer\" class=\"ext-link wpel-icon-right\"><strong>Hoe er te komen<\/strong><span class=\"wpel-icon wpel-image wpel-icon-2\"><\/span><\/a><\/li>\n<\/ul>\n<h3><span class=\"ez-toc-section\" id=\"Andalusische_betovering_%E2%80%93_Carratraca\"><\/span>Andalusische betovering &#8211; Carratraca<span class=\"ez-toc-section-end\"><\/span><\/h3>\n<p><img loading=\"lazy\" decoding=\"async\" class=\"alignnone wp-image-19885\" src=\"https:\/\/www.malagacar.com\/sp\/blog\/wp-content\/uploads\/2025\/08\/embrujo-andalusi-carratraca-1-723x1024.jpg\" alt=\"Embrujo Andalus\u00ed - Carratraca\" width=\"464\" height=\"657\" \/><\/p>\n<p>Van 4 tot en met 6 september brengt het witte dorp Carratraca opnieuw een eerbetoon aan zijn Andalusische verleden. Tijdens deze drie dagen beleeft het dorp \u2013 met minder dan 800 inwoners en gelegen op 550 meter hoogte in de uitlopers van de Serran\u00eda de Ronda \u2013 betoverende avonden:<\/p>\n<p>De straten worden verlicht door 15.000 kaarsen en fakkels. Er zijn een Arabische soek, parades met Andalusische dans, tentoonstellingen en kraampjes met eten en handwerk.<\/p>\n<p>Ook vinden er concerten plaats in de arena.<\/p>\n<ul>\n<li>Wanneer: 4 tot 6 september<\/li>\n<li>Waar: Carratraca<\/li>\n<li><a href=\"https:\/\/maps.app.goo.gl\/G7ZyJF8ZS1Ab4cya9\" data-wpel-link=\"external\" target=\"_blank\" rel=\"external noopener noreferrer\" class=\"ext-link wpel-icon-right\"><strong>Hoe er te komen<\/strong><span class=\"wpel-icon wpel-image wpel-icon-2\"><\/span><\/a><\/li>\n<\/ul>\n<h3><span class=\"ez-toc-section\" id=\"Maanlicht_%E2%80%93_Antequera\"><\/span>Maanlicht &#8211; Antequera<span class=\"ez-toc-section-end\"><\/span><\/h3>\n<p><img loading=\"lazy\" decoding=\"async\" class=\"alignnone size-full wp-image-19733\" src=\"https:\/\/www.malagacar.com\/sp\/blog\/wp-content\/uploads\/2025\/08\/luz-de-luna-antequera.jpg\" alt=\"Luz de Luna - Antequera\" width=\"588\" height=\"536\" \/><\/p>\n<p>Antequera organiseert deze zomer opnieuw een nieuwe editie van \u2018Luz de Luna\u2019. Het evenement vindt normaal gesproken plaats gedurende de zomermaanden, van 1 juli tot en met 30 september, en combineert cultuur, geschiedenis, muziek, gastronomie en natuur.<\/p>\n<p>Hoogtepunten van het programma dit jaar zijn onder andere sterrenkijken bij <a href=\"https:\/\/www.malagacar.com\/nl\/blog\/vrije-tijd\/torcal-de-antequera\/\" data-wpel-link=\"internal\"><strong>El Torcal<\/strong><\/a>, bezoeken aan kerken zoals Santo Domingo, de culinaire serie \u2018Paladares de Antequera\u2019, yoga in de Alcazaba, een escape room, rondleidingen met een legendarisch thema, olijfolieproeverijen, gastronomische ervaringen en panoramische rondleidingen.<\/p>\n<p>Het programma omvat ook indie- en bluesconcerten, evenals het langverwachte Antequera Light Festival \u2013 een hoogtepunt op 17 en 18 juli.<\/p>\n<p>Hier zijn alle data en het <strong><a href=\"https:\/\/www.antequera.es\/export\/sites\/ayto-antequera\/Destacados\/.galleries\/Descargas\/2026\/PROGRAMA-LUZ-DE-LUNA-2026_RRSS.pdf\" data-wpel-link=\"external\" target=\"_blank\" rel=\"external noopener noreferrer\" class=\"ext-link wpel-icon-right\">volledige programma<span class=\"wpel-icon wpel-image wpel-icon-2\"><\/span><\/a><\/strong>.<\/p>\n<ul>\n<li><a href=\"https:\/\/maps.app.goo.gl\/q6zWnGSDP3vDoR849\" data-wpel-link=\"external\" target=\"_blank\" rel=\"external noopener noreferrer\" class=\"ext-link wpel-icon-right\"><strong>Hoe er te komen<\/strong><span class=\"wpel-icon wpel-image wpel-icon-2\"><\/span><\/a><\/li>\n<\/ul>\n<h3><span class=\"ez-toc-section\" id=\"Survival_Zombie_%E2%80%93_Malaga\"><\/span>Survival Zombie \u2013 M\u00e1laga<span class=\"ez-toc-section-end\"><\/span><\/h3>\n<p><img loading=\"lazy\" decoding=\"async\" class=\"alignnone wp-image-19887\" src=\"https:\/\/www.malagacar.com\/sp\/blog\/wp-content\/uploads\/2025\/08\/Survival-zombie-728x1024.jpg\" alt=\"Survival Zombie \u2013 M\u00e1laga\" width=\"502\" height=\"706\" \/><\/p>\n<p>Een wel heel bijzondere en angstaanjagende nacht wacht liefhebbers van comics en zombies in M\u00e1laga.<\/p>\n<p>Het openluchtwinkelcentrum <a href=\"https:\/\/www.malagacar.com\/nl\/blog\/malaga-luchthaven\/winkelcentrum-malaga-luchthaven\/\" data-wpel-link=\"internal\"><strong>Plaza Mayor<\/strong><\/a>, op 2 km van de luchthaven van M\u00e1laga, vormt voor de tweede keer het decor voor het &#8216;Survival Zombie&#8217;-spel.<\/p>\n<p>&#8216;Survival Zombie&#8217; is Europa&#8217;s grootste live-action rollenspel, geschikt voor alle leeftijden. Het is een meeslepende ervaring in een spectaculaire, apocalyptische omgeving die zes uur lang duurt: van zonsondergang tot zonsopgang.<\/p>\n<p>Je moet rennen, je verstoppen, fysieke en mentale uitdagingen aangaan, puzzels oplossen en \u2013 bovenal \u2013 zien te overleven. Het evenement pakt uit met meer dan 40 professionele acteurs, filmische special effects, realistische grime en een spectaculaire aankleding die Plaza Mayor omtovert tot een waar slagveld tussen mensen en zombies.<\/p>\n<p>Ben jij klaar voor de uitdaging?<\/p>\n<ul>\n<li><a href=\"https:\/\/survivalzombie.es\/survival\/la-noche-de-los-muertos-vivientes-malaga-plaza-mayor\/\" data-wpel-link=\"external\" target=\"_blank\" rel=\"external noopener noreferrer\" class=\"ext-link wpel-icon-right\"><strong>Tickets<\/strong><span class=\"wpel-icon wpel-image wpel-icon-2\"><\/span><\/a><\/li>\n<li>Wanneer: 26 september, van 22.00 tot 04.00 uur<\/li>\n<li>Waar: Plaza Mayor, M\u00e1laga<\/li>\n<li><a href=\"https:\/\/maps.app.goo.gl\/q7smB19BNpvKnqwR6\" data-wpel-link=\"external\" target=\"_blank\" rel=\"external noopener noreferrer\" class=\"ext-link wpel-icon-right\"><strong>Hoe er te komen<\/strong><span class=\"wpel-icon wpel-image wpel-icon-2\"><\/span><\/a><\/li>\n<\/ul>\n<h3><span class=\"ez-toc-section\" id=\"Airshow_%E2%80%93_Torre_del_Mar\"><\/span>Airshow &#8211; Torre del Mar<span class=\"ez-toc-section-end\"><\/span><\/h3>\n<p><img loading=\"lazy\" decoding=\"async\" class=\"alignnone size-full wp-image-19889\" src=\"https:\/\/www.malagacar.com\/sp\/blog\/wp-content\/uploads\/2025\/08\/Airshow-Torre-del-Mar.jpg\" alt=\"Airshow - Torre del Mar\" width=\"509\" height=\"720\" \/><\/p>\n<p>De 11e editie van de Torre del Mar Air Show vindt plaats van 4 tot en met 6 september. Dit evenement voor jong en oud, dat jaarlijks meer dan 30.000 internationale toeschouwers trekt, combineert burger- en militaire luchtvaart.<\/p>\n<p>Het is een uitgelezen kans om &#8217;s werelds beste kunstvliegers aan het werk te zien, gewoon vanaf het strand van Torre del Mar.<\/p>\n<h4>Onze tip<\/h4>\n<p>Je kunt de vliegshow vanaf elke plek op het strand van Torre del Mar bekijken, maar voor het perfecte zicht op de stunts raden we de zone bij de &#8220;Biblioplaya&#8221; aan.<\/p>\n<ul>\n<li>Meer informatie op de <a href=\"https:\/\/festivalaereotorredelmar.com\/\" data-wpel-link=\"external\" target=\"_blank\" rel=\"external noopener noreferrer\" class=\"ext-link wpel-icon-right\"><strong>offici\u00eble website<\/strong><span class=\"wpel-icon wpel-image wpel-icon-2\"><\/span><\/a><\/li>\n<li>Wanneer: 4 tot 6 september<\/li>\n<li>Waar: Strand van Torre del Mar<\/li>\n<li><a href=\"https:\/\/maps.app.goo.gl\/6RzinjTh9QmEe3K77\" data-wpel-link=\"external\" target=\"_blank\" rel=\"external noopener noreferrer\" class=\"ext-link wpel-icon-right\"><strong>Hoe er te komen<\/strong><span class=\"wpel-icon wpel-image wpel-icon-2\"><\/span><\/a><\/li>\n<\/ul>\n<h3><span class=\"ez-toc-section\" id=\"Modeweek_%E2%80%93_Estepona\"><\/span>Modeweek &#8211; Estepona<span class=\"ez-toc-section-end\"><\/span><\/h3>\n<p><img loading=\"lazy\" decoding=\"async\" class=\"alignnone size-large wp-image-15910\" src=\"https:\/\/www.malagacar.com\/sp\/blog\/wp-content\/uploads\/2023\/08\/semana-moda-estepona-1024x684.jpg\" alt=\"semana moda estepona\" width=\"750\" height=\"501\" \/><\/p>\n<p>Het Botanisch Park en Orchidee\u00ebnhuis organiseert van 23 tot en met 26 september de tiende editie van de Fashion Week.<\/p>\n<p>De modeshows worden begeleid door liveoptredens.<\/p>\n<ul>\n<li>Wanneer: 23 tot 26 september, om 20.00 uur<\/li>\n<li>Waar: Botanisch park en orchidee\u00ebnkas van Estepona<\/li>\n<li><a href=\"https:\/\/goo.gl\/maps\/uHyjyv2RZLHtRUUH9\" data-wpel-link=\"external\" target=\"_blank\" rel=\"external noopener noreferrer\" class=\"ext-link wpel-icon-right\"><strong>Hoe er te komen<\/strong><span class=\"wpel-icon wpel-image wpel-icon-2\"><\/span><\/a><\/li>\n<\/ul>\n<h3><span class=\"ez-toc-section\" id=\"Candelight_Concerten_%E2%80%93_Malaga\"><\/span>Candelight Concerten &#8211; M\u00e1laga<span class=\"ez-toc-section-end\"><\/span><\/h3>\n<p><a href=\"https:\/\/www.malagacar.com\/sp\/blog\/wp-content\/uploads\/2020\/01\/IMG_20211122_083656_009.jpg\" data-wpel-link=\"exclude\"><img loading=\"lazy\" decoding=\"async\" class=\"alignnone wp-image-10160\" src=\"https:\/\/www.malagacar.com\/sp\/blog\/wp-content\/uploads\/2020\/01\/IMG_20211122_083656_009-768x1024.jpg\" alt=\"\" width=\"452\" height=\"602\" \/><\/a><\/p>\n<p>In de Mar\u00eda Cristina Concert Hall, een 15e eeuws Franciscaner klooster in het hart van Malaga, met een uitzonderlijke akoestiek en unieke schoonheid.<\/p>\n<p>Onlangs hebben meer en meer unieke locaties in Malaga zich aangesloten bij deze ervaring, zoals het Carmen Thyssen Museum en nu ook het Gran Hotel Miramar.<\/p>\n<p>We kunnen deze ervaring van klassieke concerten en hommages bij kaarslicht persoonlijk aanbevelen.<\/p>\n<h4>Programma voor september<\/h4>\n<p><strong>The Lord of the Rings<\/strong> in Gran Hotel Miramar, 5 september<br \/>\n<strong>Hans Zimmer-tribute<\/strong> in Gran Hotel Miramar, 6 september<br \/>\n<strong>Vivaldi\u2019s Vier Jaargetijden<\/strong> in Gran Hotel Miramar, 6 september<br \/>\n<strong>Disney-liefdesliedjes<\/strong> in Gran Hotel Miramar, 10 en 20 september<br \/>\n<strong>Mecano-tribute<\/strong> in Gran Hotel Miramar, 13 september<br \/>\n<strong>&#8220;La Ley Innata&#8221;-tribute<\/strong> in Gran Hotel Miramar, 13 september<br \/>\n<strong>Queen vs. ABBA<\/strong> in Sala M\u00aa Cristina, 18 september<br \/>\n<strong>Coldplay en Imagine Dragons<\/strong> in Sala M\u00aa Cristina, 18 september<\/p>\n<ul>\n<li>Kaarten bij <a href=\"https:\/\/feverup.com\/malaga\/candlelight?utm_content=candlelight&amp;utm_source=malagasecreta&amp;utm_medium=post&amp;utm_term=cta3\" data-wpel-link=\"external\" target=\"_blank\" rel=\"external noopener noreferrer\" class=\"ext-link wpel-icon-right\"><strong>Feverup<\/strong><span class=\"wpel-icon wpel-image wpel-icon-2\"><\/span><\/a><\/li>\n<li>Waar: <a href=\"https:\/\/maps.app.goo.gl\/BACwA2S7rGRWoCWWA\" data-wpel-link=\"external\" target=\"_blank\" rel=\"external noopener noreferrer\" class=\"ext-link wpel-icon-right\"><strong>Sala de Conciertos Mar\u00eda Cristina<\/strong><span class=\"wpel-icon wpel-image wpel-icon-2\"><\/span><\/a>, <a href=\"https:\/\/maps.app.goo.gl\/fL8iZoUwDAsAEMzL8\" data-wpel-link=\"external\" target=\"_blank\" rel=\"external noopener noreferrer\" class=\"ext-link wpel-icon-right\"><strong>Museo Carmen Thyssen,<\/strong><span class=\"wpel-icon wpel-image wpel-icon-2\"><\/span><\/a> <a href=\"https:\/\/maps.app.goo.gl\/72v8MZ3kaGEw7Kc17\" data-wpel-link=\"external\" target=\"_blank\" rel=\"external noopener noreferrer\" class=\"ext-link wpel-icon-right\"><strong>Gran Hotel Miramar<\/strong> <span class=\"wpel-icon wpel-image wpel-icon-2\"><\/span><\/a> en de <a href=\"https:\/\/www.malagacar.com\/nl\/blog\/vrije-tijd\/historische-botanische-tuin-malaga\/\" data-wpel-link=\"internal\"><strong>Historische Botanische Tuin<\/strong><\/a>, M\u00e1laga<\/li>\n<\/ul>\n<h3><span class=\"ez-toc-section\" id=\"Candelight_Concerten_%E2%80%93_Marbella\"><\/span>Candelight Concerten &#8211; Marbella<span class=\"ez-toc-section-end\"><\/span><\/h3>\n<p><img loading=\"lazy\" decoding=\"async\" class=\"size-full wp-image-14240\" src=\"https:\/\/www.malagacar.com\/sp\/blog\/wp-content\/uploads\/2022\/08\/CandleLight_VillaPadierna-Foto-Malagasecreta.jpg\" alt=\"Candlelight Conciertos Marbella\" width=\"1024\" height=\"684\" \/><\/p>\n<p><strong>Candlelight Open Air: Queen Tribute<\/strong> in het Jos\u00e9 Pernia Calder\u00f3n Auditorium op 5 september.<\/p>\n<ul>\n<li>Tickets via de offici\u00eble website van <a href=\"https:\/\/feverup.com\/malaga\/candlelight?utm_content=candlelight&amp;utm_source=malagasecreta&amp;utm_medium=post&amp;utm_term=cta3\" data-wpel-link=\"external\" target=\"_blank\" rel=\"external noopener noreferrer\" class=\"ext-link wpel-icon-right\"><strong>Feverup<\/strong><span class=\"wpel-icon wpel-image wpel-icon-2\"><\/span><\/a><\/li>\n<li><a href=\"https:\/\/maps.app.goo.gl\/eEjC7paTFxs7jW1K9\" data-wpel-link=\"external\" target=\"_blank\" rel=\"external noopener noreferrer\" class=\"ext-link wpel-icon-right\"><strong>Hoe er te komen<\/strong><span class=\"wpel-icon wpel-image wpel-icon-2\"><\/span><\/a><\/li>\n<\/ul>\n<h3><span class=\"ez-toc-section\" id=\"Bedevaart_naar_San_Miguel_%E2%80%93_Torremolinos\"><\/span>Bedevaart naar San Miguel &#8211; Torremolinos<span class=\"ez-toc-section-end\"><\/span><\/h3>\n<p>Het is de belangrijkste stedelijke bedevaart van Spanje, die zich grotendeels in het stadscentrum afspeelt. De tocht vindt plaats op de laatste of voorlaatste zondag van september, voorafgaand aan de kermis.<\/p>\n<p><img loading=\"lazy\" decoding=\"async\" class=\"alignnone wp-image-4923 size-full\" src=\"https:\/\/www.malagacar.com\/sp\/blog\/wp-content\/uploads\/2015\/08\/romeria-san-miguel.jpg\" alt=\"Romer\u00eda de San Miguel Torremolinos\" width=\"640\" height=\"425\" \/><\/p>\n<p>De bedevaart van Torremolinos trekt duizenden mensen. Veel van de rijkelijk versierde wagens worden door ossen getrokken; ook zijn er deelnemers in traditionele Andalusische klederdracht en versierde paarden te zien.<\/p>\n<p>De stoet trekt naar de Pinares de Los Manantiales en vandaar naar de Ermita de San Miguel, waar de tocht eindigt in een sfeer van vreugde, lekker eten en Andalusische zang en dans.<\/p>\n<ul>\n<li>Wanneer: 20 september van 10.00 tot 16.00 uur. De kermis vindt de week daarop plaats.<\/li>\n<li>Waar: De bedevaarttocht voert door de straten van Torremolinos naar Pinares de Los Manantiales en vandaar naar de kapel van San Miguel.<\/li>\n<li><a href=\"https:\/\/goo.gl\/maps\/fw7SunapRh4yjMjv8\" data-wpel-link=\"external\" target=\"_blank\" rel=\"external noopener noreferrer\" class=\"ext-link wpel-icon-right\"><strong>Route van de bedevaart<\/strong><span class=\"wpel-icon wpel-image wpel-icon-2\"><\/span><\/a><\/li>\n<\/ul>\n<h3><span class=\"ez-toc-section\" id=\"San_Miguel_Kermis_%E2%80%93_Torremolinos\"><\/span>San Miguel Kermis &#8211; Torremolinos<span class=\"ez-toc-section-end\"><\/span><\/h3>\n<p>Vijf dagen lang organiseert Torremolinos een druk programma met feesten, concerten en shows op verschillende podia in het stadscentrum en op het beursterrein.<\/p>\n<figure id=\"attachment_9246\" aria-describedby=\"caption-attachment-9246\" style=\"width: 622px\" class=\"wp-caption alignnone\"><a href=\"https:\/\/www.malagacar.com\/sp\/blog\/wp-content\/uploads\/2019\/08\/Feria-de-Torremolinos-Foto-EnTorremolinos.com_.jpg\" data-wpel-link=\"exclude\"><img loading=\"lazy\" decoding=\"async\" class=\"wp-image-9246\" src=\"https:\/\/www.malagacar.com\/sp\/blog\/wp-content\/uploads\/2019\/08\/Feria-de-Torremolinos-Foto-EnTorremolinos.com_-1024x690.jpg\" alt=\"Feria de Torremolinos\" width=\"622\" height=\"419\" \/><\/a><figcaption id=\"caption-attachment-9246\" class=\"wp-caption-text\">Torremolinos Kermis. Foto EnTorremolinos.com<\/figcaption><\/figure>\n<p>Het stadscentrum viert de festiviteiten met de viering van de &#8220;Feria del D\u00eda&#8221; (Dagmarkt). Er zijn vier gelijktijdige podia met verschillende gastronomische activiteiten, poprockmuziek, flamenco en koren op de Plaza de La Nogalera, Plaza Costa del Sol, Plaza Uni\u00f3n Europea en Plaza San Miguel.<\/p>\n<p>Op Plaza La Nogalera zijn er liveconcerten; op Plaza Costa del Sol zijn er flamencoshows; op Plaza Uni\u00f3n Europea is er een bar en muzikaal entertainment; en op Plaza San Miguel zijn er van donderdag tot en met zondag optredens van Rocieros-koren.<\/p>\n<ul>\n<li>Wanneer: 25 tot en met 29 september<\/li>\n<li>Waar: Torremolinos<\/li>\n<li><a href=\"https:\/\/goo.gl\/maps\/SsHqDY8f9KEhdTBB7\" data-wpel-link=\"external\" target=\"_blank\" rel=\"external noopener noreferrer\" class=\"ext-link wpel-icon-right\"><strong>Hoe er te komen<\/strong><span class=\"wpel-icon wpel-image wpel-icon-2\"><\/span><\/a><\/li>\n<\/ul>\n<h3><span class=\"ez-toc-section\" id=\"Kermis_%E2%80%93_Mijas_Pueblo\"><\/span>Kermis &#8211; Mijas Pueblo<span class=\"ez-toc-section-end\"><\/span><\/h3>\n<p>In de eerste helft van september viert het witte dorp Mijas een feest ter ere van haar beschermheilige, de Maagd van La Pe\u00f1a.<\/p>\n<p><img loading=\"lazy\" decoding=\"async\" class=\"alignnone wp-image-7183 size-full\" src=\"https:\/\/www.malagacar.com\/sp\/blog\/wp-content\/uploads\/2019\/08\/g\u00a1feria-mijas-pueblo.jpg\" alt=\"Feria Mijas Pueblo\" width=\"800\" height=\"407\" \/><\/p>\n<p>Er is een breed scala aan culturele, sportieve, muzikale en feestelijke activiteiten. De feestdag van de patroonheilige is op 8 september.<\/p>\n<ul>\n<li>Waar: Mijas Pueblo<\/li>\n<li>Wanneer: 5 &#8211; 10 september<\/li>\n<li><a href=\"https:\/\/goo.gl\/maps\/8wfiyNXLgs7gkjJz8\" data-wpel-link=\"external\" target=\"_blank\" rel=\"external noopener noreferrer\" class=\"ext-link wpel-icon-right\"><strong>Hoe er te komen<\/strong><span class=\"wpel-icon wpel-image wpel-icon-2\"><\/span><\/a><\/li>\n<\/ul>\n<h3><span class=\"ez-toc-section\" id=\"Wereld_Toerisme_Dag_%E2%80%93_Malaga\"><\/span>Wereld Toerisme Dag &#8211; M\u00e1laga<span class=\"ez-toc-section-end\"><\/span><\/h3>\n<p><a href=\"https:\/\/www.malagacar.com\/nl\/blog\/wat-te-doen-in-malaga\/wereld-toerisme-dag-malaga\/\" data-wpel-link=\"internal\"><img loading=\"lazy\" decoding=\"async\" class=\"alignnone size-full wp-image-5654\" src=\"https:\/\/www.malagacar.com\/nl\/blog\/wp-content\/uploads\/2024\/09\/world-tourism-day-en.jpg\" alt=\"Wereld Toerisme Dag\" width=\"1000\" height=\"736\" srcset=\"https:\/\/www.malagacar.com\/nl\/blog\/wp-content\/uploads\/2024\/09\/world-tourism-day-en.jpg 1000w, https:\/\/www.malagacar.com\/nl\/blog\/wp-content\/uploads\/2024\/09\/world-tourism-day-en-300x221.jpg 300w, https:\/\/www.malagacar.com\/nl\/blog\/wp-content\/uploads\/2024\/09\/world-tourism-day-en-768x565.jpg 768w\" sizes=\"auto, (max-width: 1000px) 100vw, 1000px\" \/><\/a><\/p>\n<p>Wereldtoerismedag in M\u00e1laga organiseert een open dag, waar monumenten en musea gratis toegankelijk zijn. Sommige bieden ook rondleidingen aan.<\/p>\n<p>Volledige informatie en alle musea vindt u in onze speciale editie over <a href=\"https:\/\/www.malagacar.com\/nl\/blog\/wat-te-doen-in-malaga\/wereld-toerisme-dag-malaga\/\" data-wpel-link=\"internal\"><strong>Wereldtoerismedag in M\u00e1laga<\/strong><\/a>.<\/p>\n<ul>\n<li>Waar: Bij de Monumenten en Musea van M\u00e1laga<\/li>\n<li>Wanneer: 27 september<\/li>\n<\/ul>\n<h3><span class=\"ez-toc-section\" id=\"Halve_Marathon_%E2%80%93_Marbella\"><\/span>Halve Marathon &#8211; Marbella<span class=\"ez-toc-section-end\"><\/span><\/h3>\n<p>De Halve Marathon van Marbella is een van de meest langverwachte sportevenementen van het jaar en trekt hardlopers van over de hele wereld.<\/p>\n<p>De marathon vindt plaats op 27 september en heeft een unieke route langs de kust van Marbella.<\/p>\n<p><iframe loading=\"lazy\" title=\"Media marat\u00f3n de Marbella \u00b7 Sierra Blanca Estates\" src=\"https:\/\/www.youtube.com\/embed\/E8dsC7NhsmU\" width=\"696\" height=\"391\" frameborder=\"0\" allowfullscreen=\"allowfullscreen\"><\/iframe><\/p>\n<h4>Categorie\u00ebn &amp; Registratie<\/h4>\n<p>Het evenement zal verschillende categorie\u00ebn omvatten, afgestemd op verschillende niveaus en voorkeuren:<\/p>\n<ul>\n<li>21 km (halve marathon): De hoofdrace start om 9.00 uur en biedt een volledig parcours van 21 kilometer.<\/li>\n<li>3&#215;7 estafette: Met dit format kunnen teams van drie personen het parcours in estafettes van elk 7 kilometer afleggen, beginnend om 9.00 uur.<\/li>\n<li>5 km solidariteit: Een kortere en toegankelijkere race die om 9.05 uur start, ideaal voor wie de voorkeur geeft aan een kortere afstand, maar toch aan het evenement wil deelnemen.<\/li>\n<\/ul>\n<p>De Halve Marathon van Marbella staat open voor alle lopers, mits ze op de dag van de wedstrijd minimaal 18 jaar oud zijn.<\/p>\n<p>Je hoeft geen lid te zijn van een hardloopclub om deel te nemen. Lopers moeten zich inschrijven via de offici\u00eble website van het evenement.<\/p>\n<p>Bij inschrijving v\u00f3\u00f3r 8 september wordt de naam van de deelnemer op het startnummer vermeld.<\/p>\n<ul>\n<li>Volledige <a href=\"https:\/\/www.finishers.com\/es\/evento\/media-maraton-marbella\" data-wpel-link=\"external\" target=\"_blank\" rel=\"external noopener noreferrer\" class=\"ext-link wpel-icon-right\"><strong>details &amp; registratie<\/strong><span class=\"wpel-icon wpel-image wpel-icon-2\"><\/span><\/a><\/li>\n<li>Wanneer: 27 september<\/li>\n<\/ul>\n<h3><span class=\"ez-toc-section\" id=\"Gouden_Eeuw_Filmklassiekers_%E2%80%93_Malaga\"><\/span>Gouden Eeuw Filmklassiekers &#8211; M\u00e1laga<span class=\"ez-toc-section-end\"><\/span><\/h3>\n<p><img loading=\"lazy\" decoding=\"async\" class=\"alignnone size-full wp-image-19895\" src=\"https:\/\/www.malagacar.com\/sp\/blog\/wp-content\/uploads\/2025\/08\/Edad-de-Oro-Malaga.jpg\" alt=\"Cl\u00e1sicos del Cine La Edad de Oro - M\u00e1laga\" width=\"590\" height=\"313\" \/><\/p>\n<p>De klassiekerreeks &#8220;La Edad de Oro&#8221; (De Gouden Eeuw) keert terug naar Cine Alb\u00e9niz. Het publiek kan genieten van werken van enkele van de meest gerenommeerde regisseurs uit de filmgeschiedenis, met een programma van 22 speelfilms die worden vertoond op 35mm en DCP (de digitale versie van een 35mm-film), in de originele taal met Spaanse ondertiteling (VOSE).<\/p>\n<p>Dit jaar staat &#8220;La Edad de Oro&#8221; in het teken van de honderdste geboortedag van Marilyn Monroe, Harry Dean Stanton, Rafael Azcona, Roger Corman, Paco Rabal en Mel Brooks, evenals het eeuwfeest van de film The General van Buster Keaton. Daarnaast wordt onder meer stilgestaan \u200b\u200bbij het vijftigjarig jubileum van Martin Scorsese&#8217;s Taxi Driver.<\/p>\n<ul>\n<li>Tickets zijn verkrijgbaar aan de kassa van Cine Alb\u00e9niz en op de website van <a href=\"https:\/\/www.unientradas.es\/es\/recinto\/FC-03\" data-wpel-link=\"external\" target=\"_blank\" rel=\"external noopener noreferrer\" class=\"ext-link wpel-icon-right\"><strong>Unientradas<\/strong><span class=\"wpel-icon wpel-image wpel-icon-2\"><\/span><\/a>.<\/li>\n<li><a href=\"https:\/\/cinealbeniz.com\/proximos-eventos\" data-wpel-link=\"external\" target=\"_blank\" rel=\"external noopener noreferrer\" class=\"ext-link wpel-icon-right\"><strong>Programma<\/strong><span class=\"wpel-icon wpel-image wpel-icon-2\"><\/span><\/a><\/li>\n<li>Wanneer: 4 tot 11 september<\/li>\n<li>Waar: Cine Alb\u00e9niz, M\u00e1laga<\/li>\n<li><a href=\"https:\/\/goo.gl\/maps\/SVPmNXyzfAGKJ9sY7\" data-wpel-link=\"external\" target=\"_blank\" rel=\"external noopener noreferrer\" class=\"ext-link wpel-icon-right\"><strong>Hoe er te komen<\/strong><span class=\"wpel-icon wpel-image wpel-icon-2\"><\/span><\/a><\/li>\n<\/ul>\n<h3><span class=\"ez-toc-section\" id=\"Volle_maan_in_Hydros_Spa_%E2%80%93_Benalmadena\"><\/span>Volle maan in Hydros Spa &#8211; Benalm\u00e1dena<span class=\"ez-toc-section-end\"><\/span><\/h3>\n<p><img loading=\"lazy\" decoding=\"async\" class=\"alignnone size-full wp-image-15528\" src=\"https:\/\/www.malagacar.com\/sp\/blog\/wp-content\/uploads\/2023\/05\/Noche-spa-hydros.jpg\" alt=\"Hydros Spa Benalm\u00e1dena\" width=\"900\" height=\"471\" \/><\/p>\n<p>We doen je ook een ander voorstel vanuit het Holiday World Hotel in Benalm\u00e1dena: Geniet van de Spa tijdens de nacht van de volle maan.<\/p>\n<p>Geniet van de magie van een nachtspa-sessie van 60 minuten met een spectaculair uitzicht op de baai van Benalmadena en Fuengirola, samenvallend met volle maan.<\/p>\n<p>Met welkomstdrankje en fruit, speciale aandacht. Perfect om met z&#8217;n twee\u00ebn of met vrienden van te genieten.<\/p>\n<ul>\n<li><a href=\"https:\/\/pwa.holidayworldresort.com\/experiencias\/para-mi?hotel=experiencias&amp;filters=[%2213%22]\" data-wpel-link=\"external\" target=\"_blank\" rel=\"external noopener noreferrer\" class=\"ext-link wpel-icon-right\"><strong> Reservering <\/strong><span class=\"wpel-icon wpel-image wpel-icon-2\"><\/span><\/a><\/li>\n<li>Wanneer: 26 september<\/li>\n<li><a href=\"https:\/\/maps.app.goo.gl\/8SV8SuFTrbvrLTgt8\" data-wpel-link=\"external\" target=\"_blank\" rel=\"external noopener noreferrer\" class=\"ext-link wpel-icon-right\"><strong> Hoe er te komen<\/strong><span class=\"wpel-icon wpel-image wpel-icon-2\"><\/span><\/a><\/li>\n<\/ul>\n<h3><span class=\"ez-toc-section\" id=\"Avondexcursie_naar_het_Alhambra_%E2%80%93_Granada\"><\/span>Avondexcursie naar het Alhambra &#8211; Granada<span class=\"ez-toc-section-end\"><\/span><\/h3>\n<p><img loading=\"lazy\" decoding=\"async\" class=\"alignnone size-large wp-image-19893\" src=\"https:\/\/www.malagacar.com\/sp\/blog\/wp-content\/uploads\/2025\/08\/Excursion-Alhambra-nocturna-5-septiembre-1024x640.jpg\" alt=\"Excursi\u00f3n nocturna a la Alhambra - Granada\" width=\"750\" height=\"469\" \/><\/p>\n<p>Meld je aan voor een excursie vanuit M\u00e1laga voor een avondbezoek aan het Alhambra in Granada!<\/p>\n<ul>\n<li><a href=\"https:\/\/cultopia.es\/portfolio\/excursion-nocturna-alhambra-granada\/\" data-wpel-link=\"external\" target=\"_blank\" rel=\"external noopener noreferrer\" class=\"ext-link wpel-icon-right\"><strong>More information<\/strong><span class=\"wpel-icon wpel-image wpel-icon-2\"><\/span><\/a><\/li>\n<li>Next date: September 5 \u2013 6 pm. Approximate duration: Until around 11:30 pm, when the return trip to M\u00e1laga begins.<\/li>\n<li>Booking is essential. Reserve your spot by calling +34 692 717 612 or emailing <a href=\"mailto:info@cultopia.es\"><strong>info@cultopia.es<\/strong><\/a>, providing your name, the number of spots required, and a contact phone number.<\/li>\n<li><a href=\"https:\/\/cultopia.es\/portfolio\/excursion-nocturna-alhambra-granada\/\" data-wpel-link=\"external\" target=\"_blank\" rel=\"external noopener noreferrer\" class=\"ext-link wpel-icon-right\"><strong>Meer informatie<\/strong><span class=\"wpel-icon wpel-image wpel-icon-2\"><\/span><\/a><\/li>\n<li>Volgende datum: 5 september \u2013 18.00 uur. Geschatte duur: Tot ongeveer 23.30 uur, wanneer de terugreis naar M\u00e1laga begint.<\/li>\n<li>Reserveren is verplicht. Reserveer uw plek door te bellen naar +34 692 717 612 of te mailen naar <a href=\"mailto:info@cultopia.es\"><strong>info@cultopia.es<\/strong><\/a>; vermeld daarbij uw naam, het aantal gewenste plaatsen en een telefoonnummer.<\/li>\n<\/ul>\n<h3><span class=\"ez-toc-section\" id=\"Culturele_route_bij_zonsondergang_%E2%80%93_Casares\"><\/span>Culturele route bij zonsondergang &#8211; Casares<span class=\"ez-toc-section-end\"><\/span><\/h3>\n<p><img loading=\"lazy\" decoding=\"async\" class=\"alignnone wp-image-6296\" src=\"https:\/\/www.malagacar.com\/sp\/blog\/wp-content\/uploads\/2017\/07\/mercado-medival-casares.jpg\" alt=\"casares\" width=\"720\" height=\"450\" \/><\/p>\n<p>Het prachtige witte dorp Casares, gelegen op slechts enkele kilometers van Estepona, biedt elke woensdag in september bij zonsondergang een gratis culturele rondleiding door het historische centrum aan.<\/p>\n<p>De rondleiding duurt twee uur.<\/p>\n<ul>\n<li>Gratis aanmelden kan bij het toeristenbureau van Casares, via e-mail (turismo@casares.es) of telefonisch (+34 600 413 121).<\/li>\n<li><a href=\"https:\/\/maps.app.goo.gl\/KzrAStGeLCj4Q12s9\" data-wpel-link=\"external\" target=\"_blank\" rel=\"external noopener noreferrer\" class=\"ext-link wpel-icon-right\"><strong>Hoe er te komen<\/strong><span class=\"wpel-icon wpel-image wpel-icon-2\"><\/span><\/a><\/li>\n<\/ul>\n<h3><span class=\"ez-toc-section\" id=\"Afternoon_Tea_in_Hotel_El_Fuerte_%E2%80%93_Marbella\"><\/span>Afternoon Tea in Hotel El Fuerte \u2013 Marbella<span class=\"ez-toc-section-end\"><\/span><\/h3>\n<p><img loading=\"lazy\" decoding=\"async\" class=\"alignnone size-full wp-image-19140\" src=\"https:\/\/www.malagacar.com\/sp\/blog\/wp-content\/uploads\/2025\/03\/afternoon-tea-el-fuerte.jpeg\" alt=\"Afternoon Tea en el Hotel El Fuerte \u2013 Marbella\" width=\"1000\" height=\"667\" \/><\/p>\n<p>Dit 5-sterrenhotel in Marbella heeft een nieuwe, elegante optie aan zijn programma toegevoegd, gebaseerd op de verfijnde Engelse afternoon tea. Elke middag van 16:00 tot 19:00 uur kunt u genieten van &#8220;Afternoon Tea Time&#8221; in een bevoorrechte omgeving aan zee.<\/p>\n<p>In deze elegante setting vindt u verfijnd porselein, versgebakken gebak, hartige hapjes en een zorgvuldig samengestelde selectie thee\u00ebn en infusies. Voor wie het extra speciaal wil maken, kan een glas Taittinger Brut R\u00e9serve of een kaviaararrangement worden toegevoegd.<\/p>\n<p>Reserveren is verplicht, minimaal 24 uur van tevoren, door te bellen naar +34 952 861 500 of door een e-mail te sturen naar <a href=\"mailto:guex@elfuertemarbella.com\"><strong>guex@elfuertemarbella.com<\/strong><\/a> (Gastenservice).<\/p>\n<ul>\n<li>Wanneer: Elke middag van 16:00 tot 19:00 uur<\/li>\n<li>Waar: Hotel El Fuerte, Marbella<\/li>\n<li><a href=\"https:\/\/maps.app.goo.gl\/iVD7vsBXRCALJrRb6\" data-wpel-link=\"external\" target=\"_blank\" rel=\"external noopener noreferrer\" class=\"ext-link wpel-icon-right\"><strong>Hoe er te komen<\/strong><span class=\"wpel-icon wpel-image wpel-icon-2\"><\/span><\/a><\/li>\n<\/ul>\n<h3><span class=\"ez-toc-section\" id=\"Wijn_zaterdagen_in_het_museum_%E2%80%93_Malaga\"><\/span>Wijn zaterdagen in het museum &#8211; M\u00e1laga<span class=\"ez-toc-section-end\"><\/span><\/h3>\n<p><img loading=\"lazy\" decoding=\"async\" class=\"alignnone size-large wp-image-16982\" src=\"https:\/\/www.malagacar.com\/sp\/blog\/wp-content\/uploads\/2025\/02\/sabados-de-vino-1024x534.jpg\" alt=\"S\u00e1bados de Vino en el Museo\" width=\"750\" height=\"391\" \/><\/p>\n<p>Het <a href=\"https:\/\/www.malagacar.com\/nl\/blog\/vrije-tijd\/beste-musea-in-malaga\/#Wijnmuseum\" data-wpel-link=\"internal\"><strong>Wijnmuseum<\/strong><\/a> in het historische centrum van M\u00e1laga organiseert de komende maanden verschillende &#8216;Wijnzaterdagen&#8217;. Dit is een activiteit gericht op iedereen die ge\u00efnteresseerd is in de wereld van wijn.<\/p>\n<p>Je maakt kennis met de wijnen met oorsprongsbenaming van M\u00e1laga en de wijnmakerijen die ze produceren. Proeverijen zijn natuurlijk inbegrepen!<\/p>\n<ul>\n<li>Meer <a href=\"https:\/\/museovinomalaga.com\/categoria-producto\/oferta-formativa\/\" data-wpel-link=\"external\" target=\"_blank\" rel=\"external noopener noreferrer\" class=\"ext-link wpel-icon-right\"><strong>informatie en boekingen<\/strong><span class=\"wpel-icon wpel-image wpel-icon-2\"><\/span><\/a><\/li>\n<li><a href=\"https:\/\/maps.app.goo.gl\/oiqPT8aHPtPWKwLG7\" data-wpel-link=\"external\" target=\"_blank\" rel=\"external noopener noreferrer\" class=\"ext-link wpel-icon-right\"><strong>Hoe er te komen<\/strong><span class=\"wpel-icon wpel-image wpel-icon-2\"><\/span><\/a><\/li>\n<\/ul>\n<h3><span class=\"ez-toc-section\" id=\"Nachtelijk_bezoek_aan_de_Engelse_begraafplaats_%E2%80%93_Malaga\"><\/span>Nachtelijk bezoek aan de Engelse begraafplaats &#8211; M\u00e1laga<span class=\"ez-toc-section-end\"><\/span><\/h3>\n<p><img loading=\"lazy\" decoding=\"async\" class=\"alignnone wp-image-16313\" src=\"https:\/\/www.malagacar.com\/sp\/blog\/wp-content\/uploads\/2024\/10\/Visita-nocturna-cementerio-ingles-1024x966.jpg\" alt=\"Visita nocturna al Cementerio Ingl\u00e9s - M\u00e1laga\" width=\"734\" height=\"692\" \/><\/p>\n<p>Durf alle geheimen te ontdekken die verborgen zijn in dit gedramatiseerde nachtelijke bezoek aan de historische Engelse begraafplaats. De persoonlijkheden die hier liggen komen tot leven en vertellen je hun interessante verhalen.<\/p>\n<p>Het bezoek duurt anderhalf uur. Beperkte plaatsen tot volledige bezetting is bereikt.<\/p>\n<ul>\n<li>Meer <a href=\"https:\/\/historiavivamalaga.es\/visitas-teatralizadas-en-malaga\/cementerio-ingles-en-malaga\/?_gl=1*1qg529*_up*MQ..*_ga*NzIzNDMzNDQ4LjE3NTk3MzgwNTg.*_ga_YKXC5BWRQG*czE3NTk3MzgwNTckbzEkZzAkdDE3NTk3MzgwNTckajYwJGwwJGgw*_ga_MZ8MMM82Y1*czE3NTk3MzgwNTgkbzEkZzAkdDE3NTk3MzgwNTgkajYwJGwwJGgw\" data-wpel-link=\"external\" target=\"_blank\" rel=\"external noopener noreferrer\" class=\"ext-link wpel-icon-right\"><strong>informatie &amp; tickets<\/strong><span class=\"wpel-icon wpel-image wpel-icon-2\"><\/span><\/a><\/li>\n<li>Waar: Cementerio Ingl\u00e9s, M\u00e1laga<\/li>\n<li><a href=\"https:\/\/maps.app.goo.gl\/vKia4xamSXpDjeyf6\" data-wpel-link=\"external\" target=\"_blank\" rel=\"external noopener noreferrer\" class=\"ext-link wpel-icon-right\"><strong>Hoe er te komen<\/strong><span class=\"wpel-icon wpel-image wpel-icon-2\"><\/span><\/a><\/li>\n<\/ul>\n<h3><span class=\"ez-toc-section\" id=\"Theatrale_rondleiding_door_de_schatgrot_%E2%80%93_Rincon_de_la_Victoria\"><\/span>Theatrale rondleiding door de schatgrot &#8211; Rinc\u00f3n de la Victoria<span class=\"ez-toc-section-end\"><\/span><\/h3>\n<p><img loading=\"lazy\" decoding=\"async\" class=\"size-large wp-image-7849\" src=\"https:\/\/www.malagacar.com\/sp\/blog\/wp-content\/uploads\/2020\/03\/cueva-del-tesoro-1024x625.jpg\" alt=\"cueva del tesoro\" width=\"750\" height=\"458\" \/><\/p>\n<p>Ga terug in de tijd en ontdek de geschiedenis en mysteries van de ontdekking van de Schatgrot. Een uur durende, gedramatiseerde rondleiding door de verschillende galerijen van de grot.<\/p>\n<ul>\n<li>Vooraf reserveren is vereist voor deze activiteit via <a href=\"https:\/\/entradas.turismoenrincon.es\/\" data-wpel-link=\"external\" target=\"_blank\" rel=\"external noopener noreferrer\" class=\"ext-link wpel-icon-right\"><strong>deze link<\/strong><span class=\"wpel-icon wpel-image wpel-icon-2\"><\/span><\/a>.<\/li>\n<li>Waar: Schatgrot &#8211; Rinc\u00f3n de la Victoria<\/li>\n<li><a href=\"https:\/\/maps.app.goo.gl\/3sX5qj8EcDRxP7R37\" data-wpel-link=\"external\" target=\"_blank\" rel=\"external noopener noreferrer\" class=\"ext-link wpel-icon-right\"><strong>Hoe er te komen<\/strong><span class=\"wpel-icon wpel-image wpel-icon-2\"><\/span><\/a><\/li>\n<\/ul>\n<h3><span class=\"ez-toc-section\" id=\"Ambachtelijk_bier_proeven_%E2%80%93_Malaga\"><\/span>Ambachtelijk bier proeven &#8211; M\u00e1laga<span class=\"ez-toc-section-end\"><\/span><\/h3>\n<p><img loading=\"lazy\" decoding=\"async\" class=\"alignnone size-large wp-image-18579\" src=\"https:\/\/www.malagacar.com\/sp\/blog\/wp-content\/uploads\/2024\/11\/Cata-de-cervezas-artesanas-1024x541.jpg\" alt=\"Cata de cervezas artesanas - M\u00e1laga\" width=\"750\" height=\"396\" \/><\/p>\n<p>In de populaire Soho &#8220;kunstwijk&#8221; in het centrum van M\u00e1laga kun je je inschrijven voor een proeverij van ambachtelijk bier. Namelijk bij La F\u00e1brica de Cerveza Cruzcampo, waar ambachtelijke bierproductie wordt gecombineerd met een bar, gastronomie en livemuziek.<\/p>\n<ul>\n<li>Meer <a href=\"https:\/\/lafabricadecerveza.com\/experiencias-malaga\/\" data-wpel-link=\"external\" target=\"_blank\" rel=\"external noopener noreferrer\" class=\"ext-link wpel-icon-right\"><strong>informatie en boekingen<\/strong><span class=\"wpel-icon wpel-image wpel-icon-2\"><\/span><\/a><\/li>\n<li>Waar: La F\u00e1brica, M\u00e1laga<\/li>\n<li><a href=\"https:\/\/maps.app.goo.gl\/D5DHHYApRd3cjeW37\" data-wpel-link=\"external\" target=\"_blank\" rel=\"external noopener noreferrer\" class=\"ext-link wpel-icon-right\"><strong>Hoe er te komen<\/strong><span class=\"wpel-icon wpel-image wpel-icon-2\"><\/span><\/a><\/li>\n<\/ul>\n<h3><span class=\"ez-toc-section\" id=\"Ammonieten_route_%E2%80%93_Torcal_de_Antequera\"><\/span>Ammonieten route &#8211; Torcal de Antequera<span class=\"ez-toc-section-end\"><\/span><\/h3>\n<p><a href=\"https:\/\/www.malagacar.com\/blog\/wp-content\/uploads\/2021\/07\/ammonite.jpg\" data-wpel-link=\"exclude\"><img loading=\"lazy\" decoding=\"async\" class=\"alignnone wp-image-10589 size-full\" src=\"https:\/\/www.malagacar.com\/blog\/wp-content\/uploads\/2021\/07\/ammonite.jpg\" alt=\"ammonite\" width=\"1200\" height=\"653\" \/><\/a><\/p>\n<p>Ben je al in het spectaculaire natuurpark <a href=\"https:\/\/www.malagacar.com\/nl\/blog\/vrije-tijd\/torcal-de-antequera\/\" data-wpel-link=\"internal\"><strong>Torcal de Antequera<\/strong><\/a> geweest? Als je deze fantastische karstformatie nog niet kent, kun je je opgeven voor deze rondleiding om de prachtige ammonieten (gefossiliseerde weekdieren) meer dan duizend meter boven de zee te ontdekken.<\/p>\n<p>In de komende maanden zijn er verschillende data beschikbaar tijdens de weekenden om te genieten van deze interpretatieve wandelroute door het natuurpark Torcal de Antequera.<\/p>\n<ul>\n<li>Duur: 3 uur. Lengte ongeveer 4,5 km. Moeilijkheidsgraad: Gemiddeld-laag (niet aanbevolen voor mensen met knie-, heup- of enkelblessures of jonger dan 6 jaar).<\/li>\n<li>Meer <a href=\"https:\/\/www.torcaldeantequera.com\/rutas\/visitas-guiadas\/ruta-los-ammonites\/\" data-wpel-link=\"external\" target=\"_blank\" rel=\"external noopener noreferrer\" class=\"ext-link wpel-icon-right\"><strong>info en tickets<\/strong><span class=\"wpel-icon wpel-image wpel-icon-2\"><\/span><\/a><\/li>\n<li><a href=\"https:\/\/maps.app.goo.gl\/Cm8CEBikitzXGEWN9\" data-wpel-link=\"external\" target=\"_blank\" rel=\"external noopener noreferrer\" class=\"ext-link wpel-icon-right\"><strong>Hoe er te komen<\/strong><span class=\"wpel-icon wpel-image wpel-icon-2\"><\/span><\/a><\/li>\n<\/ul>\n<h2><span class=\"ez-toc-section\" id=\"Straatmarkten_in_Malaga_in_September\"><\/span>Straatmarkten in M\u00e1laga in September<span class=\"ez-toc-section-end\"><\/span><\/h2>\n<h3><span class=\"ez-toc-section\" id=\"Ambachtsmarkt_La_Merced_%E2%80%93_Malaga\"><\/span>Ambachtsmarkt La Merced &#8211; M\u00e1laga<span class=\"ez-toc-section-end\"><\/span><\/h3>\n<p><img loading=\"lazy\" decoding=\"async\" class=\"alignnone size-full wp-image-9843\" src=\"https:\/\/www.malagacar.com\/sp\/blog\/wp-content\/uploads\/2020\/11\/Plaza-Merced-Foto-VisitaCostadelSol.webp\" alt=\"\" width=\"750\" height=\"430\" \/><\/p>\n<p>Elke <em><strong> eerste zondag van de maand <\/strong> <\/em> vindt deze kleurrijke ambachtelijke markt plaats in het hart van de oude stad, het Plaza de la Merced.<\/p>\n<p>Een ideaal idee als je een stadsmens bent en houdt van een aangename zondagse wandeling onder bloeiende jacaranda&#8217;s om daarna iets te drinken op de vele terrasjes en restaurants die het plein omringen.<\/p>\n<ul>\n<li><a href=\"https:\/\/goo.gl\/maps\/w3kV85d5km7FYWFFA\" data-wpel-link=\"external\" target=\"_blank\" rel=\"external noopener noreferrer\" class=\"ext-link wpel-icon-right\"><strong> Hoe er te komen<\/strong><span class=\"wpel-icon wpel-image wpel-icon-2\"><\/span><\/a><\/li>\n<\/ul>\n<h3><span class=\"ez-toc-section\" id=\"Stedelijke_markt_Soho_%E2%80%93_Malaga\"><\/span>Stedelijke markt Soho &#8211; M\u00e1laga<span class=\"ez-toc-section-end\"><\/span><\/h3>\n<p><img loading=\"lazy\" decoding=\"async\" class=\"alignnone wp-image-19004\" src=\"https:\/\/www.malagacar.com\/sp\/blog\/wp-content\/uploads\/2025\/03\/mercado-soho.jpg\" alt=\"Mercado Urbano del Soho - M\u00e1laga\" width=\"462\" height=\"436\" \/><\/p>\n<p>In de Soho-kunstenaarswijk, gelegen in het stadscentrum en op een steenworp afstand van de zee, vindt elke vierde zondag van de maand een ambachtsmarkt plaats met lokale producenten.<\/p>\n<p>Geniet van een wandeling door de autovrije straten van M\u00e1laga, ontdek unieke ambachtelijke producten en ga vervolgens naar een van de vele bars en terrassen voor een hapje, tapas of een zondagse lunch.<\/p>\n<ul>\n<li>Wanneer: Elke 4e zondag van de maand van 11.00 tot 19.00 uur<\/li>\n<li><a href=\"https:\/\/maps.app.goo.gl\/asfjfpNXfTL9Dkx79\" data-wpel-link=\"external\" target=\"_blank\" rel=\"external noopener noreferrer\" class=\"ext-link wpel-icon-right\"><strong>Hoe er te komen<\/strong><span class=\"wpel-icon wpel-image wpel-icon-2\"><\/span><\/a><\/li>\n<\/ul>\n<h3><span class=\"ez-toc-section\" id=\"De_Engelse_Megraafplaats_Markt_%E2%80%93_Malaga\"><\/span>De Engelse Megraafplaats Markt \u2013 M\u00e1laga<span class=\"ez-toc-section-end\"><\/span><\/h3>\n<p><img loading=\"lazy\" decoding=\"async\" class=\"alignnone size-full wp-image-16454\" src=\"https:\/\/www.malagacar.com\/sp\/blog\/wp-content\/uploads\/2024\/11\/Mercadillo-del-Ingles-1024x683-1.jpg\" alt=\"Mercadillo del Ingl\u00e9s \u2013 M\u00e1laga\" width=\"1024\" height=\"683\" \/><\/p>\n<p>Een nieuw formaat speciale vlooienmarkt wordt toegevoegd aan het culturele aanbod in de stad.<\/p>\n<p>Eens per maand wordt er op de <a href=\"https:\/\/www.malagacar.com\/nl\/blog\/wat-te-doen-in-malaga\/merkwaardige-begraafplaatsen-malaga\/#Engelse_Begraafplaats_Malaga\" data-wpel-link=\"internal\"><strong>Engelse begraafplaats<\/strong><\/a> in het stadscentrum een vlooienmarkt gehouden met handwerk, vintage decoratie, tweedehands boeken, keramiek en unieke producten. Er is ook livemuziek en er zijn foodtrucks.<\/p>\n<p>Wat bijzonder is, is de plek zelf, een emblematische plek vol charme: de Engelse Begraafplaats, de oudste niet-katholieke necropolis op het Iberisch schiereiland. Wandelend door de prachtige tuin kun je de graven ontdekken van internationale persoonlijkheden uit die tijd die hier begraven liggen.<\/p>\n<p>Gratis toegang.<\/p>\n<ul>\n<li>Volgende editie op de <a href=\"https:\/\/cementerioinglesmalaga.org\/\" data-wpel-link=\"external\" target=\"_blank\" rel=\"external noopener noreferrer\" class=\"ext-link wpel-icon-right\"><strong>offici\u00eble website<\/strong><span class=\"wpel-icon wpel-image wpel-icon-2\"><\/span><\/a><\/li>\n<li><a href=\"https:\/\/maps.app.goo.gl\/ibfgQuF52hBNZoD86\" data-wpel-link=\"external\" target=\"_blank\" rel=\"external noopener noreferrer\" class=\"ext-link wpel-icon-right\"><strong>Hoe er te komen<\/strong><span class=\"wpel-icon wpel-image wpel-icon-2\"><\/span><\/a><\/li>\n<\/ul>\n<h3><span class=\"ez-toc-section\" id=\"Straatmarkt_%E2%80%93_Puerto_Banus_Marbella\"><\/span>Straatmarkt &#8211; Puerto Ban\u00fas (Marbella)<span class=\"ez-toc-section-end\"><\/span><\/h3>\n<p><img loading=\"lazy\" decoding=\"async\" class=\"alignnone size-large wp-image-19815\" src=\"https:\/\/www.malagacar.com\/sp\/blog\/wp-content\/uploads\/2025\/08\/mercadillo-puerto-banus-1024x512.jpg\" alt=\"Mercadillo Puerto Ban\u00fas \" width=\"750\" height=\"375\" \/><\/p>\n<p>De straatmarkt van Puerto Ban\u00fas is een van de populairste markten aan de Costa del Sol. Deze vindt elke zaterdag plaats van 09.00 tot 14.00 uur in Nueva Andaluc\u00eda, tussen de Avenida Pilar Calvo (naast de arena) en Centro Plaza.<\/p>\n<p>Het is een openluchtmarkt die een traditionele sfeer combineert met de voor de regio kenmerkende verfijning. De markt onderscheidt zich door een breed aanbod aan producten, zoals mode en accessoires, handwerk en decoratie, sieraden en verse etenswaren.<\/p>\n<p>Veel caf\u00e9s in en rond Centro Plaza zijn geopend, zodat bezoekers in de zon van een kop koffie of zelfs een lunch kunnen genieten te midden van de levendige sfeer.<\/p>\n<ul>\n<li><a href=\"https:\/\/maps.app.goo.gl\/Gt1jEsYrVsXT9a2A6\" data-wpel-link=\"external\" target=\"_blank\" rel=\"external noopener noreferrer\" class=\"ext-link wpel-icon-right\"><strong>Hoe er te komen<\/strong><span class=\"wpel-icon wpel-image wpel-icon-2\"><\/span><\/a><strong>\u00a0<\/strong><\/li>\n<\/ul>\n<h3><span class=\"ez-toc-section\" id=\"Ambachtsmarkt_in_Cartama\"><\/span>Ambachtsmarkt in C\u00e1rtama<span class=\"ez-toc-section-end\"><\/span><\/h3>\n<p><img loading=\"lazy\" decoding=\"async\" class=\"alignnone wp-image-18937\" src=\"https:\/\/www.malagacar.com\/sp\/blog\/wp-content\/uploads\/2026\/01\/mercado-artesanal-cartama.jpg\" alt=\"Mercado Artesanal de C\u00e1rtama\" width=\"501\" height=\"706\" \/><\/p>\n<p>Elke eerste zondag van de maand vindt er een ambachtsmarkt plaats in C\u00e1rtama, met een breed scala aan unieke, handgemaakte artikelen en lokale voedingsproducten.<\/p>\n<p>De markt bevindt zich in het park van de woonwijk Los Naranjos, naast de markt bij het treinstation van C\u00e1rtama, en is geopend van 9.00 tot 14.00 uur.<\/p>\n<ul>\n<li><a href=\"https:\/\/maps.app.goo.gl\/sFxk8nydT4Pyx8CY6\" data-wpel-link=\"external\" target=\"_blank\" rel=\"external noopener noreferrer\" class=\"ext-link wpel-icon-right\"><strong>Hoe er te komen<\/strong><span class=\"wpel-icon wpel-image wpel-icon-2\"><\/span><\/a><\/li>\n<\/ul>\n<h3><span class=\"ez-toc-section\" id=\"Maandelijkse_markt_%E2%80%93_Corumbela_Axarquia\"><\/span>Maandelijkse markt \u2013 Corumbela, Axarqu\u00eda<span class=\"ez-toc-section-end\"><\/span><\/h3>\n<p><img loading=\"lazy\" decoding=\"async\" class=\"alignnone wp-image-19421\" src=\"https:\/\/www.malagacar.com\/sp\/blog\/wp-content\/uploads\/2025\/05\/mercado-corumbela-820x1024.jpg\" alt=\"Mercado mensual \u2013 Corumbela\" width=\"481\" height=\"601\" \/><\/p>\n<p>Zin om de regio Axarqu\u00eda in M\u00e1laga te verkennen en uw rondreis te combineren met een bezoek aan een lokale markt?<\/p>\n<p>Corumbela, met minder dan 300 inwoners, is een van de hoogstgelegen dorpen in de Axarqu\u00eda, op een hoogte van 632 meter. Deze hoogte biedt een prachtig uitzicht in alle richtingen. Er zijn zelfs uitkijkpunten vanwaar u de Middellandse Zee kunt zien.<\/p>\n<p>De markt in Corumbela wordt elke eerste woensdag van de maand gehouden op het enige plein van het dorp. Hier vindt u lokale producten, handwerk, zelfgemaakte zoetigheden, kleding en accessoires, en kunt u authentieke creaties en smaken ontdekken. De volgende markt is op 4 maart.<\/p>\n<ul>\n<li>Wanneer: Elke eerste woensdag van de maand, van 10.00 tot 14.00 uur<\/li>\n<li>Waar: Plaza de San Pedro, Corumbela<\/li>\n<li><a href=\"https:\/\/maps.app.goo.gl\/yK4P9qZh1bz9WjHi7\" data-wpel-link=\"external\" target=\"_blank\" rel=\"external noopener noreferrer\" class=\"ext-link wpel-icon-right\"><strong>Hoe er te komen<\/strong><span class=\"wpel-icon wpel-image wpel-icon-2\"><\/span><\/a><\/li>\n<\/ul>\n<h3><span class=\"ez-toc-section\" id=\"Ambachtsmarkt_%E2%80%93_Torrox_Pueblo\"><\/span>Ambachtsmarkt \u2013 Torrox Pueblo<span class=\"ez-toc-section-end\"><\/span><\/h3>\n<p><img loading=\"lazy\" decoding=\"async\" class=\"alignnone wp-image-19232\" src=\"https:\/\/www.malagacar.com\/sp\/blog\/wp-content\/uploads\/2026\/03\/mercado-artesanal-Torrox-pueblo-796x1024.jpg\" alt=\"Mercado Artesanal \u2013 Torrox Pueblo\" width=\"453\" height=\"583\" \/><\/p>\n<p>Het centrale Plaza de la Constituci\u00f3n is tijdens de warmere maanden de locatie voor de Internationale Ambachtsmarkt.<\/p>\n<p>Deze markt vindt elke laatste zaterdag van de maand plaats tot en met november en biedt zo&#8217;n 40 kraampjes met kunst en handwerk, evenals livemuziek, van 10:00 tot 15:00 uur.<\/p>\n<p>In juli en augustus verandert de markt in een avondmarkt, geopend van 19:00 tot middernacht.<\/p>\n<ul>\n<li>Wanneer: Elke laatste zaterdag van de maand<\/li>\n<li>Waar: Torrox Pueblo<\/li>\n<li><a href=\"https:\/\/maps.app.goo.gl\/nNfFDzXbFCoCZDSSA\" data-wpel-link=\"external\" target=\"_blank\" rel=\"external noopener noreferrer\" class=\"ext-link wpel-icon-right\"><strong>Hoe er te komen<\/strong><span class=\"wpel-icon wpel-image wpel-icon-2\"><\/span><\/a><\/li>\n<\/ul>\n<h3><span class=\"ez-toc-section\" id=\"Vlooienmarkten_en_straatmarkten_in_de_provincie\"><\/span>Vlooienmarkten en straatmarkten in de provincie<span class=\"ez-toc-section-end\"><\/span><\/h3>\n<p><a href=\"https:\/\/www.malagacar.com\/nl\/blog\/wat-te-doen-in-malaga\/straatmarkten-malaga\/\" data-wpel-link=\"internal\"><img loading=\"lazy\" decoding=\"async\" class=\"alignnone size-full wp-image-5265\" src=\"https:\/\/www.malagacar.com\/nl\/blog\/wp-content\/uploads\/2024\/05\/mercadillos-nl.jpg\" alt=\"straatmarkten in M\u00e1laga\" width=\"1200\" height=\"691\" srcset=\"https:\/\/www.malagacar.com\/nl\/blog\/wp-content\/uploads\/2024\/05\/mercadillos-nl.jpg 1200w, https:\/\/www.malagacar.com\/nl\/blog\/wp-content\/uploads\/2024\/05\/mercadillos-nl-300x173.jpg 300w, https:\/\/www.malagacar.com\/nl\/blog\/wp-content\/uploads\/2024\/05\/mercadillos-nl-1024x590.jpg 1024w, https:\/\/www.malagacar.com\/nl\/blog\/wp-content\/uploads\/2024\/05\/mercadillos-nl-768x442.jpg 768w\" sizes=\"auto, (max-width: 1200px) 100vw, 1200px\" \/><\/a><\/p>\n<p>In de gemeenten langs de Costa del Sol is er een breed aanbod van wekelijkse straatmarkten en vlooienmarkten.<\/p>\n<p>Je vindt er van alles, van vers fruit en groenten, gedroogd fruit en noten, olijven en kruiden, speelgoed, aardewerk en typisch handwerk tot kleding, schoenen, bloemen en potten, namaakdesignerartikelen en nog veel meer.<\/p>\n<ul>\n<li>Hier vind je alle <a href=\"https:\/\/www.malagacar.com\/nl\/blog\/wat-te-doen-in-malaga\/straatmarkten-malaga\/\" data-wpel-link=\"internal\"><strong>Vlooienmarkten &amp; Straatmarkten in M\u00e1laga en de Costa del Sol<\/strong><\/a><\/li>\n<\/ul>\n<h2><span class=\"ez-toc-section\" id=\"Bezoek_de_Musea_van_Malaga\"><\/span>Bezoek de Musea van M\u00e1laga<span class=\"ez-toc-section-end\"><\/span><\/h2>\n<figure id=\"attachment_5775\" aria-describedby=\"caption-attachment-5775\" style=\"width: 700px\" class=\"wp-caption alignnone\"><img loading=\"lazy\" decoding=\"async\" class=\"wp-image-5775 size-full\" src=\"https:\/\/www.malagacar.com\/dk\/blog\/wp-content\/uploads\/2020\/01\/museo-picasso-vista-nocturna.jpg\" alt=\"\" width=\"700\" height=\"450\" \/><figcaption id=\"caption-attachment-5775\" class=\"wp-caption-text\">Nachtzicht op het Picasso Museum<\/figcaption><\/figure>\n<ul>\n<li>Veel <a href=\"https:\/\/www.malagacar.com\/dk\/blog\/freizeit\/museen-in-malaga\/\" data-wpel-link=\"exclude\"><strong>musea in M\u00e1laga<\/strong><\/a> bieden naast hun permanente collecties vaak tijdelijke tentoonstellingen aan.<\/li>\n<li>Kaart van de <strong><a href=\"https:\/\/goo.gl\/maps\/xLvkHvv8x5NJm199A\" data-wpel-link=\"external\" target=\"_blank\" rel=\"external noopener noreferrer\" class=\"ext-link wpel-icon-right\">musea in M\u00e1laga in \u00e9\u00e9n oogopslag<span class=\"wpel-icon wpel-image wpel-icon-2\"><\/span><\/a><\/strong>.<\/li>\n<\/ul>\n<h3><span class=\"ez-toc-section\" id=\"Rondleiding_door_het_wijnmuseum_%E2%80%93_Malaga\"><\/span>Rondleiding door het wijnmuseum &#8211; M\u00e1laga<span class=\"ez-toc-section-end\"><\/span><\/h3>\n<p><img loading=\"lazy\" decoding=\"async\" class=\"alignnone size-large wp-image-18556\" src=\"https:\/\/www.malagacar.com\/sp\/blog\/wp-content\/uploads\/2025\/11\/museo-del-vino2-1024x684.jpg\" alt=\"Museo del Vino de M\u00e1laga\" width=\"750\" height=\"501\" \/><\/p>\n<p>Geniet van een rondleiding door het Wijnmuseum van M\u00e1laga, dat is gevestigd in het 18e-eeuwse Palacio de Biedmas.<\/p>\n<p>Met een oppervlakte van meer dan achthonderd vierkante meter \u2013 inclusief tentoonstellingsruimtes en een winkel \u2013 biedt het museum een \u200b\u200buitgebreid overzicht van de geschiedenis en geografie van wijnen met de herkomstbenaming (D.O.) M\u00e1laga.<\/p>\n<p>Aan het einde van de rondleiding kunnen bezoekers twee wijnen proeven met de beschermde oorsprongsbenamingen (D.O.P.) M\u00e1laga en Sierras de M\u00e1laga.<\/p>\n<ul>\n<li>Meer <a href=\"https:\/\/www.museosdelvino.es\/museos\/museo-del-vino-malaga\/\" data-wpel-link=\"external\" target=\"_blank\" rel=\"external noopener noreferrer\" class=\"ext-link wpel-icon-right\"><strong>informatie en reserveringen<\/strong><span class=\"wpel-icon wpel-image wpel-icon-2\"><\/span><\/a><\/li>\n<li>Locatie: Wijnmuseum, M\u00e1laga<\/li>\n<li><a href=\"https:\/\/maps.app.goo.gl\/RXG7M6kebVkFH2ddA\" data-wpel-link=\"external\" target=\"_blank\" rel=\"external noopener noreferrer\" class=\"ext-link wpel-icon-right\"><strong>Hoe er te komen<\/strong><span class=\"wpel-icon wpel-image wpel-icon-2\"><\/span><\/a><\/li>\n<\/ul>\n<h3><span class=\"ez-toc-section\" id=\"Rondleidingen_in_de_historische_botanische_tuin_La_Concepcion\"><\/span>Rondleidingen in de historische botanische tuin La Concepci\u00f3n<span class=\"ez-toc-section-end\"><\/span><\/h3>\n<p><img loading=\"lazy\" decoding=\"async\" class=\"alignnone wp-image-15201\" src=\"https:\/\/www.malagacar.com\/sp\/blog\/wp-content\/uploads\/2023\/02\/Botanico.jpg\" alt=\"Visitas guiadas en el Jard\u00edn Bot\u00e1nico Hist\u00f3rico La Concepci\u00f3n\" width=\"445\" height=\"624\" \/><\/p>\n<p>Rondleidingen in de tuin van La Concepci\u00f3n zijn terug. Geniet in het weekend van een rondleiding door de prachtige <a href=\"https:\/\/www.malagacar.com\/nl\/blog\/vrije-tijd\/historische-botanische-tuin-malaga\/\" data-wpel-link=\"internal\"><strong>historische botanische tuin La Concepci\u00f3n<\/strong><\/a>, overdag of &#8217;s avonds.<\/p>\n<p>Op zaterdag en zondag om 12 uur zijn er &#8220;Charming walks&#8221;. Op vrijdag zijn er in de schemering &#8220;Nachten met geschiedenis&#8221; (van oktober tot maart om 20.00 uur, van april tot september om 21.00 uur). De rondleidingen duren ongeveer anderhalf uur.<\/p>\n<ul>\n<li>Informatie en reserveringen: <a href=\"mailto:infojbotanicomalaga@gmail.com\">infojbotanicomalaga@gmail.com<\/a> of de telefoons +34 951926180 \/ +34 639914055.<\/li>\n<li><a href=\"https:\/\/maps.app.goo.gl\/yE9TdeVfEzp1q8nF7\" data-wpel-link=\"external\" target=\"_blank\" rel=\"external noopener noreferrer\" class=\"ext-link wpel-icon-right\"><strong> Hoe er te komen <\/strong><span class=\"wpel-icon wpel-image wpel-icon-2\"><\/span><\/a><\/li>\n<\/ul>\n<h3><span class=\"ez-toc-section\" id=\"Bezoek_aan_de_Victoria_brouwerij_%E2%80%93_Malaga\"><\/span>Bezoek aan de Victoria brouwerij &#8211; M\u00e1laga<span class=\"ez-toc-section-end\"><\/span><\/h3>\n<p><img loading=\"lazy\" decoding=\"async\" class=\"alignnone size-full wp-image-16182\" src=\"https:\/\/www.malagacar.com\/sp\/blog\/wp-content\/uploads\/2023\/10\/cerveza-victoria.jpg\" alt=\"F\u00e1brica de cerveza Victoria - M\u00e1laga\" width=\"900\" height=\"471\" \/><\/p>\n<p>Wist u dat Cervezas Victoria rondleidingen aanbiedt waarbij u meer te weten kunt komen over het productieproces en de geschiedenis?<\/p>\n<p>Als u van bier houdt, kan het interessant zijn om deze 100% Malague\u00f1a-brouwerij te bezoeken.<\/p>\n<p>Het is een rondleiding van 90 minuten waarbij u uit eerste hand de geheimen van het Victoria-bier &#8220;Malague\u00f1a y exquisita&#8221; leert kennen en het natuurlijk ook kunt proeven!<\/p>\n<ul>\n<li>Rondleidingen beschikbaar in het Spaans en Engels via <strong><a href=\"https:\/\/visitas.cervezavictoria.es\/muslinkIII_vic_nofr\/venda\/index.jsp?lang=1&amp;nom_cache=VICTORIA&amp;property=VICTORIA#close\" target=\"_blank\" rel=\"nofollow noopener external noreferrer\" data-wpel-link=\"external\" class=\"ext-link wpel-icon-right\">deze link<span class=\"wpel-icon wpel-image wpel-icon-2\"><\/span><\/a><\/strong>.<\/li>\n<li><a href=\"https:\/\/www.cervezavictoria.es\/es\" target=\"_blank\" rel=\"nofollow noopener external noreferrer\" data-wpel-link=\"external\" class=\"ext-link wpel-icon-right\"><strong>Website<\/strong><span class=\"wpel-icon wpel-image wpel-icon-2\"><\/span><\/a><\/li>\n<li><a href=\"https:\/\/goo.gl\/maps\/xkcUqWb22oHAaqFc6\" target=\"_blank\" rel=\"nofollow noopener external noreferrer\" data-wpel-link=\"external\" class=\"ext-link wpel-icon-right\"><strong>Routebeschrijving<\/strong><span class=\"wpel-icon wpel-image wpel-icon-2\"><\/span><\/a><\/li>\n<\/ul>\n<h3><span class=\"ez-toc-section\" id=\"Gedramatiseerde_nachtelijke_rondleidingen_Automobielmuseum_%E2%80%93_Malaga\"><\/span>Gedramatiseerde nachtelijke rondleidingen Automobielmuseum &#8211; M\u00e1laga<span class=\"ez-toc-section-end\"><\/span><\/h3>\n<p><img loading=\"lazy\" decoding=\"async\" class=\" wp-image-9447\" src=\"https:\/\/www.malagacar.com\/sp\/blog\/wp-content\/uploads\/2021\/09\/museo-automovilistico2.jpg\" alt=\"Museo Automovil\u00edstico\" width=\"982\" height=\"656\" \/><\/p>\n<p>Historia Viva M\u00e1laga heeft gedramatiseerde nachtelijke bezoeken georganiseerd aan het Automobile and Fashion Museum in M\u00e1laga. Bezoekers kunnen leren over de geschiedenis van historische auto&#8217;s door middel van relevante personages.<\/p>\n<p>Onder deze personages zijn Agent 007, die zijn licentie om te doden vernieuwt, of Amelia Earhart, de eerste vrouwelijke vliegenier die de Atlantische Oceaan overstak, Coco Chanel of Salvador Dal\u00ed. De rondleiding duurt ongeveer anderhalf uur.<\/p>\n<ul>\n<li>Tickets bij de <a href=\"https:\/\/historiavivamalaga.es\/visitas-teatralizadas-en-malaga\/museo-automovilistico-y-de-la-moda-en-malaga\/\" data-wpel-link=\"external\" target=\"_blank\" rel=\"external noopener noreferrer\" class=\"ext-link wpel-icon-right\"><strong>Website<\/strong><span class=\"wpel-icon wpel-image wpel-icon-2\"><\/span><\/a><\/li>\n<li>Wanneer: De eerste vrijdag van elke maand (zolang de evenementenkalender van het museum het toelaat)<\/li>\n<li>Waar: Museo Automovil\u00edstico y de la Moda M\u00e1laga<\/li>\n<li><a href=\"https:\/\/maps.app.goo.gl\/G5hqDkF77EADCBBg8\" data-wpel-link=\"external\" target=\"_blank\" rel=\"external noopener noreferrer\" class=\"ext-link wpel-icon-right\"><strong> Hoe er te komen <\/strong><span class=\"wpel-icon wpel-image wpel-icon-2\"><\/span><\/a><\/li>\n<\/ul>\n<h2><span class=\"ez-toc-section\" id=\"Gastronomische_festivals_in_Malaga_in_September\"><\/span>Gastronomische festivals in M\u00e1laga in September<span class=\"ez-toc-section-end\"><\/span><\/h2>\n<h3><span class=\"ez-toc-section\" id=\"Wijnoogstfeest_%E2%80%93_Manilva\"><\/span>Wijnoogstfeest &#8211; Manilva<span class=\"ez-toc-section-end\"><\/span><\/h3>\n<p>Tijdens het eerste weekend van september vieren de straten van Manilva het einde van de druivenoogst met het oogstfeest.<\/p>\n<p><img loading=\"lazy\" decoding=\"async\" class=\"alignnone wp-image-7182 size-full\" src=\"https:\/\/www.malagacar.com\/sp\/blog\/wp-content\/uploads\/2019\/08\/Manilva-Vendimina.jpg\" alt=\"Manilva vendimia\" width=\"550\" height=\"366\" \/><\/p>\n<p>Dit festival onderscheidt zich door zijn unieke karakter en het stampen van de druiven om de eerste most van het jaar te winnen, die vervolgens onder de bezoekers wordt verdeeld.<\/p>\n<p>Het hoogtepunt van het festival is op zondag, met een dagmarkt in Calle Mar, een parade van ruiters, muziek en dans.<\/p>\n<h4>Programma<\/h4>\n<p><strong>Vrijdag 4 september<\/strong><br \/>\n\u2022 22.00 uur: Offici\u00eble opening van de festiviteiten met het traditionele Flamencofestival van de Druivenoogst bij de Pablo Picasso-school.<br \/>\n<strong>Zaterdag 5 september<\/strong><br \/>\n\u2022 19.30 uur: Heilige mis in de Santa Ana-kerk.<br \/>\n\u2022 20.30 uur: Processie ter ere van de Maagd, offerande van de mooiste druiventrossen en de wedstrijd &#8216;Zwaarste Druiventros&#8217; in de Calle Mar.<br \/>\n\u2022 22.30 uur: Livemuziek, straatdans in de Calle Mar en dj-sets op het Plaza de la Vendimia.<br \/>\n<strong>Zondag 6 september<\/strong><br \/>\n\u2022 13.00 uur: Opening van de dagfestiviteiten in de Calle Mar, met gratis proeverijen van lokale druiven en <em>mosto<\/em> (vers geperst druivensap).<br \/>\n\u2022 13.30 uur: Grote parade van ruiters en demonstratie <em>doma vaquera<\/em> (traditionele Andalusische dressuur in cowboystijl).<br \/>\n\u2022 14.00 uur: Optredens met livemuziek, rociero-koren en verdiales-groepen.<br \/>\n\u2022 19.00 uur: Het hoogtepunt van het festival: de traditionele ceremonie van het druiventrappen op het Plaza de la Vendimia om de eerste mosto van het jaar te winnen.<br \/>\n\u2022 21.30 uur: Vervolg van de straatdans en afsluiting van het festival met livemuziek.<\/p>\n<ul>\n<li>Wanneer: 5 en 6 september<\/li>\n<li>Waar: Manilva<\/li>\n<li><a href=\"https:\/\/goo.gl\/maps\/XevNUyNqRsUEbMgD6\" data-wpel-link=\"external\" target=\"_blank\" rel=\"external noopener noreferrer\" class=\"ext-link wpel-icon-right\"><strong>Hoe er te komen<\/strong><span class=\"wpel-icon wpel-image wpel-icon-2\"><\/span><\/a><\/li>\n<\/ul>\n<h3><span class=\"ez-toc-section\" id=\"Ansjovisfestival_%E2%80%93_Rincon_de_la_Victoria\"><\/span>Ansjovisfestival &#8211; Rinc\u00f3n de la Victoria<span class=\"ez-toc-section-end\"><\/span><\/h3>\n<figure id=\"attachment_14256\" aria-describedby=\"caption-attachment-14256\" style=\"width: 999px\" class=\"wp-caption alignnone\"><img loading=\"lazy\" decoding=\"async\" class=\" wp-image-14256\" src=\"https:\/\/www.malagacar.com\/sp\/blog\/wp-content\/uploads\/2022\/08\/Anchoas-fritas-Credit-Depositphotos.jpg\" alt=\"Fiesta del Boquer\u00f3n Victoriano\" width=\"999\" height=\"663\" \/><figcaption id=\"caption-attachment-14256\" class=\"wp-caption-text\">Credit <a href=\"https:\/\/sp.depositphotos.com\/home.html\" data-wpel-link=\"external\" target=\"_blank\" rel=\"external noopener noreferrer\" class=\"ext-link wpel-icon-right\">Depositphotos<span class=\"wpel-icon wpel-image wpel-icon-2\"><\/span><\/a><\/figcaption><\/figure>\n<p>Het populaire gastronomische evenement in Rinc\u00f3n de la Victoria vindt plaats van 8 tot en met 13 september.<\/p>\n<p>Dit gastronomische festival brengt een ode aan de ansjovis met een breed scala aan activiteiten, zoals showcooking, de Mercado Sabor a M\u00e1laga en livemuziek. En natuurlijk zijn er gratis proeverijen van gefrituurde en gepekelde ansjovis.<\/p>\n<p>De Sabor a M\u00e1laga-markt vindt plaats op Plaza Al \u00c1ndalus van 12.00 tot 23.00 uur en biedt lokale producten zoals brood, vleeswaren, wijnen, aardappelen, honing, olijfolie, chocolade, gebak, kazen en jams.<\/p>\n<ul>\n<li>Wanneer: Van 8 tot 13 september<\/li>\n<li>Waar: Rinc\u00f3n de la Victoria<\/li>\n<li><a href=\"https:\/\/goo.gl\/maps\/CQSJPXHbA3K3TM1e8\" data-wpel-link=\"external\" target=\"_blank\" rel=\"external noopener noreferrer\" class=\"ext-link wpel-icon-right\"><strong>Hoe er te komen<\/strong><span class=\"wpel-icon wpel-image wpel-icon-2\"><\/span><\/a><\/li>\n<\/ul>\n<h3><span class=\"ez-toc-section\" id=\"Wijngaardenfestival_%E2%80%93_Moclinejo\"><\/span>Wijngaardenfestival \u2013 Moclinejo<span class=\"ez-toc-section-end\"><\/span><\/h3>\n<figure id=\"attachment_18076\" aria-describedby=\"caption-attachment-18076\" style=\"width: 716px\" class=\"wp-caption alignnone\"><img loading=\"lazy\" decoding=\"async\" class=\"size-full wp-image-18076\" src=\"https:\/\/www.malagacar.com\/sp\/blog\/wp-content\/uploads\/2025\/08\/Moclinejo.-Credit-Diputacion-de-Malaga.jpg\" alt=\"Fiesta de los Vi\u00f1eros \u2013 Moclinejo\" width=\"716\" height=\"474\" \/><figcaption id=\"caption-attachment-18076\" class=\"wp-caption-text\">Credit Provinciale Raad van M\u00e1laga<\/figcaption><\/figure>\n<p>Een ander wijnfestival neemt ons mee naar het hart van de Axarqu\u00eda, een regio die al eeuwenlang bekendstaat om zijn muskaatdruiven.<\/p>\n<p>Dit festival, dat doorgaans plaatsvindt op de tweede zondag in september, viert het hoogtepunt van de druivenoogst en is de perfecte gelegenheid om je onder te dompelen in de essentie van de Axarqu\u00eda.<\/p>\n<p>Tijdens de viering is er traditionele Verdiales-muziek, worden de druivenoogst nagespeeld en vindt de beroemde traditionele &#8220;pis\u00e1&#8221; (het stampen van de druiven) plaats.<\/p>\n<p>Er zijn talloze kraampjes met lokale producten in de straten en op verschillende plekken in de stad worden proeverijen van typische producten en muskaatwijn aangeboden, begeleid door muziek van lokale artiesten.<\/p>\n<ul>\n<li>Wanneer: 13 september<\/li>\n<li>Waar: Moclinejo<\/li>\n<li><a href=\"https:\/\/maps.app.goo.gl\/j2vG21Fm1dRhGzaN7\" data-wpel-link=\"external\" target=\"_blank\" rel=\"external noopener noreferrer\" class=\"ext-link wpel-icon-right\"><strong>Hoe er te komen<\/strong><span class=\"wpel-icon wpel-image wpel-icon-2\"><\/span><\/a><\/li>\n<\/ul>\n<h3><span class=\"ez-toc-section\" id=\"Een_smaak_van_Competa_%E2%80%93_Competa\"><\/span>Een smaak van C\u00f3mpeta &#8211; C\u00f3mpeta<span class=\"ez-toc-section-end\"><\/span><\/h3>\n<p><img loading=\"lazy\" decoding=\"async\" class=\"alignnone wp-image-18081\" src=\"https:\/\/www.malagacar.com\/sp\/blog\/wp-content\/uploads\/2025\/08\/sabor-a-competa-1024x724.jpg\" alt=\"Sabor a C\u00f3mpeta \" width=\"509\" height=\"360\" \/><\/p>\n<p>C\u00f3mpeta is een klein wit dorpje op meer dan 600 meter boven zeeniveau in de regio Axarqu\u00eda. Naast zijn charme valt dit dorp op door het hoge percentage buitenlanders dat er woont.<\/p>\n<figure id=\"attachment_15886\" aria-describedby=\"caption-attachment-15886\" style=\"width: 1000px\" class=\"wp-caption alignnone\"><img loading=\"lazy\" decoding=\"async\" class=\"size-full wp-image-15886\" src=\"https:\/\/www.malagacar.com\/sp\/blog\/wp-content\/uploads\/2024\/08\/Competa-D.jpg\" alt=\"competa\" width=\"1000\" height=\"715\" \/><figcaption id=\"caption-attachment-15886\" class=\"wp-caption-text\">Credit Depositphotos<\/figcaption><\/figure>\n<p>Dit jaar organiseert het dorp de 4. editie van een groots gastronomisch festival, ter ere van de 50 nationaliteiten die C\u00f3mpeta hun thuis noemen. De stad ontwikkelt zich tot een internationaal culinair centrum, met een aanbod van alles, van Afrikaanse kruiden tot Europese klassiekers, Latijns-Amerikaans streetfood en Aziatische delicatessen. Ga je het missen?<\/p>\n<p>Dit gastronomische evenement, dat plaatsvindt op zaterdag 26 september vanaf 14.00 uur op de Plaza de Espa\u00f1a, telt 30 kraampjes met internationale en lokale gerechten.<\/p>\n<p>Muziekoptredens van alle genres zullen het evenement opvrolijken.<\/p>\n<ul>\n<li>Wanneer: 26 september vanaf 14:00 uur<\/li>\n<li>Waar: C\u00f3mpeta<\/li>\n<li><a href=\"https:\/\/maps.app.goo.gl\/VPjgq4MDfrVqPt2p8\" data-wpel-link=\"external\" target=\"_blank\" rel=\"external noopener noreferrer\" class=\"ext-link wpel-icon-right\"><strong>Hoe er te komen<\/strong><span class=\"wpel-icon wpel-image wpel-icon-2\"><\/span><\/a><\/li>\n<\/ul>\n<h3><span class=\"ez-toc-section\" id=\"Amandeldag_%E2%80%93_Almogia\"><\/span>Amandeldag &#8211; Almog\u00eda<span class=\"ez-toc-section-end\"><\/span><\/h3>\n<figure id=\"attachment_18084\" aria-describedby=\"caption-attachment-18084\" style=\"width: 750px\" class=\"wp-caption alignnone\"><img loading=\"lazy\" decoding=\"async\" class=\"size-large wp-image-18084\" src=\"https:\/\/www.malagacar.com\/sp\/blog\/wp-content\/uploads\/2025\/08\/dia-almendra-almogia-Credit-Diputacion-de-Malaga-1024x570.jpg\" alt=\"D\u00eda de la Almendra - Almog\u00eda\" width=\"750\" height=\"417\" \/><figcaption id=\"caption-attachment-18084\" class=\"wp-caption-text\">Foto: Provincieraad van M\u00e1laga<\/figcaption><\/figure>\n<p>Het amandeloogstseizoen loopt van augustus tot september. Op de laatste zondag van september brengt het dorp Almog\u00eda, gelegen in de bergen van M\u00e1laga, een eerbetoon aan deze vrucht.<\/p>\n<p><iframe loading=\"lazy\" title=\"D\u00eda de la almendra. Almog\u00eda. Septiembre. Fiesta Singular\" src=\"https:\/\/www.youtube.com\/embed\/5bzxbL_KPHE\" width=\"696\" height=\"391\" frameborder=\"0\" allowfullscreen=\"allowfullscreen\"><\/iframe><\/p>\n<p>De hele dag door zijn er tentoonstellingen en proeverijen van lokale producten zoals chanfaina (traditionele vleesstoofpot), kaas, amandelkoekjes en streekwijnen. Je ziet ook demonstraties van traditioneel handwerk en natuurlijk zal de traditionele Verdiales-muziek de dag opvrolijken.<\/p>\n<ul>\n<li>Wanneer: 27 september<\/li>\n<li>Waar: Almog\u00eda<\/li>\n<li><a href=\"https:\/\/maps.app.goo.gl\/QFjNvJ91SrL5eRgo9\" data-wpel-link=\"external\" target=\"_blank\" rel=\"external noopener noreferrer\" class=\"ext-link wpel-icon-right\"><strong>Hoe er te komen<\/strong><span class=\"wpel-icon wpel-image wpel-icon-2\"><\/span><\/a><\/li>\n<\/ul>\n<h3><span class=\"ez-toc-section\" id=\"Rozijnendag_%E2%80%93_El_Borge\"><\/span>Rozijnendag &#8211; El Borge<span class=\"ez-toc-section-end\"><\/span><\/h3>\n<figure id=\"attachment_18086\" aria-describedby=\"caption-attachment-18086\" style=\"width: 952px\" class=\"wp-caption alignnone\"><img loading=\"lazy\" decoding=\"async\" class=\"size-full wp-image-18086\" src=\"https:\/\/www.malagacar.com\/sp\/blog\/wp-content\/uploads\/2025\/08\/El-Borge-dia-de-la-Pasa.-Foto-Diputacion-de-Malaga.jpg\" alt=\"D\u00eda de la Pasa - El Borge\" width=\"952\" height=\"637\" \/><figcaption id=\"caption-attachment-18086\" class=\"wp-caption-text\">Foto: Provincieraad van M\u00e1laga<\/figcaption><\/figure>\n<p>El Borge, het grootste rozijnenproducerende dorp, viert elk jaar op de derde zondag in september &#8220;Dag van de Rozijn&#8221;. Dit dorp met iets meer dan duizend inwoners organiseert dit festival ter ere van de rozijn met de oorsprongsbenaming M\u00e1laga.<\/p>\n<p>Dit festival trekt doorgaans duizenden bezoekers die genieten van rozijnen, gazpacho, muskaatwijn, vleeswaren en andere typische gerechten uit de Axarqu\u00eda in een levendige sfeer, begeleid door verdiales-bands en rociero-koren.<\/p>\n<p>In deze video krijg je een voorproefje van wat je te wachten staat als je besluit El Borge te bezoeken tijdens het rozijnenfestival.<\/p>\n<p><iframe loading=\"lazy\" title=\"D\u00eda de la pasa. El Borge. Septiembre. Fiesta Singular\" src=\"https:\/\/www.youtube.com\/embed\/8GVfeVQQmf8\" width=\"640\" height=\"360\" frameborder=\"0\" allowfullscreen=\"allowfullscreen\"><\/iframe><\/p>\n<ul>\n<li>Wanneer:\u00a0 20 september<\/li>\n<li>Waar: El Borge<\/li>\n<li><a href=\"https:\/\/maps.app.goo.gl\/g5kf8Da9Kgmzk4x88\" data-wpel-link=\"external\" target=\"_blank\" rel=\"external noopener noreferrer\" class=\"ext-link wpel-icon-right\"><strong>Hoe er te komen<\/strong><span class=\"wpel-icon wpel-image wpel-icon-2\"><\/span><\/a><\/li>\n<\/ul>\n<h3><span class=\"ez-toc-section\" id=\"Rozijnenfestival_%E2%80%93_La_Vinuela\"><\/span>Rozijnenfestival &#8211; La Vi\u00f1uela<span class=\"ez-toc-section-end\"><\/span><\/h3>\n<figure id=\"attachment_18088\" aria-describedby=\"caption-attachment-18088\" style=\"width: 750px\" class=\"wp-caption alignnone\"><img loading=\"lazy\" decoding=\"async\" class=\"size-large wp-image-18088\" src=\"https:\/\/www.malagacar.com\/sp\/blog\/wp-content\/uploads\/2025\/08\/La-Vinuela-Foto-sipamuvapasamalaga-1024x753.jpg\" alt=\"Fiesta de la Pasa - La Vi\u00f1uela\" width=\"750\" height=\"552\" \/><figcaption id=\"caption-attachment-18088\" class=\"wp-caption-text\">Foto: sipamuvapasamalaga<\/figcaption><\/figure>\n<p>La Vi\u00f1uela is een dorp met ongeveer 1200 inwoners, gelegen aan het <a href=\"https:\/\/www.malagacar.com\/nl\/blog\/vrije-tijd\/stuwmeren-in-malaga\/#Stuwmeer_La_Vinuela_%E2%80%93_Axarquia\" data-wpel-link=\"internal\"><strong>stuwmeer van Vi\u00f1uela<\/strong><\/a>. Half september brengen de inwoners een ode aan de muskaatrozijn en de Malagawijn.<\/p>\n<p>Het is een zeer levendig festival waar u kunt deelnemen aan de traditionele cultuur en demonstraties kunt bijwonen van de rozijnenproductie.<\/p>\n<p>Daarnaast is er een uitgebreid culinair, cultureel en ambachtelijk programma voor alle doelgroepen, met kraampjes met lokale producten, muzikale optredens en proeverijen van lokale wijnen en rozijnen.<\/p>\n<p><iframe loading=\"lazy\" title=\"SIPAM Uva Pasa de M\u00e1laga en la Axarqu\u00eda\" src=\"https:\/\/www.youtube.com\/embed\/fam1NGQdDeY\" width=\"1200\" height=\"675\" frameborder=\"0\" allowfullscreen=\"allowfullscreen\"><\/iframe><\/p>\n<ul>\n<li>Wanneer:\u00a0 12 en 13 september<\/li>\n<li>Waar: La Vi\u00f1uela<\/li>\n<li><a href=\"https:\/\/maps.app.goo.gl\/NskhCEN5hzpEKxi98\" data-wpel-link=\"external\" target=\"_blank\" rel=\"external noopener noreferrer\" class=\"ext-link wpel-icon-right\"><strong>Hoe er te komen<\/strong><span class=\"wpel-icon wpel-image wpel-icon-2\"><\/span><\/a><\/li>\n<\/ul>\n<h3><span class=\"ez-toc-section\" id=\"Oogstfeest_%E2%80%93_Mollina\"><\/span>Oogstfeest &#8211; Mollina<span class=\"ez-toc-section-end\"><\/span><\/h3>\n<p><img loading=\"lazy\" decoding=\"async\" class=\"alignnone size-full wp-image-19929\" src=\"https:\/\/www.malagacar.com\/sp\/blog\/wp-content\/uploads\/2025\/08\/Vinedos-Mollina.jpg\" alt=\"Feria de la Vendimia Mollina\" width=\"800\" height=\"450\" \/><\/p>\n<p>Mollina is een klein stadje met ongeveer 5000 inwoners, gelegen in de regio Antequera, in het noorden van de provincie M\u00e1laga. Het heeft ook een diepgewortelde wijncultuur. Inwoners vieren het einde van de druivenoogst met hun oogstfeest.<\/p>\n<p>Tijdens het festival is er een uitgebreid programma, inclusief uiteraard wijnproeverijen van wijnen met de oorsprongsbenaming M\u00e1laga en Sierras de M\u00e1laga.<\/p>\n<h4>Programma<\/h4>\n<ul>\n<li>11 september: Vanaf 22:30 uur wordt er traditioneel getoost op de druivenoogst van 2025 op de Plaza de Atenas. Dit wordt gevolgd door een populair festival met liveconcerten.<\/li>\n<li>12 september: Grote wijnproeverij op de Plaza de Atenas in de middag, gevolgd door muzikale optredens tot in de avond.<\/li>\n<li>13 september: Stadsfietstocht, parade en livemuziek. Om 18:30 uur vindt er in de Calle Ca\u00f1adas een lintenrace met paarden plaats. Om 23:00 uur is er nog een liveconcert op de Plaza de Atenas ter afsluiting van de festiviteiten.<\/li>\n<\/ul>\n<h4>Onze aanbeveling<\/h4>\n<p>Als je in Mollina bent, mag je een bezoek aan <a href=\"https:\/\/www.malagacar.com\/nl\/blog\/vrije-tijd\/dolmens-van-antequera\/#Laguna_Fuente_de_Piedra\" data-wpel-link=\"internal\"><strong>Fuente Laguna de Piedra<\/strong><\/a> niet missen, een zoutwaterlagune met de grootste kolonie roze flamingo&#8217;s op het schiereiland.<\/p>\n<ul>\n<li>Wanneer: Van 11 tot 13 september<\/li>\n<li>Waar: Mollina<\/li>\n<li><a href=\"https:\/\/maps.app.goo.gl\/531fm4mSf9uEtHha6\" data-wpel-link=\"external\" target=\"_blank\" rel=\"external noopener noreferrer\" class=\"ext-link wpel-icon-right\"><strong>Hoe er te komen<\/strong><span class=\"wpel-icon wpel-image wpel-icon-2\"><\/span><\/a><\/li>\n<\/ul>\n<h3><span class=\"ez-toc-section\" id=\"Ajoblanco_Festival_%E2%80%93_Almachar\"><\/span>Ajoblanco Festival &#8211; Alm\u00e1char<span class=\"ez-toc-section-end\"><\/span><\/h3>\n<p><img loading=\"lazy\" decoding=\"async\" class=\"alignnone wp-image-19912\" src=\"https:\/\/www.malagacar.com\/sp\/blog\/wp-content\/uploads\/2025\/08\/ajo-blanco-almachar-724x1024.jpg\" alt=\"Fiesta de Ajoblanco - Alm\u00e1char\" width=\"446\" height=\"631\" \/><\/p>\n<p>Van de vele wijnfestivals die we tot nu toe hebben genoemd, valt Alm\u00e1char op omdat het een eerbetoon brengt aan een heel ander, typisch lokaal product.<\/p>\n<p>Dit kleine witte dorpje met minder dan 2000 inwoners nodigt bezoekers elk jaar op de eerste zondag van september uit om de Ajoblanco te proeven.<\/p>\n<p>Ajoblanco is een typisch lokaal drankje dat koud wordt geserveerd, van Arabische oorsprong, gemaakt met broodkruimels, knoflook en amandelen, waaraan twee of drie muskaatdruiven worden toegevoegd.<\/p>\n<p>Naast de mogelijkheid om deze delicatesse gratis te proeven, ideaal voor de warme maanden (en begin september liggen de temperaturen in Malaga nog rond de 30 graden!), is er een uitgebreid programma voor een aangename dag in de Axarqu\u00eda.<\/p>\n<h4>Programma<\/h4>\n<p>De hele dag door kunt u genieten van:<\/p>\n<ul>\n<li>Gratis proeverijen van ajoblanco, ajoblanco-pasta, wijn, rozijnen en Muscat-druiven.<\/li>\n<li>Een workshop ajoblanco maken.<\/li>\n<li>Rondleidingen en gratis toegang tot het <a href=\"https:\/\/maps.app.goo.gl\/9CWWRaSuY8hDshaj9\" data-wpel-link=\"external\" target=\"_blank\" rel=\"external noopener noreferrer\" class=\"ext-link wpel-icon-right\"><strong>Rozijnenmuseum<\/strong><span class=\"wpel-icon wpel-image wpel-icon-2\"><\/span><\/a>.<\/li>\n<li>Theateroptredens en *Verdiales*-straatparades.<\/li>\n<li>Optredens van koren, dansscholen en *Verdiales*-groepen.<\/li>\n<li>Tentoonstelling van de schilderwedstrijd &#8220;Vensters op kunst en Muscat&#8221;.<\/li>\n<li>Grote flamenco-avond.<\/li>\n<li>Straatfeest voor het goede doel met livemuziek.<\/li>\n<li>Kinderzone voor de kleintjes.<\/li>\n<li>Er is een gratis pendelbusdienst beschikbaar vanaf het busstation van Torre del Mar.<\/li>\n<\/ul>\n<ul>\n<li>Wanneer: 5 september<\/li>\n<li>Waar: Alm\u00e1char<\/li>\n<li><a href=\"https:\/\/maps.app.goo.gl\/GX4KTUaHSUQffoDE9\" data-wpel-link=\"external\" target=\"_blank\" rel=\"external noopener noreferrer\" class=\"ext-link wpel-icon-right\"><strong>Hoe er te komen<\/strong><span class=\"wpel-icon wpel-image wpel-icon-2\"><\/span><\/a><\/li>\n<\/ul>\n<h3><span class=\"ez-toc-section\" id=\"Olijvenfestival_%E2%80%93_Alozaina\"><\/span>Olijvenfestival &#8211; Alozaina<span class=\"ez-toc-section-end\"><\/span><\/h3>\n<p><img loading=\"lazy\" decoding=\"async\" class=\"alignnone size-large wp-image-19941\" src=\"https:\/\/www.malagacar.com\/sp\/blog\/wp-content\/uploads\/2025\/08\/Alozaina-feria-aceituna-1024x758.jpg\" alt=\"Alozaina feria aceituna\" width=\"750\" height=\"555\" \/><\/p>\n<p>Bezoek het witte dorp Alozaina, gelegen aan de voet van het Nationaal Park Sierra de las Nieves, op ongeveer 50 km van M\u00e1laga. U kunt er genieten van een gastronomisch evenement ter ere van de oogst van de <em>Manzanilla Alore\u00f1a-olijf<\/em> \u2013 de eerste Spaanse tafelolijf die de status van beschermde oorsprongsbenaming heeft gekregen.<\/p>\n<p>Bezoekers kunnen proeven van de nieuwe oogst van deze licht bittere Alore\u00f1a-olijven, vergezeld van koud bier, vleeswaren en lokale kazen.<\/p>\n<p>Het evenement omvat ook liveconcerten, muzikale optredens, ambachtsmarkten en kinderactiviteiten.<\/p>\n<ul>\n<li>Wanneer: 6 tot 9 september<\/li>\n<li>Waar: Alozaina<\/li>\n<li><a href=\"https:\/\/maps.app.goo.gl\/2qeAnbb32rNPkqpp9\" data-wpel-link=\"external\" target=\"_blank\" rel=\"external noopener noreferrer\" class=\"ext-link wpel-icon-right\"><strong>Hoe er te komen<\/strong><span class=\"wpel-icon wpel-image wpel-icon-2\"><\/span><\/a><\/li>\n<\/ul>\n<h3><span class=\"ez-toc-section\" id=\"Geitenfestival_van_Malaga_%E2%80%93_Casabermeja\"><\/span>Geitenfestival van M\u00e1laga \u2013 Casabermeja<span class=\"ez-toc-section-end\"><\/span><\/h3>\n<p><img loading=\"lazy\" decoding=\"async\" class=\"alignnone wp-image-19948\" src=\"https:\/\/www.malagacar.com\/sp\/blog\/wp-content\/uploads\/2026\/08\/cabra-malaguena-casabermeja.jpg\" alt=\"Fiesta de la Cabra Malague\u00f1a \u2013 Casabermeja\" width=\"480\" height=\"680\" \/><\/p>\n<p>Tijdens dit gastronomische evenement krijgt u de gelegenheid om heerlijke kazen uit M\u00e1laga te proeven en te kopen. Het dorp Casabermeja kent een lange traditie in de geitenhouderij.<\/p>\n<p>Tijdens het geitenfestival van M\u00e1laga is er een markt met kazen uit M\u00e1laga en andere lokale producten \u2013 waarvan vele het kwaliteitskeurmerk &#8220;Sabor a M\u00e1laga&#8221; dragen.<\/p>\n<p>Daarnaast is er een uitgebreid activiteitenprogramma voor jong en oud, waaronder een culinaire route, kaasproeverijen, kinderanimatie, een ambachtsmarkt, muziekoptredens en rondleidingen om meer te weten te komen over de geschiedenis en cultuur van Casabermeja.<\/p>\n<ul>\n<li>Wanneer: 18 tot 20 september<\/li>\n<li>Waar: Casabermeja<\/li>\n<li><a href=\"https:\/\/maps.app.goo.gl\/ERjAWJQhHHjac64t7\" data-wpel-link=\"external\" target=\"_blank\" rel=\"external noopener noreferrer\" class=\"ext-link wpel-icon-right\"><strong>Hoe er te komen<\/strong><span class=\"wpel-icon wpel-image wpel-icon-2\"><\/span><\/a><\/li>\n<\/ul>\n<h2><span class=\"ez-toc-section\" id=\"Het_weer_in_Malaga_in_September\"><\/span>Het weer in M\u00e1laga in September<span class=\"ez-toc-section-end\"><\/span><\/h2>\n<p>We worden er nooit moe van om het te zeggen: Als je in september naar de Costa del Sol kunt komen, aarzel dan niet!<\/p>\n<p>Het is allemaal voordelen: De zomer is hier in september nog steeds in volle gang. De gemiddelde dagtemperatuur bereikt 27\/28\u00baC. maar met het voordeel dat we niet zo veel last hebben van tropische nachten en ondraaglijke hitte die het moeilijk maakt om goed te rusten.<\/p>\n<p><img loading=\"lazy\" decoding=\"async\" class=\"alignnone wp-image-12201\" src=\"https:\/\/www.malagacar.com\/sp\/blog\/wp-content\/uploads\/2021\/08\/Los-Alamos.jpg\" alt=\"Playa Los \u00c1lamos, Torremolinos\" width=\"995\" height=\"746\" \/><\/p>\n<p>En als je wilt genieten van een goede vakantie zonder drukte, moet je wachten tot september. De beloning voor het wachten zal zijn lege stranden en wegen zonder files.<\/p>\n<p>Supermarkten, bars en restaurants zijn weer normaal: Je kunt genieten van de natuurlijke vriendelijkheid van de Malague\u00f1os die tijdens deze maanden enigszins verloren gaat, omdat de hoge vraag en hoge temperaturen hun tol eisen van de kwaliteit van de dienstverlening.<\/p>\n<h3><span class=\"ez-toc-section\" id=\"Wat_voor_soort_kleding_moet_ik_meenemen\"><\/span>Wat voor soort kleding moet ik meenemen?<span class=\"ez-toc-section-end\"><\/span><\/h3>\n<p>Overdag zijn de gebruikelijke zomerkleding, sandalen en lichte kleding essentieel. &#8217;s Avonds wordt het vooral bij zee koel genoeg om een licht jasje te dragen.<\/p>\n<p>Vergeet je zonnebril en hoed niet, de zon schijnt nog steeds fel.<br \/>\n\t\t\t\t\n\t\t\t\t<div id=\"search-form2\" class=\"big-quote index-mobile\">\n\t\t\t\t<form id=\"frmSearch\" name=\"frmSearch\" action=\"\/nl\/autoverhuur\/quote.php\" method=\"post\"  name=\"quote\" class=\"container-fluid\">\n\t\t\t\t\t\t\t\t\t<div class=\"row\">\n\t\t\t\t\t\t<div class=\"col-sm-6\">\n\n\t\t\t\t\t\t\t<div class=\"form-group\">\n\t\t\t\t\t\t\t\t<label for=\"entrega\"><h4>Ophalen<\/h4><\/label>\n\t\t\t\t\t\t\t\t<select name=\"entrega\" id=\"entrega\" class=\"custom-select\">\n\t\t\t\t\t\t\t\t\t<option value=\"airport\"  selected>Luchthaven M\u00e1laga<\/option>\n\t\t\t\t\t\t\t\t\t\t\t\t\t\t\t\t<\/select>\n\t\t\t\t\t\t\t\t<div class=\"form-inline my-2\">\n\t\t\t\t\t\t\t\t\t<input id=\"pDate\" class=\"form-control\" value=\"07\/09\/2026\" name=\"pDate\" readonly onchange=\"return uppdate()\">\n\t\t\t\t\t\t\t\t\t<select class=\"custom-select\" id=\"phorasminutos\" name=\"phorasminutos\" oninvalid=\"setCustomValidity('Laat ons uw aankomsttijd weten')\" onchange=\"setCustomValidity('')\">\n\t\t\t\t\t\t\t\t\t\t<option value=\"-\" selected>--:--<\/option>\n\t\t\t\t\t\t\t\t\t\t\t\t\t\t\t\t\t\t\t\t<option value=\"00:00\">\n\t\t\t\t\t\t\t\t\t\t\t00:00<\/option>\n\t\t\t\t\t\t\t\t\t\t<option value=\"00:15\">\n\t\t\t\t\t\t\t\t\t\t\t00:15<\/option>\n\t\t\t\t\t\t\t\t\t\t<option value=\"00:30\">\n\t\t\t\t\t\t\t\t\t\t\t00:30<\/option>\n\t\t\t\t\t\t\t\t\t\t<option value=\"00:45\">\n\t\t\t\t\t\t\t\t\t\t\t00:45<\/option>\n\t\t\t\t\t\t\t\t\t\t\t\t\t\t\t\t\t\t\t\t<option value=\"01:00\">\n\t\t\t\t\t\t\t\t\t\t\t01:00<\/option>\n\t\t\t\t\t\t\t\t\t\t<option value=\"01:15\">\n\t\t\t\t\t\t\t\t\t\t\t01:15<\/option>\n\t\t\t\t\t\t\t\t\t\t<option value=\"01:30\">\n\t\t\t\t\t\t\t\t\t\t\t01:30<\/option>\n\t\t\t\t\t\t\t\t\t\t<option value=\"01:45\">\n\t\t\t\t\t\t\t\t\t\t\t01:45<\/option>\n\t\t\t\t\t\t\t\t\t\t\t\t\t\t\t\t\t\t\t\t<option value=\"02:00\">\n\t\t\t\t\t\t\t\t\t\t\t02:00<\/option>\n\t\t\t\t\t\t\t\t\t\t<option value=\"02:15\">\n\t\t\t\t\t\t\t\t\t\t\t02:15<\/option>\n\t\t\t\t\t\t\t\t\t\t<option value=\"02:30\">\n\t\t\t\t\t\t\t\t\t\t\t02:30<\/option>\n\t\t\t\t\t\t\t\t\t\t<option value=\"02:45\">\n\t\t\t\t\t\t\t\t\t\t\t02:45<\/option>\n\t\t\t\t\t\t\t\t\t\t\t\t\t\t\t\t\t\t\t\t<option value=\"03:00\">\n\t\t\t\t\t\t\t\t\t\t\t03:00<\/option>\n\t\t\t\t\t\t\t\t\t\t<option value=\"03:15\">\n\t\t\t\t\t\t\t\t\t\t\t03:15<\/option>\n\t\t\t\t\t\t\t\t\t\t<option value=\"03:30\">\n\t\t\t\t\t\t\t\t\t\t\t03:30<\/option>\n\t\t\t\t\t\t\t\t\t\t<option value=\"03:45\">\n\t\t\t\t\t\t\t\t\t\t\t03:45<\/option>\n\t\t\t\t\t\t\t\t\t\t\t\t\t\t\t\t\t\t\t\t<option value=\"04:00\">\n\t\t\t\t\t\t\t\t\t\t\t04:00<\/option>\n\t\t\t\t\t\t\t\t\t\t<option value=\"04:15\">\n\t\t\t\t\t\t\t\t\t\t\t04:15<\/option>\n\t\t\t\t\t\t\t\t\t\t<option value=\"04:30\">\n\t\t\t\t\t\t\t\t\t\t\t04:30<\/option>\n\t\t\t\t\t\t\t\t\t\t<option value=\"04:45\">\n\t\t\t\t\t\t\t\t\t\t\t04:45<\/option>\n\t\t\t\t\t\t\t\t\t\t\t\t\t\t\t\t\t\t\t\t<option value=\"05:00\">\n\t\t\t\t\t\t\t\t\t\t\t05:00<\/option>\n\t\t\t\t\t\t\t\t\t\t<option value=\"05:15\">\n\t\t\t\t\t\t\t\t\t\t\t05:15<\/option>\n\t\t\t\t\t\t\t\t\t\t<option value=\"05:30\">\n\t\t\t\t\t\t\t\t\t\t\t05:30<\/option>\n\t\t\t\t\t\t\t\t\t\t<option value=\"05:45\">\n\t\t\t\t\t\t\t\t\t\t\t05:45<\/option>\n\t\t\t\t\t\t\t\t\t\t\t\t\t\t\t\t\t\t\t\t<option value=\"06:00\">\n\t\t\t\t\t\t\t\t\t\t\t06:00<\/option>\n\t\t\t\t\t\t\t\t\t\t<option value=\"06:15\">\n\t\t\t\t\t\t\t\t\t\t\t06:15<\/option>\n\t\t\t\t\t\t\t\t\t\t<option value=\"06:30\">\n\t\t\t\t\t\t\t\t\t\t\t06:30<\/option>\n\t\t\t\t\t\t\t\t\t\t<option value=\"06:45\">\n\t\t\t\t\t\t\t\t\t\t\t06:45<\/option>\n\t\t\t\t\t\t\t\t\t\t\t\t\t\t\t\t\t\t\t\t<option value=\"07:00\">\n\t\t\t\t\t\t\t\t\t\t\t07:00<\/option>\n\t\t\t\t\t\t\t\t\t\t<option value=\"07:15\">\n\t\t\t\t\t\t\t\t\t\t\t07:15<\/option>\n\t\t\t\t\t\t\t\t\t\t<option value=\"07:30\">\n\t\t\t\t\t\t\t\t\t\t\t07:30<\/option>\n\t\t\t\t\t\t\t\t\t\t<option value=\"07:45\">\n\t\t\t\t\t\t\t\t\t\t\t07:45<\/option>\n\t\t\t\t\t\t\t\t\t\t\t\t\t\t\t\t\t\t\t\t<option value=\"08:00\">\n\t\t\t\t\t\t\t\t\t\t\t08:00<\/option>\n\t\t\t\t\t\t\t\t\t\t<option value=\"08:15\">\n\t\t\t\t\t\t\t\t\t\t\t08:15<\/option>\n\t\t\t\t\t\t\t\t\t\t<option value=\"08:30\">\n\t\t\t\t\t\t\t\t\t\t\t08:30<\/option>\n\t\t\t\t\t\t\t\t\t\t<option value=\"08:45\">\n\t\t\t\t\t\t\t\t\t\t\t08:45<\/option>\n\t\t\t\t\t\t\t\t\t\t\t\t\t\t\t\t\t\t\t\t<option value=\"09:00\">\n\t\t\t\t\t\t\t\t\t\t\t09:00<\/option>\n\t\t\t\t\t\t\t\t\t\t<option value=\"09:15\">\n\t\t\t\t\t\t\t\t\t\t\t09:15<\/option>\n\t\t\t\t\t\t\t\t\t\t<option value=\"09:30\">\n\t\t\t\t\t\t\t\t\t\t\t09:30<\/option>\n\t\t\t\t\t\t\t\t\t\t<option value=\"09:45\">\n\t\t\t\t\t\t\t\t\t\t\t09:45<\/option>\n\t\t\t\t\t\t\t\t\t\t\t\t\t\t\t\t\t\t\t\t<option value=\"10:00\">\n\t\t\t\t\t\t\t\t\t\t\t10:00<\/option>\n\t\t\t\t\t\t\t\t\t\t<option value=\"10:15\">\n\t\t\t\t\t\t\t\t\t\t\t10:15<\/option>\n\t\t\t\t\t\t\t\t\t\t<option value=\"10:30\">\n\t\t\t\t\t\t\t\t\t\t\t10:30<\/option>\n\t\t\t\t\t\t\t\t\t\t<option value=\"10:45\">\n\t\t\t\t\t\t\t\t\t\t\t10:45<\/option>\n\t\t\t\t\t\t\t\t\t\t\t\t\t\t\t\t\t\t\t\t<option value=\"11:00\">\n\t\t\t\t\t\t\t\t\t\t\t11:00<\/option>\n\t\t\t\t\t\t\t\t\t\t<option value=\"11:15\">\n\t\t\t\t\t\t\t\t\t\t\t11:15<\/option>\n\t\t\t\t\t\t\t\t\t\t<option value=\"11:30\">\n\t\t\t\t\t\t\t\t\t\t\t11:30<\/option>\n\t\t\t\t\t\t\t\t\t\t<option value=\"11:45\">\n\t\t\t\t\t\t\t\t\t\t\t11:45<\/option>\n\t\t\t\t\t\t\t\t\t\t\t\t\t\t\t\t\t\t\t\t<option value=\"12:00\">\n\t\t\t\t\t\t\t\t\t\t\t12:00<\/option>\n\t\t\t\t\t\t\t\t\t\t<option value=\"12:15\">\n\t\t\t\t\t\t\t\t\t\t\t12:15<\/option>\n\t\t\t\t\t\t\t\t\t\t<option value=\"12:30\">\n\t\t\t\t\t\t\t\t\t\t\t12:30<\/option>\n\t\t\t\t\t\t\t\t\t\t<option value=\"12:45\">\n\t\t\t\t\t\t\t\t\t\t\t12:45<\/option>\n\t\t\t\t\t\t\t\t\t\t\t\t\t\t\t\t\t\t\t\t<option value=\"13:00\">\n\t\t\t\t\t\t\t\t\t\t\t13:00<\/option>\n\t\t\t\t\t\t\t\t\t\t<option value=\"13:15\">\n\t\t\t\t\t\t\t\t\t\t\t13:15<\/option>\n\t\t\t\t\t\t\t\t\t\t<option value=\"13:30\">\n\t\t\t\t\t\t\t\t\t\t\t13:30<\/option>\n\t\t\t\t\t\t\t\t\t\t<option value=\"13:45\">\n\t\t\t\t\t\t\t\t\t\t\t13:45<\/option>\n\t\t\t\t\t\t\t\t\t\t\t\t\t\t\t\t\t\t\t\t<option value=\"14:00\">\n\t\t\t\t\t\t\t\t\t\t\t14:00<\/option>\n\t\t\t\t\t\t\t\t\t\t<option value=\"14:15\">\n\t\t\t\t\t\t\t\t\t\t\t14:15<\/option>\n\t\t\t\t\t\t\t\t\t\t<option value=\"14:30\">\n\t\t\t\t\t\t\t\t\t\t\t14:30<\/option>\n\t\t\t\t\t\t\t\t\t\t<option value=\"14:45\">\n\t\t\t\t\t\t\t\t\t\t\t14:45<\/option>\n\t\t\t\t\t\t\t\t\t\t\t\t\t\t\t\t\t\t\t\t<option value=\"15:00\">\n\t\t\t\t\t\t\t\t\t\t\t15:00<\/option>\n\t\t\t\t\t\t\t\t\t\t<option value=\"15:15\">\n\t\t\t\t\t\t\t\t\t\t\t15:15<\/option>\n\t\t\t\t\t\t\t\t\t\t<option value=\"15:30\">\n\t\t\t\t\t\t\t\t\t\t\t15:30<\/option>\n\t\t\t\t\t\t\t\t\t\t<option value=\"15:45\">\n\t\t\t\t\t\t\t\t\t\t\t15:45<\/option>\n\t\t\t\t\t\t\t\t\t\t\t\t\t\t\t\t\t\t\t\t<option value=\"16:00\">\n\t\t\t\t\t\t\t\t\t\t\t16:00<\/option>\n\t\t\t\t\t\t\t\t\t\t<option value=\"16:15\">\n\t\t\t\t\t\t\t\t\t\t\t16:15<\/option>\n\t\t\t\t\t\t\t\t\t\t<option value=\"16:30\">\n\t\t\t\t\t\t\t\t\t\t\t16:30<\/option>\n\t\t\t\t\t\t\t\t\t\t<option value=\"16:45\">\n\t\t\t\t\t\t\t\t\t\t\t16:45<\/option>\n\t\t\t\t\t\t\t\t\t\t\t\t\t\t\t\t\t\t\t\t<option value=\"17:00\">\n\t\t\t\t\t\t\t\t\t\t\t17:00<\/option>\n\t\t\t\t\t\t\t\t\t\t<option value=\"17:15\">\n\t\t\t\t\t\t\t\t\t\t\t17:15<\/option>\n\t\t\t\t\t\t\t\t\t\t<option value=\"17:30\">\n\t\t\t\t\t\t\t\t\t\t\t17:30<\/option>\n\t\t\t\t\t\t\t\t\t\t<option value=\"17:45\">\n\t\t\t\t\t\t\t\t\t\t\t17:45<\/option>\n\t\t\t\t\t\t\t\t\t\t\t\t\t\t\t\t\t\t\t\t<option value=\"18:00\">\n\t\t\t\t\t\t\t\t\t\t\t18:00<\/option>\n\t\t\t\t\t\t\t\t\t\t<option value=\"18:15\">\n\t\t\t\t\t\t\t\t\t\t\t18:15<\/option>\n\t\t\t\t\t\t\t\t\t\t<option value=\"18:30\">\n\t\t\t\t\t\t\t\t\t\t\t18:30<\/option>\n\t\t\t\t\t\t\t\t\t\t<option value=\"18:45\">\n\t\t\t\t\t\t\t\t\t\t\t18:45<\/option>\n\t\t\t\t\t\t\t\t\t\t\t\t\t\t\t\t\t\t\t\t<option value=\"19:00\">\n\t\t\t\t\t\t\t\t\t\t\t19:00<\/option>\n\t\t\t\t\t\t\t\t\t\t<option value=\"19:15\">\n\t\t\t\t\t\t\t\t\t\t\t19:15<\/option>\n\t\t\t\t\t\t\t\t\t\t<option value=\"19:30\">\n\t\t\t\t\t\t\t\t\t\t\t19:30<\/option>\n\t\t\t\t\t\t\t\t\t\t<option value=\"19:45\">\n\t\t\t\t\t\t\t\t\t\t\t19:45<\/option>\n\t\t\t\t\t\t\t\t\t\t\t\t\t\t\t\t\t\t\t\t<option value=\"20:00\">\n\t\t\t\t\t\t\t\t\t\t\t20:00<\/option>\n\t\t\t\t\t\t\t\t\t\t<option value=\"20:15\">\n\t\t\t\t\t\t\t\t\t\t\t20:15<\/option>\n\t\t\t\t\t\t\t\t\t\t<option value=\"20:30\">\n\t\t\t\t\t\t\t\t\t\t\t20:30<\/option>\n\t\t\t\t\t\t\t\t\t\t<option value=\"20:45\">\n\t\t\t\t\t\t\t\t\t\t\t20:45<\/option>\n\t\t\t\t\t\t\t\t\t\t\t\t\t\t\t\t\t\t\t\t<option value=\"21:00\">\n\t\t\t\t\t\t\t\t\t\t\t21:00<\/option>\n\t\t\t\t\t\t\t\t\t\t<option value=\"21:15\">\n\t\t\t\t\t\t\t\t\t\t\t21:15<\/option>\n\t\t\t\t\t\t\t\t\t\t<option value=\"21:30\">\n\t\t\t\t\t\t\t\t\t\t\t21:30<\/option>\n\t\t\t\t\t\t\t\t\t\t<option value=\"21:45\">\n\t\t\t\t\t\t\t\t\t\t\t21:45<\/option>\n\t\t\t\t\t\t\t\t\t\t\t\t\t\t\t\t\t\t\t\t<option value=\"22:00\">\n\t\t\t\t\t\t\t\t\t\t\t22:00<\/option>\n\t\t\t\t\t\t\t\t\t\t<option value=\"22:15\">\n\t\t\t\t\t\t\t\t\t\t\t22:15<\/option>\n\t\t\t\t\t\t\t\t\t\t<option value=\"22:30\">\n\t\t\t\t\t\t\t\t\t\t\t22:30<\/option>\n\t\t\t\t\t\t\t\t\t\t<option value=\"22:45\">\n\t\t\t\t\t\t\t\t\t\t\t22:45<\/option>\n\t\t\t\t\t\t\t\t\t\t\t\t\t\t\t\t\t\t\t\t<option value=\"23:00\">\n\t\t\t\t\t\t\t\t\t\t\t23:00<\/option>\n\t\t\t\t\t\t\t\t\t\t<option value=\"23:15\">\n\t\t\t\t\t\t\t\t\t\t\t23:15<\/option>\n\t\t\t\t\t\t\t\t\t\t<option value=\"23:30\">\n\t\t\t\t\t\t\t\t\t\t\t23:30<\/option>\n\t\t\t\t\t\t\t\t\t\t<option value=\"23:45\">\n\t\t\t\t\t\t\t\t\t\t\t23:45<\/option>\n\t\t\t\t\t\t\t\t\t\t\t\t\t\t\t\t\t\t\t<\/select>\n\t\t\t\t\t\t\t\t<\/div>\n\t\t\t\t\t\t\t<\/div>\n\t\t\t\t\t\t<\/div>\n\t\t\t\t\t\t<div class=\"col-sm-6\">\n\t\t\t\t\t\t\t<div class=\"form-group\">\n\t\t\t\t\t\t\t\t<div id=\"bookingBox\"><\/div>\n\n\t\t\t\t\t\t\t\t<label for=\"devuelta\"><h4>Terugbrendgend<\/h4><\/label>\n\t\t\t\t\t\t\t\t<select name=\"devuelta\" id=\"devuelta\" class=\"custom-select\">\n\t\t\t\t\t\t\t\t\t<option value=\"airport\"  selected>Luchthaven M\u00e1laga<\/option>\n\t\t\t\t\t\t\t\t\t\t\t\t\t\t\t\t<\/select>\n\n\t\t\t\t\t\t\t\t<div class=\"form-inline my-2\">\n\t\t\t\t\t\t\t\t\t<input id=\"dDate\" class=\"form-control\" value=\"14\/09\/2026\" name=\"dDate\" readonly>\n\t\t\t\t\t\t\t\t\t<select class=\"custom-select\" id=\"dhorasminutos\" name=\"dhorasminutos\" oninvalid=\"setCustomValidity('Laat ons weten wanneer je terugkomt.')\" onchange=\"setCustomValidity('')\">\n\t\t\t\t\t\t\t\t\t\t<option value=\"-\" selected>--:--<\/option>\n\t\t\t\t\t\t\t\t\t\t\t\t\t\t\t\t\t\t\t\t<option value=\"00:00\">\n\t\t\t\t\t\t\t\t\t\t\t00:00<\/option>\n\t\t\t\t\t\t\t\t\t\t<option value=\"00:15\">\n\t\t\t\t\t\t\t\t\t\t\t00:15<\/option>\n\t\t\t\t\t\t\t\t\t\t<option value=\"00:30\">\n\t\t\t\t\t\t\t\t\t\t\t00:30<\/option>\n\t\t\t\t\t\t\t\t\t\t<option value=\"00:45\">\n\t\t\t\t\t\t\t\t\t\t\t00:45<\/option>\n\t\t\t\t\t\t\t\t\t\t\t\t\t\t\t\t\t\t\t\t<option value=\"01:00\">\n\t\t\t\t\t\t\t\t\t\t\t01:00<\/option>\n\t\t\t\t\t\t\t\t\t\t<option value=\"01:15\">\n\t\t\t\t\t\t\t\t\t\t\t01:15<\/option>\n\t\t\t\t\t\t\t\t\t\t<option value=\"01:30\">\n\t\t\t\t\t\t\t\t\t\t\t01:30<\/option>\n\t\t\t\t\t\t\t\t\t\t<option value=\"01:45\">\n\t\t\t\t\t\t\t\t\t\t\t01:45<\/option>\n\t\t\t\t\t\t\t\t\t\t\t\t\t\t\t\t\t\t\t\t<option value=\"02:00\">\n\t\t\t\t\t\t\t\t\t\t\t02:00<\/option>\n\t\t\t\t\t\t\t\t\t\t<option value=\"02:15\">\n\t\t\t\t\t\t\t\t\t\t\t02:15<\/option>\n\t\t\t\t\t\t\t\t\t\t<option value=\"02:30\">\n\t\t\t\t\t\t\t\t\t\t\t02:30<\/option>\n\t\t\t\t\t\t\t\t\t\t<option value=\"02:45\">\n\t\t\t\t\t\t\t\t\t\t\t02:45<\/option>\n\t\t\t\t\t\t\t\t\t\t\t\t\t\t\t\t\t\t\t\t<option value=\"03:00\">\n\t\t\t\t\t\t\t\t\t\t\t03:00<\/option>\n\t\t\t\t\t\t\t\t\t\t<option value=\"03:15\">\n\t\t\t\t\t\t\t\t\t\t\t03:15<\/option>\n\t\t\t\t\t\t\t\t\t\t<option value=\"03:30\">\n\t\t\t\t\t\t\t\t\t\t\t03:30<\/option>\n\t\t\t\t\t\t\t\t\t\t<option value=\"03:45\">\n\t\t\t\t\t\t\t\t\t\t\t03:45<\/option>\n\t\t\t\t\t\t\t\t\t\t\t\t\t\t\t\t\t\t\t\t<option value=\"04:00\">\n\t\t\t\t\t\t\t\t\t\t\t04:00<\/option>\n\t\t\t\t\t\t\t\t\t\t<option value=\"04:15\">\n\t\t\t\t\t\t\t\t\t\t\t04:15<\/option>\n\t\t\t\t\t\t\t\t\t\t<option value=\"04:30\">\n\t\t\t\t\t\t\t\t\t\t\t04:30<\/option>\n\t\t\t\t\t\t\t\t\t\t<option value=\"04:45\">\n\t\t\t\t\t\t\t\t\t\t\t04:45<\/option>\n\t\t\t\t\t\t\t\t\t\t\t\t\t\t\t\t\t\t\t\t<option value=\"05:00\">\n\t\t\t\t\t\t\t\t\t\t\t05:00<\/option>\n\t\t\t\t\t\t\t\t\t\t<option value=\"05:15\">\n\t\t\t\t\t\t\t\t\t\t\t05:15<\/option>\n\t\t\t\t\t\t\t\t\t\t<option value=\"05:30\">\n\t\t\t\t\t\t\t\t\t\t\t05:30<\/option>\n\t\t\t\t\t\t\t\t\t\t<option value=\"05:45\">\n\t\t\t\t\t\t\t\t\t\t\t05:45<\/option>\n\t\t\t\t\t\t\t\t\t\t\t\t\t\t\t\t\t\t\t\t<option value=\"06:00\">\n\t\t\t\t\t\t\t\t\t\t\t06:00<\/option>\n\t\t\t\t\t\t\t\t\t\t<option value=\"06:15\">\n\t\t\t\t\t\t\t\t\t\t\t06:15<\/option>\n\t\t\t\t\t\t\t\t\t\t<option value=\"06:30\">\n\t\t\t\t\t\t\t\t\t\t\t06:30<\/option>\n\t\t\t\t\t\t\t\t\t\t<option value=\"06:45\">\n\t\t\t\t\t\t\t\t\t\t\t06:45<\/option>\n\t\t\t\t\t\t\t\t\t\t\t\t\t\t\t\t\t\t\t\t<option value=\"07:00\">\n\t\t\t\t\t\t\t\t\t\t\t07:00<\/option>\n\t\t\t\t\t\t\t\t\t\t<option value=\"07:15\">\n\t\t\t\t\t\t\t\t\t\t\t07:15<\/option>\n\t\t\t\t\t\t\t\t\t\t<option value=\"07:30\">\n\t\t\t\t\t\t\t\t\t\t\t07:30<\/option>\n\t\t\t\t\t\t\t\t\t\t<option value=\"07:45\">\n\t\t\t\t\t\t\t\t\t\t\t07:45<\/option>\n\t\t\t\t\t\t\t\t\t\t\t\t\t\t\t\t\t\t\t\t<option value=\"08:00\">\n\t\t\t\t\t\t\t\t\t\t\t08:00<\/option>\n\t\t\t\t\t\t\t\t\t\t<option value=\"08:15\">\n\t\t\t\t\t\t\t\t\t\t\t08:15<\/option>\n\t\t\t\t\t\t\t\t\t\t<option value=\"08:30\">\n\t\t\t\t\t\t\t\t\t\t\t08:30<\/option>\n\t\t\t\t\t\t\t\t\t\t<option value=\"08:45\">\n\t\t\t\t\t\t\t\t\t\t\t08:45<\/option>\n\t\t\t\t\t\t\t\t\t\t\t\t\t\t\t\t\t\t\t\t<option value=\"09:00\">\n\t\t\t\t\t\t\t\t\t\t\t09:00<\/option>\n\t\t\t\t\t\t\t\t\t\t<option value=\"09:15\">\n\t\t\t\t\t\t\t\t\t\t\t09:15<\/option>\n\t\t\t\t\t\t\t\t\t\t<option value=\"09:30\">\n\t\t\t\t\t\t\t\t\t\t\t09:30<\/option>\n\t\t\t\t\t\t\t\t\t\t<option value=\"09:45\">\n\t\t\t\t\t\t\t\t\t\t\t09:45<\/option>\n\t\t\t\t\t\t\t\t\t\t\t\t\t\t\t\t\t\t\t\t<option value=\"10:00\">\n\t\t\t\t\t\t\t\t\t\t\t10:00<\/option>\n\t\t\t\t\t\t\t\t\t\t<option value=\"10:15\">\n\t\t\t\t\t\t\t\t\t\t\t10:15<\/option>\n\t\t\t\t\t\t\t\t\t\t<option value=\"10:30\">\n\t\t\t\t\t\t\t\t\t\t\t10:30<\/option>\n\t\t\t\t\t\t\t\t\t\t<option value=\"10:45\">\n\t\t\t\t\t\t\t\t\t\t\t10:45<\/option>\n\t\t\t\t\t\t\t\t\t\t\t\t\t\t\t\t\t\t\t\t<option value=\"11:00\">\n\t\t\t\t\t\t\t\t\t\t\t11:00<\/option>\n\t\t\t\t\t\t\t\t\t\t<option value=\"11:15\">\n\t\t\t\t\t\t\t\t\t\t\t11:15<\/option>\n\t\t\t\t\t\t\t\t\t\t<option value=\"11:30\">\n\t\t\t\t\t\t\t\t\t\t\t11:30<\/option>\n\t\t\t\t\t\t\t\t\t\t<option value=\"11:45\">\n\t\t\t\t\t\t\t\t\t\t\t11:45<\/option>\n\t\t\t\t\t\t\t\t\t\t\t\t\t\t\t\t\t\t\t\t<option value=\"12:00\">\n\t\t\t\t\t\t\t\t\t\t\t12:00<\/option>\n\t\t\t\t\t\t\t\t\t\t<option value=\"12:15\">\n\t\t\t\t\t\t\t\t\t\t\t12:15<\/option>\n\t\t\t\t\t\t\t\t\t\t<option value=\"12:30\">\n\t\t\t\t\t\t\t\t\t\t\t12:30<\/option>\n\t\t\t\t\t\t\t\t\t\t<option value=\"12:45\">\n\t\t\t\t\t\t\t\t\t\t\t12:45<\/option>\n\t\t\t\t\t\t\t\t\t\t\t\t\t\t\t\t\t\t\t\t<option value=\"13:00\">\n\t\t\t\t\t\t\t\t\t\t\t13:00<\/option>\n\t\t\t\t\t\t\t\t\t\t<option value=\"13:15\">\n\t\t\t\t\t\t\t\t\t\t\t13:15<\/option>\n\t\t\t\t\t\t\t\t\t\t<option value=\"13:30\">\n\t\t\t\t\t\t\t\t\t\t\t13:30<\/option>\n\t\t\t\t\t\t\t\t\t\t<option value=\"13:45\">\n\t\t\t\t\t\t\t\t\t\t\t13:45<\/option>\n\t\t\t\t\t\t\t\t\t\t\t\t\t\t\t\t\t\t\t\t<option value=\"14:00\">\n\t\t\t\t\t\t\t\t\t\t\t14:00<\/option>\n\t\t\t\t\t\t\t\t\t\t<option value=\"14:15\">\n\t\t\t\t\t\t\t\t\t\t\t14:15<\/option>\n\t\t\t\t\t\t\t\t\t\t<option value=\"14:30\">\n\t\t\t\t\t\t\t\t\t\t\t14:30<\/option>\n\t\t\t\t\t\t\t\t\t\t<option value=\"14:45\">\n\t\t\t\t\t\t\t\t\t\t\t14:45<\/option>\n\t\t\t\t\t\t\t\t\t\t\t\t\t\t\t\t\t\t\t\t<option value=\"15:00\">\n\t\t\t\t\t\t\t\t\t\t\t15:00<\/option>\n\t\t\t\t\t\t\t\t\t\t<option value=\"15:15\">\n\t\t\t\t\t\t\t\t\t\t\t15:15<\/option>\n\t\t\t\t\t\t\t\t\t\t<option value=\"15:30\">\n\t\t\t\t\t\t\t\t\t\t\t15:30<\/option>\n\t\t\t\t\t\t\t\t\t\t<option value=\"15:45\">\n\t\t\t\t\t\t\t\t\t\t\t15:45<\/option>\n\t\t\t\t\t\t\t\t\t\t\t\t\t\t\t\t\t\t\t\t<option value=\"16:00\">\n\t\t\t\t\t\t\t\t\t\t\t16:00<\/option>\n\t\t\t\t\t\t\t\t\t\t<option value=\"16:15\">\n\t\t\t\t\t\t\t\t\t\t\t16:15<\/option>\n\t\t\t\t\t\t\t\t\t\t<option value=\"16:30\">\n\t\t\t\t\t\t\t\t\t\t\t16:30<\/option>\n\t\t\t\t\t\t\t\t\t\t<option value=\"16:45\">\n\t\t\t\t\t\t\t\t\t\t\t16:45<\/option>\n\t\t\t\t\t\t\t\t\t\t\t\t\t\t\t\t\t\t\t\t<option value=\"17:00\">\n\t\t\t\t\t\t\t\t\t\t\t17:00<\/option>\n\t\t\t\t\t\t\t\t\t\t<option value=\"17:15\">\n\t\t\t\t\t\t\t\t\t\t\t17:15<\/option>\n\t\t\t\t\t\t\t\t\t\t<option value=\"17:30\">\n\t\t\t\t\t\t\t\t\t\t\t17:30<\/option>\n\t\t\t\t\t\t\t\t\t\t<option value=\"17:45\">\n\t\t\t\t\t\t\t\t\t\t\t17:45<\/option>\n\t\t\t\t\t\t\t\t\t\t\t\t\t\t\t\t\t\t\t\t<option value=\"18:00\">\n\t\t\t\t\t\t\t\t\t\t\t18:00<\/option>\n\t\t\t\t\t\t\t\t\t\t<option value=\"18:15\">\n\t\t\t\t\t\t\t\t\t\t\t18:15<\/option>\n\t\t\t\t\t\t\t\t\t\t<option value=\"18:30\">\n\t\t\t\t\t\t\t\t\t\t\t18:30<\/option>\n\t\t\t\t\t\t\t\t\t\t<option value=\"18:45\">\n\t\t\t\t\t\t\t\t\t\t\t18:45<\/option>\n\t\t\t\t\t\t\t\t\t\t\t\t\t\t\t\t\t\t\t\t<option value=\"19:00\">\n\t\t\t\t\t\t\t\t\t\t\t19:00<\/option>\n\t\t\t\t\t\t\t\t\t\t<option value=\"19:15\">\n\t\t\t\t\t\t\t\t\t\t\t19:15<\/option>\n\t\t\t\t\t\t\t\t\t\t<option value=\"19:30\">\n\t\t\t\t\t\t\t\t\t\t\t19:30<\/option>\n\t\t\t\t\t\t\t\t\t\t<option value=\"19:45\">\n\t\t\t\t\t\t\t\t\t\t\t19:45<\/option>\n\t\t\t\t\t\t\t\t\t\t\t\t\t\t\t\t\t\t\t\t<option value=\"20:00\">\n\t\t\t\t\t\t\t\t\t\t\t20:00<\/option>\n\t\t\t\t\t\t\t\t\t\t<option value=\"20:15\">\n\t\t\t\t\t\t\t\t\t\t\t20:15<\/option>\n\t\t\t\t\t\t\t\t\t\t<option value=\"20:30\">\n\t\t\t\t\t\t\t\t\t\t\t20:30<\/option>\n\t\t\t\t\t\t\t\t\t\t<option value=\"20:45\">\n\t\t\t\t\t\t\t\t\t\t\t20:45<\/option>\n\t\t\t\t\t\t\t\t\t\t\t\t\t\t\t\t\t\t\t\t<option value=\"21:00\">\n\t\t\t\t\t\t\t\t\t\t\t21:00<\/option>\n\t\t\t\t\t\t\t\t\t\t<option value=\"21:15\">\n\t\t\t\t\t\t\t\t\t\t\t21:15<\/option>\n\t\t\t\t\t\t\t\t\t\t<option value=\"21:30\">\n\t\t\t\t\t\t\t\t\t\t\t21:30<\/option>\n\t\t\t\t\t\t\t\t\t\t<option value=\"21:45\">\n\t\t\t\t\t\t\t\t\t\t\t21:45<\/option>\n\t\t\t\t\t\t\t\t\t\t\t\t\t\t\t\t\t\t\t\t<option value=\"22:00\">\n\t\t\t\t\t\t\t\t\t\t\t22:00<\/option>\n\t\t\t\t\t\t\t\t\t\t<option value=\"22:15\">\n\t\t\t\t\t\t\t\t\t\t\t22:15<\/option>\n\t\t\t\t\t\t\t\t\t\t<option value=\"22:30\">\n\t\t\t\t\t\t\t\t\t\t\t22:30<\/option>\n\t\t\t\t\t\t\t\t\t\t<option value=\"22:45\">\n\t\t\t\t\t\t\t\t\t\t\t22:45<\/option>\n\t\t\t\t\t\t\t\t\t\t\t\t\t\t\t\t\t\t\t\t<option value=\"23:00\">\n\t\t\t\t\t\t\t\t\t\t\t23:00<\/option>\n\t\t\t\t\t\t\t\t\t\t<option value=\"23:15\">\n\t\t\t\t\t\t\t\t\t\t\t23:15<\/option>\n\t\t\t\t\t\t\t\t\t\t<option value=\"23:30\">\n\t\t\t\t\t\t\t\t\t\t\t23:30<\/option>\n\t\t\t\t\t\t\t\t\t\t<option value=\"23:45\">\n\t\t\t\t\t\t\t\t\t\t\t23:45<\/option>\n\t\t\t\t\t\t\t\t\t\t\t\t\t\t\t\t\t\t\t<\/select>\n\t\t\t\t\t\t\t\t<\/div>\n\t\t\t\t\t\t\t<\/div>\n\t\t\t\t\t\t<\/div>\n\n\t\t\t\t\t<\/div>\n\t\t\t\t\n\n\t\t\t\t\t\t<div class=\"row\">\n                               <div class=\"col-sm-6\">\n\t\t\t\t\t\t\t\t<div class=\"form-group promo-code\">\n\t\t\t\t\t\t\t\t\t\t\t\t\t\t\t\t\t<label for=\"tipogrupo\" class=\"w-50 text-right pr-3 pt-1\">Groep<\/label>\n\t\t\t\t\t\t\t\t\t<select name=\"tipogrupo\" id=\"tipogrupo\" class=\"form-control w-50\">\n\t\t\t\t\t\t\t\t\t<option value=\"0\">Alle auto's<\/option>\n\t\t\t                        <option value=\"1\">Standard<\/option>  \n\t\t\t\t\t\t\t\t\t<option value=\"2\" >Automatics<\/option>  \n\t\t\t\t\t\t\t\t\t<option value=\"4\">Minivan<\/option>  \n\t\t\t\t\t\t\t\t\t<option value=\"5\">Cabrio & Sport<\/option>  \n\t\t\t\t\t\t\t\t\t<option value=\"6\">Prestige<\/option>  \n\t\t\t\t\t\t\t\t\t<option value=\"8\">SUV \/ Stationwagen<\/option> \n\t\t\t\t\t\t\t\t\t<option value=\"10\">Camper en Motorhome<\/option>  \t\t\t\t\t\t\t\t\n\t\t\t\t\t\t\t\t<\/select>\t\n\t\t\t\t\t\t\t\t\t\n\t\t\t\t\t\t\t<\/div>\n\t\t\t\t\t\t\t<\/div>\n\t\t\t\t\t\t<div class=\"col-sm-6 align-self-end\">\n\t\t\t\t\t\t\t<div class=\"form-group\">\n\t\t\t\t\t\t\t\t<input type=\"submit\" class=\"btn-quote\" value=\"Get Quote\" onclick=\"return msgAlert()\">\n\t\t\t\t\t\t\t<\/div>\n\t\t\t\t\t\t<\/div>\n\t\t\t\t\t<\/div>\n\t\t\t\t<\/form>\n\t\t\t\t<div class=\"row hide-mini-tablet advantages\">\n\t\t\t\t\t\t<div class=\"col-12\">\n\t\t\t\t\t\t\t<h4 class=\"text-center text-white\">De beste prijzen!<\/h4>\n\t\t\t\t\t\t\t<ul>\n\t\t\t\t\t\t\t\t<li>Groot wagenpark aan gloednieuwe wagens.<\/li>\n\t\t\t\t\t\t\t\t<li>Betalen bij aankomst.<\/li>\n\t\t\t\t\t\t\t\t<li>Wat je ziet is wat je betaalt.<\/li>\n\t\t\t\t\t\t\t\t<li>Geen creditcard nodig om te boeken.<\/li>\n\t\t\t\t\t\t\t\t<li>VIP bezorgservice gratis.<\/li>\n\t\t\t\t\t\t\t\t<li><strong class=\"redpassion-alt\">Wij rekenen geen extra kosten<\/strong> voor onze bijtank service.<\/li>\n\t\t\t\t\t\t\t<\/ul>\n\t\t\t\t\t\t<\/div>\n\t\t\t\t\t<\/div>\n\t\t\t\t<\/div>\n\t\t\t<br clear=\"all\">\n<\/p>\n","protected":false},"excerpt":{"rendered":"<p>De verstikkende hitte van augustus neemt langzaam af en de favoriete maand van veel van onze klanten komt eraan, september. Meer betaalbare prijzen, minder verkeer en koelere nachten zijn slechts enkele van de voordelen van reizen naar de Costa del Sol tijdens deze maand. Ontdek wat te doen in M\u00e1laga in September!<\/p>\n","protected":false},"author":1,"featured_media":4449,"comment_status":"open","ping_status":"open","sticky":false,"template":"","format":"standard","meta":{"footnotes":""},"categories":[506],"tags":[450,307,369,482],"class_list":["post-4448","post","type-post","status-publish","format-standard","has-post-thumbnail","hentry","category-vrije-tijd","tag-activiteiten","tag-malaga","tag-september","tag-wat-te-doen"],"yoast_head":"<!-- This site is optimized with the Yoast SEO plugin v28.4 - https:\/\/yoast.com\/product\/yoast-seo-wordpress\/ -->\n<title>Dingen om te doen in M\u00e1laga in September 2026 - MalagaCar.com Blog<\/title>\n<meta name=\"description\" content=\"We hebben een kalender vol activiteiten en dingen om te doen in M\u00e1laga voor deze fantastische maand september 2026 aan de Costa del Sol.\" \/>\n<meta name=\"robots\" content=\"index, follow, max-snippet:-1, max-image-preview:large, max-video-preview:-1\" \/>\n<link rel=\"canonical\" href=\"https:\/\/www.malagacar.com\/nl\/blog\/vrije-tijd\/dingen-om-te-doen-in-malaga-in-september\/\" \/>\n<meta property=\"og:locale\" content=\"nl_NL\" \/>\n<meta property=\"og:type\" content=\"article\" \/>\n<meta property=\"og:title\" content=\"Dingen om te doen in M\u00e1laga in September 2026 - MalagaCar.com Blog\" \/>\n<meta property=\"og:description\" content=\"We hebben een kalender vol activiteiten en dingen om te doen in M\u00e1laga voor deze fantastische maand september 2026 aan de Costa del Sol.\" \/>\n<meta property=\"og:url\" content=\"https:\/\/www.malagacar.com\/nl\/blog\/vrije-tijd\/dingen-om-te-doen-in-malaga-in-september\/\" \/>\n<meta property=\"og:site_name\" content=\"MalagaCar.com Blog\" \/>\n<meta property=\"article:publisher\" content=\"https:\/\/www.facebook.com\/malagacar\" \/>\n<meta property=\"article:published_time\" content=\"2026-08-25T05:39:28+00:00\" \/>\n<meta property=\"article:modified_time\" content=\"2026-08-25T05:39:30+00:00\" \/>\n<meta property=\"og:image\" content=\"https:\/\/www.malagacar.com\/nl\/blog\/wp-content\/uploads\/2022\/08\/09-nl.jpg\" \/>\n\t<meta property=\"og:image:width\" content=\"1000\" \/>\n\t<meta property=\"og:image:height\" content=\"896\" \/>\n\t<meta property=\"og:image:type\" content=\"image\/jpeg\" \/>\n<meta name=\"author\" content=\"MalagaCar.com\" \/>\n<meta name=\"twitter:label1\" content=\"Geschreven door\" \/>\n\t<meta name=\"twitter:data1\" content=\"MalagaCar.com\" \/>\n\t<meta name=\"twitter:label2\" content=\"Geschatte leestijd\" \/>\n\t<meta name=\"twitter:data2\" content=\"40 minuten\" \/>\n<script type=\"application\/ld+json\" class=\"yoast-schema-graph\">{\"@context\":\"https:\\\/\\\/schema.org\",\"@graph\":[{\"@type\":\"Article\",\"@id\":\"https:\\\/\\\/www.malagacar.com\\\/nl\\\/blog\\\/vrije-tijd\\\/dingen-om-te-doen-in-malaga-in-september\\\/#article\",\"isPartOf\":{\"@id\":\"https:\\\/\\\/www.malagacar.com\\\/nl\\\/blog\\\/vrije-tijd\\\/dingen-om-te-doen-in-malaga-in-september\\\/\"},\"author\":{\"name\":\"MalagaCar.com\",\"@id\":\"https:\\\/\\\/www.malagacar.com\\\/nl\\\/blog\\\/#\\\/schema\\\/person\\\/fbc37b93c0f5bbdaa54a0a4fc59d8b8c\"},\"headline\":\"Dingen om te doen in M\u00e1laga in September 2026\",\"datePublished\":\"2026-08-25T05:39:28+00:00\",\"dateModified\":\"2026-08-25T05:39:30+00:00\",\"mainEntityOfPage\":{\"@id\":\"https:\\\/\\\/www.malagacar.com\\\/nl\\\/blog\\\/vrije-tijd\\\/dingen-om-te-doen-in-malaga-in-september\\\/\"},\"wordCount\":5779,\"commentCount\":0,\"publisher\":{\"@id\":\"https:\\\/\\\/www.malagacar.com\\\/nl\\\/blog\\\/#organization\"},\"image\":{\"@id\":\"https:\\\/\\\/www.malagacar.com\\\/nl\\\/blog\\\/vrije-tijd\\\/dingen-om-te-doen-in-malaga-in-september\\\/#primaryimage\"},\"thumbnailUrl\":\"https:\\\/\\\/www.malagacar.com\\\/nl\\\/blog\\\/wp-content\\\/uploads\\\/2022\\\/08\\\/09-nl.jpg\",\"keywords\":[\"Activiteiten\",\"malaga\",\"september\",\"Wat te doen\"],\"articleSection\":[\"Vrije Tijd\"],\"inLanguage\":\"nl-NL\",\"potentialAction\":[{\"@type\":\"CommentAction\",\"name\":\"Comment\",\"target\":[\"https:\\\/\\\/www.malagacar.com\\\/nl\\\/blog\\\/vrije-tijd\\\/dingen-om-te-doen-in-malaga-in-september\\\/#respond\"]}]},{\"@type\":\"WebPage\",\"@id\":\"https:\\\/\\\/www.malagacar.com\\\/nl\\\/blog\\\/vrije-tijd\\\/dingen-om-te-doen-in-malaga-in-september\\\/\",\"url\":\"https:\\\/\\\/www.malagacar.com\\\/nl\\\/blog\\\/vrije-tijd\\\/dingen-om-te-doen-in-malaga-in-september\\\/\",\"name\":\"Dingen om te doen in M\u00e1laga in September 2026 - MalagaCar.com Blog\",\"isPartOf\":{\"@id\":\"https:\\\/\\\/www.malagacar.com\\\/nl\\\/blog\\\/#website\"},\"primaryImageOfPage\":{\"@id\":\"https:\\\/\\\/www.malagacar.com\\\/nl\\\/blog\\\/vrije-tijd\\\/dingen-om-te-doen-in-malaga-in-september\\\/#primaryimage\"},\"image\":{\"@id\":\"https:\\\/\\\/www.malagacar.com\\\/nl\\\/blog\\\/vrije-tijd\\\/dingen-om-te-doen-in-malaga-in-september\\\/#primaryimage\"},\"thumbnailUrl\":\"https:\\\/\\\/www.malagacar.com\\\/nl\\\/blog\\\/wp-content\\\/uploads\\\/2022\\\/08\\\/09-nl.jpg\",\"datePublished\":\"2026-08-25T05:39:28+00:00\",\"dateModified\":\"2026-08-25T05:39:30+00:00\",\"description\":\"We hebben een kalender vol activiteiten en dingen om te doen in M\u00e1laga voor deze fantastische maand september 2026 aan de Costa del Sol.\",\"breadcrumb\":{\"@id\":\"https:\\\/\\\/www.malagacar.com\\\/nl\\\/blog\\\/vrije-tijd\\\/dingen-om-te-doen-in-malaga-in-september\\\/#breadcrumb\"},\"inLanguage\":\"nl-NL\",\"potentialAction\":[{\"@type\":\"ReadAction\",\"target\":[\"https:\\\/\\\/www.malagacar.com\\\/nl\\\/blog\\\/vrije-tijd\\\/dingen-om-te-doen-in-malaga-in-september\\\/\"]}]},{\"@type\":\"ImageObject\",\"inLanguage\":\"nl-NL\",\"@id\":\"https:\\\/\\\/www.malagacar.com\\\/nl\\\/blog\\\/vrije-tijd\\\/dingen-om-te-doen-in-malaga-in-september\\\/#primaryimage\",\"url\":\"https:\\\/\\\/www.malagacar.com\\\/nl\\\/blog\\\/wp-content\\\/uploads\\\/2022\\\/08\\\/09-nl.jpg\",\"contentUrl\":\"https:\\\/\\\/www.malagacar.com\\\/nl\\\/blog\\\/wp-content\\\/uploads\\\/2022\\\/08\\\/09-nl.jpg\",\"width\":1000,\"height\":896},{\"@type\":\"BreadcrumbList\",\"@id\":\"https:\\\/\\\/www.malagacar.com\\\/nl\\\/blog\\\/vrije-tijd\\\/dingen-om-te-doen-in-malaga-in-september\\\/#breadcrumb\",\"itemListElement\":[{\"@type\":\"ListItem\",\"position\":1,\"name\":\"Home\",\"item\":\"https:\\\/\\\/www.malagacar.com\\\/nl\\\/blog\\\/\"},{\"@type\":\"ListItem\",\"position\":2,\"name\":\"Dingen om te doen in M\u00e1laga in September 2026\"}]},{\"@type\":\"WebSite\",\"@id\":\"https:\\\/\\\/www.malagacar.com\\\/nl\\\/blog\\\/#website\",\"url\":\"https:\\\/\\\/www.malagacar.com\\\/nl\\\/blog\\\/\",\"name\":\"MalagaCar.com Blog\",\"description\":\"Nieuws en feiten over auto huren op de luchthaven van Malaga.\",\"publisher\":{\"@id\":\"https:\\\/\\\/www.malagacar.com\\\/nl\\\/blog\\\/#organization\"},\"potentialAction\":[{\"@type\":\"SearchAction\",\"target\":{\"@type\":\"EntryPoint\",\"urlTemplate\":\"https:\\\/\\\/www.malagacar.com\\\/nl\\\/blog\\\/?s={search_term_string}\"},\"query-input\":{\"@type\":\"PropertyValueSpecification\",\"valueRequired\":true,\"valueName\":\"search_term_string\"}}],\"inLanguage\":\"nl-NL\"},{\"@type\":\"Organization\",\"@id\":\"https:\\\/\\\/www.malagacar.com\\\/nl\\\/blog\\\/#organization\",\"name\":\"MalagaCar.com\",\"url\":\"https:\\\/\\\/www.malagacar.com\\\/nl\\\/blog\\\/\",\"logo\":{\"@type\":\"ImageObject\",\"inLanguage\":\"nl-NL\",\"@id\":\"https:\\\/\\\/www.malagacar.com\\\/nl\\\/blog\\\/#\\\/schema\\\/logo\\\/image\\\/\",\"url\":\"https:\\\/\\\/www.malagacar.com\\\/nl\\\/blog\\\/wp-content\\\/uploads\\\/2021\\\/06\\\/logo-malagacar-social.png\",\"contentUrl\":\"https:\\\/\\\/www.malagacar.com\\\/nl\\\/blog\\\/wp-content\\\/uploads\\\/2021\\\/06\\\/logo-malagacar-social.png\",\"width\":900,\"height\":900,\"caption\":\"MalagaCar.com\"},\"image\":{\"@id\":\"https:\\\/\\\/www.malagacar.com\\\/nl\\\/blog\\\/#\\\/schema\\\/logo\\\/image\\\/\"},\"sameAs\":[\"https:\\\/\\\/www.facebook.com\\\/malagacar\",\"https:\\\/\\\/x.com\\\/malagacarcom\",\"https:\\\/\\\/www.instagram.com\\\/malagacar\\\/\",\"https:\\\/\\\/www.linkedin.com\\\/company\\\/malagacar.com\",\"https:\\\/\\\/www.youtube.com\\\/c\\\/MalagacarAirport\"]},{\"@type\":\"Person\",\"@id\":\"https:\\\/\\\/www.malagacar.com\\\/nl\\\/blog\\\/#\\\/schema\\\/person\\\/fbc37b93c0f5bbdaa54a0a4fc59d8b8c\",\"name\":\"MalagaCar.com\",\"image\":{\"@type\":\"ImageObject\",\"inLanguage\":\"nl-NL\",\"@id\":\"https:\\\/\\\/secure.gravatar.com\\\/avatar\\\/296ebc31026e7be05868369e4c596b3239b1582b2fcf8a45de57333e2e82bb82?s=96&d=mm&r=g\",\"url\":\"https:\\\/\\\/secure.gravatar.com\\\/avatar\\\/296ebc31026e7be05868369e4c596b3239b1582b2fcf8a45de57333e2e82bb82?s=96&d=mm&r=g\",\"contentUrl\":\"https:\\\/\\\/secure.gravatar.com\\\/avatar\\\/296ebc31026e7be05868369e4c596b3239b1582b2fcf8a45de57333e2e82bb82?s=96&d=mm&r=g\",\"caption\":\"MalagaCar.com\"},\"sameAs\":[\"https:\\\/\\\/www.malagacar.com\\\/nl\\\/\"]}]}<\/script>\n<!-- \/ Yoast SEO plugin. -->","yoast_head_json":{"title":"Dingen om te doen in M\u00e1laga in September 2026 - MalagaCar.com Blog","description":"We hebben een kalender vol activiteiten en dingen om te doen in M\u00e1laga voor deze fantastische maand september 2026 aan de Costa del Sol.","robots":{"index":"index","follow":"follow","max-snippet":"max-snippet:-1","max-image-preview":"max-image-preview:large","max-video-preview":"max-video-preview:-1"},"canonical":"https:\/\/www.malagacar.com\/nl\/blog\/vrije-tijd\/dingen-om-te-doen-in-malaga-in-september\/","og_locale":"nl_NL","og_type":"article","og_title":"Dingen om te doen in M\u00e1laga in September 2026 - MalagaCar.com Blog","og_description":"We hebben een kalender vol activiteiten en dingen om te doen in M\u00e1laga voor deze fantastische maand september 2026 aan de Costa del Sol.","og_url":"https:\/\/www.malagacar.com\/nl\/blog\/vrije-tijd\/dingen-om-te-doen-in-malaga-in-september\/","og_site_name":"MalagaCar.com Blog","article_publisher":"https:\/\/www.facebook.com\/malagacar","article_published_time":"2026-08-25T05:39:28+00:00","article_modified_time":"2026-08-25T05:39:30+00:00","og_image":[{"width":1000,"height":896,"url":"https:\/\/www.malagacar.com\/nl\/blog\/wp-content\/uploads\/2022\/08\/09-nl.jpg","type":"image\/jpeg"}],"author":"MalagaCar.com","twitter_misc":{"Geschreven door":"MalagaCar.com","Geschatte leestijd":"40 minuten"},"schema":{"@context":"https:\/\/schema.org","@graph":[{"@type":"Article","@id":"https:\/\/www.malagacar.com\/nl\/blog\/vrije-tijd\/dingen-om-te-doen-in-malaga-in-september\/#article","isPartOf":{"@id":"https:\/\/www.malagacar.com\/nl\/blog\/vrije-tijd\/dingen-om-te-doen-in-malaga-in-september\/"},"author":{"name":"MalagaCar.com","@id":"https:\/\/www.malagacar.com\/nl\/blog\/#\/schema\/person\/fbc37b93c0f5bbdaa54a0a4fc59d8b8c"},"headline":"Dingen om te doen in M\u00e1laga in September 2026","datePublished":"2026-08-25T05:39:28+00:00","dateModified":"2026-08-25T05:39:30+00:00","mainEntityOfPage":{"@id":"https:\/\/www.malagacar.com\/nl\/blog\/vrije-tijd\/dingen-om-te-doen-in-malaga-in-september\/"},"wordCount":5779,"commentCount":0,"publisher":{"@id":"https:\/\/www.malagacar.com\/nl\/blog\/#organization"},"image":{"@id":"https:\/\/www.malagacar.com\/nl\/blog\/vrije-tijd\/dingen-om-te-doen-in-malaga-in-september\/#primaryimage"},"thumbnailUrl":"https:\/\/www.malagacar.com\/nl\/blog\/wp-content\/uploads\/2022\/08\/09-nl.jpg","keywords":["Activiteiten","malaga","september","Wat te doen"],"articleSection":["Vrije Tijd"],"inLanguage":"nl-NL","potentialAction":[{"@type":"CommentAction","name":"Comment","target":["https:\/\/www.malagacar.com\/nl\/blog\/vrije-tijd\/dingen-om-te-doen-in-malaga-in-september\/#respond"]}]},{"@type":"WebPage","@id":"https:\/\/www.malagacar.com\/nl\/blog\/vrije-tijd\/dingen-om-te-doen-in-malaga-in-september\/","url":"https:\/\/www.malagacar.com\/nl\/blog\/vrije-tijd\/dingen-om-te-doen-in-malaga-in-september\/","name":"Dingen om te doen in M\u00e1laga in September 2026 - MalagaCar.com Blog","isPartOf":{"@id":"https:\/\/www.malagacar.com\/nl\/blog\/#website"},"primaryImageOfPage":{"@id":"https:\/\/www.malagacar.com\/nl\/blog\/vrije-tijd\/dingen-om-te-doen-in-malaga-in-september\/#primaryimage"},"image":{"@id":"https:\/\/www.malagacar.com\/nl\/blog\/vrije-tijd\/dingen-om-te-doen-in-malaga-in-september\/#primaryimage"},"thumbnailUrl":"https:\/\/www.malagacar.com\/nl\/blog\/wp-content\/uploads\/2022\/08\/09-nl.jpg","datePublished":"2026-08-25T05:39:28+00:00","dateModified":"2026-08-25T05:39:30+00:00","description":"We hebben een kalender vol activiteiten en dingen om te doen in M\u00e1laga voor deze fantastische maand september 2026 aan de Costa del Sol.","breadcrumb":{"@id":"https:\/\/www.malagacar.com\/nl\/blog\/vrije-tijd\/dingen-om-te-doen-in-malaga-in-september\/#breadcrumb"},"inLanguage":"nl-NL","potentialAction":[{"@type":"ReadAction","target":["https:\/\/www.malagacar.com\/nl\/blog\/vrije-tijd\/dingen-om-te-doen-in-malaga-in-september\/"]}]},{"@type":"ImageObject","inLanguage":"nl-NL","@id":"https:\/\/www.malagacar.com\/nl\/blog\/vrije-tijd\/dingen-om-te-doen-in-malaga-in-september\/#primaryimage","url":"https:\/\/www.malagacar.com\/nl\/blog\/wp-content\/uploads\/2022\/08\/09-nl.jpg","contentUrl":"https:\/\/www.malagacar.com\/nl\/blog\/wp-content\/uploads\/2022\/08\/09-nl.jpg","width":1000,"height":896},{"@type":"BreadcrumbList","@id":"https:\/\/www.malagacar.com\/nl\/blog\/vrije-tijd\/dingen-om-te-doen-in-malaga-in-september\/#breadcrumb","itemListElement":[{"@type":"ListItem","position":1,"name":"Home","item":"https:\/\/www.malagacar.com\/nl\/blog\/"},{"@type":"ListItem","position":2,"name":"Dingen om te doen in M\u00e1laga in September 2026"}]},{"@type":"WebSite","@id":"https:\/\/www.malagacar.com\/nl\/blog\/#website","url":"https:\/\/www.malagacar.com\/nl\/blog\/","name":"MalagaCar.com Blog","description":"Nieuws en feiten over auto huren op de luchthaven van Malaga.","publisher":{"@id":"https:\/\/www.malagacar.com\/nl\/blog\/#organization"},"potentialAction":[{"@type":"SearchAction","target":{"@type":"EntryPoint","urlTemplate":"https:\/\/www.malagacar.com\/nl\/blog\/?s={search_term_string}"},"query-input":{"@type":"PropertyValueSpecification","valueRequired":true,"valueName":"search_term_string"}}],"inLanguage":"nl-NL"},{"@type":"Organization","@id":"https:\/\/www.malagacar.com\/nl\/blog\/#organization","name":"MalagaCar.com","url":"https:\/\/www.malagacar.com\/nl\/blog\/","logo":{"@type":"ImageObject","inLanguage":"nl-NL","@id":"https:\/\/www.malagacar.com\/nl\/blog\/#\/schema\/logo\/image\/","url":"https:\/\/www.malagacar.com\/nl\/blog\/wp-content\/uploads\/2021\/06\/logo-malagacar-social.png","contentUrl":"https:\/\/www.malagacar.com\/nl\/blog\/wp-content\/uploads\/2021\/06\/logo-malagacar-social.png","width":900,"height":900,"caption":"MalagaCar.com"},"image":{"@id":"https:\/\/www.malagacar.com\/nl\/blog\/#\/schema\/logo\/image\/"},"sameAs":["https:\/\/www.facebook.com\/malagacar","https:\/\/x.com\/malagacarcom","https:\/\/www.instagram.com\/malagacar\/","https:\/\/www.linkedin.com\/company\/malagacar.com","https:\/\/www.youtube.com\/c\/MalagacarAirport"]},{"@type":"Person","@id":"https:\/\/www.malagacar.com\/nl\/blog\/#\/schema\/person\/fbc37b93c0f5bbdaa54a0a4fc59d8b8c","name":"MalagaCar.com","image":{"@type":"ImageObject","inLanguage":"nl-NL","@id":"https:\/\/secure.gravatar.com\/avatar\/296ebc31026e7be05868369e4c596b3239b1582b2fcf8a45de57333e2e82bb82?s=96&d=mm&r=g","url":"https:\/\/secure.gravatar.com\/avatar\/296ebc31026e7be05868369e4c596b3239b1582b2fcf8a45de57333e2e82bb82?s=96&d=mm&r=g","contentUrl":"https:\/\/secure.gravatar.com\/avatar\/296ebc31026e7be05868369e4c596b3239b1582b2fcf8a45de57333e2e82bb82?s=96&d=mm&r=g","caption":"MalagaCar.com"},"sameAs":["https:\/\/www.malagacar.com\/nl\/"]}]}},"_links":{"self":[{"href":"https:\/\/www.malagacar.com\/nl\/blog\/wp-json\/wp\/v2\/posts\/4448","targetHints":{"allow":["GET"]}}],"collection":[{"href":"https:\/\/www.malagacar.com\/nl\/blog\/wp-json\/wp\/v2\/posts"}],"about":[{"href":"https:\/\/www.malagacar.com\/nl\/blog\/wp-json\/wp\/v2\/types\/post"}],"author":[{"embeddable":true,"href":"https:\/\/www.malagacar.com\/nl\/blog\/wp-json\/wp\/v2\/users\/1"}],"replies":[{"embeddable":true,"href":"https:\/\/www.malagacar.com\/nl\/blog\/wp-json\/wp\/v2\/comments?post=4448"}],"version-history":[{"count":70,"href":"https:\/\/www.malagacar.com\/nl\/blog\/wp-json\/wp\/v2\/posts\/4448\/revisions"}],"predecessor-version":[{"id":7544,"href":"https:\/\/www.malagacar.com\/nl\/blog\/wp-json\/wp\/v2\/posts\/4448\/revisions\/7544"}],"wp:featuredmedia":[{"embeddable":true,"href":"https:\/\/www.malagacar.com\/nl\/blog\/wp-json\/wp\/v2\/media\/4449"}],"wp:attachment":[{"href":"https:\/\/www.malagacar.com\/nl\/blog\/wp-json\/wp\/v2\/media?parent=4448"}],"wp:term":[{"taxonomy":"category","embeddable":true,"href":"https:\/\/www.malagacar.com\/nl\/blog\/wp-json\/wp\/v2\/categories?post=4448"},{"taxonomy":"post_tag","embeddable":true,"href":"https:\/\/www.malagacar.com\/nl\/blog\/wp-json\/wp\/v2\/tags?post=4448"}],"curies":[{"name":"wp","href":"https:\/\/api.w.org\/{rel}","templated":true}]}}