{"id":4516,"date":"2026-02-18T06:48:45","date_gmt":"2026-02-18T05:48:45","guid":{"rendered":"https:\/\/www.malagacar.com\/nl\/blog\/?p=4516"},"modified":"2026-03-12T07:42:15","modified_gmt":"2026-03-12T06:42:15","slug":"dingen-om-te-doen-in-malaga-in-maart","status":"publish","type":"post","link":"https:\/\/www.malagacar.com\/nl\/blog\/vrije-tijd\/dingen-om-te-doen-in-malaga-in-maart\/","title":{"rendered":"Wat te doen in M\u00e1laga in maart 2026"},"content":{"rendered":"<p>M\u00e1laga in maart is de tijd om uit te gaan en plezier te hebben met de komst van goed weer. Om u te helpen beslissen wat u tijdens deze data moet doen, gaan we u enkele activiteiten en evenementen voorstellen.<\/p>\n<p>Ben je in voor een van de volgende <strong>evenementen en activiteiten in maart in M\u00e1laga<\/strong>?<\/p>\n<p><!--more--><\/p>\n\n            <div class=\"banner\">\n                <div class=\"row\">\n                    <div class=\"col-sm-4\">\n                        <a href=\"\/nl\/autoverhuur\/quote.php\" data-wpel-link=\"internal\"><img decoding=\"async\" src=\"\/images\/banner-img.jpg\" alt=\"malagacar.com\"><\/a>\n                    <\/div>\n                    <div class=\"col-sm-8\">\n                      <a href=\"\/nl\/autoverhuur\/quote.php\" class=\"banner-title\" data-wpel-link=\"internal\">Goede autoverhuur <span>op Malaga Airport<\/span><\/a>   \n                        <div class=\"row\">\n                            <div class=\"col-sm-7\">\n                                <ul>\n                                    <li>Geen tankkosten<\/li>\n                                    <li>Gratis annuleringn<\/li>\n                                    <li>Huren zonder tussenpersonen<\/li>\n                                    <li>Betaal wanneer u de auto ophaalt<\/li>\n                                    <li><\/li>\n                                <\/ul>\n                            <\/div>\n                            <div class=\"col-sm-5\">\n                                <a class=\"btn-banner\" href=\"\/nl\/autoverhuur\/quote.php\" data-wpel-link=\"internal\">Bekijk prijzen<\/a>\n                                <img decoding=\"async\" class=\"zonturent\" src=\"\/images\/zontu-banner.png\" alt=\"\">\n                            <\/div>\n                        <\/div>\n                    <\/div>\n                 <\/div>  \n            <\/div>\n            \n<div id=\"ez-toc-container\" class=\"ez-toc-v2_0_87 counter-hierarchy ez-toc-counter ez-toc-light-blue ez-toc-container-direction\">\n<p class=\"ez-toc-title\" style=\"cursor:inherit\">Inhoudsopgave<\/p>\n<label for=\"ez-toc-cssicon-toggle-item-6a9a4324ba3dc\" class=\"ez-toc-cssicon-toggle-label\"><span class=\"\"><span class=\"eztoc-hide\" style=\"display:none;\">Toggle<\/span><span class=\"ez-toc-icon-toggle-span\"><svg style=\"fill: #999;color:#999\" xmlns=\"http:\/\/www.w3.org\/2000\/svg\" class=\"list-377408\" width=\"20px\" height=\"20px\" viewBox=\"0 0 24 24\" fill=\"none\"><path d=\"M6 6H4v2h2V6zm14 0H8v2h12V6zM4 11h2v2H4v-2zm16 0H8v2h12v-2zM4 16h2v2H4v-2zm16 0H8v2h12v-2z\" fill=\"currentColor\"><\/path><\/svg><svg style=\"fill: #999;color:#999\" class=\"arrow-unsorted-368013\" xmlns=\"http:\/\/www.w3.org\/2000\/svg\" width=\"10px\" height=\"10px\" viewBox=\"0 0 24 24\" version=\"1.2\" baseProfile=\"tiny\"><path d=\"M18.2 9.3l-6.2-6.3-6.2 6.3c-.2.2-.3.4-.3.7s.1.5.3.7c.2.2.4.3.7.3h11c.3 0 .5-.1.7-.3.2-.2.3-.5.3-.7s-.1-.5-.3-.7zM5.8 14.7l6.2 6.3 6.2-6.3c.2-.2.3-.5.3-.7s-.1-.5-.3-.7c-.2-.2-.4-.3-.7-.3h-11c-.3 0-.5.1-.7.3-.2.2-.3.5-.3.7s.1.5.3.7z\"\/><\/svg><\/span><\/span><\/label><input type=\"checkbox\"  id=\"ez-toc-cssicon-toggle-item-6a9a4324ba3dc\"  aria-label=\"Toggle\" \/><nav><ul class='ez-toc-list ez-toc-list-level-1 ' ><li class='ez-toc-page-1 ez-toc-heading-level-2'><a class=\"ez-toc-link ez-toc-heading-1\" href=\"https:\/\/www.malagacar.com\/nl\/blog\/vrije-tijd\/dingen-om-te-doen-in-malaga-in-maart\/#Malaga_in_maart_2026\" data-wpel-link=\"internal\">M\u00e1laga in maart 2026<\/a><ul class='ez-toc-list-level-3' ><li class='ez-toc-heading-level-3'><a class=\"ez-toc-link ez-toc-heading-2\" href=\"https:\/\/www.malagacar.com\/nl\/blog\/vrije-tijd\/dingen-om-te-doen-in-malaga-in-maart\/#Klassieke_auto_bijeenkomst_%E2%80%93_Fuengirola\" data-wpel-link=\"internal\">Klassieke auto bijeenkomst &#8211; Fuengirola<\/a><\/li><li class='ez-toc-page-1 ez-toc-heading-level-3'><a class=\"ez-toc-link ez-toc-heading-3\" href=\"https:\/\/www.malagacar.com\/nl\/blog\/vrije-tijd\/dingen-om-te-doen-in-malaga-in-maart\/#Internationaal_Koorfestival_%E2%80%93_Antequera\" data-wpel-link=\"internal\">Internationaal Koorfestival \u2013 Antequera<\/a><\/li><li class='ez-toc-page-1 ez-toc-heading-level-3'><a class=\"ez-toc-link ez-toc-heading-4\" href=\"https:\/\/www.malagacar.com\/nl\/blog\/vrije-tijd\/dingen-om-te-doen-in-malaga-in-maart\/#%E2%80%98Magische_zaterdagen%E2%80%93_Fuengirola\" data-wpel-link=\"internal\">&#8216;Magische zaterdagen&#8217;\u2013 Fuengirola<\/a><\/li><li class='ez-toc-page-1 ez-toc-heading-level-3'><a class=\"ez-toc-link ez-toc-heading-5\" href=\"https:\/\/www.malagacar.com\/nl\/blog\/vrije-tijd\/dingen-om-te-doen-in-malaga-in-maart\/#%E2%80%98Op_weg_naar_de_haven_%E2%80%93_Benalmadena\" data-wpel-link=\"internal\">&#8216;Op weg naar de haven&#8217; &#8211; Benalm\u00e1dena<\/a><\/li><li class='ez-toc-page-1 ez-toc-heading-level-3'><a class=\"ez-toc-link ez-toc-heading-6\" href=\"https:\/\/www.malagacar.com\/nl\/blog\/vrije-tijd\/dingen-om-te-doen-in-malaga-in-maart\/#Musical_%E2%80%98De_dief_van_Arabie_Een_eerbetoon_aan_Aladdin_%E2%80%93_Estepona\" data-wpel-link=\"internal\">Musical \u2018De dief van Arabi\u00eb. Een eerbetoon aan Aladdin\u2019\u00a0&#8211; Estepona<\/a><\/li><li class='ez-toc-page-1 ez-toc-heading-level-3'><a class=\"ez-toc-link ez-toc-heading-7\" href=\"https:\/\/www.malagacar.com\/nl\/blog\/vrije-tijd\/dingen-om-te-doen-in-malaga-in-maart\/#Opera_La_Traviata_%E2%80%93_Estepona\" data-wpel-link=\"internal\">Opera La Traviata &#8211; Estepona<\/a><\/li><li class='ez-toc-page-1 ez-toc-heading-level-3'><a class=\"ez-toc-link ez-toc-heading-8\" href=\"https:\/\/www.malagacar.com\/nl\/blog\/vrije-tijd\/dingen-om-te-doen-in-malaga-in-maart\/#Nationale_wedstrijd_voor_de_beste_guacamole_tapas_%E2%80%93_Torremolinos\" data-wpel-link=\"internal\">Nationale wedstrijd voor de beste guacamole tapas\u00a0&#8211; Torremolinos<\/a><\/li><li class='ez-toc-page-1 ez-toc-heading-level-3'><a class=\"ez-toc-link ez-toc-heading-9\" href=\"https:\/\/www.malagacar.com\/nl\/blog\/vrije-tijd\/dingen-om-te-doen-in-malaga-in-maart\/#Harley_Davidson-bijeenkomst_%E2%80%93_Benalmadena\" data-wpel-link=\"internal\">Harley Davidson-bijeenkomst \u2013 Benalm\u00e1dena<\/a><\/li><li class='ez-toc-page-1 ez-toc-heading-level-3'><a class=\"ez-toc-link ez-toc-heading-10\" href=\"https:\/\/www.malagacar.com\/nl\/blog\/vrije-tijd\/dingen-om-te-doen-in-malaga-in-maart\/#St_Davids_Day_%E2%80%93_Benalmadena\" data-wpel-link=\"internal\">St David\u2019s Day &#8211; Benalm\u00e1dena<\/a><\/li><li class='ez-toc-page-1 ez-toc-heading-level-3'><a class=\"ez-toc-link ez-toc-heading-11\" href=\"https:\/\/www.malagacar.com\/nl\/blog\/vrije-tijd\/dingen-om-te-doen-in-malaga-in-maart\/#Marbella_Design_Art_%E2%80%93_Marbella\" data-wpel-link=\"internal\">Marbella Design &amp; Art \u2013 Marbella<\/a><\/li><li class='ez-toc-page-1 ez-toc-heading-level-3'><a class=\"ez-toc-link ez-toc-heading-12\" href=\"https:\/\/www.malagacar.com\/nl\/blog\/vrije-tijd\/dingen-om-te-doen-in-malaga-in-maart\/#Het_Vervloekte_Circus_%E2%80%93_Malaga\" data-wpel-link=\"internal\">Het Vervloekte Circus\u00a0&#8211; M\u00e1laga<\/a><\/li><li class='ez-toc-page-1 ez-toc-heading-level-3'><a class=\"ez-toc-link ez-toc-heading-13\" href=\"https:\/\/www.malagacar.com\/nl\/blog\/vrije-tijd\/dingen-om-te-doen-in-malaga-in-maart\/#Circus_van_Licht_%E2%80%93_Malaga\" data-wpel-link=\"internal\">Circus van Licht \u2013 M\u00e1laga<\/a><\/li><li class='ez-toc-page-1 ez-toc-heading-level-3'><a class=\"ez-toc-link ez-toc-heading-14\" href=\"https:\/\/www.malagacar.com\/nl\/blog\/vrije-tijd\/dingen-om-te-doen-in-malaga-in-maart\/#Wijn_zaterdagen_in_het_museum_%E2%80%93_Malaga\" data-wpel-link=\"internal\">Wijn zaterdagen in het museum &#8211; M\u00e1laga<\/a><\/li><li class='ez-toc-page-1 ez-toc-heading-level-3'><a class=\"ez-toc-link ez-toc-heading-15\" href=\"https:\/\/www.malagacar.com\/nl\/blog\/vrije-tijd\/dingen-om-te-doen-in-malaga-in-maart\/#Nachtelijk_bezoek_aan_de_Engelse_begraafplaats_%E2%80%93_Malaga\" data-wpel-link=\"internal\">Nachtelijk bezoek aan de Engelse begraafplaats &#8211; M\u00e1laga<\/a><\/li><li class='ez-toc-page-1 ez-toc-heading-level-3'><a class=\"ez-toc-link ez-toc-heading-16\" href=\"https:\/\/www.malagacar.com\/nl\/blog\/vrije-tijd\/dingen-om-te-doen-in-malaga-in-maart\/#Theatrale_rondleiding_door_de_schatgrot_%E2%80%93_Rincon_de_la_Victoria\" data-wpel-link=\"internal\">Theatrale rondleiding door de schatgrot &#8211; Rinc\u00f3n de la Victoria<\/a><\/li><li class='ez-toc-page-1 ez-toc-heading-level-3'><a class=\"ez-toc-link ez-toc-heading-17\" href=\"https:\/\/www.malagacar.com\/nl\/blog\/vrije-tijd\/dingen-om-te-doen-in-malaga-in-maart\/#Ambachtelijk_bier_proeven_%E2%80%93_Malaga\" data-wpel-link=\"internal\">Ambachtelijk bier proeven &#8211; M\u00e1laga<\/a><\/li><li class='ez-toc-page-1 ez-toc-heading-level-3'><a class=\"ez-toc-link ez-toc-heading-18\" href=\"https:\/\/www.malagacar.com\/nl\/blog\/vrije-tijd\/dingen-om-te-doen-in-malaga-in-maart\/#Ammonieten_route_%E2%80%93_Torcal_de_Antequera\" data-wpel-link=\"internal\">Ammonieten route &#8211; Torcal de Antequera<\/a><\/li><li class='ez-toc-page-1 ez-toc-heading-level-3'><a class=\"ez-toc-link ez-toc-heading-19\" href=\"https:\/\/www.malagacar.com\/nl\/blog\/vrije-tijd\/dingen-om-te-doen-in-malaga-in-maart\/#Halve_marathon_%E2%80%93_Malaga\" data-wpel-link=\"internal\">Halve marathon &#8211; M\u00e1laga<\/a><\/li><li class='ez-toc-page-1 ez-toc-heading-level-3'><a class=\"ez-toc-link ez-toc-heading-20\" href=\"https:\/\/www.malagacar.com\/nl\/blog\/vrije-tijd\/dingen-om-te-doen-in-malaga-in-maart\/#Candelight_Concerten_%E2%80%93_Malaga\" data-wpel-link=\"internal\">Candelight Concerten &#8211; M\u00e1laga<\/a><\/li><li class='ez-toc-page-1 ez-toc-heading-level-3'><a class=\"ez-toc-link ez-toc-heading-21\" href=\"https:\/\/www.malagacar.com\/nl\/blog\/vrije-tijd\/dingen-om-te-doen-in-malaga-in-maart\/#Film_Festival_%E2%80%93_Malaga\" data-wpel-link=\"internal\">Film Festival &#8211; M\u00e1laga<\/a><\/li><li class='ez-toc-page-1 ez-toc-heading-level-3'><a class=\"ez-toc-link ez-toc-heading-22\" href=\"https:\/\/www.malagacar.com\/nl\/blog\/vrije-tijd\/dingen-om-te-doen-in-malaga-in-maart\/#Aeternum_Heilige_muziek_van_de_wereld_%E2%80%93_Malaga\" data-wpel-link=\"internal\">Aeternum (Heilige muziek van de wereld) \u2013 M\u00e1laga<\/a><\/li><li class='ez-toc-page-1 ez-toc-heading-level-3'><a class=\"ez-toc-link ez-toc-heading-23\" href=\"https:\/\/www.malagacar.com\/nl\/blog\/vrije-tijd\/dingen-om-te-doen-in-malaga-in-maart\/#St_Patricks_Day\" data-wpel-link=\"internal\">St. Patrick&#8217;s Day<\/a><\/li><\/ul><\/li><li class='ez-toc-page-1 ez-toc-heading-level-2'><a class=\"ez-toc-link ez-toc-heading-24\" href=\"https:\/\/www.malagacar.com\/nl\/blog\/vrije-tijd\/dingen-om-te-doen-in-malaga-in-maart\/#Straatmarkten_in_Malaga_in_maart\" data-wpel-link=\"internal\">Straatmarkten in M\u00e1laga in maart<\/a><ul class='ez-toc-list-level-3' ><li class='ez-toc-heading-level-3'><a class=\"ez-toc-link ez-toc-heading-25\" href=\"https:\/\/www.malagacar.com\/nl\/blog\/vrije-tijd\/dingen-om-te-doen-in-malaga-in-maart\/#City_Market_%E2%80%93_Malaga\" data-wpel-link=\"internal\">City Market \u2013 M\u00e1laga<\/a><\/li><li class='ez-toc-page-1 ez-toc-heading-level-3'><a class=\"ez-toc-link ez-toc-heading-26\" href=\"https:\/\/www.malagacar.com\/nl\/blog\/vrije-tijd\/dingen-om-te-doen-in-malaga-in-maart\/#Wintermarkt_bij_Pier_Een\" data-wpel-link=\"internal\">Wintermarkt bij Pier Een<\/a><\/li><li class='ez-toc-page-1 ez-toc-heading-level-3'><a class=\"ez-toc-link ez-toc-heading-27\" href=\"https:\/\/www.malagacar.com\/nl\/blog\/vrije-tijd\/dingen-om-te-doen-in-malaga-in-maart\/#Ambachtsmarkt_La_Merced_%E2%80%93_Malaga\" data-wpel-link=\"internal\">Ambachtsmarkt La Merced &#8211; M\u00e1laga<\/a><\/li><li class='ez-toc-page-1 ez-toc-heading-level-3'><a class=\"ez-toc-link ez-toc-heading-28\" href=\"https:\/\/www.malagacar.com\/nl\/blog\/vrije-tijd\/dingen-om-te-doen-in-malaga-in-maart\/#Stedelijke_markt_Soho_%E2%80%93_Malaga\" data-wpel-link=\"internal\">Stedelijke markt Soho &#8211; M\u00e1laga<\/a><\/li><li class='ez-toc-page-1 ez-toc-heading-level-3'><a class=\"ez-toc-link ez-toc-heading-29\" href=\"https:\/\/www.malagacar.com\/nl\/blog\/vrije-tijd\/dingen-om-te-doen-in-malaga-in-maart\/#De_Engelse_Megraafplaats_Markt_%E2%80%93_Malaga\" data-wpel-link=\"internal\">De Engelse Megraafplaats Markt \u2013 M\u00e1laga<\/a><\/li><li class='ez-toc-page-1 ez-toc-heading-level-3'><a class=\"ez-toc-link ez-toc-heading-30\" href=\"https:\/\/www.malagacar.com\/nl\/blog\/vrije-tijd\/dingen-om-te-doen-in-malaga-in-maart\/#Ambachtsmarkt_in_Cartama\" data-wpel-link=\"internal\">Ambachtsmarkt in C\u00e1rtama<\/a><\/li><li class='ez-toc-page-1 ez-toc-heading-level-3'><a class=\"ez-toc-link ez-toc-heading-31\" href=\"https:\/\/www.malagacar.com\/nl\/blog\/vrije-tijd\/dingen-om-te-doen-in-malaga-in-maart\/#Markt_%E2%80%9CSmaak_van_Malaga%E2%80%9D_%E2%80%93_Torremolinos\" data-wpel-link=\"internal\">Markt &#8220;Smaak van Malaga&#8221; &#8211; Torremolinos<\/a><\/li><li class='ez-toc-page-1 ez-toc-heading-level-3'><a class=\"ez-toc-link ez-toc-heading-32\" href=\"https:\/\/www.malagacar.com\/nl\/blog\/vrije-tijd\/dingen-om-te-doen-in-malaga-in-maart\/#Maandelijkse_markt_%E2%80%93_Corumbela_Axarquia\" data-wpel-link=\"internal\">Maandelijkse markt \u2013 Corumbela, Axarqu\u00eda<\/a><\/li><li class='ez-toc-page-1 ez-toc-heading-level-3'><a class=\"ez-toc-link ez-toc-heading-33\" href=\"https:\/\/www.malagacar.com\/nl\/blog\/vrije-tijd\/dingen-om-te-doen-in-malaga-in-maart\/#Puerto_Market_%E2%80%93_Benalmadena\" data-wpel-link=\"internal\">Puerto Market \u2013 Benalm\u00e1dena<\/a><\/li><li class='ez-toc-page-1 ez-toc-heading-level-3'><a class=\"ez-toc-link ez-toc-heading-34\" href=\"https:\/\/www.malagacar.com\/nl\/blog\/vrije-tijd\/dingen-om-te-doen-in-malaga-in-maart\/#Vlooienmarkten_en_straatmarkten_in_de_provincie\" data-wpel-link=\"internal\">Vlooienmarkten en straatmarkten in de provincie<\/a><\/li><\/ul><\/li><li class='ez-toc-page-1 ez-toc-heading-level-2'><a class=\"ez-toc-link ez-toc-heading-35\" href=\"https:\/\/www.malagacar.com\/nl\/blog\/vrije-tijd\/dingen-om-te-doen-in-malaga-in-maart\/#Bezoek_de_Musea_van_Malaga\" data-wpel-link=\"internal\">Bezoek de Musea van M\u00e1laga<\/a><ul class='ez-toc-list-level-3' ><li class='ez-toc-heading-level-3'><a class=\"ez-toc-link ez-toc-heading-36\" href=\"https:\/\/www.malagacar.com\/nl\/blog\/vrije-tijd\/dingen-om-te-doen-in-malaga-in-maart\/#Gratis_rondleidingen_%E2%80%93_Malaga_Museum\" data-wpel-link=\"internal\">Gratis rondleidingen &#8211; M\u00e1laga Museum<\/a><\/li><li class='ez-toc-page-1 ez-toc-heading-level-3'><a class=\"ez-toc-link ez-toc-heading-37\" href=\"https:\/\/www.malagacar.com\/nl\/blog\/vrije-tijd\/dingen-om-te-doen-in-malaga-in-maart\/#Rondleidingen_in_de_historische_botanische_tuin_La_Concepcion\" data-wpel-link=\"internal\">Rondleidingen in de historische botanische tuin La Concepci\u00f3n<\/a><\/li><li class='ez-toc-page-1 ez-toc-heading-level-3'><a class=\"ez-toc-link ez-toc-heading-38\" href=\"https:\/\/www.malagacar.com\/nl\/blog\/vrije-tijd\/dingen-om-te-doen-in-malaga-in-maart\/#Bezoek_aan_de_Victoria_brouwerij_%E2%80%93_Malaga\" data-wpel-link=\"internal\">Bezoek aan de Victoria brouwerij &#8211; M\u00e1laga<\/a><\/li><li class='ez-toc-page-1 ez-toc-heading-level-3'><a class=\"ez-toc-link ez-toc-heading-39\" href=\"https:\/\/www.malagacar.com\/nl\/blog\/vrije-tijd\/dingen-om-te-doen-in-malaga-in-maart\/#Gedramatiseerde_nachtelijke_rondleidingen_Automobielmuseum_%E2%80%93_Malaga\" data-wpel-link=\"internal\">Gedramatiseerde nachtelijke rondleidingen Automobielmuseum &#8211; M\u00e1laga<\/a><\/li><\/ul><\/li><li class='ez-toc-page-1 ez-toc-heading-level-2'><a class=\"ez-toc-link ez-toc-heading-40\" href=\"https:\/\/www.malagacar.com\/nl\/blog\/vrije-tijd\/dingen-om-te-doen-in-malaga-in-maart\/#Pasen_in_Malaga_2026\" data-wpel-link=\"internal\">Pasen in M\u00e1laga 2026<\/a><\/li><li class='ez-toc-page-1 ez-toc-heading-level-2'><a class=\"ez-toc-link ez-toc-heading-41\" href=\"https:\/\/www.malagacar.com\/nl\/blog\/vrije-tijd\/dingen-om-te-doen-in-malaga-in-maart\/#Populaire_Festivals_in_Malaga_in_maart\" data-wpel-link=\"internal\">Populaire Festivals in M\u00e1laga in maart<\/a><ul class='ez-toc-list-level-3' ><li class='ez-toc-heading-level-3'><a class=\"ez-toc-link ez-toc-heading-42\" href=\"https:\/\/www.malagacar.com\/nl\/blog\/vrije-tijd\/dingen-om-te-doen-in-malaga-in-maart\/#Route_langs_typische_gerechten_van_Malaga_tijdens_de_vastenperiode\" data-wpel-link=\"internal\">Route langs typische gerechten van M\u00e1laga tijdens de vastenperiode<\/a><\/li><li class='ez-toc-page-1 ez-toc-heading-level-3'><a class=\"ez-toc-link ez-toc-heading-43\" href=\"https:\/\/www.malagacar.com\/nl\/blog\/vrije-tijd\/dingen-om-te-doen-in-malaga-in-maart\/#Ajobacacalao-route_in_Velez-Malaga\" data-wpel-link=\"internal\">Ajobacacalao-route in V\u00e9lez-M\u00e1laga<\/a><\/li><li class='ez-toc-page-1 ez-toc-heading-level-3'><a class=\"ez-toc-link ez-toc-heading-44\" href=\"https:\/\/www.malagacar.com\/nl\/blog\/vrije-tijd\/dingen-om-te-doen-in-malaga-in-maart\/#Tagarnina_Dag_%E2%80%93_Villanueva_del_Rosario\" data-wpel-link=\"internal\">Tagarnina Dag &#8211; Villanueva del Rosario<\/a><\/li><li class='ez-toc-page-1 ez-toc-heading-level-3'><a class=\"ez-toc-link ez-toc-heading-45\" href=\"https:\/\/www.malagacar.com\/nl\/blog\/vrije-tijd\/dingen-om-te-doen-in-malaga-in-maart\/#Dag_van_de_Venkelstoofpot_%E2%80%93_Algatocin\" data-wpel-link=\"internal\">Dag van de Venkelstoofpot &#8211; Algatoc\u00edn<\/a><\/li><\/ul><\/li><li class='ez-toc-page-1 ez-toc-heading-level-2'><a class=\"ez-toc-link ez-toc-heading-46\" href=\"https:\/\/www.malagacar.com\/nl\/blog\/vrije-tijd\/dingen-om-te-doen-in-malaga-in-maart\/#Het_Weer_in_Malaga_in_Maart\" data-wpel-link=\"internal\">Het Weer in M\u00e1laga in Maart<\/a><\/li><\/ul><\/nav><\/div>\n<h2><span class=\"ez-toc-section\" id=\"Malaga_in_maart_2026\"><\/span>M\u00e1laga in maart 2026<span class=\"ez-toc-section-end\"><\/span><\/h2>\n<h3><span class=\"ez-toc-section\" id=\"Klassieke_auto_bijeenkomst_%E2%80%93_Fuengirola\"><\/span>Klassieke auto bijeenkomst &#8211; Fuengirola<span class=\"ez-toc-section-end\"><\/span><\/h3>\n<p><img loading=\"lazy\" decoding=\"async\" class=\"alignnone size-full wp-image-19135\" src=\"https:\/\/www.malagacar.com\/sp\/blog\/wp-content\/uploads\/2026\/02\/coche-clasico.jpg\" alt=\"Concentraci\u00f3n de Coches Cl\u00e1sicos - Fuengirola\" width=\"1000\" height=\"665\" \/><\/p>\n<p>Op zondag 22 maart vindt op het beursterrein van Fuengirola de eerste Classic Car Rally voor liefhebbers van oldtimers plaats.<\/p>\n<h4>Programma<\/h4>\n<p>Ontvangst van de deelnemende voertuigen (9.00 uur); parade en versnaperingen (11.00 uur); lunch op het beursterrein (14.00 uur); en uitreiking van de trofee voor de beste auto in elke leeftijdscategorie (16.00 uur).<\/p>\n<p>De opbrengst van de inschrijfgelden wordt gedoneerd aan AVOI (Vereniging van Vrijwilligers voor Kinderkanker). Het inschrijfgeld bedraagt \u200b\u200b\u20ac 10 per deelnemende auto. Ge\u00efnteresseerden die willen deelnemen of meer informatie willen, kunnen contact opnemen met de organisatie via telefoonnummer +34 622 18 51 20.<\/p>\n<ul>\n<li>Wanneer: 22 maart<\/li>\n<li>Waar: Beursterrein van Fuengirola<\/li>\n<li><a href=\"https:\/\/maps.app.goo.gl\/tygtuWsCqX1Y5Sj96\" data-wpel-link=\"external\" target=\"_blank\" rel=\"external noopener noreferrer\" class=\"ext-link wpel-icon-right\"><strong>Hoe er te komen<\/strong><span class=\"wpel-icon wpel-image wpel-icon-2\"><\/span><\/a><\/li>\n<\/ul>\n<h3><span class=\"ez-toc-section\" id=\"Internationaal_Koorfestival_%E2%80%93_Antequera\"><\/span>Internationaal Koorfestival \u2013 Antequera<span class=\"ez-toc-section-end\"><\/span><\/h3>\n<p><img loading=\"lazy\" decoding=\"async\" class=\"alignnone size-large wp-image-19101\" src=\"https:\/\/www.malagacar.com\/sp\/blog\/wp-content\/uploads\/2026\/02\/Festival-Coral-Internacional-\u2013-Antequera-1024x535.jpg\" alt=\"Festival Coral Internacional \u2013 Antequera\" width=\"750\" height=\"392\" \/><\/p>\n<p>Als u op zoek bent naar een actieve vakantie in M\u00e1laga, kunt u wellicht iets verder het binnenland in trekken en een uitstapje maken naar Antequera. Deze historische stad in de provincie staat ook wel bekend als de &#8220;Stad van de Kerken&#8221;, omdat er meer dan 30 kerken en kloosters te vinden zijn.<\/p>\n<p>In de Koninklijke Collegiale Kerk van Santa Mar\u00eda la Mayor en andere iconische locaties in de stad kunt u van 12 tot en met 16 maart genieten van koormuziek tijdens het Internationale Koorfestival &#8216;Cantaquera&#8217; 2026.<\/p>\n<p>Dit evenement brengt dertien koren uit tien verschillende landen samen, die enkele van de meest iconische locaties van de stad met muziek zullen vullen.<\/p>\n<p>Er zullen grote kinder-, jeugd- en volwassenenkoren optreden uit Estland, Ierland, Letland, Noorwegen, Portugal, Puerto Rico, Sloveni\u00eb, Zweden en Turkije.<\/p>\n<ul>\n<li>Meer <a href=\"https:\/\/www.interkultur.com\/events\/2026\/antequera\" data-wpel-link=\"external\" target=\"_blank\" rel=\"external noopener noreferrer\" class=\"ext-link wpel-icon-right\"><strong>informatie en reserveringen<\/strong><span class=\"wpel-icon wpel-image wpel-icon-2\"><\/span><\/a><\/li>\n<li>Wanneer: 12-16 maart<\/li>\n<li>Waar: Antequera<\/li>\n<li><a href=\"https:\/\/maps.app.goo.gl\/T6DeFLetNJuPScGN9\" data-wpel-link=\"external\" target=\"_blank\" rel=\"external noopener noreferrer\" class=\"ext-link wpel-icon-right\"><strong>Hoe er te komen<\/strong><span class=\"wpel-icon wpel-image wpel-icon-2\"><\/span><\/a><\/li>\n<\/ul>\n<h3><span class=\"ez-toc-section\" id=\"%E2%80%98Magische_zaterdagen%E2%80%93_Fuengirola\"><\/span>&#8216;Magische zaterdagen&#8217;\u2013 Fuengirola<span class=\"ez-toc-section-end\"><\/span><\/h3>\n<p><img loading=\"lazy\" decoding=\"async\" class=\"alignnone wp-image-19102\" src=\"https:\/\/www.malagacar.com\/sp\/blog\/wp-content\/uploads\/2026\/02\/\u2018Sabados-Magicos-\u2013-Fuengirola.jpg\" alt=\"\u2018S\u00e1bados M\u00e1gicos\u2019 \u2013 Fuengirola\" width=\"507\" height=\"715\" \/><\/p>\n<p>Op de kinderspeelplaats naast winkelcentrum Miramar worden \u00e9\u00e9n zaterdag per maand gratis goochelshows voor het hele gezin gegeven. De eerste show is op 7 maart om 12:00 uur.<\/p>\n<p>De goochelshows zijn dynamische en interactieve voorstellingen die zowel kinderen als volwassenen zullen verrassen en vermaken.<\/p>\n<ul>\n<li>Wanneer: 7 maart, 4 april, 23 mei en 13 juni<\/li>\n<li>Waar: Parque del Pulpo, Fuengirola<\/li>\n<li><a href=\"https:\/\/maps.app.goo.gl\/Jfb1aPaXgTtngQNFA\" data-wpel-link=\"external\" target=\"_blank\" rel=\"external noopener noreferrer\" class=\"ext-link wpel-icon-right\"><strong>Hoe er te komen<\/strong><span class=\"wpel-icon wpel-image wpel-icon-2\"><\/span><\/a><\/li>\n<\/ul>\n<h3><span class=\"ez-toc-section\" id=\"%E2%80%98Op_weg_naar_de_haven_%E2%80%93_Benalmadena\"><\/span>&#8216;Op weg naar de haven&#8217; &#8211; Benalm\u00e1dena<span class=\"ez-toc-section-end\"><\/span><\/h3>\n<p><img loading=\"lazy\" decoding=\"async\" class=\"alignnone size-full wp-image-19097\" src=\"https:\/\/www.malagacar.com\/sp\/blog\/wp-content\/uploads\/2026\/02\/Puerto-benalmadena.jpg\" alt=\"Puerto benalmadena\" width=\"1000\" height=\"669\" \/><\/p>\n<p>Onder de naam \u2018Op weg naar de haven\u2019 kunt u de komende maanden genieten van een breed scala aan gratis buitenactiviteiten in de bekroonde jachthaven van Benalm\u00e1dena.<\/p>\n<p>In maart en april zijn er activiteiten voor alle leeftijden, zoals concerten, kinderworkshops, familieshows, dj-sets en de traditionele ambachtsmarkt \u2018Puerto Market\u2019 in de weekenden.<\/p>\n<h4>Programma<\/h4>\n<p>\u2022 Beatlemania | 7 en 8 maart. Een eerbetoon aan de legendarische Britse band The Beatles. Het programma omvat dj-sets van Jil Jilala DJ en optredens van Silver Beats, een bekende tributeband aan de Fab Four.<br \/>\n\u2022 Kiddy Rock | 14 maart. Voor de kleintjes, met workshops, verhalen en familieconcerten.<br \/>\n\u2022 Jaren 80 Weekend | 21 maart. Met een marathon aan concerten, met als hoogtepunten Se\u00f1or Mirinda, 90 Roll en een headline-optreden van Toreros Muertos, een iconische jaren 80-band onder leiding van Pablo Carbonell.<br \/>\n\u2022 Malagueo Cool (Indiecool) | 11 april. Met dj-sets van Felipe en concerten van Sike en \u00c9xtasis.<br \/>\n\u2022 Lentefestival | 18 april<br \/>\n\u2022 La Habitaci\u00f3n Roja Concert | 25 april<\/p>\n<ul>\n<li>Wanneer: maart en april<\/li>\n<li>Waar: Puerto Marina, Benalm\u00e1dena<\/li>\n<li><a href=\"https:\/\/maps.app.goo.gl\/ReVF6HX5cEATiNh8A\" data-wpel-link=\"external\" target=\"_blank\" rel=\"external noopener noreferrer\" class=\"ext-link wpel-icon-right\"><strong>Hoe er te komen<\/strong><span class=\"wpel-icon wpel-image wpel-icon-2\"><\/span><\/a><\/li>\n<\/ul>\n<h3><span class=\"ez-toc-section\" id=\"Musical_%E2%80%98De_dief_van_Arabie_Een_eerbetoon_aan_Aladdin_%E2%80%93_Estepona\"><\/span>Musical \u2018De dief van Arabi\u00eb. Een eerbetoon aan Aladdin\u2019\u00a0&#8211; Estepona<span class=\"ez-toc-section-end\"><\/span><\/h3>\n<p><img loading=\"lazy\" decoding=\"async\" class=\"alignnone wp-image-19083\" src=\"https:\/\/www.malagacar.com\/sp\/blog\/wp-content\/uploads\/2026\/02\/Ladron-de-Arabia-Estepona.jpg\" alt=\"Tributo a Aladd\u00edn\u2019 - Estepona\" width=\"503\" height=\"722\" \/><\/p>\n<p>In het Felipe VI Auditorium in Estepona wordt op 8 maart om 17.00 uur de musicalversie van Aladdin, &#8220;The Thief of Arabia&#8221;, opgevoerd.<\/p>\n<p>Geniet van deze versie van de klassieker uit het Midden-Oosten, gepresenteerd door het gezelschap Onbeat, met elementen uit Broadway-musicals.<\/p>\n<ul>\n<li><a href=\"https:\/\/teatroestepona.com\/event\/el-ladron-de-arabia\/\" data-wpel-link=\"external\" target=\"_blank\" rel=\"external noopener noreferrer\" class=\"ext-link wpel-icon-right\"><strong>Tickets<\/strong><span class=\"wpel-icon wpel-image wpel-icon-2\"><\/span><\/a><\/li>\n<li>Wanneer: 8 maart om 17:00 uur<\/li>\n<li>Waar: Felipe VI Auditorium Theater, Estepona<\/li>\n<li><a href=\"https:\/\/maps.app.goo.gl\/jY9k25xgifqWMxzdA\" data-wpel-link=\"external\" target=\"_blank\" rel=\"external noopener noreferrer\" class=\"ext-link wpel-icon-right\"><strong>Hoe er te komen<\/strong><span class=\"wpel-icon wpel-image wpel-icon-2\"><\/span><\/a><\/li>\n<\/ul>\n<h3><span class=\"ez-toc-section\" id=\"Opera_La_Traviata_%E2%80%93_Estepona\"><\/span>Opera La Traviata &#8211; Estepona<span class=\"ez-toc-section-end\"><\/span><\/h3>\n<p><img loading=\"lazy\" decoding=\"async\" class=\"alignnone wp-image-19084\" src=\"https:\/\/www.malagacar.com\/sp\/blog\/wp-content\/uploads\/2026\/02\/Opera-La-Traviata-Estepona.jpg\" alt=\"Opera La Traviata - Estepona\" width=\"500\" height=\"718\" \/><\/p>\n<p>Geniet op donderdag 5 maart om 19.00 uur van de opera La Traviata, een van de beroemdste opera&#8217;s van Giuseppe Verdi, in het Felipe VI Auditorium Theater in Estepona.<\/p>\n<ul>\n<li><a href=\"https:\/\/teatroestepona.com\/event\/la-traviata-estepona-2026\/\" data-wpel-link=\"external\" target=\"_blank\" rel=\"external noopener noreferrer\" class=\"ext-link wpel-icon-right\"><strong>Tickets<\/strong><span class=\"wpel-icon wpel-image wpel-icon-2\"><\/span><\/a><\/li>\n<li>Wanneer: 5 maart om 19:00 uur<\/li>\n<li>Waar: Felipe VI Auditorium Theater, Estepona<\/li>\n<li><a href=\"https:\/\/maps.app.goo.gl\/jY9k25xgifqWMxzdA\" data-wpel-link=\"external\" target=\"_blank\" rel=\"external noopener noreferrer\" class=\"ext-link wpel-icon-right\"><strong>Hoe er te komen<\/strong><span class=\"wpel-icon wpel-image wpel-icon-2\"><\/span><\/a><\/li>\n<\/ul>\n<h3><span class=\"ez-toc-section\" id=\"Nationale_wedstrijd_voor_de_beste_guacamole_tapas_%E2%80%93_Torremolinos\"><\/span>Nationale wedstrijd voor de beste guacamole tapas\u00a0&#8211; Torremolinos<span class=\"ez-toc-section-end\"><\/span><\/h3>\n<p><img loading=\"lazy\" decoding=\"async\" class=\"alignnone wp-image-19085\" src=\"https:\/\/www.malagacar.com\/sp\/blog\/wp-content\/uploads\/2026\/02\/Guacamole-Torremolinos.jpg\" alt=\"Concurso Nacional de la Mejor Tapa de Guacamole - Torremolinos\" width=\"498\" height=\"615\" \/><\/p>\n<p>Op 7 maart kunt u restaurants uit heel Spanje zien strijden om de prijs voor de Beste Guacamole Tapas. Het evenement vindt plaats op het beursterrein van Torremolinos, meer specifiek bij de stand van &#8220;La Biznaga&#8221;.<\/p>\n<p>Voorronde: van 11:30 tot 15:30 uur (10 finalisten worden gekozen) en Grote Finale: vanaf 18:30 uur.<\/p>\n<ul>\n<li>Wanneer: 7 maart<\/li>\n<li>Waar: Kermisterrein Torremolinos<\/li>\n<li><a href=\"https:\/\/maps.app.goo.gl\/NwoiKcxR9Doto7fL8\" data-wpel-link=\"external\" target=\"_blank\" rel=\"external noopener noreferrer\" class=\"ext-link wpel-icon-right\"><strong>Hoe er te komen<\/strong><span class=\"wpel-icon wpel-image wpel-icon-2\"><\/span><\/a><\/li>\n<\/ul>\n<h3><span class=\"ez-toc-section\" id=\"Harley_Davidson-bijeenkomst_%E2%80%93_Benalmadena\"><\/span>Harley Davidson-bijeenkomst \u2013 Benalm\u00e1dena<span class=\"ez-toc-section-end\"><\/span><\/h3>\n<p><img loading=\"lazy\" decoding=\"async\" class=\"alignnone size-full wp-image-19086\" src=\"https:\/\/www.malagacar.com\/sp\/blog\/wp-content\/uploads\/2026\/02\/harley-Benalmadena.jpg\" alt=\"Concentraci\u00f3n Harley Davidson \u2013 Benalm\u00e1dena\" width=\"393\" height=\"590\" \/><\/p>\n<p>Het Arroyo de la Miel-terrein in Benalm\u00e1dena is van 20 tot en met 22 maart het toneel voor de Harley-Davidson Rally. Het weekend staat in het teken van motoren, muziek en de motorcultuur. De toegang is gratis.<\/p>\n<p>Dit evenement voor Harley-liefhebbers brengt motorrijders uit heel Spanje samen in een gezinsvriendelijk, openbaar toegankelijk evenement met een programma voor alle leeftijden.<\/p>\n<p>Er zijn het hele weekend liveconcerten van lokale bands en een gevarieerd aanbod aan eten van foodtrucks. Daarnaast zijn er kraampjes met accessoires en andere artikelen.<\/p>\n<ul>\n<li>Informatie en inschrijving voor motorrijders: <a href=\"mailto:info.hdcandalucia@gmail.com\"><strong>info.hdcandalucia@gmail.com<\/strong><\/a><\/li>\n<li>Wanneer: 20 t\/m 22 maart<\/li>\n<li>Waar: Benalmadena Kermisterrein<\/li>\n<li><a href=\"https:\/\/maps.app.goo.gl\/cZnegeYaXvnMqfRC9\" data-wpel-link=\"external\" target=\"_blank\" rel=\"external noopener noreferrer\" class=\"ext-link wpel-icon-right\"><strong>Routebeschrijving<\/strong><span class=\"wpel-icon wpel-image wpel-icon-2\"><\/span><\/a><\/li>\n<\/ul>\n<h3><span class=\"ez-toc-section\" id=\"St_Davids_Day_%E2%80%93_Benalmadena\"><\/span>St David\u2019s Day &#8211; Benalm\u00e1dena<span class=\"ez-toc-section-end\"><\/span><\/h3>\n<p><img loading=\"lazy\" decoding=\"async\" class=\"alignnone wp-image-19078\" src=\"https:\/\/www.malagacar.com\/sp\/blog\/wp-content\/uploads\/2026\/02\/st-davids-Day-Benalmadena-724x1024.jpg\" alt=\"St David\u2019s Day - Benalm\u00e1dena\" width=\"571\" height=\"808\" \/><\/p>\n<p>Op de Plaza de la Mezquita in Benalmadena vindt de 15e editie van St. David&#8217;s Day plaats. Dit evenement, ter ere van de feestdag van de beschermheilige van Wales, biedt livemuziek.<\/p>\n<p>Het vindt plaats op 1 maart, vanaf 12.00 uur, en er zullen tal van artiesten optreden: de Welshe zanger Scott Jones als speciale gast, samen met Mama Cath, Wayne Michaels, Chris Kidd, Cassie, Siobhan, Paige, Loz Carter, Rock &amp; Roll Brothers, Sandy, Megzy, Boogie Wonderland, Gordon Williams, Wayne Ward, Lucy Pardoe en Alarna Love, om er maar een paar te noemen.<\/p>\n<ul>\n<li>Wanneer: 1 maart, aanvang 12.00 uur<\/li>\n<li>Waar: Plaza de la Mezquita, Benalm\u00e1dena<\/li>\n<li><a href=\"https:\/\/maps.app.goo.gl\/HpseJP2JWERxUU5q6\" data-wpel-link=\"external\" target=\"_blank\" rel=\"external noopener noreferrer\" class=\"ext-link wpel-icon-right\"><strong>Hoe er te komen<\/strong><span class=\"wpel-icon wpel-image wpel-icon-2\"><\/span><\/a><\/li>\n<\/ul>\n<h3><span class=\"ez-toc-section\" id=\"Marbella_Design_Art_%E2%80%93_Marbella\"><\/span>Marbella Design &amp; Art \u2013 Marbella<span class=\"ez-toc-section-end\"><\/span><\/h3>\n<p><img loading=\"lazy\" decoding=\"async\" class=\"alignnone wp-image-18946\" src=\"https:\/\/www.malagacar.com\/sp\/blog\/wp-content\/uploads\/2025\/03\/Marbella-art-design.jpg\" alt=\"Marbella Design &amp; Art \u2013 Marbella\" width=\"499\" height=\"633\" \/><\/p>\n<p>Geniet van een exclusieve tentoonstelling in Marbella die hedendaagse kunst, interieurontwerp en architectonische innovatie combineert tijdens de 8e editie van de Marbella Design &amp; Art Fair.<\/p>\n<p>Het Marbella Trade Fair Centre is van 19 tot en met 29 maart de locatie voor het evenement, dat een oppervlakte van meer dan 3.000 vierkante meter beslaat. Er zijn meer dan 50 interieurs te bewonderen, ontworpen door professionals, en objecten van meer dan 150 luxe merken.<\/p>\n<p>Tijdens het evenement zijn er ook kunstinstallaties, lezingen, workshops, masterclasses en elegante gastronomische ruimtes, ontworpen door interieurontwerpers, met culinaire hoogstandjes.<\/p>\n<ul>\n<li><a href=\"https:\/\/marbelladesignart.com\/\" data-wpel-link=\"external\" target=\"_blank\" rel=\"external noopener noreferrer\" class=\"ext-link wpel-icon-right\"><strong>Tickets<\/strong><span class=\"wpel-icon wpel-image wpel-icon-2\"><\/span><\/a><\/li>\n<li>Wanneer: 19 t\/m 29 maart<\/li>\n<li>Waar: Beursgebouw Marbella<\/li>\n<li><a href=\"https:\/\/maps.app.goo.gl\/n2cqhhPPjAeXdi9e7\" data-wpel-link=\"external\" target=\"_blank\" rel=\"external noopener noreferrer\" class=\"ext-link wpel-icon-right\"><strong>Hoe er te komen<\/strong><span class=\"wpel-icon wpel-image wpel-icon-2\"><\/span><\/a><\/li>\n<\/ul>\n<h3><span class=\"ez-toc-section\" id=\"Het_Vervloekte_Circus_%E2%80%93_Malaga\"><\/span>Het Vervloekte Circus\u00a0&#8211; M\u00e1laga<span class=\"ez-toc-section-end\"><\/span><\/h3>\n<p><img loading=\"lazy\" decoding=\"async\" class=\"alignnone wp-image-19033\" src=\"https:\/\/www.malagacar.com\/sp\/blog\/wp-content\/uploads\/2026\/02\/circo-maldito-819x1024.jpg\" alt=\"El Circo Maldito - M\u00e1laga\" width=\"584\" height=\"731\" \/><\/p>\n<p>Bereid je voor op een onconventionele ervaring in het Cursed Circus, de meest angstaanjagende, sexy en leuke show van het jaar. Deze show, die plaatsvindt onder een grote circustent, is ten strengste verboden voor personen onder de 16 jaar en wordt aanbevolen voor personen boven de 18 jaar. Durf jij het aan?<\/p>\n<ul>\n<li>Meer <a href=\"https:\/\/circomaldito.show\/\" data-wpel-link=\"external\" target=\"_blank\" rel=\"external noopener noreferrer\" class=\"ext-link wpel-icon-right\"><strong>informatie &amp; tickets<\/strong><span class=\"wpel-icon wpel-image wpel-icon-2\"><\/span><\/a><\/li>\n<li>Wanneer: 21 februari tot en met 7 maart<\/li>\n<li>Waar: Beursterrein van M\u00e1laga<\/li>\n<li><a href=\"https:\/\/maps.app.goo.gl\/fCkvbAD1o4XahXxBA\" data-wpel-link=\"external\" target=\"_blank\" rel=\"external noopener noreferrer\" class=\"ext-link wpel-icon-right\"><strong>Hoe er te komen<\/strong><span class=\"wpel-icon wpel-image wpel-icon-2\"><\/span><\/a><\/li>\n<\/ul>\n<h3><span class=\"ez-toc-section\" id=\"Circus_van_Licht_%E2%80%93_Malaga\"><\/span>Circus van Licht \u2013 M\u00e1laga<span class=\"ez-toc-section-end\"><\/span><\/h3>\n<p><img loading=\"lazy\" decoding=\"async\" class=\"alignnone size-large wp-image-18941\" src=\"https:\/\/www.malagacar.com\/sp\/blog\/wp-content\/uploads\/2026\/01\/circo-de-la-luz-malaga-1024x531.jpg\" alt=\"Circo de la Luz \u2013 M\u00e1laga\" width=\"750\" height=\"389\" \/><\/p>\n<p>Beleef een werkelijk uniek circus met deze show. Het Circus van Licht is ge\u00efnspireerd op de mooiste lichtshows ter wereld en combineert circus, magie en technologie.<\/p>\n<p>Met topacrobaten, biomechanische lichtdieren, meeslepende technologische effecten en laserchoreografie.<\/p>\n<p>Bezoek hun offici\u00eble website om te zien wat u te wachten staat bij deze spectaculaire show.<\/p>\n<ul>\n<li><a href=\"https:\/\/circoalegria.es\/\" data-wpel-link=\"external\" target=\"_blank\" rel=\"external noopener noreferrer\" class=\"ext-link wpel-icon-right\"><strong>Tickets<\/strong><span class=\"wpel-icon wpel-image wpel-icon-2\"><\/span><\/a><\/li>\n<li>Wanneer: 20 februari tot en met 8 maart 2026<\/li>\n<li>Waar: Beursterrein Cortijo de Torres, M\u00e1laga<\/li>\n<li><a href=\"https:\/\/maps.app.goo.gl\/v29XKcG1W794JgJZ6\" data-wpel-link=\"external\" target=\"_blank\" rel=\"external noopener noreferrer\" class=\"ext-link wpel-icon-right\"><strong>Hoe er te komen<\/strong><span class=\"wpel-icon wpel-image wpel-icon-2\"><\/span><\/a><\/li>\n<\/ul>\n<h3><span class=\"ez-toc-section\" id=\"Wijn_zaterdagen_in_het_museum_%E2%80%93_Malaga\"><\/span>Wijn zaterdagen in het museum &#8211; M\u00e1laga<span class=\"ez-toc-section-end\"><\/span><\/h3>\n<p><img loading=\"lazy\" decoding=\"async\" class=\"alignnone size-large wp-image-16982\" src=\"https:\/\/www.malagacar.com\/sp\/blog\/wp-content\/uploads\/2025\/02\/sabados-de-vino-1024x534.jpg\" alt=\"S\u00e1bados de Vino en el Museo\" width=\"750\" height=\"391\" \/><\/p>\n<p>Het <a href=\"https:\/\/www.malagacar.com\/nl\/blog\/vrije-tijd\/beste-musea-in-malaga\/#Wijnmuseum\" data-wpel-link=\"internal\"><strong>Wijnmuseum<\/strong><\/a> in het historische centrum van M\u00e1laga organiseert de komende maanden verschillende &#8216;Wijnzaterdagen&#8217;. Dit is een activiteit gericht op iedereen die ge\u00efnteresseerd is in de wereld van wijn.<\/p>\n<p>Je maakt kennis met de wijnen met oorsprongsbenaming van M\u00e1laga en de wijnmakerijen die ze produceren. Proeverijen zijn natuurlijk inbegrepen!<\/p>\n<ul>\n<li>Meer <a href=\"https:\/\/museovinomalaga.com\/categoria-producto\/oferta-formativa\/\" data-wpel-link=\"external\" target=\"_blank\" rel=\"external noopener noreferrer\" class=\"ext-link wpel-icon-right\"><strong>informatie en boekingen<\/strong><span class=\"wpel-icon wpel-image wpel-icon-2\"><\/span><\/a><\/li>\n<li><a href=\"https:\/\/maps.app.goo.gl\/oiqPT8aHPtPWKwLG7\" data-wpel-link=\"external\" target=\"_blank\" rel=\"external noopener noreferrer\" class=\"ext-link wpel-icon-right\"><strong>Hoe er te komen<\/strong><span class=\"wpel-icon wpel-image wpel-icon-2\"><\/span><\/a><\/li>\n<\/ul>\n<h3><span class=\"ez-toc-section\" id=\"Nachtelijk_bezoek_aan_de_Engelse_begraafplaats_%E2%80%93_Malaga\"><\/span>Nachtelijk bezoek aan de Engelse begraafplaats &#8211; M\u00e1laga<span class=\"ez-toc-section-end\"><\/span><\/h3>\n<p><img loading=\"lazy\" decoding=\"async\" class=\"alignnone wp-image-16313\" src=\"https:\/\/www.malagacar.com\/sp\/blog\/wp-content\/uploads\/2024\/10\/Visita-nocturna-cementerio-ingles-1024x966.jpg\" alt=\"Visita nocturna al Cementerio Ingl\u00e9s - M\u00e1laga\" width=\"734\" height=\"692\" \/><\/p>\n<p>Durf alle geheimen te ontdekken die verborgen zijn in dit gedramatiseerde nachtelijke bezoek aan de historische Engelse begraafplaats. De persoonlijkheden die hier liggen komen tot leven en vertellen je hun interessante verhalen.<\/p>\n<p>Het bezoek duurt anderhalf uur. Beperkte plaatsen tot volledige bezetting is bereikt.<\/p>\n<ul>\n<li>Meer <a href=\"https:\/\/historiavivamalaga.es\/visitas-teatralizadas-en-malaga\/cementerio-ingles-en-malaga\/?_gl=1*1qg529*_up*MQ..*_ga*NzIzNDMzNDQ4LjE3NTk3MzgwNTg.*_ga_YKXC5BWRQG*czE3NTk3MzgwNTckbzEkZzAkdDE3NTk3MzgwNTckajYwJGwwJGgw*_ga_MZ8MMM82Y1*czE3NTk3MzgwNTgkbzEkZzAkdDE3NTk3MzgwNTgkajYwJGwwJGgw\" data-wpel-link=\"external\" target=\"_blank\" rel=\"external noopener noreferrer\" class=\"ext-link wpel-icon-right\"><strong>informatie &amp; tickets<\/strong><span class=\"wpel-icon wpel-image wpel-icon-2\"><\/span><\/a><\/li>\n<li>Waar: Cementerio Ingl\u00e9s, M\u00e1laga<\/li>\n<li><a href=\"https:\/\/maps.app.goo.gl\/vKia4xamSXpDjeyf6\" data-wpel-link=\"external\" target=\"_blank\" rel=\"external noopener noreferrer\" class=\"ext-link wpel-icon-right\"><strong>Hoe er te komen<\/strong><span class=\"wpel-icon wpel-image wpel-icon-2\"><\/span><\/a><\/li>\n<\/ul>\n<h3><span class=\"ez-toc-section\" id=\"Theatrale_rondleiding_door_de_schatgrot_%E2%80%93_Rincon_de_la_Victoria\"><\/span>Theatrale rondleiding door de schatgrot &#8211; Rinc\u00f3n de la Victoria<span class=\"ez-toc-section-end\"><\/span><\/h3>\n<p><img loading=\"lazy\" decoding=\"async\" class=\"size-large wp-image-7849\" src=\"https:\/\/www.malagacar.com\/sp\/blog\/wp-content\/uploads\/2020\/03\/cueva-del-tesoro-1024x625.jpg\" alt=\"cueva del tesoro\" width=\"750\" height=\"458\" \/><\/p>\n<p>Ga terug in de tijd en ontdek de geschiedenis en mysteries van de ontdekking van de Schatgrot. Een uur durende, gedramatiseerde rondleiding door de verschillende galerijen van de grot.<\/p>\n<ul>\n<li>Vooraf reserveren is vereist voor deze activiteit via <a href=\"https:\/\/entradas.turismoenrincon.es\/\" data-wpel-link=\"external\" target=\"_blank\" rel=\"external noopener noreferrer\" class=\"ext-link wpel-icon-right\"><strong>deze link<\/strong><span class=\"wpel-icon wpel-image wpel-icon-2\"><\/span><\/a>.<\/li>\n<li>Waar: Schatgrot &#8211; Rinc\u00f3n de la Victoria<\/li>\n<li><a href=\"https:\/\/maps.app.goo.gl\/3sX5qj8EcDRxP7R37\" data-wpel-link=\"external\" target=\"_blank\" rel=\"external noopener noreferrer\" class=\"ext-link wpel-icon-right\"><strong>Hoe er te komen<\/strong><span class=\"wpel-icon wpel-image wpel-icon-2\"><\/span><\/a><\/li>\n<\/ul>\n<h3><span class=\"ez-toc-section\" id=\"Ambachtelijk_bier_proeven_%E2%80%93_Malaga\"><\/span>Ambachtelijk bier proeven &#8211; M\u00e1laga<span class=\"ez-toc-section-end\"><\/span><\/h3>\n<p><img loading=\"lazy\" decoding=\"async\" class=\"alignnone size-large wp-image-18579\" src=\"https:\/\/www.malagacar.com\/sp\/blog\/wp-content\/uploads\/2024\/11\/Cata-de-cervezas-artesanas-1024x541.jpg\" alt=\"Cata de cervezas artesanas - M\u00e1laga\" width=\"750\" height=\"396\" \/><\/p>\n<p>In de populaire Soho &#8220;kunstwijk&#8221; in het centrum van M\u00e1laga kun je je inschrijven voor een proeverij van ambachtelijk bier. Namelijk bij La F\u00e1brica de Cerveza Cruzcampo, waar ambachtelijke bierproductie wordt gecombineerd met een bar, gastronomie en livemuziek.<\/p>\n<ul>\n<li>Meer <a href=\"https:\/\/lafabricadecerveza.com\/experiencias-malaga\/\" data-wpel-link=\"external\" target=\"_blank\" rel=\"external noopener noreferrer\" class=\"ext-link wpel-icon-right\"><strong>informatie en boekingen<\/strong><span class=\"wpel-icon wpel-image wpel-icon-2\"><\/span><\/a><\/li>\n<li>Waar: La F\u00e1brica, M\u00e1laga<\/li>\n<li><a href=\"https:\/\/maps.app.goo.gl\/D5DHHYApRd3cjeW37\" data-wpel-link=\"external\" target=\"_blank\" rel=\"external noopener noreferrer\" class=\"ext-link wpel-icon-right\"><strong>Hoe er te komen<\/strong><span class=\"wpel-icon wpel-image wpel-icon-2\"><\/span><\/a><\/li>\n<\/ul>\n<h3><span class=\"ez-toc-section\" id=\"Ammonieten_route_%E2%80%93_Torcal_de_Antequera\"><\/span>Ammonieten route &#8211; Torcal de Antequera<span class=\"ez-toc-section-end\"><\/span><\/h3>\n<p><a href=\"https:\/\/www.malagacar.com\/blog\/wp-content\/uploads\/2021\/07\/ammonite.jpg\" data-wpel-link=\"exclude\"><img loading=\"lazy\" decoding=\"async\" class=\"alignnone wp-image-10589 size-full\" src=\"https:\/\/www.malagacar.com\/blog\/wp-content\/uploads\/2021\/07\/ammonite.jpg\" alt=\"ammonite\" width=\"1200\" height=\"653\" \/><\/a><\/p>\n<p>Ben je al in het spectaculaire natuurpark <a href=\"https:\/\/www.malagacar.com\/nl\/blog\/vrije-tijd\/torcal-de-antequera\/\" data-wpel-link=\"internal\"><strong>Torcal de Antequera<\/strong><\/a> geweest? Als je deze fantastische karstformatie nog niet kent, kun je je opgeven voor deze rondleiding om de prachtige ammonieten (gefossiliseerde weekdieren) meer dan duizend meter boven de zee te ontdekken.<\/p>\n<p>In de komende maanden zijn er verschillende data beschikbaar tijdens de weekenden om te genieten van deze interpretatieve wandelroute door het natuurpark Torcal de Antequera.<\/p>\n<ul>\n<li>Duur: 3 uur. Lengte ongeveer 4,5 km. Moeilijkheidsgraad: Gemiddeld-laag (niet aanbevolen voor mensen met knie-, heup- of enkelblessures of jonger dan 6 jaar).<\/li>\n<li>Meer <a href=\"https:\/\/www.torcaldeantequera.com\/rutas\/visitas-guiadas\/ruta-los-ammonites\/\" data-wpel-link=\"external\" target=\"_blank\" rel=\"external noopener noreferrer\" class=\"ext-link wpel-icon-right\"><strong>info en tickets<\/strong><span class=\"wpel-icon wpel-image wpel-icon-2\"><\/span><\/a><\/li>\n<li><a href=\"https:\/\/maps.app.goo.gl\/Cm8CEBikitzXGEWN9\" data-wpel-link=\"external\" target=\"_blank\" rel=\"external noopener noreferrer\" class=\"ext-link wpel-icon-right\"><strong>Hoe er te komen<\/strong><span class=\"wpel-icon wpel-image wpel-icon-2\"><\/span><\/a><\/li>\n<\/ul>\n<h3><span class=\"ez-toc-section\" id=\"Halve_marathon_%E2%80%93_Malaga\"><\/span>Halve marathon &#8211; M\u00e1laga<span class=\"ez-toc-section-end\"><\/span><\/h3>\n<p><img loading=\"lazy\" decoding=\"async\" class=\"alignnone wp-image-16891\" src=\"https:\/\/www.malagacar.com\/sp\/blog\/wp-content\/uploads\/2024\/02\/media-mararton.jpg\" alt=\"Media Marat\u00f3n - M\u00e1laga\" width=\"666\" height=\"663\" \/><br \/>\nDe halve marathon van M\u00e1laga wordt gehouden op Zondag 15 maart.<\/p>\n<p>De af te leggen afstand zal 21,097 km zijn op een goedgekeurd parcours, waaraan iedereen kan deelnemen, federatief of niet, zolang ze 18 jaar oud zijn op de dag van de race.<\/p>\n<ul>\n<li>Meer <a href=\"https:\/\/www.mediamaratonmalaga.com\/\" data-wpel-link=\"external\" target=\"_blank\" rel=\"external noopener noreferrer\" class=\"ext-link wpel-icon-right\"><strong>informatie &amp; registratie <\/strong><span class=\"wpel-icon wpel-image wpel-icon-2\"><\/span><\/a><\/li>\n<\/ul>\n<h3><span class=\"ez-toc-section\" id=\"Candelight_Concerten_%E2%80%93_Malaga\"><\/span>Candelight Concerten &#8211; M\u00e1laga<span class=\"ez-toc-section-end\"><\/span><\/h3>\n<p><a href=\"https:\/\/www.malagacar.com\/sp\/blog\/wp-content\/uploads\/2020\/01\/IMG_20211122_083656_009.jpg\" data-wpel-link=\"exclude\"><img loading=\"lazy\" decoding=\"async\" class=\"alignnone wp-image-10160\" src=\"https:\/\/www.malagacar.com\/sp\/blog\/wp-content\/uploads\/2020\/01\/IMG_20211122_083656_009-768x1024.jpg\" alt=\"\" width=\"452\" height=\"602\" \/><\/a><\/p>\n<p>In de Mar\u00eda Cristina Concert Hall, een 15e eeuws Franciscaner klooster in het hart van Malaga, met een uitzonderlijke akoestiek en unieke schoonheid.<\/p>\n<p>Onlangs hebben meer en meer unieke locaties in Malaga zich aangesloten bij deze ervaring, zoals het Carmen Thyssen Museum en nu ook het Gran Hotel Miramar.<br \/>\nWe kunnen deze ervaring van klassieke concerten en hommages bij kaarslicht persoonlijk aanbevelen.<\/p>\n<h4>Programma maart<\/h4>\n<p><strong>Eerbetoon aan Hans Zimmer<\/strong> in het Gran Hotel Miramar, 1, 8 en 21 maart<br \/>\n<strong>Ringen en Draken<\/strong> in het Gran Hotel Miramar, 1 maart<br \/>\n<strong>Eerbetoon aan ABBA<\/strong> in het Gran Hotel Miramar, 8 maart<br \/>\n<strong>Vivaldi&#8217;s Vier Jaargetijden<\/strong> in het Gran Hotel Miramar, 15 maart<br \/>\n<strong>Eerbetoon aan Queen &amp; The Beatles<\/strong> in het Gran Hotel Miramar, 15 en 21 maart<br \/>\n<strong>Ed Sheeran versus Coldplay<\/strong> in Sala Mar\u00eda Cristina, 19 maart<br \/>\n<strong>Coldplay &amp; Imagine Dragons<\/strong> in Sala Mar\u00eda Cristina, 19 maart<br \/>\n<strong>Magische filmsoundtracks<\/strong> in Sala Mar\u00eda Cristina, 20 maart<br \/>\n<strong>Eerbetoon aan Ludovico Einaudi<\/strong> in Sala Mar\u00eda Cristina, 20 maart<br \/>\n<strong>Eerbetoon aan Coldplay<\/strong> in het Gran Hotel Miramar, 29 maart<br \/>\n<strong>Het beste van Ennio Morricone<\/strong> in het Gran Hotel Miramar, 29 maart<\/p>\n<ul>\n<li>Kaarten bij <a href=\"https:\/\/feverup.com\/malaga\/candlelight?utm_content=candlelight&amp;utm_source=malagasecreta&amp;utm_medium=post&amp;utm_term=cta3\" data-wpel-link=\"external\" target=\"_blank\" rel=\"external noopener noreferrer\" class=\"ext-link wpel-icon-right\"><strong>Feverup<\/strong><span class=\"wpel-icon wpel-image wpel-icon-2\"><\/span><\/a>.<\/li>\n<li>Waar: <a href=\"https:\/\/maps.app.goo.gl\/BACwA2S7rGRWoCWWA\" data-wpel-link=\"external\" target=\"_blank\" rel=\"external noopener noreferrer\" class=\"ext-link wpel-icon-right\"><strong>Sala de Conciertos Mar\u00eda Cristina<\/strong><span class=\"wpel-icon wpel-image wpel-icon-2\"><\/span><\/a>, <a href=\"https:\/\/maps.app.goo.gl\/fL8iZoUwDAsAEMzL8\" data-wpel-link=\"external\" target=\"_blank\" rel=\"external noopener noreferrer\" class=\"ext-link wpel-icon-right\"><strong>Museo Carmen Thyssen,<\/strong><span class=\"wpel-icon wpel-image wpel-icon-2\"><\/span><\/a> <a href=\"https:\/\/maps.app.goo.gl\/72v8MZ3kaGEw7Kc17\" data-wpel-link=\"external\" target=\"_blank\" rel=\"external noopener noreferrer\" class=\"ext-link wpel-icon-right\"><strong>Gran Hotel Miramar<\/strong><span class=\"wpel-icon wpel-image wpel-icon-2\"><\/span><\/a><\/li>\n<\/ul>\n<h3><span class=\"ez-toc-section\" id=\"Film_Festival_%E2%80%93_Malaga\"><\/span>Film Festival &#8211; M\u00e1laga<span class=\"ez-toc-section-end\"><\/span><\/h3>\n<p><img loading=\"lazy\" decoding=\"async\" class=\"alignnone size-large wp-image-18949\" src=\"https:\/\/www.malagacar.com\/sp\/blog\/wp-content\/uploads\/2025\/03\/Festival-de-Malaga-1024x546.jpg\" alt=\"Festival de Malaga\" width=\"750\" height=\"400\" \/><\/p>\n<p>Het filmfestival van M\u00e1laga is een jaarlijks terugkerend filmfestival in de stad, waar de belangrijkste premi\u00e8res van Spaanse films, documentaires en korte films worden vertoond. Het festival reikt ook prijzen uit aan de beste films van het jaar, brengt hulde aan diverse prominenten uit de filmindustrie en organiseert talrijke filmreeksen, tentoonstellingen en aanverwante activiteiten.<\/p>\n<p>Het filmfestival van M\u00e1laga is h\u00e9t toonaangevende platform en evenement voor de Spaanse filmindustrie. Het trekt een groot publiek en geniet uitgebreide media-aandacht.<\/p>\n<p>Het festival vindt plaats op verschillende locaties in de stad M\u00e1laga. Er zijn dagelijks vertoningen in de diverse zalen: het Teatro Cervantes, het Teatro Echegaray en de bioscoop Alb\u00e9niz.<\/p>\n<figure id=\"attachment_8961\" aria-describedby=\"caption-attachment-8961\" style=\"width: 620px\" class=\"wp-caption alignnone\"><a href=\"https:\/\/www.malagacar.com\/blog\/wp-content\/uploads\/2020\/02\/Alfombra-roja-Gala-Inaugural-festival-malaga.jpg\" data-wpel-link=\"exclude\"><img loading=\"lazy\" decoding=\"async\" class=\" wp-image-8961\" src=\"https:\/\/www.malagacar.com\/blog\/wp-content\/uploads\/2020\/02\/Alfombra-roja-Gala-Inaugural-festival-malaga-1024x683.jpg\" alt=\"festival cine m\u00e1laga\" width=\"620\" height=\"413\" \/><\/a><figcaption id=\"caption-attachment-8961\" class=\"wp-caption-text\">Rode loper bij het openingsgala van het Malaga Film Festival<\/figcaption><\/figure>\n<ul>\n<li><a href=\"https:\/\/festivaldemalaga.com\/\" data-wpel-link=\"external\" target=\"_blank\" rel=\"external noopener noreferrer\" class=\"ext-link wpel-icon-right\"><strong> Evenement website <\/strong><span class=\"wpel-icon wpel-image wpel-icon-2\"><\/span><\/a><\/li>\n<li>Wanneer: Van 6 tot 15 maart<\/li>\n<li>Waar: M\u00e1laga. Vertoningen vinden plaats op <a href=\"https:\/\/goo.gl\/maps\/ZaMnMDTWmb7e4eBh7\" data-wpel-link=\"external\" target=\"_blank\" rel=\"external noopener noreferrer\" class=\"ext-link wpel-icon-right\"><strong>Teatro Cervantes<\/strong><span class=\"wpel-icon wpel-image wpel-icon-2\"><\/span><\/a>, <a href=\"https:\/\/goo.gl\/maps\/pkGP6nUrZiTBN3xF8\" data-wpel-link=\"external\" target=\"_blank\" rel=\"external noopener noreferrer\" class=\"ext-link wpel-icon-right\"><strong>Teatro Echegaray<\/strong><span class=\"wpel-icon wpel-image wpel-icon-2\"><\/span><\/a> en <a href=\"https:\/\/goo.gl\/maps\/ihrJ1umLUTenXs1ZA\" data-wpel-link=\"external\" target=\"_blank\" rel=\"external noopener noreferrer\" class=\"ext-link wpel-icon-right\"><strong>Cine Alb\u00e9niz<\/strong><span class=\"wpel-icon wpel-image wpel-icon-2\"><\/span><\/a><\/li>\n<\/ul>\n<h3><span class=\"ez-toc-section\" id=\"Aeternum_Heilige_muziek_van_de_wereld_%E2%80%93_Malaga\"><\/span>Aeternum (Heilige muziek van de wereld) \u2013 M\u00e1laga<span class=\"ez-toc-section-end\"><\/span><\/h3>\n<p><img loading=\"lazy\" decoding=\"async\" class=\"alignnone wp-image-19002\" src=\"https:\/\/www.malagacar.com\/sp\/blog\/wp-content\/uploads\/2025\/03\/Aeternum-2026.jpg\" alt=\"Aeternum (M\u00fasicas sacras del Mundo) \u2013 M\u00e1laga\" width=\"602\" height=\"602\" \/><\/p>\n<p>Aeternum, dat in 2021 van start ging, is een showcase van sacrale muziek uit de hele wereld in de periode voorafgaand aan de Heilige Week.<\/p>\n<p>De zesde editie van de reeks vindt plaats van 21 tot en met 28 maart in de kapellen van de Sagrada Familia El Monte-school, de <a href=\"https:\/\/www.malagacar.com\/nl\/blog\/wat-te-doen-in-malaga\/merkwaardige-begraafplaatsen-malaga\/#Begraafplaats_San_Miguel_Malaga\" data-wpel-link=\"internal\"><strong>historische begraafplaats van San Miguel<\/strong><\/a>, de <a href=\"https:\/\/www.malagacar.com\/nl\/blog\/wat-te-doen-in-malaga\/merkwaardige-begraafplaatsen-malaga\/#Engelse_Begraafplaats_Malaga\" data-wpel-link=\"internal\"><strong>Engelse begraafplaats<\/strong><\/a> en de seminarzaal van het Hoger Conservatorium voor Muziek in M\u00e1laga.<\/p>\n<ul>\n<li>Meer <a href=\"https:\/\/www.teatrocervantes.com\/es\/ciclos-y-festivales\/vi-aeternum-musicas-sacras-del-mundo\/\" data-wpel-link=\"external\" target=\"_blank\" rel=\"external noopener noreferrer\" class=\"ext-link wpel-icon-right\"><strong>informatie &amp; Tickets<\/strong><span class=\"wpel-icon wpel-image wpel-icon-2\"><\/span><\/a><\/li>\n<\/ul>\n<h3><span class=\"ez-toc-section\" id=\"St_Patricks_Day\"><\/span>St. Patrick&#8217;s Day<span class=\"ez-toc-section-end\"><\/span><\/h3>\n<p><a href=\"https:\/\/www.malagacar.com\/blog\/wp-content\/uploads\/2020\/02\/st-patricks-day-1.jpg\" data-wpel-link=\"exclude\"><img loading=\"lazy\" decoding=\"async\" class=\"alignnone wp-image-8965\" src=\"https:\/\/www.malagacar.com\/blog\/wp-content\/uploads\/2020\/02\/st-patricks-day-1.jpg\" alt=\"\" width=\"620\" height=\"414\" \/><\/a><\/p>\n<p>St Patrick&#8217;s Day, 17 maart. Hoewel het een Ierse feestdag is, heeft de lokale bevolking dankzij het grote aantal Ierse expats en bezoekers dit festival omarmd.<\/p>\n<h4>Waar wordt het gevierd?<\/h4>\n<p>Het wordt vooral gevierd in <strong>Benalm\u00e1dena<\/strong> op <a href=\"https:\/\/goo.gl\/maps\/rgTTDqWz66E6a2Vi8\" data-wpel-link=\"external\" target=\"_blank\" rel=\"external noopener noreferrer\" class=\"ext-link wpel-icon-right\"><strong>Plaza de la Mezquita<\/strong><span class=\"wpel-icon wpel-image wpel-icon-2\"><\/span><\/a> en in <strong>Marbella<\/strong> in <strong><a href=\"https:\/\/goo.gl\/maps\/dNhCA9N6BNZDwf2j6\" data-wpel-link=\"external\" target=\"_blank\" rel=\"external noopener noreferrer\" class=\"ext-link wpel-icon-right\">Parque de la Constituci\u00f3n<span class=\"wpel-icon wpel-image wpel-icon-2\"><\/span><\/a><\/strong>, met livemuziek, bier, eten en veel activiteiten.<\/p>\n<p><strong>Torremolinos<\/strong> is sinds kort ook van de partij, want deze populaire bestemming aan de Costa del Sol heeft een groot aantal Ierse kolonisten. Het <a href=\"https:\/\/maps.app.goo.gl\/r5Kk5mJVnzNzBrLd9\" data-wpel-link=\"external\" target=\"_blank\" rel=\"external noopener noreferrer\" class=\"ext-link wpel-icon-right\"><strong>Plaza de la Nogalera<\/strong><span class=\"wpel-icon wpel-image wpel-icon-2\"><\/span><\/a> zal vanaf 12.00 uur het decor zijn voor het feest met muziek, dans en de beste gastronomie.<\/p>\n<ul>\n<li>Wanneer: 17 maart<\/li>\n<\/ul>\n<h2><span class=\"ez-toc-section\" id=\"Straatmarkten_in_Malaga_in_maart\"><\/span>Straatmarkten in M\u00e1laga in maart<span class=\"ez-toc-section-end\"><\/span><\/h2>\n<h3><span class=\"ez-toc-section\" id=\"City_Market_%E2%80%93_Malaga\"><\/span>City Market \u2013 M\u00e1laga<span class=\"ez-toc-section-end\"><\/span><\/h3>\n<p><img loading=\"lazy\" decoding=\"async\" class=\"alignnone wp-image-19073\" src=\"https:\/\/www.malagacar.com\/sp\/blog\/wp-content\/uploads\/2026\/02\/city-market-768x1024.jpg\" alt=\"City Market \u2013 M\u00e1laga\" width=\"532\" height=\"709\" \/><\/p>\n<p>Kom en beleef de grootste en meest kleurrijke straatmarkt van de provincie, met activiteiten voor het hele gezin.<\/p>\n<p>De populaire Stadsmarkt is terug voor de 5e editie in het M\u00e1laga Forum, met meer dan 50 kraampjes vol handwerk, sieraden, platen, cadeaus en nog veel meer. Er zijn ook live optredens, foodtrucks, een kinderhoek, entertainment, parades, activiteiten en workshops. Honden zijn welkom.<\/p>\n<p>Kaartjes kosten \u20ac1 in de voorverkoop of \u20ac3 aan de deur.<\/p>\n<ul>\n<li><a href=\"https:\/\/www.eventbrite.es\/e\/city-market-primavera-14-marzo-2026-tickets-1983155418241\" data-wpel-link=\"external\" target=\"_blank\" rel=\"external noopener noreferrer\" class=\"ext-link wpel-icon-right\"><strong>Voorverkoopkaarten<\/strong><span class=\"wpel-icon wpel-image wpel-icon-2\"><\/span><\/a><\/li>\n<li>Wanneer: 14 maart, 10:00 tot 20:00 uur<\/li>\n<li>Waar: M\u00e1laga Forum, M\u00e1laga<\/li>\n<li><a href=\"https:\/\/maps.app.goo.gl\/Ckk95C79tV2NYrsPA\" data-wpel-link=\"external\" target=\"_blank\" rel=\"external noopener noreferrer\" class=\"ext-link wpel-icon-right\"><strong>Hoe er te komen<\/strong><span class=\"wpel-icon wpel-image wpel-icon-2\"><\/span><\/a><\/li>\n<\/ul>\n<h3><span class=\"ez-toc-section\" id=\"Wintermarkt_bij_Pier_Een\"><\/span>Wintermarkt bij Pier Een<span class=\"ez-toc-section-end\"><\/span><\/h3>\n<p><img loading=\"lazy\" decoding=\"async\" class=\"alignnone size-large wp-image-18927\" src=\"https:\/\/www.malagacar.com\/sp\/blog\/wp-content\/uploads\/2026\/01\/mercado-de-invierno-muelle-uno-1024x184.jpg\" alt=\"Mercado de Invierno en Muelle Uno\" width=\"750\" height=\"135\" \/><\/p>\n<p>Geniet van een heerlijke wandeling langs de boulevard bij <a href=\"https:\/\/www.malagacar.com\/nl\/blog\/vrije-tijd\/pier-een-malaga\/\" data-wpel-link=\"internal\"><strong>Pier Een<\/strong><\/a> en ontdek de wintermarkt, met kraampjes vol handwerk, mode, eten en lokale producten.<\/p>\n<ul>\n<li>Wanneer: Van 23 januari tot en met 15 maart 2026, van 10:00 tot 22:00 uur.<\/li>\n<li><a href=\"https:\/\/maps.app.goo.gl\/1qECKghePF9PWgYv5\" data-wpel-link=\"external\" target=\"_blank\" rel=\"external noopener noreferrer\" class=\"ext-link wpel-icon-right\"><strong>Hoe er te komen<\/strong><span class=\"wpel-icon wpel-image wpel-icon-2\"><\/span><\/a><\/li>\n<\/ul>\n<h3><span class=\"ez-toc-section\" id=\"Ambachtsmarkt_La_Merced_%E2%80%93_Malaga\"><\/span>Ambachtsmarkt La Merced &#8211; M\u00e1laga<span class=\"ez-toc-section-end\"><\/span><\/h3>\n<p><img loading=\"lazy\" decoding=\"async\" class=\"alignnone size-full wp-image-9843\" src=\"https:\/\/www.malagacar.com\/sp\/blog\/wp-content\/uploads\/2020\/11\/Plaza-Merced-Foto-VisitaCostadelSol.webp\" alt=\"\" width=\"750\" height=\"430\" \/><\/p>\n<p>Elke <em><strong> eerste zondag van de maand <\/strong> <\/em> vindt deze kleurrijke ambachtelijke markt plaats in het hart van de oude stad, het Plaza de la Merced.<\/p>\n<p>Een ideaal idee als je een stadsmens bent en houdt van een aangename zondagse wandeling onder bloeiende jacaranda&#8217;s om daarna iets te drinken op de vele terrasjes en restaurants die het plein omringen.<\/p>\n<ul>\n<li>Volgende editie: 1 maart<\/li>\n<li><a href=\"https:\/\/goo.gl\/maps\/w3kV85d5km7FYWFFA\" data-wpel-link=\"external\" target=\"_blank\" rel=\"external noopener noreferrer\" class=\"ext-link wpel-icon-right\"><strong> Hoe er te komen<\/strong><span class=\"wpel-icon wpel-image wpel-icon-2\"><\/span><\/a><\/li>\n<\/ul>\n<h3><span class=\"ez-toc-section\" id=\"Stedelijke_markt_Soho_%E2%80%93_Malaga\"><\/span>Stedelijke markt Soho &#8211; M\u00e1laga<span class=\"ez-toc-section-end\"><\/span><\/h3>\n<p><img loading=\"lazy\" decoding=\"async\" class=\"alignnone wp-image-19004\" src=\"https:\/\/www.malagacar.com\/sp\/blog\/wp-content\/uploads\/2025\/03\/mercado-soho.jpg\" alt=\"Mercado Urbano del Soho - M\u00e1laga\" width=\"601\" height=\"569\" \/><\/p>\n<p>In de Soho-kunstenaarswijk, gelegen in het stadscentrum en op een steenworp afstand van de zee, vindt elke vierde zondag van de maand een ambachtsmarkt plaats met lokale producenten.<\/p>\n<p>Geniet van een wandeling door de autovrije straten van M\u00e1laga, ontdek unieke ambachtelijke producten en ga vervolgens naar een van de vele bars en terrassen voor een hapje, tapas of een zondagse lunch.<\/p>\n<ul>\n<li>Wanneer: Elke 4e zondag van de maand van 11.00 tot 19.00 uur<\/li>\n<li><a href=\"https:\/\/maps.app.goo.gl\/asfjfpNXfTL9Dkx79\" data-wpel-link=\"external\" target=\"_blank\" rel=\"external noopener noreferrer\" class=\"ext-link wpel-icon-right\"><strong>Hoe er te komen<\/strong><span class=\"wpel-icon wpel-image wpel-icon-2\"><\/span><\/a><\/li>\n<\/ul>\n<h3><span class=\"ez-toc-section\" id=\"De_Engelse_Megraafplaats_Markt_%E2%80%93_Malaga\"><\/span>De Engelse Megraafplaats Markt \u2013 M\u00e1laga<span class=\"ez-toc-section-end\"><\/span><\/h3>\n<p><img loading=\"lazy\" decoding=\"async\" class=\"alignnone size-full wp-image-16454\" src=\"https:\/\/www.malagacar.com\/sp\/blog\/wp-content\/uploads\/2024\/11\/Mercadillo-del-Ingles-1024x683-1.jpg\" alt=\"Mercadillo del Ingl\u00e9s \u2013 M\u00e1laga\" width=\"1024\" height=\"683\" \/><\/p>\n<p>Een nieuw formaat speciale vlooienmarkt wordt toegevoegd aan het culturele aanbod in de stad.<\/p>\n<p>Eens per maand wordt er op de <a href=\"https:\/\/www.malagacar.com\/nl\/blog\/wat-te-doen-in-malaga\/merkwaardige-begraafplaatsen-malaga\/#Engelse_Begraafplaats_Malaga\" data-wpel-link=\"internal\"><strong>Engelse begraafplaats<\/strong><\/a> in het stadscentrum een vlooienmarkt gehouden met handwerk, vintage decoratie, tweedehands boeken, keramiek en unieke producten. Er is ook livemuziek en er zijn foodtrucks.<\/p>\n<p>Wat bijzonder is, is de plek zelf, een emblematische plek vol charme: de Engelse Begraafplaats, de oudste niet-katholieke necropolis op het Iberisch schiereiland. Wandelend door de prachtige tuin kun je de graven ontdekken van internationale persoonlijkheden uit die tijd die hier begraven liggen.<\/p>\n<p>Gratis toegang.<\/p>\n<ul>\n<li>Volgende editie op de <a href=\"https:\/\/cementerioinglesmalaga.org\/\" data-wpel-link=\"external\" target=\"_blank\" rel=\"external noopener noreferrer\" class=\"ext-link wpel-icon-right\"><strong>offici\u00eble website<\/strong><span class=\"wpel-icon wpel-image wpel-icon-2\"><\/span><\/a><\/li>\n<li><a href=\"https:\/\/maps.app.goo.gl\/ibfgQuF52hBNZoD86\" data-wpel-link=\"external\" target=\"_blank\" rel=\"external noopener noreferrer\" class=\"ext-link wpel-icon-right\"><strong>Hoe er te komen<\/strong><span class=\"wpel-icon wpel-image wpel-icon-2\"><\/span><\/a><\/li>\n<\/ul>\n<h3><span class=\"ez-toc-section\" id=\"Ambachtsmarkt_in_Cartama\"><\/span>Ambachtsmarkt in C\u00e1rtama<span class=\"ez-toc-section-end\"><\/span><\/h3>\n<p><img loading=\"lazy\" decoding=\"async\" class=\"alignnone wp-image-18937\" src=\"https:\/\/www.malagacar.com\/sp\/blog\/wp-content\/uploads\/2026\/01\/mercado-artesanal-cartama.jpg\" alt=\"Mercado Artesanal de C\u00e1rtama\" width=\"501\" height=\"706\" \/><\/p>\n<p>Elke eerste zondag van de maand vindt er een ambachtsmarkt plaats in C\u00e1rtama, met een breed scala aan unieke, handgemaakte artikelen en lokale voedingsproducten.<\/p>\n<p>De markt bevindt zich in het park van de woonwijk Los Naranjos, naast de markt bij het treinstation van C\u00e1rtama, en is geopend van 9.00 tot 14.00 uur.<\/p>\n<ul>\n<li><a href=\"https:\/\/maps.app.goo.gl\/sFxk8nydT4Pyx8CY6\" data-wpel-link=\"external\" target=\"_blank\" rel=\"external noopener noreferrer\" class=\"ext-link wpel-icon-right\"><strong>Hoe er te komen<\/strong><span class=\"wpel-icon wpel-image wpel-icon-2\"><\/span><\/a><\/li>\n<\/ul>\n<h3><span class=\"ez-toc-section\" id=\"Markt_%E2%80%9CSmaak_van_Malaga%E2%80%9D_%E2%80%93_Torremolinos\"><\/span>Markt &#8220;Smaak van Malaga&#8221; &#8211; Torremolinos<span class=\"ez-toc-section-end\"><\/span><\/h3>\n<p><img loading=\"lazy\" decoding=\"async\" class=\"alignnone wp-image-19030\" src=\"https:\/\/www.malagacar.com\/sp\/blog\/wp-content\/uploads\/2026\/02\/sabor-a-malaga-Torremolinos.jpg\" alt=\"Mercado Sabor a M\u00e1laga - Torremolinos\" width=\"528\" height=\"529\" \/><\/p>\n<p>In het centrum van Torremolinos vindt een editie plaats van de populaire markt &#8220;Sabor a M\u00e1laga&#8221;, waar uitsluitend lokale landbouwproducten uit de provincie worden aangeboden.<\/p>\n<p>Ontdek de heerlijkste smaken van M\u00e1laga, zoals kazen, oli\u00ebn, koffie, augurken, noten, jam, eieren en honing. Er is ook een breed scala aan activiteiten, waaronder workshops, proeverijen en kookdemonstraties, evenals live muziekoptredens.<\/p>\n<ul>\n<li>Wanneer: 26 februari tot en met 1 maart, van 12.00 tot 22.00 uur<\/li>\n<li>Waar: Avenida Palma de Mallorca, Torremolinos<\/li>\n<li><a href=\"https:\/\/maps.app.goo.gl\/fADBSRCLXy1EAfGv8\" data-wpel-link=\"external\" target=\"_blank\" rel=\"external noopener noreferrer\" class=\"ext-link wpel-icon-right\"><strong>Hoe er te komen<\/strong><span class=\"wpel-icon wpel-image wpel-icon-2\"><\/span><\/a><\/li>\n<\/ul>\n<h3><span class=\"ez-toc-section\" id=\"Maandelijkse_markt_%E2%80%93_Corumbela_Axarquia\"><\/span>Maandelijkse markt \u2013 Corumbela, Axarqu\u00eda<span class=\"ez-toc-section-end\"><\/span><\/h3>\n<p><img loading=\"lazy\" decoding=\"async\" class=\"alignnone wp-image-19081\" src=\"https:\/\/www.malagacar.com\/sp\/blog\/wp-content\/uploads\/2026\/02\/Mercado-corumbela.jpg\" alt=\"Mercado mensual \u2013 Corumbela\" width=\"551\" height=\"688\" \/><\/p>\n<p>Zin om de regio Axarqu\u00eda in M\u00e1laga te verkennen en uw rondreis te combineren met een bezoek aan een lokale markt?<\/p>\n<p>Corumbela, met minder dan 300 inwoners, is een van de hoogstgelegen dorpen in de Axarqu\u00eda, op een hoogte van 632 meter. Deze hoogte biedt een prachtig uitzicht in alle richtingen. Er zijn zelfs uitkijkpunten vanwaar u de Middellandse Zee kunt zien.<\/p>\n<p>De markt in Corumbela wordt elke eerste woensdag van de maand gehouden op het enige plein van het dorp. Hier vindt u lokale producten, handwerk, zelfgemaakte zoetigheden, kleding en accessoires, en kunt u authentieke creaties en smaken ontdekken. De volgende markt is op 4 maart.<\/p>\n<ul>\n<li>Wanneer: Elke eerste woensdag van de maand, van 10.00 tot 14.00 uur<\/li>\n<li>Waar: Plaza de San Pedro, Corumbela<\/li>\n<li><a href=\"https:\/\/maps.app.goo.gl\/yK4P9qZh1bz9WjHi7\" data-wpel-link=\"external\" target=\"_blank\" rel=\"external noopener noreferrer\" class=\"ext-link wpel-icon-right\"><strong>Hoe er te komen<\/strong><span class=\"wpel-icon wpel-image wpel-icon-2\"><\/span><\/a><\/li>\n<\/ul>\n<h3><span class=\"ez-toc-section\" id=\"Puerto_Market_%E2%80%93_Benalmadena\"><\/span>Puerto Market \u2013 Benalm\u00e1dena<span class=\"ez-toc-section-end\"><\/span><\/h3>\n<p><img loading=\"lazy\" decoding=\"async\" class=\"alignnone wp-image-19091\" src=\"https:\/\/www.malagacar.com\/sp\/blog\/wp-content\/uploads\/2026\/02\/Puerto-market2-819x1024.jpg\" alt=\"Puerto Market \u2013 Benalm\u00e1dena\" width=\"505\" height=\"632\" \/><\/p>\n<p>Combineer een wandeling door de bekroonde jachthaven van Benalm\u00e1dena met een bezoek aan de &#8216;Puerto Market&#8217;, waar een breed scala aan handgemaakte producten, decoraties, accessoires, cadeaus, gezondheids- en schoonheidsproducten, antiek en tweedehands boeken te vinden is.<\/p>\n<ul>\n<li>Wanneer: Elk weekend van 28 februari tot en met 26 april, van 12.00 tot 19.00 uur.<\/li>\n<li>Waar: Puerto Marina, Benalm\u00e1dena<\/li>\n<li><a href=\"https:\/\/maps.app.goo.gl\/ReVF6HX5cEATiNh8A\" data-wpel-link=\"external\" target=\"_blank\" rel=\"external noopener noreferrer\" class=\"ext-link wpel-icon-right\"><strong>Hoe er te komen<\/strong><span class=\"wpel-icon wpel-image wpel-icon-2\"><\/span><\/a><\/li>\n<\/ul>\n<h3><span class=\"ez-toc-section\" id=\"Vlooienmarkten_en_straatmarkten_in_de_provincie\"><\/span>Vlooienmarkten en straatmarkten in de provincie<span class=\"ez-toc-section-end\"><\/span><\/h3>\n<p><a href=\"https:\/\/www.malagacar.com\/nl\/blog\/wat-te-doen-in-malaga\/straatmarkten-malaga\/\" data-wpel-link=\"internal\"><img loading=\"lazy\" decoding=\"async\" class=\"alignnone size-full wp-image-5265\" src=\"https:\/\/www.malagacar.com\/nl\/blog\/wp-content\/uploads\/2024\/05\/mercadillos-nl.jpg\" alt=\"straatmarkten in M\u00e1laga\" width=\"1200\" height=\"691\" srcset=\"https:\/\/www.malagacar.com\/nl\/blog\/wp-content\/uploads\/2024\/05\/mercadillos-nl.jpg 1200w, https:\/\/www.malagacar.com\/nl\/blog\/wp-content\/uploads\/2024\/05\/mercadillos-nl-300x173.jpg 300w, https:\/\/www.malagacar.com\/nl\/blog\/wp-content\/uploads\/2024\/05\/mercadillos-nl-1024x590.jpg 1024w, https:\/\/www.malagacar.com\/nl\/blog\/wp-content\/uploads\/2024\/05\/mercadillos-nl-768x442.jpg 768w\" sizes=\"auto, (max-width: 1200px) 100vw, 1200px\" \/><\/a><\/p>\n<p>In de gemeenten langs de Costa del Sol is er een breed aanbod van wekelijkse straatmarkten en vlooienmarkten.<\/p>\n<p>Je vindt er van alles, van vers fruit en groenten, gedroogd fruit en noten, olijven en kruiden, speelgoed, aardewerk en typisch handwerk tot kleding, schoenen, bloemen en potten, namaakdesignerartikelen en nog veel meer.<\/p>\n<ul>\n<li>Hier vind je alle <a href=\"https:\/\/www.malagacar.com\/nl\/blog\/wat-te-doen-in-malaga\/straatmarkten-malaga\/\" data-wpel-link=\"internal\"><strong>Vlooienmarkten &amp; Straatmarkten in M\u00e1laga en de Costa del Sol<\/strong><\/a><\/li>\n<\/ul>\n<h2><span class=\"ez-toc-section\" id=\"Bezoek_de_Musea_van_Malaga\"><\/span>Bezoek de Musea van M\u00e1laga<span class=\"ez-toc-section-end\"><\/span><\/h2>\n<figure id=\"attachment_5775\" aria-describedby=\"caption-attachment-5775\" style=\"width: 700px\" class=\"wp-caption alignnone\"><img loading=\"lazy\" decoding=\"async\" class=\"wp-image-5775 size-full\" src=\"https:\/\/www.malagacar.com\/dk\/blog\/wp-content\/uploads\/2020\/01\/museo-picasso-vista-nocturna.jpg\" alt=\"\" width=\"700\" height=\"450\" \/><figcaption id=\"caption-attachment-5775\" class=\"wp-caption-text\">Nachtzicht op het Picasso Museum<\/figcaption><\/figure>\n<ul>\n<li>Veel <a href=\"https:\/\/www.malagacar.com\/dk\/blog\/freizeit\/museen-in-malaga\/\" data-wpel-link=\"exclude\"><strong>musea in M\u00e1laga<\/strong><\/a> bieden naast hun permanente collecties vaak tijdelijke tentoonstellingen aan.<\/li>\n<li>Kaart van de <strong><a href=\"https:\/\/goo.gl\/maps\/xLvkHvv8x5NJm199A\" data-wpel-link=\"external\" target=\"_blank\" rel=\"external noopener noreferrer\" class=\"ext-link wpel-icon-right\">musea in M\u00e1laga in \u00e9\u00e9n oogopslag<span class=\"wpel-icon wpel-image wpel-icon-2\"><\/span><\/a><\/strong>.<\/li>\n<\/ul>\n<h3><span class=\"ez-toc-section\" id=\"Gratis_rondleidingen_%E2%80%93_Malaga_Museum\"><\/span>Gratis rondleidingen &#8211; M\u00e1laga Museum<span class=\"ez-toc-section-end\"><\/span><\/h3>\n<h3><img loading=\"lazy\" decoding=\"async\" class=\"alignnone wp-image-14397\" src=\"https:\/\/www.malagacar.com\/sp\/blog\/wp-content\/uploads\/2021\/07\/Museo-de-Malaga-819x1024.jpg\" alt=\"Museo de M\u00e1laga\" width=\"550\" height=\"688\" \/><\/h3>\n<p>Geniet op zaterdag van een wandeling door de kunst- en archeologiecollecties. Het <a href=\"https:\/\/www.malagacar.com\/nl\/blog\/vrije-tijd\/beste-musea-in-malaga\/#Museum_van_Malaga\" data-wpel-link=\"internal\"><strong>Museum van M\u00e1laga<\/strong><\/a> biedt elke zaterdag om 12.00 uur gratis rondleidingen aan, elk met een ander thema.<\/p>\n<p>Registratie is mogelijk bij de ingang op de dag van de activiteit, vanaf de openingstijd van het museum. Kijk op hun website voor het wekelijkse aanbod.<\/p>\n<ul>\n<li>Wanneer: Zaterdag om 12.00 uur<\/li>\n<li>Waar: M\u00e1laga Museum<\/li>\n<li><a href=\"https:\/\/maps.app.goo.gl\/ZRb4BVzcJ2ToyXaH8\" data-wpel-link=\"external\" target=\"_blank\" rel=\"external noopener noreferrer\" class=\"ext-link wpel-icon-right\"><strong>Hoe er te komen<\/strong><span class=\"wpel-icon wpel-image wpel-icon-2\"><\/span><\/a><\/li>\n<\/ul>\n<h3><span class=\"ez-toc-section\" id=\"Rondleidingen_in_de_historische_botanische_tuin_La_Concepcion\"><\/span>Rondleidingen in de historische botanische tuin La Concepci\u00f3n<span class=\"ez-toc-section-end\"><\/span><\/h3>\n<p><img loading=\"lazy\" decoding=\"async\" class=\"alignnone wp-image-15201\" src=\"https:\/\/www.malagacar.com\/sp\/blog\/wp-content\/uploads\/2023\/02\/Botanico.jpg\" alt=\"Visitas guiadas en el Jard\u00edn Bot\u00e1nico Hist\u00f3rico La Concepci\u00f3n\" width=\"594\" height=\"833\" \/><\/p>\n<p>Rondleidingen in de tuin van La Concepci\u00f3n zijn terug. Geniet in het weekend van een rondleiding door de prachtige <a href=\"https:\/\/www.malagacar.com\/nl\/blog\/vrije-tijd\/historische-botanische-tuin-malaga\/\" data-wpel-link=\"internal\"><strong>historische botanische tuin La Concepci\u00f3n<\/strong><\/a>, overdag of &#8217;s avonds.<\/p>\n<p>Op zaterdag en zondag om 12 uur zijn er &#8220;Charming walks&#8221;. Op vrijdag zijn er in de schemering &#8220;Nachten met geschiedenis&#8221; (van oktober tot maart om 20.00 uur, van april tot september om 21.00 uur). De rondleidingen duren ongeveer anderhalf uur.<\/p>\n<ul>\n<li>Informatie en reserveringen: <a href=\"mailto:infojbotanicomalaga@gmail.com\">infojbotanicomalaga@gmail.com<\/a> of de telefoons +34 951926180 \/ +34 639914055.<\/li>\n<li><a href=\"https:\/\/maps.app.goo.gl\/yE9TdeVfEzp1q8nF7\" data-wpel-link=\"external\" target=\"_blank\" rel=\"external noopener noreferrer\" class=\"ext-link wpel-icon-right\"><strong> Hoe er te komen <\/strong><span class=\"wpel-icon wpel-image wpel-icon-2\"><\/span><\/a><\/li>\n<\/ul>\n<h3><span class=\"ez-toc-section\" id=\"Bezoek_aan_de_Victoria_brouwerij_%E2%80%93_Malaga\"><\/span>Bezoek aan de Victoria brouwerij &#8211; M\u00e1laga<span class=\"ez-toc-section-end\"><\/span><\/h3>\n<p><img loading=\"lazy\" decoding=\"async\" class=\"alignnone size-full wp-image-16182\" src=\"https:\/\/www.malagacar.com\/sp\/blog\/wp-content\/uploads\/2023\/10\/cerveza-victoria.jpg\" alt=\"F\u00e1brica de cerveza Victoria - M\u00e1laga\" width=\"900\" height=\"471\" \/><\/p>\n<p>Wist u dat Cervezas Victoria rondleidingen aanbiedt waarbij u meer te weten kunt komen over het productieproces en de geschiedenis?<\/p>\n<p>Als u van bier houdt, kan het interessant zijn om deze 100% Malague\u00f1a-brouwerij te bezoeken.<\/p>\n<p>Het is een rondleiding van 90 minuten waarbij u uit eerste hand de geheimen van het Victoria-bier &#8220;Malague\u00f1a y exquisita&#8221; leert kennen en het natuurlijk ook kunt proeven!<\/p>\n<ul>\n<li>Rondleidingen beschikbaar in het Spaans en Engels via <strong><a href=\"https:\/\/visitas.cervezavictoria.es\/muslinkIII_vic_nofr\/venda\/index.jsp?lang=1&amp;nom_cache=VICTORIA&amp;property=VICTORIA#close\" target=\"_blank\" rel=\"nofollow noopener external noreferrer\" data-wpel-link=\"external\" class=\"ext-link wpel-icon-right\">deze link<span class=\"wpel-icon wpel-image wpel-icon-2\"><\/span><\/a><\/strong>.<\/li>\n<li><a href=\"https:\/\/www.cervezavictoria.es\/es\" target=\"_blank\" rel=\"nofollow noopener external noreferrer\" data-wpel-link=\"external\" class=\"ext-link wpel-icon-right\"><strong>Website<\/strong><span class=\"wpel-icon wpel-image wpel-icon-2\"><\/span><\/a><\/li>\n<li><a href=\"https:\/\/goo.gl\/maps\/xkcUqWb22oHAaqFc6\" target=\"_blank\" rel=\"nofollow noopener external noreferrer\" data-wpel-link=\"external\" class=\"ext-link wpel-icon-right\"><strong>Routebeschrijving<\/strong><span class=\"wpel-icon wpel-image wpel-icon-2\"><\/span><\/a><\/li>\n<\/ul>\n<h3><span class=\"ez-toc-section\" id=\"Gedramatiseerde_nachtelijke_rondleidingen_Automobielmuseum_%E2%80%93_Malaga\"><\/span>Gedramatiseerde nachtelijke rondleidingen Automobielmuseum &#8211; M\u00e1laga<span class=\"ez-toc-section-end\"><\/span><\/h3>\n<p><img loading=\"lazy\" decoding=\"async\" class=\" wp-image-9447\" src=\"https:\/\/www.malagacar.com\/sp\/blog\/wp-content\/uploads\/2021\/09\/museo-automovilistico2.jpg\" alt=\"Museo Automovil\u00edstico\" width=\"982\" height=\"656\" \/><\/p>\n<p>Historia Viva M\u00e1laga heeft gedramatiseerde nachtelijke bezoeken georganiseerd aan het Automobile and Fashion Museum in M\u00e1laga. Bezoekers kunnen leren over de geschiedenis van historische auto&#8217;s door middel van relevante personages.<\/p>\n<p>Onder deze personages zijn Agent 007, die zijn licentie om te doden vernieuwt, of Amelia Earhart, de eerste vrouwelijke vliegenier die de Atlantische Oceaan overstak, Coco Chanel of Salvador Dal\u00ed. De rondleiding duurt ongeveer anderhalf uur.<\/p>\n<ul>\n<li>Tickets bij de <a href=\"https:\/\/historiavivamalaga.es\/visitas-teatralizadas-en-malaga\/museo-automovilistico-y-de-la-moda-en-malaga\/\" data-wpel-link=\"external\" target=\"_blank\" rel=\"external noopener noreferrer\" class=\"ext-link wpel-icon-right\"><strong>Website<\/strong><span class=\"wpel-icon wpel-image wpel-icon-2\"><\/span><\/a><\/li>\n<li>Wanneer: De eerste vrijdag van elke maand (zolang de evenementenkalender van het museum het toelaat)<\/li>\n<li>Waar: Museo Automovil\u00edstico y de la Moda M\u00e1laga<\/li>\n<li><a href=\"https:\/\/maps.app.goo.gl\/G5hqDkF77EADCBBg8\" data-wpel-link=\"external\" target=\"_blank\" rel=\"external noopener noreferrer\" class=\"ext-link wpel-icon-right\"><strong> Hoe er te komen <\/strong><span class=\"wpel-icon wpel-image wpel-icon-2\"><\/span><\/a><\/li>\n<\/ul>\n<h2><span class=\"ez-toc-section\" id=\"Pasen_in_Malaga_2026\"><\/span>Pasen in M\u00e1laga 2026<span class=\"ez-toc-section-end\"><\/span><\/h2>\n<figure id=\"attachment_10583\" aria-describedby=\"caption-attachment-10583\" style=\"width: 620px\" class=\"wp-caption alignnone\"><a href=\"https:\/\/www.malagacar.com\/sp\/blog\/wp-content\/uploads\/2021\/03\/beach-Foto-El-Periodico.jpg\" data-wpel-link=\"exclude\"><img loading=\"lazy\" decoding=\"async\" class=\"wp-image-10583\" src=\"https:\/\/www.malagacar.com\/sp\/blog\/wp-content\/uploads\/2021\/03\/beach-Foto-El-Periodico.jpg\" alt=\"tiempo en M\u00e1laga en Semana Santa\" width=\"620\" height=\"349\" \/><\/a><figcaption id=\"caption-attachment-10583\" class=\"wp-caption-text\">Foto El Periodico<\/figcaption><\/figure>\n<p>Dit jaar vindt de Paasweek in M\u00e1laga plaats van zondag 29 maart tot en met zondag 5 april 2026.<\/p>\n<p>De exacte datum varieert elk jaar, en dit jaar wordt het drie weken eerder gevierd dan vorig jaar. Zoals je op de foto kunt zien, is het echter niet ongebruikelijk dat veel mensen deze dagen al benutten om te zonnebaden, ook al is het water nog koud.<\/p>\n<p>Pasen markeert het begin van het toeristische seizoen aan de Costa del Sol en is waarschijnlijk de belangrijkste datum op de religieuze kalender.<\/p>\n<p>De Heilige Week in M\u00e1laga wordt zelfs beschouwd als een van de belangrijkste in Spanje en trekt elk jaar duizenden gelovigen en toeristen in een diep ontroerend spektakel.<\/p>\n<p>Of je nu met Pasen naar M\u00e1laga wilt komen om van het mooie weer te genieten en misschien je eerste duik te nemen, of je wordt aangetrokken door de prachtige processies in het centrum van M\u00e1laga, in onze speciale editie van <a href=\"https:\/\/www.malagacar.com\/nl\/blog\/vrije-tijd\/pasen-malaga\/\" data-wpel-link=\"internal\"><strong>Pasen in M\u00e1laga<\/strong><\/a> vind je alles wat je moet weten.<\/p>\n<h2><span class=\"ez-toc-section\" id=\"Populaire_Festivals_in_Malaga_in_maart\"><\/span>Populaire Festivals in M\u00e1laga in maart<span class=\"ez-toc-section-end\"><\/span><\/h2>\n<h3><span class=\"ez-toc-section\" id=\"Route_langs_typische_gerechten_van_Malaga_tijdens_de_vastenperiode\"><\/span>Route langs typische gerechten van M\u00e1laga tijdens de vastenperiode<span class=\"ez-toc-section-end\"><\/span><\/h3>\n<p><img loading=\"lazy\" decoding=\"async\" class=\"alignnone size-full wp-image-18983\" src=\"https:\/\/www.malagacar.com\/sp\/blog\/wp-content\/uploads\/2026\/02\/gastro-cuaresma.jpg\" alt=\"platos t\u00edpicos M\u00e1laga Cuaresma Semana Santa\" width=\"1000\" height=\"730\" \/><\/p>\n<p>Van Aswoensdag tot Stille Zaterdag kunt u in M\u00e1laga genieten van traditionele recepten waarin vis, groenten en peulvruchten de hoofdrol spelen.<\/p>\n<p>Komt u de komende weken naar de Costa del Sol en wilt u graag door de oude binnenstad slenteren en unieke smaken ontdekken?<\/p>\n<p>We hebben een speciale editie voor onze bezoekers samengesteld waarin we u meer vertellen over typische gerechten uit M\u00e1laga tijdens de vastenperiode en Pasen, en waar u deze kunt vinden.<\/p>\n<ul>\n<li>Volg <a href=\"https:\/\/www.malagacar.com\/nl\/blog\/vrije-tijd\/typische-gerechten-malaga-vastentijd-pasen\/\" data-wpel-link=\"internal\"><strong>deze link<\/strong><\/a><\/li>\n<\/ul>\n<h3><span class=\"ez-toc-section\" id=\"Ajobacacalao-route_in_Velez-Malaga\"><\/span>Ajobacacalao-route in V\u00e9lez-M\u00e1laga<span class=\"ez-toc-section-end\"><\/span><\/h3>\n<p><img loading=\"lazy\" decoding=\"async\" class=\"alignnone wp-image-19150\" src=\"https:\/\/www.malagacar.com\/sp\/blog\/wp-content\/uploads\/2026\/02\/Ruta-ajobacalao-Velez-Malaga-739x1024.jpg\" alt=\"Ruta del Ajobacalao en V\u00e9lez-M\u00e1laga\" width=\"494\" height=\"685\" \/><\/p>\n<p>In V\u00e9lez-M\u00e1laga, gelegen in de regio Axarqu\u00eda op ongeveer 40 km van M\u00e1laga, wordt tijdens de vastenperiode een bijzondere gastronomische route gevierd.<\/p>\n<p>Typisch voor deze streek is ajobacalao. Dit is een mengsel van broodkruimels, extra vierge olijfolie, gezouten kabeljauw, knoflook, citroen, paprika en chilipeper, uitgesmeerd op brood. Traditioneel wordt het bereid voor de dragers van de religieuze tronen om hen nieuwe kracht te geven.<\/p>\n<p>Between March 10 and April 5, local restaurants offer recipes such as cod in pil-pil sauce, garlic cod croquettes and stews, highlighting traditional cuisine and the avocado from the Axarqu\u00eda region.<\/p>\n<ul>\n<li>Wanneer: 10 maart tot en met 5 april<\/li>\n<li>Waar: Bars en restaurants in V\u00e9lez-M\u00e1laga (zie QR-code op de poster)<\/li>\n<li><a href=\"https:\/\/maps.app.goo.gl\/orXk2NC3CHUERJYE8\" data-wpel-link=\"external\" target=\"_blank\" rel=\"external noopener noreferrer\" class=\"ext-link wpel-icon-right\"><strong>Hoe er te komen<\/strong><span class=\"wpel-icon wpel-image wpel-icon-2\"><\/span><\/a><\/li>\n<\/ul>\n<h3><span class=\"ez-toc-section\" id=\"Tagarnina_Dag_%E2%80%93_Villanueva_del_Rosario\"><\/span>Tagarnina Dag &#8211; Villanueva del Rosario<span class=\"ez-toc-section-end\"><\/span><\/h3>\n<p><img loading=\"lazy\" decoding=\"async\" class=\"alignnone size-full wp-image-16899\" src=\"https:\/\/www.malagacar.com\/sp\/blog\/wp-content\/uploads\/2024\/02\/Tagarnina.jpg\" alt=\"D\u00eda de la Tagarnina - Villanueva del Rosario\" width=\"1015\" height=\"729\" \/><\/p>\n<p>Op het Plaza del Rosario in de stad kun je deze populaire stoofpot gratis proeven. De wilde tagarnina is een typische plant uit de sierra die wordt gebruikt als ingredi\u00ebnt voor stoofschotels, stoofschotels en roerei.<\/p>\n<p>De gastronomische dag omvat allerlei activiteiten zoals muzikale optredens, een straatmarkt en een wandelroute naar de Mirador de Hondonero vanaf de Plaza Andaluc\u00eda, met aan het eind een ontbijt. Inschrijven voor deze activiteit is verplicht.<\/p>\n<p><iframe loading=\"lazy\" title=\"D\u00eda de la tagarnina. Villanueva del Rosario. Marzo. Fiesta Singular\" src=\"https:\/\/www.youtube.com\/embed\/KBMYE-_UEMc\" width=\"817\" height=\"431\" frameborder=\"0\" allowfullscreen=\"allowfullscreen\"><\/iframe><\/p>\n<ul>\n<li>Wanneer: 21. maart<\/li>\n<li><a href=\"https:\/\/maps.app.goo.gl\/wHpaMxCiAEwGzYEZ7\" data-wpel-link=\"external\" target=\"_blank\" rel=\"external noopener noreferrer\" class=\"ext-link wpel-icon-right\"><strong> Hoe er te komen <\/strong><span class=\"wpel-icon wpel-image wpel-icon-2\"><\/span><\/a><\/li>\n<\/ul>\n<h3><span class=\"ez-toc-section\" id=\"Dag_van_de_Venkelstoofpot_%E2%80%93_Algatocin\"><\/span>Dag van de Venkelstoofpot &#8211; Algatoc\u00edn<span class=\"ez-toc-section-end\"><\/span><\/h3>\n<p><img loading=\"lazy\" decoding=\"async\" class=\"alignnone size-large wp-image-16900\" src=\"https:\/\/www.malagacar.com\/sp\/blog\/wp-content\/uploads\/2024\/02\/Hinoja-Algatocin-1024x670.jpg\" alt=\"Hinoj\u00e1 - Algatoc\u00edn\" width=\"750\" height=\"491\" \/><\/p>\n<p>Maart is het venkelseizoen in Algatoc\u00edn. Zoals elk jaar kunnen bezoekers de traditionele venkelstoofpot proeven, evenals de onweerstaanbare lepelomeletten.<\/p>\n<p>Tijdens het weekend zijn er ook ambachtelijke kraampjes, workshops, rondleidingen en livemuziek.<\/p>\n<p>Trouwens, als je in <a href=\"https:\/\/www.malagacar.com\/nl\/blog\/vrije-tijd\/witte-dorpen-genal-vallei\/#Algatocin_en_zijn_Beroemde_Bakkerij\" data-wpel-link=\"internal\"><strong>Algatoc\u00edn<\/strong><\/a> bent, vergeet dan niet een bezoek te brengen aan de <a href=\"https:\/\/maps.app.goo.gl\/wiWzYaZ8EH4VJTew9\" data-wpel-link=\"external\" target=\"_blank\" rel=\"external noopener noreferrer\" class=\"ext-link wpel-icon-right\"><strong> Bakkerij Pan Pi\u00f1a<\/strong><span class=\"wpel-icon wpel-image wpel-icon-2\"><\/span><\/a>, een van de meest traditionele etablissementen in de omgeving dat beroemd werd vanwege de productie van het duurste brood ter wereld.<\/p>\n<ul>\n<li>Wanneer: 7 en 8 maart<\/li>\n<li><a href=\"https:\/\/maps.app.goo.gl\/aLJ9hTGFvRLKgkmp8\" data-wpel-link=\"external\" target=\"_blank\" rel=\"external noopener noreferrer\" class=\"ext-link wpel-icon-right\"><strong> Hoe er te komen<\/strong><span class=\"wpel-icon wpel-image wpel-icon-2\"><\/span><\/a><\/li>\n<\/ul>\n<h2><span class=\"ez-toc-section\" id=\"Het_Weer_in_Malaga_in_Maart\"><\/span>Het Weer in M\u00e1laga in Maart<span class=\"ez-toc-section-end\"><\/span><\/h2>\n<p>We worden nooit moe om het te zeggen: In Malaga genieten we van bijna een eeuwige lente. Terwijl in maart het weer soms nog onrustig kan zijn met af en toe regen, speelt de zon elke dag een sterke rol.<br \/>\nTemperaturen schommelen gemakkelijk rond de 20\u00baC en kunnen zelfs oplopen tot 23\u00baC\/25\u00baC op warmere dagen.<\/p>\n<p>Veel mensen genieten al van het zonnebaden op het strand en sommigen nemen hun eerste baden (het water is nog koud, rond de 16\u00baC).<\/p>\n<figure id=\"attachment_13215\" aria-describedby=\"caption-attachment-13215\" style=\"width: 1200px\" class=\"wp-caption alignnone\"><img loading=\"lazy\" decoding=\"async\" class=\"size-full wp-image-13215\" src=\"https:\/\/www.malagacar.com\/sp\/blog\/wp-content\/uploads\/2022\/02\/fuengi-beach.jpg\" alt=\"Fuengirola playa\" width=\"1200\" height=\"899\" \/><figcaption id=\"caption-attachment-13215\" class=\"wp-caption-text\">De stranden in de lentemaanden zijn een genot. Op de foto, Fuengirola strand<\/figcaption><\/figure>\n<p>Het is ideaal weer, met milde temperaturen, om te genieten van de lente in de natuur, een wandeling te maken en de stad te leren kennen, een drankje te drinken op een terras of <a href=\"https:\/\/www.malagacar.com\/nl\/blog\/tips\/costa-del-sol-gids\/\" data-wpel-link=\"internal\"><strong>onze prachtige provincie te ontdekken<\/strong><\/a>.<\/p>\n\t\t\t\t\n\t\t\t\t<div id=\"search-form2\" class=\"big-quote index-mobile\">\n\t\t\t\t<form id=\"frmSearch\" name=\"frmSearch\" action=\"\/nl\/autoverhuur\/quote.php\" method=\"post\"  name=\"quote\" class=\"container-fluid\">\n\t\t\t\t\t\t\t\t\t<div class=\"row\">\n\t\t\t\t\t\t<div class=\"col-sm-6\">\n\n\t\t\t\t\t\t\t<div class=\"form-group\">\n\t\t\t\t\t\t\t\t<label for=\"entrega\"><h4>Ophalen<\/h4><\/label>\n\t\t\t\t\t\t\t\t<select name=\"entrega\" id=\"entrega\" class=\"custom-select\">\n\t\t\t\t\t\t\t\t\t<option value=\"airport\"  selected>Luchthaven M\u00e1laga<\/option>\n\t\t\t\t\t\t\t\t\t\t\t\t\t\t\t\t<\/select>\n\t\t\t\t\t\t\t\t<div class=\"form-inline my-2\">\n\t\t\t\t\t\t\t\t\t<input id=\"pDate\" class=\"form-control\" value=\"07\/09\/2026\" name=\"pDate\" readonly onchange=\"return uppdate()\">\n\t\t\t\t\t\t\t\t\t<select class=\"custom-select\" id=\"phorasminutos\" name=\"phorasminutos\" oninvalid=\"setCustomValidity('Laat ons uw aankomsttijd weten')\" onchange=\"setCustomValidity('')\">\n\t\t\t\t\t\t\t\t\t\t<option value=\"-\" selected>--:--<\/option>\n\t\t\t\t\t\t\t\t\t\t\t\t\t\t\t\t\t\t\t\t<option value=\"00:00\">\n\t\t\t\t\t\t\t\t\t\t\t00:00<\/option>\n\t\t\t\t\t\t\t\t\t\t<option value=\"00:15\">\n\t\t\t\t\t\t\t\t\t\t\t00:15<\/option>\n\t\t\t\t\t\t\t\t\t\t<option value=\"00:30\">\n\t\t\t\t\t\t\t\t\t\t\t00:30<\/option>\n\t\t\t\t\t\t\t\t\t\t<option value=\"00:45\">\n\t\t\t\t\t\t\t\t\t\t\t00:45<\/option>\n\t\t\t\t\t\t\t\t\t\t\t\t\t\t\t\t\t\t\t\t<option value=\"01:00\">\n\t\t\t\t\t\t\t\t\t\t\t01:00<\/option>\n\t\t\t\t\t\t\t\t\t\t<option value=\"01:15\">\n\t\t\t\t\t\t\t\t\t\t\t01:15<\/option>\n\t\t\t\t\t\t\t\t\t\t<option value=\"01:30\">\n\t\t\t\t\t\t\t\t\t\t\t01:30<\/option>\n\t\t\t\t\t\t\t\t\t\t<option value=\"01:45\">\n\t\t\t\t\t\t\t\t\t\t\t01:45<\/option>\n\t\t\t\t\t\t\t\t\t\t\t\t\t\t\t\t\t\t\t\t<option value=\"02:00\">\n\t\t\t\t\t\t\t\t\t\t\t02:00<\/option>\n\t\t\t\t\t\t\t\t\t\t<option value=\"02:15\">\n\t\t\t\t\t\t\t\t\t\t\t02:15<\/option>\n\t\t\t\t\t\t\t\t\t\t<option value=\"02:30\">\n\t\t\t\t\t\t\t\t\t\t\t02:30<\/option>\n\t\t\t\t\t\t\t\t\t\t<option value=\"02:45\">\n\t\t\t\t\t\t\t\t\t\t\t02:45<\/option>\n\t\t\t\t\t\t\t\t\t\t\t\t\t\t\t\t\t\t\t\t<option value=\"03:00\">\n\t\t\t\t\t\t\t\t\t\t\t03:00<\/option>\n\t\t\t\t\t\t\t\t\t\t<option value=\"03:15\">\n\t\t\t\t\t\t\t\t\t\t\t03:15<\/option>\n\t\t\t\t\t\t\t\t\t\t<option value=\"03:30\">\n\t\t\t\t\t\t\t\t\t\t\t03:30<\/option>\n\t\t\t\t\t\t\t\t\t\t<option value=\"03:45\">\n\t\t\t\t\t\t\t\t\t\t\t03:45<\/option>\n\t\t\t\t\t\t\t\t\t\t\t\t\t\t\t\t\t\t\t\t<option value=\"04:00\">\n\t\t\t\t\t\t\t\t\t\t\t04:00<\/option>\n\t\t\t\t\t\t\t\t\t\t<option value=\"04:15\">\n\t\t\t\t\t\t\t\t\t\t\t04:15<\/option>\n\t\t\t\t\t\t\t\t\t\t<option value=\"04:30\">\n\t\t\t\t\t\t\t\t\t\t\t04:30<\/option>\n\t\t\t\t\t\t\t\t\t\t<option value=\"04:45\">\n\t\t\t\t\t\t\t\t\t\t\t04:45<\/option>\n\t\t\t\t\t\t\t\t\t\t\t\t\t\t\t\t\t\t\t\t<option value=\"05:00\">\n\t\t\t\t\t\t\t\t\t\t\t05:00<\/option>\n\t\t\t\t\t\t\t\t\t\t<option value=\"05:15\">\n\t\t\t\t\t\t\t\t\t\t\t05:15<\/option>\n\t\t\t\t\t\t\t\t\t\t<option value=\"05:30\">\n\t\t\t\t\t\t\t\t\t\t\t05:30<\/option>\n\t\t\t\t\t\t\t\t\t\t<option value=\"05:45\">\n\t\t\t\t\t\t\t\t\t\t\t05:45<\/option>\n\t\t\t\t\t\t\t\t\t\t\t\t\t\t\t\t\t\t\t\t<option value=\"06:00\">\n\t\t\t\t\t\t\t\t\t\t\t06:00<\/option>\n\t\t\t\t\t\t\t\t\t\t<option value=\"06:15\">\n\t\t\t\t\t\t\t\t\t\t\t06:15<\/option>\n\t\t\t\t\t\t\t\t\t\t<option value=\"06:30\">\n\t\t\t\t\t\t\t\t\t\t\t06:30<\/option>\n\t\t\t\t\t\t\t\t\t\t<option value=\"06:45\">\n\t\t\t\t\t\t\t\t\t\t\t06:45<\/option>\n\t\t\t\t\t\t\t\t\t\t\t\t\t\t\t\t\t\t\t\t<option value=\"07:00\">\n\t\t\t\t\t\t\t\t\t\t\t07:00<\/option>\n\t\t\t\t\t\t\t\t\t\t<option value=\"07:15\">\n\t\t\t\t\t\t\t\t\t\t\t07:15<\/option>\n\t\t\t\t\t\t\t\t\t\t<option value=\"07:30\">\n\t\t\t\t\t\t\t\t\t\t\t07:30<\/option>\n\t\t\t\t\t\t\t\t\t\t<option value=\"07:45\">\n\t\t\t\t\t\t\t\t\t\t\t07:45<\/option>\n\t\t\t\t\t\t\t\t\t\t\t\t\t\t\t\t\t\t\t\t<option value=\"08:00\">\n\t\t\t\t\t\t\t\t\t\t\t08:00<\/option>\n\t\t\t\t\t\t\t\t\t\t<option value=\"08:15\">\n\t\t\t\t\t\t\t\t\t\t\t08:15<\/option>\n\t\t\t\t\t\t\t\t\t\t<option value=\"08:30\">\n\t\t\t\t\t\t\t\t\t\t\t08:30<\/option>\n\t\t\t\t\t\t\t\t\t\t<option value=\"08:45\">\n\t\t\t\t\t\t\t\t\t\t\t08:45<\/option>\n\t\t\t\t\t\t\t\t\t\t\t\t\t\t\t\t\t\t\t\t<option value=\"09:00\">\n\t\t\t\t\t\t\t\t\t\t\t09:00<\/option>\n\t\t\t\t\t\t\t\t\t\t<option value=\"09:15\">\n\t\t\t\t\t\t\t\t\t\t\t09:15<\/option>\n\t\t\t\t\t\t\t\t\t\t<option value=\"09:30\">\n\t\t\t\t\t\t\t\t\t\t\t09:30<\/option>\n\t\t\t\t\t\t\t\t\t\t<option value=\"09:45\">\n\t\t\t\t\t\t\t\t\t\t\t09:45<\/option>\n\t\t\t\t\t\t\t\t\t\t\t\t\t\t\t\t\t\t\t\t<option value=\"10:00\">\n\t\t\t\t\t\t\t\t\t\t\t10:00<\/option>\n\t\t\t\t\t\t\t\t\t\t<option value=\"10:15\">\n\t\t\t\t\t\t\t\t\t\t\t10:15<\/option>\n\t\t\t\t\t\t\t\t\t\t<option value=\"10:30\">\n\t\t\t\t\t\t\t\t\t\t\t10:30<\/option>\n\t\t\t\t\t\t\t\t\t\t<option value=\"10:45\">\n\t\t\t\t\t\t\t\t\t\t\t10:45<\/option>\n\t\t\t\t\t\t\t\t\t\t\t\t\t\t\t\t\t\t\t\t<option value=\"11:00\">\n\t\t\t\t\t\t\t\t\t\t\t11:00<\/option>\n\t\t\t\t\t\t\t\t\t\t<option value=\"11:15\">\n\t\t\t\t\t\t\t\t\t\t\t11:15<\/option>\n\t\t\t\t\t\t\t\t\t\t<option value=\"11:30\">\n\t\t\t\t\t\t\t\t\t\t\t11:30<\/option>\n\t\t\t\t\t\t\t\t\t\t<option value=\"11:45\">\n\t\t\t\t\t\t\t\t\t\t\t11:45<\/option>\n\t\t\t\t\t\t\t\t\t\t\t\t\t\t\t\t\t\t\t\t<option value=\"12:00\">\n\t\t\t\t\t\t\t\t\t\t\t12:00<\/option>\n\t\t\t\t\t\t\t\t\t\t<option value=\"12:15\">\n\t\t\t\t\t\t\t\t\t\t\t12:15<\/option>\n\t\t\t\t\t\t\t\t\t\t<option value=\"12:30\">\n\t\t\t\t\t\t\t\t\t\t\t12:30<\/option>\n\t\t\t\t\t\t\t\t\t\t<option value=\"12:45\">\n\t\t\t\t\t\t\t\t\t\t\t12:45<\/option>\n\t\t\t\t\t\t\t\t\t\t\t\t\t\t\t\t\t\t\t\t<option value=\"13:00\">\n\t\t\t\t\t\t\t\t\t\t\t13:00<\/option>\n\t\t\t\t\t\t\t\t\t\t<option value=\"13:15\">\n\t\t\t\t\t\t\t\t\t\t\t13:15<\/option>\n\t\t\t\t\t\t\t\t\t\t<option value=\"13:30\">\n\t\t\t\t\t\t\t\t\t\t\t13:30<\/option>\n\t\t\t\t\t\t\t\t\t\t<option value=\"13:45\">\n\t\t\t\t\t\t\t\t\t\t\t13:45<\/option>\n\t\t\t\t\t\t\t\t\t\t\t\t\t\t\t\t\t\t\t\t<option value=\"14:00\">\n\t\t\t\t\t\t\t\t\t\t\t14:00<\/option>\n\t\t\t\t\t\t\t\t\t\t<option value=\"14:15\">\n\t\t\t\t\t\t\t\t\t\t\t14:15<\/option>\n\t\t\t\t\t\t\t\t\t\t<option value=\"14:30\">\n\t\t\t\t\t\t\t\t\t\t\t14:30<\/option>\n\t\t\t\t\t\t\t\t\t\t<option value=\"14:45\">\n\t\t\t\t\t\t\t\t\t\t\t14:45<\/option>\n\t\t\t\t\t\t\t\t\t\t\t\t\t\t\t\t\t\t\t\t<option value=\"15:00\">\n\t\t\t\t\t\t\t\t\t\t\t15:00<\/option>\n\t\t\t\t\t\t\t\t\t\t<option value=\"15:15\">\n\t\t\t\t\t\t\t\t\t\t\t15:15<\/option>\n\t\t\t\t\t\t\t\t\t\t<option value=\"15:30\">\n\t\t\t\t\t\t\t\t\t\t\t15:30<\/option>\n\t\t\t\t\t\t\t\t\t\t<option value=\"15:45\">\n\t\t\t\t\t\t\t\t\t\t\t15:45<\/option>\n\t\t\t\t\t\t\t\t\t\t\t\t\t\t\t\t\t\t\t\t<option value=\"16:00\">\n\t\t\t\t\t\t\t\t\t\t\t16:00<\/option>\n\t\t\t\t\t\t\t\t\t\t<option value=\"16:15\">\n\t\t\t\t\t\t\t\t\t\t\t16:15<\/option>\n\t\t\t\t\t\t\t\t\t\t<option value=\"16:30\">\n\t\t\t\t\t\t\t\t\t\t\t16:30<\/option>\n\t\t\t\t\t\t\t\t\t\t<option value=\"16:45\">\n\t\t\t\t\t\t\t\t\t\t\t16:45<\/option>\n\t\t\t\t\t\t\t\t\t\t\t\t\t\t\t\t\t\t\t\t<option value=\"17:00\">\n\t\t\t\t\t\t\t\t\t\t\t17:00<\/option>\n\t\t\t\t\t\t\t\t\t\t<option value=\"17:15\">\n\t\t\t\t\t\t\t\t\t\t\t17:15<\/option>\n\t\t\t\t\t\t\t\t\t\t<option value=\"17:30\">\n\t\t\t\t\t\t\t\t\t\t\t17:30<\/option>\n\t\t\t\t\t\t\t\t\t\t<option value=\"17:45\">\n\t\t\t\t\t\t\t\t\t\t\t17:45<\/option>\n\t\t\t\t\t\t\t\t\t\t\t\t\t\t\t\t\t\t\t\t<option value=\"18:00\">\n\t\t\t\t\t\t\t\t\t\t\t18:00<\/option>\n\t\t\t\t\t\t\t\t\t\t<option value=\"18:15\">\n\t\t\t\t\t\t\t\t\t\t\t18:15<\/option>\n\t\t\t\t\t\t\t\t\t\t<option value=\"18:30\">\n\t\t\t\t\t\t\t\t\t\t\t18:30<\/option>\n\t\t\t\t\t\t\t\t\t\t<option value=\"18:45\">\n\t\t\t\t\t\t\t\t\t\t\t18:45<\/option>\n\t\t\t\t\t\t\t\t\t\t\t\t\t\t\t\t\t\t\t\t<option value=\"19:00\">\n\t\t\t\t\t\t\t\t\t\t\t19:00<\/option>\n\t\t\t\t\t\t\t\t\t\t<option value=\"19:15\">\n\t\t\t\t\t\t\t\t\t\t\t19:15<\/option>\n\t\t\t\t\t\t\t\t\t\t<option value=\"19:30\">\n\t\t\t\t\t\t\t\t\t\t\t19:30<\/option>\n\t\t\t\t\t\t\t\t\t\t<option value=\"19:45\">\n\t\t\t\t\t\t\t\t\t\t\t19:45<\/option>\n\t\t\t\t\t\t\t\t\t\t\t\t\t\t\t\t\t\t\t\t<option value=\"20:00\">\n\t\t\t\t\t\t\t\t\t\t\t20:00<\/option>\n\t\t\t\t\t\t\t\t\t\t<option value=\"20:15\">\n\t\t\t\t\t\t\t\t\t\t\t20:15<\/option>\n\t\t\t\t\t\t\t\t\t\t<option value=\"20:30\">\n\t\t\t\t\t\t\t\t\t\t\t20:30<\/option>\n\t\t\t\t\t\t\t\t\t\t<option value=\"20:45\">\n\t\t\t\t\t\t\t\t\t\t\t20:45<\/option>\n\t\t\t\t\t\t\t\t\t\t\t\t\t\t\t\t\t\t\t\t<option value=\"21:00\">\n\t\t\t\t\t\t\t\t\t\t\t21:00<\/option>\n\t\t\t\t\t\t\t\t\t\t<option value=\"21:15\">\n\t\t\t\t\t\t\t\t\t\t\t21:15<\/option>\n\t\t\t\t\t\t\t\t\t\t<option value=\"21:30\">\n\t\t\t\t\t\t\t\t\t\t\t21:30<\/option>\n\t\t\t\t\t\t\t\t\t\t<option value=\"21:45\">\n\t\t\t\t\t\t\t\t\t\t\t21:45<\/option>\n\t\t\t\t\t\t\t\t\t\t\t\t\t\t\t\t\t\t\t\t<option value=\"22:00\">\n\t\t\t\t\t\t\t\t\t\t\t22:00<\/option>\n\t\t\t\t\t\t\t\t\t\t<option value=\"22:15\">\n\t\t\t\t\t\t\t\t\t\t\t22:15<\/option>\n\t\t\t\t\t\t\t\t\t\t<option value=\"22:30\">\n\t\t\t\t\t\t\t\t\t\t\t22:30<\/option>\n\t\t\t\t\t\t\t\t\t\t<option value=\"22:45\">\n\t\t\t\t\t\t\t\t\t\t\t22:45<\/option>\n\t\t\t\t\t\t\t\t\t\t\t\t\t\t\t\t\t\t\t\t<option value=\"23:00\">\n\t\t\t\t\t\t\t\t\t\t\t23:00<\/option>\n\t\t\t\t\t\t\t\t\t\t<option value=\"23:15\">\n\t\t\t\t\t\t\t\t\t\t\t23:15<\/option>\n\t\t\t\t\t\t\t\t\t\t<option value=\"23:30\">\n\t\t\t\t\t\t\t\t\t\t\t23:30<\/option>\n\t\t\t\t\t\t\t\t\t\t<option value=\"23:45\">\n\t\t\t\t\t\t\t\t\t\t\t23:45<\/option>\n\t\t\t\t\t\t\t\t\t\t\t\t\t\t\t\t\t\t\t<\/select>\n\t\t\t\t\t\t\t\t<\/div>\n\t\t\t\t\t\t\t<\/div>\n\t\t\t\t\t\t<\/div>\n\t\t\t\t\t\t<div class=\"col-sm-6\">\n\t\t\t\t\t\t\t<div class=\"form-group\">\n\t\t\t\t\t\t\t\t<div id=\"bookingBox\"><\/div>\n\n\t\t\t\t\t\t\t\t<label for=\"devuelta\"><h4>Terugbrendgend<\/h4><\/label>\n\t\t\t\t\t\t\t\t<select name=\"devuelta\" id=\"devuelta\" class=\"custom-select\">\n\t\t\t\t\t\t\t\t\t<option value=\"airport\"  selected>Luchthaven M\u00e1laga<\/option>\n\t\t\t\t\t\t\t\t\t\t\t\t\t\t\t\t<\/select>\n\n\t\t\t\t\t\t\t\t<div class=\"form-inline my-2\">\n\t\t\t\t\t\t\t\t\t<input id=\"dDate\" class=\"form-control\" value=\"14\/09\/2026\" name=\"dDate\" readonly>\n\t\t\t\t\t\t\t\t\t<select class=\"custom-select\" id=\"dhorasminutos\" name=\"dhorasminutos\" oninvalid=\"setCustomValidity('Laat ons weten wanneer je terugkomt.')\" onchange=\"setCustomValidity('')\">\n\t\t\t\t\t\t\t\t\t\t<option value=\"-\" selected>--:--<\/option>\n\t\t\t\t\t\t\t\t\t\t\t\t\t\t\t\t\t\t\t\t<option value=\"00:00\">\n\t\t\t\t\t\t\t\t\t\t\t00:00<\/option>\n\t\t\t\t\t\t\t\t\t\t<option value=\"00:15\">\n\t\t\t\t\t\t\t\t\t\t\t00:15<\/option>\n\t\t\t\t\t\t\t\t\t\t<option value=\"00:30\">\n\t\t\t\t\t\t\t\t\t\t\t00:30<\/option>\n\t\t\t\t\t\t\t\t\t\t<option value=\"00:45\">\n\t\t\t\t\t\t\t\t\t\t\t00:45<\/option>\n\t\t\t\t\t\t\t\t\t\t\t\t\t\t\t\t\t\t\t\t<option value=\"01:00\">\n\t\t\t\t\t\t\t\t\t\t\t01:00<\/option>\n\t\t\t\t\t\t\t\t\t\t<option value=\"01:15\">\n\t\t\t\t\t\t\t\t\t\t\t01:15<\/option>\n\t\t\t\t\t\t\t\t\t\t<option value=\"01:30\">\n\t\t\t\t\t\t\t\t\t\t\t01:30<\/option>\n\t\t\t\t\t\t\t\t\t\t<option value=\"01:45\">\n\t\t\t\t\t\t\t\t\t\t\t01:45<\/option>\n\t\t\t\t\t\t\t\t\t\t\t\t\t\t\t\t\t\t\t\t<option value=\"02:00\">\n\t\t\t\t\t\t\t\t\t\t\t02:00<\/option>\n\t\t\t\t\t\t\t\t\t\t<option value=\"02:15\">\n\t\t\t\t\t\t\t\t\t\t\t02:15<\/option>\n\t\t\t\t\t\t\t\t\t\t<option value=\"02:30\">\n\t\t\t\t\t\t\t\t\t\t\t02:30<\/option>\n\t\t\t\t\t\t\t\t\t\t<option value=\"02:45\">\n\t\t\t\t\t\t\t\t\t\t\t02:45<\/option>\n\t\t\t\t\t\t\t\t\t\t\t\t\t\t\t\t\t\t\t\t<option value=\"03:00\">\n\t\t\t\t\t\t\t\t\t\t\t03:00<\/option>\n\t\t\t\t\t\t\t\t\t\t<option value=\"03:15\">\n\t\t\t\t\t\t\t\t\t\t\t03:15<\/option>\n\t\t\t\t\t\t\t\t\t\t<option value=\"03:30\">\n\t\t\t\t\t\t\t\t\t\t\t03:30<\/option>\n\t\t\t\t\t\t\t\t\t\t<option value=\"03:45\">\n\t\t\t\t\t\t\t\t\t\t\t03:45<\/option>\n\t\t\t\t\t\t\t\t\t\t\t\t\t\t\t\t\t\t\t\t<option value=\"04:00\">\n\t\t\t\t\t\t\t\t\t\t\t04:00<\/option>\n\t\t\t\t\t\t\t\t\t\t<option value=\"04:15\">\n\t\t\t\t\t\t\t\t\t\t\t04:15<\/option>\n\t\t\t\t\t\t\t\t\t\t<option value=\"04:30\">\n\t\t\t\t\t\t\t\t\t\t\t04:30<\/option>\n\t\t\t\t\t\t\t\t\t\t<option value=\"04:45\">\n\t\t\t\t\t\t\t\t\t\t\t04:45<\/option>\n\t\t\t\t\t\t\t\t\t\t\t\t\t\t\t\t\t\t\t\t<option value=\"05:00\">\n\t\t\t\t\t\t\t\t\t\t\t05:00<\/option>\n\t\t\t\t\t\t\t\t\t\t<option value=\"05:15\">\n\t\t\t\t\t\t\t\t\t\t\t05:15<\/option>\n\t\t\t\t\t\t\t\t\t\t<option value=\"05:30\">\n\t\t\t\t\t\t\t\t\t\t\t05:30<\/option>\n\t\t\t\t\t\t\t\t\t\t<option value=\"05:45\">\n\t\t\t\t\t\t\t\t\t\t\t05:45<\/option>\n\t\t\t\t\t\t\t\t\t\t\t\t\t\t\t\t\t\t\t\t<option value=\"06:00\">\n\t\t\t\t\t\t\t\t\t\t\t06:00<\/option>\n\t\t\t\t\t\t\t\t\t\t<option value=\"06:15\">\n\t\t\t\t\t\t\t\t\t\t\t06:15<\/option>\n\t\t\t\t\t\t\t\t\t\t<option value=\"06:30\">\n\t\t\t\t\t\t\t\t\t\t\t06:30<\/option>\n\t\t\t\t\t\t\t\t\t\t<option value=\"06:45\">\n\t\t\t\t\t\t\t\t\t\t\t06:45<\/option>\n\t\t\t\t\t\t\t\t\t\t\t\t\t\t\t\t\t\t\t\t<option value=\"07:00\">\n\t\t\t\t\t\t\t\t\t\t\t07:00<\/option>\n\t\t\t\t\t\t\t\t\t\t<option value=\"07:15\">\n\t\t\t\t\t\t\t\t\t\t\t07:15<\/option>\n\t\t\t\t\t\t\t\t\t\t<option value=\"07:30\">\n\t\t\t\t\t\t\t\t\t\t\t07:30<\/option>\n\t\t\t\t\t\t\t\t\t\t<option value=\"07:45\">\n\t\t\t\t\t\t\t\t\t\t\t07:45<\/option>\n\t\t\t\t\t\t\t\t\t\t\t\t\t\t\t\t\t\t\t\t<option value=\"08:00\">\n\t\t\t\t\t\t\t\t\t\t\t08:00<\/option>\n\t\t\t\t\t\t\t\t\t\t<option value=\"08:15\">\n\t\t\t\t\t\t\t\t\t\t\t08:15<\/option>\n\t\t\t\t\t\t\t\t\t\t<option value=\"08:30\">\n\t\t\t\t\t\t\t\t\t\t\t08:30<\/option>\n\t\t\t\t\t\t\t\t\t\t<option value=\"08:45\">\n\t\t\t\t\t\t\t\t\t\t\t08:45<\/option>\n\t\t\t\t\t\t\t\t\t\t\t\t\t\t\t\t\t\t\t\t<option value=\"09:00\">\n\t\t\t\t\t\t\t\t\t\t\t09:00<\/option>\n\t\t\t\t\t\t\t\t\t\t<option value=\"09:15\">\n\t\t\t\t\t\t\t\t\t\t\t09:15<\/option>\n\t\t\t\t\t\t\t\t\t\t<option value=\"09:30\">\n\t\t\t\t\t\t\t\t\t\t\t09:30<\/option>\n\t\t\t\t\t\t\t\t\t\t<option value=\"09:45\">\n\t\t\t\t\t\t\t\t\t\t\t09:45<\/option>\n\t\t\t\t\t\t\t\t\t\t\t\t\t\t\t\t\t\t\t\t<option value=\"10:00\">\n\t\t\t\t\t\t\t\t\t\t\t10:00<\/option>\n\t\t\t\t\t\t\t\t\t\t<option value=\"10:15\">\n\t\t\t\t\t\t\t\t\t\t\t10:15<\/option>\n\t\t\t\t\t\t\t\t\t\t<option value=\"10:30\">\n\t\t\t\t\t\t\t\t\t\t\t10:30<\/option>\n\t\t\t\t\t\t\t\t\t\t<option value=\"10:45\">\n\t\t\t\t\t\t\t\t\t\t\t10:45<\/option>\n\t\t\t\t\t\t\t\t\t\t\t\t\t\t\t\t\t\t\t\t<option value=\"11:00\">\n\t\t\t\t\t\t\t\t\t\t\t11:00<\/option>\n\t\t\t\t\t\t\t\t\t\t<option value=\"11:15\">\n\t\t\t\t\t\t\t\t\t\t\t11:15<\/option>\n\t\t\t\t\t\t\t\t\t\t<option value=\"11:30\">\n\t\t\t\t\t\t\t\t\t\t\t11:30<\/option>\n\t\t\t\t\t\t\t\t\t\t<option value=\"11:45\">\n\t\t\t\t\t\t\t\t\t\t\t11:45<\/option>\n\t\t\t\t\t\t\t\t\t\t\t\t\t\t\t\t\t\t\t\t<option value=\"12:00\">\n\t\t\t\t\t\t\t\t\t\t\t12:00<\/option>\n\t\t\t\t\t\t\t\t\t\t<option value=\"12:15\">\n\t\t\t\t\t\t\t\t\t\t\t12:15<\/option>\n\t\t\t\t\t\t\t\t\t\t<option value=\"12:30\">\n\t\t\t\t\t\t\t\t\t\t\t12:30<\/option>\n\t\t\t\t\t\t\t\t\t\t<option value=\"12:45\">\n\t\t\t\t\t\t\t\t\t\t\t12:45<\/option>\n\t\t\t\t\t\t\t\t\t\t\t\t\t\t\t\t\t\t\t\t<option value=\"13:00\">\n\t\t\t\t\t\t\t\t\t\t\t13:00<\/option>\n\t\t\t\t\t\t\t\t\t\t<option value=\"13:15\">\n\t\t\t\t\t\t\t\t\t\t\t13:15<\/option>\n\t\t\t\t\t\t\t\t\t\t<option value=\"13:30\">\n\t\t\t\t\t\t\t\t\t\t\t13:30<\/option>\n\t\t\t\t\t\t\t\t\t\t<option value=\"13:45\">\n\t\t\t\t\t\t\t\t\t\t\t13:45<\/option>\n\t\t\t\t\t\t\t\t\t\t\t\t\t\t\t\t\t\t\t\t<option value=\"14:00\">\n\t\t\t\t\t\t\t\t\t\t\t14:00<\/option>\n\t\t\t\t\t\t\t\t\t\t<option value=\"14:15\">\n\t\t\t\t\t\t\t\t\t\t\t14:15<\/option>\n\t\t\t\t\t\t\t\t\t\t<option value=\"14:30\">\n\t\t\t\t\t\t\t\t\t\t\t14:30<\/option>\n\t\t\t\t\t\t\t\t\t\t<option value=\"14:45\">\n\t\t\t\t\t\t\t\t\t\t\t14:45<\/option>\n\t\t\t\t\t\t\t\t\t\t\t\t\t\t\t\t\t\t\t\t<option value=\"15:00\">\n\t\t\t\t\t\t\t\t\t\t\t15:00<\/option>\n\t\t\t\t\t\t\t\t\t\t<option value=\"15:15\">\n\t\t\t\t\t\t\t\t\t\t\t15:15<\/option>\n\t\t\t\t\t\t\t\t\t\t<option value=\"15:30\">\n\t\t\t\t\t\t\t\t\t\t\t15:30<\/option>\n\t\t\t\t\t\t\t\t\t\t<option value=\"15:45\">\n\t\t\t\t\t\t\t\t\t\t\t15:45<\/option>\n\t\t\t\t\t\t\t\t\t\t\t\t\t\t\t\t\t\t\t\t<option value=\"16:00\">\n\t\t\t\t\t\t\t\t\t\t\t16:00<\/option>\n\t\t\t\t\t\t\t\t\t\t<option value=\"16:15\">\n\t\t\t\t\t\t\t\t\t\t\t16:15<\/option>\n\t\t\t\t\t\t\t\t\t\t<option value=\"16:30\">\n\t\t\t\t\t\t\t\t\t\t\t16:30<\/option>\n\t\t\t\t\t\t\t\t\t\t<option value=\"16:45\">\n\t\t\t\t\t\t\t\t\t\t\t16:45<\/option>\n\t\t\t\t\t\t\t\t\t\t\t\t\t\t\t\t\t\t\t\t<option value=\"17:00\">\n\t\t\t\t\t\t\t\t\t\t\t17:00<\/option>\n\t\t\t\t\t\t\t\t\t\t<option value=\"17:15\">\n\t\t\t\t\t\t\t\t\t\t\t17:15<\/option>\n\t\t\t\t\t\t\t\t\t\t<option value=\"17:30\">\n\t\t\t\t\t\t\t\t\t\t\t17:30<\/option>\n\t\t\t\t\t\t\t\t\t\t<option value=\"17:45\">\n\t\t\t\t\t\t\t\t\t\t\t17:45<\/option>\n\t\t\t\t\t\t\t\t\t\t\t\t\t\t\t\t\t\t\t\t<option value=\"18:00\">\n\t\t\t\t\t\t\t\t\t\t\t18:00<\/option>\n\t\t\t\t\t\t\t\t\t\t<option value=\"18:15\">\n\t\t\t\t\t\t\t\t\t\t\t18:15<\/option>\n\t\t\t\t\t\t\t\t\t\t<option value=\"18:30\">\n\t\t\t\t\t\t\t\t\t\t\t18:30<\/option>\n\t\t\t\t\t\t\t\t\t\t<option value=\"18:45\">\n\t\t\t\t\t\t\t\t\t\t\t18:45<\/option>\n\t\t\t\t\t\t\t\t\t\t\t\t\t\t\t\t\t\t\t\t<option value=\"19:00\">\n\t\t\t\t\t\t\t\t\t\t\t19:00<\/option>\n\t\t\t\t\t\t\t\t\t\t<option value=\"19:15\">\n\t\t\t\t\t\t\t\t\t\t\t19:15<\/option>\n\t\t\t\t\t\t\t\t\t\t<option value=\"19:30\">\n\t\t\t\t\t\t\t\t\t\t\t19:30<\/option>\n\t\t\t\t\t\t\t\t\t\t<option value=\"19:45\">\n\t\t\t\t\t\t\t\t\t\t\t19:45<\/option>\n\t\t\t\t\t\t\t\t\t\t\t\t\t\t\t\t\t\t\t\t<option value=\"20:00\">\n\t\t\t\t\t\t\t\t\t\t\t20:00<\/option>\n\t\t\t\t\t\t\t\t\t\t<option value=\"20:15\">\n\t\t\t\t\t\t\t\t\t\t\t20:15<\/option>\n\t\t\t\t\t\t\t\t\t\t<option value=\"20:30\">\n\t\t\t\t\t\t\t\t\t\t\t20:30<\/option>\n\t\t\t\t\t\t\t\t\t\t<option value=\"20:45\">\n\t\t\t\t\t\t\t\t\t\t\t20:45<\/option>\n\t\t\t\t\t\t\t\t\t\t\t\t\t\t\t\t\t\t\t\t<option value=\"21:00\">\n\t\t\t\t\t\t\t\t\t\t\t21:00<\/option>\n\t\t\t\t\t\t\t\t\t\t<option value=\"21:15\">\n\t\t\t\t\t\t\t\t\t\t\t21:15<\/option>\n\t\t\t\t\t\t\t\t\t\t<option value=\"21:30\">\n\t\t\t\t\t\t\t\t\t\t\t21:30<\/option>\n\t\t\t\t\t\t\t\t\t\t<option value=\"21:45\">\n\t\t\t\t\t\t\t\t\t\t\t21:45<\/option>\n\t\t\t\t\t\t\t\t\t\t\t\t\t\t\t\t\t\t\t\t<option value=\"22:00\">\n\t\t\t\t\t\t\t\t\t\t\t22:00<\/option>\n\t\t\t\t\t\t\t\t\t\t<option value=\"22:15\">\n\t\t\t\t\t\t\t\t\t\t\t22:15<\/option>\n\t\t\t\t\t\t\t\t\t\t<option value=\"22:30\">\n\t\t\t\t\t\t\t\t\t\t\t22:30<\/option>\n\t\t\t\t\t\t\t\t\t\t<option value=\"22:45\">\n\t\t\t\t\t\t\t\t\t\t\t22:45<\/option>\n\t\t\t\t\t\t\t\t\t\t\t\t\t\t\t\t\t\t\t\t<option value=\"23:00\">\n\t\t\t\t\t\t\t\t\t\t\t23:00<\/option>\n\t\t\t\t\t\t\t\t\t\t<option value=\"23:15\">\n\t\t\t\t\t\t\t\t\t\t\t23:15<\/option>\n\t\t\t\t\t\t\t\t\t\t<option value=\"23:30\">\n\t\t\t\t\t\t\t\t\t\t\t23:30<\/option>\n\t\t\t\t\t\t\t\t\t\t<option value=\"23:45\">\n\t\t\t\t\t\t\t\t\t\t\t23:45<\/option>\n\t\t\t\t\t\t\t\t\t\t\t\t\t\t\t\t\t\t\t<\/select>\n\t\t\t\t\t\t\t\t<\/div>\n\t\t\t\t\t\t\t<\/div>\n\t\t\t\t\t\t<\/div>\n\n\t\t\t\t\t<\/div>\n\t\t\t\t\n\n\t\t\t\t\t\t<div class=\"row\">\n                               <div class=\"col-sm-6\">\n\t\t\t\t\t\t\t\t<div class=\"form-group promo-code\">\n\t\t\t\t\t\t\t\t\t\t\t\t\t\t\t\t\t<label for=\"tipogrupo\" class=\"w-50 text-right pr-3 pt-1\">Groep<\/label>\n\t\t\t\t\t\t\t\t\t<select name=\"tipogrupo\" id=\"tipogrupo\" class=\"form-control w-50\">\n\t\t\t\t\t\t\t\t\t<option value=\"0\">Alle auto's<\/option>\n\t\t\t                        <option value=\"1\">Standard<\/option>  \n\t\t\t\t\t\t\t\t\t<option value=\"2\" >Automatics<\/option>  \n\t\t\t\t\t\t\t\t\t<option value=\"4\">Minivan<\/option>  \n\t\t\t\t\t\t\t\t\t<option value=\"5\">Cabrio & Sport<\/option>  \n\t\t\t\t\t\t\t\t\t<option value=\"6\">Prestige<\/option>  \n\t\t\t\t\t\t\t\t\t<option value=\"8\">SUV \/ Stationwagen<\/option> \n\t\t\t\t\t\t\t\t\t<option value=\"10\">Camper en Motorhome<\/option>  \t\t\t\t\t\t\t\t\n\t\t\t\t\t\t\t\t<\/select>\t\n\t\t\t\t\t\t\t\t\t\n\t\t\t\t\t\t\t<\/div>\n\t\t\t\t\t\t\t<\/div>\n\t\t\t\t\t\t<div class=\"col-sm-6 align-self-end\">\n\t\t\t\t\t\t\t<div class=\"form-group\">\n\t\t\t\t\t\t\t\t<input type=\"submit\" class=\"btn-quote\" value=\"Get Quote\" onclick=\"return msgAlert()\">\n\t\t\t\t\t\t\t<\/div>\n\t\t\t\t\t\t<\/div>\n\t\t\t\t\t<\/div>\n\t\t\t\t<\/form>\n\t\t\t\t<div class=\"row hide-mini-tablet advantages\">\n\t\t\t\t\t\t<div class=\"col-12\">\n\t\t\t\t\t\t\t<h4 class=\"text-center text-white\">De beste prijzen!<\/h4>\n\t\t\t\t\t\t\t<ul>\n\t\t\t\t\t\t\t\t<li>Groot wagenpark aan gloednieuwe wagens.<\/li>\n\t\t\t\t\t\t\t\t<li>Betalen bij aankomst.<\/li>\n\t\t\t\t\t\t\t\t<li>Wat je ziet is wat je betaalt.<\/li>\n\t\t\t\t\t\t\t\t<li>Geen creditcard nodig om te boeken.<\/li>\n\t\t\t\t\t\t\t\t<li>VIP bezorgservice gratis.<\/li>\n\t\t\t\t\t\t\t\t<li><strong class=\"redpassion-alt\">Wij rekenen geen extra kosten<\/strong> voor onze bijtank service.<\/li>\n\t\t\t\t\t\t\t<\/ul>\n\t\t\t\t\t\t<\/div>\n\t\t\t\t\t<\/div>\n\t\t\t\t<\/div>\n\t\t\t<br clear=\"all\">\n\n","protected":false},"excerpt":{"rendered":"<p>M\u00e1laga in maart is de tijd om uit te gaan en plezier te hebben met de komst van goed weer. Om u te helpen beslissen wat u tijdens deze data moet doen, gaan we u enkele activiteiten en evenementen voorstellen. Ben je in voor een van de volgende evenementen en activiteiten in maart in M\u00e1laga?<\/p>\n","protected":false},"author":1,"featured_media":4517,"comment_status":"open","ping_status":"open","sticky":false,"template":"","format":"standard","meta":{"footnotes":""},"categories":[506],"tags":[450,481,307,482],"class_list":["post-4516","post","type-post","status-publish","format-standard","has-post-thumbnail","hentry","category-vrije-tijd","tag-activiteiten","tag-maart","tag-malaga","tag-wat-te-doen"],"yoast_head":"<!-- This site is optimized with the Yoast SEO plugin v28.4 - https:\/\/yoast.com\/product\/yoast-seo-wordpress\/ -->\n<title>Wat te doen in M\u00e1laga in maart 2026 - MalagaCar.com Blog<\/title>\n<meta name=\"description\" content=\"Maart is het begin van de lente in M\u00e1laga met veel activiteiten voor alle smaken. Ontdek alles wat je kunt doen in M\u00e1laga in maart.\" \/>\n<meta name=\"robots\" content=\"index, follow, max-snippet:-1, max-image-preview:large, max-video-preview:-1\" \/>\n<link rel=\"canonical\" href=\"https:\/\/www.malagacar.com\/nl\/blog\/vrije-tijd\/dingen-om-te-doen-in-malaga-in-maart\/\" \/>\n<meta property=\"og:locale\" content=\"nl_NL\" \/>\n<meta property=\"og:type\" content=\"article\" \/>\n<meta property=\"og:title\" content=\"Wat te doen in M\u00e1laga in maart 2026 - MalagaCar.com Blog\" \/>\n<meta property=\"og:description\" content=\"Maart is het begin van de lente in M\u00e1laga met veel activiteiten voor alle smaken. Ontdek alles wat je kunt doen in M\u00e1laga in maart.\" \/>\n<meta property=\"og:url\" content=\"https:\/\/www.malagacar.com\/nl\/blog\/vrije-tijd\/dingen-om-te-doen-in-malaga-in-maart\/\" \/>\n<meta property=\"og:site_name\" content=\"MalagaCar.com Blog\" \/>\n<meta property=\"article:publisher\" content=\"https:\/\/www.facebook.com\/malagacar\" \/>\n<meta property=\"article:published_time\" content=\"2026-02-18T05:48:45+00:00\" \/>\n<meta property=\"article:modified_time\" content=\"2026-03-12T06:42:15+00:00\" \/>\n<meta property=\"og:image\" content=\"https:\/\/www.malagacar.com\/nl\/blog\/wp-content\/uploads\/2023\/02\/03-nl.jpg\" \/>\n\t<meta property=\"og:image:width\" content=\"1000\" \/>\n\t<meta property=\"og:image:height\" content=\"896\" \/>\n\t<meta property=\"og:image:type\" content=\"image\/jpeg\" \/>\n<meta name=\"author\" content=\"MalagaCar.com\" \/>\n<meta name=\"twitter:label1\" content=\"Geschreven door\" \/>\n\t<meta name=\"twitter:data1\" content=\"MalagaCar.com\" \/>\n\t<meta name=\"twitter:label2\" content=\"Geschatte leestijd\" \/>\n\t<meta name=\"twitter:data2\" content=\"29 minuten\" \/>\n<script type=\"application\/ld+json\" class=\"yoast-schema-graph\">{\"@context\":\"https:\\\/\\\/schema.org\",\"@graph\":[{\"@type\":\"Article\",\"@id\":\"https:\\\/\\\/www.malagacar.com\\\/nl\\\/blog\\\/vrije-tijd\\\/dingen-om-te-doen-in-malaga-in-maart\\\/#article\",\"isPartOf\":{\"@id\":\"https:\\\/\\\/www.malagacar.com\\\/nl\\\/blog\\\/vrije-tijd\\\/dingen-om-te-doen-in-malaga-in-maart\\\/\"},\"author\":{\"name\":\"MalagaCar.com\",\"@id\":\"https:\\\/\\\/www.malagacar.com\\\/nl\\\/blog\\\/#\\\/schema\\\/person\\\/fbc37b93c0f5bbdaa54a0a4fc59d8b8c\"},\"headline\":\"Wat te doen in M\u00e1laga in maart 2026\",\"datePublished\":\"2026-02-18T05:48:45+00:00\",\"dateModified\":\"2026-03-12T06:42:15+00:00\",\"mainEntityOfPage\":{\"@id\":\"https:\\\/\\\/www.malagacar.com\\\/nl\\\/blog\\\/vrije-tijd\\\/dingen-om-te-doen-in-malaga-in-maart\\\/\"},\"wordCount\":4065,\"commentCount\":0,\"publisher\":{\"@id\":\"https:\\\/\\\/www.malagacar.com\\\/nl\\\/blog\\\/#organization\"},\"image\":{\"@id\":\"https:\\\/\\\/www.malagacar.com\\\/nl\\\/blog\\\/vrije-tijd\\\/dingen-om-te-doen-in-malaga-in-maart\\\/#primaryimage\"},\"thumbnailUrl\":\"https:\\\/\\\/www.malagacar.com\\\/nl\\\/blog\\\/wp-content\\\/uploads\\\/2023\\\/02\\\/03-nl.jpg\",\"keywords\":[\"Activiteiten\",\"maart\",\"malaga\",\"Wat te doen\"],\"articleSection\":[\"Vrije Tijd\"],\"inLanguage\":\"nl-NL\",\"potentialAction\":[{\"@type\":\"CommentAction\",\"name\":\"Comment\",\"target\":[\"https:\\\/\\\/www.malagacar.com\\\/nl\\\/blog\\\/vrije-tijd\\\/dingen-om-te-doen-in-malaga-in-maart\\\/#respond\"]}]},{\"@type\":\"WebPage\",\"@id\":\"https:\\\/\\\/www.malagacar.com\\\/nl\\\/blog\\\/vrije-tijd\\\/dingen-om-te-doen-in-malaga-in-maart\\\/\",\"url\":\"https:\\\/\\\/www.malagacar.com\\\/nl\\\/blog\\\/vrije-tijd\\\/dingen-om-te-doen-in-malaga-in-maart\\\/\",\"name\":\"Wat te doen in M\u00e1laga in maart 2026 - MalagaCar.com Blog\",\"isPartOf\":{\"@id\":\"https:\\\/\\\/www.malagacar.com\\\/nl\\\/blog\\\/#website\"},\"primaryImageOfPage\":{\"@id\":\"https:\\\/\\\/www.malagacar.com\\\/nl\\\/blog\\\/vrije-tijd\\\/dingen-om-te-doen-in-malaga-in-maart\\\/#primaryimage\"},\"image\":{\"@id\":\"https:\\\/\\\/www.malagacar.com\\\/nl\\\/blog\\\/vrije-tijd\\\/dingen-om-te-doen-in-malaga-in-maart\\\/#primaryimage\"},\"thumbnailUrl\":\"https:\\\/\\\/www.malagacar.com\\\/nl\\\/blog\\\/wp-content\\\/uploads\\\/2023\\\/02\\\/03-nl.jpg\",\"datePublished\":\"2026-02-18T05:48:45+00:00\",\"dateModified\":\"2026-03-12T06:42:15+00:00\",\"description\":\"Maart is het begin van de lente in M\u00e1laga met veel activiteiten voor alle smaken. Ontdek alles wat je kunt doen in M\u00e1laga in maart.\",\"breadcrumb\":{\"@id\":\"https:\\\/\\\/www.malagacar.com\\\/nl\\\/blog\\\/vrije-tijd\\\/dingen-om-te-doen-in-malaga-in-maart\\\/#breadcrumb\"},\"inLanguage\":\"nl-NL\",\"potentialAction\":[{\"@type\":\"ReadAction\",\"target\":[\"https:\\\/\\\/www.malagacar.com\\\/nl\\\/blog\\\/vrije-tijd\\\/dingen-om-te-doen-in-malaga-in-maart\\\/\"]}]},{\"@type\":\"ImageObject\",\"inLanguage\":\"nl-NL\",\"@id\":\"https:\\\/\\\/www.malagacar.com\\\/nl\\\/blog\\\/vrije-tijd\\\/dingen-om-te-doen-in-malaga-in-maart\\\/#primaryimage\",\"url\":\"https:\\\/\\\/www.malagacar.com\\\/nl\\\/blog\\\/wp-content\\\/uploads\\\/2023\\\/02\\\/03-nl.jpg\",\"contentUrl\":\"https:\\\/\\\/www.malagacar.com\\\/nl\\\/blog\\\/wp-content\\\/uploads\\\/2023\\\/02\\\/03-nl.jpg\",\"width\":1000,\"height\":896},{\"@type\":\"BreadcrumbList\",\"@id\":\"https:\\\/\\\/www.malagacar.com\\\/nl\\\/blog\\\/vrije-tijd\\\/dingen-om-te-doen-in-malaga-in-maart\\\/#breadcrumb\",\"itemListElement\":[{\"@type\":\"ListItem\",\"position\":1,\"name\":\"Home\",\"item\":\"https:\\\/\\\/www.malagacar.com\\\/nl\\\/blog\\\/\"},{\"@type\":\"ListItem\",\"position\":2,\"name\":\"Wat te doen in M\u00e1laga in maart 2026\"}]},{\"@type\":\"WebSite\",\"@id\":\"https:\\\/\\\/www.malagacar.com\\\/nl\\\/blog\\\/#website\",\"url\":\"https:\\\/\\\/www.malagacar.com\\\/nl\\\/blog\\\/\",\"name\":\"MalagaCar.com Blog\",\"description\":\"Nieuws en feiten over auto huren op de luchthaven van Malaga.\",\"publisher\":{\"@id\":\"https:\\\/\\\/www.malagacar.com\\\/nl\\\/blog\\\/#organization\"},\"potentialAction\":[{\"@type\":\"SearchAction\",\"target\":{\"@type\":\"EntryPoint\",\"urlTemplate\":\"https:\\\/\\\/www.malagacar.com\\\/nl\\\/blog\\\/?s={search_term_string}\"},\"query-input\":{\"@type\":\"PropertyValueSpecification\",\"valueRequired\":true,\"valueName\":\"search_term_string\"}}],\"inLanguage\":\"nl-NL\"},{\"@type\":\"Organization\",\"@id\":\"https:\\\/\\\/www.malagacar.com\\\/nl\\\/blog\\\/#organization\",\"name\":\"MalagaCar.com\",\"url\":\"https:\\\/\\\/www.malagacar.com\\\/nl\\\/blog\\\/\",\"logo\":{\"@type\":\"ImageObject\",\"inLanguage\":\"nl-NL\",\"@id\":\"https:\\\/\\\/www.malagacar.com\\\/nl\\\/blog\\\/#\\\/schema\\\/logo\\\/image\\\/\",\"url\":\"https:\\\/\\\/www.malagacar.com\\\/nl\\\/blog\\\/wp-content\\\/uploads\\\/2021\\\/06\\\/logo-malagacar-social.png\",\"contentUrl\":\"https:\\\/\\\/www.malagacar.com\\\/nl\\\/blog\\\/wp-content\\\/uploads\\\/2021\\\/06\\\/logo-malagacar-social.png\",\"width\":900,\"height\":900,\"caption\":\"MalagaCar.com\"},\"image\":{\"@id\":\"https:\\\/\\\/www.malagacar.com\\\/nl\\\/blog\\\/#\\\/schema\\\/logo\\\/image\\\/\"},\"sameAs\":[\"https:\\\/\\\/www.facebook.com\\\/malagacar\",\"https:\\\/\\\/x.com\\\/malagacarcom\",\"https:\\\/\\\/www.instagram.com\\\/malagacar\\\/\",\"https:\\\/\\\/www.linkedin.com\\\/company\\\/malagacar.com\",\"https:\\\/\\\/www.youtube.com\\\/c\\\/MalagacarAirport\"]},{\"@type\":\"Person\",\"@id\":\"https:\\\/\\\/www.malagacar.com\\\/nl\\\/blog\\\/#\\\/schema\\\/person\\\/fbc37b93c0f5bbdaa54a0a4fc59d8b8c\",\"name\":\"MalagaCar.com\",\"image\":{\"@type\":\"ImageObject\",\"inLanguage\":\"nl-NL\",\"@id\":\"https:\\\/\\\/secure.gravatar.com\\\/avatar\\\/296ebc31026e7be05868369e4c596b3239b1582b2fcf8a45de57333e2e82bb82?s=96&d=mm&r=g\",\"url\":\"https:\\\/\\\/secure.gravatar.com\\\/avatar\\\/296ebc31026e7be05868369e4c596b3239b1582b2fcf8a45de57333e2e82bb82?s=96&d=mm&r=g\",\"contentUrl\":\"https:\\\/\\\/secure.gravatar.com\\\/avatar\\\/296ebc31026e7be05868369e4c596b3239b1582b2fcf8a45de57333e2e82bb82?s=96&d=mm&r=g\",\"caption\":\"MalagaCar.com\"},\"sameAs\":[\"https:\\\/\\\/www.malagacar.com\\\/nl\\\/\"]}]}<\/script>\n<!-- \/ Yoast SEO plugin. -->","yoast_head_json":{"title":"Wat te doen in M\u00e1laga in maart 2026 - MalagaCar.com Blog","description":"Maart is het begin van de lente in M\u00e1laga met veel activiteiten voor alle smaken. Ontdek alles wat je kunt doen in M\u00e1laga in maart.","robots":{"index":"index","follow":"follow","max-snippet":"max-snippet:-1","max-image-preview":"max-image-preview:large","max-video-preview":"max-video-preview:-1"},"canonical":"https:\/\/www.malagacar.com\/nl\/blog\/vrije-tijd\/dingen-om-te-doen-in-malaga-in-maart\/","og_locale":"nl_NL","og_type":"article","og_title":"Wat te doen in M\u00e1laga in maart 2026 - MalagaCar.com Blog","og_description":"Maart is het begin van de lente in M\u00e1laga met veel activiteiten voor alle smaken. Ontdek alles wat je kunt doen in M\u00e1laga in maart.","og_url":"https:\/\/www.malagacar.com\/nl\/blog\/vrije-tijd\/dingen-om-te-doen-in-malaga-in-maart\/","og_site_name":"MalagaCar.com Blog","article_publisher":"https:\/\/www.facebook.com\/malagacar","article_published_time":"2026-02-18T05:48:45+00:00","article_modified_time":"2026-03-12T06:42:15+00:00","og_image":[{"width":1000,"height":896,"url":"https:\/\/www.malagacar.com\/nl\/blog\/wp-content\/uploads\/2023\/02\/03-nl.jpg","type":"image\/jpeg"}],"author":"MalagaCar.com","twitter_misc":{"Geschreven door":"MalagaCar.com","Geschatte leestijd":"29 minuten"},"schema":{"@context":"https:\/\/schema.org","@graph":[{"@type":"Article","@id":"https:\/\/www.malagacar.com\/nl\/blog\/vrije-tijd\/dingen-om-te-doen-in-malaga-in-maart\/#article","isPartOf":{"@id":"https:\/\/www.malagacar.com\/nl\/blog\/vrije-tijd\/dingen-om-te-doen-in-malaga-in-maart\/"},"author":{"name":"MalagaCar.com","@id":"https:\/\/www.malagacar.com\/nl\/blog\/#\/schema\/person\/fbc37b93c0f5bbdaa54a0a4fc59d8b8c"},"headline":"Wat te doen in M\u00e1laga in maart 2026","datePublished":"2026-02-18T05:48:45+00:00","dateModified":"2026-03-12T06:42:15+00:00","mainEntityOfPage":{"@id":"https:\/\/www.malagacar.com\/nl\/blog\/vrije-tijd\/dingen-om-te-doen-in-malaga-in-maart\/"},"wordCount":4065,"commentCount":0,"publisher":{"@id":"https:\/\/www.malagacar.com\/nl\/blog\/#organization"},"image":{"@id":"https:\/\/www.malagacar.com\/nl\/blog\/vrije-tijd\/dingen-om-te-doen-in-malaga-in-maart\/#primaryimage"},"thumbnailUrl":"https:\/\/www.malagacar.com\/nl\/blog\/wp-content\/uploads\/2023\/02\/03-nl.jpg","keywords":["Activiteiten","maart","malaga","Wat te doen"],"articleSection":["Vrije Tijd"],"inLanguage":"nl-NL","potentialAction":[{"@type":"CommentAction","name":"Comment","target":["https:\/\/www.malagacar.com\/nl\/blog\/vrije-tijd\/dingen-om-te-doen-in-malaga-in-maart\/#respond"]}]},{"@type":"WebPage","@id":"https:\/\/www.malagacar.com\/nl\/blog\/vrije-tijd\/dingen-om-te-doen-in-malaga-in-maart\/","url":"https:\/\/www.malagacar.com\/nl\/blog\/vrije-tijd\/dingen-om-te-doen-in-malaga-in-maart\/","name":"Wat te doen in M\u00e1laga in maart 2026 - MalagaCar.com Blog","isPartOf":{"@id":"https:\/\/www.malagacar.com\/nl\/blog\/#website"},"primaryImageOfPage":{"@id":"https:\/\/www.malagacar.com\/nl\/blog\/vrije-tijd\/dingen-om-te-doen-in-malaga-in-maart\/#primaryimage"},"image":{"@id":"https:\/\/www.malagacar.com\/nl\/blog\/vrije-tijd\/dingen-om-te-doen-in-malaga-in-maart\/#primaryimage"},"thumbnailUrl":"https:\/\/www.malagacar.com\/nl\/blog\/wp-content\/uploads\/2023\/02\/03-nl.jpg","datePublished":"2026-02-18T05:48:45+00:00","dateModified":"2026-03-12T06:42:15+00:00","description":"Maart is het begin van de lente in M\u00e1laga met veel activiteiten voor alle smaken. Ontdek alles wat je kunt doen in M\u00e1laga in maart.","breadcrumb":{"@id":"https:\/\/www.malagacar.com\/nl\/blog\/vrije-tijd\/dingen-om-te-doen-in-malaga-in-maart\/#breadcrumb"},"inLanguage":"nl-NL","potentialAction":[{"@type":"ReadAction","target":["https:\/\/www.malagacar.com\/nl\/blog\/vrije-tijd\/dingen-om-te-doen-in-malaga-in-maart\/"]}]},{"@type":"ImageObject","inLanguage":"nl-NL","@id":"https:\/\/www.malagacar.com\/nl\/blog\/vrije-tijd\/dingen-om-te-doen-in-malaga-in-maart\/#primaryimage","url":"https:\/\/www.malagacar.com\/nl\/blog\/wp-content\/uploads\/2023\/02\/03-nl.jpg","contentUrl":"https:\/\/www.malagacar.com\/nl\/blog\/wp-content\/uploads\/2023\/02\/03-nl.jpg","width":1000,"height":896},{"@type":"BreadcrumbList","@id":"https:\/\/www.malagacar.com\/nl\/blog\/vrije-tijd\/dingen-om-te-doen-in-malaga-in-maart\/#breadcrumb","itemListElement":[{"@type":"ListItem","position":1,"name":"Home","item":"https:\/\/www.malagacar.com\/nl\/blog\/"},{"@type":"ListItem","position":2,"name":"Wat te doen in M\u00e1laga in maart 2026"}]},{"@type":"WebSite","@id":"https:\/\/www.malagacar.com\/nl\/blog\/#website","url":"https:\/\/www.malagacar.com\/nl\/blog\/","name":"MalagaCar.com Blog","description":"Nieuws en feiten over auto huren op de luchthaven van Malaga.","publisher":{"@id":"https:\/\/www.malagacar.com\/nl\/blog\/#organization"},"potentialAction":[{"@type":"SearchAction","target":{"@type":"EntryPoint","urlTemplate":"https:\/\/www.malagacar.com\/nl\/blog\/?s={search_term_string}"},"query-input":{"@type":"PropertyValueSpecification","valueRequired":true,"valueName":"search_term_string"}}],"inLanguage":"nl-NL"},{"@type":"Organization","@id":"https:\/\/www.malagacar.com\/nl\/blog\/#organization","name":"MalagaCar.com","url":"https:\/\/www.malagacar.com\/nl\/blog\/","logo":{"@type":"ImageObject","inLanguage":"nl-NL","@id":"https:\/\/www.malagacar.com\/nl\/blog\/#\/schema\/logo\/image\/","url":"https:\/\/www.malagacar.com\/nl\/blog\/wp-content\/uploads\/2021\/06\/logo-malagacar-social.png","contentUrl":"https:\/\/www.malagacar.com\/nl\/blog\/wp-content\/uploads\/2021\/06\/logo-malagacar-social.png","width":900,"height":900,"caption":"MalagaCar.com"},"image":{"@id":"https:\/\/www.malagacar.com\/nl\/blog\/#\/schema\/logo\/image\/"},"sameAs":["https:\/\/www.facebook.com\/malagacar","https:\/\/x.com\/malagacarcom","https:\/\/www.instagram.com\/malagacar\/","https:\/\/www.linkedin.com\/company\/malagacar.com","https:\/\/www.youtube.com\/c\/MalagacarAirport"]},{"@type":"Person","@id":"https:\/\/www.malagacar.com\/nl\/blog\/#\/schema\/person\/fbc37b93c0f5bbdaa54a0a4fc59d8b8c","name":"MalagaCar.com","image":{"@type":"ImageObject","inLanguage":"nl-NL","@id":"https:\/\/secure.gravatar.com\/avatar\/296ebc31026e7be05868369e4c596b3239b1582b2fcf8a45de57333e2e82bb82?s=96&d=mm&r=g","url":"https:\/\/secure.gravatar.com\/avatar\/296ebc31026e7be05868369e4c596b3239b1582b2fcf8a45de57333e2e82bb82?s=96&d=mm&r=g","contentUrl":"https:\/\/secure.gravatar.com\/avatar\/296ebc31026e7be05868369e4c596b3239b1582b2fcf8a45de57333e2e82bb82?s=96&d=mm&r=g","caption":"MalagaCar.com"},"sameAs":["https:\/\/www.malagacar.com\/nl\/"]}]}},"_links":{"self":[{"href":"https:\/\/www.malagacar.com\/nl\/blog\/wp-json\/wp\/v2\/posts\/4516","targetHints":{"allow":["GET"]}}],"collection":[{"href":"https:\/\/www.malagacar.com\/nl\/blog\/wp-json\/wp\/v2\/posts"}],"about":[{"href":"https:\/\/www.malagacar.com\/nl\/blog\/wp-json\/wp\/v2\/types\/post"}],"author":[{"embeddable":true,"href":"https:\/\/www.malagacar.com\/nl\/blog\/wp-json\/wp\/v2\/users\/1"}],"replies":[{"embeddable":true,"href":"https:\/\/www.malagacar.com\/nl\/blog\/wp-json\/wp\/v2\/comments?post=4516"}],"version-history":[{"count":42,"href":"https:\/\/www.malagacar.com\/nl\/blog\/wp-json\/wp\/v2\/posts\/4516\/revisions"}],"predecessor-version":[{"id":7209,"href":"https:\/\/www.malagacar.com\/nl\/blog\/wp-json\/wp\/v2\/posts\/4516\/revisions\/7209"}],"wp:featuredmedia":[{"embeddable":true,"href":"https:\/\/www.malagacar.com\/nl\/blog\/wp-json\/wp\/v2\/media\/4517"}],"wp:attachment":[{"href":"https:\/\/www.malagacar.com\/nl\/blog\/wp-json\/wp\/v2\/media?parent=4516"}],"wp:term":[{"taxonomy":"category","embeddable":true,"href":"https:\/\/www.malagacar.com\/nl\/blog\/wp-json\/wp\/v2\/categories?post=4516"},{"taxonomy":"post_tag","embeddable":true,"href":"https:\/\/www.malagacar.com\/nl\/blog\/wp-json\/wp\/v2\/tags?post=4516"}],"curies":[{"name":"wp","href":"https:\/\/api.w.org\/{rel}","templated":true}]}}