{"id":4532,"date":"2026-03-30T09:32:52","date_gmt":"2026-03-30T07:32:52","guid":{"rendered":"https:\/\/www.malagacar.com\/nl\/blog\/?p=4532"},"modified":"2026-04-15T12:05:09","modified_gmt":"2026-04-15T10:05:09","slug":"activiteiten-malaga-in-april","status":"publish","type":"post","link":"https:\/\/www.malagacar.com\/nl\/blog\/vrije-tijd\/activiteiten-malaga-in-april\/","title":{"rendered":"Wat te doen in M\u00e1laga in April 2026"},"content":{"rendered":"<p>Wat te zien in M\u00e1laga in april? Ben je klaar om de lente te vieren? Maak je klaar, deze april in M\u00e1laga zit vol met activiteiten en evenementen, met heel veel muziek!<\/p>\n<p><!--more--><\/p>\n\n            <div class=\"banner\">\n                <div class=\"row\">\n                    <div class=\"col-sm-4\">\n                        <a href=\"\/nl\/autoverhuur\/quote.php\" data-wpel-link=\"internal\"><img decoding=\"async\" src=\"\/images\/banner-img.jpg\" alt=\"malagacar.com\"><\/a>\n                    <\/div>\n                    <div class=\"col-sm-8\">\n                      <a href=\"\/nl\/autoverhuur\/quote.php\" class=\"banner-title\" data-wpel-link=\"internal\">Goede autoverhuur <span>op Malaga Airport<\/span><\/a>   \n                        <div class=\"row\">\n                            <div class=\"col-sm-7\">\n                                <ul>\n                                    <li>Geen tankkosten<\/li>\n                                    <li>Gratis annuleringn<\/li>\n                                    <li>Huren zonder tussenpersonen<\/li>\n                                    <li>Betaal wanneer u de auto ophaalt<\/li>\n                                    <li><\/li>\n                                <\/ul>\n                            <\/div>\n                            <div class=\"col-sm-5\">\n                                <a class=\"btn-banner\" href=\"\/nl\/autoverhuur\/quote.php\" data-wpel-link=\"internal\">Bekijk prijzen<\/a>\n                                <img decoding=\"async\" class=\"zonturent\" src=\"\/images\/zontu-banner.png\" alt=\"\">\n                            <\/div>\n                        <\/div>\n                    <\/div>\n                 <\/div>  \n            <\/div>\n            \n<div id=\"ez-toc-container\" class=\"ez-toc-v2_0_87 counter-hierarchy ez-toc-counter ez-toc-light-blue ez-toc-container-direction\">\n<p class=\"ez-toc-title\" style=\"cursor:inherit\">Inhoudsopgave<\/p>\n<label for=\"ez-toc-cssicon-toggle-item-6a9a4741d0d75\" class=\"ez-toc-cssicon-toggle-label\"><span class=\"\"><span class=\"eztoc-hide\" style=\"display:none;\">Toggle<\/span><span class=\"ez-toc-icon-toggle-span\"><svg style=\"fill: #999;color:#999\" xmlns=\"http:\/\/www.w3.org\/2000\/svg\" class=\"list-377408\" width=\"20px\" height=\"20px\" viewBox=\"0 0 24 24\" fill=\"none\"><path d=\"M6 6H4v2h2V6zm14 0H8v2h12V6zM4 11h2v2H4v-2zm16 0H8v2h12v-2zM4 16h2v2H4v-2zm16 0H8v2h12v-2z\" fill=\"currentColor\"><\/path><\/svg><svg style=\"fill: #999;color:#999\" class=\"arrow-unsorted-368013\" xmlns=\"http:\/\/www.w3.org\/2000\/svg\" width=\"10px\" height=\"10px\" viewBox=\"0 0 24 24\" version=\"1.2\" baseProfile=\"tiny\"><path d=\"M18.2 9.3l-6.2-6.3-6.2 6.3c-.2.2-.3.4-.3.7s.1.5.3.7c.2.2.4.3.7.3h11c.3 0 .5-.1.7-.3.2-.2.3-.5.3-.7s-.1-.5-.3-.7zM5.8 14.7l6.2 6.3 6.2-6.3c.2-.2.3-.5.3-.7s-.1-.5-.3-.7c-.2-.2-.4-.3-.7-.3h-11c-.3 0-.5.1-.7.3-.2.2-.3.5-.3.7s.1.5.3.7z\"\/><\/svg><\/span><\/span><\/label><input type=\"checkbox\"  id=\"ez-toc-cssicon-toggle-item-6a9a4741d0d75\"  aria-label=\"Toggle\" \/><nav><ul class='ez-toc-list ez-toc-list-level-1 ' ><li class='ez-toc-page-1 ez-toc-heading-level-2'><a class=\"ez-toc-link ez-toc-heading-1\" href=\"https:\/\/www.malagacar.com\/nl\/blog\/vrije-tijd\/activiteiten-malaga-in-april\/#Wat_te_doen_in_Malaga_in_April\" data-wpel-link=\"internal\">Wat te doen in M\u00e1laga in April<\/a><ul class='ez-toc-list-level-3' ><li class='ez-toc-heading-level-3'><a class=\"ez-toc-link ez-toc-heading-2\" href=\"https:\/\/www.malagacar.com\/nl\/blog\/vrije-tijd\/activiteiten-malaga-in-april\/#Boekenbeurs_%E2%80%93_Malaga\" data-wpel-link=\"internal\">Boekenbeurs &#8211; M\u00e1laga<\/a><\/li><li class='ez-toc-page-1 ez-toc-heading-level-3'><a class=\"ez-toc-link ez-toc-heading-3\" href=\"https:\/\/www.malagacar.com\/nl\/blog\/vrije-tijd\/activiteiten-malaga-in-april\/#Brunch_Electronic_%E2%80%93_Malaga\" data-wpel-link=\"internal\">Brunch Electronic \u2013 M\u00e1laga<\/a><\/li><li class='ez-toc-page-1 ez-toc-heading-level-3'><a class=\"ez-toc-link ez-toc-heading-4\" href=\"https:\/\/www.malagacar.com\/nl\/blog\/vrije-tijd\/activiteiten-malaga-in-april\/#Skaten_op_straat%E2%80%93_Benalmadena\" data-wpel-link=\"internal\">Skaten op straat\u2013 Benalm\u00e1dena<\/a><\/li><li class='ez-toc-page-1 ez-toc-heading-level-3'><a class=\"ez-toc-link ez-toc-heading-5\" href=\"https:\/\/www.malagacar.com\/nl\/blog\/vrije-tijd\/activiteiten-malaga-in-april\/#%E2%80%98Estepona_beleeft_zijn_straten_%E2%80%93_Estepona\" data-wpel-link=\"internal\">&#8216;Estepona beleeft zijn straten&#8217; \u2013 Estepona<\/a><\/li><li class='ez-toc-page-1 ez-toc-heading-level-3'><a class=\"ez-toc-link ez-toc-heading-6\" href=\"https:\/\/www.malagacar.com\/nl\/blog\/vrije-tijd\/activiteiten-malaga-in-april\/#Internationaal_Festival_der_Naties_%E2%80%93_Fuengirola\" data-wpel-link=\"internal\">Internationaal Festival der Naties\u00a0&#8211; Fuengirola<\/a><\/li><li class='ez-toc-page-1 ez-toc-heading-level-3'><a class=\"ez-toc-link ez-toc-heading-7\" href=\"https:\/\/www.malagacar.com\/nl\/blog\/vrije-tijd\/activiteiten-malaga-in-april\/#Festival_van_Levende_Kunsten_%E2%80%93_Malaga\" data-wpel-link=\"internal\">Festival van Levende Kunsten \u2013 M\u00e1laga<\/a><\/li><li class='ez-toc-page-1 ez-toc-heading-level-3'><a class=\"ez-toc-link ez-toc-heading-8\" href=\"https:\/\/www.malagacar.com\/nl\/blog\/vrije-tijd\/activiteiten-malaga-in-april\/#Passie_voor_de_paardensport_%E2%80%93_Nerja\" data-wpel-link=\"internal\">Passie voor de paardensport \u2013 Nerja<\/a><\/li><li class='ez-toc-page-1 ez-toc-heading-level-3'><a class=\"ez-toc-link ez-toc-heading-9\" href=\"https:\/\/www.malagacar.com\/nl\/blog\/vrije-tijd\/activiteiten-malaga-in-april\/#Afternoon_Tea_in_Hotel_El_Fuerte_%E2%80%93_Marbella\" data-wpel-link=\"internal\">Afternoon Tea in Hotel El Fuerte \u2013 Marbella<\/a><\/li><li class='ez-toc-page-1 ez-toc-heading-level-3'><a class=\"ez-toc-link ez-toc-heading-10\" href=\"https:\/\/www.malagacar.com\/nl\/blog\/vrije-tijd\/activiteiten-malaga-in-april\/#Tahona_Fest_%E2%80%93_Comares\" data-wpel-link=\"internal\">Tahona Fest \u2013 Comares<\/a><\/li><li class='ez-toc-page-1 ez-toc-heading-level-3'><a class=\"ez-toc-link ez-toc-heading-11\" href=\"https:\/\/www.malagacar.com\/nl\/blog\/vrije-tijd\/activiteiten-malaga-in-april\/#Internationale_Dag_van_de_Inwoners_%E2%80%93_Torremolinos\" data-wpel-link=\"internal\">Internationale Dag van de Inwoners \u2013 Torremolinos<\/a><\/li><li class='ez-toc-page-1 ez-toc-heading-level-3'><a class=\"ez-toc-link ez-toc-heading-12\" href=\"https:\/\/www.malagacar.com\/nl\/blog\/vrije-tijd\/activiteiten-malaga-in-april\/#Fietsfestival%E2%80%93_Benalmadena\" data-wpel-link=\"internal\">Fietsfestival\u2013 Benalm\u00e1dena<\/a><\/li><li class='ez-toc-page-1 ez-toc-heading-level-3'><a class=\"ez-toc-link ez-toc-heading-13\" href=\"https:\/\/www.malagacar.com\/nl\/blog\/vrije-tijd\/activiteiten-malaga-in-april\/#Festival_Al-Andalus_%E2%80%93_Pizarra\" data-wpel-link=\"internal\">Festival Al-Andalus \u2013 Pizarra<\/a><\/li><li class='ez-toc-page-1 ez-toc-heading-level-3'><a class=\"ez-toc-link ez-toc-heading-14\" href=\"https:\/\/www.malagacar.com\/nl\/blog\/vrije-tijd\/activiteiten-malaga-in-april\/#Kings_Day_%E2%80%93_Marbella\" data-wpel-link=\"internal\">King\u2019s Day &#8211; Marbella<\/a><\/li><li class='ez-toc-page-1 ez-toc-heading-level-3'><a class=\"ez-toc-link ez-toc-heading-15\" href=\"https:\/\/www.malagacar.com\/nl\/blog\/vrije-tijd\/activiteiten-malaga-in-april\/#ChefsForChildren_%E2%80%93_Marbella\" data-wpel-link=\"internal\">ChefsForChildren &#8211; Marbella<\/a><\/li><li class='ez-toc-page-1 ez-toc-heading-level-3'><a class=\"ez-toc-link ez-toc-heading-16\" href=\"https:\/\/www.malagacar.com\/nl\/blog\/vrije-tijd\/activiteiten-malaga-in-april\/#Theaterfestival_%E2%80%93_Malaga\" data-wpel-link=\"internal\">Theaterfestival \u2013 M\u00e1laga<\/a><\/li><li class='ez-toc-page-1 ez-toc-heading-level-3'><a class=\"ez-toc-link ez-toc-heading-17\" href=\"https:\/\/www.malagacar.com\/nl\/blog\/vrije-tijd\/activiteiten-malaga-in-april\/#Calamorro_Skyrace_%E2%80%93_Benalmadena\" data-wpel-link=\"internal\">Calamorro Skyrace &#8211; Benalm\u00e1dena<\/a><\/li><li class='ez-toc-page-1 ez-toc-heading-level-3'><a class=\"ez-toc-link ez-toc-heading-18\" href=\"https:\/\/www.malagacar.com\/nl\/blog\/vrije-tijd\/activiteiten-malaga-in-april\/#Kersenbloesemfestival_%E2%80%93_Alfarnate\" data-wpel-link=\"internal\">Kersenbloesemfestival\u00a0&#8211; Alfarnate<\/a><\/li><li class='ez-toc-page-1 ez-toc-heading-level-3'><a class=\"ez-toc-link ez-toc-heading-19\" href=\"https:\/\/www.malagacar.com\/nl\/blog\/vrije-tijd\/activiteiten-malaga-in-april\/#Circusmarkt_%E2%80%93_Las_Lagunas_de_Mijas\" data-wpel-link=\"internal\">Circusmarkt\u00a0&#8211; Las Lagunas de Mijas<\/a><\/li><li class='ez-toc-page-1 ez-toc-heading-level-3'><a class=\"ez-toc-link ez-toc-heading-20\" href=\"https:\/\/www.malagacar.com\/nl\/blog\/vrije-tijd\/activiteiten-malaga-in-april\/#Kaarslichtconcerten_%E2%80%93_Malaga\" data-wpel-link=\"internal\">Kaarslichtconcerten &#8211; M\u00e1laga<\/a><\/li><li class='ez-toc-page-1 ez-toc-heading-level-3'><a class=\"ez-toc-link ez-toc-heading-21\" href=\"https:\/\/www.malagacar.com\/nl\/blog\/vrije-tijd\/activiteiten-malaga-in-april\/#Kaarslichtconcerten_%E2%80%93_Marbella\" data-wpel-link=\"internal\">Kaarslichtconcerten &#8211; Marbella<\/a><\/li><li class='ez-toc-page-1 ez-toc-heading-level-3'><a class=\"ez-toc-link ez-toc-heading-22\" href=\"https:\/\/www.malagacar.com\/nl\/blog\/vrije-tijd\/activiteiten-malaga-in-april\/#Volle_maan_in_Hydros_Spa_%E2%80%93_Benalmadena\" data-wpel-link=\"internal\">Volle maan in Hydros Spa &#8211; Benalm\u00e1dena<\/a><\/li><li class='ez-toc-page-1 ez-toc-heading-level-3'><a class=\"ez-toc-link ez-toc-heading-23\" href=\"https:\/\/www.malagacar.com\/nl\/blog\/vrije-tijd\/activiteiten-malaga-in-april\/#Rally_Penas_Blancas_%E2%80%93_Estepona\" data-wpel-link=\"internal\">Rally Pe\u00f1as Blancas &#8211; Estepona<\/a><\/li><li class='ez-toc-page-1 ez-toc-heading-level-3'><a class=\"ez-toc-link ez-toc-heading-24\" href=\"https:\/\/www.malagacar.com\/nl\/blog\/vrije-tijd\/activiteiten-malaga-in-april\/#Plantenbeurs_voor_verzamelaars_%E2%80%93_Benalmadena\" data-wpel-link=\"internal\">Plantenbeurs voor verzamelaars \u2013 Benalm\u00e1dena<\/a><\/li><li class='ez-toc-page-1 ez-toc-heading-level-3'><a class=\"ez-toc-link ez-toc-heading-25\" href=\"https:\/\/www.malagacar.com\/nl\/blog\/vrije-tijd\/activiteiten-malaga-in-april\/#%E2%80%98Op_weg_naar_de_haven_%E2%80%93_Benalmadena\" data-wpel-link=\"internal\">&#8216;Op weg naar de haven&#8217; &#8211; Benalm\u00e1dena<\/a><\/li><li class='ez-toc-page-1 ez-toc-heading-level-3'><a class=\"ez-toc-link ez-toc-heading-26\" href=\"https:\/\/www.malagacar.com\/nl\/blog\/vrije-tijd\/activiteiten-malaga-in-april\/#Wijn_zaterdagen_in_het_museum_%E2%80%93_Malaga\" data-wpel-link=\"internal\">Wijn zaterdagen in het museum &#8211; M\u00e1laga<\/a><\/li><li class='ez-toc-page-1 ez-toc-heading-level-3'><a class=\"ez-toc-link ez-toc-heading-27\" href=\"https:\/\/www.malagacar.com\/nl\/blog\/vrije-tijd\/activiteiten-malaga-in-april\/#Nachtelijk_bezoek_aan_de_Engelse_begraafplaats_%E2%80%93_Malaga\" data-wpel-link=\"internal\">Nachtelijk bezoek aan de Engelse begraafplaats &#8211; M\u00e1laga<\/a><\/li><li class='ez-toc-page-1 ez-toc-heading-level-3'><a class=\"ez-toc-link ez-toc-heading-28\" href=\"https:\/\/www.malagacar.com\/nl\/blog\/vrije-tijd\/activiteiten-malaga-in-april\/#Theatrale_rondleiding_door_de_schatgrot_%E2%80%93_Rincon_de_la_Victoria\" data-wpel-link=\"internal\">Theatrale rondleiding door de schatgrot &#8211; Rinc\u00f3n de la Victoria<\/a><\/li><li class='ez-toc-page-1 ez-toc-heading-level-3'><a class=\"ez-toc-link ez-toc-heading-29\" href=\"https:\/\/www.malagacar.com\/nl\/blog\/vrije-tijd\/activiteiten-malaga-in-april\/#Ambachtelijk_bier_proeven_%E2%80%93_Malaga\" data-wpel-link=\"internal\">Ambachtelijk bier proeven &#8211; M\u00e1laga<\/a><\/li><li class='ez-toc-page-1 ez-toc-heading-level-3'><a class=\"ez-toc-link ez-toc-heading-30\" href=\"https:\/\/www.malagacar.com\/nl\/blog\/vrije-tijd\/activiteiten-malaga-in-april\/#Ammonieten_route_%E2%80%93_Torcal_de_Antequera\" data-wpel-link=\"internal\">Ammonieten route &#8211; Torcal de Antequera<\/a><\/li><\/ul><\/li><li class='ez-toc-page-1 ez-toc-heading-level-2'><a class=\"ez-toc-link ez-toc-heading-31\" href=\"https:\/\/www.malagacar.com\/nl\/blog\/vrije-tijd\/activiteiten-malaga-in-april\/#Pasen_in_Malaga_2026\" data-wpel-link=\"internal\">Pasen in M\u00e1laga 2026<\/a><\/li><li class='ez-toc-page-1 ez-toc-heading-level-2'><a class=\"ez-toc-link ez-toc-heading-32\" href=\"https:\/\/www.malagacar.com\/nl\/blog\/vrije-tijd\/activiteiten-malaga-in-april\/#Straatmarkten_in_Malaga_in_April\" data-wpel-link=\"internal\">Straatmarkten in M\u00e1laga in April<\/a><ul class='ez-toc-list-level-3' ><li class='ez-toc-heading-level-3'><a class=\"ez-toc-link ez-toc-heading-33\" href=\"https:\/\/www.malagacar.com\/nl\/blog\/vrije-tijd\/activiteiten-malaga-in-april\/#Ambachtsmarkt_La_Merced_%E2%80%93_Malaga\" data-wpel-link=\"internal\">Ambachtsmarkt La Merced &#8211; M\u00e1laga<\/a><\/li><li class='ez-toc-page-1 ez-toc-heading-level-3'><a class=\"ez-toc-link ez-toc-heading-34\" href=\"https:\/\/www.malagacar.com\/nl\/blog\/vrije-tijd\/activiteiten-malaga-in-april\/#Stedelijke_markt_Soho_%E2%80%93_Malaga\" data-wpel-link=\"internal\">Stedelijke markt Soho &#8211; M\u00e1laga<\/a><\/li><li class='ez-toc-page-1 ez-toc-heading-level-3'><a class=\"ez-toc-link ez-toc-heading-35\" href=\"https:\/\/www.malagacar.com\/nl\/blog\/vrije-tijd\/activiteiten-malaga-in-april\/#De_Engelse_Megraafplaats_Markt_%E2%80%93_Malaga\" data-wpel-link=\"internal\">De Engelse Megraafplaats Markt \u2013 M\u00e1laga<\/a><\/li><li class='ez-toc-page-1 ez-toc-heading-level-3'><a class=\"ez-toc-link ez-toc-heading-36\" href=\"https:\/\/www.malagacar.com\/nl\/blog\/vrije-tijd\/activiteiten-malaga-in-april\/#Ambachtsmarkt_in_Cartama\" data-wpel-link=\"internal\">Ambachtsmarkt in C\u00e1rtama<\/a><\/li><li class='ez-toc-page-1 ez-toc-heading-level-3'><a class=\"ez-toc-link ez-toc-heading-37\" href=\"https:\/\/www.malagacar.com\/nl\/blog\/vrije-tijd\/activiteiten-malaga-in-april\/#Maandelijkse_markt_%E2%80%93_Corumbela_Axarquia\" data-wpel-link=\"internal\">Maandelijkse markt \u2013 Corumbela, Axarqu\u00eda<\/a><\/li><li class='ez-toc-page-1 ez-toc-heading-level-3'><a class=\"ez-toc-link ez-toc-heading-38\" href=\"https:\/\/www.malagacar.com\/nl\/blog\/vrije-tijd\/activiteiten-malaga-in-april\/#Puerto_Market_%E2%80%93_Benalmadena\" data-wpel-link=\"internal\">Puerto Market \u2013 Benalm\u00e1dena<\/a><\/li><li class='ez-toc-page-1 ez-toc-heading-level-3'><a class=\"ez-toc-link ez-toc-heading-39\" href=\"https:\/\/www.malagacar.com\/nl\/blog\/vrije-tijd\/activiteiten-malaga-in-april\/#Ambachtsmarkt_%E2%80%93_Torrox_Pueblo\" data-wpel-link=\"internal\">Ambachtsmarkt \u2013 Torrox Pueblo<\/a><\/li><li class='ez-toc-page-1 ez-toc-heading-level-3'><a class=\"ez-toc-link ez-toc-heading-40\" href=\"https:\/\/www.malagacar.com\/nl\/blog\/vrije-tijd\/activiteiten-malaga-in-april\/#Vlooienmarkten_en_straatmarkten_in_de_provincie\" data-wpel-link=\"internal\">Vlooienmarkten en straatmarkten in de provincie<\/a><\/li><\/ul><\/li><li class='ez-toc-page-1 ez-toc-heading-level-2'><a class=\"ez-toc-link ez-toc-heading-41\" href=\"https:\/\/www.malagacar.com\/nl\/blog\/vrije-tijd\/activiteiten-malaga-in-april\/#Bezoek_de_Musea_van_Malaga\" data-wpel-link=\"internal\">Bezoek de Musea van M\u00e1laga<\/a><ul class='ez-toc-list-level-3' ><li class='ez-toc-heading-level-3'><a class=\"ez-toc-link ez-toc-heading-42\" href=\"https:\/\/www.malagacar.com\/nl\/blog\/vrije-tijd\/activiteiten-malaga-in-april\/#Gratis_rondleidingen_%E2%80%93_Malaga_Museum\" data-wpel-link=\"internal\">Gratis rondleidingen &#8211; M\u00e1laga Museum<\/a><\/li><li class='ez-toc-page-1 ez-toc-heading-level-3'><a class=\"ez-toc-link ez-toc-heading-43\" href=\"https:\/\/www.malagacar.com\/nl\/blog\/vrije-tijd\/activiteiten-malaga-in-april\/#Rondleidingen_in_de_historische_botanische_tuin_La_Concepcion\" data-wpel-link=\"internal\">Rondleidingen in de historische botanische tuin La Concepci\u00f3n<\/a><\/li><li class='ez-toc-page-1 ez-toc-heading-level-3'><a class=\"ez-toc-link ez-toc-heading-44\" href=\"https:\/\/www.malagacar.com\/nl\/blog\/vrije-tijd\/activiteiten-malaga-in-april\/#Bezoek_aan_de_Victoria_brouwerij_%E2%80%93_Malaga\" data-wpel-link=\"internal\">Bezoek aan de Victoria brouwerij &#8211; M\u00e1laga<\/a><\/li><li class='ez-toc-page-1 ez-toc-heading-level-3'><a class=\"ez-toc-link ez-toc-heading-45\" href=\"https:\/\/www.malagacar.com\/nl\/blog\/vrije-tijd\/activiteiten-malaga-in-april\/#Gedramatiseerde_nachtelijke_rondleidingen_Automobielmuseum_%E2%80%93_Malaga\" data-wpel-link=\"internal\">Gedramatiseerde nachtelijke rondleidingen Automobielmuseum &#8211; M\u00e1laga<\/a><\/li><\/ul><\/li><li class='ez-toc-page-1 ez-toc-heading-level-2'><a class=\"ez-toc-link ez-toc-heading-46\" href=\"https:\/\/www.malagacar.com\/nl\/blog\/vrije-tijd\/activiteiten-malaga-in-april\/#Marenostrum_Fuengirola_concerten_deze_zomer\" data-wpel-link=\"internal\">Marenostrum Fuengirola concerten deze zomer<\/a><\/li><li class='ez-toc-page-1 ez-toc-heading-level-2'><a class=\"ez-toc-link ez-toc-heading-47\" href=\"https:\/\/www.malagacar.com\/nl\/blog\/vrije-tijd\/activiteiten-malaga-in-april\/#Concerten_Starlite_Marbella_deze_zomer\" data-wpel-link=\"internal\">Concerten Starlite Marbella deze zomer<\/a><\/li><li class='ez-toc-page-1 ez-toc-heading-level-2'><a class=\"ez-toc-link ez-toc-heading-48\" href=\"https:\/\/www.malagacar.com\/nl\/blog\/vrije-tijd\/activiteiten-malaga-in-april\/#Muziekfestivals_aan_de_Costa_del_Sol_2026\" data-wpel-link=\"internal\">Muziekfestivals aan de Costa del Sol 2026<\/a><\/li><li class='ez-toc-page-1 ez-toc-heading-level-2'><a class=\"ez-toc-link ez-toc-heading-49\" href=\"https:\/\/www.malagacar.com\/nl\/blog\/vrije-tijd\/activiteiten-malaga-in-april\/#Beach_Clubs_Seizoensopening\" data-wpel-link=\"internal\">Beach Clubs Seizoensopening<\/a><\/li><li class='ez-toc-page-1 ez-toc-heading-level-2'><a class=\"ez-toc-link ez-toc-heading-50\" href=\"https:\/\/www.malagacar.com\/nl\/blog\/vrije-tijd\/activiteiten-malaga-in-april\/#Gastronomische_festivals_in_Malaga_in_April\" data-wpel-link=\"internal\">Gastronomische festivals in M\u00e1laga in April<\/a><ul class='ez-toc-list-level-3' ><li class='ez-toc-heading-level-3'><a class=\"ez-toc-link ez-toc-heading-51\" href=\"https:\/\/www.malagacar.com\/nl\/blog\/vrije-tijd\/activiteiten-malaga-in-april\/#Kaasbeurs_%E2%80%93_Estepona\" data-wpel-link=\"internal\">Kaasbeurs \u2013 Estepona<\/a><\/li><li class='ez-toc-page-1 ez-toc-heading-level-3'><a class=\"ez-toc-link ez-toc-heading-52\" href=\"https:\/\/www.malagacar.com\/nl\/blog\/vrije-tijd\/activiteiten-malaga-in-april\/#Route_langs_typische_gerechten_van_Malaga_tijdens_de_vastenperiode\" data-wpel-link=\"internal\">Route langs typische gerechten van M\u00e1laga tijdens de vastenperiode<\/a><\/li><li class='ez-toc-page-1 ez-toc-heading-level-3'><a class=\"ez-toc-link ez-toc-heading-53\" href=\"https:\/\/www.malagacar.com\/nl\/blog\/vrije-tijd\/activiteiten-malaga-in-april\/#Ajobacacalao-route_in_Velez-Malaga\" data-wpel-link=\"internal\">Ajobacacalao-route in V\u00e9lez-M\u00e1laga<\/a><\/li><li class='ez-toc-page-1 ez-toc-heading-level-3'><a class=\"ez-toc-link ez-toc-heading-54\" href=\"https:\/\/www.malagacar.com\/nl\/blog\/vrije-tijd\/activiteiten-malaga-in-april\/#%E2%80%9CProef_Casares%E2%80%9D_%E2%80%93_Casares\" data-wpel-link=\"internal\">\u201cProef Casares\u201d &#8211; Casares<\/a><\/li><li class='ez-toc-page-1 ez-toc-heading-level-3'><a class=\"ez-toc-link ez-toc-heading-55\" href=\"https:\/\/www.malagacar.com\/nl\/blog\/vrije-tijd\/activiteiten-malaga-in-april\/#Aspergedag_%E2%80%93_Sierra_de_Yeguas\" data-wpel-link=\"internal\">Aspergedag &#8211; Sierra de Yeguas<\/a><\/li><li class='ez-toc-page-1 ez-toc-heading-level-3'><a class=\"ez-toc-link ez-toc-heading-56\" href=\"https:\/\/www.malagacar.com\/nl\/blog\/vrije-tijd\/activiteiten-malaga-in-april\/#Bloedworstdag_%E2%80%93_Canillas_de_Aceituno\" data-wpel-link=\"internal\">Bloedworstdag &#8211; Canillas de Aceituno<\/a><\/li><li class='ez-toc-page-1 ez-toc-heading-level-3'><a class=\"ez-toc-link ez-toc-heading-57\" href=\"https:\/\/www.malagacar.com\/nl\/blog\/vrije-tijd\/activiteiten-malaga-in-april\/#Pipeo_Dag_%E2%80%93_Casarabonela\" data-wpel-link=\"internal\">Pipeo Dag &#8211; Casarabonela<\/a><\/li><li class='ez-toc-page-1 ez-toc-heading-level-3'><a class=\"ez-toc-link ez-toc-heading-58\" href=\"https:\/\/www.malagacar.com\/nl\/blog\/vrije-tijd\/activiteiten-malaga-in-april\/#Bonendag_%E2%80%93_Villanueva_de_la_Concepcion\" data-wpel-link=\"internal\">Bonendag &#8211; Villanueva de la Concepci\u00f3n<\/a><\/li><li class='ez-toc-page-1 ez-toc-heading-level-3'><a class=\"ez-toc-link ez-toc-heading-59\" href=\"https:\/\/www.malagacar.com\/nl\/blog\/vrije-tijd\/activiteiten-malaga-in-april\/#Plattelandsfestival_%E2%80%93_Benamargosa\" data-wpel-link=\"internal\">Plattelandsfestival &#8211; Benamargosa<\/a><\/li><li class='ez-toc-page-1 ez-toc-heading-level-3'><a class=\"ez-toc-link ez-toc-heading-60\" href=\"https:\/\/www.malagacar.com\/nl\/blog\/vrije-tijd\/activiteiten-malaga-in-april\/#Dag_van_de_Olijfolie_%E2%80%93_Periana\" data-wpel-link=\"internal\">Dag van de Olijfolie \u2013 Periana<\/a><\/li><\/ul><\/li><li class='ez-toc-page-1 ez-toc-heading-level-2'><a class=\"ez-toc-link ez-toc-heading-61\" href=\"https:\/\/www.malagacar.com\/nl\/blog\/vrije-tijd\/activiteiten-malaga-in-april\/#Het_Weer_in_Malaga_in_April\" data-wpel-link=\"internal\">Het Weer in M\u00e1laga in April<\/a><ul class='ez-toc-list-level-3' ><li class='ez-toc-heading-level-3'><a class=\"ez-toc-link ez-toc-heading-62\" href=\"https:\/\/www.malagacar.com\/nl\/blog\/vrije-tijd\/activiteiten-malaga-in-april\/#Dus_welk_weer_wacht_ons_in_april\" data-wpel-link=\"internal\">Dus, welk weer wacht ons in april?<\/a><\/li><li class='ez-toc-page-1 ez-toc-heading-level-3'><a class=\"ez-toc-link ez-toc-heading-63\" href=\"https:\/\/www.malagacar.com\/nl\/blog\/vrije-tijd\/activiteiten-malaga-in-april\/#Welke_kleding_moet_ik_meenemen\" data-wpel-link=\"internal\">Welke kleding moet ik meenemen?<\/a><\/li><\/ul><\/li><\/ul><\/nav><\/div>\n<h2><span class=\"ez-toc-section\" id=\"Wat_te_doen_in_Malaga_in_April\"><\/span>Wat te doen in M\u00e1laga in April<span class=\"ez-toc-section-end\"><\/span><\/h2>\n<h3><span class=\"ez-toc-section\" id=\"Boekenbeurs_%E2%80%93_Malaga\"><\/span>Boekenbeurs &#8211; M\u00e1laga<span class=\"ez-toc-section-end\"><\/span><\/h3>\n<p><img loading=\"lazy\" decoding=\"async\" class=\"alignnone size-large wp-image-19314\" src=\"https:\/\/www.malagacar.com\/sp\/blog\/wp-content\/uploads\/2026\/03\/feria-del-libro-1024x316.jpg\" alt=\"Feria del Libro - M\u00e1laga\" width=\"750\" height=\"231\" \/><\/p>\n<p>Bezoek de Boekenbeurs op Paseo del Parque, op een steenworp afstand van het historische centrum en de zee. De Boekenbeurs, een van de belangrijkste literaire evenementen van de stad, viert dit jaar haar 55e editie met een gevarieerd programma vol activiteiten, boekpresentaties, lezingen en optredens van nationale en internationale auteurs.<\/p>\n<ul>\n<li>Meer <a href=\"https:\/\/ferialibromalaga.com\/\" data-wpel-link=\"external\" target=\"_blank\" rel=\"external noopener noreferrer\" class=\"ext-link wpel-icon-right\"><strong>informatie en programma<\/strong><span class=\"wpel-icon wpel-image wpel-icon-2\"><\/span><\/a><\/li>\n<li>Wanneer: 30 april tot en met 10 mei<\/li>\n<li>Waar: Paseo del Parque, M\u00e1laga<\/li>\n<li><a href=\"https:\/\/maps.app.goo.gl\/3FzFxRJq34pTwQGg6\" data-wpel-link=\"external\" target=\"_blank\" rel=\"external noopener noreferrer\" class=\"ext-link wpel-icon-right\"><strong>Hoe er te komen<\/strong><span class=\"wpel-icon wpel-image wpel-icon-2\"><\/span><\/a><\/li>\n<\/ul>\n<h3><span class=\"ez-toc-section\" id=\"Brunch_Electronic_%E2%80%93_Malaga\"><\/span>Brunch Electronic \u2013 M\u00e1laga<span class=\"ez-toc-section-end\"><\/span><\/h3>\n<p><img loading=\"lazy\" decoding=\"async\" class=\"alignnone size-large wp-image-19309\" src=\"https:\/\/www.malagacar.com\/sp\/blog\/wp-content\/uploads\/2025\/04\/brunch-electronic-1024x544.jpg\" alt=\"Brunch Electronic \u2013 M\u00e1laga\" width=\"750\" height=\"398\" \/><\/p>\n<p>Fans van geweldige internationale elektronische muziek kunnen dit populaire evenement niet missen. Brunch Electronic vindt in het voorjaar en najaar permanent plaats op het openluchtterrein van het Cortijo de Torres Auditorium in M\u00e1laga.<\/p>\n<p>Wat dit evenement uniek maakt, is dat het plaatsvindt op zaterdagmiddagen, in een &#8220;dayparty&#8221;-formaat van 18:00 tot 02:00 uur. Het festival staat ook bekend om zijn positieve sfeer, duurzaamheid, gemeenschapszin en inclusiviteit. Als je van dansen op techno en house houdt, kom dan zeker langs \u2013 je zult het geweldig vinden. Op het terrein zijn ook rustplekken en eetgelegenheden te vinden.<\/p>\n<ul>\n<li><a href=\"https:\/\/malaga.brunchelectronik.com\/\" data-wpel-link=\"external\" target=\"_blank\" rel=\"external noopener noreferrer\" class=\"ext-link wpel-icon-right\"><strong>Tickets<\/strong><span class=\"wpel-icon wpel-image wpel-icon-2\"><\/span><\/a><\/li>\n<li>Wanneer: 18 en 25 april, 2 mei<\/li>\n<li>Waar: Gemeentelijk auditorium Cortijo de Torres, M\u00e1laga<\/li>\n<li><a href=\"https:\/\/maps.app.goo.gl\/6cLKeUZQH9GwtxeUA\" data-wpel-link=\"external\" target=\"_blank\" rel=\"external noopener noreferrer\" class=\"ext-link wpel-icon-right\"><strong>Hoe er te komen<\/strong><span class=\"wpel-icon wpel-image wpel-icon-2\"><\/span><\/a><\/li>\n<\/ul>\n<h3><span class=\"ez-toc-section\" id=\"Skaten_op_straat%E2%80%93_Benalmadena\"><\/span>Skaten op straat\u2013 Benalm\u00e1dena<span class=\"ez-toc-section-end\"><\/span><\/h3>\n<p><img loading=\"lazy\" decoding=\"async\" class=\"alignnone size-large wp-image-19287\" src=\"https:\/\/www.malagacar.com\/sp\/blog\/wp-content\/uploads\/2026\/03\/Patina-en-la-calle-Benalmadena-1024x728.jpg\" alt=\"Patina en la Calle \u2013 Benalm\u00e1dena\" width=\"750\" height=\"533\" \/><\/p>\n<p>Doe mee aan een van de populairste sportevenementen in Benalm\u00e1dena tijdens de zomermaanden: street skating!<\/p>\n<p>Deze gratis activiteit, die nu voor de zestiende keer wordt georganiseerd, is toegankelijk voor alle leeftijden. Trek je skates aan en geniet van een route door de straten van de stad, die voor het verkeer zijn afgesloten.<\/p>\n<h4>Het evenement vindt plaats in Arroyo de la Miel op de volgende data:<\/h4>\n<p>10 april, 8 mei en 12 juni, om 20:00 uur, met startpunt Casa de la Cultura (Cultureel Centrum) in Arroyo de la Miel.<\/p>\n<ul>\n<li>Wanneer: 10 april, 8 mei en 12 juni, om 20:00 uur<\/li>\n<li>Waar: Vertrek vanaf Casa de la Cultura in Arroyo de la Miel<\/li>\n<li><a href=\"https:\/\/maps.app.goo.gl\/zuTBf9Q44V89u3uw9\" data-wpel-link=\"external\" target=\"_blank\" rel=\"external noopener noreferrer\" class=\"ext-link wpel-icon-right\"><strong>Hoe er te komen<\/strong><span class=\"wpel-icon wpel-image wpel-icon-2\"><\/span><\/a><\/li>\n<\/ul>\n<h3><span class=\"ez-toc-section\" id=\"%E2%80%98Estepona_beleeft_zijn_straten_%E2%80%93_Estepona\"><\/span>&#8216;Estepona beleeft zijn straten&#8217; \u2013 Estepona<span class=\"ez-toc-section-end\"><\/span><\/h3>\n<p><img loading=\"lazy\" decoding=\"async\" class=\"alignnone wp-image-19260\" src=\"https:\/\/www.malagacar.com\/sp\/blog\/wp-content\/uploads\/2026\/03\/Estepona-vive-sus-calles.jpg\" alt=\"'Estepona vive sus calles' \u2013 Estepona\" width=\"500\" height=\"721\" \/><\/p>\n<p>Grijp de kans om Estepona te ontdekken, de stad die de laatste jaren ook wel bekendstaat als &#8220;de tuin van de Costa del Sol&#8221;, tijdens deze nieuwe editie van &#8216;Estepona Lives Its Streets&#8217;.<\/p>\n<p>Het evenement vindt plaats van 17 tot en met 19 april in de straten en op de pleinen van de stad, met een gevarieerd programma voor alle leeftijden. Hoogtepunten zijn onder andere een kaasmarkt, gratis concerten, de Nationale Ham Snijwedstrijd en kindervoorstellingen.<\/p>\n<h4>Programma<\/h4>\n<p><strong>Vrijdag 17 mei<\/strong><\/p>\n<ul>\n<li>Van 12.00 tot 22.00 uur. C\/ Real. POPI Kaasbeurs, Een Proefje van M\u00e1laga.<\/li>\n<li>Van 20.00 tot 23.00 uur. 15e Tapasroute, Geniet van Estepona. Haal je &#8220;paspoort&#8221; op bij het VVV-kantoor en deelnemende restaurants en doe mee aan de wedstrijd &#8220;Beste Tapas&#8221;. Er zijn tientallen prijzen te winnen!<\/li>\n<li>20.00 uur. Theatervoorstelling in de Orchidee\u00ebntuin.<\/li>\n<li>20.00 uur. Plaza Antonia Guerrero. Concert van het koor van de Scandinavische School uit Madrid.<\/li>\n<li>20.00 uur. Plaza Casa Ca\u00f1ada. Kamermuziekconcert.<\/li>\n<\/ul>\n<p><strong>Zaterdag 18 mei<\/strong><\/p>\n<ul>\n<li>12:00 uur. Plaza Antonia Guerrero. Kindershow met clowns en entertainment.<\/li>\n<li>12:00 uur tot 22:00 uur. Call Real. 11e jaarlijkse kaasbeurs, &#8220;Sabor a M\u00e1laga&#8221; (Smaak van Malaga).<\/li>\n<li>13.00 uur tot 16.00 uur en 20.00 uur tot 23.00 uur. 15e jaarlijkse tapasroute, &#8220;Saborea Estepona&#8221; (Smaak Estepona).<\/li>\n<li>18.00 uur. Calle Terraza. Stedelijke dansvoorstelling.<\/li>\n<li>19.00 uur. Casa de las Tejerinas, Plaza de Las Flores. Flamenco-zangoptreden.<\/li>\n<li>20:00 uur. Calle Montemayor, wijk Cancelada. Flamenco-modeshow.<\/li>\n<li>20:00 uur. Plaza Antonia Guerrero. Liveconcerten met onvergetelijke melodie\u00ebn uit de jaren 50 en 60.<\/li>\n<li>20:00 uur. Diana-winkelcentrum, wijk Nueva Atalaya. Monica Garrido in concert.<\/li>\n<li>21.30 uur. Calle Montemayor, district Cancelada. Optreden van de band Kalima.<\/li>\n<li>22.00 uur. Plaza Ajedrez. Liveconcert van Chenoa. Bij regen wordt het concert gehouden op de stand van de stad op het beursterrein.<\/li>\n<\/ul>\n<p><strong>Zondag 19 mei<\/strong><\/p>\n<ul>\n<li>Van 12:00 tot 18:00 uur. Promenade, naast het beeld &#8220;Hond I&#8221;. Kinderfestival met een voorstelling, speurtocht, springkussens, workshop tijdelijke tatoeages, schminken, ballonnen vouwen en knutselen.<\/li>\n<li>Van 12:00 tot 16:00 uur. Calle Real. Nationale Ham Snijwedstrijd.<\/li>\n<li>Van 12:00 tot 22:00 uur. Calle Real. Kaasbeurs &#8220;Smaak van M\u00e1laga&#8221;.<\/li>\n<li>Van 13:00 tot 16:00 uur. 15e jaarlijkse &#8220;Savor Estepona&#8221; Tapasroute.<\/li>\n<\/ul>\n<ul>\n<li>When: April 17-19<\/li>\n<li>Where: Estepona<\/li>\n<li><a href=\"https:\/\/maps.app.goo.gl\/gQ6aJSxzBiLqPfDJ7\" data-wpel-link=\"external\" target=\"_blank\" rel=\"external noopener noreferrer\" class=\"ext-link wpel-icon-right\"><strong>How to get there<\/strong><span class=\"wpel-icon wpel-image wpel-icon-2\"><\/span><\/a><\/li>\n<\/ul>\n<h3><span class=\"ez-toc-section\" id=\"Internationaal_Festival_der_Naties_%E2%80%93_Fuengirola\"><\/span>Internationaal Festival der Naties\u00a0&#8211; Fuengirola<span class=\"ez-toc-section-end\"><\/span><\/h3>\n<p><img loading=\"lazy\" decoding=\"async\" class=\"alignnone wp-image-6202\" src=\"https:\/\/www.malagacar.com\/nl\/blog\/wp-content\/uploads\/2025\/03\/feria-paises-nl.jpg\" alt=\"Internationaal Festival van de Naties Fuengirola 2025\" width=\"531\" height=\"531\" srcset=\"https:\/\/www.malagacar.com\/nl\/blog\/wp-content\/uploads\/2025\/03\/feria-paises-nl.jpg 1200w, https:\/\/www.malagacar.com\/nl\/blog\/wp-content\/uploads\/2025\/03\/feria-paises-nl-300x300.jpg 300w, https:\/\/www.malagacar.com\/nl\/blog\/wp-content\/uploads\/2025\/03\/feria-paises-nl-1024x1024.jpg 1024w, https:\/\/www.malagacar.com\/nl\/blog\/wp-content\/uploads\/2025\/03\/feria-paises-nl-150x150.jpg 150w, https:\/\/www.malagacar.com\/nl\/blog\/wp-content\/uploads\/2025\/03\/feria-paises-nl-768x768.jpg 768w, https:\/\/www.malagacar.com\/nl\/blog\/wp-content\/uploads\/2025\/03\/feria-paises-nl-125x125.jpg 125w\" sizes=\"auto, (max-width: 531px) 100vw, 531px\" \/><\/p>\n<p>Reis in 4 dagen de wereld rond tijdens een van de populairste, kleurrijkste en leukste evenementen aan de Costa del Sol!<\/p>\n<p>Elk jaar brengt Fuengirola een eerbetoon aan haar inwoners van meer dan 100 verschillende nationaliteiten tijdens dit geweldige festival, waar je de cultuur, gastronomie, ambachten en folklore van meer dan 30 deelnemende landen kunt leren kennen en ervan kunt genieten.<\/p>\n<p>De Internationale Landenbeurs van Fuengirola vindt dit jaar plaats van 29 april tot en met 3 mei in het beursgebouw van Fuengirola. De kleurrijke openingsparade \u2013 die u niet mag missen! \u2013 vindt plaats op 1 mei.<\/p>\n<ul>\n<li>Alles wat je moet weten om optimaal te genieten van dit grootse evenement, in onze speciale editie <a href=\"https:\/\/www.malagacar.com\/nl\/blog\/vrije-tijd\/internationaal-festival-van-de-naties-fuengirola\/\" data-wpel-link=\"internal\"><strong>Internationaal Festival der Naties Fuengirola 2026<\/strong><\/a>.<\/li>\n<li>Wanneer: 29 april tot en met 3 mei<\/li>\n<li>Waar: Festivalterrein Fuengirola<\/li>\n<li><a href=\"https:\/\/maps.app.goo.gl\/EEXqBisngDpcbmQXA\" data-wpel-link=\"external\" target=\"_blank\" rel=\"external noopener noreferrer\" class=\"ext-link wpel-icon-right\"><strong>Hoe er te komen<\/strong><span class=\"wpel-icon wpel-image wpel-icon-2\"><\/span><\/a><\/li>\n<\/ul>\n<h3><span class=\"ez-toc-section\" id=\"Festival_van_Levende_Kunsten_%E2%80%93_Malaga\"><\/span>Festival van Levende Kunsten \u2013 M\u00e1laga<span class=\"ez-toc-section-end\"><\/span><\/h3>\n<p><img loading=\"lazy\" decoding=\"async\" class=\"alignnone size-large wp-image-19229\" src=\"https:\/\/www.malagacar.com\/sp\/blog\/wp-content\/uploads\/2026\/03\/Festival-de-Artes-Vivas-1024x576.jpg\" alt=\"Festival de Artes Vivas \u2013 M\u00e1laga\" width=\"750\" height=\"422\" \/><\/p>\n<p>De tweede editie van het Festival van Live Kunsten (FAV) transformeert verschillende <a href=\"https:\/\/www.malagacar.com\/nl\/blog\/vrije-tijd\/beste-musea-in-malaga\/\" data-wpel-link=\"internal\"><strong>musea in M\u00e1laga<\/strong><\/a> tot een groots podium voor hedendaagse kunst.<\/p>\n<p>Het festival vindt plaats van 13 tot en met 25 april en biedt onder andere voorstellingen, dans, theater en interactieve workshops in het Centre Pompidou M\u00e1laga, het Picasso Geboortemuseum, de Russische Museumcollectie \/ MEET en het MUCAC La Coracha.<\/p>\n<ul>\n<li>Het volledige programma vindt u via <a href=\"https:\/\/www.centrepompidou-malaga.eu\/wp-content\/uploads\/folletos\/programacion_festival_artes_vivas_web.pdf\" data-wpel-link=\"external\" target=\"_blank\" rel=\"external noopener noreferrer\" class=\"ext-link wpel-icon-right\"><strong>deze link<\/strong><span class=\"wpel-icon wpel-image wpel-icon-2\"><\/span><\/a><\/li>\n<\/ul>\n<h3><span class=\"ez-toc-section\" id=\"Passie_voor_de_paardensport_%E2%80%93_Nerja\"><\/span>Passie voor de paardensport \u2013 Nerja<span class=\"ez-toc-section-end\"><\/span><\/h3>\n<p><img loading=\"lazy\" decoding=\"async\" class=\"alignnone size-full wp-image-19230\" src=\"https:\/\/www.malagacar.com\/sp\/blog\/wp-content\/uploads\/2026\/03\/Pasion-ecuestre-Nerja.jpg\" alt=\"Pasi\u00f3n Ecuestre \u2013 Nerja\" width=\"417\" height=\"590\" \/><\/p>\n<p>Op 11 en 12 april viert Nerja een van de hoogtepunten van haar lokale culturele en sportieve kalender. Tijdens &#8220;Equestrian Passion&#8221; kunt u genieten van dressuurdemonstraties, diverse paardensportdisciplines en de deelname van verschillende paarden- en muilezelrassen.<\/p>\n<p>Het evenement vindt buiten plaats op het strand van El Playazo.<\/p>\n<ul>\n<li>Wanneer: 11 en 12 april, van 10:00 uur tot middernacht<\/li>\n<li>Waar: Playazo-strand, Nerja<\/li>\n<li><a href=\"https:\/\/maps.app.goo.gl\/v81rQAV5hvGkMs8Q7\" data-wpel-link=\"external\" target=\"_blank\" rel=\"external noopener noreferrer\" class=\"ext-link wpel-icon-right\"><strong>Hoe er te komen<\/strong><span class=\"wpel-icon wpel-image wpel-icon-2\"><\/span><\/a><\/li>\n<\/ul>\n<h3><span class=\"ez-toc-section\" id=\"Afternoon_Tea_in_Hotel_El_Fuerte_%E2%80%93_Marbella\"><\/span>Afternoon Tea in Hotel El Fuerte \u2013 Marbella<span class=\"ez-toc-section-end\"><\/span><\/h3>\n<p><img loading=\"lazy\" decoding=\"async\" class=\"alignnone size-full wp-image-19140\" src=\"https:\/\/www.malagacar.com\/sp\/blog\/wp-content\/uploads\/2025\/03\/afternoon-tea-el-fuerte.jpeg\" alt=\"Afternoon Tea en el Hotel El Fuerte \u2013 Marbella\" width=\"1000\" height=\"667\" \/><\/p>\n<p>Dit 5-sterrenhotel in Marbella heeft een nieuwe, elegante optie aan zijn programma toegevoegd, gebaseerd op de verfijnde Engelse afternoon tea. Elke middag van 16:00 tot 19:00 uur kunt u genieten van &#8220;Afternoon Tea Time&#8221; in een bevoorrechte omgeving aan zee.<\/p>\n<p>In deze elegante setting vindt u verfijnd porselein, versgebakken gebak, hartige hapjes en een zorgvuldig samengestelde selectie thee\u00ebn en infusies. Voor wie het extra speciaal wil maken, kan een glas Taittinger Brut R\u00e9serve of een kaviaararrangement worden toegevoegd.<\/p>\n<p>Reserveren is verplicht, minimaal 24 uur van tevoren, door te bellen naar +34 952 861 500 of door een e-mail te sturen naar <a href=\"mailto:guex@elfuertemarbella.com\"><strong>guex@elfuertemarbella.com<\/strong><\/a> (Gastenservice).<\/p>\n<ul>\n<li>Wanneer: Elke middag van 16:00 tot 19:00 uur<\/li>\n<li>Waar: Hotel El Fuerte, Marbella<\/li>\n<li><a href=\"https:\/\/maps.app.goo.gl\/iVD7vsBXRCALJrRb6\" data-wpel-link=\"external\" target=\"_blank\" rel=\"external noopener noreferrer\" class=\"ext-link wpel-icon-right\"><strong>Hoe er te komen<\/strong><span class=\"wpel-icon wpel-image wpel-icon-2\"><\/span><\/a><\/li>\n<\/ul>\n<h3><span class=\"ez-toc-section\" id=\"Tahona_Fest_%E2%80%93_Comares\"><\/span>Tahona Fest \u2013 Comares<span class=\"ez-toc-section-end\"><\/span><\/h3>\n<p><img loading=\"lazy\" decoding=\"async\" class=\"alignnone size-large wp-image-19156\" src=\"https:\/\/www.malagacar.com\/sp\/blog\/wp-content\/uploads\/2025\/03\/tahona-fest-Comares-1024x536.jpg\" alt=\"Tahona Fest \u2013 Comares\" width=\"750\" height=\"393\" \/><\/p>\n<p>Combineer een bezoek aan het witte dorp Comares met een gratis muziekfestival! Het is de perfecte gelegenheid om de charme van Comares te ontdekken en tegelijkertijd te genieten van optredens van Spaanse artiesten.<\/p>\n<p><a href=\"https:\/\/www.malagacar.com\/nl\/blog\/tips\/schoonste-dorpen-van-de-axarquia\/#Comares_de_oude_hoofdstad_van_de_Axarquia\" data-wpel-link=\"internal\"><strong>Comares<\/strong><\/a>, de voormalige hoofdstad van de regio Axarqu\u00eda, is een adembenemend uitkijkpunt op meer dan 700 meter boven zeeniveau, ook wel bekend als het balkon van Axarqu\u00eda. Vanaf daar kunt u genieten van een prachtig uitzicht op de bergen en de kust.<\/p>\n<p>Dit jaar organiseert het dorp de eerste editie van Tahona Fest, met rock- en mestizo-muziekconcerten in de straten en op de pleinen. Alle concerten zijn volledig gratis.<\/p>\n<ul>\n<li>Wanneer: 18 april<\/li>\n<li>Waar: Comares<\/li>\n<li><a href=\"https:\/\/maps.app.goo.gl\/ei5wTSzWLYaFaGNg9\" data-wpel-link=\"external\" target=\"_blank\" rel=\"external noopener noreferrer\" class=\"ext-link wpel-icon-right\"><strong>Hoe er te komen<\/strong><span class=\"wpel-icon wpel-image wpel-icon-2\"><\/span><\/a><\/li>\n<\/ul>\n<h3><span class=\"ez-toc-section\" id=\"Internationale_Dag_van_de_Inwoners_%E2%80%93_Torremolinos\"><\/span>Internationale Dag van de Inwoners \u2013 Torremolinos<span class=\"ez-toc-section-end\"><\/span><\/h3>\n<p><img loading=\"lazy\" decoding=\"async\" class=\"alignnone wp-image-19158\" src=\"https:\/\/www.malagacar.com\/sp\/blog\/wp-content\/uploads\/2025\/03\/Jornadas-reisdente-Torremolinos.jpg\" alt=\"Jornadas del Residente \u2013 Torremolinos\" width=\"491\" height=\"491\" \/><\/p>\n<p>Torremolinos viert opnieuw de unieke Dag van de Bewoners. Dit festival is een eerbetoon aan de diverse culturen die in de gemeente aanwezig zijn, net als het populaire <a href=\"https:\/\/www.malagacar.com\/nl\/blog\/vrije-tijd\/internationaal-festival-van-de-naties-fuengirola\/\" data-wpel-link=\"internal\"><strong>Internationale Festival der Naties in Fuengirola<\/strong><\/a>. Deze versie vindt plaats op een veel kleinere schaal, maar is desalniettemin kleurrijk en leuk. En bovendien vindt het plaats aan zee!<\/p>\n<p>De populaire wijk La Carihuela, met name Plaza del Remo, biedt in het weekend van 10 tot en met 12 april gastronomie, ambachten en muziek uit bijna 20 landen.<\/p>\n<p>Er zijn live muziekoptredens en proeverijen van typische producten uit onder andere Venezuela, Mexico, Peru, Ecuador, China, Colombia, Duitsland, Marokko, de Filipijnen en India. De toegang is gratis.<\/p>\n<ul>\n<li>Wanneer: 10 t\/m 12 april<\/li>\n<li>Waar: Plaza del Remo, Torremolinos<\/li>\n<li><a href=\"https:\/\/maps.app.goo.gl\/bo54wCHs4WBTo38q8\" data-wpel-link=\"external\" target=\"_blank\" rel=\"external noopener noreferrer\" class=\"ext-link wpel-icon-right\"><strong>Hoe er te komen<\/strong><span class=\"wpel-icon wpel-image wpel-icon-2\"><\/span><\/a><\/li>\n<\/ul>\n<h3><span class=\"ez-toc-section\" id=\"Fietsfestival%E2%80%93_Benalmadena\"><\/span>Fietsfestival\u2013 Benalm\u00e1dena<span class=\"ez-toc-section-end\"><\/span><\/h3>\n<figure id=\"attachment_19142\" aria-describedby=\"caption-attachment-19142\" style=\"width: 750px\" class=\"wp-caption alignnone\"><img loading=\"lazy\" decoding=\"async\" class=\"size-large wp-image-19142\" src=\"https:\/\/www.malagacar.com\/sp\/blog\/wp-content\/uploads\/2025\/03\/fiesta-bicicleta-benalmadena-Credit-Olebenalmadena-1024x681.jpg\" alt=\"\" width=\"750\" height=\"499\" \/><figcaption id=\"caption-attachment-19142\" class=\"wp-caption-text\">Credit Olebenalmadena<\/figcaption><\/figure>\n<p>Het fietsfestival vindt plaats in Benalmadena op zondag 26 april. Dit leuke evenement, speciaal ontworpen voor vrienden en familie, omvat een kinderroute en een stadsroute, met start om 11:00 uur bij sportcentrum Arroyo de la Miel.<\/p>\n<p>Er worden prijzen uitgereikt voor de meest originele kostuums en fietsen. Vooraf aanmelden is verplicht.<\/p>\n<ul>\n<li><a href=\"https:\/\/deportes.benalmadena.es\/fiesta-bicicleta\/inscripcion-directa\" data-wpel-link=\"external\" target=\"_blank\" rel=\"external noopener noreferrer\" class=\"ext-link wpel-icon-right\"><strong>Aanmelding<\/strong><span class=\"wpel-icon wpel-image wpel-icon-2\"><\/span><\/a><\/li>\n<li>Wanneer: 26 april om 11:00 uur<\/li>\n<li>Waar: Sportcentrum Benalm\u00e1dena<\/li>\n<li><a href=\"https:\/\/maps.app.goo.gl\/yJ6MSAdHM31Jp6qcA\" data-wpel-link=\"external\" target=\"_blank\" rel=\"external noopener noreferrer\" class=\"ext-link wpel-icon-right\"><strong>Hoe er te komen<\/strong><span class=\"wpel-icon wpel-image wpel-icon-2\"><\/span><\/a><\/li>\n<\/ul>\n<h3><span class=\"ez-toc-section\" id=\"Festival_Al-Andalus_%E2%80%93_Pizarra\"><\/span>Festival Al-Andalus \u2013 Pizarra<span class=\"ez-toc-section-end\"><\/span><\/h3>\n<p><img loading=\"lazy\" decoding=\"async\" class=\"alignnone wp-image-19116\" src=\"https:\/\/www.malagacar.com\/sp\/blog\/wp-content\/uploads\/2025\/03\/Festival-Al-Andalus-Pizarra.jpg\" alt=\"Festival Al-Andalus \u2013 Pizarra\" width=\"500\" height=\"749\" \/><\/p>\n<p>Kom naar Pizarra en geniet van een van de eerste lokale openluchtfestivals van het jaar. Naast concerten en optredens voor alle leeftijden is er een markt, een kinderspeelplaats en diverse eetgelegenheden.<\/p>\n<p>Het evenement vindt plaats bij het gemeentelijke zwembadcomplex. De toegang is gratis.<\/p>\n<ul>\n<li>Wanneer: 25 april vanaf 16:30 uurWaar: Gemeentelijk zwembad van Pizarra<\/li>\n<li><a href=\"https:\/\/maps.app.goo.gl\/h1xiUuXzBiwKqmE66\" data-wpel-link=\"external\" target=\"_blank\" rel=\"external noopener noreferrer\" class=\"ext-link wpel-icon-right\"><strong>Hoe er te komen<\/strong><span class=\"wpel-icon wpel-image wpel-icon-2\"><\/span><\/a><\/li>\n<\/ul>\n<h3><span class=\"ez-toc-section\" id=\"Kings_Day_%E2%80%93_Marbella\"><\/span>King\u2019s Day &#8211; Marbella<span class=\"ez-toc-section-end\"><\/span><\/h3>\n<p><img loading=\"lazy\" decoding=\"async\" class=\"alignnone wp-image-19117\" src=\"https:\/\/www.malagacar.com\/sp\/blog\/wp-content\/uploads\/2025\/03\/KIngs-Day-Marbella.jpg\" alt=\"King\u2019s Day - Marbella\u00a0\" width=\"499\" height=\"646\" \/><\/p>\n<p>Vier Koningsdag aan de Costa del Sol in een exclusieve omgeving. Geniet van livemuziek, gerenommeerde artiesten, voortreffelijke gerechten en een onge\u00ebvenaarde feestelijke sfeer in Restaurant L\u00d8V by Olivia Valere.<\/p>\n<ul>\n<li><a href=\"https:\/\/kingsdaymarbella.com\/\" data-wpel-link=\"external\" target=\"_blank\" rel=\"external noopener noreferrer\" class=\"ext-link wpel-icon-right\"><strong>Tickets<\/strong><span class=\"wpel-icon wpel-image wpel-icon-2\"><\/span><\/a><\/li>\n<li>Wanneer: 27 april<\/li>\n<li>Waar: Restaurant L\u00d8V by Olivia Valere, Marbella<\/li>\n<li><a href=\"https:\/\/maps.app.goo.gl\/f17cDTHwxd1K76hA7\" data-wpel-link=\"external\" target=\"_blank\" rel=\"external noopener noreferrer\" class=\"ext-link wpel-icon-right\"><strong>Hoe er te komen<\/strong><span class=\"wpel-icon wpel-image wpel-icon-2\"><\/span><\/a><\/li>\n<\/ul>\n<h3><span class=\"ez-toc-section\" id=\"ChefsForChildren_%E2%80%93_Marbella\"><\/span>ChefsForChildren &#8211; Marbella<span class=\"ez-toc-section-end\"><\/span><\/h3>\n<p><img loading=\"lazy\" decoding=\"async\" class=\"alignnone wp-image-19119\" src=\"https:\/\/www.malagacar.com\/sp\/blog\/wp-content\/uploads\/2025\/03\/chefs-for-children-marbella.jpg\" alt=\"ChefsForChildren - Marbella\" width=\"570\" height=\"569\" \/><\/p>\n<p>Haute cuisine en solidariteit komen samen op dit gastronomische evenement, waar meer dan 60 chefs met Michelinsterren aanwezig zullen zijn.<\/p>\n<p>De achtste editie vindt plaats in het Anantara Villa Padierna Hotel en omvat kookworkshops, een gastronomisch forum en een benefietgala ten bate van de Spaanse Federatie voor Zeldzame Ziekten (FEDER).<\/p>\n<ul>\n<li><a href=\"https:\/\/chefsforchildren.es\/\" data-wpel-link=\"external\" target=\"_blank\" rel=\"external noopener noreferrer\" class=\"ext-link wpel-icon-right\"><strong>Programma en tickets<\/strong><span class=\"wpel-icon wpel-image wpel-icon-2\"><\/span><\/a><\/li>\n<li>Wanneer: 20 april<\/li>\n<li>Waar: Anantara Villa Padierna Hotel, Marbella<\/li>\n<li><a href=\"https:\/\/maps.app.goo.gl\/FdJW8uhBFrD4g6no8\" data-wpel-link=\"external\" target=\"_blank\" rel=\"external noopener noreferrer\" class=\"ext-link wpel-icon-right\"><strong>Hoe er te komen<\/strong><span class=\"wpel-icon wpel-image wpel-icon-2\"><\/span><\/a><\/li>\n<\/ul>\n<h3><span class=\"ez-toc-section\" id=\"Theaterfestival_%E2%80%93_Malaga\"><\/span>Theaterfestival \u2013 M\u00e1laga<span class=\"ez-toc-section-end\"><\/span><\/h3>\n<p><img loading=\"lazy\" decoding=\"async\" class=\"alignnone wp-image-18730\" src=\"https:\/\/www.malagacar.com\/sp\/blog\/wp-content\/uploads\/2024\/12\/Festival-teatro.jpg\" alt=\"Festival de Teatro \u2013 M\u00e1laga\" width=\"505\" height=\"506\" \/><\/p>\n<p>Het tweede deel van de 43e editie van het M\u00e1laga Theaterfestival vindt plaats van 22 april tot en met 30 mei.<\/p>\n<p>In de theaters Cervantes en Echegaray in het historische centrum van M\u00e1laga worden in totaal 38 voorstellingen opgevoerd, waarvan 5 premi\u00e8res.<\/p>\n<ul>\n<li>Het <a href=\"https:\/\/www.teatrocervantes.com\/es\/ciclos-y-festivales\/43-festival-de-teatro\/\" data-wpel-link=\"external\" target=\"_blank\" rel=\"external noopener noreferrer\" class=\"ext-link wpel-icon-right\"><strong>programma en tickets<\/strong><span class=\"wpel-icon wpel-image wpel-icon-2\"><\/span><\/a> zijn verkrijgbaar via de offici\u00eble website van het Cervantes Theater.<\/li>\n<\/ul>\n<h3><span class=\"ez-toc-section\" id=\"Calamorro_Skyrace_%E2%80%93_Benalmadena\"><\/span>Calamorro Skyrace &#8211; Benalm\u00e1dena<span class=\"ez-toc-section-end\"><\/span><\/h3>\n<p><img loading=\"lazy\" decoding=\"async\" class=\"alignnone size-full wp-image-19121\" src=\"https:\/\/www.malagacar.com\/sp\/blog\/wp-content\/uploads\/2025\/03\/Calamorro-Sky-race.jpg\" alt=\"Calamorro Skyrace - Benalm\u00e1dena\" width=\"452\" height=\"589\" \/><\/p>\n<p>De Calamorro Skyrace vindt plaats op 11 april in de bergen van Benalmadena.<\/p>\n<p>Deze bergloop brengt hardlopers van alle vijf continenten samen. Ze beklimmen de Calamorro (731 meter) over een parcours van 3,76 km met een hoogteverschil van 650 meter naar de top.<\/p>\n<p><iframe loading=\"lazy\" title=\"CALAMORRO SKYRACE 2024 - HIGHLIGHTS \/ MSWS24 - Skyrunning\" src=\"https:\/\/www.youtube.com\/embed\/LiwxdnzN7h8\" width=\"749\" height=\"421\" frameborder=\"0\" allowfullscreen=\"allowfullscreen\"><\/iframe><\/p>\n<ul>\n<li><a href=\"https:\/\/web.rockthesport.com\/es\/event\/xvii-calamorro-skyrace\" data-wpel-link=\"external\" target=\"_blank\" rel=\"external noopener noreferrer\" class=\"ext-link wpel-icon-right\"><strong>Aanmelding<\/strong><span class=\"wpel-icon wpel-image wpel-icon-2\"><\/span><\/a><\/li>\n<li>Wanneer: 11 april om 17:00 uur<\/li>\n<li>Waar: Benalm\u00e1dena<\/li>\n<\/ul>\n<h3><span class=\"ez-toc-section\" id=\"Kersenbloesemfestival_%E2%80%93_Alfarnate\"><\/span>Kersenbloesemfestival\u00a0&#8211; Alfarnate<span class=\"ez-toc-section-end\"><\/span><\/h3>\n<figure id=\"attachment_15344\" aria-describedby=\"caption-attachment-15344\" style=\"width: 1000px\" class=\"wp-caption alignnone\"><img loading=\"lazy\" decoding=\"async\" class=\"size-full wp-image-15344\" src=\"https:\/\/www.malagacar.com\/sp\/blog\/wp-content\/uploads\/2023\/03\/Cerezo-en-Flor-Credit-Depositphotos.jpg\" alt=\"Fiesta de los cerezos en flor en Alfarnate\" width=\"1000\" height=\"667\" \/><figcaption id=\"caption-attachment-15344\" class=\"wp-caption-text\">Kersenbloesem\u00a0Credit Depositphotos<\/figcaption><\/figure>\n<p><a href=\"https:\/\/www.malagacar.com\/nl\/blog\/tips\/schoonste-dorpen-van-de-axarquia\/#Alfarnate_en_zijn_oudste_herberg_in_Andalusie\" data-wpel-link=\"internal\"><strong>Alfarnate<\/strong><\/a> is waarschijnlijk h\u00e9t kersenproducerende dorp in de provincie M\u00e1laga.<\/p>\n<p>Een nieuwe activiteit is het Sakura Festival, dat plaatsvindt tijdens het kersenbloesemseizoen. De 5e editie van Sakura wordt dit jaar gehouden op 11 en 12 april.<\/p>\n<p><img loading=\"lazy\" decoding=\"async\" class=\"alignnone size-full wp-image-19106\" src=\"https:\/\/www.malagacar.com\/sp\/blog\/wp-content\/uploads\/2025\/03\/sakura-alfarnate.jpg\" alt=\"Fiesta de los cerezos en flor - Alfarnate\" width=\"549\" height=\"810\" \/><\/p>\n<p>Ge\u00efnspireerd door de Japanse traditie, biedt het evenement onder andere geisha-make-up, demonstraties van vechtsporten, Japanse kalligrafie, origami, Japanse kookdemonstraties en nog veel meer.<\/p>\n<p><strong>Update: Het evenement is vanwege het slechte weer uitgesteld naar het volgende weekend, 18 en 19 april.<\/strong><\/p>\n<ul>\n<li>Wanneer: 11 en 12 april<\/li>\n<li>Waar: Alfarnate<\/li>\n<li><a href=\"https:\/\/goo.gl\/maps\/sQPFASm3rXRzzU667\" data-wpel-link=\"external\" target=\"_blank\" rel=\"external noopener noreferrer\" class=\"ext-link wpel-icon-right\"><strong>Hoe er te komen<\/strong><span class=\"wpel-icon wpel-image wpel-icon-2\"><\/span><\/a><\/li>\n<\/ul>\n<h3><span class=\"ez-toc-section\" id=\"Circusmarkt_%E2%80%93_Las_Lagunas_de_Mijas\"><\/span>Circusmarkt\u00a0&#8211; Las Lagunas de Mijas<span class=\"ez-toc-section-end\"><\/span><\/h3>\n<p><img loading=\"lazy\" decoding=\"async\" class=\"alignnone wp-image-19107\" src=\"https:\/\/www.malagacar.com\/sp\/blog\/wp-content\/uploads\/2025\/03\/mercado-circense-las-lagunas.jpg\" alt=\"Mercado Circense - Las Lagunas de Mijas\" width=\"506\" height=\"498\" \/><\/p>\n<p>Op Plaza de la Candelaria in Las Lagunas vindt een unieke markt plaats.<\/p>\n<p>Van 10 tot en met 12 april kunt u genieten van voorstellingen voor alle leeftijden: circusworkshops, acrobatiek, het maken van circusmaskers, schminken, ballonnen vouwen, jongleren, poppentheater en verhalen vertellen.<\/p>\n<p>Er zullen ook kraampjes zijn met handwerk en eten.<\/p>\n<ul>\n<li>Wanneer: 10 tot 12 april<\/li>\n<li>Waar: Plaza de la Candelaria, Las Lagunas de Mijas<\/li>\n<li><a href=\"https:\/\/maps.app.goo.gl\/CMqCCbDX3x4GVM396\" data-wpel-link=\"external\" target=\"_blank\" rel=\"external noopener noreferrer\" class=\"ext-link wpel-icon-right\"><strong>Hoe er te komen<\/strong><span class=\"wpel-icon wpel-image wpel-icon-2\"><\/span><\/a><\/li>\n<\/ul>\n<h3><span class=\"ez-toc-section\" id=\"Kaarslichtconcerten_%E2%80%93_Malaga\"><\/span>Kaarslichtconcerten &#8211; M\u00e1laga<span class=\"ez-toc-section-end\"><\/span><\/h3>\n<p><a href=\"https:\/\/www.malagacar.com\/sp\/blog\/wp-content\/uploads\/2020\/01\/IMG_20211122_083656_009.jpg\" data-wpel-link=\"exclude\"><img loading=\"lazy\" decoding=\"async\" class=\"alignnone wp-image-10160\" src=\"https:\/\/www.malagacar.com\/sp\/blog\/wp-content\/uploads\/2020\/01\/IMG_20211122_083656_009-768x1024.jpg\" alt=\"\" width=\"452\" height=\"602\" \/><\/a><\/p>\n<p>In de Mar\u00eda Cristina Concert Hall, een 15e eeuws Franciscaner klooster in het hart van Malaga, met een uitzonderlijke akoestiek en unieke schoonheid.<\/p>\n<p>Onlangs hebben meer en meer unieke locaties in M\u00e1laga zich aangesloten bij deze ervaring, zoals het Carmen Thyssen Museum en nu ook het Gran Hotel Miramar.<\/p>\n<p>We kunnen deze ervaring van klassieke concerten en hommages bij kaarslicht persoonlijk aanbevelen.<\/p>\n<h4>Programma april<\/h4>\n<p><strong>Eerbetoon aan Britse rocklegendes<\/strong> in het Gran Hotel Miramar, 4 en 12 april<br \/>\n<strong>Hans Zimmer Eerbetoon<\/strong> in het Gran Hotel Miramar, 4 april<br \/>\n<strong>Eerbetoon aan La Ley Innata<\/strong> in het Gran Hotel Miramar, 12 april<br \/>\n<strong>Eerbetoon aan Hans Zimmer<\/strong> in Sala Mar\u00eda Cristina, 17 april<br \/>\n<strong>Coldplay en Imagine Dragons<\/strong> in Sala Mar\u00eda Cristina, 17 april<br \/>\n<strong>Eerbetoon aan ABBA<\/strong> in Sala Mar\u00eda Cristina, 24 april<\/p>\n<ul>\n<li>Kaarten bij <a href=\"https:\/\/feverup.com\/malaga\/candlelight?utm_content=candlelight&amp;utm_source=malagasecreta&amp;utm_medium=post&amp;utm_term=cta3\" data-wpel-link=\"external\" target=\"_blank\" rel=\"external noopener noreferrer\" class=\"ext-link wpel-icon-right\"><strong>Feverup<\/strong><span class=\"wpel-icon wpel-image wpel-icon-2\"><\/span><\/a><\/li>\n<li>Waar: <a href=\"https:\/\/maps.app.goo.gl\/BACwA2S7rGRWoCWWA\" data-wpel-link=\"external\" target=\"_blank\" rel=\"external noopener noreferrer\" class=\"ext-link wpel-icon-right\"><strong>Sala de Conciertos Mar\u00eda Cristina<\/strong><span class=\"wpel-icon wpel-image wpel-icon-2\"><\/span><\/a>, <a href=\"https:\/\/maps.app.goo.gl\/fL8iZoUwDAsAEMzL8\" data-wpel-link=\"external\" target=\"_blank\" rel=\"external noopener noreferrer\" class=\"ext-link wpel-icon-right\"><strong>Museo Carmen Thyssen,<\/strong><span class=\"wpel-icon wpel-image wpel-icon-2\"><\/span><\/a> <a href=\"https:\/\/maps.app.goo.gl\/72v8MZ3kaGEw7Kc17\" data-wpel-link=\"external\" target=\"_blank\" rel=\"external noopener noreferrer\" class=\"ext-link wpel-icon-right\"><strong>Gran Hotel Miramar<\/strong><span class=\"wpel-icon wpel-image wpel-icon-2\"><\/span><\/a>, M\u00e1laga<\/li>\n<\/ul>\n<h3><span class=\"ez-toc-section\" id=\"Kaarslichtconcerten_%E2%80%93_Marbella\"><\/span>Kaarslichtconcerten &#8211; Marbella<span class=\"ez-toc-section-end\"><\/span><\/h3>\n<p><img loading=\"lazy\" decoding=\"async\" class=\"size-full wp-image-14240\" src=\"https:\/\/www.malagacar.com\/sp\/blog\/wp-content\/uploads\/2022\/08\/CandleLight_VillaPadierna-Foto-Malagasecreta.jpg\" alt=\"Candlelight Conciertos Marbella\" width=\"1024\" height=\"684\" \/><\/p>\n<p>In het 5-sterrenhotel The Westin La Quinta Golf Resort &amp; Spa, Benahavis, Marbella.<\/p>\n<p><strong>ABBA Tribute<\/strong> en meer, 11 april<br \/>\n<strong>Coldplay en Imagine Dragons<\/strong>, 11 april<\/p>\n<ul>\n<li>Tickets via de offici\u00eble website van <a href=\"https:\/\/feverup.com\/malaga\/candlelight?utm_content=candlelight&amp;utm_source=malagasecreta&amp;utm_medium=post&amp;utm_term=cta3\" data-wpel-link=\"external\" target=\"_blank\" rel=\"external noopener noreferrer\" class=\"ext-link wpel-icon-right\"><strong>Feverup<\/strong><span class=\"wpel-icon wpel-image wpel-icon-2\"><\/span><\/a><\/li>\n<li><a href=\"https:\/\/maps.app.goo.gl\/eEjC7paTFxs7jW1K9\" data-wpel-link=\"external\" target=\"_blank\" rel=\"external noopener noreferrer\" class=\"ext-link wpel-icon-right\"><strong>Hoe er te komen<\/strong><span class=\"wpel-icon wpel-image wpel-icon-2\"><\/span><\/a><\/li>\n<\/ul>\n<h3><span class=\"ez-toc-section\" id=\"Volle_maan_in_Hydros_Spa_%E2%80%93_Benalmadena\"><\/span>Volle maan in Hydros Spa &#8211; Benalm\u00e1dena<span class=\"ez-toc-section-end\"><\/span><\/h3>\n<p><img loading=\"lazy\" decoding=\"async\" class=\"alignnone size-full wp-image-15528\" src=\"https:\/\/www.malagacar.com\/sp\/blog\/wp-content\/uploads\/2023\/05\/Noche-spa-hydros.jpg\" alt=\"Hydros Spa Benalm\u00e1dena\" width=\"900\" height=\"471\" \/><\/p>\n<p>We doen je ook een ander voorstel vanuit het Holiday World Hotel in Benalm\u00e1dena: Geniet van de Spa tijdens de nacht van de volle maan.<\/p>\n<p>Geniet van de magie van een nachtspa-sessie van 60 minuten met een spectaculair uitzicht op de baai van Benalmadena en Fuengirola, samenvallend met volle maan.<\/p>\n<p>Met welkomstdrankje en fruit, speciale aandacht. Perfect om met z&#8217;n twee\u00ebn of met vrienden van te genieten.<\/p>\n<ul>\n<li><a href=\"https:\/\/pwa.holidayworldresort.com\/info-experiencia\/239?hotel=experiencias\" data-wpel-link=\"external\" target=\"_blank\" rel=\"external noopener noreferrer\" class=\"ext-link wpel-icon-right\"><strong> Reservering <\/strong><span class=\"wpel-icon wpel-image wpel-icon-2\"><\/span><\/a><\/li>\n<li>Wanneer: 3 april<\/li>\n<li><a href=\"https:\/\/maps.app.goo.gl\/8SV8SuFTrbvrLTgt8\" data-wpel-link=\"external\" target=\"_blank\" rel=\"external noopener noreferrer\" class=\"ext-link wpel-icon-right\"><strong> Hoe er te komen<\/strong><span class=\"wpel-icon wpel-image wpel-icon-2\"><\/span><\/a><\/li>\n<\/ul>\n<h3><span class=\"ez-toc-section\" id=\"Rally_Penas_Blancas_%E2%80%93_Estepona\"><\/span>Rally Pe\u00f1as Blancas &#8211; Estepona<span class=\"ez-toc-section-end\"><\/span><\/h3>\n<p><iframe loading=\"lazy\" title=\"RESUMEN SUBIDA ESTEPONA - PE\u00d1AS BLANCAS 2024\" src=\"https:\/\/www.youtube.com\/embed\/L2D2JG1BISY\" width=\"696\" height=\"391\" frameborder=\"0\" allowfullscreen=\"allowfullscreen\"><\/iframe><\/p>\n<p>De befaamde Pe\u00f1as Blancas Rally keert in het weekend van 11 en 12 april terug naar Estepona. Het is een van de meest veeleisende en langverwachte motorsportevenementen in Spanje.<\/p>\n<p>Het 7,5 km lange parcours start in Estepona en klimt de prachtige Sierra de Estepona in, met een hoogteverschil van 481 meter en een maximale helling van 12%.<\/p>\n<p>De wedstrijd bestaat uit in totaal zes rally&#8217;s, drie op zaterdag en drie op zondag.<\/p>\n<p><img loading=\"lazy\" decoding=\"async\" class=\"alignnone size-full wp-image-15349\" src=\"https:\/\/www.malagacar.com\/sp\/blog\/wp-content\/uploads\/2024\/03\/Penas-blancas-estepona.jpg\" alt=\"Rally Pe\u00f1as blancas estepona\" width=\"1000\" height=\"666\" \/><\/p>\n<ul>\n<li>Wanneer: 11 en 12 april<\/li>\n<li>Waar: Estepona<\/li>\n<li><a href=\"https:\/\/subidaestepona.es\/participantes\/programa-horario\/\" data-wpel-link=\"external\" target=\"_blank\" rel=\"external noopener noreferrer\" class=\"ext-link wpel-icon-right\"><strong>Programma en tijden<\/strong><span class=\"wpel-icon wpel-image wpel-icon-2\"><\/span><\/a><\/li>\n<li><a href=\"https:\/\/maps.app.goo.gl\/xRYjgsukabZVkjQN9\" data-wpel-link=\"external\" target=\"_blank\" rel=\"external noopener noreferrer\" class=\"ext-link wpel-icon-right\"><strong>Route<\/strong><span class=\"wpel-icon wpel-image wpel-icon-2\"><\/span><\/a><\/li>\n<\/ul>\n<h3><span class=\"ez-toc-section\" id=\"Plantenbeurs_voor_verzamelaars_%E2%80%93_Benalmadena\"><\/span>Plantenbeurs voor verzamelaars \u2013 Benalm\u00e1dena<span class=\"ez-toc-section-end\"><\/span><\/h3>\n<p><img loading=\"lazy\" decoding=\"async\" class=\"alignnone wp-image-19109\" src=\"https:\/\/www.malagacar.com\/sp\/blog\/wp-content\/uploads\/2025\/03\/feria-plantas-benalmadena-512x1024.jpg\" alt=\"Feria de Plantas de Colecci\u00f3n \u2013 Benalm\u00e1dena\" width=\"424\" height=\"848\" \/><\/p>\n<p>Het prachtige <a href=\"https:\/\/www.malagacar.com\/nl\/blog\/wat-te-doen-in-malaga\/parken-benalmadena-torremolinos\/#Parque_de_la_Paloma_%E2%80%93_Benalmadena\" data-wpel-link=\"internal\"><strong>Paloma Park<\/strong><\/a>, dat wordt beschouwd als een van de mooiste parken van M\u00e1laga, is het toneel van deze plantenbeurs.<\/p>\n<p>Bezoekers kunnen bij diverse stands bijzondere planten kopen. Er zullen onder andere vetplanten, tropische en subtropische planten, bollen, aromatische planten, culinaire kruiden, groenten, medicinale planten, orchidee\u00ebn, fruitbomen, bamboe, mossen, varens en bomen te vinden zijn.<\/p>\n<p><iframe loading=\"lazy\" title=\"Feria de Plantas de Colecci\u00f3n\" src=\"https:\/\/www.youtube.com\/embed\/uLca7PqqM6M\" width=\"317\" height=\"240\" frameborder=\"0\" allowfullscreen=\"allowfullscreen\"><\/iframe><\/p>\n<p>&nbsp;<\/p>\n<p>Er zullen ook kraampjes zijn met accessoires en handgemaakte spullen die met de plantenwereld te maken hebben. Tuinliefhebbers zullen het moeilijk vinden om deze kraampjes te weerstaan!<\/p>\n<p>De toegang is gratis, evenals de tentoonstelling, verkoop en ruil van planten, maar hiervoor is wel een <a href=\"https:\/\/www.benalmadena.es\/plantasdecoleccion\/\" data-wpel-link=\"external\" target=\"_blank\" rel=\"external noopener noreferrer\" class=\"ext-link wpel-icon-right\"><strong>aanmelding<\/strong><span class=\"wpel-icon wpel-image wpel-icon-2\"><\/span><\/a> vereist.<\/p>\n<ul>\n<li>Wanneer: 3, 4 en 5 april<\/li>\n<li>Waar: Parque de la Paloma, Benalm\u00e1dena<\/li>\n<li><a href=\"https:\/\/maps.app.goo.gl\/65b9gpFbAWGQX68E9\" data-wpel-link=\"external\" target=\"_blank\" rel=\"external noopener noreferrer\" class=\"ext-link wpel-icon-right\"><strong>Hoe er te komen<\/strong><span class=\"wpel-icon wpel-image wpel-icon-2\"><\/span><\/a><\/li>\n<\/ul>\n<h3><span class=\"ez-toc-section\" id=\"%E2%80%98Op_weg_naar_de_haven_%E2%80%93_Benalmadena\"><\/span>&#8216;Op weg naar de haven&#8217; &#8211; Benalm\u00e1dena<span class=\"ez-toc-section-end\"><\/span><\/h3>\n<p><img loading=\"lazy\" decoding=\"async\" class=\"alignnone size-full wp-image-19097\" src=\"https:\/\/www.malagacar.com\/sp\/blog\/wp-content\/uploads\/2026\/02\/Puerto-benalmadena.jpg\" alt=\"Puerto benalmadena\" width=\"1000\" height=\"669\" \/><\/p>\n<p>Onder de naam \u2018Op weg naar de haven\u2019 kunt u deze maand genieten van een breed scala aan gratis buitenactiviteiten in de bekroonde jachthaven van Benalm\u00e1dena.<\/p>\n<p>Er zijn activiteiten voor alle leeftijden, zoals concerten, kinderworkshops, familieshows, dj-sets en de traditionele ambachtsmarkt \u2018Puerto Market\u2019 in het weekend.<\/p>\n<h4>Programma<\/h4>\n<p>\u2022 Malagueo Cool (Indiecool) | 11 april. Met dj-sets van Felipe en concerten van Sike en \u00c9xtasis.<br \/>\n\u2022 Lentefestival | 18 april<br \/>\n\u2022 La Habitaci\u00f3n Roja Concert | 25 april<\/p>\n<ul>\n<li>Wanneer: April<\/li>\n<li>Waar: Puerto Marina, Benalm\u00e1dena<\/li>\n<li><a href=\"https:\/\/maps.app.goo.gl\/ReVF6HX5cEATiNh8A\" data-wpel-link=\"external\" target=\"_blank\" rel=\"external noopener noreferrer\" class=\"ext-link wpel-icon-right\"><strong>Hoe er te komen<\/strong><span class=\"wpel-icon wpel-image wpel-icon-2\"><\/span><\/a><\/li>\n<\/ul>\n<h3><span class=\"ez-toc-section\" id=\"Wijn_zaterdagen_in_het_museum_%E2%80%93_Malaga\"><\/span>Wijn zaterdagen in het museum &#8211; M\u00e1laga<span class=\"ez-toc-section-end\"><\/span><\/h3>\n<p><img loading=\"lazy\" decoding=\"async\" class=\"alignnone size-large wp-image-16982\" src=\"https:\/\/www.malagacar.com\/sp\/blog\/wp-content\/uploads\/2025\/02\/sabados-de-vino-1024x534.jpg\" alt=\"S\u00e1bados de Vino en el Museo\" width=\"750\" height=\"391\" \/><\/p>\n<p>Het <a href=\"https:\/\/www.malagacar.com\/nl\/blog\/vrije-tijd\/beste-musea-in-malaga\/#Wijnmuseum\" data-wpel-link=\"internal\"><strong>Wijnmuseum<\/strong><\/a> in het historische centrum van M\u00e1laga organiseert de komende maanden verschillende &#8216;Wijnzaterdagen&#8217;. Dit is een activiteit gericht op iedereen die ge\u00efnteresseerd is in de wereld van wijn.<\/p>\n<p>Je maakt kennis met de wijnen met oorsprongsbenaming van M\u00e1laga en de wijnmakerijen die ze produceren. Proeverijen zijn natuurlijk inbegrepen!<\/p>\n<ul>\n<li>Meer <a href=\"https:\/\/museovinomalaga.com\/categoria-producto\/oferta-formativa\/\" data-wpel-link=\"external\" target=\"_blank\" rel=\"external noopener noreferrer\" class=\"ext-link wpel-icon-right\"><strong>informatie en boekingen<\/strong><span class=\"wpel-icon wpel-image wpel-icon-2\"><\/span><\/a><\/li>\n<li><a href=\"https:\/\/maps.app.goo.gl\/oiqPT8aHPtPWKwLG7\" data-wpel-link=\"external\" target=\"_blank\" rel=\"external noopener noreferrer\" class=\"ext-link wpel-icon-right\"><strong>Hoe er te komen<\/strong><span class=\"wpel-icon wpel-image wpel-icon-2\"><\/span><\/a><\/li>\n<\/ul>\n<h3><span class=\"ez-toc-section\" id=\"Nachtelijk_bezoek_aan_de_Engelse_begraafplaats_%E2%80%93_Malaga\"><\/span>Nachtelijk bezoek aan de Engelse begraafplaats &#8211; M\u00e1laga<span class=\"ez-toc-section-end\"><\/span><\/h3>\n<p><img loading=\"lazy\" decoding=\"async\" class=\"alignnone wp-image-16313\" src=\"https:\/\/www.malagacar.com\/sp\/blog\/wp-content\/uploads\/2024\/10\/Visita-nocturna-cementerio-ingles-1024x966.jpg\" alt=\"Visita nocturna al Cementerio Ingl\u00e9s - M\u00e1laga\" width=\"734\" height=\"692\" \/><\/p>\n<p>Durf alle geheimen te ontdekken die verborgen zijn in dit gedramatiseerde nachtelijke bezoek aan de historische Engelse begraafplaats. De persoonlijkheden die hier liggen komen tot leven en vertellen je hun interessante verhalen.<\/p>\n<p>Het bezoek duurt anderhalf uur. Beperkte plaatsen tot volledige bezetting is bereikt.<\/p>\n<ul>\n<li>Meer <a href=\"https:\/\/historiavivamalaga.es\/visitas-teatralizadas-en-malaga\/cementerio-ingles-en-malaga\/?_gl=1*1qg529*_up*MQ..*_ga*NzIzNDMzNDQ4LjE3NTk3MzgwNTg.*_ga_YKXC5BWRQG*czE3NTk3MzgwNTckbzEkZzAkdDE3NTk3MzgwNTckajYwJGwwJGgw*_ga_MZ8MMM82Y1*czE3NTk3MzgwNTgkbzEkZzAkdDE3NTk3MzgwNTgkajYwJGwwJGgw\" data-wpel-link=\"external\" target=\"_blank\" rel=\"external noopener noreferrer\" class=\"ext-link wpel-icon-right\"><strong>informatie &amp; tickets<\/strong><span class=\"wpel-icon wpel-image wpel-icon-2\"><\/span><\/a><\/li>\n<li>Waar: Cementerio Ingl\u00e9s, M\u00e1laga<\/li>\n<li><a href=\"https:\/\/maps.app.goo.gl\/vKia4xamSXpDjeyf6\" data-wpel-link=\"external\" target=\"_blank\" rel=\"external noopener noreferrer\" class=\"ext-link wpel-icon-right\"><strong>Hoe er te komen<\/strong><span class=\"wpel-icon wpel-image wpel-icon-2\"><\/span><\/a><\/li>\n<\/ul>\n<h3><span class=\"ez-toc-section\" id=\"Theatrale_rondleiding_door_de_schatgrot_%E2%80%93_Rincon_de_la_Victoria\"><\/span>Theatrale rondleiding door de schatgrot &#8211; Rinc\u00f3n de la Victoria<span class=\"ez-toc-section-end\"><\/span><\/h3>\n<p><img loading=\"lazy\" decoding=\"async\" class=\"size-large wp-image-7849\" src=\"https:\/\/www.malagacar.com\/sp\/blog\/wp-content\/uploads\/2020\/03\/cueva-del-tesoro-1024x625.jpg\" alt=\"cueva del tesoro\" width=\"750\" height=\"458\" \/><\/p>\n<p>Ga terug in de tijd en ontdek de geschiedenis en mysteries van de ontdekking van de Schatgrot. Een uur durende, gedramatiseerde rondleiding door de verschillende galerijen van de grot.<\/p>\n<ul>\n<li>Vooraf reserveren is vereist voor deze activiteit via <a href=\"https:\/\/entradas.turismoenrincon.es\/\" data-wpel-link=\"external\" target=\"_blank\" rel=\"external noopener noreferrer\" class=\"ext-link wpel-icon-right\"><strong>deze link<\/strong><span class=\"wpel-icon wpel-image wpel-icon-2\"><\/span><\/a>.<\/li>\n<li>Waar: Schatgrot &#8211; Rinc\u00f3n de la Victoria<\/li>\n<li><a href=\"https:\/\/maps.app.goo.gl\/3sX5qj8EcDRxP7R37\" data-wpel-link=\"external\" target=\"_blank\" rel=\"external noopener noreferrer\" class=\"ext-link wpel-icon-right\"><strong>Hoe er te komen<\/strong><span class=\"wpel-icon wpel-image wpel-icon-2\"><\/span><\/a><\/li>\n<\/ul>\n<h3><span class=\"ez-toc-section\" id=\"Ambachtelijk_bier_proeven_%E2%80%93_Malaga\"><\/span>Ambachtelijk bier proeven &#8211; M\u00e1laga<span class=\"ez-toc-section-end\"><\/span><\/h3>\n<p><img loading=\"lazy\" decoding=\"async\" class=\"alignnone size-large wp-image-18579\" src=\"https:\/\/www.malagacar.com\/sp\/blog\/wp-content\/uploads\/2024\/11\/Cata-de-cervezas-artesanas-1024x541.jpg\" alt=\"Cata de cervezas artesanas - M\u00e1laga\" width=\"750\" height=\"396\" \/><\/p>\n<p>In de populaire Soho &#8220;kunstwijk&#8221; in het centrum van M\u00e1laga kun je je inschrijven voor een proeverij van ambachtelijk bier. Namelijk bij La F\u00e1brica de Cerveza Cruzcampo, waar ambachtelijke bierproductie wordt gecombineerd met een bar, gastronomie en livemuziek.<\/p>\n<ul>\n<li>Meer <a href=\"https:\/\/lafabricadecerveza.com\/experiencias-malaga\/\" data-wpel-link=\"external\" target=\"_blank\" rel=\"external noopener noreferrer\" class=\"ext-link wpel-icon-right\"><strong>informatie en boekingen<\/strong><span class=\"wpel-icon wpel-image wpel-icon-2\"><\/span><\/a><\/li>\n<li>Waar: La F\u00e1brica, M\u00e1laga<\/li>\n<li><a href=\"https:\/\/maps.app.goo.gl\/D5DHHYApRd3cjeW37\" data-wpel-link=\"external\" target=\"_blank\" rel=\"external noopener noreferrer\" class=\"ext-link wpel-icon-right\"><strong>Hoe er te komen<\/strong><span class=\"wpel-icon wpel-image wpel-icon-2\"><\/span><\/a><\/li>\n<\/ul>\n<h3><span class=\"ez-toc-section\" id=\"Ammonieten_route_%E2%80%93_Torcal_de_Antequera\"><\/span>Ammonieten route &#8211; Torcal de Antequera<span class=\"ez-toc-section-end\"><\/span><\/h3>\n<p><a href=\"https:\/\/www.malagacar.com\/blog\/wp-content\/uploads\/2021\/07\/ammonite.jpg\" data-wpel-link=\"exclude\"><img loading=\"lazy\" decoding=\"async\" class=\"alignnone wp-image-10589 size-full\" src=\"https:\/\/www.malagacar.com\/blog\/wp-content\/uploads\/2021\/07\/ammonite.jpg\" alt=\"ammonite\" width=\"1200\" height=\"653\" \/><\/a><\/p>\n<p>Ben je al in het spectaculaire natuurpark <a href=\"https:\/\/www.malagacar.com\/nl\/blog\/vrije-tijd\/torcal-de-antequera\/\" data-wpel-link=\"internal\"><strong>Torcal de Antequera<\/strong><\/a> geweest? Als je deze fantastische karstformatie nog niet kent, kun je je opgeven voor deze rondleiding om de prachtige ammonieten (gefossiliseerde weekdieren) meer dan duizend meter boven de zee te ontdekken.<\/p>\n<p>In de komende maanden zijn er verschillende data beschikbaar tijdens de weekenden om te genieten van deze interpretatieve wandelroute door het natuurpark Torcal de Antequera.<\/p>\n<ul>\n<li>Duur: 3 uur. Lengte ongeveer 4,5 km. Moeilijkheidsgraad: Gemiddeld-laag (niet aanbevolen voor mensen met knie-, heup- of enkelblessures of jonger dan 6 jaar).<\/li>\n<li>Meer <a href=\"https:\/\/www.torcaldeantequera.com\/rutas\/visitas-guiadas\/ruta-los-ammonites\/\" data-wpel-link=\"external\" target=\"_blank\" rel=\"external noopener noreferrer\" class=\"ext-link wpel-icon-right\"><strong>info en tickets<\/strong><span class=\"wpel-icon wpel-image wpel-icon-2\"><\/span><\/a><\/li>\n<li><a href=\"https:\/\/maps.app.goo.gl\/Cm8CEBikitzXGEWN9\" data-wpel-link=\"external\" target=\"_blank\" rel=\"external noopener noreferrer\" class=\"ext-link wpel-icon-right\"><strong>Hoe er te komen<\/strong><span class=\"wpel-icon wpel-image wpel-icon-2\"><\/span><\/a><\/li>\n<\/ul>\n<h2><span class=\"ez-toc-section\" id=\"Pasen_in_Malaga_2026\"><\/span>Pasen in M\u00e1laga 2026<span class=\"ez-toc-section-end\"><\/span><\/h2>\n<figure id=\"attachment_10583\" aria-describedby=\"caption-attachment-10583\" style=\"width: 620px\" class=\"wp-caption alignnone\"><a href=\"https:\/\/www.malagacar.com\/sp\/blog\/wp-content\/uploads\/2021\/03\/beach-Foto-El-Periodico.jpg\" data-wpel-link=\"exclude\"><img loading=\"lazy\" decoding=\"async\" class=\"wp-image-10583\" src=\"https:\/\/www.malagacar.com\/sp\/blog\/wp-content\/uploads\/2021\/03\/beach-Foto-El-Periodico.jpg\" alt=\"tiempo en M\u00e1laga en Semana Santa\" width=\"620\" height=\"349\" \/><\/a><figcaption id=\"caption-attachment-10583\" class=\"wp-caption-text\">Foto El Periodico<\/figcaption><\/figure>\n<p>Dit jaar vindt de Paasweek in M\u00e1laga plaats van zondag 29 maart tot en met zondag 5 april 2026.<\/p>\n<p>De exacte datum varieert elk jaar, en dit jaar wordt het drie weken eerder gevierd dan vorig jaar. Zoals je op de foto kunt zien, is het echter niet ongebruikelijk dat veel mensen deze dagen al benutten om te zonnebaden, ook al is het water nog koud.<\/p>\n<p>Pasen markeert het begin van het toeristische seizoen aan de Costa del Sol en is waarschijnlijk de belangrijkste datum op de religieuze kalender.<\/p>\n<p>De Heilige Week in M\u00e1laga wordt zelfs beschouwd als een van de belangrijkste in Spanje en trekt elk jaar duizenden gelovigen en toeristen in een diep ontroerend spektakel.<\/p>\n<p>Of je nu met Pasen naar M\u00e1laga wilt komen om van het mooie weer te genieten en misschien je eerste duik te nemen, of je wordt aangetrokken door de prachtige processies in het centrum van M\u00e1laga, in onze speciale editie van <a href=\"https:\/\/www.malagacar.com\/nl\/blog\/vrije-tijd\/pasen-malaga\/\" data-wpel-link=\"internal\"><strong>Pasen in M\u00e1laga<\/strong><\/a> vind je alles wat je moet weten.<\/p>\n<h2><span class=\"ez-toc-section\" id=\"Straatmarkten_in_Malaga_in_April\"><\/span>Straatmarkten in M\u00e1laga in April<span class=\"ez-toc-section-end\"><\/span><\/h2>\n<h3><span class=\"ez-toc-section\" id=\"Ambachtsmarkt_La_Merced_%E2%80%93_Malaga\"><\/span>Ambachtsmarkt La Merced &#8211; M\u00e1laga<span class=\"ez-toc-section-end\"><\/span><\/h3>\n<p><img loading=\"lazy\" decoding=\"async\" class=\"alignnone size-full wp-image-9843\" src=\"https:\/\/www.malagacar.com\/sp\/blog\/wp-content\/uploads\/2020\/11\/Plaza-Merced-Foto-VisitaCostadelSol.webp\" alt=\"\" width=\"750\" height=\"430\" \/><\/p>\n<p>Elke <em><strong> eerste zondag van de maand <\/strong> <\/em> vindt deze kleurrijke ambachtelijke markt plaats in het hart van de oude stad, het Plaza de la Merced.<\/p>\n<p>Een ideaal idee als je een stadsmens bent en houdt van een aangename zondagse wandeling onder bloeiende jacaranda&#8217;s om daarna iets te drinken op de vele terrasjes en restaurants die het plein omringen.<\/p>\n<ul>\n<li><a href=\"https:\/\/goo.gl\/maps\/w3kV85d5km7FYWFFA\" data-wpel-link=\"external\" target=\"_blank\" rel=\"external noopener noreferrer\" class=\"ext-link wpel-icon-right\"><strong> Hoe er te komen<\/strong><span class=\"wpel-icon wpel-image wpel-icon-2\"><\/span><\/a><\/li>\n<\/ul>\n<h3><span class=\"ez-toc-section\" id=\"Stedelijke_markt_Soho_%E2%80%93_Malaga\"><\/span>Stedelijke markt Soho &#8211; M\u00e1laga<span class=\"ez-toc-section-end\"><\/span><\/h3>\n<p><img loading=\"lazy\" decoding=\"async\" class=\"alignnone wp-image-19004\" src=\"https:\/\/www.malagacar.com\/sp\/blog\/wp-content\/uploads\/2025\/03\/mercado-soho.jpg\" alt=\"Mercado Urbano del Soho - M\u00e1laga\" width=\"505\" height=\"477\" \/><\/p>\n<p>In de Soho-kunstenaarswijk, gelegen in het stadscentrum en op een steenworp afstand van de zee, vindt elke vierde zondag van de maand een ambachtsmarkt plaats met lokale producenten.<\/p>\n<p>Geniet van een wandeling door de autovrije straten van M\u00e1laga, ontdek unieke ambachtelijke producten en ga vervolgens naar een van de vele bars en terrassen voor een hapje, tapas of een zondagse lunch.<\/p>\n<ul>\n<li>Wanneer: Elke 4e zondag van de maand van 11.00 tot 19.00 uur<\/li>\n<li><a href=\"https:\/\/maps.app.goo.gl\/asfjfpNXfTL9Dkx79\" data-wpel-link=\"external\" target=\"_blank\" rel=\"external noopener noreferrer\" class=\"ext-link wpel-icon-right\"><strong>Hoe er te komen<\/strong><span class=\"wpel-icon wpel-image wpel-icon-2\"><\/span><\/a><\/li>\n<\/ul>\n<h3><span class=\"ez-toc-section\" id=\"De_Engelse_Megraafplaats_Markt_%E2%80%93_Malaga\"><\/span>De Engelse Megraafplaats Markt \u2013 M\u00e1laga<span class=\"ez-toc-section-end\"><\/span><\/h3>\n<p><img loading=\"lazy\" decoding=\"async\" class=\"alignnone size-full wp-image-16454\" src=\"https:\/\/www.malagacar.com\/sp\/blog\/wp-content\/uploads\/2024\/11\/Mercadillo-del-Ingles-1024x683-1.jpg\" alt=\"Mercadillo del Ingl\u00e9s \u2013 M\u00e1laga\" width=\"1024\" height=\"683\" \/><\/p>\n<p>Een nieuw formaat speciale vlooienmarkt wordt toegevoegd aan het culturele aanbod in de stad.<\/p>\n<p>Eens per maand wordt er op de <a href=\"https:\/\/www.malagacar.com\/nl\/blog\/wat-te-doen-in-malaga\/merkwaardige-begraafplaatsen-malaga\/#Engelse_Begraafplaats_Malaga\" data-wpel-link=\"internal\"><strong>Engelse begraafplaats<\/strong><\/a> in het stadscentrum een vlooienmarkt gehouden met handwerk, vintage decoratie, tweedehands boeken, keramiek en unieke producten. Er is ook livemuziek en er zijn foodtrucks.<\/p>\n<p>Wat bijzonder is, is de plek zelf, een emblematische plek vol charme: de Engelse Begraafplaats, de oudste niet-katholieke necropolis op het Iberisch schiereiland. Wandelend door de prachtige tuin kun je de graven ontdekken van internationale persoonlijkheden uit die tijd die hier begraven liggen.<\/p>\n<p>Gratis toegang.<\/p>\n<ul>\n<li>Volgende editie op de <a href=\"https:\/\/cementerioinglesmalaga.org\/\" data-wpel-link=\"external\" target=\"_blank\" rel=\"external noopener noreferrer\" class=\"ext-link wpel-icon-right\"><strong>offici\u00eble website<\/strong><span class=\"wpel-icon wpel-image wpel-icon-2\"><\/span><\/a><\/li>\n<li><a href=\"https:\/\/maps.app.goo.gl\/ibfgQuF52hBNZoD86\" data-wpel-link=\"external\" target=\"_blank\" rel=\"external noopener noreferrer\" class=\"ext-link wpel-icon-right\"><strong>Hoe er te komen<\/strong><span class=\"wpel-icon wpel-image wpel-icon-2\"><\/span><\/a><\/li>\n<\/ul>\n<h3><span class=\"ez-toc-section\" id=\"Ambachtsmarkt_in_Cartama\"><\/span>Ambachtsmarkt in C\u00e1rtama<span class=\"ez-toc-section-end\"><\/span><\/h3>\n<p><img loading=\"lazy\" decoding=\"async\" class=\"alignnone wp-image-18937\" src=\"https:\/\/www.malagacar.com\/sp\/blog\/wp-content\/uploads\/2026\/01\/mercado-artesanal-cartama.jpg\" alt=\"Mercado Artesanal de C\u00e1rtama\" width=\"501\" height=\"706\" \/><\/p>\n<p>Elke eerste zondag van de maand vindt er een ambachtsmarkt plaats in C\u00e1rtama, met een breed scala aan unieke, handgemaakte artikelen en lokale voedingsproducten.<\/p>\n<p>De markt bevindt zich in het park van de woonwijk Los Naranjos, naast de markt bij het treinstation van C\u00e1rtama, en is geopend van 9.00 tot 14.00 uur.<\/p>\n<ul>\n<li><a href=\"https:\/\/maps.app.goo.gl\/sFxk8nydT4Pyx8CY6\" data-wpel-link=\"external\" target=\"_blank\" rel=\"external noopener noreferrer\" class=\"ext-link wpel-icon-right\"><strong>Hoe er te komen<\/strong><span class=\"wpel-icon wpel-image wpel-icon-2\"><\/span><\/a><\/li>\n<\/ul>\n<h3><span class=\"ez-toc-section\" id=\"Maandelijkse_markt_%E2%80%93_Corumbela_Axarquia\"><\/span>Maandelijkse markt \u2013 Corumbela, Axarqu\u00eda<span class=\"ez-toc-section-end\"><\/span><\/h3>\n<p><img loading=\"lazy\" decoding=\"async\" class=\"alignnone wp-image-19081\" src=\"https:\/\/www.malagacar.com\/sp\/blog\/wp-content\/uploads\/2026\/02\/Mercado-corumbela.jpg\" alt=\"Mercado mensual \u2013 Corumbela\" width=\"551\" height=\"688\" \/><\/p>\n<p>Zin om de regio Axarqu\u00eda in M\u00e1laga te verkennen en uw rondreis te combineren met een bezoek aan een lokale markt?<\/p>\n<p>Corumbela, met minder dan 300 inwoners, is een van de hoogstgelegen dorpen in de Axarqu\u00eda, op een hoogte van 632 meter. Deze hoogte biedt een prachtig uitzicht in alle richtingen. Er zijn zelfs uitkijkpunten vanwaar u de Middellandse Zee kunt zien.<\/p>\n<p>De markt in Corumbela wordt elke eerste woensdag van de maand gehouden op het enige plein van het dorp. Hier vindt u lokale producten, handwerk, zelfgemaakte zoetigheden, kleding en accessoires, en kunt u authentieke creaties en smaken ontdekken. De volgende markt is op 4 maart.<\/p>\n<ul>\n<li>Wanneer: Elke eerste woensdag van de maand, van 10.00 tot 14.00 uur<\/li>\n<li>Waar: Plaza de San Pedro, Corumbela<\/li>\n<li><a href=\"https:\/\/maps.app.goo.gl\/yK4P9qZh1bz9WjHi7\" data-wpel-link=\"external\" target=\"_blank\" rel=\"external noopener noreferrer\" class=\"ext-link wpel-icon-right\"><strong>Hoe er te komen<\/strong><span class=\"wpel-icon wpel-image wpel-icon-2\"><\/span><\/a><\/li>\n<\/ul>\n<h3><span class=\"ez-toc-section\" id=\"Puerto_Market_%E2%80%93_Benalmadena\"><\/span>Puerto Market \u2013 Benalm\u00e1dena<span class=\"ez-toc-section-end\"><\/span><\/h3>\n<p><img loading=\"lazy\" decoding=\"async\" class=\"alignnone wp-image-19091\" src=\"https:\/\/www.malagacar.com\/sp\/blog\/wp-content\/uploads\/2026\/02\/Puerto-market2-819x1024.jpg\" alt=\"Puerto Market \u2013 Benalm\u00e1dena\" width=\"505\" height=\"632\" \/><\/p>\n<p>Combineer een wandeling door de bekroonde jachthaven van Benalm\u00e1dena met een bezoek aan de &#8216;Puerto Market&#8217;, waar een breed scala aan handgemaakte producten, decoraties, accessoires, cadeaus, gezondheids- en schoonheidsproducten, antiek en tweedehands boeken te vinden is.<\/p>\n<ul>\n<li>Wanneer: Elk weekend in april, van 12.00 tot 19.00 uur.<\/li>\n<li>Waar: Puerto Marina, Benalm\u00e1dena<\/li>\n<li><a href=\"https:\/\/maps.app.goo.gl\/ReVF6HX5cEATiNh8A\" data-wpel-link=\"external\" target=\"_blank\" rel=\"external noopener noreferrer\" class=\"ext-link wpel-icon-right\"><strong>Hoe er te komen<\/strong><span class=\"wpel-icon wpel-image wpel-icon-2\"><\/span><\/a><\/li>\n<\/ul>\n<h3><span class=\"ez-toc-section\" id=\"Ambachtsmarkt_%E2%80%93_Torrox_Pueblo\"><\/span>Ambachtsmarkt \u2013 Torrox Pueblo<span class=\"ez-toc-section-end\"><\/span><\/h3>\n<p><img loading=\"lazy\" decoding=\"async\" class=\"alignnone wp-image-19232\" src=\"https:\/\/www.malagacar.com\/sp\/blog\/wp-content\/uploads\/2026\/03\/mercado-artesanal-Torrox-pueblo-796x1024.jpg\" alt=\"Mercado Artesanal \u2013 Torrox Pueblo\" width=\"453\" height=\"583\" \/><\/p>\n<p>Het centrale Plaza de la Constituci\u00f3n is tijdens de warmere maanden de locatie voor de Internationale Ambachtsmarkt.<\/p>\n<p>Deze markt vindt elke laatste zaterdag van de maand plaats tot en met november en biedt zo&#8217;n 40 kraampjes met kunst en handwerk, evenals livemuziek, van 10:00 tot 15:00 uur.<\/p>\n<p>In juli en augustus verandert de markt in een avondmarkt, geopend van 19:00 tot middernacht.<\/p>\n<ul>\n<li>Wanneer: Elke laatste zaterdag van de maand<\/li>\n<li>Waar: Torrox Pueblo<\/li>\n<li><a href=\"https:\/\/maps.app.goo.gl\/nNfFDzXbFCoCZDSSA\" data-wpel-link=\"external\" target=\"_blank\" rel=\"external noopener noreferrer\" class=\"ext-link wpel-icon-right\"><strong>Hoe er te komen<\/strong><span class=\"wpel-icon wpel-image wpel-icon-2\"><\/span><\/a><\/li>\n<\/ul>\n<h3><span class=\"ez-toc-section\" id=\"Vlooienmarkten_en_straatmarkten_in_de_provincie\"><\/span>Vlooienmarkten en straatmarkten in de provincie<span class=\"ez-toc-section-end\"><\/span><\/h3>\n<p><a href=\"https:\/\/www.malagacar.com\/nl\/blog\/wat-te-doen-in-malaga\/straatmarkten-malaga\/\" data-wpel-link=\"internal\"><img loading=\"lazy\" decoding=\"async\" class=\"alignnone size-full wp-image-5265\" src=\"https:\/\/www.malagacar.com\/nl\/blog\/wp-content\/uploads\/2024\/05\/mercadillos-nl.jpg\" alt=\"straatmarkten in M\u00e1laga\" width=\"1200\" height=\"691\" srcset=\"https:\/\/www.malagacar.com\/nl\/blog\/wp-content\/uploads\/2024\/05\/mercadillos-nl.jpg 1200w, https:\/\/www.malagacar.com\/nl\/blog\/wp-content\/uploads\/2024\/05\/mercadillos-nl-300x173.jpg 300w, https:\/\/www.malagacar.com\/nl\/blog\/wp-content\/uploads\/2024\/05\/mercadillos-nl-1024x590.jpg 1024w, https:\/\/www.malagacar.com\/nl\/blog\/wp-content\/uploads\/2024\/05\/mercadillos-nl-768x442.jpg 768w\" sizes=\"auto, (max-width: 1200px) 100vw, 1200px\" \/><\/a><\/p>\n<p>In de gemeenten langs de Costa del Sol is er een breed aanbod van wekelijkse straatmarkten en vlooienmarkten.<\/p>\n<p>Je vindt er van alles, van vers fruit en groenten, gedroogd fruit en noten, olijven en kruiden, speelgoed, aardewerk en typisch handwerk tot kleding, schoenen, bloemen en potten, namaakdesignerartikelen en nog veel meer.<\/p>\n<ul>\n<li>Hier vind je alle <a href=\"https:\/\/www.malagacar.com\/nl\/blog\/wat-te-doen-in-malaga\/straatmarkten-malaga\/\" data-wpel-link=\"internal\"><strong>Vlooienmarkten &amp; Straatmarkten in M\u00e1laga en de Costa del Sol<\/strong><\/a><\/li>\n<\/ul>\n<h2><span class=\"ez-toc-section\" id=\"Bezoek_de_Musea_van_Malaga\"><\/span>Bezoek de Musea van M\u00e1laga<span class=\"ez-toc-section-end\"><\/span><\/h2>\n<figure id=\"attachment_5775\" aria-describedby=\"caption-attachment-5775\" style=\"width: 700px\" class=\"wp-caption alignnone\"><img loading=\"lazy\" decoding=\"async\" class=\"wp-image-5775 size-full\" src=\"https:\/\/www.malagacar.com\/dk\/blog\/wp-content\/uploads\/2020\/01\/museo-picasso-vista-nocturna.jpg\" alt=\"\" width=\"700\" height=\"450\" \/><figcaption id=\"caption-attachment-5775\" class=\"wp-caption-text\">Nachtzicht op het Picasso Museum<\/figcaption><\/figure>\n<ul>\n<li>Veel <a href=\"https:\/\/www.malagacar.com\/dk\/blog\/freizeit\/museen-in-malaga\/\" data-wpel-link=\"exclude\"><strong>musea in M\u00e1laga<\/strong><\/a> bieden naast hun permanente collecties vaak tijdelijke tentoonstellingen aan.<\/li>\n<li>Kaart van de <strong><a href=\"https:\/\/goo.gl\/maps\/xLvkHvv8x5NJm199A\" data-wpel-link=\"external\" target=\"_blank\" rel=\"external noopener noreferrer\" class=\"ext-link wpel-icon-right\">musea in M\u00e1laga in \u00e9\u00e9n oogopslag<span class=\"wpel-icon wpel-image wpel-icon-2\"><\/span><\/a><\/strong>.<\/li>\n<\/ul>\n<h3><span class=\"ez-toc-section\" id=\"Gratis_rondleidingen_%E2%80%93_Malaga_Museum\"><\/span>Gratis rondleidingen &#8211; M\u00e1laga Museum<span class=\"ez-toc-section-end\"><\/span><\/h3>\n<h3><img loading=\"lazy\" decoding=\"async\" class=\"alignnone wp-image-14397\" src=\"https:\/\/www.malagacar.com\/sp\/blog\/wp-content\/uploads\/2021\/07\/Museo-de-Malaga-819x1024.jpg\" alt=\"Museo de M\u00e1laga\" width=\"550\" height=\"688\" \/><\/h3>\n<p>Geniet op zaterdag van een wandeling door de kunst- en archeologiecollecties. Het <a href=\"https:\/\/www.malagacar.com\/nl\/blog\/vrije-tijd\/beste-musea-in-malaga\/#Museum_van_Malaga\" data-wpel-link=\"internal\"><strong>Museum van M\u00e1laga<\/strong><\/a> biedt elke zaterdag om 12.00 uur gratis rondleidingen aan, elk met een ander thema.<\/p>\n<p>Registratie is mogelijk bij de ingang op de dag van de activiteit, vanaf de openingstijd van het museum. Kijk op hun website voor het wekelijkse aanbod.<\/p>\n<ul>\n<li>Wanneer: Zaterdag om 12.00 uur<\/li>\n<li>Waar: M\u00e1laga Museum<\/li>\n<li><a href=\"https:\/\/maps.app.goo.gl\/ZRb4BVzcJ2ToyXaH8\" data-wpel-link=\"external\" target=\"_blank\" rel=\"external noopener noreferrer\" class=\"ext-link wpel-icon-right\"><strong>Hoe er te komen<\/strong><span class=\"wpel-icon wpel-image wpel-icon-2\"><\/span><\/a><\/li>\n<\/ul>\n<h3><span class=\"ez-toc-section\" id=\"Rondleidingen_in_de_historische_botanische_tuin_La_Concepcion\"><\/span>Rondleidingen in de historische botanische tuin La Concepci\u00f3n<span class=\"ez-toc-section-end\"><\/span><\/h3>\n<p><img loading=\"lazy\" decoding=\"async\" class=\"alignnone wp-image-15201\" src=\"https:\/\/www.malagacar.com\/sp\/blog\/wp-content\/uploads\/2023\/02\/Botanico.jpg\" alt=\"Visitas guiadas en el Jard\u00edn Bot\u00e1nico Hist\u00f3rico La Concepci\u00f3n\" width=\"594\" height=\"833\" \/><\/p>\n<p>Rondleidingen in de tuin van La Concepci\u00f3n zijn terug. Geniet in het weekend van een rondleiding door de prachtige <a href=\"https:\/\/www.malagacar.com\/nl\/blog\/vrije-tijd\/historische-botanische-tuin-malaga\/\" data-wpel-link=\"internal\"><strong>historische botanische tuin La Concepci\u00f3n<\/strong><\/a>, overdag of &#8217;s avonds.<\/p>\n<p>Op zaterdag en zondag om 12 uur zijn er &#8220;Charming walks&#8221;. Op vrijdag zijn er in de schemering &#8220;Nachten met geschiedenis&#8221; (van oktober tot maart om 20.00 uur, van april tot september om 21.00 uur). De rondleidingen duren ongeveer anderhalf uur.<\/p>\n<ul>\n<li>Informatie en reserveringen: <a href=\"mailto:infojbotanicomalaga@gmail.com\">infojbotanicomalaga@gmail.com<\/a> of de telefoons +34 951926180 \/ +34 639914055.<\/li>\n<li><a href=\"https:\/\/maps.app.goo.gl\/yE9TdeVfEzp1q8nF7\" data-wpel-link=\"external\" target=\"_blank\" rel=\"external noopener noreferrer\" class=\"ext-link wpel-icon-right\"><strong> Hoe er te komen <\/strong><span class=\"wpel-icon wpel-image wpel-icon-2\"><\/span><\/a><\/li>\n<\/ul>\n<h3><span class=\"ez-toc-section\" id=\"Bezoek_aan_de_Victoria_brouwerij_%E2%80%93_Malaga\"><\/span>Bezoek aan de Victoria brouwerij &#8211; M\u00e1laga<span class=\"ez-toc-section-end\"><\/span><\/h3>\n<p><img loading=\"lazy\" decoding=\"async\" class=\"alignnone size-full wp-image-16182\" src=\"https:\/\/www.malagacar.com\/sp\/blog\/wp-content\/uploads\/2023\/10\/cerveza-victoria.jpg\" alt=\"F\u00e1brica de cerveza Victoria - M\u00e1laga\" width=\"900\" height=\"471\" \/><\/p>\n<p>Wist u dat Cervezas Victoria rondleidingen aanbiedt waarbij u meer te weten kunt komen over het productieproces en de geschiedenis?<\/p>\n<p>Als u van bier houdt, kan het interessant zijn om deze 100% Malague\u00f1a-brouwerij te bezoeken.<\/p>\n<p>Het is een rondleiding van 90 minuten waarbij u uit eerste hand de geheimen van het Victoria-bier &#8220;Malague\u00f1a y exquisita&#8221; leert kennen en het natuurlijk ook kunt proeven!<\/p>\n<ul>\n<li>Rondleidingen beschikbaar in het Spaans en Engels via <strong><a href=\"https:\/\/visitas.cervezavictoria.es\/muslinkIII_vic_nofr\/venda\/index.jsp?lang=1&amp;nom_cache=VICTORIA&amp;property=VICTORIA#close\" target=\"_blank\" rel=\"nofollow noopener external noreferrer\" data-wpel-link=\"external\" class=\"ext-link wpel-icon-right\">deze link<span class=\"wpel-icon wpel-image wpel-icon-2\"><\/span><\/a><\/strong>.<\/li>\n<li><a href=\"https:\/\/www.cervezavictoria.es\/es\" target=\"_blank\" rel=\"nofollow noopener external noreferrer\" data-wpel-link=\"external\" class=\"ext-link wpel-icon-right\"><strong>Website<\/strong><span class=\"wpel-icon wpel-image wpel-icon-2\"><\/span><\/a><\/li>\n<li><a href=\"https:\/\/goo.gl\/maps\/xkcUqWb22oHAaqFc6\" target=\"_blank\" rel=\"nofollow noopener external noreferrer\" data-wpel-link=\"external\" class=\"ext-link wpel-icon-right\"><strong>Routebeschrijving<\/strong><span class=\"wpel-icon wpel-image wpel-icon-2\"><\/span><\/a><\/li>\n<\/ul>\n<h3><span class=\"ez-toc-section\" id=\"Gedramatiseerde_nachtelijke_rondleidingen_Automobielmuseum_%E2%80%93_Malaga\"><\/span>Gedramatiseerde nachtelijke rondleidingen Automobielmuseum &#8211; M\u00e1laga<span class=\"ez-toc-section-end\"><\/span><\/h3>\n<p><img loading=\"lazy\" decoding=\"async\" class=\" wp-image-9447\" src=\"https:\/\/www.malagacar.com\/sp\/blog\/wp-content\/uploads\/2021\/09\/museo-automovilistico2.jpg\" alt=\"Museo Automovil\u00edstico\" width=\"982\" height=\"656\" \/><\/p>\n<p>Historia Viva M\u00e1laga heeft gedramatiseerde nachtelijke bezoeken georganiseerd aan het Automobile and Fashion Museum in M\u00e1laga. Bezoekers kunnen leren over de geschiedenis van historische auto&#8217;s door middel van relevante personages.<\/p>\n<p>Onder deze personages zijn Agent 007, die zijn licentie om te doden vernieuwt, of Amelia Earhart, de eerste vrouwelijke vliegenier die de Atlantische Oceaan overstak, Coco Chanel of Salvador Dal\u00ed. De rondleiding duurt ongeveer anderhalf uur.<\/p>\n<ul>\n<li>Tickets bij de <a href=\"https:\/\/historiavivamalaga.es\/visitas-teatralizadas-en-malaga\/museo-automovilistico-y-de-la-moda-en-malaga\/\" data-wpel-link=\"external\" target=\"_blank\" rel=\"external noopener noreferrer\" class=\"ext-link wpel-icon-right\"><strong>Website<\/strong><span class=\"wpel-icon wpel-image wpel-icon-2\"><\/span><\/a><\/li>\n<li>Wanneer: De eerste vrijdag van elke maand (zolang de evenementenkalender van het museum het toelaat)<\/li>\n<li>Waar: Museo Automovil\u00edstico y de la Moda M\u00e1laga<\/li>\n<li><a href=\"https:\/\/maps.app.goo.gl\/G5hqDkF77EADCBBg8\" data-wpel-link=\"external\" target=\"_blank\" rel=\"external noopener noreferrer\" class=\"ext-link wpel-icon-right\"><strong> Hoe er te komen <\/strong><span class=\"wpel-icon wpel-image wpel-icon-2\"><\/span><\/a><\/li>\n<\/ul>\n<h2><span class=\"ez-toc-section\" id=\"Marenostrum_Fuengirola_concerten_deze_zomer\"><\/span>Marenostrum Fuengirola concerten deze zomer<span class=\"ez-toc-section-end\"><\/span><\/h2>\n<p><img loading=\"lazy\" decoding=\"async\" class=\"alignnone wp-image-15283\" src=\"https:\/\/www.malagacar.com\/sp\/blog\/wp-content\/uploads\/2023\/03\/Marenostrum-819x1024.jpg\" alt=\"Marenostrum Fuengirola\" width=\"500\" height=\"626\" \/><\/p>\n<p>Er zijn nu kaarten te koop voor de shows die deze zomer gepland staan op de prachtige openluchtconcertlocatie, naast de zee en het Sohail Kasteel.<\/p>\n<p>Je kunt kaartjes kopen voor verschillende shows, waaronder flamenco, pop, rock, latin of metal, en voor verschillende muziekfestivals.<\/p>\n<p><a href=\"https:\/\/www.malagacar.com\/blog\/leisure\/marenostrum-fuengirola-concerts\/\" data-wpel-link=\"exclude\"><img loading=\"lazy\" decoding=\"async\" class=\"alignnone size-full wp-image-9255\" src=\"https:\/\/www.malagacar.com\/blog\/wp-content\/uploads\/2022\/04\/marenostrum-en.jpg\" alt=\"Marenostrum Fuengirola Concerts\" width=\"1024\" height=\"593\" \/><\/a><\/p>\n<ul>\n<li>Ontdek alle artiesten van dit jaar en alle informatie in ons artikel <a href=\"https:\/\/www.malagacar.com\/nl\/blog\/wat-te-doen-in-malaga\/marenostrum-fuengirola-concerten\/\" data-wpel-link=\"internal\"><strong>Marenostrum Fuengirola 2026<\/strong><\/a>.<\/li>\n<li>Tickets kunnen worden gekocht via de <a href=\"https:\/\/marenostrumfuengirola.com\/\" data-wpel-link=\"external\" target=\"_blank\" rel=\"external noopener noreferrer\" class=\"ext-link wpel-icon-right\"><strong> offici\u00eble website<\/strong><span class=\"wpel-icon wpel-image wpel-icon-2\"><\/span><\/a>.<\/li>\n<\/ul>\n<h2><span class=\"ez-toc-section\" id=\"Concerten_Starlite_Marbella_deze_zomer\"><\/span>Concerten Starlite Marbella deze zomer<span class=\"ez-toc-section-end\"><\/span><\/h2>\n<p><a href=\"https:\/\/www.malagacar.com\/nl\/blog\/wat-te-doen-in-malaga\/starlite-marbella\/\" data-wpel-link=\"internal\"><img loading=\"lazy\" decoding=\"async\" class=\"alignnone wp-image-10888 size-large\" src=\"https:\/\/www.malagacar.com\/sp\/blog\/wp-content\/uploads\/2022\/04\/starlight-full-1024x608.jpg\" alt=\"starlite Marbella\" width=\"750\" height=\"445\" \/><\/a><\/p>\n<p>Een van de beste openluchtlocaties is Starlite Marbella. Elk jaar brengt het prestigieuze artiesten naar intieme, boetiekconcerten in de unieke omgeving van de Nag\u00fceles-steengroeve in Marbella.<\/p>\n<p>Het festival biedt bijna 50 concertdagen in juni, juli en augustus. De line-up omvat enkele van de meest vooraanstaande artiesten uit de muziekwereld.<\/p>\n<p>In onze speciale editie <a href=\"https:\/\/www.malagacar.com\/nl\/blog\/wat-te-doen-in-malaga\/starlite-marbella\/\" data-wpel-link=\"internal\"><strong>Starlite Marbella 2026<\/strong><\/a> vind je de bevestigde artiesten voor deze zomer en alles wat je moet weten om optimaal van dit evenement te genieten.<\/p>\n<h2><span class=\"ez-toc-section\" id=\"Muziekfestivals_aan_de_Costa_del_Sol_2026\"><\/span>Muziekfestivals aan de Costa del Sol 2026<span class=\"ez-toc-section-end\"><\/span><\/h2>\n<p><a href=\"https:\/\/www.malagacar.com\/nl\/blog\/vrije-tijd\/muziek-festivals-costa-del-sol\/\" data-wpel-link=\"internal\"><img loading=\"lazy\" decoding=\"async\" class=\"alignnone wp-image-9713\" src=\"https:\/\/www.malagacar.com\/blog\/wp-content\/uploads\/2021\/12\/music-festivals-en.jpg\" alt=\"\" width=\"999\" height=\"596\" \/><\/a><\/p>\n<p>Je hoeft niet tot de zomer te wachten om te genieten van live muziek op de beste locaties in Malaga!<\/p>\n<p>Zoals je weet begint het seizoen aan de Costa del Sol vroeg.\u00a0Hier heb je alle <a href=\"https:\/\/www.malagacar.com\/nl\/blog\/vrije-tijd\/muziek-festivals-costa-del-sol\/\" data-wpel-link=\"internal\"><strong>muziekfestivals aan de Costa del Sol 2026<\/strong><\/a>, zodat je er geen een hoeft te missen!<\/p>\n<h2><span class=\"ez-toc-section\" id=\"Beach_Clubs_Seizoensopening\"><\/span>Beach Clubs Seizoensopening<span class=\"ez-toc-section-end\"><\/span><\/h2>\n<p>Voor fans van zon en strandfeesten is de opening van het seizoen van de beste strandclubs in Marbella het aftellen dat de zomer niet ver weg meer is.<\/p>\n<h4>Nikki Beach Marbella<\/h4>\n<p>De populaire Beach Club opent zijn deuren voor het seizoen van 2026 in het weekend van 2 t\/m 5 april onder het thema &#8220;Terug naar het paradijs&#8221;.<\/p>\n<p>Geniet van een weekend vol entertainment met live saxofoonmuziek, een drumshow en resident-dj&#8217;s.<\/p>\n<p><img loading=\"lazy\" decoding=\"async\" class=\"alignnone size-full wp-image-13311\" src=\"https:\/\/www.malagacar.com\/sp\/blog\/wp-content\/uploads\/2022\/03\/Nikki-1.jpg\" alt=\"Nikki Beach Marbella\" width=\"614\" height=\"768\" \/><\/p>\n<ul>\n<li>Wanneer: Van 2 tot en met 5 april, van 12.00 tot 19.00 uur.<\/li>\n<li>Waar: Nikki Beach, strand van Hotel Don Carlos<\/li>\n<li><a href=\"https:\/\/goo.gl\/maps\/tRoS9CLMQgk\" data-wpel-link=\"external\" target=\"_blank\" rel=\"external noopener noreferrer\" class=\"ext-link wpel-icon-right\"><strong> Hoe er te komen <\/strong><span class=\"wpel-icon wpel-image wpel-icon-2\"><\/span><\/a><\/li>\n<\/ul>\n<h2><span class=\"ez-toc-section\" id=\"Gastronomische_festivals_in_Malaga_in_April\"><\/span>Gastronomische festivals in M\u00e1laga in April<span class=\"ez-toc-section-end\"><\/span><\/h2>\n<h3><span class=\"ez-toc-section\" id=\"Kaasbeurs_%E2%80%93_Estepona\"><\/span>Kaasbeurs \u2013 Estepona<span class=\"ez-toc-section-end\"><\/span><\/h3>\n<p><img loading=\"lazy\" decoding=\"async\" class=\"alignnone wp-image-19320\" src=\"https:\/\/www.malagacar.com\/sp\/blog\/wp-content\/uploads\/2026\/03\/cartel-feria-queso-820x1024.jpg\" alt=\"Feria Queso \u2013 Estepona\" width=\"502\" height=\"627\" \/><\/p>\n<p>Kaasliefhebbers opgelet! De populaire kaasmarkt \u2018Popi\u2019, een voorproefje van M\u00e1laga, is terug en staat volledig in het teken van M\u00e1laga-kaas en andere lokale delicatessen.<\/p>\n<p>De Pase\u00edllo in de Calle Real is de locatie voor deze openluchtmarkt, waar meer dan dertig producenten ambachtelijke kazen, zuivelproducten, wijnen en andere typisch Andalusische producten aanbieden.<\/p>\n<p>Er zijn onder andere kaasproeverijen en directe verkoop, Andalusische wijnen en zoetigheden, demonstraties van lokale gerechten en een ham-snijwedstrijd.<\/p>\n<ul>\n<li>Wanneer: 17-19 april, 12:00 tot 22:00 uur<\/li>\n<li>Waar: Calle Real, Estepona<\/li>\n<li><a href=\"https:\/\/maps.app.goo.gl\/aRHhqCeUorKmHa7C7\" data-wpel-link=\"external\" target=\"_blank\" rel=\"external noopener noreferrer\" class=\"ext-link wpel-icon-right\"><strong>Hoe er te komen<\/strong><span class=\"wpel-icon wpel-image wpel-icon-2\"><\/span><\/a><\/li>\n<\/ul>\n<h3><span class=\"ez-toc-section\" id=\"Route_langs_typische_gerechten_van_Malaga_tijdens_de_vastenperiode\"><\/span>Route langs typische gerechten van M\u00e1laga tijdens de vastenperiode<span class=\"ez-toc-section-end\"><\/span><\/h3>\n<p><img loading=\"lazy\" decoding=\"async\" class=\"alignnone size-full wp-image-18983\" src=\"https:\/\/www.malagacar.com\/sp\/blog\/wp-content\/uploads\/2026\/02\/gastro-cuaresma.jpg\" alt=\"platos t\u00edpicos M\u00e1laga Cuaresma Semana Santa\" width=\"1000\" height=\"730\" \/><\/p>\n<p>Van Aswoensdag tot Stille Zaterdag kunt u in M\u00e1laga genieten van traditionele recepten waarin vis, groenten en peulvruchten de hoofdrol spelen.<\/p>\n<p>Komt u de komende weken naar de Costa del Sol en wilt u graag door de oude binnenstad slenteren en unieke smaken ontdekken?<\/p>\n<p>We hebben een speciale editie voor onze bezoekers samengesteld waarin we u meer vertellen over typische gerechten uit M\u00e1laga tijdens de vastenperiode en Pasen, en waar u deze kunt vinden.<\/p>\n<ul>\n<li>Volg <a href=\"https:\/\/www.malagacar.com\/nl\/blog\/vrije-tijd\/typische-gerechten-malaga-vastentijd-pasen\/\" data-wpel-link=\"internal\"><strong>deze link<\/strong><\/a><\/li>\n<\/ul>\n<h3><span class=\"ez-toc-section\" id=\"Ajobacacalao-route_in_Velez-Malaga\"><\/span>Ajobacacalao-route in V\u00e9lez-M\u00e1laga<span class=\"ez-toc-section-end\"><\/span><\/h3>\n<p><img loading=\"lazy\" decoding=\"async\" class=\"alignnone wp-image-19150\" src=\"https:\/\/www.malagacar.com\/sp\/blog\/wp-content\/uploads\/2026\/02\/Ruta-ajobacalao-Velez-Malaga-739x1024.jpg\" alt=\"Ruta del Ajobacalao en V\u00e9lez-M\u00e1laga\" width=\"494\" height=\"685\" \/><\/p>\n<p>In V\u00e9lez-M\u00e1laga, gelegen in de regio Axarqu\u00eda op ongeveer 40 km van M\u00e1laga, wordt tijdens de vastenperiode een bijzondere gastronomische route gevierd.<\/p>\n<p>Typisch voor deze streek is ajobacalao. Dit is een mengsel van broodkruimels, extra vierge olijfolie, gezouten kabeljauw, knoflook, citroen, paprika en chilipeper, uitgesmeerd op brood. Traditioneel wordt het bereid voor de dragers van de religieuze tronen om hen nieuwe kracht te geven.<\/p>\n<p>Between March 10 and April 5, local restaurants offer recipes such as cod in pil-pil sauce, garlic cod croquettes and stews, highlighting traditional cuisine and the avocado from the Axarqu\u00eda region.<\/p>\n<ul>\n<li>Wanneer: 10 maart tot en met 5 april<\/li>\n<li>Waar: Bars en restaurants in V\u00e9lez-M\u00e1laga (zie QR-code op de poster)<\/li>\n<li><a href=\"https:\/\/maps.app.goo.gl\/orXk2NC3CHUERJYE8\" data-wpel-link=\"external\" target=\"_blank\" rel=\"external noopener noreferrer\" class=\"ext-link wpel-icon-right\"><strong>Hoe er te komen<\/strong><span class=\"wpel-icon wpel-image wpel-icon-2\"><\/span><\/a><\/li>\n<\/ul>\n<h3><span class=\"ez-toc-section\" id=\"%E2%80%9CProef_Casares%E2%80%9D_%E2%80%93_Casares\"><\/span>\u201cProef Casares\u201d &#8211; Casares<span class=\"ez-toc-section-end\"><\/span><\/h3>\n<p><img loading=\"lazy\" decoding=\"async\" class=\"alignnone size-full wp-image-19227\" src=\"https:\/\/www.malagacar.com\/sp\/blog\/wp-content\/uploads\/2026\/03\/degusta-Casares.jpg\" alt=\"\u201cDegusta Casares\u201d - Casares\" width=\"509\" height=\"720\" \/><\/p>\n<p>Profiteer van dit culinaire evenement om het prachtige witte dorp Casares te ontdekken, gelegen op 17 km van Estepona in het binnenland van de provincie.<\/p>\n<p>Deze gastronomische en culturele beurs vindt plaats op 18 en 19 april en omvat een ambachtsmarkt, een historische route, workshops ambachten en koken, kookdemonstraties en livemuziek.<\/p>\n<ul>\n<li>Wanneer: 18 en 19 april, vanaf 11:00 uur<\/li>\n<li>Waar: Casares<\/li>\n<li><a href=\"https:\/\/maps.app.goo.gl\/LDHh6CG9rPg7NFBfA\" data-wpel-link=\"external\" target=\"_blank\" rel=\"external noopener noreferrer\" class=\"ext-link wpel-icon-right\"><strong>Hoe er te komen<\/strong><span class=\"wpel-icon wpel-image wpel-icon-2\"><\/span><\/a><\/li>\n<\/ul>\n<h3><span class=\"ez-toc-section\" id=\"Aspergedag_%E2%80%93_Sierra_de_Yeguas\"><\/span>Aspergedag &#8211; Sierra de Yeguas<span class=\"ez-toc-section-end\"><\/span><\/h3>\n<figure id=\"attachment_15288\" aria-describedby=\"caption-attachment-15288\" style=\"width: 1000px\" class=\"wp-caption alignnone\"><img loading=\"lazy\" decoding=\"async\" class=\"size-full wp-image-15288\" src=\"https:\/\/www.malagacar.com\/sp\/blog\/wp-content\/uploads\/2023\/03\/Esparragos-Credit-Depositphotos.jpg\" alt=\"Dia de esp\u00e1rragos, Sierra de Yeguas\" width=\"1000\" height=\"667\" \/><figcaption id=\"caption-attachment-15288\" class=\"wp-caption-text\">Credit Depositphotos<\/figcaption><\/figure>\n<p>De aspergehoofdstad viert opnieuw een gastronomische dag gewijd aan haar sterproduct, met gratis proeverijen van zo&#8217;n 2.000 kilo asperges bereid in verschillende recepten, van klassieke omeletten tot gegrilde asperges.<\/p>\n<p>Er zullen ook ongeveer 40 exposanten van levensmiddelen en ambachtelijke producten aanwezig zijn, waar je naast asperges uit de gemeente ook extra vierge olijfolie, kaas, worst en honing uit de regio kunt kopen.<\/p>\n<p>De dag wordt vanaf 17.30 uur opgeluisterd met een live concert op het Plaza de Andaluc\u00eda.<\/p>\n<ul>\n<li>Waar: Sierra de Yeguas<\/li>\n<li>Wanneer:\u00a0 25 en 26 april<\/li>\n<li><a href=\"https:\/\/maps.app.goo.gl\/oGKoLKBK2srTTXka7\" data-wpel-link=\"external\" target=\"_blank\" rel=\"external noopener noreferrer\" class=\"ext-link wpel-icon-right\"><strong> Hoe er te komen <\/strong><span class=\"wpel-icon wpel-image wpel-icon-2\"><\/span><\/a><\/li>\n<\/ul>\n<h3><span class=\"ez-toc-section\" id=\"Bloedworstdag_%E2%80%93_Canillas_de_Aceituno\"><\/span>Bloedworstdag &#8211; Canillas de Aceituno<span class=\"ez-toc-section-end\"><\/span><\/h3>\n<figure id=\"attachment_15289\" aria-describedby=\"caption-attachment-15289\" style=\"width: 768px\" class=\"wp-caption alignnone\"><img loading=\"lazy\" decoding=\"async\" class=\"size-full wp-image-15289\" src=\"https:\/\/www.malagacar.com\/sp\/blog\/wp-content\/uploads\/2023\/03\/morcilla-Photo-TodoAxarquia.jpg\" alt=\"Dia de la Morcilla\" width=\"768\" height=\"512\" \/><figcaption id=\"caption-attachment-15289\" class=\"wp-caption-text\">Foto TodoAxarquia<\/figcaption><\/figure>\n<p>De &#8220;D\u00eda de la Morcilla&#8221; is een zeer populaire gastronomische dag waarop grote hoeveelheden bloedworst, de typische worst van de streek, gratis worden uitgedeeld.<\/p>\n<p>Daarnaast kun je lokale wijn en bier proeven, allemaal vergezeld van muzikale optredens op het podium op het plein.<\/p>\n<ul>\n<li>Wanneer:\u00a0 De laatste zondag van april, samenvallend met het feest van de Virgen de la Cabeza (patroonheilige van het dorp).<\/li>\n<li>Waar: Canillas de Aceituno<\/li>\n<li><a href=\"https:\/\/maps.app.goo.gl\/VCSJVLfyTENoz3TaA\" data-wpel-link=\"external\" target=\"_blank\" rel=\"external noopener noreferrer\" class=\"ext-link wpel-icon-right\"><strong> Hoe er te komen <\/strong><span class=\"wpel-icon wpel-image wpel-icon-2\"><\/span><\/a><\/li>\n<\/ul>\n<h3><span class=\"ez-toc-section\" id=\"Pipeo_Dag_%E2%80%93_Casarabonela\"><\/span>Pipeo Dag &#8211; Casarabonela<span class=\"ez-toc-section-end\"><\/span><\/h3>\n<p><img loading=\"lazy\" decoding=\"async\" class=\"alignnone wp-image-19115\" src=\"https:\/\/www.malagacar.com\/sp\/blog\/wp-content\/uploads\/2025\/03\/Pipeo-en-Casarabonela.jpg\" alt=\"D\u00eda del Pipeo - Casarabonela\" width=\"504\" height=\"705\" \/><\/p>\n<p>Doe mee aan dit gastronomische festival in het witte dorp Casarabonela dat een eerbetoon is aan zijn typische gerecht, Pipeo. Het is een rijke vegetarische stoofpot met groenten uit de tuin: onder andere erwten, bonen, artisjokken, aardappelen, eieren en amandelen.<\/p>\n<p>Je kunt het gratis proeven op 25 april vanaf 12.00 uur op het Plaza de Casarabonela. Daarnaast is er een gratis proeverij van typische zoetigheden en koffie aangeboden door Santa Cristina en live muziek.<\/p>\n<ul>\n<li>Wanneer: 25 april<br \/>\nWaar: Casarabonela<\/li>\n<li><a href=\"https:\/\/maps.app.goo.gl\/QjXEbhS91VMyQ6Uf6\" data-wpel-link=\"external\" target=\"_blank\" rel=\"external noopener noreferrer\" class=\"ext-link wpel-icon-right\"><strong>Hoe er te komen<\/strong><span class=\"wpel-icon wpel-image wpel-icon-2\"><\/span><\/a><\/li>\n<\/ul>\n<h3><span class=\"ez-toc-section\" id=\"Bonendag_%E2%80%93_Villanueva_de_la_Concepcion\"><\/span>Bonendag &#8211; Villanueva de la Concepci\u00f3n<span class=\"ez-toc-section-end\"><\/span><\/h3>\n<p>Het dorp Villanueva de la Concepci\u00f3n, gelegen op ongeveer 500 meter boven zeeniveau aan de voet van de spectaculaire <a href=\"https:\/\/www.malagacar.com\/nl\/blog\/vrije-tijd\/torcal-de-antequera\/\" data-wpel-link=\"internal\"><strong>Torcal de Antequera<\/strong><\/a>, viert elk jaar de bonen.<\/p>\n<p>Bezoekers kunnen de hele dag gratis diverse gerechten met tuinbonen proeven. Er is ook traditionele Verdiales-volksmuziek en een markt met meer dan 30 kraampjes met handwerk, vleeswaren, kazen, snoep en andere lokale producten.<\/p>\n<p><iframe loading=\"lazy\" title=\"Fiesta del verdeo, &quot;D\u00eda de la Haba&quot;. Villanueva de la Concepci\u00f3n. Abril. Fiesta Singular\" src=\"https:\/\/www.youtube.com\/embed\/K-NZyFI8Ahw\" width=\"696\" height=\"391\" frameborder=\"0\" allowfullscreen=\"allowfullscreen\"><\/iframe><\/p>\n<ul>\n<li>Wanneer: 26 april<\/li>\n<li>Waar: Plaza de Andaluc\u00eda, Villanueva de la Concepci\u00f3n<\/li>\n<li><a href=\"https:\/\/maps.app.goo.gl\/KGqGMuPeSWCoELxa9\" data-wpel-link=\"external\" target=\"_blank\" rel=\"external noopener noreferrer\" class=\"ext-link wpel-icon-right\"><strong>Hoe er te komen<\/strong><span class=\"wpel-icon wpel-image wpel-icon-2\"><\/span><\/a><\/li>\n<\/ul>\n<h3><span class=\"ez-toc-section\" id=\"Plattelandsfestival_%E2%80%93_Benamargosa\"><\/span>Plattelandsfestival &#8211; Benamargosa<span class=\"ez-toc-section-end\"><\/span><\/h3>\n<p>Het witte dorp Benamargosa, gelegen in de regio Axarqu\u00eda, brengt elk voorjaar een eerbetoon aan het plattelandsleven en dankt het land voor de vruchten ervan.<\/p>\n<p><iframe loading=\"lazy\" title=\"Feria del campo. Benamargosa. Abril. Fiesta Singular\" src=\"https:\/\/www.youtube.com\/embed\/D2afz4_qOLc\" width=\"696\" height=\"391\" frameborder=\"0\" allowfullscreen=\"allowfullscreen\"><\/iframe><\/p>\n<p>Dit kleine dorpje met ongeveer 1500 inwoners ligt verscholen in een vallei, omgeven door heuvels en bergkammen. Dankzij dit microklimaat kent het gebied een overvloed aan fruitboomgaarden, sinaasappel- en citroenplantages en subtropische gewassen zoals avocado&#8217;s, mango&#8217;s en chirimoyas.<\/p>\n<p>Tijdens het Country Festival kunt u genieten van proeverijen, een levendig straatfeest met muziek en dans, en activiteiten voor het hele gezin. Er is ook een markt met lokale producten en handwerk.<\/p>\n<ul>\n<li>Wanneer: 26 april<\/li>\n<li>Waar: Benamargosa<\/li>\n<li><a href=\"https:\/\/maps.app.goo.gl\/Q33Mubro6aHZYXiw5\" data-wpel-link=\"external\" target=\"_blank\" rel=\"external noopener noreferrer\" class=\"ext-link wpel-icon-right\"><strong>Hoe er te komen<\/strong><span class=\"wpel-icon wpel-image wpel-icon-2\"><\/span><\/a><\/li>\n<\/ul>\n<h3><span class=\"ez-toc-section\" id=\"Dag_van_de_Olijfolie_%E2%80%93_Periana\"><\/span>Dag van de Olijfolie \u2013 Periana<span class=\"ez-toc-section-end\"><\/span><\/h3>\n<p><img loading=\"lazy\" decoding=\"async\" class=\"alignnone wp-image-19183\" src=\"https:\/\/www.malagacar.com\/sp\/blog\/wp-content\/uploads\/2026\/03\/dia-aceite-verdial-periana1.jpg\" alt=\"Dia del Aceite Verdial \u2013 Periana\" width=\"463\" height=\"718\" \/><\/p>\n<p>Een ander prachtig wit dorpje in de regio Boven-Axarqu\u00eda is Periana. Dit dorp staat bekend om de productie van extra vierge olijfolie van de Verdial-vari\u00ebteit. Elk jaar, aan het einde van de oogst, viert Periana de Dag van de Verdial-olijfolie.<\/p>\n<p>Tijdens dit evenement kunt u verschillende soorten olijfolie proeven. U kunt ook de olijfmolens bezoeken, waar de traditionele gereedschappen en apparatuur die bij de olijfolieproductie worden gebruikt, te zien zijn.<\/p>\n<p>Om de dag op te fleuren, is er traditionele Verdial-muziek en een voedselmarkt. Daar kunt u lokale producten kopen zoals olijfolie, snoep, Muscatel-wijn, rozijnen, gedroogd fruit en noten.<\/p>\n<h4>Periana olijfdag in het Engels<\/h4>\n<p><img loading=\"lazy\" decoding=\"async\" class=\"alignnone size-large wp-image-19184\" src=\"https:\/\/www.malagacar.com\/sp\/blog\/wp-content\/uploads\/2026\/03\/dia-aceite-verdial-periana-1024x683.jpg\" alt=\"Dia del Aceite Verdial \u2013 Periana\" width=\"750\" height=\"500\" \/><\/p>\n<p>Voor internationale bezoekers is de Engelstalige Olijfoliedag, die voorafgaand plaatsvindt, wellicht bijzonder aantrekkelijk. Deze activiteit is volledig gratis, maar vooraf aanmelden is verplicht.<\/p>\n<p>De dag begint met een heerlijk ontbijt op landgoed Cortijo Las Monjas om 9:30 uur. Daarna volgt een proeverij van extra vierge olijfolie, gevolgd door een bezoek aan de ambachtelijke co\u00f6peratie San Jos\u00e9 en de monumentale olijfgaarden van Mondr\u00f3n.<\/p>\n<ul>\n<li>Aanmelden via telefoon: +34 635 425 077<\/li>\n<\/ul>\n<h4>Onze tip<\/h4>\n<p>Het dorp ligt op slechts 13 km van het <a href=\"https:\/\/maps.app.goo.gl\/wdCSL76k6LTXgQvV9\" data-wpel-link=\"external\" target=\"_blank\" rel=\"external noopener noreferrer\" class=\"ext-link wpel-icon-right\"><strong>stuwmeer La Vi\u00f1uela<\/strong><span class=\"wpel-icon wpel-image wpel-icon-2\"><\/span><\/a>. Na de overvloedige regenval staat het stuwmeer vol water \u2013 grijp de kans om het te bekijken!<\/p>\n<ul>\n<li>Wanneer: 11 en 12 april<\/li>\n<li><a href=\"https:\/\/maps.app.goo.gl\/SnC3EpJGLmWdajSL6\" data-wpel-link=\"external\" target=\"_blank\" rel=\"external noopener noreferrer\" class=\"ext-link wpel-icon-right\"><strong>Hoe er te komen<\/strong><span class=\"wpel-icon wpel-image wpel-icon-2\"><\/span><\/a><\/li>\n<\/ul>\n<h2><span class=\"ez-toc-section\" id=\"Het_Weer_in_Malaga_in_April\"><\/span>Het Weer in M\u00e1laga in April<span class=\"ez-toc-section-end\"><\/span><\/h2>\n<p>Het weer in maart en april kan ons nog steeds verrassen. Vorig jaar hadden we hier in M\u00e1laga bijvoorbeeld verschillende dagen van bijna 30 graden, door een plaatselijk fenomeen dat <a href=\"https:\/\/www.malagacar.com\/nl\/blog\/malaga\/hitte-terral\/\" data-wpel-link=\"internal\"><strong>Terral<\/strong><\/a> heet.<\/p>\n<p>Op deze foto zie je het Malagueta strand in M\u00e1laga, op 11 maart 2023.<\/p>\n<figure id=\"attachment_13320\" aria-describedby=\"caption-attachment-13320\" style=\"width: 667px\" class=\"wp-caption alignnone\"><img loading=\"lazy\" decoding=\"async\" class=\"size-full wp-image-13320\" src=\"https:\/\/www.malagacar.com\/sp\/blog\/wp-content\/uploads\/2023\/03\/11-marzo-Banistas-en-La-Malagueta-Foto-Jorge-Zapata-MalagaHoy.jpg\" alt=\"malaga playa marzo\" width=\"667\" height=\"375\" \/><figcaption id=\"caption-attachment-13320\" class=\"wp-caption-text\">11 maart 2023 Zwemmers in La Malagueta. Foto Jorge Zapata MalagaHoy<\/figcaption><\/figure>\n<p>Ja, het weer is een beetje gek!<\/p>\n<h3><span class=\"ez-toc-section\" id=\"Dus_welk_weer_wacht_ons_in_april\"><\/span>Dus, welk weer wacht ons in april?<span class=\"ez-toc-section-end\"><\/span><\/h3>\n<p>Normaal gesproken, moeten we traditioneel nog wat lichte regen verwachten.<\/p>\n<p>Terwijl de ochtendtemperaturen stijgen tot waarden tussen 14\u00baC en 17\u00baC, kunnen we overdag over het algemeen uitstekende lentetemperaturen boven de 20 graden verwachten. Die vele dagen al zonder problemen 25\u00baC of meer bereiken, als de Terral-wind waait.<\/p>\n<h3><span class=\"ez-toc-section\" id=\"Welke_kleding_moet_ik_meenemen\"><\/span>Welke kleding moet ik meenemen?<span class=\"ez-toc-section-end\"><\/span><\/h3>\n<p>Lichte mid-season kleding, een regenjas voor het geval het regent, een shirt met lange mouwen doet geen pijn. Want &#8217;s nachts koelt het nog steeds af.<\/p>\n<p>Lage schoenen zijn meer dan genoeg, vergeet in feite je sandalen, zonnebrillen, een hoed en bescherming tegen de zon niet. Dit punt is belangrijk: we weten al dat je zin hebt om te zonnen en een lekker kleurtje te krijgen.<\/p>\n<p>Maar vergeet niet dat de huid erg gevoelig is na de winter en de zon hier in Malaga erg sterk is, dus doe het rustig aan, elk jaar net na het begin van het seizoen, kunnen we oneindig veel buitenlanders zien die meer op kreeften lijken die zijn gekookt door een overdosis UV-stralen.<\/p>\n\t\t\t\t\n\t\t\t\t<div id=\"search-form2\" class=\"big-quote index-mobile\">\n\t\t\t\t<form id=\"frmSearch\" name=\"frmSearch\" action=\"\/nl\/autoverhuur\/quote.php\" method=\"post\"  name=\"quote\" class=\"container-fluid\">\n\t\t\t\t\t\t\t\t\t<div class=\"row\">\n\t\t\t\t\t\t<div class=\"col-sm-6\">\n\n\t\t\t\t\t\t\t<div class=\"form-group\">\n\t\t\t\t\t\t\t\t<label for=\"entrega\"><h4>Ophalen<\/h4><\/label>\n\t\t\t\t\t\t\t\t<select name=\"entrega\" id=\"entrega\" class=\"custom-select\">\n\t\t\t\t\t\t\t\t\t<option value=\"airport\"  selected>Luchthaven M\u00e1laga<\/option>\n\t\t\t\t\t\t\t\t\t\t\t\t\t\t\t\t<\/select>\n\t\t\t\t\t\t\t\t<div class=\"form-inline my-2\">\n\t\t\t\t\t\t\t\t\t<input id=\"pDate\" class=\"form-control\" value=\"07\/09\/2026\" name=\"pDate\" readonly onchange=\"return uppdate()\">\n\t\t\t\t\t\t\t\t\t<select class=\"custom-select\" id=\"phorasminutos\" name=\"phorasminutos\" oninvalid=\"setCustomValidity('Laat ons uw aankomsttijd weten')\" onchange=\"setCustomValidity('')\">\n\t\t\t\t\t\t\t\t\t\t<option value=\"-\" selected>--:--<\/option>\n\t\t\t\t\t\t\t\t\t\t\t\t\t\t\t\t\t\t\t\t<option value=\"00:00\">\n\t\t\t\t\t\t\t\t\t\t\t00:00<\/option>\n\t\t\t\t\t\t\t\t\t\t<option value=\"00:15\">\n\t\t\t\t\t\t\t\t\t\t\t00:15<\/option>\n\t\t\t\t\t\t\t\t\t\t<option value=\"00:30\">\n\t\t\t\t\t\t\t\t\t\t\t00:30<\/option>\n\t\t\t\t\t\t\t\t\t\t<option value=\"00:45\">\n\t\t\t\t\t\t\t\t\t\t\t00:45<\/option>\n\t\t\t\t\t\t\t\t\t\t\t\t\t\t\t\t\t\t\t\t<option value=\"01:00\">\n\t\t\t\t\t\t\t\t\t\t\t01:00<\/option>\n\t\t\t\t\t\t\t\t\t\t<option value=\"01:15\">\n\t\t\t\t\t\t\t\t\t\t\t01:15<\/option>\n\t\t\t\t\t\t\t\t\t\t<option value=\"01:30\">\n\t\t\t\t\t\t\t\t\t\t\t01:30<\/option>\n\t\t\t\t\t\t\t\t\t\t<option value=\"01:45\">\n\t\t\t\t\t\t\t\t\t\t\t01:45<\/option>\n\t\t\t\t\t\t\t\t\t\t\t\t\t\t\t\t\t\t\t\t<option value=\"02:00\">\n\t\t\t\t\t\t\t\t\t\t\t02:00<\/option>\n\t\t\t\t\t\t\t\t\t\t<option value=\"02:15\">\n\t\t\t\t\t\t\t\t\t\t\t02:15<\/option>\n\t\t\t\t\t\t\t\t\t\t<option value=\"02:30\">\n\t\t\t\t\t\t\t\t\t\t\t02:30<\/option>\n\t\t\t\t\t\t\t\t\t\t<option value=\"02:45\">\n\t\t\t\t\t\t\t\t\t\t\t02:45<\/option>\n\t\t\t\t\t\t\t\t\t\t\t\t\t\t\t\t\t\t\t\t<option value=\"03:00\">\n\t\t\t\t\t\t\t\t\t\t\t03:00<\/option>\n\t\t\t\t\t\t\t\t\t\t<option value=\"03:15\">\n\t\t\t\t\t\t\t\t\t\t\t03:15<\/option>\n\t\t\t\t\t\t\t\t\t\t<option value=\"03:30\">\n\t\t\t\t\t\t\t\t\t\t\t03:30<\/option>\n\t\t\t\t\t\t\t\t\t\t<option value=\"03:45\">\n\t\t\t\t\t\t\t\t\t\t\t03:45<\/option>\n\t\t\t\t\t\t\t\t\t\t\t\t\t\t\t\t\t\t\t\t<option value=\"04:00\">\n\t\t\t\t\t\t\t\t\t\t\t04:00<\/option>\n\t\t\t\t\t\t\t\t\t\t<option value=\"04:15\">\n\t\t\t\t\t\t\t\t\t\t\t04:15<\/option>\n\t\t\t\t\t\t\t\t\t\t<option value=\"04:30\">\n\t\t\t\t\t\t\t\t\t\t\t04:30<\/option>\n\t\t\t\t\t\t\t\t\t\t<option value=\"04:45\">\n\t\t\t\t\t\t\t\t\t\t\t04:45<\/option>\n\t\t\t\t\t\t\t\t\t\t\t\t\t\t\t\t\t\t\t\t<option value=\"05:00\">\n\t\t\t\t\t\t\t\t\t\t\t05:00<\/option>\n\t\t\t\t\t\t\t\t\t\t<option value=\"05:15\">\n\t\t\t\t\t\t\t\t\t\t\t05:15<\/option>\n\t\t\t\t\t\t\t\t\t\t<option value=\"05:30\">\n\t\t\t\t\t\t\t\t\t\t\t05:30<\/option>\n\t\t\t\t\t\t\t\t\t\t<option value=\"05:45\">\n\t\t\t\t\t\t\t\t\t\t\t05:45<\/option>\n\t\t\t\t\t\t\t\t\t\t\t\t\t\t\t\t\t\t\t\t<option value=\"06:00\">\n\t\t\t\t\t\t\t\t\t\t\t06:00<\/option>\n\t\t\t\t\t\t\t\t\t\t<option value=\"06:15\">\n\t\t\t\t\t\t\t\t\t\t\t06:15<\/option>\n\t\t\t\t\t\t\t\t\t\t<option value=\"06:30\">\n\t\t\t\t\t\t\t\t\t\t\t06:30<\/option>\n\t\t\t\t\t\t\t\t\t\t<option value=\"06:45\">\n\t\t\t\t\t\t\t\t\t\t\t06:45<\/option>\n\t\t\t\t\t\t\t\t\t\t\t\t\t\t\t\t\t\t\t\t<option value=\"07:00\">\n\t\t\t\t\t\t\t\t\t\t\t07:00<\/option>\n\t\t\t\t\t\t\t\t\t\t<option value=\"07:15\">\n\t\t\t\t\t\t\t\t\t\t\t07:15<\/option>\n\t\t\t\t\t\t\t\t\t\t<option value=\"07:30\">\n\t\t\t\t\t\t\t\t\t\t\t07:30<\/option>\n\t\t\t\t\t\t\t\t\t\t<option value=\"07:45\">\n\t\t\t\t\t\t\t\t\t\t\t07:45<\/option>\n\t\t\t\t\t\t\t\t\t\t\t\t\t\t\t\t\t\t\t\t<option value=\"08:00\">\n\t\t\t\t\t\t\t\t\t\t\t08:00<\/option>\n\t\t\t\t\t\t\t\t\t\t<option value=\"08:15\">\n\t\t\t\t\t\t\t\t\t\t\t08:15<\/option>\n\t\t\t\t\t\t\t\t\t\t<option value=\"08:30\">\n\t\t\t\t\t\t\t\t\t\t\t08:30<\/option>\n\t\t\t\t\t\t\t\t\t\t<option value=\"08:45\">\n\t\t\t\t\t\t\t\t\t\t\t08:45<\/option>\n\t\t\t\t\t\t\t\t\t\t\t\t\t\t\t\t\t\t\t\t<option value=\"09:00\">\n\t\t\t\t\t\t\t\t\t\t\t09:00<\/option>\n\t\t\t\t\t\t\t\t\t\t<option value=\"09:15\">\n\t\t\t\t\t\t\t\t\t\t\t09:15<\/option>\n\t\t\t\t\t\t\t\t\t\t<option value=\"09:30\">\n\t\t\t\t\t\t\t\t\t\t\t09:30<\/option>\n\t\t\t\t\t\t\t\t\t\t<option value=\"09:45\">\n\t\t\t\t\t\t\t\t\t\t\t09:45<\/option>\n\t\t\t\t\t\t\t\t\t\t\t\t\t\t\t\t\t\t\t\t<option value=\"10:00\">\n\t\t\t\t\t\t\t\t\t\t\t10:00<\/option>\n\t\t\t\t\t\t\t\t\t\t<option value=\"10:15\">\n\t\t\t\t\t\t\t\t\t\t\t10:15<\/option>\n\t\t\t\t\t\t\t\t\t\t<option value=\"10:30\">\n\t\t\t\t\t\t\t\t\t\t\t10:30<\/option>\n\t\t\t\t\t\t\t\t\t\t<option value=\"10:45\">\n\t\t\t\t\t\t\t\t\t\t\t10:45<\/option>\n\t\t\t\t\t\t\t\t\t\t\t\t\t\t\t\t\t\t\t\t<option value=\"11:00\">\n\t\t\t\t\t\t\t\t\t\t\t11:00<\/option>\n\t\t\t\t\t\t\t\t\t\t<option value=\"11:15\">\n\t\t\t\t\t\t\t\t\t\t\t11:15<\/option>\n\t\t\t\t\t\t\t\t\t\t<option value=\"11:30\">\n\t\t\t\t\t\t\t\t\t\t\t11:30<\/option>\n\t\t\t\t\t\t\t\t\t\t<option value=\"11:45\">\n\t\t\t\t\t\t\t\t\t\t\t11:45<\/option>\n\t\t\t\t\t\t\t\t\t\t\t\t\t\t\t\t\t\t\t\t<option value=\"12:00\">\n\t\t\t\t\t\t\t\t\t\t\t12:00<\/option>\n\t\t\t\t\t\t\t\t\t\t<option value=\"12:15\">\n\t\t\t\t\t\t\t\t\t\t\t12:15<\/option>\n\t\t\t\t\t\t\t\t\t\t<option value=\"12:30\">\n\t\t\t\t\t\t\t\t\t\t\t12:30<\/option>\n\t\t\t\t\t\t\t\t\t\t<option value=\"12:45\">\n\t\t\t\t\t\t\t\t\t\t\t12:45<\/option>\n\t\t\t\t\t\t\t\t\t\t\t\t\t\t\t\t\t\t\t\t<option value=\"13:00\">\n\t\t\t\t\t\t\t\t\t\t\t13:00<\/option>\n\t\t\t\t\t\t\t\t\t\t<option value=\"13:15\">\n\t\t\t\t\t\t\t\t\t\t\t13:15<\/option>\n\t\t\t\t\t\t\t\t\t\t<option value=\"13:30\">\n\t\t\t\t\t\t\t\t\t\t\t13:30<\/option>\n\t\t\t\t\t\t\t\t\t\t<option value=\"13:45\">\n\t\t\t\t\t\t\t\t\t\t\t13:45<\/option>\n\t\t\t\t\t\t\t\t\t\t\t\t\t\t\t\t\t\t\t\t<option value=\"14:00\">\n\t\t\t\t\t\t\t\t\t\t\t14:00<\/option>\n\t\t\t\t\t\t\t\t\t\t<option value=\"14:15\">\n\t\t\t\t\t\t\t\t\t\t\t14:15<\/option>\n\t\t\t\t\t\t\t\t\t\t<option value=\"14:30\">\n\t\t\t\t\t\t\t\t\t\t\t14:30<\/option>\n\t\t\t\t\t\t\t\t\t\t<option value=\"14:45\">\n\t\t\t\t\t\t\t\t\t\t\t14:45<\/option>\n\t\t\t\t\t\t\t\t\t\t\t\t\t\t\t\t\t\t\t\t<option value=\"15:00\">\n\t\t\t\t\t\t\t\t\t\t\t15:00<\/option>\n\t\t\t\t\t\t\t\t\t\t<option value=\"15:15\">\n\t\t\t\t\t\t\t\t\t\t\t15:15<\/option>\n\t\t\t\t\t\t\t\t\t\t<option value=\"15:30\">\n\t\t\t\t\t\t\t\t\t\t\t15:30<\/option>\n\t\t\t\t\t\t\t\t\t\t<option value=\"15:45\">\n\t\t\t\t\t\t\t\t\t\t\t15:45<\/option>\n\t\t\t\t\t\t\t\t\t\t\t\t\t\t\t\t\t\t\t\t<option value=\"16:00\">\n\t\t\t\t\t\t\t\t\t\t\t16:00<\/option>\n\t\t\t\t\t\t\t\t\t\t<option value=\"16:15\">\n\t\t\t\t\t\t\t\t\t\t\t16:15<\/option>\n\t\t\t\t\t\t\t\t\t\t<option value=\"16:30\">\n\t\t\t\t\t\t\t\t\t\t\t16:30<\/option>\n\t\t\t\t\t\t\t\t\t\t<option value=\"16:45\">\n\t\t\t\t\t\t\t\t\t\t\t16:45<\/option>\n\t\t\t\t\t\t\t\t\t\t\t\t\t\t\t\t\t\t\t\t<option value=\"17:00\">\n\t\t\t\t\t\t\t\t\t\t\t17:00<\/option>\n\t\t\t\t\t\t\t\t\t\t<option value=\"17:15\">\n\t\t\t\t\t\t\t\t\t\t\t17:15<\/option>\n\t\t\t\t\t\t\t\t\t\t<option value=\"17:30\">\n\t\t\t\t\t\t\t\t\t\t\t17:30<\/option>\n\t\t\t\t\t\t\t\t\t\t<option value=\"17:45\">\n\t\t\t\t\t\t\t\t\t\t\t17:45<\/option>\n\t\t\t\t\t\t\t\t\t\t\t\t\t\t\t\t\t\t\t\t<option value=\"18:00\">\n\t\t\t\t\t\t\t\t\t\t\t18:00<\/option>\n\t\t\t\t\t\t\t\t\t\t<option value=\"18:15\">\n\t\t\t\t\t\t\t\t\t\t\t18:15<\/option>\n\t\t\t\t\t\t\t\t\t\t<option value=\"18:30\">\n\t\t\t\t\t\t\t\t\t\t\t18:30<\/option>\n\t\t\t\t\t\t\t\t\t\t<option value=\"18:45\">\n\t\t\t\t\t\t\t\t\t\t\t18:45<\/option>\n\t\t\t\t\t\t\t\t\t\t\t\t\t\t\t\t\t\t\t\t<option value=\"19:00\">\n\t\t\t\t\t\t\t\t\t\t\t19:00<\/option>\n\t\t\t\t\t\t\t\t\t\t<option value=\"19:15\">\n\t\t\t\t\t\t\t\t\t\t\t19:15<\/option>\n\t\t\t\t\t\t\t\t\t\t<option value=\"19:30\">\n\t\t\t\t\t\t\t\t\t\t\t19:30<\/option>\n\t\t\t\t\t\t\t\t\t\t<option value=\"19:45\">\n\t\t\t\t\t\t\t\t\t\t\t19:45<\/option>\n\t\t\t\t\t\t\t\t\t\t\t\t\t\t\t\t\t\t\t\t<option value=\"20:00\">\n\t\t\t\t\t\t\t\t\t\t\t20:00<\/option>\n\t\t\t\t\t\t\t\t\t\t<option value=\"20:15\">\n\t\t\t\t\t\t\t\t\t\t\t20:15<\/option>\n\t\t\t\t\t\t\t\t\t\t<option value=\"20:30\">\n\t\t\t\t\t\t\t\t\t\t\t20:30<\/option>\n\t\t\t\t\t\t\t\t\t\t<option value=\"20:45\">\n\t\t\t\t\t\t\t\t\t\t\t20:45<\/option>\n\t\t\t\t\t\t\t\t\t\t\t\t\t\t\t\t\t\t\t\t<option value=\"21:00\">\n\t\t\t\t\t\t\t\t\t\t\t21:00<\/option>\n\t\t\t\t\t\t\t\t\t\t<option value=\"21:15\">\n\t\t\t\t\t\t\t\t\t\t\t21:15<\/option>\n\t\t\t\t\t\t\t\t\t\t<option value=\"21:30\">\n\t\t\t\t\t\t\t\t\t\t\t21:30<\/option>\n\t\t\t\t\t\t\t\t\t\t<option value=\"21:45\">\n\t\t\t\t\t\t\t\t\t\t\t21:45<\/option>\n\t\t\t\t\t\t\t\t\t\t\t\t\t\t\t\t\t\t\t\t<option value=\"22:00\">\n\t\t\t\t\t\t\t\t\t\t\t22:00<\/option>\n\t\t\t\t\t\t\t\t\t\t<option value=\"22:15\">\n\t\t\t\t\t\t\t\t\t\t\t22:15<\/option>\n\t\t\t\t\t\t\t\t\t\t<option value=\"22:30\">\n\t\t\t\t\t\t\t\t\t\t\t22:30<\/option>\n\t\t\t\t\t\t\t\t\t\t<option value=\"22:45\">\n\t\t\t\t\t\t\t\t\t\t\t22:45<\/option>\n\t\t\t\t\t\t\t\t\t\t\t\t\t\t\t\t\t\t\t\t<option value=\"23:00\">\n\t\t\t\t\t\t\t\t\t\t\t23:00<\/option>\n\t\t\t\t\t\t\t\t\t\t<option value=\"23:15\">\n\t\t\t\t\t\t\t\t\t\t\t23:15<\/option>\n\t\t\t\t\t\t\t\t\t\t<option value=\"23:30\">\n\t\t\t\t\t\t\t\t\t\t\t23:30<\/option>\n\t\t\t\t\t\t\t\t\t\t<option value=\"23:45\">\n\t\t\t\t\t\t\t\t\t\t\t23:45<\/option>\n\t\t\t\t\t\t\t\t\t\t\t\t\t\t\t\t\t\t\t<\/select>\n\t\t\t\t\t\t\t\t<\/div>\n\t\t\t\t\t\t\t<\/div>\n\t\t\t\t\t\t<\/div>\n\t\t\t\t\t\t<div class=\"col-sm-6\">\n\t\t\t\t\t\t\t<div class=\"form-group\">\n\t\t\t\t\t\t\t\t<div id=\"bookingBox\"><\/div>\n\n\t\t\t\t\t\t\t\t<label for=\"devuelta\"><h4>Terugbrendgend<\/h4><\/label>\n\t\t\t\t\t\t\t\t<select name=\"devuelta\" id=\"devuelta\" class=\"custom-select\">\n\t\t\t\t\t\t\t\t\t<option value=\"airport\"  selected>Luchthaven M\u00e1laga<\/option>\n\t\t\t\t\t\t\t\t\t\t\t\t\t\t\t\t<\/select>\n\n\t\t\t\t\t\t\t\t<div class=\"form-inline my-2\">\n\t\t\t\t\t\t\t\t\t<input id=\"dDate\" class=\"form-control\" value=\"14\/09\/2026\" name=\"dDate\" readonly>\n\t\t\t\t\t\t\t\t\t<select class=\"custom-select\" id=\"dhorasminutos\" name=\"dhorasminutos\" oninvalid=\"setCustomValidity('Laat ons weten wanneer je terugkomt.')\" onchange=\"setCustomValidity('')\">\n\t\t\t\t\t\t\t\t\t\t<option value=\"-\" selected>--:--<\/option>\n\t\t\t\t\t\t\t\t\t\t\t\t\t\t\t\t\t\t\t\t<option value=\"00:00\">\n\t\t\t\t\t\t\t\t\t\t\t00:00<\/option>\n\t\t\t\t\t\t\t\t\t\t<option value=\"00:15\">\n\t\t\t\t\t\t\t\t\t\t\t00:15<\/option>\n\t\t\t\t\t\t\t\t\t\t<option value=\"00:30\">\n\t\t\t\t\t\t\t\t\t\t\t00:30<\/option>\n\t\t\t\t\t\t\t\t\t\t<option value=\"00:45\">\n\t\t\t\t\t\t\t\t\t\t\t00:45<\/option>\n\t\t\t\t\t\t\t\t\t\t\t\t\t\t\t\t\t\t\t\t<option value=\"01:00\">\n\t\t\t\t\t\t\t\t\t\t\t01:00<\/option>\n\t\t\t\t\t\t\t\t\t\t<option value=\"01:15\">\n\t\t\t\t\t\t\t\t\t\t\t01:15<\/option>\n\t\t\t\t\t\t\t\t\t\t<option value=\"01:30\">\n\t\t\t\t\t\t\t\t\t\t\t01:30<\/option>\n\t\t\t\t\t\t\t\t\t\t<option value=\"01:45\">\n\t\t\t\t\t\t\t\t\t\t\t01:45<\/option>\n\t\t\t\t\t\t\t\t\t\t\t\t\t\t\t\t\t\t\t\t<option value=\"02:00\">\n\t\t\t\t\t\t\t\t\t\t\t02:00<\/option>\n\t\t\t\t\t\t\t\t\t\t<option value=\"02:15\">\n\t\t\t\t\t\t\t\t\t\t\t02:15<\/option>\n\t\t\t\t\t\t\t\t\t\t<option value=\"02:30\">\n\t\t\t\t\t\t\t\t\t\t\t02:30<\/option>\n\t\t\t\t\t\t\t\t\t\t<option value=\"02:45\">\n\t\t\t\t\t\t\t\t\t\t\t02:45<\/option>\n\t\t\t\t\t\t\t\t\t\t\t\t\t\t\t\t\t\t\t\t<option value=\"03:00\">\n\t\t\t\t\t\t\t\t\t\t\t03:00<\/option>\n\t\t\t\t\t\t\t\t\t\t<option value=\"03:15\">\n\t\t\t\t\t\t\t\t\t\t\t03:15<\/option>\n\t\t\t\t\t\t\t\t\t\t<option value=\"03:30\">\n\t\t\t\t\t\t\t\t\t\t\t03:30<\/option>\n\t\t\t\t\t\t\t\t\t\t<option value=\"03:45\">\n\t\t\t\t\t\t\t\t\t\t\t03:45<\/option>\n\t\t\t\t\t\t\t\t\t\t\t\t\t\t\t\t\t\t\t\t<option value=\"04:00\">\n\t\t\t\t\t\t\t\t\t\t\t04:00<\/option>\n\t\t\t\t\t\t\t\t\t\t<option value=\"04:15\">\n\t\t\t\t\t\t\t\t\t\t\t04:15<\/option>\n\t\t\t\t\t\t\t\t\t\t<option value=\"04:30\">\n\t\t\t\t\t\t\t\t\t\t\t04:30<\/option>\n\t\t\t\t\t\t\t\t\t\t<option value=\"04:45\">\n\t\t\t\t\t\t\t\t\t\t\t04:45<\/option>\n\t\t\t\t\t\t\t\t\t\t\t\t\t\t\t\t\t\t\t\t<option value=\"05:00\">\n\t\t\t\t\t\t\t\t\t\t\t05:00<\/option>\n\t\t\t\t\t\t\t\t\t\t<option value=\"05:15\">\n\t\t\t\t\t\t\t\t\t\t\t05:15<\/option>\n\t\t\t\t\t\t\t\t\t\t<option value=\"05:30\">\n\t\t\t\t\t\t\t\t\t\t\t05:30<\/option>\n\t\t\t\t\t\t\t\t\t\t<option value=\"05:45\">\n\t\t\t\t\t\t\t\t\t\t\t05:45<\/option>\n\t\t\t\t\t\t\t\t\t\t\t\t\t\t\t\t\t\t\t\t<option value=\"06:00\">\n\t\t\t\t\t\t\t\t\t\t\t06:00<\/option>\n\t\t\t\t\t\t\t\t\t\t<option value=\"06:15\">\n\t\t\t\t\t\t\t\t\t\t\t06:15<\/option>\n\t\t\t\t\t\t\t\t\t\t<option value=\"06:30\">\n\t\t\t\t\t\t\t\t\t\t\t06:30<\/option>\n\t\t\t\t\t\t\t\t\t\t<option value=\"06:45\">\n\t\t\t\t\t\t\t\t\t\t\t06:45<\/option>\n\t\t\t\t\t\t\t\t\t\t\t\t\t\t\t\t\t\t\t\t<option value=\"07:00\">\n\t\t\t\t\t\t\t\t\t\t\t07:00<\/option>\n\t\t\t\t\t\t\t\t\t\t<option value=\"07:15\">\n\t\t\t\t\t\t\t\t\t\t\t07:15<\/option>\n\t\t\t\t\t\t\t\t\t\t<option value=\"07:30\">\n\t\t\t\t\t\t\t\t\t\t\t07:30<\/option>\n\t\t\t\t\t\t\t\t\t\t<option value=\"07:45\">\n\t\t\t\t\t\t\t\t\t\t\t07:45<\/option>\n\t\t\t\t\t\t\t\t\t\t\t\t\t\t\t\t\t\t\t\t<option value=\"08:00\">\n\t\t\t\t\t\t\t\t\t\t\t08:00<\/option>\n\t\t\t\t\t\t\t\t\t\t<option value=\"08:15\">\n\t\t\t\t\t\t\t\t\t\t\t08:15<\/option>\n\t\t\t\t\t\t\t\t\t\t<option value=\"08:30\">\n\t\t\t\t\t\t\t\t\t\t\t08:30<\/option>\n\t\t\t\t\t\t\t\t\t\t<option value=\"08:45\">\n\t\t\t\t\t\t\t\t\t\t\t08:45<\/option>\n\t\t\t\t\t\t\t\t\t\t\t\t\t\t\t\t\t\t\t\t<option value=\"09:00\">\n\t\t\t\t\t\t\t\t\t\t\t09:00<\/option>\n\t\t\t\t\t\t\t\t\t\t<option value=\"09:15\">\n\t\t\t\t\t\t\t\t\t\t\t09:15<\/option>\n\t\t\t\t\t\t\t\t\t\t<option value=\"09:30\">\n\t\t\t\t\t\t\t\t\t\t\t09:30<\/option>\n\t\t\t\t\t\t\t\t\t\t<option value=\"09:45\">\n\t\t\t\t\t\t\t\t\t\t\t09:45<\/option>\n\t\t\t\t\t\t\t\t\t\t\t\t\t\t\t\t\t\t\t\t<option value=\"10:00\">\n\t\t\t\t\t\t\t\t\t\t\t10:00<\/option>\n\t\t\t\t\t\t\t\t\t\t<option value=\"10:15\">\n\t\t\t\t\t\t\t\t\t\t\t10:15<\/option>\n\t\t\t\t\t\t\t\t\t\t<option value=\"10:30\">\n\t\t\t\t\t\t\t\t\t\t\t10:30<\/option>\n\t\t\t\t\t\t\t\t\t\t<option value=\"10:45\">\n\t\t\t\t\t\t\t\t\t\t\t10:45<\/option>\n\t\t\t\t\t\t\t\t\t\t\t\t\t\t\t\t\t\t\t\t<option value=\"11:00\">\n\t\t\t\t\t\t\t\t\t\t\t11:00<\/option>\n\t\t\t\t\t\t\t\t\t\t<option value=\"11:15\">\n\t\t\t\t\t\t\t\t\t\t\t11:15<\/option>\n\t\t\t\t\t\t\t\t\t\t<option value=\"11:30\">\n\t\t\t\t\t\t\t\t\t\t\t11:30<\/option>\n\t\t\t\t\t\t\t\t\t\t<option value=\"11:45\">\n\t\t\t\t\t\t\t\t\t\t\t11:45<\/option>\n\t\t\t\t\t\t\t\t\t\t\t\t\t\t\t\t\t\t\t\t<option value=\"12:00\">\n\t\t\t\t\t\t\t\t\t\t\t12:00<\/option>\n\t\t\t\t\t\t\t\t\t\t<option value=\"12:15\">\n\t\t\t\t\t\t\t\t\t\t\t12:15<\/option>\n\t\t\t\t\t\t\t\t\t\t<option value=\"12:30\">\n\t\t\t\t\t\t\t\t\t\t\t12:30<\/option>\n\t\t\t\t\t\t\t\t\t\t<option value=\"12:45\">\n\t\t\t\t\t\t\t\t\t\t\t12:45<\/option>\n\t\t\t\t\t\t\t\t\t\t\t\t\t\t\t\t\t\t\t\t<option value=\"13:00\">\n\t\t\t\t\t\t\t\t\t\t\t13:00<\/option>\n\t\t\t\t\t\t\t\t\t\t<option value=\"13:15\">\n\t\t\t\t\t\t\t\t\t\t\t13:15<\/option>\n\t\t\t\t\t\t\t\t\t\t<option value=\"13:30\">\n\t\t\t\t\t\t\t\t\t\t\t13:30<\/option>\n\t\t\t\t\t\t\t\t\t\t<option value=\"13:45\">\n\t\t\t\t\t\t\t\t\t\t\t13:45<\/option>\n\t\t\t\t\t\t\t\t\t\t\t\t\t\t\t\t\t\t\t\t<option value=\"14:00\">\n\t\t\t\t\t\t\t\t\t\t\t14:00<\/option>\n\t\t\t\t\t\t\t\t\t\t<option value=\"14:15\">\n\t\t\t\t\t\t\t\t\t\t\t14:15<\/option>\n\t\t\t\t\t\t\t\t\t\t<option value=\"14:30\">\n\t\t\t\t\t\t\t\t\t\t\t14:30<\/option>\n\t\t\t\t\t\t\t\t\t\t<option value=\"14:45\">\n\t\t\t\t\t\t\t\t\t\t\t14:45<\/option>\n\t\t\t\t\t\t\t\t\t\t\t\t\t\t\t\t\t\t\t\t<option value=\"15:00\">\n\t\t\t\t\t\t\t\t\t\t\t15:00<\/option>\n\t\t\t\t\t\t\t\t\t\t<option value=\"15:15\">\n\t\t\t\t\t\t\t\t\t\t\t15:15<\/option>\n\t\t\t\t\t\t\t\t\t\t<option value=\"15:30\">\n\t\t\t\t\t\t\t\t\t\t\t15:30<\/option>\n\t\t\t\t\t\t\t\t\t\t<option value=\"15:45\">\n\t\t\t\t\t\t\t\t\t\t\t15:45<\/option>\n\t\t\t\t\t\t\t\t\t\t\t\t\t\t\t\t\t\t\t\t<option value=\"16:00\">\n\t\t\t\t\t\t\t\t\t\t\t16:00<\/option>\n\t\t\t\t\t\t\t\t\t\t<option value=\"16:15\">\n\t\t\t\t\t\t\t\t\t\t\t16:15<\/option>\n\t\t\t\t\t\t\t\t\t\t<option value=\"16:30\">\n\t\t\t\t\t\t\t\t\t\t\t16:30<\/option>\n\t\t\t\t\t\t\t\t\t\t<option value=\"16:45\">\n\t\t\t\t\t\t\t\t\t\t\t16:45<\/option>\n\t\t\t\t\t\t\t\t\t\t\t\t\t\t\t\t\t\t\t\t<option value=\"17:00\">\n\t\t\t\t\t\t\t\t\t\t\t17:00<\/option>\n\t\t\t\t\t\t\t\t\t\t<option value=\"17:15\">\n\t\t\t\t\t\t\t\t\t\t\t17:15<\/option>\n\t\t\t\t\t\t\t\t\t\t<option value=\"17:30\">\n\t\t\t\t\t\t\t\t\t\t\t17:30<\/option>\n\t\t\t\t\t\t\t\t\t\t<option value=\"17:45\">\n\t\t\t\t\t\t\t\t\t\t\t17:45<\/option>\n\t\t\t\t\t\t\t\t\t\t\t\t\t\t\t\t\t\t\t\t<option value=\"18:00\">\n\t\t\t\t\t\t\t\t\t\t\t18:00<\/option>\n\t\t\t\t\t\t\t\t\t\t<option value=\"18:15\">\n\t\t\t\t\t\t\t\t\t\t\t18:15<\/option>\n\t\t\t\t\t\t\t\t\t\t<option value=\"18:30\">\n\t\t\t\t\t\t\t\t\t\t\t18:30<\/option>\n\t\t\t\t\t\t\t\t\t\t<option value=\"18:45\">\n\t\t\t\t\t\t\t\t\t\t\t18:45<\/option>\n\t\t\t\t\t\t\t\t\t\t\t\t\t\t\t\t\t\t\t\t<option value=\"19:00\">\n\t\t\t\t\t\t\t\t\t\t\t19:00<\/option>\n\t\t\t\t\t\t\t\t\t\t<option value=\"19:15\">\n\t\t\t\t\t\t\t\t\t\t\t19:15<\/option>\n\t\t\t\t\t\t\t\t\t\t<option value=\"19:30\">\n\t\t\t\t\t\t\t\t\t\t\t19:30<\/option>\n\t\t\t\t\t\t\t\t\t\t<option value=\"19:45\">\n\t\t\t\t\t\t\t\t\t\t\t19:45<\/option>\n\t\t\t\t\t\t\t\t\t\t\t\t\t\t\t\t\t\t\t\t<option value=\"20:00\">\n\t\t\t\t\t\t\t\t\t\t\t20:00<\/option>\n\t\t\t\t\t\t\t\t\t\t<option value=\"20:15\">\n\t\t\t\t\t\t\t\t\t\t\t20:15<\/option>\n\t\t\t\t\t\t\t\t\t\t<option value=\"20:30\">\n\t\t\t\t\t\t\t\t\t\t\t20:30<\/option>\n\t\t\t\t\t\t\t\t\t\t<option value=\"20:45\">\n\t\t\t\t\t\t\t\t\t\t\t20:45<\/option>\n\t\t\t\t\t\t\t\t\t\t\t\t\t\t\t\t\t\t\t\t<option value=\"21:00\">\n\t\t\t\t\t\t\t\t\t\t\t21:00<\/option>\n\t\t\t\t\t\t\t\t\t\t<option value=\"21:15\">\n\t\t\t\t\t\t\t\t\t\t\t21:15<\/option>\n\t\t\t\t\t\t\t\t\t\t<option value=\"21:30\">\n\t\t\t\t\t\t\t\t\t\t\t21:30<\/option>\n\t\t\t\t\t\t\t\t\t\t<option value=\"21:45\">\n\t\t\t\t\t\t\t\t\t\t\t21:45<\/option>\n\t\t\t\t\t\t\t\t\t\t\t\t\t\t\t\t\t\t\t\t<option value=\"22:00\">\n\t\t\t\t\t\t\t\t\t\t\t22:00<\/option>\n\t\t\t\t\t\t\t\t\t\t<option value=\"22:15\">\n\t\t\t\t\t\t\t\t\t\t\t22:15<\/option>\n\t\t\t\t\t\t\t\t\t\t<option value=\"22:30\">\n\t\t\t\t\t\t\t\t\t\t\t22:30<\/option>\n\t\t\t\t\t\t\t\t\t\t<option value=\"22:45\">\n\t\t\t\t\t\t\t\t\t\t\t22:45<\/option>\n\t\t\t\t\t\t\t\t\t\t\t\t\t\t\t\t\t\t\t\t<option value=\"23:00\">\n\t\t\t\t\t\t\t\t\t\t\t23:00<\/option>\n\t\t\t\t\t\t\t\t\t\t<option value=\"23:15\">\n\t\t\t\t\t\t\t\t\t\t\t23:15<\/option>\n\t\t\t\t\t\t\t\t\t\t<option value=\"23:30\">\n\t\t\t\t\t\t\t\t\t\t\t23:30<\/option>\n\t\t\t\t\t\t\t\t\t\t<option value=\"23:45\">\n\t\t\t\t\t\t\t\t\t\t\t23:45<\/option>\n\t\t\t\t\t\t\t\t\t\t\t\t\t\t\t\t\t\t\t<\/select>\n\t\t\t\t\t\t\t\t<\/div>\n\t\t\t\t\t\t\t<\/div>\n\t\t\t\t\t\t<\/div>\n\n\t\t\t\t\t<\/div>\n\t\t\t\t\n\n\t\t\t\t\t\t<div class=\"row\">\n                               <div class=\"col-sm-6\">\n\t\t\t\t\t\t\t\t<div class=\"form-group promo-code\">\n\t\t\t\t\t\t\t\t\t\t\t\t\t\t\t\t\t<label for=\"tipogrupo\" class=\"w-50 text-right pr-3 pt-1\">Groep<\/label>\n\t\t\t\t\t\t\t\t\t<select name=\"tipogrupo\" id=\"tipogrupo\" class=\"form-control w-50\">\n\t\t\t\t\t\t\t\t\t<option value=\"0\">Alle auto's<\/option>\n\t\t\t                        <option value=\"1\">Standard<\/option>  \n\t\t\t\t\t\t\t\t\t<option value=\"2\" >Automatics<\/option>  \n\t\t\t\t\t\t\t\t\t<option value=\"4\">Minivan<\/option>  \n\t\t\t\t\t\t\t\t\t<option value=\"5\">Cabrio & Sport<\/option>  \n\t\t\t\t\t\t\t\t\t<option value=\"6\">Prestige<\/option>  \n\t\t\t\t\t\t\t\t\t<option value=\"8\">SUV \/ Stationwagen<\/option> \n\t\t\t\t\t\t\t\t\t<option value=\"10\">Camper en Motorhome<\/option>  \t\t\t\t\t\t\t\t\n\t\t\t\t\t\t\t\t<\/select>\t\n\t\t\t\t\t\t\t\t\t\n\t\t\t\t\t\t\t<\/div>\n\t\t\t\t\t\t\t<\/div>\n\t\t\t\t\t\t<div class=\"col-sm-6 align-self-end\">\n\t\t\t\t\t\t\t<div class=\"form-group\">\n\t\t\t\t\t\t\t\t<input type=\"submit\" class=\"btn-quote\" value=\"Get Quote\" onclick=\"return msgAlert()\">\n\t\t\t\t\t\t\t<\/div>\n\t\t\t\t\t\t<\/div>\n\t\t\t\t\t<\/div>\n\t\t\t\t<\/form>\n\t\t\t\t<div class=\"row hide-mini-tablet advantages\">\n\t\t\t\t\t\t<div class=\"col-12\">\n\t\t\t\t\t\t\t<h4 class=\"text-center text-white\">De beste prijzen!<\/h4>\n\t\t\t\t\t\t\t<ul>\n\t\t\t\t\t\t\t\t<li>Groot wagenpark aan gloednieuwe wagens.<\/li>\n\t\t\t\t\t\t\t\t<li>Betalen bij aankomst.<\/li>\n\t\t\t\t\t\t\t\t<li>Wat je ziet is wat je betaalt.<\/li>\n\t\t\t\t\t\t\t\t<li>Geen creditcard nodig om te boeken.<\/li>\n\t\t\t\t\t\t\t\t<li>VIP bezorgservice gratis.<\/li>\n\t\t\t\t\t\t\t\t<li><strong class=\"redpassion-alt\">Wij rekenen geen extra kosten<\/strong> voor onze bijtank service.<\/li>\n\t\t\t\t\t\t\t<\/ul>\n\t\t\t\t\t\t<\/div>\n\t\t\t\t\t<\/div>\n\t\t\t\t<\/div>\n\t\t\t<br clear=\"all\">\n\n","protected":false},"excerpt":{"rendered":"<p>Wat te zien in M\u00e1laga in april? Ben je klaar om de lente te vieren? Maak je klaar, deze april in M\u00e1laga zit vol met activiteiten en evenementen, met heel veel muziek!<\/p>\n","protected":false},"author":1,"featured_media":4533,"comment_status":"open","ping_status":"open","sticky":false,"template":"","format":"standard","meta":{"footnotes":""},"categories":[506],"tags":[450,487,307,482],"class_list":["post-4532","post","type-post","status-publish","format-standard","has-post-thumbnail","hentry","category-vrije-tijd","tag-activiteiten","tag-april","tag-malaga","tag-wat-te-doen"],"yoast_head":"<!-- This site is optimized with the Yoast SEO plugin v28.4 - https:\/\/yoast.com\/product\/yoast-seo-wordpress\/ -->\n<title>Wat te doen in M\u00e1laga in April 2026 - MalagaCar.com Blog<\/title>\n<meta name=\"description\" content=\"Ben je klaar om de lente te vieren? Bereid je voor, deze maand april in Malaga barst van de activiteiten en evenementen!\" \/>\n<meta name=\"robots\" content=\"index, follow, max-snippet:-1, max-image-preview:large, max-video-preview:-1\" \/>\n<link rel=\"canonical\" href=\"https:\/\/www.malagacar.com\/nl\/blog\/vrije-tijd\/activiteiten-malaga-in-april\/\" \/>\n<meta property=\"og:locale\" content=\"nl_NL\" \/>\n<meta property=\"og:type\" content=\"article\" \/>\n<meta property=\"og:title\" content=\"Wat te doen in M\u00e1laga in April 2026 - MalagaCar.com Blog\" \/>\n<meta property=\"og:description\" content=\"Ben je klaar om de lente te vieren? Bereid je voor, deze maand april in Malaga barst van de activiteiten en evenementen!\" \/>\n<meta property=\"og:url\" content=\"https:\/\/www.malagacar.com\/nl\/blog\/vrije-tijd\/activiteiten-malaga-in-april\/\" \/>\n<meta property=\"og:site_name\" content=\"MalagaCar.com Blog\" \/>\n<meta property=\"article:publisher\" content=\"https:\/\/www.facebook.com\/malagacar\" \/>\n<meta property=\"article:published_time\" content=\"2026-03-30T07:32:52+00:00\" \/>\n<meta property=\"article:modified_time\" content=\"2026-04-15T10:05:09+00:00\" \/>\n<meta property=\"og:image\" content=\"https:\/\/www.malagacar.com\/nl\/blog\/wp-content\/uploads\/2023\/03\/04-nl.jpg\" \/>\n\t<meta property=\"og:image:width\" content=\"1000\" \/>\n\t<meta property=\"og:image:height\" content=\"896\" \/>\n\t<meta property=\"og:image:type\" content=\"image\/jpeg\" \/>\n<meta name=\"author\" content=\"MalagaCar.com\" \/>\n<meta name=\"twitter:label1\" content=\"Geschreven door\" \/>\n\t<meta name=\"twitter:data1\" content=\"MalagaCar.com\" \/>\n\t<meta name=\"twitter:label2\" content=\"Geschatte leestijd\" \/>\n\t<meta name=\"twitter:data2\" content=\"40 minuten\" \/>\n<script type=\"application\/ld+json\" class=\"yoast-schema-graph\">{\"@context\":\"https:\\\/\\\/schema.org\",\"@graph\":[{\"@type\":\"Article\",\"@id\":\"https:\\\/\\\/www.malagacar.com\\\/nl\\\/blog\\\/vrije-tijd\\\/activiteiten-malaga-in-april\\\/#article\",\"isPartOf\":{\"@id\":\"https:\\\/\\\/www.malagacar.com\\\/nl\\\/blog\\\/vrije-tijd\\\/activiteiten-malaga-in-april\\\/\"},\"author\":{\"name\":\"MalagaCar.com\",\"@id\":\"https:\\\/\\\/www.malagacar.com\\\/nl\\\/blog\\\/#\\\/schema\\\/person\\\/fbc37b93c0f5bbdaa54a0a4fc59d8b8c\"},\"headline\":\"Wat te doen in M\u00e1laga in April 2026\",\"datePublished\":\"2026-03-30T07:32:52+00:00\",\"dateModified\":\"2026-04-15T10:05:09+00:00\",\"mainEntityOfPage\":{\"@id\":\"https:\\\/\\\/www.malagacar.com\\\/nl\\\/blog\\\/vrije-tijd\\\/activiteiten-malaga-in-april\\\/\"},\"wordCount\":5601,\"commentCount\":0,\"publisher\":{\"@id\":\"https:\\\/\\\/www.malagacar.com\\\/nl\\\/blog\\\/#organization\"},\"image\":{\"@id\":\"https:\\\/\\\/www.malagacar.com\\\/nl\\\/blog\\\/vrije-tijd\\\/activiteiten-malaga-in-april\\\/#primaryimage\"},\"thumbnailUrl\":\"https:\\\/\\\/www.malagacar.com\\\/nl\\\/blog\\\/wp-content\\\/uploads\\\/2023\\\/03\\\/04-nl.jpg\",\"keywords\":[\"Activiteiten\",\"april\",\"malaga\",\"Wat te doen\"],\"articleSection\":[\"Vrije Tijd\"],\"inLanguage\":\"nl-NL\",\"potentialAction\":[{\"@type\":\"CommentAction\",\"name\":\"Comment\",\"target\":[\"https:\\\/\\\/www.malagacar.com\\\/nl\\\/blog\\\/vrije-tijd\\\/activiteiten-malaga-in-april\\\/#respond\"]}]},{\"@type\":\"WebPage\",\"@id\":\"https:\\\/\\\/www.malagacar.com\\\/nl\\\/blog\\\/vrije-tijd\\\/activiteiten-malaga-in-april\\\/\",\"url\":\"https:\\\/\\\/www.malagacar.com\\\/nl\\\/blog\\\/vrije-tijd\\\/activiteiten-malaga-in-april\\\/\",\"name\":\"Wat te doen in M\u00e1laga in April 2026 - MalagaCar.com Blog\",\"isPartOf\":{\"@id\":\"https:\\\/\\\/www.malagacar.com\\\/nl\\\/blog\\\/#website\"},\"primaryImageOfPage\":{\"@id\":\"https:\\\/\\\/www.malagacar.com\\\/nl\\\/blog\\\/vrije-tijd\\\/activiteiten-malaga-in-april\\\/#primaryimage\"},\"image\":{\"@id\":\"https:\\\/\\\/www.malagacar.com\\\/nl\\\/blog\\\/vrije-tijd\\\/activiteiten-malaga-in-april\\\/#primaryimage\"},\"thumbnailUrl\":\"https:\\\/\\\/www.malagacar.com\\\/nl\\\/blog\\\/wp-content\\\/uploads\\\/2023\\\/03\\\/04-nl.jpg\",\"datePublished\":\"2026-03-30T07:32:52+00:00\",\"dateModified\":\"2026-04-15T10:05:09+00:00\",\"description\":\"Ben je klaar om de lente te vieren? Bereid je voor, deze maand april in Malaga barst van de activiteiten en evenementen!\",\"breadcrumb\":{\"@id\":\"https:\\\/\\\/www.malagacar.com\\\/nl\\\/blog\\\/vrije-tijd\\\/activiteiten-malaga-in-april\\\/#breadcrumb\"},\"inLanguage\":\"nl-NL\",\"potentialAction\":[{\"@type\":\"ReadAction\",\"target\":[\"https:\\\/\\\/www.malagacar.com\\\/nl\\\/blog\\\/vrije-tijd\\\/activiteiten-malaga-in-april\\\/\"]}]},{\"@type\":\"ImageObject\",\"inLanguage\":\"nl-NL\",\"@id\":\"https:\\\/\\\/www.malagacar.com\\\/nl\\\/blog\\\/vrije-tijd\\\/activiteiten-malaga-in-april\\\/#primaryimage\",\"url\":\"https:\\\/\\\/www.malagacar.com\\\/nl\\\/blog\\\/wp-content\\\/uploads\\\/2023\\\/03\\\/04-nl.jpg\",\"contentUrl\":\"https:\\\/\\\/www.malagacar.com\\\/nl\\\/blog\\\/wp-content\\\/uploads\\\/2023\\\/03\\\/04-nl.jpg\",\"width\":1000,\"height\":896},{\"@type\":\"BreadcrumbList\",\"@id\":\"https:\\\/\\\/www.malagacar.com\\\/nl\\\/blog\\\/vrije-tijd\\\/activiteiten-malaga-in-april\\\/#breadcrumb\",\"itemListElement\":[{\"@type\":\"ListItem\",\"position\":1,\"name\":\"Home\",\"item\":\"https:\\\/\\\/www.malagacar.com\\\/nl\\\/blog\\\/\"},{\"@type\":\"ListItem\",\"position\":2,\"name\":\"Wat te doen in M\u00e1laga in April 2026\"}]},{\"@type\":\"WebSite\",\"@id\":\"https:\\\/\\\/www.malagacar.com\\\/nl\\\/blog\\\/#website\",\"url\":\"https:\\\/\\\/www.malagacar.com\\\/nl\\\/blog\\\/\",\"name\":\"MalagaCar.com Blog\",\"description\":\"Nieuws en feiten over auto huren op de luchthaven van Malaga.\",\"publisher\":{\"@id\":\"https:\\\/\\\/www.malagacar.com\\\/nl\\\/blog\\\/#organization\"},\"potentialAction\":[{\"@type\":\"SearchAction\",\"target\":{\"@type\":\"EntryPoint\",\"urlTemplate\":\"https:\\\/\\\/www.malagacar.com\\\/nl\\\/blog\\\/?s={search_term_string}\"},\"query-input\":{\"@type\":\"PropertyValueSpecification\",\"valueRequired\":true,\"valueName\":\"search_term_string\"}}],\"inLanguage\":\"nl-NL\"},{\"@type\":\"Organization\",\"@id\":\"https:\\\/\\\/www.malagacar.com\\\/nl\\\/blog\\\/#organization\",\"name\":\"MalagaCar.com\",\"url\":\"https:\\\/\\\/www.malagacar.com\\\/nl\\\/blog\\\/\",\"logo\":{\"@type\":\"ImageObject\",\"inLanguage\":\"nl-NL\",\"@id\":\"https:\\\/\\\/www.malagacar.com\\\/nl\\\/blog\\\/#\\\/schema\\\/logo\\\/image\\\/\",\"url\":\"https:\\\/\\\/www.malagacar.com\\\/nl\\\/blog\\\/wp-content\\\/uploads\\\/2021\\\/06\\\/logo-malagacar-social.png\",\"contentUrl\":\"https:\\\/\\\/www.malagacar.com\\\/nl\\\/blog\\\/wp-content\\\/uploads\\\/2021\\\/06\\\/logo-malagacar-social.png\",\"width\":900,\"height\":900,\"caption\":\"MalagaCar.com\"},\"image\":{\"@id\":\"https:\\\/\\\/www.malagacar.com\\\/nl\\\/blog\\\/#\\\/schema\\\/logo\\\/image\\\/\"},\"sameAs\":[\"https:\\\/\\\/www.facebook.com\\\/malagacar\",\"https:\\\/\\\/x.com\\\/malagacarcom\",\"https:\\\/\\\/www.instagram.com\\\/malagacar\\\/\",\"https:\\\/\\\/www.linkedin.com\\\/company\\\/malagacar.com\",\"https:\\\/\\\/www.youtube.com\\\/c\\\/MalagacarAirport\"]},{\"@type\":\"Person\",\"@id\":\"https:\\\/\\\/www.malagacar.com\\\/nl\\\/blog\\\/#\\\/schema\\\/person\\\/fbc37b93c0f5bbdaa54a0a4fc59d8b8c\",\"name\":\"MalagaCar.com\",\"image\":{\"@type\":\"ImageObject\",\"inLanguage\":\"nl-NL\",\"@id\":\"https:\\\/\\\/secure.gravatar.com\\\/avatar\\\/296ebc31026e7be05868369e4c596b3239b1582b2fcf8a45de57333e2e82bb82?s=96&d=mm&r=g\",\"url\":\"https:\\\/\\\/secure.gravatar.com\\\/avatar\\\/296ebc31026e7be05868369e4c596b3239b1582b2fcf8a45de57333e2e82bb82?s=96&d=mm&r=g\",\"contentUrl\":\"https:\\\/\\\/secure.gravatar.com\\\/avatar\\\/296ebc31026e7be05868369e4c596b3239b1582b2fcf8a45de57333e2e82bb82?s=96&d=mm&r=g\",\"caption\":\"MalagaCar.com\"},\"sameAs\":[\"https:\\\/\\\/www.malagacar.com\\\/nl\\\/\"]}]}<\/script>\n<!-- \/ Yoast SEO plugin. -->","yoast_head_json":{"title":"Wat te doen in M\u00e1laga in April 2026 - MalagaCar.com Blog","description":"Ben je klaar om de lente te vieren? Bereid je voor, deze maand april in Malaga barst van de activiteiten en evenementen!","robots":{"index":"index","follow":"follow","max-snippet":"max-snippet:-1","max-image-preview":"max-image-preview:large","max-video-preview":"max-video-preview:-1"},"canonical":"https:\/\/www.malagacar.com\/nl\/blog\/vrije-tijd\/activiteiten-malaga-in-april\/","og_locale":"nl_NL","og_type":"article","og_title":"Wat te doen in M\u00e1laga in April 2026 - MalagaCar.com Blog","og_description":"Ben je klaar om de lente te vieren? Bereid je voor, deze maand april in Malaga barst van de activiteiten en evenementen!","og_url":"https:\/\/www.malagacar.com\/nl\/blog\/vrije-tijd\/activiteiten-malaga-in-april\/","og_site_name":"MalagaCar.com Blog","article_publisher":"https:\/\/www.facebook.com\/malagacar","article_published_time":"2026-03-30T07:32:52+00:00","article_modified_time":"2026-04-15T10:05:09+00:00","og_image":[{"width":1000,"height":896,"url":"https:\/\/www.malagacar.com\/nl\/blog\/wp-content\/uploads\/2023\/03\/04-nl.jpg","type":"image\/jpeg"}],"author":"MalagaCar.com","twitter_misc":{"Geschreven door":"MalagaCar.com","Geschatte leestijd":"40 minuten"},"schema":{"@context":"https:\/\/schema.org","@graph":[{"@type":"Article","@id":"https:\/\/www.malagacar.com\/nl\/blog\/vrije-tijd\/activiteiten-malaga-in-april\/#article","isPartOf":{"@id":"https:\/\/www.malagacar.com\/nl\/blog\/vrije-tijd\/activiteiten-malaga-in-april\/"},"author":{"name":"MalagaCar.com","@id":"https:\/\/www.malagacar.com\/nl\/blog\/#\/schema\/person\/fbc37b93c0f5bbdaa54a0a4fc59d8b8c"},"headline":"Wat te doen in M\u00e1laga in April 2026","datePublished":"2026-03-30T07:32:52+00:00","dateModified":"2026-04-15T10:05:09+00:00","mainEntityOfPage":{"@id":"https:\/\/www.malagacar.com\/nl\/blog\/vrije-tijd\/activiteiten-malaga-in-april\/"},"wordCount":5601,"commentCount":0,"publisher":{"@id":"https:\/\/www.malagacar.com\/nl\/blog\/#organization"},"image":{"@id":"https:\/\/www.malagacar.com\/nl\/blog\/vrije-tijd\/activiteiten-malaga-in-april\/#primaryimage"},"thumbnailUrl":"https:\/\/www.malagacar.com\/nl\/blog\/wp-content\/uploads\/2023\/03\/04-nl.jpg","keywords":["Activiteiten","april","malaga","Wat te doen"],"articleSection":["Vrije Tijd"],"inLanguage":"nl-NL","potentialAction":[{"@type":"CommentAction","name":"Comment","target":["https:\/\/www.malagacar.com\/nl\/blog\/vrije-tijd\/activiteiten-malaga-in-april\/#respond"]}]},{"@type":"WebPage","@id":"https:\/\/www.malagacar.com\/nl\/blog\/vrije-tijd\/activiteiten-malaga-in-april\/","url":"https:\/\/www.malagacar.com\/nl\/blog\/vrije-tijd\/activiteiten-malaga-in-april\/","name":"Wat te doen in M\u00e1laga in April 2026 - MalagaCar.com Blog","isPartOf":{"@id":"https:\/\/www.malagacar.com\/nl\/blog\/#website"},"primaryImageOfPage":{"@id":"https:\/\/www.malagacar.com\/nl\/blog\/vrije-tijd\/activiteiten-malaga-in-april\/#primaryimage"},"image":{"@id":"https:\/\/www.malagacar.com\/nl\/blog\/vrije-tijd\/activiteiten-malaga-in-april\/#primaryimage"},"thumbnailUrl":"https:\/\/www.malagacar.com\/nl\/blog\/wp-content\/uploads\/2023\/03\/04-nl.jpg","datePublished":"2026-03-30T07:32:52+00:00","dateModified":"2026-04-15T10:05:09+00:00","description":"Ben je klaar om de lente te vieren? Bereid je voor, deze maand april in Malaga barst van de activiteiten en evenementen!","breadcrumb":{"@id":"https:\/\/www.malagacar.com\/nl\/blog\/vrije-tijd\/activiteiten-malaga-in-april\/#breadcrumb"},"inLanguage":"nl-NL","potentialAction":[{"@type":"ReadAction","target":["https:\/\/www.malagacar.com\/nl\/blog\/vrije-tijd\/activiteiten-malaga-in-april\/"]}]},{"@type":"ImageObject","inLanguage":"nl-NL","@id":"https:\/\/www.malagacar.com\/nl\/blog\/vrije-tijd\/activiteiten-malaga-in-april\/#primaryimage","url":"https:\/\/www.malagacar.com\/nl\/blog\/wp-content\/uploads\/2023\/03\/04-nl.jpg","contentUrl":"https:\/\/www.malagacar.com\/nl\/blog\/wp-content\/uploads\/2023\/03\/04-nl.jpg","width":1000,"height":896},{"@type":"BreadcrumbList","@id":"https:\/\/www.malagacar.com\/nl\/blog\/vrije-tijd\/activiteiten-malaga-in-april\/#breadcrumb","itemListElement":[{"@type":"ListItem","position":1,"name":"Home","item":"https:\/\/www.malagacar.com\/nl\/blog\/"},{"@type":"ListItem","position":2,"name":"Wat te doen in M\u00e1laga in April 2026"}]},{"@type":"WebSite","@id":"https:\/\/www.malagacar.com\/nl\/blog\/#website","url":"https:\/\/www.malagacar.com\/nl\/blog\/","name":"MalagaCar.com Blog","description":"Nieuws en feiten over auto huren op de luchthaven van Malaga.","publisher":{"@id":"https:\/\/www.malagacar.com\/nl\/blog\/#organization"},"potentialAction":[{"@type":"SearchAction","target":{"@type":"EntryPoint","urlTemplate":"https:\/\/www.malagacar.com\/nl\/blog\/?s={search_term_string}"},"query-input":{"@type":"PropertyValueSpecification","valueRequired":true,"valueName":"search_term_string"}}],"inLanguage":"nl-NL"},{"@type":"Organization","@id":"https:\/\/www.malagacar.com\/nl\/blog\/#organization","name":"MalagaCar.com","url":"https:\/\/www.malagacar.com\/nl\/blog\/","logo":{"@type":"ImageObject","inLanguage":"nl-NL","@id":"https:\/\/www.malagacar.com\/nl\/blog\/#\/schema\/logo\/image\/","url":"https:\/\/www.malagacar.com\/nl\/blog\/wp-content\/uploads\/2021\/06\/logo-malagacar-social.png","contentUrl":"https:\/\/www.malagacar.com\/nl\/blog\/wp-content\/uploads\/2021\/06\/logo-malagacar-social.png","width":900,"height":900,"caption":"MalagaCar.com"},"image":{"@id":"https:\/\/www.malagacar.com\/nl\/blog\/#\/schema\/logo\/image\/"},"sameAs":["https:\/\/www.facebook.com\/malagacar","https:\/\/x.com\/malagacarcom","https:\/\/www.instagram.com\/malagacar\/","https:\/\/www.linkedin.com\/company\/malagacar.com","https:\/\/www.youtube.com\/c\/MalagacarAirport"]},{"@type":"Person","@id":"https:\/\/www.malagacar.com\/nl\/blog\/#\/schema\/person\/fbc37b93c0f5bbdaa54a0a4fc59d8b8c","name":"MalagaCar.com","image":{"@type":"ImageObject","inLanguage":"nl-NL","@id":"https:\/\/secure.gravatar.com\/avatar\/296ebc31026e7be05868369e4c596b3239b1582b2fcf8a45de57333e2e82bb82?s=96&d=mm&r=g","url":"https:\/\/secure.gravatar.com\/avatar\/296ebc31026e7be05868369e4c596b3239b1582b2fcf8a45de57333e2e82bb82?s=96&d=mm&r=g","contentUrl":"https:\/\/secure.gravatar.com\/avatar\/296ebc31026e7be05868369e4c596b3239b1582b2fcf8a45de57333e2e82bb82?s=96&d=mm&r=g","caption":"MalagaCar.com"},"sameAs":["https:\/\/www.malagacar.com\/nl\/"]}]}},"_links":{"self":[{"href":"https:\/\/www.malagacar.com\/nl\/blog\/wp-json\/wp\/v2\/posts\/4532","targetHints":{"allow":["GET"]}}],"collection":[{"href":"https:\/\/www.malagacar.com\/nl\/blog\/wp-json\/wp\/v2\/posts"}],"about":[{"href":"https:\/\/www.malagacar.com\/nl\/blog\/wp-json\/wp\/v2\/types\/post"}],"author":[{"embeddable":true,"href":"https:\/\/www.malagacar.com\/nl\/blog\/wp-json\/wp\/v2\/users\/1"}],"replies":[{"embeddable":true,"href":"https:\/\/www.malagacar.com\/nl\/blog\/wp-json\/wp\/v2\/comments?post=4532"}],"version-history":[{"count":73,"href":"https:\/\/www.malagacar.com\/nl\/blog\/wp-json\/wp\/v2\/posts\/4532\/revisions"}],"predecessor-version":[{"id":7287,"href":"https:\/\/www.malagacar.com\/nl\/blog\/wp-json\/wp\/v2\/posts\/4532\/revisions\/7287"}],"wp:featuredmedia":[{"embeddable":true,"href":"https:\/\/www.malagacar.com\/nl\/blog\/wp-json\/wp\/v2\/media\/4533"}],"wp:attachment":[{"href":"https:\/\/www.malagacar.com\/nl\/blog\/wp-json\/wp\/v2\/media?parent=4532"}],"wp:term":[{"taxonomy":"category","embeddable":true,"href":"https:\/\/www.malagacar.com\/nl\/blog\/wp-json\/wp\/v2\/categories?post=4532"},{"taxonomy":"post_tag","embeddable":true,"href":"https:\/\/www.malagacar.com\/nl\/blog\/wp-json\/wp\/v2\/tags?post=4532"}],"curies":[{"name":"wp","href":"https:\/\/api.w.org\/{rel}","templated":true}]}}