{"id":4755,"date":"2022-01-25T12:10:49","date_gmt":"2022-01-25T11:10:49","guid":{"rendered":"https:\/\/www.malagacar.com\/nl\/blog\/?p=4755"},"modified":"2023-10-26T11:49:40","modified_gmt":"2023-10-26T09:49:40","slug":"historische-botanische-tuin-malaga","status":"publish","type":"post","link":"https:\/\/www.malagacar.com\/nl\/blog\/vrije-tijd\/historische-botanische-tuin-malaga\/","title":{"rendered":"Bezoek aan de Historische Botanische Tuin van M\u00e1laga"},"content":{"rendered":"<p>Ga mee op een bezoek aan de Historische Botanische Tuin van M\u00e1laga!<\/p>\n<p>Velen van ons hebben waarschijnlijk al eens op de A-45 richting de kustplaatsen aan de Costa del Sol gereden. Zonder te weten dat zich op onze route door de buitenwijken van M\u00e1laga <em><strong>een van de mooiste subtropische tuinen van Spanje<\/strong><\/em> bevindt.<br \/>\n<!--more--><\/p>\n<p>\n            <div class=\"banner\">\n                <div class=\"row\">\n                    <div class=\"col-sm-4\">\n                        <a href=\"\/nl\/autoverhuur\/quote.php\" data-wpel-link=\"internal\"><img decoding=\"async\" src=\"\/images\/banner-img.jpg\" alt=\"malagacar.com\"><\/a>\n                    <\/div>\n                    <div class=\"col-sm-8\">\n                      <a href=\"\/nl\/autoverhuur\/quote.php\" class=\"banner-title\" data-wpel-link=\"internal\">Goede autoverhuur <span>op Malaga Airport<\/span><\/a>   \n                        <div class=\"row\">\n                            <div class=\"col-sm-7\">\n                                <ul>\n                                    <li>Geen tankkosten<\/li>\n                                    <li>Gratis annuleringn<\/li>\n                                    <li>Huren zonder tussenpersonen<\/li>\n                                    <li>Betaal wanneer u de auto ophaalt<\/li>\n                                    <li><\/li>\n                                <\/ul>\n                            <\/div>\n                            <div class=\"col-sm-5\">\n                                <a class=\"btn-banner\" href=\"\/nl\/autoverhuur\/quote.php\" data-wpel-link=\"internal\">Bekijk prijzen<\/a>\n                                <img decoding=\"async\" class=\"zonturent\" src=\"\/images\/zontu-banner.png\" alt=\"\">\n                            <\/div>\n                        <\/div>\n                    <\/div>\n                 <\/div>  \n            <\/div>\n            <br \/>\nHet historische landgoed La Concepci\u00f3n, gelegen op 5 km ten noorden van M\u00e1laga, is de mooiste en meest significante tropische en subtropische tuin van Spanje en een van de beste in Europa.<\/p>\n<p>Waarschijnlijk vermoedt niemand dat zich tussen de droge heuvels een enorm landgoed van 23 hectare bevindt waarin een weelderige en verfijnde tuin is aangelegd. We raden een bezoek in elk seizoen ten zeerste aan!<\/p>\n<div id=\"ez-toc-container\" class=\"ez-toc-v2_0_87 counter-hierarchy ez-toc-counter ez-toc-light-blue ez-toc-container-direction\">\n<p class=\"ez-toc-title\" style=\"cursor:inherit\">Inhoudsopgave<\/p>\n<label for=\"ez-toc-cssicon-toggle-item-6a9a2d1a9aa1c\" class=\"ez-toc-cssicon-toggle-label\"><span class=\"\"><span class=\"eztoc-hide\" style=\"display:none;\">Toggle<\/span><span class=\"ez-toc-icon-toggle-span\"><svg style=\"fill: #999;color:#999\" xmlns=\"http:\/\/www.w3.org\/2000\/svg\" class=\"list-377408\" width=\"20px\" height=\"20px\" viewBox=\"0 0 24 24\" fill=\"none\"><path d=\"M6 6H4v2h2V6zm14 0H8v2h12V6zM4 11h2v2H4v-2zm16 0H8v2h12v-2zM4 16h2v2H4v-2zm16 0H8v2h12v-2z\" fill=\"currentColor\"><\/path><\/svg><svg style=\"fill: #999;color:#999\" class=\"arrow-unsorted-368013\" xmlns=\"http:\/\/www.w3.org\/2000\/svg\" width=\"10px\" height=\"10px\" viewBox=\"0 0 24 24\" version=\"1.2\" baseProfile=\"tiny\"><path d=\"M18.2 9.3l-6.2-6.3-6.2 6.3c-.2.2-.3.4-.3.7s.1.5.3.7c.2.2.4.3.7.3h11c.3 0 .5-.1.7-.3.2-.2.3-.5.3-.7s-.1-.5-.3-.7zM5.8 14.7l6.2 6.3 6.2-6.3c.2-.2.3-.5.3-.7s-.1-.5-.3-.7c-.2-.2-.4-.3-.7-.3h-11c-.3 0-.5.1-.7.3-.2.2-.3.5-.3.7s.1.5.3.7z\"\/><\/svg><\/span><\/span><\/label><input type=\"checkbox\"  id=\"ez-toc-cssicon-toggle-item-6a9a2d1a9aa1c\"  aria-label=\"Toggle\" \/><nav><ul class='ez-toc-list ez-toc-list-level-1 ' ><li class='ez-toc-page-1 ez-toc-heading-level-2'><a class=\"ez-toc-link ez-toc-heading-1\" href=\"https:\/\/www.malagacar.com\/nl\/blog\/vrije-tijd\/historische-botanische-tuin-malaga\/#Redenen_om_de_Historische_Botanische_Tuin_van_Malaga_te_bezoeken\" data-wpel-link=\"internal\">Redenen om de Historische Botanische Tuin van M\u00e1laga te bezoeken<\/a><\/li><li class='ez-toc-page-1 ez-toc-heading-level-2'><a class=\"ez-toc-link ez-toc-heading-2\" href=\"https:\/\/www.malagacar.com\/nl\/blog\/vrije-tijd\/historische-botanische-tuin-malaga\/#Een_beetje_geschiedenis\" data-wpel-link=\"internal\">Een beetje geschiedenis<\/a><\/li><li class='ez-toc-page-1 ez-toc-heading-level-2'><a class=\"ez-toc-link ez-toc-heading-3\" href=\"https:\/\/www.malagacar.com\/nl\/blog\/vrije-tijd\/historische-botanische-tuin-malaga\/#Gebouwen\" data-wpel-link=\"internal\">Gebouwen<\/a><\/li><li class='ez-toc-page-1 ez-toc-heading-level-2'><a class=\"ez-toc-link ez-toc-heading-4\" href=\"https:\/\/www.malagacar.com\/nl\/blog\/vrije-tijd\/historische-botanische-tuin-malaga\/#Activiteiten_in_de_Botanische_Tuin_van_Malaga\" data-wpel-link=\"internal\">Activiteiten in de Botanische Tuin van M\u00e1laga<\/a><\/li><li class='ez-toc-page-1 ez-toc-heading-level-2'><a class=\"ez-toc-link ez-toc-heading-5\" href=\"https:\/\/www.malagacar.com\/nl\/blog\/vrije-tijd\/historische-botanische-tuin-malaga\/#Vier_je_Bruiloft_in_de_Botanische_Tuin\" data-wpel-link=\"internal\">Vier je Bruiloft in de Botanische Tuin<\/a><\/li><li class='ez-toc-page-1 ez-toc-heading-level-2'><a class=\"ez-toc-link ez-toc-heading-6\" href=\"https:\/\/www.malagacar.com\/nl\/blog\/vrije-tijd\/historische-botanische-tuin-malaga\/#Openingstijden_en_Tarieven\" data-wpel-link=\"internal\">Openingstijden en Tarieven<\/a><\/li><li class='ez-toc-page-1 ez-toc-heading-level-2'><a class=\"ez-toc-link ez-toc-heading-7\" href=\"https:\/\/www.malagacar.com\/nl\/blog\/vrije-tijd\/historische-botanische-tuin-malaga\/#Cafetaria_en_Winkel\" data-wpel-link=\"internal\">Cafetaria en Winkel<\/a><\/li><li class='ez-toc-page-1 ez-toc-heading-level-2'><a class=\"ez-toc-link ez-toc-heading-8\" href=\"https:\/\/www.malagacar.com\/nl\/blog\/vrije-tijd\/historische-botanische-tuin-malaga\/#Bezoek_met_de_Hond_in_de_Botanische_Tuin_Malaga\" data-wpel-link=\"internal\">Bezoek met de Hond in de Botanische Tuin M\u00e1laga<\/a><\/li><li class='ez-toc-page-1 ez-toc-heading-level-2'><a class=\"ez-toc-link ez-toc-heading-9\" href=\"https:\/\/www.malagacar.com\/nl\/blog\/vrije-tijd\/historische-botanische-tuin-malaga\/#Meer_Informatie_en_Routebeschrijving\" data-wpel-link=\"internal\">Meer Informatie en Routebeschrijving<\/a><\/li><\/ul><\/nav><\/div>\n<h2><span class=\"ez-toc-section\" id=\"Redenen_om_de_Historische_Botanische_Tuin_van_Malaga_te_bezoeken\"><\/span>Redenen om de Historische Botanische Tuin van M\u00e1laga te bezoeken<span class=\"ez-toc-section-end\"><\/span><\/h2>\n<p>Voor natuurliefhebbers is de Historische Botanische Tuin van M\u00e1laga La Concepci\u00f3n een must.<\/p>\n<p>Met een duidelijke invloed van de Engelse landschapsstijl dompelt de bezoeker zich onder in een weelderige tuin met een fantastische collectie tropische, subtropische en inheemse planten die deze prachtige tuin een vleugje magie en mysterie geven.<\/p>\n<p>Vanwege de enorme omvang van de tuin kun je verdwalen in de talloze paden, rustig wandelen, de natuur bewonderen en nieuwe energie opdoen. Je hebt ongetwijfeld gehoord van de Japanse trend van &#8220;bosbaden.&#8221; Welnu, hier, op slechts een paar kilometer van M\u00e1laga, heb je een echt toevluchtsoord waar je lichaam en ziel kunt onderdompelen.<\/p>\n<p>Het is vermeldenswaard dat de Botanische Tuin het hele jaar door een bezoek waard is, want er zijn altijd bloeiende planten. Zelfs in de hoogzomer, wanneer de zon meedogenloos schijnt, kun je een verfrissende wandeling maken in de beschermende schaduw van eeuwenoude bomen en de overvloed aan water, beekjes en vijvers.<\/p>\n<p><a href=\"https:\/\/www.malagacar.com\/dk\/blog\/wp-content\/uploads\/2022\/01\/agua.jpg\" data-wpel-link=\"exclude\"><img loading=\"lazy\" decoding=\"async\" class=\"alignnone wp-image-7463\" src=\"https:\/\/www.malagacar.com\/dk\/blog\/wp-content\/uploads\/2022\/01\/agua.jpg\" alt=\"Botanische Tuin M\u00e1laga\" width=\"621\" height=\"466\" \/><\/a><\/p>\n<h2><span class=\"ez-toc-section\" id=\"Een_beetje_geschiedenis\"><\/span>Een beetje geschiedenis<span class=\"ez-toc-section-end\"><\/span><\/h2>\n<p>De geschiedenis van La Concepci\u00f3n is niet minder boeiend. De Botanische Tuin van M\u00e1laga werd in 1855 ontworpen door het echtpaar Jorge Loring en Amalia Heredia, de markiezen van het Huis Loring (vandaar misschien ook de naam).<\/p>\n<p><a href=\"https:\/\/www.malagacar.com\/dk\/blog\/wp-content\/uploads\/2022\/01\/Jorge-Loring-y-Amalia-Heredia.jpg\" data-wpel-link=\"exclude\"><img loading=\"lazy\" decoding=\"async\" class=\"alignnone wp-image-7464 size-full\" src=\"https:\/\/www.malagacar.com\/dk\/blog\/wp-content\/uploads\/2022\/01\/Jorge-Loring-y-Amalia-Heredia.jpg\" alt=\"Echtpaar Loring\" width=\"551\" height=\"390\" \/><\/a><\/p>\n<p>Tijdens hun huwelijksreis door Europa lieten ze zich inspireren door de tuinen en parken die ze bezochten, en na hun terugkeer vestigden ze zich in M\u00e1laga. Ze verwierven verschillende landgoederen aan de rivier de Guadalmedina in het noorden van M\u00e1laga.<\/p>\n<p>Hun onmisbare helper bij de aanleg van de tuin was de Franse tuinman Jacinto Chamoussent, verantwoordelijk voor de selectie en acclimatisering van exotische planten. Aan hem is te danken dat de tuin een prachtige collectie subtropische planten in de open lucht heeft, die als een van de beste in Europa wordt beschouwd.<\/p>\n<p>De Botanische Tuin van M\u00e1laga zit vol met bamboe, orchidee\u00ebn, insectenetende planten, bromelia&#8217;s, palmen, cactussen, succulenten, oude wijnstokken uit M\u00e1laga, inheemse planten uit M\u00e1laga, waterplanten, mediterrane planten van verschillende continenten, broodbomen, fruitbomen en enorme eeuwenoude bomen, waarvan sommige de hoogste in de hele provincie zijn, harmonieus langs de vele kronkelende paden, charmante hoekjes, watervallen, beekjes, fonteinen, trappen, kleine bruggen en oude kassen staan. <em><strong>Het is onmogelijk om niet betoverd te raken!<\/strong><\/em><\/p>\n<h2><span class=\"ez-toc-section\" id=\"Gebouwen\"><\/span>Gebouwen<span class=\"ez-toc-section-end\"><\/span><\/h2>\n<p>Op het terrein van de Botanische Tuin van M\u00e1laga bevinden zich ook verschillende prachtige gebouwen, omdat het echtpaar Loring een belangrijke sociale status had en in deze ruimtes de cr\u00e8me de la cr\u00e8me van persoonlijkheden uit die tijd ontving.<\/p>\n<p>Een van de eerste gebouwen was het <em><strong>Loring-museum<\/strong><\/em>, ontworpen in 1857 door de Duitse architect J.H. Strack en destijds interessante archeologische stukken herbergde, zoals de Lex Flavia Malacitana van Romeinse oorsprong.<\/p>\n<p><a href=\"https:\/\/www.malagacar.com\/dk\/blog\/wp-content\/uploads\/2022\/01\/Museo-Loringiano.jpg\" data-wpel-link=\"exclude\"><img loading=\"lazy\" decoding=\"async\" class=\"alignnone wp-image-7465 size-full\" src=\"https:\/\/www.malagacar.com\/dk\/blog\/wp-content\/uploads\/2022\/01\/Museo-Loringiano.jpg\" alt=\"Loring-museum\" width=\"526\" height=\"526\" \/><\/a><\/p>\n<p>Als je op deze <strong>Exedra<\/strong> zit, heb je een bevoorrecht uitzicht op het Loring-museum.<\/p>\n<p><a href=\"https:\/\/www.malagacar.com\/dk\/blog\/wp-content\/uploads\/2022\/01\/exedra.jpg\" data-wpel-link=\"exclude\"><img loading=\"lazy\" decoding=\"async\" class=\"alignnone wp-image-7466\" src=\"https:\/\/www.malagacar.com\/dk\/blog\/wp-content\/uploads\/2022\/01\/exedra.jpg\" alt=\"Botanische Tuin van M\u00e1laga\" width=\"619\" height=\"464\" \/><\/a><\/p>\n<p>Het stond bekend als de bank der geheimen, omdat de concave lijnen ervoor zorgden dat de akoestiek zo goed was dat wat aan het ene uiteinde werd gefluisterd, aan het andere uiteinde kon worden gehoord.<\/p>\n<p>De legende zegt dat geliefden elkaar berichten konden sturen zonder te worden afgeluisterd door de dames in het midden.<br \/>\nEen wandeling door de blauweregenpergola<br \/>\n<a href=\"https:\/\/www.instagram.com\/p\/CKeuXhMn9qi\/\" target=\"_blank\" rel=\"noopener external noreferrer\" data-wpel-link=\"external\" class=\"ext-link wpel-icon-right\">https:\/\/www.instagram.com\/p\/CKeuXhMn9qi\/<span class=\"wpel-icon wpel-image wpel-icon-2\"><\/span><\/a><\/p>\n<p>De botanische vijver met wilde eenden.<br \/>\n<a href=\"https:\/\/www.instagram.com\/p\/BqwyrmXHZjg\/\" target=\"_blank\" rel=\"noopener external noreferrer\" data-wpel-link=\"external\" class=\"ext-link wpel-icon-right\">https:\/\/www.instagram.com\/p\/BqwyrmXHZjg\/<span class=\"wpel-icon wpel-image wpel-icon-2\"><\/span><\/a><\/p>\n<h2><span class=\"ez-toc-section\" id=\"Activiteiten_in_de_Botanische_Tuin_van_Malaga\"><\/span>Activiteiten in de Botanische Tuin van M\u00e1laga<span class=\"ez-toc-section-end\"><\/span><\/h2>\n<p>We kunnen niet alleen wandelen en van de tuin genieten. Het hele jaar door biedt de Botanische Tuin van M\u00e1laga een breed scala aan activiteiten voor alle leeftijden en smaken.<\/p>\n<p>Dit omvat verschillende concerten, zowel lokale alternatieve muziek als klassieke concerten; avondrondleidingen &#8220;Nights with History,&#8221; waarbij je meer te weten komt over de geschiedenis van belangrijke figuren uit de 19e eeuw, en &#8220;Magische Zomer&#8221;; evenals gezinsactiviteiten met Halloween en Kerstmis.<\/p>\n<p>En als nieuwste toevoeging in december en januari, &#8220;De Kersttuin&#8221;, een absoluut wonder dat je kunt ontdekken in ons artikel <a href=\"https:\/\/www.malagacar.com\/nl\/blog\/vrije-tijd\/kersttuin-malaga\/\" data-wpel-link=\"internal\"><strong>Kersttuin La Concepci\u00f3n<\/strong><\/a>, een betoverd kerstbos waar je een wandeling kunt maken over een parcours van 2 km en kunt genieten van de <em>magie van de lichten, de geluiden en de natuur<\/em>.<\/p>\n<p><a href=\"https:\/\/www.malagacar.com\/dk\/blog\/wp-content\/uploads\/2021\/12\/christmas-garden-de.jpg\" data-wpel-link=\"exclude\"><img loading=\"lazy\" decoding=\"async\" class=\"alignnone wp-image-7341\" src=\"https:\/\/www.malagacar.com\/dk\/blog\/wp-content\/uploads\/2021\/12\/christmas-garden-de.jpg\" alt=\"Kersttuin Botanische Tuin M\u00e1laga\" width=\"621\" height=\"466\" \/><\/a><\/p>\n<p>Vanwege het grote succes hopen we dat dit elk jaar herhaald kan worden.<\/p>\n<p>Om op de hoogte te blijven van actuele activiteiten, raden we je aan de Facebook-pagina te bezoeken, waarvan je de link hieronder vindt.<\/p>\n<h2><span class=\"ez-toc-section\" id=\"Vier_je_Bruiloft_in_de_Botanische_Tuin\"><\/span>Vier je Bruiloft in de Botanische Tuin<span class=\"ez-toc-section-end\"><\/span><\/h2>\n<p>De Costa del Sol in het algemeen is een ideale bestemming om <strong>je droombruiloft in Malaga te vieren<\/strong> gedurende het hele jaar vanwege het milde klimaat.<\/p>\n<p>Mocht je het nog niet weten, een van de meest prachtige natuurlijke locaties voor dit soort vieringen of om fantastische trouwfoto&#8217;s te maken, is de Botanische Tuin La Concepci\u00f3n.<\/p>\n<figure id=\"attachment_10236\" aria-describedby=\"caption-attachment-10236\" style=\"width: 850px\" class=\"wp-caption alignnone\"><img loading=\"lazy\" decoding=\"async\" class=\"size-full wp-image-10236\" src=\"https:\/\/www.malagacar.com\/sp\/blog\/wp-content\/uploads\/2022\/01\/Emanuellefotografosmalaga_Jardin-Botanico.jpg\" alt=\"Botanische Tuin Bruiloften\" width=\"850\" height=\"450\" \/><figcaption id=\"caption-attachment-10236\" class=\"wp-caption-text\">Foto <a href=\"https:\/\/emanuellefotografosmalaga.es\/\" data-wpel-link=\"external\" target=\"_blank\" rel=\"external noopener noreferrer\" class=\"ext-link wpel-icon-right\">Emanuellefotografosmalaga<span class=\"wpel-icon wpel-image wpel-icon-2\"><\/span><\/a><\/figcaption><\/figure>\n<h2><span class=\"ez-toc-section\" id=\"Openingstijden_en_Tarieven\"><\/span>Openingstijden en Tarieven<span class=\"ez-toc-section-end\"><\/span><\/h2>\n<p>Van 1 april tot 30 september: Van 09:30 tot 20:30 uur<br \/>\nVan 1 oktober tot 31 maart: Van 09:30 tot 17:30 uur<\/p>\n<p>24 en 31 december: Van 09:30 tot 15:00 uur<br \/>\nJe kunt in de tuin blijven tot een half uur na sluitingstijd.<\/p>\n<p>Gesloten op maandagen, 25 december en 1 januari.<\/p>\n<p>Het normale tarief is \u20ac 5,20 per persoon.<\/p>\n<h4>Rondleidingen<\/h4>\n<p>Er is de mogelijkheid voor een rondleiding (aanbevolen). De gidsenservice is apart te betalen en kan worden gereserveerd op telefoonnummer 951 926 180.<br \/>\nDagelijkse rondleiding van een uur en een kwartier, om 12.00 uur en 16.00 uur. Minimaal 6 personen: \u20ac 3 per persoon, bovenop de toegangsprijs.<\/p>\n<h4>Gratis Openingstijden<\/h4>\n<p>Zondagen tussen 1 oktober en 31 maart, van 14:00 tot 17:30 uur<br \/>\nZondagen tussen 1 april en 30 september, van 16:30 tot 20:30 uur<\/p>\n<h2><span class=\"ez-toc-section\" id=\"Cafetaria_en_Winkel\"><\/span>Cafetaria en Winkel<span class=\"ez-toc-section-end\"><\/span><\/h2>\n<p><a href=\"https:\/\/www.malagacar.com\/dk\/blog\/wp-content\/uploads\/2022\/01\/cafeteria.jpg\" data-wpel-link=\"exclude\"><img loading=\"lazy\" decoding=\"async\" class=\"alignnone wp-image-7470\" src=\"https:\/\/www.malagacar.com\/dk\/blog\/wp-content\/uploads\/2022\/01\/cafeteria-1024x495.jpg\" alt=\"Botanische Tuin M\u00e1laga, Cafetaria en Winkel\" width=\"622\" height=\"301\" \/><\/a><\/p>\n<p>Bij de ingang van de tuin vind je een winkel waar je cadeaus en souvenirs kunt kopen. Er is ook een cafetaria, een zeer aangename plek voor ontbijt, snacks of lunch.<\/p>\n<h2><span class=\"ez-toc-section\" id=\"Bezoek_met_de_Hond_in_de_Botanische_Tuin_Malaga\"><\/span>Bezoek met de Hond in de Botanische Tuin M\u00e1laga<span class=\"ez-toc-section-end\"><\/span><\/h2>\n<p>Honden zijn toegestaan in de Botanische Tuin M\u00e1laga, mits ze aan de lijn worden gehouden en zich aan de <a href=\"https:\/\/laconcepcion.malaga.eu\/\" data-wpel-link=\"external\" target=\"_blank\" rel=\"external noopener noreferrer\" class=\"ext-link wpel-icon-right\"><strong>voorschriften<\/strong><span class=\"wpel-icon wpel-image wpel-icon-2\"><\/span><\/a> houden.<\/p>\n<h2><span class=\"ez-toc-section\" id=\"Meer_Informatie_en_Routebeschrijving\"><\/span>Meer Informatie en Routebeschrijving<span class=\"ez-toc-section-end\"><\/span><\/h2>\n<p>Website: <a href=\"https:\/\/laconcepcion.malaga.eu\/\" data-wpel-link=\"external\" target=\"_blank\" rel=\"external noopener noreferrer\" class=\"ext-link wpel-icon-right\">https:\/\/laconcepcion.malaga.eu\/<span class=\"wpel-icon wpel-image wpel-icon-2\"><\/span><\/a><br \/>\nFacebook: <a href=\"https:\/\/www.facebook.com\/jardinbotanicolaconcepcionmalaga\/\" data-wpel-link=\"external\" target=\"_blank\" rel=\"external noopener noreferrer\" class=\"ext-link wpel-icon-right\">https:\/\/www.facebook.com\/jardinbotanicolaconcepcionmalaga\/<span class=\"wpel-icon wpel-image wpel-icon-2\"><\/span><\/a><br \/>\nRoutebeschrijving: <a href=\"https:\/\/goo.gl\/maps\/ckaxJKuE4fmn7pAA8\" data-wpel-link=\"external\" target=\"_blank\" rel=\"external noopener noreferrer\" class=\"ext-link wpel-icon-right\">https:\/\/goo.gl\/maps\/ckaxJKuE4fmn7pAA8<span class=\"wpel-icon wpel-image wpel-icon-2\"><\/span><\/a><\/p>\n<figure id=\"attachment_7462\" aria-describedby=\"caption-attachment-7462\" style=\"width: 621px\" class=\"wp-caption alignnone\"><a href=\"https:\/\/www.malagacar.com\/dk\/blog\/wp-content\/uploads\/2022\/01\/mapa-jardin.jpg\" data-wpel-link=\"exclude\"><img loading=\"lazy\" decoding=\"async\" class=\"wp-image-7462\" src=\"https:\/\/www.malagacar.com\/dk\/blog\/wp-content\/uploads\/2022\/01\/mapa-jardin-1024x715.jpg\" alt=\"Botanische Tuin M\u00e1laga, Kaart\" width=\"621\" height=\"434\" \/><\/a><figcaption id=\"caption-attachment-7462\" class=\"wp-caption-text\">Kaart van de Historische Botanische Tuin M\u00e1laga La Concepci\u00f3n<\/figcaption><\/figure>\n<p><iframe loading=\"lazy\" title=\"YouTube videospeler\" src=\"https:\/\/www.youtube.com\/embed\/EJXz0GdD3tk\" width=\"949\" height=\"721\" frameborder=\"0\" allowfullscreen=\"allowfullscreen\"><\/iframe><\/p>\n","protected":false},"excerpt":{"rendered":"<p>Ga mee op een bezoek aan de Historische Botanische Tuin van M\u00e1laga! Velen van ons hebben waarschijnlijk al eens op de A-45 richting de kustplaatsen aan de Costa del Sol gereden. Zonder te weten dat zich op onze route door de buitenwijken van M\u00e1laga een van de mooiste subtropische tuinen van Spanje bevindt.<\/p>\n","protected":false},"author":1,"featured_media":4756,"comment_status":"open","ping_status":"closed","sticky":false,"template":"","format":"standard","meta":{"footnotes":""},"categories":[506],"tags":[],"class_list":["post-4755","post","type-post","status-publish","format-standard","has-post-thumbnail","hentry","category-vrije-tijd"],"yoast_head":"<!-- This site is optimized with the Yoast SEO plugin v28.4 - https:\/\/yoast.com\/product\/yoast-seo-wordpress\/ -->\n<title>Bezoek aan de Historische Botanische Tuin van M\u00e1laga - MalagaCar.com Blog<\/title>\n<meta name=\"description\" content=\"Voor natuurliefhebbers is een bezoek aan La Concepci\u00f3n, de Historische Botanische Tuin van M\u00e1laga, het hele jaar door een must.\" \/>\n<meta name=\"robots\" content=\"index, follow, max-snippet:-1, max-image-preview:large, max-video-preview:-1\" \/>\n<link rel=\"canonical\" href=\"https:\/\/www.malagacar.com\/nl\/blog\/vrije-tijd\/historische-botanische-tuin-malaga\/\" \/>\n<meta property=\"og:locale\" content=\"nl_NL\" \/>\n<meta property=\"og:type\" content=\"article\" \/>\n<meta property=\"og:title\" content=\"Bezoek aan de Historische Botanische Tuin van M\u00e1laga - MalagaCar.com Blog\" \/>\n<meta property=\"og:description\" content=\"Voor natuurliefhebbers is een bezoek aan La Concepci\u00f3n, de Historische Botanische Tuin van M\u00e1laga, het hele jaar door een must.\" \/>\n<meta property=\"og:url\" content=\"https:\/\/www.malagacar.com\/nl\/blog\/vrije-tijd\/historische-botanische-tuin-malaga\/\" \/>\n<meta property=\"og:site_name\" content=\"MalagaCar.com Blog\" \/>\n<meta property=\"article:publisher\" content=\"https:\/\/www.facebook.com\/malagacar\" \/>\n<meta property=\"article:published_time\" content=\"2022-01-25T11:10:49+00:00\" \/>\n<meta property=\"article:modified_time\" content=\"2023-10-26T09:49:40+00:00\" \/>\n<meta property=\"og:image\" content=\"https:\/\/www.malagacar.com\/nl\/blog\/wp-content\/uploads\/2023\/10\/botanische-tuin-malaga.jpg\" \/>\n\t<meta property=\"og:image:width\" content=\"1200\" \/>\n\t<meta property=\"og:image:height\" content=\"900\" \/>\n\t<meta property=\"og:image:type\" content=\"image\/jpeg\" \/>\n<meta name=\"author\" content=\"MalagaCar.com\" \/>\n<meta name=\"twitter:label1\" content=\"Geschreven door\" \/>\n\t<meta name=\"twitter:data1\" content=\"MalagaCar.com\" \/>\n\t<meta name=\"twitter:label2\" content=\"Geschatte leestijd\" \/>\n\t<meta name=\"twitter:data2\" content=\"8 minuten\" \/>\n<script type=\"application\/ld+json\" class=\"yoast-schema-graph\">{\"@context\":\"https:\\\/\\\/schema.org\",\"@graph\":[{\"@type\":\"Article\",\"@id\":\"https:\\\/\\\/www.malagacar.com\\\/nl\\\/blog\\\/vrije-tijd\\\/historische-botanische-tuin-malaga\\\/#article\",\"isPartOf\":{\"@id\":\"https:\\\/\\\/www.malagacar.com\\\/nl\\\/blog\\\/vrije-tijd\\\/historische-botanische-tuin-malaga\\\/\"},\"author\":{\"name\":\"MalagaCar.com\",\"@id\":\"https:\\\/\\\/www.malagacar.com\\\/nl\\\/blog\\\/#\\\/schema\\\/person\\\/fbc37b93c0f5bbdaa54a0a4fc59d8b8c\"},\"headline\":\"Bezoek aan de Historische Botanische Tuin van M\u00e1laga\",\"datePublished\":\"2022-01-25T11:10:49+00:00\",\"dateModified\":\"2023-10-26T09:49:40+00:00\",\"mainEntityOfPage\":{\"@id\":\"https:\\\/\\\/www.malagacar.com\\\/nl\\\/blog\\\/vrije-tijd\\\/historische-botanische-tuin-malaga\\\/\"},\"wordCount\":1125,\"commentCount\":0,\"publisher\":{\"@id\":\"https:\\\/\\\/www.malagacar.com\\\/nl\\\/blog\\\/#organization\"},\"image\":{\"@id\":\"https:\\\/\\\/www.malagacar.com\\\/nl\\\/blog\\\/vrije-tijd\\\/historische-botanische-tuin-malaga\\\/#primaryimage\"},\"thumbnailUrl\":\"https:\\\/\\\/www.malagacar.com\\\/nl\\\/blog\\\/wp-content\\\/uploads\\\/2023\\\/10\\\/botanische-tuin-malaga.jpg\",\"articleSection\":[\"Vrije Tijd\"],\"inLanguage\":\"nl-NL\",\"potentialAction\":[{\"@type\":\"CommentAction\",\"name\":\"Comment\",\"target\":[\"https:\\\/\\\/www.malagacar.com\\\/nl\\\/blog\\\/vrije-tijd\\\/historische-botanische-tuin-malaga\\\/#respond\"]}]},{\"@type\":\"WebPage\",\"@id\":\"https:\\\/\\\/www.malagacar.com\\\/nl\\\/blog\\\/vrije-tijd\\\/historische-botanische-tuin-malaga\\\/\",\"url\":\"https:\\\/\\\/www.malagacar.com\\\/nl\\\/blog\\\/vrije-tijd\\\/historische-botanische-tuin-malaga\\\/\",\"name\":\"Bezoek aan de Historische Botanische Tuin van M\u00e1laga - MalagaCar.com Blog\",\"isPartOf\":{\"@id\":\"https:\\\/\\\/www.malagacar.com\\\/nl\\\/blog\\\/#website\"},\"primaryImageOfPage\":{\"@id\":\"https:\\\/\\\/www.malagacar.com\\\/nl\\\/blog\\\/vrije-tijd\\\/historische-botanische-tuin-malaga\\\/#primaryimage\"},\"image\":{\"@id\":\"https:\\\/\\\/www.malagacar.com\\\/nl\\\/blog\\\/vrije-tijd\\\/historische-botanische-tuin-malaga\\\/#primaryimage\"},\"thumbnailUrl\":\"https:\\\/\\\/www.malagacar.com\\\/nl\\\/blog\\\/wp-content\\\/uploads\\\/2023\\\/10\\\/botanische-tuin-malaga.jpg\",\"datePublished\":\"2022-01-25T11:10:49+00:00\",\"dateModified\":\"2023-10-26T09:49:40+00:00\",\"description\":\"Voor natuurliefhebbers is een bezoek aan La Concepci\u00f3n, de Historische Botanische Tuin van M\u00e1laga, het hele jaar door een must.\",\"breadcrumb\":{\"@id\":\"https:\\\/\\\/www.malagacar.com\\\/nl\\\/blog\\\/vrije-tijd\\\/historische-botanische-tuin-malaga\\\/#breadcrumb\"},\"inLanguage\":\"nl-NL\",\"potentialAction\":[{\"@type\":\"ReadAction\",\"target\":[\"https:\\\/\\\/www.malagacar.com\\\/nl\\\/blog\\\/vrije-tijd\\\/historische-botanische-tuin-malaga\\\/\"]}]},{\"@type\":\"ImageObject\",\"inLanguage\":\"nl-NL\",\"@id\":\"https:\\\/\\\/www.malagacar.com\\\/nl\\\/blog\\\/vrije-tijd\\\/historische-botanische-tuin-malaga\\\/#primaryimage\",\"url\":\"https:\\\/\\\/www.malagacar.com\\\/nl\\\/blog\\\/wp-content\\\/uploads\\\/2023\\\/10\\\/botanische-tuin-malaga.jpg\",\"contentUrl\":\"https:\\\/\\\/www.malagacar.com\\\/nl\\\/blog\\\/wp-content\\\/uploads\\\/2023\\\/10\\\/botanische-tuin-malaga.jpg\",\"width\":1200,\"height\":900,\"caption\":\"Botanische Tuin van M\u00e1laga\"},{\"@type\":\"BreadcrumbList\",\"@id\":\"https:\\\/\\\/www.malagacar.com\\\/nl\\\/blog\\\/vrije-tijd\\\/historische-botanische-tuin-malaga\\\/#breadcrumb\",\"itemListElement\":[{\"@type\":\"ListItem\",\"position\":1,\"name\":\"Home\",\"item\":\"https:\\\/\\\/www.malagacar.com\\\/nl\\\/blog\\\/\"},{\"@type\":\"ListItem\",\"position\":2,\"name\":\"Bezoek aan de Historische Botanische Tuin van M\u00e1laga\"}]},{\"@type\":\"WebSite\",\"@id\":\"https:\\\/\\\/www.malagacar.com\\\/nl\\\/blog\\\/#website\",\"url\":\"https:\\\/\\\/www.malagacar.com\\\/nl\\\/blog\\\/\",\"name\":\"MalagaCar.com Blog\",\"description\":\"Nieuws en feiten over auto huren op de luchthaven van Malaga.\",\"publisher\":{\"@id\":\"https:\\\/\\\/www.malagacar.com\\\/nl\\\/blog\\\/#organization\"},\"potentialAction\":[{\"@type\":\"SearchAction\",\"target\":{\"@type\":\"EntryPoint\",\"urlTemplate\":\"https:\\\/\\\/www.malagacar.com\\\/nl\\\/blog\\\/?s={search_term_string}\"},\"query-input\":{\"@type\":\"PropertyValueSpecification\",\"valueRequired\":true,\"valueName\":\"search_term_string\"}}],\"inLanguage\":\"nl-NL\"},{\"@type\":\"Organization\",\"@id\":\"https:\\\/\\\/www.malagacar.com\\\/nl\\\/blog\\\/#organization\",\"name\":\"MalagaCar.com\",\"url\":\"https:\\\/\\\/www.malagacar.com\\\/nl\\\/blog\\\/\",\"logo\":{\"@type\":\"ImageObject\",\"inLanguage\":\"nl-NL\",\"@id\":\"https:\\\/\\\/www.malagacar.com\\\/nl\\\/blog\\\/#\\\/schema\\\/logo\\\/image\\\/\",\"url\":\"https:\\\/\\\/www.malagacar.com\\\/nl\\\/blog\\\/wp-content\\\/uploads\\\/2021\\\/06\\\/logo-malagacar-social.png\",\"contentUrl\":\"https:\\\/\\\/www.malagacar.com\\\/nl\\\/blog\\\/wp-content\\\/uploads\\\/2021\\\/06\\\/logo-malagacar-social.png\",\"width\":900,\"height\":900,\"caption\":\"MalagaCar.com\"},\"image\":{\"@id\":\"https:\\\/\\\/www.malagacar.com\\\/nl\\\/blog\\\/#\\\/schema\\\/logo\\\/image\\\/\"},\"sameAs\":[\"https:\\\/\\\/www.facebook.com\\\/malagacar\",\"https:\\\/\\\/x.com\\\/malagacarcom\",\"https:\\\/\\\/www.instagram.com\\\/malagacar\\\/\",\"https:\\\/\\\/www.linkedin.com\\\/company\\\/malagacar.com\",\"https:\\\/\\\/www.youtube.com\\\/c\\\/MalagacarAirport\"]},{\"@type\":\"Person\",\"@id\":\"https:\\\/\\\/www.malagacar.com\\\/nl\\\/blog\\\/#\\\/schema\\\/person\\\/fbc37b93c0f5bbdaa54a0a4fc59d8b8c\",\"name\":\"MalagaCar.com\",\"image\":{\"@type\":\"ImageObject\",\"inLanguage\":\"nl-NL\",\"@id\":\"https:\\\/\\\/secure.gravatar.com\\\/avatar\\\/296ebc31026e7be05868369e4c596b3239b1582b2fcf8a45de57333e2e82bb82?s=96&d=mm&r=g\",\"url\":\"https:\\\/\\\/secure.gravatar.com\\\/avatar\\\/296ebc31026e7be05868369e4c596b3239b1582b2fcf8a45de57333e2e82bb82?s=96&d=mm&r=g\",\"contentUrl\":\"https:\\\/\\\/secure.gravatar.com\\\/avatar\\\/296ebc31026e7be05868369e4c596b3239b1582b2fcf8a45de57333e2e82bb82?s=96&d=mm&r=g\",\"caption\":\"MalagaCar.com\"},\"sameAs\":[\"https:\\\/\\\/www.malagacar.com\\\/nl\\\/\"]}]}<\/script>\n<!-- \/ Yoast SEO plugin. -->","yoast_head_json":{"title":"Bezoek aan de Historische Botanische Tuin van M\u00e1laga - MalagaCar.com Blog","description":"Voor natuurliefhebbers is een bezoek aan La Concepci\u00f3n, de Historische Botanische Tuin van M\u00e1laga, het hele jaar door een must.","robots":{"index":"index","follow":"follow","max-snippet":"max-snippet:-1","max-image-preview":"max-image-preview:large","max-video-preview":"max-video-preview:-1"},"canonical":"https:\/\/www.malagacar.com\/nl\/blog\/vrije-tijd\/historische-botanische-tuin-malaga\/","og_locale":"nl_NL","og_type":"article","og_title":"Bezoek aan de Historische Botanische Tuin van M\u00e1laga - MalagaCar.com Blog","og_description":"Voor natuurliefhebbers is een bezoek aan La Concepci\u00f3n, de Historische Botanische Tuin van M\u00e1laga, het hele jaar door een must.","og_url":"https:\/\/www.malagacar.com\/nl\/blog\/vrije-tijd\/historische-botanische-tuin-malaga\/","og_site_name":"MalagaCar.com Blog","article_publisher":"https:\/\/www.facebook.com\/malagacar","article_published_time":"2022-01-25T11:10:49+00:00","article_modified_time":"2023-10-26T09:49:40+00:00","og_image":[{"width":1200,"height":900,"url":"https:\/\/www.malagacar.com\/nl\/blog\/wp-content\/uploads\/2023\/10\/botanische-tuin-malaga.jpg","type":"image\/jpeg"}],"author":"MalagaCar.com","twitter_misc":{"Geschreven door":"MalagaCar.com","Geschatte leestijd":"8 minuten"},"schema":{"@context":"https:\/\/schema.org","@graph":[{"@type":"Article","@id":"https:\/\/www.malagacar.com\/nl\/blog\/vrije-tijd\/historische-botanische-tuin-malaga\/#article","isPartOf":{"@id":"https:\/\/www.malagacar.com\/nl\/blog\/vrije-tijd\/historische-botanische-tuin-malaga\/"},"author":{"name":"MalagaCar.com","@id":"https:\/\/www.malagacar.com\/nl\/blog\/#\/schema\/person\/fbc37b93c0f5bbdaa54a0a4fc59d8b8c"},"headline":"Bezoek aan de Historische Botanische Tuin van M\u00e1laga","datePublished":"2022-01-25T11:10:49+00:00","dateModified":"2023-10-26T09:49:40+00:00","mainEntityOfPage":{"@id":"https:\/\/www.malagacar.com\/nl\/blog\/vrije-tijd\/historische-botanische-tuin-malaga\/"},"wordCount":1125,"commentCount":0,"publisher":{"@id":"https:\/\/www.malagacar.com\/nl\/blog\/#organization"},"image":{"@id":"https:\/\/www.malagacar.com\/nl\/blog\/vrije-tijd\/historische-botanische-tuin-malaga\/#primaryimage"},"thumbnailUrl":"https:\/\/www.malagacar.com\/nl\/blog\/wp-content\/uploads\/2023\/10\/botanische-tuin-malaga.jpg","articleSection":["Vrije Tijd"],"inLanguage":"nl-NL","potentialAction":[{"@type":"CommentAction","name":"Comment","target":["https:\/\/www.malagacar.com\/nl\/blog\/vrije-tijd\/historische-botanische-tuin-malaga\/#respond"]}]},{"@type":"WebPage","@id":"https:\/\/www.malagacar.com\/nl\/blog\/vrije-tijd\/historische-botanische-tuin-malaga\/","url":"https:\/\/www.malagacar.com\/nl\/blog\/vrije-tijd\/historische-botanische-tuin-malaga\/","name":"Bezoek aan de Historische Botanische Tuin van M\u00e1laga - MalagaCar.com Blog","isPartOf":{"@id":"https:\/\/www.malagacar.com\/nl\/blog\/#website"},"primaryImageOfPage":{"@id":"https:\/\/www.malagacar.com\/nl\/blog\/vrije-tijd\/historische-botanische-tuin-malaga\/#primaryimage"},"image":{"@id":"https:\/\/www.malagacar.com\/nl\/blog\/vrije-tijd\/historische-botanische-tuin-malaga\/#primaryimage"},"thumbnailUrl":"https:\/\/www.malagacar.com\/nl\/blog\/wp-content\/uploads\/2023\/10\/botanische-tuin-malaga.jpg","datePublished":"2022-01-25T11:10:49+00:00","dateModified":"2023-10-26T09:49:40+00:00","description":"Voor natuurliefhebbers is een bezoek aan La Concepci\u00f3n, de Historische Botanische Tuin van M\u00e1laga, het hele jaar door een must.","breadcrumb":{"@id":"https:\/\/www.malagacar.com\/nl\/blog\/vrije-tijd\/historische-botanische-tuin-malaga\/#breadcrumb"},"inLanguage":"nl-NL","potentialAction":[{"@type":"ReadAction","target":["https:\/\/www.malagacar.com\/nl\/blog\/vrije-tijd\/historische-botanische-tuin-malaga\/"]}]},{"@type":"ImageObject","inLanguage":"nl-NL","@id":"https:\/\/www.malagacar.com\/nl\/blog\/vrije-tijd\/historische-botanische-tuin-malaga\/#primaryimage","url":"https:\/\/www.malagacar.com\/nl\/blog\/wp-content\/uploads\/2023\/10\/botanische-tuin-malaga.jpg","contentUrl":"https:\/\/www.malagacar.com\/nl\/blog\/wp-content\/uploads\/2023\/10\/botanische-tuin-malaga.jpg","width":1200,"height":900,"caption":"Botanische Tuin van M\u00e1laga"},{"@type":"BreadcrumbList","@id":"https:\/\/www.malagacar.com\/nl\/blog\/vrije-tijd\/historische-botanische-tuin-malaga\/#breadcrumb","itemListElement":[{"@type":"ListItem","position":1,"name":"Home","item":"https:\/\/www.malagacar.com\/nl\/blog\/"},{"@type":"ListItem","position":2,"name":"Bezoek aan de Historische Botanische Tuin van M\u00e1laga"}]},{"@type":"WebSite","@id":"https:\/\/www.malagacar.com\/nl\/blog\/#website","url":"https:\/\/www.malagacar.com\/nl\/blog\/","name":"MalagaCar.com Blog","description":"Nieuws en feiten over auto huren op de luchthaven van Malaga.","publisher":{"@id":"https:\/\/www.malagacar.com\/nl\/blog\/#organization"},"potentialAction":[{"@type":"SearchAction","target":{"@type":"EntryPoint","urlTemplate":"https:\/\/www.malagacar.com\/nl\/blog\/?s={search_term_string}"},"query-input":{"@type":"PropertyValueSpecification","valueRequired":true,"valueName":"search_term_string"}}],"inLanguage":"nl-NL"},{"@type":"Organization","@id":"https:\/\/www.malagacar.com\/nl\/blog\/#organization","name":"MalagaCar.com","url":"https:\/\/www.malagacar.com\/nl\/blog\/","logo":{"@type":"ImageObject","inLanguage":"nl-NL","@id":"https:\/\/www.malagacar.com\/nl\/blog\/#\/schema\/logo\/image\/","url":"https:\/\/www.malagacar.com\/nl\/blog\/wp-content\/uploads\/2021\/06\/logo-malagacar-social.png","contentUrl":"https:\/\/www.malagacar.com\/nl\/blog\/wp-content\/uploads\/2021\/06\/logo-malagacar-social.png","width":900,"height":900,"caption":"MalagaCar.com"},"image":{"@id":"https:\/\/www.malagacar.com\/nl\/blog\/#\/schema\/logo\/image\/"},"sameAs":["https:\/\/www.facebook.com\/malagacar","https:\/\/x.com\/malagacarcom","https:\/\/www.instagram.com\/malagacar\/","https:\/\/www.linkedin.com\/company\/malagacar.com","https:\/\/www.youtube.com\/c\/MalagacarAirport"]},{"@type":"Person","@id":"https:\/\/www.malagacar.com\/nl\/blog\/#\/schema\/person\/fbc37b93c0f5bbdaa54a0a4fc59d8b8c","name":"MalagaCar.com","image":{"@type":"ImageObject","inLanguage":"nl-NL","@id":"https:\/\/secure.gravatar.com\/avatar\/296ebc31026e7be05868369e4c596b3239b1582b2fcf8a45de57333e2e82bb82?s=96&d=mm&r=g","url":"https:\/\/secure.gravatar.com\/avatar\/296ebc31026e7be05868369e4c596b3239b1582b2fcf8a45de57333e2e82bb82?s=96&d=mm&r=g","contentUrl":"https:\/\/secure.gravatar.com\/avatar\/296ebc31026e7be05868369e4c596b3239b1582b2fcf8a45de57333e2e82bb82?s=96&d=mm&r=g","caption":"MalagaCar.com"},"sameAs":["https:\/\/www.malagacar.com\/nl\/"]}]}},"_links":{"self":[{"href":"https:\/\/www.malagacar.com\/nl\/blog\/wp-json\/wp\/v2\/posts\/4755","targetHints":{"allow":["GET"]}}],"collection":[{"href":"https:\/\/www.malagacar.com\/nl\/blog\/wp-json\/wp\/v2\/posts"}],"about":[{"href":"https:\/\/www.malagacar.com\/nl\/blog\/wp-json\/wp\/v2\/types\/post"}],"author":[{"embeddable":true,"href":"https:\/\/www.malagacar.com\/nl\/blog\/wp-json\/wp\/v2\/users\/1"}],"replies":[{"embeddable":true,"href":"https:\/\/www.malagacar.com\/nl\/blog\/wp-json\/wp\/v2\/comments?post=4755"}],"version-history":[{"count":5,"href":"https:\/\/www.malagacar.com\/nl\/blog\/wp-json\/wp\/v2\/posts\/4755\/revisions"}],"predecessor-version":[{"id":4770,"href":"https:\/\/www.malagacar.com\/nl\/blog\/wp-json\/wp\/v2\/posts\/4755\/revisions\/4770"}],"wp:featuredmedia":[{"embeddable":true,"href":"https:\/\/www.malagacar.com\/nl\/blog\/wp-json\/wp\/v2\/media\/4756"}],"wp:attachment":[{"href":"https:\/\/www.malagacar.com\/nl\/blog\/wp-json\/wp\/v2\/media?parent=4755"}],"wp:term":[{"taxonomy":"category","embeddable":true,"href":"https:\/\/www.malagacar.com\/nl\/blog\/wp-json\/wp\/v2\/categories?post=4755"},{"taxonomy":"post_tag","embeddable":true,"href":"https:\/\/www.malagacar.com\/nl\/blog\/wp-json\/wp\/v2\/tags?post=4755"}],"curies":[{"name":"wp","href":"https:\/\/api.w.org\/{rel}","templated":true}]}}