{"id":4772,"date":"2022-12-19T13:09:59","date_gmt":"2022-12-19T12:09:59","guid":{"rendered":"https:\/\/www.malagacar.com\/nl\/blog\/?p=4772"},"modified":"2024-05-21T12:11:46","modified_gmt":"2024-05-21T10:11:46","slug":"granada-vanuit-malaga","status":"publish","type":"post","link":"https:\/\/www.malagacar.com\/nl\/blog\/tips\/granada-vanuit-malaga\/","title":{"rendered":"Granada, de betoverende stad, vanuit M\u00e1laga"},"content":{"rendered":"<p>Egal, welchen Weg Sie w\u00e4hlen, mit dem Zug oder dem Auto und aus jeder Richtung: Wenn Sie sich Granada n\u00e4hern, sehen Sie schon von weitem die majest\u00e4tische Sierra Nevada, gekr\u00f6nt von den <em><strong>h\u00f6chsten Gipfeln der Halbinsel<\/strong><\/em>, die alte <em><strong>maurische Festungsstadt<\/strong><\/em>, deren Zauber noch immer in ihren Stra\u00dfen, Pl\u00e4tzen und Denkm\u00e4lern zu sp\u00fcren ist.<\/p>\n<p>Wahrscheinlich ist es eine Mischung aus verschiedenen Faktoren: die einzigartige Lage, das maurische Erbe, die charmanten Stadtviertel, het <em><strong>enorme culturele en monumentale erfgoed<\/strong><\/em>.<\/p>\n<p>Nicht zuletzt aber auch das Stra\u00dfenleven, de <em><strong>Tapasbars<\/strong><\/em> und der hohe Anteil an jungen Menschen, denn die Stadt ist <em><strong>een van de meest gewilde universiteitssteden in Spanje<\/strong><\/em>, met een dienovereenkomstig <em><strong>bruisend nachtleven<\/strong><\/em>.<\/p>\n<p><em><strong>Onmogelijk om niet betoverd te raken<\/strong><\/em>.<br \/>\n<!--more--><\/p>\n\n            <div class=\"banner\">\n                <div class=\"row\">\n                    <div class=\"col-sm-4\">\n                        <a href=\"\/nl\/autoverhuur\/quote.php\" data-wpel-link=\"internal\"><img decoding=\"async\" src=\"\/images\/banner-img.jpg\" alt=\"malagacar.com\"><\/a>\n                    <\/div>\n                    <div class=\"col-sm-8\">\n                      <a href=\"\/nl\/autoverhuur\/quote.php\" class=\"banner-title\" data-wpel-link=\"internal\">Goede autoverhuur <span>op Malaga Airport<\/span><\/a>   \n                        <div class=\"row\">\n                            <div class=\"col-sm-7\">\n                                <ul>\n                                    <li>Geen tankkosten<\/li>\n                                    <li>Gratis annuleringn<\/li>\n                                    <li>Huren zonder tussenpersonen<\/li>\n                                    <li>Betaal wanneer u de auto ophaalt<\/li>\n                                    <li><\/li>\n                                <\/ul>\n                            <\/div>\n                            <div class=\"col-sm-5\">\n                                <a class=\"btn-banner\" href=\"\/nl\/autoverhuur\/quote.php\" data-wpel-link=\"internal\">Bekijk prijzen<\/a>\n                                <img decoding=\"async\" class=\"zonturent\" src=\"\/images\/zontu-banner.png\" alt=\"\">\n                            <\/div>\n                        <\/div>\n                    <\/div>\n                 <\/div>  \n            <\/div>\n            \n<div id=\"ez-toc-container\" class=\"ez-toc-v2_0_87 counter-hierarchy ez-toc-counter ez-toc-light-blue ez-toc-container-direction\">\n<p class=\"ez-toc-title\" style=\"cursor:inherit\">Inhoudsopgave<\/p>\n<label for=\"ez-toc-cssicon-toggle-item-6a9a432707963\" class=\"ez-toc-cssicon-toggle-label\"><span class=\"\"><span class=\"eztoc-hide\" style=\"display:none;\">Toggle<\/span><span class=\"ez-toc-icon-toggle-span\"><svg style=\"fill: #999;color:#999\" xmlns=\"http:\/\/www.w3.org\/2000\/svg\" class=\"list-377408\" width=\"20px\" height=\"20px\" viewBox=\"0 0 24 24\" fill=\"none\"><path d=\"M6 6H4v2h2V6zm14 0H8v2h12V6zM4 11h2v2H4v-2zm16 0H8v2h12v-2zM4 16h2v2H4v-2zm16 0H8v2h12v-2z\" fill=\"currentColor\"><\/path><\/svg><svg style=\"fill: #999;color:#999\" class=\"arrow-unsorted-368013\" xmlns=\"http:\/\/www.w3.org\/2000\/svg\" width=\"10px\" height=\"10px\" viewBox=\"0 0 24 24\" version=\"1.2\" baseProfile=\"tiny\"><path d=\"M18.2 9.3l-6.2-6.3-6.2 6.3c-.2.2-.3.4-.3.7s.1.5.3.7c.2.2.4.3.7.3h11c.3 0 .5-.1.7-.3.2-.2.3-.5.3-.7s-.1-.5-.3-.7zM5.8 14.7l6.2 6.3 6.2-6.3c.2-.2.3-.5.3-.7s-.1-.5-.3-.7c-.2-.2-.4-.3-.7-.3h-11c-.3 0-.5.1-.7.3-.2.2-.3.5-.3.7s.1.5.3.7z\"\/><\/svg><\/span><\/span><\/label><input type=\"checkbox\"  id=\"ez-toc-cssicon-toggle-item-6a9a432707963\"  aria-label=\"Toggle\" \/><nav><ul class='ez-toc-list ez-toc-list-level-1 ' ><li class='ez-toc-page-1 ez-toc-heading-level-2'><a class=\"ez-toc-link ez-toc-heading-1\" href=\"https:\/\/www.malagacar.com\/nl\/blog\/tips\/granada-vanuit-malaga\/#Granada_een_stad_te_voet\" data-wpel-link=\"internal\">Granada, een stad te voet<\/a><\/li><li class='ez-toc-page-1 ez-toc-heading-level-2'><a class=\"ez-toc-link ez-toc-heading-2\" href=\"https:\/\/www.malagacar.com\/nl\/blog\/tips\/granada-vanuit-malaga\/#Tapas_in_Granada\" data-wpel-link=\"internal\">Tapas in Granada<\/a><\/li><li class='ez-toc-page-1 ez-toc-heading-level-2'><a class=\"ez-toc-link ez-toc-heading-3\" href=\"https:\/\/www.malagacar.com\/nl\/blog\/tips\/granada-vanuit-malaga\/#Bezienswaardigheden_in_Granada\" data-wpel-link=\"internal\">Bezienswaardigheden in Granada<\/a><ul class='ez-toc-list-level-3' ><li class='ez-toc-heading-level-3'><a class=\"ez-toc-link ez-toc-heading-4\" href=\"https:\/\/www.malagacar.com\/nl\/blog\/tips\/granada-vanuit-malaga\/#Albaicin\" data-wpel-link=\"internal\">Albaic\u00edn<\/a><\/li><li class='ez-toc-page-1 ez-toc-heading-level-3'><a class=\"ez-toc-link ez-toc-heading-5\" href=\"https:\/\/www.malagacar.com\/nl\/blog\/tips\/granada-vanuit-malaga\/#Plaza_Nueva\" data-wpel-link=\"internal\">Plaza Nueva<\/a><\/li><li class='ez-toc-page-1 ez-toc-heading-level-3'><a class=\"ez-toc-link ez-toc-heading-6\" href=\"https:\/\/www.malagacar.com\/nl\/blog\/tips\/granada-vanuit-malaga\/#Bovenste_Albaicin\" data-wpel-link=\"internal\">Bovenste Albaic\u00edn<\/a><\/li><li class='ez-toc-page-1 ez-toc-heading-level-3'><a class=\"ez-toc-link ez-toc-heading-7\" href=\"https:\/\/www.malagacar.com\/nl\/blog\/tips\/granada-vanuit-malaga\/#Sacromonte\" data-wpel-link=\"internal\">Sacromonte<\/a><\/li><li class='ez-toc-page-1 ez-toc-heading-level-3'><a class=\"ez-toc-link ez-toc-heading-8\" href=\"https:\/\/www.malagacar.com\/nl\/blog\/tips\/granada-vanuit-malaga\/#Abdij_van_Sacromonte\" data-wpel-link=\"internal\">Abdij van Sacromonte<\/a><\/li><li class='ez-toc-page-1 ez-toc-heading-level-3'><a class=\"ez-toc-link ez-toc-heading-9\" href=\"https:\/\/www.malagacar.com\/nl\/blog\/tips\/granada-vanuit-malaga\/#Realejo\" data-wpel-link=\"internal\">Realejo<\/a><\/li><li class='ez-toc-page-1 ez-toc-heading-level-3'><a class=\"ez-toc-link ez-toc-heading-10\" href=\"https:\/\/www.malagacar.com\/nl\/blog\/tips\/granada-vanuit-malaga\/#Plaza_Bib_Rambla\" data-wpel-link=\"internal\">Plaza Bib Rambla<\/a><\/li><li class='ez-toc-page-1 ez-toc-heading-level-3'><a class=\"ez-toc-link ez-toc-heading-11\" href=\"https:\/\/www.malagacar.com\/nl\/blog\/tips\/granada-vanuit-malaga\/#Plaza_Bib_Rambla-2\" data-wpel-link=\"internal\">Plaza Bib Rambla<\/a><\/li><li class='ez-toc-page-1 ez-toc-heading-level-3'><a class=\"ez-toc-link ez-toc-heading-12\" href=\"https:\/\/www.malagacar.com\/nl\/blog\/tips\/granada-vanuit-malaga\/#Straatmarkt_Plaza_de_la_Romanilla\" data-wpel-link=\"internal\">Straatmarkt Plaza de la Romanilla<\/a><\/li><\/ul><\/li><li class='ez-toc-page-1 ez-toc-heading-level-2'><a class=\"ez-toc-link ez-toc-heading-13\" href=\"https:\/\/www.malagacar.com\/nl\/blog\/tips\/granada-vanuit-malaga\/#Bezienswaardigheden_in_Granada-2\" data-wpel-link=\"internal\">Bezienswaardigheden in Granada<\/a><ul class='ez-toc-list-level-3' ><li class='ez-toc-heading-level-3'><a class=\"ez-toc-link ez-toc-heading-14\" href=\"https:\/\/www.malagacar.com\/nl\/blog\/tips\/granada-vanuit-malaga\/#Kathedraal\" data-wpel-link=\"internal\">Kathedraal<\/a><\/li><li class='ez-toc-page-1 ez-toc-heading-level-3'><a class=\"ez-toc-link ez-toc-heading-15\" href=\"https:\/\/www.malagacar.com\/nl\/blog\/tips\/granada-vanuit-malaga\/#Alhambra\" data-wpel-link=\"internal\">Alhambra<\/a><\/li><\/ul><\/li><li class='ez-toc-page-1 ez-toc-heading-level-2'><a class=\"ez-toc-link ez-toc-heading-16\" href=\"https:\/\/www.malagacar.com\/nl\/blog\/tips\/granada-vanuit-malaga\/#Uitkijkpunten_in_Granada\" data-wpel-link=\"internal\">Uitkijkpunten in Granada<\/a><ul class='ez-toc-list-level-3' ><li class='ez-toc-heading-level-3'><a class=\"ez-toc-link ez-toc-heading-17\" href=\"https:\/\/www.malagacar.com\/nl\/blog\/tips\/granada-vanuit-malaga\/#Mirador_San_Nicolas\" data-wpel-link=\"internal\">Mirador San Nicol\u00e1s<\/a><\/li><li class='ez-toc-page-1 ez-toc-heading-level-3'><a class=\"ez-toc-link ez-toc-heading-18\" href=\"https:\/\/www.malagacar.com\/nl\/blog\/tips\/granada-vanuit-malaga\/#Mirador_Placeta_de_Carvajales\" data-wpel-link=\"internal\">Mirador Placeta de Carvajales<\/a><\/li><li class='ez-toc-page-1 ez-toc-heading-level-3'><a class=\"ez-toc-link ez-toc-heading-19\" href=\"https:\/\/www.malagacar.com\/nl\/blog\/tips\/granada-vanuit-malaga\/#Mirador_Ojo_de_Granada\" data-wpel-link=\"internal\">Mirador Ojo de Granada<\/a><\/li><li class='ez-toc-page-1 ez-toc-heading-level-3'><a class=\"ez-toc-link ez-toc-heading-20\" href=\"https:\/\/www.malagacar.com\/nl\/blog\/tips\/granada-vanuit-malaga\/#Mirador_de_la_Lona\" data-wpel-link=\"internal\">Mirador de la Lona<\/a><\/li><li class='ez-toc-page-1 ez-toc-heading-level-3'><a class=\"ez-toc-link ez-toc-heading-21\" href=\"https:\/\/www.malagacar.com\/nl\/blog\/tips\/granada-vanuit-malaga\/#Mirador_de_la_Vereda_de_en_medio\" data-wpel-link=\"internal\">Mirador de la Vereda de en medio<\/a><\/li><li class='ez-toc-page-1 ez-toc-heading-level-3'><a class=\"ez-toc-link ez-toc-heading-22\" href=\"https:\/\/www.malagacar.com\/nl\/blog\/tips\/granada-vanuit-malaga\/#Mirador_de_San_Cristobal\" data-wpel-link=\"internal\">Mirador de San Crist\u00f3bal<\/a><\/li><\/ul><\/li><li class='ez-toc-page-1 ez-toc-heading-level-2'><a class=\"ez-toc-link ez-toc-heading-23\" href=\"https:\/\/www.malagacar.com\/nl\/blog\/tips\/granada-vanuit-malaga\/#Zonsondergangen\" data-wpel-link=\"internal\">Zonsondergangen<\/a><\/li><li class='ez-toc-page-1 ez-toc-heading-level-2'><a class=\"ez-toc-link ez-toc-heading-24\" href=\"https:\/\/www.malagacar.com\/nl\/blog\/tips\/granada-vanuit-malaga\/#Cultuur_Nachtleven\" data-wpel-link=\"internal\">Cultuur &amp; Nachtleven<\/a><\/li><li class='ez-toc-page-1 ez-toc-heading-level-2'><a class=\"ez-toc-link ez-toc-heading-25\" href=\"https:\/\/www.malagacar.com\/nl\/blog\/tips\/granada-vanuit-malaga\/#Klimaat_in_Granada\" data-wpel-link=\"internal\">Klimaat in Granada<\/a><\/li><li class='ez-toc-page-1 ez-toc-heading-level-2'><a class=\"ez-toc-link ez-toc-heading-26\" href=\"https:\/\/www.malagacar.com\/nl\/blog\/tips\/granada-vanuit-malaga\/#Reizen_naar_Granada\" data-wpel-link=\"internal\">Reizen naar Granada<\/a><ul class='ez-toc-list-level-3' ><li class='ez-toc-heading-level-3'><a class=\"ez-toc-link ez-toc-heading-27\" href=\"https:\/\/www.malagacar.com\/nl\/blog\/tips\/granada-vanuit-malaga\/#Met_de_auto_Parkeren\" data-wpel-link=\"internal\">Met de auto &amp; Parkeren<\/a><\/li><li class='ez-toc-page-1 ez-toc-heading-level-3'><a class=\"ez-toc-link ez-toc-heading-28\" href=\"https:\/\/www.malagacar.com\/nl\/blog\/tips\/granada-vanuit-malaga\/#Interactieve_kaart_Parkeren_in_het_centrum_van_Granada\" data-wpel-link=\"internal\">Interactieve kaart Parkeren in het centrum van Granada<\/a><\/li><li class='ez-toc-page-1 ez-toc-heading-level-3'><a class=\"ez-toc-link ez-toc-heading-29\" href=\"https:\/\/www.malagacar.com\/nl\/blog\/tips\/granada-vanuit-malaga\/#Met_de_trein\" data-wpel-link=\"internal\">Met de trein<\/a><\/li><\/ul><\/li><li class='ez-toc-page-1 ez-toc-heading-level-2'><a class=\"ez-toc-link ez-toc-heading-30\" href=\"https:\/\/www.malagacar.com\/nl\/blog\/tips\/granada-vanuit-malaga\/#Interactieve_kaart_Bezienswaardigheden_in_Granada\" data-wpel-link=\"internal\">Interactieve kaart Bezienswaardigheden in Granada<\/a><\/li><li class='ez-toc-page-1 ez-toc-heading-level-2'><a class=\"ez-toc-link ez-toc-heading-31\" href=\"https:\/\/www.malagacar.com\/nl\/blog\/tips\/granada-vanuit-malaga\/#Sierra_Nevada\" data-wpel-link=\"internal\">Sierra Nevada<\/a><\/li><li class='ez-toc-page-1 ez-toc-heading-level-2'><a class=\"ez-toc-link ez-toc-heading-32\" href=\"https:\/\/www.malagacar.com\/nl\/blog\/tips\/granada-vanuit-malaga\/#Die_Alpujarra\" data-wpel-link=\"internal\">Die Alpujarra<\/a><\/li><\/ul><\/nav><\/div>\n<h2><span class=\"ez-toc-section\" id=\"Granada_een_stad_te_voet\"><\/span>Granada, een stad te voet<span class=\"ez-toc-section-end\"><\/span><\/h2>\n<p>Egal, ob Sie mit dem Auto oder mit dem Zug nach Granada kommen, es ist am besten, die Stadt zu Fu\u00df zu erkunden. Im Grunde genommen aus zwei Gr\u00fcnden: Alles, was es zu entdecken gibt, befindet sich innerhalb eines relativ kleinen Radius im alten Teil der Stadtmauern. Allerdings sollte man bedenken, dass es <em><strong>veel heuvels zijn<\/strong><\/em>.<\/p>\n<p>Zweitens hat die Stadt in den letzten Jahren gro\u00dfe Anstrengungen unternommen, um den Verkehr im Stadtzentrum zu reduzieren, und in <em><strong>vele gebieden is het niet mogelijk om met de auto binnen te rijden of te rijden<\/strong><\/em>.<\/p>\n<figure id=\"attachment_14754\" aria-describedby=\"caption-attachment-14754\" style=\"width: 534px\" class=\"wp-caption alignnone\"><img loading=\"lazy\" decoding=\"async\" class=\"wp-image-14754 size-full\" src=\"https:\/\/www.malagacar.com\/sp\/blog\/wp-content\/uploads\/2022\/12\/@granadaembrujada.jpg\" alt=\"Granada centrum\" width=\"534\" height=\"720\" \/><figcaption id=\"caption-attachment-14754\" class=\"wp-caption-text\">Gran V\u00eda met Albaic\u00edn en de Sierra Nevada op de achtergrond[\/caption&gt;<br \/>Onderaan vindt u een link naar parkeermogelijkheden in het stadscentrum. Parkeer gemakkelijk en ga te voet verder, dat is de meest verstandige keuze. En maak u geen zorgen als u hongerig of dorstig bent: Granada is de stad van de tapas.<\/figcaption><\/figure>\n<h2><span class=\"ez-toc-section\" id=\"Tapas_in_Granada\"><\/span>Tapas in Granada<span class=\"ez-toc-section-end\"><\/span><\/h2>\n<p><em><strong>Granada is wereldwijd de koningin van de tapas<\/strong><\/em>. Ja, zonder overdrijven. Voordat we dus haar immense culturele erfgoed enzovoort introduceren, laten we eerst deze basisbehoefte bevredigen, nietwaar?<br \/>\nDe tapa is een typisch en origineel gerecht uit Granada. Er zijn verschillende theorie\u00ebn over de oorsprong ervan. Het is een gratis hapje dat wordt geserveerd bij een biertje, wijn of een alcoholvrij drankje.<br \/>\nEn met hapje bedoelen we allerlei smakelijke lekkernijen die deze regio te bieden heeft, of het nu groenten, vlees of vis is. Tapas eten in Granada is een ervaring op zich. U heeft niet alleen geluncht of gedineerd en een paar biertjes gedronken, maar u dompelt zich ook onder in het levendige straatleven van Granada en haar inwoners.<br \/>\nU hoeft zich geen zorgen te maken over waar u naartoe moet, want Granada is de Andalusische stad met de meeste bars per inwoner. Loop gewoon door de straten van het stadscentrum. Hier is echter een link naar enkele van de <a href=\"https:\/\/tapasengranada.es\/\" data-wpel-link=\"external\" target=\"_blank\" rel=\"external noopener noreferrer\" class=\"ext-link wpel-icon-right\"><strong>beste tapasbars in Granada<\/strong><span class=\"wpel-icon wpel-image wpel-icon-2\"><\/span><\/a>.<\/p>\n<h2><span class=\"ez-toc-section\" id=\"Bezienswaardigheden_in_Granada\"><\/span>Bezienswaardigheden in Granada<span class=\"ez-toc-section-end\"><\/span><\/h2>\n<p>&nbsp;<\/p>\n<h3><span class=\"ez-toc-section\" id=\"Albaicin\"><\/span>Albaic\u00edn<span class=\"ez-toc-section-end\"><\/span><\/h3>\n<p><img loading=\"lazy\" decoding=\"async\" class=\"size-full wp-image-12857\" src=\"https:\/\/www.malagacar.com\/sp\/blog\/wp-content\/uploads\/2022\/12\/albaycin.jpg\" alt=\"El Albaic\u00edn\" width=\"1200\" height=\"803\" \/>Uitzicht op het Albaic\u00edn vanaf het Alhambra Das Albaic\u00edn is de <em><strong>oude Moorse wijk van de stad<\/strong><\/em>. Het beslaat een hele heuvel tegenover de Alhambra, met smalle straatjes, verborgen pleintjes, witgekalkte huizen, bedwelmende jasmijngeuren&#8230; en veel hellingen. In deze wijk kun je gemakkelijk verdwalen, zowel letterlijk als figuurlijk.<\/p>\n<h3><span class=\"ez-toc-section\" id=\"Plaza_Nueva\"><\/span>Plaza Nueva<span class=\"ez-toc-section-end\"><\/span><\/h3>\n<p>De Plaza Nueva blijft een centraal punt in de stad, strategisch gelegen tussen het Albaic\u00edn, de Alhambra en het Realejo.<\/p>\n<h4>Onze insider tip<\/h4>\n<p>Er is niets mooiers dan naar Caf\u00e9 Lisboa te gaan en het straatleven te observeren.<br \/>\n<figure id=\"attachment_14756\" aria-describedby=\"caption-attachment-14756\" style=\"width: 700px\" class=\"wp-caption alignnone\"><img loading=\"lazy\" decoding=\"async\" class=\" wp-image-14756\" src=\"https:\/\/www.malagacar.com\/sp\/blog\/wp-content\/uploads\/2022\/12\/Plaza-Nueva-@granadaembrujada-1024x1024.jpg\" alt=\"Plaza Nueva\" width=\"700\" height=\"700\" \/><figcaption id=\"caption-attachment-14756\" class=\"wp-caption-text\">Plaza Nueva. Foto @granadaembrujada<\/p>\n<p>Zoals eerder gezegd, kun je een hele dag besteden aan het ontdekken van het Albaic\u00edn.<\/p>\n<h3><span class=\"ez-toc-section\" id=\"Bovenste_Albaicin\"><\/span>Bovenste Albaic\u00edn<span class=\"ez-toc-section-end\"><\/span><\/h3>\n<p>Bereid je voor om <em><strong>steile heuvels<\/strong><\/em> te beklimmen. Maar de klim naar het bovenste Albaic\u00edn, dat op zichzelf staat en een eigen leven heeft, is de moeite waard.<\/p>\n<p>Beklim het bovenste Albaic\u00edn via de Cuesta Del Chap\u00edz vanaf de Paseo de los Tristes.<\/p>\n[caption id=\"attachment_14757\" align=\"alignnone\" width=\"700\"]<img loading=\"lazy\" decoding=\"async\" class=\" wp-image-14757\" src=\"https:\/\/www.malagacar.com\/sp\/blog\/wp-content\/uploads\/2022\/12\/Cuesta-del-Chapiz-Foto-@granadaembrujada-819x1024.jpg\" alt=\"Cuesta del Chap\u00edz \" width=\"700\" height=\"875\" \/> Cuesta del Chap\u00edz Foto @granadaembrujada<\/figcaption><\/figure>\n<p>Het bovenste Albaic\u00edn is als een dorp op zich. Er is veel te zien, zoals de Arco de las Pesas en de oude stadsmuur die leidt naar Plaza Larga, het hart van het bovenste Albaic\u00edn.<\/p>\n<h4>Onze insider tip<\/h4>\n<p>De Bar Aixa, waar locals en buitenlanders al tientallen jaren samenkomen voor ontbijt en tapas.<\/p>\n<p>Heel dichtbij is de zeer populaire Mirador San Nicol\u00e1s met een fantastisch uitzicht op de Alhambra. We zullen het hieronder bespreken onder &#8220;Uitkijkpunten.&#8221;<\/p>\n<h3><span class=\"ez-toc-section\" id=\"Sacromonte\"><\/span>Sacromonte<span class=\"ez-toc-section-end\"><\/span><\/h3>\n<p>Als je dieper doordringt in het bovenste Albaic\u00edn en weggaat van de drukke straten, kom je bij Sacromonte, de <em><strong>beroemde wijk van de zigeuners<\/strong><\/em>. Deze wijk staat bekend om zijn <em><strong>grotwoningen<\/strong><\/em> en geweldige nachtleven met Flamenco &#8220;tablaos flamencos.&#8221;<\/p>\n<figure id=\"attachment_12858\" aria-describedby=\"caption-attachment-12858\" style=\"width: 1024px\" class=\"wp-caption alignnone\"><img loading=\"lazy\" decoding=\"async\" class=\"size-full wp-image-12858\" src=\"https:\/\/www.malagacar.com\/sp\/blog\/wp-content\/uploads\/2022\/12\/Sacromonte-Foto-Jorge-Franganillo.jpg\" alt=\"sacromonte granada\" width=\"1024\" height=\"683\" \/><figcaption id=\"caption-attachment-12858\" class=\"wp-caption-text\">Grotwoningen in Sacromonte Foto Jorge Franganillo<\/figcaption><\/figure>\n<p>Hier bevindt zich ook een van de mooiste (en minst drukke) uitkijkpunten van Granada, de Mirador de la Vereda de En Medio, die u hieronder kunt vinden bij &#8220;Uitkijkpunten.&#8221;<\/p>\n<p>Langzaam verwijderen we ons van de drukte van de stad, altijd met de Alhambra op de aangrenzende heuvel.<\/p>\n<h3><span class=\"ez-toc-section\" id=\"Abdij_van_Sacromonte\"><\/span>Abdij van Sacromonte<span class=\"ez-toc-section-end\"><\/span><\/h3>\n<p>Als u verder gaat, bereikt u de <em><strong>Abdij van Sacromonte<\/strong><\/em>, vanwaar u een uniek uitzicht kunt ervaren.<\/p>\n<h4>Onze insider tip<\/h4>\n<p>Bedevaart van de Heilige Cecilio in de Abdij van Sacromonte. Een kleurrijk festival in de open lucht op de eerste zondag in februari ter ere van de beschermheilige van Granada.<\/p>\n<p>Na de mis verzamelen honderden mensen zich aan de voet van de abdij om te genieten van muziek, bonen en gezouten brood.<\/p>\n<p><img loading=\"lazy\" decoding=\"async\" class=\"size-large wp-image-14758\" src=\"https:\/\/www.malagacar.com\/sp\/blog\/wp-content\/uploads\/2022\/12\/Sacromonte-Foto-@granadaembrujada-1024x536.jpg\" alt=\"Sacromonte\" width=\"750\" height=\"393\" \/>Foto @granadaembrujada<\/p>\n<h3><span class=\"ez-toc-section\" id=\"Realejo\"><\/span>Realejo<span class=\"ez-toc-section-end\"><\/span><\/h3>\n<p>El Realejo is de <em><strong>oude Joodse wijk<\/strong><\/em>, gelegen aan de voet van de Alhambra. In de afgelopen jaren heeft het zich ontwikkeld tot een van de meest populaire en kosmopolitische wijken van de stad.<br \/>\nHier vindt u niet alleen veel bars en een levendig straatleven, maar ook een groot aantal prachtige paleisgebouwen en kerken.<br \/>\nVanaf het bovenste deel van Realejo kunt u over minder drukke paden naar de Alhambra wandelen.<\/p>\n<h3><span class=\"ez-toc-section\" id=\"Plaza_Bib_Rambla\"><\/span>Plaza Bib Rambla<span class=\"ez-toc-section-end\"><\/span><\/h3>\n<p><img loading=\"lazy\" decoding=\"async\" class=\"size-full wp-image-12845\" src=\"https:\/\/www.malagacar.com\/sp\/blog\/wp-content\/uploads\/2022\/12\/realejo-alhambra-palace.jpg\" alt=\"realejo hotel alhambra palace\" width=\"656\" height=\"806\" \/>Vanaf het bovenste deel van Realejo kunt u over minder drukke paden naar de Alhambra wandelen. Foto Cartagenero<\/p>\n<h3><span class=\"ez-toc-section\" id=\"Plaza_Bib_Rambla-2\"><\/span>Plaza Bib Rambla<span class=\"ez-toc-section-end\"><\/span><\/h3>\n<p><img loading=\"lazy\" decoding=\"async\" class=\" wp-image-14761\" src=\"https:\/\/www.malagacar.com\/sp\/blog\/wp-content\/uploads\/2022\/12\/Plaza-Bib-Rambla-@granadaembrujada-819x1024.jpg\" alt=\"Plaza Bib Rambla \" width=\"699\" height=\"874\" \/>Plaza Bib Rambla Foto @granadaembrujada<br \/>\nEen van de oudste pleinen van Granada, vlakbij de kathedraal. Op dit plein zijn het hele jaar door tal van activiteiten en ook een mooie kerstmarkt.<\/p>\n<h3><span class=\"ez-toc-section\" id=\"Straatmarkt_Plaza_de_la_Romanilla\"><\/span>Straatmarkt Plaza de la Romanilla<span class=\"ez-toc-section-end\"><\/span><\/h3>\n<p>Wilt u een echte straatmarkt ervaren en verse groenten en fruit kopen tegen betaalbare prijzen? Dan mag u de dagelijkse straatmarkt op Plaza de la Romanilla naast de kathedraal niet missen.<br \/>\nDaar zijn ook tal van caf\u00e9s waar u kunt genieten van een drankje en kunt kijken naar de bedrijvigheid op straat.<\/p>\n<h2><span class=\"ez-toc-section\" id=\"Bezienswaardigheden_in_Granada-2\"><\/span>Bezienswaardigheden in Granada<span class=\"ez-toc-section-end\"><\/span><\/h2>\n<p>Granada is een <em><strong>UNESCO-stad<\/strong><\/em> vol prachtige monumenten en gebouwen uit verschillende tijdperken en stijlen.<br \/>\nOm ze allemaal op te sommen, zouden we een aparte gids moeten samenstellen (en er zijn al veel van dergelijke gidsen). En u heeft misschien al gemerkt dat we u hier informatie geven die misschien een beetje anders is dan op de meeste websites, omdat we veel van deze plaatsen persoonlijk kennen.<\/p>\n<h3><span class=\"ez-toc-section\" id=\"Kathedraal\"><\/span>Kathedraal<span class=\"ez-toc-section-end\"><\/span><\/h3>\n<p>Je hoeft niet ver te lopen om de kathedraal van Granada te vinden, een indrukwekkend gebouw dat de stijlen van de gotiek en de renaissance combineert.<\/p>\n<ul>\n<li style=\"list-style-type: none;\">\n<ul>\n<li>Onder deze link vindt u <a href=\"https:\/\/catedraldegranada.com\/precios-horarios-de-la-visita\/\" data-wpel-link=\"external\" target=\"_blank\" rel=\"external noopener noreferrer\" class=\"ext-link wpel-icon-right\"><strong>bezoektijden en toegangskaarten<\/strong><span class=\"wpel-icon wpel-image wpel-icon-2\"><\/span><\/a>.<\/li>\n<\/ul>\n<\/li>\n<\/ul>\n<p>&nbsp;<\/p>\n<figure id=\"attachment_14762\" aria-describedby=\"caption-attachment-14762\" style=\"width: 1000px\" class=\"wp-caption alignnone\"><img loading=\"lazy\" decoding=\"async\" class=\"wp-image-14762 size-full\" src=\"https:\/\/www.malagacar.com\/sp\/blog\/wp-content\/uploads\/2022\/12\/Plaza-de-las-Pasiegas-y-Catedral.-Credit-Depositphotos.jpg\" alt=\"Plaza de las Pasiegas y Catedral\" width=\"1000\" height=\"582\" \/><figcaption id=\"caption-attachment-14762\" class=\"wp-caption-text\">Plaza de las Pasiegas und Kathedrale. Credit <a href=\"https:\/\/depositphotos.com\/es\/home.html\" data-wpel-link=\"external\" target=\"_blank\" rel=\"external noopener noreferrer\" class=\"ext-link wpel-icon-right\">Depositphotos<span class=\"wpel-icon wpel-image wpel-icon-2\"><\/span><\/a><\/p>\n<h3><span class=\"ez-toc-section\" id=\"Alhambra\"><\/span>Alhambra<span class=\"ez-toc-section-end\"><\/span><\/h3>\n<p>Waarschijnlijk reist geen toerist naar Granada zonder het Alhambra, <em><strong>Al-Hamrat, het rode kasteel<\/strong><\/em>, te bezoeken, omdat de stenen bij zonsondergang een roodachtige tint krijgen.<br \/><img loading=\"lazy\" decoding=\"async\" class=\"alignnone size-full wp-image-12859\" src=\"https:\/\/www.malagacar.com\/sp\/blog\/wp-content\/uploads\/2022\/12\/alhambra3.jpg\" alt=\"alhambra\" width=\"1200\" height=\"514\" \/><br \/>Hoewel het vandaag de dag een van de meest bezochte toeristische bezienswaardigheden is en een zeer hoog aantal bezoekers trekt, behoudt het nog steeds de bijzondere schoonheid en de magie van de afgelopen eeuwen van het Nasridenrijk, het <em><strong>laatste Moorse koninkrijk op het schiereiland<\/strong><\/em>.<\/p>\n<h4>Onze insider tip<\/h4>\n<p>Internationaal Festival voor Muziek en Dans in de tuinen van het Generalife: Het Generalife herbergt ballet- en dansgroepen tijdens het <a href=\"https:\/\/www.guiarepsol.com\/es\/viajar\/nos-gusta\/festival-internacional-de-musica-y-danza-de-granada\/\" data-wpel-link=\"external\" target=\"_blank\" rel=\"external noopener noreferrer\" class=\"ext-link wpel-icon-right\"><strong>Internationale Festival voor Muziek en Dans<\/strong><span class=\"wpel-icon wpel-image wpel-icon-2\"><\/span><\/a> tijdens de zomernachten in Granada in juni en juli, een waar genot!<\/p>\n<p><\/p>\n<ul>\n<li style=\"list-style-type: none;\">\n<ul>\n<li><a href=\"https:\/\/www.entradas.com\/artist\/festival-internacional-de-musica-y-danza-de-granada\/\" data-wpel-link=\"external\" target=\"_blank\" rel=\"external noopener noreferrer\" class=\"ext-link wpel-icon-right\"><strong>Toegangskaarten<\/strong><span class=\"wpel-icon wpel-image wpel-icon-2\"><\/span><\/a><\/li>\n<\/ul>\n<\/li>\n<\/ul>\n<p>&nbsp;<\/p>\n<p>&nbsp;<\/p>\n<h2><span class=\"ez-toc-section\" id=\"Uitkijkpunten_in_Granada\"><\/span>Uitkijkpunten in Granada<span class=\"ez-toc-section-end\"><\/span><\/h2>\n<p>Een van de grote charmes van Granada zijn de uitkijkpunten (Miradores). Sommige zijn bekender en drukker bezocht, zoals de Mirador de San Nicol\u00e1s, andere liggen verscholen in steegjes, maar ze bieden altijd een <em><strong>prachtig uitzicht over de stad, het Alhambra en de majestueuze Sierra Nevada<\/strong><\/em> op de achtergrond.<\/p>\n<h3><span class=\"ez-toc-section\" id=\"Mirador_San_Nicolas\"><\/span>Mirador San Nicol\u00e1s<span class=\"ez-toc-section-end\"><\/span><\/h3>\n<p>Dit uitkijkpunt, gelegen in het bovenste Albaic\u00edn, biedt een panoramisch uitzicht op het Alhambra met de Sierra Nevada op de achtergrond en de stad aan zijn voeten. Het is meestal op elk moment erg druk.<br \/><img loading=\"lazy\" decoding=\"async\" class=\" wp-image-14763\" src=\"https:\/\/www.malagacar.com\/sp\/blog\/wp-content\/uploads\/2022\/12\/Mirador-San-Nicolas-Foto-@granadaembrujada-1024x1024.jpg\" alt=\"Mirador San Nicolas \" width=\"701\" height=\"701\" \/>Foto @granadaembrujada<\/p>\n<h3><span class=\"ez-toc-section\" id=\"Mirador_Placeta_de_Carvajales\"><\/span>Mirador Placeta de Carvajales<span class=\"ez-toc-section-end\"><\/span><\/h3>\n<p>Een van onze favoriete verborgen plekjes. Je moet een beetje verdwalen in de steegjes om dit kleine, gezellige plein te bereiken, dat een ander uitzicht op het Alhambra biedt.<\/p>\n<h3><span class=\"ez-toc-section\" id=\"Mirador_Ojo_de_Granada\"><\/span>Mirador Ojo de Granada<span class=\"ez-toc-section-end\"><\/span><\/h3>\n<p>[caption id=\"attachment_12860\" align=\"alignnone\" width=\"1202\"]<img loading=\"lazy\" decoding=\"async\" class=\"size-full wp-image-12860\" src=\"https:\/\/www.malagacar.com\/sp\/blog\/wp-content\/uploads\/2022\/12\/mirador-Ojo-de-GR-Foto-Tomas-Rosillo.jpg\" alt=\"Mirador Ojo de Granada\" width=\"1202\" height=\"733\" \/> Foto Tom\u00e1s Rosillo<\/p>\n<p>Deze uitkijkpost bevindt zich in de beneden Albaic\u00edn en biedt een prachtig uitzicht op het stadscentrum en de kathedraal.<\/p>\n<h3><span class=\"ez-toc-section\" id=\"Mirador_de_la_Lona\"><\/span>Mirador de la Lona<span class=\"ez-toc-section-end\"><\/span><\/h3>\n<p>Deze uitkijkpost bevindt zich ook in de beneden Albaic\u00edn, slechts enkele meters van de vorige, met uitzicht op de stad en de kathedraal.<\/p>\n<h3><span class=\"ez-toc-section\" id=\"Mirador_de_la_Vereda_de_en_medio\"><\/span>Mirador de la Vereda de en medio<span class=\"ez-toc-section-end\"><\/span><\/h3>\n<p>Nog een van onze favoriete plekjes. Om er te komen, moet je naar het bovenste Albaic\u00edn gaan en vandaar richting Sacromonte lopen.<br \/>[caption id=\"attachment_12861\" align=\"alignnone\" width=\"1206\"]<img loading=\"lazy\" decoding=\"async\" class=\"wp-image-12861 size-full\" src=\"https:\/\/www.malagacar.com\/sp\/blog\/wp-content\/uploads\/2022\/12\/Vereda-de-en-Medio-Foto-Nicolas-Bullejos-Martin.jpg\" alt=\"Mirador de la Vereda de en medio\" width=\"1206\" height=\"743\" \/> Foto Nicolas Bullejos Martin<\/p>\n<p>Daar heerst een volledig andere sfeer, weg van mensen en auto&#8217;s, met een prachtig uitzicht op het Alhambra en de typische witgekalkte grotwoningen.<\/p>\n<h3><span class=\"ez-toc-section\" id=\"Mirador_de_San_Cristobal\"><\/span>Mirador de San Crist\u00f3bal<span class=\"ez-toc-section-end\"><\/span><\/h3>\n<p>Hoger gelegen aan de oude weg naar Murcia en vlakbij het centrum van de bovenste Albaic\u00edn, biedt deze uitkijkpost een prachtig uitzicht over de stad.<\/p>\n<h2><span class=\"ez-toc-section\" id=\"Zonsondergangen\"><\/span>Zonsondergangen<span class=\"ez-toc-section-end\"><\/span><\/h2>\n<p>Een van de volledig gratis wonderen die je in Granada kunt ervaren tijdens de wintermaanden zijn de absoluut <em><strong>spectaculaire zonsondergangen<\/strong><\/em>.<br \/>[caption id=\"attachment_14764\" align=\"alignnone\" width=\"700\"]<img loading=\"lazy\" decoding=\"async\" class=\" wp-image-14764\" src=\"https:\/\/www.malagacar.com\/sp\/blog\/wp-content\/uploads\/2022\/12\/atardecer-Foto-@granadaembrujada-819x1024.jpg\" alt=\"atardecer\" width=\"700\" height=\"875\" \/> Foto @granadaembrujada<br \/>Omdat de stad op verschillende heuvels ligt, hoef je alleen maar een beetje omhoog te gaan en bijvoorbeeld een van de uitkijkpunten te bezoeken om te genieten van de prachtige kleurschakeringen in de lucht.<\/p>\n<h2><span class=\"ez-toc-section\" id=\"Cultuur_Nachtleven\"><\/span>Cultuur &amp; Nachtleven<span class=\"ez-toc-section-end\"><\/span><\/h2>\n<p>Het aanbod van cultuur en uitgaan in Granada is enorm. Dit komt ook doordat Granada een van de meest populaire universiteitssteden in het land is, waar een zesde van de bevolking studeert.<\/p>\n<p><\/p>\n<ul>\n<li style=\"list-style-type: none;\">\n<ul>\n<li>Hier vindt u informatie over <strong>culturele evenementen<\/strong> en een vrij uitgebreide gids over <a href=\"https:\/\/www.nightlife-cityguide.com\/es\/guiar-la-vida-nocturna\/Granada-discotecas-nocturna-vida-nocturna-discotecas\/\" data-wpel-link=\"external\" target=\"_blank\" rel=\"external noopener noreferrer\" class=\"ext-link wpel-icon-right\"><strong>het nachtleven en clubs in Granada<\/strong><span class=\"wpel-icon wpel-image wpel-icon-2\"><\/span><\/a>.<\/li>\n<\/ul>\n<\/li>\n<\/ul>\n<p>&nbsp;<\/p>\n<ul>\n<li style=\"list-style-type: none;\">\n<ul>\n<li>U kunt zich hier aanmelden voor een rondleiding naar onontdekte plekken in Granada: <a href=\"https:\/\/www.instagram.com\/granadasecreta_\/\" data-wpel-link=\"external\" target=\"_blank\" rel=\"external noopener noreferrer\" class=\"ext-link wpel-icon-right\"><strong>Granada Secreta<\/strong><span class=\"wpel-icon wpel-image wpel-icon-2\"><\/span><\/a><strong>.<\/strong><\/li>\n<\/ul>\n<\/li>\n<\/ul>\n<p>&nbsp;<\/p>\n<p>&nbsp;<\/p>\n<h2><span class=\"ez-toc-section\" id=\"Klimaat_in_Granada\"><\/span>Klimaat in Granada<span class=\"ez-toc-section-end\"><\/span><\/h2>\n<p>Het klimaat in Granada is droog en mediterraan en heeft niets te maken met het milde klimaat hier in Malaga.<br \/>Je zou kunnen zeggen dat er in Granada in principe twee seizoenen zijn: zomer en winter. Lente en herfst gaan snel en bijna onopgemerkt voorbij en maken plaats voor zeer warm of zeer koud weer.<br \/>In de winter kan het &#8217;s ochtends tot 0\u00baC koud worden. Als de zon schijnt, kan het &#8217;s middags echter tot 20 \u00b0C warm worden voordat de temperaturen &#8217;s avonds snel dalen. Een goede jas is aan te raden, maar met een lichte trui eronder.<br \/>De zomers in Granada zijn verzengend heet. Van half juni tot ver in september zijn er in de stad zeer hoge temperaturen, die vaak 40\u00baC bereiken.<br \/>[caption id=\"attachment_12862\" align=\"alignnone\" width=\"499\"]<img loading=\"lazy\" decoding=\"async\" class=\"size-full wp-image-12862\" src=\"https:\/\/www.malagacar.com\/sp\/blog\/wp-content\/uploads\/2022\/12\/gran-via.jpg\" alt=\"gran via granada en agosto\" width=\"499\" height=\"333\" \/> Die Gran V\u00eda, v\u00f6llig leer an einem Augustnachmittag<\/p>\n<h2><span class=\"ez-toc-section\" id=\"Reizen_naar_Granada\"><\/span>Reizen naar Granada<span class=\"ez-toc-section-end\"><\/span><\/h2>\n<h3><span class=\"ez-toc-section\" id=\"Met_de_auto_Parkeren\"><\/span>Met de auto &amp; Parkeren<span class=\"ez-toc-section-end\"><\/span><\/h3>\n<p>Vanuit M\u00e1laga bereikt u Granada comfortabel via de snelweg in anderhalf uur. U hoeft dus niet per se daar te overnachten en kunt een dagtocht plannen.<\/p>\n<p>Vanwege de immense rijkdom die de stad op alle fronten biedt, raden we echter aan ten minste \u00e9\u00e9n nacht te blijven om voldoende tijd te hebben om letterlijk alles te genieten (onthoud: Granada is de koningin van de tapas!).<\/p>\n<p>Zoals eerder vermeld, is Granada een stad die te voet ontdekt moet worden. Om deze reden en vanwege de vele verkeersbeperkingen is het het handigst om te parkeren in een openbare parkeergarage in het centrum en van daaruit verder te lopen.<\/p>\n<h4>Onze Insider Tip<\/h4>\n<p>Voor degenen die niet te ver willen lopen, is er in de bovenste Albaic\u00edn een openbare parkeerplaats, Parkeerplaats San Crist\u00f3bal. De beste parkeerplaats om de Albaic\u00edn te bezoeken zonder te veel heuvels te beklimmen.<\/p>\n<h3><span class=\"ez-toc-section\" id=\"Interactieve_kaart_Parkeren_in_het_centrum_van_Granada\"><\/span>Interactieve kaart Parkeren in het centrum van Granada<span class=\"ez-toc-section-end\"><\/span><\/h3>\n<p><iframe loading=\"lazy\" src=\"https:\/\/www.google.com\/maps\/d\/embed?mid=1HgSKG45JFfJ_XfIYIpdTAs0uk0jNCG0&amp;ehbc=2E312F\" width=\"640\" height=\"480\"><\/iframe><\/p>\n<h3><span class=\"ez-toc-section\" id=\"Met_de_trein\"><\/span>Met de trein<span class=\"ez-toc-section-end\"><\/span><\/h3>\n<p>Het centraal station van Granada ligt op slechts 20 minuten lopen van Plaza Nueva, in het hart van de stad.<\/p>\n<p>[caption id=\"attachment_14766\" align=\"alignnone\" width=\"750\"]<img loading=\"lazy\" decoding=\"async\" class=\"size-large wp-image-14766\" src=\"https:\/\/www.malagacar.com\/sp\/blog\/wp-content\/uploads\/2022\/12\/Renfe-Granada-Foto-@granadaembrujada-819x1024.jpg\" alt=\"Renfe Granada \" width=\"750\" height=\"938\" \/> Renfe Granada Foto <a href=\"https:\/\/sergioluquelopez.com\/\" data-wpel-link=\"external\" target=\"_blank\" rel=\"external noopener noreferrer\" class=\"ext-link wpel-icon-right\">sergioluquelopez.com<span class=\"wpel-icon wpel-image wpel-icon-2\"><\/span><\/a><\/figcaption><\/figure>\n<p>Granada is eenvoudig bereikbaar met de trein vanuit Malaga, Sevilla, Almeria en Madrid.<\/p>\n<p>Vanuit Malaga zijn er AVANT-treinen (reistijd ongeveer 2,5 uur) en AVE-treinen (reistijd varieert van 1 uur en 11 minuten tot 1 uur en 39 minuten).<\/p>\n<p>De goedkoopste enkele reis kost ongeveer \u20ac 26, terwijl de duurste AVE-opties ongeveer \u20ac 60 kosten.<\/p>\n<ul>\n<li><a href=\"https:\/\/www.renfe.com\/\" data-wpel-link=\"external\" target=\"_blank\" rel=\"external noopener noreferrer\" class=\"ext-link wpel-icon-right\"><strong>Koop een treinkaartje naar Granada<\/strong><span class=\"wpel-icon wpel-image wpel-icon-2\"><\/span><\/a>.<\/li>\n<\/ul>\n<h2><span class=\"ez-toc-section\" id=\"Interactieve_kaart_Bezienswaardigheden_in_Granada\"><\/span>Interactieve kaart Bezienswaardigheden in Granada<span class=\"ez-toc-section-end\"><\/span><\/h2>\n<p><iframe loading=\"lazy\" src=\"https:\/\/www.google.com\/maps\/d\/embed?mid=1uhMP-ZW7SP0BEUmCNtxg_j0vSA0LCdM&amp;ehbc=2E312F\" width=\"640\" height=\"480\"><\/iframe><\/p>\n<h2><span class=\"ez-toc-section\" id=\"Sierra_Nevada\"><\/span>Sierra Nevada<span class=\"ez-toc-section-end\"><\/span><\/h2>\n<p>Nur 38 km vom Herzen Granadas entfernt liegen <em><strong>die h\u00f6chsten Gipfel der Halbinsel<\/strong><\/em>, die majest\u00e4tische Sierra Nevada.<\/p>\n<p>Wenn Sie mehr Zeit haben, lohnt es sich, mit dem Auto in diesen <em><strong>Nationalpark<\/strong><\/em> zu fahren, in dem sich auch das <em><strong>s\u00fcdlichste Skigebiet Europas<\/strong><\/em> befindet.<\/p>\n<ul>\n<li>Sie werden die <a href=\"https:\/\/www.malagacar.com\/nl\/blog\/vrije-tijd\/sierra-nevada-ontdekken-met-auto\/\" data-wpel-link=\"internal\"><strong>Sierra Nevada<\/strong><\/a> lieben.<\/li>\n<\/ul>\n<h2><span class=\"ez-toc-section\" id=\"Die_Alpujarra\"><\/span>Die Alpujarra<span class=\"ez-toc-section-end\"><\/span><\/h2>\n<figure id=\"attachment_12814\" aria-describedby=\"caption-attachment-12814\" style=\"width: 1198px\" class=\"wp-caption alignnone\"><img loading=\"lazy\" decoding=\"async\" class=\" wp-image-12814\" src=\"https:\/\/www.malagacar.com\/sp\/blog\/wp-content\/uploads\/2022\/11\/capileira-foto-Pepe-Juarez.jpg\" alt=\"capileira\" width=\"1198\" height=\"756\" \/><figcaption id=\"caption-attachment-12814\" class=\"wp-caption-text\">Capileira. Foto Pepe Juarez<\/figcaption><\/figure>\n<p>En als we het al over Granada hebben, mogen we de Alpujarra aan de zuidelijke hellingen van de Sierra Nevada niet onvermeld laten.<\/p>\n<p>Een regio met overvloedig water, schone lucht, bochtige wegen, valleien met microklimaat, witte Moorse dorpjes, uitstekende gastronomie en een heel bijzondere magie die je alleen kunt ontdekken als je <em><strong>slow travel<\/strong><\/em> beleeft. 100% aanbevolen!<\/p>\n<figure id=\"attachment_12818\" aria-describedby=\"caption-attachment-12818\" style=\"width: 1200px\" class=\"wp-caption alignnone\"><img loading=\"lazy\" decoding=\"async\" class=\"size-full wp-image-12818\" src=\"https:\/\/www.malagacar.com\/sp\/blog\/wp-content\/uploads\/2022\/11\/Trevelez-Lisa-Michelle-Ward.jpg\" alt=\"Trev\u00e9lez\" width=\"1200\" height=\"900\" \/><figcaption id=\"caption-attachment-12818\" class=\"wp-caption-text\">Ein<a href=\"https:\/\/www.malagacar.com\/nl\/\" data-wpel-link=\"exclude\"><strong> MalagaCar<\/strong><\/a> in Tr\u00e9velez. Foto mit freundlicher Genehmigung unserer Kundin<\/figcaption><\/figure>\n","protected":false},"excerpt":{"rendered":"<p>Egal, welchen Weg Sie w\u00e4hlen, mit dem Zug oder dem Auto und aus jeder Richtung: Wenn Sie sich Granada n\u00e4hern, sehen Sie schon von weitem die majest\u00e4tische Sierra Nevada, gekr\u00f6nt von den h\u00f6chsten Gipfeln der Halbinsel, die alte maurische Festungsstadt, deren Zauber noch immer in ihren Stra\u00dfen, Pl\u00e4tzen und Denkm\u00e4lern zu sp\u00fcren ist. Wahrscheinlich ist [&hellip;]<\/p>\n","protected":false},"author":1,"featured_media":4774,"comment_status":"open","ping_status":"closed","sticky":false,"template":"","format":"standard","meta":{"footnotes":""},"categories":[344],"tags":[],"class_list":["post-4772","post","type-post","status-publish","format-standard","has-post-thumbnail","hentry","category-tips"],"yoast_head":"<!-- This site is optimized with the Yoast SEO plugin v28.4 - https:\/\/yoast.com\/product\/yoast-seo-wordpress\/ -->\n<title>Granada, de betoverende stad, vanuit M\u00e1laga - MalagaCar.com Blog<\/title>\n<meta name=\"description\" content=\"Ervaar de charme van Granada: een rijk cultureel erfgoed, Moorse invloeden, sfeervolle wijken, tapasbars en bruisend straatleven.\" \/>\n<meta name=\"robots\" content=\"index, follow, max-snippet:-1, max-image-preview:large, max-video-preview:-1\" \/>\n<link rel=\"canonical\" href=\"https:\/\/www.malagacar.com\/nl\/blog\/tips\/granada-vanuit-malaga\/\" \/>\n<meta property=\"og:locale\" content=\"nl_NL\" \/>\n<meta property=\"og:type\" content=\"article\" \/>\n<meta property=\"og:title\" content=\"Granada, de betoverende stad, vanuit M\u00e1laga - MalagaCar.com Blog\" \/>\n<meta property=\"og:description\" content=\"Ervaar de charme van Granada: een rijk cultureel erfgoed, Moorse invloeden, sfeervolle wijken, tapasbars en bruisend straatleven.\" \/>\n<meta property=\"og:url\" content=\"https:\/\/www.malagacar.com\/nl\/blog\/tips\/granada-vanuit-malaga\/\" \/>\n<meta property=\"og:site_name\" content=\"MalagaCar.com Blog\" \/>\n<meta property=\"article:publisher\" content=\"https:\/\/www.facebook.com\/malagacar\" \/>\n<meta property=\"article:published_time\" content=\"2022-12-19T12:09:59+00:00\" \/>\n<meta property=\"article:modified_time\" content=\"2024-05-21T10:11:46+00:00\" \/>\n<meta property=\"og:image\" content=\"https:\/\/www.malagacar.com\/nl\/blog\/wp-content\/uploads\/2023\/10\/granada-malagacar.jpg\" \/>\n\t<meta property=\"og:image:width\" content=\"1200\" \/>\n\t<meta property=\"og:image:height\" content=\"741\" \/>\n\t<meta property=\"og:image:type\" content=\"image\/jpeg\" \/>\n<meta name=\"author\" content=\"MalagaCar.com\" \/>\n<meta name=\"twitter:label1\" content=\"Geschreven door\" \/>\n\t<meta name=\"twitter:data1\" content=\"MalagaCar.com\" \/>\n\t<meta name=\"twitter:label2\" content=\"Geschatte leestijd\" \/>\n\t<meta name=\"twitter:data2\" content=\"15 minuten\" \/>\n<script type=\"application\/ld+json\" class=\"yoast-schema-graph\">{\"@context\":\"https:\\\/\\\/schema.org\",\"@graph\":[{\"@type\":\"Article\",\"@id\":\"https:\\\/\\\/www.malagacar.com\\\/nl\\\/blog\\\/tips\\\/granada-vanuit-malaga\\\/#article\",\"isPartOf\":{\"@id\":\"https:\\\/\\\/www.malagacar.com\\\/nl\\\/blog\\\/tips\\\/granada-vanuit-malaga\\\/\"},\"author\":{\"name\":\"MalagaCar.com\",\"@id\":\"https:\\\/\\\/www.malagacar.com\\\/nl\\\/blog\\\/#\\\/schema\\\/person\\\/fbc37b93c0f5bbdaa54a0a4fc59d8b8c\"},\"headline\":\"Granada, de betoverende stad, vanuit M\u00e1laga\",\"datePublished\":\"2022-12-19T12:09:59+00:00\",\"dateModified\":\"2024-05-21T10:11:46+00:00\",\"mainEntityOfPage\":{\"@id\":\"https:\\\/\\\/www.malagacar.com\\\/nl\\\/blog\\\/tips\\\/granada-vanuit-malaga\\\/\"},\"wordCount\":2271,\"commentCount\":0,\"publisher\":{\"@id\":\"https:\\\/\\\/www.malagacar.com\\\/nl\\\/blog\\\/#organization\"},\"image\":{\"@id\":\"https:\\\/\\\/www.malagacar.com\\\/nl\\\/blog\\\/tips\\\/granada-vanuit-malaga\\\/#primaryimage\"},\"thumbnailUrl\":\"https:\\\/\\\/www.malagacar.com\\\/nl\\\/blog\\\/wp-content\\\/uploads\\\/2023\\\/10\\\/granada-malagacar.jpg\",\"articleSection\":[\"Tips\"],\"inLanguage\":\"nl-NL\",\"potentialAction\":[{\"@type\":\"CommentAction\",\"name\":\"Comment\",\"target\":[\"https:\\\/\\\/www.malagacar.com\\\/nl\\\/blog\\\/tips\\\/granada-vanuit-malaga\\\/#respond\"]}]},{\"@type\":\"WebPage\",\"@id\":\"https:\\\/\\\/www.malagacar.com\\\/nl\\\/blog\\\/tips\\\/granada-vanuit-malaga\\\/\",\"url\":\"https:\\\/\\\/www.malagacar.com\\\/nl\\\/blog\\\/tips\\\/granada-vanuit-malaga\\\/\",\"name\":\"Granada, de betoverende stad, vanuit M\u00e1laga - MalagaCar.com Blog\",\"isPartOf\":{\"@id\":\"https:\\\/\\\/www.malagacar.com\\\/nl\\\/blog\\\/#website\"},\"primaryImageOfPage\":{\"@id\":\"https:\\\/\\\/www.malagacar.com\\\/nl\\\/blog\\\/tips\\\/granada-vanuit-malaga\\\/#primaryimage\"},\"image\":{\"@id\":\"https:\\\/\\\/www.malagacar.com\\\/nl\\\/blog\\\/tips\\\/granada-vanuit-malaga\\\/#primaryimage\"},\"thumbnailUrl\":\"https:\\\/\\\/www.malagacar.com\\\/nl\\\/blog\\\/wp-content\\\/uploads\\\/2023\\\/10\\\/granada-malagacar.jpg\",\"datePublished\":\"2022-12-19T12:09:59+00:00\",\"dateModified\":\"2024-05-21T10:11:46+00:00\",\"description\":\"Ervaar de charme van Granada: een rijk cultureel erfgoed, Moorse invloeden, sfeervolle wijken, tapasbars en bruisend straatleven.\",\"breadcrumb\":{\"@id\":\"https:\\\/\\\/www.malagacar.com\\\/nl\\\/blog\\\/tips\\\/granada-vanuit-malaga\\\/#breadcrumb\"},\"inLanguage\":\"nl-NL\",\"potentialAction\":[{\"@type\":\"ReadAction\",\"target\":[\"https:\\\/\\\/www.malagacar.com\\\/nl\\\/blog\\\/tips\\\/granada-vanuit-malaga\\\/\"]}]},{\"@type\":\"ImageObject\",\"inLanguage\":\"nl-NL\",\"@id\":\"https:\\\/\\\/www.malagacar.com\\\/nl\\\/blog\\\/tips\\\/granada-vanuit-malaga\\\/#primaryimage\",\"url\":\"https:\\\/\\\/www.malagacar.com\\\/nl\\\/blog\\\/wp-content\\\/uploads\\\/2023\\\/10\\\/granada-malagacar.jpg\",\"contentUrl\":\"https:\\\/\\\/www.malagacar.com\\\/nl\\\/blog\\\/wp-content\\\/uploads\\\/2023\\\/10\\\/granada-malagacar.jpg\",\"width\":1200,\"height\":741,\"caption\":\"Granada vanuit Malaga\"},{\"@type\":\"BreadcrumbList\",\"@id\":\"https:\\\/\\\/www.malagacar.com\\\/nl\\\/blog\\\/tips\\\/granada-vanuit-malaga\\\/#breadcrumb\",\"itemListElement\":[{\"@type\":\"ListItem\",\"position\":1,\"name\":\"Home\",\"item\":\"https:\\\/\\\/www.malagacar.com\\\/nl\\\/blog\\\/\"},{\"@type\":\"ListItem\",\"position\":2,\"name\":\"Granada, de betoverende stad, vanuit M\u00e1laga\"}]},{\"@type\":\"WebSite\",\"@id\":\"https:\\\/\\\/www.malagacar.com\\\/nl\\\/blog\\\/#website\",\"url\":\"https:\\\/\\\/www.malagacar.com\\\/nl\\\/blog\\\/\",\"name\":\"MalagaCar.com Blog\",\"description\":\"Nieuws en feiten over auto huren op de luchthaven van Malaga.\",\"publisher\":{\"@id\":\"https:\\\/\\\/www.malagacar.com\\\/nl\\\/blog\\\/#organization\"},\"potentialAction\":[{\"@type\":\"SearchAction\",\"target\":{\"@type\":\"EntryPoint\",\"urlTemplate\":\"https:\\\/\\\/www.malagacar.com\\\/nl\\\/blog\\\/?s={search_term_string}\"},\"query-input\":{\"@type\":\"PropertyValueSpecification\",\"valueRequired\":true,\"valueName\":\"search_term_string\"}}],\"inLanguage\":\"nl-NL\"},{\"@type\":\"Organization\",\"@id\":\"https:\\\/\\\/www.malagacar.com\\\/nl\\\/blog\\\/#organization\",\"name\":\"MalagaCar.com\",\"url\":\"https:\\\/\\\/www.malagacar.com\\\/nl\\\/blog\\\/\",\"logo\":{\"@type\":\"ImageObject\",\"inLanguage\":\"nl-NL\",\"@id\":\"https:\\\/\\\/www.malagacar.com\\\/nl\\\/blog\\\/#\\\/schema\\\/logo\\\/image\\\/\",\"url\":\"https:\\\/\\\/www.malagacar.com\\\/nl\\\/blog\\\/wp-content\\\/uploads\\\/2021\\\/06\\\/logo-malagacar-social.png\",\"contentUrl\":\"https:\\\/\\\/www.malagacar.com\\\/nl\\\/blog\\\/wp-content\\\/uploads\\\/2021\\\/06\\\/logo-malagacar-social.png\",\"width\":900,\"height\":900,\"caption\":\"MalagaCar.com\"},\"image\":{\"@id\":\"https:\\\/\\\/www.malagacar.com\\\/nl\\\/blog\\\/#\\\/schema\\\/logo\\\/image\\\/\"},\"sameAs\":[\"https:\\\/\\\/www.facebook.com\\\/malagacar\",\"https:\\\/\\\/x.com\\\/malagacarcom\",\"https:\\\/\\\/www.instagram.com\\\/malagacar\\\/\",\"https:\\\/\\\/www.linkedin.com\\\/company\\\/malagacar.com\",\"https:\\\/\\\/www.youtube.com\\\/c\\\/MalagacarAirport\"]},{\"@type\":\"Person\",\"@id\":\"https:\\\/\\\/www.malagacar.com\\\/nl\\\/blog\\\/#\\\/schema\\\/person\\\/fbc37b93c0f5bbdaa54a0a4fc59d8b8c\",\"name\":\"MalagaCar.com\",\"image\":{\"@type\":\"ImageObject\",\"inLanguage\":\"nl-NL\",\"@id\":\"https:\\\/\\\/secure.gravatar.com\\\/avatar\\\/296ebc31026e7be05868369e4c596b3239b1582b2fcf8a45de57333e2e82bb82?s=96&d=mm&r=g\",\"url\":\"https:\\\/\\\/secure.gravatar.com\\\/avatar\\\/296ebc31026e7be05868369e4c596b3239b1582b2fcf8a45de57333e2e82bb82?s=96&d=mm&r=g\",\"contentUrl\":\"https:\\\/\\\/secure.gravatar.com\\\/avatar\\\/296ebc31026e7be05868369e4c596b3239b1582b2fcf8a45de57333e2e82bb82?s=96&d=mm&r=g\",\"caption\":\"MalagaCar.com\"},\"sameAs\":[\"https:\\\/\\\/www.malagacar.com\\\/nl\\\/\"]}]}<\/script>\n<!-- \/ Yoast SEO plugin. -->","yoast_head_json":{"title":"Granada, de betoverende stad, vanuit M\u00e1laga - MalagaCar.com Blog","description":"Ervaar de charme van Granada: een rijk cultureel erfgoed, Moorse invloeden, sfeervolle wijken, tapasbars en bruisend straatleven.","robots":{"index":"index","follow":"follow","max-snippet":"max-snippet:-1","max-image-preview":"max-image-preview:large","max-video-preview":"max-video-preview:-1"},"canonical":"https:\/\/www.malagacar.com\/nl\/blog\/tips\/granada-vanuit-malaga\/","og_locale":"nl_NL","og_type":"article","og_title":"Granada, de betoverende stad, vanuit M\u00e1laga - MalagaCar.com Blog","og_description":"Ervaar de charme van Granada: een rijk cultureel erfgoed, Moorse invloeden, sfeervolle wijken, tapasbars en bruisend straatleven.","og_url":"https:\/\/www.malagacar.com\/nl\/blog\/tips\/granada-vanuit-malaga\/","og_site_name":"MalagaCar.com Blog","article_publisher":"https:\/\/www.facebook.com\/malagacar","article_published_time":"2022-12-19T12:09:59+00:00","article_modified_time":"2024-05-21T10:11:46+00:00","og_image":[{"width":1200,"height":741,"url":"https:\/\/www.malagacar.com\/nl\/blog\/wp-content\/uploads\/2023\/10\/granada-malagacar.jpg","type":"image\/jpeg"}],"author":"MalagaCar.com","twitter_misc":{"Geschreven door":"MalagaCar.com","Geschatte leestijd":"15 minuten"},"schema":{"@context":"https:\/\/schema.org","@graph":[{"@type":"Article","@id":"https:\/\/www.malagacar.com\/nl\/blog\/tips\/granada-vanuit-malaga\/#article","isPartOf":{"@id":"https:\/\/www.malagacar.com\/nl\/blog\/tips\/granada-vanuit-malaga\/"},"author":{"name":"MalagaCar.com","@id":"https:\/\/www.malagacar.com\/nl\/blog\/#\/schema\/person\/fbc37b93c0f5bbdaa54a0a4fc59d8b8c"},"headline":"Granada, de betoverende stad, vanuit M\u00e1laga","datePublished":"2022-12-19T12:09:59+00:00","dateModified":"2024-05-21T10:11:46+00:00","mainEntityOfPage":{"@id":"https:\/\/www.malagacar.com\/nl\/blog\/tips\/granada-vanuit-malaga\/"},"wordCount":2271,"commentCount":0,"publisher":{"@id":"https:\/\/www.malagacar.com\/nl\/blog\/#organization"},"image":{"@id":"https:\/\/www.malagacar.com\/nl\/blog\/tips\/granada-vanuit-malaga\/#primaryimage"},"thumbnailUrl":"https:\/\/www.malagacar.com\/nl\/blog\/wp-content\/uploads\/2023\/10\/granada-malagacar.jpg","articleSection":["Tips"],"inLanguage":"nl-NL","potentialAction":[{"@type":"CommentAction","name":"Comment","target":["https:\/\/www.malagacar.com\/nl\/blog\/tips\/granada-vanuit-malaga\/#respond"]}]},{"@type":"WebPage","@id":"https:\/\/www.malagacar.com\/nl\/blog\/tips\/granada-vanuit-malaga\/","url":"https:\/\/www.malagacar.com\/nl\/blog\/tips\/granada-vanuit-malaga\/","name":"Granada, de betoverende stad, vanuit M\u00e1laga - MalagaCar.com Blog","isPartOf":{"@id":"https:\/\/www.malagacar.com\/nl\/blog\/#website"},"primaryImageOfPage":{"@id":"https:\/\/www.malagacar.com\/nl\/blog\/tips\/granada-vanuit-malaga\/#primaryimage"},"image":{"@id":"https:\/\/www.malagacar.com\/nl\/blog\/tips\/granada-vanuit-malaga\/#primaryimage"},"thumbnailUrl":"https:\/\/www.malagacar.com\/nl\/blog\/wp-content\/uploads\/2023\/10\/granada-malagacar.jpg","datePublished":"2022-12-19T12:09:59+00:00","dateModified":"2024-05-21T10:11:46+00:00","description":"Ervaar de charme van Granada: een rijk cultureel erfgoed, Moorse invloeden, sfeervolle wijken, tapasbars en bruisend straatleven.","breadcrumb":{"@id":"https:\/\/www.malagacar.com\/nl\/blog\/tips\/granada-vanuit-malaga\/#breadcrumb"},"inLanguage":"nl-NL","potentialAction":[{"@type":"ReadAction","target":["https:\/\/www.malagacar.com\/nl\/blog\/tips\/granada-vanuit-malaga\/"]}]},{"@type":"ImageObject","inLanguage":"nl-NL","@id":"https:\/\/www.malagacar.com\/nl\/blog\/tips\/granada-vanuit-malaga\/#primaryimage","url":"https:\/\/www.malagacar.com\/nl\/blog\/wp-content\/uploads\/2023\/10\/granada-malagacar.jpg","contentUrl":"https:\/\/www.malagacar.com\/nl\/blog\/wp-content\/uploads\/2023\/10\/granada-malagacar.jpg","width":1200,"height":741,"caption":"Granada vanuit Malaga"},{"@type":"BreadcrumbList","@id":"https:\/\/www.malagacar.com\/nl\/blog\/tips\/granada-vanuit-malaga\/#breadcrumb","itemListElement":[{"@type":"ListItem","position":1,"name":"Home","item":"https:\/\/www.malagacar.com\/nl\/blog\/"},{"@type":"ListItem","position":2,"name":"Granada, de betoverende stad, vanuit M\u00e1laga"}]},{"@type":"WebSite","@id":"https:\/\/www.malagacar.com\/nl\/blog\/#website","url":"https:\/\/www.malagacar.com\/nl\/blog\/","name":"MalagaCar.com Blog","description":"Nieuws en feiten over auto huren op de luchthaven van Malaga.","publisher":{"@id":"https:\/\/www.malagacar.com\/nl\/blog\/#organization"},"potentialAction":[{"@type":"SearchAction","target":{"@type":"EntryPoint","urlTemplate":"https:\/\/www.malagacar.com\/nl\/blog\/?s={search_term_string}"},"query-input":{"@type":"PropertyValueSpecification","valueRequired":true,"valueName":"search_term_string"}}],"inLanguage":"nl-NL"},{"@type":"Organization","@id":"https:\/\/www.malagacar.com\/nl\/blog\/#organization","name":"MalagaCar.com","url":"https:\/\/www.malagacar.com\/nl\/blog\/","logo":{"@type":"ImageObject","inLanguage":"nl-NL","@id":"https:\/\/www.malagacar.com\/nl\/blog\/#\/schema\/logo\/image\/","url":"https:\/\/www.malagacar.com\/nl\/blog\/wp-content\/uploads\/2021\/06\/logo-malagacar-social.png","contentUrl":"https:\/\/www.malagacar.com\/nl\/blog\/wp-content\/uploads\/2021\/06\/logo-malagacar-social.png","width":900,"height":900,"caption":"MalagaCar.com"},"image":{"@id":"https:\/\/www.malagacar.com\/nl\/blog\/#\/schema\/logo\/image\/"},"sameAs":["https:\/\/www.facebook.com\/malagacar","https:\/\/x.com\/malagacarcom","https:\/\/www.instagram.com\/malagacar\/","https:\/\/www.linkedin.com\/company\/malagacar.com","https:\/\/www.youtube.com\/c\/MalagacarAirport"]},{"@type":"Person","@id":"https:\/\/www.malagacar.com\/nl\/blog\/#\/schema\/person\/fbc37b93c0f5bbdaa54a0a4fc59d8b8c","name":"MalagaCar.com","image":{"@type":"ImageObject","inLanguage":"nl-NL","@id":"https:\/\/secure.gravatar.com\/avatar\/296ebc31026e7be05868369e4c596b3239b1582b2fcf8a45de57333e2e82bb82?s=96&d=mm&r=g","url":"https:\/\/secure.gravatar.com\/avatar\/296ebc31026e7be05868369e4c596b3239b1582b2fcf8a45de57333e2e82bb82?s=96&d=mm&r=g","contentUrl":"https:\/\/secure.gravatar.com\/avatar\/296ebc31026e7be05868369e4c596b3239b1582b2fcf8a45de57333e2e82bb82?s=96&d=mm&r=g","caption":"MalagaCar.com"},"sameAs":["https:\/\/www.malagacar.com\/nl\/"]}]}},"_links":{"self":[{"href":"https:\/\/www.malagacar.com\/nl\/blog\/wp-json\/wp\/v2\/posts\/4772","targetHints":{"allow":["GET"]}}],"collection":[{"href":"https:\/\/www.malagacar.com\/nl\/blog\/wp-json\/wp\/v2\/posts"}],"about":[{"href":"https:\/\/www.malagacar.com\/nl\/blog\/wp-json\/wp\/v2\/types\/post"}],"author":[{"embeddable":true,"href":"https:\/\/www.malagacar.com\/nl\/blog\/wp-json\/wp\/v2\/users\/1"}],"replies":[{"embeddable":true,"href":"https:\/\/www.malagacar.com\/nl\/blog\/wp-json\/wp\/v2\/comments?post=4772"}],"version-history":[{"count":4,"href":"https:\/\/www.malagacar.com\/nl\/blog\/wp-json\/wp\/v2\/posts\/4772\/revisions"}],"predecessor-version":[{"id":5318,"href":"https:\/\/www.malagacar.com\/nl\/blog\/wp-json\/wp\/v2\/posts\/4772\/revisions\/5318"}],"wp:featuredmedia":[{"embeddable":true,"href":"https:\/\/www.malagacar.com\/nl\/blog\/wp-json\/wp\/v2\/media\/4774"}],"wp:attachment":[{"href":"https:\/\/www.malagacar.com\/nl\/blog\/wp-json\/wp\/v2\/media?parent=4772"}],"wp:term":[{"taxonomy":"category","embeddable":true,"href":"https:\/\/www.malagacar.com\/nl\/blog\/wp-json\/wp\/v2\/categories?post=4772"},{"taxonomy":"post_tag","embeddable":true,"href":"https:\/\/www.malagacar.com\/nl\/blog\/wp-json\/wp\/v2\/tags?post=4772"}],"curies":[{"name":"wp","href":"https:\/\/api.w.org\/{rel}","templated":true}]}}